{"response":"success","utilisateur":"LES CHIFFRES CLE - INDICATEURS - JSON","horodatage":"Donn\u00e9es WebLex.fr Sun, 26 Apr 2026 13:49:00 +0200","datas":{"chiffres":[{"url":"\/chiffres-cles\/indice-des-prix-des-logements-neufs-et-anciens-annee-2025","id":28092,"title":"Indice des prix des logements neufs et anciens - Ann\u00e9e 2025","content":"\u003Cdiv\u003E                                              \u003Ctable class=\u0022MsoTableGrid\u0022\u003E\u003Ctbody\u003E\u003Ctr\u003E\u003Ctd\u003E\u003Cp align=\u0022center\u0022\u003E\u003Cstrong\u003EP\u00e9riode\u003C\/strong\u003E\u003C\/p\u003E\u003C\/td\u003E\u003Ctd\u003E\u003Cp align=\u0022center\u0022\u003E\u003Cstrong\u003EIndice\u003C\/strong\u003E\u003C\/p\u003E\u003C\/td\u003E\u003Ctd\u003E\u003Cp align=\u0022center\u0022\u003E\u003Cstrong\u003EVariation trimestrielle\u003C\/strong\u003E\u003C\/p\u003E\u003C\/td\u003E\u003Ctd\u003E\u003Cp align=\u0022center\u0022\u003E\u003Cstrong\u003EVariation sur 1 an\u003C\/strong\u003E\u003C\/p\u003E\u003C\/td\u003E\u003C\/tr\u003E\u003Ctr\u003E\u003Ctd valign=\u0022top\u0022\u003E\u003Cp\u003E1er trimestre 2025\u003C\/p\u003E\u003C\/td\u003E\u003Ctd valign=\u0022top\u0022\u003E\u003Cp align=\u0022center\u0022\u003E127,7\u003C\/p\u003E\u003C\/td\u003E\u003Ctd valign=\u0022top\u0022\u003E\u003Cp align=\u0022center\u0022\u003E+ 1,0 %\u003C\/p\u003E\u003C\/td\u003E\u003Ctd valign=\u0022top\u0022\u003E\u003Cp align=\u0022center\u0022\u003E+ 0,6 %\u003C\/p\u003E\u003C\/td\u003E\u003C\/tr\u003E\u003Ctr\u003E\u003Ctd valign=\u0022top\u0022\u003E\u003Cp\u003E2e trimestre 2025\u003C\/p\u003E\u003C\/td\u003E\u003Ctd valign=\u0022top\u0022\u003E\u003Cp align=\u0022center\u0022\u003E127,1\u003C\/p\u003E\u003C\/td\u003E\u003Ctd valign=\u0022top\u0022\u003E\u003Cp align=\u0022center\u0022\u003E- 0,5 %\u003C\/p\u003E\u003C\/td\u003E\u003Ctd valign=\u0022top\u0022\u003E\u003Cp align=\u0022center\u0022\u003E+ 0,5 %\u003C\/p\u003E\u003C\/td\u003E\u003C\/tr\u003E\u003Ctr\u003E\u003Ctd valign=\u0022top\u0022\u003E\u003Cp\u003E3e trimestre 2025\u003C\/p\u003E\u003C\/td\u003E\u003Ctd valign=\u0022top\u0022\u003E\u003Cp align=\u0022center\u0022\u003E127,2\u003C\/p\u003E\u003C\/td\u003E\u003Ctd valign=\u0022top\u0022\u003E\u003Cp align=\u0022center\u0022\u003E- 0,1 %\u003C\/p\u003E\u003C\/td\u003E\u003Ctd valign=\u0022top\u0022\u003E\u003Cp align=\u0022center\u0022\u003E+ 0,7 %\u003C\/p\u003E\u003C\/td\u003E\u003C\/tr\u003E\u003Ctr\u003E\u003Ctd valign=\u0022top\u0022\u003E\u003Cp\u003E4e trimestre 2025\u003C\/p\u003E\u003C\/td\u003E\u003Ctd valign=\u0022top\u0022\u003E\u003Cp align=\u0022center\u0022\u003E127,5\u003C\/p\u003E\u003C\/td\u003E\u003Ctd valign=\u0022top\u0022\u003E\u003Cp align=\u0022center\u0022\u003E+ 0,4 %\u003C\/p\u003E\u003C\/td\u003E\u003Ctd valign=\u0022top\u0022\u003E\u003Cp align=\u0022center\u0022\u003E+ 1,0 %\u003C\/p\u003E\u003C\/td\u003E\u003C\/tr\u003E\u003C\/tbody\u003E\u003C\/table\u003E\u003Cp class=\u0022MsoNormal\u0022\u003EBase 100 : en 2015\u003C\/p\u003E                                            \u003Cp\u003E\u003Cbr \/\u003E\u003Cstrong\u003ESource :\u003C\/strong\u003E\u003Cstrong\u003E\u00a0\u003C\/strong\u003E\u003C\/p\u003E\u003Cul\u003E\u003Cli\u003E\u003Ca href=\u0022https:\/\/www.insee.fr\/fr\/statistiques\/8893189\u0022 target=\u0022_blank\u0022\u003EIndice des prix des logements neufs et anciens \u2013 4e trimestre 2025\u003C\/a\u003E\u003C\/li\u003E\u003C\/ul\u003E\u003C\/div\u003E","annee":"2025","theme":" Indices, taux, bar\u00e8mes juridiques","activites":["Agent immobilier","Professionnels du droit et du chiffre","Promoteur \/ Lotisseur \/ Architecte \/ G\u00e9om\u00e8tre"],"image":"https:\/\/www.weblex.fr\/themes\/custom\/weblex\/images\/cc-default.jpg","created":"2026-04-02","modified":"2026-04-02"},{"url":"\/chiffres-cles\/indice-des-loyers-commerciaux-annee-2025","id":26594,"title":"Indice des loyers commerciaux - Ann\u00e9e 2025","content":"\u003Cdiv\u003E                                              \u003Cp\u003EL\u2019indice trimestriel des loyers commerciaux (ILC) est constitu\u00e9 de la somme pond\u00e9r\u00e9e d\u2019indices repr\u00e9sentatifs de l\u2019\u00e9volution des prix \u00e0 la consommation, de celle des prix de la construction neuve et de celle du chiffre d\u2019affaires du commerce de d\u00e9tail.\u003C\/p\u003E\u003Cp\u003E\u0026nbsp;\u003C\/p\u003E\u003Ctable class=\u0022MsoTableGrid\u0022 width=\u0022611\u0022\u003E\u003Ctbody\u003E\u003Ctr\u003E\u003Ctd valign=\u0022top\u0022\u003E\u003Cp align=\u0022center\u0022\u003E\u003Cstrong\u003EP\u00e9riode\u003C\/strong\u003E\u003C\/p\u003E\u003C\/td\u003E\u003Ctd valign=\u0022top\u0022\u003E\u003Cp align=\u0022center\u0022\u003E\u003Cstrong\u003EIndice\u003C\/strong\u003E\u003C\/p\u003E\u003C\/td\u003E\u003Ctd valign=\u0022top\u0022\u003E\u003Cp align=\u0022center\u0022\u003E\u003Cstrong\u003EVariation sur 1 an\u003C\/strong\u003E\u003C\/p\u003E\u003C\/td\u003E\u003C\/tr\u003E\u003Ctr\u003E\u003Ctd valign=\u0022top\u0022\u003E\u003Cp\u003E1er trimestre 2025\u003C\/p\u003E\u003C\/td\u003E\u003Ctd valign=\u0022top\u0022\u003E\u003Cp align=\u0022center\u0022\u003E135,87\u003C\/p\u003E\u003C\/td\u003E\u003Ctd valign=\u0022top\u0022\u003E\u003Cp align=\u0022center\u0022\u003E+ 0,96 %\u003C\/p\u003E\u003C\/td\u003E\u003C\/tr\u003E\u003Ctr\u003E\u003Ctd valign=\u0022top\u0022\u003E\u003Cp\u003E2e trimestre 2025\u003C\/p\u003E\u003C\/td\u003E\u003Ctd valign=\u0022top\u0022\u003E\u003Cp align=\u0022center\u0022\u003E136,81\u003C\/p\u003E\u003C\/td\u003E\u003Ctd valign=\u0022top\u0022\u003E\u003Cp align=\u0022center\u0022\u003E+ 0,07 %\u003C\/p\u003E\u003C\/td\u003E\u003C\/tr\u003E\u003Ctr\u003E\u003Ctd valign=\u0022top\u0022\u003E\u003Cp\u003E3e trimestre 2025\u003C\/p\u003E\u003C\/td\u003E\u003Ctd valign=\u0022top\u0022\u003E\u003Cp align=\u0022center\u0022\u003E137,09\u003C\/p\u003E\u003C\/td\u003E\u003Ctd valign=\u0022top\u0022\u003E\u003Cp align=\u0022center\u0022\u003E- 0,45 %\u003C\/p\u003E\u003C\/td\u003E\u003C\/tr\u003E\u003Ctr\u003E\u003Ctd valign=\u0022top\u0022\u003E\u003Cp\u003E4e trimestre 2025\u003C\/p\u003E\u003C\/td\u003E\u003Ctd valign=\u0022top\u0022\u003E\u003Cp align=\u0022center\u0022\u003E134,62\u003C\/p\u003E\u003C\/td\u003E\u003Ctd valign=\u0022top\u0022\u003E\u003Cp align=\u0022center\u0022\u003E- 0,50 %\u003C\/p\u003E\u003C\/td\u003E\u003C\/tr\u003E\u003C\/tbody\u003E\u003C\/table\u003E\u003Cp\u003E\u0026nbsp;\u003C\/p\u003E                                            \u003Cp\u003E\u003Cbr \/\u003E\u003Cstrong\u003ESource :\u003C\/strong\u003E\u003Cstrong\u003E\u00a0\u003C\/strong\u003E\u003C\/p\u003E\u003Cul\u003E\u003Cli\u003E\u003Ca href=\u0022https:\/\/www.insee.fr\/fr\/statistiques\/8906584\u0022 target=\u0022_blank\u0022\u003EIndice des loyers commerciaux (ILC) \u2013 4e trimestre 2025\u003C\/a\u003E\u003C\/li\u003E\u003C\/ul\u003E\u003C\/div\u003E","annee":"2025","theme":" Indices, taux, bar\u00e8mes juridiques","activites":["Agent immobilier","Automobile","Commer\u00e7ant","Distributeur \/ Grossiste","Caf\u00e9 \/ H\u00f4tel \/ Restaurant","Industrie","Prestataire de services","Professionnels du droit et du chiffre","Promoteur \/ Lotisseur \/ Architecte \/ G\u00e9om\u00e8tre","Transport"],"image":"https:\/\/www.weblex.fr\/sites\/default\/files\/chiffres_clef\/Shutterstock_ilcloyersilc.jpg","created":"2026-03-26","modified":"2026-03-26"},{"url":"\/chiffres-cles\/indice-des-loyers-des-activites-tertiaires-annee-2025","id":26528,"title":"Indice des loyers des activit\u00e9s tertiaires - Ann\u00e9e 2025","content":"\u003Cdiv\u003E                                              \u003Cp\u003EL\u2019indice des loyers des activit\u00e9s tertiaires (ILAT) est constitu\u00e9 de la somme pond\u00e9r\u00e9e d\u2019indices repr\u00e9sentatifs du niveau des prix \u00e0 la consommation, de celui des prix de la construction neuve et de celui du produit int\u00e9rieur brut en valeur.\u003C\/p\u003E\u003Ctable class=\u0022MsoTableGrid\u0022\u003E\u003Ctbody\u003E\u003Ctr\u003E\u003Ctd valign=\u0022top\u0022\u003E\u003Cp align=\u0022center\u0022\u003E\u003Cstrong\u003EP\u00e9riode\u003C\/strong\u003E\u003C\/p\u003E\u003C\/td\u003E\u003Ctd valign=\u0022top\u0022\u003E\u003Cp align=\u0022center\u0022\u003E\u003Cstrong\u003EIndice\u003C\/strong\u003E\u003C\/p\u003E\u003C\/td\u003E\u003Ctd valign=\u0022top\u0022\u003E\u003Cp align=\u0022center\u0022\u003E\u003Cstrong\u003EVariation sur 1 an\u003C\/strong\u003E\u003C\/p\u003E\u003C\/td\u003E\u003C\/tr\u003E\u003Ctr\u003E\u003Ctd valign=\u0022top\u0022\u003E\u003Cp\u003E1er trimestre 2025\u003C\/p\u003E\u003C\/td\u003E\u003Ctd valign=\u0022top\u0022\u003E\u003Cp align=\u0022center\u0022\u003E137,29\u003C\/p\u003E\u003C\/td\u003E\u003Ctd valign=\u0022top\u0022\u003E\u003Cp align=\u0022center\u0022\u003E+ 1,60\u003C\/p\u003E\u003C\/td\u003E\u003C\/tr\u003E\u003Ctr\u003E\u003Ctd valign=\u0022top\u0022\u003E\u003Cp\u003E2e trimestre 2025\u003C\/p\u003E\u003C\/td\u003E\u003Ctd valign=\u0022top\u0022\u003E\u003Cp align=\u0022center\u0022\u003E137,15\u003C\/p\u003E\u003C\/td\u003E\u003Ctd valign=\u0022top\u0022\u003E\u003Cp align=\u0022center\u0022\u003E+ 0,51\u003C\/p\u003E\u003C\/td\u003E\u003C\/tr\u003E\u003Ctr\u003E\u003Ctd valign=\u0022top\u0022\u003E\u003Cp\u003E3e trimestre 2025\u003C\/p\u003E\u003C\/td\u003E\u003Ctd valign=\u0022top\u0022\u003E\u003Cp align=\u0022center\u0022\u003E137,07\u003C\/p\u003E\u003C\/td\u003E\u003Ctd valign=\u0022top\u0022\u003E\u003Cp align=\u0022center\u0022\u003E- 0,04\u003C\/p\u003E\u003C\/td\u003E\u003C\/tr\u003E\u003Ctr\u003E\u003Ctd valign=\u0022top\u0022\u003E\u003Cp\u003E4e trimestre 2025\u003C\/p\u003E\u003C\/td\u003E\u003Ctd valign=\u0022top\u0022\u003E\u003Cp align=\u0022center\u0022\u003E137,21\u003C\/p\u003E\u003C\/td\u003E\u003Ctd valign=\u0022top\u0022\u003E\u003Cp align=\u0022center\u0022\u003E- 0,06\u003C\/p\u003E\u003C\/td\u003E\u003C\/tr\u003E\u003C\/tbody\u003E\u003C\/table\u003E                                            \u003Cp\u003E\u003Cbr \/\u003E\u003Cstrong\u003ESource :\u003C\/strong\u003E\u003Cstrong\u003E\u00a0\u003C\/strong\u003E\u003C\/p\u003E\u003Cul\u003E\u003Cli\u003E\u003Ca href=\u0022https:\/\/www.insee.fr\/fr\/statistiques\/8906606\u0022 target=\u0022_blank\u0022\u003EIndice des loyers des activit\u00e9s tertiaires (ILAT) \u2013 4e trimestre 2025\u003C\/a\u003E\u003C\/li\u003E\u003C\/ul\u003E\u003C\/div\u003E","annee":"2025","theme":" Indices, taux, bar\u00e8mes juridiques","activites":["Agent immobilier","Commer\u00e7ant","Professionnels du divertissement","Prestataire de services","Professionnels du droit et du chiffre","Sant\u00e9","Transport"],"image":"https:\/\/www.weblex.fr\/sites\/default\/files\/chiffres_clef\/Shutterstock_servicesindicestrimestres.jpg","created":"2026-03-26","modified":"2026-03-26"},{"url":"\/chiffres-cles\/tarifs-des-notaires-dettes-prets-et-suretes-2025","id":28038,"title":"Tarifs des Notaires \u2013 Dettes, pr\u00eats et s\u00fbret\u00e9s - 2025","content":"\u003Cdiv\u003E                                              \u003Ch3\u003EActes relatifs principalement aux pr\u00eats, dettes et s\u00fbret\u00e9s participant \u00e0 l\u0027activit\u00e9 \u00e9conomique\u003C\/h3\u003E\u003Cp\u003E\u003Cstrong\u003EL\u0027acte de consentement \u00e0 l\u0027ant\u00e9riorit\u00e9\u003C\/strong\u003E donne lieu \u00e0 la perception d\u0027un \u00e9molument proportionnel \u00e0 la somme profitant effectivement de l\u0027ant\u00e9riorit\u00e9, selon le bar\u00e8me suivant :\u003C\/p\u003E\u003Ctable aria-rowcount=\u00225\u0022 border=\u00221\u0022 data-tablelook=\u00221184\u0022 data-tablestyle=\u0022MsoTableGrid\u0022\u003E\u003Ctbody\u003E\u003Ctr aria-rowindex=\u00221\u0022 role=\u0022row\u0022\u003E\u003Ctd data-celllook=\u00220\u0022 role=\u0022rowheader\u0022\u003E\u003Cp paraeid=\u0022{bb8bc300-866c-4703-ac1f-ff3b0c62d1fc}{245}\u0022 paraid=\u0022616853667\u0022\u003ETRANCHES D\u2019ASSIETTE\u0026nbsp;\u003C\/p\u003E\u003C\/td\u003E\u003Ctd data-celllook=\u00220\u0022 role=\u0022columnheader\u0022\u003E\u003Cp paraeid=\u0022{c93819f2-7c69-419e-aaa3-7fceadf4a964}{1}\u0022 paraid=\u0022616853668\u0022\u003ETAUX APPLICABLE\u0026nbsp;\u003C\/p\u003E\u003C\/td\u003E\u003C\/tr\u003E\u003Ctr aria-rowindex=\u00222\u0022 role=\u0022row\u0022\u003E\u003Ctd data-celllook=\u00220\u0022 role=\u0022rowheader\u0022\u003E\u003Cp paraeid=\u0022{c93819f2-7c69-419e-aaa3-7fceadf4a964}{9}\u0022 paraid=\u0022616853670\u0022\u003EDe 0 \u00e0 6\u202f500 \u20ac\u0026nbsp;\u003C\/p\u003E\u003C\/td\u003E\u003Ctd data-celllook=\u00220\u0022\u003E\u003Cp paraeid=\u0022{c93819f2-7c69-419e-aaa3-7fceadf4a964}{16}\u0022 paraid=\u0022616853671\u0022\u003E0,645 %\u0026nbsp;\u003C\/p\u003E\u003C\/td\u003E\u003C\/tr\u003E\u003Ctr aria-rowindex=\u00223\u0022 role=\u0022row\u0022\u003E\u003Ctd data-celllook=\u00220\u0022 role=\u0022rowheader\u0022\u003E\u003Cp paraeid=\u0022{c93819f2-7c69-419e-aaa3-7fceadf4a964}{28}\u0022 paraid=\u0022616853673\u0022\u003EDe 6\u202f500 \u20ac \u00e0 17\u202f000 \u20ac\u0026nbsp;\u003C\/p\u003E\u003C\/td\u003E\u003Ctd data-celllook=\u00220\u0022\u003E\u003Cp paraeid=\u0022{c93819f2-7c69-419e-aaa3-7fceadf4a964}{35}\u0022 paraid=\u0022616853674\u0022\u003E0,266 %\u0026nbsp;\u003C\/p\u003E\u003C\/td\u003E\u003C\/tr\u003E\u003Ctr aria-rowindex=\u00224\u0022 role=\u0022row\u0022\u003E\u003Ctd data-celllook=\u00220\u0022 role=\u0022rowheader\u0022\u003E\u003Cp paraeid=\u0022{c93819f2-7c69-419e-aaa3-7fceadf4a964}{47}\u0022 paraid=\u0022616853676\u0022\u003EDe 17\u202f000 \u20ac \u00e0 60\u202f000 \u20ac\u0026nbsp;\u003C\/p\u003E\u003C\/td\u003E\u003Ctd data-celllook=\u00220\u0022\u003E\u003Cp paraeid=\u0022{c93819f2-7c69-419e-aaa3-7fceadf4a964}{56}\u0022 paraid=\u0022616853677\u0022\u003E0,177 %\u0026nbsp;\u003C\/p\u003E\u003C\/td\u003E\u003C\/tr\u003E\u003Ctr aria-rowindex=\u00225\u0022 role=\u0022row\u0022\u003E\u003Ctd data-celllook=\u00220\u0022 role=\u0022rowheader\u0022\u003E\u003Cp paraeid=\u0022{c93819f2-7c69-419e-aaa3-7fceadf4a964}{68}\u0022 paraid=\u0022616853679\u0022\u003EPlus de 60\u202f000 \u20ac\u0026nbsp;\u003C\/p\u003E\u003C\/td\u003E\u003Ctd data-celllook=\u00220\u0022\u003E\u003Cp paraeid=\u0022{c93819f2-7c69-419e-aaa3-7fceadf4a964}{77}\u0022 paraid=\u0022616853680\u0022\u003E0,133 %\u0026nbsp;\u003C\/p\u003E\u003C\/td\u003E\u003C\/tr\u003E\u003C\/tbody\u003E\u003C\/table\u003E\u003Cp\u003E\u003Cstrong\u003EL\u0027antichr\u00e8se et le cautionnement par acte s\u00e9par\u00e9\u003C\/strong\u003E donnent lieu \u00e0 la perception :\u003C\/p\u003E\u003Cp\u003E1\u00b0 Lorsque l\u0027antichr\u00e8se ou le cautionnement est consenti par un tiers dans l\u0027acte principal : au quart des \u00e9moluments de l\u0027acte principal ;\u003C\/p\u003E\u003Cp\u003E2\u00b0 Lorsqu\u0027il n\u0027y a pas d\u0027acte principal : aux \u00e9moluments qui auraient \u00e9t\u00e9 per\u00e7us sur cet acte ;\u003C\/p\u003E\u003Cp\u003E3\u00b0 Dans les autres cas : \u00e0 la moiti\u00e9 des \u00e9moluments de l\u0027acte principal.\u003C\/p\u003E\u003Cp\u003E\u003Cstrong\u003ELa compensation\u003C\/strong\u003E donne lieu \u00e0 la perception d\u0027un \u00e9molument proportionnel aux sommes compens\u00e9es, selon le bar\u00e8me suivant :\u003C\/p\u003E\u003Ctable aria-rowcount=\u00225\u0022 border=\u00221\u0022 data-tablelook=\u00221184\u0022 data-tablestyle=\u0022MsoTableGrid\u0022\u003E\u003Ctbody\u003E\u003Ctr aria-rowindex=\u00221\u0022 role=\u0022row\u0022\u003E\u003Ctd data-celllook=\u00220\u0022 role=\u0022rowheader\u0022\u003E\u003Cp paraeid=\u0022{bb8bc300-866c-4703-ac1f-ff3b0c62d1fc}{245}\u0022 paraid=\u0022616853667\u0022\u003ETRANCHES D\u2019ASSIETTE\u0026nbsp;\u003C\/p\u003E\u003C\/td\u003E\u003Ctd data-celllook=\u00220\u0022 role=\u0022columnheader\u0022\u003E\u003Cp paraeid=\u0022{c93819f2-7c69-419e-aaa3-7fceadf4a964}{1}\u0022 paraid=\u0022616853668\u0022\u003ETAUX APPLICABLE\u0026nbsp;\u003C\/p\u003E\u003C\/td\u003E\u003C\/tr\u003E\u003Ctr aria-rowindex=\u00222\u0022 role=\u0022row\u0022\u003E\u003Ctd data-celllook=\u00220\u0022 role=\u0022rowheader\u0022\u003E\u003Cp paraeid=\u0022{c93819f2-7c69-419e-aaa3-7fceadf4a964}{9}\u0022 paraid=\u0022616853670\u0022\u003EDe 0 \u00e0 6\u202f500 \u20ac\u0026nbsp;\u003C\/p\u003E\u003C\/td\u003E\u003Ctd data-celllook=\u00220\u0022\u003E\u003Cp paraeid=\u0022{c93819f2-7c69-419e-aaa3-7fceadf4a964}{16}\u0022 paraid=\u0022616853671\u0022\u003E1,935 %\u0026nbsp;\u003C\/p\u003E\u003C\/td\u003E\u003C\/tr\u003E\u003Ctr aria-rowindex=\u00223\u0022 role=\u0022row\u0022\u003E\u003Ctd data-celllook=\u00220\u0022 role=\u0022rowheader\u0022\u003E\u003Cp paraeid=\u0022{c93819f2-7c69-419e-aaa3-7fceadf4a964}{28}\u0022 paraid=\u0022616853673\u0022\u003EDe 6\u202f500 \u20ac \u00e0 17\u202f000 \u20ac\u0026nbsp;\u003C\/p\u003E\u003C\/td\u003E\u003Ctd data-celllook=\u00220\u0022\u003E\u003Cp paraeid=\u0022{c93819f2-7c69-419e-aaa3-7fceadf4a964}{35}\u0022 paraid=\u0022616853674\u0022\u003E1,064 %\u0026nbsp;\u003C\/p\u003E\u003C\/td\u003E\u003C\/tr\u003E\u003Ctr aria-rowindex=\u00224\u0022 role=\u0022row\u0022\u003E\u003Ctd data-celllook=\u00220\u0022 role=\u0022rowheader\u0022\u003E\u003Cp paraeid=\u0022{c93819f2-7c69-419e-aaa3-7fceadf4a964}{47}\u0022 paraid=\u0022616853676\u0022\u003EDe 17\u202f000 \u20ac \u00e0 30\u202f000 \u20ac\u0026nbsp;\u003C\/p\u003E\u003C\/td\u003E\u003Ctd data-celllook=\u00220\u0022\u003E\u003Cp paraeid=\u0022{c93819f2-7c69-419e-aaa3-7fceadf4a964}{56}\u0022 paraid=\u0022616853677\u0022\u003E0,726 %\u0026nbsp;\u003C\/p\u003E\u003C\/td\u003E\u003C\/tr\u003E\u003Ctr aria-rowindex=\u00225\u0022 role=\u0022row\u0022\u003E\u003Ctd data-celllook=\u00220\u0022 role=\u0022rowheader\u0022\u003E\u003Cp paraeid=\u0022{c93819f2-7c69-419e-aaa3-7fceadf4a964}{68}\u0022 paraid=\u0022616853679\u0022\u003EPlus de 30\u202f000 \u20ac\u0026nbsp;\u003C\/p\u003E\u003C\/td\u003E\u003Ctd data-celllook=\u00220\u0022\u003E\u003Cp paraeid=\u0022{c93819f2-7c69-419e-aaa3-7fceadf4a964}{77}\u0022 paraid=\u0022616853680\u0022\u003E0,532 %\u0026nbsp;\u003C\/p\u003E\u003C\/td\u003E\u003C\/tr\u003E\u003C\/tbody\u003E\u003C\/table\u003E\u003Cp\u003E\u003Cstrong\u003ELa vente \u00e0 la soci\u00e9t\u00e9 de cr\u00e9dit-bail dans le cadre d\u0027un cr\u00e9dit-bail ou d\u0027une cession-bail \u003C\/strong\u003Edonne lieu \u00e0 la perception d\u0027un \u00e9molument proportionnel, qui varie selon que la vente \u00e0 la soci\u00e9t\u00e9 de cr\u00e9dit-bail est r\u00e9alis\u00e9e par l\u0027utilisateur ou par un tiers, selon le bar\u00e8me suivant :\u003C\/p\u003E\u003Ctable class=\u0022MsoTableGrid\u0022\u003E\u003Ctbody\u003E\u003Ctr\u003E\u003Ctd valign=\u0022top\u0022\u003E\u003Cp align=\u0022center\u0022\u003ETRANCHES D\u2019ASSIETTE\u0026nbsp;\u003C\/p\u003E\u003C\/td\u003E\u003Ctd valign=\u0022top\u0022\u003E\u003Cp align=\u0022center\u0022\u003ETAUX APPLICABLE EN CAS DE VENTE R\u00c9ALIS\u00c9E \u00c0 LA SOCI\u00c9T\u00c9 DE CR\u00c9DIT-BAIL PAR UN TIERS\u0026nbsp;\u003C\/p\u003E\u003C\/td\u003E\u003Ctd valign=\u0022top\u0022\u003E\u003Cp align=\u0022center\u0022\u003ETAUX APPLICABLE EN CAS DE VENTE R\u00c9ALIS\u00c9E \u00c0 LA SOCI\u00c9T\u00c9 DE CR\u00c9DIT-BAIL PAR L\u0027UTILISATEUR\u003C\/p\u003E\u003C\/td\u003E\u003C\/tr\u003E\u003Ctr\u003E\u003Ctd valign=\u0022top\u0022\u003E\u003Cp\u003EDe 0 \u00e0 6\u202f500 \u20ac\u0026nbsp;\u003C\/p\u003E\u003C\/td\u003E\u003Ctd valign=\u0022top\u0022\u003E\u003Cp align=\u0022center\u0022\u003E3,870 %\u0026nbsp;\u003C\/p\u003E\u003C\/td\u003E\u003Ctd valign=\u0022top\u0022\u003E\u003Cp align=\u0022center\u0022\u003E1,290 % \u0026nbsp;\u003C\/p\u003E\u003C\/td\u003E\u003C\/tr\u003E\u003Ctr\u003E\u003Ctd valign=\u0022top\u0022\u003E\u003Cp\u003EDe 6\u202f500 \u20ac \u00e0 17\u202f000 \u20ac\u0026nbsp;\u003C\/p\u003E\u003C\/td\u003E\u003Ctd valign=\u0022top\u0022\u003E\u003Cp align=\u0022center\u0022\u003E1,596 %\u0026nbsp;\u003C\/p\u003E\u003C\/td\u003E\u003Ctd valign=\u0022top\u0022\u003E\u003Cp align=\u0022center\u0022\u003E0,532 %\u0026nbsp;\u003C\/p\u003E\u003C\/td\u003E\u003C\/tr\u003E\u003Ctr\u003E\u003Ctd valign=\u0022top\u0022\u003E\u003Cp\u003EDe 17\u202f000 \u20ac \u00e0 60\u202f000 \u20ac\u0026nbsp;\u003C\/p\u003E\u003C\/td\u003E\u003Ctd valign=\u0022top\u0022\u003E\u003Cp align=\u0022center\u0022\u003E1,064 %\u0026nbsp;\u003C\/p\u003E\u003C\/td\u003E\u003Ctd valign=\u0022top\u0022\u003E\u003Cp align=\u0022center\u0022\u003E0,355 %\u0026nbsp;\u003C\/p\u003E\u003C\/td\u003E\u003C\/tr\u003E\u003Ctr\u003E\u003Ctd valign=\u0022top\u0022\u003E\u003Cp\u003EPlus de 60\u202f000 \u20ac\u0026nbsp;\u003C\/p\u003E\u003C\/td\u003E\u003Ctd valign=\u0022top\u0022\u003E\u003Cp align=\u0022center\u0022\u003E0,799 %\u0026nbsp;\u003C\/p\u003E\u003C\/td\u003E\u003Ctd valign=\u0022top\u0022\u003E\u003Cp align=\u0022center\u0022\u003E0,266 %\u0026nbsp;\u003C\/p\u003E\u003C\/td\u003E\u003C\/tr\u003E\u003C\/tbody\u003E\u003C\/table\u003E\u003Cp\u003E\u0026nbsp;\u003C\/p\u003E\u003Ctable class=\u0022MsoTableGrid\u0022\u003E\u003Ctbody\u003E\u0026nbsp;\u003C\/tbody\u003E\u003C\/table\u003E\u003Cp\u003E\u003Cstrong\u003ELe cr\u00e9dit-bail \u003C\/strong\u003Edonne lieu \u00e0 la perception d\u0027un \u00e9molument proportionnel au montant de l\u0027investissement, selon le bar\u00e8me suivant :\u003C\/p\u003E\u003Ctable aria-rowcount=\u00225\u0022 border=\u00221\u0022 data-tablelook=\u00221184\u0022 data-tablestyle=\u0022MsoTableGrid\u0022\u003E\u003Ctbody\u003E\u003Ctr aria-rowindex=\u00221\u0022 role=\u0022row\u0022\u003E\u003Ctd data-celllook=\u00220\u0022 role=\u0022rowheader\u0022\u003E\u003Cp paraeid=\u0022{bb8bc300-866c-4703-ac1f-ff3b0c62d1fc}{245}\u0022 paraid=\u0022616853667\u0022\u003ETRANCHES D\u2019ASSIETTE\u0026nbsp;\u003C\/p\u003E\u003C\/td\u003E\u003Ctd data-celllook=\u00220\u0022 role=\u0022columnheader\u0022\u003E\u003Cp paraeid=\u0022{c93819f2-7c69-419e-aaa3-7fceadf4a964}{1}\u0022 paraid=\u0022616853668\u0022\u003ETAUX APPLICABLE\u0026nbsp;\u003C\/p\u003E\u003C\/td\u003E\u003C\/tr\u003E\u003Ctr aria-rowindex=\u00222\u0022 role=\u0022row\u0022\u003E\u003Ctd data-celllook=\u00220\u0022 role=\u0022rowheader\u0022\u003E\u003Cp paraeid=\u0022{c93819f2-7c69-419e-aaa3-7fceadf4a964}{9}\u0022 paraid=\u0022616853670\u0022\u003EDe 0 \u00e0 6\u202f500 \u20ac\u0026nbsp;\u003C\/p\u003E\u003C\/td\u003E\u003Ctd data-celllook=\u00220\u0022\u003E\u003Cp paraeid=\u0022{c93819f2-7c69-419e-aaa3-7fceadf4a964}{16}\u0022 paraid=\u0022616853671\u0022\u003E2,580 %\u0026nbsp;\u003C\/p\u003E\u003C\/td\u003E\u003C\/tr\u003E\u003Ctr aria-rowindex=\u00223\u0022 role=\u0022row\u0022\u003E\u003Ctd data-celllook=\u00220\u0022 role=\u0022rowheader\u0022\u003E\u003Cp paraeid=\u0022{c93819f2-7c69-419e-aaa3-7fceadf4a964}{28}\u0022 paraid=\u0022616853673\u0022\u003EDe 6\u202f500 \u20ac \u00e0 17\u202f000 \u20ac\u0026nbsp;\u003C\/p\u003E\u003C\/td\u003E\u003Ctd data-celllook=\u00220\u0022\u003E\u003Cp paraeid=\u0022{c93819f2-7c69-419e-aaa3-7fceadf4a964}{35}\u0022 paraid=\u0022616853674\u0022\u003E1,064 %\u0026nbsp;\u003C\/p\u003E\u003C\/td\u003E\u003C\/tr\u003E\u003Ctr aria-rowindex=\u00224\u0022 role=\u0022row\u0022\u003E\u003Ctd data-celllook=\u00220\u0022 role=\u0022rowheader\u0022\u003E\u003Cp paraeid=\u0022{c93819f2-7c69-419e-aaa3-7fceadf4a964}{47}\u0022 paraid=\u0022616853676\u0022\u003EDe 17\u202f000 \u20ac \u00e0 60\u202f000 \u20ac\u0026nbsp;\u003C\/p\u003E\u003C\/td\u003E\u003Ctd data-celllook=\u00220\u0022\u003E\u003Cp paraeid=\u0022{c93819f2-7c69-419e-aaa3-7fceadf4a964}{56}\u0022 paraid=\u0022616853677\u0022\u003E0,709 %\u0026nbsp;\u003C\/p\u003E\u003C\/td\u003E\u003C\/tr\u003E\u003Ctr aria-rowindex=\u00225\u0022 role=\u0022row\u0022\u003E\u003Ctd data-celllook=\u00220\u0022 role=\u0022rowheader\u0022\u003E\u003Cp paraeid=\u0022{c93819f2-7c69-419e-aaa3-7fceadf4a964}{68}\u0022 paraid=\u0022616853679\u0022\u003EPlus de 60\u202f000 \u20ac\u0026nbsp;\u003C\/p\u003E\u003C\/td\u003E\u003Ctd data-celllook=\u00220\u0022\u003E\u003Cp paraeid=\u0022{c93819f2-7c69-419e-aaa3-7fceadf4a964}{77}\u0022 paraid=\u0022616853680\u0022\u003E0,532 %\u0026nbsp;\u003C\/p\u003E\u003C\/td\u003E\u003C\/tr\u003E\u003C\/tbody\u003E\u003C\/table\u003E\u003Cp\u003E\u003Cstrong\u003ELa vente \u00e0 l\u0027utilisateur dans le cadre d\u0027une op\u00e9ration de cr\u00e9dit-bail \u003C\/strong\u003Edonne lieu \u00e0 la perception d\u0027un \u00e9molument proportionnel \u00e0 la valeur r\u00e9siduelle de l\u0027immeuble, selon le bar\u00e8me suivant :\u003C\/p\u003E\u003Ctable aria-rowcount=\u00225\u0022 border=\u00221\u0022 data-tablelook=\u00221184\u0022 data-tablestyle=\u0022MsoTableGrid\u0022\u003E\u003Ctbody\u003E\u003Ctr aria-rowindex=\u00221\u0022 role=\u0022row\u0022\u003E\u003Ctd data-celllook=\u00220\u0022 role=\u0022rowheader\u0022\u003E\u003Cp paraeid=\u0022{bb8bc300-866c-4703-ac1f-ff3b0c62d1fc}{245}\u0022 paraid=\u0022616853667\u0022\u003ETRANCHES D\u2019ASSIETTE\u0026nbsp;\u003C\/p\u003E\u003C\/td\u003E\u003Ctd data-celllook=\u00220\u0022 role=\u0022columnheader\u0022\u003E\u003Cp paraeid=\u0022{c93819f2-7c69-419e-aaa3-7fceadf4a964}{1}\u0022 paraid=\u0022616853668\u0022\u003ETAUX APPLICABLE\u0026nbsp;\u003C\/p\u003E\u003C\/td\u003E\u003C\/tr\u003E\u003Ctr aria-rowindex=\u00222\u0022 role=\u0022row\u0022\u003E\u003Ctd data-celllook=\u00220\u0022 role=\u0022rowheader\u0022\u003E\u003Cp paraeid=\u0022{c93819f2-7c69-419e-aaa3-7fceadf4a964}{9}\u0022 paraid=\u0022616853670\u0022\u003EDe 0 \u00e0 6\u202f500 \u20ac\u0026nbsp;\u003C\/p\u003E\u003C\/td\u003E\u003Ctd data-celllook=\u00220\u0022\u003E\u003Cp paraeid=\u0022{c93819f2-7c69-419e-aaa3-7fceadf4a964}{16}\u0022 paraid=\u0022616853671\u0022\u003E3,870 %\u0026nbsp;\u003C\/p\u003E\u003C\/td\u003E\u003C\/tr\u003E\u003Ctr aria-rowindex=\u00223\u0022 role=\u0022row\u0022\u003E\u003Ctd data-celllook=\u00220\u0022 role=\u0022rowheader\u0022\u003E\u003Cp paraeid=\u0022{c93819f2-7c69-419e-aaa3-7fceadf4a964}{28}\u0022 paraid=\u0022616853673\u0022\u003EDe 6\u202f500 \u20ac \u00e0 17\u202f000 \u20ac\u0026nbsp;\u003C\/p\u003E\u003C\/td\u003E\u003Ctd data-celllook=\u00220\u0022\u003E\u003Cp paraeid=\u0022{c93819f2-7c69-419e-aaa3-7fceadf4a964}{35}\u0022 paraid=\u0022616853674\u0022\u003E1,596 %\u0026nbsp;\u003C\/p\u003E\u003C\/td\u003E\u003C\/tr\u003E\u003Ctr aria-rowindex=\u00224\u0022 role=\u0022row\u0022\u003E\u003Ctd data-celllook=\u00220\u0022 role=\u0022rowheader\u0022\u003E\u003Cp paraeid=\u0022{c93819f2-7c69-419e-aaa3-7fceadf4a964}{47}\u0022 paraid=\u0022616853676\u0022\u003EDe 17\u202f000 \u20ac \u00e0 60\u202f000 \u20ac\u0026nbsp;\u003C\/p\u003E\u003C\/td\u003E\u003Ctd data-celllook=\u00220\u0022\u003E\u003Cp paraeid=\u0022{c93819f2-7c69-419e-aaa3-7fceadf4a964}{56}\u0022 paraid=\u0022616853677\u0022\u003E1,064 %\u0026nbsp;\u003C\/p\u003E\u003C\/td\u003E\u003C\/tr\u003E\u003Ctr aria-rowindex=\u00225\u0022 role=\u0022row\u0022\u003E\u003Ctd data-celllook=\u00220\u0022 role=\u0022rowheader\u0022\u003E\u003Cp paraeid=\u0022{c93819f2-7c69-419e-aaa3-7fceadf4a964}{68}\u0022 paraid=\u0022616853679\u0022\u003EPlus de 60\u202f000 \u20ac\u0026nbsp;\u003C\/p\u003E\u003C\/td\u003E\u003Ctd data-celllook=\u00220\u0022\u003E\u003Cp paraeid=\u0022{c93819f2-7c69-419e-aaa3-7fceadf4a964}{77}\u0022 paraid=\u0022616853680\u0022\u003E0,799 %\u0026nbsp;\u003C\/p\u003E\u003C\/td\u003E\u003C\/tr\u003E\u003C\/tbody\u003E\u003C\/table\u003E\u003Cp\u003E\u003Cstrong\u003ELes cessions de cr\u00e9dit-bail \u003C\/strong\u003Edonnent lieu \u00e0 la perception :\u003C\/p\u003E\u003Cp\u003E1\u00b0 S\u0027agissant de la cession pure et simple, d\u0027un \u00e9molument proportionnel au montant de l\u0027investissement r\u00e9siduel \u00e0 la date de la cession, selon le bar\u00e8me suivant :\u003C\/p\u003E\u003Ctable aria-rowcount=\u00225\u0022 border=\u00221\u0022 data-tablelook=\u00221184\u0022 data-tablestyle=\u0022MsoTableGrid\u0022\u003E\u003Ctbody\u003E\u003Ctr aria-rowindex=\u00221\u0022 role=\u0022row\u0022\u003E\u003Ctd data-celllook=\u00220\u0022 role=\u0022rowheader\u0022\u003E\u003Cp paraeid=\u0022{bb8bc300-866c-4703-ac1f-ff3b0c62d1fc}{245}\u0022 paraid=\u0022616853667\u0022\u003ETRANCHES D\u2019ASSIETTE\u0026nbsp;\u003C\/p\u003E\u003C\/td\u003E\u003Ctd data-celllook=\u00220\u0022 role=\u0022columnheader\u0022\u003E\u003Cp paraeid=\u0022{c93819f2-7c69-419e-aaa3-7fceadf4a964}{1}\u0022 paraid=\u0022616853668\u0022\u003ETAUX APPLICABLE\u0026nbsp;\u003C\/p\u003E\u003C\/td\u003E\u003C\/tr\u003E\u003Ctr aria-rowindex=\u00222\u0022 role=\u0022row\u0022\u003E\u003Ctd data-celllook=\u00220\u0022 role=\u0022rowheader\u0022\u003E\u003Cp paraeid=\u0022{c93819f2-7c69-419e-aaa3-7fceadf4a964}{9}\u0022 paraid=\u0022616853670\u0022\u003EDe 0 \u00e0 6\u202f500 \u20ac\u0026nbsp;\u003C\/p\u003E\u003C\/td\u003E\u003Ctd data-celllook=\u00220\u0022\u003E\u003Cp paraeid=\u0022{c93819f2-7c69-419e-aaa3-7fceadf4a964}{16}\u0022 paraid=\u0022616853671\u0022\u003E2,580 %\u0026nbsp;\u003C\/p\u003E\u003C\/td\u003E\u003C\/tr\u003E\u003Ctr aria-rowindex=\u00223\u0022 role=\u0022row\u0022\u003E\u003Ctd data-celllook=\u00220\u0022 role=\u0022rowheader\u0022\u003E\u003Cp paraeid=\u0022{c93819f2-7c69-419e-aaa3-7fceadf4a964}{28}\u0022 paraid=\u0022616853673\u0022\u003EDe 6\u202f500 \u20ac \u00e0 17\u202f000 \u20ac\u0026nbsp;\u003C\/p\u003E\u003C\/td\u003E\u003Ctd data-celllook=\u00220\u0022\u003E\u003Cp paraeid=\u0022{c93819f2-7c69-419e-aaa3-7fceadf4a964}{35}\u0022 paraid=\u0022616853674\u0022\u003E1,064 %\u0026nbsp;\u003C\/p\u003E\u003C\/td\u003E\u003C\/tr\u003E\u003Ctr aria-rowindex=\u00224\u0022 role=\u0022row\u0022\u003E\u003Ctd data-celllook=\u00220\u0022 role=\u0022rowheader\u0022\u003E\u003Cp paraeid=\u0022{c93819f2-7c69-419e-aaa3-7fceadf4a964}{47}\u0022 paraid=\u0022616853676\u0022\u003EDe 17\u202f000 \u20ac \u00e0 60\u202f000 \u20ac\u0026nbsp;\u003C\/p\u003E\u003C\/td\u003E\u003Ctd data-celllook=\u00220\u0022\u003E\u003Cp paraeid=\u0022{c93819f2-7c69-419e-aaa3-7fceadf4a964}{56}\u0022 paraid=\u0022616853677\u0022\u003E0,709 %\u0026nbsp;\u003C\/p\u003E\u003C\/td\u003E\u003C\/tr\u003E\u003Ctr aria-rowindex=\u00225\u0022 role=\u0022row\u0022\u003E\u003Ctd data-celllook=\u00220\u0022 role=\u0022rowheader\u0022\u003E\u003Cp paraeid=\u0022{c93819f2-7c69-419e-aaa3-7fceadf4a964}{68}\u0022 paraid=\u0022616853679\u0022\u003EPlus de 60\u202f000 \u20ac\u0026nbsp;\u003C\/p\u003E\u003C\/td\u003E\u003Ctd data-celllook=\u00220\u0022\u003E\u003Cp paraeid=\u0022{c93819f2-7c69-419e-aaa3-7fceadf4a964}{77}\u0022 paraid=\u0022616853680\u0022\u003E0,532 %\u0026nbsp;\u003C\/p\u003E\u003C\/td\u003E\u003C\/tr\u003E\u003C\/tbody\u003E\u003C\/table\u003E\u003Cp\u003E2\u00b0 S\u0027agissant de la cession moyennant un prix, d\u0027un \u00e9molument proportionnel au prix de cession pay\u00e9 au c\u00e9dant, selon le bar\u00e8me suivant, dans le cas o\u00f9 cet \u00e9molument est sup\u00e9rieur \u00e0 celui pr\u00e9vu au 1\u00b0 :\u003C\/p\u003E\u003Ctable aria-rowcount=\u00225\u0022 border=\u00221\u0022 data-tablelook=\u00221184\u0022 data-tablestyle=\u0022MsoTableGrid\u0022\u003E\u003Ctbody\u003E\u003Ctr aria-rowindex=\u00221\u0022 role=\u0022row\u0022\u003E\u003Ctd data-celllook=\u00220\u0022 role=\u0022rowheader\u0022\u003E\u003Cp paraeid=\u0022{bb8bc300-866c-4703-ac1f-ff3b0c62d1fc}{245}\u0022 paraid=\u0022616853667\u0022\u003ETRANCHES D\u2019ASSIETTE\u0026nbsp;\u003C\/p\u003E\u003C\/td\u003E\u003Ctd data-celllook=\u00220\u0022 role=\u0022columnheader\u0022\u003E\u003Cp paraeid=\u0022{c93819f2-7c69-419e-aaa3-7fceadf4a964}{1}\u0022 paraid=\u0022616853668\u0022\u003ETAUX APPLICABLE\u0026nbsp;\u003C\/p\u003E\u003C\/td\u003E\u003C\/tr\u003E\u003Ctr aria-rowindex=\u00222\u0022 role=\u0022row\u0022\u003E\u003Ctd data-celllook=\u00220\u0022 role=\u0022rowheader\u0022\u003E\u003Cp paraeid=\u0022{c93819f2-7c69-419e-aaa3-7fceadf4a964}{9}\u0022 paraid=\u0022616853670\u0022\u003EDe 0 \u00e0 6\u202f500 \u20ac\u0026nbsp;\u003C\/p\u003E\u003C\/td\u003E\u003Ctd data-celllook=\u00220\u0022\u003E\u003Cp paraeid=\u0022{c93819f2-7c69-419e-aaa3-7fceadf4a964}{16}\u0022 paraid=\u0022616853671\u0022\u003E3,870 %\u0026nbsp;\u003C\/p\u003E\u003C\/td\u003E\u003C\/tr\u003E\u003Ctr aria-rowindex=\u00223\u0022 role=\u0022row\u0022\u003E\u003Ctd data-celllook=\u00220\u0022 role=\u0022rowheader\u0022\u003E\u003Cp paraeid=\u0022{c93819f2-7c69-419e-aaa3-7fceadf4a964}{28}\u0022 paraid=\u0022616853673\u0022\u003EDe 6\u202f500 \u20ac \u00e0 17\u202f000 \u20ac\u0026nbsp;\u003C\/p\u003E\u003C\/td\u003E\u003Ctd data-celllook=\u00220\u0022\u003E\u003Cp paraeid=\u0022{c93819f2-7c69-419e-aaa3-7fceadf4a964}{35}\u0022 paraid=\u0022616853674\u0022\u003E1,596 %\u0026nbsp;\u003C\/p\u003E\u003C\/td\u003E\u003C\/tr\u003E\u003Ctr aria-rowindex=\u00224\u0022 role=\u0022row\u0022\u003E\u003Ctd data-celllook=\u00220\u0022 role=\u0022rowheader\u0022\u003E\u003Cp paraeid=\u0022{c93819f2-7c69-419e-aaa3-7fceadf4a964}{47}\u0022 paraid=\u0022616853676\u0022\u003EDe 17\u202f000 \u20ac \u00e0 60\u202f000 \u20ac\u0026nbsp;\u003C\/p\u003E\u003C\/td\u003E\u003Ctd data-celllook=\u00220\u0022\u003E\u003Cp paraeid=\u0022{c93819f2-7c69-419e-aaa3-7fceadf4a964}{56}\u0022 paraid=\u0022616853677\u0022\u003E1,064 %\u0026nbsp;\u003C\/p\u003E\u003C\/td\u003E\u003C\/tr\u003E\u003Ctr aria-rowindex=\u00225\u0022 role=\u0022row\u0022\u003E\u003Ctd data-celllook=\u00220\u0022 role=\u0022rowheader\u0022\u003E\u003Cp paraeid=\u0022{c93819f2-7c69-419e-aaa3-7fceadf4a964}{68}\u0022 paraid=\u0022616853679\u0022\u003EPlus de 60\u202f000 \u20ac\u0026nbsp;\u003C\/p\u003E\u003C\/td\u003E\u003Ctd data-celllook=\u00220\u0022\u003E\u003Cp paraeid=\u0022{c93819f2-7c69-419e-aaa3-7fceadf4a964}{77}\u0022 paraid=\u0022616853680\u0022\u003E0,799 %\u0026nbsp;\u003C\/p\u003E\u003C\/td\u003E\u003C\/tr\u003E\u003C\/tbody\u003E\u003C\/table\u003E\u003Cp\u003E\u003Cstrong\u003ELa dation en paiement \u003C\/strong\u003Edonne lieu \u00e0 la perception d\u0027un \u00e9molument proportionnel, selon le bar\u00e8me suivant :\u003C\/p\u003E\u003Ctable aria-rowcount=\u00225\u0022 border=\u00221\u0022 data-tablelook=\u00221184\u0022 data-tablestyle=\u0022MsoTableGrid\u0022\u003E\u003Ctbody\u003E\u003Ctr aria-rowindex=\u00221\u0022 role=\u0022row\u0022\u003E\u003Ctd data-celllook=\u00220\u0022 role=\u0022rowheader\u0022\u003E\u003Cp paraeid=\u0022{bb8bc300-866c-4703-ac1f-ff3b0c62d1fc}{245}\u0022 paraid=\u0022616853667\u0022\u003ETRANCHES D\u2019ASSIETTE\u0026nbsp;\u003C\/p\u003E\u003C\/td\u003E\u003Ctd data-celllook=\u00220\u0022 role=\u0022columnheader\u0022\u003E\u003Cp paraeid=\u0022{c93819f2-7c69-419e-aaa3-7fceadf4a964}{1}\u0022 paraid=\u0022616853668\u0022\u003ETAUX APPLICABLE\u0026nbsp;\u003C\/p\u003E\u003C\/td\u003E\u003C\/tr\u003E\u003Ctr aria-rowindex=\u00222\u0022 role=\u0022row\u0022\u003E\u003Ctd data-celllook=\u00220\u0022 role=\u0022rowheader\u0022\u003E\u003Cp paraeid=\u0022{c93819f2-7c69-419e-aaa3-7fceadf4a964}{9}\u0022 paraid=\u0022616853670\u0022\u003EDe 0 \u00e0 6\u202f500 \u20ac\u0026nbsp;\u003C\/p\u003E\u003C\/td\u003E\u003Ctd data-celllook=\u00220\u0022\u003E\u003Cp paraeid=\u0022{c93819f2-7c69-419e-aaa3-7fceadf4a964}{16}\u0022 paraid=\u0022616853671\u0022\u003E3,870 %\u0026nbsp;\u003C\/p\u003E\u003C\/td\u003E\u003C\/tr\u003E\u003Ctr aria-rowindex=\u00223\u0022 role=\u0022row\u0022\u003E\u003Ctd data-celllook=\u00220\u0022 role=\u0022rowheader\u0022\u003E\u003Cp paraeid=\u0022{c93819f2-7c69-419e-aaa3-7fceadf4a964}{28}\u0022 paraid=\u0022616853673\u0022\u003EDe 6\u202f500 \u20ac \u00e0 17\u202f000 \u20ac\u0026nbsp;\u003C\/p\u003E\u003C\/td\u003E\u003Ctd data-celllook=\u00220\u0022\u003E\u003Cp paraeid=\u0022{c93819f2-7c69-419e-aaa3-7fceadf4a964}{35}\u0022 paraid=\u0022616853674\u0022\u003E1,596 %\u0026nbsp;\u003C\/p\u003E\u003C\/td\u003E\u003C\/tr\u003E\u003Ctr aria-rowindex=\u00224\u0022 role=\u0022row\u0022\u003E\u003Ctd data-celllook=\u00220\u0022 role=\u0022rowheader\u0022\u003E\u003Cp paraeid=\u0022{c93819f2-7c69-419e-aaa3-7fceadf4a964}{47}\u0022 paraid=\u0022616853676\u0022\u003EDe 17\u202f000 \u20ac \u00e0 60\u202f000 \u20ac\u0026nbsp;\u003C\/p\u003E\u003C\/td\u003E\u003Ctd data-celllook=\u00220\u0022\u003E\u003Cp paraeid=\u0022{c93819f2-7c69-419e-aaa3-7fceadf4a964}{56}\u0022 paraid=\u0022616853677\u0022\u003E1,064 %\u0026nbsp;\u003C\/p\u003E\u003C\/td\u003E\u003C\/tr\u003E\u003Ctr aria-rowindex=\u00225\u0022 role=\u0022row\u0022\u003E\u003Ctd data-celllook=\u00220\u0022 role=\u0022rowheader\u0022\u003E\u003Cp paraeid=\u0022{c93819f2-7c69-419e-aaa3-7fceadf4a964}{68}\u0022 paraid=\u0022616853679\u0022\u003EPlus de 60\u202f000 \u20ac\u0026nbsp;\u003C\/p\u003E\u003C\/td\u003E\u003Ctd data-celllook=\u00220\u0022\u003E\u003Cp paraeid=\u0022{c93819f2-7c69-419e-aaa3-7fceadf4a964}{77}\u0022 paraid=\u0022616853680\u0022\u003E0,799 %\u0026nbsp;\u003C\/p\u003E\u003C\/td\u003E\u003C\/tr\u003E\u003C\/tbody\u003E\u003C\/table\u003E\u003Cp\u003E\u003Cstrong\u003ELes d\u00e9l\u00e9gations de cr\u00e9ances\u003C\/strong\u003E donnent lieu \u00e0 la perception :\u003C\/p\u003E\u003Cp\u003E1\u00b0 S\u0027agissant des d\u00e9l\u00e9gations parfaites, d\u0027un \u00e9molument proportionnel au total de la somme d\u00e9l\u00e9gu\u00e9e :\u003C\/p\u003E\u003Cp\u003Ea) Lorsqu\u0027elle intervient par acte s\u00e9par\u00e9, selon le bar\u00e8me suivant :\u003C\/p\u003E\u003Ctable aria-rowcount=\u00225\u0022 border=\u00221\u0022 data-tablelook=\u00221184\u0022 data-tablestyle=\u0022MsoTableGrid\u0022\u003E\u003Ctbody\u003E\u003Ctr aria-rowindex=\u00221\u0022 role=\u0022row\u0022\u003E\u003Ctd data-celllook=\u00220\u0022 role=\u0022rowheader\u0022\u003E\u003Cp paraeid=\u0022{bb8bc300-866c-4703-ac1f-ff3b0c62d1fc}{245}\u0022 paraid=\u0022616853667\u0022\u003ETRANCHES D\u2019ASSIETTE\u0026nbsp;\u003C\/p\u003E\u003C\/td\u003E\u003Ctd data-celllook=\u00220\u0022 role=\u0022columnheader\u0022\u003E\u003Cp paraeid=\u0022{c93819f2-7c69-419e-aaa3-7fceadf4a964}{1}\u0022 paraid=\u0022616853668\u0022\u003ETAUX APPLICABLE\u0026nbsp;\u003C\/p\u003E\u003C\/td\u003E\u003C\/tr\u003E\u003Ctr aria-rowindex=\u00222\u0022 role=\u0022row\u0022\u003E\u003Ctd data-celllook=\u00220\u0022 role=\u0022rowheader\u0022\u003E\u003Cp paraeid=\u0022{c93819f2-7c69-419e-aaa3-7fceadf4a964}{9}\u0022 paraid=\u0022616853670\u0022\u003EDe 0 \u00e0 6\u202f500 \u20ac\u0026nbsp;\u003C\/p\u003E\u003C\/td\u003E\u003Ctd data-celllook=\u00220\u0022\u003E\u003Cp paraeid=\u0022{c93819f2-7c69-419e-aaa3-7fceadf4a964}{16}\u0022 paraid=\u0022616853671\u0022\u003E2,580 %\u0026nbsp;\u003C\/p\u003E\u003C\/td\u003E\u003C\/tr\u003E\u003Ctr aria-rowindex=\u00223\u0022 role=\u0022row\u0022\u003E\u003Ctd data-celllook=\u00220\u0022 role=\u0022rowheader\u0022\u003E\u003Cp paraeid=\u0022{c93819f2-7c69-419e-aaa3-7fceadf4a964}{28}\u0022 paraid=\u0022616853673\u0022\u003EDe 6\u202f500 \u20ac \u00e0 17\u202f000 \u20ac\u0026nbsp;\u003C\/p\u003E\u003C\/td\u003E\u003Ctd data-celllook=\u00220\u0022\u003E\u003Cp paraeid=\u0022{c93819f2-7c69-419e-aaa3-7fceadf4a964}{35}\u0022 paraid=\u0022616853674\u0022\u003E1,064 %\u003C\/p\u003E\u003C\/td\u003E\u003C\/tr\u003E\u003Ctr aria-rowindex=\u00224\u0022 role=\u0022row\u0022\u003E\u003Ctd data-celllook=\u00220\u0022 role=\u0022rowheader\u0022\u003E\u003Cp paraeid=\u0022{c93819f2-7c69-419e-aaa3-7fceadf4a964}{47}\u0022 paraid=\u0022616853676\u0022\u003EDe 17\u202f000 \u20ac \u00e0 60\u202f000 \u20ac\u0026nbsp;\u003C\/p\u003E\u003C\/td\u003E\u003Ctd data-celllook=\u00220\u0022\u003E\u003Cp paraeid=\u0022{c93819f2-7c69-419e-aaa3-7fceadf4a964}{56}\u0022 paraid=\u0022616853677\u0022\u003E0,709 %\u0026nbsp;\u003C\/p\u003E\u003C\/td\u003E\u003C\/tr\u003E\u003Ctr aria-rowindex=\u00225\u0022 role=\u0022row\u0022\u003E\u003Ctd data-celllook=\u00220\u0022 role=\u0022rowheader\u0022\u003E\u003Cp paraeid=\u0022{c93819f2-7c69-419e-aaa3-7fceadf4a964}{68}\u0022 paraid=\u0022616853679\u0022\u003EPlus de 60\u202f000 \u20ac\u0026nbsp;\u003C\/p\u003E\u003C\/td\u003E\u003Ctd data-celllook=\u00220\u0022\u003E\u003Cp paraeid=\u0022{c93819f2-7c69-419e-aaa3-7fceadf4a964}{77}\u0022 paraid=\u0022616853680\u0022\u003E0,532 %\u0026nbsp;\u003C\/p\u003E\u003C\/td\u003E\u003C\/tr\u003E\u003C\/tbody\u003E\u003C\/table\u003E\u003Cp\u003Eb) Lorsqu\u0027elle intervient dans un acte dont elle n\u0027est pas l\u0027objet principal, selon le bar\u00e8me suivant :\u003C\/p\u003E\u003Ctable aria-rowcount=\u00225\u0022 border=\u00221\u0022 data-tablelook=\u00221184\u0022 data-tablestyle=\u0022MsoTableGrid\u0022\u003E\u003Ctbody\u003E\u003Ctr aria-rowindex=\u00221\u0022 role=\u0022row\u0022\u003E\u003Ctd data-celllook=\u00220\u0022 role=\u0022rowheader\u0022\u003E\u003Cp paraeid=\u0022{bb8bc300-866c-4703-ac1f-ff3b0c62d1fc}{245}\u0022 paraid=\u0022616853667\u0022\u003ETRANCHES D\u2019ASSIETTE\u0026nbsp;\u003C\/p\u003E\u003C\/td\u003E\u003Ctd data-celllook=\u00220\u0022 role=\u0022columnheader\u0022\u003E\u003Cp paraeid=\u0022{c93819f2-7c69-419e-aaa3-7fceadf4a964}{1}\u0022 paraid=\u0022616853668\u0022\u003ETAUX APPLICABLE\u0026nbsp;\u003C\/p\u003E\u003C\/td\u003E\u003C\/tr\u003E\u003Ctr aria-rowindex=\u00222\u0022 role=\u0022row\u0022\u003E\u003Ctd data-celllook=\u00220\u0022 role=\u0022rowheader\u0022\u003E\u003Cp paraeid=\u0022{c93819f2-7c69-419e-aaa3-7fceadf4a964}{9}\u0022 paraid=\u0022616853670\u0022\u003EDe 0 \u00e0 6\u202f500 \u20ac\u0026nbsp;\u003C\/p\u003E\u003C\/td\u003E\u003Ctd data-celllook=\u00220\u0022\u003E\u003Cp paraeid=\u0022{c93819f2-7c69-419e-aaa3-7fceadf4a964}{16}\u0022 paraid=\u0022616853671\u0022\u003E1,290 %\u003C\/p\u003E\u003C\/td\u003E\u003C\/tr\u003E\u003Ctr aria-rowindex=\u00223\u0022 role=\u0022row\u0022\u003E\u003Ctd data-celllook=\u00220\u0022 role=\u0022rowheader\u0022\u003E\u003Cp paraeid=\u0022{c93819f2-7c69-419e-aaa3-7fceadf4a964}{28}\u0022 paraid=\u0022616853673\u0022\u003EDe 6\u202f500 \u20ac \u00e0 17\u202f000 \u20ac\u0026nbsp;\u003C\/p\u003E\u003C\/td\u003E\u003Ctd data-celllook=\u00220\u0022\u003E\u003Cp paraeid=\u0022{c93819f2-7c69-419e-aaa3-7fceadf4a964}{35}\u0022 paraid=\u0022616853674\u0022\u003E0,532 %\u0026nbsp;\u003C\/p\u003E\u003C\/td\u003E\u003C\/tr\u003E\u003Ctr aria-rowindex=\u00224\u0022 role=\u0022row\u0022\u003E\u003Ctd data-celllook=\u00220\u0022 role=\u0022rowheader\u0022\u003E\u003Cp paraeid=\u0022{c93819f2-7c69-419e-aaa3-7fceadf4a964}{47}\u0022 paraid=\u0022616853676\u0022\u003EDe 17\u202f000 \u20ac \u00e0 60\u202f000 \u20ac\u0026nbsp;\u003C\/p\u003E\u003C\/td\u003E\u003Ctd data-celllook=\u00220\u0022\u003E\u003Cp paraeid=\u0022{c93819f2-7c69-419e-aaa3-7fceadf4a964}{56}\u0022 paraid=\u0022616853677\u0022\u003E0,355 %\u0026nbsp;\u003C\/p\u003E\u003C\/td\u003E\u003C\/tr\u003E\u003Ctr aria-rowindex=\u00225\u0022 role=\u0022row\u0022\u003E\u003Ctd data-celllook=\u00220\u0022 role=\u0022rowheader\u0022\u003E\u003Cp paraeid=\u0022{c93819f2-7c69-419e-aaa3-7fceadf4a964}{68}\u0022 paraid=\u0022616853679\u0022\u003EPlus de 60\u202f000 \u20ac\u0026nbsp;\u003C\/p\u003E\u003C\/td\u003E\u003Ctd data-celllook=\u00220\u0022\u003E\u003Cp paraeid=\u0022{c93819f2-7c69-419e-aaa3-7fceadf4a964}{77}\u0022 paraid=\u0022616853680\u0022\u003E0,266 %\u0026nbsp;\u003C\/p\u003E\u003C\/td\u003E\u003C\/tr\u003E\u003C\/tbody\u003E\u003C\/table\u003E\u003Cp\u003E2\u00b0 S\u0027agissant des d\u00e9l\u00e9gations imparfaites, d\u0027un \u00e9molument fixe de 26,41 \u20ac.\u003C\/p\u003E\u003Cp\u003E\u003Cstrong\u003ELa distribution de deniers par contribution\u003C\/strong\u003E \u0026nbsp;donne lieu \u00e0 la perception d\u0027un \u00e9molument proportionnel \u00e0 l\u0027actif brut, selon le bar\u00e8me suivant :\u003C\/p\u003E\u003Ctable aria-rowcount=\u00225\u0022 border=\u00221\u0022 data-tablelook=\u00221184\u0022 data-tablestyle=\u0022MsoTableGrid\u0022\u003E\u003Ctbody\u003E\u003Ctr aria-rowindex=\u00221\u0022 role=\u0022row\u0022\u003E\u003Ctd data-celllook=\u00220\u0022 role=\u0022rowheader\u0022\u003E\u003Cp paraeid=\u0022{bb8bc300-866c-4703-ac1f-ff3b0c62d1fc}{245}\u0022 paraid=\u0022616853667\u0022\u003ETRANCHES D\u2019ASSIETTE\u0026nbsp;\u003C\/p\u003E\u003C\/td\u003E\u003Ctd data-celllook=\u00220\u0022 role=\u0022columnheader\u0022\u003E\u003Cp paraeid=\u0022{c93819f2-7c69-419e-aaa3-7fceadf4a964}{1}\u0022 paraid=\u0022616853668\u0022\u003ETAUX APPLICABLE\u0026nbsp;\u003C\/p\u003E\u003C\/td\u003E\u003C\/tr\u003E\u003Ctr aria-rowindex=\u00222\u0022 role=\u0022row\u0022\u003E\u003Ctd data-celllook=\u00220\u0022 role=\u0022rowheader\u0022\u003E\u003Cp paraeid=\u0022{c93819f2-7c69-419e-aaa3-7fceadf4a964}{9}\u0022 paraid=\u0022616853670\u0022\u003EDe 0 \u00e0 6\u202f500 \u20ac\u0026nbsp;\u003C\/p\u003E\u003C\/td\u003E\u003Ctd data-celllook=\u00220\u0022\u003E\u003Cp paraeid=\u0022{c93819f2-7c69-419e-aaa3-7fceadf4a964}{16}\u0022 paraid=\u0022616853671\u0022\u003E3,870 %\u003C\/p\u003E\u003C\/td\u003E\u003C\/tr\u003E\u003Ctr aria-rowindex=\u00223\u0022 role=\u0022row\u0022\u003E\u003Ctd data-celllook=\u00220\u0022 role=\u0022rowheader\u0022\u003E\u003Cp paraeid=\u0022{c93819f2-7c69-419e-aaa3-7fceadf4a964}{28}\u0022 paraid=\u0022616853673\u0022\u003EDe 6\u202f500 \u20ac \u00e0 17\u202f000 \u20ac\u0026nbsp;\u003C\/p\u003E\u003C\/td\u003E\u003Ctd data-celllook=\u00220\u0022\u003E\u003Cp paraeid=\u0022{c93819f2-7c69-419e-aaa3-7fceadf4a964}{35}\u0022 paraid=\u0022616853674\u0022\u003E1,596 %\u0026nbsp;\u003C\/p\u003E\u003C\/td\u003E\u003C\/tr\u003E\u003Ctr aria-rowindex=\u00224\u0022 role=\u0022row\u0022\u003E\u003Ctd data-celllook=\u00220\u0022 role=\u0022rowheader\u0022\u003E\u003Cp paraeid=\u0022{c93819f2-7c69-419e-aaa3-7fceadf4a964}{47}\u0022 paraid=\u0022616853676\u0022\u003EDe 17\u202f000 \u20ac \u00e0 60\u202f000 \u20ac\u0026nbsp;\u003C\/p\u003E\u003C\/td\u003E\u003Ctd data-celllook=\u00220\u0022\u003E\u003Cp paraeid=\u0022{c93819f2-7c69-419e-aaa3-7fceadf4a964}{56}\u0022 paraid=\u0022616853677\u0022\u003E1,064 %\u0026nbsp;\u003C\/p\u003E\u003C\/td\u003E\u003C\/tr\u003E\u003Ctr aria-rowindex=\u00225\u0022 role=\u0022row\u0022\u003E\u003Ctd data-celllook=\u00220\u0022 role=\u0022rowheader\u0022\u003E\u003Cp paraeid=\u0022{c93819f2-7c69-419e-aaa3-7fceadf4a964}{68}\u0022 paraid=\u0022616853679\u0022\u003EPlus de 60\u202f000 \u20ac\u0026nbsp;\u003C\/p\u003E\u003C\/td\u003E\u003Ctd data-celllook=\u00220\u0022\u003E\u003Cp paraeid=\u0022{c93819f2-7c69-419e-aaa3-7fceadf4a964}{77}\u0022 paraid=\u0022616853680\u0022\u003E0,799 %\u0026nbsp;\u003C\/p\u003E\u003C\/td\u003E\u003C\/tr\u003E\u003C\/tbody\u003E\u003C\/table\u003E\u003Cp\u003E\u003Cstrong\u003EL\u0027acte d\u0027affectation hypoth\u00e9caire \u003C\/strong\u003Edonne lieu, \u00e0 la perception :\u003C\/p\u003E\u003Cp\u003E1\u00b0 Lorsque l\u0027affectation hypoth\u00e9caire est consentie par un tiers dans l\u0027acte principal : au quart des \u00e9moluments de l\u0027acte principal ;\u003C\/p\u003E\u003Cp\u003E2\u00b0 Lorsqu\u0027il n\u0027y a pas d\u0027acte principal : aux \u00e9moluments qui auraient \u00e9t\u00e9 per\u00e7us sur cet acte ;\u003C\/p\u003E\u003Cp\u003E3\u00b0 Dans les autres cas : \u00e0 la moiti\u00e9 des \u00e9moluments de l\u0027acte principal.\u003C\/p\u003E\u003Cp\u003E\u003Cstrong\u003ELa division d\u0027hypoth\u00e8que\u003C\/strong\u003E, dans le cas de partage de soci\u00e9t\u00e9 de construction ou de vente de logements d\u00e9pendant d\u0027un m\u00eame ensemble immobilier donne lieu \u00e0 la perception d\u0027un \u00e9molument proportionnel au total des cr\u00e9ances garanties, selon le bar\u00e8me suivant :\u0026nbsp;\u003C\/p\u003E\u003Ctable aria-rowcount=\u00225\u0022 border=\u00221\u0022 data-tablelook=\u00221184\u0022 data-tablestyle=\u0022MsoTableGrid\u0022\u003E\u003Ctbody\u003E\u003Ctr aria-rowindex=\u00221\u0022 role=\u0022row\u0022\u003E\u003Ctd data-celllook=\u00220\u0022 role=\u0022rowheader\u0022\u003E\u003Cp paraeid=\u0022{bb8bc300-866c-4703-ac1f-ff3b0c62d1fc}{245}\u0022 paraid=\u0022616853667\u0022\u003ETRANCHES D\u2019ASSIETTE\u0026nbsp;\u003C\/p\u003E\u003C\/td\u003E\u003Ctd data-celllook=\u00220\u0022 role=\u0022columnheader\u0022\u003E\u003Cp paraeid=\u0022{c93819f2-7c69-419e-aaa3-7fceadf4a964}{1}\u0022 paraid=\u0022616853668\u0022\u003ETAUX APPLICABLE\u0026nbsp;\u003C\/p\u003E\u003C\/td\u003E\u003C\/tr\u003E\u003Ctr aria-rowindex=\u00222\u0022 role=\u0022row\u0022\u003E\u003Ctd data-celllook=\u00220\u0022 role=\u0022rowheader\u0022\u003E\u003Cp paraeid=\u0022{c93819f2-7c69-419e-aaa3-7fceadf4a964}{9}\u0022 paraid=\u0022616853670\u0022\u003EDe 0 \u00e0 6\u202f500 \u20ac\u0026nbsp;\u003C\/p\u003E\u003C\/td\u003E\u003Ctd data-celllook=\u00220\u0022\u003E\u003Cp paraeid=\u0022{c93819f2-7c69-419e-aaa3-7fceadf4a964}{16}\u0022 paraid=\u0022616853671\u0022\u003E0,242 %\u003C\/p\u003E\u003C\/td\u003E\u003C\/tr\u003E\u003Ctr aria-rowindex=\u00223\u0022 role=\u0022row\u0022\u003E\u003Ctd data-celllook=\u00220\u0022 role=\u0022rowheader\u0022\u003E\u003Cp paraeid=\u0022{c93819f2-7c69-419e-aaa3-7fceadf4a964}{28}\u0022 paraid=\u0022616853673\u0022\u003EDe 6\u202f500 \u20ac \u00e0 17\u202f000 \u20ac\u0026nbsp;\u003C\/p\u003E\u003C\/td\u003E\u003Ctd data-celllook=\u00220\u0022\u003E\u003Cp paraeid=\u0022{c93819f2-7c69-419e-aaa3-7fceadf4a964}{35}\u0022 paraid=\u0022616853674\u0022\u003E0,133 %\u0026nbsp;\u003C\/p\u003E\u003C\/td\u003E\u003C\/tr\u003E\u003Ctr aria-rowindex=\u00224\u0022 role=\u0022row\u0022\u003E\u003Ctd data-celllook=\u00220\u0022 role=\u0022rowheader\u0022\u003E\u003Cp paraeid=\u0022{c93819f2-7c69-419e-aaa3-7fceadf4a964}{47}\u0022 paraid=\u0022616853676\u0022\u003EDe 17\u202f000 \u20ac \u00e0 30\u202f000 \u20ac\u0026nbsp;\u003C\/p\u003E\u003C\/td\u003E\u003Ctd data-celllook=\u00220\u0022\u003E\u003Cp paraeid=\u0022{c93819f2-7c69-419e-aaa3-7fceadf4a964}{56}\u0022 paraid=\u0022616853677\u0022\u003E0,091 %\u0026nbsp;\u003C\/p\u003E\u003C\/td\u003E\u003C\/tr\u003E\u003Ctr aria-rowindex=\u00225\u0022 role=\u0022row\u0022\u003E\u003Ctd data-celllook=\u00220\u0022 role=\u0022rowheader\u0022\u003E\u003Cp paraeid=\u0022{c93819f2-7c69-419e-aaa3-7fceadf4a964}{68}\u0022 paraid=\u0022616853679\u0022\u003EPlus de 30\u202f000 \u20ac\u0026nbsp;\u003C\/p\u003E\u003C\/td\u003E\u003Ctd data-celllook=\u00220\u0022\u003E\u003Cp paraeid=\u0022{c93819f2-7c69-419e-aaa3-7fceadf4a964}{77}\u0022 paraid=\u0022616853680\u0022\u003E0,067 %\u0026nbsp;\u003C\/p\u003E\u003C\/td\u003E\u003C\/tr\u003E\u003C\/tbody\u003E\u003C\/table\u003E\u003Cp\u003E\u003Cstrong\u003ELes prestations relatives \u00e0 l\u0027hypoth\u00e8que rechargeable\u003C\/strong\u003E donnent lieu \u00e0 la perception d\u0027un \u00e9molument proportionnel :\u003C\/p\u003E\u003Cp\u003E1\u00b0 S\u0027agissant de la convention de rechargement d\u0027une hypoth\u00e8que, selon le bar\u00e8me suivant :\u003C\/p\u003E\u003Ctable aria-rowcount=\u00225\u0022 border=\u00221\u0022 data-tablelook=\u00221184\u0022 data-tablestyle=\u0022MsoTableGrid\u0022\u003E\u003Ctbody\u003E\u003Ctr aria-rowindex=\u00221\u0022 role=\u0022row\u0022\u003E\u003Ctd data-celllook=\u00220\u0022 role=\u0022rowheader\u0022\u003E\u003Cp paraeid=\u0022{bb8bc300-866c-4703-ac1f-ff3b0c62d1fc}{245}\u0022 paraid=\u0022616853667\u0022\u003ETRANCHES D\u2019ASSIETTE\u0026nbsp;\u003C\/p\u003E\u003C\/td\u003E\u003Ctd data-celllook=\u00220\u0022 role=\u0022columnheader\u0022\u003E\u003Cp paraeid=\u0022{c93819f2-7c69-419e-aaa3-7fceadf4a964}{1}\u0022 paraid=\u0022616853668\u0022\u003ETAUX APPLICABLE\u0026nbsp;\u003C\/p\u003E\u003C\/td\u003E\u003C\/tr\u003E\u003Ctr aria-rowindex=\u00222\u0022 role=\u0022row\u0022\u003E\u003Ctd data-celllook=\u00220\u0022 role=\u0022rowheader\u0022\u003E\u003Cp paraeid=\u0022{c93819f2-7c69-419e-aaa3-7fceadf4a964}{9}\u0022 paraid=\u0022616853670\u0022\u003EDe 0 \u00e0 6\u202f500 \u20ac\u0026nbsp;\u003C\/p\u003E\u003C\/td\u003E\u003Ctd data-celllook=\u00220\u0022\u003E\u003Cp paraeid=\u0022{c93819f2-7c69-419e-aaa3-7fceadf4a964}{16}\u0022 paraid=\u0022616853671\u0022\u003E0,774 %\u003C\/p\u003E\u003C\/td\u003E\u003C\/tr\u003E\u003Ctr aria-rowindex=\u00223\u0022 role=\u0022row\u0022\u003E\u003Ctd data-celllook=\u00220\u0022 role=\u0022rowheader\u0022\u003E\u003Cp paraeid=\u0022{c93819f2-7c69-419e-aaa3-7fceadf4a964}{28}\u0022 paraid=\u0022616853673\u0022\u003EDe 6\u202f500 \u20ac \u00e0 17\u202f000 \u20ac\u0026nbsp;\u003C\/p\u003E\u003C\/td\u003E\u003Ctd data-celllook=\u00220\u0022\u003E\u003Cp paraeid=\u0022{c93819f2-7c69-419e-aaa3-7fceadf4a964}{35}\u0022 paraid=\u0022616853674\u0022\u003E0,426 %\u0026nbsp;\u003C\/p\u003E\u003C\/td\u003E\u003C\/tr\u003E\u003Ctr aria-rowindex=\u00224\u0022 role=\u0022row\u0022\u003E\u003Ctd data-celllook=\u00220\u0022 role=\u0022rowheader\u0022\u003E\u003Cp paraeid=\u0022{c93819f2-7c69-419e-aaa3-7fceadf4a964}{47}\u0022 paraid=\u0022616853676\u0022\u003EDe 17\u202f000 \u20ac \u00e0 30\u202f000 \u20ac\u0026nbsp;\u003C\/p\u003E\u003C\/td\u003E\u003Ctd data-celllook=\u00220\u0022\u003E\u003Cp paraeid=\u0022{c93819f2-7c69-419e-aaa3-7fceadf4a964}{56}\u0022 paraid=\u0022616853677\u0022\u003E0,290 %\u0026nbsp;\u003C\/p\u003E\u003C\/td\u003E\u003C\/tr\u003E\u003Ctr aria-rowindex=\u00225\u0022 role=\u0022row\u0022\u003E\u003Ctd data-celllook=\u00220\u0022 role=\u0022rowheader\u0022\u003E\u003Cp paraeid=\u0022{c93819f2-7c69-419e-aaa3-7fceadf4a964}{68}\u0022 paraid=\u0022616853679\u0022\u003EPlus de 30\u202f000 \u20ac\u0026nbsp;\u003C\/p\u003E\u003C\/td\u003E\u003Ctd data-celllook=\u00220\u0022\u003E\u003Cp paraeid=\u0022{c93819f2-7c69-419e-aaa3-7fceadf4a964}{77}\u0022 paraid=\u0022616853680\u0022\u003E0,213 %\u0026nbsp;\u003C\/p\u003E\u003C\/td\u003E\u003C\/tr\u003E\u003C\/tbody\u003E\u003C\/table\u003E\u003Cp\u003E2\u00b0 S\u0027agissant de l\u0027avenant transformant la derni\u00e8re hypoth\u00e8que conventionnelle inscrite ant\u00e9rieurement \u00e0 l\u0027entr\u00e9e en vigueur de l\u0027ordonnance n\u00b0 2006-346 du 23 mars 2006, en hypoth\u00e8que rechargeable, selon le bar\u00e8me suivant :\u003C\/p\u003E\u003Ctable aria-rowcount=\u00225\u0022 border=\u00221\u0022 data-tablelook=\u00221184\u0022 data-tablestyle=\u0022MsoTableGrid\u0022\u003E\u003Ctbody\u003E\u003Ctr aria-rowindex=\u00221\u0022 role=\u0022row\u0022\u003E\u003Ctd data-celllook=\u00220\u0022 role=\u0022rowheader\u0022\u003E\u003Cp paraeid=\u0022{bb8bc300-866c-4703-ac1f-ff3b0c62d1fc}{245}\u0022 paraid=\u0022616853667\u0022\u003ETRANCHES D\u2019ASSIETTE\u0026nbsp;\u003C\/p\u003E\u003C\/td\u003E\u003Ctd data-celllook=\u00220\u0022 role=\u0022columnheader\u0022\u003E\u003Cp paraeid=\u0022{c93819f2-7c69-419e-aaa3-7fceadf4a964}{1}\u0022 paraid=\u0022616853668\u0022\u003ETAUX APPLICABLE\u0026nbsp;\u003C\/p\u003E\u003C\/td\u003E\u003C\/tr\u003E\u003Ctr aria-rowindex=\u00222\u0022 role=\u0022row\u0022\u003E\u003Ctd data-celllook=\u00220\u0022 role=\u0022rowheader\u0022\u003E\u003Cp paraeid=\u0022{c93819f2-7c69-419e-aaa3-7fceadf4a964}{9}\u0022 paraid=\u0022616853670\u0022\u003EDe 0 \u00e0 6\u202f500 \u20ac\u0026nbsp;\u003C\/p\u003E\u003C\/td\u003E\u003Ctd data-celllook=\u00220\u0022\u003E\u003Cp paraeid=\u0022{c93819f2-7c69-419e-aaa3-7fceadf4a964}{16}\u0022 paraid=\u0022616853671\u0022\u003E0,484 %\u003C\/p\u003E\u003C\/td\u003E\u003C\/tr\u003E\u003Ctr aria-rowindex=\u00223\u0022 role=\u0022row\u0022\u003E\u003Ctd data-celllook=\u00220\u0022 role=\u0022rowheader\u0022\u003E\u003Cp paraeid=\u0022{c93819f2-7c69-419e-aaa3-7fceadf4a964}{28}\u0022 paraid=\u0022616853673\u0022\u003EDe 6\u202f500 \u20ac \u00e0 17\u202f000 \u20ac\u0026nbsp;\u003C\/p\u003E\u003C\/td\u003E\u003Ctd data-celllook=\u00220\u0022\u003E\u003Cp paraeid=\u0022{c93819f2-7c69-419e-aaa3-7fceadf4a964}{35}\u0022 paraid=\u0022616853674\u0022\u003E0,264 %\u0026nbsp;\u003C\/p\u003E\u003C\/td\u003E\u003C\/tr\u003E\u003Ctr aria-rowindex=\u00224\u0022 role=\u0022row\u0022\u003E\u003Ctd data-celllook=\u00220\u0022 role=\u0022rowheader\u0022\u003E\u003Cp paraeid=\u0022{c93819f2-7c69-419e-aaa3-7fceadf4a964}{47}\u0022 paraid=\u0022616853676\u0022\u003EDe 17\u202f000 \u20ac \u00e0 30\u202f000 \u20ac\u0026nbsp;\u003C\/p\u003E\u003C\/td\u003E\u003Ctd data-celllook=\u00220\u0022\u003E\u003Cp paraeid=\u0022{c93819f2-7c69-419e-aaa3-7fceadf4a964}{56}\u0022 paraid=\u0022616853677\u0022\u003E0,180 %\u0026nbsp;\u003C\/p\u003E\u003C\/td\u003E\u003C\/tr\u003E\u003Ctr aria-rowindex=\u00225\u0022 role=\u0022row\u0022\u003E\u003Ctd data-celllook=\u00220\u0022 role=\u0022rowheader\u0022\u003E\u003Cp paraeid=\u0022{c93819f2-7c69-419e-aaa3-7fceadf4a964}{68}\u0022 paraid=\u0022616853679\u0022\u003EPlus de 30\u202f000 \u20ac\u0026nbsp;\u003C\/p\u003E\u003C\/td\u003E\u003Ctd data-celllook=\u00220\u0022\u003E\u003Cp paraeid=\u0022{c93819f2-7c69-419e-aaa3-7fceadf4a964}{77}\u0022 paraid=\u0022616853680\u0022\u003E0,133 %\u0026nbsp;\u003C\/p\u003E\u003C\/td\u003E\u003C\/tr\u003E\u003C\/tbody\u003E\u003C\/table\u003E\u003Cp\u003ELorsque les actes mentionn\u00e9s au 1\u00b0 et au 2\u00b0 sont re\u00e7us simultan\u00e9ment, ils ne donnent lieu \u00e0 la perception que de l\u0027\u00e9molument pr\u00e9vu au 1\u00b0.\u003C\/p\u003E\u003Cp\u003E\u003Cstrong\u003ELes pr\u00eats hypoth\u00e9caires destin\u00e9s \u00e0 financer une activit\u00e9 professionnelle\u003C\/strong\u003E donnent lieu \u00e0 la perception d\u0027un \u00e9molument proportionnel, selon le bar\u00e8me suivant :\u003C\/p\u003E\u003Ctable aria-rowcount=\u00225\u0022 border=\u00221\u0022 data-tablelook=\u00221184\u0022 data-tablestyle=\u0022MsoTableGrid\u0022\u003E\u003Ctbody\u003E\u003Ctr aria-rowindex=\u00221\u0022 role=\u0022row\u0022\u003E\u003Ctd data-celllook=\u00220\u0022 role=\u0022rowheader\u0022\u003E\u003Cp paraeid=\u0022{bb8bc300-866c-4703-ac1f-ff3b0c62d1fc}{245}\u0022 paraid=\u0022616853667\u0022\u003ETRANCHES D\u2019ASSIETTE\u0026nbsp;\u003C\/p\u003E\u003C\/td\u003E\u003Ctd data-celllook=\u00220\u0022 role=\u0022columnheader\u0022\u003E\u003Cp paraeid=\u0022{c93819f2-7c69-419e-aaa3-7fceadf4a964}{1}\u0022 paraid=\u0022616853668\u0022\u003ETAUX APPLICABLE\u0026nbsp;\u003C\/p\u003E\u003C\/td\u003E\u003C\/tr\u003E\u003Ctr aria-rowindex=\u00222\u0022 role=\u0022row\u0022\u003E\u003Ctd data-celllook=\u00220\u0022 role=\u0022rowheader\u0022\u003E\u003Cp paraeid=\u0022{c93819f2-7c69-419e-aaa3-7fceadf4a964}{9}\u0022 paraid=\u0022616853670\u0022\u003EDe 0 \u00e0 6\u202f500 \u20ac\u0026nbsp;\u003C\/p\u003E\u003C\/td\u003E\u003Ctd data-celllook=\u00220\u0022\u003E\u003Cp paraeid=\u0022{c93819f2-7c69-419e-aaa3-7fceadf4a964}{16}\u0022 paraid=\u0022616853671\u0022\u003E2,128 %\u003C\/p\u003E\u003C\/td\u003E\u003C\/tr\u003E\u003Ctr aria-rowindex=\u00223\u0022 role=\u0022row\u0022\u003E\u003Ctd data-celllook=\u00220\u0022 role=\u0022rowheader\u0022\u003E\u003Cp paraeid=\u0022{c93819f2-7c69-419e-aaa3-7fceadf4a964}{28}\u0022 paraid=\u0022616853673\u0022\u003EDe 6\u202f500 \u20ac \u00e0 17\u202f000 \u20ac\u0026nbsp;\u003C\/p\u003E\u003C\/td\u003E\u003Ctd data-celllook=\u00220\u0022\u003E\u003Cp paraeid=\u0022{c93819f2-7c69-419e-aaa3-7fceadf4a964}{35}\u0022 paraid=\u0022616853674\u0022\u003E0,878 %\u0026nbsp;\u003C\/p\u003E\u003C\/td\u003E\u003C\/tr\u003E\u003Ctr aria-rowindex=\u00224\u0022 role=\u0022row\u0022\u003E\u003Ctd data-celllook=\u00220\u0022 role=\u0022rowheader\u0022\u003E\u003Cp paraeid=\u0022{c93819f2-7c69-419e-aaa3-7fceadf4a964}{47}\u0022 paraid=\u0022616853676\u0022\u003EDe 17\u202f000 \u20ac \u00e0 60\u202f000 \u20ac\u0026nbsp;\u003C\/p\u003E\u003C\/td\u003E\u003Ctd data-celllook=\u00220\u0022\u003E\u003Cp paraeid=\u0022{c93819f2-7c69-419e-aaa3-7fceadf4a964}{56}\u0022 paraid=\u0022616853677\u0022\u003E0,585 %\u0026nbsp;\u003C\/p\u003E\u003C\/td\u003E\u003C\/tr\u003E\u003Ctr aria-rowindex=\u00225\u0022 role=\u0022row\u0022\u003E\u003Ctd data-celllook=\u00220\u0022 role=\u0022rowheader\u0022\u003E\u003Cp paraeid=\u0022{c93819f2-7c69-419e-aaa3-7fceadf4a964}{68}\u0022 paraid=\u0022616853679\u0022\u003EPlus de 60\u202f000 \u20ac\u0026nbsp;\u003C\/p\u003E\u003C\/td\u003E\u003Ctd data-celllook=\u00220\u0022\u003E\u003Cp paraeid=\u0022{c93819f2-7c69-419e-aaa3-7fceadf4a964}{77}\u0022 paraid=\u0022616853680\u0022\u003E0,439 %\u0026nbsp;\u003C\/p\u003E\u003C\/td\u003E\u003C\/tr\u003E\u003C\/tbody\u003E\u003C\/table\u003E\u003Cp\u003E\u003Cstrong\u003ELes translations d\u0027hypoth\u00e8que\u003C\/strong\u003E donnent lieu \u00e0 la perception :\u003C\/p\u003E\u003Cp\u003E1\u00b0 Lorsque la translation porte sur la totalit\u00e9 du gage, aux m\u00eames \u00e9moluments que ceux pr\u00e9vus \u0026nbsp;en mati\u00e8re d\u0027affectation hypoth\u00e9caire ;\u003C\/p\u003E\u003Cp\u003E2\u00b0 Lorsque la translation est partielle, aux \u00e9moluments mentionn\u00e9s au 1\u00b0, per\u00e7us sur une somme fix\u00e9e en appliquant au montant de la cr\u00e9ance le rapport existant entre la valeur du bien d\u00e9grev\u00e9 et celle de la totalit\u00e9 du gage.\u003C\/p\u003E\u003Cp\u003E\u003Cstrong\u003ELes mainlev\u00e9es \u003C\/strong\u003Edonnent lieu \u00e0 la perception :\u003C\/p\u003E\u003Cp\u003E1\u00b0 S\u0027agissant de la mainlev\u00e9e de saisie, d\u0027un \u00e9molument fixe de 26,41 \u20ac ;\u003C\/p\u003E\u003Cp\u003E2\u00b0 S\u0027agissant de la mainlev\u00e9e d\u0027inscription hypoth\u00e9caire, de privil\u00e8ge, de nantissement, de gage et r\u00e9duction d\u0027hypoth\u00e8que :\u003C\/p\u003E\u003Cp\u003Ea) D\u00e9finitive ou partielle r\u00e9duisant la cr\u00e9ance, d\u0027un \u00e9molument proportionnel au capital \u00e9valu\u00e9 au bordereau d\u0027inscription ou \u00e0 concurrence duquel la mainlev\u00e9e est consentie ;\u003C\/p\u003E\u003Cp\u003Eb) R\u00e9duisant le gage ou le nantissement, d\u0027un \u00e9molument proportionnel \u00e0 la valeur d\u00e9clar\u00e9e \u00e0 l\u0027acte du bien d\u00e9grev\u00e9, sans pouvoir exc\u00e9der l\u0027\u00e9molument calcul\u00e9 comme au 1\u00b0 sur la cr\u00e9ance garantie ;\u003C\/p\u003E\u003Cp\u003Ec) R\u00e9duisant la cr\u00e9ance et le gage ou le nantissement, d\u0027un \u00e9molument proportionnel \u00e0 la valeur d\u00e9clar\u00e9e \u00e0 l\u0027acte du bien d\u00e9grev\u00e9, sans pouvoir exc\u00e9der l\u0027\u00e9molument calcul\u00e9 comme au 1\u00b0,\u003C\/p\u003E\u003Cp\u003ESelon le bar\u00e8me suivant :\u003C\/p\u003E\u003Ctable aria-rowcount=\u00225\u0022 border=\u00221\u0022 data-tablelook=\u00221184\u0022 data-tablestyle=\u0022MsoTableGrid\u0022\u003E\u003Ctbody\u003E\u003Ctr aria-rowindex=\u00221\u0022 role=\u0022row\u0022\u003E\u003Ctd data-celllook=\u00220\u0022 role=\u0022rowheader\u0022\u003E\u003Cp paraeid=\u0022{bb8bc300-866c-4703-ac1f-ff3b0c62d1fc}{245}\u0022 paraid=\u0022616853667\u0022\u003ETRANCHES D\u2019ASSIETTE\u0026nbsp;\u003C\/p\u003E\u003C\/td\u003E\u003Ctd data-celllook=\u00220\u0022 role=\u0022columnheader\u0022\u003E\u003Cp paraeid=\u0022{c93819f2-7c69-419e-aaa3-7fceadf4a964}{1}\u0022 paraid=\u0022616853668\u0022\u003E\u00c9MOLUMENTS\u003C\/p\u003E\u003C\/td\u003E\u003C\/tr\u003E\u003Ctr aria-rowindex=\u00222\u0022 role=\u0022row\u0022\u003E\u003Ctd data-celllook=\u00220\u0022 role=\u0022rowheader\u0022\u003E\u003Cp paraeid=\u0022{c93819f2-7c69-419e-aaa3-7fceadf4a964}{9}\u0022 paraid=\u0022616853670\u0022\u003EDe 0 \u00e0 77 090 \u20ac\u0026nbsp;\u003C\/p\u003E\u003C\/td\u003E\u003Ctd data-celllook=\u00220\u0022\u003E\u003Cp paraeid=\u0022{c93819f2-7c69-419e-aaa3-7fceadf4a964}{16}\u0022 paraid=\u0022616853671\u0022\u003E78 \u20ac\u003C\/p\u003E\u003C\/td\u003E\u003C\/tr\u003E\u003Ctr aria-rowindex=\u00223\u0022 role=\u0022row\u0022\u003E\u003Ctd data-celllook=\u00220\u0022 role=\u0022rowheader\u0022\u003E\u003Cp paraeid=\u0022{c93819f2-7c69-419e-aaa3-7fceadf4a964}{28}\u0022 paraid=\u0022616853673\u0022\u003EPlus de 77 090 \u20ac\u0026nbsp;\u003C\/p\u003E\u003C\/td\u003E\u003Ctd data-celllook=\u00220\u0022\u003E\u003Cp paraeid=\u0022{c93819f2-7c69-419e-aaa3-7fceadf4a964}{35}\u0022 paraid=\u0022616853674\u0022\u003E150 \u20ac\u003C\/p\u003E\u003C\/td\u003E\u003C\/tr\u003E\u003C\/tbody\u003E\u003C\/table\u003E\u003Cp\u003E\u003Cstrong\u003ELe pr\u00eat viticole ou agricole\u003C\/strong\u003E, ainsi que\u003Cstrong\u003E le pr\u00eat maritime\u003C\/strong\u003E donnent lieu \u00e0 la perception d\u0027un \u00e9molument proportionnel, selon le bar\u00e8me suivant :\u003C\/p\u003E\u003Ctable aria-rowcount=\u00225\u0022 border=\u00221\u0022 data-tablelook=\u00221184\u0022 data-tablestyle=\u0022MsoTableGrid\u0022\u003E\u003Ctbody\u003E\u003Ctr aria-rowindex=\u00221\u0022 role=\u0022row\u0022\u003E\u003Ctd data-celllook=\u00220\u0022 role=\u0022rowheader\u0022\u003E\u003Cp paraeid=\u0022{bb8bc300-866c-4703-ac1f-ff3b0c62d1fc}{245}\u0022 paraid=\u0022616853667\u0022\u003ETRANCHES D\u2019ASSIETTE\u0026nbsp;\u003C\/p\u003E\u003C\/td\u003E\u003Ctd data-celllook=\u00220\u0022 role=\u0022columnheader\u0022\u003E\u003Cp paraeid=\u0022{c93819f2-7c69-419e-aaa3-7fceadf4a964}{1}\u0022 paraid=\u0022616853668\u0022\u003ETAUX APPLICABLE\u0026nbsp;\u003C\/p\u003E\u003C\/td\u003E\u003C\/tr\u003E\u003Ctr aria-rowindex=\u00222\u0022 role=\u0022row\u0022\u003E\u003Ctd data-celllook=\u00220\u0022 role=\u0022rowheader\u0022\u003E\u003Cp paraeid=\u0022{c93819f2-7c69-419e-aaa3-7fceadf4a964}{9}\u0022 paraid=\u0022616853670\u0022\u003EDe 0 \u00e0 6\u202f500 \u20ac\u0026nbsp;\u003C\/p\u003E\u003C\/td\u003E\u003Ctd data-celllook=\u00220\u0022\u003E\u003Cp paraeid=\u0022{c93819f2-7c69-419e-aaa3-7fceadf4a964}{16}\u0022 paraid=\u0022616853671\u0022\u003E1,290 %\u003C\/p\u003E\u003C\/td\u003E\u003C\/tr\u003E\u003Ctr aria-rowindex=\u00223\u0022 role=\u0022row\u0022\u003E\u003Ctd data-celllook=\u00220\u0022 role=\u0022rowheader\u0022\u003E\u003Cp paraeid=\u0022{c93819f2-7c69-419e-aaa3-7fceadf4a964}{28}\u0022 paraid=\u0022616853673\u0022\u003EDe 6\u202f500 \u20ac \u00e0 17\u202f000 \u20ac\u0026nbsp;\u003C\/p\u003E\u003C\/td\u003E\u003Ctd data-celllook=\u00220\u0022\u003E\u003Cp paraeid=\u0022{c93819f2-7c69-419e-aaa3-7fceadf4a964}{35}\u0022 paraid=\u0022616853674\u0022\u003E0,532 %\u0026nbsp;\u003C\/p\u003E\u003C\/td\u003E\u003C\/tr\u003E\u003Ctr aria-rowindex=\u00224\u0022 role=\u0022row\u0022\u003E\u003Ctd data-celllook=\u00220\u0022 role=\u0022rowheader\u0022\u003E\u003Cp paraeid=\u0022{c93819f2-7c69-419e-aaa3-7fceadf4a964}{47}\u0022 paraid=\u0022616853676\u0022\u003EDe 17\u202f000 \u20ac \u00e0 60\u202f000 \u20ac\u0026nbsp;\u003C\/p\u003E\u003C\/td\u003E\u003Ctd data-celllook=\u00220\u0022\u003E\u003Cp paraeid=\u0022{c93819f2-7c69-419e-aaa3-7fceadf4a964}{56}\u0022 paraid=\u0022616853677\u0022\u003E0,355 %\u0026nbsp;\u003C\/p\u003E\u003C\/td\u003E\u003C\/tr\u003E\u003Ctr aria-rowindex=\u00225\u0022 role=\u0022row\u0022\u003E\u003Ctd data-celllook=\u00220\u0022 role=\u0022rowheader\u0022\u003E\u003Cp paraeid=\u0022{c93819f2-7c69-419e-aaa3-7fceadf4a964}{68}\u0022 paraid=\u0022616853679\u0022\u003EPlus de 60\u202f000 \u20ac\u0026nbsp;\u003C\/p\u003E\u003C\/td\u003E\u003Ctd data-celllook=\u00220\u0022\u003E\u003Cp paraeid=\u0022{c93819f2-7c69-419e-aaa3-7fceadf4a964}{77}\u0022 paraid=\u0022616853680\u0022\u003E0,266 %\u0026nbsp;\u003C\/p\u003E\u003C\/td\u003E\u003C\/tr\u003E\u003C\/tbody\u003E\u003C\/table\u003E\u003Cp\u003E\u003Cstrong\u003ELe pr\u00eat, l\u0027obligation avec ou sans garantie, la reconnaissance de dette, et l\u0027ouverture de cr\u00e9dit\u003C\/strong\u003E donnent lieu \u00e0 la perception d\u0027un \u00e9molument proportionnel, selon le bar\u00e8me suivant :\u003C\/p\u003E\u003Ctable aria-rowcount=\u00225\u0022 border=\u00221\u0022 data-tablelook=\u00221184\u0022 data-tablestyle=\u0022MsoTableGrid\u0022\u003E\u003Ctbody\u003E\u003Ctr aria-rowindex=\u00221\u0022 role=\u0022row\u0022\u003E\u003Ctd data-celllook=\u00220\u0022 role=\u0022rowheader\u0022\u003E\u003Cp paraeid=\u0022{bb8bc300-866c-4703-ac1f-ff3b0c62d1fc}{245}\u0022 paraid=\u0022616853667\u0022\u003ETRANCHES D\u2019ASSIETTE\u0026nbsp;\u003C\/p\u003E\u003C\/td\u003E\u003Ctd data-celllook=\u00220\u0022 role=\u0022columnheader\u0022\u003E\u003Cp paraeid=\u0022{c93819f2-7c69-419e-aaa3-7fceadf4a964}{1}\u0022 paraid=\u0022616853668\u0022\u003ETAUX APPLICABLE\u0026nbsp;\u003C\/p\u003E\u003C\/td\u003E\u003C\/tr\u003E\u003Ctr aria-rowindex=\u00222\u0022 role=\u0022row\u0022\u003E\u003Ctd data-celllook=\u00220\u0022 role=\u0022rowheader\u0022\u003E\u003Cp paraeid=\u0022{c93819f2-7c69-419e-aaa3-7fceadf4a964}{9}\u0022 paraid=\u0022616853670\u0022\u003EDe 0 \u00e0 6\u202f500 \u20ac\u0026nbsp;\u003C\/p\u003E\u003C\/td\u003E\u003Ctd data-celllook=\u00220\u0022\u003E\u003Cp paraeid=\u0022{c93819f2-7c69-419e-aaa3-7fceadf4a964}{16}\u0022 paraid=\u0022616853671\u0022\u003E1,290 %\u003C\/p\u003E\u003C\/td\u003E\u003C\/tr\u003E\u003Ctr aria-rowindex=\u00223\u0022 role=\u0022row\u0022\u003E\u003Ctd data-celllook=\u00220\u0022 role=\u0022rowheader\u0022\u003E\u003Cp paraeid=\u0022{c93819f2-7c69-419e-aaa3-7fceadf4a964}{28}\u0022 paraid=\u0022616853673\u0022\u003EDe 6\u202f500 \u20ac \u00e0 17\u202f000 \u20ac\u0026nbsp;\u003C\/p\u003E\u003C\/td\u003E\u003Ctd data-celllook=\u00220\u0022\u003E\u003Cp paraeid=\u0022{c93819f2-7c69-419e-aaa3-7fceadf4a964}{35}\u0022 paraid=\u0022616853674\u0022\u003E0,532 %\u0026nbsp;\u003C\/p\u003E\u003C\/td\u003E\u003C\/tr\u003E\u003Ctr aria-rowindex=\u00224\u0022 role=\u0022row\u0022\u003E\u003Ctd data-celllook=\u00220\u0022 role=\u0022rowheader\u0022\u003E\u003Cp paraeid=\u0022{c93819f2-7c69-419e-aaa3-7fceadf4a964}{47}\u0022 paraid=\u0022616853676\u0022\u003EDe 17\u202f000 \u20ac \u00e0 60\u202f000 \u20ac\u0026nbsp;\u003C\/p\u003E\u003C\/td\u003E\u003Ctd data-celllook=\u00220\u0022\u003E\u003Cp paraeid=\u0022{c93819f2-7c69-419e-aaa3-7fceadf4a964}{56}\u0022 paraid=\u0022616853677\u0022\u003E0,355 %\u0026nbsp;\u003C\/p\u003E\u003C\/td\u003E\u003C\/tr\u003E\u003Ctr aria-rowindex=\u00225\u0022 role=\u0022row\u0022\u003E\u003Ctd data-celllook=\u00220\u0022 role=\u0022rowheader\u0022\u003E\u003Cp paraeid=\u0022{c93819f2-7c69-419e-aaa3-7fceadf4a964}{68}\u0022 paraid=\u0022616853679\u0022\u003EPlus de 60\u202f000 \u20ac\u0026nbsp;\u003C\/p\u003E\u003C\/td\u003E\u003Ctd data-celllook=\u00220\u0022\u003E\u003Cp paraeid=\u0022{c93819f2-7c69-419e-aaa3-7fceadf4a964}{77}\u0022 paraid=\u0022616853680\u0022\u003E0,266 %\u0026nbsp;\u003C\/p\u003E\u003C\/td\u003E\u003C\/tr\u003E\u003C\/tbody\u003E\u003C\/table\u003E\u003Cp\u003EEn cas de pr\u00eats par plusieurs personnes physiques au m\u00eame emprunteur, dans le m\u00eame acte, aux m\u00eames conditions, l\u0027\u00e9molument est calcul\u00e9 sur le montant global des capitaux emprunt\u00e9s.\u003C\/p\u003E\u003Cp\u003E\u003Cstrong\u003ELes pr\u00eats conventionn\u00e9s, pr\u00eats d\u0027\u00e9pargne logement et pr\u00eats compl\u00e9mentaires ou d\u0027anticipation de ceux-ci, ainsi que les autres pr\u00eats du secteur aid\u00e9\u003C\/strong\u003E donnent lieu \u00e0 la perception d\u0027un \u00e9molument proportionnel, selon le bar\u00e8me suivant :\u003C\/p\u003E\u003Ctable aria-rowcount=\u00225\u0022 border=\u00221\u0022 data-tablelook=\u00221184\u0022 data-tablestyle=\u0022MsoTableGrid\u0022\u003E\u003Ctbody\u003E\u003Ctr aria-rowindex=\u00221\u0022 role=\u0022row\u0022\u003E\u003Ctd data-celllook=\u00220\u0022 role=\u0022rowheader\u0022\u003E\u003Cp paraeid=\u0022{bb8bc300-866c-4703-ac1f-ff3b0c62d1fc}{245}\u0022 paraid=\u0022616853667\u0022\u003ETRANCHES D\u2019ASSIETTE\u0026nbsp;\u003C\/p\u003E\u003C\/td\u003E\u003Ctd data-celllook=\u00220\u0022 role=\u0022columnheader\u0022\u003E\u003Cp paraeid=\u0022{c93819f2-7c69-419e-aaa3-7fceadf4a964}{1}\u0022 paraid=\u0022616853668\u0022\u003ETAUX APPLICABLE\u0026nbsp;\u003C\/p\u003E\u003C\/td\u003E\u003C\/tr\u003E\u003Ctr aria-rowindex=\u00222\u0022 role=\u0022row\u0022\u003E\u003Ctd data-celllook=\u00220\u0022 role=\u0022rowheader\u0022\u003E\u003Cp paraeid=\u0022{c93819f2-7c69-419e-aaa3-7fceadf4a964}{9}\u0022 paraid=\u0022616853670\u0022\u003EDe 0 \u00e0 6\u202f500 \u20ac\u0026nbsp;\u003C\/p\u003E\u003C\/td\u003E\u003Ctd data-celllook=\u00220\u0022\u003E\u003Cp paraeid=\u0022{c93819f2-7c69-419e-aaa3-7fceadf4a964}{16}\u0022 paraid=\u0022616853671\u0022\u003E1,290 %\u003C\/p\u003E\u003C\/td\u003E\u003C\/tr\u003E\u003Ctr aria-rowindex=\u00223\u0022 role=\u0022row\u0022\u003E\u003Ctd data-celllook=\u00220\u0022 role=\u0022rowheader\u0022\u003E\u003Cp paraeid=\u0022{c93819f2-7c69-419e-aaa3-7fceadf4a964}{28}\u0022 paraid=\u0022616853673\u0022\u003EDe 6\u202f500 \u20ac \u00e0 17\u202f000 \u20ac\u0026nbsp;\u003C\/p\u003E\u003C\/td\u003E\u003Ctd data-celllook=\u00220\u0022\u003E\u003Cp paraeid=\u0022{c93819f2-7c69-419e-aaa3-7fceadf4a964}{35}\u0022 paraid=\u0022616853674\u0022\u003E0,532 %\u0026nbsp;\u003C\/p\u003E\u003C\/td\u003E\u003C\/tr\u003E\u003Ctr aria-rowindex=\u00224\u0022 role=\u0022row\u0022\u003E\u003Ctd data-celllook=\u00220\u0022 role=\u0022rowheader\u0022\u003E\u003Cp paraeid=\u0022{c93819f2-7c69-419e-aaa3-7fceadf4a964}{47}\u0022 paraid=\u0022616853676\u0022\u003EDe 17\u202f000 \u20ac \u00e0 60\u202f000 \u20ac\u0026nbsp;\u003C\/p\u003E\u003C\/td\u003E\u003Ctd data-celllook=\u00220\u0022\u003E\u003Cp paraeid=\u0022{c93819f2-7c69-419e-aaa3-7fceadf4a964}{56}\u0022 paraid=\u0022616853677\u0022\u003E0,355 %\u0026nbsp;\u003C\/p\u003E\u003C\/td\u003E\u003C\/tr\u003E\u003Ctr aria-rowindex=\u00225\u0022 role=\u0022row\u0022\u003E\u003Ctd data-celllook=\u00220\u0022 role=\u0022rowheader\u0022\u003E\u003Cp paraeid=\u0022{c93819f2-7c69-419e-aaa3-7fceadf4a964}{68}\u0022 paraid=\u0022616853679\u0022\u003EPlus de 60\u202f000 \u20ac\u0026nbsp;\u003C\/p\u003E\u003C\/td\u003E\u003Ctd data-celllook=\u00220\u0022\u003E\u003Cp paraeid=\u0022{c93819f2-7c69-419e-aaa3-7fceadf4a964}{77}\u0022 paraid=\u0022616853680\u0022\u003E0,266 %\u0026nbsp;\u003C\/p\u003E\u003C\/td\u003E\u003C\/tr\u003E\u003C\/tbody\u003E\u003C\/table\u003E\u003Cp\u003E\u003Cstrong\u003ELes prestations relatives \u00e0 l\u0027insaisissabilit\u00e9 des droits de l\u0027entrepreneur individuel \u003C\/strong\u003Esur tout bien foncier, b\u00e2ti ou non b\u00e2ti, mentionn\u00e9s au deuxi\u00e8me alin\u00e9a de l\u0027article L. 526-1 donnent lieu \u00e0 la perception des \u00e9moluments suivants :\u003C\/p\u003E\u003Ctable aria-rowcount=\u00225\u0022 border=\u00221\u0022 data-tablelook=\u00221184\u0022 data-tablestyle=\u0022MsoTableGrid\u0022\u003E\u003Ctbody\u003E\u003Ctr aria-rowindex=\u00221\u0022 role=\u0022row\u0022\u003E\u003Ctd data-celllook=\u00220\u0022 role=\u0022rowheader\u0022\u003E\u003Cp paraeid=\u0022{bb8bc300-866c-4703-ac1f-ff3b0c62d1fc}{245}\u0022 paraid=\u0022616853667\u0022\u003ED\u00c9SIGNATION DE LA PRESTATION\u003C\/p\u003E\u003C\/td\u003E\u003Ctd data-celllook=\u00220\u0022 role=\u0022columnheader\u0022\u003E\u003Cp paraeid=\u0022{c93819f2-7c69-419e-aaa3-7fceadf4a964}{1}\u0022 paraid=\u0022616853668\u0022\u003E\u00c9MOLUMENT\u003C\/p\u003E\u003C\/td\u003E\u003C\/tr\u003E\u003Ctr aria-rowindex=\u00222\u0022 role=\u0022row\u0022\u003E\u003Ctd data-celllook=\u00220\u0022 role=\u0022rowheader\u0022\u003E\u003Cp paraeid=\u0022{c93819f2-7c69-419e-aaa3-7fceadf4a964}{9}\u0022 paraid=\u0022616853670\u0022\u003ED\u00e9claration d\u0027insaisissabilit\u00e9 de la r\u00e9sidence principale, pr\u00e9vue aux articles L. 526-1 et L. 526-2\u003C\/p\u003E\u003C\/td\u003E\u003Ctd data-celllook=\u00220\u0022\u003E\u003Cp paraeid=\u0022{c93819f2-7c69-419e-aaa3-7fceadf4a964}{16}\u0022 paraid=\u0022616853671\u0022\u003E113,20 \u20ac\u003C\/p\u003E\u003C\/td\u003E\u003C\/tr\u003E\u003Ctr aria-rowindex=\u00223\u0022 role=\u0022row\u0022\u003E\u003Ctd data-celllook=\u00220\u0022 role=\u0022rowheader\u0022\u003E\u003Cp paraeid=\u0022{c93819f2-7c69-419e-aaa3-7fceadf4a964}{28}\u0022 paraid=\u0022616853673\u0022\u003ERenonciation \u00e0 l\u0027insaisissabilit\u00e9 des droits sur la r\u00e9sidence principale ou \u00e0 la d\u00e9claration mentionn\u00e9e au num\u00e9ro 139, pr\u00e9vue \u00e0 la premi\u00e8re phrase du deuxi\u00e8me alin\u00e9a de l\u0027article L. 526-3\u003C\/p\u003E\u003C\/td\u003E\u003Ctd data-celllook=\u00220\u0022\u003E\u003Cp paraeid=\u0022{c93819f2-7c69-419e-aaa3-7fceadf4a964}{35}\u0022 paraid=\u0022616853674\u0022\u003E24,53 \u20ac\u003C\/p\u003E\u003C\/td\u003E\u003C\/tr\u003E\u003Ctr aria-rowindex=\u00224\u0022 role=\u0022row\u0022\u003E\u003Ctd data-celllook=\u00220\u0022 role=\u0022rowheader\u0022\u003E\u003Cp paraeid=\u0022{c93819f2-7c69-419e-aaa3-7fceadf4a964}{47}\u0022 paraid=\u0022616853676\u0022\u003ER\u00e9vocation de la renonciation mentionn\u00e9e au num\u00e9ro 140, pr\u00e9vue \u00e0 la quatri\u00e8me phrase du deuxi\u00e8me ali\u00e9na de l\u0027article L. 526-3\u003C\/p\u003E\u003C\/td\u003E\u003Ctd data-celllook=\u00220\u0022\u003E\u003Cp paraeid=\u0022{c93819f2-7c69-419e-aaa3-7fceadf4a964}{56}\u0022 paraid=\u0022616853677\u0022\u003E49,05 \u20ac\u0026nbsp;\u003C\/p\u003E\u003C\/td\u003E\u003C\/tr\u003E\u003C\/tbody\u003E\u003C\/table\u003E\u003Cp\u003E\u0026nbsp;\u003C\/p\u003E\u003Cp\u003E\u003Cstrong\u003ELes prestations li\u00e9es \u00e0 l\u0027endossement\u003C\/strong\u003E donnent lieu \u00e0 la perception :\u003C\/p\u003E\u003Cp\u003E1\u00b0 S\u0027agissant de l\u0027endossement de copie ex\u00e9cutoire \u00e0 ordre mentionn\u00e9e dans la loi n\u00b0 76-519 du 15 juin 1976 relative \u00e0 certaines formes de transmission des cr\u00e9ances, sans n\u00e9gociation, d\u0027un \u00e9molument fixe de 52,82 \u20ac ;\u003C\/p\u003E\u003Cp\u003E2\u00b0 S\u0027agissant de l\u0027endossement de la copie mentionn\u00e9e au 1\u00b0, avec n\u00e9gociation, d\u0027un \u00e9molument proportionnel au capital de la cr\u00e9ance transmise, selon le bar\u00e8me suivant :\u003C\/p\u003E\u003Ctable aria-rowcount=\u00225\u0022 border=\u00221\u0022 data-tablelook=\u00221184\u0022 data-tablestyle=\u0022MsoTableGrid\u0022\u003E\u003Ctbody\u003E\u003Ctr aria-rowindex=\u00221\u0022 role=\u0022row\u0022\u003E\u003Ctd data-celllook=\u00220\u0022 role=\u0022rowheader\u0022\u003E\u003Cp paraeid=\u0022{bb8bc300-866c-4703-ac1f-ff3b0c62d1fc}{245}\u0022 paraid=\u0022616853667\u0022\u003ETRANCHES D\u2019ASSIETTE\u0026nbsp;\u003C\/p\u003E\u003C\/td\u003E\u003Ctd data-celllook=\u00220\u0022 role=\u0022columnheader\u0022\u003E\u003Cp paraeid=\u0022{c93819f2-7c69-419e-aaa3-7fceadf4a964}{1}\u0022 paraid=\u0022616853668\u0022\u003ETAUX APPLICABLE\u0026nbsp;\u003C\/p\u003E\u003C\/td\u003E\u003C\/tr\u003E\u003Ctr aria-rowindex=\u00222\u0022 role=\u0022row\u0022\u003E\u003Ctd data-celllook=\u00220\u0022 role=\u0022rowheader\u0022\u003E\u003Cp paraeid=\u0022{c93819f2-7c69-419e-aaa3-7fceadf4a964}{9}\u0022 paraid=\u0022616853670\u0022\u003EDe 0 \u00e0 6\u202f500 \u20ac\u0026nbsp;\u003C\/p\u003E\u003C\/td\u003E\u003Ctd data-celllook=\u00220\u0022\u003E\u003Cp paraeid=\u0022{c93819f2-7c69-419e-aaa3-7fceadf4a964}{16}\u0022 paraid=\u0022616853671\u0022\u003E3,870 %\u003C\/p\u003E\u003C\/td\u003E\u003C\/tr\u003E\u003Ctr aria-rowindex=\u00223\u0022 role=\u0022row\u0022\u003E\u003Ctd data-celllook=\u00220\u0022 role=\u0022rowheader\u0022\u003E\u003Cp paraeid=\u0022{c93819f2-7c69-419e-aaa3-7fceadf4a964}{28}\u0022 paraid=\u0022616853673\u0022\u003EDe 6\u202f500 \u20ac \u00e0 17\u202f000 \u20ac\u0026nbsp;\u003C\/p\u003E\u003C\/td\u003E\u003Ctd data-celllook=\u00220\u0022\u003E\u003Cp paraeid=\u0022{c93819f2-7c69-419e-aaa3-7fceadf4a964}{35}\u0022 paraid=\u0022616853674\u0022\u003E1,596 %\u0026nbsp;\u003C\/p\u003E\u003C\/td\u003E\u003C\/tr\u003E\u003Ctr aria-rowindex=\u00224\u0022 role=\u0022row\u0022\u003E\u003Ctd data-celllook=\u00220\u0022 role=\u0022rowheader\u0022\u003E\u003Cp paraeid=\u0022{c93819f2-7c69-419e-aaa3-7fceadf4a964}{47}\u0022 paraid=\u0022616853676\u0022\u003EDe 17\u202f000 \u20ac \u00e0 60\u202f000 \u20ac\u0026nbsp;\u003C\/p\u003E\u003C\/td\u003E\u003Ctd data-celllook=\u00220\u0022\u003E\u003Cp paraeid=\u0022{c93819f2-7c69-419e-aaa3-7fceadf4a964}{56}\u0022 paraid=\u0022616853677\u0022\u003E1,064 %\u0026nbsp;\u003C\/p\u003E\u003C\/td\u003E\u003C\/tr\u003E\u003Ctr aria-rowindex=\u00225\u0022 role=\u0022row\u0022\u003E\u003Ctd data-celllook=\u00220\u0022 role=\u0022rowheader\u0022\u003E\u003Cp paraeid=\u0022{c93819f2-7c69-419e-aaa3-7fceadf4a964}{68}\u0022 paraid=\u0022616853679\u0022\u003EPlus de 60\u202f000 \u20ac\u0026nbsp;\u003C\/p\u003E\u003C\/td\u003E\u003Ctd data-celllook=\u00220\u0022\u003E\u003Cp paraeid=\u0022{c93819f2-7c69-419e-aaa3-7fceadf4a964}{77}\u0022 paraid=\u0022616853680\u0022\u003E0,799 %\u0026nbsp;\u003C\/p\u003E\u003C\/td\u003E\u003C\/tr\u003E\u003C\/tbody\u003E\u003C\/table\u003E\u003Cp\u003E3\u00b0 S\u0027agissant de l\u0027endossement dans les autres cas que ceux pr\u00e9vus au 1\u00b0 et 2\u00b0, d\u0027un \u00e9molument proportionnel, selon le bar\u00e8me suivant :\u003C\/p\u003E\u003Ctable aria-rowcount=\u00225\u0022 border=\u00221\u0022 data-tablelook=\u00221184\u0022 data-tablestyle=\u0022MsoTableGrid\u0022\u003E\u003Ctbody\u003E\u003Ctr aria-rowindex=\u00221\u0022 role=\u0022row\u0022\u003E\u003Ctd data-celllook=\u00220\u0022 role=\u0022rowheader\u0022\u003E\u003Cp paraeid=\u0022{bb8bc300-866c-4703-ac1f-ff3b0c62d1fc}{245}\u0022 paraid=\u0022616853667\u0022\u003ETRANCHES D\u2019ASSIETTE\u0026nbsp;\u003C\/p\u003E\u003C\/td\u003E\u003Ctd data-celllook=\u00220\u0022 role=\u0022columnheader\u0022\u003E\u003Cp paraeid=\u0022{c93819f2-7c69-419e-aaa3-7fceadf4a964}{1}\u0022 paraid=\u0022616853668\u0022\u003ETAUX APPLICABLE\u0026nbsp;\u003C\/p\u003E\u003C\/td\u003E\u003C\/tr\u003E\u003Ctr aria-rowindex=\u00222\u0022 role=\u0022row\u0022\u003E\u003Ctd data-celllook=\u00220\u0022 role=\u0022rowheader\u0022\u003E\u003Cp paraeid=\u0022{c93819f2-7c69-419e-aaa3-7fceadf4a964}{9}\u0022 paraid=\u0022616853670\u0022\u003EDe 0 \u00e0 6\u202f500 \u20ac\u0026nbsp;\u003C\/p\u003E\u003C\/td\u003E\u003Ctd data-celllook=\u00220\u0022\u003E\u003Cp paraeid=\u0022{c93819f2-7c69-419e-aaa3-7fceadf4a964}{16}\u0022 paraid=\u0022616853671\u0022\u003E1,935 %\u003C\/p\u003E\u003C\/td\u003E\u003C\/tr\u003E\u003Ctr aria-rowindex=\u00223\u0022 role=\u0022row\u0022\u003E\u003Ctd data-celllook=\u00220\u0022 role=\u0022rowheader\u0022\u003E\u003Cp paraeid=\u0022{c93819f2-7c69-419e-aaa3-7fceadf4a964}{28}\u0022 paraid=\u0022616853673\u0022\u003EDe 6\u202f500 \u20ac \u00e0 17\u202f000 \u20ac\u0026nbsp;\u003C\/p\u003E\u003C\/td\u003E\u003Ctd data-celllook=\u00220\u0022\u003E\u003Cp paraeid=\u0022{c93819f2-7c69-419e-aaa3-7fceadf4a964}{35}\u0022 paraid=\u0022616853674\u0022\u003E1,064 %\u0026nbsp;\u003C\/p\u003E\u003C\/td\u003E\u003C\/tr\u003E\u003Ctr aria-rowindex=\u00224\u0022 role=\u0022row\u0022\u003E\u003Ctd data-celllook=\u00220\u0022 role=\u0022rowheader\u0022\u003E\u003Cp paraeid=\u0022{c93819f2-7c69-419e-aaa3-7fceadf4a964}{47}\u0022 paraid=\u0022616853676\u0022\u003EDe 17\u202f000 \u20ac \u00e0 30\u202f000 \u20ac\u0026nbsp;\u003C\/p\u003E\u003C\/td\u003E\u003Ctd data-celllook=\u00220\u0022\u003E\u003Cp paraeid=\u0022{c93819f2-7c69-419e-aaa3-7fceadf4a964}{56}\u0022 paraid=\u0022616853677\u0022\u003E0,726 %\u0026nbsp;\u003C\/p\u003E\u003C\/td\u003E\u003C\/tr\u003E\u003Ctr aria-rowindex=\u00225\u0022 role=\u0022row\u0022\u003E\u003Ctd data-celllook=\u00220\u0022 role=\u0022rowheader\u0022\u003E\u003Cp paraeid=\u0022{c93819f2-7c69-419e-aaa3-7fceadf4a964}{68}\u0022 paraid=\u0022616853679\u0022\u003EPlus de 30\u202f000 \u20ac\u0026nbsp;\u003C\/p\u003E\u003C\/td\u003E\u003Ctd data-celllook=\u00220\u0022\u003E\u003Cp paraeid=\u0022{c93819f2-7c69-419e-aaa3-7fceadf4a964}{77}\u0022 paraid=\u0022616853680\u0022\u003E0,532 %\u0026nbsp;\u003C\/p\u003E\u003C\/td\u003E\u003C\/tr\u003E\u003C\/tbody\u003E\u003C\/table\u003E\u003Cp\u003E\u003Cstrong\u003ELa r\u00e9alisation de cr\u00e9dit ou de pr\u00eat conditionnel\u003C\/strong\u003E donne lieu \u00e0 la perception d\u0027un \u00e9molument de 26,41 \u20ac.\u003C\/p\u003E\u003Cp\u003E\u003Cstrong\u003ELe nantissement et le gage\u003C\/strong\u003E ainsi que le \u003Cstrong\u003Ewarrant agricole\u003C\/strong\u003E donnent lieu \u00e0 la perception :\u003C\/p\u003E\u003Cp\u003E1\u00b0 Lorsqu\u0027il est consenti par un tiers dans l\u0027acte principal : au quart des \u00e9moluments de l\u0027acte principal ;\u003C\/p\u003E\u003Cp\u003E2\u00b0 Lorsqu\u0027il n\u0027y a pas d\u0027acte principal : aux \u00e9moluments qui auraient \u00e9t\u00e9 per\u00e7us sur cet acte ;\u003C\/p\u003E\u003Cp\u003E3\u00b0 Dans les autres cas : \u00e0 la moiti\u00e9 des \u00e9moluments de l\u0027acte principal.\u003C\/p\u003E\u003Cp\u003E\u003Cstrong\u003ELa cession de biens par un d\u00e9biteur \u00e0 ses cr\u00e9anciers\u003C\/strong\u003E donne lieu \u00e0 la perception d\u0027un \u00e9molument proportionnel valeur des biens, selon le bar\u00e8me suivant :\u003C\/p\u003E\u003Ctable aria-rowcount=\u00225\u0022 border=\u00221\u0022 data-tablelook=\u00221184\u0022 data-tablestyle=\u0022MsoTableGrid\u0022\u003E\u003Ctbody\u003E\u003Ctr aria-rowindex=\u00221\u0022 role=\u0022row\u0022\u003E\u003Ctd data-celllook=\u00220\u0022 role=\u0022rowheader\u0022\u003E\u003Cp paraeid=\u0022{bb8bc300-866c-4703-ac1f-ff3b0c62d1fc}{245}\u0022 paraid=\u0022616853667\u0022\u003ETRANCHES D\u2019ASSIETTE\u0026nbsp;\u003C\/p\u003E\u003C\/td\u003E\u003Ctd data-celllook=\u00220\u0022 role=\u0022columnheader\u0022\u003E\u003Cp paraeid=\u0022{c93819f2-7c69-419e-aaa3-7fceadf4a964}{1}\u0022 paraid=\u0022616853668\u0022\u003ETAUX APPLICABLE\u0026nbsp;\u003C\/p\u003E\u003C\/td\u003E\u003C\/tr\u003E\u003Ctr aria-rowindex=\u00222\u0022 role=\u0022row\u0022\u003E\u003Ctd data-celllook=\u00220\u0022 role=\u0022rowheader\u0022\u003E\u003Cp paraeid=\u0022{c93819f2-7c69-419e-aaa3-7fceadf4a964}{9}\u0022 paraid=\u0022616853670\u0022\u003EDe 0 \u00e0 6\u202f500 \u20ac\u0026nbsp;\u003C\/p\u003E\u003C\/td\u003E\u003Ctd data-celllook=\u00220\u0022\u003E\u003Cp paraeid=\u0022{c93819f2-7c69-419e-aaa3-7fceadf4a964}{16}\u0022 paraid=\u0022616853671\u0022\u003E3,870 %\u003C\/p\u003E\u003C\/td\u003E\u003C\/tr\u003E\u003Ctr aria-rowindex=\u00223\u0022 role=\u0022row\u0022\u003E\u003Ctd data-celllook=\u00220\u0022 role=\u0022rowheader\u0022\u003E\u003Cp paraeid=\u0022{c93819f2-7c69-419e-aaa3-7fceadf4a964}{28}\u0022 paraid=\u0022616853673\u0022\u003EDe 6\u202f500 \u20ac \u00e0 17\u202f000 \u20ac\u0026nbsp;\u003C\/p\u003E\u003C\/td\u003E\u003Ctd data-celllook=\u00220\u0022\u003E\u003Cp paraeid=\u0022{c93819f2-7c69-419e-aaa3-7fceadf4a964}{35}\u0022 paraid=\u0022616853674\u0022\u003E1,596 %\u0026nbsp;\u003C\/p\u003E\u003C\/td\u003E\u003C\/tr\u003E\u003Ctr aria-rowindex=\u00224\u0022 role=\u0022row\u0022\u003E\u003Ctd data-celllook=\u00220\u0022 role=\u0022rowheader\u0022\u003E\u003Cp paraeid=\u0022{c93819f2-7c69-419e-aaa3-7fceadf4a964}{47}\u0022 paraid=\u0022616853676\u0022\u003EDe 17\u202f000 \u20ac \u00e0 60\u202f000 \u20ac\u0026nbsp;\u003C\/p\u003E\u003C\/td\u003E\u003Ctd data-celllook=\u00220\u0022\u003E\u003Cp paraeid=\u0022{c93819f2-7c69-419e-aaa3-7fceadf4a964}{56}\u0022 paraid=\u0022616853677\u0022\u003E1,064 %\u0026nbsp;\u003C\/p\u003E\u003C\/td\u003E\u003C\/tr\u003E\u003Ctr aria-rowindex=\u00225\u0022 role=\u0022row\u0022\u003E\u003Ctd data-celllook=\u00220\u0022 role=\u0022rowheader\u0022\u003E\u003Cp paraeid=\u0022{c93819f2-7c69-419e-aaa3-7fceadf4a964}{68}\u0022 paraid=\u0022616853679\u0022\u003EPlus de 60\u202f000 \u20ac\u0026nbsp;\u003C\/p\u003E\u003C\/td\u003E\u003Ctd data-celllook=\u00220\u0022\u003E\u003Cp paraeid=\u0022{c93819f2-7c69-419e-aaa3-7fceadf4a964}{77}\u0022 paraid=\u0022616853680\u0022\u003E0,799 %\u0026nbsp;\u003C\/p\u003E\u003C\/td\u003E\u003C\/tr\u003E\u003C\/tbody\u003E\u003C\/table\u003E\u003Cp\u003E\u0026nbsp;\u003C\/p\u003E                                            \u003Cp\u003E\u003Cbr \/\u003E\u003Cstrong\u003ESource :\u003C\/strong\u003E\u003Cstrong\u003E\u00a0\u003C\/strong\u003E\u003C\/p\u003E\u003Cul\u003E\u003Cli\u003E\u003Ca href=\u0022https:\/\/www.legifrance.gouv.fr\/codes\/section_lc\/LEGITEXT000005634379\/LEGISCTA000032132238\/#LEGISCTA000032132238\u0022 target=\u0022_blank\u0022\u003EArticles A 444-126 et suivants du Code de commerce\u003C\/a\u003E\u003C\/li\u003E\u003C\/ul\u003E\u003C\/div\u003E","annee":"2025","theme":" Indices, taux, bar\u00e8mes juridiques","activites":["Professionnels du droit et du chiffre"],"image":"https:\/\/www.weblex.fr\/sites\/default\/files\/chiffres_clef\/Shutterstock_dettessuretesetctarifsnotaire.jpg","created":"2026-03-26","modified":"2026-03-26"},{"url":"\/chiffres-cles\/tarifs-des-notaires-patrimoine-et-activite-economique-2025","id":28013,"title":"Tarifs des Notaires \u2013 Patrimoine et activit\u00e9 \u00e9conomique - 2025","content":"\u003Cdiv\u003E                                              \u003Ch3\u003ELes prestations en mati\u00e8re d\u0027\u00e9change donnent lieu \u00e0 la perception :\u003C\/h3\u003E\u003Cp\u003ES\u0027agissant de l\u0027\u00e9change bilat\u00e9ral, d\u0027un \u00e9molument proportionnel \u00e0 la valeur du plus fort des deux lots \u00e9chang\u00e9s, selon le bar\u00e8me suivant :\u003C\/p\u003E\u003Ctable aria-rowcount=\u00225\u0022 border=\u00221\u0022 data-tablelook=\u00221184\u0022 data-tablestyle=\u0022MsoTableGrid\u0022\u003E\u003Ctbody\u003E\u003Ctr aria-rowindex=\u00221\u0022 role=\u0022row\u0022\u003E\u003Ctd data-celllook=\u00220\u0022 role=\u0022rowheader\u0022\u003E\u003Cp paraeid=\u0022{bb8bc300-866c-4703-ac1f-ff3b0c62d1fc}{245}\u0022 paraid=\u0022616853667\u0022\u003ETRANCHES D\u2019ASSIETTE\u0026nbsp;\u003C\/p\u003E\u003C\/td\u003E\u003Ctd data-celllook=\u00220\u0022 role=\u0022columnheader\u0022\u003E\u003Cp paraeid=\u0022{c93819f2-7c69-419e-aaa3-7fceadf4a964}{1}\u0022 paraid=\u0022616853668\u0022\u003ETAUX APPLICABLE\u0026nbsp;\u003C\/p\u003E\u003C\/td\u003E\u003C\/tr\u003E\u003Ctr aria-rowindex=\u00222\u0022 role=\u0022row\u0022\u003E\u003Ctd data-celllook=\u00220\u0022 role=\u0022rowheader\u0022\u003E\u003Cp paraeid=\u0022{c93819f2-7c69-419e-aaa3-7fceadf4a964}{9}\u0022 paraid=\u0022616853670\u0022\u003EDe 0 \u00e0 6\u202f500 \u20ac\u0026nbsp;\u003C\/p\u003E\u003C\/td\u003E\u003Ctd data-celllook=\u00220\u0022\u003E\u003Cp paraeid=\u0022{c93819f2-7c69-419e-aaa3-7fceadf4a964}{16}\u0022 paraid=\u0022616853671\u0022\u003E3,870 %\u0026nbsp;\u003C\/p\u003E\u003C\/td\u003E\u003C\/tr\u003E\u003Ctr aria-rowindex=\u00223\u0022 role=\u0022row\u0022\u003E\u003Ctd data-celllook=\u00220\u0022 role=\u0022rowheader\u0022\u003E\u003Cp paraeid=\u0022{c93819f2-7c69-419e-aaa3-7fceadf4a964}{28}\u0022 paraid=\u0022616853673\u0022\u003EDe 6\u202f500 \u20ac \u00e0 17\u202f000 \u20ac\u0026nbsp;\u003C\/p\u003E\u003C\/td\u003E\u003Ctd data-celllook=\u00220\u0022\u003E\u003Cp paraeid=\u0022{c93819f2-7c69-419e-aaa3-7fceadf4a964}{35}\u0022 paraid=\u0022616853674\u0022\u003E1,596 %\u0026nbsp;\u003C\/p\u003E\u003C\/td\u003E\u003C\/tr\u003E\u003Ctr aria-rowindex=\u00224\u0022 role=\u0022row\u0022\u003E\u003Ctd data-celllook=\u00220\u0022 role=\u0022rowheader\u0022\u003E\u003Cp paraeid=\u0022{c93819f2-7c69-419e-aaa3-7fceadf4a964}{47}\u0022 paraid=\u0022616853676\u0022\u003EDe 17\u202f000 \u20ac \u00e0 60\u202f000 \u20ac\u0026nbsp;\u003C\/p\u003E\u003C\/td\u003E\u003Ctd data-celllook=\u00220\u0022\u003E\u003Cp paraeid=\u0022{c93819f2-7c69-419e-aaa3-7fceadf4a964}{56}\u0022 paraid=\u0022616853677\u0022\u003E1,064 %\u0026nbsp;\u003C\/p\u003E\u003C\/td\u003E\u003C\/tr\u003E\u003Ctr aria-rowindex=\u00225\u0022 role=\u0022row\u0022\u003E\u003Ctd data-celllook=\u00220\u0022 role=\u0022rowheader\u0022\u003E\u003Cp paraeid=\u0022{c93819f2-7c69-419e-aaa3-7fceadf4a964}{68}\u0022 paraid=\u0022616853679\u0022\u003EPlus de 60\u202f000 \u20ac\u0026nbsp;\u003C\/p\u003E\u003C\/td\u003E\u003Ctd data-celllook=\u00220\u0022\u003E\u003Cp paraeid=\u0022{c93819f2-7c69-419e-aaa3-7fceadf4a964}{77}\u0022 paraid=\u0022616853680\u0022\u003E0,799%\u0026nbsp;\u003C\/p\u003E\u003C\/td\u003E\u003C\/tr\u003E\u003C\/tbody\u003E\u003C\/table\u003E\u003Cp\u003ES\u0027agissant de l\u0027\u00e9change multilat\u00e9ral, d\u0027un \u00e9molument proportionnel \u00e0 la valeur globale des biens \u00e9chang\u00e9s, selon le bar\u00e8me suivant :\u003C\/p\u003E\u003Ctable aria-rowcount=\u00225\u0022 border=\u00221\u0022 data-tablelook=\u00221184\u0022 data-tablestyle=\u0022MsoTableGrid\u0022\u003E\u003Ctbody\u003E\u003Ctr aria-rowindex=\u00221\u0022 role=\u0022row\u0022\u003E\u003Ctd data-celllook=\u00220\u0022 role=\u0022rowheader\u0022\u003E\u003Cp paraeid=\u0022{bb8bc300-866c-4703-ac1f-ff3b0c62d1fc}{245}\u0022 paraid=\u0022616853667\u0022\u003ETRANCHES D\u2019ASSIETTE\u0026nbsp;\u003C\/p\u003E\u003C\/td\u003E\u003Ctd data-celllook=\u00220\u0022 role=\u0022columnheader\u0022\u003E\u003Cp paraeid=\u0022{c93819f2-7c69-419e-aaa3-7fceadf4a964}{1}\u0022 paraid=\u0022616853668\u0022\u003ETAUX APPLICABLE\u0026nbsp;\u003C\/p\u003E\u003C\/td\u003E\u003C\/tr\u003E\u003Ctr aria-rowindex=\u00222\u0022 role=\u0022row\u0022\u003E\u003Ctd data-celllook=\u00220\u0022 role=\u0022rowheader\u0022\u003E\u003Cp paraeid=\u0022{c93819f2-7c69-419e-aaa3-7fceadf4a964}{9}\u0022 paraid=\u0022616853670\u0022\u003EDe 0 \u00e0 6\u202f500 \u20ac\u0026nbsp;\u003C\/p\u003E\u003C\/td\u003E\u003Ctd data-celllook=\u00220\u0022\u003E\u003Cp paraeid=\u0022{c93819f2-7c69-419e-aaa3-7fceadf4a964}{16}\u0022 paraid=\u0022616853671\u0022\u003E2,580 %\u0026nbsp;\u003C\/p\u003E\u003C\/td\u003E\u003C\/tr\u003E\u003Ctr aria-rowindex=\u00223\u0022 role=\u0022row\u0022\u003E\u003Ctd data-celllook=\u00220\u0022 role=\u0022rowheader\u0022\u003E\u003Cp paraeid=\u0022{c93819f2-7c69-419e-aaa3-7fceadf4a964}{28}\u0022 paraid=\u0022616853673\u0022\u003EDe 6\u202f500 \u20ac \u00e0 17\u202f000 \u20ac\u0026nbsp;\u003C\/p\u003E\u003C\/td\u003E\u003Ctd data-celllook=\u00220\u0022\u003E\u003Cp paraeid=\u0022{c93819f2-7c69-419e-aaa3-7fceadf4a964}{35}\u0022 paraid=\u0022616853674\u0022\u003E1,064 %\u0026nbsp;\u003C\/p\u003E\u003C\/td\u003E\u003C\/tr\u003E\u003Ctr aria-rowindex=\u00224\u0022 role=\u0022row\u0022\u003E\u003Ctd data-celllook=\u00220\u0022 role=\u0022rowheader\u0022\u003E\u003Cp paraeid=\u0022{c93819f2-7c69-419e-aaa3-7fceadf4a964}{47}\u0022 paraid=\u0022616853676\u0022\u003EDe 17\u202f000 \u20ac \u00e0 60\u202f000 \u20ac\u0026nbsp;\u003C\/p\u003E\u003C\/td\u003E\u003Ctd data-celllook=\u00220\u0022\u003E\u003Cp paraeid=\u0022{c93819f2-7c69-419e-aaa3-7fceadf4a964}{56}\u0022 paraid=\u0022616853677\u0022\u003E0,709 %\u0026nbsp;\u003C\/p\u003E\u003C\/td\u003E\u003C\/tr\u003E\u003Ctr aria-rowindex=\u00225\u0022 role=\u0022row\u0022\u003E\u003Ctd data-celllook=\u00220\u0022 role=\u0022rowheader\u0022\u003E\u003Cp paraeid=\u0022{c93819f2-7c69-419e-aaa3-7fceadf4a964}{68}\u0022 paraid=\u0022616853679\u0022\u003EPlus de 60\u202f000 \u20ac\u0026nbsp;\u003C\/p\u003E\u003C\/td\u003E\u003Ctd data-celllook=\u00220\u0022\u003E\u003Cp paraeid=\u0022{c93819f2-7c69-419e-aaa3-7fceadf4a964}{77}\u0022 paraid=\u0022616853680\u0022\u003E0,532 %\u0026nbsp;\u003C\/p\u003E\u003C\/td\u003E\u003C\/tr\u003E\u003C\/tbody\u003E\u003C\/table\u003E\u003Cp\u003EL\u0027abandon de biens ou droits donne lieu \u00e0 la perception :\u003C\/p\u003E\u003Cp\u003E1\u00b0 S\u0027agissant de l\u0027abandon unilat\u00e9ral par acte s\u00e9par\u00e9, d\u0027un \u00e9molument fixe de 26,41 \u20ac ;\u003C\/p\u003E\u003Cp\u003E2\u00b0 S\u0027agissant de l\u0027abandon accept\u00e9 dans le m\u00eame acte, d\u0027un \u00e9molument proportionnel, selon le bar\u00e8me suivant :\u003C\/p\u003E\u003Ctable aria-rowcount=\u00225\u0022 border=\u00221\u0022 data-tablelook=\u00221184\u0022 data-tablestyle=\u0022MsoTableGrid\u0022\u003E\u003Ctbody\u003E\u003Ctr aria-rowindex=\u00221\u0022 role=\u0022row\u0022\u003E\u003Ctd data-celllook=\u00220\u0022 role=\u0022rowheader\u0022\u003E\u003Cp paraeid=\u0022{bb8bc300-866c-4703-ac1f-ff3b0c62d1fc}{245}\u0022 paraid=\u0022616853667\u0022\u003ETRANCHES D\u2019ASSIETTE\u0026nbsp;\u003C\/p\u003E\u003C\/td\u003E\u003Ctd data-celllook=\u00220\u0022 role=\u0022columnheader\u0022\u003E\u003Cp paraeid=\u0022{c93819f2-7c69-419e-aaa3-7fceadf4a964}{1}\u0022 paraid=\u0022616853668\u0022\u003ETAUX APPLICABLE\u0026nbsp;\u003C\/p\u003E\u003C\/td\u003E\u003C\/tr\u003E\u003Ctr aria-rowindex=\u00222\u0022 role=\u0022row\u0022\u003E\u003Ctd data-celllook=\u00220\u0022 role=\u0022rowheader\u0022\u003E\u003Cp paraeid=\u0022{c93819f2-7c69-419e-aaa3-7fceadf4a964}{9}\u0022 paraid=\u0022616853670\u0022\u003EDe 0 \u00e0 6\u202f500 \u20ac\u0026nbsp;\u003C\/p\u003E\u003C\/td\u003E\u003Ctd data-celllook=\u00220\u0022\u003E\u003Cp paraeid=\u0022{c93819f2-7c69-419e-aaa3-7fceadf4a964}{16}\u0022 paraid=\u0022616853671\u0022\u003E1,935 %\u0026nbsp;\u003C\/p\u003E\u003C\/td\u003E\u003C\/tr\u003E\u003Ctr aria-rowindex=\u00223\u0022 role=\u0022row\u0022\u003E\u003Ctd data-celllook=\u00220\u0022 role=\u0022rowheader\u0022\u003E\u003Cp paraeid=\u0022{c93819f2-7c69-419e-aaa3-7fceadf4a964}{28}\u0022 paraid=\u0022616853673\u0022\u003EDe 6\u202f500 \u20ac \u00e0 17\u202f000 \u20ac\u0026nbsp;\u003C\/p\u003E\u003C\/td\u003E\u003Ctd data-celllook=\u00220\u0022\u003E\u003Cp paraeid=\u0022{c93819f2-7c69-419e-aaa3-7fceadf4a964}{35}\u0022 paraid=\u0022616853674\u0022\u003E1,064 %\u0026nbsp;\u003C\/p\u003E\u003C\/td\u003E\u003C\/tr\u003E\u003Ctr aria-rowindex=\u00224\u0022 role=\u0022row\u0022\u003E\u003Ctd data-celllook=\u00220\u0022 role=\u0022rowheader\u0022\u003E\u003Cp paraeid=\u0022{c93819f2-7c69-419e-aaa3-7fceadf4a964}{47}\u0022 paraid=\u0022616853676\u0022\u003EDe 17\u202f000 \u20ac \u00e0 30\u202f000 \u20ac\u0026nbsp;\u003C\/p\u003E\u003C\/td\u003E\u003Ctd data-celllook=\u00220\u0022\u003E\u003Cp paraeid=\u0022{c93819f2-7c69-419e-aaa3-7fceadf4a964}{56}\u0022 paraid=\u0022616853677\u0022\u003E0,726 %\u0026nbsp;\u003C\/p\u003E\u003C\/td\u003E\u003C\/tr\u003E\u003Ctr aria-rowindex=\u00225\u0022 role=\u0022row\u0022\u003E\u003Ctd data-celllook=\u00220\u0022 role=\u0022rowheader\u0022\u003E\u003Cp paraeid=\u0022{c93819f2-7c69-419e-aaa3-7fceadf4a964}{68}\u0022 paraid=\u0022616853679\u0022\u003EPlus de 30\u202f000 \u20ac\u0026nbsp;\u003C\/p\u003E\u003C\/td\u003E\u003Ctd data-celllook=\u00220\u0022\u003E\u003Cp paraeid=\u0022{c93819f2-7c69-419e-aaa3-7fceadf4a964}{77}\u0022 paraid=\u0022616853680\u0022\u003E0,532 %\u0026nbsp;\u003C\/p\u003E\u003C\/td\u003E\u003C\/tr\u003E\u003C\/tbody\u003E\u003C\/table\u003E\u003Cp\u003ELa vente \u00e0 r\u00e9m\u00e9r\u00e9 donne lieu \u00e0 la perception d\u0027un \u00e9molument proportionnel, selon le bar\u00e8me suivant :\u003C\/p\u003E\u003Ctable aria-rowcount=\u00225\u0022 border=\u00221\u0022 data-tablelook=\u00221184\u0022 data-tablestyle=\u0022MsoTableGrid\u0022\u003E\u003Ctbody\u003E\u003Ctr aria-rowindex=\u00221\u0022 role=\u0022row\u0022\u003E\u003Ctd data-celllook=\u00220\u0022 role=\u0022rowheader\u0022\u003E\u003Cp paraeid=\u0022{bb8bc300-866c-4703-ac1f-ff3b0c62d1fc}{245}\u0022 paraid=\u0022616853667\u0022\u003ETRANCHES D\u2019ASSIETTE\u0026nbsp;\u003C\/p\u003E\u003C\/td\u003E\u003Ctd data-celllook=\u00220\u0022 role=\u0022columnheader\u0022\u003E\u003Cp paraeid=\u0022{c93819f2-7c69-419e-aaa3-7fceadf4a964}{1}\u0022 paraid=\u0022616853668\u0022\u003ETAUX APPLICABLE\u0026nbsp;\u003C\/p\u003E\u003C\/td\u003E\u003C\/tr\u003E\u003Ctr aria-rowindex=\u00222\u0022 role=\u0022row\u0022\u003E\u003Ctd data-celllook=\u00220\u0022 role=\u0022rowheader\u0022\u003E\u003Cp paraeid=\u0022{c93819f2-7c69-419e-aaa3-7fceadf4a964}{9}\u0022 paraid=\u0022616853670\u0022\u003EDe 0 \u00e0 6\u202f500 \u20ac\u0026nbsp;\u003C\/p\u003E\u003C\/td\u003E\u003Ctd data-celllook=\u00220\u0022\u003E\u003Cp paraeid=\u0022{c93819f2-7c69-419e-aaa3-7fceadf4a964}{16}\u0022 paraid=\u0022616853671\u0022\u003E3,870 %\u0026nbsp;\u003C\/p\u003E\u003C\/td\u003E\u003C\/tr\u003E\u003Ctr aria-rowindex=\u00223\u0022 role=\u0022row\u0022\u003E\u003Ctd data-celllook=\u00220\u0022 role=\u0022rowheader\u0022\u003E\u003Cp paraeid=\u0022{c93819f2-7c69-419e-aaa3-7fceadf4a964}{28}\u0022 paraid=\u0022616853673\u0022\u003EDe 6\u202f500 \u20ac \u00e0 17\u202f000 \u20ac\u0026nbsp;\u003C\/p\u003E\u003C\/td\u003E\u003Ctd data-celllook=\u00220\u0022\u003E\u003Cp paraeid=\u0022{c93819f2-7c69-419e-aaa3-7fceadf4a964}{35}\u0022 paraid=\u0022616853674\u0022\u003E1,596 %\u0026nbsp;\u003C\/p\u003E\u003C\/td\u003E\u003C\/tr\u003E\u003Ctr aria-rowindex=\u00224\u0022 role=\u0022row\u0022\u003E\u003Ctd data-celllook=\u00220\u0022 role=\u0022rowheader\u0022\u003E\u003Cp paraeid=\u0022{c93819f2-7c69-419e-aaa3-7fceadf4a964}{47}\u0022 paraid=\u0022616853676\u0022\u003EDe 17\u202f000 \u20ac \u00e0 60\u202f000 \u20ac\u0026nbsp;\u003C\/p\u003E\u003C\/td\u003E\u003Ctd data-celllook=\u00220\u0022\u003E\u003Cp paraeid=\u0022{c93819f2-7c69-419e-aaa3-7fceadf4a964}{56}\u0022 paraid=\u0022616853677\u0022\u003E1,064 %\u0026nbsp;\u003C\/p\u003E\u003C\/td\u003E\u003C\/tr\u003E\u003Ctr aria-rowindex=\u00225\u0022 role=\u0022row\u0022\u003E\u003Ctd data-celllook=\u00220\u0022 role=\u0022rowheader\u0022\u003E\u003Cp paraeid=\u0022{c93819f2-7c69-419e-aaa3-7fceadf4a964}{68}\u0022 paraid=\u0022616853679\u0022\u003EPlus de 60\u202f000 \u20ac\u0026nbsp;\u003C\/p\u003E\u003C\/td\u003E\u003Ctd data-celllook=\u00220\u0022\u003E\u003Cp paraeid=\u0022{c93819f2-7c69-419e-aaa3-7fceadf4a964}{77}\u0022 paraid=\u0022616853680\u0022\u003E0,799 %\u0026nbsp;\u003C\/p\u003E\u003C\/td\u003E\u003C\/tr\u003E\u003C\/tbody\u003E\u003C\/table\u003E\u003Cp\u003ELe rachat de biens vendus \u00e0 r\u00e9m\u00e9r\u00e9 donne lieu \u00e0 la perception d\u0027un \u00e9molument proportionnel, selon le bar\u00e8me suivant :\u003C\/p\u003E\u003Ctable aria-rowcount=\u00225\u0022 border=\u00221\u0022 data-tablelook=\u00221184\u0022 data-tablestyle=\u0022MsoTableGrid\u0022\u003E\u003Ctbody\u003E\u003Ctr aria-rowindex=\u00221\u0022 role=\u0022row\u0022\u003E\u003Ctd data-celllook=\u00220\u0022 role=\u0022rowheader\u0022\u003E\u003Cp paraeid=\u0022{bb8bc300-866c-4703-ac1f-ff3b0c62d1fc}{245}\u0022 paraid=\u0022616853667\u0022\u003ETRANCHES D\u2019ASSIETTE\u0026nbsp;\u003C\/p\u003E\u003C\/td\u003E\u003Ctd data-celllook=\u00220\u0022 role=\u0022columnheader\u0022\u003E\u003Cp paraeid=\u0022{c93819f2-7c69-419e-aaa3-7fceadf4a964}{1}\u0022 paraid=\u0022616853668\u0022\u003ETAUX APPLICABLE\u0026nbsp;\u003C\/p\u003E\u003C\/td\u003E\u003C\/tr\u003E\u003Ctr aria-rowindex=\u00222\u0022 role=\u0022row\u0022\u003E\u003Ctd data-celllook=\u00220\u0022 role=\u0022rowheader\u0022\u003E\u003Cp paraeid=\u0022{c93819f2-7c69-419e-aaa3-7fceadf4a964}{9}\u0022 paraid=\u0022616853670\u0022\u003EDe 0 \u00e0 6\u202f500 \u20ac\u0026nbsp;\u003C\/p\u003E\u003C\/td\u003E\u003Ctd data-celllook=\u00220\u0022\u003E\u003Cp paraeid=\u0022{c93819f2-7c69-419e-aaa3-7fceadf4a964}{16}\u0022 paraid=\u0022616853671\u0022\u003E1,935 %\u0026nbsp;\u003C\/p\u003E\u003C\/td\u003E\u003C\/tr\u003E\u003Ctr aria-rowindex=\u00223\u0022 role=\u0022row\u0022\u003E\u003Ctd data-celllook=\u00220\u0022 role=\u0022rowheader\u0022\u003E\u003Cp paraeid=\u0022{c93819f2-7c69-419e-aaa3-7fceadf4a964}{28}\u0022 paraid=\u0022616853673\u0022\u003EDe 6\u202f500 \u20ac \u00e0 17\u202f000 \u20ac\u0026nbsp;\u003C\/p\u003E\u003C\/td\u003E\u003Ctd data-celllook=\u00220\u0022\u003E\u003Cp paraeid=\u0022{c93819f2-7c69-419e-aaa3-7fceadf4a964}{35}\u0022 paraid=\u0022616853674\u0022\u003E1,064 %\u0026nbsp;\u003C\/p\u003E\u003C\/td\u003E\u003C\/tr\u003E\u003Ctr aria-rowindex=\u00224\u0022 role=\u0022row\u0022\u003E\u003Ctd data-celllook=\u00220\u0022 role=\u0022rowheader\u0022\u003E\u003Cp paraeid=\u0022{c93819f2-7c69-419e-aaa3-7fceadf4a964}{47}\u0022 paraid=\u0022616853676\u0022\u003EDe 17\u202f000 \u20ac \u00e0 30\u202f000 \u20ac\u0026nbsp;\u003C\/p\u003E\u003C\/td\u003E\u003Ctd data-celllook=\u00220\u0022\u003E\u003Cp paraeid=\u0022{c93819f2-7c69-419e-aaa3-7fceadf4a964}{56}\u0022 paraid=\u0022616853677\u0022\u003E0,726 %\u0026nbsp;\u003C\/p\u003E\u003C\/td\u003E\u003C\/tr\u003E\u003Ctr aria-rowindex=\u00225\u0022 role=\u0022row\u0022\u003E\u003Ctd data-celllook=\u00220\u0022 role=\u0022rowheader\u0022\u003E\u003Cp paraeid=\u0022{c93819f2-7c69-419e-aaa3-7fceadf4a964}{68}\u0022 paraid=\u0022616853679\u0022\u003EPlus de 30\u202f000 \u20ac\u0026nbsp;\u003C\/p\u003E\u003C\/td\u003E\u003Ctd data-celllook=\u00220\u0022\u003E\u003Cp paraeid=\u0022{c93819f2-7c69-419e-aaa3-7fceadf4a964}{77}\u0022 paraid=\u0022616853680\u0022\u003E0,532 %\u0026nbsp;\u003C\/p\u003E\u003C\/td\u003E\u003C\/tr\u003E\u003C\/tbody\u003E\u003C\/table\u003E\u003Cp\u003ELe partage de soci\u00e9t\u00e9s de construction donne lieu \u00e0 la perception d\u0027un \u00e9molument proportionnel, selon le bar\u00e8me suivant :\u003C\/p\u003E\u003Ctable aria-rowcount=\u00225\u0022 border=\u00221\u0022 data-tablelook=\u00221184\u0022 data-tablestyle=\u0022MsoTableGrid\u0022\u003E\u003Ctbody\u003E\u003Ctr aria-rowindex=\u00221\u0022 role=\u0022row\u0022\u003E\u003Ctd data-celllook=\u00220\u0022 role=\u0022rowheader\u0022\u003E\u003Cp paraeid=\u0022{bb8bc300-866c-4703-ac1f-ff3b0c62d1fc}{245}\u0022 paraid=\u0022616853667\u0022\u003ETRANCHES D\u2019ASSIETTE\u0026nbsp;\u003C\/p\u003E\u003C\/td\u003E\u003Ctd data-celllook=\u00220\u0022 role=\u0022columnheader\u0022\u003E\u003Cp paraeid=\u0022{c93819f2-7c69-419e-aaa3-7fceadf4a964}{1}\u0022 paraid=\u0022616853668\u0022\u003ETAUX APPLICABLE\u0026nbsp;\u003C\/p\u003E\u003C\/td\u003E\u003C\/tr\u003E\u003Ctr aria-rowindex=\u00222\u0022 role=\u0022row\u0022\u003E\u003Ctd data-celllook=\u00220\u0022 role=\u0022rowheader\u0022\u003E\u003Cp paraeid=\u0022{c93819f2-7c69-419e-aaa3-7fceadf4a964}{9}\u0022 paraid=\u0022616853670\u0022\u003EDe 0 \u00e0 6\u202f500 \u20ac\u0026nbsp;\u003C\/p\u003E\u003C\/td\u003E\u003Ctd data-celllook=\u00220\u0022\u003E\u003Cp paraeid=\u0022{c93819f2-7c69-419e-aaa3-7fceadf4a964}{16}\u0022 paraid=\u0022616853671\u0022\u003E0,967 %\u0026nbsp;\u003C\/p\u003E\u003C\/td\u003E\u003C\/tr\u003E\u003Ctr aria-rowindex=\u00223\u0022 role=\u0022row\u0022\u003E\u003Ctd data-celllook=\u00220\u0022 role=\u0022rowheader\u0022\u003E\u003Cp paraeid=\u0022{c93819f2-7c69-419e-aaa3-7fceadf4a964}{28}\u0022 paraid=\u0022616853673\u0022\u003EDe 6\u202f500 \u20ac \u00e0 17\u202f000 \u20ac\u0026nbsp;\u003C\/p\u003E\u003C\/td\u003E\u003Ctd data-celllook=\u00220\u0022\u003E\u003Cp paraeid=\u0022{c93819f2-7c69-419e-aaa3-7fceadf4a964}{35}\u0022 paraid=\u0022616853674\u0022\u003E0,532 %\u0026nbsp;\u003C\/p\u003E\u003C\/td\u003E\u003C\/tr\u003E\u003Ctr aria-rowindex=\u00224\u0022 role=\u0022row\u0022\u003E\u003Ctd data-celllook=\u00220\u0022 role=\u0022rowheader\u0022\u003E\u003Cp paraeid=\u0022{c93819f2-7c69-419e-aaa3-7fceadf4a964}{47}\u0022 paraid=\u0022616853676\u0022\u003EDe 17\u202f000 \u20ac \u00e0 30\u202f000 \u20ac\u0026nbsp;\u003C\/p\u003E\u003C\/td\u003E\u003Ctd data-celllook=\u00220\u0022\u003E\u003Cp paraeid=\u0022{c93819f2-7c69-419e-aaa3-7fceadf4a964}{56}\u0022 paraid=\u0022616853677\u0022\u003E0,363 %\u0026nbsp;\u003C\/p\u003E\u003C\/td\u003E\u003C\/tr\u003E\u003Ctr aria-rowindex=\u00225\u0022 role=\u0022row\u0022\u003E\u003Ctd data-celllook=\u00220\u0022 role=\u0022rowheader\u0022\u003E\u003Cp paraeid=\u0022{c93819f2-7c69-419e-aaa3-7fceadf4a964}{68}\u0022 paraid=\u0022616853679\u0022\u003EPlus de 30\u202f000 \u20ac\u0026nbsp;\u003C\/p\u003E\u003C\/td\u003E\u003Ctd data-celllook=\u00220\u0022\u003E\u003Cp paraeid=\u0022{c93819f2-7c69-419e-aaa3-7fceadf4a964}{77}\u0022 paraid=\u0022616853680\u0022\u003E0,266 %\u003C\/p\u003E\u003C\/td\u003E\u003C\/tr\u003E\u003C\/tbody\u003E\u003C\/table\u003E\u003Cp\u003EEn cas de partage partiel, le montant des \u00e9moluments support\u00e9s par chaque copartageant sortant de la soci\u00e9t\u00e9 ne pourra \u00eatre sup\u00e9rieur au montant de ceux dont il aurait \u00e9t\u00e9 redevable si le partage avait \u00e9t\u00e9 total.\u003C\/p\u003E\u003Cp\u003ELe partage volontaire ou judiciaire donne lieu \u00e0 la perception :\u003C\/p\u003E\u003Cp\u003E1\u00b0 D\u0027un \u00e9molument proportionnel \u00e0 l\u0027actif brut, d\u00e9duction faite seulement des legs particuliers, selon le bar\u00e8me suivant :\u003C\/p\u003E\u003Ctable aria-rowcount=\u00225\u0022 border=\u00221\u0022 data-tablelook=\u00221184\u0022 data-tablestyle=\u0022MsoTableGrid\u0022\u003E\u003Ctbody\u003E\u003Ctr aria-rowindex=\u00221\u0022 role=\u0022row\u0022\u003E\u003Ctd data-celllook=\u00220\u0022 role=\u0022rowheader\u0022\u003E\u003Cp paraeid=\u0022{bb8bc300-866c-4703-ac1f-ff3b0c62d1fc}{245}\u0022 paraid=\u0022616853667\u0022\u003ETRANCHES D\u2019ASSIETTE\u0026nbsp;\u003C\/p\u003E\u003C\/td\u003E\u003Ctd data-celllook=\u00220\u0022 role=\u0022columnheader\u0022\u003E\u003Cp paraeid=\u0022{c93819f2-7c69-419e-aaa3-7fceadf4a964}{1}\u0022 paraid=\u0022616853668\u0022\u003ETAUX APPLICABLE\u0026nbsp;\u003C\/p\u003E\u003C\/td\u003E\u003C\/tr\u003E\u003Ctr aria-rowindex=\u00222\u0022 role=\u0022row\u0022\u003E\u003Ctd data-celllook=\u00220\u0022 role=\u0022rowheader\u0022\u003E\u003Cp paraeid=\u0022{c93819f2-7c69-419e-aaa3-7fceadf4a964}{9}\u0022 paraid=\u0022616853670\u0022\u003EDe 0 \u00e0 6\u202f500 \u20ac\u0026nbsp;\u003C\/p\u003E\u003C\/td\u003E\u003Ctd data-celllook=\u00220\u0022\u003E\u003Cp paraeid=\u0022{c93819f2-7c69-419e-aaa3-7fceadf4a964}{16}\u0022 paraid=\u0022616853671\u0022\u003E4,837 %\u0026nbsp;\u003C\/p\u003E\u003C\/td\u003E\u003C\/tr\u003E\u003Ctr aria-rowindex=\u00223\u0022 role=\u0022row\u0022\u003E\u003Ctd data-celllook=\u00220\u0022 role=\u0022rowheader\u0022\u003E\u003Cp paraeid=\u0022{c93819f2-7c69-419e-aaa3-7fceadf4a964}{28}\u0022 paraid=\u0022616853673\u0022\u003EDe 6\u202f500 \u20ac \u00e0 17\u202f000 \u20ac\u0026nbsp;\u003C\/p\u003E\u003C\/td\u003E\u003Ctd data-celllook=\u00220\u0022\u003E\u003Cp paraeid=\u0022{c93819f2-7c69-419e-aaa3-7fceadf4a964}{35}\u0022 paraid=\u0022616853674\u0022\u003E1,995 %\u0026nbsp;\u003C\/p\u003E\u003C\/td\u003E\u003C\/tr\u003E\u003Ctr aria-rowindex=\u00224\u0022 role=\u0022row\u0022\u003E\u003Ctd data-celllook=\u00220\u0022 role=\u0022rowheader\u0022\u003E\u003Cp paraeid=\u0022{c93819f2-7c69-419e-aaa3-7fceadf4a964}{47}\u0022 paraid=\u0022616853676\u0022\u003EDe 17\u202f000 \u20ac \u00e0 60\u202f000 \u20ac\u0026nbsp;\u003C\/p\u003E\u003C\/td\u003E\u003Ctd data-celllook=\u00220\u0022\u003E\u003Cp paraeid=\u0022{c93819f2-7c69-419e-aaa3-7fceadf4a964}{56}\u0022 paraid=\u0022616853677\u0022\u003E1,330 %\u0026nbsp;\u003C\/p\u003E\u003C\/td\u003E\u003C\/tr\u003E\u003Ctr aria-rowindex=\u00225\u0022 role=\u0022row\u0022\u003E\u003Ctd data-celllook=\u00220\u0022 role=\u0022rowheader\u0022\u003E\u003Cp paraeid=\u0022{c93819f2-7c69-419e-aaa3-7fceadf4a964}{68}\u0022 paraid=\u0022616853679\u0022\u003EPlus de 60\u202f000 \u20ac\u0026nbsp;\u003C\/p\u003E\u003C\/td\u003E\u003Ctd data-celllook=\u00220\u0022\u003E\u003Cp paraeid=\u0022{c93819f2-7c69-419e-aaa3-7fceadf4a964}{77}\u0022 paraid=\u0022616853680\u0022\u003E0,998 %\u0026nbsp;\u003C\/p\u003E\u003C\/td\u003E\u003C\/tr\u003E\u003C\/tbody\u003E\u003C\/table\u003E\u003Cp\u003E2\u00b0 D\u0027un \u00e9molument proportionnel non d\u00e9gressif de 0,484 % sur les reprises en nature.\u003C\/p\u003E\u003Cp\u003EL\u0027\u00e9molument pr\u00e9vu au 1\u00b0 n\u0027est per\u00e7u qu\u0027une seule fois sur les valeurs qui figurent dans plusieurs op\u00e9rations successives comprises dans un m\u00eame acte de liquidation.\u003C\/p\u003E\u003Cp\u003ELe partage de biens indivis donne lieu \u00e0 la perception d\u0027un \u00e9molument proportionnel, selon le bar\u00e8me suivant :\u003C\/p\u003E\u003Ctable aria-rowcount=\u00225\u0022 border=\u00221\u0022 data-tablelook=\u00221184\u0022 data-tablestyle=\u0022MsoTableGrid\u0022\u003E\u003Ctbody\u003E\u003Ctr aria-rowindex=\u00221\u0022 role=\u0022row\u0022\u003E\u003Ctd data-celllook=\u00220\u0022 role=\u0022rowheader\u0022\u003E\u003Cp paraeid=\u0022{bb8bc300-866c-4703-ac1f-ff3b0c62d1fc}{245}\u0022 paraid=\u0022616853667\u0022\u003ETRANCHES D\u2019ASSIETTE\u0026nbsp;\u003C\/p\u003E\u003C\/td\u003E\u003Ctd data-celllook=\u00220\u0022 role=\u0022columnheader\u0022\u003E\u003Cp paraeid=\u0022{c93819f2-7c69-419e-aaa3-7fceadf4a964}{1}\u0022 paraid=\u0022616853668\u0022\u003ETAUX APPLICABLE\u0026nbsp;\u003C\/p\u003E\u003C\/td\u003E\u003C\/tr\u003E\u003Ctr aria-rowindex=\u00222\u0022 role=\u0022row\u0022\u003E\u003Ctd data-celllook=\u00220\u0022 role=\u0022rowheader\u0022\u003E\u003Cp paraeid=\u0022{c93819f2-7c69-419e-aaa3-7fceadf4a964}{9}\u0022 paraid=\u0022616853670\u0022\u003EDe 0 \u00e0 6\u202f500 \u20ac\u0026nbsp;\u003C\/p\u003E\u003C\/td\u003E\u003Ctd data-celllook=\u00220\u0022\u003E\u003Cp paraeid=\u0022{c93819f2-7c69-419e-aaa3-7fceadf4a964}{16}\u0022 paraid=\u0022616853671\u0022\u003E2,580 %\u0026nbsp;\u003C\/p\u003E\u003C\/td\u003E\u003C\/tr\u003E\u003Ctr aria-rowindex=\u00223\u0022 role=\u0022row\u0022\u003E\u003Ctd data-celllook=\u00220\u0022 role=\u0022rowheader\u0022\u003E\u003Cp paraeid=\u0022{c93819f2-7c69-419e-aaa3-7fceadf4a964}{28}\u0022 paraid=\u0022616853673\u0022\u003EDe 6\u202f500 \u20ac \u00e0 17\u202f000 \u20ac\u0026nbsp;\u003C\/p\u003E\u003C\/td\u003E\u003Ctd data-celllook=\u00220\u0022\u003E\u003Cp paraeid=\u0022{c93819f2-7c69-419e-aaa3-7fceadf4a964}{35}\u0022 paraid=\u0022616853674\u0022\u003E1,064 %\u0026nbsp;\u003C\/p\u003E\u003C\/td\u003E\u003C\/tr\u003E\u003Ctr aria-rowindex=\u00224\u0022 role=\u0022row\u0022\u003E\u003Ctd data-celllook=\u00220\u0022 role=\u0022rowheader\u0022\u003E\u003Cp paraeid=\u0022{c93819f2-7c69-419e-aaa3-7fceadf4a964}{47}\u0022 paraid=\u0022616853676\u0022\u003EDe 17\u202f000 \u20ac \u00e0 60\u202f000 \u20ac\u0026nbsp;\u003C\/p\u003E\u003C\/td\u003E\u003Ctd data-celllook=\u00220\u0022\u003E\u003Cp paraeid=\u0022{c93819f2-7c69-419e-aaa3-7fceadf4a964}{56}\u0022 paraid=\u0022616853677\u0022\u003E0,709 %\u0026nbsp;\u003C\/p\u003E\u003C\/td\u003E\u003C\/tr\u003E\u003Ctr aria-rowindex=\u00225\u0022 role=\u0022row\u0022\u003E\u003Ctd data-celllook=\u00220\u0022 role=\u0022rowheader\u0022\u003E\u003Cp paraeid=\u0022{c93819f2-7c69-419e-aaa3-7fceadf4a964}{68}\u0022 paraid=\u0022616853679\u0022\u003EPlus de 60\u202f000 \u20ac\u0026nbsp;\u003C\/p\u003E\u003C\/td\u003E\u003Ctd data-celllook=\u00220\u0022\u003E\u003Cp paraeid=\u0022{c93819f2-7c69-419e-aaa3-7fceadf4a964}{77}\u0022 paraid=\u0022616853680\u0022\u003E0,532 %\u0026nbsp;\u003C\/p\u003E\u003C\/td\u003E\u003C\/tr\u003E\u003C\/tbody\u003E\u003C\/table\u003E\u003Cp\u003ELa liquidation sans partage donne lieu \u00e0 la perception d\u0027un \u00e9molument proportionnel, selon le bar\u00e8me suivant :\u003C\/p\u003E\u003Ctable aria-rowcount=\u00225\u0022 border=\u00221\u0022 data-tablelook=\u00221184\u0022 data-tablestyle=\u0022MsoTableGrid\u0022\u003E\u003Ctbody\u003E\u003Ctr aria-rowindex=\u00221\u0022 role=\u0022row\u0022\u003E\u003Ctd data-celllook=\u00220\u0022 role=\u0022rowheader\u0022\u003E\u003Cp paraeid=\u0022{bb8bc300-866c-4703-ac1f-ff3b0c62d1fc}{245}\u0022 paraid=\u0022616853667\u0022\u003ETRANCHES D\u2019ASSIETTE\u0026nbsp;\u003C\/p\u003E\u003C\/td\u003E\u003Ctd data-celllook=\u00220\u0022 role=\u0022columnheader\u0022\u003E\u003Cp paraeid=\u0022{c93819f2-7c69-419e-aaa3-7fceadf4a964}{1}\u0022 paraid=\u0022616853668\u0022\u003ETAUX APPLICABLE\u0026nbsp;\u003C\/p\u003E\u003C\/td\u003E\u003C\/tr\u003E\u003Ctr aria-rowindex=\u00222\u0022 role=\u0022row\u0022\u003E\u003Ctd data-celllook=\u00220\u0022 role=\u0022rowheader\u0022\u003E\u003Cp paraeid=\u0022{c93819f2-7c69-419e-aaa3-7fceadf4a964}{9}\u0022 paraid=\u0022616853670\u0022\u003EDe 0 \u00e0 6\u202f500 \u20ac\u0026nbsp;\u003C\/p\u003E\u003C\/td\u003E\u003Ctd data-celllook=\u00220\u0022\u003E\u003Cp paraeid=\u0022{c93819f2-7c69-419e-aaa3-7fceadf4a964}{16}\u0022 paraid=\u0022616853671\u0022\u003E1,935 %\u0026nbsp;\u003C\/p\u003E\u003C\/td\u003E\u003C\/tr\u003E\u003Ctr aria-rowindex=\u00223\u0022 role=\u0022row\u0022\u003E\u003Ctd data-celllook=\u00220\u0022 role=\u0022rowheader\u0022\u003E\u003Cp paraeid=\u0022{c93819f2-7c69-419e-aaa3-7fceadf4a964}{28}\u0022 paraid=\u0022616853673\u0022\u003EDe 6\u202f500 \u20ac \u00e0 17\u202f000 \u20ac\u0026nbsp;\u003C\/p\u003E\u003C\/td\u003E\u003Ctd data-celllook=\u00220\u0022\u003E\u003Cp paraeid=\u0022{c93819f2-7c69-419e-aaa3-7fceadf4a964}{35}\u0022 paraid=\u0022616853674\u0022\u003E0,799 %\u0026nbsp;\u003C\/p\u003E\u003C\/td\u003E\u003C\/tr\u003E\u003Ctr aria-rowindex=\u00224\u0022 role=\u0022row\u0022\u003E\u003Ctd data-celllook=\u00220\u0022 role=\u0022rowheader\u0022\u003E\u003Cp paraeid=\u0022{c93819f2-7c69-419e-aaa3-7fceadf4a964}{47}\u0022 paraid=\u0022616853676\u0022\u003EDe 17\u202f000 \u20ac \u00e0 60\u202f000 \u20ac\u0026nbsp;\u003C\/p\u003E\u003C\/td\u003E\u003Ctd data-celllook=\u00220\u0022\u003E\u003Cp paraeid=\u0022{c93819f2-7c69-419e-aaa3-7fceadf4a964}{56}\u0022 paraid=\u0022616853677\u0022\u003E0,532 %\u0026nbsp;\u003C\/p\u003E\u003C\/td\u003E\u003C\/tr\u003E\u003Ctr aria-rowindex=\u00225\u0022 role=\u0022row\u0022\u003E\u003Ctd data-celllook=\u00220\u0022 role=\u0022rowheader\u0022\u003E\u003Cp paraeid=\u0022{c93819f2-7c69-419e-aaa3-7fceadf4a964}{68}\u0022 paraid=\u0022616853679\u0022\u003EPlus de 60\u202f000 \u20ac\u0026nbsp;\u003C\/p\u003E\u003C\/td\u003E\u003Ctd data-celllook=\u00220\u0022\u003E\u003Cp paraeid=\u0022{c93819f2-7c69-419e-aaa3-7fceadf4a964}{77}\u0022 paraid=\u0022616853680\u0022\u003E0,399 %\u0026nbsp;\u003C\/p\u003E\u003C\/td\u003E\u003C\/tr\u003E\u003C\/tbody\u003E\u003C\/table\u003E\u003Cp\u003ELes ventes par adjudication judiciaire de meubles et objets mobiliers, d\u0027arbres en d\u00e9tail et de bateaux \u0026nbsp;donnent lieu \u00e0 la perception des \u00e9moluments pr\u00e9vus pour les commissaires-priseurs judiciaires.\u003C\/p\u003E\u003Cp\u003ELes prestations en mati\u00e8re d\u0027affectation d\u0027un bien immobilier dans le patrimoine de l\u0027entrepreneur individuel \u00e0 responsabilit\u00e9 limit\u00e9e donnent lieu \u00e0 la perception des \u00e9moluments suivants :\u003C\/p\u003E\u003Ctable aria-rowcount=\u00225\u0022 border=\u00221\u0022 data-tablelook=\u00221184\u0022 data-tablestyle=\u0022MsoTableGrid\u0022\u003E\u003Ctbody\u003E\u003Ctr aria-rowindex=\u00221\u0022 role=\u0022row\u0022\u003E\u003Ctd data-celllook=\u00220\u0022 role=\u0022rowheader\u0022\u003E\u003Cp paraeid=\u0022{bb8bc300-866c-4703-ac1f-ff3b0c62d1fc}{245}\u0022 paraid=\u0022616853667\u0022\u003ED\u00c9SIGNATION DE LA PRESTATION\u0026nbsp;\u003C\/p\u003E\u003C\/td\u003E\u003Ctd data-celllook=\u00220\u0022 role=\u0022columnheader\u0022\u003E\u003Cp paraeid=\u0022{c93819f2-7c69-419e-aaa3-7fceadf4a964}{1}\u0022 paraid=\u0022616853668\u0022\u003E\u00c9molument\u0026nbsp;\u003C\/p\u003E\u003C\/td\u003E\u003C\/tr\u003E\u003Ctr aria-rowindex=\u00222\u0022 role=\u0022row\u0022\u003E\u003Ctd data-celllook=\u00220\u0022 role=\u0022rowheader\u0022\u003E\u003Cp paraeid=\u0022{c93819f2-7c69-419e-aaa3-7fceadf4a964}{9}\u0022 paraid=\u0022616853670\u0022\u003E\u00c9tablissement de l\u0027acte et le d\u00e9p\u00f4t pr\u00e9vus \u003Ca href=\u0022https:\/\/www.legifrance.gouv.fr\/codes\/article_lc\/LEGIARTI000038584677\u0022 target=\u0022_blank\u0022\u003Eici\u003C\/a\u003E\u003C\/p\u003E\u003C\/td\u003E\u003Ctd data-celllook=\u00220\u0022\u003E\u003Cp paraeid=\u0022{c93819f2-7c69-419e-aaa3-7fceadf4a964}{16}\u0022 paraid=\u0022616853671\u0022\u003E113,20 \u20ac\u003C\/p\u003E\u003C\/td\u003E\u003C\/tr\u003E\u003Ctr aria-rowindex=\u00223\u0022 role=\u0022row\u0022\u003E\u003Ctd data-celllook=\u00220\u0022 role=\u0022rowheader\u0022\u003E\u003Cp paraeid=\u0022{c93819f2-7c69-419e-aaa3-7fceadf4a964}{28}\u0022 paraid=\u0022616853673\u0022\u003ERenonciation \u00e0 l\u0027affectation du patrimoine\u003C\/p\u003E\u003C\/td\u003E\u003Ctd data-celllook=\u00220\u0022\u003E\u003Cp paraeid=\u0022{c93819f2-7c69-419e-aaa3-7fceadf4a964}{35}\u0022 paraid=\u0022616853674\u0022\u003E113,20 \u20ac\u003C\/p\u003E\u003C\/td\u003E\u003C\/tr\u003E\u003Ctr aria-rowindex=\u00224\u0022 role=\u0022row\u0022\u003E\u003Ctd data-celllook=\u00220\u0022 role=\u0022rowheader\u0022\u003E\u003Cp paraeid=\u0022{c93819f2-7c69-419e-aaa3-7fceadf4a964}{47}\u0022 paraid=\u0022616853676\u0022\u003EActe comportant reprise, cession ou apport du bien affect\u00e9\u003C\/p\u003E\u003C\/td\u003E\u003Ctd data-celllook=\u00220\u0022\u003E\u003Cp paraeid=\u0022{c93819f2-7c69-419e-aaa3-7fceadf4a964}{56}\u0022 paraid=\u0022616853677\u0022\u003E113,20 \u20ac\u003C\/p\u003E\u003C\/td\u003E\u003C\/tr\u003E\u003Ctr aria-rowindex=\u00225\u0022 role=\u0022row\u0022\u003E\u003Ctd data-celllook=\u00220\u0022 role=\u0022rowheader\u0022\u003E\u003Cp paraeid=\u0022{c93819f2-7c69-419e-aaa3-7fceadf4a964}{68}\u0022 paraid=\u0022616853679\u0022\u003E\u00c9valuation d\u0027un bien immobilier dont la valeur doit \u00eatre d\u00e9clar\u00e9e\u0026nbsp;\u003C\/p\u003E\u003C\/td\u003E\u003Ctd data-celllook=\u00220\u0022\u003E\u003Cp paraeid=\u0022{c93819f2-7c69-419e-aaa3-7fceadf4a964}{77}\u0022 paraid=\u0022616853680\u0022\u003E113,20 \u20ac\u003C\/p\u003E\u003C\/td\u003E\u003C\/tr\u003E\u003C\/tbody\u003E\u003C\/table\u003E\u003Cp\u003E\u0026nbsp;\u003C\/p\u003E                                            \u003Cp\u003E\u003Cbr \/\u003E\u003Cstrong\u003ESource :\u003C\/strong\u003E\u003Cstrong\u003E\u00a0\u003C\/strong\u003E\u003C\/p\u003E\u003Cul\u003E\u003Cli\u003E\u003Ca href=\u0022https:\/\/www.legifrance.gouv.fr\/codes\/section_lc\/LEGITEXT000005634379\/LEGISCTA000032132216\/2026-03-24\u0022 target=\u0022_blank\u0022\u003EArticles A 444-117 et suivants du Code de commerce\u003C\/a\u003E\u003C\/li\u003E\u003C\/ul\u003E\u003C\/div\u003E","annee":"2025","theme":" Indices, taux, bar\u00e8mes juridiques","activites":["Professionnels du droit et du chiffre"],"image":"https:\/\/www.weblex.fr\/sites\/default\/files\/chiffres_clef\/Shutterstock_patrimoinetarifstarifspatrimoine.jpg","created":"2026-03-24","modified":"2026-03-24"},{"url":"\/chiffres-cles\/indice-du-climat-des-affaires-dans-les-activites-immobilieres-annee-2025","id":25755,"title":"Indice du climat des affaires dans les activit\u00e9s immobili\u00e8res - Ann\u00e9e 2025","content":"\u003Cdiv\u003E                                              \u003Cp\u003EIndice du climat des affaires dans les activit\u00e9s immobili\u00e8res\u0026nbsp;\u003C\/p\u003E\u003Ctable class=\u0022MsoTableGrid\u0022\u003E\u003Ctbody\u003E\u003Ctr\u003E\u003Ctd valign=\u0022top\u0022\u003E\u003Cp align=\u0022center\u0022\u003E\u003Cstrong\u003EP\u00e9riode\u003C\/strong\u003E\u003C\/p\u003E\u003C\/td\u003E\u003Ctd valign=\u0022top\u0022\u003E\u003Cp align=\u0022center\u0022\u003E\u003Cstrong\u003EIndice\u003C\/strong\u003E\u003C\/p\u003E\u003C\/td\u003E\u003C\/tr\u003E\u003Ctr\u003E\u003Ctd valign=\u0022top\u0022\u003E\u003Cp\u003EJanvier 2025\u003C\/p\u003E\u003C\/td\u003E\u003Ctd valign=\u0022top\u0022\u003E\u003Cp align=\u0022center\u0022\u003E104\u003C\/p\u003E\u003C\/td\u003E\u003C\/tr\u003E\u003Ctr\u003E\u003Ctd valign=\u0022top\u0022\u003E\u003Cp\u003EF\u00e9vrier 2025\u003C\/p\u003E\u003C\/td\u003E\u003Ctd valign=\u0022top\u0022\u003E\u003Cp align=\u0022center\u0022\u003E101\u003C\/p\u003E\u003C\/td\u003E\u003C\/tr\u003E\u003Ctr\u003E\u003Ctd valign=\u0022top\u0022\u003E\u003Cp\u003EMars 2025\u003C\/p\u003E\u003C\/td\u003E\u003Ctd valign=\u0022top\u0022\u003E\u003Cp align=\u0022center\u0022\u003E100\u003C\/p\u003E\u003C\/td\u003E\u003C\/tr\u003E\u003Ctr\u003E\u003Ctd valign=\u0022top\u0022\u003E\u003Cp\u003EAvril 2025\u003C\/p\u003E\u003C\/td\u003E\u003Ctd valign=\u0022top\u0022\u003E\u003Cp align=\u0022center\u0022\u003E103\u003C\/p\u003E\u003C\/td\u003E\u003C\/tr\u003E\u003Ctr\u003E\u003Ctd valign=\u0022top\u0022\u003E\u003Cp\u003EMai 2025\u003C\/p\u003E\u003C\/td\u003E\u003Ctd valign=\u0022top\u0022\u003E\u003Cp align=\u0022center\u0022\u003E104\u003C\/p\u003E\u003C\/td\u003E\u003C\/tr\u003E\u003Ctr\u003E\u003Ctd valign=\u0022top\u0022\u003E\u003Cp\u003EJuin 2025\u003C\/p\u003E\u003C\/td\u003E\u003Ctd valign=\u0022top\u0022\u003E\u003Cp align=\u0022center\u0022\u003E101\u003C\/p\u003E\u003C\/td\u003E\u003C\/tr\u003E\u003Ctr\u003E\u003Ctd valign=\u0022top\u0022\u003E\u003Cp\u003EJuillet 2025\u003C\/p\u003E\u003C\/td\u003E\u003Ctd valign=\u0022top\u0022\u003E\u003Cp align=\u0022center\u0022\u003E99\u003C\/p\u003E\u003C\/td\u003E\u003C\/tr\u003E\u003Ctr\u003E\u003Ctd valign=\u0022top\u0022\u003E\u003Cp\u003EAo\u00fbt 2025\u003C\/p\u003E\u003C\/td\u003E\u003Ctd valign=\u0022top\u0022\u003E\u003Cp align=\u0022center\u0022\u003E96\u003C\/p\u003E\u003C\/td\u003E\u003C\/tr\u003E\u003Ctr\u003E\u003Ctd valign=\u0022top\u0022\u003E\u003Cp\u003ESeptembre 2025\u003C\/p\u003E\u003C\/td\u003E\u003Ctd valign=\u0022top\u0022\u003E\u003Cp align=\u0022center\u0022\u003E94\u003C\/p\u003E\u003C\/td\u003E\u003C\/tr\u003E\u003Ctr\u003E\u003Ctd valign=\u0022top\u0022\u003E\u003Cp\u003EOctobre 2025\u003C\/p\u003E\u003C\/td\u003E\u003Ctd valign=\u0022top\u0022\u003E\u003Cp align=\u0022center\u0022\u003E97\u003C\/p\u003E\u003C\/td\u003E\u003C\/tr\u003E\u003Ctr\u003E\u003Ctd valign=\u0022top\u0022\u003E\u003Cp\u003ENovembre 2025\u003C\/p\u003E\u003C\/td\u003E\u003Ctd valign=\u0022top\u0022\u003E\u003Cp align=\u0022center\u0022\u003E94\u003C\/p\u003E\u003C\/td\u003E\u003C\/tr\u003E\u003Ctr\u003E\u003Ctd valign=\u0022top\u0022\u003E\u003Cp\u003ED\u00e9cembre 2025\u003C\/p\u003E\u003C\/td\u003E\u003Ctd valign=\u0022top\u0022\u003E\u003Cp align=\u0022center\u0022\u003E96\u003C\/p\u003E\u003C\/td\u003E\u003C\/tr\u003E\u003C\/tbody\u003E\u003C\/table\u003E                                            \u003Cp\u003E\u003Cbr \/\u003E\u003Cstrong\u003ESource :\u003C\/strong\u003E\u003Cstrong\u003E\u00a0\u003C\/strong\u003E\u003C\/p\u003E\u003Cul\u003E\u003Cli\u003E\u003Ca href=\u0022https:\/\/www.insee.fr\/fr\/statistiques\/8686459\u0022 target=\u0022_blank\u0022 rel=\u0022noopener\u0022\u003EIndice du climat des affaires dans les activit\u00e9s immobili\u00e8res \u2013 D\u00e9cembre 2025\u003C\/a\u003E\u003C\/li\u003E\u003C\/ul\u003E\u003C\/div\u003E","annee":"2025","theme":" Indices, taux, bar\u00e8mes juridiques","activites":["Agent immobilier"],"image":"https:\/\/www.weblex.fr\/sites\/default\/files\/chiffres_clef\/Shutterstock_activitesimmobilieresclimat.jpg","created":"2026-03-23","modified":"2026-03-23"},{"url":"\/chiffres-cles\/tarifs-des-greffiers-des-tribunaux-de-commerce-publicites-2024-2026","id":27996,"title":"Tarifs des greffiers des tribunaux de commerce \u2013 Publicit\u00e9s - 2024 - 2026","content":"\u003Cdiv\u003E                                              \u003Ch2\u003ETarifs applicables du 28 f\u00e9vrier 2024 au 1er mars 2026\u003C\/h2\u003E\u003Cdiv class=\u0022WordSection1\u0022\u003E\u003Cdiv align=\u0022center\u0022\u003E\u003Ctable class=\u0022MsoNormalTable\u0022 border=\u00221\u0022 cellspacing=\u00220\u0022 cellpadding=\u00220\u0022\u003E\u003Ctbody\u003E\u003Ctr\u003E\u003Ctd\u003E\u003Cp class=\u0022MsoNormal\u0022\u003E\u003Cbr\u003E\u003Cstrong\u003ESous-cat\u00e9gorie\u003C\/strong\u003E\u003C\/p\u003E\u003C\/td\u003E\u003Ctd\u003E\u003Cp class=\u0022MsoNormal\u0022\u003E\u003Cbr\u003E\u003Cstrong\u003ED\u00e9signation de la prestation\u003C\/strong\u003E\u003C\/p\u003E\u003C\/td\u003E\u003Ctd\u003E\u003Cp class=\u0022MsoNormal\u0022\u003E\u003Cbr\u003E\u003Cstrong\u003E\u00c9molument\u003C\/strong\u003E\u003C\/p\u003E\u003C\/td\u003E\u003C\/tr\u003E\u003Ctr\u003E\u003Ctd rowspan=\u00225\u0022\u003E\u003Cp class=\u0022MsoNormal\u0022\u003E\u003Cbr\u003E\u003Cstrong\u003EPublicit\u00e9 de cr\u00e9dit-bail en mati\u00e8re mobili\u00e8re\u003C\/strong\u003E\u003C\/p\u003E\u003C\/td\u003E\u003Ctd\u003E\u003Cp class=\u0022MsoNormal\u0022\u003E\u003Cbr\u003E\u003Cstrong\u003EInscription principale, y compris la radiation\u003C\/strong\u003E\u003C\/p\u003E\u003C\/td\u003E\u003Ctd\u003E\u003Cp class=\u0022MsoNormal\u0022\u003E\u003Cbr\u003E\u003Cstrong\u003E14,83 \u20ac\u003C\/strong\u003E\u003C\/p\u003E\u003C\/td\u003E\u003C\/tr\u003E\u003Ctr\u003E\u003Ctd\u003E\u003Cp class=\u0022MsoNormal\u0022\u003E\u003Cbr\u003E\u003Cstrong\u003EModification de l\u0027inscription\u003C\/strong\u003E\u003C\/p\u003E\u003C\/td\u003E\u003Ctd\u003E\u003Cp class=\u0022MsoNormal\u0022\u003E\u003Cbr\u003E\u003Cstrong\u003E7,42 \u20ac\u003C\/strong\u003E\u003C\/p\u003E\u003C\/td\u003E\u003C\/tr\u003E\u003Ctr\u003E\u003Ctd\u003E\u003Cp class=\u0022MsoNormal\u0022\u003E\u003Cbr\u003E\u003Cstrong\u003EReport d\u0027inscription par le greffier\u003C\/strong\u003E\u003C\/p\u003E\u003C\/td\u003E\u003Ctd\u003E\u003Cp class=\u0022MsoNormal\u0022\u003E\u003Cbr\u003E\u003Cstrong\u003E3,19 \u20ac\u003C\/strong\u003E\u003C\/p\u003E\u003C\/td\u003E\u003C\/tr\u003E\u003Ctr\u003E\u003Ctd\u003E\u003Cp class=\u0022MsoNormal\u0022\u003E\u003Cbr\u003E\u003Cstrong\u003ED\u00e9livrance de tout \u00e9tat d\u0027inscription positif ou n\u00e9gatif, quel que soit le nombre d\u0027inscriptions\u003C\/strong\u003E\u003C\/p\u003E\u003C\/td\u003E\u003Ctd\u003E\u003Cp class=\u0022MsoNormal\u0022\u003E\u003Cbr\u003E\u003Cstrong\u003E2,13 \u20ac\u003C\/strong\u003E\u003C\/p\u003E\u003C\/td\u003E\u003C\/tr\u003E\u003Ctr\u003E\u003Ctd\u003E\u003Cp class=\u0022MsoNormal\u0022\u003E\u003Cbr\u003E\u003Cstrong\u003ECertificat de radiation\u003C\/strong\u003E\u003C\/p\u003E\u003C\/td\u003E\u003Ctd\u003E\u003Cp class=\u0022MsoNormal\u0022\u003E\u003Cbr\u003E\u003Cstrong\u003E1,08 \u20ac\u003C\/strong\u003E\u003C\/p\u003E\u003C\/td\u003E\u003C\/tr\u003E\u003Ctr\u003E\u003Ctd rowspan=\u00225\u0022\u003E\u003Cp class=\u0022MsoNormal\u0022\u003E\u003Cbr\u003E\u003Cstrong\u003EPublicit\u00e9 de contrat de location\u003C\/strong\u003E\u003C\/p\u003E\u003C\/td\u003E\u003Ctd\u003E\u003Cp class=\u0022MsoNormal\u0022\u003E\u003Cbr\u003E\u003Cstrong\u003EInscription principale, y compris la radiation\u003C\/strong\u003E\u003C\/p\u003E\u003C\/td\u003E\u003Ctd\u003E\u003Cp class=\u0022MsoNormal\u0022\u003E\u003Cbr\u003E\u003Cstrong\u003E14,83 \u20ac\u003C\/strong\u003E\u003C\/p\u003E\u003C\/td\u003E\u003C\/tr\u003E\u003Ctr\u003E\u003Ctd\u003E\u003Cp class=\u0022MsoNormal\u0022\u003E\u003Cbr\u003E\u003Cstrong\u003EModification de l\u0027inscription\u003C\/strong\u003E\u003C\/p\u003E\u003C\/td\u003E\u003Ctd\u003E\u003Cp class=\u0022MsoNormal\u0022\u003E\u003Cbr\u003E\u003Cstrong\u003E7,42 \u20ac\u003C\/strong\u003E\u003C\/p\u003E\u003C\/td\u003E\u003C\/tr\u003E\u003Ctr\u003E\u003Ctd\u003E\u003Cp class=\u0022MsoNormal\u0022\u003E\u003Cbr\u003E\u003Cstrong\u003EReport d\u0027inscription par le greffier\u003C\/strong\u003E\u003C\/p\u003E\u003C\/td\u003E\u003Ctd\u003E\u003Cp class=\u0022MsoNormal\u0022\u003E\u003Cbr\u003E\u003Cstrong\u003E3,19 \u20ac\u003C\/strong\u003E\u003C\/p\u003E\u003C\/td\u003E\u003C\/tr\u003E\u003Ctr\u003E\u003Ctd\u003E\u003Cp class=\u0022MsoNormal\u0022\u003E\u003Cbr\u003E\u003Cstrong\u003ED\u00e9livrance de tout \u00e9tat d\u0027inscription positif ou n\u00e9gatif, quel que soit le nombre d\u0027inscriptions\u003C\/strong\u003E\u003C\/p\u003E\u003C\/td\u003E\u003Ctd\u003E\u003Cp class=\u0022MsoNormal\u0022\u003E\u003Cbr\u003E\u003Cstrong\u003E2,13 \u20ac\u003C\/strong\u003E\u003C\/p\u003E\u003C\/td\u003E\u003C\/tr\u003E\u003Ctr\u003E\u003Ctd\u003E\u003Cp class=\u0022MsoNormal\u0022\u003E\u003Cbr\u003E\u003Cstrong\u003ECertificat de radiation\u003C\/strong\u003E\u003C\/p\u003E\u003C\/td\u003E\u003Ctd\u003E\u003Cp class=\u0022MsoNormal\u0022\u003E\u003Cbr\u003E\u003Cstrong\u003E1,08 \u20ac\u003C\/strong\u003E\u003C\/p\u003E\u003C\/td\u003E\u003C\/tr\u003E\u003Ctr\u003E\u003Ctd rowspan=\u00225\u0022\u003E\u003Cp class=\u0022MsoNormal\u0022\u003E\u003Cbr\u003E\u003Cstrong\u003EInscription sur le registre sp\u00e9cial des pr\u00eats et d\u00e9lais\u003C\/strong\u003E\u003C\/p\u003E\u003C\/td\u003E\u003Ctd\u003E\u003Cp class=\u0022MsoNormal\u0022\u003E\u003Cbr\u003E\u003Cstrong\u003EInscription principale, y compris la radiation\u003C\/strong\u003E\u003C\/p\u003E\u003C\/td\u003E\u003Ctd\u003E\u003Cp class=\u0022MsoNormal\u0022\u003E\u003Cbr\u003E\u003Cstrong\u003E6,36 \u20ac\u003C\/strong\u003E\u003C\/p\u003E\u003C\/td\u003E\u003C\/tr\u003E\u003Ctr\u003E\u003Ctd\u003E\u003Cp class=\u0022MsoNormal\u0022\u003E\u003Cbr\u003E\u003Cstrong\u003EModification de l\u0027inscription\u003C\/strong\u003E\u003C\/p\u003E\u003C\/td\u003E\u003Ctd\u003E\u003Cp class=\u0022MsoNormal\u0022\u003E\u003Cbr\u003E\u003Cstrong\u003E3,19 \u20ac\u003C\/strong\u003E\u003C\/p\u003E\u003C\/td\u003E\u003C\/tr\u003E\u003Ctr\u003E\u003Ctd\u003E\u003Cp class=\u0022MsoNormal\u0022\u003E\u003Cbr\u003E\u003Cstrong\u003EReport d\u0027inscription par le greffier\u003C\/strong\u003E\u003C\/p\u003E\u003C\/td\u003E\u003Ctd\u003E\u003Cp class=\u0022MsoNormal\u0022\u003E\u003Cbr\u003E\u003Cstrong\u003E3,19 \u20ac\u003C\/strong\u003E\u003C\/p\u003E\u003C\/td\u003E\u003C\/tr\u003E\u003Ctr\u003E\u003Ctd\u003E\u003Cp class=\u0022MsoNormal\u0022\u003E\u003Cbr\u003E\u003Cstrong\u003ED\u00e9livrance de tout \u00e9tat d\u0027inscription positif ou n\u00e9gatif, quel que soit le nombre d\u0027inscriptions\u003C\/strong\u003E\u003C\/p\u003E\u003C\/td\u003E\u003Ctd\u003E\u003Cp class=\u0022MsoNormal\u0022\u003E\u003Cbr\u003E\u003Cstrong\u003E2,13 \u20ac\u003C\/strong\u003E\u003C\/p\u003E\u003C\/td\u003E\u003C\/tr\u003E\u003Ctr\u003E\u003Ctd\u003E\u003Cp class=\u0022MsoNormal\u0022\u003E\u003Cbr\u003E\u003Cstrong\u003ECertificat de radiation\u003C\/strong\u003E\u003C\/p\u003E\u003C\/td\u003E\u003Ctd\u003E\u003Cp class=\u0022MsoNormal\u0022\u003E\u003Cbr\u003E\u003Cstrong\u003E1,08 \u20ac\u003C\/strong\u003E\u003C\/p\u003E\u003C\/td\u003E\u003C\/tr\u003E\u003Ctr\u003E\u003Ctd rowspan=\u00225\u0022\u003E\u003Cp class=\u0022MsoNormal\u0022\u003E\u003Cbr\u003E\u003Cstrong\u003EPublicit\u00e9 de clause de r\u00e9serve de propri\u00e9t\u00e9\u003C\/strong\u003E\u003C\/p\u003E\u003C\/td\u003E\u003Ctd\u003E\u003Cp class=\u0022MsoNormal\u0022\u003E\u003Cbr\u003E\u003Cstrong\u003EInscription principale, y compris la radiation\u003C\/strong\u003E\u003C\/p\u003E\u003C\/td\u003E\u003Ctd\u003E\u003Cp class=\u0022MsoNormal\u0022\u003E\u003Cbr\u003E\u003Cstrong\u003E6,36 \u20ac\u003C\/strong\u003E\u003C\/p\u003E\u003C\/td\u003E\u003C\/tr\u003E\u003Ctr\u003E\u003Ctd\u003E\u003Cp class=\u0022MsoNormal\u0022\u003E\u003Cbr\u003E\u003Cstrong\u003EModification de l\u0027inscription\u003C\/strong\u003E\u003C\/p\u003E\u003C\/td\u003E\u003Ctd\u003E\u003Cp class=\u0022MsoNormal\u0022\u003E\u003Cbr\u003E\u003Cstrong\u003E3,19 \u20ac\u003C\/strong\u003E\u003C\/p\u003E\u003C\/td\u003E\u003C\/tr\u003E\u003Ctr\u003E\u003Ctd\u003E\u003Cp class=\u0022MsoNormal\u0022\u003E\u003Cbr\u003E\u003Cstrong\u003EReport d\u0027inscription par le greffier\u003C\/strong\u003E\u003C\/p\u003E\u003C\/td\u003E\u003Ctd\u003E\u003Cp class=\u0022MsoNormal\u0022\u003E\u003Cbr\u003E\u003Cstrong\u003E3,19 \u20ac\u003C\/strong\u003E\u003C\/p\u003E\u003C\/td\u003E\u003C\/tr\u003E\u003Ctr\u003E\u003Ctd\u003E\u003Cp class=\u0022MsoNormal\u0022\u003E\u003Cbr\u003E\u003Cstrong\u003ED\u00e9livrance de tout \u00e9tat d\u0027inscription positif ou n\u00e9gatif, quel que soit le nombre d\u0027inscriptions\u003C\/strong\u003E\u003C\/p\u003E\u003C\/td\u003E\u003Ctd\u003E\u003Cp class=\u0022MsoNormal\u0022\u003E\u003Cbr\u003E\u003Cstrong\u003E2,13 \u20ac\u003C\/strong\u003E\u003C\/p\u003E\u003C\/td\u003E\u003C\/tr\u003E\u003Ctr\u003E\u003Ctd\u003E\u003Cp class=\u0022MsoNormal\u0022\u003E\u003Cbr\u003E\u003Cstrong\u003ECertificat de radiation\u003C\/strong\u003E\u003C\/p\u003E\u003C\/td\u003E\u003Ctd\u003E\u003Cp class=\u0022MsoNormal\u0022\u003E\u003Cbr\u003E\u003Cstrong\u003E1,08 \u20ac\u003C\/strong\u003E\u003C\/p\u003E\u003C\/td\u003E\u003C\/tr\u003E\u003Ctr\u003E\u003Ctd rowspan=\u00225\u0022\u003E\u003Cp class=\u0022MsoNormal\u0022\u003E\u003Cbr\u003E\u003Cstrong\u003EPublicit\u00e9 de clause d\u0027inali\u00e9nabilit\u00e9\u003C\/strong\u003E\u003C\/p\u003E\u003C\/td\u003E\u003Ctd\u003E\u003Cp class=\u0022MsoNormal\u0022\u003E\u003Cbr\u003E\u003Cstrong\u003EInscription principale, y compris la radiation\u003C\/strong\u003E\u003C\/p\u003E\u003C\/td\u003E\u003Ctd\u003E\u003Cp class=\u0022MsoNormal\u0022\u003E\u003Cbr\u003E\u003Cstrong\u003E15,89 \u20ac\u003C\/strong\u003E\u003C\/p\u003E\u003C\/td\u003E\u003C\/tr\u003E\u003Ctr\u003E\u003Ctd\u003E\u003Cp class=\u0022MsoNormal\u0022\u003E\u003Cbr\u003E\u003Cstrong\u003EModification de l\u0027inscription\u003C\/strong\u003E\u003C\/p\u003E\u003C\/td\u003E\u003Ctd\u003E\u003Cp class=\u0022MsoNormal\u0022\u003E\u003Cbr\u003E\u003Cstrong\u003E8,49 \u20ac\u003C\/strong\u003E\u003C\/p\u003E\u003C\/td\u003E\u003C\/tr\u003E\u003Ctr\u003E\u003Ctd\u003E\u003Cp class=\u0022MsoNormal\u0022\u003E\u003Cbr\u003E\u003Cstrong\u003EReport d\u0027inscription par le greffier\u003C\/strong\u003E\u003C\/p\u003E\u003C\/td\u003E\u003Ctd\u003E\u003Cp class=\u0022MsoNormal\u0022\u003E\u003Cbr\u003E\u003Cstrong\u003E3,19 \u20ac\u003C\/strong\u003E\u003C\/p\u003E\u003C\/td\u003E\u003C\/tr\u003E\u003Ctr\u003E\u003Ctd\u003E\u003Cp class=\u0022MsoNormal\u0022\u003E\u003Cbr\u003E\u003Cstrong\u003ED\u00e9livrance de tout \u00e9tat d\u0027inscription positif ou n\u00e9gatif, quel que soit le nombre d\u0027inscriptions\u003C\/strong\u003E\u003C\/p\u003E\u003C\/td\u003E\u003Ctd\u003E\u003Cp class=\u0022MsoNormal\u0022\u003E\u003Cbr\u003E\u003Cstrong\u003E2,13 \u20ac\u003C\/strong\u003E\u003C\/p\u003E\u003C\/td\u003E\u003C\/tr\u003E\u003Ctr\u003E\u003Ctd\u003E\u003Cp class=\u0022MsoNormal\u0022\u003E\u003Cbr\u003E\u003Cstrong\u003ECertificat de radiation\u003C\/strong\u003E\u003C\/p\u003E\u003C\/td\u003E\u003Ctd\u003E\u003Cp class=\u0022MsoNormal\u0022\u003E\u003Cbr\u003E\u003Cstrong\u003E2,13 \u20ac\u003C\/strong\u003E\u003C\/p\u003E\u003C\/td\u003E\u003C\/tr\u003E\u003Ctr\u003E\u003Ctd rowspan=\u00224\u0022\u003E\u003Cp class=\u0022MsoNormal\u0022\u003E\u003Cbr\u003E\u003Cstrong\u003EPublicit\u00e9 des prot\u00eats et des certificats de non-paiement des ch\u00e8ques postaux\u003C\/strong\u003E\u003C\/p\u003E\u003C\/td\u003E\u003Ctd colspan=\u00222\u0022\u003E\u003Cp class=\u0022MsoNormal\u0022\u003E\u003Cbr\u003E\u003Cstrong\u003EInscription d\u0027un prot\u00eat, y compris la radiation :\u003C\/strong\u003E\u003C\/p\u003E\u003C\/td\u003E\u003C\/tr\u003E\u003Ctr\u003E\u003Ctd\u003E\u003Cp class=\u0022MsoNormal\u0022\u003E\u003Cbr\u003E\u003Cstrong\u003Ea) Montant des sommes privil\u00e9gi\u00e9es inf\u00e9rieur \u00e0 20 800,00 \u20ac\u003C\/strong\u003E\u003C\/p\u003E\u003C\/td\u003E\u003Ctd\u003E\u003Cp class=\u0022MsoNormal\u0022\u003E\u003Cbr\u003E\u003Cstrong\u003E7,42 \u20ac\u003C\/strong\u003E\u003C\/p\u003E\u003C\/td\u003E\u003C\/tr\u003E\u003Ctr\u003E\u003Ctd\u003E\u003Cp class=\u0022MsoNormal\u0022\u003E\u003Cbr\u003E\u003Cstrong\u003Eb) Montant des sommes privil\u00e9gi\u00e9es sup\u00e9rieur ou \u00e9gal \u00e0 20 800,00 \u20ac\u003C\/strong\u003E\u003C\/p\u003E\u003C\/td\u003E\u003Ctd\u003E\u003Cp class=\u0022MsoNormal\u0022\u003E\u003Cbr\u003E\u003Cstrong\u003E32,84 \u20ac\u003C\/strong\u003E\u003C\/p\u003E\u003C\/td\u003E\u003C\/tr\u003E\u003Ctr\u003E\u003Ctd\u003E\u003Cp class=\u0022MsoNormal\u0022\u003E\u003Cbr\u003E\u003Cstrong\u003ED\u00e9livrance d\u0027un extrait de registre des prot\u00eats positif ou n\u00e9gatif\u003C\/strong\u003E\u003C\/p\u003E\u003C\/td\u003E\u003Ctd\u003E\u003Cp class=\u0022MsoNormal\u0022\u003E\u003Cbr\u003E\u003Cstrong\u003E2,13 \u20ac\u003C\/strong\u003E\u003C\/p\u003E\u003C\/td\u003E\u003C\/tr\u003E\u003Ctr\u003E\u003Ctd rowspan=\u002216\u0022\u003E\u003Cp class=\u0022MsoNormal\u0022\u003E\u003Cbr\u003E\u003Cstrong\u003EImmatriculation des bateaux de rivi\u00e8re\u003C\/strong\u003E\u003C\/p\u003E\u003C\/td\u003E\u003Ctd colspan=\u00222\u0022\u003E\u003Cp class=\u0022MsoNormal\u0022\u003E\u003Cbr\u003E\u003Cstrong\u003EInscription et la radiation d\u0027un acte ou jugement translatif, constitutif ou d\u00e9claratif de propri\u00e9t\u00e9 ou de droit r\u00e9el :\u003C\/strong\u003E\u003C\/p\u003E\u003C\/td\u003E\u003C\/tr\u003E\u003Ctr\u003E\u003Ctd\u003E\u003Cp class=\u0022MsoNormal\u0022\u003E\u003Cbr\u003E\u003Cstrong\u003Ea) Montant des sommes privil\u00e9gi\u00e9es inf\u00e9rieur \u00e0 20 800,00 \u20ac\u003C\/strong\u003E\u003C\/p\u003E\u003C\/td\u003E\u003Ctd\u003E\u003Cp class=\u0022MsoNormal\u0022\u003E\u003Cbr\u003E\u003Cstrong\u003E7,42 \u20ac\u003C\/strong\u003E\u003C\/p\u003E\u003C\/td\u003E\u003C\/tr\u003E\u003Ctr\u003E\u003Ctd\u003E\u003Cp class=\u0022MsoNormal\u0022\u003E\u003Cbr\u003E\u003Cstrong\u003Eb) Montant des sommes privil\u00e9gi\u00e9es sup\u00e9rieur ou \u00e9gal \u00e0 20 800,00 \u20ac\u003C\/strong\u003E\u003C\/p\u003E\u003C\/td\u003E\u003Ctd\u003E\u003Cp class=\u0022MsoNormal\u0022\u003E\u003Cbr\u003E\u003Cstrong\u003E32,84 \u20ac\u003C\/strong\u003E\u003C\/p\u003E\u003C\/td\u003E\u003C\/tr\u003E\u003Ctr\u003E\u003Ctd colspan=\u00222\u0022\u003E\u003Cp class=\u0022MsoNormal\u0022\u003E\u003Cbr\u003E\u003Cstrong\u003EMention de radiation totale ou partielle d\u0027une inscription hypoth\u00e9caire :\u003C\/strong\u003E\u003C\/p\u003E\u003C\/td\u003E\u003C\/tr\u003E\u003Ctr\u003E\u003Ctd\u003E\u003Cp class=\u0022MsoNormal\u0022\u003E\u003Cbr\u003E\u003Cstrong\u003Ea) Montant de la somme inscrite dans l\u0027acte inf\u00e9rieur \u00e0 20 800,00 \u20ac\u003C\/strong\u003E\u003C\/p\u003E\u003C\/td\u003E\u003Ctd\u003E\u003Cp class=\u0022MsoNormal\u0022\u003E\u003Cbr\u003E\u003Cstrong\u003E7,42 \u20ac\u003C\/strong\u003E\u003C\/p\u003E\u003C\/td\u003E\u003C\/tr\u003E\u003Ctr\u003E\u003Ctd\u003E\u003Cp class=\u0022MsoNormal\u0022\u003E\u003Cbr\u003E\u003Cstrong\u003Eb) Montant de la somme inscrite dans l\u0027acte sup\u00e9rieur ou \u00e9gal \u00e0 20 800,00 \u20ac\u003C\/strong\u003E\u003C\/p\u003E\u003C\/td\u003E\u003Ctd\u003E\u003Cp class=\u0022MsoNormal\u0022\u003E\u003Cbr\u003E\u003Cstrong\u003E32,84 \u20ac\u003C\/strong\u003E\u003C\/p\u003E\u003C\/td\u003E\u003C\/tr\u003E\u003Ctr\u003E\u003Ctd colspan=\u00222\u0022\u003E\u003Cp class=\u0022MsoNormal\u0022\u003E\u003Cbr\u003E\u003Cstrong\u003EMention d\u0027ant\u00e9riorit\u00e9 ou de subrogation, et le renouvellement d\u0027inscription (sur la valeur de la plus faible inscription faisant l\u0027objet de la subrogation ou du renouvellement) :\u003C\/strong\u003E\u003C\/p\u003E\u003C\/td\u003E\u003C\/tr\u003E\u003Ctr\u003E\u003Ctd\u003E\u003Cp class=\u0022MsoNormal\u0022\u003E\u003Cbr\u003E\u003Cstrong\u003Ea) Montant de la somme inscrite dans l\u0027acte inf\u00e9rieur \u00e0 20 800,00 \u20ac\u003C\/strong\u003E\u003C\/p\u003E\u003C\/td\u003E\u003Ctd\u003E\u003Cp class=\u0022MsoNormal\u0022\u003E\u003Cbr\u003E\u003Cstrong\u003E5,30 \u20ac\u003C\/strong\u003E\u003C\/p\u003E\u003C\/td\u003E\u003C\/tr\u003E\u003Ctr\u003E\u003Ctd\u003E\u003Cp class=\u0022MsoNormal\u0022\u003E\u003Cbr\u003E\u003Cstrong\u003Eb) Montant de la somme inscrite dans l\u0027acte sup\u00e9rieur ou \u00e9gal \u00e0 20 800,00 \u20ac\u003C\/strong\u003E\u003C\/p\u003E\u003C\/td\u003E\u003Ctd\u003E\u003Cp class=\u0022MsoNormal\u0022\u003E\u003Cbr\u003E\u003Cstrong\u003E16,95 \u20ac\u003C\/strong\u003E\u003C\/p\u003E\u003C\/td\u003E\u003C\/tr\u003E\u003Ctr\u003E\u003Ctd\u003E\u003Cp class=\u0022MsoNormal\u0022\u003E\u003Cbr\u003E\u003Cstrong\u003ED\u00e9clarations pr\u00e9vues au troisi\u00e8me alin\u00e9a de l\u0027art. R. 4124-6 du\u0026nbsp;\u003C\/strong\u003E\u003Ca href=\u0022https:\/\/www.legifrance.gouv.fr\/affichCode.do?cidTexte=LEGITEXT000023086525\u0026amp;dateTexte=\u0026amp;categorieLien=cid\u0022\u003E\u003Cstrong\u003Ecode des transports\u003C\/strong\u003E\u003C\/a\u003E\u003Cstrong\u003E, la mention des changements de domicile \u00e9lu\u003C\/strong\u003E\u003C\/p\u003E\u003C\/td\u003E\u003Ctd\u003E\u003Cp class=\u0022MsoNormal\u0022\u003E\u003Cbr\u003E\u003Cstrong\u003E1,07 \u20ac\u003C\/strong\u003E\u003C\/p\u003E\u003C\/td\u003E\u003C\/tr\u003E\u003Ctr\u003E\u003Ctd\u003E\u003Cp class=\u0022MsoNormal\u0022\u003E\u003Cbr\u003E\u003Cstrong\u003EActe de d\u00e9claration de propri\u00e9t\u00e9 faite sous serment devant le tribunal de commerce pr\u00e9vu \u00e0 l\u0027art. 101 du\u0026nbsp;\u003C\/strong\u003E\u003Ca href=\u0022https:\/\/www.legifrance.gouv.fr\/affichCode.do?cidTexte=LEGITEXT000006074237\u0026amp;dateTexte=\u0026amp;categorieLien=cid\u0022\u003E\u003Cstrong\u003Ecode du domaine public fluvial et de la navigation int\u00e9rieure\u003C\/strong\u003E\u003C\/a\u003E\u003C\/p\u003E\u003C\/td\u003E\u003Ctd\u003E\u003Cp class=\u0022MsoNormal\u0022\u003E\u003Cbr\u003E\u003Cstrong\u003E4,24 \u20ac\u003C\/strong\u003E\u003C\/p\u003E\u003C\/td\u003E\u003C\/tr\u003E\u003Ctr\u003E\u003Ctd\u003E\u003Cp class=\u0022MsoNormal\u0022\u003E\u003Cbr\u003E\u003Cstrong\u003ED\u00e9p\u00f4t de proc\u00e8s-verbal de saisie\u003C\/strong\u003E\u003C\/p\u003E\u003C\/td\u003E\u003Ctd\u003E\u003Cp class=\u0022MsoNormal\u0022\u003E\u003Cbr\u003E\u003Cstrong\u003E1,07 \u20ac\u003C\/strong\u003E\u003C\/p\u003E\u003C\/td\u003E\u003C\/tr\u003E\u003Ctr\u003E\u003Ctd\u003E\u003Cp class=\u0022MsoNormal\u0022\u003E\u003Cbr\u003E\u003Cstrong\u003ED\u00e9livrance de tout \u00e9tat d\u0027inscription positif ou n\u00e9gatif\u0026nbsp;\u003C\/strong\u003E\u003C\/p\u003E\u003C\/td\u003E\u003Ctd\u003E\u003Cp class=\u0022MsoNormal\u0022\u003E\u003Cbr\u003E\u003Cstrong\u003E2,13 \u20ac\u003C\/strong\u003E\u003C\/p\u003E\u003C\/td\u003E\u003C\/tr\u003E\u003Ctr\u003E\u003Ctd\u003E\u003Cp class=\u0022MsoNormal\u0022\u003E\u003Cbr\u003E\u003Cstrong\u003ED\u00e9livrance de tout certificat\u003C\/strong\u003E\u003C\/p\u003E\u003C\/td\u003E\u003Ctd\u003E\u003Cp class=\u0022MsoNormal\u0022\u003E\u003Cbr\u003E\u003Cstrong\u003E1,07 \u20ac\u003C\/strong\u003E\u003C\/p\u003E\u003C\/td\u003E\u003C\/tr\u003E\u003Ctr\u003E\u003Ctd\u003E\u003Cp class=\u0022MsoNormal\u0022\u003E\u003Cbr\u003E\u003Cstrong\u003ED\u00e9livrance des copies de tous actes d\u00e9pos\u00e9s au greffe en application du\u0026nbsp;\u003C\/strong\u003E\u003Ca href=\u0022https:\/\/www.legifrance.gouv.fr\/affichCode.do?cidTexte=LEGITEXT000006074237\u0026amp;dateTexte=\u0026amp;categorieLien=cid\u0022\u003E\u003Cstrong\u003Ecode du domaine public fluvial et de la navigation int\u00e9rieure\u003C\/strong\u003E\u003C\/a\u003E\u003C\/p\u003E\u003C\/td\u003E\u003Ctd\u003E\u003Cp class=\u0022MsoNormal\u0022\u003E\u003Cbr\u003E\u003Cstrong\u003E2,13 \u20ac\u003C\/strong\u003E\u003C\/p\u003E\u003C\/td\u003E\u003C\/tr\u003E\u003Ctr\u003E\u003Ctd\u003E\u003Cp class=\u0022MsoNormal\u0022\u003E\u003Cbr\u003E\u003Cstrong\u003EFormalit\u00e9s cons\u00e9cutives au transfert d\u0027immatriculation au greffier du lieu de l\u0027inscription et au greffier de la nouvelle immatriculation\u003C\/strong\u003E\u003C\/p\u003E\u003C\/td\u003E\u003Ctd\u003E\u003Cp class=\u0022MsoNormal\u0022\u003E\u003Cbr\u003E\u003Cstrong\u003E1,07 \u20ac\u003C\/strong\u003E\u003C\/p\u003E\u003C\/td\u003E\u003C\/tr\u003E\u003C\/tbody\u003E\u003C\/table\u003E\u003C\/div\u003E\u003Cp class=\u0022MsoNormal\u0022\u003E\u0026nbsp;\u003C\/p\u003E\u003C\/div\u003E                                            \u003Cp\u003E\u003Cbr \/\u003E\u003Cstrong\u003ESource :\u003C\/strong\u003E\u003Cstrong\u003E\u00a0\u003C\/strong\u003E\u003C\/p\u003E\u003Cul\u003E\u003Cli\u003E\u003Ca href=\u0022https:\/\/www.legifrance.gouv.fr\/codes\/article_lc\/LEGIARTI000049218554\/2024-03-01\u0022 target=\u0022_blank\u0022\u003EArticle AA 743-12 du Code de commerce\u003C\/a\u003E\u003C\/li\u003E\u003Cli\u003E\u003Ca href=\u0022https:\/\/www.legifrance.gouv.fr\/loda\/id\/LEGIARTI000049214616\/2024-03-01\u0022 target=\u0022_blank\u0022\u003EArr\u00eat\u00e9 du 28 f\u00e9vrier 2024 fixant l\u0027objectif de taux de r\u00e9sultat moyen et les tarifs r\u00e8glement\u00e9s des greffiers de tribunaux de commerce\u003C\/a\u003E\u003C\/li\u003E\u003C\/ul\u003E\u003C\/div\u003E","annee":"2025","theme":" Indices, taux, bar\u00e8mes juridiques","activites":["Professionnels du droit et du chiffre"],"image":"https:\/\/www.weblex.fr\/sites\/default\/files\/chiffres_clef\/Shutterstock_tampongreffiertarifspublicites.jpg","created":"2026-03-23","modified":"2026-03-23"},{"url":"\/chiffres-cles\/plafonds-applicables-au-pret-social-location-accession-psla-2025","id":27993,"title":"Plafonds applicables au pr\u00eat social location-accession (PSLA) - 2025","content":"\u003Cdiv\u003E                                              \u003Cp\u003ELe pr\u00eat social location-accession (PSLA) est un pr\u00eat conventionn\u00e9 \u00e0 destination des op\u00e9rateurs (organismes HLM, soci\u00e9t\u00e9s d\u2019\u00e9conomie mixte, promoteurs priv\u00e9s, etc.) permettant de financer la construction ou l\u2019acquisition de logements neufs qui feront l\u2019objet d\u2019un contrat de location-accession, c\u2019est-\u00e0-dire d\u2019un dispositif permettant \u00e0 un particulier d\u2019acheter son logement apr\u00e8s l\u2019avoir lou\u00e9 pendant une p\u00e9riode donn\u00e9e.\u003C\/p\u003E\u003Cp\u003EConcr\u00e8tement, le contrat de location-accession sign\u00e9 entre le propri\u00e9taire et l\u2019acc\u00e9dant pr\u00e9voit 2 phases.\u003C\/p\u003E\u003Cp\u003ELa 1re phase correspond \u00e0 la p\u00e9riode de jouissance pendant laquelle l\u2019occupant, appel\u00e9 l\u2019acc\u00e9dant, paie tous les mois une \u00ab redevance \u00bb au propri\u00e9taire. Cette redevance est compos\u00e9e de 2 \u00e9l\u00e9ments :\u003C\/p\u003E\u003Cul\u003E\u003Cli\u003Ela fraction locative qui est vers\u00e9e d\u00e9finitivement au propri\u00e9taire en \u00e9change de la jouissance du logement\u003C\/li\u003E\u003Cli\u003Ela fraction acquisitive qui sera :\u003Cul\u003E\u003Cli\u003Esoit d\u00e9duite du prix du prix d\u2019acquisition du logement si l\u2019acc\u00e9dant d\u00e9cide d\u2019acheter le bien ;\u003C\/li\u003E\u003Cli\u003Esoit restitu\u00e9e, d\u00e9duction faite d\u2019une indemnit\u00e9 destin\u00e9e au propri\u00e9taire, \u00e0 l\u2019acc\u00e9dant si ce dernier ne souhaite pas acheter le bien.\u003C\/li\u003E\u003C\/ul\u003E\u003C\/li\u003E\u003C\/ul\u003E\u003Cp\u003ELa 2de phase correspond \u00e0 l\u2019option offerte \u00e0 l\u2019acc\u00e9dant d\u2019acheter ou non son logement.\u003C\/p\u003E\u003Cp\u003EEn \u00e9change du b\u00e9n\u00e9fice du pr\u00eat conventionn\u00e9, le propri\u00e9taire doit respecter des plafonds en mati\u00e8re de redevances mensuelles et de prix de vente. De m\u00eame, les m\u00e9nages ne doivent pas d\u00e9passer un plafond de revenus pour \u00eatre \u00e9ligibles au dispositif.\u003C\/p\u003E\u003Ch3\u003EPlafonds de la partie de redevance mensuelle correspondant au droit de l\u0027acc\u00e9dant \u00e0 la jouissance du logement fixes\u003C\/h3\u003E\u003Cp\u003EUn simulateur, disponible \u003Ca href=\u0022https:\/\/www.service-public.gouv.fr\/simulateur\/calcul\/zonage-abc\u0022 target=\u0022_blank\u0022\u003Eici\u003C\/a\u003E, permet de d\u00e9terminer la zone g\u00e9ographique d\u2019un bien.\u003C\/p\u003E\u003Cp\u003EEn euros, par m\u00e8tre carr\u00e9 de surface utile, par mois\u003C\/p\u003E\u003Ctable class=\u0022MsoTableGrid\u0022\u003E\u003Ctbody\u003E\u003Ctr\u003E\u003Ctd valign=\u0022top\u0022\u003E\u003Cp align=\u0022center\u0022\u003E\u003Cstrong\u003EZone g\u00e9ographique\u003C\/strong\u003E\u003C\/p\u003E\u003C\/td\u003E\u003Ctd valign=\u0022top\u0022\u003E\u003Cp align=\u0022center\u0022\u003E\u003Cstrong\u003EPlafond\u003C\/strong\u003E\u003C\/p\u003E\u003C\/td\u003E\u003C\/tr\u003E\u003Ctr\u003E\u003Ctd valign=\u0022top\u0022\u003E\u003Cp\u003EA\u0026nbsp;\u003C\/p\u003E\u003C\/td\u003E\u003Ctd valign=\u0022top\u0022\u003E\u003Cp align=\u0022center\u0022\u003E15,30\u003C\/p\u003E\u003C\/td\u003E\u003C\/tr\u003E\u003Ctr\u003E\u003Ctd valign=\u0022top\u0022\u003E\u003Cp\u003EA bis\u003C\/p\u003E\u003C\/td\u003E\u003Ctd valign=\u0022top\u0022\u003E\u003Cp align=\u0022center\u0022\u003E11,75\u003C\/p\u003E\u003C\/td\u003E\u003C\/tr\u003E\u003Ctr\u003E\u003Ctd valign=\u0022top\u0022\u003E\u003Cp\u003EB1\u0026nbsp;\u003C\/p\u003E\u003C\/td\u003E\u003Ctd valign=\u0022top\u0022\u003E\u003Cp align=\u0022center\u0022\u003E10,13\u003C\/p\u003E\u003C\/td\u003E\u003C\/tr\u003E\u003Ctr\u003E\u003Ctd valign=\u0022top\u0022\u003E\u003Cp\u003EB2 \u0026nbsp;\u003C\/p\u003E\u003C\/td\u003E\u003Ctd valign=\u0022top\u0022\u003E\u003Cp align=\u0022center\u0022\u003E9,73\u003C\/p\u003E\u003C\/td\u003E\u003C\/tr\u003E\u003Ctr\u003E\u003Ctd valign=\u0022top\u0022\u003E\u003Cp\u003EC\u0026nbsp;\u003C\/p\u003E\u003C\/td\u003E\u003Ctd valign=\u0022top\u0022\u003E\u003Cp align=\u0022center\u0022\u003E9,00\u003C\/p\u003E\u003C\/td\u003E\u003C\/tr\u003E\u003C\/tbody\u003E\u003C\/table\u003E\u003Ch3\u003EPlafonds de prix de vente fixes\u0026nbsp;\u003C\/h3\u003E\u003Cp\u003EEn euros, par m\u00e8tre carr\u00e9 de surface utile, par mois\u003C\/p\u003E\u003Ctable class=\u0022MsoTableGrid\u0022\u003E\u003Ctbody\u003E\u003Ctr\u003E\u003Ctd valign=\u0022top\u0022\u003E\u003Cp align=\u0022center\u0022\u003E\u003Cstrong\u003EZone g\u00e9ographique\u003C\/strong\u003E\u003C\/p\u003E\u003C\/td\u003E\u003Ctd valign=\u0022top\u0022\u003E\u003Cp align=\u0022center\u0022\u003E\u003Cstrong\u003EPlafond\u003C\/strong\u003E\u003C\/p\u003E\u003C\/td\u003E\u003C\/tr\u003E\u003Ctr\u003E\u003Ctd valign=\u0022top\u0022\u003E\u003Cp\u003EA bis\u003C\/p\u003E\u003C\/td\u003E\u003Ctd valign=\u0022top\u0022\u003E\u003Cp align=\u0022center\u0022\u003E6 170\u003C\/p\u003E\u003C\/td\u003E\u003C\/tr\u003E\u003Ctr\u003E\u003Ctd valign=\u0022top\u0022\u003E\u003Cp\u003EA\u003C\/p\u003E\u003C\/td\u003E\u003Ctd valign=\u0022top\u0022\u003E\u003Cp align=\u0022center\u0022\u003E4 675\u003C\/p\u003E\u003C\/td\u003E\u003C\/tr\u003E\u003Ctr\u003E\u003Ctd valign=\u0022top\u0022\u003E\u003Cp\u003EB1\u003C\/p\u003E\u003C\/td\u003E\u003Ctd valign=\u0022top\u0022\u003E\u003Cp align=\u0022center\u0022\u003E3 744\u003C\/p\u003E\u003C\/td\u003E\u003C\/tr\u003E\u003Ctr\u003E\u003Ctd valign=\u0022top\u0022\u003E\u003Cp\u003EB2\u003C\/p\u003E\u003C\/td\u003E\u003Ctd valign=\u0022top\u0022\u003E\u003Cp align=\u0022center\u0022\u003E3 269\u0026nbsp;\u003C\/p\u003E\u003C\/td\u003E\u003C\/tr\u003E\u003Ctr\u003E\u003Ctd valign=\u0022top\u0022\u003E\u003Cp\u003EC\u003C\/p\u003E\u003C\/td\u003E\u003Ctd valign=\u0022top\u0022\u003E\u003Cp align=\u0022center\u0022\u003E2 857\u0026nbsp;\u003C\/p\u003E\u003C\/td\u003E\u003C\/tr\u003E\u003C\/tbody\u003E\u003C\/table\u003E\u003Ch3\u003EPlafonds de revenus\u003C\/h3\u003E\u003Ctable class=\u0022MsoTableGrid\u0022 width=\u0022604\u0022\u003E\u003Ctbody\u003E\u003Ctr\u003E\u003Ctd valign=\u0022top\u0022\u003E\u003Cp align=\u0022center\u0022\u003E\u003Cstrong\u003ENombres de personnes\u003C\/strong\u003E\u003C\/p\u003E\u003C\/td\u003E\u003Ctd valign=\u0022top\u0022\u003E\u003Cp align=\u0022center\u0022\u003E\u003Cstrong\u003EZones A et A bis\u003C\/strong\u003E\u003C\/p\u003E\u003C\/td\u003E\u003Ctd valign=\u0022top\u0022\u003E\u003Cp align=\u0022center\u0022\u003E\u003Cstrong\u003EZone B1\u0026nbsp;\u003C\/strong\u003E\u003C\/p\u003E\u003C\/td\u003E\u003Ctd valign=\u0022top\u0022\u003E\u003Cp align=\u0022center\u0022\u003E\u003Cstrong\u003EZones B2 et C\u003C\/strong\u003E\u003C\/p\u003E\u003C\/td\u003E\u003C\/tr\u003E\u003Ctr\u003E\u003Ctd valign=\u0022top\u0022\u003E\u003Cp\u003E1\u003C\/p\u003E\u003C\/td\u003E\u003Ctd valign=\u0022top\u0022\u003E\u003Cp align=\u0022center\u0022\u003E38 508\u003C\/p\u003E\u003C\/td\u003E\u003Ctd valign=\u0022top\u0022\u003E\u003Cp align=\u0022center\u0022\u003E38 508\u003C\/p\u003E\u003C\/td\u003E\u003Ctd valign=\u0022top\u0022\u003E\u003Cp align=\u0022center\u0022\u003E33 479\u003C\/p\u003E\u003C\/td\u003E\u003C\/tr\u003E\u003Ctr\u003E\u003Ctd valign=\u0022top\u0022\u003E\u003Cp\u003E2\u003C\/p\u003E\u003C\/td\u003E\u003Ctd valign=\u0022top\u0022\u003E\u003Cp align=\u0022center\u0022\u003E57 555\u003C\/p\u003E\u003C\/td\u003E\u003Ctd valign=\u0022top\u0022\u003E\u003Cp align=\u0022center\u0022\u003E57 555\u003C\/p\u003E\u003C\/td\u003E\u003Ctd valign=\u0022top\u0022\u003E\u003Cp align=\u0022center\u0022\u003E44 710\u003C\/p\u003E\u003C\/td\u003E\u003C\/tr\u003E\u003Ctr\u003E\u003Ctd valign=\u0022top\u0022\u003E\u003Cp\u003E3\u003C\/p\u003E\u003C\/td\u003E\u003Ctd valign=\u0022top\u0022\u003E\u003Cp align=\u0022center\u0022\u003E75 447\u003C\/p\u003E\u003C\/td\u003E\u003Ctd valign=\u0022top\u0022\u003E\u003Cp align=\u0022center\u0022\u003E69 183\u003C\/p\u003E\u003C\/td\u003E\u003Ctd valign=\u0022top\u0022\u003E\u003Cp align=\u0022center\u0022\u003E53 766\u003C\/p\u003E\u003C\/td\u003E\u003C\/tr\u003E\u003Ctr\u003E\u003Ctd valign=\u0022top\u0022\u003E\u003Cp\u003E4\u003C\/p\u003E\u003C\/td\u003E\u003Ctd valign=\u0022top\u0022\u003E\u003Cp align=\u0022center\u0022\u003E90 078\u003C\/p\u003E\u003C\/td\u003E\u003Ctd valign=\u0022top\u0022\u003E\u003Cp align=\u0022center\u0022\u003E82 871\u003C\/p\u003E\u003C\/td\u003E\u003Ctd valign=\u0022top\u0022\u003E\u003Cp align=\u0022center\u0022\u003E64 910\u003C\/p\u003E\u003C\/td\u003E\u003C\/tr\u003E\u003Ctr\u003E\u003Ctd valign=\u0022top\u0022\u003E\u003Cp\u003E5\u003C\/p\u003E\u003C\/td\u003E\u003Ctd valign=\u0022top\u0022\u003E\u003Cp align=\u0022center\u0022\u003E107 173\u003C\/p\u003E\u003C\/td\u003E\u003Ctd valign=\u0022top\u0022\u003E\u003Cp align=\u0022center\u0022\u003E98 101\u003C\/p\u003E\u003C\/td\u003E\u003Ctd valign=\u0022top\u0022\u003E\u003Cp align=\u0022center\u0022\u003E76 357\u003C\/p\u003E\u003C\/td\u003E\u003C\/tr\u003E\u003Ctr\u003E\u003Ctd valign=\u0022top\u0022\u003E\u003Cp\u003E5\u003C\/p\u003E\u003C\/td\u003E\u003Ctd valign=\u0022top\u0022\u003E\u003Cp align=\u0022center\u0022\u003E120 598\u003C\/p\u003E\u003C\/td\u003E\u003Ctd valign=\u0022top\u0022\u003E\u003Cp align=\u0022center\u0022\u003E110 396\u003C\/p\u003E\u003C\/td\u003E\u003Ctd valign=\u0022top\u0022\u003E\u003Cp align=\u0022center\u0022\u003E86 055\u003C\/p\u003E\u003C\/td\u003E\u003C\/tr\u003E\u003Ctr\u003E\u003Ctd valign=\u0022top\u0022\u003E\u003Cp\u003EPersonne suppl\u00e9mentaire\u003C\/p\u003E\u003C\/td\u003E\u003Ctd valign=\u0022top\u0022\u003E\u003Cp align=\u0022center\u0022\u003E13 440\u003C\/p\u003E\u003C\/td\u003E\u003Ctd valign=\u0022top\u0022\u003E\u003Cp align=\u0022center\u0022\u003E12 301\u003C\/p\u003E\u003C\/td\u003E\u003Ctd valign=\u0022top\u0022\u003E\u003Cp align=\u0022center\u0022\u003E9 599\u003C\/p\u003E\u003C\/td\u003E\u003C\/tr\u003E\u003C\/tbody\u003E\u003C\/table\u003E                                            \u003Cp\u003E\u003Cbr \/\u003E\u003Cstrong\u003ESource :\u003C\/strong\u003E\u003Cstrong\u003E\u00a0\u003C\/strong\u003E\u003C\/p\u003E\u003Cul\u003E\u003Cli\u003E\u003Ca href=\u0022https:\/\/www.legifrance.gouv.fr\/loda\/id\/JORFTEXT000000437021\u0022 target=\u0022_blank\u0022\u003EArr\u00eat\u00e9 du 26 mars 2004 relatif aux conditions d\u0027application des dispositions de la sous-section 2 bis relative aux pr\u00eats conventionn\u00e9s pour des op\u00e9rations de location-accession \u00e0 la propri\u00e9t\u00e9 immobili\u00e8re\u003C\/a\u003E\u003C\/li\u003E\u003Cli\u003E\u003Ca href=\u0022https:\/\/www.legifrance.gouv.fr\/jorf\/id\/JORFTEXT000050873235\u0022 target=\u0022_blank\u0022\u003EArr\u00eat\u00e9 du 23 d\u00e9cembre 2024 modifiant l\u0027arr\u00eat\u00e9 du 26 mars 2004 relatif aux conditions d\u0027application des dispositions de la sous-section 2 bis relative aux pr\u00eats conventionn\u00e9s pour des op\u00e9rations de location-accession \u00e0 la propri\u00e9t\u00e9 immobili\u00e8re\u003C\/a\u003E\u003C\/li\u003E\u003C\/ul\u003E\u003C\/div\u003E","annee":"2025","theme":" Indices, taux, bar\u00e8mes juridiques","activites":["Agent immobilier","Promoteur \/ Lotisseur \/ Architecte \/ G\u00e9om\u00e8tre"],"image":"https:\/\/www.weblex.fr\/sites\/default\/files\/chiffres_clef\/Shutterstock_imagelogementpslapsla.jpg","created":"2026-03-20","modified":"2026-04-02"},{"url":"\/chiffres-cles\/indice-de-la-frequentation-touristique-des-campings-annee-2025","id":26452,"title":"Indice de la fr\u00e9quentation touristique des campings - Ann\u00e9e 2025","content":"\u003Cdiv\u003E                                              \u003Cp\u003EIndice de la fr\u00e9quentation touristique des campings\u0026nbsp;\u003C\/p\u003E\u003Ctable class=\u0022MsoTableGrid\u0022\u003E\u003Ctbody\u003E\u003Ctr\u003E\u003Ctd\u003E\u003Cp align=\u0022center\u0022\u003E\u003Cstrong\u003EP\u00e9riode\u003C\/strong\u003E\u003C\/p\u003E\u003C\/td\u003E\u003Ctd\u003E\u003Cp align=\u0022center\u0022\u003E\u003Cstrong\u003ENuit\u00e9es du trimestre (en millions)\u003C\/strong\u003E\u003C\/p\u003E\u003C\/td\u003E\u003Ctd\u003E\u003Cp align=\u0022center\u0022\u003E\u003Cstrong\u003EVariation annuelle par rapport \u00e0 2024\u003C\/strong\u003E\u003C\/p\u003E\u003C\/td\u003E\u003C\/tr\u003E\u003Ctr\u003E\u003Ctd valign=\u0022top\u0022\u003E\u003Cp\u003E1er trimestre 2025\u003C\/p\u003E\u003C\/td\u003E\u003Ctd\u003E\u003Cp align=\u0022center\u0022\u003E\/\/\/\u003C\/p\u003E\u003C\/td\u003E\u003Ctd\u003E\u003Cp align=\u0022center\u0022\u003E\/\/\/\u003C\/p\u003E\u003C\/td\u003E\u003C\/tr\u003E\u003Ctr\u003E\u003Ctd valign=\u0022top\u0022\u003E\u003Cp\u003E2e trimestre 2025\u003C\/p\u003E\u003C\/td\u003E\u003Ctd\u003E\u003Cp align=\u0022center\u0022\u003E\/\/\/\u003C\/p\u003E\u003C\/td\u003E\u003Ctd\u003E\u003Cp align=\u0022center\u0022\u003E\/\/\/\u003C\/p\u003E\u003C\/td\u003E\u003C\/tr\u003E\u003Ctr\u003E\u003Ctd valign=\u0022top\u0022\u003E\u003Cp\u003E3e trimestre 2025\u003C\/p\u003E\u003C\/td\u003E\u003Ctd\u003E\u003Cp align=\u0022center\u0022\u003E107,0\u003C\/p\u003E\u003C\/td\u003E\u003Ctd\u003E\u003Cp align=\u0022center\u0022\u003E+ 2,2 %\u003C\/p\u003E\u003C\/td\u003E\u003C\/tr\u003E\u003Ctr\u003E\u003Ctd valign=\u0022top\u0022\u003E\u003Cp\u003E4e trimestre 2025\u003C\/p\u003E\u003C\/td\u003E\u003Ctd\u003E\u003Cp align=\u0022center\u0022\u003E\/\/\/\u003C\/p\u003E\u003C\/td\u003E\u003Ctd\u003E\u003Cp align=\u0022center\u0022\u003E\/\/\/\u003C\/p\u003E\u003C\/td\u003E\u003C\/tr\u003E\u003C\/tbody\u003E\u003C\/table\u003E                                            \u003Cp\u003E\u003Cbr \/\u003E\u003Cstrong\u003ESource :\u003C\/strong\u003E\u003Cstrong\u003E\u00a0\u003C\/strong\u003E\u003C\/p\u003E\u003Cul\u003E\u003Cli\u003E\u003Ca href=\u0022https:\/\/www.insee.fr\/fr\/statistiques\/8739138\u0022 target=\u0022_blank\u0022\u003EIndice de la fr\u00e9quentation des h\u00e9bergements collectifs touristiques \u2013 4e trimestre 2025 (insee.fr)\u003C\/a\u003E\u003C\/li\u003E\u003C\/ul\u003E\u003C\/div\u003E","annee":"2025","theme":" Indices, taux, bar\u00e8mes juridiques","activites":["Caf\u00e9 \/ H\u00f4tel \/ Restaurant"],"image":"https:\/\/www.weblex.fr\/sites\/default\/files\/chiffres_clef\/Shutterstock_frequenindicecamping.jpg","created":"2026-03-20","modified":"2026-03-20"},{"url":"\/chiffres-cles\/taxe-miniere-sur-l-or-en-guyane-2025","id":27984,"title":"Taxe mini\u00e8re sur l\u2019or en Guyane - 2025","content":"\u003Cdiv\u003E                                              \u003Ch2\u003ETaxe mini\u00e8re sur l\u2019or en Guyane - 2025\u003Cbr\u003E\u0026nbsp;\u003C\/h2\u003E\u003Cp\u003ELes tarifs de la taxe mini\u00e8re sur l\u2019or en Guyane applicables en 2025 sont fix\u00e9s comme suit :\u003C\/p\u003E\u003Ctable border=\u00221\u0022 cellpadding=\u00220\u0022 cellspacing=\u00220\u0022\u003E\u003Ctbody\u003E\u003Ctr\u003E\u003Ctd valign=\u0022top\u0022 width=\u0022302\u0022\u003E\u003Cp\u003E\u003Cstrong\u003ECat\u00e9gories d\u2019entreprises\u003C\/strong\u003E\u003C\/p\u003E\u003C\/td\u003E\u003Ctd valign=\u0022top\u0022 width=\u0022302\u0022\u003E\u003Cp\u003E\u003Cstrong\u003EPar kilogramme extrait (en euros)\u003C\/strong\u003E\u003C\/p\u003E\u003C\/td\u003E\u003C\/tr\u003E\u003Ctr\u003E\u003Ctd valign=\u0022top\u0022 width=\u0022302\u0022\u003E\u003Cp\u003EPetites et moyennes entreprises\u003C\/p\u003E\u003C\/td\u003E\u003Ctd valign=\u0022top\u0022 width=\u0022302\u0022\u003E\u003Cp\u003E\u0026nbsp;709,47\u003C\/p\u003E\u003C\/td\u003E\u003C\/tr\u003E\u003Ctr\u003E\u003Ctd valign=\u0022top\u0022 width=\u0022302\u0022\u003E\u003Cp\u003EAutres entreprises\u003C\/p\u003E\u003C\/td\u003E\u003Ctd valign=\u0022top\u0022 width=\u0022302\u0022\u003E\u003Cp\u003E\u0026nbsp;1 418,94\u003C\/p\u003E\u003C\/td\u003E\u003C\/tr\u003E\u003C\/tbody\u003E\u003C\/table\u003E                                            \u003Cp\u003E\u003Cbr \/\u003E\u003Cstrong\u003ESource :\u003C\/strong\u003E\u003Cstrong\u003E\u00a0\u003C\/strong\u003E\u003C\/p\u003E\u003Cul\u003E\u003Cli\u003E\u003Ca href=\u0022https:\/\/www.legifrance.gouv.fr\/jorf\/id\/JORFTEXT000053700623\u0022 target=\u0022_blank\u0022\u003EArr\u00eat\u00e9 du 8 d\u00e9cembre 2025 fixant les tarifs de la taxe mini\u00e8re sur l\u0027or en Guyane pour l\u0027ann\u00e9e 2025\u003C\/a\u003E\u003C\/li\u003E\u003C\/ul\u003E\u003C\/div\u003E","annee":"2025","theme":" Indices, taux, bar\u00e8mes fiscaux","activites":["Industrie"],"image":"https:\/\/www.weblex.fr\/sites\/default\/files\/chiffres_clef\/Shutterstock_taxeminiere.jpg","created":"2026-03-19","modified":"2026-03-19"},{"url":"\/chiffres-cles\/plafonnement-du-supplement-de-loyer-solidarite-sls-2025","id":27967,"title":"Plafonnement du suppl\u00e9ment de loyer solidarit\u00e9 (SLS) - 2025","content":"\u003Cdiv\u003E                                              \u003Cp\u003ELes locataires de logements sociaux doivent payer un suppl\u00e9ment de loyer solidarit\u00e9 (SLS) d\u00e8s lors que leurs revenus d\u00e9passent de plus de 20 % des plafonds de ressources \u00e0 respecter.\u003C\/p\u003E\u003Cp\u003ECe suppl\u00e9ment de loyer s\u2019ajoute au loyer et aux charges pay\u00e9s par le locataire.\u003C\/p\u003E\u003Cp\u003ELe montant du SLS est obtenu en appliquant un coefficient de d\u00e9passement du plafond de ressources au suppl\u00e9ment de loyer de r\u00e9f\u00e9rence du logement.\u0026nbsp;\u003C\/p\u003E\u003Ctable class=\u0022MsoTableGrid\u0022\u003E\u003Ctbody\u003E\u003Ctr\u003E\u003Ctd valign=\u0022top\u0022\u003E\u003Cp align=\u0022center\u0022\u003E\u003Cstrong\u003ED\u00e9passement du plafond de ressources pour l\u0027attribution du logement\u003C\/strong\u003E\u003C\/p\u003E\u003C\/td\u003E\u003Ctd valign=\u0022top\u0022\u003E\u003Cp align=\u0022center\u0022\u003E\u003Cstrong\u003EValeur du coefficient de d\u00e9passement\u003C\/strong\u003E\u003C\/p\u003E\u003C\/td\u003E\u003C\/tr\u003E\u003Ctr\u003E\u003Ctd valign=\u0022top\u0022\u003E\u003Cp\u003EDe 20 %\u003C\/p\u003E\u003C\/td\u003E\u003Ctd valign=\u0022top\u0022\u003E\u003Cp align=\u0022center\u0022\u003E0,27\u003C\/p\u003E\u003C\/td\u003E\u003C\/tr\u003E\u003Ctr\u003E\u003Ctd valign=\u0022top\u0022\u003E\u003Cp\u003EDe 21 % \u00e0 59 %\u003C\/p\u003E\u003C\/td\u003E\u003Ctd valign=\u0022top\u0022\u003E\u003Cp\u003E\u0026nbsp;\u0026nbsp;\u0026nbsp;\u0026nbsp;\u003Cbr\u003E\u0026nbsp; \u0026nbsp; \u0026nbsp; \u0026nbsp; \u0026nbsp; \u0026nbsp; \u0026nbsp; \u0026nbsp; \u0026nbsp; \u0026nbsp; \u0026nbsp; \u0026nbsp; \u0026nbsp; \u0026nbsp; \u0026nbsp;0,06 pour chaque nombre entier de l\u0027intervalle\u003C\/p\u003E\u003C\/td\u003E\u003C\/tr\u003E\u003Ctr\u003E\u003Ctd valign=\u0022top\u0022\u003E\u003Cp\u003EDe 60 % \u00e0 149 %\u003C\/p\u003E\u003C\/td\u003E\u003Ctd valign=\u0022top\u0022\u003E\u003Cp align=\u0022center\u0022\u003E0,08 pour chaque nombre entier de l\u0027intervalle\u003C\/p\u003E\u003C\/td\u003E\u003C\/tr\u003E\u003Ctr\u003E\u003Ctd valign=\u0022top\u0022\u003E\u003Cp\u003E\u00c0 partir de 150 %\u003C\/p\u003E\u003C\/td\u003E\u003Ctd valign=\u0022top\u0022\u003E\u003Cp align=\u0022center\u0022\u003E0,1 pour chaque nombre entier de l\u0027intervalle\u003C\/p\u003E\u003C\/td\u003E\u003C\/tr\u003E\u003C\/tbody\u003E\u003C\/table\u003E\u003Cp\u003ECe montant est plafonn\u00e9 lorsque, cumul\u00e9 avec le montant du loyer principal, il exc\u00e8de 30 % des ressources de l\u0027ensemble des personnes vivant au foyer.\u003C\/p\u003E\u003Cp\u003ELes plafonds pour 2025 sont fix\u00e9s par m\u00b2 de surface habitable \u00e0 :\u003C\/p\u003E\u003Cul\u003E\u003Cli\u003E27,35 \u20ac pour les logements situ\u00e9s \u00e0 Paris, \u00e0 Boulogne-Billancourt, \u00e0 Levallois-Perret, \u00e0 Neuilly-sur-Seine, \u00e0 Saint-Mand\u00e9 et \u00e0 Vincennes ;\u003C\/li\u003E\u003Cli\u003E18,62 \u20ac pour les logements situ\u00e9s dans le reste de la zone 1 bis ;\u003C\/li\u003E\u003Cli\u003E17,11 \u20ac pour les logements situ\u00e9s en zone 1 ;\u003C\/li\u003E\u003Cli\u003E12,59 \u20ac pour les logements situ\u00e9s en zone 2 ;\u003C\/li\u003E\u003Cli\u003E11,11 \u20ac pour les logements situ\u00e9s dans la collectivit\u00e9 de Corse ;\u003C\/li\u003E\u003Cli\u003E11,22 \u20ac pour les logements situ\u00e9s en Guadeloupe, en Guyane, en Martinique, \u00e0 La R\u00e9union et \u00e0 Mayotte ;\u003C\/li\u003E\u003Cli\u003E11,44 \u20ac pour les logements situ\u00e9s dans le reste de la zone 3.\u003C\/li\u003E\u003C\/ul\u003E\u003Cp\u003ELa liste des communes comprises dans les diff\u00e9rentes zones est consultable \u003Ca href=\u0022https:\/\/www.legifrance.gouv.fr\/codes\/article_lc\/LEGIARTI000039043028\u0022 target=\u0022_blank\u0022\u003Eici\u003C\/a\u003E.\u003Cbr\u003E\u0026nbsp;\u003C\/p\u003E                                            \u003Cp\u003E\u003Cbr \/\u003E\u003Cstrong\u003ESource :\u003C\/strong\u003E\u003Cstrong\u003E\u00a0\u003C\/strong\u003E\u003C\/p\u003E\u003Cul\u003E\u003Cli\u003E\u003Ca href=\u0022https:\/\/www.legifrance.gouv.fr\/jorf\/id\/JORFTEXT000050731867\u0022 target=\u0022_blank\u0022\u003EArr\u00eat\u00e9 du 29 novembre 2024 pris en application du II de l\u0027article D. 441-20-1 du code de la construction et de l\u0027habitation\u003C\/a\u003E\u003C\/li\u003E\u003C\/ul\u003E\u003C\/div\u003E","annee":"2025","theme":" Indices, taux, bar\u00e8mes juridiques","activites":["Agent immobilier","Promoteur \/ Lotisseur \/ Architecte \/ G\u00e9om\u00e8tre"],"image":"https:\/\/www.weblex.fr\/sites\/default\/files\/chiffres_clef\/Shutterstock_logementssociauxsupplementloyer.jpg","created":"2026-03-17","modified":"2026-04-02"},{"url":"\/chiffres-cles\/valeur-venale-moyenne-des-terres-labourables-et-des-prairies-naturelles-en-2024-pour-les-terres-agricoles-d-au-moins-70-ares-libres-a-la-vente","id":27959,"title":"Valeur v\u00e9nale moyenne des terres labourables et des prairies naturelles en 2024 pour les terres agricoles d\u0027au moins 70 ares, libres \u00e0 la vente","content":"\u003Cdiv\u003E                                              \u003Cp\u003ELes prix retenus sont ceux des terres agricoles, parcelles ou exploitations enti\u00e8res, non b\u00e2ties, et destin\u00e9es \u00e0 conserver, au moment de la transaction, leur vocation agricole.\u003C\/p\u003E\u003Cp\u003ELes prix s\u0027appliquent aux terres libres de tout bail ou dont le bail est r\u00e9sili\u00e9 dans l\u0027acte de vente, d\u0027une superficie sup\u00e9rieure ou \u00e9gale \u00e0 70 ares.\u003C\/p\u003E\u003Cp\u003ELa valeur dominante correspond au prix le plus souvent pratiqu\u00e9 tel qu\u0027il a pu \u00eatre constat\u00e9 ou estim\u00e9.\u003C\/p\u003E\u003Cp\u003ELes valeurs maximum ou minimum correspondent respectivement aux prix pratiqu\u00e9s pour les terres les plus ch\u00e8res et les moins ch\u00e8res, compte tenu des conditions locales du march\u00e9. Les prix de vente retenus s\u0027entendent hors taxes et frais d\u0027acte non compris.\u003C\/p\u003E\u003Cp\u003E(euros courants \u00e0 l\u0027hectare)\u003C\/p\u003E\u003Cp\u003E\u0026nbsp;\u003C\/p\u003E\u003Cp\u003E\u0026nbsp;\u003C\/p\u003E\u003Ctable class=\u0022MsoTableGrid\u0022\u003E\u003Ctbody\u003E\u003Ctr\u003E\u003Ctd colspan=\u00224\u0022 valign=\u0022top\u0022\u003E\u003Cp align=\u0022center\u0022\u003E\u003Cstrong\u003ETerres labourables et prairies naturelles\u003C\/strong\u003E\u003C\/p\u003E\u003C\/td\u003E\u003C\/tr\u003E\u003Ctr\u003E\u003Ctd rowspan=\u00222\u0022 valign=\u0022top\u0022\u003E\u003Cp align=\u0022center\u0022\u003E\u003Cstrong\u003ER\u00e9gions d\u00e9partements (petites) r\u00e9gions agricoles\u003C\/strong\u003E\u003C\/p\u003E\u003C\/td\u003E\u003Ctd colspan=\u00223\u0022 valign=\u0022top\u0022\u003E\u003Cp align=\u0022center\u0022\u003E\u003Cstrong\u003E2024\u003C\/strong\u003E\u003C\/p\u003E\u003C\/td\u003E\u003C\/tr\u003E\u003Ctr\u003E\u003Ctd valign=\u0022top\u0022\u003E\u003Cp\u003E\u003Cstrong\u003EDominante\u003C\/strong\u003E\u003C\/p\u003E\u003C\/td\u003E\u003Ctd valign=\u0022top\u0022\u003E\u003Cp\u003E\u003Cstrong\u003EMinimum *\u003C\/strong\u003E\u003C\/p\u003E\u003C\/td\u003E\u003Ctd valign=\u0022top\u0022\u003E\u003Cp\u003E\u003Cstrong\u003EMaximum **\u003C\/strong\u003E\u003C\/p\u003E\u003C\/td\u003E\u003C\/tr\u003E\u003Ctr\u003E\u003Ctd valign=\u0022top\u0022\u003E\u003Cp\u003E\u003Cstrong\u003EAuvergne Rh\u00f4ne Alpes\u003C\/strong\u003E\u003C\/p\u003E\u003C\/td\u003E\u003Ctd\u003E\u003Cp align=\u0022center\u0022\u003E\u0026nbsp;\u003C\/p\u003E\u003C\/td\u003E\u003Ctd\u003E\u003Cp align=\u0022center\u0022\u003E\u0026nbsp;\u003C\/p\u003E\u003C\/td\u003E\u003Ctd\u003E\u003Cp align=\u0022center\u0022\u003E\u0026nbsp;\u003C\/p\u003E\u003C\/td\u003E\u003C\/tr\u003E\u003Ctr\u003E\u003Ctd valign=\u0022top\u0022\u003E\u003Cul\u003E\u003Cli\u003E\u003Cstrong\u003EAin\u003C\/strong\u003E\u003C\/li\u003E\u003C\/ul\u003E\u003C\/td\u003E\u003Ctd\u003E\u003Cp align=\u0022center\u0022\u003E\u0026nbsp;\u003C\/p\u003E\u003C\/td\u003E\u003Ctd\u003E\u003Cp align=\u0022center\u0022\u003E\u0026nbsp;\u003C\/p\u003E\u003C\/td\u003E\u003Ctd\u003E\u003Cp align=\u0022center\u0022\u003E\u0026nbsp;\u003C\/p\u003E\u003C\/td\u003E\u003C\/tr\u003E\u003Ctr\u003E\u003Ctd valign=\u0022top\u0022\u003E\u003Cp\u003EBresse\u003C\/p\u003E\u003C\/td\u003E\u003Ctd\u003E\u003Cp align=\u0022center\u0022\u003E3 170\u003C\/p\u003E\u003C\/td\u003E\u003Ctd\u003E\u003Cp align=\u0022center\u0022\u003E1 000\u003C\/p\u003E\u003C\/td\u003E\u003Ctd\u003E\u003Cp align=\u0022center\u0022\u003E15 000\u003C\/p\u003E\u003C\/td\u003E\u003C\/tr\u003E\u003Ctr\u003E\u003Ctd valign=\u0022top\u0022\u003E\u003Cp\u003EBugey\u003C\/p\u003E\u003C\/td\u003E\u003Ctd\u003E\u003Cp align=\u0022center\u0022\u003E4 740\u003C\/p\u003E\u003C\/td\u003E\u003Ctd\u003E\u003Cp align=\u0022center\u0022\u003E870\u003C\/p\u003E\u003C\/td\u003E\u003Ctd\u003E\u003Cp align=\u0022center\u0022\u003E27 260\u003C\/p\u003E\u003C\/td\u003E\u003C\/tr\u003E\u003Ctr\u003E\u003Ctd valign=\u0022top\u0022\u003E\u003Cp\u003EVall\u00e9e de la Sa\u00f4ne, Dombes\u003C\/p\u003E\u003C\/td\u003E\u003Ctd\u003E\u003Cp align=\u0022center\u0022\u003E4 500\u003C\/p\u003E\u003C\/td\u003E\u003Ctd\u003E\u003Cp align=\u0022center\u0022\u003E1 010\u003C\/p\u003E\u003C\/td\u003E\u003Ctd\u003E\u003Cp align=\u0022center\u0022\u003E14 220\u003C\/p\u003E\u003C\/td\u003E\u003C\/tr\u003E\u003Ctr\u003E\u003Ctd valign=\u0022top\u0022\u003E\u003Cp\u003EPays de Gex, Haut Bugey\u003C\/p\u003E\u003C\/td\u003E\u003Ctd\u003E\u003Cp align=\u0022center\u0022\u003END\u003C\/p\u003E\u003C\/td\u003E\u003Ctd\u003E\u003Cp align=\u0022center\u0022\u003END\u003C\/p\u003E\u003C\/td\u003E\u003Ctd\u003E\u003Cp align=\u0022center\u0022\u003END\u003C\/p\u003E\u003C\/td\u003E\u003C\/tr\u003E\u003Ctr\u003E\u003Ctd valign=\u0022top\u0022\u003E\u003Cul\u003E\u003Cli\u003E\u003Cstrong\u003EAllier\u003C\/strong\u003E\u003C\/li\u003E\u003C\/ul\u003E\u003C\/td\u003E\u003Ctd\u003E\u003Cp align=\u0022center\u0022\u003E\u0026nbsp;\u003C\/p\u003E\u003C\/td\u003E\u003Ctd\u003E\u003Cp align=\u0022center\u0022\u003E\u0026nbsp;\u003C\/p\u003E\u003C\/td\u003E\u003Ctd\u003E\u003Cp align=\u0022center\u0022\u003E\u0026nbsp;\u003C\/p\u003E\u003C\/td\u003E\u003C\/tr\u003E\u003Ctr\u003E\u003Ctd valign=\u0022top\u0022\u003E\u003Cp\u003EBocage Bourbonnais\u003C\/p\u003E\u003C\/td\u003E\u003Ctd\u003E\u003Cp align=\u0022center\u0022\u003E4 010\u003C\/p\u003E\u003C\/td\u003E\u003Ctd\u003E\u003Cp align=\u0022center\u0022\u003E1 590\u003C\/p\u003E\u003C\/td\u003E\u003Ctd\u003E\u003Cp align=\u0022center\u0022\u003E6 490\u003C\/p\u003E\u003C\/td\u003E\u003C\/tr\u003E\u003Ctr\u003E\u003Ctd valign=\u0022top\u0022\u003E\u003Cp\u003EVal d\u2019Allier\u003C\/p\u003E\u003C\/td\u003E\u003Ctd\u003E\u003Cp align=\u0022center\u0022\u003E5 480\u003C\/p\u003E\u003C\/td\u003E\u003Ctd\u003E\u003Cp align=\u0022center\u0022\u003E1 640\u003C\/p\u003E\u003C\/td\u003E\u003Ctd\u003E\u003Cp align=\u0022center\u0022\u003E12 770\u003C\/p\u003E\u003C\/td\u003E\u003C\/tr\u003E\u003Ctr\u003E\u003Ctd valign=\u0022top\u0022\u003E\u003Cp\u003EMontagne et Combraille Bourbonnaise\u003C\/p\u003E\u003C\/td\u003E\u003Ctd\u003E\u003Cp align=\u0022center\u0022\u003E3 430\u003C\/p\u003E\u003C\/td\u003E\u003Ctd\u003E\u003Cp align=\u0022center\u0022\u003E790\u003C\/p\u003E\u003C\/td\u003E\u003Ctd\u003E\u003Cp align=\u0022center\u0022\u003E5 690\u003C\/p\u003E\u003C\/td\u003E\u003C\/tr\u003E\u003Ctr\u003E\u003Ctd valign=\u0022top\u0022\u003E\u003Cp\u003ESologne Bourbonnaise\u003C\/p\u003E\u003C\/td\u003E\u003Ctd\u003E\u003Cp align=\u0022center\u0022\u003E4 210\u003C\/p\u003E\u003C\/td\u003E\u003Ctd\u003E\u003Cp align=\u0022center\u0022\u003E1 440\u003C\/p\u003E\u003C\/td\u003E\u003Ctd\u003E\u003Cp align=\u0022center\u0022\u003E8 000\u003C\/p\u003E\u003C\/td\u003E\u003C\/tr\u003E\u003Ctr\u003E\u003Ctd valign=\u0022top\u0022\u003E\u003Cul\u003E\u003Cli\u003E\u003Cstrong\u003EArd\u00e8che\u003C\/strong\u003E\u003C\/li\u003E\u003C\/ul\u003E\u003C\/td\u003E\u003Ctd\u003E\u003Cp align=\u0022center\u0022\u003E\u0026nbsp;\u003C\/p\u003E\u003C\/td\u003E\u003Ctd\u003E\u003Cp align=\u0022center\u0022\u003E\u0026nbsp;\u003C\/p\u003E\u003C\/td\u003E\u003Ctd\u003E\u003Cp align=\u0022center\u0022\u003E\u0026nbsp;\u003C\/p\u003E\u003C\/td\u003E\u003C\/tr\u003E\u003Ctr\u003E\u003Ctd valign=\u0022top\u0022\u003E\u003Cp\u003ECoiron, Bas Vivarais, Vall\u00e9e du Rh\u00f4ne\u003C\/p\u003E\u003C\/td\u003E\u003Ctd\u003E\u003Cp align=\u0022center\u0022\u003E6 580\u003C\/p\u003E\u003C\/td\u003E\u003Ctd\u003E\u003Cp align=\u0022center\u0022\u003E870\u003C\/p\u003E\u003C\/td\u003E\u003Ctd\u003E\u003Cp align=\u0022center\u0022\u003E32 280\u003C\/p\u003E\u003C\/td\u003E\u003C\/tr\u003E\u003Ctr\u003E\u003Ctd valign=\u0022top\u0022\u003E\u003Cp\u003EPlateau, Montagne Ard\u00e9choise\u003C\/p\u003E\u003C\/td\u003E\u003Ctd\u003E\u003Cp align=\u0022center\u0022\u003E4 370\u003C\/p\u003E\u003C\/td\u003E\u003Ctd\u003E\u003Cp align=\u0022center\u0022\u003E810\u003C\/p\u003E\u003C\/td\u003E\u003Ctd\u003E\u003Cp align=\u0022center\u0022\u003E15 370\u003C\/p\u003E\u003C\/td\u003E\u003C\/tr\u003E\u003Ctr\u003E\u003Ctd valign=\u0022top\u0022\u003E\u003Cul\u003E\u003Cli\u003E\u003Cstrong\u003ECantal\u003C\/strong\u003E\u003C\/li\u003E\u003C\/ul\u003E\u003C\/td\u003E\u003Ctd\u003E\u003Cp align=\u0022center\u0022\u003E\u0026nbsp;\u003C\/p\u003E\u003C\/td\u003E\u003Ctd\u003E\u003Cp align=\u0022center\u0022\u003E\u0026nbsp;\u003C\/p\u003E\u003C\/td\u003E\u003Ctd\u003E\u003Cp align=\u0022center\u0022\u003E\u0026nbsp;\u003C\/p\u003E\u003C\/td\u003E\u003C\/tr\u003E\u003Ctr\u003E\u003Ctd valign=\u0022top\u0022\u003E\u003Cp\u003ECantal, Sud Est Limousin, Artense\u003C\/p\u003E\u003C\/td\u003E\u003Ctd\u003E\u003Cp align=\u0022center\u0022\u003E6 850\u003C\/p\u003E\u003C\/td\u003E\u003Ctd\u003E\u003Cp align=\u0022center\u0022\u003E1 310\u003C\/p\u003E\u003C\/td\u003E\u003Ctd\u003E\u003Cp align=\u0022center\u0022\u003E10 750\u003C\/p\u003E\u003C\/td\u003E\u003C\/tr\u003E\u003Ctr\u003E\u003Ctd valign=\u0022top\u0022\u003E\u003Cp\u003EMassiac, Cezaillier-Margeride, Aubrac et Planeze\u003C\/p\u003E\u003C\/td\u003E\u003Ctd\u003E\u003Cp align=\u0022center\u0022\u003E6 100\u003C\/p\u003E\u003C\/td\u003E\u003Ctd\u003E\u003Cp align=\u0022center\u0022\u003E1 020\u003C\/p\u003E\u003C\/td\u003E\u003Ctd\u003E\u003Cp align=\u0022center\u0022\u003E9 790\u003C\/p\u003E\u003C\/td\u003E\u003C\/tr\u003E\u003Ctr\u003E\u003Ctd valign=\u0022top\u0022\u003E\u003Cp\u003EChataigneraie, Bassin d\u2019Aurillac\u003C\/p\u003E\u003C\/td\u003E\u003Ctd\u003E\u003Cp align=\u0022center\u0022\u003E7 360\u003C\/p\u003E\u003C\/td\u003E\u003Ctd\u003E\u003Cp align=\u0022center\u0022\u003E1 380\u003C\/p\u003E\u003C\/td\u003E\u003Ctd\u003E\u003Cp align=\u0022center\u0022\u003E12 100\u003C\/p\u003E\u003C\/td\u003E\u003C\/tr\u003E\u003Ctr\u003E\u003Ctd valign=\u0022top\u0022\u003E\u003Cul\u003E\u003Cli\u003E\u003Cstrong\u003EDr\u00f4me\u003C\/strong\u003E\u003C\/li\u003E\u003C\/ul\u003E\u003C\/td\u003E\u003Ctd\u003E\u0026nbsp;\u003C\/td\u003E\u003Ctd\u003E\u003Cp align=\u0022center\u0022\u003E\u0026nbsp;\u003C\/p\u003E\u003C\/td\u003E\u003Ctd\u003E\u003Cp align=\u0022center\u0022\u003E\u0026nbsp;\u003C\/p\u003E\u003C\/td\u003E\u003C\/tr\u003E\u003Ctr\u003E\u003Ctd valign=\u0022top\u0022\u003E\u003Cp\u003EVercors et Diois\u003C\/p\u003E\u003C\/td\u003E\u003Ctd\u003E\u003Cp align=\u0022center\u0022\u003END\u003C\/p\u003E\u003C\/td\u003E\u003Ctd\u003E\u003Cp align=\u0022center\u0022\u003END\u003C\/p\u003E\u003C\/td\u003E\u003Ctd\u003E\u003Cp align=\u0022center\u0022\u003END\u003C\/p\u003E\u003C\/td\u003E\u003C\/tr\u003E\u003Ctr\u003E\u003Ctd valign=\u0022top\u0022\u003E\u003Cp\u003EPlaines Rhodaniennes, Tricastin\u003C\/p\u003E\u003C\/td\u003E\u003Ctd\u003E\u003Cp align=\u0022center\u0022\u003E8 510\u003C\/p\u003E\u003C\/td\u003E\u003Ctd\u003E\u003Cp align=\u0022center\u0022\u003E2 330\u003C\/p\u003E\u003C\/td\u003E\u003Ctd\u003E\u003Cp align=\u0022center\u0022\u003E18 700\u003C\/p\u003E\u003C\/td\u003E\u003C\/tr\u003E\u003Ctr\u003E\u003Ctd valign=\u0022top\u0022\u003E\u003Cp\u003EValloire, Galaure et Herbasse\u003C\/p\u003E\u003C\/td\u003E\u003Ctd\u003E\u003Cp align=\u0022center\u0022\u003E6 550\u003C\/p\u003E\u003C\/td\u003E\u003Ctd\u003E\u003Cp align=\u0022center\u0022\u003E2 060\u003C\/p\u003E\u003C\/td\u003E\u003Ctd\u003E\u003Cp align=\u0022center\u0022\u003E22 220\u003C\/p\u003E\u003C\/td\u003E\u003C\/tr\u003E\u003Ctr\u003E\u003Ctd valign=\u0022top\u0022\u003E\u003Cp\u003EBaronnies\u003C\/p\u003E\u003C\/td\u003E\u003Ctd\u003E\u003Cp align=\u0022center\u0022\u003END\u003C\/p\u003E\u003C\/td\u003E\u003Ctd\u003E\u003Cp align=\u0022center\u0022\u003END\u003C\/p\u003E\u003C\/td\u003E\u003Ctd\u003E\u003Cp align=\u0022center\u0022\u003END\u003C\/p\u003E\u003C\/td\u003E\u003C\/tr\u003E\u003Ctr\u003E\u003Ctd valign=\u0022top\u0022\u003E\u003Cul\u003E\u003Cli\u003E\u003Cstrong\u003EHaute-Loire\u003C\/strong\u003E\u003C\/li\u003E\u003C\/ul\u003E\u003C\/td\u003E\u003Ctd\u003E\u003Cp align=\u0022center\u0022\u003E\u0026nbsp;\u003C\/p\u003E\u003C\/td\u003E\u003Ctd\u003E\u003Cp align=\u0022center\u0022\u003E\u0026nbsp;\u003C\/p\u003E\u003C\/td\u003E\u003Ctd\u003E\u003Cp align=\u0022center\u0022\u003E\u0026nbsp;\u003C\/p\u003E\u003C\/td\u003E\u003C\/tr\u003E\u003Ctr\u003E\u003Ctd valign=\u0022top\u0022\u003E\u003Cp\u003EMonts du Forez\u003C\/p\u003E\u003C\/td\u003E\u003Ctd\u003E\u003Cp align=\u0022center\u0022\u003E3 340\u003C\/p\u003E\u003C\/td\u003E\u003Ctd\u003E\u003Cp align=\u0022center\u0022\u003E920\u003C\/p\u003E\u003C\/td\u003E\u003Ctd\u003E\u003Cp align=\u0022center\u0022\u003E7 750\u003C\/p\u003E\u003C\/td\u003E\u003C\/tr\u003E\u003Ctr\u003E\u003Ctd valign=\u0022top\u0022\u003E\u003Cp\u003ELe Pyv en Basaltique, Mezen-Meygal\u003C\/p\u003E\u003C\/td\u003E\u003Ctd\u003E\u003Cp align=\u0022center\u0022\u003E5 410\u003C\/p\u003E\u003C\/td\u003E\u003Ctd\u003E\u003Cp align=\u0022center\u0022\u003E1 350\u003C\/p\u003E\u003C\/td\u003E\u003Ctd\u003E\u003Cp align=\u0022center\u0022\u003E9 950\u003C\/p\u003E\u003C\/td\u003E\u003C\/tr\u003E\u003Ctr\u003E\u003Ctd valign=\u0022top\u0022\u003E\u003Cp\u003EBrivadois, Cezallier, Margeride, Limagne\u003C\/p\u003E\u003C\/td\u003E\u003Ctd\u003E\u003Cp align=\u0022center\u0022\u003E3 590\u003C\/p\u003E\u003C\/td\u003E\u003Ctd\u003E\u003Cp align=\u0022center\u0022\u003E720\u003C\/p\u003E\u003C\/td\u003E\u003Ctd\u003E\u003Cp align=\u0022center\u0022\u003E7 810\u003C\/p\u003E\u003C\/td\u003E\u003C\/tr\u003E\u003Ctr\u003E\u003Ctd valign=\u0022top\u0022\u003E\u003Cul\u003E\u003Cli\u003E\u003Cstrong\u003EHaute-Savoie\u003C\/strong\u003E\u003C\/li\u003E\u003C\/ul\u003E\u003C\/td\u003E\u003Ctd\u003E\u003Cp align=\u0022center\u0022\u003E\u0026nbsp;\u003C\/p\u003E\u003C\/td\u003E\u003Ctd\u003E\u003Cp align=\u0022center\u0022\u003E\u0026nbsp;\u003C\/p\u003E\u003C\/td\u003E\u003Ctd\u003E\u003Cp align=\u0022center\u0022\u003E\u0026nbsp;\u003C\/p\u003E\u003C\/td\u003E\u003C\/tr\u003E\u003Ctr\u003E\u003Ctd valign=\u0022top\u0022\u003E\u003Cp\u003EHaute-Savoie\u003C\/p\u003E\u003C\/td\u003E\u003Ctd\u003E\u003Cp align=\u0022center\u0022\u003E9 490\u003C\/p\u003E\u003C\/td\u003E\u003Ctd\u003E\u003Cp align=\u0022center\u0022\u003E2 000\u003C\/p\u003E\u003C\/td\u003E\u003Ctd\u003E\u003Cp align=\u0022center\u0022\u003E27 310\u003C\/p\u003E\u003C\/td\u003E\u003C\/tr\u003E\u003Ctr\u003E\u003Ctd valign=\u0022top\u0022\u003E\u003Cul\u003E\u003Cli\u003E\u003Cstrong\u003EIs\u00e8re\u003C\/strong\u003E\u003C\/li\u003E\u003C\/ul\u003E\u003C\/td\u003E\u003Ctd\u003E\u003Cp align=\u0022center\u0022\u003E\u0026nbsp;\u003C\/p\u003E\u003C\/td\u003E\u003Ctd\u003E\u003Cp align=\u0022center\u0022\u003E\u0026nbsp;\u003C\/p\u003E\u003C\/td\u003E\u003Ctd\u003E\u003Cp align=\u0022center\u0022\u003E\u0026nbsp;\u003C\/p\u003E\u003C\/td\u003E\u003C\/tr\u003E\u003Ctr\u003E\u003Ctd valign=\u0022top\u0022\u003E\u003Cp\u003EBas Dauphine\u003C\/p\u003E\u003C\/td\u003E\u003Ctd\u003E\u003Cp align=\u0022center\u0022\u003E4 530\u003C\/p\u003E\u003C\/td\u003E\u003Ctd\u003E\u003Cp align=\u0022center\u0022\u003E1 200\u003C\/p\u003E\u003C\/td\u003E\u003Ctd\u003E\u003Cp align=\u0022center\u0022\u003E10 000\u003C\/p\u003E\u003C\/td\u003E\u003C\/tr\u003E\u003Ctr\u003E\u003Ctd valign=\u0022top\u0022\u003E\u003Cp\u003EVall\u00e9e du Gresivaudan, Vall\u00e9e du Rh\u00f4ne\u003C\/p\u003E\u003C\/td\u003E\u003Ctd\u003E\u003Cp align=\u0022center\u0022\u003E7 510\u003C\/p\u003E\u003C\/td\u003E\u003Ctd\u003E\u003Cp align=\u0022center\u0022\u003E1 170\u003C\/p\u003E\u003C\/td\u003E\u003Ctd\u003E\u003Cp align=\u0022center\u0022\u003E25 200\u003C\/p\u003E\u003C\/td\u003E\u003C\/tr\u003E\u003Ctr\u003E\u003Ctd valign=\u0022top\u0022\u003E\u003Cp\u003EPr\u00e9alpes, r\u00e9gion Haute Alpine\u003C\/p\u003E\u003C\/td\u003E\u003Ctd\u003E\u003Cp align=\u0022center\u0022\u003E4 510\u003C\/p\u003E\u003C\/td\u003E\u003Ctd\u003E\u003Cp align=\u0022center\u0022\u003E700\u003C\/p\u003E\u003C\/td\u003E\u003Ctd\u003E\u003Cp align=\u0022center\u0022\u003E13 200\u003C\/p\u003E\u003C\/td\u003E\u003C\/tr\u003E\u003Ctr\u003E\u003Ctd valign=\u0022top\u0022\u003E\u003Cul\u003E\u003Cli\u003E\u003Cstrong\u003ELoire\u003C\/strong\u003E\u003C\/li\u003E\u003C\/ul\u003E\u003C\/td\u003E\u003Ctd\u003E\u003Cp align=\u0022center\u0022\u003E\u0026nbsp;\u003C\/p\u003E\u003C\/td\u003E\u003Ctd\u003E\u003Cp align=\u0022center\u0022\u003E\u0026nbsp;\u003C\/p\u003E\u003C\/td\u003E\u003Ctd\u003E\u003Cp align=\u0022center\u0022\u003E\u0026nbsp;\u003C\/p\u003E\u003C\/td\u003E\u003C\/tr\u003E\u003Ctr\u003E\u003Ctd valign=\u0022top\u0022\u003E\u003Cp\u003EPlaine du Forez et Roannais\u003C\/p\u003E\u003C\/td\u003E\u003Ctd\u003E\u003Cp align=\u0022center\u0022\u003E4 170\u003C\/p\u003E\u003C\/td\u003E\u003Ctd\u003E\u003Cp align=\u0022center\u0022\u003E1 450\u003C\/p\u003E\u003C\/td\u003E\u003Ctd\u003E\u003Cp align=\u0022center\u0022\u003E13 030\u003C\/p\u003E\u003C\/td\u003E\u003C\/tr\u003E\u003Ctr\u003E\u003Ctd valign=\u0022top\u0022\u003E\u003Cp\u003EMonts du Lyonnais et du Jarez\u003C\/p\u003E\u003C\/td\u003E\u003Ctd\u003E\u003Cp align=\u0022center\u0022\u003E3 700\u003C\/p\u003E\u003C\/td\u003E\u003Ctd\u003E\u003Cp align=\u0022center\u0022\u003E1 340\u003C\/p\u003E\u003C\/td\u003E\u003Ctd\u003E\u003Cp align=\u0022center\u0022\u003E10 000\u003C\/p\u003E\u003C\/td\u003E\u003C\/tr\u003E\u003Ctr\u003E\u003Ctd valign=\u0022top\u0022\u003E\u003Cp\u003EMonts du Forez, Madeleine, Pilat\u003C\/p\u003E\u003C\/td\u003E\u003Ctd\u003E\u003Cp align=\u0022center\u0022\u003E2 890\u003C\/p\u003E\u003C\/td\u003E\u003Ctd\u003E\u003Cp align=\u0022center\u0022\u003E900\u003C\/p\u003E\u003C\/td\u003E\u003Ctd\u003E\u003Cp align=\u0022center\u0022\u003E7 710\u003C\/p\u003E\u003C\/td\u003E\u003C\/tr\u003E\u003Ctr\u003E\u003Ctd valign=\u0022top\u0022\u003E\u003Cul\u003E\u003Cli\u003E\u003Cstrong\u003EPuy-de-D\u00f4me\u003C\/strong\u003E\u003C\/li\u003E\u003C\/ul\u003E\u003C\/td\u003E\u003Ctd\u003E\u003Cp align=\u0022center\u0022\u003E\u0026nbsp;\u003C\/p\u003E\u003C\/td\u003E\u003Ctd\u003E\u003Cp align=\u0022center\u0022\u003E\u0026nbsp;\u003C\/p\u003E\u003C\/td\u003E\u003Ctd\u003E\u003Cp align=\u0022center\u0022\u003E\u0026nbsp;\u003C\/p\u003E\u003C\/td\u003E\u003C\/tr\u003E\u003Ctr\u003E\u003Ctd valign=\u0022top\u0022\u003E\u003Cp\u003ED\u00f4mes et p\u00e9riph\u00e9rie, Cezallier, Artense\u003C\/p\u003E\u003C\/td\u003E\u003Ctd\u003E\u003Cp align=\u0022center\u0022\u003E4 310\u003C\/p\u003E\u003C\/td\u003E\u003Ctd\u003E\u003Cp align=\u0022center\u0022\u003E1 080\u003C\/p\u003E\u003C\/td\u003E\u003Ctd\u003E\u003Cp align=\u0022center\u0022\u003E7 970\u003C\/p\u003E\u003C\/td\u003E\u003C\/tr\u003E\u003Ctr\u003E\u003Ctd valign=\u0022top\u0022\u003E\u003Cp\u003ELivradois, Ambert, Forez, Plaine de la Dore\u003C\/p\u003E\u003C\/td\u003E\u003Ctd\u003E\u003Cp align=\u0022center\u0022\u003E2 490\u003C\/p\u003E\u003C\/td\u003E\u003Ctd\u003E\u003Cp align=\u0022center\u0022\u003E680\u003C\/p\u003E\u003C\/td\u003E\u003Ctd\u003E\u003Cp align=\u0022center\u0022\u003E7 830\u003C\/p\u003E\u003C\/td\u003E\u003C\/tr\u003E\u003Ctr\u003E\u003Ctd valign=\u0022top\u0022\u003E\u003Cp\u003ELimagne Viticole, Plaine de Lembron\u003C\/p\u003E\u003C\/td\u003E\u003Ctd\u003E\u003Cp align=\u0022center\u0022\u003E5 670\u003C\/p\u003E\u003C\/td\u003E\u003Ctd\u003E\u003Cp align=\u0022center\u0022\u003E1 460\u003C\/p\u003E\u003C\/td\u003E\u003Ctd\u003E\u003Cp align=\u0022center\u0022\u003E12 500\u003C\/p\u003E\u003C\/td\u003E\u003C\/tr\u003E\u003Ctr\u003E\u003Ctd valign=\u0022top\u0022\u003E\u003Cp\u003ECombraille, Combraille Bourbonnaise\u003C\/p\u003E\u003C\/td\u003E\u003Ctd\u003E\u003Cp align=\u0022center\u0022\u003E2 850\u003C\/p\u003E\u003C\/td\u003E\u003Ctd\u003E\u003Cp align=\u0022center\u0022\u003E790\u003C\/p\u003E\u003C\/td\u003E\u003Ctd\u003E\u003Cp align=\u0022center\u0022\u003E7 720\u003C\/p\u003E\u003C\/td\u003E\u003C\/tr\u003E\u003Ctr\u003E\u003Ctd valign=\u0022top\u0022\u003E\u003Cp\u003ELimagne Agricole\u003C\/p\u003E\u003C\/td\u003E\u003Ctd\u003E\u003Cp align=\u0022center\u0022\u003E8 750\u003C\/p\u003E\u003C\/td\u003E\u003Ctd\u003E\u003Cp align=\u0022center\u0022\u003E1 790\u003C\/p\u003E\u003C\/td\u003E\u003Ctd\u003E\u003Cp align=\u0022center\u0022\u003E15 000\u003C\/p\u003E\u003C\/td\u003E\u003C\/tr\u003E\u003Ctr\u003E\u003Ctd valign=\u0022top\u0022\u003E\u003Cul\u003E\u003Cli\u003E\u003Cstrong\u003ERh\u00f4ne\u003C\/strong\u003E\u003C\/li\u003E\u003C\/ul\u003E\u003C\/td\u003E\u003Ctd\u003E\u003Cp align=\u0022center\u0022\u003E\u0026nbsp;\u003C\/p\u003E\u003C\/td\u003E\u003Ctd\u003E\u003Cp align=\u0022center\u0022\u003E\u0026nbsp;\u003C\/p\u003E\u003C\/td\u003E\u003Ctd\u003E\u003Cp align=\u0022center\u0022\u003E\u0026nbsp;\u003C\/p\u003E\u003C\/td\u003E\u003C\/tr\u003E\u003Ctr\u003E\u003Ctd valign=\u0022top\u0022\u003E\u003Cp\u003EBeaujolais Viticole\u003C\/p\u003E\u003C\/td\u003E\u003Ctd\u003E\u003Cp align=\u0022center\u0022\u003E5 920\u003C\/p\u003E\u003C\/td\u003E\u003Ctd\u003E\u003Cp align=\u0022center\u0022\u003E1 240\u003C\/p\u003E\u003C\/td\u003E\u003Ctd\u003E\u003Cp align=\u0022center\u0022\u003E21 680\u003C\/p\u003E\u003C\/td\u003E\u003C\/tr\u003E\u003Ctr\u003E\u003Ctd valign=\u0022top\u0022\u003E\u003Cp\u003EMonts du Lyonnais\u003C\/p\u003E\u003C\/td\u003E\u003Ctd\u003E\u003Cp align=\u0022center\u0022\u003E3 660\u003C\/p\u003E\u003C\/td\u003E\u003Ctd\u003E\u003Cp align=\u0022center\u0022\u003E1 050\u003C\/p\u003E\u003C\/td\u003E\u003Ctd\u003E\u003Cp align=\u0022center\u0022\u003E14 000\u003C\/p\u003E\u003C\/td\u003E\u003C\/tr\u003E\u003Ctr\u003E\u003Ctd valign=\u0022top\u0022\u003E\u003Cp\u003EPlateaux du Lyonnais\u003C\/p\u003E\u003C\/td\u003E\u003Ctd\u003E\u003Cp align=\u0022center\u0022\u003E6 670\u003C\/p\u003E\u003C\/td\u003E\u003Ctd\u003E\u003Cp align=\u0022center\u0022\u003E1 840\u003C\/p\u003E\u003C\/td\u003E\u003Ctd\u003E\u003Cp align=\u0022center\u0022\u003E23 040\u003C\/p\u003E\u003C\/td\u003E\u003C\/tr\u003E\u003Ctr\u003E\u003Ctd valign=\u0022top\u0022\u003E\u003Cp\u003EVall\u00e9e et Plaines Nord et Est de Lyon\u003C\/p\u003E\u003C\/td\u003E\u003Ctd\u003E\u003Cp align=\u0022center\u0022\u003E7 110\u003C\/p\u003E\u003C\/td\u003E\u003Ctd\u003E\u003Cp align=\u0022center\u0022\u003E1 000\u003C\/p\u003E\u003C\/td\u003E\u003Ctd\u003E\u003Cp align=\u0022center\u0022\u003E30 000\u003C\/p\u003E\u003C\/td\u003E\u003C\/tr\u003E\u003Ctr\u003E\u003Ctd valign=\u0022top\u0022\u003E\u003Cul\u003E\u003Cli\u003E\u003Cstrong\u003ESavoie\u003C\/strong\u003E\u003C\/li\u003E\u003C\/ul\u003E\u003C\/td\u003E\u003Ctd\u003E\u003Cp align=\u0022center\u0022\u003E\u0026nbsp;\u003C\/p\u003E\u003C\/td\u003E\u003Ctd\u003E\u003Cp align=\u0022center\u0022\u003E\u0026nbsp;\u003C\/p\u003E\u003C\/td\u003E\u003Ctd\u003E\u003Cp align=\u0022center\u0022\u003E\u0026nbsp;\u003C\/p\u003E\u003C\/td\u003E\u003C\/tr\u003E\u003Ctr\u003E\u003Ctd valign=\u0022top\u0022\u003E\u003Cp\u003EBeaufortin, Tarentaise, Maurienne\u003C\/p\u003E\u003C\/td\u003E\u003Ctd\u003E\u003Cp align=\u0022center\u0022\u003E3 960\u003C\/p\u003E\u003C\/td\u003E\u003Ctd\u003E\u003Cp align=\u0022center\u0022\u003E530\u003C\/p\u003E\u003C\/td\u003E\u003Ctd\u003E\u003Cp align=\u0022center\u0022\u003E15 360\u003C\/p\u003E\u003C\/td\u003E\u003C\/tr\u003E\u003Ctr\u003E\u003Ctd valign=\u0022top\u0022\u003E\u003Cp\u003ESavoie Est\u003C\/p\u003E\u003C\/td\u003E\u003Ctd\u003E\u003Cp align=\u0022center\u0022\u003E6 080\u003C\/p\u003E\u003C\/td\u003E\u003Ctd\u003E\u003Cp align=\u0022center\u0022\u003E\u0026nbsp;1 070\u003C\/p\u003E\u003C\/td\u003E\u003Ctd\u003E\u003Cp align=\u0022center\u0022\u003E16 440\u003C\/p\u003E\u003C\/td\u003E\u003C\/tr\u003E\u003Ctr\u003E\u003Ctd valign=\u0022top\u0022\u003E\u003Cp\u003E\u003Cstrong\u003EBourgogne-Franche-Comt\u00e9\u003C\/strong\u003E\u003C\/p\u003E\u003C\/td\u003E\u003Ctd\u003E\u003Cp align=\u0022center\u0022\u003E\u0026nbsp;\u003C\/p\u003E\u003C\/td\u003E\u003Ctd\u003E\u003Cp align=\u0022center\u0022\u003E\u0026nbsp;\u003C\/p\u003E\u003C\/td\u003E\u003Ctd\u003E\u003Cp align=\u0022center\u0022\u003E\u0026nbsp;\u003C\/p\u003E\u003C\/td\u003E\u003C\/tr\u003E\u003Ctr\u003E\u003Ctd valign=\u0022top\u0022\u003E\u003Cul\u003E\u003Cli\u003E\u003Cstrong\u003EC\u00f4te-d\u2019Or\u003C\/strong\u003E\u003C\/li\u003E\u003C\/ul\u003E\u003C\/td\u003E\u003Ctd\u003E\u003Cp align=\u0022center\u0022\u003E\u0026nbsp;\u003C\/p\u003E\u003C\/td\u003E\u003Ctd\u003E\u003Cp align=\u0022center\u0022\u003E\u0026nbsp;\u003C\/p\u003E\u003C\/td\u003E\u003Ctd\u003E\u003Cp align=\u0022center\u0022\u003E\u0026nbsp;\u003C\/p\u003E\u003C\/td\u003E\u003C\/tr\u003E\u003Ctr\u003E\u003Ctd valign=\u0022top\u0022\u003E\u003Cp\u003EVingeanne, La Plaine\u003C\/p\u003E\u003C\/td\u003E\u003Ctd\u003E\u003Cp align=\u0022center\u0022\u003E5 290\u003C\/p\u003E\u003C\/td\u003E\u003Ctd\u003E\u003Cp align=\u0022center\u0022\u003E1 850\u003C\/p\u003E\u003C\/td\u003E\u003Ctd\u003E\u003Cp align=\u0022center\u0022\u003E8 830\u003C\/p\u003E\u003C\/td\u003E\u003C\/tr\u003E\u003Ctr\u003E\u003Ctd valign=\u0022top\u0022\u003E\u003Cp\u003EVal de Sa\u00f4ne\u003C\/p\u003E\u003C\/td\u003E\u003Ctd\u003E\u003Cp align=\u0022center\u0022\u003E3 050\u003C\/p\u003E\u003C\/td\u003E\u003Ctd\u003E\u003Cp align=\u0022center\u0022\u003E1 500\u003C\/p\u003E\u003C\/td\u003E\u003Ctd\u003E\u003Cp align=\u0022center\u0022\u003E4 650\u003C\/p\u003E\u003C\/td\u003E\u003C\/tr\u003E\u003Ctr\u003E\u003Ctd valign=\u0022top\u0022\u003E\u003Cp\u003EMorvan, Auxois\u003C\/p\u003E\u003C\/td\u003E\u003Ctd\u003E\u003Cp align=\u0022center\u0022\u003E2 090\u003C\/p\u003E\u003C\/td\u003E\u003Ctd\u003E\u003Cp align=\u0022center\u0022\u003E940\u003C\/p\u003E\u003C\/td\u003E\u003Ctd\u003E\u003Cp align=\u0022center\u0022\u003E3 870\u003C\/p\u003E\u003C\/td\u003E\u003C\/tr\u003E\u003Ctr\u003E\u003Ctd valign=\u0022top\u0022\u003E\u003Cp\u003EPlateau et Vall\u00e9e du Ch\u00e2tillonais\u003C\/p\u003E\u003C\/td\u003E\u003Ctd\u003E\u003Cp align=\u0022center\u0022\u003E2 840\u003C\/p\u003E\u003C\/td\u003E\u003Ctd\u003E\u003Cp align=\u0022center\u0022\u003E1 000\u003C\/p\u003E\u003C\/td\u003E\u003Ctd\u003E\u003Cp align=\u0022center\u0022\u003E5 990\u003C\/p\u003E\u003C\/td\u003E\u003C\/tr\u003E\u003Ctr\u003E\u003Ctd valign=\u0022top\u0022\u003E\u003Cp\u003EC\u00f4te et arri\u00e8re c\u00f4te viticole de Bourgogne\u003C\/p\u003E\u003C\/td\u003E\u003Ctd\u003E\u003Cp align=\u0022center\u0022\u003E3 660\u003C\/p\u003E\u003C\/td\u003E\u003Ctd\u003E\u003Cp align=\u0022center\u0022\u003E830\u003C\/p\u003E\u003C\/td\u003E\u003Ctd\u003E\u003Cp align=\u0022center\u0022\u003E8 920\u003C\/p\u003E\u003C\/td\u003E\u003C\/tr\u003E\u003Ctr\u003E\u003Ctd valign=\u0022top\u0022\u003E\u003Cul\u003E\u003Cli\u003E\u003Cstrong\u003EDoubs\u003C\/strong\u003E\u003C\/li\u003E\u003C\/ul\u003E\u003C\/td\u003E\u003Ctd\u003E\u003Cp align=\u0022center\u0022\u003E\u0026nbsp;\u003C\/p\u003E\u003C\/td\u003E\u003Ctd\u003E\u003Cp align=\u0022center\u0022\u003E\u0026nbsp;\u003C\/p\u003E\u003C\/td\u003E\u003Ctd\u003E\u003Cp align=\u0022center\u0022\u003E\u0026nbsp;\u003C\/p\u003E\u003C\/td\u003E\u003C\/tr\u003E\u003Ctr\u003E\u003Ctd valign=\u0022top\u0022\u003E\u003Cp\u003EZone des plaines et des Basses vall\u00e9es\u003C\/p\u003E\u003C\/td\u003E\u003Ctd\u003E\u003Cp align=\u0022center\u0022\u003E2 290\u003C\/p\u003E\u003C\/td\u003E\u003Ctd\u003E\u003Cp align=\u0022center\u0022\u003E1 100\u003C\/p\u003E\u003C\/td\u003E\u003Ctd\u003E\u003Cp align=\u0022center\u0022\u003E6 450\u003C\/p\u003E\u003C\/td\u003E\u003C\/tr\u003E\u003Ctr\u003E\u003Ctd valign=\u0022top\u0022\u003E\u003Cp\u003EPlateaux sup\u00e9rieurs et Montagnes\u003C\/p\u003E\u003C\/td\u003E\u003Ctd\u003E\u003Cp align=\u0022center\u0022\u003E3 180\u003C\/p\u003E\u003C\/td\u003E\u003Ctd\u003E\u003Cp align=\u0022center\u0022\u003E920\u003C\/p\u003E\u003C\/td\u003E\u003Ctd\u003E\u003Cp align=\u0022center\u0022\u003E7 140\u003C\/p\u003E\u003C\/td\u003E\u003C\/tr\u003E\u003Ctr\u003E\u003Ctd valign=\u0022top\u0022\u003E\u003Cp\u003EPlateaux moyens du Jura\u003C\/p\u003E\u003C\/td\u003E\u003Ctd\u003E\u003Cp align=\u0022center\u0022\u003E3 410\u003C\/p\u003E\u003C\/td\u003E\u003Ctd\u003E\u003Cp align=\u0022center\u0022\u003E1 180\u003C\/p\u003E\u003C\/td\u003E\u003Ctd\u003E\u003Cp align=\u0022center\u0022\u003E6 830\u003C\/p\u003E\u003C\/td\u003E\u003C\/tr\u003E\u003Ctr\u003E\u003Ctd valign=\u0022top\u0022\u003E\u003Cul\u003E\u003Cli\u003E\u003Cstrong\u003EHaute-Sa\u00f4ne\u003C\/strong\u003E\u003C\/li\u003E\u003C\/ul\u003E\u003C\/td\u003E\u003Ctd\u003E\u003Cp align=\u0022center\u0022\u003E\u0026nbsp;\u003C\/p\u003E\u003C\/td\u003E\u003Ctd\u003E\u003Cp align=\u0022center\u0022\u003E\u0026nbsp;\u003C\/p\u003E\u003C\/td\u003E\u003Ctd\u003E\u003Cp align=\u0022center\u0022\u003E\u0026nbsp;\u003C\/p\u003E\u003C\/td\u003E\u003C\/tr\u003E\u003Ctr\u003E\u003Ctd valign=\u0022top\u0022\u003E\u003Cp\u003ER\u00e9gion Vosgienne et sous-vosgienne\u003C\/p\u003E\u003C\/td\u003E\u003Ctd\u003E\u003Cp align=\u0022center\u0022\u003E2 530\u003C\/p\u003E\u003C\/td\u003E\u003Ctd\u003E\u003Cp align=\u0022center\u0022\u003E1 000\u003C\/p\u003E\u003C\/td\u003E\u003Ctd\u003E\u003Cp align=\u0022center\u0022\u003E7 000\u003C\/p\u003E\u003C\/td\u003E\u003C\/tr\u003E\u003Ctr\u003E\u003Ctd valign=\u0022top\u0022\u003E\u003Cp\u003ER\u00e9gion des Plateaux\u003C\/p\u003E\u003C\/td\u003E\u003Ctd\u003E\u003Cp align=\u0022center\u0022\u003E2 710\u003C\/p\u003E\u003C\/td\u003E\u003Ctd\u003E\u003Cp align=\u0022center\u0022\u003E1 240\u003C\/p\u003E\u003C\/td\u003E\u003Ctd\u003E\u003Cp align=\u0022center\u0022\u003E4 990\u003C\/p\u003E\u003C\/td\u003E\u003C\/tr\u003E\u003Ctr\u003E\u003Ctd valign=\u0022top\u0022\u003E\u003Cp\u003EPlaine Grayloise\u003C\/p\u003E\u003C\/td\u003E\u003Ctd\u003E\u003Cp align=\u0022center\u0022\u003E2 690\u003C\/p\u003E\u003C\/td\u003E\u003Ctd\u003E\u003Cp align=\u0022center\u0022\u003E740\u003C\/p\u003E\u003C\/td\u003E\u003Ctd\u003E\u003Cp align=\u0022center\u0022\u003E3 480\u003C\/p\u003E\u003C\/td\u003E\u003C\/tr\u003E\u003Ctr\u003E\u003Ctd valign=\u0022top\u0022\u003E\u003Cp\u003EVall\u00e9e de l\u2019Ognon et trou\u00e9e de Belfort\u003C\/p\u003E\u003C\/td\u003E\u003Ctd\u003E\u003Cp align=\u0022center\u0022\u003E3 000\u003C\/p\u003E\u003C\/td\u003E\u003Ctd\u003E\u003Cp align=\u0022center\u0022\u003E1 500\u003C\/p\u003E\u003C\/td\u003E\u003Ctd\u003E\u003Cp align=\u0022center\u0022\u003E8 470\u003C\/p\u003E\u003C\/td\u003E\u003C\/tr\u003E\u003Ctr\u003E\u003Ctd valign=\u0022top\u0022\u003E\u003Cul\u003E\u003Cli\u003E\u003Cstrong\u003EJura\u003C\/strong\u003E\u003C\/li\u003E\u003C\/ul\u003E\u003C\/td\u003E\u003Ctd\u003E\u003Cp align=\u0022center\u0022\u003E\u0026nbsp;\u003C\/p\u003E\u003C\/td\u003E\u003Ctd\u003E\u003Cp align=\u0022center\u0022\u003E\u0026nbsp;\u003C\/p\u003E\u003C\/td\u003E\u003Ctd\u003E\u003Cp align=\u0022center\u0022\u003E\u0026nbsp;\u003C\/p\u003E\u003C\/td\u003E\u003C\/tr\u003E\u003Ctr\u003E\u003Ctd valign=\u0022top\u0022\u003E\u003Cp\u003EVignoble du Jura\u003C\/p\u003E\u003C\/td\u003E\u003Ctd\u003E\u003Cp align=\u0022center\u0022\u003E2 720\u003C\/p\u003E\u003C\/td\u003E\u003Ctd\u003E\u003Cp align=\u0022center\u0022\u003E1 200\u003C\/p\u003E\u003C\/td\u003E\u003Ctd\u003E\u003Cp align=\u0022center\u0022\u003E6 660\u003C\/p\u003E\u003C\/td\u003E\u003C\/tr\u003E\u003Ctr\u003E\u003Ctd valign=\u0022top\u0022\u003E\u003Cp\u003EBresse\u003C\/p\u003E\u003C\/td\u003E\u003Ctd\u003E\u003Cp align=\u0022center\u0022\u003E2 690\u003C\/p\u003E\u003C\/td\u003E\u003Ctd\u003E\u003Cp align=\u0022center\u0022\u003E1 080\u003C\/p\u003E\u003C\/td\u003E\u003Ctd\u003E\u003Cp align=\u0022center\u0022\u003E8 300\u003C\/p\u003E\u003C\/td\u003E\u003C\/tr\u003E\u003Ctr\u003E\u003Ctd valign=\u0022top\u0022\u003E\u003Cp\u003EDeuxi\u00e8me Plateau\u003C\/p\u003E\u003C\/td\u003E\u003Ctd\u003E\u003Cp align=\u0022center\u0022\u003E2 270\u003C\/p\u003E\u003C\/td\u003E\u003Ctd\u003E\u003Cp align=\u0022center\u0022\u003E1 000\u003C\/p\u003E\u003C\/td\u003E\u003Ctd\u003E\u003Cp align=\u0022center\u0022\u003E5 000\u003C\/p\u003E\u003C\/td\u003E\u003C\/tr\u003E\u003Ctr\u003E\u003Ctd valign=\u0022top\u0022\u003E\u003Cp\u003EHaut Jura\u003C\/p\u003E\u003C\/td\u003E\u003Ctd\u003E\u003Cp align=\u0022center\u0022\u003E2 010\u003C\/p\u003E\u003C\/td\u003E\u003Ctd\u003E\u003Cp align=\u0022center\u0022\u003E690\u003C\/p\u003E\u003C\/td\u003E\u003Ctd\u003E\u003Cp align=\u0022center\u0022\u003E6 660\u003C\/p\u003E\u003C\/td\u003E\u003C\/tr\u003E\u003Ctr\u003E\u003Ctd valign=\u0022top\u0022\u003E\u003Cp\u003ENord Jura\u003C\/p\u003E\u003C\/td\u003E\u003Ctd\u003E\u003Cp align=\u0022center\u0022\u003E2 840\u003C\/p\u003E\u003C\/td\u003E\u003Ctd\u003E\u003Cp align=\u0022center\u0022\u003E1 350\u003C\/p\u003E\u003C\/td\u003E\u003Ctd\u003E\u003Cp align=\u0022center\u0022\u003E5 000\u003C\/p\u003E\u003C\/td\u003E\u003C\/tr\u003E\u003Ctr\u003E\u003Ctd valign=\u0022top\u0022\u003E\u003Cp\u003ESud Jura\u003C\/p\u003E\u003C\/td\u003E\u003Ctd\u003E\u003Cp align=\u0022center\u0022\u003E1 920\u003C\/p\u003E\u003C\/td\u003E\u003Ctd\u003E\u003Cp align=\u0022center\u0022\u003E800\u003C\/p\u003E\u003C\/td\u003E\u003Ctd\u003E\u003Cp align=\u0022center\u0022\u003E3 680\u003C\/p\u003E\u003C\/td\u003E\u003C\/tr\u003E\u003Ctr\u003E\u003Ctd valign=\u0022top\u0022\u003E\u003Cul\u003E\u003Cli\u003E\u003Cstrong\u003ENi\u00e8vre\u003C\/strong\u003E\u003C\/li\u003E\u003C\/ul\u003E\u003C\/td\u003E\u003Ctd\u003E\u003Cp align=\u0022center\u0022\u003E\u0026nbsp;\u003C\/p\u003E\u003C\/td\u003E\u003Ctd\u003E\u003Cp align=\u0022center\u0022\u003E\u0026nbsp;\u003C\/p\u003E\u003C\/td\u003E\u003Ctd\u003E\u003Cp align=\u0022center\u0022\u003E\u0026nbsp;\u003C\/p\u003E\u003C\/td\u003E\u003C\/tr\u003E\u003Ctr\u003E\u003Ctd valign=\u0022top\u0022\u003E\u003Cp\u003EMorvan\u003C\/p\u003E\u003C\/td\u003E\u003Ctd\u003E\u003Cp align=\u0022center\u0022\u003E2 040\u003C\/p\u003E\u003C\/td\u003E\u003Ctd\u003E\u003Cp align=\u0022center\u0022\u003E890\u003C\/p\u003E\u003C\/td\u003E\u003Ctd\u003E\u003Cp align=\u0022center\u0022\u003E4 840\u003C\/p\u003E\u003C\/td\u003E\u003C\/tr\u003E\u003Ctr\u003E\u003Ctd valign=\u0022top\u0022\u003E\u003Cp\u003ENivernais Central\u003C\/p\u003E\u003C\/td\u003E\u003Ctd\u003E\u003Cp align=\u0022center\u0022\u003E3 420\u003C\/p\u003E\u003C\/td\u003E\u003Ctd\u003E\u003Cp align=\u0022center\u0022\u003E1 270\u003C\/p\u003E\u003C\/td\u003E\u003Ctd\u003E\u003Cp align=\u0022center\u0022\u003E5 680\u003C\/p\u003E\u003C\/td\u003E\u003C\/tr\u003E\u003Ctr\u003E\u003Ctd valign=\u0022top\u0022\u003E\u003Cp\u003EEntre Loire et Allier, Sologne Bourbonnaise\u003C\/p\u003E\u003C\/td\u003E\u003Ctd\u003E\u003Cp align=\u0022center\u0022\u003E3 480\u003C\/p\u003E\u003C\/td\u003E\u003Ctd\u003E\u003Cp align=\u0022center\u0022\u003E1 220\u003C\/p\u003E\u003C\/td\u003E\u003Ctd\u003E\u003Cp align=\u0022center\u0022\u003E4 790\u003C\/p\u003E\u003C\/td\u003E\u003C\/tr\u003E\u003Ctr\u003E\u003Ctd valign=\u0022top\u0022\u003E\u003Cp\u003EBourgogne Nivernaise, Puisaye\u003C\/p\u003E\u003C\/td\u003E\u003Ctd\u003E\u003Cp align=\u0022center\u0022\u003E2 810\u003C\/p\u003E\u003C\/td\u003E\u003Ctd\u003E\u003Cp align=\u0022center\u0022\u003E1 100\u003C\/p\u003E\u003C\/td\u003E\u003Ctd\u003E\u003Cp align=\u0022center\u0022\u003E5 650\u003C\/p\u003E\u003C\/td\u003E\u003C\/tr\u003E\u003Ctr\u003E\u003Ctd valign=\u0022top\u0022\u003E\u003Cul\u003E\u003Cli\u003E\u003Cstrong\u003ESa\u00f4ne-et-Loire\u003C\/strong\u003E\u003C\/li\u003E\u003C\/ul\u003E\u003C\/td\u003E\u003Ctd\u003E\u003Cp align=\u0022center\u0022\u003E\u0026nbsp;\u003C\/p\u003E\u003C\/td\u003E\u003Ctd\u003E\u003Cp align=\u0022center\u0022\u003E\u0026nbsp;\u003C\/p\u003E\u003C\/td\u003E\u003Ctd\u003E\u003Cp align=\u0022center\u0022\u003E\u0026nbsp;\u003C\/p\u003E\u003C\/td\u003E\u003C\/tr\u003E\u003Ctr\u003E\u003Ctd valign=\u0022top\u0022\u003E\u003Cp\u003ECharollais, Brionnais\u003C\/p\u003E\u003C\/td\u003E\u003Ctd\u003E\u003Cp align=\u0022center\u0022\u003E2 640\u003C\/p\u003E\u003C\/td\u003E\u003Ctd\u003E\u003Cp align=\u0022center\u0022\u003E1 280\u003C\/p\u003E\u003C\/td\u003E\u003Ctd\u003E\u003Cp align=\u0022center\u0022\u003E4 010\u003C\/p\u003E\u003C\/td\u003E\u003C\/tr\u003E\u003Ctr\u003E\u003Ctd valign=\u0022top\u0022\u003E\u003Cp\u003EBresse Chalonnaise\u003C\/p\u003E\u003C\/td\u003E\u003Ctd\u003E\u003Cp align=\u0022center\u0022\u003E3 580\u003C\/p\u003E\u003C\/td\u003E\u003Ctd\u003E\u003Cp align=\u0022center\u0022\u003E1 120\u003C\/p\u003E\u003C\/td\u003E\u003Ctd\u003E\u003Cp align=\u0022center\u0022\u003E5 960\u003C\/p\u003E\u003C\/td\u003E\u003C\/tr\u003E\u003Ctr\u003E\u003Ctd valign=\u0022top\u0022\u003E\u003Cp\u003EM\u00e2connais, Chalonnais\u003C\/p\u003E\u003C\/td\u003E\u003Ctd\u003E\u003Cp align=\u0022center\u0022\u003E3 090\u003C\/p\u003E\u003C\/td\u003E\u003Ctd\u003E\u003Cp align=\u0022center\u0022\u003E1 200\u003C\/p\u003E\u003C\/td\u003E\u003Ctd\u003E\u003Cp align=\u0022center\u0022\u003E8 000\u003C\/p\u003E\u003C\/td\u003E\u003C\/tr\u003E\u003Ctr\u003E\u003Ctd valign=\u0022top\u0022\u003E\u003Cp\u003EBresse Louhannaise\u003C\/p\u003E\u003C\/td\u003E\u003Ctd\u003E\u003Cp align=\u0022center\u0022\u003E2 340\u003C\/p\u003E\u003C\/td\u003E\u003Ctd\u003E\u003Cp align=\u0022center\u0022\u003E890\u003C\/p\u003E\u003C\/td\u003E\u003Ctd\u003E\u003Cp align=\u0022center\u0022\u003E4 000\u003C\/p\u003E\u003C\/td\u003E\u003C\/tr\u003E\u003Ctr\u003E\u003Ctd valign=\u0022top\u0022\u003E\u003Cp\u003EClunysois, C\u00f4te Chalonnaise\u003C\/p\u003E\u003C\/td\u003E\u003Ctd\u003E\u003Cp align=\u0022center\u0022\u003E2 450\u003C\/p\u003E\u003C\/td\u003E\u003Ctd\u003E\u003Cp align=\u0022center\u0022\u003E1 000\u003C\/p\u003E\u003C\/td\u003E\u003Ctd\u003E\u003Cp align=\u0022center\u0022\u003E7 320\u003C\/p\u003E\u003C\/td\u003E\u003C\/tr\u003E\u003Ctr\u003E\u003Ctd valign=\u0022top\u0022\u003E\u003Cp\u003ESologne Bourbonnaise, Autunois, Morvan\u003C\/p\u003E\u003C\/td\u003E\u003Ctd\u003E\u003Cp align=\u0022center\u0022\u003E2 380\u003C\/p\u003E\u003C\/td\u003E\u003Ctd\u003E\u003Cp align=\u0022center\u0022\u003E950\u003C\/p\u003E\u003C\/td\u003E\u003Ctd\u003E\u003Cp align=\u0022center\u0022\u003E3 910\u003C\/p\u003E\u003C\/td\u003E\u003C\/tr\u003E\u003Ctr\u003E\u003Ctd valign=\u0022top\u0022\u003E\u003Cul\u003E\u003Cli\u003E\u003Cstrong\u003ETerritoire de Belfort\u003C\/strong\u003E\u003C\/li\u003E\u003C\/ul\u003E\u003C\/td\u003E\u003Ctd\u003E\u003Cp align=\u0022center\u0022\u003E3 620\u003C\/p\u003E\u003C\/td\u003E\u003Ctd\u003E\u003Cp align=\u0022center\u0022\u003E1 500\u003C\/p\u003E\u003C\/td\u003E\u003Ctd\u003E\u003Cp align=\u0022center\u0022\u003E6 500\u003C\/p\u003E\u003C\/td\u003E\u003C\/tr\u003E\u003Ctr\u003E\u003Ctd valign=\u0022top\u0022\u003E\u003Cul\u003E\u003Cli\u003E\u003Cstrong\u003EYonne\u003C\/strong\u003E\u003C\/li\u003E\u003C\/ul\u003E\u003C\/td\u003E\u003Ctd\u003E\u003Cp align=\u0022center\u0022\u003E\u0026nbsp;\u003C\/p\u003E\u003C\/td\u003E\u003Ctd\u003E\u003Cp align=\u0022center\u0022\u003E\u0026nbsp;\u003C\/p\u003E\u003C\/td\u003E\u003Ctd\u003E\u003Cp align=\u0022center\u0022\u003E\u0026nbsp;\u003C\/p\u003E\u003C\/td\u003E\u003C\/tr\u003E\u003Ctr\u003E\u003Ctd valign=\u0022top\u0022\u003E\u003Cp\u003ETerre Plaine, Morvan\u003C\/p\u003E\u003C\/td\u003E\u003Ctd\u003E\u003Cp align=\u0022center\u0022\u003E2 300\u003C\/p\u003E\u003C\/td\u003E\u003Ctd\u003E\u003Cp align=\u0022center\u0022\u003E760\u003C\/p\u003E\u003C\/td\u003E\u003Ctd\u003E\u003Cp align=\u0022center\u0022\u003E9 420\u003C\/p\u003E\u003C\/td\u003E\u003C\/tr\u003E\u003Ctr\u003E\u003Ctd valign=\u0022top\u0022\u003E\u003Cp\u003EPlateaux de Bourgogne\u003C\/p\u003E\u003C\/td\u003E\u003Ctd\u003E\u003Cp align=\u0022center\u0022\u003E3 300\u003C\/p\u003E\u003C\/td\u003E\u003Ctd\u003E\u003Cp align=\u0022center\u0022\u003E1 120\u003C\/p\u003E\u003C\/td\u003E\u003Ctd\u003E\u003Cp align=\u0022center\u0022\u003E5 000\u003C\/p\u003E\u003C\/td\u003E\u003C\/tr\u003E\u003Ctr\u003E\u003Ctd valign=\u0022top\u0022\u003E\u003Cp\u003EPuisaye\u003C\/p\u003E\u003C\/td\u003E\u003Ctd\u003E\u003Cp align=\u0022center\u0022\u003E3 180\u003C\/p\u003E\u003C\/td\u003E\u003Ctd\u003E\u003Cp align=\u0022center\u0022\u003E1 910\u003C\/p\u003E\u003C\/td\u003E\u003Ctd\u003E\u003Cp align=\u0022center\u0022\u003E5 950\u003C\/p\u003E\u003C\/td\u003E\u003C\/tr\u003E\u003Ctr\u003E\u003Ctd valign=\u0022top\u0022\u003E\u003Cp\u003EVall\u00e9es, Pays d\u2019Othe\u003C\/p\u003E\u003C\/td\u003E\u003Ctd\u003E\u003Cp align=\u0022center\u0022\u003E3 720\u003C\/p\u003E\u003C\/td\u003E\u003Ctd\u003E\u003Cp align=\u0022center\u0022\u003E1 550\u003C\/p\u003E\u003C\/td\u003E\u003Ctd\u003E\u003Cp align=\u0022center\u0022\u003E6 080\u003C\/p\u003E\u003C\/td\u003E\u003C\/tr\u003E\u003Ctr\u003E\u003Ctd valign=\u0022top\u0022\u003E\u003Cp\u003ES\u00e9nonais, G\u00e2tinais\u003C\/p\u003E\u003C\/td\u003E\u003Ctd\u003E\u003Cp align=\u0022center\u0022\u003E4 180\u003C\/p\u003E\u003C\/td\u003E\u003Ctd\u003E\u003Cp align=\u0022center\u0022\u003E1 320\u003C\/p\u003E\u003C\/td\u003E\u003Ctd\u003E\u003Cp align=\u0022center\u0022\u003E7 750\u003C\/p\u003E\u003C\/td\u003E\u003C\/tr\u003E\u003Ctr\u003E\u003Ctd valign=\u0022top\u0022\u003E\u003Cp\u003E\u003Cstrong\u003EBretagne\u003C\/strong\u003E\u003C\/p\u003E\u003C\/td\u003E\u003Ctd\u003E\u003Cp align=\u0022center\u0022\u003E\u0026nbsp;\u003C\/p\u003E\u003C\/td\u003E\u003Ctd\u003E\u003Cp align=\u0022center\u0022\u003E\u0026nbsp;\u003C\/p\u003E\u003C\/td\u003E\u003Ctd\u003E\u003Cp align=\u0022center\u0022\u003E\u0026nbsp;\u003C\/p\u003E\u003C\/td\u003E\u003C\/tr\u003E\u003Ctr\u003E\u003Ctd valign=\u0022top\u0022\u003E\u003Cul\u003E\u003Cli\u003E\u003Cstrong\u003EC\u00f4tes-d\u2019Armor\u003C\/strong\u003E\u003C\/li\u003E\u003C\/ul\u003E\u003C\/td\u003E\u003Ctd\u003E\u003Cp align=\u0022center\u0022\u003E\u0026nbsp;\u003C\/p\u003E\u003C\/td\u003E\u003Ctd\u003E\u003Cp align=\u0022center\u0022\u003E\u0026nbsp;\u003C\/p\u003E\u003C\/td\u003E\u003Ctd\u003E\u003Cp align=\u0022center\u0022\u003E\u0026nbsp;\u003C\/p\u003E\u003C\/td\u003E\u003C\/tr\u003E\u003Ctr\u003E\u003Ctd valign=\u0022top\u0022\u003E\u003Cp\u003ELittoral Breton Nord\u003C\/p\u003E\u003C\/td\u003E\u003Ctd\u003E\u003Cp align=\u0022center\u0022\u003E7 520\u003C\/p\u003E\u003C\/td\u003E\u003Ctd\u003E\u003Cp align=\u0022center\u0022\u003E2 920\u003C\/p\u003E\u003C\/td\u003E\u003Ctd\u003E\u003Cp align=\u0022center\u0022\u003E15 000\u003C\/p\u003E\u003C\/td\u003E\u003C\/tr\u003E\u003Ctr\u003E\u003Ctd valign=\u0022top\u0022\u003E\u003Cp\u003EBretagne Centrale\u003C\/p\u003E\u003C\/td\u003E\u003Ctd\u003E\u003Cp align=\u0022center\u0022\u003E5 570\u003C\/p\u003E\u003C\/td\u003E\u003Ctd\u003E\u003Cp align=\u0022center\u0022\u003E2 360\u003C\/p\u003E\u003C\/td\u003E\u003Ctd\u003E\u003Cp align=\u0022center\u0022\u003E8 600\u003C\/p\u003E\u003C\/td\u003E\u003C\/tr\u003E\u003Ctr\u003E\u003Ctd valign=\u0022top\u0022\u003E\u003Cp\u003EMonts d\u2019Arr\u00e9e, Men\u00e9\u003C\/p\u003E\u003C\/td\u003E\u003Ctd\u003E\u003Cp align=\u0022center\u0022\u003E4 930\u003C\/p\u003E\u003C\/td\u003E\u003Ctd\u003E\u003Cp align=\u0022center\u0022\u003E2 000\u003C\/p\u003E\u003C\/td\u003E\u003Ctd\u003E\u003Cp align=\u0022center\u0022\u003E7 380\u003C\/p\u003E\u003C\/td\u003E\u003C\/tr\u003E\u003Ctr\u003E\u003Ctd valign=\u0022top\u0022\u003E\u003Cp\u003ER\u00e9gion du Sud-Ouest\u003C\/p\u003E\u003C\/td\u003E\u003Ctd\u003E\u003Cp align=\u0022center\u0022\u003E6 050\u003C\/p\u003E\u003C\/td\u003E\u003Ctd\u003E\u003Cp align=\u0022center\u0022\u003E2 000\u003C\/p\u003E\u003C\/td\u003E\u003Ctd\u003E\u003Cp align=\u0022center\u0022\u003E8 920\u003C\/p\u003E\u003C\/td\u003E\u003C\/tr\u003E\u003Ctr\u003E\u003Ctd valign=\u0022top\u0022\u003E\u003Cul\u003E\u003Cli\u003E\u003Cstrong\u003EFinist\u00e8re\u003C\/strong\u003E\u003C\/li\u003E\u003C\/ul\u003E\u003C\/td\u003E\u003Ctd\u003E\u003Cp align=\u0022center\u0022\u003E\u0026nbsp;\u003C\/p\u003E\u003C\/td\u003E\u003Ctd\u003E\u003Cp align=\u0022center\u0022\u003E\u0026nbsp;\u003C\/p\u003E\u003C\/td\u003E\u003Ctd\u003E\u003Cp align=\u0022center\u0022\u003E\u0026nbsp;\u003C\/p\u003E\u003C\/td\u003E\u003C\/tr\u003E\u003Ctr\u003E\u003Ctd valign=\u0022top\u0022\u003E\u003Cp\u003ELittoral Breton Nord\u003C\/p\u003E\u003C\/td\u003E\u003Ctd\u003E\u003Cp align=\u0022center\u0022\u003E8 090\u003C\/p\u003E\u003C\/td\u003E\u003Ctd\u003E\u003Cp align=\u0022center\u0022\u003E2 570\u003C\/p\u003E\u003C\/td\u003E\u003Ctd\u003E\u003Cp align=\u0022center\u0022\u003E13 670\u003C\/p\u003E\u003C\/td\u003E\u003C\/tr\u003E\u003Ctr\u003E\u003Ctd valign=\u0022top\u0022\u003E\u003Cp\u003EPourtour Rade de Brest, P\u00e9n\u00e9plaine Bretonne Nord\u003C\/p\u003E\u003C\/td\u003E\u003Ctd\u003E\u003Cp align=\u0022center\u0022\u003E6 500\u003C\/p\u003E\u003C\/td\u003E\u003Ctd\u003E\u003Cp align=\u0022center\u0022\u003E2 040\u003C\/p\u003E\u003C\/td\u003E\u003Ctd\u003E\u003Cp align=\u0022center\u0022\u003E11 580\u003C\/p\u003E\u003C\/td\u003E\u003C\/tr\u003E\u003Ctr\u003E\u003Ctd valign=\u0022top\u0022\u003E\u003Cp\u003EBassin de Ch\u00e2teaulin\u003C\/p\u003E\u003C\/td\u003E\u003Ctd\u003E\u003Cp align=\u0022center\u0022\u003E4 800\u003C\/p\u003E\u003C\/td\u003E\u003Ctd\u003E\u003Cp align=\u0022center\u0022\u003E1 890\u003C\/p\u003E\u003C\/td\u003E\u003Ctd\u003E\u003Cp align=\u0022center\u0022\u003E7 810\u003C\/p\u003E\u003C\/td\u003E\u003C\/tr\u003E\u003Ctr\u003E\u003Ctd valign=\u0022top\u0022\u003E\u003Cp\u003EP\u00e9n\u00e9plaine Bretonne Sud\u003C\/p\u003E\u003C\/td\u003E\u003Ctd\u003E\u003Cp align=\u0022center\u0022\u003E4 740\u003C\/p\u003E\u003C\/td\u003E\u003Ctd\u003E\u003Cp align=\u0022center\u0022\u003E1 900\u003C\/p\u003E\u003C\/td\u003E\u003Ctd\u003E\u003Cp align=\u0022center\u0022\u003E12 060\u003C\/p\u003E\u003C\/td\u003E\u003C\/tr\u003E\u003Ctr\u003E\u003Ctd valign=\u0022top\u0022\u003E\u003Cp\u003EMonts d\u2019Arr\u00e9e\u003C\/p\u003E\u003C\/td\u003E\u003Ctd\u003E\u003Cp align=\u0022center\u0022\u003E3 500\u003C\/p\u003E\u003C\/td\u003E\u003Ctd\u003E\u003Cp align=\u0022center\u0022\u003E1 570\u003C\/p\u003E\u003C\/td\u003E\u003Ctd\u003E\u003Cp align=\u0022center\u0022\u003E6 610\u003C\/p\u003E\u003C\/td\u003E\u003C\/tr\u003E\u003Ctr\u003E\u003Ctd valign=\u0022top\u0022\u003E\u003Cul\u003E\u003Cli\u003E\u003Cstrong\u003EIlle-et-Vilaine\u003C\/strong\u003E\u003C\/li\u003E\u003C\/ul\u003E\u003C\/td\u003E\u003Ctd\u003E\u003Cp align=\u0022center\u0022\u003E\u0026nbsp;\u003C\/p\u003E\u003C\/td\u003E\u003Ctd\u003E\u003Cp align=\u0022center\u0022\u003E\u0026nbsp;\u003C\/p\u003E\u003C\/td\u003E\u003Ctd\u003E\u003Cp align=\u0022center\u0022\u003E\u0026nbsp;\u003C\/p\u003E\u003C\/td\u003E\u003C\/tr\u003E\u003Ctr\u003E\u003Ctd valign=\u0022top\u0022\u003E\u003Cp\u003ER\u00e9gion Centrale\u003C\/p\u003E\u003C\/td\u003E\u003Ctd\u003E\u003Cp align=\u0022center\u0022\u003E5 920\u003C\/p\u003E\u003C\/td\u003E\u003Ctd\u003E\u003Cp align=\u0022center\u0022\u003E3 000\u003C\/p\u003E\u003C\/td\u003E\u003Ctd\u003E\u003Cp align=\u0022center\u0022\u003E9 220\u003C\/p\u003E\u003C\/td\u003E\u003C\/tr\u003E\u003Ctr\u003E\u003Ctd valign=\u0022top\u0022\u003E\u003Cp\u003ER\u00e9gion de Foug\u00e8res\u003C\/p\u003E\u003C\/td\u003E\u003Ctd\u003E\u003Cp align=\u0022center\u0022\u003E6 800\u003C\/p\u003E\u003C\/td\u003E\u003Ctd\u003E\u003Cp align=\u0022center\u0022\u003E2 280\u003C\/p\u003E\u003C\/td\u003E\u003Ctd\u003E\u003Cp align=\u0022center\u0022\u003E12 000\u003C\/p\u003E\u003C\/td\u003E\u003C\/tr\u003E\u003Ctr\u003E\u003Ctd valign=\u0022top\u0022\u003E\u003Cp\u003ER\u00e9gion de Saint-Malo\u003C\/p\u003E\u003C\/td\u003E\u003Ctd\u003E\u003Cp align=\u0022center\u0022\u003E5 300\u003C\/p\u003E\u003C\/td\u003E\u003Ctd\u003E\u003Cp align=\u0022center\u0022\u003E1 830\u003C\/p\u003E\u003C\/td\u003E\u003Ctd\u003E\u003Cp align=\u0022center\u0022\u003E10 000\u003C\/p\u003E\u003C\/td\u003E\u003C\/tr\u003E\u003Ctr\u003E\u003Ctd valign=\u0022top\u0022\u003E\u003Cp\u003EBretagne Centrale\u003C\/p\u003E\u003C\/td\u003E\u003Ctd\u003E\u003Cp align=\u0022center\u0022\u003E5 110\u003C\/p\u003E\u003C\/td\u003E\u003Ctd\u003E\u003Cp align=\u0022center\u0022\u003E1 650\u003C\/p\u003E\u003C\/td\u003E\u003Ctd\u003E\u003Cp align=\u0022center\u0022\u003E8 290\u003C\/p\u003E\u003C\/td\u003E\u003C\/tr\u003E\u003Ctr\u003E\u003Ctd valign=\u0022top\u0022\u003E\u003Cp\u003EPays de Redon\u003C\/p\u003E\u003C\/td\u003E\u003Ctd\u003E\u003Cp align=\u0022center\u0022\u003E4 020\u003C\/p\u003E\u003C\/td\u003E\u003Ctd\u003E\u003Cp align=\u0022center\u0022\u003E1 740\u003C\/p\u003E\u003C\/td\u003E\u003Ctd\u003E\u003Cp align=\u0022center\u0022\u003E8 500\u003C\/p\u003E\u003C\/td\u003E\u003C\/tr\u003E\u003Ctr\u003E\u003Ctd valign=\u0022top\u0022\u003E\u003Cp\u003EPolders et Marais du Nord\u003C\/p\u003E\u003C\/td\u003E\u003Ctd\u003E\u003Cp align=\u0022center\u0022\u003E6 560\u003C\/p\u003E\u003C\/td\u003E\u003Ctd\u003E\u003Cp align=\u0022center\u0022\u003E1 920\u003C\/p\u003E\u003C\/td\u003E\u003Ctd\u003E\u003Cp align=\u0022center\u0022\u003E9 000\u003C\/p\u003E\u003C\/td\u003E\u003C\/tr\u003E\u003Ctr\u003E\u003Ctd valign=\u0022top\u0022\u003E\u003Cul\u003E\u003Cli\u003E\u003Cstrong\u003EMorbihan\u003C\/strong\u003E\u003C\/li\u003E\u003C\/ul\u003E\u003C\/td\u003E\u003Ctd\u003E\u003Cp align=\u0022center\u0022\u003E\u0026nbsp;\u003C\/p\u003E\u003C\/td\u003E\u003Ctd\u003E\u003Cp align=\u0022center\u0022\u003E\u0026nbsp;\u003C\/p\u003E\u003C\/td\u003E\u003Ctd\u003E\u003Cp align=\u0022center\u0022\u003E\u0026nbsp;\u003C\/p\u003E\u003C\/td\u003E\u003C\/tr\u003E\u003Ctr\u003E\u003Ctd valign=\u0022top\u0022\u003E\u003Cp\u003EBretagne Centrale\u003C\/p\u003E\u003C\/td\u003E\u003Ctd\u003E\u003Cp align=\u0022center\u0022\u003E5 000\u003C\/p\u003E\u003C\/td\u003E\u003Ctd\u003E\u003Cp align=\u0022center\u0022\u003E2 060\u003C\/p\u003E\u003C\/td\u003E\u003Ctd\u003E\u003Cp align=\u0022center\u0022\u003E10 590\u003C\/p\u003E\u003C\/td\u003E\u003C\/tr\u003E\u003Ctr\u003E\u003Ctd valign=\u0022top\u0022\u003E\u003Cp\u003ER\u00e9gion Nord\u003C\/p\u003E\u003C\/td\u003E\u003Ctd\u003E\u003Cp align=\u0022center\u0022\u003E5 710\u003C\/p\u003E\u003C\/td\u003E\u003Ctd\u003E\u003Cp align=\u0022center\u0022\u003E2 260\u003C\/p\u003E\u003C\/td\u003E\u003Ctd\u003E\u003Cp align=\u0022center\u0022\u003E10 050\u003C\/p\u003E\u003C\/td\u003E\u003C\/tr\u003E\u003Ctr\u003E\u003Ctd valign=\u0022top\u0022\u003E\u003Cp\u003ER\u00e9gion Centrale\u003C\/p\u003E\u003C\/td\u003E\u003Ctd\u003E\u003Cp align=\u0022center\u0022\u003E4 750\u003C\/p\u003E\u003C\/td\u003E\u003Ctd\u003E\u003Cp align=\u0022center\u0022\u003E2 000\u003C\/p\u003E\u003C\/td\u003E\u003Ctd\u003E\u003Cp align=\u0022center\u0022\u003E9 090\u003C\/p\u003E\u003C\/td\u003E\u003C\/tr\u003E\u003Ctr\u003E\u003Ctd valign=\u0022top\u0022\u003E\u003Cp\u003ELittoral Breton Sud\u003C\/p\u003E\u003C\/td\u003E\u003Ctd\u003E\u003Cp align=\u0022center\u0022\u003E5 130\u003C\/p\u003E\u003C\/td\u003E\u003Ctd\u003E\u003Cp align=\u0022center\u0022\u003E1 680\u003C\/p\u003E\u003C\/td\u003E\u003Ctd\u003E\u003Cp align=\u0022center\u0022\u003E10 710\u003C\/p\u003E\u003C\/td\u003E\u003C\/tr\u003E\u003Ctr\u003E\u003Ctd valign=\u0022top\u0022\u003E\u003Cp\u003E\u003Cstrong\u003ECentre-Val de Loire\u003C\/strong\u003E\u003C\/p\u003E\u003C\/td\u003E\u003Ctd\u003E\u003Cp align=\u0022center\u0022\u003E\u0026nbsp;\u003C\/p\u003E\u003C\/td\u003E\u003Ctd\u003E\u003Cp align=\u0022center\u0022\u003E\u0026nbsp;\u003C\/p\u003E\u003C\/td\u003E\u003Ctd\u003E\u003Cp align=\u0022center\u0022\u003E\u0026nbsp;\u003C\/p\u003E\u003C\/td\u003E\u003C\/tr\u003E\u003Ctr\u003E\u003Ctd valign=\u0022top\u0022\u003E\u003Cul\u003E\u003Cli\u003E\u003Cstrong\u003ECher\u003C\/strong\u003E\u003C\/li\u003E\u003C\/ul\u003E\u003C\/td\u003E\u003Ctd\u003E\u003Cp align=\u0022center\u0022\u003E\u0026nbsp;\u003C\/p\u003E\u003C\/td\u003E\u003Ctd\u003E\u003Cp align=\u0022center\u0022\u003E\u0026nbsp;\u003C\/p\u003E\u003C\/td\u003E\u003Ctd\u003E\u003Cp align=\u0022center\u0022\u003E\u0026nbsp;\u003C\/p\u003E\u003C\/td\u003E\u003C\/tr\u003E\u003Ctr\u003E\u003Ctd valign=\u0022top\u0022\u003E\u003Cp\u003EPays Fort et Sancerrois, Val de Loire\u003C\/p\u003E\u003C\/td\u003E\u003Ctd\u003E\u003Cp align=\u0022center\u0022\u003E5 100\u003C\/p\u003E\u003C\/td\u003E\u003Ctd\u003E\u003Cp align=\u0022center\u0022\u003E1 990\u003C\/p\u003E\u003C\/td\u003E\u003Ctd\u003E\u003Cp align=\u0022center\u0022\u003E12 280\u003C\/p\u003E\u003C\/td\u003E\u003C\/tr\u003E\u003Ctr\u003E\u003Ctd valign=\u0022top\u0022\u003E\u003Cp\u003EVall\u00e9e de Germigny\u003C\/p\u003E\u003C\/td\u003E\u003Ctd\u003E\u003Cp align=\u0022center\u0022\u003E4 900\u003C\/p\u003E\u003C\/td\u003E\u003Ctd\u003E\u003Cp align=\u0022center\u0022\u003E1 170\u003C\/p\u003E\u003C\/td\u003E\u003Ctd\u003E\u003Cp align=\u0022center\u0022\u003E7 640\u003C\/p\u003E\u003C\/td\u003E\u003C\/tr\u003E\u003Ctr\u003E\u003Ctd valign=\u0022top\u0022\u003E\u003Cp\u003EBoischaut, Marche\u003C\/p\u003E\u003C\/td\u003E\u003Ctd\u003E\u003Cp align=\u0022center\u0022\u003E4 480\u003C\/p\u003E\u003C\/td\u003E\u003Ctd\u003E\u003Cp align=\u0022center\u0022\u003E1 500\u003C\/p\u003E\u003C\/td\u003E\u003Ctd\u003E\u003Cp align=\u0022center\u0022\u003E8 280\u003C\/p\u003E\u003C\/td\u003E\u003C\/tr\u003E\u003Ctr\u003E\u003Ctd valign=\u0022top\u0022\u003E\u003Cp\u003ESologne\u003C\/p\u003E\u003C\/td\u003E\u003Ctd\u003E\u003Cp align=\u0022center\u0022\u003E6 350\u003C\/p\u003E\u003C\/td\u003E\u003Ctd\u003E\u003Cp align=\u0022center\u0022\u003E1 990\u003C\/p\u003E\u003C\/td\u003E\u003Ctd\u003E\u003Cp align=\u0022center\u0022\u003E16 040\u003C\/p\u003E\u003C\/td\u003E\u003C\/tr\u003E\u003Ctr\u003E\u003Ctd valign=\u0022top\u0022\u003E\u003Cp\u003EChampagne Berrichonne\u003C\/p\u003E\u003C\/td\u003E\u003Ctd\u003E\u003Cp align=\u0022center\u0022\u003E7 350\u003C\/p\u003E\u003C\/td\u003E\u003Ctd\u003E\u003Cp align=\u0022center\u0022\u003E2 310\u003C\/p\u003E\u003C\/td\u003E\u003Ctd\u003E\u003Cp align=\u0022center\u0022\u003E11 790\u003C\/p\u003E\u003C\/td\u003E\u003C\/tr\u003E\u003Ctr\u003E\u003Ctd valign=\u0022top\u0022\u003E\u003Cul\u003E\u003Cli\u003E\u003Cstrong\u003EEure-et-Loir\u003C\/strong\u003E\u003C\/li\u003E\u003C\/ul\u003E\u003C\/td\u003E\u003Ctd\u003E\u003Cp align=\u0022center\u0022\u003E\u0026nbsp;\u003C\/p\u003E\u003C\/td\u003E\u003Ctd\u003E\u003Cp align=\u0022center\u0022\u003E\u0026nbsp;\u003C\/p\u003E\u003C\/td\u003E\u003Ctd\u003E\u003Cp align=\u0022center\u0022\u003E\u0026nbsp;\u003C\/p\u003E\u003C\/td\u003E\u003C\/tr\u003E\u003Ctr\u003E\u003Ctd valign=\u0022top\u0022\u003E\u003Cp\u003EThimerais-Drouais\u003C\/p\u003E\u003C\/td\u003E\u003Ctd\u003E\u003Cp align=\u0022center\u0022\u003E8 900\u003C\/p\u003E\u003C\/td\u003E\u003Ctd\u003E\u003Cp align=\u0022center\u0022\u003E3 700\u003C\/p\u003E\u003C\/td\u003E\u003Ctd\u003E\u003Cp align=\u0022center\u0022\u003E18 950\u003C\/p\u003E\u003C\/td\u003E\u003C\/tr\u003E\u003Ctr\u003E\u003Ctd valign=\u0022top\u0022\u003E\u003Cp\u003EPerche\u003C\/p\u003E\u003C\/td\u003E\u003Ctd\u003E\u003Cp align=\u0022center\u0022\u003E8 470\u003C\/p\u003E\u003C\/td\u003E\u003Ctd\u003E\u003Cp align=\u0022center\u0022\u003E3 500\u003C\/p\u003E\u003C\/td\u003E\u003Ctd\u003E\u003Cp align=\u0022center\u0022\u003E13 780\u003C\/p\u003E\u003C\/td\u003E\u003C\/tr\u003E\u003Ctr\u003E\u003Ctd valign=\u0022top\u0022\u003E\u003Cp\u003EFaux Perche\u003C\/p\u003E\u003C\/td\u003E\u003Ctd\u003E\u003Cp align=\u0022center\u0022\u003E9 080\u003C\/p\u003E\u003C\/td\u003E\u003Ctd\u003E\u003Cp align=\u0022center\u0022\u003E4 030\u003C\/p\u003E\u003C\/td\u003E\u003Ctd\u003E\u003Cp align=\u0022center\u0022\u003E13 080\u003C\/p\u003E\u003C\/td\u003E\u003C\/tr\u003E\u003Ctr\u003E\u003Ctd valign=\u0022top\u0022\u003E\u003Cp\u003EBeauce Dunoise\u003C\/p\u003E\u003C\/td\u003E\u003Ctd\u003E\u003Cp align=\u0022center\u0022\u003E13 690\u003C\/p\u003E\u003C\/td\u003E\u003Ctd\u003E\u003Cp align=\u0022center\u0022\u003E5 000\u003C\/p\u003E\u003C\/td\u003E\u003Ctd\u003E\u003Cp align=\u0022center\u0022\u003E16 370\u003C\/p\u003E\u003C\/td\u003E\u003C\/tr\u003E\u003Ctr\u003E\u003Ctd valign=\u0022top\u0022\u003E\u003Cp\u003EBeauce\u003C\/p\u003E\u003C\/td\u003E\u003Ctd\u003E\u003Cp align=\u0022center\u0022\u003E10 380\u003C\/p\u003E\u003C\/td\u003E\u003Ctd\u003E\u003Cp align=\u0022center\u0022\u003E2 860\u003C\/p\u003E\u003C\/td\u003E\u003Ctd\u003E\u003Cp align=\u0022center\u0022\u003E16 380\u003C\/p\u003E\u003C\/td\u003E\u003C\/tr\u003E\u003Ctr\u003E\u003Ctd valign=\u0022top\u0022\u003E\u003Cul\u003E\u003Cli\u003E\u003Cstrong\u003EIndre\u003C\/strong\u003E\u003C\/li\u003E\u003C\/ul\u003E\u003C\/td\u003E\u003Ctd\u003E\u003Cp align=\u0022center\u0022\u003E\u0026nbsp;\u003C\/p\u003E\u003C\/td\u003E\u003Ctd\u003E\u003Cp align=\u0022center\u0022\u003E\u0026nbsp;\u003C\/p\u003E\u003C\/td\u003E\u003Ctd\u003E\u003Cp align=\u0022center\u0022\u003E\u0026nbsp;\u003C\/p\u003E\u003C\/td\u003E\u003C\/tr\u003E\u003Ctr\u003E\u003Ctd valign=\u0022top\u0022\u003E\u003Cp\u003EChampagne Berrichonne\u003C\/p\u003E\u003C\/td\u003E\u003Ctd\u003E\u003Cp align=\u0022center\u0022\u003E9 950\u003C\/p\u003E\u003C\/td\u003E\u003Ctd\u003E\u003Cp align=\u0022center\u0022\u003E2 450\u003C\/p\u003E\u003C\/td\u003E\u003Ctd\u003E\u003Cp align=\u0022center\u0022\u003E13 530\u003C\/p\u003E\u003C\/td\u003E\u003C\/tr\u003E\u003Ctr\u003E\u003Ctd valign=\u0022top\u0022\u003E\u003Cp\u003EBoischaut du Nord\u003C\/p\u003E\u003C\/td\u003E\u003Ctd\u003E\u003Cp align=\u0022center\u0022\u003E5 730\u003C\/p\u003E\u003C\/td\u003E\u003Ctd\u003E\u003Cp align=\u0022center\u0022\u003E1 850\u003C\/p\u003E\u003C\/td\u003E\u003Ctd\u003E\u003Cp align=\u0022center\u0022\u003E9 270\u003C\/p\u003E\u003C\/td\u003E\u003C\/tr\u003E\u003Ctr\u003E\u003Ctd valign=\u0022top\u0022\u003E\u003Cp\u003EBoischaut du Sud\u003C\/p\u003E\u003C\/td\u003E\u003Ctd\u003E\u003Cp align=\u0022center\u0022\u003E3 960\u003C\/p\u003E\u003C\/td\u003E\u003Ctd\u003E\u003Cp align=\u0022center\u0022\u003E1 690\u003C\/p\u003E\u003C\/td\u003E\u003Ctd\u003E\u003Cp align=\u0022center\u0022\u003E6 960\u003C\/p\u003E\u003C\/td\u003E\u003C\/tr\u003E\u003Ctr\u003E\u003Ctd valign=\u0022top\u0022\u003E\u003Cp\u003EBrenne-Petite Brenne\u003C\/p\u003E\u003C\/td\u003E\u003Ctd\u003E\u003Cp align=\u0022center\u0022\u003E4 990\u003C\/p\u003E\u003C\/td\u003E\u003Ctd\u003E\u003Cp align=\u0022center\u0022\u003E1 820\u003C\/p\u003E\u003C\/td\u003E\u003Ctd\u003E\u003Cp align=\u0022center\u0022\u003E10 470\u003C\/p\u003E\u003C\/td\u003E\u003C\/tr\u003E\u003Ctr\u003E\u003Ctd valign=\u0022top\u0022\u003E\u003Cul\u003E\u003Cli\u003E\u003Cstrong\u003EIndre-et-Loire\u003C\/strong\u003E\u003C\/li\u003E\u003C\/ul\u003E\u003C\/td\u003E\u003Ctd\u003E\u003Cp align=\u0022center\u0022\u003E\u0026nbsp;\u003C\/p\u003E\u003C\/td\u003E\u003Ctd\u003E\u003Cp align=\u0022center\u0022\u003E\u0026nbsp;\u003C\/p\u003E\u003C\/td\u003E\u003Ctd\u003E\u003Cp align=\u0022center\u0022\u003E\u0026nbsp;\u003C\/p\u003E\u003C\/td\u003E\u003C\/tr\u003E\u003Ctr\u003E\u003Ctd valign=\u0022top\u0022\u003E\u003Cp\u003EBassin de Savign\u00e9, G\u00e2tine Tourangelle\u003C\/p\u003E\u003C\/td\u003E\u003Ctd\u003E\u003Cp align=\u0022center\u0022\u003E4 230\u003C\/p\u003E\u003C\/td\u003E\u003Ctd\u003E\u003Cp align=\u0022center\u0022\u003E1 580\u003C\/p\u003E\u003C\/td\u003E\u003Ctd\u003E\u003Cp align=\u0022center\u0022\u003E8 480\u003C\/p\u003E\u003C\/td\u003E\u003C\/tr\u003E\u003Ctr\u003E\u003Ctd valign=\u0022top\u0022\u003E\u003Cp\u003EVal de Loire, Amboise, R\u00e9gion viticole \u00e0 l\u2019Est de Tours\u003C\/p\u003E\u003C\/td\u003E\u003Ctd\u003E\u003Cp align=\u0022center\u0022\u003E4 360\u003C\/p\u003E\u003C\/td\u003E\u003Ctd\u003E\u003Cp align=\u0022center\u0022\u003E1 190\u003C\/p\u003E\u003C\/td\u003E\u003Ctd\u003E\u003Cp align=\u0022center\u0022\u003E9 230\u003C\/p\u003E\u003C\/td\u003E\u003C\/tr\u003E\u003Ctr\u003E\u003Ctd valign=\u0022top\u0022\u003E\u003Cp\u003EChampeigne, Plateau de Mettray\u003C\/p\u003E\u003C\/td\u003E\u003Ctd\u003E\u003Cp align=\u0022center\u0022\u003E6 890\u003C\/p\u003E\u003C\/td\u003E\u003Ctd\u003E\u003Cp align=\u0022center\u0022\u003E2 000\u003C\/p\u003E\u003C\/td\u003E\u003Ctd\u003E\u003Cp align=\u0022center\u0022\u003E12 130\u003C\/p\u003E\u003C\/td\u003E\u003C\/tr\u003E\u003Ctr\u003E\u003Ctd valign=\u0022top\u0022\u003E\u003Cp\u003ER\u00e9gion de Sainte Maure\u003C\/p\u003E\u003C\/td\u003E\u003Ctd\u003E\u003Cp align=\u0022center\u0022\u003E6 300\u003C\/p\u003E\u003C\/td\u003E\u003Ctd\u003E\u003Cp align=\u0022center\u0022\u003E2 000\u003C\/p\u003E\u003C\/td\u003E\u003Ctd\u003E\u003Cp align=\u0022center\u0022\u003E10 000\u003C\/p\u003E\u003C\/td\u003E\u003C\/tr\u003E\u003Ctr\u003E\u003Ctd valign=\u0022top\u0022\u003E\u003Cp\u003ERichelais\u003C\/p\u003E\u003C\/td\u003E\u003Ctd\u003E\u003Cp align=\u0022center\u0022\u003E5 960\u003C\/p\u003E\u003C\/td\u003E\u003Ctd\u003E\u003Cp align=\u0022center\u0022\u003E1 490\u003C\/p\u003E\u003C\/td\u003E\u003Ctd\u003E\u003Cp align=\u0022center\u0022\u003E9 850\u003C\/p\u003E\u003C\/td\u003E\u003C\/tr\u003E\u003Ctr\u003E\u003Ctd valign=\u0022top\u0022\u003E\u003Cp\u003EG\u00e2tine de Loches et de Montresor\u003C\/p\u003E\u003C\/td\u003E\u003Ctd\u003E\u003Cp align=\u0022center\u0022\u003E5 580\u003C\/p\u003E\u003C\/td\u003E\u003Ctd\u003E\u003Cp align=\u0022center\u0022\u003E2 130\u003C\/p\u003E\u003C\/td\u003E\u003Ctd\u003E\u003Cp align=\u0022center\u0022\u003E8 990\u003C\/p\u003E\u003C\/td\u003E\u003C\/tr\u003E\u003Ctr\u003E\u003Ctd valign=\u0022top\u0022\u003E\u003Cul\u003E\u003Cli\u003E\u003Cstrong\u003ELoir-et-Cher\u003C\/strong\u003E\u003C\/li\u003E\u003C\/ul\u003E\u003C\/td\u003E\u003Ctd\u003E\u003Cp align=\u0022center\u0022\u003E\u0026nbsp;\u003C\/p\u003E\u003C\/td\u003E\u003Ctd\u003E\u003Cp align=\u0022center\u0022\u003E\u0026nbsp;\u003C\/p\u003E\u003C\/td\u003E\u003Ctd\u003E\u003Cp align=\u0022center\u0022\u003E\u0026nbsp;\u003C\/p\u003E\u003C\/td\u003E\u003C\/tr\u003E\u003Ctr\u003E\u003Ctd valign=\u0022top\u0022\u003E\u003Cp\u003EPerche, G\u00e2tine, Vall\u00e9e du Loir\u003C\/p\u003E\u003C\/td\u003E\u003Ctd\u003E\u003Cp align=\u0022center\u0022\u003E4 490\u003C\/p\u003E\u003C\/td\u003E\u003Ctd\u003E\u003Cp align=\u0022center\u0022\u003E2 060\u003C\/p\u003E\u003C\/td\u003E\u003Ctd\u003E\u003Cp align=\u0022center\u0022\u003E7 480\u003C\/p\u003E\u003C\/td\u003E\u003C\/tr\u003E\u003Ctr\u003E\u003Ctd valign=\u0022top\u0022\u003E\u003Cp\u003EBeauce\u003C\/p\u003E\u003C\/td\u003E\u003Ctd\u003E\u003Cp align=\u0022center\u0022\u003E6 080\u003C\/p\u003E\u003C\/td\u003E\u003Ctd\u003E\u003Cp align=\u0022center\u0022\u003E3 000\u003C\/p\u003E\u003C\/td\u003E\u003Ctd\u003E\u003Cp align=\u0022center\u0022\u003E9 050\u003C\/p\u003E\u003C\/td\u003E\u003C\/tr\u003E\u003Ctr\u003E\u003Ctd valign=\u0022top\u0022\u003E\u003Cp\u003ESologne viticole, Vall\u00e9e de la Loire\u003C\/p\u003E\u003C\/td\u003E\u003Ctd\u003E\u003Cp align=\u0022center\u0022\u003E4 080\u003C\/p\u003E\u003C\/td\u003E\u003Ctd\u003E\u003Cp align=\u0022center\u0022\u003E1 530\u003C\/p\u003E\u003C\/td\u003E\u003Ctd\u003E\u003Cp align=\u0022center\u0022\u003E9 000\u003C\/p\u003E\u003C\/td\u003E\u003C\/tr\u003E\u003Ctr\u003E\u003Ctd valign=\u0022top\u0022\u003E\u003Cp\u003EPlateaux Bocagers Touraine M\u00e9ridionale\u003C\/p\u003E\u003C\/td\u003E\u003Ctd\u003E\u003Cp align=\u0022center\u0022\u003E3 470\u003C\/p\u003E\u003C\/td\u003E\u003Ctd\u003E\u003Cp align=\u0022center\u0022\u003E1 200\u003C\/p\u003E\u003C\/td\u003E\u003Ctd\u003E\u003Cp align=\u0022center\u0022\u003E7 520\u003C\/p\u003E\u003C\/td\u003E\u003C\/tr\u003E\u003Ctr\u003E\u003Ctd valign=\u0022top\u0022\u003E\u003Cp\u003EGrande Sologne, Champagne Berrichonne\u003C\/p\u003E\u003C\/td\u003E\u003Ctd\u003E\u003Cp align=\u0022center\u0022\u003E5 370\u003C\/p\u003E\u003C\/td\u003E\u003Ctd\u003E\u003Cp align=\u0022center\u0022\u003E1 830\u003C\/p\u003E\u003C\/td\u003E\u003Ctd\u003E\u003Cp align=\u0022center\u0022\u003E18 390\u003C\/p\u003E\u003C\/td\u003E\u003C\/tr\u003E\u003Ctr\u003E\u003Ctd valign=\u0022top\u0022\u003E\u003Cul\u003E\u003Cli\u003E\u003Cstrong\u003ELoiret\u003C\/strong\u003E\u003C\/li\u003E\u003C\/ul\u003E\u003C\/td\u003E\u003Ctd\u003E\u003Cp align=\u0022center\u0022\u003E\u0026nbsp;\u003C\/p\u003E\u003C\/td\u003E\u003Ctd\u003E\u003Cp align=\u0022center\u0022\u003E\u0026nbsp;\u003C\/p\u003E\u003C\/td\u003E\u003Ctd\u003E\u003Cp align=\u0022center\u0022\u003E\u0026nbsp;\u003C\/p\u003E\u003C\/td\u003E\u003C\/tr\u003E\u003Ctr\u003E\u003Ctd valign=\u0022top\u0022\u003E\u003Cp\u003EOrl\u00e9anais\u003C\/p\u003E\u003C\/td\u003E\u003Ctd\u003E\u003Cp align=\u0022center\u0022\u003E5 500\u003C\/p\u003E\u003C\/td\u003E\u003Ctd\u003E\u003Cp align=\u0022center\u0022\u003E2 800\u003C\/p\u003E\u003C\/td\u003E\u003Ctd\u003E\u003Cp align=\u0022center\u0022\u003E17 780\u003C\/p\u003E\u003C\/td\u003E\u003C\/tr\u003E\u003Ctr\u003E\u003Ctd valign=\u0022top\u0022\u003E\u003Cp\u003EG\u00e2tinais Pauvre (Est)\u003C\/p\u003E\u003C\/td\u003E\u003Ctd\u003E\u003Cp align=\u0022center\u0022\u003E5 150\u003C\/p\u003E\u003C\/td\u003E\u003Ctd\u003E\u003Cp align=\u0022center\u0022\u003E2 390\u003C\/p\u003E\u003C\/td\u003E\u003Ctd\u003E\u003Cp align=\u0022center\u0022\u003E11 350\u003C\/p\u003E\u003C\/td\u003E\u003C\/tr\u003E\u003Ctr\u003E\u003Ctd valign=\u0022top\u0022\u003E\u003Cp\u003EG\u00e2tinais Riche (Ouest)\u003C\/p\u003E\u003C\/td\u003E\u003Ctd\u003E\u003Cp align=\u0022center\u0022\u003E6 760\u003C\/p\u003E\u003C\/td\u003E\u003Ctd\u003E\u003Cp align=\u0022center\u0022\u003E3 690\u003C\/p\u003E\u003C\/td\u003E\u003Ctd\u003E\u003Cp align=\u0022center\u0022\u003E10 790\u003C\/p\u003E\u003C\/td\u003E\u003C\/tr\u003E\u003Ctr\u003E\u003Ctd valign=\u0022top\u0022\u003E\u003Cp\u003EBeauce Riche\u003C\/p\u003E\u003C\/td\u003E\u003Ctd\u003E\u003Cp align=\u0022center\u0022\u003E9 530\u003C\/p\u003E\u003C\/td\u003E\u003Ctd\u003E\u003Cp align=\u0022center\u0022\u003E3 820\u003C\/p\u003E\u003C\/td\u003E\u003Ctd\u003E\u003Cp align=\u0022center\u0022\u003E13 500\u003C\/p\u003E\u003C\/td\u003E\u003C\/tr\u003E\u003Ctr\u003E\u003Ctd valign=\u0022top\u0022\u003E\u003Cp\u003EVal de Loire, Beauce de Patay\u003C\/p\u003E\u003C\/td\u003E\u003Ctd\u003E\u003Cp align=\u0022center\u0022\u003E6 390\u003C\/p\u003E\u003C\/td\u003E\u003Ctd\u003E\u003Cp align=\u0022center\u0022\u003E2 910\u003C\/p\u003E\u003C\/td\u003E\u003Ctd\u003E\u003Cp align=\u0022center\u0022\u003E10 000\u003C\/p\u003E\u003C\/td\u003E\u003C\/tr\u003E\u003Ctr\u003E\u003Ctd valign=\u0022top\u0022\u003E\u003Cp\u003EPuisaye, Sologne, Berry\u003C\/p\u003E\u003C\/td\u003E\u003Ctd\u003E\u003Cp align=\u0022center\u0022\u003E5 010\u003C\/p\u003E\u003C\/td\u003E\u003Ctd\u003E\u003Cp align=\u0022center\u0022\u003E1 830\u003C\/p\u003E\u003C\/td\u003E\u003Ctd\u003E\u003Cp align=\u0022center\u0022\u003E11 940\u003C\/p\u003E\u003C\/td\u003E\u003C\/tr\u003E\u003Ctr\u003E\u003Ctd valign=\u0022top\u0022\u003E\u003Cp\u003E\u003Cstrong\u003ECorse\u003C\/strong\u003E\u003C\/p\u003E\u003C\/td\u003E\u003Ctd\u003E\u003Cp align=\u0022center\u0022\u003E\u0026nbsp;\u003C\/p\u003E\u003C\/td\u003E\u003Ctd\u003E\u003Cp align=\u0022center\u0022\u003E\u0026nbsp;\u003C\/p\u003E\u003C\/td\u003E\u003Ctd\u003E\u003Cp align=\u0022center\u0022\u003E\u0026nbsp;\u003C\/p\u003E\u003C\/td\u003E\u003C\/tr\u003E\u003Ctr\u003E\u003Ctd valign=\u0022top\u0022\u003E\u003Cul\u003E\u003Cli\u003E\u003Cstrong\u003ECorse-du-Sud (1)\u003C\/strong\u003E\u003C\/li\u003E\u003C\/ul\u003E\u003C\/td\u003E\u003Ctd\u003E\u003Cp align=\u0022center\u0022\u003E\u0026nbsp;\u003C\/p\u003E\u003C\/td\u003E\u003Ctd\u003E\u003Cp align=\u0022center\u0022\u003E\u0026nbsp;\u003C\/p\u003E\u003C\/td\u003E\u003Ctd\u003E\u003Cp align=\u0022center\u0022\u003E\u0026nbsp;\u003C\/p\u003E\u003C\/td\u003E\u003C\/tr\u003E\u003Ctr\u003E\u003Ctd valign=\u0022top\u0022\u003E\u003Cp\u003ELittoral Corse\u003C\/p\u003E\u003C\/td\u003E\u003Ctd\u003E\u003Cp align=\u0022center\u0022\u003E7 790\u003C\/p\u003E\u003C\/td\u003E\u003Ctd\u003E\u003Cp align=\u0022center\u0022\u003E1 710\u003C\/p\u003E\u003C\/td\u003E\u003Ctd\u003E\u003Cp align=\u0022center\u0022\u003E25 410\u003C\/p\u003E\u003C\/td\u003E\u003C\/tr\u003E\u003Ctr\u003E\u003Ctd valign=\u0022top\u0022\u003E\u003Cp\u003ECoteaux Corses\u003C\/p\u003E\u003C\/td\u003E\u003Ctd\u003E\u003Cp align=\u0022center\u0022\u003E6 640\u003C\/p\u003E\u003C\/td\u003E\u003Ctd\u003E\u003Cp align=\u0022center\u0022\u003E1 270\u003C\/p\u003E\u003C\/td\u003E\u003Ctd\u003E\u003Cp align=\u0022center\u0022\u003E39 400\u003C\/p\u003E\u003C\/td\u003E\u003C\/tr\u003E\u003Ctr\u003E\u003Ctd valign=\u0022top\u0022\u003E\u003Cp\u003EMontagne Corse\u003C\/p\u003E\u003C\/td\u003E\u003Ctd\u003E\u003Cp align=\u0022center\u0022\u003END\u003C\/p\u003E\u003C\/td\u003E\u003Ctd\u003E\u003Cp align=\u0022center\u0022\u003END\u003C\/p\u003E\u003C\/td\u003E\u003Ctd\u003E\u003Cp align=\u0022center\u0022\u003END\u003C\/p\u003E\u003C\/td\u003E\u003C\/tr\u003E\u003Ctr\u003E\u003Ctd valign=\u0022top\u0022\u003E\u003Cul\u003E\u003Cli\u003E\u003Cstrong\u003EHaute-Corse (1)\u003C\/strong\u003E\u003C\/li\u003E\u003C\/ul\u003E\u003C\/td\u003E\u003Ctd\u003E\u003Cp align=\u0022center\u0022\u003E\u0026nbsp;\u003C\/p\u003E\u003C\/td\u003E\u003Ctd\u003E\u003Cp align=\u0022center\u0022\u003E\u0026nbsp;\u003C\/p\u003E\u003C\/td\u003E\u003Ctd\u003E\u003Cp align=\u0022center\u0022\u003E\u0026nbsp;\u003C\/p\u003E\u003C\/td\u003E\u003C\/tr\u003E\u003Ctr\u003E\u003Ctd valign=\u0022top\u0022\u003E\u003Cp\u003ELittoral Corse\u003C\/p\u003E\u003C\/td\u003E\u003Ctd\u003E\u003Cp align=\u0022center\u0022\u003E6 810\u003C\/p\u003E\u003C\/td\u003E\u003Ctd\u003E\u003Cp align=\u0022center\u0022\u003E1 510\u003C\/p\u003E\u003C\/td\u003E\u003Ctd\u003E\u003Cp align=\u0022center\u0022\u003E23 280\u003C\/p\u003E\u003C\/td\u003E\u003C\/tr\u003E\u003Ctr\u003E\u003Ctd valign=\u0022top\u0022\u003E\u003Cp\u003ECoteaux Corses\u003C\/p\u003E\u003C\/td\u003E\u003Ctd\u003E\u003Cp align=\u0022center\u0022\u003E7 980\u003C\/p\u003E\u003C\/td\u003E\u003Ctd\u003E\u003Cp align=\u0022center\u0022\u003E1 940\u003C\/p\u003E\u003C\/td\u003E\u003Ctd\u003E\u003Cp align=\u0022center\u0022\u003E32 590\u003C\/p\u003E\u003C\/td\u003E\u003C\/tr\u003E\u003Ctr\u003E\u003Ctd valign=\u0022top\u0022\u003E\u003Cp\u003EMontagne Corse\u003C\/p\u003E\u003C\/td\u003E\u003Ctd\u003E\u003Cp align=\u0022center\u0022\u003E4 010\u003C\/p\u003E\u003C\/td\u003E\u003Ctd\u003E\u003Cp align=\u0022center\u0022\u003E540\u003C\/p\u003E\u003C\/td\u003E\u003Ctd\u003E\u003Cp align=\u0022center\u0022\u003E22 080\u003C\/p\u003E\u003C\/td\u003E\u003C\/tr\u003E\u003Ctr\u003E\u003Ctd valign=\u0022top\u0022\u003E\u003Cp\u003E\u003Cstrong\u003EGrand Est\u003C\/strong\u003E\u003C\/p\u003E\u003C\/td\u003E\u003Ctd\u003E\u003Cp align=\u0022center\u0022\u003E\u0026nbsp;\u003C\/p\u003E\u003C\/td\u003E\u003Ctd\u003E\u003Cp align=\u0022center\u0022\u003E\u0026nbsp;\u003C\/p\u003E\u003C\/td\u003E\u003Ctd\u003E\u003Cp align=\u0022center\u0022\u003E\u0026nbsp;\u003C\/p\u003E\u003C\/td\u003E\u003C\/tr\u003E\u003Ctr\u003E\u003Ctd valign=\u0022top\u0022\u003E\u003Cul\u003E\u003Cli\u003E\u003Cstrong\u003EArdennes\u003C\/strong\u003E\u003C\/li\u003E\u003C\/ul\u003E\u003C\/td\u003E\u003Ctd\u003E\u003Cp align=\u0022center\u0022\u003E\u0026nbsp;\u003C\/p\u003E\u003C\/td\u003E\u003Ctd\u003E\u003Cp align=\u0022center\u0022\u003E\u0026nbsp;\u003C\/p\u003E\u003C\/td\u003E\u003Ctd\u003E\u003Cp align=\u0022center\u0022\u003E\u0026nbsp;\u003C\/p\u003E\u003C\/td\u003E\u003C\/tr\u003E\u003Ctr\u003E\u003Ctd valign=\u0022top\u0022\u003E\u003Cp\u003EArdenne\u003C\/p\u003E\u003C\/td\u003E\u003Ctd\u003E\u003Cp align=\u0022center\u0022\u003E5 030\u003C\/p\u003E\u003C\/td\u003E\u003Ctd\u003E\u003Cp align=\u0022center\u0022\u003E1 900\u003C\/p\u003E\u003C\/td\u003E\u003Ctd\u003E\u003Cp align=\u0022center\u0022\u003E14 060\u003C\/p\u003E\u003C\/td\u003E\u003C\/tr\u003E\u003Ctr\u003E\u003Ctd valign=\u0022top\u0022\u003E\u003Cp\u003ECr\u00eates Pr\u00e9ardennaises, Argonne\u003C\/p\u003E\u003C\/td\u003E\u003Ctd\u003E\u003Cp align=\u0022center\u0022\u003E5 060\u003C\/p\u003E\u003C\/td\u003E\u003Ctd\u003E\u003Cp align=\u0022center\u0022\u003E2 490\u003C\/p\u003E\u003C\/td\u003E\u003Ctd\u003E\u003Cp align=\u0022center\u0022\u003E8 250\u003C\/p\u003E\u003C\/td\u003E\u003C\/tr\u003E\u003Ctr\u003E\u003Ctd valign=\u0022top\u0022\u003E\u003Cp\u003EChampagne Crayeuse, Thi\u00e9rache\u003C\/p\u003E\u003C\/td\u003E\u003Ctd\u003E\u003Cp align=\u0022center\u0022\u003E10 740\u003C\/p\u003E\u003C\/td\u003E\u003Ctd\u003E\u003Cp align=\u0022center\u0022\u003E3 500\u003C\/p\u003E\u003C\/td\u003E\u003Ctd\u003E\u003Cp align=\u0022center\u0022\u003E17 280\u003C\/p\u003E\u003C\/td\u003E\u003C\/tr\u003E\u003Ctr\u003E\u003Ctd valign=\u0022top\u0022\u003E\u003Cul\u003E\u003Cli\u003E\u003Cstrong\u003EAube\u003C\/strong\u003E\u003C\/li\u003E\u003C\/ul\u003E\u003C\/td\u003E\u003Ctd\u003E\u0026nbsp;\u003C\/td\u003E\u003Ctd\u003E\u003Cp align=\u0022center\u0022\u003E\u0026nbsp;\u003C\/p\u003E\u003C\/td\u003E\u003Ctd\u003E\u003Cp align=\u0022center\u0022\u003E\u0026nbsp;\u003C\/p\u003E\u003C\/td\u003E\u003C\/tr\u003E\u003Ctr\u003E\u003Ctd valign=\u0022top\u0022\u003E\u003Cp\u003EVignoble du Barrois\u003C\/p\u003E\u003C\/td\u003E\u003Ctd\u003E\u003Cp align=\u0022center\u0022\u003E6 290\u003C\/p\u003E\u003C\/td\u003E\u003Ctd\u003E\u003Cp align=\u0022center\u0022\u003E2 000\u003C\/p\u003E\u003C\/td\u003E\u003Ctd\u003E\u003Cp align=\u0022center\u0022\u003E25 000\u003C\/p\u003E\u003C\/td\u003E\u003C\/tr\u003E\u003Ctr\u003E\u003Ctd valign=\u0022top\u0022\u003E\u003Cp\u003EChampagne Crayeuse, Nogentais\u003C\/p\u003E\u003C\/td\u003E\u003Ctd\u003E\u003Cp align=\u0022center\u0022\u003E13 650\u003C\/p\u003E\u003C\/td\u003E\u003Ctd\u003E\u003Cp align=\u0022center\u0022\u003E3 680\u003C\/p\u003E\u003C\/td\u003E\u003Ctd\u003E\u003Cp align=\u0022center\u0022\u003E19 520\u003C\/p\u003E\u003C\/td\u003E\u003C\/tr\u003E\u003Ctr\u003E\u003Ctd valign=\u0022top\u0022\u003E\u003Cp\u003EChampagne Humide, Plaine de Brienne\u003C\/p\u003E\u003C\/td\u003E\u003Ctd\u003E\u003Cp align=\u0022center\u0022\u003E7 400\u003C\/p\u003E\u003C\/td\u003E\u003Ctd\u003E\u003Cp align=\u0022center\u0022\u003E2 400\u003C\/p\u003E\u003C\/td\u003E\u003Ctd\u003E\u003Cp align=\u0022center\u0022\u003E18 880\u003C\/p\u003E\u003C\/td\u003E\u003C\/tr\u003E\u003Ctr\u003E\u003Ctd valign=\u0022top\u0022\u003E\u003Cp\u003EPlaine de Troyes, Pays d\u2019Othe\u003C\/p\u003E\u003C\/td\u003E\u003Ctd\u003E\u003Cp align=\u0022center\u0022\u003E11 880\u003C\/p\u003E\u003C\/td\u003E\u003Ctd\u003E\u003Cp align=\u0022center\u0022\u003E2 890\u003C\/p\u003E\u003C\/td\u003E\u003Ctd\u003E\u003Cp align=\u0022center\u0022\u003E20 830\u003C\/p\u003E\u003C\/td\u003E\u003C\/tr\u003E\u003Ctr\u003E\u003Ctd valign=\u0022top\u0022\u003E\u003Cul\u003E\u003Cli\u003E\u003Cstrong\u003EBas-Rhin\u003C\/strong\u003E\u003C\/li\u003E\u003C\/ul\u003E\u003C\/td\u003E\u003Ctd\u003E\u003Cp align=\u0022center\u0022\u003E\u0026nbsp;\u003C\/p\u003E\u003C\/td\u003E\u003Ctd\u003E\u003Cp align=\u0022center\u0022\u003E\u0026nbsp;\u003C\/p\u003E\u003C\/td\u003E\u003Ctd\u003E\u003Cp align=\u0022center\u0022\u003E\u0026nbsp;\u003C\/p\u003E\u003C\/td\u003E\u003C\/tr\u003E\u003Ctr\u003E\u003Ctd valign=\u0022top\u0022\u003E\u003Cp\u003EPlaine du Rhin\u003C\/p\u003E\u003C\/td\u003E\u003Ctd\u003E\u003Cp align=\u0022center\u0022\u003E8 060\u003C\/p\u003E\u003C\/td\u003E\u003Ctd\u003E\u003Cp align=\u0022center\u0022\u003E2 370\u003C\/p\u003E\u003C\/td\u003E\u003Ctd\u003E\u003Cp align=\u0022center\u0022\u003E15 370\u003C\/p\u003E\u003C\/td\u003E\u003C\/tr\u003E\u003Ctr\u003E\u003Ctd valign=\u0022top\u0022\u003E\u003Cp\u003ERied\u003C\/p\u003E\u003C\/td\u003E\u003Ctd\u003E\u003Cp align=\u0022center\u0022\u003E6 460\u003C\/p\u003E\u003C\/td\u003E\u003Ctd\u003E\u003Cp align=\u0022center\u0022\u003E1 340\u003C\/p\u003E\u003C\/td\u003E\u003Ctd\u003E\u003Cp align=\u0022center\u0022\u003E21 020\u003C\/p\u003E\u003C\/td\u003E\u003C\/tr\u003E\u003Ctr\u003E\u003Ctd valign=\u0022top\u0022\u003E\u003Cp\u003ER\u00e9gion sous Vosgienne\u003C\/p\u003E\u003C\/td\u003E\u003Ctd\u003E\u003Cp align=\u0022center\u0022\u003E6 220\u003C\/p\u003E\u003C\/td\u003E\u003Ctd\u003E\u003Cp align=\u0022center\u0022\u003E2 330\u003C\/p\u003E\u003C\/td\u003E\u003Ctd\u003E\u003Cp align=\u0022center\u0022\u003E13 000\u003C\/p\u003E\u003C\/td\u003E\u003C\/tr\u003E\u003Ctr\u003E\u003Ctd valign=\u0022top\u0022\u003E\u003Cp\u003EPlateau Lorrain Nord\u003C\/p\u003E\u003C\/td\u003E\u003Ctd\u003E\u003Cp align=\u0022center\u0022\u003E3 510\u003C\/p\u003E\u003C\/td\u003E\u003Ctd\u003E\u003Cp align=\u0022center\u0022\u003E2 200\u003C\/p\u003E\u003C\/td\u003E\u003Ctd\u003E\u003Cp align=\u0022center\u0022\u003E6 740\u003C\/p\u003E\u003C\/td\u003E\u003C\/tr\u003E\u003Ctr\u003E\u003Ctd valign=\u0022top\u0022\u003E\u003Cp\u003EMontagne Vosgienne\u003C\/p\u003E\u003C\/td\u003E\u003Ctd\u003E\u003Cp align=\u0022center\u0022\u003E3 930\u003C\/p\u003E\u003C\/td\u003E\u003Ctd\u003E\u003Cp align=\u0022center\u0022\u003E2 000\u003C\/p\u003E\u003C\/td\u003E\u003Ctd\u003E\u003Cp align=\u0022center\u0022\u003E9 240\u003C\/p\u003E\u003C\/td\u003E\u003C\/tr\u003E\u003Ctr\u003E\u003Ctd valign=\u0022top\u0022\u003E\u003Cul\u003E\u003Cli\u003E\u003Cstrong\u003EHaut-Rhin\u003C\/strong\u003E\u003C\/li\u003E\u003C\/ul\u003E\u003C\/td\u003E\u003Ctd\u003E\u003Cp align=\u0022center\u0022\u003E\u0026nbsp;\u003C\/p\u003E\u003C\/td\u003E\u003Ctd\u003E\u003Cp align=\u0022center\u0022\u003E\u0026nbsp;\u003C\/p\u003E\u003C\/td\u003E\u003Ctd\u003E\u003Cp align=\u0022center\u0022\u003E\u0026nbsp;\u003C\/p\u003E\u003C\/td\u003E\u003C\/tr\u003E\u003Ctr\u003E\u003Ctd valign=\u0022top\u0022\u003E\u003Cp\u003EHardt, Ochsenfeld, Ried, Plaine du Rhin\u003C\/p\u003E\u003C\/td\u003E\u003Ctd\u003E\u003Cp align=\u0022center\u0022\u003E6 620\u003C\/p\u003E\u003C\/td\u003E\u003Ctd\u003E\u003Cp align=\u0022center\u0022\u003E2 990\u003C\/p\u003E\u003C\/td\u003E\u003Ctd\u003E\u003Cp align=\u0022center\u0022\u003E15 830\u003C\/p\u003E\u003C\/td\u003E\u003C\/tr\u003E\u003Ctr\u003E\u003Ctd valign=\u0022top\u0022\u003E\u003Cp\u003ESundgau\u003C\/p\u003E\u003C\/td\u003E\u003Ctd\u003E\u003Cp align=\u0022center\u0022\u003E8 260\u003C\/p\u003E\u003C\/td\u003E\u003Ctd\u003E\u003Cp align=\u0022center\u0022\u003E3 710\u003C\/p\u003E\u003C\/td\u003E\u003Ctd\u003E\u003Cp align=\u0022center\u0022\u003E13 310\u003C\/p\u003E\u003C\/td\u003E\u003C\/tr\u003E\u003Ctr\u003E\u003Ctd valign=\u0022top\u0022\u003E\u003Cp\u003ECollines sous Vosgiennes\u003C\/p\u003E\u003C\/td\u003E\u003Ctd\u003E\u003Cp align=\u0022center\u0022\u003E8 600\u003C\/p\u003E\u003C\/td\u003E\u003Ctd\u003E\u003Cp align=\u0022center\u0022\u003E3 000\u003C\/p\u003E\u003C\/td\u003E\u003Ctd\u003E\u003Cp align=\u0022center\u0022\u003E19 450\u003C\/p\u003E\u003C\/td\u003E\u003C\/tr\u003E\u003Ctr\u003E\u003Ctd valign=\u0022top\u0022\u003E\u003Cp\u003EMontagne Vosgienne\u003C\/p\u003E\u003C\/td\u003E\u003Ctd\u003E\u003Cp align=\u0022center\u0022\u003E5 060\u003C\/p\u003E\u003C\/td\u003E\u003Ctd\u003E\u003Cp align=\u0022center\u0022\u003E1 500\u003C\/p\u003E\u003C\/td\u003E\u003Ctd\u003E\u003Cp align=\u0022center\u0022\u003E9 910\u003C\/p\u003E\u003C\/td\u003E\u003C\/tr\u003E\u003Ctr\u003E\u003Ctd valign=\u0022top\u0022\u003E\u003Cp\u003EJura\u003C\/p\u003E\u003C\/td\u003E\u003Ctd\u003E\u003Cp align=\u0022center\u0022\u003E7 880\u003C\/p\u003E\u003C\/td\u003E\u003Ctd\u003E\u003Cp align=\u0022center\u0022\u003E3 330\u003C\/p\u003E\u003C\/td\u003E\u003Ctd\u003E\u003Cp align=\u0022center\u0022\u003E13 380\u003C\/p\u003E\u003C\/td\u003E\u003C\/tr\u003E\u003Ctr\u003E\u003Ctd valign=\u0022top\u0022\u003E\u003Cp\u003EPlaine du Rhin\u003C\/p\u003E\u003C\/td\u003E\u003Ctd\u003E\u003Cp align=\u0022center\u0022\u003E8 010\u003C\/p\u003E\u003C\/td\u003E\u003Ctd\u003E\u003Cp align=\u0022center\u0022\u003E3 500\u003C\/p\u003E\u003C\/td\u003E\u003Ctd\u003E\u003Cp align=\u0022center\u0022\u003E20 260\u003C\/p\u003E\u003C\/td\u003E\u003C\/tr\u003E\u003Ctr\u003E\u003Ctd valign=\u0022top\u0022\u003E\u003Cul\u003E\u003Cli\u003E\u003Cstrong\u003EHaute-Marne\u003C\/strong\u003E\u003C\/li\u003E\u003C\/ul\u003E\u003C\/td\u003E\u003Ctd\u003E\u003Cp align=\u0022center\u0022\u003E\u0026nbsp;\u003C\/p\u003E\u003C\/td\u003E\u003Ctd\u003E\u003Cp align=\u0022center\u0022\u003E\u0026nbsp;\u003C\/p\u003E\u003C\/td\u003E\u003Ctd\u003E\u003Cp align=\u0022center\u0022\u003E\u0026nbsp;\u003C\/p\u003E\u003C\/td\u003E\u003C\/tr\u003E\u003Ctr\u003E\u003Ctd valign=\u0022top\u0022\u003E\u003Cp\u003EBassigny, Vingeanne\u003C\/p\u003E\u003C\/td\u003E\u003Ctd\u003E\u003Cp align=\u0022center\u0022\u003E3 230\u003C\/p\u003E\u003C\/td\u003E\u003Ctd\u003E\u003Cp align=\u0022center\u0022\u003E1 540\u003C\/p\u003E\u003C\/td\u003E\u003Ctd\u003E\u003Cp align=\u0022center\u0022\u003E6 000\u003C\/p\u003E\u003C\/td\u003E\u003C\/tr\u003E\u003Ctr\u003E\u003Ctd valign=\u0022top\u0022\u003E\u003Cp\u003EPlateau Langrois\u003C\/p\u003E\u003C\/td\u003E\u003Ctd\u003E\u003Cp align=\u0022center\u0022\u003E2 950\u003C\/p\u003E\u003C\/td\u003E\u003Ctd\u003E\u003Cp align=\u0022center\u0022\u003E1 270\u003C\/p\u003E\u003C\/td\u003E\u003Ctd\u003E\u003Cp align=\u0022center\u0022\u003E7 030\u003C\/p\u003E\u003C\/td\u003E\u003C\/tr\u003E\u003Ctr\u003E\u003Ctd valign=\u0022top\u0022\u003E\u003Cp\u003ENord-Est, Haut Marnais\u003C\/p\u003E\u003C\/td\u003E\u003Ctd\u003E\u003Cp align=\u0022center\u0022\u003E4 810\u003C\/p\u003E\u003C\/td\u003E\u003Ctd\u003E\u003Cp align=\u0022center\u0022\u003E1 970\u003C\/p\u003E\u003C\/td\u003E\u003Ctd\u003E\u003Cp align=\u0022center\u0022\u003E10 000\u003C\/p\u003E\u003C\/td\u003E\u003C\/tr\u003E\u003Ctr\u003E\u003Ctd valign=\u0022top\u0022\u003E\u003Cul\u003E\u003Cli\u003E\u003Cstrong\u003EMarne\u003C\/strong\u003E\u003C\/li\u003E\u003C\/ul\u003E\u003C\/td\u003E\u003Ctd\u003E\u003Cp align=\u0022center\u0022\u003E\u0026nbsp;\u003C\/p\u003E\u003C\/td\u003E\u003Ctd\u003E\u003Cp align=\u0022center\u0022\u003E\u0026nbsp;\u003C\/p\u003E\u003C\/td\u003E\u003Ctd\u003E\u003Cp align=\u0022center\u0022\u003E\u0026nbsp;\u003C\/p\u003E\u003C\/td\u003E\u003C\/tr\u003E\u003Ctr\u003E\u003Ctd valign=\u0022top\u0022\u003E\u003Cp\u003EChampagne Crayeuse - Pays R\u00e9mois\u0026nbsp;\u003C\/p\u003E\u003C\/td\u003E\u003Ctd\u003E\u003Cp align=\u0022center\u0022\u003E14 030\u003C\/p\u003E\u003C\/td\u003E\u003Ctd\u003E\u003Cp align=\u0022center\u0022\u003E4 510\u003C\/p\u003E\u003C\/td\u003E\u003Ctd\u003E\u003Cp align=\u0022center\u0022\u003E18 000\u003C\/p\u003E\u003C\/td\u003E\u003C\/tr\u003E\u003Ctr\u003E\u003Ctd valign=\u0022top\u0022\u003E\u003Cp\u003EVignoble\u003C\/p\u003E\u003C\/td\u003E\u003Ctd\u003E\u003Cp align=\u0022center\u0022\u003END\u003C\/p\u003E\u003C\/td\u003E\u003Ctd\u003E\u003Cp align=\u0022center\u0022\u003END\u003C\/p\u003E\u003C\/td\u003E\u003Ctd\u003E\u003Cp align=\u0022center\u0022\u003END\u003C\/p\u003E\u003C\/td\u003E\u003C\/tr\u003E\u003Ctr\u003E\u003Ctd valign=\u0022top\u0022\u003E\u003Cp\u003EVall\u00e9e de la Marne\u003C\/p\u003E\u003C\/td\u003E\u003Ctd\u003E\u003Cp align=\u0022center\u0022\u003E11 560\u003C\/p\u003E\u003C\/td\u003E\u003Ctd\u003E\u003Cp align=\u0022center\u0022\u003E3 270\u003C\/p\u003E\u003C\/td\u003E\u003Ctd\u003E\u003Cp align=\u0022center\u0022\u003E17 970\u003C\/p\u003E\u003C\/td\u003E\u003C\/tr\u003E\u003Ctr\u003E\u003Ctd valign=\u0022top\u0022\u003E\u003Cp\u003ETardenois\u003C\/p\u003E\u003C\/td\u003E\u003Ctd\u003E\u003Cp align=\u0022center\u0022\u003E9 140\u003C\/p\u003E\u003C\/td\u003E\u003Ctd\u003E\u003Cp align=\u0022center\u0022\u003E3 690\u003C\/p\u003E\u003C\/td\u003E\u003Ctd\u003E\u003Cp align=\u0022center\u0022\u003E17 670\u003C\/p\u003E\u003C\/td\u003E\u003C\/tr\u003E\u003Ctr\u003E\u003Ctd valign=\u0022top\u0022\u003E\u003Cp\u003EBrie Champenoise\u003C\/p\u003E\u003C\/td\u003E\u003Ctd\u003E\u003Cp align=\u0022center\u0022\u003E9 760\u003C\/p\u003E\u003C\/td\u003E\u003Ctd\u003E\u003Cp align=\u0022center\u0022\u003E4 450\u003C\/p\u003E\u003C\/td\u003E\u003Ctd\u003E\u003Cp align=\u0022center\u0022\u003E12 000\u003C\/p\u003E\u003C\/td\u003E\u003C\/tr\u003E\u003Ctr\u003E\u003Ctd valign=\u0022top\u0022\u003E\u003Cp\u003EChampagne Humide, Argonne, Perthois\u003C\/p\u003E\u003C\/td\u003E\u003Ctd\u003E\u003Cp align=\u0022center\u0022\u003E7 200\u003C\/p\u003E\u003C\/td\u003E\u003Ctd\u003E\u003Cp align=\u0022center\u0022\u003E3 000\u003C\/p\u003E\u003C\/td\u003E\u003Ctd\u003E\u003Cp align=\u0022center\u0022\u003E15 700\u003C\/p\u003E\u003C\/td\u003E\u003C\/tr\u003E\u003Ctr\u003E\u003Ctd valign=\u0022top\u0022\u003E\u003Cul\u003E\u003Cli\u003E\u003Cstrong\u003EMeurthe-et-Moselle\u003C\/strong\u003E\u003C\/li\u003E\u003C\/ul\u003E\u003C\/td\u003E\u003Ctd\u003E\u003Cp align=\u0022center\u0022\u003E\u0026nbsp;\u003C\/p\u003E\u003C\/td\u003E\u003Ctd\u003E\u003Cp align=\u0022center\u0022\u003E\u0026nbsp;\u003C\/p\u003E\u003C\/td\u003E\u003Ctd\u003E\u003Cp align=\u0022center\u0022\u003E\u0026nbsp;\u003C\/p\u003E\u003C\/td\u003E\u003C\/tr\u003E\u003Ctr\u003E\u003Ctd valign=\u0022top\u0022\u003E\u003Cp\u003EPlateau Lorrain, La Haye, Montagne Vosgienne, C\u00f4tes de Meuse\u003C\/p\u003E\u003C\/td\u003E\u003Ctd\u003E\u003Cp align=\u0022center\u0022\u003E4 860\u003C\/p\u003E\u003C\/td\u003E\u003Ctd\u003E\u003Cp align=\u0022center\u0022\u003E2 250\u003C\/p\u003E\u003C\/td\u003E\u003Ctd\u003E\u003Cp align=\u0022center\u0022\u003E9 090\u003C\/p\u003E\u003C\/td\u003E\u003C\/tr\u003E\u003Ctr\u003E\u003Ctd valign=\u0022top\u0022\u003E\u003Cp\u003EPays Haut Lorrain, Wo\u00ebvre\u003C\/p\u003E\u003C\/td\u003E\u003Ctd\u003E\u003Cp align=\u0022center\u0022\u003E5 590\u003C\/p\u003E\u003C\/td\u003E\u003Ctd\u003E\u003Cp align=\u0022center\u0022\u003E2 000\u003C\/p\u003E\u003C\/td\u003E\u003Ctd\u003E\u003Cp align=\u0022center\u0022\u003E11 880\u003C\/p\u003E\u003C\/td\u003E\u003C\/tr\u003E\u003Ctr\u003E\u003Ctd valign=\u0022top\u0022\u003E\u003Cul\u003E\u003Cli\u003E\u003Cstrong\u003EMeuse\u003C\/strong\u003E\u003C\/li\u003E\u003C\/ul\u003E\u003C\/td\u003E\u003Ctd\u003E\u003Cp align=\u0022center\u0022\u003E\u0026nbsp;\u003C\/p\u003E\u003C\/td\u003E\u003Ctd\u003E\u003Cp align=\u0022center\u0022\u003E\u0026nbsp;\u003C\/p\u003E\u003C\/td\u003E\u003Ctd\u003E\u003Cp align=\u0022center\u0022\u003E\u0026nbsp;\u003C\/p\u003E\u003C\/td\u003E\u003C\/tr\u003E\u003Ctr\u003E\u003Ctd valign=\u0022top\u0022\u003E\u003Cp\u003EBarrois\u003C\/p\u003E\u003C\/td\u003E\u003Ctd\u003E\u003Cp align=\u0022center\u0022\u003E4 590\u003C\/p\u003E\u003C\/td\u003E\u003Ctd\u003E\u003Cp align=\u0022center\u0022\u003E2 080\u003C\/p\u003E\u003C\/td\u003E\u003Ctd\u003E\u003Cp align=\u0022center\u0022\u003E7 040\u003C\/p\u003E\u003C\/td\u003E\u003C\/tr\u003E\u003Ctr\u003E\u003Ctd valign=\u0022top\u0022\u003E\u003Cp\u003EArgonne\u003C\/p\u003E\u003C\/td\u003E\u003Ctd\u003E\u003Cp align=\u0022center\u0022\u003E5 170\u003C\/p\u003E\u003C\/td\u003E\u003Ctd\u003E\u003Cp align=\u0022center\u0022\u003E2 820\u003C\/p\u003E\u003C\/td\u003E\u003Ctd\u003E\u003Cp align=\u0022center\u0022\u003E7 000\u003C\/p\u003E\u003C\/td\u003E\u003C\/tr\u003E\u003Ctr\u003E\u003Ctd valign=\u0022top\u0022\u003E\u003Cp\u003EWo\u00ebvre, Pays de Montm\u00e9dy\u003C\/p\u003E\u003C\/td\u003E\u003Ctd\u003E\u003Cp align=\u0022center\u0022\u003E5 240\u003C\/p\u003E\u003C\/td\u003E\u003Ctd\u003E\u003Cp align=\u0022center\u0022\u003E3 000\u003C\/p\u003E\u003C\/td\u003E\u003Ctd\u003E\u003Cp align=\u0022center\u0022\u003E7 000\u003C\/p\u003E\u003C\/td\u003E\u003C\/tr\u003E\u003Ctr\u003E\u003Ctd valign=\u0022top\u0022\u003E\u003Cul\u003E\u003Cli\u003E\u003Cstrong\u003EMoselle\u003C\/strong\u003E\u003C\/li\u003E\u003C\/ul\u003E\u003C\/td\u003E\u003Ctd\u003E\u003Cp align=\u0022center\u0022\u003E\u0026nbsp;\u003C\/p\u003E\u003C\/td\u003E\u003Ctd\u003E\u003Cp align=\u0022center\u0022\u003E\u0026nbsp;\u003C\/p\u003E\u003C\/td\u003E\u003Ctd\u003E\u003Cp align=\u0022center\u0022\u003E\u0026nbsp;\u003C\/p\u003E\u003C\/td\u003E\u003C\/tr\u003E\u003Ctr\u003E\u003Ctd valign=\u0022top\u0022\u003E\u003Cp\u003EWarndt, Montagne Vosgienne, Plateau Lorrain Nord\u003C\/p\u003E\u003C\/td\u003E\u003Ctd\u003E\u003Cp align=\u0022center\u0022\u003E5 340\u003C\/p\u003E\u003C\/td\u003E\u003Ctd\u003E\u003Cp align=\u0022center\u0022\u003E1 930\u003C\/p\u003E\u003C\/td\u003E\u003Ctd\u003E\u003Cp align=\u0022center\u0022\u003E9 840\u003C\/p\u003E\u003C\/td\u003E\u003C\/tr\u003E\u003Ctr\u003E\u003Ctd valign=\u0022top\u0022\u003E\u003Cp\u003EVall\u00e9e de la Moselle, Plateau Lorrain Sud, Pays Haut Lorrain\u003C\/p\u003E\u003C\/td\u003E\u003Ctd\u003E\u003Cp align=\u0022center\u0022\u003E6 040\u003C\/p\u003E\u003C\/td\u003E\u003Ctd\u003E\u003Cp align=\u0022center\u0022\u003E2 080\u003C\/p\u003E\u003C\/td\u003E\u003Ctd\u003E\u003Cp align=\u0022center\u0022\u003E10 530\u003C\/p\u003E\u003C\/td\u003E\u003C\/tr\u003E\u003Ctr\u003E\u003Ctd valign=\u0022top\u0022\u003E\u003Cul\u003E\u003Cli\u003E\u003Cstrong\u003EVosges\u003C\/strong\u003E\u003C\/li\u003E\u003C\/ul\u003E\u003C\/td\u003E\u003Ctd\u003E\u003Cp align=\u0022center\u0022\u003E\u0026nbsp;\u003C\/p\u003E\u003C\/td\u003E\u003Ctd\u003E\u003Cp align=\u0022center\u0022\u003E\u0026nbsp;\u003C\/p\u003E\u003C\/td\u003E\u003Ctd\u003E\u003Cp align=\u0022center\u0022\u003E\u0026nbsp;\u003C\/p\u003E\u003C\/td\u003E\u003C\/tr\u003E\u003Ctr\u003E\u003Ctd valign=\u0022top\u0022\u003E\u003Cp\u003EPlateau Lorrain\u003C\/p\u003E\u003C\/td\u003E\u003Ctd\u003E\u003Cp align=\u0022center\u0022\u003E3 730\u003C\/p\u003E\u003C\/td\u003E\u003Ctd\u003E\u003Cp align=\u0022center\u0022\u003E1 760\u003C\/p\u003E\u003C\/td\u003E\u003Ctd\u003E\u003Cp align=\u0022center\u0022\u003E7 440\u003C\/p\u003E\u003C\/td\u003E\u003C\/tr\u003E\u003Ctr\u003E\u003Ctd valign=\u0022top\u0022\u003E\u003Cp\u003EMontagne Vosgienne, Voge\u003C\/p\u003E\u003C\/td\u003E\u003Ctd\u003E\u003Cp align=\u0022center\u0022\u003E3 540\u003C\/p\u003E\u003C\/td\u003E\u003Ctd\u003E\u003Cp align=\u0022center\u0022\u003E1 450\u003C\/p\u003E\u003C\/td\u003E\u003Ctd\u003E\u003Cp align=\u0022center\u0022\u003E9 700\u003C\/p\u003E\u003C\/td\u003E\u003C\/tr\u003E\u003Ctr\u003E\u003Ctd valign=\u0022top\u0022\u003E\u003Cp\u003ELa Haye, Chatenois, C\u00f4te de Meuse, Barrois\u003C\/p\u003E\u003C\/td\u003E\u003Ctd\u003E\u003Cp align=\u0022center\u0022\u003E3 390\u003C\/p\u003E\u003C\/td\u003E\u003Ctd\u003E\u003Cp align=\u0022center\u0022\u003E1 630\u003C\/p\u003E\u003C\/td\u003E\u003Ctd\u003E\u003Cp align=\u0022center\u0022\u003E8 610\u003C\/p\u003E\u003C\/td\u003E\u003C\/tr\u003E\u003Ctr\u003E\u003Ctd valign=\u0022top\u0022\u003E\u003Cp\u003E\u003Cstrong\u003EHauts-de-France\u003C\/strong\u003E\u003C\/p\u003E\u003C\/td\u003E\u003Ctd\u003E\u003Cp align=\u0022center\u0022\u003E\u0026nbsp;\u003C\/p\u003E\u003C\/td\u003E\u003Ctd\u003E\u003Cp align=\u0022center\u0022\u003E\u0026nbsp;\u003C\/p\u003E\u003C\/td\u003E\u003Ctd\u003E\u003Cp align=\u0022center\u0022\u003E\u0026nbsp;\u003C\/p\u003E\u003C\/td\u003E\u003C\/tr\u003E\u003Ctr\u003E\u003Ctd valign=\u0022top\u0022\u003E\u003Cul\u003E\u003Cli\u003E\u003Cstrong\u003EAisne\u003C\/strong\u003E\u003C\/li\u003E\u003C\/ul\u003E\u003C\/td\u003E\u003Ctd\u003E\u003Cp align=\u0022center\u0022\u003E\u0026nbsp;\u003C\/p\u003E\u003C\/td\u003E\u003Ctd\u003E\u003Cp align=\u0022center\u0022\u003E\u0026nbsp;\u003C\/p\u003E\u003C\/td\u003E\u003Ctd\u003E\u003Cp align=\u0022center\u0022\u003E\u0026nbsp;\u003C\/p\u003E\u003C\/td\u003E\u003C\/tr\u003E\u003Ctr\u003E\u003Ctd valign=\u0022top\u0022\u003E\u003Cp\u003ESaint-Quentinois et Laonnois, Champagne\u003C\/p\u003E\u003C\/td\u003E\u003Ctd\u003E\u003Cp align=\u0022center\u0022\u003E14 000\u003C\/p\u003E\u003C\/td\u003E\u003Ctd\u003E\u003Cp align=\u0022center\u0022\u003E4 490\u003C\/p\u003E\u003C\/td\u003E\u003Ctd\u003E\u003Cp align=\u0022center\u0022\u003E20 000\u003C\/p\u003E\u003C\/td\u003E\u003C\/tr\u003E\u003Ctr\u003E\u003Ctd valign=\u0022top\u0022\u003E\u003Cp\u003ETardenois et Brie\u003C\/p\u003E\u003C\/td\u003E\u003Ctd\u003E\u003Cp align=\u0022center\u0022\u003E10 130\u003C\/p\u003E\u003C\/td\u003E\u003Ctd\u003E\u003Cp align=\u0022center\u0022\u003E2 820\u003C\/p\u003E\u003C\/td\u003E\u003Ctd\u003E\u003Cp align=\u0022center\u0022\u003E13 000\u003C\/p\u003E\u003C\/td\u003E\u003C\/tr\u003E\u003Ctr\u003E\u003Ctd valign=\u0022top\u0022\u003E\u003Cp\u003ESoissonnais, Valois\u003C\/p\u003E\u003C\/td\u003E\u003Ctd\u003E\u003Cp align=\u0022center\u0022\u003E8 680\u003C\/p\u003E\u003C\/td\u003E\u003Ctd\u003E\u003Cp align=\u0022center\u0022\u003E3 370\u003C\/p\u003E\u003C\/td\u003E\u003Ctd\u003E\u003Cp align=\u0022center\u0022\u003E15 700\u003C\/p\u003E\u003C\/td\u003E\u003C\/tr\u003E\u003Ctr\u003E\u003Ctd valign=\u0022top\u0022\u003E\u003Cp\u003EThi\u00e9rache\u003C\/p\u003E\u003C\/td\u003E\u003Ctd\u003E\u003Cp align=\u0022center\u0022\u003E8 630\u003C\/p\u003E\u003C\/td\u003E\u003Ctd\u003E\u003Cp align=\u0022center\u0022\u003E3 580\u003C\/p\u003E\u003C\/td\u003E\u003Ctd\u003E\u003Cp align=\u0022center\u0022\u003E17 430\u003C\/p\u003E\u003C\/td\u003E\u003C\/tr\u003E\u003Ctr\u003E\u003Ctd valign=\u0022top\u0022\u003E\u003Cul\u003E\u003Cli\u003E\u003Cstrong\u003ENord\u003C\/strong\u003E\u003C\/li\u003E\u003C\/ul\u003E\u003C\/td\u003E\u003Ctd\u003E\u003Cp align=\u0022center\u0022\u003E\u0026nbsp;\u003C\/p\u003E\u003C\/td\u003E\u003Ctd\u003E\u003Cp align=\u0022center\u0022\u003E\u0026nbsp;\u003C\/p\u003E\u003C\/td\u003E\u003Ctd\u003E\u003Cp align=\u0022center\u0022\u003E\u0026nbsp;\u003C\/p\u003E\u003C\/td\u003E\u003C\/tr\u003E\u003Ctr\u003E\u003Ctd valign=\u0022top\u0022\u003E\u003Cp\u003EFlandre Int\u00e9rieure, Flandre Maritime\u003C\/p\u003E\u003C\/td\u003E\u003Ctd\u003E\u003Cp align=\u0022center\u0022\u003E14 910\u003C\/p\u003E\u003C\/td\u003E\u003Ctd\u003E\u003Cp align=\u0022center\u0022\u003E4 810\u003C\/p\u003E\u003C\/td\u003E\u003Ctd\u003E\u003Cp align=\u0022center\u0022\u003E41 550\u003C\/p\u003E\u003C\/td\u003E\u003C\/tr\u003E\u003Ctr\u003E\u003Ctd valign=\u0022top\u0022\u003E\u003Cp\u003ER\u00e9gion de Lille, P\u00e9v\u00e8le\u003C\/p\u003E\u003C\/td\u003E\u003Ctd\u003E\u003Cp align=\u0022center\u0022\u003E13 800\u003C\/p\u003E\u003C\/td\u003E\u003Ctd\u003E\u003Cp align=\u0022center\u0022\u003E3 880\u003C\/p\u003E\u003C\/td\u003E\u003Ctd\u003E\u003Cp align=\u0022center\u0022\u003E25 000\u003C\/p\u003E\u003C\/td\u003E\u003C\/tr\u003E\u003Ctr\u003E\u003Ctd valign=\u0022top\u0022\u003E\u003Cp\u003EPlaine de la Scarpe\u003C\/p\u003E\u003C\/td\u003E\u003Ctd\u003E\u003Cp align=\u0022center\u0022\u003E12 360\u003C\/p\u003E\u003C\/td\u003E\u003Ctd\u003E\u003Cp align=\u0022center\u0022\u003E3 000\u003C\/p\u003E\u003C\/td\u003E\u003Ctd\u003E\u003Cp align=\u0022center\u0022\u003E29 330\u003C\/p\u003E\u003C\/td\u003E\u003C\/tr\u003E\u003Ctr\u003E\u003Ctd valign=\u0022top\u0022\u003E\u003Cp\u003EHainaut\u003C\/p\u003E\u003C\/td\u003E\u003Ctd\u003E\u003Cp align=\u0022center\u0022\u003E13 030\u003C\/p\u003E\u003C\/td\u003E\u003Ctd\u003E\u003Cp align=\u0022center\u0022\u003E3 860\u003C\/p\u003E\u003C\/td\u003E\u003Ctd\u003E\u003Cp align=\u0022center\u0022\u003E26 830\u003C\/p\u003E\u003C\/td\u003E\u003C\/tr\u003E\u003Ctr\u003E\u003Ctd valign=\u0022top\u0022\u003E\u003Cp\u003EThi\u00e9rache\u003C\/p\u003E\u003C\/td\u003E\u003Ctd\u003E\u003Cp align=\u0022center\u0022\u003E9 940\u003C\/p\u003E\u003C\/td\u003E\u003Ctd\u003E\u003Cp align=\u0022center\u0022\u003E4 150\u003C\/p\u003E\u003C\/td\u003E\u003Ctd\u003E\u003Cp align=\u0022center\u0022\u003E20 120\u003C\/p\u003E\u003C\/td\u003E\u003C\/tr\u003E\u003Ctr\u003E\u003Ctd valign=\u0022top\u0022\u003E\u003Cp\u003EPlaine de la Lys\u003C\/p\u003E\u003C\/td\u003E\u003Ctd\u003E\u003Cp align=\u0022center\u0022\u003E13 570\u003C\/p\u003E\u003C\/td\u003E\u003Ctd\u003E\u003Cp align=\u0022center\u0022\u003E4 490\u003C\/p\u003E\u003C\/td\u003E\u003Ctd\u003E\u003Cp align=\u0022center\u0022\u003E25 480\u003C\/p\u003E\u003C\/td\u003E\u003C\/tr\u003E\u003Ctr\u003E\u003Ctd valign=\u0022top\u0022\u003E\u003Cp\u003ECambraisis\u003C\/p\u003E\u003C\/td\u003E\u003Ctd\u003E\u003Cp align=\u0022center\u0022\u003E13 980\u003C\/p\u003E\u003C\/td\u003E\u003Ctd\u003E\u003Cp align=\u0022center\u0022\u003E4 560\u003C\/p\u003E\u003C\/td\u003E\u003Ctd\u003E\u003Cp align=\u0022center\u0022\u003E24 790\u003C\/p\u003E\u003C\/td\u003E\u003C\/tr\u003E\u003Ctr\u003E\u003Ctd valign=\u0022top\u0022\u003E\u003Cul\u003E\u003Cli\u003E\u003Cstrong\u003EOise\u003C\/strong\u003E\u003C\/li\u003E\u003C\/ul\u003E\u003C\/td\u003E\u003Ctd\u003E\u003Cp align=\u0022center\u0022\u003E\u0026nbsp;\u003C\/p\u003E\u003C\/td\u003E\u003Ctd\u003E\u003Cp align=\u0022center\u0022\u003E\u0026nbsp;\u003C\/p\u003E\u003C\/td\u003E\u003Ctd\u003E\u003Cp align=\u0022center\u0022\u003E\u0026nbsp;\u003C\/p\u003E\u003C\/td\u003E\u003C\/tr\u003E\u003Ctr\u003E\u003Ctd valign=\u0022top\u0022\u003E\u003Cp\u003EPlateau Picard\u003C\/p\u003E\u003C\/td\u003E\u003Ctd\u003E\u003Cp align=\u0022center\u0022\u003E8 830\u003C\/p\u003E\u003C\/td\u003E\u003Ctd\u003E\u003Cp align=\u0022center\u0022\u003E3 360\u003C\/p\u003E\u003C\/td\u003E\u003Ctd\u003E\u003Cp align=\u0022center\u0022\u003E15 800\u003C\/p\u003E\u003C\/td\u003E\u003C\/tr\u003E\u003Ctr\u003E\u003Ctd valign=\u0022top\u0022\u003E\u003Cp\u003ENoyonnais, Soissonnais\u003C\/p\u003E\u003C\/td\u003E\u003Ctd\u003E\u003Cp align=\u0022center\u0022\u003E8 990\u003C\/p\u003E\u003C\/td\u003E\u003Ctd\u003E\u003Cp align=\u0022center\u0022\u003E4 420\u003C\/p\u003E\u003C\/td\u003E\u003Ctd\u003E\u003Cp align=\u0022center\u0022\u003E18 000\u003C\/p\u003E\u003C\/td\u003E\u003C\/tr\u003E\u003Ctr\u003E\u003Ctd valign=\u0022top\u0022\u003E\u003Cp\u003EValois et Multien\u003C\/p\u003E\u003C\/td\u003E\u003Ctd\u003E\u003Cp align=\u0022center\u0022\u003E11 670\u003C\/p\u003E\u003C\/td\u003E\u003Ctd\u003E\u003Cp align=\u0022center\u0022\u003E3 860\u003C\/p\u003E\u003C\/td\u003E\u003Ctd\u003E\u003Cp align=\u0022center\u0022\u003E20 570\u003C\/p\u003E\u003C\/td\u003E\u003C\/tr\u003E\u003Ctr\u003E\u003Ctd valign=\u0022top\u0022\u003E\u003Cp\u003EPays de Bray\u003C\/p\u003E\u003C\/td\u003E\u003Ctd\u003E\u003Cp align=\u0022center\u0022\u003E7 450\u003C\/p\u003E\u003C\/td\u003E\u003Ctd\u003E\u003Cp align=\u0022center\u0022\u003E3 510\u003C\/p\u003E\u003C\/td\u003E\u003Ctd\u003E\u003Cp align=\u0022center\u0022\u003E13 610\u003C\/p\u003E\u003C\/td\u003E\u003C\/tr\u003E\u003Ctr\u003E\u003Ctd valign=\u0022top\u0022\u003E\u003Cp\u003EVexin, Pays de Thelle, Clermontois\u003C\/p\u003E\u003C\/td\u003E\u003Ctd\u003E\u003Cp align=\u0022center\u0022\u003E10 250\u003C\/p\u003E\u003C\/td\u003E\u003Ctd\u003E\u003Cp align=\u0022center\u0022\u003E4 080\u003C\/p\u003E\u003C\/td\u003E\u003Ctd\u003E\u003Cp align=\u0022center\u0022\u003E20 000\u003C\/p\u003E\u003C\/td\u003E\u003C\/tr\u003E\u003Ctr\u003E\u003Ctd valign=\u0022top\u0022\u003E\u003Cul\u003E\u003Cli\u003E\u003Cstrong\u003EPas-de-Calais\u003C\/strong\u003E\u003C\/li\u003E\u003C\/ul\u003E\u003C\/td\u003E\u003Ctd\u003E\u003Cp align=\u0022center\u0022\u003E\u0026nbsp;\u003C\/p\u003E\u003C\/td\u003E\u003Ctd\u003E\u003Cp align=\u0022center\u0022\u003E\u0026nbsp;\u003C\/p\u003E\u003C\/td\u003E\u003Ctd\u003E\u003Cp align=\u0022center\u0022\u003E\u0026nbsp;\u003C\/p\u003E\u003C\/td\u003E\u003C\/tr\u003E\u003Ctr\u003E\u003Ctd valign=\u0022top\u0022\u003E\u003Cp\u003EBoulonnais\u003C\/p\u003E\u003C\/td\u003E\u003Ctd\u003E\u003Cp align=\u0022center\u0022\u003E10 780\u003C\/p\u003E\u003C\/td\u003E\u003Ctd\u003E\u003Cp align=\u0022center\u0022\u003E4 550\u003C\/p\u003E\u003C\/td\u003E\u003Ctd\u003E\u003Cp align=\u0022center\u0022\u003E22 550\u003C\/p\u003E\u003C\/td\u003E\u003C\/tr\u003E\u003Ctr\u003E\u003Ctd valign=\u0022top\u0022\u003E\u003Cp\u003EHaut Pays d\u2019Artois\u003C\/p\u003E\u003C\/td\u003E\u003Ctd\u003E\u003Cp align=\u0022center\u0022\u003E13 450\u003C\/p\u003E\u003C\/td\u003E\u003Ctd\u003E\u003Cp align=\u0022center\u0022\u003E5 520\u003C\/p\u003E\u003C\/td\u003E\u003Ctd\u003E\u003Cp align=\u0022center\u0022\u003E20 000\u003C\/p\u003E\u003C\/td\u003E\u003C\/tr\u003E\u003Ctr\u003E\u003Ctd valign=\u0022top\u0022\u003E\u003Cp\u003ETernois\u003C\/p\u003E\u003C\/td\u003E\u003Ctd\u003E\u003Cp align=\u0022center\u0022\u003E10 510\u003C\/p\u003E\u003C\/td\u003E\u003Ctd\u003E\u003Cp align=\u0022center\u0022\u003E5 000\u003C\/p\u003E\u003C\/td\u003E\u003Ctd\u003E\u003Cp align=\u0022center\u0022\u003E23 390\u003C\/p\u003E\u003C\/td\u003E\u003C\/tr\u003E\u003Ctr\u003E\u003Ctd valign=\u0022top\u0022\u003E\u003Cp\u003EPays de Montreuil, Bas Champs Picards\u003C\/p\u003E\u003C\/td\u003E\u003Ctd\u003E\u003Cp align=\u0022center\u0022\u003E12 140\u003C\/p\u003E\u003C\/td\u003E\u003Ctd\u003E\u003Cp align=\u0022center\u0022\u003E4 240\u003C\/p\u003E\u003C\/td\u003E\u003Ctd\u003E\u003Cp align=\u0022center\u0022\u003E25 000\u003C\/p\u003E\u003C\/td\u003E\u003C\/tr\u003E\u003Ctr\u003E\u003Ctd valign=\u0022top\u0022\u003E\u003Cp\u003EArtois\u003C\/p\u003E\u003C\/td\u003E\u003Ctd\u003E\u003Cp align=\u0022center\u0022\u003E13 970\u003C\/p\u003E\u003C\/td\u003E\u003Ctd\u003E\u003Cp align=\u0022center\u0022\u003E5 000\u003C\/p\u003E\u003C\/td\u003E\u003Ctd\u003E\u003Cp align=\u0022center\u0022\u003E21 700\u003C\/p\u003E\u003C\/td\u003E\u003C\/tr\u003E\u003Ctr\u003E\u003Ctd valign=\u0022top\u0022\u003E\u003Cp\u003EWateringues, Collines Guinoises\u003C\/p\u003E\u003C\/td\u003E\u003Ctd\u003E\u003Cp align=\u0022center\u0022\u003E14 940\u003C\/p\u003E\u003C\/td\u003E\u003Ctd\u003E\u003Cp align=\u0022center\u0022\u003E5 620\u003C\/p\u003E\u003C\/td\u003E\u003Ctd\u003E\u003Cp align=\u0022center\u0022\u003E30 380\u003C\/p\u003E\u003C\/td\u003E\u003C\/tr\u003E\u003Ctr\u003E\u003Ctd valign=\u0022top\u0022\u003E\u003Cp\u003EPays d\u2019Aire, Plaine de la Lys, B\u00e9thunois\u003C\/p\u003E\u003C\/td\u003E\u003Ctd\u003E\u003Cp align=\u0022center\u0022\u003E14 980\u003C\/p\u003E\u003C\/td\u003E\u003Ctd\u003E\u003Cp align=\u0022center\u0022\u003E5 200\u003C\/p\u003E\u003C\/td\u003E\u003Ctd\u003E\u003Cp align=\u0022center\u0022\u003E23 650\u003C\/p\u003E\u003C\/td\u003E\u003C\/tr\u003E\u003Ctr\u003E\u003Ctd valign=\u0022top\u0022\u003E\u003Cul\u003E\u003Cli\u003E\u003Cstrong\u003ESomme\u003C\/strong\u003E\u003C\/li\u003E\u003C\/ul\u003E\u003C\/td\u003E\u003Ctd\u003E\u003Cp align=\u0022center\u0022\u003E\u0026nbsp;\u003C\/p\u003E\u003C\/td\u003E\u003Ctd\u003E\u003Cp align=\u0022center\u0022\u003E\u0026nbsp;\u003C\/p\u003E\u003C\/td\u003E\u003Ctd\u003E\u003Cp align=\u0022center\u0022\u003E\u0026nbsp;\u003C\/p\u003E\u003C\/td\u003E\u003C\/tr\u003E\u003Ctr\u003E\u003Ctd valign=\u0022top\u0022\u003E\u003Cp\u003ESanterre\u003C\/p\u003E\u003C\/td\u003E\u003Ctd\u003E\u003Cp align=\u0022center\u0022\u003E11 170\u003C\/p\u003E\u003C\/td\u003E\u003Ctd\u003E\u003Cp align=\u0022center\u0022\u003E4 690\u003C\/p\u003E\u003C\/td\u003E\u003Ctd\u003E\u003Cp align=\u0022center\u0022\u003E25 480\u003C\/p\u003E\u003C\/td\u003E\u003C\/tr\u003E\u003Ctr\u003E\u003Ctd valign=\u0022top\u0022\u003E\u003Cp\u003EPonthieu\u003C\/p\u003E\u003C\/td\u003E\u003Ctd\u003E\u003Cp align=\u0022center\u0022\u003E9 160\u003C\/p\u003E\u003C\/td\u003E\u003Ctd\u003E\u003Cp align=\u0022center\u0022\u003E4 810\u003C\/p\u003E\u003C\/td\u003E\u003Ctd\u003E\u003Cp align=\u0022center\u0022\u003E18 670\u003C\/p\u003E\u003C\/td\u003E\u003C\/tr\u003E\u003Ctr\u003E\u003Ctd valign=\u0022top\u0022\u003E\u003Cp\u003EVimeu, Marquenterre\u003C\/p\u003E\u003C\/td\u003E\u003Ctd\u003E\u003Cp align=\u0022center\u0022\u003E9 100\u003C\/p\u003E\u003C\/td\u003E\u003Ctd\u003E\u003Cp align=\u0022center\u0022\u003E4 000\u003C\/p\u003E\u003C\/td\u003E\u003Ctd\u003E\u003Cp align=\u0022center\u0022\u003E20 000\u003C\/p\u003E\u003C\/td\u003E\u003C\/tr\u003E\u003Ctr\u003E\u003Ctd valign=\u0022top\u0022\u003E\u003Cp\u003EPlateau Picard\u003C\/p\u003E\u003C\/td\u003E\u003Ctd\u003E\u003Cp align=\u0022center\u0022\u003E10 960\u003C\/p\u003E\u003C\/td\u003E\u003Ctd\u003E\u003Cp align=\u0022center\u0022\u003E4 220\u003C\/p\u003E\u003C\/td\u003E\u003Ctd\u003E\u003Cp align=\u0022center\u0022\u003E18 000\u003C\/p\u003E\u003C\/td\u003E\u003C\/tr\u003E\u003Ctr\u003E\u003Ctd valign=\u0022top\u0022\u003E\u003Cp\u003E\u003Cstrong\u003EIle-de-France\u003C\/strong\u003E\u003C\/p\u003E\u003C\/td\u003E\u003Ctd\u003E\u003Cp align=\u0022center\u0022\u003E\u0026nbsp;\u003C\/p\u003E\u003C\/td\u003E\u003Ctd\u003E\u003Cp align=\u0022center\u0022\u003E\u0026nbsp;\u003C\/p\u003E\u003C\/td\u003E\u003Ctd\u003E\u003Cp align=\u0022center\u0022\u003E\u0026nbsp;\u003C\/p\u003E\u003C\/td\u003E\u003C\/tr\u003E\u003Ctr\u003E\u003Ctd valign=\u0022top\u0022\u003E\u003Cul\u003E\u003Cli\u003E\u003Cstrong\u003ESeine-et-Marne\u003C\/strong\u003E\u003C\/li\u003E\u003C\/ul\u003E\u003C\/td\u003E\u003Ctd\u003E\u003Cp align=\u0022center\u0022\u003E\u0026nbsp;\u003C\/p\u003E\u003C\/td\u003E\u003Ctd\u003E\u003Cp align=\u0022center\u0022\u003E\u0026nbsp;\u003C\/p\u003E\u003C\/td\u003E\u003Ctd\u003E\u003Cp align=\u0022center\u0022\u003E\u0026nbsp;\u003C\/p\u003E\u003C\/td\u003E\u003C\/tr\u003E\u003Ctr\u003E\u003Ctd valign=\u0022top\u0022\u003E\u003Cp\u003EP\u00e9riurbain et Vall\u00e9e\u003C\/p\u003E\u003C\/td\u003E\u003Ctd\u003E\u003Cp align=\u0022center\u0022\u003E8 140\u003C\/p\u003E\u003C\/td\u003E\u003Ctd\u003E\u003Cp align=\u0022center\u0022\u003E3 400\u003C\/p\u003E\u003C\/td\u003E\u003Ctd\u003E\u003Cp align=\u0022center\u0022\u003E20 460\u003C\/p\u003E\u003C\/td\u003E\u003C\/tr\u003E\u003Ctr\u003E\u003Ctd valign=\u0022top\u0022\u003E\u003Cp\u003EZone Sud\u003C\/p\u003E\u003C\/td\u003E\u003Ctd\u003E\u003Cp align=\u0022center\u0022\u003E7 040\u003C\/p\u003E\u003C\/td\u003E\u003Ctd\u003E\u003Cp align=\u0022center\u0022\u003E3 000\u003C\/p\u003E\u003C\/td\u003E\u003Ctd\u003E\u003Cp align=\u0022center\u0022\u003E18 350\u003C\/p\u003E\u003C\/td\u003E\u003C\/tr\u003E\u003Ctr\u003E\u003Ctd valign=\u0022top\u0022\u003E\u003Cp\u003EZone Nord\u003C\/p\u003E\u003C\/td\u003E\u003Ctd\u003E\u003Cp align=\u0022center\u0022\u003E8 170\u003C\/p\u003E\u003C\/td\u003E\u003Ctd\u003E\u003Cp align=\u0022center\u0022\u003E3 680\u003C\/p\u003E\u003C\/td\u003E\u003Ctd\u003E\u003Cp align=\u0022center\u0022\u003E20 810\u003C\/p\u003E\u003C\/td\u003E\u003C\/tr\u003E\u003Ctr\u003E\u003Ctd valign=\u0022top\u0022\u003E\u003Cul\u003E\u003Cli\u003E\u003Cstrong\u003EYvelines\u003C\/strong\u003E\u003C\/li\u003E\u003C\/ul\u003E\u003C\/td\u003E\u003Ctd\u003E\u003Cp align=\u0022center\u0022\u003E7 150\u003C\/p\u003E\u003C\/td\u003E\u003Ctd\u003E\u003Cp align=\u0022center\u0022\u003E2 810\u003C\/p\u003E\u003C\/td\u003E\u003Ctd\u003E\u003Cp align=\u0022center\u0022\u003E15 400\u003C\/p\u003E\u003C\/td\u003E\u003C\/tr\u003E\u003Ctr\u003E\u003Ctd valign=\u0022top\u0022\u003E\u003Cul\u003E\u003Cli\u003E\u003Cstrong\u003EEssonne\u003C\/strong\u003E\u003C\/li\u003E\u003C\/ul\u003E\u003C\/td\u003E\u003Ctd\u003E\u003Cp align=\u0022center\u0022\u003E9 090\u003C\/p\u003E\u003C\/td\u003E\u003Ctd\u003E\u003Cp align=\u0022center\u0022\u003E3 290\u003C\/p\u003E\u003C\/td\u003E\u003Ctd\u003E\u003Cp align=\u0022center\u0022\u003E15 000\u003C\/p\u003E\u003C\/td\u003E\u003C\/tr\u003E\u003Ctr\u003E\u003Ctd valign=\u0022top\u0022\u003E\u003Cul\u003E\u003Cli\u003E\u003Cstrong\u003EVal d\u2019Oise\u003C\/strong\u003E\u003C\/li\u003E\u003C\/ul\u003E\u003C\/td\u003E\u003Ctd\u003E\u003Cp align=\u0022center\u0022\u003E8 500\u003C\/p\u003E\u003C\/td\u003E\u003Ctd\u003E\u003Cp align=\u0022center\u0022\u003E4 000\u003C\/p\u003E\u003C\/td\u003E\u003Ctd\u003E\u003Cp align=\u0022center\u0022\u003E15 000\u003C\/p\u003E\u003C\/td\u003E\u003C\/tr\u003E\u003Ctr\u003E\u003Ctd valign=\u0022top\u0022\u003E\u003Cp\u003E\u003Cstrong\u003ENormandie\u003C\/strong\u003E\u003C\/p\u003E\u003C\/td\u003E\u003Ctd\u003E\u003Cp align=\u0022center\u0022\u003E\u0026nbsp;\u003C\/p\u003E\u003C\/td\u003E\u003Ctd\u003E\u003Cp align=\u0022center\u0022\u003E\u0026nbsp;\u003C\/p\u003E\u003C\/td\u003E\u003Ctd\u003E\u003Cp align=\u0022center\u0022\u003E\u0026nbsp;\u003C\/p\u003E\u003C\/td\u003E\u003C\/tr\u003E\u003Ctr\u003E\u003Ctd valign=\u0022top\u0022\u003E\u003Cul\u003E\u003Cli\u003E\u003Cstrong\u003ECalvados\u003C\/strong\u003E\u003C\/li\u003E\u003C\/ul\u003E\u003C\/td\u003E\u003Ctd\u003E\u003Cp align=\u0022center\u0022\u003E\u0026nbsp;\u003C\/p\u003E\u003C\/td\u003E\u003Ctd\u003E\u003Cp align=\u0022center\u0022\u003E\u0026nbsp;\u003C\/p\u003E\u003C\/td\u003E\u003Ctd\u003E\u003Cp align=\u0022center\u0022\u003E\u0026nbsp;\u003C\/p\u003E\u003C\/td\u003E\u003C\/tr\u003E\u003Ctr\u003E\u003Ctd valign=\u0022top\u0022\u003E\u003Cp\u003EBessin\u003C\/p\u003E\u003C\/td\u003E\u003Ctd\u003E\u003Cp align=\u0022center\u0022\u003E9 300\u003C\/p\u003E\u003C\/td\u003E\u003Ctd\u003E\u003Cp align=\u0022center\u0022\u003E4 570\u003C\/p\u003E\u003C\/td\u003E\u003Ctd\u003E\u003Cp align=\u0022center\u0022\u003E16 490\u003C\/p\u003E\u003C\/td\u003E\u003C\/tr\u003E\u003Ctr\u003E\u003Ctd valign=\u0022top\u0022\u003E\u003Cp\u003EBocage\u003C\/p\u003E\u003C\/td\u003E\u003Ctd\u003E\u003Cp align=\u0022center\u0022\u003E7 870\u003C\/p\u003E\u003C\/td\u003E\u003Ctd\u003E\u003Cp align=\u0022center\u0022\u003E3 200\u003C\/p\u003E\u003C\/td\u003E\u003Ctd\u003E\u003Cp align=\u0022center\u0022\u003E13 070\u003C\/p\u003E\u003C\/td\u003E\u003C\/tr\u003E\u003Ctr\u003E\u003Ctd valign=\u0022top\u0022\u003E\u003Cp\u003EPays d\u2019Auge Nord\u003C\/p\u003E\u003C\/td\u003E\u003Ctd\u003E\u003Cp align=\u0022center\u0022\u003E10 620\u003C\/p\u003E\u003C\/td\u003E\u003Ctd\u003E\u003Cp align=\u0022center\u0022\u003E4 830\u003C\/p\u003E\u003C\/td\u003E\u003Ctd\u003E\u003Cp align=\u0022center\u0022\u003E20 330\u003C\/p\u003E\u003C\/td\u003E\u003C\/tr\u003E\u003Ctr\u003E\u003Ctd valign=\u0022top\u0022\u003E\u003Cp\u003EPlaine de Caen Nord\u003C\/p\u003E\u003C\/td\u003E\u003Ctd\u003E\u003Cp align=\u0022center\u0022\u003E13 590\u003C\/p\u003E\u003C\/td\u003E\u003Ctd\u003E\u003Cp align=\u0022center\u0022\u003E6 900\u003C\/p\u003E\u003C\/td\u003E\u003Ctd\u003E\u003Cp align=\u0022center\u0022\u003E21 590\u003C\/p\u003E\u003C\/td\u003E\u003C\/tr\u003E\u003Ctr\u003E\u003Ctd valign=\u0022top\u0022\u003E\u003Cp\u003EPays d\u2019Auge Sud\u003C\/p\u003E\u003C\/td\u003E\u003Ctd\u003E\u003Cp align=\u0022center\u0022\u003E9 760\u003C\/p\u003E\u003C\/td\u003E\u003Ctd\u003E\u003Cp align=\u0022center\u0022\u003E4 160\u003C\/p\u003E\u003C\/td\u003E\u003Ctd\u003E\u003Cp align=\u0022center\u0022\u003E15 330\u003C\/p\u003E\u003C\/td\u003E\u003C\/tr\u003E\u003Ctr\u003E\u003Ctd valign=\u0022top\u0022\u003E\u003Cp\u003EPlaine de Caen Sud\u003C\/p\u003E\u003C\/td\u003E\u003Ctd\u003E\u003Cp align=\u0022center\u0022\u003E11 660\u003C\/p\u003E\u003C\/td\u003E\u003Ctd\u003E\u003Cp align=\u0022center\u0022\u003E5 360\u003C\/p\u003E\u003C\/td\u003E\u003Ctd\u003E\u003Cp align=\u0022center\u0022\u003E16 750\u003C\/p\u003E\u003C\/td\u003E\u003C\/tr\u003E\u003Ctr\u003E\u003Ctd valign=\u0022top\u0022\u003E\u003Cul\u003E\u003Cli\u003E\u003Cstrong\u003EEure\u003C\/strong\u003E\u003C\/li\u003E\u003C\/ul\u003E\u003C\/td\u003E\u003Ctd\u003E\u003Cp align=\u0022center\u0022\u003E\u0026nbsp;\u003C\/p\u003E\u003C\/td\u003E\u003Ctd\u003E\u003Cp align=\u0022center\u0022\u003E\u0026nbsp;\u003C\/p\u003E\u003C\/td\u003E\u003Ctd\u003E\u003Cp align=\u0022center\u0022\u003E\u0026nbsp;\u003C\/p\u003E\u003C\/td\u003E\u003C\/tr\u003E\u003Ctr\u003E\u003Ctd valign=\u0022top\u0022\u003E\u003Cp\u003ELieuvin, Pays d\u2019Auge\u003C\/p\u003E\u003C\/td\u003E\u003Ctd\u003E\u003Cp align=\u0022center\u0022\u003E9 550\u003C\/p\u003E\u003C\/td\u003E\u003Ctd\u003E\u003Cp align=\u0022center\u0022\u003E3 970\u003C\/p\u003E\u003C\/td\u003E\u003Ctd\u003E\u003Cp align=\u0022center\u0022\u003E17 580\u003C\/p\u003E\u003C\/td\u003E\u003C\/tr\u003E\u003Ctr\u003E\u003Ctd valign=\u0022top\u0022\u003E\u003Cp\u003EPlateau d\u2019Evreux Saint-Andr\u00e9\u003C\/p\u003E\u003C\/td\u003E\u003Ctd\u003E\u003Cp align=\u0022center\u0022\u003E8 580\u003C\/p\u003E\u003C\/td\u003E\u003Ctd\u003E\u003Cp align=\u0022center\u0022\u003E3 330\u003C\/p\u003E\u003C\/td\u003E\u003Ctd\u003E\u003Cp align=\u0022center\u0022\u003E17 960\u003C\/p\u003E\u003C\/td\u003E\u003C\/tr\u003E\u003Ctr\u003E\u003Ctd valign=\u0022top\u0022\u003E\u003Cp\u003EPays d\u2019Ouche, Perche\u003C\/p\u003E\u003C\/td\u003E\u003Ctd\u003E\u003Cp align=\u0022center\u0022\u003E8 820\u003C\/p\u003E\u003C\/td\u003E\u003Ctd\u003E\u003Cp align=\u0022center\u0022\u003E3 910\u003C\/p\u003E\u003C\/td\u003E\u003Ctd\u003E\u003Cp align=\u0022center\u0022\u003E20 720\u003C\/p\u003E\u003C\/td\u003E\u003C\/tr\u003E\u003Ctr\u003E\u003Ctd valign=\u0022top\u0022\u003E\u003Cp\u003EVexin Normand, Vexin Bossu\u003C\/p\u003E\u003C\/td\u003E\u003Ctd\u003E\u003Cp align=\u0022center\u0022\u003E8 570\u003C\/p\u003E\u003C\/td\u003E\u003Ctd\u003E\u003Cp align=\u0022center\u0022\u003E4 000\u003C\/p\u003E\u003C\/td\u003E\u003Ctd\u003E\u003Cp align=\u0022center\u0022\u003E22 290\u003C\/p\u003E\u003C\/td\u003E\u003C\/tr\u003E\u003Ctr\u003E\u003Ctd valign=\u0022top\u0022\u003E\u003Cp\u003ERoumois, Neubourg, Marais Vernier\u003C\/p\u003E\u003C\/td\u003E\u003Ctd\u003E\u003Cp align=\u0022center\u0022\u003E11 700\u003C\/p\u003E\u003C\/td\u003E\u003Ctd\u003E\u003Cp align=\u0022center\u0022\u003E5 640\u003C\/p\u003E\u003C\/td\u003E\u003Ctd\u003E\u003Cp align=\u0022center\u0022\u003E18 910\u003C\/p\u003E\u003C\/td\u003E\u003C\/tr\u003E\u003Ctr\u003E\u003Ctd valign=\u0022top\u0022\u003E\u003Cp\u003EEntre Madrie et Lyons\u003C\/p\u003E\u003C\/td\u003E\u003Ctd\u003E\u003Cp align=\u0022center\u0022\u003E10 440\u003C\/p\u003E\u003C\/td\u003E\u003Ctd\u003E\u003Cp align=\u0022center\u0022\u003E3 980\u003C\/p\u003E\u003C\/td\u003E\u003Ctd\u003E\u003Cp align=\u0022center\u0022\u003E25 880\u003C\/p\u003E\u003C\/td\u003E\u003C\/tr\u003E\u003Ctr\u003E\u003Ctd valign=\u0022top\u0022\u003E\u003Cul\u003E\u003Cli\u003E\u003Cstrong\u003EManche\u003C\/strong\u003E\u003C\/li\u003E\u003C\/ul\u003E\u003C\/td\u003E\u003Ctd\u003E\u003Cp align=\u0022center\u0022\u003E\u0026nbsp;\u003C\/p\u003E\u003C\/td\u003E\u003Ctd\u003E\u003Cp align=\u0022center\u0022\u003E\u0026nbsp;\u003C\/p\u003E\u003C\/td\u003E\u003Ctd\u003E\u003Cp align=\u0022center\u0022\u003E\u0026nbsp;\u003C\/p\u003E\u003C\/td\u003E\u003C\/tr\u003E\u003Ctr\u003E\u003Ctd valign=\u0022top\u0022\u003E\u003Cp\u003ELa Hague, Bocage de Valognes\u003C\/p\u003E\u003C\/td\u003E\u003Ctd\u003E\u003Cp align=\u0022center\u0022\u003E6 500\u003C\/p\u003E\u003C\/td\u003E\u003Ctd\u003E\u003Cp align=\u0022center\u0022\u003E3 000\u003C\/p\u003E\u003C\/td\u003E\u003Ctd\u003E\u003Cp align=\u0022center\u0022\u003E10 700\u003C\/p\u003E\u003C\/td\u003E\u003C\/tr\u003E\u003Ctr\u003E\u003Ctd valign=\u0022top\u0022\u003E\u003Cp\u003EVal de Saire\u003C\/p\u003E\u003C\/td\u003E\u003Ctd\u003E\u003Cp align=\u0022center\u0022\u003E6 920\u003C\/p\u003E\u003C\/td\u003E\u003Ctd\u003E\u003Cp align=\u0022center\u0022\u003E3 170\u003C\/p\u003E\u003C\/td\u003E\u003Ctd\u003E\u003Cp align=\u0022center\u0022\u003E11 740\u003C\/p\u003E\u003C\/td\u003E\u003C\/tr\u003E\u003Ctr\u003E\u003Ctd valign=\u0022top\u0022\u003E\u003Cp\u003ECotentin\u003C\/p\u003E\u003C\/td\u003E\u003Ctd\u003E\u003Cp align=\u0022center\u0022\u003E7 360\u003C\/p\u003E\u003C\/td\u003E\u003Ctd\u003E\u003Cp align=\u0022center\u0022\u003E3 410\u003C\/p\u003E\u003C\/td\u003E\u003Ctd\u003E\u003Cp align=\u0022center\u0022\u003E12 390\u003C\/p\u003E\u003C\/td\u003E\u003C\/tr\u003E\u003Ctr\u003E\u003Ctd valign=\u0022top\u0022\u003E\u003Cp\u003EBocage de Coutances et de Saint-L\u00f4\u003C\/p\u003E\u003C\/td\u003E\u003Ctd\u003E\u003Cp align=\u0022center\u0022\u003E7 970\u003C\/p\u003E\u003C\/td\u003E\u003Ctd\u003E\u003Cp align=\u0022center\u0022\u003E3 370\u003C\/p\u003E\u003C\/td\u003E\u003Ctd\u003E\u003Cp align=\u0022center\u0022\u003E11 900\u003C\/p\u003E\u003C\/td\u003E\u003C\/tr\u003E\u003Ctr\u003E\u003Ctd valign=\u0022top\u0022\u003E\u003Cp\u003EAvranchin\u003C\/p\u003E\u003C\/td\u003E\u003Ctd\u003E\u003Cp align=\u0022center\u0022\u003E9 470\u003C\/p\u003E\u003C\/td\u003E\u003Ctd\u003E\u003Cp align=\u0022center\u0022\u003E3 830\u003C\/p\u003E\u003C\/td\u003E\u003Ctd\u003E\u003Cp align=\u0022center\u0022\u003E13 410\u003C\/p\u003E\u003C\/td\u003E\u003C\/tr\u003E\u003Ctr\u003E\u003Ctd valign=\u0022top\u0022\u003E\u003Cp\u003ELe Mortainais\u003C\/p\u003E\u003C\/td\u003E\u003Ctd\u003E\u003Cp align=\u0022center\u0022\u003E8 370\u003C\/p\u003E\u003C\/td\u003E\u003Ctd\u003E\u003Cp align=\u0022center\u0022\u003E3 050\u003C\/p\u003E\u003C\/td\u003E\u003Ctd\u003E\u003Cp align=\u0022center\u0022\u003E13 340\u003C\/p\u003E\u003C\/td\u003E\u003C\/tr\u003E\u003Ctr\u003E\u003Ctd valign=\u0022top\u0022\u003E\u003Cul\u003E\u003Cli\u003E\u003Cstrong\u003EOrne\u003C\/strong\u003E\u003C\/li\u003E\u003C\/ul\u003E\u003C\/td\u003E\u003Ctd\u003E\u003Cp align=\u0022center\u0022\u003E\u0026nbsp;\u003C\/p\u003E\u003C\/td\u003E\u003Ctd\u003E\u003Cp align=\u0022center\u0022\u003E\u0026nbsp;\u003C\/p\u003E\u003C\/td\u003E\u003Ctd\u003E\u003Cp align=\u0022center\u0022\u003E\u0026nbsp;\u003C\/p\u003E\u003C\/td\u003E\u003C\/tr\u003E\u003Ctr\u003E\u003Ctd valign=\u0022top\u0022\u003E\u003Cp\u003EPerche Ornais\u003C\/p\u003E\u003C\/td\u003E\u003Ctd\u003E\u003Cp align=\u0022center\u0022\u003E7 470\u003C\/p\u003E\u003C\/td\u003E\u003Ctd\u003E\u003Cp align=\u0022center\u0022\u003E3 040\u003C\/p\u003E\u003C\/td\u003E\u003Ctd\u003E\u003Cp align=\u0022center\u0022\u003E13 790\u003C\/p\u003E\u003C\/td\u003E\u003C\/tr\u003E\u003Ctr\u003E\u003Ctd valign=\u0022top\u0022\u003E\u003Cp\u003EPays d\u2019Ouche\u003C\/p\u003E\u003C\/td\u003E\u003Ctd\u003E\u003Cp align=\u0022center\u0022\u003E7 910\u003C\/p\u003E\u003C\/td\u003E\u003Ctd\u003E\u003Cp align=\u0022center\u0022\u003E3 660\u003C\/p\u003E\u003C\/td\u003E\u003Ctd\u003E\u003Cp align=\u0022center\u0022\u003E13 000\u003C\/p\u003E\u003C\/td\u003E\u003C\/tr\u003E\u003Ctr\u003E\u003Ctd valign=\u0022top\u0022\u003E\u003Cp\u003EBocage Ornais\u003C\/p\u003E\u003C\/td\u003E\u003Ctd\u003E\u003Cp align=\u0022center\u0022\u003E5 930\u003C\/p\u003E\u003C\/td\u003E\u003Ctd\u003E\u003Cp align=\u0022center\u0022\u003E2 800\u003C\/p\u003E\u003C\/td\u003E\u003Ctd\u003E\u003Cp align=\u0022center\u0022\u003E11 600\u003C\/p\u003E\u003C\/td\u003E\u003C\/tr\u003E\u003Ctr\u003E\u003Ctd valign=\u0022top\u0022\u003E\u003Cp\u003EPlaines d\u2019Alen\u00e7on et d\u2019Argentan\u003C\/p\u003E\u003C\/td\u003E\u003Ctd\u003E\u003Cp align=\u0022center\u0022\u003E8 540\u003C\/p\u003E\u003C\/td\u003E\u003Ctd\u003E\u003Cp align=\u0022center\u0022\u003E3 760\u003C\/p\u003E\u003C\/td\u003E\u003Ctd\u003E\u003Cp align=\u0022center\u0022\u003E13 640\u003C\/p\u003E\u003C\/td\u003E\u003C\/tr\u003E\u003Ctr\u003E\u003Ctd valign=\u0022top\u0022\u003E\u003Cp\u003EPays d\u2019Auge, Merlerault\u003C\/p\u003E\u003C\/td\u003E\u003Ctd\u003E\u003Cp align=\u0022center\u0022\u003E8 600\u003C\/p\u003E\u003C\/td\u003E\u003Ctd\u003E\u003Cp align=\u0022center\u0022\u003E3 950\u003C\/p\u003E\u003C\/td\u003E\u003Ctd\u003E\u003Cp align=\u0022center\u0022\u003E13 650\u003C\/p\u003E\u003C\/td\u003E\u003C\/tr\u003E\u003Ctr\u003E\u003Ctd valign=\u0022top\u0022\u003E\u003Cul\u003E\u003Cli\u003E\u003Cstrong\u003ESeine-Maritime\u003C\/strong\u003E\u003C\/li\u003E\u003C\/ul\u003E\u003C\/td\u003E\u003Ctd\u003E\u003Cp align=\u0022center\u0022\u003E\u0026nbsp;\u003C\/p\u003E\u003C\/td\u003E\u003Ctd\u003E\u003Cp align=\u0022center\u0022\u003E\u0026nbsp;\u003C\/p\u003E\u003C\/td\u003E\u003Ctd\u003E\u003Cp align=\u0022center\u0022\u003E\u0026nbsp;\u003C\/p\u003E\u003C\/td\u003E\u003C\/tr\u003E\u003Ctr\u003E\u003Ctd valign=\u0022top\u0022\u003E\u003Cp\u003EPays de Caux\u003C\/p\u003E\u003C\/td\u003E\u003Ctd\u003E\u003Cp align=\u0022center\u0022\u003E13 130\u003C\/p\u003E\u003C\/td\u003E\u003Ctd\u003E\u003Cp align=\u0022center\u0022\u003E5 000\u003C\/p\u003E\u003C\/td\u003E\u003Ctd\u003E\u003Cp align=\u0022center\u0022\u003E21 000\u003C\/p\u003E\u003C\/td\u003E\u003C\/tr\u003E\u003Ctr\u003E\u003Ctd valign=\u0022top\u0022\u003E\u003Cp\u003EPetit Caux, Entre Bray et Picardie\u003C\/p\u003E\u003C\/td\u003E\u003Ctd\u003E\u003Cp align=\u0022center\u0022\u003E11 820\u003C\/p\u003E\u003C\/td\u003E\u003Ctd\u003E\u003Cp align=\u0022center\u0022\u003E4 900\u003C\/p\u003E\u003C\/td\u003E\u003Ctd\u003E\u003Cp align=\u0022center\u0022\u003E20 000\u003C\/p\u003E\u003C\/td\u003E\u003C\/tr\u003E\u003Ctr\u003E\u003Ctd valign=\u0022top\u0022\u003E\u003Cp\u003EEntre Caux et Vexin\u003C\/p\u003E\u003C\/td\u003E\u003Ctd\u003E\u003Cp align=\u0022center\u0022\u003E10 740\u003C\/p\u003E\u003C\/td\u003E\u003Ctd\u003E\u003Cp align=\u0022center\u0022\u003E7 300\u003C\/p\u003E\u003C\/td\u003E\u003Ctd\u003E\u003Cp align=\u0022center\u0022\u003E15 290\u003C\/p\u003E\u003C\/td\u003E\u003C\/tr\u003E\u003Ctr\u003E\u003Ctd valign=\u0022top\u0022\u003E\u003Cp\u003EPays de Bray\u003C\/p\u003E\u003C\/td\u003E\u003Ctd\u003E\u003Cp align=\u0022center\u0022\u003E9 190\u003C\/p\u003E\u003C\/td\u003E\u003Ctd\u003E\u003Cp align=\u0022center\u0022\u003E5 000\u003C\/p\u003E\u003C\/td\u003E\u003Ctd\u003E\u003Cp align=\u0022center\u0022\u003E19 800\u003C\/p\u003E\u003C\/td\u003E\u003C\/tr\u003E\u003Ctr\u003E\u003Ctd valign=\u0022top\u0022\u003E\u003Cp\u003EVall\u00e9e de la Seine\u003C\/p\u003E\u003C\/td\u003E\u003Ctd\u003E\u003Cp align=\u0022center\u0022\u003E8 950\u003C\/p\u003E\u003C\/td\u003E\u003Ctd\u003E\u003Cp align=\u0022center\u0022\u003E4 700\u003C\/p\u003E\u003C\/td\u003E\u003Ctd\u003E\u003Cp align=\u0022center\u0022\u003E18 550\u003C\/p\u003E\u003C\/td\u003E\u003C\/tr\u003E\u003Ctr\u003E\u003Ctd valign=\u0022top\u0022\u003E\u003Cp\u003E\u003Cstrong\u003ENouvelle-Aquitaine\u003C\/strong\u003E\u003C\/p\u003E\u003C\/td\u003E\u003Ctd\u003E\u003Cp align=\u0022center\u0022\u003E\u0026nbsp;\u003C\/p\u003E\u003C\/td\u003E\u003Ctd\u003E\u003Cp align=\u0022center\u0022\u003E\u0026nbsp;\u003C\/p\u003E\u003C\/td\u003E\u003Ctd\u003E\u003Cp align=\u0022center\u0022\u003E\u0026nbsp;\u003C\/p\u003E\u003C\/td\u003E\u003C\/tr\u003E\u003Ctr\u003E\u003Ctd valign=\u0022top\u0022\u003E\u003Cul\u003E\u003Cli\u003E\u003Cstrong\u003ECharente\u003C\/strong\u003E\u003C\/li\u003E\u003C\/ul\u003E\u003C\/td\u003E\u003Ctd\u003E\u003Cp align=\u0022center\u0022\u003E\u0026nbsp;\u003C\/p\u003E\u003C\/td\u003E\u003Ctd\u003E\u003Cp align=\u0022center\u0022\u003E\u0026nbsp;\u003C\/p\u003E\u003C\/td\u003E\u003Ctd\u003E\u003Cp align=\u0022center\u0022\u003E\u0026nbsp;\u003C\/p\u003E\u003C\/td\u003E\u003C\/tr\u003E\u003Ctr\u003E\u003Ctd valign=\u0022top\u0022\u003E\u003Cp\u003EMontmorelien\u003C\/p\u003E\u003C\/td\u003E\u003Ctd\u003E\u003Cp align=\u0022center\u0022\u003E5 410\u003C\/p\u003E\u003C\/td\u003E\u003Ctd\u003E\u003Cp align=\u0022center\u0022\u003E1 730\u003C\/p\u003E\u003C\/td\u003E\u003Ctd\u003E\u003Cp align=\u0022center\u0022\u003E7 560\u003C\/p\u003E\u003C\/td\u003E\u003C\/tr\u003E\u003Ctr\u003E\u003Ctd valign=\u0022top\u0022\u003E\u003Cp\u003EAngoumois-Ruffecois\u003C\/p\u003E\u003C\/td\u003E\u003Ctd\u003E\u003Cp align=\u0022center\u0022\u003E5 290\u003C\/p\u003E\u003C\/td\u003E\u003Ctd\u003E\u003Cp align=\u0022center\u0022\u003E1 950\u003C\/p\u003E\u003C\/td\u003E\u003Ctd\u003E\u003Cp align=\u0022center\u0022\u003E8 000\u003C\/p\u003E\u003C\/td\u003E\u003C\/tr\u003E\u003Ctr\u003E\u003Ctd valign=\u0022top\u0022\u003E\u003Cp\u003ECogna\u00e7ais\u003C\/p\u003E\u003C\/td\u003E\u003Ctd\u003E\u003Cp align=\u0022center\u0022\u003E6 800\u003C\/p\u003E\u003C\/td\u003E\u003Ctd\u003E\u003Cp align=\u0022center\u0022\u003E2 470\u003C\/p\u003E\u003C\/td\u003E\u003Ctd\u003E\u003Cp align=\u0022center\u0022\u003E13 810\u003C\/p\u003E\u003C\/td\u003E\u003C\/tr\u003E\u003Ctr\u003E\u003Ctd valign=\u0022top\u0022\u003E\u003Cp\u003EConfolentais, Brandes\u003C\/p\u003E\u003C\/td\u003E\u003Ctd\u003E\u003Cp align=\u0022center\u0022\u003E3 320\u003C\/p\u003E\u003C\/td\u003E\u003Ctd\u003E\u003Cp align=\u0022center\u0022\u003E1 440\u003C\/p\u003E\u003C\/td\u003E\u003Ctd\u003E\u003Cp align=\u0022center\u0022\u003E6 080\u003C\/p\u003E\u003C\/td\u003E\u003C\/tr\u003E\u003Ctr\u003E\u003Ctd valign=\u0022top\u0022\u003E\u003Cul\u003E\u003Cli\u003E\u003Cstrong\u003ECharente-Maritime\u003C\/strong\u003E\u003C\/li\u003E\u003C\/ul\u003E\u003C\/td\u003E\u003Ctd\u003E\u003Cp align=\u0022center\u0022\u003E\u0026nbsp;\u003C\/p\u003E\u003C\/td\u003E\u003Ctd\u003E\u003Cp align=\u0022center\u0022\u003E\u0026nbsp;\u003C\/p\u003E\u003C\/td\u003E\u003Ctd\u003E\u003Cp align=\u0022center\u0022\u003E\u0026nbsp;\u003C\/p\u003E\u003C\/td\u003E\u003C\/tr\u003E\u003Ctr\u003E\u003Ctd valign=\u0022top\u0022\u003E\u003Cp\u003EMarais\u003C\/p\u003E\u003C\/td\u003E\u003Ctd\u003E\u003Cp align=\u0022center\u0022\u003E3 100\u003C\/p\u003E\u003C\/td\u003E\u003Ctd\u003E\u003Cp align=\u0022center\u0022\u003E1 230\u003C\/p\u003E\u003C\/td\u003E\u003Ctd\u003E\u003Cp align=\u0022center\u0022\u003E6 190\u003C\/p\u003E\u003C\/td\u003E\u003C\/tr\u003E\u003Ctr\u003E\u003Ctd valign=\u0022top\u0022\u003E\u003Cp\u003EAunis\u003C\/p\u003E\u003C\/td\u003E\u003Ctd\u003E\u003Cp align=\u0022center\u0022\u003E5 150\u003C\/p\u003E\u003C\/td\u003E\u003Ctd\u003E\u003Cp align=\u0022center\u0022\u003E1 900\u003C\/p\u003E\u003C\/td\u003E\u003Ctd\u003E\u003Cp align=\u0022center\u0022\u003E10 700\u003C\/p\u003E\u003C\/td\u003E\u003C\/tr\u003E\u003Ctr\u003E\u003Ctd valign=\u0022top\u0022\u003E\u003Cp\u003ESaintonge Agricole\u003C\/p\u003E\u003C\/td\u003E\u003Ctd\u003E\u003Cp align=\u0022center\u0022\u003E5 920\u003C\/p\u003E\u003C\/td\u003E\u003Ctd\u003E\u003Cp align=\u0022center\u0022\u003E2 400\u003C\/p\u003E\u003C\/td\u003E\u003Ctd\u003E\u003Cp align=\u0022center\u0022\u003E9 940\u003C\/p\u003E\u003C\/td\u003E\u003C\/tr\u003E\u003Ctr\u003E\u003Ctd valign=\u0022top\u0022\u003E\u003Cp\u003ESaintonge Viticole\u003C\/p\u003E\u003C\/td\u003E\u003Ctd\u003E\u003Cp align=\u0022center\u0022\u003E6 420\u003C\/p\u003E\u003C\/td\u003E\u003Ctd\u003E\u003Cp align=\u0022center\u0022\u003E2 200\u003C\/p\u003E\u003C\/td\u003E\u003Ctd\u003E\u003Cp align=\u0022center\u0022\u003E10 000\u003C\/p\u003E\u003C\/td\u003E\u003C\/tr\u003E\u003Ctr\u003E\u003Ctd valign=\u0022top\u0022\u003E\u003Cp\u003EDouble Saintongeaise\u003C\/p\u003E\u003C\/td\u003E\u003Ctd\u003E\u003Cp align=\u0022center\u0022\u003E4 740\u003C\/p\u003E\u003C\/td\u003E\u003Ctd\u003E\u003Cp align=\u0022center\u0022\u003E1 400\u003C\/p\u003E\u003C\/td\u003E\u003Ctd\u003E\u003Cp align=\u0022center\u0022\u003E9 590\u003C\/p\u003E\u003C\/td\u003E\u003C\/tr\u003E\u003Ctr\u003E\u003Ctd valign=\u0022top\u0022\u003E\u003Cul\u003E\u003Cli\u003E\u003Cstrong\u003ECorr\u00e8ze\u003C\/strong\u003E\u003C\/li\u003E\u003C\/ul\u003E\u003C\/td\u003E\u003Ctd\u003E\u003Cp align=\u0022center\u0022\u003E\u0026nbsp;\u003C\/p\u003E\u003C\/td\u003E\u003Ctd\u003E\u003Cp align=\u0022center\u0022\u003E\u0026nbsp;\u003C\/p\u003E\u003C\/td\u003E\u003Ctd\u003E\u003Cp align=\u0022center\u0022\u003E\u0026nbsp;\u003C\/p\u003E\u003C\/td\u003E\u003C\/tr\u003E\u003Ctr\u003E\u003Ctd valign=\u0022top\u0022\u003E\u003Cp\u003EArtense, Plateau de Millevaches\u003C\/p\u003E\u003C\/td\u003E\u003Ctd\u003E\u003Cp align=\u0022center\u0022\u003E2 820\u003C\/p\u003E\u003C\/td\u003E\u003Ctd\u003E\u003Cp align=\u0022center\u0022\u003E1 000\u003C\/p\u003E\u003C\/td\u003E\u003Ctd\u003E\u003Cp align=\u0022center\u0022\u003E5 530\u003C\/p\u003E\u003C\/td\u003E\u003C\/tr\u003E\u003Ctr\u003E\u003Ctd valign=\u0022top\u0022\u003E\u003Cp\u003EHaut Limousin\u003C\/p\u003E\u003C\/td\u003E\u003Ctd\u003E\u003Cp align=\u0022center\u0022\u003E4 370\u003C\/p\u003E\u003C\/td\u003E\u003Ctd\u003E\u003Cp align=\u0022center\u0022\u003E1 200\u003C\/p\u003E\u003C\/td\u003E\u003Ctd\u003E\u003Cp align=\u0022center\u0022\u003E7 770\u003C\/p\u003E\u003C\/td\u003E\u003C\/tr\u003E\u003Ctr\u003E\u003Ctd valign=\u0022top\u0022\u003E\u003Cp\u003ECausses, Bas Pays de Brive\u003C\/p\u003E\u003C\/td\u003E\u003Ctd\u003E\u003Cp align=\u0022center\u0022\u003E4 820\u003C\/p\u003E\u003C\/td\u003E\u003Ctd\u003E\u003Cp align=\u0022center\u0022\u003E1 700\u003C\/p\u003E\u003C\/td\u003E\u003Ctd\u003E\u003Cp align=\u0022center\u0022\u003E8 110\u003C\/p\u003E\u003C\/td\u003E\u003C\/tr\u003E\u003Ctr\u003E\u003Ctd valign=\u0022top\u0022\u003E\u003Cp\u003EXaintrie, Cantal, Plateau Sud Est\u003C\/p\u003E\u003C\/td\u003E\u003Ctd\u003E\u003Cp align=\u0022center\u0022\u003E3 000\u003C\/p\u003E\u003C\/td\u003E\u003Ctd\u003E\u003Cp align=\u0022center\u0022\u003E860\u003C\/p\u003E\u003C\/td\u003E\u003Ctd\u003E\u003Cp align=\u0022center\u0022\u003E6 730\u003C\/p\u003E\u003C\/td\u003E\u003C\/tr\u003E\u003Ctr\u003E\u003Ctd valign=\u0022top\u0022\u003E\u003Cul\u003E\u003Cli\u003E\u003Cstrong\u003ECreuse\u003C\/strong\u003E\u003C\/li\u003E\u003C\/ul\u003E\u003C\/td\u003E\u003Ctd\u003E\u003Cp align=\u0022center\u0022\u003E\u0026nbsp;\u003C\/p\u003E\u003C\/td\u003E\u003Ctd\u003E\u003Cp align=\u0022center\u0022\u003E\u0026nbsp;\u003C\/p\u003E\u003C\/td\u003E\u003Ctd\u003E\u003Cp align=\u0022center\u0022\u003E\u0026nbsp;\u003C\/p\u003E\u003C\/td\u003E\u003C\/tr\u003E\u003Ctr\u003E\u003Ctd valign=\u0022top\u0022\u003E\u003Cp\u003ECombraille Bourbonnaise\u003C\/p\u003E\u003C\/td\u003E\u003Ctd\u003E\u003Cp align=\u0022center\u0022\u003E3 010\u003C\/p\u003E\u003C\/td\u003E\u003Ctd\u003E\u003Cp align=\u0022center\u0022\u003E1 100\u003C\/p\u003E\u003C\/td\u003E\u003Ctd\u003E\u003Cp align=\u0022center\u0022\u003E4 050\u003C\/p\u003E\u003C\/td\u003E\u003C\/tr\u003E\u003Ctr\u003E\u003Ctd valign=\u0022top\u0022\u003E\u003Cp\u003EMarche\u003C\/p\u003E\u003C\/td\u003E\u003Ctd\u003E\u003Cp align=\u0022center\u0022\u003E2 970\u003C\/p\u003E\u003C\/td\u003E\u003Ctd\u003E\u003Cp align=\u0022center\u0022\u003E1 160\u003C\/p\u003E\u003C\/td\u003E\u003Ctd\u003E\u003Cp align=\u0022center\u0022\u003E4 530\u003C\/p\u003E\u003C\/td\u003E\u003C\/tr\u003E\u003Ctr\u003E\u003Ctd valign=\u0022top\u0022\u003E\u003Cp\u003EBas Berry\u003C\/p\u003E\u003C\/td\u003E\u003Ctd\u003E\u003Cp align=\u0022center\u0022\u003E3 040\u003C\/p\u003E\u003C\/td\u003E\u003Ctd\u003E\u003Cp align=\u0022center\u0022\u003E1 010\u003C\/p\u003E\u003C\/td\u003E\u003Ctd\u003E\u003Cp align=\u0022center\u0022\u003E4 800\u003C\/p\u003E\u003C\/td\u003E\u003C\/tr\u003E\u003Ctr\u003E\u003Ctd valign=\u0022top\u0022\u003E\u003Cp\u003EPlateau de Millevaches, Haut Limousin\u003C\/p\u003E\u003C\/td\u003E\u003Ctd\u003E\u003Cp align=\u0022center\u0022\u003E2 080\u003C\/p\u003E\u003C\/td\u003E\u003Ctd\u003E\u003Cp align=\u0022center\u0022\u003E810\u003C\/p\u003E\u003C\/td\u003E\u003Ctd\u003E\u003Cp align=\u0022center\u0022\u003E5 040\u003C\/p\u003E\u003C\/td\u003E\u003C\/tr\u003E\u003Ctr\u003E\u003Ctd valign=\u0022top\u0022\u003E\u003Cul\u003E\u003Cli\u003E\u003Cstrong\u003EDeux-S\u00e8vres\u003C\/strong\u003E\u003C\/li\u003E\u003C\/ul\u003E\u003C\/td\u003E\u003Ctd\u003E\u003Cp align=\u0022center\u0022\u003E\u0026nbsp;\u003C\/p\u003E\u003C\/td\u003E\u003Ctd\u003E\u003Cp align=\u0022center\u0022\u003E\u0026nbsp;\u003C\/p\u003E\u003C\/td\u003E\u003Ctd\u003E\u003Cp align=\u0022center\u0022\u003E\u0026nbsp;\u003C\/p\u003E\u003C\/td\u003E\u003C\/tr\u003E\u003Ctr\u003E\u003Ctd valign=\u0022top\u0022\u003E\u003Cp\u003EPlateau Mellois, Entre Plaine et G\u00e2tine\u003C\/p\u003E\u003C\/td\u003E\u003Ctd\u003E\u003Cp align=\u0022center\u0022\u003E3 650\u003C\/p\u003E\u003C\/td\u003E\u003Ctd\u003E\u003Cp align=\u0022center\u0022\u003E1 790\u003C\/p\u003E\u003C\/td\u003E\u003Ctd\u003E\u003Cp align=\u0022center\u0022\u003E6 000\u003C\/p\u003E\u003C\/td\u003E\u003C\/tr\u003E\u003Ctr\u003E\u003Ctd valign=\u0022top\u0022\u003E\u003Cp\u003EPlaine de Thouars\u003C\/p\u003E\u003C\/td\u003E\u003Ctd\u003E\u003Cp align=\u0022center\u0022\u003E3 390\u003C\/p\u003E\u003C\/td\u003E\u003Ctd\u003E\u003Cp align=\u0022center\u0022\u003E1 250\u003C\/p\u003E\u003C\/td\u003E\u003Ctd\u003E\u003Cp align=\u0022center\u0022\u003E5 610\u003C\/p\u003E\u003C\/td\u003E\u003C\/tr\u003E\u003Ctr\u003E\u003Ctd valign=\u0022top\u0022\u003E\u003Cp\u003EPlaine de la Mothe Lezay\u003C\/p\u003E\u003C\/td\u003E\u003Ctd\u003E\u003Cp align=\u0022center\u0022\u003E4 360\u003C\/p\u003E\u003C\/td\u003E\u003Ctd\u003E\u003Cp align=\u0022center\u0022\u003E1 810\u003C\/p\u003E\u003C\/td\u003E\u003Ctd\u003E\u003Cp align=\u0022center\u0022\u003E6 210\u003C\/p\u003E\u003C\/td\u003E\u003C\/tr\u003E\u003Ctr\u003E\u003Ctd valign=\u0022top\u0022\u003E\u003Cp\u003EG\u00e2tine\u003C\/p\u003E\u003C\/td\u003E\u003Ctd\u003E\u003Cp align=\u0022center\u0022\u003E3 370\u003C\/p\u003E\u003C\/td\u003E\u003Ctd\u003E\u003Cp align=\u0022center\u0022\u003E1 700\u003C\/p\u003E\u003C\/td\u003E\u003Ctd\u003E\u003Cp align=\u0022center\u0022\u003E5 000\u003C\/p\u003E\u003C\/td\u003E\u003C\/tr\u003E\u003Ctr\u003E\u003Ctd valign=\u0022top\u0022\u003E\u003Cp\u003EPlaine de Niort Brioux\u003C\/p\u003E\u003C\/td\u003E\u003Ctd\u003E\u003Cp align=\u0022center\u0022\u003E4 090\u003C\/p\u003E\u003C\/td\u003E\u003Ctd\u003E\u003Cp align=\u0022center\u0022\u003E1 590\u003C\/p\u003E\u003C\/td\u003E\u003Ctd\u003E\u003Cp align=\u0022center\u0022\u003E6 500\u003C\/p\u003E\u003C\/td\u003E\u003C\/tr\u003E\u003Ctr\u003E\u003Ctd valign=\u0022top\u0022\u003E\u003Cp\u003EBocage\u003C\/p\u003E\u003C\/td\u003E\u003Ctd\u003E\u003Cp align=\u0022center\u0022\u003E2 940\u003C\/p\u003E\u003C\/td\u003E\u003Ctd\u003E\u003Cp align=\u0022center\u0022\u003E1 500\u003C\/p\u003E\u003C\/td\u003E\u003Ctd\u003E\u003Cp align=\u0022center\u0022\u003E4 720\u003C\/p\u003E\u003C\/td\u003E\u003C\/tr\u003E\u003Ctr\u003E\u003Ctd valign=\u0022top\u0022\u003E\u003Cp\u003EMarais Poitevin Mouill\u00e9\u003C\/p\u003E\u003C\/td\u003E\u003Ctd\u003E\u003Cp align=\u0022center\u0022\u003E2 820\u003C\/p\u003E\u003C\/td\u003E\u003Ctd\u003E\u003Cp align=\u0022center\u0022\u003E1 030\u003C\/p\u003E\u003C\/td\u003E\u003Ctd\u003E\u003Cp align=\u0022center\u0022\u003E5 220\u003C\/p\u003E\u003C\/td\u003E\u003C\/tr\u003E\u003Ctr\u003E\u003Ctd valign=\u0022top\u0022\u003E\u003Cul\u003E\u003Cli\u003E\u003Cstrong\u003EDordogne\u003C\/strong\u003E\u003C\/li\u003E\u003C\/ul\u003E\u003C\/td\u003E\u003Ctd\u003E\u0026nbsp;\u003C\/td\u003E\u003Ctd\u003E\u003Cp align=\u0022center\u0022\u003E\u0026nbsp;\u003C\/p\u003E\u003C\/td\u003E\u003Ctd\u003E\u003Cp align=\u0022center\u0022\u003E\u0026nbsp;\u003C\/p\u003E\u003C\/td\u003E\u003C\/tr\u003E\u003Ctr\u003E\u003Ctd valign=\u0022top\u0022\u003E\u003Cp\u003ERibera\u00e7ois\u003C\/p\u003E\u003C\/td\u003E\u003Ctd\u003E\u003Cp align=\u0022center\u0022\u003E5 020\u003C\/p\u003E\u003C\/td\u003E\u003Ctd\u003E\u003Cp align=\u0022center\u0022\u003E1 680\u003C\/p\u003E\u003C\/td\u003E\u003Ctd\u003E\u003Cp align=\u0022center\u0022\u003E9 770\u003C\/p\u003E\u003C\/td\u003E\u003C\/tr\u003E\u003Ctr\u003E\u003Ctd valign=\u0022top\u0022\u003E\u003Cp\u003EBergera\u00e7ois\u003C\/p\u003E\u003C\/td\u003E\u003Ctd\u003E\u003Cp align=\u0022center\u0022\u003E5 770\u003C\/p\u003E\u003C\/td\u003E\u003Ctd\u003E\u003Cp align=\u0022center\u0022\u003E1 760\u003C\/p\u003E\u003C\/td\u003E\u003Ctd\u003E\u003Cp align=\u0022center\u0022\u003E30 320\u003C\/p\u003E\u003C\/td\u003E\u003C\/tr\u003E\u003Ctr\u003E\u003Ctd valign=\u0022top\u0022\u003E\u003Cp\u003EP\u00e9rigord Blanc\u003C\/p\u003E\u003C\/td\u003E\u003Ctd\u003E\u003Cp align=\u0022center\u0022\u003E4 920\u003C\/p\u003E\u003C\/td\u003E\u003Ctd\u003E\u003Cp align=\u0022center\u0022\u003E1 250\u003C\/p\u003E\u003C\/td\u003E\u003Ctd\u003E\u003Cp align=\u0022center\u0022\u003E17 490\u003C\/p\u003E\u003C\/td\u003E\u003C\/tr\u003E\u003Ctr\u003E\u003Ctd valign=\u0022top\u0022\u003E\u003Cp\u003EP\u00e9rigord Noir, Causses\u003C\/p\u003E\u003C\/td\u003E\u003Ctd\u003E\u003Cp align=\u0022center\u0022\u003E6 050\u003C\/p\u003E\u003C\/td\u003E\u003Ctd\u003E\u003Cp align=\u0022center\u0022\u003E1 360\u003C\/p\u003E\u003C\/td\u003E\u003Ctd\u003E\u003Cp align=\u0022center\u0022\u003E17 770\u003C\/p\u003E\u003C\/td\u003E\u003C\/tr\u003E\u003Ctr\u003E\u003Ctd valign=\u0022top\u0022\u003E\u003Cp\u003EDouble P\u00e9rigourdine, Landais\u003C\/p\u003E\u003C\/td\u003E\u003Ctd\u003E\u003Cp align=\u0022center\u0022\u003E5 910\u003C\/p\u003E\u003C\/td\u003E\u003Ctd\u003E\u003Cp align=\u0022center\u0022\u003E1 250\u003C\/p\u003E\u003C\/td\u003E\u003Ctd\u003E\u003Cp align=\u0022center\u0022\u003E34 470\u003C\/p\u003E\u003C\/td\u003E\u003C\/tr\u003E\u003Ctr\u003E\u003Ctd valign=\u0022top\u0022\u003E\u003Cp\u003ENontronnais\u003C\/p\u003E\u003C\/td\u003E\u003Ctd\u003E\u003Cp align=\u0022center\u0022\u003E4 180\u003C\/p\u003E\u003C\/td\u003E\u003Ctd\u003E\u003Cp align=\u0022center\u0022\u003E1 190\u003C\/p\u003E\u003C\/td\u003E\u003Ctd\u003E\u003Cp align=\u0022center\u0022\u003E15 280\u003C\/p\u003E\u003C\/td\u003E\u003C\/tr\u003E\u003Ctr\u003E\u003Ctd valign=\u0022top\u0022\u003E\u003Cul\u003E\u003Cli\u003E\u003Cstrong\u003EGironde\u003C\/strong\u003E\u003C\/li\u003E\u003C\/ul\u003E\u003C\/td\u003E\u003Ctd\u003E\u003Cp align=\u0022center\u0022\u003E\u0026nbsp;\u003C\/p\u003E\u003C\/td\u003E\u003Ctd\u003E\u003Cp align=\u0022center\u0022\u003E\u0026nbsp;\u003C\/p\u003E\u003C\/td\u003E\u003Ctd\u003E\u003Cp align=\u0022center\u0022\u003E\u0026nbsp;\u003C\/p\u003E\u003C\/td\u003E\u003C\/tr\u003E\u003Ctr\u003E\u003Ctd valign=\u0022top\u0022\u003E\u003Cp\u003EFor\u00eat et Landes Girondines\u003C\/p\u003E\u003C\/td\u003E\u003Ctd\u003E\u003Cp align=\u0022center\u0022\u003E12 880\u003C\/p\u003E\u003C\/td\u003E\u003Ctd\u003E\u003Cp align=\u0022center\u0022\u003E1 050\u003C\/p\u003E\u003C\/td\u003E\u003Ctd\u003E\u003Cp align=\u0022center\u0022\u003E23 980\u003C\/p\u003E\u003C\/td\u003E\u003C\/tr\u003E\u003Ctr\u003E\u003Ctd valign=\u0022top\u0022\u003E\u003Cp\u003EBas M\u00e9doc\u003C\/p\u003E\u003C\/td\u003E\u003Ctd\u003E\u003Cp align=\u0022center\u0022\u003E4 300\u003C\/p\u003E\u003C\/td\u003E\u003Ctd\u003E\u003Cp align=\u0022center\u0022\u003E1 530\u003C\/p\u003E\u003C\/td\u003E\u003Ctd\u003E\u003Cp align=\u0022center\u0022\u003E12 700\u003C\/p\u003E\u003C\/td\u003E\u003C\/tr\u003E\u003Ctr\u003E\u003Ctd valign=\u0022top\u0022\u003E\u003Cp\u003EM\u00e9doc, Libournais, Gr\u00e2ves\u003C\/p\u003E\u003C\/td\u003E\u003Ctd\u003E\u003Cp align=\u0022center\u0022\u003E5 570\u003C\/p\u003E\u003C\/td\u003E\u003Ctd\u003E\u003Cp align=\u0022center\u0022\u003E1 270\u003C\/p\u003E\u003C\/td\u003E\u003Ctd\u003E\u003Cp align=\u0022center\u0022\u003E19 800\u003C\/p\u003E\u003C\/td\u003E\u003C\/tr\u003E\u003Ctr\u003E\u003Ctd valign=\u0022top\u0022\u003E\u003Cp\u003EBazadais\u003C\/p\u003E\u003C\/td\u003E\u003Ctd\u003E\u003Cp align=\u0022center\u0022\u003E6 670\u003C\/p\u003E\u003C\/td\u003E\u003Ctd\u003E\u003Cp align=\u0022center\u0022\u003E2 000\u003C\/p\u003E\u003C\/td\u003E\u003Ctd\u003E\u003Cp align=\u0022center\u0022\u003E15 980\u003C\/p\u003E\u003C\/td\u003E\u003C\/tr\u003E\u003Ctr\u003E\u003Ctd valign=\u0022top\u0022\u003E\u003Cp\u003EEntre deux Mers viticole\u003C\/p\u003E\u003C\/td\u003E\u003Ctd\u003E\u003Cp align=\u0022center\u0022\u003E8 280\u003C\/p\u003E\u003C\/td\u003E\u003Ctd\u003E\u003Cp align=\u0022center\u0022\u003E1 920\u003C\/p\u003E\u003C\/td\u003E\u003Ctd\u003E\u003Cp align=\u0022center\u0022\u003E24 510\u003C\/p\u003E\u003C\/td\u003E\u003C\/tr\u003E\u003Ctr\u003E\u003Ctd valign=\u0022top\u0022\u003E\u003Cp\u003EBlayais et Double\u003C\/p\u003E\u003C\/td\u003E\u003Ctd\u003E\u003Cp align=\u0022center\u0022\u003E5 500\u003C\/p\u003E\u003C\/td\u003E\u003Ctd\u003E\u003Cp align=\u0022center\u0022\u003E1 330\u003C\/p\u003E\u003C\/td\u003E\u003Ctd\u003E\u003Cp align=\u0022center\u0022\u003E12 920\u003C\/p\u003E\u003C\/td\u003E\u003C\/tr\u003E\u003Ctr\u003E\u003Ctd valign=\u0022top\u0022\u003E\u003Cul\u003E\u003Cli\u003E\u003Cstrong\u003EHaute-Vienne\u003C\/strong\u003E\u003C\/li\u003E\u003C\/ul\u003E\u003C\/td\u003E\u003Ctd\u003E\u003Cp align=\u0022center\u0022\u003E\u0026nbsp;\u003C\/p\u003E\u003C\/td\u003E\u003Ctd\u003E\u003Cp align=\u0022center\u0022\u003E\u0026nbsp;\u003C\/p\u003E\u003C\/td\u003E\u003Ctd\u003E\u003Cp align=\u0022center\u0022\u003E\u0026nbsp;\u003C\/p\u003E\u003C\/td\u003E\u003C\/tr\u003E\u003Ctr\u003E\u003Ctd valign=\u0022top\u0022\u003E\u003Cp\u003EMarche\u003C\/p\u003E\u003C\/td\u003E\u003Ctd\u003E\u003Cp align=\u0022center\u0022\u003E3 160\u003C\/p\u003E\u003C\/td\u003E\u003Ctd\u003E\u003Cp align=\u0022center\u0022\u003E1 380\u003C\/p\u003E\u003C\/td\u003E\u003Ctd\u003E\u003Cp align=\u0022center\u0022\u003E4 910\u003C\/p\u003E\u003C\/td\u003E\u003C\/tr\u003E\u003Ctr\u003E\u003Ctd valign=\u0022top\u0022\u003E\u003Cp\u003EPlateau de Millevaches, Haut Limousin\u003C\/p\u003E\u003C\/td\u003E\u003Ctd\u003E\u003Cp align=\u0022center\u0022\u003E3 700\u003C\/p\u003E\u003C\/td\u003E\u003Ctd\u003E\u003Cp align=\u0022center\u0022\u003E1 270\u003C\/p\u003E\u003C\/td\u003E\u003Ctd\u003E\u003Cp align=\u0022center\u0022\u003E7 080\u003C\/p\u003E\u003C\/td\u003E\u003C\/tr\u003E\u003Ctr\u003E\u003Ctd valign=\u0022top\u0022\u003E\u003Cul\u003E\u003Cli\u003E\u003Cstrong\u003ELandes\u003C\/strong\u003E\u003C\/li\u003E\u003C\/ul\u003E\u003C\/td\u003E\u003Ctd\u003E\u003Cp align=\u0022center\u0022\u003E\u0026nbsp;\u003C\/p\u003E\u003C\/td\u003E\u003Ctd\u003E\u003Cp align=\u0022center\u0022\u003E\u0026nbsp;\u003C\/p\u003E\u003C\/td\u003E\u003Ctd\u003E\u003Cp align=\u0022center\u0022\u003E\u0026nbsp;\u003C\/p\u003E\u003C\/td\u003E\u003C\/tr\u003E\u003Ctr\u003E\u003Ctd valign=\u0022top\u0022\u003E\u003Cp\u003EMarensin et For\u00eat Landaise\u003C\/p\u003E\u003C\/td\u003E\u003Ctd\u003E\u003Cp align=\u0022center\u0022\u003E9 700\u003C\/p\u003E\u003C\/td\u003E\u003Ctd\u003E\u003Cp align=\u0022center\u0022\u003E1 300\u003C\/p\u003E\u003C\/td\u003E\u003Ctd\u003E\u003Cp align=\u0022center\u0022\u003E16 580\u003C\/p\u003E\u003C\/td\u003E\u003C\/tr\u003E\u003Ctr\u003E\u003Ctd valign=\u0022top\u0022\u003E\u003Cp\u003EChalosse et Gaves\u003C\/p\u003E\u003C\/td\u003E\u003Ctd\u003E\u003Cp align=\u0022center\u0022\u003E8 650\u003C\/p\u003E\u003C\/td\u003E\u003Ctd\u003E\u003Cp align=\u0022center\u0022\u003E2 340\u003C\/p\u003E\u003C\/td\u003E\u003Ctd\u003E\u003Cp align=\u0022center\u0022\u003E15 210\u003C\/p\u003E\u003C\/td\u003E\u003C\/tr\u003E\u003Ctr\u003E\u003Ctd valign=\u0022top\u0022\u003E\u003Cp\u003EMarsan et Armagnac\u003C\/p\u003E\u003C\/td\u003E\u003Ctd\u003E\u003Cp align=\u0022center\u0022\u003E8 400\u003C\/p\u003E\u003C\/td\u003E\u003Ctd\u003E\u003Cp align=\u0022center\u0022\u003E2 510\u003C\/p\u003E\u003C\/td\u003E\u003Ctd\u003E\u003Cp align=\u0022center\u0022\u003E15 000\u003C\/p\u003E\u003C\/td\u003E\u003C\/tr\u003E\u003Ctr\u003E\u003Ctd valign=\u0022top\u0022\u003E\u003Cul\u003E\u003Cli\u003E\u003Cstrong\u003ELot-et-Garonne\u003C\/strong\u003E\u003C\/li\u003E\u003C\/ul\u003E\u003C\/td\u003E\u003Ctd\u003E\u003Cp align=\u0022center\u0022\u003E\u0026nbsp;\u003C\/p\u003E\u003C\/td\u003E\u003Ctd\u003E\u003Cp align=\u0022center\u0022\u003E\u0026nbsp;\u003C\/p\u003E\u003C\/td\u003E\u003Ctd\u003E\u003Cp align=\u0022center\u0022\u003E\u0026nbsp;\u003C\/p\u003E\u003C\/td\u003E\u003C\/tr\u003E\u003Ctr\u003E\u003Ctd valign=\u0022top\u0022\u003E\u003Cp\u003ECoteaux Nord, Duras, P\u00e9rigord\u003C\/p\u003E\u003C\/td\u003E\u003Ctd\u003E\u003Cp align=\u0022center\u0022\u003E7 710\u003C\/p\u003E\u003C\/td\u003E\u003Ctd\u003E\u003Cp align=\u0022center\u0022\u003E2 630\u003C\/p\u003E\u003C\/td\u003E\u003Ctd\u003E\u003Cp align=\u0022center\u0022\u003E15 250\u003C\/p\u003E\u003C\/td\u003E\u003C\/tr\u003E\u003Ctr\u003E\u003Ctd valign=\u0022top\u0022\u003E\u003Cp\u003ECoteaux Bordure Landes, Grandes Landes\u003C\/p\u003E\u003C\/td\u003E\u003Ctd\u003E\u003Cp align=\u0022center\u0022\u003E9 410\u003C\/p\u003E\u003C\/td\u003E\u003Ctd\u003E\u003Cp align=\u0022center\u0022\u003E1 880\u003C\/p\u003E\u003C\/td\u003E\u003Ctd\u003E\u003Cp align=\u0022center\u0022\u003E23 370\u003C\/p\u003E\u003C\/td\u003E\u003C\/tr\u003E\u003Ctr\u003E\u003Ctd valign=\u0022top\u0022\u003E\u003Cp\u003EPlaines de la Garonne et du Lot\u003C\/p\u003E\u003C\/td\u003E\u003Ctd\u003E\u003Cp align=\u0022center\u0022\u003E11 470\u003C\/p\u003E\u003C\/td\u003E\u003Ctd\u003E\u003Cp align=\u0022center\u0022\u003E3 010\u003C\/p\u003E\u003C\/td\u003E\u003Ctd\u003E\u003Cp align=\u0022center\u0022\u003E19 190\u003C\/p\u003E\u003C\/td\u003E\u003C\/tr\u003E\u003Ctr\u003E\u003Ctd valign=\u0022top\u0022\u003E\u003Cp\u003ECoteaux Sud Garonne\u003C\/p\u003E\u003C\/td\u003E\u003Ctd\u003E\u003Cp align=\u0022center\u0022\u003E10 130\u003C\/p\u003E\u003C\/td\u003E\u003Ctd\u003E\u003Cp align=\u0022center\u0022\u003E3 080\u003C\/p\u003E\u003C\/td\u003E\u003Ctd\u003E\u003Cp align=\u0022center\u0022\u003E15 270\u003C\/p\u003E\u003C\/td\u003E\u003C\/tr\u003E\u003Ctr\u003E\u003Ctd valign=\u0022top\u0022\u003E\u003Cp\u003EPays de Serres, Causses\u003C\/p\u003E\u003C\/td\u003E\u003Ctd\u003E\u003Cp align=\u0022center\u0022\u003E8 030\u003C\/p\u003E\u003C\/td\u003E\u003Ctd\u003E\u003Cp align=\u0022center\u0022\u003E2 400\u003C\/p\u003E\u003C\/td\u003E\u003Ctd\u003E\u003Cp align=\u0022center\u0022\u003E15 160\u003C\/p\u003E\u003C\/td\u003E\u003C\/tr\u003E\u003Ctr\u003E\u003Ctd valign=\u0022top\u0022\u003E\u003Cul\u003E\u003Cli\u003E\u003Cstrong\u003EPyr\u00e9n\u00e9es-Atlantiques\u003C\/strong\u003E\u003C\/li\u003E\u003C\/ul\u003E\u003C\/td\u003E\u003Ctd\u003E\u003Cp align=\u0022center\u0022\u003E\u0026nbsp;\u003C\/p\u003E\u003C\/td\u003E\u003Ctd\u003E\u003Cp align=\u0022center\u0022\u003E\u0026nbsp;\u003C\/p\u003E\u003C\/td\u003E\u003Ctd\u003E\u003Cp align=\u0022center\u0022\u003E\u0026nbsp;\u003C\/p\u003E\u003C\/td\u003E\u003C\/tr\u003E\u003Ctr\u003E\u003Ctd valign=\u0022top\u0022\u003E\u003Cp\u003ECoteaux Basques\u003C\/p\u003E\u003C\/td\u003E\u003Ctd\u003E\u003Cp align=\u0022center\u0022\u003E6 090\u003C\/p\u003E\u003C\/td\u003E\u003Ctd\u003E\u003Cp align=\u0022center\u0022\u003E1 870\u003C\/p\u003E\u003C\/td\u003E\u003Ctd\u003E\u003Cp align=\u0022center\u0022\u003E12 540\u003C\/p\u003E\u003C\/td\u003E\u003C\/tr\u003E\u003Ctr\u003E\u003Ctd valign=\u0022top\u0022\u003E\u003Cp\u003ECoteaux du B\u00e9arn\u003C\/p\u003E\u003C\/td\u003E\u003Ctd\u003E\u003Cp align=\u0022center\u0022\u003E10 330\u003C\/p\u003E\u003C\/td\u003E\u003Ctd\u003E\u003Cp align=\u0022center\u0022\u003E2 930\u003C\/p\u003E\u003C\/td\u003E\u003Ctd\u003E\u003Cp align=\u0022center\u0022\u003E19 350\u003C\/p\u003E\u003C\/td\u003E\u003C\/tr\u003E\u003Ctr\u003E\u003Ctd valign=\u0022top\u0022\u003E\u003Cp\u003EMontagnes\u003C\/p\u003E\u003C\/td\u003E\u003Ctd\u003E\u003Cp align=\u0022center\u0022\u003E6 900\u003C\/p\u003E\u003C\/td\u003E\u003Ctd\u003E\u003Cp align=\u0022center\u0022\u003E1 000\u003C\/p\u003E\u003C\/td\u003E\u003Ctd\u003E\u003Cp align=\u0022center\u0022\u003E10 520\u003C\/p\u003E\u003C\/td\u003E\u003C\/tr\u003E\u003Ctr\u003E\u003Ctd valign=\u0022top\u0022\u003E\u003Cp\u003EVall\u00e9es et Coteaux des Gaves\u003C\/p\u003E\u003C\/td\u003E\u003Ctd\u003E\u003Cp align=\u0022center\u0022\u003E8 720\u003C\/p\u003E\u003C\/td\u003E\u003Ctd\u003E\u003Cp align=\u0022center\u0022\u003E2 630\u003C\/p\u003E\u003C\/td\u003E\u003Ctd\u003E\u003Cp align=\u0022center\u0022\u003E19 140\u003C\/p\u003E\u003C\/td\u003E\u003C\/tr\u003E\u003Ctr\u003E\u003Ctd valign=\u0022top\u0022\u003E\u003Cp\u003EC\u00f4te\u0026nbsp;Basque\u003C\/p\u003E\u003C\/td\u003E\u003Ctd\u003E\u003Cp align=\u0022center\u0022\u003END\u003C\/p\u003E\u003C\/td\u003E\u003Ctd\u003E\u003Cp align=\u0022center\u0022\u003END\u003C\/p\u003E\u003C\/td\u003E\u003Ctd\u003E\u003Cp align=\u0022center\u0022\u003END\u003C\/p\u003E\u003C\/td\u003E\u003C\/tr\u003E\u003Ctr\u003E\u003Ctd valign=\u0022top\u0022\u003E\u003Cul\u003E\u003Cli\u003E\u003Cstrong\u003EVienne\u003C\/strong\u003E\u003C\/li\u003E\u003C\/ul\u003E\u003C\/td\u003E\u003Ctd\u003E\u003Cp align=\u0022center\u0022\u003E\u0026nbsp;\u003C\/p\u003E\u003C\/td\u003E\u003Ctd\u003E\u003Cp align=\u0022center\u0022\u003E\u0026nbsp;\u003C\/p\u003E\u003C\/td\u003E\u003Ctd\u003E\u003Cp align=\u0022center\u0022\u003E\u0026nbsp;\u003C\/p\u003E\u003C\/td\u003E\u003C\/tr\u003E\u003Ctr\u003E\u003Ctd valign=\u0022top\u0022\u003E\u003Cp\u003EPlaine du Loudun, Ch\u00e2tellerault\u003C\/p\u003E\u003C\/td\u003E\u003Ctd\u003E\u003Cp align=\u0022center\u0022\u003E5 670\u003C\/p\u003E\u003C\/td\u003E\u003Ctd\u003E\u003Cp align=\u0022center\u0022\u003E1 930\u003C\/p\u003E\u003C\/td\u003E\u003Ctd\u003E\u003Cp align=\u0022center\u0022\u003E8 700\u003C\/p\u003E\u003C\/td\u003E\u003C\/tr\u003E\u003Ctr\u003E\u003Ctd valign=\u0022top\u0022\u003E\u003Cp\u003ETerres Rouges \u00e0 Ch\u00e2taigniers\u003C\/p\u003E\u003C\/td\u003E\u003Ctd\u003E\u003Cp align=\u0022center\u0022\u003E6 650\u003C\/p\u003E\u003C\/td\u003E\u003Ctd\u003E\u003Cp align=\u0022center\u0022\u003E1 260\u003C\/p\u003E\u003C\/td\u003E\u003Ctd\u003E\u003Cp align=\u0022center\u0022\u003E10 000\u003C\/p\u003E\u003C\/td\u003E\u003C\/tr\u003E\u003Ctr\u003E\u003Ctd valign=\u0022top\u0022\u003E\u003Cp\u003EBrandes et Confins Granitiques\u003C\/p\u003E\u003C\/td\u003E\u003Ctd\u003E\u003Cp align=\u0022center\u0022\u003E4 830\u003C\/p\u003E\u003C\/td\u003E\u003Ctd\u003E\u003Cp align=\u0022center\u0022\u003E1 750\u003C\/p\u003E\u003C\/td\u003E\u003Ctd\u003E\u003Cp align=\u0022center\u0022\u003E8 000\u003C\/p\u003E\u003C\/td\u003E\u003C\/tr\u003E\u003Ctr\u003E\u003Ctd valign=\u0022top\u0022\u003E\u003Cp\u003EPlaine de Thouars, Saumurois\u003C\/p\u003E\u003C\/td\u003E\u003Ctd\u003E\u003Cp align=\u0022center\u0022\u003E6 050\u003C\/p\u003E\u003C\/td\u003E\u003Ctd\u003E\u003Cp align=\u0022center\u0022\u003E1 540\u003C\/p\u003E\u003C\/td\u003E\u003Ctd\u003E\u003Cp align=\u0022center\u0022\u003E8 990\u003C\/p\u003E\u003C\/td\u003E\u003C\/tr\u003E\u003Ctr\u003E\u003Ctd valign=\u0022top\u0022\u003E\u003Cp\u003EG\u00e2tine\u003C\/p\u003E\u003C\/td\u003E\u003Ctd\u003E\u003Cp align=\u0022center\u0022\u003E5 260\u003C\/p\u003E\u003C\/td\u003E\u003Ctd\u003E\u003Cp align=\u0022center\u0022\u003E1 650\u003C\/p\u003E\u003C\/td\u003E\u003Ctd\u003E\u003Cp align=\u0022center\u0022\u003E8 500\u003C\/p\u003E\u003C\/td\u003E\u003C\/tr\u003E\u003Ctr\u003E\u003Ctd valign=\u0022top\u0022\u003E\u003Cp\u003E\u003Cstrong\u003EOccitanie\u003C\/strong\u003E\u003C\/p\u003E\u003C\/td\u003E\u003Ctd\u003E\u003Cp align=\u0022center\u0022\u003E\u0026nbsp;\u003C\/p\u003E\u003C\/td\u003E\u003Ctd\u003E\u003Cp align=\u0022center\u0022\u003E\u0026nbsp;\u003C\/p\u003E\u003C\/td\u003E\u003Ctd\u003E\u003Cp align=\u0022center\u0022\u003E\u0026nbsp;\u003C\/p\u003E\u003C\/td\u003E\u003C\/tr\u003E\u003Ctr\u003E\u003Ctd valign=\u0022top\u0022\u003E\u003Cul\u003E\u003Cli\u003E\u003Cstrong\u003EAri\u00e8ge\u003C\/strong\u003E\u003C\/li\u003E\u003C\/ul\u003E\u003C\/td\u003E\u003Ctd\u003E\u003Cp align=\u0022center\u0022\u003E\u0026nbsp;\u003C\/p\u003E\u003C\/td\u003E\u003Ctd\u003E\u003Cp align=\u0022center\u0022\u003E\u0026nbsp;\u003C\/p\u003E\u003C\/td\u003E\u003Ctd\u003E\u003Cp align=\u0022center\u0022\u003E\u0026nbsp;\u003C\/p\u003E\u003C\/td\u003E\u003C\/tr\u003E\u003Ctr\u003E\u003Ctd valign=\u0022top\u0022\u003E\u003Cp\u003EPlaine de l\u2019Ari\u00e8ge\u003C\/p\u003E\u003C\/td\u003E\u003Ctd\u003E\u003Cp align=\u0022center\u0022\u003E8 690\u003C\/p\u003E\u003C\/td\u003E\u003Ctd\u003E\u003Cp align=\u0022center\u0022\u003E4 500\u003C\/p\u003E\u003C\/td\u003E\u003Ctd\u003E\u003Cp align=\u0022center\u0022\u003E13 670\u003C\/p\u003E\u003C\/td\u003E\u003C\/tr\u003E\u003Ctr\u003E\u003Ctd valign=\u0022top\u0022\u003E\u003Cp\u003ECoteaux de l\u2019Ari\u00e8ge\u003C\/p\u003E\u003C\/td\u003E\u003Ctd\u003E\u003Cp align=\u0022center\u0022\u003E4 840\u003C\/p\u003E\u003C\/td\u003E\u003Ctd\u003E\u003Cp align=\u0022center\u0022\u003E2 240\u003C\/p\u003E\u003C\/td\u003E\u003Ctd\u003E\u003Cp align=\u0022center\u0022\u003E10 420\u003C\/p\u003E\u003C\/td\u003E\u003C\/tr\u003E\u003Ctr\u003E\u003Ctd valign=\u0022top\u0022\u003E\u003Cp\u003ER\u00e9gion sous Pyr\u00e9n\u00e9enne\u003C\/p\u003E\u003C\/td\u003E\u003Ctd\u003E\u003Cp align=\u0022center\u0022\u003E5 340\u003C\/p\u003E\u003C\/td\u003E\u003Ctd\u003E\u003Cp align=\u0022center\u0022\u003E1 700\u003C\/p\u003E\u003C\/td\u003E\u003Ctd\u003E\u003Cp align=\u0022center\u0022\u003E16 000\u003C\/p\u003E\u003C\/td\u003E\u003C\/tr\u003E\u003Ctr\u003E\u003Ctd valign=\u0022top\u0022\u003E\u003Cp\u003ER\u00e9gion Pyr\u00e9n\u00e9enne\u003C\/p\u003E\u003C\/td\u003E\u003Ctd\u003E\u003Cp align=\u0022center\u0022\u003E4 350\u003C\/p\u003E\u003C\/td\u003E\u003Ctd\u003E\u003Cp align=\u0022center\u0022\u003E1 440\u003C\/p\u003E\u003C\/td\u003E\u003Ctd\u003E\u003Cp align=\u0022center\u0022\u003E16 800\u003C\/p\u003E\u003C\/td\u003E\u003C\/tr\u003E\u003Ctr\u003E\u003Ctd valign=\u0022top\u0022\u003E\u003Cul\u003E\u003Cli\u003E\u003Cstrong\u003EAude\u003C\/strong\u003E\u003C\/li\u003E\u003C\/ul\u003E\u003C\/td\u003E\u003Ctd\u003E\u003Cp align=\u0022center\u0022\u003E\u0026nbsp;\u003C\/p\u003E\u003C\/td\u003E\u003Ctd\u003E\u003Cp align=\u0022center\u0022\u003E\u0026nbsp;\u003C\/p\u003E\u003C\/td\u003E\u003Ctd\u003E\u003Cp align=\u0022center\u0022\u003E\u0026nbsp;\u003C\/p\u003E\u003C\/td\u003E\u003C\/tr\u003E\u003Ctr\u003E\u003Ctd valign=\u0022top\u0022\u003E\u003Cp\u003EMontagne noire, Lauragais, R\u00e9gion viticole\u003C\/p\u003E\u003C\/td\u003E\u003Ctd\u003E\u003Cp align=\u0022center\u0022\u003E6 350\u003C\/p\u003E\u003C\/td\u003E\u003Ctd\u003E\u003Cp align=\u0022center\u0022\u003E1 060\u003C\/p\u003E\u003C\/td\u003E\u003Ctd\u003E\u003Cp align=\u0022center\u0022\u003E17 500\u003C\/p\u003E\u003C\/td\u003E\u003C\/tr\u003E\u003Ctr\u003E\u003Ctd valign=\u0022top\u0022\u003E\u003Cp\u003ERaz\u00e8s, Pays de Sault\u003C\/p\u003E\u003C\/td\u003E\u003Ctd\u003E\u003Cp align=\u0022center\u0022\u003E6 020\u003C\/p\u003E\u003C\/td\u003E\u003Ctd\u003E\u003Cp align=\u0022center\u0022\u003E800\u003C\/p\u003E\u003C\/td\u003E\u003Ctd\u003E\u003Cp align=\u0022center\u0022\u003E15 000\u003C\/p\u003E\u003C\/td\u003E\u003C\/tr\u003E\u003Ctr\u003E\u003Ctd valign=\u0022top\u0022\u003E\u003Cp\u003ENarbonnais\u003C\/p\u003E\u003C\/td\u003E\u003Ctd\u003E\u003Cp align=\u0022center\u0022\u003E8 420\u003C\/p\u003E\u003C\/td\u003E\u003Ctd\u003E\u003Cp align=\u0022center\u0022\u003E1 560\u003C\/p\u003E\u003C\/td\u003E\u003Ctd\u003E\u003Cp align=\u0022center\u0022\u003E19 050\u003C\/p\u003E\u003C\/td\u003E\u003C\/tr\u003E\u003Ctr\u003E\u003Ctd valign=\u0022top\u0022\u003E\u003Cul\u003E\u003Cli\u003E\u003Cstrong\u003EAveyron\u003C\/strong\u003E\u003C\/li\u003E\u003C\/ul\u003E\u003C\/td\u003E\u003Ctd\u003E\u0026nbsp;\u003C\/td\u003E\u003Ctd\u003E\u003Cp align=\u0022center\u0022\u003E\u0026nbsp;\u003C\/p\u003E\u003C\/td\u003E\u003Ctd\u003E\u003Cp align=\u0022center\u0022\u003E\u0026nbsp;\u003C\/p\u003E\u003C\/td\u003E\u003C\/tr\u003E\u003Ctr\u003E\u003Ctd valign=\u0022top\u0022\u003E\u003Cp\u003ES\u00e9gala\u003C\/p\u003E\u003C\/td\u003E\u003Ctd\u003E\u003Cp align=\u0022center\u0022\u003E7 680\u003C\/p\u003E\u003C\/td\u003E\u003Ctd\u003E\u003Cp align=\u0022center\u0022\u003E2 790\u003C\/p\u003E\u003C\/td\u003E\u003Ctd\u003E\u003Cp align=\u0022center\u0022\u003E12 270\u003C\/p\u003E\u003C\/td\u003E\u003C\/tr\u003E\u003Ctr\u003E\u003Ctd valign=\u0022top\u0022\u003E\u003Cp\u003EBas Quercy\u003C\/p\u003E\u003C\/td\u003E\u003Ctd\u003E\u003Cp align=\u0022center\u0022\u003END\u003C\/p\u003E\u003C\/td\u003E\u003Ctd\u003E\u003Cp align=\u0022center\u0022\u003END\u003C\/p\u003E\u003C\/td\u003E\u003Ctd\u003E\u003Cp align=\u0022center\u0022\u003END\u003C\/p\u003E\u003C\/td\u003E\u003C\/tr\u003E\u003Ctr\u003E\u003Ctd valign=\u0022top\u0022\u003E\u003Cp\u003ELevezou, Grands Causses, Monts de Lacaune\u003C\/p\u003E\u003C\/td\u003E\u003Ctd\u003E\u003Cp align=\u0022center\u0022\u003E6 650\u003C\/p\u003E\u003C\/td\u003E\u003Ctd\u003E\u003Cp align=\u0022center\u0022\u003E1 910\u003C\/p\u003E\u003C\/td\u003E\u003Ctd\u003E\u003Cp align=\u0022center\u0022\u003E13 090\u003C\/p\u003E\u003C\/td\u003E\u003C\/tr\u003E\u003Ctr\u003E\u003Ctd valign=\u0022top\u0022\u003E\u003Cp\u003ENord Aveyron\u003C\/p\u003E\u003C\/td\u003E\u003Ctd\u003E\u003Cp align=\u0022center\u0022\u003E7 780\u003C\/p\u003E\u003C\/td\u003E\u003Ctd\u003E\u003Cp align=\u0022center\u0022\u003E2 570\u003C\/p\u003E\u003C\/td\u003E\u003Ctd\u003E\u003Cp align=\u0022center\u0022\u003E12 570\u003C\/p\u003E\u003C\/td\u003E\u003C\/tr\u003E\u003Ctr\u003E\u003Ctd valign=\u0022top\u0022\u003E\u003Cul\u003E\u003Cli\u003E\u003Cstrong\u003EGard\u003C\/strong\u003E\u003C\/li\u003E\u003C\/ul\u003E\u003C\/td\u003E\u003Ctd\u003E\u003Cp align=\u0022center\u0022\u003E\u0026nbsp;\u003C\/p\u003E\u003C\/td\u003E\u003Ctd\u003E\u003Cp align=\u0022center\u0022\u003E\u0026nbsp;\u003C\/p\u003E\u003C\/td\u003E\u003Ctd\u003E\u003Cp align=\u0022center\u0022\u003E\u0026nbsp;\u003C\/p\u003E\u003C\/td\u003E\u003C\/tr\u003E\u003Ctr\u003E\u003Ctd valign=\u0022top\u0022\u003E\u003Cp\u003EC\u00e9vennes et Causses\u003C\/p\u003E\u003C\/td\u003E\u003Ctd\u003E\u003Cp align=\u0022center\u0022\u003E11 560\u003C\/p\u003E\u003C\/td\u003E\u003Ctd\u003E\u003Cp align=\u0022center\u0022\u003E1 360\u003C\/p\u003E\u003C\/td\u003E\u003Ctd\u003E\u003Cp align=\u0022center\u0022\u003E66 930\u003C\/p\u003E\u003C\/td\u003E\u003C\/tr\u003E\u003Ctr\u003E\u003Ctd valign=\u0022top\u0022\u003E\u003Cp\u003ESoubergues et Garrigues\u003C\/p\u003E\u003C\/td\u003E\u003Ctd\u003E\u003Cp align=\u0022center\u0022\u003E9 930\u003C\/p\u003E\u003C\/td\u003E\u003Ctd\u003E\u003Cp align=\u0022center\u0022\u003E3 010\u003C\/p\u003E\u003C\/td\u003E\u003Ctd\u003E\u003Cp align=\u0022center\u0022\u003E26 740\u003C\/p\u003E\u003C\/td\u003E\u003C\/tr\u003E\u003Ctr\u003E\u003Ctd valign=\u0022top\u0022\u003E\u003Cp\u003EVall\u00e9e du Rh\u00f4ne\u003C\/p\u003E\u003C\/td\u003E\u003Ctd\u003E\u003Cp align=\u0022center\u0022\u003E13 170\u003C\/p\u003E\u003C\/td\u003E\u003Ctd\u003E\u003Cp align=\u0022center\u0022\u003E4 390\u003C\/p\u003E\u003C\/td\u003E\u003Ctd\u003E\u003Cp align=\u0022center\u0022\u003E30 120\u003C\/p\u003E\u003C\/td\u003E\u003C\/tr\u003E\u003Ctr\u003E\u003Ctd valign=\u0022top\u0022\u003E\u003Cp\u003EPlaine viticole\u003C\/p\u003E\u003C\/td\u003E\u003Ctd\u003E\u003Cp align=\u0022center\u0022\u003E17 650\u003C\/p\u003E\u003C\/td\u003E\u003Ctd\u003E\u003Cp align=\u0022center\u0022\u003E6 040\u003C\/p\u003E\u003C\/td\u003E\u003Ctd\u003E\u003Cp align=\u0022center\u0022\u003E34 860\u003C\/p\u003E\u003C\/td\u003E\u003C\/tr\u003E\u003Ctr\u003E\u003Ctd valign=\u0022top\u0022\u003E\u003Cul\u003E\u003Cli\u003E\u003Cstrong\u003EGers\u003C\/strong\u003E\u003C\/li\u003E\u003C\/ul\u003E\u003C\/td\u003E\u003Ctd\u003E\u003Cp align=\u0022center\u0022\u003E\u0026nbsp;\u003C\/p\u003E\u003C\/td\u003E\u003Ctd\u003E\u003Cp align=\u0022center\u0022\u003E\u0026nbsp;\u003C\/p\u003E\u003C\/td\u003E\u003Ctd\u003E\u003Cp align=\u0022center\u0022\u003E\u0026nbsp;\u003C\/p\u003E\u003C\/td\u003E\u003C\/tr\u003E\u003Ctr\u003E\u003Ctd valign=\u0022top\u0022\u003E\u003Cp\u003EHaut-Armagnac, Lomagne\u003C\/p\u003E\u003C\/td\u003E\u003Ctd\u003E\u003Cp align=\u0022center\u0022\u003E7 270\u003C\/p\u003E\u003C\/td\u003E\u003Ctd\u003E\u003Cp align=\u0022center\u0022\u003E2 590\u003C\/p\u003E\u003C\/td\u003E\u003Ctd\u003E\u003Cp align=\u0022center\u0022\u003E11 000\u003C\/p\u003E\u003C\/td\u003E\u003C\/tr\u003E\u003Ctr\u003E\u003Ctd valign=\u0022top\u0022\u003E\u003Cp\u003ETenareze\u003C\/p\u003E\u003C\/td\u003E\u003Ctd\u003E\u003Cp align=\u0022center\u0022\u003E6 510\u003C\/p\u003E\u003C\/td\u003E\u003Ctd\u003E\u003Cp align=\u0022center\u0022\u003E2 880\u003C\/p\u003E\u003C\/td\u003E\u003Ctd\u003E\u003Cp align=\u0022center\u0022\u003E11 020\u003C\/p\u003E\u003C\/td\u003E\u003C\/tr\u003E\u003Ctr\u003E\u003Ctd valign=\u0022top\u0022\u003E\u003Cp\u003EAstarac\u003C\/p\u003E\u003C\/td\u003E\u003Ctd\u003E\u003Cp align=\u0022center\u0022\u003E7 740\u003C\/p\u003E\u003C\/td\u003E\u003Ctd\u003E\u003Cp align=\u0022center\u0022\u003E2 460\u003C\/p\u003E\u003C\/td\u003E\u003Ctd\u003E\u003Cp align=\u0022center\u0022\u003E11 260\u003C\/p\u003E\u003C\/td\u003E\u003C\/tr\u003E\u003Ctr\u003E\u003Ctd valign=\u0022top\u0022\u003E\u003Cp\u003EVic Bilh, Rivi\u00e8re Basse\u003C\/p\u003E\u003C\/td\u003E\u003Ctd\u003E\u003Cp align=\u0022center\u0022\u003E6 340\u003C\/p\u003E\u003C\/td\u003E\u003Ctd\u003E\u003Cp align=\u0022center\u0022\u003E2 570\u003C\/p\u003E\u003C\/td\u003E\u003Ctd\u003E\u003Cp align=\u0022center\u0022\u003E10 090\u003C\/p\u003E\u003C\/td\u003E\u003C\/tr\u003E\u003Ctr\u003E\u003Ctd valign=\u0022top\u0022\u003E\u003Cp\u003EBas Armagnac\u003C\/p\u003E\u003C\/td\u003E\u003Ctd\u003E\u003Cp align=\u0022center\u0022\u003E5 880\u003C\/p\u003E\u003C\/td\u003E\u003Ctd\u003E\u003Cp align=\u0022center\u0022\u003E2 190\u003C\/p\u003E\u003C\/td\u003E\u003Ctd\u003E\u003Cp align=\u0022center\u0022\u003E8 640\u003C\/p\u003E\u003C\/td\u003E\u003C\/tr\u003E\u003Ctr\u003E\u003Ctd valign=\u0022top\u0022\u003E\u003Cp\u003ECoteaux du Gers\u003C\/p\u003E\u003C\/td\u003E\u003Ctd\u003E\u003Cp align=\u0022center\u0022\u003E8 450\u003C\/p\u003E\u003C\/td\u003E\u003Ctd\u003E\u003Cp align=\u0022center\u0022\u003E3 730\u003C\/p\u003E\u003C\/td\u003E\u003Ctd\u003E\u003Cp align=\u0022center\u0022\u003E10 580\u003C\/p\u003E\u003C\/td\u003E\u003C\/tr\u003E\u003Ctr\u003E\u003Ctd valign=\u0022top\u0022\u003E\u003Cul\u003E\u003Cli\u003E\u003Cstrong\u003EHaute-Garonne\u003C\/strong\u003E\u003C\/li\u003E\u003C\/ul\u003E\u003C\/td\u003E\u003Ctd\u003E\u003Cp align=\u0022center\u0022\u003E\u0026nbsp;\u003C\/p\u003E\u003C\/td\u003E\u003Ctd\u003E\u003Cp align=\u0022center\u0022\u003E\u0026nbsp;\u003C\/p\u003E\u003C\/td\u003E\u003Ctd\u003E\u003Cp align=\u0022center\u0022\u003E\u0026nbsp;\u003C\/p\u003E\u003C\/td\u003E\u003C\/tr\u003E\u003Ctr\u003E\u003Ctd valign=\u0022top\u0022\u003E\u003Cp\u003ECoteaux du Gers\u003C\/p\u003E\u003C\/td\u003E\u003Ctd\u003E\u003Cp align=\u0022center\u0022\u003E7 830\u003C\/p\u003E\u003C\/td\u003E\u003Ctd\u003E\u003Cp align=\u0022center\u0022\u003E3 000\u003C\/p\u003E\u003C\/td\u003E\u003Ctd\u003E\u003Cp align=\u0022center\u0022\u003E13 960\u003C\/p\u003E\u003C\/td\u003E\u003C\/tr\u003E\u003Ctr\u003E\u003Ctd valign=\u0022top\u0022\u003E\u003Cp\u003ECoteaux de Gascogne, Volvestre\u003C\/p\u003E\u003C\/td\u003E\u003Ctd\u003E\u003Cp align=\u0022center\u0022\u003E6 720\u003C\/p\u003E\u003C\/td\u003E\u003Ctd\u003E\u003Cp align=\u0022center\u0022\u003E2 400\u003C\/p\u003E\u003C\/td\u003E\u003Ctd\u003E\u003Cp align=\u0022center\u0022\u003E11 760\u003C\/p\u003E\u003C\/td\u003E\u003C\/tr\u003E\u003Ctr\u003E\u003Ctd valign=\u0022top\u0022\u003E\u003Cp\u003ELes Vall\u00e9es\u003C\/p\u003E\u003C\/td\u003E\u003Ctd\u003E\u003Cp align=\u0022center\u0022\u003E8 430\u003C\/p\u003E\u003C\/td\u003E\u003Ctd\u003E\u003Cp align=\u0022center\u0022\u003E4 430\u003C\/p\u003E\u003C\/td\u003E\u003Ctd\u003E\u003Cp align=\u0022center\u0022\u003E20 090\u003C\/p\u003E\u003C\/td\u003E\u003C\/tr\u003E\u003Ctr\u003E\u003Ctd valign=\u0022top\u0022\u003E\u003Cp\u003ELauragais\u003C\/p\u003E\u003C\/td\u003E\u003Ctd\u003E\u003Cp align=\u0022center\u0022\u003E9 670\u003C\/p\u003E\u003C\/td\u003E\u003Ctd\u003E\u003Cp align=\u0022center\u0022\u003E4 000\u003C\/p\u003E\u003C\/td\u003E\u003Ctd\u003E\u003Cp align=\u0022center\u0022\u003E15 600\u003C\/p\u003E\u003C\/td\u003E\u003C\/tr\u003E\u003Ctr\u003E\u003Ctd valign=\u0022top\u0022\u003E\u003Cp\u003ELa Rivi\u00e8re, Pyr\u00e9n\u00e9es Centrales\u003C\/p\u003E\u003C\/td\u003E\u003Ctd\u003E\u003Cp align=\u0022center\u0022\u003E5 660\u003C\/p\u003E\u003C\/td\u003E\u003Ctd\u003E\u003Cp align=\u0022center\u0022\u003E2 000\u003C\/p\u003E\u003C\/td\u003E\u003Ctd\u003E\u003Cp align=\u0022center\u0022\u003E13 240\u003C\/p\u003E\u003C\/td\u003E\u003C\/tr\u003E\u003Ctr\u003E\u003Ctd valign=\u0022top\u0022\u003E\u003Cul\u003E\u003Cli\u003E\u003Cstrong\u003EHautes-Pyr\u00e9n\u00e9es\u003C\/strong\u003E\u003C\/li\u003E\u003C\/ul\u003E\u003C\/td\u003E\u003Ctd\u003E\u003Cp align=\u0022center\u0022\u003E\u0026nbsp;\u003C\/p\u003E\u003C\/td\u003E\u003Ctd\u003E\u003Cp align=\u0022center\u0022\u003E\u0026nbsp;\u003C\/p\u003E\u003C\/td\u003E\u003Ctd\u003E\u003Cp align=\u0022center\u0022\u003E\u0026nbsp;\u003C\/p\u003E\u003C\/td\u003E\u003C\/tr\u003E\u003Ctr\u003E\u003Ctd valign=\u0022top\u0022\u003E\u003Cp\u003EHaute Vall\u00e9e de l\u2019Adour et Coteaux\u003C\/p\u003E\u003C\/td\u003E\u003Ctd\u003E\u003Cp align=\u0022center\u0022\u003E8 720\u003C\/p\u003E\u003C\/td\u003E\u003Ctd\u003E\u003Cp align=\u0022center\u0022\u003E3 140\u003C\/p\u003E\u003C\/td\u003E\u003Ctd\u003E\u003Cp align=\u0022center\u0022\u003E13 000\u003C\/p\u003E\u003C\/td\u003E\u003C\/tr\u003E\u003Ctr\u003E\u003Ctd valign=\u0022top\u0022\u003E\u003Cp\u003EMontagne et Coteaux de Bigorre\u003C\/p\u003E\u003C\/td\u003E\u003Ctd\u003E\u003Cp align=\u0022center\u0022\u003E7 040\u003C\/p\u003E\u003C\/td\u003E\u003Ctd\u003E\u003Cp align=\u0022center\u0022\u003E2 020\u003C\/p\u003E\u003C\/td\u003E\u003Ctd\u003E\u003Cp align=\u0022center\u0022\u003E11 360\u003C\/p\u003E\u003C\/td\u003E\u003C\/tr\u003E\u003Ctr\u003E\u003Ctd valign=\u0022top\u0022\u003E\u003Cul\u003E\u003Cli\u003E\u003Cstrong\u003EH\u00e9rault\u003C\/strong\u003E\u003C\/li\u003E\u003C\/ul\u003E\u003C\/td\u003E\u003Ctd\u003E\u003Cp align=\u0022center\u0022\u003E\u0026nbsp;\u003C\/p\u003E\u003C\/td\u003E\u003Ctd\u003E\u003Cp align=\u0022center\u0022\u003E\u0026nbsp;\u003C\/p\u003E\u003C\/td\u003E\u003Ctd\u003E\u003Cp align=\u0022center\u0022\u003E\u0026nbsp;\u003C\/p\u003E\u003C\/td\u003E\u003C\/tr\u003E\u003Ctr\u003E\u003Ctd valign=\u0022top\u0022\u003E\u003Cp\u003ESommail, Espinouse, Larzac\u003C\/p\u003E\u003C\/td\u003E\u003Ctd\u003E\u003Cp align=\u0022center\u0022\u003E5 070\u003C\/p\u003E\u003C\/td\u003E\u003Ctd\u003E\u003Cp align=\u0022center\u0022\u003E860\u003C\/p\u003E\u003C\/td\u003E\u003Ctd\u003E\u003Cp align=\u0022center\u0022\u003E29 220\u003C\/p\u003E\u003C\/td\u003E\u003C\/tr\u003E\u003Ctr\u003E\u003Ctd valign=\u0022top\u0022\u003E\u003Cp\u003ESoubergues\u003C\/p\u003E\u003C\/td\u003E\u003Ctd\u003E\u003Cp align=\u0022center\u0022\u003E13 750\u003C\/p\u003E\u003C\/td\u003E\u003Ctd\u003E\u003Cp align=\u0022center\u0022\u003E850\u003C\/p\u003E\u003C\/td\u003E\u003Ctd\u003E\u003Cp align=\u0022center\u0022\u003E40 360\u003C\/p\u003E\u003C\/td\u003E\u003C\/tr\u003E\u003Ctr\u003E\u003Ctd valign=\u0022top\u0022\u003E\u003Cp\u003EGarrigues\u003C\/p\u003E\u003C\/td\u003E\u003Ctd\u003E\u003Cp align=\u0022center\u0022\u003E8 930\u003C\/p\u003E\u003C\/td\u003E\u003Ctd\u003E\u003Cp align=\u0022center\u0022\u003E1 610\u003C\/p\u003E\u003C\/td\u003E\u003Ctd\u003E\u003Cp align=\u0022center\u0022\u003E45 320\u003C\/p\u003E\u003C\/td\u003E\u003C\/tr\u003E\u003Ctr\u003E\u003Ctd valign=\u0022top\u0022\u003E\u003Cp\u003EMinervois\u003C\/p\u003E\u003C\/td\u003E\u003Ctd\u003E\u003Cp align=\u0022center\u0022\u003E4 400\u003C\/p\u003E\u003C\/td\u003E\u003Ctd\u003E\u003Cp align=\u0022center\u0022\u003E610\u003C\/p\u003E\u003C\/td\u003E\u003Ctd\u003E\u003Cp align=\u0022center\u0022\u003E13 360\u003C\/p\u003E\u003C\/td\u003E\u003C\/tr\u003E\u003Ctr\u003E\u003Ctd valign=\u0022top\u0022\u003E\u003Cp\u003ELittoral Languedocien, Plaine viticole\u003C\/p\u003E\u003C\/td\u003E\u003Ctd\u003E\u003Cp align=\u0022center\u0022\u003E15 800\u003C\/p\u003E\u003C\/td\u003E\u003Ctd\u003E\u003Cp align=\u0022center\u0022\u003E2 940\u003C\/p\u003E\u003C\/td\u003E\u003Ctd\u003E\u003Cp align=\u0022center\u0022\u003E45 180\u003C\/p\u003E\u003C\/td\u003E\u003C\/tr\u003E\u003Ctr\u003E\u003Ctd valign=\u0022top\u0022\u003E\u003Cul\u003E\u003Cli\u003E\u003Cstrong\u003ELot\u003C\/strong\u003E\u003C\/li\u003E\u003C\/ul\u003E\u003C\/td\u003E\u003Ctd\u003E\u003Cp align=\u0022center\u0022\u003E\u0026nbsp;\u003C\/p\u003E\u003C\/td\u003E\u003Ctd\u003E\u003Cp align=\u0022center\u0022\u003E\u0026nbsp;\u003C\/p\u003E\u003C\/td\u003E\u003Ctd\u003E\u003Cp align=\u0022center\u0022\u003E\u0026nbsp;\u003C\/p\u003E\u003C\/td\u003E\u003C\/tr\u003E\u003Ctr\u003E\u003Ctd valign=\u0022top\u0022\u003E\u003Cp\u003EQuercy Blanc, Causses\u003C\/p\u003E\u003C\/td\u003E\u003Ctd\u003E\u003Cp align=\u0022center\u0022\u003E5 590\u003C\/p\u003E\u003C\/td\u003E\u003Ctd\u003E\u003Cp align=\u0022center\u0022\u003E1 690\u003C\/p\u003E\u003C\/td\u003E\u003Ctd\u003E\u003Cp align=\u0022center\u0022\u003E15 130\u003C\/p\u003E\u003C\/td\u003E\u003C\/tr\u003E\u003Ctr\u003E\u003Ctd valign=\u0022top\u0022\u003E\u003Cp\u003ELimargue, S\u00e9gala\u003C\/p\u003E\u003C\/td\u003E\u003Ctd\u003E\u003Cp align=\u0022center\u0022\u003E5 750\u003C\/p\u003E\u003C\/td\u003E\u003Ctd\u003E\u003Cp align=\u0022center\u0022\u003E2 340\u003C\/p\u003E\u003C\/td\u003E\u003Ctd\u003E\u003Cp align=\u0022center\u0022\u003E12 060\u003C\/p\u003E\u003C\/td\u003E\u003C\/tr\u003E\u003Ctr\u003E\u003Ctd valign=\u0022top\u0022\u003E\u003Cp\u003EBouriane, Vall\u00e9es du Lot et de la Dordogne\u003C\/p\u003E\u003C\/td\u003E\u003Ctd\u003E\u003Cp align=\u0022center\u0022\u003END\u003C\/p\u003E\u003C\/td\u003E\u003Ctd\u003E\u003Cp align=\u0022center\u0022\u003END\u003C\/p\u003E\u003C\/td\u003E\u003Ctd\u003E\u003Cp align=\u0022center\u0022\u003END\u003C\/p\u003E\u003C\/td\u003E\u003C\/tr\u003E\u003Ctr\u003E\u003Ctd valign=\u0022top\u0022\u003E\u003Cul\u003E\u003Cli\u003E\u003Cstrong\u003ELoz\u00e8re\u003C\/strong\u003E\u003C\/li\u003E\u003C\/ul\u003E\u003C\/td\u003E\u003Ctd\u003E\u003Cp align=\u0022center\u0022\u003E\u0026nbsp;\u003C\/p\u003E\u003C\/td\u003E\u003Ctd\u003E\u003Cp align=\u0022center\u0022\u003E\u0026nbsp;\u003C\/p\u003E\u003C\/td\u003E\u003Ctd\u003E\u003Cp align=\u0022center\u0022\u003E\u0026nbsp;\u003C\/p\u003E\u003C\/td\u003E\u003C\/tr\u003E\u003Ctr\u003E\u003Ctd valign=\u0022top\u0022\u003E\u003Cp\u003EMargeride, Aubrac\u003C\/p\u003E\u003C\/td\u003E\u003Ctd\u003E\u003Cp align=\u0022center\u0022\u003E5 630\u003C\/p\u003E\u003C\/td\u003E\u003Ctd\u003E\u003Cp align=\u0022center\u0022\u003E740\u003C\/p\u003E\u003C\/td\u003E\u003Ctd\u003E\u003Cp align=\u0022center\u0022\u003E9 350\u003C\/p\u003E\u003C\/td\u003E\u003C\/tr\u003E\u003Ctr\u003E\u003Ctd valign=\u0022top\u0022\u003E\u003Cp\u003EC\u00e9vennes, Causses\u003C\/p\u003E\u003C\/td\u003E\u003Ctd\u003E\u003Cp align=\u0022center\u0022\u003E5 210\u003C\/p\u003E\u003C\/td\u003E\u003Ctd\u003E\u003Cp align=\u0022center\u0022\u003E890\u003C\/p\u003E\u003C\/td\u003E\u003Ctd\u003E\u003Cp align=\u0022center\u0022\u003E36 500\u003C\/p\u003E\u003C\/td\u003E\u003C\/tr\u003E\u003Ctr\u003E\u003Ctd valign=\u0022top\u0022\u003E\u003Cul\u003E\u003Cli\u003E\u003Cstrong\u003EPyr\u00e9n\u00e9es-Orientales\u003C\/strong\u003E\u003C\/li\u003E\u003C\/ul\u003E\u003C\/td\u003E\u003Ctd\u003E\u003Cp align=\u0022center\u0022\u003E\u0026nbsp;\u003C\/p\u003E\u003C\/td\u003E\u003Ctd\u003E\u003Cp align=\u0022center\u0022\u003E\u0026nbsp;\u003C\/p\u003E\u003C\/td\u003E\u003Ctd\u003E\u003Cp align=\u0022center\u0022\u003E\u0026nbsp;\u003C\/p\u003E\u003C\/td\u003E\u003C\/tr\u003E\u003Ctr\u003E\u003Ctd valign=\u0022top\u0022\u003E\u003Cp\u003EPlaine du Roussillon, Cru Banyuls\u003C\/p\u003E\u003C\/td\u003E\u003Ctd\u003E\u003Cp align=\u0022center\u0022\u003E14 960\u003C\/p\u003E\u003C\/td\u003E\u003Ctd\u003E\u003Cp align=\u0022center\u0022\u003E2 620\u003C\/p\u003E\u003C\/td\u003E\u003Ctd\u003E\u003Cp align=\u0022center\u0022\u003E39 960\u003C\/p\u003E\u003C\/td\u003E\u003C\/tr\u003E\u003Ctr\u003E\u003Ctd valign=\u0022top\u0022\u003E\u003Cp\u003EVallespir et Alb\u00e8res\u003C\/p\u003E\u003C\/td\u003E\u003Ctd\u003E\u003Cp align=\u0022center\u0022\u003E5 210\u003C\/p\u003E\u003C\/td\u003E\u003Ctd\u003E\u003Cp align=\u0022center\u0022\u003E810\u003C\/p\u003E\u003C\/td\u003E\u003Ctd\u003E\u003Cp align=\u0022center\u0022\u003E23 640\u003C\/p\u003E\u003C\/td\u003E\u003C\/tr\u003E\u003Ctr\u003E\u003Ctd valign=\u0022top\u0022\u003E\u003Cp\u003EConflent, Cerdagne, Capcir, Fenouill\u00e8des\u003C\/p\u003E\u003C\/td\u003E\u003Ctd\u003E\u003Cp align=\u0022center\u0022\u003E4 200\u003C\/p\u003E\u003C\/td\u003E\u003Ctd\u003E\u003Cp align=\u0022center\u0022\u003E890\u003C\/p\u003E\u003C\/td\u003E\u003Ctd\u003E\u003Cp align=\u0022center\u0022\u003E19 230\u003C\/p\u003E\u003C\/td\u003E\u003C\/tr\u003E\u003Ctr\u003E\u003Ctd valign=\u0022top\u0022\u003E\u003Cp\u003ECorbi\u00e8res du Roussillon\u003C\/p\u003E\u003C\/td\u003E\u003Ctd\u003E\u003Cp align=\u0022center\u0022\u003E6 140\u003C\/p\u003E\u003C\/td\u003E\u003Ctd\u003E\u003Cp align=\u0022center\u0022\u003E890\u003C\/p\u003E\u003C\/td\u003E\u003Ctd\u003E\u003Cp align=\u0022center\u0022\u003E20 050\u003C\/p\u003E\u003C\/td\u003E\u003C\/tr\u003E\u003Ctr\u003E\u003Ctd valign=\u0022top\u0022\u003E\u003Cul\u003E\u003Cli\u003E\u003Cstrong\u003ETarn\u003C\/strong\u003E\u003C\/li\u003E\u003C\/ul\u003E\u003C\/td\u003E\u003Ctd\u003E\u003Cp align=\u0022center\u0022\u003E\u0026nbsp;\u003C\/p\u003E\u003C\/td\u003E\u003Ctd\u003E\u003Cp align=\u0022center\u0022\u003E\u0026nbsp;\u003C\/p\u003E\u003C\/td\u003E\u003Ctd\u003E\u003Cp align=\u0022center\u0022\u003E\u0026nbsp;\u003C\/p\u003E\u003C\/td\u003E\u003C\/tr\u003E\u003Ctr\u003E\u003Ctd valign=\u0022top\u0022\u003E\u003Cp\u003EGaillacois\u003C\/p\u003E\u003C\/td\u003E\u003Ctd\u003E\u003Cp align=\u0022center\u0022\u003E7 470\u003C\/p\u003E\u003C\/td\u003E\u003Ctd\u003E\u003Cp align=\u0022center\u0022\u003E2 770\u003C\/p\u003E\u003C\/td\u003E\u003Ctd\u003E\u003Cp align=\u0022center\u0022\u003E12 540\u003C\/p\u003E\u003C\/td\u003E\u003C\/tr\u003E\u003Ctr\u003E\u003Ctd valign=\u0022top\u0022\u003E\u003Cp\u003ETarn croissant Nord Est\u003C\/p\u003E\u003C\/td\u003E\u003Ctd\u003E\u003Cp align=\u0022center\u0022\u003E5 460\u003C\/p\u003E\u003C\/td\u003E\u003Ctd\u003E\u003Cp align=\u0022center\u0022\u003E1 680\u003C\/p\u003E\u003C\/td\u003E\u003Ctd\u003E\u003Cp align=\u0022center\u0022\u003E9 920\u003C\/p\u003E\u003C\/td\u003E\u003C\/tr\u003E\u003Ctr\u003E\u003Ctd valign=\u0022top\u0022\u003E\u003Cp\u003ETarn Centre Sud\u003C\/p\u003E\u003C\/td\u003E\u003Ctd\u003E\u003Cp align=\u0022center\u0022\u003E6 970\u003C\/p\u003E\u003C\/td\u003E\u003Ctd\u003E\u003Cp align=\u0022center\u0022\u003E2 470\u003C\/p\u003E\u003C\/td\u003E\u003Ctd\u003E\u003Cp align=\u0022center\u0022\u003E12 400\u003C\/p\u003E\u003C\/td\u003E\u003C\/tr\u003E\u003Ctr\u003E\u003Ctd valign=\u0022top\u0022\u003E\u003Cul\u003E\u003Cli\u003E\u003Cstrong\u003ETarn-et-Garonne\u003C\/strong\u003E\u003C\/li\u003E\u003C\/ul\u003E\u003C\/td\u003E\u003Ctd\u003E\u003Cp align=\u0022center\u0022\u003E\u0026nbsp;\u003C\/p\u003E\u003C\/td\u003E\u003Ctd\u003E\u003Cp align=\u0022center\u0022\u003E\u0026nbsp;\u003C\/p\u003E\u003C\/td\u003E\u003Ctd\u003E\u003Cp align=\u0022center\u0022\u003E\u0026nbsp;\u003C\/p\u003E\u003C\/td\u003E\u003C\/tr\u003E\u003Ctr\u003E\u003Ctd valign=\u0022top\u0022\u003E\u003Cp\u003EBas Quercy de Montpezat, Pays de Serres\u003C\/p\u003E\u003C\/td\u003E\u003Ctd\u003E\u003Cp align=\u0022center\u0022\u003E6 820\u003C\/p\u003E\u003C\/td\u003E\u003Ctd\u003E\u003Cp align=\u0022center\u0022\u003E2 240\u003C\/p\u003E\u003C\/td\u003E\u003Ctd\u003E\u003Cp align=\u0022center\u0022\u003E15 000\u003C\/p\u003E\u003C\/td\u003E\u003C\/tr\u003E\u003Ctr\u003E\u003Ctd valign=\u0022top\u0022\u003E\u003Cp\u003ECoteaux du Gers, Lomagne\u003C\/p\u003E\u003C\/td\u003E\u003Ctd\u003E\u003Cp align=\u0022center\u0022\u003E7 870\u003C\/p\u003E\u003C\/td\u003E\u003Ctd\u003E\u003Cp align=\u0022center\u0022\u003E3 000\u003C\/p\u003E\u003C\/td\u003E\u003Ctd\u003E\u003Cp align=\u0022center\u0022\u003E10 820\u003C\/p\u003E\u003C\/td\u003E\u003C\/tr\u003E\u003Ctr\u003E\u003Ctd valign=\u0022top\u0022\u003E\u003Cp\u003EVall\u00e9es et Terrasses, Rouergue\u003C\/p\u003E\u003C\/td\u003E\u003Ctd\u003E\u003Cp align=\u0022center\u0022\u003E9 540\u003C\/p\u003E\u003C\/td\u003E\u003Ctd\u003E\u003Cp align=\u0022center\u0022\u003E3 500\u003C\/p\u003E\u003C\/td\u003E\u003Ctd\u003E\u003Cp align=\u0022center\u0022\u003E15 840\u003C\/p\u003E\u003C\/td\u003E\u003C\/tr\u003E\u003Ctr\u003E\u003Ctd valign=\u0022top\u0022\u003E\u003Cp\u003ECausses du Quercy, Rouergue\u003C\/p\u003E\u003C\/td\u003E\u003Ctd\u003E\u003Cp align=\u0022center\u0022\u003E5 640\u003C\/p\u003E\u003C\/td\u003E\u003Ctd\u003E\u003Cp align=\u0022center\u0022\u003E1 700\u003C\/p\u003E\u003C\/td\u003E\u003Ctd\u003E\u003Cp align=\u0022center\u0022\u003E10 860\u003C\/p\u003E\u003C\/td\u003E\u003C\/tr\u003E\u003Ctr\u003E\u003Ctd valign=\u0022top\u0022\u003E\u003Cp\u003EBas Quercy de Montclars et Lauragais\u003C\/p\u003E\u003C\/td\u003E\u003Ctd\u003E\u003Cp align=\u0022center\u0022\u003E7 750\u003C\/p\u003E\u003C\/td\u003E\u003Ctd\u003E\u003Cp align=\u0022center\u0022\u003E3 660\u003C\/p\u003E\u003C\/td\u003E\u003Ctd\u003E\u003Cp align=\u0022center\u0022\u003E13 720\u003C\/p\u003E\u003C\/td\u003E\u003C\/tr\u003E\u003Ctr\u003E\u003Ctd valign=\u0022top\u0022\u003E\u003Cp\u003E\u003Cstrong\u003EPays de la Loire\u003C\/strong\u003E\u003C\/p\u003E\u003C\/td\u003E\u003Ctd\u003E\u003Cp align=\u0022center\u0022\u003E\u0026nbsp;\u003C\/p\u003E\u003C\/td\u003E\u003Ctd\u003E\u003Cp align=\u0022center\u0022\u003E\u0026nbsp;\u003C\/p\u003E\u003C\/td\u003E\u003Ctd\u003E\u003Cp align=\u0022center\u0022\u003E\u0026nbsp;\u003C\/p\u003E\u003C\/td\u003E\u003C\/tr\u003E\u003Ctr\u003E\u003Ctd valign=\u0022top\u0022\u003E\u003Cul\u003E\u003Cli\u003E\u003Cstrong\u003ELoire-Atlantique\u003C\/strong\u003E\u003C\/li\u003E\u003C\/ul\u003E\u003C\/td\u003E\u003Ctd\u003E\u003Cp align=\u0022center\u0022\u003E\u0026nbsp;\u003C\/p\u003E\u003C\/td\u003E\u003Ctd\u003E\u003Cp align=\u0022center\u0022\u003E\u0026nbsp;\u003C\/p\u003E\u003C\/td\u003E\u003Ctd\u003E\u003Cp align=\u0022center\u0022\u003E\u0026nbsp;\u003C\/p\u003E\u003C\/td\u003E\u003C\/tr\u003E\u003Ctr\u003E\u003Ctd valign=\u0022top\u0022\u003E\u003Cp\u003EPays de Ch\u00e2teaubriant\u003C\/p\u003E\u003C\/td\u003E\u003Ctd\u003E\u003Cp align=\u0022center\u0022\u003E3 480\u003C\/p\u003E\u003C\/td\u003E\u003Ctd\u003E\u003Cp align=\u0022center\u0022\u003E1 500\u003C\/p\u003E\u003C\/td\u003E\u003Ctd\u003E\u003Cp align=\u0022center\u0022\u003E10 980\u003C\/p\u003E\u003C\/td\u003E\u003C\/tr\u003E\u003Ctr\u003E\u003Ctd valign=\u0022top\u0022\u003E\u003Cp\u003EEstuaire de la Loire, R\u00e9gion Nantaise\u003C\/p\u003E\u003C\/td\u003E\u003Ctd\u003E\u003Cp align=\u0022center\u0022\u003E2 240\u003C\/p\u003E\u003C\/td\u003E\u003Ctd\u003E\u003Cp align=\u0022center\u0022\u003E800\u003C\/p\u003E\u003C\/td\u003E\u003Ctd\u003E\u003Cp align=\u0022center\u0022\u003E9 490\u003C\/p\u003E\u003C\/td\u003E\u003C\/tr\u003E\u003Ctr\u003E\u003Ctd valign=\u0022top\u0022\u003E\u003Cp\u003ENord-Ouest Loire Atlantique\u003C\/p\u003E\u003C\/td\u003E\u003Ctd\u003E\u003Cp align=\u0022center\u0022\u003E2 620\u003C\/p\u003E\u003C\/td\u003E\u003Ctd\u003E\u003Cp align=\u0022center\u0022\u003E1 000\u003C\/p\u003E\u003C\/td\u003E\u003Ctd\u003E\u003Cp align=\u0022center\u0022\u003E9 400\u003C\/p\u003E\u003C\/td\u003E\u003C\/tr\u003E\u003Ctr\u003E\u003Ctd valign=\u0022top\u0022\u003E\u003Cp\u003EPays de S\u00e8vres et Maine\u003C\/p\u003E\u003C\/td\u003E\u003Ctd\u003E\u003Cp align=\u0022center\u0022\u003E3 560\u003C\/p\u003E\u003C\/td\u003E\u003Ctd\u003E\u003Cp align=\u0022center\u0022\u003E1 230\u003C\/p\u003E\u003C\/td\u003E\u003Ctd\u003E\u003Cp align=\u0022center\u0022\u003E15 000\u003C\/p\u003E\u003C\/td\u003E\u003C\/tr\u003E\u003Ctr\u003E\u003Ctd valign=\u0022top\u0022\u003E\u003Cp\u003EPays de Retz\u003C\/p\u003E\u003C\/td\u003E\u003Ctd\u003E\u003Cp align=\u0022center\u0022\u003E3 480\u003C\/p\u003E\u003C\/td\u003E\u003Ctd\u003E\u003Cp align=\u0022center\u0022\u003E1 000\u003C\/p\u003E\u003C\/td\u003E\u003Ctd\u003E\u003Cp align=\u0022center\u0022\u003E15 990\u003C\/p\u003E\u003C\/td\u003E\u003C\/tr\u003E\u003Ctr\u003E\u003Ctd valign=\u0022top\u0022\u003E\u003Cp\u003EBocage Angevin\u003C\/p\u003E\u003C\/td\u003E\u003Ctd\u003E\u003Cp align=\u0022center\u0022\u003E2 900\u003C\/p\u003E\u003C\/td\u003E\u003Ctd\u003E\u003Cp align=\u0022center\u0022\u003E1 190\u003C\/p\u003E\u003C\/td\u003E\u003Ctd\u003E\u003Cp align=\u0022center\u0022\u003E14 570\u003C\/p\u003E\u003C\/td\u003E\u003C\/tr\u003E\u003Ctr\u003E\u003Ctd valign=\u0022top\u0022\u003E\u003Cp\u003EMarais Breton et Bas Bocage\u003C\/p\u003E\u003C\/td\u003E\u003Ctd\u003E\u003Cp align=\u0022center\u0022\u003E2 450\u003C\/p\u003E\u003C\/td\u003E\u003Ctd\u003E\u003Cp align=\u0022center\u0022\u003E1 000\u003C\/p\u003E\u003C\/td\u003E\u003Ctd\u003E\u003Cp align=\u0022center\u0022\u003E9 430\u003C\/p\u003E\u003C\/td\u003E\u003C\/tr\u003E\u003Ctr\u003E\u003Ctd valign=\u0022top\u0022\u003E\u003Cul\u003E\u003Cli\u003E\u003Cstrong\u003EMaine-et-Loire\u003C\/strong\u003E\u003C\/li\u003E\u003C\/ul\u003E\u003C\/td\u003E\u003Ctd\u003E\u003Cp align=\u0022center\u0022\u003E\u0026nbsp;\u003C\/p\u003E\u003C\/td\u003E\u003Ctd\u003E\u003Cp align=\u0022center\u0022\u003E\u0026nbsp;\u003C\/p\u003E\u003C\/td\u003E\u003Ctd\u003E\u003Cp align=\u0022center\u0022\u003E\u0026nbsp;\u003C\/p\u003E\u003C\/td\u003E\u003C\/tr\u003E\u003Ctr\u003E\u003Ctd valign=\u0022top\u0022\u003E\u003Cp\u003EVall\u00e9e de la Loire\u003C\/p\u003E\u003C\/td\u003E\u003Ctd\u003E\u003Cp align=\u0022center\u0022\u003E4 390\u003C\/p\u003E\u003C\/td\u003E\u003Ctd\u003E\u003Cp align=\u0022center\u0022\u003E1 500\u003C\/p\u003E\u003C\/td\u003E\u003Ctd\u003E\u003Cp align=\u0022center\u0022\u003E15 770\u003C\/p\u003E\u003C\/td\u003E\u003C\/tr\u003E\u003Ctr\u003E\u003Ctd valign=\u0022top\u0022\u003E\u003Cp\u003EBeaugeois\u003C\/p\u003E\u003C\/td\u003E\u003Ctd\u003E\u003Cp align=\u0022center\u0022\u003E3 620\u003C\/p\u003E\u003C\/td\u003E\u003Ctd\u003E\u003Cp align=\u0022center\u0022\u003E1 270\u003C\/p\u003E\u003C\/td\u003E\u003Ctd\u003E\u003Cp align=\u0022center\u0022\u003E8 040\u003C\/p\u003E\u003C\/td\u003E\u003C\/tr\u003E\u003Ctr\u003E\u003Ctd valign=\u0022top\u0022\u003E\u003Cp\u003ESaumurois\u003C\/p\u003E\u003C\/td\u003E\u003Ctd\u003E\u003Cp align=\u0022center\u0022\u003E4 090\u003C\/p\u003E\u003C\/td\u003E\u003Ctd\u003E\u003Cp align=\u0022center\u0022\u003E1 440\u003C\/p\u003E\u003C\/td\u003E\u003Ctd\u003E\u003Cp align=\u0022center\u0022\u003E9 380\u003C\/p\u003E\u003C\/td\u003E\u003C\/tr\u003E\u003Ctr\u003E\u003Ctd valign=\u0022top\u0022\u003E\u003Cp\u003EBocage Angevin\u003C\/p\u003E\u003C\/td\u003E\u003Ctd\u003E\u003Cp align=\u0022center\u0022\u003E4 170\u003C\/p\u003E\u003C\/td\u003E\u003Ctd\u003E\u003Cp align=\u0022center\u0022\u003E1 550\u003C\/p\u003E\u003C\/td\u003E\u003Ctd\u003E\u003Cp align=\u0022center\u0022\u003E8 960\u003C\/p\u003E\u003C\/td\u003E\u003C\/tr\u003E\u003Ctr\u003E\u003Ctd valign=\u0022top\u0022\u003E\u003Cp\u003ELes Mauges\u003C\/p\u003E\u003C\/td\u003E\u003Ctd\u003E\u003Cp align=\u0022center\u0022\u003E2 830\u003C\/p\u003E\u003C\/td\u003E\u003Ctd\u003E\u003Cp align=\u0022center\u0022\u003E1 100\u003C\/p\u003E\u003C\/td\u003E\u003Ctd\u003E\u003Cp align=\u0022center\u0022\u003E8 920\u003C\/p\u003E\u003C\/td\u003E\u003C\/tr\u003E\u003Ctr\u003E\u003Ctd valign=\u0022top\u0022\u003E\u003Cp\u003ELe Layon\u003C\/p\u003E\u003C\/td\u003E\u003Ctd\u003E\u003Cp align=\u0022center\u0022\u003E3 420\u003C\/p\u003E\u003C\/td\u003E\u003Ctd\u003E\u003Cp align=\u0022center\u0022\u003E1 200\u003C\/p\u003E\u003C\/td\u003E\u003Ctd\u003E\u003Cp align=\u0022center\u0022\u003E6 680\u003C\/p\u003E\u003C\/td\u003E\u003C\/tr\u003E\u003Ctr\u003E\u003Ctd valign=\u0022top\u0022\u003E\u003Cul\u003E\u003Cli\u003E\u003Cstrong\u003EMayenne\u003C\/strong\u003E\u003C\/li\u003E\u003C\/ul\u003E\u003C\/td\u003E\u003Ctd\u003E\u003Cp align=\u0022center\u0022\u003E\u0026nbsp;\u003C\/p\u003E\u003C\/td\u003E\u003Ctd\u003E\u003Cp align=\u0022center\u0022\u003E\u0026nbsp;\u003C\/p\u003E\u003C\/td\u003E\u003Ctd\u003E\u003Cp align=\u0022center\u0022\u003E\u0026nbsp;\u003C\/p\u003E\u003C\/td\u003E\u003C\/tr\u003E\u003Ctr\u003E\u003Ctd valign=\u0022top\u0022\u003E\u003Cp\u003ER\u00e9gion d\u2019Embouche de l\u2019Erve\u003C\/p\u003E\u003C\/td\u003E\u003Ctd\u003E\u003Cp align=\u0022center\u0022\u003E5 900\u003C\/p\u003E\u003C\/td\u003E\u003Ctd\u003E\u003Cp align=\u0022center\u0022\u003E2 230\u003C\/p\u003E\u003C\/td\u003E\u003Ctd\u003E\u003Cp align=\u0022center\u0022\u003E7 560\u003C\/p\u003E\u003C\/td\u003E\u003C\/tr\u003E\u003Ctr\u003E\u003Ctd valign=\u0022top\u0022\u003E\u003Cp\u003ER\u00e9gion de Polyculture de Laval\u003C\/p\u003E\u003C\/td\u003E\u003Ctd\u003E\u003Cp align=\u0022center\u0022\u003E5 330\u003C\/p\u003E\u003C\/td\u003E\u003Ctd\u003E\u003Cp align=\u0022center\u0022\u003E1 390\u003C\/p\u003E\u003C\/td\u003E\u003Ctd\u003E\u003Cp align=\u0022center\u0022\u003E11 560\u003C\/p\u003E\u003C\/td\u003E\u003C\/tr\u003E\u003Ctr\u003E\u003Ctd valign=\u0022top\u0022\u003E\u003Cp\u003EBocage Angevin\u003C\/p\u003E\u003C\/td\u003E\u003Ctd\u003E\u003Cp align=\u0022center\u0022\u003E6 210\u003C\/p\u003E\u003C\/td\u003E\u003Ctd\u003E\u003Cp align=\u0022center\u0022\u003E3 130\u003C\/p\u003E\u003C\/td\u003E\u003Ctd\u003E\u003Cp align=\u0022center\u0022\u003E8 500\u003C\/p\u003E\u003C\/td\u003E\u003C\/tr\u003E\u003Ctr\u003E\u003Ctd valign=\u0022top\u0022\u003E\u003Cp\u003EZone d\u2019Elevage\u003C\/p\u003E\u003C\/td\u003E\u003Ctd\u003E\u003Cp align=\u0022center\u0022\u003E6 880\u003C\/p\u003E\u003C\/td\u003E\u003Ctd\u003E\u003Cp align=\u0022center\u0022\u003E2 720\u003C\/p\u003E\u003C\/td\u003E\u003Ctd\u003E\u003Cp align=\u0022center\u0022\u003E11 000\u003C\/p\u003E\u003C\/td\u003E\u003C\/tr\u003E\u003Ctr\u003E\u003Ctd valign=\u0022top\u0022\u003E\u003Cul\u003E\u003Cli\u003E\u003Cstrong\u003ESarthe\u003C\/strong\u003E\u003C\/li\u003E\u003C\/ul\u003E\u003C\/td\u003E\u003Ctd\u003E\u003Cp align=\u0022center\u0022\u003E\u0026nbsp;\u003C\/p\u003E\u003C\/td\u003E\u003Ctd\u003E\u003Cp align=\u0022center\u0022\u003E\u0026nbsp;\u003C\/p\u003E\u003C\/td\u003E\u003Ctd\u003E\u003Cp align=\u0022center\u0022\u003E\u0026nbsp;\u003C\/p\u003E\u003C\/td\u003E\u003C\/tr\u003E\u003Ctr\u003E\u003Ctd valign=\u0022top\u0022\u003E\u003Cp\u003EPerche\u003C\/p\u003E\u003C\/td\u003E\u003Ctd\u003E\u003Cp align=\u0022center\u0022\u003E5 270\u003C\/p\u003E\u003C\/td\u003E\u003Ctd\u003E\u003Cp align=\u0022center\u0022\u003E1 510\u003C\/p\u003E\u003C\/td\u003E\u003Ctd\u003E\u003Cp align=\u0022center\u0022\u003E10 090\u003C\/p\u003E\u003C\/td\u003E\u003C\/tr\u003E\u003Ctr\u003E\u003Ctd valign=\u0022top\u0022\u003E\u003Cp\u003EChampagne Mancelle, Saosnois\u003C\/p\u003E\u003C\/td\u003E\u003Ctd\u003E\u003Cp align=\u0022center\u0022\u003E6 420\u003C\/p\u003E\u003C\/td\u003E\u003Ctd\u003E\u003Cp align=\u0022center\u0022\u003E500\u003C\/p\u003E\u003C\/td\u003E\u003Ctd\u003E\u003Cp align=\u0022center\u0022\u003E9 990\u003C\/p\u003E\u003C\/td\u003E\u003C\/tr\u003E\u003Ctr\u003E\u003Ctd valign=\u0022top\u0022\u003E\u003Cp\u003ESarthe Sud\u003C\/p\u003E\u003C\/td\u003E\u003Ctd\u003E\u003Cp align=\u0022center\u0022\u003E4 150\u003C\/p\u003E\u003C\/td\u003E\u003Ctd\u003E\u003Cp align=\u0022center\u0022\u003E1 350\u003C\/p\u003E\u003C\/td\u003E\u003Ctd\u003E\u003Cp align=\u0022center\u0022\u003E9 870\u003C\/p\u003E\u003C\/td\u003E\u003C\/tr\u003E\u003Ctr\u003E\u003Ctd valign=\u0022top\u0022\u003E\u003Cp\u003EPlaine d\u2019Alen\u00e7on, Bocage des Alpes Mancelles\u003C\/p\u003E\u003C\/td\u003E\u003Ctd\u003E\u003Cp align=\u0022center\u0022\u003E4 690\u003C\/p\u003E\u003C\/td\u003E\u003Ctd\u003E\u003Cp align=\u0022center\u0022\u003E1 580\u003C\/p\u003E\u003C\/td\u003E\u003Ctd\u003E\u003Cp align=\u0022center\u0022\u003E11 070\u003C\/p\u003E\u003C\/td\u003E\u003C\/tr\u003E\u003Ctr\u003E\u003Ctd valign=\u0022top\u0022\u003E\u003Cp\u003EPlateau Calaisien\u003C\/p\u003E\u003C\/td\u003E\u003Ctd\u003E\u003Cp align=\u0022center\u0022\u003E3 390\u003C\/p\u003E\u003C\/td\u003E\u003Ctd\u003E\u003Cp align=\u0022center\u0022\u003E1 450\u003C\/p\u003E\u003C\/td\u003E\u003Ctd\u003E\u003Cp align=\u0022center\u0022\u003E9 990\u003C\/p\u003E\u003C\/td\u003E\u003C\/tr\u003E\u003Ctr\u003E\u003Ctd valign=\u0022top\u0022\u003E\u003Cp\u003ER\u00e9gion Mancelle, Bellinois\u003C\/p\u003E\u003C\/td\u003E\u003Ctd\u003E\u003Cp align=\u0022center\u0022\u003E4 960\u003C\/p\u003E\u003C\/td\u003E\u003Ctd\u003E\u003Cp align=\u0022center\u0022\u003E1 960\u003C\/p\u003E\u003C\/td\u003E\u003Ctd\u003E\u003Cp align=\u0022center\u0022\u003E13 400\u003C\/p\u003E\u003C\/td\u003E\u003C\/tr\u003E\u003Ctr\u003E\u003Ctd valign=\u0022top\u0022\u003E\u003Cp\u003EVall\u00e9e de la Sarthe Nord\u003C\/p\u003E\u003C\/td\u003E\u003Ctd\u003E\u003Cp align=\u0022center\u0022\u003E4 730\u003C\/p\u003E\u003C\/td\u003E\u003Ctd\u003E\u003Cp align=\u0022center\u0022\u003E890\u003C\/p\u003E\u003C\/td\u003E\u003Ctd\u003E\u003Cp align=\u0022center\u0022\u003E11 550\u003C\/p\u003E\u003C\/td\u003E\u003C\/tr\u003E\u003Ctr\u003E\u003Ctd valign=\u0022top\u0022\u003E\u003Cul\u003E\u003Cli\u003E\u003Cstrong\u003EVend\u00e9e\u003C\/strong\u003E\u003C\/li\u003E\u003C\/ul\u003E\u003C\/td\u003E\u003Ctd\u003E\u003Cp align=\u0022center\u0022\u003E\u0026nbsp;\u003C\/p\u003E\u003C\/td\u003E\u003Ctd\u003E\u003Cp align=\u0022center\u0022\u003E\u0026nbsp;\u003C\/p\u003E\u003C\/td\u003E\u003Ctd\u003E\u003Cp align=\u0022center\u0022\u003E\u0026nbsp;\u003C\/p\u003E\u003C\/td\u003E\u003C\/tr\u003E\u003Ctr\u003E\u003Ctd valign=\u0022top\u0022\u003E\u003Cp\u003EMarais Breton\u003C\/p\u003E\u003C\/td\u003E\u003Ctd\u003E\u003Cp align=\u0022center\u0022\u003E2 740\u003C\/p\u003E\u003C\/td\u003E\u003Ctd\u003E\u003Cp align=\u0022center\u0022\u003E900\u003C\/p\u003E\u003C\/td\u003E\u003Ctd\u003E\u003Cp align=\u0022center\u0022\u003E10 000\u003C\/p\u003E\u003C\/td\u003E\u003C\/tr\u003E\u003Ctr\u003E\u003Ctd valign=\u0022top\u0022\u003E\u003Cp\u003EBas Bocage\u003C\/p\u003E\u003C\/td\u003E\u003Ctd\u003E\u003Cp align=\u0022center\u0022\u003E2 720\u003C\/p\u003E\u003C\/td\u003E\u003Ctd\u003E\u003Cp align=\u0022center\u0022\u003E1 090\u003C\/p\u003E\u003C\/td\u003E\u003Ctd\u003E\u003Cp align=\u0022center\u0022\u003E12 010\u003C\/p\u003E\u003C\/td\u003E\u003C\/tr\u003E\u003Ctr\u003E\u003Ctd valign=\u0022top\u0022\u003E\u003Cp\u003EMarais Poitevin\u003C\/p\u003E\u003C\/td\u003E\u003Ctd\u003E\u003Cp align=\u0022center\u0022\u003E3 100\u003C\/p\u003E\u003C\/td\u003E\u003Ctd\u003E\u003Cp align=\u0022center\u0022\u003E1 170\u003C\/p\u003E\u003C\/td\u003E\u003Ctd\u003E\u003Cp align=\u0022center\u0022\u003E8 280\u003C\/p\u003E\u003C\/td\u003E\u003C\/tr\u003E\u003Ctr\u003E\u003Ctd valign=\u0022top\u0022\u003E\u003Cp\u003EPlaine Vend\u00e9enne\u003C\/p\u003E\u003C\/td\u003E\u003Ctd\u003E\u003Cp align=\u0022center\u0022\u003E3 900\u003C\/p\u003E\u003C\/td\u003E\u003Ctd\u003E\u003Cp align=\u0022center\u0022\u003E1 250\u003C\/p\u003E\u003C\/td\u003E\u003Ctd\u003E\u003Cp align=\u0022center\u0022\u003E9 230\u003C\/p\u003E\u003C\/td\u003E\u003C\/tr\u003E\u003Ctr\u003E\u003Ctd valign=\u0022top\u0022\u003E\u003Cp\u003EHaut Bocage\u003C\/p\u003E\u003C\/td\u003E\u003Ctd\u003E\u003Cp align=\u0022center\u0022\u003E2 330\u003C\/p\u003E\u003C\/td\u003E\u003Ctd\u003E\u003Cp align=\u0022center\u0022\u003E1 150\u003C\/p\u003E\u003C\/td\u003E\u003Ctd\u003E\u003Cp align=\u0022center\u0022\u003E5 640\u003C\/p\u003E\u003C\/td\u003E\u003C\/tr\u003E\u003Ctr\u003E\u003Ctd valign=\u0022top\u0022\u003E\u003Cp\u003E\u003Cstrong\u003EProvence-Alpes-C\u00f4te d\u2019Azur\u003C\/strong\u003E\u003C\/p\u003E\u003C\/td\u003E\u003Ctd\u003E\u003Cp align=\u0022center\u0022\u003E\u0026nbsp;\u003C\/p\u003E\u003C\/td\u003E\u003Ctd\u003E\u003Cp align=\u0022center\u0022\u003E\u0026nbsp;\u003C\/p\u003E\u003C\/td\u003E\u003Ctd\u003E\u003Cp align=\u0022center\u0022\u003E\u0026nbsp;\u003C\/p\u003E\u003C\/td\u003E\u003C\/tr\u003E\u003Ctr\u003E\u003Ctd valign=\u0022top\u0022\u003E\u003Cul\u003E\u003Cli\u003E\u003Cstrong\u003EAlpes-de-Haute-Provence\u003C\/strong\u003E\u003C\/li\u003E\u003C\/ul\u003E\u003C\/td\u003E\u003Ctd\u003E\u003Cp align=\u0022center\u0022\u003E\u0026nbsp;\u003C\/p\u003E\u003C\/td\u003E\u003Ctd\u003E\u003Cp align=\u0022center\u0022\u003E\u0026nbsp;\u003C\/p\u003E\u003C\/td\u003E\u003Ctd\u003E\u003Cp align=\u0022center\u0022\u003E\u0026nbsp;\u003C\/p\u003E\u003C\/td\u003E\u003C\/tr\u003E\u003Ctr\u003E\u003Ctd valign=\u0022top\u0022\u003E\u003Cp\u003EPlateau de Valensole\u003C\/p\u003E\u003C\/td\u003E\u003Ctd\u003E\u003Cp align=\u0022center\u0022\u003E6 620\u003C\/p\u003E\u003C\/td\u003E\u003Ctd\u003E\u003Cp align=\u0022center\u0022\u003E2 920\u003C\/p\u003E\u003C\/td\u003E\u003Ctd\u003E\u003Cp align=\u0022center\u0022\u003E17 780\u003C\/p\u003E\u003C\/td\u003E\u003C\/tr\u003E\u003Ctr\u003E\u003Ctd valign=\u0022top\u0022\u003E\u003Cp\u003ESisteronnais, Montagne de Haute Provence\u003C\/p\u003E\u003C\/td\u003E\u003Ctd\u003E\u003Cp align=\u0022center\u0022\u003E8 040\u003C\/p\u003E\u003C\/td\u003E\u003Ctd\u003E\u003Cp align=\u0022center\u0022\u003E1 800\u003C\/p\u003E\u003C\/td\u003E\u003Ctd\u003E\u003Cp align=\u0022center\u0022\u003E35 360\u003C\/p\u003E\u003C\/td\u003E\u003C\/tr\u003E\u003Ctr\u003E\u003Ctd valign=\u0022top\u0022\u003E\u003Cp\u003EPlateau de Forcalquier\u003C\/p\u003E\u003C\/td\u003E\u003Ctd\u003E\u003Cp align=\u0022center\u0022\u003E5 990\u003C\/p\u003E\u003C\/td\u003E\u003Ctd\u003E\u003Cp align=\u0022center\u0022\u003E1 950\u003C\/p\u003E\u003C\/td\u003E\u003Ctd\u003E\u003Cp align=\u0022center\u0022\u003E10 000\u003C\/p\u003E\u003C\/td\u003E\u003C\/tr\u003E\u003Ctr\u003E\u003Ctd valign=\u0022top\u0022\u003E\u003Cp\u003EVal de Durance\u003C\/p\u003E\u003C\/td\u003E\u003Ctd\u003E\u003Cp align=\u0022center\u0022\u003E8 570\u003C\/p\u003E\u003C\/td\u003E\u003Ctd\u003E\u003Cp align=\u0022center\u0022\u003E5 160\u003C\/p\u003E\u003C\/td\u003E\u003Ctd\u003E\u003Cp align=\u0022center\u0022\u003E12 780\u003C\/p\u003E\u003C\/td\u003E\u003C\/tr\u003E\u003Ctr\u003E\u003Ctd valign=\u0022top\u0022\u003E\u003Cul\u003E\u003Cli\u003E\u003Cstrong\u003EHautes-Alpes\u003C\/strong\u003E\u003C\/li\u003E\u003C\/ul\u003E\u003C\/td\u003E\u003Ctd\u003E\u003Cp align=\u0022center\u0022\u003E\u0026nbsp;\u003C\/p\u003E\u003C\/td\u003E\u003Ctd\u003E\u003Cp align=\u0022center\u0022\u003E\u0026nbsp;\u003C\/p\u003E\u003C\/td\u003E\u003Ctd\u003E\u003Cp align=\u0022center\u0022\u003E\u0026nbsp;\u003C\/p\u003E\u003C\/td\u003E\u003C\/tr\u003E\u003Ctr\u003E\u003Ctd valign=\u0022top\u0022\u003E\u003Cp\u003EEst Hautes-Alpes\u003C\/p\u003E\u003C\/td\u003E\u003Ctd\u003E\u003Cp align=\u0022center\u0022\u003E6 890\u003C\/p\u003E\u003C\/td\u003E\u003Ctd\u003E\u003Cp align=\u0022center\u0022\u003E1 950\u003C\/p\u003E\u003C\/td\u003E\u003Ctd\u003E\u003Cp align=\u0022center\u0022\u003E16 600\u003C\/p\u003E\u003C\/td\u003E\u003C\/tr\u003E\u003Ctr\u003E\u003Ctd valign=\u0022top\u0022\u003E\u003Cp\u003EOuest Hautes-Alpes\u003C\/p\u003E\u003C\/td\u003E\u003Ctd\u003E\u003Cp align=\u0022center\u0022\u003E11 430\u003C\/p\u003E\u003C\/td\u003E\u003Ctd\u003E\u003Cp align=\u0022center\u0022\u003E2 010\u003C\/p\u003E\u003C\/td\u003E\u003Ctd\u003E\u003Cp align=\u0022center\u0022\u003E25 500\u003C\/p\u003E\u003C\/td\u003E\u003C\/tr\u003E\u003Ctr\u003E\u003Ctd valign=\u0022top\u0022\u003E\u003Cul\u003E\u003Cli\u003E\u003Cstrong\u003EAlpes-Maritimes\u003C\/strong\u003E\u003C\/li\u003E\u003C\/ul\u003E\u003C\/td\u003E\u003Ctd\u003E\u0026nbsp;\u003C\/td\u003E\u003Ctd\u003E\u003Cp align=\u0022center\u0022\u003E\u0026nbsp;\u003C\/p\u003E\u003C\/td\u003E\u003Ctd\u003E\u003Cp align=\u0022center\u0022\u003E\u0026nbsp;\u003C\/p\u003E\u003C\/td\u003E\u003C\/tr\u003E\u003Ctr\u003E\u003Ctd valign=\u0022top\u0022\u003E\u003Cp\u003ECoteaux Ni\u00e7ois\u003C\/p\u003E\u003C\/td\u003E\u003Ctd\u003E\u003Cp align=\u0022center\u0022\u003END\u003C\/p\u003E\u003C\/td\u003E\u003Ctd\u003E\u003Cp align=\u0022center\u0022\u003END\u003C\/p\u003E\u003C\/td\u003E\u003Ctd\u003E\u003Cp align=\u0022center\u0022\u003END\u003C\/p\u003E\u003C\/td\u003E\u003C\/tr\u003E\u003Ctr\u003E\u003Ctd valign=\u0022top\u0022\u003E\u003Cp\u003ELittoral Ni\u00e7ois\u003C\/p\u003E\u003C\/td\u003E\u003Ctd\u003E\u003Cp align=\u0022center\u0022\u003END\u003C\/p\u003E\u003C\/td\u003E\u003Ctd\u003E\u003Cp align=\u0022center\u0022\u003END\u003C\/p\u003E\u003C\/td\u003E\u003Ctd\u003E\u003Cp align=\u0022center\u0022\u003END\u003C\/p\u003E\u003C\/td\u003E\u003C\/tr\u003E\u003Ctr\u003E\u003Ctd valign=\u0022top\u0022\u003E\u003Cp\u003EAlpes Ni\u00e7oises\u003C\/p\u003E\u003C\/td\u003E\u003Ctd\u003E\u003Cp align=\u0022center\u0022\u003END\u003C\/p\u003E\u003C\/td\u003E\u003Ctd\u003E\u003Cp align=\u0022center\u0022\u003END\u003C\/p\u003E\u003C\/td\u003E\u003Ctd\u003E\u003Cp align=\u0022center\u0022\u003END\u003C\/p\u003E\u003C\/td\u003E\u003C\/tr\u003E\u003Ctr\u003E\u003Ctd valign=\u0022top\u0022\u003E\u003Cul\u003E\u003Cli\u003E\u003Cstrong\u003EBouches-du-Rh\u00f4ne\u003C\/strong\u003E\u003C\/li\u003E\u003C\/ul\u003E\u003C\/td\u003E\u003Ctd\u003E\u003Cp align=\u0022center\u0022\u003E\u0026nbsp;\u003C\/p\u003E\u003C\/td\u003E\u003Ctd\u003E\u003Cp align=\u0022center\u0022\u003E\u0026nbsp;\u003C\/p\u003E\u003C\/td\u003E\u003Ctd\u003E\u003Cp align=\u0022center\u0022\u003E\u0026nbsp;\u003C\/p\u003E\u003C\/td\u003E\u003C\/tr\u003E\u003Ctr\u003E\u003Ctd valign=\u0022top\u0022\u003E\u003Cp\u003ECamargue, Crau, Littoral de Provence\u003C\/p\u003E\u003C\/td\u003E\u003Ctd\u003E\u003Cp align=\u0022center\u0022\u003E17 920\u003C\/p\u003E\u003C\/td\u003E\u003Ctd\u003E\u003Cp align=\u0022center\u0022\u003E6 000\u003C\/p\u003E\u003C\/td\u003E\u003Ctd\u003E\u003Cp align=\u0022center\u0022\u003E53 850\u003C\/p\u003E\u003C\/td\u003E\u003C\/tr\u003E\u003Ctr\u003E\u003Ctd valign=\u0022top\u0022\u003E\u003Cp\u003EBasse Vall\u00e9e de la Durance\u003C\/p\u003E\u003C\/td\u003E\u003Ctd\u003E\u003Cp align=\u0022center\u0022\u003E10 310\u003C\/p\u003E\u003C\/td\u003E\u003Ctd\u003E\u003Cp align=\u0022center\u0022\u003E3 000\u003C\/p\u003E\u003C\/td\u003E\u003Ctd\u003E\u003Cp align=\u0022center\u0022\u003E27 050\u003C\/p\u003E\u003C\/td\u003E\u003C\/tr\u003E\u003Ctr\u003E\u003Ctd valign=\u0022top\u0022\u003E\u003Cp\u003EComtat\u003C\/p\u003E\u003C\/td\u003E\u003Ctd\u003E\u003Cp align=\u0022center\u0022\u003E18 150\u003C\/p\u003E\u003C\/td\u003E\u003Ctd\u003E\u003Cp align=\u0022center\u0022\u003E4 250\u003C\/p\u003E\u003C\/td\u003E\u003Ctd\u003E\u003Cp align=\u0022center\u0022\u003E27 520\u003C\/p\u003E\u003C\/td\u003E\u003C\/tr\u003E\u003Ctr\u003E\u003Ctd valign=\u0022top\u0022\u003E\u003Cp\u003ECoteaux de Provence\u003C\/p\u003E\u003C\/td\u003E\u003Ctd\u003E\u003Cp align=\u0022center\u0022\u003E17 220\u003C\/p\u003E\u003C\/td\u003E\u003Ctd\u003E\u003Cp align=\u0022center\u0022\u003E5 590\u003C\/p\u003E\u003C\/td\u003E\u003Ctd\u003E\u003Cp align=\u0022center\u0022\u003E44 950\u003C\/p\u003E\u003C\/td\u003E\u003C\/tr\u003E\u003Ctr\u003E\u003Ctd valign=\u0022top\u0022\u003E\u003Cul\u003E\u003Cli\u003E\u003Cstrong\u003EVar\u003C\/strong\u003E\u003C\/li\u003E\u003C\/ul\u003E\u003C\/td\u003E\u003Ctd\u003E\u003Cp align=\u0022center\u0022\u003E\u0026nbsp;\u003C\/p\u003E\u003C\/td\u003E\u003Ctd\u003E\u003Cp align=\u0022center\u0022\u003E\u0026nbsp;\u003C\/p\u003E\u003C\/td\u003E\u003Ctd\u003E\u003Cp align=\u0022center\u0022\u003E\u0026nbsp;\u003C\/p\u003E\u003C\/td\u003E\u003C\/tr\u003E\u003Ctr\u003E\u003Ctd valign=\u0022top\u0022\u003E\u003Cp\u003EMaures et Esterel\u003C\/p\u003E\u003C\/td\u003E\u003Ctd\u003E\u003Cp align=\u0022center\u0022\u003E17 840\u003C\/p\u003E\u003C\/td\u003E\u003Ctd\u003E\u003Cp align=\u0022center\u0022\u003E3 410\u003C\/p\u003E\u003C\/td\u003E\u003Ctd\u003E\u003Cp align=\u0022center\u0022\u003E42 830\u003C\/p\u003E\u003C\/td\u003E\u003C\/tr\u003E\u003Ctr\u003E\u003Ctd valign=\u0022top\u0022\u003E\u003Cp\u003ER\u00e9gions Fruiti\u00e8res de Solli\u00e8s-Pont et de Fr\u00e9jus\u003C\/p\u003E\u003C\/td\u003E\u003Ctd\u003E\u003Cp align=\u0022center\u0022\u003E32 470\u003C\/p\u003E\u003C\/td\u003E\u003Ctd\u003E\u003Cp align=\u0022center\u0022\u003E7 070\u003C\/p\u003E\u003C\/td\u003E\u003Ctd\u003E\u003Cp align=\u0022center\u0022\u003E85 000\u003C\/p\u003E\u003C\/td\u003E\u003C\/tr\u003E\u003Ctr\u003E\u003Ctd valign=\u0022top\u0022\u003E\u003Cp\u003EMontagne de Haute Provence\u003C\/p\u003E\u003C\/td\u003E\u003Ctd\u003E\u003Cp align=\u0022center\u0022\u003E5 740\u003C\/p\u003E\u003C\/td\u003E\u003Ctd\u003E\u003Cp align=\u0022center\u0022\u003E2 470\u003C\/p\u003E\u003C\/td\u003E\u003Ctd\u003E\u003Cp align=\u0022center\u0022\u003E17 450\u003C\/p\u003E\u003C\/td\u003E\u003C\/tr\u003E\u003Ctr\u003E\u003Ctd valign=\u0022top\u0022\u003E\u003Cp\u003ECoteaux de Provence\u003C\/p\u003E\u003C\/td\u003E\u003Ctd\u003E\u003Cp align=\u0022center\u0022\u003E12 260\u003C\/p\u003E\u003C\/td\u003E\u003Ctd\u003E\u003Cp align=\u0022center\u0022\u003E3 240\u003C\/p\u003E\u003C\/td\u003E\u003Ctd\u003E\u003Cp align=\u0022center\u0022\u003E28 450\u003C\/p\u003E\u003C\/td\u003E\u003C\/tr\u003E\u003Ctr\u003E\u003Ctd valign=\u0022top\u0022\u003E\u003Cp\u003ELittoral de Provence\u003C\/p\u003E\u003C\/td\u003E\u003Ctd\u003E\u003Cp align=\u0022center\u0022\u003END\u003C\/p\u003E\u003C\/td\u003E\u003Ctd\u003E\u003Cp align=\u0022center\u0022\u003END\u003C\/p\u003E\u003C\/td\u003E\u003Ctd\u003E\u003Cp align=\u0022center\u0022\u003END\u003C\/p\u003E\u003C\/td\u003E\u003C\/tr\u003E\u003Ctr\u003E\u003Ctd valign=\u0022top\u0022\u003E\u003Cul\u003E\u003Cli\u003E\u003Cstrong\u003EVaucluse\u003C\/strong\u003E\u003C\/li\u003E\u003C\/ul\u003E\u003C\/td\u003E\u003Ctd\u003E\u003Cp align=\u0022center\u0022\u003E\u0026nbsp;\u003C\/p\u003E\u003C\/td\u003E\u003Ctd\u003E\u003Cp align=\u0022center\u0022\u003E\u0026nbsp;\u003C\/p\u003E\u003C\/td\u003E\u003Ctd\u003E\u003Cp align=\u0022center\u0022\u003E\u0026nbsp;\u003C\/p\u003E\u003C\/td\u003E\u003C\/tr\u003E\u003Ctr\u003E\u003Ctd valign=\u0022top\u0022\u003E\u003Cp\u003EHaut Vaucluse\u003C\/p\u003E\u003C\/td\u003E\u003Ctd\u003E\u003Cp align=\u0022center\u0022\u003E15 800\u003C\/p\u003E\u003C\/td\u003E\u003Ctd\u003E\u003Cp align=\u0022center\u0022\u003E4 710\u003C\/p\u003E\u003C\/td\u003E\u003Ctd\u003E\u003Cp align=\u0022center\u0022\u003E54 610\u003C\/p\u003E\u003C\/td\u003E\u003C\/tr\u003E\u003Ctr\u003E\u003Ctd valign=\u0022top\u0022\u003E\u003Cp\u003EMonts du Ventoux, de Vaucluse et du Lub\u00e9ron\u003C\/p\u003E\u003C\/td\u003E\u003Ctd\u003E\u003Cp align=\u0022center\u0022\u003E14 100\u003C\/p\u003E\u003C\/td\u003E\u003Ctd\u003E\u003Cp align=\u0022center\u0022\u003E4 170\u003C\/p\u003E\u003C\/td\u003E\u003Ctd\u003E\u003Cp align=\u0022center\u0022\u003E36 730\u003C\/p\u003E\u003C\/td\u003E\u003C\/tr\u003E\u003Ctr\u003E\u003Ctd valign=\u0022top\u0022\u003E\u003Cp\u003EPlateaux de Saint-Christol\u003C\/p\u003E\u003C\/td\u003E\u003Ctd\u003E\u003Cp align=\u0022center\u0022\u003END\u003C\/p\u003E\u003C\/td\u003E\u003Ctd\u003E\u003Cp align=\u0022center\u0022\u003END\u003C\/p\u003E\u003C\/td\u003E\u003Ctd\u003E\u003Cp align=\u0022center\u0022\u003END\u003C\/p\u003E\u003C\/td\u003E\u003C\/tr\u003E\u003Ctr\u003E\u003Ctd valign=\u0022top\u0022\u003E\u003Cp\u003EBasses Vall\u00e9e de la Durance\u003C\/p\u003E\u003C\/td\u003E\u003Ctd\u003E\u003Cp align=\u0022center\u0022\u003E12 840\u003C\/p\u003E\u003C\/td\u003E\u003Ctd\u003E\u003Cp align=\u0022center\u0022\u003E6 240\u003C\/p\u003E\u003C\/td\u003E\u003Ctd\u003E\u003Cp align=\u0022center\u0022\u003E20 930\u003C\/p\u003E\u003C\/td\u003E\u003C\/tr\u003E\u003Ctr\u003E\u003Ctd valign=\u0022top\u0022\u003E\u003Cp\u003EComtat\u003C\/p\u003E\u003C\/td\u003E\u003Ctd\u003E\u003Cp align=\u0022center\u0022\u003E16 120\u003C\/p\u003E\u003C\/td\u003E\u003Ctd\u003E\u003Cp align=\u0022center\u0022\u003E4 620\u003C\/p\u003E\u003C\/td\u003E\u003Ctd\u003E\u003Cp align=\u0022center\u0022\u003E31 040\u003C\/p\u003E\u003C\/td\u003E\u003C\/tr\u003E\u003C\/tbody\u003E\u003C\/table\u003E\u003Cp\u003E* Minimum : 95 % des prix sont sup\u00e9rieurs \u00e0 ce seuil\u003Cbr\u003E** Maximum : 5 % des prix sont sup\u00e9rieurs \u00e0 ce seuil\u003C\/p\u003E                                            \u003Cp\u003E\u003Cbr \/\u003E\u003Cstrong\u003ESource :\u003C\/strong\u003E\u003Cstrong\u003E\u00a0\u003C\/strong\u003E\u003C\/p\u003E\u003Cul\u003E\u003Cli\u003E\u003Ca href=\u0022https:\/\/www.legifrance.gouv.fr\/jorf\/id\/JORFTEXT000052153430?init=true\u0026amp;page=1\u0026amp;query=portant+fixation+du+bar%C3%A8me+indicatif+de+la+valeur+v%C3%A9nale+moyenne+des+terres+agricoles\u0026amp;searchField=ALL\u0026amp;tab_selection=all\u0022 target=\u0022_blank\u0022\u003ED\u00e9cision du 26 ao\u00fbt 2025 portant fixation du bar\u00e8me indicatif de la valeur v\u00e9nale moyenne des terres agricoles en 2024\u003C\/a\u003E\u003C\/li\u003E\u003C\/ul\u003E\u003C\/div\u003E","annee":"2025","theme":" Indices, taux, bar\u00e8mes juridiques","activites":["Agriculture"],"image":"https:\/\/www.weblex.fr\/sites\/default\/files\/chiffres_clef\/Shutterstock_prairiesvaleursvenales.jpg","created":"2026-03-17","modified":"2026-03-17"},{"url":"\/chiffres-cles\/valeur-venale-moyenne-des-terres-labourables-et-des-prairies-naturelles-en-2024-pour-les-terres-agricoles-louees","id":27955,"title":"Valeur v\u00e9nale moyenne des terres labourables et des prairies naturelles en 2024 pour les terres agricoles lou\u00e9es","content":"\u003Cdiv\u003E                                              \u003Cp\u003ELes prix retenus sont ceux des terres agricoles, parcelles ou exploitations enti\u00e8res, non b\u00e2ties, et destin\u00e9es \u00e0 conserver, au moment de la transaction, leur vocation agricole.\u003C\/p\u003E\u003Cp\u003ELes prix s\u0027appliquent aux terres lou\u00e9es totalement ou en partie, et d\u0027une superficie sup\u00e9rieure ou \u00e9gale \u00e0 un seuil adapt\u00e9 aux particularit\u00e9s de chaque d\u00e9partement, seuil inf\u00e9rieur \u00e0 70 ares.\u003C\/p\u003E\u003Cp\u003ELa valeur dominante correspond au prix le plus souvent pratiqu\u00e9 tel qu\u0027il a pu \u00eatre constat\u00e9 ou estim\u00e9.\u003C\/p\u003E\u003Cp\u003ELes valeurs maximum ou minimum correspondent respectivement aux prix pratiqu\u00e9s pour les terres les plus ch\u00e8res et les moins ch\u00e8res, compte tenu des conditions locales du march\u00e9. Les prix de vente retenus s\u0027entendent hors taxes et frais d\u0027acte non compris.\u003C\/p\u003E\u003Cp\u003E(euros courants \u00e0 l\u2019hectare)\u003C\/p\u003E\u003Ctable class=\u0022MsoTableGrid\u0022\u003E\u003Ctbody\u003E\u003Ctr\u003E\u003Ctd colspan=\u00224\u0022 valign=\u0022top\u0022\u003E\u003Cp align=\u0022center\u0022\u003E\u003Cstrong\u003ETerres labourables et prairies naturelles (lou\u00e9es)\u003C\/strong\u003E\u003C\/p\u003E\u003C\/td\u003E\u003C\/tr\u003E\u003Ctr\u003E\u003Ctd rowspan=\u00222\u0022 valign=\u0022top\u0022\u003E\u003Cp align=\u0022center\u0022\u003E\u003Cstrong\u003ER\u00e9gions d\u00e9partements (petites) r\u00e9gions agricoles\u003C\/strong\u003E\u003C\/p\u003E\u003C\/td\u003E\u003Ctd colspan=\u00223\u0022 valign=\u0022top\u0022\u003E\u003Cp align=\u0022center\u0022\u003E\u003Cstrong\u003E2024\u003C\/strong\u003E\u003C\/p\u003E\u003C\/td\u003E\u003C\/tr\u003E\u003Ctr\u003E\u003Ctd valign=\u0022top\u0022\u003E\u003Cp\u003E\u003Cstrong\u003EDominante\u003C\/strong\u003E\u003C\/p\u003E\u003C\/td\u003E\u003Ctd valign=\u0022top\u0022\u003E\u003Cp\u003E\u003Cstrong\u003EMinimum *\u003C\/strong\u003E\u003C\/p\u003E\u003C\/td\u003E\u003Ctd valign=\u0022top\u0022\u003E\u003Cp\u003E\u003Cstrong\u003EMaximum **\u003C\/strong\u003E\u003C\/p\u003E\u003C\/td\u003E\u003C\/tr\u003E\u003Ctr\u003E\u003Ctd valign=\u0022top\u0022\u003E\u003Cp\u003E\u003Cstrong\u003EAuvergne Rh\u00f4ne Alpes\u003C\/strong\u003E\u003C\/p\u003E\u003C\/td\u003E\u003Ctd\u003E\u003Cp align=\u0022center\u0022\u003E\u0026nbsp;\u003C\/p\u003E\u003C\/td\u003E\u003Ctd\u003E\u003Cp align=\u0022center\u0022\u003E\u0026nbsp;\u003C\/p\u003E\u003C\/td\u003E\u003Ctd\u003E\u003Cp align=\u0022center\u0022\u003E\u0026nbsp;\u003C\/p\u003E\u003C\/td\u003E\u003C\/tr\u003E\u003Ctr\u003E\u003Ctd valign=\u0022top\u0022\u003E\u003Cul\u003E\u003Cli\u003E\u003Cstrong\u003EAllier\u003C\/strong\u003E\u003C\/li\u003E\u003C\/ul\u003E\u003C\/td\u003E\u003Ctd\u003E\u003Cp align=\u0022center\u0022\u003E\u0026nbsp;\u003C\/p\u003E\u003C\/td\u003E\u003Ctd\u003E\u003Cp align=\u0022center\u0022\u003E\u0026nbsp;\u003C\/p\u003E\u003C\/td\u003E\u003Ctd\u003E\u003Cp align=\u0022center\u0022\u003E\u0026nbsp;\u003C\/p\u003E\u003C\/td\u003E\u003C\/tr\u003E\u003Ctr\u003E\u003Ctd valign=\u0022top\u0022\u003E\u003Cp\u003EBocage Bourbonnais\u003C\/p\u003E\u003C\/td\u003E\u003Ctd\u003E\u003Cp align=\u0022center\u0022\u003E3 280\u003C\/p\u003E\u003C\/td\u003E\u003Ctd\u003E\u003Cp align=\u0022center\u0022\u003E2 010\u003C\/p\u003E\u003C\/td\u003E\u003Ctd\u003E\u003Cp align=\u0022center\u0022\u003E5 000\u003C\/p\u003E\u003C\/td\u003E\u003C\/tr\u003E\u003Ctr\u003E\u003Ctd valign=\u0022top\u0022\u003E\u003Cp\u003EVal d\u2019Allier\u003C\/p\u003E\u003C\/td\u003E\u003Ctd\u003E\u003Cp align=\u0022center\u0022\u003E5 730\u003C\/p\u003E\u003C\/td\u003E\u003Ctd\u003E\u003Cp align=\u0022center\u0022\u003E1 990\u003C\/p\u003E\u003C\/td\u003E\u003Ctd\u003E\u003Cp align=\u0022center\u0022\u003E11 010\u003C\/p\u003E\u003C\/td\u003E\u003C\/tr\u003E\u003Ctr\u003E\u003Ctd valign=\u0022top\u0022\u003E\u003Cp\u003EMontagne et Combraille Bourbonnaise\u003C\/p\u003E\u003C\/td\u003E\u003Ctd\u003E\u003Cp align=\u0022center\u0022\u003E2 640\u003C\/p\u003E\u003C\/td\u003E\u003Ctd\u003E\u003Cp align=\u0022center\u0022\u003E1 280\u003C\/p\u003E\u003C\/td\u003E\u003Ctd\u003E\u003Cp align=\u0022center\u0022\u003E4 000\u003C\/p\u003E\u003C\/td\u003E\u003C\/tr\u003E\u003Ctr\u003E\u003Ctd valign=\u0022top\u0022\u003E\u003Cp\u003ESologne Bourbonnaise\u003C\/p\u003E\u003C\/td\u003E\u003Ctd\u003E\u003Cp align=\u0022center\u0022\u003E3 250\u003C\/p\u003E\u003C\/td\u003E\u003Ctd\u003E\u003Cp align=\u0022center\u0022\u003E2 000\u003C\/p\u003E\u003C\/td\u003E\u003Ctd\u003E\u003Cp align=\u0022center\u0022\u003E4 640\u003C\/p\u003E\u003C\/td\u003E\u003C\/tr\u003E\u003Ctr\u003E\u003Ctd valign=\u0022top\u0022\u003E\u003Cul\u003E\u003Cli\u003E\u003Cstrong\u003ECantal\u003C\/strong\u003E\u003C\/li\u003E\u003C\/ul\u003E\u003C\/td\u003E\u003Ctd\u003E\u003Cp align=\u0022center\u0022\u003E\u0026nbsp;\u003C\/p\u003E\u003C\/td\u003E\u003Ctd\u003E\u003Cp align=\u0022center\u0022\u003E\u0026nbsp;\u003C\/p\u003E\u003C\/td\u003E\u003Ctd\u003E\u003Cp align=\u0022center\u0022\u003E\u0026nbsp;\u003C\/p\u003E\u003C\/td\u003E\u003C\/tr\u003E\u003Ctr\u003E\u003Ctd valign=\u0022top\u0022\u003E\u003Cp\u003ECantal, Sud Est Limousin, Artense\u003C\/p\u003E\u003C\/td\u003E\u003Ctd\u003E\u003Cp align=\u0022center\u0022\u003E5 010\u003C\/p\u003E\u003C\/td\u003E\u003Ctd\u003E\u003Cp align=\u0022center\u0022\u003E1 880\u003C\/p\u003E\u003C\/td\u003E\u003Ctd\u003E\u003Cp align=\u0022center\u0022\u003E9 070\u003C\/p\u003E\u003C\/td\u003E\u003C\/tr\u003E\u003Ctr\u003E\u003Ctd valign=\u0022top\u0022\u003E\u003Cp\u003EMassiac, Cezaillier-Margeride, Aubrac et Planeze\u003C\/p\u003E\u003C\/td\u003E\u003Ctd\u003E\u003Cp align=\u0022center\u0022\u003E5 020\u0026nbsp;\u003C\/p\u003E\u003C\/td\u003E\u003Ctd\u003E\u003Cp align=\u0022center\u0022\u003E1 950\u003C\/p\u003E\u003C\/td\u003E\u003Ctd\u003E\u003Cp align=\u0022center\u0022\u003E9 800\u003C\/p\u003E\u003C\/td\u003E\u003C\/tr\u003E\u003Ctr\u003E\u003Ctd valign=\u0022top\u0022\u003E\u003Cp\u003EChataigneraie, Bassin d\u2019Aurillac\u003C\/p\u003E\u003C\/td\u003E\u003Ctd\u003E\u003Cp align=\u0022center\u0022\u003E6 280\u003C\/p\u003E\u003C\/td\u003E\u003Ctd\u003E\u003Cp align=\u0022center\u0022\u003E2 200\u003C\/p\u003E\u003C\/td\u003E\u003Ctd\u003E\u003Cp align=\u0022center\u0022\u003E12 000\u003C\/p\u003E\u003C\/td\u003E\u003C\/tr\u003E\u003Ctr\u003E\u003Ctd valign=\u0022top\u0022\u003E\u003Cul\u003E\u003Cli\u003E\u003Cstrong\u003EHaute-Loire\u003C\/strong\u003E\u003C\/li\u003E\u003C\/ul\u003E\u003C\/td\u003E\u003Ctd\u003E\u003Cp align=\u0022center\u0022\u003E\u0026nbsp;\u003C\/p\u003E\u003C\/td\u003E\u003Ctd\u003E\u003Cp align=\u0022center\u0022\u003E\u0026nbsp;\u003C\/p\u003E\u003C\/td\u003E\u003Ctd\u003E\u003Cp align=\u0022center\u0022\u003E\u0026nbsp;\u003C\/p\u003E\u003C\/td\u003E\u003C\/tr\u003E\u003Ctr\u003E\u003Ctd valign=\u0022top\u0022\u003E\u003Cp\u003EMonts du Forez\u003C\/p\u003E\u003C\/td\u003E\u003Ctd\u003E\u003Cp align=\u0022center\u0022\u003E2 760\u003C\/p\u003E\u003C\/td\u003E\u003Ctd\u003E\u003Cp align=\u0022center\u0022\u003E1 170\u003C\/p\u003E\u003C\/td\u003E\u003Ctd\u003E\u003Cp align=\u0022center\u0022\u003E6 000\u003C\/p\u003E\u003C\/td\u003E\u003C\/tr\u003E\u003Ctr\u003E\u003Ctd valign=\u0022top\u0022\u003E\u003Cp\u003ELe Pyv en Basaltique, Mezen-Meygal\u003C\/p\u003E\u003C\/td\u003E\u003Ctd\u003E\u003Cp align=\u0022center\u0022\u003E3 870\u003C\/p\u003E\u003C\/td\u003E\u003Ctd\u003E\u003Cp align=\u0022center\u0022\u003E1 540\u003C\/p\u003E\u003C\/td\u003E\u003Ctd\u003E\u003Cp align=\u0022center\u0022\u003E8 110\u003C\/p\u003E\u003C\/td\u003E\u003C\/tr\u003E\u003Ctr\u003E\u003Ctd valign=\u0022top\u0022\u003E\u003Cp\u003EBrivadois, Cezallier, Margeride, Limagne\u003C\/p\u003E\u003C\/td\u003E\u003Ctd\u003E\u003Cp align=\u0022center\u0022\u003E3 130\u003C\/p\u003E\u003C\/td\u003E\u003Ctd\u003E\u003Cp align=\u0022center\u0022\u003E1 190\u003C\/p\u003E\u003C\/td\u003E\u003Ctd\u003E\u003Cp align=\u0022center\u0022\u003E7 340\u003C\/p\u003E\u003C\/td\u003E\u003C\/tr\u003E\u003Ctr\u003E\u003Ctd valign=\u0022top\u0022\u003E\u003Cul\u003E\u003Cli\u003E\u003Cstrong\u003EPuy-de-D\u00f4me\u003C\/strong\u003E\u003C\/li\u003E\u003C\/ul\u003E\u003C\/td\u003E\u003Ctd\u003E\u003Cp align=\u0022center\u0022\u003E\u0026nbsp;\u003C\/p\u003E\u003C\/td\u003E\u003Ctd\u003E\u003Cp align=\u0022center\u0022\u003E\u0026nbsp;\u003C\/p\u003E\u003C\/td\u003E\u003Ctd\u003E\u003Cp align=\u0022center\u0022\u003E\u0026nbsp;\u003C\/p\u003E\u003C\/td\u003E\u003C\/tr\u003E\u003Ctr\u003E\u003Ctd valign=\u0022top\u0022\u003E\u003Cp\u003ED\u00f4mes et p\u00e9riph\u00e9rie, Cezallier, Artense\u003C\/p\u003E\u003C\/td\u003E\u003Ctd\u003E\u003Cp align=\u0022center\u0022\u003E3 850\u003C\/p\u003E\u003C\/td\u003E\u003Ctd\u003E\u003Cp align=\u0022center\u0022\u003E1 500\u003C\/p\u003E\u003C\/td\u003E\u003Ctd\u003E\u003Cp align=\u0022center\u0022\u003E6 670\u003C\/p\u003E\u003C\/td\u003E\u003C\/tr\u003E\u003Ctr\u003E\u003Ctd valign=\u0022top\u0022\u003E\u003Cp\u003ELivradois, Ambert, Forez, Plaine de la Dore\u003C\/p\u003E\u003C\/td\u003E\u003Ctd\u003E\u003Cp align=\u0022center\u0022\u003E2 310\u003C\/p\u003E\u003C\/td\u003E\u003Ctd\u003E\u003Cp align=\u0022center\u0022\u003E1 000\u003C\/p\u003E\u003C\/td\u003E\u003Ctd\u003E\u003Cp align=\u0022center\u0022\u003E5 040\u003C\/p\u003E\u003C\/td\u003E\u003C\/tr\u003E\u003Ctr\u003E\u003Ctd valign=\u0022top\u0022\u003E\u003Cp\u003ELimagne Viticole, Plaine de Lembron\u003C\/p\u003E\u003C\/td\u003E\u003Ctd\u003E\u003Cp align=\u0022center\u0022\u003E5 250\u003C\/p\u003E\u003C\/td\u003E\u003Ctd\u003E\u003Cp align=\u0022center\u0022\u003E1 800\u003C\/p\u003E\u003C\/td\u003E\u003Ctd\u003E\u003Cp align=\u0022center\u0022\u003E10 610\u003C\/p\u003E\u003C\/td\u003E\u003C\/tr\u003E\u003Ctr\u003E\u003Ctd valign=\u0022top\u0022\u003E\u003Cp\u003ECombraille, Combraille Bourbonnaise\u003C\/p\u003E\u003C\/td\u003E\u003Ctd\u003E\u003Cp align=\u0022center\u0022\u003E2 280\u003C\/p\u003E\u003C\/td\u003E\u003Ctd\u003E\u003Cp align=\u0022center\u0022\u003E1 060\u003C\/p\u003E\u003C\/td\u003E\u003Ctd\u003E\u003Cp align=\u0022center\u0022\u003E3 870\u003C\/p\u003E\u003C\/td\u003E\u003C\/tr\u003E\u003Ctr\u003E\u003Ctd valign=\u0022top\u0022\u003E\u003Cp\u003ELimagne Agricole\u003C\/p\u003E\u003C\/td\u003E\u003Ctd\u003E\u003Cp align=\u0022center\u0022\u003E7 940\u003C\/p\u003E\u003C\/td\u003E\u003Ctd\u003E\u003Cp align=\u0022center\u0022\u003E2 600\u003C\/p\u003E\u003C\/td\u003E\u003Ctd\u003E\u003Cp align=\u0022center\u0022\u003E12 030\u003C\/p\u003E\u003C\/td\u003E\u003C\/tr\u003E\u003Ctr\u003E\u003Ctd valign=\u0022top\u0022\u003E\u003Cp\u003E\u003Cstrong\u003EBourgogne-Franche-Comt\u00e9\u003C\/strong\u003E\u003C\/p\u003E\u003C\/td\u003E\u003Ctd\u003E\u003Cp align=\u0022center\u0022\u003E\u0026nbsp;\u003C\/p\u003E\u003C\/td\u003E\u003Ctd\u003E\u003Cp align=\u0022center\u0022\u003E\u0026nbsp;\u003C\/p\u003E\u003C\/td\u003E\u003Ctd\u003E\u003Cp align=\u0022center\u0022\u003E\u0026nbsp;\u003C\/p\u003E\u003C\/td\u003E\u003C\/tr\u003E\u003Ctr\u003E\u003Ctd valign=\u0022top\u0022\u003E\u003Cul\u003E\u003Cli\u003E\u003Cstrong\u003EC\u00f4te-d\u2019Or\u003C\/strong\u003E\u003C\/li\u003E\u003C\/ul\u003E\u003C\/td\u003E\u003Ctd\u003E\u003Cp align=\u0022center\u0022\u003E\u0026nbsp;\u003C\/p\u003E\u003C\/td\u003E\u003Ctd\u003E\u003Cp align=\u0022center\u0022\u003E\u0026nbsp;\u003C\/p\u003E\u003C\/td\u003E\u003Ctd\u003E\u003Cp align=\u0022center\u0022\u003E\u0026nbsp;\u003C\/p\u003E\u003C\/td\u003E\u003C\/tr\u003E\u003Ctr\u003E\u003Ctd valign=\u0022top\u0022\u003E\u003Cp\u003EVingeanne, La Plaine\u003C\/p\u003E\u003C\/td\u003E\u003Ctd\u003E\u003Cp align=\u0022center\u0022\u003E4 270\u003C\/p\u003E\u003C\/td\u003E\u003Ctd\u003E\u003Cp align=\u0022center\u0022\u003E2 010\u003C\/p\u003E\u003C\/td\u003E\u003Ctd\u003E\u003Cp align=\u0022center\u0022\u003E6 000\u003C\/p\u003E\u003C\/td\u003E\u003C\/tr\u003E\u003Ctr\u003E\u003Ctd valign=\u0022top\u0022\u003E\u003Cp\u003EVal de Sa\u00f4ne\u003C\/p\u003E\u003C\/td\u003E\u003Ctd\u003E\u003Cp align=\u0022center\u0022\u003E2 580\u003C\/p\u003E\u003C\/td\u003E\u003Ctd\u003E\u003Cp align=\u0022center\u0022\u003E1 500\u003C\/p\u003E\u003C\/td\u003E\u003Ctd\u003E\u003Cp align=\u0022center\u0022\u003E4 510\u003C\/p\u003E\u003C\/td\u003E\u003C\/tr\u003E\u003Ctr\u003E\u003Ctd valign=\u0022top\u0022\u003E\u003Cp\u003EMorvan, Auxois\u003C\/p\u003E\u003C\/td\u003E\u003Ctd\u003E\u003Cp align=\u0022center\u0022\u003E2 010\u003C\/p\u003E\u003C\/td\u003E\u003Ctd\u003E\u003Cp align=\u0022center\u0022\u003E1 200\u003C\/p\u003E\u003C\/td\u003E\u003Ctd\u003E\u003Cp align=\u0022center\u0022\u003E3 000\u003C\/p\u003E\u003C\/td\u003E\u003C\/tr\u003E\u003Ctr\u003E\u003Ctd valign=\u0022top\u0022\u003E\u003Cp\u003EPlateau et Vall\u00e9e du Ch\u00e2tillonais\u003C\/p\u003E\u003C\/td\u003E\u003Ctd\u003E\u003Cp align=\u0022center\u0022\u003E2 680\u003C\/p\u003E\u003C\/td\u003E\u003Ctd\u003E\u003Cp align=\u0022center\u0022\u003E1 460\u003C\/p\u003E\u003C\/td\u003E\u003Ctd\u003E\u003Cp align=\u0022center\u0022\u003E4 860\u003C\/p\u003E\u003C\/td\u003E\u003C\/tr\u003E\u003Ctr\u003E\u003Ctd valign=\u0022top\u0022\u003E\u003Cp\u003EC\u00f4te et arri\u00e8re c\u00f4te viticole de Bourgogne\u003C\/p\u003E\u003C\/td\u003E\u003Ctd\u003E\u003Cp align=\u0022center\u0022\u003E3 150\u003C\/p\u003E\u003C\/td\u003E\u003Ctd\u003E\u003Cp align=\u0022center\u0022\u003E1 600\u003C\/p\u003E\u003C\/td\u003E\u003Ctd\u003E\u003Cp align=\u0022center\u0022\u003E5 880\u003C\/p\u003E\u003C\/td\u003E\u003C\/tr\u003E\u003Ctr\u003E\u003Ctd valign=\u0022top\u0022\u003E\u003Cul\u003E\u003Cli\u003E\u003Cstrong\u003EDoubs\u003C\/strong\u003E\u003C\/li\u003E\u003C\/ul\u003E\u003C\/td\u003E\u003Ctd\u003E\u003Cp align=\u0022center\u0022\u003E\u0026nbsp;\u003C\/p\u003E\u003C\/td\u003E\u003Ctd\u003E\u003Cp align=\u0022center\u0022\u003E\u0026nbsp;\u003C\/p\u003E\u003C\/td\u003E\u003Ctd\u003E\u003Cp align=\u0022center\u0022\u003E\u0026nbsp;\u003C\/p\u003E\u003C\/td\u003E\u003C\/tr\u003E\u003Ctr\u003E\u003Ctd valign=\u0022top\u0022\u003E\u003Cp\u003EZone des plaines et des Basses vall\u00e9es\u003C\/p\u003E\u003C\/td\u003E\u003Ctd\u003E\u003Cp align=\u0022center\u0022\u003E2 600\u003C\/p\u003E\u003C\/td\u003E\u003Ctd\u003E\u003Cp align=\u0022center\u0022\u003E1 540\u003C\/p\u003E\u003C\/td\u003E\u003Ctd\u003E\u003Cp align=\u0022center\u0022\u003E4 040\u003C\/p\u003E\u003C\/td\u003E\u003C\/tr\u003E\u003Ctr\u003E\u003Ctd valign=\u0022top\u0022\u003E\u003Cp\u003EPlateaux sup\u00e9rieurs et Montagnes\u003C\/p\u003E\u003C\/td\u003E\u003Ctd\u003E\u003Cp align=\u0022center\u0022\u003E3 390\u003C\/p\u003E\u003C\/td\u003E\u003Ctd\u003E\u003Cp align=\u0022center\u0022\u003E1 700\u003C\/p\u003E\u003C\/td\u003E\u003Ctd\u003E\u003Cp align=\u0022center\u0022\u003E5 000\u003C\/p\u003E\u003C\/td\u003E\u003C\/tr\u003E\u003Ctr\u003E\u003Ctd valign=\u0022top\u0022\u003E\u003Cp\u003EPlateaux moyens du Jura\u003C\/p\u003E\u003C\/td\u003E\u003Ctd\u003E\u003Cp align=\u0022center\u0022\u003E3 490\u003C\/p\u003E\u003C\/td\u003E\u003Ctd\u003E\u003Cp align=\u0022center\u0022\u003E1 910\u003C\/p\u003E\u003C\/td\u003E\u003Ctd\u003E\u003Cp align=\u0022center\u0022\u003E5 000\u003C\/p\u003E\u003C\/td\u003E\u003C\/tr\u003E\u003Ctr\u003E\u003Ctd valign=\u0022top\u0022\u003E\u003Cul\u003E\u003Cli\u003E\u003Cstrong\u003EHaute-Sa\u00f4ne\u003C\/strong\u003E\u003C\/li\u003E\u003C\/ul\u003E\u003C\/td\u003E\u003Ctd\u003E\u003Cp align=\u0022center\u0022\u003E\u0026nbsp;\u003C\/p\u003E\u003C\/td\u003E\u003Ctd\u003E\u003Cp align=\u0022center\u0022\u003E\u0026nbsp;\u003C\/p\u003E\u003C\/td\u003E\u003Ctd\u003E\u003Cp align=\u0022center\u0022\u003E\u0026nbsp;\u003C\/p\u003E\u003C\/td\u003E\u003C\/tr\u003E\u003Ctr\u003E\u003Ctd valign=\u0022top\u0022\u003E\u003Cp\u003ER\u00e9gion Vosgienne et sous-vosgienne\u003C\/p\u003E\u003C\/td\u003E\u003Ctd\u003E\u003Cp align=\u0022center\u0022\u003E2 590\u003C\/p\u003E\u003C\/td\u003E\u003Ctd\u003E\u003Cp align=\u0022center\u0022\u003E1 360\u003C\/p\u003E\u003C\/td\u003E\u003Ctd\u003E\u003Cp align=\u0022center\u0022\u003E3 300\u003C\/p\u003E\u003C\/td\u003E\u003C\/tr\u003E\u003Ctr\u003E\u003Ctd valign=\u0022top\u0022\u003E\u003Cp\u003ER\u00e9gion des Plateaux\u003C\/p\u003E\u003C\/td\u003E\u003Ctd\u003E\u003Cp align=\u0022center\u0022\u003E2 630\u003C\/p\u003E\u003C\/td\u003E\u003Ctd\u003E\u003Cp align=\u0022center\u0022\u003E1 610\u003C\/p\u003E\u003C\/td\u003E\u003Ctd\u003E\u003Cp align=\u0022center\u0022\u003E3 820\u003C\/p\u003E\u003C\/td\u003E\u003C\/tr\u003E\u003Ctr\u003E\u003Ctd valign=\u0022top\u0022\u003E\u003Cp\u003EPlaine Grayloise\u003C\/p\u003E\u003C\/td\u003E\u003Ctd\u003E\u003Cp align=\u0022center\u0022\u003E2 980\u003C\/p\u003E\u003C\/td\u003E\u003Ctd\u003E\u003Cp align=\u0022center\u0022\u003E1 640\u003C\/p\u003E\u003C\/td\u003E\u003Ctd\u003E\u003Cp align=\u0022center\u0022\u003E4 300\u003C\/p\u003E\u003C\/td\u003E\u003C\/tr\u003E\u003Ctr\u003E\u003Ctd valign=\u0022top\u0022\u003E\u003Cp\u003EVall\u00e9e de l\u2019Ognon et trou\u00e9e de Belfort\u003C\/p\u003E\u003C\/td\u003E\u003Ctd\u003E\u003Cp align=\u0022center\u0022\u003E2 710\u003C\/p\u003E\u003C\/td\u003E\u003Ctd\u003E\u003Cp align=\u0022center\u0022\u003E1 600\u003C\/p\u003E\u003C\/td\u003E\u003Ctd\u003E\u003Cp align=\u0022center\u0022\u003E3 500\u003C\/p\u003E\u003C\/td\u003E\u003C\/tr\u003E\u003Ctr\u003E\u003Ctd valign=\u0022top\u0022\u003E\u003Cul\u003E\u003Cli\u003E\u003Cstrong\u003EJura\u003C\/strong\u003E\u003C\/li\u003E\u003C\/ul\u003E\u003C\/td\u003E\u003Ctd\u003E\u003Cp align=\u0022center\u0022\u003E\u0026nbsp;\u003C\/p\u003E\u003C\/td\u003E\u003Ctd\u003E\u003Cp align=\u0022center\u0022\u003E\u0026nbsp;\u003C\/p\u003E\u003C\/td\u003E\u003Ctd\u003E\u003Cp align=\u0022center\u0022\u003E\u0026nbsp;\u003C\/p\u003E\u003C\/td\u003E\u003C\/tr\u003E\u003Ctr\u003E\u003Ctd valign=\u0022top\u0022\u003E\u003Cp\u003EVignoble du Jura\u003C\/p\u003E\u003C\/td\u003E\u003Ctd\u003E\u003Cp align=\u0022center\u0022\u003E2 080\u003C\/p\u003E\u003C\/td\u003E\u003Ctd\u003E\u003Cp align=\u0022center\u0022\u003E1 200\u003C\/p\u003E\u003C\/td\u003E\u003Ctd\u003E\u003Cp align=\u0022center\u0022\u003E3 110\u003C\/p\u003E\u003C\/td\u003E\u003C\/tr\u003E\u003Ctr\u003E\u003Ctd valign=\u0022top\u0022\u003E\u003Cp\u003EBresse\u003C\/p\u003E\u003C\/td\u003E\u003Ctd\u003E\u003Cp align=\u0022center\u0022\u003E2 410\u003C\/p\u003E\u003C\/td\u003E\u003Ctd\u003E\u003Cp align=\u0022center\u0022\u003E1 320\u003C\/p\u003E\u003C\/td\u003E\u003Ctd\u003E\u003Cp align=\u0022center\u0022\u003E3 200\u003C\/p\u003E\u003C\/td\u003E\u003C\/tr\u003E\u003Ctr\u003E\u003Ctd valign=\u0022top\u0022\u003E\u003Cp\u003EDeuxi\u00e8me Plateau\u003C\/p\u003E\u003C\/td\u003E\u003Ctd\u003E\u003Cp align=\u0022center\u0022\u003E2 290\u003C\/p\u003E\u003C\/td\u003E\u003Ctd\u003E\u003Cp align=\u0022center\u0022\u003E1 330\u003C\/p\u003E\u003C\/td\u003E\u003Ctd\u003E\u003Cp align=\u0022center\u0022\u003E5 000\u003C\/p\u003E\u003C\/td\u003E\u003C\/tr\u003E\u003Ctr\u003E\u003Ctd valign=\u0022top\u0022\u003E\u003Cp\u003EHaut Jura\u003C\/p\u003E\u003C\/td\u003E\u003Ctd\u003E\u003Cp align=\u0022center\u0022\u003E1 970\u003C\/p\u003E\u003C\/td\u003E\u003Ctd\u003E\u003Cp align=\u0022center\u0022\u003E1 120\u003C\/p\u003E\u003C\/td\u003E\u003Ctd\u003E\u003Cp align=\u0022center\u0022\u003E5 680\u003C\/p\u003E\u003C\/td\u003E\u003C\/tr\u003E\u003Ctr\u003E\u003Ctd valign=\u0022top\u0022\u003E\u003Cp\u003ENord Jura\u003C\/p\u003E\u003C\/td\u003E\u003Ctd\u003E\u003Cp align=\u0022center\u0022\u003E3 150\u003C\/p\u003E\u003C\/td\u003E\u003Ctd\u003E\u003Cp align=\u0022center\u0022\u003E1 760\u003C\/p\u003E\u003C\/td\u003E\u003Ctd\u003E\u003Cp align=\u0022center\u0022\u003E4 570\u003C\/p\u003E\u003C\/td\u003E\u003C\/tr\u003E\u003Ctr\u003E\u003Ctd valign=\u0022top\u0022\u003E\u003Cp\u003ESud Jura\u003C\/p\u003E\u003C\/td\u003E\u003Ctd\u003E\u003Cp align=\u0022center\u0022\u003E1 890\u003C\/p\u003E\u003C\/td\u003E\u003Ctd\u003E\u003Cp align=\u0022center\u0022\u003E1 180\u003C\/p\u003E\u003C\/td\u003E\u003Ctd\u003E\u003Cp align=\u0022center\u0022\u003E3 210\u003C\/p\u003E\u003C\/td\u003E\u003C\/tr\u003E\u003Ctr\u003E\u003Ctd valign=\u0022top\u0022\u003E\u003Cul\u003E\u003Cli\u003E\u003Cstrong\u003ENi\u00e8vre\u003C\/strong\u003E\u003C\/li\u003E\u003C\/ul\u003E\u003C\/td\u003E\u003Ctd\u003E\u003Cp align=\u0022center\u0022\u003E\u0026nbsp;\u003C\/p\u003E\u003C\/td\u003E\u003Ctd\u003E\u003Cp align=\u0022center\u0022\u003E\u0026nbsp;\u003C\/p\u003E\u003C\/td\u003E\u003Ctd\u003E\u003Cp align=\u0022center\u0022\u003E\u0026nbsp;\u003C\/p\u003E\u003C\/td\u003E\u003C\/tr\u003E\u003Ctr\u003E\u003Ctd valign=\u0022top\u0022\u003E\u003Cp\u003EMorvan\u003C\/p\u003E\u003C\/td\u003E\u003Ctd\u003E\u003Cp align=\u0022center\u0022\u003E2 150\u003C\/p\u003E\u003C\/td\u003E\u003Ctd\u003E\u003Cp align=\u0022center\u0022\u003E1 130\u003C\/p\u003E\u003C\/td\u003E\u003Ctd\u003E\u003Cp align=\u0022center\u0022\u003E3 220\u003C\/p\u003E\u003C\/td\u003E\u003C\/tr\u003E\u003Ctr\u003E\u003Ctd valign=\u0022top\u0022\u003E\u003Cp\u003ENivernais Central\u003C\/p\u003E\u003C\/td\u003E\u003Ctd\u003E\u003Cp align=\u0022center\u0022\u003E2 940\u003C\/p\u003E\u003C\/td\u003E\u003Ctd\u003E\u003Cp align=\u0022center\u0022\u003E1 870\u003C\/p\u003E\u003C\/td\u003E\u003Ctd\u003E\u003Cp align=\u0022center\u0022\u003E4 000\u003C\/p\u003E\u003C\/td\u003E\u003C\/tr\u003E\u003Ctr\u003E\u003Ctd valign=\u0022top\u0022\u003E\u003Cp\u003EEntre Loire et Allier, Sologne Bourbonnaise\u003C\/p\u003E\u003C\/td\u003E\u003Ctd\u003E\u003Cp align=\u0022center\u0022\u003E3 300\u003C\/p\u003E\u003C\/td\u003E\u003Ctd\u003E\u003Cp align=\u0022center\u0022\u003E1 770\u003C\/p\u003E\u003C\/td\u003E\u003Ctd\u003E\u003Cp align=\u0022center\u0022\u003E4 140\u003C\/p\u003E\u003C\/td\u003E\u003C\/tr\u003E\u003Ctr\u003E\u003Ctd valign=\u0022top\u0022\u003E\u003Cp\u003EBourgogne Nivernaise, Puisaye\u003C\/p\u003E\u003C\/td\u003E\u003Ctd\u003E\u003Cp align=\u0022center\u0022\u003E3 030\u003C\/p\u003E\u003C\/td\u003E\u003Ctd\u003E\u003Cp align=\u0022center\u0022\u003E1 860\u003C\/p\u003E\u003C\/td\u003E\u003Ctd\u003E\u003Cp align=\u0022center\u0022\u003E3 850\u003C\/p\u003E\u003C\/td\u003E\u003C\/tr\u003E\u003Ctr\u003E\u003Ctd valign=\u0022top\u0022\u003E\u003Cul\u003E\u003Cli\u003E\u003Cstrong\u003ESa\u00f4ne-et-Loire\u003C\/strong\u003E\u003C\/li\u003E\u003C\/ul\u003E\u003C\/td\u003E\u003Ctd\u003E\u003Cp align=\u0022center\u0022\u003E\u0026nbsp;\u003C\/p\u003E\u003C\/td\u003E\u003Ctd\u003E\u003Cp align=\u0022center\u0022\u003E\u0026nbsp;\u003C\/p\u003E\u003C\/td\u003E\u003Ctd\u003E\u003Cp align=\u0022center\u0022\u003E\u0026nbsp;\u003C\/p\u003E\u003C\/td\u003E\u003C\/tr\u003E\u003Ctr\u003E\u003Ctd valign=\u0022top\u0022\u003E\u003Cp\u003ECharollais, Brionnais\u003C\/p\u003E\u003C\/td\u003E\u003Ctd\u003E\u003Cp align=\u0022center\u0022\u003E2 490\u003C\/p\u003E\u003C\/td\u003E\u003Ctd\u003E\u003Cp align=\u0022center\u0022\u003E1 200\u003C\/p\u003E\u003C\/td\u003E\u003Ctd\u003E\u003Cp align=\u0022center\u0022\u003E3 640\u003C\/p\u003E\u003C\/td\u003E\u003C\/tr\u003E\u003Ctr\u003E\u003Ctd valign=\u0022top\u0022\u003E\u003Cp\u003EBresse Chalonnaise\u003C\/p\u003E\u003C\/td\u003E\u003Ctd\u003E\u003Cp align=\u0022center\u0022\u003E2 640\u003C\/p\u003E\u003C\/td\u003E\u003Ctd\u003E\u003Cp align=\u0022center\u0022\u003E1 440\u003C\/p\u003E\u003C\/td\u003E\u003Ctd\u003E\u003Cp align=\u0022center\u0022\u003E4 760\u003C\/p\u003E\u003C\/td\u003E\u003C\/tr\u003E\u003Ctr\u003E\u003Ctd valign=\u0022top\u0022\u003E\u003Cp\u003EM\u00e2connais, Chalonnais\u003C\/p\u003E\u003C\/td\u003E\u003Ctd\u003E\u003Cp align=\u0022center\u0022\u003E2 260\u003C\/p\u003E\u003C\/td\u003E\u003Ctd\u003E\u003Cp align=\u0022center\u0022\u003E1 200\u003C\/p\u003E\u003C\/td\u003E\u003Ctd\u003E\u003Cp align=\u0022center\u0022\u003E3 700\u003C\/p\u003E\u003C\/td\u003E\u003C\/tr\u003E\u003Ctr\u003E\u003Ctd valign=\u0022top\u0022\u003E\u003Cp\u003EBresse Louhannaise\u003C\/p\u003E\u003C\/td\u003E\u003Ctd\u003E\u003Cp align=\u0022center\u0022\u003E1 840\u003C\/p\u003E\u003C\/td\u003E\u003Ctd\u003E\u003Cp align=\u0022center\u0022\u003E1 140\u003C\/p\u003E\u003C\/td\u003E\u003Ctd\u003E\u003Cp align=\u0022center\u0022\u003E2 530\u003C\/p\u003E\u003C\/td\u003E\u003C\/tr\u003E\u003Ctr\u003E\u003Ctd valign=\u0022top\u0022\u003E\u003Cp\u003EClunysois, C\u00f4te Chalonnaise\u003C\/p\u003E\u003C\/td\u003E\u003Ctd\u003E\u003Cp align=\u0022center\u0022\u003E2 040\u003C\/p\u003E\u003C\/td\u003E\u003Ctd\u003E\u003Cp align=\u0022center\u0022\u003E1 100\u003C\/p\u003E\u003C\/td\u003E\u003Ctd\u003E\u003Cp align=\u0022center\u0022\u003E3 520\u003C\/p\u003E\u003C\/td\u003E\u003C\/tr\u003E\u003Ctr\u003E\u003Ctd valign=\u0022top\u0022\u003E\u003Cp\u003ESologne Bourbonnaise, Autunois, Morvan\u003C\/p\u003E\u003C\/td\u003E\u003Ctd\u003E\u003Cp align=\u0022center\u0022\u003E2 030\u003C\/p\u003E\u003C\/td\u003E\u003Ctd\u003E\u003Cp align=\u0022center\u0022\u003E1 080\u003C\/p\u003E\u003C\/td\u003E\u003Ctd\u003E\u003Cp align=\u0022center\u0022\u003E3 150\u003C\/p\u003E\u003C\/td\u003E\u003C\/tr\u003E\u003Ctr\u003E\u003Ctd valign=\u0022top\u0022\u003E\u003Cul\u003E\u003Cli\u003E\u003Cstrong\u003ETerritoire de Belfort\u003C\/strong\u003E\u003C\/li\u003E\u003C\/ul\u003E\u003C\/td\u003E\u003Ctd\u003E\u003Cp align=\u0022center\u0022\u003E3 660\u003C\/p\u003E\u003C\/td\u003E\u003Ctd\u003E\u003Cp align=\u0022center\u0022\u003E2 430\u003C\/p\u003E\u003C\/td\u003E\u003Ctd\u003E\u003Cp align=\u0022center\u0022\u003E5 000\u003C\/p\u003E\u003C\/td\u003E\u003C\/tr\u003E\u003Ctr\u003E\u003Ctd valign=\u0022top\u0022\u003E\u003Cul\u003E\u003Cli\u003E\u003Cstrong\u003EYonne\u003C\/strong\u003E\u003C\/li\u003E\u003C\/ul\u003E\u003C\/td\u003E\u003Ctd\u003E\u003Cp align=\u0022center\u0022\u003E\u0026nbsp;\u003C\/p\u003E\u003C\/td\u003E\u003Ctd\u003E\u003Cp align=\u0022center\u0022\u003E\u0026nbsp;\u003C\/p\u003E\u003C\/td\u003E\u003Ctd\u003E\u003Cp align=\u0022center\u0022\u003E\u0026nbsp;\u003C\/p\u003E\u003C\/td\u003E\u003C\/tr\u003E\u003Ctr\u003E\u003Ctd valign=\u0022top\u0022\u003E\u003Cp\u003ETerre Plaine, Morvan\u003C\/p\u003E\u003C\/td\u003E\u003Ctd\u003E\u003Cp align=\u0022center\u0022\u003E2 190\u003C\/p\u003E\u003C\/td\u003E\u003Ctd\u003E\u003Cp align=\u0022center\u0022\u003E1 300\u003C\/p\u003E\u003C\/td\u003E\u003Ctd\u003E\u003Cp align=\u0022center\u0022\u003E3 000\u003C\/p\u003E\u003C\/td\u003E\u003C\/tr\u003E\u003Ctr\u003E\u003Ctd valign=\u0022top\u0022\u003E\u003Cp\u003EPlateaux de Bourgogne\u003C\/p\u003E\u003C\/td\u003E\u003Ctd\u003E\u003Cp align=\u0022center\u0022\u003E2 890\u003C\/p\u003E\u003C\/td\u003E\u003Ctd\u003E\u003Cp align=\u0022center\u0022\u003E1 550\u003C\/p\u003E\u003C\/td\u003E\u003Ctd\u003E\u003Cp align=\u0022center\u0022\u003E4 000\u003C\/p\u003E\u003C\/td\u003E\u003C\/tr\u003E\u003Ctr\u003E\u003Ctd valign=\u0022top\u0022\u003E\u003Cp\u003EPuisaye\u003C\/p\u003E\u003C\/td\u003E\u003Ctd\u003E\u003Cp align=\u0022center\u0022\u003E3 190\u003C\/p\u003E\u003C\/td\u003E\u003Ctd\u003E\u003Cp align=\u0022center\u0022\u003E2 000\u003C\/p\u003E\u003C\/td\u003E\u003Ctd\u003E\u003Cp align=\u0022center\u0022\u003E3 830\u003C\/p\u003E\u003C\/td\u003E\u003C\/tr\u003E\u003Ctr\u003E\u003Ctd valign=\u0022top\u0022\u003E\u003Cp\u003EVall\u00e9es, Pays d\u2019Othe\u003C\/p\u003E\u003C\/td\u003E\u003Ctd\u003E\u003Cp align=\u0022center\u0022\u003E3 310\u003C\/p\u003E\u003C\/td\u003E\u003Ctd\u003E\u003Cp align=\u0022center\u0022\u003E2 000\u003C\/p\u003E\u003C\/td\u003E\u003Ctd\u003E\u003Cp align=\u0022center\u0022\u003E4 530\u003C\/p\u003E\u003C\/td\u003E\u003C\/tr\u003E\u003Ctr\u003E\u003Ctd valign=\u0022top\u0022\u003E\u003Cp\u003ES\u00e9nonais, G\u00e2tinais\u003C\/p\u003E\u003C\/td\u003E\u003Ctd\u003E\u003Cp align=\u0022center\u0022\u003E4 090\u003C\/p\u003E\u003C\/td\u003E\u003Ctd\u003E\u003Cp align=\u0022center\u0022\u003E2 100\u003C\/p\u003E\u003C\/td\u003E\u003Ctd\u003E\u003Cp align=\u0022center\u0022\u003E5 530\u003C\/p\u003E\u003C\/td\u003E\u003C\/tr\u003E\u003Ctr\u003E\u003Ctd valign=\u0022top\u0022\u003E\u003Cp\u003E\u003Cstrong\u003EBretagne\u003C\/strong\u003E\u003C\/p\u003E\u003C\/td\u003E\u003Ctd\u003E\u003Cp align=\u0022center\u0022\u003E\u0026nbsp;\u003C\/p\u003E\u003C\/td\u003E\u003Ctd\u003E\u003Cp align=\u0022center\u0022\u003E\u0026nbsp;\u003C\/p\u003E\u003C\/td\u003E\u003Ctd\u003E\u003Cp align=\u0022center\u0022\u003E\u0026nbsp;\u003C\/p\u003E\u003C\/td\u003E\u003C\/tr\u003E\u003Ctr\u003E\u003Ctd valign=\u0022top\u0022\u003E\u003Cul\u003E\u003Cli\u003E\u003Cstrong\u003EC\u00f4tes-d\u2019Armor\u003C\/strong\u003E\u003C\/li\u003E\u003C\/ul\u003E\u003C\/td\u003E\u003Ctd\u003E\u003Cp align=\u0022center\u0022\u003E\u0026nbsp;\u003C\/p\u003E\u003C\/td\u003E\u003Ctd\u003E\u003Cp align=\u0022center\u0022\u003E\u0026nbsp;\u003C\/p\u003E\u003C\/td\u003E\u003Ctd\u003E\u003Cp align=\u0022center\u0022\u003E\u0026nbsp;\u003C\/p\u003E\u003C\/td\u003E\u003C\/tr\u003E\u003Ctr\u003E\u003Ctd valign=\u0022top\u0022\u003E\u003Cp\u003ELittoral Breton Nord\u003C\/p\u003E\u003C\/td\u003E\u003Ctd\u003E\u003Cp align=\u0022center\u0022\u003E6 640\u003C\/p\u003E\u003C\/td\u003E\u003Ctd\u003E\u003Cp align=\u0022center\u0022\u003E3 570\u003C\/p\u003E\u003C\/td\u003E\u003Ctd\u003E\u003Cp align=\u0022center\u0022\u003E10 280\u003C\/p\u003E\u003C\/td\u003E\u003C\/tr\u003E\u003Ctr\u003E\u003Ctd valign=\u0022top\u0022\u003E\u003Cp\u003EBretagne Centrale\u003C\/p\u003E\u003C\/td\u003E\u003Ctd\u003E\u003Cp align=\u0022center\u0022\u003E5 310\u003C\/p\u003E\u003C\/td\u003E\u003Ctd\u003E\u003Cp align=\u0022center\u0022\u003E2 920\u003C\/p\u003E\u003C\/td\u003E\u003Ctd\u003E\u003Cp align=\u0022center\u0022\u003E7 080\u003C\/p\u003E\u003C\/td\u003E\u003C\/tr\u003E\u003Ctr\u003E\u003Ctd valign=\u0022top\u0022\u003E\u003Cp\u003EMonts d\u2019Arr\u00e9e, Men\u00e9\u003C\/p\u003E\u003C\/td\u003E\u003Ctd\u003E\u003Cp align=\u0022center\u0022\u003E4 550\u003C\/p\u003E\u003C\/td\u003E\u003Ctd\u003E\u003Cp align=\u0022center\u0022\u003E2 290\u003C\/p\u003E\u003C\/td\u003E\u003Ctd\u003E\u003Cp align=\u0022center\u0022\u003E6 580\u003C\/p\u003E\u003C\/td\u003E\u003C\/tr\u003E\u003Ctr\u003E\u003Ctd valign=\u0022top\u0022\u003E\u003Cp\u003ER\u00e9gion du Sud-Ouest\u003C\/p\u003E\u003C\/td\u003E\u003Ctd\u003E\u003Cp align=\u0022center\u0022\u003E5 170\u003C\/p\u003E\u003C\/td\u003E\u003Ctd\u003E\u003Cp align=\u0022center\u0022\u003E2 610\u003C\/p\u003E\u003C\/td\u003E\u003Ctd\u003E\u003Cp align=\u0022center\u0022\u003E7 250\u003C\/p\u003E\u003C\/td\u003E\u003C\/tr\u003E\u003Ctr\u003E\u003Ctd valign=\u0022top\u0022\u003E\u003Cul\u003E\u003Cli\u003E\u003Cstrong\u003EFinist\u00e8re\u003C\/strong\u003E\u003C\/li\u003E\u003C\/ul\u003E\u003C\/td\u003E\u003Ctd\u003E\u003Cp align=\u0022center\u0022\u003E\u0026nbsp;\u003C\/p\u003E\u003C\/td\u003E\u003Ctd\u003E\u003Cp align=\u0022center\u0022\u003E\u0026nbsp;\u003C\/p\u003E\u003C\/td\u003E\u003Ctd\u003E\u003Cp align=\u0022center\u0022\u003E\u0026nbsp;\u003C\/p\u003E\u003C\/td\u003E\u003C\/tr\u003E\u003Ctr\u003E\u003Ctd valign=\u0022top\u0022\u003E\u003Cp\u003ELittoral Breton Nord\u003C\/p\u003E\u003C\/td\u003E\u003Ctd\u003E\u003Cp align=\u0022center\u0022\u003E7 970\u003C\/p\u003E\u003C\/td\u003E\u003Ctd\u003E\u003Cp align=\u0022center\u0022\u003E3 320\u003C\/p\u003E\u003C\/td\u003E\u003Ctd\u003E\u003Cp align=\u0022center\u0022\u003E12 000\u003C\/p\u003E\u003C\/td\u003E\u003C\/tr\u003E\u003Ctr\u003E\u003Ctd valign=\u0022top\u0022\u003E\u003Cp\u003EPourtour Rade de Brest, P\u00e9n\u00e9plaine Bretonne Nord\u003C\/p\u003E\u003C\/td\u003E\u003Ctd\u003E\u003Cp align=\u0022center\u0022\u003E6 120\u003C\/p\u003E\u003C\/td\u003E\u003Ctd\u003E\u003Cp align=\u0022center\u0022\u003E2 570\u003C\/p\u003E\u003C\/td\u003E\u003Ctd\u003E\u003Cp align=\u0022center\u0022\u003E10 000\u003C\/p\u003E\u003C\/td\u003E\u003C\/tr\u003E\u003Ctr\u003E\u003Ctd valign=\u0022top\u0022\u003E\u003Cp\u003EBassin de Ch\u00e2teaulin\u003C\/p\u003E\u003C\/td\u003E\u003Ctd\u003E\u003Cp align=\u0022center\u0022\u003E4 160\u003C\/p\u003E\u003C\/td\u003E\u003Ctd\u003E\u003Cp align=\u0022center\u0022\u003E1 860\u003C\/p\u003E\u003C\/td\u003E\u003Ctd\u003E\u003Cp align=\u0022center\u0022\u003E6 480\u003C\/p\u003E\u003C\/td\u003E\u003C\/tr\u003E\u003Ctr\u003E\u003Ctd valign=\u0022top\u0022\u003E\u003Cp\u003EP\u00e9n\u00e9plaine Bretonne Sud\u003C\/p\u003E\u003C\/td\u003E\u003Ctd\u003E\u003Cp align=\u0022center\u0022\u003E4 450\u003C\/p\u003E\u003C\/td\u003E\u003Ctd\u003E\u003Cp align=\u0022center\u0022\u003E2 470\u003C\/p\u003E\u003C\/td\u003E\u003Ctd\u003E\u003Cp align=\u0022center\u0022\u003E6 560\u003C\/p\u003E\u003C\/td\u003E\u003C\/tr\u003E\u003Ctr\u003E\u003Ctd valign=\u0022top\u0022\u003E\u003Cp\u003EMonts d\u2019Arr\u00e9e\u003C\/p\u003E\u003C\/td\u003E\u003Ctd\u003E\u003Cp align=\u0022center\u0022\u003E3 190\u003C\/p\u003E\u003C\/td\u003E\u003Ctd\u003E\u003Cp align=\u0022center\u0022\u003E1 720\u003C\/p\u003E\u003C\/td\u003E\u003Ctd\u003E\u003Cp align=\u0022center\u0022\u003E4 000\u003C\/p\u003E\u003C\/td\u003E\u003C\/tr\u003E\u003Ctr\u003E\u003Ctd valign=\u0022top\u0022\u003E\u003Cul\u003E\u003Cli\u003E\u003Cstrong\u003EIlle-et-Vilaine\u003C\/strong\u003E\u003C\/li\u003E\u003C\/ul\u003E\u003C\/td\u003E\u003Ctd\u003E\u003Cp align=\u0022center\u0022\u003E\u0026nbsp;\u003C\/p\u003E\u003C\/td\u003E\u003Ctd\u003E\u003Cp align=\u0022center\u0022\u003E\u0026nbsp;\u003C\/p\u003E\u003C\/td\u003E\u003Ctd\u003E\u003Cp align=\u0022center\u0022\u003E\u0026nbsp;\u003C\/p\u003E\u003C\/td\u003E\u003C\/tr\u003E\u003Ctr\u003E\u003Ctd valign=\u0022top\u0022\u003E\u003Cp\u003ER\u00e9gion Centrale\u003C\/p\u003E\u003C\/td\u003E\u003Ctd\u003E\u003Cp align=\u0022center\u0022\u003E5 470\u003C\/p\u003E\u003C\/td\u003E\u003Ctd\u003E\u003Cp align=\u0022center\u0022\u003E2 950\u003C\/p\u003E\u003C\/td\u003E\u003Ctd\u003E\u003Cp align=\u0022center\u0022\u003E7 500\u003C\/p\u003E\u003C\/td\u003E\u003C\/tr\u003E\u003Ctr\u003E\u003Ctd valign=\u0022top\u0022\u003E\u003Cp\u003ER\u00e9gion de Foug\u00e8res\u003C\/p\u003E\u003C\/td\u003E\u003Ctd\u003E\u003Cp align=\u0022center\u0022\u003E6 560\u003C\/p\u003E\u003C\/td\u003E\u003Ctd\u003E\u003Cp align=\u0022center\u0022\u003E2 440\u003C\/p\u003E\u003C\/td\u003E\u003Ctd\u003E\u003Cp align=\u0022center\u0022\u003E10 000\u003C\/p\u003E\u003C\/td\u003E\u003C\/tr\u003E\u003Ctr\u003E\u003Ctd valign=\u0022top\u0022\u003E\u003Cp\u003ER\u00e9gion de Saint-Malo\u003C\/p\u003E\u003C\/td\u003E\u003Ctd\u003E\u003Cp align=\u0022center\u0022\u003E4 770\u003C\/p\u003E\u003C\/td\u003E\u003Ctd\u003E\u003Cp align=\u0022center\u0022\u003E2 500\u003C\/p\u003E\u003C\/td\u003E\u003Ctd\u003E\u003Cp align=\u0022center\u0022\u003E8 100\u003C\/p\u003E\u003C\/td\u003E\u003C\/tr\u003E\u003Ctr\u003E\u003Ctd valign=\u0022top\u0022\u003E\u003Cp\u003EBretagne Centrale\u003C\/p\u003E\u003C\/td\u003E\u003Ctd\u003E\u003Cp align=\u0022center\u0022\u003E4 980\u003C\/p\u003E\u003C\/td\u003E\u003Ctd\u003E\u003Cp align=\u0022center\u0022\u003E2 770\u003C\/p\u003E\u003C\/td\u003E\u003Ctd\u003E\u003Cp align=\u0022center\u0022\u003E6 870\u003C\/p\u003E\u003C\/td\u003E\u003C\/tr\u003E\u003Ctr\u003E\u003Ctd valign=\u0022top\u0022\u003E\u003Cp\u003EPays de Redon\u003C\/p\u003E\u003C\/td\u003E\u003Ctd\u003E\u003Cp align=\u0022center\u0022\u003E3 400\u003C\/p\u003E\u003C\/td\u003E\u003Ctd\u003E\u003Cp align=\u0022center\u0022\u003E2 000\u003C\/p\u003E\u003C\/td\u003E\u003Ctd\u003E\u003Cp align=\u0022center\u0022\u003E4 500\u003C\/p\u003E\u003C\/td\u003E\u003C\/tr\u003E\u003Ctr\u003E\u003Ctd valign=\u0022top\u0022\u003E\u003Cp\u003EPolders et Marais du Nord\u003C\/p\u003E\u003C\/td\u003E\u003Ctd\u003E\u003Cp align=\u0022center\u0022\u003E5 160\u003C\/p\u003E\u003C\/td\u003E\u003Ctd\u003E\u003Cp align=\u0022center\u0022\u003E2 780\u003C\/p\u003E\u003C\/td\u003E\u003Ctd\u003E\u003Cp align=\u0022center\u0022\u003E6 820\u003C\/p\u003E\u003C\/td\u003E\u003C\/tr\u003E\u003Ctr\u003E\u003Ctd valign=\u0022top\u0022\u003E\u003Cul\u003E\u003Cli\u003E\u003Cstrong\u003EMorbihan\u003C\/strong\u003E\u003C\/li\u003E\u003C\/ul\u003E\u003C\/td\u003E\u003Ctd\u003E\u003Cp align=\u0022center\u0022\u003E\u0026nbsp;\u003C\/p\u003E\u003C\/td\u003E\u003Ctd\u003E\u003Cp align=\u0022center\u0022\u003E\u0026nbsp;\u003C\/p\u003E\u003C\/td\u003E\u003Ctd\u003E\u003Cp align=\u0022center\u0022\u003E\u0026nbsp;\u003C\/p\u003E\u003C\/td\u003E\u003C\/tr\u003E\u003Ctr\u003E\u003Ctd valign=\u0022top\u0022\u003E\u003Cp\u003EBretagne Centrale\u003C\/p\u003E\u003C\/td\u003E\u003Ctd\u003E\u003Cp align=\u0022center\u0022\u003E4 560\u003C\/p\u003E\u003C\/td\u003E\u003Ctd\u003E\u003Cp align=\u0022center\u0022\u003E2 650\u003C\/p\u003E\u003C\/td\u003E\u003Ctd\u003E\u003Cp align=\u0022center\u0022\u003E6 600\u003C\/p\u003E\u003C\/td\u003E\u003C\/tr\u003E\u003Ctr\u003E\u003Ctd valign=\u0022top\u0022\u003E\u003Cp\u003ER\u00e9gion Nord\u003C\/p\u003E\u003C\/td\u003E\u003Ctd\u003E\u003Cp align=\u0022center\u0022\u003E5 310\u003C\/p\u003E\u003C\/td\u003E\u003Ctd\u003E\u003Cp align=\u0022center\u0022\u003E2 470\u003C\/p\u003E\u003C\/td\u003E\u003Ctd\u003E\u003Cp align=\u0022center\u0022\u003E8 720\u003C\/p\u003E\u003C\/td\u003E\u003C\/tr\u003E\u003Ctr\u003E\u003Ctd valign=\u0022top\u0022\u003E\u003Cp\u003ER\u00e9gion Centrale\u003C\/p\u003E\u003C\/td\u003E\u003Ctd\u003E\u003Cp align=\u0022center\u0022\u003E4 290\u003C\/p\u003E\u003C\/td\u003E\u003Ctd\u003E\u003Cp align=\u0022center\u0022\u003E2 170\u003C\/p\u003E\u003C\/td\u003E\u003Ctd\u003E\u003Cp align=\u0022center\u0022\u003E5 960\u003C\/p\u003E\u003C\/td\u003E\u003C\/tr\u003E\u003Ctr\u003E\u003Ctd valign=\u0022top\u0022\u003E\u003Cp\u003ELittoral Breton Sud\u003C\/p\u003E\u003C\/td\u003E\u003Ctd\u003E\u003Cp align=\u0022center\u0022\u003E3 500\u003C\/p\u003E\u003C\/td\u003E\u003Ctd\u003E\u003Cp align=\u0022center\u0022\u003E1 950\u003C\/p\u003E\u003C\/td\u003E\u003Ctd\u003E\u003Cp align=\u0022center\u0022\u003E5 070\u003C\/p\u003E\u003C\/td\u003E\u003C\/tr\u003E\u003Ctr\u003E\u003Ctd valign=\u0022top\u0022\u003E\u003Cp\u003E\u003Cstrong\u003ECentre-Val de Loire\u003C\/strong\u003E\u003C\/p\u003E\u003C\/td\u003E\u003Ctd\u003E\u003Cp align=\u0022center\u0022\u003E\u0026nbsp;\u003C\/p\u003E\u003C\/td\u003E\u003Ctd\u003E\u003Cp align=\u0022center\u0022\u003E\u0026nbsp;\u003C\/p\u003E\u003C\/td\u003E\u003Ctd\u003E\u003Cp align=\u0022center\u0022\u003E\u0026nbsp;\u003C\/p\u003E\u003C\/td\u003E\u003C\/tr\u003E\u003Ctr\u003E\u003Ctd valign=\u0022top\u0022\u003E\u003Cul\u003E\u003Cli\u003E\u003Cstrong\u003ECher\u003C\/strong\u003E\u003C\/li\u003E\u003C\/ul\u003E\u003C\/td\u003E\u003Ctd\u003E\u003Cp align=\u0022center\u0022\u003E\u0026nbsp;\u003C\/p\u003E\u003C\/td\u003E\u003Ctd\u003E\u003Cp align=\u0022center\u0022\u003E\u0026nbsp;\u003C\/p\u003E\u003C\/td\u003E\u003Ctd\u003E\u003Cp align=\u0022center\u0022\u003E\u0026nbsp;\u003C\/p\u003E\u003C\/td\u003E\u003C\/tr\u003E\u003Ctr\u003E\u003Ctd valign=\u0022top\u0022\u003E\u003Cp\u003EPays Fort et Sancerrois, Val de Loire\u003C\/p\u003E\u003C\/td\u003E\u003Ctd\u003E\u003Cp align=\u0022center\u0022\u003E4 510\u003C\/p\u003E\u003C\/td\u003E\u003Ctd\u003E\u003Cp align=\u0022center\u0022\u003E2 000\u003C\/p\u003E\u003C\/td\u003E\u003Ctd\u003E\u003Cp align=\u0022center\u0022\u003E7 540\u003C\/p\u003E\u003C\/td\u003E\u003C\/tr\u003E\u003Ctr\u003E\u003Ctd valign=\u0022top\u0022\u003E\u003Cp\u003EVall\u00e9e de Germigny\u003C\/p\u003E\u003C\/td\u003E\u003Ctd\u003E\u003Cp align=\u0022center\u0022\u003E3 910\u003C\/p\u003E\u003C\/td\u003E\u003Ctd\u003E\u003Cp align=\u0022center\u0022\u003E2 000\u003C\/p\u003E\u003C\/td\u003E\u003Ctd\u003E\u003Cp align=\u0022center\u0022\u003E6 400\u003C\/p\u003E\u003C\/td\u003E\u003C\/tr\u003E\u003Ctr\u003E\u003Ctd valign=\u0022top\u0022\u003E\u003Cp\u003EBoischaut, Marche\u003C\/p\u003E\u003C\/td\u003E\u003Ctd\u003E\u003Cp align=\u0022center\u0022\u003E3 850\u003C\/p\u003E\u003C\/td\u003E\u003Ctd\u003E\u003Cp align=\u0022center\u0022\u003E1 850\u003C\/p\u003E\u003C\/td\u003E\u003Ctd\u003E\u003Cp align=\u0022center\u0022\u003E5 500\u003C\/p\u003E\u003C\/td\u003E\u003C\/tr\u003E\u003Ctr\u003E\u003Ctd valign=\u0022top\u0022\u003E\u003Cp\u003ESologne\u003C\/p\u003E\u003C\/td\u003E\u003Ctd\u003E\u003Cp align=\u0022center\u0022\u003E3 830\u003C\/p\u003E\u003C\/td\u003E\u003Ctd\u003E\u003Cp align=\u0022center\u0022\u003E2 670\u003C\/p\u003E\u003C\/td\u003E\u003Ctd\u003E\u003Cp align=\u0022center\u0022\u003E7 880\u003C\/p\u003E\u003C\/td\u003E\u003C\/tr\u003E\u003Ctr\u003E\u003Ctd valign=\u0022top\u0022\u003E\u003Cp\u003EChampagne Berrichonne\u003C\/p\u003E\u003C\/td\u003E\u003Ctd\u003E\u003Cp align=\u0022center\u0022\u003E6 260\u003C\/p\u003E\u003C\/td\u003E\u003Ctd\u003E\u003Cp align=\u0022center\u0022\u003E2 700\u003C\/p\u003E\u003C\/td\u003E\u003Ctd\u003E\u003Cp align=\u0022center\u0022\u003E9 170\u003C\/p\u003E\u003C\/td\u003E\u003C\/tr\u003E\u003Ctr\u003E\u003Ctd valign=\u0022top\u0022\u003E\u003Cul\u003E\u003Cli\u003E\u003Cstrong\u003EEure-et-Loir\u003C\/strong\u003E\u003C\/li\u003E\u003C\/ul\u003E\u003C\/td\u003E\u003Ctd\u003E\u003Cp align=\u0022center\u0022\u003E\u0026nbsp;\u003C\/p\u003E\u003C\/td\u003E\u003Ctd\u003E\u003Cp align=\u0022center\u0022\u003E\u0026nbsp;\u003C\/p\u003E\u003C\/td\u003E\u003Ctd\u003E\u003Cp align=\u0022center\u0022\u003E\u0026nbsp;\u003C\/p\u003E\u003C\/td\u003E\u003C\/tr\u003E\u003Ctr\u003E\u003Ctd valign=\u0022top\u0022\u003E\u003Cp\u003EThimerais-Drouais\u003C\/p\u003E\u003C\/td\u003E\u003Ctd\u003E\u003Cp align=\u0022center\u0022\u003E6 930\u003C\/p\u003E\u003C\/td\u003E\u003Ctd\u003E\u003Cp align=\u0022center\u0022\u003E3 200\u003C\/p\u003E\u003C\/td\u003E\u003Ctd\u003E\u003Cp align=\u0022center\u0022\u003E10 000\u003C\/p\u003E\u003C\/td\u003E\u003C\/tr\u003E\u003Ctr\u003E\u003Ctd valign=\u0022top\u0022\u003E\u003Cp\u003EPerche\u003C\/p\u003E\u003C\/td\u003E\u003Ctd\u003E\u003Cp align=\u0022center\u0022\u003E7 030\u003C\/p\u003E\u003C\/td\u003E\u003Ctd\u003E\u003Cp align=\u0022center\u0022\u003E4 160\u003C\/p\u003E\u003C\/td\u003E\u003Ctd\u003E\u003Cp align=\u0022center\u0022\u003E10 000\u003C\/p\u003E\u003C\/td\u003E\u003C\/tr\u003E\u003Ctr\u003E\u003Ctd valign=\u0022top\u0022\u003E\u003Cp\u003EFaux Perche\u003C\/p\u003E\u003C\/td\u003E\u003Ctd\u003E\u003Cp align=\u0022center\u0022\u003E6 450\u003C\/p\u003E\u003C\/td\u003E\u003Ctd\u003E\u003Cp align=\u0022center\u0022\u003E3 240\u003C\/p\u003E\u003C\/td\u003E\u003Ctd\u003E\u003Cp align=\u0022center\u0022\u003E9 640\u003C\/p\u003E\u003C\/td\u003E\u003C\/tr\u003E\u003Ctr\u003E\u003Ctd valign=\u0022top\u0022\u003E\u003Cp\u003EBeauce Dunoise\u003C\/p\u003E\u003C\/td\u003E\u003Ctd\u003E\u003Cp align=\u0022center\u0022\u003E7 790\u003C\/p\u003E\u003C\/td\u003E\u003Ctd\u003E\u003Cp align=\u0022center\u0022\u003E4 080\u003C\/p\u003E\u003C\/td\u003E\u003Ctd\u003E\u003Cp align=\u0022center\u0022\u003E11 670\u003C\/p\u003E\u003C\/td\u003E\u003C\/tr\u003E\u003Ctr\u003E\u003Ctd valign=\u0022top\u0022\u003E\u003Cp\u003EBeauce\u003C\/p\u003E\u003C\/td\u003E\u003Ctd\u003E\u003Cp align=\u0022center\u0022\u003E8 020\u003C\/p\u003E\u003C\/td\u003E\u003Ctd\u003E\u003Cp align=\u0022center\u0022\u003E5 000\u003C\/p\u003E\u003C\/td\u003E\u003Ctd\u003E\u003Cp align=\u0022center\u0022\u003E12 000\u003C\/p\u003E\u003C\/td\u003E\u003C\/tr\u003E\u003Ctr\u003E\u003Ctd valign=\u0022top\u0022\u003E\u003Cul\u003E\u003Cli\u003E\u003Cstrong\u003EIndre\u003C\/strong\u003E\u003C\/li\u003E\u003C\/ul\u003E\u003C\/td\u003E\u003Ctd\u003E\u003Cp align=\u0022center\u0022\u003E\u0026nbsp;\u003C\/p\u003E\u003C\/td\u003E\u003Ctd\u003E\u003Cp align=\u0022center\u0022\u003E\u0026nbsp;\u003C\/p\u003E\u003C\/td\u003E\u003Ctd\u003E\u003Cp align=\u0022center\u0022\u003E\u0026nbsp;\u003C\/p\u003E\u003C\/td\u003E\u003C\/tr\u003E\u003Ctr\u003E\u003Ctd valign=\u0022top\u0022\u003E\u003Cp\u003EChampagne Berrichonne\u003C\/p\u003E\u003C\/td\u003E\u003Ctd\u003E\u003Cp align=\u0022center\u0022\u003E7 500\u003C\/p\u003E\u003C\/td\u003E\u003Ctd\u003E\u003Cp align=\u0022center\u0022\u003E2 940\u003C\/p\u003E\u003C\/td\u003E\u003Ctd\u003E\u003Cp align=\u0022center\u0022\u003E11 300\u003C\/p\u003E\u003C\/td\u003E\u003C\/tr\u003E\u003Ctr\u003E\u003Ctd valign=\u0022top\u0022\u003E\u003Cp\u003EBoischaut du Nord\u003C\/p\u003E\u003C\/td\u003E\u003Ctd\u003E\u003Cp align=\u0022center\u0022\u003E4 450\u003C\/p\u003E\u003C\/td\u003E\u003Ctd\u003E\u003Cp align=\u0022center\u0022\u003E2 430\u003C\/p\u003E\u003C\/td\u003E\u003Ctd\u003E\u003Cp align=\u0022center\u0022\u003E7 000\u003C\/p\u003E\u003C\/td\u003E\u003C\/tr\u003E\u003Ctr\u003E\u003Ctd valign=\u0022top\u0022\u003E\u003Cp\u003EBoischaut du Sud\u003C\/p\u003E\u003C\/td\u003E\u003Ctd\u003E\u003Cp align=\u0022center\u0022\u003E3 200\u003C\/p\u003E\u003C\/td\u003E\u003Ctd\u003E\u003Cp align=\u0022center\u0022\u003E1 700\u003C\/p\u003E\u003C\/td\u003E\u003Ctd\u003E\u003Cp align=\u0022center\u0022\u003E5 000\u003C\/p\u003E\u003C\/td\u003E\u003C\/tr\u003E\u003Ctr\u003E\u003Ctd valign=\u0022top\u0022\u003E\u003Cp\u003EBrenne-Petite Brenne\u003C\/p\u003E\u003C\/td\u003E\u003Ctd\u003E\u003Cp align=\u0022center\u0022\u003E4 010\u003C\/p\u003E\u003C\/td\u003E\u003Ctd\u003E\u003Cp align=\u0022center\u0022\u003E2 370\u003C\/p\u003E\u003C\/td\u003E\u003Ctd\u003E\u003Cp align=\u0022center\u0022\u003E6 200\u003C\/p\u003E\u003C\/td\u003E\u003C\/tr\u003E\u003Ctr\u003E\u003Ctd valign=\u0022top\u0022\u003E\u003Cul\u003E\u003Cli\u003E\u003Cstrong\u003EIndre-et-Loire\u003C\/strong\u003E\u003C\/li\u003E\u003C\/ul\u003E\u003C\/td\u003E\u003Ctd\u003E\u003Cp align=\u0022center\u0022\u003E\u0026nbsp;\u003C\/p\u003E\u003C\/td\u003E\u003Ctd\u003E\u003Cp align=\u0022center\u0022\u003E\u0026nbsp;\u003C\/p\u003E\u003C\/td\u003E\u003Ctd\u003E\u003Cp align=\u0022center\u0022\u003E\u0026nbsp;\u003C\/p\u003E\u003C\/td\u003E\u003C\/tr\u003E\u003Ctr\u003E\u003Ctd valign=\u0022top\u0022\u003E\u003Cp\u003EBassin de Savign\u00e9, G\u00e2tine Tourangelle\u003C\/p\u003E\u003C\/td\u003E\u003Ctd\u003E\u003Cp align=\u0022center\u0022\u003E3 860\u003C\/p\u003E\u003C\/td\u003E\u003Ctd\u003E\u003Cp align=\u0022center\u0022\u003E2 150\u003C\/p\u003E\u003C\/td\u003E\u003Ctd\u003E\u003Cp align=\u0022center\u0022\u003E5 990\u003C\/p\u003E\u003C\/td\u003E\u003C\/tr\u003E\u003Ctr\u003E\u003Ctd valign=\u0022top\u0022\u003E\u003Cp\u003EVal de Loire, Amboise, R\u00e9gion viticole \u00e0 l\u2019Est de Tours\u003C\/p\u003E\u003C\/td\u003E\u003Ctd\u003E\u003Cp align=\u0022center\u0022\u003E3 280\u003C\/p\u003E\u003C\/td\u003E\u003Ctd\u003E\u003Cp align=\u0022center\u0022\u003E1 490\u003C\/p\u003E\u003C\/td\u003E\u003Ctd\u003E\u003Cp align=\u0022center\u0022\u003E6 000\u003C\/p\u003E\u003C\/td\u003E\u003C\/tr\u003E\u003Ctr\u003E\u003Ctd valign=\u0022top\u0022\u003E\u003Cp\u003EChampeigne, Plateau de Mettray\u003C\/p\u003E\u003C\/td\u003E\u003Ctd\u003E\u003Cp align=\u0022center\u0022\u003E5 660\u003C\/p\u003E\u003C\/td\u003E\u003Ctd\u003E\u003Cp align=\u0022center\u0022\u003E2 980\u003C\/p\u003E\u003C\/td\u003E\u003Ctd\u003E\u003Cp align=\u0022center\u0022\u003E8 000\u003C\/p\u003E\u003C\/td\u003E\u003C\/tr\u003E\u003Ctr\u003E\u003Ctd valign=\u0022top\u0022\u003E\u003Cp\u003ER\u00e9gion de Sainte Maure\u003C\/p\u003E\u003C\/td\u003E\u003Ctd\u003E\u003Cp align=\u0022center\u0022\u003E4 860\u003C\/p\u003E\u003C\/td\u003E\u003Ctd\u003E\u003Cp align=\u0022center\u0022\u003E2 660\u003C\/p\u003E\u003C\/td\u003E\u003Ctd\u003E\u003Cp align=\u0022center\u0022\u003E7 480\u003C\/p\u003E\u003C\/td\u003E\u003C\/tr\u003E\u003Ctr\u003E\u003Ctd valign=\u0022top\u0022\u003E\u003Cp\u003ERichelais\u003C\/p\u003E\u003C\/td\u003E\u003Ctd\u003E\u003Cp align=\u0022center\u0022\u003E5 840\u003C\/p\u003E\u003C\/td\u003E\u003Ctd\u003E\u003Cp align=\u0022center\u0022\u003E2 000\u003C\/p\u003E\u003C\/td\u003E\u003Ctd\u003E\u003Cp align=\u0022center\u0022\u003E8 530\u003C\/p\u003E\u003C\/td\u003E\u003C\/tr\u003E\u003Ctr\u003E\u003Ctd valign=\u0022top\u0022\u003E\u003Cp\u003EG\u00e2tine de Loches et de Montresor\u003C\/p\u003E\u003C\/td\u003E\u003Ctd\u003E\u003Cp align=\u0022center\u0022\u003E4 820\u003C\/p\u003E\u003C\/td\u003E\u003Ctd\u003E\u003Cp align=\u0022center\u0022\u003E2 820\u003C\/p\u003E\u003C\/td\u003E\u003Ctd\u003E\u003Cp align=\u0022center\u0022\u003E6 390\u003C\/p\u003E\u003C\/td\u003E\u003C\/tr\u003E\u003Ctr\u003E\u003Ctd valign=\u0022top\u0022\u003E\u003Cul\u003E\u003Cli\u003E\u003Cstrong\u003ELoir-et-Cher\u003C\/strong\u003E\u003C\/li\u003E\u003C\/ul\u003E\u003C\/td\u003E\u003Ctd\u003E\u003Cp align=\u0022center\u0022\u003E\u0026nbsp;\u003C\/p\u003E\u003C\/td\u003E\u003Ctd\u003E\u003Cp align=\u0022center\u0022\u003E\u0026nbsp;\u003C\/p\u003E\u003C\/td\u003E\u003Ctd\u003E\u003Cp align=\u0022center\u0022\u003E\u0026nbsp;\u003C\/p\u003E\u003C\/td\u003E\u003C\/tr\u003E\u003Ctr\u003E\u003Ctd valign=\u0022top\u0022\u003E\u003Cp\u003EPerche, G\u00e2tine, Vall\u00e9e du Loir\u003C\/p\u003E\u003C\/td\u003E\u003Ctd\u003E\u003Cp align=\u0022center\u0022\u003E4 390\u003C\/p\u003E\u003C\/td\u003E\u003Ctd\u003E\u003Cp align=\u0022center\u0022\u003E2 500\u003C\/p\u003E\u003C\/td\u003E\u003Ctd\u003E\u003Cp align=\u0022center\u0022\u003E6 620\u003C\/p\u003E\u003C\/td\u003E\u003C\/tr\u003E\u003Ctr\u003E\u003Ctd valign=\u0022top\u0022\u003E\u003Cp\u003EBeauce\u003C\/p\u003E\u003C\/td\u003E\u003Ctd\u003E\u003Cp align=\u0022center\u0022\u003E5 570\u003C\/p\u003E\u003C\/td\u003E\u003Ctd\u003E\u003Cp align=\u0022center\u0022\u003E3 000\u003C\/p\u003E\u003C\/td\u003E\u003Ctd\u003E\u003Cp align=\u0022center\u0022\u003E7 610\u003C\/p\u003E\u003C\/td\u003E\u003C\/tr\u003E\u003Ctr\u003E\u003Ctd valign=\u0022top\u0022\u003E\u003Cp\u003ESologne viticole, Vall\u00e9e de la Loire\u003C\/p\u003E\u003C\/td\u003E\u003Ctd\u003E\u003Cp align=\u0022center\u0022\u003E3 200\u003C\/p\u003E\u003C\/td\u003E\u003Ctd\u003E\u003Cp align=\u0022center\u0022\u003E1 800\u003C\/p\u003E\u003C\/td\u003E\u003Ctd\u003E\u003Cp align=\u0022center\u0022\u003E5 560\u003C\/p\u003E\u003C\/td\u003E\u003C\/tr\u003E\u003Ctr\u003E\u003Ctd valign=\u0022top\u0022\u003E\u003Cp\u003EPlateaux Bocagers Touraine M\u00e9ridionale\u003C\/p\u003E\u003C\/td\u003E\u003Ctd\u003E\u003Cp align=\u0022center\u0022\u003E2 890\u003C\/p\u003E\u003C\/td\u003E\u003Ctd\u003E\u003Cp align=\u0022center\u0022\u003E1 500\u003C\/p\u003E\u003C\/td\u003E\u003Ctd\u003E\u003Cp align=\u0022center\u0022\u003E4 600\u003C\/p\u003E\u003C\/td\u003E\u003C\/tr\u003E\u003Ctr\u003E\u003Ctd valign=\u0022top\u0022\u003E\u003Cp\u003EGrande Sologne, Champagne Berrichonne\u003C\/p\u003E\u003C\/td\u003E\u003Ctd\u003E\u003Cp align=\u0022center\u0022\u003E3 220\u003C\/p\u003E\u003C\/td\u003E\u003Ctd\u003E\u003Cp align=\u0022center\u0022\u003E1 520\u003C\/p\u003E\u003C\/td\u003E\u003Ctd\u003E\u003Cp align=\u0022center\u0022\u003E6 500\u003C\/p\u003E\u003C\/td\u003E\u003C\/tr\u003E\u003Ctr\u003E\u003Ctd valign=\u0022top\u0022\u003E\u003Cul\u003E\u003Cli\u003E\u003Cstrong\u003ELoiret\u003C\/strong\u003E\u003C\/li\u003E\u003C\/ul\u003E\u003C\/td\u003E\u003Ctd\u003E\u003Cp align=\u0022center\u0022\u003E\u0026nbsp;\u003C\/p\u003E\u003C\/td\u003E\u003Ctd\u003E\u003Cp align=\u0022center\u0022\u003E\u0026nbsp;\u003C\/p\u003E\u003C\/td\u003E\u003Ctd\u003E\u003Cp align=\u0022center\u0022\u003E\u0026nbsp;\u003C\/p\u003E\u003C\/td\u003E\u003C\/tr\u003E\u003Ctr\u003E\u003Ctd valign=\u0022top\u0022\u003E\u003Cp\u003EOrl\u00e9anais\u003C\/p\u003E\u003C\/td\u003E\u003Ctd\u003E\u003Cp align=\u0022center\u0022\u003E4 300\u003C\/p\u003E\u003C\/td\u003E\u003Ctd\u003E\u003Cp align=\u0022center\u0022\u003E2 670\u003C\/p\u003E\u003C\/td\u003E\u003Ctd\u003E\u003Cp align=\u0022center\u0022\u003E5 900\u003C\/p\u003E\u003C\/td\u003E\u003C\/tr\u003E\u003Ctr\u003E\u003Ctd valign=\u0022top\u0022\u003E\u003Cp\u003EG\u00e2tinais Pauvre (Est)\u003C\/p\u003E\u003C\/td\u003E\u003Ctd\u003E\u003Cp align=\u0022center\u0022\u003E5 140\u003C\/p\u003E\u003C\/td\u003E\u003Ctd\u003E\u003Cp align=\u0022center\u0022\u003E2 700\u003C\/p\u003E\u003C\/td\u003E\u003Ctd\u003E\u003Cp align=\u0022center\u0022\u003E6 650\u003C\/p\u003E\u003C\/td\u003E\u003C\/tr\u003E\u003Ctr\u003E\u003Ctd valign=\u0022top\u0022\u003E\u003Cp\u003EG\u00e2tinais Riche (Ouest)\u003C\/p\u003E\u003C\/td\u003E\u003Ctd\u003E\u003Cp align=\u0022center\u0022\u003E5 330\u003C\/p\u003E\u003C\/td\u003E\u003Ctd\u003E\u003Cp align=\u0022center\u0022\u003E3 000\u003C\/p\u003E\u003C\/td\u003E\u003Ctd\u003E\u003Cp align=\u0022center\u0022\u003E7 610\u003C\/p\u003E\u003C\/td\u003E\u003C\/tr\u003E\u003Ctr\u003E\u003Ctd valign=\u0022top\u0022\u003E\u003Cp\u003EBeauce Riche\u003C\/p\u003E\u003C\/td\u003E\u003Ctd\u003E\u003Cp align=\u0022center\u0022\u003E6 930\u003C\/p\u003E\u003C\/td\u003E\u003Ctd\u003E\u003Cp align=\u0022center\u0022\u003E4 500\u003C\/p\u003E\u003C\/td\u003E\u003Ctd\u003E\u003Cp align=\u0022center\u0022\u003E8 780\u003C\/p\u003E\u003C\/td\u003E\u003C\/tr\u003E\u003Ctr\u003E\u003Ctd valign=\u0022top\u0022\u003E\u003Cp\u003EVal de Loire, Beauce de Patay\u003C\/p\u003E\u003C\/td\u003E\u003Ctd\u003E\u003Cp align=\u0022center\u0022\u003E5 370\u003C\/p\u003E\u003C\/td\u003E\u003Ctd\u003E\u003Cp align=\u0022center\u0022\u003E2 880\u003C\/p\u003E\u003C\/td\u003E\u003Ctd\u003E\u003Cp align=\u0022center\u0022\u003E8 690\u003C\/p\u003E\u003C\/td\u003E\u003C\/tr\u003E\u003Ctr\u003E\u003Ctd valign=\u0022top\u0022\u003E\u003Cp\u003EPuisaye, Sologne, Berry\u003C\/p\u003E\u003C\/td\u003E\u003Ctd\u003E\u003Cp align=\u0022center\u0022\u003E3 470\u003C\/p\u003E\u003C\/td\u003E\u003Ctd\u003E\u003Cp align=\u0022center\u0022\u003E1 680\u003C\/p\u003E\u003C\/td\u003E\u003Ctd\u003E\u003Cp align=\u0022center\u0022\u003E6 160\u003C\/p\u003E\u003C\/td\u003E\u003C\/tr\u003E\u003Ctr\u003E\u003Ctd valign=\u0022top\u0022\u003E\u003Cp\u003E\u003Cstrong\u003EGrand Est\u003C\/strong\u003E\u003C\/p\u003E\u003C\/td\u003E\u003Ctd\u003E\u003Cp align=\u0022center\u0022\u003E\u0026nbsp;\u003C\/p\u003E\u003C\/td\u003E\u003Ctd\u003E\u003Cp align=\u0022center\u0022\u003E\u0026nbsp;\u003C\/p\u003E\u003C\/td\u003E\u003Ctd\u003E\u003Cp align=\u0022center\u0022\u003E\u0026nbsp;\u003C\/p\u003E\u003C\/td\u003E\u003C\/tr\u003E\u003Ctr\u003E\u003Ctd valign=\u0022top\u0022\u003E\u003Cul\u003E\u003Cli\u003E\u003Cstrong\u003EArdennes\u003C\/strong\u003E\u003C\/li\u003E\u003C\/ul\u003E\u003C\/td\u003E\u003Ctd\u003E\u003Cp align=\u0022center\u0022\u003E\u0026nbsp;\u003C\/p\u003E\u003C\/td\u003E\u003Ctd\u003E\u003Cp align=\u0022center\u0022\u003E\u0026nbsp;\u003C\/p\u003E\u003C\/td\u003E\u003Ctd\u003E\u003Cp align=\u0022center\u0022\u003E\u0026nbsp;\u003C\/p\u003E\u003C\/td\u003E\u003C\/tr\u003E\u003Ctr\u003E\u003Ctd valign=\u0022top\u0022\u003E\u003Cp\u003EArdenne\u003C\/p\u003E\u003C\/td\u003E\u003Ctd\u003E\u003Cp align=\u0022center\u0022\u003E4 190\u003C\/p\u003E\u003C\/td\u003E\u003Ctd\u003E\u003Cp align=\u0022center\u0022\u003E2 920\u003C\/p\u003E\u003C\/td\u003E\u003Ctd\u003E\u003Cp align=\u0022center\u0022\u003E5 500\u003C\/p\u003E\u003C\/td\u003E\u003C\/tr\u003E\u003Ctr\u003E\u003Ctd valign=\u0022top\u0022\u003E\u003Cp\u003ECr\u00eates Pr\u00e9ardennaises, Argonne\u003C\/p\u003E\u003C\/td\u003E\u003Ctd\u003E\u003Cp align=\u0022center\u0022\u003E5 190\u003C\/p\u003E\u003C\/td\u003E\u003Ctd\u003E\u003Cp align=\u0022center\u0022\u003E3 200\u003C\/p\u003E\u003C\/td\u003E\u003Ctd\u003E\u003Cp align=\u0022center\u0022\u003E7 500\u003C\/p\u003E\u003C\/td\u003E\u003C\/tr\u003E\u003Ctr\u003E\u003Ctd valign=\u0022top\u0022\u003E\u003Cp\u003EChampagne Crayeuse, Thi\u00e9rache\u003C\/p\u003E\u003C\/td\u003E\u003Ctd\u003E\u003Cp align=\u0022center\u0022\u003E9 550\u003C\/p\u003E\u003C\/td\u003E\u003Ctd\u003E\u003Cp align=\u0022center\u0022\u003E4 000\u003C\/p\u003E\u003C\/td\u003E\u003Ctd\u003E\u003Cp align=\u0022center\u0022\u003E15 000\u003C\/p\u003E\u003C\/td\u003E\u003C\/tr\u003E\u003Ctr\u003E\u003Ctd valign=\u0022top\u0022\u003E\u003Cul\u003E\u003Cli\u003E\u003Cstrong\u003EAube\u003C\/strong\u003E\u003C\/li\u003E\u003C\/ul\u003E\u003C\/td\u003E\u003Ctd\u003E\u003Cp align=\u0022center\u0022\u003E\u0026nbsp;\u003C\/p\u003E\u003C\/td\u003E\u003Ctd\u003E\u003Cp align=\u0022center\u0022\u003E\u0026nbsp;\u003C\/p\u003E\u003C\/td\u003E\u003Ctd\u003E\u003Cp align=\u0022center\u0022\u003E\u0026nbsp;\u003C\/p\u003E\u003C\/td\u003E\u003C\/tr\u003E\u003Ctr\u003E\u003Ctd valign=\u0022top\u0022\u003E\u003Cp\u003EVignoble du Barrois\u003C\/p\u003E\u003C\/td\u003E\u003Ctd\u003E\u003Cp align=\u0022center\u0022\u003E5 650\u003C\/p\u003E\u003C\/td\u003E\u003Ctd\u003E\u003Cp align=\u0022center\u0022\u003E3 200\u003C\/p\u003E\u003C\/td\u003E\u003Ctd\u003E\u003Cp align=\u0022center\u0022\u003E10 750\u003C\/p\u003E\u003C\/td\u003E\u003C\/tr\u003E\u003Ctr\u003E\u003Ctd valign=\u0022top\u0022\u003E\u003Cp\u003EChampagne Crayeuse, Nogentais\u003C\/p\u003E\u003C\/td\u003E\u003Ctd\u003E\u003Cp align=\u0022center\u0022\u003E11 630\u003C\/p\u003E\u003C\/td\u003E\u003Ctd\u003E\u003Cp align=\u0022center\u0022\u003E4 350\u003C\/p\u003E\u003C\/td\u003E\u003Ctd\u003E\u003Cp align=\u0022center\u0022\u003E17 800\u003C\/p\u003E\u003C\/td\u003E\u003C\/tr\u003E\u003Ctr\u003E\u003Ctd valign=\u0022top\u0022\u003E\u003Cp\u003EChampagne Humide, Plaine de Brienne\u003C\/p\u003E\u003C\/td\u003E\u003Ctd\u003E\u003Cp align=\u0022center\u0022\u003E6 180\u003C\/p\u003E\u003C\/td\u003E\u003Ctd\u003E\u003Cp align=\u0022center\u0022\u003E3 010\u003C\/p\u003E\u003C\/td\u003E\u003Ctd\u003E\u003Cp align=\u0022center\u0022\u003E10 210\u003C\/p\u003E\u003C\/td\u003E\u003C\/tr\u003E\u003Ctr\u003E\u003Ctd valign=\u0022top\u0022\u003E\u003Cp\u003EPlaine de Troyes, Pays d\u2019Othe\u003C\/p\u003E\u003C\/td\u003E\u003Ctd\u003E\u003Cp align=\u0022center\u0022\u003E10 790\u003C\/p\u003E\u003C\/td\u003E\u003Ctd\u003E\u003Cp align=\u0022center\u0022\u003E4 500\u003C\/p\u003E\u003C\/td\u003E\u003Ctd\u003E\u003Cp align=\u0022center\u0022\u003E16 320\u003C\/p\u003E\u003C\/td\u003E\u003C\/tr\u003E\u003Ctr\u003E\u003Ctd valign=\u0022top\u0022\u003E\u003Cul\u003E\u003Cli\u003E\u003Cstrong\u003EBas-Rhin\u003C\/strong\u003E\u003C\/li\u003E\u003C\/ul\u003E\u003C\/td\u003E\u003Ctd\u003E\u003Cp align=\u0022center\u0022\u003E\u0026nbsp;\u003C\/p\u003E\u003C\/td\u003E\u003Ctd\u003E\u003Cp align=\u0022center\u0022\u003E\u0026nbsp;\u003C\/p\u003E\u003C\/td\u003E\u003Ctd\u003E\u003Cp align=\u0022center\u0022\u003E\u0026nbsp;\u003C\/p\u003E\u003C\/td\u003E\u003C\/tr\u003E\u003Ctr\u003E\u003Ctd valign=\u0022top\u0022\u003E\u003Cp\u003EPlaine du Rhin\u003C\/p\u003E\u003C\/td\u003E\u003Ctd\u003E\u003Cp align=\u0022center\u0022\u003E7 780\u003C\/p\u003E\u003C\/td\u003E\u003Ctd\u003E\u003Cp align=\u0022center\u0022\u003E4 000\u003C\/p\u003E\u003C\/td\u003E\u003Ctd\u003E\u003Cp align=\u0022center\u0022\u003E13 000\u003C\/p\u003E\u003C\/td\u003E\u003C\/tr\u003E\u003Ctr\u003E\u003Ctd valign=\u0022top\u0022\u003E\u003Cp\u003ERied\u003C\/p\u003E\u003C\/td\u003E\u003Ctd\u003E\u003Cp align=\u0022center\u0022\u003E5 910\u003C\/p\u003E\u003C\/td\u003E\u003Ctd\u003E\u003Cp align=\u0022center\u0022\u003E3 500\u003C\/p\u003E\u003C\/td\u003E\u003Ctd\u003E\u003Cp align=\u0022center\u0022\u003E8 000\u003C\/p\u003E\u003C\/td\u003E\u003C\/tr\u003E\u003Ctr\u003E\u003Ctd valign=\u0022top\u0022\u003E\u003Cp\u003ER\u00e9gion sous Vosgienne\u003C\/p\u003E\u003C\/td\u003E\u003Ctd\u003E\u003Cp align=\u0022center\u0022\u003E6 310\u003C\/p\u003E\u003C\/td\u003E\u003Ctd\u003E\u003Cp align=\u0022center\u0022\u003E3 000\u003C\/p\u003E\u003C\/td\u003E\u003Ctd\u003E\u003Cp align=\u0022center\u0022\u003E10 140\u003C\/p\u003E\u003C\/td\u003E\u003C\/tr\u003E\u003Ctr\u003E\u003Ctd valign=\u0022top\u0022\u003E\u003Cp\u003EPlateau Lorrain Nord\u003C\/p\u003E\u003C\/td\u003E\u003Ctd\u003E\u003Cp align=\u0022center\u0022\u003E3 290\u003C\/p\u003E\u003C\/td\u003E\u003Ctd\u003E\u003Cp align=\u0022center\u0022\u003E2 500\u003C\/p\u003E\u003C\/td\u003E\u003Ctd\u003E\u003Cp align=\u0022center\u0022\u003E5 000\u003C\/p\u003E\u003C\/td\u003E\u003C\/tr\u003E\u003Ctr\u003E\u003Ctd valign=\u0022top\u0022\u003E\u003Cp\u003EMontagne Vosgienne\u003C\/p\u003E\u003C\/td\u003E\u003Ctd\u003E\u003Cp align=\u0022center\u0022\u003E4 380\u003C\/p\u003E\u003C\/td\u003E\u003Ctd\u003E\u003Cp align=\u0022center\u0022\u003E2 500\u003C\/p\u003E\u003C\/td\u003E\u003Ctd\u003E\u003Cp align=\u0022center\u0022\u003E6 020\u003C\/p\u003E\u003C\/td\u003E\u003C\/tr\u003E\u003Ctr\u003E\u003Ctd valign=\u0022top\u0022\u003E\u003Cul\u003E\u003Cli\u003E\u003Cstrong\u003EHaut-Rhin\u003C\/strong\u003E\u003C\/li\u003E\u003C\/ul\u003E\u003C\/td\u003E\u003Ctd\u003E\u003Cp align=\u0022center\u0022\u003E\u0026nbsp;\u003C\/p\u003E\u003C\/td\u003E\u003Ctd\u003E\u003Cp align=\u0022center\u0022\u003E\u0026nbsp;\u003C\/p\u003E\u003C\/td\u003E\u003Ctd\u003E\u003Cp align=\u0022center\u0022\u003E\u0026nbsp;\u003C\/p\u003E\u003C\/td\u003E\u003C\/tr\u003E\u003Ctr\u003E\u003Ctd valign=\u0022top\u0022\u003E\u003Cp\u003EHardt, Ochsenfeld, Ried, Plaine du Rhin\u003C\/p\u003E\u003C\/td\u003E\u003Ctd\u003E\u003Cp align=\u0022center\u0022\u003E7 170\u003C\/p\u003E\u003C\/td\u003E\u003Ctd\u003E\u003Cp align=\u0022center\u0022\u003E3 730\u003C\/p\u003E\u003C\/td\u003E\u003Ctd\u003E\u003Cp align=\u0022center\u0022\u003E11 000\u003C\/p\u003E\u003C\/td\u003E\u003C\/tr\u003E\u003Ctr\u003E\u003Ctd valign=\u0022top\u0022\u003E\u003Cp\u003ESundgau\u003C\/p\u003E\u003C\/td\u003E\u003Ctd\u003E\u003Cp align=\u0022center\u0022\u003E6 820\u003C\/p\u003E\u003C\/td\u003E\u003Ctd\u003E\u003Cp align=\u0022center\u0022\u003E5 000\u003C\/p\u003E\u003C\/td\u003E\u003Ctd\u003E\u003Cp align=\u0022center\u0022\u003E10 000\u003C\/p\u003E\u003C\/td\u003E\u003C\/tr\u003E\u003Ctr\u003E\u003Ctd valign=\u0022top\u0022\u003E\u003Cp\u003ECollines sous Vosgiennes\u003C\/p\u003E\u003C\/td\u003E\u003Ctd\u003E\u003Cp align=\u0022center\u0022\u003E8 030\u003C\/p\u003E\u003C\/td\u003E\u003Ctd\u003E\u003Cp align=\u0022center\u0022\u003E5 000\u003C\/p\u003E\u003C\/td\u003E\u003Ctd\u003E\u003Cp align=\u0022center\u0022\u003E12 180\u003C\/p\u003E\u003C\/td\u003E\u003C\/tr\u003E\u003Ctr\u003E\u003Ctd valign=\u0022top\u0022\u003E\u003Cp\u003EMontagne Vosgienne\u003C\/p\u003E\u003C\/td\u003E\u003Ctd\u003E\u003Cp align=\u0022center\u0022\u003E3 830\u003C\/p\u003E\u003C\/td\u003E\u003Ctd\u003E\u003Cp align=\u0022center\u0022\u003E2 750\u003C\/p\u003E\u003C\/td\u003E\u003Ctd\u003E\u003Cp align=\u0022center\u0022\u003E7 030\u003C\/p\u003E\u003C\/td\u003E\u003C\/tr\u003E\u003Ctr\u003E\u003Ctd valign=\u0022top\u0022\u003E\u003Cp\u003EJura\u003C\/p\u003E\u003C\/td\u003E\u003Ctd\u003E\u003Cp align=\u0022center\u0022\u003E5 920\u003C\/p\u003E\u003C\/td\u003E\u003Ctd\u003E\u003Cp align=\u0022center\u0022\u003E4 080\u003C\/p\u003E\u003C\/td\u003E\u003Ctd\u003E\u003Cp align=\u0022center\u0022\u003E8 340\u003C\/p\u003E\u003C\/td\u003E\u003C\/tr\u003E\u003Ctr\u003E\u003Ctd valign=\u0022top\u0022\u003E\u003Cp\u003EPlaine du Rhin\u003C\/p\u003E\u003C\/td\u003E\u003Ctd\u003E\u003Cp align=\u0022center\u0022\u003E7 620\u003C\/p\u003E\u003C\/td\u003E\u003Ctd\u003E\u003Cp align=\u0022center\u0022\u003E5 000\u003C\/p\u003E\u003C\/td\u003E\u003Ctd\u003E\u003Cp align=\u0022center\u0022\u003E10 960\u003C\/p\u003E\u003C\/td\u003E\u003C\/tr\u003E\u003Ctr\u003E\u003Ctd valign=\u0022top\u0022\u003E\u003Cul\u003E\u003Cli\u003E\u003Cstrong\u003EHaute-Marne\u003C\/strong\u003E\u003C\/li\u003E\u003C\/ul\u003E\u003C\/td\u003E\u003Ctd\u003E\u003Cp align=\u0022center\u0022\u003E\u0026nbsp;\u003C\/p\u003E\u003C\/td\u003E\u003Ctd\u003E\u003Cp align=\u0022center\u0022\u003E\u0026nbsp;\u003C\/p\u003E\u003C\/td\u003E\u003Ctd\u003E\u003Cp align=\u0022center\u0022\u003E\u0026nbsp;\u003C\/p\u003E\u003C\/td\u003E\u003C\/tr\u003E\u003Ctr\u003E\u003Ctd valign=\u0022top\u0022\u003E\u003Cp\u003EBassigny, Vingeanne\u003C\/p\u003E\u003C\/td\u003E\u003Ctd\u003E\u003Cp align=\u0022center\u0022\u003E3 170\u003C\/p\u003E\u003C\/td\u003E\u003Ctd\u003E\u003Cp align=\u0022center\u0022\u003E1 680\u003C\/p\u003E\u003C\/td\u003E\u003Ctd\u003E\u003Cp align=\u0022center\u0022\u003E4 490\u003C\/p\u003E\u003C\/td\u003E\u003C\/tr\u003E\u003Ctr\u003E\u003Ctd valign=\u0022top\u0022\u003E\u003Cp\u003EPlateau Langrois\u003C\/p\u003E\u003C\/td\u003E\u003Ctd\u003E\u003Cp align=\u0022center\u0022\u003E2 570\u003C\/p\u003E\u003C\/td\u003E\u003Ctd\u003E\u003Cp align=\u0022center\u0022\u003E1 330\u003C\/p\u003E\u003C\/td\u003E\u003Ctd\u003E\u003Cp align=\u0022center\u0022\u003E4 000\u003C\/p\u003E\u003C\/td\u003E\u003C\/tr\u003E\u003Ctr\u003E\u003Ctd valign=\u0022top\u0022\u003E\u003Cp\u003ENord-Est, Haut Marnais\u003C\/p\u003E\u003C\/td\u003E\u003Ctd\u003E\u003Cp align=\u0022center\u0022\u003E4 190\u003C\/p\u003E\u003C\/td\u003E\u003Ctd\u003E\u003Cp align=\u0022center\u0022\u003E2 470\u003C\/p\u003E\u003C\/td\u003E\u003Ctd\u003E\u003Cp align=\u0022center\u0022\u003E6 590\u003C\/p\u003E\u003C\/td\u003E\u003C\/tr\u003E\u003Ctr\u003E\u003Ctd valign=\u0022top\u0022\u003E\u003Cul\u003E\u003Cli\u003E\u003Cstrong\u003EMarne\u003C\/strong\u003E\u003C\/li\u003E\u003C\/ul\u003E\u003C\/td\u003E\u003Ctd\u003E\u003Cp align=\u0022center\u0022\u003E\u0026nbsp;\u003C\/p\u003E\u003C\/td\u003E\u003Ctd\u003E\u003Cp align=\u0022center\u0022\u003E\u0026nbsp;\u003C\/p\u003E\u003C\/td\u003E\u003Ctd\u003E\u003Cp align=\u0022center\u0022\u003E\u0026nbsp;\u003C\/p\u003E\u003C\/td\u003E\u003C\/tr\u003E\u003Ctr\u003E\u003Ctd valign=\u0022top\u0022\u003E\u003Cp\u003EPays R\u00e9mois\u003C\/p\u003E\u003C\/td\u003E\u003Ctd\u003E\u003Cp align=\u0022center\u0022\u003E11 860\u003C\/p\u003E\u003C\/td\u003E\u003Ctd\u003E\u003Cp align=\u0022center\u0022\u003E5 080\u003C\/p\u003E\u003C\/td\u003E\u003Ctd\u003E\u003Cp align=\u0022center\u0022\u003E17 000\u003C\/p\u003E\u003C\/td\u003E\u003C\/tr\u003E\u003Ctr\u003E\u003Ctd valign=\u0022top\u0022\u003E\u003Cp\u003EChampagne Crayeuse\u003C\/p\u003E\u003C\/td\u003E\u003Ctd\u003E\u003Cp align=\u0022center\u0022\u003END\u003C\/p\u003E\u003C\/td\u003E\u003Ctd\u003E\u003Cp align=\u0022center\u0022\u003END\u003C\/p\u003E\u003C\/td\u003E\u003Ctd\u003E\u003Cp align=\u0022center\u0022\u003END\u003C\/p\u003E\u003C\/td\u003E\u003C\/tr\u003E\u003Ctr\u003E\u003Ctd valign=\u0022top\u0022\u003E\u003Cp\u003EVall\u00e9e de la Marne\u003C\/p\u003E\u003C\/td\u003E\u003Ctd\u003E\u003Cp align=\u0022center\u0022\u003E10 330\u003C\/p\u003E\u003C\/td\u003E\u003Ctd\u003E\u003Cp align=\u0022center\u0022\u003E4 300\u003C\/p\u003E\u003C\/td\u003E\u003Ctd\u003E\u003Cp align=\u0022center\u0022\u003E15 000\u003C\/p\u003E\u003C\/td\u003E\u003C\/tr\u003E\u003Ctr\u003E\u003Ctd valign=\u0022top\u0022\u003E\u003Cp\u003ETardenois\u003C\/p\u003E\u003C\/td\u003E\u003Ctd\u003E\u003Cp align=\u0022center\u0022\u003E11 610\u003C\/p\u003E\u003C\/td\u003E\u003Ctd\u003E\u003Cp align=\u0022center\u0022\u003E4 000\u003C\/p\u003E\u003C\/td\u003E\u003Ctd\u003E\u003Cp align=\u0022center\u0022\u003E15 000\u003C\/p\u003E\u003C\/td\u003E\u003C\/tr\u003E\u003Ctr\u003E\u003Ctd valign=\u0022top\u0022\u003E\u003Cp\u003EBrie Champenoise\u003C\/p\u003E\u003C\/td\u003E\u003Ctd\u003E\u003Cp align=\u0022center\u0022\u003E7 860\u003C\/p\u003E\u003C\/td\u003E\u003Ctd\u003E\u003Cp align=\u0022center\u0022\u003E2 660\u003C\/p\u003E\u003C\/td\u003E\u003Ctd\u003E\u003Cp align=\u0022center\u0022\u003E12 690\u003C\/p\u003E\u003C\/td\u003E\u003C\/tr\u003E\u003Ctr\u003E\u003Ctd valign=\u0022top\u0022\u003E\u003Cp\u003EChampagne Humide, Argonne, Perthois\u003C\/p\u003E\u003C\/td\u003E\u003Ctd\u003E\u003Cp align=\u0022center\u0022\u003E7 260\u003C\/p\u003E\u003C\/td\u003E\u003Ctd\u003E\u003Cp align=\u0022center\u0022\u003E3 950\u003C\/p\u003E\u003C\/td\u003E\u003Ctd\u003E\u003Cp align=\u0022center\u0022\u003E11 960\u003C\/p\u003E\u003C\/td\u003E\u003C\/tr\u003E\u003Ctr\u003E\u003Ctd valign=\u0022top\u0022\u003E\u003Cul\u003E\u003Cli\u003E\u003Cstrong\u003EMeurthe-et-Moselle\u003C\/strong\u003E\u003C\/li\u003E\u003C\/ul\u003E\u003C\/td\u003E\u003Ctd\u003E\u003Cp align=\u0022center\u0022\u003E\u0026nbsp;\u003C\/p\u003E\u003C\/td\u003E\u003Ctd\u003E\u003Cp align=\u0022center\u0022\u003E\u0026nbsp;\u003C\/p\u003E\u003C\/td\u003E\u003Ctd\u003E\u003Cp align=\u0022center\u0022\u003E\u0026nbsp;\u003C\/p\u003E\u003C\/td\u003E\u003C\/tr\u003E\u003Ctr\u003E\u003Ctd valign=\u0022top\u0022\u003E\u003Cp\u003EPlateau Lorrain, La Haye, Montagne Vosgienne, C\u00f4tes de Meuse\u003C\/p\u003E\u003C\/td\u003E\u003Ctd\u003E\u003Cp align=\u0022center\u0022\u003E4 280\u003C\/p\u003E\u003C\/td\u003E\u003Ctd\u003E\u003Cp align=\u0022center\u0022\u003E2 500\u003C\/p\u003E\u003C\/td\u003E\u003Ctd\u003E\u003Cp align=\u0022center\u0022\u003E6 360\u003C\/p\u003E\u003C\/td\u003E\u003C\/tr\u003E\u003Ctr\u003E\u003Ctd valign=\u0022top\u0022\u003E\u003Cp\u003EPays Haut Lorrain, Wo\u00ebvre\u003C\/p\u003E\u003C\/td\u003E\u003Ctd\u003E\u003Cp align=\u0022center\u0022\u003E5 590\u003C\/p\u003E\u003C\/td\u003E\u003Ctd\u003E\u003Cp align=\u0022center\u0022\u003E3 390\u003C\/p\u003E\u003C\/td\u003E\u003Ctd\u003E\u003Cp align=\u0022center\u0022\u003E7 600\u003C\/p\u003E\u003C\/td\u003E\u003C\/tr\u003E\u003Ctr\u003E\u003Ctd valign=\u0022top\u0022\u003E\u003Cul\u003E\u003Cli\u003E\u003Cstrong\u003EMeuse\u003C\/strong\u003E\u003C\/li\u003E\u003C\/ul\u003E\u003C\/td\u003E\u003Ctd\u003E\u003Cp align=\u0022center\u0022\u003E\u0026nbsp;\u003C\/p\u003E\u003C\/td\u003E\u003Ctd\u003E\u003Cp align=\u0022center\u0022\u003E\u0026nbsp;\u003C\/p\u003E\u003C\/td\u003E\u003Ctd\u003E\u003Cp align=\u0022center\u0022\u003E\u0026nbsp;\u003C\/p\u003E\u003C\/td\u003E\u003C\/tr\u003E\u003Ctr\u003E\u003Ctd valign=\u0022top\u0022\u003E\u003Cp\u003EBarrois\u003C\/p\u003E\u003C\/td\u003E\u003Ctd\u003E\u003Cp align=\u0022center\u0022\u003E4 380\u003C\/p\u003E\u003C\/td\u003E\u003Ctd\u003E\u003Cp align=\u0022center\u0022\u003E2 760\u003C\/p\u003E\u003C\/td\u003E\u003Ctd\u003E\u003Cp align=\u0022center\u0022\u003E6 390\u003C\/p\u003E\u003C\/td\u003E\u003C\/tr\u003E\u003Ctr\u003E\u003Ctd valign=\u0022top\u0022\u003E\u003Cp\u003EArgonne\u003C\/p\u003E\u003C\/td\u003E\u003Ctd\u003E\u003Cp align=\u0022center\u0022\u003E4 670\u003C\/p\u003E\u003C\/td\u003E\u003Ctd\u003E\u003Cp align=\u0022center\u0022\u003E3 100\u003C\/p\u003E\u003C\/td\u003E\u003Ctd\u003E\u003Cp align=\u0022center\u0022\u003E6 260\u003C\/p\u003E\u003C\/td\u003E\u003C\/tr\u003E\u003Ctr\u003E\u003Ctd valign=\u0022top\u0022\u003E\u003Cp\u003EWo\u00ebvre, Pays de Montm\u00e9dy\u003C\/p\u003E\u003C\/td\u003E\u003Ctd\u003E\u003Cp align=\u0022center\u0022\u003E4 420\u003C\/p\u003E\u003C\/td\u003E\u003Ctd\u003E\u003Cp align=\u0022center\u0022\u003E3 040\u003C\/p\u003E\u003C\/td\u003E\u003Ctd\u003E\u003Cp align=\u0022center\u0022\u003E6 500\u003C\/p\u003E\u003C\/td\u003E\u003C\/tr\u003E\u003Ctr\u003E\u003Ctd valign=\u0022top\u0022\u003E\u003Cul\u003E\u003Cli\u003E\u003Cstrong\u003EMoselle\u003C\/strong\u003E\u003C\/li\u003E\u003C\/ul\u003E\u003C\/td\u003E\u003Ctd\u003E\u0026nbsp;\u003C\/td\u003E\u003Ctd\u003E\u003Cp align=\u0022center\u0022\u003E\u0026nbsp;\u003C\/p\u003E\u003C\/td\u003E\u003Ctd\u003E\u003Cp align=\u0022center\u0022\u003E\u0026nbsp;\u003C\/p\u003E\u003C\/td\u003E\u003C\/tr\u003E\u003Ctr\u003E\u003Ctd valign=\u0022top\u0022\u003E\u003Cp\u003EWarndt, Montagne Vosgienne, Plateau Lorrain Nord\u003C\/p\u003E\u003C\/td\u003E\u003Ctd\u003E\u003Cp align=\u0022center\u0022\u003E4 610\u003C\/p\u003E\u003C\/td\u003E\u003Ctd\u003E\u003Cp align=\u0022center\u0022\u003E2 680\u003C\/p\u003E\u003C\/td\u003E\u003Ctd\u003E\u003Cp align=\u0022center\u0022\u003E7 560\u003C\/p\u003E\u003C\/td\u003E\u003C\/tr\u003E\u003Ctr\u003E\u003Ctd valign=\u0022top\u0022\u003E\u003Cp\u003EVall\u00e9e de la Moselle, Plateau Lorrain Sud, Pays Haut Lorrain\u003C\/p\u003E\u003C\/td\u003E\u003Ctd\u003E\u003Cp align=\u0022center\u0022\u003E5 170\u003C\/p\u003E\u003C\/td\u003E\u003Ctd\u003E\u003Cp align=\u0022center\u0022\u003E2 620\u003C\/p\u003E\u003C\/td\u003E\u003Ctd\u003E\u003Cp align=\u0022center\u0022\u003E9 000\u003C\/p\u003E\u003C\/td\u003E\u003C\/tr\u003E\u003Ctr\u003E\u003Ctd valign=\u0022top\u0022\u003E\u003Cul\u003E\u003Cli\u003E\u003Cstrong\u003EVosges\u003C\/strong\u003E\u003C\/li\u003E\u003C\/ul\u003E\u003C\/td\u003E\u003Ctd\u003E\u003Cp align=\u0022center\u0022\u003E\u0026nbsp;\u003C\/p\u003E\u003C\/td\u003E\u003Ctd\u003E\u003Cp align=\u0022center\u0022\u003E\u0026nbsp;\u003C\/p\u003E\u003C\/td\u003E\u003Ctd\u003E\u003Cp align=\u0022center\u0022\u003E\u0026nbsp;\u003C\/p\u003E\u003C\/td\u003E\u003C\/tr\u003E\u003Ctr\u003E\u003Ctd valign=\u0022top\u0022\u003E\u003Cp\u003EPlateau Lorrain\u003C\/p\u003E\u003C\/td\u003E\u003Ctd\u003E\u003Cp align=\u0022center\u0022\u003E3 250\u003C\/p\u003E\u003C\/td\u003E\u003Ctd\u003E\u003Cp align=\u0022center\u0022\u003E2 160\u003C\/p\u003E\u003C\/td\u003E\u003Ctd\u003E\u003Cp align=\u0022center\u0022\u003E4 500\u003C\/p\u003E\u003C\/td\u003E\u003C\/tr\u003E\u003Ctr\u003E\u003Ctd valign=\u0022top\u0022\u003E\u003Cp\u003EMontagne Vosgienne, Voge\u003C\/p\u003E\u003C\/td\u003E\u003Ctd\u003E\u003Cp align=\u0022center\u0022\u003E3 170\u003C\/p\u003E\u003C\/td\u003E\u003Ctd\u003E\u003Cp align=\u0022center\u0022\u003E1 990\u003C\/p\u003E\u003C\/td\u003E\u003Ctd\u003E\u003Cp align=\u0022center\u0022\u003E5 000\u003C\/p\u003E\u003C\/td\u003E\u003C\/tr\u003E\u003Ctr\u003E\u003Ctd valign=\u0022top\u0022\u003E\u003Cp\u003ELa Haye, Chatenois, C\u00f4te de Meuse, Barrois\u003C\/p\u003E\u003C\/td\u003E\u003Ctd\u003E\u003Cp align=\u0022center\u0022\u003E3 320\u003C\/p\u003E\u003C\/td\u003E\u003Ctd\u003E\u003Cp align=\u0022center\u0022\u003E2 500\u003C\/p\u003E\u003C\/td\u003E\u003Ctd\u003E\u003Cp align=\u0022center\u0022\u003E4 500\u003C\/p\u003E\u003C\/td\u003E\u003C\/tr\u003E\u003Ctr\u003E\u003Ctd valign=\u0022top\u0022\u003E\u003Cp\u003E\u003Cstrong\u003EHauts-de-France\u003C\/strong\u003E\u003C\/p\u003E\u003C\/td\u003E\u003Ctd\u003E\u003Cp align=\u0022center\u0022\u003E\u0026nbsp;\u003C\/p\u003E\u003C\/td\u003E\u003Ctd\u003E\u003Cp align=\u0022center\u0022\u003E\u0026nbsp;\u003C\/p\u003E\u003C\/td\u003E\u003Ctd\u003E\u003Cp align=\u0022center\u0022\u003E\u0026nbsp;\u003C\/p\u003E\u003C\/td\u003E\u003C\/tr\u003E\u003Ctr\u003E\u003Ctd valign=\u0022top\u0022\u003E\u003Cul\u003E\u003Cli\u003E\u003Cstrong\u003EAisne\u003C\/strong\u003E\u003C\/li\u003E\u003C\/ul\u003E\u003C\/td\u003E\u003Ctd\u003E\u003Cp align=\u0022center\u0022\u003E\u0026nbsp;\u003C\/p\u003E\u003C\/td\u003E\u003Ctd\u003E\u003Cp align=\u0022center\u0022\u003E\u0026nbsp;\u003C\/p\u003E\u003C\/td\u003E\u003Ctd\u003E\u003Cp align=\u0022center\u0022\u003E\u0026nbsp;\u003C\/p\u003E\u003C\/td\u003E\u003C\/tr\u003E\u003Ctr\u003E\u003Ctd valign=\u0022top\u0022\u003E\u003Cp\u003ESaint-Quentinois et Laonnois, Champagne\u003C\/p\u003E\u003C\/td\u003E\u003Ctd\u003E\u003Cp align=\u0022center\u0022\u003E7 680\u003C\/p\u003E\u003C\/td\u003E\u003Ctd\u003E\u003Cp align=\u0022center\u0022\u003E5 000\u003C\/p\u003E\u003C\/td\u003E\u003Ctd\u003E\u003Cp align=\u0022center\u0022\u003E11 000\u003C\/p\u003E\u003C\/td\u003E\u003C\/tr\u003E\u003Ctr\u003E\u003Ctd valign=\u0022top\u0022\u003E\u003Cp\u003ETardenois et Brie\u003C\/p\u003E\u003C\/td\u003E\u003Ctd\u003E\u003Cp align=\u0022center\u0022\u003E8 240\u003C\/p\u003E\u003C\/td\u003E\u003Ctd\u003E\u003Cp align=\u0022center\u0022\u003E4 580\u003C\/p\u003E\u003C\/td\u003E\u003Ctd\u003E\u003Cp align=\u0022center\u0022\u003E10 000\u003C\/p\u003E\u003C\/td\u003E\u003C\/tr\u003E\u003Ctr\u003E\u003Ctd valign=\u0022top\u0022\u003E\u003Cp\u003ESoissonnais, Valois\u003C\/p\u003E\u003C\/td\u003E\u003Ctd\u003E\u003Cp align=\u0022center\u0022\u003E6 820\u003C\/p\u003E\u003C\/td\u003E\u003Ctd\u003E\u003Cp align=\u0022center\u0022\u003E4 000\u003C\/p\u003E\u003C\/td\u003E\u003Ctd\u003E\u003Cp align=\u0022center\u0022\u003E10 000\u003C\/p\u003E\u003C\/td\u003E\u003C\/tr\u003E\u003Ctr\u003E\u003Ctd valign=\u0022top\u0022\u003E\u003Cp\u003EThi\u00e9rache\u003C\/p\u003E\u003C\/td\u003E\u003Ctd\u003E\u003Cp align=\u0022center\u0022\u003E7 220\u003C\/p\u003E\u003C\/td\u003E\u003Ctd\u003E\u003Cp align=\u0022center\u0022\u003E4 500\u003C\/p\u003E\u003C\/td\u003E\u003Ctd\u003E\u003Cp align=\u0022center\u0022\u003E10 000\u003C\/p\u003E\u003C\/td\u003E\u003C\/tr\u003E\u003Ctr\u003E\u003Ctd valign=\u0022top\u0022\u003E\u003Cul\u003E\u003Cli\u003E\u003Cstrong\u003ENord\u003C\/strong\u003E\u003C\/li\u003E\u003C\/ul\u003E\u003C\/td\u003E\u003Ctd\u003E\u003Cp align=\u0022center\u0022\u003E\u0026nbsp;\u003C\/p\u003E\u003C\/td\u003E\u003Ctd\u003E\u003Cp align=\u0022center\u0022\u003E\u0026nbsp;\u003C\/p\u003E\u003C\/td\u003E\u003Ctd\u003E\u003Cp align=\u0022center\u0022\u003E\u0026nbsp;\u003C\/p\u003E\u003C\/td\u003E\u003C\/tr\u003E\u003Ctr\u003E\u003Ctd valign=\u0022top\u0022\u003E\u003Cp\u003EFlandre Int\u00e9rieure, Flandre Maritime\u003C\/p\u003E\u003C\/td\u003E\u003Ctd\u003E\u003Cp align=\u0022center\u0022\u003E8 140\u003C\/p\u003E\u003C\/td\u003E\u003Ctd\u003E\u003Cp align=\u0022center\u0022\u003E5 460\u003C\/p\u003E\u003C\/td\u003E\u003Ctd\u003E\u003Cp align=\u0022center\u0022\u003E11 670\u003C\/p\u003E\u003C\/td\u003E\u003C\/tr\u003E\u003Ctr\u003E\u003Ctd valign=\u0022top\u0022\u003E\u003Cp\u003ER\u00e9gion de Lille, P\u00e9v\u00e8le\u003C\/p\u003E\u003C\/td\u003E\u003Ctd\u003E\u003Cp align=\u0022center\u0022\u003E7 450\u003C\/p\u003E\u003C\/td\u003E\u003Ctd\u003E\u003Cp align=\u0022center\u0022\u003E4 990\u003C\/p\u003E\u003C\/td\u003E\u003Ctd\u003E\u003Cp align=\u0022center\u0022\u003E11 280\u003C\/p\u003E\u003C\/td\u003E\u003C\/tr\u003E\u003Ctr\u003E\u003Ctd valign=\u0022top\u0022\u003E\u003Cp\u003EPlaine de la Scarpe\u003C\/p\u003E\u003C\/td\u003E\u003Ctd\u003E\u003Cp align=\u0022center\u0022\u003E5 740\u003C\/p\u003E\u003C\/td\u003E\u003Ctd\u003E\u003Cp align=\u0022center\u0022\u003E3 780\u003C\/p\u003E\u003C\/td\u003E\u003Ctd\u003E\u003Cp align=\u0022center\u0022\u003E9 000\u003C\/p\u003E\u003C\/td\u003E\u003C\/tr\u003E\u003Ctr\u003E\u003Ctd valign=\u0022top\u0022\u003E\u003Cp\u003EHainaut\u003C\/p\u003E\u003C\/td\u003E\u003Ctd\u003E\u003Cp align=\u0022center\u0022\u003E6 200\u003C\/p\u003E\u003C\/td\u003E\u003Ctd\u003E\u003Cp align=\u0022center\u0022\u003E4 070\u003C\/p\u003E\u003C\/td\u003E\u003Ctd\u003E\u003Cp align=\u0022center\u0022\u003E10 000\u003C\/p\u003E\u003C\/td\u003E\u003C\/tr\u003E\u003Ctr\u003E\u003Ctd valign=\u0022top\u0022\u003E\u003Cp\u003EThi\u00e9rache\u003C\/p\u003E\u003C\/td\u003E\u003Ctd\u003E\u003Cp align=\u0022center\u0022\u003E6 170\u003C\/p\u003E\u003C\/td\u003E\u003Ctd\u003E\u003Cp align=\u0022center\u0022\u003E4 500\u003C\/p\u003E\u003C\/td\u003E\u003Ctd\u003E\u003Cp align=\u0022center\u0022\u003E10 200\u003C\/p\u003E\u003C\/td\u003E\u003C\/tr\u003E\u003Ctr\u003E\u003Ctd valign=\u0022top\u0022\u003E\u003Cp\u003EPlaine de la Lys\u003C\/p\u003E\u003C\/td\u003E\u003Ctd\u003E\u003Cp align=\u0022center\u0022\u003E7 630\u003C\/p\u003E\u003C\/td\u003E\u003Ctd\u003E\u003Cp align=\u0022center\u0022\u003E4 990\u003C\/p\u003E\u003C\/td\u003E\u003Ctd\u003E\u003Cp align=\u0022center\u0022\u003E10 870\u003C\/p\u003E\u003C\/td\u003E\u003C\/tr\u003E\u003Ctr\u003E\u003Ctd valign=\u0022top\u0022\u003E\u003Cp\u003ECambraisis\u003C\/p\u003E\u003C\/td\u003E\u003Ctd\u003E\u003Cp align=\u0022center\u0022\u003E6 450\u003C\/p\u003E\u003C\/td\u003E\u003Ctd\u003E\u003Cp align=\u0022center\u0022\u003E4 500\u003C\/p\u003E\u003C\/td\u003E\u003Ctd\u003E\u003Cp align=\u0022center\u0022\u003E9 000\u003C\/p\u003E\u003C\/td\u003E\u003C\/tr\u003E\u003Ctr\u003E\u003Ctd valign=\u0022top\u0022\u003E\u003Cul\u003E\u003Cli\u003E\u003Cstrong\u003EOise\u003C\/strong\u003E\u003C\/li\u003E\u003C\/ul\u003E\u003C\/td\u003E\u003Ctd\u003E\u003Cp align=\u0022center\u0022\u003E\u0026nbsp;\u003C\/p\u003E\u003C\/td\u003E\u003Ctd\u003E\u003Cp align=\u0022center\u0022\u003E\u0026nbsp;\u003C\/p\u003E\u003C\/td\u003E\u003Ctd\u003E\u003Cp align=\u0022center\u0022\u003E\u0026nbsp;\u003C\/p\u003E\u003C\/td\u003E\u003C\/tr\u003E\u003Ctr\u003E\u003Ctd valign=\u0022top\u0022\u003E\u003Cp\u003EPlateau Picard\u003C\/p\u003E\u003C\/td\u003E\u003Ctd\u003E\u003Cp align=\u0022center\u0022\u003E7 510\u003C\/p\u003E\u003C\/td\u003E\u003Ctd\u003E\u003Cp align=\u0022center\u0022\u003E5 000\u003C\/p\u003E\u003C\/td\u003E\u003Ctd\u003E\u003Cp align=\u0022center\u0022\u003E10 120\u003C\/p\u003E\u003C\/td\u003E\u003C\/tr\u003E\u003Ctr\u003E\u003Ctd valign=\u0022top\u0022\u003E\u003Cp\u003ENoyonnais, Soissonnais\u003C\/p\u003E\u003C\/td\u003E\u003Ctd\u003E\u003Cp align=\u0022center\u0022\u003E6 720\u003C\/p\u003E\u003C\/td\u003E\u003Ctd\u003E\u003Cp align=\u0022center\u0022\u003E4 420\u003C\/p\u003E\u003C\/td\u003E\u003Ctd\u003E\u003Cp align=\u0022center\u0022\u003E9 770\u003C\/p\u003E\u003C\/td\u003E\u003C\/tr\u003E\u003Ctr\u003E\u003Ctd valign=\u0022top\u0022\u003E\u003Cp\u003EValois et Multien\u003C\/p\u003E\u003C\/td\u003E\u003Ctd\u003E\u003Cp align=\u0022center\u0022\u003E7 730\u003C\/p\u003E\u003C\/td\u003E\u003Ctd\u003E\u003Cp align=\u0022center\u0022\u003E4 590\u003C\/p\u003E\u003C\/td\u003E\u003Ctd\u003E\u003Cp align=\u0022center\u0022\u003E10 000\u003C\/p\u003E\u003C\/td\u003E\u003C\/tr\u003E\u003Ctr\u003E\u003Ctd valign=\u0022top\u0022\u003E\u003Cp\u003EPays de Bray\u003C\/p\u003E\u003C\/td\u003E\u003Ctd\u003E\u003Cp align=\u0022center\u0022\u003E6 780\u003C\/p\u003E\u003C\/td\u003E\u003Ctd\u003E\u003Cp align=\u0022center\u0022\u003E4 520\u003C\/p\u003E\u003C\/td\u003E\u003Ctd\u003E\u003Cp align=\u0022center\u0022\u003E10 000\u003C\/p\u003E\u003C\/td\u003E\u003C\/tr\u003E\u003Ctr\u003E\u003Ctd valign=\u0022top\u0022\u003E\u003Cp\u003EVexin, Pays de Thelle, Clermontois\u003C\/p\u003E\u003C\/td\u003E\u003Ctd\u003E\u003Cp align=\u0022center\u0022\u003E7 330\u003C\/p\u003E\u003C\/td\u003E\u003Ctd\u003E\u003Cp align=\u0022center\u0022\u003E4 500\u003C\/p\u003E\u003C\/td\u003E\u003Ctd\u003E\u003Cp align=\u0022center\u0022\u003E11 120\u003C\/p\u003E\u003C\/td\u003E\u003C\/tr\u003E\u003Ctr\u003E\u003Ctd valign=\u0022top\u0022\u003E\u003Cul\u003E\u003Cli\u003E\u003Cstrong\u003EPas-de-Calais\u003C\/strong\u003E\u003C\/li\u003E\u003C\/ul\u003E\u003C\/td\u003E\u003Ctd\u003E\u003Cp align=\u0022center\u0022\u003E\u0026nbsp;\u003C\/p\u003E\u003C\/td\u003E\u003Ctd\u003E\u003Cp align=\u0022center\u0022\u003E\u0026nbsp;\u003C\/p\u003E\u003C\/td\u003E\u003Ctd\u003E\u003Cp align=\u0022center\u0022\u003E\u0026nbsp;\u003C\/p\u003E\u003C\/td\u003E\u003C\/tr\u003E\u003Ctr\u003E\u003Ctd valign=\u0022top\u0022\u003E\u003Cp\u003EBoulonnais\u003C\/p\u003E\u003C\/td\u003E\u003Ctd\u003E\u003Cp align=\u0022center\u0022\u003E7 100\u003C\/p\u003E\u003C\/td\u003E\u003Ctd\u003E\u003Cp align=\u0022center\u0022\u003E4 820\u003C\/p\u003E\u003C\/td\u003E\u003Ctd\u003E\u003Cp align=\u0022center\u0022\u003E12 000\u003C\/p\u003E\u003C\/td\u003E\u003C\/tr\u003E\u003Ctr\u003E\u003Ctd valign=\u0022top\u0022\u003E\u003Cp\u003EHaut Pays d\u2019Artois\u003C\/p\u003E\u003C\/td\u003E\u003Ctd\u003E\u003Cp align=\u0022center\u0022\u003E6 570\u003C\/p\u003E\u003C\/td\u003E\u003Ctd\u003E\u003Cp align=\u0022center\u0022\u003E4 700\u003C\/p\u003E\u003C\/td\u003E\u003Ctd\u003E\u003Cp align=\u0022center\u0022\u003E10 120\u003C\/p\u003E\u003C\/td\u003E\u003C\/tr\u003E\u003Ctr\u003E\u003Ctd valign=\u0022top\u0022\u003E\u003Cp\u003ETernois\u003C\/p\u003E\u003C\/td\u003E\u003Ctd\u003E\u003Cp align=\u0022center\u0022\u003E7 240\u003C\/p\u003E\u003C\/td\u003E\u003Ctd\u003E\u003Cp align=\u0022center\u0022\u003E5 000\u003C\/p\u003E\u003C\/td\u003E\u003Ctd\u003E\u003Cp align=\u0022center\u0022\u003E10 890\u003C\/p\u003E\u003C\/td\u003E\u003C\/tr\u003E\u003Ctr\u003E\u003Ctd valign=\u0022top\u0022\u003E\u003Cp\u003EPays de Montreuil, Bas Champs Picards\u003C\/p\u003E\u003C\/td\u003E\u003Ctd\u003E\u003Cp align=\u0022center\u0022\u003E7 250\u003C\/p\u003E\u003C\/td\u003E\u003Ctd\u003E\u003Cp align=\u0022center\u0022\u003E4 500\u003C\/p\u003E\u003C\/td\u003E\u003Ctd\u003E\u003Cp align=\u0022center\u0022\u003E10 000\u003C\/p\u003E\u003C\/td\u003E\u003C\/tr\u003E\u003Ctr\u003E\u003Ctd valign=\u0022top\u0022\u003E\u003Cp\u003EArtois\u003C\/p\u003E\u003C\/td\u003E\u003Ctd\u003E\u003Cp align=\u0022center\u0022\u003E7 380\u003C\/p\u003E\u003C\/td\u003E\u003Ctd\u003E\u003Cp align=\u0022center\u0022\u003E5 000\u003C\/p\u003E\u003C\/td\u003E\u003Ctd\u003E\u003Cp align=\u0022center\u0022\u003E11 500\u003C\/p\u003E\u003C\/td\u003E\u003C\/tr\u003E\u003Ctr\u003E\u003Ctd valign=\u0022top\u0022\u003E\u003Cp\u003EWateringues, Collines Guinoises\u003C\/p\u003E\u003C\/td\u003E\u003Ctd\u003E\u003Cp align=\u0022center\u0022\u003E7 260\u003C\/p\u003E\u003C\/td\u003E\u003Ctd\u003E\u003Cp align=\u0022center\u0022\u003E5 000\u003C\/p\u003E\u003C\/td\u003E\u003Ctd\u003E\u003Cp align=\u0022center\u0022\u003E12 000\u003C\/p\u003E\u003C\/td\u003E\u003C\/tr\u003E\u003Ctr\u003E\u003Ctd valign=\u0022top\u0022\u003E\u003Cp\u003EPays d\u2019Aire, Plaine de la Lys, B\u00e9thunois\u003C\/p\u003E\u003C\/td\u003E\u003Ctd\u003E\u003Cp align=\u0022center\u0022\u003E7 120\u003C\/p\u003E\u003C\/td\u003E\u003Ctd\u003E\u003Cp align=\u0022center\u0022\u003E4 850\u003C\/p\u003E\u003C\/td\u003E\u003Ctd\u003E\u003Cp align=\u0022center\u0022\u003E10 640\u003C\/p\u003E\u003C\/td\u003E\u003C\/tr\u003E\u003Ctr\u003E\u003Ctd valign=\u0022top\u0022\u003E\u003Cul\u003E\u003Cli\u003E\u003Cstrong\u003ESomme\u003C\/strong\u003E\u003C\/li\u003E\u003C\/ul\u003E\u003C\/td\u003E\u003Ctd\u003E\u0026nbsp;\u003C\/td\u003E\u003Ctd\u003E\u003Cp align=\u0022center\u0022\u003E\u0026nbsp;\u003C\/p\u003E\u003C\/td\u003E\u003Ctd\u003E\u003Cp align=\u0022center\u0022\u003E\u0026nbsp;\u003C\/p\u003E\u003C\/td\u003E\u003C\/tr\u003E\u003Ctr\u003E\u003Ctd valign=\u0022top\u0022\u003E\u003Cp\u003ESanterre\u003C\/p\u003E\u003C\/td\u003E\u003Ctd\u003E\u003Cp align=\u0022center\u0022\u003E8 020\u003C\/p\u003E\u003C\/td\u003E\u003Ctd\u003E\u003Cp align=\u0022center\u0022\u003E5 400\u003C\/p\u003E\u003C\/td\u003E\u003Ctd\u003E\u003Cp align=\u0022center\u0022\u003E12 000\u003C\/p\u003E\u003C\/td\u003E\u003C\/tr\u003E\u003Ctr\u003E\u003Ctd valign=\u0022top\u0022\u003E\u003Cp\u003EPonthieu\u003C\/p\u003E\u003C\/td\u003E\u003Ctd\u003E\u003Cp align=\u0022center\u0022\u003E7 390\u003C\/p\u003E\u003C\/td\u003E\u003Ctd\u003E\u003Cp align=\u0022center\u0022\u003E4 960\u003C\/p\u003E\u003C\/td\u003E\u003Ctd\u003E\u003Cp align=\u0022center\u0022\u003E10 550\u003C\/p\u003E\u003C\/td\u003E\u003C\/tr\u003E\u003Ctr\u003E\u003Ctd valign=\u0022top\u0022\u003E\u003Cp\u003EVimeu, Marquenterre\u003C\/p\u003E\u003C\/td\u003E\u003Ctd\u003E\u003Cp align=\u0022center\u0022\u003E6 660\u003C\/p\u003E\u003C\/td\u003E\u003Ctd\u003E\u003Cp align=\u0022center\u0022\u003E4 000\u003C\/p\u003E\u003C\/td\u003E\u003Ctd\u003E\u003Cp align=\u0022center\u0022\u003E10 080\u003C\/p\u003E\u003C\/td\u003E\u003C\/tr\u003E\u003Ctr\u003E\u003Ctd valign=\u0022top\u0022\u003E\u003Cp\u003EPlateau Picard\u003C\/p\u003E\u003C\/td\u003E\u003Ctd\u003E\u003Cp align=\u0022center\u0022\u003E7 430\u003C\/p\u003E\u003C\/td\u003E\u003Ctd\u003E\u003Cp align=\u0022center\u0022\u003E5 000\u003C\/p\u003E\u003C\/td\u003E\u003Ctd\u003E\u003Cp align=\u0022center\u0022\u003E11 600\u003C\/p\u003E\u003C\/td\u003E\u003C\/tr\u003E\u003Ctr\u003E\u003Ctd valign=\u0022top\u0022\u003E\u003Cp\u003E\u003Cstrong\u003EIle-de-France\u003C\/strong\u003E\u003C\/p\u003E\u003C\/td\u003E\u003Ctd\u003E\u003Cp align=\u0022center\u0022\u003E\u0026nbsp;\u003C\/p\u003E\u003C\/td\u003E\u003Ctd\u003E\u003Cp align=\u0022center\u0022\u003E\u0026nbsp;\u003C\/p\u003E\u003C\/td\u003E\u003Ctd\u003E\u003Cp align=\u0022center\u0022\u003E\u0026nbsp;\u003C\/p\u003E\u003C\/td\u003E\u003C\/tr\u003E\u003Ctr\u003E\u003Ctd valign=\u0022top\u0022\u003E\u003Cul\u003E\u003Cli\u003E\u003Cstrong\u003ESeine-et-Marne\u003C\/strong\u003E\u003C\/li\u003E\u003C\/ul\u003E\u003C\/td\u003E\u003Ctd\u003E\u003Cp align=\u0022center\u0022\u003E\u0026nbsp;\u003C\/p\u003E\u003C\/td\u003E\u003Ctd\u003E\u003Cp align=\u0022center\u0022\u003E\u0026nbsp;\u003C\/p\u003E\u003C\/td\u003E\u003Ctd\u003E\u003Cp align=\u0022center\u0022\u003E\u0026nbsp;\u003C\/p\u003E\u003C\/td\u003E\u003C\/tr\u003E\u003Ctr\u003E\u003Ctd valign=\u0022top\u0022\u003E\u003Cp\u003EP\u00e9riurbain et Vall\u00e9e\u003C\/p\u003E\u003C\/td\u003E\u003Ctd\u003E\u003Cp align=\u0022center\u0022\u003E8 260\u003C\/p\u003E\u003C\/td\u003E\u003Ctd\u003E\u003Cp align=\u0022center\u0022\u003E4 240\u003C\/p\u003E\u003C\/td\u003E\u003Ctd\u003E\u003Cp align=\u0022center\u0022\u003E12 400\u003C\/p\u003E\u003C\/td\u003E\u003C\/tr\u003E\u003Ctr\u003E\u003Ctd valign=\u0022top\u0022\u003E\u003Cp\u003EZone Sud\u003C\/p\u003E\u003C\/td\u003E\u003Ctd\u003E\u003Cp align=\u0022center\u0022\u003E5 910\u003C\/p\u003E\u003C\/td\u003E\u003Ctd\u003E\u003Cp align=\u0022center\u0022\u003E3 920\u003C\/p\u003E\u003C\/td\u003E\u003Ctd\u003E\u003Cp align=\u0022center\u0022\u003E9 240\u003C\/p\u003E\u003C\/td\u003E\u003C\/tr\u003E\u003Ctr\u003E\u003Ctd valign=\u0022top\u0022\u003E\u003Cp\u003EZone Nord\u003C\/p\u003E\u003C\/td\u003E\u003Ctd\u003E\u003Cp align=\u0022center\u0022\u003E6 810\u003C\/p\u003E\u003C\/td\u003E\u003Ctd\u003E\u003Cp align=\u0022center\u0022\u003E4 500\u003C\/p\u003E\u003C\/td\u003E\u003Ctd\u003E\u003Cp align=\u0022center\u0022\u003E11 000\u003C\/p\u003E\u003C\/td\u003E\u003C\/tr\u003E\u003Ctr\u003E\u003Ctd valign=\u0022top\u0022\u003E\u003Cul\u003E\u003Cli\u003E\u003Cstrong\u003EYvelines\u003C\/strong\u003E\u003C\/li\u003E\u003C\/ul\u003E\u003C\/td\u003E\u003Ctd\u003E\u003Cp align=\u0022center\u0022\u003E7 290\u003C\/p\u003E\u003C\/td\u003E\u003Ctd\u003E\u003Cp align=\u0022center\u0022\u003E4 350\u003C\/p\u003E\u003C\/td\u003E\u003Ctd\u003E\u003Cp align=\u0022center\u0022\u003E10 000\u003C\/p\u003E\u003C\/td\u003E\u003C\/tr\u003E\u003Ctr\u003E\u003Ctd valign=\u0022top\u0022\u003E\u003Cul\u003E\u003Cli\u003E\u003Cstrong\u003EEssonne\u003C\/strong\u003E\u003C\/li\u003E\u003C\/ul\u003E\u003C\/td\u003E\u003Ctd\u003E\u003Cp align=\u0022center\u0022\u003E6 510\u003C\/p\u003E\u003C\/td\u003E\u003Ctd\u003E\u003Cp align=\u0022center\u0022\u003E3 740\u003C\/p\u003E\u003C\/td\u003E\u003Ctd\u003E\u003Cp align=\u0022center\u0022\u003E10 830\u003C\/p\u003E\u003C\/td\u003E\u003C\/tr\u003E\u003Ctr\u003E\u003Ctd valign=\u0022top\u0022\u003E\u003Cul\u003E\u003Cli\u003E\u003Cstrong\u003EVal d\u2019Oise\u003C\/strong\u003E\u003C\/li\u003E\u003C\/ul\u003E\u003C\/td\u003E\u003Ctd\u003E\u003Cp align=\u0022center\u0022\u003E7 370\u003C\/p\u003E\u003C\/td\u003E\u003Ctd\u003E\u003Cp align=\u0022center\u0022\u003E4 460\u003C\/p\u003E\u003C\/td\u003E\u003Ctd\u003E\u003Cp align=\u0022center\u0022\u003E10 500\u003C\/p\u003E\u003C\/td\u003E\u003C\/tr\u003E\u003Ctr\u003E\u003Ctd valign=\u0022top\u0022\u003E\u003Cp\u003E\u003Cstrong\u003ENormandie\u003C\/strong\u003E\u003C\/p\u003E\u003C\/td\u003E\u003Ctd\u003E\u003Cp align=\u0022center\u0022\u003E\u0026nbsp;\u003C\/p\u003E\u003C\/td\u003E\u003Ctd\u003E\u003Cp align=\u0022center\u0022\u003E\u0026nbsp;\u003C\/p\u003E\u003C\/td\u003E\u003Ctd\u003E\u003Cp align=\u0022center\u0022\u003E\u0026nbsp;\u003C\/p\u003E\u003C\/td\u003E\u003C\/tr\u003E\u003Ctr\u003E\u003Ctd valign=\u0022top\u0022\u003E\u003Cul\u003E\u003Cli\u003E\u003Cstrong\u003ECalvados\u003C\/strong\u003E\u003C\/li\u003E\u003C\/ul\u003E\u003C\/td\u003E\u003Ctd\u003E\u003Cp align=\u0022center\u0022\u003E\u0026nbsp;\u003C\/p\u003E\u003C\/td\u003E\u003Ctd\u003E\u003Cp align=\u0022center\u0022\u003E\u0026nbsp;\u003C\/p\u003E\u003C\/td\u003E\u003Ctd\u003E\u003Cp align=\u0022center\u0022\u003E\u0026nbsp;\u003C\/p\u003E\u003C\/td\u003E\u003C\/tr\u003E\u003Ctr\u003E\u003Ctd valign=\u0022top\u0022\u003E\u003Cp\u003EBessin\u003C\/p\u003E\u003C\/td\u003E\u003Ctd\u003E\u003Cp align=\u0022center\u0022\u003E7 830\u003C\/p\u003E\u003C\/td\u003E\u003Ctd\u003E\u003Cp align=\u0022center\u0022\u003E3 330\u003C\/p\u003E\u003C\/td\u003E\u003Ctd\u003E\u003Cp align=\u0022center\u0022\u003E13 000\u003C\/p\u003E\u003C\/td\u003E\u003C\/tr\u003E\u003Ctr\u003E\u003Ctd valign=\u0022top\u0022\u003E\u003Cp\u003EBocage\u003C\/p\u003E\u003C\/td\u003E\u003Ctd\u003E\u003Cp align=\u0022center\u0022\u003E6 760\u003C\/p\u003E\u003C\/td\u003E\u003Ctd\u003E\u003Cp align=\u0022center\u0022\u003E3 310\u003C\/p\u003E\u003C\/td\u003E\u003Ctd\u003E\u003Cp align=\u0022center\u0022\u003E9 950\u003C\/p\u003E\u003C\/td\u003E\u003C\/tr\u003E\u003Ctr\u003E\u003Ctd valign=\u0022top\u0022\u003E\u003Cp\u003EPays d\u2019Auge Nord\u003C\/p\u003E\u003C\/td\u003E\u003Ctd\u003E\u003Cp align=\u0022center\u0022\u003E7 640\u003C\/p\u003E\u003C\/td\u003E\u003Ctd\u003E\u003Cp align=\u0022center\u0022\u003E4 040\u003C\/p\u003E\u003C\/td\u003E\u003Ctd\u003E\u003Cp align=\u0022center\u0022\u003E13 020\u003C\/p\u003E\u003C\/td\u003E\u003C\/tr\u003E\u003Ctr\u003E\u003Ctd valign=\u0022top\u0022\u003E\u003Cp\u003EPlaine de Caen Nord\u003C\/p\u003E\u003C\/td\u003E\u003Ctd\u003E\u003Cp align=\u0022center\u0022\u003E10 880\u003C\/p\u003E\u003C\/td\u003E\u003Ctd\u003E\u003Cp align=\u0022center\u0022\u003E5 450\u003C\/p\u003E\u003C\/td\u003E\u003Ctd\u003E\u003Cp align=\u0022center\u0022\u003E15 390\u003C\/p\u003E\u003C\/td\u003E\u003C\/tr\u003E\u003Ctr\u003E\u003Ctd valign=\u0022top\u0022\u003E\u003Cp\u003EPays d\u2019Auge Sud\u003C\/p\u003E\u003C\/td\u003E\u003Ctd\u003E\u003Cp align=\u0022center\u0022\u003E7 920\u003C\/p\u003E\u003C\/td\u003E\u003Ctd\u003E\u003Cp align=\u0022center\u0022\u003E3 970\u003C\/p\u003E\u003C\/td\u003E\u003Ctd\u003E\u003Cp align=\u0022center\u0022\u003E11 210\u003C\/p\u003E\u003C\/td\u003E\u003C\/tr\u003E\u003Ctr\u003E\u003Ctd valign=\u0022top\u0022\u003E\u003Cp\u003EPlaine de Caen Sud\u003C\/p\u003E\u003C\/td\u003E\u003Ctd\u003E\u003Cp align=\u0022center\u0022\u003E9 500\u003C\/p\u003E\u003C\/td\u003E\u003Ctd\u003E\u003Cp align=\u0022center\u0022\u003E4 750\u003C\/p\u003E\u003C\/td\u003E\u003Ctd\u003E\u003Cp align=\u0022center\u0022\u003E14 000\u003C\/p\u003E\u003C\/td\u003E\u003C\/tr\u003E\u003Ctr\u003E\u003Ctd valign=\u0022top\u0022\u003E\u003Cul\u003E\u003Cli\u003E\u003Cstrong\u003EEure\u003C\/strong\u003E\u003C\/li\u003E\u003C\/ul\u003E\u003C\/td\u003E\u003Ctd\u003E\u003Cp align=\u0022center\u0022\u003E\u0026nbsp;\u003C\/p\u003E\u003C\/td\u003E\u003Ctd\u003E\u003Cp align=\u0022center\u0022\u003E\u0026nbsp;\u003C\/p\u003E\u003C\/td\u003E\u003Ctd\u003E\u003Cp align=\u0022center\u0022\u003E\u0026nbsp;\u003C\/p\u003E\u003C\/td\u003E\u003C\/tr\u003E\u003Ctr\u003E\u003Ctd valign=\u0022top\u0022\u003E\u003Cp\u003ELieuvin, Pays d\u2019Auge\u003C\/p\u003E\u003C\/td\u003E\u003Ctd\u003E\u003Cp align=\u0022center\u0022\u003E8 760\u003C\/p\u003E\u003C\/td\u003E\u003Ctd\u003E\u003Cp align=\u0022center\u0022\u003E5 000\u003C\/p\u003E\u003C\/td\u003E\u003Ctd\u003E\u003Cp align=\u0022center\u0022\u003E12 990\u003C\/p\u003E\u003C\/td\u003E\u003C\/tr\u003E\u003Ctr\u003E\u003Ctd valign=\u0022top\u0022\u003E\u003Cp\u003EPlateau d\u2019Evreux Saint-Andr\u00e9\u003C\/p\u003E\u003C\/td\u003E\u003Ctd\u003E\u003Cp align=\u0022center\u0022\u003E9 230\u003C\/p\u003E\u003C\/td\u003E\u003Ctd\u003E\u003Cp align=\u0022center\u0022\u003E5 000\u003C\/p\u003E\u003C\/td\u003E\u003Ctd\u003E\u003Cp align=\u0022center\u0022\u003E15 000\u003C\/p\u003E\u003C\/td\u003E\u003C\/tr\u003E\u003Ctr\u003E\u003Ctd valign=\u0022top\u0022\u003E\u003Cp\u003EPays d\u2019Ouche, Perche\u003C\/p\u003E\u003C\/td\u003E\u003Ctd\u003E\u003Cp align=\u0022center\u0022\u003E7 820\u003C\/p\u003E\u003C\/td\u003E\u003Ctd\u003E\u003Cp align=\u0022center\u0022\u003E4 840\u003C\/p\u003E\u003C\/td\u003E\u003Ctd\u003E\u003Cp align=\u0022center\u0022\u003E10 930\u003C\/p\u003E\u003C\/td\u003E\u003C\/tr\u003E\u003Ctr\u003E\u003Ctd valign=\u0022top\u0022\u003E\u003Cp\u003EVexin Normand, Vexin Bossu\u003C\/p\u003E\u003C\/td\u003E\u003Ctd\u003E\u003Cp align=\u0022center\u0022\u003E7 940\u003C\/p\u003E\u003C\/td\u003E\u003Ctd\u003E\u003Cp align=\u0022center\u0022\u003E4 430\u003C\/p\u003E\u003C\/td\u003E\u003Ctd\u003E\u003Cp align=\u0022center\u0022\u003E16 560\u003C\/p\u003E\u003C\/td\u003E\u003C\/tr\u003E\u003Ctr\u003E\u003Ctd valign=\u0022top\u0022\u003E\u003Cp\u003ERoumois, Neubourg, Marais Vernier\u003C\/p\u003E\u003C\/td\u003E\u003Ctd\u003E\u003Cp align=\u0022center\u0022\u003E10 780\u003C\/p\u003E\u003C\/td\u003E\u003Ctd\u003E\u003Cp align=\u0022center\u0022\u003E5 500\u003C\/p\u003E\u003C\/td\u003E\u003Ctd\u003E\u003Cp align=\u0022center\u0022\u003E16 880\u003C\/p\u003E\u003C\/td\u003E\u003C\/tr\u003E\u003Ctr\u003E\u003Ctd valign=\u0022top\u0022\u003E\u003Cp\u003EEntre Madrie et Lyons\u003C\/p\u003E\u003C\/td\u003E\u003Ctd\u003E\u003Cp align=\u0022center\u0022\u003E7 960\u003C\/p\u003E\u003C\/td\u003E\u003Ctd\u003E\u003Cp align=\u0022center\u0022\u003E4 030\u003C\/p\u003E\u003C\/td\u003E\u003Ctd\u003E\u003Cp align=\u0022center\u0022\u003E15 000\u003C\/p\u003E\u003C\/td\u003E\u003C\/tr\u003E\u003Ctr\u003E\u003Ctd valign=\u0022top\u0022\u003E\u003Cul\u003E\u003Cli\u003E\u003Cstrong\u003EManche\u003C\/strong\u003E\u003C\/li\u003E\u003C\/ul\u003E\u003C\/td\u003E\u003Ctd\u003E\u003Cp align=\u0022center\u0022\u003E\u0026nbsp;\u003C\/p\u003E\u003C\/td\u003E\u003Ctd\u003E\u003Cp align=\u0022center\u0022\u003E\u0026nbsp;\u003C\/p\u003E\u003C\/td\u003E\u003Ctd\u003E\u003Cp align=\u0022center\u0022\u003E\u0026nbsp;\u003C\/p\u003E\u003C\/td\u003E\u003C\/tr\u003E\u003Ctr\u003E\u003Ctd valign=\u0022top\u0022\u003E\u003Cp\u003ELa Hague, Bocage de Valognes\u003C\/p\u003E\u003C\/td\u003E\u003Ctd\u003E\u003Cp align=\u0022center\u0022\u003E5 860\u003C\/p\u003E\u003C\/td\u003E\u003Ctd\u003E\u003Cp align=\u0022center\u0022\u003E3 460\u003C\/p\u003E\u003C\/td\u003E\u003Ctd\u003E\u003Cp align=\u0022center\u0022\u003E10 000\u003C\/p\u003E\u003C\/td\u003E\u003C\/tr\u003E\u003Ctr\u003E\u003Ctd valign=\u0022top\u0022\u003E\u003Cp\u003EVal de Saire\u003C\/p\u003E\u003C\/td\u003E\u003Ctd\u003E\u003Cp align=\u0022center\u0022\u003E6 600\u003C\/p\u003E\u003C\/td\u003E\u003Ctd\u003E\u003Cp align=\u0022center\u0022\u003E3 950\u003C\/p\u003E\u003C\/td\u003E\u003Ctd\u003E\u003Cp align=\u0022center\u0022\u003E10 000\u003C\/p\u003E\u003C\/td\u003E\u003C\/tr\u003E\u003Ctr\u003E\u003Ctd valign=\u0022top\u0022\u003E\u003Cp\u003ECotentin\u003C\/p\u003E\u003C\/td\u003E\u003Ctd\u003E\u003Cp align=\u0022center\u0022\u003E5 990\u003C\/p\u003E\u003C\/td\u003E\u003Ctd\u003E\u003Cp align=\u0022center\u0022\u003E3 580\u003C\/p\u003E\u003C\/td\u003E\u003Ctd\u003E\u003Cp align=\u0022center\u0022\u003E9 660\u003C\/p\u003E\u003C\/td\u003E\u003C\/tr\u003E\u003Ctr\u003E\u003Ctd valign=\u0022top\u0022\u003E\u003Cp\u003EBocage de Coutances et de Saint-L\u00f4\u003C\/p\u003E\u003C\/td\u003E\u003Ctd\u003E\u003Cp align=\u0022center\u0022\u003E6 780\u003C\/p\u003E\u003C\/td\u003E\u003Ctd\u003E\u003Cp align=\u0022center\u0022\u003E3 520\u003C\/p\u003E\u003C\/td\u003E\u003Ctd\u003E\u003Cp align=\u0022center\u0022\u003E10 000\u003C\/p\u003E\u003C\/td\u003E\u003C\/tr\u003E\u003Ctr\u003E\u003Ctd valign=\u0022top\u0022\u003E\u003Cp\u003EAvranchin\u003C\/p\u003E\u003C\/td\u003E\u003Ctd\u003E\u003Cp align=\u0022center\u0022\u003E8 440\u003C\/p\u003E\u003C\/td\u003E\u003Ctd\u003E\u003Cp align=\u0022center\u0022\u003E4 350\u003C\/p\u003E\u003C\/td\u003E\u003Ctd\u003E\u003Cp align=\u0022center\u0022\u003E12 000\u003C\/p\u003E\u003C\/td\u003E\u003C\/tr\u003E\u003Ctr\u003E\u003Ctd valign=\u0022top\u0022\u003E\u003Cp\u003ELe Mortainais\u003C\/p\u003E\u003C\/td\u003E\u003Ctd\u003E\u003Cp align=\u0022center\u0022\u003E7 320\u003C\/p\u003E\u003C\/td\u003E\u003Ctd\u003E\u003Cp align=\u0022center\u0022\u003E3 260\u003C\/p\u003E\u003C\/td\u003E\u003Ctd\u003E\u003Cp align=\u0022center\u0022\u003E12 000\u003C\/p\u003E\u003C\/td\u003E\u003C\/tr\u003E\u003Ctr\u003E\u003Ctd valign=\u0022top\u0022\u003E\u003Cul\u003E\u003Cli\u003E\u003Cstrong\u003EOrne\u003C\/strong\u003E\u003C\/li\u003E\u003C\/ul\u003E\u003C\/td\u003E\u003Ctd\u003E\u003Cp align=\u0022center\u0022\u003E\u0026nbsp;\u003C\/p\u003E\u003C\/td\u003E\u003Ctd\u003E\u003Cp align=\u0022center\u0022\u003E\u0026nbsp;\u003C\/p\u003E\u003C\/td\u003E\u003Ctd\u003E\u003Cp align=\u0022center\u0022\u003E\u0026nbsp;\u003C\/p\u003E\u003C\/td\u003E\u003C\/tr\u003E\u003Ctr\u003E\u003Ctd valign=\u0022top\u0022\u003E\u003Cp\u003EPerche Ornais\u003C\/p\u003E\u003C\/td\u003E\u003Ctd\u003E\u003Cp align=\u0022center\u0022\u003E6 330\u003C\/p\u003E\u003C\/td\u003E\u003Ctd\u003E\u003Cp align=\u0022center\u0022\u003E3 540\u003C\/p\u003E\u003C\/td\u003E\u003Ctd\u003E\u003Cp align=\u0022center\u0022\u003E10 000\u003C\/p\u003E\u003C\/td\u003E\u003C\/tr\u003E\u003Ctr\u003E\u003Ctd valign=\u0022top\u0022\u003E\u003Cp\u003EPays d\u2019Ouche\u003C\/p\u003E\u003C\/td\u003E\u003Ctd\u003E\u003Cp align=\u0022center\u0022\u003E7 520\u003C\/p\u003E\u003C\/td\u003E\u003Ctd\u003E\u003Cp align=\u0022center\u0022\u003E4 000\u003C\/p\u003E\u003C\/td\u003E\u003Ctd\u003E\u003Cp align=\u0022center\u0022\u003E11 000\u003C\/p\u003E\u003C\/td\u003E\u003C\/tr\u003E\u003Ctr\u003E\u003Ctd valign=\u0022top\u0022\u003E\u003Cp\u003EBocage Ornais\u003C\/p\u003E\u003C\/td\u003E\u003Ctd\u003E\u003Cp align=\u0022center\u0022\u003E5 490\u003C\/p\u003E\u003C\/td\u003E\u003Ctd\u003E\u003Cp align=\u0022center\u0022\u003E3 140\u003C\/p\u003E\u003C\/td\u003E\u003Ctd\u003E\u003Cp align=\u0022center\u0022\u003E8 490\u003C\/p\u003E\u003C\/td\u003E\u003C\/tr\u003E\u003Ctr\u003E\u003Ctd valign=\u0022top\u0022\u003E\u003Cp\u003EPlaines d\u2019Alen\u00e7on et d\u2019Argentan\u003C\/p\u003E\u003C\/td\u003E\u003Ctd\u003E\u003Cp align=\u0022center\u0022\u003E7 550\u003C\/p\u003E\u003C\/td\u003E\u003Ctd\u003E\u003Cp align=\u0022center\u0022\u003E3 990\u003C\/p\u003E\u003C\/td\u003E\u003Ctd\u003E\u003Cp align=\u0022center\u0022\u003E10 500\u003C\/p\u003E\u003C\/td\u003E\u003C\/tr\u003E\u003Ctr\u003E\u003Ctd valign=\u0022top\u0022\u003E\u003Cp\u003EPays d\u2019Auge, Merlerault\u003C\/p\u003E\u003C\/td\u003E\u003Ctd\u003E\u003Cp align=\u0022center\u0022\u003E6 480\u003C\/p\u003E\u003C\/td\u003E\u003Ctd\u003E\u003Cp align=\u0022center\u0022\u003E3 330\u003C\/p\u003E\u003C\/td\u003E\u003Ctd\u003E\u003Cp align=\u0022center\u0022\u003E10 000\u003C\/p\u003E\u003C\/td\u003E\u003C\/tr\u003E\u003Ctr\u003E\u003Ctd valign=\u0022top\u0022\u003E\u003Cul\u003E\u003Cli\u003E\u003Cstrong\u003ESeine-Maritime\u003C\/strong\u003E\u003C\/li\u003E\u003C\/ul\u003E\u003C\/td\u003E\u003Ctd\u003E\u003Cp align=\u0022center\u0022\u003E\u0026nbsp;\u003C\/p\u003E\u003C\/td\u003E\u003Ctd\u003E\u003Cp align=\u0022center\u0022\u003E\u0026nbsp;\u003C\/p\u003E\u003C\/td\u003E\u003Ctd\u003E\u003Cp align=\u0022center\u0022\u003E\u0026nbsp;\u003C\/p\u003E\u003C\/td\u003E\u003C\/tr\u003E\u003Ctr\u003E\u003Ctd valign=\u0022top\u0022\u003E\u003Cp\u003EPays de Caux\u003C\/p\u003E\u003C\/td\u003E\u003Ctd\u003E\u003Cp align=\u0022center\u0022\u003E11 640\u003C\/p\u003E\u003C\/td\u003E\u003Ctd\u003E\u003Cp align=\u0022center\u0022\u003E6 110\u003C\/p\u003E\u003C\/td\u003E\u003Ctd\u003E\u003Cp align=\u0022center\u0022\u003E18 000\u003C\/p\u003E\u003C\/td\u003E\u003C\/tr\u003E\u003Ctr\u003E\u003Ctd valign=\u0022top\u0022\u003E\u003Cp\u003EPetit Caux, Entre Bray et Picardie\u003C\/p\u003E\u003C\/td\u003E\u003Ctd\u003E\u003Cp align=\u0022center\u0022\u003E8 870\u003C\/p\u003E\u003C\/td\u003E\u003Ctd\u003E\u003Cp align=\u0022center\u0022\u003E4 930\u003C\/p\u003E\u003C\/td\u003E\u003Ctd\u003E\u003Cp align=\u0022center\u0022\u003E15 000\u003C\/p\u003E\u003C\/td\u003E\u003C\/tr\u003E\u003Ctr\u003E\u003Ctd valign=\u0022top\u0022\u003E\u003Cp\u003EEntre Caux et Vexin\u003C\/p\u003E\u003C\/td\u003E\u003Ctd\u003E\u003Cp align=\u0022center\u0022\u003E9 950\u003C\/p\u003E\u003C\/td\u003E\u003Ctd\u003E\u003Cp align=\u0022center\u0022\u003E5 710\u003C\/p\u003E\u003C\/td\u003E\u003Ctd\u003E\u003Cp align=\u0022center\u0022\u003E15 000\u003C\/p\u003E\u003C\/td\u003E\u003C\/tr\u003E\u003Ctr\u003E\u003Ctd valign=\u0022top\u0022\u003E\u003Cp\u003EPays de Bray\u003C\/p\u003E\u003C\/td\u003E\u003Ctd\u003E\u003Cp align=\u0022center\u0022\u003E7 590\u003C\/p\u003E\u003C\/td\u003E\u003Ctd\u003E\u003Cp align=\u0022center\u0022\u003E4 820\u003C\/p\u003E\u003C\/td\u003E\u003Ctd\u003E\u003Cp align=\u0022center\u0022\u003E12 400\u003C\/p\u003E\u003C\/td\u003E\u003C\/tr\u003E\u003Ctr\u003E\u003Ctd valign=\u0022top\u0022\u003E\u003Cp\u003EVall\u00e9e de la Seine\u003C\/p\u003E\u003C\/td\u003E\u003Ctd\u003E\u003Cp align=\u0022center\u0022\u003E8 290\u003C\/p\u003E\u003C\/td\u003E\u003Ctd\u003E\u003Cp align=\u0022center\u0022\u003E4 500\u003C\/p\u003E\u003C\/td\u003E\u003Ctd\u003E\u003Cp align=\u0022center\u0022\u003E11 970\u003C\/p\u003E\u003C\/td\u003E\u003C\/tr\u003E\u003Ctr\u003E\u003Ctd valign=\u0022top\u0022\u003E\u003Cp\u003E\u003Cstrong\u003ENouvelle-Aquitaine\u003C\/strong\u003E\u003C\/p\u003E\u003C\/td\u003E\u003Ctd\u003E\u003Cp align=\u0022center\u0022\u003E\u0026nbsp;\u003C\/p\u003E\u003C\/td\u003E\u003Ctd\u003E\u003Cp align=\u0022center\u0022\u003E\u0026nbsp;\u003C\/p\u003E\u003C\/td\u003E\u003Ctd\u003E\u003Cp align=\u0022center\u0022\u003E\u0026nbsp;\u003C\/p\u003E\u003C\/td\u003E\u003C\/tr\u003E\u003Ctr\u003E\u003Ctd valign=\u0022top\u0022\u003E\u003Cul\u003E\u003Cli\u003E\u003Cstrong\u003ECharente\u003C\/strong\u003E\u003C\/li\u003E\u003C\/ul\u003E\u003C\/td\u003E\u003Ctd\u003E\u003Cp align=\u0022center\u0022\u003E\u0026nbsp;\u003C\/p\u003E\u003C\/td\u003E\u003Ctd\u003E\u003Cp align=\u0022center\u0022\u003E\u0026nbsp;\u003C\/p\u003E\u003C\/td\u003E\u003Ctd\u003E\u003Cp align=\u0022center\u0022\u003E\u0026nbsp;\u003C\/p\u003E\u003C\/td\u003E\u003C\/tr\u003E\u003Ctr\u003E\u003Ctd valign=\u0022top\u0022\u003E\u003Cp\u003EMontmorelien\u003C\/p\u003E\u003C\/td\u003E\u003Ctd\u003E\u003Cp align=\u0022center\u0022\u003E4 960\u003C\/p\u003E\u003C\/td\u003E\u003Ctd\u003E\u003Cp align=\u0022center\u0022\u003E2 060\u003C\/p\u003E\u003C\/td\u003E\u003Ctd\u003E\u003Cp align=\u0022center\u0022\u003E7 650\u003C\/p\u003E\u003C\/td\u003E\u003C\/tr\u003E\u003Ctr\u003E\u003Ctd valign=\u0022top\u0022\u003E\u003Cp\u003EAngoumois-Ruffecois\u003C\/p\u003E\u003C\/td\u003E\u003Ctd\u003E\u003Cp align=\u0022center\u0022\u003E4 550\u003C\/p\u003E\u003C\/td\u003E\u003Ctd\u003E\u003Cp align=\u0022center\u0022\u003E2 070\u003C\/p\u003E\u003C\/td\u003E\u003Ctd\u003E\u003Cp align=\u0022center\u0022\u003E6 970\u003C\/p\u003E\u003C\/td\u003E\u003C\/tr\u003E\u003Ctr\u003E\u003Ctd valign=\u0022top\u0022\u003E\u003Cp\u003ECogna\u00e7ais\u003C\/p\u003E\u003C\/td\u003E\u003Ctd\u003E\u003Cp align=\u0022center\u0022\u003E6 210\u003C\/p\u003E\u003C\/td\u003E\u003Ctd\u003E\u003Cp align=\u0022center\u0022\u003E3 550\u003C\/p\u003E\u003C\/td\u003E\u003Ctd\u003E\u003Cp align=\u0022center\u0022\u003E10 380\u003C\/p\u003E\u003C\/td\u003E\u003C\/tr\u003E\u003Ctr\u003E\u003Ctd valign=\u0022top\u0022\u003E\u003Cp\u003EConfolentais, Brandes\u003C\/p\u003E\u003C\/td\u003E\u003Ctd\u003E\u003Cp align=\u0022center\u0022\u003E3 160\u003C\/p\u003E\u003C\/td\u003E\u003Ctd\u003E\u003Cp align=\u0022center\u0022\u003E1 750\u003C\/p\u003E\u003C\/td\u003E\u003Ctd\u003E\u003Cp align=\u0022center\u0022\u003E4 500\u003C\/p\u003E\u003C\/td\u003E\u003C\/tr\u003E\u003Ctr\u003E\u003Ctd valign=\u0022top\u0022\u003E\u003Cul\u003E\u003Cli\u003E\u003Cstrong\u003ECharente-Maritime\u003C\/strong\u003E\u003C\/li\u003E\u003C\/ul\u003E\u003C\/td\u003E\u003Ctd\u003E\u003Cp align=\u0022center\u0022\u003E\u0026nbsp;\u003C\/p\u003E\u003C\/td\u003E\u003Ctd\u003E\u003Cp align=\u0022center\u0022\u003E\u0026nbsp;\u003C\/p\u003E\u003C\/td\u003E\u003Ctd\u003E\u003Cp align=\u0022center\u0022\u003E\u0026nbsp;\u003C\/p\u003E\u003C\/td\u003E\u003C\/tr\u003E\u003Ctr\u003E\u003Ctd valign=\u0022top\u0022\u003E\u003Cp\u003EMarais\u003C\/p\u003E\u003C\/td\u003E\u003Ctd\u003E\u003Cp align=\u0022center\u0022\u003E4 200\u003C\/p\u003E\u003C\/td\u003E\u003Ctd\u003E\u003Cp align=\u0022center\u0022\u003E1 500\u003C\/p\u003E\u003C\/td\u003E\u003Ctd\u003E\u003Cp align=\u0022center\u0022\u003E6 840\u003C\/p\u003E\u003C\/td\u003E\u003C\/tr\u003E\u003Ctr\u003E\u003Ctd valign=\u0022top\u0022\u003E\u003Cp\u003EAunis\u003C\/p\u003E\u003C\/td\u003E\u003Ctd\u003E\u003Cp align=\u0022center\u0022\u003E4 390\u003C\/p\u003E\u003C\/td\u003E\u003Ctd\u003E\u003Cp align=\u0022center\u0022\u003E2 590\u003C\/p\u003E\u003C\/td\u003E\u003Ctd\u003E\u003Cp align=\u0022center\u0022\u003E10 150\u003C\/p\u003E\u003C\/td\u003E\u003C\/tr\u003E\u003Ctr\u003E\u003Ctd valign=\u0022top\u0022\u003E\u003Cp\u003ESaintonge Agricole\u003C\/p\u003E\u003C\/td\u003E\u003Ctd\u003E\u003Cp align=\u0022center\u0022\u003E5 330\u003C\/p\u003E\u003C\/td\u003E\u003Ctd\u003E\u003Cp align=\u0022center\u0022\u003E2 560\u003C\/p\u003E\u003C\/td\u003E\u003Ctd\u003E\u003Cp align=\u0022center\u0022\u003E8 500\u003C\/p\u003E\u003C\/td\u003E\u003C\/tr\u003E\u003Ctr\u003E\u003Ctd valign=\u0022top\u0022\u003E\u003Cp\u003ESaintonge Viticole\u003C\/p\u003E\u003C\/td\u003E\u003Ctd\u003E\u003Cp align=\u0022center\u0022\u003E6 100\u003C\/p\u003E\u003C\/td\u003E\u003Ctd\u003E\u003Cp align=\u0022center\u0022\u003E3 000\u003C\/p\u003E\u003C\/td\u003E\u003Ctd\u003E\u003Cp align=\u0022center\u0022\u003E10 000\u003C\/p\u003E\u003C\/td\u003E\u003C\/tr\u003E\u003Ctr\u003E\u003Ctd valign=\u0022top\u0022\u003E\u003Cp\u003EDouble Saintongeaise\u003C\/p\u003E\u003C\/td\u003E\u003Ctd\u003E\u003Cp align=\u0022center\u0022\u003E3 840\u003C\/p\u003E\u003C\/td\u003E\u003Ctd\u003E\u003Cp align=\u0022center\u0022\u003E1 470\u003C\/p\u003E\u003C\/td\u003E\u003Ctd\u003E\u003Cp align=\u0022center\u0022\u003E6 380\u003C\/p\u003E\u003C\/td\u003E\u003C\/tr\u003E\u003Ctr\u003E\u003Ctd valign=\u0022top\u0022\u003E\u003Cul\u003E\u003Cli\u003E\u003Cstrong\u003ECorr\u00e8ze\u003C\/strong\u003E\u003C\/li\u003E\u003C\/ul\u003E\u003C\/td\u003E\u003Ctd\u003E\u003Cp align=\u0022center\u0022\u003E\u0026nbsp;\u003C\/p\u003E\u003C\/td\u003E\u003Ctd\u003E\u003Cp align=\u0022center\u0022\u003E\u0026nbsp;\u003C\/p\u003E\u003C\/td\u003E\u003Ctd\u003E\u003Cp align=\u0022center\u0022\u003E\u0026nbsp;\u003C\/p\u003E\u003C\/td\u003E\u003C\/tr\u003E\u003Ctr\u003E\u003Ctd valign=\u0022top\u0022\u003E\u003Cp\u003EArtense, Plateau de Millevaches\u003C\/p\u003E\u003C\/td\u003E\u003Ctd\u003E\u003Cp align=\u0022center\u0022\u003E2 190\u003C\/p\u003E\u003C\/td\u003E\u003Ctd\u003E\u003Cp align=\u0022center\u0022\u003E1 080\u003C\/p\u003E\u003C\/td\u003E\u003Ctd\u003E\u003Cp align=\u0022center\u0022\u003E3 280\u003C\/p\u003E\u003C\/td\u003E\u003C\/tr\u003E\u003Ctr\u003E\u003Ctd valign=\u0022top\u0022\u003E\u003Cp\u003EHaut Limousin\u003C\/p\u003E\u003C\/td\u003E\u003Ctd\u003E\u003Cp align=\u0022center\u0022\u003E3 420\u003C\/p\u003E\u003C\/td\u003E\u003Ctd\u003E\u003Cp align=\u0022center\u0022\u003E1 990\u003C\/p\u003E\u003C\/td\u003E\u003Ctd\u003E\u003Cp align=\u0022center\u0022\u003E5 490\u003C\/p\u003E\u003C\/td\u003E\u003C\/tr\u003E\u003Ctr\u003E\u003Ctd valign=\u0022top\u0022\u003E\u003Cp\u003ECausses, Bas Pays de Brive\u003C\/p\u003E\u003C\/td\u003E\u003Ctd\u003E\u003Cp align=\u0022center\u0022\u003E3 430\u003C\/p\u003E\u003C\/td\u003E\u003Ctd\u003E\u003Cp align=\u0022center\u0022\u003E2 000\u003C\/p\u003E\u003C\/td\u003E\u003Ctd\u003E\u003Cp align=\u0022center\u0022\u003E5 530\u003C\/p\u003E\u003C\/td\u003E\u003C\/tr\u003E\u003Ctr\u003E\u003Ctd valign=\u0022top\u0022\u003E\u003Cp\u003EXaintrie, Cantal, Plateau Sud Est\u003C\/p\u003E\u003C\/td\u003E\u003Ctd\u003E\u003Cp align=\u0022center\u0022\u003E2 650\u003C\/p\u003E\u003C\/td\u003E\u003Ctd\u003E\u003Cp align=\u0022center\u0022\u003E1 390\u003C\/p\u003E\u003C\/td\u003E\u003Ctd\u003E\u003Cp align=\u0022center\u0022\u003E4 790\u003C\/p\u003E\u003C\/td\u003E\u003C\/tr\u003E\u003Ctr\u003E\u003Ctd valign=\u0022top\u0022\u003E\u003Cul\u003E\u003Cli\u003E\u003Cstrong\u003ECreuse\u003C\/strong\u003E\u003C\/li\u003E\u003C\/ul\u003E\u003C\/td\u003E\u003Ctd\u003E\u003Cp align=\u0022center\u0022\u003E\u0026nbsp;\u003C\/p\u003E\u003C\/td\u003E\u003Ctd\u003E\u003Cp align=\u0022center\u0022\u003E\u0026nbsp;\u003C\/p\u003E\u003C\/td\u003E\u003Ctd\u003E\u003Cp align=\u0022center\u0022\u003E\u0026nbsp;\u003C\/p\u003E\u003C\/td\u003E\u003C\/tr\u003E\u003Ctr\u003E\u003Ctd valign=\u0022top\u0022\u003E\u003Cp\u003ECombraille Bourbonnaise\u003C\/p\u003E\u003C\/td\u003E\u003Ctd\u003E\u003Cp align=\u0022center\u0022\u003E2 730\u003C\/p\u003E\u003C\/td\u003E\u003Ctd\u003E\u003Cp align=\u0022center\u0022\u003E1 700\u003C\/p\u003E\u003C\/td\u003E\u003Ctd\u003E\u003Cp align=\u0022center\u0022\u003E4 360\u003C\/p\u003E\u003C\/td\u003E\u003C\/tr\u003E\u003Ctr\u003E\u003Ctd valign=\u0022top\u0022\u003E\u003Cp\u003EMarche\u003C\/p\u003E\u003C\/td\u003E\u003Ctd\u003E\u003Cp align=\u0022center\u0022\u003E2 300\u003C\/p\u003E\u003C\/td\u003E\u003Ctd\u003E\u003Cp align=\u0022center\u0022\u003E1 570\u003C\/p\u003E\u003C\/td\u003E\u003Ctd\u003E\u003Cp align=\u0022center\u0022\u003E3 910\u003C\/p\u003E\u003C\/td\u003E\u003C\/tr\u003E\u003Ctr\u003E\u003Ctd valign=\u0022top\u0022\u003E\u003Cp\u003EBas Berry\u003C\/p\u003E\u003C\/td\u003E\u003Ctd\u003E\u003Cp align=\u0022center\u0022\u003E2 660\u003C\/p\u003E\u003C\/td\u003E\u003Ctd\u003E\u003Cp align=\u0022center\u0022\u003E1 410\u003C\/p\u003E\u003C\/td\u003E\u003Ctd\u003E\u003Cp align=\u0022center\u0022\u003E3 590\u003C\/p\u003E\u003C\/td\u003E\u003C\/tr\u003E\u003Ctr\u003E\u003Ctd valign=\u0022top\u0022\u003E\u003Cp\u003EPlateau de Millevaches, Haut Limousin\u003C\/p\u003E\u003C\/td\u003E\u003Ctd\u003E\u003Cp align=\u0022center\u0022\u003E1 970\u003C\/p\u003E\u003C\/td\u003E\u003Ctd\u003E\u003Cp align=\u0022center\u0022\u003E1 350\u003C\/p\u003E\u003C\/td\u003E\u003Ctd\u003E\u003Cp align=\u0022center\u0022\u003E3 020\u003C\/p\u003E\u003C\/td\u003E\u003C\/tr\u003E\u003Ctr\u003E\u003Ctd valign=\u0022top\u0022\u003E\u003Cul\u003E\u003Cli\u003E\u003Cstrong\u003EDeux-S\u00e8vres\u003C\/strong\u003E\u003C\/li\u003E\u003C\/ul\u003E\u003C\/td\u003E\u003Ctd\u003E\u003Cp align=\u0022center\u0022\u003E\u0026nbsp;\u003C\/p\u003E\u003C\/td\u003E\u003Ctd\u003E\u003Cp align=\u0022center\u0022\u003E\u0026nbsp;\u003C\/p\u003E\u003C\/td\u003E\u003Ctd\u003E\u003Cp align=\u0022center\u0022\u003E\u0026nbsp;\u003C\/p\u003E\u003C\/td\u003E\u003C\/tr\u003E\u003Ctr\u003E\u003Ctd valign=\u0022top\u0022\u003E\u003Cp\u003EPlateau Mellois, Entre Plaine et G\u00e2tine\u003C\/p\u003E\u003C\/td\u003E\u003Ctd\u003E\u003Cp align=\u0022center\u0022\u003E3 390\u003C\/p\u003E\u003C\/td\u003E\u003Ctd\u003E\u003Cp align=\u0022center\u0022\u003E1 820\u003C\/p\u003E\u003C\/td\u003E\u003Ctd\u003E\u003Cp align=\u0022center\u0022\u003E5 030\u003C\/p\u003E\u003C\/td\u003E\u003C\/tr\u003E\u003Ctr\u003E\u003Ctd valign=\u0022top\u0022\u003E\u003Cp\u003EPlaine de Thouars\u003C\/p\u003E\u003C\/td\u003E\u003Ctd\u003E\u003Cp align=\u0022center\u0022\u003E3 020\u003C\/p\u003E\u003C\/td\u003E\u003Ctd\u003E\u003Cp align=\u0022center\u0022\u003E1 710\u003C\/p\u003E\u003C\/td\u003E\u003Ctd\u003E\u003Cp align=\u0022center\u0022\u003E4 770\u003C\/p\u003E\u003C\/td\u003E\u003C\/tr\u003E\u003Ctr\u003E\u003Ctd valign=\u0022top\u0022\u003E\u003Cp\u003EPlaine de la Mothe Lezay\u003C\/p\u003E\u003C\/td\u003E\u003Ctd\u003E\u003Cp align=\u0022center\u0022\u003E4 070\u003C\/p\u003E\u003C\/td\u003E\u003Ctd\u003E\u003Cp align=\u0022center\u0022\u003E2 310\u003C\/p\u003E\u003C\/td\u003E\u003Ctd\u003E\u003Cp align=\u0022center\u0022\u003E6 000\u003C\/p\u003E\u003C\/td\u003E\u003C\/tr\u003E\u003Ctr\u003E\u003Ctd valign=\u0022top\u0022\u003E\u003Cp\u003EG\u00e2tine\u003C\/p\u003E\u003C\/td\u003E\u003Ctd\u003E\u003Cp align=\u0022center\u0022\u003E3 190\u003C\/p\u003E\u003C\/td\u003E\u003Ctd\u003E\u003Cp align=\u0022center\u0022\u003E1 680\u003C\/p\u003E\u003C\/td\u003E\u003Ctd\u003E\u003Cp align=\u0022center\u0022\u003E4 800\u003C\/p\u003E\u003C\/td\u003E\u003C\/tr\u003E\u003Ctr\u003E\u003Ctd valign=\u0022top\u0022\u003E\u003Cp\u003EPlaine de Niort Brioux\u003C\/p\u003E\u003C\/td\u003E\u003Ctd\u003E\u003Cp align=\u0022center\u0022\u003E3 830\u003C\/p\u003E\u003C\/td\u003E\u003Ctd\u003E\u003Cp align=\u0022center\u0022\u003E2 200\u003C\/p\u003E\u003C\/td\u003E\u003Ctd\u003E\u003Cp align=\u0022center\u0022\u003E5 500\u003C\/p\u003E\u003C\/td\u003E\u003C\/tr\u003E\u003Ctr\u003E\u003Ctd valign=\u0022top\u0022\u003E\u003Cp\u003EBocage\u003C\/p\u003E\u003C\/td\u003E\u003Ctd\u003E\u003Cp align=\u0022center\u0022\u003E2 620\u003C\/p\u003E\u003C\/td\u003E\u003Ctd\u003E\u003Cp align=\u0022center\u0022\u003E1 590\u003C\/p\u003E\u003C\/td\u003E\u003Ctd\u003E\u003Cp align=\u0022center\u0022\u003E4 000\u003C\/p\u003E\u003C\/td\u003E\u003C\/tr\u003E\u003Ctr\u003E\u003Ctd valign=\u0022top\u0022\u003E\u003Cp\u003EMarais Poitevin Mouill\u00e9\u003C\/p\u003E\u003C\/td\u003E\u003Ctd\u003E\u003Cp align=\u0022center\u0022\u003E2 790\u003C\/p\u003E\u003C\/td\u003E\u003Ctd\u003E\u003Cp align=\u0022center\u0022\u003E1 430\u003C\/p\u003E\u003C\/td\u003E\u003Ctd\u003E\u003Cp align=\u0022center\u0022\u003E4 100\u003C\/p\u003E\u003C\/td\u003E\u003C\/tr\u003E\u003Ctr\u003E\u003Ctd valign=\u0022top\u0022\u003E\u003Cul\u003E\u003Cli\u003E\u003Cstrong\u003EHaute-Vienne\u003C\/strong\u003E\u003C\/li\u003E\u003C\/ul\u003E\u003C\/td\u003E\u003Ctd\u003E\u003Cp align=\u0022center\u0022\u003E\u0026nbsp;\u003C\/p\u003E\u003C\/td\u003E\u003Ctd\u003E\u003Cp align=\u0022center\u0022\u003E\u0026nbsp;\u003C\/p\u003E\u003C\/td\u003E\u003Ctd\u003E\u003Cp align=\u0022center\u0022\u003E\u0026nbsp;\u003C\/p\u003E\u003C\/td\u003E\u003C\/tr\u003E\u003Ctr\u003E\u003Ctd valign=\u0022top\u0022\u003E\u003Cp\u003EMarche\u003C\/p\u003E\u003C\/td\u003E\u003Ctd\u003E\u003Cp align=\u0022center\u0022\u003E2 500\u003C\/p\u003E\u003C\/td\u003E\u003Ctd\u003E\u003Cp align=\u0022center\u0022\u003E1 140\u003C\/p\u003E\u003C\/td\u003E\u003Ctd\u003E\u003Cp align=\u0022center\u0022\u003E4 120\u003C\/p\u003E\u003C\/td\u003E\u003C\/tr\u003E\u003Ctr\u003E\u003Ctd valign=\u0022top\u0022\u003E\u003Cp\u003EPlateau de Millevaches, Haut Limousin\u003C\/p\u003E\u003C\/td\u003E\u003Ctd\u003E\u003Cp align=\u0022center\u0022\u003E2 910\u003C\/p\u003E\u003C\/td\u003E\u003Ctd\u003E\u003Cp align=\u0022center\u0022\u003E1 460\u003C\/p\u003E\u003C\/td\u003E\u003Ctd\u003E\u003Cp align=\u0022center\u0022\u003E4 880\u003C\/p\u003E\u003C\/td\u003E\u003C\/tr\u003E\u003Ctr\u003E\u003Ctd valign=\u0022top\u0022\u003E\u003Cul\u003E\u003Cli\u003E\u003Cstrong\u003EVienne\u003C\/strong\u003E\u003C\/li\u003E\u003C\/ul\u003E\u003C\/td\u003E\u003Ctd\u003E\u003Cp align=\u0022center\u0022\u003E\u0026nbsp;\u003C\/p\u003E\u003C\/td\u003E\u003Ctd\u003E\u003Cp align=\u0022center\u0022\u003E\u0026nbsp;\u003C\/p\u003E\u003C\/td\u003E\u003Ctd\u003E\u003Cp align=\u0022center\u0022\u003E\u0026nbsp;\u003C\/p\u003E\u003C\/td\u003E\u003C\/tr\u003E\u003Ctr\u003E\u003Ctd valign=\u0022top\u0022\u003E\u003Cp\u003EPlaine du Loudun, Ch\u00e2tellerault\u003C\/p\u003E\u003C\/td\u003E\u003Ctd\u003E\u003Cp align=\u0022center\u0022\u003E5 180\u003C\/p\u003E\u003C\/td\u003E\u003Ctd\u003E\u003Cp align=\u0022center\u0022\u003E2 460\u003C\/p\u003E\u003C\/td\u003E\u003Ctd\u003E\u003Cp align=\u0022center\u0022\u003E7 830\u003C\/p\u003E\u003C\/td\u003E\u003C\/tr\u003E\u003Ctr\u003E\u003Ctd valign=\u0022top\u0022\u003E\u003Cp\u003ETerres Rouges \u00e0 Ch\u00e2taigniers\u003C\/p\u003E\u003C\/td\u003E\u003Ctd\u003E\u003Cp align=\u0022center\u0022\u003E5 670\u003C\/p\u003E\u003C\/td\u003E\u003Ctd\u003E\u003Cp align=\u0022center\u0022\u003E2 720\u003C\/p\u003E\u003C\/td\u003E\u003Ctd\u003E\u003Cp align=\u0022center\u0022\u003E9 000\u003C\/p\u003E\u003C\/td\u003E\u003C\/tr\u003E\u003Ctr\u003E\u003Ctd valign=\u0022top\u0022\u003E\u003Cp\u003EBrandes et Confins Granitiques\u003C\/p\u003E\u003C\/td\u003E\u003Ctd\u003E\u003Cp align=\u0022center\u0022\u003E4 190\u003C\/p\u003E\u003C\/td\u003E\u003Ctd\u003E\u003Cp align=\u0022center\u0022\u003E1 890\u003C\/p\u003E\u003C\/td\u003E\u003Ctd\u003E\u003Cp align=\u0022center\u0022\u003E6 000\u003C\/p\u003E\u003C\/td\u003E\u003C\/tr\u003E\u003Ctr\u003E\u003Ctd valign=\u0022top\u0022\u003E\u003Cp\u003EPlaine de Thouars, Saumurois\u003C\/p\u003E\u003C\/td\u003E\u003Ctd\u003E\u003Cp align=\u0022center\u0022\u003E5 160\u003C\/p\u003E\u003C\/td\u003E\u003Ctd\u003E\u003Cp align=\u0022center\u0022\u003E2 480\u003C\/p\u003E\u003C\/td\u003E\u003Ctd\u003E\u003Cp align=\u0022center\u0022\u003E7 800\u003C\/p\u003E\u003C\/td\u003E\u003C\/tr\u003E\u003Ctr\u003E\u003Ctd valign=\u0022top\u0022\u003E\u003Cp\u003EG\u00e2tine\u003C\/p\u003E\u003C\/td\u003E\u003Ctd\u003E\u003Cp align=\u0022center\u0022\u003E5 010\u003C\/p\u003E\u003C\/td\u003E\u003Ctd\u003E\u003Cp align=\u0022center\u0022\u003E2 350\u003C\/p\u003E\u003C\/td\u003E\u003Ctd\u003E\u003Cp align=\u0022center\u0022\u003E7 440\u003C\/p\u003E\u003C\/td\u003E\u003C\/tr\u003E\u003Ctr\u003E\u003Ctd valign=\u0022top\u0022\u003E\u003Cp\u003E\u003Cstrong\u003EPays de la Loire\u003C\/strong\u003E\u003C\/p\u003E\u003C\/td\u003E\u003Ctd\u003E\u003Cp align=\u0022center\u0022\u003E\u0026nbsp;\u003C\/p\u003E\u003C\/td\u003E\u003Ctd\u003E\u003Cp align=\u0022center\u0022\u003E\u0026nbsp;\u003C\/p\u003E\u003C\/td\u003E\u003Ctd\u003E\u003Cp align=\u0022center\u0022\u003E\u0026nbsp;\u003C\/p\u003E\u003C\/td\u003E\u003C\/tr\u003E\u003Ctr\u003E\u003Ctd valign=\u0022top\u0022\u003E\u003Cul\u003E\u003Cli\u003E\u003Cstrong\u003ELoire-Atlantique\u003C\/strong\u003E\u003C\/li\u003E\u003C\/ul\u003E\u003C\/td\u003E\u003Ctd\u003E\u003Cp align=\u0022center\u0022\u003E\u0026nbsp;\u003C\/p\u003E\u003C\/td\u003E\u003Ctd\u003E\u003Cp align=\u0022center\u0022\u003E\u0026nbsp;\u003C\/p\u003E\u003C\/td\u003E\u003Ctd\u003E\u003Cp align=\u0022center\u0022\u003E\u0026nbsp;\u003C\/p\u003E\u003C\/td\u003E\u003C\/tr\u003E\u003Ctr\u003E\u003Ctd valign=\u0022top\u0022\u003E\u003Cp\u003EPays de Ch\u00e2teaubriant\u003C\/p\u003E\u003C\/td\u003E\u003Ctd\u003E\u003Cp align=\u0022center\u0022\u003E2 830\u003C\/p\u003E\u003C\/td\u003E\u003Ctd\u003E\u003Cp align=\u0022center\u0022\u003E1 800\u003C\/p\u003E\u003C\/td\u003E\u003Ctd\u003E\u003Cp align=\u0022center\u0022\u003E3 720\u003C\/p\u003E\u003C\/td\u003E\u003C\/tr\u003E\u003Ctr\u003E\u003Ctd valign=\u0022top\u0022\u003E\u003Cp\u003EEstuaire de la Loire, R\u00e9gion Nantaise\u003C\/p\u003E\u003C\/td\u003E\u003Ctd\u003E\u003Cp align=\u0022center\u0022\u003E1 500\u003C\/p\u003E\u003C\/td\u003E\u003Ctd\u003E\u003Cp align=\u0022center\u0022\u003E800\u003C\/p\u003E\u003C\/td\u003E\u003Ctd\u003E\u003Cp align=\u0022center\u0022\u003E2 500\u003C\/p\u003E\u003C\/td\u003E\u003C\/tr\u003E\u003Ctr\u003E\u003Ctd valign=\u0022top\u0022\u003E\u003Cp\u003ENord-Ouest Loire Atlantique\u003C\/p\u003E\u003C\/td\u003E\u003Ctd\u003E\u003Cp align=\u0022center\u0022\u003E2 030\u003C\/p\u003E\u003C\/td\u003E\u003Ctd\u003E\u003Cp align=\u0022center\u0022\u003E1 200\u003C\/p\u003E\u003C\/td\u003E\u003Ctd\u003E\u003Cp align=\u0022center\u0022\u003E3 000\u003C\/p\u003E\u003C\/td\u003E\u003C\/tr\u003E\u003Ctr\u003E\u003Ctd valign=\u0022top\u0022\u003E\u003Cp\u003EPays de S\u00e8vres et Maine\u003C\/p\u003E\u003C\/td\u003E\u003Ctd\u003E\u003Cp align=\u0022center\u0022\u003E2 200\u003C\/p\u003E\u003C\/td\u003E\u003Ctd\u003E\u003Cp align=\u0022center\u0022\u003E1 370\u003C\/p\u003E\u003C\/td\u003E\u003Ctd\u003E\u003Cp align=\u0022center\u0022\u003E4 180\u003C\/p\u003E\u003C\/td\u003E\u003C\/tr\u003E\u003Ctr\u003E\u003Ctd valign=\u0022top\u0022\u003E\u003Cp\u003EPays de Retz\u003C\/p\u003E\u003C\/td\u003E\u003Ctd\u003E\u003Cp align=\u0022center\u0022\u003E1 850\u003C\/p\u003E\u003C\/td\u003E\u003Ctd\u003E\u003Cp align=\u0022center\u0022\u003E1 100\u003C\/p\u003E\u003C\/td\u003E\u003Ctd\u003E\u003Cp align=\u0022center\u0022\u003E3 000\u003C\/p\u003E\u003C\/td\u003E\u003C\/tr\u003E\u003Ctr\u003E\u003Ctd valign=\u0022top\u0022\u003E\u003Cp\u003EBocage Angevin\u003C\/p\u003E\u003C\/td\u003E\u003Ctd\u003E\u003Cp align=\u0022center\u0022\u003E2 410\u003C\/p\u003E\u003C\/td\u003E\u003Ctd\u003E\u003Cp align=\u0022center\u0022\u003E1 500\u003C\/p\u003E\u003C\/td\u003E\u003Ctd\u003E\u003Cp align=\u0022center\u0022\u003E3 490\u003C\/p\u003E\u003C\/td\u003E\u003C\/tr\u003E\u003Ctr\u003E\u003Ctd valign=\u0022top\u0022\u003E\u003Cp\u003EMarais Breton et Bas Bocage\u003C\/p\u003E\u003C\/td\u003E\u003Ctd\u003E\u003Cp align=\u0022center\u0022\u003E1 940\u003C\/p\u003E\u003C\/td\u003E\u003Ctd\u003E\u003Cp align=\u0022center\u0022\u003E1 100\u003C\/p\u003E\u003C\/td\u003E\u003Ctd\u003E\u003Cp align=\u0022center\u0022\u003E2 800\u003C\/p\u003E\u003C\/td\u003E\u003C\/tr\u003E\u003Ctr\u003E\u003Ctd valign=\u0022top\u0022\u003E\u003Cul\u003E\u003Cli\u003E\u003Cstrong\u003EMaine-et-Loire\u003C\/strong\u003E\u003C\/li\u003E\u003C\/ul\u003E\u003C\/td\u003E\u003Ctd\u003E\u003Cp align=\u0022center\u0022\u003E\u0026nbsp;\u003C\/p\u003E\u003C\/td\u003E\u003Ctd\u003E\u003Cp align=\u0022center\u0022\u003E\u0026nbsp;\u003C\/p\u003E\u003C\/td\u003E\u003Ctd\u003E\u003Cp align=\u0022center\u0022\u003E\u0026nbsp;\u003C\/p\u003E\u003C\/td\u003E\u003C\/tr\u003E\u003Ctr\u003E\u003Ctd valign=\u0022top\u0022\u003E\u003Cp\u003EVall\u00e9e de la Loire\u003C\/p\u003E\u003C\/td\u003E\u003Ctd\u003E\u003Cp align=\u0022center\u0022\u003E3 350\u003C\/p\u003E\u003C\/td\u003E\u003Ctd\u003E\u003Cp align=\u0022center\u0022\u003E1 630\u003C\/p\u003E\u003C\/td\u003E\u003Ctd\u003E\u003Cp align=\u0022center\u0022\u003E4 840\u003C\/p\u003E\u003C\/td\u003E\u003C\/tr\u003E\u003Ctr\u003E\u003Ctd valign=\u0022top\u0022\u003E\u003Cp\u003EBeaugeois\u003C\/p\u003E\u003C\/td\u003E\u003Ctd\u003E\u003Cp align=\u0022center\u0022\u003E2 890\u003C\/p\u003E\u003C\/td\u003E\u003Ctd\u003E\u003Cp align=\u0022center\u0022\u003E1 680\u003C\/p\u003E\u003C\/td\u003E\u003Ctd\u003E\u003Cp align=\u0022center\u0022\u003E4 080\u003C\/p\u003E\u003C\/td\u003E\u003C\/tr\u003E\u003Ctr\u003E\u003Ctd valign=\u0022top\u0022\u003E\u003Cp\u003ESaumurois\u003C\/p\u003E\u003C\/td\u003E\u003Ctd\u003E\u003Cp align=\u0022center\u0022\u003E3 290\u003C\/p\u003E\u003C\/td\u003E\u003Ctd\u003E\u003Cp align=\u0022center\u0022\u003E2 000\u003C\/p\u003E\u003C\/td\u003E\u003Ctd\u003E\u003Cp align=\u0022center\u0022\u003E5 840\u003C\/p\u003E\u003C\/td\u003E\u003C\/tr\u003E\u003Ctr\u003E\u003Ctd valign=\u0022top\u0022\u003E\u003Cp\u003EBocage Angevin\u003C\/p\u003E\u003C\/td\u003E\u003Ctd\u003E\u003Cp align=\u0022center\u0022\u003E3 330\u003C\/p\u003E\u003C\/td\u003E\u003Ctd\u003E\u003Cp align=\u0022center\u0022\u003E1 700\u003C\/p\u003E\u003C\/td\u003E\u003Ctd\u003E\u003Cp align=\u0022center\u0022\u003E4 870\u003C\/p\u003E\u003C\/td\u003E\u003C\/tr\u003E\u003Ctr\u003E\u003Ctd valign=\u0022top\u0022\u003E\u003Cp\u003ELes Mauges\u003C\/p\u003E\u003C\/td\u003E\u003Ctd\u003E\u003Cp align=\u0022center\u0022\u003E2 600\u003C\/p\u003E\u003C\/td\u003E\u003Ctd\u003E\u003Cp align=\u0022center\u0022\u003E1 440\u003C\/p\u003E\u003C\/td\u003E\u003Ctd\u003E\u003Cp align=\u0022center\u0022\u003E3 600\u003C\/p\u003E\u003C\/td\u003E\u003C\/tr\u003E\u003Ctr\u003E\u003Ctd valign=\u0022top\u0022\u003E\u003Cp\u003ELe Layon\u003C\/p\u003E\u003C\/td\u003E\u003Ctd\u003E\u003Cp align=\u0022center\u0022\u003E2 630\u003C\/p\u003E\u003C\/td\u003E\u003Ctd\u003E\u003Cp align=\u0022center\u0022\u003E1 500\u003C\/p\u003E\u003C\/td\u003E\u003Ctd\u003E\u003Cp align=\u0022center\u0022\u003E5 360\u003C\/p\u003E\u003C\/td\u003E\u003C\/tr\u003E\u003Ctr\u003E\u003Ctd valign=\u0022top\u0022\u003E\u003Cul\u003E\u003Cli\u003E\u003Cstrong\u003EMayenne\u003C\/strong\u003E\u003C\/li\u003E\u003C\/ul\u003E\u003C\/td\u003E\u003Ctd\u003E\u003Cp align=\u0022center\u0022\u003E\u0026nbsp;\u003C\/p\u003E\u003C\/td\u003E\u003Ctd\u003E\u003Cp align=\u0022center\u0022\u003E\u0026nbsp;\u003C\/p\u003E\u003C\/td\u003E\u003Ctd\u003E\u003Cp align=\u0022center\u0022\u003E\u0026nbsp;\u003C\/p\u003E\u003C\/td\u003E\u003C\/tr\u003E\u003Ctr\u003E\u003Ctd valign=\u0022top\u0022\u003E\u003Cp\u003ER\u00e9gion d\u2019Embouche de l\u2019Erve\u003C\/p\u003E\u003C\/td\u003E\u003Ctd\u003E\u003Cp align=\u0022center\u0022\u003E5 130\u003C\/p\u003E\u003C\/td\u003E\u003Ctd\u003E\u003Cp align=\u0022center\u0022\u003E3 000\u003C\/p\u003E\u003C\/td\u003E\u003Ctd\u003E\u003Cp align=\u0022center\u0022\u003E7 010\u003C\/p\u003E\u003C\/td\u003E\u003C\/tr\u003E\u003Ctr\u003E\u003Ctd valign=\u0022top\u0022\u003E\u003Cp\u003ER\u00e9gion de Polyculture de Laval\u003C\/p\u003E\u003C\/td\u003E\u003Ctd\u003E\u003Cp align=\u0022center\u0022\u003E4 810\u003C\/p\u003E\u003C\/td\u003E\u003Ctd\u003E\u003Cp align=\u0022center\u0022\u003E1 990\u003C\/p\u003E\u003C\/td\u003E\u003Ctd\u003E\u003Cp align=\u0022center\u0022\u003E7 780\u003C\/p\u003E\u003C\/td\u003E\u003C\/tr\u003E\u003Ctr\u003E\u003Ctd valign=\u0022top\u0022\u003E\u003Cp\u003EBocage Angevin\u003C\/p\u003E\u003C\/td\u003E\u003Ctd\u003E\u003Cp align=\u0022center\u0022\u003E5 590\u003C\/p\u003E\u003C\/td\u003E\u003Ctd\u003E\u003Cp align=\u0022center\u0022\u003E2 950\u003C\/p\u003E\u003C\/td\u003E\u003Ctd\u003E\u003Cp align=\u0022center\u0022\u003E7 000\u003C\/p\u003E\u003C\/td\u003E\u003C\/tr\u003E\u003Ctr\u003E\u003Ctd valign=\u0022top\u0022\u003E\u003Cp\u003EZone d\u2019Elevage\u003C\/p\u003E\u003C\/td\u003E\u003Ctd\u003E\u003Cp align=\u0022center\u0022\u003E5 680\u003C\/p\u003E\u003C\/td\u003E\u003Ctd\u003E\u003Cp align=\u0022center\u0022\u003E2 800\u003C\/p\u003E\u003C\/td\u003E\u003Ctd\u003E\u003Cp align=\u0022center\u0022\u003E8 000\u003C\/p\u003E\u003C\/td\u003E\u003C\/tr\u003E\u003Ctr\u003E\u003Ctd valign=\u0022top\u0022\u003E\u003Cul\u003E\u003Cli\u003E\u003Cstrong\u003ESarthe\u003C\/strong\u003E\u003C\/li\u003E\u003C\/ul\u003E\u003C\/td\u003E\u003Ctd\u003E\u003Cp align=\u0022center\u0022\u003E\u0026nbsp;\u003C\/p\u003E\u003C\/td\u003E\u003Ctd\u003E\u003Cp align=\u0022center\u0022\u003E\u0026nbsp;\u003C\/p\u003E\u003C\/td\u003E\u003Ctd\u003E\u003Cp align=\u0022center\u0022\u003E\u0026nbsp;\u003C\/p\u003E\u003C\/td\u003E\u003C\/tr\u003E\u003Ctr\u003E\u003Ctd valign=\u0022top\u0022\u003E\u003Cp\u003EPerche\u003C\/p\u003E\u003C\/td\u003E\u003Ctd\u003E\u003Cp align=\u0022center\u0022\u003E4 870\u003C\/p\u003E\u003C\/td\u003E\u003Ctd\u003E\u003Cp align=\u0022center\u0022\u003E2 860\u003C\/p\u003E\u003C\/td\u003E\u003Ctd\u003E\u003Cp align=\u0022center\u0022\u003E7 000\u003C\/p\u003E\u003C\/td\u003E\u003C\/tr\u003E\u003Ctr\u003E\u003Ctd valign=\u0022top\u0022\u003E\u003Cp\u003EChampagne Mancelle, Saosnois\u003C\/p\u003E\u003C\/td\u003E\u003Ctd\u003E\u003Cp align=\u0022center\u0022\u003E5 040\u003C\/p\u003E\u003C\/td\u003E\u003Ctd\u003E\u003Cp align=\u0022center\u0022\u003E2 900\u003C\/p\u003E\u003C\/td\u003E\u003Ctd\u003E\u003Cp align=\u0022center\u0022\u003E7 210\u003C\/p\u003E\u003C\/td\u003E\u003C\/tr\u003E\u003Ctr\u003E\u003Ctd valign=\u0022top\u0022\u003E\u003Cp\u003ESarthe Sud\u003C\/p\u003E\u003C\/td\u003E\u003Ctd\u003E\u003Cp align=\u0022center\u0022\u003E3 340\u003C\/p\u003E\u003C\/td\u003E\u003Ctd\u003E\u003Cp align=\u0022center\u0022\u003E1 690\u003C\/p\u003E\u003C\/td\u003E\u003Ctd\u003E\u003Cp align=\u0022center\u0022\u003E5 010\u003C\/p\u003E\u003C\/td\u003E\u003C\/tr\u003E\u003Ctr\u003E\u003Ctd valign=\u0022top\u0022\u003E\u003Cp\u003EPlaine d\u2019Alen\u00e7on, Bocage des Alpes Mancelles\u003C\/p\u003E\u003C\/td\u003E\u003Ctd\u003E\u003Cp align=\u0022center\u0022\u003E4 560\u003C\/p\u003E\u003C\/td\u003E\u003Ctd\u003E\u003Cp align=\u0022center\u0022\u003E2 500\u003C\/p\u003E\u003C\/td\u003E\u003Ctd\u003E\u003Cp align=\u0022center\u0022\u003E7 000\u003C\/p\u003E\u003C\/td\u003E\u003C\/tr\u003E\u003Ctr\u003E\u003Ctd valign=\u0022top\u0022\u003E\u003Cp\u003EPlateau Calaisien\u003C\/p\u003E\u003C\/td\u003E\u003Ctd\u003E\u003Cp align=\u0022center\u0022\u003E3 350\u003C\/p\u003E\u003C\/td\u003E\u003Ctd\u003E\u003Cp align=\u0022center\u0022\u003E2 050\u003C\/p\u003E\u003C\/td\u003E\u003Ctd\u003E\u003Cp align=\u0022center\u0022\u003E4 080\u003C\/p\u003E\u003C\/td\u003E\u003C\/tr\u003E\u003Ctr\u003E\u003Ctd valign=\u0022top\u0022\u003E\u003Cp\u003ER\u00e9gion Mancelle, Bellinois\u003C\/p\u003E\u003C\/td\u003E\u003Ctd\u003E\u003Cp align=\u0022center\u0022\u003E3 820\u003C\/p\u003E\u003C\/td\u003E\u003Ctd\u003E\u003Cp align=\u0022center\u0022\u003E2 160\u003C\/p\u003E\u003C\/td\u003E\u003Ctd\u003E\u003Cp align=\u0022center\u0022\u003E6 400\u003C\/p\u003E\u003C\/td\u003E\u003C\/tr\u003E\u003Ctr\u003E\u003Ctd valign=\u0022top\u0022\u003E\u003Cp\u003EVall\u00e9e de la Sarthe Nord\u003C\/p\u003E\u003C\/td\u003E\u003Ctd\u003E\u003Cp align=\u0022center\u0022\u003E4 530\u003C\/p\u003E\u003C\/td\u003E\u003Ctd\u003E\u003Cp align=\u0022center\u0022\u003E2 920\u003C\/p\u003E\u003C\/td\u003E\u003Ctd\u003E\u003Cp align=\u0022center\u0022\u003E7 180\u003C\/p\u003E\u003C\/td\u003E\u003C\/tr\u003E\u003Ctr\u003E\u003Ctd valign=\u0022top\u0022\u003E\u003Cul\u003E\u003Cli\u003E\u003Cstrong\u003EVend\u00e9e\u003C\/strong\u003E\u003C\/li\u003E\u003C\/ul\u003E\u003C\/td\u003E\u003Ctd\u003E\u003Cp align=\u0022center\u0022\u003E\u0026nbsp;\u003C\/p\u003E\u003C\/td\u003E\u003Ctd\u003E\u003Cp align=\u0022center\u0022\u003E\u0026nbsp;\u003C\/p\u003E\u003C\/td\u003E\u003Ctd\u003E\u003Cp align=\u0022center\u0022\u003E\u0026nbsp;\u003C\/p\u003E\u003C\/td\u003E\u003C\/tr\u003E\u003Ctr\u003E\u003Ctd valign=\u0022top\u0022\u003E\u003Cp\u003EMarais Breton\u003C\/p\u003E\u003C\/td\u003E\u003Ctd\u003E\u003Cp align=\u0022center\u0022\u003E1 730\u003C\/p\u003E\u003C\/td\u003E\u003Ctd\u003E\u003Cp align=\u0022center\u0022\u003E860\u003C\/p\u003E\u003C\/td\u003E\u003Ctd\u003E\u003Cp align=\u0022center\u0022\u003E3 000\u003C\/p\u003E\u003C\/td\u003E\u003C\/tr\u003E\u003Ctr\u003E\u003Ctd valign=\u0022top\u0022\u003E\u003Cp\u003EBas Bocage\u003C\/p\u003E\u003C\/td\u003E\u003Ctd\u003E\u003Cp align=\u0022center\u0022\u003E2 290\u003C\/p\u003E\u003C\/td\u003E\u003Ctd\u003E\u003Cp align=\u0022center\u0022\u003E1 200\u003C\/p\u003E\u003C\/td\u003E\u003Ctd\u003E\u003Cp align=\u0022center\u0022\u003E3 280\u003C\/p\u003E\u003C\/td\u003E\u003C\/tr\u003E\u003Ctr\u003E\u003Ctd valign=\u0022top\u0022\u003E\u003Cp\u003EMarais Poitevin\u003C\/p\u003E\u003C\/td\u003E\u003Ctd\u003E\u003Cp align=\u0022center\u0022\u003E3 620\u003C\/p\u003E\u003C\/td\u003E\u003Ctd\u003E\u003Cp align=\u0022center\u0022\u003E1 160\u003C\/p\u003E\u003C\/td\u003E\u003Ctd\u003E\u003Cp align=\u0022center\u0022\u003E5 000\u003C\/p\u003E\u003C\/td\u003E\u003C\/tr\u003E\u003Ctr\u003E\u003Ctd valign=\u0022top\u0022\u003E\u003Cp\u003EPlaine Vend\u00e9enne\u003C\/p\u003E\u003C\/td\u003E\u003Ctd\u003E\u003Cp align=\u0022center\u0022\u003E2 860\u003C\/p\u003E\u003C\/td\u003E\u003Ctd\u003E\u003Cp align=\u0022center\u0022\u003E1 300\u003C\/p\u003E\u003C\/td\u003E\u003Ctd\u003E\u003Cp align=\u0022center\u0022\u003E4 500\u003C\/p\u003E\u003C\/td\u003E\u003C\/tr\u003E\u003Ctr\u003E\u003Ctd valign=\u0022top\u0022\u003E\u003Cp\u003EHaut Bocage\u003C\/p\u003E\u003C\/td\u003E\u003Ctd\u003E\u003Cp align=\u0022center\u0022\u003E2 140\u003C\/p\u003E\u003C\/td\u003E\u003Ctd\u003E\u003Cp align=\u0022center\u0022\u003E1 260\u003C\/p\u003E\u003C\/td\u003E\u003Ctd\u003E\u003Cp align=\u0022center\u0022\u003E3 340\u003C\/p\u003E\u003C\/td\u003E\u003C\/tr\u003E\u003C\/tbody\u003E\u003C\/table\u003E\u003Cp\u003E* Minimum : 95 % des prix sont sup\u00e9rieurs \u00e0 ce seuil\u003Cbr\u003E** Maximum : 5 % des prix sont sup\u00e9rieurs \u00e0 ce seuil\u003C\/p\u003E                                            \u003Cp\u003E\u003Cbr \/\u003E\u003Cstrong\u003ESource :\u003C\/strong\u003E\u003Cstrong\u003E\u00a0\u003C\/strong\u003E\u003C\/p\u003E\u003Cul\u003E\u003Cli\u003E\u003Ca href=\u0022https:\/\/www.legifrance.gouv.fr\/jorf\/id\/JORFTEXT000052153430?init=true\u0026amp;page=1\u0026amp;query=portant+fixation+du+bar%C3%A8me+indicatif+de+la+valeur+v%C3%A9nale+moyenne+des+terres+agricoles\u0026amp;searchField=ALL\u0026amp;tab_selection=all\u0022 target=\u0022_blank\u0022\u003ED\u00e9cision du 26 ao\u00fbt 2025 portant fixation du bar\u00e8me indicatif de la valeur v\u00e9nale moyenne des terres agricoles en 2024\u003C\/a\u003E\u003C\/li\u003E\u003C\/ul\u003E\u003C\/div\u003E","annee":"2025","theme":" Indices, taux, bar\u00e8mes juridiques","activites":["Agriculture"],"image":"https:\/\/www.weblex.fr\/sites\/default\/files\/chiffres_clef\/Shutterstock_terresagricolesvaleursvenaleslouees.jpg","created":"2026-03-16","modified":"2026-03-17"},{"url":"\/chiffres-cles\/indice-des-prix-des-logements-anciens-annee-2025","id":26374,"title":"Indice des prix des logements anciens - Ann\u00e9e 2025","content":"\u003Cdiv\u003E                                              \u003Cp\u003E1) Variation des prix des logements anciens en France (hors Mayotte) \u2013 4e\u0026nbsp;trimestre 2025\u003C\/p\u003E\u003Ctable class=\u0022MsoTableGrid\u0022\u003E\u003Ctbody\u003E\u003Ctr\u003E\u003Ctd valign=\u0022top\u0022\u003E\u003Cp\u003E\u0026nbsp;\u003C\/p\u003E\u003C\/td\u003E\u003Ctd valign=\u0022top\u0022\u003E\u003Cp align=\u0022center\u0022\u003E\u003Cstrong\u003EVariation trimestrielle\u003C\/strong\u003E\u003C\/p\u003E\u003C\/td\u003E\u003Ctd valign=\u0022top\u0022\u003E\u003Cp align=\u0022center\u0022\u003E\u003Cstrong\u003EVariation annuelle\u003C\/strong\u003E\u003C\/p\u003E\u003C\/td\u003E\u003C\/tr\u003E\u003Ctr\u003E\u003Ctd valign=\u0022top\u0022\u003E\u003Cp\u003EEnsemble\u003C\/p\u003E\u003C\/td\u003E\u003Ctd valign=\u0022top\u0022\u003E\u003Cp align=\u0022center\u0022\u003E+ 0,5\u0026nbsp;%\u003C\/p\u003E\u003C\/td\u003E\u003Ctd valign=\u0022top\u0022\u003E\u003Cp align=\u0022center\u0022\u003E+ 1,1\u0026nbsp;%\u003C\/p\u003E\u003C\/td\u003E\u003C\/tr\u003E\u003Ctr\u003E\u003Ctd valign=\u0022top\u0022\u003E\u003Cp\u003EAppartements\u003C\/p\u003E\u003C\/td\u003E\u003Ctd valign=\u0022top\u0022\u003E\u003Cp align=\u0022center\u0022\u003E+ 0,4\u0026nbsp;%\u003C\/p\u003E\u003C\/td\u003E\u003Ctd valign=\u0022top\u0022\u003E\u003Cp align=\u0022center\u0022\u003E+ 1,5\u0026nbsp;%\u003C\/p\u003E\u003C\/td\u003E\u003C\/tr\u003E\u003Ctr\u003E\u003Ctd valign=\u0022top\u0022\u003E\u003Cp\u003EMaison\u003C\/p\u003E\u003C\/td\u003E\u003Ctd valign=\u0022top\u0022\u003E\u003Cp align=\u0022center\u0022\u003E+ 0,5 %\u003C\/p\u003E\u003C\/td\u003E\u003Ctd valign=\u0022top\u0022\u003E\u003Cp align=\u0022center\u0022\u003E+ 0,8\u0026nbsp;%\u003C\/p\u003E\u003C\/td\u003E\u003C\/tr\u003E\u003C\/tbody\u003E\u003C\/table\u003E\u003Cp\u003E2) Variation des prix des logements anciens selon leur localisation \u2013 4e\u0026nbsp;trimestre 2025\u003C\/p\u003E\u003Ctable class=\u0022MsoTableGrid\u0022\u003E\u003Ctbody\u003E\u003Ctr\u003E\u003Ctd valign=\u0022top\u0022\u003E\u003Cp\u003E\u0026nbsp;\u003C\/p\u003E\u003C\/td\u003E\u003Ctd valign=\u0022top\u0022\u003E\u003Cp align=\u0022center\u0022\u003E\u003Cstrong\u003EVariation trimestrielle\u003C\/strong\u003E\u003C\/p\u003E\u003C\/td\u003E\u003Ctd valign=\u0022top\u0022\u003E\u003Cp align=\u0022center\u0022\u003E\u003Cstrong\u003EVariation annuelle\u003C\/strong\u003E\u003C\/p\u003E\u003C\/td\u003E\u003C\/tr\u003E\u003Ctr\u003E\u003Ctd valign=\u0022top\u0022\u003E\u003Cp\u003E\u003Cstrong\u003EFrance m\u00e9tropolitaine\u003C\/strong\u003E\u003C\/p\u003E\u003C\/td\u003E\u003Ctd valign=\u0022top\u0022\u003E\u003Cp align=\u0022center\u0022\u003E\u003Cstrong\u003E+ 0,5\u0026nbsp;%\u003C\/strong\u003E\u003C\/p\u003E\u003C\/td\u003E\u003Ctd valign=\u0022top\u0022\u003E\u003Cp align=\u0022center\u0022\u003E\u003Cstrong\u003E+ 1,1\u0026nbsp;%\u003C\/strong\u003E\u003C\/p\u003E\u003C\/td\u003E\u003C\/tr\u003E\u003Ctr\u003E\u003Ctd valign=\u0022top\u0022\u003E\u003Cp\u003E\u00cele-de-France\u003C\/p\u003E\u003C\/td\u003E\u003Ctd valign=\u0022top\u0022\u003E\u003Cp align=\u0022center\u0022\u003E+ 0,0\u0026nbsp;%\u003C\/p\u003E\u003C\/td\u003E\u003Ctd valign=\u0022top\u0022\u003E\u003Cp align=\u0022center\u0022\u003E+ 0,7\u0026nbsp;%\u003C\/p\u003E\u003C\/td\u003E\u003C\/tr\u003E\u003Ctr\u003E\u003Ctd valign=\u0022top\u0022\u003E\u003Cp\u003EProvince\u003C\/p\u003E\u003C\/td\u003E\u003Ctd valign=\u0022top\u0022\u003E\u003Cp align=\u0022center\u0022\u003E+ 0,6\u0026nbsp;%\u003C\/p\u003E\u003C\/td\u003E\u003Ctd valign=\u0022top\u0022\u003E\u003Cp align=\u0022center\u0022\u003E+ 1,2\u0026nbsp;%\u003C\/p\u003E\u003C\/td\u003E\u003C\/tr\u003E\u003Ctr\u003E\u003Ctd valign=\u0022top\u0022\u003E\u003Cul\u003E\u003Cli\u003EAuvergne-Rh\u00f4ne-Alpes\u003C\/li\u003E\u003C\/ul\u003E\u003C\/td\u003E\u003Ctd valign=\u0022top\u0022\u003E\u003Cp align=\u0022center\u0022\u003E+ 0,4\u0026nbsp;%\u003C\/p\u003E\u003C\/td\u003E\u003Ctd valign=\u0022top\u0022\u003E\u003Cp align=\u0022center\u0022\u003E+ 1,2\u0026nbsp;%\u003C\/p\u003E\u003C\/td\u003E\u003C\/tr\u003E\u003Ctr\u003E\u003Ctd valign=\u0022top\u0022\u003E\u003Cul\u003E\u003Cli\u003EHauts-de-France\u003C\/li\u003E\u003C\/ul\u003E\u003C\/td\u003E\u003Ctd valign=\u0022top\u0022\u003E\u003Cp align=\u0022center\u0022\u003E+ 0,3\u0026nbsp;%\u003C\/p\u003E\u003C\/td\u003E\u003Ctd valign=\u0022top\u0022\u003E\u003Cp align=\u0022center\u0022\u003E+ 1,6\u0026nbsp;%\u003C\/p\u003E\u003C\/td\u003E\u003C\/tr\u003E\u003Ctr\u003E\u003Ctd valign=\u0022top\u0022\u003E\u003Cul\u003E\u003Cli\u003EProvence-Alpes-C\u00f4te d\u2019Azur\u003C\/li\u003E\u003C\/ul\u003E\u003C\/td\u003E\u003Ctd\u003E\u003Cp align=\u0022center\u0022\u003E+ 0,7\u0026nbsp;%\u003C\/p\u003E\u003C\/td\u003E\u003Ctd\u003E\u003Cp align=\u0022center\u0022\u003E+ 1,8\u0026nbsp;%\u003C\/p\u003E\u003C\/td\u003E\u003C\/tr\u003E\u003Ctr\u003E\u003Ctd valign=\u0022top\u0022\u003E\u003Cp\u003E\u003Cstrong\u003EAppartements\u003C\/strong\u003E\u003C\/p\u003E\u003C\/td\u003E\u003Ctd valign=\u0022top\u0022\u003E\u003Cp align=\u0022center\u0022\u003E\u003Cstrong\u003E+ 0,4\u0026nbsp;%\u003C\/strong\u003E\u003C\/p\u003E\u003C\/td\u003E\u003Ctd valign=\u0022top\u0022\u003E\u003Cp align=\u0022center\u0022\u003E\u003Cstrong\u003E+ 1,5\u0026nbsp;%\u003C\/strong\u003E\u003C\/p\u003E\u003C\/td\u003E\u003C\/tr\u003E\u003Ctr\u003E\u003Ctd valign=\u0022top\u0022\u003E\u003Cp\u003E\u00cele-de-France\u003C\/p\u003E\u003C\/td\u003E\u003Ctd valign=\u0022top\u0022\u003E\u003Cp align=\u0022center\u0022\u003E+ 0,0\u0026nbsp;%\u003C\/p\u003E\u003C\/td\u003E\u003Ctd valign=\u0022top\u0022\u003E\u003Cp align=\u0022center\u0022\u003E+ 1,2\u0026nbsp;%\u003C\/p\u003E\u003C\/td\u003E\u003C\/tr\u003E\u003Ctr\u003E\u003Ctd valign=\u0022top\u0022\u003E\u003Cul\u003E\u003Cli\u003EParis\u003C\/li\u003E\u003C\/ul\u003E\u003C\/td\u003E\u003Ctd valign=\u0022top\u0022\u003E\u003Cp align=\u0022center\u0022\u003E- 0,1\u0026nbsp;%\u003C\/p\u003E\u003C\/td\u003E\u003Ctd valign=\u0022top\u0022\u003E\u003Cp align=\u0022center\u0022\u003E+ 1,4 %\u003C\/p\u003E\u003C\/td\u003E\u003C\/tr\u003E\u003Ctr\u003E\u003Ctd valign=\u0022top\u0022\u003E\u003Cul\u003E\u003Cli\u003EPetite Couronne\u003C\/li\u003E\u003C\/ul\u003E\u003C\/td\u003E\u003Ctd valign=\u0022top\u0022\u003E\u003Cp align=\u0022center\u0022\u003E+ 0,0\u0026nbsp;%\u003C\/p\u003E\u003C\/td\u003E\u003Ctd valign=\u0022top\u0022\u003E\u003Cp align=\u0022center\u0022\u003E+ 1,2\u0026nbsp;%\u003C\/p\u003E\u003C\/td\u003E\u003C\/tr\u003E\u003Ctr\u003E\u003Ctd valign=\u0022top\u0022\u003E\u003Cul\u003E\u003Cli\u003EGrande Couronne\u003C\/li\u003E\u003C\/ul\u003E\u003C\/td\u003E\u003Ctd valign=\u0022top\u0022\u003E\u003Cp align=\u0022center\u0022\u003E+ 0,5\u0026nbsp;%\u003C\/p\u003E\u003C\/td\u003E\u003Ctd valign=\u0022top\u0022\u003E\u003Cp align=\u0022center\u0022\u003E+ 0,7\u0026nbsp;%\u003C\/p\u003E\u003C\/td\u003E\u003C\/tr\u003E\u003Ctr\u003E\u003Ctd valign=\u0022top\u0022\u003E\u003Cp\u003EProvince\u003C\/p\u003E\u003C\/td\u003E\u003Ctd valign=\u0022top\u0022\u003E\u003Cp align=\u0022center\u0022\u003E+ 0,6\u0026nbsp;%\u003C\/p\u003E\u003C\/td\u003E\u003Ctd valign=\u0022top\u0022\u003E\u003Cp align=\u0022center\u0022\u003E+ 1,7\u0026nbsp;%\u003C\/p\u003E\u003C\/td\u003E\u003C\/tr\u003E\u003Ctr\u003E\u003Ctd valign=\u0022top\u0022\u003E\u003Cul\u003E\u003Cli\u003EAgglo \u0026gt; 10 000 hab\u003C\/li\u003E\u003C\/ul\u003E\u003C\/td\u003E\u003Ctd valign=\u0022top\u0022\u003E\u003Cp align=\u0022center\u0022\u003E+ 0,7\u0026nbsp;%\u003C\/p\u003E\u003C\/td\u003E\u003Ctd valign=\u0022top\u0022\u003E\u003Cp align=\u0022center\u0022\u003E+ 1,5\u0026nbsp;%\u003C\/p\u003E\u003C\/td\u003E\u003C\/tr\u003E\u003Ctr\u003E\u003Ctd valign=\u0022top\u0022\u003E\u003Cp\u003EVilles-centres\u003C\/p\u003E\u003C\/td\u003E\u003Ctd valign=\u0022top\u0022\u003E\u003Cp align=\u0022center\u0022\u003E+ 0,9\u0026nbsp;%\u003C\/p\u003E\u003C\/td\u003E\u003Ctd valign=\u0022top\u0022\u003E\u003Cp align=\u0022center\u0022\u003E+ 1,6\u0026nbsp;%\u003C\/p\u003E\u003C\/td\u003E\u003C\/tr\u003E\u003Ctr\u003E\u003Ctd valign=\u0022top\u0022\u003E\u003Cp\u003EBanlieues\u003C\/p\u003E\u003C\/td\u003E\u003Ctd valign=\u0022top\u0022\u003E\u003Cp align=\u0022center\u0022\u003E+ 0,2\u0026nbsp;%\u003C\/p\u003E\u003C\/td\u003E\u003Ctd valign=\u0022top\u0022\u003E\u003Cp align=\u0022center\u0022\u003E+ 1,5\u0026nbsp;%\u003C\/p\u003E\u003C\/td\u003E\u003C\/tr\u003E\u003Ctr\u003E\u003Ctd valign=\u0022top\u0022\u003E\u003Cul\u003E\u003Cli\u003EAgglo \u0026lt; 10 000 hab. et rural\u003C\/li\u003E\u003C\/ul\u003E\u003C\/td\u003E\u003Ctd\u003E\u003Cp align=\u0022center\u0022\u003E+ 0,3\u0026nbsp;%\u003C\/p\u003E\u003C\/td\u003E\u003Ctd\u003E\u003Cp align=\u0022center\u0022\u003E+ 3,0\u0026nbsp;%\u003C\/p\u003E\u003C\/td\u003E\u003C\/tr\u003E\u003Ctr\u003E\u003Ctd valign=\u0022top\u0022\u003E\u003Cul\u003E\u003Cli\u003EAuvergne-Rh\u00f4ne-Alpes\u003C\/li\u003E\u003C\/ul\u003E\u003C\/td\u003E\u003Ctd valign=\u0022top\u0022\u003E\u003Cp align=\u0022center\u0022\u003E+ 0,3\u0026nbsp;%\u003C\/p\u003E\u003C\/td\u003E\u003Ctd valign=\u0022top\u0022\u003E\u003Cp align=\u0022center\u0022\u003E+ 1,7\u0026nbsp;%\u003C\/p\u003E\u003C\/td\u003E\u003C\/tr\u003E\u003Ctr\u003E\u003Ctd valign=\u0022top\u0022\u003E\u003Cp\u003ELyon\u003C\/p\u003E\u003C\/td\u003E\u003Ctd valign=\u0022top\u0022\u003E\u003Cp align=\u0022center\u0022\u003E+ 0,3\u0026nbsp;%\u003C\/p\u003E\u003C\/td\u003E\u003Ctd valign=\u0022top\u0022\u003E\u003Cp align=\u0022center\u0022\u003E+ 1,3\u0026nbsp;%\u003C\/p\u003E\u003C\/td\u003E\u003C\/tr\u003E\u003Ctr\u003E\u003Ctd valign=\u0022top\u0022\u003E\u003Cul\u003E\u003Cli\u003EHauts-de-France\u003C\/li\u003E\u003C\/ul\u003E\u003C\/td\u003E\u003Ctd valign=\u0022top\u0022\u003E\u003Cp align=\u0022center\u0022\u003E- 0,8\u0026nbsp;%\u003C\/p\u003E\u003C\/td\u003E\u003Ctd valign=\u0022top\u0022\u003E\u003Cp align=\u0022center\u0022\u003E+ 0,6\u0026nbsp;%\u003C\/p\u003E\u003C\/td\u003E\u003C\/tr\u003E\u003Ctr\u003E\u003Ctd valign=\u0022top\u0022\u003E\u003Cul\u003E\u003Cli\u003EProvence-Alpes-C\u00f4te d\u2019Azur\u003C\/li\u003E\u003C\/ul\u003E\u003C\/td\u003E\u003Ctd\u003E\u003Cp align=\u0022center\u0022\u003E+ 0,7\u0026nbsp;%\u003C\/p\u003E\u003C\/td\u003E\u003Ctd\u003E\u003Cp align=\u0022center\u0022\u003E+ 2,2\u0026nbsp;%\u003C\/p\u003E\u003C\/td\u003E\u003C\/tr\u003E\u003Ctr\u003E\u003Ctd valign=\u0022top\u0022\u003E\u003Cp\u003EMarseille\u003C\/p\u003E\u003C\/td\u003E\u003Ctd\u003E\u003Cp align=\u0022center\u0022\u003E+ 1,3\u0026nbsp;%\u003C\/p\u003E\u003C\/td\u003E\u003Ctd valign=\u0022top\u0022\u003E\u003Cp align=\u0022center\u0022\u003E+ 3,5\u0026nbsp;%\u003C\/p\u003E\u003C\/td\u003E\u003C\/tr\u003E\u003Ctr\u003E\u003Ctd valign=\u0022top\u0022\u003E\u003Cp\u003E\u003Cstrong\u003EMaisons\u003C\/strong\u003E\u003C\/p\u003E\u003C\/td\u003E\u003Ctd valign=\u0022top\u0022\u003E\u003Cp align=\u0022center\u0022\u003E\u003Cstrong\u003E+ 0,5\u0026nbsp;%\u003C\/strong\u003E\u003C\/p\u003E\u003C\/td\u003E\u003Ctd valign=\u0022top\u0022\u003E\u003Cp align=\u0022center\u0022\u003E\u003Cstrong\u003E+ 0,8 %\u003C\/strong\u003E\u003C\/p\u003E\u003C\/td\u003E\u003C\/tr\u003E\u003Ctr\u003E\u003Ctd valign=\u0022top\u0022\u003E\u003Cp\u003E\u00cele-de-France\u003C\/p\u003E\u003C\/td\u003E\u003Ctd\u003E\u003Cp align=\u0022center\u0022\u003E- 0,2\u0026nbsp;%\u003C\/p\u003E\u003C\/td\u003E\u003Ctd valign=\u0022top\u0022\u003E\u003Cp align=\u0022center\u0022\u003E- 0,4\u0026nbsp;%\u003C\/p\u003E\u003C\/td\u003E\u003C\/tr\u003E\u003Ctr\u003E\u003Ctd valign=\u0022top\u0022\u003E\u003Cul\u003E\u003Cli\u003EPetite Couronne\u003C\/li\u003E\u003C\/ul\u003E\u003C\/td\u003E\u003Ctd\u003E\u003Cp align=\u0022center\u0022\u003E+ 0,3\u0026nbsp;%\u003C\/p\u003E\u003C\/td\u003E\u003Ctd valign=\u0022top\u0022\u003E\u003Cp align=\u0022center\u0022\u003E+ 0,0\u0026nbsp;%\u003C\/p\u003E\u003C\/td\u003E\u003C\/tr\u003E\u003Ctr\u003E\u003Ctd valign=\u0022top\u0022\u003E\u003Cul\u003E\u003Cli\u003EGrande Couronne\u003C\/li\u003E\u003C\/ul\u003E\u003C\/td\u003E\u003Ctd\u003E\u003Cp align=\u0022center\u0022\u003E- 0,5\u0026nbsp;%\u003C\/p\u003E\u003C\/td\u003E\u003Ctd valign=\u0022top\u0022\u003E\u003Cp align=\u0022center\u0022\u003E- 0,7\u0026nbsp;%\u003C\/p\u003E\u003C\/td\u003E\u003C\/tr\u003E\u003Ctr\u003E\u003Ctd valign=\u0022top\u0022\u003E\u003Cp\u003EProvince\u003C\/p\u003E\u003C\/td\u003E\u003Ctd\u003E\u003Cp align=\u0022center\u0022\u003E+ 0,6\u0026nbsp;%\u003C\/p\u003E\u003C\/td\u003E\u003Ctd valign=\u0022top\u0022\u003E\u003Cp align=\u0022center\u0022\u003E+ 1,0\u0026nbsp;%\u003C\/p\u003E\u003C\/td\u003E\u003C\/tr\u003E\u003Ctr\u003E\u003Ctd valign=\u0022top\u0022\u003E\u003Cul\u003E\u003Cli\u003EAuvergne-Rh\u00f4ne-Alpes\u003C\/li\u003E\u003C\/ul\u003E\u003C\/td\u003E\u003Ctd\u003E\u003Cp align=\u0022center\u0022\u003E+ 0,5\u0026nbsp;%\u003C\/p\u003E\u003C\/td\u003E\u003Ctd valign=\u0022top\u0022\u003E\u003Cp align=\u0022center\u0022\u003E+ 0,9\u0026nbsp;%\u003C\/p\u003E\u003C\/td\u003E\u003C\/tr\u003E\u003Ctr\u003E\u003Ctd valign=\u0022top\u0022\u003E\u003Cul\u003E\u003Cli\u003EHauts-de-France\u003C\/li\u003E\u003C\/ul\u003E\u003C\/td\u003E\u003Ctd valign=\u0022top\u0022\u003E\u003Cp align=\u0022center\u0022\u003E+ 0,5\u0026nbsp;%\u003C\/p\u003E\u003C\/td\u003E\u003Ctd valign=\u0022top\u0022\u003E\u003Cp align=\u0022center\u0022\u003E+ 1,8\u0026nbsp;%\u003C\/p\u003E\u003C\/td\u003E\u003C\/tr\u003E\u003Ctr\u003E\u003Ctd valign=\u0022top\u0022\u003E\u003Cp\u003ELille Agglom\u00e9ration\u003C\/p\u003E\u003C\/td\u003E\u003Ctd\u003E\u003Cp align=\u0022center\u0022\u003E- 0,8\u0026nbsp;%\u003C\/p\u003E\u003C\/td\u003E\u003Ctd valign=\u0022top\u0022\u003E\u003Cp align=\u0022center\u0022\u003E+ 0,7\u0026nbsp;%\u003C\/p\u003E\u003C\/td\u003E\u003C\/tr\u003E\u003Ctr\u003E\u003Ctd valign=\u0022top\u0022\u003E\u003Cul\u003E\u003Cli\u003EProvence-Alpes-C\u00f4te d\u2019Azur\u003C\/li\u003E\u003C\/ul\u003E\u003C\/td\u003E\u003Ctd\u003E\u003Cp align=\u0022center\u0022\u003E+ 0,7 %\u003C\/p\u003E\u003C\/td\u003E\u003Ctd\u003E\u003Cp align=\u0022center\u0022\u003E+ 1,5\u0026nbsp;%\u003C\/p\u003E\u003C\/td\u003E\u003C\/tr\u003E\u003C\/tbody\u003E\u003C\/table\u003E                                            \u003Cp\u003E\u003Cbr \/\u003E\u003Cstrong\u003ESource :\u003C\/strong\u003E\u003Cstrong\u003E\u00a0\u003C\/strong\u003E\u003C\/p\u003E\u003Cul\u003E\u003Cli\u003E\u003Ca href=\u0022https:\/\/www.insee.fr\/fr\/statistiques\/8745266\u0022 target=\u0022_blank\u0022\u003EIndices Notaires - Insee des prix des logements anciens \u2013 4e trimestre 2025\u003C\/a\u003E\u003C\/li\u003E\u003C\/ul\u003E\u003C\/div\u003E","annee":"2025","theme":" Indices, taux, bar\u00e8mes juridiques","activites":["Agent immobilier","Professionnels du droit et du chiffre","Promoteur \/ Lotisseur \/ Architecte \/ G\u00e9om\u00e8tre"],"image":"https:\/\/www.weblex.fr\/sites\/default\/files\/chiffres_clef\/Shutterstock_logementsimmanciensindice.jpg","created":"2026-03-03","modified":"2026-03-03"},{"url":"\/chiffres-cles\/indice-des-prix-des-travaux-d-entretien-amelioration-de-logements-annee-2025","id":26421,"title":"Indice des prix des travaux d\u2019entretien-am\u00e9lioration de logements - Ann\u00e9e 2025","content":"\u003Cdiv\u003E                                              \u003Cp\u003EIndice des prix des travaux d\u2019entretien-am\u00e9lioration de logements (IPEA) : r\u00e9f\u00e9rence 100 en 2021\u003C\/p\u003E\u003Ctable class=\u0022MsoTableGrid\u0022 width=\u0022604\u0022\u003E\u003Ctbody\u003E\u003Ctr\u003E\u003Ctd valign=\u0022top\u0022\u003E\u003Cp align=\u0022center\u0022\u003E\u003Cstrong\u003EP\u00e9riode\u003C\/strong\u003E\u003C\/p\u003E\u003C\/td\u003E\u003Ctd valign=\u0022top\u0022\u003E\u003Cp align=\u0022center\u0022\u003E\u003Cstrong\u003EIndice\u003C\/strong\u003E\u003C\/p\u003E\u003C\/td\u003E\u003Ctd valign=\u0022top\u0022\u003E\u003Cp align=\u0022center\u0022\u003E\u003Cstrong\u003EVariation trimestrielle\u003C\/strong\u003E\u003C\/p\u003E\u003C\/td\u003E\u003Ctd valign=\u0022top\u0022\u003E\u003Cp align=\u0022center\u0022\u003E\u003Cstrong\u003EVariation sur 1 an\u003C\/strong\u003E\u003C\/p\u003E\u003C\/td\u003E\u003C\/tr\u003E\u003Ctr\u003E\u003Ctd valign=\u0022top\u0022\u003E\u003Cp\u003E1er trimestre 2025\u003C\/p\u003E\u003C\/td\u003E\u003Ctd valign=\u0022top\u0022\u003E\u003Cp align=\u0022center\u0022\u003E117,6\u003C\/p\u003E\u003C\/td\u003E\u003Ctd valign=\u0022top\u0022\u003E\u003Cp align=\u0022center\u0022\u003E+ 0,4 %\u003C\/p\u003E\u003C\/td\u003E\u003Ctd valign=\u0022top\u0022\u003E\u003Cp align=\u0022center\u0022\u003E+ 0,8 %\u003C\/p\u003E\u003C\/td\u003E\u003C\/tr\u003E\u003Ctr\u003E\u003Ctd valign=\u0022top\u0022\u003E\u003Cp\u003E2e trimestre 2025\u003C\/p\u003E\u003C\/td\u003E\u003Ctd valign=\u0022top\u0022\u003E\u003Cp align=\u0022center\u0022\u003E118,2\u003C\/p\u003E\u003C\/td\u003E\u003Ctd valign=\u0022top\u0022\u003E\u003Cp align=\u0022center\u0022\u003E+ 0,4 %\u003C\/p\u003E\u003C\/td\u003E\u003Ctd valign=\u0022top\u0022\u003E\u003Cp align=\u0022center\u0022\u003E+ 1,2 %\u003C\/p\u003E\u003C\/td\u003E\u003C\/tr\u003E\u003Ctr\u003E\u003Ctd valign=\u0022top\u0022\u003E\u003Cp\u003E3e trimestre 2025\u003C\/p\u003E\u003C\/td\u003E\u003Ctd valign=\u0022top\u0022\u003E\u003Cp align=\u0022center\u0022\u003E118,0\u003C\/p\u003E\u003C\/td\u003E\u003Ctd valign=\u0022top\u0022\u003E\u003Cp align=\u0022center\u0022\u003E- 0,2 %\u003C\/p\u003E\u003C\/td\u003E\u003Ctd valign=\u0022top\u0022\u003E\u003Cp align=\u0022center\u0022\u003E+ 0,9 %\u003C\/p\u003E\u003C\/td\u003E\u003C\/tr\u003E\u003Ctr\u003E\u003Ctd valign=\u0022top\u0022\u003E\u003Cp\u003E4e trimestre 2025\u003C\/p\u003E\u003C\/td\u003E\u003Ctd valign=\u0022top\u0022\u003E\u003Cp align=\u0022center\u0022\u003E118,5\u003C\/p\u003E\u003C\/td\u003E\u003Ctd valign=\u0022top\u0022\u003E\u003Cp align=\u0022center\u0022\u003E+ 0,3 %\u003C\/p\u003E\u003C\/td\u003E\u003Ctd valign=\u0022top\u0022\u003E\u003Cp align=\u0022center\u0022\u003E+ 1,2 %\u003C\/p\u003E\u003C\/td\u003E\u003C\/tr\u003E\u003C\/tbody\u003E\u003C\/table\u003E                                            \u003Cp\u003E\u003Cbr \/\u003E\u003Cstrong\u003ESource :\u003C\/strong\u003E\u003Cstrong\u003E\u00a0\u003C\/strong\u003E\u003C\/p\u003E\u003Cul\u003E\u003Cli\u003E\u003Ca href=\u0022https:\/\/www.insee.fr\/fr\/statistiques\/8745190\u0022 target=\u0022_blank\u0022\u003EIndice des prix des travaux d\u2019entretien-am\u00e9lioration de logements \u2013 4e trimestre 2025\u003C\/a\u003E\u003C\/li\u003E\u003C\/ul\u003E\u003C\/div\u003E","annee":"2025","theme":" Indices, taux, bar\u00e8mes juridiques","activites":["Artisan","Promoteur \/ Lotisseur \/ Architecte \/ G\u00e9om\u00e8tre"],"image":"https:\/\/www.weblex.fr\/sites\/default\/files\/chiffres_clef\/Shutterstock_travauxameliorationindice.jpg","created":"2026-03-03","modified":"2026-03-20"},{"url":"\/chiffres-cles\/indice-des-prix-de-production-des-services-annee-2025","id":26420,"title":"Indice des prix de production des services - Ann\u00e9e 2025","content":"\u003Cdiv\u003E                                              \u003Ch2 align=\u0022center\u0022\u003EIndice des prix de production des services (r\u00e9f\u00e9rence 100 en 2021)\u003C\/h2\u003E\u003Ctable class=\u0022MsoTableGrid\u0022\u003E\u003Ctbody\u003E\u003Ctr\u003E\u003Ctd valign=\u0022top\u0022\u003E\u003Cp align=\u0022center\u0022\u003E\u003Cstrong\u003EP\u00e9riode\u003C\/strong\u003E\u003C\/p\u003E\u003C\/td\u003E\u003Ctd valign=\u0022top\u0022\u003E\u003Cp align=\u0022center\u0022\u003E\u003Cstrong\u003EIndice\u003C\/strong\u003E\u003C\/p\u003E\u003C\/td\u003E\u003Ctd valign=\u0022top\u0022\u003E\u003Cp align=\u0022center\u0022\u003E\u003Cstrong\u003EVariation trimestrielle\u003C\/strong\u003E\u003C\/p\u003E\u003C\/td\u003E\u003Ctd valign=\u0022top\u0022\u003E\u003Cp align=\u0022center\u0022\u003E\u003Cstrong\u003EVariation annuelle\u003C\/strong\u003E\u003C\/p\u003E\u003C\/td\u003E\u003C\/tr\u003E\u003Ctr\u003E\u003Ctd valign=\u0022top\u0022\u003E\u003Cp\u003E1er trimestre 2025\u003C\/p\u003E\u003C\/td\u003E\u003Ctd valign=\u0022top\u0022\u003E\u003Cp align=\u0022center\u0022\u003E109,1\u003C\/p\u003E\u003C\/td\u003E\u003Ctd valign=\u0022top\u0022\u003E\u003Cp align=\u0022center\u0022\u003E- 0,1 %\u003C\/p\u003E\u003C\/td\u003E\u003Ctd valign=\u0022top\u0022\u003E\u003Cp align=\u0022center\u0022\u003E+ 1,6 %\u003C\/p\u003E\u003C\/td\u003E\u003C\/tr\u003E\u003Ctr\u003E\u003Ctd valign=\u0022top\u0022\u003E\u003Cp\u003E2e trimestre 2025\u003C\/p\u003E\u003C\/td\u003E\u003Ctd valign=\u0022top\u0022\u003E\u003Cp align=\u0022center\u0022\u003E110,2\u003C\/p\u003E\u003C\/td\u003E\u003Ctd valign=\u0022top\u0022\u003E\u003Cp align=\u0022center\u0022\u003E+ 0,8 %\u003C\/p\u003E\u003C\/td\u003E\u003Ctd valign=\u0022top\u0022\u003E\u003Cp align=\u0022center\u0022\u003E+ 1,0 %\u003C\/p\u003E\u003C\/td\u003E\u003C\/tr\u003E\u003Ctr\u003E\u003Ctd valign=\u0022top\u0022\u003E\u003Cp\u003E3e trimestre 2025\u003C\/p\u003E\u003C\/td\u003E\u003Ctd valign=\u0022top\u0022\u003E\u003Cp align=\u0022center\u0022\u003E110,5\u003C\/p\u003E\u003C\/td\u003E\u003Ctd valign=\u0022top\u0022\u003E\u003Cp align=\u0022center\u0022\u003E+ 0,3 %\u003C\/p\u003E\u003C\/td\u003E\u003Ctd valign=\u0022top\u0022\u003E\u003Cp align=\u0022center\u0022\u003E+ 0,5 %\u003C\/p\u003E\u003C\/td\u003E\u003C\/tr\u003E\u003Ctr\u003E\u003Ctd valign=\u0022top\u0022\u003E\u003Cp\u003E4e trimestre 2025\u003C\/p\u003E\u003C\/td\u003E\u003Ctd valign=\u0022top\u0022\u003E\u003Cp align=\u0022center\u0022\u003E110,2\u003C\/p\u003E\u003C\/td\u003E\u003Ctd valign=\u0022top\u0022\u003E\u003Cp align=\u0022center\u0022\u003E- 0,3 %\u003C\/p\u003E\u003C\/td\u003E\u003Ctd valign=\u0022top\u0022\u003E\u003Cp align=\u0022center\u0022\u003E+ 0,7 %\u003C\/p\u003E\u003C\/td\u003E\u003C\/tr\u003E\u003C\/tbody\u003E\u003C\/table\u003E                                            \u003Cp\u003E\u003Cbr \/\u003E\u003Cstrong\u003ESource :\u003C\/strong\u003E\u003Cstrong\u003E\u00a0\u003C\/strong\u003E\u003C\/p\u003E\u003Cul\u003E\u003Cli\u003E\u003Ca href=\u0022https:\/\/www.insee.fr\/fr\/statistiques\/8885034\u0022 target=\u0022_blank\u0022\u003EIndice des prix de production des services \u2013 4e trimestre 2025\u003C\/a\u003E\u003C\/li\u003E\u003C\/ul\u003E\u003C\/div\u003E","annee":"2025","theme":" Indices, taux, bar\u00e8mes juridiques","activites":["Prestataire de services"],"image":"https:\/\/www.weblex.fr\/sites\/default\/files\/chiffres_clef\/Shutterstock_prdoservicesind.jpg","created":"2026-03-03","modified":"2026-03-20"},{"url":"\/chiffres-cles\/indice-de-la-production-des-transports-terrestres-annee-2025","id":26218,"title":"Indice de la production des transports terrestres - Ann\u00e9e 2025","content":"\u003Cdiv\u003E                                              \u003Cp\u003EIndice\u0026nbsp;de la production\u0026nbsp;des transports terrestres (r\u00e9f\u00e9rence 100 en 2021)\u003C\/p\u003E\u003Ctable class=\u0022MsoTableGrid\u0022 width=\u0022604\u0022\u003E\u003Ctbody\u003E\u003Ctr\u003E\u003Ctd valign=\u0022top\u0022\u003E\u003Cp align=\u0022center\u0022\u003E\u003Cstrong\u003EP\u00e9riode\u003C\/strong\u003E\u003C\/p\u003E\u003C\/td\u003E\u003Ctd valign=\u0022top\u0022\u003E\u003Cp align=\u0022center\u0022\u003E\u003Cstrong\u003EIndice\u003C\/strong\u003E\u003C\/p\u003E\u003C\/td\u003E\u003Ctd valign=\u0022top\u0022\u003E\u003Cp align=\u0022center\u0022\u003E\u003Cstrong\u003EVariation mensuelle\u003C\/strong\u003E\u003C\/p\u003E\u003C\/td\u003E\u003C\/tr\u003E\u003Ctr\u003E\u003Ctd valign=\u0022top\u0022\u003E\u003Cp\u003EJanvier 2025\u003C\/p\u003E\u003C\/td\u003E\u003Ctd valign=\u0022top\u0022\u003E\u003Cp align=\u0022center\u0022\u003E110,6\u003C\/p\u003E\u003C\/td\u003E\u003Ctd valign=\u0022top\u0022\u003E\u003Cp align=\u0022center\u0022\u003E+ 0,8 %\u003C\/p\u003E\u003C\/td\u003E\u003C\/tr\u003E\u003Ctr\u003E\u003Ctd valign=\u0022top\u0022\u003E\u003Cp\u003EF\u00e9vrier 2025\u003C\/p\u003E\u003C\/td\u003E\u003Ctd valign=\u0022top\u0022\u003E\u003Cp align=\u0022center\u0022\u003E110,6\u003C\/p\u003E\u003C\/td\u003E\u003Ctd valign=\u0022top\u0022\u003E\u003Cp align=\u0022center\u0022\u003E+ 0,0 %\u003C\/p\u003E\u003C\/td\u003E\u003C\/tr\u003E\u003Ctr\u003E\u003Ctd valign=\u0022top\u0022\u003E\u003Cp\u003EMars 2025\u003C\/p\u003E\u003C\/td\u003E\u003Ctd valign=\u0022top\u0022\u003E\u003Cp align=\u0022center\u0022\u003E113,8\u003C\/p\u003E\u003C\/td\u003E\u003Ctd valign=\u0022top\u0022\u003E\u003Cp align=\u0022center\u0022\u003E+ 2,6 %\u003C\/p\u003E\u003C\/td\u003E\u003C\/tr\u003E\u003Ctr\u003E\u003Ctd valign=\u0022top\u0022\u003E\u003Cp\u003EAvril 2025\u003C\/p\u003E\u003C\/td\u003E\u003Ctd valign=\u0022top\u0022\u003E\u003Cp align=\u0022center\u0022\u003E111,1\u003C\/p\u003E\u003C\/td\u003E\u003Ctd valign=\u0022top\u0022\u003E\u003Cp align=\u0022center\u0022\u003E- 2,1 %\u003C\/p\u003E\u003C\/td\u003E\u003C\/tr\u003E\u003Ctr\u003E\u003Ctd valign=\u0022top\u0022\u003E\u003Cp\u003EMai 2025\u003C\/p\u003E\u003C\/td\u003E\u003Ctd valign=\u0022top\u0022\u003E\u003Cp align=\u0022center\u0022\u003E110,1\u003C\/p\u003E\u003C\/td\u003E\u003Ctd valign=\u0022top\u0022\u003E\u003Cp align=\u0022center\u0022\u003E- 0,9 %\u003C\/p\u003E\u003C\/td\u003E\u003C\/tr\u003E\u003Ctr\u003E\u003Ctd valign=\u0022top\u0022\u003E\u003Cp\u003EJuin 2025\u003C\/p\u003E\u003C\/td\u003E\u003Ctd valign=\u0022top\u0022\u003E\u003Cp align=\u0022center\u0022\u003E112,8\u003C\/p\u003E\u003C\/td\u003E\u003Ctd valign=\u0022top\u0022\u003E\u003Cp align=\u0022center\u0022\u003E+ 2,0 %\u003C\/p\u003E\u003C\/td\u003E\u003C\/tr\u003E\u003Ctr\u003E\u003Ctd valign=\u0022top\u0022\u003E\u003Cp\u003EJuillet 2025\u003C\/p\u003E\u003C\/td\u003E\u003Ctd valign=\u0022top\u0022\u003E\u003Cp align=\u0022center\u0022\u003E110,8\u003C\/p\u003E\u003C\/td\u003E\u003Ctd valign=\u0022top\u0022\u003E\u003Cp align=\u0022center\u0022\u003E- 1,3 %\u003C\/p\u003E\u003C\/td\u003E\u003C\/tr\u003E\u003Ctr\u003E\u003Ctd valign=\u0022top\u0022\u003E\u003Cp\u003EAo\u00fbt 2025\u003C\/p\u003E\u003C\/td\u003E\u003Ctd valign=\u0022top\u0022\u003E\u003Cp align=\u0022center\u0022\u003E112,4\u003C\/p\u003E\u003C\/td\u003E\u003Ctd valign=\u0022top\u0022\u003E\u003Cp align=\u0022center\u0022\u003E+ 1,2 %\u003C\/p\u003E\u003C\/td\u003E\u003C\/tr\u003E\u003Ctr\u003E\u003Ctd valign=\u0022top\u0022\u003E\u003Cp\u003ESeptembre 2025\u003C\/p\u003E\u003C\/td\u003E\u003Ctd valign=\u0022top\u0022\u003E\u003Cp align=\u0022center\u0022\u003E114,0\u003C\/p\u003E\u003C\/td\u003E\u003Ctd valign=\u0022top\u0022\u003E\u003Cp align=\u0022center\u0022\u003E+ 1,1 %\u003C\/p\u003E\u003C\/td\u003E\u003C\/tr\u003E\u003Ctr\u003E\u003Ctd valign=\u0022top\u0022\u003E\u003Cp\u003EOctobre 2025\u003C\/p\u003E\u003C\/td\u003E\u003Ctd valign=\u0022top\u0022\u003E\u003Cp align=\u0022center\u0022\u003E112,8\u003C\/p\u003E\u003C\/td\u003E\u003Ctd valign=\u0022top\u0022\u003E\u003Cp align=\u0022center\u0022\u003E- 1,7 %\u003C\/p\u003E\u003C\/td\u003E\u003C\/tr\u003E\u003Ctr\u003E\u003Ctd valign=\u0022top\u0022\u003E\u003Cp\u003ENovembre 2025\u003C\/p\u003E\u003C\/td\u003E\u003Ctd valign=\u0022top\u0022\u003E\u003Cp align=\u0022center\u0022\u003E111,0\u003C\/p\u003E\u003C\/td\u003E\u003Ctd valign=\u0022top\u0022\u003E\u003Cp align=\u0022center\u0022\u003E- 1,6 %\u003C\/p\u003E\u003C\/td\u003E\u003C\/tr\u003E\u003Ctr\u003E\u003Ctd valign=\u0022top\u0022\u003E\u003Cp\u003ED\u00e9cembre 2025\u003C\/p\u003E\u003C\/td\u003E\u003Ctd valign=\u0022top\u0022\u003E\u003Cp align=\u0022center\u0022\u003E113,0\u003C\/p\u003E\u003C\/td\u003E\u003Ctd valign=\u0022top\u0022\u003E\u003Cp align=\u0022center\u0022\u003E+ 2,7 %\u003C\/p\u003E\u003C\/td\u003E\u003C\/tr\u003E\u003C\/tbody\u003E\u003C\/table\u003E                                            \u003Cp\u003E\u003Cbr \/\u003E\u003Cstrong\u003ESource :\u003C\/strong\u003E\u003Cstrong\u003E\u00a0\u003C\/strong\u003E\u003C\/p\u003E\u003Cul\u003E\u003Cli\u003E\u003Ca href=\u0022https:\/\/www.insee.fr\/fr\/statistiques\/8884987\u0022 target=\u0022_blank\u0022\u003EIndice de production dans les services \u2013 D\u00e9cembre 2025 (insee.fr)\u003C\/a\u003E\u003C\/li\u003E\u003C\/ul\u003E\u003C\/div\u003E","annee":"2025","theme":" Indices, taux, bar\u00e8mes juridiques","activites":["Transport"],"image":"https:\/\/www.weblex.fr\/sites\/default\/files\/chiffres_clef\/Shutterstock_productionservicestransportsterr.jpg","created":"2026-03-02","modified":"2026-03-31"},{"url":"\/chiffres-cles\/taux-moyen-de-rendement-des-obligations-des-societes-privees-tmop-annee-2025","id":27882,"title":"Taux moyen de rendement des obligations des soci\u00e9t\u00e9s priv\u00e9es (TMOP) - Ann\u00e9e 2025","content":"\u003Cdiv\u003E                                              \u003Ctable class=\u0022MsoTableGrid\u0022\u003E\u003Ctbody\u003E\u003Ctr\u003E\u003Ctd valign=\u0022top\u0022\u003E\u003Cp align=\u0022center\u0022\u003E\u003Cstrong\u003EANN\u00c9E\u003C\/strong\u003E\u003C\/p\u003E\u003C\/td\u003E\u003Ctd valign=\u0022top\u0022\u003E\u003Cp align=\u0022center\u0022\u003E\u003Cstrong\u003ETAUX\u003C\/strong\u003E\u003C\/p\u003E\u003C\/td\u003E\u003C\/tr\u003E\u003Ctr\u003E\u003Ctd valign=\u0022top\u0022\u003E\u003Cp align=\u0022center\u0022\u003E2d semestre 2025\u003C\/p\u003E\u003C\/td\u003E\u003Ctd valign=\u0022top\u0022\u003E\u003Cp align=\u0022center\u0022\u003E3,705 %\u003C\/p\u003E\u003C\/td\u003E\u003C\/tr\u003E\u003Ctr\u003E\u003Ctd valign=\u0022top\u0022\u003E\u003Cp align=\u0022center\u0022\u003E1er semestre 2025\u003C\/p\u003E\u003C\/td\u003E\u003Ctd valign=\u0022top\u0022\u003E\u003Cp align=\u0022center\u0022\u003E3,525\u0026nbsp;%\u003C\/p\u003E\u003C\/td\u003E\u003C\/tr\u003E\u003Ctr\u003E\u003Ctd valign=\u0022top\u0022\u003E\u003Cp align=\u0022center\u0022\u003E2d semestre 2024\u003C\/p\u003E\u003C\/td\u003E\u003Ctd valign=\u0022top\u0022\u003E\u003Cp align=\u0022center\u0022\u003E3,26\u0026nbsp;%\u003C\/p\u003E\u003C\/td\u003E\u003C\/tr\u003E\u003Ctr\u003E\u003Ctd valign=\u0022top\u0022\u003E\u003Cp align=\u0022center\u0022\u003E1er\u0026nbsp;semestre 2024\u003C\/p\u003E\u003C\/td\u003E\u003Ctd valign=\u0022top\u0022\u003E\u003Cp align=\u0022center\u0022\u003E3,18\u0026nbsp;%\u003C\/p\u003E\u003C\/td\u003E\u003C\/tr\u003E\u003Ctr\u003E\u003Ctd valign=\u0022top\u0022\u003E\u003Cp align=\u0022center\u0022\u003E2d semestre 2023\u003C\/p\u003E\u003C\/td\u003E\u003Ctd valign=\u0022top\u0022\u003E\u003Cp align=\u0022center\u0022\u003E3,37 %\u003C\/p\u003E\u003C\/td\u003E\u003C\/tr\u003E\u003Ctr\u003E\u003Ctd valign=\u0022top\u0022\u003E\u003Cp align=\u0022center\u0022\u003E1er semestre 2023\u003C\/p\u003E\u003C\/td\u003E\u003Ctd valign=\u0022top\u0022\u003E\u003Cp align=\u0022center\u0022\u003E3,14 %\u003C\/p\u003E\u003C\/td\u003E\u003C\/tr\u003E\u003Ctr\u003E\u003Ctd valign=\u0022top\u0022\u003E\u003Cp align=\u0022center\u0022\u003E2d semestre 2022\u003C\/p\u003E\u003C\/td\u003E\u003Ctd valign=\u0022top\u0022\u003E\u003Cp align=\u0022center\u0022\u003E2,51 %\u003C\/p\u003E\u003C\/td\u003E\u003C\/tr\u003E\u003Ctr\u003E\u003Ctd valign=\u0022top\u0022\u003E\u003Cp align=\u0022center\u0022\u003E1er semestre 2022\u003C\/p\u003E\u003C\/td\u003E\u003Ctd valign=\u0022top\u0022\u003E\u003Cp align=\u0022center\u0022\u003E1,325 %\u003C\/p\u003E\u003C\/td\u003E\u003C\/tr\u003E\u003Ctr\u003E\u003Ctd valign=\u0022top\u0022\u003E\u003Cp align=\u0022center\u0022\u003E2d semestre 2021\u003C\/p\u003E\u003C\/td\u003E\u003Ctd valign=\u0022top\u0022\u003E\u003Cp align=\u0022center\u0022\u003E0,27 %\u003C\/p\u003E\u003C\/td\u003E\u003C\/tr\u003E\u003Ctr\u003E\u003Ctd valign=\u0022top\u0022\u003E\u003Cp align=\u0022center\u0022\u003E1er semestre 2021\u003C\/p\u003E\u003C\/td\u003E\u003Ctd valign=\u0022top\u0022\u003E\u003Cp align=\u0022center\u0022\u003E0,2 %\u003C\/p\u003E\u003C\/td\u003E\u003C\/tr\u003E\u003Ctr\u003E\u003Ctd valign=\u0022top\u0022\u003E\u003Cp align=\u0022center\u0022\u003E2d semestre 2020\u003C\/p\u003E\u003C\/td\u003E\u003Ctd valign=\u0022top\u0022\u003E\u003Cp align=\u0022center\u0022\u003E- 0,02 %\u003C\/p\u003E\u003C\/td\u003E\u003C\/tr\u003E\u003Ctr\u003E\u003Ctd valign=\u0022top\u0022\u003E\u003Cp align=\u0022center\u0022\u003E1er semestre 2020\u003C\/p\u003E\u003C\/td\u003E\u003Ctd valign=\u0022top\u0022\u003E\u003Cp align=\u0022center\u0022\u003E0,20 %\u003C\/p\u003E\u003C\/td\u003E\u003C\/tr\u003E\u003Ctr\u003E\u003Ctd valign=\u0022top\u0022\u003E\u003Cp align=\u0022center\u0022\u003E2d semestre 2019\u003C\/p\u003E\u003C\/td\u003E\u003Ctd valign=\u0022top\u0022\u003E\u003Cp align=\u0022center\u0022\u003E0,12 %\u003C\/p\u003E\u003C\/td\u003E\u003C\/tr\u003E\u003Ctr\u003E\u003Ctd valign=\u0022top\u0022\u003E\u003Cp align=\u0022center\u0022\u003E1er semestre 2019\u003C\/p\u003E\u003C\/td\u003E\u003Ctd valign=\u0022top\u0022\u003E\u003Cp align=\u0022center\u0022\u003E0,62 %\u003C\/p\u003E\u003C\/td\u003E\u003C\/tr\u003E\u003Ctr\u003E\u003Ctd valign=\u0022top\u0022\u003E\u003Cp align=\u0022center\u0022\u003E2d semestre 2018\u003C\/p\u003E\u003C\/td\u003E\u003Ctd valign=\u0022top\u0022\u003E\u003Cp align=\u0022center\u0022\u003E0,97 %\u003C\/p\u003E\u003C\/td\u003E\u003C\/tr\u003E\u003Ctr\u003E\u003Ctd valign=\u0022top\u0022\u003E\u003Cp align=\u0022center\u0022\u003E1er semestre 2018\u003C\/p\u003E\u003C\/td\u003E\u003Ctd valign=\u0022top\u0022\u003E\u003Cp align=\u0022center\u0022\u003E1,04 %\u003C\/p\u003E\u003C\/td\u003E\u003C\/tr\u003E\u003Ctr\u003E\u003Ctd valign=\u0022top\u0022\u003E\u003Cp align=\u0022center\u0022\u003E2d semestre 2017\u003C\/p\u003E\u003C\/td\u003E\u003Ctd valign=\u0022top\u0022\u003E\u003Cp align=\u0022center\u0022\u003E0,95 %\u003C\/p\u003E\u003C\/td\u003E\u003C\/tr\u003E\u003Ctr\u003E\u003Ctd valign=\u0022top\u0022\u003E\u003Cp align=\u0022center\u0022\u003E1er semestre 2017\u003C\/p\u003E\u003C\/td\u003E\u003Ctd valign=\u0022top\u0022\u003E\u003Cp align=\u0022center\u0022\u003E1,15 %\u003C\/p\u003E\u003C\/td\u003E\u003C\/tr\u003E\u003Ctr\u003E\u003Ctd valign=\u0022top\u0022\u003E\u003Cp align=\u0022center\u0022\u003E2d semestre 2016\u003C\/p\u003E\u003C\/td\u003E\u003Ctd valign=\u0022top\u0022\u003E\u003Cp align=\u0022center\u0022\u003E0,63 %\u003C\/p\u003E\u003C\/td\u003E\u003C\/tr\u003E\u003Ctr\u003E\u003Ctd valign=\u0022top\u0022\u003E\u003Cp align=\u0022center\u0022\u003E1er semestre 2016\u003C\/p\u003E\u003C\/td\u003E\u003Ctd valign=\u0022top\u0022\u003E\u003Cp align=\u0022center\u0022\u003E0,80 %\u003C\/p\u003E\u003C\/td\u003E\u003C\/tr\u003E\u003Ctr\u003E\u003Ctd valign=\u0022top\u0022\u003E\u003Cp align=\u0022center\u0022\u003E2d semestre 2015\u003C\/p\u003E\u003C\/td\u003E\u003Ctd valign=\u0022top\u0022\u003E\u003Cp align=\u0022center\u0022\u003E1,19 %\u003C\/p\u003E\u003C\/td\u003E\u003C\/tr\u003E\u003Ctr\u003E\u003Ctd valign=\u0022top\u0022\u003E\u003Cp align=\u0022center\u0022\u003E1er semestre 2015\u003C\/p\u003E\u003C\/td\u003E\u003Ctd valign=\u0022top\u0022\u003E\u003Cp align=\u0022center\u0022\u003E0,96 %\u003C\/p\u003E\u003C\/td\u003E\u003C\/tr\u003E\u003Ctr\u003E\u003Ctd valign=\u0022top\u0022\u003E\u003Cp align=\u0022center\u0022\u003E2d semestre 2014\u003C\/p\u003E\u003C\/td\u003E\u003Ctd valign=\u0022top\u0022\u003E\u003Cp align=\u0022center\u0022\u003E1,50 %\u003C\/p\u003E\u003C\/td\u003E\u003C\/tr\u003E\u003Ctr\u003E\u003Ctd valign=\u0022top\u0022\u003E\u003Cp align=\u0022center\u0022\u003E1er semestre 2014\u003C\/p\u003E\u003C\/td\u003E\u003Ctd valign=\u0022top\u0022\u003E\u003Cp align=\u0022center\u0022\u003E2,28 %\u003C\/p\u003E\u003C\/td\u003E\u003C\/tr\u003E\u003Ctr\u003E\u003Ctd valign=\u0022top\u0022\u003E\u003Cp align=\u0022center\u0022\u003E2d semestre 2013\u003C\/p\u003E\u003C\/td\u003E\u003Ctd valign=\u0022top\u0022\u003E\u003Cp align=\u0022center\u0022\u003E2,62 %\u003C\/p\u003E\u003C\/td\u003E\u003C\/tr\u003E\u003Ctr\u003E\u003Ctd valign=\u0022top\u0022\u003E\u003Cp align=\u0022center\u0022\u003E1er semestre 2013\u003C\/p\u003E\u003C\/td\u003E\u003Ctd valign=\u0022top\u0022\u003E\u003Cp align=\u0022center\u0022\u003E2,30 %\u003C\/p\u003E\u003C\/td\u003E\u003C\/tr\u003E\u003Ctr\u003E\u003Ctd valign=\u0022top\u0022\u003E\u003Cp align=\u0022center\u0022\u003E2d semestre 2012\u003C\/p\u003E\u003C\/td\u003E\u003Ctd valign=\u0022top\u0022\u003E\u003Cp align=\u0022center\u0022\u003E2,41 %\u003C\/p\u003E\u003C\/td\u003E\u003C\/tr\u003E\u003Ctr\u003E\u003Ctd valign=\u0022top\u0022\u003E\u003Cp align=\u0022center\u0022\u003E1er semestre 2012\u003C\/p\u003E\u003C\/td\u003E\u003Ctd valign=\u0022top\u0022\u003E\u003Cp align=\u0022center\u0022\u003E3,15 %\u003C\/p\u003E\u003C\/td\u003E\u003C\/tr\u003E\u003C\/tbody\u003E\u003C\/table\u003E\u003Cp\u003E\u0026nbsp;\u003C\/p\u003E\u003Cp\u003ELe taux moyen de rendement des obligations des soci\u00e9t\u00e9s priv\u00e9es sert notamment :\u003C\/p\u003E\u003Cul\u003E\u003Cli\u003Eau calcul de la r\u00e9mun\u00e9ration des accords de participation ;\u003C\/li\u003E\u003Cli\u003Eau calcul de l\u2019int\u00e9r\u00eat de retard d\u00fb par l\u2019employeur lorsqu\u2019il ne respecte pas le d\u00e9lai de versement imm\u00e9diat de la participation \u00e0 la demande du salari\u00e9 (au plus tard avant le 1er jour du 6e mois suivant la cl\u00f4ture de l\u2019exercice au titre duquel la participation est attribu\u00e9e) : dans ce cas, le versement est assorti d\u2019un int\u00e9r\u00eat de retard \u00e9gal \u00e0 1,33 fois le TMOP ;\u003C\/li\u003E\u003Cli\u003Eau calcul de la r\u00e9mun\u00e9ration des comptes courants bloqu\u00e9s d\u2019associ\u00e9s, qui ne peut \u00eatre inf\u00e9rieure au TMOP.\u003C\/li\u003E\u003C\/ul\u003E                                            \u003Cp\u003E\u003Cbr \/\u003E\u003Cstrong\u003ESource :\u003C\/strong\u003E\u003Cstrong\u003E\u00a0\u003C\/strong\u003E\u003C\/p\u003E\u003Cul\u003E\u003Cli\u003E\u003Ca href=\u0022https:\/\/www.legifrance.gouv.fr\/jorf\/id\/JORFTEXT000053381123?init=true\u0026amp;page=1\u0026amp;query=Avis+relatif+%C3%A0+la+fixation+du+taux+moyen+de+rendement+des+obligations+des+soci%C3%A9t%C3%A9s+priv%C3%A9es\u0026amp;searchField=ALL\u0026amp;tab_selection=all\u0022 target=\u0022_blank\u0022\u003EAvis relatif \u00e0 la fixation du taux moyen de rendement des obligations des soci\u00e9t\u00e9s priv\u00e9es (TMO)\u003C\/a\u003E\u003C\/li\u003E\u003C\/ul\u003E\u003C\/div\u003E","annee":"2025","theme":" Indices, taux, bar\u00e8mes juridiques","activites":["Tout secteur"],"image":"https:\/\/www.weblex.fr\/sites\/default\/files\/chiffres_clef\/Shutterstock_tmoptauxrendementtmop.jpg","created":"2026-03-02","modified":"2026-03-02"},{"url":"\/chiffres-cles\/indice-de-la-production-manufacturiere-annee-2025","id":26048,"title":"Indice de la production manufacturi\u00e8re - Ann\u00e9e 2025","content":"\u003Cdiv\u003E                                              \u003Cp\u003EIndice de la production manufacturi\u00e8re (r\u00e9f\u00e9rence 100 en 2021)\u003C\/p\u003E\u003Ctable class=\u0022MsoTableGrid\u0022\u003E\u003Ctbody\u003E\u003Ctr\u003E\u003Ctd\u003E\u003Cp align=\u0022center\u0022\u003E\u003Cstrong\u003EP\u00e9riode\u003C\/strong\u003E\u003C\/p\u003E\u003C\/td\u003E\u003Ctd\u003E\u003Cp align=\u0022center\u0022\u003E\u003Cstrong\u003EIndice\u003C\/strong\u003E\u003C\/p\u003E\u003C\/td\u003E\u003Ctd\u003E\u003Cp align=\u0022center\u0022\u003E\u003Cstrong\u003EVariation mensuelle\u003C\/strong\u003E\u003C\/p\u003E\u003C\/td\u003E\u003C\/tr\u003E\u003Ctr\u003E\u003Ctd valign=\u0022top\u0022\u003E\u003Cp\u003EJanvier 2025\u003C\/p\u003E\u003C\/td\u003E\u003Ctd valign=\u0022top\u0022\u003E\u003Cp align=\u0022center\u0022\u003E100,3\u003C\/p\u003E\u003C\/td\u003E\u003Ctd valign=\u0022top\u0022\u003E\u003Cp align=\u0022center\u0022\u003E- 0,7 %\u003C\/p\u003E\u003C\/td\u003E\u003C\/tr\u003E\u003Ctr\u003E\u003Ctd valign=\u0022top\u0022\u003E\u003Cp\u003EF\u00e9vrier 2025\u003C\/p\u003E\u003C\/td\u003E\u003Ctd valign=\u0022top\u0022\u003E\u003Cp align=\u0022center\u0022\u003E102,1\u003C\/p\u003E\u003C\/td\u003E\u003Ctd valign=\u0022top\u0022\u003E\u003Cp align=\u0022center\u0022\u003E+ 1,4\u0026nbsp;%\u003C\/p\u003E\u003C\/td\u003E\u003C\/tr\u003E\u003Ctr\u003E\u003Ctd valign=\u0022top\u0022\u003E\u003Cp\u003EMars 2025\u003C\/p\u003E\u003C\/td\u003E\u003Ctd valign=\u0022top\u0022\u003E\u003Cp align=\u0022center\u0022\u003E102,9\u003C\/p\u003E\u003C\/td\u003E\u003Ctd valign=\u0022top\u0022\u003E\u003Cp align=\u0022center\u0022\u003E+ 0,6\u0026nbsp;%\u003C\/p\u003E\u003C\/td\u003E\u003C\/tr\u003E\u003Ctr\u003E\u003Ctd valign=\u0022top\u0022\u003E\u003Cp\u003EAvril 2025\u003C\/p\u003E\u003C\/td\u003E\u003Ctd valign=\u0022top\u0022\u003E\u003Cp align=\u0022center\u0022\u003E102,3\u003C\/p\u003E\u003C\/td\u003E\u003Ctd valign=\u0022top\u0022\u003E\u003Cp align=\u0022center\u0022\u003E- 0,6\u0026nbsp;%\u003C\/p\u003E\u003C\/td\u003E\u003C\/tr\u003E\u003Ctr\u003E\u003Ctd valign=\u0022top\u0022\u003E\u003Cp\u003EMai 2025\u003C\/p\u003E\u003C\/td\u003E\u003Ctd valign=\u0022top\u0022\u003E\u003Cp align=\u0022center\u0022\u003E101,5\u003C\/p\u003E\u003C\/td\u003E\u003Ctd valign=\u0022top\u0022\u003E\u003Cp align=\u0022center\u0022\u003E- 1,0\u0026nbsp;%\u003C\/p\u003E\u003C\/td\u003E\u003C\/tr\u003E\u003Ctr\u003E\u003Ctd valign=\u0022top\u0022\u003E\u003Cp\u003EJuin 2025\u003C\/p\u003E\u003C\/td\u003E\u003Ctd\u003E\u003Cp align=\u0022center\u0022\u003E104,9\u003C\/p\u003E\u003C\/td\u003E\u003Ctd\u003E\u003Cp align=\u0022center\u0022\u003E+ 3,5\u0026nbsp;%\u003C\/p\u003E\u003C\/td\u003E\u003C\/tr\u003E\u003Ctr\u003E\u003Ctd valign=\u0022top\u0022\u003E\u003Cp\u003EJuillet 2025\u003C\/p\u003E\u003C\/td\u003E\u003Ctd\u003E\u003Cp align=\u0022center\u0022\u003E103,3\u003C\/p\u003E\u003C\/td\u003E\u003Ctd\u003E\u003Cp align=\u0022center\u0022\u003E- 1,7\u0026nbsp;%\u003C\/p\u003E\u003C\/td\u003E\u003C\/tr\u003E\u003Ctr\u003E\u003Ctd valign=\u0022top\u0022\u003E\u003Cp\u003EAo\u00fbt 2025\u003C\/p\u003E\u003C\/td\u003E\u003Ctd\u003E\u003Cp align=\u0022center\u0022\u003E103,2\u003C\/p\u003E\u003C\/td\u003E\u003Ctd\u003E\u003Cp align=\u0022center\u0022\u003E- 0,7\u0026nbsp;%\u003C\/p\u003E\u003C\/td\u003E\u003C\/tr\u003E\u003Ctr\u003E\u003Ctd valign=\u0022top\u0022\u003E\u003Cp\u003ESeptembre 2025\u003C\/p\u003E\u003C\/td\u003E\u003Ctd\u003E\u003Cp align=\u0022center\u0022\u003E103,8\u003C\/p\u003E\u003C\/td\u003E\u003Ctd\u003E\u003Cp align=\u0022center\u0022\u003E+ 0,9\u0026nbsp;%\u003C\/p\u003E\u003C\/td\u003E\u003C\/tr\u003E\u003Ctr\u003E\u003Ctd valign=\u0022top\u0022\u003E\u003Cp\u003EOctobre 2025\u003C\/p\u003E\u003C\/td\u003E\u003Ctd\u003E\u003Cp align=\u0022center\u0022\u003E103,7\u003C\/p\u003E\u003C\/td\u003E\u003Ctd\u003E\u003Cp align=\u0022center\u0022\u003E- 0,1\u0026nbsp;%\u003C\/p\u003E\u003C\/td\u003E\u003C\/tr\u003E\u003Ctr\u003E\u003Ctd valign=\u0022top\u0022\u003E\u003Cp\u003ENovembre 2025\u003C\/p\u003E\u003C\/td\u003E\u003Ctd\u003E\u003Cp align=\u0022center\u0022\u003E104,1\u003C\/p\u003E\u003C\/td\u003E\u003Ctd\u003E\u003Cp align=\u0022center\u0022\u003E+ 0,3\u0026nbsp;%\u003C\/p\u003E\u003C\/td\u003E\u003C\/tr\u003E\u003Ctr\u003E\u003Ctd valign=\u0022top\u0022\u003E\u003Cp\u003ED\u00e9cembre 2025\u003C\/p\u003E\u003C\/td\u003E\u003Ctd valign=\u0022top\u0022\u003E\u003Cp align=\u0022center\u0022\u003E103,4\u003C\/p\u003E\u003C\/td\u003E\u003Ctd valign=\u0022top\u0022\u003E\u003Cp align=\u0022center\u0022\u003E- 0,8\u0026nbsp;%\u003C\/p\u003E\u003C\/td\u003E\u003C\/tr\u003E\u003C\/tbody\u003E\u003C\/table\u003E                                            \u003Cp\u003E\u003Cbr \/\u003E\u003Cstrong\u003ESource :\u003C\/strong\u003E\u003Cstrong\u003E\u00a0\u003C\/strong\u003E\u003C\/p\u003E\u003Cul\u003E\u003Cli\u003E\u003Ca href=\u0022https:\/\/www.insee.fr\/fr\/statistiques\/8734440\u0022 target=\u0022_blank\u0022 rel=\u0022noopener\u0022\u003EIndice de la production industrielle (IPI) \u2013 D\u00e9cembre 2025\u0026nbsp;(insee.fr)\u003C\/a\u003E\u003C\/li\u003E\u003C\/ul\u003E\u003C\/div\u003E","annee":"2025","theme":" Indices, taux, bar\u00e8mes juridiques","activites":["Industrie"],"image":"https:\/\/www.weblex.fr\/sites\/default\/files\/chiffres_clef\/Shutterstock_indmanufacturiere.jpg","created":"2026-03-02","modified":"2026-04-07"},{"url":"\/chiffres-cles\/indice-de-la-production-dans-l-edition-annee-2025","id":26284,"title":"Indice de la production dans l\u2019\u00e9dition - Ann\u00e9e 2025","content":"\u003Cdiv\u003E                                              \u003Cp\u003EIndice de la production dans l\u2019\u00e9dition (r\u00e9f\u00e9rence 100 en 2021)\u003C\/p\u003E\u003Cp\u003E\u0026nbsp;\u003C\/p\u003E\u003Ctable class=\u0022MsoTableGrid\u0022\u003E\u003Ctbody\u003E\u003Ctr\u003E\u003Ctd valign=\u0022top\u0022\u003E\u003Cp align=\u0022center\u0022\u003E\u003Cstrong\u003EP\u00e9riode\u003C\/strong\u003E\u003C\/p\u003E\u003C\/td\u003E\u003Ctd valign=\u0022top\u0022\u003E\u003Cp align=\u0022center\u0022\u003E\u003Cstrong\u003EIndice\u003C\/strong\u003E\u003C\/p\u003E\u003C\/td\u003E\u003Ctd valign=\u0022top\u0022\u003E\u003Cp align=\u0022center\u0022\u003E\u003Cstrong\u003EVariation mensuelle\u003C\/strong\u003E\u003C\/p\u003E\u003C\/td\u003E\u003C\/tr\u003E\u003Ctr\u003E\u003Ctd valign=\u0022top\u0022\u003E\u003Cp\u003EJanvier 2025\u003C\/p\u003E\u003C\/td\u003E\u003Ctd valign=\u0022top\u0022\u003E\u003Cp align=\u0022center\u0022\u003E111,2\u0026nbsp;\u003C\/p\u003E\u003C\/td\u003E\u003Ctd valign=\u0022top\u0022\u003E\u003Cp align=\u0022center\u0022\u003E+ 3,0 %\u0026nbsp;\u003C\/p\u003E\u003C\/td\u003E\u003C\/tr\u003E\u003Ctr\u003E\u003Ctd valign=\u0022top\u0022\u003E\u003Cp\u003EF\u00e9vrier 2025\u003C\/p\u003E\u003C\/td\u003E\u003Ctd valign=\u0022top\u0022\u003E\u003Cp align=\u0022center\u0022\u003E106,0\u0026nbsp;\u003C\/p\u003E\u003C\/td\u003E\u003Ctd valign=\u0022top\u0022\u003E\u003Cp align=\u0022center\u0022\u003E\u0026nbsp;- 5,4 %\u003C\/p\u003E\u003C\/td\u003E\u003C\/tr\u003E\u003Ctr\u003E\u003Ctd valign=\u0022top\u0022\u003E\u003Cp\u003EMars 2025\u003C\/p\u003E\u003C\/td\u003E\u003Ctd valign=\u0022top\u0022\u003E\u003Cp align=\u0022center\u0022\u003E110,5\u003C\/p\u003E\u003C\/td\u003E\u003Ctd valign=\u0022top\u0022\u003E\u003Cp align=\u0022center\u0022\u003E+ 4,1 %\u0026nbsp;\u003C\/p\u003E\u003C\/td\u003E\u003C\/tr\u003E\u003Ctr\u003E\u003Ctd valign=\u0022top\u0022\u003E\u003Cp\u003EAvril 2025\u003C\/p\u003E\u003C\/td\u003E\u003Ctd valign=\u0022top\u0022\u003E\u003Cp align=\u0022center\u0022\u003E109,0\u003C\/p\u003E\u003C\/td\u003E\u003Ctd valign=\u0022top\u0022\u003E\u003Cp align=\u0022center\u0022 s=\u0022\u0022\u003E\u0026nbsp;- 0,9 %\u003C\/p\u003E\u003C\/td\u003E\u003C\/tr\u003E\u003Ctr\u003E\u003Ctd valign=\u0022top\u0022\u003E\u003Cp\u003EMai 2025\u003C\/p\u003E\u003C\/td\u003E\u003Ctd valign=\u0022top\u0022\u003E\u003Cp align=\u0022center\u0022\u003E111,3\u003C\/p\u003E\u003C\/td\u003E\u003Ctd valign=\u0022top\u0022\u003E\u003Cp align=\u0022center\u0022\u003E+ 1,9 %\u003C\/p\u003E\u003C\/td\u003E\u003C\/tr\u003E\u003Ctr\u003E\u003Ctd valign=\u0022top\u0022\u003E\u003Cp\u003EJuin 2025\u003C\/p\u003E\u003C\/td\u003E\u003Ctd valign=\u0022top\u0022\u003E\u003Cp align=\u0022center\u0022\u003E109,7\u003C\/p\u003E\u003C\/td\u003E\u003Ctd valign=\u0022top\u0022\u003E\u003Cp align=\u0022center\u0022\u003E\u0026nbsp;- 0,5 %\u003C\/p\u003E\u003C\/td\u003E\u003C\/tr\u003E\u003Ctr\u003E\u003Ctd valign=\u0022top\u0022\u003E\u003Cp\u003EJuillet 2025\u003C\/p\u003E\u003C\/td\u003E\u003Ctd valign=\u0022top\u0022\u003E\u003Cp align=\u0022center\u0022\u003E108,2\u003C\/p\u003E\u003C\/td\u003E\u003Ctd valign=\u0022top\u0022\u003E\u003Cp align=\u0022center\u0022\u003E\u0026nbsp;- 1,0 %\u003C\/p\u003E\u003C\/td\u003E\u003C\/tr\u003E\u003Ctr\u003E\u003Ctd valign=\u0022top\u0022\u003E\u003Cp\u003EAo\u00fbt 2025\u003C\/p\u003E\u003C\/td\u003E\u003Ctd valign=\u0022top\u0022\u003E\u003Cp align=\u0022center\u0022\u003E111,4\u003C\/p\u003E\u003C\/td\u003E\u003Ctd valign=\u0022top\u0022\u003E\u003Cp align=\u0022center\u0022\u003E\u0026nbsp;- 0,2 %\u003C\/p\u003E\u003C\/td\u003E\u003C\/tr\u003E\u003Ctr\u003E\u003Ctd valign=\u0022top\u0022\u003E\u003Cp\u003ESeptembre 2025\u003C\/p\u003E\u003C\/td\u003E\u003Ctd valign=\u0022top\u0022\u003E\u003Cp align=\u0022center\u0022\u003E114,4\u003C\/p\u003E\u003C\/td\u003E\u003Ctd valign=\u0022top\u0022\u003E\u003Cp align=\u0022center\u0022\u003E+ 2,2 %\u003C\/p\u003E\u003C\/td\u003E\u003C\/tr\u003E\u003Ctr\u003E\u003Ctd valign=\u0022top\u0022\u003E\u003Cp\u003EOctobre 2025\u003C\/p\u003E\u003C\/td\u003E\u003Ctd valign=\u0022top\u0022\u003E\u003Cp align=\u0022center\u0022\u003E110,4\u003C\/p\u003E\u003C\/td\u003E\u003Ctd valign=\u0022top\u0022\u003E\u003Cp align=\u0022center\u0022\u003E\u0026nbsp;- 3,5 %\u003C\/p\u003E\u003C\/td\u003E\u003C\/tr\u003E\u003Ctr\u003E\u003Ctd valign=\u0022top\u0022\u003E\u003Cp\u003ENovembre 2025\u003C\/p\u003E\u003C\/td\u003E\u003Ctd valign=\u0022top\u0022\u003E\u003Cp align=\u0022center\u0022\u003E108,0\u003C\/p\u003E\u003C\/td\u003E\u003Ctd valign=\u0022top\u0022\u003E\u003Cp align=\u0022center\u0022\u003E\u0026nbsp;- 1,6 %\u003C\/p\u003E\u003C\/td\u003E\u003C\/tr\u003E\u003Ctr\u003E\u003Ctd valign=\u0022top\u0022\u003E\u003Cp\u003ED\u00e9cembre 2025\u003C\/p\u003E\u003C\/td\u003E\u003Ctd valign=\u0022top\u0022\u003E\u003Cp align=\u0022center\u0022\u003E110,0\u003C\/p\u003E\u003C\/td\u003E\u003Ctd valign=\u0022top\u0022\u003E\u003Cp align=\u0022center\u0022\u003E+ 2,9 %\u003C\/p\u003E\u003C\/td\u003E\u003C\/tr\u003E\u003C\/tbody\u003E\u003C\/table\u003E                                            \u003Cp\u003E\u003Cbr \/\u003E\u003Cstrong\u003ESource :\u003C\/strong\u003E\u003Cstrong\u003E\u00a0\u003C\/strong\u003E\u003C\/p\u003E\u003Cul\u003E\u003Cli\u003E\u003Ca href=\u0022https:\/\/www.insee.fr\/fr\/statistiques\/8884987\u0022 target=\u0022_blank\u0022 rel=\u0022noopener\u0022\u003EIndice de production dans les services \u2013 D\u00e9cembre 2025 (insee.fr)\u003C\/a\u003E\u003C\/li\u003E\u003C\/ul\u003E\u003C\/div\u003E","annee":"2025","theme":" Indices, taux, bar\u00e8mes juridiques","activites":["Professionnels du divertissement","Prestataire de services"],"image":"https:\/\/www.weblex.fr\/sites\/default\/files\/chiffres_clef\/Shutterstock_prodindeditionlivres.jpg","created":"2026-03-02","modified":"2026-03-31"},{"url":"\/chiffres-cles\/indice-de-la-production-de-films-d-enregistrements-sonore-et-dans-l-edition-musicale-annee-2025","id":26287,"title":"Indice de la production de films, d\u2019enregistrements sonore et dans l\u2019\u00e9dition musicale - Ann\u00e9e 2025","content":"\u003Cdiv\u003E                                              \u003Cp\u003EIndice de la production de films, d\u2019enregistrements sonore et dans l\u2019\u00e9dition musicale (r\u00e9f\u00e9rence 100 en 2021)\u003C\/p\u003E\u003Ctable class=\u0022MsoTableGrid\u0022\u003E\u003Ctbody\u003E\u003Ctr\u003E\u003Ctd valign=\u0022top\u0022\u003E\u003Cp align=\u0022center\u0022\u003E\u003Cstrong\u003EP\u00e9riode\u003C\/strong\u003E\u003C\/p\u003E\u003C\/td\u003E\u003Ctd valign=\u0022top\u0022\u003E\u003Cp align=\u0022center\u0022\u003E\u003Cstrong\u003EIndice\u003C\/strong\u003E\u003C\/p\u003E\u003C\/td\u003E\u003Ctd valign=\u0022top\u0022\u003E\u003Cp align=\u0022center\u0022\u003E\u003Cstrong\u003EVariation mensuelle\u003C\/strong\u003E\u003C\/p\u003E\u003C\/td\u003E\u003C\/tr\u003E\u003Ctr\u003E\u003Ctd valign=\u0022top\u0022\u003E\u003Cp\u003EJanvier 2025\u003C\/p\u003E\u003C\/td\u003E\u003Ctd valign=\u0022top\u0022\u003E\u003Cp align=\u0022center\u0022\u003E\u0026nbsp;116,7\u003C\/p\u003E\u003C\/td\u003E\u003Ctd valign=\u0022top\u0022\u003E\u003Cp align=\u0022center\u0022\u003E\u0026nbsp;- 2,4 %\u003C\/p\u003E\u003C\/td\u003E\u003C\/tr\u003E\u003Ctr\u003E\u003Ctd valign=\u0022top\u0022\u003E\u003Cp\u003EF\u00e9vrier 2025\u003C\/p\u003E\u003C\/td\u003E\u003Ctd valign=\u0022top\u0022\u003E\u003Cp align=\u0022center\u0022\u003E\u0026nbsp;116,5\u003C\/p\u003E\u003C\/td\u003E\u003Ctd valign=\u0022top\u0022\u003E\u003Cp align=\u0022center\u0022\u003E\u0026nbsp;- 0,1 %\u003C\/p\u003E\u003C\/td\u003E\u003C\/tr\u003E\u003Ctr\u003E\u003Ctd valign=\u0022top\u0022\u003E\u003Cp\u003EMars 2025\u003C\/p\u003E\u003C\/td\u003E\u003Ctd valign=\u0022top\u0022\u003E\u003Cp align=\u0022center\u0022\u003E\u0026nbsp;114,5\u003C\/p\u003E\u003C\/td\u003E\u003Ctd valign=\u0022top\u0022\u003E\u003Cp align=\u0022center\u0022\u003E- 1,0 %\u003C\/p\u003E\u003C\/td\u003E\u003C\/tr\u003E\u003Ctr\u003E\u003Ctd valign=\u0022top\u0022\u003E\u003Cp\u003EAvril 2025\u003C\/p\u003E\u003C\/td\u003E\u003Ctd valign=\u0022top\u0022\u003E\u003Cp align=\u0022center\u0022\u003E\u0026nbsp;113,4\u003C\/p\u003E\u003C\/td\u003E\u003Ctd valign=\u0022top\u0022\u003E\u003Cp align=\u0022center\u0022 s=\u0022\u0022\u003E\u0026nbsp;- 1,1 %\u003C\/p\u003E\u003C\/td\u003E\u003C\/tr\u003E\u003Ctr\u003E\u003Ctd valign=\u0022top\u0022\u003E\u003Cp\u003EMai 2025\u003C\/p\u003E\u003C\/td\u003E\u003Ctd valign=\u0022top\u0022\u003E\u003Cp align=\u0022center\u0022\u003E\u0026nbsp;112,7\u003C\/p\u003E\u003C\/td\u003E\u003Ctd valign=\u0022top\u0022\u003E\u003Cp align=\u0022center\u0022\u003E\u0026nbsp;- 0,2 %\u003C\/p\u003E\u003C\/td\u003E\u003C\/tr\u003E\u003Ctr\u003E\u003Ctd valign=\u0022top\u0022\u003E\u003Cp\u003EJuin 2025\u003C\/p\u003E\u003C\/td\u003E\u003Ctd valign=\u0022top\u0022\u003E\u003Cp align=\u0022center\u0022\u003E\u0026nbsp;121,5\u003C\/p\u003E\u003C\/td\u003E\u003Ctd valign=\u0022top\u0022\u003E\u003Cp align=\u0022center\u0022\u003E+ 6,3 %\u003C\/p\u003E\u003C\/td\u003E\u003C\/tr\u003E\u003Ctr\u003E\u003Ctd valign=\u0022top\u0022\u003E\u003Cp\u003EJuillet 2025\u003C\/p\u003E\u003C\/td\u003E\u003Ctd valign=\u0022top\u0022\u003E\u003Cp align=\u0022center\u0022\u003E112,8\u003C\/p\u003E\u003C\/td\u003E\u003Ctd valign=\u0022top\u0022\u003E\u003Cp align=\u0022center\u0022\u003E- 7,4 %\u003C\/p\u003E\u003C\/td\u003E\u003C\/tr\u003E\u003Ctr\u003E\u003Ctd valign=\u0022top\u0022\u003E\u003Cp\u003EAo\u00fbt 2025\u003C\/p\u003E\u003C\/td\u003E\u003Ctd valign=\u0022top\u0022\u003E\u003Cp align=\u0022center\u0022\u003E119,2\u003C\/p\u003E\u003C\/td\u003E\u003Ctd valign=\u0022top\u0022\u003E\u003Cp align=\u0022center\u0022\u003E+ 4,2 %\u003C\/p\u003E\u003C\/td\u003E\u003C\/tr\u003E\u003Ctr\u003E\u003Ctd valign=\u0022top\u0022\u003E\u003Cp\u003ESeptembre 2025\u003C\/p\u003E\u003C\/td\u003E\u003Ctd valign=\u0022top\u0022\u003E\u003Cp align=\u0022center\u0022\u003E120,5\u003C\/p\u003E\u003C\/td\u003E\u003Ctd valign=\u0022top\u0022\u003E\u003Cp align=\u0022center\u0022\u003E+ 0,1 %\u003C\/p\u003E\u003C\/td\u003E\u003C\/tr\u003E\u003Ctr\u003E\u003Ctd valign=\u0022top\u0022\u003E\u003Cp\u003EOctobre 2025\u003C\/p\u003E\u003C\/td\u003E\u003Ctd valign=\u0022top\u0022\u003E\u003Cp align=\u0022center\u0022\u003E112,0\u003C\/p\u003E\u003C\/td\u003E\u003Ctd valign=\u0022top\u0022\u003E\u003Cp align=\u0022center\u0022\u003E- 5,8 %\u003C\/p\u003E\u003C\/td\u003E\u003C\/tr\u003E\u003Ctr\u003E\u003Ctd valign=\u0022top\u0022\u003E\u003Cp\u003ENovembre 2025\u003C\/p\u003E\u003C\/td\u003E\u003Ctd valign=\u0022top\u0022\u003E\u003Cp align=\u0022center\u0022\u003E\u0026nbsp;114,2\u003C\/p\u003E\u003C\/td\u003E\u003Ctd valign=\u0022top\u0022\u003E\u003Cp align=\u0022center\u0022\u003E+ 2,1 %\u003C\/p\u003E\u003C\/td\u003E\u003C\/tr\u003E\u003Ctr\u003E\u003Ctd valign=\u0022top\u0022\u003E\u003Cp\u003ED\u00e9cembre 2025\u003C\/p\u003E\u003C\/td\u003E\u003Ctd valign=\u0022top\u0022\u003E\u003Cp align=\u0022center\u0022\u003E\u0026nbsp;117,4\u003C\/p\u003E\u003C\/td\u003E\u003Ctd valign=\u0022top\u0022\u003E\u003Cp align=\u0022center\u0022\u003E+ 3,3 %\u003C\/p\u003E\u003C\/td\u003E\u003C\/tr\u003E\u003C\/tbody\u003E\u003C\/table\u003E                                            \u003Cp\u003E\u003Cbr \/\u003E\u003Cstrong\u003ESource :\u003C\/strong\u003E\u003Cstrong\u003E\u00a0\u003C\/strong\u003E\u003C\/p\u003E\u003Cul\u003E\u003Cli\u003E\u003Ca href=\u0022https:\/\/www.insee.fr\/fr\/statistiques\/8884987\u0022 target=\u0022_blank\u0022 rel=\u0022noopener\u0022\u003EIndice de production dans les services \u2013 D\u00e9cembre 2025 (insee.fr)\u003C\/a\u003E\u003C\/li\u003E\u003C\/ul\u003E\u003C\/div\u003E","annee":"2025","theme":" Indices, taux, bar\u00e8mes juridiques","activites":["Prestataire de services"],"image":"https:\/\/www.weblex.fr\/sites\/default\/files\/chiffres_clef\/Shutterstock_profilmenremusique.jpg","created":"2026-03-02","modified":"2026-03-31"},{"url":"\/chiffres-cles\/indice-de-la-production-des-arts-spectacles-et-activites-recreatives-annee-2025","id":26289,"title":"Indice de la production des arts, spectacles et activit\u00e9s r\u00e9cr\u00e9atives - Ann\u00e9e 2025","content":"\u003Cdiv\u003E                                              \u003Cp\u003EIndice de la production des arts, spectacles et activit\u00e9s r\u00e9cr\u00e9atives (r\u00e9f\u00e9rence 100 en 2021)\u003C\/p\u003E\u003Ctable class=\u0022MsoTableGrid\u0022\u003E\u003Ctbody\u003E\u003Ctr\u003E\u003Ctd valign=\u0022top\u0022\u003E\u003Cp align=\u0022center\u0022\u003E\u003Cstrong\u003EP\u00e9riode\u003C\/strong\u003E\u003C\/p\u003E\u003C\/td\u003E\u003Ctd valign=\u0022top\u0022\u003E\u003Cp align=\u0022center\u0022\u003E\u003Cstrong\u003EIndice\u003C\/strong\u003E\u003C\/p\u003E\u003C\/td\u003E\u003Ctd valign=\u0022top\u0022\u003E\u003Cp align=\u0022center\u0022\u003E\u003Cstrong\u003EVariation mensuelle\u003C\/strong\u003E\u003C\/p\u003E\u003C\/td\u003E\u003C\/tr\u003E\u003Ctr\u003E\u003Ctd valign=\u0022top\u0022\u003E\u003Cp\u003EJanvier 2025\u003C\/p\u003E\u003C\/td\u003E\u003Ctd valign=\u0022top\u0022\u003E\u003Cp align=\u0022center\u0022\u003E173,1\u003C\/p\u003E\u003C\/td\u003E\u003Ctd valign=\u0022top\u0022\u003E\u003Cp align=\u0022center\u0022\u003E\u0026nbsp;+ 0,2 %\u003C\/p\u003E\u003C\/td\u003E\u003C\/tr\u003E\u003Ctr\u003E\u003Ctd valign=\u0022top\u0022\u003E\u003Cp\u003EF\u00e9vrier 2025\u003C\/p\u003E\u003C\/td\u003E\u003Ctd valign=\u0022top\u0022\u003E\u003Cp align=\u0022center\u0022\u003E177,8\u003C\/p\u003E\u003C\/td\u003E\u003Ctd valign=\u0022top\u0022\u003E\u003Cp align=\u0022center\u0022\u003E\u0026nbsp;+ 2,3 %\u003C\/p\u003E\u003C\/td\u003E\u003C\/tr\u003E\u003Ctr\u003E\u003Ctd valign=\u0022top\u0022\u003E\u003Cp\u003EMars 2025\u003C\/p\u003E\u003C\/td\u003E\u003Ctd valign=\u0022top\u0022\u003E\u003Cp align=\u0022center\u0022\u003E172,9\u003C\/p\u003E\u003C\/td\u003E\u003Ctd valign=\u0022top\u0022\u003E\u003Cp align=\u0022center\u0022\u003E\u0026nbsp;- 3,1 %\u003C\/p\u003E\u003C\/td\u003E\u003C\/tr\u003E\u003Ctr\u003E\u003Ctd valign=\u0022top\u0022\u003E\u003Cp\u003EAvril 2025\u003C\/p\u003E\u003C\/td\u003E\u003Ctd valign=\u0022top\u0022\u003E\u003Cp align=\u0022center\u0022\u003E178,0\u003C\/p\u003E\u003C\/td\u003E\u003Ctd valign=\u0022top\u0022\u003E\u003Cp align=\u0022center\u0022 s=\u0022\u0022\u003E\u0026nbsp;+ 3,2 %\u003C\/p\u003E\u003C\/td\u003E\u003C\/tr\u003E\u003Ctr\u003E\u003Ctd valign=\u0022top\u0022\u003E\u003Cp\u003EMai 2025\u003C\/p\u003E\u003C\/td\u003E\u003Ctd valign=\u0022top\u0022\u003E\u003Cp align=\u0022center\u0022\u003E175,8\u003C\/p\u003E\u003C\/td\u003E\u003Ctd valign=\u0022top\u0022\u003E\u003Cp align=\u0022center\u0022\u003E\u0026nbsp;- 1,8 %\u003C\/p\u003E\u003C\/td\u003E\u003C\/tr\u003E\u003Ctr\u003E\u003Ctd valign=\u0022top\u0022\u003E\u003Cp\u003EJuin 2025\u003C\/p\u003E\u003C\/td\u003E\u003Ctd valign=\u0022top\u0022\u003E\u003Cp align=\u0022center\u0022\u003E179,5\u003C\/p\u003E\u003C\/td\u003E\u003Ctd valign=\u0022top\u0022\u003E\u003Cp align=\u0022center\u0022\u003E\u0026nbsp;+ 1,8 %\u003C\/p\u003E\u003C\/td\u003E\u003C\/tr\u003E\u003Ctr\u003E\u003Ctd valign=\u0022top\u0022\u003E\u003Cp\u003EJuillet 2025\u003C\/p\u003E\u003C\/td\u003E\u003Ctd valign=\u0022top\u0022\u003E\u003Cp align=\u0022center\u0022\u003E175,2\u003C\/p\u003E\u003C\/td\u003E\u003Ctd valign=\u0022top\u0022\u003E\u003Cp align=\u0022center\u0022\u003E- 2,4 %\u003C\/p\u003E\u003C\/td\u003E\u003C\/tr\u003E\u003Ctr\u003E\u003Ctd valign=\u0022top\u0022\u003E\u003Cp\u003EAo\u00fbt 2025\u003C\/p\u003E\u003C\/td\u003E\u003Ctd valign=\u0022top\u0022\u003E\u003Cp align=\u0022center\u0022\u003E177,2\u003C\/p\u003E\u003C\/td\u003E\u003Ctd valign=\u0022top\u0022\u003E\u003Cp align=\u0022center\u0022\u003E\u0026nbsp;+ 0,5 %\u003C\/p\u003E\u003C\/td\u003E\u003C\/tr\u003E\u003Ctr\u003E\u003Ctd valign=\u0022top\u0022\u003E\u003Cp\u003ESeptembre 2025\u003C\/p\u003E\u003C\/td\u003E\u003Ctd valign=\u0022top\u0022\u003E\u003Cp align=\u0022center\u0022\u003E175,7\u003C\/p\u003E\u003C\/td\u003E\u003Ctd valign=\u0022top\u0022\u003E\u003Cp align=\u0022center\u0022\u003E- 1,5 %\u003C\/p\u003E\u003C\/td\u003E\u003C\/tr\u003E\u003Ctr\u003E\u003Ctd valign=\u0022top\u0022\u003E\u003Cp\u003EOctobre 2025\u003C\/p\u003E\u003C\/td\u003E\u003Ctd valign=\u0022top\u0022\u003E\u003Cp align=\u0022center\u0022\u003E176,7\u003C\/p\u003E\u003C\/td\u003E\u003Ctd valign=\u0022top\u0022\u003E\u003Cp align=\u0022center\u0022\u003E+ 0,2 %\u003C\/p\u003E\u003C\/td\u003E\u003C\/tr\u003E\u003Ctr\u003E\u003Ctd valign=\u0022top\u0022\u003E\u003Cp\u003ENovembre 2025\u003C\/p\u003E\u003C\/td\u003E\u003Ctd valign=\u0022top\u0022\u003E\u003Cp align=\u0022center\u0022\u003E168,6\u003C\/p\u003E\u003C\/td\u003E\u003Ctd valign=\u0022top\u0022\u003E\u003Cp align=\u0022center\u0022\u003E- 3,4 %\u003C\/p\u003E\u003C\/td\u003E\u003C\/tr\u003E\u003Ctr\u003E\u003Ctd valign=\u0022top\u0022\u003E\u003Cp\u003ED\u00e9cembre 2025\u003C\/p\u003E\u003C\/td\u003E\u003Ctd valign=\u0022top\u0022\u003E\u003Cp align=\u0022center\u0022\u003E177,5\u003C\/p\u003E\u003C\/td\u003E\u003Ctd valign=\u0022top\u0022\u003E\u003Cp align=\u0022center\u0022\u003E\u0026nbsp;+ 4,2 %\u003C\/p\u003E\u003C\/td\u003E\u003C\/tr\u003E\u003C\/tbody\u003E\u003C\/table\u003E                                            \u003Cp\u003E\u003Cbr \/\u003E\u003Cstrong\u003ESource :\u003C\/strong\u003E\u003Cstrong\u003E\u00a0\u003C\/strong\u003E\u003C\/p\u003E\u003Cul\u003E\u003Cli\u003E\u003Ca href=\u0022https:\/\/www.insee.fr\/fr\/statistiques\/8884987\u0022 target=\u0022_blank\u0022\u003EIndice de production dans les services \u2013 D\u00e9cembre 2025 (insee.fr)\u003C\/a\u003E\u003C\/li\u003E\u003C\/ul\u003E\u003C\/div\u003E","annee":"2025","theme":" Indices, taux, bar\u00e8mes juridiques","activites":["Association","Professionnels du divertissement","Prestataire de services"],"image":"https:\/\/www.weblex.fr\/sites\/default\/files\/chiffres_clef\/Shutterstock_salledespectacleprodarts.jpg","created":"2026-03-02","modified":"2026-03-31"},{"url":"\/chiffres-cles\/indice-du-volume-des-ventes-dans-le-commerce-de-detail-annee-2025","id":26127,"title":"Indice du volume des ventes dans le commerce de d\u00e9tail - Ann\u00e9e 2025","content":"\u003Cdiv\u003E                                              \u003Cp\u003EIndice du volume des ventes dans le commerce de d\u00e9tail (r\u00e9f\u00e9rence 100 en 2021)\u003C\/p\u003E\u003Ctable class=\u0022MsoTableGrid\u0022 width=\u0022604\u0022\u003E\u003Ctbody\u003E\u003Ctr\u003E\u003Ctd valign=\u0022top\u0022\u003E\u003Cp align=\u0022center\u0022\u003E\u003Cstrong\u003EP\u00e9riode\u003C\/strong\u003E\u003C\/p\u003E\u003C\/td\u003E\u003Ctd valign=\u0022top\u0022\u003E\u003Cp align=\u0022center\u0022\u003E\u003Cstrong\u003EIndice\u003C\/strong\u003E\u003C\/p\u003E\u003C\/td\u003E\u003Ctd valign=\u0022top\u0022\u003E\u003Cp align=\u0022center\u0022\u003E\u003Cstrong\u003EVariation mensuelle\u003C\/strong\u003E\u003C\/p\u003E\u003C\/td\u003E\u003C\/tr\u003E\u003Ctr\u003E\u003Ctd valign=\u0022top\u0022\u003E\u003Cp\u003EJanvier 2025\u003C\/p\u003E\u003C\/td\u003E\u003Ctd valign=\u0022top\u0022\u003E\u003Cp align=\u0022center\u0022\u003E104,1\u003C\/p\u003E\u003C\/td\u003E\u003Ctd valign=\u0022top\u0022\u003E\u003Cp align=\u0022center\u0022\u003E+ 0,7 %\u003C\/p\u003E\u003C\/td\u003E\u003C\/tr\u003E\u003Ctr\u003E\u003Ctd valign=\u0022top\u0022\u003E\u003Cp\u003EF\u00e9vrier 2025\u003C\/p\u003E\u003C\/td\u003E\u003Ctd valign=\u0022top\u0022\u003E\u003Cp align=\u0022center\u0022\u003E104,1\u003C\/p\u003E\u003C\/td\u003E\u003Ctd valign=\u0022top\u0022\u003E\u003Cp align=\u0022center\u0022\u003E- 0,3 %\u003C\/p\u003E\u003C\/td\u003E\u003C\/tr\u003E\u003Ctr\u003E\u003Ctd valign=\u0022top\u0022\u003E\u003Cp\u003EMars 2025\u003C\/p\u003E\u003C\/td\u003E\u003Ctd valign=\u0022top\u0022\u003E\u003Cp align=\u0022center\u0022\u003E104,5\u003C\/p\u003E\u003C\/td\u003E\u003Ctd valign=\u0022top\u0022\u003E\u003Cp align=\u0022center\u0022\u003E+ 0,3 %\u003C\/p\u003E\u003C\/td\u003E\u003C\/tr\u003E\u003Ctr\u003E\u003Ctd valign=\u0022top\u0022\u003E\u003Cp\u003EAvril 2025\u003C\/p\u003E\u003C\/td\u003E\u003Ctd valign=\u0022top\u0022\u003E\u003Cp align=\u0022center\u0022\u003E105,4\u003C\/p\u003E\u003C\/td\u003E\u003Ctd valign=\u0022top\u0022\u003E\u003Cp align=\u0022center\u0022\u003E+ 0,6 %\u003C\/p\u003E\u003C\/td\u003E\u003C\/tr\u003E\u003Ctr\u003E\u003Ctd valign=\u0022top\u0022\u003E\u003Cp\u003EMai 2025\u003C\/p\u003E\u003C\/td\u003E\u003Ctd valign=\u0022top\u0022\u003E\u003Cp align=\u0022center\u0022\u003E105,5\u003C\/p\u003E\u003C\/td\u003E\u003Ctd valign=\u0022top\u0022\u003E\u003Cp align=\u0022center\u0022\u003E+ 0,0 %\u003C\/p\u003E\u003C\/td\u003E\u003C\/tr\u003E\u003Ctr\u003E\u003Ctd valign=\u0022top\u0022\u003E\u003Cp\u003EJuin 2025\u003C\/p\u003E\u003C\/td\u003E\u003Ctd valign=\u0022top\u0022\u003E\u003Cp align=\u0022center\u0022\u003E105,7\u003C\/p\u003E\u003C\/td\u003E\u003Ctd valign=\u0022top\u0022\u003E\u003Cp align=\u0022center\u0022\u003E+ 0,0 %\u003C\/p\u003E\u003C\/td\u003E\u003C\/tr\u003E\u003Ctr\u003E\u003Ctd valign=\u0022top\u0022\u003E\u003Cp\u003EJuillet 2025\u003C\/p\u003E\u003C\/td\u003E\u003Ctd valign=\u0022top\u0022\u003E\u003Cp align=\u0022center\u0022\u003E104,6\u003C\/p\u003E\u003C\/td\u003E\u003Ctd valign=\u0022top\u0022\u003E\u003Cp align=\u0022center\u0022\u003E- 0,9 %\u003C\/p\u003E\u003C\/td\u003E\u003C\/tr\u003E\u003Ctr\u003E\u003Ctd valign=\u0022top\u0022\u003E\u003Cp\u003EAo\u00fbt 2025\u003C\/p\u003E\u003C\/td\u003E\u003Ctd valign=\u0022top\u0022\u003E\u003Cp align=\u0022center\u0022\u003E106,5\u003C\/p\u003E\u003C\/td\u003E\u003Ctd valign=\u0022top\u0022\u003E\u003Cp align=\u0022center\u0022\u003E+ 0,4 %\u003C\/p\u003E\u003C\/td\u003E\u003C\/tr\u003E\u003Ctr\u003E\u003Ctd valign=\u0022top\u0022\u003E\u003Cp\u003ESeptembre 2025\u003C\/p\u003E\u003C\/td\u003E\u003Ctd valign=\u0022top\u0022\u003E\u003Cp align=\u0022center\u0022\u003E106,6\u003C\/p\u003E\u003C\/td\u003E\u003Ctd valign=\u0022top\u0022\u003E\u003Cp align=\u0022center\u0022\u003E+ 0,0 %\u003C\/p\u003E\u003C\/td\u003E\u003C\/tr\u003E\u003Ctr\u003E\u003Ctd valign=\u0022top\u0022\u003E\u003Cp\u003EOctobre 2025\u003C\/p\u003E\u003C\/td\u003E\u003Ctd valign=\u0022top\u0022\u003E\u003Cp align=\u0022center\u0022\u003E107,3\u003C\/p\u003E\u003C\/td\u003E\u003Ctd valign=\u0022top\u0022\u003E\u003Cp align=\u0022center\u0022\u003E+ 0,4 %\u003C\/p\u003E\u003C\/td\u003E\u003C\/tr\u003E\u003Ctr\u003E\u003Ctd valign=\u0022top\u0022\u003E\u003Cp\u003ENovembre 2025\u003C\/p\u003E\u003C\/td\u003E\u003Ctd valign=\u0022top\u0022\u003E\u003Cp align=\u0022center\u0022\u003E107,8\u003C\/p\u003E\u003C\/td\u003E\u003Ctd valign=\u0022top\u0022\u003E\u003Cp align=\u0022center\u0022\u003E+ 0,2 %\u003C\/p\u003E\u003C\/td\u003E\u003C\/tr\u003E\u003Ctr\u003E\u003Ctd valign=\u0022top\u0022\u003E\u003Cp\u003ED\u00e9cembre 2025\u003C\/p\u003E\u003C\/td\u003E\u003Ctd valign=\u0022top\u0022\u003E\u003Cp align=\u0022center\u0022\u003E107,4\u003C\/p\u003E\u003C\/td\u003E\u003Ctd valign=\u0022top\u0022\u003E\u003Cp align=\u0022center\u0022\u003E- 0,4 %\u003C\/p\u003E\u003C\/td\u003E\u003C\/tr\u003E\u003C\/tbody\u003E\u003C\/table\u003E                                            \u003Cp\u003E\u003Cbr \/\u003E\u003Cstrong\u003ESource :\u003C\/strong\u003E\u003Cstrong\u003E\u00a0\u003C\/strong\u003E\u003C\/p\u003E\u003Cul\u003E\u003Cli\u003E\u003Ca href=\u0022https:\/\/www.insee.fr\/fr\/statistiques\/8744578\u0022 target=\u0022_blank\u0022 rel=\u0022noopener\u0022\u003EIndice du volume des ventes dans le commerce \u2013 D\u00e9cembre 2025\u003C\/a\u003E\u003C\/li\u003E\u003C\/ul\u003E\u003C\/div\u003E","annee":"2025","theme":" Indices, taux, bar\u00e8mes juridiques","activites":["Commer\u00e7ant"],"image":"https:\/\/www.weblex.fr\/sites\/default\/files\/chiffres_clef\/Shutterstock_volventedetails.jpg","created":"2026-03-02","modified":"2026-04-20"},{"url":"\/chiffres-cles\/indice-de-la-production-dans-les-activites-immobilieres-annee-2025","id":26130,"title":"Indice de la production dans les activit\u00e9s immobili\u00e8res - Ann\u00e9e 2025","content":"\u003Cdiv\u003E                                              \u003Cp\u003EIndice de la production dans les activit\u00e9s immobili\u00e8res (r\u00e9f\u00e9rence 100 en 2021)\u003C\/p\u003E\u003Ctable class=\u0022MsoTableGrid\u0022\u003E\u003Ctbody\u003E\u003Ctr\u003E\u003Ctd valign=\u0022top\u0022\u003E\u003Cp align=\u0022center\u0022\u003E\u003Cstrong\u003EP\u00e9riode\u003C\/strong\u003E\u003C\/p\u003E\u003C\/td\u003E\u003Ctd valign=\u0022top\u0022\u003E\u003Cp align=\u0022center\u0022\u003E\u003Cstrong\u003EIndice\u003C\/strong\u003E\u003C\/p\u003E\u003C\/td\u003E\u003Ctd valign=\u0022top\u0022\u003E\u003Cp align=\u0022center\u0022\u003E\u003Cstrong\u003EVariation mensuelle\u003C\/strong\u003E\u003C\/p\u003E\u003C\/td\u003E\u003C\/tr\u003E\u003Ctr\u003E\u003Ctd valign=\u0022top\u0022\u003E\u003Cp\u003EJanvier 2025\u003C\/p\u003E\u003C\/td\u003E\u003Ctd valign=\u0022top\u0022\u003E\u003Cp align=\u0022center\u0022\u003E99,7\u003C\/p\u003E\u003C\/td\u003E\u003Ctd valign=\u0022top\u0022\u003E\u003Cp align=\u0022center\u0022\u003E- 0,7 %\u003C\/p\u003E\u003C\/td\u003E\u003C\/tr\u003E\u003Ctr\u003E\u003Ctd valign=\u0022top\u0022\u003E\u003Cp\u003EF\u00e9vrier 2025\u003C\/p\u003E\u003C\/td\u003E\u003Ctd valign=\u0022top\u0022\u003E\u003Cp align=\u0022center\u0022\u003E101,7\u003C\/p\u003E\u003C\/td\u003E\u003Ctd valign=\u0022top\u0022\u003E\u003Cp align=\u0022center\u0022\u003E+ 1,6 %\u003C\/p\u003E\u003C\/td\u003E\u003C\/tr\u003E\u003Ctr\u003E\u003Ctd valign=\u0022top\u0022\u003E\u003Cp\u003EMars 2025\u003C\/p\u003E\u003C\/td\u003E\u003Ctd valign=\u0022top\u0022\u003E\u003Cp align=\u0022center\u0022\u003E102,9\u003C\/p\u003E\u003C\/td\u003E\u003Ctd valign=\u0022top\u0022\u003E\u003Cp align=\u0022center\u0022\u003E+ 1,0 %\u003C\/p\u003E\u003C\/td\u003E\u003C\/tr\u003E\u003Ctr\u003E\u003Ctd valign=\u0022top\u0022\u003E\u003Cp\u003EAvril 2025\u003C\/p\u003E\u003C\/td\u003E\u003Ctd valign=\u0022top\u0022\u003E\u003Cp align=\u0022center\u0022\u003E101,1\u003C\/p\u003E\u003C\/td\u003E\u003Ctd valign=\u0022top\u0022\u003E\u003Cp align=\u0022center\u0022 s=\u0022\u0022\u003E- 1,9 %\u003C\/p\u003E\u003C\/td\u003E\u003C\/tr\u003E\u003Ctr\u003E\u003Ctd valign=\u0022top\u0022\u003E\u003Cp\u003EMai 2025\u003C\/p\u003E\u003C\/td\u003E\u003Ctd valign=\u0022top\u0022\u003E\u003Cp align=\u0022center\u0022\u003E101,5\u003C\/p\u003E\u003C\/td\u003E\u003Ctd valign=\u0022top\u0022\u003E\u003Cp align=\u0022center\u0022\u003E+ 0,0 %\u003C\/p\u003E\u003C\/td\u003E\u003C\/tr\u003E\u003Ctr\u003E\u003Ctd valign=\u0022top\u0022\u003E\u003Cp\u003EJuin 2025\u003C\/p\u003E\u003C\/td\u003E\u003Ctd valign=\u0022top\u0022\u003E\u003Cp align=\u0022center\u0022\u003E100,7\u003C\/p\u003E\u003C\/td\u003E\u003Ctd valign=\u0022top\u0022\u003E\u003Cp align=\u0022center\u0022\u003E- 0,3 %\u003C\/p\u003E\u003C\/td\u003E\u003C\/tr\u003E\u003Ctr\u003E\u003Ctd valign=\u0022top\u0022\u003E\u003Cp\u003EJuillet 2025\u003C\/p\u003E\u003C\/td\u003E\u003Ctd valign=\u0022top\u0022\u003E\u003Cp align=\u0022center\u0022\u003E98,8\u003C\/p\u003E\u003C\/td\u003E\u003Ctd valign=\u0022top\u0022\u003E\u003Cp align=\u0022center\u0022\u003E- 1,9 %\u003C\/p\u003E\u003C\/td\u003E\u003C\/tr\u003E\u003Ctr\u003E\u003Ctd valign=\u0022top\u0022\u003E\u003Cp\u003EAo\u00fbt 2025\u003C\/p\u003E\u003C\/td\u003E\u003Ctd valign=\u0022top\u0022\u003E\u003Cp align=\u0022center\u0022\u003E105,8\u003C\/p\u003E\u003C\/td\u003E\u003Ctd valign=\u0022top\u0022\u003E\u003Cp align=\u0022center\u0022\u003E+ 5,1 %\u003C\/p\u003E\u003C\/td\u003E\u003C\/tr\u003E\u003Ctr\u003E\u003Ctd valign=\u0022top\u0022\u003E\u003Cp\u003ESeptembre 2025\u003C\/p\u003E\u003C\/td\u003E\u003Ctd valign=\u0022top\u0022\u003E\u003Cp align=\u0022center\u0022\u003E103,3\u003C\/p\u003E\u003C\/td\u003E\u003Ctd valign=\u0022top\u0022\u003E\u003Cp align=\u0022center\u0022\u003E- 1,7 %\u003C\/p\u003E\u003C\/td\u003E\u003C\/tr\u003E\u003Ctr\u003E\u003Ctd valign=\u0022top\u0022\u003E\u003Cp\u003EOctobre 2025\u003C\/p\u003E\u003C\/td\u003E\u003Ctd valign=\u0022top\u0022\u003E\u003Cp align=\u0022center\u0022\u003E101,5\u003C\/p\u003E\u003C\/td\u003E\u003Ctd valign=\u0022top\u0022\u003E\u003Cp align=\u0022center\u0022\u003E- 1,5 %\u003C\/p\u003E\u003C\/td\u003E\u003C\/tr\u003E\u003Ctr\u003E\u003Ctd valign=\u0022top\u0022\u003E\u003Cp\u003ENovembre 2025\u003C\/p\u003E\u003C\/td\u003E\u003Ctd valign=\u0022top\u0022\u003E\u003Cp align=\u0022center\u0022\u003E101,0\u003C\/p\u003E\u003C\/td\u003E\u003Ctd valign=\u0022top\u0022\u003E\u003Cp align=\u0022center\u0022\u003E- 0,6 %\u003C\/p\u003E\u003C\/td\u003E\u003C\/tr\u003E\u003Ctr\u003E\u003Ctd valign=\u0022top\u0022\u003E\u003Cp\u003ED\u00e9cembre 2025\u003C\/p\u003E\u003C\/td\u003E\u003Ctd valign=\u0022top\u0022\u003E\u003Cp align=\u0022center\u0022\u003E101,3\u003C\/p\u003E\u003C\/td\u003E\u003Ctd valign=\u0022top\u0022\u003E\u003Cp align=\u0022center\u0022\u003E- 0,3 %\u003C\/p\u003E\u003C\/td\u003E\u003C\/tr\u003E\u003C\/tbody\u003E\u003C\/table\u003E                                            \u003Cp\u003E\u003Cbr \/\u003E\u003Cstrong\u003ESource :\u003C\/strong\u003E\u003Cstrong\u003E\u00a0\u003C\/strong\u003E\u003C\/p\u003E\u003Cul\u003E\u003Cli\u003E\u003Ca href=\u0022https:\/\/www.insee.fr\/fr\/statistiques\/8884987\u0022 target=\u0022_blank\u0022 rel=\u0022noopener\u0022\u003EIndice de production dans les services \u2013 D\u00e9cembre 2025 (insee.fr)\u003C\/a\u003E\u003C\/li\u003E\u003C\/ul\u003E\u003C\/div\u003E","annee":"2025","theme":" Indices, taux, bar\u00e8mes juridiques","activites":["Agent immobilier"],"image":"https:\/\/www.weblex.fr\/sites\/default\/files\/chiffres_clef\/Shutterstock_agentimmoactivites.jpg","created":"2026-03-02","modified":"2026-03-31"},{"url":"\/chiffres-cles\/indice-de-la-production-des-transports-aeriens-annee-2025","id":26305,"title":"Indice de la production des transports a\u00e9riens - Ann\u00e9e 2025","content":"\u003Cdiv\u003E                                              \u003Cp\u003EIndice de la production des transports a\u00e9riens (r\u00e9f\u00e9rence 100 en 2021)\u003C\/p\u003E\u003Ctable class=\u0022MsoTableGrid\u0022\u003E\u003Ctbody\u003E\u003Ctr\u003E\u003Ctd valign=\u0022top\u0022\u003E\u003Cp align=\u0022center\u0022\u003E\u003Cstrong\u003EP\u00e9riode\u003C\/strong\u003E\u003C\/p\u003E\u003C\/td\u003E\u003Ctd valign=\u0022top\u0022\u003E\u003Cp align=\u0022center\u0022\u003E\u003Cstrong\u003EIndice\u003C\/strong\u003E\u003C\/p\u003E\u003C\/td\u003E\u003Ctd valign=\u0022top\u0022\u003E\u003Cp align=\u0022center\u0022\u003E\u003Cstrong\u003EVariation mensuelle\u003C\/strong\u003E\u003C\/p\u003E\u003C\/td\u003E\u003C\/tr\u003E\u003Ctr\u003E\u003Ctd valign=\u0022top\u0022\u003E\u003Cp\u003EJanvier 2025\u003C\/p\u003E\u003C\/td\u003E\u003Ctd valign=\u0022top\u0022\u003E\u003Cp align=\u0022center\u0022\u003E157,9\u003C\/p\u003E\u003C\/td\u003E\u003Ctd valign=\u0022top\u0022\u003E\u003Cp align=\u0022center\u0022\u003E\u0026nbsp;- 9,8 %\u003C\/p\u003E\u003C\/td\u003E\u003C\/tr\u003E\u003Ctr\u003E\u003Ctd valign=\u0022top\u0022\u003E\u003Cp\u003EF\u00e9vrier 2025\u003C\/p\u003E\u003C\/td\u003E\u003Ctd valign=\u0022top\u0022\u003E\u003Cp align=\u0022center\u0022\u003E185,0\u003C\/p\u003E\u003C\/td\u003E\u003Ctd valign=\u0022top\u0022\u003E\u003Cp align=\u0022center\u0022\u003E\u0026nbsp;+ 16,7 %\u003C\/p\u003E\u003C\/td\u003E\u003C\/tr\u003E\u003Ctr\u003E\u003Ctd valign=\u0022top\u0022\u003E\u003Cp\u003EMars 2025\u003C\/p\u003E\u003C\/td\u003E\u003Ctd valign=\u0022top\u0022\u003E\u003Cp align=\u0022center\u0022\u003E167,7\u003C\/p\u003E\u003C\/td\u003E\u003Ctd valign=\u0022top\u0022\u003E\u003Cp align=\u0022center\u0022\u003E\u0026nbsp;- 7,2 %\u003C\/p\u003E\u003C\/td\u003E\u003C\/tr\u003E\u003Ctr\u003E\u003Ctd valign=\u0022top\u0022\u003E\u003Cp\u003EAvril 2025\u003C\/p\u003E\u003C\/td\u003E\u003Ctd valign=\u0022top\u0022\u003E\u003Cp align=\u0022center\u0022\u003E163,2\u003C\/p\u003E\u003C\/td\u003E\u003Ctd valign=\u0022top\u0022\u003E\u003Cp align=\u0022center\u0022 s=\u0022\u0022\u003E\u0026nbsp;- 2,3 %\u003C\/p\u003E\u003C\/td\u003E\u003C\/tr\u003E\u003Ctr\u003E\u003Ctd valign=\u0022top\u0022\u003E\u003Cp\u003EMai 2025\u003C\/p\u003E\u003C\/td\u003E\u003Ctd valign=\u0022top\u0022\u003E\u003Cp align=\u0022center\u0022\u003E166,6\u003C\/p\u003E\u003C\/td\u003E\u003Ctd valign=\u0022top\u0022\u003E\u003Cp align=\u0022center\u0022\u003E+ 2,0 %\u003C\/p\u003E\u003C\/td\u003E\u003C\/tr\u003E\u003Ctr\u003E\u003Ctd valign=\u0022top\u0022\u003E\u003Cp\u003EJuin 2025\u003C\/p\u003E\u003C\/td\u003E\u003Ctd valign=\u0022top\u0022\u003E\u003Cp align=\u0022center\u0022\u003E173,4\u003C\/p\u003E\u003C\/td\u003E\u003Ctd valign=\u0022top\u0022\u003E\u003Cp align=\u0022center\u0022\u003E+ 2,8 %\u003C\/p\u003E\u003C\/td\u003E\u003C\/tr\u003E\u003Ctr\u003E\u003Ctd valign=\u0022top\u0022\u003E\u003Cp\u003EJuillet 2025\u003C\/p\u003E\u003C\/td\u003E\u003Ctd valign=\u0022top\u0022\u003E\u003Cp align=\u0022center\u0022\u003E168,9\u003C\/p\u003E\u003C\/td\u003E\u003Ctd valign=\u0022top\u0022\u003E\u003Cp align=\u0022center\u0022\u003E- 1,9 %\u003C\/p\u003E\u003C\/td\u003E\u003C\/tr\u003E\u003Ctr\u003E\u003Ctd valign=\u0022top\u0022\u003E\u003Cp\u003EAo\u00fbt 2025\u003C\/p\u003E\u003C\/td\u003E\u003Ctd valign=\u0022top\u0022\u003E\u003Cp align=\u0022center\u0022\u003E174,7\u003C\/p\u003E\u003C\/td\u003E\u003Ctd valign=\u0022top\u0022\u003E\u003Cp align=\u0022center\u0022\u003E+ 3,0 %\u003C\/p\u003E\u003C\/td\u003E\u003C\/tr\u003E\u003Ctr\u003E\u003Ctd valign=\u0022top\u0022\u003E\u003Cp\u003ESeptembre 2025\u003C\/p\u003E\u003C\/td\u003E\u003Ctd valign=\u0022top\u0022\u003E\u003Cp align=\u0022center\u0022\u003E181,0\u003C\/p\u003E\u003C\/td\u003E\u003Ctd valign=\u0022top\u0022\u003E\u003Cp align=\u0022center\u0022\u003E+ 3,1 %\u003C\/p\u003E\u003C\/td\u003E\u003C\/tr\u003E\u003Ctr\u003E\u003Ctd valign=\u0022top\u0022\u003E\u003Cp\u003EOctobre 2025\u003C\/p\u003E\u003C\/td\u003E\u003Ctd valign=\u0022top\u0022\u003E\u003Cp align=\u0022center\u0022\u003E175,4\u003C\/p\u003E\u003C\/td\u003E\u003Ctd valign=\u0022top\u0022\u003E\u003Cp align=\u0022center\u0022\u003E- 3,7 %\u003C\/p\u003E\u003C\/td\u003E\u003C\/tr\u003E\u003Ctr\u003E\u003Ctd valign=\u0022top\u0022\u003E\u003Cp\u003ENovembre 2025\u003C\/p\u003E\u003C\/td\u003E\u003Ctd valign=\u0022top\u0022\u003E\u003Cp align=\u0022center\u0022\u003E169,5\u003C\/p\u003E\u003C\/td\u003E\u003Ctd valign=\u0022top\u0022\u003E\u003Cp align=\u0022center\u0022\u003E- 3,3 %\u003C\/p\u003E\u003C\/td\u003E\u003C\/tr\u003E\u003Ctr\u003E\u003Ctd valign=\u0022top\u0022\u003E\u003Cp\u003ED\u00e9cembre 2025\u003C\/p\u003E\u003C\/td\u003E\u003Ctd valign=\u0022top\u0022\u003E\u003Cp align=\u0022center\u0022\u003E177,3\u003C\/p\u003E\u003C\/td\u003E\u003Ctd valign=\u0022top\u0022\u003E\u003Cp align=\u0022center\u0022\u003E+ 4,5 %\u003C\/p\u003E\u003C\/td\u003E\u003C\/tr\u003E\u003C\/tbody\u003E\u003C\/table\u003E                                            \u003Cp\u003E\u003Cbr \/\u003E\u003Cstrong\u003ESource :\u003C\/strong\u003E\u003Cstrong\u003E\u00a0\u003C\/strong\u003E\u003C\/p\u003E\u003Cul\u003E\u003Cli\u003E\u003Ca href=\u0022https:\/\/www.insee.fr\/fr\/statistiques\/8884987\u0022 target=\u0022_blank\u0022\u003EIndice de production dans les services \u2013 D\u00e9cembre 2025 (insee.fr)\u003C\/a\u003E\u003C\/li\u003E\u003C\/ul\u003E\u003C\/div\u003E","annee":"2025","theme":" Indices, taux, bar\u00e8mes juridiques","activites":["Transport"],"image":"https:\/\/www.weblex.fr\/sites\/default\/files\/chiffres_clef\/Shutterstock_trasnportsaeriensavions.jpg","created":"2026-03-02","modified":"2026-04-02"},{"url":"\/chiffres-cles\/indice-de-la-production-des-transports-maritimes-et-fluviaux-annee-2025","id":26219,"title":"Indice de la production des transports maritimes et fluviaux - Ann\u00e9e 2025","content":"\u003Cdiv\u003E                                              \u003Cp\u003EIndice\u0026nbsp;de la production\u0026nbsp;des transports maritimes et fluviaux (r\u00e9f\u00e9rence 100 en 2021)\u003C\/p\u003E\u003Cp\u003E\u0026nbsp;\u003C\/p\u003E\u003Ctable class=\u0022MsoTableGrid\u0022 width=\u0022604\u0022\u003E\u003Ctbody\u003E\u003Ctr\u003E\u003Ctd valign=\u0022top\u0022\u003E\u003Cp align=\u0022center\u0022\u003E\u003Cstrong\u003EP\u00e9riode\u003C\/strong\u003E\u003C\/p\u003E\u003C\/td\u003E\u003Ctd valign=\u0022top\u0022\u003E\u003Cp align=\u0022center\u0022\u003E\u003Cstrong\u003EIndice\u003C\/strong\u003E\u003C\/p\u003E\u003C\/td\u003E\u003Ctd valign=\u0022top\u0022\u003E\u003Cp align=\u0022center\u0022\u003E\u003Cstrong\u003EVariation mensuelle\u003C\/strong\u003E\u003C\/p\u003E\u003C\/td\u003E\u003C\/tr\u003E\u003Ctr\u003E\u003Ctd valign=\u0022top\u0022\u003E\u003Cp\u003EJanvier 2025\u003C\/p\u003E\u003C\/td\u003E\u003Ctd valign=\u0022top\u0022\u003E\u003Cp align=\u0022center\u0022\u003ENon disponible\u003C\/p\u003E\u003C\/td\u003E\u003Ctd valign=\u0022top\u0022\u003E\u003Cp align=\u0022center\u0022\u003ENon disponible\u003C\/p\u003E\u003C\/td\u003E\u003C\/tr\u003E\u003Ctr\u003E\u003Ctd valign=\u0022top\u0022\u003E\u003Cp\u003EF\u00e9vrier 2025\u003C\/p\u003E\u003C\/td\u003E\u003Ctd valign=\u0022top\u0022\u003E\u003Cp align=\u0022center\u0022\u003ENon disponible\u003C\/p\u003E\u003C\/td\u003E\u003Ctd valign=\u0022top\u0022\u003E\u003Cp align=\u0022center\u0022\u003ENon disponible\u003C\/p\u003E\u003C\/td\u003E\u003C\/tr\u003E\u003Ctr\u003E\u003Ctd valign=\u0022top\u0022\u003E\u003Cp\u003EMars 2025\u003C\/p\u003E\u003C\/td\u003E\u003Ctd valign=\u0022top\u0022\u003E\u003Cp align=\u0022center\u0022\u003ENon disponible\u003C\/p\u003E\u003C\/td\u003E\u003Ctd valign=\u0022top\u0022\u003E\u003Cp align=\u0022center\u0022\u003ENon disponible\u003C\/p\u003E\u003C\/td\u003E\u003C\/tr\u003E\u003Ctr\u003E\u003Ctd valign=\u0022top\u0022\u003E\u003Cp\u003EAvril 2025\u003C\/p\u003E\u003C\/td\u003E\u003Ctd valign=\u0022top\u0022\u003E\u003Cp align=\u0022center\u0022\u003ENon disponible\u003C\/p\u003E\u003C\/td\u003E\u003Ctd valign=\u0022top\u0022\u003E\u003Cp align=\u0022center\u0022\u003ENon disponible\u003C\/p\u003E\u003C\/td\u003E\u003C\/tr\u003E\u003Ctr\u003E\u003Ctd valign=\u0022top\u0022\u003E\u003Cp\u003EMai 2025\u003C\/p\u003E\u003C\/td\u003E\u003Ctd valign=\u0022top\u0022\u003E\u003Cp align=\u0022center\u0022\u003ENon disponible\u003C\/p\u003E\u003C\/td\u003E\u003Ctd valign=\u0022top\u0022\u003E\u003Cp align=\u0022center\u0022\u003ENon disponible\u003C\/p\u003E\u003C\/td\u003E\u003C\/tr\u003E\u003Ctr\u003E\u003Ctd valign=\u0022top\u0022\u003E\u003Cp\u003EJuin 2025\u003C\/p\u003E\u003C\/td\u003E\u003Ctd valign=\u0022top\u0022\u003E\u003Cp align=\u0022center\u0022\u003ENon disponible\u003C\/p\u003E\u003C\/td\u003E\u003Ctd valign=\u0022top\u0022\u003E\u003Cp align=\u0022center\u0022\u003ENon disponible\u003C\/p\u003E\u003C\/td\u003E\u003C\/tr\u003E\u003Ctr\u003E\u003Ctd valign=\u0022top\u0022\u003E\u003Cp\u003EJuillet 2025\u003C\/p\u003E\u003C\/td\u003E\u003Ctd valign=\u0022top\u0022\u003E\u003Cp align=\u0022center\u0022\u003ENon disponible\u003C\/p\u003E\u003C\/td\u003E\u003Ctd valign=\u0022top\u0022\u003E\u003Cp align=\u0022center\u0022\u003ENon disponible\u003C\/p\u003E\u003C\/td\u003E\u003C\/tr\u003E\u003Ctr\u003E\u003Ctd valign=\u0022top\u0022\u003E\u003Cp\u003EAo\u00fbt 2025\u003C\/p\u003E\u003C\/td\u003E\u003Ctd valign=\u0022top\u0022\u003E\u003Cp align=\u0022center\u0022\u003ENon disponible\u003C\/p\u003E\u003C\/td\u003E\u003Ctd valign=\u0022top\u0022\u003E\u003Cp align=\u0022center\u0022\u003ENon disponible\u003C\/p\u003E\u003C\/td\u003E\u003C\/tr\u003E\u003Ctr\u003E\u003Ctd valign=\u0022top\u0022\u003E\u003Cp\u003ESeptembre 2025\u003C\/p\u003E\u003C\/td\u003E\u003Ctd valign=\u0022top\u0022\u003E\u003Cp align=\u0022center\u0022\u003ENon disponible\u003C\/p\u003E\u003C\/td\u003E\u003Ctd valign=\u0022top\u0022\u003E\u003Cp align=\u0022center\u0022\u003ENon disponible\u003C\/p\u003E\u003C\/td\u003E\u003C\/tr\u003E\u003Ctr\u003E\u003Ctd valign=\u0022top\u0022\u003E\u003Cp\u003EOctobre 2025\u003C\/p\u003E\u003C\/td\u003E\u003Ctd valign=\u0022top\u0022\u003E\u003Cp align=\u0022center\u0022\u003ENon disponible\u003C\/p\u003E\u003C\/td\u003E\u003Ctd valign=\u0022top\u0022\u003E\u003Cp align=\u0022center\u0022\u003ENon disponible\u003C\/p\u003E\u003C\/td\u003E\u003C\/tr\u003E\u003Ctr\u003E\u003Ctd valign=\u0022top\u0022\u003E\u003Cp\u003ENovembre 2025\u003C\/p\u003E\u003C\/td\u003E\u003Ctd valign=\u0022top\u0022\u003E\u003Cp align=\u0022center\u0022\u003ENon disponible\u003C\/p\u003E\u003C\/td\u003E\u003Ctd valign=\u0022top\u0022\u003E\u003Cp align=\u0022center\u0022\u003ENon disponible\u003C\/p\u003E\u003C\/td\u003E\u003C\/tr\u003E\u003Ctr\u003E\u003Ctd valign=\u0022top\u0022\u003E\u003Cp\u003ED\u00e9cembre 2025\u003C\/p\u003E\u003C\/td\u003E\u003Ctd valign=\u0022top\u0022\u003E\u003Cp align=\u0022center\u0022\u003ENon disponible\u003C\/p\u003E\u003C\/td\u003E\u003Ctd valign=\u0022top\u0022\u003E\u003Cp align=\u0022center\u0022\u003ENon disponible\u003C\/p\u003E\u003C\/td\u003E\u003C\/tr\u003E\u003C\/tbody\u003E\u003C\/table\u003E                                            \u003Cp\u003E\u003Cbr \/\u003E\u003Cstrong\u003ESource :\u003C\/strong\u003E\u003Cstrong\u003E\u00a0\u003C\/strong\u003E\u003C\/p\u003E\u003Cul\u003E\u003Cli\u003E\u003Ca href=\u0022https:\/\/www.insee.fr\/fr\/statistiques\/8884987\u0022 target=\u0022_blank\u0022 rel=\u0022noopener\u0022\u003EIndice de production dans les services \u2013 D\u00e9cembre 2025 (insee.fr)\u003C\/a\u003E\u003C\/li\u003E\u003C\/ul\u003E\u003C\/div\u003E","annee":"2025","theme":" Indices, taux, bar\u00e8mes juridiques","activites":["Transport"],"image":"https:\/\/www.weblex.fr\/sites\/default\/files\/chiffres_clef\/Shutterstock_transpfluvservices.jpg","created":"2026-03-02","modified":"2026-04-01"},{"url":"\/chiffres-cles\/indice-du-volume-des-ventes-dans-le-commerce-et-la-reparation-automobile-annee-2025","id":26100,"title":"Indice du volume des ventes dans le commerce et la r\u00e9paration automobile - Ann\u00e9e 2025","content":"\u003Cdiv\u003E                                              \u003Cp\u003EIndice du volume des ventes dans le commerce et la r\u00e9paration automobile (r\u00e9f\u00e9rence 100 en 2021)\u003C\/p\u003E\u003Ctable class=\u0022MsoTableGrid\u0022 width=\u0022604\u0022\u003E\u003Ctbody\u003E\u003Ctr\u003E\u003Ctd valign=\u0022top\u0022\u003E\u003Cp align=\u0022center\u0022\u003E\u003Cstrong\u003EP\u00e9riode\u003C\/strong\u003E\u003C\/p\u003E\u003C\/td\u003E\u003Ctd valign=\u0022top\u0022\u003E\u003Cp align=\u0022center\u0022\u003E\u003Cstrong\u003EIndice\u003C\/strong\u003E\u003C\/p\u003E\u003C\/td\u003E\u003Ctd valign=\u0022top\u0022\u003E\u003Cp align=\u0022center\u0022\u003E\u003Cstrong\u003EVariation mensuelle\u003C\/strong\u003E\u003C\/p\u003E\u003C\/td\u003E\u003C\/tr\u003E\u003Ctr\u003E\u003Ctd valign=\u0022top\u0022\u003E\u003Cp\u003EJanvier 2025\u003C\/p\u003E\u003C\/td\u003E\u003Ctd valign=\u0022top\u0022\u003E\u003Cp align=\u0022center\u0022\u003E101,8\u003C\/p\u003E\u003C\/td\u003E\u003Ctd valign=\u0022top\u0022\u003E\u003Cp align=\u0022center\u0022\u003E- 1,7 %\u003C\/p\u003E\u003C\/td\u003E\u003C\/tr\u003E\u003Ctr\u003E\u003Ctd valign=\u0022top\u0022\u003E\u003Cp\u003EF\u00e9vrier 2025\u003C\/p\u003E\u003C\/td\u003E\u003Ctd valign=\u0022top\u0022\u003E\u003Cp align=\u0022center\u0022\u003E101,7\u003C\/p\u003E\u003C\/td\u003E\u003Ctd valign=\u0022top\u0022\u003E\u003Cp align=\u0022center\u0022\u003E+ 0,2 %\u003C\/p\u003E\u003C\/td\u003E\u003C\/tr\u003E\u003Ctr\u003E\u003Ctd valign=\u0022top\u0022\u003E\u003Cp\u003EMars 2025\u003C\/p\u003E\u003C\/td\u003E\u003Ctd valign=\u0022top\u0022\u003E\u003Cp align=\u0022center\u0022\u003E102,1\u003C\/p\u003E\u003C\/td\u003E\u003Ctd valign=\u0022top\u0022\u003E\u003Cp align=\u0022center\u0022\u003E+ 0,2 %\u003C\/p\u003E\u003C\/td\u003E\u003C\/tr\u003E\u003Ctr\u003E\u003Ctd valign=\u0022top\u0022\u003E\u003Cp\u003EAvril 2025\u003C\/p\u003E\u003C\/td\u003E\u003Ctd valign=\u0022top\u0022\u003E\u003Cp align=\u0022center\u0022\u003E102,7\u003C\/p\u003E\u003C\/td\u003E\u003Ctd valign=\u0022top\u0022\u003E\u003Cp align=\u0022center\u0022\u003E+ 0,1 %\u003C\/p\u003E\u003C\/td\u003E\u003C\/tr\u003E\u003Ctr\u003E\u003Ctd valign=\u0022top\u0022\u003E\u003Cp\u003EMai 2025\u003C\/p\u003E\u003C\/td\u003E\u003Ctd valign=\u0022top\u0022\u003E\u003Cp align=\u0022center\u0022\u003E101,1\u003C\/p\u003E\u003C\/td\u003E\u003Ctd valign=\u0022top\u0022\u003E\u003Cp align=\u0022center\u0022\u003E- 1,2 %\u003C\/p\u003E\u003C\/td\u003E\u003C\/tr\u003E\u003Ctr\u003E\u003Ctd valign=\u0022top\u0022\u003E\u003Cp\u003EJuin 2025\u003C\/p\u003E\u003C\/td\u003E\u003Ctd valign=\u0022top\u0022\u003E\u003Cp align=\u0022center\u0022\u003E101,7\u003C\/p\u003E\u003C\/td\u003E\u003Ctd valign=\u0022top\u0022\u003E\u003Cp align=\u0022center\u0022\u003E+ 0,4 %\u003C\/p\u003E\u003C\/td\u003E\u003C\/tr\u003E\u003Ctr\u003E\u003Ctd valign=\u0022top\u0022\u003E\u003Cp\u003EJuillet 2025\u003C\/p\u003E\u003C\/td\u003E\u003Ctd valign=\u0022top\u0022\u003E\u003Cp align=\u0022center\u0022\u003E102,7\u003C\/p\u003E\u003C\/td\u003E\u003Ctd valign=\u0022top\u0022\u003E\u003Cp align=\u0022center\u0022\u003E+ 0,2 %\u003C\/p\u003E\u003C\/td\u003E\u003C\/tr\u003E\u003Ctr\u003E\u003Ctd valign=\u0022top\u0022\u003E\u003Cp\u003EAo\u00fbt 2025\u003C\/p\u003E\u003C\/td\u003E\u003Ctd valign=\u0022top\u0022\u003E\u003Cp align=\u0022center\u0022\u003E105,4\u003C\/p\u003E\u003C\/td\u003E\u003Ctd valign=\u0022top\u0022\u003E\u003Cp align=\u0022center\u0022\u003E+ 1,7 %\u003C\/p\u003E\u003C\/td\u003E\u003C\/tr\u003E\u003Ctr\u003E\u003Ctd valign=\u0022top\u0022\u003E\u003Cp\u003ESeptembre 2025\u003C\/p\u003E\u003C\/td\u003E\u003Ctd valign=\u0022top\u0022\u003E\u003Cp align=\u0022center\u0022\u003E105,1\u003C\/p\u003E\u003C\/td\u003E\u003Ctd valign=\u0022top\u0022\u003E\u003Cp align=\u0022center\u0022\u003E- 0,2 %\u003C\/p\u003E\u003C\/td\u003E\u003C\/tr\u003E\u003Ctr\u003E\u003Ctd valign=\u0022top\u0022\u003E\u003Cp\u003EOctobre 2025\u003C\/p\u003E\u003C\/td\u003E\u003Ctd valign=\u0022top\u0022\u003E\u003Cp align=\u0022center\u0022\u003E104,7\u003C\/p\u003E\u003C\/td\u003E\u003Ctd valign=\u0022top\u0022\u003E\u003Cp align=\u0022center\u0022\u003E- 0,4 %\u003C\/p\u003E\u003C\/td\u003E\u003C\/tr\u003E\u003Ctr\u003E\u003Ctd valign=\u0022top\u0022\u003E\u003Cp\u003ENovembre 2025\u003C\/p\u003E\u003C\/td\u003E\u003Ctd valign=\u0022top\u0022\u003E\u003Cp align=\u0022center\u0022\u003E104,6\u003C\/p\u003E\u003C\/td\u003E\u003Ctd valign=\u0022top\u0022\u003E\u003Cp align=\u0022center\u0022\u003E+ 0,1 %\u003C\/p\u003E\u003C\/td\u003E\u003C\/tr\u003E\u003Ctr\u003E\u003Ctd valign=\u0022top\u0022\u003E\u003Cp\u003ED\u00e9cembre 2025\u003C\/p\u003E\u003C\/td\u003E\u003Ctd valign=\u0022top\u0022\u003E\u003Cp align=\u0022center\u0022\u003E104,7\u003C\/p\u003E\u003C\/td\u003E\u003Ctd valign=\u0022top\u0022\u003E\u003Cp align=\u0022center\u0022\u003E+ 0,1 %\u003C\/p\u003E\u003C\/td\u003E\u003C\/tr\u003E\u003C\/tbody\u003E\u003C\/table\u003E                                            \u003Cp\u003E\u003Cbr \/\u003E\u003Cstrong\u003ESource :\u003C\/strong\u003E\u003Cstrong\u003E\u00a0\u003C\/strong\u003E\u003C\/p\u003E\u003Cul\u003E\u003Cli\u003E\u003Ca href=\u0022https:\/\/www.insee.fr\/fr\/statistiques\/8744578\u0022 target=\u0022_blank\u0022 rel=\u0022noopener\u0022\u003EIndice du volume des ventes dans le commerce \u2013 D\u00e9cembre 2025\u003C\/a\u003E\u003C\/li\u003E\u003C\/ul\u003E\u003C\/div\u003E","annee":"2025","theme":" Indices, taux, bar\u00e8mes juridiques","activites":["Automobile"],"image":"https:\/\/www.weblex.fr\/sites\/default\/files\/chiffres_clef\/Shutterstock_volventecomrepautomobiles.jpg","created":"2026-03-02","modified":"2026-04-07"},{"url":"\/chiffres-cles\/indice-de-la-production-dans-les-activites-juridiques-et-comptables-annee-2025","id":26128,"title":"Indice de la production dans les activit\u00e9s juridiques et comptables - Ann\u00e9e 2025","content":"\u003Cdiv\u003E                                              \u003Cp\u003EIndice de la production dans les activit\u00e9s juridiques et comptables (r\u00e9f\u00e9rence 100 en 2021)\u003C\/p\u003E\u003Ctable class=\u0022MsoTableGrid\u0022\u003E\u003Ctbody\u003E\u003Ctr\u003E\u003Ctd valign=\u0022top\u0022\u003E\u003Cp align=\u0022center\u0022\u003E\u003Cstrong\u003EP\u00e9riode\u003C\/strong\u003E\u003C\/p\u003E\u003C\/td\u003E\u003Ctd valign=\u0022top\u0022\u003E\u003Cp align=\u0022center\u0022\u003E\u003Cstrong\u003EIndice\u003C\/strong\u003E\u003C\/p\u003E\u003C\/td\u003E\u003Ctd valign=\u0022top\u0022\u003E\u003Cp align=\u0022center\u0022\u003E\u003Cstrong\u003EVariation mensuelle\u003C\/strong\u003E\u003C\/p\u003E\u003C\/td\u003E\u003C\/tr\u003E\u003Ctr\u003E\u003Ctd valign=\u0022top\u0022\u003E\u003Cp\u003EJanvier 2025\u003C\/p\u003E\u003C\/td\u003E\u003Ctd valign=\u0022top\u0022\u003E\u003Cp align=\u0022center\u0022\u003E109,4\u003C\/p\u003E\u003C\/td\u003E\u003Ctd valign=\u0022top\u0022\u003E\u003Cp align=\u0022center\u0022\u003E- 1,4 %\u003C\/p\u003E\u003C\/td\u003E\u003C\/tr\u003E\u003Ctr\u003E\u003Ctd valign=\u0022top\u0022\u003E\u003Cp\u003EF\u00e9vrier 2025\u003C\/p\u003E\u003C\/td\u003E\u003Ctd valign=\u0022top\u0022\u003E\u003Cp align=\u0022center\u0022\u003E109,5\u003C\/p\u003E\u003C\/td\u003E\u003Ctd valign=\u0022top\u0022\u003E\u003Cp align=\u0022center\u0022\u003E+ 0,1 %\u003C\/p\u003E\u003C\/td\u003E\u003C\/tr\u003E\u003Ctr\u003E\u003Ctd valign=\u0022top\u0022\u003E\u003Cp\u003EMars 2025\u003C\/p\u003E\u003C\/td\u003E\u003Ctd valign=\u0022top\u0022\u003E\u003Cp align=\u0022center\u0022\u003E110,8\u003C\/p\u003E\u003C\/td\u003E\u003Ctd valign=\u0022top\u0022\u003E\u003Cp align=\u0022center\u0022\u003E+ 1,3 %\u003C\/p\u003E\u003C\/td\u003E\u003C\/tr\u003E\u003Ctr\u003E\u003Ctd valign=\u0022top\u0022\u003E\u003Cp\u003EAvril 2025\u003C\/p\u003E\u003C\/td\u003E\u003Ctd valign=\u0022top\u0022\u003E\u003Cp align=\u0022center\u0022\u003E109,1\u003C\/p\u003E\u003C\/td\u003E\u003Ctd valign=\u0022top\u0022\u003E\u003Cp align=\u0022center\u0022 s=\u0022\u0022\u003E- 1,2 %\u003C\/p\u003E\u003C\/td\u003E\u003C\/tr\u003E\u003Ctr\u003E\u003Ctd valign=\u0022top\u0022\u003E\u003Cp\u003EMai 2025\u003C\/p\u003E\u003C\/td\u003E\u003Ctd valign=\u0022top\u0022\u003E\u003Cp align=\u0022center\u0022\u003E109,5\u003C\/p\u003E\u003C\/td\u003E\u003Ctd valign=\u0022top\u0022\u003E\u003Cp align=\u0022center\u0022\u003E+ 0,6 %\u003C\/p\u003E\u003C\/td\u003E\u003C\/tr\u003E\u003Ctr\u003E\u003Ctd valign=\u0022top\u0022\u003E\u003Cp\u003EJuin 2025\u003C\/p\u003E\u003C\/td\u003E\u003Ctd valign=\u0022top\u0022\u003E\u003Cp align=\u0022center\u0022\u003E110,9\u003C\/p\u003E\u003C\/td\u003E\u003Ctd valign=\u0022top\u0022\u003E\u003Cp align=\u0022center\u0022\u003E+ 0,8 %\u003C\/p\u003E\u003C\/td\u003E\u003C\/tr\u003E\u003Ctr\u003E\u003Ctd valign=\u0022top\u0022\u003E\u003Cp\u003EJuillet 2025\u003C\/p\u003E\u003C\/td\u003E\u003Ctd valign=\u0022top\u0022\u003E\u003Cp align=\u0022center\u0022\u003E109,9\u003C\/p\u003E\u003C\/td\u003E\u003Ctd valign=\u0022top\u0022\u003E\u003Cp align=\u0022center\u0022\u003E- 0,9 %\u003C\/p\u003E\u003C\/td\u003E\u003C\/tr\u003E\u003Ctr\u003E\u003Ctd valign=\u0022top\u0022\u003E\u003Cp\u003EAo\u00fbt 2025\u003C\/p\u003E\u003C\/td\u003E\u003Ctd valign=\u0022top\u0022\u003E\u003Cp align=\u0022center\u0022\u003E114,3\u003C\/p\u003E\u003C\/td\u003E\u003Ctd valign=\u0022top\u0022\u003E\u003Cp align=\u0022center\u0022\u003E+ 1,6 %\u003C\/p\u003E\u003C\/td\u003E\u003C\/tr\u003E\u003Ctr\u003E\u003Ctd valign=\u0022top\u0022\u003E\u003Cp\u003ESeptembre 2025\u003C\/p\u003E\u003C\/td\u003E\u003Ctd valign=\u0022top\u0022\u003E\u003Cp align=\u0022center\u0022\u003E110,3\u003C\/p\u003E\u003C\/td\u003E\u003Ctd valign=\u0022top\u0022\u003E\u003Cp align=\u0022center\u0022\u003E- 2,6 %\u003C\/p\u003E\u003C\/td\u003E\u003C\/tr\u003E\u003Ctr\u003E\u003Ctd valign=\u0022top\u0022\u003E\u003Cp\u003EOctobre 2025\u003C\/p\u003E\u003C\/td\u003E\u003Ctd valign=\u0022top\u0022\u003E\u003Cp align=\u0022center\u0022\u003E112,7\u003C\/p\u003E\u003C\/td\u003E\u003Ctd valign=\u0022top\u0022\u003E\u003Cp align=\u0022center\u0022\u003E+ 2,2 %\u003C\/p\u003E\u003C\/td\u003E\u003C\/tr\u003E\u003Ctr\u003E\u003Ctd valign=\u0022top\u0022\u003E\u003Cp\u003ENovembre 2025\u003C\/p\u003E\u003C\/td\u003E\u003Ctd valign=\u0022top\u0022\u003E\u003Cp align=\u0022center\u0022\u003E112,7\u003C\/p\u003E\u003C\/td\u003E\u003Ctd valign=\u0022top\u0022\u003E\u003Cp align=\u0022center\u0022\u003E- 0,1 %\u003C\/p\u003E\u003C\/td\u003E\u003C\/tr\u003E\u003Ctr\u003E\u003Ctd valign=\u0022top\u0022\u003E\u003Cp\u003ED\u00e9cembre 2025\u003C\/p\u003E\u003C\/td\u003E\u003Ctd valign=\u0022top\u0022\u003E\u003Cp align=\u0022center\u0022\u003E114,4\u003C\/p\u003E\u003C\/td\u003E\u003Ctd valign=\u0022top\u0022\u003E\u003Cp align=\u0022center\u0022\u003E+ 1,0 %\u003C\/p\u003E\u003C\/td\u003E\u003C\/tr\u003E\u003C\/tbody\u003E\u003C\/table\u003E                                            \u003Cp\u003E\u003Cbr \/\u003E\u003Cstrong\u003ESource :\u003C\/strong\u003E\u003Cstrong\u003E\u00a0\u003C\/strong\u003E\u003C\/p\u003E\u003Cul\u003E\u003Cli\u003E\u003Ca href=\u0022https:\/\/www.insee.fr\/fr\/statistiques\/8884987\u0022 target=\u0022_blank\u0022 rel=\u0022noopener\u0022\u003EIndice de production dans les services \u2013 D\u00e9cembre 2025\u0026nbsp;(insee.fr)\u003C\/a\u003E\u003C\/li\u003E\u003C\/ul\u003E\u003C\/div\u003E","annee":"2025","theme":" Indices, taux, bar\u00e8mes juridiques","activites":["Professionnels du droit et du chiffre"],"image":"https:\/\/www.weblex.fr\/sites\/default\/files\/chiffres_clef\/Shutterstock_actcomptetjuri.jpg","created":"2026-03-02","modified":"2026-04-20"},{"url":"\/chiffres-cles\/indice-de-la-production-des-services-aux-menages-annee-2025","id":26131,"title":"Indice de la production des services aux m\u00e9nages - Ann\u00e9e 2025","content":"\u003Cdiv\u003E                                              \u003Cp\u003EIndice de la production des services aux m\u00e9nages (r\u00e9f\u00e9rence 100 en 2021)\u003C\/p\u003E\u003Ctable class=\u0022MsoTableGrid\u0022\u003E\u003Ctbody\u003E\u003Ctr\u003E\u003Ctd valign=\u0022top\u0022\u003E\u003Cp align=\u0022center\u0022\u003E\u003Cstrong\u003EP\u00e9riode\u003C\/strong\u003E\u003C\/p\u003E\u003C\/td\u003E\u003Ctd valign=\u0022top\u0022\u003E\u003Cp align=\u0022center\u0022\u003E\u003Cstrong\u003EIndice\u003C\/strong\u003E\u003C\/p\u003E\u003C\/td\u003E\u003Ctd valign=\u0022top\u0022\u003E\u003Cp align=\u0022center\u0022\u003E\u003Cstrong\u003EVariation mensuelle\u003C\/strong\u003E\u003C\/p\u003E\u003C\/td\u003E\u003C\/tr\u003E\u003Ctr\u003E\u003Ctd valign=\u0022top\u0022\u003E\u003Cp\u003EJanvier 2025\u003C\/p\u003E\u003C\/td\u003E\u003Ctd valign=\u0022top\u0022\u003E\u003Cp align=\u0022center\u0022\u003E153,5\u003C\/p\u003E\u003C\/td\u003E\u003Ctd valign=\u0022top\u0022\u003E\u003Cp align=\u0022center\u0022\u003E+ 0,5 %\u003C\/p\u003E\u003C\/td\u003E\u003C\/tr\u003E\u003Ctr\u003E\u003Ctd valign=\u0022top\u0022\u003E\u003Cp\u003EF\u00e9vrier 2025\u003C\/p\u003E\u003C\/td\u003E\u003Ctd valign=\u0022top\u0022\u003E\u003Cp align=\u0022center\u0022\u003E156,3\u003C\/p\u003E\u003C\/td\u003E\u003Ctd valign=\u0022top\u0022\u003E\u003Cp align=\u0022center\u0022\u003E+ 1,5 %\u003C\/p\u003E\u003C\/td\u003E\u003C\/tr\u003E\u003Ctr\u003E\u003Ctd valign=\u0022top\u0022\u003E\u003Cp\u003EMars 2025\u003C\/p\u003E\u003C\/td\u003E\u003Ctd valign=\u0022top\u0022\u003E\u003Cp align=\u0022center\u0022\u003E153,4\u003C\/p\u003E\u003C\/td\u003E\u003Ctd valign=\u0022top\u0022\u003E\u003Cp align=\u0022center\u0022\u003E- 2,1 %\u003C\/p\u003E\u003C\/td\u003E\u003C\/tr\u003E\u003Ctr\u003E\u003Ctd valign=\u0022top\u0022\u003E\u003Cp\u003EAvril 2025\u003C\/p\u003E\u003C\/td\u003E\u003Ctd valign=\u0022top\u0022\u003E\u003Cp align=\u0022center\u0022\u003E156,8\u003C\/p\u003E\u003C\/td\u003E\u003Ctd valign=\u0022top\u0022\u003E\u003Cp align=\u0022center\u0022\u003E+ 2,4 %\u003C\/p\u003E\u003C\/td\u003E\u003C\/tr\u003E\u003Ctr\u003E\u003Ctd valign=\u0022top\u0022\u003E\u003Cp\u003EMai 2025\u003C\/p\u003E\u003C\/td\u003E\u003Ctd valign=\u0022top\u0022\u003E\u003Cp align=\u0022center\u0022\u003E154,9\u003C\/p\u003E\u003C\/td\u003E\u003Ctd valign=\u0022top\u0022\u003E\u003Cp align=\u0022center\u0022\u003E- 1,7 %\u003C\/p\u003E\u003C\/td\u003E\u003C\/tr\u003E\u003Ctr\u003E\u003Ctd valign=\u0022top\u0022\u003E\u003Cp\u003EJuin 2025\u003C\/p\u003E\u003C\/td\u003E\u003Ctd valign=\u0022top\u0022\u003E\u003Cp align=\u0022center\u0022\u003E157,8\u003C\/p\u003E\u003C\/td\u003E\u003Ctd valign=\u0022top\u0022\u003E\u003Cp align=\u0022center\u0022\u003E+ 1,6 %\u003C\/p\u003E\u003C\/td\u003E\u003C\/tr\u003E\u003Ctr\u003E\u003Ctd valign=\u0022top\u0022\u003E\u003Cp\u003EJuillet 2025\u003C\/p\u003E\u003C\/td\u003E\u003Ctd valign=\u0022top\u0022\u003E\u003Cp align=\u0022center\u0022\u003E155,1\u003C\/p\u003E\u003C\/td\u003E\u003Ctd valign=\u0022top\u0022\u003E\u003Cp align=\u0022center\u0022\u003E- 1,9 %\u003C\/p\u003E\u003C\/td\u003E\u003C\/tr\u003E\u003Ctr\u003E\u003Ctd valign=\u0022top\u0022\u003E\u003Cp\u003EAo\u00fbt 2025\u003C\/p\u003E\u003C\/td\u003E\u003Ctd valign=\u0022top\u0022\u003E\u003Cp align=\u0022center\u0022\u003E156,9\u003C\/p\u003E\u003C\/td\u003E\u003Ctd valign=\u0022top\u0022\u003E\u003Cp align=\u0022center\u0022\u003E+ 0,5 %\u003C\/p\u003E\u003C\/td\u003E\u003C\/tr\u003E\u003Ctr\u003E\u003Ctd valign=\u0022top\u0022\u003E\u003Cp\u003ESeptembre 2025\u003C\/p\u003E\u003C\/td\u003E\u003Ctd valign=\u0022top\u0022\u003E\u003Cp align=\u0022center\u0022\u003E155,2\u003C\/p\u003E\u003C\/td\u003E\u003Ctd valign=\u0022top\u0022\u003E\u003Cp align=\u0022center\u0022\u003E- 1,6 %\u003C\/p\u003E\u003C\/td\u003E\u003C\/tr\u003E\u003Ctr\u003E\u003Ctd valign=\u0022top\u0022\u003E\u003Cp\u003EOctobre 2025\u003C\/p\u003E\u003C\/td\u003E\u003Ctd valign=\u0022top\u0022\u003E\u003Cp align=\u0022center\u0022\u003E155,8\u003C\/p\u003E\u003C\/td\u003E\u003Ctd valign=\u0022top\u0022\u003E\u003Cp align=\u0022center\u0022\u003E+ 0,1 %\u003C\/p\u003E\u003C\/td\u003E\u003C\/tr\u003E\u003Ctr\u003E\u003Ctd valign=\u0022top\u0022\u003E\u003Cp\u003ENovembre 2025\u003C\/p\u003E\u003C\/td\u003E\u003Ctd valign=\u0022top\u0022\u003E\u003Cp align=\u0022center\u0022\u003E150,8\u003C\/p\u003E\u003C\/td\u003E\u003Ctd valign=\u0022top\u0022\u003E\u003Cp align=\u0022center\u0022\u003E- 2,4 %\u003C\/p\u003E\u003C\/td\u003E\u003C\/tr\u003E\u003Ctr\u003E\u003Ctd valign=\u0022top\u0022\u003E\u003Cp\u003ED\u00e9cembre 2025\u003C\/p\u003E\u003C\/td\u003E\u003Ctd valign=\u0022top\u0022\u003E\u003Cp align=\u0022center\u0022\u003E156,7\u003C\/p\u003E\u003C\/td\u003E\u003Ctd valign=\u0022top\u0022\u003E\u003Cp align=\u0022center\u0022\u003E+ 3,1 %\u003C\/p\u003E\u003C\/td\u003E\u003C\/tr\u003E\u003C\/tbody\u003E\u003C\/table\u003E                                            \u003Cp\u003E\u003Cbr \/\u003E\u003Cstrong\u003ESource :\u003C\/strong\u003E\u003Cstrong\u003E\u00a0\u003C\/strong\u003E\u003C\/p\u003E\u003Cul\u003E\u003Cli\u003E\u003Ca href=\u0022https:\/\/www.insee.fr\/fr\/statistiques\/8884987\u0022 target=\u0022_blank\u0022 rel=\u0022noopener\u0022\u003EIndice de production dans les services \u2013 D\u00e9cembre 2025 (insee.fr)\u003C\/a\u003E\u003C\/li\u003E\u003C\/ul\u003E\u003C\/div\u003E","annee":"2025","theme":" Indices, taux, bar\u00e8mes juridiques","activites":["Prestataire de services"],"image":"https:\/\/www.weblex.fr\/sites\/default\/files\/chiffres_clef\/Shutterstock_servmenages.jpg","created":"2026-03-02","modified":"2026-04-20"},{"url":"\/chiffres-cles\/indice-de-la-production-dans-les-activites-d-architecture-et-d-ingenierie-annee-2025","id":26220,"title":"Indice de la production dans les activit\u00e9s d\u2019architecture et d\u2019ing\u00e9nierie - Ann\u00e9e 2025","content":"\u003Cdiv\u003E                                              \u003Cp\u003EIndice de la production dans les acticit\u00e9s d\u0027architecture et d\u0027ing\u00e9nierie (r\u00e9f\u00e9rence 100 en 2021)\u003C\/p\u003E\u003Ctable class=\u0022MsoTableGrid\u0022 width=\u0022604\u0022\u003E\u003Ctbody\u003E\u003Ctr\u003E\u003Ctd valign=\u0022top\u0022\u003E\u003Cp align=\u0022center\u0022\u003E\u003Cstrong\u003EP\u00e9riode\u003C\/strong\u003E\u003C\/p\u003E\u003C\/td\u003E\u003Ctd valign=\u0022top\u0022\u003E\u003Cp align=\u0022center\u0022\u003E\u003Cstrong\u003EIndice\u003C\/strong\u003E\u003C\/p\u003E\u003C\/td\u003E\u003Ctd valign=\u0022top\u0022\u003E\u003Cp align=\u0022center\u0022\u003E\u003Cstrong\u003EVariation mensuelle\u003C\/strong\u003E\u003C\/p\u003E\u003C\/td\u003E\u003C\/tr\u003E\u003Ctr\u003E\u003Ctd valign=\u0022top\u0022\u003E\u003Cp\u003EJanvier 2025\u003C\/p\u003E\u003C\/td\u003E\u003Ctd valign=\u0022top\u0022\u003E\u003Cp align=\u0022center\u0022\u003E112,8\u003C\/p\u003E\u003C\/td\u003E\u003Ctd valign=\u0022top\u0022\u003E\u003Cp align=\u0022center\u0022\u003E- 5,7\u0026nbsp;%\u003C\/p\u003E\u003C\/td\u003E\u003C\/tr\u003E\u003Ctr\u003E\u003Ctd valign=\u0022top\u0022\u003E\u003Cp\u003EF\u00e9vrier 2025\u003C\/p\u003E\u003C\/td\u003E\u003Ctd valign=\u0022top\u0022\u003E\u003Cp align=\u0022center\u0022\u003E115,1\u003C\/p\u003E\u003C\/td\u003E\u003Ctd valign=\u0022top\u0022\u003E\u003Cp align=\u0022center\u0022\u003E+ 1,2\u0026nbsp;%\u003C\/p\u003E\u003C\/td\u003E\u003C\/tr\u003E\u003Ctr\u003E\u003Ctd valign=\u0022top\u0022\u003E\u003Cp\u003EMars 2025\u003C\/p\u003E\u003C\/td\u003E\u003Ctd valign=\u0022top\u0022\u003E\u003Cp align=\u0022center\u0022\u003E115,1\u003C\/p\u003E\u003C\/td\u003E\u003Ctd valign=\u0022top\u0022\u003E\u003Cp align=\u0022center\u0022\u003E+ 0,1\u0026nbsp;%\u003C\/p\u003E\u003C\/td\u003E\u003C\/tr\u003E\u003Ctr\u003E\u003Ctd valign=\u0022top\u0022\u003E\u003Cp\u003EAvril 2025\u003C\/p\u003E\u003C\/td\u003E\u003Ctd valign=\u0022top\u0022\u003E\u003Cp align=\u0022center\u0022\u003E114,2\u003C\/p\u003E\u003C\/td\u003E\u003Ctd valign=\u0022top\u0022\u003E\u003Cp align=\u0022center\u0022\u003E- 0,5\u0026nbsp;%\u003C\/p\u003E\u003C\/td\u003E\u003C\/tr\u003E\u003Ctr\u003E\u003Ctd valign=\u0022top\u0022\u003E\u003Cp\u003EMai 2025\u003C\/p\u003E\u003C\/td\u003E\u003Ctd valign=\u0022top\u0022\u003E\u003Cp align=\u0022center\u0022\u003E111,8\u003C\/p\u003E\u003C\/td\u003E\u003Ctd valign=\u0022top\u0022\u003E\u003Cp align=\u0022center\u0022\u003E- 1,2\u0026nbsp;%\u003C\/p\u003E\u003C\/td\u003E\u003C\/tr\u003E\u003Ctr\u003E\u003Ctd valign=\u0022top\u0022\u003E\u003Cp\u003EJuin 2025\u003C\/p\u003E\u003C\/td\u003E\u003Ctd valign=\u0022top\u0022\u003E\u003Cp align=\u0022center\u0022\u003E117,2\u003C\/p\u003E\u003C\/td\u003E\u003Ctd valign=\u0022top\u0022\u003E\u003Cp align=\u0022center\u0022\u003E+ 4,0\u0026nbsp;%\u003C\/p\u003E\u003C\/td\u003E\u003C\/tr\u003E\u003Ctr\u003E\u003Ctd valign=\u0022top\u0022\u003E\u003Cp\u003EJuillet 2025\u003C\/p\u003E\u003C\/td\u003E\u003Ctd valign=\u0022top\u0022\u003E\u003Cp align=\u0022center\u0022\u003E113,4\u003C\/p\u003E\u003C\/td\u003E\u003Ctd valign=\u0022top\u0022\u003E\u003Cp align=\u0022center\u0022\u003E- 2,4\u0026nbsp;%\u003C\/p\u003E\u003C\/td\u003E\u003C\/tr\u003E\u003Ctr\u003E\u003Ctd valign=\u0022top\u0022\u003E\u003Cp\u003EAo\u00fbt 2025\u003C\/p\u003E\u003C\/td\u003E\u003Ctd valign=\u0022top\u0022\u003E\u003Cp align=\u0022center\u0022\u003E116,9\u003C\/p\u003E\u003C\/td\u003E\u003Ctd valign=\u0022top\u0022\u003E\u003Cp align=\u0022center\u0022\u003E+ 1,4\u0026nbsp;%\u003C\/p\u003E\u003C\/td\u003E\u003C\/tr\u003E\u003Ctr\u003E\u003Ctd valign=\u0022top\u0022\u003E\u003Cp\u003ESeptembre 2025\u003C\/p\u003E\u003C\/td\u003E\u003Ctd valign=\u0022top\u0022\u003E\u003Cp align=\u0022center\u0022\u003E116,0\u003C\/p\u003E\u003C\/td\u003E\u003Ctd valign=\u0022top\u0022\u003E\u003Cp align=\u0022center\u0022\u003E- 0,6\u0026nbsp;%\u003C\/p\u003E\u003C\/td\u003E\u003C\/tr\u003E\u003Ctr\u003E\u003Ctd valign=\u0022top\u0022\u003E\u003Cp\u003EOctobre 2025\u003C\/p\u003E\u003C\/td\u003E\u003Ctd valign=\u0022top\u0022\u003E\u003Cp align=\u0022center\u0022\u003E120,3\u003C\/p\u003E\u003C\/td\u003E\u003Ctd valign=\u0022top\u0022\u003E\u003Cp align=\u0022center\u0022\u003E+ 2,5\u0026nbsp;%\u003C\/p\u003E\u003C\/td\u003E\u003C\/tr\u003E\u003Ctr\u003E\u003Ctd valign=\u0022top\u0022\u003E\u003Cp\u003ENovembre 2025\u003C\/p\u003E\u003C\/td\u003E\u003Ctd valign=\u0022top\u0022\u003E\u003Cp align=\u0022center\u0022\u003E117,8\u003C\/p\u003E\u003C\/td\u003E\u003Ctd valign=\u0022top\u0022\u003E\u003Cp align=\u0022center\u0022\u003E- 1,4\u0026nbsp;%\u003C\/p\u003E\u003C\/td\u003E\u003C\/tr\u003E\u003Ctr\u003E\u003Ctd valign=\u0022top\u0022\u003E\u003Cp\u003ED\u00e9cembre 2025\u003C\/p\u003E\u003C\/td\u003E\u003Ctd valign=\u0022top\u0022\u003E\u003Cp align=\u0022center\u0022\u003E124,1\u003C\/p\u003E\u003C\/td\u003E\u003Ctd valign=\u0022top\u0022\u003E\u003Cp align=\u0022center\u0022\u003E+ 4,2\u0026nbsp;%\u003C\/p\u003E\u003C\/td\u003E\u003C\/tr\u003E\u003C\/tbody\u003E\u003C\/table\u003E                                            \u003Cp\u003E\u003Cbr \/\u003E\u003Cstrong\u003ESource :\u003C\/strong\u003E\u003Cstrong\u003E\u00a0\u003C\/strong\u003E\u003C\/p\u003E\u003Cul\u003E\u003Cli\u003E\u003Ca href=\u0022https:\/\/www.insee.fr\/fr\/statistiques\/8884987\u0022 target=\u0022_blank\u0022\u003EIndice de production dans les services \u2013 D\u00e9cembre 2025 (insee.fr)\u003C\/a\u003E\u003C\/li\u003E\u003C\/ul\u003E\u003C\/div\u003E","annee":"2025","theme":" Indices, taux, bar\u00e8mes juridiques","activites":["Promoteur \/ Lotisseur \/ Architecte \/ G\u00e9om\u00e8tre"],"image":"https:\/\/www.weblex.fr\/sites\/default\/files\/chiffres_clef\/Shutterstock_actarchiproduction.jpg","created":"2026-03-02","modified":"2026-03-31"},{"url":"\/chiffres-cles\/indice-de-la-production-dans-la-restauration-annee-2025","id":26283,"title":"Indice de la production dans la restauration - Ann\u00e9e 2025","content":"\u003Cdiv\u003E                                              \u003Cp\u003EIndice de la production dans la restauration (r\u00e9f\u00e9rence 100 en 2021)\u003C\/p\u003E\u003Ctable class=\u0022MsoTableGrid\u0022\u003E\u003Ctbody\u003E\u003Ctr\u003E\u003Ctd valign=\u0022top\u0022\u003E\u003Cp align=\u0022center\u0022\u003E\u003Cstrong\u003EP\u00e9riode\u003C\/strong\u003E\u003C\/p\u003E\u003C\/td\u003E\u003Ctd valign=\u0022top\u0022\u003E\u003Cp align=\u0022center\u0022\u003E\u003Cstrong\u003EIndice\u003C\/strong\u003E\u003C\/p\u003E\u003C\/td\u003E\u003Ctd valign=\u0022top\u0022\u003E\u003Cp align=\u0022center\u0022\u003E\u003Cstrong\u003EVariation mensuelle\u003C\/strong\u003E\u003C\/p\u003E\u003C\/td\u003E\u003C\/tr\u003E\u003Ctr\u003E\u003Ctd valign=\u0022top\u0022\u003E\u003Cp\u003EJanvier 2025\u003C\/p\u003E\u003C\/td\u003E\u003Ctd valign=\u0022top\u0022\u003E\u003Cp align=\u0022center\u0022\u003E154,5\u003C\/p\u003E\u003C\/td\u003E\u003Ctd valign=\u0022top\u0022\u003E\u003Cp align=\u0022center\u0022\u003E+ 0,1 %\u003C\/p\u003E\u003C\/td\u003E\u003C\/tr\u003E\u003Ctr\u003E\u003Ctd valign=\u0022top\u0022\u003E\u003Cp\u003EF\u00e9vrier 2025\u003C\/p\u003E\u003C\/td\u003E\u003Ctd valign=\u0022top\u0022\u003E\u003Cp align=\u0022center\u0022\u003E152,4\u003C\/p\u003E\u003C\/td\u003E\u003Ctd valign=\u0022top\u0022\u003E\u003Cp align=\u0022center\u0022\u003E- 1,1 %\u003C\/p\u003E\u003C\/td\u003E\u003C\/tr\u003E\u003Ctr\u003E\u003Ctd valign=\u0022top\u0022\u003E\u003Cp\u003EMars 2025\u003C\/p\u003E\u003C\/td\u003E\u003Ctd valign=\u0022top\u0022\u003E\u003Cp align=\u0022center\u0022\u003E151,0\u003C\/p\u003E\u003C\/td\u003E\u003Ctd valign=\u0022top\u0022\u003E\u003Cp align=\u0022center\u0022\u003E- 0,9 %\u003C\/p\u003E\u003C\/td\u003E\u003C\/tr\u003E\u003Ctr\u003E\u003Ctd valign=\u0022top\u0022\u003E\u003Cp\u003EAvril 2025\u003C\/p\u003E\u003C\/td\u003E\u003Ctd valign=\u0022top\u0022\u003E\u003Cp align=\u0022center\u0022\u003E157,1\u003C\/p\u003E\u003C\/td\u003E\u003Ctd valign=\u0022top\u0022\u003E\u003Cp align=\u0022center\u0022 s=\u0022\u0022\u003E+ 2,5 %\u003C\/p\u003E\u003C\/td\u003E\u003C\/tr\u003E\u003Ctr\u003E\u003Ctd valign=\u0022top\u0022\u003E\u003Cp\u003EMai 2025\u003C\/p\u003E\u003C\/td\u003E\u003Ctd valign=\u0022top\u0022\u003E\u003Cp align=\u0022center\u0022\u003E155,4\u003C\/p\u003E\u003C\/td\u003E\u003Ctd valign=\u0022top\u0022\u003E\u003Cp align=\u0022center\u0022\u003E- 0,5 %\u003C\/p\u003E\u003C\/td\u003E\u003C\/tr\u003E\u003Ctr\u003E\u003Ctd valign=\u0022top\u0022\u003E\u003Cp\u003EJuin 2025\u003C\/p\u003E\u003C\/td\u003E\u003Ctd valign=\u0022top\u0022\u003E\u003Cp align=\u0022center\u0022\u003E153,6\u003C\/p\u003E\u003C\/td\u003E\u003Ctd valign=\u0022top\u0022\u003E\u003Cp align=\u0022center\u0022\u003E- 1,4 %\u003C\/p\u003E\u003C\/td\u003E\u003C\/tr\u003E\u003Ctr\u003E\u003Ctd valign=\u0022top\u0022\u003E\u003Cp\u003EJuillet 2025\u003C\/p\u003E\u003C\/td\u003E\u003Ctd valign=\u0022top\u0022\u003E\u003Cp align=\u0022center\u0022\u003E155,4\u003C\/p\u003E\u003C\/td\u003E\u003Ctd valign=\u0022top\u0022\u003E\u003Cp align=\u0022center\u0022\u003E+ 0,9 %\u003C\/p\u003E\u003C\/td\u003E\u003C\/tr\u003E\u003Ctr\u003E\u003Ctd valign=\u0022top\u0022\u003E\u003Cp\u003EAo\u00fbt 2025\u003C\/p\u003E\u003C\/td\u003E\u003Ctd valign=\u0022top\u0022\u003E\u003Cp align=\u0022center\u0022\u003E154,0\u003C\/p\u003E\u003C\/td\u003E\u003Ctd valign=\u0022top\u0022\u003E\u003Cp align=\u0022center\u0022\u003E- 0,9 %\u003C\/p\u003E\u003C\/td\u003E\u003C\/tr\u003E\u003Ctr\u003E\u003Ctd valign=\u0022top\u0022\u003E\u003Cp\u003ESeptembre 2025\u003C\/p\u003E\u003C\/td\u003E\u003Ctd valign=\u0022top\u0022\u003E\u003Cp align=\u0022center\u0022\u003E153,0\u003C\/p\u003E\u003C\/td\u003E\u003Ctd valign=\u0022top\u0022\u003E\u003Cp align=\u0022center\u0022\u003E- 0,6 %\u003C\/p\u003E\u003C\/td\u003E\u003C\/tr\u003E\u003Ctr\u003E\u003Ctd valign=\u0022top\u0022\u003E\u003Cp\u003EOctobre 2025\u003C\/p\u003E\u003C\/td\u003E\u003Ctd valign=\u0022top\u0022\u003E\u003Cp align=\u0022center\u0022\u003E154,5\u003C\/p\u003E\u003C\/td\u003E\u003Ctd valign=\u0022top\u0022\u003E\u003Cp align=\u0022center\u0022\u003E+ 0,8 %\u003C\/p\u003E\u003C\/td\u003E\u003C\/tr\u003E\u003Ctr\u003E\u003Ctd valign=\u0022top\u0022\u003E\u003Cp\u003ENovembre 2025\u003C\/p\u003E\u003C\/td\u003E\u003Ctd valign=\u0022top\u0022\u003E\u003Cp align=\u0022center\u0022\u003E155,9\u003C\/p\u003E\u003C\/td\u003E\u003Ctd valign=\u0022top\u0022\u003E\u003Cp align=\u0022center\u0022\u003E+ 0,5 %\u003C\/p\u003E\u003C\/td\u003E\u003C\/tr\u003E\u003Ctr\u003E\u003Ctd valign=\u0022top\u0022\u003E\u003Cp\u003ED\u00e9cembre 2025\u003C\/p\u003E\u003C\/td\u003E\u003Ctd valign=\u0022top\u0022\u003E\u003Cp align=\u0022center\u0022\u003E155,3\u003C\/p\u003E\u003C\/td\u003E\u003Ctd valign=\u0022top\u0022\u003E\u003Cp align=\u0022center\u0022\u003E- 0,4 %\u003C\/p\u003E\u003C\/td\u003E\u003C\/tr\u003E\u003C\/tbody\u003E\u003C\/table\u003E                                            \u003Cp\u003E\u003Cbr \/\u003E\u003Cstrong\u003ESource :\u003C\/strong\u003E\u003Cstrong\u003E\u00a0\u003C\/strong\u003E\u003C\/p\u003E\u003Cul\u003E\u003Cli\u003E\u003Ca href=\u0022https:\/\/www.insee.fr\/fr\/statistiques\/8884987\u0022 target=\u0022_blank\u0022 rel=\u0022noopener\u0022\u003EIndice de production dans les services \u2013 D\u00e9cembre 2025 (insee.fr)\u003C\/a\u003E\u003C\/li\u003E\u003C\/ul\u003E\u003C\/div\u003E","annee":"2025","theme":" Indices, taux, bar\u00e8mes juridiques","activites":["Caf\u00e9 \/ H\u00f4tel \/ Restaurant"],"image":"https:\/\/www.weblex.fr\/sites\/default\/files\/chiffres_clef\/Shutterstock_prodindrestauration.jpg","created":"2026-03-02","modified":"2026-03-31"},{"url":"\/chiffres-cles\/indice-de-la-production-dans-l-hebergement-annee-2025","id":26285,"title":"Indice de la production dans l\u2019h\u00e9bergement - Ann\u00e9e 2025","content":"\u003Cdiv\u003E                                              \u003Cp\u003EIndice de la production dans l\u2019h\u00e9bergement (r\u00e9f\u00e9rence 100 en 2021)\u003C\/p\u003E\u003Ctable class=\u0022MsoTableGrid\u0022\u003E\u003Ctbody\u003E\u003Ctr\u003E\u003Ctd valign=\u0022top\u0022\u003E\u003Cp align=\u0022center\u0022\u003E\u003Cstrong\u003EP\u00e9riode\u003C\/strong\u003E\u003C\/p\u003E\u003C\/td\u003E\u003Ctd valign=\u0022top\u0022\u003E\u003Cp align=\u0022center\u0022\u003E\u003Cstrong\u003EIndice\u003C\/strong\u003E\u003C\/p\u003E\u003C\/td\u003E\u003Ctd valign=\u0022top\u0022\u003E\u003Cp align=\u0022center\u0022\u003E\u003Cstrong\u003EVariation mensuelle\u003C\/strong\u003E\u003C\/p\u003E\u003C\/td\u003E\u003C\/tr\u003E\u003Ctr\u003E\u003Ctd valign=\u0022top\u0022\u003E\u003Cp\u003EJanvier 2025\u003C\/p\u003E\u003C\/td\u003E\u003Ctd valign=\u0022top\u0022\u003E\u003Cp align=\u0022center\u0022\u003E174,4\u0026nbsp;\u003C\/p\u003E\u003C\/td\u003E\u003Ctd valign=\u0022top\u0022\u003E\u003Cp align=\u0022center\u0022\u003E\u0026nbsp;+ 1,5 %\u003C\/p\u003E\u003C\/td\u003E\u003C\/tr\u003E\u003Ctr\u003E\u003Ctd valign=\u0022top\u0022\u003E\u003Cp\u003EF\u00e9vrier 2025\u003C\/p\u003E\u003C\/td\u003E\u003Ctd valign=\u0022top\u0022\u003E\u003Cp align=\u0022center\u0022\u003E\u0026nbsp;171,6\u0026nbsp;\u003C\/p\u003E\u003C\/td\u003E\u003Ctd valign=\u0022top\u0022\u003E\u003Cp align=\u0022center\u0022\u003E\u0026nbsp;- 1,3 %\u0026nbsp;\u003C\/p\u003E\u003C\/td\u003E\u003C\/tr\u003E\u003Ctr\u003E\u003Ctd valign=\u0022top\u0022\u003E\u003Cp\u003EMars 2025\u003C\/p\u003E\u003C\/td\u003E\u003Ctd valign=\u0022top\u0022\u003E\u003Cp align=\u0022center\u0022\u003E171,8\u003C\/p\u003E\u003C\/td\u003E\u003Ctd valign=\u0022top\u0022\u003E\u003Cp align=\u0022center\u0022\u003E\u0026nbsp;+ 0,3 %\u003C\/p\u003E\u003C\/td\u003E\u003C\/tr\u003E\u003Ctr\u003E\u003Ctd valign=\u0022top\u0022\u003E\u003Cp\u003EAvril 2025\u003C\/p\u003E\u003C\/td\u003E\u003Ctd valign=\u0022top\u0022\u003E\u003Cp align=\u0022center\u0022\u003E177,6\u003C\/p\u003E\u003C\/td\u003E\u003Ctd valign=\u0022top\u0022\u003E\u003Cp align=\u0022center\u0022 s=\u0022\u0022\u003E\u0026nbsp;+ 1,8 %\u003C\/p\u003E\u003C\/td\u003E\u003C\/tr\u003E\u003Ctr\u003E\u003Ctd valign=\u0022top\u0022\u003E\u003Cp\u003EMai 2025\u003C\/p\u003E\u003C\/td\u003E\u003Ctd valign=\u0022top\u0022\u003E\u003Cp align=\u0022center\u0022\u003E180,2\u003C\/p\u003E\u003C\/td\u003E\u003Ctd valign=\u0022top\u0022\u003E\u003Cp align=\u0022center\u0022\u003E\u0026nbsp;+ 0,9 %\u003C\/p\u003E\u003C\/td\u003E\u003C\/tr\u003E\u003Ctr\u003E\u003Ctd valign=\u0022top\u0022\u003E\u003Cp\u003EJuin 2025\u003C\/p\u003E\u003C\/td\u003E\u003Ctd valign=\u0022top\u0022\u003E\u003Cp align=\u0022center\u0022\u003E177,1\u003C\/p\u003E\u003C\/td\u003E\u003Ctd valign=\u0022top\u0022\u003E\u003Cp align=\u0022center\u0022\u003E\u0026nbsp;- 1,1 %\u0026nbsp;\u003C\/p\u003E\u003C\/td\u003E\u003C\/tr\u003E\u003Ctr\u003E\u003Ctd valign=\u0022top\u0022\u003E\u003Cp\u003EJuillet 2025\u003C\/p\u003E\u003C\/td\u003E\u003Ctd valign=\u0022top\u0022\u003E\u003Cp align=\u0022center\u0022\u003E173,5\u003C\/p\u003E\u003C\/td\u003E\u003Ctd valign=\u0022top\u0022\u003E\u003Cp align=\u0022center\u0022\u003E\u0026nbsp;- 1,2 %\u0026nbsp;\u003C\/p\u003E\u003C\/td\u003E\u003C\/tr\u003E\u003Ctr\u003E\u003Ctd valign=\u0022top\u0022\u003E\u003Cp\u003EAo\u00fbt 2025\u003C\/p\u003E\u003C\/td\u003E\u003Ctd valign=\u0022top\u0022\u003E\u003Cp align=\u0022center\u0022\u003E174,6\u003C\/p\u003E\u003C\/td\u003E\u003Ctd valign=\u0022top\u0022\u003E\u003Cp align=\u0022center\u0022\u003E\u0026nbsp;+ 0,2 %\u003C\/p\u003E\u003C\/td\u003E\u003C\/tr\u003E\u003Ctr\u003E\u003Ctd valign=\u0022top\u0022\u003E\u003Cp\u003ESeptembre 2025\u003C\/p\u003E\u003C\/td\u003E\u003Ctd valign=\u0022top\u0022\u003E\u003Cp align=\u0022center\u0022\u003E173,8\u003C\/p\u003E\u003C\/td\u003E\u003Ctd valign=\u0022top\u0022\u003E\u003Cp align=\u0022center\u0022\u003E+ 0,1 %\u003C\/p\u003E\u003C\/td\u003E\u003C\/tr\u003E\u003Ctr\u003E\u003Ctd valign=\u0022top\u0022\u003E\u003Cp\u003EOctobre 2025\u003C\/p\u003E\u003C\/td\u003E\u003Ctd valign=\u0022top\u0022\u003E\u003Cp align=\u0022center\u0022\u003E175,1\u003C\/p\u003E\u003C\/td\u003E\u003Ctd valign=\u0022top\u0022\u003E\u003Cp align=\u0022center\u0022\u003E\u0026nbsp;+ 0,6 %\u003C\/p\u003E\u003C\/td\u003E\u003C\/tr\u003E\u003Ctr\u003E\u003Ctd valign=\u0022top\u0022\u003E\u003Cp\u003ENovembre 2025\u003C\/p\u003E\u003C\/td\u003E\u003Ctd valign=\u0022top\u0022\u003E\u003Cp align=\u0022center\u0022\u003E177,6\u003C\/p\u003E\u003C\/td\u003E\u003Ctd valign=\u0022top\u0022\u003E\u003Cp align=\u0022center\u0022\u003E\u0026nbsp;+ 1,0 %\u003C\/p\u003E\u003C\/td\u003E\u003C\/tr\u003E\u003Ctr\u003E\u003Ctd valign=\u0022top\u0022\u003E\u003Cp\u003ED\u00e9cembre 2025\u003C\/p\u003E\u003C\/td\u003E\u003Ctd valign=\u0022top\u0022\u003E\u003Cp align=\u0022center\u0022\u003E184,5\u003C\/p\u003E\u003C\/td\u003E\u003Ctd valign=\u0022top\u0022\u003E\u003Cp align=\u0022center\u0022\u003E\u0026nbsp;+ 2,9 %\u003C\/p\u003E\u003C\/td\u003E\u003C\/tr\u003E\u003C\/tbody\u003E\u003C\/table\u003E                                            \u003Cp\u003E\u003Cbr \/\u003E\u003Cstrong\u003ESource :\u003C\/strong\u003E\u003Cstrong\u003E\u00a0\u003C\/strong\u003E\u003C\/p\u003E\u003Cul\u003E\u003Cli\u003E\u003Ca href=\u0022https:\/\/www.insee.fr\/fr\/statistiques\/8884987\u0022 target=\u0022_blank\u0022 rel=\u0022noopener\u0022\u003EIndice de production dans les services \u2013 D\u00e9cembre 2025 (insee.fr)\u003C\/a\u003E\u003C\/li\u003E\u003C\/ul\u003E\u003C\/div\u003E","annee":"2025","theme":" Indices, taux, bar\u00e8mes juridiques","activites":["Caf\u00e9 \/ H\u00f4tel \/ Restaurant"],"image":"https:\/\/www.weblex.fr\/sites\/default\/files\/chiffres_clef\/Shutterstock_proindhebergement.jpg","created":"2026-03-02","modified":"2026-03-20"},{"url":"\/chiffres-cles\/indice-du-volume-des-ventes-dans-le-commerce-de-gros-annee-2025","id":26126,"title":"Indice du volume des ventes dans le commerce de gros - Ann\u00e9e 2025","content":"\u003Cdiv\u003E                                              \u003Cp\u003EIndice du volume des ventes dans le commerce de gros (r\u00e9f\u00e9rence 100 en 2021)\u003C\/p\u003E\u003Ctable class=\u0022MsoTableGrid\u0022 width=\u0022604\u0022\u003E\u003Ctbody\u003E\u003Ctr\u003E\u003Ctd valign=\u0022top\u0022\u003E\u003Cp align=\u0022center\u0022\u003E\u003Cstrong\u003EP\u00e9riode\u003C\/strong\u003E\u003C\/p\u003E\u003C\/td\u003E\u003Ctd valign=\u0022top\u0022\u003E\u003Cp align=\u0022center\u0022\u003E\u003Cstrong\u003EIndice\u003C\/strong\u003E\u003C\/p\u003E\u003C\/td\u003E\u003Ctd valign=\u0022top\u0022\u003E\u003Cp align=\u0022center\u0022\u003E\u003Cstrong\u003EVariation mensuelle\u003C\/strong\u003E\u003C\/p\u003E\u003C\/td\u003E\u003C\/tr\u003E\u003Ctr\u003E\u003Ctd valign=\u0022top\u0022\u003E\u003Cp\u003EJanvier 2025\u003C\/p\u003E\u003C\/td\u003E\u003Ctd valign=\u0022top\u0022\u003E\u003Cp align=\u0022center\u0022\u003E98,4\u003C\/p\u003E\u003C\/td\u003E\u003Ctd valign=\u0022top\u0022\u003E\u003Cp align=\u0022center\u0022\u003E- 0,1 %\u003C\/p\u003E\u003C\/td\u003E\u003C\/tr\u003E\u003Ctr\u003E\u003Ctd valign=\u0022top\u0022\u003E\u003Cp\u003EF\u00e9vrier 2025\u003C\/p\u003E\u003C\/td\u003E\u003Ctd valign=\u0022top\u0022\u003E\u003Cp align=\u0022center\u0022\u003E98,5\u003C\/p\u003E\u003C\/td\u003E\u003Ctd valign=\u0022top\u0022\u003E\u003Cp align=\u0022center\u0022\u003E- 0,1 %\u003C\/p\u003E\u003C\/td\u003E\u003C\/tr\u003E\u003Ctr\u003E\u003Ctd valign=\u0022top\u0022\u003E\u003Cp\u003EMars 2025\u003C\/p\u003E\u003C\/td\u003E\u003Ctd valign=\u0022top\u0022\u003E\u003Cp align=\u0022center\u0022\u003E98,9\u003C\/p\u003E\u003C\/td\u003E\u003Ctd valign=\u0022top\u0022\u003E\u003Cp align=\u0022center\u0022\u003E+ 0,5 %\u003C\/p\u003E\u003C\/td\u003E\u003C\/tr\u003E\u003Ctr\u003E\u003Ctd valign=\u0022top\u0022\u003E\u003Cp\u003EAvril 2025\u003C\/p\u003E\u003C\/td\u003E\u003Ctd valign=\u0022top\u0022\u003E\u003Cp align=\u0022center\u0022\u003E100,0\u003C\/p\u003E\u003C\/td\u003E\u003Ctd valign=\u0022top\u0022\u003E\u003Cp align=\u0022center\u0022\u003E+ 0,9 %\u003C\/p\u003E\u003C\/td\u003E\u003C\/tr\u003E\u003Ctr\u003E\u003Ctd valign=\u0022top\u0022\u003E\u003Cp\u003EMai 2025\u003C\/p\u003E\u003C\/td\u003E\u003Ctd valign=\u0022top\u0022\u003E\u003Cp align=\u0022center\u0022\u003E99,4\u003C\/p\u003E\u003C\/td\u003E\u003Ctd valign=\u0022top\u0022\u003E\u003Cp align=\u0022center\u0022\u003E- 0,6 %\u003C\/p\u003E\u003C\/td\u003E\u003C\/tr\u003E\u003Ctr\u003E\u003Ctd valign=\u0022top\u0022\u003E\u003Cp\u003EJuin 2025\u003C\/p\u003E\u003C\/td\u003E\u003Ctd valign=\u0022top\u0022\u003E\u003Cp align=\u0022center\u0022\u003E100,5\u003C\/p\u003E\u003C\/td\u003E\u003Ctd valign=\u0022top\u0022\u003E\u003Cp align=\u0022center\u0022\u003E+ 0,8 %\u003C\/p\u003E\u003C\/td\u003E\u003C\/tr\u003E\u003Ctr\u003E\u003Ctd valign=\u0022top\u0022\u003E\u003Cp\u003EJuillet 2025\u003C\/p\u003E\u003C\/td\u003E\u003Ctd valign=\u0022top\u0022\u003E\u003Cp align=\u0022center\u0022\u003E98,3\u003C\/p\u003E\u003C\/td\u003E\u003Ctd valign=\u0022top\u0022\u003E\u003Cp align=\u0022center\u0022\u003E- 2,0 %\u003C\/p\u003E\u003C\/td\u003E\u003C\/tr\u003E\u003Ctr\u003E\u003Ctd valign=\u0022top\u0022\u003E\u003Cp\u003EAo\u00fbt 2025\u003C\/p\u003E\u003C\/td\u003E\u003Ctd valign=\u0022top\u0022\u003E\u003Cp align=\u0022center\u0022\u003E98,9\u003C\/p\u003E\u003C\/td\u003E\u003Ctd valign=\u0022top\u0022\u003E\u003Cp align=\u0022center\u0022\u003E+ 1,1 %\u003C\/p\u003E\u003C\/td\u003E\u003C\/tr\u003E\u003Ctr\u003E\u003Ctd valign=\u0022top\u0022\u003E\u003Cp\u003ESeptembre 2025\u003C\/p\u003E\u003C\/td\u003E\u003Ctd valign=\u0022top\u0022\u003E\u003Cp align=\u0022center\u0022\u003E99,0\u003C\/p\u003E\u003C\/td\u003E\u003Ctd valign=\u0022top\u0022\u003E\u003Cp align=\u0022center\u0022\u003E- 0,1 %\u003C\/p\u003E\u003C\/td\u003E\u003C\/tr\u003E\u003Ctr\u003E\u003Ctd valign=\u0022top\u0022\u003E\u003Cp\u003EOctobre 2025\u003C\/p\u003E\u003C\/td\u003E\u003Ctd valign=\u0022top\u0022\u003E\u003Cp align=\u0022center\u0022\u003E98,8\u003C\/p\u003E\u003C\/td\u003E\u003Ctd valign=\u0022top\u0022\u003E\u003Cp align=\u0022center\u0022\u003E- 0,2 %\u003C\/p\u003E\u003C\/td\u003E\u003C\/tr\u003E\u003Ctr\u003E\u003Ctd valign=\u0022top\u0022\u003E\u003Cp\u003ENovembre 2025\u003C\/p\u003E\u003C\/td\u003E\u003Ctd valign=\u0022top\u0022\u003E\u003Cp align=\u0022center\u0022\u003E97,9\u003C\/p\u003E\u003C\/td\u003E\u003Ctd valign=\u0022top\u0022\u003E\u003Cp align=\u0022center\u0022\u003E- 0,8 %\u003C\/p\u003E\u003C\/td\u003E\u003C\/tr\u003E\u003Ctr\u003E\u003Ctd valign=\u0022top\u0022\u003E\u003Cp\u003ED\u00e9cembre 2025\u003C\/p\u003E\u003C\/td\u003E\u003Ctd valign=\u0022top\u0022\u003E\u003Cp align=\u0022center\u0022\u003E99,9\u003C\/p\u003E\u003C\/td\u003E\u003Ctd valign=\u0022top\u0022\u003E\u003Cp align=\u0022center\u0022\u003E+ 1,7 %\u003C\/p\u003E\u003C\/td\u003E\u003C\/tr\u003E\u003C\/tbody\u003E\u003C\/table\u003E                                            \u003Cp\u003E\u003Cbr \/\u003E\u003Cstrong\u003ESource :\u003C\/strong\u003E\u003Cstrong\u003E\u00a0\u003C\/strong\u003E\u003C\/p\u003E\u003Cul\u003E\u003Cli\u003E\u003Ca href=\u0022https:\/\/www.insee.fr\/fr\/statistiques\/8744578\u0022 target=\u0022_blank\u0022 rel=\u0022noopener\u0022\u003EIndice du volume des ventes dans le commerce \u2013 D\u00e9cembre 2025\u003C\/a\u003E\u003C\/li\u003E\u003C\/ul\u003E\u003C\/div\u003E","annee":"2025","theme":" Indices, taux, bar\u00e8mes juridiques","activites":["Distributeur \/ Grossiste"],"image":"https:\/\/www.weblex.fr\/sites\/default\/files\/chiffres_clef\/Shutterstock_comventegroscartons.jpg","created":"2026-03-02","modified":"2026-04-20"},{"url":"\/chiffres-cles\/indice-de-la-production-dans-les-activites-veterinaires-annee-2025","id":26129,"title":"Indice de la production dans les activit\u00e9s v\u00e9t\u00e9rinaires - Ann\u00e9e 2025","content":"\u003Cdiv\u003E                                              \u003Cp\u003EIndice de la production dans les activit\u00e9s v\u00e9t\u00e9rinaires (r\u00e9f\u00e9rence 100 en 2021)\u003C\/p\u003E\u003Ctable class=\u0022MsoTableGrid\u0022\u003E\u003Ctbody\u003E\u003Ctr\u003E\u003Ctd valign=\u0022top\u0022\u003E\u003Cp align=\u0022center\u0022\u003E\u003Cstrong\u003EP\u00e9riode\u003C\/strong\u003E\u003C\/p\u003E\u003C\/td\u003E\u003Ctd valign=\u0022top\u0022\u003E\u003Cp align=\u0022center\u0022\u003E\u003Cstrong\u003EIndice\u003C\/strong\u003E\u003C\/p\u003E\u003C\/td\u003E\u003Ctd valign=\u0022top\u0022\u003E\u003Cp align=\u0022center\u0022\u003E\u003Cstrong\u003EVariation mensuelle\u003C\/strong\u003E\u003C\/p\u003E\u003C\/td\u003E\u003C\/tr\u003E\u003Ctr\u003E\u003Ctd valign=\u0022top\u0022\u003E\u003Cp\u003EJanvier 2025\u003C\/p\u003E\u003C\/td\u003E\u003Ctd valign=\u0022top\u0022\u003E\u003Cp align=\u0022center\u0022\u003E102,4\u003C\/p\u003E\u003C\/td\u003E\u003Ctd valign=\u0022top\u0022\u003E\u003Cp align=\u0022center\u0022\u003E+ 0,1 %\u003C\/p\u003E\u003C\/td\u003E\u003C\/tr\u003E\u003Ctr\u003E\u003Ctd valign=\u0022top\u0022\u003E\u003Cp\u003EF\u00e9vrier 2025\u003C\/p\u003E\u003C\/td\u003E\u003Ctd valign=\u0022top\u0022\u003E\u003Cp align=\u0022center\u0022\u003E102,7\u003C\/p\u003E\u003C\/td\u003E\u003Ctd valign=\u0022top\u0022\u003E\u003Cp align=\u0022center\u0022\u003E- 0,1 %\u003C\/p\u003E\u003C\/td\u003E\u003C\/tr\u003E\u003Ctr\u003E\u003Ctd valign=\u0022top\u0022\u003E\u003Cp\u003EMars 2025\u003C\/p\u003E\u003C\/td\u003E\u003Ctd valign=\u0022top\u0022\u003E\u003Cp align=\u0022center\u0022\u003E102,3\u003C\/p\u003E\u003C\/td\u003E\u003Ctd valign=\u0022top\u0022\u003E\u003Cp align=\u0022center\u0022\u003E- 0,2 %\u003C\/p\u003E\u003C\/td\u003E\u003C\/tr\u003E\u003Ctr\u003E\u003Ctd valign=\u0022top\u0022\u003E\u003Cp\u003EAvril 2025\u003C\/p\u003E\u003C\/td\u003E\u003Ctd valign=\u0022top\u0022\u003E\u003Cp align=\u0022center\u0022\u003E104,3\u003C\/p\u003E\u003C\/td\u003E\u003Ctd valign=\u0022top\u0022\u003E\u003Cp align=\u0022center\u0022 s=\u0022\u0022\u003E+ 1,6 %\u003C\/p\u003E\u003C\/td\u003E\u003C\/tr\u003E\u003Ctr\u003E\u003Ctd valign=\u0022top\u0022\u003E\u003Cp\u003EMai 2025\u003C\/p\u003E\u003C\/td\u003E\u003Ctd valign=\u0022top\u0022\u003E\u003Cp align=\u0022center\u0022\u003E103,5\u003C\/p\u003E\u003C\/td\u003E\u003Ctd valign=\u0022top\u0022\u003E\u003Cp align=\u0022center\u0022\u003E- 0,6 %\u003C\/p\u003E\u003C\/td\u003E\u003C\/tr\u003E\u003Ctr\u003E\u003Ctd valign=\u0022top\u0022\u003E\u003Cp\u003EJuin 2025\u003C\/p\u003E\u003C\/td\u003E\u003Ctd valign=\u0022top\u0022\u003E\u003Cp align=\u0022center\u0022\u003E103,4\u003C\/p\u003E\u003C\/td\u003E\u003Ctd valign=\u0022top\u0022\u003E\u003Cp align=\u0022center\u0022\u003E- 0,4 %\u003C\/p\u003E\u003C\/td\u003E\u003C\/tr\u003E\u003Ctr\u003E\u003Ctd valign=\u0022top\u0022\u003E\u003Cp\u003EJuillet 2025\u003C\/p\u003E\u003C\/td\u003E\u003Ctd valign=\u0022top\u0022\u003E\u003Cp align=\u0022center\u0022\u003E105,8\u003C\/p\u003E\u003C\/td\u003E\u003Ctd valign=\u0022top\u0022\u003E\u003Cp align=\u0022center\u0022\u003E+ 2,0 %\u003C\/p\u003E\u003C\/td\u003E\u003C\/tr\u003E\u003Ctr\u003E\u003Ctd valign=\u0022top\u0022\u003E\u003Cp\u003EAo\u00fbt 2025\u003C\/p\u003E\u003C\/td\u003E\u003Ctd valign=\u0022top\u0022\u003E\u003Cp align=\u0022center\u0022\u003E102,2\u003C\/p\u003E\u003C\/td\u003E\u003Ctd valign=\u0022top\u0022\u003E\u003Cp align=\u0022center\u0022\u003E- 5,4 %\u003C\/p\u003E\u003C\/td\u003E\u003C\/tr\u003E\u003Ctr\u003E\u003Ctd valign=\u0022top\u0022\u003E\u003Cp\u003ESeptembre 2025\u003C\/p\u003E\u003C\/td\u003E\u003Ctd valign=\u0022top\u0022\u003E\u003Cp align=\u0022center\u0022\u003E103,7\u003C\/p\u003E\u003C\/td\u003E\u003Ctd valign=\u0022top\u0022\u003E\u003Cp align=\u0022center\u0022\u003E+ 0,8 %\u003C\/p\u003E\u003C\/td\u003E\u003C\/tr\u003E\u003Ctr\u003E\u003Ctd valign=\u0022top\u0022\u003E\u003Cp\u003EOctobre 2025\u003C\/p\u003E\u003C\/td\u003E\u003Ctd valign=\u0022top\u0022\u003E\u003Cp align=\u0022center\u0022\u003E102,7\u003C\/p\u003E\u003C\/td\u003E\u003Ctd valign=\u0022top\u0022\u003E\u003Cp align=\u0022center\u0022\u003E- 0,8 %\u003C\/p\u003E\u003C\/td\u003E\u003C\/tr\u003E\u003Ctr\u003E\u003Ctd valign=\u0022top\u0022\u003E\u003Cp\u003ENovembre 2025\u003C\/p\u003E\u003C\/td\u003E\u003Ctd valign=\u0022top\u0022\u003E\u003Cp align=\u0022center\u0022\u003E102,8\u003C\/p\u003E\u003C\/td\u003E\u003Ctd valign=\u0022top\u0022\u003E\u003Cp align=\u0022center\u0022\u003E+ 0,2 %\u003C\/p\u003E\u003C\/td\u003E\u003C\/tr\u003E\u003Ctr\u003E\u003Ctd valign=\u0022top\u0022\u003E\u003Cp\u003ED\u00e9cembre 2025\u003C\/p\u003E\u003C\/td\u003E\u003Ctd valign=\u0022top\u0022\u003E\u003Cp align=\u0022center\u0022\u003E103,8\u003C\/p\u003E\u003C\/td\u003E\u003Ctd valign=\u0022top\u0022\u003E\u003Cp align=\u0022center\u0022\u003E+ 0,7 %\u003C\/p\u003E\u003C\/td\u003E\u003C\/tr\u003E\u003C\/tbody\u003E\u003C\/table\u003E                                            \u003Cp\u003E\u003Cbr \/\u003E\u003Cstrong\u003ESource :\u003C\/strong\u003E\u003Cstrong\u003E\u00a0\u003C\/strong\u003E\u003C\/p\u003E\u003Cul\u003E\u003Cli\u003E\u003Ca href=\u0022https:\/\/www.insee.fr\/fr\/statistiques\/8884987\u0022 target=\u0022_blank\u0022 rel=\u0022noopener\u0022\u003EIndice de production dans les services \u2013 D\u00e9cembre 2025 (insee.fr)\u003C\/a\u003E\u003C\/li\u003E\u003C\/ul\u003E\u003C\/div\u003E","annee":"2025","theme":" Indices, taux, bar\u00e8mes juridiques","activites":["Sant\u00e9"],"image":"https:\/\/www.weblex.fr\/sites\/default\/files\/chiffres_clef\/Shutterstock_veterinairesvetoanimaux.jpg","created":"2026-03-02","modified":"2026-03-31"},{"url":"\/chiffres-cles\/indice-de-la-frequentation-touristique-des-hotels-annee-2025","id":26326,"title":"Indice de la fr\u00e9quentation touristique des h\u00f4tels - Ann\u00e9e 2025","content":"\u003Cdiv\u003E                                              \u003Cp\u003EIndice de la fr\u00e9quentation touristique des h\u00f4tels\u0026nbsp;\u003C\/p\u003E\u003Ctable class=\u0022MsoTableGrid\u0022\u003E\u003Ctbody\u003E\u003Ctr\u003E\u003Ctd\u003E\u003Cp align=\u0022center\u0022\u003E\u003Cstrong\u003EP\u00e9riode\u003C\/strong\u003E\u003C\/p\u003E\u003C\/td\u003E\u003Ctd\u003E\u003Cp align=\u0022center\u0022\u003E\u003Cstrong\u003ENuit\u00e9es du trimestre (en millions)\u003C\/strong\u003E\u003C\/p\u003E\u003C\/td\u003E\u003Ctd\u003E\u003Cp align=\u0022center\u0022\u003E\u003Cstrong\u003EVariation annuelle\u0026nbsp;(en %)\u003C\/strong\u003E\u003C\/p\u003E\u003C\/td\u003E\u003C\/tr\u003E\u003Ctr\u003E\u003Ctd valign=\u0022top\u0022\u003E\u003Cp\u003E1er trimestre 2025\u003C\/p\u003E\u003C\/td\u003E\u003Ctd\u003E\u003Cp align=\u0022center\u0022\u003E42,2\u003C\/p\u003E\u003C\/td\u003E\u003Ctd\u003E\u003Cp align=\u0022center\u0022\u003E- 2,0 %\u003C\/p\u003E\u003C\/td\u003E\u003C\/tr\u003E\u003Ctr\u003E\u003Ctd valign=\u0022top\u0022\u003E\u003Cp\u003E2e trimestre 2025\u003C\/p\u003E\u003C\/td\u003E\u003Ctd\u003E\u003Cp align=\u0022center\u0022\u003E60,3\u003C\/p\u003E\u003C\/td\u003E\u003Ctd\u003E\u003Cp align=\u0022center\u0022\u003E+ 5,2 %\u003C\/p\u003E\u003C\/td\u003E\u003C\/tr\u003E\u003Ctr\u003E\u003Ctd valign=\u0022top\u0022\u003E\u003Cp\u003E3e trimestre 2025\u003C\/p\u003E\u003C\/td\u003E\u003Ctd\u003E\u003Cp align=\u0022center\u0022\u003E69,2\u003C\/p\u003E\u003C\/td\u003E\u003Ctd\u003E\u003Cp align=\u0022center\u0022\u003E+ 4,3 %\u003C\/p\u003E\u003C\/td\u003E\u003C\/tr\u003E\u003Ctr\u003E\u003Ctd valign=\u0022top\u0022\u003E\u003Cp\u003E4e trimestre 2025\u003C\/p\u003E\u003C\/td\u003E\u003Ctd\u003E\u003Cp align=\u0022center\u0022\u003E48,7\u003C\/p\u003E\u003C\/td\u003E\u003Ctd\u003E\u003Cp align=\u0022center\u0022\u003E+ 2,1 %\u003C\/p\u003E\u003C\/td\u003E\u003C\/tr\u003E\u003C\/tbody\u003E\u003C\/table\u003E                                            \u003Cp\u003E\u003Cbr \/\u003E\u003Cstrong\u003ESource :\u003C\/strong\u003E\u003Cstrong\u003E\u00a0\u003C\/strong\u003E\u003C\/p\u003E\u003Cul\u003E\u003Cli\u003E\u003Ca href=\u0022https:\/\/www.insee.fr\/fr\/statistiques\/8739138\u0022 target=\u0022_blank\u0022\u003EIndice de la fr\u00e9quentation des h\u00e9bergements collectifs touristiques \u2013 4e trimestre 2025 (insee.fr)\u003C\/a\u003E\u003C\/li\u003E\u003C\/ul\u003E\u003C\/div\u003E","annee":"2025","theme":" Indices, taux, bar\u00e8mes juridiques","activites":["Caf\u00e9 \/ H\u00f4tel \/ Restaurant"],"image":"https:\/\/www.weblex.fr\/sites\/default\/files\/chiffres_clef\/Shutterstock_hotelsfreqprodindice.jpg","created":"2026-02-24","modified":"2026-03-20"},{"url":"\/chiffres-cles\/indice-national-du-batiment-bt-01-tous-corps-d-etat-annee-2025","id":26063,"title":"Indice national du B\u00e2timent \u2013 BT 01 (tous corps d\u2019\u00e9tat) - Ann\u00e9e 2025","content":"\u003Cdiv\u003E                                              \u003Ctable class=\u0022MsoTableGrid\u0022 width=\u0022604\u0022\u003E\u003Ctbody\u003E\u003Ctr\u003E\u003Ctd valign=\u0022top\u0022\u003E\u003Cp align=\u0022center\u0022\u003E\u003Cstrong\u003EP\u00e9riode\u003C\/strong\u003E\u003C\/p\u003E\u003C\/td\u003E\u003Ctd valign=\u0022top\u0022\u003E\u003Cp align=\u0022center\u0022\u003E\u003Cstrong\u003EIndex\u003C\/strong\u003E\u003C\/p\u003E\u003C\/td\u003E\u003C\/tr\u003E\u003Ctr\u003E\u003Ctd valign=\u0022top\u0022\u003E\u003Cp\u003EJanvier 2025\u003C\/p\u003E\u003C\/td\u003E\u003Ctd valign=\u0022top\u0022\u003E\u003Cp align=\u0022center\u0022\u003E132,0\u003C\/p\u003E\u003C\/td\u003E\u003C\/tr\u003E\u003Ctr\u003E\u003Ctd valign=\u0022top\u0022\u003E\u003Cp\u003EF\u00e9vrier 2025\u003C\/p\u003E\u003C\/td\u003E\u003Ctd valign=\u0022top\u0022\u003E\u003Cp align=\u0022center\u0022\u003E132,1\u003C\/p\u003E\u003C\/td\u003E\u003C\/tr\u003E\u003Ctr\u003E\u003Ctd valign=\u0022top\u0022\u003E\u003Cp\u003EMars 2025\u003C\/p\u003E\u003C\/td\u003E\u003Ctd valign=\u0022top\u0022\u003E\u003Cp align=\u0022center\u0022\u003E132,5\u003C\/p\u003E\u003C\/td\u003E\u003C\/tr\u003E\u003Ctr\u003E\u003Ctd valign=\u0022top\u0022\u003E\u003Cp\u003EAvril 2025\u003C\/p\u003E\u003C\/td\u003E\u003Ctd valign=\u0022top\u0022\u003E\u003Cp align=\u0022center\u0022\u003E132,9\u003C\/p\u003E\u003C\/td\u003E\u003C\/tr\u003E\u003Ctr\u003E\u003Ctd valign=\u0022top\u0022\u003E\u003Cp\u003EMai 2025\u003C\/p\u003E\u003C\/td\u003E\u003Ctd valign=\u0022top\u0022\u003E\u003Cp align=\u0022center\u0022\u003E132,9\u003C\/p\u003E\u003C\/td\u003E\u003C\/tr\u003E\u003Ctr\u003E\u003Ctd valign=\u0022top\u0022\u003E\u003Cp\u003EJuin 2025\u003C\/p\u003E\u003C\/td\u003E\u003Ctd valign=\u0022top\u0022\u003E\u003Cp align=\u0022center\u0022\u003E133,1\u003C\/p\u003E\u003C\/td\u003E\u003C\/tr\u003E\u003Ctr\u003E\u003Ctd valign=\u0022top\u0022\u003E\u003Cp\u003EJuillet 2025\u003C\/p\u003E\u003C\/td\u003E\u003Ctd valign=\u0022top\u0022\u003E\u003Cp align=\u0022center\u0022\u003E133,4\u003C\/p\u003E\u003C\/td\u003E\u003C\/tr\u003E\u003Ctr\u003E\u003Ctd valign=\u0022top\u0022\u003E\u003Cp\u003EAo\u00fbt 2025\u003C\/p\u003E\u003C\/td\u003E\u003Ctd valign=\u0022top\u0022\u003E\u003Cp align=\u0022center\u0022\u003E133,7\u003C\/p\u003E\u003C\/td\u003E\u003C\/tr\u003E\u003Ctr\u003E\u003Ctd valign=\u0022top\u0022\u003E\u003Cp\u003ESeptembre 2025\u003C\/p\u003E\u003C\/td\u003E\u003Ctd valign=\u0022top\u0022\u003E\u003Cp align=\u0022center\u0022\u003E133,3\u003C\/p\u003E\u003C\/td\u003E\u003C\/tr\u003E\u003Ctr\u003E\u003Ctd valign=\u0022top\u0022\u003E\u003Cp\u003EOctobre 2025\u003C\/p\u003E\u003C\/td\u003E\u003Ctd valign=\u0022top\u0022\u003E\u003Cp align=\u0022center\u0022\u003E133,2\u003C\/p\u003E\u003C\/td\u003E\u003C\/tr\u003E\u003Ctr\u003E\u003Ctd valign=\u0022top\u0022\u003E\u003Cp\u003ENovembre 2025\u003C\/p\u003E\u003C\/td\u003E\u003Ctd valign=\u0022top\u0022\u003E\u003Cp align=\u0022center\u0022\u003E133,3\u003C\/p\u003E\u003C\/td\u003E\u003C\/tr\u003E\u003Ctr\u003E\u003Ctd valign=\u0022top\u0022\u003E\u003Cp\u003ED\u00e9cembre 2025\u003C\/p\u003E\u003C\/td\u003E\u003Ctd valign=\u0022top\u0022\u003E\u003Cp align=\u0022center\u0022\u003E133,7\u003C\/p\u003E\u003C\/td\u003E\u003C\/tr\u003E\u003C\/tbody\u003E\u003C\/table\u003E\u003Cp\u003E\u003Ca href=\u0022https:\/\/www.insee.fr\/fr\/statistiques\/8559797\u0022 target=\u0022_blank\u0022 rel=\u0022noopener\u0022\u003E\u003Cstrong\u003ERetrouvez le d\u00e9tail des index par corps d\u2019\u00e9tat (base 2010)\u003C\/strong\u003E\u003C\/a\u003E\u003C\/p\u003E\u003Cp\u003EPour rappel, les index de la construction d\u0027octobre 2014, dont la publication a eu lieu le 15 janvier 2015, sont pass\u00e9s \u00e0 cette date en base 2010. Les anciens index B\u00e2timent ont donc cess\u00e9. L\u2019Insee propose toutefois une \u00ab s\u00e9rie correspondante \u00bb en face de chaque \u00ab s\u00e9rie arr\u00eat\u00e9e \u00bb, avec la r\u00e8gle de calcul suivante :\u003C\/p\u003E\u003Cul\u003E\u003Cli\u003Eavant le changement de base, c\u2019est-\u00e0-dire jusqu\u2019\u00e0 septembre 2014 inclus, l\u2019ancienne s\u00e9rie est directement accessible et fait foi ;\u003C\/li\u003E\u003Cli\u003E\u00e0 partir du changement de base, c\u2019est-\u00e0-dire depuis octobre 2014 inclus, l\u2019ancienne s\u00e9rie peut \u00eatre prolong\u00e9e de la mani\u00e8re suivante : la (nouvelle) s\u00e9rie correspondante doit \u00eatre multipli\u00e9e par un coefficient de raccordement puis le produit ainsi obtenu arrondi \u00e0 une d\u00e9cimale.\u003C\/li\u003E\u003C\/ul\u003E\u003Cp\u003E\u003Ca href=\u0022https:\/\/www.insee.fr\/fr\/statistiques\/fichier\/2862863\/tableau%20de%20correspondance%20des%20index%20bt.xls\u0022 target=\u0022_blank\u0022 rel=\u0022noopener\u0022\u003E\u003Cstrong\u003EConsultez le tableau de correspondance \u00ab anciennes \/ nouvelles s\u00e9ries \u00bb des index BT pr\u00e9sentant les coefficients de raccordement\u003C\/strong\u003E\u003C\/a\u003E\u003C\/p\u003E                                            \u003Cp\u003E\u003Cbr \/\u003E\u003Cstrong\u003ESource :\u003C\/strong\u003E\u003Cstrong\u003E\u00a0\u003C\/strong\u003E\u003C\/p\u003E\u003Cul\u003E\u003Cli\u003E\u003Ca href=\u0022https:\/\/www.insee.fr\/fr\/statistiques\/8739372\u0022 target=\u0022_blank\u0022 rel=\u0022noopener\u0022\u003EIndex b\u00e2timent, travaux publics et divers de la construction \u2013 D\u00e9cembre 2025 (insee.fr)\u003C\/a\u003E\u003C\/li\u003E\u003C\/ul\u003E\u003C\/div\u003E","annee":"2025","theme":" Indices, taux, bar\u00e8mes juridiques","activites":["Artisan","Promoteur \/ Lotisseur \/ Architecte \/ G\u00e9om\u00e8tre"],"image":"https:\/\/www.weblex.fr\/sites\/default\/files\/chiffres_clef\/Shutterstock_batimentsindicetravaux.jpg","created":"2026-02-24","modified":"2026-02-24"},{"url":"\/chiffres-cles\/indices-divers-de-la-construction-annee-2025","id":26065,"title":"Indices divers de la construction - Ann\u00e9e 2025","content":"\u003Cdiv\u003E                                              \u003Cp\u003E\u003Cstrong\u003EIndice TRBT \u2013 Transport b\u00e2timent\u003C\/strong\u003E\u003C\/p\u003E\u003Ctable class=\u0022MsoTableGrid\u0022 width=\u0022604\u0022\u003E\u003Ctbody\u003E\u003Ctr\u003E\u003Ctd valign=\u0022top\u0022\u003E\u003Cp align=\u0022center\u0022\u003E\u003Cstrong\u003EP\u00e9riode\u003C\/strong\u003E\u003C\/p\u003E\u003C\/td\u003E\u003Ctd valign=\u0022top\u0022\u003E\u003Cp align=\u0022center\u0022\u003E\u003Cstrong\u003EIndex\u003C\/strong\u003E\u003C\/p\u003E\u003C\/td\u003E\u003C\/tr\u003E\u003Ctr\u003E\u003Ctd valign=\u0022top\u0022\u003E\u003Cp\u003EJanvier 2025\u003C\/p\u003E\u003C\/td\u003E\u003Ctd valign=\u0022top\u0022\u003E\u003Cp align=\u0022center\u0022\u003E130,7\u003C\/p\u003E\u003C\/td\u003E\u003C\/tr\u003E\u003Ctr\u003E\u003Ctd valign=\u0022top\u0022\u003E\u003Cp\u003EF\u00e9vrier 2025\u003C\/p\u003E\u003C\/td\u003E\u003Ctd valign=\u0022top\u0022\u003E\u003Cp align=\u0022center\u0022\u003E130,8\u003C\/p\u003E\u003C\/td\u003E\u003C\/tr\u003E\u003Ctr\u003E\u003Ctd valign=\u0022top\u0022\u003E\u003Cp\u003EMars 2025\u003C\/p\u003E\u003C\/td\u003E\u003Ctd valign=\u0022top\u0022\u003E\u003Cp align=\u0022center\u0022\u003E130,1\u003C\/p\u003E\u003C\/td\u003E\u003C\/tr\u003E\u003Ctr\u003E\u003Ctd valign=\u0022top\u0022\u003E\u003Cp\u003EAvril 2025\u003C\/p\u003E\u003C\/td\u003E\u003Ctd valign=\u0022top\u0022\u003E\u003Cp align=\u0022center\u0022\u003E129,3\u003C\/p\u003E\u003C\/td\u003E\u003C\/tr\u003E\u003Ctr\u003E\u003Ctd valign=\u0022top\u0022\u003E\u003Cp\u003EMai 2025\u003C\/p\u003E\u003C\/td\u003E\u003Ctd valign=\u0022top\u0022\u003E\u003Cp align=\u0022center\u0022\u003E129,0\u003C\/p\u003E\u003C\/td\u003E\u003C\/tr\u003E\u003Ctr\u003E\u003Ctd valign=\u0022top\u0022\u003E\u003Cp\u003EJuin 2025\u003C\/p\u003E\u003C\/td\u003E\u003Ctd valign=\u0022top\u0022\u003E\u003Cp align=\u0022center\u0022\u003E129,7\u003C\/p\u003E\u003C\/td\u003E\u003C\/tr\u003E\u003Ctr\u003E\u003Ctd valign=\u0022top\u0022\u003E\u003Cp\u003EJuillet 2025\u003C\/p\u003E\u003C\/td\u003E\u003Ctd valign=\u0022top\u0022\u003E\u003Cp align=\u0022center\u0022\u003E130,8\u003C\/p\u003E\u003C\/td\u003E\u003C\/tr\u003E\u003Ctr\u003E\u003Ctd valign=\u0022top\u0022\u003E\u003Cp\u003EAo\u00fbt 2025\u003C\/p\u003E\u003C\/td\u003E\u003Ctd valign=\u0022top\u0022\u003E\u003Cp align=\u0022center\u0022\u003E130,4\u003C\/p\u003E\u003C\/td\u003E\u003C\/tr\u003E\u003Ctr\u003E\u003Ctd valign=\u0022top\u0022\u003E\u003Cp\u003ESeptembre 2025\u003C\/p\u003E\u003C\/td\u003E\u003Ctd valign=\u0022top\u0022\u003E\u003Cp align=\u0022center\u0022\u003E130,5\u003C\/p\u003E\u003C\/td\u003E\u003C\/tr\u003E\u003Ctr\u003E\u003Ctd valign=\u0022top\u0022\u003E\u003Cp\u003EOctobre 2025\u003C\/p\u003E\u003C\/td\u003E\u003Ctd valign=\u0022top\u0022\u003E\u003Cp align=\u0022center\u0022\u003E130,5\u003C\/p\u003E\u003C\/td\u003E\u003C\/tr\u003E\u003Ctr\u003E\u003Ctd valign=\u0022top\u0022\u003E\u003Cp\u003ENovembre 2025\u003C\/p\u003E\u003C\/td\u003E\u003Ctd valign=\u0022top\u0022\u003E\u003Cp align=\u0022center\u0022\u003E131,8\u003C\/p\u003E\u003C\/td\u003E\u003C\/tr\u003E\u003Ctr\u003E\u003Ctd valign=\u0022top\u0022\u003E\u003Cp\u003ED\u00e9cembre 2025\u003C\/p\u003E\u003C\/td\u003E\u003Ctd valign=\u0022top\u0022\u003E\u003Cp align=\u0022center\u0022\u003E130,7\u003C\/p\u003E\u003C\/td\u003E\u003C\/tr\u003E\u003C\/tbody\u003E\u003C\/table\u003E\u003Cp\u003E\u0026nbsp;\u003C\/p\u003E\u003Cp\u003E\u003Cstrong\u003EIndice TRTP \u2013 Transport travaux publics\u003C\/strong\u003E\u003C\/p\u003E\u003Ctable class=\u0022MsoTableGrid\u0022 width=\u0022604\u0022\u003E\u003Ctbody\u003E\u003Ctr\u003E\u003Ctd valign=\u0022top\u0022\u003E\u003Cp align=\u0022center\u0022\u003E\u003Cstrong\u003EP\u00e9riode\u003C\/strong\u003E\u003C\/p\u003E\u003C\/td\u003E\u003Ctd valign=\u0022top\u0022\u003E\u003Cp align=\u0022center\u0022\u003E\u003Cstrong\u003EIndex\u003C\/strong\u003E\u003C\/p\u003E\u003C\/td\u003E\u003C\/tr\u003E\u003Ctr\u003E\u003Ctd valign=\u0022top\u0022\u003E\u003Cp\u003EJanvier 2025\u003C\/p\u003E\u003C\/td\u003E\u003Ctd valign=\u0022top\u0022\u003E\u003Cp align=\u0022center\u0022\u003E123,5\u003C\/p\u003E\u003C\/td\u003E\u003C\/tr\u003E\u003Ctr\u003E\u003Ctd valign=\u0022top\u0022\u003E\u003Cp\u003EF\u00e9vrier 2025\u003C\/p\u003E\u003C\/td\u003E\u003Ctd valign=\u0022top\u0022\u003E\u003Cp align=\u0022center\u0022\u003E123,5\u003C\/p\u003E\u003C\/td\u003E\u003C\/tr\u003E\u003Ctr\u003E\u003Ctd valign=\u0022top\u0022\u003E\u003Cp\u003EMars 2025\u003C\/p\u003E\u003C\/td\u003E\u003Ctd valign=\u0022top\u0022\u003E\u003Cp align=\u0022center\u0022\u003E123,5\u003C\/p\u003E\u003C\/td\u003E\u003C\/tr\u003E\u003Ctr\u003E\u003Ctd valign=\u0022top\u0022\u003E\u003Cp\u003EAvril 2025\u003C\/p\u003E\u003C\/td\u003E\u003Ctd valign=\u0022top\u0022\u003E\u003Cp align=\u0022center\u0022\u003E125,5\u003C\/p\u003E\u003C\/td\u003E\u003C\/tr\u003E\u003Ctr\u003E\u003Ctd valign=\u0022top\u0022\u003E\u003Cp\u003EMai 2025\u003C\/p\u003E\u003C\/td\u003E\u003Ctd valign=\u0022top\u0022\u003E\u003Cp align=\u0022center\u0022\u003E125,5\u003C\/p\u003E\u003C\/td\u003E\u003C\/tr\u003E\u003Ctr\u003E\u003Ctd valign=\u0022top\u0022\u003E\u003Cp\u003EJuin 2025\u003C\/p\u003E\u003C\/td\u003E\u003Ctd valign=\u0022top\u0022\u003E\u003Cp align=\u0022center\u0022\u003E125,5\u003C\/p\u003E\u003C\/td\u003E\u003C\/tr\u003E\u003Ctr\u003E\u003Ctd valign=\u0022top\u0022\u003E\u003Cp\u003EJuillet 2025\u003C\/p\u003E\u003C\/td\u003E\u003Ctd valign=\u0022top\u0022\u003E\u003Cp align=\u0022center\u0022\u003E125,3\u003C\/p\u003E\u003C\/td\u003E\u003C\/tr\u003E\u003Ctr\u003E\u003Ctd valign=\u0022top\u0022\u003E\u003Cp\u003EAo\u00fbt 2025\u003C\/p\u003E\u003C\/td\u003E\u003Ctd valign=\u0022top\u0022\u003E\u003Cp align=\u0022center\u0022\u003E125,3\u003C\/p\u003E\u003C\/td\u003E\u003C\/tr\u003E\u003Ctr\u003E\u003Ctd valign=\u0022top\u0022\u003E\u003Cp\u003ESeptembre 2025\u003C\/p\u003E\u003C\/td\u003E\u003Ctd valign=\u0022top\u0022\u003E\u003Cp align=\u0022center\u0022\u003E125,3\u003C\/p\u003E\u003C\/td\u003E\u003C\/tr\u003E\u003Ctr\u003E\u003Ctd valign=\u0022top\u0022\u003E\u003Cp\u003EOctobre 2025\u003C\/p\u003E\u003C\/td\u003E\u003Ctd valign=\u0022top\u0022\u003E\u003Cp align=\u0022center\u0022\u003E125,4\u003C\/p\u003E\u003C\/td\u003E\u003C\/tr\u003E\u003Ctr\u003E\u003Ctd valign=\u0022top\u0022\u003E\u003Cp\u003ENovembre 2025\u003C\/p\u003E\u003C\/td\u003E\u003Ctd valign=\u0022top\u0022\u003E\u003Cp align=\u0022center\u0022\u003E125,4\u003C\/p\u003E\u003C\/td\u003E\u003C\/tr\u003E\u003Ctr\u003E\u003Ctd valign=\u0022top\u0022\u003E\u003Cp\u003ED\u00e9cembre 2025\u003C\/p\u003E\u003C\/td\u003E\u003Ctd valign=\u0022top\u0022\u003E\u003Cp align=\u0022center\u0022\u003E125,4\u003C\/p\u003E\u003C\/td\u003E\u003C\/tr\u003E\u003C\/tbody\u003E\u003C\/table\u003E\u003Cp\u003E\u0026nbsp;\u003C\/p\u003E\u003Cp\u003E\u003Cstrong\u003EIndice MABTGO \u2013 Mat\u00e9riel b\u00e2timent gros \u0153uvre\u003C\/strong\u003E\u003C\/p\u003E\u003Ctable class=\u0022MsoTableGrid\u0022 width=\u0022604\u0022\u003E\u003Ctbody\u003E\u003Ctr\u003E\u003Ctd valign=\u0022top\u0022\u003E\u003Cp align=\u0022center\u0022\u003E\u003Cstrong\u003EP\u00e9riode\u003C\/strong\u003E\u003C\/p\u003E\u003C\/td\u003E\u003Ctd valign=\u0022top\u0022\u003E\u003Cp align=\u0022center\u0022\u003E\u003Cstrong\u003EIndex\u003C\/strong\u003E\u003C\/p\u003E\u003C\/td\u003E\u003C\/tr\u003E\u003Ctr\u003E\u003Ctd valign=\u0022top\u0022\u003E\u003Cp\u003EJanvier 2025\u003C\/p\u003E\u003C\/td\u003E\u003Ctd valign=\u0022top\u0022\u003E\u003Cp align=\u0022center\u0022\u003E135,5\u003C\/p\u003E\u003C\/td\u003E\u003C\/tr\u003E\u003Ctr\u003E\u003Ctd valign=\u0022top\u0022\u003E\u003Cp\u003EF\u00e9vrier 2025\u003C\/p\u003E\u003C\/td\u003E\u003Ctd valign=\u0022top\u0022\u003E\u003Cp align=\u0022center\u0022\u003E135,4\u003C\/p\u003E\u003C\/td\u003E\u003C\/tr\u003E\u003Ctr\u003E\u003Ctd valign=\u0022top\u0022\u003E\u003Cp\u003EMars 2025\u003C\/p\u003E\u003C\/td\u003E\u003Ctd valign=\u0022top\u0022\u003E\u003Cp align=\u0022center\u0022\u003E135,3\u003C\/p\u003E\u003C\/td\u003E\u003C\/tr\u003E\u003Ctr\u003E\u003Ctd valign=\u0022top\u0022\u003E\u003Cp\u003EAvril 2025\u003C\/p\u003E\u003C\/td\u003E\u003Ctd valign=\u0022top\u0022\u003E\u003Cp align=\u0022center\u0022\u003E136,0\u003C\/p\u003E\u003C\/td\u003E\u003C\/tr\u003E\u003Ctr\u003E\u003Ctd valign=\u0022top\u0022\u003E\u003Cp\u003EMai 2025\u003C\/p\u003E\u003C\/td\u003E\u003Ctd valign=\u0022top\u0022\u003E\u003Cp align=\u0022center\u0022\u003E136,1\u003C\/p\u003E\u003C\/td\u003E\u003C\/tr\u003E\u003Ctr\u003E\u003Ctd valign=\u0022top\u0022\u003E\u003Cp\u003EJuin 2025\u003C\/p\u003E\u003C\/td\u003E\u003Ctd valign=\u0022top\u0022\u003E\u003Cp align=\u0022center\u0022\u003E136,2\u003C\/p\u003E\u003C\/td\u003E\u003C\/tr\u003E\u003Ctr\u003E\u003Ctd valign=\u0022top\u0022\u003E\u003Cp\u003EJuillet 2025\u003C\/p\u003E\u003C\/td\u003E\u003Ctd valign=\u0022top\u0022\u003E\u003Cp align=\u0022center\u0022\u003E136,9\u003C\/p\u003E\u003C\/td\u003E\u003C\/tr\u003E\u003Ctr\u003E\u003Ctd valign=\u0022top\u0022\u003E\u003Cp\u003EAo\u00fbt 2025\u003C\/p\u003E\u003C\/td\u003E\u003Ctd valign=\u0022top\u0022\u003E\u003Cp align=\u0022center\u0022\u003E139,5\u003C\/p\u003E\u003C\/td\u003E\u003C\/tr\u003E\u003Ctr\u003E\u003Ctd valign=\u0022top\u0022\u003E\u003Cp\u003ESeptembre 2025\u003C\/p\u003E\u003C\/td\u003E\u003Ctd valign=\u0022top\u0022\u003E\u003Cp align=\u0022center\u0022\u003E137,9\u003C\/p\u003E\u003C\/td\u003E\u003C\/tr\u003E\u003Ctr\u003E\u003Ctd valign=\u0022top\u0022\u003E\u003Cp\u003EOctobre 2025\u003C\/p\u003E\u003C\/td\u003E\u003Ctd valign=\u0022top\u0022\u003E\u003Cp align=\u0022center\u0022\u003E137,0\u003C\/p\u003E\u003C\/td\u003E\u003C\/tr\u003E\u003Ctr\u003E\u003Ctd valign=\u0022top\u0022\u003E\u003Cp\u003ENovembre 2025\u003C\/p\u003E\u003C\/td\u003E\u003Ctd valign=\u0022top\u0022\u003E\u003Cp align=\u0022center\u0022\u003E136,5\u003C\/p\u003E\u003C\/td\u003E\u003C\/tr\u003E\u003Ctr\u003E\u003Ctd valign=\u0022top\u0022\u003E\u003Cp\u003ED\u00e9cembre 2025\u003C\/p\u003E\u003C\/td\u003E\u003Ctd valign=\u0022top\u0022\u003E\u003Cp align=\u0022center\u0022\u003E135,5\u003C\/p\u003E\u003C\/td\u003E\u003C\/tr\u003E\u003C\/tbody\u003E\u003C\/table\u003E\u003Cp\u003E\u0026nbsp;\u003C\/p\u003E\u003Cp\u003E\u003Cstrong\u003EIndice MABTSO \u2013 Mat\u00e9riel b\u00e2timent second \u0153uvre\u003C\/strong\u003E\u003C\/p\u003E\u003Ctable class=\u0022MsoTableGrid\u0022 width=\u0022604\u0022\u003E\u003Ctbody\u003E\u003Ctr\u003E\u003Ctd valign=\u0022top\u0022\u003E\u003Cp align=\u0022center\u0022\u003E\u003Cstrong\u003EP\u00e9riode\u003C\/strong\u003E\u003C\/p\u003E\u003C\/td\u003E\u003Ctd valign=\u0022top\u0022\u003E\u003Cp align=\u0022center\u0022\u003E\u003Cstrong\u003EIndex\u003C\/strong\u003E\u003C\/p\u003E\u003C\/td\u003E\u003C\/tr\u003E\u003Ctr\u003E\u003Ctd valign=\u0022top\u0022\u003E\u003Cp\u003EJanvier 2025\u003C\/p\u003E\u003C\/td\u003E\u003Ctd valign=\u0022top\u0022\u003E\u003Cp align=\u0022center\u0022\u003E123,6\u003C\/p\u003E\u003C\/td\u003E\u003C\/tr\u003E\u003Ctr\u003E\u003Ctd valign=\u0022top\u0022\u003E\u003Cp\u003EF\u00e9vrier 2025\u003C\/p\u003E\u003C\/td\u003E\u003Ctd valign=\u0022top\u0022\u003E\u003Cp align=\u0022center\u0022\u003E123,5\u003C\/p\u003E\u003C\/td\u003E\u003C\/tr\u003E\u003Ctr\u003E\u003Ctd valign=\u0022top\u0022\u003E\u003Cp\u003EMars 2025\u003C\/p\u003E\u003C\/td\u003E\u003Ctd valign=\u0022top\u0022\u003E\u003Cp align=\u0022center\u0022\u003E124,1\u003C\/p\u003E\u003C\/td\u003E\u003C\/tr\u003E\u003Ctr\u003E\u003Ctd valign=\u0022top\u0022\u003E\u003Cp\u003EAvril 2025\u003C\/p\u003E\u003C\/td\u003E\u003Ctd valign=\u0022top\u0022\u003E\u003Cp align=\u0022center\u0022\u003E123,1\u003C\/p\u003E\u003C\/td\u003E\u003C\/tr\u003E\u003Ctr\u003E\u003Ctd valign=\u0022top\u0022\u003E\u003Cp\u003EMai 2025\u003C\/p\u003E\u003C\/td\u003E\u003Ctd valign=\u0022top\u0022\u003E\u003Cp align=\u0022center\u0022\u003E123,1\u003C\/p\u003E\u003C\/td\u003E\u003C\/tr\u003E\u003Ctr\u003E\u003Ctd valign=\u0022top\u0022\u003E\u003Cp\u003EJuin 2025\u003C\/p\u003E\u003C\/td\u003E\u003Ctd valign=\u0022top\u0022\u003E\u003Cp align=\u0022center\u0022\u003E123,7\u003C\/p\u003E\u003C\/td\u003E\u003C\/tr\u003E\u003Ctr\u003E\u003Ctd valign=\u0022top\u0022\u003E\u003Cp\u003EJuillet 2025\u003C\/p\u003E\u003C\/td\u003E\u003Ctd valign=\u0022top\u0022\u003E\u003Cp align=\u0022center\u0022\u003E123,5\u003C\/p\u003E\u003C\/td\u003E\u003C\/tr\u003E\u003Ctr\u003E\u003Ctd valign=\u0022top\u0022\u003E\u003Cp\u003EAo\u00fbt 2025\u003C\/p\u003E\u003C\/td\u003E\u003Ctd valign=\u0022top\u0022\u003E\u003Cp align=\u0022center\u0022\u003E123,9\u003C\/p\u003E\u003C\/td\u003E\u003C\/tr\u003E\u003Ctr\u003E\u003Ctd valign=\u0022top\u0022\u003E\u003Cp\u003ESeptembre 2025\u003C\/p\u003E\u003C\/td\u003E\u003Ctd valign=\u0022top\u0022\u003E\u003Cp align=\u0022center\u0022\u003E123,7\u003C\/p\u003E\u003C\/td\u003E\u003C\/tr\u003E\u003Ctr\u003E\u003Ctd valign=\u0022top\u0022\u003E\u003Cp\u003EOctobre 2025\u003C\/p\u003E\u003C\/td\u003E\u003Ctd valign=\u0022top\u0022\u003E\u003Cp align=\u0022center\u0022\u003E123,5\u003C\/p\u003E\u003C\/td\u003E\u003C\/tr\u003E\u003Ctr\u003E\u003Ctd valign=\u0022top\u0022\u003E\u003Cp\u003ENovembre 2025\u003C\/p\u003E\u003C\/td\u003E\u003Ctd valign=\u0022top\u0022\u003E\u003Cp align=\u0022center\u0022\u003E124,1\u003C\/p\u003E\u003C\/td\u003E\u003C\/tr\u003E\u003Ctr\u003E\u003Ctd valign=\u0022top\u0022\u003E\u003Cp\u003ED\u00e9cembre 2025\u003C\/p\u003E\u003C\/td\u003E\u003Ctd valign=\u0022top\u0022\u003E\u003Cp align=\u0022center\u0022\u003E123,4\u003C\/p\u003E\u003C\/td\u003E\u003C\/tr\u003E\u003C\/tbody\u003E\u003C\/table\u003E\u003Cp\u003E\u003Cbr\u003E\u003Cbr\u003E\u003Cstrong\u003EIndice MATP \u2013 Mat\u00e9riel travaux publics\u003C\/strong\u003E\u003C\/p\u003E\u003Ctable class=\u0022MsoTableGrid\u0022 width=\u0022604\u0022\u003E\u003Ctbody\u003E\u003Ctr\u003E\u003Ctd valign=\u0022top\u0022\u003E\u003Cp align=\u0022center\u0022\u003E\u003Cstrong\u003EP\u00e9riode\u003C\/strong\u003E\u003C\/p\u003E\u003C\/td\u003E\u003Ctd valign=\u0022top\u0022\u003E\u003Cp align=\u0022center\u0022\u003E\u003Cstrong\u003EIndex\u003C\/strong\u003E\u003C\/p\u003E\u003C\/td\u003E\u003C\/tr\u003E\u003Ctr\u003E\u003Ctd valign=\u0022top\u0022\u003E\u003Cp\u003EJanvier 2025\u003C\/p\u003E\u003C\/td\u003E\u003Ctd valign=\u0022top\u0022\u003E\u003Cp align=\u0022center\u0022\u003E124,3\u003C\/p\u003E\u003C\/td\u003E\u003C\/tr\u003E\u003Ctr\u003E\u003Ctd valign=\u0022top\u0022\u003E\u003Cp\u003EF\u00e9vrier 2025\u003C\/p\u003E\u003C\/td\u003E\u003Ctd valign=\u0022top\u0022\u003E\u003Cp align=\u0022center\u0022\u003E124,8\u003C\/p\u003E\u003C\/td\u003E\u003C\/tr\u003E\u003Ctr\u003E\u003Ctd valign=\u0022top\u0022\u003E\u003Cp\u003EMars 2025\u003C\/p\u003E\u003C\/td\u003E\u003Ctd valign=\u0022top\u0022\u003E\u003Cp align=\u0022center\u0022\u003E124,5\u003C\/p\u003E\u003C\/td\u003E\u003C\/tr\u003E\u003Ctr\u003E\u003Ctd valign=\u0022top\u0022\u003E\u003Cp\u003EAvril 2025\u003C\/p\u003E\u003C\/td\u003E\u003Ctd valign=\u0022top\u0022\u003E\u003Cp align=\u0022center\u0022\u003E126,2\u003C\/p\u003E\u003C\/td\u003E\u003C\/tr\u003E\u003Ctr\u003E\u003Ctd valign=\u0022top\u0022\u003E\u003Cp\u003EMai 2025\u003C\/p\u003E\u003C\/td\u003E\u003Ctd valign=\u0022top\u0022\u003E\u003Cp align=\u0022center\u0022\u003E126,4\u003C\/p\u003E\u003C\/td\u003E\u003C\/tr\u003E\u003Ctr\u003E\u003Ctd valign=\u0022top\u0022\u003E\u003Cp\u003EJuin 2025\u003C\/p\u003E\u003C\/td\u003E\u003Ctd valign=\u0022top\u0022\u003E\u003Cp align=\u0022center\u0022\u003E126,0\u003C\/p\u003E\u003C\/td\u003E\u003C\/tr\u003E\u003Ctr\u003E\u003Ctd valign=\u0022top\u0022\u003E\u003Cp\u003EJuillet 2025\u003C\/p\u003E\u003C\/td\u003E\u003Ctd valign=\u0022top\u0022\u003E\u003Cp align=\u0022center\u0022\u003E125,5\u003C\/p\u003E\u003C\/td\u003E\u003C\/tr\u003E\u003Ctr\u003E\u003Ctd valign=\u0022top\u0022\u003E\u003Cp\u003EAo\u00fbt 2025\u003C\/p\u003E\u003C\/td\u003E\u003Ctd valign=\u0022top\u0022\u003E\u003Cp align=\u0022center\u0022\u003E128,4\u003C\/p\u003E\u003C\/td\u003E\u003C\/tr\u003E\u003Ctr\u003E\u003Ctd valign=\u0022top\u0022\u003E\u003Cp\u003ESeptembre 2025\u003C\/p\u003E\u003C\/td\u003E\u003Ctd valign=\u0022top\u0022\u003E\u003Cp align=\u0022center\u0022\u003E126,8\u003C\/p\u003E\u003C\/td\u003E\u003C\/tr\u003E\u003Ctr\u003E\u003Ctd valign=\u0022top\u0022\u003E\u003Cp\u003EOctobre 2025\u003C\/p\u003E\u003C\/td\u003E\u003Ctd valign=\u0022top\u0022\u003E\u003Cp align=\u0022center\u0022\u003E126,7\u003C\/p\u003E\u003C\/td\u003E\u003C\/tr\u003E\u003Ctr\u003E\u003Ctd valign=\u0022top\u0022\u003E\u003Cp\u003ENovembre 2025\u003C\/p\u003E\u003C\/td\u003E\u003Ctd valign=\u0022top\u0022\u003E\u003Cp align=\u0022center\u0022\u003E126,2\u003C\/p\u003E\u003C\/td\u003E\u003C\/tr\u003E\u003Ctr\u003E\u003Ctd valign=\u0022top\u0022\u003E\u003Cp\u003ED\u00e9cembre 2025\u003C\/p\u003E\u003C\/td\u003E\u003Ctd valign=\u0022top\u0022\u003E\u003Cp align=\u0022center\u0022\u003E125,5\u003C\/p\u003E\u003C\/td\u003E\u003C\/tr\u003E\u003C\/tbody\u003E\u003C\/table\u003E\u003Cp\u003E\u003Cbr\u003E\u003Cbr\u003E\u003Cstrong\u003EIndice FD \u2013 Frais divers\u003C\/strong\u003E\u003C\/p\u003E\u003Ctable class=\u0022MsoTableGrid\u0022 width=\u0022604\u0022\u003E\u003Ctbody\u003E\u003Ctr\u003E\u003Ctd valign=\u0022top\u0022\u003E\u003Cp align=\u0022center\u0022\u003E\u003Cstrong\u003EP\u00e9riode\u003C\/strong\u003E\u003C\/p\u003E\u003C\/td\u003E\u003Ctd valign=\u0022top\u0022\u003E\u003Cp align=\u0022center\u0022\u003E\u003Cstrong\u003EIndex\u003C\/strong\u003E\u003C\/p\u003E\u003C\/td\u003E\u003C\/tr\u003E\u003Ctr\u003E\u003Ctd valign=\u0022top\u0022\u003E\u003Cp\u003EJanvier 2025\u003C\/p\u003E\u003C\/td\u003E\u003Ctd valign=\u0022top\u0022\u003E\u003Cp align=\u0022center\u0022\u003E118,0\u003C\/p\u003E\u003C\/td\u003E\u003C\/tr\u003E\u003Ctr\u003E\u003Ctd valign=\u0022top\u0022\u003E\u003Cp\u003EF\u00e9vrier 2025\u003C\/p\u003E\u003C\/td\u003E\u003Ctd valign=\u0022top\u0022\u003E\u003Cp align=\u0022center\u0022\u003E118,8\u003C\/p\u003E\u003C\/td\u003E\u003C\/tr\u003E\u003Ctr\u003E\u003Ctd valign=\u0022top\u0022\u003E\u003Cp\u003EMars 2025\u003C\/p\u003E\u003C\/td\u003E\u003Ctd valign=\u0022top\u0022\u003E\u003Cp align=\u0022center\u0022\u003E118,5\u003C\/p\u003E\u003C\/td\u003E\u003C\/tr\u003E\u003Ctr\u003E\u003Ctd valign=\u0022top\u0022\u003E\u003Cp\u003EAvril 2025\u003C\/p\u003E\u003C\/td\u003E\u003Ctd valign=\u0022top\u0022\u003E\u003Cp align=\u0022center\u0022\u003E119,4\u003C\/p\u003E\u003C\/td\u003E\u003C\/tr\u003E\u003Ctr\u003E\u003Ctd valign=\u0022top\u0022\u003E\u003Cp\u003EMai 2025\u003C\/p\u003E\u003C\/td\u003E\u003Ctd valign=\u0022top\u0022\u003E\u003Cp align=\u0022center\u0022\u003E118,1\u003C\/p\u003E\u003C\/td\u003E\u003C\/tr\u003E\u003Ctr\u003E\u003Ctd valign=\u0022top\u0022\u003E\u003Cp\u003EJuin 2025\u003C\/p\u003E\u003C\/td\u003E\u003Ctd valign=\u0022top\u0022\u003E\u003Cp align=\u0022center\u0022\u003E119,2\u003C\/p\u003E\u003C\/td\u003E\u003C\/tr\u003E\u003Ctr\u003E\u003Ctd valign=\u0022top\u0022\u003E\u003Cp\u003EJuillet 2025\u003C\/p\u003E\u003C\/td\u003E\u003Ctd valign=\u0022top\u0022\u003E\u003Cp align=\u0022center\u0022\u003E121,2\u003C\/p\u003E\u003C\/td\u003E\u003C\/tr\u003E\u003Ctr\u003E\u003Ctd valign=\u0022top\u0022\u003E\u003Cp\u003EAo\u00fbt 2025\u003C\/p\u003E\u003C\/td\u003E\u003Ctd valign=\u0022top\u0022\u003E\u003Cp align=\u0022center\u0022\u003E121,0\u003C\/p\u003E\u003C\/td\u003E\u003C\/tr\u003E\u003Ctr\u003E\u003Ctd valign=\u0022top\u0022\u003E\u003Cp\u003ESeptembre 2025\u003C\/p\u003E\u003C\/td\u003E\u003Ctd valign=\u0022top\u0022\u003E\u003Cp align=\u0022center\u0022\u003E118,1\u003C\/p\u003E\u003C\/td\u003E\u003C\/tr\u003E\u003Ctr\u003E\u003Ctd valign=\u0022top\u0022\u003E\u003Cp\u003EOctobre 2025\u003C\/p\u003E\u003C\/td\u003E\u003Ctd valign=\u0022top\u0022\u003E\u003Cp align=\u0022center\u0022\u003E119,5\u003C\/p\u003E\u003C\/td\u003E\u003C\/tr\u003E\u003Ctr\u003E\u003Ctd valign=\u0022top\u0022\u003E\u003Cp\u003ENovembre 2025\u003C\/p\u003E\u003C\/td\u003E\u003Ctd valign=\u0022top\u0022\u003E\u003Cp align=\u0022center\u0022\u003E118,2\u003C\/p\u003E\u003C\/td\u003E\u003C\/tr\u003E\u003Ctr\u003E\u003Ctd valign=\u0022top\u0022\u003E\u003Cp\u003ED\u00e9cembre 2025\u003C\/p\u003E\u003C\/td\u003E\u003Ctd valign=\u0022top\u0022\u003E\u003Cp align=\u0022center\u0022\u003E119,7\u003C\/p\u003E\u003C\/td\u003E\u003C\/tr\u003E\u003C\/tbody\u003E\u003C\/table\u003E\u003Cp\u003E\u003Cbr\u003E\u003Cbr\u003E\u003Cstrong\u003EIndice FG \u2013 Fourniture de graines\u003C\/strong\u003E\u003C\/p\u003E\u003Ctable class=\u0022MsoTableGrid\u0022 width=\u0022604\u0022\u003E\u003Ctbody\u003E\u003Ctr\u003E\u003Ctd valign=\u0022top\u0022\u003E\u003Cp align=\u0022center\u0022\u003E\u003Cstrong\u003EP\u00e9riode\u003C\/strong\u003E\u003C\/p\u003E\u003C\/td\u003E\u003Ctd valign=\u0022top\u0022\u003E\u003Cp align=\u0022center\u0022\u003E\u003Cstrong\u003EIndex\u003C\/strong\u003E\u003C\/p\u003E\u003C\/td\u003E\u003C\/tr\u003E\u003Ctr\u003E\u003Ctd valign=\u0022top\u0022\u003E\u003Cp\u003EJanvier 2025\u003C\/p\u003E\u003C\/td\u003E\u003Ctd valign=\u0022top\u0022\u003E\u003Cp align=\u0022center\u0022\u003E124,0\u003C\/p\u003E\u003C\/td\u003E\u003C\/tr\u003E\u003Ctr\u003E\u003Ctd valign=\u0022top\u0022\u003E\u003Cp\u003EF\u00e9vrier 2025\u003C\/p\u003E\u003C\/td\u003E\u003Ctd valign=\u0022top\u0022\u003E\u003Cp align=\u0022center\u0022\u003E124,0\u003C\/p\u003E\u003C\/td\u003E\u003C\/tr\u003E\u003Ctr\u003E\u003Ctd valign=\u0022top\u0022\u003E\u003Cp\u003EMars 2025\u003C\/p\u003E\u003C\/td\u003E\u003Ctd valign=\u0022top\u0022\u003E\u003Cp align=\u0022center\u0022\u003E124,0\u003C\/p\u003E\u003C\/td\u003E\u003C\/tr\u003E\u003Ctr\u003E\u003Ctd valign=\u0022top\u0022\u003E\u003Cp\u003EAvril 2025\u003C\/p\u003E\u003C\/td\u003E\u003Ctd valign=\u0022top\u0022\u003E\u003Cp align=\u0022center\u0022\u003E124,0\u003C\/p\u003E\u003C\/td\u003E\u003C\/tr\u003E\u003Ctr\u003E\u003Ctd valign=\u0022top\u0022\u003E\u003Cp\u003EMai 2025\u003C\/p\u003E\u003C\/td\u003E\u003Ctd valign=\u0022top\u0022\u003E\u003Cp align=\u0022center\u0022\u003E124,0\u003C\/p\u003E\u003C\/td\u003E\u003C\/tr\u003E\u003Ctr\u003E\u003Ctd valign=\u0022top\u0022\u003E\u003Cp\u003EJuin 2025\u003C\/p\u003E\u003C\/td\u003E\u003Ctd valign=\u0022top\u0022\u003E\u003Cp align=\u0022center\u0022\u003E146,0\u003C\/p\u003E\u003C\/td\u003E\u003C\/tr\u003E\u003Ctr\u003E\u003Ctd valign=\u0022top\u0022\u003E\u003Cp\u003EJuillet 2025\u003C\/p\u003E\u003C\/td\u003E\u003Ctd valign=\u0022top\u0022\u003E\u003Cp align=\u0022center\u0022\u003E146,0\u003C\/p\u003E\u003C\/td\u003E\u003C\/tr\u003E\u003Ctr\u003E\u003Ctd valign=\u0022top\u0022\u003E\u003Cp\u003EAo\u00fbt 2025\u003C\/p\u003E\u003C\/td\u003E\u003Ctd valign=\u0022top\u0022\u003E\u003Cp align=\u0022center\u0022\u003E146,0\u003C\/p\u003E\u003C\/td\u003E\u003C\/tr\u003E\u003Ctr\u003E\u003Ctd valign=\u0022top\u0022\u003E\u003Cp\u003ESeptembre 2025\u003C\/p\u003E\u003C\/td\u003E\u003Ctd valign=\u0022top\u0022\u003E\u003Cp align=\u0022center\u0022\u003E151,0\u003C\/p\u003E\u003C\/td\u003E\u003C\/tr\u003E\u003Ctr\u003E\u003Ctd valign=\u0022top\u0022\u003E\u003Cp\u003EOctobre 2025\u003C\/p\u003E\u003C\/td\u003E\u003Ctd valign=\u0022top\u0022\u003E\u003Cp align=\u0022center\u0022\u003E151,0\u003C\/p\u003E\u003C\/td\u003E\u003C\/tr\u003E\u003Ctr\u003E\u003Ctd valign=\u0022top\u0022\u003E\u003Cp\u003ENovembre 2025\u003C\/p\u003E\u003C\/td\u003E\u003Ctd valign=\u0022top\u0022\u003E\u003Cp align=\u0022center\u0022\u003E151,0\u003C\/p\u003E\u003C\/td\u003E\u003C\/tr\u003E\u003Ctr\u003E\u003Ctd valign=\u0022top\u0022\u003E\u003Cp\u003ED\u00e9cembre 2025\u003C\/p\u003E\u003C\/td\u003E\u003Ctd valign=\u0022top\u0022\u003E\u003Cp align=\u0022center\u0022\u003E151,0\u003C\/p\u003E\u003C\/td\u003E\u003C\/tr\u003E\u003C\/tbody\u003E\u003C\/table\u003E\u003Cp\u003E\u003Cbr\u003E\u003Cbr\u003E\u003Cstrong\u003EIndice FV \u2013 Fourniture de v\u00e9g\u00e9taux\u003C\/strong\u003E\u003C\/p\u003E\u003Ctable class=\u0022MsoTableGrid\u0022 width=\u0022604\u0022\u003E\u003Ctbody\u003E\u003Ctr\u003E\u003Ctd valign=\u0022top\u0022\u003E\u003Cp align=\u0022center\u0022\u003E\u003Cstrong\u003EP\u00e9riode\u003C\/strong\u003E\u003C\/p\u003E\u003C\/td\u003E\u003Ctd valign=\u0022top\u0022\u003E\u003Cp align=\u0022center\u0022\u003E\u003Cstrong\u003EIndex\u003C\/strong\u003E\u003C\/p\u003E\u003C\/td\u003E\u003C\/tr\u003E\u003Ctr\u003E\u003Ctd valign=\u0022top\u0022\u003E\u003Cp\u003EJanvier 2025\u003C\/p\u003E\u003C\/td\u003E\u003Ctd valign=\u0022top\u0022\u003E\u003Cp align=\u0022center\u0022\u003E124,8\u003C\/p\u003E\u003C\/td\u003E\u003C\/tr\u003E\u003Ctr\u003E\u003Ctd valign=\u0022top\u0022\u003E\u003Cp\u003EF\u00e9vrier 2025\u003C\/p\u003E\u003C\/td\u003E\u003Ctd valign=\u0022top\u0022\u003E\u003Cp align=\u0022center\u0022\u003E124,3\u003C\/p\u003E\u003C\/td\u003E\u003C\/tr\u003E\u003Ctr\u003E\u003Ctd valign=\u0022top\u0022\u003E\u003Cp\u003EMars 2025\u003C\/p\u003E\u003C\/td\u003E\u003Ctd valign=\u0022top\u0022\u003E\u003Cp align=\u0022center\u0022\u003E124,8\u003C\/p\u003E\u003C\/td\u003E\u003C\/tr\u003E\u003Ctr\u003E\u003Ctd valign=\u0022top\u0022\u003E\u003Cp\u003EAvril 2025\u003C\/p\u003E\u003C\/td\u003E\u003Ctd valign=\u0022top\u0022\u003E\u003Cp align=\u0022center\u0022\u003E123,7\u003C\/p\u003E\u003C\/td\u003E\u003C\/tr\u003E\u003Ctr\u003E\u003Ctd valign=\u0022top\u0022\u003E\u003Cp\u003EMai 2025\u003C\/p\u003E\u003C\/td\u003E\u003Ctd valign=\u0022top\u0022\u003E\u003Cp align=\u0022center\u0022\u003E122,8\u003C\/p\u003E\u003C\/td\u003E\u003C\/tr\u003E\u003Ctr\u003E\u003Ctd valign=\u0022top\u0022\u003E\u003Cp\u003EJuin 2025\u003C\/p\u003E\u003C\/td\u003E\u003Ctd valign=\u0022top\u0022\u003E\u003Cp align=\u0022center\u0022\u003E122,7\u003C\/p\u003E\u003C\/td\u003E\u003C\/tr\u003E\u003Ctr\u003E\u003Ctd valign=\u0022top\u0022\u003E\u003Cp\u003EJuillet 2025\u003C\/p\u003E\u003C\/td\u003E\u003Ctd valign=\u0022top\u0022\u003E\u003Cp align=\u0022center\u0022\u003E123,1\u003C\/p\u003E\u003C\/td\u003E\u003C\/tr\u003E\u003Ctr\u003E\u003Ctd valign=\u0022top\u0022\u003E\u003Cp\u003EAo\u00fbt 2025\u003C\/p\u003E\u003C\/td\u003E\u003Ctd valign=\u0022top\u0022\u003E\u003Cp align=\u0022center\u0022\u003E123,5\u003C\/p\u003E\u003C\/td\u003E\u003C\/tr\u003E\u003Ctr\u003E\u003Ctd valign=\u0022top\u0022\u003E\u003Cp\u003ESeptembre 2025\u003C\/p\u003E\u003C\/td\u003E\u003Ctd valign=\u0022top\u0022\u003E\u003Cp align=\u0022center\u0022\u003E122,7\u003C\/p\u003E\u003C\/td\u003E\u003C\/tr\u003E\u003Ctr\u003E\u003Ctd valign=\u0022top\u0022\u003E\u003Cp\u003EOctobre 2025\u003C\/p\u003E\u003C\/td\u003E\u003Ctd valign=\u0022top\u0022\u003E\u003Cp align=\u0022center\u0022\u003E122,8\u003C\/p\u003E\u003C\/td\u003E\u003C\/tr\u003E\u003Ctr\u003E\u003Ctd valign=\u0022top\u0022\u003E\u003Cp\u003ENovembre 2025\u003C\/p\u003E\u003C\/td\u003E\u003Ctd valign=\u0022top\u0022\u003E\u003Cp align=\u0022center\u0022\u003E123,8\u003C\/p\u003E\u003C\/td\u003E\u003C\/tr\u003E\u003Ctr\u003E\u003Ctd valign=\u0022top\u0022\u003E\u003Cp\u003ED\u00e9cembre 2025\u003C\/p\u003E\u003C\/td\u003E\u003Ctd valign=\u0022top\u0022\u003E\u003Cp align=\u0022center\u0022\u003E124,8\u003C\/p\u003E\u003C\/td\u003E\u003C\/tr\u003E\u003C\/tbody\u003E\u003C\/table\u003E\u003Cp\u003E\u003Cbr\u003E\u003Cbr\u003E\u003Cstrong\u003EIndice EV1 \u2013 Travaux de v\u00e9g\u00e9talisation\u003C\/strong\u003E\u003C\/p\u003E\u003Ctable class=\u0022MsoTableGrid\u0022 width=\u0022604\u0022\u003E\u003Ctbody\u003E\u003Ctr\u003E\u003Ctd valign=\u0022top\u0022\u003E\u003Cp align=\u0022center\u0022\u003E\u003Cstrong\u003EP\u00e9riode\u003C\/strong\u003E\u003C\/p\u003E\u003C\/td\u003E\u003Ctd valign=\u0022top\u0022\u003E\u003Cp align=\u0022center\u0022\u003E\u003Cstrong\u003EIndex\u003C\/strong\u003E\u003C\/p\u003E\u003C\/td\u003E\u003C\/tr\u003E\u003Ctr\u003E\u003Ctd valign=\u0022top\u0022\u003E\u003Cp\u003EJanvier 2025\u003C\/p\u003E\u003C\/td\u003E\u003Ctd valign=\u0022top\u0022\u003E\u003Cp align=\u0022center\u0022\u003E132,3\u003C\/p\u003E\u003C\/td\u003E\u003C\/tr\u003E\u003Ctr\u003E\u003Ctd valign=\u0022top\u0022\u003E\u003Cp\u003EF\u00e9vrier 2025\u003C\/p\u003E\u003C\/td\u003E\u003Ctd valign=\u0022top\u0022\u003E\u003Cp align=\u0022center\u0022\u003E132,4\u003C\/p\u003E\u003C\/td\u003E\u003C\/tr\u003E\u003Ctr\u003E\u003Ctd valign=\u0022top\u0022\u003E\u003Cp\u003EMars 2025\u003C\/p\u003E\u003C\/td\u003E\u003Ctd valign=\u0022top\u0022\u003E\u003Cp align=\u0022center\u0022\u003E132,4\u003C\/p\u003E\u003C\/td\u003E\u003C\/tr\u003E\u003Ctr\u003E\u003Ctd valign=\u0022top\u0022\u003E\u003Cp\u003EAvril 2025\u003C\/p\u003E\u003C\/td\u003E\u003Ctd valign=\u0022top\u0022\u003E\u003Cp align=\u0022center\u0022\u003E132,2\u003C\/p\u003E\u003C\/td\u003E\u003C\/tr\u003E\u003Ctr\u003E\u003Ctd valign=\u0022top\u0022\u003E\u003Cp\u003EMai 2025\u003C\/p\u003E\u003C\/td\u003E\u003Ctd valign=\u0022top\u0022\u003E\u003Cp align=\u0022center\u0022\u003E132,1\u003C\/p\u003E\u003C\/td\u003E\u003C\/tr\u003E\u003Ctr\u003E\u003Ctd valign=\u0022top\u0022\u003E\u003Cp\u003EJuin 2025\u003C\/p\u003E\u003C\/td\u003E\u003Ctd valign=\u0022top\u0022\u003E\u003Cp align=\u0022center\u0022\u003E140,3\u003C\/p\u003E\u003C\/td\u003E\u003C\/tr\u003E\u003Ctr\u003E\u003Ctd valign=\u0022top\u0022\u003E\u003Cp\u003EJuillet 2025\u003C\/p\u003E\u003C\/td\u003E\u003Ctd valign=\u0022top\u0022\u003E\u003Cp align=\u0022center\u0022\u003E140,8\u003C\/p\u003E\u003C\/td\u003E\u003C\/tr\u003E\u003Ctr\u003E\u003Ctd valign=\u0022top\u0022\u003E\u003Cp\u003EAo\u00fbt 2025\u003C\/p\u003E\u003C\/td\u003E\u003Ctd valign=\u0022top\u0022\u003E\u003Cp align=\u0022center\u0022\u003E140,8\u003C\/p\u003E\u003C\/td\u003E\u003C\/tr\u003E\u003Ctr\u003E\u003Ctd valign=\u0022top\u0022\u003E\u003Cp\u003ESeptembre 2025\u003C\/p\u003E\u003C\/td\u003E\u003Ctd valign=\u0022top\u0022\u003E\u003Cp align=\u0022center\u0022\u003E142,6\u003C\/p\u003E\u003C\/td\u003E\u003C\/tr\u003E\u003Ctr\u003E\u003Ctd valign=\u0022top\u0022\u003E\u003Cp\u003EOctobre 2025\u003C\/p\u003E\u003C\/td\u003E\u003Ctd valign=\u0022top\u0022\u003E\u003Cp align=\u0022center\u0022\u003E142,5\u003C\/p\u003E\u003C\/td\u003E\u003C\/tr\u003E\u003Ctr\u003E\u003Ctd valign=\u0022top\u0022\u003E\u003Cp\u003ENovembre 2025\u003C\/p\u003E\u003C\/td\u003E\u003Ctd valign=\u0022top\u0022\u003E\u003Cp align=\u0022center\u0022\u003E143,1\u003C\/p\u003E\u003C\/td\u003E\u003C\/tr\u003E\u003Ctr\u003E\u003Ctd valign=\u0022top\u0022\u003E\u003Cp\u003ED\u00e9cembre 2025\u003C\/p\u003E\u003C\/td\u003E\u003Ctd valign=\u0022top\u0022\u003E\u003Cp align=\u0022center\u0022\u003E142,6\u003C\/p\u003E\u003C\/td\u003E\u003C\/tr\u003E\u003C\/tbody\u003E\u003C\/table\u003E\u003Cp\u003E\u003Cbr\u003E\u003Cbr\u003E\u003Cstrong\u003EIndice EV2 \u2013 Application de produits phytosanitaires\u003C\/strong\u003E\u003C\/p\u003E\u003Ctable class=\u0022MsoTableGrid\u0022 width=\u0022604\u0022\u003E\u003Ctbody\u003E\u003Ctr\u003E\u003Ctd valign=\u0022top\u0022\u003E\u003Cp align=\u0022center\u0022\u003E\u003Cstrong\u003EP\u00e9riode\u003C\/strong\u003E\u003C\/p\u003E\u003C\/td\u003E\u003Ctd valign=\u0022top\u0022\u003E\u003Cp align=\u0022center\u0022\u003E\u003Cstrong\u003EIndex\u003C\/strong\u003E\u003C\/p\u003E\u003C\/td\u003E\u003C\/tr\u003E\u003Ctr\u003E\u003Ctd valign=\u0022top\u0022\u003E\u003Cp\u003EJanvier 2025\u003C\/p\u003E\u003C\/td\u003E\u003Ctd valign=\u0022top\u0022\u003E\u003Cp align=\u0022center\u0022\u003E120,1\u003C\/p\u003E\u003C\/td\u003E\u003C\/tr\u003E\u003Ctr\u003E\u003Ctd valign=\u0022top\u0022\u003E\u003Cp\u003EF\u00e9vrier 2025\u003C\/p\u003E\u003C\/td\u003E\u003Ctd valign=\u0022top\u0022\u003E\u003Cp align=\u0022center\u0022\u003E120,2\u003C\/p\u003E\u003C\/td\u003E\u003C\/tr\u003E\u003Ctr\u003E\u003Ctd valign=\u0022top\u0022\u003E\u003Cp\u003EMars 2025\u003C\/p\u003E\u003C\/td\u003E\u003Ctd valign=\u0022top\u0022\u003E\u003Cp align=\u0022center\u0022\u003E120,3\u003C\/p\u003E\u003C\/td\u003E\u003C\/tr\u003E\u003Ctr\u003E\u003Ctd valign=\u0022top\u0022\u003E\u003Cp\u003EAvril 2025\u003C\/p\u003E\u003C\/td\u003E\u003Ctd valign=\u0022top\u0022\u003E\u003Cp align=\u0022center\u0022\u003E119,3\u003C\/p\u003E\u003C\/td\u003E\u003C\/tr\u003E\u003Ctr\u003E\u003Ctd valign=\u0022top\u0022\u003E\u003Cp\u003EMai 2025\u003C\/p\u003E\u003C\/td\u003E\u003Ctd valign=\u0022top\u0022\u003E\u003Cp align=\u0022center\u0022\u003E119,3\u003C\/p\u003E\u003C\/td\u003E\u003C\/tr\u003E\u003Ctr\u003E\u003Ctd valign=\u0022top\u0022\u003E\u003Cp\u003EJuin 2025\u003C\/p\u003E\u003C\/td\u003E\u003Ctd valign=\u0022top\u0022\u003E\u003Cp align=\u0022center\u0022\u003E119,2\u003C\/p\u003E\u003C\/td\u003E\u003C\/tr\u003E\u003Ctr\u003E\u003Ctd valign=\u0022top\u0022\u003E\u003Cp\u003EJuillet 2025\u003C\/p\u003E\u003C\/td\u003E\u003Ctd valign=\u0022top\u0022\u003E\u003Cp align=\u0022center\u0022\u003E119,5\u003C\/p\u003E\u003C\/td\u003E\u003C\/tr\u003E\u003Ctr\u003E\u003Ctd valign=\u0022top\u0022\u003E\u003Cp\u003EAo\u00fbt 2025\u003C\/p\u003E\u003C\/td\u003E\u003Ctd valign=\u0022top\u0022\u003E\u003Cp align=\u0022center\u0022\u003E120,6\u003C\/p\u003E\u003C\/td\u003E\u003C\/tr\u003E\u003Ctr\u003E\u003Ctd valign=\u0022top\u0022\u003E\u003Cp\u003ESeptembre 2025\u003C\/p\u003E\u003C\/td\u003E\u003Ctd valign=\u0022top\u0022\u003E\u003Cp align=\u0022center\u0022\u003E121,0\u003C\/p\u003E\u003C\/td\u003E\u003C\/tr\u003E\u003Ctr\u003E\u003Ctd valign=\u0022top\u0022\u003E\u003Cp\u003EOctobre 2025\u003C\/p\u003E\u003C\/td\u003E\u003Ctd valign=\u0022top\u0022\u003E\u003Cp align=\u0022center\u0022\u003E120,8\u003C\/p\u003E\u003C\/td\u003E\u003C\/tr\u003E\u003Ctr\u003E\u003Ctd valign=\u0022top\u0022\u003E\u003Cp\u003ENovembre 2025\u003C\/p\u003E\u003C\/td\u003E\u003Ctd valign=\u0022top\u0022\u003E\u003Cp align=\u0022center\u0022\u003E121,6\u003C\/p\u003E\u003C\/td\u003E\u003C\/tr\u003E\u003Ctr\u003E\u003Ctd valign=\u0022top\u0022\u003E\u003Cp\u003ED\u00e9cembre 2025\u003C\/p\u003E\u003C\/td\u003E\u003Ctd valign=\u0022top\u0022\u003E\u003Cp align=\u0022center\u0022\u003E121,0\u003C\/p\u003E\u003C\/td\u003E\u003C\/tr\u003E\u003C\/tbody\u003E\u003C\/table\u003E\u003Cp\u003E\u003Cbr\u003E\u003Cbr\u003E\u003Cstrong\u003EIndice EV3 \u2013 Travaux de cr\u00e9ation d\u2019espaces verts\u003C\/strong\u003E\u003C\/p\u003E\u003Ctable class=\u0022MsoTableGrid\u0022 width=\u0022604\u0022\u003E\u003Ctbody\u003E\u003Ctr\u003E\u003Ctd valign=\u0022top\u0022\u003E\u003Cp align=\u0022center\u0022\u003E\u003Cstrong\u003EP\u00e9riode\u003C\/strong\u003E\u003C\/p\u003E\u003C\/td\u003E\u003Ctd valign=\u0022top\u0022\u003E\u003Cp align=\u0022center\u0022\u003E\u003Cstrong\u003EIndex\u003C\/strong\u003E\u003C\/p\u003E\u003C\/td\u003E\u003C\/tr\u003E\u003Ctr\u003E\u003Ctd valign=\u0022top\u0022\u003E\u003Cp\u003EJanvier 2025\u003C\/p\u003E\u003C\/td\u003E\u003Ctd valign=\u0022top\u0022\u003E\u003Cp align=\u0022center\u0022\u003E131,4\u003C\/p\u003E\u003C\/td\u003E\u003C\/tr\u003E\u003Ctr\u003E\u003Ctd valign=\u0022top\u0022\u003E\u003Cp\u003EF\u00e9vrier 2025\u003C\/p\u003E\u003C\/td\u003E\u003Ctd valign=\u0022top\u0022\u003E\u003Cp align=\u0022center\u0022\u003E131,4\u003C\/p\u003E\u003C\/td\u003E\u003C\/tr\u003E\u003Ctr\u003E\u003Ctd valign=\u0022top\u0022\u003E\u003Cp\u003EMars 2025\u003C\/p\u003E\u003C\/td\u003E\u003Ctd valign=\u0022top\u0022\u003E\u003Cp align=\u0022center\u0022\u003E131,5\u003C\/p\u003E\u003C\/td\u003E\u003C\/tr\u003E\u003Ctr\u003E\u003Ctd valign=\u0022top\u0022\u003E\u003Cp\u003EAvril 2025\u003C\/p\u003E\u003C\/td\u003E\u003Ctd valign=\u0022top\u0022\u003E\u003Cp align=\u0022center\u0022\u003E131,2\u003C\/p\u003E\u003C\/td\u003E\u003C\/tr\u003E\u003Ctr\u003E\u003Ctd valign=\u0022top\u0022\u003E\u003Cp\u003EMai 2025\u003C\/p\u003E\u003C\/td\u003E\u003Ctd valign=\u0022top\u0022\u003E\u003Cp align=\u0022center\u0022\u003E130,9\u003C\/p\u003E\u003C\/td\u003E\u003C\/tr\u003E\u003Ctr\u003E\u003Ctd valign=\u0022top\u0022\u003E\u003Cp\u003EJuin 2025\u003C\/p\u003E\u003C\/td\u003E\u003Ctd valign=\u0022top\u0022\u003E\u003Cp align=\u0022center\u0022\u003E132,5\u003C\/p\u003E\u003C\/td\u003E\u003C\/tr\u003E\u003Ctr\u003E\u003Ctd valign=\u0022top\u0022\u003E\u003Cp\u003EJuillet 2025\u003C\/p\u003E\u003C\/td\u003E\u003Ctd valign=\u0022top\u0022\u003E\u003Cp align=\u0022center\u0022\u003E133,0\u003C\/p\u003E\u003C\/td\u003E\u003C\/tr\u003E\u003Ctr\u003E\u003Ctd valign=\u0022top\u0022\u003E\u003Cp\u003EAo\u00fbt 2025\u003C\/p\u003E\u003C\/td\u003E\u003Ctd valign=\u0022top\u0022\u003E\u003Cp align=\u0022center\u0022\u003E133,2\u003C\/p\u003E\u003C\/td\u003E\u003C\/tr\u003E\u003Ctr\u003E\u003Ctd valign=\u0022top\u0022\u003E\u003Cp\u003ESeptembre 2025\u003C\/p\u003E\u003C\/td\u003E\u003Ctd valign=\u0022top\u0022\u003E\u003Cp align=\u0022center\u0022\u003E133,2\u003C\/p\u003E\u003C\/td\u003E\u003C\/tr\u003E\u003Ctr\u003E\u003Ctd valign=\u0022top\u0022\u003E\u003Cp\u003EOctobre 2025\u003C\/p\u003E\u003C\/td\u003E\u003Ctd valign=\u0022top\u0022\u003E\u003Cp align=\u0022center\u0022\u003E133,1\u003C\/p\u003E\u003C\/td\u003E\u003C\/tr\u003E\u003Ctr\u003E\u003Ctd valign=\u0022top\u0022\u003E\u003Cp\u003ENovembre 2025\u003C\/p\u003E\u003C\/td\u003E\u003Ctd valign=\u0022top\u0022\u003E\u003Cp align=\u0022center\u0022\u003E133,8\u003C\/p\u003E\u003C\/td\u003E\u003C\/tr\u003E\u003Ctr\u003E\u003Ctd valign=\u0022top\u0022\u003E\u003Cp\u003ED\u00e9cembre 2025\u003C\/p\u003E\u003C\/td\u003E\u003Ctd valign=\u0022top\u0022\u003E\u003Cp align=\u0022center\u0022\u003E133,5\u003C\/p\u003E\u003C\/td\u003E\u003C\/tr\u003E\u003C\/tbody\u003E\u003C\/table\u003E\u003Cp\u003E\u003Cbr\u003E\u003Cstrong\u003EIndice EV4 \u2013 Travaux d\u2019entretien d\u2019espaces verts\u003C\/strong\u003E\u003C\/p\u003E\u003Ctable class=\u0022MsoTableGrid\u0022 width=\u0022604\u0022\u003E\u003Ctbody\u003E\u003Ctr\u003E\u003Ctd valign=\u0022top\u0022\u003E\u003Cp align=\u0022center\u0022\u003E\u003Cstrong\u003EP\u00e9riode\u003C\/strong\u003E\u003C\/p\u003E\u003C\/td\u003E\u003Ctd valign=\u0022top\u0022\u003E\u003Cp align=\u0022center\u0022\u003E\u003Cstrong\u003EIndex\u003C\/strong\u003E\u003C\/p\u003E\u003C\/td\u003E\u003C\/tr\u003E\u003Ctr\u003E\u003Ctd valign=\u0022top\u0022\u003E\u003Cp\u003EJanvier 2025\u003C\/p\u003E\u003C\/td\u003E\u003Ctd valign=\u0022top\u0022\u003E\u003Cp align=\u0022center\u0022\u003E136,1\u003C\/p\u003E\u003C\/td\u003E\u003C\/tr\u003E\u003Ctr\u003E\u003Ctd valign=\u0022top\u0022\u003E\u003Cp\u003EF\u00e9vrier 2025\u003C\/p\u003E\u003C\/td\u003E\u003Ctd valign=\u0022top\u0022\u003E\u003Cp align=\u0022center\u0022\u003E136,2\u003C\/p\u003E\u003C\/td\u003E\u003C\/tr\u003E\u003Ctr\u003E\u003Ctd valign=\u0022top\u0022\u003E\u003Cp\u003EMars 2025\u003C\/p\u003E\u003C\/td\u003E\u003Ctd valign=\u0022top\u0022\u003E\u003Cp align=\u0022center\u0022\u003E136,4\u003C\/p\u003E\u003C\/td\u003E\u003C\/tr\u003E\u003Ctr\u003E\u003Ctd valign=\u0022top\u0022\u003E\u003Cp\u003EAvril 2025\u003C\/p\u003E\u003C\/td\u003E\u003Ctd valign=\u0022top\u0022\u003E\u003Cp align=\u0022center\u0022\u003E136,3\u003C\/p\u003E\u003C\/td\u003E\u003C\/tr\u003E\u003Ctr\u003E\u003Ctd valign=\u0022top\u0022\u003E\u003Cp\u003EMai 2025\u003C\/p\u003E\u003C\/td\u003E\u003Ctd valign=\u0022top\u0022\u003E\u003Cp align=\u0022center\u0022\u003E136,1\u003C\/p\u003E\u003C\/td\u003E\u003C\/tr\u003E\u003Ctr\u003E\u003Ctd valign=\u0022top\u0022\u003E\u003Cp\u003EJuin 2025\u003C\/p\u003E\u003C\/td\u003E\u003Ctd valign=\u0022top\u0022\u003E\u003Cp align=\u0022center\u0022\u003E136,7\u003C\/p\u003E\u003C\/td\u003E\u003C\/tr\u003E\u003Ctr\u003E\u003Ctd valign=\u0022top\u0022\u003E\u003Cp\u003EJuillet 2025\u003C\/p\u003E\u003C\/td\u003E\u003Ctd valign=\u0022top\u0022\u003E\u003Cp align=\u0022center\u0022\u003E137,4\u003C\/p\u003E\u003C\/td\u003E\u003C\/tr\u003E\u003Ctr\u003E\u003Ctd valign=\u0022top\u0022\u003E\u003Cp\u003EAo\u00fbt 2025\u003C\/p\u003E\u003C\/td\u003E\u003Ctd valign=\u0022top\u0022\u003E\u003Cp align=\u0022center\u0022\u003E137,5\u003C\/p\u003E\u003C\/td\u003E\u003C\/tr\u003E\u003Ctr\u003E\u003Ctd valign=\u0022top\u0022\u003E\u003Cp\u003ESeptembre 2025\u003C\/p\u003E\u003C\/td\u003E\u003Ctd valign=\u0022top\u0022\u003E\u003Cp align=\u0022center\u0022\u003E137,6\u003C\/p\u003E\u003C\/td\u003E\u003C\/tr\u003E\u003Ctr\u003E\u003Ctd valign=\u0022top\u0022\u003E\u003Cp\u003EOctobre 2025\u003C\/p\u003E\u003C\/td\u003E\u003Ctd valign=\u0022top\u0022\u003E\u003Cp align=\u0022center\u0022\u003E137,4\u003C\/p\u003E\u003C\/td\u003E\u003C\/tr\u003E\u003Ctr\u003E\u003Ctd valign=\u0022top\u0022\u003E\u003Cp\u003ENovembre 2025\u003C\/p\u003E\u003C\/td\u003E\u003Ctd valign=\u0022top\u0022\u003E\u003Cp align=\u0022center\u0022\u003E138,1\u003C\/p\u003E\u003C\/td\u003E\u003C\/tr\u003E\u003Ctr\u003E\u003Ctd valign=\u0022top\u0022\u003E\u003Cp\u003ED\u00e9cembre 2025\u003C\/p\u003E\u003C\/td\u003E\u003Ctd valign=\u0022top\u0022\u003E\u003Cp align=\u0022center\u0022\u003E137,6\u003C\/p\u003E\u003C\/td\u003E\u003C\/tr\u003E\u003C\/tbody\u003E\u003C\/table\u003E\u003Cp\u003E\u0026nbsp;\u003C\/p\u003E\u003Cp\u003E\u003Cstrong\u003EIndice PMR \u2013 Produits de marquage routier\u003C\/strong\u003E\u003C\/p\u003E\u003Ctable class=\u0022MsoTableGrid\u0022 width=\u0022604\u0022\u003E\u003Ctbody\u003E\u003Ctr\u003E\u003Ctd valign=\u0022top\u0022\u003E\u003Cp align=\u0022center\u0022\u003E\u003Cstrong\u003EP\u00e9riode\u003C\/strong\u003E\u003C\/p\u003E\u003C\/td\u003E\u003Ctd valign=\u0022top\u0022\u003E\u003Cp align=\u0022center\u0022\u003E\u003Cstrong\u003EIndex\u003C\/strong\u003E\u003C\/p\u003E\u003C\/td\u003E\u003C\/tr\u003E\u003Ctr\u003E\u003Ctd valign=\u0022top\u0022\u003E\u003Cp\u003EJanvier 2025\u003C\/p\u003E\u003C\/td\u003E\u003Ctd valign=\u0022top\u0022\u003E\u003Cp align=\u0022center\u0022\u003E163,9\u003C\/p\u003E\u003C\/td\u003E\u003C\/tr\u003E\u003Ctr\u003E\u003Ctd valign=\u0022top\u0022\u003E\u003Cp\u003EF\u00e9vrier 2025\u003C\/p\u003E\u003C\/td\u003E\u003Ctd valign=\u0022top\u0022\u003E\u003Cp align=\u0022center\u0022\u003E171,9\u003C\/p\u003E\u003C\/td\u003E\u003C\/tr\u003E\u003Ctr\u003E\u003Ctd valign=\u0022top\u0022\u003E\u003Cp\u003EMars 2025\u003C\/p\u003E\u003C\/td\u003E\u003Ctd valign=\u0022top\u0022\u003E\u003Cp align=\u0022center\u0022\u003E176,7\u003C\/p\u003E\u003C\/td\u003E\u003C\/tr\u003E\u003Ctr\u003E\u003Ctd valign=\u0022top\u0022\u003E\u003Cp\u003EAvril 2025\u003C\/p\u003E\u003C\/td\u003E\u003Ctd valign=\u0022top\u0022\u003E\u003Cp align=\u0022center\u0022\u003E184,4\u003C\/p\u003E\u003C\/td\u003E\u003C\/tr\u003E\u003Ctr\u003E\u003Ctd valign=\u0022top\u0022\u003E\u003Cp\u003EMai 2025\u003C\/p\u003E\u003C\/td\u003E\u003Ctd valign=\u0022top\u0022\u003E\u003Cp align=\u0022center\u0022\u003E188,5\u003C\/p\u003E\u003C\/td\u003E\u003C\/tr\u003E\u003Ctr\u003E\u003Ctd valign=\u0022top\u0022\u003E\u003Cp\u003EJuin 2025\u003C\/p\u003E\u003C\/td\u003E\u003Ctd valign=\u0022top\u0022\u003E\u003Cp align=\u0022center\u0022\u003E188,6\u003C\/p\u003E\u003C\/td\u003E\u003C\/tr\u003E\u003Ctr\u003E\u003Ctd valign=\u0022top\u0022\u003E\u003Cp\u003EJuillet 2025\u003C\/p\u003E\u003C\/td\u003E\u003Ctd valign=\u0022top\u0022\u003E\u003Cp align=\u0022center\u0022\u003E188,1\u003C\/p\u003E\u003C\/td\u003E\u003C\/tr\u003E\u003Ctr\u003E\u003Ctd valign=\u0022top\u0022\u003E\u003Cp\u003EAo\u00fbt 2025\u003C\/p\u003E\u003C\/td\u003E\u003Ctd valign=\u0022top\u0022\u003E\u003Cp align=\u0022center\u0022\u003E186,2\u003C\/p\u003E\u003C\/td\u003E\u003C\/tr\u003E\u003Ctr\u003E\u003Ctd valign=\u0022top\u0022\u003E\u003Cp\u003ESeptembre 2025\u003C\/p\u003E\u003C\/td\u003E\u003Ctd valign=\u0022top\u0022\u003E\u003Cp align=\u0022center\u0022\u003E182,8\u003C\/p\u003E\u003C\/td\u003E\u003C\/tr\u003E\u003Ctr\u003E\u003Ctd valign=\u0022top\u0022\u003E\u003Cp\u003EOctobre 2025\u003C\/p\u003E\u003C\/td\u003E\u003Ctd valign=\u0022top\u0022\u003E\u003Cp align=\u0022center\u0022\u003E184,1\u003C\/p\u003E\u003C\/td\u003E\u003C\/tr\u003E\u003Ctr\u003E\u003Ctd valign=\u0022top\u0022\u003E\u003Cp\u003ENovembre 2025\u003C\/p\u003E\u003C\/td\u003E\u003Ctd valign=\u0022top\u0022\u003E\u003Cp align=\u0022center\u0022\u003E183,6\u003C\/p\u003E\u003C\/td\u003E\u003C\/tr\u003E\u003Ctr\u003E\u003Ctd valign=\u0022top\u0022\u003E\u003Cp\u003ED\u00e9cembre 2025\u003C\/p\u003E\u003C\/td\u003E\u003Ctd valign=\u0022top\u0022\u003E\u003Cp align=\u0022center\u0022\u003E185,6\u003C\/p\u003E\u003C\/td\u003E\u003C\/tr\u003E\u003C\/tbody\u003E\u003C\/table\u003E\u003Cp\u003E\u003Cbr\u003E\u003Cbr\u003E\u003Cstrong\u003EIndice TSH \u2013 Travaux de signalisation horizontale\u003C\/strong\u003E\u003C\/p\u003E\u003Ctable class=\u0022MsoTableGrid\u0022 width=\u0022604\u0022\u003E\u003Ctbody\u003E\u003Ctr\u003E\u003Ctd valign=\u0022top\u0022\u003E\u003Cp align=\u0022center\u0022\u003E\u003Cstrong\u003EP\u00e9riode\u003C\/strong\u003E\u003C\/p\u003E\u003C\/td\u003E\u003Ctd valign=\u0022top\u0022\u003E\u003Cp align=\u0022center\u0022\u003E\u003Cstrong\u003EIndex\u003C\/strong\u003E\u003C\/p\u003E\u003C\/td\u003E\u003C\/tr\u003E\u003Ctr\u003E\u003Ctd valign=\u0022top\u0022\u003E\u003Cp\u003EJanvier 2025\u003C\/p\u003E\u003C\/td\u003E\u003Ctd valign=\u0022top\u0022\u003E\u003Cp align=\u0022center\u0022\u003E148,6\u003C\/p\u003E\u003C\/td\u003E\u003C\/tr\u003E\u003Ctr\u003E\u003Ctd valign=\u0022top\u0022\u003E\u003Cp\u003EF\u00e9vrier 2025\u003C\/p\u003E\u003C\/td\u003E\u003Ctd valign=\u0022top\u0022\u003E\u003Cp align=\u0022center\u0022\u003E153,0\u003C\/p\u003E\u003C\/td\u003E\u003C\/tr\u003E\u003Ctr\u003E\u003Ctd valign=\u0022top\u0022\u003E\u003Cp\u003EMars 2025\u003C\/p\u003E\u003C\/td\u003E\u003Ctd valign=\u0022top\u0022\u003E\u003Cp align=\u0022center\u0022\u003E155,0\u003C\/p\u003E\u003C\/td\u003E\u003C\/tr\u003E\u003Ctr\u003E\u003Ctd valign=\u0022top\u0022\u003E\u003Cp\u003EAvril 2025\u003C\/p\u003E\u003C\/td\u003E\u003Ctd valign=\u0022top\u0022\u003E\u003Cp align=\u0022center\u0022\u003E159,2\u003C\/p\u003E\u003C\/td\u003E\u003C\/tr\u003E\u003Ctr\u003E\u003Ctd valign=\u0022top\u0022\u003E\u003Cp\u003EMai 2025\u003C\/p\u003E\u003C\/td\u003E\u003Ctd valign=\u0022top\u0022\u003E\u003Cp align=\u0022center\u0022\u003E161,4\u003C\/p\u003E\u003C\/td\u003E\u003C\/tr\u003E\u003Ctr\u003E\u003Ctd valign=\u0022top\u0022\u003E\u003Cp\u003EJuin 2025\u003C\/p\u003E\u003C\/td\u003E\u003Ctd valign=\u0022top\u0022\u003E\u003Cp align=\u0022center\u0022\u003E161,8\u003C\/p\u003E\u003C\/td\u003E\u003C\/tr\u003E\u003Ctr\u003E\u003Ctd valign=\u0022top\u0022\u003E\u003Cp\u003EJuillet 2025\u003C\/p\u003E\u003C\/td\u003E\u003Ctd valign=\u0022top\u0022\u003E\u003Cp align=\u0022center\u0022\u003E162,0\u003C\/p\u003E\u003C\/td\u003E\u003C\/tr\u003E\u003Ctr\u003E\u003Ctd valign=\u0022top\u0022\u003E\u003Cp\u003EAo\u00fbt 2025\u003C\/p\u003E\u003C\/td\u003E\u003Ctd valign=\u0022top\u0022\u003E\u003Cp align=\u0022center\u0022\u003E161,2\u003C\/p\u003E\u003C\/td\u003E\u003C\/tr\u003E\u003Ctr\u003E\u003Ctd valign=\u0022top\u0022\u003E\u003Cp\u003ESeptembre 2025\u003C\/p\u003E\u003C\/td\u003E\u003Ctd valign=\u0022top\u0022\u003E\u003Cp align=\u0022center\u0022\u003E159,5\u003C\/p\u003E\u003C\/td\u003E\u003C\/tr\u003E\u003Ctr\u003E\u003Ctd valign=\u0022top\u0022\u003E\u003Cp\u003EOctobre 2025\u003C\/p\u003E\u003C\/td\u003E\u003Ctd valign=\u0022top\u0022\u003E\u003Cp align=\u0022center\u0022\u003E160,2\u003C\/p\u003E\u003C\/td\u003E\u003C\/tr\u003E\u003Ctr\u003E\u003Ctd valign=\u0022top\u0022\u003E\u003Cp\u003ENovembre 2025\u003C\/p\u003E\u003C\/td\u003E\u003Ctd valign=\u0022top\u0022\u003E\u003Cp align=\u0022center\u0022\u003E160,2\u003C\/p\u003E\u003C\/td\u003E\u003C\/tr\u003E\u003Ctr\u003E\u003Ctd valign=\u0022top\u0022\u003E\u003Cp\u003ED\u00e9cembre 2025\u003C\/p\u003E\u003C\/td\u003E\u003Ctd valign=\u0022top\u0022\u003E\u003Cp align=\u0022center\u0022\u003E160,8\u003C\/p\u003E\u003C\/td\u003E\u003C\/tr\u003E\u003C\/tbody\u003E\u003C\/table\u003E\u003Cp\u003E\u003Cbr\u003E\u003Cbr\u003E\u003Cstrong\u003EIndice DRR01 \u2013 Fourniture de dispositifs de retenue de route\u003C\/strong\u003E\u003C\/p\u003E\u003Ctable class=\u0022MsoTableGrid\u0022 width=\u0022604\u0022\u003E\u003Ctbody\u003E\u003Ctr\u003E\u003Ctd valign=\u0022top\u0022\u003E\u003Cp align=\u0022center\u0022\u003E\u003Cstrong\u003EP\u00e9riode\u003C\/strong\u003E\u003C\/p\u003E\u003C\/td\u003E\u003Ctd valign=\u0022top\u0022\u003E\u003Cp align=\u0022center\u0022\u003E\u003Cstrong\u003EIndex\u003C\/strong\u003E\u003C\/p\u003E\u003C\/td\u003E\u003C\/tr\u003E\u003Ctr\u003E\u003Ctd valign=\u0022top\u0022\u003E\u003Cp\u003EJanvier 2025\u003C\/p\u003E\u003C\/td\u003E\u003Ctd valign=\u0022top\u0022\u003E\u003Cp align=\u0022center\u0022\u003E130,9\u003C\/p\u003E\u003C\/td\u003E\u003C\/tr\u003E\u003Ctr\u003E\u003Ctd valign=\u0022top\u0022\u003E\u003Cp\u003EF\u00e9vrier 2025\u003C\/p\u003E\u003C\/td\u003E\u003Ctd valign=\u0022top\u0022\u003E\u003Cp align=\u0022center\u0022\u003E132,2\u003C\/p\u003E\u003C\/td\u003E\u003C\/tr\u003E\u003Ctr\u003E\u003Ctd valign=\u0022top\u0022\u003E\u003Cp\u003EMars 2025\u003C\/p\u003E\u003C\/td\u003E\u003Ctd valign=\u0022top\u0022\u003E\u003Cp align=\u0022center\u0022\u003E135,9\u003C\/p\u003E\u003C\/td\u003E\u003C\/tr\u003E\u003Ctr\u003E\u003Ctd valign=\u0022top\u0022\u003E\u003Cp\u003EAvril 2025\u003C\/p\u003E\u003C\/td\u003E\u003Ctd valign=\u0022top\u0022\u003E\u003Cp align=\u0022center\u0022\u003E131,6\u003C\/p\u003E\u003C\/td\u003E\u003C\/tr\u003E\u003Ctr\u003E\u003Ctd valign=\u0022top\u0022\u003E\u003Cp\u003EMai 2025\u003C\/p\u003E\u003C\/td\u003E\u003Ctd valign=\u0022top\u0022\u003E\u003Cp align=\u0022center\u0022\u003E131,4\u003C\/p\u003E\u003C\/td\u003E\u003C\/tr\u003E\u003Ctr\u003E\u003Ctd valign=\u0022top\u0022\u003E\u003Cp\u003EJuin 2025\u003C\/p\u003E\u003C\/td\u003E\u003Ctd valign=\u0022top\u0022\u003E\u003Cp align=\u0022center\u0022\u003E130,5\u003C\/p\u003E\u003C\/td\u003E\u003C\/tr\u003E\u003Ctr\u003E\u003Ctd valign=\u0022top\u0022\u003E\u003Cp\u003EJuillet 2025\u003C\/p\u003E\u003C\/td\u003E\u003Ctd valign=\u0022top\u0022\u003E\u003Cp align=\u0022center\u0022\u003E130,5\u003C\/p\u003E\u003C\/td\u003E\u003C\/tr\u003E\u003Ctr\u003E\u003Ctd valign=\u0022top\u0022\u003E\u003Cp\u003EAo\u00fbt 2025\u003C\/p\u003E\u003C\/td\u003E\u003Ctd valign=\u0022top\u0022\u003E\u003Cp align=\u0022center\u0022\u003E130,5\u003C\/p\u003E\u003C\/td\u003E\u003C\/tr\u003E\u003Ctr\u003E\u003Ctd valign=\u0022top\u0022\u003E\u003Cp\u003ESeptembre 2025\u003C\/p\u003E\u003C\/td\u003E\u003Ctd valign=\u0022top\u0022\u003E\u003Cp align=\u0022center\u0022\u003E132,1\u003C\/p\u003E\u003C\/td\u003E\u003C\/tr\u003E\u003Ctr\u003E\u003Ctd valign=\u0022top\u0022\u003E\u003Cp\u003EOctobre 2025\u003C\/p\u003E\u003C\/td\u003E\u003Ctd valign=\u0022top\u0022\u003E\u003Cp align=\u0022center\u0022\u003E134,9\u003C\/p\u003E\u003C\/td\u003E\u003C\/tr\u003E\u003Ctr\u003E\u003Ctd valign=\u0022top\u0022\u003E\u003Cp\u003ENovembre 2025\u003C\/p\u003E\u003C\/td\u003E\u003Ctd valign=\u0022top\u0022\u003E\u003Cp align=\u0022center\u0022\u003E135,3\u003C\/p\u003E\u003C\/td\u003E\u003C\/tr\u003E\u003Ctr\u003E\u003Ctd valign=\u0022top\u0022\u003E\u003Cp\u003ED\u00e9cembre 2025\u003C\/p\u003E\u003C\/td\u003E\u003Ctd valign=\u0022top\u0022\u003E\u003Cp align=\u0022center\u0022\u003E136,2\u003C\/p\u003E\u003C\/td\u003E\u003C\/tr\u003E\u003C\/tbody\u003E\u003C\/table\u003E\u003Cp\u003E\u003Cbr\u003E\u003Cbr\u003E\u003Cstrong\u003EIndice DRR02 \u2013 Fourniture et pose de dispositifs de retenue de route\u003C\/strong\u003E\u003C\/p\u003E\u003Ctable class=\u0022MsoTableGrid\u0022 width=\u0022604\u0022\u003E\u003Ctbody\u003E\u003Ctr\u003E\u003Ctd valign=\u0022top\u0022\u003E\u003Cp align=\u0022center\u0022\u003E\u003Cstrong\u003EP\u00e9riode\u003C\/strong\u003E\u003C\/p\u003E\u003C\/td\u003E\u003Ctd valign=\u0022top\u0022\u003E\u003Cp align=\u0022center\u0022\u003E\u003Cstrong\u003EIndex\u003C\/strong\u003E\u003C\/p\u003E\u003C\/td\u003E\u003C\/tr\u003E\u003Ctr\u003E\u003Ctd valign=\u0022top\u0022\u003E\u003Cp\u003EJanvier 2025\u003C\/p\u003E\u003C\/td\u003E\u003Ctd valign=\u0022top\u0022\u003E\u003Cp align=\u0022center\u0022\u003E130,7\u003C\/p\u003E\u003C\/td\u003E\u003C\/tr\u003E\u003Ctr\u003E\u003Ctd valign=\u0022top\u0022\u003E\u003Cp\u003EF\u00e9vrier 2025\u003C\/p\u003E\u003C\/td\u003E\u003Ctd valign=\u0022top\u0022\u003E\u003Cp align=\u0022center\u0022\u003E131,7\u003C\/p\u003E\u003C\/td\u003E\u003C\/tr\u003E\u003Ctr\u003E\u003Ctd valign=\u0022top\u0022\u003E\u003Cp\u003EMars 2025\u003C\/p\u003E\u003C\/td\u003E\u003Ctd valign=\u0022top\u0022\u003E\u003Cp align=\u0022center\u0022\u003E134,0\u003C\/p\u003E\u003C\/td\u003E\u003C\/tr\u003E\u003Ctr\u003E\u003Ctd valign=\u0022top\u0022\u003E\u003Cp\u003EAvril 2025\u003C\/p\u003E\u003C\/td\u003E\u003Ctd valign=\u0022top\u0022\u003E\u003Cp align=\u0022center\u0022\u003E131,2\u003C\/p\u003E\u003C\/td\u003E\u003C\/tr\u003E\u003Ctr\u003E\u003Ctd valign=\u0022top\u0022\u003E\u003Cp\u003EMai 2025\u003C\/p\u003E\u003C\/td\u003E\u003Ctd valign=\u0022top\u0022\u003E\u003Cp align=\u0022center\u0022\u003E131,1\u003C\/p\u003E\u003C\/td\u003E\u003C\/tr\u003E\u003Ctr\u003E\u003Ctd valign=\u0022top\u0022\u003E\u003Cp\u003EJuin 2025\u003C\/p\u003E\u003C\/td\u003E\u003Ctd valign=\u0022top\u0022\u003E\u003Cp align=\u0022center\u0022\u003E130,6\u003C\/p\u003E\u003C\/td\u003E\u003C\/tr\u003E\u003Ctr\u003E\u003Ctd valign=\u0022top\u0022\u003E\u003Cp\u003EJuillet 2025\u003C\/p\u003E\u003C\/td\u003E\u003Ctd valign=\u0022top\u0022\u003E\u003Cp align=\u0022center\u0022\u003E130,7\u003C\/p\u003E\u003C\/td\u003E\u003C\/tr\u003E\u003Ctr\u003E\u003Ctd valign=\u0022top\u0022\u003E\u003Cp\u003EAo\u00fbt 2025\u003C\/p\u003E\u003C\/td\u003E\u003Ctd valign=\u0022top\u0022\u003E\u003Cp align=\u0022center\u0022\u003E130,9\u003C\/p\u003E\u003C\/td\u003E\u003C\/tr\u003E\u003Ctr\u003E\u003Ctd valign=\u0022top\u0022\u003E\u003Cp\u003ESeptembre 2025\u003C\/p\u003E\u003C\/td\u003E\u003Ctd valign=\u0022top\u0022\u003E\u003Cp align=\u0022center\u0022\u003E131,9\u003C\/p\u003E\u003C\/td\u003E\u003C\/tr\u003E\u003Ctr\u003E\u003Ctd valign=\u0022top\u0022\u003E\u003Cp\u003EOctobre 2025\u003C\/p\u003E\u003C\/td\u003E\u003Ctd valign=\u0022top\u0022\u003E\u003Cp align=\u0022center\u0022\u003E133,8\u003C\/p\u003E\u003C\/td\u003E\u003C\/tr\u003E\u003Ctr\u003E\u003Ctd valign=\u0022top\u0022\u003E\u003Cp\u003ENovembre 2025\u003C\/p\u003E\u003C\/td\u003E\u003Ctd valign=\u0022top\u0022\u003E\u003Cp align=\u0022center\u0022\u003E134,2\u003C\/p\u003E\u003C\/td\u003E\u003C\/tr\u003E\u003Ctr\u003E\u003Ctd valign=\u0022top\u0022\u003E\u003Cp\u003ED\u00e9cembre 2025\u003C\/p\u003E\u003C\/td\u003E\u003Ctd valign=\u0022top\u0022\u003E\u003Cp align=\u0022center\u0022\u003E134,7\u003C\/p\u003E\u003C\/td\u003E\u003C\/tr\u003E\u003C\/tbody\u003E\u003C\/table\u003E\u003Cp\u003E\u003Cbr\u003E\u003Cbr\u003E\u003Cstrong\u003EIndice ING - Ing\u00e9nierie\u003C\/strong\u003E\u003C\/p\u003E\u003Ctable class=\u0022MsoTableGrid\u0022 width=\u0022604\u0022\u003E\u003Ctbody\u003E\u003Ctr\u003E\u003Ctd valign=\u0022top\u0022\u003E\u003Cp align=\u0022center\u0022\u003E\u003Cstrong\u003EP\u00e9riode\u003C\/strong\u003E\u003C\/p\u003E\u003C\/td\u003E\u003Ctd valign=\u0022top\u0022\u003E\u003Cp align=\u0022center\u0022\u003E\u003Cstrong\u003EIndex\u003C\/strong\u003E\u003C\/p\u003E\u003C\/td\u003E\u003C\/tr\u003E\u003Ctr\u003E\u003Ctd valign=\u0022top\u0022\u003E\u003Cp\u003EJanvier 2025\u003C\/p\u003E\u003C\/td\u003E\u003Ctd valign=\u0022top\u0022\u003E\u003Cp align=\u0022center\u0022\u003E134,7\u003C\/p\u003E\u003C\/td\u003E\u003C\/tr\u003E\u003Ctr\u003E\u003Ctd valign=\u0022top\u0022\u003E\u003Cp\u003EF\u00e9vrier 2025\u003C\/p\u003E\u003C\/td\u003E\u003Ctd valign=\u0022top\u0022\u003E\u003Cp align=\u0022center\u0022\u003E134,8\u003C\/p\u003E\u003C\/td\u003E\u003C\/tr\u003E\u003Ctr\u003E\u003Ctd valign=\u0022top\u0022\u003E\u003Cp\u003EMars 2025\u003C\/p\u003E\u003C\/td\u003E\u003Ctd valign=\u0022top\u0022\u003E\u003Cp align=\u0022center\u0022\u003E134,6\u003C\/p\u003E\u003C\/td\u003E\u003C\/tr\u003E\u003Ctr\u003E\u003Ctd valign=\u0022top\u0022\u003E\u003Cp\u003EAvril 2025\u003C\/p\u003E\u003C\/td\u003E\u003Ctd valign=\u0022top\u0022\u003E\u003Cp align=\u0022center\u0022\u003E134,4\u003C\/p\u003E\u003C\/td\u003E\u003C\/tr\u003E\u003Ctr\u003E\u003Ctd valign=\u0022top\u0022\u003E\u003Cp\u003EMai 2025\u003C\/p\u003E\u003C\/td\u003E\u003Ctd valign=\u0022top\u0022\u003E\u003Cp align=\u0022center\u0022\u003E134,2\u003C\/p\u003E\u003C\/td\u003E\u003C\/tr\u003E\u003Ctr\u003E\u003Ctd valign=\u0022top\u0022\u003E\u003Cp\u003EJuin 2025\u003C\/p\u003E\u003C\/td\u003E\u003Ctd valign=\u0022top\u0022\u003E\u003Cp align=\u0022center\u0022\u003E134,7\u003C\/p\u003E\u003C\/td\u003E\u003C\/tr\u003E\u003Ctr\u003E\u003Ctd valign=\u0022top\u0022\u003E\u003Cp\u003EJuillet 2025\u003C\/p\u003E\u003C\/td\u003E\u003Ctd valign=\u0022top\u0022\u003E\u003Cp align=\u0022center\u0022\u003E135,2\u003C\/p\u003E\u003C\/td\u003E\u003C\/tr\u003E\u003Ctr\u003E\u003Ctd valign=\u0022top\u0022\u003E\u003Cp\u003EAo\u00fbt 2025\u003C\/p\u003E\u003C\/td\u003E\u003Ctd valign=\u0022top\u0022\u003E\u003Cp align=\u0022center\u0022\u003E135,1\u003C\/p\u003E\u003C\/td\u003E\u003C\/tr\u003E\u003Ctr\u003E\u003Ctd valign=\u0022top\u0022\u003E\u003Cp\u003ESeptembre 2025\u003C\/p\u003E\u003C\/td\u003E\u003Ctd valign=\u0022top\u0022\u003E\u003Cp align=\u0022center\u0022\u003E134,9\u003C\/p\u003E\u003C\/td\u003E\u003C\/tr\u003E\u003Ctr\u003E\u003Ctd valign=\u0022top\u0022\u003E\u003Cp\u003EOctobre 2025\u003C\/p\u003E\u003C\/td\u003E\u003Ctd valign=\u0022top\u0022\u003E\u003Cp align=\u0022center\u0022\u003E135,2\u003C\/p\u003E\u003C\/td\u003E\u003C\/tr\u003E\u003Ctr\u003E\u003Ctd valign=\u0022top\u0022\u003E\u003Cp\u003ENovembre 2025\u003C\/p\u003E\u003C\/td\u003E\u003Ctd valign=\u0022top\u0022\u003E\u003Cp align=\u0022center\u0022\u003E135,5\u003C\/p\u003E\u003C\/td\u003E\u003C\/tr\u003E\u003Ctr\u003E\u003Ctd valign=\u0022top\u0022\u003E\u003Cp\u003ED\u00e9cembre 2025\u003C\/p\u003E\u003C\/td\u003E\u003Ctd valign=\u0022top\u0022\u003E\u003Cp align=\u0022center\u0022\u003E135,7\u003C\/p\u003E\u003C\/td\u003E\u003C\/tr\u003E\u003C\/tbody\u003E\u003C\/table\u003E\u003Cp\u003E\u003Cbr\u003E\u003Cbr\u003E\u003Cstrong\u003EIndice de r\u00e9actualisation des actifs mat\u00e9riels dans la construction\u003C\/strong\u003E\u003C\/p\u003E\u003Ctable class=\u0022MsoTableGrid\u0022 width=\u0022604\u0022\u003E\u003Ctbody\u003E\u003Ctr\u003E\u003Ctd valign=\u0022top\u0022\u003E\u003Cp align=\u0022center\u0022\u003E\u003Cstrong\u003EP\u00e9riode\u003C\/strong\u003E\u003C\/p\u003E\u003C\/td\u003E\u003Ctd valign=\u0022top\u0022\u003E\u003Cp align=\u0022center\u0022\u003E\u003Cstrong\u003EIndex\u003C\/strong\u003E\u003C\/p\u003E\u003C\/td\u003E\u003C\/tr\u003E\u003Ctr\u003E\u003Ctd valign=\u0022top\u0022\u003E\u003Cp\u003EJanvier 2025\u003C\/p\u003E\u003C\/td\u003E\u003Ctd valign=\u0022top\u0022\u003E\u003Cp align=\u0022center\u0022\u003E1,4575\u003C\/p\u003E\u003C\/td\u003E\u003C\/tr\u003E\u003Ctr\u003E\u003Ctd valign=\u0022top\u0022\u003E\u003Cp\u003EF\u00e9vrier 2025\u003C\/p\u003E\u003C\/td\u003E\u003Ctd valign=\u0022top\u0022\u003E\u003Cp align=\u0022center\u0022\u003E1,4250\u003C\/p\u003E\u003C\/td\u003E\u003C\/tr\u003E\u003Ctr\u003E\u003Ctd valign=\u0022top\u0022\u003E\u003Cp\u003EMars 2025\u003C\/p\u003E\u003C\/td\u003E\u003Ctd valign=\u0022top\u0022\u003E\u003Cp align=\u0022center\u0022\u003E1,4210\u003C\/p\u003E\u003C\/td\u003E\u003C\/tr\u003E\u003Ctr\u003E\u003Ctd valign=\u0022top\u0022\u003E\u003Cp\u003EAvril 2025\u003C\/p\u003E\u003C\/td\u003E\u003Ctd valign=\u0022top\u0022\u003E\u003Cp align=\u0022center\u0022\u003E1,3984\u003C\/p\u003E\u003C\/td\u003E\u003C\/tr\u003E\u003Ctr\u003E\u003Ctd valign=\u0022top\u0022\u003E\u003Cp\u003EMai 2025\u003C\/p\u003E\u003C\/td\u003E\u003Ctd valign=\u0022top\u0022\u003E\u003Cp align=\u0022center\u0022\u003E1,3590\u003C\/p\u003E\u003C\/td\u003E\u003C\/tr\u003E\u003Ctr\u003E\u003Ctd valign=\u0022top\u0022\u003E\u003Cp\u003EJuin 2025\u003C\/p\u003E\u003C\/td\u003E\u003Ctd valign=\u0022top\u0022\u003E\u003Cp align=\u0022center\u0022\u003E1,3345\u003C\/p\u003E\u003C\/td\u003E\u003C\/tr\u003E\u003Ctr\u003E\u003Ctd valign=\u0022top\u0022\u003E\u003Cp\u003EJuillet 2025\u003C\/p\u003E\u003C\/td\u003E\u003Ctd valign=\u0022top\u0022\u003E\u003Cp align=\u0022center\u0022\u003E1,3376\u003C\/p\u003E\u003C\/td\u003E\u003C\/tr\u003E\u003Ctr\u003E\u003Ctd valign=\u0022top\u0022\u003E\u003Cp\u003EAo\u00fbt 2025\u003C\/p\u003E\u003C\/td\u003E\u003Ctd valign=\u0022top\u0022\u003E\u003Cp align=\u0022center\u0022\u003E1,3299\u003C\/p\u003E\u003C\/td\u003E\u003C\/tr\u003E\u003Ctr\u003E\u003Ctd valign=\u0022top\u0022\u003E\u003Cp\u003ESeptembre 2025\u003C\/p\u003E\u003C\/td\u003E\u003Ctd valign=\u0022top\u0022\u003E\u003Cp align=\u0022center\u0022\u003E1,3487\u003C\/p\u003E\u003C\/td\u003E\u003C\/tr\u003E\u003Ctr\u003E\u003Ctd valign=\u0022top\u0022\u003E\u003Cp\u003EOctobre 2025\u003C\/p\u003E\u003C\/td\u003E\u003Ctd valign=\u0022top\u0022\u003E\u003Cp align=\u0022center\u0022\u003E1,3448\u003C\/p\u003E\u003C\/td\u003E\u003C\/tr\u003E\u003Ctr\u003E\u003Ctd valign=\u0022top\u0022\u003E\u003Cp\u003ENovembre 2025\u003C\/p\u003E\u003C\/td\u003E\u003Ctd valign=\u0022top\u0022\u003E\u003Cp align=\u0022center\u0022\u003E1,3703\u003C\/p\u003E\u003C\/td\u003E\u003C\/tr\u003E\u003Ctr\u003E\u003Ctd valign=\u0022top\u0022\u003E\u003Cp\u003ED\u00e9cembre 2025\u003C\/p\u003E\u003C\/td\u003E\u003Ctd valign=\u0022top\u0022\u003E\u003Cp align=\u0022center\u0022\u003E1,4204\u003C\/p\u003E\u003C\/td\u003E\u003C\/tr\u003E\u003C\/tbody\u003E\u003C\/table\u003E                                            \u003Cp\u003E\u003Cbr \/\u003E\u003Cstrong\u003ESource :\u003C\/strong\u003E\u003Cstrong\u003E\u00a0\u003C\/strong\u003E\u003C\/p\u003E\u003Cul\u003E\u003Cli\u003E\u003Ca href=\u0022https:\/\/www.insee.fr\/fr\/statistiques\/8739372\u0022 target=\u0022_blank\u0022 rel=\u0022noopener\u0022\u003EIndex b\u00e2timent, travaux publics et divers de la construction \u2013 D\u00e9cembre 2025 (insee.fr)\u003C\/a\u003E\u003C\/li\u003E\u003C\/ul\u003E\u003C\/div\u003E","annee":"2025","theme":" Indices, taux, bar\u00e8mes juridiques","activites":["Artisan","Promoteur \/ Lotisseur \/ Architecte \/ G\u00e9om\u00e8tre"],"image":"https:\/\/www.weblex.fr\/sites\/default\/files\/chiffres_clef\/Shutterstock_inddivconstruction.jpg","created":"2026-02-24","modified":"2026-02-24"},{"url":"\/chiffres-cles\/indice-general-travaux-publics-tp01-tous-travaux-annee-2025","id":26061,"title":"Indice g\u00e9n\u00e9ral travaux publics \u2013 TP01 (tous travaux) - Ann\u00e9e 2025","content":"\u003Cdiv\u003E                                              \u003Ctable class=\u0022MsoTableGrid\u0022 width=\u0022604\u0022\u003E\u003Ctbody\u003E\u003Ctr\u003E\u003Ctd valign=\u0022top\u0022\u003E\u003Cp align=\u0022center\u0022\u003E\u003Cstrong\u003EP\u00e9riode\u003C\/strong\u003E\u003C\/p\u003E\u003C\/td\u003E\u003Ctd valign=\u0022top\u0022\u003E\u003Cp align=\u0022center\u0022\u003E\u003Cstrong\u003EIndex\u003C\/strong\u003E\u003C\/p\u003E\u003C\/td\u003E\u003C\/tr\u003E\u003Ctr\u003E\u003Ctd valign=\u0022top\u0022\u003E\u003Cp\u003EJanvier 2025\u003C\/p\u003E\u003C\/td\u003E\u003Ctd valign=\u0022top\u0022\u003E\u003Cp align=\u0022center\u0022\u003E131,9\u003C\/p\u003E\u003C\/td\u003E\u003C\/tr\u003E\u003Ctr\u003E\u003Ctd valign=\u0022top\u0022\u003E\u003Cp\u003EF\u00e9vrier 2025\u003C\/p\u003E\u003C\/td\u003E\u003Ctd valign=\u0022top\u0022\u003E\u003Cp align=\u0022center\u0022\u003E132,2\u003C\/p\u003E\u003C\/td\u003E\u003C\/tr\u003E\u003Ctr\u003E\u003Ctd valign=\u0022top\u0022\u003E\u003Cp\u003EMars 2025\u003C\/p\u003E\u003C\/td\u003E\u003Ctd valign=\u0022top\u0022\u003E\u003Cp align=\u0022center\u0022\u003E131,7\u003C\/p\u003E\u003C\/td\u003E\u003C\/tr\u003E\u003Ctr\u003E\u003Ctd valign=\u0022top\u0022\u003E\u003Cp\u003EAvril 2025\u003C\/p\u003E\u003C\/td\u003E\u003Ctd valign=\u0022top\u0022\u003E\u003Cp align=\u0022center\u0022\u003E131,4\u003C\/p\u003E\u003C\/td\u003E\u003C\/tr\u003E\u003Ctr\u003E\u003Ctd valign=\u0022top\u0022\u003E\u003Cp\u003EMai 2025\u003C\/p\u003E\u003C\/td\u003E\u003Ctd valign=\u0022top\u0022\u003E\u003Cp align=\u0022center\u0022\u003E130,7\u003C\/p\u003E\u003C\/td\u003E\u003C\/tr\u003E\u003Ctr\u003E\u003Ctd valign=\u0022top\u0022\u003E\u003Cp\u003EJuin 2025\u003C\/p\u003E\u003C\/td\u003E\u003Ctd valign=\u0022top\u0022\u003E\u003Cp align=\u0022center\u0022\u003E130,5\u003C\/p\u003E\u003C\/td\u003E\u003C\/tr\u003E\u003Ctr\u003E\u003Ctd valign=\u0022top\u0022\u003E\u003Cp\u003EJuillet 2025\u003C\/p\u003E\u003C\/td\u003E\u003Ctd valign=\u0022top\u0022\u003E\u003Cp align=\u0022center\u0022\u003E131,0\u003C\/p\u003E\u003C\/td\u003E\u003C\/tr\u003E\u003Ctr\u003E\u003Ctd valign=\u0022top\u0022\u003E\u003Cp\u003EAo\u00fbt 2025\u003C\/p\u003E\u003C\/td\u003E\u003Ctd valign=\u0022top\u0022\u003E\u003Cp align=\u0022center\u0022\u003E131,4\u003C\/p\u003E\u003C\/td\u003E\u003C\/tr\u003E\u003Ctr\u003E\u003Ctd valign=\u0022top\u0022\u003E\u003Cp\u003ESeptembre 2025\u003C\/p\u003E\u003C\/td\u003E\u003Ctd valign=\u0022top\u0022\u003E\u003Cp align=\u0022center\u0022\u003E130,7\u003C\/p\u003E\u003C\/td\u003E\u003C\/tr\u003E\u003Ctr\u003E\u003Ctd valign=\u0022top\u0022\u003E\u003Cp\u003EOctobre 2025\u003C\/p\u003E\u003C\/td\u003E\u003Ctd valign=\u0022top\u0022\u003E\u003Cp align=\u0022center\u0022\u003E130,5\u003C\/p\u003E\u003C\/td\u003E\u003C\/tr\u003E\u003Ctr\u003E\u003Ctd valign=\u0022top\u0022\u003E\u003Cp\u003ENovembre 2025\u003C\/p\u003E\u003C\/td\u003E\u003Ctd valign=\u0022top\u0022\u003E\u003Cp align=\u0022center\u0022\u003E130,8\u003C\/p\u003E\u003C\/td\u003E\u003C\/tr\u003E\u003Ctr\u003E\u003Ctd valign=\u0022top\u0022\u003E\u003Cp\u003ED\u00e9cembre 2025\u003C\/p\u003E\u003C\/td\u003E\u003Ctd valign=\u0022top\u0022\u003E\u003Cp align=\u0022center\u0022\u003E130,3\u003C\/p\u003E\u003C\/td\u003E\u003C\/tr\u003E\u003C\/tbody\u003E\u003C\/table\u003E\u003Cp\u003E\u003Ca href=\u0022https:\/\/www.insee.fr\/fr\/statistiques\/8270221\u0022 target=\u0022_blank\u0022 rel=\u0022noopener\u0022\u003E\u003Cstrong\u003ERetrouvez le d\u00e9tail des index par corps d\u2019\u00e9tat (base 2010)\u003C\/strong\u003E\u003C\/a\u003E\u003C\/p\u003E\u003Cp\u003EPour rappel, les index de la construction d\u0027octobre 2014, dont la publication a eu lieu le 15 janvier 2015, sont pass\u00e9s \u00e0 cette date en base 2010. Les anciens index B\u00e2timent ont donc cess\u00e9. L\u2019Insee propose toutefois une \u00ab s\u00e9rie correspondante \u00bb en face de chaque \u00ab s\u00e9rie arr\u00eat\u00e9e \u00bb, avec la r\u00e8gle de calcul suivante :\u003C\/p\u003E\u003Cul\u003E\u003Cli\u003Eavant le changement de base, c\u2019est-\u00e0-dire jusqu\u2019\u00e0 septembre 2014 inclus, l\u2019ancienne s\u00e9rie est directement accessible et fait foi ;\u003C\/li\u003E\u003Cli\u003E\u00e0 partir du changement de base, c\u2019est-\u00e0-dire depuis octobre 2014 inclus, l\u2019ancienne s\u00e9rie peut \u00eatre prolong\u00e9e de la mani\u00e8re suivante : la (nouvelle) s\u00e9rie correspondante doit \u00eatre multipli\u00e9e par un coefficient de raccordement puis le produit ainsi obtenu arrondi \u00e0 une d\u00e9cimale.\u003C\/li\u003E\u003C\/ul\u003E\u003Cp\u003E\u003Ca href=\u0022https:\/\/www.insee.fr\/fr\/statistiques\/fichier\/2862863\/tableau%20de%20correspondance%20des%20index%20bt.xls\u0022 target=\u0022_blank\u0022 rel=\u0022noopener\u0022\u003E\u003Cstrong\u003EConsultez le tableau de correspondance \u00ab anciennes \/ nouvelles s\u00e9ries \u00bb des index BT pr\u00e9sentant les coefficients de raccordement\u003C\/strong\u003E\u003C\/a\u003E\u003C\/p\u003E                                            \u003Cp\u003E\u003Cbr \/\u003E\u003Cstrong\u003ESource :\u003C\/strong\u003E\u003Cstrong\u003E\u00a0\u003C\/strong\u003E\u003C\/p\u003E\u003Cul\u003E\u003Cli\u003E\u003Ca href=\u0022https:\/\/www.insee.fr\/fr\/statistiques\/8739372\u0022 target=\u0022_blank\u0022 rel=\u0022noopener\u0022\u003EIndex b\u00e2timent, travaux publics et divers de la construction \u2013 D\u00e9cembre 2025\u0026nbsp;(insee.fr)\u003C\/a\u003E\u003C\/li\u003E\u003C\/ul\u003E\u003C\/div\u003E","annee":"2025","theme":" Indices, taux, bar\u00e8mes juridiques","activites":["Artisan","Promoteur \/ Lotisseur \/ Architecte \/ G\u00e9om\u00e8tre"],"image":"https:\/\/www.weblex.fr\/sites\/default\/files\/chiffres_clef\/Shutterstock_indtravpublics.jpg","created":"2026-02-24","modified":"2026-02-24"},{"url":"\/chiffres-cles\/indice-de-la-frequentation-touristique-des-hebergements-collectifs-touristiques-annee-2025","id":26453,"title":"Indice de la fr\u00e9quentation touristique des h\u00e9bergements collectifs touristiques - Ann\u00e9e 2025","content":"\u003Cdiv\u003E                                              \u003Cp\u003EIndice de la fr\u00e9quentation touristique des h\u00e9bergements collectifs touristiques\u0026nbsp;\u003C\/p\u003E\u003Cp\u003E\u0026nbsp;\u003C\/p\u003E\u003Ctable class=\u0022MsoTableGrid\u0022\u003E\u003Ctbody\u003E\u003Ctr\u003E\u003Ctd\u003E\u003Cp align=\u0022center\u0022\u003E\u003Cstrong\u003EP\u00e9riode\u003C\/strong\u003E\u003C\/p\u003E\u003C\/td\u003E\u003Ctd\u003E\u003Cp align=\u0022center\u0022\u003E\u003Cstrong\u003ENuit\u00e9es du trimestre (en millions)\u003C\/strong\u003E\u003C\/p\u003E\u003C\/td\u003E\u003Ctd\u003E\u003Cp align=\u0022center\u0022\u003E\u003Cstrong\u003EVariation annuelle\u0026nbsp;(en %)\u003C\/strong\u003E\u003C\/p\u003E\u003C\/td\u003E\u003C\/tr\u003E\u003Ctr\u003E\u003Ctd valign=\u0022top\u0022\u003E\u003Cp\u003E1er trimestre 2025\u003C\/p\u003E\u003C\/td\u003E\u003Ctd\u003E\u003Cp align=\u0022center\u0022\u003E23,0\u003C\/p\u003E\u003C\/td\u003E\u003Ctd\u003E\u003Cp align=\u0022center\u0022\u003E- 0,5 %\u003C\/p\u003E\u003C\/td\u003E\u003C\/tr\u003E\u003Ctr\u003E\u003Ctd valign=\u0022top\u0022\u003E\u003Cp\u003E2e trimestre 2025\u003C\/p\u003E\u003C\/td\u003E\u003Ctd\u003E\u003Cp align=\u0022center\u0022\u003E23,2\u003C\/p\u003E\u003C\/td\u003E\u003Ctd\u003E\u003Cp align=\u0022center\u0022\u003E+ 6,1 %\u003C\/p\u003E\u003C\/td\u003E\u003C\/tr\u003E\u003Ctr\u003E\u003Ctd valign=\u0022top\u0022\u003E\u003Cp\u003E3e trimestre 2025\u003C\/p\u003E\u003C\/td\u003E\u003Ctd\u003E\u003Cp align=\u0022center\u0022\u003E34,7\u003C\/p\u003E\u003C\/td\u003E\u003Ctd\u003E\u003Cp align=\u0022center\u0022\u003E+ 2,4 %\u003C\/p\u003E\u003C\/td\u003E\u003C\/tr\u003E\u003Ctr\u003E\u003Ctd valign=\u0022top\u0022\u003E\u003Cp\u003E4e trimestre 2025\u003C\/p\u003E\u003C\/td\u003E\u003Ctd\u003E\u003Cp align=\u0022center\u0022\u003E16,9\u003C\/p\u003E\u003C\/td\u003E\u003Ctd\u003E\u003Cp align=\u0022center\u0022\u003E+ 2,6 %\u003C\/p\u003E\u003C\/td\u003E\u003C\/tr\u003E\u003C\/tbody\u003E\u003C\/table\u003E                                            \u003Cp\u003E\u003Cbr \/\u003E\u003Cstrong\u003ESource :\u003C\/strong\u003E\u003Cstrong\u003E\u00a0\u003C\/strong\u003E\u003C\/p\u003E\u003Cul\u003E\u003Cli\u003E\u003Ca href=\u0022https:\/\/www.insee.fr\/fr\/statistiques\/8739138\u0022 target=\u0022_blank\u0022\u003EIndice de la fr\u00e9quentation des h\u00e9bergements collectifs touristiques \u20134e trimestre 2025 (insee.fr)\u003C\/a\u003E\u003C\/li\u003E\u003C\/ul\u003E\u003C\/div\u003E","annee":"2025","theme":" Indices, taux, bar\u00e8mes juridiques","activites":["Caf\u00e9 \/ H\u00f4tel \/ Restaurant"],"image":"https:\/\/www.weblex.fr\/sites\/default\/files\/chiffres_clef\/Shutterstock_fretouristiqueshebergementscollectifs.jpg","created":"2026-02-24","modified":"2026-03-20"},{"url":"\/chiffres-cles\/tarifs-des-notaires-actes-relatifs-a-la-propriete-et-la-mutation-de-propriete-2025","id":27825,"title":"Tarifs des Notaires \u2013 Actes relatifs \u00e0 la propri\u00e9t\u00e9 et la mutation de propri\u00e9t\u00e9 - 2025","content":"\u003Cdiv\u003E                                              \u003Cp\u003E\u003Cstrong\u003ELes cahiers des charges donnent lieu \u00e0 la perception des \u00e9moluments suivants :\u003C\/strong\u003E\u003C\/p\u003E\u003Ctable class=\u0022MsoTableGrid\u0022\u003E\u003Ctbody\u003E\u003Ctr\u003E\u003Ctd\u003E\u003Cp align=\u0022center\u0022\u003E\u003Cstrong\u003ED\u00c9SIGNATION DE LA PRESTATION\u003C\/strong\u003E\u003C\/p\u003E\u003C\/td\u003E\u003Ctd\u003E\u003Cp align=\u0022center\u0022\u003E\u003Cstrong\u003E\u00c9MOLUMENT\u003C\/strong\u003E\u003C\/p\u003E\u003C\/td\u003E\u003C\/tr\u003E\u003Ctr\u003E\u003Ctd valign=\u0022top\u0022\u003E\u003Cp align=\u0022center\u0022\u003E\u00c9tablissement d\u0027un cahier des charges en vue d\u0027une adjudication pour une vente immobili\u00e8re\u003C\/p\u003E\u003C\/td\u003E\u003Ctd\u003E\u003Cp align=\u0022center\u0022\u003E113,20 \u20ac\u003C\/p\u003E\u003C\/td\u003E\u003C\/tr\u003E\u003Ctr\u003E\u003Ctd valign=\u0022top\u0022\u003E\u003Cp align=\u0022center\u0022\u003ERenonciation \u00e0 l\u0027insaisissabilit\u00e9 des droits sur la r\u00e9sidence Etablissement d\u0027un cahier des charges en vue d\u0027une adjudication pour une vente immobili\u00e8re, si la tentative d\u0027adjudication reste sans effet\u003C\/p\u003E\u003C\/td\u003E\u003Ctd\u003E\u003Cp align=\u0022center\u0022\u003E188,66 \u20ac\u003C\/p\u003E\u003C\/td\u003E\u003C\/tr\u003E\u003Ctr\u003E\u003Ctd valign=\u0022top\u0022\u003E\u003Cp align=\u0022center\u0022\u003E\u00c9tablissement d\u0027un cahier des charges en vue d\u0027une adjudication pour une vente mobili\u00e8re\u003C\/p\u003E\u003C\/td\u003E\u003Ctd\u003E\u003Cp align=\u0022center\u0022\u003E75,46 \u20ac\u003C\/p\u003E\u003C\/td\u003E\u003C\/tr\u003E\u003C\/tbody\u003E\u003C\/table\u003E\u003Cp\u003EL\u0027\u00e9molument n\u0027est d\u00fb que s\u0027il n\u0027y a pas d\u0027adjudication.\u003C\/p\u003E\u003Cp\u003E\u003Cstrong\u003ELes certificats de propri\u00e9t\u00e9 et autres certificats ou attestations constatant le transfert de propri\u00e9t\u00e9 de biens de nature mobili\u00e8re donnent lieu \u00e0 la perception :\u003C\/strong\u003E\u003C\/p\u003E\u003Cul\u003E\u003Cli\u003Elorsque la valeur des biens transmis est inf\u00e9rieure \u00e0 3 120 \u20ac, d\u0027un \u00e9molument fixe de 15,09 \u20ac ;\u003C\/li\u003E\u003Cli\u003Elorsque cette valeur d\u00e9passe le seuil de 3 120 \u20ac, d\u0027un \u00e9molument proportionnel \u00e9gal \u00e0 0,484 % de cette valeur.\u003C\/li\u003E\u003C\/ul\u003E\u003Cp\u003E\u003Cstrong\u003ELes licitations donnent lieu \u00e0 la perception :\u003C\/strong\u003E\u003C\/p\u003E\u003Cul\u003E\u003Cli\u003Een cas de licitation de gr\u00e9 \u00e0 gr\u00e9 :\u003Cul\u003E\u003Cli\u003Esi l\u0027indivision cesse, d\u0027un \u00e9molument proportionnel \u00e0 l\u0027ensemble des biens licit\u00e9s, selon le bar\u00e8me suivant :\u003C\/li\u003E\u003C\/ul\u003E\u003C\/li\u003E\u003C\/ul\u003E\u003Ctable class=\u0022MsoTableGrid\u0022\u003E\u003Ctbody\u003E\u003Ctr\u003E\u003Ctd\u003E\u003Cp align=\u0022center\u0022\u003E\u003Cstrong\u003ETRANCHES D\u2019ASSIETTE\u003C\/strong\u003E\u003C\/p\u003E\u003C\/td\u003E\u003Ctd\u003E\u003Cp align=\u0022center\u0022\u003E\u003Cstrong\u003ETAUX APPLICABLE\u003C\/strong\u003E\u003C\/p\u003E\u003C\/td\u003E\u003C\/tr\u003E\u003Ctr\u003E\u003Ctd valign=\u0022top\u0022\u003E\u003Cp align=\u0022center\u0022\u003EDe 0 \u00e0 6\u0026nbsp;500 \u20ac\u003C\/p\u003E\u003C\/td\u003E\u003Ctd\u003E\u003Cp align=\u0022center\u0022\u003E2,580 %\u003C\/p\u003E\u003C\/td\u003E\u003C\/tr\u003E\u003Ctr\u003E\u003Ctd valign=\u0022top\u0022\u003E\u003Cp align=\u0022center\u0022\u003EDe 6\u0026nbsp;500 \u20ac \u00e0 17\u0026nbsp;000 \u20ac\u003C\/p\u003E\u003C\/td\u003E\u003Ctd\u003E\u003Cp align=\u0022center\u0022\u003E1,064 %\u003C\/p\u003E\u003C\/td\u003E\u003C\/tr\u003E\u003Ctr\u003E\u003Ctd valign=\u0022top\u0022\u003E\u003Cp align=\u0022center\u0022\u003EDe 17\u0026nbsp;000 \u20ac \u00e0 60\u0026nbsp;000 \u20ac\u003C\/p\u003E\u003C\/td\u003E\u003Ctd\u003E\u003Cp align=\u0022center\u0022\u003E0,709 %\u003C\/p\u003E\u003C\/td\u003E\u003C\/tr\u003E\u003Ctr\u003E\u003Ctd valign=\u0022top\u0022\u003E\u003Cp align=\u0022center\u0022\u003EPlus de 60\u0026nbsp;000 \u20ac\u003C\/p\u003E\u003C\/td\u003E\u003Ctd\u003E\u003Cp align=\u0022center\u0022\u003E0,532 %\u003C\/p\u003E\u003C\/td\u003E\u003C\/tr\u003E\u003C\/tbody\u003E\u003C\/table\u003E\u003Cul\u003E\u003Cli\u003E\u0026nbsp;\u003Cul\u003E\u003Cli\u003Edans le cas contraire, d\u0027un \u00e9molument proportionnel \u00e0 la part acquise, selon le bar\u00e8me suivant :\u003C\/li\u003E\u003C\/ul\u003E\u003C\/li\u003E\u003C\/ul\u003E\u003Ctable class=\u0022MsoTableGrid\u0022\u003E\u003Ctbody\u003E\u003Ctr\u003E\u003Ctd\u003E\u003Cp align=\u0022center\u0022\u003E\u003Cstrong\u003ETRANCHES D\u2019ASSIETTE\u003C\/strong\u003E\u003C\/p\u003E\u003C\/td\u003E\u003Ctd\u003E\u003Cp align=\u0022center\u0022\u003E\u003Cstrong\u003ETAUX APPLICABLE\u003C\/strong\u003E\u003C\/p\u003E\u003C\/td\u003E\u003C\/tr\u003E\u003Ctr\u003E\u003Ctd valign=\u0022top\u0022\u003E\u003Cp align=\u0022center\u0022\u003EDe 0 \u00e0 6\u0026nbsp;500 \u20ac\u003C\/p\u003E\u003C\/td\u003E\u003Ctd\u003E\u003Cp align=\u0022center\u0022\u003E3,870 %\u003C\/p\u003E\u003C\/td\u003E\u003C\/tr\u003E\u003Ctr\u003E\u003Ctd valign=\u0022top\u0022\u003E\u003Cp align=\u0022center\u0022\u003EDe 6\u0026nbsp;500 \u20ac \u00e0 17\u0026nbsp;000 \u20ac\u003C\/p\u003E\u003C\/td\u003E\u003Ctd\u003E\u003Cp align=\u0022center\u0022\u003E1,596 %\u003C\/p\u003E\u003C\/td\u003E\u003C\/tr\u003E\u003Ctr\u003E\u003Ctd valign=\u0022top\u0022\u003E\u003Cp align=\u0022center\u0022\u003EDe 17\u0026nbsp;000 \u20ac \u00e0 60\u0026nbsp;000 \u20ac\u003C\/p\u003E\u003C\/td\u003E\u003Ctd\u003E\u003Cp align=\u0022center\u0022\u003E1,064 %\u003C\/p\u003E\u003C\/td\u003E\u003C\/tr\u003E\u003Ctr\u003E\u003Ctd valign=\u0022top\u0022\u003E\u003Cp align=\u0022center\u0022\u003EPlus de 60\u0026nbsp;000 \u20ac\u003C\/p\u003E\u003C\/td\u003E\u003Ctd\u003E\u003Cp align=\u0022center\u0022\u003E0,798 %\u003C\/p\u003E\u003C\/td\u003E\u003C\/tr\u003E\u003C\/tbody\u003E\u003C\/table\u003E\u003Cul\u003E\u003Cli\u003Een cas de licitation par adjudication volontaire, d\u0027un \u00e9molument proportionnel au prix de chaque lot, selon le bar\u00e8me suivant :\u003C\/li\u003E\u003C\/ul\u003E\u003Ctable class=\u0022MsoTableGrid\u0022\u003E\u003Ctbody\u003E\u003Ctr\u003E\u003Ctd\u003E\u003Cp align=\u0022center\u0022\u003E\u003Cstrong\u003ETRANCHES D\u2019ASSIETTE\u003C\/strong\u003E\u003C\/p\u003E\u003C\/td\u003E\u003Ctd\u003E\u003Cp align=\u0022center\u0022\u003E\u003Cstrong\u003ETAUX APPLICABLE\u003C\/strong\u003E\u003C\/p\u003E\u003C\/td\u003E\u003C\/tr\u003E\u003Ctr\u003E\u003Ctd valign=\u0022top\u0022\u003E\u003Cp align=\u0022center\u0022\u003EDe 0 \u00e0 6\u0026nbsp;500 \u20ac\u003C\/p\u003E\u003C\/td\u003E\u003Ctd\u003E\u003Cp align=\u0022center\u0022\u003E7,740 %\u003C\/p\u003E\u003C\/td\u003E\u003C\/tr\u003E\u003Ctr\u003E\u003Ctd valign=\u0022top\u0022\u003E\u003Cp align=\u0022center\u0022\u003EDe 6\u0026nbsp;500 \u20ac \u00e0 17\u0026nbsp;000 \u20ac\u003C\/p\u003E\u003C\/td\u003E\u003Ctd\u003E\u003Cp align=\u0022center\u0022\u003E3,193 %\u003C\/p\u003E\u003C\/td\u003E\u003C\/tr\u003E\u003Ctr\u003E\u003Ctd valign=\u0022top\u0022\u003E\u003Cp align=\u0022center\u0022\u003EDe 17\u0026nbsp;000 \u20ac \u00e0 60\u0026nbsp;000 \u20ac\u003C\/p\u003E\u003C\/td\u003E\u003Ctd\u003E\u003Cp align=\u0022center\u0022\u003E2,128 %\u003C\/p\u003E\u003C\/td\u003E\u003C\/tr\u003E\u003Ctr\u003E\u003Ctd valign=\u0022top\u0022\u003E\u003Cp align=\u0022center\u0022\u003EPlus de 60\u0026nbsp;000 \u20ac\u003C\/p\u003E\u003C\/td\u003E\u003Ctd\u003E\u003Cp align=\u0022center\u0022\u003E1,596 %\u003C\/p\u003E\u003C\/td\u003E\u003C\/tr\u003E\u003C\/tbody\u003E\u003C\/table\u003E\u003Cul\u003E\u003Cli\u003Een cas de licitation par adjudication judiciaire :\u003Cul\u003E\u003Cli\u003Esi le cahier des charges est r\u00e9dig\u00e9 par le notaire, d\u0027un \u00e9molument proportionnel selon le bar\u00e8me suivant :\u003C\/li\u003E\u003C\/ul\u003E\u003C\/li\u003E\u003C\/ul\u003E\u003Ctable class=\u0022MsoTableGrid\u0022\u003E\u003Ctbody\u003E\u003Ctr\u003E\u003Ctd\u003E\u003Cp align=\u0022center\u0022\u003E\u003Cstrong\u003ETRANCHES D\u2019ASSIETTE\u003C\/strong\u003E\u003C\/p\u003E\u003C\/td\u003E\u003Ctd\u003E\u003Cp align=\u0022center\u0022\u003E\u003Cstrong\u003ETAUX APPLICABLE\u003C\/strong\u003E\u003C\/p\u003E\u003C\/td\u003E\u003C\/tr\u003E\u003Ctr\u003E\u003Ctd valign=\u0022top\u0022\u003E\u003Cp align=\u0022center\u0022\u003EDe 0 \u00e0 6\u0026nbsp;500 \u20ac\u003C\/p\u003E\u003C\/td\u003E\u003Ctd\u003E\u003Cp align=\u0022center\u0022\u003E7,256 %\u003C\/p\u003E\u003C\/td\u003E\u003C\/tr\u003E\u003Ctr\u003E\u003Ctd valign=\u0022top\u0022\u003E\u003Cp align=\u0022center\u0022\u003EDe 6\u0026nbsp;500 \u20ac \u00e0 17\u0026nbsp;000 \u20ac\u003C\/p\u003E\u003C\/td\u003E\u003Ctd\u003E\u003Cp align=\u0022center\u0022\u003E2,993 %\u003C\/p\u003E\u003C\/td\u003E\u003C\/tr\u003E\u003Ctr\u003E\u003Ctd valign=\u0022top\u0022\u003E\u003Cp align=\u0022center\u0022\u003EDe 17\u0026nbsp;000 \u20ac \u00e0 60\u0026nbsp;000 \u20ac\u003C\/p\u003E\u003C\/td\u003E\u003Ctd\u003E\u003Cp align=\u0022center\u0022\u003E1,995 %\u003C\/p\u003E\u003C\/td\u003E\u003C\/tr\u003E\u003Ctr\u003E\u003Ctd valign=\u0022top\u0022\u003E\u003Cp align=\u0022center\u0022\u003EPlus de 60\u0026nbsp;000 \u20ac\u003C\/p\u003E\u003C\/td\u003E\u003Ctd\u003E\u003Cp align=\u0022center\u0022\u003E1,497 %\u003C\/p\u003E\u003C\/td\u003E\u003C\/tr\u003E\u003C\/tbody\u003E\u003C\/table\u003E\u003Cul\u003E\u003Cli\u003E\u0026nbsp;\u003Cul\u003E\u003Cli\u003Esi le cahier des charges est r\u00e9dig\u00e9 par l\u0027avocat, d\u0027un \u00e9molument proportionnel selon le bar\u00e8me suivant :\u003C\/li\u003E\u003C\/ul\u003E\u003C\/li\u003E\u003C\/ul\u003E\u003Ctable class=\u0022MsoTableGrid\u0022\u003E\u003Ctbody\u003E\u003Ctr\u003E\u003Ctd\u003E\u003Cp align=\u0022center\u0022\u003E\u003Cstrong\u003ETRANCHES D\u2019ASSIETTE\u003C\/strong\u003E\u003C\/p\u003E\u003C\/td\u003E\u003Ctd\u003E\u003Cp align=\u0022center\u0022\u003E\u003Cstrong\u003ETAUX APPLICABLE\u003C\/strong\u003E\u003C\/p\u003E\u003C\/td\u003E\u003C\/tr\u003E\u003Ctr\u003E\u003Ctd valign=\u0022top\u0022\u003E\u003Cp align=\u0022center\u0022\u003EDe 0 \u00e0 6\u0026nbsp;500 \u20ac\u003C\/p\u003E\u003C\/td\u003E\u003Ctd\u003E\u003Cp align=\u0022center\u0022\u003E3,870 %\u003C\/p\u003E\u003C\/td\u003E\u003C\/tr\u003E\u003Ctr\u003E\u003Ctd valign=\u0022top\u0022\u003E\u003Cp align=\u0022center\u0022\u003EDe 6\u0026nbsp;500 \u20ac \u00e0 17\u0026nbsp;000 \u20ac\u003C\/p\u003E\u003C\/td\u003E\u003Ctd\u003E\u003Cp align=\u0022center\u0022\u003E1,596 %\u003C\/p\u003E\u003C\/td\u003E\u003C\/tr\u003E\u003Ctr\u003E\u003Ctd valign=\u0022top\u0022\u003E\u003Cp align=\u0022center\u0022\u003EDe 17\u0026nbsp;000 \u20ac \u00e0 60\u0026nbsp;000 \u20ac\u003C\/p\u003E\u003C\/td\u003E\u003Ctd\u003E\u003Cp align=\u0022center\u0022\u003E1,064 %\u003C\/p\u003E\u003C\/td\u003E\u003C\/tr\u003E\u003Ctr\u003E\u003Ctd valign=\u0022top\u0022\u003E\u003Cp align=\u0022center\u0022\u003EPlus de 60\u0026nbsp;000 \u20ac\u003C\/p\u003E\u003C\/td\u003E\u003Ctd\u003E\u003Cp align=\u0022center\u0022\u003E0,798 %\u003C\/p\u003E\u003C\/td\u003E\u003C\/tr\u003E\u003C\/tbody\u003E\u003C\/table\u003E\u003Cp\u003E\u003Cstrong\u003EL\u0027origine de propri\u00e9t\u00e9 par acte s\u00e9par\u00e9 donne lieu \u00e0 la perception d\u0027un \u00e9molument de 3,78 \u20ac par mutation relat\u00e9e.\u003C\/strong\u003E\u003C\/p\u003E\u003Cp\u003E\u003Cstrong\u003ELa r\u00e9siliation ou r\u00e9solution de vente donne lieu \u00e0 la perception d\u0027un \u00e9molument proportionnel, selon le bar\u00e8me suivant :\u003C\/strong\u003E\u003C\/p\u003E\u003Ctable class=\u0022MsoTableGrid\u0022\u003E\u003Ctbody\u003E\u003Ctr\u003E\u003Ctd\u003E\u003Cp align=\u0022center\u0022\u003E\u003Cstrong\u003ETRANCHES D\u2019ASSIETTE\u003C\/strong\u003E\u003C\/p\u003E\u003C\/td\u003E\u003Ctd\u003E\u003Cp align=\u0022center\u0022\u003E\u003Cstrong\u003ETAUX APPLICABLE\u003C\/strong\u003E\u003C\/p\u003E\u003C\/td\u003E\u003C\/tr\u003E\u003Ctr\u003E\u003Ctd valign=\u0022top\u0022\u003E\u003Cp align=\u0022center\u0022\u003EDe 0 \u00e0 6\u0026nbsp;500 \u20ac\u003C\/p\u003E\u003C\/td\u003E\u003Ctd\u003E\u003Cp align=\u0022center\u0022\u003E1,935 %\u003C\/p\u003E\u003C\/td\u003E\u003C\/tr\u003E\u003Ctr\u003E\u003Ctd valign=\u0022top\u0022\u003E\u003Cp align=\u0022center\u0022\u003EDe 6\u0026nbsp;500 \u20ac \u00e0 17\u0026nbsp;000 \u20ac\u003C\/p\u003E\u003C\/td\u003E\u003Ctd\u003E\u003Cp align=\u0022center\u0022\u003E0,799 %\u003C\/p\u003E\u003C\/td\u003E\u003C\/tr\u003E\u003Ctr\u003E\u003Ctd valign=\u0022top\u0022\u003E\u003Cp align=\u0022center\u0022\u003EDe 17\u0026nbsp;000 \u20ac \u00e0 60\u0026nbsp;000 \u20ac\u003C\/p\u003E\u003C\/td\u003E\u003Ctd\u003E\u003Cp align=\u0022center\u0022\u003E0,532 %\u003C\/p\u003E\u003C\/td\u003E\u003C\/tr\u003E\u003Ctr\u003E\u003Ctd valign=\u0022top\u0022\u003E\u003Cp align=\u0022center\u0022\u003EPlus de 60\u0026nbsp;000 \u20ac\u003C\/p\u003E\u003C\/td\u003E\u003Ctd\u003E\u003Cp align=\u0022center\u0022\u003E0,399 %\u003C\/p\u003E\u003C\/td\u003E\u003C\/tr\u003E\u003C\/tbody\u003E\u003C\/table\u003E\u003Cp\u003E\u003Cstrong\u003ELe transfert de propri\u00e9t\u00e9 ou de jouissance entre collectivit\u00e9s territoriales et\/ou \u00e9tablissements publics donne lieu \u00e0 la perception d\u0027un \u00e9molument proportionnel, selon le bar\u00e8me suivant :\u003C\/strong\u003E\u003C\/p\u003E\u003Ctable class=\u0022MsoTableGrid\u0022\u003E\u003Ctbody\u003E\u003Ctr\u003E\u003Ctd\u003E\u003Cp align=\u0022center\u0022\u003E\u003Cstrong\u003ETRANCHES D\u2019ASSIETTE\u003C\/strong\u003E\u003C\/p\u003E\u003C\/td\u003E\u003Ctd\u003E\u003Cp align=\u0022center\u0022\u003E\u003Cstrong\u003ETAUX APPLICABLE\u003C\/strong\u003E\u003C\/p\u003E\u003C\/td\u003E\u003C\/tr\u003E\u003Ctr\u003E\u003Ctd valign=\u0022top\u0022\u003E\u003Cp align=\u0022center\u0022\u003EDe 0 \u00e0 6\u0026nbsp;500 \u20ac\u003C\/p\u003E\u003C\/td\u003E\u003Ctd\u003E\u003Cp align=\u0022center\u0022\u003E1,935 %\u003C\/p\u003E\u003C\/td\u003E\u003C\/tr\u003E\u003Ctr\u003E\u003Ctd valign=\u0022top\u0022\u003E\u003Cp align=\u0022center\u0022\u003EDe 6\u0026nbsp;500 \u20ac \u00e0 17\u0026nbsp;000 \u20ac\u003C\/p\u003E\u003C\/td\u003E\u003Ctd\u003E\u003Cp align=\u0022center\u0022\u003E0,799 %\u003C\/p\u003E\u003C\/td\u003E\u003C\/tr\u003E\u003Ctr\u003E\u003Ctd valign=\u0022top\u0022\u003E\u003Cp align=\u0022center\u0022\u003EDe 17\u0026nbsp;000 \u20ac \u00e0 60\u0026nbsp;000 \u20ac\u003C\/p\u003E\u003C\/td\u003E\u003Ctd\u003E\u003Cp align=\u0022center\u0022\u003E0,532 %\u003C\/p\u003E\u003C\/td\u003E\u003C\/tr\u003E\u003Ctr\u003E\u003Ctd valign=\u0022top\u0022\u003E\u003Cp align=\u0022center\u0022\u003EPlus de 60\u0026nbsp;000 \u20ac\u003C\/p\u003E\u003C\/td\u003E\u003Ctd\u003E\u003Cp align=\u0022center\u0022\u003E0,399 %\u003C\/p\u003E\u003C\/td\u003E\u003C\/tr\u003E\u003C\/tbody\u003E\u003C\/table\u003E\u003Cp\u003E\u003Cstrong\u003ELe transfert de propri\u00e9t\u00e9 \u00e0 titre gratuit des biens mobiliers et immobiliers appartenant \u00e0 l\u0027\u00c9tat ou \u00e0 l\u0027\u00c9tablissement public d\u0027am\u00e9nagement de Paris-Saclay donne lieu \u00e0 la perception d\u0027un \u00e9molument proportionnel, selon le bar\u00e8me suivant :\u003C\/strong\u003E\u003C\/p\u003E\u003Ctable class=\u0022MsoTableGrid\u0022\u003E\u003Ctbody\u003E\u003Ctr\u003E\u003Ctd\u003E\u003Cp align=\u0022center\u0022\u003E\u003Cstrong\u003ETRANCHES D\u2019ASSIETTE\u003C\/strong\u003E\u003C\/p\u003E\u003C\/td\u003E\u003Ctd\u003E\u003Cp align=\u0022center\u0022\u003E\u003Cstrong\u003ETAUX APPLICABLE\u003C\/strong\u003E\u003C\/p\u003E\u003C\/td\u003E\u003C\/tr\u003E\u003Ctr\u003E\u003Ctd valign=\u0022top\u0022\u003E\u003Cp align=\u0022center\u0022\u003EDe 0 \u00e0 10\u0026nbsp;000\u0026nbsp;000 \u20ac\u003C\/p\u003E\u003C\/td\u003E\u003Ctd\u003E\u003Cp align=\u0022center\u0022\u003E0,393 %\u003C\/p\u003E\u003C\/td\u003E\u003C\/tr\u003E\u003Ctr\u003E\u003Ctd valign=\u0022top\u0022\u003E\u003Cp align=\u0022center\u0022\u003EDe 10\u0026nbsp;000\u0026nbsp;000 \u20ac \u00e0 200\u0026nbsp;000\u0026nbsp;000 \u20ac\u003C\/p\u003E\u003C\/td\u003E\u003Ctd\u003E\u003Cp align=\u0022center\u0022\u003E0,0785 %\u003C\/p\u003E\u003C\/td\u003E\u003C\/tr\u003E\u003Ctr\u003E\u003Ctd valign=\u0022top\u0022\u003E\u003Cp align=\u0022center\u0022\u003EPlus de 200\u0026nbsp;000\u0026nbsp;000 \u20ac\u003C\/p\u003E\u003C\/td\u003E\u003Ctd\u003E\u003Cp align=\u0022center\u0022\u003E0,0079 %\u003C\/p\u003E\u003C\/td\u003E\u003C\/tr\u003E\u003C\/tbody\u003E\u003C\/table\u003E\u003Cp\u003E\u003Cstrong\u003ELa vente ou cession de gr\u00e9 \u00e0 gr\u00e9 donne lieu \u00e0 la perception d\u0027un \u00e9molument proportionnel, selon le bar\u00e8me suivant :\u003C\/strong\u003E\u003C\/p\u003E\u003Ctable class=\u0022MsoTableGrid\u0022\u003E\u003Ctbody\u003E\u003Ctr\u003E\u003Ctd\u003E\u003Cp align=\u0022center\u0022\u003E\u003Cstrong\u003ETRANCHES D\u2019ASSIETTE\u003C\/strong\u003E\u003C\/p\u003E\u003C\/td\u003E\u003Ctd\u003E\u003Cp align=\u0022center\u0022\u003E\u003Cstrong\u003ETAUX APPLICABLE\u003C\/strong\u003E\u003C\/p\u003E\u003C\/td\u003E\u003C\/tr\u003E\u003Ctr\u003E\u003Ctd valign=\u0022top\u0022\u003E\u003Cp align=\u0022center\u0022\u003EDe 0 \u00e0 6\u0026nbsp;500 \u20ac\u003C\/p\u003E\u003C\/td\u003E\u003Ctd\u003E\u003Cp align=\u0022center\u0022\u003E3,870 %\u003C\/p\u003E\u003C\/td\u003E\u003C\/tr\u003E\u003Ctr\u003E\u003Ctd valign=\u0022top\u0022\u003E\u003Cp align=\u0022center\u0022\u003EDe 6\u0026nbsp;500 \u20ac \u00e0 17\u0026nbsp;000 \u20ac\u003C\/p\u003E\u003C\/td\u003E\u003Ctd\u003E\u003Cp align=\u0022center\u0022\u003E1,596 %\u003C\/p\u003E\u003C\/td\u003E\u003C\/tr\u003E\u003Ctr\u003E\u003Ctd valign=\u0022top\u0022\u003E\u003Cp align=\u0022center\u0022\u003EDe 17\u0026nbsp;000 \u20ac \u00e0 60\u0026nbsp;000 \u20ac\u003C\/p\u003E\u003C\/td\u003E\u003Ctd\u003E\u003Cp align=\u0022center\u0022\u003E1,064 %\u003C\/p\u003E\u003C\/td\u003E\u003C\/tr\u003E\u003Ctr\u003E\u003Ctd valign=\u0022top\u0022\u003E\u003Cp align=\u0022center\u0022\u003EPlus de 60\u0026nbsp;000 \u20ac\u003C\/p\u003E\u003C\/td\u003E\u003Ctd\u003E\u003Cp align=\u0022center\u0022\u003E0,799 %\u003C\/p\u003E\u003C\/td\u003E\u003C\/tr\u003E\u003C\/tbody\u003E\u003C\/table\u003E\u003Cp\u003E\u003Cstrong\u003ELa 1re vente en l\u0027\u00e9tat futur d\u0027ach\u00e8vement ou achev\u00e9 de locaux d\u0027habitation, appartements ou maisons individuelles d\u0027immeubles HLM n\u0027ayant jamais \u00e9t\u00e9 habit\u00e9s donne lieu \u00e0 la perception d\u0027un \u00e9molument proportionnel, dont le taux est fonction du nombre d\u0027unit\u00e9s principales d\u0027habitation concern\u00e9es par le permis de construire, selon le bar\u00e8me suivant :\u003C\/strong\u003E\u003C\/p\u003E\u003Ctable class=\u0022MsoTableGrid\u0022\u003E\u003Ctbody\u003E\u003Ctr\u003E\u003Ctd valign=\u0022top\u0022\u003E\u003Cp align=\u0022center\u0022\u003E\u0026nbsp;\u003C\/p\u003E\u003C\/td\u003E\u003Ctd colspan=\u00224\u0022\u003E\u003Cp align=\u0022center\u0022\u003E\u003Cstrong\u003ETAUX APPLICABLE\u003C\/strong\u003E\u003Cstrong\u003E (selon que le permis de construire concerne (en nombre d\u2019unit\u00e9s principales d\u2019habitation)\u003C\/strong\u003E\u003C\/p\u003E\u003C\/td\u003E\u003C\/tr\u003E\u003Ctr\u003E\u003Ctd valign=\u0022top\u0022\u003E\u003Cp align=\u0022center\u0022\u003E\u003Cstrong\u003ETRANCHES D\u2019ASSIETTE\u003C\/strong\u003E\u003C\/p\u003E\u003C\/td\u003E\u003Ctd\u003E\u003Cp align=\u0022center\u0022\u003E\u003Cstrong\u003EAu plus 100 unit\u00e9s\u003C\/strong\u003E\u003C\/p\u003E\u003C\/td\u003E\u003Ctd\u003E\u003Cp align=\u0022center\u0022\u003E\u003Cstrong\u003EEntre 101 et 249 unit\u00e9s\u003C\/strong\u003E\u003C\/p\u003E\u003C\/td\u003E\u003Ctd\u003E\u003Cp align=\u0022center\u0022\u003E\u003Cstrong\u003EEntre 250 et 499 unit\u00e9s\u003C\/strong\u003E\u003C\/p\u003E\u003C\/td\u003E\u003Ctd\u003E\u003Cp align=\u0022center\u0022\u003E\u003Cstrong\u003E500 unit\u00e9s ou plus\u003C\/strong\u003E\u003C\/p\u003E\u003C\/td\u003E\u003C\/tr\u003E\u003Ctr\u003E\u003Ctd valign=\u0022top\u0022\u003E\u003Cp align=\u0022center\u0022\u003EDe 0 \u00e0 6\u0026nbsp;500 \u20ac\u003C\/p\u003E\u003C\/td\u003E\u003Ctd valign=\u0022top\u0022\u003E\u003Cp align=\u0022center\u0022\u003E2,322 %\u003C\/p\u003E\u003C\/td\u003E\u003Ctd valign=\u0022top\u0022\u003E\u003Cp align=\u0022center\u0022\u003E1,935 %\u003C\/p\u003E\u003C\/td\u003E\u003Ctd valign=\u0022top\u0022\u003E\u003Cp align=\u0022center\u0022\u003E1,548 %\u003C\/p\u003E\u003C\/td\u003E\u003Ctd valign=\u0022top\u0022\u003E\u003Cp align=\u0022center\u0022\u003E1,290 %\u003C\/p\u003E\u003C\/td\u003E\u003C\/tr\u003E\u003Ctr\u003E\u003Ctd valign=\u0022top\u0022\u003E\u003Cp align=\u0022center\u0022\u003EDe 6\u0026nbsp;500 \u20ac \u00e0 17\u0026nbsp;000 \u20ac\u003C\/p\u003E\u003C\/td\u003E\u003Ctd valign=\u0022top\u0022\u003E\u003Cp align=\u0022center\u0022\u003E0,957 %\u003C\/p\u003E\u003C\/td\u003E\u003Ctd valign=\u0022top\u0022\u003E\u003Cp align=\u0022center\u0022\u003E0,799 %\u003C\/p\u003E\u003C\/td\u003E\u003Ctd valign=\u0022top\u0022\u003E\u003Cp align=\u0022center\u0022\u003E0,639 %\u003C\/p\u003E\u003C\/td\u003E\u003Ctd valign=\u0022top\u0022\u003E\u003Cp align=\u0022center\u0022\u003E0,532 %\u003C\/p\u003E\u003C\/td\u003E\u003C\/tr\u003E\u003Ctr\u003E\u003Ctd valign=\u0022top\u0022\u003E\u003Cp align=\u0022center\u0022\u003EDe 17\u0026nbsp;000 \u20ac \u00e0 60\u0026nbsp;000 \u20ac\u003C\/p\u003E\u003C\/td\u003E\u003Ctd valign=\u0022top\u0022\u003E\u003Cp align=\u0022center\u0022\u003E0,639 %\u003C\/p\u003E\u003C\/td\u003E\u003Ctd valign=\u0022top\u0022\u003E\u003Cp align=\u0022center\u0022\u003E0,532 %\u003C\/p\u003E\u003C\/td\u003E\u003Ctd valign=\u0022top\u0022\u003E\u003Cp align=\u0022center\u0022\u003E0,426 %\u003C\/p\u003E\u003C\/td\u003E\u003Ctd valign=\u0022top\u0022\u003E\u003Cp align=\u0022center\u0022\u003E0,355 %\u003C\/p\u003E\u003C\/td\u003E\u003C\/tr\u003E\u003Ctr\u003E\u003Ctd valign=\u0022top\u0022\u003E\u003Cp align=\u0022center\u0022\u003EPlus de 60\u0026nbsp;000 \u20ac\u003C\/p\u003E\u003C\/td\u003E\u003Ctd valign=\u0022top\u0022\u003E\u003Cp align=\u0022center\u0022\u003E0,479 %\u003C\/p\u003E\u003C\/td\u003E\u003Ctd valign=\u0022top\u0022\u003E\u003Cp align=\u0022center\u0022\u003E0,399 %\u003C\/p\u003E\u003C\/td\u003E\u003Ctd valign=\u0022top\u0022\u003E\u003Cp align=\u0022center\u0022\u003E0,319 %\u003C\/p\u003E\u003C\/td\u003E\u003Ctd valign=\u0022top\u0022\u003E\u003Cp align=\u0022center\u0022\u003E0,266 %\u003C\/p\u003E\u003C\/td\u003E\u003C\/tr\u003E\u003C\/tbody\u003E\u003C\/table\u003E\u003Cp\u003ELes 1res ventes \u00e0 terme ou locations-ventes de locaux, appartements ou maisons mentionn\u00e9s ci-dessus donnent lieu \u00e0 la perception :\u003C\/p\u003E\u003Cul\u003E\u003Cli\u003Elorsque le transfert de propri\u00e9t\u00e9 s\u0027op\u00e8re par la constatation de l\u0027ach\u00e8vement de l\u0027immeuble :\u003Cul\u003E\u003Cli\u003Esur le 1er acte, d\u0027un \u00e9molument proportionnel non d\u00e9gressif \u00e9gal \u00e0 celui correspondant \u00e0 la tranche sup\u00e9rieure de l\u0027\u00e9molument de vente, en tenant compte des distinctions \u00e9tablies ci-dessus en fonction du nombre d\u0027unit\u00e9s principales d\u0027habitation concern\u00e9es par le permis de construire ;\u003C\/li\u003E\u003Cli\u003Esur le 2nd acte notari\u00e9 constatant le transfert de propri\u00e9t\u00e9, d\u0027un \u00e9molument calcul\u00e9 selon les modalit\u00e9s pr\u00e9vues ci-dessus, diminu\u00e9 de l\u0027\u00e9molument per\u00e7u sur le 1er acte ;\u003C\/li\u003E\u003C\/ul\u003E\u003C\/li\u003E\u003Cli\u003Elorsque le transfert de propri\u00e9t\u00e9 s\u0027op\u00e8re par la constatation du paiement int\u00e9gral du prix :\u003Cul\u003E\u003Cli\u003Esur le 1er acte, d\u0027un \u00e9molument calcul\u00e9 selon les modalit\u00e9s pr\u00e9vues selon le bar\u00e8me ci-dessus ;\u003C\/li\u003E\u003Cli\u003Esur le 2e acte portant constatation du paiement int\u00e9gral du prix et transfert de propri\u00e9t\u00e9, d\u0027un \u00e9molument proportionnel, selon le bar\u00e8me suivant :\u003C\/li\u003E\u003C\/ul\u003E\u003C\/li\u003E\u003C\/ul\u003E\u003Ctable class=\u0022MsoTableGrid\u0022\u003E\u003Ctbody\u003E\u003Ctr\u003E\u003Ctd\u003E\u003Cp align=\u0022center\u0022\u003E\u003Cstrong\u003ETRANCHES D\u2019ASSIETTE\u003C\/strong\u003E\u003C\/p\u003E\u003C\/td\u003E\u003Ctd\u003E\u003Cp align=\u0022center\u0022\u003E\u003Cstrong\u003ETAUX APPLICABLE\u003C\/strong\u003E\u003C\/p\u003E\u003C\/td\u003E\u003C\/tr\u003E\u003Ctr\u003E\u003Ctd valign=\u0022top\u0022\u003E\u003Cp align=\u0022center\u0022\u003EDe 0 \u00e0 6\u0026nbsp;500 \u20ac\u003C\/p\u003E\u003C\/td\u003E\u003Ctd\u003E\u003Cp align=\u0022center\u0022\u003E1,161 %\u003C\/p\u003E\u003C\/td\u003E\u003C\/tr\u003E\u003Ctr\u003E\u003Ctd valign=\u0022top\u0022\u003E\u003Cp align=\u0022center\u0022\u003EDe 6\u0026nbsp;500 \u20ac \u00e0 17\u0026nbsp;000 \u20ac\u003C\/p\u003E\u003C\/td\u003E\u003Ctd\u003E\u003Cp align=\u0022center\u0022\u003E0,639 %\u003C\/p\u003E\u003C\/td\u003E\u003C\/tr\u003E\u003Ctr\u003E\u003Ctd valign=\u0022top\u0022\u003E\u003Cp align=\u0022center\u0022\u003EDe 17\u0026nbsp;000 \u20ac \u00e0 30\u0026nbsp;000 \u20ac\u003C\/p\u003E\u003C\/td\u003E\u003Ctd\u003E\u003Cp align=\u0022center\u0022\u003E0,436 %\u003C\/p\u003E\u003C\/td\u003E\u003C\/tr\u003E\u003Ctr\u003E\u003Ctd valign=\u0022top\u0022\u003E\u003Cp align=\u0022center\u0022\u003EPlus de 30\u0026nbsp;000 \u20ac\u003C\/p\u003E\u003C\/td\u003E\u003Ctd\u003E\u003Cp align=\u0022center\u0022\u003E0,319 %\u003C\/p\u003E\u003C\/td\u003E\u003C\/tr\u003E\u003C\/tbody\u003E\u003C\/table\u003E\u003Cp\u003ELa revente de locaux, appartements ou maisons mentionn\u00e9s \u00e0 l\u0027article ci-dessus, pass\u00e9e dans l\u0027office du notaire qui a re\u00e7u le 1er acte de vente, et intervenant dans un d\u00e9lai de 3 ans \u00e0 compter de la 1re vente donne lieu \u00e0 la perception d\u0027\u00e9moluments calcul\u00e9s en application des r\u00e8gles \u00e9voqu\u00e9es ci-dessus.\u003C\/p\u003E\u003Cp\u003E\u003Cstrong\u003ELa 1re vente en l\u0027\u00e9tat futur d\u0027ach\u00e8vement ou achev\u00e9 de locaux d\u0027habitation compris dans un immeuble ou dans un ensemble immobilier autre que HLM ayant fait l\u0027objet d\u0027un m\u00eame permis de construire donne lieu \u00e0 la perception d\u0027un \u00e9molument proportionnel, dont le taux est fonction du nombre d\u0027unit\u00e9s principales d\u0027habitation concern\u00e9es par le permis de construire, selon le bar\u00e8me suivant :\u003C\/strong\u003E\u003C\/p\u003E\u003Ctable class=\u0022MsoTableGrid\u0022\u003E\u003Ctbody\u003E\u003Ctr\u003E\u003Ctd valign=\u0022top\u0022\u003E\u003Cp\u003E\u0026nbsp;\u003C\/p\u003E\u003C\/td\u003E\u003Ctd colspan=\u00226\u0022 valign=\u0022top\u0022\u003E\u003Cp\u003E\u003Cstrong\u003ETAUX APPLICABLE\u003C\/strong\u003E\u003Cstrong\u003E (Selon que le permis de construire concerne (en nombre d\u2019unit\u00e9s principales d\u2019habitation)\u003C\/strong\u003E\u003C\/p\u003E\u003C\/td\u003E\u003C\/tr\u003E\u003Ctr\u003E\u003Ctd valign=\u0022top\u0022\u003E\u003Cp align=\u0022center\u0022\u003E\u003Cstrong\u003ETRANCHES D\u2019ASSIETTE\u003C\/strong\u003E\u003C\/p\u003E\u003C\/td\u003E\u003Ctd valign=\u0022top\u0022\u003E\u003Cp align=\u0022center\u0022\u003E\u003Cstrong\u003EAu plus 10 unit\u00e9s\u003C\/strong\u003E\u003C\/p\u003E\u003C\/td\u003E\u003Ctd valign=\u0022top\u0022\u003E\u003Cp align=\u0022center\u0022\u003E\u003Cstrong\u003EEntre 11 et 24 unit\u00e9s\u003C\/strong\u003E\u003C\/p\u003E\u003C\/td\u003E\u003Ctd valign=\u0022top\u0022\u003E\u003Cp align=\u0022center\u0022\u003E\u003Cstrong\u003EEntre 25 et 99 unit\u00e9s\u003C\/strong\u003E\u003C\/p\u003E\u003C\/td\u003E\u003Ctd valign=\u0022top\u0022\u003E\u003Cp align=\u0022center\u0022\u003E\u003Cstrong\u003EEntre 100 et 249 unit\u00e9s\u003C\/strong\u003E\u003C\/p\u003E\u003C\/td\u003E\u003Ctd valign=\u0022top\u0022\u003E\u003Cp align=\u0022center\u0022\u003E\u003Cstrong\u003EEntre 250 et 499 unit\u00e9s\u003C\/strong\u003E\u003C\/p\u003E\u003C\/td\u003E\u003Ctd valign=\u0022top\u0022\u003E\u003Cp align=\u0022center\u0022\u003E\u003Cstrong\u003E500 unit\u00e9s ou plus\u003C\/strong\u003E\u003C\/p\u003E\u003C\/td\u003E\u003C\/tr\u003E\u003Ctr\u003E\u003Ctd valign=\u0022top\u0022\u003E\u003Cp align=\u0022center\u0022\u003EDe 0 \u00e0 6\u0026nbsp;500 \u20ac\u003C\/p\u003E\u003C\/td\u003E\u003Ctd\u003E\u003Cp align=\u0022center\u0022\u003E3,870 %\u003C\/p\u003E\u003C\/td\u003E\u003Ctd\u003E\u003Cp align=\u0022center\u0022\u003E3,096 %\u003C\/p\u003E\u003C\/td\u003E\u003Ctd\u003E\u003Cp align=\u0022center\u0022\u003E2,580 %\u003C\/p\u003E\u003C\/td\u003E\u003Ctd\u003E\u003Cp align=\u0022center\u0022\u003E1,935 %\u003C\/p\u003E\u003C\/td\u003E\u003Ctd\u003E\u003Cp align=\u0022center\u0022\u003E1,548 %\u003C\/p\u003E\u003C\/td\u003E\u003Ctd\u003E\u003Cp align=\u0022center\u0022\u003E1,290 %\u003C\/p\u003E\u003C\/td\u003E\u003C\/tr\u003E\u003Ctr\u003E\u003Ctd valign=\u0022top\u0022\u003E\u003Cp align=\u0022center\u0022\u003EDe 6\u0026nbsp;500 \u20ac \u00e0 17\u0026nbsp;000 \u20ac\u003C\/p\u003E\u003C\/td\u003E\u003Ctd\u003E\u003Cp align=\u0022center\u0022\u003E1,596 %\u003C\/p\u003E\u003C\/td\u003E\u003Ctd\u003E\u003Cp align=\u0022center\u0022\u003E1,277 %\u003C\/p\u003E\u003C\/td\u003E\u003Ctd\u003E\u003Cp align=\u0022center\u0022\u003E1,064 %\u003C\/p\u003E\u003C\/td\u003E\u003Ctd\u003E\u003Cp align=\u0022center\u0022\u003E0,798 %\u003C\/p\u003E\u003C\/td\u003E\u003Ctd\u003E\u003Cp align=\u0022center\u0022\u003E0,639 %\u003C\/p\u003E\u003C\/td\u003E\u003Ctd\u003E\u003Cp align=\u0022center\u0022\u003E0,532 %\u003C\/p\u003E\u003C\/td\u003E\u003C\/tr\u003E\u003Ctr\u003E\u003Ctd valign=\u0022top\u0022\u003E\u003Cp align=\u0022center\u0022\u003EDe 17\u0026nbsp;000 \u20ac \u00e0 60\u0026nbsp;000 \u20ac\u003C\/p\u003E\u003C\/td\u003E\u003Ctd\u003E\u003Cp align=\u0022center\u0022\u003E1,064 %\u003C\/p\u003E\u003C\/td\u003E\u003Ctd\u003E\u003Cp align=\u0022center\u0022\u003E0,851 %\u003C\/p\u003E\u003C\/td\u003E\u003Ctd\u003E\u003Cp align=\u0022center\u0022\u003E0,709 %\u003C\/p\u003E\u003C\/td\u003E\u003Ctd\u003E\u003Cp align=\u0022center\u0022\u003E0,532 %\u003C\/p\u003E\u003C\/td\u003E\u003Ctd\u003E\u003Cp align=\u0022center\u0022\u003E0,426 %\u003C\/p\u003E\u003C\/td\u003E\u003Ctd\u003E\u003Cp align=\u0022center\u0022\u003E0,355 %\u003C\/p\u003E\u003C\/td\u003E\u003C\/tr\u003E\u003Ctr\u003E\u003Ctd valign=\u0022top\u0022\u003E\u003Cp align=\u0022center\u0022\u003EPlus de 60\u0026nbsp;000 \u20ac\u003C\/p\u003E\u003C\/td\u003E\u003Ctd\u003E\u003Cp align=\u0022center\u0022\u003E0,799 %\u003C\/p\u003E\u003C\/td\u003E\u003Ctd\u003E\u003Cp align=\u0022center\u0022\u003E0,639 %\u003C\/p\u003E\u003C\/td\u003E\u003Ctd\u003E\u003Cp align=\u0022center\u0022\u003E0,532 %\u003C\/p\u003E\u003C\/td\u003E\u003Ctd\u003E\u003Cp align=\u0022center\u0022\u003E0,399 %\u003C\/p\u003E\u003C\/td\u003E\u003Ctd\u003E\u003Cp align=\u0022center\u0022\u003E0,319 %\u003C\/p\u003E\u003C\/td\u003E\u003Ctd\u003E\u003Cp align=\u0022center\u0022\u003E0,266 %\u003C\/p\u003E\u003C\/td\u003E\u003C\/tr\u003E\u003C\/tbody\u003E\u003C\/table\u003E\u003Cp\u003E\u003Cstrong\u003ELa 1re vente \u00e0 terme d\u0027un local d\u0027habitation mentionn\u00e9 ci-dessus donne lieu \u00e0 la perception :\u003C\/strong\u003E\u003C\/p\u003E\u003Cul\u003E\u003Cli\u003Esur le 1er acte contenant le contrat de vente \u00e0 terme proprement dit, d\u0027un \u00e9molument proportionnel non d\u00e9gressif \u00e9gal \u00e0 celui correspondant \u00e0 la tranche sup\u00e9rieure de l\u0027\u00e9molument de vente, en tenant compte des distinctions \u00e9tablies ci-dessus en fonction du nombre d\u0027unit\u00e9s principales d\u0027habitation concern\u00e9es par le permis de construire ;\u003C\/li\u003E\u003Cli\u003Esur le 2nd acte notari\u00e9 portant transfert de propri\u00e9t\u00e9 apr\u00e8s ach\u00e8vement des travaux de construction, d\u0027un \u00e9molument calcul\u00e9 selon les modalit\u00e9s pr\u00e9vues ci-dessus, diminu\u00e9 de l\u0027\u00e9molument d\u00e9j\u00e0 per\u00e7u en vertu du 1er acte, augment\u00e9 de 79,24 \u20ac.\u003C\/li\u003E\u003C\/ul\u003E\u003Cp\u003ELa revente d\u0027un local d\u0027habitation mentionn\u00e9 ci-dessus, pass\u00e9e dans l\u0027office du notaire qui a re\u00e7u le 1er acte de vente, et intervenant dans un d\u00e9lai de 3 ans \u00e0 compter de la 1re vente donne lieu \u00e0 la perception d\u0027\u00e9moluments calcul\u00e9s en application des r\u00e8gles \u00e9voqu\u00e9es ci-dessus.\u003C\/p\u003E\u003Cp\u003E\u003Cstrong\u003ELes ventes de locaux HLM \u00e0 usage locatif donnent lieu \u00e0 la perception d\u0027un \u00e9molument proportionnel, dont le taux est fonction du type de vente, selon le bar\u00e8me suivant :\u003C\/strong\u003E\u003C\/p\u003E\u003Ctable class=\u0022MsoTableGrid\u0022\u003E\u003Ctbody\u003E\u003Ctr\u003E\u003Ctd\u003E\u003Cp align=\u0022center\u0022\u003E\u003Cstrong\u003ETRANCHES D\u2019ASSIETTE\u003C\/strong\u003E\u003C\/p\u003E\u003C\/td\u003E\u003Ctd\u003E\u003Cp align=\u0022center\u0022\u003E\u003Cstrong\u003EVENTE DE GR\u00c9 A GR\u00c9\u003C\/strong\u003E\u003C\/p\u003E\u003C\/td\u003E\u003Ctd\u003E\u003Cp align=\u0022center\u0022\u003E\u003Cstrong\u003EVENTE PAR ADJUDICATION (volontaire)\u003C\/strong\u003E\u003C\/p\u003E\u003C\/td\u003E\u003Ctd\u003E\u003Cp align=\u0022center\u0022\u003E\u003Cstrong\u003EVENTE PAR ADJUDICATION (judiciaire)\u003C\/strong\u003E\u003C\/p\u003E\u003C\/td\u003E\u003C\/tr\u003E\u003Ctr\u003E\u003Ctd valign=\u0022top\u0022\u003E\u003Cp align=\u0022center\u0022\u003EDe 0 \u00e0 6\u0026nbsp;500 \u20ac\u003C\/p\u003E\u003C\/td\u003E\u003Ctd\u003E\u003Cp align=\u0022center\u0022\u003E2,322 %\u003C\/p\u003E\u003C\/td\u003E\u003Ctd\u003E\u003Cp align=\u0022center\u0022\u003E4,644 %\u003C\/p\u003E\u003C\/td\u003E\u003Ctd\u003E\u003Cp align=\u0022center\u0022\u003E3,483 %\u003C\/p\u003E\u003C\/td\u003E\u003C\/tr\u003E\u003Ctr\u003E\u003Ctd valign=\u0022top\u0022\u003E\u003Cp align=\u0022center\u0022\u003EDe 6\u0026nbsp;500 \u20ac \u00e0 17\u0026nbsp;000 \u20ac\u003C\/p\u003E\u003C\/td\u003E\u003Ctd\u003E\u003Cp align=\u0022center\u0022\u003E0,958 %\u003C\/p\u003E\u003C\/td\u003E\u003Ctd\u003E\u003Cp align=\u0022center\u0022\u003E1,916 %\u003C\/p\u003E\u003C\/td\u003E\u003Ctd\u003E\u003Cp align=\u0022center\u0022\u003E1,437 %\u003C\/p\u003E\u003C\/td\u003E\u003C\/tr\u003E\u003Ctr\u003E\u003Ctd valign=\u0022top\u0022\u003E\u003Cp align=\u0022center\u0022\u003EDe 17\u0026nbsp;000 \u20ac \u00e0 60\u0026nbsp;000 \u20ac\u003C\/p\u003E\u003C\/td\u003E\u003Ctd\u003E\u003Cp align=\u0022center\u0022\u003E0,639 %\u003C\/p\u003E\u003C\/td\u003E\u003Ctd\u003E\u003Cp align=\u0022center\u0022\u003E1,277 %\u003C\/p\u003E\u003C\/td\u003E\u003Ctd\u003E\u003Cp align=\u0022center\u0022\u003E0,958 %\u003C\/p\u003E\u003C\/td\u003E\u003C\/tr\u003E\u003Ctr\u003E\u003Ctd valign=\u0022top\u0022\u003E\u003Cp align=\u0022center\u0022\u003EPlus de 60\u0026nbsp;000 \u20ac\u003C\/p\u003E\u003C\/td\u003E\u003Ctd\u003E\u003Cp align=\u0022center\u0022\u003E0,479 %\u003C\/p\u003E\u003C\/td\u003E\u003Ctd\u003E\u003Cp align=\u0022center\u0022\u003E0,958 %\u003C\/p\u003E\u003C\/td\u003E\u003Ctd\u003E\u003Cp align=\u0022center\u0022\u003E0,718 %\u003C\/p\u003E\u003C\/td\u003E\u003C\/tr\u003E\u003C\/tbody\u003E\u003C\/table\u003E\u003Cp\u003E\u003Cstrong\u003ELes ventes, cessions \u00e0 titre gratuit ou apports de terrains \u00e0 b\u00e2tir, \u00e9quip\u00e9s ou avec obligation, pour le vendeur, de les \u00e9quiper, consentis par les d\u00e9partements, communes, \u00e9tablissements publics et soci\u00e9t\u00e9s d\u0027\u00e9quipement, \u00e0 des organismes d\u0027HLM donnent lieu \u00e0 la perception d\u0027un \u00e9molument proportionnel, selon le bar\u00e8me suivant :\u003C\/strong\u003E\u003C\/p\u003E\u003Ctable class=\u0022MsoTableGrid\u0022\u003E\u003Ctbody\u003E\u003Ctr\u003E\u003Ctd\u003E\u003Cp align=\u0022center\u0022\u003E\u003Cstrong\u003ETRANCHES D\u2019ASSIETTE\u003C\/strong\u003E\u003C\/p\u003E\u003C\/td\u003E\u003Ctd\u003E\u003Cp align=\u0022center\u0022\u003E\u003Cstrong\u003ETAUX APPLICABLE\u003C\/strong\u003E\u003C\/p\u003E\u003C\/td\u003E\u003C\/tr\u003E\u003Ctr\u003E\u003Ctd valign=\u0022top\u0022\u003E\u003Cp align=\u0022center\u0022\u003EDe 0 \u00e0 6\u0026nbsp;500 \u20ac\u003C\/p\u003E\u003C\/td\u003E\u003Ctd\u003E\u003Cp align=\u0022center\u0022\u003E2,322 %\u003C\/p\u003E\u003C\/td\u003E\u003C\/tr\u003E\u003Ctr\u003E\u003Ctd valign=\u0022top\u0022\u003E\u003Cp align=\u0022center\u0022\u003EDe 6\u0026nbsp;500 \u20ac \u00e0 17\u0026nbsp;000 \u20ac\u003C\/p\u003E\u003C\/td\u003E\u003Ctd\u003E\u003Cp align=\u0022center\u0022\u003E0,958 %\u003C\/p\u003E\u003C\/td\u003E\u003C\/tr\u003E\u003Ctr\u003E\u003Ctd valign=\u0022top\u0022\u003E\u003Cp align=\u0022center\u0022\u003EDe 17\u0026nbsp;000 \u20ac \u00e0 60\u0026nbsp;000 \u20ac\u003C\/p\u003E\u003C\/td\u003E\u003Ctd\u003E\u003Cp align=\u0022center\u0022\u003E0,639 %\u003C\/p\u003E\u003C\/td\u003E\u003C\/tr\u003E\u003Ctr\u003E\u003Ctd valign=\u0022top\u0022\u003E\u003Cp align=\u0022center\u0022\u003EPlus de 60\u0026nbsp;000 \u20ac\u003C\/p\u003E\u003C\/td\u003E\u003Ctd\u003E\u003Cp align=\u0022center\u0022\u003E0,479 %\u003C\/p\u003E\u003C\/td\u003E\u003C\/tr\u003E\u003C\/tbody\u003E\u003C\/table\u003E\u003Cp\u003E\u003Cstrong\u003ELes actes relatifs \u00e0 la location-accession \u00e0 la propri\u00e9t\u00e9 immobili\u00e8re donnent lieu \u00e0 la perception d\u0027un \u00e9molument proportionnel :\u003C\/strong\u003E\u003C\/p\u003E\u003Cul\u003E\u003Cli\u003Eau prix de vente, lors de la conclusion du contrat initial ;\u003C\/li\u003E\u003Cli\u003Eau prix constat\u00e9 lors de la lev\u00e9e de l\u0027option, pour l\u0027acte de transfert de propri\u00e9t\u00e9 ;\u003C\/li\u003E\u003C\/ul\u003E\u003Cp\u003ESelon le bar\u00e8me suivant :\u003C\/p\u003E\u003Ctable class=\u0022MsoTableGrid\u0022\u003E\u003Ctbody\u003E\u003Ctr\u003E\u003Ctd\u003E\u003Cp align=\u0022center\u0022\u003E\u003Cstrong\u003ETRANCHES D\u2019ASSIETTE\u003C\/strong\u003E\u003C\/p\u003E\u003C\/td\u003E\u003Ctd\u003E\u003Cp align=\u0022center\u0022\u003E\u003Cstrong\u003ETAUX APPLICABLE\u003C\/strong\u003E\u003C\/p\u003E\u003C\/td\u003E\u003C\/tr\u003E\u003Ctr\u003E\u003Ctd valign=\u0022top\u0022\u003E\u003Cp align=\u0022center\u0022\u003EDe 0 \u00e0 6\u0026nbsp;500 \u20ac\u003C\/p\u003E\u003C\/td\u003E\u003Ctd\u003E\u003Cp align=\u0022center\u0022\u003E1,935 %\u003C\/p\u003E\u003C\/td\u003E\u003C\/tr\u003E\u003Ctr\u003E\u003Ctd valign=\u0022top\u0022\u003E\u003Cp align=\u0022center\u0022\u003EDe 6\u0026nbsp;500 \u20ac \u00e0 17\u0026nbsp;000 \u20ac\u003C\/p\u003E\u003C\/td\u003E\u003Ctd\u003E\u003Cp align=\u0022center\u0022\u003E0,799 %\u003C\/p\u003E\u003C\/td\u003E\u003C\/tr\u003E\u003Ctr\u003E\u003Ctd valign=\u0022top\u0022\u003E\u003Cp align=\u0022center\u0022\u003EDe 17\u0026nbsp;000 \u20ac \u00e0 60\u0026nbsp;000 \u20ac\u003C\/p\u003E\u003C\/td\u003E\u003Ctd\u003E\u003Cp align=\u0022center\u0022\u003E0,532 %\u003C\/p\u003E\u003C\/td\u003E\u003C\/tr\u003E\u003Ctr\u003E\u003Ctd valign=\u0022top\u0022\u003E\u003Cp align=\u0022center\u0022\u003EPlus de 60\u0026nbsp;000 \u20ac\u003C\/p\u003E\u003C\/td\u003E\u003Ctd\u003E\u003Cp align=\u0022center\u0022\u003E0,399 %\u003C\/p\u003E\u003C\/td\u003E\u003C\/tr\u003E\u003C\/tbody\u003E\u003C\/table\u003E\u003Cp\u003E\u003Cstrong\u003ESans pr\u00e9judice des honoraires \u00e9ventuellement per\u00e7us au titre de la prestation, les ventes de fonds de commerce, d\u0027\u00e9l\u00e9ments de fonds de commerce, d\u0027unit\u00e9s de production, de branches d\u0027activit\u00e9 d\u0027entreprise donnent lieu, lorsqu\u0027elles sont soumises \u00e0 publicit\u00e9 fonci\u00e8re, \u00e0 la perception d\u0027un \u00e9molument proportionnel \u00e0 la valeur des biens soumis \u00e0 cette publicit\u00e9, selon le bar\u00e8me suivant :\u003C\/strong\u003E\u003C\/p\u003E\u003Ctable class=\u0022MsoTableGrid\u0022\u003E\u003Ctbody\u003E\u003Ctr\u003E\u003Ctd\u003E\u003Cp align=\u0022center\u0022\u003E\u003Cstrong\u003ETRANCHES D\u2019ASSIETTE\u003C\/strong\u003E\u003C\/p\u003E\u003C\/td\u003E\u003Ctd\u003E\u003Cp align=\u0022center\u0022\u003E\u003Cstrong\u003ETAUX APPLICABLE\u003C\/strong\u003E\u003C\/p\u003E\u003C\/td\u003E\u003C\/tr\u003E\u003Ctr\u003E\u003Ctd valign=\u0022top\u0022\u003E\u003Cp align=\u0022center\u0022\u003EDe 0 \u00e0 6\u0026nbsp;500 \u20ac\u003C\/p\u003E\u003C\/td\u003E\u003Ctd\u003E\u003Cp align=\u0022center\u0022\u003E3,870 %\u003C\/p\u003E\u003C\/td\u003E\u003C\/tr\u003E\u003Ctr\u003E\u003Ctd valign=\u0022top\u0022\u003E\u003Cp align=\u0022center\u0022\u003EDe 6\u0026nbsp;500 \u20ac \u00e0 17\u0026nbsp;000 \u20ac\u003C\/p\u003E\u003C\/td\u003E\u003Ctd\u003E\u003Cp align=\u0022center\u0022\u003E1,596 %\u003C\/p\u003E\u003C\/td\u003E\u003C\/tr\u003E\u003Ctr\u003E\u003Ctd valign=\u0022top\u0022\u003E\u003Cp align=\u0022center\u0022\u003EDe 17\u0026nbsp;000 \u20ac \u00e0 60\u0026nbsp;000 \u20ac\u003C\/p\u003E\u003C\/td\u003E\u003Ctd\u003E\u003Cp align=\u0022center\u0022\u003E1,064 %\u003C\/p\u003E\u003C\/td\u003E\u003C\/tr\u003E\u003Ctr\u003E\u003Ctd valign=\u0022top\u0022\u003E\u003Cp align=\u0022center\u0022\u003EPlus de 60\u0026nbsp;000 \u20ac\u003C\/p\u003E\u003C\/td\u003E\u003Ctd\u003E\u003Cp align=\u0022center\u0022\u003E0,799 %\u003C\/p\u003E\u003C\/td\u003E\u003C\/tr\u003E\u003C\/tbody\u003E\u003C\/table\u003E\u003Cp\u003E\u003Cstrong\u003ELes ventes par adjudication judiciaire de tous biens et droits autres que meubles et objets mobiliers, arbres en d\u00e9tail, et bateaux donnent lieu, \u00e0 la perception :\u003C\/strong\u003E\u003C\/p\u003E\u003Cul\u003E\u003Cli\u003Esi le cahier des charges r\u00e9dig\u00e9 par le notaire, d\u0027un \u00e9molument proportionnel, selon le bar\u00e8me suivant :\u003C\/li\u003E\u003C\/ul\u003E\u003Ctable class=\u0022MsoTableGrid\u0022\u003E\u003Ctbody\u003E\u003Ctr\u003E\u003Ctd\u003E\u003Cp align=\u0022center\u0022\u003E\u003Cstrong\u003ETRANCHES D\u2019ASSIETTE\u003C\/strong\u003E\u003C\/p\u003E\u003C\/td\u003E\u003Ctd\u003E\u003Cp align=\u0022center\u0022\u003E\u003Cstrong\u003ETAUX APPLICABLE\u003C\/strong\u003E\u003C\/p\u003E\u003C\/td\u003E\u003C\/tr\u003E\u003Ctr\u003E\u003Ctd valign=\u0022top\u0022\u003E\u003Cp align=\u0022center\u0022\u003EDe 0 \u00e0 6\u0026nbsp;500 \u20ac\u003C\/p\u003E\u003C\/td\u003E\u003Ctd\u003E\u003Cp align=\u0022center\u0022\u003E7,256 %\u003C\/p\u003E\u003C\/td\u003E\u003C\/tr\u003E\u003Ctr\u003E\u003Ctd valign=\u0022top\u0022\u003E\u003Cp align=\u0022center\u0022\u003EDe 6\u0026nbsp;500 \u20ac \u00e0 17\u0026nbsp;000 \u20ac\u003C\/p\u003E\u003C\/td\u003E\u003Ctd\u003E\u003Cp align=\u0022center\u0022\u003E2,993 %\u003C\/p\u003E\u003C\/td\u003E\u003C\/tr\u003E\u003Ctr\u003E\u003Ctd valign=\u0022top\u0022\u003E\u003Cp align=\u0022center\u0022\u003EDe 17\u0026nbsp;000 \u20ac \u00e0 60\u0026nbsp;000 \u20ac\u003C\/p\u003E\u003C\/td\u003E\u003Ctd\u003E\u003Cp align=\u0022center\u0022\u003E1,995 %\u003C\/p\u003E\u003C\/td\u003E\u003C\/tr\u003E\u003Ctr\u003E\u003Ctd valign=\u0022top\u0022\u003E\u003Cp align=\u0022center\u0022\u003EPlus de 60\u0026nbsp;000 \u20ac\u003C\/p\u003E\u003C\/td\u003E\u003Ctd\u003E\u003Cp align=\u0022center\u0022\u003E1,497 %\u003C\/p\u003E\u003C\/td\u003E\u003C\/tr\u003E\u003C\/tbody\u003E\u003C\/table\u003E\u003Cul\u003E\u003Cli\u003Esi le cahier des charges est r\u00e9dig\u00e9 par l\u0027avocat, d\u0027un \u00e9molument proportionnel, selon le bar\u00e8me suivant :\u003C\/li\u003E\u003C\/ul\u003E\u003Ctable class=\u0022MsoTableGrid\u0022\u003E\u003Ctbody\u003E\u003Ctr\u003E\u003Ctd\u003E\u003Cp align=\u0022center\u0022\u003E\u003Cstrong\u003ETRANCHES D\u2019ASSIETTE\u003C\/strong\u003E\u003C\/p\u003E\u003C\/td\u003E\u003Ctd\u003E\u003Cp align=\u0022center\u0022\u003E\u003Cstrong\u003ETAUX APPLICABLE\u003C\/strong\u003E\u003C\/p\u003E\u003C\/td\u003E\u003C\/tr\u003E\u003Ctr\u003E\u003Ctd valign=\u0022top\u0022\u003E\u003Cp align=\u0022center\u0022\u003EDe 0 \u00e0 6\u0026nbsp;500 \u20ac\u003C\/p\u003E\u003C\/td\u003E\u003Ctd\u003E\u003Cp align=\u0022center\u0022\u003E3,870 %\u003C\/p\u003E\u003C\/td\u003E\u003C\/tr\u003E\u003Ctr\u003E\u003Ctd valign=\u0022top\u0022\u003E\u003Cp align=\u0022center\u0022\u003EDe 6\u0026nbsp;500 \u20ac \u00e0 17\u0026nbsp;000 \u20ac\u003C\/p\u003E\u003C\/td\u003E\u003Ctd\u003E\u003Cp align=\u0022center\u0022\u003E1,596 %\u003C\/p\u003E\u003C\/td\u003E\u003C\/tr\u003E\u003Ctr\u003E\u003Ctd valign=\u0022top\u0022\u003E\u003Cp align=\u0022center\u0022\u003EDe 17\u0026nbsp;000 \u20ac \u00e0 60\u0026nbsp;000 \u20ac\u003C\/p\u003E\u003C\/td\u003E\u003Ctd\u003E\u003Cp align=\u0022center\u0022\u003E1,064 %\u003C\/p\u003E\u003C\/td\u003E\u003C\/tr\u003E\u003Ctr\u003E\u003Ctd valign=\u0022top\u0022\u003E\u003Cp align=\u0022center\u0022\u003EPlus de 60\u0026nbsp;000 \u20ac\u003C\/p\u003E\u003C\/td\u003E\u003Ctd\u003E\u003Cp align=\u0022center\u0022\u003E0,799 %\u003C\/p\u003E\u003C\/td\u003E\u003C\/tr\u003E\u003C\/tbody\u003E\u003C\/table\u003E\u003Cp\u003ELorsque le montant de l\u0027adjudication ne d\u00e9passe pas 30 \u20ac, le notaire n\u0027a droit qu\u0027au remboursement de ses d\u00e9bours, d\u00fbment justifi\u00e9s.\u003C\/p\u003E\u003Cp\u003EL\u0027\u00e9molument est calcul\u00e9 s\u00e9par\u00e9ment sur le prix d\u0027adjudication de chaque lot, m\u00eame si plusieurs lots distincts sont adjug\u00e9s s\u00e9par\u00e9ment au m\u00eame adjudicataire. Toutefois, l\u0027\u00e9molument est calcul\u00e9 sur le prix des lots r\u00e9unis si l\u0027adjudication a lieu apr\u00e8s la r\u00e9union totale ou partielle des lots mis en vente.\u003C\/p\u003E\u003Cp\u003ELes ventes par adjudication volontaire de tous biens et droits autres que meubles et objets mobiliers, arbres en d\u00e9tail et bateaux donnent lieu \u00e0 la perception d\u0027un \u00e9molument proportionnel, selon le bar\u00e8me suivant :\u003C\/p\u003E\u003Ctable class=\u0022MsoTableGrid\u0022\u003E\u003Ctbody\u003E\u003Ctr\u003E\u003Ctd\u003E\u003Cp align=\u0022center\u0022\u003E\u003Cstrong\u003ETRANCHES D\u2019ASSIETTE\u003C\/strong\u003E\u003C\/p\u003E\u003C\/td\u003E\u003Ctd\u003E\u003Cp align=\u0022center\u0022\u003E\u003Cstrong\u003ETAUX APPLICABLE\u003C\/strong\u003E\u003C\/p\u003E\u003C\/td\u003E\u003C\/tr\u003E\u003Ctr\u003E\u003Ctd valign=\u0022top\u0022\u003E\u003Cp align=\u0022center\u0022\u003EDe 0 \u00e0 6\u0026nbsp;500 \u20ac\u003C\/p\u003E\u003C\/td\u003E\u003Ctd\u003E\u003Cp align=\u0022center\u0022\u003E7,74 %\u003C\/p\u003E\u003C\/td\u003E\u003C\/tr\u003E\u003Ctr\u003E\u003Ctd valign=\u0022top\u0022\u003E\u003Cp align=\u0022center\u0022\u003EDe 6\u0026nbsp;500 \u20ac \u00e0 17\u0026nbsp;000 \u20ac\u003C\/p\u003E\u003C\/td\u003E\u003Ctd\u003E\u003Cp align=\u0022center\u0022\u003E3,192 %\u003C\/p\u003E\u003C\/td\u003E\u003C\/tr\u003E\u003Ctr\u003E\u003Ctd valign=\u0022top\u0022\u003E\u003Cp align=\u0022center\u0022\u003EDe 17\u0026nbsp;000 \u20ac \u00e0 60\u0026nbsp;000 \u20ac\u003C\/p\u003E\u003C\/td\u003E\u003Ctd\u003E\u003Cp align=\u0022center\u0022\u003E2,129 %\u003C\/p\u003E\u003C\/td\u003E\u003C\/tr\u003E\u003Ctr\u003E\u003Ctd valign=\u0022top\u0022\u003E\u003Cp align=\u0022center\u0022\u003EPlus de 60\u0026nbsp;000 \u20ac\u003C\/p\u003E\u003C\/td\u003E\u003Ctd\u003E\u003Cp align=\u0022center\u0022\u003E1,597 %\u003C\/p\u003E\u003C\/td\u003E\u003C\/tr\u003E\u003C\/tbody\u003E\u003C\/table\u003E                                            \u003Cp\u003E\u003Cbr \/\u003E\u003Cstrong\u003ESource :\u003C\/strong\u003E\u003Cstrong\u003E\u00a0\u003C\/strong\u003E\u003C\/p\u003E\u003Cul\u003E\u003Cli\u003E\u003Ca href=\u0022https:\/\/www.legifrance.gouv.fr\/codes\/section_lc\/LEGITEXT000005634379\/LEGISCTA000032132146\/#LEGISCTA000032132146\u0022 target=\u0022_blank\u0022 rel=\u0022noopener\u0022\u003EArticles A 444-85 \u00e0 A 444-102 du Code de commerce\u003C\/a\u003E\u003C\/li\u003E\u003Cli\u003E\u003Ca href=\u0022https:\/\/www.legifrance.gouv.fr\/loda\/id\/JORFTEXT000049209778?init=true\u0026amp;page=1\u0026amp;query=tarifs+r%C3%A8glement%C3%A9s+des+notaires\u0026amp;searchField=ALL\u0026amp;tab_selection=all\u0022 target=\u0022_blank\u0022 rel=\u0022noopener\u0022\u003EArr\u00eat\u00e9 du 28 f\u00e9vrier 2024 fixant les tarifs r\u00e8glement\u00e9s des notaires\u003C\/a\u003E\u003C\/li\u003E\u003C\/ul\u003E\u003C\/div\u003E","annee":"2025","theme":" Indices, taux, bar\u00e8mes juridiques","activites":["Professionnels du droit et du chiffre"],"image":"https:\/\/www.weblex.fr\/sites\/default\/files\/chiffres_clef\/Shutterstock_tarifsmutationsimmobiliere.jpg","created":"2026-02-20","modified":"2026-03-24"},{"url":"\/chiffres-cles\/tarifs-des-notaires-dispositions-speciales-aux-departements-du-bas-rhin-du-haut-rhin-et-de-la-moselle-2025","id":27795,"title":"Tarifs des notaires \u2013 Dispositions sp\u00e9ciales aux d\u00e9partements du Bas-Rhin, du Haut-Rhin et de la Moselle - 2025","content":"\u003Cdiv\u003E                                              \u003Cp\u003E\u003Cstrong\u003ELa requ\u00eate en d\u00e9livrance d\u0027un certificat de non-dommageabilit\u00e9 donne lieu \u00e0 la perception d\u2019un \u00e9molument fixe de 37,73 \u20ac.\u003C\/strong\u003E\u003C\/p\u003E\u003Cp\u003E\u003Cstrong\u003ELes requ\u00eates au livre foncier donnent lieu \u00e0 la perception d\u0027un \u00e9molument fixe conform\u00e9ment aux tableaux ci-apr\u00e8s :\u003C\/strong\u003E\u003C\/p\u003E\u003Ctable class=\u0022MsoTableGrid\u0022\u003E\u003Ctbody\u003E\u003Ctr\u003E\u003Ctd\u003E\u003Cp align=\u0022center\u0022\u003E\u003Cstrong\u003ED\u00c9SIGNATION DE LA PRESTATION\u003C\/strong\u003E\u003C\/p\u003E\u003C\/td\u003E\u003Ctd colspan=\u00222\u0022\u003E\u003Cp align=\u0022center\u0022\u003E\u003Cstrong\u003E\u00c9MOLUMENT\u003C\/strong\u003E\u003C\/p\u003E\u003C\/td\u003E\u003C\/tr\u003E\u003Ctr\u003E\u003Ctd\u003E\u003Cp align=\u0022center\u0022\u003ERequ\u00eate en ex\u00e9cution imm\u00e9diate d\u0027un acte et r\u00e9quisition\u003C\/p\u003E\u003C\/td\u003E\u003Ctd colspan=\u00222\u0022 valign=\u0022top\u0022\u003E\u003Cp align=\u0022center\u0022\u003E22,63 \u20ac\u003C\/p\u003E\u003C\/td\u003E\u003C\/tr\u003E\u003Ctr\u003E\u003Ctd\u003E\u003Cp align=\u0022center\u0022\u003ER\u00e9ponse \u00e0 ordonnance interm\u00e9diaire\u003C\/p\u003E\u003C\/td\u003E\u003Ctd colspan=\u00222\u0022 valign=\u0022top\u0022\u003E\u003Cp align=\u0022center\u0022\u003E37,73 \u20ac\u003C\/p\u003E\u003C\/td\u003E\u003C\/tr\u003E\u003Ctr\u003E\u003Ctd\u003E\u003Cp align=\u0022center\u0022\u003ERequ\u00eate en ex\u00e9cution diff\u00e9r\u00e9e d\u0027un acte (pr\u00e9notation)\u003C\/p\u003E\u003C\/td\u003E\u003Ctd colspan=\u00222\u0022 valign=\u0022top\u0022\u003E\u003Cp align=\u0022center\u0022\u003E37,73 \u20ac\u003C\/p\u003E\u003C\/td\u003E\u003C\/tr\u003E\u003Ctr\u003E\u003Ctd\u003E\u003Cp align=\u0022center\u0022\u003ERequ\u00eate en inscription s\u00e9par\u00e9e d\u0027un droit\u003C\/p\u003E\u003C\/td\u003E\u003Ctd colspan=\u00222\u0022 valign=\u0022top\u0022\u003E\u003Cp align=\u0022center\u0022\u003E22,63 \u20ac\u003C\/p\u003E\u003C\/td\u003E\u003C\/tr\u003E\u003Ctr\u003E\u003Ctd rowspan=\u00225\u0022\u003E\u003Cp align=\u0022center\u0022\u003EInscription de propri\u00e9t\u00e9 par suite de d\u00e9c\u00e8s ou en ex\u00e9cution d\u0027une convention matrimoniale\u003C\/p\u003E\u003C\/td\u003E\u003Ctd\u003E\u003Cp align=\u0022center\u0022\u003E\u003Cstrong\u003ETranches d\u0027assiette\u003C\/strong\u003E\u003C\/p\u003E\u003C\/td\u003E\u003Ctd\u003E\u003Cp align=\u0022center\u0022\u003E\u003Cstrong\u003ETaux applicable\u003C\/strong\u003E\u003C\/p\u003E\u003C\/td\u003E\u003C\/tr\u003E\u003Ctr\u003E\u003Ctd\u003E\u003Cp align=\u0022center\u0022\u003EDe 0 \u00e0 6\u0026nbsp;500 \u20ac\u003C\/p\u003E\u003C\/td\u003E\u003Ctd\u003E\u003Cp align=\u0022center\u0022\u003E1,9235 %\u003C\/p\u003E\u003C\/td\u003E\u003C\/tr\u003E\u003Ctr\u003E\u003Ctd\u003E\u003Cp align=\u0022center\u0022\u003EDe 6\u0026nbsp;501 \u20ac \u00e0 17\u0026nbsp;000 \u20ac\u003C\/p\u003E\u003C\/td\u003E\u003Ctd\u003E\u003Cp align=\u0022center\u0022\u003E1,064 %\u003C\/p\u003E\u003C\/td\u003E\u003C\/tr\u003E\u003Ctr\u003E\u003Ctd\u003E\u003Cp align=\u0022center\u0022\u003EDe 17\u0026nbsp;001 \u20ac \u00e0 30\u0026nbsp;000 \u20ac\u003C\/p\u003E\u003C\/td\u003E\u003Ctd\u003E\u003Cp align=\u0022center\u0022\u003E0,726 %\u003C\/p\u003E\u003C\/td\u003E\u003C\/tr\u003E\u003Ctr\u003E\u003Ctd\u003E\u003Cp align=\u0022center\u0022\u003EPlus de 30\u0026nbsp;000 \u20ac\u003C\/p\u003E\u003C\/td\u003E\u003Ctd\u003E\u003Cp align=\u0022center\u0022\u003E0,532 %\u003C\/p\u003E\u003C\/td\u003E\u003C\/tr\u003E\u003Ctr\u003E\u003Ctd rowspan=\u00225\u0022\u003E\u003Cp align=\u0022center\u0022\u003EOption par le conjoint survivant pour l\u0027acquisition ou l\u0027attribution de biens propres du pr\u00e9c\u00e9d\u00e9 ou pour le pr\u00e9l\u00e8vement de biens communs\u003C\/p\u003E\u003C\/td\u003E\u003Ctd\u003E\u003Cp align=\u0022center\u0022\u003E\u003Cstrong\u003ETranches d\u0027assiette\u003C\/strong\u003E\u003C\/p\u003E\u003C\/td\u003E\u003Ctd\u003E\u003Cp align=\u0022center\u0022\u003E\u003Cstrong\u003ETaux applicable\u003C\/strong\u003E\u003C\/p\u003E\u003C\/td\u003E\u003C\/tr\u003E\u003Ctr\u003E\u003Ctd\u003E\u003Cp align=\u0022center\u0022\u003EDe 0 \u00e0 6\u0026nbsp;500 \u20ac\u003C\/p\u003E\u003C\/td\u003E\u003Ctd\u003E\u003Cp align=\u0022center\u0022\u003E3,870 %\u003C\/p\u003E\u003C\/td\u003E\u003C\/tr\u003E\u003Ctr\u003E\u003Ctd\u003E\u003Cp align=\u0022center\u0022\u003EDe 6\u0026nbsp;501 \u20ac \u00e0 17\u0026nbsp;000 \u20ac\u003C\/p\u003E\u003C\/td\u003E\u003Ctd\u003E\u003Cp align=\u0022center\u0022\u003E1,596 %\u003C\/p\u003E\u003C\/td\u003E\u003C\/tr\u003E\u003Ctr\u003E\u003Ctd\u003E\u003Cp align=\u0022center\u0022\u003EDe 17\u0026nbsp;001 \u20ac \u00e0 30\u0026nbsp;000 \u20ac\u003C\/p\u003E\u003C\/td\u003E\u003Ctd\u003E\u003Cp align=\u0022center\u0022\u003E1,064 %\u003C\/p\u003E\u003C\/td\u003E\u003C\/tr\u003E\u003Ctr\u003E\u003Ctd\u003E\u003Cp align=\u0022center\u0022\u003EPlus de 30\u0026nbsp;000 \u20ac\u003C\/p\u003E\u003C\/td\u003E\u003Ctd\u003E\u003Cp align=\u0022center\u0022\u003E0,799 %\u003C\/p\u003E\u003C\/td\u003E\u003C\/tr\u003E\u003Ctr\u003E\u003Ctd\u003E\u003Cp align=\u0022center\u0022\u003EAutres requ\u00eates\u003C\/p\u003E\u003C\/td\u003E\u003Ctd colspan=\u00222\u0022\u003E\u003Cp align=\u0022center\u0022\u003E18,86 \u20ac\u003C\/p\u003E\u003C\/td\u003E\u003C\/tr\u003E\u003Ctr\u003E\u003Ctd\u003E\u003Cp align=\u0022center\u0022\u003ERequ\u00eate en r\u00e9inscription d\u0027un droit par suite de p\u00e9remption de l\u0027inscription initiale\u003C\/p\u003E\u003C\/td\u003E\u003Ctd colspan=\u00222\u0022 valign=\u0022top\u0022\u003E\u003Cp align=\u0022center\u0022\u003E37,73 \u20ac\u003C\/p\u003E\u003C\/td\u003E\u003C\/tr\u003E\u003Ctr\u003E\u003Ctd\u003E\u003Cp align=\u0022center\u0022\u003ERequ\u00eate en radiation de droits autres que privil\u00e8ges et hypoth\u00e8ques et r\u00e9quisition\u003C\/p\u003E\u003C\/td\u003E\u003Ctd colspan=\u00222\u0022\u003E\u003Cp align=\u0022center\u0022\u003E18,86 \u20ac\u003C\/p\u003E\u003C\/td\u003E\u003C\/tr\u003E\u003Ctr\u003E\u003Ctd\u003E\u003Cp align=\u0022center\u0022\u003ERetrait d\u0027une requ\u00eate\u003C\/p\u003E\u003C\/td\u003E\u003Ctd colspan=\u00222\u0022 valign=\u0022top\u0022\u003E\u003Cp align=\u0022center\u0022\u003E37,73 \u20ac\u003C\/p\u003E\u003C\/td\u003E\u003C\/tr\u003E\u003Ctr\u003E\u003Ctd\u003E\u003Cp align=\u0022center\u0022\u003ERequ\u00eate en renouvellement d\u0027inscription de privil\u00e8ges et hypoth\u00e8ques\u003C\/p\u003E\u003C\/td\u003E\u003Ctd colspan=\u00222\u0022 valign=\u0022top\u0022\u003E\u003Cp align=\u0022center\u0022\u003E37,73 \u20ac\u003C\/p\u003E\u003C\/td\u003E\u003C\/tr\u003E\u003Ctr\u003E\u003Ctd\u003E\u003Cp align=\u0022center\u0022\u003EFormalit\u00e9s relatives au privil\u00e8ge du vendeur\u003C\/p\u003E\u003C\/td\u003E\u003Ctd colspan=\u00222\u0022\u003E\u003Cp align=\u0022center\u0022\u003E18,86 \u20ac\u003C\/p\u003E\u003C\/td\u003E\u003C\/tr\u003E\u003Ctr\u003E\u003Ctd rowspan=\u00225\u0022\u003E\u003Cp align=\u0022center\u0022\u003EMainlev\u00e9e de droits autres que privil\u00e8ges et hypoth\u00e8ques\u003C\/p\u003E\u003C\/td\u003E\u003Ctd\u003E\u003Cp align=\u0022center\u0022\u003E\u003Cstrong\u003ETranches d\u0027assiette\u003C\/strong\u003E\u003C\/p\u003E\u003C\/td\u003E\u003Ctd\u003E\u003Cp align=\u0022center\u0022\u003E\u003Cstrong\u003ETaux applicable\u003C\/strong\u003E\u003C\/p\u003E\u003C\/td\u003E\u003C\/tr\u003E\u003Ctr\u003E\u003Ctd\u003E\u003Cp align=\u0022center\u0022\u003EDe 0 \u00e0 6\u0026nbsp;500 \u20ac\u003C\/p\u003E\u003C\/td\u003E\u003Ctd\u003E\u003Cp align=\u0022center\u0022\u003E0,484 %\u003C\/p\u003E\u003C\/td\u003E\u003C\/tr\u003E\u003Ctr\u003E\u003Ctd\u003E\u003Cp align=\u0022center\u0022\u003EDe 6\u0026nbsp;501 \u20ac \u00e0 17\u0026nbsp;000 \u20ac\u003C\/p\u003E\u003C\/td\u003E\u003Ctd\u003E\u003Cp align=\u0022center\u0022\u003E0,266 %\u003C\/p\u003E\u003C\/td\u003E\u003C\/tr\u003E\u003Ctr\u003E\u003Ctd\u003E\u003Cp align=\u0022center\u0022\u003EDe 17\u0026nbsp;001 \u20ac \u00e0 30\u0026nbsp;000 \u20ac\u003C\/p\u003E\u003C\/td\u003E\u003Ctd\u003E\u003Cp align=\u0022center\u0022\u003E0,181 %\u003C\/p\u003E\u003C\/td\u003E\u003C\/tr\u003E\u003Ctr\u003E\u003Ctd\u003E\u003Cp align=\u0022center\u0022\u003EPlus de 30\u0026nbsp;000 \u20ac\u003C\/p\u003E\u003C\/td\u003E\u003Ctd\u003E\u003Cp align=\u0022center\u0022\u003E0,133 %\u003C\/p\u003E\u003C\/td\u003E\u003C\/tr\u003E\u003C\/tbody\u003E\u003C\/table\u003E\u003Cp\u003ELe consentement \u00e0 l\u0027inscription d\u0027une pr\u00e9notation donne lieu \u00e0 la perception d\u0027un \u00e9molument \u00e9gal \u00e0 la moiti\u00e9 de l\u0027\u00e9molument de l\u0027acte constitutif du droit pr\u00e9not\u00e9. Cet \u00e9molument est imput\u00e9 sur l\u0027acte d\u00e9finitif si ce dernier est r\u00e9gularis\u00e9 par le m\u00eame notaire.\u003C\/p\u003E\u003Cp\u003E\u003Cstrong\u003ELes actes et formalit\u00e9s aff\u00e9rents \u00e0 la prescription acquisitive pr\u00e9vue par l\u0027article 44-1 de la loi du 1er juin 1924 donne lieu \u00e0 la perception des \u00e9moluments suivants :\u003C\/strong\u003E\u003C\/p\u003E\u003Ctable class=\u0022MsoTableGrid\u0022\u003E\u003Ctbody\u003E\u003Ctr\u003E\u003Ctd\u003E\u003Cp align=\u0022center\u0022\u003E\u003Cstrong\u003ED\u00c9SIGNATION DE LA PRESTATION\u003C\/strong\u003E\u003C\/p\u003E\u003C\/td\u003E\u003Ctd colspan=\u00222\u0022\u003E\u003Cp align=\u0022center\u0022\u003E\u003Cstrong\u003E\u00c9MOLUMENT\u003C\/strong\u003E\u003C\/p\u003E\u003C\/td\u003E\u003C\/tr\u003E\u003Ctr\u003E\u003Ctd rowspan=\u00225\u0022\u003E\u003Cp align=\u0022center\u0022\u003ERequ\u00eate au juge du livre foncier aux fins d\u0027inscription d\u0027un droit portant sur un immeuble acquis par prescription ou par accession\u003C\/p\u003E\u003C\/td\u003E\u003Ctd\u003E\u003Cp align=\u0022center\u0022\u003E\u003Cstrong\u003ETranches d\u0027assiette\u003C\/strong\u003E\u003C\/p\u003E\u003C\/td\u003E\u003Ctd valign=\u0022top\u0022\u003E\u003Cp align=\u0022center\u0022\u003E\u003Cstrong\u003ETaux applicable\u003C\/strong\u003E\u003C\/p\u003E\u003C\/td\u003E\u003C\/tr\u003E\u003Ctr\u003E\u003Ctd\u003E\u003Cp align=\u0022center\u0022\u003EDe 0 \u00e0 6\u0026nbsp;500 \u20ac\u003C\/p\u003E\u003C\/td\u003E\u003Ctd\u003E\u003Cp align=\u0022center\u0022\u003E0,774 %\u003C\/p\u003E\u003C\/td\u003E\u003C\/tr\u003E\u003Ctr\u003E\u003Ctd\u003E\u003Cp align=\u0022center\u0022\u003EDe 6\u0026nbsp;501 \u20ac \u00e0 17\u0026nbsp;000 \u20ac\u003C\/p\u003E\u003C\/td\u003E\u003Ctd\u003E\u003Cp align=\u0022center\u0022\u003E0,426 %\u003C\/p\u003E\u003C\/td\u003E\u003C\/tr\u003E\u003Ctr\u003E\u003Ctd\u003E\u003Cp align=\u0022center\u0022\u003EDe 17\u0026nbsp;001 \u20ac \u00e0 30\u0026nbsp;000 \u20ac\u003C\/p\u003E\u003C\/td\u003E\u003Ctd\u003E\u003Cp align=\u0022center\u0022\u003E0,290 %\u003C\/p\u003E\u003C\/td\u003E\u003C\/tr\u003E\u003Ctr\u003E\u003Ctd\u003E\u003Cp align=\u0022center\u0022\u003EPlus de 30\u0026nbsp;000 \u20ac\u003C\/p\u003E\u003C\/td\u003E\u003Ctd\u003E\u003Cp align=\u0022center\u0022\u003E0,213 %\u003C\/p\u003E\u003C\/td\u003E\u003C\/tr\u003E\u003Ctr\u003E\u003Ctd\u003E\u003Cp align=\u0022center\u0022\u003ERequ\u00eate en ex\u00e9cution du jugement au livre foncier\u003C\/p\u003E\u003C\/td\u003E\u003Ctd colspan=\u00222\u0022 valign=\u0022top\u0022\u003E\u003Cp align=\u0022center\u0022\u003E22,63 \u20ac\u003C\/p\u003E\u003C\/td\u003E\u003C\/tr\u003E\u003Ctr\u003E\u003Ctd rowspan=\u00225\u0022\u003E\u003Cp align=\u0022center\u0022\u003EActe de notori\u00e9t\u00e9 constatant la prescription acquisitive si l\u0027immeuble n\u0027est pas inscrit au livre foncier\u003C\/p\u003E\u003C\/td\u003E\u003Ctd\u003E\u003Cp align=\u0022center\u0022\u003E\u003Cstrong\u003ETranches d\u0027assiette\u003C\/strong\u003E\u003C\/p\u003E\u003C\/td\u003E\u003Ctd\u003E\u003Cp align=\u0022center\u0022\u003E\u003Cstrong\u003ETaux applicable\u003C\/strong\u003E\u003C\/p\u003E\u003C\/td\u003E\u003C\/tr\u003E\u003Ctr\u003E\u003Ctd\u003E\u003Cp align=\u0022center\u0022\u003EDe 0 \u00e0 6\u0026nbsp;500 \u20ac\u003C\/p\u003E\u003C\/td\u003E\u003Ctd\u003E\u003Cp align=\u0022center\u0022\u003E0,774 %\u003C\/p\u003E\u003C\/td\u003E\u003C\/tr\u003E\u003Ctr\u003E\u003Ctd\u003E\u003Cp align=\u0022center\u0022\u003EDe 6\u0026nbsp;501 \u20ac \u00e0 17\u0026nbsp;000 \u20ac\u003C\/p\u003E\u003C\/td\u003E\u003Ctd\u003E\u003Cp align=\u0022center\u0022\u003E0,426 %\u003C\/p\u003E\u003C\/td\u003E\u003C\/tr\u003E\u003Ctr\u003E\u003Ctd\u003E\u003Cp align=\u0022center\u0022\u003EDe 17\u0026nbsp;001 \u20ac \u00e0 30\u0026nbsp;000 \u20ac\u003C\/p\u003E\u003C\/td\u003E\u003Ctd\u003E\u003Cp align=\u0022center\u0022\u003E0,290 %\u003C\/p\u003E\u003C\/td\u003E\u003C\/tr\u003E\u003Ctr\u003E\u003Ctd\u003E\u003Cp align=\u0022center\u0022\u003EPlus de 30\u0026nbsp;000 \u20ac\u003C\/p\u003E\u003C\/td\u003E\u003Ctd\u003E\u003Cp align=\u0022center\u0022\u003E0,213 %\u003C\/p\u003E\u003C\/td\u003E\u003C\/tr\u003E\u003Ctr\u003E\u003Ctd\u003E\u003Cp align=\u0022center\u0022\u003EAttestation \u00e0 titre de preuve de prescription acquisitive\u003C\/p\u003E\u003C\/td\u003E\u003Ctd colspan=\u00222\u0022\u003E\u003Cp align=\u0022center\u0022\u003E3,78 \u20ac\u003C\/p\u003E\u003C\/td\u003E\u003C\/tr\u003E\u003Ctr\u003E\u003Ctd\u003E\u003Cp align=\u0022center\u0022\u003EProduction des pi\u00e8ces cadastrales\u003C\/p\u003E\u003C\/td\u003E\u003Ctd colspan=\u00222\u0022\u003E\u003Cp align=\u0022center\u0022\u003E11,32 \u20ac\u003C\/p\u003E\u003C\/td\u003E\u003C\/tr\u003E\u003Ctr\u003E\u003Ctd\u003E\u003Cp align=\u0022center\u0022\u003EProduction d\u0027autres preuves\u003C\/p\u003E\u003C\/td\u003E\u003Ctd colspan=\u00222\u0022\u003E\u003Cp align=\u0022center\u0022\u003E56,68 \u20ac\u003C\/p\u003E\u003C\/td\u003E\u003C\/tr\u003E\u003C\/tbody\u003E\u003C\/table\u003E\u003Cp\u003E\u003Cstrong\u003EEn mati\u00e8re de succession, les actes et formalit\u00e9s aff\u00e9rents \u00e0 l\u0027affirmation sous foi de serment donnent lieu \u00e0 la perception des \u00e9moluments pr\u00e9vus par le tableau ci-apr\u00e8s :\u003C\/strong\u003E\u003C\/p\u003E\u003Ctable class=\u0022MsoTableGrid\u0022\u003E\u003Ctbody\u003E\u003Ctr\u003E\u003Ctd\u003E\u003Cp align=\u0022center\u0022\u003E\u003Cstrong\u003ED\u00c9SIGNATION DE LA PRESTATION\u003C\/strong\u003E\u003C\/p\u003E\u003C\/td\u003E\u003Ctd colspan=\u00222\u0022\u003E\u003Cp align=\u0022center\u0022\u003E\u003Cstrong\u003E\u00c9MOLUMENT\u003C\/strong\u003E\u003C\/p\u003E\u003C\/td\u003E\u003C\/tr\u003E\u003Ctr\u003E\u003Ctd\u003E\u003Cp align=\u0022center\u0022\u003ER\u00e9daction\u003C\/p\u003E\u003C\/td\u003E\u003Ctd colspan=\u00222\u0022\u003E\u003Cp align=\u0022center\u0022\u003E75,46 \u20ac\u003C\/p\u003E\u003C\/td\u003E\u003C\/tr\u003E\u003Ctr\u003E\u003Ctd rowspan=\u00226\u0022\u003E\u003Cp\u003ERequ\u00eate en d\u00e9livrance\u0026nbsp;:\u003C\/p\u003E\u003Cul\u003E\u003Cli\u003Edu certificat d\u0027h\u00e9ritier ou d\u0027un certificat d\u0027ex\u00e9cuteur testamentaire\u0026nbsp;;\u003C\/li\u003E\u003Cli\u003Edu certificat d\u0027h\u00e9ritier restreint\u0026nbsp;;\u003C\/li\u003E\u003Cli\u003Ede l\u0027envoi en possession.\u003C\/li\u003E\u003C\/ul\u003E\u003C\/td\u003E\u003Ctd\u003E\u003Cp align=\u0022center\u0022\u003E\u003Cstrong\u003ETranches d\u0027assiette\u003C\/strong\u003E\u003C\/p\u003E\u003C\/td\u003E\u003Ctd valign=\u0022top\u0022\u003E\u003Cp align=\u0022center\u0022\u003E\u003Cstrong\u003ETaux applicable\u003C\/strong\u003E\u003C\/p\u003E\u003C\/td\u003E\u003C\/tr\u003E\u003Ctr\u003E\u003Ctd\u003E\u003Cp align=\u0022center\u0022\u003EDe 0 \u00e0 1\u0026nbsp;067 \u20ac\u003C\/p\u003E\u003C\/td\u003E\u003Ctd\u003E\u003Cp align=\u0022center\u0022\u003E0,706 %\u003C\/p\u003E\u003C\/td\u003E\u003C\/tr\u003E\u003Ctr\u003E\u003Ctd\u003E\u003Cp align=\u0022center\u0022\u003EDe 1\u0026nbsp;068 \u20ac \u00e0 2\u0026nbsp;134 \u20ac\u003C\/p\u003E\u003C\/td\u003E\u003Ctd\u003E\u003Cp align=\u0022center\u0022\u003E0,471 %\u003C\/p\u003E\u003C\/td\u003E\u003C\/tr\u003E\u003Ctr\u003E\u003Ctd\u003E\u003Cp align=\u0022center\u0022\u003EDe 2\u0026nbsp;135 \u20ac \u00e0 3\u0026nbsp;963 \u20ac\u003C\/p\u003E\u003C\/td\u003E\u003Ctd\u003E\u003Cp align=\u0022center\u0022\u003E0,236 %\u003C\/p\u003E\u003C\/td\u003E\u003C\/tr\u003E\u003Ctr\u003E\u003Ctd\u003E\u003Cp align=\u0022center\u0022\u003EDe 3\u0026nbsp;964 \u20ac \u00e0 9\u0026nbsp;146 \u20ac\u003C\/p\u003E\u003C\/td\u003E\u003Ctd\u003E\u003Cp align=\u0022center\u0022\u003E0,118 %\u003C\/p\u003E\u003C\/td\u003E\u003C\/tr\u003E\u003Ctr\u003E\u003Ctd\u003E\u003Cp align=\u0022center\u0022\u003EPlus de 9\u0026nbsp;146 \u20ac\u003C\/p\u003E\u003C\/td\u003E\u003Ctd\u003E\u003Cp align=\u0022center\u0022\u003E0,059 %\u003C\/p\u003E\u003C\/td\u003E\u003C\/tr\u003E\u003C\/tbody\u003E\u003C\/table\u003E\u003Cp\u003E\u003Cstrong\u003ELes actes et formalit\u00e9s relatifs au partage judiciaire et aux ventes volontaires judiciaires donnent lieu \u00e0 la perception d\u0027\u00e9moluments conform\u00e9ment au tableau ci-apr\u00e8s :\u003C\/strong\u003E\u003C\/p\u003E\u003Ctable class=\u0022MsoTableGrid\u0022\u003E\u003Ctbody\u003E\u003Ctr\u003E\u003Ctd colspan=\u00222\u0022\u003E\u003Cp align=\u0022center\u0022\u003E\u003Cstrong\u003ED\u00c9SIGNATION DE LA PRESTATION\u003C\/strong\u003E\u003C\/p\u003E\u003C\/td\u003E\u003Ctd colspan=\u00222\u0022\u003E\u003Cp align=\u0022center\u0022\u003E\u003Cstrong\u003E\u00c9MOLUMENT\u003C\/strong\u003E\u003C\/p\u003E\u003C\/td\u003E\u003C\/tr\u003E\u003Ctr\u003E\u003Ctd colspan=\u00222\u0022\u003E\u003Cp align=\u0022center\u0022\u003EDemande de partage judiciaire\u003C\/p\u003E\u003C\/td\u003E\u003Ctd colspan=\u00222\u0022\u003E\u003Cp align=\u0022center\u0022\u003E37,73 \u20ac\u003C\/p\u003E\u003C\/td\u003E\u003C\/tr\u003E\u003Ctr\u003E\u003Ctd colspan=\u00222\u0022\u003E\u003Cp align=\u0022center\u0022\u003ED\u00e9signation du fond\u00e9 de pouvoir \u00e0 l\u0027\u00e9tranger\u003C\/p\u003E\u003C\/td\u003E\u003Ctd colspan=\u00222\u0022\u003E\u003Cp align=\u0022center\u0022\u003E26,41 \u20ac\u003C\/p\u003E\u003C\/td\u003E\u003C\/tr\u003E\u003Ctr\u003E\u003Ctd colspan=\u00222\u0022\u003E\u003Cp align=\u0022center\u0022\u003ED\u00e9p\u00f4t au rang des minutes du notaire du mandat de fond\u00e9 de pouvoir \u00e0 l\u0027\u00e9tranger avec reconnaissance d\u0027\u00e9criture et de signature\u003C\/p\u003E\u003C\/td\u003E\u003Ctd colspan=\u00222\u0022\u003E\u003Cp align=\u0022center\u0022\u003E26,41 \u20ac\u003C\/p\u003E\u003C\/td\u003E\u003C\/tr\u003E\u003Ctr\u003E\u003Ctd colspan=\u00222\u0022\u003E\u003Cp align=\u0022center\u0022\u003ED\u00e9p\u00f4t au rang des minutes du notaire du mandat de fond\u00e9 de pouvoir \u00e0 l\u0027\u00e9tranger sans reconnaissance d\u0027\u00e9criture et de signature\u003C\/p\u003E\u003C\/td\u003E\u003Ctd colspan=\u00222\u0022\u003E\u003Cp align=\u0022center\u0022\u003E18,86 \u20ac\u003C\/p\u003E\u003C\/td\u003E\u003C\/tr\u003E\u003Ctr\u003E\u003Ctd colspan=\u00222\u0022\u003E\u003Cp align=\u0022center\u0022\u003EDemande relative \u00e0 une proposition de partage\u003C\/p\u003E\u003C\/td\u003E\u003Ctd colspan=\u00222\u0022\u003E\u003Cp align=\u0022center\u0022\u003E56,58 \u20ac\u003C\/p\u003E\u003C\/td\u003E\u003C\/tr\u003E\u003Ctr\u003E\u003Ctd rowspan=\u00222\u0022\u003E\u003Cp align=\u0022center\u0022\u003EConvocations et communication des propositions de partage\u003C\/p\u003E\u003C\/td\u003E\u003Ctd\u003E\u003Cp align=\u0022center\u0022\u003ER\u00e9daction\u003C\/p\u003E\u003C\/td\u003E\u003Ctd colspan=\u00222\u0022\u003E\u003Cp align=\u0022center\u0022\u003E37,73 \u20ac\u003C\/p\u003E\u003C\/td\u003E\u003C\/tr\u003E\u003Ctr\u003E\u003Ctd\u003E\u003Cp align=\u0022center\u0022\u003EPar convocation\u003C\/p\u003E\u003C\/td\u003E\u003Ctd colspan=\u00222\u0022\u003E\u003Cp align=\u0022center\u0022\u003E15,09 \u20ac\u003C\/p\u003E\u003C\/td\u003E\u003C\/tr\u003E\u003Ctr\u003E\u003Ctd colspan=\u00222\u0022\u003E\u003Cp align=\u0022center\u0022\u003EProc\u00e8s-verbal des d\u00e9bats avec pr\u00e9sence des parties\u003C\/p\u003E\u003C\/td\u003E\u003Ctd colspan=\u00222\u0022\u003E\u003Cp align=\u0022center\u0022\u003E188,66 \u20ac\u003C\/p\u003E\u003C\/td\u003E\u003C\/tr\u003E\u003Ctr\u003E\u003Ctd colspan=\u00222\u0022\u003E\u003Cp align=\u0022center\u0022\u003EProc\u00e8s-verbal des d\u00e9bats en l\u0027absence des parties\u003C\/p\u003E\u003C\/td\u003E\u003Ctd colspan=\u00222\u0022\u003E\u003Cp align=\u0022center\u0022\u003E75,46 \u20ac\u003C\/p\u003E\u003C\/td\u003E\u003C\/tr\u003E\u003Ctr\u003E\u003Ctd colspan=\u00222\u0022\u003E\u003Cp align=\u0022center\u0022\u003ETransmission au greffe du proc\u00e8s-verbal des d\u00e9bats\u003C\/p\u003E\u003C\/td\u003E\u003Ctd colspan=\u00222\u0022\u003E\u003Cp align=\u0022center\u0022\u003E18,86 \u20ac\u003C\/p\u003E\u003C\/td\u003E\u003C\/tr\u003E\u003Ctr\u003E\u003Ctd colspan=\u00222\u0022\u003E\u003Cp align=\u0022center\u0022\u003EProc\u00e8s-verbal d\u0027assermentation\u003C\/p\u003E\u003C\/td\u003E\u003Ctd colspan=\u00222\u0022\u003E\u003Cp align=\u0022center\u0022\u003E188,66 \u20ac\u003C\/p\u003E\u003C\/td\u003E\u003C\/tr\u003E\u003Ctr\u003E\u003Ctd colspan=\u00222\u0022\u003E\u003Cp align=\u0022center\u0022\u003ER\u00e9daction du rapport d\u0027expertise r\u00e9dig\u00e9 par le notaire sur d\u00e9claration de l\u0027expert\u003C\/p\u003E\u003C\/td\u003E\u003Ctd colspan=\u00222\u0022\u003E\u003Cp align=\u0022center\u0022\u003E188,66 \u20ac\u003C\/p\u003E\u003C\/td\u003E\u003C\/tr\u003E\u003Ctr\u003E\u003Ctd colspan=\u00222\u0022\u003E\u003Cp align=\u0022center\u0022\u003EAvis que l\u0027expertise a \u00e9t\u00e9 dress\u00e9e, par int\u00e9ress\u00e9\u003C\/p\u003E\u003C\/td\u003E\u003Ctd colspan=\u00222\u0022\u003E\u003Cp align=\u0022center\u0022\u003E15,09 \u20ac\u003C\/p\u003E\u003C\/td\u003E\u003C\/tr\u003E\u003Ctr\u003E\u003Ctd colspan=\u00222\u0022\u003E\u003Cp align=\u0022center\u0022\u003ED\u00e9livrance, \u00e0 la demande de l\u0027int\u00e9ress\u00e9, d\u0027une copie du rapport d\u0027expertise\u003C\/p\u003E\u003C\/td\u003E\u003Ctd colspan=\u00222\u0022\u003E\u003Cp align=\u0022center\u0022\u003E15,09 \u20ac\u003C\/p\u003E\u003C\/td\u003E\u003C\/tr\u003E\u003Ctr\u003E\u003Ctd rowspan=\u00222\u0022\u003E\u003Cp align=\u0022center\u0022\u003EConvocation au tirage au sort\u003C\/p\u003E\u003C\/td\u003E\u003Ctd\u003E\u003Cp align=\u0022center\u0022\u003ER\u00e9daction\u003C\/p\u003E\u003C\/td\u003E\u003Ctd colspan=\u00222\u0022\u003E\u003Cp align=\u0022center\u0022\u003E37,73 \u20ac\u003C\/p\u003E\u003C\/td\u003E\u003C\/tr\u003E\u003Ctr\u003E\u003Ctd\u003E\u003Cp align=\u0022center\u0022\u003EPar convocation\u003C\/p\u003E\u003C\/td\u003E\u003Ctd colspan=\u00222\u0022\u003E\u003Cp align=\u0022center\u0022\u003E15,09 \u20ac\u003C\/p\u003E\u003C\/td\u003E\u003C\/tr\u003E\u003Ctr\u003E\u003Ctd colspan=\u00222\u0022\u003E\u003Cp align=\u0022center\u0022\u003EProc\u00e8s-verbal de tirage au sort\u003C\/p\u003E\u003C\/td\u003E\u003Ctd colspan=\u00222\u0022\u003E\u003Cp align=\u0022center\u0022\u003E188,66 \u20ac\u003C\/p\u003E\u003C\/td\u003E\u003C\/tr\u003E\u003Ctr\u003E\u003Ctd colspan=\u00222\u0022\u003E\u003Cp align=\u0022center\u0022\u003EProc\u00e8s-verbal de difficult\u00e9s\u003C\/p\u003E\u003C\/td\u003E\u003Ctd colspan=\u00222\u0022\u003E\u003Cp align=\u0022center\u0022\u003E188,66 \u20ac\u003C\/p\u003E\u003C\/td\u003E\u003C\/tr\u003E\u003Ctr\u003E\u003Ctd colspan=\u00222\u0022\u003E\u003Cp align=\u0022center\u0022\u003ERemise au greffe du proc\u00e8s-verbal\u003C\/p\u003E\u003C\/td\u003E\u003Ctd colspan=\u00222\u0022\u003E\u003Cp align=\u0022center\u0022\u003E18,86 \u20ac\u003C\/p\u003E\u003C\/td\u003E\u003C\/tr\u003E\u003Ctr\u003E\u003Ctd colspan=\u00222\u0022\u003E\u003Cp align=\u0022center\u0022\u003ERenvoi des parties \u00e0 se pourvoir par voie d\u0027assignation\u003C\/p\u003E\u003C\/td\u003E\u003Ctd colspan=\u00222\u0022\u003E\u003Cp align=\u0022center\u0022\u003E18,86 \u20ac\u003C\/p\u003E\u003C\/td\u003E\u003C\/tr\u003E\u003Ctr\u003E\u003Ctd colspan=\u00222\u0022 rowspan=\u00225\u0022\u003E\u003Cp align=\u0022center\u0022\u003ER\u00e9daction de l\u0027acte de partage\u003C\/p\u003E\u003C\/td\u003E\u003Ctd\u003E\u003Cp align=\u0022center\u0022\u003E\u003Cstrong\u003ETranches d\u0027assiette\u003C\/strong\u003E\u003C\/p\u003E\u003C\/td\u003E\u003Ctd valign=\u0022top\u0022\u003E\u003Cp align=\u0022center\u0022\u003E\u003Cstrong\u003ETaux applicable\u003C\/strong\u003E\u003C\/p\u003E\u003C\/td\u003E\u003C\/tr\u003E\u003Ctr\u003E\u003Ctd\u003E\u003Cp align=\u0022center\u0022\u003EDe 0 \u00e0 6\u0026nbsp;500 \u20ac\u003C\/p\u003E\u003C\/td\u003E\u003Ctd\u003E\u003Cp align=\u0022center\u0022\u003E4,837 %\u003C\/p\u003E\u003C\/td\u003E\u003C\/tr\u003E\u003Ctr\u003E\u003Ctd\u003E\u003Cp align=\u0022center\u0022\u003EDe 6\u0026nbsp;501 \u20ac \u00e0 17\u0026nbsp;000 \u20ac\u003C\/p\u003E\u003C\/td\u003E\u003Ctd\u003E\u003Cp align=\u0022center\u0022\u003E1,995 %\u003C\/p\u003E\u003C\/td\u003E\u003C\/tr\u003E\u003Ctr\u003E\u003Ctd\u003E\u003Cp align=\u0022center\u0022\u003EDe 17\u0026nbsp;001 \u20ac \u00e0 30\u0026nbsp;000 \u20ac\u003C\/p\u003E\u003C\/td\u003E\u003Ctd\u003E\u003Cp align=\u0022center\u0022\u003E1,330 %\u003C\/p\u003E\u003C\/td\u003E\u003C\/tr\u003E\u003Ctr\u003E\u003Ctd\u003E\u003Cp align=\u0022center\u0022\u003EPlus de 30\u0026nbsp;000 \u20ac\u003C\/p\u003E\u003C\/td\u003E\u003Ctd\u003E\u003Cp align=\u0022center\u0022\u003E0,998 %\u003C\/p\u003E\u003C\/td\u003E\u003C\/tr\u003E\u003Ctr\u003E\u003Ctd colspan=\u00222\u0022\u003E\u003Cp align=\u0022center\u0022\u003ETransmission de la minute au tribunal\u003C\/p\u003E\u003C\/td\u003E\u003Ctd colspan=\u00222\u0022\u003E\u003Cp align=\u0022center\u0022\u003E37,73 \u20ac\u003C\/p\u003E\u003C\/td\u003E\u003C\/tr\u003E\u003Ctr\u003E\u003Ctd rowspan=\u00222\u0022\u003E\u003Cp align=\u0022center\u0022\u003EInformation des non-comparants\u003C\/p\u003E\u003C\/td\u003E\u003Ctd\u003E\u003Cp align=\u0022center\u0022\u003ER\u00e9daction\u003C\/p\u003E\u003C\/td\u003E\u003Ctd colspan=\u00222\u0022\u003E\u003Cp align=\u0022center\u0022\u003E15,09 \u20ac\u003C\/p\u003E\u003C\/td\u003E\u003C\/tr\u003E\u003Ctr\u003E\u003Ctd\u003E\u003Cp align=\u0022center\u0022\u003EPar notification\u003C\/p\u003E\u003C\/td\u003E\u003Ctd colspan=\u00222\u0022\u003E\u003Cp align=\u0022center\u0022\u003E15,09 \u20ac\u003C\/p\u003E\u003C\/td\u003E\u003C\/tr\u003E\u003Ctr\u003E\u003Ctd rowspan=\u00222\u0022\u003E\u003Cp align=\u0022center\u0022\u003EFixation du jour de la passation de l\u0027acte de partage\u003C\/p\u003E\u003C\/td\u003E\u003Ctd\u003E\u003Cp align=\u0022center\u0022\u003ER\u00e9daction\u003C\/p\u003E\u003C\/td\u003E\u003Ctd colspan=\u00222\u0022\u003E\u003Cp align=\u0022center\u0022\u003E37,73 \u20ac\u003C\/p\u003E\u003C\/td\u003E\u003C\/tr\u003E\u003Ctr\u003E\u003Ctd\u003E\u003Cp align=\u0022center\u0022\u003EPar notification\u003C\/p\u003E\u003C\/td\u003E\u003Ctd colspan=\u00222\u0022\u003E\u003Cp align=\u0022center\u0022\u003E15,09 \u20ac\u003C\/p\u003E\u003C\/td\u003E\u003C\/tr\u003E\u003Ctr\u003E\u003Ctd colspan=\u00222\u0022\u003E\u003Cp align=\u0022center\u0022\u003ERetrait de proc\u00e9dure, par copartageant\u003C\/p\u003E\u003C\/td\u003E\u003Ctd colspan=\u00222\u0022\u003E\u003Cp align=\u0022center\u0022\u003E37,73 \u20ac\u003C\/p\u003E\u003C\/td\u003E\u003C\/tr\u003E\u003Ctr\u003E\u003Ctd colspan=\u00222\u0022\u003E\u003Cp align=\u0022center\u0022\u003EEtablissement du cahier des charges sur les conditions de la vente\u003C\/p\u003E\u003C\/td\u003E\u003Ctd colspan=\u00222\u0022\u003E\u003Cp align=\u0022center\u0022\u003E37,73 \u20ac\u003C\/p\u003E\u003C\/td\u003E\u003C\/tr\u003E\u003Ctr\u003E\u003Ctd rowspan=\u00222\u0022\u003E\u003Cp align=\u0022center\u0022\u003EConvocation pour lecture\u003C\/p\u003E\u003C\/td\u003E\u003Ctd\u003E\u003Cp align=\u0022center\u0022\u003ER\u00e9daction\u003C\/p\u003E\u003C\/td\u003E\u003Ctd colspan=\u00222\u0022\u003E\u003Cp align=\u0022center\u0022\u003E37,73 \u20ac\u003C\/p\u003E\u003C\/td\u003E\u003C\/tr\u003E\u003Ctr\u003E\u003Ctd\u003E\u003Cp align=\u0022center\u0022\u003EPar convocation\u003C\/p\u003E\u003C\/td\u003E\u003Ctd colspan=\u00222\u0022\u003E\u003Cp align=\u0022center\u0022\u003E15,09 \u20ac\u003C\/p\u003E\u003C\/td\u003E\u003C\/tr\u003E\u003Ctr\u003E\u003Ctd colspan=\u00222\u0022\u003E\u003Cp align=\u0022center\u0022\u003EProc\u00e8s-verbal de lecture\u003C\/p\u003E\u003C\/td\u003E\u003Ctd colspan=\u00222\u0022\u003E\u003Cp align=\u0022center\u0022\u003E188,66 \u20ac\u003C\/p\u003E\u003C\/td\u003E\u003C\/tr\u003E\u003Ctr\u003E\u003Ctd colspan=\u00222\u0022\u003E\u003Cp align=\u0022center\u0022\u003ERequ\u00eate en homologation du cahier des charges\u003C\/p\u003E\u003C\/td\u003E\u003Ctd colspan=\u00222\u0022\u003E\u003Cp align=\u0022center\u0022\u003E37,73 \u20ac\u003C\/p\u003E\u003C\/td\u003E\u003C\/tr\u003E\u003Ctr\u003E\u003Ctd colspan=\u00222\u0022\u003E\u003Cp align=\u0022center\u0022\u003EPublications pr\u00e9vues par les articles 246 et 247 de la Loi du 1er juin 1924 par texte et par copartageant\u003C\/p\u003E\u003C\/td\u003E\u003Ctd colspan=\u00222\u0022\u003E\u003Cp align=\u0022center\u0022\u003E37,73 \u20ac\u003C\/p\u003E\u003C\/td\u003E\u003C\/tr\u003E\u003Ctr\u003E\u003Ctd colspan=\u00222\u0022\u003E\u003Cp align=\u0022center\u0022\u003EEnvoi de l\u0027affiche pr\u00e9vu par l\u0027article 248 de la Loi du 1er juin 1924 par envoi\u003C\/p\u003E\u003C\/td\u003E\u003Ctd colspan=\u00222\u0022\u003E\u003Cp align=\u0022center\u0022\u003E15,09 \u20ac\u003C\/p\u003E\u003C\/td\u003E\u003C\/tr\u003E\u003Ctr\u003E\u003Ctd colspan=\u00222\u0022 rowspan=\u00225\u0022\u003E\u003Cp align=\u0022center\u0022\u003EProc\u00e8s-verbal d\u0027adjudication\u003C\/p\u003E\u003C\/td\u003E\u003Ctd\u003E\u003Cp align=\u0022center\u0022\u003E\u003Cstrong\u003ETranches d\u0027assiette\u003C\/strong\u003E\u003C\/p\u003E\u003C\/td\u003E\u003Ctd valign=\u0022top\u0022\u003E\u003Cp align=\u0022center\u0022\u003E\u003Cstrong\u003ETaux applicable\u003C\/strong\u003E\u003C\/p\u003E\u003C\/td\u003E\u003C\/tr\u003E\u003Ctr\u003E\u003Ctd\u003E\u003Cp align=\u0022center\u0022\u003EDe 0 \u00e0 6\u0026nbsp;500 \u20ac\u003C\/p\u003E\u003C\/td\u003E\u003Ctd\u003E\u003Cp align=\u0022center\u0022\u003E7,256 %\u003C\/p\u003E\u003C\/td\u003E\u003C\/tr\u003E\u003Ctr\u003E\u003Ctd\u003E\u003Cp align=\u0022center\u0022\u003EDe 6\u0026nbsp;501 \u20ac \u00e0 17\u0026nbsp;000 \u20ac\u003C\/p\u003E\u003C\/td\u003E\u003Ctd\u003E\u003Cp align=\u0022center\u0022\u003E2,993 %\u003C\/p\u003E\u003C\/td\u003E\u003C\/tr\u003E\u003Ctr\u003E\u003Ctd\u003E\u003Cp align=\u0022center\u0022\u003EDe 17\u0026nbsp;001 \u20ac \u00e0 60\u0026nbsp;000 \u20ac\u003C\/p\u003E\u003C\/td\u003E\u003Ctd\u003E\u003Cp align=\u0022center\u0022\u003E1,995 %\u003C\/p\u003E\u003C\/td\u003E\u003C\/tr\u003E\u003Ctr\u003E\u003Ctd\u003E\u003Cp align=\u0022center\u0022\u003EPlus de 60\u0026nbsp;000 \u20ac\u003C\/p\u003E\u003C\/td\u003E\u003Ctd\u003E\u003Cp align=\u0022center\u0022\u003E1,497 %\u003C\/p\u003E\u003C\/td\u003E\u003C\/tr\u003E\u003Ctr\u003E\u003Ctd colspan=\u00222\u0022\u003E\u003Cp align=\u0022center\u0022\u003EProcuration pour ench\u00e8res\u003C\/p\u003E\u003C\/td\u003E\u003Ctd colspan=\u00222\u0022 valign=\u0022top\u0022\u003E\u003Cp align=\u0022center\u0022\u003E26,41 \u20ac\u003C\/p\u003E\u003C\/td\u003E\u003C\/tr\u003E\u003Ctr\u003E\u003Ctd colspan=\u00222\u0022\u003E\u003Cp align=\u0022center\u0022\u003ED\u00e9claration de commande par copartageant\u003C\/p\u003E\u003C\/td\u003E\u003Ctd colspan=\u00222\u0022\u003E\u003Cp align=\u0022center\u0022\u003E37,73 \u20ac\u003C\/p\u003E\u003C\/td\u003E\u003C\/tr\u003E\u003Ctr\u003E\u003Ctd colspan=\u00222\u0022\u003E\u003Cp align=\u0022center\u0022\u003ERatification d\u0027adjudication inf\u00e9rieure \u00e0 la mise \u00e0 prix, par copartageant ratifiant\u003C\/p\u003E\u003C\/td\u003E\u003Ctd colspan=\u00222\u0022\u003E\u003Cp align=\u0022center\u0022\u003E37,73 \u20ac\u003C\/p\u003E\u003C\/td\u003E\u003C\/tr\u003E\u003Ctr\u003E\u003Ctd colspan=\u00222\u0022\u003E\u003Cp align=\u0022center\u0022\u003EDemande de nouvelles ench\u00e8res\u003C\/p\u003E\u003C\/td\u003E\u003Ctd colspan=\u00222\u0022\u003E\u003Cp align=\u0022center\u0022\u003E37,73 \u20ac\u003C\/p\u003E\u003C\/td\u003E\u003C\/tr\u003E\u003Ctr\u003E\u003Ctd colspan=\u00222\u0022\u003E\u003Cp align=\u0022center\u0022\u003EAutres ventes volontaires en justice\u003C\/p\u003E\u003C\/td\u003E\u003Ctd colspan=\u00222\u0022 valign=\u0022top\u0022\u003E\u003Cp align=\u0022center\u0022\u003E75,46 \u20ac\u003C\/p\u003E\u003C\/td\u003E\u003C\/tr\u003E\u003C\/tbody\u003E\u003C\/table\u003E\u003Cp\u003E\u003Cstrong\u003ELes actes et formalit\u00e9s relatifs \u00e0 l\u0027ali\u00e9nation des biens immobiliers d\u0027une personne prot\u00e9g\u00e9e donnent lieu \u00e0 la perception d\u2019un \u00e9molument fixe conform\u00e9ment au tableau ci-apr\u00e8s :\u003C\/strong\u003E\u003C\/p\u003E\u003Ctable class=\u0022MsoTableGrid\u0022\u003E\u003Ctbody\u003E\u003Ctr\u003E\u003Ctd colspan=\u00222\u0022\u003E\u003Cp align=\u0022center\u0022\u003E\u003Cstrong\u003ED\u00c9SIGNATION DE LA PRESTATION\u003C\/strong\u003E\u003C\/p\u003E\u003C\/td\u003E\u003Ctd\u003E\u003Cp align=\u0022center\u0022\u003E\u003Cstrong\u003E\u00c9MOLUMENT\u003C\/strong\u003E\u003C\/p\u003E\u003C\/td\u003E\u003C\/tr\u003E\u003Ctr\u003E\u003Ctd colspan=\u00222\u0022\u003E\u003Cp align=\u0022center\u0022\u003EDemande au Tribunal des tutelles au titre de l\u0027article 257 de la loi du 1er juin 1924\u003C\/p\u003E\u003C\/td\u003E\u003Ctd\u003E\u003Cp align=\u0022center\u0022\u003E37,73 \u20ac\u003C\/p\u003E\u003C\/td\u003E\u003C\/tr\u003E\u003Ctr\u003E\u003Ctd rowspan=\u00223\u0022\u003E\u003Cp align=\u0022center\u0022\u003EActes et formalit\u00e9s pris en application de l\u0027article 258 de la loi du 1er juin 1924\u003C\/p\u003E\u003C\/td\u003E\u003Ctd\u003E\u003Cp align=\u0022center\u0022\u003ED\u00e9claration de l\u0027acte d\u0027assentiment des int\u00e9ress\u00e9s \u00e0 la vente\u003C\/p\u003E\u003C\/td\u003E\u003Ctd\u003E\u003Cp align=\u0022center\u0022\u003E37,73 \u20ac\u003C\/p\u003E\u003C\/td\u003E\u003C\/tr\u003E\u003Ctr\u003E\u003Ctd\u003E\u003Cp align=\u0022center\u0022\u003ERequ\u00eate en homologation\u003C\/p\u003E\u003C\/td\u003E\u003Ctd\u003E\u003Cp align=\u0022center\u0022\u003E37,73 \u20ac\u003C\/p\u003E\u003C\/td\u003E\u003C\/tr\u003E\u003Ctr\u003E\u003Ctd\u003E\u003Cp align=\u0022center\u0022\u003ERetrait de proc\u00e9dure\u003C\/p\u003E\u003C\/td\u003E\u003Ctd\u003E\u003Cp align=\u0022center\u0022\u003E37,73 \u20ac\u003C\/p\u003E\u003C\/td\u003E\u003C\/tr\u003E\u003Ctr\u003E\u003Ctd colspan=\u00222\u0022\u003E\u003Cp align=\u0022center\u0022\u003EConsentement des int\u00e9ress\u00e9s \u00e0 la vente en application de l\u0027article 259 de la Loi du 1er juin 1924\u003C\/p\u003E\u003C\/td\u003E\u003Ctd\u003E\u003Cp align=\u0022center\u0022\u003E37,73 \u20ac\u003C\/p\u003E\u003C\/td\u003E\u003C\/tr\u003E\u003Ctr\u003E\u003Ctd colspan=\u00222\u0022\u003E\u003Cp align=\u0022center\u0022\u003ERequ\u00eate en autorisation de vente par adjudication en application de l\u0027article 260 de la Loi du 1er juin 1924\u003C\/p\u003E\u003C\/td\u003E\u003Ctd\u003E\u003Cp align=\u0022center\u0022\u003E37,73 \u20ac\u003C\/p\u003E\u003C\/td\u003E\u003C\/tr\u003E\u003Ctr\u003E\u003Ctd colspan=\u00222\u0022\u003E\u003Cp align=\u0022center\u0022\u003ERequ\u00eate en vente volontaire d\u0027immeuble par acceptation e succession \u00e0 concurrence de l\u0027actif net ou en vacance de succession en application de l\u0027article 261 de la Loi du 1er juin 1924\u003C\/p\u003E\u003C\/td\u003E\u003Ctd\u003E\u003Cp align=\u0022center\u0022\u003E37,73 \u20ac\u003C\/p\u003E\u003C\/td\u003E\u003C\/tr\u003E\u003Ctr\u003E\u003Ctd colspan=\u00222\u0022\u003E\u003Cp align=\u0022center\u0022\u003ERequ\u00eate en autorisation de vente en cas de personne prot\u00e9g\u00e9e \u00e9trang\u00e8re en application de l\u0027article 262 de la Loi du 1er juin 1924\u003C\/p\u003E\u003C\/td\u003E\u003Ctd\u003E\u003Cp align=\u0022center\u0022\u003E37,73 \u20ac\u003C\/p\u003E\u003C\/td\u003E\u003C\/tr\u003E\u003C\/tbody\u003E\u003C\/table\u003E\u003Cp\u003E\u003Cstrong\u003EDonnent lieu \u00e0 la perception d\u2019un \u00e9molument fixe les actes et formalit\u00e9s relatifs \u00e0 l\u0027ex\u00e9cution forc\u00e9e immobili\u00e8re pris en application de l\u0027article 141 de la Loi du 1er juin 1924 conform\u00e9ment au tableau ci-apr\u00e8s :\u0026nbsp;\u003C\/strong\u003E\u003C\/p\u003E\u003Ctable class=\u0022MsoTableGrid\u0022\u003E\u003Ctbody\u003E\u003Ctr\u003E\u003Ctd\u003E\u003Cp align=\u0022center\u0022\u003E\u003Cstrong\u003ED\u00c9SIGNATION DE LA PRESTATION\u003C\/strong\u003E\u003C\/p\u003E\u003C\/td\u003E\u003Ctd\u003E\u003Cp align=\u0022center\u0022\u003E\u003Cstrong\u003E\u00c9MOLUMENT\u003C\/strong\u003E\u003C\/p\u003E\u003C\/td\u003E\u003C\/tr\u003E\u003Ctr\u003E\u003Ctd\u003E\u003Cp align=\u0022center\u0022\u003EDemande introductive\u003C\/p\u003E\u003C\/td\u003E\u003Ctd\u003E\u003Cp align=\u0022center\u0022\u003E75,45 \u20ac\u003C\/p\u003E\u003C\/td\u003E\u003C\/tr\u003E\u003Ctr\u003E\u003Ctd\u003E\u003Cp align=\u0022center\u0022\u003ED\u00e9signation du fond\u00e9 de pouvoir \u00e0 l\u0027\u00e9tranger\u003C\/p\u003E\u003C\/td\u003E\u003Ctd\u003E\u003Cp align=\u0022center\u0022\u003E26,41 \u20ac\u003C\/p\u003E\u003C\/td\u003E\u003C\/tr\u003E\u003C\/tbody\u003E\u003C\/table\u003E\u003Cp\u003E\u003Cstrong\u003EDonnent lieu \u00e0 la perception d\u2019un \u00e9molument fixe les actes et formalit\u00e9s relatifs \u00e0 l\u0027ex\u00e9cution forc\u00e9e immobili\u00e8re pris en application de l\u0027article 145 de la Loi du 1er juin 1924 conform\u00e9ment au tableau ci-apr\u00e8s :\u0026nbsp;\u003C\/strong\u003E\u003C\/p\u003E\u003Ctable class=\u0022MsoTableGrid\u0022\u003E\u003Ctbody\u003E\u003Ctr\u003E\u003Ctd\u003E\u003Cp align=\u0022center\u0022\u003E\u003Cstrong\u003ED\u00c9SIGNATION DE LA PRESTATION\u003C\/strong\u003E\u003C\/p\u003E\u003C\/td\u003E\u003Ctd\u003E\u003Cp align=\u0022center\u0022\u003E\u003Cstrong\u003E\u00c9MOLUMENT\u003C\/strong\u003E\u003C\/p\u003E\u003C\/td\u003E\u003C\/tr\u003E\u003Ctr\u003E\u003Ctd\u003E\u003Cp align=\u0022center\u0022\u003ERequ\u00eate en d\u00e9signation du curateur\u003C\/p\u003E\u003C\/td\u003E\u003Ctd\u003E\u003Cp align=\u0022center\u0022\u003E37,73 \u20ac\u003C\/p\u003E\u003C\/td\u003E\u003C\/tr\u003E\u003Ctr\u003E\u003Ctd\u003E\u003Cp align=\u0022center\u0022\u003ERequ\u00eate au tribunal des tutelles en nomination d\u0027administrateur des biens de non-pr\u00e9sent\u003C\/p\u003E\u003C\/td\u003E\u003Ctd\u003E\u003Cp align=\u0022center\u0022\u003E37,73 \u20ac\u003C\/p\u003E\u003C\/td\u003E\u003C\/tr\u003E\u003C\/tbody\u003E\u003C\/table\u003E\u003Cp\u003E\u003Cstrong\u003EDonnent lieu \u00e0 la perception d\u2019un \u00e9molument fixe les actes et formalit\u00e9s relatifs \u00e0 l\u0027ex\u00e9cution forc\u00e9e immobili\u00e8re pris en application de l\u0027article 147 de la Loi du 1er juin 1924 conform\u00e9ment au tableau ci-apr\u00e8s :\u003C\/strong\u003E\u003C\/p\u003E\u003Ctable class=\u0022MsoTableGrid\u0022\u003E\u003Ctbody\u003E\u003Ctr\u003E\u003Ctd colspan=\u00222\u0022\u003E\u003Cp align=\u0022center\u0022\u003E\u003Cstrong\u003ED\u00c9SIGNATION DE LA PRESTATION\u003C\/strong\u003E\u003C\/p\u003E\u003C\/td\u003E\u003Ctd\u003E\u003Cp align=\u0022center\u0022\u003E\u003Cstrong\u003E\u00c9MOLUMENT\u003C\/strong\u003E\u003C\/p\u003E\u003C\/td\u003E\u003C\/tr\u003E\u003Ctr\u003E\u003Ctd rowspan=\u00222\u0022\u003E\u003Cp align=\u0022center\u0022\u003EConvocation\u003C\/p\u003E\u003C\/td\u003E\u003Ctd\u003E\u003Cp align=\u0022center\u0022\u003ER\u00e9daction\u003C\/p\u003E\u003C\/td\u003E\u003Ctd\u003E\u003Cp align=\u0022center\u0022\u003E37,73 \u20ac\u003C\/p\u003E\u003C\/td\u003E\u003C\/tr\u003E\u003Ctr\u003E\u003Ctd\u003E\u003Cp align=\u0022center\u0022\u003EPar convocation\u003C\/p\u003E\u003C\/td\u003E\u003Ctd\u003E\u003Cp align=\u0022center\u0022\u003E15,09 \u20ac\u003C\/p\u003E\u003C\/td\u003E\u003C\/tr\u003E\u003Ctr\u003E\u003Ctd colspan=\u00222\u0022\u003E\u003Cp align=\u0022center\u0022\u003EProc\u00e8s-verbal des d\u00e9bats\u003C\/p\u003E\u003C\/td\u003E\u003Ctd\u003E\u003Cp align=\u0022center\u0022\u003E113,20 \u20ac\u003C\/p\u003E\u003C\/td\u003E\u003C\/tr\u003E\u003Ctr\u003E\u003Ctd colspan=\u00222\u0022\u003E\u003Cp align=\u0022center\u0022\u003EMise \u00e0 jour au livre foncier\u003C\/p\u003E\u003C\/td\u003E\u003Ctd\u003E\u003Cp align=\u0022center\u0022\u003E3,78 \u20ac\u003C\/p\u003E\u003C\/td\u003E\u003C\/tr\u003E\u003C\/tbody\u003E\u003C\/table\u003E\u003Cp\u003EL\u2019\u00e9tablissement du cahier des charges relatif \u00e0 l\u0027ex\u00e9cution forc\u00e9e immobili\u00e8re pris en application de l\u0027article 148 de la Loi du 1er juin 1924 donne lieu \u00e0 la perception d\u2019un \u00e9molument fixe de 188,66 \u20ac.\u003C\/p\u003E\u003Cp\u003E\u003Cstrong\u003EDonnent lieu \u00e0 la perception d\u2019un \u00e9molument fixe les prestations suivantes :\u003C\/strong\u003E\u003C\/p\u003E\u003Ctable class=\u0022MsoTableGrid\u0022\u003E\u003Ctbody\u003E\u003Ctr\u003E\u003Ctd colspan=\u00223\u0022\u003E\u003Cp align=\u0022center\u0022\u003E\u003Cstrong\u003ED\u00c9SIGNATION DE LA PRESTATION\u003C\/strong\u003E\u003C\/p\u003E\u003C\/td\u003E\u003Ctd colspan=\u00222\u0022\u003E\u003Cp align=\u0022center\u0022\u003E\u003Cstrong\u003E\u00c9MOLUMENT\u003C\/strong\u003E\u003C\/p\u003E\u003C\/td\u003E\u003C\/tr\u003E\u003Ctr\u003E\u003Ctd colspan=\u00223\u0022\u003E\u003Cp align=\u0022center\u0022\u003ED\u00e9signation d\u0027un fond\u00e9 de pouvoir\u003C\/p\u003E\u003C\/td\u003E\u003Ctd colspan=\u00222\u0022\u003E\u003Cp align=\u0022center\u0022\u003E26,41 \u20ac\u003C\/p\u003E\u003C\/td\u003E\u003C\/tr\u003E\u003Ctr\u003E\u003Ctd rowspan=\u00222\u0022\u003E\u003Cp align=\u0022center\u0022\u003ED\u00e9p\u00f4t de procuration entre les mains du notaire\u003C\/p\u003E\u003C\/td\u003E\u003Ctd colspan=\u00222\u0022\u003E\u003Cp align=\u0022center\u0022\u003ED\u00e9p\u00f4t avec reconnaissance d\u0027\u00e9criture et de signature\u003C\/p\u003E\u003C\/td\u003E\u003Ctd colspan=\u00222\u0022\u003E\u003Cp align=\u0022center\u0022\u003E26,41 \u20ac\u003C\/p\u003E\u003C\/td\u003E\u003C\/tr\u003E\u003Ctr\u003E\u003Ctd colspan=\u00222\u0022\u003E\u003Cp align=\u0022center\u0022\u003ED\u00e9p\u00f4t sans reconnaissance d\u0027\u00e9criture et de signature\u003C\/p\u003E\u003C\/td\u003E\u003Ctd colspan=\u00222\u0022\u003E\u003Cp align=\u0022center\u0022\u003E18,87 \u20ac\u003C\/p\u003E\u003C\/td\u003E\u003C\/tr\u003E\u003Ctr\u003E\u003Ctd colspan=\u00223\u0022\u003E\u003Cp align=\u0022center\u0022\u003EL\u00e9galisation de signature\u003C\/p\u003E\u003C\/td\u003E\u003Ctd colspan=\u00222\u0022\u003E\u003Cp align=\u0022center\u0022\u003E18,87 \u20ac\u003C\/p\u003E\u003C\/td\u003E\u003C\/tr\u003E\u003Ctr\u003E\u003Ctd colspan=\u00223\u0022\u003E\u003Cp align=\u0022center\u0022\u003EVisite des lieux et proc\u00e8s-verbal\u003C\/p\u003E\u003C\/td\u003E\u003Ctd colspan=\u00222\u0022\u003E\u003Cp align=\u0022center\u0022\u003E188,66 \u20ac\u003C\/p\u003E\u003C\/td\u003E\u003C\/tr\u003E\u003Ctr\u003E\u003Ctd rowspan=\u00222\u0022\u003E\u003Cp align=\u0022center\u0022\u003EPublications en application de l\u0027article 150 de la Loi du 1er juin 1924\u003C\/p\u003E\u003C\/td\u003E\u003Ctd colspan=\u00222\u0022\u003E\u003Cp align=\u0022center\u0022\u003EAffichage, par texte et par destinataire\u003C\/p\u003E\u003C\/td\u003E\u003Ctd colspan=\u00222\u0022\u003E\u003Cp align=\u0022center\u0022\u003E37,73 \u20ac\u003C\/p\u003E\u003C\/td\u003E\u003C\/tr\u003E\u003Ctr\u003E\u003Ctd colspan=\u00222\u0022\u003E\u003Cp align=\u0022center\u0022\u003EEnvoi d\u0027exemplaires, par destinataires\u003C\/p\u003E\u003C\/td\u003E\u003Ctd colspan=\u00222\u0022\u003E\u003Cp align=\u0022center\u0022\u003E15,09 \u20ac\u003C\/p\u003E\u003C\/td\u003E\u003C\/tr\u003E\u003Ctr\u003E\u003Ctd rowspan=\u00226\u0022\u003E\u003Cp align=\u0022center\u0022\u003EActes et formalit\u00e9s pris en application en application des articles 153 et 157 de la Loi du 1er juin 1924\u003C\/p\u003E\u003C\/td\u003E\u003Ctd colspan=\u00222\u0022 rowspan=\u00225\u0022\u003E\u003Cp align=\u0022center\u0022\u003EProc\u00e8s-verbal d\u0027adjudication, le cahier des charges \u00e9tant automatiquement r\u00e9dig\u00e9 par le notaire\u003C\/p\u003E\u003C\/td\u003E\u003Ctd\u003E\u003Cp align=\u0022center\u0022\u003E\u003Cstrong\u003ETranches d\u0027assiette\u003C\/strong\u003E\u003C\/p\u003E\u003C\/td\u003E\u003Ctd valign=\u0022top\u0022\u003E\u003Cp align=\u0022center\u0022\u003E\u003Cstrong\u003ETaux applicable\u003C\/strong\u003E\u003C\/p\u003E\u003C\/td\u003E\u003C\/tr\u003E\u003Ctr\u003E\u003Ctd\u003E\u003Cp align=\u0022center\u0022\u003EDe 0 \u00e0 6\u0026nbsp;500 \u20ac\u003C\/p\u003E\u003C\/td\u003E\u003Ctd\u003E\u003Cp align=\u0022center\u0022\u003E7,257 %\u003C\/p\u003E\u003C\/td\u003E\u003C\/tr\u003E\u003Ctr\u003E\u003Ctd\u003E\u003Cp align=\u0022center\u0022\u003EDe 6\u0026nbsp;501 \u20ac \u00e0 17\u0026nbsp;000 \u20ac\u003C\/p\u003E\u003C\/td\u003E\u003Ctd\u003E\u003Cp align=\u0022center\u0022\u003E2,999 %\u003C\/p\u003E\u003C\/td\u003E\u003C\/tr\u003E\u003Ctr\u003E\u003Ctd\u003E\u003Cp align=\u0022center\u0022\u003EDe 17\u0026nbsp;001 \u20ac \u00e0 60\u0026nbsp;000 \u20ac\u003C\/p\u003E\u003C\/td\u003E\u003Ctd\u003E\u003Cp align=\u0022center\u0022\u003E1,995 %\u003C\/p\u003E\u003C\/td\u003E\u003C\/tr\u003E\u003Ctr\u003E\u003Ctd\u003E\u003Cp align=\u0022center\u0022\u003EPlus de 60\u0026nbsp;000 \u20ac\u003C\/p\u003E\u003C\/td\u003E\u003Ctd\u003E\u003Cp align=\u0022center\u0022\u003E1,497 %\u003C\/p\u003E\u003C\/td\u003E\u003C\/tr\u003E\u003Ctr\u003E\u003Ctd colspan=\u00222\u0022\u003E\u003Cp align=\u0022center\u0022\u003EAbandon de proc\u00e9dure\u003C\/p\u003E\u003C\/td\u003E\u003Ctd colspan=\u00222\u0022\u003E\u003Cp align=\u0022center\u0022\u003E37,73 \u20ac\u003C\/p\u003E\u003C\/td\u003E\u003C\/tr\u003E\u003Ctr\u003E\u003Ctd colspan=\u00223\u0022\u003E\u003Cp align=\u0022center\u0022\u003ED\u00e9claration de command pr\u00e9vu par l\u0027article 155 de la loi du 1er juin 1924\u003C\/p\u003E\u003C\/td\u003E\u003Ctd colspan=\u00222\u0022\u003E\u003Cp align=\u0022center\u0022\u003E37,73 \u20ac\u003C\/p\u003E\u003C\/td\u003E\u003C\/tr\u003E\u003Ctr\u003E\u003Ctd colspan=\u00223\u0022\u003E\u003Cp align=\u0022center\u0022\u003ENotification de s\u00e9questre judiciaire de l\u0027immeuble pr\u00e9vue par l\u0027article 164 de la loi du 1er juin 1924, par convocation\u003C\/p\u003E\u003C\/td\u003E\u003Ctd colspan=\u00222\u0022\u003E\u003Cp align=\u0022center\u0022\u003E15,09 \u20ac\u003C\/p\u003E\u003C\/td\u003E\u003C\/tr\u003E\u003Ctr\u003E\u003Ctd rowspan=\u00226\u0022\u003E\u003Cp align=\u0022center\u0022\u003EActes et formalit\u00e9s pris en application de l\u0027article 195 de la Loi du 1er juin 1924\u003C\/p\u003E\u003C\/td\u003E\u003Ctd colspan=\u00222\u0022 rowspan=\u00225\u0022\u003E\u003Cp align=\u0022center\u0022\u003EDistribution amiable\u003C\/p\u003E\u003C\/td\u003E\u003Ctd\u003E\u003Cp align=\u0022center\u0022\u003E\u003Cstrong\u003ETranches d\u0027assiette\u003C\/strong\u003E\u003C\/p\u003E\u003C\/td\u003E\u003Ctd valign=\u0022top\u0022\u003E\u003Cp align=\u0022center\u0022\u003E\u003Cstrong\u003ETaux applicable\u003C\/strong\u003E\u003C\/p\u003E\u003C\/td\u003E\u003C\/tr\u003E\u003Ctr\u003E\u003Ctd\u003E\u003Cp align=\u0022center\u0022\u003EDe 0 \u00e0 6\u0026nbsp;500 \u20ac\u003C\/p\u003E\u003C\/td\u003E\u003Ctd\u003E\u003Cp align=\u0022center\u0022\u003E3,870 %\u003C\/p\u003E\u003C\/td\u003E\u003C\/tr\u003E\u003Ctr\u003E\u003Ctd\u003E\u003Cp align=\u0022center\u0022\u003EDe 6\u0026nbsp;501 \u20ac \u00e0 17\u0026nbsp;000 \u20ac\u003C\/p\u003E\u003C\/td\u003E\u003Ctd\u003E\u003Cp align=\u0022center\u0022\u003E1,596 %\u003C\/p\u003E\u003C\/td\u003E\u003C\/tr\u003E\u003Ctr\u003E\u003Ctd\u003E\u003Cp align=\u0022center\u0022\u003EDe 17\u0026nbsp;001 \u20ac \u00e0 60\u0026nbsp;000 \u20ac\u003C\/p\u003E\u003C\/td\u003E\u003Ctd\u003E\u003Cp align=\u0022center\u0022\u003E1,064 %\u003C\/p\u003E\u003C\/td\u003E\u003C\/tr\u003E\u003Ctr\u003E\u003Ctd\u003E\u003Cp align=\u0022center\u0022\u003EPlus de 60\u0026nbsp;000 \u20ac\u003C\/p\u003E\u003C\/td\u003E\u003Ctd\u003E\u003Cp align=\u0022center\u0022\u003E0,799 %\u003C\/p\u003E\u003C\/td\u003E\u003C\/tr\u003E\u003Ctr\u003E\u003Ctd colspan=\u00222\u0022\u003E\u003Cp align=\u0022center\u0022\u003ERetrait de proc\u00e9dure\u003C\/p\u003E\u003C\/td\u003E\u003Ctd colspan=\u00222\u0022\u003E\u003Cp align=\u0022center\u0022\u003E37,73 \u20ac\u003C\/p\u003E\u003C\/td\u003E\u003C\/tr\u003E\u003Ctr\u003E\u003Ctd rowspan=\u00223\u0022\u003E\u003Cp align=\u0022center\u0022\u003EActes et formalit\u00e9s relatifs \u00e0 l\u0027ouverture de la proc\u00e9dure de distribution en application de l\u0027article 196 de la Loi du 1er juin 1924\u003C\/p\u003E\u003C\/td\u003E\u003Ctd colspan=\u00222\u0022\u003E\u003Cp align=\u0022center\u0022\u003EProc\u00e8s-verbal d\u0027ouverture\u003C\/p\u003E\u003C\/td\u003E\u003Ctd colspan=\u00222\u0022\u003E\u003Cp align=\u0022center\u0022\u003E75,46 \u20ac\u003C\/p\u003E\u003C\/td\u003E\u003C\/tr\u003E\u003Ctr\u003E\u003Ctd rowspan=\u00222\u0022\u003E\u003Cp align=\u0022center\u0022\u003ESommation de produire\u003C\/p\u003E\u003C\/td\u003E\u003Ctd\u003E\u003Cp align=\u0022center\u0022\u003ER\u00e9daction\u003C\/p\u003E\u003C\/td\u003E\u003Ctd colspan=\u00222\u0022\u003E\u003Cp align=\u0022center\u0022\u003E37,73 \u20ac\u003C\/p\u003E\u003C\/td\u003E\u003C\/tr\u003E\u003Ctr\u003E\u003Ctd\u003E\u003Cp align=\u0022center\u0022\u003EPar signification\u003C\/p\u003E\u003C\/td\u003E\u003Ctd colspan=\u00222\u0022\u003E\u003Cp align=\u0022center\u0022\u003E15,09 \u20ac\u003C\/p\u003E\u003C\/td\u003E\u003C\/tr\u003E\u003Ctr\u003E\u003Ctd colspan=\u00223\u0022\u003E\u003Cp align=\u0022center\u0022\u003EProc\u00e8s-verbal de production pr\u00e9vu par l\u0027article 197 de la Loi du 1er juin 1924\u003C\/p\u003E\u003C\/td\u003E\u003Ctd colspan=\u00222\u0022\u003E\u003Cp align=\u0022center\u0022\u003E188,66 \u20ac\u003C\/p\u003E\u003C\/td\u003E\u003C\/tr\u003E\u003Ctr\u003E\u003Ctd rowspan=\u00222\u0022\u003E\u003Cp align=\u0022center\u0022\u003EActes et formalit\u00e9s relatifs \u00e0 la collocation pr\u00e9vue par l\u0027article 200 de la Loi du 1er juin 1924\u003C\/p\u003E\u003C\/td\u003E\u003Ctd colspan=\u00222\u0022\u003E\u003Cp align=\u0022center\u0022\u003EEtat de collocation\u003C\/p\u003E\u003C\/td\u003E\u003Ctd colspan=\u00222\u0022\u003E\u003Cp align=\u0022center\u0022\u003EMoiti\u00e9 des \u00e9moluments pour distribution amiable\u003C\/p\u003E\u003C\/td\u003E\u003C\/tr\u003E\u003Ctr\u003E\u003Ctd colspan=\u00222\u0022\u003E\u003Cp align=\u0022center\u0022\u003ECl\u00f4ture de collocation\u003C\/p\u003E\u003C\/td\u003E\u003Ctd colspan=\u00222\u0022\u003E\u003Cp align=\u0022center\u0022\u003EMoiti\u00e9 des \u00e9moluments pour distribution amiable\u003C\/p\u003E\u003C\/td\u003E\u003C\/tr\u003E\u003Ctr\u003E\u003Ctd rowspan=\u00224\u0022\u003E\u003Cp align=\u0022center\u0022\u003EActes et formalit\u00e9s pr\u00e9vus par l\u0027article 201 de la Loi du 1er juin 1924\u003C\/p\u003E\u003C\/td\u003E\u003Ctd rowspan=\u00222\u0022\u003E\u003Cp align=\u0022center\u0022\u003EFixation du jour\u003C\/p\u003E\u003C\/td\u003E\u003Ctd\u003E\u003Cp align=\u0022center\u0022\u003ER\u00e9daction\u003C\/p\u003E\u003C\/td\u003E\u003Ctd colspan=\u00222\u0022\u003E\u003Cp align=\u0022center\u0022\u003E37,73 \u20ac\u003C\/p\u003E\u003C\/td\u003E\u003C\/tr\u003E\u003Ctr\u003E\u003Ctd\u003E\u003Cp align=\u0022center\u0022\u003EPar notification\u003C\/p\u003E\u003C\/td\u003E\u003Ctd colspan=\u00222\u0022\u003E\u003Cp align=\u0022center\u0022\u003E15,09 \u20ac\u003C\/p\u003E\u003C\/td\u003E\u003C\/tr\u003E\u003Ctr\u003E\u003Ctd rowspan=\u00222\u0022\u003E\u003Cp align=\u0022center\u0022\u003ESommation de compara\u00eetre et avis\u003C\/p\u003E\u003C\/td\u003E\u003Ctd\u003E\u003Cp align=\u0022center\u0022\u003ER\u00e9daction\u003C\/p\u003E\u003C\/td\u003E\u003Ctd colspan=\u00222\u0022\u003E\u003Cp align=\u0022center\u0022\u003E37,73 \u20ac\u003C\/p\u003E\u003C\/td\u003E\u003C\/tr\u003E\u003Ctr\u003E\u003Ctd\u003E\u003Cp align=\u0022center\u0022\u003EPar notification\u003C\/p\u003E\u003C\/td\u003E\u003Ctd colspan=\u00222\u0022\u003E\u003Cp align=\u0022center\u0022\u003E15,09 \u20ac\u003C\/p\u003E\u003C\/td\u003E\u003C\/tr\u003E\u003Ctr\u003E\u003Ctd colspan=\u00223\u0022\u003E\u003Cp align=\u0022center\u0022\u003EMandat de repr\u00e9sentation en ex\u00e9cution forc\u00e9e, administration forc\u00e9e ou distribution\u003C\/p\u003E\u003C\/td\u003E\u003Ctd colspan=\u00222\u0022\u003E\u003Cp align=\u0022center\u0022\u003E26,41 \u20ac\u003C\/p\u003E\u003C\/td\u003E\u003C\/tr\u003E\u003C\/tbody\u003E\u003C\/table\u003E\u003Cp\u003E\u003Cstrong\u003ELes actes et formalit\u00e9s relatifs aux ventes r\u00e9alis\u00e9es dans le cadre d\u0027une proc\u00e9dure collective donnent lieu \u00e0 la perception :\u003C\/strong\u003E\u003C\/p\u003E\u003Cul\u003E\u003Cli\u003Edes \u00e9moluments pr\u00e9vus ci-dessus ;\u003C\/li\u003E\u003Cli\u003Es\u0027agissant de la notification aux cr\u00e9anciers de l\u0027ordonnance de vente sur demande du Tribunal ou du liquidateur, d\u0027un \u00e9molument de 15,09 \u20ac par notification.\u003C\/li\u003E\u003C\/ul\u003E\u003Cp\u003E\u003Cstrong\u003ELes actes et formalit\u00e9s relatifs \u00e0 la proc\u00e9dure de purge donnent lieu \u00e0 la perception :\u003C\/strong\u003E\u003C\/p\u003E\u003Cul\u003E\u003Cli\u003Es\u0027agissant de l\u0027offre de purge, de la moiti\u00e9 des \u00e9moluments pr\u00e9vus pour la distribution amiable ci-dessus ;\u003C\/li\u003E\u003Cli\u003Es\u2019agissant de la proc\u00e9dure de revente sur surench\u00e8re, des \u00e9moluments pr\u00e9vus ci-dessus ;\u003C\/li\u003E\u003Cli\u003Es\u0027agissant de l\u0027envoi des offres de purge aux huissiers, d\u0027un \u00e9molument fixe de 37,73 \u20ac.\u003C\/li\u003E\u003C\/ul\u003E\u003Cp\u003E\u003Cstrong\u003ELes actes et formalit\u00e9s relatifs aux associations et fondations donnent lieu \u00e0 la perception d\u0027\u00e9moluments conform\u00e9ment au tableau ci-apr\u00e8s :\u003C\/strong\u003E\u003Cbr\u003E\u0026nbsp;\u003C\/p\u003E\u003Ctable class=\u0022MsoTableGrid\u0022\u003E\u003Ctbody\u003E\u003Ctr\u003E\u003Ctd\u003E\u003Cp align=\u0022center\u0022\u003E\u003Cstrong\u003ED\u00c9SIGNATION DE LA PRESTATION\u003C\/strong\u003E\u003C\/p\u003E\u003C\/td\u003E\u003Ctd colspan=\u00222\u0022\u003E\u003Cp align=\u0022center\u0022\u003E\u003Cstrong\u003E\u00c9MOLUMENT\u003C\/strong\u003E\u003C\/p\u003E\u003C\/td\u003E\u003C\/tr\u003E\u003Ctr\u003E\u003Ctd rowspan=\u00225\u0022\u003E\u003Cp align=\u0022center\u0022\u003ER\u00e9daction des statuts, en cas d\u0027apport de biens soumis \u00e0 publicit\u00e9 fonci\u00e8re\u003C\/p\u003E\u003C\/td\u003E\u003Ctd\u003E\u003Cp align=\u0022center\u0022\u003E\u003Cstrong\u003ETranches d\u0027assiette\u003C\/strong\u003E\u003C\/p\u003E\u003C\/td\u003E\u003Ctd valign=\u0022top\u0022\u003E\u003Cp align=\u0022center\u0022\u003E\u003Cstrong\u003ETaux applicable\u003C\/strong\u003E\u003C\/p\u003E\u003C\/td\u003E\u003C\/tr\u003E\u003Ctr\u003E\u003Ctd\u003E\u003Cp align=\u0022center\u0022\u003EDe 0 \u00e0 6\u0026nbsp;500 \u20ac\u003C\/p\u003E\u003C\/td\u003E\u003Ctd\u003E\u003Cp align=\u0022center\u0022\u003E3,87 %\u003C\/p\u003E\u003C\/td\u003E\u003C\/tr\u003E\u003Ctr\u003E\u003Ctd\u003E\u003Cp align=\u0022center\u0022\u003EDe 6\u0026nbsp;501 \u20ac \u00e0 17\u0026nbsp;000 \u20ac\u003C\/p\u003E\u003C\/td\u003E\u003Ctd\u003E\u003Cp align=\u0022center\u0022\u003E1,596 %\u003C\/p\u003E\u003C\/td\u003E\u003C\/tr\u003E\u003Ctr\u003E\u003Ctd\u003E\u003Cp align=\u0022center\u0022\u003EDe 17\u0026nbsp;001 \u20ac \u00e0 60\u0026nbsp;000 \u20ac\u003C\/p\u003E\u003C\/td\u003E\u003Ctd\u003E\u003Cp align=\u0022center\u0022\u003E1,064 %\u003C\/p\u003E\u003C\/td\u003E\u003C\/tr\u003E\u003Ctr\u003E\u003Ctd\u003E\u003Cp align=\u0022center\u0022\u003EPlus de 60\u0026nbsp;000 \u20ac\u003C\/p\u003E\u003C\/td\u003E\u003Ctd\u003E\u003Cp align=\u0022center\u0022\u003E0,799 %\u003C\/p\u003E\u003C\/td\u003E\u003C\/tr\u003E\u003Ctr\u003E\u003Ctd\u003E\u003Cp align=\u0022center\u0022\u003ERequ\u00eate en inscription de l\u0027association\u003C\/p\u003E\u003C\/td\u003E\u003Ctd colspan=\u00222\u0022\u003E\u003Cp align=\u0022center\u0022\u003E37,73 \u20ac\u003C\/p\u003E\u003C\/td\u003E\u003C\/tr\u003E\u003Ctr\u003E\u003Ctd rowspan=\u00225\u0022\u003E\u003Cp align=\u0022center\u0022\u003EPartage ou d\u00e9volution apr\u00e8s dissolution\u003C\/p\u003E\u003C\/td\u003E\u003Ctd\u003E\u003Cp align=\u0022center\u0022\u003E\u003Cstrong\u003ETranches d\u0027assiette\u003C\/strong\u003E\u003C\/p\u003E\u003C\/td\u003E\u003Ctd valign=\u0022top\u0022\u003E\u003Cp align=\u0022center\u0022\u003E\u003Cstrong\u003ETaux applicable\u003C\/strong\u003E\u003C\/p\u003E\u003C\/td\u003E\u003C\/tr\u003E\u003Ctr\u003E\u003Ctd\u003E\u003Cp align=\u0022center\u0022\u003EDe 0 \u00e0 6\u0026nbsp;500 \u20ac\u003C\/p\u003E\u003C\/td\u003E\u003Ctd\u003E\u003Cp align=\u0022center\u0022\u003E4,837 %\u003C\/p\u003E\u003C\/td\u003E\u003C\/tr\u003E\u003Ctr\u003E\u003Ctd\u003E\u003Cp align=\u0022center\u0022\u003EDe 6\u0026nbsp;501 \u20ac \u00e0 17\u0026nbsp;000 \u20ac\u003C\/p\u003E\u003C\/td\u003E\u003Ctd\u003E\u003Cp align=\u0022center\u0022\u003E1,996 %\u003C\/p\u003E\u003C\/td\u003E\u003C\/tr\u003E\u003Ctr\u003E\u003Ctd\u003E\u003Cp align=\u0022center\u0022\u003EDe 17\u0026nbsp;001 \u20ac \u00e0 60\u0026nbsp;000 \u20ac\u003C\/p\u003E\u003C\/td\u003E\u003Ctd\u003E\u003Cp align=\u0022center\u0022\u003E1,33 %\u003C\/p\u003E\u003C\/td\u003E\u003C\/tr\u003E\u003Ctr\u003E\u003Ctd\u003E\u003Cp align=\u0022center\u0022\u003EPlus de 60\u0026nbsp;000 \u20ac\u003C\/p\u003E\u003C\/td\u003E\u003Ctd\u003E\u003Cp align=\u0022center\u0022\u003E0,998 %\u003C\/p\u003E\u003C\/td\u003E\u003C\/tr\u003E\u003C\/tbody\u003E\u003C\/table\u003E\u003Cp\u003ELes pourvois en mati\u00e8re de livre foncier, de certificat d\u0027h\u00e9ritier, de certificat d\u0027ex\u00e9cuteur testamentaire, de certificat de non-dommageabilit\u00e9, d\u0027associations, d\u0027ex\u00e9cution forc\u00e9e, d\u0027administration forc\u00e9e, de partage judiciaire, et de proc\u00e9dure de taxe donnent lieu \u00e0 la perception d\u0027un \u00e9molument fixe de 98,10 \u20ac.\u003C\/p\u003E\u003Cp\u003EL\u0027\u00e9tablissement d\u0027une procuration en mati\u00e8re de partage judiciaire, d\u0027ex\u00e9cution forc\u00e9e, de soumission \u00e0 l\u0027ex\u00e9cution forc\u00e9e dans un acte, et d\u0027administration forc\u00e9e donne lieu \u00e0 la perception d\u0027un \u00e9molument fixe de 26,41 \u20ac.\u003C\/p\u003E\u003Cp\u003ELa l\u00e9galisation authentique ainsi que la l\u00e9galisation dans le cadre d\u0027une requ\u00eate s\u00e9par\u00e9e au livre foncier, donne lieu \u00e0 la perception d\u0027un \u00e9molument fixe de 18,86 \u20ac.\u003C\/p\u003E                                            \u003Cp\u003E\u003Cbr \/\u003E\u003Cstrong\u003ESource :\u003C\/strong\u003E\u003Cstrong\u003E\u00a0\u003C\/strong\u003E\u003C\/p\u003E\u003Cul\u003E\u003Cli\u003E\u003Ca href=\u0022https:\/\/www.legifrance.gouv.fr\/codes\/section_lc\/LEGITEXT000005634379\/LEGISCTA000032132363\/#LEGISCTA000032132363\u0022 target=\u0022_blank\u0022 rel=\u0022noopener\u0022\u003EArticles A 444-176 et suivants du Code de commerce\u003C\/a\u003E\u003C\/li\u003E\u003Cli\u003E\u003Ca href=\u0022https:\/\/www.legifrance.gouv.fr\/jorf\/id\/JORFTEXT000041663457\/\u0022 target=\u0022_blank\u0022 rel=\u0022noopener\u0022\u003EArr\u00eat\u00e9 du 28 f\u00e9vrier 2020 fixant les tarifs r\u00e9glement\u00e9s des notaires\u003C\/a\u003E\u003C\/li\u003E\u003Cli\u003E\u003Ca href=\u0022https:\/\/www.legifrance.gouv.fr\/jorf\/id\/JORFTEXT000045244959\u0022 target=\u0022_blank\u0022 rel=\u0022noopener\u0022\u003EArr\u00eat\u00e9 du 25 f\u00e9vrier 2022 fixant les tarifs r\u00e8glement\u00e9s des notaires\u003C\/a\u003E\u003C\/li\u003E\u003C\/ul\u003E\u003C\/div\u003E","annee":"2025","theme":" Indices, taux, bar\u00e8mes juridiques","activites":["Professionnels du droit et du chiffre"],"image":"https:\/\/www.weblex.fr\/sites\/default\/files\/chiffres_clef\/Shutterstock_hautbasrhinmoselle.jpg","created":"2026-02-17","modified":"2026-02-17"},{"url":"\/chiffres-cles\/tarifs-des-notaires-actes-relatifs-principalement-aux-contrats-et-conventions-lies-aux-biens-immobiliers-et-fonciers-2025","id":27798,"title":"Tarifs des Notaires \u2013 Actes relatifs principalement aux contrats et conventions li\u00e9s aux biens immobiliers et fonciers - 2025","content":"\u003Cdiv\u003E                                              \u003Cp\u003ELe contrat de construction donne lieu \u00e0 la perception d\u0027un \u00e9molument proportionnel au prix convenu, selon le bar\u00e8me suivant :\u003C\/p\u003E\u003Ctable class=\u0022MsoTableGrid\u0022\u003E\u003Ctbody\u003E\u003Ctr\u003E\u003Ctd\u003E\u003Cp align=\u0022center\u0022\u003E\u003Cstrong\u003ETRANCHES D\u2019ASSIETTE\u003C\/strong\u003E\u003C\/p\u003E\u003C\/td\u003E\u003Ctd\u003E\u003Cp align=\u0022center\u0022\u003E\u003Cstrong\u003ETAUX APPLICABLE\u003C\/strong\u003E\u003C\/p\u003E\u003C\/td\u003E\u003C\/tr\u003E\u003Ctr\u003E\u003Ctd valign=\u0022top\u0022\u003E\u003Cp align=\u0022center\u0022\u003EDe 0 \u00e0 6\u0026nbsp;500 \u20ac\u003C\/p\u003E\u003C\/td\u003E\u003Ctd\u003E\u003Cp align=\u0022center\u0022\u003E1,645 %\u003C\/p\u003E\u003C\/td\u003E\u003C\/tr\u003E\u003Ctr\u003E\u003Ctd valign=\u0022top\u0022\u003E\u003Cp align=\u0022center\u0022\u003EDe 6\u0026nbsp;500 \u20ac \u00e0 17\u0026nbsp;000 \u20ac\u003C\/p\u003E\u003C\/td\u003E\u003Ctd\u003E\u003Cp align=\u0022center\u0022\u003E0,905 %\u003C\/p\u003E\u003C\/td\u003E\u003C\/tr\u003E\u003Ctr\u003E\u003Ctd valign=\u0022top\u0022\u003E\u003Cp align=\u0022center\u0022\u003EDe 17\u0026nbsp;000 \u20ac \u00e0 30\u0026nbsp;000 \u20ac\u003C\/p\u003E\u003C\/td\u003E\u003Ctd\u003E\u003Cp align=\u0022center\u0022\u003E0,617 %\u003C\/p\u003E\u003C\/td\u003E\u003C\/tr\u003E\u003Ctr\u003E\u003Ctd valign=\u0022top\u0022\u003E\u003Cp align=\u0022center\u0022\u003EPlus de 30\u0026nbsp;000 \u20ac\u003C\/p\u003E\u003C\/td\u003E\u003Ctd\u003E\u003Cp align=\u0022center\u0022\u003E0,452 %\u003C\/p\u003E\u003C\/td\u003E\u003C\/tr\u003E\u003C\/tbody\u003E\u003C\/table\u003E\u003Cp\u003ELe contrat de promotion immobili\u00e8re donne lieu \u00e0 la perception d\u0027un \u00e9molument proportionnel \u00e0 la r\u00e9mun\u00e9ration convenue du promoteur, selon le bar\u00e8me suivant :\u003C\/p\u003E\u003Ctable class=\u0022MsoTableGrid\u0022\u003E\u003Ctbody\u003E\u003Ctr\u003E\u003Ctd\u003E\u003Cp align=\u0022center\u0022\u003E\u003Cstrong\u003ETRANCHES D\u2019ASSIETTE\u003C\/strong\u003E\u003C\/p\u003E\u003C\/td\u003E\u003Ctd\u003E\u003Cp align=\u0022center\u0022\u003E\u003Cstrong\u003ETAUX APPLICABLE\u003C\/strong\u003E\u003C\/p\u003E\u003C\/td\u003E\u003C\/tr\u003E\u003Ctr\u003E\u003Ctd valign=\u0022top\u0022\u003E\u003Cp align=\u0022center\u0022\u003EDe 0 \u00e0 6\u0026nbsp;500 \u20ac\u003C\/p\u003E\u003C\/td\u003E\u003Ctd\u003E\u003Cp align=\u0022center\u0022\u003E1,645 %\u003C\/p\u003E\u003C\/td\u003E\u003C\/tr\u003E\u003Ctr\u003E\u003Ctd valign=\u0022top\u0022\u003E\u003Cp align=\u0022center\u0022\u003EDe 6\u0026nbsp;500 \u20ac \u00e0 17\u0026nbsp;000 \u20ac\u003C\/p\u003E\u003C\/td\u003E\u003Ctd\u003E\u003Cp align=\u0022center\u0022\u003E0,033 %\u003C\/p\u003E\u003C\/td\u003E\u003C\/tr\u003E\u003Ctr\u003E\u003Ctd valign=\u0022top\u0022\u003E\u003Cp align=\u0022center\u0022\u003EPlus de 17\u0026nbsp;000 \u20ac\u003C\/p\u003E\u003C\/td\u003E\u003Ctd\u003E\u003Cp align=\u0022center\u0022\u003E0,001 %\u003C\/p\u003E\u003C\/td\u003E\u003C\/tr\u003E\u003C\/tbody\u003E\u003C\/table\u003E\u003Cp\u003ELa convention d\u0027indivision donne lieu \u00e0 la perception :\u003C\/p\u003E\u003Cul\u003E\u003Cli\u003Elorsque la valeur de l\u0027assiette est inf\u00e9rieure ou \u00e9gale \u00e0 29 800 \u20ac, d\u0027un \u00e9molument fixe de 264,12 \u20ac ;\u003C\/li\u003E\u003Cli\u003Elorsque cette valeur d\u00e9passe le seuil de 29 800 \u20ac, d\u0027un \u00e9molument proportionnel, selon le bar\u00e8me suivant :\u003C\/li\u003E\u003C\/ul\u003E\u003Ctable class=\u0022MsoTableGrid\u0022\u003E\u003Ctbody\u003E\u003Ctr\u003E\u003Ctd\u003E\u003Cp align=\u0022center\u0022\u003E\u003Cstrong\u003ETRANCHES D\u2019ASSIETTE\u003C\/strong\u003E\u003C\/p\u003E\u003C\/td\u003E\u003Ctd\u003E\u003Cp align=\u0022center\u0022\u003E\u003Cstrong\u003ETAUX APPLICABLE\u003C\/strong\u003E\u003C\/p\u003E\u003C\/td\u003E\u003C\/tr\u003E\u003Ctr\u003E\u003Ctd valign=\u0022top\u0022\u003E\u003Cp align=\u0022center\u0022\u003EDe 0 \u00e0 6\u0026nbsp;500 \u20ac\u003C\/p\u003E\u003C\/td\u003E\u003Ctd\u003E\u003Cp align=\u0022center\u0022\u003E1,548 %\u003C\/p\u003E\u003C\/td\u003E\u003C\/tr\u003E\u003Ctr\u003E\u003Ctd valign=\u0022top\u0022\u003E\u003Cp align=\u0022center\u0022\u003EDe 6\u0026nbsp;500 \u20ac \u00e0 17\u0026nbsp;000 \u20ac\u003C\/p\u003E\u003C\/td\u003E\u003Ctd\u003E\u003Cp align=\u0022center\u0022\u003E0,851 %\u003C\/p\u003E\u003C\/td\u003E\u003C\/tr\u003E\u003Ctr\u003E\u003Ctd valign=\u0022top\u0022\u003E\u003Cp align=\u0022center\u0022\u003EDe 17\u0026nbsp;000 \u20ac \u00e0 30\u0026nbsp;000 \u20ac\u003C\/p\u003E\u003C\/td\u003E\u003Ctd\u003E\u003Cp align=\u0022center\u0022\u003E0,580 %\u003C\/p\u003E\u003C\/td\u003E\u003C\/tr\u003E\u003Ctr\u003E\u003Ctd valign=\u0022top\u0022\u003E\u003Cp align=\u0022center\u0022\u003EPlus de 30\u0026nbsp;000 \u20ac\u003C\/p\u003E\u003C\/td\u003E\u003Ctd\u003E\u003Cp align=\u0022center\u0022\u003E0,426 %\u003C\/p\u003E\u003C\/td\u003E\u003C\/tr\u003E\u003C\/tbody\u003E\u003C\/table\u003E\u003Cp\u003ELa d\u00e9claration de mobilier pour \u00e9viter une confusion donne lieu \u00e0 la perception d\u0027un \u00e9molument de 113,20 \u20ac.\u003C\/p\u003E\u003Cp\u003ELe lotissement de biens indivis donne lieu \u00e0 la perception :\u003C\/p\u003E\u003Cul\u003E\u003Cli\u003Ed\u0027un \u00e9molument proportionnel, selon le bar\u00e8me suivant, en cas de tirage au sort ou d\u0027attribution amiable :\u003C\/li\u003E\u003C\/ul\u003E\u003Ctable class=\u0022MsoTableGrid\u0022\u003E\u003Ctbody\u003E\u003Ctr\u003E\u003Ctd\u003E\u003Cp align=\u0022center\u0022\u003E\u003Cstrong\u003ETRANCHES D\u2019ASSIETTE\u003C\/strong\u003E\u003C\/p\u003E\u003C\/td\u003E\u003Ctd\u003E\u003Cp align=\u0022center\u0022\u003E\u003Cstrong\u003ETAUX APPLICABLE\u003C\/strong\u003E\u003C\/p\u003E\u003C\/td\u003E\u003C\/tr\u003E\u003Ctr\u003E\u003Ctd valign=\u0022top\u0022\u003E\u003Cp align=\u0022center\u0022\u003EDe 0 \u00e0 6\u0026nbsp;500 \u20ac\u003C\/p\u003E\u003C\/td\u003E\u003Ctd\u003E\u003Cp align=\u0022center\u0022\u003E4,837 %\u003C\/p\u003E\u003C\/td\u003E\u003C\/tr\u003E\u003Ctr\u003E\u003Ctd valign=\u0022top\u0022\u003E\u003Cp align=\u0022center\u0022\u003EDe 6\u0026nbsp;500 \u20ac \u00e0 17\u0026nbsp;000 \u20ac\u003C\/p\u003E\u003C\/td\u003E\u003Ctd\u003E\u003Cp align=\u0022center\u0022\u003E1,995 %\u003C\/p\u003E\u003C\/td\u003E\u003C\/tr\u003E\u003Ctr\u003E\u003Ctd valign=\u0022top\u0022\u003E\u003Cp align=\u0022center\u0022\u003EDe 17\u0026nbsp;000 \u20ac \u00e0 60\u0026nbsp;000 \u20ac\u003C\/p\u003E\u003C\/td\u003E\u003Ctd\u003E\u003Cp align=\u0022center\u0022\u003E1,330 %\u003C\/p\u003E\u003C\/td\u003E\u003C\/tr\u003E\u003Ctr\u003E\u003Ctd valign=\u0022top\u0022\u003E\u003Cp align=\u0022center\u0022\u003EPlus de 60\u0026nbsp;000 \u20ac\u003C\/p\u003E\u003C\/td\u003E\u003Ctd\u003E\u003Cp align=\u0022center\u0022\u003E0,998 %\u003C\/p\u003E\u003C\/td\u003E\u003C\/tr\u003E\u003C\/tbody\u003E\u003C\/table\u003E\u003Cul\u003E\u003Cli\u003Ed\u0027un \u00e9molument proportionnel, selon le bar\u00e8me suivant, s\u0027il n\u0027y a ni tirage au sort ni attribution :\u003C\/li\u003E\u003C\/ul\u003E\u003Ctable class=\u0022MsoTableGrid\u0022\u003E\u003Ctbody\u003E\u003Ctr\u003E\u003Ctd\u003E\u003Cp align=\u0022center\u0022\u003E\u003Cstrong\u003ETRANCHES D\u2019ASSIETTE\u003C\/strong\u003E\u003C\/p\u003E\u003C\/td\u003E\u003Ctd\u003E\u003Cp align=\u0022center\u0022\u003E\u003Cstrong\u003ETAUX APPLICABLE\u003C\/strong\u003E\u003C\/p\u003E\u003C\/td\u003E\u003C\/tr\u003E\u003Ctr\u003E\u003Ctd valign=\u0022top\u0022\u003E\u003Cp align=\u0022center\u0022\u003EDe 0 \u00e0 6\u0026nbsp;500 \u20ac\u003C\/p\u003E\u003C\/td\u003E\u003Ctd\u003E\u003Cp align=\u0022center\u0022\u003E2,902 %\u003C\/p\u003E\u003C\/td\u003E\u003C\/tr\u003E\u003Ctr\u003E\u003Ctd valign=\u0022top\u0022\u003E\u003Cp align=\u0022center\u0022\u003EDe 6\u0026nbsp;500 \u20ac \u00e0 17\u0026nbsp;000 \u20ac\u003C\/p\u003E\u003C\/td\u003E\u003Ctd\u003E\u003Cp align=\u0022center\u0022\u003E1,197 %\u003C\/p\u003E\u003C\/td\u003E\u003C\/tr\u003E\u003Ctr\u003E\u003Ctd valign=\u0022top\u0022\u003E\u003Cp align=\u0022center\u0022\u003EDe 17\u0026nbsp;000 \u20ac \u00e0 60\u0026nbsp;000 \u20ac\u003C\/p\u003E\u003C\/td\u003E\u003Ctd\u003E\u003Cp align=\u0022center\u0022\u003E0,799 %\u003C\/p\u003E\u003C\/td\u003E\u003C\/tr\u003E\u003Ctr\u003E\u003Ctd valign=\u0022top\u0022\u003E\u003Cp align=\u0022center\u0022\u003EPlus de 60\u0026nbsp;000 \u20ac\u003C\/p\u003E\u003C\/td\u003E\u003Ctd\u003E\u003Cp align=\u0022center\u0022\u003E0,559 %\u003C\/p\u003E\u003C\/td\u003E\u003C\/tr\u003E\u003C\/tbody\u003E\u003C\/table\u003E\u003Cp\u003ELes prestations en mati\u00e8re de mitoyennet\u00e9 ou servitudes donnent lieu, \u00e0 la perception :\u003C\/p\u003E\u003Cul\u003E\u003Cli\u003Een cas de constitution, convention modificative ou cession de mitoyennet\u00e9 ou servitudes :\u003Cul\u003E\u003Cli\u003Elorsque la valeur de l\u0027assiette est inf\u00e9rieure ou \u00e9gale \u00e0 4 875 \u20ac, d\u0027un \u00e9molument fixe de 188,66 \u20ac ;\u003C\/li\u003E\u003Cli\u003Elorsque cette valeur d\u00e9passe le seuil de 4 875 \u20ac, d\u0027un \u00e9molument proportionnel, selon le bar\u00e8me suivant :\u003C\/li\u003E\u003C\/ul\u003E\u003C\/li\u003E\u003C\/ul\u003E\u003Ctable class=\u0022MsoTableGrid\u0022\u003E\u003Ctbody\u003E\u003Ctr\u003E\u003Ctd\u003E\u003Cp align=\u0022center\u0022\u003E\u003Cstrong\u003ETRANCHES D\u2019ASSIETTE\u003C\/strong\u003E\u003C\/p\u003E\u003C\/td\u003E\u003Ctd\u003E\u003Cp align=\u0022center\u0022\u003E\u003Cstrong\u003ETAUX APPLICABLE\u003C\/strong\u003E\u003C\/p\u003E\u003C\/td\u003E\u003C\/tr\u003E\u003Ctr\u003E\u003Ctd valign=\u0022top\u0022\u003E\u003Cp align=\u0022center\u0022\u003EDe 0 \u00e0 6\u0026nbsp;500 \u20ac\u003C\/p\u003E\u003C\/td\u003E\u003Ctd\u003E\u003Cp align=\u0022center\u0022\u003E3,870 %\u003C\/p\u003E\u003C\/td\u003E\u003C\/tr\u003E\u003Ctr\u003E\u003Ctd valign=\u0022top\u0022\u003E\u003Cp align=\u0022center\u0022\u003EDe 6\u0026nbsp;500 \u20ac \u00e0 17\u0026nbsp;000 \u20ac\u003C\/p\u003E\u003C\/td\u003E\u003Ctd\u003E\u003Cp align=\u0022center\u0022\u003E1,596 %\u003C\/p\u003E\u003C\/td\u003E\u003C\/tr\u003E\u003Ctr\u003E\u003Ctd valign=\u0022top\u0022\u003E\u003Cp align=\u0022center\u0022\u003EDe 17\u0026nbsp;000 \u20ac \u00e0 60\u0026nbsp;000 \u20ac\u003C\/p\u003E\u003C\/td\u003E\u003Ctd\u003E\u003Cp align=\u0022center\u0022\u003E1,064 %\u003C\/p\u003E\u003C\/td\u003E\u003C\/tr\u003E\u003Ctr\u003E\u003Ctd valign=\u0022top\u0022\u003E\u003Cp align=\u0022center\u0022\u003EPlus de 60\u0026nbsp;000 \u20ac\u003C\/p\u003E\u003C\/td\u003E\u003Ctd\u003E\u003Cp align=\u0022center\u0022\u003E0,799 %\u003C\/p\u003E\u003C\/td\u003E\u003C\/tr\u003E\u003C\/tbody\u003E\u003C\/table\u003E\u003Cul\u003E\u003Cli\u003Een cas d\u0027abandon de mitoyennet\u00e9 ou servitudes, d\u0027un \u00e9molument fixe de 26,41 \u20ac.\u003C\/li\u003E\u003C\/ul\u003E\u003Cp\u003ELes prestations en mati\u00e8re de r\u00e8glement de copropri\u00e9t\u00e9 ou descriptif en volume donnent lieu \u00e0 la perception d\u0027un \u00e9molument :\u003C\/p\u003E\u003Cul\u003E\u003Cli\u003Ede 377,31 \u20ac, pour l\u0027\u00e9tablissement de l\u0027acte de r\u00e8glement de copropri\u00e9t\u00e9 ou descriptif en volume ;\u003C\/li\u003E\u003Cli\u003Ede 188,66 \u20ac pour :\u003Cul\u003E\u003Cli\u003Ela mise en conformit\u00e9 du r\u00e8glement ou du descriptif aux obligations l\u00e9gales ;\u003C\/li\u003E\u003Cli\u003Ela modification du r\u00e8glement ou du descriptif afin de prendre en compte la volont\u00e9 des copropri\u00e9taires ou des parties ;\u003C\/li\u003E\u003C\/ul\u003E\u003C\/li\u003E\u003Cli\u003Ede 11,32 \u20ac par lot pour l\u0027\u00e9tablissement du descriptif ;\u003C\/li\u003E\u003Cli\u003Ede 5,66 \u20ac par lot, pour ;\u003Cul\u003E\u003Cli\u003Ela mise en conformit\u00e9 du descriptif aux obligations l\u00e9gales ;\u003C\/li\u003E\u003Cli\u003Ela modification du descriptif afin de prendre en compte la volont\u00e9 des copropri\u00e9taires ou des parties.\u003C\/li\u003E\u003C\/ul\u003E\u003C\/li\u003E\u003C\/ul\u003E\u003Cp\u003ELes \u00e9moluments pr\u00e9vus pour l\u0027\u00e9tablissement de l\u0027\u00e9tat descriptif et pour la mise en conformit\u00e9 du r\u00e8glement sont, le cas \u00e9ch\u00e9ant, per\u00e7us en sus de celui pr\u00e9vu pour l\u0027\u00e9tablissement de l\u0027acte de r\u00e8glement de copropri\u00e9t\u00e9 ou descriptif en volume.\u003C\/p\u003E                                            \u003Cp\u003E\u003Cbr \/\u003E\u003Cstrong\u003ESource :\u003C\/strong\u003E\u003Cstrong\u003E\u00a0\u003C\/strong\u003E\u003C\/p\u003E\u003Cul\u003E\u003Cli\u003E\u003Ca href=\u0022https:\/\/www.legifrance.gouv.fr\/codes\/section_lc\/LEGITEXT000005634379\/LEGISCTA000032132200\/#LEGISCTA000032132200\u0022 target=\u0022_blank\u0022\u003EArticles A 444-110 et suivants du Code de commerce\u003C\/a\u003E\u003C\/li\u003E\u003C\/ul\u003E\u003C\/div\u003E","annee":"2025","theme":" Indices, taux, bar\u00e8mes juridiques","activites":["Professionnels du droit et du chiffre"],"image":"https:\/\/www.weblex.fr\/sites\/default\/files\/chiffres_clef\/Shutterstock_remunotairecontratimmo.jpg","created":"2026-02-17","modified":"2026-02-17"},{"url":"\/chiffres-cles\/indice-des-prix-a-la-consommation-en-martinique-annee-2025","id":26045,"title":"Indice des prix \u00e0 la consommation en Martinique - Ann\u00e9e 2025","content":"\u003Cdiv\u003E                                              \u003Ctable class=\u0022MsoTableGrid\u0022\u003E\u003Ctbody\u003E\u003Ctr\u003E\u003Ctd valign=\u0022top\u0022\u003E\u003Cp align=\u0022center\u0022\u003E\u003Cstrong\u003EP\u00e9riode\u003C\/strong\u003E\u003C\/p\u003E\u003C\/td\u003E\u003Ctd valign=\u0022top\u0022\u003E\u003Cp align=\u0022center\u0022\u003E\u003Cstrong\u003EIndice\u003C\/strong\u003E\u003C\/p\u003E\u003C\/td\u003E\u003Ctd valign=\u0022top\u0022\u003E\u003Cp align=\u0022center\u0022\u003E\u003Cstrong\u003EVariation mensuelle\u003C\/strong\u003E\u003C\/p\u003E\u003C\/td\u003E\u003Ctd valign=\u0022top\u0022\u003E\u003Cp align=\u0022center\u0022\u003E\u003Cstrong\u003EHausse des prix sur 1 an\u003C\/strong\u003E\u003C\/p\u003E\u003C\/td\u003E\u003C\/tr\u003E\u003Ctr\u003E\u003Ctd valign=\u0022top\u0022\u003E\u003Cp\u003EJanvier 2025\u003C\/p\u003E\u003C\/td\u003E\u003Ctd valign=\u0022top\u0022\u003E\u003Cp align=\u0022center\u0022\u003E117,08\u003C\/p\u003E\u003C\/td\u003E\u003Ctd valign=\u0022top\u0022\u003E\u003Cp align=\u0022center\u0022\u003E+ 0,1 %\u003C\/p\u003E\u003C\/td\u003E\u003Ctd valign=\u0022top\u0022\u003E\u003Cp align=\u0022center\u0022\u003E+ 2,2 %\u003C\/p\u003E\u003C\/td\u003E\u003C\/tr\u003E\u003Ctr\u003E\u003Ctd valign=\u0022top\u0022\u003E\u003Cp\u003EF\u00e9vrier 2025\u003C\/p\u003E\u003C\/td\u003E\u003Ctd valign=\u0022top\u0022\u003E\u003Cp align=\u0022center\u0022\u003E117,50\u003C\/p\u003E\u003C\/td\u003E\u003Ctd valign=\u0022top\u0022\u003E\u003Cp align=\u0022center\u0022\u003E+ 0,4\u0026nbsp;%\u003C\/p\u003E\u003C\/td\u003E\u003Ctd valign=\u0022top\u0022\u003E\u003Cp align=\u0022center\u0022\u003E+ 1,6\u0026nbsp;%\u003C\/p\u003E\u003C\/td\u003E\u003C\/tr\u003E\u003Ctr\u003E\u003Ctd valign=\u0022top\u0022\u003E\u003Cp\u003EMars 2025\u003C\/p\u003E\u003C\/td\u003E\u003Ctd valign=\u0022top\u0022\u003E\u003Cp align=\u0022center\u0022\u003E117,69\u003C\/p\u003E\u003C\/td\u003E\u003Ctd valign=\u0022top\u0022\u003E\u003Cp align=\u0022center\u0022\u003E+ 0,2\u0026nbsp;%\u003C\/p\u003E\u003C\/td\u003E\u003Ctd valign=\u0022top\u0022\u003E\u003Cp align=\u0022center\u0022\u003E+ 1,1\u0026nbsp;%\u003C\/p\u003E\u003C\/td\u003E\u003C\/tr\u003E\u003Ctr\u003E\u003Ctd valign=\u0022top\u0022\u003E\u003Cp\u003EAvril 2025\u003C\/p\u003E\u003C\/td\u003E\u003Ctd valign=\u0022top\u0022\u003E\u003Cp align=\u0022center\u0022\u003E117,31\u003C\/p\u003E\u003C\/td\u003E\u003Ctd valign=\u0022top\u0022\u003E\u003Cp align=\u0022center\u0022\u003E- 0,3\u0026nbsp;%\u003C\/p\u003E\u003C\/td\u003E\u003Ctd valign=\u0022top\u0022\u003E\u003Cp align=\u0022center\u0022\u003E+ 0,4\u0026nbsp;%\u003C\/p\u003E\u003C\/td\u003E\u003C\/tr\u003E\u003Ctr\u003E\u003Ctd valign=\u0022top\u0022\u003E\u003Cp\u003EMai 2025\u003C\/p\u003E\u003C\/td\u003E\u003Ctd valign=\u0022top\u0022\u003E\u003Cp align=\u0022center\u0022\u003E117,67\u003C\/p\u003E\u003C\/td\u003E\u003Ctd valign=\u0022top\u0022\u003E\u003Cp align=\u0022center\u0022\u003E+ 0,3\u0026nbsp;%\u003C\/p\u003E\u003C\/td\u003E\u003Ctd valign=\u0022top\u0022\u003E\u003Cp align=\u0022center\u0022\u003E+ 1,0\u0026nbsp;%\u003C\/p\u003E\u003C\/td\u003E\u003C\/tr\u003E\u003Ctr\u003E\u003Ctd valign=\u0022top\u0022\u003E\u003Cp\u003EJuin 2025\u003C\/p\u003E\u003C\/td\u003E\u003Ctd valign=\u0022top\u0022\u003E\u003Cp align=\u0022center\u0022\u003E117,30\u003C\/p\u003E\u003C\/td\u003E\u003Ctd valign=\u0022top\u0022\u003E\u003Cp align=\u0022center\u0022\u003E- 0,3\u0026nbsp;%\u003C\/p\u003E\u003C\/td\u003E\u003Ctd valign=\u0022top\u0022\u003E\u003Cp align=\u0022center\u0022\u003E+ 0,8\u0026nbsp;%\u003C\/p\u003E\u003C\/td\u003E\u003C\/tr\u003E\u003Ctr\u003E\u003Ctd valign=\u0022top\u0022\u003E\u003Cp\u003EJuillet 2025\u003C\/p\u003E\u003C\/td\u003E\u003Ctd valign=\u0022top\u0022\u003E\u003Cp align=\u0022center\u0022\u003E117,65\u003C\/p\u003E\u003C\/td\u003E\u003Ctd valign=\u0022top\u0022\u003E\u003Cp align=\u0022center\u0022\u003E+ 0,3\u0026nbsp;%\u003C\/p\u003E\u003C\/td\u003E\u003Ctd valign=\u0022top\u0022\u003E\u003Cp align=\u0022center\u0022\u003E+ 0,8\u0026nbsp;%\u003C\/p\u003E\u003C\/td\u003E\u003C\/tr\u003E\u003Ctr\u003E\u003Ctd valign=\u0022top\u0022\u003E\u003Cp\u003EAo\u00fbt 2025\u003C\/p\u003E\u003C\/td\u003E\u003Ctd valign=\u0022top\u0022\u003E\u003Cp align=\u0022center\u0022\u003E117,99\u003C\/p\u003E\u003C\/td\u003E\u003Ctd valign=\u0022top\u0022\u003E\u003Cp align=\u0022center\u0022\u003E+ 0,3\u0026nbsp;%\u003C\/p\u003E\u003C\/td\u003E\u003Ctd valign=\u0022top\u0022\u003E\u003Cp align=\u0022center\u0022\u003E+ 0,9\u0026nbsp;%\u003C\/p\u003E\u003C\/td\u003E\u003C\/tr\u003E\u003Ctr\u003E\u003Ctd valign=\u0022top\u0022\u003E\u003Cp\u003ESeptembre 2025\u003C\/p\u003E\u003C\/td\u003E\u003Ctd valign=\u0022top\u0022\u003E\u003Cp align=\u0022center\u0022\u003E117,55\u003C\/p\u003E\u003C\/td\u003E\u003Ctd valign=\u0022top\u0022\u003E\u003Cp align=\u0022center\u0022\u003E- 0,4\u0026nbsp;%\u003C\/p\u003E\u003C\/td\u003E\u003Ctd valign=\u0022top\u0022\u003E\u003Cp align=\u0022center\u0022\u003E+ 0,9\u0026nbsp;%\u003C\/p\u003E\u003C\/td\u003E\u003C\/tr\u003E\u003Ctr\u003E\u003Ctd valign=\u0022top\u0022\u003E\u003Cp\u003EOctobre 2025\u003C\/p\u003E\u003C\/td\u003E\u003Ctd valign=\u0022top\u0022\u003E\u003Cp align=\u0022center\u0022\u003E117,39\u003C\/p\u003E\u003C\/td\u003E\u003Ctd valign=\u0022top\u0022\u003E\u003Cp align=\u0022center\u0022\u003E- 0,1\u0026nbsp;%\u003C\/p\u003E\u003C\/td\u003E\u003Ctd valign=\u0022top\u0022\u003E\u003Cp align=\u0022center\u0022\u003E+ 0,9\u0026nbsp;%\u003C\/p\u003E\u003C\/td\u003E\u003C\/tr\u003E\u003Ctr\u003E\u003Ctd valign=\u0022top\u0022\u003E\u003Cp\u003ENovembre 2025\u003C\/p\u003E\u003C\/td\u003E\u003Ctd valign=\u0022top\u0022\u003E\u003Cp align=\u0022center\u0022\u003E117,82\u003C\/p\u003E\u003C\/td\u003E\u003Ctd valign=\u0022top\u0022\u003E\u003Cp align=\u0022center\u0022\u003E+ 0,4\u0026nbsp;%\u003C\/p\u003E\u003C\/td\u003E\u003Ctd valign=\u0022top\u0022\u003E\u003Cp align=\u0022center\u0022\u003E+ 1,2\u0026nbsp;%\u003C\/p\u003E\u003C\/td\u003E\u003C\/tr\u003E\u003Ctr\u003E\u003Ctd valign=\u0022top\u0022\u003E\u003Cp\u003ED\u00e9cembre 2025\u003C\/p\u003E\u003C\/td\u003E\u003Ctd valign=\u0022top\u0022\u003E\u003Cp align=\u0022center\u0022\u003E118,14\u003C\/p\u003E\u003C\/td\u003E\u003Ctd valign=\u0022top\u0022\u003E\u003Cp\u003E\u0026nbsp; \u0026nbsp; \u0026nbsp; \u0026nbsp; \u0026nbsp;+ 0,3\u0026nbsp;%\u003C\/p\u003E\u003C\/td\u003E\u003Ctd valign=\u0022top\u0022\u003E\u003Cp align=\u0022center\u0022\u003E+ 1,0\u0026nbsp;%\u003C\/p\u003E\u003C\/td\u003E\u003C\/tr\u003E\u003C\/tbody\u003E\u003C\/table\u003E\u003Cp\u003EAttention : l\u2019indice des prix \u00e0 la consommation est d\u00e9sormais publi\u00e9 en base 100 = 2015.\u003Cbr\u003END : Non Disponible\u003C\/p\u003E                                            \u003Cp\u003E\u003Cbr \/\u003E\u003Cstrong\u003ESource :\u003C\/strong\u003E\u003Cstrong\u003E\u00a0\u003C\/strong\u003E\u003C\/p\u003E\u003Cul\u003E\u003Cli\u003E\u003Ca href=\u0022https:\/\/www.insee.fr\/fr\/statistiques\/8727637#onglet-2\u0022 target=\u0022_blank\u0022 rel=\u0022noopener\u0022\u003EIndice des prix \u00e0 la consommation en Martinique \u2013 D\u00e9cembre 2025\u003C\/a\u003E\u003C\/li\u003E\u003C\/ul\u003E\u003C\/div\u003E","annee":"2025","theme":" Indices, taux, bar\u00e8mes juridiques","activites":["Automobile","Commer\u00e7ant","Distributeur \/ Grossiste","Caf\u00e9 \/ H\u00f4tel \/ Restaurant","Industrie","Transport"],"image":"https:\/\/www.weblex.fr\/sites\/default\/files\/chiffres_clef\/Shutterstock_indconsomartinique.jpg","created":"2026-02-10","modified":"2026-03-03"},{"url":"\/chiffres-cles\/indice-des-prix-a-la-consommation-a-la-reunion-annee-2025","id":26046,"title":"Indice des prix \u00e0 la consommation \u00e0 La R\u00e9union - Ann\u00e9e 2025","content":"\u003Cdiv\u003E                                              \u003Ctable class=\u0022MsoTableGrid\u0022\u003E\u003Ctbody\u003E\u003Ctr\u003E\u003Ctd valign=\u0022top\u0022\u003E\u003Cp align=\u0022center\u0022\u003E\u003Cstrong\u003EP\u00e9riode\u003C\/strong\u003E\u003C\/p\u003E\u003C\/td\u003E\u003Ctd valign=\u0022top\u0022\u003E\u003Cp align=\u0022center\u0022\u003E\u003Cstrong\u003EIndice\u003C\/strong\u003E\u003C\/p\u003E\u003C\/td\u003E\u003Ctd valign=\u0022top\u0022\u003E\u003Cp align=\u0022center\u0022\u003E\u003Cstrong\u003EVariation mensuelle\u003C\/strong\u003E\u003C\/p\u003E\u003C\/td\u003E\u003Ctd valign=\u0022top\u0022\u003E\u003Cp align=\u0022center\u0022\u003E\u003Cstrong\u003EHausse des prix sur 1 an\u003C\/strong\u003E\u003C\/p\u003E\u003C\/td\u003E\u003C\/tr\u003E\u003Ctr\u003E\u003Ctd valign=\u0022top\u0022\u003E\u003Cp\u003EJanvier 2025\u003C\/p\u003E\u003C\/td\u003E\u003Ctd valign=\u0022top\u0022\u003E\u003Cp align=\u0022center\u0022\u003E116,10\u003C\/p\u003E\u003C\/td\u003E\u003Ctd valign=\u0022top\u0022\u003E\u003Cp align=\u0022center\u0022\u003E+ 0,9 %\u003C\/p\u003E\u003C\/td\u003E\u003Ctd valign=\u0022top\u0022\u003E\u003Cp align=\u0022center\u0022\u003E+ 2,1 %\u003C\/p\u003E\u003C\/td\u003E\u003C\/tr\u003E\u003Ctr\u003E\u003Ctd valign=\u0022top\u0022\u003E\u003Cp\u003EF\u00e9vrier 2025\u003C\/p\u003E\u003C\/td\u003E\u003Ctd valign=\u0022top\u0022\u003E\u003Cp align=\u0022center\u0022\u003E115,40\u003C\/p\u003E\u003C\/td\u003E\u003Ctd valign=\u0022top\u0022\u003E\u003Cp align=\u0022center\u0022\u003E- 0,6\u0026nbsp;%\u003C\/p\u003E\u003C\/td\u003E\u003Ctd valign=\u0022top\u0022\u003E\u003Cp align=\u0022center\u0022\u003E+ 1,3\u0026nbsp;%\u003C\/p\u003E\u003C\/td\u003E\u003C\/tr\u003E\u003Ctr\u003E\u003Ctd valign=\u0022top\u0022\u003E\u003Cp\u003EMars 2025\u003C\/p\u003E\u003C\/td\u003E\u003Ctd valign=\u0022top\u0022\u003E\u003Cp align=\u0022center\u0022\u003E116,19\u003C\/p\u003E\u003C\/td\u003E\u003Ctd valign=\u0022top\u0022\u003E\u003Cp align=\u0022center\u0022\u003E+ 0,7 %\u003C\/p\u003E\u003C\/td\u003E\u003Ctd valign=\u0022top\u0022\u003E\u003Cp align=\u0022center\u0022\u003E+ 1,4\u0026nbsp;%\u003C\/p\u003E\u003C\/td\u003E\u003C\/tr\u003E\u003Ctr\u003E\u003Ctd valign=\u0022top\u0022\u003E\u003Cp\u003EAvril 2025\u003C\/p\u003E\u003C\/td\u003E\u003Ctd valign=\u0022top\u0022\u003E\u003Cp align=\u0022center\u0022\u003E116,70\u003C\/p\u003E\u003C\/td\u003E\u003Ctd valign=\u0022top\u0022\u003E\u003Cp align=\u0022center\u0022\u003E+ 0,4\u0026nbsp;%\u003C\/p\u003E\u003C\/td\u003E\u003Ctd valign=\u0022top\u0022\u003E\u003Cp align=\u0022center\u0022\u003E+ 1,6\u0026nbsp;%\u003C\/p\u003E\u003C\/td\u003E\u003C\/tr\u003E\u003Ctr\u003E\u003Ctd valign=\u0022top\u0022\u003E\u003Cp\u003EMai 2025\u003C\/p\u003E\u003C\/td\u003E\u003Ctd valign=\u0022top\u0022\u003E\u003Cp align=\u0022center\u0022\u003E116,71\u003C\/p\u003E\u003C\/td\u003E\u003Ctd valign=\u0022top\u0022\u003E\u003Cp align=\u0022center\u0022\u003E+ 0,0\u0026nbsp;%\u003C\/p\u003E\u003C\/td\u003E\u003Ctd valign=\u0022top\u0022\u003E\u003Cp align=\u0022center\u0022\u003E+ 1,4\u0026nbsp;%\u003C\/p\u003E\u003C\/td\u003E\u003C\/tr\u003E\u003Ctr\u003E\u003Ctd valign=\u0022top\u0022\u003E\u003Cp\u003EJuin 2025\u003C\/p\u003E\u003C\/td\u003E\u003Ctd valign=\u0022top\u0022\u003E\u003Cp align=\u0022center\u0022\u003E116,36\u003C\/p\u003E\u003C\/td\u003E\u003Ctd valign=\u0022top\u0022\u003E\u003Cp align=\u0022center\u0022\u003E- 0,3\u0026nbsp;%\u003C\/p\u003E\u003C\/td\u003E\u003Ctd valign=\u0022top\u0022\u003E\u003Cp align=\u0022center\u0022\u003E+ 1,5\u0026nbsp;%\u003C\/p\u003E\u003C\/td\u003E\u003C\/tr\u003E\u003Ctr\u003E\u003Ctd valign=\u0022top\u0022\u003E\u003Cp\u003EJuillet 2025\u003C\/p\u003E\u003C\/td\u003E\u003Ctd valign=\u0022top\u0022\u003E\u003Cp align=\u0022center\u0022\u003E117,05\u003C\/p\u003E\u003C\/td\u003E\u003Ctd valign=\u0022top\u0022\u003E\u003Cp align=\u0022center\u0022\u003E+ 0,6\u0026nbsp;%\u003C\/p\u003E\u003C\/td\u003E\u003Ctd valign=\u0022top\u0022\u003E\u003Cp align=\u0022center\u0022\u003E+ 1,9\u0026nbsp;%\u003C\/p\u003E\u003C\/td\u003E\u003C\/tr\u003E\u003Ctr\u003E\u003Ctd valign=\u0022top\u0022\u003E\u003Cp\u003EAo\u00fbt 2025\u003C\/p\u003E\u003C\/td\u003E\u003Ctd valign=\u0022top\u0022\u003E\u003Cp align=\u0022center\u0022\u003E116,28\u003C\/p\u003E\u003C\/td\u003E\u003Ctd valign=\u0022top\u0022\u003E\u003Cp align=\u0022center\u0022\u003E- 0,7\u0026nbsp;%\u003C\/p\u003E\u003C\/td\u003E\u003Ctd valign=\u0022top\u0022\u003E\u003Cp align=\u0022center\u0022\u003E+ 1,1\u0026nbsp;%\u003C\/p\u003E\u003C\/td\u003E\u003C\/tr\u003E\u003Ctr\u003E\u003Ctd valign=\u0022top\u0022\u003E\u003Cp\u003ESeptembre 2025\u003C\/p\u003E\u003C\/td\u003E\u003Ctd valign=\u0022top\u0022\u003E\u003Cp align=\u0022center\u0022\u003E115,49\u003C\/p\u003E\u003C\/td\u003E\u003Ctd valign=\u0022top\u0022\u003E\u003Cp align=\u0022center\u0022\u003E- 0,7\u0026nbsp;%\u003C\/p\u003E\u003C\/td\u003E\u003Ctd valign=\u0022top\u0022\u003E\u003Cp align=\u0022center\u0022\u003E+ 1,2\u0026nbsp;%\u003C\/p\u003E\u003C\/td\u003E\u003C\/tr\u003E\u003Ctr\u003E\u003Ctd valign=\u0022top\u0022\u003E\u003Cp\u003EOctobre 2025\u003C\/p\u003E\u003C\/td\u003E\u003Ctd valign=\u0022top\u0022\u003E\u003Cp align=\u0022center\u0022\u003E115,66\u003C\/p\u003E\u003C\/td\u003E\u003Ctd valign=\u0022top\u0022\u003E\u003Cp align=\u0022center\u0022\u003E+ 0,1\u0026nbsp;%\u003C\/p\u003E\u003C\/td\u003E\u003Ctd valign=\u0022top\u0022\u003E\u003Cp align=\u0022center\u0022\u003E+ 1,3\u0026nbsp;%\u003C\/p\u003E\u003C\/td\u003E\u003C\/tr\u003E\u003Ctr\u003E\u003Ctd valign=\u0022top\u0022\u003E\u003Cp\u003ENovembre 2025\u003C\/p\u003E\u003C\/td\u003E\u003Ctd valign=\u0022top\u0022\u003E\u003Cp align=\u0022center\u0022\u003E115,95\u003C\/p\u003E\u003C\/td\u003E\u003Ctd valign=\u0022top\u0022\u003E\u003Cp align=\u0022center\u0022\u003E+ 0,2 %\u003C\/p\u003E\u003C\/td\u003E\u003Ctd valign=\u0022top\u0022\u003E\u003Cp align=\u0022center\u0022\u003E+ 1,2\u0026nbsp;%\u003C\/p\u003E\u003C\/td\u003E\u003C\/tr\u003E\u003Ctr\u003E\u003Ctd valign=\u0022top\u0022\u003E\u003Cp\u003ED\u00e9cembre 2025\u003C\/p\u003E\u003C\/td\u003E\u003Ctd valign=\u0022top\u0022\u003E\u003Cp align=\u0022center\u0022\u003E116,09\u003C\/p\u003E\u003C\/td\u003E\u003Ctd valign=\u0022top\u0022\u003E\u003Cp\u003E\u0026nbsp; \u0026nbsp; \u0026nbsp; \u0026nbsp; \u0026nbsp;+ 0,1\u0026nbsp;%\u003C\/p\u003E\u003C\/td\u003E\u003Ctd valign=\u0022top\u0022\u003E\u003Cp align=\u0022center\u0022\u003E+ 0,9\u0026nbsp;%\u003C\/p\u003E\u003C\/td\u003E\u003C\/tr\u003E\u003C\/tbody\u003E\u003C\/table\u003E\u003Cp\u003EAttention : l\u2019indice des prix \u00e0 la consommation est d\u00e9sormais publi\u00e9 en base 100 = 2015.\u003Cbr\u003END : Non Disponible\u003C\/p\u003E                                            \u003Cp\u003E\u003Cbr \/\u003E\u003Cstrong\u003ESource :\u003C\/strong\u003E\u003Cstrong\u003E\u00a0\u003C\/strong\u003E\u003C\/p\u003E\u003Cul\u003E\u003Cli\u003E\u003Ca href=\u0022https:\/\/www.insee.fr\/fr\/statistiques\/8727631\u0022 target=\u0022_blank\u0022 rel=\u0022noopener\u0022\u003EIndice des prix \u00e0 la consommation \u00e0 La R\u00e9union - D\u00e9cembre 2025\u003C\/a\u003E\u003C\/li\u003E\u003C\/ul\u003E\u003C\/div\u003E","annee":"2025","theme":" Indices, taux, bar\u00e8mes juridiques","activites":["Automobile","Commer\u00e7ant","Distributeur \/ Grossiste","Caf\u00e9 \/ H\u00f4tel \/ Restaurant","Industrie","Transport"],"image":"https:\/\/www.weblex.fr\/sites\/default\/files\/chiffres_clef\/Shutterstock_indconsolareunion.jpg","created":"2026-02-10","modified":"2026-03-04"},{"url":"\/chiffres-cles\/indice-des-prix-a-la-consommation-en-guadeloupe-annee-2025","id":26047,"title":"Indice des prix \u00e0 la consommation en Guadeloupe - Ann\u00e9e 2025","content":"\u003Cdiv\u003E                                              \u003Ctable class=\u0022MsoTableGrid\u0022\u003E\u003Ctbody\u003E\u003Ctr\u003E\u003Ctd valign=\u0022top\u0022\u003E\u003Cp align=\u0022center\u0022\u003E\u003Cstrong\u003EP\u00e9riode\u003C\/strong\u003E\u003C\/p\u003E\u003C\/td\u003E\u003Ctd valign=\u0022top\u0022\u003E\u003Cp align=\u0022center\u0022\u003E\u003Cstrong\u003EIndice\u003C\/strong\u003E\u003C\/p\u003E\u003C\/td\u003E\u003Ctd valign=\u0022top\u0022\u003E\u003Cp align=\u0022center\u0022\u003E\u003Cstrong\u003EVariation mensuelle\u003C\/strong\u003E\u003C\/p\u003E\u003C\/td\u003E\u003Ctd valign=\u0022top\u0022\u003E\u003Cp align=\u0022center\u0022\u003E\u003Cstrong\u003EHausse des prix sur 1 an\u003C\/strong\u003E\u003C\/p\u003E\u003C\/td\u003E\u003C\/tr\u003E\u003Ctr\u003E\u003Ctd valign=\u0022top\u0022\u003E\u003Cp\u003EJanvier 2025\u003C\/p\u003E\u003C\/td\u003E\u003Ctd valign=\u0022top\u0022\u003E\u003Cp align=\u0022center\u0022\u003E117,85\u003C\/p\u003E\u003C\/td\u003E\u003Ctd valign=\u0022top\u0022\u003E\u003Cp align=\u0022center\u0022\u003E+ 0,5 %\u003C\/p\u003E\u003C\/td\u003E\u003Ctd valign=\u0022top\u0022\u003E\u003Cp align=\u0022center\u0022\u003E+ 3,0 %\u003C\/p\u003E\u003C\/td\u003E\u003C\/tr\u003E\u003Ctr\u003E\u003Ctd valign=\u0022top\u0022\u003E\u003Cp\u003EF\u00e9vrier 2025\u003C\/p\u003E\u003C\/td\u003E\u003Ctd valign=\u0022top\u0022\u003E\u003Cp align=\u0022center\u0022\u003E117,95\u003C\/p\u003E\u003C\/td\u003E\u003Ctd valign=\u0022top\u0022\u003E\u003Cp align=\u0022center\u0022\u003E+ 0,1\u0026nbsp;%\u003C\/p\u003E\u003C\/td\u003E\u003Ctd valign=\u0022top\u0022\u003E\u003Cp align=\u0022center\u0022\u003E+ 2,4\u0026nbsp;%\u003C\/p\u003E\u003C\/td\u003E\u003C\/tr\u003E\u003Ctr\u003E\u003Ctd valign=\u0022top\u0022\u003E\u003Cp\u003EMars 2025\u003C\/p\u003E\u003C\/td\u003E\u003Ctd valign=\u0022top\u0022\u003E\u003Cp align=\u0022center\u0022\u003E118,00\u003C\/p\u003E\u003C\/td\u003E\u003Ctd valign=\u0022top\u0022\u003E\u003Cp align=\u0022center\u0022\u003E+ 0,0\u0026nbsp;%\u003C\/p\u003E\u003C\/td\u003E\u003Ctd valign=\u0022top\u0022\u003E\u003Cp align=\u0022center\u0022\u003E+ 1,4\u0026nbsp;%\u003C\/p\u003E\u003C\/td\u003E\u003C\/tr\u003E\u003Ctr\u003E\u003Ctd valign=\u0022top\u0022\u003E\u003Cp\u003EAvril 2025\u003C\/p\u003E\u003C\/td\u003E\u003Ctd valign=\u0022top\u0022\u003E\u003Cp align=\u0022center\u0022\u003E118,03\u003C\/p\u003E\u003C\/td\u003E\u003Ctd valign=\u0022top\u0022\u003E\u003Cp align=\u0022center\u0022\u003E+ 0,0\u0026nbsp;%\u003C\/p\u003E\u003C\/td\u003E\u003Ctd valign=\u0022top\u0022\u003E\u003Cp align=\u0022center\u0022\u003E+ 0,9\u0026nbsp;%\u003C\/p\u003E\u003C\/td\u003E\u003C\/tr\u003E\u003Ctr\u003E\u003Ctd valign=\u0022top\u0022\u003E\u003Cp\u003EMai 2025\u003C\/p\u003E\u003C\/td\u003E\u003Ctd valign=\u0022top\u0022\u003E\u003Cp align=\u0022center\u0022\u003E117,92\u003C\/p\u003E\u003C\/td\u003E\u003Ctd valign=\u0022top\u0022\u003E\u003Cp\u003E\u0026nbsp; \u0026nbsp; \u0026nbsp; \u0026nbsp; \u0026nbsp;- 0,1\u0026nbsp;%\u003C\/p\u003E\u003C\/td\u003E\u003Ctd valign=\u0022top\u0022\u003E\u003Cp align=\u0022center\u0022\u003E+ 0,8\u0026nbsp;%\u003C\/p\u003E\u003C\/td\u003E\u003C\/tr\u003E\u003Ctr\u003E\u003Ctd valign=\u0022top\u0022\u003E\u003Cp\u003EJuin 2025\u003C\/p\u003E\u003C\/td\u003E\u003Ctd valign=\u0022top\u0022\u003E\u003Cp align=\u0022center\u0022\u003E117,92\u003C\/p\u003E\u003C\/td\u003E\u003Ctd valign=\u0022top\u0022\u003E\u003Cp align=\u0022center\u0022\u003E+ 0,0\u0026nbsp;%\u003C\/p\u003E\u003C\/td\u003E\u003Ctd valign=\u0022top\u0022\u003E\u003Cp align=\u0022center\u0022\u003E+ 0,8\u0026nbsp;%\u003C\/p\u003E\u003C\/td\u003E\u003C\/tr\u003E\u003Ctr\u003E\u003Ctd valign=\u0022top\u0022\u003E\u003Cp\u003EJuillet 2025\u003C\/p\u003E\u003C\/td\u003E\u003Ctd valign=\u0022top\u0022\u003E\u003Cp align=\u0022center\u0022\u003E118,32\u003C\/p\u003E\u003C\/td\u003E\u003Ctd valign=\u0022top\u0022\u003E\u003Cp align=\u0022center\u0022\u003E+ 0,3\u0026nbsp;%\u003C\/p\u003E\u003C\/td\u003E\u003Ctd valign=\u0022top\u0022\u003E\u003Cp align=\u0022center\u0022\u003E+ 1,5\u0026nbsp;%\u003C\/p\u003E\u003C\/td\u003E\u003C\/tr\u003E\u003Ctr\u003E\u003Ctd valign=\u0022top\u0022\u003E\u003Cp\u003EAo\u00fbt 2025\u003C\/p\u003E\u003C\/td\u003E\u003Ctd valign=\u0022top\u0022\u003E\u003Cp align=\u0022center\u0022\u003E118,23\u003C\/p\u003E\u003C\/td\u003E\u003Ctd valign=\u0022top\u0022\u003E\u003Cp align=\u0022center\u0022\u003E- 0,1\u0026nbsp;%\u003C\/p\u003E\u003C\/td\u003E\u003Ctd valign=\u0022top\u0022\u003E\u003Cp align=\u0022center\u0022\u003E+ 0,8\u0026nbsp;%\u003C\/p\u003E\u003C\/td\u003E\u003C\/tr\u003E\u003Ctr\u003E\u003Ctd valign=\u0022top\u0022\u003E\u003Cp\u003ESeptembre 2025\u003C\/p\u003E\u003C\/td\u003E\u003Ctd valign=\u0022top\u0022\u003E\u003Cp align=\u0022center\u0022\u003E117,94\u003C\/p\u003E\u003C\/td\u003E\u003Ctd valign=\u0022top\u0022\u003E\u003Cp align=\u0022center\u0022\u003E- 0,2\u0026nbsp;%\u003C\/p\u003E\u003C\/td\u003E\u003Ctd valign=\u0022top\u0022\u003E\u003Cp align=\u0022center\u0022\u003E+ 0,9\u0026nbsp;%\u003C\/p\u003E\u003C\/td\u003E\u003C\/tr\u003E\u003Ctr\u003E\u003Ctd valign=\u0022top\u0022\u003E\u003Cp\u003EOctobre 2025\u003C\/p\u003E\u003C\/td\u003E\u003Ctd valign=\u0022top\u0022\u003E\u003Cp align=\u0022center\u0022\u003E117,97\u003C\/p\u003E\u003C\/td\u003E\u003Ctd valign=\u0022top\u0022\u003E\u003Cp align=\u0022center\u0022\u003E+ 0,0\u0026nbsp;%\u003C\/p\u003E\u003C\/td\u003E\u003Ctd valign=\u0022top\u0022\u003E\u003Cp align=\u0022center\u0022\u003E+ 1,1\u0026nbsp;%\u003C\/p\u003E\u003C\/td\u003E\u003C\/tr\u003E\u003Ctr\u003E\u003Ctd valign=\u0022top\u0022\u003E\u003Cp\u003ENovembre 2025\u003C\/p\u003E\u003C\/td\u003E\u003Ctd valign=\u0022top\u0022\u003E\u003Cp align=\u0022center\u0022\u003E118,49\u003C\/p\u003E\u003C\/td\u003E\u003Ctd valign=\u0022top\u0022\u003E\u003Cp align=\u0022center\u0022\u003E+ 0,4\u0026nbsp;%\u003C\/p\u003E\u003C\/td\u003E\u003Ctd valign=\u0022top\u0022\u003E\u003Cp align=\u0022center\u0022\u003E+ 1,2\u0026nbsp;%\u003C\/p\u003E\u003C\/td\u003E\u003C\/tr\u003E\u003Ctr\u003E\u003Ctd valign=\u0022top\u0022\u003E\u003Cp\u003ED\u00e9cembre 2025\u003C\/p\u003E\u003C\/td\u003E\u003Ctd valign=\u0022top\u0022\u003E\u003Cp align=\u0022center\u0022\u003E118,70\u003C\/p\u003E\u003C\/td\u003E\u003Ctd valign=\u0022top\u0022\u003E\u003Cp\u003E\u0026nbsp; \u0026nbsp; \u0026nbsp; \u0026nbsp; \u0026nbsp;+ 0,2\u0026nbsp;%\u003C\/p\u003E\u003C\/td\u003E\u003Ctd valign=\u0022top\u0022\u003E\u003Cp align=\u0022center\u0022\u003E+ 1,2\u0026nbsp;%\u003C\/p\u003E\u003C\/td\u003E\u003C\/tr\u003E\u003C\/tbody\u003E\u003C\/table\u003E                                            \u003Cp\u003E\u003Cbr \/\u003E\u003Cstrong\u003ESource :\u003C\/strong\u003E\u003Cstrong\u003E\u00a0\u003C\/strong\u003E\u003C\/p\u003E\u003Cul\u003E\u003Cli\u003E\u003Ca href=\u0022https:\/\/www.insee.fr\/fr\/statistiques\/8727635#onglet-2\u0022 target=\u0022_blank\u0022\u003EIndice des prix \u00e0 la consommation en Guadeloupe - D\u00e9cembre 2025\u0026nbsp;\u003C\/a\u003E\u003C\/li\u003E\u003C\/ul\u003E\u003C\/div\u003E","annee":"2025","theme":" Indices, taux, bar\u00e8mes juridiques","activites":["Automobile","Commer\u00e7ant","Distributeur \/ Grossiste","Caf\u00e9 \/ H\u00f4tel \/ Restaurant","Industrie","Transport"],"image":"https:\/\/www.weblex.fr\/sites\/default\/files\/chiffres_clef\/Shutterstock_indconsoguadeloupe.jpg","created":"2026-02-10","modified":"2026-03-04"},{"url":"\/chiffres-cles\/indices-des-prix-des-produits-agricoles-annee-2025","id":26032,"title":"Indices des prix des produits agricoles - Ann\u00e9e 2025","content":"\u003Cdiv\u003E                                              \u003Cp\u003ELes indices des prix des produits agricoles sont publi\u00e9s en base 100 = 2020.\u003C\/p\u003E\u003Cp\u003E\u003Cstrong\u003EIndice des prix des produits agricoles \u00e0 la production (IPPAP)\u003C\/strong\u003E\u003C\/p\u003E\u003Ctable class=\u0022MsoTableGrid\u0022\u003E\u003Ctbody\u003E\u003Ctr\u003E\u003Ctd valign=\u0022top\u0022\u003E\u003Cp align=\u0022center\u0022\u003E\u003Cstrong\u003EP\u00e9riode\u003C\/strong\u003E\u003C\/p\u003E\u003C\/td\u003E\u003Ctd valign=\u0022top\u0022\u003E\u003Cp align=\u0022center\u0022\u003E\u003Cstrong\u003EIndice\u003C\/strong\u003E\u003C\/p\u003E\u003C\/td\u003E\u003Ctd valign=\u0022top\u0022\u003E\u003Cp align=\u0022center\u0022\u003E\u003Cstrong\u003EVariation mensuelle\u003C\/strong\u003E\u003C\/p\u003E\u003C\/td\u003E\u003Ctd valign=\u0022top\u0022\u003E\u003Cp align=\u0022center\u0022\u003E\u003Cstrong\u003EVariation sur 1 an\u003C\/strong\u003E\u003C\/p\u003E\u003C\/td\u003E\u003C\/tr\u003E\u003Ctr\u003E\u003Ctd valign=\u0022top\u0022\u003E\u003Cp\u003EJanvier 2025\u003C\/p\u003E\u003C\/td\u003E\u003Ctd valign=\u0022top\u0022\u003E\u003Cp align=\u0022center\u0022\u003E131,9\u003C\/p\u003E\u003C\/td\u003E\u003Ctd valign=\u0022top\u0022\u003E\u003Cp align=\u0022center\u0022\u003E\/\/\/\u003C\/p\u003E\u003C\/td\u003E\u003Ctd valign=\u0022top\u0022\u003E\u003Cp align=\u0022center\u0022\u003E+ 2,3 %\u003C\/p\u003E\u003C\/td\u003E\u003C\/tr\u003E\u003Ctr\u003E\u003Ctd valign=\u0022top\u0022\u003E\u003Cp\u003EF\u00e9vrier 2025\u003C\/p\u003E\u003C\/td\u003E\u003Ctd valign=\u0022top\u0022\u003E\u003Cp align=\u0022center\u0022\u003E131,6\u003C\/p\u003E\u003C\/td\u003E\u003Ctd valign=\u0022top\u0022\u003E\u003Cp align=\u0022center\u0022\u003E\/\/\/\u003C\/p\u003E\u003C\/td\u003E\u003Ctd valign=\u0022top\u0022\u003E\u003Cp align=\u0022center\u0022\u003E+ 4,0\u0026nbsp;%\u003C\/p\u003E\u003C\/td\u003E\u003C\/tr\u003E\u003Ctr\u003E\u003Ctd valign=\u0022top\u0022\u003E\u003Cp\u003EMars 2025\u003C\/p\u003E\u003C\/td\u003E\u003Ctd valign=\u0022top\u0022\u003E\u003Cp align=\u0022center\u0022\u003E132,2\u003C\/p\u003E\u003C\/td\u003E\u003Ctd valign=\u0022top\u0022\u003E\u003Cp align=\u0022center\u0022\u003E\/\/\/\u003C\/p\u003E\u003C\/td\u003E\u003Ctd valign=\u0022top\u0022\u003E\u003Cp align=\u0022center\u0022\u003E+ 3,8\u0026nbsp;%\u003C\/p\u003E\u003C\/td\u003E\u003C\/tr\u003E\u003Ctr\u003E\u003Ctd valign=\u0022top\u0022\u003E\u003Cp\u003EAvril 2025\u003C\/p\u003E\u003C\/td\u003E\u003Ctd valign=\u0022top\u0022\u003E\u003Cp align=\u0022center\u0022\u003E131,7\u003C\/p\u003E\u003C\/td\u003E\u003Ctd valign=\u0022top\u0022\u003E\u003Cp align=\u0022center\u0022\u003E\/\/\/\u003C\/p\u003E\u003C\/td\u003E\u003Ctd valign=\u0022top\u0022\u003E\u003Cp align=\u0022center\u0022\u003E+ 3,6\u0026nbsp;%\u003C\/p\u003E\u003C\/td\u003E\u003C\/tr\u003E\u003Ctr\u003E\u003Ctd valign=\u0022top\u0022\u003E\u003Cp\u003EMai 2025\u003C\/p\u003E\u003C\/td\u003E\u003Ctd valign=\u0022top\u0022\u003E\u003Cp align=\u0022center\u0022\u003E128,7\u003C\/p\u003E\u003C\/td\u003E\u003Ctd valign=\u0022top\u0022\u003E\u003Cp align=\u0022center\u0022\u003E\/\/\/\u003C\/p\u003E\u003C\/td\u003E\u003Ctd valign=\u0022top\u0022\u003E\u003Cp align=\u0022center\u0022\u003E- 0,5 %\u003C\/p\u003E\u003C\/td\u003E\u003C\/tr\u003E\u003Ctr\u003E\u003Ctd valign=\u0022top\u0022\u003E\u003Cp\u003EJuin 2025\u003C\/p\u003E\u003C\/td\u003E\u003Ctd valign=\u0022top\u0022\u003E\u003Cp align=\u0022center\u0022\u003E128,9\u003C\/p\u003E\u003C\/td\u003E\u003Ctd valign=\u0022top\u0022\u003E\u003Cp align=\u0022center\u0022\u003E\/\/\/\u003C\/p\u003E\u003C\/td\u003E\u003Ctd valign=\u0022top\u0022\u003E\u003Cp align=\u0022center\u0022\u003E+ 0,9\u0026nbsp;%\u003C\/p\u003E\u003C\/td\u003E\u003C\/tr\u003E\u003Ctr\u003E\u003Ctd valign=\u0022top\u0022\u003E\u003Cp\u003EJuillet 2025\u003C\/p\u003E\u003C\/td\u003E\u003Ctd valign=\u0022top\u0022\u003E\u003Cp\u003E\u0026nbsp; \u0026nbsp; \u0026nbsp; \u0026nbsp; \u0026nbsp;128,8\u003C\/p\u003E\u003C\/td\u003E\u003Ctd valign=\u0022top\u0022\u003E\u003Cp align=\u0022center\u0022\u003E\/\/\/\u003C\/p\u003E\u003C\/td\u003E\u003Ctd valign=\u0022top\u0022\u003E\u003Cp align=\u0022center\u0022\u003E+ 5,1\u0026nbsp;%\u003C\/p\u003E\u003C\/td\u003E\u003C\/tr\u003E\u003Ctr\u003E\u003Ctd valign=\u0022top\u0022\u003E\u003Cp\u003EAo\u00fbt 2025\u003C\/p\u003E\u003C\/td\u003E\u003Ctd valign=\u0022top\u0022\u003E\u003Cp align=\u0022center\u0022\u003E131,5\u003C\/p\u003E\u003C\/td\u003E\u003Ctd valign=\u0022top\u0022\u003E\u003Cp align=\u0022center\u0022\u003E\/\/\/\u003C\/p\u003E\u003C\/td\u003E\u003Ctd valign=\u0022top\u0022\u003E\u003Cp align=\u0022center\u0022\u003E+ 5,2\u0026nbsp;%\u003C\/p\u003E\u003C\/td\u003E\u003C\/tr\u003E\u003Ctr\u003E\u003Ctd valign=\u0022top\u0022\u003E\u003Cp\u003ESeptembre 2025\u003C\/p\u003E\u003C\/td\u003E\u003Ctd valign=\u0022top\u0022\u003E\u003Cp align=\u0022center\u0022\u003E129,8\u003C\/p\u003E\u003C\/td\u003E\u003Ctd valign=\u0022top\u0022\u003E\u003Cp align=\u0022center\u0022\u003E\/\/\/\u003C\/p\u003E\u003C\/td\u003E\u003Ctd valign=\u0022top\u0022\u003E\u003Cp align=\u0022center\u0022\u003E+ 2,1 %\u003C\/p\u003E\u003C\/td\u003E\u003C\/tr\u003E\u003Ctr\u003E\u003Ctd valign=\u0022top\u0022\u003E\u003Cp\u003EOctobre 2025\u003C\/p\u003E\u003C\/td\u003E\u003Ctd valign=\u0022top\u0022\u003E\u003Cp align=\u0022center\u0022\u003E130,3\u003C\/p\u003E\u003C\/td\u003E\u003Ctd valign=\u0022top\u0022\u003E\u003Cp align=\u0022center\u0022\u003E\/\/\/\u003C\/p\u003E\u003C\/td\u003E\u003Ctd valign=\u0022top\u0022\u003E\u003Cp align=\u0022center\u0022\u003E+ 1,6\u0026nbsp;%\u003C\/p\u003E\u003C\/td\u003E\u003C\/tr\u003E\u003Ctr\u003E\u003Ctd valign=\u0022top\u0022\u003E\u003Cp\u003ENovembre 2025\u003C\/p\u003E\u003C\/td\u003E\u003Ctd valign=\u0022top\u0022\u003E\u003Cp align=\u0022center\u0022\u003E131,4\u003C\/p\u003E\u003C\/td\u003E\u003Ctd valign=\u0022top\u0022\u003E\u003Cp align=\u0022center\u0022\u003E\/\/\/\u003C\/p\u003E\u003C\/td\u003E\u003Ctd valign=\u0022top\u0022\u003E\u003Cp align=\u0022center\u0022\u003E+ 1,9\u0026nbsp;%\u003C\/p\u003E\u003C\/td\u003E\u003C\/tr\u003E\u003Ctr\u003E\u003Ctd valign=\u0022top\u0022\u003E\u003Cp\u003ED\u00e9cembre 2025\u003C\/p\u003E\u003C\/td\u003E\u003Ctd valign=\u0022top\u0022\u003E\u003Cp align=\u0022center\u0022\u003E130,0\u003C\/p\u003E\u003C\/td\u003E\u003Ctd valign=\u0022top\u0022\u003E\u003Cp align=\u0022center\u0022\u003E\/\/\/\u003C\/p\u003E\u003C\/td\u003E\u003Ctd valign=\u0022top\u0022\u003E\u003Cp align=\u0022center\u0022\u003E+ 0,2\u0026nbsp;%\u003C\/p\u003E\u003C\/td\u003E\u003C\/tr\u003E\u003C\/tbody\u003E\u003C\/table\u003E\u003Cp\u003E\/\/\/ : Absence de r\u00e9sultat due \u00e0 la nature des s\u00e9ries\u003C\/p\u003E\u003Cp\u003EL\u2019indice des prix des produits agricoles \u00e0 la production (IPPAP) mesure l\u2019\u00e9volution des prix des produits agricoles \u00e0 la premi\u00e8re mise sur le march\u00e9.\u003C\/p\u003E\u003Cp\u003ELes pond\u00e9rations associ\u00e9es aux fruits et l\u00e9gumes frais \u00e9voluent d\u2019un mois \u00e0 l\u2019autre pour traduire leurs profils saisonniers tr\u00e8s marqu\u00e9s. Par cons\u00e9quent, leurs variations de prix doivent \u00eatre interpr\u00e9t\u00e9es en glissement annuel, tout comme pour l\u2019indice g\u00e9n\u00e9ral qui agr\u00e8ge ces s\u00e9ries. Les indices pr\u00e9sentant une saisonnalit\u00e9 sont corrig\u00e9s des variations saisonni\u00e8res.\u003C\/p\u003E\u003Cp\u003E\u003Cbr\u003E\u003Cstrong\u003EIndice des prix d\u2019achat des moyens de production agricole (IPAMPA)\u003C\/strong\u003E\u003C\/p\u003E\u003Ctable class=\u0022MsoTableGrid\u0022\u003E\u003Ctbody\u003E\u003Ctr\u003E\u003Ctd valign=\u0022top\u0022\u003E\u003Cp align=\u0022center\u0022\u003E\u003Cstrong\u003EP\u00e9riode\u003C\/strong\u003E\u003C\/p\u003E\u003C\/td\u003E\u003Ctd valign=\u0022top\u0022\u003E\u003Cp align=\u0022center\u0022\u003E\u003Cstrong\u003EIndice\u003C\/strong\u003E\u003C\/p\u003E\u003C\/td\u003E\u003Ctd valign=\u0022top\u0022\u003E\u003Cp align=\u0022center\u0022\u003E\u003Cstrong\u003EVariation mensuelle\u003C\/strong\u003E\u003C\/p\u003E\u003C\/td\u003E\u003Ctd valign=\u0022top\u0022\u003E\u003Cp align=\u0022center\u0022\u003E\u003Cstrong\u003EVariation sur 1 an\u003C\/strong\u003E\u003C\/p\u003E\u003C\/td\u003E\u003C\/tr\u003E\u003Ctr\u003E\u003Ctd valign=\u0022top\u0022\u003E\u003Cp\u003EJanvier 2025\u003C\/p\u003E\u003C\/td\u003E\u003Ctd valign=\u0022top\u0022\u003E\u003Cp align=\u0022center\u0022\u003E125,6\u003C\/p\u003E\u003C\/td\u003E\u003Ctd valign=\u0022top\u0022\u003E\u003Cp align=\u0022center\u0022\u003E+ 1,0 %\u003C\/p\u003E\u003C\/td\u003E\u003Ctd valign=\u0022top\u0022\u003E\u003Cp align=\u0022center\u0022\u003E- 0,8 %\u003C\/p\u003E\u003C\/td\u003E\u003C\/tr\u003E\u003Ctr\u003E\u003Ctd valign=\u0022top\u0022\u003E\u003Cp\u003EF\u00e9vrier 2025\u003C\/p\u003E\u003C\/td\u003E\u003Ctd valign=\u0022top\u0022\u003E\u003Cp align=\u0022center\u0022\u003E125,8\u003C\/p\u003E\u003C\/td\u003E\u003Ctd valign=\u0022top\u0022\u003E\u003Cp align=\u0022center\u0022\u003E+ 0,1\u0026nbsp;%\u003C\/p\u003E\u003C\/td\u003E\u003Ctd valign=\u0022top\u0022\u003E\u003Cp align=\u0022center\u0022\u003E- 1,0 %\u003C\/p\u003E\u003C\/td\u003E\u003C\/tr\u003E\u003Ctr\u003E\u003Ctd valign=\u0022top\u0022\u003E\u003Cp\u003EMars 2025\u003C\/p\u003E\u003C\/td\u003E\u003Ctd valign=\u0022top\u0022\u003E\u003Cp align=\u0022center\u0022\u003E125,2\u003C\/p\u003E\u003C\/td\u003E\u003Ctd valign=\u0022top\u0022\u003E\u003Cp align=\u0022center\u0022\u003E- 0,5 %\u003C\/p\u003E\u003C\/td\u003E\u003Ctd valign=\u0022top\u0022\u003E\u003Cp align=\u0022center\u0022\u003E- 1,4 %\u003C\/p\u003E\u003C\/td\u003E\u003C\/tr\u003E\u003Ctr\u003E\u003Ctd valign=\u0022top\u0022\u003E\u003Cp\u003EAvril 2025\u003C\/p\u003E\u003C\/td\u003E\u003Ctd valign=\u0022top\u0022\u003E\u003Cp align=\u0022center\u0022\u003E124,7\u003C\/p\u003E\u003C\/td\u003E\u003Ctd valign=\u0022top\u0022\u003E\u003Cp align=\u0022center\u0022\u003E- 0,5 %\u003C\/p\u003E\u003C\/td\u003E\u003Ctd valign=\u0022top\u0022\u003E\u003Cp align=\u0022center\u0022\u003E- 1,7 %\u003C\/p\u003E\u003C\/td\u003E\u003C\/tr\u003E\u003Ctr\u003E\u003Ctd valign=\u0022top\u0022\u003E\u003Cp\u003EMai 2025\u003C\/p\u003E\u003C\/td\u003E\u003Ctd valign=\u0022top\u0022\u003E\u003Cp align=\u0022center\u0022\u003E124,1\u003C\/p\u003E\u003C\/td\u003E\u003Ctd valign=\u0022top\u0022\u003E\u003Cp align=\u0022center\u0022\u003E- 0,5 %\u003C\/p\u003E\u003C\/td\u003E\u003Ctd valign=\u0022top\u0022\u003E\u003Cp align=\u0022center\u0022\u003E- 1,4 %\u003C\/p\u003E\u003C\/td\u003E\u003C\/tr\u003E\u003Ctr\u003E\u003Ctd valign=\u0022top\u0022\u003E\u003Cp\u003EJuin 2025\u003C\/p\u003E\u003C\/td\u003E\u003Ctd valign=\u0022top\u0022\u003E\u003Cp align=\u0022center\u0022\u003E124,8\u003C\/p\u003E\u003C\/td\u003E\u003Ctd valign=\u0022top\u0022\u003E\u003Cp align=\u0022center\u0022\u003E+ 0,5 %\u003C\/p\u003E\u003C\/td\u003E\u003Ctd valign=\u0022top\u0022\u003E\u003Cp align=\u0022center\u0022\u003E- 0,6 %\u003C\/p\u003E\u003C\/td\u003E\u003C\/tr\u003E\u003Ctr\u003E\u003Ctd valign=\u0022top\u0022\u003E\u003Cp\u003EJuillet 2025\u003C\/p\u003E\u003C\/td\u003E\u003Ctd valign=\u0022top\u0022\u003E\u003Cp\u003E\u0026nbsp; \u0026nbsp; \u0026nbsp; 125,1\u003C\/p\u003E\u003C\/td\u003E\u003Ctd valign=\u0022top\u0022\u003E\u003Cp align=\u0022center\u0022\u003E+ 0,2 %\u003C\/p\u003E\u003C\/td\u003E\u003Ctd valign=\u0022top\u0022\u003E\u003Cp align=\u0022center\u0022\u003E- 0,2 %\u003C\/p\u003E\u003C\/td\u003E\u003C\/tr\u003E\u003Ctr\u003E\u003Ctd valign=\u0022top\u0022\u003E\u003Cp\u003EAo\u00fbt 2025\u003C\/p\u003E\u003C\/td\u003E\u003Ctd valign=\u0022top\u0022\u003E\u003Cp align=\u0022center\u0022\u003E124,5\u003C\/p\u003E\u003C\/td\u003E\u003Ctd valign=\u0022top\u0022\u003E\u003Cp align=\u0022center\u0022\u003E- 0,6 %\u003C\/p\u003E\u003C\/td\u003E\u003Ctd valign=\u0022top\u0022\u003E\u003Cp align=\u0022center\u0022\u003E+ 0,2 %\u003C\/p\u003E\u003C\/td\u003E\u003C\/tr\u003E\u003Ctr\u003E\u003Ctd valign=\u0022top\u0022\u003E\u003Cp\u003ESeptembre 2025\u003C\/p\u003E\u003C\/td\u003E\u003Ctd valign=\u0022top\u0022\u003E\u003Cp align=\u0022center\u0022\u003E124,4\u003C\/p\u003E\u003C\/td\u003E\u003Ctd valign=\u0022top\u0022\u003E\u003Cp align=\u0022center\u0022\u003E- 0,1 %\u003C\/p\u003E\u003C\/td\u003E\u003Ctd valign=\u0022top\u0022\u003E\u003Cp align=\u0022center\u0022\u003E+ 0,3 %\u003C\/p\u003E\u003C\/td\u003E\u003C\/tr\u003E\u003Ctr\u003E\u003Ctd valign=\u0022top\u0022\u003E\u003Cp\u003EOctobre 2025\u003C\/p\u003E\u003C\/td\u003E\u003Ctd valign=\u0022top\u0022\u003E\u003Cp align=\u0022center\u0022\u003E124,1\u003C\/p\u003E\u003C\/td\u003E\u003Ctd valign=\u0022top\u0022\u003E\u003Cp align=\u0022center\u0022\u003E- 0,1 %\u003C\/p\u003E\u003C\/td\u003E\u003Ctd valign=\u0022top\u0022\u003E\u003Cp align=\u0022center\u0022\u003E- 0,1 %\u003C\/p\u003E\u003C\/td\u003E\u003C\/tr\u003E\u003Ctr\u003E\u003Ctd valign=\u0022top\u0022\u003E\u003Cp\u003ENovembre 2025\u003C\/p\u003E\u003C\/td\u003E\u003Ctd valign=\u0022top\u0022\u003E\u003Cp align=\u0022center\u0022\u003E124,9\u003C\/p\u003E\u003C\/td\u003E\u003Ctd valign=\u0022top\u0022\u003E\u003Cp align=\u0022center\u0022\u003E+ 0,6 %\u003C\/p\u003E\u003C\/td\u003E\u003Ctd valign=\u0022top\u0022\u003E\u003Cp align=\u0022center\u0022\u003E+ 0,6 %\u003C\/p\u003E\u003C\/td\u003E\u003C\/tr\u003E\u003Ctr\u003E\u003Ctd valign=\u0022top\u0022\u003E\u003Cp\u003ED\u00e9cembre 2025\u003C\/p\u003E\u003C\/td\u003E\u003Ctd valign=\u0022top\u0022\u003E\u003Cp align=\u0022center\u0022\u003E123,1\u003C\/p\u003E\u003C\/td\u003E\u003Ctd valign=\u0022top\u0022\u003E\u003Cp align=\u0022center\u0022\u003E- 1,4 %\u003C\/p\u003E\u003C\/td\u003E\u003Ctd valign=\u0022top\u0022\u003E\u003Cp align=\u0022center\u0022\u003E- 1,0 %\u003C\/p\u003E\u003C\/td\u003E\u003C\/tr\u003E\u003C\/tbody\u003E\u003C\/table\u003E\u003Cp\u003EL\u2019indice des prix d\u2019achat des moyens de production agricole (IPAMPA) suit l\u2019\u00e9volution des prix des biens et services utilis\u00e9s par les exploitants dans leur activit\u00e9 agricole. Il n\u2019est pas corrig\u00e9 des variations saisonni\u00e8res.\u003C\/p\u003E                                            \u003Cp\u003E\u003Cbr \/\u003E\u003Cstrong\u003ESource :\u003C\/strong\u003E\u003Cstrong\u003E\u00a0\u003C\/strong\u003E\u003C\/p\u003E\u003Cul\u003E\u003Cli\u003E\u003Ca href=\u0022https:\/\/www.insee.fr\/fr\/statistiques\/8732366\u0022 target=\u0022_blank\u0022 rel=\u0022noopener\u0022\u003EIndices des prix des produits agricoles \u2013 D\u00e9cembre 2025\u003C\/a\u003E\u003C\/li\u003E\u003C\/ul\u003E\u003C\/div\u003E","annee":"2025","theme":" Indices, taux, bar\u00e8mes juridiques","activites":["Agriculture"],"image":"https:\/\/www.weblex.fr\/sites\/default\/files\/chiffres_clef\/Shutterstock_produitsagricolesindice.jpg","created":"2026-02-10","modified":"2026-04-17"},{"url":"\/chiffres-cles\/indice-des-prix-de-production-et-d-importation-de-l-industrie-annee-2025","id":25964,"title":"Indice des prix de production et d\u2019importation de l\u2019industrie - Ann\u00e9e 2025","content":"\u003Cdiv\u003E                                              \u003Cp\u003EIndice des prix de production de l\u2019industrie (r\u00e9f\u00e9rence 100 en 2021)\u003C\/p\u003E\u003Ctable class=\u0022MsoTableGrid\u0022\u003E\u003Ctbody\u003E\u003Ctr\u003E\u003Ctd\u003E\u003Cp align=\u0022center\u0022\u003E\u003Cstrong\u003EP\u00e9riode\u003C\/strong\u003E\u003C\/p\u003E\u003C\/td\u003E\u003Ctd\u003E\u003Cp align=\u0022center\u0022\u003E\u003Cstrong\u003EIndice\u003C\/strong\u003E\u003C\/p\u003E\u003C\/td\u003E\u003Ctd\u003E\u003Cp align=\u0022center\u0022\u003E\u003Cstrong\u003EVariation mensuelle\u003C\/strong\u003E\u003C\/p\u003E\u003C\/td\u003E\u003Ctd\u003E\u003Cp align=\u0022center\u0022\u003E\u003Cstrong\u003EVariation sur 1 an\u003C\/strong\u003E\u003C\/p\u003E\u003C\/td\u003E\u003C\/tr\u003E\u003Ctr\u003E\u003Ctd valign=\u0022top\u0022\u003E\u003Cp\u003EJanvier 2025\u003C\/p\u003E\u003C\/td\u003E\u003Ctd valign=\u0022top\u0022\u003E\u003Cp align=\u0022center\u0022\u003E123,8\u003C\/p\u003E\u003C\/td\u003E\u003Ctd valign=\u0022top\u0022\u003E\u003Cp align=\u0022center\u0022\u003E+ 0,9 %\u003C\/p\u003E\u003C\/td\u003E\u003Ctd valign=\u0022top\u0022\u003E\u003Cp align=\u0022center\u0022\u003E- 1,0 %\u003C\/p\u003E\u003C\/td\u003E\u003C\/tr\u003E\u003Ctr\u003E\u003Ctd valign=\u0022top\u0022\u003E\u003Cp\u003EF\u00e9vrier 2025\u003C\/p\u003E\u003C\/td\u003E\u003Ctd\u003E\u003Cp align=\u0022center\u0022\u003E123,1\u003C\/p\u003E\u003C\/td\u003E\u003Ctd\u003E\u003Cp align=\u0022center\u0022\u003E- 0,5\u0026nbsp;%\u003C\/p\u003E\u003C\/td\u003E\u003Ctd\u003E\u003Cp align=\u0022center\u0022\u003E- 0,4\u0026nbsp;%\u003C\/p\u003E\u003C\/td\u003E\u003C\/tr\u003E\u003Ctr\u003E\u003Ctd valign=\u0022top\u0022\u003E\u003Cp\u003EMars 2025\u003C\/p\u003E\u003C\/td\u003E\u003Ctd\u003E\u003Cp align=\u0022center\u0022\u003E122,0\u003C\/p\u003E\u003C\/td\u003E\u003Ctd\u003E\u003Cp align=\u0022center\u0022\u003E- 1,1 %\u003C\/p\u003E\u003C\/td\u003E\u003Ctd\u003E\u003Cp align=\u0022center\u0022\u003E- 0,3\u0026nbsp;%\u003C\/p\u003E\u003C\/td\u003E\u003C\/tr\u003E\u003Ctr\u003E\u003Ctd valign=\u0022top\u0022\u003E\u003Cp\u003EAvril 2025\u003C\/p\u003E\u003C\/td\u003E\u003Ctd\u003E\u003Cp align=\u0022center\u0022\u003E117,5\u003C\/p\u003E\u003C\/td\u003E\u003Ctd\u003E\u003Cp align=\u0022center\u0022\u003E- 3,9 %\u003C\/p\u003E\u003C\/td\u003E\u003Ctd\u003E\u003Cp align=\u0022center\u0022\u003E- 1,3\u0026nbsp;%\u003C\/p\u003E\u003C\/td\u003E\u003C\/tr\u003E\u003Ctr\u003E\u003Ctd valign=\u0022top\u0022\u003E\u003Cp\u003EMai 2025\u003C\/p\u003E\u003C\/td\u003E\u003Ctd\u003E\u003Cp align=\u0022center\u0022\u003E116,6\u003C\/p\u003E\u003C\/td\u003E\u003Ctd\u003E\u003Cp align=\u0022center\u0022\u003E- 0,8\u0026nbsp;%\u003C\/p\u003E\u003C\/td\u003E\u003Ctd\u003E\u003Cp align=\u0022center\u0022\u003E- 0,7\u0026nbsp;%\u003C\/p\u003E\u003C\/td\u003E\u003C\/tr\u003E\u003Ctr\u003E\u003Ctd valign=\u0022top\u0022\u003E\u003Cp\u003EJuin 2025\u003C\/p\u003E\u003C\/td\u003E\u003Ctd\u003E\u003Cp align=\u0022center\u0022\u003E116,6\u003C\/p\u003E\u003C\/td\u003E\u003Ctd\u003E\u003Cp align=\u0022center\u0022\u003E+ 0,1 %\u003C\/p\u003E\u003C\/td\u003E\u003Ctd\u003E\u003Cp align=\u0022center\u0022\u003E- 0,5\u0026nbsp;%\u003C\/p\u003E\u003C\/td\u003E\u003C\/tr\u003E\u003Ctr\u003E\u003Ctd valign=\u0022top\u0022\u003E\u003Cp\u003EJuillet 2025\u003C\/p\u003E\u003C\/td\u003E\u003Ctd\u003E\u003Cp\u003E\u0026nbsp; \u0026nbsp; \u0026nbsp; \u0026nbsp;117,3\u003C\/p\u003E\u003C\/td\u003E\u003Ctd\u003E\u003Cp align=\u0022center\u0022\u003E+ 0,6 %\u003C\/p\u003E\u003C\/td\u003E\u003Ctd\u003E\u003Cp align=\u0022center\u0022\u003E- 0,1\u0026nbsp;%\u003C\/p\u003E\u003C\/td\u003E\u003C\/tr\u003E\u003Ctr\u003E\u003Ctd valign=\u0022top\u0022\u003E\u003Cp\u003EAo\u00fbt 2025\u003C\/p\u003E\u003C\/td\u003E\u003Ctd valign=\u0022top\u0022\u003E\u003Cp align=\u0022center\u0022\u003E116,9\u003C\/p\u003E\u003C\/td\u003E\u003Ctd valign=\u0022top\u0022\u003E\u003Cp align=\u0022center\u0022\u003E- 0,4\u0026nbsp;%\u003C\/p\u003E\u003C\/td\u003E\u003Ctd valign=\u0022top\u0022\u003E\u003Cp align=\u0022center\u0022\u003E- 0,4\u0026nbsp;%\u003C\/p\u003E\u003C\/td\u003E\u003C\/tr\u003E\u003Ctr\u003E\u003Ctd valign=\u0022top\u0022\u003E\u003Cp\u003ESeptembre 2025\u003C\/p\u003E\u003C\/td\u003E\u003Ctd valign=\u0022top\u0022\u003E\u003Cp align=\u0022center\u0022\u003E116,5\u003C\/p\u003E\u003C\/td\u003E\u003Ctd valign=\u0022top\u0022\u003E\u003Cp align=\u0022center\u0022\u003E- 0,3\u0026nbsp;%\u003C\/p\u003E\u003C\/td\u003E\u003Ctd valign=\u0022top\u0022\u003E\u003Cp align=\u0022center\u0022\u003E- 0,5\u0026nbsp;%\u003C\/p\u003E\u003C\/td\u003E\u003C\/tr\u003E\u003Ctr\u003E\u003Ctd valign=\u0022top\u0022\u003E\u003Cp\u003EOctobre 2025\u003C\/p\u003E\u003C\/td\u003E\u003Ctd valign=\u0022top\u0022\u003E\u003Cp align=\u0022center\u0022\u003E116,8\u003C\/p\u003E\u003C\/td\u003E\u003Ctd valign=\u0022top\u0022\u003E\u003Cp align=\u0022center\u0022\u003E+ 0,3 %\u003C\/p\u003E\u003C\/td\u003E\u003Ctd valign=\u0022top\u0022\u003E\u003Cp align=\u0022center\u0022\u003E- 1,2 %\u003C\/p\u003E\u003C\/td\u003E\u003C\/tr\u003E\u003Ctr\u003E\u003Ctd valign=\u0022top\u0022\u003E\u003Cp\u003ENovembre 2025\u003C\/p\u003E\u003C\/td\u003E\u003Ctd valign=\u0022top\u0022\u003E\u003Cp align=\u0022center\u0022\u003E\u0026nbsp; 117,9\u003C\/p\u003E\u003C\/td\u003E\u003Ctd valign=\u0022top\u0022\u003E\u003Cp align=\u0022center\u0022\u003E+ 0,9 %\u003C\/p\u003E\u003C\/td\u003E\u003Ctd valign=\u0022top\u0022\u003E\u003Cp align=\u0022center\u0022\u003E- 3,2 %\u003C\/p\u003E\u003C\/td\u003E\u003C\/tr\u003E\u003Ctr\u003E\u003Ctd valign=\u0022top\u0022\u003E\u003Cp\u003ED\u00e9cembre 2025\u003C\/p\u003E\u003C\/td\u003E\u003Ctd valign=\u0022top\u0022\u003E\u003Cp align=\u0022center\u0022\u003E119,8\u003C\/p\u003E\u003C\/td\u003E\u003Ctd valign=\u0022top\u0022\u003E\u003Cp align=\u0022center\u0022\u003E+ 0,3 %\u003C\/p\u003E\u003C\/td\u003E\u003Ctd valign=\u0022top\u0022\u003E\u003Cp align=\u0022center\u0022\u003E- 2,2 %\u003C\/p\u003E\u003C\/td\u003E\u003C\/tr\u003E\u003C\/tbody\u003E\u003C\/table\u003E                                            \u003Cp\u003E\u003Cbr \/\u003E\u003Cstrong\u003ESource :\u003C\/strong\u003E\u003Cstrong\u003E\u00a0\u003C\/strong\u003E\u003C\/p\u003E\u003Cul\u003E\u003Cli\u003E\u003Ca href=\u0022https:\/\/www.insee.fr\/fr\/statistiques\/8733170\u0022 target=\u0022_blank\u0022 rel=\u0022noopener\u0022\u003EIndices de prix de production et d\u2019importation de l\u2019industrie (IPPI) \u2013 D\u00e9cembre 2025\u003C\/a\u003E\u003C\/li\u003E\u003C\/ul\u003E\u003C\/div\u003E","annee":"2025","theme":" Indices, taux, bar\u00e8mes juridiques","activites":["Industrie"],"image":"https:\/\/www.weblex.fr\/sites\/default\/files\/chiffres_clef\/Shutterstock_productionimportationindustrie.jpg","created":"2026-02-10","modified":"2026-04-21"},{"url":"\/chiffres-cles\/valeur-venale-des-vignes-en-2024","id":27756,"title":"Valeur v\u00e9nale des vignes en 2024","content":"\u003Cdiv\u003E                                              \u003Cp\u003ELes prix retenus sont ceux des terres agricoles, parcelles ou exploitations enti\u00e8res, non b\u00e2ties, et destin\u00e9es \u00e0 conserver, au moment de la transaction, leur vocation agricole.\u003C\/p\u003E\u003Cp\u003ELa valeur dominante correspond au prix le plus souvent pratiqu\u00e9 tel qu\u0027il a pu \u00eatre constat\u00e9 ou estim\u00e9.\u003C\/p\u003E\u003Cp\u003ELes valeurs maximum ou minimum correspondent respectivement aux prix pratiqu\u00e9s pour les terres les plus ch\u00e8res et les moins ch\u00e8res, compte tenu des conditions locales du march\u00e9. Les prix de vente retenus s\u0027entendent hors taxes et frais d\u0027acte non compris.\u003C\/p\u003E\u003Cp\u003E(Milliers euros courants \u00e0 l\u2019hectare)\u003C\/p\u003E\u003Ctable class=\u0022MsoTableGrid\u0022\u003E\u003Ctbody\u003E\u003Ctr\u003E\u003Ctd colspan=\u00224\u0022 valign=\u0022top\u0022\u003E\u003Cp align=\u0022center\u0022\u003E\u003Cstrong\u003ECat\u00e9gories des vignes (Bassins viticoles et AOP) selon les r\u00e9gions\u003C\/strong\u003E\u003C\/p\u003E\u003C\/td\u003E\u003C\/tr\u003E\u003Ctr\u003E\u003Ctd rowspan=\u00222\u0022 valign=\u0022top\u0022\u003E\u003Cp align=\u0022center\u0022\u003E\u003Cstrong\u003EBassins viticoles, R\u00e9gions, d\u00e9partements et Appellations\u003C\/strong\u003E\u003C\/p\u003E\u003C\/td\u003E\u003Ctd colspan=\u00223\u0022 valign=\u0022top\u0022\u003E\u003Cp align=\u0022center\u0022\u003E\u003Cstrong\u003E2024\u003C\/strong\u003E\u003C\/p\u003E\u003C\/td\u003E\u003C\/tr\u003E\u003Ctr\u003E\u003Ctd valign=\u0022top\u0022\u003E\u003Cp\u003E\u003Cstrong\u003EDominante\u003C\/strong\u003E\u003C\/p\u003E\u003C\/td\u003E\u003Ctd valign=\u0022top\u0022\u003E\u003Cp\u003E\u003Cstrong\u003EMinimum\u003C\/strong\u003E\u003C\/p\u003E\u003C\/td\u003E\u003Ctd valign=\u0022top\u0022\u003E\u003Cp\u003E\u003Cstrong\u003EMaximum\u003C\/strong\u003E\u003C\/p\u003E\u003C\/td\u003E\u003C\/tr\u003E\u003Ctr\u003E\u003Ctd valign=\u0022top\u0022\u003E\u003Cp\u003E\u003Cstrong\u003EAlsace-Est\u003C\/strong\u003E\u003C\/p\u003E\u003C\/td\u003E\u003Ctd\u003E\u003Cp align=\u0022center\u0022\u003E\u0026nbsp;\u003C\/p\u003E\u003C\/td\u003E\u003Ctd\u003E\u003Cp align=\u0022center\u0022\u003E\u0026nbsp;\u003C\/p\u003E\u003C\/td\u003E\u003Ctd\u003E\u003Cp align=\u0022center\u0022\u003E\u0026nbsp;\u003C\/p\u003E\u003C\/td\u003E\u003C\/tr\u003E\u003Ctr\u003E\u003Ctd valign=\u0022top\u0022\u003E\u003Cul\u003E\u003Cli\u003E\u003Cstrong\u003EGrand-Est\u003C\/strong\u003E\u003C\/li\u003E\u003C\/ul\u003E\u003C\/td\u003E\u003Ctd\u003E\u003Cp align=\u0022center\u0022\u003E\u0026nbsp;\u003C\/p\u003E\u003C\/td\u003E\u003Ctd\u003E\u003Cp align=\u0022center\u0022\u003E\u0026nbsp;\u003C\/p\u003E\u003C\/td\u003E\u003Ctd\u003E\u003Cp align=\u0022center\u0022\u003E\u0026nbsp;\u003C\/p\u003E\u003C\/td\u003E\u003C\/tr\u003E\u003Ctr\u003E\u003Ctd valign=\u0022top\u0022\u003E\u003Cul\u003E\u003Cli\u003E\u003Cstrong\u003EBas-Rhin\u003C\/strong\u003E\u003C\/li\u003E\u003C\/ul\u003E\u003C\/td\u003E\u003Ctd\u003E\u003Cp align=\u0022center\u0022\u003E\u0026nbsp;\u003C\/p\u003E\u003C\/td\u003E\u003Ctd\u003E\u003Cp align=\u0022center\u0022\u003E\u0026nbsp;\u003C\/p\u003E\u003C\/td\u003E\u003Ctd\u003E\u003Cp align=\u0022center\u0022\u003E\u0026nbsp;\u003C\/p\u003E\u003C\/td\u003E\u003C\/tr\u003E\u003Ctr\u003E\u003Ctd valign=\u0022top\u0022\u003E\u003Cp\u003EAlsace\u003C\/p\u003E\u003C\/td\u003E\u003Ctd\u003E\u003Cp align=\u0022center\u0022\u003E99\u003C\/p\u003E\u003C\/td\u003E\u003Ctd\u003E\u003Cp align=\u0022center\u0022\u003E15\u003C\/p\u003E\u003C\/td\u003E\u003Ctd\u003E\u003Cp align=\u0022center\u0022\u003E200\u003C\/p\u003E\u003C\/td\u003E\u003C\/tr\u003E\u003Ctr\u003E\u003Ctd valign=\u0022top\u0022\u003E\u003Cul\u003E\u003Cli\u003E\u003Cstrong\u003EHaut-Rhin\u003C\/strong\u003E\u003C\/li\u003E\u003C\/ul\u003E\u003C\/td\u003E\u003Ctd\u003E\u003Cp align=\u0022center\u0022\u003E\u0026nbsp;\u003C\/p\u003E\u003C\/td\u003E\u003Ctd\u003E\u003Cp align=\u0022center\u0022\u003E\u0026nbsp;\u003C\/p\u003E\u003C\/td\u003E\u003Ctd\u003E\u003Cp align=\u0022center\u0022\u003E\u0026nbsp;\u003C\/p\u003E\u003C\/td\u003E\u003C\/tr\u003E\u003Ctr\u003E\u003Ctd valign=\u0022top\u0022\u003E\u003Cp\u003EAlsace\u003C\/p\u003E\u003C\/td\u003E\u003Ctd\u003E\u003Cp align=\u0022center\u0022\u003E130\u003C\/p\u003E\u003C\/td\u003E\u003Ctd\u003E\u003Cp align=\u0022center\u0022\u003E14\u003C\/p\u003E\u003C\/td\u003E\u003Ctd\u003E\u003Cp align=\u0022center\u0022\u003E300\u003C\/p\u003E\u003C\/td\u003E\u003C\/tr\u003E\u003Ctr\u003E\u003Ctd valign=\u0022top\u0022\u003E\u003Cp\u003E\u003Cstrong\u003EBordeaux-Aquitaine\u003C\/strong\u003E\u003C\/p\u003E\u003C\/td\u003E\u003Ctd\u003E\u003Cp align=\u0022center\u0022\u003E\u0026nbsp;\u003C\/p\u003E\u003C\/td\u003E\u003Ctd\u003E\u003Cp align=\u0022center\u0022\u003E\u0026nbsp;\u003C\/p\u003E\u003C\/td\u003E\u003Ctd\u003E\u003Cp align=\u0022center\u0022\u003E\u0026nbsp;\u003C\/p\u003E\u003C\/td\u003E\u003C\/tr\u003E\u003Ctr\u003E\u003Ctd valign=\u0022top\u0022\u003E\u003Cp\u003E\u003Cstrong\u003ENouvelle-Aquitaine\u003C\/strong\u003E\u003C\/p\u003E\u003C\/td\u003E\u003Ctd\u003E\u003Cp align=\u0022center\u0022\u003E\u0026nbsp;\u003C\/p\u003E\u003C\/td\u003E\u003Ctd\u003E\u003Cp align=\u0022center\u0022\u003E\u0026nbsp;\u003C\/p\u003E\u003C\/td\u003E\u003Ctd\u003E\u003Cp align=\u0022center\u0022\u003E\u0026nbsp;\u003C\/p\u003E\u003C\/td\u003E\u003C\/tr\u003E\u003Ctr\u003E\u003Ctd valign=\u0022top\u0022\u003E\u003Cul\u003E\u003Cli\u003E\u003Cstrong\u003EDordogne\u003C\/strong\u003E\u003C\/li\u003E\u003C\/ul\u003E\u003C\/td\u003E\u003Ctd\u003E\u003Cp align=\u0022center\u0022\u003E\u0026nbsp;\u003C\/p\u003E\u003C\/td\u003E\u003Ctd\u003E\u003Cp align=\u0022center\u0022\u003E\u0026nbsp;\u003C\/p\u003E\u003C\/td\u003E\u003Ctd\u003E\u003Cp align=\u0022center\u0022\u003E\u0026nbsp;\u003C\/p\u003E\u003C\/td\u003E\u003C\/tr\u003E\u003Ctr\u003E\u003Ctd valign=\u0022top\u0022\u003E\u003Cp\u003EBergerac Rouge\u003C\/p\u003E\u003C\/td\u003E\u003Ctd\u003E\u003Cp align=\u0022center\u0022\u003E8\u003C\/p\u003E\u003C\/td\u003E\u003Ctd\u003E\u003Cp align=\u0022center\u0022\u003E7\u003C\/p\u003E\u003C\/td\u003E\u003Ctd\u003E\u003Cp align=\u0022center\u0022\u003E9\u003C\/p\u003E\u003C\/td\u003E\u003C\/tr\u003E\u003Ctr\u003E\u003Ctd valign=\u0022top\u0022\u003E\u003Cp\u003EBergerac Blanc\u003C\/p\u003E\u003C\/td\u003E\u003Ctd\u003E\u003Cp align=\u0022center\u0022\u003E7\u003C\/p\u003E\u003C\/td\u003E\u003Ctd\u003E\u003Cp align=\u0022center\u0022\u003E6\u003C\/p\u003E\u003C\/td\u003E\u003Ctd\u003E\u003Cp align=\u0022center\u0022\u003E8\u003C\/p\u003E\u003C\/td\u003E\u003C\/tr\u003E\u003Ctr\u003E\u003Ctd valign=\u0022top\u0022\u003E\u003Cp\u003EMonbazillac\u003C\/p\u003E\u003C\/td\u003E\u003Ctd\u003E\u003Cp align=\u0022center\u0022\u003E14\u003C\/p\u003E\u003C\/td\u003E\u003Ctd\u003E\u003Cp align=\u0022center\u0022\u003E12\u003C\/p\u003E\u003C\/td\u003E\u003Ctd\u003E\u003Cp align=\u0022center\u0022\u003E17\u003C\/p\u003E\u003C\/td\u003E\u003C\/tr\u003E\u003Ctr\u003E\u003Ctd valign=\u0022top\u0022\u003E\u003Cp\u003EP\u00e9charmant\u003C\/p\u003E\u003C\/td\u003E\u003Ctd\u003E\u003Cp align=\u0022center\u0022\u003E32\u003C\/p\u003E\u003C\/td\u003E\u003Ctd\u003E\u003Cp align=\u0022center\u0022\u003E30\u003C\/p\u003E\u003C\/td\u003E\u003Ctd\u003E\u003Cp align=\u0022center\u0022\u003E35\u003C\/p\u003E\u003C\/td\u003E\u003C\/tr\u003E\u003Ctr\u003E\u003Ctd valign=\u0022top\u0022\u003E\u003Cul\u003E\u003Cli\u003E\u003Cstrong\u003EGironde\u003C\/strong\u003E\u003C\/li\u003E\u003C\/ul\u003E\u003C\/td\u003E\u003Ctd\u003E\u003Cp align=\u0022center\u0022\u003E\u0026nbsp;\u003C\/p\u003E\u003C\/td\u003E\u003Ctd\u003E\u003Cp align=\u0022center\u0022\u003E\u0026nbsp;\u003C\/p\u003E\u003C\/td\u003E\u003Ctd\u003E\u003Cp align=\u0022center\u0022\u003E\u0026nbsp;\u003C\/p\u003E\u003C\/td\u003E\u003C\/tr\u003E\u003Ctr\u003E\u003Ctd valign=\u0022top\u0022\u003E\u003Cp\u003ECadillac \u2013 C\u00f4tes de Bordeaux\u003C\/p\u003E\u003C\/td\u003E\u003Ctd\u003E\u003Cp align=\u0022center\u0022\u003E9\u003C\/p\u003E\u003C\/td\u003E\u003Ctd\u003E\u003Cp align=\u0022center\u0022\u003E4\u003C\/p\u003E\u003C\/td\u003E\u003Ctd\u003E\u003Cp align=\u0022center\u0022\u003E15\u003C\/p\u003E\u003C\/td\u003E\u003C\/tr\u003E\u003Ctr\u003E\u003Ctd valign=\u0022top\u0022\u003E\u003Cp\u003EBordeaux Blanc\u003C\/p\u003E\u003C\/td\u003E\u003Ctd\u003E\u003Cp align=\u0022center\u0022\u003E8\u003C\/p\u003E\u003C\/td\u003E\u003Ctd\u003E\u003Cp align=\u0022center\u0022\u003E4\u003C\/p\u003E\u003C\/td\u003E\u003Ctd\u003E\u003Cp align=\u0022center\u0022\u003E14\u003C\/p\u003E\u003C\/td\u003E\u003C\/tr\u003E\u003Ctr\u003E\u003Ctd valign=\u0022top\u0022\u003E\u003Cp\u003EBordeaux Rouge\u003C\/p\u003E\u003C\/td\u003E\u003Ctd\u003E\u003Cp align=\u0022center\u0022\u003E8\u003C\/p\u003E\u003C\/td\u003E\u003Ctd\u003E\u003Cp align=\u0022center\u0022\u003E4\u003C\/p\u003E\u003C\/td\u003E\u003Ctd\u003E\u003Cp align=\u0022center\u0022\u003E14\u003C\/p\u003E\u003C\/td\u003E\u003C\/tr\u003E\u003Ctr\u003E\u003Ctd valign=\u0022top\u0022\u003E\u003Cp\u003ECanon Fronsac\u003C\/p\u003E\u003C\/td\u003E\u003Ctd\u003E\u003Cp align=\u0022center\u0022\u003END\u003C\/p\u003E\u003C\/td\u003E\u003Ctd\u003E\u003Cp align=\u0022center\u0022\u003END\u003C\/p\u003E\u003C\/td\u003E\u003Ctd\u003E\u003Cp align=\u0022center\u0022\u003END\u003C\/p\u003E\u003C\/td\u003E\u003C\/tr\u003E\u003Ctr\u003E\u003Ctd valign=\u0022top\u0022\u003E\u003Cp\u003EBlaye \u2013 C\u00f4tes de Bordeaux\u003C\/p\u003E\u003C\/td\u003E\u003Ctd\u003E\u003Cp align=\u0022center\u0022\u003E8\u003C\/p\u003E\u003C\/td\u003E\u003Ctd\u003E\u003Cp align=\u0022center\u0022\u003E4\u003C\/p\u003E\u003C\/td\u003E\u003Ctd\u003E\u003Cp align=\u0022center\u0022\u003E15\u003C\/p\u003E\u003C\/td\u003E\u003C\/tr\u003E\u003Ctr\u003E\u003Ctd valign=\u0022top\u0022\u003E\u003Cp\u003EC\u00f4tes de Bourg\u003C\/p\u003E\u003C\/td\u003E\u003Ctd\u003E\u003Cp align=\u0022center\u0022\u003E8\u003C\/p\u003E\u003C\/td\u003E\u003Ctd\u003E\u003Cp align=\u0022center\u0022\u003E4\u003C\/p\u003E\u003C\/td\u003E\u003Ctd\u003E\u003Cp align=\u0022center\u0022\u003E15\u003C\/p\u003E\u003C\/td\u003E\u003C\/tr\u003E\u003Ctr\u003E\u003Ctd valign=\u0022top\u0022\u003E\u003Cp\u003ECastillon et Francs \u2013 C\u00f4tes de Bordeaux\u003C\/p\u003E\u003C\/td\u003E\u003Ctd\u003E\u003Cp align=\u0022center\u0022\u003E8\u003C\/p\u003E\u003C\/td\u003E\u003Ctd\u003E\u003Cp align=\u0022center\u0022\u003E4\u003C\/p\u003E\u003C\/td\u003E\u003Ctd\u003E\u003Cp align=\u0022center\u0022\u003E15\u003C\/p\u003E\u003C\/td\u003E\u003C\/tr\u003E\u003Ctr\u003E\u003Ctd valign=\u0022top\u0022\u003E\u003Cp\u003EFronsac\u003C\/p\u003E\u003C\/td\u003E\u003Ctd\u003E\u003Cp align=\u0022center\u0022\u003END\u003C\/p\u003E\u003C\/td\u003E\u003Ctd\u003E\u003Cp align=\u0022center\u0022\u003END\u003C\/p\u003E\u003C\/td\u003E\u003Ctd\u003E\u003Cp align=\u0022center\u0022\u003END\u003C\/p\u003E\u003C\/td\u003E\u003C\/tr\u003E\u003Ctr\u003E\u003Ctd valign=\u0022top\u0022\u003E\u003Cp\u003EGraves Blanc\u003C\/p\u003E\u003C\/td\u003E\u003Ctd\u003E\u003Cp align=\u0022center\u0022\u003E25\u003C\/p\u003E\u003C\/td\u003E\u003Ctd\u003E\u003Cp align=\u0022center\u0022\u003E10\u003C\/p\u003E\u003C\/td\u003E\u003Ctd\u003E\u003Cp align=\u0022center\u0022\u003E32\u003C\/p\u003E\u003C\/td\u003E\u003C\/tr\u003E\u003Ctr\u003E\u003Ctd valign=\u0022top\u0022\u003E\u003Cp\u003EGraves de Vayre\u003C\/p\u003E\u003C\/td\u003E\u003Ctd\u003E\u003Cp align=\u0022center\u0022\u003E10\u003C\/p\u003E\u003C\/td\u003E\u003Ctd\u003E\u003Cp align=\u0022center\u0022\u003E4\u003C\/p\u003E\u003C\/td\u003E\u003Ctd\u003E\u003Cp align=\u0022center\u0022\u003E15\u003C\/p\u003E\u003C\/td\u003E\u003C\/tr\u003E\u003Ctr\u003E\u003Ctd valign=\u0022top\u0022\u003E\u003Cp\u003EGraves Rouge\u003C\/p\u003E\u003C\/td\u003E\u003Ctd\u003E\u003Cp align=\u0022center\u0022\u003E25\u003C\/p\u003E\u003C\/td\u003E\u003Ctd\u003E\u003Cp align=\u0022center\u0022\u003E10\u003C\/p\u003E\u003C\/td\u003E\u003Ctd\u003E\u003Cp align=\u0022center\u0022\u003E30\u003C\/p\u003E\u003C\/td\u003E\u003C\/tr\u003E\u003Ctr\u003E\u003Ctd valign=\u0022top\u0022\u003E\u003Cp\u003EHaut-M\u00e9doc\u003C\/p\u003E\u003C\/td\u003E\u003Ctd\u003E\u003Cp align=\u0022center\u0022\u003E40\u003C\/p\u003E\u003C\/td\u003E\u003Ctd\u003E\u003Cp align=\u0022center\u0022\u003E15\u003C\/p\u003E\u003C\/td\u003E\u003Ctd\u003E\u003Cp align=\u0022center\u0022\u003E120\u003C\/p\u003E\u003C\/td\u003E\u003C\/tr\u003E\u003Ctr\u003E\u003Ctd valign=\u0022top\u0022\u003E\u003Cp\u003ELalande de Pomerol\u003C\/p\u003E\u003C\/td\u003E\u003Ctd\u003E\u003Cp align=\u0022center\u0022\u003E150\u003C\/p\u003E\u003C\/td\u003E\u003Ctd\u003E\u003Cp align=\u0022center\u0022\u003E120\u003C\/p\u003E\u003C\/td\u003E\u003Ctd\u003E\u003Cp align=\u0022center\u0022\u003E180\u003C\/p\u003E\u003C\/td\u003E\u003C\/tr\u003E\u003Ctr\u003E\u003Ctd valign=\u0022top\u0022\u003E\u003Cp\u003ELiquoreux Rive Droite\u003C\/p\u003E\u003C\/td\u003E\u003Ctd\u003E\u003Cp align=\u0022center\u0022\u003E9\u003C\/p\u003E\u003C\/td\u003E\u003Ctd\u003E\u003Cp align=\u0022center\u0022\u003E4\u003C\/p\u003E\u003C\/td\u003E\u003Ctd\u003E\u003Cp align=\u0022center\u0022\u003E15\u003C\/p\u003E\u003C\/td\u003E\u003C\/tr\u003E\u003Ctr\u003E\u003Ctd valign=\u0022top\u0022\u003E\u003Cp\u003EListrac\u003C\/p\u003E\u003C\/td\u003E\u003Ctd\u003E\u003Cp align=\u0022center\u0022\u003E20\u003C\/p\u003E\u003C\/td\u003E\u003Ctd\u003E\u003Cp align=\u0022center\u0022\u003E15\u003C\/p\u003E\u003C\/td\u003E\u003Ctd\u003E\u003Cp align=\u0022center\u0022\u003E30\u003C\/p\u003E\u003C\/td\u003E\u003C\/tr\u003E\u003Ctr\u003E\u003Ctd valign=\u0022top\u0022\u003E\u003Cp\u003EMargaux\u003C\/p\u003E\u003C\/td\u003E\u003Ctd\u003E\u003Cp align=\u0022center\u0022\u003E1 400\u003C\/p\u003E\u003C\/td\u003E\u003Ctd\u003E\u003Cp align=\u0022center\u0022\u003E\u0026nbsp;900\u003C\/p\u003E\u003C\/td\u003E\u003Ctd\u003E\u003Cp align=\u0022center\u0022\u003E2 000\u003C\/p\u003E\u003C\/td\u003E\u003C\/tr\u003E\u003Ctr\u003E\u003Ctd valign=\u0022top\u0022\u003E\u003Cp\u003EM\u00e9doc\u003C\/p\u003E\u003C\/td\u003E\u003Ctd\u003E\u003Cp align=\u0022center\u0022\u003E14\u003C\/p\u003E\u003C\/td\u003E\u003Ctd\u003E\u003Cp align=\u0022center\u0022\u003E5\u003C\/p\u003E\u003C\/td\u003E\u003Ctd\u003E\u003Cp align=\u0022center\u0022\u003E30\u003C\/p\u003E\u003C\/td\u003E\u003C\/tr\u003E\u003Ctr\u003E\u003Ctd valign=\u0022top\u0022\u003E\u003Cp\u003EMoulis\u003C\/p\u003E\u003C\/td\u003E\u003Ctd\u003E\u003Cp align=\u0022center\u0022\u003E40\u003C\/p\u003E\u003C\/td\u003E\u003Ctd\u003E\u003Cp align=\u0022center\u0022\u003E30\u003C\/p\u003E\u003C\/td\u003E\u003Ctd\u003E\u003Cp align=\u0022center\u0022\u003E60\u003C\/p\u003E\u003C\/td\u003E\u003C\/tr\u003E\u003Ctr\u003E\u003Ctd valign=\u0022top\u0022\u003E\u003Cp\u003EPauillac\u003C\/p\u003E\u003C\/td\u003E\u003Ctd\u003E\u003Cp align=\u0022center\u0022\u003E2 500\u003C\/p\u003E\u003C\/td\u003E\u003Ctd\u003E\u003Cp align=\u0022center\u0022\u003E1 700\u003C\/p\u003E\u003C\/td\u003E\u003Ctd\u003E\u003Cp align=\u0022center\u0022\u003E4 000\u003C\/p\u003E\u003C\/td\u003E\u003C\/tr\u003E\u003Ctr\u003E\u003Ctd valign=\u0022top\u0022\u003E\u003Cp\u003EPessac-L\u00e9ognan\u003C\/p\u003E\u003C\/td\u003E\u003Ctd\u003E\u003Cp align=\u0022center\u0022\u003E450\u003C\/p\u003E\u003C\/td\u003E\u003Ctd\u003E\u003Cp align=\u0022center\u0022\u003E350\u003C\/p\u003E\u003C\/td\u003E\u003Ctd\u003E\u003Cp align=\u0022center\u0022\u003E600\u003C\/p\u003E\u003C\/td\u003E\u003C\/tr\u003E\u003Ctr\u003E\u003Ctd valign=\u0022top\u0022\u003E\u003Cp\u003EPomerol\u003C\/p\u003E\u003C\/td\u003E\u003Ctd\u003E\u003Cp align=\u0022center\u0022\u003END\u003C\/p\u003E\u003C\/td\u003E\u003Ctd\u003E\u003Cp align=\u0022center\u0022\u003END\u003C\/p\u003E\u003C\/td\u003E\u003Ctd\u003E\u003Cp align=\u0022center\u0022\u003END\u003C\/p\u003E\u003C\/td\u003E\u003C\/tr\u003E\u003Ctr\u003E\u003Ctd valign=\u0022top\u0022\u003E\u003Cp\u003ESaint-Est\u00e8phe\u003C\/p\u003E\u003C\/td\u003E\u003Ctd\u003E\u003Cp align=\u0022center\u0022\u003E400\u003C\/p\u003E\u003C\/td\u003E\u003Ctd\u003E\u003Cp align=\u0022center\u0022\u003E200\u003C\/p\u003E\u003C\/td\u003E\u003Ctd\u003E\u003Cp align=\u0022center\u0022\u003E\u0026nbsp;900\u003C\/p\u003E\u003C\/td\u003E\u003C\/tr\u003E\u003Ctr\u003E\u003Ctd valign=\u0022top\u0022\u003E\u003Cp\u003ESaint-\u00c9milion\u003C\/p\u003E\u003C\/td\u003E\u003Ctd\u003E\u003Cp align=\u0022center\u0022\u003E250\u003C\/p\u003E\u003C\/td\u003E\u003Ctd\u003E\u003Cp align=\u0022center\u0022\u003E150\u003C\/p\u003E\u003C\/td\u003E\u003Ctd\u003E\u003Cp align=\u0022center\u0022\u003E2 500\u003C\/p\u003E\u003C\/td\u003E\u003C\/tr\u003E\u003Ctr\u003E\u003Ctd valign=\u0022top\u0022\u003E\u003Cp\u003ESaint-Julien\u003C\/p\u003E\u003C\/td\u003E\u003Ctd\u003E\u003Cp align=\u0022center\u0022\u003END\u003C\/p\u003E\u003C\/td\u003E\u003Ctd\u003E\u003Cp align=\u0022center\u0022\u003END\u003C\/p\u003E\u003C\/td\u003E\u003Ctd\u003E\u003Cp align=\u0022center\u0022\u003END\u003C\/p\u003E\u003C\/td\u003E\u003C\/tr\u003E\u003Ctr\u003E\u003Ctd valign=\u0022top\u0022\u003E\u003Cp\u003ESatellites de Saint-\u00c9milion\u003C\/p\u003E\u003C\/td\u003E\u003Ctd\u003E\u003Cp align=\u0022center\u0022\u003E35\u003C\/p\u003E\u003C\/td\u003E\u003Ctd\u003E\u003Cp align=\u0022center\u0022\u003E15\u003C\/p\u003E\u003C\/td\u003E\u003Ctd\u003E\u003Cp align=\u0022center\u0022\u003E90\u003C\/p\u003E\u003C\/td\u003E\u003C\/tr\u003E\u003Ctr\u003E\u003Ctd valign=\u0022top\u0022\u003E\u003Cp\u003ESauternes\u003C\/p\u003E\u003C\/td\u003E\u003Ctd\u003E\u003Cp align=\u0022center\u0022\u003E28\u003C\/p\u003E\u003C\/td\u003E\u003Ctd\u003E\u003Cp align=\u0022center\u0022\u003E15\u003C\/p\u003E\u003C\/td\u003E\u003Ctd\u003E\u003Cp align=\u0022center\u0022\u003E150\u003C\/p\u003E\u003C\/td\u003E\u003C\/tr\u003E\u003Ctr\u003E\u003Ctd valign=\u0022top\u0022\u003E\u003Cul\u003E\u003Cli\u003E\u003Cstrong\u003ELot-et-Garonne\u003C\/strong\u003E\u003C\/li\u003E\u003C\/ul\u003E\u003C\/td\u003E\u003Ctd\u003E\u003Cp align=\u0022center\u0022\u003E\u0026nbsp;\u003C\/p\u003E\u003C\/td\u003E\u003Ctd\u003E\u003Cp align=\u0022center\u0022\u003E\u0026nbsp;\u003C\/p\u003E\u003C\/td\u003E\u003Ctd\u003E\u003Cp align=\u0022center\u0022\u003E\u0026nbsp;\u003C\/p\u003E\u003C\/td\u003E\u003C\/tr\u003E\u003Ctr\u003E\u003Ctd valign=\u0022top\u0022\u003E\u003Cp\u003EBuzet\u003C\/p\u003E\u003C\/td\u003E\u003Ctd\u003E\u003Cp align=\u0022center\u0022\u003E8\u003C\/p\u003E\u003C\/td\u003E\u003Ctd\u003E\u003Cp align=\u0022center\u0022\u003E7\u003C\/p\u003E\u003C\/td\u003E\u003Ctd\u003E\u003Cp align=\u0022center\u0022\u003E11\u003C\/p\u003E\u003C\/td\u003E\u003C\/tr\u003E\u003Ctr\u003E\u003Ctd valign=\u0022top\u0022\u003E\u003Cp\u003EC\u00f4tes de Duras\u003C\/p\u003E\u003C\/td\u003E\u003Ctd\u003E\u003Cp align=\u0022center\u0022\u003E8\u003C\/p\u003E\u003C\/td\u003E\u003Ctd\u003E\u003Cp align=\u0022center\u0022\u003E7\u003C\/p\u003E\u003C\/td\u003E\u003Ctd\u003E\u003Cp align=\u0022center\u0022\u003E10\u003C\/p\u003E\u003C\/td\u003E\u003C\/tr\u003E\u003Ctr\u003E\u003Ctd valign=\u0022top\u0022\u003E\u003Cp\u003EC\u00f4tes du Marmandais\u003C\/p\u003E\u003C\/td\u003E\u003Ctd\u003E\u003Cp align=\u0022center\u0022\u003E10\u003C\/p\u003E\u003C\/td\u003E\u003Ctd\u003E\u003Cp align=\u0022center\u0022\u003E8\u003C\/p\u003E\u003C\/td\u003E\u003Ctd\u003E\u003Cp align=\u0022center\u0022\u003E10\u003C\/p\u003E\u003C\/td\u003E\u003C\/tr\u003E\u003Ctr\u003E\u003Ctd valign=\u0022top\u0022\u003E\u003Cp\u003E\u003Cstrong\u003EBourgogne \u2013 Beaujolais \u2013 Savoie \u2013 Jura\u003C\/strong\u003E\u003C\/p\u003E\u003C\/td\u003E\u003Ctd\u003E\u003Cp align=\u0022center\u0022\u003E\u0026nbsp;\u003C\/p\u003E\u003C\/td\u003E\u003Ctd\u003E\u003Cp align=\u0022center\u0022\u003E\u0026nbsp;\u003C\/p\u003E\u003C\/td\u003E\u003Ctd\u003E\u003Cp align=\u0022center\u0022\u003E\u0026nbsp;\u003C\/p\u003E\u003C\/td\u003E\u003C\/tr\u003E\u003Ctr\u003E\u003Ctd valign=\u0022top\u0022\u003E\u003Cp\u003E\u003Cstrong\u003EBourgogne-Franche-Comt\u00e9\u003C\/strong\u003E\u003C\/p\u003E\u003C\/td\u003E\u003Ctd\u003E\u003Cp align=\u0022center\u0022\u003E\u0026nbsp;\u003C\/p\u003E\u003C\/td\u003E\u003Ctd\u003E\u003Cp align=\u0022center\u0022\u003E\u0026nbsp;\u003C\/p\u003E\u003C\/td\u003E\u003Ctd\u003E\u003Cp align=\u0022center\u0022\u003E\u0026nbsp;\u003C\/p\u003E\u003C\/td\u003E\u003C\/tr\u003E\u003Ctr\u003E\u003Ctd valign=\u0022top\u0022\u003E\u003Cul\u003E\u003Cli\u003E\u003Cstrong\u003EC\u00f4te-d\u2019Or\u003C\/strong\u003E\u003C\/li\u003E\u003C\/ul\u003E\u003C\/td\u003E\u003Ctd\u003E\u003Cp align=\u0022center\u0022\u003E\u0026nbsp;\u003C\/p\u003E\u003C\/td\u003E\u003Ctd\u003E\u003Cp align=\u0022center\u0022\u003E\u0026nbsp;\u003C\/p\u003E\u003C\/td\u003E\u003Ctd\u003E\u003Cp align=\u0022center\u0022\u003E\u0026nbsp;\u003C\/p\u003E\u003C\/td\u003E\u003C\/tr\u003E\u003Ctr\u003E\u003Ctd valign=\u0022top\u0022\u003E\u003Cp\u003EBourgogne Appellation R\u00e9gionale\u003C\/p\u003E\u003C\/td\u003E\u003Ctd\u003E\u003Cp align=\u0022center\u0022\u003E57\u003C\/p\u003E\u003C\/td\u003E\u003Ctd\u003E\u003Cp align=\u0022center\u0022\u003E30\u003C\/p\u003E\u003C\/td\u003E\u003Ctd\u003E\u003Cp align=\u0022center\u0022\u003E107\u003C\/p\u003E\u003C\/td\u003E\u003C\/tr\u003E\u003Ctr\u003E\u003Ctd valign=\u0022top\u0022\u003E\u003Cp\u003EBourgogne Appellations Communales C\u00f4te de Beaune Rouge\u003C\/p\u003E\u003C\/td\u003E\u003Ctd\u003E\u003Cp align=\u0022center\u0022\u003E450\u003C\/p\u003E\u003C\/td\u003E\u003Ctd\u003E\u003Cp align=\u0022center\u0022\u003E260\u003C\/p\u003E\u003C\/td\u003E\u003Ctd\u003E\u003Cp align=\u0022center\u0022\u003E1 275\u003C\/p\u003E\u003C\/td\u003E\u003C\/tr\u003E\u003Ctr\u003E\u003Ctd valign=\u0022top\u0022\u003E\u003Cp\u003EBourgogne Appellations Communales C\u00f4te de Beaune Blanc\u003C\/p\u003E\u003C\/td\u003E\u003Ctd\u003E\u003Cp align=\u0022center\u0022\u003E1 050\u003C\/p\u003E\u003C\/td\u003E\u003Ctd\u003E\u003Cp align=\u0022center\u0022\u003E400\u003C\/p\u003E\u003C\/td\u003E\u003Ctd\u003E\u003Cp align=\u0022center\u0022\u003E2 200\u003C\/p\u003E\u003C\/td\u003E\u003C\/tr\u003E\u003Ctr\u003E\u003Ctd valign=\u0022top\u0022\u003E\u003Cp\u003EBourgogne Appellations Communales C\u00f4te de Nuits Rouge\u003C\/p\u003E\u003C\/td\u003E\u003Ctd\u003E\u003Cp align=\u0022center\u0022\u003E900\u003C\/p\u003E\u003C\/td\u003E\u003Ctd\u003E\u003Cp align=\u0022center\u0022\u003E195\u003C\/p\u003E\u003C\/td\u003E\u003Ctd\u003E\u003Cp align=\u0022center\u0022\u003E1 900\u003C\/p\u003E\u003C\/td\u003E\u003C\/tr\u003E\u003Ctr\u003E\u003Ctd valign=\u0022top\u0022\u003E\u003Cp\u003EBourgogne Premier Cru Rouge\u003C\/p\u003E\u003C\/td\u003E\u003Ctd\u003E\u003Cp align=\u0022center\u0022\u003E1 040\u003C\/p\u003E\u003C\/td\u003E\u003Ctd\u003E\u003Cp align=\u0022center\u0022\u003E480\u003C\/p\u003E\u003C\/td\u003E\u003Ctd\u003E\u003Cp align=\u0022center\u0022\u003E4 750\u003C\/p\u003E\u003C\/td\u003E\u003C\/tr\u003E\u003Ctr\u003E\u003Ctd valign=\u0022top\u0022\u003E\u003Cp\u003EBourgogne Premier Cru Blanc\u003C\/p\u003E\u003C\/td\u003E\u003Ctd\u003E\u003Cp align=\u0022center\u0022\u003E2 550\u003C\/p\u003E\u003C\/td\u003E\u003Ctd\u003E\u003Cp align=\u0022center\u0022\u003E535\u003C\/p\u003E\u003C\/td\u003E\u003Ctd\u003E\u003Cp align=\u0022center\u0022\u003E6 400\u003C\/p\u003E\u003C\/td\u003E\u003C\/tr\u003E\u003Ctr\u003E\u003Ctd valign=\u0022top\u0022\u003E\u003Cp\u003EBourgogne Grand Cru\u003C\/p\u003E\u003C\/td\u003E\u003Ctd\u003E\u003Cp align=\u0022center\u0022\u003END\u003C\/p\u003E\u003C\/td\u003E\u003Ctd\u003E\u003Cp align=\u0022center\u0022\u003END\u003C\/p\u003E\u003C\/td\u003E\u003Ctd\u003E\u003Cp align=\u0022center\u0022\u003END\u003C\/p\u003E\u003C\/td\u003E\u003C\/tr\u003E\u003Ctr\u003E\u003Ctd valign=\u0022top\u0022\u003E\u003Cul\u003E\u003Cli\u003E\u003Cstrong\u003EJura\u003C\/strong\u003E\u003C\/li\u003E\u003C\/ul\u003E\u003C\/td\u003E\u003Ctd\u003E\u003Cp align=\u0022center\u0022\u003E\u0026nbsp;\u003C\/p\u003E\u003C\/td\u003E\u003Ctd\u003E\u003Cp align=\u0022center\u0022\u003E\u0026nbsp;\u003C\/p\u003E\u003C\/td\u003E\u003Ctd\u003E\u003Cp align=\u0022center\u0022\u003E\u0026nbsp;\u003C\/p\u003E\u003C\/td\u003E\u003C\/tr\u003E\u003Ctr\u003E\u003Ctd valign=\u0022top\u0022\u003E\u003Cp\u003EC\u00f4tes du Jura\u003C\/p\u003E\u003C\/td\u003E\u003Ctd\u003E\u003Cp align=\u0022center\u0022\u003E35\u003C\/p\u003E\u003C\/td\u003E\u003Ctd\u003E\u003Cp align=\u0022center\u0022\u003E20\u003C\/p\u003E\u003C\/td\u003E\u003Ctd\u003E\u003Cp align=\u0022center\u0022\u003E45\u003C\/p\u003E\u003C\/td\u003E\u003C\/tr\u003E\u003Ctr\u003E\u003Ctd valign=\u0022top\u0022\u003E\u003Cp\u003EL\u2019\u00c9toile\u003C\/p\u003E\u003C\/td\u003E\u003Ctd\u003E\u003Cp align=\u0022center\u0022\u003E38\u003C\/p\u003E\u003C\/td\u003E\u003Ctd\u003E\u003Cp align=\u0022center\u0022\u003E20\u003C\/p\u003E\u003C\/td\u003E\u003Ctd\u003E\u003Cp align=\u0022center\u0022\u003E40\u003C\/p\u003E\u003C\/td\u003E\u003C\/tr\u003E\u003Ctr\u003E\u003Ctd valign=\u0022top\u0022\u003E\u003Cp\u003EArbois\u003C\/p\u003E\u003C\/td\u003E\u003Ctd\u003E\u003Cp align=\u0022center\u0022\u003E50\u003C\/p\u003E\u003C\/td\u003E\u003Ctd\u003E\u003Cp align=\u0022center\u0022\u003E30\u003C\/p\u003E\u003C\/td\u003E\u003Ctd\u003E\u003Cp align=\u0022center\u0022\u003E65\u003C\/p\u003E\u003C\/td\u003E\u003C\/tr\u003E\u003Ctr\u003E\u003Ctd valign=\u0022top\u0022\u003E\u003Cp\u003ECh\u00e2teau-Chalon\u003C\/p\u003E\u003C\/td\u003E\u003Ctd\u003E\u003Cp align=\u0022center\u0022\u003E55\u003C\/p\u003E\u003C\/td\u003E\u003Ctd\u003E\u003Cp align=\u0022center\u0022\u003E30\u003C\/p\u003E\u003C\/td\u003E\u003Ctd\u003E\u003Cp align=\u0022center\u0022\u003E60\u003C\/p\u003E\u003C\/td\u003E\u003C\/tr\u003E\u003Ctr\u003E\u003Ctd valign=\u0022top\u0022\u003E\u003Cul\u003E\u003Cli\u003E\u003Cstrong\u003ESa\u00f4ne-et-Loire\u003C\/strong\u003E\u003C\/li\u003E\u003C\/ul\u003E\u003C\/td\u003E\u003Ctd\u003E\u003Cp align=\u0022center\u0022\u003E\u0026nbsp;\u003C\/p\u003E\u003C\/td\u003E\u003Ctd\u003E\u003Cp align=\u0022center\u0022\u003E\u0026nbsp;\u003C\/p\u003E\u003C\/td\u003E\u003Ctd\u003E\u003Cp align=\u0022center\u0022\u003E\u0026nbsp;\u003C\/p\u003E\u003C\/td\u003E\u003C\/tr\u003E\u003Ctr\u003E\u003Ctd valign=\u0022top\u0022\u003E\u003Cp\u003EBourgogne Rouge\u003C\/p\u003E\u003C\/td\u003E\u003Ctd\u003E\u003Cp align=\u0022center\u0022\u003E32\u003C\/p\u003E\u003C\/td\u003E\u003Ctd\u003E\u003Cp align=\u0022center\u0022\u003E7\u003C\/p\u003E\u003C\/td\u003E\u003Ctd\u003E\u003Cp align=\u0022center\u0022\u003E45\u003C\/p\u003E\u003C\/td\u003E\u003C\/tr\u003E\u003Ctr\u003E\u003Ctd valign=\u0022top\u0022\u003E\u003Cp\u003EBourgogne Aligot\u00e9\u003C\/p\u003E\u003C\/td\u003E\u003Ctd\u003E\u003Cp align=\u0022center\u0022\u003E35\u003C\/p\u003E\u003C\/td\u003E\u003Ctd\u003E\u003Cp align=\u0022center\u0022\u003E15\u003C\/p\u003E\u003C\/td\u003E\u003Ctd\u003E\u003Cp align=\u0022center\u0022\u003E40\u003C\/p\u003E\u003C\/td\u003E\u003C\/tr\u003E\u003Ctr\u003E\u003Ctd valign=\u0022top\u0022\u003E\u003Cp\u003EBourgogne C\u00f4te Chalonnaise\u003C\/p\u003E\u003C\/td\u003E\u003Ctd\u003E\u003Cp align=\u0022center\u0022\u003E35\u003C\/p\u003E\u003C\/td\u003E\u003Ctd\u003E\u003Cp align=\u0022center\u0022\u003E15\u003C\/p\u003E\u003C\/td\u003E\u003Ctd\u003E\u003Cp align=\u0022center\u0022\u003E40\u003C\/p\u003E\u003C\/td\u003E\u003C\/tr\u003E\u003Ctr\u003E\u003Ctd valign=\u0022top\u0022\u003E\u003Cp\u003EBourgogne Appellations Communales C\u00f4te Chalonnaise Rouge\u003C\/p\u003E\u003C\/td\u003E\u003Ctd\u003E\u003Cp align=\u0022center\u0022\u003E120\u003C\/p\u003E\u003C\/td\u003E\u003Ctd\u003E\u003Cp align=\u0022center\u0022\u003E45\u003C\/p\u003E\u003C\/td\u003E\u003Ctd\u003E\u003Cp align=\u0022center\u0022\u003E220\u003C\/p\u003E\u003C\/td\u003E\u003C\/tr\u003E\u003Ctr\u003E\u003Ctd valign=\u0022top\u0022\u003E\u003Cp\u003EBourgogne Appellations Communales C\u00f4te Chalonnaise Blanc\u003C\/p\u003E\u003C\/td\u003E\u003Ctd\u003E\u003Cp align=\u0022center\u0022\u003E110\u003C\/p\u003E\u003C\/td\u003E\u003Ctd\u003E\u003Cp align=\u0022center\u0022\u003E50\u003C\/p\u003E\u003C\/td\u003E\u003Ctd\u003E\u003Cp align=\u0022center\u0022\u003E200\u003C\/p\u003E\u003C\/td\u003E\u003C\/tr\u003E\u003Ctr\u003E\u003Ctd valign=\u0022top\u0022\u003E\u003Cp\u003EBeaujolais et Beaujolais Villages Rouge\u003C\/p\u003E\u003C\/td\u003E\u003Ctd\u003E\u003Cp align=\u0022center\u0022\u003E12\u003C\/p\u003E\u003C\/td\u003E\u003Ctd\u003E\u003Cp align=\u0022center\u0022\u003E4\u003C\/p\u003E\u003C\/td\u003E\u003Ctd\u003E\u003Cp align=\u0022center\u0022\u003E20\u003C\/p\u003E\u003C\/td\u003E\u003C\/tr\u003E\u003Ctr\u003E\u003Ctd valign=\u0022top\u0022\u003E\u003Cp\u003EMoulin \u00e0 Vent et Saint-Amour\u003C\/p\u003E\u003C\/td\u003E\u003Ctd\u003E\u003Cp align=\u0022center\u0022\u003E110\u003C\/p\u003E\u003C\/td\u003E\u003Ctd\u003E\u003Cp align=\u0022center\u0022\u003E60\u003C\/p\u003E\u003C\/td\u003E\u003Ctd\u003E\u003Cp align=\u0022center\u0022\u003E130\u003C\/p\u003E\u003C\/td\u003E\u003C\/tr\u003E\u003Ctr\u003E\u003Ctd valign=\u0022top\u0022\u003E\u003Cp\u003EM\u00e2con Rouge\u003C\/p\u003E\u003C\/td\u003E\u003Ctd\u003E\u003Cp align=\u0022center\u0022\u003E28\u003C\/p\u003E\u003C\/td\u003E\u003Ctd\u003E\u003Cp align=\u0022center\u0022\u003E10\u003C\/p\u003E\u003C\/td\u003E\u003Ctd\u003E\u003Cp align=\u0022center\u0022\u003E35\u003C\/p\u003E\u003C\/td\u003E\u003C\/tr\u003E\u003Ctr\u003E\u003Ctd valign=\u0022top\u0022\u003E\u003Cp\u003EM\u00e2con Blanc\u003C\/p\u003E\u003C\/td\u003E\u003Ctd\u003E\u003Cp align=\u0022center\u0022\u003E75\u003C\/p\u003E\u003C\/td\u003E\u003Ctd\u003E\u003Cp align=\u0022center\u0022\u003E20\u003C\/p\u003E\u003C\/td\u003E\u003Ctd\u003E\u003Cp align=\u0022center\u0022\u003E90\u003C\/p\u003E\u003C\/td\u003E\u003C\/tr\u003E\u003Ctr\u003E\u003Ctd valign=\u0022top\u0022\u003E\u003Cp\u003EPouilly-Fuiss\u00e9\u003C\/p\u003E\u003C\/td\u003E\u003Ctd\u003E\u003Cp align=\u0022center\u0022\u003E265\u003C\/p\u003E\u003C\/td\u003E\u003Ctd\u003E\u003Cp align=\u0022center\u0022\u003E200\u003C\/p\u003E\u003C\/td\u003E\u003Ctd\u003E\u003Cp align=\u0022center\u0022\u003E325\u003C\/p\u003E\u003C\/td\u003E\u003C\/tr\u003E\u003Ctr\u003E\u003Ctd valign=\u0022top\u0022\u003E\u003Cp\u003EPouilly-Loch\u00e9 et Vinzelles\u003C\/p\u003E\u003C\/td\u003E\u003Ctd\u003E\u003Cp align=\u0022center\u0022\u003E110\u003C\/p\u003E\u003C\/td\u003E\u003Ctd\u003E\u003Cp align=\u0022center\u0022\u003E70\u003C\/p\u003E\u003C\/td\u003E\u003Ctd\u003E\u003Cp align=\u0022center\u0022\u003E145\u003C\/p\u003E\u003C\/td\u003E\u003C\/tr\u003E\u003Ctr\u003E\u003Ctd valign=\u0022top\u0022\u003E\u003Cp\u003ESaint-V\u00e9ran\u003C\/p\u003E\u003C\/td\u003E\u003Ctd\u003E\u003Cp align=\u0022center\u0022\u003E145\u003C\/p\u003E\u003C\/td\u003E\u003Ctd\u003E\u003Cp align=\u0022center\u0022\u003E100\u003C\/p\u003E\u003C\/td\u003E\u003Ctd\u003E\u003Cp align=\u0022center\u0022\u003E160\u003C\/p\u003E\u003C\/td\u003E\u003C\/tr\u003E\u003Ctr\u003E\u003Ctd valign=\u0022top\u0022\u003E\u003Cp\u003EVir\u00e9-Cless\u00e9\u003C\/p\u003E\u003C\/td\u003E\u003Ctd\u003E\u003Cp align=\u0022center\u0022\u003E130\u003C\/p\u003E\u003C\/td\u003E\u003Ctd\u003E\u003Cp align=\u0022center\u0022\u003E80\u003C\/p\u003E\u003C\/td\u003E\u003Ctd\u003E\u003Cp align=\u0022center\u0022\u003E140\u003C\/p\u003E\u003C\/td\u003E\u003C\/tr\u003E\u003Ctr\u003E\u003Ctd valign=\u0022top\u0022\u003E\u003Cul\u003E\u003Cli\u003E\u003Cstrong\u003EYonne\u003C\/strong\u003E\u003C\/li\u003E\u003C\/ul\u003E\u003C\/td\u003E\u003Ctd\u003E\u003Cp align=\u0022center\u0022\u003E\u0026nbsp;\u003C\/p\u003E\u003C\/td\u003E\u003Ctd\u003E\u003Cp align=\u0022center\u0022\u003E\u0026nbsp;\u003C\/p\u003E\u003C\/td\u003E\u003Ctd\u003E\u003Cp align=\u0022center\u0022\u003E\u0026nbsp;\u003C\/p\u003E\u003C\/td\u003E\u003C\/tr\u003E\u003Ctr\u003E\u003Ctd valign=\u0022top\u0022\u003E\u003Cp\u003EBourgogne Appellation R\u00e9gionale\u003C\/p\u003E\u003C\/td\u003E\u003Ctd\u003E\u003Cp align=\u0022center\u0022\u003E57\u003C\/p\u003E\u003C\/td\u003E\u003Ctd\u003E\u003Cp align=\u0022center\u0022\u003E29\u003C\/p\u003E\u003C\/td\u003E\u003Ctd\u003E\u003Cp align=\u0022center\u0022\u003E62\u003C\/p\u003E\u003C\/td\u003E\u003C\/tr\u003E\u003Ctr\u003E\u003Ctd valign=\u0022top\u0022\u003E\u003Cp\u003EPetit Chablis\u003C\/p\u003E\u003C\/td\u003E\u003Ctd\u003E\u003Cp align=\u0022center\u0022\u003E114\u003C\/p\u003E\u003C\/td\u003E\u003Ctd\u003E\u003Cp align=\u0022center\u0022\u003E100\u003C\/p\u003E\u003C\/td\u003E\u003Ctd\u003E\u003Cp align=\u0022center\u0022\u003E121\u003C\/p\u003E\u003C\/td\u003E\u003C\/tr\u003E\u003Ctr\u003E\u003Ctd valign=\u0022top\u0022\u003E\u003Cp\u003EChablis\u003C\/p\u003E\u003C\/td\u003E\u003Ctd\u003E\u003Cp align=\u0022center\u0022\u003E245\u003C\/p\u003E\u003C\/td\u003E\u003Ctd\u003E\u003Cp align=\u0022center\u0022\u003E176\u003C\/p\u003E\u003C\/td\u003E\u003Ctd\u003E\u003Cp align=\u0022center\u0022\u003E260\u003C\/p\u003E\u003C\/td\u003E\u003C\/tr\u003E\u003Ctr\u003E\u003Ctd valign=\u0022top\u0022\u003E\u003Cp\u003EChablis Premier Cru\u003C\/p\u003E\u003C\/td\u003E\u003Ctd\u003E\u003Cp align=\u0022center\u0022\u003E525\u003C\/p\u003E\u003C\/td\u003E\u003Ctd\u003E\u003Cp align=\u0022center\u0022\u003END\u003C\/p\u003E\u003C\/td\u003E\u003Ctd\u003E\u003Cp align=\u0022center\u0022\u003END\u003C\/p\u003E\u003C\/td\u003E\u003C\/tr\u003E\u003Ctr\u003E\u003Ctd valign=\u0022top\u0022\u003E\u003Cp\u003E\u003Cstrong\u003EAuvergne-Rh\u00f4ne-Alpes\u003C\/strong\u003E\u003C\/p\u003E\u003C\/td\u003E\u003Ctd\u003E\u003Cp align=\u0022center\u0022\u003E\u0026nbsp;\u003C\/p\u003E\u003C\/td\u003E\u003Ctd\u003E\u003Cp align=\u0022center\u0022\u003E\u0026nbsp;\u003C\/p\u003E\u003C\/td\u003E\u003Ctd\u003E\u003Cp align=\u0022center\u0022\u003E\u0026nbsp;\u003C\/p\u003E\u003C\/td\u003E\u003C\/tr\u003E\u003Ctr\u003E\u003Ctd valign=\u0022top\u0022\u003E\u003Cul\u003E\u003Cli\u003E\u003Cstrong\u003EAin\u003C\/strong\u003E\u003C\/li\u003E\u003C\/ul\u003E\u003C\/td\u003E\u003Ctd\u003E\u003Cp align=\u0022center\u0022\u003E\u0026nbsp;\u003C\/p\u003E\u003C\/td\u003E\u003Ctd\u003E\u003Cp align=\u0022center\u0022\u003E\u0026nbsp;\u003C\/p\u003E\u003C\/td\u003E\u003Ctd\u003E\u003Cp align=\u0022center\u0022\u003E\u0026nbsp;\u003C\/p\u003E\u003C\/td\u003E\u003C\/tr\u003E\u003Ctr\u003E\u003Ctd valign=\u0022top\u0022\u003E\u003Cp\u003EVin du Bugey\u003C\/p\u003E\u003C\/td\u003E\u003Ctd\u003E\u003Cp align=\u0022center\u0022\u003E15\u003C\/p\u003E\u003C\/td\u003E\u003Ctd\u003E\u003Cp align=\u0022center\u0022\u003E10\u003C\/p\u003E\u003C\/td\u003E\u003Ctd\u003E\u003Cp align=\u0022center\u0022\u003E20\u003C\/p\u003E\u003C\/td\u003E\u003C\/tr\u003E\u003Ctr\u003E\u003Ctd valign=\u0022top\u0022\u003E\u003Cul\u003E\u003Cli\u003E\u003Cstrong\u003ERh\u00f4ne\u003C\/strong\u003E\u003C\/li\u003E\u003C\/ul\u003E\u003C\/td\u003E\u003Ctd\u003E\u003Cp align=\u0022center\u0022\u003E\u0026nbsp;\u003C\/p\u003E\u003C\/td\u003E\u003Ctd\u003E\u003Cp align=\u0022center\u0022\u003E\u0026nbsp;\u003C\/p\u003E\u003C\/td\u003E\u003Ctd\u003E\u003Cp align=\u0022center\u0022\u003E\u0026nbsp;\u003C\/p\u003E\u003C\/td\u003E\u003C\/tr\u003E\u003Ctr\u003E\u003Ctd valign=\u0022top\u0022\u003E\u003Cp\u003EBeaujolais Rouge\u003C\/p\u003E\u003C\/td\u003E\u003Ctd\u003E\u003Cp align=\u0022center\u0022\u003E11\u003C\/p\u003E\u003C\/td\u003E\u003Ctd\u003E\u003Cp align=\u0022center\u0022\u003E50\u003C\/p\u003E\u003C\/td\u003E\u003Ctd\u003E\u003Cp align=\u0022center\u0022\u003E15\u003C\/p\u003E\u003C\/td\u003E\u003C\/tr\u003E\u003Ctr\u003E\u003Ctd valign=\u0022top\u0022\u003E\u003Cp\u003EBeaujolais Village Rouge\u003C\/p\u003E\u003C\/td\u003E\u003Ctd\u003E\u003Cp align=\u0022center\u0022\u003E10\u003C\/p\u003E\u003C\/td\u003E\u003Ctd\u003E\u003Cp align=\u0022center\u0022\u003E5\u003C\/p\u003E\u003C\/td\u003E\u003Ctd\u003E\u003Cp align=\u0022center\u0022\u003E15\u003C\/p\u003E\u003C\/td\u003E\u003C\/tr\u003E\u003Ctr\u003E\u003Ctd valign=\u0022top\u0022\u003E\u003Cp\u003ECoteaux du Lyonnais\u003C\/p\u003E\u003C\/td\u003E\u003Ctd\u003E\u003Cp align=\u0022center\u0022\u003E9\u003C\/p\u003E\u003C\/td\u003E\u003Ctd\u003E\u003Cp align=\u0022center\u0022\u003E5\u003C\/p\u003E\u003C\/td\u003E\u003Ctd\u003E\u003Cp align=\u0022center\u0022\u003E15\u003C\/p\u003E\u003C\/td\u003E\u003C\/tr\u003E\u003Ctr\u003E\u003Ctd valign=\u0022top\u0022\u003E\u003Cp\u003ECrus Beaujolais\u003C\/p\u003E\u003C\/td\u003E\u003Ctd\u003E\u003Cp align=\u0022center\u0022\u003E61\u003C\/p\u003E\u003C\/td\u003E\u003Ctd\u003E\u003Cp align=\u0022center\u0022\u003END\u003C\/p\u003E\u003C\/td\u003E\u003Ctd\u003E\u003Cp align=\u0022center\u0022\u003END\u003C\/p\u003E\u003C\/td\u003E\u003C\/tr\u003E\u003Ctr\u003E\u003Ctd valign=\u0022top\u0022\u003E\u003Cp\u003EDont Brouilly\u003C\/p\u003E\u003C\/td\u003E\u003Ctd\u003E\u003Cp align=\u0022center\u0022\u003E60\u003C\/p\u003E\u003C\/td\u003E\u003Ctd\u003E\u003Cp align=\u0022center\u0022\u003E45\u003C\/p\u003E\u003C\/td\u003E\u003Ctd\u003E\u003Cp align=\u0022center\u0022\u003E80\u003C\/p\u003E\u003C\/td\u003E\u003C\/tr\u003E\u003Ctr\u003E\u003Ctd valign=\u0022top\u0022\u003E\u003Cp\u003EDont Ch\u00e9nas\u003C\/p\u003E\u003C\/td\u003E\u003Ctd\u003E\u003Cp align=\u0022center\u0022\u003E30\u003C\/p\u003E\u003C\/td\u003E\u003Ctd\u003E\u003Cp align=\u0022center\u0022\u003E25\u003C\/p\u003E\u003C\/td\u003E\u003Ctd\u003E\u003Cp align=\u0022center\u0022\u003E45\u003C\/p\u003E\u003C\/td\u003E\u003C\/tr\u003E\u003Ctr\u003E\u003Ctd valign=\u0022top\u0022\u003E\u003Cp\u003EDont Chiroubles\u003C\/p\u003E\u003C\/td\u003E\u003Ctd\u003E\u003Cp align=\u0022center\u0022\u003E20\u003C\/p\u003E\u003C\/td\u003E\u003Ctd\u003E\u003Cp align=\u0022center\u0022\u003E10\u003C\/p\u003E\u003C\/td\u003E\u003Ctd\u003E\u003Cp align=\u0022center\u0022\u003E35\u003C\/p\u003E\u003C\/td\u003E\u003C\/tr\u003E\u003Ctr\u003E\u003Ctd valign=\u0022top\u0022\u003E\u003Cp\u003EDont C\u00f4tes de Brouilly\u003C\/p\u003E\u003C\/td\u003E\u003Ctd\u003E\u003Cp align=\u0022center\u0022\u003E65\u003C\/p\u003E\u003C\/td\u003E\u003Ctd\u003E\u003Cp align=\u0022center\u0022\u003E40\u003C\/p\u003E\u003C\/td\u003E\u003Ctd\u003E\u003Cp align=\u0022center\u0022\u003E80\u003C\/p\u003E\u003C\/td\u003E\u003C\/tr\u003E\u003Ctr\u003E\u003Ctd valign=\u0022top\u0022\u003E\u003Cp\u003EDont Fleurie\u003C\/p\u003E\u003C\/td\u003E\u003Ctd\u003E\u003Cp align=\u0022center\u0022\u003E85\u003C\/p\u003E\u003C\/td\u003E\u003Ctd\u003E\u003Cp align=\u0022center\u0022\u003E50\u003C\/p\u003E\u003C\/td\u003E\u003Ctd\u003E\u003Cp align=\u0022center\u0022\u003E125\u003C\/p\u003E\u003C\/td\u003E\u003C\/tr\u003E\u003Ctr\u003E\u003Ctd valign=\u0022top\u0022\u003E\u003Cp\u003EDont Juli\u00e9nas\u003C\/p\u003E\u003C\/td\u003E\u003Ctd\u003E\u003Cp align=\u0022center\u0022\u003E35\u003C\/p\u003E\u003C\/td\u003E\u003Ctd\u003E\u003Cp align=\u0022center\u0022\u003E25\u003C\/p\u003E\u003C\/td\u003E\u003Ctd\u003E\u003Cp align=\u0022center\u0022\u003E50\u003C\/p\u003E\u003C\/td\u003E\u003C\/tr\u003E\u003Ctr\u003E\u003Ctd valign=\u0022top\u0022\u003E\u003Cp\u003EDont Morgon\u003C\/p\u003E\u003C\/td\u003E\u003Ctd\u003E\u003Cp align=\u0022center\u0022\u003E75\u003C\/p\u003E\u003C\/td\u003E\u003Ctd\u003E\u003Cp align=\u0022center\u0022\u003E50\u003C\/p\u003E\u003C\/td\u003E\u003Ctd\u003E\u003Cp align=\u0022center\u0022\u003E100\u003C\/p\u003E\u003C\/td\u003E\u003C\/tr\u003E\u003Ctr\u003E\u003Ctd valign=\u0022top\u0022\u003E\u003Cp\u003EDont Moulin \u00e0 Vent\u003C\/p\u003E\u003C\/td\u003E\u003Ctd\u003E\u003Cp align=\u0022center\u0022\u003E100\u003C\/p\u003E\u003C\/td\u003E\u003Ctd\u003E\u003Cp align=\u0022center\u0022\u003E80\u003C\/p\u003E\u003C\/td\u003E\u003Ctd\u003E\u003Cp align=\u0022center\u0022\u003E110\u003C\/p\u003E\u003C\/td\u003E\u003C\/tr\u003E\u003Ctr\u003E\u003Ctd valign=\u0022top\u0022\u003E\u003Cp\u003EDont R\u00e9gni\u00e9\u003C\/p\u003E\u003C\/td\u003E\u003Ctd\u003E\u003Cp align=\u0022center\u0022\u003E15\u003C\/p\u003E\u003C\/td\u003E\u003Ctd\u003E\u003Cp align=\u0022center\u0022\u003E6\u003C\/p\u003E\u003C\/td\u003E\u003Ctd\u003E\u003Cp align=\u0022center\u0022\u003E28\u003C\/p\u003E\u003C\/td\u003E\u003C\/tr\u003E\u003Ctr\u003E\u003Ctd valign=\u0022top\u0022\u003E\u003Cul\u003E\u003Cli\u003E\u003Cstrong\u003ESavoie\u003C\/strong\u003E\u003C\/li\u003E\u003C\/ul\u003E\u003C\/td\u003E\u003Ctd\u003E\u003Cp align=\u0022center\u0022\u003E\u0026nbsp;\u003C\/p\u003E\u003C\/td\u003E\u003Ctd\u003E\u003Cp align=\u0022center\u0022\u003E\u0026nbsp;\u003C\/p\u003E\u003C\/td\u003E\u003Ctd\u003E\u003Cp align=\u0022center\u0022\u003E\u0026nbsp;\u003C\/p\u003E\u003C\/td\u003E\u003C\/tr\u003E\u003Ctr\u003E\u003Ctd valign=\u0022top\u0022\u003E\u003Cp\u003EChautagne\u003C\/p\u003E\u003C\/td\u003E\u003Ctd\u003E\u003Cp align=\u0022center\u0022\u003E21\u003C\/p\u003E\u003C\/td\u003E\u003Ctd\u003E\u003Cp align=\u0022center\u0022\u003E18\u003C\/p\u003E\u003C\/td\u003E\u003Ctd\u003E\u003Cp align=\u0022center\u0022\u003E24\u003C\/p\u003E\u003C\/td\u003E\u003C\/tr\u003E\u003Ctr\u003E\u003Ctd valign=\u0022top\u0022\u003E\u003Cp\u003ECombe de Savoie\u003C\/p\u003E\u003C\/td\u003E\u003Ctd\u003E\u003Cp align=\u0022center\u0022\u003E35\u003C\/p\u003E\u003C\/td\u003E\u003Ctd\u003E\u003Cp align=\u0022center\u0022\u003E25\u003C\/p\u003E\u003C\/td\u003E\u003Ctd\u003E\u003Cp align=\u0022center\u0022\u003E50\u003C\/p\u003E\u003C\/td\u003E\u003C\/tr\u003E\u003Ctr\u003E\u003Ctd valign=\u0022top\u0022\u003E\u003Cp\u003ECluse de Chamb\u00e9ry\u003C\/p\u003E\u003C\/td\u003E\u003Ctd\u003E\u003Cp align=\u0022center\u0022\u003E50\u003C\/p\u003E\u003C\/td\u003E\u003Ctd\u003E\u003Cp align=\u0022center\u0022\u003E38\u003C\/p\u003E\u003C\/td\u003E\u003Ctd\u003E\u003Cp align=\u0022center\u0022\u003E80\u003C\/p\u003E\u003C\/td\u003E\u003C\/tr\u003E\u003Ctr\u003E\u003Ctd valign=\u0022top\u0022\u003E\u003Cp\u003ELes Quatre Cantons\u003C\/p\u003E\u003C\/td\u003E\u003Ctd\u003E\u003Cp align=\u0022center\u0022\u003E27\u003C\/p\u003E\u003C\/td\u003E\u003Ctd\u003E\u003Cp align=\u0022center\u0022\u003E24\u003C\/p\u003E\u003C\/td\u003E\u003Ctd\u003E\u003Cp align=\u0022center\u0022\u003E35\u003C\/p\u003E\u003C\/td\u003E\u003C\/tr\u003E\u003Ctr\u003E\u003Ctd valign=\u0022top\u0022\u003E\u003Cp\u003E\u003Cstrong\u003EChampagne\u003C\/strong\u003E\u003C\/p\u003E\u003C\/td\u003E\u003Ctd\u003E\u003Cp align=\u0022center\u0022\u003E\u0026nbsp;\u003C\/p\u003E\u003C\/td\u003E\u003Ctd\u003E\u003Cp align=\u0022center\u0022\u003E\u0026nbsp;\u003C\/p\u003E\u003C\/td\u003E\u003Ctd\u003E\u003Cp align=\u0022center\u0022\u003E\u0026nbsp;\u003C\/p\u003E\u003C\/td\u003E\u003C\/tr\u003E\u003Ctr\u003E\u003Ctd valign=\u0022top\u0022\u003E\u003Cp\u003E\u003Cstrong\u003EGrand Est\u003C\/strong\u003E\u003C\/p\u003E\u003C\/td\u003E\u003Ctd\u003E\u003Cp align=\u0022center\u0022\u003E\u0026nbsp;\u003C\/p\u003E\u003C\/td\u003E\u003Ctd\u003E\u003Cp align=\u0022center\u0022\u003E\u0026nbsp;\u003C\/p\u003E\u003C\/td\u003E\u003Ctd\u003E\u003Cp align=\u0022center\u0022\u003E\u0026nbsp;\u003C\/p\u003E\u003C\/td\u003E\u003C\/tr\u003E\u003Ctr\u003E\u003Ctd valign=\u0022top\u0022\u003E\u003Cul\u003E\u003Cli\u003E\u003Cstrong\u003EAube\u003C\/strong\u003E\u003C\/li\u003E\u003C\/ul\u003E\u003C\/td\u003E\u003Ctd\u003E\u003Cp align=\u0022center\u0022\u003E\u0026nbsp;\u003C\/p\u003E\u003C\/td\u003E\u003Ctd\u003E\u003Cp align=\u0022center\u0022\u003E\u0026nbsp;\u003C\/p\u003E\u003C\/td\u003E\u003Ctd\u003E\u003Cp align=\u0022center\u0022\u003E\u0026nbsp;\u003C\/p\u003E\u003C\/td\u003E\u003C\/tr\u003E\u003Ctr\u003E\u003Ctd valign=\u0022top\u0022\u003E\u003Cp\u003EChampagne\u003C\/p\u003E\u003C\/td\u003E\u003Ctd\u003E\u003Cp align=\u0022center\u0022\u003E950\u003C\/p\u003E\u003C\/td\u003E\u003Ctd\u003E\u003Cp align=\u0022center\u0022\u003E400\u003C\/p\u003E\u003C\/td\u003E\u003Ctd\u003E\u003Cp align=\u0022center\u0022\u003E1 100\u003C\/p\u003E\u003C\/td\u003E\u003C\/tr\u003E\u003Ctr\u003E\u003Ctd valign=\u0022top\u0022\u003E\u003Cul\u003E\u003Cli\u003E\u003Cstrong\u003EMarne\u003C\/strong\u003E\u003C\/li\u003E\u003C\/ul\u003E\u003C\/td\u003E\u003Ctd\u003E\u0026nbsp;\u003C\/td\u003E\u003Ctd\u003E\u003Cp align=\u0022center\u0022\u003E\u0026nbsp;\u003C\/p\u003E\u003C\/td\u003E\u003Ctd\u003E\u003Cp align=\u0022center\u0022\u003E\u0026nbsp;\u003C\/p\u003E\u003C\/td\u003E\u003C\/tr\u003E\u003Ctr\u003E\u003Ctd valign=\u0022top\u0022\u003E\u003Cp\u003EChampagne \u2013 C\u00f4te des Blancs\u003C\/p\u003E\u003C\/td\u003E\u003Ctd\u003E\u003Cp align=\u0022center\u0022\u003E1 632\u003C\/p\u003E\u003C\/td\u003E\u003Ctd\u003E\u003Cp align=\u0022center\u0022\u003E390\u003C\/p\u003E\u003C\/td\u003E\u003Ctd\u003E\u003Cp align=\u0022center\u0022\u003E2 227\u003C\/p\u003E\u003C\/td\u003E\u003C\/tr\u003E\u003Ctr\u003E\u003Ctd valign=\u0022top\u0022\u003E\u003Cp\u003EChampagne \u2013 Grands et premiers crus montagne de Reims et Grande Vall\u00e9e\u003C\/p\u003E\u003C\/td\u003E\u003Ctd\u003E\u003Cp align=\u0022center\u0022\u003E1 229\u003C\/p\u003E\u003C\/td\u003E\u003Ctd\u003E\u003Cp align=\u0022center\u0022\u003E333\u003C\/p\u003E\u003C\/td\u003E\u003Ctd\u003E\u003Cp align=\u0022center\u0022\u003E1 631\u003C\/p\u003E\u003C\/td\u003E\u003C\/tr\u003E\u003Ctr\u003E\u003Ctd valign=\u0022top\u0022\u003E\u003Cp\u003EChampagne \u2013 Vall\u00e9e de la Marne, de l\u2019Ardre et de la Vesle\u003C\/p\u003E\u003C\/td\u003E\u003Ctd\u003E\u003Cp align=\u0022center\u0022\u003E1 020\u003C\/p\u003E\u003C\/td\u003E\u003Ctd\u003E\u003Cp align=\u0022center\u0022\u003E186\u003C\/p\u003E\u003C\/td\u003E\u003Ctd\u003E\u003Cp align=\u0022center\u0022\u003E1 305\u003C\/p\u003E\u003C\/td\u003E\u003C\/tr\u003E\u003Ctr\u003E\u003Ctd valign=\u0022top\u0022\u003E\u003Cp\u003EChampagne \u2013 Sud Marnais\u003C\/p\u003E\u003C\/td\u003E\u003Ctd\u003E\u003Cp align=\u0022center\u0022\u003E1 167\u003C\/p\u003E\u003C\/td\u003E\u003Ctd\u003E\u003Cp align=\u0022center\u0022\u003E112\u003C\/p\u003E\u003C\/td\u003E\u003Ctd\u003E\u003Cp align=\u0022center\u0022\u003E1 495\u003C\/p\u003E\u003C\/td\u003E\u003C\/tr\u003E\u003Ctr\u003E\u003Ctd valign=\u0022top\u0022\u003E\u003Cp\u003E\u003Cstrong\u003EHauts-de-France\u003C\/strong\u003E\u003C\/p\u003E\u003C\/td\u003E\u003Ctd\u003E\u003Cp align=\u0022center\u0022\u003E\u0026nbsp;\u003C\/p\u003E\u003C\/td\u003E\u003Ctd\u003E\u003Cp align=\u0022center\u0022\u003E\u0026nbsp;\u003C\/p\u003E\u003C\/td\u003E\u003Ctd\u003E\u003Cp align=\u0022center\u0022\u003E\u0026nbsp;\u003C\/p\u003E\u003C\/td\u003E\u003C\/tr\u003E\u003Ctr\u003E\u003Ctd valign=\u0022top\u0022\u003E\u003Cul\u003E\u003Cli\u003E\u003Cstrong\u003EAisne\u003C\/strong\u003E\u003C\/li\u003E\u003C\/ul\u003E\u003C\/td\u003E\u003Ctd\u003E\u003Cp align=\u0022center\u0022\u003E\u0026nbsp;\u003C\/p\u003E\u003C\/td\u003E\u003Ctd\u003E\u003Cp align=\u0022center\u0022\u003E\u0026nbsp;\u003C\/p\u003E\u003C\/td\u003E\u003Ctd\u003E\u003Cp align=\u0022center\u0022\u003E\u0026nbsp;\u003C\/p\u003E\u003C\/td\u003E\u003C\/tr\u003E\u003Ctr\u003E\u003Ctd valign=\u0022top\u0022\u003E\u003Cp\u003EChampagne\u003C\/p\u003E\u003C\/td\u003E\u003Ctd\u003E\u003Cp align=\u0022center\u0022\u003E882\u003C\/p\u003E\u003C\/td\u003E\u003Ctd\u003E\u003Cp align=\u0022center\u0022\u003E651\u003C\/p\u003E\u003C\/td\u003E\u003Ctd\u003E\u003Cp align=\u0022center\u0022\u003E988\u003C\/p\u003E\u003C\/td\u003E\u003C\/tr\u003E\u003Ctr\u003E\u003Ctd valign=\u0022top\u0022\u003E\u003Cp\u003E\u003Cstrong\u003ECharentes \u2013 Cognac\u003C\/strong\u003E\u003C\/p\u003E\u003C\/td\u003E\u003Ctd\u003E\u003Cp align=\u0022center\u0022\u003E\u0026nbsp;\u003C\/p\u003E\u003C\/td\u003E\u003Ctd\u003E\u003Cp align=\u0022center\u0022\u003E\u0026nbsp;\u003C\/p\u003E\u003C\/td\u003E\u003Ctd\u003E\u003Cp align=\u0022center\u0022\u003E\u0026nbsp;\u003C\/p\u003E\u003C\/td\u003E\u003C\/tr\u003E\u003Ctr\u003E\u003Ctd valign=\u0022top\u0022\u003E\u003Cp\u003E\u003Cstrong\u003ENouvelle-Aquitaine\u003C\/strong\u003E\u003C\/p\u003E\u003C\/td\u003E\u003Ctd\u003E\u003Cp align=\u0022center\u0022\u003E\u0026nbsp;\u003C\/p\u003E\u003C\/td\u003E\u003Ctd\u003E\u003Cp align=\u0022center\u0022\u003E\u0026nbsp;\u003C\/p\u003E\u003C\/td\u003E\u003Ctd\u003E\u003Cp align=\u0022center\u0022\u003E\u0026nbsp;\u003C\/p\u003E\u003C\/td\u003E\u003C\/tr\u003E\u003Ctr\u003E\u003Ctd valign=\u0022top\u0022\u003E\u003Cul\u003E\u003Cli\u003E\u003Cstrong\u003ECharente\u003C\/strong\u003E\u003C\/li\u003E\u003C\/ul\u003E\u003C\/td\u003E\u003Ctd\u003E\u003Cp align=\u0022center\u0022\u003E\u0026nbsp;\u003C\/p\u003E\u003C\/td\u003E\u003Ctd\u003E\u003Cp align=\u0022center\u0022\u003E\u0026nbsp;\u003C\/p\u003E\u003C\/td\u003E\u003Ctd\u003E\u003Cp align=\u0022center\u0022\u003E\u0026nbsp;\u003C\/p\u003E\u003C\/td\u003E\u003C\/tr\u003E\u003Ctr\u003E\u003Ctd valign=\u0022top\u0022\u003E\u003Cp\u003ECognac Grande Champagne\u003C\/p\u003E\u003C\/td\u003E\u003Ctd\u003E\u003Cp align=\u0022center\u0022\u003E60\u003C\/p\u003E\u003C\/td\u003E\u003Ctd\u003E\u003Cp align=\u0022center\u0022\u003E45\u003C\/p\u003E\u003C\/td\u003E\u003Ctd\u003E\u003Cp align=\u0022center\u0022\u003E65\u003C\/p\u003E\u003C\/td\u003E\u003C\/tr\u003E\u003Ctr\u003E\u003Ctd valign=\u0022top\u0022\u003E\u003Cp\u003ECognac Petite Champagne\u003C\/p\u003E\u003C\/td\u003E\u003Ctd\u003E\u003Cp align=\u0022center\u0022\u003E50\u003C\/p\u003E\u003C\/td\u003E\u003Ctd\u003E\u003Cp align=\u0022center\u0022\u003E38\u003C\/p\u003E\u003C\/td\u003E\u003Ctd\u003E\u003Cp align=\u0022center\u0022\u003E55\u003C\/p\u003E\u003C\/td\u003E\u003C\/tr\u003E\u003Ctr\u003E\u003Ctd valign=\u0022top\u0022\u003E\u003Cp\u003ECognac Borderies\u003C\/p\u003E\u003C\/td\u003E\u003Ctd\u003E\u003Cp align=\u0022center\u0022\u003E60\u003C\/p\u003E\u003C\/td\u003E\u003Ctd\u003E\u003Cp align=\u0022center\u0022\u003E45\u003C\/p\u003E\u003C\/td\u003E\u003Ctd\u003E\u003Cp align=\u0022center\u0022\u003E65\u003C\/p\u003E\u003C\/td\u003E\u003C\/tr\u003E\u003Ctr\u003E\u003Ctd valign=\u0022top\u0022\u003E\u003Cp\u003ECognac Fins Bois\u003C\/p\u003E\u003C\/td\u003E\u003Ctd\u003E\u003Cp align=\u0022center\u0022\u003E50\u003C\/p\u003E\u003C\/td\u003E\u003Ctd\u003E\u003Cp align=\u0022center\u0022\u003E38\u003C\/p\u003E\u003C\/td\u003E\u003Ctd\u003E\u003Cp align=\u0022center\u0022\u003E55\u003C\/p\u003E\u003C\/td\u003E\u003C\/tr\u003E\u003Ctr\u003E\u003Ctd valign=\u0022top\u0022\u003E\u003Cp\u003ECognac Bons Bois\u003C\/p\u003E\u003C\/td\u003E\u003Ctd\u003E\u003Cp align=\u0022center\u0022\u003E35\u003C\/p\u003E\u003C\/td\u003E\u003Ctd\u003E\u003Cp align=\u0022center\u0022\u003E28\u003C\/p\u003E\u003C\/td\u003E\u003Ctd\u003E\u003Cp align=\u0022center\u0022\u003E40\u003C\/p\u003E\u003C\/td\u003E\u003C\/tr\u003E\u003Ctr\u003E\u003Ctd valign=\u0022top\u0022\u003E\u003Cul\u003E\u003Cli\u003E\u003Cstrong\u003ECharente-Maritime\u003C\/strong\u003E\u003C\/li\u003E\u003C\/ul\u003E\u003C\/td\u003E\u003Ctd\u003E\u003Cp align=\u0022center\u0022\u003E\u0026nbsp;\u003C\/p\u003E\u003C\/td\u003E\u003Ctd\u003E\u003Cp align=\u0022center\u0022\u003E\u0026nbsp;\u003C\/p\u003E\u003C\/td\u003E\u003Ctd\u003E\u003Cp align=\u0022center\u0022\u003E\u0026nbsp;\u003C\/p\u003E\u003C\/td\u003E\u003C\/tr\u003E\u003Ctr\u003E\u003Ctd valign=\u0022top\u0022\u003E\u003Cp\u003ECognac Petite Champagne\u003C\/p\u003E\u003C\/td\u003E\u003Ctd\u003E\u003Cp align=\u0022center\u0022\u003E60\u003C\/p\u003E\u003C\/td\u003E\u003Ctd\u003E\u003Cp align=\u0022center\u0022\u003E40\u003C\/p\u003E\u003C\/td\u003E\u003Ctd\u003E\u003Cp align=\u0022center\u0022\u003E70\u003C\/p\u003E\u003C\/td\u003E\u003C\/tr\u003E\u003Ctr\u003E\u003Ctd valign=\u0022top\u0022\u003E\u003Cp\u003ECognac Borderies\u003C\/p\u003E\u003C\/td\u003E\u003Ctd\u003E\u003Cp align=\u0022center\u0022\u003E60\u003C\/p\u003E\u003C\/td\u003E\u003Ctd\u003E\u003Cp align=\u0022center\u0022\u003E45\u003C\/p\u003E\u003C\/td\u003E\u003Ctd\u003E\u003Cp align=\u0022center\u0022\u003E70\u003C\/p\u003E\u003C\/td\u003E\u003C\/tr\u003E\u003Ctr\u003E\u003Ctd valign=\u0022top\u0022\u003E\u003Cp\u003ECognac Fins Bois\u003C\/p\u003E\u003C\/td\u003E\u003Ctd\u003E\u003Cp align=\u0022center\u0022\u003E50\u003C\/p\u003E\u003C\/td\u003E\u003Ctd\u003E\u003Cp align=\u0022center\u0022\u003E30\u003C\/p\u003E\u003C\/td\u003E\u003Ctd\u003E\u003Cp align=\u0022center\u0022\u003E60\u003C\/p\u003E\u003C\/td\u003E\u003C\/tr\u003E\u003Ctr\u003E\u003Ctd valign=\u0022top\u0022\u003E\u003Cp\u003ECognac Bons Bois\u003C\/p\u003E\u003C\/td\u003E\u003Ctd\u003E\u003Cp align=\u0022center\u0022\u003E30\u003C\/p\u003E\u003C\/td\u003E\u003Ctd\u003E\u003Cp align=\u0022center\u0022\u003E20\u003C\/p\u003E\u003C\/td\u003E\u003Ctd\u003E\u003Cp align=\u0022center\u0022\u003E40\u003C\/p\u003E\u003C\/td\u003E\u003C\/tr\u003E\u003Ctr\u003E\u003Ctd valign=\u0022top\u0022\u003E\u003Cp\u003E\u003Cstrong\u003ECorse\u003C\/strong\u003E\u003C\/p\u003E\u003C\/td\u003E\u003Ctd\u003E\u003Cp align=\u0022center\u0022\u003E\u0026nbsp;\u003C\/p\u003E\u003C\/td\u003E\u003Ctd\u003E\u003Cp align=\u0022center\u0022\u003E\u0026nbsp;\u003C\/p\u003E\u003C\/td\u003E\u003Ctd\u003E\u003Cp align=\u0022center\u0022\u003E\u0026nbsp;\u003C\/p\u003E\u003C\/td\u003E\u003C\/tr\u003E\u003Ctr\u003E\u003Ctd valign=\u0022top\u0022\u003E\u003Cp\u003E\u003Cstrong\u003ECorse\u003C\/strong\u003E\u003C\/p\u003E\u003C\/td\u003E\u003Ctd\u003E\u003Cp align=\u0022center\u0022\u003E\u0026nbsp;\u003C\/p\u003E\u003C\/td\u003E\u003Ctd\u003E\u003Cp align=\u0022center\u0022\u003E\u0026nbsp;\u003C\/p\u003E\u003C\/td\u003E\u003Ctd\u003E\u003Cp align=\u0022center\u0022\u003E\u0026nbsp;\u003C\/p\u003E\u003C\/td\u003E\u003C\/tr\u003E\u003Ctr\u003E\u003Ctd valign=\u0022top\u0022\u003E\u003Cul\u003E\u003Cli\u003E\u003Cstrong\u003ECorse-du-Sud\u003C\/strong\u003E\u003C\/li\u003E\u003C\/ul\u003E\u003C\/td\u003E\u003Ctd\u003E\u003Cp align=\u0022center\u0022\u003E\u0026nbsp;\u003C\/p\u003E\u003C\/td\u003E\u003Ctd\u003E\u003Cp align=\u0022center\u0022\u003E\u0026nbsp;\u003C\/p\u003E\u003C\/td\u003E\u003Ctd\u003E\u003Cp align=\u0022center\u0022\u003E\u0026nbsp;\u003C\/p\u003E\u003C\/td\u003E\u003C\/tr\u003E\u003Ctr\u003E\u003Ctd valign=\u0022top\u0022\u003E\u003Cp\u003EAjaccio\u003C\/p\u003E\u003C\/td\u003E\u003Ctd\u003E\u003Cp align=\u0022center\u0022\u003E28\u003C\/p\u003E\u003C\/td\u003E\u003Ctd\u003E\u003Cp align=\u0022center\u0022\u003E20\u003C\/p\u003E\u003C\/td\u003E\u003Ctd\u003E\u003Cp align=\u0022center\u0022\u003E30\u003C\/p\u003E\u003C\/td\u003E\u003C\/tr\u003E\u003Ctr\u003E\u003Ctd valign=\u0022top\u0022\u003E\u003Cp\u003EVin de Corse (Figari, Sart\u00e8ne, Porto-Vecchio)\u003C\/p\u003E\u003C\/td\u003E\u003Ctd\u003E\u003Cp align=\u0022center\u0022\u003E28\u003C\/p\u003E\u003C\/td\u003E\u003Ctd\u003E\u003Cp align=\u0022center\u0022\u003E15\u003C\/p\u003E\u003C\/td\u003E\u003Ctd\u003E\u003Cp align=\u0022center\u0022\u003E30\u003C\/p\u003E\u003C\/td\u003E\u003C\/tr\u003E\u003Ctr\u003E\u003Ctd valign=\u0022top\u0022\u003E\u003Cul\u003E\u003Cli\u003E\u003Cstrong\u003EHaute-Corse\u003C\/strong\u003E\u003C\/li\u003E\u003C\/ul\u003E\u003C\/td\u003E\u003Ctd\u003E\u003Cp align=\u0022center\u0022\u003E\u0026nbsp;\u003C\/p\u003E\u003C\/td\u003E\u003Ctd\u003E\u003Cp align=\u0022center\u0022\u003E\u0026nbsp;\u003C\/p\u003E\u003C\/td\u003E\u003Ctd\u003E\u003Cp align=\u0022center\u0022\u003E\u0026nbsp;\u003C\/p\u003E\u003C\/td\u003E\u003C\/tr\u003E\u003Ctr\u003E\u003Ctd valign=\u0022top\u0022\u003E\u003Cp\u003ECalvi\u003C\/p\u003E\u003C\/td\u003E\u003Ctd\u003E\u003Cp align=\u0022center\u0022\u003E25\u003C\/p\u003E\u003C\/td\u003E\u003Ctd\u003E\u003Cp align=\u0022center\u0022\u003E25\u003C\/p\u003E\u003C\/td\u003E\u003Ctd\u003E\u003Cp align=\u0022center\u0022\u003E30\u003C\/p\u003E\u003C\/td\u003E\u003C\/tr\u003E\u003Ctr\u003E\u003Ctd valign=\u0022top\u0022\u003E\u003Cp\u003EPatrimonio et Coteaux du Cap Corse\u003C\/p\u003E\u003C\/td\u003E\u003Ctd\u003E\u003Cp align=\u0022center\u0022\u003E35\u003C\/p\u003E\u003C\/td\u003E\u003Ctd\u003E\u003Cp align=\u0022center\u0022\u003E30\u003C\/p\u003E\u003C\/td\u003E\u003Ctd\u003E\u003Cp align=\u0022center\u0022\u003E40\u003C\/p\u003E\u003C\/td\u003E\u003C\/tr\u003E\u003Ctr\u003E\u003Ctd valign=\u0022top\u0022\u003E\u003Cp\u003EVin de Corse sans d\u00e9nomination locale (Plaine Orientale)\u003C\/p\u003E\u003C\/td\u003E\u003Ctd\u003E\u003Cp align=\u0022center\u0022\u003E16\u003C\/p\u003E\u003C\/td\u003E\u003Ctd\u003E\u003Cp align=\u0022center\u0022\u003E12\u003C\/p\u003E\u003C\/td\u003E\u003Ctd\u003E\u003Cp align=\u0022center\u0022\u003E18\u003C\/p\u003E\u003C\/td\u003E\u003C\/tr\u003E\u003Ctr\u003E\u003Ctd valign=\u0022top\u0022\u003E\u003Cp\u003EMuscat du Cap Corse\u003C\/p\u003E\u003C\/td\u003E\u003Ctd\u003E\u003Cp align=\u0022center\u0022\u003E25\u003C\/p\u003E\u003C\/td\u003E\u003Ctd\u003E\u003Cp align=\u0022center\u0022\u003E20\u003C\/p\u003E\u003C\/td\u003E\u003Ctd\u003E\u003Cp align=\u0022center\u0022\u003E30\u003C\/p\u003E\u003C\/td\u003E\u003C\/tr\u003E\u003Ctr\u003E\u003Ctd valign=\u0022top\u0022\u003E\u003Cp\u003EVins IGP et Vins sans IG\u003C\/p\u003E\u003C\/td\u003E\u003Ctd\u003E\u003Cp align=\u0022center\u0022\u003E18\u003C\/p\u003E\u003C\/td\u003E\u003Ctd\u003E\u003Cp align=\u0022center\u0022\u003E18\u003C\/p\u003E\u003C\/td\u003E\u003Ctd\u003E\u003Cp align=\u0022center\u0022\u003E18\u003C\/p\u003E\u003C\/td\u003E\u003C\/tr\u003E\u003Ctr\u003E\u003Ctd valign=\u0022top\u0022\u003E\u003Cp\u003E\u003Cstrong\u003ELanguedoc-Roussillon\u003C\/strong\u003E\u003C\/p\u003E\u003C\/td\u003E\u003Ctd\u003E\u003Cp align=\u0022center\u0022\u003E\u0026nbsp;\u003C\/p\u003E\u003C\/td\u003E\u003Ctd\u003E\u003Cp align=\u0022center\u0022\u003E\u0026nbsp;\u003C\/p\u003E\u003C\/td\u003E\u003Ctd\u003E\u003Cp align=\u0022center\u0022\u003E\u0026nbsp;\u003C\/p\u003E\u003C\/td\u003E\u003C\/tr\u003E\u003Ctr\u003E\u003Ctd valign=\u0022top\u0022\u003E\u003Cp\u003E\u003Cstrong\u003EOccitanie\u003C\/strong\u003E\u003C\/p\u003E\u003C\/td\u003E\u003Ctd\u003E\u003Cp align=\u0022center\u0022\u003E\u0026nbsp;\u003C\/p\u003E\u003C\/td\u003E\u003Ctd\u003E\u003Cp align=\u0022center\u0022\u003E\u0026nbsp;\u003C\/p\u003E\u003C\/td\u003E\u003Ctd\u003E\u003Cp align=\u0022center\u0022\u003E\u0026nbsp;\u003C\/p\u003E\u003C\/td\u003E\u003C\/tr\u003E\u003Ctr\u003E\u003Ctd valign=\u0022top\u0022\u003E\u003Cul\u003E\u003Cli\u003E\u003Cstrong\u003EAude\u003C\/strong\u003E\u003C\/li\u003E\u003C\/ul\u003E\u003C\/td\u003E\u003Ctd\u003E\u003Cp align=\u0022center\u0022\u003E\u0026nbsp;\u003C\/p\u003E\u003C\/td\u003E\u003Ctd\u003E\u003Cp align=\u0022center\u0022\u003E\u0026nbsp;\u003C\/p\u003E\u003C\/td\u003E\u003Ctd\u003E\u003Cp align=\u0022center\u0022\u003E\u0026nbsp;\u003C\/p\u003E\u003C\/td\u003E\u003C\/tr\u003E\u003Ctr\u003E\u003Ctd valign=\u0022top\u0022\u003E\u003Cp\u003ECabard\u00e8s\u003C\/p\u003E\u003C\/td\u003E\u003Ctd\u003E\u003Cp align=\u0022center\u0022\u003E11\u003C\/p\u003E\u003C\/td\u003E\u003Ctd\u003E\u003Cp align=\u0022center\u0022\u003E8\u003C\/p\u003E\u003C\/td\u003E\u003Ctd\u003E\u003Cp align=\u0022center\u0022\u003E15\u003C\/p\u003E\u003C\/td\u003E\u003C\/tr\u003E\u003Ctr\u003E\u003Ctd valign=\u0022top\u0022\u003E\u003Cp\u003ECorbi\u00e8res et Corbi\u00e8res-Boutenac\u003C\/p\u003E\u003C\/td\u003E\u003Ctd\u003E\u003Cp align=\u0022center\u0022\u003E8\u003C\/p\u003E\u003C\/td\u003E\u003Ctd\u003E\u003Cp align=\u0022center\u0022\u003E5\u003C\/p\u003E\u003C\/td\u003E\u003Ctd\u003E\u003Cp align=\u0022center\u0022\u003E16\u003C\/p\u003E\u003C\/td\u003E\u003C\/tr\u003E\u003Ctr\u003E\u003Ctd valign=\u0022top\u0022\u003E\u003Cp\u003ELanguedoc\u003C\/p\u003E\u003C\/td\u003E\u003Ctd\u003E\u003Cp align=\u0022center\u0022\u003E12\u003C\/p\u003E\u003C\/td\u003E\u003Ctd\u003E\u003Cp align=\u0022center\u0022\u003E7\u003C\/p\u003E\u003C\/td\u003E\u003Ctd\u003E\u003Cp align=\u0022center\u0022\u003E14\u003C\/p\u003E\u003C\/td\u003E\u003C\/tr\u003E\u003Ctr\u003E\u003Ctd valign=\u0022top\u0022\u003E\u003Cp\u003ELanguedoc-La Clape Quatourze\u003C\/p\u003E\u003C\/td\u003E\u003Ctd\u003E\u003Cp align=\u0022center\u0022\u003E14\u003C\/p\u003E\u003C\/td\u003E\u003Ctd\u003E\u003Cp align=\u0022center\u0022\u003E7\u003C\/p\u003E\u003C\/td\u003E\u003Ctd\u003E\u003Cp align=\u0022center\u0022\u003E17\u003C\/p\u003E\u003C\/td\u003E\u003C\/tr\u003E\u003Ctr\u003E\u003Ctd valign=\u0022top\u0022\u003E\u003Cp\u003EFitou\u003C\/p\u003E\u003C\/td\u003E\u003Ctd\u003E\u003Cp align=\u0022center\u0022\u003END\u003C\/p\u003E\u003C\/td\u003E\u003Ctd\u003E\u003Cp align=\u0022center\u0022\u003END\u003C\/p\u003E\u003C\/td\u003E\u003Ctd\u003E\u003Cp align=\u0022center\u0022\u003END\u003C\/p\u003E\u003C\/td\u003E\u003C\/tr\u003E\u003Ctr\u003E\u003Ctd valign=\u0022top\u0022\u003E\u003Cp\u003ELimoux, Blanquette de Limoux et Cr\u00e9mant de Limoux\u003C\/p\u003E\u003C\/td\u003E\u003Ctd\u003E\u003Cp align=\u0022center\u0022\u003E14\u003C\/p\u003E\u003C\/td\u003E\u003Ctd\u003E\u003Cp align=\u0022center\u0022\u003E8\u003C\/p\u003E\u003C\/td\u003E\u003Ctd\u003E\u003Cp align=\u0022center\u0022\u003E18\u003C\/p\u003E\u003C\/td\u003E\u003C\/tr\u003E\u003Ctr\u003E\u003Ctd valign=\u0022top\u0022\u003E\u003Cp\u003EMalep\u00e8re\u003C\/p\u003E\u003C\/td\u003E\u003Ctd\u003E\u003Cp align=\u0022center\u0022\u003E12\u003C\/p\u003E\u003C\/td\u003E\u003Ctd\u003E\u003Cp align=\u0022center\u0022\u003E7\u003C\/p\u003E\u003C\/td\u003E\u003Ctd\u003E\u003Cp align=\u0022center\u0022\u003E17\u003C\/p\u003E\u003C\/td\u003E\u003C\/tr\u003E\u003Ctr\u003E\u003Ctd valign=\u0022top\u0022\u003E\u003Cp\u003EMinervois et Minervois-La Livini\u00e8re\u003C\/p\u003E\u003C\/td\u003E\u003Ctd\u003E\u003Cp align=\u0022center\u0022\u003END\u003C\/p\u003E\u003C\/td\u003E\u003Ctd\u003E\u003Cp align=\u0022center\u0022\u003END\u003C\/p\u003E\u003C\/td\u003E\u003Ctd\u003E\u003Cp align=\u0022center\u0022\u003END\u003C\/p\u003E\u003C\/td\u003E\u003C\/tr\u003E\u003Ctr\u003E\u003Ctd valign=\u0022top\u0022\u003E\u003Cp\u003EVins IGP\u003C\/p\u003E\u003C\/td\u003E\u003Ctd\u003E\u003Cp align=\u0022center\u0022\u003END\u003C\/p\u003E\u003C\/td\u003E\u003Ctd\u003E\u003Cp align=\u0022center\u0022\u003END\u003C\/p\u003E\u003C\/td\u003E\u003Ctd\u003E\u003Cp align=\u0022center\u0022\u003END\u003C\/p\u003E\u003C\/td\u003E\u003C\/tr\u003E\u003Ctr\u003E\u003Ctd valign=\u0022top\u0022\u003E\u003Cp\u003EVins sans IG\u003C\/p\u003E\u003C\/td\u003E\u003Ctd\u003E\u003Cp align=\u0022center\u0022\u003END\u003C\/p\u003E\u003C\/td\u003E\u003Ctd\u003E\u003Cp align=\u0022center\u0022\u003END\u003C\/p\u003E\u003C\/td\u003E\u003Ctd\u003E\u003Cp align=\u0022center\u0022\u003END\u003C\/p\u003E\u003C\/td\u003E\u003C\/tr\u003E\u003Ctr\u003E\u003Ctd valign=\u0022top\u0022\u003E\u003Cul\u003E\u003Cli\u003E\u003Cstrong\u003EGard\u003C\/strong\u003E\u003C\/li\u003E\u003C\/ul\u003E\u003C\/td\u003E\u003Ctd\u003E\u003Cp align=\u0022center\u0022\u003E\u0026nbsp;\u003C\/p\u003E\u003C\/td\u003E\u003Ctd\u003E\u003Cp align=\u0022center\u0022\u003E\u0026nbsp;\u003C\/p\u003E\u003C\/td\u003E\u003Ctd\u003E\u003Cp align=\u0022center\u0022\u003E\u0026nbsp;\u003C\/p\u003E\u003C\/td\u003E\u003C\/tr\u003E\u003Ctr\u003E\u003Ctd valign=\u0022top\u0022\u003E\u003Cp\u003ELanguedoc\u003C\/p\u003E\u003C\/td\u003E\u003Ctd\u003E\u003Cp align=\u0022center\u0022\u003E15\u003C\/p\u003E\u003C\/td\u003E\u003Ctd\u003E\u003Cp align=\u0022center\u0022\u003E11\u003C\/p\u003E\u003C\/td\u003E\u003Ctd\u003E\u003Cp align=\u0022center\u0022\u003E17\u003C\/p\u003E\u003C\/td\u003E\u003C\/tr\u003E\u003Ctr\u003E\u003Ctd valign=\u0022top\u0022\u003E\u003Cp\u003EVins IGP\u003C\/p\u003E\u003C\/td\u003E\u003Ctd\u003E\u003Cp align=\u0022center\u0022\u003E14\u003C\/p\u003E\u003C\/td\u003E\u003Ctd\u003E\u003Cp align=\u0022center\u0022\u003E10\u003C\/p\u003E\u003C\/td\u003E\u003Ctd\u003E\u003Cp align=\u0022center\u0022\u003E17\u003C\/p\u003E\u003C\/td\u003E\u003C\/tr\u003E\u003Ctr\u003E\u003Ctd valign=\u0022top\u0022\u003E\u003Cp\u003EDont Sable de Camargue\u003C\/p\u003E\u003C\/td\u003E\u003Ctd\u003E\u003Cp align=\u0022center\u0022\u003E28\u003C\/p\u003E\u003C\/td\u003E\u003Ctd\u003E\u003Cp align=\u0022center\u0022\u003E24\u003C\/p\u003E\u003C\/td\u003E\u003Ctd\u003E\u003Cp align=\u0022center\u0022\u003E35\u003C\/p\u003E\u003C\/td\u003E\u003C\/tr\u003E\u003Ctr\u003E\u003Ctd valign=\u0022top\u0022\u003E\u003Cp\u003EVins sans IG\u003C\/p\u003E\u003C\/td\u003E\u003Ctd\u003E\u003Cp align=\u0022center\u0022\u003END\u003C\/p\u003E\u003C\/td\u003E\u003Ctd\u003E\u003Cp align=\u0022center\u0022\u003END\u003C\/p\u003E\u003C\/td\u003E\u003Ctd\u003E\u003Cp align=\u0022center\u0022\u003END\u003C\/p\u003E\u003C\/td\u003E\u003C\/tr\u003E\u003Ctr\u003E\u003Ctd valign=\u0022top\u0022\u003E\u003Cul\u003E\u003Cli\u003E\u003Cstrong\u003EH\u00e9rault\u003C\/strong\u003E\u003C\/li\u003E\u003C\/ul\u003E\u003C\/td\u003E\u003Ctd\u003E\u003Cp align=\u0022center\u0022\u003E\u0026nbsp;\u003C\/p\u003E\u003C\/td\u003E\u003Ctd\u003E\u003Cp align=\u0022center\u0022\u003E\u0026nbsp;\u003C\/p\u003E\u003C\/td\u003E\u003Ctd\u003E\u003Cp align=\u0022center\u0022\u003E\u0026nbsp;\u003C\/p\u003E\u003C\/td\u003E\u003C\/tr\u003E\u003Ctr\u003E\u003Ctd valign=\u0022top\u0022\u003E\u003Cp\u003EClairette du Languedoc\u003C\/p\u003E\u003C\/td\u003E\u003Ctd\u003E\u003Cp align=\u0022center\u0022\u003E14\u003C\/p\u003E\u003C\/td\u003E\u003Ctd\u003E\u003Cp align=\u0022center\u0022\u003E9\u003C\/p\u003E\u003C\/td\u003E\u003Ctd\u003E\u003Cp align=\u0022center\u0022\u003E19\u003C\/p\u003E\u003C\/td\u003E\u003C\/tr\u003E\u003Ctr\u003E\u003Ctd valign=\u0022top\u0022\u003E\u003Cp\u003EFaug\u00e8res\u003C\/p\u003E\u003C\/td\u003E\u003Ctd\u003E\u003Cp align=\u0022center\u0022\u003E14\u003C\/p\u003E\u003C\/td\u003E\u003Ctd\u003E\u003Cp align=\u0022center\u0022\u003E10\u003C\/p\u003E\u003C\/td\u003E\u003Ctd\u003E\u003Cp align=\u0022center\u0022\u003E20\u003C\/p\u003E\u003C\/td\u003E\u003C\/tr\u003E\u003Ctr\u003E\u003Ctd valign=\u0022top\u0022\u003E\u003Cp\u003ELanguedoc\u003C\/p\u003E\u003C\/td\u003E\u003Ctd\u003E\u003Cp align=\u0022center\u0022\u003E15\u003C\/p\u003E\u003C\/td\u003E\u003Ctd\u003E\u003Cp align=\u0022center\u0022\u003E10\u003C\/p\u003E\u003C\/td\u003E\u003Ctd\u003E\u003Cp align=\u0022center\u0022\u003E20\u003C\/p\u003E\u003C\/td\u003E\u003C\/tr\u003E\u003Ctr\u003E\u003Ctd valign=\u0022top\u0022\u003E\u003Cp\u003ELanguedoc-Gr\u00e8s de Montpellier\u003C\/p\u003E\u003C\/td\u003E\u003Ctd\u003E\u003Cp align=\u0022center\u0022\u003E19\u003C\/p\u003E\u003C\/td\u003E\u003Ctd\u003E\u003Cp align=\u0022center\u0022\u003E13\u003C\/p\u003E\u003C\/td\u003E\u003Ctd\u003E\u003Cp align=\u0022center\u0022\u003E24\u003C\/p\u003E\u003C\/td\u003E\u003C\/tr\u003E\u003Ctr\u003E\u003Ctd valign=\u0022top\u0022\u003E\u003Cp\u003ELanguedoc Montpeyroux\u003C\/p\u003E\u003C\/td\u003E\u003Ctd\u003E\u003Cp align=\u0022center\u0022\u003E24\u003C\/p\u003E\u003C\/td\u003E\u003Ctd\u003E\u003Cp align=\u0022center\u0022\u003E18\u003C\/p\u003E\u003C\/td\u003E\u003Ctd\u003E\u003Cp align=\u0022center\u0022\u003E29\u003C\/p\u003E\u003C\/td\u003E\u003C\/tr\u003E\u003Ctr\u003E\u003Ctd valign=\u0022top\u0022\u003E\u003Cp\u003ELanguedoc-P\u00e9zenas\u003C\/p\u003E\u003C\/td\u003E\u003Ctd\u003E\u003Cp align=\u0022center\u0022\u003E17\u003C\/p\u003E\u003C\/td\u003E\u003Ctd\u003E\u003Cp align=\u0022center\u0022\u003E11\u003C\/p\u003E\u003C\/td\u003E\u003Ctd\u003E\u003Cp align=\u0022center\u0022\u003E23\u003C\/p\u003E\u003C\/td\u003E\u003C\/tr\u003E\u003Ctr\u003E\u003Ctd valign=\u0022top\u0022\u003E\u003Cp\u003ELanguedoc Saint-Georges-d\u2019Orques\u003C\/p\u003E\u003C\/td\u003E\u003Ctd\u003E\u003Cp align=\u0022center\u0022\u003E19\u003C\/p\u003E\u003C\/td\u003E\u003Ctd\u003E\u003Cp align=\u0022center\u0022\u003E11\u003C\/p\u003E\u003C\/td\u003E\u003Ctd\u003E\u003Cp align=\u0022center\u0022\u003E22\u003C\/p\u003E\u003C\/td\u003E\u003C\/tr\u003E\u003Ctr\u003E\u003Ctd valign=\u0022top\u0022\u003E\u003Cp\u003EMinervois\u003C\/p\u003E\u003C\/td\u003E\u003Ctd\u003E\u003Cp align=\u0022center\u0022\u003END\u003C\/p\u003E\u003C\/td\u003E\u003Ctd\u003E\u003Cp align=\u0022center\u0022\u003END\u003C\/p\u003E\u003C\/td\u003E\u003Ctd\u003E\u003Cp align=\u0022center\u0022\u003END\u003C\/p\u003E\u003C\/td\u003E\u003C\/tr\u003E\u003Ctr\u003E\u003Ctd valign=\u0022top\u0022\u003E\u003Cp\u003EMinervois-La Livini\u00e8re\u003C\/p\u003E\u003C\/td\u003E\u003Ctd\u003E\u003Cp align=\u0022center\u0022\u003E15\u003C\/p\u003E\u003C\/td\u003E\u003Ctd\u003E\u003Cp align=\u0022center\u0022\u003E10\u003C\/p\u003E\u003C\/td\u003E\u003Ctd\u003E\u003Cp align=\u0022center\u0022\u003E17\u003C\/p\u003E\u003C\/td\u003E\u003C\/tr\u003E\u003Ctr\u003E\u003Ctd valign=\u0022top\u0022\u003E\u003Cp\u003EMuscat de Frontignan\u003C\/p\u003E\u003C\/td\u003E\u003Ctd\u003E\u003Cp align=\u0022center\u0022\u003E23\u003C\/p\u003E\u003C\/td\u003E\u003Ctd\u003E\u003Cp align=\u0022center\u0022\u003E17\u003C\/p\u003E\u003C\/td\u003E\u003Ctd\u003E\u003Cp align=\u0022center\u0022\u003E35\u003C\/p\u003E\u003C\/td\u003E\u003C\/tr\u003E\u003Ctr\u003E\u003Ctd valign=\u0022top\u0022\u003E\u003Cp\u003EMuscat de Lunel\u003C\/p\u003E\u003C\/td\u003E\u003Ctd\u003E\u003Cp align=\u0022center\u0022\u003E15\u003C\/p\u003E\u003C\/td\u003E\u003Ctd\u003E\u003Cp align=\u0022center\u0022\u003E12\u003C\/p\u003E\u003C\/td\u003E\u003Ctd\u003E\u003Cp align=\u0022center\u0022\u003E17\u003C\/p\u003E\u003C\/td\u003E\u003C\/tr\u003E\u003Ctr\u003E\u003Ctd valign=\u0022top\u0022\u003E\u003Cp\u003EMuscat de Mireval\u003C\/p\u003E\u003C\/td\u003E\u003Ctd\u003E\u003Cp align=\u0022center\u0022\u003E16\u003C\/p\u003E\u003C\/td\u003E\u003Ctd\u003E\u003Cp align=\u0022center\u0022\u003E13\u003C\/p\u003E\u003C\/td\u003E\u003Ctd\u003E\u003Cp align=\u0022center\u0022\u003E20\u003C\/p\u003E\u003C\/td\u003E\u003C\/tr\u003E\u003Ctr\u003E\u003Ctd valign=\u0022top\u0022\u003E\u003Cp\u003EMuscat de Saint-Jean-De-Minervois\u003C\/p\u003E\u003C\/td\u003E\u003Ctd\u003E\u003Cp align=\u0022center\u0022\u003E18\u003C\/p\u003E\u003C\/td\u003E\u003Ctd\u003E\u003Cp align=\u0022center\u0022\u003E10\u003C\/p\u003E\u003C\/td\u003E\u003Ctd\u003E\u003Cp align=\u0022center\u0022\u003E25\u003C\/p\u003E\u003C\/td\u003E\u003C\/tr\u003E\u003Ctr\u003E\u003Ctd valign=\u0022top\u0022\u003E\u003Cp\u003EPicpoul de Pinet\u003C\/p\u003E\u003C\/td\u003E\u003Ctd\u003E\u003Cp align=\u0022center\u0022\u003E34\u003C\/p\u003E\u003C\/td\u003E\u003Ctd\u003E\u003Cp align=\u0022center\u0022\u003E22\u003C\/p\u003E\u003C\/td\u003E\u003Ctd\u003E\u003Cp align=\u0022center\u0022\u003E40\u003C\/p\u003E\u003C\/td\u003E\u003C\/tr\u003E\u003Ctr\u003E\u003Ctd valign=\u0022top\u0022\u003E\u003Cp\u003EPic Saint-Loup\u003C\/p\u003E\u003C\/td\u003E\u003Ctd\u003E\u003Cp align=\u0022center\u0022\u003E75\u003C\/p\u003E\u003C\/td\u003E\u003Ctd\u003E\u003Cp align=\u0022center\u0022\u003E50\u003C\/p\u003E\u003C\/td\u003E\u003Ctd\u003E\u003Cp align=\u0022center\u0022\u003E90\u003C\/p\u003E\u003C\/td\u003E\u003C\/tr\u003E\u003Ctr\u003E\u003Ctd valign=\u0022top\u0022\u003E\u003Cp\u003ETerrasses du Larzac\u003C\/p\u003E\u003C\/td\u003E\u003Ctd\u003E\u003Cp align=\u0022center\u0022\u003E27\u003C\/p\u003E\u003C\/td\u003E\u003Ctd\u003E\u003Cp align=\u0022center\u0022\u003E20\u003C\/p\u003E\u003C\/td\u003E\u003Ctd\u003E\u003Cp align=\u0022center\u0022\u003E34\u003C\/p\u003E\u003C\/td\u003E\u003C\/tr\u003E\u003Ctr\u003E\u003Ctd valign=\u0022top\u0022\u003E\u003Cp\u003ESaint-Chinian\u003C\/p\u003E\u003C\/td\u003E\u003Ctd\u003E\u003Cp align=\u0022center\u0022\u003E10\u003C\/p\u003E\u003C\/td\u003E\u003Ctd\u003E\u003Cp align=\u0022center\u0022\u003E7\u003C\/p\u003E\u003C\/td\u003E\u003Ctd\u003E\u003Cp align=\u0022center\u0022\u003E15\u003C\/p\u003E\u003C\/td\u003E\u003C\/tr\u003E\u003Ctr\u003E\u003Ctd valign=\u0022top\u0022\u003E\u003Cp\u003EVins IGP\u003C\/p\u003E\u003C\/td\u003E\u003Ctd\u003E\u003Cp align=\u0022center\u0022\u003E16\u003C\/p\u003E\u003C\/td\u003E\u003Ctd\u003E\u003Cp align=\u0022center\u0022\u003E10\u003C\/p\u003E\u003C\/td\u003E\u003Ctd\u003E\u003Cp align=\u0022center\u0022\u003E25\u003C\/p\u003E\u003C\/td\u003E\u003C\/tr\u003E\u003Ctr\u003E\u003Ctd valign=\u0022top\u0022\u003E\u003Cp\u003EVins sans IG\u003C\/p\u003E\u003C\/td\u003E\u003Ctd\u003E\u003Cp align=\u0022center\u0022\u003E14\u003C\/p\u003E\u003C\/td\u003E\u003Ctd\u003E\u003Cp align=\u0022center\u0022\u003E10\u003C\/p\u003E\u003C\/td\u003E\u003Ctd\u003E\u003Cp align=\u0022center\u0022\u003E20\u003C\/p\u003E\u003C\/td\u003E\u003C\/tr\u003E\u003Ctr\u003E\u003Ctd valign=\u0022top\u0022\u003E\u003Cul\u003E\u003Cli\u003E\u003Cstrong\u003EPyr\u00e9n\u00e9es-Orientales\u003C\/strong\u003E\u003C\/li\u003E\u003C\/ul\u003E\u003C\/td\u003E\u003Ctd\u003E\u003Cp align=\u0022center\u0022\u003E\u0026nbsp;\u003C\/p\u003E\u003C\/td\u003E\u003Ctd\u003E\u003Cp align=\u0022center\u0022\u003E\u0026nbsp;\u003C\/p\u003E\u003C\/td\u003E\u003Ctd\u003E\u003Cp align=\u0022center\u0022\u003E\u0026nbsp;\u003C\/p\u003E\u003C\/td\u003E\u003C\/tr\u003E\u003Ctr\u003E\u003Ctd valign=\u0022top\u0022\u003E\u003Cp\u003EBanyuls et Collioure\u003C\/p\u003E\u003C\/td\u003E\u003Ctd\u003E\u003Cp align=\u0022center\u0022\u003E22\u003C\/p\u003E\u003C\/td\u003E\u003Ctd\u003E\u003Cp align=\u0022center\u0022\u003E15\u003C\/p\u003E\u003C\/td\u003E\u003Ctd\u003E\u003Cp align=\u0022center\u0022\u003E38\u003C\/p\u003E\u003C\/td\u003E\u003C\/tr\u003E\u003Ctr\u003E\u003Ctd valign=\u0022top\u0022\u003E\u003Cp\u003EC\u00f4tes du Roussillon\u003C\/p\u003E\u003C\/td\u003E\u003Ctd\u003E\u003Cp align=\u0022center\u0022\u003END\u003C\/p\u003E\u003C\/td\u003E\u003Ctd\u003E\u003Cp align=\u0022center\u0022\u003END\u003C\/p\u003E\u003C\/td\u003E\u003Ctd\u003E\u003Cp align=\u0022center\u0022\u003END\u003C\/p\u003E\u003C\/td\u003E\u003C\/tr\u003E\u003Ctr\u003E\u003Ctd valign=\u0022top\u0022\u003E\u003Cp\u003EC\u00f4tes du Roussillon-Villages\u003C\/p\u003E\u003C\/td\u003E\u003Ctd\u003E\u003Cp align=\u0022center\u0022\u003END\u003C\/p\u003E\u003C\/td\u003E\u003Ctd\u003E\u003Cp align=\u0022center\u0022\u003END\u003C\/p\u003E\u003C\/td\u003E\u003Ctd\u003E\u003Cp align=\u0022center\u0022\u003END\u003C\/p\u003E\u003C\/td\u003E\u003C\/tr\u003E\u003Ctr\u003E\u003Ctd valign=\u0022top\u0022\u003E\u003Cp\u003ERivesaltes et Grand Roussillon\u003C\/p\u003E\u003C\/td\u003E\u003Ctd\u003E\u003Cp align=\u0022center\u0022\u003E7\u003C\/p\u003E\u003C\/td\u003E\u003Ctd\u003E\u003Cp align=\u0022center\u0022\u003E6\u003C\/p\u003E\u003C\/td\u003E\u003Ctd\u003E\u003Cp align=\u0022center\u0022\u003E11\u003C\/p\u003E\u003C\/td\u003E\u003C\/tr\u003E\u003Ctr\u003E\u003Ctd valign=\u0022top\u0022\u003E\u003Cp\u003EMaury\u003C\/p\u003E\u003C\/td\u003E\u003Ctd\u003E\u003Cp align=\u0022center\u0022\u003E11\u003C\/p\u003E\u003C\/td\u003E\u003Ctd\u003E\u003Cp align=\u0022center\u0022\u003E7\u003C\/p\u003E\u003C\/td\u003E\u003Ctd\u003E\u003Cp align=\u0022center\u0022\u003E13\u003C\/p\u003E\u003C\/td\u003E\u003C\/tr\u003E\u003Ctr\u003E\u003Ctd valign=\u0022top\u0022\u003E\u003Cp\u003EMuscat de Rivesaltes\u003C\/p\u003E\u003C\/td\u003E\u003Ctd\u003E\u003Cp align=\u0022center\u0022\u003E8\u003C\/p\u003E\u003C\/td\u003E\u003Ctd\u003E\u003Cp align=\u0022center\u0022\u003E6\u003C\/p\u003E\u003C\/td\u003E\u003Ctd\u003E\u003Cp align=\u0022center\u0022\u003E11\u003C\/p\u003E\u003C\/td\u003E\u003C\/tr\u003E\u003Ctr\u003E\u003Ctd valign=\u0022top\u0022\u003E\u003Cp\u003EC\u00f4tes du Rousillon-Villages Les Aspres\u003C\/p\u003E\u003C\/td\u003E\u003Ctd\u003E\u003Cp align=\u0022center\u0022\u003E9\u003C\/p\u003E\u003C\/td\u003E\u003Ctd\u003E\u003Cp align=\u0022center\u0022\u003E6\u003C\/p\u003E\u003C\/td\u003E\u003Ctd\u003E\u003Cp align=\u0022center\u0022\u003E13\u003C\/p\u003E\u003C\/td\u003E\u003C\/tr\u003E\u003Ctr\u003E\u003Ctd valign=\u0022top\u0022\u003E\u003Cp\u003EVins IGP\u003C\/p\u003E\u003C\/td\u003E\u003Ctd\u003E\u003Cp align=\u0022center\u0022\u003E11\u003C\/p\u003E\u003C\/td\u003E\u003Ctd\u003E\u003Cp align=\u0022center\u0022\u003E8\u003C\/p\u003E\u003C\/td\u003E\u003Ctd\u003E\u003Cp align=\u0022center\u0022\u003E20\u003C\/p\u003E\u003C\/td\u003E\u003C\/tr\u003E\u003Ctr\u003E\u003Ctd valign=\u0022top\u0022\u003E\u003Cp\u003EVins sans IG\u003C\/p\u003E\u003C\/td\u003E\u003Ctd\u003E\u003Cp align=\u0022center\u0022\u003E11\u003C\/p\u003E\u003C\/td\u003E\u003Ctd\u003E\u003Cp align=\u0022center\u0022\u003E8\u003C\/p\u003E\u003C\/td\u003E\u003Ctd\u003E\u003Cp align=\u0022center\u0022\u003E20\u003C\/p\u003E\u003C\/td\u003E\u003C\/tr\u003E\u003Ctr\u003E\u003Ctd valign=\u0022top\u0022\u003E\u003Cp\u003E\u003Cstrong\u003ESud-Ouest\u003C\/strong\u003E\u003C\/p\u003E\u003C\/td\u003E\u003Ctd\u003E\u003Cp align=\u0022center\u0022\u003E\u0026nbsp;\u003C\/p\u003E\u003C\/td\u003E\u003Ctd\u003E\u003Cp align=\u0022center\u0022\u003E\u0026nbsp;\u003C\/p\u003E\u003C\/td\u003E\u003Ctd\u003E\u003Cp align=\u0022center\u0022\u003E\u0026nbsp;\u003C\/p\u003E\u003C\/td\u003E\u003C\/tr\u003E\u003Ctr\u003E\u003Ctd valign=\u0022top\u0022\u003E\u003Cp\u003E\u003Cstrong\u003ENouvelle-Aquitaine\u003C\/strong\u003E\u003C\/p\u003E\u003C\/td\u003E\u003Ctd\u003E\u003Cp align=\u0022center\u0022\u003E\u0026nbsp;\u003C\/p\u003E\u003C\/td\u003E\u003Ctd\u003E\u003Cp align=\u0022center\u0022\u003E\u0026nbsp;\u003C\/p\u003E\u003C\/td\u003E\u003Ctd\u003E\u003Cp align=\u0022center\u0022\u003E\u0026nbsp;\u003C\/p\u003E\u003C\/td\u003E\u003C\/tr\u003E\u003Ctr\u003E\u003Ctd valign=\u0022top\u0022\u003E\u003Cul\u003E\u003Cli\u003E\u003Cstrong\u003ELandes\u003C\/strong\u003E\u003C\/li\u003E\u003C\/ul\u003E\u003C\/td\u003E\u003Ctd\u003E\u003Cp align=\u0022center\u0022\u003E\u0026nbsp;\u003C\/p\u003E\u003C\/td\u003E\u003Ctd\u003E\u003Cp align=\u0022center\u0022\u003E\u0026nbsp;\u003C\/p\u003E\u003C\/td\u003E\u003Ctd\u003E\u003Cp align=\u0022center\u0022\u003E\u0026nbsp;\u003C\/p\u003E\u003C\/td\u003E\u003C\/tr\u003E\u003Ctr\u003E\u003Ctd valign=\u0022top\u0022\u003E\u003Cp\u003ETursan\u003C\/p\u003E\u003C\/td\u003E\u003Ctd\u003E\u003Cp align=\u0022center\u0022\u003E12\u003C\/p\u003E\u003C\/td\u003E\u003Ctd\u003E\u003Cp align=\u0022center\u0022\u003E6\u003C\/p\u003E\u003C\/td\u003E\u003Ctd\u003E\u003Cp align=\u0022center\u0022\u003E12\u003C\/p\u003E\u003C\/td\u003E\u003C\/tr\u003E\u003Ctr\u003E\u003Ctd valign=\u0022top\u0022\u003E\u003Cp\u003EVins IGP et sans IG en Zone Armagnac\u003C\/p\u003E\u003C\/td\u003E\u003Ctd\u003E\u003Cp align=\u0022center\u0022\u003E13\u003C\/p\u003E\u003C\/td\u003E\u003Ctd\u003E\u003Cp align=\u0022center\u0022\u003E6\u003C\/p\u003E\u003C\/td\u003E\u003Ctd\u003E\u003Cp align=\u0022center\u0022\u003E13\u003C\/p\u003E\u003C\/td\u003E\u003C\/tr\u003E\u003Ctr\u003E\u003Ctd valign=\u0022top\u0022\u003E\u003Cul\u003E\u003Cli\u003E\u003Cstrong\u003ELot-et-Garonne\u003C\/strong\u003E\u003C\/li\u003E\u003C\/ul\u003E\u003C\/td\u003E\u003Ctd\u003E\u003Cp align=\u0022center\u0022\u003E\u0026nbsp;\u003C\/p\u003E\u003C\/td\u003E\u003Ctd\u003E\u003Cp align=\u0022center\u0022\u003E\u0026nbsp;\u003C\/p\u003E\u003C\/td\u003E\u003Ctd\u003E\u003Cp align=\u0022center\u0022\u003E\u0026nbsp;\u003C\/p\u003E\u003C\/td\u003E\u003C\/tr\u003E\u003Ctr\u003E\u003Ctd valign=\u0022top\u0022\u003E\u003Cp\u003EVins IGP\u003C\/p\u003E\u003C\/td\u003E\u003Ctd\u003E\u003Cp align=\u0022center\u0022\u003E15\u003C\/p\u003E\u003C\/td\u003E\u003Ctd\u003E\u003Cp align=\u0022center\u0022\u003E11\u003C\/p\u003E\u003C\/td\u003E\u003Ctd\u003E\u003Cp align=\u0022center\u0022\u003E17\u003C\/p\u003E\u003C\/td\u003E\u003C\/tr\u003E\u003Ctr\u003E\u003Ctd valign=\u0022top\u0022\u003E\u003Cp\u003EVins sans IG\u003C\/p\u003E\u003C\/td\u003E\u003Ctd\u003E\u003Cp align=\u0022center\u0022\u003E6\u003C\/p\u003E\u003C\/td\u003E\u003Ctd\u003E\u003Cp align=\u0022center\u0022\u003END\u003C\/p\u003E\u003C\/td\u003E\u003Ctd\u003E\u003Cp align=\u0022center\u0022\u003END\u003C\/p\u003E\u003C\/td\u003E\u003C\/tr\u003E\u003Ctr\u003E\u003Ctd valign=\u0022top\u0022\u003E\u003Cul\u003E\u003Cli\u003E\u003Cstrong\u003EPyr\u00e9n\u00e9es-Atlantiques\u003C\/strong\u003E\u003C\/li\u003E\u003C\/ul\u003E\u003C\/td\u003E\u003Ctd\u003E\u003Cp align=\u0022center\u0022\u003E\u0026nbsp;\u003C\/p\u003E\u003C\/td\u003E\u003Ctd\u003E\u003Cp align=\u0022center\u0022\u003E\u0026nbsp;\u003C\/p\u003E\u003C\/td\u003E\u003Ctd\u003E\u003Cp align=\u0022center\u0022\u003E\u0026nbsp;\u003C\/p\u003E\u003C\/td\u003E\u003C\/tr\u003E\u003Ctr\u003E\u003Ctd valign=\u0022top\u0022\u003E\u003Cp\u003EJuran\u00e7on et Juran\u00e7on Sec\u003C\/p\u003E\u003C\/td\u003E\u003Ctd\u003E\u003Cp align=\u0022center\u0022\u003END\u003C\/p\u003E\u003C\/td\u003E\u003Ctd\u003E\u003Cp align=\u0022center\u0022\u003END\u003C\/p\u003E\u003C\/td\u003E\u003Ctd\u003E\u003Cp align=\u0022center\u0022\u003END\u003C\/p\u003E\u003C\/td\u003E\u003C\/tr\u003E\u003Ctr\u003E\u003Ctd valign=\u0022top\u0022\u003E\u003Cp\u003EMadiran\u003C\/p\u003E\u003C\/td\u003E\u003Ctd\u003E\u003Cp align=\u0022center\u0022\u003END\u003C\/p\u003E\u003C\/td\u003E\u003Ctd\u003E\u003Cp align=\u0022center\u0022\u003END\u003C\/p\u003E\u003C\/td\u003E\u003Ctd\u003E\u003Cp align=\u0022center\u0022\u003END\u003C\/p\u003E\u003C\/td\u003E\u003C\/tr\u003E\u003Ctr\u003E\u003Ctd valign=\u0022top\u0022\u003E\u003Cp\u003E\u003Cstrong\u003EOccitanie\u003C\/strong\u003E\u003C\/p\u003E\u003C\/td\u003E\u003Ctd\u003E\u003Cp align=\u0022center\u0022\u003E\u0026nbsp;\u003C\/p\u003E\u003C\/td\u003E\u003Ctd\u003E\u003Cp align=\u0022center\u0022\u003E\u0026nbsp;\u003C\/p\u003E\u003C\/td\u003E\u003Ctd\u003E\u003Cp align=\u0022center\u0022\u003E\u0026nbsp;\u003C\/p\u003E\u003C\/td\u003E\u003C\/tr\u003E\u003Ctr\u003E\u003Ctd valign=\u0022top\u0022\u003E\u003Cul\u003E\u003Cli\u003E\u003Cstrong\u003EAveyron\u003C\/strong\u003E\u003C\/li\u003E\u003C\/ul\u003E\u003C\/td\u003E\u003Ctd\u003E\u003Cp align=\u0022center\u0022\u003E\u0026nbsp;\u003C\/p\u003E\u003C\/td\u003E\u003Ctd\u003E\u003Cp align=\u0022center\u0022\u003E\u0026nbsp;\u003C\/p\u003E\u003C\/td\u003E\u003Ctd\u003E\u003Cp align=\u0022center\u0022\u003E\u0026nbsp;\u003C\/p\u003E\u003C\/td\u003E\u003C\/tr\u003E\u003Ctr\u003E\u003Ctd valign=\u0022top\u0022\u003E\u003Cp\u003EMarcillac\u003C\/p\u003E\u003C\/td\u003E\u003Ctd\u003E\u003Cp align=\u0022center\u0022\u003E22\u003C\/p\u003E\u003C\/td\u003E\u003Ctd\u003E\u003Cp align=\u0022center\u0022\u003E16\u003C\/p\u003E\u003C\/td\u003E\u003Ctd\u003E\u003Cp align=\u0022center\u0022\u003E27\u003C\/p\u003E\u003C\/td\u003E\u003C\/tr\u003E\u003Ctr\u003E\u003Ctd valign=\u0022top\u0022\u003E\u003Cul\u003E\u003Cli\u003E\u003Cstrong\u003EHaute-Garonne\u003C\/strong\u003E\u003C\/li\u003E\u003C\/ul\u003E\u003C\/td\u003E\u003Ctd\u003E\u003Cp align=\u0022center\u0022\u003E\u0026nbsp;\u003C\/p\u003E\u003C\/td\u003E\u003Ctd\u003E\u003Cp align=\u0022center\u0022\u003E\u0026nbsp;\u003C\/p\u003E\u003C\/td\u003E\u003Ctd\u003E\u003Cp align=\u0022center\u0022\u003E\u0026nbsp;\u003C\/p\u003E\u003C\/td\u003E\u003C\/tr\u003E\u003Ctr\u003E\u003Ctd valign=\u0022top\u0022\u003E\u003Cp\u003EFronton\u003C\/p\u003E\u003C\/td\u003E\u003Ctd\u003E\u003Cp align=\u0022center\u0022\u003E8\u003C\/p\u003E\u003C\/td\u003E\u003Ctd\u003E\u003Cp align=\u0022center\u0022\u003E6\u003C\/p\u003E\u003C\/td\u003E\u003Ctd\u003E\u003Cp align=\u0022center\u0022\u003E11\u003C\/p\u003E\u003C\/td\u003E\u003C\/tr\u003E\u003Ctr\u003E\u003Ctd valign=\u0022top\u0022\u003E\u003Cp\u003EVins IGP\u003C\/p\u003E\u003C\/td\u003E\u003Ctd\u003E\u003Cp align=\u0022center\u0022\u003E5\u003C\/p\u003E\u003C\/td\u003E\u003Ctd\u003E\u003Cp align=\u0022center\u0022\u003E4\u003C\/p\u003E\u003C\/td\u003E\u003Ctd\u003E\u003Cp align=\u0022center\u0022\u003E8\u003C\/p\u003E\u003C\/td\u003E\u003C\/tr\u003E\u003Ctr\u003E\u003Ctd valign=\u0022top\u0022\u003E\u003Cp\u003EVins sans IG\u003C\/p\u003E\u003C\/td\u003E\u003Ctd\u003E\u003Cp align=\u0022center\u0022\u003E5\u003C\/p\u003E\u003C\/td\u003E\u003Ctd\u003E\u003Cp align=\u0022center\u0022\u003E4\u003C\/p\u003E\u003C\/td\u003E\u003Ctd\u003E\u003Cp align=\u0022center\u0022\u003E8\u003C\/p\u003E\u003C\/td\u003E\u003C\/tr\u003E\u003Ctr\u003E\u003Ctd valign=\u0022top\u0022\u003E\u003Cul\u003E\u003Cli\u003E\u003Cstrong\u003EGers\u003C\/strong\u003E\u003C\/li\u003E\u003C\/ul\u003E\u003C\/td\u003E\u003Ctd\u003E\u003Cp align=\u0022center\u0022\u003E\u0026nbsp;\u003C\/p\u003E\u003C\/td\u003E\u003Ctd\u003E\u003Cp align=\u0022center\u0022\u003E\u0026nbsp;\u003C\/p\u003E\u003C\/td\u003E\u003Ctd\u003E\u003Cp align=\u0022center\u0022\u003E\u0026nbsp;\u003C\/p\u003E\u003C\/td\u003E\u003C\/tr\u003E\u003Ctr\u003E\u003Ctd valign=\u0022top\u0022\u003E\u003Cp\u003ESaint-Mont\u003C\/p\u003E\u003C\/td\u003E\u003Ctd\u003E\u003Cp align=\u0022center\u0022\u003END\u003C\/p\u003E\u003C\/td\u003E\u003Ctd\u003E\u003Cp align=\u0022center\u0022\u003END\u003C\/p\u003E\u003C\/td\u003E\u003Ctd\u003E\u003Cp align=\u0022center\u0022\u003END\u003C\/p\u003E\u003C\/td\u003E\u003C\/tr\u003E\u003Ctr\u003E\u003Ctd valign=\u0022top\u0022\u003E\u003Cp\u003EMadiran\u003C\/p\u003E\u003C\/td\u003E\u003Ctd\u003E\u003Cp align=\u0022center\u0022\u003END\u003C\/p\u003E\u003C\/td\u003E\u003Ctd\u003E\u003Cp align=\u0022center\u0022\u003END\u003C\/p\u003E\u003C\/td\u003E\u003Ctd\u003E\u003Cp align=\u0022center\u0022\u003END\u003C\/p\u003E\u003C\/td\u003E\u003C\/tr\u003E\u003Ctr\u003E\u003Ctd valign=\u0022top\u0022\u003E\u003Cp\u003EPacherenc du Vic-Bilh\u003C\/p\u003E\u003C\/td\u003E\u003Ctd\u003E\u003Cp align=\u0022center\u0022\u003END\u003C\/p\u003E\u003C\/td\u003E\u003Ctd\u003E\u003Cp align=\u0022center\u0022\u003END\u003C\/p\u003E\u003C\/td\u003E\u003Ctd\u003E\u003Cp align=\u0022center\u0022\u003END\u003C\/p\u003E\u003C\/td\u003E\u003C\/tr\u003E\u003Ctr\u003E\u003Ctd valign=\u0022top\u0022\u003E\u003Cp\u003EArmagnac\u003C\/p\u003E\u003C\/td\u003E\u003Ctd\u003E\u003Cp align=\u0022center\u0022\u003END\u003C\/p\u003E\u003C\/td\u003E\u003Ctd\u003E\u003Cp align=\u0022center\u0022\u003END\u003C\/p\u003E\u003C\/td\u003E\u003Ctd\u003E\u003Cp align=\u0022center\u0022\u003END\u003C\/p\u003E\u003C\/td\u003E\u003C\/tr\u003E\u003Ctr\u003E\u003Ctd valign=\u0022top\u0022\u003E\u003Cp\u003EVins IGP\u003C\/p\u003E\u003C\/td\u003E\u003Ctd\u003E\u003Cp align=\u0022center\u0022\u003END\u003C\/p\u003E\u003C\/td\u003E\u003Ctd\u003E\u003Cp align=\u0022center\u0022\u003END\u003C\/p\u003E\u003C\/td\u003E\u003Ctd\u003E\u003Cp align=\u0022center\u0022\u003END\u003C\/p\u003E\u003C\/td\u003E\u003C\/tr\u003E\u003Ctr\u003E\u003Ctd valign=\u0022top\u0022\u003E\u003Cp\u003EVins sans IG\u003C\/p\u003E\u003C\/td\u003E\u003Ctd\u003E\u003Cp align=\u0022center\u0022\u003END\u003C\/p\u003E\u003C\/td\u003E\u003Ctd\u003E\u003Cp align=\u0022center\u0022\u003END\u003C\/p\u003E\u003C\/td\u003E\u003Ctd\u003E\u003Cp align=\u0022center\u0022\u003END\u003C\/p\u003E\u003C\/td\u003E\u003C\/tr\u003E\u003Ctr\u003E\u003Ctd valign=\u0022top\u0022\u003E\u003Cul\u003E\u003Cli\u003E\u003Cstrong\u003ELot\u003C\/strong\u003E\u003C\/li\u003E\u003C\/ul\u003E\u003C\/td\u003E\u003Ctd\u003E\u003Cp align=\u0022center\u0022\u003E\u0026nbsp;\u003C\/p\u003E\u003C\/td\u003E\u003Ctd\u003E\u003Cp align=\u0022center\u0022\u003E\u0026nbsp;\u003C\/p\u003E\u003C\/td\u003E\u003Ctd\u003E\u003Cp align=\u0022center\u0022\u003E\u0026nbsp;\u003C\/p\u003E\u003C\/td\u003E\u003C\/tr\u003E\u003Ctr\u003E\u003Ctd valign=\u0022top\u0022\u003E\u003Cp\u003ECahors\u003C\/p\u003E\u003C\/td\u003E\u003Ctd\u003E\u003Cp align=\u0022center\u0022\u003END\u003C\/p\u003E\u003C\/td\u003E\u003Ctd\u003E\u003Cp align=\u0022center\u0022\u003END\u003C\/p\u003E\u003C\/td\u003E\u003Ctd\u003E\u003Cp align=\u0022center\u0022\u003END\u003C\/p\u003E\u003C\/td\u003E\u003C\/tr\u003E\u003Ctr\u003E\u003Ctd valign=\u0022top\u0022\u003E\u003Cp\u003ECoteaux du Quercy\u003C\/p\u003E\u003C\/td\u003E\u003Ctd\u003E\u003Cp align=\u0022center\u0022\u003END\u003C\/p\u003E\u003C\/td\u003E\u003Ctd\u003E\u003Cp align=\u0022center\u0022\u003END\u003C\/p\u003E\u003C\/td\u003E\u003Ctd\u003E\u003Cp align=\u0022center\u0022\u003END\u003C\/p\u003E\u003C\/td\u003E\u003C\/tr\u003E\u003Ctr\u003E\u003Ctd valign=\u0022top\u0022\u003E\u003Cul\u003E\u003Cli\u003E\u003Cstrong\u003EHautes-Pyr\u00e9n\u00e9es\u003C\/strong\u003E\u003C\/li\u003E\u003C\/ul\u003E\u003C\/td\u003E\u003Ctd\u003E\u003Cp align=\u0022center\u0022\u003E\u0026nbsp;\u003C\/p\u003E\u003C\/td\u003E\u003Ctd\u003E\u003Cp align=\u0022center\u0022\u003E\u0026nbsp;\u003C\/p\u003E\u003C\/td\u003E\u003Ctd\u003E\u003Cp align=\u0022center\u0022\u003E\u0026nbsp;\u003C\/p\u003E\u003C\/td\u003E\u003C\/tr\u003E\u003Ctr\u003E\u003Ctd valign=\u0022top\u0022\u003E\u003Cp\u003EMadiran\u003C\/p\u003E\u003C\/td\u003E\u003Ctd\u003E\u003Cp align=\u0022center\u0022\u003END\u003C\/p\u003E\u003C\/td\u003E\u003Ctd\u003E\u003Cp align=\u0022center\u0022\u003END\u003C\/p\u003E\u003C\/td\u003E\u003Ctd\u003E\u003Cp align=\u0022center\u0022\u003END\u003C\/p\u003E\u003C\/td\u003E\u003C\/tr\u003E\u003Ctr\u003E\u003Ctd valign=\u0022top\u0022\u003E\u003Cp\u003EPacherenc du Vic-Bilh\u003C\/p\u003E\u003C\/td\u003E\u003Ctd\u003E\u003Cp align=\u0022center\u0022\u003END\u003C\/p\u003E\u003C\/td\u003E\u003Ctd\u003E\u003Cp align=\u0022center\u0022\u003END\u003C\/p\u003E\u003C\/td\u003E\u003Ctd\u003E\u003Cp align=\u0022center\u0022\u003END\u003C\/p\u003E\u003C\/td\u003E\u003C\/tr\u003E\u003Ctr\u003E\u003Ctd valign=\u0022top\u0022\u003E\u003Cul\u003E\u003Cli\u003E\u003Cstrong\u003ETarn\u003C\/strong\u003E\u003C\/li\u003E\u003C\/ul\u003E\u003C\/td\u003E\u003Ctd\u003E\u003Cp align=\u0022center\u0022\u003E\u0026nbsp;\u003C\/p\u003E\u003C\/td\u003E\u003Ctd\u003E\u003Cp align=\u0022center\u0022\u003E\u0026nbsp;\u003C\/p\u003E\u003C\/td\u003E\u003Ctd\u003E\u003Cp align=\u0022center\u0022\u003E\u0026nbsp;\u003C\/p\u003E\u003C\/td\u003E\u003C\/tr\u003E\u003Ctr\u003E\u003Ctd valign=\u0022top\u0022\u003E\u003Cp\u003EGaillac\u003C\/p\u003E\u003C\/td\u003E\u003Ctd\u003E\u003Cp align=\u0022center\u0022\u003END\u003C\/p\u003E\u003C\/td\u003E\u003Ctd\u003E\u003Cp align=\u0022center\u0022\u003END\u003C\/p\u003E\u003C\/td\u003E\u003Ctd\u003E\u003Cp align=\u0022center\u0022\u003END\u003C\/p\u003E\u003C\/td\u003E\u003C\/tr\u003E\u003Ctr\u003E\u003Ctd valign=\u0022top\u0022\u003E\u003Cp\u003EGaillac Premi\u00e8res C\u00f4tes\u003C\/p\u003E\u003C\/td\u003E\u003Ctd\u003E\u003Cp align=\u0022center\u0022\u003END\u003C\/p\u003E\u003C\/td\u003E\u003Ctd\u003E\u003Cp align=\u0022center\u0022\u003END\u003C\/p\u003E\u003C\/td\u003E\u003Ctd\u003E\u003Cp align=\u0022center\u0022\u003END\u003C\/p\u003E\u003C\/td\u003E\u003C\/tr\u003E\u003Ctr\u003E\u003Ctd valign=\u0022top\u0022\u003E\u003Cp\u003EVins IGP\u003C\/p\u003E\u003C\/td\u003E\u003Ctd\u003E\u003Cp align=\u0022center\u0022\u003END\u003C\/p\u003E\u003C\/td\u003E\u003Ctd\u003E\u003Cp align=\u0022center\u0022\u003END\u003C\/p\u003E\u003C\/td\u003E\u003Ctd\u003E\u003Cp align=\u0022center\u0022\u003END\u003C\/p\u003E\u003C\/td\u003E\u003C\/tr\u003E\u003Ctr\u003E\u003Ctd valign=\u0022top\u0022\u003E\u003Cp\u003EVins sans IG\u003C\/p\u003E\u003C\/td\u003E\u003Ctd\u003E\u003Cp align=\u0022center\u0022\u003END\u003C\/p\u003E\u003C\/td\u003E\u003Ctd\u003E\u003Cp align=\u0022center\u0022\u003END\u003C\/p\u003E\u003C\/td\u003E\u003Ctd\u003E\u003Cp align=\u0022center\u0022\u003END\u003C\/p\u003E\u003C\/td\u003E\u003C\/tr\u003E\u003Ctr\u003E\u003Ctd valign=\u0022top\u0022\u003E\u003Cul\u003E\u003Cli\u003E\u003Cstrong\u003ETarn-et-Garonne\u003C\/strong\u003E\u003C\/li\u003E\u003C\/ul\u003E\u003C\/td\u003E\u003Ctd\u003E\u003Cp align=\u0022center\u0022\u003E\u0026nbsp;\u003C\/p\u003E\u003C\/td\u003E\u003Ctd\u003E\u003Cp align=\u0022center\u0022\u003E\u0026nbsp;\u003C\/p\u003E\u003C\/td\u003E\u003Ctd\u003E\u003Cp align=\u0022center\u0022\u003E\u0026nbsp;\u003C\/p\u003E\u003C\/td\u003E\u003C\/tr\u003E\u003Ctr\u003E\u003Ctd valign=\u0022top\u0022\u003E\u003Cp\u003ECoteaux du Quercy\u003C\/p\u003E\u003C\/td\u003E\u003Ctd\u003E\u003Cp align=\u0022center\u0022\u003E6\u003C\/p\u003E\u003C\/td\u003E\u003Ctd\u003E\u003Cp align=\u0022center\u0022\u003E5\u003C\/p\u003E\u003C\/td\u003E\u003Ctd\u003E\u003Cp align=\u0022center\u0022\u003E7\u003C\/p\u003E\u003C\/td\u003E\u003C\/tr\u003E\u003Ctr\u003E\u003Ctd valign=\u0022top\u0022\u003E\u003Cp\u003EBrulhois\u003C\/p\u003E\u003C\/td\u003E\u003Ctd\u003E\u003Cp align=\u0022center\u0022\u003E6\u003C\/p\u003E\u003C\/td\u003E\u003Ctd\u003E\u003Cp align=\u0022center\u0022\u003E5\u003C\/p\u003E\u003C\/td\u003E\u003Ctd\u003E\u003Cp align=\u0022center\u0022\u003E8\u003C\/p\u003E\u003C\/td\u003E\u003C\/tr\u003E\u003Ctr\u003E\u003Ctd valign=\u0022top\u0022\u003E\u003Cp\u003EFronton\u003C\/p\u003E\u003C\/td\u003E\u003Ctd\u003E\u003Cp align=\u0022center\u0022\u003END\u003C\/p\u003E\u003C\/td\u003E\u003Ctd\u003E\u003Cp align=\u0022center\u0022\u003END\u003C\/p\u003E\u003C\/td\u003E\u003Ctd\u003E\u003Cp align=\u0022center\u0022\u003END\u003C\/p\u003E\u003C\/td\u003E\u003C\/tr\u003E\u003Ctr\u003E\u003Ctd valign=\u0022top\u0022\u003E\u003Cp\u003ESaint-Sardos\u003C\/p\u003E\u003C\/td\u003E\u003Ctd\u003E\u003Cp align=\u0022center\u0022\u003E6\u003C\/p\u003E\u003C\/td\u003E\u003Ctd\u003E\u003Cp align=\u0022center\u0022\u003E5\u003C\/p\u003E\u003C\/td\u003E\u003Ctd\u003E\u003Cp align=\u0022center\u0022\u003E7\u003C\/p\u003E\u003C\/td\u003E\u003C\/tr\u003E\u003Ctr\u003E\u003Ctd valign=\u0022top\u0022\u003E\u003Cp\u003EVins IGP\u003C\/p\u003E\u003C\/td\u003E\u003Ctd\u003E\u003Cp align=\u0022center\u0022\u003E6\u003C\/p\u003E\u003C\/td\u003E\u003Ctd\u003E\u003Cp align=\u0022center\u0022\u003E5\u003C\/p\u003E\u003C\/td\u003E\u003Ctd\u003E\u003Cp align=\u0022center\u0022\u003E9\u003C\/p\u003E\u003C\/td\u003E\u003C\/tr\u003E\u003Ctr\u003E\u003Ctd valign=\u0022top\u0022\u003E\u003Cp\u003EVins sans IG\u003C\/p\u003E\u003C\/td\u003E\u003Ctd\u003E\u003Cp align=\u0022center\u0022\u003E6\u003C\/p\u003E\u003C\/td\u003E\u003Ctd\u003E\u003Cp align=\u0022center\u0022\u003E5\u003C\/p\u003E\u003C\/td\u003E\u003Ctd\u003E\u003Cp align=\u0022center\u0022\u003E8\u003C\/p\u003E\u003C\/td\u003E\u003C\/tr\u003E\u003Ctr\u003E\u003Ctd valign=\u0022top\u0022\u003E\u003Cp\u003ERaisin de Table\u003C\/p\u003E\u003C\/td\u003E\u003Ctd\u003E\u003Cp align=\u0022center\u0022\u003E10\u003C\/p\u003E\u003C\/td\u003E\u003Ctd\u003E\u003Cp align=\u0022center\u0022\u003E5\u003C\/p\u003E\u003C\/td\u003E\u003Ctd\u003E\u003Cp align=\u0022center\u0022\u003E15\u003C\/p\u003E\u003C\/td\u003E\u003C\/tr\u003E\u003Ctr\u003E\u003Ctd valign=\u0022top\u0022\u003E\u003Cp\u003EDont AOP Chasselas de Moissac\u003C\/p\u003E\u003C\/td\u003E\u003Ctd\u003E\u003Cp align=\u0022center\u0022\u003E12\u003C\/p\u003E\u003C\/td\u003E\u003Ctd\u003E\u003Cp align=\u0022center\u0022\u003E5\u003C\/p\u003E\u003C\/td\u003E\u003Ctd\u003E\u003Cp align=\u0022center\u0022\u003E18\u003C\/p\u003E\u003C\/td\u003E\u003C\/tr\u003E\u003Ctr\u003E\u003Ctd valign=\u0022top\u0022\u003E\u003Cp\u003E\u003Cstrong\u003EVal de Loire-Centre\u003C\/strong\u003E\u003C\/p\u003E\u003C\/td\u003E\u003Ctd\u003E\u003Cp align=\u0022center\u0022\u003E\u0026nbsp;\u003C\/p\u003E\u003C\/td\u003E\u003Ctd\u003E\u003Cp align=\u0022center\u0022\u003E\u0026nbsp;\u003C\/p\u003E\u003C\/td\u003E\u003Ctd\u003E\u003Cp align=\u0022center\u0022\u003E\u0026nbsp;\u003C\/p\u003E\u003C\/td\u003E\u003C\/tr\u003E\u003Ctr\u003E\u003Ctd valign=\u0022top\u0022\u003E\u003Cp\u003E\u003Cstrong\u003ECentre-Val de Loire\u003C\/strong\u003E\u003C\/p\u003E\u003C\/td\u003E\u003Ctd\u003E\u003Cp align=\u0022center\u0022\u003E\u0026nbsp;\u003C\/p\u003E\u003C\/td\u003E\u003Ctd\u003E\u003Cp align=\u0022center\u0022\u003E\u0026nbsp;\u003C\/p\u003E\u003C\/td\u003E\u003Ctd\u003E\u003Cp align=\u0022center\u0022\u003E\u0026nbsp;\u003C\/p\u003E\u003C\/td\u003E\u003C\/tr\u003E\u003Ctr\u003E\u003Ctd valign=\u0022top\u0022\u003E\u003Cul\u003E\u003Cli\u003E\u003Cstrong\u003ECher\u003C\/strong\u003E\u003C\/li\u003E\u003C\/ul\u003E\u003C\/td\u003E\u003Ctd\u003E\u003Cp align=\u0022center\u0022\u003E\u0026nbsp;\u003C\/p\u003E\u003C\/td\u003E\u003Ctd\u003E\u003Cp align=\u0022center\u0022\u003E\u0026nbsp;\u003C\/p\u003E\u003C\/td\u003E\u003Ctd\u003E\u003Cp align=\u0022center\u0022\u003E\u0026nbsp;\u003C\/p\u003E\u003C\/td\u003E\u003C\/tr\u003E\u003Ctr\u003E\u003Ctd valign=\u0022top\u0022\u003E\u003Cp\u003EMenetou-Salon\u003C\/p\u003E\u003C\/td\u003E\u003Ctd\u003E\u003Cp align=\u0022center\u0022\u003E90\u003C\/p\u003E\u003C\/td\u003E\u003Ctd\u003E\u003Cp align=\u0022center\u0022\u003E80\u003C\/p\u003E\u003C\/td\u003E\u003Ctd\u003E\u003Cp align=\u0022center\u0022\u003E95\u003C\/p\u003E\u003C\/td\u003E\u003C\/tr\u003E\u003Ctr\u003E\u003Ctd valign=\u0022top\u0022\u003E\u003Cp\u003EQuincy, Reuilly\u003C\/p\u003E\u003C\/td\u003E\u003Ctd\u003E\u003Cp align=\u0022center\u0022\u003E60\u003C\/p\u003E\u003C\/td\u003E\u003Ctd\u003E\u003Cp align=\u0022center\u0022\u003E55\u003C\/p\u003E\u003C\/td\u003E\u003Ctd\u003E\u003Cp align=\u0022center\u0022\u003E75\u003C\/p\u003E\u003C\/td\u003E\u003C\/tr\u003E\u003Ctr\u003E\u003Ctd valign=\u0022top\u0022\u003E\u003Cp\u003ESancerre\u003C\/p\u003E\u003C\/td\u003E\u003Ctd\u003E\u003Cp align=\u0022center\u0022\u003E260\u003C\/p\u003E\u003C\/td\u003E\u003Ctd\u003E\u003Cp align=\u0022center\u0022\u003E190\u003C\/p\u003E\u003C\/td\u003E\u003Ctd\u003E\u003Cp align=\u0022center\u0022\u003E285\u003C\/p\u003E\u003C\/td\u003E\u003C\/tr\u003E\u003Ctr\u003E\u003Ctd valign=\u0022top\u0022\u003E\u003Cp\u003ECh\u00e2teaumeillant\u003C\/p\u003E\u003C\/td\u003E\u003Ctd\u003E\u003Cp align=\u0022center\u0022\u003E20\u003C\/p\u003E\u003C\/td\u003E\u003Ctd\u003E\u003Cp align=\u0022center\u0022\u003E10\u003C\/p\u003E\u003C\/td\u003E\u003Ctd\u003E\u003Cp align=\u0022center\u0022\u003E30\u003C\/p\u003E\u003C\/td\u003E\u003C\/tr\u003E\u003Ctr\u003E\u003Ctd valign=\u0022top\u0022\u003E\u003Cul\u003E\u003Cli\u003E\u003Cstrong\u003EIndre\u003C\/strong\u003E\u003C\/li\u003E\u003C\/ul\u003E\u003C\/td\u003E\u003Ctd\u003E\u003Cp align=\u0022center\u0022\u003E\u0026nbsp;\u003C\/p\u003E\u003C\/td\u003E\u003Ctd\u003E\u003Cp align=\u0022center\u0022\u003E\u0026nbsp;\u003C\/p\u003E\u003C\/td\u003E\u003Ctd\u003E\u003Cp align=\u0022center\u0022\u003E\u0026nbsp;\u003C\/p\u003E\u003C\/td\u003E\u003C\/tr\u003E\u003Ctr\u003E\u003Ctd valign=\u0022top\u0022\u003E\u003Cp\u003EReuilly\u003C\/p\u003E\u003C\/td\u003E\u003Ctd\u003E\u003Cp align=\u0022center\u0022\u003E90\u003C\/p\u003E\u003C\/td\u003E\u003Ctd\u003E\u003Cp align=\u0022center\u0022\u003E80\u003C\/p\u003E\u003C\/td\u003E\u003Ctd\u003E\u003Cp align=\u0022center\u0022\u003E100\u003C\/p\u003E\u003C\/td\u003E\u003C\/tr\u003E\u003Ctr\u003E\u003Ctd valign=\u0022top\u0022\u003E\u003Cp\u003EValen\u00e7ay\u003C\/p\u003E\u003C\/td\u003E\u003Ctd\u003E\u003Cp align=\u0022center\u0022\u003E7\u003C\/p\u003E\u003C\/td\u003E\u003Ctd\u003E\u003Cp align=\u0022center\u0022\u003E5\u003C\/p\u003E\u003C\/td\u003E\u003Ctd\u003E\u003Cp align=\u0022center\u0022\u003E10\u003C\/p\u003E\u003C\/td\u003E\u003C\/tr\u003E\u003Ctr\u003E\u003Ctd valign=\u0022top\u0022\u003E\u003Cul\u003E\u003Cli\u003E\u003Cstrong\u003EIndre-et-Loire\u003C\/strong\u003E\u003C\/li\u003E\u003C\/ul\u003E\u003C\/td\u003E\u003Ctd\u003E\u0026nbsp;\u003C\/td\u003E\u003Ctd\u003E\u003Cp align=\u0022center\u0022\u003E\u0026nbsp;\u003C\/p\u003E\u003C\/td\u003E\u003Ctd\u003E\u003Cp align=\u0022center\u0022\u003E\u0026nbsp;\u003C\/p\u003E\u003C\/td\u003E\u003C\/tr\u003E\u003Ctr\u003E\u003Ctd valign=\u0022top\u0022\u003E\u003Cp\u003EBourgueil\u003C\/p\u003E\u003C\/td\u003E\u003Ctd\u003E\u003Cp align=\u0022center\u0022\u003E12\u003C\/p\u003E\u003C\/td\u003E\u003Ctd\u003E\u003Cp align=\u0022center\u0022\u003E8\u003C\/p\u003E\u003C\/td\u003E\u003Ctd\u003E\u003Cp align=\u0022center\u0022\u003E20\u003C\/p\u003E\u003C\/td\u003E\u003C\/tr\u003E\u003Ctr\u003E\u003Ctd valign=\u0022top\u0022\u003E\u003Cp\u003ESaint-Nicolas-De-Bourgueil\u003C\/p\u003E\u003C\/td\u003E\u003Ctd\u003E\u003Cp align=\u0022center\u0022\u003E51\u003C\/p\u003E\u003C\/td\u003E\u003Ctd\u003E\u003Cp align=\u0022center\u0022\u003E38\u003C\/p\u003E\u003C\/td\u003E\u003Ctd\u003E\u003Cp align=\u0022center\u0022\u003E60\u003C\/p\u003E\u003C\/td\u003E\u003C\/tr\u003E\u003Ctr\u003E\u003Ctd valign=\u0022top\u0022\u003E\u003Cp\u003EChinon\u003C\/p\u003E\u003C\/td\u003E\u003Ctd\u003E\u003Cp align=\u0022center\u0022\u003E25\u003C\/p\u003E\u003C\/td\u003E\u003Ctd\u003E\u003Cp align=\u0022center\u0022\u003E12\u003C\/p\u003E\u003C\/td\u003E\u003Ctd\u003E\u003Cp align=\u0022center\u0022\u003E40\u003C\/p\u003E\u003C\/td\u003E\u003C\/tr\u003E\u003Ctr\u003E\u003Ctd valign=\u0022top\u0022\u003E\u003Cp\u003ETouraine\u003C\/p\u003E\u003C\/td\u003E\u003Ctd\u003E\u003Cp align=\u0022center\u0022\u003E7\u003C\/p\u003E\u003C\/td\u003E\u003Ctd\u003E\u003Cp align=\u0022center\u0022\u003E4\u003C\/p\u003E\u003C\/td\u003E\u003Ctd\u003E\u003Cp align=\u0022center\u0022\u003E12\u003C\/p\u003E\u003C\/td\u003E\u003C\/tr\u003E\u003Ctr\u003E\u003Ctd valign=\u0022top\u0022\u003E\u003Cp\u003EVouvray\u003C\/p\u003E\u003C\/td\u003E\u003Ctd\u003E\u003Cp align=\u0022center\u0022\u003E26\u003C\/p\u003E\u003C\/td\u003E\u003Ctd\u003E\u003Cp align=\u0022center\u0022\u003E14\u003C\/p\u003E\u003C\/td\u003E\u003Ctd\u003E\u003Cp align=\u0022center\u0022\u003E35\u003C\/p\u003E\u003C\/td\u003E\u003C\/tr\u003E\u003Ctr\u003E\u003Ctd valign=\u0022top\u0022\u003E\u003Cp\u003EMontlouis-Sur-Loire\u003C\/p\u003E\u003C\/td\u003E\u003Ctd\u003E\u003Cp align=\u0022center\u0022\u003E14\u003C\/p\u003E\u003C\/td\u003E\u003Ctd\u003E\u003Cp align=\u0022center\u0022\u003E10\u003C\/p\u003E\u003C\/td\u003E\u003Ctd\u003E\u003Cp align=\u0022center\u0022\u003E19\u003C\/p\u003E\u003C\/td\u003E\u003C\/tr\u003E\u003Ctr\u003E\u003Ctd valign=\u0022top\u0022\u003E\u003Cp\u003EVins sans IG\u003C\/p\u003E\u003C\/td\u003E\u003Ctd\u003E\u003Cp align=\u0022center\u0022\u003END\u003C\/p\u003E\u003C\/td\u003E\u003Ctd\u003E\u003Cp align=\u0022center\u0022\u003END\u003C\/p\u003E\u003C\/td\u003E\u003Ctd\u003E\u003Cp align=\u0022center\u0022\u003END\u003C\/p\u003E\u003C\/td\u003E\u003C\/tr\u003E\u003Ctr\u003E\u003Ctd valign=\u0022top\u0022\u003E\u003Cul\u003E\u003Cli\u003E\u003Cstrong\u003ELoir-et-Cher\u003C\/strong\u003E\u003C\/li\u003E\u003C\/ul\u003E\u003C\/td\u003E\u003Ctd\u003E\u003Cp align=\u0022center\u0022\u003E\u0026nbsp;\u003C\/p\u003E\u003C\/td\u003E\u003Ctd\u003E\u003Cp align=\u0022center\u0022\u003E\u0026nbsp;\u003C\/p\u003E\u003C\/td\u003E\u003Ctd\u003E\u003Cp align=\u0022center\u0022\u003E\u0026nbsp;\u003C\/p\u003E\u003C\/td\u003E\u003C\/tr\u003E\u003Ctr\u003E\u003Ctd valign=\u0022top\u0022\u003E\u003Cp\u003ECheverny\u003C\/p\u003E\u003C\/td\u003E\u003Ctd\u003E\u003Cp align=\u0022center\u0022\u003E10\u003C\/p\u003E\u003C\/td\u003E\u003Ctd\u003E\u003Cp align=\u0022center\u0022\u003E4\u003C\/p\u003E\u003C\/td\u003E\u003Ctd\u003E\u003Cp align=\u0022center\u0022\u003E15\u003C\/p\u003E\u003C\/td\u003E\u003C\/tr\u003E\u003Ctr\u003E\u003Ctd valign=\u0022top\u0022\u003E\u003Cp\u003ECoteaux du Vend\u00f4mois\u003C\/p\u003E\u003C\/td\u003E\u003Ctd\u003E\u003Cp align=\u0022center\u0022\u003E7\u003C\/p\u003E\u003C\/td\u003E\u003Ctd\u003E\u003Cp align=\u0022center\u0022\u003E4\u003C\/p\u003E\u003C\/td\u003E\u003Ctd\u003E\u003Cp align=\u0022center\u0022\u003E9\u003C\/p\u003E\u003C\/td\u003E\u003C\/tr\u003E\u003Ctr\u003E\u003Ctd valign=\u0022top\u0022\u003E\u003Cp\u003ETouraine\u003C\/p\u003E\u003C\/td\u003E\u003Ctd\u003E\u003Cp align=\u0022center\u0022\u003E12\u003C\/p\u003E\u003C\/td\u003E\u003Ctd\u003E\u003Cp align=\u0022center\u0022\u003E4\u003C\/p\u003E\u003C\/td\u003E\u003Ctd\u003E\u003Cp align=\u0022center\u0022\u003E20\u003C\/p\u003E\u003C\/td\u003E\u003C\/tr\u003E\u003Ctr\u003E\u003Ctd valign=\u0022top\u0022\u003E\u003Cp\u003EVins IGP\u003C\/p\u003E\u003C\/td\u003E\u003Ctd\u003E\u003Cp align=\u0022center\u0022\u003E4\u003C\/p\u003E\u003C\/td\u003E\u003Ctd\u003E\u003Cp align=\u0022center\u0022\u003E2\u003C\/p\u003E\u003C\/td\u003E\u003Ctd\u003E\u003Cp align=\u0022center\u0022\u003E5\u003C\/p\u003E\u003C\/td\u003E\u003C\/tr\u003E\u003Ctr\u003E\u003Ctd valign=\u0022top\u0022\u003E\u003Cp\u003EVins sans IG\u003C\/p\u003E\u003C\/td\u003E\u003Ctd\u003E\u003Cp align=\u0022center\u0022\u003E4\u003C\/p\u003E\u003C\/td\u003E\u003Ctd\u003E\u003Cp align=\u0022center\u0022\u003E2\u003C\/p\u003E\u003C\/td\u003E\u003Ctd\u003E\u003Cp align=\u0022center\u0022\u003E5\u003C\/p\u003E\u003C\/td\u003E\u003C\/tr\u003E\u003Ctr\u003E\u003Ctd valign=\u0022top\u0022\u003E\u003Cp\u003E\u003Cstrong\u003EBourgogne-France-Comt\u00e9\u003C\/strong\u003E\u003C\/p\u003E\u003C\/td\u003E\u003Ctd\u003E\u003Cp align=\u0022center\u0022\u003E\u0026nbsp;\u003C\/p\u003E\u003C\/td\u003E\u003Ctd\u003E\u003Cp align=\u0022center\u0022\u003E\u0026nbsp;\u003C\/p\u003E\u003C\/td\u003E\u003Ctd\u003E\u003Cp align=\u0022center\u0022\u003E\u0026nbsp;\u003C\/p\u003E\u003C\/td\u003E\u003C\/tr\u003E\u003Ctr\u003E\u003Ctd valign=\u0022top\u0022\u003E\u003Cul\u003E\u003Cli\u003E\u003Cstrong\u003ENi\u00e8vre\u003C\/strong\u003E\u003C\/li\u003E\u003C\/ul\u003E\u003C\/td\u003E\u003Ctd\u003E\u003Cp align=\u0022center\u0022\u003E\u0026nbsp;\u003C\/p\u003E\u003C\/td\u003E\u003Ctd\u003E\u003Cp align=\u0022center\u0022\u003E\u0026nbsp;\u003C\/p\u003E\u003C\/td\u003E\u003Ctd\u003E\u003Cp align=\u0022center\u0022\u003E\u0026nbsp;\u003C\/p\u003E\u003C\/td\u003E\u003C\/tr\u003E\u003Ctr\u003E\u003Ctd valign=\u0022top\u0022\u003E\u003Cp\u003EPouilly-Fum\u00e9\u003C\/p\u003E\u003C\/td\u003E\u003Ctd\u003E\u003Cp align=\u0022center\u0022\u003E165\u003C\/p\u003E\u003C\/td\u003E\u003Ctd\u003E\u003Cp align=\u0022center\u0022\u003E120\u003C\/p\u003E\u003C\/td\u003E\u003Ctd\u003E\u003Cp align=\u0022center\u0022\u003E190\u003C\/p\u003E\u003C\/td\u003E\u003C\/tr\u003E\u003Ctr\u003E\u003Ctd valign=\u0022top\u0022\u003E\u003Cp\u003ECoteaux du Giennois\u003C\/p\u003E\u003C\/td\u003E\u003Ctd\u003E\u003Cp align=\u0022center\u0022\u003E21\u003C\/p\u003E\u003C\/td\u003E\u003Ctd\u003E\u003Cp align=\u0022center\u0022\u003E15\u003C\/p\u003E\u003C\/td\u003E\u003Ctd\u003E\u003Cp align=\u0022center\u0022\u003E30\u003C\/p\u003E\u003C\/td\u003E\u003C\/tr\u003E\u003Ctr\u003E\u003Ctd valign=\u0022top\u0022\u003E\u003Cp\u003E\u003Cstrong\u003EPays de la Loire\u003C\/strong\u003E\u003C\/p\u003E\u003C\/td\u003E\u003Ctd\u003E\u003Cp align=\u0022center\u0022\u003E\u0026nbsp;\u003C\/p\u003E\u003C\/td\u003E\u003Ctd\u003E\u003Cp align=\u0022center\u0022\u003E\u0026nbsp;\u003C\/p\u003E\u003C\/td\u003E\u003Ctd\u003E\u003Cp align=\u0022center\u0022\u003E\u0026nbsp;\u003C\/p\u003E\u003C\/td\u003E\u003C\/tr\u003E\u003Ctr\u003E\u003Ctd valign=\u0022top\u0022\u003E\u003Cul\u003E\u003Cli\u003E\u003Cstrong\u003ELoire-Atlantique\u003C\/strong\u003E\u003C\/li\u003E\u003C\/ul\u003E\u003C\/td\u003E\u003Ctd\u003E\u003Cp align=\u0022center\u0022\u003E\u0026nbsp;\u003C\/p\u003E\u003C\/td\u003E\u003Ctd\u003E\u003Cp align=\u0022center\u0022\u003E\u0026nbsp;\u003C\/p\u003E\u003C\/td\u003E\u003Ctd\u003E\u003Cp align=\u0022center\u0022\u003E\u0026nbsp;\u003C\/p\u003E\u003C\/td\u003E\u003C\/tr\u003E\u003Ctr\u003E\u003Ctd valign=\u0022top\u0022\u003E\u003Cp\u003ECoteaux d\u2019Ancenis\u003C\/p\u003E\u003C\/td\u003E\u003Ctd\u003E\u003Cp align=\u0022center\u0022\u003E7\u003C\/p\u003E\u003C\/td\u003E\u003Ctd\u003E\u003Cp align=\u0022center\u0022\u003E5\u003C\/p\u003E\u003C\/td\u003E\u003Ctd\u003E\u003Cp align=\u0022center\u0022\u003E7\u003C\/p\u003E\u003C\/td\u003E\u003C\/tr\u003E\u003Ctr\u003E\u003Ctd valign=\u0022top\u0022\u003E\u003Cp\u003EGros Plant du Pays Nantais\u003C\/p\u003E\u003C\/td\u003E\u003Ctd\u003E\u003Cp align=\u0022center\u0022\u003E7\u003C\/p\u003E\u003C\/td\u003E\u003Ctd\u003E\u003Cp align=\u0022center\u0022\u003E5\u003C\/p\u003E\u003C\/td\u003E\u003Ctd\u003E\u003Cp align=\u0022center\u0022\u003E8\u003C\/p\u003E\u003C\/td\u003E\u003C\/tr\u003E\u003Ctr\u003E\u003Ctd valign=\u0022top\u0022\u003E\u003Cp\u003EMuscadet \u2013 C\u00f4tes de Grandlieu\u003C\/p\u003E\u003C\/td\u003E\u003Ctd\u003E\u003Cp align=\u0022center\u0022\u003E9\u003C\/p\u003E\u003C\/td\u003E\u003Ctd\u003E\u003Cp align=\u0022center\u0022\u003E8\u003C\/p\u003E\u003C\/td\u003E\u003Ctd\u003E\u003Cp align=\u0022center\u0022\u003E12\u003C\/p\u003E\u003C\/td\u003E\u003C\/tr\u003E\u003Ctr\u003E\u003Ctd valign=\u0022top\u0022\u003E\u003Cp\u003EMuscadet\u003C\/p\u003E\u003C\/td\u003E\u003Ctd\u003E\u003Cp align=\u0022center\u0022\u003E7\u003C\/p\u003E\u003C\/td\u003E\u003Ctd\u003E\u003Cp align=\u0022center\u0022\u003E6\u003C\/p\u003E\u003C\/td\u003E\u003Ctd\u003E\u003Cp align=\u0022center\u0022\u003E8\u003C\/p\u003E\u003C\/td\u003E\u003C\/tr\u003E\u003Ctr\u003E\u003Ctd valign=\u0022top\u0022\u003E\u003Cp\u003EMuscadet \u2013 S\u00e8vre et Maine\u003C\/p\u003E\u003C\/td\u003E\u003Ctd\u003E\u003Cp align=\u0022center\u0022\u003E11\u003C\/p\u003E\u003C\/td\u003E\u003Ctd\u003E\u003Cp align=\u0022center\u0022\u003E7\u003C\/p\u003E\u003C\/td\u003E\u003Ctd\u003E\u003Cp align=\u0022center\u0022\u003E15\u003C\/p\u003E\u003C\/td\u003E\u003C\/tr\u003E\u003Ctr\u003E\u003Ctd valign=\u0022top\u0022\u003E\u003Cp\u003EVins IGP\u003C\/p\u003E\u003C\/td\u003E\u003Ctd\u003E\u003Cp align=\u0022center\u0022\u003E9\u003C\/p\u003E\u003C\/td\u003E\u003Ctd\u003E\u003Cp align=\u0022center\u0022\u003END\u003C\/p\u003E\u003C\/td\u003E\u003Ctd\u003E\u003Cp align=\u0022center\u0022\u003END\u003C\/p\u003E\u003C\/td\u003E\u003C\/tr\u003E\u003Ctr\u003E\u003Ctd valign=\u0022top\u0022\u003E\u003Cul\u003E\u003Cli\u003E\u003Cstrong\u003EMaine-et-Loire\u003C\/strong\u003E\u003C\/li\u003E\u003C\/ul\u003E\u003C\/td\u003E\u003Ctd\u003E\u003Cp align=\u0022center\u0022\u003E\u0026nbsp;\u003C\/p\u003E\u003C\/td\u003E\u003Ctd\u003E\u003Cp align=\u0022center\u0022\u003E\u0026nbsp;\u003C\/p\u003E\u003C\/td\u003E\u003Ctd\u003E\u003Cp align=\u0022center\u0022\u003E\u0026nbsp;\u003C\/p\u003E\u003C\/td\u003E\u003C\/tr\u003E\u003Ctr\u003E\u003Ctd valign=\u0022top\u0022\u003E\u003Cp\u003ESaumur-Champigny\u003C\/p\u003E\u003C\/td\u003E\u003Ctd\u003E\u003Cp align=\u0022center\u0022\u003E55\u003C\/p\u003E\u003C\/td\u003E\u003Ctd\u003E\u003Cp align=\u0022center\u0022\u003E32\u003C\/p\u003E\u003C\/td\u003E\u003Ctd\u003E\u003Cp align=\u0022center\u0022\u003E75\u003C\/p\u003E\u003C\/td\u003E\u003C\/tr\u003E\u003Ctr\u003E\u003Ctd valign=\u0022top\u0022\u003E\u003Cp\u003ESaumur\u003C\/p\u003E\u003C\/td\u003E\u003Ctd\u003E\u003Cp align=\u0022center\u0022\u003E24\u003C\/p\u003E\u003C\/td\u003E\u003Ctd\u003E\u003Cp align=\u0022center\u0022\u003E15\u003C\/p\u003E\u003C\/td\u003E\u003Ctd\u003E\u003Cp align=\u0022center\u0022\u003E26\u003C\/p\u003E\u003C\/td\u003E\u003C\/tr\u003E\u003Ctr\u003E\u003Ctd valign=\u0022top\u0022\u003E\u003Cp\u003EAnjou et Anjou Villages\u003C\/p\u003E\u003C\/td\u003E\u003Ctd\u003E\u003Cp align=\u0022center\u0022\u003E19\u003C\/p\u003E\u003C\/td\u003E\u003Ctd\u003E\u003Cp align=\u0022center\u0022\u003E9\u003C\/p\u003E\u003C\/td\u003E\u003Ctd\u003E\u003Cp align=\u0022center\u0022\u003E20\u003C\/p\u003E\u003C\/td\u003E\u003C\/tr\u003E\u003Ctr\u003E\u003Ctd valign=\u0022top\u0022\u003E\u003Cp\u003ECoteaux du Layon\u003C\/p\u003E\u003C\/td\u003E\u003Ctd\u003E\u003Cp align=\u0022center\u0022\u003E22\u003C\/p\u003E\u003C\/td\u003E\u003Ctd\u003E\u003Cp align=\u0022center\u0022\u003E20\u003C\/p\u003E\u003C\/td\u003E\u003Ctd\u003E\u003Cp align=\u0022center\u0022\u003E30\u003C\/p\u003E\u003C\/td\u003E\u003C\/tr\u003E\u003Ctr\u003E\u003Ctd valign=\u0022top\u0022\u003E\u003Cp\u003E\u003Cstrong\u003ENouvelle-Aquitaine\u003C\/strong\u003E\u003C\/p\u003E\u003C\/td\u003E\u003Ctd\u003E\u003Cp align=\u0022center\u0022\u003E\u0026nbsp;\u003C\/p\u003E\u003C\/td\u003E\u003Ctd\u003E\u003Cp align=\u0022center\u0022\u003E\u0026nbsp;\u003C\/p\u003E\u003C\/td\u003E\u003Ctd\u003E\u003Cp align=\u0022center\u0022\u003E\u0026nbsp;\u003C\/p\u003E\u003C\/td\u003E\u003C\/tr\u003E\u003Ctr\u003E\u003Ctd valign=\u0022top\u0022\u003E\u003Cul\u003E\u003Cli\u003E\u003Cstrong\u003EVienne\u003C\/strong\u003E\u003C\/li\u003E\u003C\/ul\u003E\u003C\/td\u003E\u003Ctd\u003E\u003Cp align=\u0022center\u0022\u003E\u0026nbsp;\u003C\/p\u003E\u003C\/td\u003E\u003Ctd\u003E\u003Cp align=\u0022center\u0022\u003E\u0026nbsp;\u003C\/p\u003E\u003C\/td\u003E\u003Ctd\u003E\u003Cp align=\u0022center\u0022\u003E\u0026nbsp;\u003C\/p\u003E\u003C\/td\u003E\u003C\/tr\u003E\u003Ctr\u003E\u003Ctd valign=\u0022top\u0022\u003E\u003Cp\u003ESaumur\u003C\/p\u003E\u003C\/td\u003E\u003Ctd\u003E\u003Cp align=\u0022center\u0022\u003E12\u003C\/p\u003E\u003C\/td\u003E\u003Ctd\u003E\u003Cp align=\u0022center\u0022\u003E12\u003C\/p\u003E\u003C\/td\u003E\u003Ctd\u003E\u003Cp align=\u0022center\u0022\u003E22\u003C\/p\u003E\u003C\/td\u003E\u003C\/tr\u003E\u003Ctr\u003E\u003Ctd valign=\u0022top\u0022\u003E\u003Cp\u003EVins du Haut-Poitou\u003C\/p\u003E\u003C\/td\u003E\u003Ctd\u003E\u003Cp align=\u0022center\u0022\u003E13\u003C\/p\u003E\u003C\/td\u003E\u003Ctd\u003E\u003Cp align=\u0022center\u0022\u003E9\u003C\/p\u003E\u003C\/td\u003E\u003Ctd\u003E\u003Cp align=\u0022center\u0022\u003E16\u003C\/p\u003E\u003C\/td\u003E\u003C\/tr\u003E\u003Ctr\u003E\u003Ctd valign=\u0022top\u0022\u003E\u003Cp\u003E\u003Cstrong\u003EAuvergne-Rh\u00f4ne-Alpes\u003C\/strong\u003E\u003C\/p\u003E\u003C\/td\u003E\u003Ctd\u003E\u003Cp align=\u0022center\u0022\u003E\u0026nbsp;\u003C\/p\u003E\u003C\/td\u003E\u003Ctd\u003E\u003Cp align=\u0022center\u0022\u003E\u0026nbsp;\u003C\/p\u003E\u003C\/td\u003E\u003Ctd\u003E\u003Cp align=\u0022center\u0022\u003E\u0026nbsp;\u003C\/p\u003E\u003C\/td\u003E\u003C\/tr\u003E\u003Ctr\u003E\u003Ctd valign=\u0022top\u0022\u003E\u003Cul\u003E\u003Cli\u003E\u003Cstrong\u003EAllier\u003C\/strong\u003E\u003C\/li\u003E\u003C\/ul\u003E\u003C\/td\u003E\u003Ctd\u003E\u003Cp align=\u0022center\u0022\u003E\u0026nbsp;\u003C\/p\u003E\u003C\/td\u003E\u003Ctd\u003E\u003Cp align=\u0022center\u0022\u003E\u0026nbsp;\u003C\/p\u003E\u003C\/td\u003E\u003Ctd\u003E\u003Cp align=\u0022center\u0022\u003E\u0026nbsp;\u003C\/p\u003E\u003C\/td\u003E\u003C\/tr\u003E\u003Ctr\u003E\u003Ctd valign=\u0022top\u0022\u003E\u003Cp\u003ESaint-Pour\u00e7ain\u003C\/p\u003E\u003C\/td\u003E\u003Ctd\u003E\u003Cp align=\u0022center\u0022\u003E17\u003C\/p\u003E\u003C\/td\u003E\u003Ctd\u003E\u003Cp align=\u0022center\u0022\u003E7\u003C\/p\u003E\u003C\/td\u003E\u003Ctd\u003E\u003Cp align=\u0022center\u0022\u003E23\u003C\/p\u003E\u003C\/td\u003E\u003C\/tr\u003E\u003Ctr\u003E\u003Ctd valign=\u0022top\u0022\u003E\u003Cul\u003E\u003Cli\u003E\u003Cstrong\u003ELoire\u003C\/strong\u003E\u003C\/li\u003E\u003C\/ul\u003E\u003C\/td\u003E\u003Ctd\u003E\u003Cp align=\u0022center\u0022\u003E\u0026nbsp;\u003C\/p\u003E\u003C\/td\u003E\u003Ctd\u003E\u003Cp align=\u0022center\u0022\u003E\u0026nbsp;\u003C\/p\u003E\u003C\/td\u003E\u003Ctd\u003E\u003Cp align=\u0022center\u0022\u003E\u0026nbsp;\u003C\/p\u003E\u003C\/td\u003E\u003C\/tr\u003E\u003Ctr\u003E\u003Ctd valign=\u0022top\u0022\u003E\u003Cp\u003EC\u00f4tes du Forez\u003C\/p\u003E\u003C\/td\u003E\u003Ctd\u003E\u003Cp align=\u0022center\u0022\u003E12\u003C\/p\u003E\u003C\/td\u003E\u003Ctd\u003E\u003Cp align=\u0022center\u0022\u003E10\u003C\/p\u003E\u003C\/td\u003E\u003Ctd\u003E\u003Cp align=\u0022center\u0022\u003E20\u003C\/p\u003E\u003C\/td\u003E\u003C\/tr\u003E\u003Ctr\u003E\u003Ctd valign=\u0022top\u0022\u003E\u003Cp\u003EC\u00f4te Roannaise\u003C\/p\u003E\u003C\/td\u003E\u003Ctd\u003E\u003Cp align=\u0022center\u0022\u003E12\u003C\/p\u003E\u003C\/td\u003E\u003Ctd\u003E\u003Cp align=\u0022center\u0022\u003E10\u003C\/p\u003E\u003C\/td\u003E\u003Ctd\u003E\u003Cp align=\u0022center\u0022\u003E20\u003C\/p\u003E\u003C\/td\u003E\u003C\/tr\u003E\u003Ctr\u003E\u003Ctd valign=\u0022top\u0022\u003E\u003Cul\u003E\u003Cli\u003E\u003Cstrong\u003EPuy-du-D\u00f4me\u003C\/strong\u003E\u003C\/li\u003E\u003C\/ul\u003E\u003C\/td\u003E\u003Ctd\u003E\u003Cp align=\u0022center\u0022\u003E\u0026nbsp;\u003C\/p\u003E\u003C\/td\u003E\u003Ctd\u003E\u003Cp align=\u0022center\u0022\u003E\u0026nbsp;\u003C\/p\u003E\u003C\/td\u003E\u003Ctd\u003E\u003Cp align=\u0022center\u0022\u003E\u0026nbsp;\u003C\/p\u003E\u003C\/td\u003E\u003C\/tr\u003E\u003Ctr\u003E\u003Ctd valign=\u0022top\u0022\u003E\u003Cp\u003EC\u00f4tes d\u2019Auvergne\u003C\/p\u003E\u003C\/td\u003E\u003Ctd\u003E\u003Cp align=\u0022center\u0022\u003E15\u003C\/p\u003E\u003C\/td\u003E\u003Ctd\u003E\u003Cp align=\u0022center\u0022\u003E7\u003C\/p\u003E\u003C\/td\u003E\u003Ctd\u003E\u003Cp align=\u0022center\u0022\u003E25\u003C\/p\u003E\u003C\/td\u003E\u003C\/tr\u003E\u003Ctr\u003E\u003Ctd valign=\u0022top\u0022\u003E\u003Cp\u003E\u003Cstrong\u003EVall\u00e9e du Rh\u00f4ne-Provence\u003C\/strong\u003E\u003C\/p\u003E\u003C\/td\u003E\u003Ctd\u003E\u003Cp align=\u0022center\u0022\u003E\u0026nbsp;\u003C\/p\u003E\u003C\/td\u003E\u003Ctd\u003E\u003Cp align=\u0022center\u0022\u003E\u0026nbsp;\u003C\/p\u003E\u003C\/td\u003E\u003Ctd\u003E\u003Cp align=\u0022center\u0022\u003E\u0026nbsp;\u003C\/p\u003E\u003C\/td\u003E\u003C\/tr\u003E\u003Ctr\u003E\u003Ctd valign=\u0022top\u0022\u003E\u003Cp\u003E\u003Cstrong\u003ERh\u00f4ne-Alpes\u003C\/strong\u003E\u003C\/p\u003E\u003C\/td\u003E\u003Ctd\u003E\u003Cp align=\u0022center\u0022\u003E\u0026nbsp;\u003C\/p\u003E\u003C\/td\u003E\u003Ctd\u003E\u003Cp align=\u0022center\u0022\u003E\u0026nbsp;\u003C\/p\u003E\u003C\/td\u003E\u003Ctd\u003E\u003Cp align=\u0022center\u0022\u003E\u0026nbsp;\u003C\/p\u003E\u003C\/td\u003E\u003C\/tr\u003E\u003Ctr\u003E\u003Ctd valign=\u0022top\u0022\u003E\u003Cul\u003E\u003Cli\u003E\u003Cstrong\u003EArd\u00e8che\u003C\/strong\u003E\u003C\/li\u003E\u003C\/ul\u003E\u003C\/td\u003E\u003Ctd\u003E\u003Cp align=\u0022center\u0022\u003E\u0026nbsp;\u003C\/p\u003E\u003C\/td\u003E\u003Ctd\u003E\u003Cp align=\u0022center\u0022\u003E\u0026nbsp;\u003C\/p\u003E\u003C\/td\u003E\u003Ctd\u003E\u003Cp align=\u0022center\u0022\u003E\u0026nbsp;\u003C\/p\u003E\u003C\/td\u003E\u003C\/tr\u003E\u003Ctr\u003E\u003Ctd valign=\u0022top\u0022\u003E\u003Cp\u003EC\u00f4tes du Vivarais\u003C\/p\u003E\u003C\/td\u003E\u003Ctd\u003E\u003Cp align=\u0022center\u0022\u003E17\u003C\/p\u003E\u003C\/td\u003E\u003Ctd\u003E\u003Cp align=\u0022center\u0022\u003E12\u003C\/p\u003E\u003C\/td\u003E\u003Ctd\u003E\u003Cp align=\u0022center\u0022\u003E20\u003C\/p\u003E\u003C\/td\u003E\u003C\/tr\u003E\u003Ctr\u003E\u003Ctd valign=\u0022top\u0022\u003E\u003Cp\u003ESaint-Joseph\u003C\/p\u003E\u003C\/td\u003E\u003Ctd\u003E\u003Cp align=\u0022center\u0022\u003E150\u003C\/p\u003E\u003C\/td\u003E\u003Ctd\u003E\u003Cp align=\u0022center\u0022\u003E130\u003C\/p\u003E\u003C\/td\u003E\u003Ctd\u003E\u003Cp align=\u0022center\u0022\u003E200\u003C\/p\u003E\u003C\/td\u003E\u003C\/tr\u003E\u003Ctr\u003E\u003Ctd valign=\u0022top\u0022\u003E\u003Cp\u003ECornas\u003C\/p\u003E\u003C\/td\u003E\u003Ctd\u003E\u003Cp align=\u0022center\u0022\u003E500\u003C\/p\u003E\u003C\/td\u003E\u003Ctd\u003E\u003Cp align=\u0022center\u0022\u003E450\u003C\/p\u003E\u003C\/td\u003E\u003Ctd\u003E\u003Cp align=\u0022center\u0022\u003E600\u003C\/p\u003E\u003C\/td\u003E\u003C\/tr\u003E\u003Ctr\u003E\u003Ctd valign=\u0022top\u0022\u003E\u003Cp\u003EC\u00f4tes du Rh\u00f4ne Appellation R\u00e9gionale\u003C\/p\u003E\u003C\/td\u003E\u003Ctd\u003E\u003Cp align=\u0022center\u0022\u003E10\u003C\/p\u003E\u003C\/td\u003E\u003Ctd\u003E\u003Cp align=\u0022center\u0022\u003E7\u003C\/p\u003E\u003C\/td\u003E\u003Ctd\u003E\u003Cp align=\u0022center\u0022\u003E18\u003C\/p\u003E\u003C\/td\u003E\u003C\/tr\u003E\u003Ctr\u003E\u003Ctd valign=\u0022top\u0022\u003E\u003Cp\u003EVins IGP\u003C\/p\u003E\u003C\/td\u003E\u003Ctd\u003E\u003Cp align=\u0022center\u0022\u003E15\u003C\/p\u003E\u003C\/td\u003E\u003Ctd\u003E\u003Cp align=\u0022center\u0022\u003E10\u003C\/p\u003E\u003C\/td\u003E\u003Ctd\u003E\u003Cp align=\u0022center\u0022\u003E20\u003C\/p\u003E\u003C\/td\u003E\u003C\/tr\u003E\u003Ctr\u003E\u003Ctd valign=\u0022top\u0022\u003E\u003Cp\u003EVins sans IG\u003C\/p\u003E\u003C\/td\u003E\u003Ctd\u003E\u003Cp align=\u0022center\u0022\u003E13\u003C\/p\u003E\u003C\/td\u003E\u003Ctd\u003E\u003Cp align=\u0022center\u0022\u003E9\u003C\/p\u003E\u003C\/td\u003E\u003Ctd\u003E\u003Cp align=\u0022center\u0022\u003E18\u003C\/p\u003E\u003C\/td\u003E\u003C\/tr\u003E\u003Ctr\u003E\u003Ctd valign=\u0022top\u0022\u003E\u003Cul\u003E\u003Cli\u003E\u003Cstrong\u003EDr\u00f4me\u003C\/strong\u003E\u003C\/li\u003E\u003C\/ul\u003E\u003C\/td\u003E\u003Ctd\u003E\u003Cp align=\u0022center\u0022\u003E\u0026nbsp;\u003C\/p\u003E\u003C\/td\u003E\u003Ctd\u003E\u003Cp align=\u0022center\u0022\u003E\u0026nbsp;\u003C\/p\u003E\u003C\/td\u003E\u003Ctd\u003E\u003Cp align=\u0022center\u0022\u003E\u0026nbsp;\u003C\/p\u003E\u003C\/td\u003E\u003C\/tr\u003E\u003Ctr\u003E\u003Ctd valign=\u0022top\u0022\u003E\u003Cp\u003EAppellations du Diois\u003C\/p\u003E\u003C\/td\u003E\u003Ctd\u003E\u003Cp align=\u0022center\u0022\u003END\u003C\/p\u003E\u003C\/td\u003E\u003Ctd\u003E\u003Cp align=\u0022center\u0022\u003END\u003C\/p\u003E\u003C\/td\u003E\u003Ctd\u003E\u003Cp align=\u0022center\u0022\u003END\u003C\/p\u003E\u003C\/td\u003E\u003C\/tr\u003E\u003Ctr\u003E\u003Ctd valign=\u0022top\u0022\u003E\u003Cp\u003ECrozes-Hermitage\u003C\/p\u003E\u003C\/td\u003E\u003Ctd\u003E\u003Cp align=\u0022center\u0022\u003E155\u003C\/p\u003E\u003C\/td\u003E\u003Ctd\u003E\u003Cp align=\u0022center\u0022\u003E140\u003C\/p\u003E\u003C\/td\u003E\u003Ctd\u003E\u003Cp align=\u0022center\u0022\u003E165\u003C\/p\u003E\u003C\/td\u003E\u003C\/tr\u003E\u003Ctr\u003E\u003Ctd valign=\u0022top\u0022\u003E\u003Cp\u003EC\u00f4tes du Rh\u00f4ne\u003C\/p\u003E\u003C\/td\u003E\u003Ctd\u003E\u003Cp align=\u0022center\u0022\u003END\u003C\/p\u003E\u003C\/td\u003E\u003Ctd\u003E\u003Cp align=\u0022center\u0022\u003END\u003C\/p\u003E\u003C\/td\u003E\u003Ctd\u003E\u003Cp align=\u0022center\u0022\u003END\u003C\/p\u003E\u003C\/td\u003E\u003C\/tr\u003E\u003Ctr\u003E\u003Ctd valign=\u0022top\u0022\u003E\u003Cp\u003EDont C\u00f4tes du Rh\u00f4ne Appellation R\u00e9gionale\u003C\/p\u003E\u003C\/td\u003E\u003Ctd\u003E\u003Cp align=\u0022center\u0022\u003END\u003C\/p\u003E\u003C\/td\u003E\u003Ctd\u003E\u003Cp align=\u0022center\u0022\u003END\u003C\/p\u003E\u003C\/td\u003E\u003Ctd\u003E\u003Cp align=\u0022center\u0022\u003END\u003C\/p\u003E\u003C\/td\u003E\u003C\/tr\u003E\u003Ctr\u003E\u003Ctd valign=\u0022top\u0022\u003E\u003Cp\u003EDont C\u00f4tes du Rh\u00f4ne Villages\u003C\/p\u003E\u003C\/td\u003E\u003Ctd\u003E\u003Cp align=\u0022center\u0022\u003END\u003C\/p\u003E\u003C\/td\u003E\u003Ctd\u003E\u003Cp align=\u0022center\u0022\u003END\u003C\/p\u003E\u003C\/td\u003E\u003Ctd\u003E\u003Cp align=\u0022center\u0022\u003END\u003C\/p\u003E\u003C\/td\u003E\u003C\/tr\u003E\u003Ctr\u003E\u003Ctd valign=\u0022top\u0022\u003E\u003Cp\u003EDont C\u00f4tes du Rh\u00f4ne Villages avec Nom de Commune\u003C\/p\u003E\u003C\/td\u003E\u003Ctd\u003E\u003Cp align=\u0022center\u0022\u003END\u003C\/p\u003E\u003C\/td\u003E\u003Ctd\u003E\u003Cp align=\u0022center\u0022\u003END\u003C\/p\u003E\u003C\/td\u003E\u003Ctd\u003E\u003Cp align=\u0022center\u0022\u003END\u003C\/p\u003E\u003C\/td\u003E\u003C\/tr\u003E\u003Ctr\u003E\u003Ctd valign=\u0022top\u0022\u003E\u003Cp\u003EVinsobres\u003C\/p\u003E\u003C\/td\u003E\u003Ctd\u003E\u003Cp align=\u0022center\u0022\u003END\u003C\/p\u003E\u003C\/td\u003E\u003Ctd\u003E\u003Cp align=\u0022center\u0022\u003END\u003C\/p\u003E\u003C\/td\u003E\u003Ctd\u003E\u003Cp align=\u0022center\u0022\u003END\u003C\/p\u003E\u003C\/td\u003E\u003C\/tr\u003E\u003Ctr\u003E\u003Ctd valign=\u0022top\u0022\u003E\u003Cp\u003EGrignan-Les Adh\u00e9mar (ex\u0026nbsp;: Coteaux du Tricastin)\u003C\/p\u003E\u003C\/td\u003E\u003Ctd\u003E\u003Cp align=\u0022center\u0022\u003END\u003C\/p\u003E\u003C\/td\u003E\u003Ctd\u003E\u003Cp align=\u0022center\u0022\u003END\u003C\/p\u003E\u003C\/td\u003E\u003Ctd\u003E\u003Cp align=\u0022center\u0022\u003END\u003C\/p\u003E\u003C\/td\u003E\u003C\/tr\u003E\u003Ctr\u003E\u003Ctd valign=\u0022top\u0022\u003E\u003Cp\u003EHermitage\u003C\/p\u003E\u003C\/td\u003E\u003Ctd\u003E\u003Cp align=\u0022center\u0022\u003END\u003C\/p\u003E\u003C\/td\u003E\u003Ctd\u003E\u003Cp align=\u0022center\u0022\u003END\u003C\/p\u003E\u003C\/td\u003E\u003Ctd\u003E\u003Cp align=\u0022center\u0022\u003END\u003C\/p\u003E\u003C\/td\u003E\u003C\/tr\u003E\u003Ctr\u003E\u003Ctd valign=\u0022top\u0022\u003E\u003Cp\u003EVins IGP\u003C\/p\u003E\u003C\/td\u003E\u003Ctd\u003E\u003Cp align=\u0022center\u0022\u003END\u003C\/p\u003E\u003C\/td\u003E\u003Ctd\u003E\u003Cp align=\u0022center\u0022\u003END\u003C\/p\u003E\u003C\/td\u003E\u003Ctd\u003E\u003Cp align=\u0022center\u0022\u003END\u003C\/p\u003E\u003C\/td\u003E\u003C\/tr\u003E\u003Ctr\u003E\u003Ctd valign=\u0022top\u0022\u003E\u003Cp\u003EVins sans IG\u003C\/p\u003E\u003C\/td\u003E\u003Ctd\u003E\u003Cp align=\u0022center\u0022\u003END\u003C\/p\u003E\u003C\/td\u003E\u003Ctd\u003E\u003Cp align=\u0022center\u0022\u003END\u003C\/p\u003E\u003C\/td\u003E\u003Ctd\u003E\u003Cp align=\u0022center\u0022\u003END\u003C\/p\u003E\u003C\/td\u003E\u003C\/tr\u003E\u003Ctr\u003E\u003Ctd valign=\u0022top\u0022\u003E\u003Cul\u003E\u003Cli\u003E\u003Cstrong\u003ELoire\u003C\/strong\u003E\u003C\/li\u003E\u003C\/ul\u003E\u003C\/td\u003E\u003Ctd\u003E\u003Cp align=\u0022center\u0022\u003E\u0026nbsp;\u003C\/p\u003E\u003C\/td\u003E\u003Ctd\u003E\u003Cp align=\u0022center\u0022\u003E\u0026nbsp;\u003C\/p\u003E\u003C\/td\u003E\u003Ctd\u003E\u003Cp align=\u0022center\u0022\u003E\u0026nbsp;\u003C\/p\u003E\u003C\/td\u003E\u003C\/tr\u003E\u003Ctr\u003E\u003Ctd valign=\u0022top\u0022\u003E\u003Cp\u003ECondrieu\u003C\/p\u003E\u003C\/td\u003E\u003Ctd valign=\u0022top\u0022\u003E\u003Cp align=\u0022center\u0022\u003E800\u003C\/p\u003E\u003C\/td\u003E\u003Ctd valign=\u0022top\u0022\u003E\u003Cp align=\u0022center\u0022\u003E700\u003C\/p\u003E\u003C\/td\u003E\u003Ctd valign=\u0022top\u0022\u003E\u003Cp align=\u0022center\u0022\u003E1 100\u003C\/p\u003E\u003C\/td\u003E\u003C\/tr\u003E\u003Ctr\u003E\u003Ctd valign=\u0022top\u0022\u003E\u003Cul\u003E\u003Cli\u003E\u003Cstrong\u003ERh\u00f4ne\u003C\/strong\u003E\u003C\/li\u003E\u003C\/ul\u003E\u003C\/td\u003E\u003Ctd\u003E\u003Cp align=\u0022center\u0022\u003E\u0026nbsp;\u003C\/p\u003E\u003C\/td\u003E\u003Ctd\u003E\u003Cp align=\u0022center\u0022\u003E\u0026nbsp;\u003C\/p\u003E\u003C\/td\u003E\u003Ctd\u003E\u003Cp align=\u0022center\u0022\u003E\u0026nbsp;\u003C\/p\u003E\u003C\/td\u003E\u003C\/tr\u003E\u003Ctr\u003E\u003Ctd valign=\u0022top\u0022\u003E\u003Cp\u003EC\u00f4te Rotie\u003C\/p\u003E\u003C\/td\u003E\u003Ctd\u003E\u003Cp align=\u0022center\u0022\u003E1 350\u003C\/p\u003E\u003C\/td\u003E\u003Ctd\u003E\u003Cp align=\u0022center\u0022\u003E1 000\u003C\/p\u003E\u003C\/td\u003E\u003Ctd\u003E\u003Cp align=\u0022center\u0022\u003E1 600\u003C\/p\u003E\u003C\/td\u003E\u003C\/tr\u003E\u003Ctr\u003E\u003Ctd valign=\u0022top\u0022\u003E\u003Cp\u003E\u0026nbsp;\u003C\/p\u003E\u003C\/td\u003E\u003Ctd\u003E\u003Cp align=\u0022center\u0022\u003E\u0026nbsp;\u003C\/p\u003E\u003C\/td\u003E\u003Ctd\u003E\u003Cp align=\u0022center\u0022\u003E\u0026nbsp;\u003C\/p\u003E\u003C\/td\u003E\u003Ctd\u003E\u003Cp align=\u0022center\u0022\u003E\u0026nbsp;\u003C\/p\u003E\u003C\/td\u003E\u003C\/tr\u003E\u003Ctr\u003E\u003Ctd valign=\u0022top\u0022\u003E\u003Cul\u003E\u003Cli\u003E\u003Cstrong\u003EGard\u003C\/strong\u003E\u003C\/li\u003E\u003C\/ul\u003E\u003C\/td\u003E\u003Ctd\u003E\u003Cp align=\u0022center\u0022\u003E\u0026nbsp;\u003C\/p\u003E\u003C\/td\u003E\u003Ctd\u003E\u003Cp align=\u0022center\u0022\u003E\u0026nbsp;\u003C\/p\u003E\u003C\/td\u003E\u003Ctd\u003E\u003Cp align=\u0022center\u0022\u003E\u0026nbsp;\u003C\/p\u003E\u003C\/td\u003E\u003C\/tr\u003E\u003Ctr\u003E\u003Ctd valign=\u0022top\u0022\u003E\u003Cp\u003EClairette de Bellegarde\u003C\/p\u003E\u003C\/td\u003E\u003Ctd valign=\u0022top\u0022\u003E\u003Cp align=\u0022center\u0022\u003E15\u003C\/p\u003E\u003C\/td\u003E\u003Ctd valign=\u0022top\u0022\u003E\u003Cp align=\u0022center\u0022\u003E13\u003C\/p\u003E\u003C\/td\u003E\u003Ctd valign=\u0022top\u0022\u003E\u003Cp align=\u0022center\u0022\u003E20\u003C\/p\u003E\u003C\/td\u003E\u003C\/tr\u003E\u003Ctr\u003E\u003Ctd valign=\u0022top\u0022\u003E\u003Cp\u003ECosti\u00e8res de N\u00eemes\u003C\/p\u003E\u003C\/td\u003E\u003Ctd\u003E\u003Cp align=\u0022center\u0022\u003E19\u003C\/p\u003E\u003C\/td\u003E\u003Ctd\u003E\u003Cp align=\u0022center\u0022\u003E15\u003C\/p\u003E\u003C\/td\u003E\u003Ctd\u003E\u003Cp align=\u0022center\u0022\u003E25\u003C\/p\u003E\u003C\/td\u003E\u003C\/tr\u003E\u003Ctr\u003E\u003Ctd valign=\u0022top\u0022\u003E\u003Cp\u003EC\u00f4tes du Rh\u00f4ne\u003C\/p\u003E\u003C\/td\u003E\u003Ctd\u003E\u003Cp align=\u0022center\u0022\u003E15\u003C\/p\u003E\u003C\/td\u003E\u003Ctd\u003E\u003Cp align=\u0022center\u0022\u003E9\u003C\/p\u003E\u003C\/td\u003E\u003Ctd\u003E\u003Cp align=\u0022center\u0022\u003E18\u003C\/p\u003E\u003C\/td\u003E\u003C\/tr\u003E\u003Ctr\u003E\u003Ctd valign=\u0022top\u0022\u003E\u003Cp\u003EC\u00f4tes du Rh\u00f4ne Villages\u003C\/p\u003E\u003C\/td\u003E\u003Ctd\u003E\u003Cp align=\u0022center\u0022\u003E15\u003C\/p\u003E\u003C\/td\u003E\u003Ctd\u003E\u003Cp align=\u0022center\u0022\u003E10\u003C\/p\u003E\u003C\/td\u003E\u003Ctd\u003E\u003Cp align=\u0022center\u0022\u003E24\u003C\/p\u003E\u003C\/td\u003E\u003C\/tr\u003E\u003Ctr\u003E\u003Ctd valign=\u0022top\u0022\u003E\u003Cp\u003EC\u00f4tes du Rh\u00f4ne Villages Laudan et Chusclan\u003C\/p\u003E\u003C\/td\u003E\u003Ctd\u003E\u003Cp align=\u0022center\u0022\u003END\u003C\/p\u003E\u003C\/td\u003E\u003Ctd\u003E\u003Cp align=\u0022center\u0022\u003END\u003C\/p\u003E\u003C\/td\u003E\u003Ctd\u003E\u003Cp align=\u0022center\u0022\u003END\u003C\/p\u003E\u003C\/td\u003E\u003C\/tr\u003E\u003Ctr\u003E\u003Ctd valign=\u0022top\u0022\u003E\u003Cp\u003EDuch\u00e9 d\u2019Uzes\u003C\/p\u003E\u003C\/td\u003E\u003Ctd\u003E\u003Cp align=\u0022center\u0022\u003E15\u003C\/p\u003E\u003C\/td\u003E\u003Ctd\u003E\u003Cp align=\u0022center\u0022\u003E11\u003C\/p\u003E\u003C\/td\u003E\u003Ctd\u003E\u003Cp align=\u0022center\u0022\u003E17\u003C\/p\u003E\u003C\/td\u003E\u003C\/tr\u003E\u003Ctr\u003E\u003Ctd valign=\u0022top\u0022\u003E\u003Cp\u003ELirac\u003C\/p\u003E\u003C\/td\u003E\u003Ctd\u003E\u003Cp align=\u0022center\u0022\u003E40\u003C\/p\u003E\u003C\/td\u003E\u003Ctd\u003E\u003Cp align=\u0022center\u0022\u003E30\u003C\/p\u003E\u003C\/td\u003E\u003Ctd\u003E\u003Cp align=\u0022center\u0022\u003E42\u003C\/p\u003E\u003C\/td\u003E\u003C\/tr\u003E\u003Ctr\u003E\u003Ctd valign=\u0022top\u0022\u003E\u003Cp\u003ETavel\u003C\/p\u003E\u003C\/td\u003E\u003Ctd\u003E\u003Cp align=\u0022center\u0022\u003END\u003C\/p\u003E\u003C\/td\u003E\u003Ctd\u003E\u003Cp align=\u0022center\u0022\u003END\u003C\/p\u003E\u003C\/td\u003E\u003Ctd\u003E\u003Cp align=\u0022center\u0022\u003END\u003C\/p\u003E\u003C\/td\u003E\u003C\/tr\u003E\u003Ctr\u003E\u003Ctd valign=\u0022top\u0022\u003E\u003Cp\u003E\u003Cstrong\u003EProvence-Alpes-C\u00f4te d\u2019Azur\u003C\/strong\u003E\u003C\/p\u003E\u003C\/td\u003E\u003Ctd\u003E\u003Cp align=\u0022center\u0022\u003E\u0026nbsp;\u003C\/p\u003E\u003C\/td\u003E\u003Ctd\u003E\u003Cp align=\u0022center\u0022\u003E\u0026nbsp;\u003C\/p\u003E\u003C\/td\u003E\u003Ctd\u003E\u003Cp align=\u0022center\u0022\u003E\u0026nbsp;\u003C\/p\u003E\u003C\/td\u003E\u003C\/tr\u003E\u003Ctr\u003E\u003Ctd valign=\u0022top\u0022\u003E\u003Cul\u003E\u003Cli\u003E\u003Cstrong\u003EAlpes-de-Haute-Provence\u003C\/strong\u003E\u003C\/li\u003E\u003C\/ul\u003E\u003C\/td\u003E\u003Ctd\u003E\u003Cp align=\u0022center\u0022\u003E\u0026nbsp;\u003C\/p\u003E\u003C\/td\u003E\u003Ctd\u003E\u003Cp align=\u0022center\u0022\u003E\u0026nbsp;\u003C\/p\u003E\u003C\/td\u003E\u003Ctd\u003E\u003Cp align=\u0022center\u0022\u003E\u0026nbsp;\u003C\/p\u003E\u003C\/td\u003E\u003C\/tr\u003E\u003Ctr\u003E\u003Ctd valign=\u0022top\u0022\u003E\u003Cp\u003EPierrevert\u003C\/p\u003E\u003C\/td\u003E\u003Ctd\u003E\u003Cp align=\u0022center\u0022\u003E15\u003C\/p\u003E\u003C\/td\u003E\u003Ctd\u003E\u003Cp align=\u0022center\u0022\u003E15\u003C\/p\u003E\u003C\/td\u003E\u003Ctd\u003E\u003Cp align=\u0022center\u0022\u003E15\u003C\/p\u003E\u003C\/td\u003E\u003C\/tr\u003E\u003Ctr\u003E\u003Ctd valign=\u0022top\u0022\u003E\u003Cp\u003EVins IGP\u003C\/p\u003E\u003C\/td\u003E\u003Ctd\u003E\u003Cp align=\u0022center\u0022\u003E10\u003C\/p\u003E\u003C\/td\u003E\u003Ctd\u003E\u003Cp align=\u0022center\u0022\u003E10\u003C\/p\u003E\u003C\/td\u003E\u003Ctd\u003E\u003Cp align=\u0022center\u0022\u003E10\u003C\/p\u003E\u003C\/td\u003E\u003C\/tr\u003E\u003Ctr\u003E\u003Ctd valign=\u0022top\u0022\u003E\u003Cul\u003E\u003Cli\u003E\u003Cstrong\u003EHautes-Alpes\u003C\/strong\u003E\u003C\/li\u003E\u003C\/ul\u003E\u003C\/td\u003E\u003Ctd\u003E\u003Cp align=\u0022center\u0022\u003E\u0026nbsp;\u003C\/p\u003E\u003C\/td\u003E\u003Ctd\u003E\u003Cp align=\u0022center\u0022\u003E\u0026nbsp;\u003C\/p\u003E\u003C\/td\u003E\u003Ctd\u003E\u003Cp align=\u0022center\u0022\u003E\u0026nbsp;\u003C\/p\u003E\u003C\/td\u003E\u003C\/tr\u003E\u003Ctr\u003E\u003Ctd valign=\u0022top\u0022\u003E\u003Cp\u003EVins IGP\u003C\/p\u003E\u003C\/td\u003E\u003Ctd\u003E\u003Cp align=\u0022center\u0022\u003E10\u003C\/p\u003E\u003C\/td\u003E\u003Ctd\u003E\u003Cp align=\u0022center\u0022\u003E10\u003C\/p\u003E\u003C\/td\u003E\u003Ctd\u003E\u003Cp align=\u0022center\u0022\u003E10\u003C\/p\u003E\u003C\/td\u003E\u003C\/tr\u003E\u003Ctr\u003E\u003Ctd valign=\u0022top\u0022\u003E\u003Cul\u003E\u003Cli\u003E\u003Cstrong\u003EAlpes-Maritimes\u003C\/strong\u003E\u003C\/li\u003E\u003C\/ul\u003E\u003C\/td\u003E\u003Ctd\u003E\u003Cp align=\u0022center\u0022\u003E\u0026nbsp;\u003C\/p\u003E\u003C\/td\u003E\u003Ctd\u003E\u003Cp align=\u0022center\u0022\u003E\u0026nbsp;\u003C\/p\u003E\u003C\/td\u003E\u003Ctd\u003E\u003Cp align=\u0022center\u0022\u003E\u0026nbsp;\u003C\/p\u003E\u003C\/td\u003E\u003C\/tr\u003E\u003Ctr\u003E\u003Ctd valign=\u0022top\u0022\u003E\u003Cp\u003EBellet\u003C\/p\u003E\u003C\/td\u003E\u003Ctd\u003E\u003Cp align=\u0022center\u0022\u003E245\u003C\/p\u003E\u003C\/td\u003E\u003Ctd\u003E\u003Cp align=\u0022center\u0022\u003E245\u003C\/p\u003E\u003C\/td\u003E\u003Ctd\u003E\u003Cp align=\u0022center\u0022\u003E245\u003C\/p\u003E\u003C\/td\u003E\u003C\/tr\u003E\u003Ctr\u003E\u003Ctd valign=\u0022top\u0022\u003E\u003Cul\u003E\u003Cli\u003E\u003Cstrong\u003EBouches-du-Rh\u00f4ne\u003C\/strong\u003E\u003C\/li\u003E\u003C\/ul\u003E\u003C\/td\u003E\u003Ctd\u003E\u003Cp align=\u0022center\u0022\u003E\u0026nbsp;\u003C\/p\u003E\u003C\/td\u003E\u003Ctd\u003E\u003Cp align=\u0022center\u0022\u003E\u0026nbsp;\u003C\/p\u003E\u003C\/td\u003E\u003Ctd\u003E\u003Cp align=\u0022center\u0022\u003E\u0026nbsp;\u003C\/p\u003E\u003C\/td\u003E\u003C\/tr\u003E\u003Ctr\u003E\u003Ctd valign=\u0022top\u0022\u003E\u003Cp\u003ECassis\u003C\/p\u003E\u003C\/td\u003E\u003Ctd\u003E\u003Cp align=\u0022center\u0022\u003E130\u003C\/p\u003E\u003C\/td\u003E\u003Ctd\u003E\u003Cp align=\u0022center\u0022\u003E90\u003C\/p\u003E\u003C\/td\u003E\u003Ctd\u003E\u003Cp align=\u0022center\u0022\u003E150\u003C\/p\u003E\u003C\/td\u003E\u003C\/tr\u003E\u003Ctr\u003E\u003Ctd valign=\u0022top\u0022\u003E\u003Cp\u003ECoteaux d\u2019Aix-en-Provence\u003C\/p\u003E\u003C\/td\u003E\u003Ctd\u003E\u003Cp align=\u0022center\u0022\u003E35\u003C\/p\u003E\u003C\/td\u003E\u003Ctd\u003E\u003Cp align=\u0022center\u0022\u003E30\u003C\/p\u003E\u003C\/td\u003E\u003Ctd\u003E\u003Cp align=\u0022center\u0022\u003E40\u003C\/p\u003E\u003C\/td\u003E\u003C\/tr\u003E\u003Ctr\u003E\u003Ctd valign=\u0022top\u0022\u003E\u003Cp\u003EC\u00f4tes de Provence\u003C\/p\u003E\u003C\/td\u003E\u003Ctd\u003E\u003Cp align=\u0022center\u0022\u003E40\u003C\/p\u003E\u003C\/td\u003E\u003Ctd\u003E\u003Cp align=\u0022center\u0022\u003E35\u003C\/p\u003E\u003C\/td\u003E\u003Ctd\u003E\u003Cp align=\u0022center\u0022\u003E45\u003C\/p\u003E\u003C\/td\u003E\u003C\/tr\u003E\u003Ctr\u003E\u003Ctd valign=\u0022top\u0022\u003E\u003Cp\u003ELes Baux-de-Provence\u003C\/p\u003E\u003C\/td\u003E\u003Ctd\u003E\u003Cp align=\u0022center\u0022\u003E45\u003C\/p\u003E\u003C\/td\u003E\u003Ctd\u003E\u003Cp align=\u0022center\u0022\u003E35\u003C\/p\u003E\u003C\/td\u003E\u003Ctd\u003E\u003Cp align=\u0022center\u0022\u003E50\u003C\/p\u003E\u003C\/td\u003E\u003C\/tr\u003E\u003Ctr\u003E\u003Ctd valign=\u0022top\u0022\u003E\u003Cp\u003EVins IGP et vins sans IGP\u003C\/p\u003E\u003C\/td\u003E\u003Ctd\u003E\u003Cp align=\u0022center\u0022\u003E25\u003C\/p\u003E\u003C\/td\u003E\u003Ctd\u003E\u003Cp align=\u0022center\u0022\u003E25\u003C\/p\u003E\u003C\/td\u003E\u003Ctd\u003E\u003Cp align=\u0022center\u0022\u003E30\u003C\/p\u003E\u003C\/td\u003E\u003C\/tr\u003E\u003Ctr\u003E\u003Ctd valign=\u0022top\u0022\u003E\u003Cul\u003E\u003Cli\u003E\u003Cstrong\u003EVar\u003C\/strong\u003E\u003C\/li\u003E\u003C\/ul\u003E\u003C\/td\u003E\u003Ctd\u003E\u003Cp align=\u0022center\u0022\u003E\u0026nbsp;\u003C\/p\u003E\u003C\/td\u003E\u003Ctd\u003E\u003Cp align=\u0022center\u0022\u003E\u0026nbsp;\u003C\/p\u003E\u003C\/td\u003E\u003Ctd\u003E\u003Cp align=\u0022center\u0022\u003E\u0026nbsp;\u003C\/p\u003E\u003C\/td\u003E\u003C\/tr\u003E\u003Ctr\u003E\u003Ctd valign=\u0022top\u0022\u003E\u003Cp\u003EBandol\u003C\/p\u003E\u003C\/td\u003E\u003Ctd\u003E\u003Cp align=\u0022center\u0022\u003E125\u003C\/p\u003E\u003C\/td\u003E\u003Ctd\u003E\u003Cp align=\u0022center\u0022\u003E110\u003C\/p\u003E\u003C\/td\u003E\u003Ctd\u003E\u003Cp align=\u0022center\u0022\u003E150\u003C\/p\u003E\u003C\/td\u003E\u003C\/tr\u003E\u003Ctr\u003E\u003Ctd valign=\u0022top\u0022\u003E\u003Cp\u003ECoteaux d\u2019Aix-en-Provence\u003C\/p\u003E\u003C\/td\u003E\u003Ctd\u003E\u003Cp align=\u0022center\u0022\u003E30\u003C\/p\u003E\u003C\/td\u003E\u003Ctd\u003E\u003Cp align=\u0022center\u0022\u003E25\u003C\/p\u003E\u003C\/td\u003E\u003Ctd\u003E\u003Cp align=\u0022center\u0022\u003E35\u003C\/p\u003E\u003C\/td\u003E\u003C\/tr\u003E\u003Ctr\u003E\u003Ctd valign=\u0022top\u0022\u003E\u003Cp\u003ECoteaux Varois en Provence\u003C\/p\u003E\u003C\/td\u003E\u003Ctd\u003E\u003Cp align=\u0022center\u0022\u003E32\u003C\/p\u003E\u003C\/td\u003E\u003Ctd\u003E\u003Cp align=\u0022center\u0022\u003E25\u003C\/p\u003E\u003C\/td\u003E\u003Ctd\u003E\u003Cp align=\u0022center\u0022\u003E40\u003C\/p\u003E\u003C\/td\u003E\u003C\/tr\u003E\u003Ctr\u003E\u003Ctd valign=\u0022top\u0022\u003E\u003Cp\u003EC\u00f4tes de Provence\u003C\/p\u003E\u003C\/td\u003E\u003Ctd\u003E\u003Cp align=\u0022center\u0022\u003E67\u003C\/p\u003E\u003C\/td\u003E\u003Ctd\u003E\u003Cp align=\u0022center\u0022\u003E35\u003C\/p\u003E\u003C\/td\u003E\u003Ctd\u003E\u003Cp align=\u0022center\u0022\u003E80\u003C\/p\u003E\u003C\/td\u003E\u003C\/tr\u003E\u003Ctr\u003E\u003Ctd valign=\u0022top\u0022\u003E\u003Cp\u003EDont Zone Coteaux de Provence\u003C\/p\u003E\u003C\/td\u003E\u003Ctd\u003E\u003Cp align=\u0022center\u0022\u003E55\u003C\/p\u003E\u003C\/td\u003E\u003Ctd\u003E\u003Cp align=\u0022center\u0022\u003E35\u003C\/p\u003E\u003C\/td\u003E\u003Ctd\u003E\u003Cp align=\u0022center\u0022\u003E110\u003C\/p\u003E\u003C\/td\u003E\u003C\/tr\u003E\u003Ctr\u003E\u003Ctd valign=\u0022top\u0022\u003E\u003Cp\u003EDont Zone Littoral de Provence\u003C\/p\u003E\u003C\/td\u003E\u003Ctd\u003E\u003Cp align=\u0022center\u0022\u003E100\u003C\/p\u003E\u003C\/td\u003E\u003Ctd\u003E\u003Cp align=\u0022center\u0022\u003E80\u003C\/p\u003E\u003C\/td\u003E\u003Ctd\u003E\u003Cp align=\u0022center\u0022\u003E150\u003C\/p\u003E\u003C\/td\u003E\u003C\/tr\u003E\u003Ctr\u003E\u003Ctd valign=\u0022top\u0022\u003E\u003Cp\u003EVins IGP\u003C\/p\u003E\u003C\/td\u003E\u003Ctd\u003E\u003Cp align=\u0022center\u0022\u003E20\u003C\/p\u003E\u003C\/td\u003E\u003Ctd\u003E\u003Cp align=\u0022center\u0022\u003E15\u003C\/p\u003E\u003C\/td\u003E\u003Ctd\u003E\u003Cp align=\u0022center\u0022\u003E30\u003C\/p\u003E\u003C\/td\u003E\u003C\/tr\u003E\u003Ctr\u003E\u003Ctd valign=\u0022top\u0022\u003E\u003Cul\u003E\u003Cli\u003E\u003Cstrong\u003EVaucluse\u003C\/strong\u003E\u003C\/li\u003E\u003C\/ul\u003E\u003C\/td\u003E\u003Ctd\u003E\u003Cp align=\u0022center\u0022\u003E\u0026nbsp;\u003C\/p\u003E\u003C\/td\u003E\u003Ctd\u003E\u003Cp align=\u0022center\u0022\u003E\u0026nbsp;\u003C\/p\u003E\u003C\/td\u003E\u003Ctd\u003E\u003Cp align=\u0022center\u0022\u003E\u0026nbsp;\u003C\/p\u003E\u003C\/td\u003E\u003C\/tr\u003E\u003Ctr\u003E\u003Ctd valign=\u0022top\u0022\u003E\u003Cp\u003ECairanne\u003C\/p\u003E\u003C\/td\u003E\u003Ctd\u003E\u003Cp align=\u0022center\u0022\u003E75\u003C\/p\u003E\u003C\/td\u003E\u003Ctd\u003E\u003Cp align=\u0022center\u0022\u003E65\u003C\/p\u003E\u003C\/td\u003E\u003Ctd\u003E\u003Cp align=\u0022center\u0022\u003E85\u003C\/p\u003E\u003C\/td\u003E\u003C\/tr\u003E\u003Ctr\u003E\u003Ctd valign=\u0022top\u0022\u003E\u003Cp\u003ECh\u00e2teauneuf-du-Pape\u003C\/p\u003E\u003C\/td\u003E\u003Ctd\u003E\u003Cp align=\u0022center\u0022\u003E520\u003C\/p\u003E\u003C\/td\u003E\u003Ctd\u003E\u003Cp align=\u0022center\u0022\u003E500\u003C\/p\u003E\u003C\/td\u003E\u003Ctd\u003E\u003Cp align=\u0022center\u0022\u003E530\u003C\/p\u003E\u003C\/td\u003E\u003C\/tr\u003E\u003Ctr\u003E\u003Ctd valign=\u0022top\u0022\u003E\u003Cp\u003ELub\u00e9ron\u003C\/p\u003E\u003C\/td\u003E\u003Ctd\u003E\u003Cp align=\u0022center\u0022\u003E23\u003C\/p\u003E\u003C\/td\u003E\u003Ctd\u003E\u003Cp align=\u0022center\u0022\u003E17\u003C\/p\u003E\u003C\/td\u003E\u003Ctd\u003E\u003Cp align=\u0022center\u0022\u003E30\u003C\/p\u003E\u003C\/td\u003E\u003C\/tr\u003E\u003Ctr\u003E\u003Ctd valign=\u0022top\u0022\u003E\u003Cp\u003EC\u00f4tes du Rh\u00f4ne Appellation R\u00e9gionale\u003C\/p\u003E\u003C\/td\u003E\u003Ctd\u003E\u003Cp align=\u0022center\u0022\u003E20\u003C\/p\u003E\u003C\/td\u003E\u003Ctd\u003E\u003Cp align=\u0022center\u0022\u003E15\u003C\/p\u003E\u003C\/td\u003E\u003Ctd\u003E\u003Cp align=\u0022center\u0022\u003E25\u003C\/p\u003E\u003C\/td\u003E\u003C\/tr\u003E\u003Ctr\u003E\u003Ctd valign=\u0022top\u0022\u003E\u003Cp\u003EC\u00f4tes du Rh\u00f4ne Villages et Villages avec Nom de Commune\u003C\/p\u003E\u003C\/td\u003E\u003Ctd\u003E\u003Cp align=\u0022center\u0022\u003END\u003C\/p\u003E\u003C\/td\u003E\u003Ctd\u003E\u003Cp align=\u0022center\u0022\u003END\u003C\/p\u003E\u003C\/td\u003E\u003Ctd\u003E\u003Cp align=\u0022center\u0022\u003END\u003C\/p\u003E\u003C\/td\u003E\u003C\/tr\u003E\u003Ctr\u003E\u003Ctd valign=\u0022top\u0022\u003E\u003Cp\u003EBeaumes-de-Venise Rouge\u003C\/p\u003E\u003C\/td\u003E\u003Ctd\u003E\u003Cp align=\u0022center\u0022\u003E80\u003C\/p\u003E\u003C\/td\u003E\u003Ctd\u003E\u003Cp align=\u0022center\u0022\u003E70\u003C\/p\u003E\u003C\/td\u003E\u003Ctd\u003E\u003Cp align=\u0022center\u0022\u003E90\u003C\/p\u003E\u003C\/td\u003E\u003C\/tr\u003E\u003Ctr\u003E\u003Ctd valign=\u0022top\u0022\u003E\u003Cp\u003ERasteau Rouge\u003C\/p\u003E\u003C\/td\u003E\u003Ctd\u003E\u003Cp align=\u0022center\u0022\u003E80\u003C\/p\u003E\u003C\/td\u003E\u003Ctd\u003E\u003Cp align=\u0022center\u0022\u003E65\u003C\/p\u003E\u003C\/td\u003E\u003Ctd\u003E\u003Cp align=\u0022center\u0022\u003E90\u003C\/p\u003E\u003C\/td\u003E\u003C\/tr\u003E\u003Ctr\u003E\u003Ctd valign=\u0022top\u0022\u003E\u003Cp\u003EVentoux\u003C\/p\u003E\u003C\/td\u003E\u003Ctd\u003E\u003Cp align=\u0022center\u0022\u003E23\u003C\/p\u003E\u003C\/td\u003E\u003Ctd\u003E\u003Cp align=\u0022center\u0022\u003E17\u003C\/p\u003E\u003C\/td\u003E\u003Ctd\u003E\u003Cp align=\u0022center\u0022\u003E28\u003C\/p\u003E\u003C\/td\u003E\u003C\/tr\u003E\u003Ctr\u003E\u003Ctd valign=\u0022top\u0022\u003E\u003Cp\u003EGigondas\u003C\/p\u003E\u003C\/td\u003E\u003Ctd\u003E\u003Cp align=\u0022center\u0022\u003E220\u003C\/p\u003E\u003C\/td\u003E\u003Ctd\u003E\u003Cp align=\u0022center\u0022\u003E200\u003C\/p\u003E\u003C\/td\u003E\u003Ctd\u003E\u003Cp align=\u0022center\u0022\u003E230\u003C\/p\u003E\u003C\/td\u003E\u003C\/tr\u003E\u003Ctr\u003E\u003Ctd valign=\u0022top\u0022\u003E\u003Cp\u003EMuscat de Beaumes-de-Venise VDN\u003C\/p\u003E\u003C\/td\u003E\u003Ctd\u003E\u003Cp align=\u0022center\u0022\u003E60\u003C\/p\u003E\u003C\/td\u003E\u003Ctd\u003E\u003Cp align=\u0022center\u0022\u003E50\u003C\/p\u003E\u003C\/td\u003E\u003Ctd\u003E\u003Cp align=\u0022center\u0022\u003E70\u003C\/p\u003E\u003C\/td\u003E\u003C\/tr\u003E\u003Ctr\u003E\u003Ctd valign=\u0022top\u0022\u003E\u003Cp\u003EVacqueyras\u003C\/p\u003E\u003C\/td\u003E\u003Ctd\u003E\u003Cp align=\u0022center\u0022\u003E100\u003C\/p\u003E\u003C\/td\u003E\u003Ctd\u003E\u003Cp align=\u0022center\u0022\u003E80\u003C\/p\u003E\u003C\/td\u003E\u003Ctd\u003E\u003Cp align=\u0022center\u0022\u003E120\u003C\/p\u003E\u003C\/td\u003E\u003C\/tr\u003E\u003Ctr\u003E\u003Ctd valign=\u0022top\u0022\u003E\u003Cp\u003EVins IGP\u003C\/p\u003E\u003C\/td\u003E\u003Ctd\u003E\u003Cp align=\u0022center\u0022\u003E14\u003C\/p\u003E\u003C\/td\u003E\u003Ctd\u003E\u003Cp align=\u0022center\u0022\u003E10\u003C\/p\u003E\u003C\/td\u003E\u003Ctd\u003E\u003Cp align=\u0022center\u0022\u003E20\u003C\/p\u003E\u003C\/td\u003E\u003C\/tr\u003E\u003C\/tbody\u003E\u003C\/table\u003E                                            \u003Cp\u003E\u003Cbr \/\u003E\u003Cstrong\u003ESource :\u003C\/strong\u003E\u003Cstrong\u003E\u00a0\u003C\/strong\u003E\u003C\/p\u003E\u003Cul\u003E\u003Cli\u003E\u003Ca href=\u0022https:\/\/www.legifrance.gouv.fr\/jorf\/id\/JORFTEXT000052153430?init=true\u0026amp;page=1\u0026amp;query=portant+fixation+du+bar%C3%A8me+indicatif+de+la+valeur+v%C3%A9nale+moyenne+des+terres+agricoles\u0026amp;searchField=ALL\u0026amp;tab_selection=all\u0022 target=\u0022_blank\u0022\u003ED\u00e9cision du 26 ao\u00fbt 2025 portant fixation du bar\u00e8me indicatif de la valeur v\u00e9nale moyenne des terres agricoles en 2024\u003C\/a\u003E\u003C\/li\u003E\u003C\/ul\u003E\u003C\/div\u003E","annee":"2025","theme":" Indices, taux, bar\u00e8mes juridiques","activites":["Agriculture"],"image":"https:\/\/www.weblex.fr\/sites\/default\/files\/chiffres_clef\/Shutterstock_vignestarifsvignes.jpg","created":"2026-02-10","modified":"2026-02-10"},{"url":"\/chiffres-cles\/indice-syntec-annee-2025","id":26030,"title":"Indice Syntec - Ann\u00e9e 2025","content":"\u003Cdiv\u003E                                              \u003Cp\u003EL\u2019indice Syntec sert \u00e0 mesurer l\u2019\u00e9volution du co\u00fbt de la main d\u2019\u0153uvre, essentiellement de nature intellectuelle, pour des prestations fournies. Il est utilis\u00e9 dans les branches professionnelles repr\u00e9sent\u00e9es par la f\u00e9d\u00e9ration Syntec (informatique, \u00e9tudes et conseils, ing\u00e9nierie, etc.).\u003C\/p\u003E\u003Ctable class=\u0022MsoTableGrid\u0022\u003E\u003Ctbody\u003E\u003Ctr\u003E\u003Ctd valign=\u0022top\u0022\u003E\u003Cp align=\u0022center\u0022\u003E\u003Cstrong\u003EP\u00e9riode\u003C\/strong\u003E\u003C\/p\u003E\u003C\/td\u003E\u003Ctd valign=\u0022top\u0022\u003E\u003Cp align=\u0022center\u0022\u003E\u003Cstrong\u003EIndice\u003C\/strong\u003E\u003C\/p\u003E\u003C\/td\u003E\u003C\/tr\u003E\u003Ctr\u003E\u003Ctd valign=\u0022top\u0022\u003E\u003Cp\u003EJanvier 2025\u003C\/p\u003E\u003C\/td\u003E\u003Ctd valign=\u0022top\u0022\u003E\u003Cp align=\u0022center\u0022\u003E315,2\u003C\/p\u003E\u003C\/td\u003E\u003C\/tr\u003E\u003Ctr\u003E\u003Ctd valign=\u0022top\u0022\u003E\u003Cp\u003EF\u00e9vrier 2025\u003C\/p\u003E\u003C\/td\u003E\u003Ctd valign=\u0022top\u0022\u003E\u003Cp align=\u0022center\u0022\u003E315,3\u003C\/p\u003E\u003C\/td\u003E\u003C\/tr\u003E\u003Ctr\u003E\u003Ctd valign=\u0022top\u0022\u003E\u003Cp\u003EMars 2025\u003C\/p\u003E\u003C\/td\u003E\u003Ctd valign=\u0022top\u0022\u003E\u003Cp align=\u0022center\u0022\u003E316,7\u003C\/p\u003E\u003C\/td\u003E\u003C\/tr\u003E\u003Ctr\u003E\u003Ctd valign=\u0022top\u0022\u003E\u003Cp\u003EAvril 2025\u003C\/p\u003E\u003C\/td\u003E\u003Ctd valign=\u0022top\u0022\u003E\u003Cp align=\u0022center\u0022\u003E317,1\u003C\/p\u003E\u003C\/td\u003E\u003C\/tr\u003E\u003Ctr\u003E\u003Ctd valign=\u0022top\u0022\u003E\u003Cp\u003EMai 2025\u003C\/p\u003E\u003C\/td\u003E\u003Ctd valign=\u0022top\u0022\u003E\u003Cp align=\u0022center\u0022\u003E318,3\u003C\/p\u003E\u003C\/td\u003E\u003C\/tr\u003E\u003Ctr\u003E\u003Ctd valign=\u0022top\u0022\u003E\u003Cp\u003EJuin 2025\u003C\/p\u003E\u003C\/td\u003E\u003Ctd valign=\u0022top\u0022\u003E\u003Cp align=\u0022center\u0022\u003E319,6\u003C\/p\u003E\u003C\/td\u003E\u003C\/tr\u003E\u003Ctr\u003E\u003Ctd valign=\u0022top\u0022\u003E\u003Cp\u003EJuillet 2025\u003C\/p\u003E\u003C\/td\u003E\u003Ctd valign=\u0022top\u0022\u003E\u003Cp align=\u0022center\u0022\u003E320,3\u003C\/p\u003E\u003C\/td\u003E\u003C\/tr\u003E\u003Ctr\u003E\u003Ctd valign=\u0022top\u0022\u003E\u003Cp\u003EAo\u00fbt 2025\u003C\/p\u003E\u003C\/td\u003E\u003Ctd valign=\u0022top\u0022\u003E\u003Cp align=\u0022center\u0022\u003E321,1\u003C\/p\u003E\u003C\/td\u003E\u003C\/tr\u003E\u003Ctr\u003E\u003Ctd valign=\u0022top\u0022\u003E\u003Cp\u003ESeptembre 2025\u003C\/p\u003E\u003C\/td\u003E\u003Ctd valign=\u0022top\u0022\u003E\u003Cp align=\u0022center\u0022\u003E321,7\u003C\/p\u003E\u003C\/td\u003E\u003C\/tr\u003E\u003Ctr\u003E\u003Ctd valign=\u0022top\u0022\u003E\u003Cp\u003EOctobre 2025\u003C\/p\u003E\u003C\/td\u003E\u003Ctd valign=\u0022top\u0022\u003E\u003Cp align=\u0022center\u0022\u003E322,2\u003C\/p\u003E\u003C\/td\u003E\u003C\/tr\u003E\u003Ctr\u003E\u003Ctd valign=\u0022top\u0022\u003E\u003Cp\u003ENovembre 2025\u003C\/p\u003E\u003C\/td\u003E\u003Ctd valign=\u0022top\u0022\u003E\u003Cp align=\u0022center\u0022\u003E323,1\u003C\/p\u003E\u003C\/td\u003E\u003C\/tr\u003E\u003Ctr\u003E\u003Ctd valign=\u0022top\u0022\u003E\u003Cp\u003ED\u00e9cembre 2025\u003C\/p\u003E\u003C\/td\u003E\u003Ctd valign=\u0022top\u0022\u003E\u003Cp align=\u0022center\u0022\u003E322,6\u003C\/p\u003E\u003C\/td\u003E\u003C\/tr\u003E\u003C\/tbody\u003E\u003C\/table\u003E                                            \u003Cp\u003E\u003Cbr \/\u003E\u003Cstrong\u003ESource :\u003C\/strong\u003E\u003Cstrong\u003E\u00a0\u003C\/strong\u003E\u003C\/p\u003E\u003Cul\u003E\u003Cli\u003E\u003Ca href=\u0022https:\/\/www.syntec.fr\/indicateurs\/indice-syntec\/\u0022 target=\u0022_blank\u0022 rel=\u0022noopener\u0022\u003EIndice Syntec r\u00e9vis\u00e9 (syntec.fr)\u003C\/a\u003E\u003C\/li\u003E\u003C\/ul\u003E\u003C\/div\u003E","annee":"2025","theme":" Indices, taux, bar\u00e8mes juridiques","activites":["Professionnels du divertissement","Prestataire de services","Professionnels du droit et du chiffre"],"image":"https:\/\/www.weblex.fr\/sites\/default\/files\/chiffres_clef\/Shutterstock_contratsyntecindice.jpg","created":"2026-02-03","modified":"2026-03-02"},{"url":"\/chiffres-cles\/indice-du-prix-des-energies-et-des-matieres-premieres-importees-annee-2025","id":25909,"title":"Indice du prix des \u00e9nergies et des mati\u00e8res premi\u00e8res import\u00e9es - Ann\u00e9e 2025","content":"\u003Cdiv\u003E                                              \u003Cp\u003EIndice du prix des \u00e9nergies et des mati\u00e8res premi\u00e8res import\u00e9es\u0026nbsp;(r\u00e9f\u00e9rence 100 en 2010)\u003C\/p\u003E\u003Cp\u003ELes prix sont en euros par tonne sauf indication contraire.\u003C\/p\u003E\u003Cp\u003E\u00c0 compter de f\u00e9vrier 2024, l\u2019indice \u00ab Prix du p\u00e9trole et des mati\u00e8res premi\u00e8res import\u00e9es \u00bb devient \u00ab Prix des \u00e9nergies et des mati\u00e8res premi\u00e8res import\u00e9es \u00bb. En plus du cours du p\u00e9trole (Brent) pr\u00e9c\u00e9demment suivi, les prix du gaz sur le march\u00e9 europ\u00e9en (TTF) et de l\u2019uranium (octaoxyde de triuranium, U3O8) le sont \u00e9galement. Les prix du supercarburant, du gazole, du fioul lourd et du naphta ne sont plus affich\u00e9s dans cette publication, mais sont toujours disponibles dans la \u003Ca href=\u0022https:\/\/www.insee.fr\/fr\/statistiques\/series\/105299226\u0022 target=\u0022_blank\u0022 rel=\u0022noopener\u0022\u003EBanque de donn\u00e9es macro\u00e9conomiques\u003C\/a\u003E.\u003C\/p\u003E\u003Cp\u003E\u0026nbsp;\u003C\/p\u003E\u003Ctable class=\u0022MsoTableGrid\u0022\u003E\u003Ctbody\u003E\u003Ctr\u003E\u003Ctd valign=\u0022top\u0022\u003E\u0026nbsp;\u003C\/td\u003E\u003Ctd\u003E\u003Cp align=\u0022center\u0022\u003E\u003Cstrong\u003EPrix\u003C\/strong\u003E\u003C\/p\u003E\u003C\/td\u003E\u003Ctd colspan=\u00223\u0022 valign=\u0022top\u0022\u003E\u003Cp align=\u0022center\u0022\u003E\u003Cstrong\u003EVariation (en %)\u003C\/strong\u003E\u003C\/p\u003E\u003C\/td\u003E\u003C\/tr\u003E\u003Ctr\u003E\u003Ctd valign=\u0022top\u0022\u003E\u003Cp\u003E\u0026nbsp;\u003C\/p\u003E\u003C\/td\u003E\u003Ctd\u003E\u003Cp align=\u0022center\u0022\u003E\u003Cstrong\u003ED\u00e9cembre 2025\u003C\/strong\u003E\u003C\/p\u003E\u003C\/td\u003E\u003Ctd valign=\u0022top\u0022\u003E\u003Cp align=\u0022center\u0022\u003E\u003Cstrong\u003EDu dernier mois\u003C\/strong\u003E\u003C\/p\u003E\u003C\/td\u003E\u003Ctd valign=\u0022top\u0022\u003E\u003Cp align=\u0022center\u0022\u003E\u003Cstrong\u003EDes 3 derniers mois\u003C\/strong\u003E\u003C\/p\u003E\u003C\/td\u003E\u003Ctd valign=\u0022top\u0022\u003E\u003Cp align=\u0022center\u0022\u003E\u003Cstrong\u003EDes 12 derniers mois\u003C\/strong\u003E\u003C\/p\u003E\u003C\/td\u003E\u003C\/tr\u003E\u003Ctr\u003E\u003Ctd valign=\u0022top\u0022\u003E\u003Cp align=\u0022center\u0022\u003E\u003Cstrong\u003EPrix du Brent en $\/baril\u003C\/strong\u003E\u003C\/p\u003E\u003C\/td\u003E\u003Ctd valign=\u0022top\u0022\u003E\u003Cp align=\u0022center\u0022\u003E61,6\u003C\/p\u003E\u003C\/td\u003E\u003Ctd valign=\u0022top\u0022\u003E\u003Cp align=\u0022center\u0022\u003E- 3,2\u0026nbsp;%\u003C\/p\u003E\u003C\/td\u003E\u003Ctd valign=\u0022top\u0022\u003E\u003Cp align=\u0022center\u0022\u003E- 8,5\u0026nbsp;%\u003C\/p\u003E\u003C\/td\u003E\u003Ctd valign=\u0022top\u0022\u003E\u003Cp align=\u0022center\u0022\u003E- 16,6\u0026nbsp;%\u003C\/p\u003E\u003C\/td\u003E\u003C\/tr\u003E\u003Ctr\u003E\u003Ctd valign=\u0022top\u0022\u003E\u003Cp align=\u0022center\u0022\u003E\u003Cstrong\u003EPrix du Brent en \u20ac\/baril\u003C\/strong\u003E\u003C\/p\u003E\u003C\/td\u003E\u003Ctd valign=\u0022top\u0022\u003E\u003Cp align=\u0022center\u0022\u003E52,7\u003C\/p\u003E\u003C\/td\u003E\u003Ctd valign=\u0022top\u0022\u003E\u003Cp align=\u0022center\u0022\u003E- 4,3\u0026nbsp;%\u003C\/p\u003E\u003C\/td\u003E\u003Ctd valign=\u0022top\u0022\u003E\u003Cp align=\u0022center\u0022\u003E- 8,3\u0026nbsp;%\u003C\/p\u003E\u003C\/td\u003E\u003Ctd valign=\u0022top\u0022\u003E\u003Cp align=\u0022center\u0022\u003E- 25,3\u0026nbsp;%\u003C\/p\u003E\u003C\/td\u003E\u003C\/tr\u003E\u003Ctr\u003E\u003Ctd valign=\u0022top\u0022\u003E\u003Cp align=\u0022center\u0022\u003E\u003Cstrong\u003EGaz naturel (TTF) en \u20ac\/MWh\u003C\/strong\u003E\u003C\/p\u003E\u003C\/td\u003E\u003Ctd valign=\u0022top\u0022\u003E\u003Cp align=\u0022center\u0022\u003E27,6\u003C\/p\u003E\u003C\/td\u003E\u003Ctd valign=\u0022top\u0022\u003E\u003Cp align=\u0022center\u0022\u003E- 10,2 %\u003C\/p\u003E\u003C\/td\u003E\u003Ctd valign=\u0022top\u0022\u003E\u003Cp align=\u0022center\u0022\u003E- 14,6\u0026nbsp;%\u003C\/p\u003E\u003C\/td\u003E\u003Ctd valign=\u0022top\u0022\u003E\u003Cp align=\u0022center\u0022\u003E- 38,8\u0026nbsp;%\u003C\/p\u003E\u003C\/td\u003E\u003C\/tr\u003E\u003Ctr\u003E\u003Ctd valign=\u0022top\u0022\u003E\u003Cp align=\u0022center\u0022\u003E\u003Cstrong\u003EUranium en \u20ac\/livre\u003C\/strong\u003E\u003C\/p\u003E\u003C\/td\u003E\u003Ctd valign=\u0022top\u0022\u003E\u003Cp align=\u0022center\u0022\u003E66,9\u003C\/p\u003E\u003C\/td\u003E\u003Ctd valign=\u0022top\u0022\u003E\u003Cp align=\u0022center\u0022\u003E+ 0,2\u0026nbsp;%\u003C\/p\u003E\u003C\/td\u003E\u003Ctd valign=\u0022top\u0022\u003E\u003Cp align=\u0022center\u0022\u003E+ 1,0 %\u003C\/p\u003E\u003C\/td\u003E\u003Ctd valign=\u0022top\u0022\u003E\u003Cp align=\u0022center\u0022\u003E- 6,6\u0026nbsp;%\u003C\/p\u003E\u003C\/td\u003E\u003C\/tr\u003E\u003C\/tbody\u003E\u003C\/table\u003E\u003Cp\u003E\u0026nbsp;\u003C\/p\u003E\u003Ctable class=\u0022MsoTableGrid\u0022\u003E\u003Ctbody\u003E\u003Ctr\u003E\u003Ctd valign=\u0022top\u0022\u003E\u0026nbsp;\u003C\/td\u003E\u003Ctd\u003E\u003Cp align=\u0022center\u0022\u003E\u003Cstrong\u003EPrix\u003C\/strong\u003E\u003C\/p\u003E\u003C\/td\u003E\u003Ctd colspan=\u00223\u0022 valign=\u0022top\u0022\u003E\u003Cp align=\u0022center\u0022\u003E\u003Cstrong\u003EVariation (en %)\u003C\/strong\u003E\u003C\/p\u003E\u003C\/td\u003E\u003C\/tr\u003E\u003Ctr\u003E\u003Ctd valign=\u0022top\u0022\u003E\u003Cp\u003E\u0026nbsp;\u003C\/p\u003E\u003C\/td\u003E\u003Ctd\u003E\u003Cp align=\u0022center\u0022\u003E\u003Cstrong\u003ENovembre 2025\u003C\/strong\u003E\u003C\/p\u003E\u003C\/td\u003E\u003Ctd valign=\u0022top\u0022\u003E\u003Cp align=\u0022center\u0022\u003E\u003Cstrong\u003EDu dernier mois\u003C\/strong\u003E\u003C\/p\u003E\u003C\/td\u003E\u003Ctd valign=\u0022top\u0022\u003E\u003Cp align=\u0022center\u0022\u003E\u003Cstrong\u003EDes 3 derniers mois\u003C\/strong\u003E\u003C\/p\u003E\u003C\/td\u003E\u003Ctd valign=\u0022top\u0022\u003E\u003Cp align=\u0022center\u0022\u003E\u003Cstrong\u003EDes 12 derniers mois\u003C\/strong\u003E\u003C\/p\u003E\u003C\/td\u003E\u003C\/tr\u003E\u003Ctr\u003E\u003Ctd valign=\u0022top\u0022\u003E\u003Cp align=\u0022center\u0022\u003E\u003Cstrong\u003EPrix du Brent en $\/baril\u003C\/strong\u003E\u003C\/p\u003E\u003C\/td\u003E\u003Ctd valign=\u0022top\u0022\u003E\u003Cp align=\u0022center\u0022\u003E63,6\u003C\/p\u003E\u003C\/td\u003E\u003Ctd valign=\u0022top\u0022\u003E\u003Cp align=\u0022center\u0022\u003E- 0,5\u0026nbsp;%\u003C\/p\u003E\u003C\/td\u003E\u003Ctd valign=\u0022top\u0022\u003E\u003Cp align=\u0022center\u0022\u003E- 6,3\u0026nbsp;%\u003C\/p\u003E\u003C\/td\u003E\u003Ctd valign=\u0022top\u0022\u003E\u003Cp align=\u0022center\u0022\u003E- 14,2\u0026nbsp;%\u003C\/p\u003E\u003C\/td\u003E\u003C\/tr\u003E\u003Ctr\u003E\u003Ctd valign=\u0022top\u0022\u003E\u003Cp align=\u0022center\u0022\u003E\u003Cstrong\u003EPrix du Brent en \u20ac\/baril\u003C\/strong\u003E\u003C\/p\u003E\u003C\/td\u003E\u003Ctd valign=\u0022top\u0022\u003E\u003Cp align=\u0022center\u0022\u003E55,0\u003C\/p\u003E\u003C\/td\u003E\u003Ctd valign=\u0022top\u0022\u003E\u003Cp align=\u0022center\u0022\u003E+ 0,1\u0026nbsp;%\u003C\/p\u003E\u003C\/td\u003E\u003Ctd valign=\u0022top\u0022\u003E\u003Cp align=\u0022center\u0022\u003E- 5,7\u0026nbsp;%\u003C\/p\u003E\u003C\/td\u003E\u003Ctd valign=\u0022top\u0022\u003E\u003Cp align=\u0022center\u0022\u003E- 21,1\u0026nbsp;%\u003C\/p\u003E\u003C\/td\u003E\u003C\/tr\u003E\u003Ctr\u003E\u003Ctd valign=\u0022top\u0022\u003E\u003Cp align=\u0022center\u0022\u003E\u003Cstrong\u003EGaz naturel (TTF) en \u20ac\/MWh\u003C\/strong\u003E\u003C\/p\u003E\u003C\/td\u003E\u003Ctd valign=\u0022top\u0022\u003E\u003Cp align=\u0022center\u0022\u003E30,8\u003C\/p\u003E\u003C\/td\u003E\u003Ctd valign=\u0022top\u0022\u003E\u003Cp align=\u0022center\u0022\u003E- 3,6 %\u003C\/p\u003E\u003C\/td\u003E\u003Ctd valign=\u0022top\u0022\u003E\u003Cp align=\u0022center\u0022\u003E- 5,9\u0026nbsp;%\u003C\/p\u003E\u003C\/td\u003E\u003Ctd valign=\u0022top\u0022\u003E\u003Cp align=\u0022center\u0022\u003E- 31,2\u0026nbsp;%\u003C\/p\u003E\u003C\/td\u003E\u003C\/tr\u003E\u003Ctr\u003E\u003Ctd valign=\u0022top\u0022\u003E\u003Cp align=\u0022center\u0022\u003E\u003Cstrong\u003EUranium en \u20ac\/livre\u003C\/strong\u003E\u003C\/p\u003E\u003C\/td\u003E\u003Ctd valign=\u0022top\u0022\u003E\u003Cp align=\u0022center\u0022\u003E66,8\u003C\/p\u003E\u003C\/td\u003E\u003Ctd valign=\u0022top\u0022\u003E\u003Cp align=\u0022center\u0022\u003E- 1,9\u0026nbsp;%\u003C\/p\u003E\u003C\/td\u003E\u003Ctd valign=\u0022top\u0022\u003E\u003Cp align=\u0022center\u0022\u003E+ 6,6 %\u003C\/p\u003E\u003C\/td\u003E\u003Ctd valign=\u0022top\u0022\u003E\u003Cp align=\u0022center\u0022\u003E- 9,3\u0026nbsp;%\u003C\/p\u003E\u003C\/td\u003E\u003C\/tr\u003E\u003C\/tbody\u003E\u003C\/table\u003E\u003Cp\u003E\u0026nbsp;\u003C\/p\u003E\u003Ctable class=\u0022MsoTableGrid\u0022\u003E\u003Ctbody\u003E\u003Ctr\u003E\u003Ctd valign=\u0022top\u0022\u003E\u0026nbsp;\u003C\/td\u003E\u003Ctd\u003E\u003Cp align=\u0022center\u0022\u003E\u003Cstrong\u003EPrix\u003C\/strong\u003E\u003C\/p\u003E\u003C\/td\u003E\u003Ctd colspan=\u00223\u0022 valign=\u0022top\u0022\u003E\u003Cp align=\u0022center\u0022\u003E\u003Cstrong\u003EVariation (en %)\u003C\/strong\u003E\u003C\/p\u003E\u003C\/td\u003E\u003C\/tr\u003E\u003Ctr\u003E\u003Ctd valign=\u0022top\u0022\u003E\u003Cp\u003E\u0026nbsp;\u003C\/p\u003E\u003C\/td\u003E\u003Ctd\u003E\u003Cp align=\u0022center\u0022\u003E\u003Cstrong\u003EOctobre 2025\u003C\/strong\u003E\u003C\/p\u003E\u003C\/td\u003E\u003Ctd valign=\u0022top\u0022\u003E\u003Cp align=\u0022center\u0022\u003E\u003Cstrong\u003EDu dernier mois\u003C\/strong\u003E\u003C\/p\u003E\u003C\/td\u003E\u003Ctd valign=\u0022top\u0022\u003E\u003Cp align=\u0022center\u0022\u003E\u003Cstrong\u003EDes 3 derniers mois\u003C\/strong\u003E\u003C\/p\u003E\u003C\/td\u003E\u003Ctd valign=\u0022top\u0022\u003E\u003Cp align=\u0022center\u0022\u003E\u003Cstrong\u003EDes 12 derniers mois\u003C\/strong\u003E\u003C\/p\u003E\u003C\/td\u003E\u003C\/tr\u003E\u003Ctr\u003E\u003Ctd valign=\u0022top\u0022\u003E\u003Cp align=\u0022center\u0022\u003E\u003Cstrong\u003EPrix du Brent en $\/baril\u003C\/strong\u003E\u003C\/p\u003E\u003C\/td\u003E\u003Ctd valign=\u0022top\u0022\u003E\u003Cp align=\u0022center\u0022\u003E63,9\u003C\/p\u003E\u003C\/td\u003E\u003Ctd valign=\u0022top\u0022\u003E\u003Cp align=\u0022center\u0022\u003E- 5,1\u0026nbsp;%\u003C\/p\u003E\u003C\/td\u003E\u003Ctd valign=\u0022top\u0022\u003E\u003Cp align=\u0022center\u0022\u003E- 10,0\u0026nbsp;%\u003C\/p\u003E\u003C\/td\u003E\u003Ctd valign=\u0022top\u0022\u003E\u003Cp align=\u0022center\u0022\u003E- 15,5\u0026nbsp;%\u003C\/p\u003E\u003C\/td\u003E\u003C\/tr\u003E\u003Ctr\u003E\u003Ctd valign=\u0022top\u0022\u003E\u003Cp align=\u0022center\u0022\u003E\u003Cstrong\u003EPrix du Brent en \u20ac\/baril\u003C\/strong\u003E\u003C\/p\u003E\u003C\/td\u003E\u003Ctd valign=\u0022top\u0022\u003E\u003Cp align=\u0022center\u0022\u003E55,0\u003C\/p\u003E\u003C\/td\u003E\u003Ctd valign=\u0022top\u0022\u003E\u003Cp align=\u0022center\u0022\u003E- 4,2\u0026nbsp;%\u003C\/p\u003E\u003C\/td\u003E\u003Ctd valign=\u0022top\u0022\u003E\u003Cp align=\u0022center\u0022\u003E- 9,6\u0026nbsp;%\u003C\/p\u003E\u003C\/td\u003E\u003Ctd valign=\u0022top\u0022\u003E\u003Cp align=\u0022center\u0022\u003E- 20,7\u0026nbsp;%\u003C\/p\u003E\u003C\/td\u003E\u003C\/tr\u003E\u003Ctr\u003E\u003Ctd valign=\u0022top\u0022\u003E\u003Cp align=\u0022center\u0022\u003E\u003Cstrong\u003EGaz naturel (TTF) en \u20ac\/MWh\u003C\/strong\u003E\u003C\/p\u003E\u003C\/td\u003E\u003Ctd valign=\u0022top\u0022\u003E\u003Cp align=\u0022center\u0022\u003E31,9\u003C\/p\u003E\u003C\/td\u003E\u003Ctd valign=\u0022top\u0022\u003E\u003Cp align=\u0022center\u0022\u003E- 1,3 %\u003C\/p\u003E\u003C\/td\u003E\u003Ctd valign=\u0022top\u0022\u003E\u003Cp align=\u0022center\u0022\u003E- 5,9\u0026nbsp;%\u003C\/p\u003E\u003C\/td\u003E\u003Ctd valign=\u0022top\u0022\u003E\u003Cp align=\u0022center\u0022\u003E- 21,0\u0026nbsp;%\u003C\/p\u003E\u003C\/td\u003E\u003C\/tr\u003E\u003Ctr\u003E\u003Ctd valign=\u0022top\u0022\u003E\u003Cp align=\u0022center\u0022\u003E\u003Cstrong\u003EUranium en \u20ac\/livre\u003C\/strong\u003E\u003C\/p\u003E\u003C\/td\u003E\u003Ctd valign=\u0022top\u0022\u003E\u003Cp align=\u0022center\u0022\u003E68,1\u003C\/p\u003E\u003C\/td\u003E\u003Ctd valign=\u0022top\u0022\u003E\u003Cp align=\u0022center\u0022\u003E+ 2,8\u0026nbsp;%\u003C\/p\u003E\u003C\/td\u003E\u003Ctd valign=\u0022top\u0022\u003E\u003Cp align=\u0022center\u0022\u003E+ 9,3 %\u003C\/p\u003E\u003C\/td\u003E\u003Ctd valign=\u0022top\u0022\u003E\u003Cp align=\u0022center\u0022\u003E- 10,0\u0026nbsp;%\u003C\/p\u003E\u003C\/td\u003E\u003C\/tr\u003E\u003C\/tbody\u003E\u003C\/table\u003E\u003Cp\u003E\u0026nbsp;\u003C\/p\u003E\u003Ctable class=\u0022MsoTableGrid\u0022\u003E\u003Ctbody\u003E\u003Ctr\u003E\u003Ctd valign=\u0022top\u0022\u003E\u0026nbsp;\u003C\/td\u003E\u003Ctd\u003E\u003Cp align=\u0022center\u0022\u003E\u003Cstrong\u003EPrix\u003C\/strong\u003E\u003C\/p\u003E\u003C\/td\u003E\u003Ctd colspan=\u00223\u0022 valign=\u0022top\u0022\u003E\u003Cp align=\u0022center\u0022\u003E\u003Cstrong\u003EVariation (en %)\u003C\/strong\u003E\u003C\/p\u003E\u003C\/td\u003E\u003C\/tr\u003E\u003Ctr\u003E\u003Ctd valign=\u0022top\u0022\u003E\u003Cp\u003E\u0026nbsp;\u003C\/p\u003E\u003C\/td\u003E\u003Ctd\u003E\u003Cp align=\u0022center\u0022\u003E\u003Cstrong\u003ESeptembre 2025\u003C\/strong\u003E\u003C\/p\u003E\u003C\/td\u003E\u003Ctd valign=\u0022top\u0022\u003E\u003Cp align=\u0022center\u0022\u003E\u003Cstrong\u003EDu dernier mois\u003C\/strong\u003E\u003C\/p\u003E\u003C\/td\u003E\u003Ctd valign=\u0022top\u0022\u003E\u003Cp align=\u0022center\u0022\u003E\u003Cstrong\u003EDes 3 derniers mois\u003C\/strong\u003E\u003C\/p\u003E\u003C\/td\u003E\u003Ctd valign=\u0022top\u0022\u003E\u003Cp align=\u0022center\u0022\u003E\u003Cstrong\u003EDes 12 derniers mois\u003C\/strong\u003E\u003C\/p\u003E\u003C\/td\u003E\u003C\/tr\u003E\u003Ctr\u003E\u003Ctd valign=\u0022top\u0022\u003E\u003Cp align=\u0022center\u0022\u003E\u003Cstrong\u003EPrix du Brent en $\/baril\u003C\/strong\u003E\u003C\/p\u003E\u003C\/td\u003E\u003Ctd valign=\u0022top\u0022\u003E\u003Cp align=\u0022center\u0022\u003E67,4\u003C\/p\u003E\u003C\/td\u003E\u003Ctd valign=\u0022top\u0022\u003E\u003Cp align=\u0022center\u0022\u003E- 0,8\u0026nbsp;%\u003C\/p\u003E\u003C\/td\u003E\u003Ctd valign=\u0022top\u0022\u003E\u003Cp align=\u0022center\u0022\u003E- 5,7\u0026nbsp;%\u003C\/p\u003E\u003C\/td\u003E\u003Ctd valign=\u0022top\u0022\u003E\u003Cp align=\u0022center\u0022\u003E- 9,0\u0026nbsp;%\u003C\/p\u003E\u003C\/td\u003E\u003C\/tr\u003E\u003Ctr\u003E\u003Ctd valign=\u0022top\u0022\u003E\u003Cp align=\u0022center\u0022\u003E\u003Cstrong\u003EPrix du Brent en \u20ac\/baril\u003C\/strong\u003E\u003C\/p\u003E\u003C\/td\u003E\u003Ctd valign=\u0022top\u0022\u003E\u003Cp align=\u0022center\u0022\u003E57,4\u003C\/p\u003E\u003C\/td\u003E\u003Ctd valign=\u0022top\u0022\u003E\u003Cp align=\u0022center\u0022\u003E- 1,7\u0026nbsp;%\u003C\/p\u003E\u003C\/td\u003E\u003Ctd valign=\u0022top\u0022\u003E\u003Cp align=\u0022center\u0022\u003E- 7,4\u0026nbsp;%\u003C\/p\u003E\u003C\/td\u003E\u003Ctd valign=\u0022top\u0022\u003E\u003Cp align=\u0022center\u0022\u003E- 13,8\u0026nbsp;%\u003C\/p\u003E\u003C\/td\u003E\u003C\/tr\u003E\u003Ctr\u003E\u003Ctd valign=\u0022top\u0022\u003E\u003Cp align=\u0022center\u0022\u003E\u003Cstrong\u003EGaz naturel (TTF) en \u20ac\/MWh\u003C\/strong\u003E\u003C\/p\u003E\u003C\/td\u003E\u003Ctd valign=\u0022top\u0022\u003E\u003Cp align=\u0022center\u0022\u003E32,3\u003C\/p\u003E\u003C\/td\u003E\u003Ctd valign=\u0022top\u0022\u003E\u003Cp align=\u0022center\u0022\u003E- 1,1 %\u003C\/p\u003E\u003C\/td\u003E\u003Ctd valign=\u0022top\u0022\u003E\u003Cp align=\u0022center\u0022\u003E- 11,8\u0026nbsp;%\u003C\/p\u003E\u003C\/td\u003E\u003Ctd valign=\u0022top\u0022\u003E\u003Cp align=\u0022center\u0022\u003E- 10,7\u0026nbsp;%\u003C\/p\u003E\u003C\/td\u003E\u003C\/tr\u003E\u003Ctr\u003E\u003Ctd valign=\u0022top\u0022\u003E\u003Cp align=\u0022center\u0022\u003E\u003Cstrong\u003EUranium en \u20ac\/livre\u003C\/strong\u003E\u003C\/p\u003E\u003C\/td\u003E\u003Ctd valign=\u0022top\u0022\u003E\u003Cp align=\u0022center\u0022\u003E66,2\u003C\/p\u003E\u003C\/td\u003E\u003Ctd valign=\u0022top\u0022\u003E\u003Cp align=\u0022center\u0022\u003E+ 5,7\u0026nbsp;%\u003C\/p\u003E\u003C\/td\u003E\u003Ctd valign=\u0022top\u0022\u003E\u003Cp align=\u0022center\u0022\u003E+ 3,5 %\u003C\/p\u003E\u003C\/td\u003E\u003Ctd valign=\u0022top\u0022\u003E\u003Cp align=\u0022center\u0022\u003E- 8,1\u0026nbsp;%\u003C\/p\u003E\u003C\/td\u003E\u003C\/tr\u003E\u003C\/tbody\u003E\u003C\/table\u003E\u003Cp\u003E\u0026nbsp;\u003C\/p\u003E\u003Ctable class=\u0022MsoTableGrid\u0022\u003E\u003Ctbody\u003E\u003Ctr\u003E\u003Ctd valign=\u0022top\u0022\u003E\u0026nbsp;\u003C\/td\u003E\u003Ctd\u003E\u003Cp align=\u0022center\u0022\u003E\u003Cstrong\u003EPrix\u003C\/strong\u003E\u003C\/p\u003E\u003C\/td\u003E\u003Ctd colspan=\u00223\u0022 valign=\u0022top\u0022\u003E\u003Cp align=\u0022center\u0022\u003E\u003Cstrong\u003EVariation (en %)\u003C\/strong\u003E\u003C\/p\u003E\u003C\/td\u003E\u003C\/tr\u003E\u003Ctr\u003E\u003Ctd valign=\u0022top\u0022\u003E\u003Cp\u003E\u0026nbsp;\u003C\/p\u003E\u003C\/td\u003E\u003Ctd\u003E\u003Cp align=\u0022center\u0022\u003E\u003Cstrong\u003EAo\u00fbt 2025\u003C\/strong\u003E\u003C\/p\u003E\u003C\/td\u003E\u003Ctd valign=\u0022top\u0022\u003E\u003Cp align=\u0022center\u0022\u003E\u003Cstrong\u003EDu dernier mois\u003C\/strong\u003E\u003C\/p\u003E\u003C\/td\u003E\u003Ctd valign=\u0022top\u0022\u003E\u003Cp align=\u0022center\u0022\u003E\u003Cstrong\u003EDes 3 derniers mois\u003C\/strong\u003E\u003C\/p\u003E\u003C\/td\u003E\u003Ctd valign=\u0022top\u0022\u003E\u003Cp align=\u0022center\u0022\u003E\u003Cstrong\u003EDes 12 derniers mois\u003C\/strong\u003E\u003C\/p\u003E\u003C\/td\u003E\u003C\/tr\u003E\u003Ctr\u003E\u003Ctd valign=\u0022top\u0022\u003E\u003Cp align=\u0022center\u0022\u003E\u003Cstrong\u003EPrix du Brent en $\/baril\u003C\/strong\u003E\u003C\/p\u003E\u003C\/td\u003E\u003Ctd valign=\u0022top\u0022\u003E\u003Cp align=\u0022center\u0022\u003E67,9\u003C\/p\u003E\u003C\/td\u003E\u003Ctd valign=\u0022top\u0022\u003E\u003Cp align=\u0022center\u0022\u003E- 4,4\u0026nbsp;%\u003C\/p\u003E\u003C\/td\u003E\u003Ctd valign=\u0022top\u0022\u003E\u003Cp align=\u0022center\u0022\u003E+ 5,5\u0026nbsp;%\u003C\/p\u003E\u003C\/td\u003E\u003Ctd valign=\u0022top\u0022\u003E\u003Cp align=\u0022center\u0022\u003E- 15,5\u0026nbsp;%\u003C\/p\u003E\u003C\/td\u003E\u003C\/tr\u003E\u003Ctr\u003E\u003Ctd valign=\u0022top\u0022\u003E\u003Cp align=\u0022center\u0022\u003E\u003Cstrong\u003EPrix du Brent en \u20ac\/baril\u003C\/strong\u003E\u003C\/p\u003E\u003C\/td\u003E\u003Ctd valign=\u0022top\u0022\u003E\u003Cp align=\u0022center\u0022\u003E58,4\u003C\/p\u003E\u003C\/td\u003E\u003Ctd valign=\u0022top\u0022\u003E\u003Cp align=\u0022center\u0022\u003E- 4,0\u0026nbsp;%\u003C\/p\u003E\u003C\/td\u003E\u003Ctd valign=\u0022top\u0022\u003E\u003Cp align=\u0022center\u0022\u003E+ 2,2\u0026nbsp;%\u003C\/p\u003E\u003C\/td\u003E\u003Ctd valign=\u0022top\u0022\u003E\u003Cp align=\u0022center\u0022\u003E- 20,0\u0026nbsp;%\u003C\/p\u003E\u003C\/td\u003E\u003C\/tr\u003E\u003Ctr\u003E\u003Ctd valign=\u0022top\u0022\u003E\u003Cp align=\u0022center\u0022\u003E\u003Cstrong\u003EGaz naturel (TTF) en \u20ac\/MWh\u003C\/strong\u003E\u003C\/p\u003E\u003C\/td\u003E\u003Ctd valign=\u0022top\u0022\u003E\u003Cp align=\u0022center\u0022\u003E32,7\u003C\/p\u003E\u003C\/td\u003E\u003Ctd valign=\u0022top\u0022\u003E\u003Cp align=\u0022center\u0022\u003E- 3,7\u0026nbsp;%\u003C\/p\u003E\u003C\/td\u003E\u003Ctd valign=\u0022top\u0022\u003E\u003Cp align=\u0022center\u0022\u003E-7,3\u0026nbsp;%\u003C\/p\u003E\u003C\/td\u003E\u003Ctd valign=\u0022top\u0022\u003E\u003Cp align=\u0022center\u0022\u003E- 14,7\u0026nbsp;%\u003C\/p\u003E\u003C\/td\u003E\u003C\/tr\u003E\u003Ctr\u003E\u003Ctd valign=\u0022top\u0022\u003E\u003Cp align=\u0022center\u0022\u003E\u003Cstrong\u003EUranium en \u20ac\/livre\u003C\/strong\u003E\u003C\/p\u003E\u003C\/td\u003E\u003Ctd valign=\u0022top\u0022\u003E\u003Cp align=\u0022center\u0022\u003E62,7\u003C\/p\u003E\u003C\/td\u003E\u003Ctd valign=\u0022top\u0022\u003E\u003Cp align=\u0022center\u0022\u003E+ 0,7\u0026nbsp;%\u003C\/p\u003E\u003C\/td\u003E\u003Ctd valign=\u0022top\u0022\u003E\u003Cp align=\u0022center\u0022\u003E- 0,4 %\u003C\/p\u003E\u003C\/td\u003E\u003Ctd valign=\u0022top\u0022\u003E\u003Cp align=\u0022center\u0022\u003E- 14,6\u0026nbsp;%\u003C\/p\u003E\u003C\/td\u003E\u003C\/tr\u003E\u003C\/tbody\u003E\u003C\/table\u003E\u003Cp\u003E\u0026nbsp;\u003C\/p\u003E\u003Ctable class=\u0022MsoTableGrid\u0022\u003E\u003Ctbody\u003E\u003Ctr\u003E\u003Ctd valign=\u0022top\u0022\u003E\u0026nbsp;\u003C\/td\u003E\u003Ctd\u003E\u003Cp align=\u0022center\u0022\u003E\u003Cstrong\u003EPrix\u003C\/strong\u003E\u003C\/p\u003E\u003C\/td\u003E\u003Ctd colspan=\u00223\u0022 valign=\u0022top\u0022\u003E\u003Cp align=\u0022center\u0022\u003E\u003Cstrong\u003EVariation (en %)\u003C\/strong\u003E\u003C\/p\u003E\u003C\/td\u003E\u003C\/tr\u003E\u003Ctr\u003E\u003Ctd valign=\u0022top\u0022\u003E\u003Cp\u003E\u0026nbsp;\u003C\/p\u003E\u003C\/td\u003E\u003Ctd\u003E\u003Cp align=\u0022center\u0022\u003E\u003Cstrong\u003EJuillet 2025\u003C\/strong\u003E\u003C\/p\u003E\u003C\/td\u003E\u003Ctd valign=\u0022top\u0022\u003E\u003Cp align=\u0022center\u0022\u003E\u003Cstrong\u003EDu dernier mois\u003C\/strong\u003E\u003C\/p\u003E\u003C\/td\u003E\u003Ctd valign=\u0022top\u0022\u003E\u003Cp align=\u0022center\u0022\u003E\u003Cstrong\u003EDes 3 derniers mois\u003C\/strong\u003E\u003C\/p\u003E\u003C\/td\u003E\u003Ctd valign=\u0022top\u0022\u003E\u003Cp align=\u0022center\u0022\u003E\u003Cstrong\u003EDes 12 derniers mois\u003C\/strong\u003E\u003C\/p\u003E\u003C\/td\u003E\u003C\/tr\u003E\u003Ctr\u003E\u003Ctd valign=\u0022top\u0022\u003E\u003Cp align=\u0022center\u0022\u003E\u003Cstrong\u003EPrix du Brent en $\/baril\u003C\/strong\u003E\u003C\/p\u003E\u003C\/td\u003E\u003Ctd valign=\u0022top\u0022\u003E\u003Cp align=\u0022center\u0022\u003E71,0\u003C\/p\u003E\u003C\/td\u003E\u003Ctd valign=\u0022top\u0022\u003E\u003Cp align=\u0022center\u0022\u003E- 0,6\u0026nbsp;%\u003C\/p\u003E\u003C\/td\u003E\u003Ctd valign=\u0022top\u0022\u003E\u003Cp align=\u0022center\u0022\u003E+ 4,8\u0026nbsp;%\u003C\/p\u003E\u003C\/td\u003E\u003Ctd valign=\u0022top\u0022\u003E\u003Cp align=\u0022center\u0022\u003E- 16,6\u0026nbsp;%\u003C\/p\u003E\u003C\/td\u003E\u003C\/tr\u003E\u003Ctr\u003E\u003Ctd valign=\u0022top\u0022\u003E\u003Cp align=\u0022center\u0022\u003E\u003Cstrong\u003EPrix du Brent en \u20ac\/baril\u003C\/strong\u003E\u003C\/p\u003E\u003C\/td\u003E\u003Ctd valign=\u0022top\u0022\u003E\u003Cp align=\u0022center\u0022\u003E60,8\u003C\/p\u003E\u003C\/td\u003E\u003Ctd valign=\u0022top\u0022\u003E\u003Cp align=\u0022center\u0022\u003E- 1,9\u0026nbsp;%\u003C\/p\u003E\u003C\/td\u003E\u003Ctd valign=\u0022top\u0022\u003E\u003Cp align=\u0022center\u0022\u003E+ 0,4\u0026nbsp;%\u003C\/p\u003E\u003C\/td\u003E\u003Ctd valign=\u0022top\u0022\u003E\u003Cp align=\u0022center\u0022\u003E- 22,5\u0026nbsp;%\u003C\/p\u003E\u003C\/td\u003E\u003C\/tr\u003E\u003Ctr\u003E\u003Ctd valign=\u0022top\u0022\u003E\u003Cp align=\u0022center\u0022\u003E\u003Cstrong\u003EGaz naturel (TTF) en \u20ac\/MWh\u003C\/strong\u003E\u003C\/p\u003E\u003C\/td\u003E\u003Ctd valign=\u0022top\u0022\u003E\u003Cp align=\u0022center\u0022\u003E33,9\u003C\/p\u003E\u003C\/td\u003E\u003Ctd valign=\u0022top\u0022\u003E\u003Cp align=\u0022center\u0022\u003E- 7,4\u0026nbsp;%\u003C\/p\u003E\u003C\/td\u003E\u003Ctd valign=\u0022top\u0022\u003E\u003Cp align=\u0022center\u0022\u003E- 3,6\u0026nbsp;%\u003C\/p\u003E\u003C\/td\u003E\u003Ctd valign=\u0022top\u0022\u003E\u003Cp align=\u0022center\u0022\u003E+ 4,3\u0026nbsp;%\u003C\/p\u003E\u003C\/td\u003E\u003C\/tr\u003E\u003Ctr\u003E\u003Ctd valign=\u0022top\u0022\u003E\u003Cp align=\u0022center\u0022\u003E\u003Cstrong\u003EUranium en \u20ac\/livre\u003C\/strong\u003E\u003C\/p\u003E\u003C\/td\u003E\u003Ctd valign=\u0022top\u0022\u003E\u003Cp align=\u0022center\u0022\u003E62,2\u003C\/p\u003E\u003C\/td\u003E\u003Ctd valign=\u0022top\u0022\u003E\u003Cp align=\u0022center\u0022\u003E- 2,7\u0026nbsp;%\u003C\/p\u003E\u003C\/td\u003E\u003Ctd valign=\u0022top\u0022\u003E\u003Cp align=\u0022center\u0022\u003E+ 7,2 %\u003C\/p\u003E\u003C\/td\u003E\u003Ctd valign=\u0022top\u0022\u003E\u003Cp align=\u0022center\u0022\u003E- 20,0\u0026nbsp;%\u003C\/p\u003E\u003C\/td\u003E\u003C\/tr\u003E\u003C\/tbody\u003E\u003C\/table\u003E\u003Cp\u003E\u0026nbsp;\u003C\/p\u003E\u003Ctable class=\u0022MsoTableGrid\u0022\u003E\u003Ctbody\u003E\u003Ctr\u003E\u003Ctd valign=\u0022top\u0022\u003E\u0026nbsp;\u003C\/td\u003E\u003Ctd\u003E\u003Cp align=\u0022center\u0022\u003E\u003Cstrong\u003EPrix\u003C\/strong\u003E\u003C\/p\u003E\u003C\/td\u003E\u003Ctd colspan=\u00223\u0022 valign=\u0022top\u0022\u003E\u003Cp align=\u0022center\u0022\u003E\u003Cstrong\u003EVariation (en %)\u003C\/strong\u003E\u003C\/p\u003E\u003C\/td\u003E\u003C\/tr\u003E\u003Ctr\u003E\u003Ctd valign=\u0022top\u0022\u003E\u003Cp\u003E\u0026nbsp;\u003C\/p\u003E\u003C\/td\u003E\u003Ctd\u003E\u003Cp align=\u0022center\u0022\u003E\u003Cstrong\u003EJuin 2025\u003C\/strong\u003E\u003C\/p\u003E\u003C\/td\u003E\u003Ctd valign=\u0022top\u0022\u003E\u003Cp align=\u0022center\u0022\u003E\u003Cstrong\u003EDu dernier mois\u003C\/strong\u003E\u003C\/p\u003E\u003C\/td\u003E\u003Ctd valign=\u0022top\u0022\u003E\u003Cp align=\u0022center\u0022\u003E\u003Cstrong\u003EDes 3 derniers mois\u003C\/strong\u003E\u003C\/p\u003E\u003C\/td\u003E\u003Ctd valign=\u0022top\u0022\u003E\u003Cp align=\u0022center\u0022\u003E\u003Cstrong\u003EDes 12 derniers mois\u003C\/strong\u003E\u003C\/p\u003E\u003C\/td\u003E\u003C\/tr\u003E\u003Ctr\u003E\u003Ctd valign=\u0022top\u0022\u003E\u003Cp align=\u0022center\u0022\u003E\u003Cstrong\u003EPrix du Brent en $\/baril\u003C\/strong\u003E\u003C\/p\u003E\u003C\/td\u003E\u003Ctd valign=\u0022top\u0022\u003E\u003Cp align=\u0022center\u0022\u003E71,4\u003C\/p\u003E\u003C\/td\u003E\u003Ctd valign=\u0022top\u0022\u003E\u003Cp align=\u0022center\u0022\u003E+ 11,0\u0026nbsp;%\u003C\/p\u003E\u003C\/td\u003E\u003Ctd valign=\u0022top\u0022\u003E\u003Cp align=\u0022center\u0022\u003E- 1,8\u0026nbsp;%\u003C\/p\u003E\u003C\/td\u003E\u003Ctd valign=\u0022top\u0022\u003E\u003Cp align=\u0022center\u0022\u003E- 13,1\u0026nbsp;%\u003C\/p\u003E\u003C\/td\u003E\u003C\/tr\u003E\u003Ctr\u003E\u003Ctd valign=\u0022top\u0022\u003E\u003Cp align=\u0022center\u0022\u003E\u003Cstrong\u003EPrix du Brent en \u20ac\/baril\u003C\/strong\u003E\u003C\/p\u003E\u003C\/td\u003E\u003Ctd valign=\u0022top\u0022\u003E\u003Cp align=\u0022center\u0022\u003E62,0\u003C\/p\u003E\u003C\/td\u003E\u003Ctd valign=\u0022top\u0022\u003E\u003Cp align=\u0022center\u0022\u003E+ 8,5\u0026nbsp;%\u003C\/p\u003E\u003C\/td\u003E\u003Ctd valign=\u0022top\u0022\u003E\u003Cp align=\u0022center\u0022\u003E- 7,8\u0026nbsp;%\u003C\/p\u003E\u003C\/td\u003E\u003Ctd valign=\u0022top\u0022\u003E\u003Cp align=\u0022center\u0022\u003E- 18,9\u0026nbsp;%\u003C\/p\u003E\u003C\/td\u003E\u003C\/tr\u003E\u003Ctr\u003E\u003Ctd valign=\u0022top\u0022\u003E\u003Cp align=\u0022center\u0022\u003E\u003Cstrong\u003EGaz naturel (TTF) en \u20ac\/MWh\u003C\/strong\u003E\u003C\/p\u003E\u003C\/td\u003E\u003Ctd valign=\u0022top\u0022\u003E\u003Cp align=\u0022center\u0022\u003E36,6\u003C\/p\u003E\u003C\/td\u003E\u003Ctd valign=\u0022top\u0022\u003E\u003Cp align=\u0022center\u0022\u003E+ 3,9\u0026nbsp;%\u003C\/p\u003E\u003C\/td\u003E\u003Ctd valign=\u0022top\u0022\u003E\u003Cp align=\u0022center\u0022\u003E- 12,3\u0026nbsp;%\u003C\/p\u003E\u003C\/td\u003E\u003Ctd valign=\u0022top\u0022\u003E\u003Cp align=\u0022center\u0022\u003E+ 6,3\u0026nbsp;%\u003C\/p\u003E\u003C\/td\u003E\u003C\/tr\u003E\u003Ctr\u003E\u003Ctd valign=\u0022top\u0022\u003E\u003Cp align=\u0022center\u0022\u003E\u003Cstrong\u003EUranium en \u20ac\/livre\u003C\/strong\u003E\u003C\/p\u003E\u003C\/td\u003E\u003Ctd valign=\u0022top\u0022\u003E\u003Cp align=\u0022center\u0022\u003E63,9\u003C\/p\u003E\u003C\/td\u003E\u003Ctd valign=\u0022top\u0022\u003E\u003Cp align=\u0022center\u0022\u003E+ 1,7\u0026nbsp;%\u003C\/p\u003E\u003C\/td\u003E\u003Ctd valign=\u0022top\u0022\u003E\u003Cp align=\u0022center\u0022\u003E+ 7,7\u0026nbsp;%\u003C\/p\u003E\u003C\/td\u003E\u003Ctd valign=\u0022top\u0022\u003E\u003Cp align=\u0022center\u0022\u003E- 19,7\u0026nbsp;%\u003C\/p\u003E\u003C\/td\u003E\u003C\/tr\u003E\u003C\/tbody\u003E\u003C\/table\u003E\u003Cp\u003E\u0026nbsp;\u003C\/p\u003E\u003Ctable class=\u0022MsoTableGrid\u0022\u003E\u003Ctbody\u003E\u003Ctr\u003E\u003Ctd valign=\u0022top\u0022\u003E\u0026nbsp;\u003C\/td\u003E\u003Ctd\u003E\u003Cp align=\u0022center\u0022\u003E\u003Cstrong\u003EPrix\u003C\/strong\u003E\u003C\/p\u003E\u003C\/td\u003E\u003Ctd colspan=\u00223\u0022 valign=\u0022top\u0022\u003E\u003Cp align=\u0022center\u0022\u003E\u003Cstrong\u003EVariation (en %)\u003C\/strong\u003E\u003C\/p\u003E\u003C\/td\u003E\u003C\/tr\u003E\u003Ctr\u003E\u003Ctd valign=\u0022top\u0022\u003E\u003Cp\u003E\u0026nbsp;\u003C\/p\u003E\u003C\/td\u003E\u003Ctd\u003E\u003Cp align=\u0022center\u0022\u003E\u003Cstrong\u003EMai 2025\u003C\/strong\u003E\u003C\/p\u003E\u003C\/td\u003E\u003Ctd valign=\u0022top\u0022\u003E\u003Cp align=\u0022center\u0022\u003E\u003Cstrong\u003EDu dernier mois\u003C\/strong\u003E\u003C\/p\u003E\u003C\/td\u003E\u003Ctd valign=\u0022top\u0022\u003E\u003Cp align=\u0022center\u0022\u003E\u003Cstrong\u003EDes 3 derniers mois\u003C\/strong\u003E\u003C\/p\u003E\u003C\/td\u003E\u003Ctd valign=\u0022top\u0022\u003E\u003Cp align=\u0022center\u0022\u003E\u003Cstrong\u003EDes 12 derniers mois\u003C\/strong\u003E\u003C\/p\u003E\u003C\/td\u003E\u003C\/tr\u003E\u003Ctr\u003E\u003Ctd valign=\u0022top\u0022\u003E\u003Cp align=\u0022center\u0022\u003E\u003Cstrong\u003EPrix du Brent en $\/baril\u003C\/strong\u003E\u003C\/p\u003E\u003C\/td\u003E\u003Ctd valign=\u0022top\u0022\u003E\u003Cp align=\u0022center\u0022\u003E64,4\u003C\/p\u003E\u003C\/td\u003E\u003Ctd valign=\u0022top\u0022\u003E\u003Cp align=\u0022center\u0022\u003E- 5,1\u0026nbsp;%\u003C\/p\u003E\u003C\/td\u003E\u003Ctd valign=\u0022top\u0022\u003E\u003Cp align=\u0022center\u0022\u003E- 14,6\u0026nbsp;%\u003C\/p\u003E\u003C\/td\u003E\u003Ctd valign=\u0022top\u0022\u003E\u003Cp align=\u0022center\u0022\u003E- 21,4\u0026nbsp;%\u003C\/p\u003E\u003C\/td\u003E\u003C\/tr\u003E\u003Ctr\u003E\u003Ctd valign=\u0022top\u0022\u003E\u003Cp align=\u0022center\u0022\u003E\u003Cstrong\u003EPrix du Brent en \u20ac\/baril\u003C\/strong\u003E\u003C\/p\u003E\u003C\/td\u003E\u003Ctd valign=\u0022top\u0022\u003E\u003Cp align=\u0022center\u0022\u003E57,2\u003C\/p\u003E\u003C\/td\u003E\u003Ctd valign=\u0022top\u0022\u003E\u003Cp align=\u0022center\u0022\u003E- 5,6\u0026nbsp;%\u003C\/p\u003E\u003C\/td\u003E\u003Ctd valign=\u0022top\u0022\u003E\u003Cp align=\u0022center\u0022\u003E- 21,0\u0026nbsp;%\u003C\/p\u003E\u003C\/td\u003E\u003Ctd valign=\u0022top\u0022\u003E\u003Cp align=\u0022center\u0022\u003E- 24,4\u0026nbsp;%\u003C\/p\u003E\u003C\/td\u003E\u003C\/tr\u003E\u003Ctr\u003E\u003Ctd valign=\u0022top\u0022\u003E\u003Cp align=\u0022center\u0022\u003E\u003Cstrong\u003EGaz naturel (TTF) en \u20ac\/MWh\u003C\/strong\u003E\u003C\/p\u003E\u003C\/td\u003E\u003Ctd valign=\u0022top\u0022\u003E\u003Cp align=\u0022center\u0022\u003E35,3\u003C\/p\u003E\u003C\/td\u003E\u003Ctd valign=\u0022top\u0022\u003E\u003Cp align=\u0022center\u0022\u003E+ 0,2\u0026nbsp;%\u003C\/p\u003E\u003C\/td\u003E\u003Ctd valign=\u0022top\u0022\u003E\u003Cp align=\u0022center\u0022\u003E- 29,8\u0026nbsp;%\u003C\/p\u003E\u003C\/td\u003E\u003Ctd valign=\u0022top\u0022\u003E\u003Cp align=\u0022center\u0022\u003E+ 10,4\u0026nbsp;%\u003C\/p\u003E\u003C\/td\u003E\u003C\/tr\u003E\u003Ctr\u003E\u003Ctd valign=\u0022top\u0022\u003E\u003Cp align=\u0022center\u0022\u003E\u003Cstrong\u003EUranium en \u20ac\/livre\u003C\/strong\u003E\u003C\/p\u003E\u003C\/td\u003E\u003Ctd valign=\u0022top\u0022\u003E\u003Cp align=\u0022center\u0022\u003E62,9\u003C\/p\u003E\u003C\/td\u003E\u003Ctd valign=\u0022top\u0022\u003E\u003Cp align=\u0022center\u0022\u003E+ 8,3\u0026nbsp;%\u003C\/p\u003E\u003C\/td\u003E\u003Ctd valign=\u0022top\u0022\u003E\u003Cp align=\u0022center\u0022\u003E- 2,8\u0026nbsp;%\u003C\/p\u003E\u003C\/td\u003E\u003Ctd valign=\u0022top\u0022\u003E\u003Cp align=\u0022center\u0022\u003E- 25,7\u0026nbsp;%\u003C\/p\u003E\u003C\/td\u003E\u003C\/tr\u003E\u003C\/tbody\u003E\u003C\/table\u003E\u003Cp\u003E\u0026nbsp;\u003C\/p\u003E\u003Ctable class=\u0022MsoTableGrid\u0022\u003E\u003Ctbody\u003E\u003Ctr\u003E\u003Ctd valign=\u0022top\u0022\u003E\u0026nbsp;\u003C\/td\u003E\u003Ctd\u003E\u003Cp align=\u0022center\u0022\u003E\u003Cstrong\u003EPrix\u003C\/strong\u003E\u003C\/p\u003E\u003C\/td\u003E\u003Ctd colspan=\u00223\u0022 valign=\u0022top\u0022\u003E\u003Cp align=\u0022center\u0022\u003E\u003Cstrong\u003EVariation (en %)\u003C\/strong\u003E\u003C\/p\u003E\u003C\/td\u003E\u003C\/tr\u003E\u003Ctr\u003E\u003Ctd valign=\u0022top\u0022\u003E\u003Cp\u003E\u0026nbsp;\u003C\/p\u003E\u003C\/td\u003E\u003Ctd\u003E\u003Cp align=\u0022center\u0022\u003E\u003Cstrong\u003EAvril 2025\u003C\/strong\u003E\u003C\/p\u003E\u003C\/td\u003E\u003Ctd valign=\u0022top\u0022\u003E\u003Cp align=\u0022center\u0022\u003E\u003Cstrong\u003EDu dernier mois\u003C\/strong\u003E\u003C\/p\u003E\u003C\/td\u003E\u003Ctd valign=\u0022top\u0022\u003E\u003Cp align=\u0022center\u0022\u003E\u003Cstrong\u003EDes 3 derniers mois\u003C\/strong\u003E\u003C\/p\u003E\u003C\/td\u003E\u003Ctd valign=\u0022top\u0022\u003E\u003Cp align=\u0022center\u0022\u003E\u003Cstrong\u003EDes 12 derniers mois\u003C\/strong\u003E\u003C\/p\u003E\u003C\/td\u003E\u003C\/tr\u003E\u003Ctr\u003E\u003Ctd valign=\u0022top\u0022\u003E\u003Cp align=\u0022center\u0022\u003E\u003Cstrong\u003EPrix du Brent en $\/baril\u003C\/strong\u003E\u003C\/p\u003E\u003C\/td\u003E\u003Ctd valign=\u0022top\u0022\u003E\u003Cp align=\u0022center\u0022\u003E67,8\u003C\/p\u003E\u003C\/td\u003E\u003Ctd valign=\u0022top\u0022\u003E\u003Cp align=\u0022center\u0022\u003E- 6,8\u0026nbsp;%\u003C\/p\u003E\u003C\/td\u003E\u003Ctd valign=\u0022top\u0022\u003E\u003Cp align=\u0022center\u0022\u003E- 14,5\u0026nbsp;%\u003C\/p\u003E\u003C\/td\u003E\u003Ctd valign=\u0022top\u0022\u003E\u003Cp align=\u0022center\u0022\u003E- 24,5\u0026nbsp;%\u003C\/p\u003E\u003C\/td\u003E\u003C\/tr\u003E\u003Ctr\u003E\u003Ctd valign=\u0022top\u0022\u003E\u003Cp align=\u0022center\u0022\u003E\u003Cstrong\u003EPrix du Brent en \u20ac\/baril\u003C\/strong\u003E\u003C\/p\u003E\u003C\/td\u003E\u003Ctd valign=\u0022top\u0022\u003E\u003Cp align=\u0022center\u0022\u003E60,6\u003C\/p\u003E\u003C\/td\u003E\u003Ctd valign=\u0022top\u0022\u003E\u003Cp align=\u0022center\u0022\u003E- 10,0\u0026nbsp;%\u003C\/p\u003E\u003C\/td\u003E\u003Ctd valign=\u0022top\u0022\u003E\u003Cp align=\u0022center\u0022\u003E- 20,9\u0026nbsp;%\u003C\/p\u003E\u003C\/td\u003E\u003Ctd valign=\u0022top\u0022\u003E\u003Cp align=\u0022center\u0022\u003E- 27,7\u0026nbsp;%\u003C\/p\u003E\u003C\/td\u003E\u003C\/tr\u003E\u003Ctr\u003E\u003Ctd valign=\u0022top\u0022\u003E\u003Cp align=\u0022center\u0022\u003E\u003Cstrong\u003EGaz naturel (TTF) en \u20ac\/MWh\u003C\/strong\u003E\u003C\/p\u003E\u003C\/td\u003E\u003Ctd valign=\u0022top\u0022\u003E\u003Cp align=\u0022center\u0022\u003E35,2\u003C\/p\u003E\u003C\/td\u003E\u003Ctd valign=\u0022top\u0022\u003E\u003Cp align=\u0022center\u0022\u003E- 15,7\u0026nbsp;%\u003C\/p\u003E\u003C\/td\u003E\u003Ctd valign=\u0022top\u0022\u003E\u003Cp align=\u0022center\u0022\u003E- 27,1\u0026nbsp;%\u003C\/p\u003E\u003C\/td\u003E\u003Ctd valign=\u0022top\u0022\u003E\u003Cp align=\u0022center\u0022\u003E+ 21,9\u0026nbsp;%\u003C\/p\u003E\u003C\/td\u003E\u003C\/tr\u003E\u003Ctr\u003E\u003Ctd valign=\u0022top\u0022\u003E\u003Cp align=\u0022center\u0022\u003E\u003Cstrong\u003EUranium en \u20ac\/livre\u003C\/strong\u003E\u003C\/p\u003E\u003C\/td\u003E\u003Ctd valign=\u0022top\u0022\u003E\u003Cp align=\u0022center\u0022\u003E58,1\u003C\/p\u003E\u003C\/td\u003E\u003Ctd valign=\u0022top\u0022\u003E\u003Cp align=\u0022center\u0022\u003E- 2,2\u0026nbsp;%\u003C\/p\u003E\u003C\/td\u003E\u003Ctd valign=\u0022top\u0022\u003E\u003Cp align=\u0022center\u0022\u003E- 17,7\u0026nbsp;%\u003C\/p\u003E\u003C\/td\u003E\u003Ctd valign=\u0022top\u0022\u003E\u003Cp align=\u0022center\u0022\u003E- 29,7\u0026nbsp;%\u003C\/p\u003E\u003C\/td\u003E\u003C\/tr\u003E\u003C\/tbody\u003E\u003C\/table\u003E\u003Cp\u003E\u0026nbsp;\u003C\/p\u003E\u003Ctable class=\u0022MsoTableGrid\u0022\u003E\u003Ctbody\u003E\u003Ctr\u003E\u003Ctd valign=\u0022top\u0022\u003E\u0026nbsp;\u003C\/td\u003E\u003Ctd\u003E\u003Cp align=\u0022center\u0022\u003E\u003Cstrong\u003EPrix\u003C\/strong\u003E\u003C\/p\u003E\u003C\/td\u003E\u003Ctd colspan=\u00223\u0022 valign=\u0022top\u0022\u003E\u003Cp align=\u0022center\u0022\u003E\u003Cstrong\u003EVariation (en %)\u003C\/strong\u003E\u003C\/p\u003E\u003C\/td\u003E\u003C\/tr\u003E\u003Ctr\u003E\u003Ctd valign=\u0022top\u0022\u003E\u003Cp\u003E\u0026nbsp;\u003C\/p\u003E\u003C\/td\u003E\u003Ctd\u003E\u003Cp align=\u0022center\u0022\u003E\u003Cstrong\u003EMars 2025\u003C\/strong\u003E\u003C\/p\u003E\u003C\/td\u003E\u003Ctd valign=\u0022top\u0022\u003E\u003Cp align=\u0022center\u0022\u003E\u003Cstrong\u003EDu dernier mois\u003C\/strong\u003E\u003C\/p\u003E\u003C\/td\u003E\u003Ctd valign=\u0022top\u0022\u003E\u003Cp align=\u0022center\u0022\u003E\u003Cstrong\u003EDes 3 derniers mois\u003C\/strong\u003E\u003C\/p\u003E\u003C\/td\u003E\u003Ctd valign=\u0022top\u0022\u003E\u003Cp align=\u0022center\u0022\u003E\u003Cstrong\u003EDes 12 derniers mois\u003C\/strong\u003E\u003C\/p\u003E\u003C\/td\u003E\u003C\/tr\u003E\u003Ctr\u003E\u003Ctd valign=\u0022top\u0022\u003E\u003Cp align=\u0022center\u0022\u003E\u003Cstrong\u003EPrix du Brent en $\/baril\u003C\/strong\u003E\u003C\/p\u003E\u003C\/td\u003E\u003Ctd valign=\u0022top\u0022\u003E\u003Cp align=\u0022center\u0022\u003E72,7\u003C\/p\u003E\u003C\/td\u003E\u003Ctd valign=\u0022top\u0022\u003E\u003Cp align=\u0022center\u0022\u003E- 3,5\u0026nbsp;%\u003C\/p\u003E\u003C\/td\u003E\u003Ctd valign=\u0022top\u0022\u003E\u003Cp align=\u0022center\u0022\u003E- 1,5\u0026nbsp;%\u003C\/p\u003E\u003C\/td\u003E\u003Ctd valign=\u0022top\u0022\u003E\u003Cp align=\u0022center\u0022\u003E- 14,8\u0026nbsp;%\u003C\/p\u003E\u003C\/td\u003E\u003C\/tr\u003E\u003Ctr\u003E\u003Ctd valign=\u0022top\u0022\u003E\u003Cp align=\u0022center\u0022\u003E\u003Cstrong\u003EPrix du Brent en \u20ac\/baril\u003C\/strong\u003E\u003C\/p\u003E\u003C\/td\u003E\u003Ctd valign=\u0022top\u0022\u003E\u003Cp align=\u0022center\u0022\u003E67,3\u003C\/p\u003E\u003C\/td\u003E\u003Ctd valign=\u0022top\u0022\u003E\u003Cp align=\u0022center\u0022\u003E- 7,0\u0026nbsp;%\u003C\/p\u003E\u003C\/td\u003E\u003Ctd valign=\u0022top\u0022\u003E\u003Cp align=\u0022center\u0022\u003E- 4,5\u0026nbsp;%\u003C\/p\u003E\u003C\/td\u003E\u003Ctd valign=\u0022top\u0022\u003E\u003Cp align=\u0022center\u0022\u003E- 14,3\u0026nbsp;%\u003C\/p\u003E\u003C\/td\u003E\u003C\/tr\u003E\u003Ctr\u003E\u003Ctd valign=\u0022top\u0022\u003E\u003Cp align=\u0022center\u0022\u003E\u003Cstrong\u003EGaz naturel (TTF) en \u20ac\/MWh\u003C\/strong\u003E\u003C\/p\u003E\u003C\/td\u003E\u003Ctd valign=\u0022top\u0022\u003E\u003Cp align=\u0022center\u0022\u003E41,8\u003C\/p\u003E\u003C\/td\u003E\u003Ctd valign=\u0022top\u0022\u003E\u003Cp align=\u0022center\u0022\u003E- 16,9\u0026nbsp;%\u003C\/p\u003E\u003C\/td\u003E\u003Ctd valign=\u0022top\u0022\u003E\u003Cp align=\u0022center\u0022\u003E- 7,5\u0026nbsp;%\u003C\/p\u003E\u003C\/td\u003E\u003Ctd valign=\u0022top\u0022\u003E\u003Cp align=\u0022center\u0022\u003E+ 55,6\u0026nbsp;%\u003C\/p\u003E\u003C\/td\u003E\u003C\/tr\u003E\u003Ctr\u003E\u003Ctd valign=\u0022top\u0022\u003E\u003Cp align=\u0022center\u0022\u003E\u003Cstrong\u003EUranium en \u20ac\/livre\u003C\/strong\u003E\u003C\/p\u003E\u003C\/td\u003E\u003Ctd valign=\u0022top\u0022\u003E\u003Cp align=\u0022center\u0022\u003E59,4\u003C\/p\u003E\u003C\/td\u003E\u003Ctd valign=\u0022top\u0022\u003E\u003Cp align=\u0022center\u0022\u003E- 8,3\u0026nbsp;%\u003C\/p\u003E\u003C\/td\u003E\u003Ctd valign=\u0022top\u0022\u003E\u003Cp align=\u0022center\u0022\u003E- 17,1\u0026nbsp;%\u003C\/p\u003E\u003C\/td\u003E\u003Ctd valign=\u0022top\u0022\u003E\u003Cp align=\u0022center\u0022\u003E- 27,4\u0026nbsp;%\u003C\/p\u003E\u003C\/td\u003E\u003C\/tr\u003E\u003C\/tbody\u003E\u003C\/table\u003E\u003Cp\u003E\u0026nbsp;\u003C\/p\u003E\u003Ctable class=\u0022MsoTableGrid\u0022\u003E\u003Ctbody\u003E\u003Ctr\u003E\u003Ctd valign=\u0022top\u0022\u003E\u0026nbsp;\u003C\/td\u003E\u003Ctd\u003E\u003Cp align=\u0022center\u0022\u003E\u003Cstrong\u003EPrix\u003C\/strong\u003E\u003C\/p\u003E\u003C\/td\u003E\u003Ctd colspan=\u00223\u0022 valign=\u0022top\u0022\u003E\u003Cp align=\u0022center\u0022\u003E\u003Cstrong\u003EVariation (en %)\u003C\/strong\u003E\u003C\/p\u003E\u003C\/td\u003E\u003C\/tr\u003E\u003Ctr\u003E\u003Ctd valign=\u0022top\u0022\u003E\u003Cp\u003E\u0026nbsp;\u003C\/p\u003E\u003C\/td\u003E\u003Ctd\u003E\u003Cp align=\u0022center\u0022\u003E\u003Cstrong\u003EF\u00e9vrier 2025\u003C\/strong\u003E\u003C\/p\u003E\u003C\/td\u003E\u003Ctd valign=\u0022top\u0022\u003E\u003Cp align=\u0022center\u0022\u003E\u003Cstrong\u003EDu dernier mois\u003C\/strong\u003E\u003C\/p\u003E\u003C\/td\u003E\u003Ctd valign=\u0022top\u0022\u003E\u003Cp align=\u0022center\u0022\u003E\u003Cstrong\u003EDes 3 derniers mois\u003C\/strong\u003E\u003C\/p\u003E\u003C\/td\u003E\u003Ctd valign=\u0022top\u0022\u003E\u003Cp align=\u0022center\u0022\u003E\u003Cstrong\u003EDes 12 derniers mois\u003C\/strong\u003E\u003C\/p\u003E\u003C\/td\u003E\u003C\/tr\u003E\u003Ctr\u003E\u003Ctd valign=\u0022top\u0022\u003E\u003Cp align=\u0022center\u0022\u003E\u003Cstrong\u003EPrix du Brent en $\/baril\u003C\/strong\u003E\u003C\/p\u003E\u003C\/td\u003E\u003Ctd valign=\u0022top\u0022\u003E\u003Cp align=\u0022center\u0022\u003E75,4\u003C\/p\u003E\u003C\/td\u003E\u003Ctd valign=\u0022top\u0022\u003E\u003Cp align=\u0022center\u0022\u003E- 4,9\u0026nbsp;%\u003C\/p\u003E\u003C\/td\u003E\u003Ctd valign=\u0022top\u0022\u003E\u003Cp align=\u0022center\u0022\u003E+ 1,7\u0026nbsp;%\u003C\/p\u003E\u003C\/td\u003E\u003Ctd valign=\u0022top\u0022\u003E\u003Cp align=\u0022center\u0022\u003E- 9,7\u0026nbsp;%\u003C\/p\u003E\u003C\/td\u003E\u003C\/tr\u003E\u003Ctr\u003E\u003Ctd valign=\u0022top\u0022\u003E\u003Cp align=\u0022center\u0022\u003E\u003Cstrong\u003EPrix du Brent en \u20ac\/baril\u003C\/strong\u003E\u003C\/p\u003E\u003C\/td\u003E\u003Ctd valign=\u0022top\u0022\u003E\u003Cp align=\u0022center\u0022\u003E72,4\u003C\/p\u003E\u003C\/td\u003E\u003Ctd valign=\u0022top\u0022\u003E\u003Cp align=\u0022center\u0022\u003E- 5,4\u0026nbsp;%\u003C\/p\u003E\u003C\/td\u003E\u003Ctd valign=\u0022top\u0022\u003E\u003Cp align=\u0022center\u0022\u003E+ 3,8\u0026nbsp;%\u003C\/p\u003E\u003C\/td\u003E\u003Ctd valign=\u0022top\u0022\u003E\u003Cp align=\u0022center\u0022\u003E- 6,4\u0026nbsp;%\u003C\/p\u003E\u003C\/td\u003E\u003C\/tr\u003E\u003Ctr\u003E\u003Ctd valign=\u0022top\u0022\u003E\u003Cp align=\u0022center\u0022\u003E\u003Cstrong\u003EGaz naturel (TTF) en \u20ac\/MWh\u003C\/strong\u003E\u003C\/p\u003E\u003C\/td\u003E\u003Ctd valign=\u0022top\u0022\u003E\u003Cp align=\u0022center\u0022\u003E50,3\u003C\/p\u003E\u003C\/td\u003E\u003Ctd valign=\u0022top\u0022\u003E\u003Cp align=\u0022center\u0022\u003E+ 4,0\u0026nbsp;%\u003C\/p\u003E\u003C\/td\u003E\u003Ctd valign=\u0022top\u0022\u003E\u003Cp align=\u0022center\u0022\u003E+ 12,4\u0026nbsp;%\u003C\/p\u003E\u003C\/td\u003E\u003Ctd valign=\u0022top\u0022\u003E\u003Cp align=\u0022center\u0022\u003E+ 95,1\u0026nbsp;%\u003C\/p\u003E\u003C\/td\u003E\u003C\/tr\u003E\u003Ctr\u003E\u003Ctd valign=\u0022top\u0022\u003E\u003Cp align=\u0022center\u0022\u003E\u003Cstrong\u003EUranium en \u20ac\/livre\u003C\/strong\u003E\u003C\/p\u003E\u003C\/td\u003E\u003Ctd valign=\u0022top\u0022\u003E\u003Cp align=\u0022center\u0022\u003E64,7\u003C\/p\u003E\u003C\/td\u003E\u003Ctd valign=\u0022top\u0022\u003E\u003Cp align=\u0022center\u0022\u003E- 8,3\u0026nbsp;%\u003C\/p\u003E\u003C\/td\u003E\u003Ctd valign=\u0022top\u0022\u003E\u003Cp align=\u0022center\u0022\u003E- 12,1\u0026nbsp;%\u003C\/p\u003E\u003C\/td\u003E\u003Ctd valign=\u0022top\u0022\u003E\u003Cp align=\u0022center\u0022\u003E- 30,5\u0026nbsp;%\u003C\/p\u003E\u003C\/td\u003E\u003C\/tr\u003E\u003C\/tbody\u003E\u003C\/table\u003E\u003Cp\u003E\u0026nbsp;\u003C\/p\u003E\u003Ctable class=\u0022MsoTableGrid\u0022\u003E\u003Ctbody\u003E\u003Ctr\u003E\u003Ctd valign=\u0022top\u0022\u003E\u0026nbsp;\u003C\/td\u003E\u003Ctd\u003E\u003Cp align=\u0022center\u0022\u003E\u003Cstrong\u003EPrix\u003C\/strong\u003E\u003C\/p\u003E\u003C\/td\u003E\u003Ctd colspan=\u00223\u0022 valign=\u0022top\u0022\u003E\u003Cp align=\u0022center\u0022\u003E\u003Cstrong\u003EVariation (en %)\u003C\/strong\u003E\u003C\/p\u003E\u003C\/td\u003E\u003C\/tr\u003E\u003Ctr\u003E\u003Ctd valign=\u0022top\u0022\u003E\u003Cp\u003E\u0026nbsp;\u003C\/p\u003E\u003C\/td\u003E\u003Ctd\u003E\u003Cp align=\u0022center\u0022\u003E\u003Cstrong\u003EJanvier 2025\u003C\/strong\u003E\u003C\/p\u003E\u003C\/td\u003E\u003Ctd valign=\u0022top\u0022\u003E\u003Cp align=\u0022center\u0022\u003E\u003Cstrong\u003EDu dernier mois\u003C\/strong\u003E\u003C\/p\u003E\u003C\/td\u003E\u003Ctd valign=\u0022top\u0022\u003E\u003Cp align=\u0022center\u0022\u003E\u003Cstrong\u003EDes 3 derniers mois\u003C\/strong\u003E\u003C\/p\u003E\u003C\/td\u003E\u003Ctd valign=\u0022top\u0022\u003E\u003Cp align=\u0022center\u0022\u003E\u003Cstrong\u003EDes 12 derniers mois\u003C\/strong\u003E\u003C\/p\u003E\u003C\/td\u003E\u003C\/tr\u003E\u003Ctr\u003E\u003Ctd valign=\u0022top\u0022\u003E\u003Cp align=\u0022center\u0022\u003E\u003Cstrong\u003EPrix du Brent en $\/baril\u003C\/strong\u003E\u003C\/p\u003E\u003C\/td\u003E\u003Ctd valign=\u0022top\u0022\u003E\u003Cp align=\u0022center\u0022\u003E79,3\u003C\/p\u003E\u003C\/td\u003E\u003Ctd valign=\u0022top\u0022\u003E\u003Cp align=\u0022center\u0022\u003E+ 7,4\u0026nbsp;%\u003C\/p\u003E\u003C\/td\u003E\u003Ctd valign=\u0022top\u0022\u003E\u003Cp align=\u0022center\u0022\u003E+ 4,8\u0026nbsp;%\u003C\/p\u003E\u003C\/td\u003E\u003Ctd valign=\u0022top\u0022\u003E\u003Cp align=\u0022center\u0022\u003E- 0,9\u0026nbsp;%\u003C\/p\u003E\u003C\/td\u003E\u003C\/tr\u003E\u003Ctr\u003E\u003Ctd valign=\u0022top\u0022\u003E\u003Cp align=\u0022center\u0022\u003E\u003Cstrong\u003EPrix du Brent en \u20ac\/baril\u003C\/strong\u003E\u003C\/p\u003E\u003C\/td\u003E\u003Ctd valign=\u0022top\u0022\u003E\u003Cp align=\u0022center\u0022\u003E76,6\u003C\/p\u003E\u003C\/td\u003E\u003Ctd valign=\u0022top\u0022\u003E\u003Cp align=\u0022center\u0022\u003E+ 8,6\u0026nbsp;%\u003C\/p\u003E\u003C\/td\u003E\u003Ctd valign=\u0022top\u0022\u003E\u003Cp align=\u0022center\u0022\u003E+ 10,4\u0026nbsp;%\u003C\/p\u003E\u003C\/td\u003E\u003Ctd valign=\u0022top\u0022\u003E\u003Cp align=\u0022center\u0022\u003E+ 4,4\u0026nbsp;%\u003C\/p\u003E\u003C\/td\u003E\u003C\/tr\u003E\u003Ctr\u003E\u003Ctd valign=\u0022top\u0022\u003E\u003Cp align=\u0022center\u0022\u003E\u003Cstrong\u003EGaz naturel (TTF) en \u20ac\/MWh\u003C\/strong\u003E\u003C\/p\u003E\u003C\/td\u003E\u003Ctd valign=\u0022top\u0022\u003E\u003Cp align=\u0022center\u0022\u003E48,3\u003C\/p\u003E\u003C\/td\u003E\u003Ctd valign=\u0022top\u0022\u003E\u003Cp align=\u0022center\u0022\u003E+ 7,0\u0026nbsp;%\u003C\/p\u003E\u003C\/td\u003E\u003Ctd valign=\u0022top\u0022\u003E\u003Cp align=\u0022center\u0022\u003E+ 19,6 %\u003C\/p\u003E\u003C\/td\u003E\u003Ctd valign=\u0022top\u0022\u003E\u003Cp align=\u0022center\u0022\u003E+ 61,6\u0026nbsp;%\u003C\/p\u003E\u003C\/td\u003E\u003C\/tr\u003E\u003Ctr\u003E\u003Ctd valign=\u0022top\u0022\u003E\u003Cp align=\u0022center\u0022\u003E\u003Cstrong\u003EUranium en \u20ac\/livre\u003C\/strong\u003E\u003C\/p\u003E\u003C\/td\u003E\u003Ctd valign=\u0022top\u0022\u003E\u003Cp align=\u0022center\u0022\u003E70,6\u003C\/p\u003E\u003C\/td\u003E\u003Ctd valign=\u0022top\u0022\u003E\u003Cp align=\u0022center\u0022\u003E- 1,4\u0026nbsp;%\u003C\/p\u003E\u003C\/td\u003E\u003Ctd valign=\u0022top\u0022\u003E\u003Cp align=\u0022center\u0022\u003E- 6,6\u0026nbsp;%\u003C\/p\u003E\u003C\/td\u003E\u003Ctd valign=\u0022top\u0022\u003E\u003Cp align=\u0022center\u0022\u003E- 22,8\u0026nbsp;%\u003C\/p\u003E\u003C\/td\u003E\u003C\/tr\u003E\u003C\/tbody\u003E\u003C\/table\u003E\u003Cp\u003E\u0026nbsp;\u003C\/p\u003E                                            \u003Cp\u003E\u003Cbr \/\u003E\u003Cstrong\u003ESource :\u003C\/strong\u003E\u003Cstrong\u003E\u00a0\u003C\/strong\u003E\u003C\/p\u003E\u003Cul\u003E\u003Cli\u003E\u003Ca href=\u0022https:\/\/www.insee.fr\/fr\/statistiques\/8731114\u0022 target=\u0022_blank\u0022 rel=\u0022noopener\u0022\u003EIndice du prix des \u00e9nergies et des mati\u00e8res premi\u00e8res import\u00e9es \u2013 D\u00e9cembre 2025\u003C\/a\u003E\u003C\/li\u003E\u003C\/ul\u003E\u003C\/div\u003E","annee":"2025","theme":" Indices, taux, bar\u00e8mes juridiques","activites":["Industrie","Transport"],"image":"https:\/\/www.weblex.fr\/sites\/default\/files\/chiffres_clef\/Shutterstock_prixdubarilpetroleeurosetdollars.jpg","created":"2026-02-03","modified":"2026-03-04"},{"url":"\/chiffres-cles\/tarifs-des-notaires-actes-relatifs-a-la-perennite-des-liens-familiaux-2025","id":27716,"title":"Tarifs des Notaires \u2013 Actes relatifs \u00e0 la p\u00e9rennit\u00e9 des liens familiaux - 2025","content":"\u003Cdiv\u003E                                              \u003Cp\u003ELe pacte civil de solidarit\u00e9 initial ou modificatif donne lieu \u00e0 la perception d\u0027un \u00e9molument fixe de 84,51 \u20ac.\u003C\/p\u003E\u003Cp\u003ELa reconnaissance conjointe anticip\u00e9e et la reconnaissance de paternit\u00e9 ou de maternit\u00e9 faite par acte authentique donnent lieu \u00e0 la perception d\u0027un \u00e9molument fixe de 75,46 \u20ac.\u003C\/p\u003E\u003Cp\u003ELa reconnaissance conjointe lorsqu\u0027un couple de femmes a eu recours \u00e0 une assistance m\u00e9dicale \u00e0 la procr\u00e9ation avant le 3 ao\u00fbt 2021 donne lieu \u00e0 la perception d\u0027un \u00e9molument fixe de 75,46 \u20ac.\u003C\/p\u003E\u003Cp\u003ELe contrat de mariage, la contre-lettre, le changement de r\u00e9gime matrimonial donnent lieu \u00e0 la perception :\u003C\/p\u003E\u003Cul\u003E\u003Cli\u003Elorsqu\u0027il n\u0027y a ni apports ni dots ou lorsque la valeur des biens dont la propri\u00e9t\u00e9 est d\u00e9clar\u00e9e est inf\u00e9rieure ou \u00e9gale \u00e0 30 800 \u20ac, d\u0027un \u00e9molument fixe de 188,68 \u20ac ;\u003C\/li\u003E\u003Cli\u003Elorsque cette valeur d\u00e9passe le seuil de 30 800 \u20ac, d\u0027un \u00e9molument proportionnel \u00e0 cette valeur, selon le bar\u00e8me suivant :\u003C\/li\u003E\u003C\/ul\u003E\u003Ctable class=\u0022MsoTableGrid\u0022\u003E\u003Ctbody\u003E\u003Ctr\u003E\u003Ctd\u003E\u003Cp align=\u0022center\u0022\u003E\u003Cstrong\u003ETRANCHES D\u2019ASSIETTE\u003C\/strong\u003E\u003C\/p\u003E\u003C\/td\u003E\u003Ctd\u003E\u003Cp align=\u0022center\u0022\u003E\u003Cstrong\u003ETAUX APPLICABLE\u003C\/strong\u003E\u003C\/p\u003E\u003C\/td\u003E\u003C\/tr\u003E\u003Ctr\u003E\u003Ctd valign=\u0022top\u0022\u003E\u003Cp align=\u0022center\u0022\u003EDe 0 \u00e0 6\u0026nbsp;500 \u20ac\u003C\/p\u003E\u003C\/td\u003E\u003Ctd\u003E\u003Cp align=\u0022center\u0022\u003E1,290 %\u003C\/p\u003E\u003C\/td\u003E\u003C\/tr\u003E\u003Ctr\u003E\u003Ctd valign=\u0022top\u0022\u003E\u003Cp align=\u0022center\u0022\u003EDe 6\u0026nbsp;500 \u20ac \u00e0 17\u0026nbsp;000 \u20ac\u003C\/p\u003E\u003C\/td\u003E\u003Ctd\u003E\u003Cp align=\u0022center\u0022\u003E0,532 %\u003C\/p\u003E\u003C\/td\u003E\u003C\/tr\u003E\u003Ctr\u003E\u003Ctd valign=\u0022top\u0022\u003E\u003Cp align=\u0022center\u0022\u003EDe 17\u0026nbsp;000 \u20ac \u00e0 60\u0026nbsp;000 \u20ac\u003C\/p\u003E\u003C\/td\u003E\u003Ctd\u003E\u003Cp align=\u0022center\u0022\u003E0,355 %\u003C\/p\u003E\u003C\/td\u003E\u003C\/tr\u003E\u003Ctr\u003E\u003Ctd valign=\u0022top\u0022\u003E\u003Cp align=\u0022center\u0022\u003EPlus de 60\u0026nbsp;000 \u20ac\u003C\/p\u003E\u003C\/td\u003E\u003Ctd\u003E\u003Cp align=\u0022center\u0022\u003E0,266 %\u003C\/p\u003E\u003C\/td\u003E\u003C\/tr\u003E\u003C\/tbody\u003E\u003C\/table\u003E\u003Cp\u003ELes dots, sans distinction de lignes, donnent lieu en sus \u00e0 la perception d\u2019un \u00e9molument proportionnel dans les m\u00eames conditions que les actes relatifs \u00e0 une donation entre vifs.\u003C\/p\u003E\u003Cp\u003EL\u0027\u00e9laboration d\u0027un projet de liquidation du r\u00e9gime matrimonial donne lieu \u00e0 un \u00e9molument selon le bar\u00e8me suivant :\u003C\/p\u003E\u003Ctable class=\u0022MsoTableGrid\u0022\u003E\u003Ctbody\u003E\u003Ctr\u003E\u003Ctd\u003E\u003Cp align=\u0022center\u0022\u003E\u003Cstrong\u003ETRANCHES D\u2019ASSIETTE\u003C\/strong\u003E\u003C\/p\u003E\u003C\/td\u003E\u003Ctd\u003E\u003Cp align=\u0022center\u0022\u003E\u003Cstrong\u003ETAUX APPLICABLE\u003C\/strong\u003E\u003C\/p\u003E\u003C\/td\u003E\u003C\/tr\u003E\u003Ctr\u003E\u003Ctd valign=\u0022top\u0022\u003E\u003Cp align=\u0022center\u0022\u003EDe 0 \u00e0 6\u0026nbsp;500 \u20ac\u003C\/p\u003E\u003C\/td\u003E\u003Ctd\u003E\u003Cp align=\u0022center\u0022\u003E2,515 %\u003C\/p\u003E\u003C\/td\u003E\u003C\/tr\u003E\u003Ctr\u003E\u003Ctd valign=\u0022top\u0022\u003E\u003Cp align=\u0022center\u0022\u003EDe 6\u0026nbsp;500 \u20ac \u00e0 17\u0026nbsp;000 \u20ac\u003C\/p\u003E\u003C\/td\u003E\u003Ctd\u003E\u003Cp align=\u0022center\u0022\u003E1,038 %\u003C\/p\u003E\u003C\/td\u003E\u003C\/tr\u003E\u003Ctr\u003E\u003Ctd valign=\u0022top\u0022\u003E\u003Cp align=\u0022center\u0022\u003EDe 17\u0026nbsp;000 \u20ac \u00e0 60\u0026nbsp;000 \u20ac\u003C\/p\u003E\u003C\/td\u003E\u003Ctd\u003E\u003Cp align=\u0022center\u0022\u003E0,692 %\u003C\/p\u003E\u003C\/td\u003E\u003C\/tr\u003E\u003Ctr\u003E\u003Ctd valign=\u0022top\u0022\u003E\u003Cp align=\u0022center\u0022\u003EPlus de 60\u0026nbsp;000 \u20ac\u003C\/p\u003E\u003C\/td\u003E\u003Ctd\u003E\u003Cp align=\u0022center\u0022\u003E0,519 %\u003C\/p\u003E\u003C\/td\u003E\u003C\/tr\u003E\u003C\/tbody\u003E\u003C\/table\u003E\u003Cp\u003ELorsque le notaire d\u00e9sign\u00e9 par le juge \u00e9tablit l\u0027acte de partage, l\u0027\u00e9molument per\u00e7u s\u0027impute sur celui per\u00e7u au titre de la r\u00e9daction de l\u0027acte de partage.\u003C\/p\u003E\u003Cp\u003ELe consentement des \u00e9poux ou concubins dans le cadre d\u0027une procr\u00e9ation m\u00e9dicalement assist\u00e9e donne lieu \u00e0 la perception d\u0027un \u00e9molument fixe de 75,46 \u20ac.\u003C\/p\u003E                                            \u003Cp\u003E\u003Cbr \/\u003E\u003Cstrong\u003ESource :\u003C\/strong\u003E\u003Cstrong\u003E\u00a0\u003C\/strong\u003E\u003C\/p\u003E\u003Cul\u003E\u003Cli\u003E\u003Ca href=\u0022https:\/\/www.legifrance.gouv.fr\/jorf\/id\/JORFTEXT000049209778\u0022 target=\u0022_blank\u0022 rel=\u0022noopener\u0022\u003EArr\u00eat\u00e9 du 28 f\u00e9vrier 2024 fixant l\u0027objectif de taux de r\u00e9sultat moyen et les tarifs r\u00e8glement\u00e9s des notaires (Articles A 444-81 \u00e0 A 444-84-1 du Code de commerce)\u003C\/a\u003E\u003C\/li\u003E\u003C\/ul\u003E\u003C\/div\u003E","annee":"2025","theme":" Indices, taux, bar\u00e8mes juridiques","activites":["Professionnels du droit et du chiffre"],"image":"https:\/\/www.weblex.fr\/sites\/default\/files\/chiffres_clef\/Shutterstock_contratdemariagenotairetarifs.jpg","created":"2026-02-03","modified":"2026-02-03"},{"url":"\/chiffres-cles\/indice-de-la-production-des-agences-de-voyage-annee-2025","id":26288,"title":"Indice de la production des agences de voyage - Ann\u00e9e 2025","content":"\u003Cdiv\u003E                                              \u003Cp\u003EIndice de la production des agences de voyage (r\u00e9f\u00e9rence 100 en 2021)\u0026nbsp;\u003C\/p\u003E\u003Ctable class=\u0022MsoTableGrid\u0022\u003E\u003Ctbody\u003E\u003Ctr\u003E\u003Ctd valign=\u0022top\u0022\u003E\u003Cp align=\u0022center\u0022\u003E\u003Cstrong\u003EP\u00e9riode\u003C\/strong\u003E\u003C\/p\u003E\u003C\/td\u003E\u003Ctd valign=\u0022top\u0022\u003E\u003Cp align=\u0022center\u0022\u003E\u003Cstrong\u003EIndice\u003C\/strong\u003E\u003C\/p\u003E\u003C\/td\u003E\u003Ctd valign=\u0022top\u0022\u003E\u003Cp align=\u0022center\u0022\u003E\u003Cstrong\u003EVariation mensuelle\u003C\/strong\u003E\u003C\/p\u003E\u003C\/td\u003E\u003C\/tr\u003E\u003Ctr\u003E\u003Ctd valign=\u0022top\u0022\u003E\u003Cp\u003EJanvier 2025\u003C\/p\u003E\u003C\/td\u003E\u003Ctd valign=\u0022top\u0022\u003E\u003Cp align=\u0022center\u0022\u003E224,8\u003C\/p\u003E\u003C\/td\u003E\u003Ctd valign=\u0022top\u0022\u003E\u003Cp align=\u0022center\u0022\u003E+ 8,3 %\u0026nbsp;\u003C\/p\u003E\u003C\/td\u003E\u003C\/tr\u003E\u003Ctr\u003E\u003Ctd valign=\u0022top\u0022\u003E\u003Cp\u003EF\u00e9vrier 2025\u003C\/p\u003E\u003C\/td\u003E\u003Ctd valign=\u0022top\u0022\u003E\u003Cp align=\u0022center\u0022\u003E221,6\u003C\/p\u003E\u003C\/td\u003E\u003Ctd valign=\u0022top\u0022\u003E\u003Cp align=\u0022center\u0022\u003E\u0026nbsp;- 2,2 %\u003C\/p\u003E\u003C\/td\u003E\u003C\/tr\u003E\u003Ctr\u003E\u003Ctd valign=\u0022top\u0022\u003E\u003Cp\u003EMars 2025\u003C\/p\u003E\u003C\/td\u003E\u003Ctd valign=\u0022top\u0022\u003E\u003Cp align=\u0022center\u0022\u003E226,6\u003C\/p\u003E\u003C\/td\u003E\u003Ctd valign=\u0022top\u0022\u003E\u003Cp align=\u0022center\u0022\u003E+ 0,7 %\u0026nbsp;\u003C\/p\u003E\u003C\/td\u003E\u003C\/tr\u003E\u003Ctr\u003E\u003Ctd valign=\u0022top\u0022\u003E\u003Cp\u003EAvril 2025\u003C\/p\u003E\u003C\/td\u003E\u003Ctd valign=\u0022top\u0022\u003E\u003Cp align=\u0022center\u0022\u003E228,3\u003C\/p\u003E\u003C\/td\u003E\u003Ctd valign=\u0022top\u0022\u003E\u003Cp align=\u0022center\u0022 s=\u0022\u0022\u003E- 0,7 %\u0026nbsp;\u003C\/p\u003E\u003C\/td\u003E\u003C\/tr\u003E\u003Ctr\u003E\u003Ctd valign=\u0022top\u0022\u003E\u003Cp\u003EMai 2025\u003C\/p\u003E\u003C\/td\u003E\u003Ctd valign=\u0022top\u0022\u003E\u003Cp align=\u0022center\u0022\u003E222,6\u003C\/p\u003E\u003C\/td\u003E\u003Ctd valign=\u0022top\u0022\u003E\u003Cp align=\u0022center\u0022\u003E\u0026nbsp;- 3,9 %\u003C\/p\u003E\u003C\/td\u003E\u003C\/tr\u003E\u003Ctr\u003E\u003Ctd valign=\u0022top\u0022\u003E\u003Cp\u003EJuin 2025\u003C\/p\u003E\u003C\/td\u003E\u003Ctd valign=\u0022top\u0022\u003E\u003Cp align=\u0022center\u0022\u003E214,6\u003C\/p\u003E\u003C\/td\u003E\u003Ctd valign=\u0022top\u0022\u003E\u003Cp align=\u0022center\u0022\u003E+ 2,7 %\u0026nbsp;\u003C\/p\u003E\u003C\/td\u003E\u003C\/tr\u003E\u003Ctr\u003E\u003Ctd valign=\u0022top\u0022\u003E\u003Cp\u003EJuillet 2025\u003C\/p\u003E\u003C\/td\u003E\u003Ctd valign=\u0022top\u0022\u003E\u003Cp align=\u0022center\u0022\u003E215,8\u003C\/p\u003E\u003C\/td\u003E\u003Ctd valign=\u0022top\u0022\u003E\u003Cp align=\u0022center\u0022\u003E+ 0,1 %\u0026nbsp;\u003C\/p\u003E\u003C\/td\u003E\u003C\/tr\u003E\u003Ctr\u003E\u003Ctd valign=\u0022top\u0022\u003E\u003Cp\u003EAo\u00fbt 2025\u003C\/p\u003E\u003C\/td\u003E\u003Ctd valign=\u0022top\u0022\u003E\u003Cp align=\u0022center\u0022\u003E214,2\u003C\/p\u003E\u003C\/td\u003E\u003Ctd valign=\u0022top\u0022\u003E\u003Cp align=\u0022center\u0022\u003E+ 0,4 %\u0026nbsp;\u003C\/p\u003E\u003C\/td\u003E\u003C\/tr\u003E\u003Ctr\u003E\u003Ctd valign=\u0022top\u0022\u003E\u003Cp\u003ESeptembre 2025\u003C\/p\u003E\u003C\/td\u003E\u003Ctd valign=\u0022top\u0022\u003E\u003Cp align=\u0022center\u0022\u003E229,0\u003C\/p\u003E\u003C\/td\u003E\u003Ctd valign=\u0022top\u0022\u003E\u003Cp align=\u0022center\u0022\u003E+ 4,9 %\u0026nbsp;\u003C\/p\u003E\u003C\/td\u003E\u003C\/tr\u003E\u003Ctr\u003E\u003Ctd valign=\u0022top\u0022\u003E\u003Cp\u003EOctobre 2025\u003C\/p\u003E\u003C\/td\u003E\u003Ctd valign=\u0022top\u0022\u003E\u003Cp align=\u0022center\u0022\u003E234,3\u003C\/p\u003E\u003C\/td\u003E\u003Ctd valign=\u0022top\u0022\u003E\u003Cp align=\u0022center\u0022\u003E- 0,6 %\u0026nbsp;\u003C\/p\u003E\u003C\/td\u003E\u003C\/tr\u003E\u003Ctr\u003E\u003Ctd valign=\u0022top\u0022\u003E\u003Cp\u003ENovembre 2025\u003C\/p\u003E\u003C\/td\u003E\u003Ctd valign=\u0022top\u0022\u003E\u003Cp align=\u0022center\u0022\u003E241,4\u003C\/p\u003E\u003C\/td\u003E\u003Ctd valign=\u0022top\u0022\u003E\u003Cp align=\u0022center\u0022\u003E+ 4,4 %\u0026nbsp;\u003C\/p\u003E\u003C\/td\u003E\u003C\/tr\u003E\u003Ctr\u003E\u003Ctd valign=\u0022top\u0022\u003E\u003Cp\u003ED\u00e9cembre 2025\u003C\/p\u003E\u003C\/td\u003E\u003Ctd valign=\u0022top\u0022\u003E\u003Cp align=\u0022center\u0022\u003E241,6\u003C\/p\u003E\u003C\/td\u003E\u003Ctd valign=\u0022top\u0022\u003E\u003Cp align=\u0022center\u0022\u003E- 3,6 %\u0026nbsp;\u003C\/p\u003E\u003C\/td\u003E\u003C\/tr\u003E\u003C\/tbody\u003E\u003C\/table\u003E                                            \u003Cp\u003E\u003Cbr \/\u003E\u003Cstrong\u003ESource :\u003C\/strong\u003E\u003Cstrong\u003E\u00a0\u003C\/strong\u003E\u003C\/p\u003E\u003Cul\u003E\u003Cli\u003E\u003Ca href=\u0022https:\/\/www.insee.fr\/fr\/statistiques\/8884987\u0022 target=\u0022_blank\u0022\u003EIndice de production dans les services \u2013 D\u00e9cembre 2025 (insee.fr)\u003C\/a\u003E\u003C\/li\u003E\u003C\/ul\u003E\u003C\/div\u003E","annee":"2025","theme":" Indices, taux, bar\u00e8mes juridiques","activites":["Association","Prestataire de services"],"image":"https:\/\/www.weblex.fr\/sites\/default\/files\/chiffres_clef\/Shutterstock_proagencevoyagesind.jpg","created":"2026-02-03","modified":"2026-04-01"},{"url":"\/chiffres-cles\/indice-des-prix-a-la-consommation-a-mayotte-annee-2025","id":26382,"title":"Indice des prix \u00e0 la consommation \u00e0 Mayotte - Ann\u00e9e 2025","content":"\u003Cdiv\u003E                                              \u003Ctable class=\u0022MsoTableGrid\u0022\u003E\u003Ctbody\u003E\u003Ctr\u003E\u003Ctd valign=\u0022top\u0022\u003E\u003Cp align=\u0022center\u0022\u003E\u003Cstrong\u003EP\u00e9riode\u003C\/strong\u003E\u003C\/p\u003E\u003C\/td\u003E\u003Ctd valign=\u0022top\u0022\u003E\u003Cp align=\u0022center\u0022\u003E\u003Cstrong\u003EIndice\u003C\/strong\u003E\u003C\/p\u003E\u003C\/td\u003E\u003Ctd valign=\u0022top\u0022\u003E\u003Cp align=\u0022center\u0022\u003E\u003Cstrong\u003EVariation mensuelle\u003C\/strong\u003E\u003C\/p\u003E\u003C\/td\u003E\u003Ctd valign=\u0022top\u0022\u003E\u003Cp align=\u0022center\u0022\u003E\u003Cstrong\u003EHausse des prix sur 1 an\u003C\/strong\u003E\u003C\/p\u003E\u003C\/td\u003E\u003C\/tr\u003E\u003Ctr\u003E\u003Ctd valign=\u0022top\u0022\u003E\u003Cp\u003EJanvier 2025\u003C\/p\u003E\u003C\/td\u003E\u003Ctd valign=\u0022top\u0022\u003E\u003Cp align=\u0022center\u0022\u003ENon disponible\u003C\/p\u003E\u003C\/td\u003E\u003Ctd valign=\u0022top\u0022\u003E\u003Cp align=\u0022center\u0022\u003ENon disponible\u003C\/p\u003E\u003C\/td\u003E\u003Ctd valign=\u0022top\u0022\u003E\u003Cp align=\u0022center\u0022\u003ENon disponible\u003C\/p\u003E\u003C\/td\u003E\u003C\/tr\u003E\u003Ctr\u003E\u003Ctd valign=\u0022top\u0022\u003E\u003Cp\u003EF\u00e9vrier 2025\u003C\/p\u003E\u003C\/td\u003E\u003Ctd valign=\u0022top\u0022\u003E\u003Cp align=\u0022center\u0022\u003ENon disponible\u003C\/p\u003E\u003C\/td\u003E\u003Ctd valign=\u0022top\u0022\u003E\u003Cp align=\u0022center\u0022\u003ENon disponible\u003C\/p\u003E\u003C\/td\u003E\u003Ctd valign=\u0022top\u0022\u003E\u003Cp align=\u0022center\u0022\u003ENon disponible\u003C\/p\u003E\u003C\/td\u003E\u003C\/tr\u003E\u003Ctr\u003E\u003Ctd valign=\u0022top\u0022\u003E\u003Cp\u003EMars 2025\u003C\/p\u003E\u003C\/td\u003E\u003Ctd valign=\u0022top\u0022\u003E\u003Cp align=\u0022center\u0022\u003ENon disponible\u003C\/p\u003E\u003C\/td\u003E\u003Ctd valign=\u0022top\u0022\u003E\u003Cp align=\u0022center\u0022\u003ENon disponible\u003C\/p\u003E\u003C\/td\u003E\u003Ctd valign=\u0022top\u0022\u003E\u003Cp align=\u0022center\u0022\u003ENon disponible\u003C\/p\u003E\u003C\/td\u003E\u003C\/tr\u003E\u003Ctr\u003E\u003Ctd valign=\u0022top\u0022\u003E\u003Cp\u003EAvril 2025\u003C\/p\u003E\u003C\/td\u003E\u003Ctd valign=\u0022top\u0022\u003E\u003Cp align=\u0022center\u0022\u003ENon disponible\u003C\/p\u003E\u003C\/td\u003E\u003Ctd valign=\u0022top\u0022\u003E\u003Cp align=\u0022center\u0022\u003ENon disponible\u003C\/p\u003E\u003C\/td\u003E\u003Ctd valign=\u0022top\u0022\u003E\u003Cp align=\u0022center\u0022\u003ENon disponible\u003C\/p\u003E\u003C\/td\u003E\u003C\/tr\u003E\u003Ctr\u003E\u003Ctd valign=\u0022top\u0022\u003E\u003Cp\u003EMai 2025\u003C\/p\u003E\u003C\/td\u003E\u003Ctd valign=\u0022top\u0022\u003E\u003Cp align=\u0022center\u0022\u003E110,67\u003C\/p\u003E\u003C\/td\u003E\u003Ctd valign=\u0022top\u0022\u003E\u003Cp align=\u0022center\u0022\u003ENon disponible\u003C\/p\u003E\u003C\/td\u003E\u003Ctd valign=\u0022top\u0022\u003E\u003Cp align=\u0022center\u0022\u003E+ 0,0 %\u003C\/p\u003E\u003C\/td\u003E\u003C\/tr\u003E\u003Ctr\u003E\u003Ctd valign=\u0022top\u0022\u003E\u003Cp\u003EJuin 2025\u003C\/p\u003E\u003C\/td\u003E\u003Ctd valign=\u0022top\u0022\u003E\u003Cp align=\u0022center\u0022\u003E111,86\u003C\/p\u003E\u003C\/td\u003E\u003Ctd valign=\u0022top\u0022\u003E\u003Cp align=\u0022center\u0022\u003E+ 1,1 %\u003C\/p\u003E\u003C\/td\u003E\u003Ctd valign=\u0022top\u0022\u003E\u003Cp align=\u0022center\u0022\u003E+ 1,1 %\u003C\/p\u003E\u003C\/td\u003E\u003C\/tr\u003E\u003Ctr\u003E\u003Ctd valign=\u0022top\u0022\u003E\u003Cp\u003EJuillet 2025\u003C\/p\u003E\u003C\/td\u003E\u003Ctd valign=\u0022top\u0022\u003E\u003Cp align=\u0022center\u0022\u003E111,91\u003C\/p\u003E\u003C\/td\u003E\u003Ctd valign=\u0022top\u0022\u003E\u003Cp align=\u0022center\u0022\u003E+ 0,0 %\u003C\/p\u003E\u003C\/td\u003E\u003Ctd valign=\u0022top\u0022\u003E\u003Cp align=\u0022center\u0022\u003E+ 1,3 %\u003C\/p\u003E\u003C\/td\u003E\u003C\/tr\u003E\u003Ctr\u003E\u003Ctd valign=\u0022top\u0022\u003E\u003Cp\u003EAo\u00fbt 2025\u003C\/p\u003E\u003C\/td\u003E\u003Ctd valign=\u0022top\u0022\u003E\u003Cp align=\u0022center\u0022\u003E111,78\u003C\/p\u003E\u003C\/td\u003E\u003Ctd valign=\u0022top\u0022\u003E\u003Cp align=\u0022center\u0022\u003E- 0,1 %\u003C\/p\u003E\u003C\/td\u003E\u003Ctd valign=\u0022top\u0022\u003E\u003Cp align=\u0022center\u0022\u003E+ 0,9 %\u003C\/p\u003E\u003C\/td\u003E\u003C\/tr\u003E\u003Ctr\u003E\u003Ctd valign=\u0022top\u0022\u003E\u003Cp\u003ESeptembre 2025\u003C\/p\u003E\u003C\/td\u003E\u003Ctd valign=\u0022top\u0022\u003E\u003Cp align=\u0022center\u0022\u003E112,10\u003C\/p\u003E\u003C\/td\u003E\u003Ctd valign=\u0022top\u0022\u003E\u003Cp align=\u0022center\u0022\u003E+ 0,3 %\u003C\/p\u003E\u003C\/td\u003E\u003Ctd valign=\u0022top\u0022\u003E\u003Cp align=\u0022center\u0022\u003E+ 1,5 %\u003C\/p\u003E\u003C\/td\u003E\u003C\/tr\u003E\u003Ctr\u003E\u003Ctd valign=\u0022top\u0022\u003E\u003Cp\u003EOctobre 2025\u003C\/p\u003E\u003C\/td\u003E\u003Ctd valign=\u0022top\u0022\u003E\u003Cp align=\u0022center\u0022\u003E111,82\u003C\/p\u003E\u003C\/td\u003E\u003Ctd valign=\u0022top\u0022\u003E\u003Cp align=\u0022center\u0022\u003E- 0,3 %\u003C\/p\u003E\u003C\/td\u003E\u003Ctd valign=\u0022top\u0022\u003E\u003Cp align=\u0022center\u0022\u003E+ 1,4 %\u003C\/p\u003E\u003C\/td\u003E\u003C\/tr\u003E\u003Ctr\u003E\u003Ctd valign=\u0022top\u0022\u003E\u003Cp\u003ENovembre 2025\u003C\/p\u003E\u003C\/td\u003E\u003Ctd valign=\u0022top\u0022\u003E\u003Cp align=\u0022center\u0022\u003E111,61\u003C\/p\u003E\u003C\/td\u003E\u003Ctd valign=\u0022top\u0022\u003E\u003Cp align=\u0022center\u0022\u003E- 0,2 %\u003C\/p\u003E\u003C\/td\u003E\u003Ctd valign=\u0022top\u0022\u003E\u003Cp align=\u0022center\u0022\u003E+ 0,9 %\u003C\/p\u003E\u003C\/td\u003E\u003C\/tr\u003E\u003Ctr\u003E\u003Ctd valign=\u0022top\u0022\u003E\u003Cp\u003ED\u00e9cembre 2025\u003C\/p\u003E\u003C\/td\u003E\u003Ctd valign=\u0022top\u0022\u003E\u003Cp align=\u0022center\u0022\u003E112,64\u003C\/p\u003E\u003C\/td\u003E\u003Ctd valign=\u0022top\u0022\u003E\u003Cp\u003E\u0026nbsp; \u0026nbsp; \u0026nbsp; \u0026nbsp;+ 0,9 %\u003C\/p\u003E\u003C\/td\u003E\u003Ctd valign=\u0022top\u0022\u003E\u003Cp align=\u0022center\u0022\u003E+ 1,4 %\u003C\/p\u003E\u003C\/td\u003E\u003C\/tr\u003E\u003C\/tbody\u003E\u003C\/table\u003E\u003Cp\u003E\u0026nbsp;\u003C\/p\u003E\u003Cp\u003E*\u0026nbsp;Suite au passage du cyclone Chido, l\u2019Insee n\u2019a pas \u00e9t\u00e9 en mesure de produire l\u2019indice des prix \u00e0 la consommation \u00e0 Mayotte pour les mois de janvier, f\u00e9vrier et mars 2025\u003C\/p\u003E\u003Cp\u003EAttention : l\u2019indice des prix \u00e0 la consommation est d\u00e9sormais publi\u00e9 en base 100 = 2021.\u003Cbr\u003END : Non Disponible\u003C\/p\u003E                                            \u003Cp\u003E\u003Cbr \/\u003E\u003Cstrong\u003ESource :\u003C\/strong\u003E\u003Cstrong\u003E\u00a0\u003C\/strong\u003E\u003C\/p\u003E\u003Cul\u003E\u003Cli\u003E\u003Ca href=\u0022https:\/\/www.insee.fr\/fr\/statistiques\/8731775\u0022 target=\u0022_blank\u0022\u003EIndice des prix \u00e0 la consommation des m\u00e9nages \u00e0 Mayotte \u2013 D\u00e9cembre 2025\u003C\/a\u003E\u003C\/li\u003E\u003C\/ul\u003E\u003C\/div\u003E","annee":"2025","theme":" Indices, taux, bar\u00e8mes juridiques","activites":["Automobile","Commer\u00e7ant","Distributeur \/ Grossiste","Caf\u00e9 \/ H\u00f4tel \/ Restaurant","Industrie","Transport"],"image":"https:\/\/www.weblex.fr\/sites\/default\/files\/chiffres_clef\/Shutterstock_consommationmayottepostcyclone.jpg","created":"2026-02-02","modified":"2026-04-02"},{"url":"\/chiffres-cles\/indice-des-prix-a-la-consommation-en-guyane-annee-2025","id":26034,"title":"Indice des prix \u00e0 la consommation en Guyane - Ann\u00e9e 2025","content":"\u003Cdiv\u003E                                              \u003Ctable class=\u0022MsoTableGrid\u0022\u003E\u003Ctbody\u003E\u003Ctr\u003E\u003Ctd valign=\u0022top\u0022\u003E\u003Cp align=\u0022center\u0022\u003E\u003Cstrong\u003EP\u00e9riode\u003C\/strong\u003E\u003C\/p\u003E\u003C\/td\u003E\u003Ctd valign=\u0022top\u0022\u003E\u003Cp align=\u0022center\u0022\u003E\u003Cstrong\u003EIndice\u003C\/strong\u003E\u003C\/p\u003E\u003C\/td\u003E\u003Ctd valign=\u0022top\u0022\u003E\u003Cp align=\u0022center\u0022\u003E\u003Cstrong\u003EVariation mensuelle\u003C\/strong\u003E\u003C\/p\u003E\u003C\/td\u003E\u003Ctd valign=\u0022top\u0022\u003E\u003Cp align=\u0022center\u0022\u003E\u003Cstrong\u003EHausse des prix sur 1 an\u003C\/strong\u003E\u003C\/p\u003E\u003C\/td\u003E\u003C\/tr\u003E\u003Ctr\u003E\u003Ctd valign=\u0022top\u0022\u003E\u003Cp\u003EJanvier 2025\u003C\/p\u003E\u003C\/td\u003E\u003Ctd valign=\u0022top\u0022\u003E\u003Cp align=\u0022center\u0022\u003E115,51\u003C\/p\u003E\u003C\/td\u003E\u003Ctd valign=\u0022top\u0022\u003E\u003Cp align=\u0022center\u0022\u003E- 0,1 %\u003C\/p\u003E\u003C\/td\u003E\u003Ctd valign=\u0022top\u0022\u003E\u003Cp align=\u0022center\u0022\u003E+ 2,3 %\u003C\/p\u003E\u003C\/td\u003E\u003C\/tr\u003E\u003Ctr\u003E\u003Ctd valign=\u0022top\u0022\u003E\u003Cp\u003EF\u00e9vrier 2025\u003C\/p\u003E\u003C\/td\u003E\u003Ctd valign=\u0022top\u0022\u003E\u003Cp align=\u0022center\u0022\u003E115,68\u003C\/p\u003E\u003C\/td\u003E\u003Ctd valign=\u0022top\u0022\u003E\u003Cp align=\u0022center\u0022\u003E+ 0,1 %\u003C\/p\u003E\u003C\/td\u003E\u003Ctd valign=\u0022top\u0022\u003E\u003Cp align=\u0022center\u0022\u003E+ 1,7\u0026nbsp;%\u003C\/p\u003E\u003C\/td\u003E\u003C\/tr\u003E\u003Ctr\u003E\u003Ctd valign=\u0022top\u0022\u003E\u003Cp\u003EMars 2025\u003C\/p\u003E\u003C\/td\u003E\u003Ctd valign=\u0022top\u0022\u003E\u003Cp align=\u0022center\u0022\u003E115,86\u003C\/p\u003E\u003C\/td\u003E\u003Ctd valign=\u0022top\u0022\u003E\u003Cp align=\u0022center\u0022\u003E+ 0,2 %\u003C\/p\u003E\u003C\/td\u003E\u003Ctd valign=\u0022top\u0022\u003E\u003Cp align=\u0022center\u0022\u003E+ 1,5\u0026nbsp;%\u003C\/p\u003E\u003C\/td\u003E\u003C\/tr\u003E\u003Ctr\u003E\u003Ctd valign=\u0022top\u0022\u003E\u003Cp\u003EAvril 2025\u003C\/p\u003E\u003C\/td\u003E\u003Ctd valign=\u0022top\u0022\u003E\u003Cp align=\u0022center\u0022\u003E116,32\u003C\/p\u003E\u003C\/td\u003E\u003Ctd valign=\u0022top\u0022\u003E\u003Cp align=\u0022center\u0022\u003E+ 0,4 %\u003C\/p\u003E\u003C\/td\u003E\u003Ctd valign=\u0022top\u0022\u003E\u003Cp align=\u0022center\u0022\u003E+ 0,9 %\u003C\/p\u003E\u003C\/td\u003E\u003C\/tr\u003E\u003Ctr\u003E\u003Ctd valign=\u0022top\u0022\u003E\u003Cp\u003EMai 2025\u003C\/p\u003E\u003C\/td\u003E\u003Ctd valign=\u0022top\u0022\u003E\u003Cp align=\u0022center\u0022\u003E116,78\u003C\/p\u003E\u003C\/td\u003E\u003Ctd valign=\u0022top\u0022\u003E\u003Cp align=\u0022center\u0022\u003E+ 0,4 %\u003C\/p\u003E\u003C\/td\u003E\u003Ctd valign=\u0022top\u0022\u003E\u003Cp align=\u0022center\u0022\u003E+ 1,4\u0026nbsp;%\u003C\/p\u003E\u003C\/td\u003E\u003C\/tr\u003E\u003Ctr\u003E\u003Ctd valign=\u0022top\u0022\u003E\u003Cp\u003EJuin 2025\u003C\/p\u003E\u003C\/td\u003E\u003Ctd valign=\u0022top\u0022\u003E\u003Cp align=\u0022center\u0022\u003E116,29\u003C\/p\u003E\u003C\/td\u003E\u003Ctd valign=\u0022top\u0022\u003E\u003Cp align=\u0022center\u0022\u003E- 0,4 %\u003C\/p\u003E\u003C\/td\u003E\u003Ctd valign=\u0022top\u0022\u003E\u003Cp align=\u0022center\u0022\u003E+ 0,8 %\u003C\/p\u003E\u003C\/td\u003E\u003C\/tr\u003E\u003Ctr\u003E\u003Ctd valign=\u0022top\u0022\u003E\u003Cp\u003EJuillet 2025\u003C\/p\u003E\u003C\/td\u003E\u003Ctd valign=\u0022top\u0022\u003E\u003Cp align=\u0022center\u0022\u003E117,87\u003C\/p\u003E\u003C\/td\u003E\u003Ctd valign=\u0022top\u0022\u003E\u003Cp align=\u0022center\u0022\u003E+ 1,4 %\u003C\/p\u003E\u003C\/td\u003E\u003Ctd valign=\u0022top\u0022\u003E\u003Cp align=\u0022center\u0022\u003E+ 1,8 %\u003C\/p\u003E\u003C\/td\u003E\u003C\/tr\u003E\u003Ctr\u003E\u003Ctd valign=\u0022top\u0022\u003E\u003Cp\u003EAo\u00fbt 2025\u003C\/p\u003E\u003C\/td\u003E\u003Ctd valign=\u0022top\u0022\u003E\u003Cp align=\u0022center\u0022\u003E117,78\u003C\/p\u003E\u003C\/td\u003E\u003Ctd valign=\u0022top\u0022\u003E\u003Cp align=\u0022center\u0022\u003E- 0,1 %\u003C\/p\u003E\u003C\/td\u003E\u003Ctd valign=\u0022top\u0022\u003E\u003Cp align=\u0022center\u0022\u003E+ 1,6 %\u003C\/p\u003E\u003C\/td\u003E\u003C\/tr\u003E\u003Ctr\u003E\u003Ctd valign=\u0022top\u0022\u003E\u003Cp\u003ESeptembre 2025\u003C\/p\u003E\u003C\/td\u003E\u003Ctd valign=\u0022top\u0022\u003E\u003Cp align=\u0022center\u0022\u003E116,41\u003C\/p\u003E\u003C\/td\u003E\u003Ctd valign=\u0022top\u0022\u003E\u003Cp align=\u0022center\u0022\u003E- 1,2 %\u003C\/p\u003E\u003C\/td\u003E\u003Ctd valign=\u0022top\u0022\u003E\u003Cp align=\u0022center\u0022\u003E+ 1,3 %\u003C\/p\u003E\u003C\/td\u003E\u003C\/tr\u003E\u003Ctr\u003E\u003Ctd valign=\u0022top\u0022\u003E\u003Cp\u003EOctobre 2025\u003C\/p\u003E\u003C\/td\u003E\u003Ctd valign=\u0022top\u0022\u003E\u003Cp align=\u0022center\u0022\u003E116,59\u003C\/p\u003E\u003C\/td\u003E\u003Ctd valign=\u0022top\u0022\u003E\u003Cp align=\u0022center\u0022\u003E+ 0,1 %\u003C\/p\u003E\u003C\/td\u003E\u003Ctd valign=\u0022top\u0022\u003E\u003Cp align=\u0022center\u0022\u003E+ 1,6 %\u003C\/p\u003E\u003C\/td\u003E\u003C\/tr\u003E\u003Ctr\u003E\u003Ctd valign=\u0022top\u0022\u003E\u003Cp\u003ENovembre 2025\u003C\/p\u003E\u003C\/td\u003E\u003Ctd valign=\u0022top\u0022\u003E\u003Cp align=\u0022center\u0022\u003E117,22\u003C\/p\u003E\u003C\/td\u003E\u003Ctd valign=\u0022top\u0022\u003E\u003Cp align=\u0022center\u0022\u003E+ 0,5 %\u003C\/p\u003E\u003C\/td\u003E\u003Ctd valign=\u0022top\u0022\u003E\u003Cp align=\u0022center\u0022\u003E+ 1,6 %\u003C\/p\u003E\u003C\/td\u003E\u003C\/tr\u003E\u003Ctr\u003E\u003Ctd valign=\u0022top\u0022\u003E\u003Cp\u003ED\u00e9cembre 2025\u003C\/p\u003E\u003C\/td\u003E\u003Ctd valign=\u0022top\u0022\u003E\u003Cp align=\u0022center\u0022\u003E117,84\u003C\/p\u003E\u003C\/td\u003E\u003Ctd valign=\u0022top\u0022\u003E\u003Cp\u003E\u0026nbsp; \u0026nbsp; \u0026nbsp; \u0026nbsp; \u0026nbsp;+ 0,5 %\u003C\/p\u003E\u003C\/td\u003E\u003Ctd valign=\u0022top\u0022\u003E\u003Cp align=\u0022center\u0022\u003E+ 1,9 %\u003C\/p\u003E\u003C\/td\u003E\u003C\/tr\u003E\u003C\/tbody\u003E\u003C\/table\u003E\u003Cp\u003EAttention : l\u2019indice des prix \u00e0 la consommation est d\u00e9sormais publi\u00e9 en base 100 = 2015.\u003Cbr\u003END : Non Disponible\u003C\/p\u003E                                            \u003Cp\u003E\u003Cbr \/\u003E\u003Cstrong\u003ESource :\u003C\/strong\u003E\u003Cstrong\u003E\u00a0\u003C\/strong\u003E\u003C\/p\u003E\u003Cul\u003E\u003Cli\u003E\u003Ca href=\u0022https:\/\/www.insee.fr\/fr\/statistiques\/8727639#onglet-2\u0022 target=\u0022_blank\u0022 rel=\u0022noopener\u0022\u003EIndice des prix \u00e0 la consommation des m\u00e9nages en Guyane \u2013 D\u00e9cembre 2025\u003C\/a\u003E\u003C\/li\u003E\u003C\/ul\u003E\u003C\/div\u003E","annee":"2025","theme":" Indices, taux, bar\u00e8mes juridiques","activites":["Automobile","Commer\u00e7ant","Distributeur \/ Grossiste","Caf\u00e9 \/ H\u00f4tel \/ Restaurant","Industrie","Transport"],"image":"https:\/\/www.weblex.fr\/sites\/default\/files\/chiffres_clef\/Shutterstock_indiceconsoguyanefrancaise.jpg","created":"2026-02-02","modified":"2026-04-02"},{"url":"\/chiffres-cles\/indice-des-prix-a-la-consommation-annee-2025","id":25872,"title":"Indice des prix \u00e0 la consommation - Ann\u00e9e 2025","content":"\u003Cdiv\u003E                                              \u003Cp\u003E\u003Cstrong\u003EEnsemble des m\u00e9nages\u003C\/strong\u003E\u003C\/p\u003E\u003Cp\u003E\u0026nbsp;\u003C\/p\u003E\u003Ctable class=\u0022MsoTableGrid\u0022\u003E\u003Ctbody\u003E\u003Ctr\u003E\u003Ctd valign=\u0022top\u0022\u003E\u003Cp align=\u0022center\u0022\u003E\u003Cstrong\u003EP\u00e9riode\u003C\/strong\u003E\u003C\/p\u003E\u003C\/td\u003E\u003Ctd valign=\u0022top\u0022\u003E\u003Cp align=\u0022center\u0022\u003E\u003Cstrong\u003EIndice\u003C\/strong\u003E\u003C\/p\u003E\u003C\/td\u003E\u003Ctd valign=\u0022top\u0022\u003E\u003Cp align=\u0022center\u0022\u003E\u003Cstrong\u003EVariation mensuelle (en %)\u003C\/strong\u003E\u003C\/p\u003E\u003C\/td\u003E\u003Ctd valign=\u0022top\u0022\u003E\u003Cp align=\u0022center\u0022\u003E\u003Cstrong\u003EHausse des prix sur 1 an (en %)\u003C\/strong\u003E\u003C\/p\u003E\u003C\/td\u003E\u003C\/tr\u003E\u003Ctr\u003E\u003Ctd valign=\u0022top\u0022\u003E\u003Cp\u003EJanvier 2025\u003C\/p\u003E\u003C\/td\u003E\u003Ctd valign=\u0022top\u0022\u003E\u003Cp align=\u0022center\u0022\u003E120,14\u003C\/p\u003E\u003C\/td\u003E\u003Ctd valign=\u0022top\u0022\u003E\u003Cp align=\u0022center\u0022\u003E+ 0,2 %\u003C\/p\u003E\u003C\/td\u003E\u003Ctd valign=\u0022top\u0022\u003E\u003Cp align=\u0022center\u0022\u003E+ 1,7 %\u003C\/p\u003E\u003C\/td\u003E\u003C\/tr\u003E\u003Ctr\u003E\u003Ctd valign=\u0022top\u0022\u003E\u003Cp\u003EF\u00e9vrier 2025\u003C\/p\u003E\u003C\/td\u003E\u003Ctd valign=\u0022top\u0022\u003E\u003Cp align=\u0022center\u0022\u003E120,16\u003C\/p\u003E\u003C\/td\u003E\u003Ctd valign=\u0022top\u0022\u003E\u003Cp align=\u0022center\u0022\u003E+ 0,0\u0026nbsp;%\u003C\/p\u003E\u003C\/td\u003E\u003Ctd valign=\u0022top\u0022\u003E\u003Cp align=\u0022center\u0022\u003E+ 0,8\u0026nbsp;%\u003C\/p\u003E\u003C\/td\u003E\u003C\/tr\u003E\u003Ctr\u003E\u003Ctd valign=\u0022top\u0022\u003E\u003Cp\u003EMars 2025\u003C\/p\u003E\u003C\/td\u003E\u003Ctd valign=\u0022top\u0022\u003E\u003Cp align=\u0022center\u0022\u003E120,38\u003C\/p\u003E\u003C\/td\u003E\u003Ctd valign=\u0022top\u0022\u003E\u003Cp align=\u0022center\u0022\u003E+ 0,2 %\u003C\/p\u003E\u003C\/td\u003E\u003Ctd valign=\u0022top\u0022\u003E\u003Cp align=\u0022center\u0022\u003E+ 0,8 %\u003C\/p\u003E\u003C\/td\u003E\u003C\/tr\u003E\u003Ctr\u003E\u003Ctd valign=\u0022top\u0022\u003E\u003Cp\u003EAvril 2025\u003C\/p\u003E\u003C\/td\u003E\u003Ctd valign=\u0022top\u0022\u003E\u003Cp align=\u0022center\u0022\u003E121,06\u003C\/p\u003E\u003C\/td\u003E\u003Ctd valign=\u0022top\u0022\u003E\u003Cp align=\u0022center\u0022\u003E+ 0,6 %\u003C\/p\u003E\u003C\/td\u003E\u003Ctd valign=\u0022top\u0022\u003E\u003Cp align=\u0022center\u0022\u003E+ 0,8 %\u003C\/p\u003E\u003C\/td\u003E\u003C\/tr\u003E\u003Ctr\u003E\u003Ctd valign=\u0022top\u0022\u003E\u003Cp\u003EMai 2025\u003C\/p\u003E\u003C\/td\u003E\u003Ctd valign=\u0022top\u0022\u003E\u003Cp align=\u0022center\u0022\u003E120,90\u003C\/p\u003E\u003C\/td\u003E\u003Ctd valign=\u0022top\u0022\u003E\u003Cp align=\u0022center\u0022\u003E- 0,1 %\u003C\/p\u003E\u003C\/td\u003E\u003Ctd valign=\u0022top\u0022\u003E\u003Cp align=\u0022center\u0022\u003E+ 0,7\u0026nbsp;%\u003C\/p\u003E\u003C\/td\u003E\u003C\/tr\u003E\u003Ctr\u003E\u003Ctd valign=\u0022top\u0022\u003E\u003Cp\u003EJuin 2025\u003C\/p\u003E\u003C\/td\u003E\u003Ctd valign=\u0022top\u0022\u003E\u003Cp align=\u0022center\u0022\u003E121,36\u003C\/p\u003E\u003C\/td\u003E\u003Ctd valign=\u0022top\u0022\u003E\u003Cp align=\u0022center\u0022\u003E+ 0,4 %\u003C\/p\u003E\u003C\/td\u003E\u003Ctd valign=\u0022top\u0022\u003E\u003Cp align=\u0022center\u0022\u003E+ 1,0 %\u003C\/p\u003E\u003C\/td\u003E\u003C\/tr\u003E\u003Ctr\u003E\u003Ctd valign=\u0022top\u0022\u003E\u003Cp\u003EJuillet 2025\u003C\/p\u003E\u003C\/td\u003E\u003Ctd valign=\u0022top\u0022\u003E\u003Cp align=\u0022center\u0022\u003E121,62\u003C\/p\u003E\u003C\/td\u003E\u003Ctd valign=\u0022top\u0022\u003E\u003Cp align=\u0022center\u0022\u003E+ 0,2 %\u003C\/p\u003E\u003C\/td\u003E\u003Ctd valign=\u0022top\u0022\u003E\u003Cp align=\u0022center\u0022\u003E+ 1,0 %\u003C\/p\u003E\u003C\/td\u003E\u003C\/tr\u003E\u003Ctr\u003E\u003Ctd valign=\u0022top\u0022\u003E\u003Cp\u003EAo\u00fbt 2025\u003C\/p\u003E\u003C\/td\u003E\u003Ctd valign=\u0022top\u0022\u003E\u003Cp align=\u0022center\u0022\u003E122,13\u003C\/p\u003E\u003C\/td\u003E\u003Ctd valign=\u0022top\u0022\u003E\u003Cp align=\u0022center\u0022\u003E+ 0,4 %\u003C\/p\u003E\u003C\/td\u003E\u003Ctd valign=\u0022top\u0022\u003E\u003Cp align=\u0022center\u0022\u003E+ 0,9 %\u003C\/p\u003E\u003C\/td\u003E\u003C\/tr\u003E\u003Ctr\u003E\u003Ctd valign=\u0022top\u0022\u003E\u003Cp\u003ESeptembre 2025\u003C\/p\u003E\u003C\/td\u003E\u003Ctd valign=\u0022top\u0022\u003E\u003Cp align=\u0022center\u0022\u003E120,95\u003C\/p\u003E\u003C\/td\u003E\u003Ctd valign=\u0022top\u0022\u003E\u003Cp align=\u0022center\u0022\u003E- 1,0 %\u003C\/p\u003E\u003C\/td\u003E\u003Ctd valign=\u0022top\u0022\u003E\u003Cp align=\u0022center\u0022\u003E+ 1,2 %\u003C\/p\u003E\u003C\/td\u003E\u003C\/tr\u003E\u003Ctr\u003E\u003Ctd valign=\u0022top\u0022\u003E\u003Cp\u003EOctobre 2025\u003C\/p\u003E\u003C\/td\u003E\u003Ctd valign=\u0022top\u0022\u003E\u003Cp align=\u0022center\u0022\u003E121,02\u003C\/p\u003E\u003C\/td\u003E\u003Ctd valign=\u0022top\u0022\u003E\u003Cp align=\u0022center\u0022\u003E+ 0,1\u0026nbsp;%\u003C\/p\u003E\u003C\/td\u003E\u003Ctd valign=\u0022top\u0022\u003E\u003Cp align=\u0022center\u0022\u003E+ 0,9 %\u003C\/p\u003E\u003C\/td\u003E\u003C\/tr\u003E\u003Ctr\u003E\u003Ctd valign=\u0022top\u0022\u003E\u003Cp\u003ENovembre 2025\u003C\/p\u003E\u003C\/td\u003E\u003Ctd valign=\u0022top\u0022\u003E\u003Cp align=\u0022center\u0022\u003E120,80\u003C\/p\u003E\u003C\/td\u003E\u003Ctd valign=\u0022top\u0022\u003E\u003Cp align=\u0022center\u0022\u003E- 0,2 %\u003C\/p\u003E\u003C\/td\u003E\u003Ctd valign=\u0022top\u0022\u003E\u003Cp align=\u0022center\u0022\u003E+ 0,9 %\u003C\/p\u003E\u003C\/td\u003E\u003C\/tr\u003E\u003Ctr\u003E\u003Ctd valign=\u0022top\u0022\u003E\u003Cp\u003ED\u00e9cembre 2025\u003C\/p\u003E\u003C\/td\u003E\u003Ctd valign=\u0022top\u0022\u003E\u003Cp align=\u0022center\u0022\u003E120,90\u003C\/p\u003E\u003C\/td\u003E\u003Ctd valign=\u0022top\u0022\u003E\u003Cp align=\u0022center\u0022\u003E+ 0,1\u0026nbsp;%\u003C\/p\u003E\u003C\/td\u003E\u003Ctd valign=\u0022top\u0022\u003E\u003Cp align=\u0022center\u0022\u003E+ 0,8 %\u003C\/p\u003E\u003C\/td\u003E\u003C\/tr\u003E\u003C\/tbody\u003E\u003C\/table\u003E\u003Cp\u003E\u0026nbsp;\u003C\/p\u003E\u003Cp\u003E\u003Cbr\u003E\u003Cstrong\u003EEnsemble des m\u00e9nages (hors tabac)\u003C\/strong\u003E\u003C\/p\u003E\u003Ctable class=\u0022MsoTableGrid\u0022\u003E\u003Ctbody\u003E\u003Ctr\u003E\u003Ctd valign=\u0022top\u0022\u003E\u003Cp align=\u0022center\u0022\u003E\u003Cstrong\u003EP\u00e9riode\u003C\/strong\u003E\u003C\/p\u003E\u003C\/td\u003E\u003Ctd valign=\u0022top\u0022\u003E\u003Cp align=\u0022center\u0022\u003E\u003Cstrong\u003EIndice\u003C\/strong\u003E\u003C\/p\u003E\u003C\/td\u003E\u003Ctd valign=\u0022top\u0022\u003E\u003Cp align=\u0022center\u0022\u003E\u003Cstrong\u003EVariation mensuelle (en %)\u003C\/strong\u003E\u003C\/p\u003E\u003C\/td\u003E\u003Ctd valign=\u0022top\u0022\u003E\u003Cp align=\u0022center\u0022\u003E\u003Cstrong\u003EHausse des prix sur 1 an (en %)\u003C\/strong\u003E\u003C\/p\u003E\u003C\/td\u003E\u003C\/tr\u003E\u003Ctr\u003E\u003Ctd valign=\u0022top\u0022\u003E\u003Cp\u003EJanvier 2025\u003C\/p\u003E\u003C\/td\u003E\u003Ctd valign=\u0022top\u0022\u003E\u003Cp align=\u0022center\u0022\u003E119,01\u003C\/p\u003E\u003C\/td\u003E\u003Ctd valign=\u0022top\u0022\u003E\u003Cp align=\u0022center\u0022\u003E+ 0,1 %\u003C\/p\u003E\u003C\/td\u003E\u003Ctd valign=\u0022top\u0022\u003E\u003Cp align=\u0022center\u0022\u003E+ 1,6 %\u003C\/p\u003E\u003C\/td\u003E\u003C\/tr\u003E\u003Ctr\u003E\u003Ctd valign=\u0022top\u0022\u003E\u003Cp\u003EF\u00e9vrier 2025\u003C\/p\u003E\u003C\/td\u003E\u003Ctd valign=\u0022top\u0022\u003E\u003Cp align=\u0022center\u0022\u003E119,02\u003C\/p\u003E\u003C\/td\u003E\u003Ctd valign=\u0022top\u0022\u003E\u003Cp align=\u0022center\u0022\u003E+ 0,0\u0026nbsp;%\u003C\/p\u003E\u003C\/td\u003E\u003Ctd valign=\u0022top\u0022\u003E\u003Cp align=\u0022center\u0022\u003E+ 0,7\u0026nbsp;%\u003C\/p\u003E\u003C\/td\u003E\u003C\/tr\u003E\u003Ctr\u003E\u003Ctd valign=\u0022top\u0022\u003E\u003Cp\u003EMars 2025\u003C\/p\u003E\u003C\/td\u003E\u003Ctd valign=\u0022top\u0022\u003E\u003Cp align=\u0022center\u0022\u003E119,24\u003C\/p\u003E\u003C\/td\u003E\u003Ctd valign=\u0022top\u0022\u003E\u003Cp align=\u0022center\u0022\u003E+ 0,2 %\u003C\/p\u003E\u003C\/td\u003E\u003Ctd valign=\u0022top\u0022\u003E\u003Cp align=\u0022center\u0022\u003E+ 0,7 %\u003C\/p\u003E\u003C\/td\u003E\u003C\/tr\u003E\u003Ctr\u003E\u003Ctd valign=\u0022top\u0022\u003E\u003Cp\u003EAvril 2025\u003C\/p\u003E\u003C\/td\u003E\u003Ctd valign=\u0022top\u0022\u003E\u003Cp align=\u0022center\u0022\u003E119,93\u003C\/p\u003E\u003C\/td\u003E\u003Ctd valign=\u0022top\u0022\u003E\u003Cp align=\u0022center\u0022\u003E+ 0,6 %\u003C\/p\u003E\u003C\/td\u003E\u003Ctd valign=\u0022top\u0022\u003E\u003Cp align=\u0022center\u0022\u003E+ 0,8 %\u003C\/p\u003E\u003C\/td\u003E\u003C\/tr\u003E\u003Ctr\u003E\u003Ctd valign=\u0022top\u0022\u003E\u003Cp\u003EMai 2025\u003C\/p\u003E\u003C\/td\u003E\u003Ctd valign=\u0022top\u0022\u003E\u003Cp align=\u0022center\u0022\u003E119,77\u003C\/p\u003E\u003C\/td\u003E\u003Ctd valign=\u0022top\u0022\u003E\u003Cp align=\u0022center\u0022\u003E- 0,1 %\u003C\/p\u003E\u003C\/td\u003E\u003Ctd valign=\u0022top\u0022\u003E\u003Cp align=\u0022center\u0022\u003E+ 0,6 %\u003C\/p\u003E\u003C\/td\u003E\u003C\/tr\u003E\u003Ctr\u003E\u003Ctd valign=\u0022top\u0022\u003E\u003Cp\u003EJuin 2025\u003C\/p\u003E\u003C\/td\u003E\u003Ctd valign=\u0022top\u0022\u003E\u003Cp align=\u0022center\u0022\u003E120,23\u003C\/p\u003E\u003C\/td\u003E\u003Ctd valign=\u0022top\u0022\u003E\u003Cp align=\u0022center\u0022\u003E+ 0,4 %\u003C\/p\u003E\u003C\/td\u003E\u003Ctd valign=\u0022top\u0022\u003E\u003Cp align=\u0022center\u0022\u003E+ 0,9 %\u003C\/p\u003E\u003C\/td\u003E\u003C\/tr\u003E\u003Ctr\u003E\u003Ctd valign=\u0022top\u0022\u003E\u003Cp\u003EJuillet 2025\u003C\/p\u003E\u003C\/td\u003E\u003Ctd valign=\u0022top\u0022\u003E\u003Cp align=\u0022center\u0022\u003E120,49\u003C\/p\u003E\u003C\/td\u003E\u003Ctd valign=\u0022top\u0022\u003E\u003Cp align=\u0022center\u0022\u003E+ 0,2 %\u003C\/p\u003E\u003C\/td\u003E\u003Ctd valign=\u0022top\u0022\u003E\u003Cp align=\u0022center\u0022\u003E+ 0,9 %\u003C\/p\u003E\u003C\/td\u003E\u003C\/tr\u003E\u003Ctr\u003E\u003Ctd valign=\u0022top\u0022\u003E\u003Cp\u003EAo\u00fbt 2025\u003C\/p\u003E\u003C\/td\u003E\u003Ctd valign=\u0022top\u0022\u003E\u003Cp align=\u0022center\u0022\u003E121,00\u003C\/p\u003E\u003C\/td\u003E\u003Ctd valign=\u0022top\u0022\u003E\u003Cp align=\u0022center\u0022\u003E+ 0,4 %\u003C\/p\u003E\u003C\/td\u003E\u003Ctd valign=\u0022top\u0022\u003E\u003Cp align=\u0022center\u0022\u003E+ 0,8 %\u003C\/p\u003E\u003C\/td\u003E\u003C\/tr\u003E\u003Ctr\u003E\u003Ctd valign=\u0022top\u0022\u003E\u003Cp\u003ESeptembre 2025\u003C\/p\u003E\u003C\/td\u003E\u003Ctd valign=\u0022top\u0022\u003E\u003Cp align=\u0022center\u0022\u003E119,81\u003C\/p\u003E\u003C\/td\u003E\u003Ctd valign=\u0022top\u0022\u003E\u003Cp align=\u0022center\u0022\u003E- 1,0 %\u003C\/p\u003E\u003C\/td\u003E\u003Ctd valign=\u0022top\u0022\u003E\u003Cp align=\u0022center\u0022\u003E+ 1,1 %\u003C\/p\u003E\u003C\/td\u003E\u003C\/tr\u003E\u003Ctr\u003E\u003Ctd valign=\u0022top\u0022\u003E\u003Cp\u003EOctobre 2025\u003C\/p\u003E\u003C\/td\u003E\u003Ctd valign=\u0022top\u0022\u003E\u003Cp align=\u0022center\u0022\u003E119,89\u003C\/p\u003E\u003C\/td\u003E\u003Ctd valign=\u0022top\u0022\u003E\u003Cp align=\u0022center\u0022\u003E+ 0,1\u0026nbsp;%\u003C\/p\u003E\u003C\/td\u003E\u003Ctd valign=\u0022top\u0022\u003E\u003Cp align=\u0022center\u0022\u003E+ 0,9 %\u003C\/p\u003E\u003C\/td\u003E\u003C\/tr\u003E\u003Ctr\u003E\u003Ctd valign=\u0022top\u0022\u003E\u003Cp\u003ENovembre 2025\u003C\/p\u003E\u003C\/td\u003E\u003Ctd valign=\u0022top\u0022\u003E\u003Cp align=\u0022center\u0022\u003E119,67\u003C\/p\u003E\u003C\/td\u003E\u003Ctd valign=\u0022top\u0022\u003E\u003Cp align=\u0022center\u0022\u003E- 0,2 %\u003C\/p\u003E\u003C\/td\u003E\u003Ctd valign=\u0022top\u0022\u003E\u003Cp align=\u0022center\u0022\u003E+ 0,9 %\u003C\/p\u003E\u003C\/td\u003E\u003C\/tr\u003E\u003Ctr\u003E\u003Ctd valign=\u0022top\u0022\u003E\u003Cp\u003ED\u00e9cembre 2025\u003C\/p\u003E\u003C\/td\u003E\u003Ctd valign=\u0022top\u0022\u003E\u003Cp align=\u0022center\u0022\u003E119,76\u003C\/p\u003E\u003C\/td\u003E\u003Ctd valign=\u0022top\u0022\u003E\u003Cp align=\u0022center\u0022\u003E+ 0,1\u0026nbsp;%\u003C\/p\u003E\u003C\/td\u003E\u003Ctd valign=\u0022top\u0022\u003E\u003Cp align=\u0022center\u0022\u003E+ 0,7\u0026nbsp;%\u003C\/p\u003E\u003C\/td\u003E\u003C\/tr\u003E\u003C\/tbody\u003E\u003C\/table\u003E\u003Cp\u003EAttention : l\u2019indice des prix \u00e0 la consommation est d\u00e9sormais publi\u00e9 en base 100 = 2015\u003C\/p\u003E                                            \u003Cp\u003E\u003Cbr \/\u003E\u003Cstrong\u003ESource :\u003C\/strong\u003E\u003Cstrong\u003E\u00a0\u003C\/strong\u003E\u003C\/p\u003E\u003Cul\u003E\u003Cli\u003E\u003Ca href=\u0022https:\/\/www.insee.fr\/fr\/statistiques\/8726809\u0022 target=\u0022_blank\u0022 rel=\u0022noopener\u0022\u003EIndice des prix \u00e0 la consommation \u2013 D\u00e9cembre 2025 (insee.fr)\u003C\/a\u003E\u003C\/li\u003E\u003C\/ul\u003E\u003C\/div\u003E","annee":"2025","theme":" Indices, taux, bar\u00e8mes juridiques","activites":["Automobile","Commer\u00e7ant","Distributeur \/ Grossiste","Industrie","Prestataire de services","Transport"],"image":"https:\/\/www.weblex.fr\/sites\/default\/files\/chiffres_clef\/Shutterstock_consommationindicemensuel.jpg","created":"2026-01-27","modified":"2026-03-02"},{"url":"\/chiffres-cles\/indice-du-taux-moyen-des-credits-immobiliers-annee-2025","id":25897,"title":"Indice du taux moyen des cr\u00e9dits immobiliers - Ann\u00e9e 2025","content":"\u003Cdiv\u003E                                              \u003Ctable class=\u0022MsoTableGrid\u0022 width=\u0022566\u0022\u003E\u003Ctbody\u003E\u003Ctr\u003E\u003Ctd\u003E\u003Cp align=\u0022center\u0022\u003EP\u00e9riode\u003C\/p\u003E\u003C\/td\u003E\u003Ctd\u003E\u003Cp align=\u0022center\u0022\u003ETaux moyen g\u00e9n\u00e9ral\u003C\/p\u003E\u003C\/td\u003E\u003Ctd\u003E\u003Cp align=\u0022center\u0022\u003ETaux moyen sur 15 ans\u003C\/p\u003E\u003C\/td\u003E\u003Ctd\u003E\u003Cp align=\u0022center\u0022\u003ETaux moyen sur 20 ans\u003C\/p\u003E\u003C\/td\u003E\u003Ctd\u003E\u003Cp align=\u0022center\u0022\u003ETaux moyen sur 25 ans\u003C\/p\u003E\u003C\/td\u003E\u003Ctd\u003E\u003Cp align=\u0022center\u0022\u003EDur\u00e9e moyenne (en mois)\u003C\/p\u003E\u003C\/td\u003E\u003C\/tr\u003E\u003Ctr\u003E\u003Ctd valign=\u0022top\u0022\u003E\u003Cp\u003EJanvier 2025\u003C\/p\u003E\u003C\/td\u003E\u003Ctd valign=\u0022top\u0022\u003E\u003Cp align=\u0022center\u0022\u003E3,24 %\u003C\/p\u003E\u003C\/td\u003E\u003Ctd valign=\u0022top\u0022\u003E\u003Cp align=\u0022center\u0022\u003E3,17\u0026nbsp;%\u003C\/p\u003E\u003C\/td\u003E\u003Ctd valign=\u0022top\u0022\u003E\u003Cp align=\u0022center\u0022\u003E3,22\u0026nbsp;%\u003C\/p\u003E\u003C\/td\u003E\u003Ctd valign=\u0022top\u0022\u003E\u003Cp align=\u0022center\u0022\u003E3,26 %\u003C\/p\u003E\u003C\/td\u003E\u003Ctd valign=\u0022top\u0022\u003E\u003Cp align=\u0022center\u0022\u003E244\u003C\/p\u003E\u003C\/td\u003E\u003C\/tr\u003E\u003Ctr\u003E\u003Ctd valign=\u0022top\u0022\u003E\u003Cp\u003EF\u00e9vrier 2025\u003C\/p\u003E\u003C\/td\u003E\u003Ctd valign=\u0022top\u0022\u003E\u003Cp align=\u0022center\u0022\u003E3,19\u0026nbsp;%\u003C\/p\u003E\u003C\/td\u003E\u003Ctd valign=\u0022top\u0022\u003E\u003Cp align=\u0022center\u0022\u003E3,07\u0026nbsp;%\u003C\/p\u003E\u003C\/td\u003E\u003Ctd valign=\u0022top\u0022\u003E\u003Cp align=\u0022center\u0022\u003E3,06\u0026nbsp;%\u003C\/p\u003E\u003C\/td\u003E\u003Ctd valign=\u0022top\u0022\u003E\u003Cp align=\u0022center\u0022\u003E3,16\u0026nbsp;%\u003C\/p\u003E\u003C\/td\u003E\u003Ctd valign=\u0022top\u0022\u003E\u003Cp align=\u0022center\u0022\u003E253\u003C\/p\u003E\u003C\/td\u003E\u003C\/tr\u003E\u003Ctr\u003E\u003Ctd valign=\u0022top\u0022\u003E\u003Cp\u003EMars 2025\u003C\/p\u003E\u003C\/td\u003E\u003Ctd valign=\u0022top\u0022\u003E\u003Cp align=\u0022center\u0022\u003E3,09\u0026nbsp;%\u003C\/p\u003E\u003C\/td\u003E\u003Ctd valign=\u0022top\u0022\u003E\u003Cp align=\u0022center\u0022\u003E3,00\u0026nbsp;%\u003C\/p\u003E\u003C\/td\u003E\u003Ctd valign=\u0022top\u0022\u003E\u003Cp align=\u0022center\u0022\u003E3,01 %\u003C\/p\u003E\u003C\/td\u003E\u003Ctd valign=\u0022top\u0022\u003E\u003Cp align=\u0022center\u0022\u003E3,10\u0026nbsp;%\u003C\/p\u003E\u003C\/td\u003E\u003Ctd valign=\u0022top\u0022\u003E\u003Cp align=\u0022center\u0022\u003E249\u003C\/p\u003E\u003C\/td\u003E\u003C\/tr\u003E\u003Ctr\u003E\u003Ctd valign=\u0022top\u0022\u003E\u003Cp\u003EAvril 2025\u003C\/p\u003E\u003C\/td\u003E\u003Ctd valign=\u0022top\u0022\u003E\u003Cp align=\u0022center\u0022\u003E3,07\u0026nbsp;%\u003C\/p\u003E\u003C\/td\u003E\u003Ctd valign=\u0022top\u0022\u003E\u003Cp align=\u0022center\u0022\u003E3,02\u0026nbsp;%\u003C\/p\u003E\u003C\/td\u003E\u003Ctd valign=\u0022top\u0022\u003E\u003Cp align=\u0022center\u0022\u003E3,04\u0026nbsp;%\u003C\/p\u003E\u003C\/td\u003E\u003Ctd valign=\u0022top\u0022\u003E\u003Cp align=\u0022center\u0022\u003E3,13\u0026nbsp;%\u003C\/p\u003E\u003C\/td\u003E\u003Ctd valign=\u0022top\u0022\u003E\u003Cp align=\u0022center\u0022\u003E249\u003C\/p\u003E\u003C\/td\u003E\u003C\/tr\u003E\u003Ctr\u003E\u003Ctd valign=\u0022top\u0022\u003E\u003Cp\u003EMai 2025\u003C\/p\u003E\u003C\/td\u003E\u003Ctd valign=\u0022top\u0022\u003E\u003Cp align=\u0022center\u0022\u003E3,11\u0026nbsp;%\u003C\/p\u003E\u003C\/td\u003E\u003Ctd valign=\u0022top\u0022\u003E\u003Cp align=\u0022center\u0022\u003E3,05\u0026nbsp;%\u003C\/p\u003E\u003C\/td\u003E\u003Ctd valign=\u0022top\u0022\u003E\u003Cp align=\u0022center\u0022\u003E3,09\u0026nbsp;%\u003C\/p\u003E\u003C\/td\u003E\u003Ctd valign=\u0022top\u0022\u003E\u003Cp align=\u0022center\u0022\u003E3,17\u0026nbsp;%\u003C\/p\u003E\u003C\/td\u003E\u003Ctd valign=\u0022top\u0022\u003E\u003Cp align=\u0022center\u0022\u003E248\u003C\/p\u003E\u003C\/td\u003E\u003C\/tr\u003E\u003Ctr\u003E\u003Ctd valign=\u0022top\u0022\u003E\u003Cp\u003EJuin 2025\u003C\/p\u003E\u003C\/td\u003E\u003Ctd valign=\u0022top\u0022\u003E\u003Cp align=\u0022center\u0022\u003E3,07\u0026nbsp;%\u003C\/p\u003E\u003C\/td\u003E\u003Ctd valign=\u0022top\u0022\u003E\u003Cp align=\u0022center\u0022\u003E3,01\u0026nbsp;%\u003C\/p\u003E\u003C\/td\u003E\u003Ctd valign=\u0022top\u0022\u003E\u003Cp align=\u0022center\u0022\u003E3,07\u0026nbsp;%\u003C\/p\u003E\u003C\/td\u003E\u003Ctd valign=\u0022top\u0022\u003E\u003Cp align=\u0022center\u0022\u003E3,12\u0026nbsp;%\u003C\/p\u003E\u003C\/td\u003E\u003Ctd valign=\u0022top\u0022\u003E\u003Cp align=\u0022center\u0022\u003E249\u003C\/p\u003E\u003C\/td\u003E\u003C\/tr\u003E\u003Ctr\u003E\u003Ctd valign=\u0022top\u0022\u003E\u003Cp\u003EJuillet 2025\u003C\/p\u003E\u003C\/td\u003E\u003Ctd valign=\u0022top\u0022\u003E\u003Cp align=\u0022center\u0022\u003E3,07\u0026nbsp;%\u003C\/p\u003E\u003C\/td\u003E\u003Ctd valign=\u0022top\u0022\u003E\u003Cp align=\u0022center\u0022\u003E2,99\u0026nbsp;%\u003C\/p\u003E\u003C\/td\u003E\u003Ctd valign=\u0022top\u0022\u003E\u003Cp align=\u0022center\u0022\u003E3,05\u0026nbsp;%\u003C\/p\u003E\u003C\/td\u003E\u003Ctd valign=\u0022top\u0022\u003E\u003Cp align=\u0022center\u0022\u003E3,11\u0026nbsp;%\u003C\/p\u003E\u003C\/td\u003E\u003Ctd valign=\u0022top\u0022\u003E\u003Cp align=\u0022center\u0022\u003E252\u003C\/p\u003E\u003C\/td\u003E\u003C\/tr\u003E\u003Ctr\u003E\u003Ctd valign=\u0022top\u0022\u003E\u003Cp\u003EAo\u00fbt 2025\u003C\/p\u003E\u003C\/td\u003E\u003Ctd valign=\u0022top\u0022\u003E\u003Cp align=\u0022center\u0022\u003E3,08\u0026nbsp;%\u003C\/p\u003E\u003C\/td\u003E\u003Ctd valign=\u0022top\u0022\u003E\u003Cp align=\u0022center\u0022\u003E3,01\u0026nbsp;%\u003C\/p\u003E\u003C\/td\u003E\u003Ctd valign=\u0022top\u0022\u003E\u003Cp align=\u0022center\u0022\u003E3,07\u0026nbsp;%\u003C\/p\u003E\u003C\/td\u003E\u003Ctd valign=\u0022top\u0022\u003E\u003Cp align=\u0022center\u0022\u003E3,16\u0026nbsp;%\u003C\/p\u003E\u003C\/td\u003E\u003Ctd valign=\u0022top\u0022\u003E\u003Cp align=\u0022center\u0022\u003E250\u003C\/p\u003E\u003C\/td\u003E\u003C\/tr\u003E\u003Ctr\u003E\u003Ctd valign=\u0022top\u0022\u003E\u003Cp\u003ESeptembre 2025\u003C\/p\u003E\u003C\/td\u003E\u003Ctd valign=\u0022top\u0022\u003E\u003Cp align=\u0022center\u0022\u003E3,12\u0026nbsp;%\u003C\/p\u003E\u003C\/td\u003E\u003Ctd valign=\u0022top\u0022\u003E\u003Cp align=\u0022center\u0022\u003E3,04\u0026nbsp;%\u003C\/p\u003E\u003C\/td\u003E\u003Ctd valign=\u0022top\u0022\u003E\u003Cp align=\u0022center\u0022\u003E3,12\u0026nbsp;%\u003C\/p\u003E\u003C\/td\u003E\u003Ctd valign=\u0022top\u0022\u003E\u003Cp align=\u0022center\u0022\u003E3,20\u0026nbsp;%\u003C\/p\u003E\u003C\/td\u003E\u003Ctd valign=\u0022top\u0022\u003E\u003Cp align=\u0022center\u0022\u003E250\u003C\/p\u003E\u003C\/td\u003E\u003C\/tr\u003E\u003Ctr\u003E\u003Ctd valign=\u0022top\u0022\u003E\u003Cp\u003EOctobre 2025\u003C\/p\u003E\u003C\/td\u003E\u003Ctd valign=\u0022top\u0022\u003E\u003Cp align=\u0022center\u0022\u003E3,14\u0026nbsp;%\u003C\/p\u003E\u003C\/td\u003E\u003Ctd valign=\u0022top\u0022\u003E\u003Cp align=\u0022center\u0022\u003E3,04\u0026nbsp;%\u003C\/p\u003E\u003C\/td\u003E\u003Ctd valign=\u0022top\u0022\u003E\u003Cp align=\u0022center\u0022\u003E3,17\u0026nbsp;%\u003C\/p\u003E\u003C\/td\u003E\u003Ctd valign=\u0022top\u0022\u003E\u003Cp\u003E\u0026nbsp; \u0026nbsp; 3,22\u0026nbsp;%\u003C\/p\u003E\u003C\/td\u003E\u003Ctd valign=\u0022top\u0022\u003E\u003Cp align=\u0022center\u0022\u003E250\u003C\/p\u003E\u003C\/td\u003E\u003C\/tr\u003E\u003Ctr\u003E\u003Ctd valign=\u0022top\u0022\u003E\u003Cp\u003ENovembre 2025\u003C\/p\u003E\u003C\/td\u003E\u003Ctd valign=\u0022top\u0022\u003E\u003Cp align=\u0022center\u0022\u003E3,12\u0026nbsp;%\u003C\/p\u003E\u003C\/td\u003E\u003Ctd valign=\u0022top\u0022\u003E\u003Cp align=\u0022center\u0022\u003E3,05\u0026nbsp;%\u003C\/p\u003E\u003C\/td\u003E\u003Ctd valign=\u0022top\u0022\u003E\u003Cp align=\u0022center\u0022\u003E3,17\u0026nbsp;%\u003C\/p\u003E\u003C\/td\u003E\u003Ctd valign=\u0022top\u0022\u003E\u003Cp align=\u0022center\u0022\u003E3,22\u0026nbsp;%\u003C\/p\u003E\u003C\/td\u003E\u003Ctd valign=\u0022top\u0022\u003E\u003Cp align=\u0022center\u0022\u003E250\u003C\/p\u003E\u003C\/td\u003E\u003C\/tr\u003E\u003Ctr\u003E\u003Ctd valign=\u0022top\u0022\u003E\u003Cp\u003ED\u00e9cembre 2025\u003C\/p\u003E\u003C\/td\u003E\u003Ctd valign=\u0022top\u0022\u003E\u003Cp align=\u0022center\u0022\u003E3,17\u0026nbsp;%\u003C\/p\u003E\u003C\/td\u003E\u003Ctd valign=\u0022top\u0022\u003E\u003Cp align=\u0022center\u0022\u003E3,09\u0026nbsp;%\u003C\/p\u003E\u003C\/td\u003E\u003Ctd valign=\u0022top\u0022\u003E\u003Cp align=\u0022center\u0022\u003E3,17\u0026nbsp;%\u003C\/p\u003E\u003C\/td\u003E\u003Ctd valign=\u0022top\u0022\u003E\u003Cp align=\u0022center\u0022\u003E3,25\u0026nbsp;%\u003C\/p\u003E\u003C\/td\u003E\u003Ctd valign=\u0022top\u0022\u003E\u003Cp align=\u0022center\u0022\u003E250\u003C\/p\u003E\u003C\/td\u003E\u003C\/tr\u003E\u003C\/tbody\u003E\u003C\/table\u003E\u003Cp\u003E\u0026nbsp;\u003C\/p\u003E                                            \u003Cp\u003E\u003Cbr \/\u003E\u003Cstrong\u003ESource :\u003C\/strong\u003E\u003Cstrong\u003E\u00a0\u003C\/strong\u003E\u003C\/p\u003E\u003Cul\u003E\u003Cli\u003E\u003Ca href=\u0022https:\/\/www.lobservatoirecreditlogement.fr\/\u0022 target=\u0022_blank\u0022 rel=\u0022noopener\u0022\u003EL\u2019observatoire Cr\u00e9dit Logement \/ CSA\u003C\/a\u003E\u003C\/li\u003E\u003C\/ul\u003E\u003C\/div\u003E","annee":"2025","theme":" Indices, taux, bar\u00e8mes juridiques","activites":["Agent immobilier","Prestataire de services","Professionnels du droit et du chiffre","Promoteur \/ Lotisseur \/ Architecte \/ G\u00e9om\u00e8tre"],"image":"https:\/\/www.weblex.fr\/sites\/default\/files\/chiffres_clef\/Shutterstock_tauxcreditmaison.jpg","created":"2026-01-27","modified":"2026-03-04"},{"url":"\/chiffres-cles\/tarifs-des-greffiers-des-tribunaux-de-commerce-procedures-de-liquidation-hors-sauvegarde-et-redressement-judiciaires-2025","id":27671,"title":"Tarifs des greffiers des tribunaux de commerce \u2013 Proc\u00e9dures de liquidation hors sauvegarde et redressement judiciaires - 2025","content":"\u003Cdiv\u003E                                              \u003Ch2\u003EApplicables du 1er mars 2024 au 28 f\u00e9vrier 2026\u003C\/h2\u003E\u003Cp\u003ENotez que les anciens tarifs s\u2019appliqueront pour :\u003C\/p\u003E\u003Cul\u003E\u003Cli\u003Eles prestations effectu\u00e9es avant le 1er mai 2024 ;\u003C\/li\u003E\u003Cli\u003Eles prestations dont la r\u00e9alisation a donn\u00e9 lieu, avant le 1er mars 2024, au versement par le client d\u0027un acompte ou d\u0027une provision ou \u00e0 l\u0027engagement par l\u0027un des greffiers des tribunaux de commerce intervenant de frais ou d\u00e9bours ;\u003C\/li\u003E\u003Cli\u003Eles prestations dont la r\u00e9alisation a donn\u00e9 lieu, avant le 1ermars 2024, \u00e0 l\u0027engagement par l\u0027un des greffiers des tribunaux de commerce intervenant de frais ou d\u00e9bours\u003C\/li\u003E\u003C\/ul\u003E\u003Ch3\u003E1\/ Proc\u00e9dures de liquidation hors sauvegarde et redressement judiciaires\u003C\/h3\u003E\u003Cp\u003EL\u0027ensemble des prestations r\u00e9alis\u00e9es par le greffier de tribunal de commerce dans le cadre d\u0027une proc\u00e9dure de liquidation donne lieu \u00e0 la perception d\u0027un \u00e9molument principal, qui varie en fonction du nombre de salari\u00e9s et du chiffre d\u0027affaires de l\u0027entreprise concern\u00e9e d\u00e9termin\u00e9s, selon le bar\u00e8me suivant :\u003C\/p\u003E\u003Ctable class=\u0022MsoTableGrid\u0022\u003E\u003Ctbody\u003E\u003Ctr\u003E\u003Ctd\u003E\u003Cp align=\u0022center\u0022\u003E\u003Cstrong\u003ENOMBRE DE SALARIES\u003C\/strong\u003E\u003C\/p\u003E\u003C\/td\u003E\u003Ctd valign=\u0022top\u0022\u003E\u003Cp align=\u0022center\u0022\u003E\u003Cstrong\u003ECHIFFRES D\u2019AFFAIRES\u003C\/strong\u003E\u003C\/p\u003E\u003C\/td\u003E\u003Ctd\u003E\u003Cp align=\u0022center\u0022\u003E\u003Cstrong\u003E\u00c9MOLUMENT\u003C\/strong\u003E\u003C\/p\u003E\u003C\/td\u003E\u003C\/tr\u003E\u003Ctr\u003E\u003Ctd\u003E\u003Cp align=\u0022center\u0022\u003EAucun salari\u00e9\u003C\/p\u003E\u003C\/td\u003E\u003Ctd valign=\u0022top\u0022\u003E\u003Cp align=\u0022center\u0022\u003E\u0026nbsp;\u003C\/p\u003E\u003C\/td\u003E\u003Ctd\u003E\u003Cp align=\u0022center\u0022\u003E508,25\u0026nbsp;\u20ac\u003C\/p\u003E\u003C\/td\u003E\u003C\/tr\u003E\u003Ctr\u003E\u003Ctd\u003E\u003Cp align=\u0022center\u0022\u003EDe 1 \u00e0 5 salari\u00e9s\u003C\/p\u003E\u003C\/td\u003E\u003Ctd valign=\u0022top\u0022\u003E\u003Cp align=\u0022center\u0022\u003E\u0026nbsp;\u003C\/p\u003E\u003C\/td\u003E\u003Ctd\u003E\u003Cp align=\u0022center\u0022\u003E555,92 \u20ac\u003C\/p\u003E\u003C\/td\u003E\u003C\/tr\u003E\u003Ctr\u003E\u003Ctd rowspan=\u00222\u0022\u003E\u003Cp align=\u0022center\u0022\u003EDe 6 \u00e0 19 salari\u00e9s\u003C\/p\u003E\u003C\/td\u003E\u003Ctd valign=\u0022top\u0022\u003E\u003Cp align=\u0022center\u0022\u003EInf\u00e9rieur \u00e0 750\u0026nbsp;000 \u20ac\u003C\/p\u003E\u003C\/td\u003E\u003Ctd\u003E\u003Cp align=\u0022center\u0022\u003E1\u0026nbsp;164,76 \u20ac\u003C\/p\u003E\u003C\/td\u003E\u003C\/tr\u003E\u003Ctr\u003E\u003Ctd valign=\u0022top\u0022\u003E\u003Cp align=\u0022center\u0022\u003ESup\u00e9rieur ou \u00e9gal \u00e0 750\u0026nbsp;000 \u20ac\u003C\/p\u003E\u003C\/td\u003E\u003Ctd\u003E\u003Cp align=\u0022center\u0022\u003E1 312,99 \u20ac\u003C\/p\u003E\u003C\/td\u003E\u003C\/tr\u003E\u003Ctr\u003E\u003Ctd rowspan=\u00222\u0022\u003E\u003Cp align=\u0022center\u0022\u003EDe 20 \u00e0 150 salari\u00e9s\u003C\/p\u003E\u003C\/td\u003E\u003Ctd valign=\u0022top\u0022\u003E\u003Cp align=\u0022center\u0022\u003EInf\u00e9rieur \u00e0 3 000\u0026nbsp;000 \u20ac\u003C\/p\u003E\u003C\/td\u003E\u003Ctd\u003E\u003Cp align=\u0022center\u0022\u003E2\u0026nbsp;213,02 \u20ac\u003C\/p\u003E\u003C\/td\u003E\u003C\/tr\u003E\u003Ctr\u003E\u003Ctd valign=\u0022top\u0022\u003E\u003Cp align=\u0022center\u0022\u003ESup\u00e9rieur ou \u00e9gal \u00e0 3 000\u0026nbsp;000 \u20ac\u003C\/p\u003E\u003C\/td\u003E\u003Ctd\u003E\u003Cp align=\u0022center\u0022\u003E2 731,86 \u20ac\u003C\/p\u003E\u003C\/td\u003E\u003C\/tr\u003E\u003Ctr\u003E\u003Ctd rowspan=\u00223\u0022\u003E\u003Cp align=\u0022center\u0022\u003EPlus de 150 salari\u00e9s\u003C\/p\u003E\u003C\/td\u003E\u003Ctd valign=\u0022top\u0022\u003E\u003Cp align=\u0022center\u0022\u003EInf\u00e9rieur \u00e0 20 000\u0026nbsp;000 \u20ac\u003C\/p\u003E\u003C\/td\u003E\u003Ctd\u003E\u003Cp align=\u0022center\u0022\u003E5 605,60 \u20ac\u003C\/p\u003E\u003C\/td\u003E\u003C\/tr\u003E\u003Ctr\u003E\u003Ctd valign=\u0022top\u0022\u003E\u003Cp align=\u0022center\u0022\u003ESup\u00e9rieur ou \u00e9gal \u00e0 20 000\u0026nbsp;000 \u20ac et inf\u00e9rieur \u00e0 50 000\u0026nbsp;000 \u20ac\u003C\/p\u003E\u003C\/td\u003E\u003Ctd\u003E\u003Cp align=\u0022center\u0022\u003E7\u0026nbsp;907,56 \u20ac\u003C\/p\u003E\u003C\/td\u003E\u003C\/tr\u003E\u003Ctr\u003E\u003Ctd valign=\u0022top\u0022\u003E\u003Cp align=\u0022center\u0022\u003ESup\u00e9rieur ou \u00e9gal \u00e0 50 000\u0026nbsp;000 \u20ac\u003C\/p\u003E\u003C\/td\u003E\u003Ctd\u003E\u003Cp align=\u0022center\u0022\u003E13\u0026nbsp;256,91 \u20ac\u003C\/p\u003E\u003C\/td\u003E\u003C\/tr\u003E\u003C\/tbody\u003E\u003C\/table\u003E\u003Cp\u003ELes prestations mentionn\u00e9es ci-dessus donnent \u00e9galement lieu \u00e0 la perception de 2 \u00e9moluments accessoires :\u003C\/p\u003E\u003Cul\u003E\u003Cli\u003Ed\u0027un montant de 158,83 \u20ac par \u00e9tablissement secondaire, \u00e0 charge pour le greffier de la proc\u00e9dure principale de reverser la moiti\u00e9 du droit au greffe de l\u0027\u00e9tablissement secondaire ;\u003C\/li\u003E\u003Cli\u003Ed\u0027un montant de 10,59 \u20ac par cr\u00e9ancier suppl\u00e9mentaire au-del\u00e0 de 25 cr\u00e9anciers, dans la limite de 105,90 \u20ac.\u003C\/li\u003E\u003C\/ul\u003E\u003Ch3\u003E2\/ Transmission dans le cadre des proc\u00e9dures de liquidation hors sauvegarde et redressement judiciaires\u003C\/h3\u003E\u003Cp\u003ELes transmissions donnent lieu \u00e0 la perception des \u00e9moluments suivants :\u003C\/p\u003E\u003Cul\u003E\u003Cli\u003Es\u0027agissant des diligences de chaque transmission d\u0027acte, d\u00e9cision ou document, par remise en mains propres contre r\u00e9c\u00e9piss\u00e9 ou par voie \u00e9lectronique s\u00e9curis\u00e9e : 1,60 \u20ac ;\u003C\/li\u003E\u003Cli\u003Es\u0027agissant de la transmission d\u0027extrait d\u0027immatriculation du Registre du commerce, par voie \u00e9lectronique s\u00e9curis\u00e9e : 0,54 \u20ac.\u003C\/li\u003E\u003C\/ul\u003E\u003Cp\u003ELes transmissions r\u00e9alis\u00e9es dans le cadre des proc\u00e9dures de liquidation hors sauvegarde ou redressement judiciaires varient en fonction du nombre de salari\u00e9s et du chiffre d\u0027affaires de l\u0027entreprise concern\u00e9e d\u00e9termin\u00e9s, selon le bar\u00e8me suivant :\u003C\/p\u003E\u003Ctable class=\u0022MsoTableGrid\u0022\u003E\u003Ctbody\u003E\u003Ctr\u003E\u003Ctd\u003E\u003Cp align=\u0022center\u0022\u003E\u003Cstrong\u003ENOMBRE DE SALARIES\u003C\/strong\u003E\u003C\/p\u003E\u003C\/td\u003E\u003Ctd valign=\u0022top\u0022\u003E\u003Cp align=\u0022center\u0022\u003E\u003Cstrong\u003ECHIFFRES D\u2019AFFAIRES\u003C\/strong\u003E\u003C\/p\u003E\u003C\/td\u003E\u003Ctd\u003E\u003Cp align=\u0022center\u0022\u003E\u003Cstrong\u003E\u00c9MOLUMENT\u003C\/strong\u003E\u003C\/p\u003E\u003C\/td\u003E\u003C\/tr\u003E\u003Ctr\u003E\u003Ctd\u003E\u003Cp align=\u0022center\u0022\u003EAucun salari\u00e9\u003C\/p\u003E\u003C\/td\u003E\u003Ctd valign=\u0022top\u0022\u003E\u003Cp align=\u0022center\u0022\u003E\u0026nbsp;\u003C\/p\u003E\u003C\/td\u003E\u003Ctd\u003E\u003Cp align=\u0022center\u0022\u003E63,54 \u20ac\u003C\/p\u003E\u003C\/td\u003E\u003C\/tr\u003E\u003Ctr\u003E\u003Ctd\u003E\u003Cp align=\u0022center\u0022\u003EDe 1 \u00e0 5 salari\u00e9s\u003C\/p\u003E\u003C\/td\u003E\u003Ctd valign=\u0022top\u0022\u003E\u003Cp align=\u0022center\u0022\u003E\u0026nbsp;\u003C\/p\u003E\u003C\/td\u003E\u003Ctd\u003E\u003Cp align=\u0022center\u0022\u003E68,84 \u20ac\u003C\/p\u003E\u003C\/td\u003E\u003C\/tr\u003E\u003Ctr\u003E\u003Ctd rowspan=\u00222\u0022\u003E\u003Cp align=\u0022center\u0022\u003EDe 6 \u00e0 19 salari\u00e9s\u003C\/p\u003E\u003C\/td\u003E\u003Ctd valign=\u0022top\u0022\u003E\u003Cp align=\u0022center\u0022\u003EInf\u00e9rieur \u00e0 750\u0026nbsp;000 \u20ac\u003C\/p\u003E\u003C\/td\u003E\u003Ctd\u003E\u003Cp align=\u0022center\u0022\u003E127,07 \u20ac\u003C\/p\u003E\u003C\/td\u003E\u003C\/tr\u003E\u003Ctr\u003E\u003Ctd valign=\u0022top\u0022\u003E\u003Cp align=\u0022center\u0022\u003ESup\u00e9rieur ou \u00e9gal \u00e0 750\u0026nbsp;000 \u20ac\u003C\/p\u003E\u003C\/td\u003E\u003Ctd\u003E\u003Cp align=\u0022center\u0022\u003E243,55 \u20ac\u003C\/p\u003E\u003C\/td\u003E\u003C\/tr\u003E\u003Ctr\u003E\u003Ctd rowspan=\u00222\u0022\u003E\u003Cp align=\u0022center\u0022\u003EDe 20 \u00e0 150 salari\u00e9s\u003C\/p\u003E\u003C\/td\u003E\u003Ctd valign=\u0022top\u0022\u003E\u003Cp align=\u0022center\u0022\u003EInf\u00e9rieur \u00e0 3 000\u0026nbsp;000 \u20ac\u003C\/p\u003E\u003C\/td\u003E\u003Ctd\u003E\u003Cp align=\u0022center\u0022\u003E317,68 \u20ac\u003C\/p\u003E\u003C\/td\u003E\u003C\/tr\u003E\u003Ctr\u003E\u003Ctd valign=\u0022top\u0022\u003E\u003Cp align=\u0022center\u0022\u003ESup\u00e9rieur ou \u00e9gal \u00e0 3 000\u0026nbsp;000 \u20ac\u003C\/p\u003E\u003C\/td\u003E\u003Ctd\u003E\u003Cp align=\u0022center\u0022\u003E402,38 \u20ac\u003C\/p\u003E\u003C\/td\u003E\u003C\/tr\u003E\u003Ctr\u003E\u003Ctd rowspan=\u00223\u0022\u003E\u003Cp align=\u0022center\u0022\u003EPlus de 150 salari\u00e9s\u003C\/p\u003E\u003C\/td\u003E\u003Ctd valign=\u0022top\u0022\u003E\u003Cp align=\u0022center\u0022\u003EInf\u00e9rieur \u00e0 20 000\u0026nbsp;000 \u20ac\u003C\/p\u003E\u003C\/td\u003E\u003Ctd\u003E\u003Cp align=\u0022center\u0022\u003E631,09 \u20ac\u003C\/p\u003E\u003C\/td\u003E\u003C\/tr\u003E\u003Ctr\u003E\u003Ctd valign=\u0022top\u0022\u003E\u003Cp align=\u0022center\u0022\u003ESup\u00e9rieur ou \u00e9gal \u00e0 20 000\u0026nbsp;000 \u20ac et inf\u00e9rieur \u00e0 50 000\u0026nbsp;000 \u20ac\u003C\/p\u003E\u003C\/td\u003E\u003Ctd\u003E\u003Cp align=\u0022center\u0022\u003E722,16 \u20ac\u003C\/p\u003E\u003C\/td\u003E\u003C\/tr\u003E\u003Ctr\u003E\u003Ctd valign=\u0022top\u0022\u003E\u003Cp align=\u0022center\u0022\u003ESup\u00e9rieur ou \u00e9gal \u00e0 50 000\u0026nbsp;000 \u20ac\u003C\/p\u003E\u003C\/td\u003E\u003Ctd\u003E\u003Cp align=\u0022center\u0022\u003E804,74 \u20ac\u003C\/p\u003E\u003C\/td\u003E\u003C\/tr\u003E\u003C\/tbody\u003E\u003C\/table\u003E                                            \u003Cp\u003E\u003Cbr \/\u003E\u003Cstrong\u003ESource :\u003C\/strong\u003E\u003Cstrong\u003E\u00a0\u003C\/strong\u003E\u003C\/p\u003E\u003Cul\u003E\u003Cli\u003E\u003Ca href=\u0022https:\/\/www.legifrance.gouv.fr\/codes\/article_lc\/LEGIARTI000049218580\/2024-03-11\u0022 target=\u0022_blank\u0022 rel=\u0022noopener\u0022\u003EArticles A743-15 du Code de commerce\u003C\/a\u003E\u003C\/li\u003E\u003Cli\u003E\u003Ca href=\u0022https:\/\/www.legifrance.gouv.fr\/codes\/article_lc\/LEGIARTI000049218596\/2024-03-11\u0022 target=\u0022_blank\u0022 rel=\u0022noopener\u0022\u003EArticle A743-17 du Code de commerce\u003C\/a\u003E\u003C\/li\u003E\u003Cli\u003E\u003Ca href=\u0022https:\/\/www.legifrance.gouv.fr\/loda\/id\/LEGIARTI000049214610\/2024-03-01\/\u0022 target=\u0022_blank\u0022 rel=\u0022noopener\u0022\u003EArr\u00eat\u00e9 du 28 f\u00e9vrier 2024 fixant l\u0027objectif de taux de r\u00e9sultat moyen et les tarifs r\u00e8glement\u00e9s des greffiers de tribunaux de commerce\u003C\/a\u003E\u003C\/li\u003E\u003C\/ul\u003E\u003C\/div\u003E","annee":"2025","theme":" Indices, taux, bar\u00e8mes juridiques","activites":["Professionnels du droit et du chiffre"],"image":"https:\/\/www.weblex.fr\/sites\/default\/files\/chiffres_clef\/Shutterstock_greffiersgreffiers.jpg","created":"2026-01-23","modified":"2026-01-23"},{"url":"\/chiffres-cles\/indice-des-prix-des-produits-de-grande-consommation-dans-la-grande-distribution-annee-2025","id":25884,"title":"Indice des prix des produits de grande consommation dans la grande distribution - Ann\u00e9e 2025","content":"\u003Cdiv\u003E                                              \u003Cp\u003EIndice des produits de grande consommation dans la grande distribution (r\u00e9f\u00e9rence 100 en 2015)\u003C\/p\u003E\u003Cp\u003E\u0026nbsp;\u003C\/p\u003E\u003Ctable class=\u0022MsoTableGrid\u0022\u003E\u003Ctbody\u003E\u003Ctr\u003E\u003Ctd\u003E\u003Cp align=\u0022center\u0022\u003E\u003Cstrong\u003EP\u00e9riode\u003C\/strong\u003E\u003C\/p\u003E\u003C\/td\u003E\u003Ctd\u003E\u003Cp align=\u0022center\u0022\u003E\u003Cstrong\u003EIndice\u003C\/strong\u003E\u003C\/p\u003E\u003C\/td\u003E\u003Ctd\u003E\u003Cp align=\u0022center\u0022\u003E\u003Cstrong\u003EVariation mensuelle (en %)\u003C\/strong\u003E\u003C\/p\u003E\u003C\/td\u003E\u003Ctd\u003E\u003Cp align=\u0022center\u0022\u003E\u003Cstrong\u003EVariation sur 1 an (en %)\u003C\/strong\u003E\u003C\/p\u003E\u003C\/td\u003E\u003C\/tr\u003E\u003Ctr\u003E\u003Ctd valign=\u0022top\u0022\u003E\u003Cp\u003EJanvier 2025\u003C\/p\u003E\u003C\/td\u003E\u003Ctd valign=\u0022top\u0022\u003E\u003Cp align=\u0022center\u0022\u003E122,15\u003C\/p\u003E\u003C\/td\u003E\u003Ctd valign=\u0022top\u0022\u003E\u003Cp align=\u0022center\u0022\u003E- 0,1\u0026nbsp;\u003C\/p\u003E\u003C\/td\u003E\u003Ctd valign=\u0022top\u0022\u003E\u003Cp align=\u0022center\u0022\u003E- 0,5\u003C\/p\u003E\u003C\/td\u003E\u003C\/tr\u003E\u003Ctr\u003E\u003Ctd valign=\u0022top\u0022\u003E\u003Cp\u003EF\u00e9vrier 2025\u003C\/p\u003E\u003C\/td\u003E\u003Ctd\u003E\u003Cp align=\u0022center\u0022\u003E122,16\u003C\/p\u003E\u003C\/td\u003E\u003Ctd\u003E\u003Cp align=\u0022center\u0022\u003E+ 0,0\u0026nbsp;\u003C\/p\u003E\u003C\/td\u003E\u003Ctd\u003E\u003Cp align=\u0022center\u0022\u003E- 0,6\u003C\/p\u003E\u003C\/td\u003E\u003C\/tr\u003E\u003Ctr\u003E\u003Ctd valign=\u0022top\u0022\u003E\u003Cp\u003EMars 2025\u003C\/p\u003E\u003C\/td\u003E\u003Ctd\u003E\u003Cp align=\u0022center\u0022\u003E122,20\u003C\/p\u003E\u003C\/td\u003E\u003Ctd\u003E\u003Cp align=\u0022center\u0022\u003E+ 0,0\u0026nbsp;\u003C\/p\u003E\u003C\/td\u003E\u003Ctd\u003E\u003Cp align=\u0022center\u0022\u003E- 0,7\u003C\/p\u003E\u003C\/td\u003E\u003C\/tr\u003E\u003Ctr\u003E\u003Ctd valign=\u0022top\u0022\u003E\u003Cp\u003EAvril 2025\u003C\/p\u003E\u003C\/td\u003E\u003Ctd\u003E\u003Cp align=\u0022center\u0022\u003E123,12\u003C\/p\u003E\u003C\/td\u003E\u003Ctd\u003E\u003Cp align=\u0022center\u0022\u003E+ 0,7\u003C\/p\u003E\u003C\/td\u003E\u003Ctd\u003E\u003Cp align=\u0022center\u0022\u003E+ 0,1\u003C\/p\u003E\u003C\/td\u003E\u003C\/tr\u003E\u003Ctr\u003E\u003Ctd valign=\u0022top\u0022\u003E\u003Cp\u003EMai 2025\u003C\/p\u003E\u003C\/td\u003E\u003Ctd\u003E\u003Cp align=\u0022center\u0022\u003E123,62\u003C\/p\u003E\u003C\/td\u003E\u003Ctd\u003E\u003Cp align=\u0022center\u0022\u003E+ 0,4\u003C\/p\u003E\u003C\/td\u003E\u003Ctd\u003E\u003Cp align=\u0022center\u0022\u003E+ 0,5\u003C\/p\u003E\u003C\/td\u003E\u003C\/tr\u003E\u003Ctr\u003E\u003Ctd valign=\u0022top\u0022\u003E\u003Cp\u003EJuin 2025\u003C\/p\u003E\u003C\/td\u003E\u003Ctd\u003E\u003Cp align=\u0022center\u0022\u003E123,61\u003C\/p\u003E\u003C\/td\u003E\u003Ctd\u003E\u003Cp align=\u0022center\u0022\u003E+ 0,0\u0026nbsp;\u003C\/p\u003E\u003C\/td\u003E\u003Ctd\u003E\u003Cp align=\u0022center\u0022\u003E+ 0,5\u003C\/p\u003E\u003C\/td\u003E\u003C\/tr\u003E\u003Ctr\u003E\u003Ctd valign=\u0022top\u0022\u003E\u003Cp\u003EJuillet 2025\u003C\/p\u003E\u003C\/td\u003E\u003Ctd\u003E\u003Cp align=\u0022center\u0022\u003E123,69\u003C\/p\u003E\u003C\/td\u003E\u003Ctd\u003E\u003Cp align=\u0022center\u0022\u003E+ 0,1\u003C\/p\u003E\u003C\/td\u003E\u003Ctd\u003E\u003Cp align=\u0022center\u0022\u003E+ 0,8\u003C\/p\u003E\u003C\/td\u003E\u003C\/tr\u003E\u003Ctr\u003E\u003Ctd valign=\u0022top\u0022\u003E\u003Cp\u003EAo\u00fbt 2025\u003C\/p\u003E\u003C\/td\u003E\u003Ctd valign=\u0022top\u0022\u003E\u003Cp align=\u0022center\u0022\u003E124,07\u003C\/p\u003E\u003C\/td\u003E\u003Ctd valign=\u0022top\u0022\u003E\u003Cp align=\u0022center\u0022\u003E+ 0,3\u003C\/p\u003E\u003C\/td\u003E\u003Ctd valign=\u0022top\u0022\u003E\u003Cp align=\u0022center\u0022\u003E+ 0,9\u003C\/p\u003E\u003C\/td\u003E\u003C\/tr\u003E\u003Ctr\u003E\u003Ctd valign=\u0022top\u0022\u003E\u003Cp\u003ESeptembre 2025\u003C\/p\u003E\u003C\/td\u003E\u003Ctd valign=\u0022top\u0022\u003E\u003Cp align=\u0022center\u0022\u003E123,80\u003C\/p\u003E\u003C\/td\u003E\u003Ctd valign=\u0022top\u0022\u003E\u003Cp align=\u0022center\u0022\u003E- 0,2\u0026nbsp;\u003C\/p\u003E\u003C\/td\u003E\u003Ctd valign=\u0022top\u0022\u003E\u003Cp align=\u0022center\u0022\u003E+ 1,2\u003C\/p\u003E\u003C\/td\u003E\u003C\/tr\u003E\u003Ctr\u003E\u003Ctd valign=\u0022top\u0022\u003E\u003Cp\u003EOctobre 2025\u003C\/p\u003E\u003C\/td\u003E\u003Ctd valign=\u0022top\u0022\u003E\u003Cp align=\u0022center\u0022\u003E123,64\u003C\/p\u003E\u003C\/td\u003E\u003Ctd valign=\u0022top\u0022\u003E\u003Cp align=\u0022center\u0022\u003E- 0,1\u0026nbsp;\u003C\/p\u003E\u003C\/td\u003E\u003Ctd valign=\u0022top\u0022\u003E\u003Cp align=\u0022center\u0022\u003E+ 1,1\u003C\/p\u003E\u003C\/td\u003E\u003C\/tr\u003E\u003Ctr\u003E\u003Ctd valign=\u0022top\u0022\u003E\u003Cp\u003ENovembre 2025\u003C\/p\u003E\u003C\/td\u003E\u003Ctd valign=\u0022top\u0022\u003E\u003Cp align=\u0022center\u0022\u003E124,03\u003C\/p\u003E\u003C\/td\u003E\u003Ctd valign=\u0022top\u0022\u003E\u003Cp align=\u0022center\u0022\u003E+ 0,3\u003C\/p\u003E\u003C\/td\u003E\u003Ctd valign=\u0022top\u0022\u003E\u003Cp align=\u0022center\u0022\u003E+ 1,3\u003C\/p\u003E\u003C\/td\u003E\u003C\/tr\u003E\u003Ctr\u003E\u003Ctd valign=\u0022top\u0022\u003E\u003Cp\u003ED\u00e9cembre 2025\u003C\/p\u003E\u003C\/td\u003E\u003Ctd valign=\u0022top\u0022\u003E\u003Cp align=\u0022center\u0022\u003E124,00\u003C\/p\u003E\u003C\/td\u003E\u003Ctd valign=\u0022top\u0022\u003E\u003Cp align=\u0022center\u0022\u003E+ 0,0\u003C\/p\u003E\u003C\/td\u003E\u003Ctd valign=\u0022top\u0022\u003E\u003Cp align=\u0022center\u0022\u003E+ 1,4\u003C\/p\u003E\u003C\/td\u003E\u003C\/tr\u003E\u003C\/tbody\u003E\u003C\/table\u003E                                            \u003Cp\u003E\u003Cbr \/\u003E\u003Cstrong\u003ESource :\u003C\/strong\u003E\u003Cstrong\u003E\u00a0\u003C\/strong\u003E\u003C\/p\u003E\u003Cul\u003E\u003Cli\u003E\u003Ca href=\u0022https:\/\/www.insee.fr\/fr\/statistiques\/8725142\u0022 target=\u0022_blank\u0022 rel=\u0022noopener\u0022\u003EIndice des prix dans la grande distribution \u2013 D\u00e9cembre 2025 (insee.fr)\u003C\/a\u003E\u003C\/li\u003E\u003C\/ul\u003E\u003C\/div\u003E","annee":"2025","theme":" Indices, taux, bar\u00e8mes juridiques","activites":["Distributeur \/ Grossiste"],"image":"https:\/\/www.weblex.fr\/sites\/default\/files\/chiffres_clef\/Shutterstock_indicedegrandeconsommationmagasin.jpg","created":"2026-01-23","modified":"2026-03-02"},{"url":"\/chiffres-cles\/tarifs-des-huissiers-de-justice-suspension-de-poursuites-et-difficultes-d-assignation-2025","id":27669,"title":"Tarifs des Huissiers de justice \u2013 Suspension de poursuites et difficult\u00e9s d\u2019assignation - 2025","content":"\u003Cdiv\u003E                                              \u003Cp align=\u0022center\u0022\u003E\u003Cstrong\u003EDu 1er mars 2024 au 28 f\u00e9vrier 2026\u003C\/strong\u003E\u003C\/p\u003E\u003Cp\u003ELes prestations mentionn\u00e9es ci-dessous donnent lieu \u00e0 la perception des \u00e9moluments suivants :\u003C\/p\u003E\u003Ctable class=\u0022MsoTableGrid\u0022\u003E\u003Ctbody\u003E\u003Ctr\u003E\u003Ctd\u003E\u003Cp align=\u0022center\u0022\u003E\u003Cstrong\u003ED\u00c9SIGNATION DE LA PRESTATION\u003C\/strong\u003E\u003C\/p\u003E\u003C\/td\u003E\u003Ctd\u003E\u003Cp align=\u0022center\u0022\u003E\u003Cstrong\u003E\u00c9MOLUMENT\u003C\/strong\u003E\u003C\/p\u003E\u003C\/td\u003E\u003C\/tr\u003E\u003Ctr\u003E\u003Ctd valign=\u0022top\u0022\u003E\u003Cp align=\u0022center\u0022\u003EActe de tentative d\u0027ex\u00e9cution, notamment en l\u0027absence de l\u0027occupant du local ou si ce dernier en refuse l\u0027acc\u00e8s\u003C\/p\u003E\u003C\/td\u003E\u003Ctd\u003E\u003Cp align=\u0022center\u0022\u003E20,43 \u20ac\u003C\/p\u003E\u003C\/td\u003E\u003C\/tr\u003E\u003Ctr\u003E\u003Ctd valign=\u0022top\u0022\u003E\u003Cp align=\u0022center\u0022\u003EActe attestant la d\u00e9couverte de la nouvelle adresse du destinataire hors du ressort de comp\u00e9tence de l\u0027huissier de justice\u003C\/p\u003E\u003C\/td\u003E\u003Ctd\u003E\u003Cp align=\u0022center\u0022\u003E20,43 \u20ac\u003C\/p\u003E\u003C\/td\u003E\u003C\/tr\u003E\u003Ctr\u003E\u003Ctd valign=\u0022top\u0022\u003E\u003Cp align=\u0022center\u0022\u003EActe constatant une difficult\u00e9 d\u0027ex\u00e9cution, notamment en cas d\u0027appel interjet\u00e9 par le d\u00e9biteur\u003C\/p\u003E\u003C\/td\u003E\u003Ctd\u003E\u003Cp align=\u0022center\u0022\u003E20,43 \u20ac\u003C\/p\u003E\u003C\/td\u003E\u003C\/tr\u003E\u003Ctr\u003E\u003Ctd valign=\u0022top\u0022\u003E\u003Cp align=\u0022center\u0022\u003EActe constatant une suspension d\u0027ex\u00e9cution ou une recherche infructueuse\u003C\/p\u003E\u003C\/td\u003E\u003Ctd\u003E\u003Cp align=\u0022center\u0022\u003E15,04 \u20ac\u003C\/p\u003E\u003C\/td\u003E\u003C\/tr\u003E\u003C\/tbody\u003E\u003C\/table\u003E                                            \u003Cp\u003E\u003Cbr \/\u003E\u003Cstrong\u003ESource :\u003C\/strong\u003E\u003Cstrong\u003E\u00a0\u003C\/strong\u003E\u003C\/p\u003E\u003Cul\u003E\u003Cli\u003E\u003Ca href=\u0022https:\/\/www.legifrance.gouv.fr\/codes\/section_lc\/LEGITEXT000005634379\/LEGISCTA000032127790?idSecParent=LEGISCTA000032127746\u0026amp;anchor=LEGISCTA000032127790#LEGISCTA000032127790\u0022 target=\u0022_blank\u0022 rel=\u0022noopener\u0022\u003EArticle A 444-23 du Code de commerce\u003C\/a\u003E\u003C\/li\u003E\u003Cli\u003E\u003Ca href=\u0022https:\/\/www.legifrance.gouv.fr\/loda\/id\/LEGIARTI000049214996\/2024-03-01\/\u0022 target=\u0022_blank\u0022 rel=\u0022noopener\u0022\u003EArr\u00eat\u00e9 du 28 f\u00e9vrier 2024 fixant l\u0027objectif de taux de r\u00e9sultat moyen et les tarifs r\u00e9glement\u00e9s des huissiers de justice et commissaires-priseurs judiciaires\u003C\/a\u003E\u003C\/li\u003E\u003C\/ul\u003E\u003C\/div\u003E","annee":"2025","theme":" Indices, taux, bar\u00e8mes juridiques","activites":["Professionnels du droit et du chiffre"],"image":"https:\/\/www.weblex.fr\/sites\/default\/files\/chiffres_clef\/Shutterstock_suspensionpoursuitehuissier.jpg","created":"2026-01-23","modified":"2026-01-23"},{"url":"\/chiffres-cles\/tarifs-des-notaires-actes-relatifs-principalement-aux-baux-et-a-la-gestion-des-biens-immobiliers-et-fonciers-2025","id":27659,"title":"Tarifs des Notaires \u2013 Actes relatifs principalement aux baux et \u00e0 la gestion des biens immobiliers et fonciers - 2025","content":"\u003Cdiv\u003E                                              \u003Cp\u003E\u003Cstrong\u003ELes baux de gr\u00e9 \u00e0 gr\u00e9 et les sous-baux donnent lieu, \u00e0 la perception\u202f:\u0026nbsp;\u003C\/strong\u003E\u003C\/p\u003E\u003Cul\u003E\u003Cli\u003Es\u0027il s\u0027agit d\u0027un bail d\u0027habitation ou professionnel et d\u0027habitation, sans pr\u00e9judice des honoraires \u00e9ventuellement per\u00e7us, d\u0027un \u00e9molument \u00e9gal \u00e0 un demi-mois de loyer\u202f;\u003C\/li\u003E\u003Cli\u003Es\u0027il s\u0027agit d\u0027un bail \u00e0 ferme, \u00e0 nourriture, \u00e0 m\u00e9tayage\u202f:\u003Cul\u003E\u003Cli\u003Epour le 1er bail, d\u0027un \u00e9molument proportionnel au montant cumul\u00e9 des loyers des 3 premi\u00e8res ann\u00e9es augment\u00e9s des charges, et de la moiti\u00e9 des loyers des ann\u00e9es suivantes augment\u00e9s des charges, selon le bar\u00e8me\u202f:\u003C\/li\u003E\u003C\/ul\u003E\u003C\/li\u003E\u003C\/ul\u003E\u003Ctable aria-rowcount=\u00225\u0022 border=\u00221\u0022 data-tablelook=\u00221184\u0022 data-tablestyle=\u0022MsoTableGrid\u0022\u003E\u003Ctbody\u003E\u003Ctr aria-rowindex=\u00221\u0022 role=\u0022row\u0022\u003E\u003Ctd data-celllook=\u00220\u0022 role=\u0022rowheader\u0022\u003E\u003Cp paraeid=\u0022{97bdc118-0af2-4a95-88f8-caaffa596f82}{4}\u0022 paraid=\u0022137767395\u0022\u003ETRANCHES D\u2019ASSIETTE\u0026nbsp;\u003C\/p\u003E\u003C\/td\u003E\u003Ctd data-celllook=\u00220\u0022 role=\u0022columnheader\u0022\u003E\u003Cp paraeid=\u0022{97bdc118-0af2-4a95-88f8-caaffa596f82}{15}\u0022 paraid=\u0022137767396\u0022\u003ETAUX APPLICABLE\u0026nbsp;\u003C\/p\u003E\u003C\/td\u003E\u003C\/tr\u003E\u003Ctr aria-rowindex=\u00222\u0022 role=\u0022row\u0022\u003E\u003Ctd data-celllook=\u00220\u0022 role=\u0022rowheader\u0022\u003E\u003Cp paraeid=\u0022{97bdc118-0af2-4a95-88f8-caaffa596f82}{23}\u0022 paraid=\u0022137767398\u0022\u003EDe 0 \u00e0 6\u202f500 \u20ac\u0026nbsp;\u003C\/p\u003E\u003C\/td\u003E\u003Ctd data-celllook=\u00220\u0022\u003E\u003Cp paraeid=\u0022{97bdc118-0af2-4a95-88f8-caaffa596f82}{30}\u0022 paraid=\u0022137767399\u0022\u003E1,645 %\u0026nbsp;\u003C\/p\u003E\u003C\/td\u003E\u003C\/tr\u003E\u003Ctr aria-rowindex=\u00223\u0022 role=\u0022row\u0022\u003E\u003Ctd data-celllook=\u00220\u0022 role=\u0022rowheader\u0022\u003E\u003Cp paraeid=\u0022{97bdc118-0af2-4a95-88f8-caaffa596f82}{42}\u0022 paraid=\u0022137767401\u0022\u003EDe 6\u202f500 \u20ac \u00e0 17\u202f000 \u20ac\u0026nbsp;\u003C\/p\u003E\u003C\/td\u003E\u003Ctd data-celllook=\u00220\u0022\u003E\u003Cp paraeid=\u0022{97bdc118-0af2-4a95-88f8-caaffa596f82}{49}\u0022 paraid=\u0022137767402\u0022\u003E0,905 %\u0026nbsp;\u003C\/p\u003E\u003C\/td\u003E\u003C\/tr\u003E\u003Ctr aria-rowindex=\u00224\u0022 role=\u0022row\u0022\u003E\u003Ctd data-celllook=\u00220\u0022 role=\u0022rowheader\u0022\u003E\u003Cp paraeid=\u0022{97bdc118-0af2-4a95-88f8-caaffa596f82}{61}\u0022 paraid=\u0022137767404\u0022\u003EDe 17\u202f000 \u20ac \u00e0 30\u202f000 \u20ac\u0026nbsp;\u003C\/p\u003E\u003C\/td\u003E\u003Ctd data-celllook=\u00220\u0022\u003E\u003Cp paraeid=\u0022{97bdc118-0af2-4a95-88f8-caaffa596f82}{70}\u0022 paraid=\u0022137767405\u0022\u003E0,617 %\u0026nbsp;\u003C\/p\u003E\u003C\/td\u003E\u003C\/tr\u003E\u003Ctr aria-rowindex=\u00225\u0022 role=\u0022row\u0022\u003E\u003Ctd data-celllook=\u00220\u0022 role=\u0022rowheader\u0022\u003E\u003Cp paraeid=\u0022{97bdc118-0af2-4a95-88f8-caaffa596f82}{82}\u0022 paraid=\u0022137767407\u0022\u003EPlus de 30\u202f000 \u20ac\u0026nbsp;\u003C\/p\u003E\u003C\/td\u003E\u003Ctd data-celllook=\u00220\u0022\u003E\u003Cp paraeid=\u0022{97bdc118-0af2-4a95-88f8-caaffa596f82}{91}\u0022 paraid=\u0022137767408\u0022\u003E0,452 %\u0026nbsp;\u003C\/p\u003E\u003C\/td\u003E\u003C\/tr\u003E\u003C\/tbody\u003E\u003C\/table\u003E\u003Cul\u003E\u003Cli\u003E\u0026nbsp;\u003Cul\u003E\u003Cli\u003Epour le renouvellement ou la prorogation du bail mentionn\u00e9 ci-dessus, d\u0027un \u00e9molument fixe de 56,60 \u20ac\u202f;\u003C\/li\u003E\u003Cli\u003Epour le bail \u00e0 long terme, d\u0027un \u00e9molument proportionnel au montant total des loyers dus pour la dur\u00e9e du bail augment\u00e9s des charges, selon le bar\u00e8me pr\u00e9vu au ci-dessus\u202f;\u003C\/li\u003E\u003Cli\u003Epour l\u0027\u00e9tablissement du bail cessible en dehors du cadre familial, d\u0027un \u00e9molument proportionnel au montant total des loyers dus pour la dur\u00e9e du bail augment\u00e9s des charges, selon le bar\u00e8me pr\u00e9vu ci-dessus\u202f;\u003C\/li\u003E\u003Cli\u003Epour la cession du bail mentionn\u00e9 ci-dessus, d\u0027un \u00e9molument proportionnel au prix de cession, selon le bar\u00e8me suivant\u202f:\u0026nbsp;\u003C\/li\u003E\u003C\/ul\u003E\u003C\/li\u003E\u003C\/ul\u003E\u003Ctable aria-rowcount=\u00225\u0022 border=\u00221\u0022 data-tablelook=\u00221184\u0022 data-tablestyle=\u0022MsoTableGrid\u0022\u003E\u003Ctbody\u003E\u003Ctr aria-rowindex=\u00221\u0022 role=\u0022row\u0022\u003E\u003Ctd data-celllook=\u00220\u0022 role=\u0022rowheader\u0022\u003E\u003Cp paraeid=\u0022{97bdc118-0af2-4a95-88f8-caaffa596f82}{161}\u0022 paraid=\u0022137767414\u0022\u003ETRANCHES D\u2019ASSIETTE\u0026nbsp;\u003C\/p\u003E\u003C\/td\u003E\u003Ctd data-celllook=\u00220\u0022 role=\u0022columnheader\u0022\u003E\u003Cp paraeid=\u0022{97bdc118-0af2-4a95-88f8-caaffa596f82}{172}\u0022 paraid=\u0022137767415\u0022\u003ETAUX APPLICABLE\u0026nbsp;\u003C\/p\u003E\u003C\/td\u003E\u003C\/tr\u003E\u003Ctr aria-rowindex=\u00222\u0022 role=\u0022row\u0022\u003E\u003Ctd data-celllook=\u00220\u0022 role=\u0022rowheader\u0022\u003E\u003Cp paraeid=\u0022{97bdc118-0af2-4a95-88f8-caaffa596f82}{180}\u0022 paraid=\u0022137767417\u0022\u003EDe 0 \u00e0 6\u202f500 \u20ac\u0026nbsp;\u003C\/p\u003E\u003C\/td\u003E\u003Ctd data-celllook=\u00220\u0022\u003E\u003Cp paraeid=\u0022{97bdc118-0af2-4a95-88f8-caaffa596f82}{187}\u0022 paraid=\u0022137767418\u0022\u003E3,870 %\u0026nbsp;\u003C\/p\u003E\u003C\/td\u003E\u003C\/tr\u003E\u003Ctr aria-rowindex=\u00223\u0022 role=\u0022row\u0022\u003E\u003Ctd data-celllook=\u00220\u0022 role=\u0022rowheader\u0022\u003E\u003Cp paraeid=\u0022{97bdc118-0af2-4a95-88f8-caaffa596f82}{199}\u0022 paraid=\u0022137767420\u0022\u003EDe 6\u202f500 \u20ac \u00e0 17\u202f000 \u20ac\u0026nbsp;\u003C\/p\u003E\u003C\/td\u003E\u003Ctd data-celllook=\u00220\u0022\u003E\u003Cp paraeid=\u0022{97bdc118-0af2-4a95-88f8-caaffa596f82}{206}\u0022 paraid=\u0022137767421\u0022\u003E1,596 %\u0026nbsp;\u003C\/p\u003E\u003C\/td\u003E\u003C\/tr\u003E\u003Ctr aria-rowindex=\u00224\u0022 role=\u0022row\u0022\u003E\u003Ctd data-celllook=\u00220\u0022 role=\u0022rowheader\u0022\u003E\u003Cp paraeid=\u0022{97bdc118-0af2-4a95-88f8-caaffa596f82}{218}\u0022 paraid=\u0022137767423\u0022\u003EDe 17\u202f000 \u20ac \u00e0 60\u202f000 \u20ac\u0026nbsp;\u003C\/p\u003E\u003C\/td\u003E\u003Ctd data-celllook=\u00220\u0022\u003E\u003Cp paraeid=\u0022{97bdc118-0af2-4a95-88f8-caaffa596f82}{227}\u0022 paraid=\u0022137767424\u0022\u003E1,064 %\u0026nbsp;\u003C\/p\u003E\u003C\/td\u003E\u003C\/tr\u003E\u003Ctr aria-rowindex=\u00225\u0022 role=\u0022row\u0022\u003E\u003Ctd data-celllook=\u00220\u0022 role=\u0022rowheader\u0022\u003E\u003Cp paraeid=\u0022{97bdc118-0af2-4a95-88f8-caaffa596f82}{239}\u0022 paraid=\u0022137767426\u0022\u003EPlus de 60\u202f000 \u20ac\u0026nbsp;\u003C\/p\u003E\u003C\/td\u003E\u003Ctd data-celllook=\u00220\u0022\u003E\u003Cp paraeid=\u0022{97bdc118-0af2-4a95-88f8-caaffa596f82}{248}\u0022 paraid=\u0022137767427\u0022\u003E0,799 %\u0026nbsp;\u003C\/p\u003E\u003C\/td\u003E\u003C\/tr\u003E\u003C\/tbody\u003E\u003C\/table\u003E\u003Cp\u003E\u003Cstrong\u003EPour le bail \u00e0 cheptel, d\u0027un \u00e9molument proportionnel \u00e0 la somme servant de base \u00e0 la perception des droits d\u0027enregistrement ou, \u00e0 d\u00e9faut, \u00e0 l\u0027\u00e9valuation des parties, selon le bar\u00e8me suivant :\u0026nbsp;\u003C\/strong\u003E\u003C\/p\u003E\u003Ctable aria-rowcount=\u00225\u0022 border=\u00221\u0022 data-tablelook=\u00221184\u0022 data-tablestyle=\u0022MsoTableGrid\u0022\u003E\u003Ctbody\u003E\u003Ctr aria-rowindex=\u00221\u0022 role=\u0022row\u0022\u003E\u003Ctd data-celllook=\u00220\u0022 role=\u0022rowheader\u0022\u003E\u003Cp paraeid=\u0022{9f7d9b04-6dcd-4de1-8aa7-daa30d5ea77b}{15}\u0022 paraid=\u0022137767430\u0022\u003ETRANCHES D\u2019ASSIETTE\u0026nbsp;\u003C\/p\u003E\u003C\/td\u003E\u003Ctd data-celllook=\u00220\u0022 role=\u0022columnheader\u0022\u003E\u003Cp paraeid=\u0022{9f7d9b04-6dcd-4de1-8aa7-daa30d5ea77b}{26}\u0022 paraid=\u0022137767431\u0022\u003ETAUX APPLICABLE\u0026nbsp;\u003C\/p\u003E\u003C\/td\u003E\u003C\/tr\u003E\u003Ctr aria-rowindex=\u00222\u0022 role=\u0022row\u0022\u003E\u003Ctd data-celllook=\u00220\u0022 role=\u0022rowheader\u0022\u003E\u003Cp paraeid=\u0022{9f7d9b04-6dcd-4de1-8aa7-daa30d5ea77b}{34}\u0022 paraid=\u0022137767433\u0022\u003EDe 0 \u00e0 6\u202f500 \u20ac\u0026nbsp;\u003C\/p\u003E\u003C\/td\u003E\u003Ctd data-celllook=\u00220\u0022\u003E\u003Cp paraeid=\u0022{9f7d9b04-6dcd-4de1-8aa7-daa30d5ea77b}{41}\u0022 paraid=\u0022137767434\u0022\u003E3,289 %\u0026nbsp;\u003C\/p\u003E\u003C\/td\u003E\u003C\/tr\u003E\u003Ctr aria-rowindex=\u00223\u0022 role=\u0022row\u0022\u003E\u003Ctd data-celllook=\u00220\u0022 role=\u0022rowheader\u0022\u003E\u003Cp paraeid=\u0022{9f7d9b04-6dcd-4de1-8aa7-daa30d5ea77b}{53}\u0022 paraid=\u0022137767436\u0022\u003EDe 6\u202f500 \u20ac \u00e0 17\u202f000 \u20ac\u0026nbsp;\u003C\/p\u003E\u003C\/td\u003E\u003Ctd data-celllook=\u00220\u0022\u003E\u003Cp paraeid=\u0022{9f7d9b04-6dcd-4de1-8aa7-daa30d5ea77b}{60}\u0022 paraid=\u0022137767437\u0022\u003E1,809 %\u0026nbsp;\u003C\/p\u003E\u003C\/td\u003E\u003C\/tr\u003E\u003Ctr aria-rowindex=\u00224\u0022 role=\u0022row\u0022\u003E\u003Ctd data-celllook=\u00220\u0022 role=\u0022rowheader\u0022\u003E\u003Cp paraeid=\u0022{9f7d9b04-6dcd-4de1-8aa7-daa30d5ea77b}{72}\u0022 paraid=\u0022137767439\u0022\u003EDe 17\u202f000 \u20ac \u00e0 30\u202f000 \u20ac\u0026nbsp;\u003C\/p\u003E\u003C\/td\u003E\u003Ctd data-celllook=\u00220\u0022\u003E\u003Cp paraeid=\u0022{9f7d9b04-6dcd-4de1-8aa7-daa30d5ea77b}{81}\u0022 paraid=\u0022137767440\u0022\u003E1,234 %\u0026nbsp;\u003C\/p\u003E\u003C\/td\u003E\u003C\/tr\u003E\u003Ctr aria-rowindex=\u00225\u0022 role=\u0022row\u0022\u003E\u003Ctd data-celllook=\u00220\u0022 role=\u0022rowheader\u0022\u003E\u003Cp paraeid=\u0022{9f7d9b04-6dcd-4de1-8aa7-daa30d5ea77b}{93}\u0022 paraid=\u0022137767442\u0022\u003EPlus de 30\u202f000 \u20ac\u0026nbsp;\u003C\/p\u003E\u003C\/td\u003E\u003Ctd data-celllook=\u00220\u0022\u003E\u003Cp paraeid=\u0022{9f7d9b04-6dcd-4de1-8aa7-daa30d5ea77b}{102}\u0022 paraid=\u0022137767443\u0022\u003E0,905 %\u0026nbsp;\u003C\/p\u003E\u003C\/td\u003E\u003C\/tr\u003E\u003C\/tbody\u003E\u003C\/table\u003E\u003Cp\u003E\u003Cstrong\u003EPour le bail \u00e0 vie, \u00e0 dur\u00e9e illimit\u00e9e ou emphyt\u00e9otique, d\u0027un \u00e9molument proportionnel \u00e0 la somme retenue pour les besoins de la publicit\u00e9 fonci\u00e8re, selon le bar\u00e8me suivant : \u0026nbsp;\u003C\/strong\u003E\u003C\/p\u003E\u003Ctable aria-rowcount=\u00225\u0022 border=\u00221\u0022 data-tablelook=\u00221184\u0022 data-tablestyle=\u0022MsoTableGrid\u0022\u003E\u003Ctbody\u003E\u003Ctr aria-rowindex=\u00221\u0022 role=\u0022row\u0022\u003E\u003Ctd data-celllook=\u00220\u0022 role=\u0022rowheader\u0022\u003E\u003Cp paraeid=\u0022{9f7d9b04-6dcd-4de1-8aa7-daa30d5ea77b}{124}\u0022 paraid=\u0022137767446\u0022\u003ETRANCHES D\u2019ASSIETTE\u0026nbsp;\u003C\/p\u003E\u003C\/td\u003E\u003Ctd data-celllook=\u00220\u0022 role=\u0022columnheader\u0022\u003E\u003Cp paraeid=\u0022{9f7d9b04-6dcd-4de1-8aa7-daa30d5ea77b}{135}\u0022 paraid=\u0022137767447\u0022\u003ETAUX APPLICABLE\u0026nbsp;\u003C\/p\u003E\u003C\/td\u003E\u003C\/tr\u003E\u003Ctr aria-rowindex=\u00222\u0022 role=\u0022row\u0022\u003E\u003Ctd data-celllook=\u00220\u0022 role=\u0022rowheader\u0022\u003E\u003Cp paraeid=\u0022{9f7d9b04-6dcd-4de1-8aa7-daa30d5ea77b}{143}\u0022 paraid=\u0022137767449\u0022\u003EDe 0 \u00e0 6\u202f500 \u20ac\u0026nbsp;\u003C\/p\u003E\u003C\/td\u003E\u003Ctd data-celllook=\u00220\u0022\u003E\u003Cp paraeid=\u0022{9f7d9b04-6dcd-4de1-8aa7-daa30d5ea77b}{150}\u0022 paraid=\u0022137767450\u0022\u003E3,289 %\u0026nbsp;\u003C\/p\u003E\u003C\/td\u003E\u003C\/tr\u003E\u003Ctr aria-rowindex=\u00223\u0022 role=\u0022row\u0022\u003E\u003Ctd data-celllook=\u00220\u0022 role=\u0022rowheader\u0022\u003E\u003Cp paraeid=\u0022{9f7d9b04-6dcd-4de1-8aa7-daa30d5ea77b}{162}\u0022 paraid=\u0022137767452\u0022\u003EDe 6\u202f500 \u20ac \u00e0 17\u202f000 \u20ac\u0026nbsp;\u003C\/p\u003E\u003C\/td\u003E\u003Ctd data-celllook=\u00220\u0022\u003E\u003Cp paraeid=\u0022{9f7d9b04-6dcd-4de1-8aa7-daa30d5ea77b}{169}\u0022 paraid=\u0022137767453\u0022\u003E1,809 %\u0026nbsp;\u003C\/p\u003E\u003C\/td\u003E\u003C\/tr\u003E\u003Ctr aria-rowindex=\u00224\u0022 role=\u0022row\u0022\u003E\u003Ctd data-celllook=\u00220\u0022 role=\u0022rowheader\u0022\u003E\u003Cp paraeid=\u0022{9f7d9b04-6dcd-4de1-8aa7-daa30d5ea77b}{181}\u0022 paraid=\u0022137767455\u0022\u003EDe 17\u202f000 \u20ac \u00e0 30\u202f000 \u20ac\u0026nbsp;\u003C\/p\u003E\u003C\/td\u003E\u003Ctd data-celllook=\u00220\u0022\u003E\u003Cp paraeid=\u0022{9f7d9b04-6dcd-4de1-8aa7-daa30d5ea77b}{190}\u0022 paraid=\u0022137767456\u0022\u003E1,234 %\u0026nbsp;\u003C\/p\u003E\u003C\/td\u003E\u003C\/tr\u003E\u003Ctr aria-rowindex=\u00225\u0022 role=\u0022row\u0022\u003E\u003Ctd data-celllook=\u00220\u0022 role=\u0022rowheader\u0022\u003E\u003Cp paraeid=\u0022{9f7d9b04-6dcd-4de1-8aa7-daa30d5ea77b}{202}\u0022 paraid=\u0022137767458\u0022\u003EPlus de 30\u202f000 \u20ac\u0026nbsp;\u003C\/p\u003E\u003C\/td\u003E\u003Ctd data-celllook=\u00220\u0022\u003E\u003Cp paraeid=\u0022{9f7d9b04-6dcd-4de1-8aa7-daa30d5ea77b}{211}\u0022 paraid=\u0022137767459\u0022\u003E0,905 %\u0026nbsp;\u003C\/p\u003E\u003C\/td\u003E\u003C\/tr\u003E\u003C\/tbody\u003E\u003C\/table\u003E\u003Cp\u003E\u003Cstrong\u003ELes baux \u00e0 construction ou \u00e0 r\u00e9habilitation donnent lieu \u00e0 la perception d\u0027un \u00e9molument compos\u00e9\u202f:\u0026nbsp;\u003C\/strong\u003E\u003C\/p\u003E\u003Cul\u003E\u003Cli\u003Ed\u0027une composante proportionnelle aux versements effectu\u00e9s \u00e0 quelque titre que ce soit pendant les 5 premi\u00e8res ann\u00e9es du bail (\u00e0 l\u0027exclusion des charges d\u0027entretien et de r\u00e9parations), augment\u00e9s de la valeur des constructions et droits sociaux remis pendant la m\u00eame p\u00e9riode, selon le bar\u00e8me suivant\u202f:\u0026nbsp;\u003C\/li\u003E\u003C\/ul\u003E\u003Ctable aria-rowcount=\u00225\u0022 border=\u00221\u0022 data-tablelook=\u00221184\u0022 data-tablestyle=\u0022MsoTableGrid\u0022\u003E\u003Ctbody\u003E\u003Ctr aria-rowindex=\u00221\u0022 role=\u0022row\u0022\u003E\u003Ctd data-celllook=\u00220\u0022 role=\u0022rowheader\u0022\u003E\u003Cp paraeid=\u0022{9f7d9b04-6dcd-4de1-8aa7-daa30d5ea77b}{248}\u0022 paraid=\u0022137767463\u0022\u003ETRANCHES D\u2019ASSIETTE\u0026nbsp;\u003C\/p\u003E\u003C\/td\u003E\u003Ctd data-celllook=\u00220\u0022 role=\u0022columnheader\u0022\u003E\u003Cp paraeid=\u0022{2a05bdc3-2468-4886-be6f-3b32767cf006}{4}\u0022 paraid=\u0022137767464\u0022\u003ETAUX APPLICABLE\u0026nbsp;\u003C\/p\u003E\u003C\/td\u003E\u003C\/tr\u003E\u003Ctr aria-rowindex=\u00222\u0022 role=\u0022row\u0022\u003E\u003Ctd data-celllook=\u00220\u0022 role=\u0022rowheader\u0022\u003E\u003Cp paraeid=\u0022{2a05bdc3-2468-4886-be6f-3b32767cf006}{12}\u0022 paraid=\u0022137767466\u0022\u003EDe 0 \u00e0 6\u202f500 \u20ac\u0026nbsp;\u003C\/p\u003E\u003C\/td\u003E\u003Ctd data-celllook=\u00220\u0022\u003E\u003Cp paraeid=\u0022{2a05bdc3-2468-4886-be6f-3b32767cf006}{19}\u0022 paraid=\u0022137767467\u0022\u003E3,289 %\u0026nbsp;\u003C\/p\u003E\u003C\/td\u003E\u003C\/tr\u003E\u003Ctr aria-rowindex=\u00223\u0022 role=\u0022row\u0022\u003E\u003Ctd data-celllook=\u00220\u0022 role=\u0022rowheader\u0022\u003E\u003Cp paraeid=\u0022{2a05bdc3-2468-4886-be6f-3b32767cf006}{31}\u0022 paraid=\u0022137767469\u0022\u003EDe 6\u202f500 \u20ac \u00e0 17\u202f000 \u20ac\u0026nbsp;\u003C\/p\u003E\u003C\/td\u003E\u003Ctd data-celllook=\u00220\u0022\u003E\u003Cp paraeid=\u0022{2a05bdc3-2468-4886-be6f-3b32767cf006}{38}\u0022 paraid=\u0022137767470\u0022\u003E1,809 %\u0026nbsp;\u003C\/p\u003E\u003C\/td\u003E\u003C\/tr\u003E\u003Ctr aria-rowindex=\u00224\u0022 role=\u0022row\u0022\u003E\u003Ctd data-celllook=\u00220\u0022 role=\u0022rowheader\u0022\u003E\u003Cp paraeid=\u0022{2a05bdc3-2468-4886-be6f-3b32767cf006}{50}\u0022 paraid=\u0022137767472\u0022\u003EDe 17\u202f000 \u20ac \u00e0 30\u202f000 \u20ac\u0026nbsp;\u003C\/p\u003E\u003C\/td\u003E\u003Ctd data-celllook=\u00220\u0022\u003E\u003Cp paraeid=\u0022{2a05bdc3-2468-4886-be6f-3b32767cf006}{59}\u0022 paraid=\u0022137767473\u0022\u003E1,234 %\u0026nbsp;\u003C\/p\u003E\u003C\/td\u003E\u003C\/tr\u003E\u003Ctr aria-rowindex=\u00225\u0022 role=\u0022row\u0022\u003E\u003Ctd data-celllook=\u00220\u0022 role=\u0022rowheader\u0022\u003E\u003Cp paraeid=\u0022{2a05bdc3-2468-4886-be6f-3b32767cf006}{71}\u0022 paraid=\u0022137767475\u0022\u003EPlus de 30\u202f000 \u20ac\u0026nbsp;\u003C\/p\u003E\u003C\/td\u003E\u003Ctd data-celllook=\u00220\u0022\u003E\u003Cp paraeid=\u0022{2a05bdc3-2468-4886-be6f-3b32767cf006}{80}\u0022 paraid=\u0022137767476\u0022\u003E0,905 %\u0026nbsp;\u003C\/p\u003E\u003C\/td\u003E\u003C\/tr\u003E\u003C\/tbody\u003E\u003C\/table\u003E\u003Cul role=\u0022list\u0022\u003E\u003Cli\u003Ed\u0027une composante proportionnelle aux \u00e9l\u00e9ments d\u00e9finis ci-dessus respectivement retenus\u202f:\u003Cul\u003E\u003Cli\u003Epour la totalit\u00e9 de leur valeur, lorsqu\u0027ils sont aff\u00e9rents \u00e0 la p\u00e9riode courue entre la 6e ann\u00e9e du bail et la 20e ann\u00e9e incluse\u202f;\u003C\/li\u003E\u003Cli\u003Epour la moiti\u00e9 de cette valeur, s\u0027ils se rapportent \u00e0 la p\u00e9riode comprise entre la 21e ann\u00e9e du bail et la 60e ann\u00e9e incluse\u202f;\u003C\/li\u003E\u003Cli\u003Epour le quart de cette valeur, pour la p\u00e9riode comprise entre la 61e et l\u0027expiration du bail\u202f;\u0026nbsp;\u003C\/li\u003E\u003C\/ul\u003E\u003C\/li\u003E\u003C\/ul\u003E\u003Cp paraeid=\u0022{2a05bdc3-2468-4886-be6f-3b32767cf006}{162}\u0022 paraid=\u0022137767482\u0022\u003ESelon le bar\u00e8me suivant\u202f:\u0026nbsp;\u003C\/p\u003E\u003Ctable aria-rowcount=\u00225\u0022 border=\u00221\u0022 data-tablelook=\u00221184\u0022 data-tablestyle=\u0022MsoTableGrid\u0022\u003E\u003Ctbody\u003E\u003Ctr aria-rowindex=\u00221\u0022 role=\u0022row\u0022\u003E\u003Ctd data-celllook=\u00220\u0022 role=\u0022rowheader\u0022\u003E\u003Cp paraeid=\u0022{2a05bdc3-2468-4886-be6f-3b32767cf006}{170}\u0022 paraid=\u0022137767483\u0022\u003ETRANCHES D\u2019ASSIETTE\u0026nbsp;\u003C\/p\u003E\u003C\/td\u003E\u003Ctd data-celllook=\u00220\u0022 role=\u0022columnheader\u0022\u003E\u003Cp paraeid=\u0022{2a05bdc3-2468-4886-be6f-3b32767cf006}{181}\u0022 paraid=\u0022137767484\u0022\u003ETAUX APPLICABLE\u0026nbsp;\u003C\/p\u003E\u003C\/td\u003E\u003C\/tr\u003E\u003Ctr aria-rowindex=\u00222\u0022 role=\u0022row\u0022\u003E\u003Ctd data-celllook=\u00220\u0022 role=\u0022rowheader\u0022\u003E\u003Cp paraeid=\u0022{2a05bdc3-2468-4886-be6f-3b32767cf006}{189}\u0022 paraid=\u0022137767486\u0022\u003EDe 0 \u00e0 6\u202f500 \u20ac\u0026nbsp;\u003C\/p\u003E\u003C\/td\u003E\u003Ctd data-celllook=\u00220\u0022\u003E\u003Cp paraeid=\u0022{2a05bdc3-2468-4886-be6f-3b32767cf006}{196}\u0022 paraid=\u0022137767487\u0022\u003E1,258 %\u0026nbsp;\u003C\/p\u003E\u003C\/td\u003E\u003C\/tr\u003E\u003Ctr aria-rowindex=\u00223\u0022 role=\u0022row\u0022\u003E\u003Ctd data-celllook=\u00220\u0022 role=\u0022rowheader\u0022\u003E\u003Cp paraeid=\u0022{2a05bdc3-2468-4886-be6f-3b32767cf006}{208}\u0022 paraid=\u0022137767489\u0022\u003EDe 6\u202f500 \u20ac \u00e0 17\u202f000 \u20ac\u0026nbsp;\u003C\/p\u003E\u003C\/td\u003E\u003Ctd data-celllook=\u00220\u0022\u003E\u003Cp paraeid=\u0022{2a05bdc3-2468-4886-be6f-3b32767cf006}{215}\u0022 paraid=\u0022137767490\u0022\u003E0,692 %\u0026nbsp;\u003C\/p\u003E\u003C\/td\u003E\u003C\/tr\u003E\u003Ctr aria-rowindex=\u00224\u0022 role=\u0022row\u0022\u003E\u003Ctd data-celllook=\u00220\u0022 role=\u0022rowheader\u0022\u003E\u003Cp paraeid=\u0022{2a05bdc3-2468-4886-be6f-3b32767cf006}{227}\u0022 paraid=\u0022137767492\u0022\u003EDe 17\u202f000 \u20ac \u00e0 30\u202f000 \u20ac\u0026nbsp;\u003C\/p\u003E\u003C\/td\u003E\u003Ctd data-celllook=\u00220\u0022\u003E\u003Cp paraeid=\u0022{2a05bdc3-2468-4886-be6f-3b32767cf006}{236}\u0022 paraid=\u0022137767493\u0022\u003E0,472 %\u0026nbsp;\u003C\/p\u003E\u003C\/td\u003E\u003C\/tr\u003E\u003Ctr aria-rowindex=\u00225\u0022 role=\u0022row\u0022\u003E\u003Ctd data-celllook=\u00220\u0022 role=\u0022rowheader\u0022\u003E\u003Cp paraeid=\u0022{2a05bdc3-2468-4886-be6f-3b32767cf006}{248}\u0022 paraid=\u0022137767495\u0022\u003EPlus de 30\u202f000 \u20ac\u0026nbsp;\u003C\/p\u003E\u003C\/td\u003E\u003Ctd data-celllook=\u00220\u0022\u003E\u003Cp paraeid=\u0022{5999f714-1a39-452c-a73f-1b84ce52baf1}{2}\u0022 paraid=\u0022137767496\u0022\u003E0,346 %\u0026nbsp;\u003C\/p\u003E\u003C\/td\u003E\u003C\/tr\u003E\u003C\/tbody\u003E\u003C\/table\u003E\u003Cul\u003E\u003Cli\u003Ed\u0027une composante proportionnelle \u00e0 la valeur r\u00e9siduelle des constructions ou droits sociaux \u00e0 remettre en fin de bail estim\u00e9e dans l\u0027acte par les parties, selon le bar\u00e8me suivant\u202f:\u0026nbsp;\u003C\/li\u003E\u003C\/ul\u003E\u003Ctable aria-rowcount=\u00225\u0022 border=\u00221\u0022 data-tablelook=\u00221184\u0022 data-tablestyle=\u0022MsoTableGrid\u0022\u003E\u003Ctbody\u003E\u003Ctr aria-rowindex=\u00221\u0022 role=\u0022row\u0022\u003E\u003Ctd data-celllook=\u00220\u0022 role=\u0022rowheader\u0022\u003E\u003Cp paraeid=\u0022{5999f714-1a39-452c-a73f-1b84ce52baf1}{27}\u0022 paraid=\u0022137767499\u0022\u003ETRANCHES D\u2019ASSIETTE\u0026nbsp;\u003C\/p\u003E\u003C\/td\u003E\u003Ctd data-celllook=\u00220\u0022 role=\u0022columnheader\u0022\u003E\u003Cp paraeid=\u0022{5999f714-1a39-452c-a73f-1b84ce52baf1}{38}\u0022 paraid=\u0022137767500\u0022\u003ETAUX APPLICABLE\u0026nbsp;\u003C\/p\u003E\u003C\/td\u003E\u003C\/tr\u003E\u003Ctr aria-rowindex=\u00222\u0022 role=\u0022row\u0022\u003E\u003Ctd data-celllook=\u00220\u0022 role=\u0022rowheader\u0022\u003E\u003Cp paraeid=\u0022{5999f714-1a39-452c-a73f-1b84ce52baf1}{46}\u0022 paraid=\u0022137767502\u0022\u003EDe 0 \u00e0 6\u202f500 \u20ac\u0026nbsp;\u003C\/p\u003E\u003C\/td\u003E\u003Ctd data-celllook=\u00220\u0022\u003E\u003Cp paraeid=\u0022{5999f714-1a39-452c-a73f-1b84ce52baf1}{53}\u0022 paraid=\u0022137767503\u0022\u003E2,322 %\u0026nbsp;\u003C\/p\u003E\u003C\/td\u003E\u003C\/tr\u003E\u003Ctr aria-rowindex=\u00223\u0022 role=\u0022row\u0022\u003E\u003Ctd data-celllook=\u00220\u0022 role=\u0022rowheader\u0022\u003E\u003Cp paraeid=\u0022{5999f714-1a39-452c-a73f-1b84ce52baf1}{65}\u0022 paraid=\u0022137767505\u0022\u003EDe 6\u202f500 \u20ac \u00e0 17\u202f000 \u20ac\u0026nbsp;\u003C\/p\u003E\u003C\/td\u003E\u003Ctd data-celllook=\u00220\u0022\u003E\u003Cp paraeid=\u0022{5999f714-1a39-452c-a73f-1b84ce52baf1}{72}\u0022 paraid=\u0022137767506\u0022\u003E1,277 %\u0026nbsp;\u003C\/p\u003E\u003C\/td\u003E\u003C\/tr\u003E\u003Ctr aria-rowindex=\u00224\u0022 role=\u0022row\u0022\u003E\u003Ctd data-celllook=\u00220\u0022 role=\u0022rowheader\u0022\u003E\u003Cp paraeid=\u0022{5999f714-1a39-452c-a73f-1b84ce52baf1}{84}\u0022 paraid=\u0022137767508\u0022\u003EDe 17\u202f000 \u20ac \u00e0 30\u202f000 \u20ac\u0026nbsp;\u003C\/p\u003E\u003C\/td\u003E\u003Ctd data-celllook=\u00220\u0022\u003E\u003Cp paraeid=\u0022{5999f714-1a39-452c-a73f-1b84ce52baf1}{93}\u0022 paraid=\u0022137767509\u0022\u003E0,871 %\u0026nbsp;\u003C\/p\u003E\u003C\/td\u003E\u003C\/tr\u003E\u003Ctr aria-rowindex=\u00225\u0022 role=\u0022row\u0022\u003E\u003Ctd data-celllook=\u00220\u0022 role=\u0022rowheader\u0022\u003E\u003Cp paraeid=\u0022{5999f714-1a39-452c-a73f-1b84ce52baf1}{105}\u0022 paraid=\u0022137767511\u0022\u003EPlus de 30\u202f000 \u20ac\u0026nbsp;\u003C\/p\u003E\u003C\/td\u003E\u003Ctd data-celllook=\u00220\u0022\u003E\u003Cp paraeid=\u0022{5999f714-1a39-452c-a73f-1b84ce52baf1}{114}\u0022 paraid=\u0022137767512\u0022\u003E0,639 %\u0026nbsp;\u003C\/p\u003E\u003C\/td\u003E\u003C\/tr\u003E\u003C\/tbody\u003E\u003C\/table\u003E\u003Cp\u003E\u003Cstrong\u003ELe bail par adjudication, y compris le cahier des charges donne lieu, \u00e0 la perception d\u0027un \u00e9molument proportionnel selon le bar\u00e8me suivant\u202f:\u0026nbsp;\u003C\/strong\u003E\u003C\/p\u003E\u003Ctable aria-rowcount=\u00225\u0022 border=\u00221\u0022 data-tablelook=\u00221184\u0022 data-tablestyle=\u0022MsoTableGrid\u0022\u003E\u003Ctbody\u003E\u003Ctr aria-rowindex=\u00221\u0022 role=\u0022row\u0022\u003E\u003Ctd data-celllook=\u00220\u0022 role=\u0022rowheader\u0022\u003E\u003Cp paraeid=\u0022{5999f714-1a39-452c-a73f-1b84ce52baf1}{140}\u0022 paraid=\u0022137767515\u0022\u003ETRANCHES D\u2019ASSIETTE\u0026nbsp;\u003C\/p\u003E\u003C\/td\u003E\u003Ctd data-celllook=\u00220\u0022 role=\u0022columnheader\u0022\u003E\u003Cp paraeid=\u0022{5999f714-1a39-452c-a73f-1b84ce52baf1}{151}\u0022 paraid=\u0022137767516\u0022\u003ETAUX APPLICABLE\u0026nbsp;\u003C\/p\u003E\u003C\/td\u003E\u003C\/tr\u003E\u003Ctr aria-rowindex=\u00222\u0022 role=\u0022row\u0022\u003E\u003Ctd data-celllook=\u00220\u0022 role=\u0022rowheader\u0022\u003E\u003Cp paraeid=\u0022{5999f714-1a39-452c-a73f-1b84ce52baf1}{159}\u0022 paraid=\u0022137767518\u0022\u003EDe 0 \u00e0 6\u202f500 \u20ac\u0026nbsp;\u003C\/p\u003E\u003C\/td\u003E\u003Ctd data-celllook=\u00220\u0022\u003E\u003Cp paraeid=\u0022{5999f714-1a39-452c-a73f-1b84ce52baf1}{166}\u0022 paraid=\u0022137767519\u0022\u003E3,281 %\u0026nbsp;\u003C\/p\u003E\u003C\/td\u003E\u003C\/tr\u003E\u003Ctr aria-rowindex=\u00223\u0022 role=\u0022row\u0022\u003E\u003Ctd data-celllook=\u00220\u0022 role=\u0022rowheader\u0022\u003E\u003Cp paraeid=\u0022{5999f714-1a39-452c-a73f-1b84ce52baf1}{178}\u0022 paraid=\u0022137767521\u0022\u003EDe 6\u202f500 \u20ac \u00e0 17\u202f000 \u20ac\u0026nbsp;\u003C\/p\u003E\u003C\/td\u003E\u003Ctd data-celllook=\u00220\u0022\u003E\u003Cp paraeid=\u0022{5999f714-1a39-452c-a73f-1b84ce52baf1}{185}\u0022 paraid=\u0022137767522\u0022\u003E1,805 %\u0026nbsp;\u003C\/p\u003E\u003C\/td\u003E\u003C\/tr\u003E\u003Ctr aria-rowindex=\u00224\u0022 role=\u0022row\u0022\u003E\u003Ctd data-celllook=\u00220\u0022 role=\u0022rowheader\u0022\u003E\u003Cp paraeid=\u0022{5999f714-1a39-452c-a73f-1b84ce52baf1}{197}\u0022 paraid=\u0022137767524\u0022\u003EDe 17\u202f000 \u20ac \u00e0 30\u202f000 \u20ac\u0026nbsp;\u003C\/p\u003E\u003C\/td\u003E\u003Ctd data-celllook=\u00220\u0022\u003E\u003Cp paraeid=\u0022{5999f714-1a39-452c-a73f-1b84ce52baf1}{206}\u0022 paraid=\u0022137767525\u0022\u003E1,231 %\u0026nbsp;\u003C\/p\u003E\u003C\/td\u003E\u003C\/tr\u003E\u003Ctr aria-rowindex=\u00225\u0022 role=\u0022row\u0022\u003E\u003Ctd data-celllook=\u00220\u0022 role=\u0022rowheader\u0022\u003E\u003Cp paraeid=\u0022{5999f714-1a39-452c-a73f-1b84ce52baf1}{218}\u0022 paraid=\u0022137767527\u0022\u003EPlus de 30\u202f000 \u20ac\u0026nbsp;\u003C\/p\u003E\u003C\/td\u003E\u003Ctd data-celllook=\u00220\u0022\u003E\u003Cp paraeid=\u0022{5999f714-1a39-452c-a73f-1b84ce52baf1}{227}\u0022 paraid=\u0022137767528\u0022\u003E0,902 %\u0026nbsp;\u003C\/p\u003E\u003C\/td\u003E\u003C\/tr\u003E\u003C\/tbody\u003E\u003C\/table\u003E\u003Cp paraeid=\u0022{5999f714-1a39-452c-a73f-1b84ce52baf1}{241}\u0022 paraid=\u0022137767530\u0022\u003E\u003Cstrong\u003ELes cessions de bail donnent lieu \u00e0 la perception\u202f:\u0026nbsp;\u003C\/strong\u003E\u003C\/p\u003E\u003Cul role=\u0022list\u0022\u003E\u003Cli paraeid=\u0022{5999f714-1a39-452c-a73f-1b84ce52baf1}{241}\u0022 paraid=\u0022137767530\u0022\u003Es\u0027il s\u0027agit d\u0027une cession de bail \u00e0 construction, d\u0027un \u00e9molument compos\u00e9\u202f:\u003Cul\u003E\u003Cli paraeid=\u0022{5999f714-1a39-452c-a73f-1b84ce52baf1}{241}\u0022 paraid=\u0022137767530\u0022\u003Ed\u0027une composante \u00e9gale \u00e0 l\u0027\u00e9molument pr\u00e9vu en mati\u00e8re de bail \u00e0 construction, calcul\u00e9 sur les versements restant \u00e0 effectuer et les valeurs des constructions et droits sociaux restant \u00e0 remettre au bailleur, les p\u00e9riodes d\u00e9finies commen\u00e7ant \u00e0 courir du jour de la cession\u202f;\u003C\/li\u003E\u003Cli paraeid=\u0022{5999f714-1a39-452c-a73f-1b84ce52baf1}{241}\u0022 paraid=\u0022137767530\u0022\u003Ed\u0027une composante \u00e9gale \u00e0 l\u0027\u00e9molument proportionnel au prix pr\u00e9vu en mati\u00e8re de vente d\u0027immeubles, en tenant compte, le cas \u00e9ch\u00e9ant, des r\u00e8gles applicables aux ventes de locaux d\u0027habitation neufs\u202f;\u003C\/li\u003E\u003C\/ul\u003E\u003C\/li\u003E\u003Cli paraeid=\u0022{5999f714-1a39-452c-a73f-1b84ce52baf1}{241}\u0022 paraid=\u0022137767530\u0022\u003Es\u0027il s\u0027agit d\u0027une cession de bail autre qu\u0027\u00e0 construction ou d\u0027une cession de concession immobili\u00e8re\u202f:\u003Cul\u003E\u003Cli paraeid=\u0022{5999f714-1a39-452c-a73f-1b84ce52baf1}{241}\u0022 paraid=\u0022137767530\u0022\u003Epure et simple, d\u0027un \u00e9molument proportionnel au loyer des ann\u00e9es restant \u00e0 courir, selon le bar\u00e8me suivant\u202f:\u0026nbsp;\u003C\/li\u003E\u003C\/ul\u003E\u003C\/li\u003E\u003C\/ul\u003E\u003Ctable aria-rowcount=\u00225\u0022 border=\u00221\u0022 data-tablelook=\u00221184\u0022 data-tablestyle=\u0022MsoTableGrid\u0022\u003E\u003Ctbody\u003E\u003Ctr aria-rowindex=\u00221\u0022 role=\u0022row\u0022\u003E\u003Ctd data-celllook=\u00220\u0022 role=\u0022rowheader\u0022\u003E\u003Cp paraeid=\u0022{f9391b1b-8beb-4ad9-a100-882280970b06}{57}\u0022 paraid=\u0022137767536\u0022\u003ETRANCHES D\u2019ASSIETTE\u0026nbsp;\u003C\/p\u003E\u003C\/td\u003E\u003Ctd data-celllook=\u00220\u0022 role=\u0022columnheader\u0022\u003E\u003Cp paraeid=\u0022{f9391b1b-8beb-4ad9-a100-882280970b06}{68}\u0022 paraid=\u0022137767537\u0022\u003ETAUX APPLICABLE\u0026nbsp;\u003C\/p\u003E\u003C\/td\u003E\u003C\/tr\u003E\u003Ctr aria-rowindex=\u00222\u0022 role=\u0022row\u0022\u003E\u003Ctd data-celllook=\u00220\u0022 role=\u0022rowheader\u0022\u003E\u003Cp paraeid=\u0022{f9391b1b-8beb-4ad9-a100-882280970b06}{76}\u0022 paraid=\u0022137767539\u0022\u003EDe 0 \u00e0 6\u202f500 \u20ac\u0026nbsp;\u003C\/p\u003E\u003C\/td\u003E\u003Ctd data-celllook=\u00220\u0022\u003E\u003Cp paraeid=\u0022{f9391b1b-8beb-4ad9-a100-882280970b06}{83}\u0022 paraid=\u0022137767540\u0022\u003E1,645 %\u0026nbsp;\u003C\/p\u003E\u003C\/td\u003E\u003C\/tr\u003E\u003Ctr aria-rowindex=\u00223\u0022 role=\u0022row\u0022\u003E\u003Ctd data-celllook=\u00220\u0022 role=\u0022rowheader\u0022\u003E\u003Cp paraeid=\u0022{f9391b1b-8beb-4ad9-a100-882280970b06}{95}\u0022 paraid=\u0022137767542\u0022\u003EDe 6\u202f500 \u20ac \u00e0 17\u202f000 \u20ac\u0026nbsp;\u003C\/p\u003E\u003C\/td\u003E\u003Ctd data-celllook=\u00220\u0022\u003E\u003Cp paraeid=\u0022{f9391b1b-8beb-4ad9-a100-882280970b06}{102}\u0022 paraid=\u0022137767543\u0022\u003E0,905 %\u0026nbsp;\u003C\/p\u003E\u003C\/td\u003E\u003C\/tr\u003E\u003Ctr aria-rowindex=\u00224\u0022 role=\u0022row\u0022\u003E\u003Ctd data-celllook=\u00220\u0022 role=\u0022rowheader\u0022\u003E\u003Cp paraeid=\u0022{f9391b1b-8beb-4ad9-a100-882280970b06}{114}\u0022 paraid=\u0022137767545\u0022\u003EDe 17\u202f000 \u20ac \u00e0 30\u202f000 \u20ac\u0026nbsp;\u003C\/p\u003E\u003C\/td\u003E\u003Ctd data-celllook=\u00220\u0022\u003E\u003Cp paraeid=\u0022{f9391b1b-8beb-4ad9-a100-882280970b06}{123}\u0022 paraid=\u0022137767546\u0022\u003E0,617 %\u0026nbsp;\u003C\/p\u003E\u003C\/td\u003E\u003C\/tr\u003E\u003Ctr aria-rowindex=\u00225\u0022 role=\u0022row\u0022\u003E\u003Ctd data-celllook=\u00220\u0022 role=\u0022rowheader\u0022\u003E\u003Cp paraeid=\u0022{f9391b1b-8beb-4ad9-a100-882280970b06}{135}\u0022 paraid=\u0022137767548\u0022\u003EPlus de 30\u202f000 \u20ac\u0026nbsp;\u003C\/p\u003E\u003C\/td\u003E\u003Ctd data-celllook=\u00220\u0022\u003E\u003Cp paraeid=\u0022{f9391b1b-8beb-4ad9-a100-882280970b06}{144}\u0022 paraid=\u0022137767549\u0022\u003E0,452 %\u0026nbsp;\u003C\/p\u003E\u003C\/td\u003E\u003C\/tr\u003E\u003C\/tbody\u003E\u003C\/table\u003E\u003Cul\u003E\u003Cli\u003E\u0026nbsp;\u003Cul\u003E\u003Cli\u003Eavec stipulation de prix, d\u0027un \u00e9molument proportionnel au prix de cession pay\u00e9 au c\u00e9dant seulement dans le cas o\u00f9 cet \u00e9molument serait sup\u00e9rieur \u00e0 celui pr\u00e9vu ci-dessus, selon le bar\u00e8me suivant\u202f:\u0026nbsp;\u003C\/li\u003E\u003C\/ul\u003E\u003C\/li\u003E\u003C\/ul\u003E\u003Ctable aria-rowcount=\u00225\u0022 border=\u00221\u0022 data-tablelook=\u00221184\u0022 data-tablestyle=\u0022MsoTableGrid\u0022\u003E\u003Ctbody\u003E\u003Ctr aria-rowindex=\u00221\u0022 role=\u0022row\u0022\u003E\u003Ctd data-celllook=\u00220\u0022 role=\u0022rowheader\u0022\u003E\u003Cp paraeid=\u0022{f9391b1b-8beb-4ad9-a100-882280970b06}{169}\u0022 paraid=\u0022137767552\u0022\u003ETRANCHES D\u2019ASSIETTE\u0026nbsp;\u003C\/p\u003E\u003C\/td\u003E\u003Ctd data-celllook=\u00220\u0022 role=\u0022columnheader\u0022\u003E\u003Cp paraeid=\u0022{f9391b1b-8beb-4ad9-a100-882280970b06}{180}\u0022 paraid=\u0022137767553\u0022\u003ETAUX APPLICABLE\u0026nbsp;\u003C\/p\u003E\u003C\/td\u003E\u003C\/tr\u003E\u003Ctr aria-rowindex=\u00222\u0022 role=\u0022row\u0022\u003E\u003Ctd data-celllook=\u00220\u0022 role=\u0022rowheader\u0022\u003E\u003Cp paraeid=\u0022{f9391b1b-8beb-4ad9-a100-882280970b06}{188}\u0022 paraid=\u0022137767555\u0022\u003EDe 0 \u00e0 6\u202f500 \u20ac\u0026nbsp;\u003C\/p\u003E\u003C\/td\u003E\u003Ctd data-celllook=\u00220\u0022\u003E\u003Cp paraeid=\u0022{f9391b1b-8beb-4ad9-a100-882280970b06}{195}\u0022 paraid=\u0022137767556\u0022\u003E3,870 %\u0026nbsp;\u003C\/p\u003E\u003C\/td\u003E\u003C\/tr\u003E\u003Ctr aria-rowindex=\u00223\u0022 role=\u0022row\u0022\u003E\u003Ctd data-celllook=\u00220\u0022 role=\u0022rowheader\u0022\u003E\u003Cp paraeid=\u0022{f9391b1b-8beb-4ad9-a100-882280970b06}{207}\u0022 paraid=\u0022137767558\u0022\u003EDe 6\u202f500 \u20ac \u00e0 17\u202f000 \u20ac\u0026nbsp;\u003C\/p\u003E\u003C\/td\u003E\u003Ctd data-celllook=\u00220\u0022\u003E\u003Cp paraeid=\u0022{f9391b1b-8beb-4ad9-a100-882280970b06}{214}\u0022 paraid=\u0022137767559\u0022\u003E1,596 %\u0026nbsp;\u003C\/p\u003E\u003C\/td\u003E\u003C\/tr\u003E\u003Ctr aria-rowindex=\u00224\u0022 role=\u0022row\u0022\u003E\u003Ctd data-celllook=\u00220\u0022 role=\u0022rowheader\u0022\u003E\u003Cp paraeid=\u0022{f9391b1b-8beb-4ad9-a100-882280970b06}{226}\u0022 paraid=\u0022137767561\u0022\u003EDe 17\u202f000 \u20ac \u00e0 60\u202f000 \u20ac\u0026nbsp;\u003C\/p\u003E\u003C\/td\u003E\u003Ctd data-celllook=\u00220\u0022\u003E\u003Cp paraeid=\u0022{f9391b1b-8beb-4ad9-a100-882280970b06}{235}\u0022 paraid=\u0022137767562\u0022\u003E1,064 %\u0026nbsp;\u003C\/p\u003E\u003C\/td\u003E\u003C\/tr\u003E\u003Ctr aria-rowindex=\u00225\u0022 role=\u0022row\u0022\u003E\u003Ctd data-celllook=\u00220\u0022 role=\u0022rowheader\u0022\u003E\u003Cp paraeid=\u0022{f9391b1b-8beb-4ad9-a100-882280970b06}{247}\u0022 paraid=\u0022137767564\u0022\u003EPlus de 60\u202f000 \u20ac\u0026nbsp;\u003C\/p\u003E\u003C\/td\u003E\u003Ctd data-celllook=\u00220\u0022\u003E\u003Cp paraeid=\u0022{003af82e-c318-4524-b8f1-9440003fccf2}{1}\u0022 paraid=\u0022137767565\u0022\u003E0,798 %\u0026nbsp;\u003C\/p\u003E\u003C\/td\u003E\u003C\/tr\u003E\u003C\/tbody\u003E\u003C\/table\u003E\u003Cp\u003E\u003Cstrong\u003ELa concession immobili\u00e8re donne lieu \u00e0 la perception d\u0027un \u00e9molument proportionnel au montant total des loyers dus pour la dur\u00e9e du bail augment\u00e9s des charges, selon le bar\u00e8me suivant\u202f:\u0026nbsp;\u003C\/strong\u003E\u003C\/p\u003E\u003Ctable aria-rowcount=\u00225\u0022 border=\u00221\u0022 data-tablelook=\u00221184\u0022 data-tablestyle=\u0022MsoTableGrid\u0022\u003E\u003Ctbody\u003E\u003Ctr aria-rowindex=\u00221\u0022 role=\u0022row\u0022\u003E\u003Ctd data-celllook=\u00220\u0022 role=\u0022rowheader\u0022\u003E\u003Cp paraeid=\u0022{003af82e-c318-4524-b8f1-9440003fccf2}{25}\u0022 paraid=\u0022137767568\u0022\u003ETRANCHES D\u2019ASSIETTE\u0026nbsp;\u003C\/p\u003E\u003C\/td\u003E\u003Ctd data-celllook=\u00220\u0022 role=\u0022columnheader\u0022\u003E\u003Cp paraeid=\u0022{003af82e-c318-4524-b8f1-9440003fccf2}{36}\u0022 paraid=\u0022137767569\u0022\u003ETAUX APPLICABLE\u0026nbsp;\u003C\/p\u003E\u003C\/td\u003E\u003C\/tr\u003E\u003Ctr aria-rowindex=\u00222\u0022 role=\u0022row\u0022\u003E\u003Ctd data-celllook=\u00220\u0022 role=\u0022rowheader\u0022\u003E\u003Cp paraeid=\u0022{003af82e-c318-4524-b8f1-9440003fccf2}{44}\u0022 paraid=\u0022137767571\u0022\u003EDe 0 \u00e0 6\u202f500 \u20ac\u0026nbsp;\u003C\/p\u003E\u003C\/td\u003E\u003Ctd data-celllook=\u00220\u0022\u003E\u003Cp paraeid=\u0022{003af82e-c318-4524-b8f1-9440003fccf2}{51}\u0022 paraid=\u0022137767572\u0022\u003E1,645 %\u0026nbsp;\u003C\/p\u003E\u003C\/td\u003E\u003C\/tr\u003E\u003Ctr aria-rowindex=\u00223\u0022 role=\u0022row\u0022\u003E\u003Ctd data-celllook=\u00220\u0022 role=\u0022rowheader\u0022\u003E\u003Cp paraeid=\u0022{003af82e-c318-4524-b8f1-9440003fccf2}{63}\u0022 paraid=\u0022137767574\u0022\u003EDe 6\u202f500 \u20ac \u00e0 17\u202f000 \u20ac\u0026nbsp;\u003C\/p\u003E\u003C\/td\u003E\u003Ctd data-celllook=\u00220\u0022\u003E\u003Cp paraeid=\u0022{003af82e-c318-4524-b8f1-9440003fccf2}{70}\u0022 paraid=\u0022137767575\u0022\u003E0,905 %\u0026nbsp;\u003C\/p\u003E\u003C\/td\u003E\u003C\/tr\u003E\u003Ctr aria-rowindex=\u00224\u0022 role=\u0022row\u0022\u003E\u003Ctd data-celllook=\u00220\u0022 role=\u0022rowheader\u0022\u003E\u003Cp paraeid=\u0022{003af82e-c318-4524-b8f1-9440003fccf2}{82}\u0022 paraid=\u0022137767577\u0022\u003EDe 17\u202f000 \u20ac \u00e0 30\u202f000 \u20ac\u0026nbsp;\u003C\/p\u003E\u003C\/td\u003E\u003Ctd data-celllook=\u00220\u0022\u003E\u003Cp paraeid=\u0022{003af82e-c318-4524-b8f1-9440003fccf2}{91}\u0022 paraid=\u0022137767578\u0022\u003E0,617 %\u0026nbsp;\u003C\/p\u003E\u003C\/td\u003E\u003C\/tr\u003E\u003Ctr aria-rowindex=\u00225\u0022 role=\u0022row\u0022\u003E\u003Ctd data-celllook=\u00220\u0022 role=\u0022rowheader\u0022\u003E\u003Cp paraeid=\u0022{003af82e-c318-4524-b8f1-9440003fccf2}{103}\u0022 paraid=\u0022137767580\u0022\u003EPlus de 30\u202f000 \u20ac\u0026nbsp;\u003C\/p\u003E\u003C\/td\u003E\u003Ctd data-celllook=\u00220\u0022\u003E\u003Cp paraeid=\u0022{003af82e-c318-4524-b8f1-9440003fccf2}{112}\u0022 paraid=\u0022137767581\u0022\u003E0,452 %\u0026nbsp;\u003C\/p\u003E\u003C\/td\u003E\u003C\/tr\u003E\u003C\/tbody\u003E\u003C\/table\u003E\u003Cp\u003E\u003Cstrong\u003ELe bail, la cession, l\u0027exploitation ou la vente de mines et carri\u00e8res donnent lieu \u00e0 la perception d\u0027un \u00e9molument proportionnel au prix stipul\u00e9 ou, \u00e0 d\u00e9faut, \u00e0 l\u0027\u00e9valuation donn\u00e9e \u00e0 l\u0027acte des mati\u00e8res qui seront extraites ou des superficies qui seront exploit\u00e9es, lorsque la redevance est fix\u00e9e par volume ou poids d\u0027extraction ou encore par superficie exploit\u00e9e, selon le bar\u00e8me suivant :\u0026nbsp;\u003C\/strong\u003E\u003C\/p\u003E\u003Ctable aria-rowcount=\u00225\u0022 border=\u00221\u0022 data-tablelook=\u00221184\u0022 data-tablestyle=\u0022MsoTableGrid\u0022\u003E\u003Ctbody\u003E\u003Ctr aria-rowindex=\u00221\u0022 role=\u0022row\u0022\u003E\u003Ctd data-celllook=\u00220\u0022 role=\u0022rowheader\u0022\u003E\u003Cp paraeid=\u0022{003af82e-c318-4524-b8f1-9440003fccf2}{138}\u0022 paraid=\u0022137767584\u0022\u003ETRANCHES D\u2019ASSIETTE\u0026nbsp;\u003C\/p\u003E\u003C\/td\u003E\u003Ctd data-celllook=\u00220\u0022 role=\u0022columnheader\u0022\u003E\u003Cp paraeid=\u0022{003af82e-c318-4524-b8f1-9440003fccf2}{149}\u0022 paraid=\u0022137767585\u0022\u003ETAUX APPLICABLE\u0026nbsp;\u003C\/p\u003E\u003C\/td\u003E\u003C\/tr\u003E\u003Ctr aria-rowindex=\u00222\u0022 role=\u0022row\u0022\u003E\u003Ctd data-celllook=\u00220\u0022 role=\u0022rowheader\u0022\u003E\u003Cp paraeid=\u0022{003af82e-c318-4524-b8f1-9440003fccf2}{157}\u0022 paraid=\u0022137767587\u0022\u003EDe 0 \u00e0 6\u202f500 \u20ac\u0026nbsp;\u003C\/p\u003E\u003C\/td\u003E\u003Ctd data-celllook=\u00220\u0022\u003E\u003Cp paraeid=\u0022{003af82e-c318-4524-b8f1-9440003fccf2}{164}\u0022 paraid=\u0022137767588\u0022\u003E3,870 %\u0026nbsp;\u003C\/p\u003E\u003C\/td\u003E\u003C\/tr\u003E\u003Ctr aria-rowindex=\u00223\u0022 role=\u0022row\u0022\u003E\u003Ctd data-celllook=\u00220\u0022 role=\u0022rowheader\u0022\u003E\u003Cp paraeid=\u0022{003af82e-c318-4524-b8f1-9440003fccf2}{176}\u0022 paraid=\u0022137767590\u0022\u003EDe 6\u202f500 \u20ac \u00e0 17\u202f000 \u20ac\u0026nbsp;\u003C\/p\u003E\u003C\/td\u003E\u003Ctd data-celllook=\u00220\u0022\u003E\u003Cp paraeid=\u0022{003af82e-c318-4524-b8f1-9440003fccf2}{183}\u0022 paraid=\u0022137767591\u0022\u003E1,596 %\u0026nbsp;\u003C\/p\u003E\u003C\/td\u003E\u003C\/tr\u003E\u003Ctr aria-rowindex=\u00224\u0022 role=\u0022row\u0022\u003E\u003Ctd data-celllook=\u00220\u0022 role=\u0022rowheader\u0022\u003E\u003Cp paraeid=\u0022{003af82e-c318-4524-b8f1-9440003fccf2}{195}\u0022 paraid=\u0022137767593\u0022\u003EDe 17\u202f000 \u20ac \u00e0 60\u202f000 \u20ac\u0026nbsp;\u003C\/p\u003E\u003C\/td\u003E\u003Ctd data-celllook=\u00220\u0022\u003E\u003Cp paraeid=\u0022{003af82e-c318-4524-b8f1-9440003fccf2}{204}\u0022 paraid=\u0022137767594\u0022\u003E1,064 %\u0026nbsp;\u003C\/p\u003E\u003C\/td\u003E\u003C\/tr\u003E\u003Ctr aria-rowindex=\u00225\u0022 role=\u0022row\u0022\u003E\u003Ctd data-celllook=\u00220\u0022 role=\u0022rowheader\u0022\u003E\u003Cp paraeid=\u0022{003af82e-c318-4524-b8f1-9440003fccf2}{216}\u0022 paraid=\u0022137767596\u0022\u003EPlus de 60\u202f000 \u20ac\u0026nbsp;\u003C\/p\u003E\u003C\/td\u003E\u003Ctd data-celllook=\u00220\u0022\u003E\u003Cp paraeid=\u0022{003af82e-c318-4524-b8f1-9440003fccf2}{225}\u0022 paraid=\u0022137767597\u0022\u003E0,799 %\u0026nbsp;\u003C\/p\u003E\u003C\/td\u003E\u003C\/tr\u003E\u003C\/tbody\u003E\u003C\/table\u003E\u003Cp\u003E\u003Cstrong\u003ELes r\u00e9siliations ou r\u00e9solutions de bail donnent lieu \u00e0 la perception\u202f:\u0026nbsp;\u003C\/strong\u003E\u003C\/p\u003E\u003Cul\u003E\u003Cli\u003Ed\u0027un \u00e9molument proportionnel au loyer des ann\u00e9es restant \u00e0 courir, selon le bar\u00e8me suivant, s\u0027agissant de la r\u00e9siliation ou r\u00e9solution pure et simple\u202f:\u0026nbsp;\u003C\/li\u003E\u003C\/ul\u003E\u003Ctable aria-rowcount=\u00225\u0022 border=\u00221\u0022 data-tablelook=\u00221184\u0022 data-tablestyle=\u0022MsoTableGrid\u0022\u003E\u003Ctbody\u003E\u003Ctr aria-rowindex=\u00221\u0022 role=\u0022row\u0022\u003E\u003Ctd data-celllook=\u00220\u0022 role=\u0022rowheader\u0022\u003E\u003Cp paraeid=\u0022{b1639f4b-c1ef-4b08-a7a9-cf72787a556e}{3}\u0022 paraid=\u0022137767601\u0022\u003ETRANCHES D\u2019ASSIETTE\u0026nbsp;\u003C\/p\u003E\u003C\/td\u003E\u003Ctd data-celllook=\u00220\u0022 role=\u0022columnheader\u0022\u003E\u003Cp paraeid=\u0022{b1639f4b-c1ef-4b08-a7a9-cf72787a556e}{14}\u0022 paraid=\u0022137767602\u0022\u003ETAUX APPLICABLE\u0026nbsp;\u003C\/p\u003E\u003C\/td\u003E\u003C\/tr\u003E\u003Ctr aria-rowindex=\u00222\u0022 role=\u0022row\u0022\u003E\u003Ctd data-celllook=\u00220\u0022 role=\u0022rowheader\u0022\u003E\u003Cp paraeid=\u0022{b1639f4b-c1ef-4b08-a7a9-cf72787a556e}{22}\u0022 paraid=\u0022137767604\u0022\u003EDe 0 \u00e0 6\u202f500 \u20ac\u0026nbsp;\u003C\/p\u003E\u003C\/td\u003E\u003Ctd data-celllook=\u00220\u0022\u003E\u003Cp paraeid=\u0022{b1639f4b-c1ef-4b08-a7a9-cf72787a556e}{29}\u0022 paraid=\u0022137767605\u0022\u003E0,822 %\u0026nbsp;\u003C\/p\u003E\u003C\/td\u003E\u003C\/tr\u003E\u003Ctr aria-rowindex=\u00223\u0022 role=\u0022row\u0022\u003E\u003Ctd data-celllook=\u00220\u0022 role=\u0022rowheader\u0022\u003E\u003Cp paraeid=\u0022{b1639f4b-c1ef-4b08-a7a9-cf72787a556e}{41}\u0022 paraid=\u0022137767607\u0022\u003EDe 6\u202f500 \u20ac \u00e0 17\u202f000 \u20ac\u0026nbsp;\u003C\/p\u003E\u003C\/td\u003E\u003Ctd data-celllook=\u00220\u0022\u003E\u003Cp paraeid=\u0022{b1639f4b-c1ef-4b08-a7a9-cf72787a556e}{48}\u0022 paraid=\u0022137767608\u0022\u003E0,452 %\u0026nbsp;\u003C\/p\u003E\u003C\/td\u003E\u003C\/tr\u003E\u003Ctr aria-rowindex=\u00224\u0022 role=\u0022row\u0022\u003E\u003Ctd data-celllook=\u00220\u0022 role=\u0022rowheader\u0022\u003E\u003Cp paraeid=\u0022{b1639f4b-c1ef-4b08-a7a9-cf72787a556e}{60}\u0022 paraid=\u0022137767610\u0022\u003EDe 17\u202f000 \u20ac \u00e0 30\u202f000 \u20ac\u0026nbsp;\u003C\/p\u003E\u003C\/td\u003E\u003Ctd data-celllook=\u00220\u0022\u003E\u003Cp paraeid=\u0022{b1639f4b-c1ef-4b08-a7a9-cf72787a556e}{69}\u0022 paraid=\u0022137767611\u0022\u003E0,308 %\u0026nbsp;\u003C\/p\u003E\u003C\/td\u003E\u003C\/tr\u003E\u003Ctr aria-rowindex=\u00225\u0022 role=\u0022row\u0022\u003E\u003Ctd data-celllook=\u00220\u0022 role=\u0022rowheader\u0022\u003E\u003Cp paraeid=\u0022{b1639f4b-c1ef-4b08-a7a9-cf72787a556e}{81}\u0022 paraid=\u0022137767613\u0022\u003EPlus de 30\u202f000 \u20ac\u0026nbsp;\u003C\/p\u003E\u003C\/td\u003E\u003Ctd data-celllook=\u00220\u0022\u003E\u003Cp paraeid=\u0022{b1639f4b-c1ef-4b08-a7a9-cf72787a556e}{90}\u0022 paraid=\u0022137767614\u0022\u003E0,226 %\u0026nbsp;\u003C\/p\u003E\u003C\/td\u003E\u003C\/tr\u003E\u003C\/tbody\u003E\u003C\/table\u003E\u003Cul\u003E\u003Cli\u003Ed\u0027un \u00e9molument proportionnel, selon le bar\u00e8me suivant, s\u0027agissant de la r\u00e9siliation ou r\u00e9solution avec stipulation de prix :\u0026nbsp;\u003C\/li\u003E\u003C\/ul\u003E\u003Ctable aria-rowcount=\u00225\u0022 border=\u00221\u0022 data-tablelook=\u00221184\u0022 data-tablestyle=\u0022MsoTableGrid\u0022\u003E\u003Ctbody\u003E\u003Ctr aria-rowindex=\u00221\u0022 role=\u0022row\u0022\u003E\u003Ctd data-celllook=\u00220\u0022 role=\u0022rowheader\u0022\u003E\u003Cp paraeid=\u0022{b1639f4b-c1ef-4b08-a7a9-cf72787a556e}{115}\u0022 paraid=\u0022137767617\u0022\u003ETRANCHES D\u2019ASSIETTE\u0026nbsp;\u003C\/p\u003E\u003C\/td\u003E\u003Ctd data-celllook=\u00220\u0022 role=\u0022columnheader\u0022\u003E\u003Cp paraeid=\u0022{b1639f4b-c1ef-4b08-a7a9-cf72787a556e}{126}\u0022 paraid=\u0022137767618\u0022\u003ETAUX APPLICABLE\u0026nbsp;\u003C\/p\u003E\u003C\/td\u003E\u003C\/tr\u003E\u003Ctr aria-rowindex=\u00222\u0022 role=\u0022row\u0022\u003E\u003Ctd data-celllook=\u00220\u0022 role=\u0022rowheader\u0022\u003E\u003Cp paraeid=\u0022{b1639f4b-c1ef-4b08-a7a9-cf72787a556e}{134}\u0022 paraid=\u0022137767620\u0022\u003EDe 0 \u00e0 6\u202f500 \u20ac\u0026nbsp;\u003C\/p\u003E\u003C\/td\u003E\u003Ctd data-celllook=\u00220\u0022\u003E\u003Cp paraeid=\u0022{b1639f4b-c1ef-4b08-a7a9-cf72787a556e}{141}\u0022 paraid=\u0022137767621\u0022\u003E3,87 %\u0026nbsp;\u003C\/p\u003E\u003C\/td\u003E\u003C\/tr\u003E\u003Ctr aria-rowindex=\u00223\u0022 role=\u0022row\u0022\u003E\u003Ctd data-celllook=\u00220\u0022 role=\u0022rowheader\u0022\u003E\u003Cp paraeid=\u0022{b1639f4b-c1ef-4b08-a7a9-cf72787a556e}{153}\u0022 paraid=\u0022137767623\u0022\u003EDe 6\u202f500 \u20ac \u00e0 17\u202f000 \u20ac\u0026nbsp;\u003C\/p\u003E\u003C\/td\u003E\u003Ctd data-celllook=\u00220\u0022\u003E\u003Cp paraeid=\u0022{b1639f4b-c1ef-4b08-a7a9-cf72787a556e}{160}\u0022 paraid=\u0022137767624\u0022\u003E1,60 %\u0026nbsp;\u003C\/p\u003E\u003C\/td\u003E\u003C\/tr\u003E\u003Ctr aria-rowindex=\u00224\u0022 role=\u0022row\u0022\u003E\u003Ctd data-celllook=\u00220\u0022 role=\u0022rowheader\u0022\u003E\u003Cp paraeid=\u0022{b1639f4b-c1ef-4b08-a7a9-cf72787a556e}{172}\u0022 paraid=\u0022137767626\u0022\u003EDe 17\u202f000 \u20ac \u00e0 60\u202f000 \u20ac\u0026nbsp;\u003C\/p\u003E\u003C\/td\u003E\u003Ctd data-celllook=\u00220\u0022\u003E\u003Cp paraeid=\u0022{b1639f4b-c1ef-4b08-a7a9-cf72787a556e}{181}\u0022 paraid=\u0022137767627\u0022\u003E1,064 %\u0026nbsp;\u003C\/p\u003E\u003C\/td\u003E\u003C\/tr\u003E\u003Ctr aria-rowindex=\u00225\u0022 role=\u0022row\u0022\u003E\u003Ctd data-celllook=\u00220\u0022 role=\u0022rowheader\u0022\u003E\u003Cp paraeid=\u0022{b1639f4b-c1ef-4b08-a7a9-cf72787a556e}{193}\u0022 paraid=\u0022137767629\u0022\u003EPlus de 60\u202f000 \u20ac\u0026nbsp;\u003C\/p\u003E\u003C\/td\u003E\u003Ctd data-celllook=\u00220\u0022\u003E\u003Cp paraeid=\u0022{b1639f4b-c1ef-4b08-a7a9-cf72787a556e}{202}\u0022 paraid=\u0022137767630\u0022\u003E0,799 %\u0026nbsp;\u003C\/p\u003E\u003C\/td\u003E\u003C\/tr\u003E\u003C\/tbody\u003E\u003C\/table\u003E                                            \u003Cp\u003E\u003Cbr \/\u003E\u003Cstrong\u003ESource :\u003C\/strong\u003E\u003Cstrong\u003E\u00a0\u003C\/strong\u003E\u003C\/p\u003E\u003Cul\u003E\u003Cli\u003E\u003Ca href=\u0022https:\/\/www.legifrance.gouv.fr\/codes\/section_lc\/LEGITEXT000005634379\/LEGISCTA000032132184\/#LEGISCTA000032132184\u0022 target=\u0022_blank\u0022 rel=\u0022noopener\u0022\u003EArticles A 444-103 \u00e0 A 444-109 du Code de commerce\u003C\/a\u003E\u003C\/li\u003E\u003Cli\u003E\u003Ca href=\u0022https:\/\/www.legifrance.gouv.fr\/jorf\/id\/JORFTEXT000049209778\u0022 target=\u0022_blank\u0022 rel=\u0022noopener\u0022\u003EArr\u00eat\u00e9 du 28 f\u00e9vrier 2024 fixant l\u0027objectif de taux de r\u00e9sultat moyen et les tarifs r\u00e8glement\u00e9s des notaires\u003C\/a\u003E\u003C\/li\u003E\u003C\/ul\u003E\u003C\/div\u003E","annee":"2025","theme":" Indices, taux, bar\u00e8mes juridiques","activites":["Professionnels du droit et du chiffre"],"image":"https:\/\/www.weblex.fr\/sites\/default\/files\/chiffres_clef\/Shutterstock_bauxtarifsnotairesbaux.jpg","created":"2026-01-22","modified":"2026-01-22"},{"url":"\/chiffres-cles\/indice-de-reference-des-loyers-annee-2025","id":26223,"title":"Indice de r\u00e9f\u00e9rence des loyers - Ann\u00e9e 2025","content":"\u003Cdiv\u003E                                              \u003Cp\u003EIndice de r\u00e9f\u00e9rence des loyers (r\u00e9f\u00e9rence 100 au 4e trimestre 1998)\u003C\/p\u003E\u003Ctable class=\u0022MsoTableGrid\u0022\u003E\u003Ctbody\u003E\u003Ctr\u003E\u003Ctd valign=\u0022top\u0022\u003E\u003Cp align=\u0022center\u0022\u003E\u003Cstrong\u003EP\u00e9riode\u003C\/strong\u003E\u003C\/p\u003E\u003C\/td\u003E\u003Ctd valign=\u0022top\u0022\u003E\u003Cp align=\u0022center\u0022\u003E\u003Cstrong\u003EIndice\u003C\/strong\u003E\u003C\/p\u003E\u003C\/td\u003E\u003Ctd valign=\u0022top\u0022\u003E\u003Cp align=\u0022center\u0022\u003E\u003Cstrong\u003EVariation sur 1 an\u003C\/strong\u003E\u003C\/p\u003E\u003C\/td\u003E\u003C\/tr\u003E\u003Ctr\u003E\u003Ctd valign=\u0022top\u0022\u003E\u003Cp\u003E1er trimestre 2025\u003C\/p\u003E\u003C\/td\u003E\u003Ctd valign=\u0022top\u0022\u003E\u003Cp align=\u0022center\u0022\u003E145,47\u003C\/p\u003E\u003C\/td\u003E\u003Ctd valign=\u0022top\u0022\u003E\u003Cp align=\u0022center\u0022\u003E+ 1,40\u0026nbsp;%\u003C\/p\u003E\u003C\/td\u003E\u003C\/tr\u003E\u003Ctr\u003E\u003Ctd valign=\u0022top\u0022\u003E\u003Cp\u003E2e trimestre 2025\u003C\/p\u003E\u003C\/td\u003E\u003Ctd valign=\u0022top\u0022\u003E\u003Cp align=\u0022center\u0022\u003E146,68\u003C\/p\u003E\u003C\/td\u003E\u003Ctd valign=\u0022top\u0022\u003E\u003Cp align=\u0022center\u0022\u003E+ 1,04\u0026nbsp;%\u003C\/p\u003E\u003C\/td\u003E\u003C\/tr\u003E\u003Ctr\u003E\u003Ctd valign=\u0022top\u0022\u003E\u003Cp\u003E3e trimestre 2025\u003C\/p\u003E\u003C\/td\u003E\u003Ctd valign=\u0022top\u0022\u003E\u003Cp align=\u0022center\u0022\u003E145,77\u003C\/p\u003E\u003C\/td\u003E\u003Ctd valign=\u0022top\u0022\u003E\u003Cp align=\u0022center\u0022\u003E+ 0,87\u0026nbsp;%\u003C\/p\u003E\u003C\/td\u003E\u003C\/tr\u003E\u003Ctr\u003E\u003Ctd valign=\u0022top\u0022\u003E\u003Cp\u003E4e trimestre 2025\u003C\/p\u003E\u003C\/td\u003E\u003Ctd valign=\u0022top\u0022\u003E\u003Cp align=\u0022center\u0022\u003E145,78\u003C\/p\u003E\u003C\/td\u003E\u003Ctd valign=\u0022top\u0022\u003E\u003Cp align=\u0022center\u0022\u003E+ 0,79\u0026nbsp;%\u003C\/p\u003E\u003C\/td\u003E\u003C\/tr\u003E\u003C\/tbody\u003E\u003C\/table\u003E                                            \u003Cp\u003E\u003Cbr \/\u003E\u003Cstrong\u003ESource :\u003C\/strong\u003E\u003Cstrong\u003E\u00a0\u003C\/strong\u003E\u003C\/p\u003E\u003Cul\u003E\u003Cli\u003E\u003Ca href=\u0022https:\/\/www.insee.fr\/fr\/statistiques\/8725568\u0022 target=\u0022_blank\u0022 rel=\u0022noopener\u0022\u003EIndice de r\u00e9f\u00e9rence des loyers \u2013 4e trimestre 2025\u003C\/a\u003E\u003C\/li\u003E\u003C\/ul\u003E\u003C\/div\u003E","annee":"2025","theme":" Indices, taux, bar\u00e8mes juridiques","activites":["Agent immobilier","Professionnels du droit et du chiffre","Promoteur \/ Lotisseur \/ Architecte \/ G\u00e9om\u00e8tre"],"image":"https:\/\/www.weblex.fr\/sites\/default\/files\/chiffres_clef\/Shutterstock_tireliremaisonloyer.jpg","created":"2026-01-22","modified":"2026-03-20"},{"url":"\/chiffres-cles\/indice-de-reference-des-loyers-outre-mer-annee-2025","id":26224,"title":"Indice de r\u00e9f\u00e9rence des loyers \u2013 Outre-mer \u2013 Ann\u00e9e 2025","content":"\u003Cdiv\u003E                                              \u003Cp\u003EIndice de r\u00e9f\u00e9rence des loyers (r\u00e9f\u00e9rence 100 au 4e trimestre 1998)\u003C\/p\u003E\u003Ctable class=\u0022MsoTableGrid\u0022\u003E\u003Ctbody\u003E\u003Ctr\u003E\u003Ctd valign=\u0022top\u0022\u003E\u003Cp align=\u0022center\u0022\u003E\u003Cstrong\u003EP\u00e9riode\u003C\/strong\u003E\u003C\/p\u003E\u003C\/td\u003E\u003Ctd valign=\u0022top\u0022\u003E\u003Cp align=\u0022center\u0022\u003E\u003Cstrong\u003EIndice\u003C\/strong\u003E\u003C\/p\u003E\u003C\/td\u003E\u003Ctd valign=\u0022top\u0022\u003E\u003Cp align=\u0022center\u0022\u003E\u003Cstrong\u003EVariation sur 1 an\u003C\/strong\u003E\u003C\/p\u003E\u003C\/td\u003E\u003C\/tr\u003E\u003Ctr\u003E\u003Ctd valign=\u0022top\u0022\u003E\u003Cp\u003E1er trimestre 2025\u003C\/p\u003E\u003C\/td\u003E\u003Ctd valign=\u0022top\u0022\u003E\u003Cp align=\u0022center\u0022\u003E142,67\u003C\/p\u003E\u003C\/td\u003E\u003Ctd valign=\u0022top\u0022\u003E\u003Cp align=\u0022center\u0022\u003E+ 1,40\u0026nbsp;%\u003C\/p\u003E\u003C\/td\u003E\u003C\/tr\u003E\u003Ctr\u003E\u003Ctd valign=\u0022top\u0022\u003E\u003Cp\u003E2e trimestre 2025\u003C\/p\u003E\u003C\/td\u003E\u003Ctd valign=\u0022top\u0022\u003E\u003Cp align=\u0022center\u0022\u003E145,27\u003C\/p\u003E\u003C\/td\u003E\u003Ctd valign=\u0022top\u0022\u003E\u003Cp align=\u0022center\u0022\u003E+ 1,04\u0026nbsp;%\u003C\/p\u003E\u003C\/td\u003E\u003C\/tr\u003E\u003Ctr\u003E\u003Ctd valign=\u0022top\u0022\u003E\u003Cp\u003E3e trimestre 2025\u003C\/p\u003E\u003C\/td\u003E\u003Ctd valign=\u0022top\u0022\u003E\u003Cp align=\u0022center\u0022\u003E142,97\u003C\/p\u003E\u003C\/td\u003E\u003Ctd valign=\u0022top\u0022\u003E\u003Cp align=\u0022center\u0022\u003E+ 0,87\u0026nbsp;%\u003C\/p\u003E\u003C\/td\u003E\u003C\/tr\u003E\u003Ctr\u003E\u003Ctd valign=\u0022top\u0022\u003E\u003Cp\u003E4e trimestre 2025\u003C\/p\u003E\u003C\/td\u003E\u003Ctd valign=\u0022top\u0022\u003E\u003Cp align=\u0022center\u0022\u003E142,98\u003C\/p\u003E\u003C\/td\u003E\u003Ctd valign=\u0022top\u0022\u003E\u003Cp align=\u0022center\u0022\u003E+ 0,79\u0026nbsp;%\u003C\/p\u003E\u003C\/td\u003E\u003C\/tr\u003E\u003C\/tbody\u003E\u003C\/table\u003E                                            \u003Cp\u003E\u003Cbr \/\u003E\u003Cstrong\u003ESource :\u003C\/strong\u003E\u003Cstrong\u003E\u00a0\u003C\/strong\u003E\u003C\/p\u003E\u003Cul\u003E\u003Cli\u003E\u003Ca href=\u0022https:\/\/www.insee.fr\/fr\/statistiques\/8725568\u0022 target=\u0022_blank\u0022 rel=\u0022noopener\u0022\u003EIndice de r\u00e9f\u00e9rence des loyers \u2013 4e trimestre 2025\u003C\/a\u003E\u003C\/li\u003E\u003C\/ul\u003E\u003C\/div\u003E","annee":"2025","theme":" Indices, taux, bar\u00e8mes juridiques","activites":["Agent immobilier","Professionnels du droit et du chiffre","Promoteur \/ Lotisseur \/ Architecte \/ G\u00e9om\u00e8tre"],"image":"https:\/\/www.weblex.fr\/sites\/default\/files\/chiffres_clef\/Shutterstock_maisonsloyersoutremerindref.jpg","created":"2026-01-22","modified":"2026-04-17"},{"url":"\/chiffres-cles\/chiffres-cles-tarifs-des-commissaires-de-justice-prestations-diverses-2025","id":27661,"title":"Chiffres Cl\u00e9s : Tarifs des commissaires de justice \u2013 Prestations diverses - 2025","content":"\u003Cdiv\u003E                                              \u003Cp align=\u0022center\u0022\u003E\u003Cstrong\u003EDu 1er mars 2024 au 28 f\u00e9vrier 2026\u003C\/strong\u003E\u003C\/p\u003E\u003Cp\u003ELes prestations mentionn\u00e9es ci-dessous donnent lieu \u00e0 la perception des \u00e9moluments suivants:\u003C\/p\u003E\u003Ctable class=\u0022MsoTableGrid\u0022\u003E\u003Ctbody\u003E\u003Ctr\u003E\u003Ctd\u003E\u003Cp align=\u0022center\u0022\u003E\u003Cstrong\u003ED\u00c9SIGNATION DE LA PRESTATION\u003C\/strong\u003E\u003C\/p\u003E\u003C\/td\u003E\u003Ctd\u003E\u003Cp align=\u0022center\u0022\u003E\u003Cstrong\u003E\u00c9MOLUMENT\u003C\/strong\u003E\u003C\/p\u003E\u003C\/td\u003E\u003C\/tr\u003E\u003Ctr\u003E\u003Ctd valign=\u0022top\u0022\u003E\u003Cp align=\u0022center\u0022\u003EMainlev\u00e9e quittance au tiers saisi\u003C\/p\u003E\u003C\/td\u003E\u003Ctd\u003E\u003Cp align=\u0022center\u0022\u003E20,43 \u20ac\u003C\/p\u003E\u003C\/td\u003E\u003C\/tr\u003E\u003Ctr\u003E\u003Ctd valign=\u0022top\u0022\u003E\u003Cp align=\u0022center\u0022\u003EMainlev\u00e9e de saisie-vente et la mainlev\u00e9e d\u0027opposition-jonction\u003C\/p\u003E\u003C\/td\u003E\u003Ctd\u003E\u003Cp align=\u0022center\u0022\u003E18,27 \u20ac\u003C\/p\u003E\u003C\/td\u003E\u003C\/tr\u003E\u003Ctr\u003E\u003Ctd valign=\u0022top\u0022\u003E\u003Cp align=\u0022center\u0022\u003EActe de consignation et mainlev\u00e9e totale ou partielle de saisie-vente, apr\u00e8s la vente amiable par le d\u00e9biteur\u003C\/p\u003E\u003C\/td\u003E\u003Ctd\u003E\u003Cp align=\u0022center\u0022\u003E37,62 \u20ac\u003C\/p\u003E\u003C\/td\u003E\u003C\/tr\u003E\u003Ctr\u003E\u003Ctd valign=\u0022top\u0022\u003E\u003Cp align=\u0022center\u0022\u003EProc\u00e8s-verbal de consignation (offres r\u00e9elles)\u003C\/p\u003E\u003C\/td\u003E\u003Ctd\u003E\u003Cp align=\u0022center\u0022\u003E33,31 \u20ac\u003C\/p\u003E\u003C\/td\u003E\u003C\/tr\u003E\u003Ctr\u003E\u003Ctd valign=\u0022top\u0022\u003E\u003Cp align=\u0022center\u0022\u003EProc\u00e8s-verbal d\u0027expulsion ou reprise des lieux\u003C\/p\u003E\u003C\/td\u003E\u003Ctd\u003E\u003Cp align=\u0022center\u0022\u003E153,67 \u20ac\u003C\/p\u003E\u003C\/td\u003E\u003C\/tr\u003E\u003Ctr\u003E\u003Ctd valign=\u0022top\u0022\u003E\u003Cp align=\u0022center\u0022\u003EProc\u00e8s-verbal de consignation (expulsion)\u003C\/p\u003E\u003C\/td\u003E\u003Ctd\u003E\u003Cp align=\u0022center\u0022\u003E37,62 \u20ac\u003C\/p\u003E\u003C\/td\u003E\u003C\/tr\u003E\u003Ctr\u003E\u003Ctd valign=\u0022top\u0022\u003E\u003Cp align=\u0022center\u0022\u003EProc\u00e8s-verbal de destruction\u003C\/p\u003E\u003C\/td\u003E\u003Ctd\u003E\u003Cp align=\u0022center\u0022\u003E24,72 \u20ac\u003C\/p\u003E\u003C\/td\u003E\u003C\/tr\u003E\u003Ctr\u003E\u003Ctd valign=\u0022top\u0022\u003E\u003Cp align=\u0022center\u0022\u003ECong\u00e9s et demandes de renouvellement de bail commercial\u003C\/p\u003E\u003C\/td\u003E\u003Ctd\u003E\u003Cp align=\u0022center\u0022\u003E46,21 \u20ac\u003C\/p\u003E\u003C\/td\u003E\u003C\/tr\u003E\u003Ctr\u003E\u003Ctd valign=\u0022top\u0022\u003E\u003Cp align=\u0022center\u0022\u003ECong\u00e9s et offres de renouvellement de bail rural\u003C\/p\u003E\u003C\/td\u003E\u003Ctd\u003E\u003Cp align=\u0022center\u0022\u003E78,44 \u20ac\u003C\/p\u003E\u003C\/td\u003E\u003C\/tr\u003E\u003Ctr\u003E\u003Ctd valign=\u0022top\u0022\u003E\u003Cp align=\u0022center\u0022\u003EConstatation de l\u0027abandon du local d\u0027habitation avec inventaire des meubles laiss\u00e9s sur place\u003C\/p\u003E\u003C\/td\u003E\u003Ctd\u003E\u003Cp align=\u0022center\u0022\u003E56,96 \u20ac\u003C\/p\u003E\u003C\/td\u003E\u003C\/tr\u003E\u003C\/tbody\u003E\u003C\/table\u003E\u003Cp\u003ESi, \u00e0 compter de la demande du client, les prestations suivantes sont r\u00e9alis\u00e9es dans un d\u00e9lai inf\u00e9rieur au d\u00e9lai de r\u00e9f\u00e9rence pr\u00e9cis\u00e9 dans le tableau ci-dessous, elles donnent lieu \u00e0 la perception d\u0027un \u00e9molument major\u00e9, \u00e0 savoir :\u003C\/p\u003E\u003Ctable class=\u0022MsoTableGrid\u0022\u003E\u003Ctbody\u003E\u003Ctr\u003E\u003Ctd\u003E\u003Cp align=\u0022center\u0022\u003E\u003Cstrong\u003ED\u00c9SIGNATION DE LA PRESTATION\u003C\/strong\u003E\u003C\/p\u003E\u003C\/td\u003E\u003Ctd\u003E\u003Cp align=\u0022center\u0022\u003E\u003Cstrong\u003ED\u00c9LAI DE R\u00c9F\u00c9RENCE\u003C\/strong\u003E\u003C\/p\u003E\u003C\/td\u003E\u003Ctd valign=\u0022top\u0022\u003E\u003Cp align=\u0022center\u0022\u003E\u003Cstrong\u003ETARIF MAJOR\u00c9\u003C\/strong\u003E\u003C\/p\u003E\u003C\/td\u003E\u003C\/tr\u003E\u003Ctr\u003E\u003Ctd valign=\u0022top\u0022\u003E\u003Cp align=\u0022center\u0022\u003ECong\u00e9s et demandes de renouvellement de bail commercial\u003C\/p\u003E\u003C\/td\u003E\u003Ctd\u003E\u003Cp align=\u0022center\u0022\u003E24 heures\u003C\/p\u003E\u003C\/td\u003E\u003Ctd\u003E\u003Cp align=\u0022center\u0022\u003E90,18 \u20ac\u003C\/p\u003E\u003C\/td\u003E\u003C\/tr\u003E\u003Ctr\u003E\u003Ctd valign=\u0022top\u0022\u003E\u003Cp align=\u0022center\u0022\u003ECong\u00e9s et offres de renouvellement de bail rural\u003C\/p\u003E\u003C\/td\u003E\u003Ctd\u003E\u003Cp align=\u0022center\u0022\u003E24 heures\u003C\/p\u003E\u003C\/td\u003E\u003Ctd\u003E\u003Cp align=\u0022center\u0022\u003E90,18 \u20ac\u003C\/p\u003E\u003C\/td\u003E\u003C\/tr\u003E\u003C\/tbody\u003E\u003C\/table\u003E\u003Cp\u003ELorsque la r\u00e9alisation de la prestation \u00ab proc\u00e8s-verbal d\u0027expulsion ou reprise des lieux \u00bb requiert un d\u00e9lai d\u0027ex\u00e9cution sup\u00e9rieur \u00e0 sa dur\u00e9e de r\u00e9f\u00e9rence (15 minutes), elle donne lieu \u00e0 la perception d\u0027un \u00e9molument compl\u00e9mentaire de vacation \u00e9gal \u00e0 75,15 \u20ac par demi-heure, chaque demi-heure suppl\u00e9mentaire \u00e9tant due en entier.\u003C\/p\u003E\u003Cp\u003EL\u0027\u00e9tablissement d\u0027un \u00e9tat des lieux \u00e0 frais partag\u00e9s entre le bailleur et le locataire donne lieu \u00e0 la perception d\u0027un \u00e9molument fonction de la superficie du bien locatif, selon le bar\u00e8me suivant :\u003C\/p\u003E\u003Ctable class=\u0022MsoTableGrid\u0022\u003E\u003Ctbody\u003E\u003Ctr\u003E\u003Ctd\u003E\u003Cp align=\u0022center\u0022\u003E\u003Cstrong\u003ESUPERFICIE DU BIEN LOCATIF\u003C\/strong\u003E\u003C\/p\u003E\u003C\/td\u003E\u003Ctd\u003E\u003Cp align=\u0022center\u0022\u003E\u003Cstrong\u003E\u00c9MOLUMENT\u003C\/strong\u003E\u003C\/p\u003E\u003C\/td\u003E\u003C\/tr\u003E\u003Ctr\u003E\u003Ctd valign=\u0022top\u0022\u003E\u003Cp align=\u0022center\u0022\u003EInf\u00e9rieure ou \u00e9gale \u00e0 50 m2\u003C\/p\u003E\u003C\/td\u003E\u003Ctd\u003E\u003Cp align=\u0022center\u0022\u003E110,68 \u20ac\u003C\/p\u003E\u003C\/td\u003E\u003C\/tr\u003E\u003Ctr\u003E\u003Ctd valign=\u0022top\u0022\u003E\u003Cp align=\u0022center\u0022\u003ESup\u00e9rieure \u00e0 50 m2 et inf\u00e9rieure ou \u00e9gale \u00e0 150 m2\u003C\/p\u003E\u003C\/td\u003E\u003Ctd\u003E\u003Cp align=\u0022center\u0022\u003E128,95 \u20ac\u003C\/p\u003E\u003C\/td\u003E\u003C\/tr\u003E\u003Ctr\u003E\u003Ctd valign=\u0022top\u0022\u003E\u003Cp align=\u0022center\u0022\u003ESup\u00e9rieur \u00e0 150 m2\u003C\/p\u003E\u003C\/td\u003E\u003Ctd\u003E\u003Cp align=\u0022center\u0022\u003E193,43 \u20ac\u003C\/p\u003E\u003C\/td\u003E\u003C\/tr\u003E\u003C\/tbody\u003E\u003C\/table\u003E\u003Cp\u003ELes prestations mentionn\u00e9es ci-dessous donnent lieu \u00e0 la perception des \u00e9moluments suivants :\u003C\/p\u003E\u003Ctable class=\u0022MsoTableGrid\u0022\u003E\u003Ctbody\u003E\u003Ctr\u003E\u003Ctd\u003E\u003Cp align=\u0022center\u0022\u003E\u003Cstrong\u003ED\u00c9SIGNATION DE LA PRESTATION\u003C\/strong\u003E\u003C\/p\u003E\u003C\/td\u003E\u003Ctd\u003E\u003Cp align=\u0022center\u0022\u003E\u003Cstrong\u003E\u00c9MOLUMENT\u003C\/strong\u003E\u003C\/p\u003E\u003C\/td\u003E\u003C\/tr\u003E\u003Ctr\u003E\u003Ctd valign=\u0022top\u0022\u003E\u003Cp align=\u0022center\u0022\u003ED\u00e9livrance du titre ex\u00e9cutoire par l\u0027huissier dans le cadre du recouvrement des petites cr\u00e9ances\u003C\/p\u003E\u003C\/td\u003E\u003Ctd\u003E\u003Cp align=\u0022center\u0022\u003E25,05 \u20ac\u003C\/p\u003E\u003C\/td\u003E\u003C\/tr\u003E\u003Ctr\u003E\u003Ctd valign=\u0022top\u0022\u003E\u003Cp align=\u0022center\u0022\u003EProc\u00e8s-verbal de description des lieux (saisie immobili\u00e8re)\u003C\/p\u003E\u003C\/td\u003E\u003Ctd\u003E\u003Cp align=\u0022center\u0022\u003E110,68 \u20ac\u003C\/p\u003E\u003C\/td\u003E\u003C\/tr\u003E\u003Ctr\u003E\u003Ctd valign=\u0022top\u0022\u003E\u003Cp align=\u0022center\u0022\u003EOpposition \u00e0 mariage\u003C\/p\u003E\u003C\/td\u003E\u003Ctd\u003E\u003Cp align=\u0022center\u0022\u003E33,31 \u20ac\u003C\/p\u003E\u003C\/td\u003E\u003C\/tr\u003E\u003Ctr\u003E\u003Ctd valign=\u0022top\u0022\u003E\u003Cp align=\u0022center\u0022\u003ESignification en provenance d\u0027un autre \u00c9tat\u003C\/p\u003E\u003C\/td\u003E\u003Ctd\u003E\u003Cp align=\u0022center\u0022\u003E48,85 \u20ac\u003C\/p\u003E\u003C\/td\u003E\u003C\/tr\u003E\u003Ctr\u003E\u003Ctd valign=\u0022top\u0022\u003E\u003Cp align=\u0022center\u0022\u003ETransmission de la demande de signification ou de notification dans un autre \u00c9tat \u00e9tranger\u003C\/p\u003E\u003C\/td\u003E\u003Ctd\u003E\u003Cp align=\u0022center\u0022\u003E35,47 \u20ac\u003C\/p\u003E\u003C\/td\u003E\u003C\/tr\u003E\u003Ctr\u003E\u003Ctd valign=\u0022top\u0022\u003E\u003Cp align=\u0022center\u0022\u003EProc\u00e8s-verbal d\u0027apposition des scell\u00e9s sans diligences particuli\u00e8res\u003C\/p\u003E\u003C\/td\u003E\u003Ctd\u003E\u003Cp align=\u0022center\u0022\u003E110,68 \u20ac\u003C\/p\u003E\u003C\/td\u003E\u003C\/tr\u003E\u003Ctr\u003E\u003Ctd valign=\u0022top\u0022\u003E\u003Cp align=\u0022center\u0022\u003EProc\u00e8s-verbal d\u0027apposition des scell\u00e9s donnant lieu \u00e0 des diligences particuli\u00e8res\u003C\/p\u003E\u003C\/td\u003E\u003Ctd\u003E\u003Cp align=\u0022center\u0022\u003E144,00 \u20ac\u003C\/p\u003E\u003C\/td\u003E\u003C\/tr\u003E\u003Ctr\u003E\u003Ctd valign=\u0022top\u0022\u003E\u003Cp align=\u0022center\u0022\u003EProc\u00e8s-verbal de carence\u003C\/p\u003E\u003C\/td\u003E\u003Ctd\u003E\u003Cp align=\u0022center\u0022\u003E33,31 \u20ac\u003C\/p\u003E\u003C\/td\u003E\u003C\/tr\u003E\u003Ctr\u003E\u003Ctd valign=\u0022top\u0022\u003E\u003Cp align=\u0022center\u0022\u003ESommation d\u0027assister aux op\u00e9rations de lev\u00e9e des scell\u00e9s\u003C\/p\u003E\u003C\/td\u003E\u003Ctd\u003E\u003Cp align=\u0022center\u0022\u003E24,72 \u20ac\u003C\/p\u003E\u003C\/td\u003E\u003C\/tr\u003E\u003Ctr\u003E\u003Ctd valign=\u0022top\u0022\u003E\u003Cp align=\u0022center\u0022\u003EActe d\u0027inventaire lors de la lev\u00e9e des scell\u00e9s\u003C\/p\u003E\u003C\/td\u003E\u003Ctd\u003E\u003Cp align=\u0022center\u0022\u003E56,96 \u20ac\u003C\/p\u003E\u003C\/td\u003E\u003C\/tr\u003E\u003Ctr\u003E\u003Ctd valign=\u0022top\u0022\u003E\u003Cp align=\u0022center\u0022\u003EProc\u00e8s-verbal de lev\u00e9e des scell\u00e9s\u003C\/p\u003E\u003C\/td\u003E\u003Ctd\u003E\u003Cp align=\u0022center\u0022\u003E110,68 \u20ac\u003C\/p\u003E\u003C\/td\u003E\u003C\/tr\u003E\u003Ctr\u003E\u003Ctd valign=\u0022top\u0022\u003E\u003Cp align=\u0022center\u0022\u003E\u00c9tat descriptif\u003C\/p\u003E\u003C\/td\u003E\u003Ctd\u003E\u003Cp align=\u0022center\u0022\u003E64,48 \u20ac\u003C\/p\u003E\u003C\/td\u003E\u003C\/tr\u003E\u003Ctr\u003E\u003Ctd valign=\u0022top\u0022\u003E\u003Cp align=\u0022center\u0022\u003E\u00c9tat descriptif avec diligences particuli\u00e8res\u003C\/p\u003E\u003C\/td\u003E\u003Ctd\u003E\u003Cp align=\u0022center\u0022\u003E97,79 \u20ac\u003C\/p\u003E\u003C\/td\u003E\u003C\/tr\u003E\u003Ctr\u003E\u003Ctd valign=\u0022top\u0022\u003E\u003Cp align=\u0022center\u0022\u003EProc\u00e8s-verbal de d\u00e9placement des scell\u00e9s\u003C\/p\u003E\u003C\/td\u003E\u003Ctd\u003E\u003Cp align=\u0022center\u0022\u003E33,31 \u20ac\u003C\/p\u003E\u003C\/td\u003E\u003C\/tr\u003E\u003C\/tbody\u003E\u003C\/table\u003E\u003Cp\u003ELorsque la r\u00e9alisation des prestations suivantes requiert un d\u00e9lai d\u0027ex\u00e9cution sup\u00e9rieur \u00e0 la dur\u00e9e de r\u00e9f\u00e9rence pr\u00e9cis\u00e9e dans le tableau ci-dessous, elle donne lieu \u00e0 la perception d\u0027un \u00e9molument compl\u00e9mentaire de vacation \u00e9gal \u00e0 75,15 \u20ac par demi-heure, chaque demi-heure suppl\u00e9mentaire \u00e9tant due en entier :\u003C\/p\u003E\u003Ctable class=\u0022MsoTableGrid\u0022\u003E\u003Ctbody\u003E\u003Ctr\u003E\u003Ctd\u003E\u003Cp align=\u0022center\u0022\u003E\u003Cstrong\u003ED\u00c9SIGNATION DE LA PRESTATION\u003C\/strong\u003E\u003C\/p\u003E\u003C\/td\u003E\u003Ctd\u003E\u003Cp align=\u0022center\u0022\u003E\u003Cstrong\u003EDUR\u00c9E D\u2019EX\u00c9CUTION DE R\u00c9F\u00c9RENCE\u003C\/strong\u003E\u003C\/p\u003E\u003C\/td\u003E\u003C\/tr\u003E\u003Ctr\u003E\u003Ctd valign=\u0022top\u0022\u003E\u003Cp align=\u0022center\u0022\u003EProc\u00e8s-verbal de description des lieux\u003C\/p\u003E\u003C\/td\u003E\u003Ctd\u003E\u003Cp align=\u0022center\u0022\u003E60 minutes\u003C\/p\u003E\u003C\/td\u003E\u003C\/tr\u003E\u003Ctr\u003E\u003Ctd valign=\u0022top\u0022\u003E\u003Cp align=\u0022center\u0022\u003EOpposition \u00e0 mariage\u003C\/p\u003E\u003C\/td\u003E\u003Ctd\u003E\u003Cp align=\u0022center\u0022\u003E10 minutes\u003C\/p\u003E\u003C\/td\u003E\u003C\/tr\u003E\u003C\/tbody\u003E\u003C\/table\u003E\u003Cp\u003ELa prestation d\u0027assistance du greffier en chef donne lieu \u00e0 la perception d\u0027un \u00e9molument fonction du montant total le plus \u00e9lev\u00e9 des sommes inscrites comme d\u00e9penses ou ressources dans le compte de l\u0027ann\u00e9e, selon le bar\u00e8me suivant :\u003C\/p\u003E\u003Ctable class=\u0022MsoTableGrid\u0022\u003E\u003Ctbody\u003E\u003Ctr\u003E\u003Ctd\u003E\u003Cp align=\u0022center\u0022\u003E\u003Cstrong\u003ETOTAL LE PLUS \u00c9LEV\u00c9 DES SOMMES INSCRITES COMME D\u00c9PENSES OU RESSOURCES DANS LE COMPTE DE L\u2019ANNEE\u003C\/strong\u003E\u003C\/p\u003E\u003C\/td\u003E\u003Ctd\u003E\u003Cp align=\u0022center\u0022\u003E\u003Cstrong\u003E\u00c9MOLUMENT\u003C\/strong\u003E\u003C\/p\u003E\u003C\/td\u003E\u003C\/tr\u003E\u003Ctr\u003E\u003Ctd valign=\u0022top\u0022\u003E\u003Cp align=\u0022center\u0022\u003EInf\u00e9rieure ou \u00e9gale \u00e0 25\u0026nbsp;000 \u20ac\u003C\/p\u003E\u003C\/td\u003E\u003Ctd\u003E\u003Cp align=\u0022center\u0022\u003E85,97 \u20ac\u003C\/p\u003E\u003C\/td\u003E\u003C\/tr\u003E\u003Ctr\u003E\u003Ctd valign=\u0022top\u0022\u003E\u003Cp align=\u0022center\u0022\u003ESup\u00e9rieure \u00e0 25\u0026nbsp;000 \u20ac et inf\u00e9rieure ou \u00e9gale \u00e0 40\u0026nbsp;000 \u20ac\u003C\/p\u003E\u003C\/td\u003E\u003Ctd\u003E\u003Cp align=\u0022center\u0022\u003E107,46 \u20ac\u003C\/p\u003E\u003C\/td\u003E\u003C\/tr\u003E\u003Ctr\u003E\u003Ctd valign=\u0022top\u0022\u003E\u003Cp align=\u0022center\u0022\u003ESup\u00e9rieure \u00e0 40\u0026nbsp;000 \u20ac et inf\u00e9rieure ou \u00e9gale \u00e0 70\u0026nbsp;000 \u20ac\u003C\/p\u003E\u003C\/td\u003E\u003Ctd\u003E\u003Cp align=\u0022center\u0022\u003E128,95 \u20ac\u003C\/p\u003E\u003C\/td\u003E\u003C\/tr\u003E\u003Ctr\u003E\u003Ctd valign=\u0022top\u0022\u003E\u003Cp align=\u0022center\u0022\u003ESup\u00e9rieur \u00e0 70\u0026nbsp;000 \u20ac\u003C\/p\u003E\u003C\/td\u003E\u003Ctd\u003E\u003Cp align=\u0022center\u0022\u003E171,94 \u20ac\u003C\/p\u003E\u003C\/td\u003E\u003C\/tr\u003E\u003C\/tbody\u003E\u003C\/table\u003E\u003Cp\u003ELa prestation de recouvrement ou d\u0027encaissement donne lieu \u00e0 la perception, d\u0027un \u00e9molument ainsi fix\u00e9 :\u003C\/p\u003E\u003Cul\u003E\u003Cli\u003Esi le montant de la cr\u00e9ance est inf\u00e9rieur ou \u00e9gal \u00e0 44 \u20ac, un \u00e9molument fixe de 4,30 \u20ac\u0026nbsp;;\u003C\/li\u003E\u003Cli\u003Eau-del\u00e0 du seuil de 44 \u20ac, dans la limite de 550 \u20ac, un \u00e9molument proportionnel aux sommes encaiss\u00e9es ou recouvr\u00e9es au titre du principal de la cr\u00e9ance ou du montant de la condamnation, \u00e0 l\u0027exclusion des d\u00e9pens, selon le bar\u00e8me suivant\u0026nbsp;:\u003C\/li\u003E\u003C\/ul\u003E\u003Ctable class=\u0022MsoTableGrid\u0022\u003E\u003Ctbody\u003E\u003Ctr\u003E\u003Ctd\u003E\u003Cp align=\u0022center\u0022\u003E\u003Cstrong\u003ETRANCHES D\u2019ASSIETTE\u003C\/strong\u003E\u003C\/p\u003E\u003C\/td\u003E\u003Ctd\u003E\u003Cp align=\u0022center\u0022\u003E\u003Cstrong\u003ETAUX APPLICABLE\u003C\/strong\u003E\u003C\/p\u003E\u003C\/td\u003E\u003C\/tr\u003E\u003Ctr\u003E\u003Ctd valign=\u0022top\u0022\u003E\u003Cp align=\u0022center\u0022\u003EDe 0 \u00e0 125 \u20ac\u003C\/p\u003E\u003C\/td\u003E\u003Ctd\u003E\u003Cp align=\u0022center\u0022\u003E9,77 %\u003C\/p\u003E\u003C\/td\u003E\u003C\/tr\u003E\u003Ctr\u003E\u003Ctd valign=\u0022top\u0022\u003E\u003Cp align=\u0022center\u0022\u003EDe 125 \u20ac \u00e0 610 \u20ac\u003C\/p\u003E\u003C\/td\u003E\u003Ctd\u003E\u003Cp align=\u0022center\u0022\u003E6,35 %\u003C\/p\u003E\u003C\/td\u003E\u003C\/tr\u003E\u003Ctr\u003E\u003Ctd valign=\u0022top\u0022\u003E\u003Cp align=\u0022center\u0022\u003EDe 610 \u20ac \u00e0 1\u0026nbsp;525 \u20ac\u003C\/p\u003E\u003C\/td\u003E\u003Ctd\u003E\u003Cp align=\u0022center\u0022\u003E3,41 %\u003C\/p\u003E\u003C\/td\u003E\u003C\/tr\u003E\u003Ctr\u003E\u003Ctd valign=\u0022top\u0022\u003E\u003Cp align=\u0022center\u0022\u003EPlus de 1\u0026nbsp;525 \u20ac\u003C\/p\u003E\u003C\/td\u003E\u003Ctd\u003E\u003Cp align=\u0022center\u0022\u003E0,29 %\u003C\/p\u003E\u003C\/td\u003E\u003C\/tr\u003E\u003C\/tbody\u003E\u003C\/table\u003E\u003Cp\u003ELes taux mentionn\u00e9s dans ce bar\u00e8me sont doubl\u00e9s lorsque le recouvrement ou l\u0027encaissement est effectu\u00e9 sur le fondement d\u0027un titre ex\u00e9cutoire constatant une cr\u00e9ance alimentaire.\u003C\/p\u003E\u003Cp\u003ELa prestation de recouvrement ou d\u0027encaissement donne lieu \u00e0 la perception d\u0027un \u00e9molument ainsi fix\u00e9 :\u003C\/p\u003E\u003Cul\u003E\u003Cli\u003Esi le montant de la cr\u00e9ance est inf\u00e9rieur ou \u00e9gal \u00e0 188 \u20ac, un \u00e9molument fixe de 21,50 \u20ac\u0026nbsp;;\u003C\/li\u003E\u003Cli\u003Eau-del\u00e0 du seuil de 188 \u20ac ci-dessus, dans la limite de 5\u0026nbsp;540 \u20ac, un \u00e9molument proportionnel aux sommes encaiss\u00e9es ou recouvr\u00e9es au titre de la cr\u00e9ance en principal ou du montant de la condamnation, \u00e0 l\u0027exclusion des d\u00e9pens, selon le bar\u00e8me suivant\u0026nbsp;:\u003C\/li\u003E\u003C\/ul\u003E\u003Ctable class=\u0022MsoTableGrid\u0022\u003E\u003Ctbody\u003E\u003Ctr\u003E\u003Ctd\u003E\u003Cp align=\u0022center\u0022\u003E\u003Cstrong\u003ETRANCHES D\u2019ASSIETTE\u003C\/strong\u003E\u003C\/p\u003E\u003C\/td\u003E\u003Ctd\u003E\u003Cp align=\u0022center\u0022\u003E\u003Cstrong\u003ETAUX APPLICABLE\u003C\/strong\u003E\u003C\/p\u003E\u003C\/td\u003E\u003C\/tr\u003E\u003Ctr\u003E\u003Ctd valign=\u0022top\u0022\u003E\u003Cp align=\u0022center\u0022\u003EDe 0 \u00e0 125 \u20ac\u003C\/p\u003E\u003C\/td\u003E\u003Ctd\u003E\u003Cp align=\u0022center\u0022\u003E11,73 %\u003C\/p\u003E\u003C\/td\u003E\u003C\/tr\u003E\u003Ctr\u003E\u003Ctd valign=\u0022top\u0022\u003E\u003Cp align=\u0022center\u0022\u003EDe 125 \u20ac \u00e0 610 \u20ac\u003C\/p\u003E\u003C\/td\u003E\u003Ctd\u003E\u003Cp align=\u0022center\u0022\u003E10,75 %\u003C\/p\u003E\u003C\/td\u003E\u003C\/tr\u003E\u003Ctr\u003E\u003Ctd valign=\u0022top\u0022\u003E\u003Cp align=\u0022center\u0022\u003EDe 610 \u20ac \u00e0 1\u0026nbsp;525 \u20ac\u003C\/p\u003E\u003C\/td\u003E\u003Ctd\u003E\u003Cp align=\u0022center\u0022\u003E10,26 %\u003C\/p\u003E\u003C\/td\u003E\u003C\/tr\u003E\u003Ctr\u003E\u003Ctd valign=\u0022top\u0022\u003E\u003Cp align=\u0022center\u0022\u003EDe 1\u0026nbsp;525 \u20ac \u00e0 52\u0026nbsp;400 \u20ac\u003C\/p\u003E\u003C\/td\u003E\u003Ctd\u003E\u003Cp align=\u0022center\u0022\u003E3,91 %\u003C\/p\u003E\u003C\/td\u003E\u003C\/tr\u003E\u003Ctr\u003E\u003Ctd valign=\u0022top\u0022\u003E\u003Cp align=\u0022center\u0022\u003EPlus de 52\u0026nbsp;400 \u20ac\u003C\/p\u003E\u003C\/td\u003E\u003Ctd\u003E\u003Cp align=\u0022center\u0022\u003E3,01 %\u003C\/p\u003E\u003C\/td\u003E\u003C\/tr\u003E\u003C\/tbody\u003E\u003C\/table\u003E\u003Cp\u003EEn cas de paiement par acomptes successifs, cet \u00e9molument proportionnel est calcul\u00e9 sur la totalit\u00e9 des sommes encaiss\u00e9es ou recouvr\u00e9es et non sur chaque acompte.\u003C\/p\u003E\u003Cp\u003EL\u0027\u00e9tablissement d\u0027un proc\u00e8s-verbal constatant que le destinataire de la signification est sans domicile, ni r\u00e9sidence ni lieu de travail connus donne lieu \u00e0 la perception d\u0027un \u00e9molument de 15,05 \u20ac.\u003C\/p\u003E                                            \u003Cp\u003E\u003Cbr \/\u003E\u003Cstrong\u003ESource :\u003C\/strong\u003E\u003Cstrong\u003E\u00a0\u003C\/strong\u003E\u003C\/p\u003E\u003Cul\u003E\u003Cli\u003E\u003Ca href=\u0022https:\/\/www.legifrance.gouv.fr\/codes\/section_lc\/LEGITEXT000005634379\/LEGISCTA000032127746\/#LEGISCTA000032127746\u0022 target=\u0022_blank\u0022 rel=\u0022noopener\u0022\u003EArticles A 444-24 \u00e0 A 444-33 du Code de commerce\u003C\/a\u003E\u003C\/li\u003E\u003Cli\u003E\u003Ca href=\u0022https:\/\/www.legifrance.gouv.fr\/jorf\/id\/JORFTEXT000049209818\u0022 target=\u0022_blank\u0022 rel=\u0022noopener\u0022\u003EArr\u00eat\u00e9 du 28 f\u00e9vrier 2024 fixant l\u0027objectif de taux de r\u00e9sultat moyen et les tarifs r\u00e9glement\u00e9s des huissiers de justice et commissaires-priseurs judiciaires\u003C\/a\u003E\u003C\/li\u003E\u003C\/ul\u003E\u003C\/div\u003E","annee":"2025","theme":" Indices, taux, bar\u00e8mes juridiques","activites":["Professionnels du droit et du chiffre"],"image":"https:\/\/www.weblex.fr\/sites\/default\/files\/chiffres_clef\/Shutterstock_sabliercommissaire.jpg","created":"2026-01-22","modified":"2026-01-22"},{"url":"\/chiffres-cles\/conditions-de-ressources-du-pret-avance-mutation-ne-portant-pas-interet-2025","id":27654,"title":"Conditions de ressources du pr\u00eat avance mutation ne portant pas int\u00e9r\u00eat  - 2025","content":"\u003Cdiv\u003E                                              \u003Cp\u003ELe pr\u00eat avance mutation ne portant pas int\u00e9r\u00eat, aussi appel\u00e9 pr\u00eat avance r\u00e9novation (PAR+) s\u0027adresse aux m\u00e9nages des cat\u00e9gories de ressources \u00ab modestes \u00bb et \u00ab tr\u00e8s modestes \u00bb.\u0026nbsp;\u003C\/p\u003E\u003Cp\u003EIl permet de financer des travaux de r\u00e9novation sur un logement priv\u00e9 occup\u00e9 \u00e0 titre de r\u00e9sidence principale.\u0026nbsp;\u003C\/p\u003E\u003Cp\u003ELes plafonds de ressources sont \u00e9tablis en fonction du nombre de personnes composant le m\u00e9nage et de la localisation du logement.\u003C\/p\u003E\u003Ctable class=\u0022MsoTableGrid\u0022\u003E\u003Ctbody\u003E\u003Ctr\u003E\u003Ctd valign=\u0022top\u0022\u003E\u003Cp align=\u0022center\u0022\u003E\u003Cstrong\u003ENombre de personnes composant le m\u00e9nage\u003C\/strong\u003E\u003C\/p\u003E\u003C\/td\u003E\u003Ctd valign=\u0022top\u0022\u003E\u003Cp align=\u0022center\u0022\u003E\u003Cstrong\u003E\u00cele-de-France\u0026nbsp;\u003C\/strong\u003E\u003C\/p\u003E\u003C\/td\u003E\u003Ctd valign=\u0022top\u0022\u003E\u003Cp align=\u0022center\u0022\u003E\u003Cstrong\u003EAutres collectivit\u00e9s\u003C\/strong\u003E\u003C\/p\u003E\u003C\/td\u003E\u003C\/tr\u003E\u003Ctr\u003E\u003Ctd valign=\u0022top\u0022\u003E\u003Cp\u003E1\u003C\/p\u003E\u003C\/td\u003E\u003Ctd valign=\u0022top\u0022\u003E\u003Cp align=\u0022center\u0022\u003E28 933 \u20ac\u003C\/p\u003E\u003C\/td\u003E\u003Ctd valign=\u0022top\u0022\u003E\u003Cp align=\u0022center\u0022\u003E22 015 \u20ac\u003C\/p\u003E\u003C\/td\u003E\u003C\/tr\u003E\u003Ctr\u003E\u003Ctd valign=\u0022top\u0022\u003E\u003Cp\u003E2\u003C\/p\u003E\u003C\/td\u003E\u003Ctd valign=\u0022top\u0022\u003E\u003Cp align=\u0022center\u0022\u003E42 463 \u20ac\u003C\/p\u003E\u003C\/td\u003E\u003Ctd valign=\u0022top\u0022\u003E\u003Cp align=\u0022center\u0022\u003E32 197 \u20ac\u003C\/p\u003E\u003C\/td\u003E\u003C\/tr\u003E\u003Ctr\u003E\u003Ctd valign=\u0022top\u0022\u003E\u003Cp\u003E3\u003C\/p\u003E\u003C\/td\u003E\u003Ctd valign=\u0022top\u0022\u003E\u003Cp align=\u0022center\u0022\u003E51 000 \u20ac\u003C\/p\u003E\u003C\/td\u003E\u003Ctd valign=\u0022top\u0022\u003E\u003Cp align=\u0022center\u0022\u003E38 719 \u20ac\u003C\/p\u003E\u003C\/td\u003E\u003C\/tr\u003E\u003Ctr\u003E\u003Ctd valign=\u0022top\u0022\u003E\u003Cp\u003E4\u003C\/p\u003E\u003C\/td\u003E\u003Ctd valign=\u0022top\u0022\u003E\u003Cp align=\u0022center\u0022\u003E59 549 \u20ac\u003C\/p\u003E\u003C\/td\u003E\u003Ctd valign=\u0022top\u0022\u003E\u003Cp align=\u0022center\u0022 s=\u0022\u0022\u003E45 234 \u20ac\u003C\/p\u003E\u003C\/td\u003E\u003C\/tr\u003E\u003Ctr\u003E\u003Ctd valign=\u0022top\u0022\u003E\u003Cp\u003E5\u003C\/p\u003E\u003C\/td\u003E\u003Ctd valign=\u0022top\u0022\u003E\u003Cp align=\u0022center\u0022\u003E68 123 \u20ac\u003C\/p\u003E\u003C\/td\u003E\u003Ctd valign=\u0022top\u0022\u003E\u003Cp align=\u0022center\u0022\u003E51 775 \u20ac\u003C\/p\u003E\u003C\/td\u003E\u003C\/tr\u003E\u003Ctr\u003E\u003Ctd valign=\u0022top\u0022\u003E\u003Cp\u003EPar personne suppl\u00e9mentaire\u003C\/p\u003E\u003C\/td\u003E\u003Ctd valign=\u0022top\u0022\u003E\u003Cp align=\u0022center\u0022\u003E8 568 \u20ac\u003C\/p\u003E\u003C\/td\u003E\u003Ctd valign=\u0022top\u0022\u003E\u003Cp align=\u0022center\u0022\u003E6 525 \u20ac\u003C\/p\u003E\u003C\/td\u003E\u003C\/tr\u003E\u003C\/tbody\u003E\u003C\/table\u003E                                            \u003Cp\u003E\u003Cbr \/\u003E\u003Cstrong\u003ESource :\u003C\/strong\u003E\u003Cstrong\u003E\u00a0\u003C\/strong\u003E\u003C\/p\u003E\u003Cul\u003E\u003Cli\u003E\u003Ca href=\u0022https:\/\/www.legifrance.gouv.fr\/jorf\/id\/JORFTEXT000050854838\u0022 target=\u0022_blank\u0022\u003EArr\u00eat\u00e9 du 23 d\u00e9cembre 2024 relatif aux conditions de ressources applicables au pr\u00eat avance mutation ne portant pas int\u00e9r\u00eat destin\u00e9 au financement de travaux permettant d\u0027am\u00e9liorer la performance \u00e9nerg\u00e9tique des logements anciens\u003C\/a\u003E\u003C\/li\u003E\u003C\/ul\u003E\u003C\/div\u003E","annee":"2025","theme":" Indices, taux, bar\u00e8mes juridiques","activites":["Agent immobilier","Promoteur \/ Lotisseur \/ Architecte \/ G\u00e9om\u00e8tre"],"image":"https:\/\/www.weblex.fr\/sites\/default\/files\/chiffres_clef\/Shutterstock_tauxmodestestresmodestes.jpg","created":"2026-01-21","modified":"2026-01-21"},{"url":"\/chiffres-cles\/immatriculation-de-voitures-particulieres-annee-2025","id":25833,"title":"Immatriculation de voitures particuli\u00e8res - Ann\u00e9e 2025","content":"\u003Cdiv\u003E                                              \u003Ctable class=\u0022MsoTableGrid\u0022\u003E\u003Ctbody\u003E\u003Ctr\u003E\u003Ctd valign=\u0022top\u0022\u003E\u003Cp align=\u0022center\u0022\u003E\u003Cstrong\u003EP\u00e9riode\u003C\/strong\u003E\u003C\/p\u003E\u003C\/td\u003E\u003Ctd valign=\u0022top\u0022\u003E\u003Cp align=\u0022center\u0022\u003E\u003Cstrong\u003EVariation mensuelle\u003C\/strong\u003E\u003C\/p\u003E\u003C\/td\u003E\u003Ctd valign=\u0022top\u0022\u003E\u003Cp align=\u0022center\u0022\u003E\u003Cstrong\u003ENombre d\u2019immatriculation\u003C\/strong\u003E\u003C\/p\u003E\u003C\/td\u003E\u003C\/tr\u003E\u003Ctr\u003E\u003Ctd valign=\u0022top\u0022\u003E\u003Cp\u003EJanvier 2025\u003C\/p\u003E\u003C\/td\u003E\u003Ctd valign=\u0022top\u0022\u003E\u003Cp align=\u0022center\u0022\u003E- 7,3 %\u003C\/p\u003E\u003C\/td\u003E\u003Ctd valign=\u0022top\u0022\u003E\u003Cp align=\u0022center\u0022\u003E144\u0026nbsp;100 v\u00e9hicules\u003C\/p\u003E\u003C\/td\u003E\u003C\/tr\u003E\u003Ctr\u003E\u003Ctd valign=\u0022top\u0022\u003E\u003Cp\u003EF\u00e9vrier 2025\u003C\/p\u003E\u003C\/td\u003E\u003Ctd valign=\u0022top\u0022\u003E\u003Cp align=\u0022center\u0022\u003E+ 6,1\u0026nbsp;%\u003C\/p\u003E\u003C\/td\u003E\u003Ctd valign=\u0022top\u0022\u003E\u003Cp align=\u0022center\u0022\u003E154 300 v\u00e9hicules\u003C\/p\u003E\u003C\/td\u003E\u003C\/tr\u003E\u003Ctr\u003E\u003Ctd valign=\u0022top\u0022\u003E\u003Cp\u003EMars 2025\u003C\/p\u003E\u003C\/td\u003E\u003Ctd valign=\u0022top\u0022\u003E\u003Cp align=\u0022center\u0022\u003E+ 11,7\u0026nbsp;%\u003C\/p\u003E\u003C\/td\u003E\u003Ctd valign=\u0022top\u0022\u003E\u003Cp align=\u0022center\u0022\u003E135 400 v\u00e9hicules\u003C\/p\u003E\u003C\/td\u003E\u003C\/tr\u003E\u003Ctr\u003E\u003Ctd valign=\u0022top\u0022\u003E\u003Cp\u003EAvril 2025\u003C\/p\u003E\u003C\/td\u003E\u003Ctd valign=\u0022top\u0022\u003E\u003Cp align=\u0022center\u0022\u003E+ 4,7\u0026nbsp;%\u003C\/p\u003E\u003C\/td\u003E\u003Ctd valign=\u0022top\u0022\u003E\u003Cp align=\u0022center\u0022\u003E140\u0026nbsp;800 v\u00e9hicules\u003C\/p\u003E\u003C\/td\u003E\u003C\/tr\u003E\u003Ctr\u003E\u003Ctd valign=\u0022top\u0022\u003E\u003Cp\u003EMai 2025\u003C\/p\u003E\u003C\/td\u003E\u003Ctd valign=\u0022top\u0022\u003E\u003Cp align=\u0022center\u0022\u003E+ 4,2\u0026nbsp;%\u003C\/p\u003E\u003C\/td\u003E\u003Ctd valign=\u0022top\u0022\u003E\u003Cp align=\u0022center\u0022\u003E133 800 v\u00e9hicules\u003C\/p\u003E\u003C\/td\u003E\u003C\/tr\u003E\u003Ctr\u003E\u003Ctd valign=\u0022top\u0022\u003E\u003Cp\u003EJuin 2025\u003C\/p\u003E\u003C\/td\u003E\u003Ctd valign=\u0022top\u0022\u003E\u003Cp align=\u0022center\u0022\u003E+ 0,2\u0026nbsp;%\u003C\/p\u003E\u003C\/td\u003E\u003Ctd valign=\u0022top\u0022\u003E\u003Cp align=\u0022center\u0022\u003E134 300 v\u00e9hicules\u003C\/p\u003E\u003C\/td\u003E\u003C\/tr\u003E\u003Ctr\u003E\u003Ctd valign=\u0022top\u0022\u003E\u003Cp\u003EJuillet 2025\u003C\/p\u003E\u003C\/td\u003E\u003Ctd valign=\u0022top\u0022\u003E\u003Cp align=\u0022center\u0022\u003E- 2,1\u0026nbsp;%\u003C\/p\u003E\u003C\/td\u003E\u003Ctd valign=\u0022top\u0022\u003E\u003Cp align=\u0022center\u0022\u003E130 800 v\u00e9hicules\u003C\/p\u003E\u003C\/td\u003E\u003C\/tr\u003E\u003Ctr\u003E\u003Ctd valign=\u0022top\u0022\u003E\u003Cp\u003EAo\u00fbt 2025\u003C\/p\u003E\u003C\/td\u003E\u003Ctd valign=\u0022top\u0022\u003E\u003Cp align=\u0022center\u0022\u003E+ 6,1\u0026nbsp;%\u003C\/p\u003E\u003C\/td\u003E\u003Ctd valign=\u0022top\u0022\u003E\u003Cp align=\u0022center\u0022\u003E140\u0026nbsp;700 v\u00e9hicules\u003C\/p\u003E\u003C\/td\u003E\u003C\/tr\u003E\u003Ctr\u003E\u003Ctd valign=\u0022top\u0022\u003E\u003Cp\u003ESeptembre 2025\u003C\/p\u003E\u003C\/td\u003E\u003Ctd valign=\u0022top\u0022\u003E\u003Cp align=\u0022center\u0022\u003E+ 1,7\u0026nbsp;%\u003C\/p\u003E\u003C\/td\u003E\u003Ctd valign=\u0022top\u0022\u003E\u003Cp align=\u0022center\u0022\u003E139 800 v\u00e9hicules\u003C\/p\u003E\u003C\/td\u003E\u003C\/tr\u003E\u003Ctr\u003E\u003Ctd valign=\u0022top\u0022\u003E\u003Cp\u003EOctobre 2025\u003C\/p\u003E\u003C\/td\u003E\u003Ctd valign=\u0022top\u0022\u003E\u003Cp align=\u0022center\u0022\u003E+ 2,6\u0026nbsp;%\u003C\/p\u003E\u003C\/td\u003E\u003Ctd valign=\u0022top\u0022\u003E\u003Cp align=\u0022center\u0022\u003E141\u0026nbsp;600 v\u00e9hicules\u003C\/p\u003E\u003C\/td\u003E\u003C\/tr\u003E\u003Ctr\u003E\u003Ctd valign=\u0022top\u0022\u003E\u003Cp\u003ENovembre 2025\u003C\/p\u003E\u003C\/td\u003E\u003Ctd valign=\u0022top\u0022\u003E\u003Cp align=\u0022center\u0022\u003E+ 0,3\u0026nbsp;%\u003C\/p\u003E\u003C\/td\u003E\u003Ctd valign=\u0022top\u0022\u003E\u003Cp align=\u0022center\u0022\u003E142\u0026nbsp;200 v\u00e9hicules\u003C\/p\u003E\u003C\/td\u003E\u003C\/tr\u003E\u003Ctr\u003E\u003Ctd valign=\u0022top\u0022\u003E\u003Cp\u003ED\u00e9cembre 2025\u003C\/p\u003E\u003C\/td\u003E\u003Ctd valign=\u0022top\u0022\u003E\u003Cp align=\u0022center\u0022\u003E- 1,5\u0026nbsp;%\u003C\/p\u003E\u003C\/td\u003E\u003Ctd valign=\u0022top\u0022\u003E\u003Cp align=\u0022center\u0022\u003E139 100 v\u00e9hicules\u003C\/p\u003E\u003C\/td\u003E\u003C\/tr\u003E\u003C\/tbody\u003E\u003C\/table\u003E                                            \u003Cp\u003E\u003Cbr \/\u003E\u003Cstrong\u003ESource :\u003C\/strong\u003E\u003Cstrong\u003E\u00a0\u003C\/strong\u003E\u003C\/p\u003E\u003Cul\u003E\u003Cli\u003E\u003Ca href=\u0022https:\/\/www.statistiques.developpement-durable.gouv.fr\/immatriculations-de-voitures-particulieres-neuves-en-decembre-2025?rubrique=58\u0026amp;dossier=1347\u0022 target=\u0022_blank\u0022\u003EImmatriculations de voitures particuli\u00e8res neuves en D\u00e9cembre 2025\u0026nbsp;\u003C\/a\u003E\u003C\/li\u003E\u003C\/ul\u003E\u003C\/div\u003E","annee":"2025","theme":" Indices, taux, bar\u00e8mes juridiques","activites":["Automobile"],"image":"https:\/\/www.weblex.fr\/sites\/default\/files\/chiffres_clef\/Shutterstock_plaquesimmatriculationvoitures.jpg","created":"2026-01-20","modified":"2026-03-02"},{"url":"\/chiffres-cles\/valeur-venale-des-terres-dans-les-dom-en-2024","id":27628,"title":"Valeur v\u00e9nale des terres dans les DOM en 2024","content":"\u003Cdiv\u003E                                              \u003Cp\u003ELes prix retenus sont ceux des terres agricoles, parcelles ou exploitations enti\u00e8res, non b\u00e2ties, et destin\u00e9es \u00e0 conserver, au moment de la transaction, leur vocation agricole.\u003C\/p\u003E\u003Cp\u003ELa valeur dominante correspond au prix le plus souvent pratiqu\u00e9 tel qu\u0027il a pu \u00eatre constat\u00e9 ou estim\u00e9.\u003C\/p\u003E\u003Cp\u003ELes valeurs maximum ou minimum correspondent respectivement aux prix pratiqu\u00e9s pour les terres les plus ch\u00e8res et les moins ch\u00e8res, compte tenu des conditions locales du march\u00e9. Les prix de vente retenus s\u0027entendent hors taxes et frais d\u0027acte non compris.\u003C\/p\u003E\u003Cp\u003E(euros courants \u00e0 l\u2019hectare)\u003C\/p\u003E\u003Ctable class=\u0022MsoTableGrid\u0022\u003E\u003Ctbody\u003E\u003Ctr\u003E\u003Ctd colspan=\u00224\u0022 valign=\u0022top\u0022\u003E\u003Cp align=\u0022center\u0022\u003E\u003Cstrong\u003ECat\u00e9gories des terres selon les r\u00e9gions\u003C\/strong\u003E\u003C\/p\u003E\u003C\/td\u003E\u003C\/tr\u003E\u003Ctr\u003E\u003Ctd rowspan=\u00222\u0022 valign=\u0022top\u0022\u003E\u003Cp align=\u0022center\u0022\u003E\u003Cstrong\u003ED\u00e9partements\u003C\/strong\u003E\u003C\/p\u003E\u003C\/td\u003E\u003Ctd colspan=\u00223\u0022 valign=\u0022top\u0022\u003E\u003Cp align=\u0022center\u0022\u003E\u003Cstrong\u003E2024\u003C\/strong\u003E\u003C\/p\u003E\u003C\/td\u003E\u003C\/tr\u003E\u003Ctr\u003E\u003Ctd valign=\u0022top\u0022\u003E\u003Cp\u003E\u003Cstrong\u003EDominante\u003C\/strong\u003E\u003C\/p\u003E\u003C\/td\u003E\u003Ctd valign=\u0022top\u0022\u003E\u003Cp\u003E\u003Cstrong\u003EMinimum\u003C\/strong\u003E\u003C\/p\u003E\u003C\/td\u003E\u003Ctd valign=\u0022top\u0022\u003E\u003Cp\u003E\u003Cstrong\u003EMaximum\u003C\/strong\u003E\u003C\/p\u003E\u003C\/td\u003E\u003C\/tr\u003E\u003Ctr\u003E\u003Ctd valign=\u0022top\u0022\u003E\u003Cp\u003E\u003Cstrong\u003EGuadeloupe\u003C\/strong\u003E\u003C\/p\u003E\u003C\/td\u003E\u003Ctd\u003E\u003Cp align=\u0022center\u0022\u003E\u0026nbsp;\u003C\/p\u003E\u003C\/td\u003E\u003Ctd\u003E\u003Cp align=\u0022center\u0022\u003E\u0026nbsp;\u003C\/p\u003E\u003C\/td\u003E\u003Ctd\u003E\u003Cp align=\u0022center\u0022\u003E\u0026nbsp;\u003C\/p\u003E\u003C\/td\u003E\u003C\/tr\u003E\u003Ctr\u003E\u003Ctd valign=\u0022top\u0022\u003E\u003Cp\u003ESud Basse-Terre et c\u00f4te sous le vent\u003C\/p\u003E\u003C\/td\u003E\u003Ctd\u003E\u003Cp align=\u0022center\u0022\u003E5 000\u003C\/p\u003E\u003C\/td\u003E\u003Ctd\u003E\u003Cp align=\u0022center\u0022\u003E4 500\u003C\/p\u003E\u003C\/td\u003E\u003Ctd\u003E\u003Cp align=\u0022center\u0022\u003E6 000\u003C\/p\u003E\u003C\/td\u003E\u003C\/tr\u003E\u003Ctr\u003E\u003Ctd valign=\u0022top\u0022\u003E\u003Cp\u003ENord Basse-Terre et c\u00f4te au vent\u003C\/p\u003E\u003C\/td\u003E\u003Ctd\u003E\u003Cp align=\u0022center\u0022\u003E5 500\u003C\/p\u003E\u003C\/td\u003E\u003Ctd\u003E\u003Cp align=\u0022center\u0022\u003E5 000\u003C\/p\u003E\u003C\/td\u003E\u003Ctd\u003E\u003Cp align=\u0022center\u0022\u003E6 000\u003C\/p\u003E\u003C\/td\u003E\u003C\/tr\u003E\u003Ctr\u003E\u003Ctd valign=\u0022top\u0022\u003E\u003Cp\u003EGrande Terre\u003C\/p\u003E\u003C\/td\u003E\u003Ctd\u003E\u003Cp align=\u0022center\u0022\u003E5 500\u003C\/p\u003E\u003C\/td\u003E\u003Ctd\u003E\u003Cp align=\u0022center\u0022\u003E4 500\u003C\/p\u003E\u003C\/td\u003E\u003Ctd\u003E\u003Cp align=\u0022center\u0022\u003E6 000\u003C\/p\u003E\u003C\/td\u003E\u003C\/tr\u003E\u003Ctr\u003E\u003Ctd valign=\u0022top\u0022\u003E\u003Cp\u003EMarie-Galante\u003C\/p\u003E\u003C\/td\u003E\u003Ctd\u003E\u003Cp align=\u0022center\u0022\u003E5 250\u003C\/p\u003E\u003C\/td\u003E\u003Ctd\u003E\u003Cp align=\u0022center\u0022\u003END\u003C\/p\u003E\u003C\/td\u003E\u003Ctd\u003E\u003Cp align=\u0022center\u0022\u003END\u003C\/p\u003E\u003C\/td\u003E\u003C\/tr\u003E\u003Ctr\u003E\u003Ctd valign=\u0022top\u0022\u003E\u003Cp\u003E\u003Cstrong\u003EMartinique\u003C\/strong\u003E\u003C\/p\u003E\u003C\/td\u003E\u003Ctd\u003E\u003Cp align=\u0022center\u0022\u003E\u0026nbsp;\u003C\/p\u003E\u003C\/td\u003E\u003Ctd\u003E\u003Cp align=\u0022center\u0022\u003E\u0026nbsp;\u003C\/p\u003E\u003C\/td\u003E\u003Ctd\u003E\u003Cp align=\u0022center\u0022\u003E\u0026nbsp;\u003C\/p\u003E\u003C\/td\u003E\u003C\/tr\u003E\u003Ctr\u003E\u003Ctd valign=\u0022top\u0022\u003E\u003Cp\u003ENord-Cara\u00efbe\u003C\/p\u003E\u003C\/td\u003E\u003Ctd\u003E\u003Cp align=\u0022center\u0022\u003E4 580\u003C\/p\u003E\u003C\/td\u003E\u003Ctd\u003E\u003Cp align=\u0022center\u0022\u003E1 890\u003C\/p\u003E\u003C\/td\u003E\u003Ctd\u003E\u003Cp align=\u0022center\u0022\u003E6 100\u003C\/p\u003E\u003C\/td\u003E\u003C\/tr\u003E\u003Ctr\u003E\u003Ctd valign=\u0022top\u0022\u003E\u003Cp\u003ENord-Atlantique\u003C\/p\u003E\u003C\/td\u003E\u003Ctd\u003E\u003Cp align=\u0022center\u0022\u003E5 890\u003C\/p\u003E\u003C\/td\u003E\u003Ctd\u003E\u003Cp align=\u0022center\u0022\u003E1 500\u003C\/p\u003E\u003C\/td\u003E\u003Ctd\u003E\u003Cp align=\u0022center\u0022\u003E12 240\u003C\/p\u003E\u003C\/td\u003E\u003C\/tr\u003E\u003Ctr\u003E\u003Ctd valign=\u0022top\u0022\u003E\u003Cp\u003EPlaine Centre\u003C\/p\u003E\u003C\/td\u003E\u003Ctd\u003E\u003Cp align=\u0022center\u0022\u003E4 920\u003C\/p\u003E\u003C\/td\u003E\u003Ctd\u003E\u003Cp align=\u0022center\u0022\u003E3 910\u003C\/p\u003E\u003C\/td\u003E\u003Ctd\u003E\u003Cp align=\u0022center\u0022\u003E5 950\u003C\/p\u003E\u003C\/td\u003E\u003C\/tr\u003E\u003Ctr\u003E\u003Ctd valign=\u0022top\u0022\u003E\u003Cp\u003ESud-Cara\u00efbe\u003C\/p\u003E\u003C\/td\u003E\u003Ctd\u003E\u003Cp align=\u0022center\u0022\u003E5 910\u003C\/p\u003E\u003C\/td\u003E\u003Ctd\u003E\u003Cp align=\u0022center\u0022\u003E3 000\u003C\/p\u003E\u003C\/td\u003E\u003Ctd\u003E\u003Cp align=\u0022center\u0022\u003E7 600\u003C\/p\u003E\u003C\/td\u003E\u003C\/tr\u003E\u003Ctr\u003E\u003Ctd valign=\u0022top\u0022\u003E\u003Cp\u003ESud-Atlantique\u003C\/p\u003E\u003C\/td\u003E\u003Ctd\u003E\u003Cp align=\u0022center\u0022\u003E6 330\u003C\/p\u003E\u003C\/td\u003E\u003Ctd\u003E\u003Cp align=\u0022center\u0022\u003E4 190\u003C\/p\u003E\u003C\/td\u003E\u003Ctd\u003E\u003Cp align=\u0022center\u0022\u003E6 010\u003C\/p\u003E\u003C\/td\u003E\u003C\/tr\u003E\u003Ctr\u003E\u003Ctd valign=\u0022top\u0022\u003E\u003Cp\u003E\u003Cstrong\u003ER\u00e9union\u003C\/strong\u003E\u003C\/p\u003E\u003C\/td\u003E\u003Ctd\u003E\u003Cp align=\u0022center\u0022\u003E\u0026nbsp;\u003C\/p\u003E\u003C\/td\u003E\u003Ctd\u003E\u003Cp align=\u0022center\u0022\u003E\u0026nbsp;\u003C\/p\u003E\u003C\/td\u003E\u003Ctd\u003E\u003Cp align=\u0022center\u0022\u003E\u0026nbsp;\u003C\/p\u003E\u003C\/td\u003E\u003C\/tr\u003E\u003Ctr\u003E\u003Ctd valign=\u0022top\u0022\u003E\u003Cp\u003ELittoral \u2013 Terres irrigu\u00e9es\u003C\/p\u003E\u003C\/td\u003E\u003Ctd\u003E\u003Cp align=\u0022center\u0022\u003E19 500\u003C\/p\u003E\u003C\/td\u003E\u003Ctd\u003E\u003Cp align=\u0022center\u0022\u003E12 000\u003C\/p\u003E\u003C\/td\u003E\u003Ctd\u003E\u003Cp align=\u0022center\u0022\u003E29 000\u003C\/p\u003E\u003C\/td\u003E\u003C\/tr\u003E\u003Ctr\u003E\u003Ctd valign=\u0022top\u0022\u003E\u003Cp\u003ELittoral \u2013 Terres non irrigu\u00e9es\u003C\/p\u003E\u003C\/td\u003E\u003Ctd\u003E\u003Cp align=\u0022center\u0022\u003E13 500\u003C\/p\u003E\u003C\/td\u003E\u003Ctd\u003E\u003Cp align=\u0022center\u0022\u003E8 000\u003C\/p\u003E\u003C\/td\u003E\u003Ctd\u003E\u003Cp align=\u0022center\u0022\u003E22 000\u003C\/p\u003E\u003C\/td\u003E\u003C\/tr\u003E\u003Ctr\u003E\u003Ctd valign=\u0022top\u0022\u003E\u003Cp\u003EHauts\u003C\/p\u003E\u003C\/td\u003E\u003Ctd\u003E\u003Cp align=\u0022center\u0022\u003E11 000\u003C\/p\u003E\u003C\/td\u003E\u003Ctd\u003E\u003Cp align=\u0022center\u0022\u003E5 000\u003C\/p\u003E\u003C\/td\u003E\u003Ctd\u003E\u003Cp align=\u0022center\u0022\u003E16 000\u003C\/p\u003E\u003C\/td\u003E\u003C\/tr\u003E\u003Ctr\u003E\u003Ctd valign=\u0022top\u0022\u003E\u003Cp\u003EMi-Pentes\u003C\/p\u003E\u003C\/td\u003E\u003Ctd\u003E\u003Cp align=\u0022center\u0022\u003E13 800\u003C\/p\u003E\u003C\/td\u003E\u003Ctd\u003E\u003Cp align=\u0022center\u0022\u003E8 000\u003C\/p\u003E\u003C\/td\u003E\u003Ctd\u003E\u003Cp align=\u0022center\u0022\u003E22 000\u003C\/p\u003E\u003C\/td\u003E\u003C\/tr\u003E\u003Ctr\u003E\u003Ctd valign=\u0022top\u0022\u003E\u003Cp\u003EPlaines\u003C\/p\u003E\u003C\/td\u003E\u003Ctd\u003E\u003Cp align=\u0022center\u0022\u003E11 500\u003C\/p\u003E\u003C\/td\u003E\u003Ctd\u003E\u003Cp align=\u0022center\u0022\u003E7 000\u003C\/p\u003E\u003C\/td\u003E\u003Ctd\u003E\u003Cp align=\u0022center\u0022\u003E15 000\u003C\/p\u003E\u003C\/td\u003E\u003C\/tr\u003E\u003C\/tbody\u003E\u003C\/table\u003E                                            \u003Cp\u003E\u003Cbr \/\u003E\u003Cstrong\u003ESource :\u003C\/strong\u003E\u003Cstrong\u003E\u00a0\u003C\/strong\u003E\u003C\/p\u003E\u003Cul\u003E\u003Cli\u003E\u003Ca href=\u0022https:\/\/www.legifrance.gouv.fr\/jorf\/id\/JORFTEXT000052153430?init=true\u0026amp;page=1\u0026amp;query=portant+fixation+du+bar%C3%A8me+indicatif+de+la+valeur+v%C3%A9nale+moyenne+des+terres+agricole\u0026amp;searchField=ALL\u0026amp;tab_selection=all\u0022 target=\u0022_blank\u0022\u003ED\u00e9cision du 26 ao\u00fbt 2025 portant fixation du bar\u00e8me indicatif de la valeur v\u00e9nale moyenne des terres agricoles en 2024\u003C\/a\u003E\u003C\/li\u003E\u003C\/ul\u003E\u003C\/div\u003E","annee":"2025","theme":" Indices, taux, bar\u00e8mes juridiques","activites":["Agriculture"],"image":"https:\/\/www.weblex.fr\/sites\/default\/files\/chiffres_clef\/Shutterstock_terresagrioutremerprix.jpg","created":"2026-01-19","modified":"2026-01-19"},{"url":"\/chiffres-cles\/tarifs-des-commissaires-de-justice-mise-en-demeure-et-commandement-de-payer-2025","id":27611,"title":"Tarifs des commissaires de justice \u2013 Mise en demeure et commandement de payer - 2025","content":"\u003Cdiv\u003E                                              \u003Cp align=\u0022center\u0022\u003E\u003Cstrong\u003EDu 1er mars 2024 au 28 f\u00e9vrier 2026\u003C\/strong\u003E\u003C\/p\u003E\u003Cp\u003ELes prestations mentionn\u00e9es ci-dessous donnent lieu \u00e0 la perception des \u00e9moluments suivants :\u003C\/p\u003E\u003Ctable class=\u0022MsoTableGrid\u0022\u003E\u003Ctbody\u003E\u003Ctr\u003E\u003Ctd\u003E\u003Cp align=\u0022center\u0022\u003E\u003Cstrong\u003ED\u00c9SIGNATION DE LA PRESTATION\u003C\/strong\u003E\u003C\/p\u003E\u003C\/td\u003E\u003Ctd\u003E\u003Cp align=\u0022center\u0022\u003E\u003Cstrong\u003E\u00c9MOLUMENT\u003C\/strong\u003E\u003C\/p\u003E\u003C\/td\u003E\u003C\/tr\u003E\u003Ctr\u003E\u003Ctd valign=\u0022top\u0022\u003E\u003Cp align=\u0022center\u0022\u003EInjonction de communiquer et commandement de payer\u003C\/p\u003E\u003C\/td\u003E\u003Ctd\u003E\u003Cp align=\u0022center\u0022\u003E20,42 \u20ac\u003C\/p\u003E\u003C\/td\u003E\u003C\/tr\u003E\u003Ctr\u003E\u003Ctd valign=\u0022top\u0022\u003E\u003Cp align=\u0022center\u0022\u003ECommandement de payer pr\u00e9c\u00e9dant la saisie-vente\u003C\/p\u003E\u003C\/td\u003E\u003Ctd\u003E\u003Cp align=\u0022center\u0022\u003E20,42 \u20ac\u003C\/p\u003E\u003C\/td\u003E\u003C\/tr\u003E\u003Ctr\u003E\u003Ctd valign=\u0022top\u0022\u003E\u003Cp align=\u0022center\u0022\u003ESignification du certificat de non-paiement valant commandement de payer\u003C\/p\u003E\u003C\/td\u003E\u003Ctd\u003E\u003Cp align=\u0022center\u0022\u003E26,86 \u20ac\u003C\/p\u003E\u003C\/td\u003E\u003C\/tr\u003E\u003Ctr\u003E\u003Ctd valign=\u0022top\u0022\u003E\u003Cp align=\u0022center\u0022\u003ECommandement de payer les loyers et les charges\u003C\/p\u003E\u003C\/td\u003E\u003Ctd\u003E\u003Cp align=\u0022center\u0022\u003E25,79 \u20ac\u003C\/p\u003E\u003C\/td\u003E\u003C\/tr\u003E\u003Ctr\u003E\u003Ctd valign=\u0022top\u0022\u003E\u003Cp align=\u0022center\u0022\u003ECommandement de payer les charges de copropri\u00e9t\u00e9\u003C\/p\u003E\u003C\/td\u003E\u003Ctd\u003E\u003Cp align=\u0022center\u0022\u003E25,79 \u20ac\u003C\/p\u003E\u003C\/td\u003E\u003C\/tr\u003E\u003Ctr\u003E\u003Ctd valign=\u0022top\u0022\u003E\u003Cp align=\u0022center\u0022\u003ECommandement de payer et d\u00e9nonciation au d\u00e9biteur de la saisie des biens plac\u00e9s dans un coffre-fort\u003C\/p\u003E\u003C\/td\u003E\u003Ctd\u003E\u003Cp align=\u0022center\u0022\u003E33,31 \u20ac\u003C\/p\u003E\u003C\/td\u003E\u003C\/tr\u003E\u003Ctr\u003E\u003Ctd valign=\u0022top\u0022\u003E\u003Cp align=\u0022center\u0022\u003ECommandement de payer et d\u00e9nonciation au d\u00e9biteur de l\u0027acte de conversion en saisie-vente de la saisie conservatoire des droits d\u0027associ\u00e9 et des valeurs mobili\u00e8res\u003C\/p\u003E\u003C\/td\u003E\u003Ctd\u003E\u003Cp align=\u0022center\u0022\u003E27,94 \u20ac\u003C\/p\u003E\u003C\/td\u003E\u003C\/tr\u003E\u003Ctr\u003E\u003Ctd valign=\u0022top\u0022\u003E\u003Cp align=\u0022center\u0022\u003EProt\u00eat\u003C\/p\u003E\u003C\/td\u003E\u003Ctd\u003E\u003Cp align=\u0022center\u0022\u003E18,27 \u20ac\u003C\/p\u003E\u003C\/td\u003E\u003C\/tr\u003E\u003Ctr\u003E\u003Ctd valign=\u0022top\u0022\u003E\u003Cp align=\u0022center\u0022\u003ECommandement de payer et la d\u00e9nonciation au d\u00e9biteur du proc\u00e8s-verbal d\u0027appr\u00e9hension \u00e0 la demande du cr\u00e9ancier gagiste\u003C\/p\u003E\u003C\/td\u003E\u003Ctd\u003E\u003Cp align=\u0022center\u0022\u003E27,94 \u20ac\u003C\/p\u003E\u003C\/td\u003E\u003C\/tr\u003E\u003C\/tbody\u003E\u003C\/table\u003E\u003Cp\u003ELes prestations mentionn\u00e9es ci-dessus donnent \u00e9galement lieu \u00e0 la perception d\u0027un \u00e9molument d\u00e9nomm\u00e9 \u00ab droit d\u0027engagement des poursuites \u00bb, ainsi fix\u00e9 :\u003C\/p\u003E\u003Cul\u003E\u003Cli\u003Esi le montant de la cr\u00e9ance est inf\u00e9rieur ou \u00e9gal \u00e0 76 \u20ac, le droit d\u0027engagement des poursuites est fix\u00e9 \u00e0 4,29 \u20ac\u0026nbsp;;\u003C\/li\u003E\u003Cli\u003Eau-del\u00e0 du seuil de 76 \u20ac mentionn\u00e9 ci-dessus, le droit d\u0027engagement des poursuites est, dans la limite de 268,13 \u20ac, proportionnel au montant de la cr\u00e9ance, selon le bar\u00e8me suivant\u0026nbsp;:\u003C\/li\u003E\u003C\/ul\u003E\u003Ctable class=\u0022MsoTableGrid\u0022\u003E\u003Ctbody\u003E\u003Ctr\u003E\u003Ctd\u003E\u003Cp align=\u0022center\u0022\u003E\u003Cstrong\u003ETRANCHES D\u2019ASSIETTE\u003C\/strong\u003E\u003C\/p\u003E\u003C\/td\u003E\u003Ctd\u003E\u003Cp align=\u0022center\u0022\u003E\u003Cstrong\u003ETAUX APPLICABLE\u003C\/strong\u003E\u003C\/p\u003E\u003C\/td\u003E\u003C\/tr\u003E\u003Ctr\u003E\u003Ctd valign=\u0022top\u0022\u003E\u003Cp align=\u0022center\u0022\u003EDe 0 \u00e0 304 \u20ac\u003C\/p\u003E\u003C\/td\u003E\u003Ctd\u003E\u003Cp align=\u0022center\u0022\u003E5,66 %\u003C\/p\u003E\u003C\/td\u003E\u003C\/tr\u003E\u003Ctr\u003E\u003Ctd valign=\u0022top\u0022\u003E\u003Cp align=\u0022center\u0022\u003EDe 305 \u20ac \u00e0 912 \u20ac\u003C\/p\u003E\u003C\/td\u003E\u003Ctd\u003E\u003Cp align=\u0022center\u0022\u003E2,83 %\u003C\/p\u003E\u003C\/td\u003E\u003C\/tr\u003E\u003Ctr\u003E\u003Ctd valign=\u0022top\u0022\u003E\u003Cp align=\u0022center\u0022\u003EDe 913 \u20ac \u00e0 3 040 \u20ac\u003C\/p\u003E\u003C\/td\u003E\u003Ctd\u003E\u003Cp align=\u0022center\u0022\u003E1,41 %\u003C\/p\u003E\u003C\/td\u003E\u003C\/tr\u003E\u003Ctr\u003E\u003Ctd valign=\u0022top\u0022\u003E\u003Cp align=\u0022center\u0022\u003EPlus de 3 040 \u20ac\u003C\/p\u003E\u003C\/td\u003E\u003Ctd\u003E\u003Cp align=\u0022center\u0022\u003E0,28 %\u003C\/p\u003E\u003C\/td\u003E\u003C\/tr\u003E\u003C\/tbody\u003E\u003C\/table\u003E\u003Cp\u003ELe droit d\u0027engagement des poursuites ne peut \u00eatre per\u00e7u qu\u0027une seule fois dans le cadre du recouvrement d\u0027une m\u00eame cr\u00e9ance.\u003C\/p\u003E\u003Cp\u003EIl est \u00e0 la charge du d\u00e9biteur si le co\u00fbt de l\u0027acte au titre duquel il est allou\u00e9 incombe \u00e0 ce dernier et \u00e0 la charge du cr\u00e9ancier dans tous les autres cas.\u003C\/p\u003E\u003Cp\u003EIl reste acquis \u00e0 l\u0027huissier de justice quelle que soit l\u0027issue de la tentative de recouvrement.\u003C\/p\u003E\u003Cp\u003ESelon que le co\u00fbt de l\u0027acte est \u00e0 la charge du d\u00e9biteur ou du cr\u00e9ancier, il s\u0027impute sur les prestations de recouvrement ou d\u0027encaissement.\u003C\/p\u003E\u003Cp\u003ELes prestations mentionn\u00e9es ci-dessous donnent lieu \u00e0 la perception des \u00e9moluments suivants :\u003C\/p\u003E\u003Ctable class=\u0022MsoTableGrid\u0022\u003E\u003Ctbody\u003E\u003Ctr\u003E\u003Ctd\u003E\u003Cp align=\u0022center\u0022\u003E\u003Cstrong\u003ED\u00c9SIGNATION DE LA PRESTATION\u003C\/strong\u003E\u003C\/p\u003E\u003C\/td\u003E\u003Ctd\u003E\u003Cp align=\u0022center\u0022\u003E\u003Cstrong\u003E\u00c9MOLUMENT\u003C\/strong\u003E\u003C\/p\u003E\u003C\/td\u003E\u003C\/tr\u003E\u003Ctr\u003E\u003Ctd valign=\u0022top\u0022\u003E\u003Cp align=\u0022center\u0022\u003ESommation de faire ou de ne pas faire\u003C\/p\u003E\u003C\/td\u003E\u003Ctd\u003E\u003Cp align=\u0022center\u0022\u003E22,57 \u20ac\u003C\/p\u003E\u003C\/td\u003E\u003C\/tr\u003E\u003Ctr\u003E\u003Ctd valign=\u0022top\u0022\u003E\u003Cp align=\u0022center\u0022\u003ED\u00e9nonciation au d\u00e9biteur du proc\u00e8s-verbal d\u0027immobilisation du v\u00e9hicule avec injonction\u003C\/p\u003E\u003C\/td\u003E\u003Ctd\u003E\u003Cp align=\u0022center\u0022\u003E31,16 \u20ac\u003C\/p\u003E\u003C\/td\u003E\u003C\/tr\u003E\u003Ctr\u003E\u003Ctd valign=\u0022top\u0022\u003E\u003Cp align=\u0022center\u0022\u003ECommandement \u00e0 la personne tenue de la remise de d\u00e9livrer ou de restituer\u003C\/p\u003E\u003C\/td\u003E\u003Ctd\u003E\u003Cp align=\u0022center\u0022\u003E24,72 \u20ac\u003C\/p\u003E\u003C\/td\u003E\u003C\/tr\u003E\u003Ctr\u003E\u003Ctd valign=\u0022top\u0022\u003E\u003Cp align=\u0022center\u0022\u003ESommation au tiers de remettre le bien\u003C\/p\u003E\u003C\/td\u003E\u003Ctd\u003E\u003Cp align=\u0022center\u0022\u003E32,24 \u20ac\u003C\/p\u003E\u003C\/td\u003E\u003C\/tr\u003E\u003Ctr\u003E\u003Ctd valign=\u0022top\u0022\u003E\u003Cp align=\u0022center\u0022\u003ECommandement \u00e0 la personne tenue de la remise de d\u00e9livrer ou de restituer\u003C\/p\u003E\u003C\/td\u003E\u003Ctd\u003E\u003Cp align=\u0022center\u0022\u003E32,24 \u20ac\u003C\/p\u003E\u003C\/td\u003E\u003C\/tr\u003E\u003Ctr\u003E\u003Ctd valign=\u0022top\u0022\u003E\u003Cp align=\u0022center\u0022\u003ESommation au d\u00e9biteur d\u0027assister \u00e0 l\u0027ouverture du coffre-fort\u003C\/p\u003E\u003C\/td\u003E\u003Ctd\u003E\u003Cp align=\u0022center\u0022\u003E24,72 \u20ac\u003C\/p\u003E\u003C\/td\u003E\u003C\/tr\u003E\u003Ctr\u003E\u003Ctd valign=\u0022top\u0022\u003E\u003Cp align=\u0022center\u0022\u003ECommandement de quitter les lieux\u003C\/p\u003E\u003C\/td\u003E\u003Ctd\u003E\u003Cp align=\u0022center\u0022\u003E26,87 \u20ac\u003C\/p\u003E\u003C\/td\u003E\u003C\/tr\u003E\u003Ctr\u003E\u003Ctd valign=\u0022top\u0022\u003E\u003Cp align=\u0022center\u0022\u003ESommation aux cr\u00e9anciers opposants de prendre communication du cahier des charges\u003C\/p\u003E\u003C\/td\u003E\u003Ctd\u003E\u003Cp align=\u0022center\u0022\u003E26,87 \u20ac\u003C\/p\u003E\u003C\/td\u003E\u003C\/tr\u003E\u003Ctr\u003E\u003Ctd valign=\u0022top\u0022\u003E\u003Cp align=\u0022center\u0022\u003EAssignation du d\u00e9biteur saisi \u00e0 compara\u00eetre devant le juge de l\u0027ex\u00e9cution \u00e0 une audience d\u0027orientation\u003C\/p\u003E\u003C\/td\u003E\u003Ctd\u003E\u003Cp align=\u0022center\u0022\u003E26,87 \u20ac\u003C\/p\u003E\u003C\/td\u003E\u003C\/tr\u003E\u003Ctr\u003E\u003Ctd valign=\u0022top\u0022\u003E\u003Cp align=\u0022center\u0022\u003ED\u00e9nonciation aux cr\u00e9anciers inscrits valant assignation \u00e0 compara\u00eetre\u003C\/p\u003E\u003C\/td\u003E\u003Ctd\u003E\u003Cp align=\u0022center\u0022\u003E26,87 \u20ac\u003C\/p\u003E\u003C\/td\u003E\u003C\/tr\u003E\u003Ctr\u003E\u003Ctd valign=\u0022top\u0022\u003E\u003Cp align=\u0022center\u0022\u003ESommation de prendre communication du cahier des charges\u003C\/p\u003E\u003C\/td\u003E\u003Ctd\u003E\u003Cp align=\u0022center\u0022\u003E26,87 \u20ac\u003C\/p\u003E\u003C\/td\u003E\u003C\/tr\u003E\u003Ctr\u003E\u003Ctd valign=\u0022top\u0022\u003E\u003Cp align=\u0022center\u0022\u003ESommation de prendre parti\u003C\/p\u003E\u003C\/td\u003E\u003Ctd\u003E\u003Cp align=\u0022center\u0022\u003E32,24 \u20ac\u003C\/p\u003E\u003C\/td\u003E\u003C\/tr\u003E\u003Ctr\u003E\u003Ctd valign=\u0022top\u0022\u003E\u003Cp align=\u0022center\u0022\u003EMise en demeure du locataire d\u0027avoir \u00e0 justifier qu\u0027il occupe le logement par acte s\u00e9par\u00e9\u003C\/p\u003E\u003C\/td\u003E\u003Ctd\u003E\u003Cp align=\u0022center\u0022\u003E53,74 \u20ac\u003C\/p\u003E\u003C\/td\u003E\u003C\/tr\u003E\u003Ctr\u003E\u003Ctd valign=\u0022top\u0022\u003E\u003Cp align=\u0022center\u0022\u003EMise en demeure du locataire d\u0027avoir \u00e0 justifier qu\u0027il occupe le logement contenu dans un commandement\u003C\/p\u003E\u003C\/td\u003E\u003Ctd\u003E\u003Cp align=\u0022center\u0022\u003E21,50 \u20ac\u003C\/p\u003E\u003C\/td\u003E\u003C\/tr\u003E\u003C\/tbody\u003E\u003C\/table\u003E\u003Cp\u003ESi, \u00e0 compter de la demande du client, les prestations suivantes sont r\u00e9alis\u00e9es dans un d\u00e9lai inf\u00e9rieur au d\u00e9lai de r\u00e9f\u00e9rence pr\u00e9cis\u00e9 dans le tableau ci-dessous, elles donnent lieu \u00e0 la perception d\u0027un \u00e9molument major\u00e9, \u00e0 savoir :\u003C\/p\u003E\u003Ctable class=\u0022MsoTableGrid\u0022\u003E\u003Ctbody\u003E\u003Ctr\u003E\u003Ctd\u003E\u003Cp align=\u0022center\u0022\u003E\u003Cstrong\u003ED\u00c9SIGNATION DE LA PRESTATION\u003C\/strong\u003E\u003C\/p\u003E\u003C\/td\u003E\u003Ctd\u003E\u003Cp align=\u0022center\u0022\u003E\u003Cstrong\u003ED\u00c9LAI DE R\u00c9F\u00c9RENCE\u003C\/strong\u003E\u003C\/p\u003E\u003C\/td\u003E\u003Ctd valign=\u0022top\u0022\u003E\u003Cp align=\u0022center\u0022\u003E\u003Cstrong\u003ETARIF MAJOR\u00c9\u003C\/strong\u003E\u003C\/p\u003E\u003C\/td\u003E\u003C\/tr\u003E\u003Ctr\u003E\u003Ctd valign=\u0022top\u0022\u003E\u003Cp align=\u0022center\u0022\u003EAssignation du d\u00e9biteur saisi \u00e0 compara\u00eetre devant le juge de l\u0027ex\u00e9cution \u00e0 une audience d\u0027orientation\u003C\/p\u003E\u003C\/td\u003E\u003Ctd\u003E\u003Cp align=\u0022center\u0022\u003E24 heures\u003C\/p\u003E\u003C\/td\u003E\u003Ctd\u003E\u003Cp align=\u0022center\u0022\u003E90,18 \u20ac\u003C\/p\u003E\u003C\/td\u003E\u003C\/tr\u003E\u003Ctr\u003E\u003Ctd valign=\u0022top\u0022\u003E\u003Cp align=\u0022center\u0022\u003ED\u00e9nonciation aux cr\u00e9anciers inscrits valant assignation \u00e0 compara\u00eetre\u003C\/p\u003E\u003C\/td\u003E\u003Ctd\u003E\u003Cp align=\u0022center\u0022\u003E24 heures\u003C\/p\u003E\u003C\/td\u003E\u003Ctd\u003E\u003Cp align=\u0022center\u0022\u003E90,18 \u20ac\u003C\/p\u003E\u003C\/td\u003E\u003C\/tr\u003E\u003Ctr\u003E\u003Ctd valign=\u0022top\u0022\u003E\u003Cp align=\u0022center\u0022\u003ESommation de prendre communication du cahier des charges\u003C\/p\u003E\u003C\/td\u003E\u003Ctd\u003E\u003Cp align=\u0022center\u0022\u003E24 heures\u003C\/p\u003E\u003C\/td\u003E\u003Ctd\u003E\u003Cp align=\u0022center\u0022\u003E90,18 \u20ac\u003C\/p\u003E\u003C\/td\u003E\u003C\/tr\u003E\u003Ctr\u003E\u003Ctd valign=\u0022top\u0022\u003E\u003Cp align=\u0022center\u0022\u003ESommation de prendre parti\u003C\/p\u003E\u003C\/td\u003E\u003Ctd\u003E\u003Cp align=\u0022center\u0022\u003E24 heures\u003C\/p\u003E\u003C\/td\u003E\u003Ctd valign=\u0022top\u0022\u003E\u003Cp align=\u0022center\u0022\u003E90,18 \u20ac\u003C\/p\u003E\u003C\/td\u003E\u003C\/tr\u003E\u003C\/tbody\u003E\u003C\/table\u003E                                            \u003Cp\u003E\u003Cbr \/\u003E\u003Cstrong\u003ESource :\u003C\/strong\u003E\u003Cstrong\u003E\u00a0\u003C\/strong\u003E\u003C\/p\u003E\u003Cul\u003E\u003Cli\u003EArticles \u003Ca href=\u0022https:\/\/www.legifrance.gouv.fr\/codes\/article_lc\/LEGIARTI000049217931\u0022 target=\u0022_blank\u0022 rel=\u0022noopener\u0022\u003EA 444-14\u003C\/a\u003E, \u003Ca href=\u0022https:\/\/www.legifrance.gouv.fr\/codes\/article_lc\/LEGIARTI000049217937\/2024-03-04\u0022 target=\u0022_blank\u0022 rel=\u0022noopener\u0022\u003EA 444-15\u003C\/a\u003E du Code de commerce\u003C\/li\u003E\u003Cli\u003E\u003Ca href=\u0022https:\/\/www.legifrance.gouv.fr\/codes\/section_lc\/LEGITEXT000005634379\/LEGISCTA000032127778\/#LEGISCTA000032127778\u0022 target=\u0022_blank\u0022 rel=\u0022noopener\u0022\u003EArticles A 444-19 et A 444-20 du Code de commerce\u003C\/a\u003E\u003C\/li\u003E\u003Cli\u003E\u003Ca href=\u0022https:\/\/www.legifrance.gouv.fr\/jorf\/id\/JORFTEXT000049209818\u0022 target=\u0022_blank\u0022 rel=\u0022noopener\u0022\u003EArr\u00eat\u00e9 du 28 f\u00e9vrier 2024 fixant l\u0027objectif de taux de r\u00e9sultat moyen et les tarifs r\u00e9glement\u00e9s des huissiers de justice et commissaires-priseurs judiciaires\u003C\/a\u003E\u003C\/li\u003E\u003C\/ul\u003E\u003C\/div\u003E","annee":"2025","theme":" Indices, taux, bar\u00e8mes juridiques","activites":["Professionnels du droit et du chiffre"],"image":"https:\/\/www.weblex.fr\/sites\/default\/files\/chiffres_clef\/Shutterstock_tarifscomdejustice.jpg","created":"2026-01-14","modified":"2026-01-14"},{"url":"\/chiffres-cles\/tarifs-des-commissaires-de-justice-mise-en-vente-forcee-des-biens-saisis-2025","id":27613,"title":"Tarifs des commissaires de justice \u2013 Mise en vente forc\u00e9e des biens saisis - 2025","content":"\u003Cdiv\u003E                                              \u003Ch2\u003E\u003Cstrong\u003EDu 1er mars 2024 au 28 f\u00e9vrier 2026\u003C\/strong\u003E\u003C\/h2\u003E\u003Cp\u003ELes prestations mentionn\u00e9es ci-dessous donnent lieu \u00e0 la perception des \u00e9moluments suivants :\u003C\/p\u003E\u003Ctable class=\u0022MsoTableGrid\u0022\u003E\u003Ctbody\u003E\u003Ctr\u003E\u003Ctd\u003E\u003Cp align=\u0022center\u0022\u003E\u003Cstrong\u003ED\u00c9SIGNATION DE LA PRESTATION\u003C\/strong\u003E\u003C\/p\u003E\u003C\/td\u003E\u003Ctd\u003E\u003Cp align=\u0022center\u0022\u003E\u003Cstrong\u003E\u00c9MOLUMENT\u003C\/strong\u003E\u003C\/p\u003E\u003C\/td\u003E\u003C\/tr\u003E\u003Ctr\u003E\u003Ctd valign=\u0022top\u0022\u003E\u003Cp align=\u0022center\u0022\u003ECertification d\u0027accomplissement des formalit\u00e9s de publicit\u00e9 de vente\u003C\/p\u003E\u003C\/td\u003E\u003Ctd\u003E\u003Cp align=\u0022center\u0022\u003E37,61 \u20ac\u003C\/p\u003E\u003C\/td\u003E\u003C\/tr\u003E\u003Ctr\u003E\u003Ctd valign=\u0022top\u0022\u003E\u003Cp align=\u0022center\u0022\u003EActe de v\u00e9rification et d\u0027enl\u00e8vement\u003C\/p\u003E\u003C\/td\u003E\u003Ctd\u003E\u003Cp align=\u0022center\u0022\u003E56,95 \u20ac\u003C\/p\u003E\u003C\/td\u003E\u003C\/tr\u003E\u003Ctr\u003E\u003Ctd valign=\u0022top\u0022\u003E\u003Cp align=\u0022center\u0022\u003EActe d\u0027inventaire et d\u0027enl\u00e8vement des biens plac\u00e9s dans un coffre-fort\u003C\/p\u003E\u003C\/td\u003E\u003Ctd\u003E\u003Cp align=\u0022center\u0022\u003E56,95 \u20ac\u003C\/p\u003E\u003C\/td\u003E\u003C\/tr\u003E\u003Ctr\u003E\u003Ctd valign=\u0022top\u0022\u003E\u003Cp align=\u0022center\u0022\u003EProc\u00e8s-verbal d\u0027apposition d\u0027avis\u003C\/p\u003E\u003C\/td\u003E\u003Ctd\u003E\u003Cp align=\u0022center\u0022\u003E46,21 \u20ac\u003C\/p\u003E\u003C\/td\u003E\u003C\/tr\u003E\u003Ctr\u003E\u003Ctd valign=\u0022top\u0022\u003E\u003Cp align=\u0022center\u0022\u003EProc\u00e8s-verbal d\u0027inventaire\u003C\/p\u003E\u003C\/td\u003E\u003Ctd\u003E\u003Cp align=\u0022center\u0022\u003E56,95 \u20ac\u003C\/p\u003E\u003C\/td\u003E\u003C\/tr\u003E\u003C\/tbody\u003E\u003C\/table\u003E\u003Cp\u003ELorsque la r\u00e9alisation des prestations suivantes requiert un d\u00e9lai d\u0027ex\u00e9cution sup\u00e9rieur \u00e0 la dur\u00e9e de r\u00e9f\u00e9rence pr\u00e9cis\u00e9e dans le tableau ci-dessous, elles donnent lieu \u00e0 la perception d\u0027un \u00e9molument compl\u00e9mentaire de vacation, \u00e0 savoir :\u003C\/p\u003E\u003Ctable class=\u0022MsoTableGrid\u0022\u003E\u003Ctbody\u003E\u003Ctr\u003E\u003Ctd\u003E\u003Cp align=\u0022center\u0022\u003E\u003Cstrong\u003ED\u00c9SIGNATION DE LA PRESTATION\u003C\/strong\u003E\u003C\/p\u003E\u003C\/td\u003E\u003Ctd\u003E\u003Cp align=\u0022center\u0022\u003E\u003Cstrong\u003EDUR\u00c9E D\u2019EX\u00c9CUTION DE R\u00c9F\u00c9RENCE\u003C\/strong\u003E\u003C\/p\u003E\u003C\/td\u003E\u003C\/tr\u003E\u003Ctr\u003E\u003Ctd valign=\u0022top\u0022\u003E\u003Cp align=\u0022center\u0022\u003EActe de v\u00e9rification et d\u0027enl\u00e8vement\u003C\/p\u003E\u003C\/td\u003E\u003Ctd\u003E\u003Cp align=\u0022center\u0022\u003E45 minutes\u003C\/p\u003E\u003C\/td\u003E\u003C\/tr\u003E\u003Ctr\u003E\u003Ctd valign=\u0022top\u0022\u003E\u003Cp align=\u0022center\u0022\u003EActe d\u0027inventaire et d\u0027enl\u00e8vement des biens plac\u00e9s dans un coffre-fort\u003C\/p\u003E\u003C\/td\u003E\u003Ctd\u003E\u003Cp align=\u0022center\u0022\u003E30 minutes\u003C\/p\u003E\u003C\/td\u003E\u003C\/tr\u003E\u003Ctr\u003E\u003Ctd valign=\u0022top\u0022\u003E\u003Cp align=\u0022center\u0022\u003EProc\u00e8s-verbal d\u0027inventaire\u003C\/p\u003E\u003C\/td\u003E\u003Ctd\u003E\u003Cp align=\u0022center\u0022\u003E30 minutes\u003C\/p\u003E\u003C\/td\u003E\u003C\/tr\u003E\u003C\/tbody\u003E\u003C\/table\u003E                                            \u003Cp\u003E\u003Cbr \/\u003E\u003Cstrong\u003ESource :\u003C\/strong\u003E\u003Cstrong\u003E\u00a0\u003C\/strong\u003E\u003C\/p\u003E\u003Cul\u003E\u003Cli\u003E\u003Ca href=\u0022https:\/\/www.legifrance.gouv.fr\/codes\/section_lc\/LEGITEXT000005634379\/LEGISCTA000032127784\/#LEGISCTA000032127784\u0022 target=\u0022_blank\u0022 rel=\u0022noopener\u0022\u003EArticles A 444-21 et A 444-22 du Code de commerce\u003C\/a\u003E\u003C\/li\u003E\u003Cli\u003E\u003Ca href=\u0022https:\/\/www.legifrance.gouv.fr\/jorf\/id\/JORFTEXT000049209818\u0022 target=\u0022_blank\u0022 rel=\u0022noopener\u0022\u003EArr\u00eat\u00e9 du 28 f\u00e9vrier 2024 fixant l\u0027objectif de taux de r\u00e9sultat moyen et les tarifs r\u00e9glement\u00e9s des huissiers de justice et commissaires-priseurs judiciaires\u003C\/a\u003E\u003C\/li\u003E\u003C\/ul\u003E\u003C\/div\u003E","annee":"2025","theme":" Indices, taux, bar\u00e8mes juridiques","activites":["Professionnels du droit et du chiffre"],"image":"https:\/\/www.weblex.fr\/sites\/default\/files\/chiffres_clef\/Shutterstock_commissairedejusticeventeforcee.jpg","created":"2026-01-14","modified":"2026-01-14"},{"url":"\/chiffres-cles\/indice-du-climat-des-affaires-dans-l-industrie-manufacturiere-annee-2025","id":25794,"title":"Indice du climat des affaires dans l\u2019industrie manufacturi\u00e8re - Ann\u00e9e 2025","content":"\u003Cdiv\u003E                                              \u003Cp\u003EIndice du climat des affaires dans l\u2019industrie manufacturi\u00e8re (r\u00e9f\u00e9rence 100 en 1976)\u003C\/p\u003E\u003Ctable class=\u0022MsoTableGrid\u0022\u003E\u003Ctbody\u003E\u003Ctr\u003E\u003Ctd valign=\u0022top\u0022\u003E\u003Cp align=\u0022center\u0022\u003E\u003Cstrong\u003EP\u00e9riode\u003C\/strong\u003E\u003C\/p\u003E\u003C\/td\u003E\u003Ctd valign=\u0022top\u0022\u003E\u003Cp align=\u0022center\u0022\u003E\u003Cstrong\u003EIndice\u003C\/strong\u003E\u003C\/p\u003E\u003C\/td\u003E\u003C\/tr\u003E\u003Ctr\u003E\u003Ctd valign=\u0022top\u0022\u003E\u003Cp\u003EJanvier 2025\u003C\/p\u003E\u003C\/td\u003E\u003Ctd valign=\u0022top\u0022\u003E\u003Cp align=\u0022center\u0022\u003E95\u003C\/p\u003E\u003C\/td\u003E\u003C\/tr\u003E\u003Ctr\u003E\u003Ctd valign=\u0022top\u0022\u003E\u003Cp\u003EF\u00e9vrier 2025\u003C\/p\u003E\u003C\/td\u003E\u003Ctd valign=\u0022top\u0022\u003E\u003Cp align=\u0022center\u0022\u003E97\u003C\/p\u003E\u003C\/td\u003E\u003C\/tr\u003E\u003Ctr\u003E\u003Ctd valign=\u0022top\u0022\u003E\u003Cp\u003EMars 2025\u003C\/p\u003E\u003C\/td\u003E\u003Ctd valign=\u0022top\u0022\u003E\u003Cp align=\u0022center\u0022\u003E96\u003C\/p\u003E\u003C\/td\u003E\u003C\/tr\u003E\u003Ctr\u003E\u003Ctd valign=\u0022top\u0022\u003E\u003Cp\u003EAvril 2025\u003C\/p\u003E\u003C\/td\u003E\u003Ctd valign=\u0022top\u0022\u003E\u003Cp align=\u0022center\u0022\u003E99\u003C\/p\u003E\u003C\/td\u003E\u003C\/tr\u003E\u003Ctr\u003E\u003Ctd valign=\u0022top\u0022\u003E\u003Cp\u003EMai 2025\u003C\/p\u003E\u003C\/td\u003E\u003Ctd valign=\u0022top\u0022\u003E\u003Cp align=\u0022center\u0022\u003E97\u003C\/p\u003E\u003C\/td\u003E\u003C\/tr\u003E\u003Ctr\u003E\u003Ctd valign=\u0022top\u0022\u003E\u003Cp\u003EJuin 2025\u003C\/p\u003E\u003C\/td\u003E\u003Ctd valign=\u0022top\u0022\u003E\u003Cp align=\u0022center\u0022\u003E96\u003C\/p\u003E\u003C\/td\u003E\u003C\/tr\u003E\u003Ctr\u003E\u003Ctd valign=\u0022top\u0022\u003E\u003Cp\u003EJuillet 2025\u003C\/p\u003E\u003C\/td\u003E\u003Ctd valign=\u0022top\u0022\u003E\u003Cp align=\u0022center\u0022\u003E96\u003C\/p\u003E\u003C\/td\u003E\u003C\/tr\u003E\u003Ctr\u003E\u003Ctd valign=\u0022top\u0022\u003E\u003Cp\u003EAo\u00fbt 2025\u003C\/p\u003E\u003C\/td\u003E\u003Ctd valign=\u0022top\u0022\u003E\u003Cp align=\u0022center\u0022\u003E96\u003C\/p\u003E\u003C\/td\u003E\u003C\/tr\u003E\u003Ctr\u003E\u003Ctd valign=\u0022top\u0022\u003E\u003Cp\u003ESeptembre 2025\u003C\/p\u003E\u003C\/td\u003E\u003Ctd valign=\u0022top\u0022\u003E\u003Cp align=\u0022center\u0022\u003E96\u003C\/p\u003E\u003C\/td\u003E\u003C\/tr\u003E\u003Ctr\u003E\u003Ctd valign=\u0022top\u0022\u003E\u003Cp\u003EOctobre 2025\u003C\/p\u003E\u003C\/td\u003E\u003Ctd valign=\u0022top\u0022\u003E\u003Cp align=\u0022center\u0022\u003E101\u003C\/p\u003E\u003C\/td\u003E\u003C\/tr\u003E\u003Ctr\u003E\u003Ctd valign=\u0022top\u0022\u003E\u003Cp\u003ENovembre 2025\u003C\/p\u003E\u003C\/td\u003E\u003Ctd valign=\u0022top\u0022\u003E\u003Cp align=\u0022center\u0022\u003E98\u003C\/p\u003E\u003C\/td\u003E\u003C\/tr\u003E\u003Ctr\u003E\u003Ctd valign=\u0022top\u0022\u003E\u003Cp\u003ED\u00e9cembre 2025\u003C\/p\u003E\u003C\/td\u003E\u003Ctd valign=\u0022top\u0022\u003E\u003Cp align=\u0022center\u0022\u003E102\u003C\/p\u003E\u003C\/td\u003E\u003C\/tr\u003E\u003C\/tbody\u003E\u003C\/table\u003E                                            \u003Cp\u003E\u003Cbr \/\u003E\u003Cstrong\u003ESource :\u003C\/strong\u003E\u003Cstrong\u003E\u00a0\u003C\/strong\u003E\u003C\/p\u003E\u003Cul\u003E\u003Cli\u003E\u003Ca href=\u0022https:\/\/www.insee.fr\/fr\/statistiques\/8686017\u0022 target=\u0022_blank\u0022 rel=\u0022noopener\u0022\u003EIndice du climat des affaires dans l\u0027industrie manufacturi\u00e8re \u2013 D\u00e9cembre 2025\u003C\/a\u003E\u003C\/li\u003E\u003C\/ul\u003E\u003C\/div\u003E","annee":"2025","theme":" Indices, taux, bar\u00e8mes juridiques","activites":["Industrie"],"image":"https:\/\/www.weblex.fr\/sites\/default\/files\/chiffres_clef\/Shutterstock_industrieclimatbareme.jpg","created":"2026-01-13","modified":"2026-02-16"},{"url":"\/chiffres-cles\/indice-du-climat-des-affaires-dans-le-commerce-de-detail-annee-2025","id":25799,"title":"Indice du climat des affaires dans le commerce de d\u00e9tail - Ann\u00e9e 2025","content":"\u003Cdiv\u003E                                              \u003Cp\u003EIndice du climat des affaires dans le commerce et la r\u00e9paration automobile (r\u00e9f\u00e9rence 100 en 1991)\u003C\/p\u003E\u003Ctable class=\u0022MsoTableGrid\u0022\u003E\u003Ctbody\u003E\u003Ctr\u003E\u003Ctd valign=\u0022top\u0022\u003E\u003Cp align=\u0022center\u0022\u003E\u003Cstrong\u003EP\u00e9riode\u003C\/strong\u003E\u003C\/p\u003E\u003C\/td\u003E\u003Ctd valign=\u0022top\u0022\u003E\u003Cp align=\u0022center\u0022\u003E\u003Cstrong\u003EIndice\u003C\/strong\u003E\u003C\/p\u003E\u003C\/td\u003E\u003C\/tr\u003E\u003Ctr\u003E\u003Ctd valign=\u0022top\u0022\u003E\u003Cp\u003EJanvier 2025\u003C\/p\u003E\u003C\/td\u003E\u003Ctd valign=\u0022top\u0022\u003E\u003Cp align=\u0022center\u0022\u003E97\u003C\/p\u003E\u003C\/td\u003E\u003C\/tr\u003E\u003Ctr\u003E\u003Ctd valign=\u0022top\u0022\u003E\u003Cp\u003EF\u00e9vrier 2025\u003C\/p\u003E\u003C\/td\u003E\u003Ctd valign=\u0022top\u0022\u003E\u003Cp align=\u0022center\u0022\u003E97\u003C\/p\u003E\u003C\/td\u003E\u003C\/tr\u003E\u003Ctr\u003E\u003Ctd valign=\u0022top\u0022\u003E\u003Cp\u003EMars 2025\u003C\/p\u003E\u003C\/td\u003E\u003Ctd valign=\u0022top\u0022\u003E\u003Cp align=\u0022center\u0022\u003E100\u003C\/p\u003E\u003C\/td\u003E\u003C\/tr\u003E\u003Ctr\u003E\u003Ctd valign=\u0022top\u0022\u003E\u003Cp\u003EAvril 2025\u003C\/p\u003E\u003C\/td\u003E\u003Ctd valign=\u0022top\u0022\u003E\u003Cp align=\u0022center\u0022\u003E95\u003C\/p\u003E\u003C\/td\u003E\u003C\/tr\u003E\u003Ctr\u003E\u003Ctd valign=\u0022top\u0022\u003E\u003Cp\u003EMai 2025\u003C\/p\u003E\u003C\/td\u003E\u003Ctd valign=\u0022top\u0022\u003E\u003Cp align=\u0022center\u0022\u003E98\u003C\/p\u003E\u003C\/td\u003E\u003C\/tr\u003E\u003Ctr\u003E\u003Ctd valign=\u0022top\u0022\u003E\u003Cp\u003EJuin 2025\u003C\/p\u003E\u003C\/td\u003E\u003Ctd valign=\u0022top\u0022\u003E\u003Cp align=\u0022center\u0022\u003E99\u003C\/p\u003E\u003C\/td\u003E\u003C\/tr\u003E\u003Ctr\u003E\u003Ctd valign=\u0022top\u0022\u003E\u003Cp\u003EJuillet 2025\u003C\/p\u003E\u003C\/td\u003E\u003Ctd valign=\u0022top\u0022\u003E\u003Cp align=\u0022center\u0022\u003E98\u003C\/p\u003E\u003C\/td\u003E\u003C\/tr\u003E\u003Ctr\u003E\u003Ctd valign=\u0022top\u0022\u003E\u003Cp\u003EAo\u00fbt 2025\u003C\/p\u003E\u003C\/td\u003E\u003Ctd valign=\u0022top\u0022\u003E\u003Cp align=\u0022center\u0022\u003E92\u003C\/p\u003E\u003C\/td\u003E\u003C\/tr\u003E\u003Ctr\u003E\u003Ctd valign=\u0022top\u0022\u003E\u003Cp\u003ESeptembre 2025\u003C\/p\u003E\u003C\/td\u003E\u003Ctd valign=\u0022top\u0022\u003E\u003Cp align=\u0022center\u0022\u003E92\u003C\/p\u003E\u003C\/td\u003E\u003C\/tr\u003E\u003Ctr\u003E\u003Ctd valign=\u0022top\u0022\u003E\u003Cp\u003EOctobre 2025\u003C\/p\u003E\u003C\/td\u003E\u003Ctd valign=\u0022top\u0022\u003E\u003Cp align=\u0022center\u0022\u003E99\u003C\/p\u003E\u003C\/td\u003E\u003C\/tr\u003E\u003Ctr\u003E\u003Ctd valign=\u0022top\u0022\u003E\u003Cp\u003ENovembre 2025\u003C\/p\u003E\u003C\/td\u003E\u003Ctd valign=\u0022top\u0022\u003E\u003Cp align=\u0022center\u0022\u003E97\u003C\/p\u003E\u003C\/td\u003E\u003C\/tr\u003E\u003Ctr\u003E\u003Ctd valign=\u0022top\u0022\u003E\u003Cp\u003ED\u00e9cembre 2025\u003C\/p\u003E\u003C\/td\u003E\u003Ctd valign=\u0022top\u0022\u003E\u003Cp align=\u0022center\u0022\u003E104\u003C\/p\u003E\u003C\/td\u003E\u003C\/tr\u003E\u003C\/tbody\u003E\u003C\/table\u003E                                            \u003Cp\u003E\u003Cbr \/\u003E\u003Cstrong\u003ESource :\u003C\/strong\u003E\u003Cstrong\u003E\u00a0\u003C\/strong\u003E\u003C\/p\u003E\u003Cul\u003E\u003Cli\u003E\u003Ca href=\u0022https:\/\/www.insee.fr\/fr\/statistiques\/8685303\u0022 target=\u0022_blank\u0022 rel=\u0022noopener\u0022\u003EIndice du climat des affaires dans le commerce de d\u00e9tail \u2013 D\u00e9cembre 2025\u003C\/a\u003E\u003C\/li\u003E\u003C\/ul\u003E\u003C\/div\u003E","annee":"2025","theme":" Indices, taux, bar\u00e8mes juridiques","activites":["Commer\u00e7ant"],"image":"https:\/\/www.weblex.fr\/sites\/default\/files\/chiffres_clef\/Shutterstock_commercededetailbareme.jpg","created":"2026-01-13","modified":"2026-02-16"},{"url":"\/chiffres-cles\/indice-du-climat-des-affaires-dans-l-hebergement-restauration-annee-2025","id":25757,"title":"Indice du climat des affaires dans l\u2019h\u00e9bergement-restauration - Ann\u00e9e 2025","content":"\u003Cdiv\u003E                                              \u003Cp\u003EIndice du climat des affaires dans l\u2019h\u00e9bergement-restauration (r\u00e9f\u00e9rence 100 en 1989)\u003C\/p\u003E\u003Ctable class=\u0022MsoTableGrid\u0022\u003E\u003Ctbody\u003E\u003Ctr\u003E\u003Ctd valign=\u0022top\u0022\u003E\u003Cp align=\u0022center\u0022\u003E\u003Cstrong\u003EP\u00e9riode\u003C\/strong\u003E\u003C\/p\u003E\u003C\/td\u003E\u003Ctd valign=\u0022top\u0022\u003E\u003Cp align=\u0022center\u0022\u003E\u003Cstrong\u003EIndice\u003C\/strong\u003E\u003C\/p\u003E\u003C\/td\u003E\u003C\/tr\u003E\u003Ctr\u003E\u003Ctd valign=\u0022top\u0022\u003E\u003Cp\u003EJanvier 2025\u003C\/p\u003E\u003C\/td\u003E\u003Ctd valign=\u0022top\u0022\u003E\u003Cp align=\u0022center\u0022\u003E98\u003C\/p\u003E\u003C\/td\u003E\u003C\/tr\u003E\u003Ctr\u003E\u003Ctd valign=\u0022top\u0022\u003E\u003Cp\u003EF\u00e9vrier 2025\u003C\/p\u003E\u003C\/td\u003E\u003Ctd valign=\u0022top\u0022\u003E\u003Cp align=\u0022center\u0022\u003E100\u003C\/p\u003E\u003C\/td\u003E\u003C\/tr\u003E\u003Ctr\u003E\u003Ctd valign=\u0022top\u0022\u003E\u003Cp\u003EMars 2025\u003C\/p\u003E\u003C\/td\u003E\u003Ctd valign=\u0022top\u0022\u003E\u003Cp align=\u0022center\u0022\u003E102\u003C\/p\u003E\u003C\/td\u003E\u003C\/tr\u003E\u003Ctr\u003E\u003Ctd valign=\u0022top\u0022\u003E\u003Cp\u003EAvril 2025\u003C\/p\u003E\u003C\/td\u003E\u003Ctd valign=\u0022top\u0022\u003E\u003Cp align=\u0022center\u0022\u003E100\u003C\/p\u003E\u003C\/td\u003E\u003C\/tr\u003E\u003Ctr\u003E\u003Ctd valign=\u0022top\u0022\u003E\u003Cp\u003EMai 2025\u003C\/p\u003E\u003C\/td\u003E\u003Ctd valign=\u0022top\u0022\u003E\u003Cp align=\u0022center\u0022\u003E97\u003C\/p\u003E\u003C\/td\u003E\u003C\/tr\u003E\u003Ctr\u003E\u003Ctd valign=\u0022top\u0022\u003E\u003Cp\u003EJuin 2025\u003C\/p\u003E\u003C\/td\u003E\u003Ctd valign=\u0022top\u0022\u003E\u003Cp align=\u0022center\u0022\u003E98\u003C\/p\u003E\u003C\/td\u003E\u003C\/tr\u003E\u003Ctr\u003E\u003Ctd valign=\u0022top\u0022\u003E\u003Cp\u003EJuillet 2025\u003C\/p\u003E\u003C\/td\u003E\u003Ctd valign=\u0022top\u0022\u003E\u003Cp align=\u0022center\u0022\u003E103\u003C\/p\u003E\u003C\/td\u003E\u003C\/tr\u003E\u003Ctr\u003E\u003Ctd valign=\u0022top\u0022\u003E\u003Cp\u003EAo\u00fbt 2025\u003C\/p\u003E\u003C\/td\u003E\u003Ctd valign=\u0022top\u0022\u003E\u003Cp align=\u0022center\u0022\u003E99\u003C\/p\u003E\u003C\/td\u003E\u003C\/tr\u003E\u003Ctr\u003E\u003Ctd valign=\u0022top\u0022\u003E\u003Cp\u003ESeptembre 2025\u003C\/p\u003E\u003C\/td\u003E\u003Ctd valign=\u0022top\u0022\u003E\u003Cp align=\u0022center\u0022\u003E99\u003C\/p\u003E\u003C\/td\u003E\u003C\/tr\u003E\u003Ctr\u003E\u003Ctd valign=\u0022top\u0022\u003E\u003Cp\u003EOctobre 2025\u003C\/p\u003E\u003C\/td\u003E\u003Ctd valign=\u0022top\u0022\u003E\u003Cp align=\u0022center\u0022\u003E98\u003C\/p\u003E\u003C\/td\u003E\u003C\/tr\u003E\u003Ctr\u003E\u003Ctd valign=\u0022top\u0022\u003E\u003Cp\u003ENovembre 2025\u003C\/p\u003E\u003C\/td\u003E\u003Ctd valign=\u0022top\u0022\u003E\u003Cp align=\u0022center\u0022\u003E99\u003C\/p\u003E\u003C\/td\u003E\u003C\/tr\u003E\u003Ctr\u003E\u003Ctd valign=\u0022top\u0022\u003E\u003Cp\u003ED\u00e9cembre 2025\u003C\/p\u003E\u003C\/td\u003E\u003Ctd valign=\u0022top\u0022\u003E\u003Cp align=\u0022center\u0022\u003E98\u003C\/p\u003E\u003C\/td\u003E\u003C\/tr\u003E\u003C\/tbody\u003E\u003C\/table\u003E                                            \u003Cp\u003E\u003Cbr \/\u003E\u003Cstrong\u003ESource :\u003C\/strong\u003E\u003Cstrong\u003E\u00a0\u003C\/strong\u003E\u003C\/p\u003E\u003Cul\u003E\u003Cli\u003E\u003Ca href=\u0022https:\/\/www.insee.fr\/fr\/statistiques\/8686459\u0022 target=\u0022_blank\u0022 rel=\u0022noopener\u0022\u003EIndice du climat des affaires dans l\u2019h\u00e9bergement-restauration \u2013 D\u00e9cembre 2025\u003C\/a\u003E\u003C\/li\u003E\u003C\/ul\u003E\u003C\/div\u003E","annee":"2025","theme":" Indices, taux, bar\u00e8mes juridiques","activites":["Caf\u00e9 \/ H\u00f4tel \/ Restaurant"],"image":"https:\/\/www.weblex.fr\/sites\/default\/files\/chiffres_clef\/Shutterstock_herbergementrestauration.jpg","created":"2026-01-13","modified":"2026-03-20"},{"url":"\/chiffres-cles\/indice-du-climat-des-affaires-dans-les-activites-specialisees-scientifiques-et-techniques-annee-2025","id":25771,"title":"Indice du climat des affaires dans les activit\u00e9s sp\u00e9cialis\u00e9es, scientifiques et techniques - Ann\u00e9e 2025","content":"\u003Cdiv\u003E                                              \u003Cp\u003EIndice du climat des affaires dans les activit\u00e9s sp\u00e9cialis\u00e9es, scientifiques et techniques (r\u00e9f\u00e9rence 100 en 1989)\u003C\/p\u003E\u003Ctable class=\u0022MsoTableGrid\u0022\u003E\u003Ctbody\u003E\u003Ctr\u003E\u003Ctd valign=\u0022top\u0022\u003E\u003Cp align=\u0022center\u0022\u003E\u003Cstrong\u003EP\u00e9riode\u003C\/strong\u003E\u003C\/p\u003E\u003C\/td\u003E\u003Ctd valign=\u0022top\u0022\u003E\u003Cp align=\u0022center\u0022\u003E\u003Cstrong\u003EIndice\u003C\/strong\u003E\u003C\/p\u003E\u003C\/td\u003E\u003C\/tr\u003E\u003Ctr\u003E\u003Ctd valign=\u0022top\u0022\u003E\u003Cp\u003EJanvier 2025\u003C\/p\u003E\u003C\/td\u003E\u003Ctd valign=\u0022top\u0022\u003E\u003Cp align=\u0022center\u0022\u003E97\u003C\/p\u003E\u003C\/td\u003E\u003C\/tr\u003E\u003Ctr\u003E\u003Ctd valign=\u0022top\u0022\u003E\u003Cp\u003EF\u00e9vrier 2025\u003C\/p\u003E\u003C\/td\u003E\u003Ctd valign=\u0022top\u0022\u003E\u003Cp align=\u0022center\u0022\u003E100\u003C\/p\u003E\u003C\/td\u003E\u003C\/tr\u003E\u003Ctr\u003E\u003Ctd valign=\u0022top\u0022\u003E\u003Cp\u003EMars 2025\u003C\/p\u003E\u003C\/td\u003E\u003Ctd valign=\u0022top\u0022\u003E\u003Cp align=\u0022center\u0022\u003E99\u003C\/p\u003E\u003C\/td\u003E\u003C\/tr\u003E\u003Ctr\u003E\u003Ctd valign=\u0022top\u0022\u003E\u003Cp\u003EAvril 2025\u003C\/p\u003E\u003C\/td\u003E\u003Ctd valign=\u0022top\u0022\u003E\u003Cp align=\u0022center\u0022\u003E97\u003C\/p\u003E\u003C\/td\u003E\u003C\/tr\u003E\u003Ctr\u003E\u003Ctd valign=\u0022top\u0022\u003E\u003Cp\u003EMai 2025\u003C\/p\u003E\u003C\/td\u003E\u003Ctd valign=\u0022top\u0022\u003E\u003Cp align=\u0022center\u0022\u003E96\u003C\/p\u003E\u003C\/td\u003E\u003C\/tr\u003E\u003Ctr\u003E\u003Ctd valign=\u0022top\u0022\u003E\u003Cp\u003EJuin 2025\u003C\/p\u003E\u003C\/td\u003E\u003Ctd valign=\u0022top\u0022\u003E\u003Cp align=\u0022center\u0022\u003E98\u003C\/p\u003E\u003C\/td\u003E\u003C\/tr\u003E\u003Ctr\u003E\u003Ctd valign=\u0022top\u0022\u003E\u003Cp\u003EJuillet 2025\u003C\/p\u003E\u003C\/td\u003E\u003Ctd valign=\u0022top\u0022\u003E\u003Cp align=\u0022center\u0022\u003E98\u003C\/p\u003E\u003C\/td\u003E\u003C\/tr\u003E\u003Ctr\u003E\u003Ctd valign=\u0022top\u0022\u003E\u003Cp\u003EAo\u00fbt 2025\u003C\/p\u003E\u003C\/td\u003E\u003Ctd valign=\u0022top\u0022\u003E\u003Cp align=\u0022center\u0022\u003E95\u003C\/p\u003E\u003C\/td\u003E\u003C\/tr\u003E\u003Ctr\u003E\u003Ctd valign=\u0022top\u0022\u003E\u003Cp\u003ESeptembre 2025\u003C\/p\u003E\u003C\/td\u003E\u003Ctd valign=\u0022top\u0022\u003E\u003Cp align=\u0022center\u0022\u003E94\u003C\/p\u003E\u003C\/td\u003E\u003C\/tr\u003E\u003Ctr\u003E\u003Ctd valign=\u0022top\u0022\u003E\u003Cp\u003EOctobre 2025\u003C\/p\u003E\u003C\/td\u003E\u003Ctd valign=\u0022top\u0022\u003E\u003Cp align=\u0022center\u0022\u003E93\u003C\/p\u003E\u003C\/td\u003E\u003C\/tr\u003E\u003Ctr\u003E\u003Ctd valign=\u0022top\u0022\u003E\u003Cp\u003ENovembre 2025\u003C\/p\u003E\u003C\/td\u003E\u003Ctd valign=\u0022top\u0022\u003E\u003Cp align=\u0022center\u0022\u003E96\u003C\/p\u003E\u003C\/td\u003E\u003C\/tr\u003E\u003Ctr\u003E\u003Ctd valign=\u0022top\u0022\u003E\u003Cp\u003ED\u00e9cembre 2025\u003C\/p\u003E\u003C\/td\u003E\u003Ctd valign=\u0022top\u0022\u003E\u003Cp align=\u0022center\u0022\u003E98\u003C\/p\u003E\u003C\/td\u003E\u003C\/tr\u003E\u003C\/tbody\u003E\u003C\/table\u003E                                            \u003Cp\u003E\u003Cbr \/\u003E\u003Cstrong\u003ESource :\u003C\/strong\u003E\u003Cstrong\u003E\u00a0\u003C\/strong\u003E\u003C\/p\u003E\u003Cul\u003E\u003Cli\u003E\u003Ca href=\u0022https:\/\/www.insee.fr\/fr\/statistiques\/8686459\u0022 target=\u0022_blank\u0022\u003EIndice du climat des affaires dans les activit\u00e9s sp\u00e9cialis\u00e9es, scientifiques et techniques - D\u00e9cembre 2025\u003C\/a\u003E\u003C\/li\u003E\u003C\/ul\u003E\u003C\/div\u003E","annee":"2025","theme":" Indices, taux, bar\u00e8mes juridiques","activites":["Professionnels du divertissement","Prestataire de services"],"image":"https:\/\/www.weblex.fr\/sites\/default\/files\/chiffres_clef\/Shutterstock_activitesscientifiques.jpg","created":"2026-01-13","modified":"2026-03-23"},{"url":"\/chiffres-cles\/indice-du-climat-des-affaires-dans-le-transport-routier-de-marchandises-annee-2025","id":25795,"title":"Indice du climat des affaires dans le transport routier de marchandises - Ann\u00e9e 2025","content":"\u003Cdiv\u003E                                              \u003Cp\u003EIndice du climat des affaires dans le transport routier de marchandises (r\u00e9f\u00e9rence 100 en 1976)\u003C\/p\u003E\u003Ctable class=\u0022MsoTableGrid\u0022\u003E\u003Ctbody\u003E\u003Ctr\u003E\u003Ctd valign=\u0022top\u0022\u003E\u003Cp align=\u0022center\u0022\u003E\u003Cstrong\u003EP\u00e9riode\u003C\/strong\u003E\u003C\/p\u003E\u003C\/td\u003E\u003Ctd valign=\u0022top\u0022\u003E\u003Cp align=\u0022center\u0022\u003E\u003Cstrong\u003EIndice\u003C\/strong\u003E\u003C\/p\u003E\u003C\/td\u003E\u003C\/tr\u003E\u003Ctr\u003E\u003Ctd valign=\u0022top\u0022\u003E\u003Cp\u003EJanvier 2025\u003C\/p\u003E\u003C\/td\u003E\u003Ctd valign=\u0022top\u0022\u003E\u003Cp align=\u0022center\u0022\u003E96\u003C\/p\u003E\u003C\/td\u003E\u003C\/tr\u003E\u003Ctr\u003E\u003Ctd valign=\u0022top\u0022\u003E\u003Cp\u003EF\u00e9vrier 2025\u003C\/p\u003E\u003C\/td\u003E\u003Ctd valign=\u0022top\u0022\u003E\u003Cp align=\u0022center\u0022\u003E96\u003C\/p\u003E\u003C\/td\u003E\u003C\/tr\u003E\u003Ctr\u003E\u003Ctd valign=\u0022top\u0022\u003E\u003Cp\u003EMars 2025\u003C\/p\u003E\u003C\/td\u003E\u003Ctd valign=\u0022top\u0022\u003E\u003Cp align=\u0022center\u0022\u003E97\u003C\/p\u003E\u003C\/td\u003E\u003C\/tr\u003E\u003Ctr\u003E\u003Ctd valign=\u0022top\u0022\u003E\u003Cp\u003EAvril 2025\u003C\/p\u003E\u003C\/td\u003E\u003Ctd valign=\u0022top\u0022\u003E\u003Cp align=\u0022center\u0022\u003E98\u003C\/p\u003E\u003C\/td\u003E\u003C\/tr\u003E\u003Ctr\u003E\u003Ctd valign=\u0022top\u0022\u003E\u003Cp\u003EMai 2025\u003C\/p\u003E\u003C\/td\u003E\u003Ctd valign=\u0022top\u0022\u003E\u003Cp align=\u0022center\u0022\u003E101\u003C\/p\u003E\u003C\/td\u003E\u003C\/tr\u003E\u003Ctr\u003E\u003Ctd valign=\u0022top\u0022\u003E\u003Cp\u003EJuin 2025\u003C\/p\u003E\u003C\/td\u003E\u003Ctd valign=\u0022top\u0022\u003E\u003Cp align=\u0022center\u0022\u003E103\u003C\/p\u003E\u003C\/td\u003E\u003C\/tr\u003E\u003Ctr\u003E\u003Ctd valign=\u0022top\u0022\u003E\u003Cp\u003EJuillet 2025\u003C\/p\u003E\u003C\/td\u003E\u003Ctd valign=\u0022top\u0022\u003E\u003Cp align=\u0022center\u0022\u003E98\u003C\/p\u003E\u003C\/td\u003E\u003C\/tr\u003E\u003Ctr\u003E\u003Ctd valign=\u0022top\u0022\u003E\u003Cp\u003EAo\u00fbt 2025\u003C\/p\u003E\u003C\/td\u003E\u003Ctd valign=\u0022top\u0022\u003E\u003Cp align=\u0022center\u0022\u003E97\u003C\/p\u003E\u003C\/td\u003E\u003C\/tr\u003E\u003Ctr\u003E\u003Ctd valign=\u0022top\u0022\u003E\u003Cp\u003ESeptembre 2025\u003C\/p\u003E\u003C\/td\u003E\u003Ctd valign=\u0022top\u0022\u003E\u003Cp align=\u0022center\u0022\u003E95\u003C\/p\u003E\u003C\/td\u003E\u003C\/tr\u003E\u003Ctr\u003E\u003Ctd valign=\u0022top\u0022\u003E\u003Cp\u003EOctobre 2025\u003C\/p\u003E\u003C\/td\u003E\u003Ctd valign=\u0022top\u0022\u003E\u003Cp align=\u0022center\u0022\u003E97\u003C\/p\u003E\u003C\/td\u003E\u003C\/tr\u003E\u003Ctr\u003E\u003Ctd valign=\u0022top\u0022\u003E\u003Cp\u003ENovembre 2025\u003C\/p\u003E\u003C\/td\u003E\u003Ctd valign=\u0022top\u0022\u003E\u003Cp align=\u0022center\u0022\u003E100\u003C\/p\u003E\u003C\/td\u003E\u003C\/tr\u003E\u003Ctr\u003E\u003Ctd valign=\u0022top\u0022\u003E\u003Cp\u003ED\u00e9cembre 2025\u003C\/p\u003E\u003C\/td\u003E\u003Ctd valign=\u0022top\u0022\u003E\u003Cp align=\u0022center\u0022\u003E97\u003C\/p\u003E\u003C\/td\u003E\u003C\/tr\u003E\u003C\/tbody\u003E\u003C\/table\u003E                                            \u003Cp\u003E\u003Cbr \/\u003E\u003Cstrong\u003ESource :\u003C\/strong\u003E\u003Cstrong\u003E\u00a0\u003C\/strong\u003E\u003C\/p\u003E\u003Cul\u003E\u003Cli\u003E\u003Ca href=\u0022https:\/\/www.insee.fr\/fr\/statistiques\/8686459\u0022 target=\u0022_blank\u0022 rel=\u0022noopener\u0022\u003EIndice du climat des affaires dans le transport routier de marchandises \u2013 D\u00e9cembre 2025\u003C\/a\u003E\u003C\/li\u003E\u003C\/ul\u003E\u003C\/div\u003E","annee":"2025","theme":" Indices, taux, bar\u00e8mes juridiques","activites":["Transport"],"image":"https:\/\/www.weblex.fr\/sites\/default\/files\/chiffres_clef\/Shutterstock_transportsroutiersetmarchandises.jpg","created":"2026-01-13","modified":"2026-02-16"},{"url":"\/chiffres-cles\/indice-du-climat-des-affaires-dans-le-btp-annee-2025","id":25798,"title":"Indice du climat des affaires dans le BTP - Ann\u00e9e 2025","content":"\u003Cdiv\u003E                                              \u003Cp\u003EIndice du climat des affaires dans le BTP (r\u00e9f\u00e9rence 100 en 1993)\u003C\/p\u003E\u003Ctable class=\u0022MsoTableGrid\u0022\u003E\u003Ctbody\u003E\u003Ctr\u003E\u003Ctd valign=\u0022top\u0022\u003E\u003Cp align=\u0022center\u0022\u003E\u003Cstrong\u003EP\u00e9riode\u003C\/strong\u003E\u003C\/p\u003E\u003C\/td\u003E\u003Ctd valign=\u0022top\u0022\u003E\u003Cp align=\u0022center\u0022\u003E\u003Cstrong\u003EIndice\u003C\/strong\u003E\u003C\/p\u003E\u003C\/td\u003E\u003C\/tr\u003E\u003Ctr\u003E\u003Ctd valign=\u0022top\u0022\u003E\u003Cp\u003EJanvier 2025\u003C\/p\u003E\u003C\/td\u003E\u003Ctd valign=\u0022top\u0022\u003E\u003Cp align=\u0022center\u0022\u003E98\u003C\/p\u003E\u003C\/td\u003E\u003C\/tr\u003E\u003Ctr\u003E\u003Ctd valign=\u0022top\u0022\u003E\u003Cp\u003EF\u00e9vrier 2025\u003C\/p\u003E\u003C\/td\u003E\u003Ctd valign=\u0022top\u0022\u003E\u003Cp align=\u0022center\u0022\u003E98\u003C\/p\u003E\u003C\/td\u003E\u003C\/tr\u003E\u003Ctr\u003E\u003Ctd valign=\u0022top\u0022\u003E\u003Cp\u003EMars 2025\u003C\/p\u003E\u003C\/td\u003E\u003Ctd valign=\u0022top\u0022\u003E\u003Cp align=\u0022center\u0022\u003E98\u003C\/p\u003E\u003C\/td\u003E\u003C\/tr\u003E\u003Ctr\u003E\u003Ctd valign=\u0022top\u0022\u003E\u003Cp\u003EAvril 2025\u003C\/p\u003E\u003C\/td\u003E\u003Ctd valign=\u0022top\u0022\u003E\u003Cp align=\u0022center\u0022\u003E97\u003C\/p\u003E\u003C\/td\u003E\u003C\/tr\u003E\u003Ctr\u003E\u003Ctd valign=\u0022top\u0022\u003E\u003Cp\u003EMai 2025\u003C\/p\u003E\u003C\/td\u003E\u003Ctd valign=\u0022top\u0022\u003E\u003Cp align=\u0022center\u0022\u003E101\u003C\/p\u003E\u003C\/td\u003E\u003C\/tr\u003E\u003Ctr\u003E\u003Ctd valign=\u0022top\u0022\u003E\u003Cp\u003EJuin 2025\u003C\/p\u003E\u003C\/td\u003E\u003Ctd valign=\u0022top\u0022\u003E\u003Cp align=\u0022center\u0022\u003E100\u003C\/p\u003E\u003C\/td\u003E\u003C\/tr\u003E\u003Ctr\u003E\u003Ctd valign=\u0022top\u0022\u003E\u003Cp\u003EJuillet 2025\u003C\/p\u003E\u003C\/td\u003E\u003Ctd valign=\u0022top\u0022\u003E\u003Cp align=\u0022center\u0022\u003E96\u003C\/p\u003E\u003C\/td\u003E\u003C\/tr\u003E\u003Ctr\u003E\u003Ctd valign=\u0022top\u0022\u003E\u003Cp\u003EAo\u00fbt 2025\u003C\/p\u003E\u003C\/td\u003E\u003Ctd valign=\u0022top\u0022\u003E\u003Cp align=\u0022center\u0022\u003E98\u003C\/p\u003E\u003C\/td\u003E\u003C\/tr\u003E\u003Ctr\u003E\u003Ctd valign=\u0022top\u0022\u003E\u003Cp\u003ESeptembre 2025\u003C\/p\u003E\u003C\/td\u003E\u003Ctd valign=\u0022top\u0022\u003E\u003Cp align=\u0022center\u0022\u003E98\u003C\/p\u003E\u003C\/td\u003E\u003C\/tr\u003E\u003Ctr\u003E\u003Ctd valign=\u0022top\u0022\u003E\u003Cp\u003EOctobre 2025\u003C\/p\u003E\u003C\/td\u003E\u003Ctd valign=\u0022top\u0022\u003E\u003Cp align=\u0022center\u0022\u003E96\u003C\/p\u003E\u003C\/td\u003E\u003C\/tr\u003E\u003Ctr\u003E\u003Ctd valign=\u0022top\u0022\u003E\u003Cp\u003ENovembre 2025\u003C\/p\u003E\u003C\/td\u003E\u003Ctd valign=\u0022top\u0022\u003E\u003Cp align=\u0022center\u0022\u003E96\u003C\/p\u003E\u003C\/td\u003E\u003C\/tr\u003E\u003Ctr\u003E\u003Ctd valign=\u0022top\u0022\u003E\u003Cp\u003ED\u00e9cembre 2025\u003C\/p\u003E\u003C\/td\u003E\u003Ctd valign=\u0022top\u0022\u003E\u003Cp align=\u0022center\u0022\u003E96\u003C\/p\u003E\u003C\/td\u003E\u003C\/tr\u003E\u003C\/tbody\u003E\u003C\/table\u003E                                            \u003Cp\u003E\u003Cbr \/\u003E\u003Cstrong\u003ESource :\u003C\/strong\u003E\u003Cstrong\u003E\u00a0\u003C\/strong\u003E\u003C\/p\u003E\u003Cul\u003E\u003Cli\u003E\u003Ca href=\u0022https:\/\/www.insee.fr\/fr\/statistiques\/8685325\u0022 target=\u0022_blank\u0022 rel=\u0022noopener\u0022\u003EIndice du climat des affaires dans le BTP \u2013 D\u00e9cembre 2025\u003C\/a\u003E\u003C\/li\u003E\u003C\/ul\u003E\u003C\/div\u003E","annee":"2025","theme":" Indices, taux, bar\u00e8mes juridiques","activites":["Artisan","Promoteur \/ Lotisseur \/ Architecte \/ G\u00e9om\u00e8tre"],"image":"https:\/\/www.weblex.fr\/sites\/default\/files\/chiffres_clef\/Shutterstock_climatbtpconstruction.jpg","created":"2026-01-13","modified":"2026-03-23"},{"url":"\/chiffres-cles\/tarifs-des-notaires-actes-concernant-la-protection-des-membres-de-la-famille-2025","id":27597,"title":"Tarifs des Notaires \u2013 Actes concernant la protection des membres de la famille (2025)","content":"\u003Cdiv\u003E                                              \u003Cp\u003EL\u0027option par le conjoint survivant pour l\u0027acquisition ou l\u0027attribution de biens propres du pr\u00e9d\u00e9c\u00e9d\u00e9 ou pour le pr\u00e9l\u00e8vement de biens communs donne lieu \u00e0 la perception d\u0027un \u00e9molument proportionnel, selon le bar\u00e8me suivant\u202f:\u003C\/p\u003E\u003Ctable aria-rowcount=\u00225\u0022 border=\u00221\u0022 data-tablelook=\u00221184\u0022 data-tablestyle=\u0022MsoTableGrid\u0022\u003E\u003Ctbody\u003E\u003Ctr aria-rowindex=\u00221\u0022 role=\u0022row\u0022\u003E\u003Ctd data-celllook=\u00220\u0022 role=\u0022rowheader\u0022\u003E\u003Cp paraeid=\u0022{bb8bc300-866c-4703-ac1f-ff3b0c62d1fc}{245}\u0022 paraid=\u0022616853667\u0022\u003ETRANCHES D\u2019ASSIETTE\u0026nbsp;\u003C\/p\u003E\u003C\/td\u003E\u003Ctd data-celllook=\u00220\u0022 role=\u0022columnheader\u0022\u003E\u003Cp paraeid=\u0022{c93819f2-7c69-419e-aaa3-7fceadf4a964}{1}\u0022 paraid=\u0022616853668\u0022\u003ETAUX APPLICABLE\u0026nbsp;\u003C\/p\u003E\u003C\/td\u003E\u003C\/tr\u003E\u003Ctr aria-rowindex=\u00222\u0022 role=\u0022row\u0022\u003E\u003Ctd data-celllook=\u00220\u0022 role=\u0022rowheader\u0022\u003E\u003Cp paraeid=\u0022{c93819f2-7c69-419e-aaa3-7fceadf4a964}{9}\u0022 paraid=\u0022616853670\u0022\u003EDe 0 \u00e0 6\u202f500 \u20ac\u0026nbsp;\u003C\/p\u003E\u003C\/td\u003E\u003Ctd data-celllook=\u00220\u0022\u003E\u003Cp paraeid=\u0022{c93819f2-7c69-419e-aaa3-7fceadf4a964}{16}\u0022 paraid=\u0022616853671\u0022\u003E3,870 %\u0026nbsp;\u003C\/p\u003E\u003C\/td\u003E\u003C\/tr\u003E\u003Ctr aria-rowindex=\u00223\u0022 role=\u0022row\u0022\u003E\u003Ctd data-celllook=\u00220\u0022 role=\u0022rowheader\u0022\u003E\u003Cp paraeid=\u0022{c93819f2-7c69-419e-aaa3-7fceadf4a964}{28}\u0022 paraid=\u0022616853673\u0022\u003EDe 6\u202f500 \u20ac \u00e0 17\u202f000 \u20ac\u0026nbsp;\u003C\/p\u003E\u003C\/td\u003E\u003Ctd data-celllook=\u00220\u0022\u003E\u003Cp paraeid=\u0022{c93819f2-7c69-419e-aaa3-7fceadf4a964}{35}\u0022 paraid=\u0022616853674\u0022\u003E1,596 %\u0026nbsp;\u003C\/p\u003E\u003C\/td\u003E\u003C\/tr\u003E\u003Ctr aria-rowindex=\u00224\u0022 role=\u0022row\u0022\u003E\u003Ctd data-celllook=\u00220\u0022 role=\u0022rowheader\u0022\u003E\u003Cp paraeid=\u0022{c93819f2-7c69-419e-aaa3-7fceadf4a964}{47}\u0022 paraid=\u0022616853676\u0022\u003EDe 17\u202f000 \u20ac \u00e0 60\u202f000 \u20ac\u0026nbsp;\u003C\/p\u003E\u003C\/td\u003E\u003Ctd data-celllook=\u00220\u0022\u003E\u003Cp paraeid=\u0022{c93819f2-7c69-419e-aaa3-7fceadf4a964}{56}\u0022 paraid=\u0022616853677\u0022\u003E1,064 %\u0026nbsp;\u003C\/p\u003E\u003C\/td\u003E\u003C\/tr\u003E\u003Ctr aria-rowindex=\u00225\u0022 role=\u0022row\u0022\u003E\u003Ctd data-celllook=\u00220\u0022 role=\u0022rowheader\u0022\u003E\u003Cp paraeid=\u0022{c93819f2-7c69-419e-aaa3-7fceadf4a964}{68}\u0022 paraid=\u0022616853679\u0022\u003EPlus de 60\u202f000 \u20ac\u0026nbsp;\u003C\/p\u003E\u003C\/td\u003E\u003Ctd data-celllook=\u00220\u0022\u003E\u003Cp paraeid=\u0022{c93819f2-7c69-419e-aaa3-7fceadf4a964}{77}\u0022 paraid=\u0022616853680\u0022\u003E0,799%\u0026nbsp;\u003C\/p\u003E\u003C\/td\u003E\u003C\/tr\u003E\u003C\/tbody\u003E\u003C\/table\u003E\u003Cp\u003EEn cas d\u0027option pour l\u0027attribution de biens propres ou pour le pr\u00e9l\u00e8vement de biens communs, l\u0027\u00e9molument per\u00e7u est imput\u00e9 \u00e0 due concurrence sur l\u0027\u00e9molument de la liquidation et du partage si ceux-ci interviennent dans la m\u00eame \u00e9tude.\u003C\/p\u003E\u003Cp\u003EL\u0027option par les h\u00e9ritiers pour le maintien des formes et modalit\u00e9s de r\u00e8glement de la prestation compensatoire qui incombait \u00e0 l\u0027\u00e9poux d\u00e9biteur d\u00e9c\u00e9d\u00e9 donne lieu \u00e0 la perception d\u0027un \u00e9molument proportionnel, selon le bar\u00e8me suivant\u202f:\u003C\/p\u003E\u003Ctable aria-rowcount=\u00225\u0022 border=\u00221\u0022 data-tablelook=\u00221184\u0022 data-tablestyle=\u0022MsoTableGrid\u0022\u003E\u003Ctbody\u003E\u003Ctr aria-rowindex=\u00221\u0022 role=\u0022row\u0022\u003E\u003Ctd data-celllook=\u00220\u0022 role=\u0022rowheader\u0022\u003E\u003Cp paraeid=\u0022{c93819f2-7c69-419e-aaa3-7fceadf4a964}{105}\u0022 paraid=\u0022616853684\u0022\u003ETRANCHES D\u2019ASSIETTE\u0026nbsp;\u003C\/p\u003E\u003C\/td\u003E\u003Ctd data-celllook=\u00220\u0022 role=\u0022columnheader\u0022\u003E\u003Cp paraeid=\u0022{c93819f2-7c69-419e-aaa3-7fceadf4a964}{116}\u0022 paraid=\u0022616853685\u0022\u003ETAUX APPLICABLE\u0026nbsp;\u003C\/p\u003E\u003C\/td\u003E\u003C\/tr\u003E\u003Ctr aria-rowindex=\u00222\u0022 role=\u0022row\u0022\u003E\u003Ctd data-celllook=\u00220\u0022 role=\u0022rowheader\u0022\u003E\u003Cp paraeid=\u0022{c93819f2-7c69-419e-aaa3-7fceadf4a964}{124}\u0022 paraid=\u0022616853687\u0022\u003EDe 0 \u00e0 6\u202f500 \u20ac\u0026nbsp;\u003C\/p\u003E\u003C\/td\u003E\u003Ctd data-celllook=\u00220\u0022\u003E\u003Cp paraeid=\u0022{c93819f2-7c69-419e-aaa3-7fceadf4a964}{131}\u0022 paraid=\u0022616853688\u0022\u003E0,967 %\u0026nbsp;\u003C\/p\u003E\u003C\/td\u003E\u003C\/tr\u003E\u003Ctr aria-rowindex=\u00223\u0022 role=\u0022row\u0022\u003E\u003Ctd data-celllook=\u00220\u0022 role=\u0022rowheader\u0022\u003E\u003Cp paraeid=\u0022{c93819f2-7c69-419e-aaa3-7fceadf4a964}{143}\u0022 paraid=\u0022616853690\u0022\u003EDe 6\u202f500 \u20ac \u00e0 17\u202f000 \u20ac\u0026nbsp;\u003C\/p\u003E\u003C\/td\u003E\u003Ctd data-celllook=\u00220\u0022\u003E\u003Cp paraeid=\u0022{c93819f2-7c69-419e-aaa3-7fceadf4a964}{150}\u0022 paraid=\u0022616853691\u0022\u003E0,532 %\u0026nbsp;\u003C\/p\u003E\u003C\/td\u003E\u003C\/tr\u003E\u003Ctr aria-rowindex=\u00224\u0022 role=\u0022row\u0022\u003E\u003Ctd data-celllook=\u00220\u0022 role=\u0022rowheader\u0022\u003E\u003Cp paraeid=\u0022{c93819f2-7c69-419e-aaa3-7fceadf4a964}{162}\u0022 paraid=\u0022616853693\u0022\u003EDe 17\u202f000 \u20ac \u00e0 30\u202f000 \u20ac\u0026nbsp;\u003C\/p\u003E\u003C\/td\u003E\u003Ctd data-celllook=\u00220\u0022\u003E\u003Cp paraeid=\u0022{c93819f2-7c69-419e-aaa3-7fceadf4a964}{171}\u0022 paraid=\u0022616853694\u0022\u003E0,363 %\u0026nbsp;\u003C\/p\u003E\u003C\/td\u003E\u003C\/tr\u003E\u003Ctr aria-rowindex=\u00225\u0022 role=\u0022row\u0022\u003E\u003Ctd data-celllook=\u00220\u0022 role=\u0022rowheader\u0022\u003E\u003Cp paraeid=\u0022{c93819f2-7c69-419e-aaa3-7fceadf4a964}{183}\u0022 paraid=\u0022616853696\u0022\u003EPlus de 30\u202f000 \u20ac\u0026nbsp;\u003C\/p\u003E\u003C\/td\u003E\u003Ctd data-celllook=\u00220\u0022\u003E\u003Cp paraeid=\u0022{c93819f2-7c69-419e-aaa3-7fceadf4a964}{192}\u0022 paraid=\u0022616853697\u0022\u003E0,266 %\u0026nbsp;\u003C\/p\u003E\u003C\/td\u003E\u003C\/tr\u003E\u003C\/tbody\u003E\u003C\/table\u003E\u003Cp\u003ELes actes de renonciation donnent lieu \u00e0 la perception des \u00e9moluments suivants\u202f:\u003C\/p\u003E\u003Ctable aria-rowcount=\u00223\u0022 border=\u00221\u0022 data-tablelook=\u00221184\u0022 data-tablestyle=\u0022MsoTableGrid\u0022\u003E\u003Ctbody\u003E\u003Ctr aria-rowindex=\u00221\u0022 role=\u0022row\u0022\u003E\u003Ctd data-celllook=\u00220\u0022 role=\u0022rowheader\u0022\u003E\u003Cp paraeid=\u0022{c93819f2-7c69-419e-aaa3-7fceadf4a964}{214}\u0022 paraid=\u0022616853700\u0022\u003ED\u00c9SIGNATION DE LA PRESTATION\u0026nbsp;\u003C\/p\u003E\u003C\/td\u003E\u003Ctd data-celllook=\u00220\u0022 role=\u0022columnheader\u0022\u003E\u003Cp paraeid=\u0022{c93819f2-7c69-419e-aaa3-7fceadf4a964}{221}\u0022 paraid=\u0022616853701\u0022\u003E\u00c9MOLUMENT\u0026nbsp;\u003C\/p\u003E\u003C\/td\u003E\u003C\/tr\u003E\u003Ctr aria-rowindex=\u00222\u0022 role=\u0022row\u0022\u003E\u003Ctd data-celllook=\u00220\u0022 role=\u0022rowheader\u0022\u003E\u003Cp paraeid=\u0022{c93819f2-7c69-419e-aaa3-7fceadf4a964}{229}\u0022 paraid=\u0022616853703\u0022\u003ERenonciation \u00e0 l\u0027action en retranchement\u0026nbsp;\u003C\/p\u003E\u003C\/td\u003E\u003Ctd data-celllook=\u00220\u0022\u003E\u003Cp paraeid=\u0022{c93819f2-7c69-419e-aaa3-7fceadf4a964}{236}\u0022 paraid=\u0022616853704\u0022\u003E150,93 \u20ac\u0026nbsp;\u003C\/p\u003E\u003C\/td\u003E\u003C\/tr\u003E\u003Ctr aria-rowindex=\u00223\u0022 role=\u0022row\u0022\u003E\u003Ctd data-celllook=\u00220\u0022 role=\u0022rowheader\u0022\u003E\u003Cp paraeid=\u0022{c93819f2-7c69-419e-aaa3-7fceadf4a964}{248}\u0022 paraid=\u0022616853706\u0022\u003ERenonciation anticip\u00e9e \u00e0 l\u0027action en r\u00e9duction ou en revendication\u0026nbsp;\u003C\/p\u003E\u003C\/td\u003E\u003Ctd data-celllook=\u00220\u0022\u003E\u003Cp paraeid=\u0022{c93819f2-7c69-419e-aaa3-7fceadf4a964}{255}\u0022 paraid=\u0022616853707\u0022\u003E150,93 \u20ac\u0026nbsp;\u003C\/p\u003E\u003C\/td\u003E\u003C\/tr\u003E\u003C\/tbody\u003E\u003C\/table\u003E\u003Cp\u003EL\u0027acceptation ou d\u00e9claration d\u0027emploi donne lieu \u00e0 la perception\u202f:\u003C\/p\u003E\u003Cul\u003E\u003Cli\u003Ed\u0027un \u00e9molument fixe de 26,41 \u20ac, lorsque l\u0027emploi ou le remploi a \u00e9t\u00e9 fait au moyen d\u0027un placement ayant donn\u00e9 lieu dans l\u0027\u00e9tude \u00e0 un \u00e9molument proportionnel\u202f;\u003C\/li\u003E\u003Cli\u003Ed\u0027un \u00e9molument proportionnel, selon le bar\u00e8me suivant, dans les cas autres que celui pr\u00e9vu ci-dessus\u202f:\u003C\/li\u003E\u003C\/ul\u003E\u003Ctable aria-rowcount=\u00225\u0022 border=\u00221\u0022 data-tablelook=\u00221184\u0022 data-tablestyle=\u0022MsoTableGrid\u0022\u003E\u003Ctbody\u003E\u003Ctr aria-rowindex=\u00221\u0022 role=\u0022row\u0022\u003E\u003Ctd data-celllook=\u00220\u0022 role=\u0022rowheader\u0022\u003E\u003Cp paraeid=\u0022{0a625a58-aad7-4146-87bd-c757f6addf1d}{52}\u0022 paraid=\u0022616853712\u0022\u003ETRANCHES D\u2019ASSIETTE\u0026nbsp;\u003C\/p\u003E\u003C\/td\u003E\u003Ctd data-celllook=\u00220\u0022 role=\u0022columnheader\u0022\u003E\u003Cp paraeid=\u0022{0a625a58-aad7-4146-87bd-c757f6addf1d}{63}\u0022 paraid=\u0022616853713\u0022\u003ETAUX APPLICABLE\u0026nbsp;\u003C\/p\u003E\u003C\/td\u003E\u003C\/tr\u003E\u003Ctr aria-rowindex=\u00222\u0022 role=\u0022row\u0022\u003E\u003Ctd data-celllook=\u00220\u0022 role=\u0022rowheader\u0022\u003E\u003Cp paraeid=\u0022{0a625a58-aad7-4146-87bd-c757f6addf1d}{71}\u0022 paraid=\u0022616853715\u0022\u003EDe 0 \u00e0 6\u202f500 \u20ac\u0026nbsp;\u003C\/p\u003E\u003C\/td\u003E\u003Ctd data-celllook=\u00220\u0022\u003E\u003Cp paraeid=\u0022{0a625a58-aad7-4146-87bd-c757f6addf1d}{78}\u0022 paraid=\u0022616853716\u0022\u003E1,290 %\u0026nbsp;\u003C\/p\u003E\u003C\/td\u003E\u003C\/tr\u003E\u003Ctr aria-rowindex=\u00223\u0022 role=\u0022row\u0022\u003E\u003Ctd data-celllook=\u00220\u0022 role=\u0022rowheader\u0022\u003E\u003Cp paraeid=\u0022{0a625a58-aad7-4146-87bd-c757f6addf1d}{90}\u0022 paraid=\u0022616853718\u0022\u003EDe 6\u202f500 \u20ac \u00e0 17\u202f000 \u20ac\u0026nbsp;\u003C\/p\u003E\u003C\/td\u003E\u003Ctd data-celllook=\u00220\u0022\u003E\u003Cp paraeid=\u0022{0a625a58-aad7-4146-87bd-c757f6addf1d}{97}\u0022 paraid=\u0022616853719\u0022\u003E0,532 %\u0026nbsp;\u003C\/p\u003E\u003C\/td\u003E\u003C\/tr\u003E\u003Ctr aria-rowindex=\u00224\u0022 role=\u0022row\u0022\u003E\u003Ctd data-celllook=\u00220\u0022 role=\u0022rowheader\u0022\u003E\u003Cp paraeid=\u0022{0a625a58-aad7-4146-87bd-c757f6addf1d}{109}\u0022 paraid=\u0022616853721\u0022\u003EDe 17\u202f000 \u20ac \u00e0 60\u202f000 \u20ac\u0026nbsp;\u003C\/p\u003E\u003C\/td\u003E\u003Ctd data-celllook=\u00220\u0022\u003E\u003Cp paraeid=\u0022{0a625a58-aad7-4146-87bd-c757f6addf1d}{120}\u0022 paraid=\u0022616853722\u0022\u003E0,355 %\u0026nbsp;\u003C\/p\u003E\u003C\/td\u003E\u003C\/tr\u003E\u003Ctr aria-rowindex=\u00225\u0022 role=\u0022row\u0022\u003E\u003Ctd data-celllook=\u00220\u0022 role=\u0022rowheader\u0022\u003E\u003Cp paraeid=\u0022{0a625a58-aad7-4146-87bd-c757f6addf1d}{132}\u0022 paraid=\u0022616853724\u0022\u003EPlus de 60\u202f000 \u20ac\u0026nbsp;\u003C\/p\u003E\u003C\/td\u003E\u003Ctd data-celllook=\u00220\u0022\u003E\u003Cp paraeid=\u0022{0a625a58-aad7-4146-87bd-c757f6addf1d}{141}\u0022 paraid=\u0022616853725\u0022\u003E0,266 %\u0026nbsp;\u003C\/p\u003E\u003C\/td\u003E\u003C\/tr\u003E\u003C\/tbody\u003E\u003C\/table\u003E\u003Cp\u003ELa d\u00e9claration d\u0027emploi par acte s\u00e9par\u00e9 donne lieu \u00e0 la perception de l\u0027\u00e9molument proportionnel selon le bar\u00e8me suivant\u202f:\u003C\/p\u003E\u003Ctable aria-rowcount=\u00225\u0022 border=\u00221\u0022 data-tablelook=\u00221184\u0022 data-tablestyle=\u0022MsoTableGrid\u0022\u003E\u003Ctbody\u003E\u003Ctr aria-rowindex=\u00221\u0022 role=\u0022row\u0022\u003E\u003Ctd data-celllook=\u00220\u0022 role=\u0022rowheader\u0022\u003E\u003Cp paraeid=\u0022{0a625a58-aad7-4146-87bd-c757f6addf1d}{163}\u0022 paraid=\u0022616853728\u0022\u003ETRANCHES D\u2019ASSIETTE\u0026nbsp;\u003C\/p\u003E\u003C\/td\u003E\u003Ctd data-celllook=\u00220\u0022 role=\u0022columnheader\u0022\u003E\u003Cp paraeid=\u0022{0a625a58-aad7-4146-87bd-c757f6addf1d}{174}\u0022 paraid=\u0022616853729\u0022\u003ETAUX APPLICABLE\u0026nbsp;\u003C\/p\u003E\u003C\/td\u003E\u003C\/tr\u003E\u003Ctr aria-rowindex=\u00222\u0022 role=\u0022row\u0022\u003E\u003Ctd data-celllook=\u00220\u0022 role=\u0022rowheader\u0022\u003E\u003Cp paraeid=\u0022{0a625a58-aad7-4146-87bd-c757f6addf1d}{182}\u0022 paraid=\u0022616853731\u0022\u003EDe 0 \u00e0 6\u202f500 \u20ac\u0026nbsp;\u003C\/p\u003E\u003C\/td\u003E\u003Ctd data-celllook=\u00220\u0022\u003E\u003Cp paraeid=\u0022{0a625a58-aad7-4146-87bd-c757f6addf1d}{189}\u0022 paraid=\u0022616853732\u0022\u003E1,290 %\u0026nbsp;\u003C\/p\u003E\u003C\/td\u003E\u003C\/tr\u003E\u003Ctr aria-rowindex=\u00223\u0022 role=\u0022row\u0022\u003E\u003Ctd data-celllook=\u00220\u0022 role=\u0022rowheader\u0022\u003E\u003Cp paraeid=\u0022{0a625a58-aad7-4146-87bd-c757f6addf1d}{199}\u0022 paraid=\u0022616853734\u0022\u003EDe 6\u202f500 \u20ac \u00e0 17\u202f000 \u20ac\u0026nbsp;\u003C\/p\u003E\u003C\/td\u003E\u003Ctd data-celllook=\u00220\u0022\u003E\u003Cp paraeid=\u0022{0a625a58-aad7-4146-87bd-c757f6addf1d}{206}\u0022 paraid=\u0022616853735\u0022\u003E0,532 %\u0026nbsp;\u003C\/p\u003E\u003C\/td\u003E\u003C\/tr\u003E\u003Ctr aria-rowindex=\u00224\u0022 role=\u0022row\u0022\u003E\u003Ctd data-celllook=\u00220\u0022 role=\u0022rowheader\u0022\u003E\u003Cp paraeid=\u0022{0a625a58-aad7-4146-87bd-c757f6addf1d}{218}\u0022 paraid=\u0022616853737\u0022\u003EDe 17\u202f000 \u20ac \u00e0 60\u202f000 \u20ac\u0026nbsp;\u003C\/p\u003E\u003C\/td\u003E\u003Ctd data-celllook=\u00220\u0022\u003E\u003Cp paraeid=\u0022{0a625a58-aad7-4146-87bd-c757f6addf1d}{227}\u0022 paraid=\u0022616853738\u0022\u003E0,355 %\u0026nbsp;\u003C\/p\u003E\u003C\/td\u003E\u003C\/tr\u003E\u003Ctr aria-rowindex=\u00225\u0022 role=\u0022row\u0022\u003E\u003Ctd data-celllook=\u00220\u0022 role=\u0022rowheader\u0022\u003E\u003Cp paraeid=\u0022{0a625a58-aad7-4146-87bd-c757f6addf1d}{239}\u0022 paraid=\u0022616853740\u0022\u003EPlus de 60\u202f000 \u20ac\u0026nbsp;\u003C\/p\u003E\u003C\/td\u003E\u003Ctd data-celllook=\u00220\u0022\u003E\u003Cp paraeid=\u0022{0a625a58-aad7-4146-87bd-c757f6addf1d}{248}\u0022 paraid=\u0022616853741\u0022\u003E0,266 %\u0026nbsp;\u003C\/p\u003E\u003C\/td\u003E\u003C\/tr\u003E\u003C\/tbody\u003E\u003C\/table\u003E\u003Cp\u003ELes constitutions de pension alimentaire et rente index\u00e9e donnent lieu \u00e0 la perception\u202f:\u003C\/p\u003E\u003Cul\u003E\u003Cli\u003Ed\u0027un \u00e9molument proportionnel\u202f:;\u003C\/li\u003E\u003Cli\u003Esoit au capital form\u00e9 de 10 fois la prestation annuelle, si la pension alimentaire ou la rente est constitu\u00e9e en vertu des articles \u003Ca href=\u0022https:\/\/www.legifrance.gouv.fr\/affichCodeArticle.do?cidTexte=LEGITEXT000006070721\u0026amp;idArticle=LEGIARTI000006422659\u0026amp;dateTexte=\u0026amp;categorieLien=cid\u0022 target=\u0022_blank\u0022 rel=\u0022noreferrer noopener\u0022\u003E205\u003C\/a\u003E et \u003Ca href=\u0022https:\/\/www.legifrance.gouv.fr\/affichCodeArticle.do?cidTexte=LEGITEXT000006070721\u0026amp;idArticle=LEGIARTI000006426727\u0026amp;dateTexte=\u0026amp;categorieLien=cid\u0022 target=\u0022_blank\u0022 rel=\u0022noreferrer noopener\u0022\u003E373-2-3\u003C\/a\u003E du Code civil\u202f;\u003C\/li\u003E\u003Cli\u003Esoit \u00e0 l\u0027estimation de la pension alimentaire dans la convention homologu\u00e9e par le juge en cas de divorce par consentement mutuel, lorsque cette pension doit \u00eatre vers\u00e9e pour une dur\u00e9e inf\u00e9rieure \u00e0 10 ans\u202f;\u003C\/li\u003E\u003C\/ul\u003E\u003Cp\u003ESelon le bar\u00e8me suivant\u202f:\u003C\/p\u003E\u003Ctable aria-rowcount=\u00225\u0022 border=\u00221\u0022 data-tablelook=\u00221184\u0022 data-tablestyle=\u0022MsoTableGrid\u0022\u003E\u003Ctbody\u003E\u003Ctr aria-rowindex=\u00221\u0022 role=\u0022row\u0022\u003E\u003Ctd data-celllook=\u00220\u0022 role=\u0022rowheader\u0022\u003E\u003Cp paraeid=\u0022{cb5b8df5-c2f0-433d-9f97-e1fb6bc730ca}{76}\u0022 paraid=\u0022616853748\u0022\u003ETRANCHES D\u2019ASSIETTE\u0026nbsp;\u003C\/p\u003E\u003C\/td\u003E\u003Ctd data-celllook=\u00220\u0022 role=\u0022columnheader\u0022\u003E\u003Cp paraeid=\u0022{cb5b8df5-c2f0-433d-9f97-e1fb6bc730ca}{87}\u0022 paraid=\u0022616853749\u0022\u003ETAUX APPLICABLE\u0026nbsp;\u003C\/p\u003E\u003C\/td\u003E\u003C\/tr\u003E\u003Ctr aria-rowindex=\u00222\u0022 role=\u0022row\u0022\u003E\u003Ctd data-celllook=\u00220\u0022 role=\u0022rowheader\u0022\u003E\u003Cp paraeid=\u0022{cb5b8df5-c2f0-433d-9f97-e1fb6bc730ca}{95}\u0022 paraid=\u0022616853751\u0022\u003EDe 0 \u00e0 6\u202f500 \u20ac\u0026nbsp;\u003C\/p\u003E\u003C\/td\u003E\u003Ctd data-celllook=\u00220\u0022\u003E\u003Cp paraeid=\u0022{cb5b8df5-c2f0-433d-9f97-e1fb6bc730ca}{102}\u0022 paraid=\u0022616853752\u0022\u003E0,967 %\u0026nbsp;\u003C\/p\u003E\u003C\/td\u003E\u003C\/tr\u003E\u003Ctr aria-rowindex=\u00223\u0022 role=\u0022row\u0022\u003E\u003Ctd data-celllook=\u00220\u0022 role=\u0022rowheader\u0022\u003E\u003Cp paraeid=\u0022{cb5b8df5-c2f0-433d-9f97-e1fb6bc730ca}{114}\u0022 paraid=\u0022616853754\u0022\u003EDe 6\u202f500 \u20ac \u00e0 17\u202f000 \u20ac\u0026nbsp;\u003C\/p\u003E\u003C\/td\u003E\u003Ctd data-celllook=\u00220\u0022\u003E\u003Cp paraeid=\u0022{cb5b8df5-c2f0-433d-9f97-e1fb6bc730ca}{121}\u0022 paraid=\u0022616853755\u0022\u003E0,532 %\u0026nbsp;\u003C\/p\u003E\u003C\/td\u003E\u003C\/tr\u003E\u003Ctr aria-rowindex=\u00224\u0022 role=\u0022row\u0022\u003E\u003Ctd data-celllook=\u00220\u0022 role=\u0022rowheader\u0022\u003E\u003Cp paraeid=\u0022{cb5b8df5-c2f0-433d-9f97-e1fb6bc730ca}{133}\u0022 paraid=\u0022616853757\u0022\u003EDe 17\u202f000 \u20ac \u00e0 30\u202f000 \u20ac\u0026nbsp;\u003C\/p\u003E\u003C\/td\u003E\u003Ctd data-celllook=\u00220\u0022\u003E\u003Cp paraeid=\u0022{cb5b8df5-c2f0-433d-9f97-e1fb6bc730ca}{142}\u0022 paraid=\u0022616853758\u0022\u003E0,363 %\u0026nbsp;\u003C\/p\u003E\u003C\/td\u003E\u003C\/tr\u003E\u003Ctr aria-rowindex=\u00225\u0022 role=\u0022row\u0022\u003E\u003Ctd data-celllook=\u00220\u0022 role=\u0022rowheader\u0022\u003E\u003Cp paraeid=\u0022{cb5b8df5-c2f0-433d-9f97-e1fb6bc730ca}{154}\u0022 paraid=\u0022616853760\u0022\u003EPlus de 30\u202f000 \u20ac\u0026nbsp;\u003C\/p\u003E\u003C\/td\u003E\u003Ctd data-celllook=\u00220\u0022\u003E\u003Cp paraeid=\u0022{cb5b8df5-c2f0-433d-9f97-e1fb6bc730ca}{163}\u0022 paraid=\u0022616853761\u0022\u003E0,266 %\u0026nbsp;\u003C\/p\u003E\u003C\/td\u003E\u003C\/tr\u003E\u003C\/tbody\u003E\u003C\/table\u003E\u003Cul role=\u0022list\u0022\u003E\u003Cli aria-setsize=\u0022-1\u0022 data-aria-level=\u00221\u0022 data-aria-posinset=\u00220\u0022 data-font=\u0022Arial\u0022 data-leveltext=\u0022-\u0022 data-list-defn-props=\u0022{\u0026quot;335551671\u0026quot;:0,\u0026quot;335552541\u0026quot;:1,\u0026quot;335559684\u0026quot;:-2,\u0026quot;335559685\u0026quot;:720,\u0026quot;335559991\u0026quot;:360,\u0026quot;469769226\u0026quot;:\u0026quot;Arial\u0026quot;,\u0026quot;469769242\u0026quot;:[8226],\u0026quot;469777803\u0026quot;:\u0026quot;left\u0026quot;,\u0026quot;469777804\u0026quot;:\u0026quot;-\u0026quot;,\u0026quot;469777815\u0026quot;:\u0026quot;hybridMultilevel\u0026quot;}\u0022 data-listid=\u00221\u0022 role=\u0022listitem\u0022\u003E\u003Cp paraeid=\u0022{cb5b8df5-c2f0-433d-9f97-e1fb6bc730ca}{177}\u0022 paraid=\u0022616853763\u0022\u003Ed\u0027un \u00e9molument proportionnel au capital form\u00e9 de 10 fois la prestation annuelle, dans les cas autres que ceux pr\u00e9vus ci-dessus, selon le bar\u00e8me suivant\u202f:\u0026nbsp;\u003C\/p\u003E\u003C\/li\u003E\u003C\/ul\u003E\u003Ctable aria-rowcount=\u00225\u0022 border=\u00221\u0022 data-tablelook=\u00221184\u0022 data-tablestyle=\u0022MsoTableGrid\u0022\u003E\u003Ctbody\u003E\u003Ctr aria-rowindex=\u00221\u0022 role=\u0022row\u0022\u003E\u003Ctd data-celllook=\u00220\u0022 role=\u0022rowheader\u0022\u003E\u003Cp paraeid=\u0022{cb5b8df5-c2f0-433d-9f97-e1fb6bc730ca}{194}\u0022 paraid=\u0022616853764\u0022\u003ETRANCHES D\u2019ASSIETTE\u0026nbsp;\u003C\/p\u003E\u003C\/td\u003E\u003Ctd data-celllook=\u00220\u0022 role=\u0022columnheader\u0022\u003E\u003Cp paraeid=\u0022{cb5b8df5-c2f0-433d-9f97-e1fb6bc730ca}{205}\u0022 paraid=\u0022616853765\u0022\u003ETAUX APPLICABLE\u0026nbsp;\u003C\/p\u003E\u003C\/td\u003E\u003C\/tr\u003E\u003Ctr aria-rowindex=\u00222\u0022 role=\u0022row\u0022\u003E\u003Ctd data-celllook=\u00220\u0022 role=\u0022rowheader\u0022\u003E\u003Cp paraeid=\u0022{cb5b8df5-c2f0-433d-9f97-e1fb6bc730ca}{213}\u0022 paraid=\u0022616853767\u0022\u003EDe 0 \u00e0 6\u202f500 \u20ac\u0026nbsp;\u003C\/p\u003E\u003C\/td\u003E\u003Ctd data-celllook=\u00220\u0022\u003E\u003Cp paraeid=\u0022{cb5b8df5-c2f0-433d-9f97-e1fb6bc730ca}{220}\u0022 paraid=\u0022616853768\u0022\u003E1,935 %\u0026nbsp;\u003C\/p\u003E\u003C\/td\u003E\u003C\/tr\u003E\u003Ctr aria-rowindex=\u00223\u0022 role=\u0022row\u0022\u003E\u003Ctd data-celllook=\u00220\u0022 role=\u0022rowheader\u0022\u003E\u003Cp paraeid=\u0022{cb5b8df5-c2f0-433d-9f97-e1fb6bc730ca}{232}\u0022 paraid=\u0022616853770\u0022\u003EDe 6\u202f500 \u20ac \u00e0 17\u202f000 \u20ac\u0026nbsp;\u003C\/p\u003E\u003C\/td\u003E\u003Ctd data-celllook=\u00220\u0022\u003E\u003Cp paraeid=\u0022{cb5b8df5-c2f0-433d-9f97-e1fb6bc730ca}{239}\u0022 paraid=\u0022616853771\u0022\u003E1,064 %\u0026nbsp;\u003C\/p\u003E\u003C\/td\u003E\u003C\/tr\u003E\u003Ctr aria-rowindex=\u00224\u0022 role=\u0022row\u0022\u003E\u003Ctd data-celllook=\u00220\u0022 role=\u0022rowheader\u0022\u003E\u003Cp paraeid=\u0022{cb5b8df5-c2f0-433d-9f97-e1fb6bc730ca}{251}\u0022 paraid=\u0022616853773\u0022\u003EDe 17\u202f000 \u20ac \u00e0 30\u202f000 \u20ac\u0026nbsp;\u003C\/p\u003E\u003C\/td\u003E\u003Ctd data-celllook=\u00220\u0022\u003E\u003Cp paraeid=\u0022{44abcb09-ecda-490e-adfb-a908e8a40719}{5}\u0022 paraid=\u0022616853774\u0022\u003E0,726 %\u0026nbsp;\u003C\/p\u003E\u003C\/td\u003E\u003C\/tr\u003E\u003Ctr aria-rowindex=\u00225\u0022 role=\u0022row\u0022\u003E\u003Ctd data-celllook=\u00220\u0022 role=\u0022rowheader\u0022\u003E\u003Cp paraeid=\u0022{44abcb09-ecda-490e-adfb-a908e8a40719}{17}\u0022 paraid=\u0022616853776\u0022\u003EPlus de 30\u202f000 \u20ac\u0026nbsp;\u003C\/p\u003E\u003C\/td\u003E\u003Ctd data-celllook=\u00220\u0022\u003E\u003Cp paraeid=\u0022{44abcb09-ecda-490e-adfb-a908e8a40719}{26}\u0022 paraid=\u0022616853777\u0022\u003E0,532 %\u0026nbsp;\u003C\/p\u003E\u003C\/td\u003E\u003C\/tr\u003E\u003C\/tbody\u003E\u003C\/table\u003E\u003Cp\u003ELa constitution de rente perp\u00e9tuelle ou de rente viag\u00e8re portant sur un immeuble, ainsi que le rachat de rente viag\u00e8re portant sur un immeuble donne lieu \u00e0 la perception d\u0027un \u00e9molument proportionnel au capital form\u00e9 de 20 fois la rente perp\u00e9tuelle et de 10 fois la rente viag\u00e8re, selon le bar\u00e8me suivant\u202f:\u003C\/p\u003E\u003Ctable aria-rowcount=\u00225\u0022 border=\u00221\u0022 data-tablelook=\u00221184\u0022 data-tablestyle=\u0022MsoTableGrid\u0022\u003E\u003Ctbody\u003E\u003Ctr aria-rowindex=\u00221\u0022 role=\u0022row\u0022\u003E\u003Ctd data-celllook=\u00220\u0022 role=\u0022rowheader\u0022\u003E\u003Cp paraeid=\u0022{44abcb09-ecda-490e-adfb-a908e8a40719}{60}\u0022 paraid=\u0022616853780\u0022\u003ETRANCHES D\u2019ASSIETTE\u0026nbsp;\u003C\/p\u003E\u003C\/td\u003E\u003Ctd data-celllook=\u00220\u0022 role=\u0022columnheader\u0022\u003E\u003Cp paraeid=\u0022{44abcb09-ecda-490e-adfb-a908e8a40719}{71}\u0022 paraid=\u0022616853781\u0022\u003ETAUX APPLICABLE\u0026nbsp;\u003C\/p\u003E\u003C\/td\u003E\u003C\/tr\u003E\u003Ctr aria-rowindex=\u00222\u0022 role=\u0022row\u0022\u003E\u003Ctd data-celllook=\u00220\u0022 role=\u0022rowheader\u0022\u003E\u003Cp paraeid=\u0022{44abcb09-ecda-490e-adfb-a908e8a40719}{79}\u0022 paraid=\u0022616853783\u0022\u003EDe 0 \u00e0 6\u202f500 \u20ac\u0026nbsp;\u003C\/p\u003E\u003C\/td\u003E\u003Ctd data-celllook=\u00220\u0022\u003E\u003Cp paraeid=\u0022{44abcb09-ecda-490e-adfb-a908e8a40719}{86}\u0022 paraid=\u0022616853784\u0022\u003E3,870 %\u0026nbsp;\u003C\/p\u003E\u003C\/td\u003E\u003C\/tr\u003E\u003Ctr aria-rowindex=\u00223\u0022 role=\u0022row\u0022\u003E\u003Ctd data-celllook=\u00220\u0022 role=\u0022rowheader\u0022\u003E\u003Cp paraeid=\u0022{44abcb09-ecda-490e-adfb-a908e8a40719}{98}\u0022 paraid=\u0022616853786\u0022\u003EDe 6\u202f500 \u20ac \u00e0 17\u202f000 \u20ac\u0026nbsp;\u003C\/p\u003E\u003C\/td\u003E\u003Ctd data-celllook=\u00220\u0022\u003E\u003Cp paraeid=\u0022{44abcb09-ecda-490e-adfb-a908e8a40719}{105}\u0022 paraid=\u0022616853787\u0022\u003E1,596 %\u0026nbsp;\u003C\/p\u003E\u003C\/td\u003E\u003C\/tr\u003E\u003Ctr aria-rowindex=\u00224\u0022 role=\u0022row\u0022\u003E\u003Ctd data-celllook=\u00220\u0022 role=\u0022rowheader\u0022\u003E\u003Cp paraeid=\u0022{44abcb09-ecda-490e-adfb-a908e8a40719}{117}\u0022 paraid=\u0022616853789\u0022\u003EDe 17\u202f000 \u20ac \u00e0 60\u202f000 \u20ac\u0026nbsp;\u003C\/p\u003E\u003C\/td\u003E\u003Ctd data-celllook=\u00220\u0022\u003E\u003Cp paraeid=\u0022{44abcb09-ecda-490e-adfb-a908e8a40719}{126}\u0022 paraid=\u0022616853790\u0022\u003E1,064 %\u0026nbsp;\u003C\/p\u003E\u003C\/td\u003E\u003C\/tr\u003E\u003Ctr aria-rowindex=\u00225\u0022 role=\u0022row\u0022\u003E\u003Ctd data-celllook=\u00220\u0022 role=\u0022rowheader\u0022\u003E\u003Cp paraeid=\u0022{44abcb09-ecda-490e-adfb-a908e8a40719}{138}\u0022 paraid=\u0022616853792\u0022\u003EPlus de 60\u202f000 \u20ac\u0026nbsp;\u003C\/p\u003E\u003C\/td\u003E\u003Ctd data-celllook=\u00220\u0022\u003E\u003Cp paraeid=\u0022{44abcb09-ecda-490e-adfb-a908e8a40719}{147}\u0022 paraid=\u0022616853793\u0022\u003E0,799 %\u0026nbsp;\u003C\/p\u003E\u003C\/td\u003E\u003C\/tr\u003E\u003C\/tbody\u003E\u003C\/table\u003E\u003Cp\u003ELe compte de tutelle donne lieu \u00e0 la perception d\u0027un \u00e9molument proportionnel au chapitre le plus \u00e9lev\u00e9 en recette ou en d\u00e9pense, selon le bar\u00e8me suivant\u202f:\u003C\/p\u003E\u003Ctable aria-rowcount=\u00225\u0022 border=\u00221\u0022 data-tablelook=\u00221184\u0022 data-tablestyle=\u0022MsoTableGrid\u0022\u003E\u003Ctbody\u003E\u003Ctr aria-rowindex=\u00221\u0022 role=\u0022row\u0022\u003E\u003Ctd data-celllook=\u00220\u0022 role=\u0022rowheader\u0022\u003E\u003Cp paraeid=\u0022{44abcb09-ecda-490e-adfb-a908e8a40719}{169}\u0022 paraid=\u0022616853796\u0022\u003ETRANCHES D\u2019ASSIETTE\u0026nbsp;\u003C\/p\u003E\u003C\/td\u003E\u003Ctd data-celllook=\u00220\u0022 role=\u0022columnheader\u0022\u003E\u003Cp paraeid=\u0022{44abcb09-ecda-490e-adfb-a908e8a40719}{180}\u0022 paraid=\u0022616853797\u0022\u003ETAUX APPLICABLE\u0026nbsp;\u003C\/p\u003E\u003C\/td\u003E\u003C\/tr\u003E\u003Ctr aria-rowindex=\u00222\u0022 role=\u0022row\u0022\u003E\u003Ctd data-celllook=\u00220\u0022 role=\u0022rowheader\u0022\u003E\u003Cp paraeid=\u0022{44abcb09-ecda-490e-adfb-a908e8a40719}{188}\u0022 paraid=\u0022616853799\u0022\u003EDe 0 \u00e0 6\u202f500 \u20ac\u0026nbsp;\u003C\/p\u003E\u003C\/td\u003E\u003Ctd data-celllook=\u00220\u0022\u003E\u003Cp paraeid=\u0022{44abcb09-ecda-490e-adfb-a908e8a40719}{195}\u0022 paraid=\u0022616853800\u0022\u003E2,580 %\u0026nbsp;\u003C\/p\u003E\u003C\/td\u003E\u003C\/tr\u003E\u003Ctr aria-rowindex=\u00223\u0022 role=\u0022row\u0022\u003E\u003Ctd data-celllook=\u00220\u0022 role=\u0022rowheader\u0022\u003E\u003Cp paraeid=\u0022{44abcb09-ecda-490e-adfb-a908e8a40719}{207}\u0022 paraid=\u0022616853802\u0022\u003EDe 6\u202f500 \u20ac \u00e0 17\u202f000 \u20ac\u0026nbsp;\u003C\/p\u003E\u003C\/td\u003E\u003Ctd data-celllook=\u00220\u0022\u003E\u003Cp paraeid=\u0022{44abcb09-ecda-490e-adfb-a908e8a40719}{214}\u0022 paraid=\u0022616853803\u0022\u003E1,064 %\u0026nbsp;\u003C\/p\u003E\u003C\/td\u003E\u003C\/tr\u003E\u003Ctr aria-rowindex=\u00224\u0022 role=\u0022row\u0022\u003E\u003Ctd data-celllook=\u00220\u0022 role=\u0022rowheader\u0022\u003E\u003Cp paraeid=\u0022{44abcb09-ecda-490e-adfb-a908e8a40719}{226}\u0022 paraid=\u0022616853805\u0022\u003EDe 17\u202f000 \u20ac \u00e0 60\u202f000 \u20ac\u0026nbsp;\u003C\/p\u003E\u003C\/td\u003E\u003Ctd data-celllook=\u00220\u0022\u003E\u003Cp paraeid=\u0022{44abcb09-ecda-490e-adfb-a908e8a40719}{235}\u0022 paraid=\u0022616853806\u0022\u003E0,709 %\u0026nbsp;\u003C\/p\u003E\u003C\/td\u003E\u003C\/tr\u003E\u003Ctr aria-rowindex=\u00225\u0022 role=\u0022row\u0022\u003E\u003Ctd data-celllook=\u00220\u0022 role=\u0022rowheader\u0022\u003E\u003Cp paraeid=\u0022{44abcb09-ecda-490e-adfb-a908e8a40719}{247}\u0022 paraid=\u0022616853808\u0022\u003EPlus de 60\u202f000 \u20ac\u0026nbsp;\u003C\/p\u003E\u003C\/td\u003E\u003Ctd data-celllook=\u00220\u0022\u003E\u003Cp paraeid=\u0022{96c5d30a-fcfe-41c7-9ba7-1668c3e4fc4b}{1}\u0022 paraid=\u0022616853809\u0022\u003E0,532 %\u0026nbsp;\u003C\/p\u003E\u003C\/td\u003E\u003C\/tr\u003E\u003C\/tbody\u003E\u003C\/table\u003E\u003Cp\u003ES\u0027il y a liquidation pr\u00e9alable dans le m\u00eame acte, l\u0027\u00e9molument de liquidation est per\u00e7u, en outre, sur la part revenant \u00e0 celui auquel le compte est rendu sans, toutefois, que l\u0027\u00e9molument puisse \u00eatre cumul\u00e9 en ce qui touche les valeurs figurant dans la liquidation et dans le compte.\u003C\/p\u003E\u003Cp\u003ELe r\u00e9c\u00e9piss\u00e9 ou arr\u00eat\u00e9 de compte de tutelle, par acte s\u00e9par\u00e9 donne lieu, sous r\u00e9serve que l\u0027acte ne contienne pas de convention ouvrant droit aux \u00e9moluments proportionnels, \u00e0 la perception d\u0027un \u00e9molument fixe de 75,46 \u20ac.\u003C\/p\u003E\u003Cp\u003ELes actes relatifs au mandat posthume et au mandat de protection future donnent lieu \u00e0 la perception des \u00e9moluments suivants\u202f:\u003C\/p\u003E\u003Ctable aria-rowcount=\u00225\u0022 border=\u00221\u0022 data-tablelook=\u00221184\u0022 data-tablestyle=\u0022MsoTableGrid\u0022\u003E\u003Ctbody\u003E\u003Ctr aria-rowindex=\u00221\u0022 role=\u0022row\u0022\u003E\u003Ctd data-celllook=\u00220\u0022 role=\u0022rowheader\u0022\u003E\u003Cp paraeid=\u0022{96c5d30a-fcfe-41c7-9ba7-1668c3e4fc4b}{47}\u0022 paraid=\u0022616853814\u0022\u003ED\u00c9SIGNATION DE LA PRESTATION\u0026nbsp;\u003C\/p\u003E\u003C\/td\u003E\u003Ctd data-celllook=\u00220\u0022 role=\u0022columnheader\u0022\u003E\u003Cp paraeid=\u0022{96c5d30a-fcfe-41c7-9ba7-1668c3e4fc4b}{54}\u0022 paraid=\u0022616853815\u0022\u003E\u00c9MOLUMENT\u0026nbsp;\u003C\/p\u003E\u003C\/td\u003E\u003C\/tr\u003E\u003Ctr aria-rowindex=\u00222\u0022 role=\u0022row\u0022\u003E\u003Ctd data-celllook=\u00220\u0022 role=\u0022rowheader\u0022\u003E\u003Cp paraeid=\u0022{96c5d30a-fcfe-41c7-9ba7-1668c3e4fc4b}{62}\u0022 paraid=\u0022616853817\u0022\u003E\u00c9tablissement du mandat\u0026nbsp;\u0026nbsp;\u003C\/p\u003E\u003C\/td\u003E\u003Ctd data-celllook=\u00220\u0022\u003E\u003Cp paraeid=\u0022{96c5d30a-fcfe-41c7-9ba7-1668c3e4fc4b}{69}\u0022 paraid=\u0022616853818\u0022\u003E113,20 \u20ac\u0026nbsp;\u003C\/p\u003E\u003C\/td\u003E\u003C\/tr\u003E\u003Ctr aria-rowindex=\u00223\u0022 role=\u0022row\u0022\u003E\u003Ctd data-celllook=\u00220\u0022 role=\u0022rowheader\u0022\u003E\u003Cp paraeid=\u0022{96c5d30a-fcfe-41c7-9ba7-1668c3e4fc4b}{81}\u0022 paraid=\u0022616853820\u0022\u003EAcceptation du mandat par acte s\u00e9par\u00e9\u0026nbsp;\u003C\/p\u003E\u003C\/td\u003E\u003Ctd data-celllook=\u00220\u0022\u003E\u003Cp paraeid=\u0022{96c5d30a-fcfe-41c7-9ba7-1668c3e4fc4b}{88}\u0022 paraid=\u0022616853821\u0022\u003E56,59 \u20ac\u0026nbsp;\u003C\/p\u003E\u003C\/td\u003E\u003C\/tr\u003E\u003Ctr aria-rowindex=\u00224\u0022 role=\u0022row\u0022\u003E\u003Ctd data-celllook=\u00220\u0022 role=\u0022rowheader\u0022\u003E\u003Cp paraeid=\u0022{96c5d30a-fcfe-41c7-9ba7-1668c3e4fc4b}{98}\u0022 paraid=\u0022616853823\u0022\u003ER\u00e9vocation par le mandant\u0026nbsp;\u003C\/p\u003E\u003C\/td\u003E\u003Ctd data-celllook=\u00220\u0022\u003E\u003Cp paraeid=\u0022{96c5d30a-fcfe-41c7-9ba7-1668c3e4fc4b}{105}\u0022 paraid=\u0022616853824\u0022\u003E56,59 \u20ac\u0026nbsp;\u003C\/p\u003E\u003C\/td\u003E\u003C\/tr\u003E\u003Ctr aria-rowindex=\u00225\u0022 role=\u0022row\u0022\u003E\u003Ctd data-celllook=\u00220\u0022 role=\u0022rowheader\u0022\u003E\u003Cp paraeid=\u0022{96c5d30a-fcfe-41c7-9ba7-1668c3e4fc4b}{115}\u0022 paraid=\u0022616853826\u0022\u003ERenonciation par le mandataire\u0026nbsp;\u003C\/p\u003E\u003C\/td\u003E\u003Ctd data-celllook=\u00220\u0022\u003E\u003Cp paraeid=\u0022{96c5d30a-fcfe-41c7-9ba7-1668c3e4fc4b}{122}\u0022 paraid=\u0022616853827\u0022\u003E56,59 \u20ac\u0026nbsp;\u003C\/p\u003E\u003C\/td\u003E\u003C\/tr\u003E\u003C\/tbody\u003E\u003C\/table\u003E\u003Cp\u003EL\u0027examen des comptes du mandataire d\u00e9sign\u00e9 au titre d\u0027un mandat de protection future donne lieu \u00e0 la perception d\u0027un \u00e9molument fonction du chapitre le plus \u00e9lev\u00e9, en recettes ou en d\u00e9penses, au titre de l\u0027ann\u00e9e \u00e0 laquelle se rapportent les comptes, selon le bar\u00e8me suivant\u202f:\u003C\/p\u003E\u003Ctable aria-rowcount=\u00224\u0022 border=\u00221\u0022 data-tablelook=\u00221184\u0022 data-tablestyle=\u0022MsoTableGrid\u0022\u003E\u003Ctbody\u003E\u003Ctr aria-rowindex=\u00221\u0022 role=\u0022row\u0022\u003E\u003Ctd data-celllook=\u00220\u0022 role=\u0022rowheader\u0022\u003E\u003Cp paraeid=\u0022{96c5d30a-fcfe-41c7-9ba7-1668c3e4fc4b}{142}\u0022 paraid=\u0022616853830\u0022\u003ECHAPITRE LE PLUS \u00c9LEV\u00c9, EN RECETTES OU EN D\u00c9PENSES au titre de l\u2019ann\u00e9e \u00e0 laquelle se rapporte les comptes\u0026nbsp;\u003C\/p\u003E\u003C\/td\u003E\u003Ctd data-celllook=\u00220\u0022 role=\u0022columnheader\u0022\u003E\u003Cp paraeid=\u0022{96c5d30a-fcfe-41c7-9ba7-1668c3e4fc4b}{149}\u0022 paraid=\u0022616853831\u0022\u003E\u00c9MOLUMENT\u0026nbsp;\u003C\/p\u003E\u003C\/td\u003E\u003C\/tr\u003E\u003Ctr aria-rowindex=\u00222\u0022 role=\u0022row\u0022\u003E\u003Ctd data-celllook=\u00220\u0022 role=\u0022rowheader\u0022\u003E\u003Cp paraeid=\u0022{96c5d30a-fcfe-41c7-9ba7-1668c3e4fc4b}{157}\u0022 paraid=\u0022616853833\u0022\u003EInf\u00e9rieur ou \u00e9gal \u00e0 25\u202f000 \u20ac\u0026nbsp;\u003C\/p\u003E\u003C\/td\u003E\u003Ctd data-celllook=\u00220\u0022\u003E\u003Cp paraeid=\u0022{96c5d30a-fcfe-41c7-9ba7-1668c3e4fc4b}{168}\u0022 paraid=\u0022616853834\u0022\u003E113,20 \u20ac\u0026nbsp;\u003C\/p\u003E\u003C\/td\u003E\u003C\/tr\u003E\u003Ctr aria-rowindex=\u00223\u0022 role=\u0022row\u0022\u003E\u003Ctd data-celllook=\u00220\u0022 role=\u0022rowheader\u0022\u003E\u003Cp paraeid=\u0022{96c5d30a-fcfe-41c7-9ba7-1668c3e4fc4b}{180}\u0022 paraid=\u0022616853836\u0022\u003ESup\u00e9rieur \u00e0 25\u202f000 \u20ac et inf\u00e9rieur ou \u00e9gal \u00e0 65\u202f000 \u20ac\u0026nbsp;\u003C\/p\u003E\u003C\/td\u003E\u003Ctd data-celllook=\u00220\u0022\u003E\u003Cp paraeid=\u0022{96c5d30a-fcfe-41c7-9ba7-1668c3e4fc4b}{195}\u0022 paraid=\u0022616853837\u0022\u003E188,66 \u20ac\u0026nbsp;\u003C\/p\u003E\u003C\/td\u003E\u003C\/tr\u003E\u003Ctr aria-rowindex=\u00224\u0022 role=\u0022row\u0022\u003E\u003Ctd data-celllook=\u00220\u0022 role=\u0022rowheader\u0022\u003E\u003Cp paraeid=\u0022{96c5d30a-fcfe-41c7-9ba7-1668c3e4fc4b}{211}\u0022 paraid=\u0022616853839\u0022\u003ESup\u00e9rieur \u00e0 65\u202f000 \u20ac\u0026nbsp;\u003C\/p\u003E\u003C\/td\u003E\u003Ctd data-celllook=\u00220\u0022\u003E\u003Cp paraeid=\u0022{96c5d30a-fcfe-41c7-9ba7-1668c3e4fc4b}{222}\u0022 paraid=\u0022616853840\u0022\u003E339,58 \u20ac\u0026nbsp;\u003C\/p\u003E\u003C\/td\u003E\u003C\/tr\u003E\u003C\/tbody\u003E\u003C\/table\u003E                                            \u003Cp\u003E\u003Cbr \/\u003E\u003Cstrong\u003ESource :\u003C\/strong\u003E\u003Cstrong\u003E\u00a0\u003C\/strong\u003E\u003C\/p\u003E\u003Cul\u003E\u003Cli\u003E\u003Ca href=\u0022https:\/\/www.legifrance.gouv.fr\/codes\/section_lc\/LEGITEXT000005634379\/LEGISCTA000032132100\/#LEGISCTA000032132100\u0022 target=\u0022_blank\u0022 rel=\u0022noopener\u0022\u003EArr\u00eat\u00e9 du 28 f\u00e9vrier 2020 fixant les tarifs r\u00e9glement\u00e9s des notaires\u003C\/a\u003E (Articles A 444-70 \u00e0 A 444-80 du Code de commerce)\u003C\/li\u003E\u003Cli\u003E\u003Ca href=\u0022https:\/\/www.legifrance.gouv.fr\/jorf\/id\/JORFTEXT000049209778\u0022 target=\u0022_blank\u0022 rel=\u0022noopener\u0022\u003EArr\u00eat\u00e9 du 28 f\u00e9vrier 2024 fixant l\u0027objectif de taux de r\u00e9sultat moyen et les tarifs r\u00e8glement\u00e9s des notaires\u003C\/a\u003E\u003C\/li\u003E\u003C\/ul\u003E\u003C\/div\u003E","annee":"2025","theme":" Indices, taux, bar\u00e8mes juridiques","activites":["Professionnels du droit et du chiffre"],"image":"https:\/\/www.weblex.fr\/sites\/default\/files\/chiffres_clef\/Shutterstock_notairesprotectionfamille.jpg","created":"2026-01-13","modified":"2026-03-24"},{"url":"\/chiffres-cles\/indice-du-climat-des-affaires-dans-le-commerce-et-la-reparation-automobile-annee-2025","id":25793,"title":"Indice du climat des affaires dans le commerce et la r\u00e9paration automobile - Ann\u00e9e 2025","content":"\u003Cdiv\u003E                                              \u003Cp\u003EIndice du climat des affaires dans le commerce de d\u00e9tail et dans le commerce et la r\u00e9paration d\u2019automobiles\u003Cbr\u003E(r\u00e9f\u00e9rence 100 en 1991)\u003C\/p\u003E\u003Ctable class=\u0022MsoTableGrid\u0022\u003E\u003Ctbody\u003E\u003Ctr\u003E\u003Ctd valign=\u0022top\u0022\u003E\u003Cp align=\u0022center\u0022\u003E\u003Cstrong\u003EP\u00e9riode\u003C\/strong\u003E\u003C\/p\u003E\u003C\/td\u003E\u003Ctd valign=\u0022top\u0022\u003E\u003Cp align=\u0022center\u0022\u003E\u003Cstrong\u003EIndice\u003C\/strong\u003E\u003C\/p\u003E\u003C\/td\u003E\u003C\/tr\u003E\u003Ctr\u003E\u003Ctd valign=\u0022top\u0022\u003E\u003Cp\u003EJanvier 2025\u003C\/p\u003E\u003C\/td\u003E\u003Ctd valign=\u0022top\u0022\u003E\u003Cp align=\u0022center\u0022\u003E97\u003C\/p\u003E\u003C\/td\u003E\u003C\/tr\u003E\u003Ctr\u003E\u003Ctd valign=\u0022top\u0022\u003E\u003Cp\u003EF\u00e9vrier 2025\u003C\/p\u003E\u003C\/td\u003E\u003Ctd valign=\u0022top\u0022\u003E\u003Cp align=\u0022center\u0022\u003E97\u003C\/p\u003E\u003C\/td\u003E\u003C\/tr\u003E\u003Ctr\u003E\u003Ctd valign=\u0022top\u0022\u003E\u003Cp\u003EMars 2025\u003C\/p\u003E\u003C\/td\u003E\u003Ctd valign=\u0022top\u0022\u003E\u003Cp align=\u0022center\u0022\u003E100\u003C\/p\u003E\u003C\/td\u003E\u003C\/tr\u003E\u003Ctr\u003E\u003Ctd valign=\u0022top\u0022\u003E\u003Cp\u003EAvril 2025\u003C\/p\u003E\u003C\/td\u003E\u003Ctd valign=\u0022top\u0022\u003E\u003Cp align=\u0022center\u0022\u003E95\u003C\/p\u003E\u003C\/td\u003E\u003C\/tr\u003E\u003Ctr\u003E\u003Ctd valign=\u0022top\u0022\u003E\u003Cp\u003EMai 2025\u003C\/p\u003E\u003C\/td\u003E\u003Ctd valign=\u0022top\u0022\u003E\u003Cp align=\u0022center\u0022\u003E98\u003C\/p\u003E\u003C\/td\u003E\u003C\/tr\u003E\u003Ctr\u003E\u003Ctd valign=\u0022top\u0022\u003E\u003Cp\u003EJuin 2025\u003C\/p\u003E\u003C\/td\u003E\u003Ctd valign=\u0022top\u0022\u003E\u003Cp align=\u0022center\u0022\u003E99\u003C\/p\u003E\u003C\/td\u003E\u003C\/tr\u003E\u003Ctr\u003E\u003Ctd valign=\u0022top\u0022\u003E\u003Cp\u003EJuillet 2025\u003C\/p\u003E\u003C\/td\u003E\u003Ctd valign=\u0022top\u0022\u003E\u003Cp align=\u0022center\u0022\u003E98\u003C\/p\u003E\u003C\/td\u003E\u003C\/tr\u003E\u003Ctr\u003E\u003Ctd valign=\u0022top\u0022\u003E\u003Cp\u003EAo\u00fbt 2025\u003C\/p\u003E\u003C\/td\u003E\u003Ctd valign=\u0022top\u0022\u003E\u003Cp align=\u0022center\u0022\u003E92\u003C\/p\u003E\u003C\/td\u003E\u003C\/tr\u003E\u003Ctr\u003E\u003Ctd valign=\u0022top\u0022\u003E\u003Cp\u003ESeptembre 2025\u003C\/p\u003E\u003C\/td\u003E\u003Ctd valign=\u0022top\u0022\u003E\u003Cp align=\u0022center\u0022\u003E92\u003C\/p\u003E\u003C\/td\u003E\u003C\/tr\u003E\u003Ctr\u003E\u003Ctd valign=\u0022top\u0022\u003E\u003Cp\u003EOctobre 2025\u003C\/p\u003E\u003C\/td\u003E\u003Ctd valign=\u0022top\u0022\u003E\u003Cp align=\u0022center\u0022\u003E99\u003C\/p\u003E\u003C\/td\u003E\u003C\/tr\u003E\u003Ctr\u003E\u003Ctd valign=\u0022top\u0022\u003E\u003Cp\u003ENovembre 2025\u003C\/p\u003E\u003C\/td\u003E\u003Ctd valign=\u0022top\u0022\u003E\u003Cp align=\u0022center\u0022\u003E97\u003C\/p\u003E\u003C\/td\u003E\u003C\/tr\u003E\u003Ctr\u003E\u003Ctd valign=\u0022top\u0022\u003E\u003Cp\u003ED\u00e9cembre 2025\u003C\/p\u003E\u003C\/td\u003E\u003Ctd valign=\u0022top\u0022\u003E\u003Cp align=\u0022center\u0022\u003E104\u003C\/p\u003E\u003C\/td\u003E\u003C\/tr\u003E\u003C\/tbody\u003E\u003C\/table\u003E                                            \u003Cp\u003E\u003Cbr \/\u003E\u003Cstrong\u003ESource :\u003C\/strong\u003E\u003Cstrong\u003E\u00a0\u003C\/strong\u003E\u003C\/p\u003E\u003Cul\u003E\u003Cli\u003E\u003Ca href=\u0022https:\/\/www.insee.fr\/fr\/statistiques\/8685303\u0022 target=\u0022_blank\u0022 rel=\u0022noopener\u0022\u003EIndice du climat des affaires dans le commerce et la r\u00e9paration automobile \u2013 D\u00e9cembre 2025\u003C\/a\u003E\u003C\/li\u003E\u003C\/ul\u003E\u003C\/div\u003E","annee":"2025","theme":" Indices, taux, bar\u00e8mes juridiques","activites":["Automobile"],"image":"https:\/\/www.weblex.fr\/sites\/default\/files\/chiffres_clef\/Shutterstock_reparationautomobilecommercebareme.jpg","created":"2026-01-13","modified":"2026-02-02"},{"url":"\/chiffres-cles\/indice-du-climat-des-affaires-dans-les-services-administratifs-et-de-soutien-annee-2025","id":25796,"title":"Indice du climat des affaires dans les services administratifs et de soutien - Ann\u00e9e 2025","content":"\u003Cdiv\u003E                                              \u003Cp\u003EIndice du climat des affaires dans les services administratifs et de soutien\u0026nbsp;(r\u00e9f\u00e9rence 100 en 1989)\u003C\/p\u003E\u003Ctable class=\u0022MsoTableGrid\u0022\u003E\u003Ctbody\u003E\u003Ctr\u003E\u003Ctd valign=\u0022top\u0022\u003E\u003Cp align=\u0022center\u0022\u003E\u003Cstrong\u003EP\u00e9riode\u003C\/strong\u003E\u003C\/p\u003E\u003C\/td\u003E\u003Ctd valign=\u0022top\u0022\u003E\u003Cp align=\u0022center\u0022\u003E\u003Cstrong\u003EIndice\u003C\/strong\u003E\u003C\/p\u003E\u003C\/td\u003E\u003C\/tr\u003E\u003Ctr\u003E\u003Ctd valign=\u0022top\u0022\u003E\u003Cp\u003EJanvier 2025\u003C\/p\u003E\u003C\/td\u003E\u003Ctd valign=\u0022top\u0022\u003E\u003Cp align=\u0022center\u0022\u003E97\u003C\/p\u003E\u003C\/td\u003E\u003C\/tr\u003E\u003Ctr\u003E\u003Ctd valign=\u0022top\u0022\u003E\u003Cp\u003EF\u00e9vrier 2025\u003C\/p\u003E\u003C\/td\u003E\u003Ctd valign=\u0022top\u0022\u003E\u003Cp align=\u0022center\u0022\u003E90\u003C\/p\u003E\u003C\/td\u003E\u003C\/tr\u003E\u003Ctr\u003E\u003Ctd valign=\u0022top\u0022\u003E\u003Cp\u003EMars 2025\u003C\/p\u003E\u003C\/td\u003E\u003Ctd valign=\u0022top\u0022\u003E\u003Cp align=\u0022center\u0022\u003E92\u003C\/p\u003E\u003C\/td\u003E\u003C\/tr\u003E\u003Ctr\u003E\u003Ctd valign=\u0022top\u0022\u003E\u003Cp\u003EAvril 2025\u003C\/p\u003E\u003C\/td\u003E\u003Ctd valign=\u0022top\u0022\u003E\u003Cp align=\u0022center\u0022\u003E88\u003C\/p\u003E\u003C\/td\u003E\u003C\/tr\u003E\u003Ctr\u003E\u003Ctd valign=\u0022top\u0022\u003E\u003Cp\u003EMai 2025\u003C\/p\u003E\u003C\/td\u003E\u003Ctd valign=\u0022top\u0022\u003E\u003Cp align=\u0022center\u0022\u003E88\u003C\/p\u003E\u003C\/td\u003E\u003C\/tr\u003E\u003Ctr\u003E\u003Ctd valign=\u0022top\u0022\u003E\u003Cp\u003EJuin 2025\u003C\/p\u003E\u003C\/td\u003E\u003Ctd valign=\u0022top\u0022\u003E\u003Cp align=\u0022center\u0022\u003E92\u003C\/p\u003E\u003C\/td\u003E\u003C\/tr\u003E\u003Ctr\u003E\u003Ctd valign=\u0022top\u0022\u003E\u003Cp\u003EJuillet 2025\u003C\/p\u003E\u003C\/td\u003E\u003Ctd valign=\u0022top\u0022\u003E\u003Cp align=\u0022center\u0022\u003E92\u003C\/p\u003E\u003C\/td\u003E\u003C\/tr\u003E\u003Ctr\u003E\u003Ctd valign=\u0022top\u0022\u003E\u003Cp\u003EAo\u00fbt 2025\u003C\/p\u003E\u003C\/td\u003E\u003Ctd valign=\u0022top\u0022\u003E\u003Cp align=\u0022center\u0022\u003E99\u003C\/p\u003E\u003C\/td\u003E\u003C\/tr\u003E\u003Ctr\u003E\u003Ctd valign=\u0022top\u0022\u003E\u003Cp\u003ESeptembre 2025\u003C\/p\u003E\u003C\/td\u003E\u003Ctd valign=\u0022top\u0022\u003E\u003Cp align=\u0022center\u0022\u003E94\u003C\/p\u003E\u003C\/td\u003E\u003C\/tr\u003E\u003Ctr\u003E\u003Ctd valign=\u0022top\u0022\u003E\u003Cp\u003EOctobre 2025\u003C\/p\u003E\u003C\/td\u003E\u003Ctd valign=\u0022top\u0022\u003E\u003Cp align=\u0022center\u0022\u003E95\u003C\/p\u003E\u003C\/td\u003E\u003C\/tr\u003E\u003Ctr\u003E\u003Ctd valign=\u0022top\u0022\u003E\u003Cp\u003ENovembre 2025\u003C\/p\u003E\u003C\/td\u003E\u003Ctd valign=\u0022top\u0022\u003E\u003Cp align=\u0022center\u0022\u003E98\u003C\/p\u003E\u003C\/td\u003E\u003C\/tr\u003E\u003Ctr\u003E\u003Ctd valign=\u0022top\u0022\u003E\u003Cp\u003ED\u00e9cembre 2025\u003C\/p\u003E\u003C\/td\u003E\u003Ctd valign=\u0022top\u0022\u003E\u003Cp align=\u0022center\u0022\u003E99\u003C\/p\u003E\u003C\/td\u003E\u003C\/tr\u003E\u003C\/tbody\u003E\u003C\/table\u003E                                            \u003Cp\u003E\u003Cbr \/\u003E\u003Cstrong\u003ESource :\u003C\/strong\u003E\u003Cstrong\u003E\u00a0\u003C\/strong\u003E\u003C\/p\u003E\u003Cul\u003E\u003Cli\u003E\u003Ca href=\u0022https:\/\/www.insee.fr\/fr\/statistiques\/8686459\u0022 target=\u0022_blank\u0022 rel=\u0022noopener\u0022\u003EIndice du climat des affaires dans les services administratifs et de soutien \u2013 D\u00e9cembre 2025\u003C\/a\u003E\u003C\/li\u003E\u003C\/ul\u003E\u003C\/div\u003E","annee":"2025","theme":" Indices, taux, bar\u00e8mes juridiques","activites":["Prestataire de services"],"image":"https:\/\/www.weblex.fr\/sites\/default\/files\/chiffres_clef\/Shutterstock_servicesadministratifbareme.jpg","created":"2026-01-13","modified":"2026-03-23"},{"url":"\/chiffres-cles\/indice-du-climat-des-affaires-dans-l-information-communication-annee-2025","id":25756,"title":"Indice du climat des affaires dans l\u2019information-communication - Ann\u00e9e 2025","content":"\u003Cdiv\u003E                                              \u003Cp\u003EIndice du climat des affaires dans l\u2019information-communication (r\u00e9f\u00e9rence 100 en 1989)\u003C\/p\u003E\u003Ctable class=\u0022MsoTableGrid\u0022\u003E\u003Ctbody\u003E\u003Ctr\u003E\u003Ctd valign=\u0022top\u0022\u003E\u003Cp align=\u0022center\u0022\u003E\u003Cstrong\u003EP\u00e9riode\u003C\/strong\u003E\u003C\/p\u003E\u003C\/td\u003E\u003Ctd valign=\u0022top\u0022\u003E\u003Cp align=\u0022center\u0022\u003E\u003Cstrong\u003EIndice\u003C\/strong\u003E\u003C\/p\u003E\u003C\/td\u003E\u003C\/tr\u003E\u003Ctr\u003E\u003Ctd valign=\u0022top\u0022\u003E\u003Cp\u003EJanvier 2025\u003C\/p\u003E\u003C\/td\u003E\u003Ctd valign=\u0022top\u0022\u003E\u003Cp align=\u0022center\u0022\u003E94\u003C\/p\u003E\u003C\/td\u003E\u003C\/tr\u003E\u003Ctr\u003E\u003Ctd valign=\u0022top\u0022\u003E\u003Cp\u003EF\u00e9vrier 2025\u003C\/p\u003E\u003C\/td\u003E\u003Ctd valign=\u0022top\u0022\u003E\u003Cp align=\u0022center\u0022\u003E96\u003C\/p\u003E\u003C\/td\u003E\u003C\/tr\u003E\u003Ctr\u003E\u003Ctd valign=\u0022top\u0022\u003E\u003Cp\u003EMars 2025\u003C\/p\u003E\u003C\/td\u003E\u003Ctd valign=\u0022top\u0022\u003E\u003Cp align=\u0022center\u0022\u003E97\u003C\/p\u003E\u003C\/td\u003E\u003C\/tr\u003E\u003Ctr\u003E\u003Ctd valign=\u0022top\u0022\u003E\u003Cp\u003EAvril 2025\u003C\/p\u003E\u003C\/td\u003E\u003Ctd valign=\u0022top\u0022\u003E\u003Cp align=\u0022center\u0022\u003E100\u003C\/p\u003E\u003C\/td\u003E\u003C\/tr\u003E\u003Ctr\u003E\u003Ctd valign=\u0022top\u0022\u003E\u003Cp\u003EMai 2025\u003C\/p\u003E\u003C\/td\u003E\u003Ctd valign=\u0022top\u0022\u003E\u003Cp align=\u0022center\u0022\u003E96\u003C\/p\u003E\u003C\/td\u003E\u003C\/tr\u003E\u003Ctr\u003E\u003Ctd valign=\u0022top\u0022\u003E\u003Cp\u003EJuin 2025\u003C\/p\u003E\u003C\/td\u003E\u003Ctd valign=\u0022top\u0022\u003E\u003Cp align=\u0022center\u0022\u003E95\u003C\/p\u003E\u003C\/td\u003E\u003C\/tr\u003E\u003Ctr\u003E\u003Ctd valign=\u0022top\u0022\u003E\u003Cp\u003EJuillet 2025\u003C\/p\u003E\u003C\/td\u003E\u003Ctd valign=\u0022top\u0022\u003E\u003Cp align=\u0022center\u0022\u003E94\u003C\/p\u003E\u003C\/td\u003E\u003C\/tr\u003E\u003Ctr\u003E\u003Ctd valign=\u0022top\u0022\u003E\u003Cp\u003EAo\u00fbt 2025\u003C\/p\u003E\u003C\/td\u003E\u003Ctd valign=\u0022top\u0022\u003E\u003Cp align=\u0022center\u0022\u003E92\u003C\/p\u003E\u003C\/td\u003E\u003C\/tr\u003E\u003Ctr\u003E\u003Ctd valign=\u0022top\u0022\u003E\u003Cp\u003ESeptembre 2025\u003C\/p\u003E\u003C\/td\u003E\u003Ctd valign=\u0022top\u0022\u003E\u003Cp align=\u0022center\u0022\u003E100\u003C\/p\u003E\u003C\/td\u003E\u003C\/tr\u003E\u003Ctr\u003E\u003Ctd valign=\u0022top\u0022\u003E\u003Cp\u003EOctobre 2025\u003C\/p\u003E\u003C\/td\u003E\u003Ctd valign=\u0022top\u0022\u003E\u003Cp align=\u0022center\u0022\u003E96\u003C\/p\u003E\u003C\/td\u003E\u003C\/tr\u003E\u003Ctr\u003E\u003Ctd valign=\u0022top\u0022\u003E\u003Cp\u003ENovembre 2025\u003C\/p\u003E\u003C\/td\u003E\u003Ctd valign=\u0022top\u0022\u003E\u003Cp align=\u0022center\u0022\u003E98\u003C\/p\u003E\u003C\/td\u003E\u003C\/tr\u003E\u003Ctr\u003E\u003Ctd valign=\u0022top\u0022\u003E\u003Cp\u003ED\u00e9cembre 2025\u003C\/p\u003E\u003C\/td\u003E\u003Ctd valign=\u0022top\u0022\u003E\u003Cp align=\u0022center\u0022\u003E98\u003C\/p\u003E\u003C\/td\u003E\u003C\/tr\u003E\u003C\/tbody\u003E\u003C\/table\u003E                                            \u003Cp\u003E\u003Cbr \/\u003E\u003Cstrong\u003ESource :\u003C\/strong\u003E\u003Cstrong\u003E\u00a0\u003C\/strong\u003E\u003C\/p\u003E\u003Cul\u003E\u003Cli\u003E\u003Ca href=\u0022https:\/\/www.insee.fr\/fr\/statistiques\/8686459\u0022 target=\u0022_blank\u0022 rel=\u0022noopener\u0022\u003EIndice du climat des affaires dans l\u2019information-communication \u2013 D\u00e9cembre\u0026nbsp;2025\u003C\/a\u003E\u003C\/li\u003E\u003C\/ul\u003E\u003C\/div\u003E","annee":"2025","theme":" Indices, taux, bar\u00e8mes juridiques","activites":["Prestataire de services"],"image":"https:\/\/www.weblex.fr\/sites\/default\/files\/chiffres_clef\/Shutterstock_informationcommunication.jpg","created":"2026-01-13","modified":"2026-03-23"},{"url":"\/chiffres-cles\/tarifs-des-notaires-actes-concernant-la-transmission-du-patrimoine-par-succession-ou-donation-2025","id":27600,"title":"Tarifs des Notaires \u2013 Actes concernant la transmission du patrimoine par succession ou donation - 2025","content":"\u003Cdiv\u003E                                              \u003Cp\u003EL\u0027attestation notari\u00e9e donne lieu \u00e0 la perception d\u0027un \u00e9molument proportionnel, selon le bar\u00e8me suivant :\u003C\/p\u003E\u003Ctable class=\u0022MsoTableGrid\u0022\u003E\u003Ctbody\u003E\u003Ctr\u003E\u003Ctd\u003E\u003Cp align=\u0022center\u0022\u003E\u003Cstrong\u003ETRANCHES D\u2019ASSIETTE\u003C\/strong\u003E\u003C\/p\u003E\u003C\/td\u003E\u003Ctd\u003E\u003Cp align=\u0022center\u0022\u003E\u003Cstrong\u003ETAUX APPLICABLE\u003C\/strong\u003E\u003C\/p\u003E\u003C\/td\u003E\u003C\/tr\u003E\u003Ctr\u003E\u003Ctd valign=\u0022top\u0022\u003E\u003Cp align=\u0022center\u0022\u003EDe 0 \u00e0 6\u0026nbsp;500 \u20ac\u003C\/p\u003E\u003C\/td\u003E\u003Ctd\u003E\u003Cp align=\u0022center\u0022\u003E1,935 %\u003C\/p\u003E\u003C\/td\u003E\u003C\/tr\u003E\u003Ctr\u003E\u003Ctd valign=\u0022top\u0022\u003E\u003Cp align=\u0022center\u0022\u003EDe 6\u0026nbsp;500 \u20ac \u00e0 17\u0026nbsp;000 \u20ac\u003C\/p\u003E\u003C\/td\u003E\u003Ctd\u003E\u003Cp align=\u0022center\u0022\u003E1,064 %\u003C\/p\u003E\u003C\/td\u003E\u003C\/tr\u003E\u003Ctr\u003E\u003Ctd valign=\u0022top\u0022\u003E\u003Cp align=\u0022center\u0022\u003EDe 17\u0026nbsp;000 \u20ac \u00e0 30\u0026nbsp;000 \u20ac\u003C\/p\u003E\u003C\/td\u003E\u003Ctd\u003E\u003Cp align=\u0022center\u0022\u003E0,726 %\u003C\/p\u003E\u003C\/td\u003E\u003C\/tr\u003E\u003Ctr\u003E\u003Ctd valign=\u0022top\u0022\u003E\u003Cp align=\u0022center\u0022\u003EPlus de 30\u0026nbsp;000 \u20ac\u003C\/p\u003E\u003C\/td\u003E\u003Ctd\u003E\u003Cp align=\u0022center\u0022\u003E0,532 %\u003C\/p\u003E\u003C\/td\u003E\u003C\/tr\u003E\u003C\/tbody\u003E\u003C\/table\u003E\u003Cp\u003ELes prestations mentionn\u00e9es ci-dessous donnent lieu \u00e0 la perception des \u00e9moluments suivants :\u003C\/p\u003E\u003Ctable class=\u0022MsoTableGrid\u0022\u003E\u003Ctbody\u003E\u003Ctr\u003E\u003Ctd\u003E\u003Cp align=\u0022center\u0022\u003E\u003Cstrong\u003ED\u00c9SIGNATION DE LA PRESTATION\u003C\/strong\u003E\u003C\/p\u003E\u003C\/td\u003E\u003Ctd\u003E\u003Cp align=\u0022center\u0022\u003E\u003Cstrong\u003E\u00c9MOLUMENT\u003C\/strong\u003E\u003C\/p\u003E\u003C\/td\u003E\u003C\/tr\u003E\u003Ctr\u003E\u003Ctd valign=\u0022top\u0022\u003E\u003Cp align=\u0022center\u0022\u003ECertificat successoral europ\u00e9en (modification, rectification, retrait)\u003C\/p\u003E\u003C\/td\u003E\u003Ctd\u003E\u003Cp align=\u0022center\u0022\u003E56,60 \u20ac\u003C\/p\u003E\u003C\/td\u003E\u003C\/tr\u003E\u003Ctr\u003E\u003Ctd valign=\u0022top\u0022\u003E\u003Cp align=\u0022center\u0022\u003ETestaments (partage testamentaire, testament partage, testament authentique ou mystique ou codicille en la m\u00eame forme)\u003C\/p\u003E\u003C\/td\u003E\u003Ctd\u003E\u003Cp align=\u0022center\u0022\u003E113,19 \u20ac\u003C\/p\u003E\u003C\/td\u003E\u003C\/tr\u003E\u003Ctr\u003E\u003Ctd valign=\u0022top\u0022\u003E\u003Cp align=\u0022center\u0022\u003EGarde du testament olographe avant le d\u00e9c\u00e8s\u003C\/p\u003E\u003C\/td\u003E\u003Ctd\u003E\u003Cp align=\u0022center\u0022\u003E26,41 \u20ac\u003C\/p\u003E\u003C\/td\u003E\u003C\/tr\u003E\u003Ctr\u003E\u003Ctd valign=\u0022top\u0022\u003E\u003Cp align=\u0022center\u0022\u003EProc\u00e8s-verbal d\u0027ouverture et de description du testament olographe\u003C\/p\u003E\u003C\/td\u003E\u003Ctd\u003E\u003Cp align=\u0022center\u0022\u003E26,41 \u20ac\u003C\/p\u003E\u003C\/td\u003E\u003C\/tr\u003E\u003C\/tbody\u003E\u003C\/table\u003E\u003Cp\u003ELe consentement \u00e0 ex\u00e9cution de testament ou de donation entre \u00e9poux donne lieu \u00e0 la perception :\u003C\/p\u003E\u003Cul\u003E\u003Cli\u003Ed\u0027un \u00e9molument proportionnel, selon le bar\u00e8me suivant, si le consentement vaut d\u00e9livrance :\u003C\/li\u003E\u003C\/ul\u003E\u003Ctable class=\u0022MsoTableGrid\u0022\u003E\u003Ctbody\u003E\u003Ctr\u003E\u003Ctd\u003E\u003Cp align=\u0022center\u0022\u003E\u003Cstrong\u003ETRANCHES D\u2019ASSIETTE\u003C\/strong\u003E\u003C\/p\u003E\u003C\/td\u003E\u003Ctd\u003E\u003Cp align=\u0022center\u0022\u003E\u003Cstrong\u003ETAUX APPLICABLE\u003C\/strong\u003E\u003C\/p\u003E\u003C\/td\u003E\u003C\/tr\u003E\u003Ctr\u003E\u003Ctd valign=\u0022top\u0022\u003E\u003Cp align=\u0022center\u0022\u003EDe 0 \u00e0 6\u0026nbsp;500 \u20ac\u003C\/p\u003E\u003C\/td\u003E\u003Ctd\u003E\u003Cp align=\u0022center\u0022\u003E1,935 %\u003C\/p\u003E\u003C\/td\u003E\u003C\/tr\u003E\u003Ctr\u003E\u003Ctd valign=\u0022top\u0022\u003E\u003Cp align=\u0022center\u0022\u003EDe 6\u0026nbsp;500 \u20ac \u00e0 17\u0026nbsp;000 \u20ac\u003C\/p\u003E\u003C\/td\u003E\u003Ctd\u003E\u003Cp align=\u0022center\u0022\u003E1,064 %\u003C\/p\u003E\u003C\/td\u003E\u003C\/tr\u003E\u003Ctr\u003E\u003Ctd valign=\u0022top\u0022\u003E\u003Cp align=\u0022center\u0022\u003EDe 17\u0026nbsp;000 \u20ac \u00e0 30\u0026nbsp;000 \u20ac\u003C\/p\u003E\u003C\/td\u003E\u003Ctd\u003E\u003Cp align=\u0022center\u0022\u003E0,726 %\u003C\/p\u003E\u003C\/td\u003E\u003C\/tr\u003E\u003Ctr\u003E\u003Ctd valign=\u0022top\u0022\u003E\u003Cp align=\u0022center\u0022\u003EPlus de 30\u0026nbsp;000 \u20ac\u003C\/p\u003E\u003C\/td\u003E\u003Ctd\u003E\u003Cp align=\u0022center\u0022\u003E0,532 %\u003C\/p\u003E\u003C\/td\u003E\u003C\/tr\u003E\u003C\/tbody\u003E\u003C\/table\u003E\u003Cul\u003E\u003Cli\u003Ed\u0027un \u00e9molument fixe de 75,46 \u20ac, dans les autres cas.\u003C\/li\u003E\u003C\/ul\u003E\u003Cp\u003ELe cantonnement de l\u0027\u00e9molument par le l\u00e9gataire ou le conjoint survivant donne lieu \u00e0 la perception d\u0027un \u00e9molument proportionnel \u00e0 la somme cantonn\u00e9e, selon le bar\u00e8me suivant :\u003C\/p\u003E\u003Ctable class=\u0022MsoTableGrid\u0022\u003E\u003Ctbody\u003E\u003Ctr\u003E\u003Ctd\u003E\u003Cp align=\u0022center\u0022\u003E\u003Cstrong\u003ETRANCHES D\u2019ASSIETTE\u003C\/strong\u003E\u003C\/p\u003E\u003C\/td\u003E\u003Ctd\u003E\u003Cp align=\u0022center\u0022\u003E\u003Cstrong\u003ETAUX APPLICABLE\u003C\/strong\u003E\u003C\/p\u003E\u003C\/td\u003E\u003C\/tr\u003E\u003Ctr\u003E\u003Ctd valign=\u0022top\u0022\u003E\u003Cp align=\u0022center\u0022\u003EDe 0 \u00e0 6\u0026nbsp;500 \u20ac\u003C\/p\u003E\u003C\/td\u003E\u003Ctd\u003E\u003Cp align=\u0022center\u0022\u003E2,58 %\u003C\/p\u003E\u003C\/td\u003E\u003C\/tr\u003E\u003Ctr\u003E\u003Ctd valign=\u0022top\u0022\u003E\u003Cp align=\u0022center\u0022\u003EDe 6\u0026nbsp;500 \u20ac \u00e0 17\u0026nbsp;000 \u20ac\u003C\/p\u003E\u003C\/td\u003E\u003Ctd\u003E\u003Cp align=\u0022center\u0022\u003E1,064 %\u003C\/p\u003E\u003C\/td\u003E\u003C\/tr\u003E\u003Ctr\u003E\u003Ctd valign=\u0022top\u0022\u003E\u003Cp align=\u0022center\u0022\u003EDe 17\u0026nbsp;000 \u20ac \u00e0 30\u0026nbsp;000 \u20ac\u003C\/p\u003E\u003C\/td\u003E\u003Ctd\u003E\u003Cp align=\u0022center\u0022\u003E0,709 %\u003C\/p\u003E\u003C\/td\u003E\u003C\/tr\u003E\u003Ctr\u003E\u003Ctd valign=\u0022top\u0022\u003E\u003Cp align=\u0022center\u0022\u003EPlus de 30\u0026nbsp;000 \u20ac\u003C\/p\u003E\u003C\/td\u003E\u003Ctd\u003E\u003Cp align=\u0022center\u0022\u003E0,532 %\u003C\/p\u003E\u003C\/td\u003E\u003C\/tr\u003E\u003C\/tbody\u003E\u003C\/table\u003E\u003Cp\u003ELa d\u00e9claration de succession donne lieu \u00e0 la perception d\u0027un \u00e9molument proportionnel \u00e0 l\u0027actif brut total, en ce compris s\u0027il y a communaut\u00e9, participation ou soci\u00e9t\u00e9 d\u0027acqu\u00eats, les biens qui en d\u00e9pendent, selon le bar\u00e8me suivant :\u003C\/p\u003E\u003Ctable class=\u0022MsoTableGrid\u0022\u003E\u003Ctbody\u003E\u003Ctr\u003E\u003Ctd\u003E\u003Cp align=\u0022center\u0022\u003E\u003Cstrong\u003ETRANCHES D\u2019ASSIETTE\u003C\/strong\u003E\u003C\/p\u003E\u003C\/td\u003E\u003Ctd\u003E\u003Cp align=\u0022center\u0022\u003E\u003Cstrong\u003ETAUX APPLICABLE\u003C\/strong\u003E\u003C\/p\u003E\u003C\/td\u003E\u003C\/tr\u003E\u003Ctr\u003E\u003Ctd valign=\u0022top\u0022\u003E\u003Cp align=\u0022center\u0022\u003EDe 0 \u00e0 6\u0026nbsp;500 \u20ac\u003C\/p\u003E\u003C\/td\u003E\u003Ctd\u003E\u003Cp align=\u0022center\u0022\u003E1,548 %\u003C\/p\u003E\u003C\/td\u003E\u003C\/tr\u003E\u003Ctr\u003E\u003Ctd valign=\u0022top\u0022\u003E\u003Cp align=\u0022center\u0022\u003EDe 6\u0026nbsp;500 \u20ac \u00e0 17\u0026nbsp;000 \u20ac\u003C\/p\u003E\u003C\/td\u003E\u003Ctd\u003E\u003Cp align=\u0022center\u0022\u003E0,851 %\u003C\/p\u003E\u003C\/td\u003E\u003C\/tr\u003E\u003Ctr\u003E\u003Ctd valign=\u0022top\u0022\u003E\u003Cp align=\u0022center\u0022\u003EDe 17\u0026nbsp;000 \u20ac \u00e0 30\u0026nbsp;000 \u20ac\u003C\/p\u003E\u003C\/td\u003E\u003Ctd\u003E\u003Cp align=\u0022center\u0022\u003E0,580 %\u003C\/p\u003E\u003C\/td\u003E\u003C\/tr\u003E\u003Ctr\u003E\u003Ctd valign=\u0022top\u0022\u003E\u003Cp align=\u0022center\u0022\u003EPlus de 30\u0026nbsp;000 \u20ac\u003C\/p\u003E\u003C\/td\u003E\u003Ctd\u003E\u003Cp align=\u0022center\u0022\u003E0,426 %\u003C\/p\u003E\u003C\/td\u003E\u003C\/tr\u003E\u003C\/tbody\u003E\u003C\/table\u003E\u003Cp\u003ELorsque le notaire \u00e9tablit une d\u00e9claration de succession comprenant des meubles ayant fait l\u0027objet d\u0027une pris\u00e9e donnant lieu \u00e0 la perception d\u0027un \u00e9molument, aucun \u00e9molument ne peut \u00eatre per\u00e7u par le notaire sur la partie de l\u0027actif brut correspondant \u00e0 la valeur pris\u00e9e de ces meubles.\u003C\/p\u003E\u003Cp\u003ELes actes de d\u00e9livrance de legs donnent lieu \u00e0 la perception d\u0027un \u00e9molument proportionnel :\u003C\/p\u003E\u003Cul\u003E\u003Cli\u003Eselon le bar\u00e8me suivant, s\u0027agissant de l\u0027acte avec d\u00e9charge, quittance ou acceptation :\u003C\/li\u003E\u003C\/ul\u003E\u003Ctable class=\u0022MsoTableGrid\u0022\u003E\u003Ctbody\u003E\u003Ctr\u003E\u003Ctd\u003E\u003Cp align=\u0022center\u0022\u003E\u003Cstrong\u003ETRANCHES D\u2019ASSIETTE\u003C\/strong\u003E\u003C\/p\u003E\u003C\/td\u003E\u003Ctd\u003E\u003Cp align=\u0022center\u0022\u003E\u003Cstrong\u003ETAUX APPLICABLE\u003C\/strong\u003E\u003C\/p\u003E\u003C\/td\u003E\u003C\/tr\u003E\u003Ctr\u003E\u003Ctd valign=\u0022top\u0022\u003E\u003Cp align=\u0022center\u0022\u003EDe 0 \u00e0 6\u0026nbsp;500 \u20ac\u003C\/p\u003E\u003C\/td\u003E\u003Ctd\u003E\u003Cp align=\u0022center\u0022\u003E1,935 %\u003C\/p\u003E\u003C\/td\u003E\u003C\/tr\u003E\u003Ctr\u003E\u003Ctd valign=\u0022top\u0022\u003E\u003Cp align=\u0022center\u0022\u003EDe 6\u0026nbsp;500 \u20ac \u00e0 17\u0026nbsp;000 \u20ac\u003C\/p\u003E\u003C\/td\u003E\u003Ctd\u003E\u003Cp align=\u0022center\u0022\u003E1,064 %\u003C\/p\u003E\u003C\/td\u003E\u003C\/tr\u003E\u003Ctr\u003E\u003Ctd valign=\u0022top\u0022\u003E\u003Cp align=\u0022center\u0022\u003EDe 17\u0026nbsp;000 \u20ac \u00e0 30\u0026nbsp;000 \u20ac\u003C\/p\u003E\u003C\/td\u003E\u003Ctd\u003E\u003Cp align=\u0022center\u0022\u003E0,726 %\u003C\/p\u003E\u003C\/td\u003E\u003C\/tr\u003E\u003Ctr\u003E\u003Ctd valign=\u0022top\u0022\u003E\u003Cp align=\u0022center\u0022\u003EPlus de 30\u0026nbsp;000 \u20ac\u003C\/p\u003E\u003C\/td\u003E\u003Ctd\u003E\u003Cp align=\u0022center\u0022\u003E0,532 %\u003C\/p\u003E\u003C\/td\u003E\u003C\/tr\u003E\u003C\/tbody\u003E\u003C\/table\u003E\u003Cul\u003E\u003Cli\u003Eselon le bar\u00e8me suivant, s\u0027agissant de l\u0027acte sans d\u00e9charge ni quittance ou sur la d\u00e9charge, la quittance ou acceptation ult\u00e9rieure :\u003C\/li\u003E\u003C\/ul\u003E\u003Ctable class=\u0022MsoTableGrid\u0022\u003E\u003Ctbody\u003E\u003Ctr\u003E\u003Ctd\u003E\u003Cp align=\u0022center\u0022\u003E\u003Cstrong\u003ETRANCHES D\u2019ASSIETTE\u003C\/strong\u003E\u003C\/p\u003E\u003C\/td\u003E\u003Ctd\u003E\u003Cp align=\u0022center\u0022\u003E\u003Cstrong\u003ETAUX APPLICABLE\u003C\/strong\u003E\u003C\/p\u003E\u003C\/td\u003E\u003C\/tr\u003E\u003Ctr\u003E\u003Ctd valign=\u0022top\u0022\u003E\u003Cp align=\u0022center\u0022\u003EDe 0 \u00e0 6\u0026nbsp;500 \u20ac\u003C\/p\u003E\u003C\/td\u003E\u003Ctd\u003E\u003Cp align=\u0022center\u0022\u003E0,967 %\u003C\/p\u003E\u003C\/td\u003E\u003C\/tr\u003E\u003Ctr\u003E\u003Ctd valign=\u0022top\u0022\u003E\u003Cp align=\u0022center\u0022\u003EDe 6\u0026nbsp;500 \u20ac \u00e0 17\u0026nbsp;000 \u20ac\u003C\/p\u003E\u003C\/td\u003E\u003Ctd\u003E\u003Cp align=\u0022center\u0022\u003E0,532 %\u003C\/p\u003E\u003C\/td\u003E\u003C\/tr\u003E\u003Ctr\u003E\u003Ctd valign=\u0022top\u0022\u003E\u003Cp align=\u0022center\u0022\u003EDe 17\u0026nbsp;000 \u20ac \u00e0 30\u0026nbsp;000 \u20ac\u003C\/p\u003E\u003C\/td\u003E\u003Ctd\u003E\u003Cp align=\u0022center\u0022\u003E0,363 %\u003C\/p\u003E\u003C\/td\u003E\u003C\/tr\u003E\u003Ctr\u003E\u003Ctd valign=\u0022top\u0022\u003E\u003Cp align=\u0022center\u0022\u003EPlus de 30\u0026nbsp;000 \u20ac\u003C\/p\u003E\u003C\/td\u003E\u003Ctd\u003E\u003Cp align=\u0022center\u0022\u003E0,266 %\u003C\/p\u003E\u003C\/td\u003E\u003C\/tr\u003E\u003C\/tbody\u003E\u003C\/table\u003E\u003Cp\u003ELes transports de droits successifs donnent lieu \u00e0 la perception d\u0027un \u00e9molument proportionnel :\u003C\/p\u003E\u003Cul\u003E\u003Cli\u003Eselon le bar\u00e8me suivant, s\u0027agissant du transport de droits successifs faisant cesser l\u0027indivision :\u003C\/li\u003E\u003C\/ul\u003E\u003Ctable class=\u0022MsoTableGrid\u0022\u003E\u003Ctbody\u003E\u003Ctr\u003E\u003Ctd\u003E\u003Cp align=\u0022center\u0022\u003E\u003Cstrong\u003ETRANCHES D\u2019ASSIETTE\u003C\/strong\u003E\u003C\/p\u003E\u003C\/td\u003E\u003Ctd\u003E\u003Cp align=\u0022center\u0022\u003E\u003Cstrong\u003ETAUX APPLICABLE\u003C\/strong\u003E\u003C\/p\u003E\u003C\/td\u003E\u003C\/tr\u003E\u003Ctr\u003E\u003Ctd valign=\u0022top\u0022\u003E\u003Cp align=\u0022center\u0022\u003EDe 0 \u00e0 6\u0026nbsp;500 \u20ac\u003C\/p\u003E\u003C\/td\u003E\u003Ctd\u003E\u003Cp align=\u0022center\u0022\u003E2,580 %\u003C\/p\u003E\u003C\/td\u003E\u003C\/tr\u003E\u003Ctr\u003E\u003Ctd valign=\u0022top\u0022\u003E\u003Cp align=\u0022center\u0022\u003EDe 6\u0026nbsp;500 \u20ac \u00e0 17\u0026nbsp;000 \u20ac\u003C\/p\u003E\u003C\/td\u003E\u003Ctd\u003E\u003Cp align=\u0022center\u0022\u003E1,064 %\u003C\/p\u003E\u003C\/td\u003E\u003C\/tr\u003E\u003Ctr\u003E\u003Ctd valign=\u0022top\u0022\u003E\u003Cp align=\u0022center\u0022\u003EDe 17\u0026nbsp;000 \u20ac \u00e0 60\u0026nbsp;000 \u20ac\u003C\/p\u003E\u003C\/td\u003E\u003Ctd\u003E\u003Cp align=\u0022center\u0022\u003E0,709 %\u003C\/p\u003E\u003C\/td\u003E\u003C\/tr\u003E\u003Ctr\u003E\u003Ctd valign=\u0022top\u0022\u003E\u003Cp align=\u0022center\u0022\u003EPlus de 60\u0026nbsp;000 \u20ac\u003C\/p\u003E\u003C\/td\u003E\u003Ctd\u003E\u003Cp align=\u0022center\u0022\u003E0,532 %\u003C\/p\u003E\u003C\/td\u003E\u003C\/tr\u003E\u003C\/tbody\u003E\u003C\/table\u003E\u003Cul\u003E\u003Cli\u003Eselon le bar\u00e8me suivant, dans les autres cas :\u003C\/li\u003E\u003C\/ul\u003E\u003Ctable class=\u0022MsoTableGrid\u0022\u003E\u003Ctbody\u003E\u003Ctr\u003E\u003Ctd\u003E\u003Cp align=\u0022center\u0022\u003E\u003Cstrong\u003ETRANCHES D\u2019ASSIETTE\u003C\/strong\u003E\u003C\/p\u003E\u003C\/td\u003E\u003Ctd\u003E\u003Cp align=\u0022center\u0022\u003E\u003Cstrong\u003ETAUX APPLICABLE\u003C\/strong\u003E\u003C\/p\u003E\u003C\/td\u003E\u003C\/tr\u003E\u003Ctr\u003E\u003Ctd valign=\u0022top\u0022\u003E\u003Cp align=\u0022center\u0022\u003EDe 0 \u00e0 6\u0026nbsp;500 \u20ac\u003C\/p\u003E\u003C\/td\u003E\u003Ctd\u003E\u003Cp align=\u0022center\u0022\u003E3,870 %\u003C\/p\u003E\u003C\/td\u003E\u003C\/tr\u003E\u003Ctr\u003E\u003Ctd valign=\u0022top\u0022\u003E\u003Cp align=\u0022center\u0022\u003EDe 6\u0026nbsp;500 \u20ac \u00e0 17\u0026nbsp;000 \u20ac\u003C\/p\u003E\u003C\/td\u003E\u003Ctd\u003E\u003Cp align=\u0022center\u0022\u003E1,596 %\u003C\/p\u003E\u003C\/td\u003E\u003C\/tr\u003E\u003Ctr\u003E\u003Ctd valign=\u0022top\u0022\u003E\u003Cp align=\u0022center\u0022\u003EDe 17\u0026nbsp;000 \u20ac \u00e0 60\u0026nbsp;000 \u20ac\u003C\/p\u003E\u003C\/td\u003E\u003Ctd\u003E\u003Cp align=\u0022center\u0022\u003E1,064 %\u003C\/p\u003E\u003C\/td\u003E\u003C\/tr\u003E\u003Ctr\u003E\u003Ctd valign=\u0022top\u0022\u003E\u003Cp align=\u0022center\u0022\u003EPlus de 60\u0026nbsp;000 \u20ac\u003C\/p\u003E\u003C\/td\u003E\u003Ctd\u003E\u003Cp align=\u0022center\u0022\u003E0,799 %\u003C\/p\u003E\u003C\/td\u003E\u003C\/tr\u003E\u003C\/tbody\u003E\u003C\/table\u003E\u003Cp\u003ELa notori\u00e9t\u00e9 donne lieu \u00e0 la perception :\u003C\/p\u003E\u003Cul\u003E\u003Cli\u003Ed\u0027un \u00e9molument fixe de 56,60 \u20ac, s\u0027agissant d\u0027une notori\u00e9t\u00e9 apr\u00e8s d\u00e9c\u00e8s, constatant la d\u00e9volution successorale ;\u003C\/li\u003E\u003Cli d=\u0022\u0022\u003Ed\u0027un \u00e9molument proportionnel, selon le bar\u00e8me suivant, s\u0027agissant d\u0027une notori\u00e9t\u00e9 constatant la prescription acquisitive\u003C\/li\u003E\u003C\/ul\u003E\u003Ctable class=\u0022MsoTableGrid\u0022\u003E\u003Ctbody\u003E\u003Ctr\u003E\u003Ctd\u003E\u003Cp align=\u0022center\u0022\u003E\u003Cstrong\u003ETRANCHES D\u2019ASSIETTE\u003C\/strong\u003E\u003C\/p\u003E\u003C\/td\u003E\u003Ctd\u003E\u003Cp align=\u0022center\u0022\u003E\u003Cstrong\u003ETAUX APPLICABLE\u003C\/strong\u003E\u003C\/p\u003E\u003C\/td\u003E\u003C\/tr\u003E\u003Ctr\u003E\u003Ctd valign=\u0022top\u0022\u003E\u003Cp align=\u0022center\u0022\u003EDe 0 \u00e0 6\u0026nbsp;500 \u20ac\u003C\/p\u003E\u003C\/td\u003E\u003Ctd\u003E\u003Cp align=\u0022center\u0022\u003E0,774 %\u003C\/p\u003E\u003C\/td\u003E\u003C\/tr\u003E\u003Ctr\u003E\u003Ctd valign=\u0022top\u0022\u003E\u003Cp align=\u0022center\u0022\u003EDe 6\u0026nbsp;500 \u20ac \u00e0 17\u0026nbsp;000 \u20ac\u003C\/p\u003E\u003C\/td\u003E\u003Ctd\u003E\u003Cp align=\u0022center\u0022\u003E0,426 %\u003C\/p\u003E\u003C\/td\u003E\u003C\/tr\u003E\u003Ctr\u003E\u003Ctd valign=\u0022top\u0022\u003E\u003Cp align=\u0022center\u0022\u003EDe 17\u0026nbsp;000 \u20ac \u00e0 30\u0026nbsp;000 \u20ac\u003C\/p\u003E\u003C\/td\u003E\u003Ctd\u003E\u003Cp align=\u0022center\u0022\u003E0,290 %\u003C\/p\u003E\u003C\/td\u003E\u003C\/tr\u003E\u003Ctr\u003E\u003Ctd valign=\u0022top\u0022\u003E\u003Cp align=\u0022center\u0022\u003EPlus de 30\u0026nbsp;000 \u20ac\u003C\/p\u003E\u003C\/td\u003E\u003Ctd\u003E\u003Cp align=\u0022center\u0022\u003E0,213 %\u003C\/p\u003E\u003C\/td\u003E\u003C\/tr\u003E\u003C\/tbody\u003E\u003C\/table\u003E\u003Cul\u003E\u003Cli\u003Ed\u0027un \u00e9molument fixe de 56,60 \u20ac, dans les autres cas.\u003C\/li\u003E\u003C\/ul\u003E\u003Cp\u003ELes actes relatifs \u00e0 une donation entre vifs donnent lieu \u00e0 la perception d\u0027un \u00e9molument proportionnel \u00e0 la valeur en pleine propri\u00e9t\u00e9 (y compris en cas de r\u00e9serve d\u0027usufruit) des biens donn\u00e9s par chaque donateur :\u003C\/p\u003E\u003Cul\u003E\u003Cli\u003Eselon le bar\u00e8me suivant, s\u0027agissant de la donation entre vifs accept\u00e9e sans distinction de ligne :\u003C\/li\u003E\u003C\/ul\u003E\u003Ctable class=\u0022MsoTableGrid\u0022\u003E\u003Ctbody\u003E\u003Ctr\u003E\u003Ctd\u003E\u003Cp align=\u0022center\u0022\u003E\u003Cstrong\u003ETRANCHES D\u2019ASSIETTE\u003C\/strong\u003E\u003C\/p\u003E\u003C\/td\u003E\u003Ctd\u003E\u003Cp align=\u0022center\u0022\u003E\u003Cstrong\u003ETAUX APPLICABLE\u003C\/strong\u003E\u003C\/p\u003E\u003C\/td\u003E\u003C\/tr\u003E\u003Ctr\u003E\u003Ctd valign=\u0022top\u0022\u003E\u003Cp align=\u0022center\u0022\u003EDe 0 \u00e0 6\u0026nbsp;500 \u20ac\u003C\/p\u003E\u003C\/td\u003E\u003Ctd\u003E\u003Cp align=\u0022center\u0022\u003E4,837 %\u003C\/p\u003E\u003C\/td\u003E\u003C\/tr\u003E\u003Ctr\u003E\u003Ctd valign=\u0022top\u0022\u003E\u003Cp align=\u0022center\u0022\u003EDe 6\u0026nbsp;500 \u20ac \u00e0 17\u0026nbsp;000 \u20ac\u003C\/p\u003E\u003C\/td\u003E\u003Ctd\u003E\u003Cp align=\u0022center\u0022\u003E1,995 %\u003C\/p\u003E\u003C\/td\u003E\u003C\/tr\u003E\u003Ctr\u003E\u003Ctd valign=\u0022top\u0022\u003E\u003Cp align=\u0022center\u0022\u003EDe 17\u0026nbsp;000 \u20ac \u00e0 60\u0026nbsp;000 \u20ac\u003C\/p\u003E\u003C\/td\u003E\u003Ctd\u003E\u003Cp align=\u0022center\u0022\u003E1,330 %\u003C\/p\u003E\u003C\/td\u003E\u003C\/tr\u003E\u003Ctr\u003E\u003Ctd valign=\u0022top\u0022\u003E\u003Cp align=\u0022center\u0022\u003EPlus de 60\u0026nbsp;000 \u20ac\u003C\/p\u003E\u003C\/td\u003E\u003Ctd\u003E\u003Cp align=\u0022center\u0022\u003E0,998 %\u003C\/p\u003E\u003C\/td\u003E\u003C\/tr\u003E\u003C\/tbody\u003E\u003C\/table\u003E\u003Cul\u003E\u003Cli\u003Eselon le bar\u00e8me suivant, s\u0027agissant de la donation entre vifs non accept\u00e9e :\u003C\/li\u003E\u003C\/ul\u003E\u003Ctable class=\u0022MsoTableGrid\u0022\u003E\u003Ctbody\u003E\u003Ctr\u003E\u003Ctd\u003E\u003Cp align=\u0022center\u0022\u003E\u003Cstrong\u003ETRANCHES D\u2019ASSIETTE\u003C\/strong\u003E\u003C\/p\u003E\u003C\/td\u003E\u003Ctd\u003E\u003Cp align=\u0022center\u0022\u003E\u003Cstrong\u003ETAUX APPLICABLE\u003C\/strong\u003E\u003C\/p\u003E\u003C\/td\u003E\u003C\/tr\u003E\u003Ctr\u003E\u003Ctd valign=\u0022top\u0022\u003E\u003Cp align=\u0022center\u0022\u003EDe 0 \u00e0 6\u0026nbsp;500 \u20ac\u003C\/p\u003E\u003C\/td\u003E\u003Ctd\u003E\u003Cp align=\u0022center\u0022\u003E3,483 %\u003C\/p\u003E\u003C\/td\u003E\u003C\/tr\u003E\u003Ctr\u003E\u003Ctd valign=\u0022top\u0022\u003E\u003Cp align=\u0022center\u0022\u003EDe 6\u0026nbsp;500 \u20ac \u00e0 17\u0026nbsp;000 \u20ac\u003C\/p\u003E\u003C\/td\u003E\u003Ctd\u003E\u003Cp align=\u0022center\u0022\u003E1,437 %\u003C\/p\u003E\u003C\/td\u003E\u003C\/tr\u003E\u003Ctr\u003E\u003Ctd valign=\u0022top\u0022\u003E\u003Cp align=\u0022center\u0022\u003EDe 17\u0026nbsp;000 \u20ac \u00e0 60\u0026nbsp;000 \u20ac\u003C\/p\u003E\u003C\/td\u003E\u003Ctd\u003E\u003Cp align=\u0022center\u0022\u003E0,957 %\u003C\/p\u003E\u003C\/td\u003E\u003C\/tr\u003E\u003Ctr\u003E\u003Ctd valign=\u0022top\u0022\u003E\u003Cp align=\u0022center\u0022\u003EPlus de 60\u0026nbsp;000 \u20ac\u003C\/p\u003E\u003C\/td\u003E\u003Ctd\u003E\u003Cp align=\u0022center\u0022\u003E0,718 %\u003C\/p\u003E\u003C\/td\u003E\u003C\/tr\u003E\u003C\/tbody\u003E\u003C\/table\u003E\u003Cul\u003E\u003Cli\u003Eselon le bar\u00e8me suivant, en cas d\u0027acceptation de la donation :\u003C\/li\u003E\u003C\/ul\u003E\u003Ctable class=\u0022MsoTableGrid\u0022\u003E\u003Ctbody\u003E\u003Ctr\u003E\u003Ctd\u003E\u003Cp align=\u0022center\u0022\u003E\u003Cstrong\u003ETRANCHES D\u2019ASSIETTE\u003C\/strong\u003E\u003C\/p\u003E\u003C\/td\u003E\u003Ctd\u003E\u003Cp align=\u0022center\u0022\u003E\u003Cstrong\u003ETAUX APPLICABLE\u003C\/strong\u003E\u003C\/p\u003E\u003C\/td\u003E\u003C\/tr\u003E\u003Ctr\u003E\u003Ctd valign=\u0022top\u0022\u003E\u003Cp align=\u0022center\u0022\u003EDe 0 \u00e0 6\u0026nbsp;500 \u20ac\u003C\/p\u003E\u003C\/td\u003E\u003Ctd\u003E\u003Cp align=\u0022center\u0022\u003E1,355 %\u003C\/p\u003E\u003C\/td\u003E\u003C\/tr\u003E\u003Ctr\u003E\u003Ctd valign=\u0022top\u0022\u003E\u003Cp align=\u0022center\u0022\u003EDe 6\u0026nbsp;500 \u20ac \u00e0 17\u0026nbsp;000 \u20ac\u003C\/p\u003E\u003C\/td\u003E\u003Ctd\u003E\u003Cp align=\u0022center\u0022\u003E0,559 %\u003C\/p\u003E\u003C\/td\u003E\u003C\/tr\u003E\u003Ctr\u003E\u003Ctd valign=\u0022top\u0022\u003E\u003Cp align=\u0022center\u0022\u003EDe 17\u0026nbsp;000 \u20ac \u00e0 60\u0026nbsp;000 \u20ac\u003C\/p\u003E\u003C\/td\u003E\u003Ctd\u003E\u003Cp align=\u0022center\u0022\u003E0,373 %\u003C\/p\u003E\u003C\/td\u003E\u003C\/tr\u003E\u003Ctr\u003E\u003Ctd valign=\u0022top\u0022\u003E\u003Cp align=\u0022center\u0022\u003EPlus de 60\u0026nbsp;000 \u20ac\u003C\/p\u003E\u003C\/td\u003E\u003Ctd\u003E\u003Cp align=\u0022center\u0022\u003E0,280 %\u003C\/p\u003E\u003C\/td\u003E\u003C\/tr\u003E\u003C\/tbody\u003E\u003C\/table\u003E\u003Cul\u003E\u003Cli\u003Eselon le bar\u00e8me suivant, en cas de donation entre vifs portant uniquement sur des cr\u00e9ances, esp\u00e8ces ou des valeurs mobili\u00e8res cot\u00e9es :\u003C\/li\u003E\u003C\/ul\u003E\u003Ctable class=\u0022MsoTableGrid\u0022\u003E\u003Ctbody\u003E\u003Ctr\u003E\u003Ctd\u003E\u003Cp align=\u0022center\u0022\u003E\u003Cstrong\u003ETRANCHES D\u2019ASSIETTE\u003C\/strong\u003E\u003C\/p\u003E\u003C\/td\u003E\u003Ctd\u003E\u003Cp align=\u0022center\u0022\u003E\u003Cstrong\u003ETAUX APPLICABLE\u003C\/strong\u003E\u003C\/p\u003E\u003C\/td\u003E\u003C\/tr\u003E\u003Ctr\u003E\u003Ctd valign=\u0022top\u0022\u003E\u003Cp align=\u0022center\u0022\u003EDe 0 \u00e0 6\u0026nbsp;500 \u20ac\u003C\/p\u003E\u003C\/td\u003E\u003Ctd\u003E\u003Cp align=\u0022center\u0022\u003E2,322 %\u003C\/p\u003E\u003C\/td\u003E\u003C\/tr\u003E\u003Ctr\u003E\u003Ctd valign=\u0022top\u0022\u003E\u003Cp align=\u0022center\u0022\u003EDe 6\u0026nbsp;500 \u20ac \u00e0 17\u0026nbsp;000 \u20ac\u003C\/p\u003E\u003C\/td\u003E\u003Ctd\u003E\u003Cp align=\u0022center\u0022\u003E0,958 %\u003C\/p\u003E\u003C\/td\u003E\u003C\/tr\u003E\u003Ctr\u003E\u003Ctd valign=\u0022top\u0022\u003E\u003Cp align=\u0022center\u0022\u003EDe 17\u0026nbsp;000 \u20ac \u00e0 60\u0026nbsp;000 \u20ac\u003C\/p\u003E\u003C\/td\u003E\u003Ctd\u003E\u003Cp align=\u0022center\u0022\u003E0,639 %\u003C\/p\u003E\u003C\/td\u003E\u003C\/tr\u003E\u003Ctr\u003E\u003Ctd valign=\u0022top\u0022\u003E\u003Cp align=\u0022center\u0022\u003EPlus de 60\u0026nbsp;000 \u20ac\u003C\/p\u003E\u003C\/td\u003E\u003Ctd\u003E\u003Cp align=\u0022center\u0022\u003E0,479 %\u003C\/p\u003E\u003C\/td\u003E\u003C\/tr\u003E\u003C\/tbody\u003E\u003C\/table\u003E\u003Cp\u003ELes donations-partages donnent lieu \u00e0 la perception d\u0027un \u00e9molument proportionnel :\u003C\/p\u003E\u003Cul\u003E\u003Cli\u003E\u00e0 la valeur en pleine propri\u00e9t\u00e9 (y compris en cas de r\u00e9serve d\u0027usufruit) des biens donn\u00e9s par chaque donateur, y compris les rapports, selon le bar\u00e8me suivant, s\u0027agissant de la donation-partage conjonctive ;\u003C\/li\u003E\u003Cli\u003E\u00e0 la valeur en pleine propri\u00e9t\u00e9 (y compris en cas de r\u00e9serve d\u0027usufruit) des biens partag\u00e9s, y compris les rapports, selon le bar\u00e8me suivant, s\u0027agissant de la donation-partage r\u00e9alis\u00e9e par une seule personne ;\u003C\/li\u003E\u003C\/ul\u003E\u003Cp\u003ESelon le bar\u00e8me suivant :\u003C\/p\u003E\u003Ctable class=\u0022MsoTableGrid\u0022\u003E\u003Ctbody\u003E\u003Ctr\u003E\u003Ctd\u003E\u003Cp align=\u0022center\u0022\u003E\u003Cstrong\u003ETRANCHES D\u2019ASSIETTE\u003C\/strong\u003E\u003C\/p\u003E\u003C\/td\u003E\u003Ctd\u003E\u003Cp align=\u0022center\u0022\u003E\u003Cstrong\u003ETAUX APPLICABLE\u003C\/strong\u003E\u003C\/p\u003E\u003C\/td\u003E\u003C\/tr\u003E\u003Ctr\u003E\u003Ctd valign=\u0022top\u0022\u003E\u003Cp align=\u0022center\u0022\u003EDe 0 \u00e0 6\u0026nbsp;500 \u20ac\u003C\/p\u003E\u003C\/td\u003E\u003Ctd\u003E\u003Cp align=\u0022center\u0022\u003E4,837 %\u003C\/p\u003E\u003C\/td\u003E\u003C\/tr\u003E\u003Ctr\u003E\u003Ctd valign=\u0022top\u0022\u003E\u003Cp align=\u0022center\u0022\u003EDe 6\u0026nbsp;500 \u20ac \u00e0 17\u0026nbsp;000 \u20ac\u003C\/p\u003E\u003C\/td\u003E\u003Ctd\u003E\u003Cp align=\u0022center\u0022\u003E1,995 %\u003C\/p\u003E\u003C\/td\u003E\u003C\/tr\u003E\u003Ctr\u003E\u003Ctd valign=\u0022top\u0022\u003E\u003Cp align=\u0022center\u0022\u003EDe 17\u0026nbsp;000 \u20ac \u00e0 60\u0026nbsp;000 \u20ac\u003C\/p\u003E\u003C\/td\u003E\u003Ctd\u003E\u003Cp align=\u0022center\u0022\u003E1,330 %\u003C\/p\u003E\u003C\/td\u003E\u003C\/tr\u003E\u003Ctr\u003E\u003Ctd valign=\u0022top\u0022\u003E\u003Cp align=\u0022center\u0022\u003EPlus de 60\u0026nbsp;000 \u20ac\u003C\/p\u003E\u003C\/td\u003E\u003Ctd\u003E\u003Cp align=\u0022center\u0022\u003E0,998 %\u003C\/p\u003E\u003C\/td\u003E\u003C\/tr\u003E\u003C\/tbody\u003E\u003C\/table\u003E\u003Cp\u003ELes actes relatifs aux donations entre \u00e9poux donnent lieu \u00e0 la perception des \u00e9moluments suivants :\u003C\/p\u003E\u003Ctable class=\u0022MsoTableGrid\u0022\u003E\u003Ctbody\u003E\u003Ctr\u003E\u003Ctd\u003E\u003Cp align=\u0022center\u0022\u003E\u003Cstrong\u003ED\u00c9SIGNATION DE LA PRESTATION\u003C\/strong\u003E\u003C\/p\u003E\u003C\/td\u003E\u003Ctd\u003E\u003Cp align=\u0022center\u0022\u003E\u003Cstrong\u003E\u00c9MOLUMENT\u003C\/strong\u003E\u003C\/p\u003E\u003C\/td\u003E\u003C\/tr\u003E\u003Ctr\u003E\u003Ctd valign=\u0022top\u0022\u003E\u003Cp align=\u0022center\u0022\u003EDonation entre \u00e9poux, pendant le mariage\u003C\/p\u003E\u003C\/td\u003E\u003Ctd\u003E\u003Cp align=\u0022center\u0022\u003E113,20 \u20ac\u003C\/p\u003E\u003C\/td\u003E\u003C\/tr\u003E\u003Ctr\u003E\u003Ctd valign=\u0022top\u0022\u003E\u003Cp align=\u0022center\u0022\u003ER\u00e9vocation de donation entre \u00e9poux, de testament, de mandat, ou de substitution\u003C\/p\u003E\u003C\/td\u003E\u003Ctd\u003E\u003Cp align=\u0022center\u0022\u003E26,41 \u20ac\u003C\/p\u003E\u003C\/td\u003E\u003C\/tr\u003E\u003C\/tbody\u003E\u003C\/table\u003E\u003Cp\u003EPour les donations ou legs destin\u00e9s au domaine public mobilier ou immobilier, le taux applicable est, le cas \u00e9ch\u00e9ant, r\u00e9duit \u00e0 0,45 % pour la tranche d\u0027assiette sup\u00e9rieure ou \u00e9gale \u00e0 60 000 \u20ac s\u0027il est sup\u00e9rieur \u00e0 ce pourcentage. En outre, l\u0027\u00e9molument proportionnel per\u00e7u par le notaire ne peut dans ce cas exc\u00e9der 200 000 \u20ac.\u003C\/p\u003E\u003Cp\u003ELes deux plafonnements pr\u00e9vus ci-dessus s\u0027appliquent \u00e0 la somme des \u00e9moluments per\u00e7us par le notaire, qui sont, le cas \u00e9ch\u00e9ant, \u00e9cr\u00eat\u00e9s au prorata de leurs montants respectifs, lorsque le notaire per\u00e7oit plusieurs \u00e9moluments au titre :\u003C\/p\u003E\u003Cul\u003E\u003Cli\u003Es\u2019agissant des legs, de la r\u00e9daction d\u2019une attestation notari\u00e9e, d\u2019une d\u00e9claration de succession ou d\u2019un acte de d\u00e9livrance de legs ;\u003C\/li\u003E\u003Cli\u003Es\u2019agissant des donations entre vifs non accept\u00e9es, des actes d\u2019acceptation ou de non-acceptation qui y sont aff\u00e9rents.\u003C\/li\u003E\u003C\/ul\u003E                                            \u003Cp\u003E\u003Cbr \/\u003E\u003Cstrong\u003ESource :\u003C\/strong\u003E\u003Cstrong\u003E\u00a0\u003C\/strong\u003E\u003C\/p\u003E\u003Cul\u003E\u003Cli\u003E\u003Ca href=\u0022https:\/\/www.legifrance.gouv.fr\/jorf\/id\/JORFTEXT000049209778\u0022 target=\u0022_blank\u0022\u003EArr\u00eat\u00e9 du 28 f\u00e9vrier 2024 fixant l\u0027objectif de taux de r\u00e9sultat moyen et les tarifs r\u00e8glement\u00e9s des notaires\u003C\/a\u003E\u003C\/li\u003E\u003C\/ul\u003E\u003C\/div\u003E","annee":"2025","theme":" Indices, taux, bar\u00e8mes juridiques","activites":["Professionnels du droit et du chiffre"],"image":"https:\/\/www.weblex.fr\/sites\/default\/files\/chiffres_clef\/Shutterstock_notairetransmission.jpg","created":"2026-01-13","modified":"2026-01-13"},{"url":"\/chiffres-cles\/taux-d-interet-des-comptes-courants-d-associes-annee-2025","id":26231,"title":"Taux d\u0027int\u00e9r\u00eat des comptes courants d\u0027associ\u00e9s - Ann\u00e9e 2025","content":"\u003Cdiv\u003E                                              \u003Ctable width=\u0022640\u0022\u003E\u003Ctbody\u003E\u003Ctr\u003E\u003Ctd class=\u0022xl72\u0022 colspan=\u00226\u0022\u003E\u003Cp\u003E\u003Cstrong\u003EAnn\u00e9e civile 2025\u003C\/strong\u003E\u003C\/p\u003E\u003C\/td\u003E\u003Ctd class=\u0022xl74\u0022 colspan=\u00222\u0022\u003E\u003Cp\u003E\u003Cstrong\u003ETaux\u0026nbsp;\u003C\/strong\u003E\u003C\/p\u003E\u003C\/td\u003E\u003C\/tr\u003E\u003Ctr\u003E\u003Ctd class=\u0022xl75\u0022 colspan=\u00226\u0022\u003E\u003Cp\u003E\u003Cstrong\u003E1er trimestre\u003C\/strong\u003E\u003C\/p\u003E\u003C\/td\u003E\u003Ctd class=\u0022xl71\u0022 colspan=\u00222\u0022\u003E\u003Cp\u003E4,92%\u003C\/p\u003E\u003C\/td\u003E\u003C\/tr\u003E\u003Ctr\u003E\u003Ctd class=\u0022xl75\u0022 colspan=\u00226\u0022\u003E\u003Cp\u003E\u003Cstrong\u003E2\u00e8me trimestre3\u003C\/strong\u003E\u003C\/p\u003E\u003C\/td\u003E\u003Ctd class=\u0022xl70\u0022 colspan=\u00222\u0022\u003E\u003Cp\u003E4,60 %\u003C\/p\u003E\u003C\/td\u003E\u003C\/tr\u003E\u003Ctr\u003E\u003Ctd class=\u0022xl75\u0022 colspan=\u00226\u0022\u003E\u003Cp\u003E\u003Cstrong\u003E3\u00e8me trimestre\u003C\/strong\u003E\u003C\/p\u003E\u003C\/td\u003E\u003Ctd class=\u0022xl71\u0022 colspan=\u00222\u0022\u003E\u003Cp\u003E4,36 %\u003C\/p\u003E\u003C\/td\u003E\u003C\/tr\u003E\u003Ctr\u003E\u003Ctd class=\u0022xl75\u0022 colspan=\u00226\u0022\u003E\u003Cp\u003E\u003Cstrong\u003E4\u00e8me trimestre\u003C\/strong\u003E\u003C\/p\u003E\u003C\/td\u003E\u003Ctd class=\u0022xl71\u0022 colspan=\u00222\u0022\u003E\u003Cp\u003E4,30 %\u003C\/p\u003E\u003C\/td\u003E\u003C\/tr\u003E\u003Ctr\u003E\u003Ctd\u003E\u0026nbsp;\u003C\/td\u003E\u003Ctd\u003E\u0026nbsp;\u003C\/td\u003E\u003Ctd\u003E\u0026nbsp;\u003C\/td\u003E\u003Ctd\u003E\u0026nbsp;\u003C\/td\u003E\u003Ctd\u003E\u0026nbsp;\u003C\/td\u003E\u003Ctd\u003E\u0026nbsp;\u003C\/td\u003E\u003Ctd\u003E\u0026nbsp;\u003C\/td\u003E\u003Ctd\u003E\u0026nbsp;\u003C\/td\u003E\u003C\/tr\u003E\u003Ctr\u003E\u003Ctd class=\u0022xl65\u0022 colspan=\u00228\u0022\u003E\u003Ctable width=\u0022720\u0022\u003E\u003Ctbody\u003E\u003Ctr\u003E\u003Ctd\u003E\u0026nbsp;\u003C\/td\u003E\u003Ctd class=\u0022xl65\u0022 colspan=\u00228\u0022\u003E\u003Cp\u003E\u003Cstrong\u003ETaux d\u0027int\u00e9r\u00eat retenu pour un exercice de 12 mois\u003C\/strong\u003E\u003C\/p\u003E\u003C\/td\u003E\u003C\/tr\u003E\u003C\/tbody\u003E\u003C\/table\u003E\u003C\/td\u003E\u003C\/tr\u003E\u003Ctr\u003E\u003Ctd class=\u0022xl64\u0022\u003E\u0026nbsp;\u003C\/td\u003E\u003Ctd class=\u0022xl64\u0022\u003E\u0026nbsp;\u003C\/td\u003E\u003Ctd class=\u0022xl63\u0022\u003E\u0026nbsp;\u003C\/td\u003E\u003Ctd\u003E\u0026nbsp;\u003C\/td\u003E\u003Ctd\u003E\u0026nbsp;\u003C\/td\u003E\u003Ctd\u003E\u0026nbsp;\u003C\/td\u003E\u003Ctd\u003E\u0026nbsp;\u003C\/td\u003E\u003Ctd\u003E\u0026nbsp;\u003C\/td\u003E\u003C\/tr\u003E\u003Ctr\u003E\u003Ctd class=\u0022xl72\u0022 colspan=\u00226\u0022\u003E\u003Cp\u003E\u003Cstrong\u003EDate de cl\u00f4ture de l\u0027exercice\u003C\/strong\u003E\u003C\/p\u003E\u003C\/td\u003E\u003Ctd class=\u0022xl73\u0022 colspan=\u00222\u0022\u003E\u003Cp\u003E\u003Cstrong\u003ETaux\u003C\/strong\u003E\u003C\/p\u003E\u003C\/td\u003E\u003C\/tr\u003E\u003Ctr\u003E\u003Ctd class=\u0022xl68\u0022 colspan=\u00226\u0022\u003E\u003Cp\u003E\u003Cstrong\u003E31 janvier 2025\u003C\/strong\u003E\u003C\/p\u003E\u003C\/td\u003E\u003Ctd class=\u0022xl71\u0022 colspan=\u00222\u0022\u003E\u003Cp\u003E\u0026nbsp;5,70%\u003C\/p\u003E\u003C\/td\u003E\u003C\/tr\u003E\u003Ctr\u003E\u003Ctd class=\u0022xl68\u0022 colspan=\u00226\u0022\u003E\u003Cp\u003E\u003Cstrong\u003E28 f\u00e9vrier 2025\u003C\/strong\u003E\u003C\/p\u003E\u003C\/td\u003E\u003Ctd class=\u0022xl71\u0022 colspan=\u00222\u0022\u003E\u003Cp\u003E\u0026nbsp;5,65%\u003C\/p\u003E\u003C\/td\u003E\u003C\/tr\u003E\u003Ctr\u003E\u003Ctd class=\u0022xl68\u0022 colspan=\u00226\u0022\u003E\u003Cp\u003E\u003Cstrong\u003E31 mars 2025\u003C\/strong\u003E\u003C\/p\u003E\u003C\/td\u003E\u003Ctd class=\u0022xl71\u0022 colspan=\u00222\u0022\u003E\u003Cp\u003E\u0026nbsp;5,49%\u003C\/p\u003E\u003C\/td\u003E\u003C\/tr\u003E\u003Ctr\u003E\u003Ctd class=\u0022xl68\u0022 colspan=\u00226\u0022\u003E\u003Cp\u003E\u003Cstrong\u003E30 avril 2025\u003C\/strong\u003E\u003C\/p\u003E\u003C\/td\u003E\u003Ctd class=\u0022xl71\u0022 colspan=\u00222\u0022\u003E\u003Cp\u003E\u0026nbsp;5,41%\u003C\/p\u003E\u003C\/td\u003E\u003C\/tr\u003E\u003Ctr\u003E\u003Ctd class=\u0022xl68\u0022 colspan=\u00226\u0022\u003E\u003Cp\u003E\u003Cstrong\u003E31 mai 2025\u003C\/strong\u003E\u003C\/p\u003E\u003C\/td\u003E\u003Ctd class=\u0022xl71\u0022 colspan=\u00222\u0022\u003E\u003Cp\u003E5,32%\u003C\/p\u003E\u003C\/td\u003E\u003C\/tr\u003E\u003Ctr\u003E\u003Ctd class=\u0022xl68\u0022 colspan=\u00226\u0022\u003E\u003Cp\u003E\u003Cstrong\u003E30 juin 2025\u003C\/strong\u003E\u003C\/p\u003E\u003C\/td\u003E\u003Ctd class=\u0022xl71\u0022 colspan=\u00222\u0022\u003E\u003Cp\u003E5,16 %\u003C\/p\u003E\u003C\/td\u003E\u003C\/tr\u003E\u003Ctr\u003E\u003Ctd class=\u0022xl68\u0022 colspan=\u00226\u0022\u003E\u003Cp\u003E\u003Cstrong\u003E31 juillet 2025\u003C\/strong\u003E\u003C\/p\u003E\u003C\/td\u003E\u003Ctd class=\u0022xl70\u0022 colspan=\u00222\u0022\u003E\u003Cp\u003E5,07 %\u003C\/p\u003E\u003C\/td\u003E\u003C\/tr\u003E\u003Ctr\u003E\u003Ctd class=\u0022xl68\u0022 colspan=\u00226\u0022\u003E\u003Cp\u003E\u003Cstrong\u003E31 ao\u00fbt 2025\u003C\/strong\u003E\u003C\/p\u003E\u003C\/td\u003E\u003Ctd class=\u0022xl70\u0022 colspan=\u00222\u0022\u003E\u003Cp\u003E4,97 %\u003C\/p\u003E\u003C\/td\u003E\u003C\/tr\u003E\u003Ctr\u003E\u003Ctd class=\u0022xl68\u0022 colspan=\u00226\u0022\u003E\u003Cp\u003E\u003Cstrong\u003E30 septembre 2025\u003C\/strong\u003E\u003C\/p\u003E\u003C\/td\u003E\u003Ctd class=\u0022xl70\u0022 colspan=\u00222\u0022\u003E\u003Cp\u003E4,81 %\u003C\/p\u003E\u003C\/td\u003E\u003C\/tr\u003E\u003Ctr\u003E\u003Ctd class=\u0022xl68\u0022 colspan=\u00226\u0022\u003E\u003Cp\u003E\u003Cstrong\u003E31 octobre 2025\u003C\/strong\u003E\u003C\/p\u003E\u003C\/td\u003E\u003Ctd class=\u0022xl69\u0022 colspan=\u00222\u0022\u003E\u003Cp\u003E4,73 %\u003C\/p\u003E\u003C\/td\u003E\u003C\/tr\u003E\u003Ctr\u003E\u003Ctd class=\u0022xl68\u0022 colspan=\u00226\u0022\u003E\u003Cp\u003E\u003Cstrong\u003E30 novembre 2025\u003C\/strong\u003E\u003C\/p\u003E\u003C\/td\u003E\u003Ctd class=\u0022xl69\u0022 colspan=\u00222\u0022\u003E\u003Cp\u003E4,64 %\u003C\/p\u003E\u003C\/td\u003E\u003C\/tr\u003E\u003Ctr\u003E\u003Ctd class=\u0022xl68\u0022 colspan=\u00226\u0022\u003E\u003Cp\u003E\u003Cstrong\u003E31 d\u00e9cembre 2025\u003C\/strong\u003E\u003C\/p\u003E\u003C\/td\u003E\u003Ctd class=\u0022xl69\u0022 colspan=\u00222\u0022\u003E\u003Cp\u003E4,55 %\u003C\/p\u003E\u003C\/td\u003E\u003C\/tr\u003E\u003C\/tbody\u003E\u003C\/table\u003E                                            \u003Cp\u003E\u003Cbr \/\u003E\u003Cstrong\u003ESource :\u003C\/strong\u003E\u003Cstrong\u003E\u00a0\u003C\/strong\u003E\u003C\/p\u003E\u003Cul\u003E\u003Cli\u003E\u003Ca href=\u0022https:\/\/www.legifrance.gouv.fr\/jorf\/id\/JORFTEXT000050842814\u0022 target=\u0022_blank\u0022 rel=\u0022noopener\u0022\u003EAvis du 23 d\u00e9cembre 2024 relatif \u00e0 l\u0027application des articles L. 314-6 du code de la consommation et L. 313-5-1 du code mon\u00e9taire et financier concernant l\u0027usure\u003C\/a\u003E\u003C\/li\u003E\u003Cli\u003E\u003Ca href=\u0022https:\/\/www.legifrance.gouv.fr\/jorf\/id\/JORFTEXT000051384974\u0022 target=\u0022_blank\u0022 rel=\u0022noopener\u0022\u003EAvis du 26 mars 2025 relatif \u00e0 l\u0027application des articles L. 314-6 du code de la consommation et L. 313-5-1 du code mon\u00e9taire et financier concernant l\u0027usure\u003C\/a\u003E\u003C\/li\u003E\u003Cli\u003E\u003Ca href=\u0022https:\/\/www.legifrance.gouv.fr\/jorf\/id\/JORFTEXT000051801483\u0022 target=\u0022_blank\u0022\u003EAvis du 25 juin 2025 relatif \u00e0 l\u0027application des articles L. 314-6 du code de la consommation et L. 313-5-1 du code mon\u00e9taire et financier concernant l\u0027usure\u003C\/a\u003E\u003C\/li\u003E\u003Cli\u003E\u003Ca href=\u0022https:\/\/www.legifrance.gouv.fr\/jorf\/id\/JORFTEXT000052304709\u0022\u003EAvis du 26 septembre 2025 \u003C\/a\u003E\u003Ca href=\u0022https:\/\/www.legifrance.gouv.fr\/jorf\/id\/JORFTEXT000052304709\u0022 target=\u0022_blank\u0022\u003Erelatif \u00e0 l\u0027application des articles L. 314-6 du code de la consommation et L. 313-5-1 du code mon\u00e9taire et financier concernant l\u0027usure\u003C\/a\u003E\u003C\/li\u003E\u003Cli\u003E\u003Ca href=\u0022https:\/\/www.legifrance.gouv.fr\/jorf\/id\/JORFTEXT000053160376\u0022 target=\u0022_blank\u0022\u003EAvis du 22 d\u00e9cembre 2025 relatif \u00e0 l\u0027application des articles L. 314-6 du code de la consommation et L. 313-5-1 du code mon\u00e9taire et financier concernant l\u0027usure\u003C\/a\u003E\u003C\/li\u003E\u003C\/ul\u003E\u003C\/div\u003E","annee":"2025","theme":" Indices, taux, bar\u00e8mes fiscaux","activites":["Tout secteur"],"image":"https:\/\/www.weblex.fr\/sites\/default\/files\/chiffres_clef\/Shutterstock_tauxinteretcomptecourant.jpg","created":"2026-01-07","modified":"2026-01-07"},{"url":"\/chiffres-cles\/indicateurs-du-climat-des-affaires-et-du-climat-de-l-emploi-annee-2025","id":25797,"title":"Indicateurs du climat des affaires et du climat de l\u0027emploi - Ann\u00e9e 2025","content":"\u003Cdiv\u003E                                              \u003Ctable class=\u0022MsoTableGrid\u0022 width=\u0022604\u0022\u003E\u003Ctbody\u003E\u003Ctr\u003E\u003Ctd valign=\u0022top\u0022\u003E\u003Cp align=\u0022center\u0022\u003E\u003Cstrong\u003EP\u00e9riode\u003C\/strong\u003E\u003C\/p\u003E\u003C\/td\u003E\u003Ctd valign=\u0022top\u0022\u003E\u003Cp align=\u0022center\u0022\u003E\u003Cstrong\u003EIndice\u003C\/strong\u003E\u003C\/p\u003E\u003C\/td\u003E\u003C\/tr\u003E\u003Ctr\u003E\u003Ctd valign=\u0022top\u0022\u003E\u003Cp\u003EJanvier 2025\u003C\/p\u003E\u003C\/td\u003E\u003Ctd valign=\u0022top\u0022\u003E\u003Cp align=\u0022center\u0022\u003E98\u003C\/p\u003E\u003C\/td\u003E\u003C\/tr\u003E\u003Ctr\u003E\u003Ctd valign=\u0022top\u0022\u003E\u003Cp\u003EF\u00e9vrier 2025\u003C\/p\u003E\u003C\/td\u003E\u003Ctd valign=\u0022top\u0022\u003E\u003Cp align=\u0022center\u0022\u003E94\u003C\/p\u003E\u003C\/td\u003E\u003C\/tr\u003E\u003Ctr\u003E\u003Ctd valign=\u0022top\u0022\u003E\u003Cp\u003EMars 2025\u003C\/p\u003E\u003C\/td\u003E\u003Ctd valign=\u0022top\u0022\u003E\u003Cp align=\u0022center\u0022\u003E96\u003C\/p\u003E\u003C\/td\u003E\u003C\/tr\u003E\u003Ctr\u003E\u003Ctd valign=\u0022top\u0022\u003E\u003Cp\u003EAvril 2025\u003C\/p\u003E\u003C\/td\u003E\u003Ctd valign=\u0022top\u0022\u003E\u003Cp align=\u0022center\u0022\u003E97\u003C\/p\u003E\u003C\/td\u003E\u003C\/tr\u003E\u003Ctr\u003E\u003Ctd valign=\u0022top\u0022\u003E\u003Cp\u003EMai 2025\u003C\/p\u003E\u003C\/td\u003E\u003Ctd valign=\u0022top\u0022\u003E\u003Cp align=\u0022center\u0022\u003E95\u003C\/p\u003E\u003C\/td\u003E\u003C\/tr\u003E\u003Ctr\u003E\u003Ctd valign=\u0022top\u0022\u003E\u003Cp\u003EJuin 2025\u003C\/p\u003E\u003C\/td\u003E\u003Ctd valign=\u0022top\u0022\u003E\u003Cp align=\u0022center\u0022\u003E97\u003C\/p\u003E\u003C\/td\u003E\u003C\/tr\u003E\u003Ctr\u003E\u003Ctd valign=\u0022top\u0022\u003E\u003Cp\u003EJuillet 2025\u003C\/p\u003E\u003C\/td\u003E\u003Ctd valign=\u0022top\u0022\u003E\u003Cp align=\u0022center\u0022\u003E97\u003C\/p\u003E\u003C\/td\u003E\u003C\/tr\u003E\u003Ctr\u003E\u003Ctd valign=\u0022top\u0022\u003E\u003Cp\u003EAo\u00fbt 2025\u003C\/p\u003E\u003C\/td\u003E\u003Ctd valign=\u0022top\u0022\u003E\u003Cp align=\u0022center\u0022\u003E95\u003C\/p\u003E\u003C\/td\u003E\u003C\/tr\u003E\u003Ctr\u003E\u003Ctd valign=\u0022top\u0022\u003E\u003Cp\u003ESeptembre 2025\u003C\/p\u003E\u003C\/td\u003E\u003Ctd valign=\u0022top\u0022\u003E\u003Cp align=\u0022center\u0022\u003E93\u003C\/p\u003E\u003C\/td\u003E\u003C\/tr\u003E\u003Ctr\u003E\u003Ctd valign=\u0022top\u0022\u003E\u003Cp\u003EOctobre 2025\u003C\/p\u003E\u003C\/td\u003E\u003Ctd valign=\u0022top\u0022\u003E\u003Cp align=\u0022center\u0022\u003E96\u003C\/p\u003E\u003C\/td\u003E\u003C\/tr\u003E\u003Ctr\u003E\u003Ctd valign=\u0022top\u0022\u003E\u003Cp\u003ENovembre 2025\u003C\/p\u003E\u003C\/td\u003E\u003Ctd valign=\u0022top\u0022\u003E\u003Cp align=\u0022center\u0022\u003E96\u003C\/p\u003E\u003C\/td\u003E\u003C\/tr\u003E\u003Ctr\u003E\u003Ctd valign=\u0022top\u0022\u003E\u003Cp\u003ED\u00e9cembre 2025\u003C\/p\u003E\u003C\/td\u003E\u003Ctd valign=\u0022top\u0022\u003E\u003Cp align=\u0022center\u0022\u003E95\u003C\/p\u003E\u003C\/td\u003E\u003C\/tr\u003E\u003C\/tbody\u003E\u003C\/table\u003E                                            \u003Cp\u003E\u003Cbr \/\u003E\u003Cstrong\u003ESource :\u003C\/strong\u003E\u003Cstrong\u003E\u00a0\u003C\/strong\u003E\u003C\/p\u003E\u003Cul\u003E\u003Cli\u003E\u003Ca href=\u0022https:\/\/www.insee.fr\/fr\/statistiques\/8686476\u0022 target=\u0022_blank\u0022 rel=\u0022noopener\u0022\u003EIndicateurs du climat des affaires et du climat de l\u0027emploi \u2013 D\u00e9cembre 2025\u003C\/a\u003E\u003C\/li\u003E\u003C\/ul\u003E\u003C\/div\u003E","annee":"2025","theme":" Indices, taux, bar\u00e8mes juridiques","activites":["Tout secteur"],"image":"https:\/\/www.weblex.fr\/sites\/default\/files\/chiffres_clef\/Shutterstock_climataffairesemploi.jpg","created":"2026-01-05","modified":"2026-02-10"},{"url":"\/chiffres-cles\/redevance-acquittee-par-les-entreprises-de-transport-ayant-acces-a-des-elements-relatifs-a-la-validite-du-permis-de-conduire-des-salaries-affectes-a-la-conduite-2025","id":27538,"title":"Redevance acquitt\u00e9e par les entreprises de transport ayant acc\u00e8s \u00e0 des \u00e9l\u00e9ments relatifs \u00e0 la validit\u00e9 du permis de conduire des salari\u00e9s affect\u00e9s \u00e0 la conduite (2025)","content":"\u003Cdiv\u003E                                              \u003Ch3\u003ERedevance pour les entreprises de 50 conducteurs salari\u00e9s ou moins :\u003C\/h3\u003E\u003Cul\u003E\u003Cli\u003Eabonnement annuel avec un nombre de 100 consultations : 40 \u20ac hors taxe ;\u003C\/li\u003E\u003Cli\u003Econsultation unitaire au-del\u00e0 du volume pr\u00e9d\u00e9fini : 0,95 \u20ac hors taxe.\u003C\/li\u003E\u003C\/ul\u003E\u003Ch3\u003ERedevance pour les entreprises de plus de 50 conducteurs salari\u00e9s :\u003C\/h3\u003E\u003Cul\u003E\u003Cli\u003Eabonnement annuel : 40 \u20ac hors taxe ;\u003C\/li\u003E\u003Cli\u003Econsultation unitaire : 0,95 \u20ac hors taxe.\u003C\/li\u003E\u003C\/ul\u003E                                            \u003Cp\u003E\u003Cbr \/\u003E\u003Cstrong\u003ESource :\u003C\/strong\u003E\u003Cstrong\u003E\u00a0\u003C\/strong\u003E\u003C\/p\u003E\u003Cul\u003E\u003Cli\u003E\u003Ca href=\u0022https:\/\/www.legifrance.gouv.fr\/codes\/article_lc\/LEGIARTI000044619580\u0022 target=\u0022_blank\u0022\u003EArticle R 225-5-2 du Code de la route\u003C\/a\u003E\u003C\/li\u003E\u003Cli\u003E\u003Ca href=\u0022https:\/\/www.legifrance.gouv.fr\/jorf\/id\/JORFTEXT000049232329\u0022 target=\u0022_blank\u0022 rel=\u0022noopener\u0022\u003EArr\u00eat\u00e9 du 15 f\u00e9vrier 2024 relatif \u00e0 la redevance acquitt\u00e9e par les employeurs exer\u00e7ant une activit\u00e9 de transport public routier de voyageurs ou de marchandises ayant acc\u00e8s \u00e0 des \u00e9l\u00e9ments relatifs \u00e0 la validit\u00e9 du permis de conduire de leurs salari\u00e9s affect\u00e9s \u00e0 la conduite des v\u00e9hicules\u003C\/a\u003E\u003C\/li\u003E\u003C\/ul\u003E\u003C\/div\u003E","annee":"2025","theme":" Indices, taux, bar\u00e8mes juridiques","activites":["Transport"],"image":"https:\/\/www.weblex.fr\/sites\/default\/files\/chiffres_clef\/Shutterstock_redevanceentreprisestrasnport.jpg","created":"2026-01-05","modified":"2026-04-02"},{"url":"\/chiffres-cles\/tarifs-des-administrateurs-judiciaires-et-des-commissaires-a-l-execution-du-plan-pour-2025","id":27127,"title":"Tarifs des administrateurs judiciaires et des commissaires \u00e0 l\u2019ex\u00e9cution du plan pour 2025","content":"\u003Cdiv\u003E                                              \u003Ch2\u003EDu 29 f\u00e9vrier 2024 au 28 f\u00e9vrier 2026\u003C\/h2\u003E\u003Ch3\u003ELa r\u00e9mun\u00e9ration de l\u0027administrateur judiciaire\u003C\/h3\u003E\u003Cp\u003EL\u0027\u00e9molument pr\u00e9vu au titre du diagnostic de la proc\u00e9dure de sauvegarde ou de redressement judiciaire est ainsi fix\u00e9 :\u003C\/p\u003E\u003Cul\u003E\u003Cli\u003Elorsque le total du bilan du d\u00e9biteur est inf\u00e9rieur \u00e0 3 650 000 \u20ac, cet \u00e9molument varie en fonction du nombre de salari\u00e9s employ\u00e9s par le d\u00e9biteur ou du montant de son chiffre d\u0027affaires, selon le bar\u00e8me suivant :\u003C\/li\u003E\u003C\/ul\u003E\u003Ctable class=\u0022MsoTableGrid\u0022\u003E\u003Ctbody\u003E\u003Ctr\u003E\u003Ctd\u003E\u003Cp align=\u0022center\u0022\u003E\u003Cstrong\u003ENOMBRE DE SALARI\u00c9S\u003C\/strong\u003E\u003C\/p\u003E\u003C\/td\u003E\u003Ctd\u003E\u003Cp align=\u0022center\u0022\u003E\u003Cstrong\u003ECHIFFRES D\u2019AFFAIRES EN \u20ac\u003C\/strong\u003E\u003C\/p\u003E\u003C\/td\u003E\u003Ctd valign=\u0022top\u0022\u003E\u003Cp align=\u0022center\u0022\u003E\u003Cstrong\u003E\u00c9MOLUMENT\u003C\/strong\u003E\u003C\/p\u003E\u003C\/td\u003E\u003C\/tr\u003E\u003Ctr\u003E\u003Ctd valign=\u0022top\u0022\u003E\u003Cp align=\u0022center\u0022\u003EDe 0 \u00e0 5\u003C\/p\u003E\u003C\/td\u003E\u003Ctd\u003E\u003Cp align=\u0022center\u0022\u003EDe 0 \u00e0 750\u0026nbsp;000\u003C\/p\u003E\u003C\/td\u003E\u003Ctd valign=\u0022top\u0022\u003E\u003Cp align=\u0022center\u0022\u003E912,29 \u20ac\u003C\/p\u003E\u003C\/td\u003E\u003C\/tr\u003E\u003Ctr\u003E\u003Ctd valign=\u0022top\u0022\u003E\u003Cp align=\u0022center\u0022\u003EDe 6 \u00e0 19\u003C\/p\u003E\u003C\/td\u003E\u003Ctd\u003E\u003Cp align=\u0022center\u0022\u003EDe 750\u0026nbsp;001 \u00e0 3 000\u0026nbsp;000\u003C\/p\u003E\u003C\/td\u003E\u003Ctd valign=\u0022top\u0022\u003E\u003Cp align=\u0022center\u0022\u003E1\u0026nbsp;824,57 \u20ac\u003C\/p\u003E\u003C\/td\u003E\u003C\/tr\u003E\u003Ctr\u003E\u003Ctd valign=\u0022top\u0022\u003E\u003Cp align=\u0022center\u0022\u003EDe 20 \u00e0 49\u003C\/p\u003E\u003C\/td\u003E\u003Ctd\u003E\u003Cp align=\u0022center\u0022\u003EDe 3 000\u0026nbsp;001 \u00e0 7 000\u0026nbsp;000\u003C\/p\u003E\u003C\/td\u003E\u003Ctd valign=\u0022top\u0022\u003E\u003Cp align=\u0022center\u0022\u003E3\u0026nbsp;649,14 \u20ac\u003C\/p\u003E\u003C\/td\u003E\u003C\/tr\u003E\u003Ctr\u003E\u003Ctd valign=\u0022top\u0022\u003E\u003Cp align=\u0022center\u0022\u003EDe 50 \u00e0 149\u003C\/p\u003E\u003C\/td\u003E\u003Ctd\u003E\u003Cp align=\u0022center\u0022\u003EDe 7 000\u0026nbsp;001 \u00e0 20 000\u0026nbsp;000\u003C\/p\u003E\u003C\/td\u003E\u003Ctd valign=\u0022top\u0022\u003E\u003Cp align=\u0022center\u0022\u003E7\u0026nbsp;298,28 \u20ac\u003C\/p\u003E\u003C\/td\u003E\u003C\/tr\u003E\u003Ctr\u003E\u003Ctd valign=\u0022top\u0022\u003E\u003Cp align=\u0022center\u0022\u003E\u00c0 compter de 150\u003C\/p\u003E\u003C\/td\u003E\u003Ctd\u003E\u003Cp align=\u0022center\u0022\u003EAu-del\u00e0 de 20 000\u0026nbsp;000\u003C\/p\u003E\u003C\/td\u003E\u003Ctd valign=\u0022top\u0022\u003E\u003Cp align=\u0022center\u0022\u003E9\u0026nbsp;122,85 \u20ac\u003C\/p\u003E\u003C\/td\u003E\u003C\/tr\u003E\u003C\/tbody\u003E\u003C\/table\u003E\u003Cp\u003ELorsque le d\u00e9biteur rel\u00e8ve de 2 tranches de r\u00e9mun\u00e9ration diff\u00e9rentes au titre respectivement du nombre de salari\u00e9s employ\u00e9s et du montant de son chiffre d\u0027affaires, il y a lieu de se r\u00e9f\u00e9rer \u00e0 la tranche la plus \u00e9lev\u00e9e.\u003C\/p\u003E\u003Cul\u003E\u003Cli\u003Elorsque le total du bilan du d\u00e9biteur est compris entre 3 650 000 \u20ac et 10 000 000 \u20ac, cet \u00e9molument est d\u0027un montant fixe de 7 298,28 \u20ac, quel que soit le nombre de salari\u00e9s ou le montant de son chiffre d\u0027affaires ;\u003C\/li\u003E\u003Cli\u003Elorsque le total du bilan du d\u00e9biteur est sup\u00e9rieur \u00e0 10 000 000 \u20ac, cet \u00e9molument est d\u0027un montant fixe de 9 122,85 \u20ac, quel que soit le nombre de salari\u00e9s ou le montant de son chiffre d\u0027affaires.\u003C\/li\u003E\u003C\/ul\u003E\u003Cp\u003EL\u0027\u00e9molument pr\u00e9vu au titre de la mission d\u0027assistance du d\u00e9biteur\u003Cstrong\u003E \u003C\/strong\u003Eest fix\u00e9 proportionnellement au chiffre d\u0027affaires de ce d\u00e9biteur, selon le bar\u00e8me suivant :\u003C\/p\u003E\u003Ctable class=\u0022MsoTableGrid\u0022\u003E\u003Ctbody\u003E\u003Ctr\u003E\u003Ctd\u003E\u003Cp align=\u0022center\u0022\u003E\u003Cstrong\u003ECHIFFRES D\u2019AFFAIRES EN \u20ac\u003C\/strong\u003E\u003C\/p\u003E\u003C\/td\u003E\u003Ctd\u003E\u003Cp align=\u0022center\u0022\u003E\u003Cstrong\u003ETAUX DE L\u2019\u00c9MOLUMENT EN %\u003C\/strong\u003E\u003C\/p\u003E\u003C\/td\u003E\u003C\/tr\u003E\u003Ctr\u003E\u003Ctd valign=\u0022top\u0022\u003E\u003Cp align=\u0022center\u0022\u003EDe 0 \u00e0 150\u0026nbsp;000\u003C\/p\u003E\u003C\/td\u003E\u003Ctd\u003E\u003Cp align=\u0022center\u0022\u003E1,825\u003C\/p\u003E\u003C\/td\u003E\u003C\/tr\u003E\u003Ctr\u003E\u003Ctd valign=\u0022top\u0022\u003E\u003Cp align=\u0022center\u0022\u003EDe 150\u0026nbsp;001 \u00e0 750\u0026nbsp;000\u003C\/p\u003E\u003C\/td\u003E\u003Ctd\u003E\u003Cp align=\u0022center\u0022\u003E0,913\u003C\/p\u003E\u003C\/td\u003E\u003C\/tr\u003E\u003Ctr\u003E\u003Ctd valign=\u0022top\u0022\u003E\u003Cp align=\u0022center\u0022\u003EDe 750\u0026nbsp;001 \u00e0 3 000\u0026nbsp;000\u003C\/p\u003E\u003C\/td\u003E\u003Ctd\u003E\u003Cp align=\u0022center\u0022\u003E0,547\u003C\/p\u003E\u003C\/td\u003E\u003C\/tr\u003E\u003Ctr\u003E\u003Ctd valign=\u0022top\u0022\u003E\u003Cp align=\u0022center\u0022\u003EDe 3 000\u0026nbsp;001 \u00e0 7 000\u0026nbsp;000\u003C\/p\u003E\u003C\/td\u003E\u003Ctd\u003E\u003Cp align=\u0022center\u0022\u003E0,365\u003C\/p\u003E\u003C\/td\u003E\u003C\/tr\u003E\u003Ctr\u003E\u003Ctd valign=\u0022top\u0022\u003E\u003Cp align=\u0022center\u0022\u003EDe 7 000\u0026nbsp;001 \u00e0 20 000\u0026nbsp;000\u003C\/p\u003E\u003C\/td\u003E\u003Ctd\u003E\u003Cp align=\u0022center\u0022\u003E0,274\u003C\/p\u003E\u003C\/td\u003E\u003C\/tr\u003E\u003C\/tbody\u003E\u003C\/table\u003E\u003Cp\u003E\u0026nbsp;\u003C\/p\u003E\u003Cp\u003ELa mission de surveillance au cours de la proc\u00e9dure de sauvegarde donne lieu \u00e0 la perception de l\u0027\u00e9molument pr\u00e9vu dans le tableau ci-dessus diminu\u00e9 de 25 %.\u003Cbr\u003ELa mission d\u0027administration de l\u0027entreprise au cours d\u0027une proc\u00e9dure de redressement ou de liquidation judiciaire donne lieu \u00e0 la perception de l\u0027\u00e9molument pr\u00e9vu dans le tableau ci-dessus major\u00e9 de 50 %.\u003C\/p\u003E\u003Cp\u003EL\u0027\u00e9molument pr\u00e9vu au titre de l\u0027\u00e9laboration du bilan \u00e9conomique, social et environnemental et de l\u0027assistance apport\u00e9e au d\u00e9biteur pour la pr\u00e9paration d\u0027un plan de sauvegarde ou de redressement est ainsi fix\u00e9 :\u003C\/p\u003E\u003Cul\u003E\u003Cli\u003Elorsque le total du bilan du d\u00e9biteur est inf\u00e9rieur \u00e0 3 650 000 \u20ac, cet \u00e9molument varie en fonction du nombre de salari\u00e9s employ\u00e9s par le d\u00e9biteur ou du montant de son chiffre d\u0027affaires, selon le bar\u00e8me suivant :\u003C\/li\u003E\u003C\/ul\u003E\u003Ctable class=\u0022MsoTableGrid\u0022\u003E\u003Ctbody\u003E\u003Ctr\u003E\u003Ctd\u003E\u003Cp align=\u0022center\u0022\u003E\u003Cstrong\u003ENOMBRE DE SALARI\u00c9S\u003C\/strong\u003E\u003C\/p\u003E\u003C\/td\u003E\u003Ctd\u003E\u003Cp align=\u0022center\u0022\u003E\u003Cstrong\u003ECHIFFRES D\u2019AFFAIRES EN \u20ac\u003C\/strong\u003E\u003C\/p\u003E\u003C\/td\u003E\u003Ctd valign=\u0022top\u0022\u003E\u003Cp align=\u0022center\u0022\u003E\u003Cstrong\u003E\u00c9MOLUMENT\u003C\/strong\u003E\u003C\/p\u003E\u003C\/td\u003E\u003C\/tr\u003E\u003Ctr\u003E\u003Ctd valign=\u0022top\u0022\u003E\u003Cp align=\u0022center\u0022\u003EDe 0 \u00e0 5\u003C\/p\u003E\u003C\/td\u003E\u003Ctd\u003E\u003Cp align=\u0022center\u0022\u003EDe 0 \u00e0 750\u0026nbsp;000\u003C\/p\u003E\u003C\/td\u003E\u003Ctd valign=\u0022top\u0022\u003E\u003Cp align=\u0022center\u0022\u003E1\u0026nbsp;368,43 \u20ac\u003C\/p\u003E\u003C\/td\u003E\u003C\/tr\u003E\u003Ctr\u003E\u003Ctd valign=\u0022top\u0022\u003E\u003Cp align=\u0022center\u0022\u003EDe 6 \u00e0 19\u003C\/p\u003E\u003C\/td\u003E\u003Ctd\u003E\u003Cp align=\u0022center\u0022\u003EDe 750\u0026nbsp;001 \u00e0 3 000\u0026nbsp;000\u003C\/p\u003E\u003C\/td\u003E\u003Ctd valign=\u0022top\u0022\u003E\u003Cp align=\u0022center\u0022\u003E1\u0026nbsp;824,57 \u20ac\u003C\/p\u003E\u003C\/td\u003E\u003C\/tr\u003E\u003Ctr\u003E\u003Ctd valign=\u0022top\u0022\u003E\u003Cp align=\u0022center\u0022\u003EDe 20 \u00e0 49\u003C\/p\u003E\u003C\/td\u003E\u003Ctd\u003E\u003Cp align=\u0022center\u0022\u003EDe 3 000\u0026nbsp;001 \u00e0 7 000\u0026nbsp;000\u003C\/p\u003E\u003C\/td\u003E\u003Ctd valign=\u0022top\u0022\u003E\u003Cp align=\u0022center\u0022\u003E5\u0026nbsp;473,71 \u20ac\u003C\/p\u003E\u003C\/td\u003E\u003C\/tr\u003E\u003Ctr\u003E\u003Ctd valign=\u0022top\u0022\u003E\u003Cp align=\u0022center\u0022\u003EDe 50 \u00e0 149\u003C\/p\u003E\u003C\/td\u003E\u003Ctd\u003E\u003Cp align=\u0022center\u0022\u003EDe 7 000\u0026nbsp;001 \u00e0 20 000\u0026nbsp;000\u003C\/p\u003E\u003C\/td\u003E\u003Ctd valign=\u0022top\u0022\u003E\u003Cp align=\u0022center\u0022\u003E9\u0026nbsp;122,85 \u20ac\u003C\/p\u003E\u003C\/td\u003E\u003C\/tr\u003E\u003Ctr\u003E\u003Ctd valign=\u0022top\u0022\u003E\u003Cp align=\u0022center\u0022\u003E\u00c0 compter de 150\u003C\/p\u003E\u003C\/td\u003E\u003Ctd\u003E\u003Cp align=\u0022center\u0022\u003EAu-del\u00e0 de 20 000\u0026nbsp;000\u003C\/p\u003E\u003C\/td\u003E\u003Ctd valign=\u0022top\u0022\u003E\u003Cp\u003E13\u0026nbsp;684,28 \u20ac\u003C\/p\u003E\u003C\/td\u003E\u003C\/tr\u003E\u003C\/tbody\u003E\u003C\/table\u003E\u003Cp\u003E\u0026nbsp;\u003C\/p\u003E\u003Cp\u003ELorsque le d\u00e9biteur rel\u00e8ve de 2 tranches de r\u00e9mun\u00e9ration diff\u00e9rentes au titre respectivement du nombre de salari\u00e9s employ\u00e9s et du montant de son chiffre d\u0027affaires, il y a lieu de se r\u00e9f\u00e9rer \u00e0 la tranche la plus \u00e9lev\u00e9e.\u003C\/p\u003E\u003Cul\u003E\u003Cli\u003Elorsque le total du bilan du d\u00e9biteur est compris entre 3 650 000 \u20ac et 10 000 000 \u20ac, cet \u00e9molument est fix\u00e9 \u00e0 9 122,85 \u20ac quel que soit le nombre de salari\u00e9s ou le montant de son chiffre d\u0027affaires ;\u003C\/li\u003E\u003Cli\u003Elorsque le total du bilan du d\u00e9biteur est sup\u00e9rieur \u00e0 10 000 000 \u20ac, cet \u00e9molument est fix\u00e9 \u00e0 13 684,28 \u20ac quel que soit le nombre de salari\u00e9s ou le montant de son chiffre d\u0027affaires.\u003C\/li\u003E\u003C\/ul\u003E\u003Cp\u003ELa r\u00e9mun\u00e9ration pr\u00e9vue ci-dessus est major\u00e9e de 50 % en cas d\u0027arr\u00eat\u00e9 du plan de sauvegarde ou de redressement. Lorsque le plan de sauvegarde ou de redressement est arr\u00eat\u00e9 le cadre d\u2019une proc\u00e9dure de sauvegarde acc\u00e9l\u00e9r\u00e9e, la r\u00e9mun\u00e9ration ci-dessus est major\u00e9e de 50 %.\u003C\/p\u003E\u003Cp\u003EL\u0027\u00e9molument pr\u00e9vu au titre de la constitution des classes de parties affect\u00e9es et de la pr\u00e9paration des op\u00e9rations de vote est fix\u00e9 en fonction du montant des cr\u00e9ances prises en compte de la mani\u00e8re suivante :\u003C\/p\u003E\u003Cul\u003E\u003Cli\u003Elorsque le montant des cr\u00e9ances est inf\u00e9rieur ou \u00e9gal \u00e0 500 000 \u20ac, cet \u00e9molument est d\u0027un montant de 940 \u20ac ;\u003C\/li\u003E\u003Cli\u003Elorsque le montant des cr\u00e9ances est sup\u00e9rieur \u00e0 500 000 \u20ac, cet \u00e9molument est proportionnel \u00e0 ce montant au taux de 0,188 %.\u003C\/li\u003E\u003C\/ul\u003E\u003Cp\u003ELorsque le plan est arr\u00eat\u00e9 conform\u00e9ment au projet adopt\u00e9 par les classes de parties affect\u00e9es l\u0027\u00e9molument est major\u00e9 de 50 %.\u003C\/p\u003E\u003Cp\u003EL\u0027\u00e9molument pr\u00e9vu au titre de l\u0027arr\u00eat\u00e9 d\u0027un plan de cession au cours d\u0027une proc\u00e9dure de redressement ou de liquidation judiciaire est fix\u00e9 proportionnellement au montant total hors taxes du prix de cession de l\u0027ensemble des actifs compris dans le plan, selon le bar\u00e8me suivant :\u003C\/p\u003E\u003Ctable class=\u0022MsoTableGrid\u0022\u003E\u003Ctbody\u003E\u003Ctr\u003E\u003Ctd\u003E\u003Cp align=\u0022center\u0022\u003E\u003Cstrong\u003ETRANCHES D\u2019ASSIETTES EN \u20ac\u003C\/strong\u003E\u003C\/p\u003E\u003C\/td\u003E\u003Ctd\u003E\u003Cp align=\u0022center\u0022\u003E\u003Cstrong\u003ETAUX DE L\u2019\u00c9MOLUMENT EN %\u003C\/strong\u003E\u003C\/p\u003E\u003C\/td\u003E\u003C\/tr\u003E\u003Ctr\u003E\u003Ctd valign=\u0022top\u0022\u003E\u003Cp align=\u0022center\u0022\u003EDe 0 \u00e0 15\u0026nbsp;000\u003C\/p\u003E\u003C\/td\u003E\u003Ctd\u003E\u003Cp align=\u0022center\u0022\u003E4,562\u003C\/p\u003E\u003C\/td\u003E\u003C\/tr\u003E\u003Ctr\u003E\u003Ctd valign=\u0022top\u0022\u003E\u003Cp align=\u0022center\u0022\u003EDe 15\u0026nbsp;001 \u00e0 50\u0026nbsp;000\u003C\/p\u003E\u003C\/td\u003E\u003Ctd\u003E\u003Cp align=\u0022center\u0022\u003E3,649\u003C\/p\u003E\u003C\/td\u003E\u003C\/tr\u003E\u003Ctr\u003E\u003Ctd valign=\u0022top\u0022\u003E\u003Cp align=\u0022center\u0022\u003EDe 50\u0026nbsp;001 \u00e0 150\u0026nbsp;000\u003C\/p\u003E\u003C\/td\u003E\u003Ctd\u003E\u003Cp align=\u0022center\u0022\u003E2,737\u003C\/p\u003E\u003C\/td\u003E\u003C\/tr\u003E\u003Ctr\u003E\u003Ctd valign=\u0022top\u0022\u003E\u003Cp align=\u0022center\u0022\u003EDe 150\u0026nbsp;001 \u00e0 300\u0026nbsp;000\u003C\/p\u003E\u003C\/td\u003E\u003Ctd\u003E\u003Cp align=\u0022center\u0022\u003E1,369\u003C\/p\u003E\u003C\/td\u003E\u003C\/tr\u003E\u003Ctr\u003E\u003Ctd valign=\u0022top\u0022\u003E\u003Cp align=\u0022center\u0022\u003EAu-del\u00e0 de 300\u0026nbsp;000\u003C\/p\u003E\u003C\/td\u003E\u003Ctd\u003E\u003Cp align=\u0022center\u0022\u003E0,913\u003C\/p\u003E\u003C\/td\u003E\u003C\/tr\u003E\u003C\/tbody\u003E\u003C\/table\u003E\u003Cp class=\u0022MsoNormal\u0022\u003EL\u0027\u00e9molument pr\u00e9vu au titre de l\u0027augmentation des fonds propres pr\u00e9vue par le plan de sauvegarde ou de redressement est fix\u00e9 proportionnellement au montant de cette augmentation selon le bar\u00e8me indiqu\u00e9 ci-dessus.\u003C\/p\u003E\u003Cp class=\u0022MsoNormal\u0022\u003EL\u0027\u00e9molument pr\u00e9vu au titre du contentieux portant sur une demande en revendication ou en restitution ayant donn\u00e9 lieu \u00e0 une d\u00e9cision du juge-commissaire est fix\u00e9 \u00e0 91,23 \u20ac.\u003Cbr\u003E\u0026nbsp;\u003C\/p\u003E\u003Ch3\u003ELa r\u00e9mun\u00e9ration du commissaire \u00e0 l\u0027ex\u00e9cution du plan\u003C\/h3\u003E\u003Cp\u003EL\u0027\u00e9molument pr\u00e9vu au titre de la mission de surveillance de l\u0027ex\u00e9cution du plan, des actions engag\u00e9es ou poursuivies dans l\u0027int\u00e9r\u00eat collectif des cr\u00e9anciers, de l\u0027ex\u00e9cution des actes permettant la mise en \u0153uvre du plan et du rapport annuel est \u00e9gal \u00e0 50 % de celui pr\u00e9vu au titre du diagnostic de la proc\u00e9dure de sauvegarde ou de redressement r\u00e9mun\u00e9rant un administrateur judiciaire (voir ci-dessus).\u003C\/p\u003E\u003Cp\u003ELa r\u00e9mun\u00e9ration due au titre de l\u0027assistance du d\u00e9biteur dans la pr\u00e9paration d\u0027un projet ayant pour objet une modification substantielle dans les objectifs ou les moyens du plan ou au titre de la pr\u00e9sentation au tribunal d\u0027une demande en r\u00e9solution du plan ne peut \u00eatre sup\u00e9rieure \u00e0 50 % de celui pr\u00e9vu au titre de l\u0027\u00e9laboration du bilan \u00e9conomique, social et environnemental et de l\u0027assistance apport\u00e9e au d\u00e9biteur pour la pr\u00e9paration d\u0027un plan de sauvegarde ou de redressement r\u00e9mun\u00e9rant un administrateur judiciaire (voir ci-dessus).\u003C\/p\u003E\u003Cp\u003EL\u0027\u00e9molument pr\u00e9vu au titre de la mission de perception et de r\u00e9partition des dividendes arr\u00eat\u00e9 par le plan est fix\u00e9 proportionnellement au montant cumul\u00e9 des sommes encaiss\u00e9es par l\u0027ensemble des cr\u00e9anciers ou, \u00e0 d\u00e9faut d\u0027encaissement par les cr\u00e9anciers, au montant cumul\u00e9 des sommes consign\u00e9es \u00e0 la Caisse des d\u00e9p\u00f4ts et consignations au cours de chacune des ann\u00e9es d\u0027ex\u00e9cution du plan, selon le bar\u00e8me suivant :\u003C\/p\u003E\u003Ctable class=\u0022MsoTableGrid\u0022\u003E\u003Ctbody\u003E\u003Ctr\u003E\u003Ctd\u003E\u003Cp align=\u0022center\u0022\u003E\u003Cstrong\u003ETRANCHES D\u2019ASSIETTES EN \u20ac\u003C\/strong\u003E\u003C\/p\u003E\u003C\/td\u003E\u003Ctd\u003E\u003Cp align=\u0022center\u0022\u003E\u003Cstrong\u003ETAUX DE L\u2019\u00c9MOLUMENT EN %\u003C\/strong\u003E\u003C\/p\u003E\u003C\/td\u003E\u003C\/tr\u003E\u003Ctr\u003E\u003Ctd valign=\u0022top\u0022\u003E\u003Cp align=\u0022center\u0022\u003EDe 0 \u00e0 15\u0026nbsp;000\u003C\/p\u003E\u003C\/td\u003E\u003Ctd\u003E\u003Cp align=\u0022center\u0022\u003E3,292\u003C\/p\u003E\u003C\/td\u003E\u003C\/tr\u003E\u003Ctr\u003E\u003Ctd valign=\u0022top\u0022\u003E\u003Cp align=\u0022center\u0022\u003EDe 15\u0026nbsp;001 \u00e0 50\u0026nbsp;000\u003C\/p\u003E\u003C\/td\u003E\u003Ctd\u003E\u003Cp align=\u0022center\u0022\u003E2,351\u003C\/p\u003E\u003C\/td\u003E\u003C\/tr\u003E\u003Ctr\u003E\u003Ctd valign=\u0022top\u0022\u003E\u003Cp align=\u0022center\u0022\u003EDe 50\u0026nbsp;001 \u00e0 150\u0026nbsp;000\u003C\/p\u003E\u003C\/td\u003E\u003Ctd\u003E\u003Cp align=\u0022center\u0022\u003E1,411\u003C\/p\u003E\u003C\/td\u003E\u003C\/tr\u003E\u003Ctr\u003E\u003Ctd valign=\u0022top\u0022\u003E\u003Cp align=\u0022center\u0022\u003EDe 150\u0026nbsp;001 \u00e0 300\u0026nbsp;000\u003C\/p\u003E\u003C\/td\u003E\u003Ctd\u003E\u003Cp align=\u0022center\u0022\u003E0,470\u003C\/p\u003E\u003C\/td\u003E\u003C\/tr\u003E\u003Ctr\u003E\u003Ctd valign=\u0022top\u0022\u003E\u003Cp align=\u0022center\u0022\u003EAu-del\u00e0 de 300\u0026nbsp;000\u003C\/p\u003E\u003C\/td\u003E\u003Ctd\u003E\u003Cp align=\u0022center\u0022\u003E0,235\u003C\/p\u003E\u003C\/td\u003E\u003C\/tr\u003E\u003C\/tbody\u003E\u003C\/table\u003E\u003Cp\u003EL\u0027\u00e9molument pr\u00e9vu au titre de l\u0027inscription des cr\u00e9ances sur la liste des cr\u00e9ances donne lieu \u00e0 la perception d\u0027un \u00e9molument fix\u00e9 \u00e0 :\u003C\/p\u003E\u003Cul\u003E\u003Cli\u003E4,70 \u20ac par cr\u00e9ance lorsque le montant de la cr\u00e9ance est inf\u00e9rieur \u00e0 150 \u20ac ;\u003C\/li\u003E\u003Cli\u003E9,41 \u20ac par cr\u00e9ance lorsque le montant de la cr\u00e9ance est \u00e9gal ou sup\u00e9rieur \u00e0 150 \u20ac.\u003C\/li\u003E\u003C\/ul\u003E                                            \u003Cp\u003E\u003Cbr \/\u003E\u003Cstrong\u003ESource :\u003C\/strong\u003E\u003Cstrong\u003E\u00a0\u003C\/strong\u003E\u003C\/p\u003E\u003Cul\u003E\u003Cli\u003E\u003Ca href=\u0022https:\/\/www.legifrance.gouv.fr\/codes\/section_lc\/LEGITEXT000005634379\/LEGISCTA000032609353\/#LEGISCTA000032609358\u0022 target=\u0022_blank\u0022 rel=\u0022noopener\u0022\u003EArticles A 663-4 \u00e0 A 663-17 du Code de commerce\u003C\/a\u003E\u003C\/li\u003E\u003Cli\u003E\u003Ca href=\u0022https:\/\/www.legifrance.gouv.fr\/codes\/article_lc\/LEGIARTI000041684936\u0022 target=\u0022_blank\u0022 rel=\u0022noopener\u0022\u003EArticle A 663-20 du Code de commerce\u003C\/a\u003E\u003C\/li\u003E\u003Cli\u003E\u003Ca href=\u0022https:\/\/www.legifrance.gouv.fr\/jorf\/id\/JORFTEXT000049209793\u0022 target=\u0022_blank\u0022 rel=\u0022noopener\u0022\u003EArr\u00eat\u00e9 du 28 f\u00e9vrier 2024 fixant les tarifs r\u00e9glement\u00e9s applicables aux administrateurs judiciaires, commissaires \u00e0 l\u0027ex\u00e9cution du plan, mandataires judiciaires et aux liquidateurs\u003C\/a\u003E\u003C\/li\u003E\u003C\/ul\u003E\u003C\/div\u003E","annee":"2025","theme":" Indices, taux, bar\u00e8mes juridiques","activites":["Professionnels du droit et du chiffre"],"image":"https:\/\/www.weblex.fr\/sites\/default\/files\/chiffres_clef\/Shutterstock_tarifsadministrateurstarifs.jpg","created":"2025-12-19","modified":"2026-04-21"},{"url":"\/chiffres-cles\/tarifs-des-commissaires-de-justice-anciens-huissiers-de-justice-dispositions-speciales-aux-departements-du-bas-rhin-du-haut-rhin-et-de-la-moselle-2025","id":27128,"title":"Tarifs des commissaires de justice (anciens huissiers de justice) \u2013 Dispositions sp\u00e9ciales aux d\u00e9partements du Bas-Rhin, du Haut-Rhin et de la Moselle - 2025","content":"\u003Cdiv\u003E                                              \u003Ch2\u003EDu 1er mars 2024 au 28 f\u00e9vrier 2026\u003C\/h2\u003E\u003Ch3\u003E1\/ Significations \u00e0 la diligence des parties\u003C\/h3\u003E\u003Cp\u003ELes prestations mentionn\u00e9es ci-dessous donnent lieu \u00e0 la perception des \u00e9moluments suivants :\u003C\/p\u003E\u003Ctable class=\u0022MsoTableGrid\u0022\u003E\u003Ctbody\u003E\u003Ctr\u003E\u003Ctd\u003E\u003Cp align=\u0022center\u0022\u003E\u003Cstrong\u003ED\u00c9SIGNATION DE LA PRESTATION\u003C\/strong\u003E\u003C\/p\u003E\u003C\/td\u003E\u003Ctd\u003E\u003Cp align=\u0022center\u0022\u003E\u003Cstrong\u003E\u00c9MOLUMENT\u003C\/strong\u003E\u003C\/p\u003E\u003C\/td\u003E\u003C\/tr\u003E\u003Ctr\u003E\u003Ctd valign=\u0022top\u0022\u003E\u003Cp align=\u0022center\u0022\u003ESignification\u003C\/p\u003E\u003C\/td\u003E\u003Ctd\u003E\u003Cp align=\u0022center\u0022\u003E25,79 \u20ac\u003C\/p\u003E\u003C\/td\u003E\u003C\/tr\u003E\u003Ctr\u003E\u003Ctd valign=\u0022top\u0022\u003E\u003Cp align=\u0022center\u0022\u003ESignification ordonnance rendue sur requ\u00eate\u003C\/p\u003E\u003C\/td\u003E\u003Ctd\u003E\u003Cp align=\u0022center\u0022\u003E25,79 \u20ac\u003C\/p\u003E\u003C\/td\u003E\u003C\/tr\u003E\u003Ctr\u003E\u003Ctd valign=\u0022top\u0022\u003E\u003Cp align=\u0022center\u0022\u003ESignification d\u0027une ordonnance de taxe\u003C\/p\u003E\u003C\/td\u003E\u003Ctd\u003E\u003Cp align=\u0022center\u0022\u003E25,79 \u20ac\u003C\/p\u003E\u003C\/td\u003E\u003C\/tr\u003E\u003Ctr\u003E\u003Ctd valign=\u0022top\u0022\u003E\u003Cp align=\u0022center\u0022\u003ESignification d\u0027une d\u00e9cision rendue par le tribunal d\u0027instance en mati\u00e8re de droit local (pouvoir imm\u00e9diat)\u003C\/p\u003E\u003C\/td\u003E\u003Ctd\u003E\u003Cp align=\u0022center\u0022\u003E25,79 \u20ac\u003C\/p\u003E\u003C\/td\u003E\u003C\/tr\u003E\u003C\/tbody\u003E\u003C\/table\u003E\u003Cp\u003ESi, \u00e0 compter de la demande du client, les prestations mentionn\u00e9es ci-dessus sont r\u00e9alis\u00e9es dans un d\u00e9lai inf\u00e9rieur \u00e0 24 heures, elles donnent lieu \u00e0 la perception d\u0027un \u00e9molument major\u00e9 de 89,28 \u20ac.\u0026nbsp;\u003C\/p\u003E\u003Ch3\u003E2\/ Saisies\u003C\/h3\u003E\u003Cp\u003ELes prestations mentionn\u00e9es ci-dessous donnent lieu \u00e0 la perception des \u00e9moluments suivants :\u003C\/p\u003E\u003Ctable class=\u0022MsoTableGrid\u0022\u003E\u003Ctbody\u003E\u003Ctr\u003E\u003Ctd\u003E\u003Cp align=\u0022center\u0022\u003E\u003Cstrong\u003ED\u00c9SIGNATION DE LA PRESTATION\u003C\/strong\u003E\u003C\/p\u003E\u003C\/td\u003E\u003Ctd\u003E\u003Cp align=\u0022center\u0022\u003E\u003Cstrong\u003E\u00c9MOLUMENT\u003C\/strong\u003E\u003C\/p\u003E\u003C\/td\u003E\u003C\/tr\u003E\u003Ctr\u003E\u003Ctd valign=\u0022top\u0022\u003E\u003Cp align=\u0022center\u0022\u003EMise en demeure de r\u00e9gulariser la vente\u003C\/p\u003E\u003C\/td\u003E\u003Ctd\u003E\u003Cp align=\u0022center\u0022\u003E20,42 \u20ac\u003C\/p\u003E\u003C\/td\u003E\u003C\/tr\u003E\u003Ctr\u003E\u003Ctd valign=\u0022top\u0022\u003E\u003Cp align=\u0022center\u0022\u003ECommandement de payer avant ex\u00e9cution forc\u00e9e immobili\u00e8re\u003C\/p\u003E\u003C\/td\u003E\u003Ctd\u003E\u003Cp align=\u0022center\u0022\u003E64,48 \u20ac\u003C\/p\u003E\u003C\/td\u003E\u003C\/tr\u003E\u003Ctr\u003E\u003Ctd valign=\u0022top\u0022\u003E\u003Cp align=\u0022center\u0022\u003ESignification du cahier des charges\u003C\/p\u003E\u003C\/td\u003E\u003Ctd\u003E\u003Cp align=\u0022center\u0022\u003E26,87 \u20ac\u003C\/p\u003E\u003C\/td\u003E\u003C\/tr\u003E\u003C\/tbody\u003E\u003C\/table\u003E\u003Cp\u003EDonnent \u00e9galement lieu \u00e0 la perception du \u00ab droit d\u0027engagement des poursuites \u00bb, les prestations figurant suivantes :\u003C\/p\u003E\u003Cul\u003E\u003Cli\u003Emise en demeure de r\u00e9gulariser la vente ;\u003C\/li\u003E\u003Cli\u003Ecommandement de payer avant ex\u00e9cution forc\u00e9e immobili\u00e8re.\u003C\/li\u003E\u003C\/ul\u003E\u003Cp\u003ECe \u00ab droit d\u0027engagement des poursuites \u00bb est fix\u00e9 de la mani\u00e8re suivante :\u003C\/p\u003E\u003Cul\u003E\u003Cli\u003Esi le montant de la cr\u00e9ance est inf\u00e9rieur ou \u00e9gal \u00e0 76 \u20ac, le droit d\u0027engagement des poursuites est fix\u00e9 \u00e0 4,29 \u20ac ;\u003C\/li\u003E\u003Cli\u003Eau-del\u00e0 du seuil de 76 \u20ac mentionn\u00e9 ci-dessus, le droit d\u0027engagement des poursuites est, dans la limite de 268,13 \u20ac, proportionnel au montant de la cr\u00e9ance, selon le bar\u00e8me suivant :\u003C\/li\u003E\u003C\/ul\u003E\u003Ctable class=\u0022MsoTableGrid\u0022\u003E\u003Ctbody\u003E\u003Ctr\u003E\u003Ctd\u003E\u003Cp align=\u0022center\u0022\u003E\u003Cstrong\u003ETRANCHES D\u2019ASSIETTE\u003C\/strong\u003E\u003C\/p\u003E\u003C\/td\u003E\u003Ctd\u003E\u003Cp align=\u0022center\u0022\u003E\u003Cstrong\u003ETAUX APPLICABLE\u003C\/strong\u003E\u003C\/p\u003E\u003C\/td\u003E\u003C\/tr\u003E\u003Ctr\u003E\u003Ctd valign=\u0022top\u0022\u003E\u003Cp align=\u0022center\u0022\u003EDe 0 \u00e0 304 \u20ac\u003C\/p\u003E\u003C\/td\u003E\u003Ctd\u003E\u003Cp align=\u0022center\u0022\u003E5,66 %\u003C\/p\u003E\u003C\/td\u003E\u003C\/tr\u003E\u003Ctr\u003E\u003Ctd valign=\u0022top\u0022\u003E\u003Cp align=\u0022center\u0022\u003EDe 305 \u20ac \u00e0 912 \u20ac\u003C\/p\u003E\u003C\/td\u003E\u003Ctd\u003E\u003Cp align=\u0022center\u0022\u003E2,83 %\u003C\/p\u003E\u003C\/td\u003E\u003C\/tr\u003E\u003Ctr\u003E\u003Ctd valign=\u0022top\u0022\u003E\u003Cp align=\u0022center\u0022\u003EDe 913 \u20ac \u00e0 3 040 \u20ac\u003C\/p\u003E\u003C\/td\u003E\u003Ctd\u003E\u003Cp align=\u0022center\u0022\u003E1,41 %\u003C\/p\u003E\u003C\/td\u003E\u003C\/tr\u003E\u003Ctr\u003E\u003Ctd valign=\u0022top\u0022\u003E\u003Cp align=\u0022center\u0022\u003EPlus de 3 040 \u20ac\u003C\/p\u003E\u003C\/td\u003E\u003Ctd\u003E\u003Cp align=\u0022center\u0022\u003E0,28 %\u003C\/p\u003E\u003C\/td\u003E\u003C\/tr\u003E\u003C\/tbody\u003E\u003C\/table\u003E\u003Cp\u003ELe droit d\u0027engagement des poursuites ne peut \u00eatre per\u00e7u qu\u0027une seule fois dans le cadre du recouvrement d\u0027une m\u00eame cr\u00e9ance.\u003C\/p\u003E\u003Cp\u003EIl est \u00e0 la charge du d\u00e9biteur si le co\u00fbt de l\u0027acte au titre duquel il est allou\u00e9 incombe \u00e0 ce dernier et \u00e0 la charge du cr\u00e9ancier dans tous les autres cas.\u003C\/p\u003E\u003Cp\u003EIl reste acquis \u00e0 l\u0027huissier de justice quelle que soit l\u0027issue de la tentative de recouvrement.\u003C\/p\u003E\u003Cp\u003ESelon que le co\u00fbt de l\u0027acte est \u00e0 la charge du d\u00e9biteur ou du cr\u00e9ancier, il s\u0027impute sur les prestations de recouvrement ou d\u0027encaissement.\u003C\/p\u003E\u003Cp\u003ELes prestations mentionn\u00e9es ci-dessous donnent lieu \u00e0 la perception d\u0027\u00e9moluments \u00e9gaux \u00e0 six dixi\u00e8mes des \u00e9moluments fixes et proportionnels, et du droit gradu\u00e9 :\u003C\/p\u003E\u003Cul\u003E\u003Cli\u003Erequ\u00eate en inscription hypoth\u00e8que judiciaire ;\u003C\/li\u003E\u003Cli\u003Erequ\u00eate en vente forc\u00e9e immobili\u00e8re ;\u003C\/li\u003E\u003Cli\u003Erequ\u00eate en adh\u00e9sion vente forc\u00e9e immobili\u00e8re ;\u003C\/li\u003E\u003Cli\u003Erequ\u00eate en administration forc\u00e9e immobili\u00e8re.\u003C\/li\u003E\u003C\/ul\u003E\u003Ch3\u003E3\/ Divers\u003C\/h3\u003E\u003Cp\u003ELes prestations mentionn\u00e9es ci-dessous donnent lieu \u00e0 la perception des \u00e9moluments suivants :\u003C\/p\u003E\u003Ctable class=\u0022MsoTableGrid\u0022\u003E\u003Ctbody\u003E\u003Ctr\u003E\u003Ctd\u003E\u003Cp align=\u0022center\u0022\u003E\u003Cstrong\u003ED\u00c9SIGNATION DE LA PRESTATION\u003C\/strong\u003E\u003C\/p\u003E\u003C\/td\u003E\u003Ctd\u003E\u003Cp align=\u0022center\u0022\u003E\u003Cstrong\u003E\u00c9MOLUMENT\u003C\/strong\u003E\u003C\/p\u003E\u003C\/td\u003E\u003C\/tr\u003E\u003Ctr\u003E\u003Ctd valign=\u0022top\u0022\u003E\u003Cp align=\u0022center\u0022\u003ESommation de payer ou de d\u00e9laisser\u003C\/p\u003E\u003C\/td\u003E\u003Ctd\u003E\u003Cp align=\u0022center\u0022\u003E20,42 \u20ac\u003C\/p\u003E\u003C\/td\u003E\u003C\/tr\u003E\u003Ctr\u003E\u003Ctd valign=\u0022top\u0022\u003E\u003Cp align=\u0022center\u0022\u003ESignification d\u0027un PV de d\u00e9bats\u003C\/p\u003E\u003C\/td\u003E\u003Ctd\u003E\u003Cp align=\u0022center\u0022\u003E25,79 \u20ac\u003C\/p\u003E\u003C\/td\u003E\u003C\/tr\u003E\u003Ctr\u003E\u003Ctd valign=\u0022top\u0022\u003E\u003Cp align=\u0022center\u0022\u003EConvocation*\u003C\/p\u003E\u003C\/td\u003E\u003Ctd\u003E\u003Cp align=\u0022center\u0022\u003E25,79 \u20ac\u003C\/p\u003E\u003C\/td\u003E\u003C\/tr\u003E\u003Ctr\u003E\u003Ctd valign=\u0022top\u0022\u003E\u003Cp align=\u0022center\u0022\u003EConvocation **\u003C\/p\u003E\u003C\/td\u003E\u003Ctd\u003E\u003Cp align=\u0022center\u0022\u003E25,79 \u20ac\u003C\/p\u003E\u003C\/td\u003E\u003C\/tr\u003E\u003Ctr\u003E\u003Ctd valign=\u0022top\u0022\u003E\u003Cp align=\u0022center\u0022\u003ESommation au tiers d\u00e9tenteur\u003C\/p\u003E\u003C\/td\u003E\u003Ctd\u003E\u003Cp align=\u0022center\u0022\u003E20,42 \u20ac\u003C\/p\u003E\u003C\/td\u003E\u003C\/tr\u003E\u003C\/tbody\u003E\u003C\/table\u003E\u003Cp\u003E* Article 147 de la Loi du 1er juin 1924 mettant en vigueur la l\u00e9gislation civile fran\u00e7aise dans les d\u00e9partements du Bas-Rhin, du Haut-Rhin et de la Moselle\u003C\/p\u003E\u003Cp\u003E** Article 225 de la Loi du 1er juin 1924 mettant en vigueur la l\u00e9gislation civile fran\u00e7aise dans les d\u00e9partements du Bas-Rhin, du Haut-Rhin et de la Moselle\u003C\/p\u003E\u003Cp\u003ESi, \u00e0 compter de la demande du client, elles sont r\u00e9alis\u00e9es dans un d\u00e9lai inf\u00e9rieur \u00e0 24 heures, la signification et les convocations mentionn\u00e9es ci-dessus donnent lieu \u00e0 la perception d\u0027un \u00e9molument major\u00e9 de 90 \u20ac.\u003C\/p\u003E\u003Cp\u003ENotez que les sommations donnent \u00e9galement lieu \u00e0 la perception du droit d\u0027engagement des poursuites \u00e9voqu\u00e9es ci-dessus.\u003C\/p\u003E\u003Cp\u003ELes prestations mentionn\u00e9es ci-dessous donnent lieu \u00e0 la perception d\u0027\u00e9moluments \u00e9gaux \u00e0 six dixi\u00e8mes des \u00e9moluments fixes et proportionnels, et du droit gradu\u00e9 :\u003C\/p\u003E\u003Cul\u003E\u003Cli\u003Erequ\u00eate en ouverture de proc\u00e9dure de partage judiciaire ;\u003C\/li\u003E\u003Cli\u003Erequ\u00eate en inscription d\u0027hypoth\u00e8que d\u0027ex\u00e9cution forc\u00e9e ;\u003C\/li\u003E\u003Cli\u003Erequ\u00eate en transcription et d\u0027inscription d\u0027une hypoth\u00e8que judiciaire.\u003C\/li\u003E\u003C\/ul\u003E                                            \u003Cp\u003E\u003Cbr \/\u003E\u003Cstrong\u003ESource :\u003C\/strong\u003E\u003Cstrong\u003E\u00a0\u003C\/strong\u003E\u003C\/p\u003E\u003Cul\u003E\u003Cli\u003E\u003Ca href=\u0022https:\/\/www.legifrance.gouv.fr\/codes\/article_lc\/LEGIARTI000042142603\u0022 target=\u0022_blank\u0022 rel=\u0022noopener\u0022\u003EArticle A 444-12 du Code de commerce\u003C\/a\u003E\u003C\/li\u003E\u003Cli\u003E\u003Ca href=\u0022https:\/\/www.legifrance.gouv.fr\/codes\/section_lc\/LEGITEXT000005634379\/LEGISCTA000032127742\/#LEGISCTA000032127742\u0022 target=\u0022_blank\u0022 rel=\u0022noopener\u0022\u003EArticles A 444-34 \u00e0 A 444-42 du Code de commerce\u003C\/a\u003E\u003C\/li\u003E\u003Cli\u003E\u003Ca href=\u0022https:\/\/www.legifrance.gouv.fr\/jorf\/id\/JORFTEXT000049209818\u0022 target=\u0022_blank\u0022 rel=\u0022noopener\u0022\u003EArr\u00eat\u00e9 du 28 f\u00e9vrier 2024 fixant l\u0027objectif de taux de r\u00e9sultat moyen et les tarifs r\u00e9glement\u00e9s des huissiers de justice et commissaires-priseurs judiciaires\u003C\/a\u003E\u003C\/li\u003E\u003C\/ul\u003E\u003C\/div\u003E","annee":"2025","theme":" Indices, taux, bar\u00e8mes juridiques","activites":["Professionnels du droit et du chiffre"],"image":"https:\/\/www.weblex.fr\/sites\/default\/files\/chiffres_clef\/Shutterstock_huissiersalsacemoselle.jpg","created":"2025-12-19","modified":"2026-02-20"},{"url":"\/chiffres-cles\/redevances-des-procedures-inpi-annee-2025","id":27126,"title":"Redevances des proc\u00e9dures INPI - Ann\u00e9e 2025","content":"\u003Cdiv\u003E                                              \u003Ch2 align=\u0022center\u0022\u003ETarifs\u0026nbsp;\u003C\/h2\u003E\u003Ctable class=\u0022MsoTableGrid\u0022\u003E\u003Ctbody\u003E\u003Ctr\u003E\u003Ctd valign=\u0022top\u0022\u003E\u003Cp align=\u0022center\u0022\u003E\u003Cstrong\u003EINTITUL\u00c9S\u003C\/strong\u003E\u003C\/p\u003E\u003C\/td\u003E\u003Ctd valign=\u0022top\u0022\u003E\u003Cp align=\u0022center\u0022\u003E\u003Cstrong\u003ETARIFS\u003C\/strong\u003E\u003C\/p\u003E\u003C\/td\u003E\u003Ctd valign=\u0022top\u0022\u003E\u003Cp align=\u0022center\u0022\u003E\u003Cstrong\u003ETARIFS R\u00c9DUITS*\u003C\/strong\u003E\u003C\/p\u003E\u003C\/td\u003E\u003C\/tr\u003E\u003Ctr\u003E\u003Ctd colspan=\u00223\u0022 valign=\u0022top\u0022\u003E\u003Cp align=\u0022center\u0022\u003E\u003Cstrong\u003EBREVETS D\u0027INVENTION, CERTIFICATS D\u0027UTILITE ET CERTIFICATS COMPL\u00c9MENTAIRES DE PROTECTION\u003C\/strong\u003E\u003C\/p\u003E\u003Cp align=\u0022center\u0022\u003E\u0026nbsp;\u003C\/p\u003E\u003C\/td\u003E\u003C\/tr\u003E\u003Ctr\u003E\u003Ctd valign=\u0022top\u0022\u003E\u003Cp\u003ED\u00e9p\u00f4t d\u0027une demande de brevet ou de certificat d\u2019utilit\u00e9 (incluant la premi\u00e8re annuit\u00e9 de maintien en vigueur)\u003C\/p\u003E\u003C\/td\u003E\u003Ctd valign=\u0022top\u0022\u003E\u003Cp align=\u0022center\u0022\u003E26 \u20ac\u003C\/p\u003E\u003C\/td\u003E\u003Ctd valign=\u0022top\u0022\u003E\u003Cp align=\u0022center\u0022\u003E13 \u20ac\u003C\/p\u003E\u003C\/td\u003E\u003C\/tr\u003E\u003Ctr\u003E\u003Ctd valign=\u0022top\u0022\u003E\u003Cp\u003ED\u00e9p\u00f4t d\u0027une demande de certificat compl\u00e9mentaire de protection (n\u0027incluant pas la premi\u00e8re annuit\u00e9 de maintien en vigueur)\u003C\/p\u003E\u003C\/td\u003E\u003Ctd valign=\u0022top\u0022\u003E\u003Cp align=\u0022center\u0022\u003E520 \u20ac\u003C\/p\u003E\u003C\/td\u003E\u003Ctd valign=\u0022top\u0022\u003E\u003Cp align=\u0022center\u0022\u003E\u0026nbsp;\u003C\/p\u003E\u003C\/td\u003E\u003C\/tr\u003E\u003Ctr\u003E\u003Ctd valign=\u0022top\u0022\u003E\u003Cp\u003ED\u00e9p\u00f4t d\u2019une demande de prorogation d\u0027un certificat compl\u00e9mentaire de protection relatif \u00e0 un m\u00e9dicament ayant fait l\u0027objet de recherches en vue d\u0027un usage p\u00e9diatrique\u003C\/p\u003E\u003C\/td\u003E\u003Ctd valign=\u0022top\u0022\u003E\u003Cp align=\u0022center\u0022\u003E470 \u20ac\u003C\/p\u003E\u003C\/td\u003E\u003Ctd valign=\u0022top\u0022\u003E\u003Cp align=\u0022center\u0022\u003E\u0026nbsp;\u003C\/p\u003E\u003C\/td\u003E\u003C\/tr\u003E\u003Ctr\u003E\u003Ctd valign=\u0022top\u0022\u003E\u003Cp\u003ERapport de recherche\u003C\/p\u003E\u003C\/td\u003E\u003Ctd valign=\u0022top\u0022\u003E\u003Cp align=\u0022center\u0022\u003E520 \u20ac\u003C\/p\u003E\u003C\/td\u003E\u003Ctd valign=\u0022top\u0022\u003E\u003Cp align=\u0022center\u0022\u003E260 \u20ac\u003C\/p\u003E\u003C\/td\u003E\u003C\/tr\u003E\u003Ctr\u003E\u003Ctd valign=\u0022top\u0022\u003E\u003Cp\u003ERapport de recherche concernant une demande sous priorit\u00e9 \u00e9trang\u00e8re accompagn\u00e9e d\u0027un rapport de recherche reconnu \u00e9quivalent au rapport de recherche national par d\u00e9cision du Directeur g\u00e9n\u00e9ral de l\u0027INPI\u003C\/p\u003E\u003C\/td\u003E\u003Ctd valign=\u0022top\u0022\u003E\u003Cp\u003E\u0026nbsp;\u003C\/p\u003E\u003Cp align=\u0022center\u0022\u003E156 \u20ac\u003C\/p\u003E\u003C\/td\u003E\u003Ctd valign=\u0022top\u0022\u003E\u003Cp\u003E\u0026nbsp;\u003C\/p\u003E\u003C\/td\u003E\u003C\/tr\u003E\u003Ctr\u003E\u003Ctd valign=\u0022top\u0022\u003E\u003Cp\u003E\u003Ca\u003ESuppl\u00e9ment pour paiement tardif de la redevance de d\u00e9p\u00f4t ou de rapport de recherche, suppl\u00e9ment pour requ\u00eate tardive de rapport de recherche\u003C\/a\u003E\u003C\/p\u003E\u003C\/td\u003E\u003Ctd colspan=\u00222\u0022 valign=\u0022top\u0022\u003E\u003Cp align=\u0022center\u0022\u003E50 % de la redevance correspondante due\u003C\/p\u003E\u003C\/td\u003E\u003C\/tr\u003E\u003Ctr\u003E\u003Ctd valign=\u0022top\u0022\u003E\u003Cp\u003ENouvelles revendications entra\u00eenant rapport de recherche compl\u00e9mentaire\u003C\/p\u003E\u003C\/td\u003E\u003Ctd valign=\u0022top\u0022\u003E\u003Cp align=\u0022center\u0022\u003E520 \u20ac\u003C\/p\u003E\u003C\/td\u003E\u003Ctd valign=\u0022top\u0022\u003E\u003Cp align=\u0022center\u0022\u003E260 \u20ac\u003C\/p\u003E\u003C\/td\u003E\u003C\/tr\u003E\u003Ctr\u003E\u003Ctd valign=\u0022top\u0022\u003E\u003Cp\u003ERevendication, soit au moment du d\u00e9p\u00f4t, soit \u00e0 la modification, \u00e0 partir de la 11e revendication\u003C\/p\u003E\u003C\/td\u003E\u003Ctd valign=\u0022top\u0022\u003E\u003Cp align=\u0022center\u0022\u003E42 \u20ac\u003C\/p\u003E\u003C\/td\u003E\u003Ctd valign=\u0022top\u0022\u003E\u003Cp align=\u0022center\u0022\u003E21 \u20ac\u003C\/p\u003E\u003C\/td\u003E\u003C\/tr\u003E\u003Ctr\u003E\u003Ctd valign=\u0022top\u0022\u003E\u003Cp\u003ERectification d\u0027erreurs mat\u00e9rielles par requ\u00eate\u003C\/p\u003E\u003C\/td\u003E\u003Ctd valign=\u0022top\u0022\u003E\u003Cp align=\u0022center\u0022\u003E52 \u20ac\u003C\/p\u003E\u003C\/td\u003E\u003Ctd valign=\u0022top\u0022\u003E\u003Cp align=\u0022center\u0022\u003E\u0026nbsp;\u003C\/p\u003E\u003C\/td\u003E\u003C\/tr\u003E\u003Ctr\u003E\u003Ctd valign=\u0022top\u0022\u003E\u003Cp\u003ERequ\u00eate en poursuite de proc\u00e9dure\u003C\/p\u003E\u003C\/td\u003E\u003Ctd valign=\u0022top\u0022\u003E\u003Cp align=\u0022center\u0022\u003E104 \u20ac\u003C\/p\u003E\u003C\/td\u003E\u003Ctd valign=\u0022top\u0022\u003E\u003Cp align=\u0022center\u0022\u003E52 \u20ac\u003C\/p\u003E\u003C\/td\u003E\u003C\/tr\u003E\u003Ctr\u003E\u003Ctd valign=\u0022top\u0022\u003E\u003Cp\u003ERequ\u00eate en limitation\u003C\/p\u003E\u003C\/td\u003E\u003Ctd valign=\u0022top\u0022\u003E\u003Cp align=\u0022center\u0022\u003E260 \u20ac\u003C\/p\u003E\u003C\/td\u003E\u003Ctd valign=\u0022top\u0022\u003E\u003Cp align=\u0022center\u0022\u003E130 \u20ac\u003C\/p\u003E\u003C\/td\u003E\u003C\/tr\u003E\u003Ctr\u003E\u003Ctd valign=\u0022top\u0022\u003E\u003Cp\u003ED\u00e9livrance et impression du fascicule\u003C\/p\u003E\u003C\/td\u003E\u003Ctd valign=\u0022top\u0022\u003E\u003Cp align=\u0022center\u0022\u003E90 \u20ac\u003C\/p\u003E\u003C\/td\u003E\u003Ctd valign=\u0022top\u0022\u003E\u003Cp align=\u0022center\u0022\u003E45 \u20ac\u003C\/p\u003E\u003C\/td\u003E\u003C\/tr\u003E\u003Ctr\u003E\u003Ctd valign=\u0022top\u0022\u003E\u003Cp\u003EOpposition\u003C\/p\u003E\u003C\/td\u003E\u003Ctd valign=\u0022top\u0022\u003E\u003Cp align=\u0022center\u0022\u003E600 \u20ac\u003C\/p\u003E\u003C\/td\u003E\u003Ctd valign=\u0022top\u0022\u003E\u003Cp align=\u0022center\u0022\u003E\u0026nbsp;\u003C\/p\u003E\u003C\/td\u003E\u003C\/tr\u003E\u003Ctr\u003E\u003Ctd valign=\u0022top\u0022\u003E\u003Cp\u003ERedevance annuelle de maintien en vigueur d\u0027un brevet ou d\u0027un certificat d\u0027utilit\u00e9\u0026nbsp;:\u003C\/p\u003E\u003Cp\u003EDeuxi\u00e8me annuit\u00e9\u003C\/p\u003E\u003C\/td\u003E\u003Ctd valign=\u0022top\u0022\u003E\u003Cp align=\u0022center\u0022\u003E\u0026nbsp;\u003C\/p\u003E\u003Cp align=\u0022center\u0022\u003E38 \u20ac\u003C\/p\u003E\u003C\/td\u003E\u003Ctd\u003E\u003Cp align=\u0022center\u0022\u003E19 \u20ac\u003C\/p\u003E\u003C\/td\u003E\u003C\/tr\u003E\u003Ctr\u003E\u003Ctd valign=\u0022top\u0022\u003E\u003Cp\u003ETroisi\u00e8me annuit\u00e9\u003C\/p\u003E\u003C\/td\u003E\u003Ctd valign=\u0022top\u0022\u003E\u003Cp align=\u0022center\u0022\u003E38 \u20ac\u003C\/p\u003E\u003C\/td\u003E\u003Ctd valign=\u0022top\u0022\u003E\u003Cp align=\u0022center\u0022\u003E19 \u20ac\u003C\/p\u003E\u003C\/td\u003E\u003C\/tr\u003E\u003Ctr\u003E\u003Ctd valign=\u0022top\u0022\u003E\u003Cp\u003EQuatri\u00e8me annuit\u00e9\u003C\/p\u003E\u003C\/td\u003E\u003Ctd valign=\u0022top\u0022\u003E\u003Cp align=\u0022center\u0022\u003E38 \u20ac\u003C\/p\u003E\u003C\/td\u003E\u003Ctd valign=\u0022top\u0022\u003E\u003Cp align=\u0022center\u0022\u003E19 \u20ac\u003C\/p\u003E\u003C\/td\u003E\u003C\/tr\u003E\u003Ctr\u003E\u003Ctd valign=\u0022top\u0022\u003E\u003Cp\u003ECinqui\u00e8me annuit\u00e9\u003C\/p\u003E\u003C\/td\u003E\u003Ctd valign=\u0022top\u0022\u003E\u003Cp align=\u0022center\u0022\u003E38 \u20ac\u003C\/p\u003E\u003C\/td\u003E\u003Ctd valign=\u0022top\u0022\u003E\u003Cp align=\u0022center\u0022\u003E19 \u20ac\u003C\/p\u003E\u003C\/td\u003E\u003C\/tr\u003E\u003Ctr\u003E\u003Ctd valign=\u0022top\u0022\u003E\u003Cp\u003ESixi\u00e8me annuit\u00e9\u003C\/p\u003E\u003C\/td\u003E\u003Ctd valign=\u0022top\u0022\u003E\u003Cp align=\u0022center\u0022\u003E76 \u20ac\u003C\/p\u003E\u003C\/td\u003E\u003Ctd valign=\u0022top\u0022\u003E\u003Cp align=\u0022center\u0022\u003E57 \u20ac\u003C\/p\u003E\u003C\/td\u003E\u003C\/tr\u003E\u003Ctr\u003E\u003Ctd valign=\u0022top\u0022\u003E\u003Cp\u003ESepti\u00e8me annuit\u00e9\u003C\/p\u003E\u003C\/td\u003E\u003Ctd valign=\u0022top\u0022\u003E\u003Cp align=\u0022center\u0022\u003E96 \u20ac\u003C\/p\u003E\u003C\/td\u003E\u003Ctd valign=\u0022top\u0022\u003E\u003Cp align=\u0022center\u0022\u003E72 \u20ac\u003C\/p\u003E\u003C\/td\u003E\u003C\/tr\u003E\u003Ctr\u003E\u003Ctd valign=\u0022top\u0022\u003E\u003Cp\u003EHuiti\u00e8me annuit\u00e9\u003C\/p\u003E\u003C\/td\u003E\u003Ctd valign=\u0022top\u0022\u003E\u003Cp align=\u0022center\u0022\u003E136 \u20ac\u003C\/p\u003E\u003C\/td\u003E\u003Ctd valign=\u0022top\u0022\u003E\u003Cp align=\u0022center\u0022\u003E\u0026nbsp;\u003C\/p\u003E\u003C\/td\u003E\u003C\/tr\u003E\u003Ctr\u003E\u003Ctd valign=\u0022top\u0022\u003E\u003Cp\u003ENeuvi\u00e8me annuit\u00e9\u003C\/p\u003E\u003C\/td\u003E\u003Ctd valign=\u0022top\u0022\u003E\u003Cp align=\u0022center\u0022\u003E180 \u20ac\u003C\/p\u003E\u003C\/td\u003E\u003Ctd valign=\u0022top\u0022\u003E\u003Cp align=\u0022center\u0022\u003E\u0026nbsp;\u003C\/p\u003E\u003C\/td\u003E\u003C\/tr\u003E\u003Ctr\u003E\u003Ctd valign=\u0022top\u0022\u003E\u003Cp\u003EDixi\u00e8me annuit\u00e9\u003C\/p\u003E\u003C\/td\u003E\u003Ctd valign=\u0022top\u0022\u003E\u003Cp align=\u0022center\u0022\u003E220 \u20ac\u003C\/p\u003E\u003C\/td\u003E\u003Ctd valign=\u0022top\u0022\u003E\u003Cp align=\u0022center\u0022\u003E\u0026nbsp;\u003C\/p\u003E\u003C\/td\u003E\u003C\/tr\u003E\u003Ctr\u003E\u003Ctd valign=\u0022top\u0022\u003E\u003Cp\u003EOnzi\u00e8me annuit\u00e9\u003C\/p\u003E\u003C\/td\u003E\u003Ctd valign=\u0022top\u0022\u003E\u003Cp align=\u0022center\u0022\u003E260 \u20ac\u003C\/p\u003E\u003C\/td\u003E\u003Ctd valign=\u0022top\u0022\u003E\u003Cp align=\u0022center\u0022\u003E\u0026nbsp;\u003C\/p\u003E\u003C\/td\u003E\u003C\/tr\u003E\u003Ctr\u003E\u003Ctd valign=\u0022top\u0022\u003E\u003Cp\u003EDouzi\u00e8me annuit\u00e9\u003C\/p\u003E\u003C\/td\u003E\u003Ctd valign=\u0022top\u0022\u003E\u003Cp align=\u0022center\u0022\u003E300 \u20ac\u003C\/p\u003E\u003C\/td\u003E\u003Ctd valign=\u0022top\u0022\u003E\u003Cp align=\u0022center\u0022\u003E\u0026nbsp;\u003C\/p\u003E\u003C\/td\u003E\u003C\/tr\u003E\u003Ctr\u003E\u003Ctd valign=\u0022top\u0022\u003E\u003Cp\u003ETreizi\u00e8me annuit\u00e9\u003C\/p\u003E\u003C\/td\u003E\u003Ctd valign=\u0022top\u0022\u003E\u003Cp align=\u0022center\u0022\u003E350 \u20ac\u003C\/p\u003E\u003C\/td\u003E\u003Ctd valign=\u0022top\u0022\u003E\u003Cp align=\u0022center\u0022\u003E\u0026nbsp;\u003C\/p\u003E\u003C\/td\u003E\u003C\/tr\u003E\u003Ctr\u003E\u003Ctd valign=\u0022top\u0022\u003E\u003Cp\u003EQuatorzi\u00e8me annuit\u00e9\u003C\/p\u003E\u003C\/td\u003E\u003Ctd valign=\u0022top\u0022\u003E\u003Cp align=\u0022center\u0022\u003E400 \u20ac\u003C\/p\u003E\u003C\/td\u003E\u003Ctd valign=\u0022top\u0022\u003E\u003Cp align=\u0022center\u0022\u003E\u0026nbsp;\u003C\/p\u003E\u003C\/td\u003E\u003C\/tr\u003E\u003Ctr\u003E\u003Ctd valign=\u0022top\u0022\u003E\u003Cp\u003EQuinzi\u00e8me annuit\u00e9\u003C\/p\u003E\u003C\/td\u003E\u003Ctd valign=\u0022top\u0022\u003E\u003Cp align=\u0022center\u0022\u003E460 \u20ac\u003C\/p\u003E\u003C\/td\u003E\u003Ctd valign=\u0022top\u0022\u003E\u003Cp align=\u0022center\u0022\u003E\u0026nbsp;\u003C\/p\u003E\u003C\/td\u003E\u003C\/tr\u003E\u003Ctr\u003E\u003Ctd valign=\u0022top\u0022\u003E\u003Cp\u003ESeizi\u00e8me annuit\u00e9\u003C\/p\u003E\u003C\/td\u003E\u003Ctd valign=\u0022top\u0022\u003E\u003Cp align=\u0022center\u0022\u003E520 \u20ac\u003C\/p\u003E\u003C\/td\u003E\u003Ctd valign=\u0022top\u0022\u003E\u003Cp align=\u0022center\u0022\u003E\u0026nbsp;\u003C\/p\u003E\u003C\/td\u003E\u003C\/tr\u003E\u003Ctr\u003E\u003Ctd valign=\u0022top\u0022\u003E\u003Cp\u003EDix-septi\u00e8me annuit\u00e9\u003C\/p\u003E\u003C\/td\u003E\u003Ctd valign=\u0022top\u0022\u003E\u003Cp align=\u0022center\u0022\u003E580 \u20ac\u003C\/p\u003E\u003C\/td\u003E\u003Ctd valign=\u0022top\u0022\u003E\u003Cp align=\u0022center\u0022\u003E\u0026nbsp;\u003C\/p\u003E\u003C\/td\u003E\u003C\/tr\u003E\u003Ctr\u003E\u003Ctd valign=\u0022top\u0022\u003E\u003Cp\u003EDix-huiti\u00e8me annuit\u00e9\u003C\/p\u003E\u003C\/td\u003E\u003Ctd valign=\u0022top\u0022\u003E\u003Cp align=\u0022center\u0022\u003E650 \u20ac\u003C\/p\u003E\u003C\/td\u003E\u003Ctd valign=\u0022top\u0022\u003E\u003Cp align=\u0022center\u0022\u003E\u0026nbsp;\u003C\/p\u003E\u003C\/td\u003E\u003C\/tr\u003E\u003Ctr\u003E\u003Ctd valign=\u0022top\u0022\u003E\u003Cp\u003EDix-neuvi\u00e8me annuit\u00e9\u003C\/p\u003E\u003C\/td\u003E\u003Ctd valign=\u0022top\u0022\u003E\u003Cp align=\u0022center\u0022\u003E730 \u20ac\u003C\/p\u003E\u003C\/td\u003E\u003Ctd valign=\u0022top\u0022\u003E\u003Cp align=\u0022center\u0022\u003E\u0026nbsp;\u003C\/p\u003E\u003C\/td\u003E\u003C\/tr\u003E\u003Ctr\u003E\u003Ctd valign=\u0022top\u0022\u003E\u003Cp\u003EVingti\u00e8me annuit\u00e9\u003C\/p\u003E\u003C\/td\u003E\u003Ctd valign=\u0022top\u0022\u003E\u003Cp align=\u0022center\u0022\u003E800 \u20ac\u003C\/p\u003E\u003C\/td\u003E\u003Ctd valign=\u0022top\u0022\u003E\u003Cp align=\u0022center\u0022\u003E\u0026nbsp;\u003C\/p\u003E\u003C\/td\u003E\u003C\/tr\u003E\u003Ctr\u003E\u003Ctd valign=\u0022top\u0022\u003E\u003Cp\u003ERedevance annuelle de maintien en vigueur d\u0027un certificat compl\u00e9mentaire\u003C\/p\u003E\u003C\/td\u003E\u003Ctd valign=\u0022top\u0022\u003E\u003Cp align=\u0022center\u0022\u003E950 \u20ac\u003C\/p\u003E\u003C\/td\u003E\u003Ctd valign=\u0022top\u0022\u003E\u003Cp align=\u0022center\u0022\u003E\u0026nbsp;\u003C\/p\u003E\u003C\/td\u003E\u003C\/tr\u003E\u003Ctr\u003E\u003Ctd valign=\u0022top\u0022\u003E\u003Cp\u003E\u003Ca\u003ESuppl\u00e9ment pour paiement tardif de la redevance annuelle de protection de maintien\u003C\/a\u003E\u003C\/p\u003E\u003C\/td\u003E\u003Ctd colspan=\u00222\u0022 valign=\u0022top\u0022\u003E\u003Cp align=\u0022center\u0022\u003E50 % de la redevance correspondante due\u003C\/p\u003E\u003C\/td\u003E\u003C\/tr\u003E\u003Ctr\u003E\u003Ctd valign=\u0022top\u0022\u003E\u003Cp\u003ERecours en restauration\u003C\/p\u003E\u003C\/td\u003E\u003Ctd valign=\u0022top\u0022\u003E\u003Cp align=\u0022center\u0022\u003E156 \u20ac\u003C\/p\u003E\u003C\/td\u003E\u003Ctd valign=\u0022top\u0022\u003E\u003Cp align=\u0022center\u0022\u003E\u0026nbsp;\u003C\/p\u003E\u003C\/td\u003E\u003C\/tr\u003E\u003C\/tbody\u003E\u003C\/table\u003E\u003Cp\u003EPeuvent b\u00e9n\u00e9ficier du tarif r\u00e9duit les personnes physiques, les organismes \u00e0 but non lucratif dans le domaine de l\u2019enseignement ou de la recherche, les entreprises dont le nombre de salari\u00e9s est inf\u00e9rieur \u00e0 1 000 et dont 25 % au plus du capital est d\u00e9tenu par une autre entit\u00e9 ne remplissant pas la m\u00eame condition.\u003C\/p\u003E\u003Cdiv\u003E\u003Cdiv\u003E\u003Cdiv class=\u0022msocomtxt\u0022 id=\u0022_com_2\u0022 language=\u0022JavaScript\u0022 onmouseout=\u0022msoCommentHide(\u0026apos;_com_2\u0026apos;)\u0022 onmouseover=\u0022msoCommentShow(\u0026apos;_anchor_2\u0026apos;,\u0026apos;_com_2\u0026apos;)\u0022\u003E\u003Cp class=\u0022MsoCommentText\u0022\u003E\u0026nbsp;\u003C\/p\u003E\u003C\/div\u003E\u003C\/div\u003E\u003C\/div\u003E\u003Ctable class=\u0022MsoTableGrid\u0022 width=\u0022604\u0022\u003E\u003Ctbody\u003E\u003Ctr\u003E\u003Ctd colspan=\u00222\u0022 valign=\u0022top\u0022\u003E\u003Cp align=\u0022center\u0022\u003E\u003Cstrong\u003EBREVETS EUROP\u00c9ENS\u003C\/strong\u003E\u003C\/p\u003E\u003C\/td\u003E\u003C\/tr\u003E\u003Ctr\u003E\u003Ctd valign=\u0022top\u0022\u003E\u003Cp\u003EPublication de traduction ou de traduction r\u00e9vis\u00e9e des revendications d\u0027une demande de brevet ou des revendications d\u0027un de brevet europ\u00e9en\u003C\/p\u003E\u003C\/td\u003E\u003Ctd valign=\u0022top\u0022\u003E\u003Cp align=\u0022center\u0022\u003E36 \u20ac\u003C\/p\u003E\u003C\/td\u003E\u003C\/tr\u003E\u003Ctr\u003E\u003Ctd valign=\u0022top\u0022\u003E\u003Cp\u003E\u00c9tablissement et transmission de copies de la demande de brevet europ\u00e9en aux \u00c9tats destinataires\u003C\/p\u003E\u003C\/td\u003E\u003Ctd valign=\u0022top\u0022\u003E\u003Cp align=\u0022center\u0022\u003E26 \u20ac\u003C\/p\u003E\u003C\/td\u003E\u003C\/tr\u003E\u003Ctr\u003E\u003Ctd valign=\u0022top\u0022\u003E\u003Cp\u003EEn plus par page et par exemplaire\u003C\/p\u003E\u003C\/td\u003E\u003Ctd valign=\u0022top\u0022\u003E\u003Cp align=\u0022center\u0022\u003E0,75 \u20ac\u003C\/p\u003E\u003C\/td\u003E\u003C\/tr\u003E\u003Ctr\u003E\u003Ctd colspan=\u00222\u0022 valign=\u0022top\u0022\u003E\u003Cp align=\u0022center\u0022\u003E\u003Cstrong\u003EDEMANDES INTERNATIONALES (PCT)\u003C\/strong\u003E\u003C\/p\u003E\u003C\/td\u003E\u003C\/tr\u003E\u003Ctr\u003E\u003Ctd valign=\u0022top\u0022\u003E\u003Cp\u003ETransmission d\u0027une demande internationale\u003C\/p\u003E\u003C\/td\u003E\u003Ctd valign=\u0022top\u0022\u003E\u003Cp align=\u0022center\u0022\u003E62 \u20ac\u003C\/p\u003E\u003C\/td\u003E\u003C\/tr\u003E\u003Ctr\u003E\u003Ctd valign=\u0022top\u0022\u003E\u003Cp\u003EPr\u00e9paration d\u0027exemplaires compl\u00e9mentaires : par page et par exemplaire\u003C\/p\u003E\u003C\/td\u003E\u003Ctd valign=\u0022top\u0022\u003E\u003Cp align=\u0022center\u0022\u003E0,75 \u20ac\u003C\/p\u003E\u003C\/td\u003E\u003C\/tr\u003E\u003Ctr\u003E\u003Ctd valign=\u0022top\u0022\u003E\u003Cp\u003ESuppl\u00e9ment pour paiement tardif\u003C\/p\u003E\u003C\/td\u003E\u003Ctd valign=\u0022top\u0022\u003E\u003Cp align=\u0022center\u0022\u003E50 % des taxes impay\u00e9es avec un min de 62 \u20ac et un max correspondant \u00e0 50 % de la taxe internationale de d\u00e9p\u00f4t\u003C\/p\u003E\u003C\/td\u003E\u003C\/tr\u003E\u003Ctr\u003E\u003Ctd colspan=\u00222\u0022 valign=\u0022top\u0022\u003E\u003Cp align=\u0022center\u0022\u003E\u003Cstrong\u003EMARQUES DE FABRIQUE, DE COMMERCE OU DE SERVICE\u003C\/strong\u003E\u003C\/p\u003E\u003C\/td\u003E\u003C\/tr\u003E\u003Ctr\u003E\u003Ctd valign=\u0022top\u0022\u003E\u003Cp\u003ED\u00e9p\u00f4t pour une classe\u003C\/p\u003E\u003C\/td\u003E\u003Ctd valign=\u0022top\u0022\u003E\u003Cp align=\u0022center\u0022\u003E190 \u20ac\u003C\/p\u003E\u003C\/td\u003E\u003C\/tr\u003E\u003Ctr\u003E\u003Ctd valign=\u0022top\u0022\u003E\u003Cp\u003ED\u00e9p\u00f4t pour une classe (marque collective ou marque de garantie)\u003C\/p\u003E\u003C\/td\u003E\u003Ctd valign=\u0022top\u0022\u003E\u003Cp align=\u0022center\u0022\u003E350 \u20ac\u003C\/p\u003E\u003C\/td\u003E\u003C\/tr\u003E\u003Ctr\u003E\u003Ctd valign=\u0022top\u0022\u003E\u003Cp\u003ED\u00e9p\u00f4t par classe de produit ou de services (au-del\u00e0 de la premi\u00e8re)\u003C\/p\u003E\u003C\/td\u003E\u003Ctd valign=\u0022top\u0022\u003E\u003Cp align=\u0022center\u0022\u003E40 \u20ac\u003C\/p\u003E\u003C\/td\u003E\u003C\/tr\u003E\u003Ctr\u003E\u003Ctd valign=\u0022top\u0022\u003E\u003Cp\u003ER\u00e9gularisation, rectification d\u0027erreur mat\u00e9rielle\u003C\/p\u003E\u003C\/td\u003E\u003Ctd valign=\u0022top\u0022\u003E\u003Cp align=\u0022center\u0022\u003E104 \u20ac\u003C\/p\u003E\u003C\/td\u003E\u003C\/tr\u003E\u003Ctr\u003E\u003Ctd valign=\u0022top\u0022\u003E\u003Cp\u003EOpposition\u003C\/p\u003E\u003C\/td\u003E\u003Ctd valign=\u0022top\u0022\u003E\u003Cp align=\u0022center\u0022\u003E400 \u20ac\u003C\/p\u003E\u003C\/td\u003E\u003C\/tr\u003E\u003Ctr\u003E\u003Ctd valign=\u0022top\u0022\u003E\u003Cp\u003EOpposition par droit suppl\u00e9mentaire invoqu\u00e9 (au-del\u00e0 du premier)\u003C\/p\u003E\u003C\/td\u003E\u003Ctd valign=\u0022top\u0022\u003E\u003Cp align=\u0022center\u0022\u003E150 \u20ac\u003C\/p\u003E\u003C\/td\u003E\u003C\/tr\u003E\u003Ctr\u003E\u003Ctd valign=\u0022top\u0022\u003E\u003Cp\u003ERequ\u00eate en nullit\u00e9 ou d\u00e9ch\u00e9ance\u003C\/p\u003E\u003C\/td\u003E\u003Ctd valign=\u0022top\u0022\u003E\u003Cp align=\u0022center\u0022\u003E600 \u20ac\u003C\/p\u003E\u003C\/td\u003E\u003C\/tr\u003E\u003Ctr\u003E\u003Ctd valign=\u0022top\u0022\u003E\u003Cp\u003ERequ\u00eate en nullit\u00e9 ou d\u00e9ch\u00e9ance par droit suppl\u00e9mentaire invoqu\u00e9 en nullit\u00e9 (au-del\u00e0 du premier)\u003C\/p\u003E\u003C\/td\u003E\u003Ctd valign=\u0022top\u0022\u003E\u003Cp align=\u0022center\u0022\u003E150 \u20ac\u003C\/p\u003E\u003C\/td\u003E\u003C\/tr\u003E\u003Ctr\u003E\u003Ctd valign=\u0022top\u0022\u003E\u003Cp\u003EDivision de la demande d\u2019enregistrement ou de l\u2019enregistrement\u003C\/p\u003E\u003C\/td\u003E\u003Ctd valign=\u0022top\u0022\u003E\u003Cp align=\u0022center\u0022\u003E150 \u20ac\u003C\/p\u003E\u003C\/td\u003E\u003C\/tr\u003E\u003Ctr\u003E\u003Ctd valign=\u0022top\u0022\u003E\u003Cp\u003ERenouvellement pour une classe\u003C\/p\u003E\u003C\/td\u003E\u003Ctd valign=\u0022top\u0022\u003E\u003Cp align=\u0022center\u0022\u003E290 \u20ac\u003C\/p\u003E\u003C\/td\u003E\u003C\/tr\u003E\u003Ctr\u003E\u003Ctd valign=\u0022top\u0022\u003E\u003Cp\u003ERenouvellement pour une classe (marque collective ou marque de garantie)\u003C\/p\u003E\u003C\/td\u003E\u003Ctd valign=\u0022top\u0022\u003E\u003Cp align=\u0022center\u0022\u003E450 \u20ac\u003C\/p\u003E\u003C\/td\u003E\u003C\/tr\u003E\u003Ctr\u003E\u003Ctd valign=\u0022top\u0022\u003E\u003Cp\u003ERenouvellement par classe de produit ou de services (au-del\u00e0 de la premi\u00e8re)\u003C\/p\u003E\u003C\/td\u003E\u003Ctd valign=\u0022top\u0022\u003E\u003Cp align=\u0022center\u0022\u003E40 \u20ac\u003C\/p\u003E\u003C\/td\u003E\u003C\/tr\u003E\u003Ctr\u003E\u003Ctd\u003E\u003Cp\u003E\u003Ca\u003ESuppl\u00e9ment pour renouvellement tardif ou paiement tardif de la redevance de renouvellement\u003C\/a\u003E\u003C\/p\u003E\u003C\/td\u003E\u003Ctd valign=\u0022top\u0022\u003E\u003Cp align=\u0022center\u0022\u003E50% de la redevance correspondante due\u003C\/p\u003E\u003C\/td\u003E\u003C\/tr\u003E\u003Ctr\u003E\u003Ctd valign=\u0022top\u0022\u003E\u003Cp\u003EDemande d\u0027inscription au registre international des marques\u003C\/p\u003E\u003C\/td\u003E\u003Ctd valign=\u0022top\u0022\u003E\u003Cp align=\u0022center\u0022\u003E62 \u20ac\u003C\/p\u003E\u003C\/td\u003E\u003C\/tr\u003E\u003Ctr\u003E\u003Ctd valign=\u0022top\u0022\u003E\u003Cp\u003ERequ\u00eate en relev\u00e9 de d\u00e9ch\u00e9ance\u003C\/p\u003E\u003C\/td\u003E\u003Ctd valign=\u0022top\u0022\u003E\u003Cp align=\u0022center\u0022\u003E156 \u20ac\u003C\/p\u003E\u003C\/td\u003E\u003C\/tr\u003E\u003Ctr\u003E\u003Ctd colspan=\u00222\u0022 valign=\u0022top\u0022\u003E\u003Cp align=\u0022center\u0022\u003E\u003Cstrong\u003EDESSINS ET MOD\u00c8LES\u003C\/strong\u003E\u003C\/p\u003E\u003C\/td\u003E\u003C\/tr\u003E\u003Ctr\u003E\u003Ctd valign=\u0022top\u0022\u003E\u003Cp\u003ED\u00e9p\u00f4t du dossier de demande d\u0027enregistrement\u003C\/p\u003E\u003C\/td\u003E\u003Ctd valign=\u0022top\u0022\u003E\u003Cp align=\u0022center\u0022\u003E39 \u20ac\u003C\/p\u003E\u003C\/td\u003E\u003C\/tr\u003E\u003Ctr\u003E\u003Ctd valign=\u0022top\u0022\u003E\u003Cp\u003ESuppl\u00e9ment par reproduction d\u00e9pos\u00e9e en noir et blanc\u003C\/p\u003E\u003C\/td\u003E\u003Ctd valign=\u0022top\u0022\u003E\u003Cp align=\u0022center\u0022\u003E23 \u20ac\u003C\/p\u003E\u003C\/td\u003E\u003C\/tr\u003E\u003Ctr\u003E\u003Ctd valign=\u0022top\u0022\u003E\u003Cp\u003ESuppl\u00e9ment par reproduction d\u00e9pos\u00e9e en couleur\u003C\/p\u003E\u003C\/td\u003E\u003Ctd valign=\u0022top\u0022\u003E\u003Cp align=\u0022center\u0022\u003E47 \u20ac\u003C\/p\u003E\u003C\/td\u003E\u003C\/tr\u003E\u003Ctr\u003E\u003Ctd valign=\u0022top\u0022\u003E\u003Cp\u003EProrogation de protection (par d\u00e9p\u00f4t)\u003C\/p\u003E\u003C\/td\u003E\u003Ctd valign=\u0022top\u0022\u003E\u003Cp align=\u0022center\u0022\u003E52 \u20ac\u003C\/p\u003E\u003C\/td\u003E\u003C\/tr\u003E\u003Ctr\u003E\u003Ctd\u003E\u003Cp\u003ESuppl\u00e9ment pour prorogation tardive ou paiement tardif de la redevance de prorogation\u003C\/p\u003E\u003C\/td\u003E\u003Ctd valign=\u0022top\u0022\u003E\u003Cp align=\u0022center\u0022\u003E50% de la redevance correspondante due\u003C\/p\u003E\u003C\/td\u003E\u003C\/tr\u003E\u003Ctr\u003E\u003Ctd valign=\u0022top\u0022\u003E\u003Cp\u003ER\u00e9gularisation, rectification d\u0027erreur mat\u00e9rielle, requ\u00eate en relev\u00e9 de d\u00e9ch\u00e9ance\u003C\/p\u003E\u003C\/td\u003E\u003Ctd valign=\u0022top\u0022\u003E\u003Cp align=\u0022center\u0022\u003E78 \u20ac\u003C\/p\u003E\u003C\/td\u003E\u003C\/tr\u003E\u003Ctr\u003E\u003Ctd colspan=\u00222\u0022 valign=\u0022top\u0022\u003E\u003Cp align=\u0022center\u0022\u003E\u003Cstrong\u003EREDEVANCE COMMUNE AUX BREVETS D\u2019INVENTION, CERTIFICATS D\u2019UTILIT\u00c9, CERTFICATS COMPL\u00c9MENTAIRES DE PROTECTION, LOGICIELS, MARQUES, DESSINS ET MOD\u00c8LES-PALMAR\u00c8S ET R\u00c9COMPENSES\u003C\/strong\u003E\u003C\/p\u003E\u003C\/td\u003E\u003C\/tr\u003E\u003Ctr\u003E\u003Ctd valign=\u0022top\u0022\u003E\u003Cp\u003ESuppl\u00e9ment pour requ\u00eate tardive, paiement tardif ou accomplissement tardif d\u0027une formalit\u00e9\u003C\/p\u003E\u003C\/td\u003E\u003Ctd valign=\u0022top\u0022\u003E\u003Cp align=\u0022center\u0022\u003E50 % de la redevance correspondante due\u003C\/p\u003E\u003C\/td\u003E\u003C\/tr\u003E\u003Ctr\u003E\u003Ctd valign=\u0022top\u0022\u003E\u003Cp\u003ERenonciation\u003C\/p\u003E\u003C\/td\u003E\u003Ctd valign=\u0022top\u0022\u003E\u003Cp align=\u0022center\u0022\u003E27 \u20ac\u003C\/p\u003E\u003C\/td\u003E\u003C\/tr\u003E\u003Ctr\u003E\u003Ctd valign=\u0022top\u0022\u003E\u003Cp\u003EInscription d\u0027un changement de nom, de forme juridique ou d\u0027adresse\u003C\/p\u003E\u003C\/td\u003E\u003Ctd valign=\u0022top\u0022\u003E\u003Cp align=\u0022center\u0022\u003EGratuit\u003C\/p\u003E\u003C\/td\u003E\u003C\/tr\u003E\u003Ctr\u003E\u003Ctd\u003E\u003Cp\u003EDemande d\u0027inscription sur le registre national (par titre)\u003C\/p\u003E\u003C\/td\u003E\u003Ctd valign=\u0022top\u0022\u003E\u003Cp align=\u0022center\u0022\u003E27 \u20ac avec un maximum de 270 \u20ac lorsqu\u0027une demande d\u0027inscription vise plusieurs titres\u003C\/p\u003E\u003C\/td\u003E\u003C\/tr\u003E\u003Ctr\u003E\u003Ctd valign=\u0022top\u0022\u003E\u003Cp\u003ESuppl\u00e9ment pour traitement acc\u00e9l\u00e9r\u00e9 d\u0027une demande d\u0027inscription (par titre)\u003C\/p\u003E\u003C\/td\u003E\u003Ctd valign=\u0022top\u0022\u003E\u003Cp align=\u0022center\u0022\u003E52 \u20ac\u003C\/p\u003E\u003C\/td\u003E\u003C\/tr\u003E\u003Ctr\u003E\u003Ctd valign=\u0022top\u0022\u003E\u003Cp\u003ERenonciation\u003C\/p\u003E\u003C\/td\u003E\u003Ctd valign=\u0022top\u0022\u003E\u003Cp align=\u0022center\u0022\u003E27 \u20ac\u003C\/p\u003E\u003C\/td\u003E\u003C\/tr\u003E\u003Ctr\u003E\u003Ctd colspan=\u00222\u0022 valign=\u0022top\u0022\u003E\u003Cp align=\u0022center\u0022\u003E\u003Cstrong\u003EINDICATIONS G\u00c9OGRAPHIQUES\u003C\/strong\u003E\u003C\/p\u003E\u003C\/td\u003E\u003C\/tr\u003E\u003Ctr\u003E\u003Ctd valign=\u0022top\u0022\u003E\u003Cp\u003EDemande d\u0027homologation de cahier des charges d\u0027indication g\u00e9ographique\u003C\/p\u003E\u003C\/td\u003E\u003Ctd valign=\u0022top\u0022\u003E\u003Cp align=\u0022center\u0022\u003E350 \u20ac\u003C\/p\u003E\u003C\/td\u003E\u003C\/tr\u003E\u003Ctr\u003E\u003Ctd valign=\u0022top\u0022\u003E\u003Cp\u003EDemande de modification du cahier des charges homologu\u00e9\u003C\/p\u003E\u003C\/td\u003E\u003Ctd valign=\u0022top\u0022\u003E\u003Cp align=\u0022center\u0022\u003E350 \u20ac\u003C\/p\u003E\u003C\/td\u003E\u003C\/tr\u003E\u003Ctr\u003E\u003Ctd colspan=\u00222\u0022 valign=\u0022top\u0022\u003E\u003Cp align=\u0022center\u0022\u003E\u003Cstrong\u003EDROITS VOISINS DE LA PROPRIETE INTELLECTUELLE\u003C\/strong\u003E\u003C\/p\u003E\u003C\/td\u003E\u003C\/tr\u003E\u003Ctr\u003E\u003Ctd valign=\u0022top\u0022\u003E\u003Cp\u003ETopographie de produits semi-conducteurs\u0026nbsp;: d\u00e9p\u00f4t et conservation\u003C\/p\u003E\u003C\/td\u003E\u003Ctd valign=\u0022top\u0022\u003E\u003Cp align=\u0022center\u0022\u003E79 \u20ac\u003C\/p\u003E\u003C\/td\u003E\u003C\/tr\u003E\u003Ctr\u003E\u003Ctd valign=\u0022top\u0022\u003E\u003Cp\u003ETopographie de produits semi-conducteurs : inscription d\u2019un acte modifiant ou transmettant des droits\u003C\/p\u003E\u003C\/td\u003E\u003Ctd valign=\u0022top\u0022\u003E\u003Cp align=\u0022center\u0022\u003E27 \u20ac\u003C\/p\u003E\u003C\/td\u003E\u003C\/tr\u003E\u003C\/tbody\u003E\u003C\/table\u003E                                            \u003Cp\u003E\u003Cbr \/\u003E\u003Cstrong\u003ESource :\u003C\/strong\u003E\u003Cstrong\u003E\u00a0\u003C\/strong\u003E\u003C\/p\u003E\u003Cul\u003E\u003Cli\u003E\u003Ca href=\u0022https:\/\/www.inpi.fr\/tarifs\u0022 target=\u0022_blank\u0022 rel=\u0022noopener\u0022\u003Ehttps:\/\/www.inpi.fr\/tarifs\u003C\/a\u003E\u003C\/li\u003E\u003Cli\u003E\u003Ca href=\u0022https:\/\/www.legifrance.gouv.fr\/loda\/id\/LEGIARTI000019455532\/#LEGIARTI000019455532\u0022 target=\u0022_blank\u0022 rel=\u0022noopener\u0022\u003EArr\u00eat\u00e9 du 24 avril 2008 relatif aux redevances de proc\u00e9dures per\u00e7ues par l\u0027Institut national de la propri\u00e9t\u00e9 industrielle\u003C\/a\u003E\u003C\/li\u003E\u003Cli\u003E\u003Ca href=\u0022https:\/\/www.legifrance.gouv.fr\/jorf\/id\/JORFTEXT000047387399\u0022 target=\u0022_blank\u0022 rel=\u0022noopener\u0022\u003EArr\u00eat\u00e9 du 24 mars 2023 relatif aux redevances de proc\u00e9dures per\u00e7ues par l\u0027Institut national de la propri\u00e9t\u00e9 industrielle\u003C\/a\u003E\u003C\/li\u003E\u003C\/ul\u003E\u003C\/div\u003E","annee":"2025","theme":" Indices, taux, bar\u00e8mes juridiques","activites":["Tout secteur"],"image":"https:\/\/www.weblex.fr\/sites\/default\/files\/chiffres_clef\/Shutterstock_redevancesinpi.jpg","created":"2025-12-19","modified":"2026-01-27"},{"url":"\/chiffres-cles\/tarifs-des-commissaires-de-justice-anciens-huissiers-de-justice-informations-des-parties-et-des-tiers-2025","id":27129,"title":"Tarifs des commissaires de justice (anciens huissiers de justice) \u2013 Informations des parties et des tiers - 2025","content":"\u003Cdiv\u003E                                              \u003Ch2\u003EDu 1er mars 2024 au 28 f\u00e9vrier 2026\u003C\/h2\u003E\u003Cp\u003ELes prestations mentionn\u00e9es ci-dessous donnent lieu \u00e0 la perception des \u00e9moluments suivants\u202f:\u003C\/p\u003E\u003Ctable aria-rowcount=\u00225\u0022 border=\u00221\u0022 data-tablelook=\u00221184\u0022 data-tablestyle=\u0022MsoTableGrid\u0022\u003E\u003Ctbody\u003E\u003Ctr aria-rowindex=\u00221\u0022 role=\u0022row\u0022\u003E\u003Ctd data-celllook=\u00220\u0022 role=\u0022rowheader\u0022\u003E\u003Cp paraeid=\u0022{f93b10f4-39b3-4c65-b56a-f152a53933a0}{1}\u0022 paraid=\u0022486411466\u0022\u003ED\u00c9SIGNATION DE LA PRESTATION\u0026nbsp;\u003C\/p\u003E\u003C\/td\u003E\u003Ctd data-celllook=\u00220\u0022 role=\u0022columnheader\u0022\u003E\u003Cp paraeid=\u0022{f93b10f4-39b3-4c65-b56a-f152a53933a0}{8}\u0022 paraid=\u0022486411467\u0022\u003E\u00c9MOLUMENT\u0026nbsp;\u003C\/p\u003E\u003C\/td\u003E\u003C\/tr\u003E\u003Ctr aria-rowindex=\u00222\u0022 role=\u0022row\u0022\u003E\u003Ctd data-celllook=\u00220\u0022 role=\u0022rowheader\u0022\u003E\u003Cp paraeid=\u0022{f93b10f4-39b3-4c65-b56a-f152a53933a0}{16}\u0022 paraid=\u0022486411469\u0022\u003EAssignation\u0026nbsp;\u003C\/p\u003E\u003C\/td\u003E\u003Ctd data-celllook=\u00220\u0022\u003E\u003Cp paraeid=\u0022{f93b10f4-39b3-4c65-b56a-f152a53933a0}{23}\u0022 paraid=\u0022486411470\u0022\u003E18,28 \u20ac\u0026nbsp;\u003C\/p\u003E\u003C\/td\u003E\u003C\/tr\u003E\u003Ctr aria-rowindex=\u00223\u0022 role=\u0022row\u0022\u003E\u003Ctd data-celllook=\u00220\u0022 role=\u0022rowheader\u0022\u003E\u003Cp paraeid=\u0022{f93b10f4-39b3-4c65-b56a-f152a53933a0}{37}\u0022 paraid=\u0022486411472\u0022\u003ESignification de d\u00e9cision de justice\u0026nbsp;\u003C\/p\u003E\u003C\/td\u003E\u003Ctd data-celllook=\u00220\u0022\u003E\u003Cp paraeid=\u0022{f93b10f4-39b3-4c65-b56a-f152a53933a0}{44}\u0022 paraid=\u0022486411473\u0022\u003E25,79 \u20ac\u0026nbsp;\u003C\/p\u003E\u003C\/td\u003E\u003C\/tr\u003E\u003Ctr aria-rowindex=\u00224\u0022 role=\u0022row\u0022\u003E\u003Ctd data-celllook=\u00220\u0022 role=\u0022rowheader\u0022\u003E\u003Cp paraeid=\u0022{f93b10f4-39b3-4c65-b56a-f152a53933a0}{58}\u0022 paraid=\u0022486411475\u0022\u003ESignification des autres titres ex\u00e9cutoires\u0026nbsp;\u003C\/p\u003E\u003C\/td\u003E\u003Ctd data-celllook=\u00220\u0022\u003E\u003Cp paraeid=\u0022{f93b10f4-39b3-4c65-b56a-f152a53933a0}{65}\u0022 paraid=\u0022486411476\u0022\u003E25,79 \u20ac\u0026nbsp;\u003C\/p\u003E\u003C\/td\u003E\u003C\/tr\u003E\u003Ctr aria-rowindex=\u00225\u0022 role=\u0022row\u0022\u003E\u003Ctd data-celllook=\u00220\u0022 role=\u0022rowheader\u0022\u003E\u003Cp paraeid=\u0022{f93b10f4-39b3-4c65-b56a-f152a53933a0}{79}\u0022 paraid=\u0022486411478\u0022\u003ESignification de requ\u00eate et d\u0027ordonnance d\u0027injonction de payer\u0026nbsp;\u003C\/p\u003E\u003C\/td\u003E\u003Ctd data-celllook=\u00220\u0022\u003E\u003Cp paraeid=\u0022{f93b10f4-39b3-4c65-b56a-f152a53933a0}{86}\u0022 paraid=\u0022486411479\u0022\u003E25,79 \u20ac\u0026nbsp;\u003C\/p\u003E\u003C\/td\u003E\u003C\/tr\u003E\u003C\/tbody\u003E\u003C\/table\u003E\u003Cp paraeid=\u0022{f93b10f4-39b3-4c65-b56a-f152a53933a0}{102}\u0022 paraid=\u0022486411481\u0022\u003ELes prestations mentionn\u00e9es ci-dessous donnent lieu \u00e0 la perception des \u00e9moluments suivants\u202f:\u0026nbsp;\u003C\/p\u003E\u003Ctable aria-rowcount=\u002237\u0022 border=\u00221\u0022 data-tablelook=\u00221184\u0022 data-tablestyle=\u0022MsoTableGrid\u0022\u003E\u003Ctbody\u003E\u003Ctr aria-rowindex=\u00221\u0022 role=\u0022row\u0022\u003E\u003Ctd data-celllook=\u00220\u0022 role=\u0022rowheader\u0022\u003E\u003Cp paraeid=\u0022{f93b10f4-39b3-4c65-b56a-f152a53933a0}{114}\u0022 paraid=\u0022486411482\u0022\u003ED\u00c9SIGNATION DE LA PRESTATION\u0026nbsp;\u003C\/p\u003E\u003C\/td\u003E\u003Ctd data-celllook=\u00220\u0022 role=\u0022columnheader\u0022\u003E\u003Cp paraeid=\u0022{f93b10f4-39b3-4c65-b56a-f152a53933a0}{121}\u0022 paraid=\u0022486411483\u0022\u003E\u00c9MOLUMENT\u0026nbsp;\u003C\/p\u003E\u003C\/td\u003E\u003C\/tr\u003E\u003Ctr aria-rowindex=\u00222\u0022 role=\u0022row\u0022\u003E\u003Ctd data-celllook=\u00220\u0022 role=\u0022rowheader\u0022\u003E\u003Cp paraeid=\u0022{f93b10f4-39b3-4c65-b56a-f152a53933a0}{129}\u0022 paraid=\u0022486411485\u0022\u003ED\u00e9nonciation de saisie-attribution\u0026nbsp;\u003C\/p\u003E\u003C\/td\u003E\u003Ctd data-celllook=\u00220\u0022\u003E\u003Cp paraeid=\u0022{f93b10f4-39b3-4c65-b56a-f152a53933a0}{136}\u0022 paraid=\u0022486411486\u0022\u003E33,31 \u20ac\u0026nbsp;\u003C\/p\u003E\u003C\/td\u003E\u003C\/tr\u003E\u003Ctr aria-rowindex=\u00223\u0022 role=\u0022row\u0022\u003E\u003Ctd data-celllook=\u00220\u0022 role=\u0022rowheader\u0022\u003E\u003Cp paraeid=\u0022{f93b10f4-39b3-4c65-b56a-f152a53933a0}{146}\u0022 paraid=\u0022486411488\u0022\u003ESignification au tiers saisi de l\u0027acquiescement du d\u00e9biteur\u0026nbsp;\u003C\/p\u003E\u003C\/td\u003E\u003Ctd data-celllook=\u00220\u0022\u003E\u003Cp paraeid=\u0022{f93b10f4-39b3-4c65-b56a-f152a53933a0}{153}\u0022 paraid=\u0022486411489\u0022\u003E27,94 \u20ac\u0026nbsp;\u003C\/p\u003E\u003C\/td\u003E\u003C\/tr\u003E\u003Ctr aria-rowindex=\u00224\u0022 role=\u0022row\u0022\u003E\u003Ctd data-celllook=\u00220\u0022 role=\u0022rowheader\u0022\u003E\u003Cp paraeid=\u0022{f93b10f4-39b3-4c65-b56a-f152a53933a0}{163}\u0022 paraid=\u0022486411491\u0022\u003ESignification au tiers saisi du certificat de non-contestation\u0026nbsp;\u003C\/p\u003E\u003C\/td\u003E\u003Ctd data-celllook=\u00220\u0022\u003E\u003Cp paraeid=\u0022{f93b10f4-39b3-4c65-b56a-f152a53933a0}{170}\u0022 paraid=\u0022486411492\u0022\u003E27,94 \u20ac\u0026nbsp;\u003C\/p\u003E\u003C\/td\u003E\u003C\/tr\u003E\u003Ctr aria-rowindex=\u00225\u0022 role=\u0022row\u0022\u003E\u003Ctd data-celllook=\u00220\u0022 role=\u0022rowheader\u0022\u003E\u003Cp paraeid=\u0022{f93b10f4-39b3-4c65-b56a-f152a53933a0}{180}\u0022 paraid=\u0022486411494\u0022\u003ED\u00e9nonciation au d\u00e9biteur de la saisie-vente pratiqu\u00e9e entre les mains d\u0027un tiers d\u00e9tenteur\u0026nbsp;\u003C\/p\u003E\u003C\/td\u003E\u003Ctd data-celllook=\u00220\u0022\u003E\u003Cp paraeid=\u0022{f93b10f4-39b3-4c65-b56a-f152a53933a0}{187}\u0022 paraid=\u0022486411495\u0022\u003E33,31 \u20ac\u0026nbsp;\u003C\/p\u003E\u003C\/td\u003E\u003C\/tr\u003E\u003Ctr aria-rowindex=\u00226\u0022 role=\u0022row\u0022\u003E\u003Ctd data-celllook=\u00220\u0022 role=\u0022rowheader\u0022\u003E\u003Cp paraeid=\u0022{f93b10f4-39b3-4c65-b56a-f152a53933a0}{197}\u0022 paraid=\u0022486411497\u0022\u003ED\u00e9nonciation d\u0027opposition au cr\u00e9ancier premier saisissant et au d\u00e9biteur\u0026nbsp;\u003C\/p\u003E\u003C\/td\u003E\u003Ctd data-celllook=\u00220\u0022\u003E\u003Cp paraeid=\u0022{f93b10f4-39b3-4c65-b56a-f152a53933a0}{204}\u0022 paraid=\u0022486411498\u0022\u003E24,72 \u20ac\u0026nbsp;\u003C\/p\u003E\u003C\/td\u003E\u003C\/tr\u003E\u003Ctr aria-rowindex=\u00227\u0022 role=\u0022row\u0022\u003E\u003Ctd data-celllook=\u00220\u0022 role=\u0022rowheader\u0022\u003E\u003Cp paraeid=\u0022{f93b10f4-39b3-4c65-b56a-f152a53933a0}{214}\u0022 paraid=\u0022486411500\u0022\u003ED\u00e9nonciation d\u0027opposition et sommation au cr\u00e9ancier premier saisissant de notifier toute proposition amiable de vente\u0026nbsp;\u003C\/p\u003E\u003C\/td\u003E\u003Ctd data-celllook=\u00220\u0022\u003E\u003Cp paraeid=\u0022{f93b10f4-39b3-4c65-b56a-f152a53933a0}{221}\u0022 paraid=\u0022486411501\u0022\u003E27,94 \u20ac\u0026nbsp;\u003C\/p\u003E\u003C\/td\u003E\u003C\/tr\u003E\u003Ctr aria-rowindex=\u00228\u0022 role=\u0022row\u0022\u003E\u003Ctd data-celllook=\u00220\u0022 role=\u0022rowheader\u0022\u003E\u003Cp paraeid=\u0022{f93b10f4-39b3-4c65-b56a-f152a53933a0}{231}\u0022 paraid=\u0022486411503\u0022\u003ESommation au cr\u00e9ancier premier saisissant de proc\u00e9der aux formalit\u00e9s de mise en vente forc\u00e9e\u0026nbsp;\u003C\/p\u003E\u003C\/td\u003E\u003Ctd data-celllook=\u00220\u0022\u003E\u003Cp paraeid=\u0022{f93b10f4-39b3-4c65-b56a-f152a53933a0}{238}\u0022 paraid=\u0022486411504\u0022\u003E20,42 \u20ac\u0026nbsp;\u003C\/p\u003E\u003C\/td\u003E\u003C\/tr\u003E\u003Ctr aria-rowindex=\u00229\u0022 role=\u0022row\u0022\u003E\u003Ctd data-celllook=\u00220\u0022 role=\u0022rowheader\u0022\u003E\u003Cp paraeid=\u0022{f93b10f4-39b3-4c65-b56a-f152a53933a0}{248}\u0022 paraid=\u0022486411506\u0022\u003ESignification de la date de vente au d\u00e9biteur\u0026nbsp;\u003C\/p\u003E\u003C\/td\u003E\u003Ctd data-celllook=\u00220\u0022\u003E\u003Cp paraeid=\u0022{f93b10f4-39b3-4c65-b56a-f152a53933a0}{255}\u0022 paraid=\u0022486411507\u0022\u003E20,42 \u20ac\u0026nbsp;\u003C\/p\u003E\u003C\/td\u003E\u003C\/tr\u003E\u003Ctr aria-rowindex=\u002210\u0022 role=\u0022row\u0022\u003E\u003Ctd data-celllook=\u00220\u0022 role=\u0022rowheader\u0022\u003E\u003Cp paraeid=\u0022{343f417b-e16d-4669-9e56-1ffcf7a7e57f}{10}\u0022 paraid=\u0022486411509\u0022\u003ED\u00e9nonciation au d\u00e9biteur du proc\u00e8s-verbal d\u0027indisponibilit\u00e9 du certificat d\u0027immatriculation\u0026nbsp;\u003C\/p\u003E\u003C\/td\u003E\u003Ctd data-celllook=\u00220\u0022\u003E\u003Cp paraeid=\u0022{343f417b-e16d-4669-9e56-1ffcf7a7e57f}{17}\u0022 paraid=\u0022486411510\u0022\u003E33,31 \u20ac\u0026nbsp;\u003C\/p\u003E\u003C\/td\u003E\u003C\/tr\u003E\u003Ctr aria-rowindex=\u002211\u0022 role=\u0022row\u0022\u003E\u003Ctd data-celllook=\u00220\u0022 role=\u0022rowheader\u0022\u003E\u003Cp paraeid=\u0022{343f417b-e16d-4669-9e56-1ffcf7a7e57f}{27}\u0022 paraid=\u0022486411512\u0022\u003ED\u00e9nonciation au d\u00e9biteur de la saisie des droits d\u0027associ\u00e9 et des valeurs mobili\u00e8res\u0026nbsp;\u003C\/p\u003E\u003C\/td\u003E\u003Ctd data-celllook=\u00220\u0022\u003E\u003Cp paraeid=\u0022{343f417b-e16d-4669-9e56-1ffcf7a7e57f}{34}\u0022 paraid=\u0022486411513\u0022\u003E33,31 \u20ac\u0026nbsp;\u003C\/p\u003E\u003C\/td\u003E\u003C\/tr\u003E\u003Ctr aria-rowindex=\u002212\u0022 role=\u0022row\u0022\u003E\u003Ctd data-celllook=\u00220\u0022 role=\u0022rowheader\u0022\u003E\u003Cp paraeid=\u0022{343f417b-e16d-4669-9e56-1ffcf7a7e57f}{44}\u0022 paraid=\u0022486411515\u0022\u003ESignification \u00e0 la soci\u00e9t\u00e9 ou \u00e0 la personne morale \u00e9mettrice d\u0027un certificat de non-contestation avec ordre de vente\u0026nbsp;\u003C\/p\u003E\u003C\/td\u003E\u003Ctd data-celllook=\u00220\u0022\u003E\u003Cp paraeid=\u0022{343f417b-e16d-4669-9e56-1ffcf7a7e57f}{51}\u0022 paraid=\u0022486411516\u0022\u003E27,94 \u20ac\u0026nbsp;\u003C\/p\u003E\u003C\/td\u003E\u003C\/tr\u003E\u003Ctr aria-rowindex=\u002213\u0022 role=\u0022row\u0022\u003E\u003Ctd data-celllook=\u00220\u0022 role=\u0022rowheader\u0022\u003E\u003Cp paraeid=\u0022{343f417b-e16d-4669-9e56-1ffcf7a7e57f}{61}\u0022 paraid=\u0022486411518\u0022\u003ESignification \u00e0 la soci\u00e9t\u00e9 du cahier des charges\u0026nbsp;\u003C\/p\u003E\u003C\/td\u003E\u003Ctd data-celllook=\u00220\u0022\u003E\u003Cp paraeid=\u0022{64fbceda-c84a-4cf0-ac93-2e1f921100ce}{48}\u0022 paraid=\u0022486411519\u0022\u003E27,94 \u20ac\u0026nbsp;\u003C\/p\u003E\u003C\/td\u003E\u003C\/tr\u003E\u003Ctr aria-rowindex=\u002214\u0022 role=\u0022row\u0022\u003E\u003Ctd data-celllook=\u00220\u0022 role=\u0022rowheader\u0022\u003E\u003Cp paraeid=\u0022{343f417b-e16d-4669-9e56-1ffcf7a7e57f}{80}\u0022 paraid=\u0022486411521\u0022\u003ESignification au d\u00e9biteur, \u00e0 la soci\u00e9t\u00e9 et aux autres cr\u00e9anciers opposants, s\u0027il y a lieu, de la date de vente de parts d\u0027associ\u00e9 et de valeurs mobili\u00e8res\u0026nbsp;\u003C\/p\u003E\u003C\/td\u003E\u003Ctd data-celllook=\u00220\u0022\u003E\u003Cp paraeid=\u0022{343f417b-e16d-4669-9e56-1ffcf7a7e57f}{87}\u0022 paraid=\u0022486411522\u0022\u003E20,42 \u20ac\u0026nbsp;\u003C\/p\u003E\u003C\/td\u003E\u003C\/tr\u003E\u003Ctr aria-rowindex=\u002215\u0022 role=\u0022row\u0022\u003E\u003Ctd data-celllook=\u00220\u0022 role=\u0022rowheader\u0022\u003E\u003Cp paraeid=\u0022{343f417b-e16d-4669-9e56-1ffcf7a7e57f}{97}\u0022 paraid=\u0022486411524\u0022\u003ESignification au d\u00e9biteur ou au cr\u00e9ancier saisissant du proc\u00e8s-verbal d\u0027expulsion\u0026nbsp;\u003C\/p\u003E\u003C\/td\u003E\u003Ctd data-celllook=\u00220\u0022\u003E\u003Cp paraeid=\u0022{64fbceda-c84a-4cf0-ac93-2e1f921100ce}{103}\u0022 paraid=\u0022486411525\u0022\u003E27,94\u0026nbsp;\u20ac\u0026nbsp;\u003C\/p\u003E\u003C\/td\u003E\u003C\/tr\u003E\u003Ctr aria-rowindex=\u002216\u0022 role=\u0022row\u0022\u003E\u003Ctd data-celllook=\u00220\u0022 role=\u0022rowheader\u0022\u003E\u003Cp paraeid=\u0022{343f417b-e16d-4669-9e56-1ffcf7a7e57f}{120}\u0022 paraid=\u0022486411527\u0022\u003ED\u00e9nonciation au d\u00e9biteur de la saisie conservatoire des cr\u00e9ances\u0026nbsp;\u003C\/p\u003E\u003C\/td\u003E\u003Ctd data-celllook=\u00220\u0022\u003E\u003Cp paraeid=\u0022{343f417b-e16d-4669-9e56-1ffcf7a7e57f}{127}\u0022 paraid=\u0022486411528\u0022\u003E33,31 \u20ac\u0026nbsp;\u003C\/p\u003E\u003C\/td\u003E\u003C\/tr\u003E\u003Ctr aria-rowindex=\u002217\u0022 role=\u0022row\u0022\u003E\u003Ctd data-celllook=\u00220\u0022 role=\u0022rowheader\u0022\u003E\u003Cp paraeid=\u0022{343f417b-e16d-4669-9e56-1ffcf7a7e57f}{139}\u0022 paraid=\u0022486411530\u0022\u003ED\u00e9nonciation au tiers des actes de poursuite de la proc\u00e9dure\u0026nbsp;\u003C\/p\u003E\u003C\/td\u003E\u003Ctd data-celllook=\u00220\u0022\u003E\u003Cp paraeid=\u0022{343f417b-e16d-4669-9e56-1ffcf7a7e57f}{146}\u0022 paraid=\u0022486411531\u0022\u003E33,31 \u20ac\u0026nbsp;\u003C\/p\u003E\u003C\/td\u003E\u003C\/tr\u003E\u003Ctr aria-rowindex=\u002218\u0022 role=\u0022row\u0022\u003E\u003Ctd data-celllook=\u00220\u0022 role=\u0022rowheader\u0022\u003E\u003Cp paraeid=\u0022{343f417b-e16d-4669-9e56-1ffcf7a7e57f}{158}\u0022 paraid=\u0022486411533\u0022\u003ESignification au tiers saisi de l\u0027acte de conversion en saisie-attribution de la saisie conservatoire des cr\u00e9ances avec demande de paiement\u0026nbsp;\u003C\/p\u003E\u003C\/td\u003E\u003Ctd data-celllook=\u00220\u0022\u003E\u003Cp paraeid=\u0022{343f417b-e16d-4669-9e56-1ffcf7a7e57f}{165}\u0022 paraid=\u0022486411534\u0022\u003E27,94 \u20ac\u0026nbsp;\u003C\/p\u003E\u003C\/td\u003E\u003C\/tr\u003E\u003Ctr aria-rowindex=\u002219\u0022 role=\u0022row\u0022\u003E\u003Ctd data-celllook=\u00220\u0022 role=\u0022rowheader\u0022\u003E\u003Cp paraeid=\u0022{343f417b-e16d-4669-9e56-1ffcf7a7e57f}{179}\u0022 paraid=\u0022486411536\u0022\u003ESignification au d\u00e9biteur de l\u0027acte de conversion en saisie-attribution de la saisie conservatoire des cr\u00e9ances\u0026nbsp;\u003C\/p\u003E\u003C\/td\u003E\u003Ctd data-celllook=\u00220\u0022\u003E\u003Cp paraeid=\u0022{343f417b-e16d-4669-9e56-1ffcf7a7e57f}{186}\u0022 paraid=\u0022486411537\u0022\u003E27,94 \u20ac\u0026nbsp;\u003C\/p\u003E\u003C\/td\u003E\u003C\/tr\u003E\u003Ctr aria-rowindex=\u002220\u0022 role=\u0022row\u0022\u003E\u003Ctd data-celllook=\u00220\u0022 role=\u0022rowheader\u0022\u003E\u003Cp paraeid=\u0022{343f417b-e16d-4669-9e56-1ffcf7a7e57f}{200}\u0022 paraid=\u0022486411539\u0022\u003ESignification au tiers saisi du certificat de non-contestation et sommation de payer\u0026nbsp;\u003C\/p\u003E\u003C\/td\u003E\u003Ctd data-celllook=\u00220\u0022\u003E\u003Cp paraeid=\u0022{343f417b-e16d-4669-9e56-1ffcf7a7e57f}{207}\u0022 paraid=\u0022486411540\u0022\u003E27,94 \u20ac\u0026nbsp;\u003C\/p\u003E\u003C\/td\u003E\u003C\/tr\u003E\u003Ctr aria-rowindex=\u002221\u0022 role=\u0022row\u0022\u003E\u003Ctd data-celllook=\u00220\u0022 role=\u0022rowheader\u0022\u003E\u003Cp paraeid=\u0022{343f417b-e16d-4669-9e56-1ffcf7a7e57f}{221}\u0022 paraid=\u0022486411542\u0022\u003ED\u00e9nonciation au d\u00e9biteur du proc\u00e8s-verbal de saisie conservatoire de meubles entre les mains d\u0027un tiers\u0026nbsp;\u003C\/p\u003E\u003C\/td\u003E\u003Ctd data-celllook=\u00220\u0022\u003E\u003Cp paraeid=\u0022{343f417b-e16d-4669-9e56-1ffcf7a7e57f}{228}\u0022 paraid=\u0022486411543\u0022\u003E33,31 \u20ac\u0026nbsp;\u003C\/p\u003E\u003C\/td\u003E\u003C\/tr\u003E\u003Ctr aria-rowindex=\u002222\u0022 role=\u0022row\u0022\u003E\u003Ctd data-celllook=\u00220\u0022 role=\u0022rowheader\u0022\u003E\u003Cp paraeid=\u0022{343f417b-e16d-4669-9e56-1ffcf7a7e57f}{238}\u0022 paraid=\u0022486411545\u0022\u003ED\u00e9nonciation au tiers des actes de poursuite de la proc\u00e9dure\u0026nbsp;\u003C\/p\u003E\u003C\/td\u003E\u003Ctd data-celllook=\u00220\u0022\u003E\u003Cp paraeid=\u0022{343f417b-e16d-4669-9e56-1ffcf7a7e57f}{245}\u0022 paraid=\u0022486411546\u0022\u003E33,31 \u20ac\u0026nbsp;\u003C\/p\u003E\u003C\/td\u003E\u003C\/tr\u003E\u003Ctr aria-rowindex=\u002223\u0022 role=\u0022row\u0022\u003E\u003Ctd data-celllook=\u00220\u0022 role=\u0022rowheader\u0022\u003E\u003Cp paraeid=\u0022{85bbe570-45fe-4b4d-b6c9-3fd61ed20127}{2}\u0022 paraid=\u0022486411548\u0022\u003ESignification au d\u00e9biteur de l\u0027acte de conversion en saisie-vente de la saisie conservatoire de meubles avec commandement de payer\u0026nbsp;\u003C\/p\u003E\u003C\/td\u003E\u003Ctd data-celllook=\u00220\u0022\u003E\u003Cp paraeid=\u0022{85bbe570-45fe-4b4d-b6c9-3fd61ed20127}{9}\u0022 paraid=\u0022486411549\u0022\u003E27,94 \u20ac\u0026nbsp;\u003C\/p\u003E\u003C\/td\u003E\u003C\/tr\u003E\u003Ctr aria-rowindex=\u002224\u0022 role=\u0022row\u0022\u003E\u003Ctd data-celllook=\u00220\u0022 role=\u0022rowheader\u0022\u003E\u003Cp paraeid=\u0022{85bbe570-45fe-4b4d-b6c9-3fd61ed20127}{19}\u0022 paraid=\u0022486411551\u0022\u003ESignification au tiers d\u00e9tenteur de l\u0027acte de conversion en saisie-vente de la saisie conservatoire de meubles\u0026nbsp;\u003C\/p\u003E\u003C\/td\u003E\u003Ctd data-celllook=\u00220\u0022\u003E\u003Cp paraeid=\u0022{85bbe570-45fe-4b4d-b6c9-3fd61ed20127}{26}\u0022 paraid=\u0022486411552\u0022\u003E27,94 \u20ac\u0026nbsp;\u003C\/p\u003E\u003C\/td\u003E\u003C\/tr\u003E\u003Ctr aria-rowindex=\u002225\u0022 role=\u0022row\u0022\u003E\u003Ctd data-celllook=\u00220\u0022 role=\u0022rowheader\u0022\u003E\u003Cp paraeid=\u0022{85bbe570-45fe-4b4d-b6c9-3fd61ed20127}{38}\u0022 paraid=\u0022486411554\u0022\u003ED\u00e9nonciation au cr\u00e9ancier premier saisissant de la saisie conservatoire de meubles\u0026nbsp;\u003C\/p\u003E\u003C\/td\u003E\u003Ctd data-celllook=\u00220\u0022\u003E\u003Cp paraeid=\u0022{85bbe570-45fe-4b4d-b6c9-3fd61ed20127}{45}\u0022 paraid=\u0022486411555\u0022\u003E27,94 \u20ac\u0026nbsp;\u003C\/p\u003E\u003C\/td\u003E\u003C\/tr\u003E\u003Ctr aria-rowindex=\u002226\u0022 role=\u0022row\u0022\u003E\u003Ctd data-celllook=\u00220\u0022 role=\u0022rowheader\u0022\u003E\u003Cp paraeid=\u0022{85bbe570-45fe-4b4d-b6c9-3fd61ed20127}{57}\u0022 paraid=\u0022486411557\u0022\u003ESignification \u00e0 l\u0027officier vendeur d\u0027un acte de conversion en saisie-vente de la saisie conservatoire de meubles\u0026nbsp;\u003C\/p\u003E\u003C\/td\u003E\u003Ctd data-celllook=\u00220\u0022\u003E\u003Cp paraeid=\u0022{85bbe570-45fe-4b4d-b6c9-3fd61ed20127}{64}\u0022 paraid=\u0022486411558\u0022\u003E27,94 \u20ac\u0026nbsp;\u003C\/p\u003E\u003C\/td\u003E\u003C\/tr\u003E\u003Ctr aria-rowindex=\u002227\u0022 role=\u0022row\u0022\u003E\u003Ctd data-celllook=\u00220\u0022 role=\u0022rowheader\u0022\u003E\u003Cp paraeid=\u0022{85bbe570-45fe-4b4d-b6c9-3fd61ed20127}{76}\u0022 paraid=\u0022486411560\u0022\u003ED\u00e9nonciation au d\u00e9biteur de la saisie conservatoire des droits d\u0027associ\u00e9 et des valeurs mobili\u00e8res\u0026nbsp;\u003C\/p\u003E\u003C\/td\u003E\u003Ctd data-celllook=\u00220\u0022\u003E\u003Cp paraeid=\u0022{85bbe570-45fe-4b4d-b6c9-3fd61ed20127}{83}\u0022 paraid=\u0022486411561\u0022\u003E33,31 \u20ac\u0026nbsp;\u003C\/p\u003E\u003C\/td\u003E\u003C\/tr\u003E\u003Ctr aria-rowindex=\u002228\u0022 role=\u0022row\u0022\u003E\u003Ctd data-celllook=\u00220\u0022 role=\u0022rowheader\u0022\u003E\u003Cp paraeid=\u0022{85bbe570-45fe-4b4d-b6c9-3fd61ed20127}{93}\u0022 paraid=\u0022486411563\u0022\u003ED\u00e9nonciation au tiers saisi de l\u0027acte de conversion en saisie-vente de la saisie conservatoire des droits d\u0027associ\u00e9 et des valeurs mobili\u00e8res\u0026nbsp;\u003C\/p\u003E\u003C\/td\u003E\u003Ctd data-celllook=\u00220\u0022\u003E\u003Cp paraeid=\u0022{85bbe570-45fe-4b4d-b6c9-3fd61ed20127}{100}\u0022 paraid=\u0022486411564\u0022\u003E27,94 \u20ac\u0026nbsp;\u003C\/p\u003E\u003C\/td\u003E\u003C\/tr\u003E\u003Ctr aria-rowindex=\u002229\u0022 role=\u0022row\u0022\u003E\u003Ctd data-celllook=\u00220\u0022 role=\u0022rowheader\u0022\u003E\u003Cp paraeid=\u0022{85bbe570-45fe-4b4d-b6c9-3fd61ed20127}{114}\u0022 paraid=\u0022486411566\u0022\u003ED\u00e9nonciation au d\u00e9biteur du d\u00e9p\u00f4t des bordereaux d\u0027inscription ou de la signification du nantissement\u0026nbsp;\u003C\/p\u003E\u003C\/td\u003E\u003Ctd data-celllook=\u00220\u0022\u003E\u003Cp paraeid=\u0022{85bbe570-45fe-4b4d-b6c9-3fd61ed20127}{121}\u0022 paraid=\u0022486411567\u0022\u003E33,31 \u20ac\u0026nbsp;\u003C\/p\u003E\u003C\/td\u003E\u003C\/tr\u003E\u003Ctr aria-rowindex=\u002230\u0022 role=\u0022row\u0022\u003E\u003Ctd data-celllook=\u00220\u0022 role=\u0022rowheader\u0022\u003E\u003Cp paraeid=\u0022{85bbe570-45fe-4b4d-b6c9-3fd61ed20127}{131}\u0022 paraid=\u0022486411569\u0022\u003ESignification pour purge aux cr\u00e9anciers inscrits\u0026nbsp;\u003C\/p\u003E\u003C\/td\u003E\u003Ctd data-celllook=\u00220\u0022\u003E\u003Cp paraeid=\u0022{85bbe570-45fe-4b4d-b6c9-3fd61ed20127}{138}\u0022 paraid=\u0022486411570\u0022\u003E20,42 \u20ac\u0026nbsp;\u003C\/p\u003E\u003C\/td\u003E\u003C\/tr\u003E\u003Ctr aria-rowindex=\u002231\u0022 role=\u0022row\u0022\u003E\u003Ctd data-celllook=\u00220\u0022 role=\u0022rowheader\u0022\u003E\u003Cp paraeid=\u0022{85bbe570-45fe-4b4d-b6c9-3fd61ed20127}{152}\u0022 paraid=\u0022486411572\u0022\u003ED\u00e9nonciation au cr\u00e9ancier inscrit de la saisie-vente d\u0027un ou plusieurs \u00e9l\u00e9ments d\u0027un fonds de commerce\u0026nbsp;\u003C\/p\u003E\u003C\/td\u003E\u003Ctd data-celllook=\u00220\u0022\u003E\u003Cp paraeid=\u0022{85bbe570-45fe-4b4d-b6c9-3fd61ed20127}{159}\u0022 paraid=\u0022486411573\u0022\u003E27,94 \u20ac\u0026nbsp;\u003C\/p\u003E\u003C\/td\u003E\u003C\/tr\u003E\u003Ctr aria-rowindex=\u002232\u0022 role=\u0022row\u0022\u003E\u003Ctd data-celllook=\u00220\u0022 role=\u0022rowheader\u0022\u003E\u003Cp paraeid=\u0022{85bbe570-45fe-4b4d-b6c9-3fd61ed20127}{169}\u0022 paraid=\u0022486411575\u0022\u003ED\u00e9nonciation au cr\u00e9ancier inscrit de la demande en r\u00e9siliation de bail de l\u0027immeuble dans lequel s\u0027exploite un fonds de commerce\u0026nbsp;\u003C\/p\u003E\u003C\/td\u003E\u003Ctd data-celllook=\u00220\u0022\u003E\u003Cp paraeid=\u0022{85bbe570-45fe-4b4d-b6c9-3fd61ed20127}{176}\u0022 paraid=\u0022486411576\u0022\u003E25,79 \u20ac\u0026nbsp;\u003C\/p\u003E\u003C\/td\u003E\u003C\/tr\u003E\u003Ctr aria-rowindex=\u002233\u0022 role=\u0022row\u0022\u003E\u003Ctd data-celllook=\u00220\u0022 role=\u0022rowheader\u0022\u003E\u003Cp paraeid=\u0022{85bbe570-45fe-4b4d-b6c9-3fd61ed20127}{190}\u0022 paraid=\u0022486411578\u0022\u003ED\u00e9nonciation \u00e0 la caution du commandement de payer les loyers et sommation de payer\u0026nbsp;\u003C\/p\u003E\u003C\/td\u003E\u003Ctd data-celllook=\u00220\u0022\u003E\u003Cp paraeid=\u0022{85bbe570-45fe-4b4d-b6c9-3fd61ed20127}{197}\u0022 paraid=\u0022486411579\u0022\u003E25,79 \u20ac\u0026nbsp;\u003C\/p\u003E\u003C\/td\u003E\u003C\/tr\u003E\u003Ctr aria-rowindex=\u002234\u0022 role=\u0022row\u0022\u003E\u003Ctd data-celllook=\u00220\u0022 role=\u0022rowheader\u0022\u003E\u003Cp paraeid=\u0022{85bbe570-45fe-4b4d-b6c9-3fd61ed20127}{211}\u0022 paraid=\u0022486411581\u0022\u003ESignification de m\u00e9moire\u0026nbsp;\u003C\/p\u003E\u003C\/td\u003E\u003Ctd data-celllook=\u00220\u0022\u003E\u003Cp paraeid=\u0022{85bbe570-45fe-4b4d-b6c9-3fd61ed20127}{218}\u0022 paraid=\u0022486411582\u0022\u003E25,79 \u20ac\u0026nbsp;\u003C\/p\u003E\u003C\/td\u003E\u003C\/tr\u003E\u003Ctr aria-rowindex=\u002235\u0022 role=\u0022row\u0022\u003E\u003Ctd data-celllook=\u00220\u0022 role=\u0022rowheader\u0022\u003E\u003Cp paraeid=\u0022{85bbe570-45fe-4b4d-b6c9-3fd61ed20127}{232}\u0022 paraid=\u0022486411584\u0022\u003EProc\u00e8s-verbal d\u0027offres r\u00e9elles\u0026nbsp;\u003C\/p\u003E\u003C\/td\u003E\u003Ctd data-celllook=\u00220\u0022\u003E\u003Cp paraeid=\u0022{85bbe570-45fe-4b4d-b6c9-3fd61ed20127}{239}\u0022 paraid=\u0022486411585\u0022\u003E33,31 \u20ac\u0026nbsp;\u003C\/p\u003E\u003C\/td\u003E\u003C\/tr\u003E\u003Ctr aria-rowindex=\u002236\u0022 role=\u0022row\u0022\u003E\u003Ctd data-celllook=\u00220\u0022 role=\u0022rowheader\u0022\u003E\u003Cp paraeid=\u0022{85bbe570-45fe-4b4d-b6c9-3fd61ed20127}{249}\u0022 paraid=\u0022486411587\u0022\u003ED\u00e9nonciation au d\u00e9biteur de la saisie-revendication entre les mains d\u0027un tiers\u0026nbsp;\u003C\/p\u003E\u003C\/td\u003E\u003Ctd data-celllook=\u00220\u0022\u003E\u003Cp paraeid=\u0022{98f799d9-bff5-4168-a689-7fb56f8fb6a3}{1}\u0022 paraid=\u0022486411588\u0022\u003E33,31 \u20ac\u0026nbsp;\u003C\/p\u003E\u003C\/td\u003E\u003C\/tr\u003E\u003Ctr aria-rowindex=\u002237\u0022 role=\u0022row\u0022\u003E\u003Ctd data-celllook=\u00220\u0022 role=\u0022rowheader\u0022\u003E\u003Cp paraeid=\u0022{98f799d9-bff5-4168-a689-7fb56f8fb6a3}{11}\u0022 paraid=\u0022486411590\u0022\u003ESignification d\u0027une proposition de redressement\u0026nbsp;\u003C\/p\u003E\u003C\/td\u003E\u003Ctd data-celllook=\u00220\u0022\u003E\u003Cp paraeid=\u0022{98f799d9-bff5-4168-a689-7fb56f8fb6a3}{18}\u0022 paraid=\u0022486411591\u0022\u003E33,31 \u20ac\u0026nbsp;\u003C\/p\u003E\u003C\/td\u003E\u003C\/tr\u003E\u003C\/tbody\u003E\u003C\/table\u003E                                            \u003Cp\u003E\u003Cbr \/\u003E\u003Cstrong\u003ESource :\u003C\/strong\u003E\u003Cstrong\u003E\u00a0\u003C\/strong\u003E\u003C\/p\u003E\u003Cul\u003E\u003Cli\u003E\u003Ca href=\u0022https:\/\/www.legifrance.gouv.fr\/codes\/article_lc\/LEGIARTI000049217912\u0022 target=\u0022_blank\u0022 rel=\u0022noopener\u0022\u003EArticle A 444-11 du Code du commerce\u003C\/a\u003E\u003C\/li\u003E\u003Cli\u003E\u003Ca href=\u0022https:\/\/www.legifrance.gouv.fr\/codes\/article_lc\/LEGIARTI000049217921\u0022 target=\u0022_blank\u0022 rel=\u0022noopener\u0022\u003EArticle A 444-13 du Code du commerce\u003C\/a\u003E\u003C\/li\u003E\u003Cli\u003E\u003Ca href=\u0022https:\/\/www.legifrance.gouv.fr\/jorf\/id\/JORFTEXT000049209818\u0022 target=\u0022_blank\u0022 rel=\u0022noopener\u0022\u003EArr\u00eat\u00e9 du 28 f\u00e9vrier 2024 fixant l\u0027objectif de taux de r\u00e9sultat moyen et les tarifs r\u00e9glement\u00e9s des huissiers de justice et commissaires-priseurs judiciaires\u003C\/a\u003E\u003C\/li\u003E\u003C\/ul\u003E\u003C\/div\u003E","annee":"2025","theme":" Indices, taux, bar\u00e8mes juridiques","activites":["Professionnels du droit et du chiffre"],"image":"https:\/\/www.weblex.fr\/sites\/default\/files\/chiffres_clef\/Shutterstock_informationstiers.jpg","created":"2025-12-19","modified":"2026-04-20"},{"url":"\/chiffres-cles\/tarifs-des-prestations-de-l-inpi-2025","id":27114,"title":"Tarifs des prestations de l\u2019INPI - 2025","content":"\u003Cdiv\u003E                                              \u003Cp\u003E\u003Cstrong\u003EI \u2013 FOURNITURES DE DOCUMENTS\u003C\/strong\u003E\u003C\/p\u003E\u003Ctable class=\u0022MsoTableGrid\u0022\u003E\u003Ctbody\u003E\u003Ctr\u003E\u003Ctd colspan=\u00222\u0022 valign=\u0022top\u0022\u003E\u003Cp align=\u0022center\u0022\u003E\u003Cstrong\u003EDOCUMENTS CERTIFI\u00c9S\u003C\/strong\u003E\u003C\/p\u003E\u003C\/td\u003E\u003C\/tr\u003E\u003Ctr\u003E\u003Ctd valign=\u0022top\u0022\u003E\u003Cp\u003ECopie officielle au format DAS (brevet, marque, dessins et mod\u00e8les)\u003C\/p\u003E\u003C\/td\u003E\u003Ctd valign=\u0022top\u0022\u003E\u003Cp align=\u0022center\u0022\u003EGratuit\u003C\/p\u003E\u003C\/td\u003E\u003C\/tr\u003E\u003Ctr\u003E\u003Ctd valign=\u0022top\u0022\u003E\u003Cp\u003ECopie officielle autre format (brevet, marque, dessins et mod\u00e8les)\u003C\/p\u003E\u003C\/td\u003E\u003Ctd valign=\u0022top\u0022\u003E\u003Cp align=\u0022center\u0022\u003E15 \u20ac\u003C\/p\u003E\u003C\/td\u003E\u003C\/tr\u003E\u003Ctr\u003E\u003Ctd valign=\u0022top\u0022\u003E\u003Cp\u003ECertificat d\u2019identit\u00e9 (marque, dessins et mod\u00e8les), \u00e9tat des inscriptions aux registres nationaux, copie de document du registre du commerce et des soci\u00e9t\u00e9s, copie de r\u00e9compense industrielle\u003C\/p\u003E\u003C\/td\u003E\u003Ctd\u003E\u003Cp align=\u0022center\u0022\u003E15 \u20ac\u003C\/p\u003E\u003C\/td\u003E\u003C\/tr\u003E\u003Ctr\u003E\u003Ctd valign=\u0022top\u0022\u003E\u003Cp\u003ECertificat d\u2019identit\u00e9 de marque et \u00e9tat des inscriptions port\u00e9es au registre national\u003C\/p\u003E\u003C\/td\u003E\u003Ctd valign=\u0022top\u0022\u003E\u003Cp align=\u0022center\u0022\u003E30 \u20ac\u003C\/p\u003E\u003C\/td\u003E\u003C\/tr\u003E\u003Ctr\u003E\u003Ctd colspan=\u00222\u0022 valign=\u0022top\u0022\u003E\u003Cp align=\u0022center\u0022\u003E\u003Cstrong\u003ECOPIES DE DOCUMENTS\u003C\/strong\u003E\u003C\/p\u003E\u003C\/td\u003E\u003C\/tr\u003E\u003Ctr\u003E\u003Ctd valign=\u0022top\u0022\u003E\u003Cp\u003ECopie du dossier d\u2019immatriculation ou d\u2019acte ou de stat\u003C\/p\u003E\u003C\/td\u003E\u003Ctd valign=\u0022top\u0022\u003E\u003Cp align=\u0022center\u0022\u003E8 \u20ac\u003C\/p\u003E\u003C\/td\u003E\u003C\/tr\u003E\u003Ctr\u003E\u003Ctd valign=\u0022top\u0022\u003E\u003Cp\u003ECopie d\u2019un dossier complet du RNCS\u003C\/p\u003E\u003C\/td\u003E\u003Ctd valign=\u0022top\u0022\u003E\u003Cp align=\u0022center\u0022\u003E15 \u20ac\u003C\/p\u003E\u003C\/td\u003E\u003C\/tr\u003E\u003Ctr\u003E\u003Ctd valign=\u0022top\u0022\u003E\u003Cp\u003ECopie des comptes annuels ou des annexes\u003C\/p\u003E\u003C\/td\u003E\u003Ctd valign=\u0022top\u0022\u003E\u003Cp align=\u0022center\u0022\u003E4,50 \u20ac\u003C\/p\u003E\u003C\/td\u003E\u003C\/tr\u003E\u003Ctr\u003E\u003Ctd valign=\u0022top\u0022\u003E\u003Cp\u003ECopie des comptes annuels et des annexes\u003C\/p\u003E\u003C\/td\u003E\u003Ctd valign=\u0022top\u0022\u003E\u003Cp align=\u0022center\u0022\u003E9 \u20ac\u003C\/p\u003E\u003C\/td\u003E\u003C\/tr\u003E\u003Ctr\u003E\u003Ctd valign=\u0022top\u0022\u003E\u003Cp\u003ECopie de tout document de brevet ou de marque ou de dessin et mod\u00e8le ou de jurisprudence ou de doctrine\u003C\/p\u003E\u003C\/td\u003E\u003Ctd valign=\u0022top\u0022\u003E\u003Cp align=\u0022center\u0022\u003E4,50 \u20ac\u003C\/p\u003E\u003C\/td\u003E\u003C\/tr\u003E\u003Ctr\u003E\u003Ctd valign=\u0022top\u0022\u003E\u003Cp\u003ECopie de tout autre document\u003C\/p\u003E\u003C\/td\u003E\u003Ctd valign=\u0022top\u0022\u003E\u003Cp align=\u0022center\u0022\u003E2 \u20ac\u003C\/p\u003E\u003C\/td\u003E\u003C\/tr\u003E\u003Ctr\u003E\u003Ctd colspan=\u00222\u0022 valign=\u0022top\u0022\u003E\u003Cp align=\u0022center\u0022\u003E\u003Cstrong\u003EAVIS DOCUMENTAIRE\u003C\/strong\u003E\u003C\/p\u003E\u003C\/td\u003E\u003C\/tr\u003E\u003Ctr\u003E\u003Ctd valign=\u0022top\u0022\u003E\u003Cp\u003EDemande d\u2019avis documentaire\u003C\/p\u003E\u003C\/td\u003E\u003Ctd valign=\u0022top\u0022\u003E\u003Cp align=\u0022center\u0022\u003E500 \u20ac\u003C\/p\u003E\u003C\/td\u003E\u003C\/tr\u003E\u003Ctr\u003E\u003Ctd colspan=\u00222\u0022 valign=\u0022top\u0022\u003E\u003Cp align=\u0022center\u0022\u003E\u003Cstrong\u003EDOCUMENTS DIVERS\u003C\/strong\u003E\u003C\/p\u003E\u003C\/td\u003E\u003C\/tr\u003E\u003Ctr\u003E\u003Ctd valign=\u0022top\u0022\u003E\u003Cp\u003ED\u00e9livrance, enregistrement et gardiennage de l\u2019enveloppe de d\u00e9claration d\u2019invention d\u2019un salari\u00e9\u003C\/p\u003E\u003C\/td\u003E\u003Ctd valign=\u0022top\u0022\u003E\u003Cp align=\u0022center\u0022\u003E8,00 \u20ac\u003C\/p\u003E\u003C\/td\u003E\u003C\/tr\u003E\u003Ctr\u003E\u003Ctd valign=\u0022top\u0022\u003E\u003Cp\u003E\u00c9tat des redevances annuelles de maintien en vigueur d\u0027un brevet ou d\u0027un certificat compl\u00e9mentaire de protection\u003C\/p\u003E\u003C\/td\u003E\u003Ctd valign=\u0022top\u0022\u003E\u003Cp align=\u0022center\u0022\u003E6,50 \u20ac\u003C\/p\u003E\u003C\/td\u003E\u003C\/tr\u003E\u003Ctr\u003E\u003Ctd valign=\u0022top\u0022\u003E\u003Cp\u003ECertificat d\u2019inscription ou de non-inscription au RNCS\u003C\/p\u003E\u003C\/td\u003E\u003Ctd valign=\u0022top\u0022\u003E\u003Cp align=\u0022center\u0022\u003E4 \u20ac\u003C\/p\u003E\u003C\/td\u003E\u003C\/tr\u003E\u003Ctr\u003E\u003Ctd valign=\u0022top\u0022\u003E\u003Cp\u003ECommunication d\u0027une pi\u00e8ce du RNCS\u003C\/p\u003E\u003C\/td\u003E\u003Ctd valign=\u0022top\u0022\u003E\u003Cp align=\u0022center\u0022\u003E3 \u20ac\u003C\/p\u003E\u003C\/td\u003E\u003C\/tr\u003E\u003C\/tbody\u003E\u003C\/table\u003E\u003Cp\u003E\u003Cstrong\u003EII\u0026nbsp;\u2013 PRESTATIONS DE RECHERCHES\u003C\/strong\u003E\u003C\/p\u003E\u003Ctable class=\u0022MsoTableGrid\u0022\u003E\u003Ctbody\u003E\u003Ctr\u003E\u003Ctd colspan=\u00222\u0022 valign=\u0022top\u0022\u003E\u003Cp align=\u0022center\u0022\u003E\u003Cstrong\u003EBREVETS\u003C\/strong\u003E\u003C\/p\u003E\u003C\/td\u003E\u003C\/tr\u003E\u003Ctr\u003E\u003Ctd valign=\u0022top\u0022\u003E\u003Cp\u003ERecherches brevets (recherche de nouveaut\u00e9, \u00e9tat de l\u2019art, portefeuille d\u00e9posant, panorama du positionnement des acteurs, etc.)\u003C\/p\u003E\u003Cp\u003ESurveillances brevets (veille technologique et concurrentielle)\u003C\/p\u003E\u003C\/td\u003E\u003Ctd valign=\u0022top\u0022\u003E\u003Cp align=\u0022center\u0022\u003ESur devis\u003C\/p\u003E\u003Cp align=\u0022center\u0022\u003E\u003Cbr\u003ESur devis\u003C\/p\u003E\u003C\/td\u003E\u003C\/tr\u003E\u003Ctr\u003E\u003Ctd colspan=\u00222\u0022 valign=\u0022top\u0022\u003E\u003Cp align=\u0022center\u0022\u003E\u003Cstrong\u003EDESSINS ET MOD\u00c8LES\u003C\/strong\u003E\u003C\/p\u003E\u003C\/td\u003E\u003C\/tr\u003E\u003Ctr\u003E\u003Ctd valign=\u0022top\u0022\u003E\u003Cp\u003ERecherches dessins et mod\u00e8les (recherche d\u2019un mod\u00e8le donn\u00e9, portefeuille d\u00e9posant, etc.)\u003C\/p\u003E\u003Cp\u003ESurveillances dessins et mod\u00e8les (surveillance sur les nouveaut\u00e9s d\u00e9pos\u00e9es ou sur un nom de d\u00e9posant)\u003C\/p\u003E\u003C\/td\u003E\u003Ctd valign=\u0022top\u0022\u003E\u003Cp align=\u0022center\u0022\u003ESur devis\u003C\/p\u003E\u003Cp align=\u0022center\u0022\u003E\u003Cbr\u003ESur devis\u003C\/p\u003E\u003C\/td\u003E\u003C\/tr\u003E\u003Ctr\u003E\u003Ctd colspan=\u00222\u0022 valign=\u0022top\u0022\u003E\u003Cp align=\u0022center\u0022\u003E\u003Cstrong\u003EMARQUES, NOMS DE SOCI\u00c9T\u00c9S, NOMS DE DOMAINES\u003C\/strong\u003E\u003C\/p\u003E\u003C\/td\u003E\u003C\/tr\u003E\u003Ctr\u003E\u003Ctd colspan=\u00222\u0022 valign=\u0022top\u0022\u003E\u003Cp\u003EAvant le d\u00e9p\u00f4t\u0026nbsp;:\u003C\/p\u003E\u003Cp\u003E\u0026nbsp;\u003C\/p\u003E\u003C\/td\u003E\u003C\/tr\u003E\u003Ctr\u003E\u003Ctd colspan=\u00222\u0022 valign=\u0022top\u0022\u003E\u003Cp\u003ERecherche de disponibilit\u00e9 de marque verbale, nom de soci\u00e9t\u00e9\u003C\/p\u003E\u003C\/td\u003E\u003C\/tr\u003E\u003Ctr\u003E\u003Ctd valign=\u0022top\u0022\u003E\u003Cp\u003EMarques verbales pour \u2264 3 classes OU noms de soci\u00e9t\u00e9 similaires pour \u2264 3 GAS\u003C\/p\u003E\u003C\/td\u003E\u003Ctd valign=\u0022top\u0022\u003E\u003Cp align=\u0022center\u0022\u003E50 \u20ac\u003C\/p\u003E\u003C\/td\u003E\u003C\/tr\u003E\u003Ctr\u003E\u003Ctd valign=\u0022top\u0022\u003E\u003Cp\u003EMarques verbales pour \u2264 3 classes ET noms de soci\u00e9t\u00e9 similaires pour \u2264 3 GAS\u003C\/p\u003E\u003C\/td\u003E\u003Ctd valign=\u0022top\u0022\u003E\u003Cp align=\u0022center\u0022\u003E80 \u20ac\u003C\/p\u003E\u003C\/td\u003E\u003C\/tr\u003E\u003Ctr\u003E\u003Ctd valign=\u0022top\u0022\u003E\u003Cp\u003EMarques verbales pour 4 \u00e0 5 classes OU noms de soci\u00e9t\u00e9 similaires pour 4 \u00e0 5 GAS\u003C\/p\u003E\u003C\/td\u003E\u003Ctd valign=\u0022top\u0022\u003E\u003Cp align=\u0022center\u0022\u003E65 \u20ac\u003C\/p\u003E\u003C\/td\u003E\u003C\/tr\u003E\u003Ctr\u003E\u003Ctd valign=\u0022top\u0022\u003E\u003Cp\u003EMarques verbales pour 4 \u00e0 5 classes ET noms de soci\u00e9t\u00e9 similaires pour 1 \u00e0 3 GAS\u003C\/p\u003E\u003C\/td\u003E\u003Ctd valign=\u0022top\u0022\u003E\u003Cp align=\u0022center\u0022\u003E95 \u20ac\u003C\/p\u003E\u003C\/td\u003E\u003C\/tr\u003E\u003Ctr\u003E\u003Ctd valign=\u0022top\u0022\u003E\u003Cp\u003EMarques verbales pour 1 \u00e0 3 classes ET noms de soci\u00e9t\u00e9 similaires pour 4 \u00e0 5 GAS\u003C\/p\u003E\u003C\/td\u003E\u003Ctd valign=\u0022top\u0022\u003E\u003Cp align=\u0022center\u0022\u003E95 \u20ac\u003C\/p\u003E\u003C\/td\u003E\u003C\/tr\u003E\u003Ctr\u003E\u003Ctd valign=\u0022top\u0022\u003E\u003Cp\u003EMarques verbales pour 4 \u00e0 5 classes ET noms de soci\u00e9t\u00e9 similaires pour 4 \u00e0 5 GAS\u003C\/p\u003E\u003C\/td\u003E\u003Ctd valign=\u0022top\u0022\u003E\u003Cp align=\u0022center\u0022\u003E110 \u20ac\u003C\/p\u003E\u003C\/td\u003E\u003C\/tr\u003E\u003Ctr\u003E\u003Ctd valign=\u0022top\u0022\u003E\u003Cp\u003EMarques verbales toutes classes OU noms de soci\u00e9t\u00e9 similaires tous GAS\u003C\/p\u003E\u003C\/td\u003E\u003Ctd valign=\u0022top\u0022\u003E\u003Cp align=\u0022center\u0022\u003E350 \u20ac\u003C\/p\u003E\u003C\/td\u003E\u003C\/tr\u003E\u003Ctr\u003E\u003Ctd colspan=\u00222\u0022 valign=\u0022top\u0022\u003E\u003Cp\u003ERecherche de disponibilit\u00e9 de marque verbale, nom de soci\u00e9t\u00e9 et nom de domaine en France\u003C\/p\u003E\u003C\/td\u003E\u003C\/tr\u003E\u003Ctr\u003E\u003Ctd valign=\u0022top\u0022\u003E\u003Cp\u003EMarques verbales pour 1 \u00e0 3 classes ET noms de soci\u00e9t\u00e9 similaires pour 1 \u00e0 3 GAS ET noms de domaine\u003C\/p\u003E\u003C\/td\u003E\u003Ctd valign=\u0022top\u0022\u003E\u003Cp align=\u0022center\u0022\u003E150 \u20ac\u003C\/p\u003E\u003C\/td\u003E\u003C\/tr\u003E\u003Ctr\u003E\u003Ctd valign=\u0022top\u0022\u003E\u003Cp\u003EMarques verbales pour 1 \u00e0 3 classes ET noms de soci\u00e9t\u00e9 similaires pour 4 \u00e0 5 GAS ET noms de domaine\u003C\/p\u003E\u003C\/td\u003E\u003Ctd valign=\u0022top\u0022\u003E\u003Cp align=\u0022center\u0022\u003E165 \u20ac\u003C\/p\u003E\u003C\/td\u003E\u003C\/tr\u003E\u003Ctr\u003E\u003Ctd valign=\u0022top\u0022\u003E\u003Cp\u003EMarques verbales pour 4 \u00e0 5 classes ET noms de soci\u00e9t\u00e9 similaires pour 1 \u00e0 3 GAS ET noms de domaine\u003C\/p\u003E\u003C\/td\u003E\u003Ctd valign=\u0022top\u0022\u003E\u003Cp align=\u0022center\u0022\u003E165 \u20ac\u003C\/p\u003E\u003C\/td\u003E\u003C\/tr\u003E\u003Ctr\u003E\u003Ctd valign=\u0022top\u0022\u003E\u003Cp\u003EMarques verbales pour 4 \u00e0 5 classes ET noms de soci\u00e9t\u00e9 similaires pour 4 \u00e0 5 GAS ET noms de domaine\u003C\/p\u003E\u003C\/td\u003E\u003Ctd valign=\u0022top\u0022\u003E\u003Cp align=\u0022center\u0022\u003E180 \u20ac\u003C\/p\u003E\u003C\/td\u003E\u003C\/tr\u003E\u003Ctr\u003E\u003Ctd valign=\u0022top\u0022\u003E\u003Cp\u003ERecherche de logo dans le fichier des dessins et mod\u00e8les en France (25 ans)\u003C\/p\u003E\u003C\/td\u003E\u003Ctd valign=\u0022top\u0022\u003E\u003Cp align=\u0022center\u0022\u003E1\u0026nbsp;235 \u20ac\u003C\/p\u003E\u003C\/td\u003E\u003C\/tr\u003E\u003Ctr\u003E\u003Ctd colspan=\u00222\u0022 valign=\u0022top\u0022\u003E\u003Cp\u003EApr\u00e8s le d\u00e9p\u00f4t\u0026nbsp;:\u003C\/p\u003E\u003Cp\u003E\u0026nbsp;\u003C\/p\u003E\u003C\/td\u003E\u003C\/tr\u003E\u003Ctr\u003E\u003Ctd valign=\u0022top\u0022\u003E\u003Cp\u003ESurveillance d\u2019un nom de domaine en France (identique .fr, .eu et .gTLD)\u003C\/p\u003E\u003C\/td\u003E\u003Ctd valign=\u0022top\u0022\u003E\u003Cp align=\u0022center\u0022\u003E834 \u20ac\/an\u003C\/p\u003E\u003C\/td\u003E\u003C\/tr\u003E\u003Ctr\u003E\u003Ctd valign=\u0022top\u0022\u003E\u003Cp\u003ESurveillance d\u2019un nom de soci\u00e9t\u00e9 en France identique\u003C\/p\u003E\u003C\/td\u003E\u003Ctd valign=\u0022top\u0022\u003E\u003Cp align=\u0022center\u0022\u003E170 \u20ac\/an\u003C\/p\u003E\u003C\/td\u003E\u003C\/tr\u003E\u003Ctr\u003E\u003Ctd valign=\u0022top\u0022\u003E\u003Cp\u003ESurveillance d\u2019un nom de marque verbale en France \u2264 3 classes\u003C\/p\u003E\u003C\/td\u003E\u003Ctd valign=\u0022top\u0022\u003E\u003Cp align=\u0022center\u0022\u003E360 \u20ac\/an\u003C\/p\u003E\u003C\/td\u003E\u003C\/tr\u003E\u003Ctr\u003E\u003Ctd valign=\u0022top\u0022\u003E\u003Cp\u003ESurveillance d\u2019une marque semi-figurative en France \u2264 3 classes\u003C\/p\u003E\u003C\/td\u003E\u003Ctd valign=\u0022top\u0022\u003E\u003Cp align=\u0022center\u0022\u003E398 \u20ac\/an\u003C\/p\u003E\u003C\/td\u003E\u003C\/tr\u003E\u003Ctr\u003E\u003Ctd colspan=\u00222\u0022 valign=\u0022top\u0022\u003E\u003Cp\u003E\u00c0 tout moment\u0026nbsp;:\u003C\/p\u003E\u003C\/td\u003E\u003C\/tr\u003E\u003Ctr\u003E\u003Ctd valign=\u0022top\u0022\u003E\u003Cp\u003ERecherche d\u2019une marque semi-figurative en France\u0026nbsp;: 1 classe\u003C\/p\u003E\u003C\/td\u003E\u003Ctd valign=\u0022top\u0022\u003E\u003Cp align=\u0022center\u0022\u003E572 \u20ac\u003C\/p\u003E\u003C\/td\u003E\u003C\/tr\u003E\u003Ctr\u003E\u003Ctd valign=\u0022top\u0022\u003E\u003Cp\u003ERecherche d\u2019une marque semi-figurative en France 2 classes\u003C\/p\u003E\u003C\/td\u003E\u003Ctd valign=\u0022top\u0022\u003E\u003Cp align=\u0022center\u0022\u003E633 e\u003C\/p\u003E\u003C\/td\u003E\u003C\/tr\u003E\u003Ctr\u003E\u003Ctd valign=\u0022top\u0022\u003E\u003Cp\u003ERecherche d\u2019une marque semi-figurative en France\u0026nbsp;: 3 classes\u003C\/p\u003E\u003C\/td\u003E\u003Ctd valign=\u0022top\u0022\u003E\u003Cp align=\u0022center\u0022\u003E695 \u20ac\u003C\/p\u003E\u003C\/td\u003E\u003C\/tr\u003E\u003Ctr\u003E\u003Ctd valign=\u0022top\u0022\u003E\u003Cp\u003ERecherche d\u2019un logo de marque en France (marques similaires figuratives)\u0026nbsp;: 1 classe\u003C\/p\u003E\u003C\/td\u003E\u003Ctd valign=\u0022top\u0022\u003E\u003Cp align=\u0022center\u0022\u003E532 \u20ac\u003C\/p\u003E\u003C\/td\u003E\u003C\/tr\u003E\u003Ctr\u003E\u003Ctd valign=\u0022top\u0022\u003E\u003Cp\u003ERecherche d\u2019un logo de marque en France (marques similaires figuratives)\u0026nbsp;: 2 classes\u003C\/p\u003E\u003C\/td\u003E\u003Ctd valign=\u0022top\u0022\u003E\u003Cp align=\u0022center\u0022\u003E594 \u20ac\u003C\/p\u003E\u003C\/td\u003E\u003C\/tr\u003E\u003Ctr\u003E\u003Ctd valign=\u0022top\u0022\u003E\u003Cp\u003ERecherche d\u2019un logo de marque en France (marques similaires figuratives)\u0026nbsp;: 3 classes\u003C\/p\u003E\u003C\/td\u003E\u003Ctd valign=\u0022top\u0022\u003E\u003Cp align=\u0022center\u0022\u003E654 \u20ac\u003C\/p\u003E\u003C\/td\u003E\u003C\/tr\u003E\u003Ctr\u003E\u003Ctd valign=\u0022top\u0022\u003E\u003Cp\u003ERecherche d\u2019un nom de marque en Europe pour un pays (Benelux ou Royaume-Uni)\u0026nbsp;: 1 classe\u003C\/p\u003E\u003C\/td\u003E\u003Ctd valign=\u0022top\u0022\u003E\u003Cp align=\u0022center\u0022\u003E302 \u20ac\u003C\/p\u003E\u003C\/td\u003E\u003C\/tr\u003E\u003Ctr\u003E\u003Ctd valign=\u0022top\u0022\u003E\u003Cp\u003ERecherche d\u2019un nom de marque en Europe pour un pays (Benelux ou Royaume-Uni)\u0026nbsp;: 2 classes\u003C\/p\u003E\u003C\/td\u003E\u003Ctd valign=\u0022top\u0022\u003E\u003Cp align=\u0022center\u0022\u003E367 \u20ac\u003C\/p\u003E\u003C\/td\u003E\u003C\/tr\u003E\u003Ctr\u003E\u003Ctd valign=\u0022top\u0022\u003E\u003Cp\u003ERecherche d\u2019un nom de marque en Europe pour un pays (Benelux ou Royaume-Uni)\u0026nbsp;: 3 classes\u003C\/p\u003E\u003C\/td\u003E\u003Ctd valign=\u0022top\u0022\u003E\u003Cp align=\u0022center\u0022\u003E432 \u20ac\u003C\/p\u003E\u003C\/td\u003E\u003C\/tr\u003E\u003Ctr\u003E\u003Ctd valign=\u0022top\u0022\u003E\u003Cp\u003EAutres prestations de recherche et de surveillance\u003C\/p\u003E\u003C\/td\u003E\u003Ctd valign=\u0022top\u0022\u003E\u003Cp align=\u0022center\u0022\u003ESur devis\u003C\/p\u003E\u003C\/td\u003E\u003C\/tr\u003E\u003Ctr\u003E\u003Ctd valign=\u0022top\u0022\u003E\u003Cp\u003EJurisprudence\u0026nbsp;:\u003C\/p\u003E\u003Cp\u003ERecherche simple de jurisprudence nationale par num\u00e9ro de titre et\/ou noms des parties\u003C\/p\u003E\u003Cp\u003ERecherche de jurisprudence nationale personnalis\u00e9e\u003C\/p\u003E\u003C\/td\u003E\u003Ctd valign=\u0022top\u0022\u003E\u003Cp align=\u0022center\u0022\u003E\u0026nbsp;\u003C\/p\u003E\u003Cp align=\u0022center\u0022\u003E34 \u20ac\u003C\/p\u003E\u003Cp align=\u0022center\u0022\u003E\u003Cbr\u003ESur devis\u003C\/p\u003E\u003C\/td\u003E\u003C\/tr\u003E\u003C\/tbody\u003E\u003C\/table\u003E\u003Cp\u003ED\u00e9tail des abr\u00e9viations :\u003Cbr\u003E* GAS : groupement d\u2019activit\u00e9 similaire\u003Cbr\u003E** .gTLD : r\u00e9f\u00e9rence aux noms de domaines g\u00e9n\u00e9riques .com, .org, etc.\u003C\/p\u003E\u003Cp\u003E\u003Cstrong\u003EIII \u2013 PRODUITS DE VALORISATION DU FONDS DOCUMENTAIRE\u003C\/strong\u003E\u003C\/p\u003E\u003Cp\u003ECopie num\u00e9rique personnalis\u00e9e de brevet (1791-1902) : 30 \u20ac\u003C\/p\u003E\u003Cp\u003E\u003Cstrong\u003EIV \u2013 DIVERS\u003C\/strong\u003E\u003C\/p\u003E\u003Cp\u003EDossier d\u2019examen \u00e0 la qualification de conseil en propri\u00e9t\u00e9 industrielle : 200 \u20ac\u0026nbsp;\u003C\/p\u003E                                            \u003Cp\u003E\u003Cbr \/\u003E\u003Cstrong\u003ESource :\u003C\/strong\u003E\u003Cstrong\u003E\u00a0\u003C\/strong\u003E\u003C\/p\u003E\u003Cul\u003E\u003Cli\u003E\u003Ca href=\u0022https:\/\/www.inpi.fr\/ressources\/propriete-intellectuelle\/tarifs-procedures-et-prestations-de-linpi\u0022 target=\u0022_blank\u0022\u003ETarifs des proc\u00e9dures et prestations de l\u0027INPI\u003C\/a\u003E\u003C\/li\u003E\u003C\/ul\u003E\u003C\/div\u003E","annee":"2025","theme":" Indices, taux, bar\u00e8mes juridiques","activites":["Tout secteur"],"image":"https:\/\/www.weblex.fr\/sites\/default\/files\/chiffres_clef\/Shutterstock_prestations-inpi-tarifs-en_vigueur.jpg","created":"2025-12-17","modified":"2026-01-09"},{"url":"\/chiffres-cles\/tableau-des-cotisations-sociales-dues-par-les-chirurgiens-dentistes-annee-2025","id":27100,"title":"Tableau des cotisations sociales dues par les chirurgiens-dentistes - Ann\u00e9e 2025 ","content":"\u003Cdiv\u003E                                              \u003Cp\u003E\u003Cstrong\u003E1\/ \u003C\/strong\u003E\u003Ca\u003E\u003Cstrong\u003EAssiette et taux des cotisations\u003C\/strong\u003E\u003C\/a\u003E\u003C\/p\u003E\u003Cp\u003ETableau r\u00e9capitulatif des cotisations sociales au 1er janvier 2025\u003C\/p\u003E\u003Cdiv class=\u0022WordSection1\u0022\u003E\u003Ctable class=\u0022MsoTableGrid\u0022 border=\u00221\u0022 cellspacing=\u00220\u0022 cellpadding=\u00220\u0022\u003E\u003Ctbody\u003E\u003Ctr\u003E\u003Ctd width=\u0022128\u0022 valign=\u0022top\u0022\u003E\u003Cp class=\u0022MsoNormal\u0022 align=\u0022center\u0022\u003E\u003Cstrong\u003ECotisations\u003C\/strong\u003E\u003C\/p\u003E\u003C\/td\u003E\u003Ctd width=\u0022283\u0022\u003E\u003Cp class=\u0022MsoNormal\u0022 align=\u0022center\u0022\u003E\u003Cstrong\u003EBase de calcul\u003C\/strong\u003E\u003C\/p\u003E\u003C\/td\u003E\u003Ctd width=\u0022193\u0022 valign=\u0022top\u0022\u003E\u003Cp class=\u0022MsoNormal\u0022 align=\u0022center\u0022\u003E\u003Cstrong\u003ETaux montants\u003C\/strong\u003E\u003C\/p\u003E\u003C\/td\u003E\u003C\/tr\u003E\u003Ctr\u003E\u003Ctd width=\u0022128\u0022 rowspan=\u00224\u0022 valign=\u0022top\u0022\u003E\u003Cp class=\u0022MsoNormal\u0022 align=\u0022center\u0022\u003EMaladie (sur l\u2019assiette de participation de la CPAM)\u003C\/p\u003E\u003C\/td\u003E\u003Ctd width=\u0022283\u0022 valign=\u0022top\u0022\u003E\u003Cp class=\u0022MsoNormal\u0022 align=\u0022center\u0022\u003EPour les revenus inf\u00e9rieurs \u00e0 18\u0026nbsp;840 \u20ac\u003C\/p\u003E\u003C\/td\u003E\u003Ctd width=\u0022193\u0022 valign=\u0022top\u0022\u003E\u003Cp align=\u0022center\u0022\u003E\u003Cbr\u003E0\u0026nbsp;%\u003C\/p\u003E\u003Cp class=\u0022MsoNormal\u0022 align=\u0022center\u0022\u003E\u0026nbsp;\u003C\/p\u003E\u003C\/td\u003E\u003C\/tr\u003E\u003Ctr\u003E\u003Ctd width=\u0022283\u0022 valign=\u0022top\u0022\u003E\u003Cp class=\u0022MsoNormal\u0022 align=\u0022center\u0022\u003EPour les revenus compris entre 18\u0026nbsp;840 \u20ac et 51\u0026nbsp;810 \u20ac\u003C\/p\u003E\u003C\/td\u003E\u003Ctd width=\u0022193\u0022 valign=\u0022top\u0022\u003E\u003Cp class=\u0022MsoNormal\u0022 align=\u0022center\u0022\u003ETaux progressif\u0026nbsp;: entre 0\u0026nbsp;% et\u0026nbsp;6,50\u0026nbsp;%\u003C\/p\u003E\u003C\/td\u003E\u003C\/tr\u003E\u003Ctr\u003E\u003Ctd width=\u0022283\u0022 valign=\u0022top\u0022\u003E\u003Cp class=\u0022MsoNormal\u0022 align=\u0022center\u0022\u003EPour les revenus sup\u00e9rieurs \u00e0 51\u0026nbsp;810 \u20ac\u003C\/p\u003E\u003C\/td\u003E\u003Ctd width=\u0022193\u0022 valign=\u0022top\u0022\u003E\u003Cp align=\u0022center\u0022\u003E\u003Cbr\u003E6,50\u0026nbsp;%\u003C\/p\u003E\u003Cp class=\u0022MsoNormal\u0022 align=\u0022center\u0022\u003E\u0026nbsp;\u003C\/p\u003E\u003C\/td\u003E\u003C\/tr\u003E\u003Ctr\u003E\u003Ctd width=\u0022283\u0022 valign=\u0022top\u0022\u003E\u003Cp class=\u0022MsoNormal\u0022 align=\u0022center\u0022\u003EPrise en charge assurance maladie\u003C\/p\u003E\u003C\/td\u003E\u003Ctd width=\u0022193\u0022 valign=\u0022top\u0022\u003E\u003Cp align=\u0022center\u0022\u003E\u003Cbr\u003ETaux progressif\u0026nbsp;: entre 0\u0026nbsp;% et\u0026nbsp;6,40\u0026nbsp;%\u003C\/p\u003E\u003Cp class=\u0022MsoNormal\u0022 align=\u0022center\u0022\u003E\u0026nbsp;\u003C\/p\u003E\u003C\/td\u003E\u003C\/tr\u003E\u003Ctr\u003E\u003Ctd width=\u0022128\u0022 rowspan=\u00223\u0022 valign=\u0022top\u0022\u003E\u003Cp class=\u0022MsoNormal\u0022 align=\u0022center\u0022\u003EMaladie (sur le reste du revenu d\u2019activit\u00e9 non salari\u00e9\u003C\/p\u003E\u003C\/td\u003E\u003Ctd width=\u0022283\u0022 valign=\u0022top\u0022\u003E\u003Cp class=\u0022MsoNormal\u0022 align=\u0022center\u0022\u003EPour les revenus inf\u00e9rieurs \u00e0 18\u0026nbsp;840 \u20ac\u003C\/p\u003E\u003C\/td\u003E\u003Ctd width=\u0022193\u0022 valign=\u0022top\u0022\u003E\u003Cp align=\u0022center\u0022\u003E3,25 %\u003C\/p\u003E\u003C\/td\u003E\u003C\/tr\u003E\u003Ctr\u003E\u003Ctd width=\u0022283\u0022 valign=\u0022top\u0022\u003E\u003Cp class=\u0022MsoNormal\u0022 align=\u0022center\u0022\u003EPour les revenus compris entre 18\u0026nbsp;840 et 51\u0026nbsp;810 \u20ac\u003C\/p\u003E\u003C\/td\u003E\u003Ctd width=\u0022193\u0022 valign=\u0022top\u0022\u003E\u003Cp align=\u0022center\u0022\u003ETaux progressif entre 3\u0026nbsp;,25 % et 9,75 %\u003C\/p\u003E\u003C\/td\u003E\u003C\/tr\u003E\u003Ctr\u003E\u003Ctd width=\u0022283\u0022 valign=\u0022top\u0022\u003E\u003Cp class=\u0022MsoNormal\u0022 align=\u0022center\u0022\u003EPour les revenus sup\u00e9rieurs \u00e0 51\u0026nbsp;810 \u20ac\u003C\/p\u003E\u003C\/td\u003E\u003Ctd width=\u0022193\u0022 valign=\u0022top\u0022\u003E\u003Cp align=\u0022center\u0022\u003E9, 75 %\u003C\/p\u003E\u003C\/td\u003E\u003C\/tr\u003E\u003Ctr\u003E\u003Ctd width=\u0022128\u0022 valign=\u0022top\u0022\u003E\u003Cp class=\u0022MsoNormal\u0022 align=\u0022center\u0022\u003EIndemnit\u00e9s journali\u00e8res\u003C\/p\u003E\u003C\/td\u003E\u003Ctd width=\u0022283\u0022 valign=\u0022top\u0022\u003E\u003Cp class=\u0022MsoNormal\u0022 align=\u0022center\u0022\u003EEntre 40 % du PASS et 3 Pass\u003C\/p\u003E\u003C\/td\u003E\u003Ctd width=\u0022193\u0022 valign=\u0022top\u0022\u003E\u003Cp align=\u0022center\u0022\u003EDe 0,3 %\u003C\/p\u003E\u003C\/td\u003E\u003C\/tr\u003E\u003Ctr\u003E\u003Ctd width=\u0022128\u0022 rowspan=\u00223\u0022 valign=\u0022top\u0022\u003E\u003Cp class=\u0022MsoNormal\u0022 align=\u0022center\u0022\u003EAllocations familiales\u003C\/p\u003E\u003C\/td\u003E\u003Ctd width=\u0022283\u0022 valign=\u0022top\u0022\u003E\u003Cp class=\u0022MsoNormal\u0022 align=\u0022center\u0022\u003EPour les revenus inf\u00e9rieurs \u00e0 51\u0026nbsp;810 \u20ac\u003C\/p\u003E\u003C\/td\u003E\u003Ctd width=\u0022193\u0022 valign=\u0022top\u0022\u003E\u003Cp align=\u0022center\u0022\u003E0 %\u003C\/p\u003E\u003C\/td\u003E\u003C\/tr\u003E\u003Ctr\u003E\u003Ctd width=\u0022283\u0022 valign=\u0022top\u0022\u003E\u003Cp class=\u0022MsoNormal\u0022 align=\u0022center\u0022\u003EPour les revenus compris entre 51\u0026nbsp;810 \u20ac et 65\u0026nbsp;940 \u20ac\u003C\/p\u003E\u003C\/td\u003E\u003Ctd width=\u0022193\u0022 valign=\u0022top\u0022\u003E\u003Cp align=\u0022center\u0022\u003ETaux progressif\u0026nbsp;: entre 0% et 3,10 % du revenu d\u2019activit\u00e9 non salari\u00e9\u003C\/p\u003E\u003C\/td\u003E\u003C\/tr\u003E\u003Ctr\u003E\u003Ctd width=\u0022283\u0022 valign=\u0022top\u0022\u003E\u003Cp class=\u0022MsoNormal\u0022 align=\u0022center\u0022\u003EPour les revenus sup\u00e9rieurs \u00e0 65\u0026nbsp;940 \u20ac\u003C\/p\u003E\u003C\/td\u003E\u003Ctd width=\u0022193\u0022 valign=\u0022top\u0022\u003E\u003Cp align=\u0022center\u0022\u003E3,10 % du revenu d\u2019activit\u00e9 non salari\u00e9\u003C\/p\u003E\u003C\/td\u003E\u003C\/tr\u003E\u003Ctr\u003E\u003Ctd width=\u0022128\u0022 rowspan=\u00222\u0022 valign=\u0022top\u0022\u003E\u003Cp class=\u0022MsoNormal\u0022 align=\u0022center\u0022\u003ERetraite de base des lib\u00e9raux\u003C\/p\u003E\u003C\/td\u003E\u003Ctd width=\u0022283\u0022 valign=\u0022top\u0022\u003E\u003Cp class=\u0022MsoNormal\u0022 align=\u0022center\u0022\u003ETranche 1\u0026nbsp;: revenus compris jusqu\u2019\u00e0 47\u0026nbsp;100 \u20ac\u003C\/p\u003E\u003C\/td\u003E\u003Ctd width=\u0022193\u0022 valign=\u0022top\u0022\u003E\u003Cp align=\u0022center\u0022\u003E8,23 %\u003C\/p\u003E\u003C\/td\u003E\u003C\/tr\u003E\u003Ctr\u003E\u003Ctd width=\u0022283\u0022 valign=\u0022top\u0022\u003E\u003Cp class=\u0022MsoNormal\u0022 align=\u0022center\u0022\u003ETranche 2\u0026nbsp;: revenus compris jusqu\u2019\u00e0 235\u0026nbsp;500 \u20ac\u003C\/p\u003E\u003C\/td\u003E\u003Ctd width=\u0022193\u0022 valign=\u0022top\u0022\u003E\u003Cp align=\u0022center\u0022\u003E1,87 %\u003C\/p\u003E\u003C\/td\u003E\u003C\/tr\u003E\u003Ctr\u003E\u003Ctd width=\u0022128\u0022 rowspan=\u00222\u0022 valign=\u0022top\u0022\u003E\u003Cp class=\u0022MsoNormal\u0022 align=\u0022center\u0022\u003ERetraite compl\u00e9mentaire\u003C\/p\u003E\u003C\/td\u003E\u003Ctd width=\u0022283\u0022 valign=\u0022top\u0022\u003E\u003Cp class=\u0022MsoNormal\u0022 align=\u0022center\u0022\u003ECotisation forfaitaire\u003C\/p\u003E\u003C\/td\u003E\u003Ctd width=\u0022193\u0022 valign=\u0022top\u0022\u003E\u003Cp align=\u0022center\u0022\u003E3\u0026nbsp;178 \u20ac\u003C\/p\u003E\u003C\/td\u003E\u003C\/tr\u003E\u003Ctr\u003E\u003Ctd width=\u0022283\u0022 valign=\u0022top\u0022\u003E\u003Cp class=\u0022MsoNormal\u0022 align=\u0022center\u0022\u003ECotisation proportionnelle de 10,80 % des revenus 2024 compris 40\u0026nbsp;035 \u20ac et 235\u0026nbsp;000 \u20ac\u003C\/p\u003E\u003C\/td\u003E\u003Ctd width=\u0022193\u0022 valign=\u0022top\u0022\u003E\u003Cp align=\u0022center\u0022\u003E10,80 %\u003C\/p\u003E\u003C\/td\u003E\u003C\/tr\u003E\u003Ctr\u003E\u003Ctd width=\u0022128\u0022 rowspan=\u00222\u0022 valign=\u0022top\u0022\u003E\u003Cp class=\u0022MsoNormal\u0022 align=\u0022center\u0022\u003EPrestation compl\u00e9mentaire de vieillesse\u003C\/p\u003E\u003C\/td\u003E\u003Ctd width=\u0022283\u0022 valign=\u0022top\u0022\u003E\u003Cp class=\u0022MsoNormal\u0022 align=\u0022center\u0022\u003ECotisation forfaitaire\u003C\/p\u003E\u003C\/td\u003E\u003Ctd width=\u0022193\u0022 valign=\u0022top\u0022\u003E\u003Cp align=\u0022center\u0022\u003E1\u0026nbsp;648,76 \u20ac\u003C\/p\u003E\u003C\/td\u003E\u003C\/tr\u003E\u003Ctr\u003E\u003Ctd width=\u0022283\u0022 valign=\u0022top\u0022\u003E\u003Cp class=\u0022MsoNormal\u0022 align=\u0022center\u0022\u003ECotisation proportionnelle des revenus 2024 dans la limite des revenus 235\u0026nbsp;000\u20ac\u003C\/p\u003E\u003C\/td\u003E\u003Ctd width=\u0022193\u0022 valign=\u0022top\u0022\u003E\u003Cp align=\u0022center\u0022\u003E0,725 %\u003C\/p\u003E\u003C\/td\u003E\u003C\/tr\u003E\u003Ctr\u003E\u003Ctd width=\u0022128\u0022 valign=\u0022top\u0022\u003E\u003Cp class=\u0022MsoNormal\u0022 align=\u0022center\u0022\u003ECSG CRDS\u003C\/p\u003E\u003C\/td\u003E\u003Ctd width=\u0022283\u0022 valign=\u0022top\u0022\u003E\u003Cp class=\u0022MsoNormal\u0022 align=\u0022center\u0022\u003ERevenu d\u2019activit\u00e9 non salari\u00e9 (d\u00e9duction fait des revenus du personnelles) + cotisations personnelles obligatoires\u003C\/p\u003E\u003C\/td\u003E\u003Ctd width=\u0022193\u0022 valign=\u0022top\u0022\u003E\u003Cp align=\u0022center\u0022\u003E9,70 %\u003C\/p\u003E\u003C\/td\u003E\u003C\/tr\u003E\u003Ctr\u003E\u003Ctd width=\u0022128\u0022 valign=\u0022top\u0022\u003E\u003Cp class=\u0022MsoNormal\u0022 align=\u0022center\u0022\u003ECURPS (Contribution aux unions r\u00e9gionales des professionnels de sant\u00e9)\u003C\/p\u003E\u003C\/td\u003E\u003Ctd width=\u0022283\u0022 valign=\u0022top\u0022\u003E\u003Cp class=\u0022MsoNormal\u0022 align=\u0022center\u0022\u003ERevenu d\u2019activit\u00e9 non salari\u00e9 dans la limite de 236 \u20ac\u003C\/p\u003E\u003C\/td\u003E\u003Ctd width=\u0022193\u0022 valign=\u0022top\u0022\u003E\u003Cp align=\u0022center\u0022\u003E0,30 %\u003C\/p\u003E\u003C\/td\u003E\u003C\/tr\u003E\u003Ctr\u003E\u003Ctd width=\u0022128\u0022 valign=\u0022top\u0022\u003E\u003Cp class=\u0022MsoNormal\u0022 align=\u0022center\u0022\u003ECFP (Contribution \u00e0 la formation professionnelle)\u003C\/p\u003E\u003C\/td\u003E\u003Ctd width=\u0022283\u0022 valign=\u0022top\u0022\u003E\u003Cp class=\u0022MsoNormal\u0022 align=\u0022center\u0022\u003E0,25 % du PASS\u0026nbsp;\u003Cbr\u003E\u003Cbr\u003E(ou 0,34 en pr\u00e9sence d\u2019un conjoint collaborateur)\u003C\/p\u003E\u003C\/td\u003E\u003Ctd width=\u0022193\u0022 valign=\u0022top\u0022\u003E\u003Cp align=\u0022center\u0022\u003E118 \u20ac\u003C\/p\u003E\u003C\/td\u003E\u003C\/tr\u003E\u003C\/tbody\u003E\u003C\/table\u003E\u003Cp class=\u0022MsoNormal\u0022\u003E\u0026nbsp;\u003C\/p\u003E\u003Cp\u003E\u003Cstrong\u003E2\/. R\u00e9gime invalidit\u00e9-d\u00e9c\u00e8s\u0026nbsp;\u003C\/strong\u003E\u003C\/p\u003E\u003Ctable class=\u0022MsoNormalTable\u0022 border=\u00221\u0022 cellspacing=\u00220\u0022 cellpadding=\u00220\u0022 align=\u0022left\u0022 width=\u0022605\u0022\u003E\u003Ctbody\u003E\u003Ctr\u003E\u003Ctd width=\u0022397\u0022 valign=\u0022bottom\u0022\u003E\u003Cp class=\u0022MsoNormal\u0022 align=\u0022center\u0022\u003E\u003Cstrong\u003ECotisation\u003C\/strong\u003E\u003C\/p\u003E\u003C\/td\u003E\u003Ctd width=\u0022208\u0022 valign=\u0022bottom\u0022\u003E\u003Cp class=\u0022MsoNormal\u0022 align=\u0022center\u0022\u003E\u003Cstrong\u003EAssiette maximale\u003C\/strong\u003E\u003C\/p\u003E\u003C\/td\u003E\u003C\/tr\u003E\u003Ctr\u003E\u003Ctd width=\u0022397\u0022 valign=\u0022bottom\u0022\u003E\u003Cp class=\u0022MsoNormal\u0022 align=\u0022center\u0022\u003ECotisation invalidit\u00e9 permanente et d\u00e9c\u00e8s\u003C\/p\u003E\u003C\/td\u003E\u003Ctd width=\u0022208\u0022 valign=\u0022bottom\u0022\u003E\u003Cp class=\u0022MsoNormal\u0022 align=\u0022center\u0022\u003E874,60 \u20ac\u003C\/p\u003E\u003C\/td\u003E\u003C\/tr\u003E\u003Ctr\u003E\u003Ctd width=\u0022397\u0022 valign=\u0022bottom\u0022\u003E\u003Cp class=\u0022MsoNormal\u0022 align=\u0022center\u0022\u003ECotisation indemnit\u00e9 journali\u00e8re\u003C\/p\u003E\u003C\/td\u003E\u003Ctd width=\u0022208\u0022 valign=\u0022bottom\u0022\u003E\u003Cp class=\u0022MsoNormal\u0022 align=\u0022center\u0022\u003E409,80 \u20ac\u003C\/p\u003E\u003C\/td\u003E\u003C\/tr\u003E\u003Ctr\u003E\u003Ctd width=\u0022397\u0022 valign=\u0022bottom\u0022\u003E\u003Cp class=\u0022MsoNormal\u0022 align=\u0022center\u0022\u003ETOTAL\u003C\/p\u003E\u003C\/td\u003E\u003Ctd width=\u0022208\u0022 valign=\u0022bottom\u0022\u003E\u003Cp class=\u0022MsoNormal\u0022 align=\u0022center\u0022\u003E1\u0026nbsp;284,40 \u20ac\u003C\/p\u003E\u003C\/td\u003E\u003C\/tr\u003E\u003C\/tbody\u003E\u003C\/table\u003E\u003Cp class=\u0022MsoNormal\u0022\u003E\u0026nbsp;\u003C\/p\u003E\u003Cp\u003E\u0026nbsp;\u003C\/p\u003E\u003Cp\u003E\u0026nbsp;\u003C\/p\u003E\u003Cp\u003E\u0026nbsp;\u003C\/p\u003E\u003Cp\u003E\u0026nbsp;\u003C\/p\u003E\u003Cp\u003E\u0026nbsp;\u003C\/p\u003E\u003Cp\u003E\u003Cstrong\u003E3\/. Cotisations du conjoint collaborateur\u0026nbsp;\u003C\/strong\u003E\u003C\/p\u003E\u003C\/div\u003E\u003Cdiv class=\u0022WordSection1\u0022\u003E\u003Ctable class=\u0022MsoTable15Plain1\u0022 border=\u00221\u0022 cellspacing=\u00220\u0022 cellpadding=\u00220\u0022\u003E\u003Ctbody\u003E\u003Ctr\u003E\u003Ctd width=\u0022255\u0022 valign=\u0022top\u0022\u003E\u003Cp class=\u0022MsoNormal\u0022 align=\u0022center\u0022\u003E\u003Cstrong\u003ECotisation\u003C\/strong\u003E\u003C\/p\u003E\u003C\/td\u003E\u003Ctd width=\u0022425\u0022 valign=\u0022top\u0022\u003E\u003Cp class=\u0022MsoNormal\u0022 align=\u0022center\u0022\u003E\u003Cstrong\u003EBase de calcul\u003C\/strong\u003E\u003C\/p\u003E\u003C\/td\u003E\u003Ctd width=\u0022734\u0022 valign=\u0022top\u0022\u003E\u003Cp class=\u0022MsoNormal\u0022 align=\u0022center\u0022\u003E\u003Cstrong\u003ETaux \/ Montant\u003C\/strong\u003E\u003C\/p\u003E\u003C\/td\u003E\u003C\/tr\u003E\u003Ctr\u003E\u003Ctd width=\u0022255\u0022 valign=\u0022top\u0022\u003E\u003Cp class=\u0022MsoNormal\u0022 align=\u0022center\u0022\u003ER\u00e9gime de base des lib\u00e9raux (RBL) \u2013 option 1\u003C\/p\u003E\u003C\/td\u003E\u003Ctd width=\u0022425\u0022 valign=\u0022top\u0022\u003E\u003Cp class=\u0022MsoNormal\u0022 align=\u0022center\u0022\u003ERevenu forfaitaire = 50 % du PASS (2025 : 23 550 \u20ac)\u003C\/p\u003E\u003C\/td\u003E\u003Ctd width=\u0022734\u0022 valign=\u0022top\u0022\u003E\u003Cp class=\u0022MsoNormal\u0022 align=\u0022center\u0022\u003ECotisation maximale : 2 379 \u20ac ; cotisation minimale (toutes options) : 540 \u20ac\u003C\/p\u003E\u003C\/td\u003E\u003C\/tr\u003E\u003Ctr\u003E\u003Ctd width=\u0022255\u0022 valign=\u0022top\u0022\u003E\u003Cp class=\u0022MsoNormal\u0022 align=\u0022center\u0022\u003ER\u00e9gime de base des lib\u00e9raux (RBL) \u2013 option 2\u003C\/p\u003E\u003C\/td\u003E\u003Ctd width=\u0022425\u0022 valign=\u0022top\u0022\u003E\u003Cp class=\u0022MsoNormal\u0022 align=\u0022center\u0022\u003E25 % ou 50 % du revenu du chirurgien-dentiste\u003C\/p\u003E\u003C\/td\u003E\u003Ctd width=\u0022734\u0022 valign=\u0022top\u0022\u003E\u003Cp class=\u0022MsoNormal\u0022 align=\u0022center\u0022\u003ECotisation calcul\u00e9e selon l\u2019option retenue ; minimum : 540 \u20ac\u003C\/p\u003E\u003C\/td\u003E\u003C\/tr\u003E\u003Ctr\u003E\u003Ctd width=\u0022255\u0022 valign=\u0022top\u0022\u003E\u003Cp class=\u0022MsoNormal\u0022 align=\u0022center\u0022\u003ER\u00e9gime de base des lib\u00e9raux (RBL) \u2013 option 3 (avec accord du conjoint)\u003C\/p\u003E\u003C\/td\u003E\u003Ctd width=\u0022425\u0022 valign=\u0022top\u0022\u003E\u003Cp class=\u0022MsoNormal\u0022 align=\u0022center\u0022\u003EPartage de 25 % ou 50 % du revenu du conjoint\u003C\/p\u003E\u003C\/td\u003E\u003Ctd width=\u0022734\u0022 valign=\u0022top\u0022\u003E\u003Cp class=\u0022MsoNormal\u0022 align=\u0022center\u0022\u003ECotisation du praticien : 50 % ou 75 % (selon l\u2019option) ; minimum : 540 \u20ac\u003C\/p\u003E\u003C\/td\u003E\u003C\/tr\u003E\u003Ctr\u003E\u003Ctd width=\u0022255\u0022 valign=\u0022top\u0022\u003E\u003Cp class=\u0022MsoNormal\u0022 align=\u0022center\u0022\u003ER\u00e9gime compl\u00e9mentaire (RC) \u2013 option 1\u003C\/p\u003E\u003C\/td\u003E\u003Ctd width=\u0022425\u0022 rowspan=\u00222\u0022 valign=\u0022top\u0022\u003E\u003Cp class=\u0022MsoNormal\u0022 align=\u0022center\u0022\u003E\u0026nbsp;\u003C\/p\u003E\u003Cp class=\u0022MsoNormal\u0022 align=\u0022center\u0022\u003ECotisations dues par le praticien\u003C\/p\u003E\u003C\/td\u003E\u003Ctd width=\u0022734\u0022 valign=\u0022top\u0022\u003E\u003Cp class=\u0022MsoNormal\u0022 align=\u0022center\u0022\u003E25 % des cotisations dues par le praticien\u003C\/p\u003E\u003C\/td\u003E\u003C\/tr\u003E\u003Ctr\u003E\u003Ctd width=\u0022255\u0022 valign=\u0022top\u0022\u003E\u003Cp class=\u0022MsoNormal\u0022 align=\u0022center\u0022\u003ER\u00e9gime compl\u00e9mentaire (RC) \u2013 option 2\u003C\/p\u003E\u003C\/td\u003E\u003Ctd width=\u0022734\u0022 valign=\u0022top\u0022\u003E\u003Cp class=\u0022MsoNormal\u0022 align=\u0022center\u0022\u003E50 % des cotisations dues par le praticien\u003C\/p\u003E\u003C\/td\u003E\u003C\/tr\u003E\u003Ctr\u003E\u003Ctd width=\u0022255\u0022 valign=\u0022top\u0022\u003E\u003Cp class=\u0022MsoNormal\u0022 align=\u0022center\u0022\u003ER\u00e9gime invalidit\u00e9-d\u00e9c\u00e8s (RID) \u2013option 1\u003C\/p\u003E\u003C\/td\u003E\u003Ctd width=\u0022425\u0022 rowspan=\u00222\u0022 valign=\u0022top\u0022\u003E\u003Cp class=\u0022MsoNormal\u0022 align=\u0022center\u0022\u003E\u0026nbsp;\u003C\/p\u003E\u003Cp class=\u0022MsoNormal\u0022 align=\u0022center\u0022\u003ECotisations dues par le praticien\u003C\/p\u003E\u003C\/td\u003E\u003Ctd width=\u0022734\u0022 valign=\u0022top\u0022\u003E\u003Cp class=\u0022MsoNormal\u0022 align=\u0022center\u0022\u003E25 % des cotisations dues par le praticien\u003C\/p\u003E\u003C\/td\u003E\u003C\/tr\u003E\u003Ctr\u003E\u003Ctd width=\u0022255\u0022 valign=\u0022top\u0022\u003E\u003Cp class=\u0022MsoNormal\u0022 align=\u0022center\u0022\u003ER\u00e9gime invalidit\u00e9-d\u00e9c\u00e8s (RID) \u2013option 2\u003C\/p\u003E\u003C\/td\u003E\u003Ctd width=\u0022734\u0022 valign=\u0022top\u0022\u003E\u003Cp class=\u0022MsoNormal\u0022 align=\u0022center\u0022\u003E50 % des cotisations dues par le praticien\u003C\/p\u003E\u003C\/td\u003E\u003C\/tr\u003E\u003C\/tbody\u003E\u003C\/table\u003E\u003Cp class=\u0022MsoNormal\u0022\u003E\u0026nbsp;\u003C\/p\u003E\u003C\/div\u003E                                            \u003Cp\u003E\u003Cbr \/\u003E\u003Cstrong\u003ESource :\u003C\/strong\u003E\u003Cstrong\u003E\u00a0\u003C\/strong\u003E\u003C\/p\u003E\u003Cul\u003E\u003Cli\u003E\u003Ca href=\u0022https:\/\/www.urssaf.fr\/accueil\/outils-documentation\/taux-baremes\/taux-cotisations-pam.html\u0022 target=\u0022_blank\u0022\u003ETaux de cotisations - Praticien ou auxiliaire m\u00e9dical - Urssaf.fr mis \u00e0 jour le 4 mars 2025\u003C\/a\u003E\u003C\/li\u003E\u003Cli\u003E\u003Ca href=\u0022https:\/\/www.carcdsf.fr\/\u0022 target=\u0022_blank\u0022\u003ECaisse autonome de retraite des chirurgiens dentistes et des sages-femmes\u0026nbsp;\u003C\/a\u003E\u003C\/li\u003E\u003C\/ul\u003E\u003C\/div\u003E","annee":"2025","theme":" Indices, taux, bar\u00e8mes sociaux","activites":["Sant\u00e9"],"image":"https:\/\/www.weblex.fr\/sites\/default\/files\/chiffres_clef\/Shutterstock_professionsmedicales.jpg","created":"2025-12-12","modified":"2025-12-12"},{"url":"\/chiffres-cles\/tarifs-des-greffiers-des-tribunaux-de-commerce-actes-judiciaires-2024-2026","id":27076,"title":"Tarifs des greffiers des tribunaux de commerce \u2013 Actes judiciaires - 2024-2026","content":"\u003Cdiv\u003E                                              \u003Ch2\u003EApplicables du 1er mars 2024 au 28 f\u00e9vrier 2026\u003C\/h2\u003E\u003Cp\u003ENotez que les anciens tarifs s\u2019appliqueront pour :\u003C\/p\u003E\u003Cul\u003E\u003Cli\u003Eles prestations effectu\u00e9es avant le 1er mai 2024 ;\u003C\/li\u003E\u003Cli\u003Eles prestations dont la r\u00e9alisation a donn\u00e9 lieu, avant le 1er mars 2024, au versement par le client d\u0027un acompte ou d\u0027une provision ou \u00e0 l\u0027engagement par l\u0027un des greffiers des tribunaux de commerce intervenant de frais ou d\u00e9bours ;\u003C\/li\u003E\u003Cli\u003Eles prestations dont la r\u00e9alisation a donn\u00e9 lieu, avant le 1ermars 2024, \u00e0 l\u0027engagement par l\u0027un des greffiers des tribunaux de commerce intervenant de frais ou d\u00e9bours.\u003C\/li\u003E\u003C\/ul\u003E\u003Cp\u003ELes prestations mentionn\u00e9es ci-dessous donnent lieu \u00e0 la perception des \u00e9moluments suivants :\u003C\/p\u003E\u003Ctable class=\u0022MsoTableGrid\u0022\u003E\u003Ctbody\u003E\u003Ctr\u003E\u003Ctd\u003E\u003Cp align=\u0022center\u0022\u003E\u003Cstrong\u003ECAT\u00c9GORIE\u003C\/strong\u003E\u003C\/p\u003E\u003C\/td\u003E\u003Ctd valign=\u0022top\u0022\u003E\u003Cp align=\u0022center\u0022\u003E\u003Cstrong\u003ED\u00c9SIGNATION DE LA PRESTATION\u003C\/strong\u003E\u003C\/p\u003E\u003C\/td\u003E\u003Ctd\u003E\u003Cp align=\u0022center\u0022\u003E\u003Cstrong\u003E\u00c9MOLUMENT\u003C\/strong\u003E\u003C\/p\u003E\u003C\/td\u003E\u003C\/tr\u003E\u003Ctr\u003E\u003Ctd rowspan=\u00229\u0022\u003E\u003Cp align=\u0022center\u0022\u003E\u003Cstrong\u003EG\u00e9n\u00e9rique\u003C\/strong\u003E\u003C\/p\u003E\u003C\/td\u003E\u003Ctd valign=\u0022top\u0022\u003E\u003Cp align=\u0022center\u0022\u003EActe de greffe\u003C\/p\u003E\u003C\/td\u003E\u003Ctd\u003E\u003Cp align=\u0022center\u0022\u003E1,08 \u20ac\u003C\/p\u003E\u003C\/td\u003E\u003C\/tr\u003E\u003Ctr\u003E\u003Ctd valign=\u0022top\u0022\u003E\u003Cp align=\u0022center\u0022\u003ECertificat\u003C\/p\u003E\u003C\/td\u003E\u003Ctd\u003E\u003Cp align=\u0022center\u0022\u003E1,08 \u20ac\u003C\/p\u003E\u003C\/td\u003E\u003C\/tr\u003E\u003Ctr\u003E\u003Ctd valign=\u0022top\u0022\u003E\u003Cp align=\u0022center\u0022\u003EEnvoi et ex\u00e9cution d\u2019une commission rogatoire\u003C\/p\u003E\u003C\/td\u003E\u003Ctd\u003E\u003Cp align=\u0022center\u0022\u003E5,31 \u20ac\u003C\/p\u003E\u003C\/td\u003E\u003C\/tr\u003E\u003Ctr\u003E\u003Ctd valign=\u0022top\u0022\u003E\u003Cp align=\u0022center\u0022\u003ECopie\u003C\/p\u003E\u003C\/td\u003E\u003Ctd\u003E\u003Cp align=\u0022center\u0022\u003E1,08 \u20ac\u003C\/p\u003E\u003C\/td\u003E\u003C\/tr\u003E\u003Ctr\u003E\u003Ctd valign=\u0022top\u0022\u003E\u003Cp align=\u0022center\u0022\u003EV\u00e9rification de d\u00e9pens\u003C\/p\u003E\u003C\/td\u003E\u003Ctd\u003E\u003Cp align=\u0022center\u0022\u003E2,13 \u20ac\u003C\/p\u003E\u003C\/td\u003E\u003C\/tr\u003E\u003Ctr\u003E\u003Ctd valign=\u0022top\u0022\u003E\u003Cp align=\u0022center\u0022\u003ESaisine en mati\u00e8re de contentieux des registres de commerce\u003C\/p\u003E\u003C\/td\u003E\u003Ctd\u003E\u003Cp align=\u0022center\u0022\u003E8,49 \u20ac\u003C\/p\u003E\u003C\/td\u003E\u003C\/tr\u003E\u003Ctr\u003E\u003Ctd valign=\u0022top\u0022\u003E\u003Cp align=\u0022center\u0022\u003EDiligences li\u00e9es \u00e0 l\u0027expertise\u003C\/p\u003E\u003C\/td\u003E\u003Ctd\u003E\u003Cp align=\u0022center\u0022\u003E15,89 \u20ac\u003C\/p\u003E\u003C\/td\u003E\u003C\/tr\u003E\u003Ctr\u003E\u003Ctd valign=\u0022top\u0022\u003E\u003Cp align=\u0022center\u0022\u003EConvocation ou avis\u003C\/p\u003E\u003C\/td\u003E\u003Ctd\u003E\u003Cp align=\u0022center\u0022\u003E1,08 \u20ac\u003C\/p\u003E\u003C\/td\u003E\u003C\/tr\u003E\u003Ctr\u003E\u003Ctd valign=\u0022top\u0022\u003E\u003Cp align=\u0022center\u0022\u003EVisa, cote et paraphe des livres\u003C\/p\u003E\u003C\/td\u003E\u003Ctd\u003E\u003Cp align=\u0022center\u0022\u003E2,13 \u20ac\u003C\/p\u003E\u003C\/td\u003E\u003C\/tr\u003E\u003Ctr\u003E\u003Ctd rowspan=\u00223\u0022\u003E\u003Cp align=\u0022center\u0022\u003E\u003Cstrong\u003ECopies certifi\u00e9es conformes en dehors de toute proc\u00e9dure\u003C\/strong\u003E\u003C\/p\u003E\u003C\/td\u003E\u003Ctd valign=\u0022top\u0022\u003E\u003Cp align=\u0022center\u0022\u003ECopie certifi\u00e9e conforme d\u0027un jugement\u003C\/p\u003E\u003C\/td\u003E\u003Ctd\u003E\u003Cp align=\u0022center\u0022\u003E2,13 \u20ac\u003C\/p\u003E\u003C\/td\u003E\u003C\/tr\u003E\u003Ctr\u003E\u003Ctd valign=\u0022top\u0022\u003E\u003Cp align=\u0022center\u0022\u003ECopie certifi\u00e9e conforme d\u0027une ordonnance\u003C\/p\u003E\u003C\/td\u003E\u003Ctd\u003E\u003Cp align=\u0022center\u0022\u003E2,13 \u20ac\u003C\/p\u003E\u003C\/td\u003E\u003C\/tr\u003E\u003Ctr\u003E\u003Ctd valign=\u0022top\u0022\u003E\u003Cp align=\u0022center\u0022\u003ESeconde copie certifi\u00e9e conforme rev\u00eatue de la formule ex\u00e9cutoire\u003C\/p\u003E\u003C\/td\u003E\u003Ctd\u003E\u003Cp align=\u0022center\u0022\u003E3,19 \u20ac\u003C\/p\u003E\u003C\/td\u003E\u003C\/tr\u003E\u003Ctr\u003E\u003Ctd rowspan=\u00224\u0022\u003E\u003Cp align=\u0022center\u0022\u003E\u003Cstrong\u003EActes de proc\u00e9dure d\u0027injonction de payer\u003C\/strong\u003E\u003C\/p\u003E\u003C\/td\u003E\u003Ctd valign=\u0022top\u0022\u003E\u003Cp align=\u0022center\u0022\u003EOrdonnance d\u0027injonction de payer\u003C\/p\u003E\u003C\/td\u003E\u003Ctd\u003E\u003Cp align=\u0022center\u0022\u003E9,54 \u20ac\u003C\/p\u003E\u003C\/td\u003E\u003C\/tr\u003E\u003Ctr\u003E\u003Ctd valign=\u0022top\u0022\u003E\u003Cp align=\u0022center\u0022\u003EForfait de transmission des ordonnances d\u0027injonction de payer\u003C\/p\u003E\u003C\/td\u003E\u003Ctd\u003E\u003Cp align=\u0022center\u0022\u003E7,42 \u20ac\u003C\/p\u003E\u003C\/td\u003E\u003C\/tr\u003E\u003Ctr\u003E\u003Ctd valign=\u0022top\u0022\u003E\u003Cp align=\u0022center\u0022\u003EDiligences relatives \u00e0 l\u0027ordonnance d\u0027injonction de payer, y compris l\u0027extrait d\u0027immatriculation (K bis ou L bis) ou un certificat de non-inscription, la r\u00e9ception et la conservation de la requ\u00eate\u003C\/p\u003E\u003C\/td\u003E\u003Ctd\u003E\u003Cp align=\u0022center\u0022\u003E9,54 \u20ac\u003C\/p\u003E\u003C\/td\u003E\u003C\/tr\u003E\u003Ctr\u003E\u003Ctd valign=\u0022top\u0022\u003E\u003Cp align=\u0022center\u0022\u003EOpposition \u00e0 injonction de payer\u003C\/p\u003E\u003C\/td\u003E\u003Ctd\u003E\u003Cp align=\u0022center\u0022\u003E9,54 \u20ac\u003C\/p\u003E\u003C\/td\u003E\u003C\/tr\u003E\u003Ctr\u003E\u003Ctd rowspan=\u00223\u0022\u003E\u003Cp align=\u0022center\u0022\u003E\u003Cstrong\u003EActes relatifs au jugement\u003C\/strong\u003E\u003C\/p\u003E\u003C\/td\u003E\u003Ctd valign=\u0022top\u0022\u003E\u003Cp align=\u0022center\u0022\u003EEnr\u00f4lement, tenue des audiences, mise en forme, avis aux parties dans le cadre d\u0027un jugement, quel que soit le nombre de renvois, pour 2 parties\u003C\/p\u003E\u003C\/td\u003E\u003Ctd\u003E\u003Cp align=\u0022center\u0022\u003E26,49 \u20ac\u003C\/p\u003E\u003C\/td\u003E\u003C\/tr\u003E\u003Ctr\u003E\u003Ctd valign=\u0022top\u0022\u003E\u003Cp align=\u0022center\u0022\u003EEnr\u00f4lement, tenue des audiences, mise en forme, avis aux parties dans le cadre d\u0027un jugement, quel que soit le nombre de renvois, par partie suppl\u00e9mentaire au-del\u00e0 de 2 parties\u003C\/p\u003E\u003C\/td\u003E\u003Ctd\u003E\u003Cp align=\u0022center\u0022\u003E5,31 \u20ac\u003C\/p\u003E\u003C\/td\u003E\u003C\/tr\u003E\u003Ctr\u003E\u003Ctd valign=\u0022top\u0022\u003E\u003Cp align=\u0022center\u0022\u003EForfait de transmission d\u0027un jugement, par partie\u003C\/p\u003E\u003C\/td\u003E\u003Ctd\u003E\u003Cp align=\u0022center\u0022\u003E10,60 \u20ac\u003C\/p\u003E\u003C\/td\u003E\u003C\/tr\u003E\u003Ctr\u003E\u003Ctd rowspan=\u00224\u0022\u003E\u003Cp align=\u0022center\u0022\u003E\u003Cstrong\u003EActes d\u0027instruction avant jugement\u003C\/strong\u003E\u003C\/p\u003E\u003C\/td\u003E\u003Ctd valign=\u0022top\u0022\u003E\u003Cp align=\u0022center\u0022\u003EProc\u00e9dure devant un juge rapporteur\u003C\/p\u003E\u003C\/td\u003E\u003Ctd\u003E\u003Cp align=\u0022center\u0022\u003E7,42 \u20ac\u003C\/p\u003E\u003C\/td\u003E\u003C\/tr\u003E\u003Ctr\u003E\u003Ctd valign=\u0022top\u0022\u003E\u003Cp align=\u0022center\u0022\u003EContrat ou calendrier de proc\u00e9dure\u003C\/p\u003E\u003C\/td\u003E\u003Ctd\u003E\u003Cp align=\u0022center\u0022\u003E7,42 \u20ac\u003C\/p\u003E\u003C\/td\u003E\u003C\/tr\u003E\u003Ctr\u003E\u003Ctd valign=\u0022top\u0022\u003E\u003Cp align=\u0022center\u0022\u003EOrdonnances autres que de r\u00e9f\u00e9r\u00e9s et d\u0027injonctions de payer\u003C\/p\u003E\u003C\/td\u003E\u003Ctd\u003E\u003Cp align=\u0022center\u0022\u003E6,36 \u20ac\u003C\/p\u003E\u003C\/td\u003E\u003C\/tr\u003E\u003Ctr\u003E\u003Ctd valign=\u0022top\u0022\u003E\u003Cp align=\u0022center\u0022\u003EPrestation de serment\u003C\/p\u003E\u003C\/td\u003E\u003Ctd\u003E\u003Cp align=\u0022center\u0022\u003E3,19 \u20ac\u003C\/p\u003E\u003C\/td\u003E\u003C\/tr\u003E\u003Ctr\u003E\u003Ctd rowspan=\u00223\u0022\u003E\u003Cp align=\u0022center\u0022\u003E\u003Cstrong\u003EActes relatifs aux r\u00e9f\u00e9r\u00e9s\u003C\/strong\u003E\u003C\/p\u003E\u003C\/td\u003E\u003Ctd valign=\u0022top\u0022\u003E\u003Cp align=\u0022center\u0022\u003EEnr\u00f4lement, tenue des audiences, mise en forme, avis aux parties dans le cadre d\u0027une ordonnance de r\u00e9f\u00e9r\u00e9, quel que soit le nombre de renvois, pour 2 parties\u003C\/p\u003E\u003C\/td\u003E\u003Ctd\u003E\u003Cp align=\u0022center\u0022\u003E15,89 \u20ac\u003C\/p\u003E\u003C\/td\u003E\u003C\/tr\u003E\u003Ctr\u003E\u003Ctd valign=\u0022top\u0022\u003E\u003Cp align=\u0022center\u0022\u003EEnr\u00f4lement, tenue des audiences, mise en forme, avis aux parties dans le cadre d\u0027une ordonnance de r\u00e9f\u00e9r\u00e9, par partie suppl\u00e9mentaire au-del\u00e0 de 2 parties\u003C\/p\u003E\u003C\/td\u003E\u003Ctd\u003E\u003Cp align=\u0022center\u0022\u003E5,31 \u20ac\u003C\/p\u003E\u003C\/td\u003E\u003C\/tr\u003E\u003Ctr\u003E\u003Ctd valign=\u0022top\u0022\u003E\u003Cp align=\u0022center\u0022\u003EForfait de transmission d\u0027une ordonnance de r\u00e9f\u00e9r\u00e9, par partie\u003C\/p\u003E\u003C\/td\u003E\u003Ctd\u003E\u003Cp align=\u0022center\u0022\u003E8,16 \u20ac\u003C\/p\u003E\u003C\/td\u003E\u003C\/tr\u003E\u003Ctr\u003E\u003Ctd rowspan=\u002211\u0022\u003E\u003Cp align=\u0022center\u0022\u003E\u003Cstrong\u003EProc\u00e9dures ouvertes apr\u00e8s le 1er janvier 2006\u003C\/strong\u003E\u003C\/p\u003E\u003C\/td\u003E\u003Ctd valign=\u0022top\u0022\u003E\u003Cp align=\u0022center\u0022\u003EDiligences en mati\u00e8re d\u0027enqu\u00eate hors la d\u00e9livrance des copies ou extraits et des avis, notifications, convocations et communications\u003C\/p\u003E\u003C\/td\u003E\u003Ctd\u003E\u003Cp align=\u0022center\u0022\u003E10,60 \u20ac\u003C\/p\u003E\u003C\/td\u003E\u003C\/tr\u003E\u003Ctr\u003E\u003Ctd valign=\u0022top\u0022\u003E\u003Cp align=\u0022center\u0022\u003ER\u00e9ception de la demande de mandat ad hoc, de conciliation, de sauvegarde, de redressement judiciaire et de liquidations judiciaires, hors la d\u00e9livrance des copies ou extraits\u003C\/p\u003E\u003C\/td\u003E\u003Ctd\u003E\u003Cp align=\u0022center\u0022\u003E6,36 \u20ac\u003C\/p\u003E\u003C\/td\u003E\u003C\/tr\u003E\u003Ctr\u003E\u003Ctd valign=\u0022top\u0022\u003E\u003Cp align=\u0022center\u0022\u003EDiligences en cas de saisine d\u0027office ou \u00e0 la requ\u00eate du procureur de la R\u00e9publique, hors la d\u00e9livrance des copies ou extraits\u003C\/p\u003E\u003C\/td\u003E\u003Ctd\u003E\u003Cp align=\u0022center\u0022\u003E3,19 \u20ac\u003C\/p\u003E\u003C\/td\u003E\u003C\/tr\u003E\u003Ctr\u003E\u003Ctd valign=\u0022top\u0022\u003E\u003Cp align=\u0022center\u0022\u003EConvocation devant le juge-commissaire\u003C\/p\u003E\u003C\/td\u003E\u003Ctd\u003E\u003Cp align=\u0022center\u0022\u003E3,19 \u20ac\u003C\/p\u003E\u003C\/td\u003E\u003C\/tr\u003E\u003Ctr\u003E\u003Ctd valign=\u0022top\u0022\u003E\u003Cp align=\u0022center\u0022\u003EConvocation devant le pr\u00e9sident du tribunal pour un mandat ad hoc ou une conciliation ou devant le tribunal\u003C\/p\u003E\u003C\/td\u003E\u003Ctd\u003E\u003Cp align=\u0022center\u0022\u003E3,19 \u20ac\u003C\/p\u003E\u003C\/td\u003E\u003C\/tr\u003E\u003Ctr\u003E\u003Ctd valign=\u0022top\u0022\u003E\u003Cp align=\u0022center\u0022\u003EAvis au cr\u00e9ancier en mati\u00e8re d\u0027admission de cr\u00e9ances sans d\u00e9bat contradictoire\u003C\/p\u003E\u003C\/td\u003E\u003Ctd\u003E\u003Cp align=\u0022center\u0022\u003E1,08 \u20ac\u003C\/p\u003E\u003C\/td\u003E\u003C\/tr\u003E\u003Ctr\u003E\u003Ctd valign=\u0022top\u0022\u003E\u003Cp align=\u0022center\u0022\u003EOrdonnances du juge-commissaire apr\u00e8s d\u00e9bat contradictoire\u003C\/p\u003E\u003C\/td\u003E\u003Ctd\u003E\u003Cp align=\u0022center\u0022\u003E6,36 \u20ac\u003C\/p\u003E\u003C\/td\u003E\u003C\/tr\u003E\u003Ctr\u003E\u003Ctd valign=\u0022top\u0022\u003E\u003Cp align=\u0022center\u0022\u003EDiligences relatives \u00e0 la notification des jugements et des requ\u00eates, aux significations et aux convocations par voie d\u0027huissier\u003C\/p\u003E\u003C\/td\u003E\u003Ctd\u003E\u003Cp align=\u0022center\u0022\u003E6,36 \u20ac\u003C\/p\u003E\u003C\/td\u003E\u003C\/tr\u003E\u003Ctr\u003E\u003Ctd valign=\u0022top\u0022\u003E\u003Cp align=\u0022center\u0022\u003EMention sur l\u0027\u00e9tat des cr\u00e9ances\u003C\/p\u003E\u003C\/td\u003E\u003Ctd\u003E\u003Cp align=\u0022center\u0022\u003E1,08 \u20ac\u003C\/p\u003E\u003C\/td\u003E\u003C\/tr\u003E\u003Ctr\u003E\u003Ctd valign=\u0022top\u0022\u003E\u003Cp align=\u0022center\u0022\u003ED\u00e9p\u00f4t et la conservation des documents, actes ou pi\u00e8ces, y inclus proc\u00e8s-verbal et certificat de d\u00e9p\u00f4t ou re\u00e7us de d\u00e9claration\u003C\/p\u003E\u003C\/td\u003E\u003Ctd\u003E\u003Cp align=\u0022center\u0022\u003E2,13 \u20ac\u003C\/p\u003E\u003C\/td\u003E\u003C\/tr\u003E\u003Ctr\u003E\u003Ctd valign=\u0022top\u0022\u003E\u003Cp align=\u0022center\u0022\u003EExtrait \u00e9tabli en vue des mesures de publicit\u00e9\u003C\/p\u003E\u003C\/td\u003E\u003Ctd\u003E\u003Cp align=\u0022center\u0022\u003E1,08 \u20ac\u003C\/p\u003E\u003C\/td\u003E\u003C\/tr\u003E\u003C\/tbody\u003E\u003C\/table\u003E                                            \u003Cp\u003E\u003Cbr \/\u003E\u003Cstrong\u003ESource :\u003C\/strong\u003E\u003Cstrong\u003E\u00a0\u003C\/strong\u003E\u003C\/p\u003E\u003Cul\u003E\u003Cli\u003E\u003Ca href=\u0022https:\/\/www.legifrance.gouv.fr\/codes\/article_lc\/LEGIARTI000049218454\u0022 target=\u0022_blank\u0022 rel=\u0022noopener\u0022\u003EArticle A743-9 du Code de commerce\u003C\/a\u003E\u003C\/li\u003E\u003Cli\u003E\u003Ca href=\u0022https:\/\/www.legifrance.gouv.fr\/jorf\/id\/JORFTEXT000049209738\u0022 target=\u0022_blank\u0022 rel=\u0022noopener\u0022\u003EArr\u00eat\u00e9 du 28 f\u00e9vrier 2024 fixant l\u0027objectif de taux de r\u00e9sultat moyen et les tarifs r\u00e8glement\u00e9s des greffiers de tribunaux de commerce\u003C\/a\u003E\u003C\/li\u003E\u003C\/ul\u003E\u003C\/div\u003E","annee":"2025","theme":" Indices, taux, bar\u00e8mes juridiques","activites":["Professionnels du droit et du chiffre"],"image":"https:\/\/www.weblex.fr\/sites\/default\/files\/chiffres_clef\/Shutterstock_greffierstribunauxcommerce.jpg","created":"2025-12-09","modified":"2026-02-10"},{"url":"\/chiffres-cles\/tarifs-des-greffiers-des-tribunaux-de-commerce-privileges-et-suretes-2024-2026","id":27079,"title":"Tarifs des greffiers des tribunaux de commerce \u2013 Privil\u00e8ges et s\u00fbret\u00e9s - 2024-2026","content":"\u003Cdiv\u003E                                              \u003Ch2\u003EApplicables du 1er mars 2024 au 28 f\u00e9vrier 2026\u003C\/h2\u003E\u003Cp\u003ELes prestations mentionn\u00e9es ci-dessous donnent lieu \u00e0 la perception des \u00e9moluments suivants :\u003C\/p\u003E\u003Ctable class=\u0022MsoTableGrid\u0022\u003E\u003Ctbody\u003E\u003Ctr\u003E\u003Ctd\u003E\u003Cp align=\u0022center\u0022\u003E\u003Cstrong\u003ECAT\u00c9GORIE\u003C\/strong\u003E\u003C\/p\u003E\u003C\/td\u003E\u003Ctd valign=\u0022top\u0022\u003E\u003Cp align=\u0022center\u0022\u003E\u003Cstrong\u003ED\u00c9SIGNATION DE LA PRESTATION\u003C\/strong\u003E\u003C\/p\u003E\u003C\/td\u003E\u003Ctd\u003E\u003Cp align=\u0022center\u0022\u003E\u003Cstrong\u003E\u00c9MOLUMENT\u003C\/strong\u003E\u003C\/p\u003E\u003C\/td\u003E\u003C\/tr\u003E\u003Ctr\u003E\u003Ctd rowspan=\u00224\u0022\u003E\u003Cp align=\u0022center\u0022\u003E\u003Cstrong\u003EPrivil\u00e8ge du Tr\u00e9sor en mati\u00e8re fiscale\u003C\/strong\u003E\u003C\/p\u003E\u003C\/td\u003E\u003Ctd valign=\u0022top\u0022\u003E\u003Cp align=\u0022center\u0022\u003E1re inscription, la radiation totale ou partielle d\u0027une inscription non p\u00e9rim\u00e9e\u003C\/p\u003E\u003C\/td\u003E\u003Ctd\u003E\u003Cp align=\u0022center\u0022\u003E1,60 \u20ac\u003C\/p\u003E\u003C\/td\u003E\u003C\/tr\u003E\u003Ctr\u003E\u003Ctd valign=\u0022top\u0022\u003E\u003Cp align=\u0022center\u0022\u003EInscription suivante, le renouvellement d\u0027une inscription ou la subrogation\u003C\/p\u003E\u003C\/td\u003E\u003Ctd\u003E\u003Cp align=\u0022center\u0022\u003E2,13 \u20ac\u003C\/p\u003E\u003C\/td\u003E\u003C\/tr\u003E\u003Ctr\u003E\u003Ctd valign=\u0022top\u0022\u003E\u003Cp align=\u0022center\u0022\u003ED\u00e9livrance d\u0027un \u00e9tat d\u0027inscription positif ou n\u00e9gatif, quel que soit le nombre d\u0027inscriptions r\u00e9v\u00e9l\u00e9es\u003C\/p\u003E\u003C\/td\u003E\u003Ctd\u003E\u003Cp align=\u0022center\u0022\u003E2,13 \u20ac\u003C\/p\u003E\u003C\/td\u003E\u003C\/tr\u003E\u003Ctr\u003E\u003Ctd valign=\u0022top\u0022\u003E\u003Cp align=\u0022center\u0022\u003EMention d\u0027une contestation en marge d\u0027une inscription\u003C\/p\u003E\u003C\/td\u003E\u003Ctd\u003E\u003Cp align=\u0022center\u0022\u003E1,08 \u20ac\u003C\/p\u003E\u003C\/td\u003E\u003C\/tr\u003E\u003Ctr\u003E\u003Ctd rowspan=\u002212\u0022\u003E\u003Cp align=\u0022center\u0022\u003E\u003Cstrong\u003EPrivil\u00e8ge de la s\u00e9curit\u00e9 sociale et des r\u00e9gimes compl\u00e9mentaires\u003C\/strong\u003E\u003C\/p\u003E\u003C\/td\u003E\u003Ctd colspan=\u00222\u0022 valign=\u0022top\u0022\u003E\u003Cp align=\u0022center\u0022\u003EInscription, y compris radiation totale d\u0027une inscription non p\u00e9rim\u00e9e\u0026nbsp;:\u003C\/p\u003E\u003C\/td\u003E\u003C\/tr\u003E\u003Ctr\u003E\u003Ctd valign=\u0022top\u0022\u003E\u003Cp align=\u0022center\u0022\u003Ea) Montant des sommes privil\u00e9gi\u00e9es inf\u00e9rieur \u00e0 20\u0026nbsp;800 \u20ac\u003C\/p\u003E\u003C\/td\u003E\u003Ctd\u003E\u003Cp align=\u0022center\u0022\u003E7,42 \u20ac\u003C\/p\u003E\u003C\/td\u003E\u003C\/tr\u003E\u003Ctr\u003E\u003Ctd valign=\u0022top\u0022\u003E\u003Cp align=\u0022center\u0022\u003Eb) Montant des sommes privil\u00e9gi\u00e9es sup\u00e9rieur ou \u00e9gal \u00e0 20\u0026nbsp;800 \u20ac\u003C\/p\u003E\u003C\/td\u003E\u003Ctd\u003E\u003Cp align=\u0022center\u0022\u003E32,84\u0026nbsp;\u20ac\u003C\/p\u003E\u003C\/td\u003E\u003C\/tr\u003E\u003Ctr\u003E\u003Ctd colspan=\u00222\u0022 valign=\u0022top\u0022\u003E\u003Cp align=\u0022center\u0022\u003ERadiation partielle d\u0027une inscription non p\u00e9rim\u00e9e\u0026nbsp;:\u003C\/p\u003E\u003C\/td\u003E\u003C\/tr\u003E\u003Ctr\u003E\u003Ctd valign=\u0022top\u0022\u003E\u003Cp align=\u0022center\u0022\u003Ea) Montant des sommes privil\u00e9gi\u00e9es inf\u00e9rieur \u00e0 20\u0026nbsp;800 \u20ac\u003C\/p\u003E\u003C\/td\u003E\u003Ctd\u003E\u003Cp align=\u0022center\u0022\u003E7,42 \u20ac\u003C\/p\u003E\u003C\/td\u003E\u003C\/tr\u003E\u003Ctr\u003E\u003Ctd valign=\u0022top\u0022\u003E\u003Cp align=\u0022center\u0022\u003Eb) Montant des sommes privil\u00e9gi\u00e9es sup\u00e9rieur ou \u00e9gal \u00e0 20\u0026nbsp;800 \u20ac\u003C\/p\u003E\u003C\/td\u003E\u003Ctd\u003E\u003Cp align=\u0022center\u0022\u003E32,85 \u20ac\u003C\/p\u003E\u003C\/td\u003E\u003C\/tr\u003E\u003Ctr\u003E\u003Ctd colspan=\u00222\u0022 valign=\u0022top\u0022\u003E\u003Cp align=\u0022center\u0022\u003ERenouvellement d\u0027une inscription, subrogation\u0026nbsp;:\u003C\/p\u003E\u003C\/td\u003E\u003C\/tr\u003E\u003Ctr\u003E\u003Ctd valign=\u0022top\u0022\u003E\u003Cp align=\u0022center\u0022\u003Ea) Montant des sommes privil\u00e9gi\u00e9es inf\u00e9rieur \u00e0 20\u0026nbsp;800 \u20ac\u003C\/p\u003E\u003C\/td\u003E\u003Ctd\u003E\u003Cp align=\u0022center\u0022\u003E5,31\u20ac\u003C\/p\u003E\u003C\/td\u003E\u003C\/tr\u003E\u003Ctr\u003E\u003Ctd valign=\u0022top\u0022\u003E\u003Cp align=\u0022center\u0022\u003Eb) Montant des sommes privil\u00e9gi\u00e9es sup\u00e9rieur ou \u00e9gal \u00e0 20\u0026nbsp;800 \u20ac\u003C\/p\u003E\u003C\/td\u003E\u003Ctd\u003E\u003Cp align=\u0022center\u0022\u003E16,95 \u20ac\u003C\/p\u003E\u003C\/td\u003E\u003C\/tr\u003E\u003Ctr\u003E\u003Ctd valign=\u0022top\u0022\u003E\u003Cp align=\u0022center\u0022\u003EMention d\u0027une saisie en marge des diff\u00e9rentes inscriptions concernant un m\u00eame d\u00e9biteur, la radiation partielle ou totale de ces inscriptions\u003C\/p\u003E\u003C\/td\u003E\u003Ctd\u003E\u003Cp align=\u0022center\u0022\u003E1,08 \u20ac\u003C\/p\u003E\u003C\/td\u003E\u003C\/tr\u003E\u003Ctr\u003E\u003Ctd valign=\u0022top\u0022\u003E\u003Cp align=\u0022center\u0022\u003ED\u00e9livrance d\u0027un \u00e9tat d\u0027inscription positif ou n\u00e9gatif, quel que soit le nombre d\u0027inscriptions r\u00e9v\u00e9l\u00e9es\u003C\/p\u003E\u003C\/td\u003E\u003Ctd\u003E\u003Cp align=\u0022center\u0022\u003E2,13 \u20ac\u003C\/p\u003E\u003C\/td\u003E\u003C\/tr\u003E\u003Ctr\u003E\u003Ctd valign=\u0022top\u0022\u003E\u003Cp align=\u0022center\u0022\u003ED\u00e9livrance d\u0027un certificat de subrogation, de mention de saisie, de radiation de cette mention, de radiation d\u0027inscription\u003C\/p\u003E\u003C\/td\u003E\u003Ctd\u003E\u003Cp align=\u0022center\u0022\u003E1,08 \u20ac\u003C\/p\u003E\u003C\/td\u003E\u003C\/tr\u003E\u003Ctr\u003E\u003Ctd rowspan=\u002216\u0022\u003E\u003Cp align=\u0022center\u0022\u003E\u003Cstrong\u003EActes de vente et nantissement des fonds de commerce\u003C\/strong\u003E\u003C\/p\u003E\u003C\/td\u003E\u003Ctd colspan=\u00222\u0022 valign=\u0022top\u0022\u003E\u003Cp align=\u0022center\u0022\u003EInscription, y compris radiation totale d\u0027une inscription non p\u00e9rim\u00e9e\u0026nbsp;:\u003C\/p\u003E\u003C\/td\u003E\u003C\/tr\u003E\u003Ctr\u003E\u003Ctd valign=\u0022top\u0022\u003E\u003Cp align=\u0022center\u0022\u003Ea) Montant des sommes privil\u00e9gi\u00e9es inf\u00e9rieur \u00e0 20\u0026nbsp;800 \u20ac\u003C\/p\u003E\u003C\/td\u003E\u003Ctd\u003E\u003Cp align=\u0022center\u0022\u003E14,83 \u20ac\u003C\/p\u003E\u003C\/td\u003E\u003C\/tr\u003E\u003Ctr\u003E\u003Ctd valign=\u0022top\u0022\u003E\u003Cp align=\u0022center\u0022\u003Eb) Montant des sommes privil\u00e9gi\u00e9es sup\u00e9rieur ou \u00e9gal \u00e0 20\u0026nbsp;800 \u20ac et inf\u00e9rieur \u00e0 41\u0026nbsp;600 \u20ac\u003C\/p\u003E\u003C\/td\u003E\u003Ctd\u003E\u003Cp align=\u0022center\u0022\u003E65,66 \u20ac\u003C\/p\u003E\u003C\/td\u003E\u003C\/tr\u003E\u003Ctr\u003E\u003Ctd\u003E\u003Cp align=\u0022center\u0022\u003Ec) Montant des sommes privil\u00e9gi\u00e9es sup\u00e9rieur ou \u00e9gal \u00e0 41\u0026nbsp;600 \u20ac\u003C\/p\u003E\u003C\/td\u003E\u003Ctd\u003E\u003Cp align=\u0022center\u0022\u003E98,49 \u20ac\u003C\/p\u003E\u003C\/td\u003E\u003C\/tr\u003E\u003Ctr\u003E\u003Ctd colspan=\u00222\u0022 valign=\u0022top\u0022\u003E\u003Cp align=\u0022center\u0022\u003ERadiation partielle d\u0027une inscription non p\u00e9rim\u00e9e\u0026nbsp;:\u003C\/p\u003E\u003C\/td\u003E\u003C\/tr\u003E\u003Ctr\u003E\u003Ctd valign=\u0022top\u0022\u003E\u003Cp align=\u0022center\u0022\u003Ea) Montant des sommes privil\u00e9gi\u00e9es inf\u00e9rieur \u00e0 20\u0026nbsp;800 \u20ac\u003C\/p\u003E\u003C\/td\u003E\u003Ctd\u003E\u003Cp align=\u0022center\u0022\u003E7,42 \u20ac\u003C\/p\u003E\u003C\/td\u003E\u003C\/tr\u003E\u003Ctr\u003E\u003Ctd valign=\u0022top\u0022\u003E\u003Cp align=\u0022center\u0022\u003Eb) Montant des sommes privil\u00e9gi\u00e9es sup\u00e9rieur ou \u00e9gal \u00e0 20\u0026nbsp;800 \u20ac\u003C\/p\u003E\u003C\/td\u003E\u003Ctd\u003E\u003Cp align=\u0022center\u0022\u003E32,85 \u20ac\u003C\/p\u003E\u003C\/td\u003E\u003C\/tr\u003E\u003Ctr\u003E\u003Ctd colspan=\u00222\u0022 valign=\u0022top\u0022\u003E\u003Cp align=\u0022center\u0022\u003EMention d\u0027ant\u00e9riorit\u00e9 ou de subrogation, le renouvellement d\u0027inscription\u0026nbsp;:\u003C\/p\u003E\u003C\/td\u003E\u003C\/tr\u003E\u003Ctr\u003E\u003Ctd valign=\u0022top\u0022\u003E\u003Cp align=\u0022center\u0022\u003Ea) Montant des sommes privil\u00e9gi\u00e9es inf\u00e9rieur \u00e0 20\u0026nbsp;800 \u20ac\u003C\/p\u003E\u003C\/td\u003E\u003Ctd\u003E\u003Cp align=\u0022center\u0022\u003E5,31 \u20ac\u003C\/p\u003E\u003C\/td\u003E\u003C\/tr\u003E\u003Ctr\u003E\u003Ctd valign=\u0022top\u0022\u003E\u003Cp align=\u0022center\u0022\u003Eb) Montant des sommes privil\u00e9gi\u00e9es sup\u00e9rieur ou \u00e9gal \u00e0 20\u0026nbsp;800 \u20ac\u003C\/p\u003E\u003C\/td\u003E\u003Ctd\u003E\u003Cp align=\u0022center\u0022\u003E16,95 \u20ac\u003C\/p\u003E\u003C\/td\u003E\u003C\/tr\u003E\u003Ctr\u003E\u003Ctd valign=\u0022top\u0022\u003E\u003Cp align=\u0022center\u0022\u003EEnsemble des formalit\u00e9s li\u00e9es au proc\u00e8s-verbal de d\u00e9p\u00f4t, certificat de d\u00e9p\u00f4t et certificat constatant une transcription, une cession d\u0027ant\u00e9riorit\u00e9 ou de radiation\u003C\/p\u003E\u003C\/td\u003E\u003Ctd\u003E\u003Cp align=\u0022center\u0022\u003E3,19 \u20ac\u003C\/p\u003E\u003C\/td\u003E\u003C\/tr\u003E\u003Ctr\u003E\u003Ctd valign=\u0022top\u0022\u003E\u003Cp align=\u0022center\u0022\u003ED\u00e9livrance d\u0027un \u00e9tat d\u0027inscription positif ou n\u00e9gatif, quel que soit le nombre d\u0027inscriptions r\u00e9v\u00e9l\u00e9es\u003C\/p\u003E\u003C\/td\u003E\u003Ctd\u003E\u003Cp align=\u0022center\u0022\u003E2,13 \u20ac\u003C\/p\u003E\u003C\/td\u003E\u003C\/tr\u003E\u003Ctr\u003E\u003Ctd valign=\u0022top\u0022\u003E\u003Cp align=\u0022center\u0022\u003ER\u00e9daction de la d\u00e9claration de cr\u00e9ance et le certificat constatant cette d\u00e9claration\u003C\/p\u003E\u003C\/td\u003E\u003Ctd\u003E\u003Cp align=\u0022center\u0022\u003E2,13 \u20ac\u003C\/p\u003E\u003C\/td\u003E\u003C\/tr\u003E\u003Ctr\u003E\u003Ctd valign=\u0022top\u0022\u003E\u003Cp align=\u0022center\u0022\u003EMention de changement de si\u00e8ge de fonds, le certificat d\u0027inscription des ventes, les cessions ou nantissements en ce qu\u0027ils s\u0027appliquent aux brevets d\u0027invention et aux licences, aux marques de fabrique et de commerce, aux dessins et mod\u00e8les industriels\u003C\/p\u003E\u003C\/td\u003E\u003Ctd\u003E\u003Cp align=\u0022center\u0022\u003E1,08 \u20ac\u003C\/p\u003E\u003C\/td\u003E\u003C\/tr\u003E\u003Ctr\u003E\u003Ctd valign=\u0022top\u0022\u003E\u003Cp align=\u0022center\u0022\u003ED\u00e9livrance des copies de bordereaux d\u0027inscription et des actes de vente sous seing priv\u00e9 d\u00e9pos\u00e9s au greffe\u003C\/p\u003E\u003C\/td\u003E\u003Ctd\u003E\u003Cp align=\u0022center\u0022\u003E1,08 \u20ac\u003C\/p\u003E\u003C\/td\u003E\u003C\/tr\u003E\u003Ctr\u003E\u003Ctd valign=\u0022top\u0022\u003E\u003Cp align=\u0022center\u0022\u003ECopie certifi\u00e9e conforme\u003C\/p\u003E\u003C\/td\u003E\u003Ctd\u003E\u003Cp align=\u0022center\u0022\u003E2,13 \u20ac\u003C\/p\u003E\u003C\/td\u003E\u003C\/tr\u003E\u003Ctr\u003E\u003Ctd\u003E\u003Cp align=\u0022center\u0022\u003E\u003Cstrong\u003EActes de nantissement d\u0027un fonds agricole ou d\u0027un fonds artisanal\u003C\/strong\u003E\u003C\/p\u003E\u003C\/td\u003E\u003Ctd valign=\u0022top\u0022\u003E\u003Cp align=\u0022center\u0022\u003ECes prestations sont analogues \u00e0 celles des actes de nantissement de fonds de commerce, mais effectu\u00e9es dans le cadre d\u0027un nantissement de fonds agricole ou artisanal\u003C\/p\u003E\u003C\/td\u003E\u003Ctd rowspan=\u00224\u0022\u003E\u003Cp align=\u0022center\u0022\u003E\u00c9moluments \u00e9gaux \u00e0 ceux pr\u00e9vus pour les actes ou formalit\u00e9s analogues en cas de nantissement de fonds de commerce\u003C\/p\u003E\u003C\/td\u003E\u003C\/tr\u003E\u003Ctr\u003E\u003Ctd\u003E\u003Cp align=\u0022center\u0022\u003E\u003Cstrong\u003EActes de nantissement judiciaire\u003C\/strong\u003E\u003C\/p\u003E\u003C\/td\u003E\u003Ctd valign=\u0022top\u0022\u003E\u003Cp align=\u0022center\u0022\u003ECes prestations sont analogues \u00e0 celles des actes de nantissement de fonds de commerce, mais effectu\u00e9es dans le cadre d\u0027un nantissement judiciaire\u003C\/p\u003E\u003C\/td\u003E\u003C\/tr\u003E\u003Ctr\u003E\u003Ctd\u003E\u003Cp align=\u0022center\u0022\u003E\u003Cstrong\u003EActes de gage des stocks\u003C\/strong\u003E\u003C\/p\u003E\u003C\/td\u003E\u003Ctd valign=\u0022top\u0022\u003E\u003Cp align=\u0022center\u0022\u003ECes prestations sont analogues \u00e0 celles des actes de nantissement de fonds de commerce, mais effectu\u00e9es dans le cadre d\u0027un gage de stocks.\u003C\/p\u003E\u003C\/td\u003E\u003C\/tr\u003E\u003Ctr\u003E\u003Ctd\u003E\u003Cp align=\u0022center\u0022\u003E\u003Cstrong\u003EActes de nantissement d\u0027outillage ou de mat\u00e9riel\u003C\/strong\u003E\u003C\/p\u003E\u003C\/td\u003E\u003Ctd valign=\u0022top\u0022\u003E\u003Cp align=\u0022center\u0022\u003ECes prestations sont analogues \u00e0 celles des actes de nantissement de fonds de commerce, mais effectu\u00e9es dans le cadre d\u0027un nantissement d\u0027outillage ou de mat\u00e9riel\u003C\/p\u003E\u003C\/td\u003E\u003C\/tr\u003E\u003Ctr\u003E\u003Ctd rowspan=\u002217\u0022\u003E\u003Cp align=\u0022center\u0022\u003E\u003Cstrong\u003EActes de gage sur meubles corporels\u003C\/strong\u003E\u003C\/p\u003E\u003C\/td\u003E\u003Ctd colspan=\u00222\u0022 valign=\u0022top\u0022\u003E\u003Cp align=\u0022center\u0022\u003EGages sur meubles corporels\u0026nbsp;:\u003C\/p\u003E\u003C\/td\u003E\u003C\/tr\u003E\u003Ctr\u003E\u003Ctd colspan=\u00222\u0022 valign=\u0022top\u0022\u003E\u003Cp align=\u0022center\u0022\u003EInscription, y compris radiation totale d\u0027une inscription non p\u00e9rim\u00e9e\u0026nbsp;:\u003C\/p\u003E\u003C\/td\u003E\u003C\/tr\u003E\u003Ctr\u003E\u003Ctd valign=\u0022top\u0022\u003E\u003Cp align=\u0022center\u0022\u003Ea) Montant des sommes garanties inf\u00e9rieur \u00e0 7\u0026nbsp;800 \u20ac\u003C\/p\u003E\u003C\/td\u003E\u003Ctd\u003E\u003Cp align=\u0022center\u0022\u003E7,42 \u20ac\u003C\/p\u003E\u003C\/td\u003E\u003C\/tr\u003E\u003Ctr\u003E\u003Ctd valign=\u0022top\u0022\u003E\u003Cp align=\u0022center\u0022\u003Eb) Montant des sommes garanties sup\u00e9rieur ou \u00e9gal \u00e0 7\u0026nbsp;800 \u20ac et inf\u00e9rieur \u00e0 20\u0026nbsp;800 \u20ac\u003C\/p\u003E\u003C\/td\u003E\u003Ctd\u003E\u003Cp align=\u0022center\u0022\u003E15,89 \u20ac\u003C\/p\u003E\u003C\/td\u003E\u003C\/tr\u003E\u003Ctr\u003E\u003Ctd valign=\u0022top\u0022\u003E\u003Cp align=\u0022center\u0022\u003Ec) Montant des sommes garanties sup\u00e9rieur ou \u00e9gal \u00e0 20\u0026nbsp;800 \u20ac\u003C\/p\u003E\u003C\/td\u003E\u003Ctd\u003E\u003Cp align=\u0022center\u0022\u003E47,66 \u20ac\u003C\/p\u003E\u003C\/td\u003E\u003C\/tr\u003E\u003Ctr\u003E\u003Ctd colspan=\u00222\u0022 valign=\u0022top\u0022\u003E\u003Cp align=\u0022center\u0022\u003ERadiation partielle d\u0027une inscription non p\u00e9rim\u00e9e\u0026nbsp;:\u003C\/p\u003E\u003C\/td\u003E\u003C\/tr\u003E\u003Ctr\u003E\u003Ctd valign=\u0022top\u0022\u003E\u003Cp align=\u0022center\u0022\u003Ea) Montant des sommes garanties inf\u00e9rieur \u00e0 7\u0026nbsp;800 \u20ac\u003C\/p\u003E\u003C\/td\u003E\u003Ctd\u003E\u003Cp align=\u0022center\u0022\u003E4,24 \u20ac\u003C\/p\u003E\u003C\/td\u003E\u003C\/tr\u003E\u003Ctr\u003E\u003Ctd valign=\u0022top\u0022\u003E\u003Cp align=\u0022center\u0022\u003Eb) Montant des sommes garanties sup\u00e9rieur ou \u00e9gal \u00e0 7\u0026nbsp;800 \u20ac et inf\u00e9rieur \u00e0 20\u0026nbsp;800 \u20ac\u003C\/p\u003E\u003C\/td\u003E\u003Ctd\u003E\u003Cp align=\u0022center\u0022\u003E8,49 \u20ac\u003C\/p\u003E\u003C\/td\u003E\u003C\/tr\u003E\u003Ctr\u003E\u003Ctd valign=\u0022top\u0022\u003E\u003Cp align=\u0022center\u0022\u003Ec) Montant des sommes garanties sup\u00e9rieur ou \u00e9gal \u00e0 20\u0026nbsp;800 \u20ac\u003C\/p\u003E\u003C\/td\u003E\u003Ctd\u003E\u003Cp align=\u0022center\u0022\u003E24,37 \u20ac\u003C\/p\u003E\u003C\/td\u003E\u003C\/tr\u003E\u003Ctr\u003E\u003Ctd colspan=\u00222\u0022 valign=\u0022top\u0022\u003E\u003Cp align=\u0022center\u0022\u003EMention d\u0027ant\u00e9riorit\u00e9 ou de subrogation, le renouvellement d\u0027inscription\u0026nbsp;:\u003C\/p\u003E\u003C\/td\u003E\u003C\/tr\u003E\u003Ctr\u003E\u003Ctd valign=\u0022top\u0022\u003E\u003Cp align=\u0022center\u0022\u003Ea) Montant des sommes garanties inf\u00e9rieur \u00e0 7\u0026nbsp;800 \u20ac\u003C\/p\u003E\u003C\/td\u003E\u003Ctd\u003E\u003Cp align=\u0022center\u0022\u003E4,24 \u20ac\u003C\/p\u003E\u003C\/td\u003E\u003C\/tr\u003E\u003Ctr\u003E\u003Ctd valign=\u0022top\u0022\u003E\u003Cp align=\u0022center\u0022\u003Eb) Montant des sommes garanties sup\u00e9rieur ou \u00e9gal \u00e0 7\u0026nbsp;800 \u20ac et inf\u00e9rieur \u00e0 20\u0026nbsp;800 \u20ac\u003C\/p\u003E\u003C\/td\u003E\u003Ctd\u003E\u003Cp align=\u0022center\u0022\u003E8,49 \u20ac\u003C\/p\u003E\u003C\/td\u003E\u003C\/tr\u003E\u003Ctr\u003E\u003Ctd valign=\u0022top\u0022\u003E\u003Cp align=\u0022center\u0022\u003Ec) Montant des sommes garanties sup\u00e9rieur ou \u00e9gal \u00e0 20\u0026nbsp;800 \u20ac\u003C\/p\u003E\u003C\/td\u003E\u003Ctd\u003E\u003Cp align=\u0022center\u0022\u003E24,37 \u20ac\u003C\/p\u003E\u003C\/td\u003E\u003C\/tr\u003E\u003Ctr\u003E\u003Ctd valign=\u0022top\u0022\u003E\u003Cp align=\u0022center\u0022\u003EEnsemble des formalit\u00e9s li\u00e9es au proc\u00e8s-verbal de d\u00e9p\u00f4t, certificat de d\u00e9p\u00f4t et certificat constatant une transcription, une cession d\u0027ant\u00e9riorit\u00e9 ou de radiation\u003C\/p\u003E\u003C\/td\u003E\u003Ctd\u003E\u003Cp align=\u0022center\u0022\u003E1,08 \u20ac\u003C\/p\u003E\u003C\/td\u003E\u003C\/tr\u003E\u003Ctr\u003E\u003Ctd valign=\u0022top\u0022\u003E\u003Cp align=\u0022center\u0022\u003ED\u00e9livrance d\u0027un \u00e9tat d\u0027inscription positif ou n\u00e9gatif, quel que soit le nombre d\u0027inscriptions r\u00e9v\u00e9l\u00e9es\u003C\/p\u003E\u003C\/td\u003E\u003Ctd\u003E\u003Cp align=\u0022center\u0022\u003E2,13 \u20ac\u003C\/p\u003E\u003C\/td\u003E\u003C\/tr\u003E\u003Ctr\u003E\u003Ctd valign=\u0022top\u0022\u003E\u003Cp align=\u0022center\u0022\u003ED\u00e9livrance des copies de bordereaux d\u0027inscription et des actes de vente sous seing priv\u00e9 d\u00e9pos\u00e9s au greffe\u003C\/p\u003E\u003C\/td\u003E\u003Ctd\u003E\u003Cp align=\u0022center\u0022\u003E3,19 \u20ac\u003C\/p\u003E\u003C\/td\u003E\u003C\/tr\u003E\u003Ctr\u003E\u003Ctd valign=\u0022top\u0022\u003E\u003Cp align=\u0022center\u0022\u003ECopie certifi\u00e9e conforme\u003C\/p\u003E\u003C\/td\u003E\u003Ctd\u003E\u003Cp align=\u0022center\u0022\u003E2,13 \u20ac\u003C\/p\u003E\u003C\/td\u003E\u003C\/tr\u003E\u003Ctr\u003E\u003Ctd rowspan=\u002212\u0022\u003E\u003Cp align=\u0022center\u0022\u003E\u003Cstrong\u003EPrestations relatives aux warrants autres qu\u0027agricoles\u003C\/strong\u003E\u003C\/p\u003E\u003C\/td\u003E\u003Ctd colspan=\u00222\u0022 valign=\u0022top\u0022\u003E\u003Cp align=\u0022center\u0022\u003E\u00c9tablissement du warrant, y compris sa radiation (ensemble le volant, la souche et la transcription du premier endossement)\u0026nbsp;:\u003C\/p\u003E\u003C\/td\u003E\u003C\/tr\u003E\u003Ctr\u003E\u003Ctd valign=\u0022top\u0022\u003E\u003Cp align=\u0022center\u0022\u003Ea) Montant des sommes privil\u00e9gi\u00e9es inf\u00e9rieur \u00e0 20\u0026nbsp;800 \u20ac\u003C\/p\u003E\u003C\/td\u003E\u003Ctd\u003E\u003Cp align=\u0022center\u0022\u003E14,83 \u20ac\u003C\/p\u003E\u003C\/td\u003E\u003C\/tr\u003E\u003Ctr\u003E\u003Ctd valign=\u0022top\u0022\u003E\u003Cp align=\u0022center\u0022\u003Eb) Montant des sommes privil\u00e9gi\u00e9es sup\u00e9rieur ou \u00e9gal \u00e0 20\u0026nbsp;800 \u20ac\u003C\/p\u003E\u003C\/td\u003E\u003Ctd\u003E\u003Cp align=\u0022center\u0022\u003E65,66 \u20ac\u003C\/p\u003E\u003C\/td\u003E\u003C\/tr\u003E\u003Ctr\u003E\u003Ctd colspan=\u00222\u0022 valign=\u0022top\u0022\u003E\u003Cp align=\u0022center\u0022\u003ERadiation partielle\u0026nbsp;:\u003C\/p\u003E\u003C\/td\u003E\u003C\/tr\u003E\u003Ctr\u003E\u003Ctd valign=\u0022top\u0022\u003E\u003Cp align=\u0022center\u0022\u003Ea) Montant des sommes privil\u00e9gi\u00e9es inf\u00e9rieur \u00e0 20\u0026nbsp;800 \u20ac\u003C\/p\u003E\u003C\/td\u003E\u003Ctd\u003E\u003Cp align=\u0022center\u0022\u003E14,83 \u20ac\u003C\/p\u003E\u003C\/td\u003E\u003C\/tr\u003E\u003Ctr\u003E\u003Ctd valign=\u0022top\u0022\u003E\u003Cp align=\u0022center\u0022\u003Eb) Montant des sommes privil\u00e9gi\u00e9es sup\u00e9rieur ou \u00e9gal \u00e0 20\u0026nbsp;800 \u20ac\u003C\/p\u003E\u003C\/td\u003E\u003Ctd\u003E\u003Cp align=\u0022center\u0022\u003E65,66 \u20ac\u003C\/p\u003E\u003C\/td\u003E\u003C\/tr\u003E\u003Ctr\u003E\u003Ctd colspan=\u00222\u0022 valign=\u0022top\u0022\u003E\u003Cp align=\u0022center\u0022\u003ERenouvellement du warrant et l\u0027inscription d\u0027avis d\u0027escompte\u0026nbsp;:\u003C\/p\u003E\u003C\/td\u003E\u003C\/tr\u003E\u003Ctr\u003E\u003Ctd valign=\u0022top\u0022\u003E\u003Cp align=\u0022center\u0022\u003Ea) Montant des sommes privil\u00e9gi\u00e9es inf\u00e9rieur \u00e0 20\u0026nbsp;800 \u20ac\u003C\/p\u003E\u003C\/td\u003E\u003Ctd\u003E\u003Cp align=\u0022center\u0022\u003E7,42 \u20ac\u003C\/p\u003E\u003C\/td\u003E\u003C\/tr\u003E\u003Ctr\u003E\u003Ctd valign=\u0022top\u0022\u003E\u003Cp align=\u0022center\u0022\u003Eb) Montant des sommes privil\u00e9gi\u00e9es sup\u00e9rieur ou \u00e9gal \u00e0 20\u0026nbsp;800 \u20ac\u003C\/p\u003E\u003C\/td\u003E\u003Ctd\u003E\u003Cp align=\u0022center\u0022\u003E32,85 \u20ac\u003C\/p\u003E\u003C\/td\u003E\u003C\/tr\u003E\u003Ctr\u003E\u003Ctd valign=\u0022top\u0022\u003E\u003Cp align=\u0022center\u0022\u003ED\u00e9livrance d\u0027un \u00e9tat de transcription ou d\u0027un \u00e9tat n\u00e9gatif\u003C\/p\u003E\u003C\/td\u003E\u003Ctd\u003E\u003Cp align=\u0022center\u0022\u003E2,13 \u20ac\u003C\/p\u003E\u003C\/td\u003E\u003C\/tr\u003E\u003Ctr\u003E\u003Ctd valign=\u0022top\u0022\u003E\u003Cp align=\u0022center\u0022\u003ECertificat de radiation\u003C\/p\u003E\u003C\/td\u003E\u003Ctd\u003E\u003Cp align=\u0022center\u0022\u003E1,08 \u20ac\u003C\/p\u003E\u003C\/td\u003E\u003C\/tr\u003E\u003Ctr\u003E\u003Ctd valign=\u0022top\u0022\u003E\u003Cp align=\u0022center\u0022\u003ER\u00e9daction de lettre recommand\u00e9e en cas de formalit\u00e9 obligatoire\u003C\/p\u003E\u003C\/td\u003E\u003Ctd\u003E\u003Cp align=\u0022center\u0022\u003E0,27 \u20ac\u003C\/p\u003E\u003C\/td\u003E\u003C\/tr\u003E\u003Ctr\u003E\u003Ctd\u003E\u003Cp align=\u0022center\u0022\u003E\u003Cstrong\u003EActes de nantissement de parts sociales ou de meubles incorporels\u003C\/strong\u003E\u003C\/p\u003E\u003C\/td\u003E\u003Ctd valign=\u0022top\u0022\u003E\u003Cp align=\u0022center\u0022\u003ECes prestations sont analogues \u00e0 celles des actes de nantissement de fonds de commerce, mais effectu\u00e9es dans le cadre d\u0027un nantissement de parts sociales ou de meubles incorporels.\u003C\/p\u003E\u003C\/td\u003E\u003Ctd\u003E\u003Cp align=\u0022center\u0022\u003E\u00c9moluments \u00e9gaux \u00e0 ceux pr\u00e9vus pour les actes ou formalit\u00e9s analogues en cas de nantissement de fonds de commerce\u003C\/p\u003E\u003C\/td\u003E\u003C\/tr\u003E\u003C\/tbody\u003E\u003C\/table\u003E                                            \u003Cp\u003E\u003Cbr \/\u003E\u003Cstrong\u003ESource :\u003C\/strong\u003E\u003Cstrong\u003E\u00a0\u003C\/strong\u003E\u003C\/p\u003E\u003Cul\u003E\u003Cli\u003E\u003Ca href=\u0022https:\/\/www.legifrance.gouv.fr\/codes\/article_lc\/LEGIARTI000049218548\u0022 target=\u0022_blank\u0022 rel=\u0022noopener\u0022\u003EArticle A 743-11 du Code de commerce\u003C\/a\u003E\u003C\/li\u003E\u003Cli\u003E\u003Ca href=\u0022https:\/\/www.legifrance.gouv.fr\/loda\/id\/LEGIARTI000049214610\/2024-03-01\/\u0022 target=\u0022_blank\u0022 rel=\u0022noopener\u0022\u003EArr\u00eat\u00e9 du 28 f\u00e9vrier 2024 fixant l\u0027objectif de taux de r\u00e9sultat moyen et les tarifs r\u00e8glement\u00e9s des greffiers de tribunaux de commerce\u003C\/a\u003E\u003C\/li\u003E\u003C\/ul\u003E\u003C\/div\u003E","annee":"2025","theme":" Indices, taux, bar\u00e8mes juridiques","activites":["Professionnels du droit et du chiffre"],"image":"https:\/\/www.weblex.fr\/sites\/default\/files\/chiffres_clef\/Shutterstock_privilegesetsuretesgreffiers.jpg","created":"2025-12-09","modified":"2025-12-09"},{"url":"\/chiffres-cles\/indice-du-climat-des-affaires-dans-le-commerce-de-gros-annee-2025","id":25754,"title":"Indice du climat des affaires dans le commerce de gros - Ann\u00e9e 2025","content":"\u003Cdiv\u003E                                              \u003Cp\u003EIndice du climat des affaires dans le commerce de gros (r\u00e9f\u00e9rence 100 en 1979)\u003C\/p\u003E\u003Ctable class=\u0022MsoTableGrid\u0022\u003E\u003Ctbody\u003E\u003Ctr\u003E\u003Ctd valign=\u0022top\u0022\u003E\u003Cp align=\u0022center\u0022\u003E\u003Cstrong\u003EP\u00e9riode\u003C\/strong\u003E\u003C\/p\u003E\u003C\/td\u003E\u003Ctd valign=\u0022top\u0022\u003E\u003Cp align=\u0022center\u0022\u003E\u003Cstrong\u003EIndice\u003C\/strong\u003E\u003C\/p\u003E\u003C\/td\u003E\u003C\/tr\u003E\u003Ctr\u003E\u003Ctd valign=\u0022top\u0022\u003E\u003Cp\u003EJanvier 2025\u003C\/p\u003E\u003C\/td\u003E\u003Ctd valign=\u0022top\u0022\u003E\u003Cp align=\u0022center\u0022\u003E91\u003C\/p\u003E\u003C\/td\u003E\u003C\/tr\u003E\u003Ctr\u003E\u003Ctd valign=\u0022top\u0022\u003E\u003Cp\u003EMars 2025\u003C\/p\u003E\u003C\/td\u003E\u003Ctd valign=\u0022top\u0022\u003E\u003Cp align=\u0022center\u0022\u003E95\u003C\/p\u003E\u003C\/td\u003E\u003C\/tr\u003E\u003Ctr\u003E\u003Ctd valign=\u0022top\u0022\u003E\u003Cp\u003EMai 2025\u003C\/p\u003E\u003C\/td\u003E\u003Ctd valign=\u0022top\u0022\u003E\u003Cp align=\u0022center\u0022\u003E95\u003C\/p\u003E\u003C\/td\u003E\u003C\/tr\u003E\u003Ctr\u003E\u003Ctd valign=\u0022top\u0022\u003E\u003Cp\u003EJuillet 2025\u003C\/p\u003E\u003C\/td\u003E\u003Ctd valign=\u0022top\u0022\u003E\u003Cp align=\u0022center\u0022\u003E97\u003C\/p\u003E\u003C\/td\u003E\u003C\/tr\u003E\u003Ctr\u003E\u003Ctd valign=\u0022top\u0022\u003E\u003Cp\u003ESeptembre 2025\u003C\/p\u003E\u003C\/td\u003E\u003Ctd valign=\u0022top\u0022\u003E\u003Cp align=\u0022center\u0022\u003E98\u003C\/p\u003E\u003C\/td\u003E\u003C\/tr\u003E\u003Ctr\u003E\u003Ctd valign=\u0022top\u0022\u003E\u003Cp\u003ENovembre 2025\u003C\/p\u003E\u003C\/td\u003E\u003Ctd valign=\u0022top\u0022\u003E\u003Cp align=\u0022center\u0022\u003E98\u003C\/p\u003E\u003C\/td\u003E\u003C\/tr\u003E\u003C\/tbody\u003E\u003C\/table\u003E                                            \u003Cp\u003E\u003Cbr \/\u003E\u003Cstrong\u003ESource :\u003C\/strong\u003E\u003Cstrong\u003E\u00a0\u003C\/strong\u003E\u003C\/p\u003E\u003Cul\u003E\u003Cli\u003E\u003Ca href=\u0022https:\/\/www.insee.fr\/fr\/statistiques\/8670341\u0022 target=\u0022_blank\u0022 rel=\u0022noopener\u0022\u003EIndice du climat des affaires dans le commerce de gros \u2013 Novembre 2025\u003C\/a\u003E\u003C\/li\u003E\u003C\/ul\u003E\u003C\/div\u003E","annee":"2025","theme":" Indices, taux, bar\u00e8mes juridiques","activites":["Distributeur \/ Grossiste"],"image":"https:\/\/www.weblex.fr\/sites\/default\/files\/chiffres_clef\/Shutterstock_commerceengrosclimatdesaffaires.jpg","created":"2025-12-09","modified":"2026-02-16"},{"url":"\/chiffres-cles\/tarifs-des-mandataires-judiciaires-et-des-liquidateurs-2024-2026-0","id":27070,"title":"Tarifs des mandataires judiciaires et des liquidateurs - 2024-2026","content":"\u003Cdiv\u003E                                              \u003Cp\u003EL\u0027\u00e9molument pr\u00e9vu au profit du mandataire judiciaire pour l\u0027ensemble de la proc\u00e9dure de sauvegarde ou de redressement judiciaire est fix\u00e9 \u00e0 2 351,25 \u20ac.\u003C\/p\u003E\u003Cp\u003EL\u0027\u00e9molument pr\u00e9vu au profit du liquidateur est \u00e9galement fix\u00e9 \u00e0 2 351,25 \u20ac.\u003C\/p\u003E\u003Cp\u003ELe liquidateur per\u00e7oit pour l\u0027ensemble de la proc\u00e9dure de liquidation judiciaire, un \u00e9molument fix\u00e9 \u00e0 2 351,25 \u20ac.\u003C\/p\u003E\u003Cp\u003EL\u0027\u00e9molument pr\u00e9vu au titre de l\u0027enregistrement des cr\u00e9ances d\u00e9clar\u00e9es et non v\u00e9rifi\u00e9es, ainsi que des cr\u00e9ances list\u00e9es est fix\u00e9 \u00e0 :\u003C\/p\u003E\u003Cul\u003E\u003Cli\u003E4,70 \u20ac par cr\u00e9ance lorsque le montant de la cr\u00e9ance est inf\u00e9rieur \u00e0 150 \u20ac ;\u003C\/li\u003E\u003Cli\u003E9,41 \u20ac par cr\u00e9ance lorsque le montant de la cr\u00e9ance est \u00e9gal ou sup\u00e9rieur \u00e0 150 \u20ac.\u003C\/li\u003E\u003C\/ul\u003E\u003Cp\u003EL\u0027\u00e9molument pr\u00e9vu au titre de la v\u00e9rification des cr\u00e9ances non salariales varie en fonction du montant de la cr\u00e9ance selon le bar\u00e8me suivant :\u003C\/p\u003E\u003Ctable class=\u0022MsoTableGrid\u0022\u003E\u003Ctbody\u003E\u003Ctr\u003E\u003Ctd\u003E\u003Cp align=\u0022center\u0022\u003E\u003Cstrong\u003EMONTANT DE LA CR\u00c9ANCE EN \u20ac\u003C\/strong\u003E\u003C\/p\u003E\u003C\/td\u003E\u003Ctd\u003E\u003Cp align=\u0022center\u0022\u003E\u003Cstrong\u003E\u00c9MOLUMENT EN \u20ac (PAR CR\u00c9ANCE)\u003C\/strong\u003E\u003C\/p\u003E\u003C\/td\u003E\u003C\/tr\u003E\u003Ctr\u003E\u003Ctd valign=\u0022top\u0022\u003E\u003Cp align=\u0022center\u0022\u003EDe 40 \u00e0 150 \u20ac\u003C\/p\u003E\u003C\/td\u003E\u003Ctd\u003E\u003Cp align=\u0022center\u0022\u003E28,22 \u20ac\u003C\/p\u003E\u003C\/td\u003E\u003C\/tr\u003E\u003Ctr\u003E\u003Ctd valign=\u0022top\u0022\u003E\u003Cp align=\u0022center\u0022\u003ESup\u00e9rieur ou \u00e9gal \u00e0 150 \u20ac\u003C\/p\u003E\u003C\/td\u003E\u003Ctd\u003E\u003Cp align=\u0022center\u0022\u003E47,03 \u20ac\u003C\/p\u003E\u003C\/td\u003E\u003C\/tr\u003E\u003C\/tbody\u003E\u003C\/table\u003E\u003Cp\u003EL\u0027\u00e9molument pr\u00e9vu au titre de l\u0027\u00e9tablissement des relev\u00e9s des cr\u00e9ances salariales est fix\u00e9 \u00e0 112,86 \u20ac par salari\u00e9.\u003C\/p\u003E\u003Cp\u003EEst fix\u00e9 \u00e0 94,05 \u20ac, l\u0027\u00e9molument pr\u00e9vu pour :\u003C\/p\u003E\u003Cul\u003E\u003Cli\u003Eles contestations des cr\u00e9ances autres que salariales dont l\u0027admission ou le rejet a donn\u00e9 lieu \u00e0 une d\u00e9cision du juge-commissaire inscrite sur l\u0027\u00e9tat des cr\u00e9ances ;\u003C\/li\u003E\u003Cli\u003Etout contentieux portant sur une demande en revendication ou en restitution ayant donn\u00e9 lieu \u00e0 une d\u00e9cision du juge-commissaire ;\u003C\/li\u003E\u003Cli\u003Etoute instance introduite ou reprise devant la juridiction prud\u0027homale et \u00e0 laquelle il a \u00e9t\u00e9 mis fin soit par une d\u00e9cision judiciaire au terme d\u0027une instance dans laquelle le mandataire judiciaire a \u00e9t\u00e9 pr\u00e9sent ou repr\u00e9sent\u00e9, soit par la conclusion d\u0027un accord amiable vis\u00e9 par le juge-commissaire auquel le mandataire judiciaire a \u00e9t\u00e9 partie.\u003C\/li\u003E\u003C\/ul\u003E\u003Cp\u003EL\u0027\u00e9molument d\u00fb au titre de la mission de r\u00e9partition des fonds entre les cr\u00e9anciers confi\u00e9e par le tribunal au mandataire judiciaire est fix\u00e9 selon le bar\u00e8me suivant :\u003Cbr\u003E\u0026nbsp;\u003C\/p\u003E\u003Ctable class=\u0022MsoTableGrid\u0022\u003E\u003Ctbody\u003E\u003Ctr\u003E\u003Ctd\u003E\u003Cp align=\u0022center\u0022\u003E\u003Cstrong\u003ETRANCHES D\u2019ASSIETTE\u003C\/strong\u003E\u003C\/p\u003E\u003C\/td\u003E\u003Ctd\u003E\u003Cp align=\u0022center\u0022\u003E\u003Cstrong\u003ETAUX APPLICABLE\u003C\/strong\u003E\u003C\/p\u003E\u003C\/td\u003E\u003C\/tr\u003E\u003Ctr\u003E\u003Ctd valign=\u0022top\u0022\u003E\u003Cp align=\u0022center\u0022\u003EDe 0 \u20ac \u00e0 15\u0026nbsp;000 \u20ac\u003C\/p\u003E\u003C\/td\u003E\u003Ctd\u003E\u003Cp align=\u0022center\u0022\u003E3,292 %\u003C\/p\u003E\u003C\/td\u003E\u003C\/tr\u003E\u003Ctr\u003E\u003Ctd valign=\u0022top\u0022\u003E\u003Cp align=\u0022center\u0022\u003EDe 15\u0026nbsp;001 \u20ac \u00e0 50\u0026nbsp;000 \u20ac\u003C\/p\u003E\u003C\/td\u003E\u003Ctd\u003E\u003Cp align=\u0022center\u0022\u003E2,351 %\u003C\/p\u003E\u003C\/td\u003E\u003C\/tr\u003E\u003Ctr\u003E\u003Ctd valign=\u0022top\u0022\u003E\u003Cp align=\u0022center\u0022\u003EDe 50\u0026nbsp;001 \u20ac \u00e0 150\u0026nbsp;000 \u20ac\u003C\/p\u003E\u003C\/td\u003E\u003Ctd\u003E\u003Cp align=\u0022center\u0022\u003E1,411 %\u003C\/p\u003E\u003C\/td\u003E\u003C\/tr\u003E\u003Ctr\u003E\u003Ctd valign=\u0022top\u0022\u003E\u003Cp align=\u0022center\u0022\u003EDe 150\u0026nbsp;001 \u20ac \u00e0 300\u0026nbsp;000 \u20ac\u003C\/p\u003E\u003C\/td\u003E\u003Ctd\u003E\u003Cp align=\u0022center\u0022\u003E0,470 %\u003C\/p\u003E\u003C\/td\u003E\u003C\/tr\u003E\u003Ctr\u003E\u003Ctd valign=\u0022top\u0022\u003E\u003Cp align=\u0022center\u0022\u003EAu-del\u00e0 de 300\u0026nbsp;000 \u20ac\u003C\/p\u003E\u003C\/td\u003E\u003Ctd\u003E\u003Cp align=\u0022center\u0022\u003E0,235 %\u003C\/p\u003E\u003C\/td\u003E\u003C\/tr\u003E\u003C\/tbody\u003E\u003C\/table\u003E\u003Cp\u003EL\u0027\u00e9molument pr\u00e9vu au titre des obligations r\u00e9sultant de la cessation d\u0027activit\u00e9 d\u0027une ou de plusieurs installations class\u00e9es est fix\u00e9 \u00e0 :\u003C\/p\u003E\u003Cul\u003E\u003Cli\u003E470,25 \u20ac lorsque la ou les installations class\u00e9es sont soumises \u00e0 d\u00e9claration ;\u003C\/li\u003E\u003Cli\u003E1 410,75 \u20ac lorsque l\u0027une au moins des installations class\u00e9es est soumise \u00e0 autorisation ou \u00e0 enregistrement ;\u003C\/li\u003E\u003Cli\u003E4 232,25 \u20ac lorsque l\u0027une au moins des installations class\u00e9es comporte une servitude publique.\u003C\/li\u003E\u003C\/ul\u003E\u003Cp\u003EL\u0027\u00e9molument pr\u00e9vu au titre de l\u0027inventaire r\u00e9alis\u00e9 dans le cadre d\u2019une liquidation judiciaire est fix\u00e9 \u00e0 94,05 \u20ac.\u003C\/p\u003E\u003Cp\u003EL\u0027\u00e9molument pr\u00e9vu au titre de la mission d\u0027administration de l\u0027entreprise, lorsque le maintien de l\u0027activit\u00e9 a \u00e9t\u00e9 autoris\u00e9 est fix\u00e9 proportionnellement au montant du chiffre d\u0027affaires, selon le bar\u00e8me suivant :\u003C\/p\u003E\u003Ctable class=\u0022MsoTableGrid\u0022\u003E\u003Ctbody\u003E\u003Ctr\u003E\u003Ctd\u003E\u003Cp align=\u0022center\u0022\u003E\u003Cstrong\u003ECHIFFRES D\u2019AFFAIRES EN \u20ac\u003C\/strong\u003E\u003C\/p\u003E\u003C\/td\u003E\u003Ctd\u003E\u003Cp align=\u0022center\u0022\u003E\u003Cstrong\u003ETAUX DE L\u2019EMOLUMENT\u003C\/strong\u003E\u003C\/p\u003E\u003C\/td\u003E\u003C\/tr\u003E\u003Ctr\u003E\u003Ctd valign=\u0022top\u0022\u003E\u003Cp align=\u0022center\u0022\u003EDe 0 \u00e0 150\u0026nbsp;000 \u20ac\u003C\/p\u003E\u003C\/td\u003E\u003Ctd\u003E\u003Cp align=\u0022center\u0022\u003E2,822 %\u003C\/p\u003E\u003C\/td\u003E\u003C\/tr\u003E\u003Ctr\u003E\u003Ctd valign=\u0022top\u0022\u003E\u003Cp align=\u0022center\u0022\u003EDe 150\u0026nbsp;001 \u00e0 750\u0026nbsp;000 \u20ac\u003C\/p\u003E\u003C\/td\u003E\u003Ctd\u003E\u003Cp align=\u0022center\u0022\u003E1,411 %\u0026nbsp;\u003C\/p\u003E\u003C\/td\u003E\u003C\/tr\u003E\u003Ctr\u003E\u003Ctd valign=\u0022top\u0022\u003E\u003Cp align=\u0022center\u0022\u003EDe 750\u0026nbsp;001 \u00e0 3 000\u0026nbsp;000 \u20ac\u003C\/p\u003E\u003C\/td\u003E\u003Ctd\u003E\u003Cp align=\u0022center\u0022\u003E0,846 %\u003C\/p\u003E\u003C\/td\u003E\u003C\/tr\u003E\u003C\/tbody\u003E\u003C\/table\u003E\u003Cp\u003ELes \u00e9moluments suivants sont fix\u00e9s proportionnellement :\u003C\/p\u003E\u003Cul\u003E\u003Cli\u003Eau montant du total TTC du prix des actifs c\u00e9d\u00e9s, d\u00e9duction faite de la r\u00e9mun\u00e9ration TTC des intervenants, autres que le liquidateur, ayant particip\u00e9 aux op\u00e9rations de cession, s\u0027agissant des cessions d\u0027actifs mobiliers corporels ;\u003C\/li\u003E\u003Cli\u003Eau montant total TTC des sommes encaiss\u00e9es ou recouvr\u00e9es, d\u00e9duction faite de la r\u00e9mun\u00e9ration TTC des intervenants, autres que le liquidateur, ayant particip\u00e9 aux recouvrements, s\u0027agissant de tout encaissement ou recouvrement de cr\u00e9ance ;\u003C\/li\u003E\u003Cli\u003Eau montant du prix, le cas \u00e9ch\u00e9ant TTC, de chacun des actifs c\u00e9d\u00e9s, s\u0027agissant de la r\u00e9alisation d\u0027actifs immobiliers et mobilier incorporels.\u003C\/li\u003E\u003C\/ul\u003E\u003Cp\u003ESelon le bar\u00e8me suivant :\u003C\/p\u003E\u003Ctable class=\u0022MsoTableGrid\u0022\u003E\u003Ctbody\u003E\u003Ctr\u003E\u003Ctd\u003E\u003Cp align=\u0022center\u0022\u003E\u003Cstrong\u003ETRANCHES D\u2019ASSIETTE\u003C\/strong\u003E\u003C\/p\u003E\u003C\/td\u003E\u003Ctd\u003E\u003Cp align=\u0022center\u0022\u003E\u003Cstrong\u003ETAUX APPLICABLE\u003C\/strong\u003E\u003C\/p\u003E\u003C\/td\u003E\u003C\/tr\u003E\u003Ctr\u003E\u003Ctd valign=\u0022top\u0022\u003E\u003Cp align=\u0022center\u0022\u003EDe 0 \u20ac \u00e0 15\u0026nbsp;000 \u20ac\u003C\/p\u003E\u003C\/td\u003E\u003Ctd\u003E\u003Cp align=\u0022center\u0022\u003E4,703 %\u003C\/p\u003E\u003C\/td\u003E\u003C\/tr\u003E\u003Ctr\u003E\u003Ctd valign=\u0022top\u0022\u003E\u003Cp align=\u0022center\u0022\u003EDe 15\u0026nbsp;001 \u20ac \u00e0 50\u0026nbsp;000 \u20ac\u003C\/p\u003E\u003C\/td\u003E\u003Ctd\u003E\u003Cp align=\u0022center\u0022\u003E3,762 %\u003C\/p\u003E\u003C\/td\u003E\u003C\/tr\u003E\u003Ctr\u003E\u003Ctd valign=\u0022top\u0022\u003E\u003Cp align=\u0022center\u0022\u003EDe 50\u0026nbsp;001 \u20ac \u00e0 150\u0026nbsp;000 \u20ac\u003C\/p\u003E\u003C\/td\u003E\u003Ctd\u003E\u003Cp align=\u0022center\u0022\u003E2,822 %\u003C\/p\u003E\u003C\/td\u003E\u003C\/tr\u003E\u003Ctr\u003E\u003Ctd valign=\u0022top\u0022\u003E\u003Cp align=\u0022center\u0022\u003EDe 150\u0026nbsp;001 \u20ac \u00e0 300\u0026nbsp;000 \u20ac\u003C\/p\u003E\u003C\/td\u003E\u003Ctd\u003E\u003Cp align=\u0022center\u0022\u003E1,411 %\u003C\/p\u003E\u003C\/td\u003E\u003C\/tr\u003E\u003Ctr\u003E\u003Ctd valign=\u0022top\u0022\u003E\u003Cp align=\u0022center\u0022\u003EAu-del\u00e0 de 300\u0026nbsp;000 \u20ac\u003C\/p\u003E\u003C\/td\u003E\u003Ctd\u003E\u003Cp align=\u0022center\u0022\u003E0,941 %\u003C\/p\u003E\u003C\/td\u003E\u003C\/tr\u003E\u003C\/tbody\u003E\u003C\/table\u003E\u003Cp\u003EPour l\u0027application de ce bar\u00e8me, l\u0027assiette des montants pris en compte est nette des int\u00e9r\u00eats servis par la Caisse des d\u00e9p\u00f4ts et consignations.\u003C\/p\u003E\u003Cp\u003EL\u2019\u00e9molument per\u00e7u par le liquidateur au titre de la cession des actifs compris dans un plan de cession est fix\u00e9 selon le bar\u00e8me suivant, \u00e0 condition qu\u0027aucun administrateur judiciaire n\u2019ait \u00e9t\u00e9 d\u00e9sign\u00e9 :\u003C\/p\u003E\u003Ctable class=\u0022MsoTableGrid\u0022\u003E\u003Ctbody\u003E\u003Ctr\u003E\u003Ctd\u003E\u003Cp align=\u0022center\u0022\u003E\u003Cstrong\u003ETRANCHES D\u2019ASSIETTES EN \u20ac\u003C\/strong\u003E\u003C\/p\u003E\u003C\/td\u003E\u003Ctd\u003E\u003Cp align=\u0022center\u0022\u003E\u003Cstrong\u003ETAUX DE L\u2019\u00c9MOLUMENT EN %\u003C\/strong\u003E\u003C\/p\u003E\u003C\/td\u003E\u003C\/tr\u003E\u003Ctr\u003E\u003Ctd valign=\u0022top\u0022\u003E\u003Cp align=\u0022center\u0022\u003EDe 0 \u00e0 15\u0026nbsp;000 \u20ac\u003C\/p\u003E\u003C\/td\u003E\u003Ctd\u003E\u003Cp align=\u0022center\u0022\u003E4,562 %\u003C\/p\u003E\u003C\/td\u003E\u003C\/tr\u003E\u003Ctr\u003E\u003Ctd valign=\u0022top\u0022\u003E\u003Cp align=\u0022center\u0022\u003EDe 15\u0026nbsp;001 \u00e0 50\u0026nbsp;000 \u20ac\u003C\/p\u003E\u003C\/td\u003E\u003Ctd\u003E\u003Cp align=\u0022center\u0022\u003E3,649 %\u003C\/p\u003E\u003C\/td\u003E\u003C\/tr\u003E\u003Ctr\u003E\u003Ctd valign=\u0022top\u0022\u003E\u003Cp align=\u0022center\u0022\u003EDe 50\u0026nbsp;001 \u00e0 150\u0026nbsp;000 \u20ac\u003C\/p\u003E\u003C\/td\u003E\u003Ctd\u003E\u003Cp align=\u0022center\u0022\u003E2,737 %\u003C\/p\u003E\u003C\/td\u003E\u003C\/tr\u003E\u003Ctr\u003E\u003Ctd valign=\u0022top\u0022\u003E\u003Cp align=\u0022center\u0022\u003EDe 150\u0026nbsp;001 \u00e0 300\u0026nbsp;000 \u20ac\u003C\/p\u003E\u003C\/td\u003E\u003Ctd\u003E\u003Cp align=\u0022center\u0022\u003E1,369 %\u003C\/p\u003E\u003C\/td\u003E\u003C\/tr\u003E\u003Ctr\u003E\u003Ctd valign=\u0022top\u0022\u003E\u003Cp align=\u0022center\u0022\u003EAu-del\u00e0 de 300\u0026nbsp;000 \u20ac\u003C\/p\u003E\u003C\/td\u003E\u003Ctd\u003E\u003Cp align=\u0022center\u0022\u003E0,931 %\u003C\/p\u003E\u003C\/td\u003E\u003C\/tr\u003E\u003C\/tbody\u003E\u003C\/table\u003E\u003Cp\u003EL\u0027\u00e9molument pr\u00e9vu au titre de la r\u00e9partition aux cr\u00e9anciers et des paiements des cr\u00e9ances mentionn\u00e9es est fix\u00e9 proportionnellement au montant cumul\u00e9 des sommes encaiss\u00e9es par l\u0027ensemble des cr\u00e9anciers ou consign\u00e9es \u00e0 la Caisse des d\u00e9p\u00f4ts et consignations, selon le bar\u00e8me suivant :\u003C\/p\u003E\u003Ctable class=\u0022MsoTableGrid\u0022\u003E\u003Ctbody\u003E\u003Ctr\u003E\u003Ctd\u003E\u003Cp align=\u0022center\u0022\u003E\u003Cstrong\u003ETRANCHES D\u2019ASSIETTES EN \u20ac\u003C\/strong\u003E\u003C\/p\u003E\u003C\/td\u003E\u003Ctd\u003E\u003Cp align=\u0022center\u0022\u003E\u003Cstrong\u003ETAUX DE L\u2019\u00c9MOLUMENT EN %\u003C\/strong\u003E\u003C\/p\u003E\u003C\/td\u003E\u003C\/tr\u003E\u003Ctr\u003E\u003Ctd valign=\u0022top\u0022\u003E\u003Cp align=\u0022center\u0022\u003EDe 0 \u00e0 15\u0026nbsp;000 \u20ac\u003C\/p\u003E\u003C\/td\u003E\u003Ctd\u003E\u003Cp align=\u0022center\u0022\u003E4,232 %\u003C\/p\u003E\u003C\/td\u003E\u003C\/tr\u003E\u003Ctr\u003E\u003Ctd valign=\u0022top\u0022\u003E\u003Cp align=\u0022center\u0022\u003EDe 15\u0026nbsp;001 \u00e0 50\u0026nbsp;000 \u20ac\u003C\/p\u003E\u003C\/td\u003E\u003Ctd\u003E\u003Cp align=\u0022center\u0022\u003E3,292 %\u003C\/p\u003E\u003C\/td\u003E\u003C\/tr\u003E\u003Ctr\u003E\u003Ctd valign=\u0022top\u0022\u003E\u003Cp align=\u0022center\u0022\u003EDe 50\u0026nbsp;001 \u00e0 150\u0026nbsp;000 \u20ac\u003C\/p\u003E\u003C\/td\u003E\u003Ctd\u003E\u003Cp align=\u0022center\u0022\u003E2,351 %\u003C\/p\u003E\u003C\/td\u003E\u003C\/tr\u003E\u003Ctr\u003E\u003Ctd valign=\u0022top\u0022\u003E\u003Cp align=\u0022center\u0022\u003EDe 150\u0026nbsp;001 \u00e0 300\u0026nbsp;000 \u20ac\u003C\/p\u003E\u003C\/td\u003E\u003Ctd\u003E\u003Cp align=\u0022center\u0022\u003E1,411 %\u003C\/p\u003E\u003C\/td\u003E\u003C\/tr\u003E\u003Ctr\u003E\u003Ctd valign=\u0022top\u0022\u003E\u003Cp align=\u0022center\u0022\u003EAu-del\u00e0 de 300\u0026nbsp;000 \u20ac\u003C\/p\u003E\u003C\/td\u003E\u003Ctd\u003E\u003Cp align=\u0022center\u0022\u003E0,705 %\u003C\/p\u003E\u003C\/td\u003E\u003C\/tr\u003E\u003C\/tbody\u003E\u003C\/table\u003E\u003Cp\u003EL\u0027\u00e9molument pr\u00e9vu au titre des actions engag\u00e9es est fix\u00e9 \u00e0 300 \u20ac par action engag\u00e9e aboutissant au prononc\u00e9 d\u0027une faillite personnelle. Cet \u00e9molument est doubl\u00e9 en cas de confirmation de la sanction en appel.\u003C\/p\u003E                                            \u003Cp\u003E\u003Cbr \/\u003E\u003Cstrong\u003ESource :\u003C\/strong\u003E\u003Cstrong\u003E\u00a0\u003C\/strong\u003E\u003C\/p\u003E\u003Cul\u003E\u003Cli\u003E\u003Ca href=\u0022https:\/\/www.legifrance.gouv.fr\/codes\/section_lc\/LEGITEXT000005634379\/LEGISCTA000032609272\/#LEGISCTA000032609297\u0022 target=\u0022_blank\u0022 rel=\u0022noopener\u0022\u003EArticles A 663-3 \u00e0 A 663-29 du Code de commerce\u003C\/a\u003E\u003C\/li\u003E\u003Cli\u003E\u003Ca href=\u0022https:\/\/www.legifrance.gouv.fr\/jorf\/id\/JORFTEXT000041663700\/\u0022 target=\u0022_blank\u0022 rel=\u0022noopener\u0022\u003EArr\u00eat\u00e9 du 28 f\u00e9vrier 2020 fixant les tarifs r\u00e9glement\u00e9s applicables aux administrateurs judiciaires, commissaires \u00e0 l\u0027ex\u00e9cution du plan, mandataires judiciaires et aux liquidateurs\u003C\/a\u003E\u003C\/li\u003E\u003Cli\u003E\u003Ca href=\u0022https:\/\/www.legifrance.gouv.fr\/jorf\/id\/JORFTEXT000045244943\u0022 target=\u0022_blank\u0022 rel=\u0022noopener\u0022\u003EArr\u00eat\u00e9 du 23 f\u00e9vrier 2022 fixant les tarifs r\u00e9glement\u00e9s applicables aux administrateurs judiciaires, commissaires \u00e0 l\u0027ex\u00e9cution du plan, mandataires judiciaires et aux liquidateurs\u003C\/a\u003E\u003C\/li\u003E\u003Cli\u003E\u003Ca href=\u0022https:\/\/www.legifrance.gouv.fr\/jorf\/id\/JORFTEXT000049209793\u0022 target=\u0022_blank\u0022 rel=\u0022noopener\u0022\u003EArr\u00eat\u00e9 du 28 f\u00e9vrier 2024 fixant l\u0027objectif de taux de r\u00e9sultat moyen et les tarifs r\u00e9glement\u00e9s des administrateurs judiciaires et mandataires judiciaires\u003C\/a\u003E\u003C\/li\u003E\u003C\/ul\u003E\u003C\/div\u003E","annee":"2025","theme":" Indices, taux, bar\u00e8mes juridiques","activites":["Professionnels du droit et du chiffre"],"image":"https:\/\/www.weblex.fr\/sites\/default\/files\/chiffres_clef\/Shutterstock_mandataireliquidateur.jpg","created":"2025-12-09","modified":"2026-02-24"},{"url":"\/chiffres-cles\/tarif-de-depannage-des-vehicules-legers-sur-autoroutes-et-routes-express-annee-2025","id":27075,"title":"Tarif de d\u00e9pannage des v\u00e9hicules l\u00e9gers sur autoroutes et routes express - Ann\u00e9e 2025","content":"\u003Cdiv\u003E                                              \u003Cp\u003ETarifs des prestations de d\u00e9pannage et de remorquage sur autoroutes et routes express des v\u00e9hicules l\u00e9gers (moins de 3,5 tonnes) :\u003C\/p\u003E\u003Cul\u003E\u003Cli\u003Etarif forfaitaire de 148,67 \u20ac TTC ;\u003C\/li\u003E\u003Cli\u003Etarif forfaitaire major\u00e9 de 183,83 \u20ac TTC.\u003C\/li\u003E\u003C\/ul\u003E\u003Cp\u003E\u0026nbsp;\u003C\/p\u003E                                            \u003Cp\u003E\u003Cbr \/\u003E\u003Cstrong\u003ESource :\u003C\/strong\u003E\u003Cstrong\u003E\u00a0\u003C\/strong\u003E\u003C\/p\u003E\u003Cul\u003E\u003Cli\u003E\u003Ca href=\u0022https:\/\/www.legifrance.gouv.fr\/jorf\/id\/JORFTEXT000050428642\u0022 target=\u0022_blank\u0022 rel=\u0022noopener\u0022\u003EArr\u00eat\u00e9 du 28 octobre 2024 modifiant l\u2019arr\u00eat\u00e9 du 12 juillet 2016 relatif au tarif de d\u00e9pannage des v\u00e9hicules l\u00e9gers sur autoroutes et routes express\u003C\/a\u003E\u003C\/li\u003E\u003C\/ul\u003E\u003C\/div\u003E","annee":"2025","theme":" Indices, taux, bar\u00e8mes juridiques","activites":["Automobile","Transport"],"image":"https:\/\/www.weblex.fr\/sites\/default\/files\/chiffres_clef\/Shutterstock_depannageautoroutetarifs.jpg","created":"2025-12-09","modified":"2026-01-08"},{"url":"\/chiffres-cles\/tarifs-des-greffiers-des-tribunaux-de-commerce-prestations-diverses-2024-2026","id":27077,"title":"Tarifs des greffiers des tribunaux de commerce \u2013 Prestations diverses - 2024-2026","content":"\u003Cdiv\u003E                                              \u003Ch2\u003EApplicables du 1er mars 2024 au 28 f\u00e9vrier 2026\u003C\/h2\u003E\u003Cp\u003ELes prestations mentionn\u00e9es ci-dessous donnent lieu \u00e0 la perception des \u00e9moluments suivants :\u003C\/p\u003E\u003Ctable class=\u0022MsoTableGrid\u0022 width=\u0022610\u0022\u003E\u003Ctbody\u003E\u003Ctr\u003E\u003Ctd valign=\u0022top\u0022\u003E\u003Cp align=\u0022center\u0022\u003E\u003Cstrong\u003ED\u00c9SIGNATION DE LA PRESTATION\u003C\/strong\u003E\u003C\/p\u003E\u003C\/td\u003E\u003Ctd\u003E\u003Cp align=\u0022center\u0022\u003E\u003Cstrong\u003E\u00c9MOLUMENT\u003C\/strong\u003E\u003C\/p\u003E\u003C\/td\u003E\u003C\/tr\u003E\u003Ctr\u003E\u003Ctd valign=\u0022top\u0022\u003E\u003Cp align=\u0022center\u0022\u003EEnsemble des formalit\u00e9s de d\u00e9p\u00f4t de dessins et mod\u00e8les, y compris le r\u00e9c\u00e9piss\u00e9 de d\u00e9p\u00f4t\u003C\/p\u003E\u003C\/td\u003E\u003Ctd\u003E\u003Cp align=\u0022center\u0022\u003E6,36 \u20ac\u003C\/p\u003E\u003C\/td\u003E\u003C\/tr\u003E\u003Ctr\u003E\u003Ctd colspan=\u00222\u0022 valign=\u0022top\u0022\u003E\u003Cp align=\u0022center\u0022\u003ES\u00e9questre judiciaire\u0026nbsp;:\u003C\/p\u003E\u003C\/td\u003E\u003C\/tr\u003E\u003Ctr\u003E\u003Ctd valign=\u0022top\u0022\u003E\u003Cp align=\u0022center\u0022\u003Ea) Montant de la somme inscrite dans l\u0027acte inf\u00e9rieur \u00e0 20\u0026nbsp;800 \u20ac\u003C\/p\u003E\u003C\/td\u003E\u003Ctd\u003E\u003Cp align=\u0022center\u0022\u003E14,83 \u20ac\u003C\/p\u003E\u003C\/td\u003E\u003C\/tr\u003E\u003Ctr\u003E\u003Ctd valign=\u0022top\u0022\u003E\u003Cp align=\u0022center\u0022\u003Eb) Montant de la somme inscrite dans l\u0027acte sup\u00e9rieur ou \u00e9gal \u00e0 20\u0026nbsp;800 \u20ac\u003C\/p\u003E\u003C\/td\u003E\u003Ctd\u003E\u003Cp align=\u0022center\u0022\u003E65,66 \u20ac\u003C\/p\u003E\u003C\/td\u003E\u003C\/tr\u003E\u003Ctr\u003E\u003Ctd valign=\u0022top\u0022\u003E\u003Cp align=\u0022center\u0022\u003ERapport de mer\u003C\/p\u003E\u003C\/td\u003E\u003Ctd\u003E\u003Cp align=\u0022center\u0022\u003E3,19 \u20ac\u003C\/p\u003E\u003C\/td\u003E\u003C\/tr\u003E\u003Ctr\u003E\u003Ctd valign=\u0022top\u0022\u003E\u003Cp align=\u0022center\u0022\u003EAvis concernant une d\u00e9claration aff\u00e9rente \u00e0 la vente, \u00e0 la cession, \u00e0 l\u0027apport en soci\u00e9t\u00e9, \u00e0 l\u0027attribution par partage ou par licitation d\u0027un fonds de commerce, y inclus la d\u00e9livrance du certificat\u003C\/p\u003E\u003C\/td\u003E\u003Ctd\u003E\u003Cp align=\u0022center\u0022\u003E7,42 \u20ac\u003C\/p\u003E\u003C\/td\u003E\u003C\/tr\u003E\u003Ctr\u003E\u003Ctd valign=\u0022top\u0022\u003E\u003Cp align=\u0022center\u0022\u003ER\u00e9daction des avis d\u0027insertion au Bulletin officiel des annonces civiles et commerciales des certificats de d\u00e9p\u00f4t au greffe de comptes annuels et rapport de l\u0027exercice clos.\u003C\/p\u003E\u003C\/td\u003E\u003Ctd\u003E\u003Cp align=\u0022center\u0022\u003E4,24 \u20ac\u003C\/p\u003E\u003C\/td\u003E\u003C\/tr\u003E\u003Ctr\u003E\u003Ctd colspan=\u00222\u0022 valign=\u0022top\u0022\u003E\u003Cp align=\u0022center\u0022\u003EAssistance du juge commis \u00e0 la surveillance du Registre du commerce et des soci\u00e9t\u00e9s pour l\u0027\u00e9laboration de la liste des personnes physiques et morales immatricul\u00e9es relevant de la circonscription\u0026nbsp;:\u003C\/p\u003E\u003C\/td\u003E\u003C\/tr\u003E\u003Ctr\u003E\u003Ctd valign=\u0022top\u0022\u003E\u003Cp align=\u0022center\u0022\u003Ea) Par personne physique\u003C\/p\u003E\u003C\/td\u003E\u003Ctd\u003E\u003Cp align=\u0022center\u0022\u003E0,32 \u20ac\u003C\/p\u003E\u003C\/td\u003E\u003C\/tr\u003E\u003Ctr\u003E\u003Ctd valign=\u0022top\u0022\u003E\u003Cp align=\u0022center\u0022\u003Eb) Par personne morale\u003C\/p\u003E\u003C\/td\u003E\u003Ctd\u003E\u003Cp align=\u0022center\u0022\u003E0,32 \u20ac\u003C\/p\u003E\u003C\/td\u003E\u003C\/tr\u003E\u003C\/tbody\u003E\u003C\/table\u003E                                            \u003Cp\u003E\u003Cbr \/\u003E\u003Cstrong\u003ESource :\u003C\/strong\u003E\u003Cstrong\u003E\u00a0\u003C\/strong\u003E\u003C\/p\u003E\u003Cul\u003E\u003Cli\u003E\u003Ca href=\u0022https:\/\/www.legifrance.gouv.fr\/codes\/article_lc\/LEGIARTI000049218572\/2024-03-11\u0022 target=\u0022_blank\u0022 rel=\u0022noopener\u0022\u003EArticle A743-13 du Code de commerce\u003C\/a\u003E\u003C\/li\u003E\u003Cli\u003E\u003Ca href=\u0022https:\/\/www.legifrance.gouv.fr\/codes\/article_lc\/LEGIARTI000049218576\/2024-03-11\u0022 target=\u0022_blank\u0022 rel=\u0022noopener\u0022\u003EArticle A743-14 du Code de commerce\u003C\/a\u003E\u003C\/li\u003E\u003Cli\u003E\u003Ca href=\u0022https:\/\/www.legifrance.gouv.fr\/jorf\/id\/JORFTEXT000049209738\u0022 target=\u0022_blank\u0022 rel=\u0022noopener\u0022\u003EArr\u00eat\u00e9 du 28 f\u00e9vrier 2024 fixant l\u0027objectif de taux de r\u00e9sultat moyen et les tarifs r\u00e8glement\u00e9s des greffiers de tribunaux de commerce\u003C\/a\u003E\u003C\/li\u003E\u003C\/ul\u003E\u003C\/div\u003E","annee":"2025","theme":"","activites":["Professionnels du droit et du chiffre"],"image":"https:\/\/www.weblex.fr\/sites\/default\/files\/chiffres_clef\/Shutterstock_greffiers_presta_diverses.jpg","created":"2025-12-09","modified":"2025-12-09"},{"url":"\/chiffres-cles\/tarifs-des-greffiers-des-tribunaux-de-commerce-procedures-de-retablissement-professionnel-2024-2026","id":27080,"title":"Tarifs des greffiers des tribunaux de commerce \u2013 Proc\u00e9dures de r\u00e9tablissement professionnel - 2024-2026","content":"\u003Cdiv\u003E                                              \u003Ch2\u003EApplicables du 1er mars 2024 au 28 f\u00e9vrier 2026\u003C\/h2\u003E\u003Ch3\u003E1\/ Proc\u00e9dure de redressement professionnel\u003C\/h3\u003E\u003Cp\u003E\u003Cbr\u003EL\u0027ensemble des prestations r\u00e9alis\u00e9es par le greffier de tribunal de commerce dans le cadre d\u0027une proc\u00e9dure de r\u00e9tablissement professionnel donne lieu \u00e0 la perception :\u003C\/p\u003E\u003Cul\u003E\u003Cli\u003Ed\u0027un \u00e9molument principal de 317,68 \u20ac ;\u003C\/li\u003E\u003Cli\u003Ede 2 \u00e9moluments accessoires :\u003Cul\u003E\u003Cli\u003Ed\u0027un montant de 52,95 \u20ac par proc\u00e9dure devant le juge commis statuant sur une demande de report ou de d\u00e9lai de paiement ;\u003C\/li\u003E\u003Cli\u003Ed\u0027un montant de 63,54 \u20ac, en cas d\u0027ouverture d\u0027une proc\u00e9dure de liquidation judiciaire.\u003C\/li\u003E\u003C\/ul\u003E\u003C\/li\u003E\u003C\/ul\u003E\u003Ch3\u003E2\/ Transmission\u003C\/h3\u003E\u003Cp\u003ELes transmissions donnent lieu \u00e0 la perception des \u00e9moluments suivants :\u003C\/p\u003E\u003Cul\u003E\u003Cli\u003Es\u0027agissant des diligences de chaque transmission d\u0027acte, d\u00e9cision ou document, par remise en mains propres contre r\u00e9c\u00e9piss\u00e9 ou par voie \u00e9lectronique s\u00e9curis\u00e9e : 1,60 \u20ac ;\u003C\/li\u003E\u003Cli\u003Es\u0027agissant de la transmission d\u0027extrait d\u0027immatriculation du Registre du commerce, par voie \u00e9lectronique s\u00e9curis\u00e9e : 0,54 \u20ac.\u003C\/li\u003E\u003C\/ul\u003E\u003Cp\u003ELes transmissions r\u00e9alis\u00e9es par le greffier dans le cadre d\u0027une proc\u00e9dure de r\u00e9tablissement professionnel donnent lieu \u00e0 la perception d\u0027un \u00e9molument de 52,95 \u20ac.\u003C\/p\u003E                                            \u003Cp\u003E\u003Cbr \/\u003E\u003Cstrong\u003ESource :\u003C\/strong\u003E\u003Cstrong\u003E\u00a0\u003C\/strong\u003E\u003C\/p\u003E\u003Cul\u003E\u003Cli\u003E\u003Ca href=\u0022https:\/\/www.legifrance.gouv.fr\/codes\/article_lc\/LEGIARTI000049218586\/2024-03-11\u0022 target=\u0022_blank\u0022 rel=\u0022noopener\u0022\u003EArticle A743-16 du Code de commerce\u003C\/a\u003E\u003C\/li\u003E\u003Cli\u003E\u003Ca href=\u0022https:\/\/www.legifrance.gouv.fr\/codes\/article_lc\/LEGIARTI000049218596\/2024-03-11\u0022 target=\u0022_blank\u0022 rel=\u0022noopener\u0022\u003EArticle A743-17 du Code de commerce\u003C\/a\u003E\u003C\/li\u003E\u003Cli\u003E\u003Ca href=\u0022https:\/\/www.legifrance.gouv.fr\/loda\/id\/LEGIARTI000049214610\/2024-03-01\/\u0022 target=\u0022_blank\u0022 rel=\u0022noopener\u0022\u003EArr\u00eat\u00e9 du 28 f\u00e9vrier 2024 fixant l\u0027objectif de taux de r\u00e9sultat moyen et les tarifs r\u00e8glement\u00e9s des greffiers de tribunaux de commerce\u003C\/a\u003E\u003C\/li\u003E\u003C\/ul\u003E\u003C\/div\u003E","annee":"2025","theme":" Indices, taux, bar\u00e8mes juridiques","activites":["Professionnels du droit et du chiffre"],"image":"https:\/\/www.weblex.fr\/sites\/default\/files\/chiffres_clef\/Shutterstock_retablissementprofessionnel.jpg","created":"2025-12-09","modified":"2026-04-20"},{"url":"\/chiffres-cles\/tarifs-des-commissaires-priseurs-judiciaires-2024-2026-0","id":27071,"title":"Tarifs des Commissaires-priseurs judiciaires - 2024-2026","content":"\u003Cdiv\u003E                                              \u003Ch2\u003EApplicables du 1er mars 2024 au 28 f\u00e9vrier 2026\u003C\/h2\u003E\u003Ch3\u003E1\/ Tarifs des actes\u003C\/h3\u003E\u003Cp\u003ELa pris\u00e9e donne lieu \u00e0 la perception d\u0027un \u00e9molument proportionnel :\u003C\/p\u003E\u003Cul\u003E\u003Cli\u003Een cas de liquidation judiciaire : \u00e0 la valeur de r\u00e9alisation de chaque bien, produit, article ;\u003C\/li\u003E\u003Cli\u003Edans tous les autres cas, y compris en cas de redressement judiciaire : \u00e0 la moyenne entre la valeur d\u0027exploitation et la valeur de r\u00e9alisation ;\u003C\/li\u003E\u003C\/ul\u003E\u003Cp\u003ESelon le bar\u00e8me suivant :\u003C\/p\u003E\u003Ctable class=\u0022MsoTableGrid\u0022\u003E\u003Ctbody\u003E\u003Ctr\u003E\u003Ctd\u003E\u003Cp align=\u0022center\u0022\u003E\u003Cstrong\u003ETRANCHES D\u2019ASSIETTE\u003C\/strong\u003E\u003C\/p\u003E\u003C\/td\u003E\u003Ctd\u003E\u003Cp align=\u0022center\u0022\u003E\u003Cstrong\u003ETAUX APPLICABLE\u003C\/strong\u003E\u003C\/p\u003E\u003C\/td\u003E\u003C\/tr\u003E\u003Ctr\u003E\u003Ctd valign=\u0022top\u0022\u003E\u003Cp align=\u0022center\u0022\u003EDe 0 \u00e0 1\u0026nbsp;725 \u20ac\u003C\/p\u003E\u003C\/td\u003E\u003Ctd\u003E\u003Cp align=\u0022center\u0022\u003E1,488 %\u003C\/p\u003E\u003C\/td\u003E\u003C\/tr\u003E\u003Ctr\u003E\u003Ctd valign=\u0022top\u0022\u003E\u003Cp align=\u0022center\u0022\u003EDe 1726 \u00e0 4\u0026nbsp;600 \u20ac\u003C\/p\u003E\u003C\/td\u003E\u003Ctd\u003E\u003Cp align=\u0022center\u0022\u003E0,496 %\u003C\/p\u003E\u003C\/td\u003E\u003C\/tr\u003E\u003Ctr\u003E\u003Ctd valign=\u0022top\u0022\u003E\u003Cp align=\u0022center\u0022\u003EDe 4\u0026nbsp;601 \u20ac \u00e0 34\u0026nbsp;500 \u20ac\u003C\/p\u003E\u003C\/td\u003E\u003Ctd\u003E\u003Cp align=\u0022center\u0022\u003E0,248 %\u003C\/p\u003E\u003C\/td\u003E\u003C\/tr\u003E\u003Ctr\u003E\u003Ctd valign=\u0022top\u0022\u003E\u003Cp align=\u0022center\u0022\u003EPlus de 34\u0026nbsp;500 \u20ac\u003C\/p\u003E\u003C\/td\u003E\u003Ctd\u003E\u003Cp align=\u0022center\u0022\u003E0,099 %\u003C\/p\u003E\u003C\/td\u003E\u003C\/tr\u003E\u003C\/tbody\u003E\u003C\/table\u003E\u003Cp\u003EL\u0027\u00e9molument de pris\u00e9e ne s\u0027applique pas \u00e0 l\u0027appr\u00e9ciation des objets remis en gage dans le cadre d\u0027un pr\u00eat consenti par une caisse de cr\u00e9dit municipal (dans les conditions pr\u00e9vues \u00e0 l\u0027article D. 514-2 du code mon\u00e9taire et financier).\u003C\/p\u003E\u003Cp\u003ELa vente judiciaire aux ench\u00e8res publiques de meubles corporels ou incorporels donne lieu \u00e0 la perception d\u0027un \u00e9molument proportionnel au produit de chaque lot, selon le bar\u00e8me suivant :\u003C\/p\u003E\u003Ctable class=\u0022MsoTableGrid\u0022\u003E\u003Ctbody\u003E\u003Ctr\u003E\u003Ctd\u003E\u003Cp align=\u0022center\u0022\u003E\u0026nbsp;\u003C\/p\u003E\u003C\/td\u003E\u003Ctd\u003E\u003Cp align=\u0022center\u0022\u003E\u003Cstrong\u003ETAUX APPLICABLE\u003C\/strong\u003E\u003C\/p\u003E\u003C\/td\u003E\u003C\/tr\u003E\u003Ctr\u003E\u003Ctd valign=\u0022top\u0022\u003E\u003Cp align=\u0022center\u0022\u003Ea) Part \u00e0 la charge du vendeur\u003C\/p\u003E\u003C\/td\u003E\u003Ctd\u003E\u003Cp align=\u0022center\u0022\u003E4,96 %\u003C\/p\u003E\u003C\/td\u003E\u003C\/tr\u003E\u003Ctr\u003E\u003Ctd valign=\u0022top\u0022\u003E\u003Cp align=\u0022center\u0022\u003Eb) Part \u00e0 la charge de l\u0027acheteur\u003C\/p\u003E\u003C\/td\u003E\u003Ctd\u003E\u003Cp align=\u0022center\u0022\u003E11,90 %\u003C\/p\u003E\u003C\/td\u003E\u003C\/tr\u003E\u003Ctr\u003E\u003Ctd valign=\u0022top\u0022\u003E\u003Cp align=\u0022center\u0022\u003ETotal\u003C\/p\u003E\u003C\/td\u003E\u003Ctd\u003E\u003Cp align=\u0022center\u0022\u003E16,86 %\u003C\/p\u003E\u003C\/td\u003E\u003C\/tr\u003E\u003C\/tbody\u003E\u003C\/table\u003E\u003Cp\u003ESi le total \u00e0 la charge des vendeurs est, pour l\u0027ensemble de la vente, inf\u00e9rieur \u00e0 45,63 \u20ac, l\u0027\u00e9molument est port\u00e9 \u00e0 cette somme et r\u00e9parti entre les vendeurs.\u003C\/p\u003E\u003Cp\u003EL\u0027\u00e9molument ne s\u0027applique pas \u00e0 la vente de l\u0027objet gag\u00e9 dans le cadre d\u0027un pr\u00eat consenti par une caisse de cr\u00e9dit municipal (dans les conditions pr\u00e9vues \u00e0 l\u0027article D. 514-17 du code mon\u00e9taire et financier).\u003C\/p\u003E\u003Cp\u003ELe retrait d\u0027un lot, dans l\u0027int\u00e9r\u00eat du vendeur donne lieu \u00e0 la perception d\u0027un \u00e9molument, \u00e0 la charge du vendeur, proportionnel au chiffre de la derni\u00e8re ench\u00e8re port\u00e9e avant le retrait, \u00e0 un taux \u00e9gal au sixi\u00e8me de celui figurant au bar\u00e8me \u00e9voqu\u00e9 ci-dessus.\u003C\/p\u003E\u003Cp\u003E\u003Cstrong\u003EDonnent lieu \u00e0 la perception d\u0027un \u00e9molument de vacation \u00e9gal \u00e0 22,88 \u20ac par demi-heure, chaque demi-heure suppl\u00e9mentaire \u00e9tant due en entier, les prestations suivantes :\u003C\/strong\u003E\u003C\/p\u003E\u003Cul\u003E\u003Cli\u003Einventaire purement descriptif ;\u003C\/li\u003E\u003Cli\u003Er\u00e9colement d\u0027inventaire ;\u003C\/li\u003E\u003Cli\u003Eassistance aux r\u00e9f\u00e9r\u00e9s et enregistrement de l\u0027ordonnance ;\u003C\/li\u003E\u003Cli\u003Eassistance \u00e0 l\u0027essai et au poin\u00e7onnage des mati\u00e8res pr\u00e9cieuses.\u003C\/li\u003E\u003C\/ul\u003E\u003Ch3\u003E\u0026nbsp;\u003C\/h3\u003E\u003Ch3\u003E2\/ Tarifs des formalit\u00e9s\u003C\/h3\u003E\u003Cp\u003EL\u0027exp\u00e9dition et l\u0027extrait de proc\u00e8s-verbal de vente donnent lieu \u00e0 la perception d\u0027un \u00e9molument de 0,68 \u20ac par page.\u003C\/p\u003E\u003Cp\u003EDonnent lieu \u00e0 la perception d\u0027un \u00e9molument fixe de 6,85 \u20ac les d\u00e9p\u00f4ts, lev\u00e9es d\u0027\u00e9tat et r\u00e9quisition suivantes :\u003C\/p\u003E\u003Cul\u003E\u003Cli\u003Ed\u00e9p\u00f4t \u00e0 la Caisse des d\u00e9p\u00f4ts et consignations ;\u003C\/li\u003E\u003Cli\u003Elev\u00e9e d\u0027\u00e9tat au service d\u0027immatriculation des voitures automobiles ;\u003C\/li\u003E\u003Cli\u003Elev\u00e9e d\u0027\u00e9tat au greffe du tribunal de commerce ;\u003C\/li\u003E\u003Cli\u003Er\u00e9quisition d\u0027\u00e9tat de situation des contributions.\u003C\/li\u003E\u003C\/ul\u003E\u003Cp\u003EEn cas de vente forc\u00e9e, apr\u00e8s transmission du dossier par l\u0027huissier de justice au commissaire-priseur judiciaire, ce dernier peut accepter de reporter la vente en cas de versement d\u0027acompte, sur demande \u00e9crite du d\u00e9biteur, sans que le nombre de ces reports puisse \u00eatre sup\u00e9rieur \u00e0 5.\u003C\/p\u003E\u003Cp\u003EDans le cas pr\u00e9vu ci-dessus, la prestation donne lieu \u00e0 la perception d\u0027un \u00e9molument fixe de 6,85 \u20ac \u00e0 l\u0027occasion de chaque report. Notez que :\u003C\/p\u003E\u003Cul\u003E\u003Cli\u003Esi la vente n\u0027a pas lieu par suite du paiement de sa dette par le d\u00e9biteur, la prestation donne lieu \u00e0 la perception d\u0027un \u00e9molument fixe de 68,45 \u20ac ;\u003C\/li\u003E\u003Cli\u003Esi la vente a lieu, les \u00e9moluments per\u00e7us s\u0027imputent sur ceux per\u00e7us au titre de la vente judiciaire aux ench\u00e8res publiques de meubles corporels ou incorporels (voir tableau ci-dessus).\u003C\/li\u003E\u003C\/ul\u003E                                            \u003Cp\u003E\u003Cbr \/\u003E\u003Cstrong\u003ESource :\u003C\/strong\u003E\u003Cstrong\u003E\u00a0\u003C\/strong\u003E\u003C\/p\u003E\u003Cul\u003E\u003Cli\u003E\u003Ca href=\u0022https:\/\/www.legifrance.gouv.fr\/codes\/section_lc\/LEGITEXT000005634379\/LEGISCTA000032119008\/#LEGISCTA000032119008\u0022 target=\u0022_blank\u0022 rel=\u0022noopener\u0022\u003EArticles A 444-2 \u00e0 A 444-8 du Code du commerce\u003C\/a\u003E\u003C\/li\u003E\u003Cli\u003E\u003Ca href=\u0022https:\/\/www.legifrance.gouv.fr\/jorf\/id\/JORFTEXT000041663359\u0022 target=\u0022_blank\u0022 rel=\u0022noopener\u0022\u003EArr\u00eat\u00e9 du 28 f\u00e9vrier 2020 fixant les tarifs r\u00e9glement\u00e9s des commissaires-priseurs judicaires\u003C\/a\u003E\u003C\/li\u003E\u003Cli\u003E\u003Ca href=\u0022https:\/\/www.legifrance.gouv.fr\/jorf\/id\/JORFTEXT000049209818\u0022 target=\u0022_blank\u0022 rel=\u0022noopener\u0022\u003EArr\u00eat\u00e9 du 28 f\u00e9vrier 2024 fixant les tarifs r\u00e9glement\u00e9s des commissaires-priseurs judiciaires\u003C\/a\u003E\u003C\/li\u003E\u003C\/ul\u003E\u003C\/div\u003E","annee":"2025","theme":" Indices, taux, bar\u00e8mes juridiques","activites":["Professionnels du droit et du chiffre"],"image":"https:\/\/www.weblex.fr\/sites\/default\/files\/chiffres_clef\/Shutterstock_commissairepriseurtarifs.jpg","created":"2025-12-09","modified":"2026-02-24"},{"url":"\/chiffres-cles\/tarifs-des-greffiers-des-tribunaux-de-commerce-prestations-relatives-au-registre-2024-2026","id":27078,"title":"Tarifs des greffiers des tribunaux de commerce \u2013 Prestations relatives au registre - 2024-2026","content":"\u003Cdiv\u003E                                              \u003Ch2\u003EApplicables du 1er mars 2024 au 28 f\u00e9vrier 2026\u003C\/h2\u003E\u003Cp\u003ELes prestations mentionn\u00e9es ci-dessous donnent lieu \u00e0 la perception des \u00e9moluments suivants :\u003C\/p\u003E\u003Ctable class=\u0022MsoTableGrid\u0022\u003E\u003Ctbody\u003E\u003Ctr\u003E\u003Ctd\u003E\u003Cp align=\u0022center\u0022\u003E\u003Cstrong\u003ECAT\u00c9GORIE\u003C\/strong\u003E\u003C\/p\u003E\u003C\/td\u003E\u003Ctd valign=\u0022top\u0022\u003E\u003Cp align=\u0022center\u0022\u003E\u003Cstrong\u003ED\u00c9SIGNATION DE LA PRESTATION\u003C\/strong\u003E\u003C\/p\u003E\u003C\/td\u003E\u003Ctd\u003E\u003Cp align=\u0022center\u0022\u003E\u003Cstrong\u003E\u00c9MOLUMENT\u003C\/strong\u003E\u003C\/p\u003E\u003C\/td\u003E\u003C\/tr\u003E\u003Ctr\u003E\u003Ctd rowspan=\u002223\u0022\u003E\u003Cp align=\u0022center\u0022\u003E\u003Cstrong\u003EPrestations relatives au registre du commerce et des soci\u00e9t\u00e9s\u003C\/strong\u003E\u003C\/p\u003E\u003C\/td\u003E\u003Ctd valign=\u0022top\u0022\u003E\u003Cp align=\u0022center\u0022\u003EImmatriculation principale, immatriculation secondaire, inscription compl\u00e9mentaire, et radiation d\u0027une personne physique\u003C\/p\u003E\u003C\/td\u003E\u003Ctd\u003E\u003Cp align=\u0022center\u0022\u003E38,13 \u20ac\u003C\/p\u003E\u003C\/td\u003E\u003C\/tr\u003E\u003Ctr\u003E\u003Ctd valign=\u0022top\u0022\u003E\u003Cp align=\u0022center\u0022\u003EImmatriculation principale, immatriculation secondaire, inscription compl\u00e9mentaire, et radiation d\u0027une personne morale : groupements d\u0027int\u00e9r\u00eat \u00e9conomique, soci\u00e9t\u00e9s commerciales, soci\u00e9t\u00e9s non commerciales, \u00e9tablissements publics\u003C\/p\u003E\u003C\/td\u003E\u003Ctd\u003E\u003Cp align=\u0022center\u0022\u003E46,59 \u20ac\u003C\/p\u003E\u003C\/td\u003E\u003C\/tr\u003E\u003Ctr\u003E\u003Ctd valign=\u0022top\u0022\u003E\u003Cp align=\u0022center\u0022\u003EImmatriculation principale par cr\u00e9ation d\u0027une entreprise, personne physique\u003C\/p\u003E\u003C\/td\u003E\u003Ctd\u003E\u003Cp align=\u0022center\u0022\u003E19,07 \u20ac\u003C\/p\u003E\u003C\/td\u003E\u003C\/tr\u003E\u003Ctr\u003E\u003Ctd valign=\u0022top\u0022\u003E\u003Cp align=\u0022center\u0022\u003EImmatriculation principale par cr\u00e9ation de soci\u00e9t\u00e9s commerciales\u003C\/p\u003E\u003C\/td\u003E\u003Ctd\u003E\u003Cp align=\u0022center\u0022\u003E23,30 \u20ac\u003C\/p\u003E\u003C\/td\u003E\u003C\/tr\u003E\u003Ctr\u003E\u003Ctd valign=\u0022top\u0022\u003E\u003Cp align=\u0022center\u0022\u003EInscription modificative pour les personnes physiques\u003C\/p\u003E\u003C\/td\u003E\u003Ctd\u003E\u003Cp align=\u0022center\u0022\u003E33,89 \u20ac\u003C\/p\u003E\u003C\/td\u003E\u003C\/tr\u003E\u003Ctr\u003E\u003Ctd valign=\u0022top\u0022\u003E\u003Cp align=\u0022center\u0022\u003EInscription modificative pour les personnes morales, ainsi que les mentions d\u0027office\u003C\/p\u003E\u003C\/td\u003E\u003Ctd\u003E\u003Cp align=\u0022center\u0022\u003E44,48 \u20ac\u003C\/p\u003E\u003C\/td\u003E\u003C\/tr\u003E\u003Ctr\u003E\u003Ctd valign=\u0022top\u0022\u003E\u003Cp align=\u0022center\u0022\u003EDiligences sp\u00e9cifiques en cas de transformation de soci\u00e9t\u00e9s\u003C\/p\u003E\u003C\/td\u003E\u003Ctd\u003E\u003Cp align=\u0022center\u0022\u003E15,89 \u20ac\u003C\/p\u003E\u003C\/td\u003E\u003C\/tr\u003E\u003Ctr\u003E\u003Ctd valign=\u0022top\u0022\u003E\u003Cp align=\u0022center\u0022\u003EMise \u00e0 jour des renseignements figurant dans les immatriculations principales aux immatriculations secondaires et dans les immatriculations secondaires aux immatriculations principales des personnes physiques\u003C\/p\u003E\u003C\/td\u003E\u003Ctd\u003E\u003Cp align=\u0022center\u0022\u003E19,07 \u20ac\u003C\/p\u003E\u003C\/td\u003E\u003C\/tr\u003E\u003Ctr\u003E\u003Ctd valign=\u0022top\u0022\u003E\u003Cp align=\u0022center\u0022\u003EMise \u00e0 jour des renseignements figurant dans les immatriculations principales aux immatriculations secondaires et dans les immatriculations secondaires aux immatriculations principales des personnes morales\u003C\/p\u003E\u003C\/td\u003E\u003Ctd\u003E\u003Cp align=\u0022center\u0022\u003E26,49 \u20ac\u003C\/p\u003E\u003C\/td\u003E\u003C\/tr\u003E\u003Ctr\u003E\u003Ctd valign=\u0022top\u0022\u003E\u003Cp align=\u0022center\u0022\u003ENotification des mises \u00e0 jour des immatriculations principales et secondaires des personnes physiques\u003C\/p\u003E\u003C\/td\u003E\u003Ctd\u003E\u003Cp align=\u0022center\u0022\u003E6,36 \u20ac\u003C\/p\u003E\u003C\/td\u003E\u003C\/tr\u003E\u003Ctr\u003E\u003Ctd valign=\u0022top\u0022\u003E\u003Cp align=\u0022center\u0022\u003ENotification des mises \u00e0 jour des immatriculations principales et secondaires des personnes morales\u003C\/p\u003E\u003C\/td\u003E\u003Ctd\u003E\u003Cp align=\u0022center\u0022\u003E8,49 \u20ac\u003C\/p\u003E\u003C\/td\u003E\u003C\/tr\u003E\u003Ctr\u003E\u003Ctd valign=\u0022top\u0022\u003E\u003Cp align=\u0022center\u0022\u003ED\u00e9p\u00f4t des comptes annuels\u003C\/p\u003E\u003C\/td\u003E\u003Ctd\u003E\u003Cp align=\u0022center\u0022\u003E5,31 \u20ac\u003C\/p\u003E\u003C\/td\u003E\u003C\/tr\u003E\u003Ctr\u003E\u003Ctd valign=\u0022top\u0022\u003E\u003Cp align=\u0022center\u0022\u003ED\u00e9p\u00f4t des comptes annuels assortis d\u0027une d\u00e9claration de confidentialit\u00e9\u003C\/p\u003E\u003C\/td\u003E\u003Ctd\u003E\u003Cp align=\u0022center\u0022\u003E5,31 \u20ac\u003C\/p\u003E\u003C\/td\u003E\u003C\/tr\u003E\u003Ctr\u003E\u003Ctd valign=\u0022top\u0022\u003E\u003Cp align=\u0022center\u0022\u003ED\u00e9p\u00f4t des comptes annuels assortis du bilan et de l\u0027annexe \u00e9tablis selon une pr\u00e9sentation simplifi\u00e9e et d\u0027une demande de publication de cette pr\u00e9sentation simplifi\u00e9e du bilan et l\u0027annexe\u003C\/p\u003E\u003C\/td\u003E\u003Ctd\u003E\u003Cp align=\u0022center\u0022\u003E5,30 \u20ac\u003C\/p\u003E\u003C\/td\u003E\u003C\/tr\u003E\u003Ctr\u003E\u003Ctd valign=\u0022top\u0022\u003E\u003Cp align=\u0022center\u0022\u003ED\u00e9p\u00f4t d\u0027actes ou de pi\u00e8ces pour la publicit\u00e9 des soci\u00e9t\u00e9s, y compris le certificat de d\u00e9p\u00f4t\u003C\/p\u003E\u003C\/td\u003E\u003Ctd\u003E\u003Cp align=\u0022center\u0022\u003E6,36 \u20ac\u003C\/p\u003E\u003C\/td\u003E\u003C\/tr\u003E\u003Ctr\u003E\u003Ctd valign=\u0022top\u0022\u003E\u003Cp align=\u0022center\u0022\u003ECertificat n\u00e9gatif d\u0027immatriculation, la communication d\u0027actes ou de pi\u00e8ces d\u00e9pos\u00e9es\u003C\/p\u003E\u003C\/td\u003E\u003Ctd\u003E\u003Cp align=\u0022center\u0022\u003E1,08 \u20ac\u003C\/p\u003E\u003C\/td\u003E\u003C\/tr\u003E\u003Ctr\u003E\u003Ctd valign=\u0022top\u0022\u003E\u003Cp align=\u0022center\u0022\u003ECertificat attestant que les comptes publics ont \u00e9t\u00e9 d\u00e9pos\u00e9s mais ne sont pas rendus publics\u003C\/p\u003E\u003C\/td\u003E\u003Ctd\u003E\u003Cp align=\u0022center\u0022\u003E1,08 \u20ac\u003C\/p\u003E\u003C\/td\u003E\u003C\/tr\u003E\u003Ctr\u003E\u003Ctd valign=\u0022top\u0022\u003E\u003Cp align=\u0022center\u0022\u003EExtrait du registre du commerce et des soci\u00e9t\u00e9s\u003C\/p\u003E\u003C\/td\u003E\u003Ctd\u003E\u003Cp align=\u0022center\u0022\u003E2,13 \u20ac\u003C\/p\u003E\u003C\/td\u003E\u003C\/tr\u003E\u003Ctr\u003E\u003Ctd valign=\u0022top\u0022\u003E\u003Cp align=\u0022center\u0022\u003ERelev\u00e9 historique des \u00e9v\u00e9nements au registre du commerce et des soci\u00e9t\u00e9s\u003C\/p\u003E\u003C\/td\u003E\u003Ctd\u003E\u003Cp align=\u0022center\u0022\u003E5,31 \u20ac\u003C\/p\u003E\u003C\/td\u003E\u003C\/tr\u003E\u003Ctr\u003E\u003Ctd valign=\u0022top\u0022\u003E\u003Cp align=\u0022center\u0022\u003ECopie des comptes et rapports annuels (quel que soit le nombre de page)\u003C\/p\u003E\u003C\/td\u003E\u003Ctd\u003E\u003Cp align=\u0022center\u0022\u003E6,36 \u20ac\u003C\/p\u003E\u003C\/td\u003E\u003C\/tr\u003E\u003Ctr\u003E\u003Ctd valign=\u0022top\u0022\u003E\u003Cp align=\u0022center\u0022\u003ECopie certifi\u00e9e conforme (par page)\u003C\/p\u003E\u003C\/td\u003E\u003Ctd\u003E\u003Cp align=\u0022center\u0022\u003E0,37 \u20ac\u003C\/p\u003E\u003C\/td\u003E\u003C\/tr\u003E\u003Ctr\u003E\u003Ctd valign=\u0022top\u0022\u003E\u003Cp align=\u0022center\u0022\u003ECopie de statuts, actes ou de pi\u00e8ces d\u00e9pos\u00e9es (forfait)\u003C\/p\u003E\u003C\/td\u003E\u003Ctd\u003E\u003Cp align=\u0022center\u0022\u003E6,36 \u20ac\u003C\/p\u003E\u003C\/td\u003E\u003C\/tr\u003E\u003Ctr\u003E\u003Ctd valign=\u0022top\u0022\u003E\u003Cp align=\u0022center\u0022\u003ECopie de la d\u00e9claration de confidentialit\u00e9 des comptes annuels\u003C\/p\u003E\u003C\/td\u003E\u003Ctd\u003E\u003Cp align=\u0022center\u0022\u003E1,08 \u20ac\u003C\/p\u003E\u003C\/td\u003E\u003C\/tr\u003E\u003Ctr\u003E\u003Ctd rowspan=\u00223\u0022\u003E\u003Cp align=\u0022center\u0022\u003E\u003Cstrong\u003EPrestations relatives au registre des agents commerciaux\u003C\/strong\u003E\u003C\/p\u003E\u003C\/td\u003E\u003Ctd valign=\u0022top\u0022\u003E\u003Cp align=\u0022center\u0022\u003EPrestations relatives au registre des agents commerciaux\u003C\/p\u003E\u003C\/td\u003E\u003Ctd\u003E\u003Cp align=\u0022center\u0022\u003E6,36 \u20ac\u003C\/p\u003E\u003C\/td\u003E\u003C\/tr\u003E\u003Ctr\u003E\u003Ctd valign=\u0022top\u0022\u003E\u003Cp align=\u0022center\u0022\u003EInscription modificative\u003C\/p\u003E\u003C\/td\u003E\u003Ctd\u003E\u003Cp align=\u0022center\u0022\u003E2,13 \u20ac\u003C\/p\u003E\u003C\/td\u003E\u003C\/tr\u003E\u003Ctr\u003E\u003Ctd valign=\u0022top\u0022\u003E\u003Cp align=\u0022center\u0022\u003EExtrait d\u0027inscription de la d\u00e9claration\u003C\/p\u003E\u003C\/td\u003E\u003Ctd\u003E\u003Cp align=\u0022center\u0022\u003E2,13 \u20ac\u003C\/p\u003E\u003C\/td\u003E\u003C\/tr\u003E\u003Ctr\u003E\u003Ctd rowspan=\u00228\u0022\u003E\u003Cp align=\u0022center\u0022\u003E\u003Cstrong\u003ED\u00e9p\u00f4ts effectu\u00e9s au registre du commerce et des soci\u00e9t\u00e9s par les entrepreneurs individuels \u00e0 responsabilit\u00e9 limit\u00e9e\u003C\/strong\u003E\u003C\/p\u003E\u003C\/td\u003E\u003Ctd valign=\u0022top\u0022\u003E\u003Cp align=\u0022center\u0022\u003ED\u00e9p\u00f4t de la d\u00e9claration d\u0027affectation du patrimoine, de reprise ou de transfert et les mentions au registre\u003C\/p\u003E\u003C\/td\u003E\u003Ctd\u003E\u003Cp align=\u0022center\u0022\u003E33,89 \u20ac\u003C\/p\u003E\u003C\/td\u003E\u003C\/tr\u003E\u003Ctr\u003E\u003Ctd valign=\u0022top\u0022\u003E\u003Cp align=\u0022center\u0022\u003ED\u00e9p\u00f4t de la d\u00e9claration modificative ou compl\u00e9mentaire de la d\u00e9claration d\u0027affectation du patrimoine entra\u00eenant mentions au registre\u003C\/p\u003E\u003C\/td\u003E\u003Ctd\u003E\u003Cp align=\u0022center\u0022\u003E33,89 \u20ac\u003C\/p\u003E\u003C\/td\u003E\u003C\/tr\u003E\u003Ctr\u003E\u003Ctd valign=\u0022top\u0022\u003E\u003Cp align=\u0022center\u0022\u003ED\u00e9p\u00f4t des documents attestant de l\u0027accomplissement des formalit\u00e9s pr\u00e9cit\u00e9es, y compris la transmission aux services fiscaux.\u003C\/p\u003E\u003C\/td\u003E\u003Ctd\u003E\u003Cp align=\u0022center\u0022\u003E6,36 \u20ac\u003C\/p\u003E\u003C\/td\u003E\u003C\/tr\u003E\u003Ctr\u003E\u003Ctd valign=\u0022top\u0022\u003E\u003Cp align=\u0022center\u0022\u003ED\u00e9p\u00f4t des comptes annuels ou du document comptable simplifi\u00e9 au registre.\u003C\/p\u003E\u003C\/td\u003E\u003Ctd\u003E\u003Cp align=\u0022center\u0022\u003E5,31 \u20ac\u003C\/p\u003E\u003C\/td\u003E\u003C\/tr\u003E\u003Ctr\u003E\u003Ctd valign=\u0022top\u0022\u003E\u003Cp align=\u0022center\u0022\u003ENotification \u00e0 un autre registre en cas de double immatriculation ou d\u0027immatriculation secondaire\u003C\/p\u003E\u003C\/td\u003E\u003Ctd\u003E\u003Cp align=\u0022center\u0022\u003E6,36 \u20ac\u003C\/p\u003E\u003C\/td\u003E\u003C\/tr\u003E\u003Ctr\u003E\u003Ctd valign=\u0022top\u0022\u003E\u003Cp align=\u0022center\u0022\u003EMise \u00e0 jour des renseignements figurant dans les immatriculations principales aux immatriculations secondaires ou re\u00e7us d\u0027un autre registre ou r\u00e9pertoire aux fins de mentions\u003C\/p\u003E\u003C\/td\u003E\u003Ctd\u003E\u003Cp align=\u0022center\u0022\u003E19,07 \u20ac\u003C\/p\u003E\u003C\/td\u003E\u003C\/tr\u003E\u003Ctr\u003E\u003Ctd valign=\u0022top\u0022\u003E\u003Cp align=\u0022center\u0022\u003EAvis au bulletin officiel des annonces civiles et commerciales relatif \u00e0 la cession, y compris la d\u00e9livrance du certificat\u003C\/p\u003E\u003C\/td\u003E\u003Ctd\u003E\u003Cp align=\u0022center\u0022\u003E7,42 \u20ac\u003C\/p\u003E\u003C\/td\u003E\u003C\/tr\u003E\u003Ctr\u003E\u003Ctd valign=\u0022top\u0022\u003E\u003Cp align=\u0022center\u0022\u003ECopie des comptes annuels ou du document comptable simplifi\u00e9 ou de la d\u00e9claration d\u0027affectation\u003C\/p\u003E\u003C\/td\u003E\u003Ctd\u003E\u003Cp align=\u0022center\u0022\u003E6,36 \u20ac\u003C\/p\u003E\u003C\/td\u003E\u003C\/tr\u003E\u003Ctr\u003E\u003Ctd rowspan=\u00226\u0022\u003E\u003Cp align=\u0022center\u0022\u003E\u003Cstrong\u003ED\u00e9p\u00f4ts effectu\u00e9s au registre des agents commerciaux par les entrepreneurs individuels \u00e0 responsabilit\u00e9 limit\u00e9e\u003C\/strong\u003E\u003C\/p\u003E\u003C\/td\u003E\u003Ctd valign=\u0022top\u0022\u003E\u003Cp align=\u0022center\u0022\u003ED\u00e9p\u00f4t de la d\u00e9claration d\u0027affectation du patrimoine, de reprise ou de transfert et les mentions au registre\u003C\/p\u003E\u003C\/td\u003E\u003Ctd\u003E\u003Cp align=\u0022center\u0022\u003E33,89 \u20ac\u003C\/p\u003E\u003C\/td\u003E\u003C\/tr\u003E\u003Ctr\u003E\u003Ctd valign=\u0022top\u0022\u003E\u003Cp align=\u0022center\u0022\u003ED\u00e9p\u00f4t de la d\u00e9claration modificative ou compl\u00e9mentaire de la d\u00e9claration d\u0027affectation du patrimoine entra\u00eenant mentions au registre\u003C\/p\u003E\u003C\/td\u003E\u003Ctd\u003E\u003Cp align=\u0022center\u0022\u003E33,89 \u20ac\u003C\/p\u003E\u003C\/td\u003E\u003C\/tr\u003E\u003Ctr\u003E\u003Ctd valign=\u0022top\u0022\u003E\u003Cp align=\u0022center\u0022\u003ED\u00e9p\u00f4t des documents attestant de l\u0027accomplissement des formalit\u00e9s pr\u00e9cit\u00e9es, y compris la transmission aux services fiscaux.\u003C\/p\u003E\u003C\/td\u003E\u003Ctd\u003E\u003Cp align=\u0022center\u0022\u003E6,36 \u20ac\u003C\/p\u003E\u003C\/td\u003E\u003C\/tr\u003E\u003Ctr\u003E\u003Ctd valign=\u0022top\u0022\u003E\u003Cp align=\u0022center\u0022\u003ED\u00e9p\u00f4t des comptes annuels ou du document comptable simplifi\u00e9 au registre.\u003C\/p\u003E\u003C\/td\u003E\u003Ctd\u003E\u003Cp align=\u0022center\u0022\u003E5,31 \u20ac\u003C\/p\u003E\u003C\/td\u003E\u003C\/tr\u003E\u003Ctr\u003E\u003Ctd\u003E\u003Cp align=\u0022center\u0022\u003EAvis au bulletin officiel des annonces civiles et commerciales relatif \u00e0 la cession, y compris la d\u00e9livrance du certificat\u003C\/p\u003E\u003C\/td\u003E\u003Ctd\u003E\u003Cp align=\u0022center\u0022\u003E7,42 \u20ac\u003C\/p\u003E\u003C\/td\u003E\u003C\/tr\u003E\u003Ctr\u003E\u003Ctd valign=\u0022top\u0022\u003E\u003Cp align=\u0022center\u0022\u003ECopie des comptes annuels ou du document comptable simplifi\u00e9 ou de la d\u00e9claration d\u0027affectation\u003C\/p\u003E\u003C\/td\u003E\u003Ctd\u003E\u003Cp align=\u0022center\u0022\u003E6,36 \u20ac\u003C\/p\u003E\u003C\/td\u003E\u003C\/tr\u003E\u003Ctr\u003E\u003Ctd rowspan=\u00227\u0022\u003E\u003Cp align=\u0022center\u0022\u003E\u003Cstrong\u003EPrestations relatives au registre des entrepreneurs individuels \u00e0 responsabilit\u00e9 limit\u00e9e\u003C\/strong\u003E\u003C\/p\u003E\u003C\/td\u003E\u003Ctd valign=\u0022top\u0022\u003E\u003Cp align=\u0022center\u0022\u003EImmatriculation y compris apr\u00e8s reprise ou transfert comprenant le d\u00e9p\u00f4t de la d\u00e9claration d\u0027affectation du patrimoine et les \u00e9moluments de radiation\u003C\/p\u003E\u003C\/td\u003E\u003Ctd\u003E\u003Cp align=\u0022center\u0022\u003E38,13 \u20ac\u003C\/p\u003E\u003C\/td\u003E\u003C\/tr\u003E\u003Ctr\u003E\u003Ctd valign=\u0022top\u0022\u003E\u003Cp align=\u0022center\u0022\u003ED\u00e9p\u00f4t des documents attestant de l\u0027accomplissement des formalit\u00e9s pr\u00e9cit\u00e9es, y compris la transmission aux services fiscaux.\u003C\/p\u003E\u003C\/td\u003E\u003Ctd\u003E\u003Cp align=\u0022center\u0022\u003E14,82 \u20ac\u003C\/p\u003E\u003C\/td\u003E\u003C\/tr\u003E\u003Ctr\u003E\u003Ctd valign=\u0022top\u0022\u003E\u003Cp align=\u0022center\u0022\u003E\u0026nbsp;\u003C\/p\u003E\u003C\/td\u003E\u003Ctd\u003E\u003Cp align=\u0022center\u0022\u003E\u0026nbsp;\u003C\/p\u003E\u003C\/td\u003E\u003C\/tr\u003E\u003Ctr\u003E\u003Ctd valign=\u0022top\u0022\u003E\u003Cp align=\u0022center\u0022\u003ED\u00e9p\u00f4t des comptes annuels ou du document comptable simplifi\u00e9 au registre.\u003C\/p\u003E\u003C\/td\u003E\u003Ctd\u003E\u003Cp align=\u0022center\u0022\u003E5,31 \u20ac\u003C\/p\u003E\u003C\/td\u003E\u003C\/tr\u003E\u003Ctr\u003E\u003Ctd valign=\u0022top\u0022\u003E\u003Cp align=\u0022center\u0022\u003EAvis au bulletin officiel des annonces civiles et commerciales relatif \u00e0 la cession, y compris la d\u00e9livrance du certificat\u003C\/p\u003E\u003C\/td\u003E\u003Ctd\u003E\u003Cp align=\u0022center\u0022\u003E7,42 \u20ac\u003C\/p\u003E\u003C\/td\u003E\u003C\/tr\u003E\u003Ctr\u003E\u003Ctd valign=\u0022top\u0022\u003E\u003Cp align=\u0022center\u0022\u003ECopie des comptes annuels ou du document comptable simplifi\u00e9 ou de la d\u00e9claration d\u0027affectation\u003C\/p\u003E\u003C\/td\u003E\u003Ctd\u003E\u003Cp align=\u0022center\u0022\u003E6,36 \u20ac\u003C\/p\u003E\u003C\/td\u003E\u003C\/tr\u003E\u003Ctr\u003E\u003Ctd valign=\u0022top\u0022\u003E\u003Cp align=\u0022center\u0022\u003EExtrait du registre des entrepreneurs individuels \u00e0 responsabilit\u00e9 limit\u00e9e\u003C\/p\u003E\u003C\/td\u003E\u003Ctd\u003E\u003Cp align=\u0022center\u0022\u003E2,13 \u20ac\u003C\/p\u003E\u003C\/td\u003E\u003C\/tr\u003E\u003C\/tbody\u003E\u003C\/table\u003E\u003Cp\u003ELes prestations relatives au registre des b\u00e9n\u00e9ficiaires effectifs donnent lieu \u00e0 la perception des \u00e9moluments suivants :\u003C\/p\u003E\u003Ctable class=\u0022MsoTableGrid\u0022\u003E\u003Ctbody\u003E\u003Ctr\u003E\u003Ctd\u003E\u003Cp align=\u0022center\u0022\u003E\u003Cstrong\u003ECAT\u00c9GORIE\u003C\/strong\u003E\u003C\/p\u003E\u003C\/td\u003E\u003Ctd valign=\u0022top\u0022\u003E\u003Cp align=\u0022center\u0022\u003E\u003Cstrong\u003ED\u00c9SIGNATION DE LA PRESTATION\u003C\/strong\u003E\u003C\/p\u003E\u003C\/td\u003E\u003Ctd\u003E\u003Cp align=\u0022center\u0022\u003E\u003Cstrong\u003E\u00c9MOLUMENT\u003C\/strong\u003E\u003C\/p\u003E\u003C\/td\u003E\u003C\/tr\u003E\u003Ctr\u003E\u003Ctd rowspan=\u00222\u0022\u003E\u003Cp align=\u0022center\u0022\u003E\u003Cstrong\u003EPrestations relatives au registre des b\u00e9n\u00e9ficiaires effectifs\u003C\/strong\u003E\u003C\/p\u003E\u003C\/td\u003E\u003Ctd\u003E\u003Cp align=\u0022center\u0022\u003ED\u00e9claration relative au b\u00e9n\u00e9ficiaire effectif, lors de la demande d\u0027immatriculation \u00e0 un registre de publicit\u00e9 l\u00e9gale ou au plus tard dans les 15 jours \u00e0 compter de la d\u00e9livrance du r\u00e9c\u00e9piss\u00e9 de d\u00e9p\u00f4t de dossier de cr\u00e9ation d\u0027entreprise\u003C\/p\u003E\u003C\/td\u003E\u003Ctd\u003E\u003Cp align=\u0022center\u0022\u003E16,95 \u20ac\u003C\/p\u003E\u003C\/td\u003E\u003C\/tr\u003E\u003Ctr\u003E\u003Ctd\u003E\u003Cp align=\u0022center\u0022\u003ED\u00e9claration modificative ou compl\u00e9mentaire \u00e0 la d\u00e9claration relative au b\u00e9n\u00e9ficiaire effectif mentionn\u00e9e\u003C\/p\u003E\u003C\/td\u003E\u003Ctd\u003E\u003Cp align=\u0022center\u0022\u003E29,65 \u20ac\u003C\/p\u003E\u003C\/td\u003E\u003C\/tr\u003E\u003C\/tbody\u003E\u003C\/table\u003E                                            \u003Cp\u003E\u003Cbr \/\u003E\u003Cstrong\u003ESource :\u003C\/strong\u003E\u003Cstrong\u003E\u00a0\u003C\/strong\u003E\u003C\/p\u003E\u003Cul\u003E\u003Cli\u003E\u003Ca href=\u0022https:\/\/www.legifrance.gouv.fr\/codes\/article_lc\/LEGIARTI000041675936\u0022 target=\u0022_blank\u0022 rel=\u0022noopener\u0022\u003EArticles A743-10 du Code de commerce\u003C\/a\u003E\u003C\/li\u003E\u003Cli\u003E\u003Ca href=\u0022https:\/\/www.legifrance.gouv.fr\/codes\/article_lc\/LEGIARTI000049218542\/2024-03-11\u0022 target=\u0022_blank\u0022 rel=\u0022noopener\u0022\u003EArticles A743-10-1 du Code de commerce\u003C\/a\u003E\u003C\/li\u003E\u003Cli\u003E\u003Ca href=\u0022https:\/\/www.legifrance.gouv.fr\/loda\/id\/LEGIARTI000049214610\/2024-03-01\/\u0022 target=\u0022_blank\u0022 rel=\u0022noopener\u0022\u003EArr\u00eat\u00e9 du 28 f\u00e9vrier 2024 fixant l\u0027objectif de taux de r\u00e9sultat moyen et les tarifs r\u00e8glement\u00e9s des greffiers de tribunaux de commerce\u003C\/a\u003E\u003C\/li\u003E\u003C\/ul\u003E\u003C\/div\u003E","annee":"2025","theme":" Indices, taux, bar\u00e8mes juridiques","activites":["Professionnels du droit et du chiffre"],"image":"https:\/\/www.weblex.fr\/sites\/default\/files\/chiffres_clef\/Shutterstock_greffierregistretribunal.jpg","created":"2025-12-09","modified":"2026-04-20"},{"url":"\/chiffres-cles\/tarifs-des-commissaires-de-justice-anciennement-huissiers-de-justice-convocations-en-justice-et-significations-2024-2026","id":27044,"title":"Tarifs des Commissaires de justice (anciennement huissiers de justice) \u2013 Convocations en justice et significations - 2024-2026","content":"\u003Cdiv\u003E                                              \u003Cp\u003ELes prestations mentionn\u00e9es ci-dessous donnent lieu \u00e0 la perception des \u00e9moluments suivants\u202f:\u003C\/p\u003E\u003Ctable aria-rowcount=\u00225\u0022 border=\u00221\u0022 data-tablelook=\u00221184\u0022 data-tablestyle=\u0022MsoTableGrid\u0022\u003E\u003Ctbody\u003E\u003Ctr aria-rowindex=\u00221\u0022 role=\u0022row\u0022\u003E\u003Ctd data-celllook=\u00220\u0022 role=\u0022rowheader\u0022\u003E\u003Cp paraeid=\u0022{1edc147c-b6e9-4111-a505-2db457038897}{247}\u0022 paraid=\u0022600907624\u0022\u003ED\u00c9SIGNATION DE LA PRESTATION\u0026nbsp;\u003C\/p\u003E\u003C\/td\u003E\u003Ctd data-celllook=\u00220\u0022 role=\u0022columnheader\u0022\u003E\u003Cp paraeid=\u0022{1edc147c-b6e9-4111-a505-2db457038897}{254}\u0022 paraid=\u0022600907625\u0022\u003E\u00c9MOLUMENT\u0026nbsp;\u003C\/p\u003E\u003C\/td\u003E\u003C\/tr\u003E\u003Ctr aria-rowindex=\u00222\u0022 role=\u0022row\u0022\u003E\u003Ctd data-celllook=\u00220\u0022 role=\u0022rowheader\u0022\u003E\u003Cp paraeid=\u0022{2c031c33-c31e-47aa-baaa-2d2d33237713}{7}\u0022 paraid=\u0022600907627\u0022\u003EAssignation\u0026nbsp;\u003C\/p\u003E\u003C\/td\u003E\u003Ctd data-celllook=\u00220\u0022\u003E\u003Cp paraeid=\u0022{2c031c33-c31e-47aa-baaa-2d2d33237713}{14}\u0022 paraid=\u0022600907628\u0022\u003E18,28 \u20ac\u0026nbsp;\u003C\/p\u003E\u003C\/td\u003E\u003C\/tr\u003E\u003Ctr aria-rowindex=\u00223\u0022 role=\u0022row\u0022\u003E\u003Ctd data-celllook=\u00220\u0022 role=\u0022rowheader\u0022\u003E\u003Cp paraeid=\u0022{2c031c33-c31e-47aa-baaa-2d2d33237713}{28}\u0022 paraid=\u0022600907630\u0022\u003ESignification de d\u00e9cision de justice\u0026nbsp;\u003C\/p\u003E\u003C\/td\u003E\u003Ctd data-celllook=\u00220\u0022\u003E\u003Cp paraeid=\u0022{2c031c33-c31e-47aa-baaa-2d2d33237713}{35}\u0022 paraid=\u0022600907631\u0022\u003E25,79 \u20ac\u0026nbsp;\u003C\/p\u003E\u003C\/td\u003E\u003C\/tr\u003E\u003Ctr aria-rowindex=\u00224\u0022 role=\u0022row\u0022\u003E\u003Ctd data-celllook=\u00220\u0022 role=\u0022rowheader\u0022\u003E\u003Cp paraeid=\u0022{2c031c33-c31e-47aa-baaa-2d2d33237713}{47}\u0022 paraid=\u0022600907633\u0022\u003ESignification des autres titres ex\u00e9cutoires\u0026nbsp;\u003C\/p\u003E\u003C\/td\u003E\u003Ctd data-celllook=\u00220\u0022\u003E\u003Cp paraeid=\u0022{2c031c33-c31e-47aa-baaa-2d2d33237713}{54}\u0022 paraid=\u0022600907634\u0022\u003E25,79 \u20ac\u0026nbsp;\u003C\/p\u003E\u003C\/td\u003E\u003C\/tr\u003E\u003Ctr aria-rowindex=\u00225\u0022 role=\u0022row\u0022\u003E\u003Ctd data-celllook=\u00220\u0022 role=\u0022rowheader\u0022\u003E\u003Cp paraeid=\u0022{2c031c33-c31e-47aa-baaa-2d2d33237713}{68}\u0022 paraid=\u0022600907636\u0022\u003ESignification de requ\u00eate et d\u0027ordonnance d\u0027injonction de payer\u0026nbsp;\u003C\/p\u003E\u003C\/td\u003E\u003Ctd data-celllook=\u00220\u0022\u003E\u003Cp paraeid=\u0022{2c031c33-c31e-47aa-baaa-2d2d33237713}{75}\u0022 paraid=\u0022600907637\u0022\u003E25,79 \u20ac\u0026nbsp;\u003C\/p\u003E\u003C\/td\u003E\u003C\/tr\u003E\u003C\/tbody\u003E\u003C\/table\u003E\u003Cp\u003ESi, \u00e0 compter de la demande du client, les prestations suivantes sont r\u00e9alis\u00e9es dans un d\u00e9lai inf\u00e9rieur au d\u00e9lai de r\u00e9f\u00e9rence pr\u00e9cis\u00e9 dans le tableau ci-dessous, elles donnent lieu \u00e0 la perception de l\u0027\u00e9molument major\u00e9 qui est alors le suivant\u202f:\u003C\/p\u003E\u003Ctable aria-rowcount=\u00224\u0022 border=\u00221\u0022 data-tablelook=\u00221184\u0022 data-tablestyle=\u0022MsoTableGrid\u0022\u003E\u003Ctbody\u003E\u003Ctr aria-rowindex=\u00221\u0022 role=\u0022row\u0022\u003E\u003Ctd data-celllook=\u00220\u0022 role=\u0022rowheader\u0022\u003E\u003Cp paraeid=\u0022{2c031c33-c31e-47aa-baaa-2d2d33237713}{101}\u0022 paraid=\u0022600907640\u0022\u003ED\u00c9SIGNATION DE LA PRESTATION\u0026nbsp;\u003C\/p\u003E\u003C\/td\u003E\u003Ctd data-celllook=\u00220\u0022 role=\u0022columnheader\u0022\u003E\u003Cp paraeid=\u0022{2c031c33-c31e-47aa-baaa-2d2d33237713}{108}\u0022 paraid=\u0022600907641\u0022\u003ED\u00c9LAI DE R\u00c9F\u00c9RENCE\u0026nbsp;\u003C\/p\u003E\u003C\/td\u003E\u003Ctd data-celllook=\u00220\u0022 role=\u0022columnheader\u0022\u003E\u003Cp paraeid=\u0022{2c031c33-c31e-47aa-baaa-2d2d33237713}{115}\u0022 paraid=\u0022600907642\u0022\u003ETARIF MAJOR\u00c9\u003C\/p\u003E\u003C\/td\u003E\u003C\/tr\u003E\u003Ctr aria-rowindex=\u00222\u0022 role=\u0022row\u0022\u003E\u003Ctd data-celllook=\u00220\u0022 role=\u0022rowheader\u0022\u003E\u003Cp paraeid=\u0022{2c031c33-c31e-47aa-baaa-2d2d33237713}{123}\u0022 paraid=\u0022600907644\u0022\u003EAssignation\u0026nbsp;\u003C\/p\u003E\u003C\/td\u003E\u003Ctd data-celllook=\u00220\u0022\u003E\u003Cp paraeid=\u0022{2c031c33-c31e-47aa-baaa-2d2d33237713}{130}\u0022 paraid=\u0022600907645\u0022\u003E24 heures\u0026nbsp;\u003C\/p\u003E\u003C\/td\u003E\u003Ctd data-celllook=\u00220\u0022\u003E\u003Cp paraeid=\u0022{2c031c33-c31e-47aa-baaa-2d2d33237713}{137}\u0022 paraid=\u0022600907646\u0022\u003E90,18 \u20ac\u0026nbsp;\u003C\/p\u003E\u003C\/td\u003E\u003C\/tr\u003E\u003Ctr aria-rowindex=\u00223\u0022 role=\u0022row\u0022\u003E\u003Ctd data-celllook=\u00220\u0022 role=\u0022rowheader\u0022\u003E\u003Cp paraeid=\u0022{2c031c33-c31e-47aa-baaa-2d2d33237713}{151}\u0022 paraid=\u0022600907648\u0022\u003ESignification de d\u00e9cision de justice\u0026nbsp;\u003C\/p\u003E\u003C\/td\u003E\u003Ctd data-celllook=\u00220\u0022\u003E\u003Cp paraeid=\u0022{2c031c33-c31e-47aa-baaa-2d2d33237713}{158}\u0022 paraid=\u0022600907649\u0022\u003E24 heures\u0026nbsp;\u003C\/p\u003E\u003C\/td\u003E\u003Ctd data-celllook=\u00220\u0022\u003E\u003Cp paraeid=\u0022{2c031c33-c31e-47aa-baaa-2d2d33237713}{165}\u0022 paraid=\u0022600907650\u0022\u003E90,18 \u20ac\u0026nbsp;\u003C\/p\u003E\u003C\/td\u003E\u003C\/tr\u003E\u003Ctr aria-rowindex=\u00224\u0022 role=\u0022row\u0022\u003E\u003Ctd data-celllook=\u00220\u0022 role=\u0022rowheader\u0022\u003E\u003Cp paraeid=\u0022{2c031c33-c31e-47aa-baaa-2d2d33237713}{177}\u0022 paraid=\u00222082809838\u0022\u003ESignification de l\u2019ordonnance de fixation de la date d\u2019audience de l\u2019ordonnance de protection\u0026nbsp;\u003C\/p\u003E\u003C\/td\u003E\u003Ctd data-celllook=\u00220\u0022\u003E\u003Cp paraeid=\u0022{2c031c33-c31e-47aa-baaa-2d2d33237713}{184}\u0022 paraid=\u0022947510050\u0022\u003E48 heures\u0026nbsp;\u003C\/p\u003E\u003C\/td\u003E\u003Ctd data-celllook=\u00220\u0022\u003E\u003Cp paraeid=\u0022{2c031c33-c31e-47aa-baaa-2d2d33237713}{191}\u0022 paraid=\u0022903381757\u0022\u003E42,08 \u20ac\u0026nbsp;\u003C\/p\u003E\u003C\/td\u003E\u003C\/tr\u003E\u003C\/tbody\u003E\u003C\/table\u003E\u003Cp\u003EL\u0027huissier de justice indique, sur l\u0027acte qu\u0027il dresse, les dates et heures respectives de la demande du client et de la r\u00e9alisation de la prestation. Il y pr\u00e9cise \u00e9galement les raisons justifiant l\u0027urgence.\u003C\/p\u003E                                            \u003Cp\u003E\u003Cbr \/\u003E\u003Cstrong\u003ESource :\u003C\/strong\u003E\u003Cstrong\u003E\u00a0\u003C\/strong\u003E\u003C\/p\u003E\u003Cul\u003E\u003Cli\u003E\u003Ca href=\u0022https:\/\/www.legifrance.gouv.fr\/codes\/section_lc\/LEGITEXT000005634379\/LEGISCTA000032127748\/#LEGISCTA000032127748\u0022 target=\u0022_blank\u0022 rel=\u0022noopener\u0022\u003EArticles A 444-11 et A 444-12 du Code de commerce\u003C\/a\u003E\u003C\/li\u003E\u003Cli\u003E\u003Ca href=\u0022https:\/\/www.legifrance.gouv.fr\/jorf\/id\/JORFTEXT000049209818\u0022 target=\u0022_blank\u0022 rel=\u0022noopener\u0022\u003EArr\u00eat\u00e9 du 28 f\u00e9vrier 2024 fixant l\u0027objectif de taux de r\u00e9sultat moyen et les tarifs r\u00e9glement\u00e9s des huissiers de justice et commissaires-priseurs judiciaires\u003C\/a\u003E\u003C\/li\u003E\u003C\/ul\u003E\u003C\/div\u003E","annee":"2025","theme":" Indices, taux, bar\u00e8mes juridiques","activites":["Professionnels du droit et du chiffre"],"image":"https:\/\/www.weblex.fr\/sites\/default\/files\/chiffres_clef\/Shutterstock_commconvoc.jpg","created":"2025-12-04","modified":"2026-02-24"},{"url":"\/chiffres-cles\/tarifs-des-commissaires-de-justice-anciennement-huissiers-de-justice-formalites-requetes-et-diligences-2024-2026","id":27046,"title":"Tarifs des Commissaires de justice (anciennement huissiers de justice) \u2013 Formalit\u00e9s, requ\u00eates et diligences - 2024-2026","content":"\u003Cdiv\u003E                                              \u003Cp\u003ELes prestations mentionn\u00e9es ci-dessous donnent lieu \u00e0 la perception des \u00e9moluments suivants\u003C\/p\u003E\u003Ctable class=\u0022MsoTableGrid\u0022\u003E\u003Ctbody\u003E\u003Ctr\u003E\u003Ctd\u003E\u003Cp align=\u0022center\u0022\u003E\u003Cstrong\u003ED\u00c9SIGNATION DE LA PRESTATION\u003C\/strong\u003E\u003C\/p\u003E\u003C\/td\u003E\u003Ctd\u003E\u003Cp align=\u0022center\u0022\u003E\u003Cstrong\u003E\u00c9MOLUMENT\u003C\/strong\u003E\u003C\/p\u003E\u003C\/td\u003E\u003C\/tr\u003E\u003Ctr\u003E\u003Ctd valign=\u0022top\u0022\u003E\u003Cp align=\u0022center\u0022\u003ERequ\u00eate aux fins de recherche des informations\u003C\/p\u003E\u003C\/td\u003E\u003Ctd\u003E\u003Cp align=\u0022center\u0022\u003E21,50 \u20ac\u003C\/p\u003E\u003C\/td\u003E\u003C\/tr\u003E\u003Ctr\u003E\u003Ctd valign=\u0022top\u0022\u003E\u003Cp align=\u0022center\u0022\u003ECopie des pi\u00e8ces accompagnant le bordereau annex\u00e9 \u00e0 l\u0027assignation, par tranche de 100 feuilles\u003C\/p\u003E\u003C\/td\u003E\u003Ctd\u003E\u003Cp align=\u0022center\u0022\u003E21,50 \u20ac\u003C\/p\u003E\u003C\/td\u003E\u003C\/tr\u003E\u003Ctr\u003E\u003Ctd valign=\u0022top\u0022\u003E\u003Cp align=\u0022center\u0022\u003ERequ\u00eate au greffe aux fins de saisie des r\u00e9mun\u00e9rations ou en intervention\u003C\/p\u003E\u003C\/td\u003E\u003Ctd\u003E\u003Cp align=\u0022center\u0022\u003E30,09 \u20ac\u003C\/p\u003E\u003C\/td\u003E\u003C\/tr\u003E\u003Ctr\u003E\u003Ctd valign=\u0022top\u0022\u003E\u003Cp align=\u0022center\u0022\u003ENotification \u00e0 l\u0027employeur d\u0027un acte de saisie des r\u00e9mun\u00e9rations lorsque le courrier revient non r\u00e9clam\u00e9 au tribunal\u003C\/p\u003E\u003C\/td\u003E\u003Ctd\u003E\u003Cp align=\u0022center\u0022\u003E25,79 \u20ac\u003C\/p\u003E\u003C\/td\u003E\u003C\/tr\u003E\u003Ctr\u003E\u003Ctd valign=\u0022top\u0022\u003E\u003Cp align=\u0022center\u0022\u003ERequ\u00eate au secr\u00e9tariat-greffe du juge de l\u0027ex\u00e9cution aux fins de d\u00e9livrance d\u0027un certificat de non-contestation (saisie-attribution)\u003C\/p\u003E\u003C\/td\u003E\u003Ctd\u003E\u003Cp align=\u0022center\u0022\u003E21,50 \u20ac\u003C\/p\u003E\u003C\/td\u003E\u003C\/tr\u003E\u003Ctr\u003E\u003Ctd valign=\u0022top\u0022\u003E\u003Cp align=\u0022center\u0022\u003EEtablissement du certificat de non-contestation par l\u0027huissier de justice qui a proc\u00e9d\u00e9 \u00e0 la saisie-attribution\u003C\/p\u003E\u003C\/td\u003E\u003Ctd\u003E\u003Cp align=\u0022center\u0022\u003E21,50 \u20ac\u003C\/p\u003E\u003C\/td\u003E\u003C\/tr\u003E\u003Ctr\u003E\u003Ctd valign=\u0022top\u0022\u003E\u003Cp align=\u0022center\u0022\u003ED\u00e9nonciation de la saisine du juge de l\u0027ex\u00e9cution \u00e0 l\u0027huissier de justice en mati\u00e8re de contestation de saisie-attribution\u003C\/p\u003E\u003C\/td\u003E\u003Ctd\u003E\u003Cp align=\u0022center\u0022\u003E15,05 \u20ac\u003C\/p\u003E\u003C\/td\u003E\u003C\/tr\u003E\u003Ctr\u003E\u003Ctd valign=\u0022top\u0022\u003E\u003Cp align=\u0022center\u0022\u003ESaisine du juge de l\u0027ex\u00e9cution sur la difficult\u00e9 d\u0027ex\u00e9cution\u003C\/p\u003E\u003C\/td\u003E\u003Ctd\u003E\u003Cp align=\u0022center\u0022\u003E21,50 \u20ac\u003C\/p\u003E\u003C\/td\u003E\u003C\/tr\u003E\u003Ctr\u003E\u003Ctd valign=\u0022top\u0022\u003E\u003Cp align=\u0022center\u0022\u003EInformation aux parties de la difficult\u00e9 d\u0027ex\u00e9cution et des lieux, jour et heure de l\u0027audience\u003C\/p\u003E\u003C\/td\u003E\u003Ctd\u003E\u003Cp align=\u0022center\u0022\u003E21,50 \u20ac\u003C\/p\u003E\u003C\/td\u003E\u003C\/tr\u003E\u003Ctr\u003E\u003Ctd valign=\u0022top\u0022\u003E\u003Cp align=\u0022center\u0022\u003ER\u00e9quisition du concours de la force publique au pr\u00e9fet\u003C\/p\u003E\u003C\/td\u003E\u003Ctd\u003E\u003Cp align=\u0022center\u0022\u003E30,09 \u20ac\u003C\/p\u003E\u003C\/td\u003E\u003C\/tr\u003E\u003Ctr\u003E\u003Ctd valign=\u0022top\u0022\u003E\u003Cp align=\u0022center\u0022\u003ENotification au procureur et au cr\u00e9ancier du refus du concours de la force publique\u003C\/p\u003E\u003C\/td\u003E\u003Ctd\u003E\u003Cp align=\u0022center\u0022\u003E21,50 \u20ac\u003C\/p\u003E\u003C\/td\u003E\u003C\/tr\u003E\u003Ctr\u003E\u003Ctd valign=\u0022top\u0022\u003E\u003Cp align=\u0022center\u0022\u003ERequ\u00eate au juge de l\u0027ex\u00e9cution aux fins d\u0027autorisation de saisie-vente\u003C\/p\u003E\u003C\/td\u003E\u003Ctd\u003E\u003Cp align=\u0022center\u0022\u003E21,50 \u20ac\u003C\/p\u003E\u003C\/td\u003E\u003C\/tr\u003E\u003Ctr\u003E\u003Ctd valign=\u0022top\u0022\u003E\u003Cp align=\u0022center\u0022\u003ERequ\u00eate au juge de l\u0027ex\u00e9cution aux fins de d\u00e9signation d\u0027un s\u00e9questre\u003C\/p\u003E\u003C\/td\u003E\u003Ctd\u003E\u003Cp align=\u0022center\u0022\u003E15,05 \u20ac\u003C\/p\u003E\u003C\/td\u003E\u003C\/tr\u003E\u003Ctr\u003E\u003Ctd valign=\u0022top\u0022\u003E\u003Cp align=\u0022center\u0022\u003ECommunication au cr\u00e9ancier saisissant et aux cr\u00e9anciers opposants des propositions de vente amiable\u003C\/p\u003E\u003C\/td\u003E\u003Ctd\u003E\u003Cp align=\u0022center\u0022\u003E21,50 \u20ac\u003C\/p\u003E\u003C\/td\u003E\u003C\/tr\u003E\u003Ctr\u003E\u003Ctd valign=\u0022top\u0022\u003E\u003Cp align=\u0022center\u0022\u003EInformation des lieux, jour et heure de la vente\u003C\/p\u003E\u003C\/td\u003E\u003Ctd\u003E\u003Cp align=\u0022center\u0022\u003E15,05 \u20ac\u003C\/p\u003E\u003C\/td\u003E\u003C\/tr\u003E\u003Ctr\u003E\u003Ctd valign=\u0022top\u0022\u003E\u003Cp align=\u0022center\u0022\u003ENotification \u00e0 la personne tenue de d\u00e9livrer ou de restituer le bien de l\u0027acte de la remise volontaire ou de l\u0027appr\u00e9hension du bien\u003C\/p\u003E\u003C\/td\u003E\u003Ctd\u003E\u003Cp align=\u0022center\u0022\u003E10,75 \u20ac\u003C\/p\u003E\u003C\/td\u003E\u003C\/tr\u003E\u003Ctr\u003E\u003Ctd valign=\u0022top\u0022\u003E\u003Cp align=\u0022center\u0022\u003ENotification \u00e0 la personne tenue de d\u00e9livrer ou de restituer le bien de la sommation de remettre\u003C\/p\u003E\u003C\/td\u003E\u003Ctd\u003E\u003Cp align=\u0022center\u0022\u003E15,05 \u20ac\u003C\/p\u003E\u003C\/td\u003E\u003C\/tr\u003E\u003Ctr\u003E\u003Ctd valign=\u0022top\u0022\u003E\u003Cp align=\u0022center\u0022\u003ERequ\u00eate au juge de l\u0027ex\u00e9cution aux fins d\u0027une autorisation sp\u00e9ciale d\u0027appr\u00e9hension dans les locaux servant \u00e0 l\u0027habitation du tiers\u003C\/p\u003E\u003C\/td\u003E\u003Ctd\u003E\u003Cp align=\u0022center\u0022\u003E21,50 \u20ac\u003C\/p\u003E\u003C\/td\u003E\u003C\/tr\u003E\u003Ctr\u003E\u003Ctd valign=\u0022top\u0022\u003E\u003Cp align=\u0022center\u0022\u003ENotification au tiers de l\u0027acte de saisie-appr\u00e9hension\u003C\/p\u003E\u003C\/td\u003E\u003Ctd\u003E\u003Cp align=\u0022center\u0022\u003E15,05 \u20ac\u003C\/p\u003E\u003C\/td\u003E\u003C\/tr\u003E\u003Ctr\u003E\u003Ctd valign=\u0022top\u0022\u003E\u003Cp align=\u0022center\u0022\u003ERequ\u00eate au juge de l\u0027ex\u00e9cution aux fins d\u0027injonction d\u0027avoir \u00e0 d\u00e9livrer ou restituer un bien meuble\u003C\/p\u003E\u003C\/td\u003E\u003Ctd\u003E\u003Cp align=\u0022center\u0022\u003E21,50 \u20ac\u003C\/p\u003E\u003C\/td\u003E\u003C\/tr\u003E\u003Ctr\u003E\u003Ctd valign=\u0022top\u0022\u003E\u003Cp align=\u0022center\u0022\u003ERequ\u00eate au juge de l\u0027ex\u00e9cution aux fins de saisie-revendication\u003C\/p\u003E\u003C\/td\u003E\u003Ctd\u003E\u003Cp align=\u0022center\u0022\u003E21,50 \u20ac\u003C\/p\u003E\u003C\/td\u003E\u003C\/tr\u003E\u003Ctr\u003E\u003Ctd valign=\u0022top\u0022\u003E\u003Cp align=\u0022center\u0022\u003EMainlev\u00e9e au pr\u00e9fet de la saisie par d\u00e9claration \u00e0 la pr\u00e9fecture\u003C\/p\u003E\u003C\/td\u003E\u003Ctd\u003E\u003Cp align=\u0022center\u0022\u003E15,05 \u20ac\u003C\/p\u003E\u003C\/td\u003E\u003C\/tr\u003E\u003Ctr\u003E\u003Ctd valign=\u0022top\u0022\u003E\u003Cp align=\u0022center\u0022\u003ELettre au d\u00e9biteur l\u0027informant de l\u0027immobilisation de son v\u00e9hicule\u003C\/p\u003E\u003C\/td\u003E\u003Ctd\u003E\u003Cp align=\u0022center\u0022\u003E21,50 \u20ac\u003C\/p\u003E\u003C\/td\u003E\u003C\/tr\u003E\u003Ctr\u003E\u003Ctd valign=\u0022top\u0022\u003E\u003Cp align=\u0022center\u0022\u003EInformation au cr\u00e9ancier gagiste des propositions de vente amiable ou de la mise en vente aux ench\u00e8res du v\u00e9hicule\u003C\/p\u003E\u003C\/td\u003E\u003Ctd\u003E\u003Cp align=\u0022center\u0022\u003E21,50 \u20ac\u003C\/p\u003E\u003C\/td\u003E\u003C\/tr\u003E\u003Ctr\u003E\u003Ctd valign=\u0022top\u0022\u003E\u003Cp align=\u0022center\u0022\u003ERequ\u00eate au secr\u00e9tariat-greffe du juge de l\u0027ex\u00e9cution d\u0027un certificat de non-contestation\u003C\/p\u003E\u003C\/td\u003E\u003Ctd\u003E\u003Cp align=\u0022center\u0022\u003E21,50 \u20ac\u003C\/p\u003E\u003C\/td\u003E\u003C\/tr\u003E\u003Ctr\u003E\u003Ctd valign=\u0022top\u0022\u003E\u003Cp align=\u0022center\u0022\u003ER\u00e9daction du cahier des charges en mati\u00e8re de saisie des droits d\u0027associ\u00e9 et des valeurs mobili\u00e8res non admises \u00e0 la cote officielle ou \u00e0 celle du second march\u00e9\u003C\/p\u003E\u003C\/td\u003E\u003Ctd\u003E\u003Cp align=\u0022center\u0022\u003E64,48 \u20ac\u003C\/p\u003E\u003C\/td\u003E\u003C\/tr\u003E\u003Ctr\u003E\u003Ctd valign=\u0022top\u0022\u003E\u003Cp align=\u0022center\u0022\u003ENotification \u00e0 la soci\u00e9t\u00e9 d\u0027une copie du cahier des charges\u003C\/p\u003E\u003C\/td\u003E\u003Ctd\u003E\u003Cp align=\u0022center\u0022\u003E15,05 \u20ac\u003C\/p\u003E\u003C\/td\u003E\u003C\/tr\u003E\u003Ctr\u003E\u003Ctd valign=\u0022top\u0022\u003E\u003Cp align=\u0022center\u0022\u003ENotification au repr\u00e9sentant de l\u0027Etat de l\u0027assignation aux fins de constat de la r\u00e9siliation\u003C\/p\u003E\u003C\/td\u003E\u003Ctd\u003E\u003Cp align=\u0022center\u0022\u003E30,09 \u20ac\u003C\/p\u003E\u003C\/td\u003E\u003C\/tr\u003E\u003Ctr\u003E\u003Ctd valign=\u0022top\u0022\u003E\u003Cp align=\u0022center\u0022\u003EInformation au repr\u00e9sentant de l\u0027Etat du commandement d\u0027avoir \u00e0 quitter les lieux\u003C\/p\u003E\u003C\/td\u003E\u003Ctd\u003E\u003Cp align=\u0022center\u0022\u003E30,09 \u20ac\u003C\/p\u003E\u003C\/td\u003E\u003C\/tr\u003E\u003Ctr\u003E\u003Ctd valign=\u0022top\u0022\u003E\u003Cp align=\u0022center\u0022\u003ENotification \u00e0 la personne expuls\u00e9e de la consignation du produit de la vente\u003C\/p\u003E\u003C\/td\u003E\u003Ctd\u003E\u003Cp align=\u0022center\u0022\u003E10,75 \u20ac\u003C\/p\u003E\u003C\/td\u003E\u003C\/tr\u003E\u003Ctr\u003E\u003Ctd valign=\u0022top\u0022\u003E\u003Cp align=\u0022center\u0022\u003ENotification \u00e0 la personne expuls\u00e9e de la mise sous enveloppe scell\u00e9e des papiers et documents de nature personnelle\u003C\/p\u003E\u003C\/td\u003E\u003Ctd\u003E\u003Cp align=\u0022center\u0022\u003E10,75 \u20ac\u003C\/p\u003E\u003C\/td\u003E\u003C\/tr\u003E\u003Ctr\u003E\u003Ctd valign=\u0022top\u0022\u003E\u003Cp align=\u0022center\u0022\u003ENotification du proc\u00e8s-verbal d\u0027expulsion au percepteur\u003C\/p\u003E\u003C\/td\u003E\u003Ctd\u003E\u003Cp align=\u0022center\u0022\u003E21,50 \u20ac\u003C\/p\u003E\u003C\/td\u003E\u003C\/tr\u003E\u003Ctr\u003E\u003Ctd valign=\u0022top\u0022\u003E\u003Cp align=\u0022center\u0022\u003ERequ\u00eate aux fins de pratiquer une mesure conservatoire\u003C\/p\u003E\u003C\/td\u003E\u003Ctd\u003E\u003Cp align=\u0022center\u0022\u003E53,74 \u20ac\u003C\/p\u003E\u003C\/td\u003E\u003C\/tr\u003E\u003Ctr\u003E\u003Ctd valign=\u0022top\u0022\u003E\u003Cp align=\u0022center\u0022\u003EProjet de r\u00e9partition du prix en mati\u00e8re de distribution de deniers\u003C\/p\u003E\u003C\/td\u003E\u003Ctd\u003E\u003Cp align=\u0022center\u0022\u003E53,74 \u20ac\u003C\/p\u003E\u003C\/td\u003E\u003C\/tr\u003E\u003Ctr\u003E\u003Ctd valign=\u0022top\u0022\u003E\u003Cp align=\u0022center\u0022\u003ENotification du projet de r\u00e9partition amiable au d\u00e9biteur et \u00e0 chacun des cr\u00e9anciers\u003C\/p\u003E\u003C\/td\u003E\u003Ctd\u003E\u003Cp align=\u0022center\u0022\u003E21,50 \u20ac\u003C\/p\u003E\u003C\/td\u003E\u003C\/tr\u003E\u003Ctr\u003E\u003Ctd valign=\u0022top\u0022\u003E\u003Cp align=\u0022center\u0022\u003EConvocation du d\u00e9biteur et de tous les cr\u00e9anciers et dressant les points de d\u00e9saccord\u003C\/p\u003E\u003C\/td\u003E\u003Ctd\u003E\u003Cp align=\u0022center\u0022\u003E10,75 \u20ac\u003C\/p\u003E\u003C\/td\u003E\u003C\/tr\u003E\u003Ctr\u003E\u003Ctd valign=\u0022top\u0022\u003E\u003Cp align=\u0022center\u0022\u003EActe constatant le d\u00e9saccord des cr\u00e9anciers et dressant les points de d\u00e9saccord\u003C\/p\u003E\u003C\/td\u003E\u003Ctd\u003E\u003Cp align=\u0022center\u0022\u003E34,40 \u20ac\u003C\/p\u003E\u003C\/td\u003E\u003C\/tr\u003E\u003Ctr\u003E\u003Ctd valign=\u0022top\u0022\u003E\u003Cp align=\u0022center\u0022\u003ERequ\u00eate aux fins d\u0027injonction de payer ou de faire\u003C\/p\u003E\u003C\/td\u003E\u003Ctd\u003E\u003Cp align=\u0022center\u0022\u003E21,50 \u20ac\u003C\/p\u003E\u003C\/td\u003E\u003C\/tr\u003E\u003Ctr\u003E\u003Ctd valign=\u0022top\u0022\u003E\u003Cp align=\u0022center\u0022\u003ER\u00e9daction du bordereau en vue de la publication du commandement\u003C\/p\u003E\u003C\/td\u003E\u003Ctd\u003E\u003Cp align=\u0022center\u0022\u003E42,99 \u20ac\u003C\/p\u003E\u003C\/td\u003E\u003C\/tr\u003E\u003Ctr\u003E\u003Ctd valign=\u0022top\u0022\u003E\u003Cp align=\u0022center\u0022\u003EMention en marge au bureau des hypoth\u00e8ques\u003C\/p\u003E\u003C\/td\u003E\u003Ctd\u003E\u003Cp align=\u0022center\u0022\u003E42,99 \u20ac\u003C\/p\u003E\u003C\/td\u003E\u003C\/tr\u003E\u003Ctr\u003E\u003Ctd valign=\u0022top\u0022\u003E\u003Cp align=\u0022center\u0022\u003ELev\u00e9e d\u0027extraits de la matrice cadastrale\u003C\/p\u003E\u003C\/td\u003E\u003Ctd\u003E\u003Cp align=\u0022center\u0022\u003E15,05 \u20ac\u003C\/p\u003E\u003C\/td\u003E\u003C\/tr\u003E\u003Ctr\u003E\u003Ctd valign=\u0022top\u0022\u003E\u003Cp align=\u0022center\u0022\u003ELev\u00e9e d\u0027\u00e9tats des renseignements sommaires et des inscriptions d\u0027hypoth\u00e8ques\u003C\/p\u003E\u003C\/td\u003E\u003Ctd\u003E\u003Cp align=\u0022center\u0022\u003E15,05 \u20ac\u003C\/p\u003E\u003C\/td\u003E\u003C\/tr\u003E\u003Ctr\u003E\u003Ctd valign=\u0022top\u0022\u003E\u003Cp align=\u0022center\u0022\u003ELev\u00e9e d\u0027\u00e9tats au greffe du tribunal de commerce\u003C\/p\u003E\u003C\/td\u003E\u003Ctd\u003E\u003Cp align=\u0022center\u0022\u003E10,75 \u20ac\u003C\/p\u003E\u003C\/td\u003E\u003C\/tr\u003E\u003Ctr\u003E\u003Ctd valign=\u0022top\u0022\u003E\u003Cp align=\u0022center\u0022\u003ELev\u00e9e d\u0027\u00e9tats aupr\u00e8s des services d\u0027immatriculation des v\u00e9hicules\u003C\/p\u003E\u003C\/td\u003E\u003Ctd\u003E\u003Cp align=\u0022center\u0022\u003E17,20 \u20ac\u003C\/p\u003E\u003C\/td\u003E\u003C\/tr\u003E\u003Ctr\u003E\u003Ctd valign=\u0022top\u0022\u003E\u003Cp align=\u0022center\u0022\u003ER\u00e9quisitions d\u0027\u00e9tat civil\u003C\/p\u003E\u003C\/td\u003E\u003Ctd\u003E\u003Cp align=\u0022center\u0022\u003E10,75 \u20ac\u003C\/p\u003E\u003C\/td\u003E\u003C\/tr\u003E\u003Ctr\u003E\u003Ctd valign=\u0022top\u0022\u003E\u003Cp align=\u0022center\u0022\u003EAppels de cause\u003C\/p\u003E\u003C\/td\u003E\u003Ctd\u003E\u003Cp align=\u0022center\u0022\u003E1,08 \u20ac\u003C\/p\u003E\u003C\/td\u003E\u003C\/tr\u003E\u003Ctr\u003E\u003Ctd valign=\u0022top\u0022\u003E\u003Cp align=\u0022center\u0022\u003EActes du palais\u003C\/p\u003E\u003C\/td\u003E\u003Ctd\u003E\u003Cp align=\u0022center\u0022\u003E1,08 \u20ac\u003C\/p\u003E\u003C\/td\u003E\u003C\/tr\u003E\u003Ctr\u003E\u003Ctd valign=\u0022top\u0022\u003E\u003Cp align=\u0022center\u0022\u003ELettres de convocation des parties \u00e0 l\u0027\u00e9tat des lieux \u00ab\u0026nbsp;locatif\u0026nbsp;\u00bb\u003C\/p\u003E\u003C\/td\u003E\u003Ctd\u003E\u003Cp align=\u0022center\u0022\u003E15,05 \u20ac\u003C\/p\u003E\u003C\/td\u003E\u003C\/tr\u003E\u003Ctr\u003E\u003Ctd valign=\u0022top\u0022\u003E\u003Cp align=\u0022center\u0022\u003EDemande de paiement direct\u003C\/p\u003E\u003C\/td\u003E\u003Ctd\u003E\u003Cp align=\u0022center\u0022\u003E34,40 \u20ac\u003C\/p\u003E\u003C\/td\u003E\u003C\/tr\u003E\u003Ctr\u003E\u003Ctd valign=\u0022top\u0022\u003E\u003Cp align=\u0022center\u0022\u003EDemande de paiement direct faute d\u0027accord entre les parties\u003C\/p\u003E\u003C\/td\u003E\u003Ctd\u003E\u003Cp align=\u0022center\u0022\u003E15,05 \u20ac\u003C\/p\u003E\u003C\/td\u003E\u003C\/tr\u003E\u003Ctr\u003E\u003Ctd valign=\u0022top\u0022\u003E\u003Cp align=\u0022center\u0022\u003ENotification de la modification ou de la mainlev\u00e9e de la demande\u003C\/p\u003E\u003C\/td\u003E\u003Ctd\u003E\u003Cp align=\u0022center\u0022\u003E15,05 \u20ac\u003C\/p\u003E\u003C\/td\u003E\u003C\/tr\u003E\u003Ctr\u003E\u003Ctd valign=\u0022top\u0022\u003E\u003Cp align=\u0022center\u0022\u003EInventaire en cas de succession vacante\u003C\/p\u003E\u003C\/td\u003E\u003Ctd\u003E\u003Cp align=\u0022center\u0022\u003E53,74 \u20ac\u003C\/p\u003E\u003C\/td\u003E\u003C\/tr\u003E\u003Ctr\u003E\u003Ctd valign=\u0022top\u0022\u003E\u003Cp align=\u0022center\u0022\u003ED\u00e9livrance d\u0027une copie de l\u0027inventaire dress\u00e9 en cas de succession vacante\u003C\/p\u003E\u003C\/td\u003E\u003Ctd\u003E\u003Cp align=\u0022center\u0022\u003E21,50 \u20ac\u003C\/p\u003E\u003C\/td\u003E\u003C\/tr\u003E\u003C\/tbody\u003E\u003C\/table\u003E                                            \u003Cp\u003E\u003Cbr \/\u003E\u003Cstrong\u003ESource :\u003C\/strong\u003E\u003Cstrong\u003E\u00a0\u003C\/strong\u003E\u003C\/p\u003E\u003Cul\u003E\u003Cli\u003E\u003Ca href=\u0022https:\/\/www.legifrance.gouv.fr\/codes\/section_lc\/LEGITEXT000005634379\/LEGISCTA000032127846\/#LEGISCTA000032127846\u0022 target=\u0022_blank\u0022 rel=\u0022noopener\u0022\u003EArticle A 444-43 du Code de commerce\u003C\/a\u003E\u003C\/li\u003E\u003Cli\u003E\u003Ca href=\u0022https:\/\/www.legifrance.gouv.fr\/jorf\/id\/JORFTEXT000049209818\u0022 target=\u0022_blank\u0022 rel=\u0022noopener\u0022\u003EArr\u00eat\u00e9 du 28 f\u00e9vrier 2024 fixant l\u0027objectif de taux de r\u00e9sultat moyen et les tarifs r\u00e9glement\u00e9s des huissiers de justice et commissaires-priseurs judiciaires\u003C\/a\u003E\u003C\/li\u003E\u003C\/ul\u003E\u003C\/div\u003E","annee":"2025","theme":" Indices, taux, bar\u00e8mes juridiques","activites":["Professionnels du droit et du chiffre"],"image":"https:\/\/www.weblex.fr\/sites\/default\/files\/chiffres_clef\/Shutterstock_formalites.jpg","created":"2025-12-04","modified":"2026-04-20"},{"url":"\/chiffres-cles\/tarifs-des-commissaires-de-justice-anciennement-huissiers-de-justice-indisponibilites-nantissements-opposabilites-2024-2026","id":27049,"title":"Tarifs des Commissaires de justice (anciennement huissiers de justice) \u2013 Indisponibilit\u00e9s, nantissements, opposabilit\u00e9s - 2024-2026","content":"\u003Cdiv\u003E                                              \u003Cp\u003ELes prestations mentionn\u00e9es ci-dessous donnent lieu \u00e0 la perception des \u00e9moluments suivants\u202f:\u003C\/p\u003E\u003Ctable aria-rowcount=\u002230\u0022 border=\u00221\u0022 data-tablelook=\u00221184\u0022 data-tablestyle=\u0022MsoTableGrid\u0022\u003E\u003Ctbody\u003E\u003Ctr aria-rowindex=\u00221\u0022 role=\u0022row\u0022\u003E\u003Ctd data-celllook=\u00220\u0022 role=\u0022rowheader\u0022\u003E\u003Cp paraeid=\u0022{5285dbba-cad0-4396-8278-38fbb831597e}{19}\u0022 paraid=\u00221788925660\u0022\u003ED\u00c9SIGNATION DE LA PRESTATION\u0026nbsp;\u003C\/p\u003E\u003C\/td\u003E\u003Ctd data-celllook=\u00220\u0022 role=\u0022columnheader\u0022\u003E\u003Cp paraeid=\u0022{5285dbba-cad0-4396-8278-38fbb831597e}{26}\u0022 paraid=\u00221788925661\u0022\u003E\u00c9MOLUMENT\u0026nbsp;\u003C\/p\u003E\u003C\/td\u003E\u003C\/tr\u003E\u003Ctr aria-rowindex=\u00222\u0022 role=\u0022row\u0022\u003E\u003Ctd data-celllook=\u00220\u0022 role=\u0022rowheader\u0022\u003E\u003Cp paraeid=\u0022{5285dbba-cad0-4396-8278-38fbb831597e}{34}\u0022 paraid=\u00221788925663\u0022\u003EActe de saisie-attribution\u0026nbsp;\u003C\/p\u003E\u003C\/td\u003E\u003Ctd data-celllook=\u00220\u0022\u003E\u003Cp paraeid=\u0022{5285dbba-cad0-4396-8278-38fbb831597e}{41}\u0022 paraid=\u00221788925664\u0022\u003E44,05 \u20ac\u0026nbsp;\u003C\/p\u003E\u003C\/td\u003E\u003C\/tr\u003E\u003Ctr aria-rowindex=\u00223\u0022 role=\u0022row\u0022\u003E\u003Ctd data-celllook=\u00220\u0022 role=\u0022rowheader\u0022\u003E\u003Cp paraeid=\u0022{5285dbba-cad0-4396-8278-38fbb831597e}{55}\u0022 paraid=\u00221788925666\u0022\u003EActe de saisie-attribution, en cas de compte cl\u00f4tur\u00e9 ou de solde n\u00e9gatif\u0026nbsp;\u003C\/p\u003E\u003C\/td\u003E\u003Ctd data-celllook=\u00220\u0022\u003E\u003Cp paraeid=\u0022{5285dbba-cad0-4396-8278-38fbb831597e}{62}\u0022 paraid=\u00221788925667\u0022\u003E21,49 \u20ac\u0026nbsp;\u003C\/p\u003E\u003C\/td\u003E\u003C\/tr\u003E\u003Ctr aria-rowindex=\u00224\u0022 role=\u0022row\u0022\u003E\u003Ctd data-celllook=\u00220\u0022 role=\u0022rowheader\u0022\u003E\u003Cp paraeid=\u0022{5285dbba-cad0-4396-8278-38fbb831597e}{76}\u0022 paraid=\u00221788925669\u0022\u003EActe de saisie-vente ou acte de saisie-vente transform\u00e9e en r\u00e9ception de deniers\u0026nbsp;\u003C\/p\u003E\u003C\/td\u003E\u003Ctd data-celllook=\u00220\u0022\u003E\u003Cp paraeid=\u0022{5285dbba-cad0-4396-8278-38fbb831597e}{83}\u0022 paraid=\u00221788925670\u0022\u003E37,61 \u20ac\u0026nbsp;\u003C\/p\u003E\u003C\/td\u003E\u003C\/tr\u003E\u003Ctr aria-rowindex=\u00225\u0022 role=\u0022row\u0022\u003E\u003Ctd data-celllook=\u00220\u0022 role=\u0022rowheader\u0022\u003E\u003Cp paraeid=\u0022{5285dbba-cad0-4396-8278-38fbb831597e}{97}\u0022 paraid=\u00221788925672\u0022\u003EActe de saisie-vente transform\u00e9e en carence\u0026nbsp;\u003C\/p\u003E\u003C\/td\u003E\u003Ctd data-celllook=\u00220\u0022\u003E\u003Cp paraeid=\u0022{5285dbba-cad0-4396-8278-38fbb831597e}{104}\u0022 paraid=\u00221788925673\u0022\u003E20,42 \u20ac\u0026nbsp;\u003C\/p\u003E\u003C\/td\u003E\u003C\/tr\u003E\u003Ctr aria-rowindex=\u00226\u0022 role=\u0022row\u0022\u003E\u003Ctd data-celllook=\u00220\u0022 role=\u0022rowheader\u0022\u003E\u003Cp paraeid=\u0022{5285dbba-cad0-4396-8278-38fbb831597e}{118}\u0022 paraid=\u00221788925675\u0022\u003EActe d\u0027opposition-jonction\u0026nbsp;\u003C\/p\u003E\u003C\/td\u003E\u003Ctd data-celllook=\u00220\u0022\u003E\u003Cp paraeid=\u0022{5285dbba-cad0-4396-8278-38fbb831597e}{125}\u0022 paraid=\u00221788925676\u0022\u003E36,54 \u20ac\u0026nbsp;\u003C\/p\u003E\u003C\/td\u003E\u003C\/tr\u003E\u003Ctr aria-rowindex=\u00227\u0022 role=\u0022row\u0022\u003E\u003Ctd data-celllook=\u00220\u0022 role=\u0022rowheader\u0022\u003E\u003Cp paraeid=\u0022{5285dbba-cad0-4396-8278-38fbb831597e}{139}\u0022 paraid=\u00221788925678\u0022\u003EActe de saisie de r\u00e9coltes sur pied\u0026nbsp;\u003C\/p\u003E\u003C\/td\u003E\u003Ctd data-celllook=\u00220\u0022\u003E\u003Cp paraeid=\u0022{5285dbba-cad0-4396-8278-38fbb831597e}{146}\u0022 paraid=\u00221788925679\u0022\u003E78,14 \u20ac\u0026nbsp;\u003C\/p\u003E\u003C\/td\u003E\u003C\/tr\u003E\u003Ctr aria-rowindex=\u00228\u0022 role=\u0022row\u0022\u003E\u003Ctd data-celllook=\u00220\u0022 role=\u0022rowheader\u0022\u003E\u003Cp paraeid=\u0022{5285dbba-cad0-4396-8278-38fbb831597e}{156}\u0022 paraid=\u00221788925681\u0022\u003EActe de d\u00e9claration \u00e0 la pr\u00e9fecture\u0026nbsp;\u003C\/p\u003E\u003C\/td\u003E\u003Ctd data-celllook=\u00220\u0022\u003E\u003Cp paraeid=\u0022{5285dbba-cad0-4396-8278-38fbb831597e}{163}\u0022 paraid=\u00221788925682\u0022\u003E41,91 \u20ac\u0026nbsp;\u003C\/p\u003E\u003C\/td\u003E\u003C\/tr\u003E\u003Ctr aria-rowindex=\u00229\u0022 role=\u0022row\u0022\u003E\u003Ctd data-celllook=\u00220\u0022 role=\u0022rowheader\u0022\u003E\u003Cp paraeid=\u0022{5285dbba-cad0-4396-8278-38fbb831597e}{177}\u0022 paraid=\u00221788925684\u0022\u003EActe de saisie de droits d\u0027associ\u00e9 et de valeurs mobili\u00e8res\u0026nbsp;\u003C\/p\u003E\u003C\/td\u003E\u003Ctd data-celllook=\u00220\u0022\u003E\u003Cp paraeid=\u0022{5285dbba-cad0-4396-8278-38fbb831597e}{184}\u0022 paraid=\u00221788925685\u0022\u003E37,61 \u20ac\u0026nbsp;\u003C\/p\u003E\u003C\/td\u003E\u003C\/tr\u003E\u003Ctr aria-rowindex=\u002210\u0022 role=\u0022row\u0022\u003E\u003Ctd data-celllook=\u00220\u0022 role=\u0022rowheader\u0022\u003E\u003Cp paraeid=\u0022{5285dbba-cad0-4396-8278-38fbb831597e}{198}\u0022 paraid=\u00221788925687\u0022\u003EActe de saisie conservatoire sur les biens meubles corporels\u0026nbsp;\u003C\/p\u003E\u003C\/td\u003E\u003Ctd data-celllook=\u00220\u0022\u003E\u003Cp paraeid=\u0022{5285dbba-cad0-4396-8278-38fbb831597e}{205}\u0022 paraid=\u00221788925688\u0022\u003E45,13 \u20ac\u0026nbsp;\u003C\/p\u003E\u003C\/td\u003E\u003C\/tr\u003E\u003Ctr aria-rowindex=\u002211\u0022 role=\u0022row\u0022\u003E\u003Ctd data-celllook=\u00220\u0022 role=\u0022rowheader\u0022\u003E\u003Cp paraeid=\u0022{5285dbba-cad0-4396-8278-38fbb831597e}{215}\u0022 paraid=\u00221788925690\u0022\u003EActe de saisie conservatoire de cr\u00e9ances\u0026nbsp;\u003C\/p\u003E\u003C\/td\u003E\u003Ctd data-celllook=\u00220\u0022\u003E\u003Cp paraeid=\u0022{5285dbba-cad0-4396-8278-38fbb831597e}{222}\u0022 paraid=\u00221788925691\u0022\u003E39,76 \u20ac\u0026nbsp;\u003C\/p\u003E\u003C\/td\u003E\u003C\/tr\u003E\u003Ctr aria-rowindex=\u002212\u0022 role=\u0022row\u0022\u003E\u003Ctd data-celllook=\u00220\u0022 role=\u0022rowheader\u0022\u003E\u003Cp paraeid=\u0022{5285dbba-cad0-4396-8278-38fbb831597e}{236}\u0022 paraid=\u00221788925693\u0022\u003EActe de saisie conservatoire de droits d\u0027associ\u00e9 et de valeurs mobili\u00e8res\u0026nbsp;\u003C\/p\u003E\u003C\/td\u003E\u003Ctd data-celllook=\u00220\u0022\u003E\u003Cp paraeid=\u0022{5285dbba-cad0-4396-8278-38fbb831597e}{243}\u0022 paraid=\u00221788925694\u0022\u003E37,61 \u20ac\u0026nbsp;\u003C\/p\u003E\u003C\/td\u003E\u003C\/tr\u003E\u003Ctr aria-rowindex=\u002213\u0022 role=\u0022row\u0022\u003E\u003Ctd data-celllook=\u00220\u0022 role=\u0022rowheader\u0022\u003E\u003Cp paraeid=\u0022{6fd8c89e-d412-4d67-bf79-7b78fad9ffa4}{2}\u0022 paraid=\u00221788925696\u0022\u003ESignification \u00e0 la soci\u00e9t\u00e9 du nantissement des parts sociales\u0026nbsp;\u003C\/p\u003E\u003C\/td\u003E\u003Ctd data-celllook=\u00220\u0022\u003E\u003Cp paraeid=\u0022{6fd8c89e-d412-4d67-bf79-7b78fad9ffa4}{9}\u0022 paraid=\u00221788925697\u0022\u003E22,56 \u20ac\u0026nbsp;\u003C\/p\u003E\u003C\/td\u003E\u003C\/tr\u003E\u003Ctr aria-rowindex=\u002214\u0022 role=\u0022row\u0022\u003E\u003Ctd data-celllook=\u00220\u0022 role=\u0022rowheader\u0022\u003E\u003Cp paraeid=\u0022{6fd8c89e-d412-4d67-bf79-7b78fad9ffa4}{23}\u0022 paraid=\u00221788925699\u0022\u003ESignification \u00e0 la soci\u00e9t\u00e9 ou \u00e0 la personne morale \u00e9mettrice du nantissement des valeurs mobili\u00e8res\u0026nbsp;\u003C\/p\u003E\u003C\/td\u003E\u003Ctd data-celllook=\u00220\u0022\u003E\u003Cp paraeid=\u0022{a0664ae3-cd70-42a2-8018-7d0ba489247e}{104}\u0022 paraid=\u00221788925700\u0022\u003E22,56\u0026nbsp;\u20ac\u0026nbsp;\u003C\/p\u003E\u003C\/td\u003E\u003C\/tr\u003E\u003Ctr aria-rowindex=\u002215\u0022 role=\u0022row\u0022\u003E\u003Ctd data-celllook=\u00220\u0022 role=\u0022rowheader\u0022\u003E\u003Cp paraeid=\u0022{6fd8c89e-d412-4d67-bf79-7b78fad9ffa4}{44}\u0022 paraid=\u00221788925702\u0022\u003ESignification aux cr\u00e9anciers de l\u0027acte de nantissement de l\u0027outillage et du mat\u00e9riel d\u0027\u00e9quipement\u0026nbsp;\u003C\/p\u003E\u003C\/td\u003E\u003Ctd data-celllook=\u00220\u0022\u003E\u003Cp paraeid=\u0022{6fd8c89e-d412-4d67-bf79-7b78fad9ffa4}{51}\u0022 paraid=\u00221788925703\u0022\u003E25,79 \u20ac\u0026nbsp;\u003C\/p\u003E\u003C\/td\u003E\u003C\/tr\u003E\u003Ctr aria-rowindex=\u002216\u0022 role=\u0022row\u0022\u003E\u003Ctd data-celllook=\u00220\u0022 role=\u0022rowheader\u0022\u003E\u003Cp paraeid=\u0022{6fd8c89e-d412-4d67-bf79-7b78fad9ffa4}{65}\u0022 paraid=\u00221788925705\u0022\u003EActe de saisie des biens plac\u00e9s dans un coffre-fort\u0026nbsp;\u003C\/p\u003E\u003C\/td\u003E\u003Ctd data-celllook=\u00220\u0022\u003E\u003Cp paraeid=\u0022{6fd8c89e-d412-4d67-bf79-7b78fad9ffa4}{72}\u0022 paraid=\u00221788925706\u0022\u003E37,61 \u20ac\u0026nbsp;\u003C\/p\u003E\u003C\/td\u003E\u003C\/tr\u003E\u003Ctr aria-rowindex=\u002217\u0022 role=\u0022row\u0022\u003E\u003Ctd data-celllook=\u00220\u0022 role=\u0022rowheader\u0022\u003E\u003Cp paraeid=\u0022{6fd8c89e-d412-4d67-bf79-7b78fad9ffa4}{86}\u0022 paraid=\u00221788925708\u0022\u003EActe de saisie-revendication de biens meubles corporels\u0026nbsp;\u003C\/p\u003E\u003C\/td\u003E\u003Ctd data-celllook=\u00220\u0022\u003E\u003Cp paraeid=\u0022{6fd8c89e-d412-4d67-bf79-7b78fad9ffa4}{93}\u0022 paraid=\u00221788925709\u0022\u003E53,74 \u20ac\u0026nbsp;\u003C\/p\u003E\u003C\/td\u003E\u003C\/tr\u003E\u003Ctr aria-rowindex=\u002218\u0022 role=\u0022row\u0022\u003E\u003Ctd data-celllook=\u00220\u0022 role=\u0022rowheader\u0022\u003E\u003Cp paraeid=\u0022{6fd8c89e-d412-4d67-bf79-7b78fad9ffa4}{107}\u0022 paraid=\u00221788925711\u0022\u003EActe d\u0027appr\u00e9hension\u0026nbsp;\u003C\/p\u003E\u003C\/td\u003E\u003Ctd data-celllook=\u00220\u0022\u003E\u003Cp paraeid=\u0022{6fd8c89e-d412-4d67-bf79-7b78fad9ffa4}{114}\u0022 paraid=\u00221788925712\u0022\u003E46,21 \u20ac\u0026nbsp;\u003C\/p\u003E\u003C\/td\u003E\u003C\/tr\u003E\u003Ctr aria-rowindex=\u002219\u0022 role=\u0022row\u0022\u003E\u003Ctd data-celllook=\u00220\u0022 role=\u0022rowheader\u0022\u003E\u003Cp paraeid=\u0022{6fd8c89e-d412-4d67-bf79-7b78fad9ffa4}{124}\u0022 paraid=\u00221788925714\u0022\u003EActe d\u0027immobilisation ou d\u0027enl\u00e8vement d\u0027un v\u00e9hicule\u0026nbsp;\u003C\/p\u003E\u003C\/td\u003E\u003Ctd data-celllook=\u00220\u0022\u003E\u003Cp paraeid=\u0022{6fd8c89e-d412-4d67-bf79-7b78fad9ffa4}{131}\u0022 paraid=\u00221788925715\u0022\u003E46,21 \u20ac\u0026nbsp;\u003C\/p\u003E\u003C\/td\u003E\u003C\/tr\u003E\u003Ctr aria-rowindex=\u002220\u0022 role=\u0022row\u0022\u003E\u003Ctd data-celllook=\u00220\u0022 role=\u0022rowheader\u0022\u003E\u003Cp paraeid=\u0022{6fd8c89e-d412-4d67-bf79-7b78fad9ffa4}{141}\u0022 paraid=\u00221788925717\u0022\u003EActe de saisie de navire ou a\u00e9ronef\u0026nbsp;\u003C\/p\u003E\u003C\/td\u003E\u003Ctd data-celllook=\u00220\u0022\u003E\u003Cp paraeid=\u0022{6fd8c89e-d412-4d67-bf79-7b78fad9ffa4}{148}\u0022 paraid=\u00221788925718\u0022\u003E78,44 \u20ac\u0026nbsp;\u003C\/p\u003E\u003C\/td\u003E\u003C\/tr\u003E\u003Ctr aria-rowindex=\u002221\u0022 role=\u0022row\u0022\u003E\u003Ctd data-celllook=\u00220\u0022 role=\u0022rowheader\u0022\u003E\u003Cp paraeid=\u0022{6fd8c89e-d412-4d67-bf79-7b78fad9ffa4}{158}\u0022 paraid=\u00221788925720\u0022\u003EActe de saisie-contrefa\u00e7on\u0026nbsp;\u003C\/p\u003E\u003C\/td\u003E\u003Ctd data-celllook=\u00220\u0022\u003E\u003Cp paraeid=\u0022{45523265-84f0-4f36-9805-41566cf98093}{20}\u0022 paraid=\u00221788925721\u0022\u003E78,44\u0026nbsp;\u20ac\u0026nbsp;\u003C\/p\u003E\u003C\/td\u003E\u003C\/tr\u003E\u003Ctr aria-rowindex=\u002222\u0022 role=\u0022row\u0022\u003E\u003Ctd data-celllook=\u00220\u0022 role=\u0022rowheader\u0022\u003E\u003Cp paraeid=\u0022{6fd8c89e-d412-4d67-bf79-7b78fad9ffa4}{175}\u0022 paraid=\u00221788925723\u0022\u003ECommandement de payer valant saisie immobili\u00e8re\u0026nbsp;\u003C\/p\u003E\u003C\/td\u003E\u003Ctd data-celllook=\u00220\u0022\u003E\u003Cp paraeid=\u0022{6fd8c89e-d412-4d67-bf79-7b78fad9ffa4}{182}\u0022 paraid=\u00221788925724\u0022\u003E64,47 \u20ac\u0026nbsp;\u003C\/p\u003E\u003C\/td\u003E\u003C\/tr\u003E\u003Ctr aria-rowindex=\u002223\u0022 role=\u0022row\u0022\u003E\u003Ctd data-celllook=\u00220\u0022 role=\u0022rowheader\u0022\u003E\u003Cp paraeid=\u0022{6fd8c89e-d412-4d67-bf79-7b78fad9ffa4}{192}\u0022 paraid=\u00221788925726\u0022\u003ECommandement de payer au d\u00e9biteur principal avec mention du commandement valant saisie d\u00e9livr\u00e9 au tiers d\u00e9tenteur\u0026nbsp;\u003C\/p\u003E\u003C\/td\u003E\u003Ctd data-celllook=\u00220\u0022\u003E\u003Cp paraeid=\u0022{6fd8c89e-d412-4d67-bf79-7b78fad9ffa4}{199}\u0022 paraid=\u00221788925727\u0022\u003E45,13 \u20ac\u0026nbsp;\u003C\/p\u003E\u003C\/td\u003E\u003C\/tr\u003E\u003Ctr aria-rowindex=\u002224\u0022 role=\u0022row\u0022\u003E\u003Ctd data-celllook=\u00220\u0022 role=\u0022rowheader\u0022\u003E\u003Cp paraeid=\u0022{6fd8c89e-d412-4d67-bf79-7b78fad9ffa4}{209}\u0022 paraid=\u00221788925729\u0022\u003ED\u00e9nonciation au conjoint lorsque le bien est le si\u00e8ge du logement de la famille et qu\u0027il appartient en propre \u00e0 l\u0027un des \u00e9poux\u0026nbsp;\u003C\/p\u003E\u003C\/td\u003E\u003Ctd data-celllook=\u00220\u0022\u003E\u003Cp paraeid=\u0022{6fd8c89e-d412-4d67-bf79-7b78fad9ffa4}{216}\u0022 paraid=\u00221788925730\u0022\u003E39,76 \u20ac\u0026nbsp;\u003C\/p\u003E\u003C\/td\u003E\u003C\/tr\u003E\u003Ctr aria-rowindex=\u002225\u0022 role=\u0022row\u0022\u003E\u003Ctd data-celllook=\u00220\u0022 role=\u0022rowheader\u0022\u003E\u003Cp paraeid=\u0022{6fd8c89e-d412-4d67-bf79-7b78fad9ffa4}{230}\u0022 paraid=\u00221788925732\u0022\u003ESaisie des fruits\u0026nbsp;\u003C\/p\u003E\u003C\/td\u003E\u003Ctd data-celllook=\u00220\u0022\u003E\u003Cp paraeid=\u0022{6fd8c89e-d412-4d67-bf79-7b78fad9ffa4}{237}\u0022 paraid=\u00221788925733\u0022\u003E39,76 \u20ac\u0026nbsp;\u003C\/p\u003E\u003C\/td\u003E\u003C\/tr\u003E\u003Ctr aria-rowindex=\u002226\u0022 role=\u0022row\u0022\u003E\u003Ctd data-celllook=\u00220\u0022 role=\u0022rowheader\u0022\u003E\u003Cp paraeid=\u0022{6fd8c89e-d412-4d67-bf79-7b78fad9ffa4}{251}\u0022 paraid=\u00221788925735\u0022\u003EOpposition au paiement du prix de cession d\u0027un lot de copropri\u00e9t\u00e9\u0026nbsp;\u003C\/p\u003E\u003C\/td\u003E\u003Ctd data-celllook=\u00220\u0022\u003E\u003Cp paraeid=\u0022{f615a1d8-e57a-4dcf-b52a-fa80344a83cb}{3}\u0022 paraid=\u00221788925736\u0022\u003E39,76 \u20ac\u0026nbsp;\u003C\/p\u003E\u003C\/td\u003E\u003C\/tr\u003E\u003Ctr aria-rowindex=\u002227\u0022 role=\u0022row\u0022\u003E\u003Ctd data-celllook=\u00220\u0022 role=\u0022rowheader\u0022\u003E\u003Cp paraeid=\u0022{f615a1d8-e57a-4dcf-b52a-fa80344a83cb}{17}\u0022 paraid=\u00221788925738\u0022\u003EOpposition au prix de vente du fonds de commerce ou de cession du droit au bail\u0026nbsp;\u003C\/p\u003E\u003C\/td\u003E\u003Ctd data-celllook=\u00220\u0022\u003E\u003Cp paraeid=\u0022{f615a1d8-e57a-4dcf-b52a-fa80344a83cb}{24}\u0022 paraid=\u00221788925739\u0022\u003E39,76 \u20ac\u0026nbsp;\u003C\/p\u003E\u003C\/td\u003E\u003C\/tr\u003E\u003Ctr aria-rowindex=\u002228\u0022 role=\u0022row\u0022\u003E\u003Ctd data-celllook=\u00220\u0022 role=\u0022rowheader\u0022\u003E\u003Cp paraeid=\u0022{f615a1d8-e57a-4dcf-b52a-fa80344a83cb}{38}\u0022 paraid=\u00221788925741\u0022\u003EOpposition \u00e0 partage (entre les mains d\u0027un notaire)\u0026nbsp;\u003C\/p\u003E\u003C\/td\u003E\u003Ctd data-celllook=\u00220\u0022\u003E\u003Cp paraeid=\u0022{f615a1d8-e57a-4dcf-b52a-fa80344a83cb}{45}\u0022 paraid=\u00221788925742\u0022\u003E39,76 \u20ac\u0026nbsp;\u003C\/p\u003E\u003C\/td\u003E\u003C\/tr\u003E\u003Ctr aria-rowindex=\u002229\u0022 role=\u0022row\u0022\u003E\u003Ctd data-celllook=\u00220\u0022 role=\u0022rowheader\u0022\u003E\u003Cp paraeid=\u0022{f615a1d8-e57a-4dcf-b52a-fa80344a83cb}{59}\u0022 paraid=\u00221788925744\u0022\u003ESignification au d\u00e9biteur de la cession de cr\u00e9ances et autres droits incorporels\u0026nbsp;\u003C\/p\u003E\u003C\/td\u003E\u003Ctd data-celllook=\u00220\u0022\u003E\u003Cp paraeid=\u0022{f615a1d8-e57a-4dcf-b52a-fa80344a83cb}{66}\u0022 paraid=\u00221788925745\u0022\u003E23,65 \u20ac\u0026nbsp;\u003C\/p\u003E\u003C\/td\u003E\u003C\/tr\u003E\u003Ctr aria-rowindex=\u002230\u0022 role=\u0022row\u0022\u003E\u003Ctd data-celllook=\u00220\u0022 role=\u0022rowheader\u0022\u003E\u003Cp paraeid=\u0022{f615a1d8-e57a-4dcf-b52a-fa80344a83cb}{76}\u0022 paraid=\u00221788925747\u0022\u003ESignification au d\u00e9biteur de la cr\u00e9ance donn\u00e9e en gage\u0026nbsp;\u003C\/p\u003E\u003C\/td\u003E\u003Ctd data-celllook=\u00220\u0022\u003E\u003Cp paraeid=\u0022{f615a1d8-e57a-4dcf-b52a-fa80344a83cb}{83}\u0022 paraid=\u00221788925748\u0022\u003E23,65 \u20ac\u0026nbsp;\u003C\/p\u003E\u003C\/td\u003E\u003C\/tr\u003E\u003C\/tbody\u003E\u003C\/table\u003E\u003Cp\u003ELes prestations mentionn\u00e9es ci-dessus donnent \u00e9galement lieu \u00e0 la perception d\u2019un \u00ab\u202fdroit d\u0027engagement de poursuite\u202f\u00bb, \u00e0 l\u0027exception des prestations suivantes\u202f:\u003C\/p\u003E\u003Cul\u003E\u003Cli\u003Eacte de saisie-attribution, en cas de compte cl\u00f4tur\u00e9 ou de solde n\u00e9gatif\u202f;\u003C\/li\u003E\u003Cli\u003Eacte de saisie de r\u00e9coltes sur pied\u202f;\u003C\/li\u003E\u003Cli\u003Esignification aux cr\u00e9anciers de l\u0027acte de nantissement de l\u0027outillage et du mat\u00e9riel d\u0027\u00e9quipement\u202f;\u003C\/li\u003E\u003Cli\u003Eacte de saisie-revendication de biens meubles corporels\u202f;\u003C\/li\u003E\u003Cli\u003Eacte d\u0027appr\u00e9hension\u202f;\u003C\/li\u003E\u003Cli\u003Eacte d\u0027immobilisation ou d\u0027enl\u00e8vement d\u0027un v\u00e9hicule\u202f;\u003C\/li\u003E\u003Cli\u003Eacte de saisie de navire ou a\u00e9ronef\u202f;\u003C\/li\u003E\u003Cli\u003Eacte de saisie-contrefa\u00e7on\u202f;\u003C\/li\u003E\u003Cli\u003Ecommandement de payer au d\u00e9biteur principal avec mention du commandement valant saisie d\u00e9livr\u00e9 au tiers d\u00e9tenteur\u202f;\u003C\/li\u003E\u003Cli\u003Ed\u00e9nonciation au conjoint lorsque le bien est le si\u00e8ge du logement de la famille et qu\u0027il appartient en propre \u00e0 l\u0027un des \u00e9poux\u202f;\u003C\/li\u003E\u003Cli\u003Esaisie des fruits\u202f;\u003C\/li\u003E\u003Cli\u003Esignification au d\u00e9biteur de la cession de cr\u00e9ances et autres droits incorporels\u202f;\u003C\/li\u003E\u003Cli\u003Esignification au d\u00e9biteur de la cr\u00e9ance donn\u00e9e en gage.\u003C\/li\u003E\u003C\/ul\u003E\u003Cp\u003ELorsque la r\u00e9alisation des prestations suivantes requiert un d\u00e9lai d\u0027ex\u00e9cution sup\u00e9rieur \u00e0 la dur\u00e9e de r\u00e9f\u00e9rence pr\u00e9cis\u00e9e ci-dessous, elles donnent lieu \u00e0 la perception d\u0027un \u00e9molument compl\u00e9mentaire de vacation \u00e9gal \u00e0 75,15 \u20ac par demi-heure, chaque demi-heure suppl\u00e9mentaire \u00e9tant due en entier\u202f:\u003C\/p\u003E\u003Ctable aria-rowcount=\u00226\u0022 border=\u00221\u0022 data-tablelook=\u00221184\u0022 data-tablestyle=\u0022MsoTableGrid\u0022\u003E\u003Ctbody\u003E\u003Ctr aria-rowindex=\u00221\u0022 role=\u0022row\u0022\u003E\u003Ctd data-celllook=\u00220\u0022 role=\u0022rowheader\u0022\u003E\u003Cp paraeid=\u0022{f615a1d8-e57a-4dcf-b52a-fa80344a83cb}{246}\u0022 paraid=\u00221788925765\u0022\u003ED\u00c9SIGNATION DE LA PRESTATION\u0026nbsp;\u003C\/p\u003E\u003C\/td\u003E\u003Ctd data-celllook=\u00220\u0022 role=\u0022columnheader\u0022\u003E\u003Cp paraeid=\u0022{f615a1d8-e57a-4dcf-b52a-fa80344a83cb}{253}\u0022 paraid=\u00221788925766\u0022\u003EDUR\u00c9E D\u2019EX\u00c9CUTION DE R\u00c9F\u00c9RENCE\u0026nbsp;\u003C\/p\u003E\u003C\/td\u003E\u003C\/tr\u003E\u003Ctr aria-rowindex=\u00222\u0022 role=\u0022row\u0022\u003E\u003Ctd data-celllook=\u00220\u0022 role=\u0022rowheader\u0022\u003E\u003Cp paraeid=\u0022{cbb47f59-7f72-4d0e-a968-6436cf6085d4}{6}\u0022 paraid=\u00221788925768\u0022\u003EActe de saisie de r\u00e9coltes sur pied\u0026nbsp;\u003C\/p\u003E\u003C\/td\u003E\u003Ctd data-celllook=\u00220\u0022\u003E\u003Cp paraeid=\u0022{cbb47f59-7f72-4d0e-a968-6436cf6085d4}{13}\u0022 paraid=\u00221788925769\u0022\u003E45 minutes\u0026nbsp;\u003C\/p\u003E\u003C\/td\u003E\u003C\/tr\u003E\u003Ctr aria-rowindex=\u00223\u0022 role=\u0022row\u0022\u003E\u003Ctd data-celllook=\u00220\u0022 role=\u0022rowheader\u0022\u003E\u003Cp paraeid=\u0022{cbb47f59-7f72-4d0e-a968-6436cf6085d4}{21}\u0022 paraid=\u00221788925771\u0022\u003EActe de saisie de droits d\u0027associ\u00e9 et de valeurs mobili\u00e8res\u0026nbsp;\u003C\/p\u003E\u003C\/td\u003E\u003Ctd data-celllook=\u00220\u0022\u003E\u003Cp paraeid=\u0022{cbb47f59-7f72-4d0e-a968-6436cf6085d4}{28}\u0022 paraid=\u00221788925772\u0022\u003E20 minutes\u0026nbsp;\u003C\/p\u003E\u003C\/td\u003E\u003C\/tr\u003E\u003Ctr aria-rowindex=\u00224\u0022 role=\u0022row\u0022\u003E\u003Ctd data-celllook=\u00220\u0022 role=\u0022rowheader\u0022\u003E\u003Cp paraeid=\u0022{cbb47f59-7f72-4d0e-a968-6436cf6085d4}{36}\u0022 paraid=\u00221788925774\u0022\u003EActe de saisie conservatoire de droits d\u0027associ\u00e9 et de valeurs mobili\u00e8res\u0026nbsp;\u003C\/p\u003E\u003C\/td\u003E\u003Ctd data-celllook=\u00220\u0022\u003E\u003Cp paraeid=\u0022{cbb47f59-7f72-4d0e-a968-6436cf6085d4}{43}\u0022 paraid=\u00221788925775\u0022\u003E20 minutes\u0026nbsp;\u003C\/p\u003E\u003C\/td\u003E\u003C\/tr\u003E\u003Ctr aria-rowindex=\u00225\u0022 role=\u0022row\u0022\u003E\u003Ctd data-celllook=\u00220\u0022 role=\u0022rowheader\u0022\u003E\u003Cp paraeid=\u0022{cbb47f59-7f72-4d0e-a968-6436cf6085d4}{51}\u0022 paraid=\u00221788925777\u0022\u003EActe de saisie de navire ou a\u00e9ronef\u0026nbsp;\u003C\/p\u003E\u003C\/td\u003E\u003Ctd data-celllook=\u00220\u0022\u003E\u003Cp paraeid=\u0022{cbb47f59-7f72-4d0e-a968-6436cf6085d4}{58}\u0022 paraid=\u00221788925778\u0022\u003E45 minutes\u0026nbsp;\u003C\/p\u003E\u003C\/td\u003E\u003C\/tr\u003E\u003Ctr aria-rowindex=\u00226\u0022 role=\u0022row\u0022\u003E\u003Ctd data-celllook=\u00220\u0022 role=\u0022rowheader\u0022\u003E\u003Cp paraeid=\u0022{cbb47f59-7f72-4d0e-a968-6436cf6085d4}{66}\u0022 paraid=\u00221788925780\u0022\u003EActe de saisie-contrefa\u00e7on\u0026nbsp;\u003C\/p\u003E\u003C\/td\u003E\u003Ctd data-celllook=\u00220\u0022\u003E\u003Cp paraeid=\u0022{cbb47f59-7f72-4d0e-a968-6436cf6085d4}{73}\u0022 paraid=\u00221788925781\u0022\u003E45 minutes\u0026nbsp;\u003C\/p\u003E\u003C\/td\u003E\u003C\/tr\u003E\u003C\/tbody\u003E\u003C\/table\u003E\u003Cp\u003ELes heures de d\u00e9but et de fin de r\u00e9alisation de la prestation sont indiqu\u00e9es par l\u0027huissier de justice sur l\u0027acte qu\u0027il dresse. L\u0027ex\u00e9cution d\u00e9bute lorsque l\u0027huissier de justice arrive sur les lieux de r\u00e9alisation de la prestation.\u003C\/p\u003E                                            \u003Cp\u003E\u003Cbr \/\u003E\u003Cstrong\u003ESource :\u003C\/strong\u003E\u003Cstrong\u003E\u00a0\u003C\/strong\u003E\u003C\/p\u003E\u003Cul\u003E\u003Cli\u003E\u003Ca href=\u0022https:\/\/www.legifrance.gouv.fr\/codes\/section_lc\/LEGITEXT000005634379\/LEGISCTA000032127746\/#LEGISCTA000032127746\u0022 target=\u0022_blank\u0022 rel=\u0022noopener\u0022\u003EArticles A 444-16 \u00e0 A 444-18 du Code de commerce\u003C\/a\u003E\u003C\/li\u003E\u003Cli\u003E\u003Ca href=\u0022https:\/\/www.legifrance.gouv.fr\/loda\/id\/JORFTEXT000041663700\u0022 target=\u0022_blank\u0022 rel=\u0022noopener\u0022\u003EArr\u00eat\u00e9 du 28 f\u00e9vrier 2020 fixant les tarifs r\u00e9glement\u00e9s applicables aux administrateurs judiciaires, commissaires \u00e0 l\u0027ex\u00e9cution du plan, mandataires judiciaires et aux liquidateurs\u003C\/a\u003E\u003C\/li\u003E\u003Cli\u003E\u003Ca href=\u0022https:\/\/www.legifrance.gouv.fr\/jorf\/id\/JORFTEXT000049209818\u0022 target=\u0022_blank\u0022 rel=\u0022noopener\u0022\u003EArr\u00eat\u00e9 du 28 f\u00e9vrier 2024 fixant l\u0027objectif de taux de r\u00e9sultat moyen et les tarifs r\u00e9glement\u00e9s des huissiers de justice et commissaires-priseurs judiciaires\u003C\/a\u003E\u003C\/li\u003E\u003C\/ul\u003E\u003C\/div\u003E","annee":"2025","theme":" Indices, taux, bar\u00e8mes juridiques","activites":["Professionnels du droit et du chiffre"],"image":"https:\/\/www.weblex.fr\/sites\/default\/files\/chiffres_clef\/Shutterstock_commisaisies.jpg","created":"2025-12-04","modified":"2026-04-20"},{"url":"\/chiffres-cles\/tableau-des-cotisations-sociales-dues-par-les-notaires-non-salaries-annee-2025","id":27068,"title":"Tableau des cotisations sociales dues par les notaires non salari\u00e9s - Ann\u00e9e 2025","content":"\u003Cdiv\u003E                                              \u003Cp\u003EL\u2019article 18 de la loi de financement de la S\u00e9curit\u00e9 sociale pour 2024 (loi 2023-1250 du 26 d\u00e9cembre 2023) r\u00e9forme l\u2019assiette des cotisations et contributions sociales des travailleurs ind\u00e9pendants, \u00e0 compter de la r\u00e9gularisation des cotisations de l\u2019ann\u00e9e 2025 (apr\u00e8s la d\u00e9claration des revenus 2025, en 2026).\u003C\/p\u003E\u003Cp\u003ELe d\u00e9cret n\u00b0 2024-688 du 5 juillet 2024 r\u00e9vise le bar\u00e8me des cotisations des travailleurs ind\u00e9pendants, en lien avec cette r\u00e9forme de l\u2019assiette sociale. Cette modification des bar\u00e8mes sera appliqu\u00e9e en m\u00eame temps que la r\u00e9forme de l\u2019assiette sociale, soit \u00e0 partir d\u2019avril 2026 avec l\u2019ouverture de la campagne de la d\u00e9claration des revenus 2025.\u003C\/p\u003E\u003Cp\u003ELes bar\u00e8mes pr\u00e9sent\u00e9s ici pour 2025 ne tiennent pas compte de cette r\u00e9forme.\u003Cbr\u003E\u0026nbsp;\u003C\/p\u003E\u003Cp\u003E\u003Cstrong\u003E1\/. Assiette et taux des cotisations\u003C\/strong\u003E\u003C\/p\u003E\u003Cp\u003ETableau r\u00e9capitulatif des cotisations sociales depuis le 1er janvier 2025\u0026nbsp;\u0026nbsp;\u0026nbsp;\u0026nbsp;                                                        \u003C\/p\u003E\u003Cdiv class=\u0022WordSection1\u0022\u003E\u003Ctable class=\u0022MsoNormalTable\u0022 border=\u00221\u0022 cellspacing=\u00220\u0022 cellpadding=\u00220\u0022 width=\u0022661\u0022\u003E\u003Ctbody\u003E\u003Ctr\u003E\u003Ctd width=\u0022161\u0022\u003E\u003Cp class=\u0022MsoNormal\u0022 align=\u0022center\u0022\u003E\u003Cstrong\u003ECotisation\u003C\/strong\u003E\u003C\/p\u003E\u003C\/td\u003E\u003Ctd width=\u0022358\u0022\u003E\u003Cp class=\u0022MsoNormal\u0022 align=\u0022center\u0022\u003E\u003Cstrong\u003EBase de calcul\u003C\/strong\u003E\u003C\/p\u003E\u003C\/td\u003E\u003Ctd width=\u0022141\u0022\u003E\u003Cp class=\u0022MsoNormal\u0022 align=\u0022center\u0022\u003E\u003Cstrong\u003ETaux\/montant\u003C\/strong\u003E\u003C\/p\u003E\u003C\/td\u003E\u003C\/tr\u003E\u003Ctr\u003E\u003Ctd width=\u0022161\u0022 rowspan=\u00224\u0022\u003E\u003Cp class=\u0022MsoNormal\u0022\u003EMaladie-maternit\u00e9\u003C\/p\u003E\u003C\/td\u003E\u003Ctd width=\u0022358\u0022\u003E\u003Cp class=\u0022MsoNormal\u0022\u003ERevenus inf\u00e9rieurs \u00e0 18\u0026nbsp;840\u0026nbsp;\u20ac (40\u0026nbsp;% du Pass)\u003C\/p\u003E\u003C\/td\u003E\u003Ctd width=\u0022141\u0022\u003E\u003Cp class=\u0022MsoNormal\u0022 align=\u0022center\u0022\u003E0 %\u003C\/p\u003E\u003C\/td\u003E\u003C\/tr\u003E\u003Ctr\u003E\u003Ctd width=\u0022358\u0022\u003E\u003Cp class=\u0022MsoNormal\u0022\u003ERevenus compris entre 18\u0026nbsp;840\u0026nbsp;\u20ac (40\u0026nbsp;% du Pass) et 28\u0026nbsp;260\u0026nbsp;\u20ac (60\u0026nbsp;% du Pass)\u003C\/p\u003E\u003C\/td\u003E\u003Ctd width=\u0022141\u0022\u003E\u003Cp class=\u0022MsoNormal\u0022 align=\u0022center\u0022\u003ETaux progressif de 0 \u00e0 4 %\u003C\/p\u003E\u003C\/td\u003E\u003C\/tr\u003E\u003Ctr\u003E\u003Ctd width=\u0022358\u0022\u003E\u003Cp class=\u0022MsoNormal\u0022\u003ERevenus sup\u00e9rieurs \u00e0 28\u0026nbsp;260\u0026nbsp;\u20ac (60\u0026nbsp;% du Pass) et jusqu\u2019\u00e0 51\u0026nbsp;810\u0026nbsp;\u20ac (110\u0026nbsp;% du Pass)\u003C\/p\u003E\u003C\/td\u003E\u003Ctd width=\u0022141\u0022\u003E\u003Cp class=\u0022MsoNormal\u0022 align=\u0022center\u0022\u003ETaux progressif de 4 \u00e0 6,50 %\u003C\/p\u003E\u003C\/td\u003E\u003C\/tr\u003E\u003Ctr\u003E\u003Ctd width=\u0022358\u0022\u003E\u003Cp class=\u0022MsoNormal\u0022\u003ERevenus sup\u00e9rieurs \u00e0 51\u0026nbsp;810\u0026nbsp;\u20ac (110\u0026nbsp;% du Pass)\u003C\/p\u003E\u003C\/td\u003E\u003Ctd width=\u0022141\u0022\u003E\u003Cp class=\u0022MsoNormal\u0022 align=\u0022center\u0022\u003E6,50 %\u003C\/p\u003E\u003C\/td\u003E\u003C\/tr\u003E\u003Ctr\u003E\u003Ctd\u003E\u003Cp class=\u0022MsoNormal\u0022\u003EIndemnit\u00e9s journali\u00e8res\u003C\/p\u003E\u003C\/td\u003E\u003Ctd width=\u0022358\u0022\u003E\u003Cp class=\u0022MsoNormal\u0022\u003EDans la limite de 141\u0026nbsp;300\u0026nbsp;\u20ac (3\u0026nbsp;Pass)\u003C\/p\u003E\u003C\/td\u003E\u003Ctd width=\u0022141\u0022\u003E\u003Cp class=\u0022MsoNormal\u0022 align=\u0022center\u0022\u003E0,30 %\u003C\/p\u003E\u003C\/td\u003E\u003C\/tr\u003E\u003Ctr\u003E\u003Ctd width=\u0022161\u0022 rowspan=\u00223\u0022\u003E\u003Cp class=\u0022MsoNormal\u0022\u003EAllocations familiales*\u003C\/p\u003E\u003C\/td\u003E\u003Ctd width=\u0022358\u0022\u003E\u003Cp class=\u0022MsoNormal\u0022\u003ERevenus\u0026nbsp;inf\u00e9rieurs \u00e0 51\u0026nbsp;810\u0026nbsp;\u20ac (110\u0026nbsp;% du Pass)\u003C\/p\u003E\u003C\/td\u003E\u003Ctd width=\u0022141\u0022\u003E\u003Cp class=\u0022MsoNormal\u0022 align=\u0022center\u0022\u003E0 %\u003C\/p\u003E\u003C\/td\u003E\u003C\/tr\u003E\u003Ctr\u003E\u003Ctd width=\u0022358\u0022\u003E\u003Cp class=\u0022MsoNormal\u0022\u003ERevenus compris entre 51\u0026nbsp;810\u0026nbsp;\u20ac et 65\u0026nbsp;940\u0026nbsp;\u20ac (110\u0026nbsp;% et 140\u0026nbsp;% du Pass)\u003C\/p\u003E\u003C\/td\u003E\u003Ctd width=\u0022141\u0022\u003E\u003Cp class=\u0022MsoNormal\u0022 align=\u0022center\u0022\u003ETaux variable *\u003C\/p\u003E\u003C\/td\u003E\u003C\/tr\u003E\u003Ctr\u003E\u003Ctd width=\u0022358\u0022\u003E\u003Cp class=\u0022MsoNormal\u0022\u003ERevenus sup\u00e9rieurs \u00e0 65\u0026nbsp;940\u0026nbsp;\u20ac (140\u0026nbsp;% du Pass)\u003C\/p\u003E\u003C\/td\u003E\u003Ctd width=\u0022141\u0022\u003E\u003Cp class=\u0022MsoNormal\u0022 align=\u0022center\u0022\u003E3,10 %\u003C\/p\u003E\u003C\/td\u003E\u003C\/tr\u003E\u003Ctr\u003E\u003Ctd width=\u0022161\u0022 rowspan=\u00222\u0022\u003E\u003Cp class=\u0022MsoNormal\u0022\u003E\u003Ca\u003ERetraite de base\u003C\/a\u003E\u003C\/p\u003E\u003C\/td\u003E\u003Ctd width=\u0022358\u0022\u003E\u003Cp class=\u0022MsoNormal\u0022\u003EDe 0 \u20ac \u00e0 47 100 \u20ac (1 fois le plafond annuel de la S\u00e9curit\u00e9 sociale)\u003C\/p\u003E\u003C\/td\u003E\u003Ctd width=\u0022141\u0022\u003E\u003Cp class=\u0022MsoNormal\u0022 align=\u0022center\u0022\u003E8,23 %\u003C\/p\u003E\u003C\/td\u003E\u003C\/tr\u003E\u003Ctr\u003E\u003Ctd width=\u0022358\u0022\u003E\u003Cp class=\u0022MsoNormal\u0022\u003EDe 0 \u20ac \u00e0 235 500 \u20ac (5 fois le plafond annuel de la S\u00e9curit\u00e9 sociale)\u003C\/p\u003E\u003C\/td\u003E\u003Ctd width=\u0022141\u0022\u003E\u003Cp class=\u0022MsoNormal\u0022 align=\u0022center\u0022\u003E1,87 %\u003C\/p\u003E\u003C\/td\u003E\u003C\/tr\u003E\u003Ctr\u003E\u003Ctd width=\u0022161\u0022 rowspan=\u00229\u0022\u003E\u003Cp class=\u0022MsoNormal\u0022\u003ERetraite compl\u00e9mentaire\u003C\/p\u003E\u003C\/td\u003E\u003Ctd width=\u0022358\u0022\u003E\u003Cp class=\u0022MsoNormal\u0022\u003ESection B classe 1\u003C\/p\u003E\u003C\/td\u003E\u003Ctd width=\u0022141\u0022\u003E\u003Cp class=\u0022MsoNormal\u0022 align=\u0022center\u0022\u003E2 758,10 \u20ac\u003C\/p\u003E\u003C\/td\u003E\u003C\/tr\u003E\u003Ctr\u003E\u003Ctd width=\u0022358\u0022\u003E\u003Cp class=\u0022MsoNormal\u0022\u003ESection B classe 2\u003C\/p\u003E\u003C\/td\u003E\u003Ctd width=\u0022141\u0022\u003E\u003Cp class=\u0022MsoNormal\u0022 align=\u0022center\u0022\u003E5 516,10\u0026nbsp;\u20ac\u003C\/p\u003E\u003C\/td\u003E\u003C\/tr\u003E\u003Ctr\u003E\u003Ctd width=\u0022358\u0022\u003E\u003Cp class=\u0022MsoNormal\u0022\u003ESection B classe 3\u003C\/p\u003E\u003C\/td\u003E\u003Ctd width=\u0022141\u0022\u003E\u003Cp class=\u0022MsoNormal\u0022 align=\u0022center\u0022\u003E8 274,30 \u20ac\u003C\/p\u003E\u003C\/td\u003E\u003C\/tr\u003E\u003Ctr\u003E\u003Ctd width=\u0022358\u0022\u003E\u003Cp class=\u0022MsoNormal\u0022\u003ESection B classe 4\u003C\/p\u003E\u003C\/td\u003E\u003Ctd width=\u0022141\u0022\u003E\u003Cp class=\u0022MsoNormal\u0022 align=\u0022center\u0022\u003E11 032,40 \u20ac\u003C\/p\u003E\u003C\/td\u003E\u003C\/tr\u003E\u003Ctr\u003E\u003Ctd width=\u0022358\u0022\u003E\u003Cp class=\u0022MsoNormal\u0022\u003ESection B classe 5\u003C\/p\u003E\u003C\/td\u003E\u003Ctd width=\u0022141\u0022\u003E\u003Cp class=\u0022MsoNormal\u0022 align=\u0022center\u0022\u003E13 790,50 \u20ac\u003C\/p\u003E\u003C\/td\u003E\u003C\/tr\u003E\u003Ctr\u003E\u003Ctd width=\u0022358\u0022\u003E\u003Cp class=\u0022MsoNormal\u0022\u003ESection B classe 6\u003C\/p\u003E\u003C\/td\u003E\u003Ctd width=\u0022141\u0022\u003E\u003Cp class=\u0022MsoNormal\u0022 align=\u0022center\u0022\u003E16 548,60 \u20ac\u003C\/p\u003E\u003C\/td\u003E\u003C\/tr\u003E\u003Ctr\u003E\u003Ctd width=\u0022358\u0022\u003E\u003Cp class=\u0022MsoNormal\u0022\u003ESection B classe 7\u003C\/p\u003E\u003C\/td\u003E\u003Ctd width=\u0022141\u0022\u003E\u003Cp class=\u0022MsoNormal\u0022 align=\u0022center\u0022\u003E19 306,70 \u20ac\u003C\/p\u003E\u003C\/td\u003E\u003C\/tr\u003E\u003Ctr\u003E\u003Ctd width=\u0022358\u0022\u003E\u003Cp class=\u0022MsoNormal\u0022\u003ESection B classe 8\u003C\/p\u003E\u003C\/td\u003E\u003Ctd width=\u0022141\u0022\u003E\u003Cp class=\u0022MsoNormal\u0022 align=\u0022center\u0022\u003E22 064,80 \u20ac\u003C\/p\u003E\u003C\/td\u003E\u003C\/tr\u003E\u003Ctr\u003E\u003Ctd width=\u0022358\u0022\u003E\u003Cp class=\u0022MsoNormal\u0022\u003ESection C\u0026nbsp;: sur la base de la moyenne des produits de base de l\u2019office, r\u00e9alis\u00e9s pendant les ann\u00e9es 2021, 2022 et 2023\u003C\/p\u003E\u003C\/td\u003E\u003Ctd width=\u0022141\u0022\u003E\u003Cp class=\u0022MsoNormal\u0022 align=\u0022center\u0022\u003E4,10 %\u003C\/p\u003E\u003C\/td\u003E\u003C\/tr\u003E\u003Ctr\u003E\u003Ctd width=\u0022161\u0022\u003E\u003Cp class=\u0022MsoNormal\u0022\u003EInvalidit\u00e9-D\u00e9c\u00e8s\u003C\/p\u003E\u003C\/td\u003E\u003Ctd width=\u0022358\u0022\u003E\u003Cp class=\u0022MsoNormal\u0022\u003ECotisation forfaitaire\u003C\/p\u003E\u003C\/td\u003E\u003Ctd width=\u0022141\u0022\u003E\u003Cp class=\u0022MsoNormal\u0022 align=\u0022center\u0022\u003E1\u0026nbsp;324 \u20ac\u003C\/p\u003E\u003C\/td\u003E\u003C\/tr\u003E\u003Ctr\u003E\u003Ctd width=\u0022161\u0022\u003E\u003Cp class=\u0022MsoNormal\u0022\u003ECSG\/CRDS\u003C\/p\u003E\u003C\/td\u003E\u003Ctd width=\u0022358\u0022\u003E\u003Cp class=\u0022MsoNormal\u0022\u003EMontant du revenu professionnel + cotisations sociales obligatoires\u003Cbr\u003E\u003Cbr\u003ERevenus de remplacement\u003C\/p\u003E\u003C\/td\u003E\u003Ctd width=\u0022141\u0022\u003E\u003Cp class=\u0022MsoNormal\u0022 align=\u0022center\u0022\u003E9,70 %\u003Cbr\u003E\u003Cbr\u003E6,70 %\u003C\/p\u003E\u003C\/td\u003E\u003C\/tr\u003E\u003Ctr\u003E\u003Ctd width=\u0022161\u0022\u003E\u003Cp class=\u0022MsoNormal\u0022\u003EContribution \u00e0 la formation professionnelle\u003C\/p\u003E\u003C\/td\u003E\u003Ctd width=\u0022358\u0022\u003E\u003Cp class=\u0022MsoNormal\u0022\u003ESur la base de 47 100 \u20ac\u003C\/p\u003E\u003C\/td\u003E\u003Ctd width=\u0022141\u0022\u003E\u003Cp class=\u0022MsoNormal\u0022 align=\u0022center\u0022\u003E0,25 %\u003C\/p\u003E\u003Cp class=\u0022MsoNormal\u0022 align=\u0022center\u0022\u003E0,34 % en pr\u00e9sence d\u2019un conjoint collaborateur\u003C\/p\u003E\u003C\/td\u003E\u003C\/tr\u003E\u003C\/tbody\u003E\u003C\/table\u003E\u003Cp class=\u0022MsoNormal\u0022\u003E\u0026nbsp;\u003C\/p\u003E\u003Cp\u003E\u003Cstrong\u003E* Taux variable des cotisations d\u2019allocations familiales\u003C\/strong\u003E\u003C\/p\u003E\u003Cp\u003EPour un revenu compris entre 51\u0026nbsp;810\u20ac et 65\u0026nbsp;940\u20ac (entre 110 % et 140 % du plafond annuel de la S\u00e9curit\u00e9 sociale), le taux est d\u00e9termin\u00e9 selon la formule suivante (r = votre revenu d\u2019activit\u00e9) :\u003C\/p\u003E\u003Cp align=\u0022center\u0022\u003ETaux = [(3,10\/100) \/ (0,3 \u00d7 48 391)] \u00d7 (r - 1,1 \u00d7 48 391)\u003C\/p\u003E\u003Cp\u003E\u003Cstrong\u003E2\/ Assiette et cotisation minimale et maximale (retraite de base)\u003C\/strong\u003E\u0026nbsp;                                                                                                \u003C\/p\u003E\u003Cdiv class=\u0022WordSection1\u0022\u003E\u003Ctable class=\u0022MsoNormalTable\u0022 border=\u00221\u0022 cellspacing=\u00220\u0022 cellpadding=\u00220\u0022 width=\u0022661\u0022\u003E\u003Ctbody\u003E\u003Ctr\u003E\u003Ctd width=\u0022201\u0022\u003E\u003Cp class=\u0022MsoNormal\u0022 align=\u0022center\u0022\u003E\u003Cstrong\u003ETranche de cotisation\u003C\/strong\u003E\u003C\/p\u003E\u003C\/td\u003E\u003Ctd width=\u0022224\u0022\u003E\u003Cp class=\u0022MsoNormal\u0022 align=\u0022center\u0022\u003E\u003Cstrong\u003ECotisation annuelle minimum\u003C\/strong\u003E\u003C\/p\u003E\u003C\/td\u003E\u003Ctd width=\u0022236\u0022\u003E\u003Cp class=\u0022MsoNormal\u0022 align=\u0022center\u0022\u003E\u003Cstrong\u003ECotisation annuelle\u003C\/strong\u003E\u003C\/p\u003E\u003Cp class=\u0022MsoNormal\u0022 align=\u0022center\u0022\u003E\u003Cstrong\u003Emaximum\u003C\/strong\u003E\u003C\/p\u003E\u003C\/td\u003E\u003C\/tr\u003E\u003Ctr\u003E\u003Ctd width=\u0022201\u0022\u003E\u003Cp class=\u0022MsoNormal\u0022 align=\u0022center\u0022\u003ETranche 1\u003C\/p\u003E\u003C\/td\u003E\u003Ctd width=\u0022224\u0022 rowspan=\u00222\u0022\u003E\u003Cp class=\u0022MsoNormal\u0022 align=\u0022center\u0022\u003E529 \u20ac\u003C\/p\u003E\u003Cp class=\u0022MsoNormal\u0022 align=\u0022center\u0022\u003E\u0026nbsp;\u003C\/p\u003E\u003C\/td\u003E\u003Ctd width=\u0022236\u0022\u003E\u003Cp class=\u0022MsoNormal\u0022 align=\u0022center\u0022\u003E4 112 \u20ac\u003C\/p\u003E\u003C\/td\u003E\u003C\/tr\u003E\u003Ctr\u003E\u003Ctd width=\u0022201\u0022\u003E\u003Cp class=\u0022MsoNormal\u0022 align=\u0022center\u0022\u003ETranche 2\u003C\/p\u003E\u003C\/td\u003E\u003Ctd width=\u0022236\u0022\u003E\u003Cp class=\u0022MsoNormal\u0022 align=\u0022center\u0022\u003E4 404 \u20ac\u003C\/p\u003E\u003C\/td\u003E\u003C\/tr\u003E\u003C\/tbody\u003E\u003C\/table\u003E\u003Cp class=\u0022MsoNormal\u0022\u003EEn l\u2019absence de d\u00e9claration de revenus, l\u2019assiette servant de base au calcul des cotisations est \u00e9gale \u00e0 5 PASS du plafond de la S\u00e9curit\u00e9 Sociale (cotisation maximale). En cas de revenus \u00e0 0 ou d\u00e9ficitaires, l\u2019assiette servant de base au calcul des cotisations est \u00e9gale \u00e0 10,10 % du plafond de la S\u00e9curit\u00e9 Sociale (cotisation minimum).\u003Cbr\u003E\u003Cbr\u003EUne fois les revenus d\u00e9finitifs de l\u2019ann\u00e9e N-1 connus, les cotisations provisionnelles sont r\u00e9gularis\u00e9es au cours du 3e trimestre de l\u2019ann\u00e9e N.\u003C\/p\u003E\u003Cp\u003ELe nombre de points acquis est calcul\u00e9 ann\u00e9e apr\u00e8s ann\u00e9e, au prorata des cotisations acquitt\u00e9es sur chacune des tranches des revenus. Il est attribu\u00e9 525 points maximum pour la 1re tranche et 25 points maximum pour la 2e tranche.\u003C\/p\u003E\u003Cp\u003ELa l\u00e9gislation donne la possibilit\u00e9 au professionnel lib\u00e9ral de cotiser sur la base d\u2019un revenu estim\u00e9. Pour cela, l\u2019affili\u00e9 doit transmettre \u00e0 la CPRN le montant de son revenu estim\u00e9 devant servir d\u2019assiette pour le calcul des cotisations de l\u2019exercice en cours.\u003C\/p\u003E\u003Cp\u003E\u003Cstrong\u003E3\/. Assiette de cotisations en d\u00e9but d\u0027activit\u00e9\u0026nbsp;\u003C\/strong\u003E\u003C\/p\u003E\u003Cp class=\u0022MsoNormal\u0022\u003E\u003Cbr\u003E\u003Cstrong\u003EA) Retraite de base\u0026nbsp;\u003C\/strong\u003E\u003Cbr\u003E\u003Cbr\u003EPour le notaire en 1re et 2e ann\u00e9e d\u2019activit\u00e9 les cotisations sont calcul\u00e9es \u00e0 titre provisionnel sur une base forfaitaire \u00e9gale \u00e0 19 % du PASS.\u0026nbsp;\u003Cbr\u003EElles se d\u00e9clinent en 2 tranches :\u0026nbsp;                                                                                                \u003C\/p\u003E\u003Cdiv class=\u0022WordSection1\u0022\u003E\u003Ctable class=\u0022MsoNormalTable\u0022 border=\u00221\u0022 cellspacing=\u00220\u0022 cellpadding=\u00220\u0022 width=\u0022661\u0022\u003E\u003Ctbody\u003E\u003Ctr\u003E\u003Ctd width=\u0022186\u0022\u003E\u003Cp class=\u0022MsoNormal\u0022 align=\u0022center\u0022\u003E\u003Cstrong\u003ETranches\u003C\/strong\u003E\u003C\/p\u003E\u003C\/td\u003E\u003Ctd width=\u0022475\u0022\u003E\u003Cp class=\u0022MsoNormal\u0022 align=\u0022center\u0022\u003E\u003Cstrong\u003EAssiette\u003C\/strong\u003E\u003C\/p\u003E\u003C\/td\u003E\u003C\/tr\u003E\u003Ctr\u003E\u003Ctd width=\u0022186\u0022\u003E\u003Cp class=\u0022MsoNormal\u0022\u003E1\u003C\/p\u003E\u003C\/td\u003E\u003Ctd width=\u0022475\u0022\u003E\u003Cp class=\u0022MsoNormal\u0022 align=\u0022center\u0022\u003E8\u0026nbsp;849 \u20ac x 8,23 % = 737 \u20ac\u003C\/p\u003E\u003C\/td\u003E\u003C\/tr\u003E\u003Ctr\u003E\u003Ctd width=\u0022186\u0022\u003E\u003Cp class=\u0022MsoNormal\u0022\u003E2\u003C\/p\u003E\u003C\/td\u003E\u003Ctd width=\u0022475\u0022\u003E\u003Cp class=\u0022MsoNormal\u0022 align=\u0022center\u0022\u003E8\u0026nbsp;849 \u20ac x 1,87 % = 167 \u20ac8 358\u0026nbsp;\u20ac (43 992\u0026nbsp;\u20ac x 19 %)\u003C\/p\u003E\u003C\/td\u003E\u003C\/tr\u003E\u003C\/tbody\u003E\u003C\/table\u003E\u003Cp\u003ECotisation annelle en 2025 : \u003Cstrong\u003E904 \u20ac\u0026nbsp;\u003C\/strong\u003E\u003Cbr\u003EValeur du point depuis le 1er janvier 2025 : \u003Cstrong\u003E0,6540\u20ac \/ an\u003C\/strong\u003E\u003C\/p\u003E\u003Cp\u003EUne fois les revenus d\u00e9finitifs de l\u2019ann\u00e9e N-1 connus, les cotisations provisionnelles sont r\u00e9gularis\u00e9es au cours du 3\u00e8me trimestre de l\u2019ann\u00e9e N. Le nombre de points acquis est calcul\u00e9 ann\u00e9e apr\u00e8s ann\u00e9e, au prorata des cotisations acquitt\u00e9es sur chacune des tranches des revenus. Il est attribu\u00e9 525 points maximum pour la 1re tranche et 25 points maximum pour la 2e tranche.\u0026nbsp;\u003C\/p\u003E\u003Cp\u003E\u003Cstrong\u003EB) Retraite compl\u00e9mentaire\u0026nbsp;\u003C\/strong\u003E\u003Cbr\u003E                                                                \u003C\/p\u003E\u003Cdiv class=\u0022WordSection1\u0022\u003E\u003Ctable class=\u0022MsoNormalTable\u0022 border=\u00221\u0022 cellspacing=\u00220\u0022 cellpadding=\u00220\u0022 width=\u0022661\u0022\u003E\u003Ctbody\u003E\u003Ctr\u003E\u003Ctd width=\u0022141\u0022\u003E\u003Cp class=\u0022MsoNormal\u0022\u003E\u003Cstrong\u003ECotisation\u003C\/strong\u003E\u003C\/p\u003E\u003C\/td\u003E\u003Ctd width=\u0022378\u0022\u003E\u003Cp class=\u0022MsoNormal\u0022\u003E\u003Cstrong\u003EBase de calcul\u003C\/strong\u003E\u003C\/p\u003E\u003C\/td\u003E\u003Ctd width=\u0022142\u0022\u003E\u003Cp class=\u0022MsoNormal\u0022 align=\u0022center\u0022\u003E\u003Cstrong\u003ETaux\/montant\u003C\/strong\u003E\u003C\/p\u003E\u003C\/td\u003E\u003C\/tr\u003E\u003Ctr\u003E\u003Ctd width=\u0022141\u0022\u003E\u003Cp class=\u0022MsoNormal\u0022\u003ERetraite compl\u00e9mentaire au titre des 6 premi\u00e8res ann\u00e9es\u003C\/p\u003E\u003C\/td\u003E\u003Ctd width=\u0022378\u0022\u003E\u003Cp class=\u0022MsoNormal\u0022\u003ESection B classe 1\u003C\/p\u003E\u003C\/td\u003E\u003Ctd width=\u0022142\u0022\u003E\u003Cp class=\u0022MsoNormal\u0022 align=\u0022center\u0022\u003E2 758,10 \u0026nbsp;\u20ac\u003C\/p\u003E\u003C\/td\u003E\u003C\/tr\u003E\u003C\/tbody\u003E\u003C\/table\u003E\u003Cp class=\u0022MsoNormal\u0022\u003E\u003Cbr\u003E\u003Cstrong\u003EC) Invalidit\u00e9-d\u00e9c\u00e8s\u0026nbsp;\u003C\/strong\u003E\u003C\/p\u003E\u003Cp class=\u0022MsoNormal\u0022\u003EUne r\u00e9duction de 50 % est appliqu\u00e9e sur la cotisation forfaitaire au titre des 3 premi\u00e8res ann\u00e9es, soit une cotisation annuelle de \u003Cstrong\u003E662\u20ac\u003C\/strong\u003E pour l\u2019ann\u00e9e 2025.\u003Cbr\u003E\u003Cbr\u003E\u003Cstrong\u003ED) ACRE (Aide \u00e0 la cr\u00e9ation d\u0027entreprise)\u003C\/strong\u003E\u003Cbr\u003E\u003Cbr\u003ENotez que depuis le 1er janvier 2019, les notaires nouvellement install\u00e9s peuvent b\u00e9n\u00e9ficier du dispositif de l\u2019ACRE.\u003Cbr\u003EA ce titre, ils peuvent b\u00e9n\u00e9ficier :\u003Cbr\u003E\u2022\u0026nbsp;\u0026nbsp;\u0026nbsp;\u0026nbsp;d\u2019un accompagnement pendant les premi\u00e8res ann\u00e9es d\u2019activit\u00e9 ;\u003Cbr\u003E\u2022\u0026nbsp;\u0026nbsp;\u0026nbsp;\u0026nbsp;d\u2019une exon\u00e9ration partielle de cotisations sociales.\u003Cbr\u003E\u003Cbr\u003E\u003Cstrong\u003E4\/. Cotisations du conjoint collaborateur\u0026nbsp;\u003C\/strong\u003E\u0026nbsp;\u003C\/p\u003E\u003Cdiv class=\u0022WordSection1\u0022\u003E\u003Ctable class=\u0022MsoNormalTable\u0022 border=\u00221\u0022 cellspacing=\u00220\u0022 cellpadding=\u00220\u0022 width=\u0022662\u0022\u003E\u003Ctbody\u003E\u003Ctr\u003E\u003Ctd width=\u0022151\u0022 rowspan=\u00222\u0022\u003E\u003Cp class=\u0022MsoNormal\u0022 align=\u0022center\u0022\u003E\u003Cstrong\u003ECotisation\u003C\/strong\u003E\u003C\/p\u003E\u003C\/td\u003E\u003Ctd width=\u0022511\u0022 colspan=\u00222\u0022\u003E\u003Cp class=\u0022MsoNormal\u0022 align=\u0022center\u0022\u003E\u003Cstrong\u003EAssiette\u003C\/strong\u003E\u003C\/p\u003E\u003C\/td\u003E\u003C\/tr\u003E\u003Ctr\u003E\u003Ctd width=\u0022227\u0022\u003E\u003Cp class=\u0022MsoNormal\u0022 align=\u0022center\u0022\u003E\u003Cstrong\u003EFormule\u003C\/strong\u003E\u003C\/p\u003E\u003C\/td\u003E\u003Ctd width=\u0022284\u0022\u003E\u003Cp class=\u0022MsoNormal\u0022 align=\u0022center\u0022\u003E\u003Cstrong\u003EBase de calcul\u003C\/strong\u003E\u003C\/p\u003E\u003C\/td\u003E\u003C\/tr\u003E\u003Ctr\u003E\u003Ctd width=\u0022151\u0022 rowspan=\u00225\u0022\u003E\u003Cp class=\u0022MsoNormal\u0022\u003ERetraite de base\u003C\/p\u003E\u003C\/td\u003E\u003Ctd width=\u0022511\u0022 colspan=\u00222\u0022\u003E\u003Cp class=\u0022MsoNormal\u0022\u003EForfaitaire\u003C\/p\u003E\u003C\/td\u003E\u003C\/tr\u003E\u003Ctr\u003E\u003Ctd rowspan=\u00222\u0022\u003E\u003Cp class=\u0022MsoNormal\u0022\u003ECotisation sans partage du revenu\u003C\/p\u003E\u003C\/td\u003E\u003Ctd width=\u0022284\u0022\u003E\u003Cp class=\u0022MsoNormal\u0022\u003E25 % du revenu du notaire\u003C\/p\u003E\u003C\/td\u003E\u003C\/tr\u003E\u003Ctr\u003E\u003Ctd width=\u0022284\u0022\u003E\u003Cp class=\u0022MsoNormal\u0022\u003E50 % du revenu du notaire\u003C\/p\u003E\u003C\/td\u003E\u003C\/tr\u003E\u003Ctr\u003E\u003Ctd width=\u0022227\u0022 rowspan=\u00222\u0022\u003E\u003Cp class=\u0022MsoNormal\u0022\u003ECotisation avec partage du revenu*\u003C\/p\u003E\u003C\/td\u003E\u003Ctd width=\u0022284\u0022\u003E\u003Cp class=\u0022MsoNormal\u0022\u003E25 % du revenu du notaire (celui-ci payant alors sa cotisation sur la base de 75 %)\u003C\/p\u003E\u003C\/td\u003E\u003C\/tr\u003E\u003Ctr\u003E\u003Ctd width=\u0022284\u0022\u003E\u003Cp class=\u0022MsoNormal\u0022\u003E50 % du revenu du notaire (celui-ci payant alors sa cotisation sur la base de 50 %)\u003C\/p\u003E\u003C\/td\u003E\u003C\/tr\u003E\u003Ctr\u003E\u003Ctd width=\u0022151\u0022 rowspan=\u00222\u0022\u003E\u003Cp class=\u0022MsoNormal\u0022\u003ERetraite compl\u00e9mentaire\u003C\/p\u003E\u003C\/td\u003E\u003Ctd width=\u0022511\u0022 colspan=\u00222\u0022\u003E\u003Cp class=\u0022MsoNormal\u0022\u003E25 % de la cotisation du notaire\u003C\/p\u003E\u003C\/td\u003E\u003C\/tr\u003E\u003Ctr\u003E\u003Ctd width=\u0022511\u0022 colspan=\u00222\u0022\u003E\u003Cp class=\u0022MsoNormal\u0022\u003E50 % de la cotisation du notaire\u003C\/p\u003E\u003C\/td\u003E\u003C\/tr\u003E\u003Ctr\u003E\u003Ctd width=\u0022151\u0022 rowspan=\u00222\u0022\u003E\u003Cp class=\u0022MsoNormal\u0022\u003EInvalidit\u00e9-D\u00e9c\u00e8s *\u003C\/p\u003E\u003C\/td\u003E\u003Ctd width=\u0022511\u0022 colspan=\u00222\u0022\u003E\u003Cp class=\u0022MsoNormal\u0022\u003E294 \u20ac si option \u00e0 25 %\u003C\/p\u003E\u003C\/td\u003E\u003C\/tr\u003E\u003Ctr\u003E\u003Ctd width=\u0022511\u0022 colspan=\u00222\u0022\u003E\u003Cp class=\u0022MsoNormal\u0022\u003E588 \u20ac si option \u00e0 50 %\u003C\/p\u003E\u003C\/td\u003E\u003C\/tr\u003E\u003C\/tbody\u003E\u003C\/table\u003E\u003Cp\u003E* Le conjoint collaborateur d\u2019un nouveau notaire cotise \u00e0 50 % de ces montants. Le choix de l\u2019assiette retenue pour le calcul des cotisations du r\u00e9gime de base est reconduit pour une dur\u00e9e de trois ans renouvelables, sauf si le conjoint collaborateur demande par \u00e9crit \u00e0 opter pour un autre mode de calcul avant le 1er d\u00e9cembre de la derni\u00e8re ann\u00e9e.\u003C\/p\u003E\u003Cp\u003ELa demande de changement d\u2019option doit \u00eatre formul\u00e9e aupr\u00e8s de la caisse.\u003Cbr\u003E\u0026nbsp;\u003C\/p\u003E\u003C\/div\u003E\u003C\/div\u003E\u003C\/div\u003E\u003C\/div\u003E\u003C\/div\u003E                                            \u003Cp\u003E\u003Cbr \/\u003E\u003Cstrong\u003ESource :\u003C\/strong\u003E\u003Cstrong\u003E\u00a0\u003C\/strong\u003E\u003C\/p\u003E\u003Cul\u003E\u003Cli\u003E\u003Ca href=\u0022https:\/\/www.urssaf.fr\/accueil\/outils-documentation\/taux-baremes\/taux-cotisations-plr-hors-cipav.html\u0022 target=\u0022_blank\u0022\u003ETaux de cotisations de l\u0027urssaf.fr - Professions lib\u00e9rales r\u00e9glement\u00e9es hors Cipav - Ann\u00e9e 2025\u003C\/a\u003E\u003C\/li\u003E\u003Cli\u003E\u003Ca href=\u0022https:\/\/cprn.fr\/\u0022 target=\u0022_blank\u0022\u003ECaisse de Pr\u00e9voyance et de Retraite des Notaires\u003C\/a\u003E\u003C\/li\u003E\u003C\/ul\u003E\u003C\/div\u003E","annee":"2025","theme":" Indices, taux, bar\u00e8mes sociaux","activites":["Professionnels du droit et du chiffre"],"image":"https:\/\/www.weblex.fr\/sites\/default\/files\/chiffres_clef\/Shutterstock_cotisationssocialesnotairesnonsalaries.jpg","created":"2025-12-01","modified":"2025-12-09"},{"url":"\/chiffres-cles\/taux-de-cotisations-sociales-des-clercs-et-employes-de-notaires-annee-2025","id":27073,"title":"Taux de cotisations sociales des clercs et employ\u00e9s de notaires - Ann\u00e9e 2025","content":"\u003Cdiv\u003E                                              \u003Cp\u003ETableaux r\u00e9capitulatifs des charges sociales salariales et patronales applicables au 1er janvier 2025\u003C\/p\u003E\u003Cul\u003E\u003Cli\u003E\u003Cstrong\u003ECotisations CRPCEN \u00e9moluments et honoraires\u003C\/strong\u003E\u003C\/li\u003E\u003C\/ul\u003E\u003Cp\u003ELa collecte des cotisations sur les \u00e9moluments et les honoraires est g\u00e9r\u00e9e par la caisse de retraite et de pr\u00e9voyance des clercs et employ\u00e9s de notaires.\u0026nbsp;        \u003C\/p\u003E\u003Cdiv class=\u0022WordSection1\u0022\u003E\u003Ctable class=\u0022MsoTableGrid\u0022 border=\u00221\u0022 cellspacing=\u00220\u0022 cellpadding=\u00220\u0022 width=\u0022630\u0022\u003E\u003Ctbody\u003E\u003Ctr\u003E\u003Ctd width=\u0022630\u0022\u003E\u003Cp class=\u0022MsoNormal\u0022 align=\u0022center\u0022\u003E\u003Cstrong\u003ECotisations sur les Emoluments et Honoraires\u003C\/strong\u003E\u003C\/p\u003E\u003C\/td\u003E\u003C\/tr\u003E\u003Ctr\u003E\u003Ctd width=\u0022630\u0022\u003E\u003Cp class=\u0022MsoNormal\u0022 align=\u0022center\u0022\u003E4 %\u003C\/p\u003E\u003C\/td\u003E\u003C\/tr\u003E\u003C\/tbody\u003E\u003C\/table\u003E\u003Cp class=\u0022MsoNormal\u0022\u003E\u0026nbsp;\u003C\/p\u003E\u003Cul\u003E\u003Cli\u003E\u003Cp class=\u0022MsoNormal\u0022\u003E\u003Cstrong\u003ECotisations au r\u00e9gimes g\u00e9n\u00e9ral\u0026nbsp;\u003C\/strong\u003E\u003C\/p\u003E\u003C\/li\u003E\u003C\/ul\u003E\u003Cp\u003EDepuis le 1er janvier 2023, les cotisations sur salaires (DSN) sont vers\u00e9es \u00e0 l\u2019URSSAF tous les 5 ou 15 du mois.\u003Cbr\u003E\u003C\/p\u003E\u003Cdiv class=\u0022WordSection1\u0022\u003E\u003Ctable class=\u0022MsoTableGrid\u0022 border=\u00221\u0022 cellspacing=\u00220\u0022 cellpadding=\u00220\u0022\u003E\u003Ctbody\u003E\u003Ctr\u003E\u003Ctd width=\u0022604\u0022 colspan=\u00225\u0022 valign=\u0022top\u0022\u003E\u003Cp class=\u0022MsoNormal\u0022 align=\u0022center\u0022\u003E\u003Cstrong\u003ETaux des cotisations au r\u00e9gime g\u00e9n\u00e9ral \u00e0 partir du 1er janvier 2025\u003C\/strong\u003E\u003C\/p\u003E\u003C\/td\u003E\u003C\/tr\u003E\u003Ctr\u003E\u003Ctd width=\u0022121\u0022 rowspan=\u00222\u0022 valign=\u0022top\u0022\u003E\u003Cp class=\u0022MsoNormal\u0022 align=\u0022center\u0022\u003E\u0026nbsp;\u003C\/p\u003E\u003C\/td\u003E\u003Ctd width=\u0022276\u0022 colspan=\u00222\u0022 valign=\u0022top\u0022\u003E\u003Cp class=\u0022MsoNormal\u0022 align=\u0022center\u0022\u003E\u003Cstrong\u003EPart salariale\u003C\/strong\u003E\u003C\/p\u003E\u003C\/td\u003E\u003Ctd width=\u0022208\u0022 colspan=\u00222\u0022 valign=\u0022top\u0022\u003E\u003Cp class=\u0022MsoNormal\u0022 align=\u0022center\u0022\u003E\u003Cstrong\u003EPart patronale\u003C\/strong\u003E\u003C\/p\u003E\u003C\/td\u003E\u003C\/tr\u003E\u003Ctr\u003E\u003Ctd width=\u0022121\u0022 valign=\u0022top\u0022\u003E\u003Cp class=\u0022MsoNormal\u0022 align=\u0022center\u0022\u003E\u003Cstrong\u003EMaladie\u003C\/strong\u003E\u003C\/p\u003E\u003C\/td\u003E\u003Ctd width=\u0022155\u0022 valign=\u0022top\u0022\u003E\u003Cp class=\u0022MsoNormal\u0022 align=\u0022center\u0022\u003E\u003Cstrong\u003EVieillesse\u003C\/strong\u003E\u003C\/p\u003E\u003C\/td\u003E\u003Ctd width=\u002287\u0022 valign=\u0022top\u0022\u003E\u003Cp class=\u0022MsoNormal\u0022 align=\u0022center\u0022\u003E\u003Cstrong\u003EMaladie\u003C\/strong\u003E\u003C\/p\u003E\u003C\/td\u003E\u003Ctd width=\u0022121\u0022 valign=\u0022top\u0022\u003E\u003Cp class=\u0022MsoNormal\u0022 align=\u0022center\u0022\u003E\u003Cstrong\u003EVieillesse\u003C\/strong\u003E\u003C\/p\u003E\u003C\/td\u003E\u003C\/tr\u003E\u003Ctr\u003E\u003Ctd width=\u0022121\u0022 valign=\u0022top\u0022\u003E\u003Cp class=\u0022MsoNormal\u0022 align=\u0022center\u0022\u003E\u003Cstrong\u003ER\u00e9mun\u00e9ration inf\u00e9rieure \u00e0 2,5 SMIC annuel\u003C\/strong\u003E\u003C\/p\u003E\u003C\/td\u003E\u003Ctd width=\u0022121\u0022 valign=\u0022top\u0022\u003E\u003Cp class=\u0022MsoListParagraph\u0022\u003E\u0026nbsp; \u0026nbsp; \u0026nbsp; \u0026nbsp; \u0026nbsp; \u0026nbsp; \u0026nbsp; \u0026nbsp; \u0026nbsp; \u0026nbsp;-\u003C\/p\u003E\u003C\/td\u003E\u003Ctd width=\u0022155\u0022 valign=\u0022top\u0022\u003E\u003Cp class=\u0022MsoNormal\u0022 align=\u0022center\u0022\u003E13,03 %\u003C\/p\u003E\u003C\/td\u003E\u003Ctd width=\u002287\u0022 valign=\u0022top\u0022\u003E\u003Cp class=\u0022MsoNormal\u0022 align=\u0022center\u0022\u003E7,30 %\u003C\/p\u003E\u003C\/td\u003E\u003Ctd width=\u0022121\u0022 valign=\u0022top\u0022\u003E\u003Cp class=\u0022MsoNormal\u0022 align=\u0022center\u0022\u003E16,82 %\u003C\/p\u003E\u003C\/td\u003E\u003C\/tr\u003E\u003Ctr\u003E\u003Ctd width=\u0022121\u0022 valign=\u0022top\u0022\u003E\u003Cp class=\u0022MsoNormal\u0022 align=\u0022center\u0022\u003E\u003Cstrong\u003ER\u00e9mun\u00e9ration sup\u00e9rieur \u00e0 2,5 SMIC annuel\u003C\/strong\u003E\u003C\/p\u003E\u003C\/td\u003E\u003Ctd width=\u0022121\u0022 valign=\u0022top\u0022\u003E\u003Cp class=\u0022MsoNormal\u0022 align=\u0022center\u0022\u003E-\u003C\/p\u003E\u003C\/td\u003E\u003Ctd width=\u0022155\u0022 valign=\u0022top\u0022\u003E\u003Cp class=\u0022MsoNormal\u0022 align=\u0022center\u0022\u003E13,03 %\u003C\/p\u003E\u003C\/td\u003E\u003Ctd width=\u002287\u0022 valign=\u0022top\u0022\u003E\u003Cp class=\u0022MsoNormal\u0022 align=\u0022center\u0022\u003E13,03 %\u003C\/p\u003E\u003C\/td\u003E\u003Ctd width=\u0022121\u0022 valign=\u0022top\u0022\u003E\u003Cp class=\u0022MsoNormal\u0022 align=\u0022center\u0022\u003E16,82 %\u003C\/p\u003E\u003C\/td\u003E\u003C\/tr\u003E\u003Ctr\u003E\u003Ctd width=\u0022121\u0022 valign=\u0022top\u0022\u003E\u003Cp class=\u0022MsoNormal\u0022 align=\u0022center\u0022\u003E\u003Cstrong\u003EApprentis\u003C\/strong\u003E\u003C\/p\u003E\u003C\/td\u003E\u003Ctd width=\u0022121\u0022 valign=\u0022top\u0022\u003E\u003Cp class=\u0022MsoNormal\u0022 align=\u0022center\u0022\u003E-\u003C\/p\u003E\u003C\/td\u003E\u003Ctd width=\u0022155\u0022 valign=\u0022top\u0022\u003E\u003Cp class=\u0022MsoNormal\u0022 align=\u0022center\u0022\u003EExon\u00e9ration dans la limite de 79% du SMIC en vigueur au titre de l\u2019ann\u00e9e consid\u00e9r\u00e9e\u003C\/p\u003E\u003C\/td\u003E\u003Ctd width=\u002287\u0022 valign=\u0022top\u0022\u003E\u003Cp class=\u0022MsoNormal\u0022 align=\u0022center\u0022\u003E7,30 %\u003C\/p\u003E\u003C\/td\u003E\u003Ctd width=\u0022121\u0022 valign=\u0022top\u0022\u003E\u003Cp class=\u0022MsoNormal\u0022 align=\u0022center\u0022\u003E16,82 %\u003C\/p\u003E\u003C\/td\u003E\u003C\/tr\u003E\u003Ctr\u003E\u003Ctd width=\u0022121\u0022 valign=\u0022top\u0022\u003E\u003Cp class=\u0022MsoNormal\u0022 align=\u0022center\u0022\u003E\u003Cstrong\u003ECotisations maladie des non-r\u00e9sidents fiscaux\u003C\/strong\u003E\u003C\/p\u003E\u003C\/td\u003E\u003Ctd width=\u0022121\u0022 valign=\u0022top\u0022\u003E\u003Cp class=\u0022MsoNormal\u0022 align=\u0022center\u0022\u003E5,50%\u003C\/p\u003E\u003C\/td\u003E\u003Ctd width=\u0022155\u0022 valign=\u0022top\u0022\u003E\u003Cp class=\u0022MsoNormal\u0022 align=\u0022center\u0022\u003E-\u003C\/p\u003E\u003C\/td\u003E\u003Ctd width=\u002287\u0022 valign=\u0022top\u0022\u003E\u003Cp class=\u0022MsoNormal\u0022 align=\u0022center\u0022\u003E-\u003C\/p\u003E\u003C\/td\u003E\u003Ctd width=\u0022121\u0022 valign=\u0022top\u0022\u003E\u003Cp class=\u0022MsoNormal\u0022 align=\u0022center\u0022\u003E-\u003C\/p\u003E\u003C\/td\u003E\u003C\/tr\u003E\u003C\/tbody\u003E\u003C\/table\u003E\u003Cp\u003EPour l\u2019Alsace-Moselle :\u003Cbr\u003E\u003Cbr\u003ETotalit\u00e9 des salaires : 2,42 % (part salariale : 0,40 % ; part patronale : 2,02 %) \u0026nbsp;\u003Cbr\u003EDans la limite du plafond : 15,45 % (part salariale : 6,90 % ; part patronale : 8,55 %)\u003C\/p\u003E\u003Cp\u003E\u003Cbr\u003E\u2022\u0026nbsp;\u0026nbsp;\u003Cstrong\u003E\u0026nbsp;\u0026nbsp;Valeur du point notarial\u003C\/strong\u003E\u003Cbr\u003E\u003Cbr\u003EValeur du point notarial au 1er janvier 2025 : \u003Cstrong\u003E15,84 \u20ac pour 35 h\u003C\/strong\u003E\u003Cbr\u003E\u0026nbsp;\u003C\/p\u003E\u003C\/div\u003E\u003C\/div\u003E                                            \u003Cp\u003E\u003Cbr \/\u003E\u003Cstrong\u003ESource :\u003C\/strong\u003E\u003Cstrong\u003E\u00a0\u003C\/strong\u003E\u003C\/p\u003E\u003Cul\u003E\u003Cli\u003E\u003Ca href=\u0022https:\/\/www.crpcen.fr\/\u0022 target=\u0022_blank\u0022\u003ECaisse de Retraite et de Pr\u00e9voyance des Clercs et Employ\u00e9s de Notaire\u003C\/a\u003Es\u003C\/li\u003E\u003Cli\u003E\u003Ca href=\u0022https:\/\/www.legifrance.gouv.fr\/loda\/id\/JORFTEXT000000720106#LEGIARTI000036467780\u0022 target=\u0022_blank\u0022\u003ED\u00e9cret n\u00b091-613 du 28 juin 1991 fixant les taux des cotisations de divers r\u00e9gimes sp\u00e9ciaux de s\u00e9curit\u00e9 sociale\u003C\/a\u003E\u003C\/li\u003E\u003Cli\u003E\u003Ca href=\u0022https:\/\/www.urssaf.fr\/files\/live\/sites\/urssaffr\/files\/outils-documentation\/guides\/Guide-CRPCEN.pdf\u0022 target=\u0022_blank\u0022\u003EGuide du d\u00e9clarant des cotisations de la CRPCEN\u003C\/a\u003E\u003C\/li\u003E\u003C\/ul\u003E\u003C\/div\u003E","annee":"2025","theme":" Indices, taux, bar\u00e8mes sociaux","activites":["Professionnels du droit et du chiffre"],"image":"https:\/\/www.weblex.fr\/sites\/default\/files\/chiffres_clef\/Shutterstock_chiffrecleexpertcomptable_1.jpg","created":"2025-12-01","modified":"2025-12-09"},{"url":"\/chiffres-cles\/tableau-des-cotisations-sociales-dues-par-les-artisans-annee-2025","id":27082,"title":"Tableau des cotisations sociales dues par les artisans- Ann\u00e9e 2025","content":"\u003Cdiv\u003E                                              \u003Cp\u003ELa base de calcul et les bar\u00e8mes des cotisations et contributions sociales des travailleurs ind\u00e9pendants vont \u00e9voluer \u00e0 compter de la r\u00e9gularisation des cotisations de l\u2019ann\u00e9e 2025 (apr\u00e8s la d\u00e9claration des revenus 2025, en 2026).\u003Cbr\u003E\u003Cbr\u003E\u003Cstrong\u003E1\/ Assiette et taux des cotisations\u003C\/strong\u003E\u003Cbr\u003E\u003Cbr\u003ETableau r\u00e9capitulatif des cotisations sociales au 1er janvier 2025\u003Cbr\u003E\u0026nbsp;\u0026nbsp;                                \u003C\/p\u003E\u003Cdiv class=\u0022WordSection1\u0022\u003E\u003Ctable class=\u0022MsoTableGrid\u0022 border=\u00221\u0022 cellspacing=\u00220\u0022 cellpadding=\u00220\u0022 width=\u0022614\u0022\u003E\u003Ctbody\u003E\u003Ctr\u003E\u003Ctd width=\u0022132\u0022\u003E\u003Cp class=\u0022MsoNormal\u0022 align=\u0022center\u0022\u003E\u003Cstrong\u003ECotisation\u003C\/strong\u003E\u003C\/p\u003E\u003C\/td\u003E\u003Ctd width=\u0022225\u0022\u003E\u003Cp class=\u0022MsoNormal\u0022 align=\u0022center\u0022\u003E\u003Cstrong\u003EBase de calcul\u003C\/strong\u003E\u003C\/p\u003E\u003C\/td\u003E\u003Ctd width=\u0022257\u0022\u003E\u003Cp class=\u0022MsoNormal\u0022 align=\u0022center\u0022\u003E\u003Cstrong\u003ETaux applicable\u003C\/strong\u003E\u003C\/p\u003E\u003C\/td\u003E\u003C\/tr\u003E\u003Ctr\u003E\u003Ctd width=\u0022132\u0022 rowspan=\u00225\u0022\u003E\u003Cp class=\u0022MsoNormal\u0022 align=\u0022center\u0022\u003EMaladie-maternit\u00e9\u003C\/p\u003E\u003C\/td\u003E\u003Ctd width=\u0022225\u0022\u003E\u003Cp class=\u0022MsoNormal\u0022 align=\u0022center\u0022\u003ERevenus inf\u00e9rieurs \u00e0 18 840 \u20ac\u003C\/p\u003E\u003C\/td\u003E\u003Ctd width=\u0022257\u0022\u003E\u003Cp class=\u0022MsoNormal\u0022 align=\u0022center\u0022\u003E0 %\u003C\/p\u003E\u003C\/td\u003E\u003C\/tr\u003E\u003Ctr\u003E\u003Ctd width=\u0022225\u0022\u003E\u003Cp class=\u0022MsoNormal\u0022 align=\u0022center\u0022\u003E\u0026nbsp;Revenus compris entre 18 840 \u20ac et 28 260 \u20ac\u003C\/p\u003E\u003C\/td\u003E\u003Ctd width=\u0022257\u0022\u003E\u003Cp class=\u0022MsoNormal\u0022 align=\u0022center\u0022\u003ETaux progressif :\u003C\/p\u003E\u003Cp class=\u0022MsoNormal\u0022 align=\u0022center\u0022\u003E0,5 % \u00e0 4,5 %\u003C\/p\u003E\u003C\/td\u003E\u003C\/tr\u003E\u003Ctr\u003E\u003Ctd width=\u0022225\u0022\u003E\u003Cp class=\u0022MsoNormal\u0022 align=\u0022center\u0022\u003ERevenus sup\u00e9rieurs \u00e0 28 260 \u20ac et jusqu\u2019\u00e0 51 810 \u20ac\u003C\/p\u003E\u003C\/td\u003E\u003Ctd width=\u0022257\u0022\u003E\u003Cp class=\u0022MsoNormal\u0022 align=\u0022center\u0022\u003EDe 4,50 % \u00e0 7,20 %\u003C\/p\u003E\u003C\/td\u003E\u003C\/tr\u003E\u003Ctr\u003E\u003Ctd width=\u0022225\u0022\u003E\u003Cp class=\u0022MsoNormal\u0022\u003ERevenus compris entre 51 810 \u20ac et 235 500 \u20ac inclus\u003C\/p\u003E\u003Cp class=\u0022MsoNormal\u0022 align=\u0022center\u0022\u003E\u0026nbsp;\u003C\/p\u003E\u003C\/td\u003E\u003Ctd width=\u0022257\u0022\u003E\u003Cp class=\u0022MsoNormal\u0022 align=\u0022center\u0022\u003E7,20%\u003C\/p\u003E\u003C\/td\u003E\u003C\/tr\u003E\u003Ctr\u003E\u003Ctd width=\u0022225\u0022\u003E\u003Cp class=\u0022MsoNormal\u0022 align=\u0022center\u0022\u003EFraction des revenus sup\u00e9rieure 235 500 \u20ac\u003C\/p\u003E\u003C\/td\u003E\u003Ctd width=\u0022257\u0022\u003E\u003Cp class=\u0022MsoNormal\u0022 align=\u0022center\u0022\u003E6,50 %\u003C\/p\u003E\u003C\/td\u003E\u003C\/tr\u003E\u003Ctr\u003E\u003Ctd width=\u0022132\u0022\u003E\u003Cp class=\u0022MsoNormal\u0022 align=\u0022center\u0022\u003EIndemnit\u00e9s journali\u00e8res de s\u00e9curit\u00e9 sociales\u003C\/p\u003E\u003C\/td\u003E\u003Ctd width=\u0022225\u0022\u003E\u003Cp class=\u0022MsoNormal\u0022 align=\u0022center\u0022\u003ERevenus inf\u00e9rieurs \u00e0 235\u0026nbsp;500 \u20ac\u003C\/p\u003E\u003C\/td\u003E\u003Ctd width=\u0022257\u0022\u003E\u003Cp class=\u0022MsoNormal\u0022 align=\u0022center\u0022\u003E0,50%\u003C\/p\u003E\u003C\/td\u003E\u003C\/tr\u003E\u003Ctr\u003E\u003Ctd width=\u0022132\u0022 rowspan=\u00223\u0022\u003E\u003Cp class=\u0022MsoNormal\u0022 align=\u0022center\u0022\u003EAllocations familiales\u0026nbsp;\u003C\/p\u003E\u003C\/td\u003E\u003Ctd width=\u0022225\u0022\u003E\u003Cp class=\u0022MsoNormal\u0022 align=\u0022center\u0022\u003ERevenus inf\u00e9rieurs \u00e0 51 810\u20ac (110\u0026nbsp;% du plafond annuel de la S\u00e9curit\u00e9 sociale)\u003C\/p\u003E\u003C\/td\u003E\u003Ctd width=\u0022257\u0022\u003E\u003Cp class=\u0022MsoNormal\u0022 align=\u0022center\u0022\u003E0 %\u003C\/p\u003E\u003C\/td\u003E\u003C\/tr\u003E\u003Ctr\u003E\u003Ctd width=\u0022225\u0022\u003E\u003Cp class=\u0022MsoNormal\u0022 align=\u0022center\u0022\u003ERevenus compris entre 51 810 \u20ac et 57 740 \u20ac (110 % et 140 % du Pass)\u003C\/p\u003E\u003C\/td\u003E\u003Ctd width=\u0022257\u0022\u003E\u003Cp class=\u0022MsoNormal\u0022 align=\u0022center\u0022\u003ETaux progressif\u0026nbsp;:\u003C\/p\u003E\u003Cp class=\u0022MsoNormal\u0022 align=\u0022center\u0022\u003E0 \u00e0 3,10 %\u003C\/p\u003E\u003C\/td\u003E\u003C\/tr\u003E\u003Ctr\u003E\u003Ctd width=\u0022225\u0022\u003E\u003Cp class=\u0022MsoNormal\u0022 align=\u0022center\u0022\u003ERevenus sup\u00e9rieurs \u00e0 57 540\u20ac (140 % du Pass)\u003C\/p\u003E\u003C\/td\u003E\u003Ctd width=\u0022257\u0022\u003E\u003Cp class=\u0022MsoNormal\u0022 align=\u0022center\u0022\u003E3,10 %\u003C\/p\u003E\u003C\/td\u003E\u003C\/tr\u003E\u003Ctr\u003E\u003Ctd width=\u0022132\u0022 rowspan=\u00222\u0022\u003E\u003Cp class=\u0022MsoNormal\u0022 align=\u0022center\u0022\u003ERetraite de base\u003C\/p\u003E\u003C\/td\u003E\u003Ctd width=\u0022225\u0022\u003E\u003Cp class=\u0022MsoNormal\u0022 align=\u0022center\u0022\u003EDans la limite de 47 100 \u20ac\u003C\/p\u003E\u003C\/td\u003E\u003Ctd width=\u0022257\u0022\u003E\u003Cp class=\u0022MsoNormal\u0022 align=\u0022center\u0022\u003E17,75 %\u003C\/p\u003E\u003C\/td\u003E\u003C\/tr\u003E\u003Ctr\u003E\u003Ctd width=\u0022225\u0022\u003E\u003Cp class=\u0022MsoNormal\u0022 align=\u0022center\u0022\u003EAu-del\u00e0 de 47 100\u20ac\u003C\/p\u003E\u003C\/td\u003E\u003Ctd width=\u0022257\u0022\u003E\u003Cp class=\u0022MsoNormal\u0022 align=\u0022center\u0022\u003E0,60 %\u003C\/p\u003E\u003C\/td\u003E\u003C\/tr\u003E\u003Ctr\u003E\u003Ctd width=\u0022132\u0022 rowspan=\u00222\u0022\u003E\u003Cp class=\u0022MsoNormal\u0022 align=\u0022center\u0022\u003ERetraite compl\u00e9mentaire\u003C\/p\u003E\u003C\/td\u003E\u003Ctd width=\u0022225\u0022\u003E\u003Cp class=\u0022MsoNormal\u0022 align=\u0022center\u0022\u003EDans la limite de 43 891 \u20ac\u003C\/p\u003E\u003C\/td\u003E\u003Ctd width=\u0022257\u0022\u003E\u003Cp class=\u0022MsoNormal\u0022 align=\u0022center\u0022\u003E7 %\u003C\/p\u003E\u003C\/td\u003E\u003C\/tr\u003E\u003Ctr\u003E\u003Ctd width=\u0022225\u0022\u003E\u003Cp class=\u0022MsoNormal\u0022 align=\u0022center\u0022\u003EEntre 43 891 \u20ac et 188 400 \u20ac (4 PASS)\u003C\/p\u003E\u003C\/td\u003E\u003Ctd width=\u0022257\u0022\u003E\u003Cp class=\u0022MsoNormal\u0022 align=\u0022center\u0022\u003E8 %\u003C\/p\u003E\u003C\/td\u003E\u003C\/tr\u003E\u003Ctr\u003E\u003Ctd width=\u0022132\u0022\u003E\u003Cp class=\u0022MsoNormal\u0022 align=\u0022center\u0022\u003EInvalidit\u00e9 \u2013 D\u00e9c\u00e8s\u003C\/p\u003E\u003C\/td\u003E\u003Ctd width=\u0022225\u0022\u003E\u003Cp class=\u0022MsoNormal\u0022 align=\u0022center\u0022\u003EDans la limite de 47 100 \u20ac\u003C\/p\u003E\u003C\/td\u003E\u003Ctd width=\u0022257\u0022\u003E\u003Cp class=\u0022MsoNormal\u0022 align=\u0022center\u0022\u003E1,30 %\u003C\/p\u003E\u003C\/td\u003E\u003C\/tr\u003E\u003Ctr\u003E\u003Ctd width=\u0022132\u0022 rowspan=\u00222\u0022\u003E\u003Cp class=\u0022MsoNormal\u0022 align=\u0022center\u0022\u003ECSG\/CRDS\u003C\/p\u003E\u003C\/td\u003E\u003Ctd width=\u0022225\u0022\u003E\u003Cp class=\u0022MsoNormal\u0022 align=\u0022center\u0022\u003EMontant du revenu professionnel + cotisations sociales obligatoires\u003C\/p\u003E\u003C\/td\u003E\u003Ctd width=\u0022257\u0022\u003E\u003Cp class=\u0022MsoNormal\u0022 align=\u0022center\u0022\u003E9,70 %\u003C\/p\u003E\u003C\/td\u003E\u003C\/tr\u003E\u003Ctr\u003E\u003Ctd width=\u0022225\u0022\u003E\u003Cp class=\u0022MsoNormal\u0022 align=\u0022center\u0022\u003ERevenus de remplacement\u003C\/p\u003E\u003C\/td\u003E\u003Ctd width=\u0022257\u0022\u003E\u003Cp class=\u0022MsoNormal\u0022 align=\u0022center\u0022\u003E6,70 %\u003C\/p\u003E\u003C\/td\u003E\u003C\/tr\u003E\u003Ctr\u003E\u003Ctd width=\u0022132\u0022\u003E\u003Cp class=\u0022MsoNormal\u0022 align=\u0022center\u0022\u003EContribution \u00e0 la formation professionnelle\u003C\/p\u003E\u003C\/td\u003E\u003Ctd width=\u0022225\u0022\u003E\u003Cp class=\u0022MsoNormal\u0022 align=\u0022center\u0022\u003ESur la base de 47 100 \u20ac\u003C\/p\u003E\u003C\/td\u003E\u003Ctd width=\u0022257\u0022\u003E\u003Cp class=\u0022MsoNormal\u0022 align=\u0022center\u0022\u003E0,29 % Soit 137\u20ac\u003C\/p\u003E\u003C\/td\u003E\u003C\/tr\u003E\u003C\/tbody\u003E\u003C\/table\u003E\u003Cp\u003E\u003Cstrong\u003E2\/ Assiette et cotisations minimales\u003C\/strong\u003E\u0026nbsp;                                                \u003C\/p\u003E\u003Cdiv class=\u0022WordSection1\u0022\u003E\u003Ctable class=\u0022MsoTableGrid\u0022 border=\u00221\u0022 cellspacing=\u00220\u0022 cellpadding=\u00220\u0022 width=\u0022614\u0022\u003E\u003Ctbody\u003E\u003Ctr\u003E\u003Ctd width=\u0022129\u0022\u003E\u003Cp class=\u0022MsoNormal\u0022 align=\u0022center\u0022\u003E\u003Cstrong\u003ECotisation\u003C\/strong\u003E\u003C\/p\u003E\u003C\/td\u003E\u003Ctd width=\u0022230\u0022\u003E\u003Cp class=\u0022MsoNormal\u0022 align=\u0022center\u0022\u003E\u003Cstrong\u003EAssiette minimale\u003C\/strong\u003E\u003C\/p\u003E\u003C\/td\u003E\u003Ctd width=\u0022255\u0022\u003E\u003Cp class=\u0022MsoNormal\u0022 align=\u0022center\u0022\u003E\u003Cstrong\u003ECotisation minimale pour les artisans\u003C\/strong\u003E\u003C\/p\u003E\u003C\/td\u003E\u003C\/tr\u003E\u003Ctr\u003E\u003Ctd width=\u0022129\u0022\u003E\u003Cp class=\u0022MsoNormal\u0022 align=\u0022center\u0022\u003EMaladie (y compris indemnit\u00e9s journali\u00e8res)\u003C\/p\u003E\u003C\/td\u003E\u003Ctd width=\u0022230\u0022\u003E\u003Cp class=\u0022MsoNormal\u0022 align=\u0022center\u0022\u003E18\u0026nbsp;840 \u20ac\u003C\/p\u003E\u003C\/td\u003E\u003Ctd width=\u0022255\u0022\u003E\u003Cp class=\u0022MsoNormal\u0022 align=\u0022center\u0022\u003E0,50 %\u0026nbsp;\u003Cbr\u003E\u003Cbr\u003E94 \u20ac\u003Cbr\u003E\u003Cbr\u003Emaladie 1\u0026nbsp;: 0%, 0 \u20ac\u003Cbr\u003Emaladie 2\u0026nbsp;: 0,5 % 94\u20ac\u003C\/p\u003E\u003C\/td\u003E\u003C\/tr\u003E\u003Ctr\u003E\u003Ctd width=\u0022129\u0022\u003E\u003Cp class=\u0022MsoNormal\u0022 align=\u0022center\u0022\u003ERetraite de base\u003C\/p\u003E\u003C\/td\u003E\u003Ctd width=\u0022230\u0022\u003E\u003Cp class=\u0022MsoNormal\u0022 align=\u0022center\u0022\u003E5 346 \u20ac\u0026nbsp;\u003Cbr\u003E(450 heures du SMIC)\u003C\/p\u003E\u003C\/td\u003E\u003Ctd width=\u0022255\u0022\u003E\u003Cp class=\u0022MsoNormal\u0022 align=\u0022center\u0022\u003E17,75 %\u003C\/p\u003E\u003Cp class=\u0022MsoNormal\u0022 align=\u0022center\u0022\u003E949 \u20ac\u003C\/p\u003E\u003C\/td\u003E\u003C\/tr\u003E\u003Ctr\u003E\u003Ctd width=\u0022129\u0022\u003E\u003Cp class=\u0022MsoNormal\u0022 align=\u0022center\u0022\u003EInvalidit\u00e9 \u2013 D\u00e9c\u00e8s\u003C\/p\u003E\u003C\/td\u003E\u003Ctd width=\u0022230\u0022\u003E\u003Cp class=\u0022MsoNormal\u0022 align=\u0022center\u0022\u003E5\u0026nbsp;417 \u20ac\u0026nbsp;\u003Cbr\u003E(11,5 % du PASS)\u003C\/p\u003E\u003C\/td\u003E\u003Ctd width=\u0022255\u0022\u003E\u003Cp class=\u0022MsoNormal\u0022 align=\u0022center\u0022\u003E1,3 %\u003C\/p\u003E\u003Cp class=\u0022MsoNormal\u0022 align=\u0022center\u0022\u003E70 \u20ac\u003C\/p\u003E\u003C\/td\u003E\u003C\/tr\u003E\u003Ctr\u003E\u003Ctd width=\u0022129\u0022\u003E\u003Cp class=\u0022MsoNormal\u0022 align=\u0022center\u0022\u003EFormation professionnelle au titre de l\u2019ann\u00e9e 2025\u003C\/p\u003E\u003C\/td\u003E\u003Ctd width=\u0022230\u0022\u003E\u003Cp class=\u0022MsoNormal\u0022 align=\u0022center\u0022\u003EPas d\u2019assiette minimale, assise sur une base forfaitaire de 47\u0026nbsp;100 \u20ac (soit 1 PASS)\u003C\/p\u003E\u003C\/td\u003E\u003Ctd width=\u0022255\u0022\u003E\u003Cp class=\u0022MsoNormal\u0022 align=\u0022center\u0022\u003E0,29 %\u003C\/p\u003E\u003Cp class=\u0022MsoNormal\u0022 align=\u0022center\u0022\u003E137 \u20ac\u003C\/p\u003E\u003C\/td\u003E\u003C\/tr\u003E\u003C\/tbody\u003E\u003C\/table\u003E\u003Cp\u003EIl n\u2019existe pas de cotisation minimale ni pour la maladie, ni pour la retraite compl\u00e9mentaire, ni pour les allocations familiales ou la CSG\/CRDS.\u003Cbr\u003E\u003Cbr\u003E\u003Cstrong\u003E3\/ Assiette et cotisations forfaitaires provisionnelles au titre des 2 premi\u00e8res ann\u00e9es d\u2019activit\u00e9\u003C\/strong\u003E\u003C\/p\u003E\u003Cp\u003EEn cas de cr\u00e9ation d\u2019entreprise en 2025, vous pouvez b\u00e9n\u00e9ficier de l\u2019ACRE pendant 12 mois, sous certaines cotisations.\u0026nbsp;                                                \u003C\/p\u003E\u003Cdiv class=\u0022WordSection1\u0022\u003E\u003Ctable class=\u0022MsoTableGrid\u0022 border=\u00221\u0022 cellspacing=\u00220\u0022 cellpadding=\u00220\u0022\u003E\u003Ctbody\u003E\u003Ctr\u003E\u003Ctd width=\u0022604\u0022 colspan=\u00222\u0022 valign=\u0022top\u0022\u003E\u003Cp class=\u0022MsoNormal\u0022 align=\u0022center\u0022\u003E\u003Cstrong\u003EExon\u00e9ration ACRE selon les revenus\u003C\/strong\u003E\u003C\/p\u003E\u003C\/td\u003E\u003C\/tr\u003E\u003Ctr\u003E\u003Ctd width=\u0022302\u0022 valign=\u0022top\u0022\u003E\u003Cp class=\u0022MsoNormal\u0022 align=\u0022center\u0022\u003E\u003Cstrong\u003EREVENU\u003C\/strong\u003E\u003C\/p\u003E\u003C\/td\u003E\u003Ctd width=\u0022302\u0022 valign=\u0022top\u0022\u003E\u003Cp class=\u0022MsoNormal\u0022 align=\u0022center\u0022\u003E\u003Cstrong\u003ENATURE DE L\u2019EXON\u00c9RATION\u003C\/strong\u003E\u003C\/p\u003E\u003C\/td\u003E\u003C\/tr\u003E\u003Ctr\u003E\u003Ctd width=\u0022302\u0022 valign=\u0022top\u0022\u003E\u003Cp class=\u0022MsoNormal\u0022 align=\u0022center\u0022\u003ERevenu \u0026lt; 35\u0026nbsp;325 \u20ac\u003C\/p\u003E\u003Cp class=\u0022MsoNormal\u0022 align=\u0022center\u0022\u003E(75 % du PASS)\u003C\/p\u003E\u003C\/td\u003E\u003Ctd width=\u0022302\u0022 valign=\u0022top\u0022\u003E\u003Cp class=\u0022MsoNormal\u0022 align=\u0022center\u0022\u003EExon\u00e9ration totale de ces cotisations\u003C\/p\u003E\u003C\/td\u003E\u003C\/tr\u003E\u003Ctr\u003E\u003Ctd width=\u0022302\u0022 valign=\u0022top\u0022\u003E\u003Cp class=\u0022MsoNormal\u0022 align=\u0022center\u0022\u003E35 325 \u20ac \u0026lt; revenu \u0026lt; 47 100 \u20ac\u003C\/p\u003E\u003Cp class=\u0022MsoNormal\u0022 align=\u0022center\u0022\u003E(75% du PASS \u0026lt; revenu \u0026lt; 100% PASS)\u003C\/p\u003E\u003C\/td\u003E\u003Ctd width=\u0022302\u0022 valign=\u0022top\u0022\u003E\u003Cp class=\u0022MsoNormal\u0022 align=\u0022center\u0022\u003EExon\u00e9ration d\u00e9gressive\u003C\/p\u003E\u003C\/td\u003E\u003C\/tr\u003E\u003Ctr\u003E\u003Ctd width=\u0022302\u0022 valign=\u0022top\u0022\u003E\u003Cp class=\u0022MsoNormal\u0022 align=\u0022center\u0022\u003ERevenu \u0026gt; 47 100 \u20ac\u003C\/p\u003E\u003Cp class=\u0022MsoNormal\u0022 align=\u0022center\u0022\u003E(1PASS)\u003C\/p\u003E\u003C\/td\u003E\u003Ctd width=\u0022302\u0022 valign=\u0022top\u0022\u003E\u003Cp class=\u0022MsoNormal\u0022 align=\u0022center\u0022\u003EPas d\u2019exon\u00e9ration\u003C\/p\u003E\u003Cp class=\u0022MsoNormal\u0022 align=\u0022center\u0022\u003E\u0026nbsp;\u003C\/p\u003E\u003C\/td\u003E\u003C\/tr\u003E\u003C\/tbody\u003E\u003C\/table\u003E\u003Cp class=\u0022MsoNormal\u0022\u003EDurant cette p\u00e9riode, les cotisations non exon\u00e9r\u00e9es sont calcul\u00e9es sur une base forfaitaire, dont le montant est proratis\u00e9 pour un d\u00e9but d\u2019activit\u00e9 en cours d\u2019ann\u00e9e 2025.\u0026nbsp;Durant cette p\u00e9riode, les cotisations non exon\u00e9r\u00e9es sont calcul\u00e9es sur une base forfaitaire, dont le montant est proratis\u00e9 pour un d\u00e9but d\u2019activit\u00e9 en cours d\u2019ann\u00e9e 2025.\u0026nbsp;                                \u003C\/p\u003E\u003Cdiv class=\u0022WordSection1\u0022\u003E\u003Ctable class=\u0022MsoTableGrid\u0022 border=\u00221\u0022 cellspacing=\u00220\u0022 cellpadding=\u00220\u0022\u003E\u003Ctbody\u003E\u003Ctr\u003E\u003Ctd width=\u0022604\u0022 colspan=\u00223\u0022 valign=\u0022top\u0022\u003E\u003Cp class=\u0022MsoNormal\u0022 align=\u0022center\u0022\u003E\u003Cstrong\u003ECotisations non exon\u00e9r\u00e9es, calcul\u00e9es sur une base forfaitaire\u003C\/strong\u003E\u003C\/p\u003E\u003C\/td\u003E\u003C\/tr\u003E\u003Ctr\u003E\u003Ctd width=\u0022201\u0022 valign=\u0022top\u0022\u003E\u003Cp class=\u0022MsoNormal\u0022 align=\u0022center\u0022\u003E\u003Cstrong\u003ECotisation\u003C\/strong\u003E\u003C\/p\u003E\u003C\/td\u003E\u003Ctd width=\u0022201\u0022 valign=\u0022top\u0022\u003E\u003Cp class=\u0022MsoNormal\u0022 align=\u0022center\u0022\u003E\u003Cstrong\u003EBase forfaitaire de calcul\u003C\/strong\u003E\u003C\/p\u003E\u003C\/td\u003E\u003Ctd width=\u0022201\u0022 valign=\u0022top\u0022\u003E\u003Cp class=\u0022MsoNormal\u0022 align=\u0022center\u0022\u003E\u003Cstrong\u003ETaux et montant annuel\u003C\/strong\u003E\u003C\/p\u003E\u003C\/td\u003E\u003C\/tr\u003E\u003Ctr\u003E\u003Ctd width=\u0022201\u0022 valign=\u0022top\u0022\u003E\u003Cp class=\u0022MsoNormal\u0022 align=\u0022center\u0022\u003ERetraite compl\u00e9mentaire\u003C\/p\u003E\u003C\/td\u003E\u003Ctd width=\u0022201\u0022 valign=\u0022top\u0022\u003E\u003Cp class=\u0022MsoNormal\u0022 align=\u0022center\u0022\u003E8 949 \u20ac\u003C\/p\u003E\u003Cp class=\u0022MsoNormal\u0022 align=\u0022center\u0022\u003E(19 % du PASS)\u003C\/p\u003E\u003C\/td\u003E\u003Ctd width=\u0022201\u0022 valign=\u0022top\u0022\u003E\u003Cp class=\u0022MsoNormal\u0022 align=\u0022center\u0022\u003E7 %\u003C\/p\u003E\u003Cp class=\u0022MsoNormal\u0022 align=\u0022center\u0022\u003E626 \u20ac\u003C\/p\u003E\u003C\/td\u003E\u003C\/tr\u003E\u003Ctr\u003E\u003Ctd width=\u0022201\u0022 valign=\u0022top\u0022\u003E\u003Cp class=\u0022MsoNormal\u0022 align=\u0022center\u0022\u003ECSG-CRDS\u003C\/p\u003E\u003C\/td\u003E\u003Ctd width=\u0022201\u0022 valign=\u0022top\u0022\u003E\u003Cp class=\u0022MsoNormal\u0022 align=\u0022center\u0022\u003E8 949\u20ac\u003C\/p\u003E\u003Cp class=\u0022MsoNormal\u0022 align=\u0022center\u0022\u003E(19 % du PASS)\u003C\/p\u003E\u003C\/td\u003E\u003Ctd width=\u0022201\u0022 valign=\u0022top\u0022\u003E\u003Cp class=\u0022MsoNormal\u0022 align=\u0022center\u0022\u003E9,7 %\u003C\/p\u003E\u003Cp class=\u0022MsoNormal\u0022 align=\u0022center\u0022\u003E868 \u20ac\u003C\/p\u003E\u003C\/td\u003E\u003C\/tr\u003E\u003Ctr\u003E\u003Ctd width=\u0022201\u0022 valign=\u0022top\u0022\u003E\u003Cp class=\u0022MsoNormal\u0022 align=\u0022center\u0022\u003EFormation Professionnelle (CFP)\u003Cbr\u003EArtisans\u003C\/p\u003E\u003C\/td\u003E\u003Ctd width=\u0022201\u0022 valign=\u0022top\u0022\u003E\u003Cp class=\u0022MsoNormal\u0022 align=\u0022center\u0022\u003E47 100 \u20ac\u003C\/p\u003E\u003Cp class=\u0022MsoNormal\u0022 align=\u0022center\u0022\u003E(1 PASS)\u003C\/p\u003E\u003C\/td\u003E\u003Ctd width=\u0022201\u0022 valign=\u0022top\u0022\u003E\u003Cp class=\u0022MsoNormal\u0022 align=\u0022center\u0022\u003E0,29 %\u003C\/p\u003E\u003Cp class=\u0022MsoNormal\u0022 align=\u0022center\u0022\u003E137\u20ac\u003C\/p\u003E\u003C\/td\u003E\u003C\/tr\u003E\u003C\/tbody\u003E\u003C\/table\u003E\u003Cp\u003EEn cas d\u2019exon\u00e9ration ACRE d\u00e9gressive ou en cas d\u0027absence d\u2019exon\u00e9ration, un compl\u00e9ment de cotisations, non exon\u00e9r\u00e9es en 2024, sera r\u00e9clam\u00e9, apr\u00e8s la r\u00e9alisation de la d\u00e9claration de revenus.\u003C\/p\u003E\u003C\/div\u003E\u003C\/div\u003E\u003C\/div\u003E\u003C\/div\u003E\u003Cdiv class=\u0022WordSection1\u0022\u003E\u003Ctable class=\u0022MsoTableGrid\u0022 border=\u00221\u0022 cellspacing=\u00220\u0022 cellpadding=\u00220\u0022\u003E\u003Ctbody\u003E\u003Ctr\u003E\u003Ctd width=\u0022604\u0022 colspan=\u00223\u0022 valign=\u0022top\u0022\u003E\u003Cp class=\u0022MsoNormal\u0022 align=\u0022center\u0022\u003E\u003Cstrong\u003EMontants des cotisations de 1re ann\u00e9e d\u2019activit\u00e9 2025 sans exon\u00e9ration ACRE\u003C\/strong\u003E\u003C\/p\u003E\u003C\/td\u003E\u003C\/tr\u003E\u003Ctr\u003E\u003Ctd width=\u0022201\u0022 valign=\u0022top\u0022\u003E\u003Cp class=\u0022MsoNormal\u0022 align=\u0022center\u0022\u003E\u003Cstrong\u003ECotisation\u003C\/strong\u003E\u003C\/p\u003E\u003C\/td\u003E\u003Ctd width=\u0022201\u0022 valign=\u0022top\u0022\u003E\u003Cp class=\u0022MsoNormal\u0022 align=\u0022center\u0022\u003E\u003Cstrong\u003ER\u00e8gles et bases de calcul\u003C\/strong\u003E\u003C\/p\u003E\u003C\/td\u003E\u003Ctd width=\u0022201\u0022 valign=\u0022top\u0022\u003E\u003Cp class=\u0022MsoNormal\u0022 align=\u0022center\u0022\u003E\u003Cstrong\u003EMontant de la cotisation\u003C\/strong\u003E\u003C\/p\u003E\u003C\/td\u003E\u003C\/tr\u003E\u003Ctr\u003E\u003Ctd width=\u0022201\u0022 valign=\u0022top\u0022\u003E\u003Cp class=\u0022MsoNormal\u0022 align=\u0022center\u0022\u003ERetraite de base\u003C\/p\u003E\u003C\/td\u003E\u003Ctd width=\u0022201\u0022 valign=\u0022top\u0022\u003E\u003Cp class=\u0022MsoNormal\u0022 align=\u0022center\u0022\u003E8 949 \u20ac\u003C\/p\u003E\u003Cp class=\u0022MsoNormal\u0022 align=\u0022center\u0022\u003E(19 % PASS)\u003C\/p\u003E\u003C\/td\u003E\u003Ctd width=\u0022201\u0022 valign=\u0022top\u0022\u003E\u003Cp class=\u0022MsoNormal\u0022 align=\u0022center\u0022\u003E1 588 \u20ac\u003C\/p\u003E\u003C\/td\u003E\u003C\/tr\u003E\u003Ctr\u003E\u003Ctd width=\u0022201\u0022 valign=\u0022top\u0022\u003E\u003Cp class=\u0022MsoNormal\u0022 align=\u0022center\u0022\u003ERetraite compl\u00e9mentaire\u003C\/p\u003E\u003C\/td\u003E\u003Ctd width=\u0022201\u0022 valign=\u0022top\u0022\u003E\u003Cp class=\u0022MsoNormal\u0022 align=\u0022center\u0022\u003E8 949 \u20ac\u003C\/p\u003E\u003Cp class=\u0022MsoNormal\u0022 align=\u0022center\u0022\u003E(19 % PASS)\u003C\/p\u003E\u003C\/td\u003E\u003Ctd width=\u0022201\u0022 valign=\u0022top\u0022\u003E\u003Cp class=\u0022MsoNormal\u0022 align=\u0022center\u0022\u003E626 \u20ac\u003C\/p\u003E\u003C\/td\u003E\u003C\/tr\u003E\u003Ctr\u003E\u003Ctd width=\u0022201\u0022 valign=\u0022top\u0022\u003E\u003Cp class=\u0022MsoNormal\u0022 align=\u0022center\u0022\u003EInvalidit\u00e9 - d\u00e9c\u00e8s\u003C\/p\u003E\u003C\/td\u003E\u003Ctd width=\u0022201\u0022 valign=\u0022top\u0022\u003E\u003Cp class=\u0022MsoNormal\u0022 align=\u0022center\u0022\u003E8 949 \u20ac\u003C\/p\u003E\u003Cp class=\u0022MsoNormal\u0022 align=\u0022center\u0022\u003E(19 % PASS)\u003C\/p\u003E\u003C\/td\u003E\u003Ctd width=\u0022201\u0022 valign=\u0022top\u0022\u003E\u003Cp class=\u0022MsoNormal\u0022 align=\u0022center\u0022\u003E116 \u20ac\u003C\/p\u003E\u003C\/td\u003E\u003C\/tr\u003E\u003Ctr\u003E\u003Ctd width=\u0022201\u0022 valign=\u0022top\u0022\u003E\u003Cp class=\u0022MsoNormal\u0022 align=\u0022center\u0022\u003EMaladie\u003C\/p\u003E\u003C\/td\u003E\u003Ctd width=\u0022201\u0022 valign=\u0022top\u0022\u003E\u003Cp class=\u0022MsoNormal\u0022 align=\u0022center\u0022\u003E18 840 \u20ac\u003C\/p\u003E\u003Cp class=\u0022MsoNormal\u0022 align=\u0022center\u0022\u003E(40 % PASS)\u003C\/p\u003E\u003C\/td\u003E\u003Ctd width=\u0022201\u0022 valign=\u0022top\u0022\u003E\u003Cp class=\u0022MsoNormal\u0022 align=\u0022center\u0022\u003E0 \u20ac\u003C\/p\u003E\u003C\/td\u003E\u003C\/tr\u003E\u003Ctr\u003E\u003Ctd width=\u0022201\u0022 valign=\u0022top\u0022\u003E\u003Cp class=\u0022MsoNormal\u0022 align=\u0022center\u0022\u003EIndemnit\u00e9s journali\u00e8res\u003C\/p\u003E\u003C\/td\u003E\u003Ctd width=\u0022201\u0022 valign=\u0022top\u0022\u003E\u003Cp class=\u0022MsoNormal\u0022 align=\u0022center\u0022\u003E18 840 \u20ac\u003C\/p\u003E\u003Cp class=\u0022MsoNormal\u0022 align=\u0022center\u0022\u003E(40 % PASS)\u003C\/p\u003E\u003C\/td\u003E\u003Ctd width=\u0022201\u0022 valign=\u0022top\u0022\u003E\u003Cp class=\u0022MsoNormal\u0022 align=\u0022center\u0022\u003E94 \u20ac\u003C\/p\u003E\u003C\/td\u003E\u003C\/tr\u003E\u003Ctr\u003E\u003Ctd width=\u0022201\u0022 valign=\u0022top\u0022\u003E\u003Cp class=\u0022MsoNormal\u0022 align=\u0022center\u0022\u003EAllocations familiales\u003C\/p\u003E\u003C\/td\u003E\u003Ctd width=\u0022201\u0022 valign=\u0022top\u0022\u003E\u003Cp class=\u0022MsoNormal\u0022 align=\u0022center\u0022\u003E8 949\u20ac\u003C\/p\u003E\u003Cp class=\u0022MsoNormal\u0022 align=\u0022center\u0022\u003E(19 % PASS)\u003C\/p\u003E\u003C\/td\u003E\u003Ctd width=\u0022201\u0022 valign=\u0022top\u0022\u003E\u003Cp class=\u0022MsoNormal\u0022 align=\u0022center\u0022\u003E0 \u20ac\u003C\/p\u003E\u003C\/td\u003E\u003C\/tr\u003E\u003Ctr\u003E\u003Ctd width=\u0022201\u0022 valign=\u0022top\u0022\u003E\u003Cp class=\u0022MsoNormal\u0022 align=\u0022center\u0022\u003ECSG\/ CRDS\u003C\/p\u003E\u003C\/td\u003E\u003Ctd width=\u0022201\u0022 valign=\u0022top\u0022\u003E\u003Cp class=\u0022MsoNormal\u0022 align=\u0022center\u0022\u003E8 949 \u20ac\u003C\/p\u003E\u003Cp class=\u0022MsoNormal\u0022 align=\u0022center\u0022\u003E(19 % PASS)\u003C\/p\u003E\u003C\/td\u003E\u003Ctd width=\u0022201\u0022 valign=\u0022top\u0022\u003E\u003Cp class=\u0022MsoNormal\u0022 align=\u0022center\u0022\u003E868 \u20ac\u003C\/p\u003E\u003C\/td\u003E\u003C\/tr\u003E\u003Ctr\u003E\u003Ctd width=\u0022201\u0022 valign=\u0022top\u0022\u003E\u003Cp class=\u0022MsoNormal\u0022 align=\u0022center\u0022\u003ECFP due au titre de 2025 et payable en novembre 2025\u003C\/p\u003E\u003C\/td\u003E\u003Ctd width=\u0022201\u0022 valign=\u0022top\u0022\u003E\u003Cp class=\u0022MsoNormal\u0022 align=\u0022center\u0022\u003E0,29 % de 47 100 \u20ac\u003C\/p\u003E\u003Cp class=\u0022MsoNormal\u0022 align=\u0022center\u0022\u003E(1 PASS)\u003C\/p\u003E\u003C\/td\u003E\u003Ctd width=\u0022201\u0022 valign=\u0022top\u0022\u003E\u003Cp class=\u0022MsoNormal\u0022 align=\u0022center\u0022\u003E137 \u20ac\u003C\/p\u003E\u003C\/td\u003E\u003C\/tr\u003E\u003C\/tbody\u003E\u003C\/table\u003E\u003Cp class=\u0022MsoNormal\u0022\u003E\u0026nbsp;\u003C\/p\u003E\u003C\/div\u003E                                            \u003Cp\u003E\u003Cbr \/\u003E\u003Cstrong\u003ESource :\u003C\/strong\u003E\u003Cstrong\u003E\u00a0\u003C\/strong\u003E\u003C\/p\u003E\u003Cul\u003E\u003Cli\u003E\u003Ca href=\u0022https:\/\/secu-independants.fr\/cotisations\/calcul-cotisations\/taux-cotisations\u0022 target=\u0022_blank\u0022\u003EAssiette et taux de cotisations 2025 - Conseil de protection sociale des travailleurs ind\u00e9pendants\u003C\/a\u003E\u003C\/li\u003E\u003Cli\u003E\u003Ca href=\u0022https:\/\/www.urssaf.fr\/accueil\/outils-documentation\/taux-baremes\/taux-cotisations-ac-plnr.html\u0022 target=\u0022_blank\u0022\u003ETaux de cotisations - Artisan, commer\u00e7ant et profession lib\u00e9rale non r\u00e9glement\u00e9e - Urssaf.fr\u003C\/a\u003E\u003C\/li\u003E\u003C\/ul\u003E\u003C\/div\u003E","annee":"2025","theme":" Indices, taux, bar\u00e8mes sociaux","activites":["Artisan"],"image":"https:\/\/www.weblex.fr\/sites\/default\/files\/chiffres_clef\/Shutterstock_chargesartisans.jpg","created":"2025-12-01","modified":"2025-12-09"},{"url":"\/chiffres-cles\/tableau-des-cotisations-sociales-dues-par-les-medecins-du-secteur-1-annee-2025","id":27475,"title":"Tableau des cotisations sociales dues par les m\u00e9decins du secteur 1 - Ann\u00e9e 2025 ","content":"\u003Cdiv\u003E                                              \u003Cp\u003EL\u2019article 18 de la loi de financement de la S\u00e9curit\u00e9 sociale pour 2024 (loi 2023-1250 du 26 d\u00e9cembre 2023) r\u00e9forme l\u2019assiette des cotisations et contributions sociales des travailleurs ind\u00e9pendants, \u00e0 compter de la r\u00e9gularisation des cotisations de l\u2019ann\u00e9e 2025 (apr\u00e8s la d\u00e9claration des revenus 2025, en 2026).\u003Cbr\u003ELe d\u00e9cret n\u00b0 2024-688 du 5 juillet 2024 r\u00e9vise le bar\u00e8me des cotisations des travailleurs ind\u00e9pendants, en lien avec cette r\u00e9forme de l\u2019assiette sociale. Cette modification des bar\u00e8mes t \u00e0 partir d\u2019avril 2026 avec l\u2019ouverture de la campagne de la d\u00e9claration des revenus 2025.\u003Cbr\u003ELes bar\u00e8mes pr\u00e9sent\u00e9s ici pour 2025 ne tiennent pas compte de cette r\u00e9forme.\u003Cbr\u003E\u0026nbsp;\u003C\/p\u003E\u003Cp\u003E\u003Cstrong\u003E1\/. Assiette et taux de cotisations\u0026nbsp;\u003C\/strong\u003E\u003Cbr\u003E\u0026nbsp;\u003C\/p\u003E\u003Cp\u003E\u003Cstrong\u003EAssurance maladie sur l\u0027assiette de participation de la CPAM\u003C\/strong\u003E\u003C\/p\u003E\u003Ctable border=\u00221\u0022 cellspacing=\u00220\u0022 cellpadding=\u00220\u0022\u003E\u003Ctbody\u003E\u003Ctr\u003E\u003Ctd width=\u0022288\u0022 valign=\u0022top\u0022\u003E\u003Cp align=\u0022center\u0022\u003E\u003Cstrong\u003ETRANCHE DE REVENUS\u003C\/strong\u003E\u003C\/p\u003E\u003C\/td\u003E\u003Ctd width=\u0022288\u0022 valign=\u0022top\u0022\u003E\u003Cp align=\u0022center\u0022\u003E\u003Cstrong\u003ETAUX\u003C\/strong\u003E\u003C\/p\u003E\u003C\/td\u003E\u003C\/tr\u003E\u003Ctr\u003E\u003Ctd width=\u0022288\u0022 valign=\u0022top\u0022\u003E\u003Cp\u003EInf\u00e9rieurs \u00e0 18\u202f840 \u20ac\u003C\/p\u003E\u003C\/td\u003E\u003Ctd width=\u0022288\u0022 valign=\u0022top\u0022\u003E\u003Cp\u003E0 %\u003C\/p\u003E\u003C\/td\u003E\u003C\/tr\u003E\u003Ctr\u003E\u003Ctd width=\u0022288\u0022 valign=\u0022top\u0022\u003E\u003Cp\u003EEntre 18\u202f840 \u20ac et 51\u202f810 \u20ac\u003C\/p\u003E\u003C\/td\u003E\u003Ctd width=\u0022288\u0022 valign=\u0022top\u0022\u003E\u003Cp\u003ETaux progressif : 0 % \u00e0 6,50 %\u003C\/p\u003E\u003C\/td\u003E\u003C\/tr\u003E\u003Ctr\u003E\u003Ctd width=\u0022288\u0022 valign=\u0022top\u0022\u003E\u003Cp\u003ESup\u00e9rieurs \u00e0 51\u202f810 \u20ac\u003C\/p\u003E\u003C\/td\u003E\u003Ctd width=\u0022288\u0022 valign=\u0022top\u0022\u003E\u003Cp\u003E6,50 %\u003C\/p\u003E\u003C\/td\u003E\u003C\/tr\u003E\u003Ctr\u003E\u003Ctd width=\u0022288\u0022 valign=\u0022top\u0022\u003E\u003Cp\u003EPrise en charge assurance maladie\u003C\/p\u003E\u003C\/td\u003E\u003Ctd width=\u0022288\u0022 valign=\u0022top\u0022\u003E\u003Cp\u003ETaux progressif : 0 % \u00e0 6,40 %\u003C\/p\u003E\u003C\/td\u003E\u003C\/tr\u003E\u003C\/tbody\u003E\u003C\/table\u003E\u003Cp\u003E\u0026nbsp;\u003C\/p\u003E\u003Cp\u003E\u003Cstrong\u003EAssurance maladie sur le reste du revenu d\u0027activit\u00e9 non salari\u00e9\u003C\/strong\u003E\u003C\/p\u003E\u003Ctable border=\u00221\u0022 cellspacing=\u00220\u0022 cellpadding=\u00220\u0022\u003E\u003Ctbody\u003E\u003Ctr\u003E\u003Ctd width=\u0022288\u0022 valign=\u0022top\u0022\u003E\u003Cp align=\u0022center\u0022\u003E\u003Cstrong\u003ETRANCHE DE REVENUS\u003C\/strong\u003E\u003C\/p\u003E\u003C\/td\u003E\u003Ctd width=\u0022288\u0022 valign=\u0022top\u0022\u003E\u003Cp align=\u0022center\u0022\u003E\u003Cstrong\u003ETAUX\u003C\/strong\u003E\u003C\/p\u003E\u003C\/td\u003E\u003C\/tr\u003E\u003Ctr\u003E\u003Ctd width=\u0022288\u0022 valign=\u0022top\u0022\u003E\u003Cp\u003EInf\u00e9rieurs \u00e0 18\u202f840 \u20ac\u003C\/p\u003E\u003C\/td\u003E\u003Ctd width=\u0022288\u0022 valign=\u0022top\u0022\u003E\u003Cp\u003E3,25 %\u003C\/p\u003E\u003C\/td\u003E\u003C\/tr\u003E\u003Ctr\u003E\u003Ctd width=\u0022288\u0022 valign=\u0022top\u0022\u003E\u003Cp\u003EEntre 18\u202f840 \u20ac et 51\u202f810 \u20ac\u003C\/p\u003E\u003C\/td\u003E\u003Ctd width=\u0022288\u0022 valign=\u0022top\u0022\u003E\u003Cp\u003ETaux progressif : 3,25 % \u00e0 9,75 %\u003C\/p\u003E\u003C\/td\u003E\u003C\/tr\u003E\u003Ctr\u003E\u003Ctd width=\u0022288\u0022 valign=\u0022top\u0022\u003E\u003Cp\u003ESup\u00e9rieurs \u00e0 51\u202f810 \u20ac\u003C\/p\u003E\u003C\/td\u003E\u003Ctd width=\u0022288\u0022 valign=\u0022top\u0022\u003E\u003Cp\u003E9,75 %\u003C\/p\u003E\u003C\/td\u003E\u003C\/tr\u003E\u003C\/tbody\u003E\u003C\/table\u003E\u003Cp\u003E\u0026nbsp;\u003C\/p\u003E\u003Cp\u003E\u003Cstrong\u003EAllocations familiales sur l\u0027assiette de participation CPAM\u003C\/strong\u003E\u003C\/p\u003E\u003Ctable border=\u00221\u0022 cellspacing=\u00220\u0022 cellpadding=\u00220\u0022\u003E\u003Ctbody\u003E\u003Ctr\u003E\u003Ctd width=\u0022288\u0022 valign=\u0022top\u0022\u003E\u003Cp align=\u0022center\u0022\u003E\u003Cstrong\u003ETRANCHE DE REVENUS\u003C\/strong\u003E\u003C\/p\u003E\u003C\/td\u003E\u003Ctd width=\u0022288\u0022 valign=\u0022top\u0022\u003E\u003Cp align=\u0022center\u0022\u003E\u003Cstrong\u003ETAUX\u003C\/strong\u003E\u003C\/p\u003E\u003C\/td\u003E\u003C\/tr\u003E\u003Ctr\u003E\u003Ctd width=\u0022288\u0022 valign=\u0022top\u0022\u003E\u003Cp\u003EInf\u00e9rieurs \u00e0 51\u202f810 \u20ac\u003C\/p\u003E\u003C\/td\u003E\u003Ctd width=\u0022288\u0022 valign=\u0022top\u0022\u003E\u003Cp\u003E0 %\u003C\/p\u003E\u003C\/td\u003E\u003C\/tr\u003E\u003Ctr\u003E\u003Ctd width=\u0022288\u0022 valign=\u0022top\u0022\u003E\u003Cp\u003EEntre 51\u202f810 \u20ac et 65\u202f940 \u20ac\u003C\/p\u003E\u003C\/td\u003E\u003Ctd width=\u0022288\u0022 valign=\u0022top\u0022\u003E\u003Cp\u003ETaux progressif : 0 % \u00e0 3,10 %\u003C\/p\u003E\u003C\/td\u003E\u003C\/tr\u003E\u003Ctr\u003E\u003Ctd width=\u0022288\u0022 valign=\u0022top\u0022\u003E\u003Cp\u003ESup\u00e9rieurs \u00e0 65\u202f940 \u20ac\u003C\/p\u003E\u003C\/td\u003E\u003Ctd width=\u0022288\u0022 valign=\u0022top\u0022\u003E\u003Cp\u003E3,10 %\u003C\/p\u003E\u003C\/td\u003E\u003C\/tr\u003E\u003Ctr\u003E\u003Ctd width=\u0022288\u0022 valign=\u0022top\u0022\u003E\u003Cp\u003EPrise en charge assurance maladie\u003C\/p\u003E\u003C\/td\u003E\u003Ctd width=\u0022288\u0022 valign=\u0022top\u0022\u003E\u003Cp\u003E100 %, 75 % ou 60 % selon la tranche de revenus\u003C\/p\u003E\u003C\/td\u003E\u003C\/tr\u003E\u003C\/tbody\u003E\u003C\/table\u003E\u003Cp\u003E\u0026nbsp;\u003C\/p\u003E\u003Cp\u003E\u003Cstrong\u003EAllocations familiales sur le reste du revenu d\u0027activit\u00e9 non salari\u00e9\u003C\/strong\u003E\u003C\/p\u003E\u003Ctable border=\u00221\u0022 cellspacing=\u00220\u0022 cellpadding=\u00220\u0022\u003E\u003Ctbody\u003E\u003Ctr\u003E\u003Ctd width=\u0022288\u0022 valign=\u0022top\u0022\u003E\u003Cp align=\u0022center\u0022\u003E\u003Cstrong\u003ETRANCHE DE REVENUS\u003C\/strong\u003E\u003C\/p\u003E\u003C\/td\u003E\u003Ctd width=\u0022288\u0022 valign=\u0022top\u0022\u003E\u003Cp align=\u0022center\u0022\u003E\u003Cstrong\u003ETAUX\u003C\/strong\u003E\u003C\/p\u003E\u003C\/td\u003E\u003C\/tr\u003E\u003Ctr\u003E\u003Ctd width=\u0022288\u0022 valign=\u0022top\u0022\u003E\u003Cp\u003EInf\u00e9rieurs \u00e0 51\u202f810 \u20ac\u003C\/p\u003E\u003C\/td\u003E\u003Ctd width=\u0022288\u0022 valign=\u0022top\u0022\u003E\u003Cp\u003E0 %\u003C\/p\u003E\u003C\/td\u003E\u003C\/tr\u003E\u003Ctr\u003E\u003Ctd width=\u0022288\u0022 valign=\u0022top\u0022\u003E\u003Cp\u003EEntre 51\u202f810 \u20ac et 65\u202f940 \u20ac\u003C\/p\u003E\u003C\/td\u003E\u003Ctd width=\u0022288\u0022 valign=\u0022top\u0022\u003E\u003Cp\u003ETaux progressif : 0 % \u00e0 3,10 %\u003C\/p\u003E\u003C\/td\u003E\u003C\/tr\u003E\u003Ctr\u003E\u003Ctd width=\u0022288\u0022 valign=\u0022top\u0022\u003E\u003Cp\u003ESup\u00e9rieurs \u00e0 65\u202f940 \u20ac\u003C\/p\u003E\u003C\/td\u003E\u003Ctd width=\u0022288\u0022 valign=\u0022top\u0022\u003E\u003Cp\u003E3,10 %\u003C\/p\u003E\u003C\/td\u003E\u003C\/tr\u003E\u003C\/tbody\u003E\u003C\/table\u003E\u003Cp\u003E\u0026nbsp;\u003C\/p\u003E\u003Cp\u003E\u003Cstrong\u003EContributions sociales\u003C\/strong\u003E\u003C\/p\u003E\u003Ctable border=\u00221\u0022 cellspacing=\u00220\u0022 cellpadding=\u00220\u0022\u003E\u003Ctbody\u003E\u003Ctr\u003E\u003Ctd width=\u0022288\u0022 valign=\u0022top\u0022\u003E\u003Cp align=\u0022center\u0022\u003E\u003Cstrong\u003ETYPE DE CONTRIBUTION\u003C\/strong\u003E\u003C\/p\u003E\u003C\/td\u003E\u003Ctd width=\u0022288\u0022 valign=\u0022top\u0022\u003E\u003Cp align=\u0022center\u0022\u003E\u003Cstrong\u003ETAUX \/ MONTANT\u003C\/strong\u003E\u003C\/p\u003E\u003C\/td\u003E\u003C\/tr\u003E\u003Ctr\u003E\u003Ctd width=\u0022288\u0022 valign=\u0022top\u0022\u003E\u003Cp\u003ECSG-CRDS\u003C\/p\u003E\u003C\/td\u003E\u003Ctd width=\u0022288\u0022 valign=\u0022top\u0022\u003E\u003Cp\u003E9,70 % du revenu d\u2019activit\u00e9 non salari\u00e9 + cotisations personnelles obligatoires\u003C\/p\u003E\u003C\/td\u003E\u003C\/tr\u003E\u003Ctr\u003E\u003Ctd width=\u0022288\u0022 valign=\u0022top\u0022\u003E\u003Cp\u003EContribution aux URPS\u003C\/p\u003E\u003C\/td\u003E\u003Ctd width=\u0022288\u0022 valign=\u0022top\u0022\u003E\u003Cp\u003E0,50 % du revenu d\u2019activit\u00e9 non salari\u00e9 (plafonn\u00e9 \u00e0 236 \u20ac en 2025)\u003C\/p\u003E\u003C\/td\u003E\u003C\/tr\u003E\u003Ctr\u003E\u003Ctd width=\u0022288\u0022 valign=\u0022top\u0022\u003E\u003Cp\u003EContribution \u00e0 la formation professionnelle (CFP)\u003C\/p\u003E\u003C\/td\u003E\u003Ctd width=\u0022288\u0022 valign=\u0022top\u0022\u003E\u003Cp\u003E0,25 % du PASS soit 118 \u20ac (0,34 % si conjoint collaborateur)\u003C\/p\u003E\u003C\/td\u003E\u003C\/tr\u003E\u003C\/tbody\u003E\u003C\/table\u003E\u003Cp\u003E\u0026nbsp;\u003C\/p\u003E\u003Cp\u003E\u003Cstrong\u003EIndemnit\u00e9s journali\u00e8res du praticien ou auxiliaire m\u00e9dical\u003C\/strong\u003E\u003C\/p\u003E\u003Ctable border=\u00221\u0022 cellspacing=\u00220\u0022 cellpadding=\u00220\u0022\u003E\u003Ctbody\u003E\u003Ctr\u003E\u003Ctd width=\u0022288\u0022 valign=\u0022top\u0022\u003E\u003Cp align=\u0022center\u0022\u003E\u003Cstrong\u003E\u00c9L\u00c9MENTS\u003C\/strong\u003E\u003C\/p\u003E\u003C\/td\u003E\u003Ctd width=\u0022288\u0022 valign=\u0022top\u0022\u003E\u003Cp align=\u0022center\u0022\u003E\u003Cstrong\u003ED\u00c9TAILS\u003C\/strong\u003E\u003C\/p\u003E\u003C\/td\u003E\u003C\/tr\u003E\u003Ctr\u003E\u003Ctd width=\u0022288\u0022 valign=\u0022top\u0022\u003E\u003Cp\u003ETaux de cotisation\u003C\/p\u003E\u003C\/td\u003E\u003Ctd width=\u0022288\u0022 valign=\u0022top\u0022\u003E\u003Cp\u003E0,3 %\u003C\/p\u003E\u003C\/td\u003E\u003C\/tr\u003E\u003Ctr\u003E\u003Ctd width=\u0022288\u0022 valign=\u0022top\u0022\u003E\u003Cp\u003EAssiette minimale\u003C\/p\u003E\u003C\/td\u003E\u003Ctd width=\u0022288\u0022 valign=\u0022top\u0022\u003E\u003Cp\u003E40 % du PASS\u003C\/p\u003E\u003C\/td\u003E\u003C\/tr\u003E\u003Ctr\u003E\u003Ctd width=\u0022288\u0022 valign=\u0022top\u0022\u003E\u003Cp\u003EAssiette maximale\u003C\/p\u003E\u003C\/td\u003E\u003Ctd width=\u0022288\u0022 valign=\u0022top\u0022\u003E\u003Cp\u003E3 PASS\u003C\/p\u003E\u003C\/td\u003E\u003C\/tr\u003E\u003C\/tbody\u003E\u003C\/table\u003E\u003Cp\u003E\u0026nbsp;\u003C\/p\u003E\u003Cp\u003E\u003Cstrong\u003EIndemnit\u00e9s journali\u00e8res du conjoint collaborateur\u003C\/strong\u003E\u003C\/p\u003E\u003Ctable border=\u00221\u0022 cellspacing=\u00220\u0022 cellpadding=\u00220\u0022\u003E\u003Ctbody\u003E\u003Ctr\u003E\u003Ctd width=\u0022288\u0022 valign=\u0022top\u0022\u003E\u003Cp align=\u0022center\u0022\u003E\u003Cstrong\u003E\u00c9L\u00c9MENTS\u003C\/strong\u003E\u003C\/p\u003E\u003C\/td\u003E\u003Ctd width=\u0022288\u0022 valign=\u0022top\u0022\u003E\u003Cp align=\u0022center\u0022\u003E\u003Cstrong\u003ED\u00c9TAILS\u003C\/strong\u003E\u003C\/p\u003E\u003C\/td\u003E\u003C\/tr\u003E\u003Ctr\u003E\u003Ctd width=\u0022288\u0022 valign=\u0022top\u0022\u003E\u003Cp\u003ETaux de cotisation\u003C\/p\u003E\u003C\/td\u003E\u003Ctd width=\u0022288\u0022 valign=\u0022top\u0022\u003E\u003Cp\u003E0,3 %\u003C\/p\u003E\u003C\/td\u003E\u003C\/tr\u003E\u003Ctr\u003E\u003Ctd width=\u0022288\u0022 valign=\u0022top\u0022\u003E\u003Cp\u003EAssiette forfaitaire\u003C\/p\u003E\u003C\/td\u003E\u003Ctd width=\u0022288\u0022 valign=\u0022top\u0022\u003E\u003Cp\u003E40 % du PASS\u003C\/p\u003E\u003C\/td\u003E\u003C\/tr\u003E\u003C\/tbody\u003E\u003C\/table\u003E\u003Cp\u003E\u003Cstrong\u003E2\/ Assiettes et cotisations forfaitaires de d\u00e9but d\u2019activit\u00e9\u003C\/strong\u003E\u003C\/p\u003E\u003Cp\u003E\u0026nbsp;\u003C\/p\u003E\u003Cul\u003E\u003Cli\u003EAu titre de la 1\u00e8re ou de la 2e ann\u00e9e d\u2019activit\u00e9 en 2025 (m\u00e9decin de moins de 40 ans)\u003C\/li\u003E\u003C\/ul\u003E\u003Ctable border=\u00221\u0022 cellspacing=\u00220\u0022 cellpadding=\u00220\u0022 width=\u0022600\u0022\u003E\u003Ctbody\u003E\u003Ctr\u003E\u003Ctd colspan=\u00223\u0022 valign=\u0022top\u0022\u003E\u003Cp\u003E\u003Cstrong\u003E1re\u0026nbsp;ann\u00e9e d\u2019affiliation en 2025 (m\u00e9decin de moins de 40 ans)\u003C\/strong\u003E\u003Cbr\u003E\u003Cstrong\u003Eet 2e\u0026nbsp;ann\u00e9e d\u2019affiliation en 2025\u003C\/strong\u003E\u003C\/p\u003E\u003C\/td\u003E\u003C\/tr\u003E\u003Ctr\u003E\u003Ctd width=\u0022206\u0022 valign=\u0022top\u0022\u003E\u003Cp\u003E\u003Cstrong\u003ER\u00e9gimes\u003C\/strong\u003E\u003C\/p\u003E\u003C\/td\u003E\u003Ctd width=\u0022193\u0022 valign=\u0022top\u0022\u003E\u003Cp\u003E\u003Cstrong\u003ESecteur 1\u003C\/strong\u003E\u003C\/p\u003E\u003C\/td\u003E\u003Ctd width=\u0022193\u0022 valign=\u0022top\u0022\u003E\u003Cp\u003E\u003Cstrong\u003ESecteur 2\u003C\/strong\u003E\u003C\/p\u003E\u003C\/td\u003E\u003C\/tr\u003E\u003Ctr\u003E\u003Ctd width=\u0022206\u0022 valign=\u0022top\u0022\u003E\u003Cp\u003E\u003Cstrong\u003EBase (provisionnel)(1)\u003C\/strong\u003E\u003C\/p\u003E\u003C\/td\u003E\u003Ctd width=\u0022193\u0022 valign=\u0022top\u0022\u003E\u003Cp\u003E\u003Cstrong\u003E712\u202f\u20ac\u0026nbsp;(2)\u003C\/strong\u003E\u003C\/p\u003E\u003C\/td\u003E\u003Ctd width=\u0022193\u0022 valign=\u0022top\u0022\u003E\u003Cp\u003E\u003Cstrong\u003E904 \u20ac\u003C\/strong\u003E\u003C\/p\u003E\u003C\/td\u003E\u003C\/tr\u003E\u003Ctr\u003E\u003Ctd width=\u0022206\u0022 valign=\u0022top\u0022\u003E\u003Cp\u003E\u003Cstrong\u003ECompl\u00e9mentaire\u003C\/strong\u003E\u003C\/p\u003E\u003C\/td\u003E\u003Ctd width=\u0022193\u0022 valign=\u0022top\u0022\u003E\u003Cp\u003E\u003Cstrong\u003E0\u0026nbsp;\u20ac\u003C\/strong\u003E\u003C\/p\u003E\u003C\/td\u003E\u003Ctd width=\u0022193\u0022 valign=\u0022top\u0022\u003E\u003Cp\u003E\u003Cstrong\u003E0\u0026nbsp;\u20ac\u003C\/strong\u003E\u003C\/p\u003E\u003C\/td\u003E\u003C\/tr\u003E\u003Ctr\u003E\u003Ctd width=\u0022206\u0022 valign=\u0022top\u0022\u003E\u003Cp\u003E\u003Cstrong\u003EASV\u003C\/strong\u003E\u003Cbr\u003E\u003Cstrong\u003E- Part forfaitaire\u003C\/strong\u003E\u003Cbr\u003E\u003Cstrong\u003E- Part ajustement\u003C\/strong\u003E\u003C\/p\u003E\u003C\/td\u003E\u003Ctd width=\u0022193\u0022 valign=\u0022top\u0022\u003E\u003Cp\u003E\u003Cbr\u003E\u003Cstrong\u003E1\u2009852\u202f\u20ac\u003C\/strong\u003E\u003Cbr\u003E\u003Cstrong\u003E113\u202f\u20ac\u003C\/strong\u003E\u003C\/p\u003E\u003C\/td\u003E\u003Ctd width=\u0022193\u0022 valign=\u0022top\u0022\u003E\u003Cp\u003E\u003Cbr\u003E\u003Cstrong\u003E5\u2009556\u202f\u20ac\u003C\/strong\u003E\u003Cbr\u003E\u003Cstrong\u003E340\u202f\u20ac\u003C\/strong\u003E\u003C\/p\u003E\u003C\/td\u003E\u003C\/tr\u003E\u003Ctr\u003E\u003Ctd width=\u0022206\u0022 valign=\u0022top\u0022\u003E\u003Cp\u003E\u003Cstrong\u003EInvalidit\u00e9-d\u00e9c\u00e8s\u003C\/strong\u003E\u003C\/p\u003E\u003C\/td\u003E\u003Ctd width=\u0022193\u0022 valign=\u0022top\u0022\u003E\u003Cp\u003E\u003Cstrong\u003E623\u0026nbsp;\u20ac\u003C\/strong\u003E\u003C\/p\u003E\u003C\/td\u003E\u003Ctd width=\u0022193\u0022 valign=\u0022top\u0022\u003E\u003Cp\u003E\u003Cstrong\u003E623\u0026nbsp;\u20ac\u003C\/strong\u003E\u003C\/p\u003E\u003C\/td\u003E\u003C\/tr\u003E\u003Ctr\u003E\u003Ctd width=\u0022206\u0022 valign=\u0022top\u0022\u003E\u003Cp\u003E\u003Cstrong\u003ETotal\u003C\/strong\u003E\u003C\/p\u003E\u003C\/td\u003E\u003Ctd width=\u0022193\u0022 valign=\u0022top\u0022\u003E\u003Cp\u003E\u003Cstrong\u003E3\u2009300\u202f\u20ac\u003C\/strong\u003E\u003C\/p\u003E\u003C\/td\u003E\u003Ctd width=\u0022193\u0022 valign=\u0022top\u0022\u003E\u003Cp\u003E\u003Cstrong\u003E7\u2009423\u202f\u20ac\u003C\/strong\u003E\u003C\/p\u003E\u003C\/td\u003E\u003C\/tr\u003E\u003C\/tbody\u003E\u003C\/table\u003E\u003Cp\u003E\u0026nbsp;\u003C\/p\u003E\u003Cp\u003E\u003Cstrong\u003E3\/ Cotisations du conjoint collaborateur\u003C\/strong\u003E\u003C\/p\u003E\u003Cp\u003E\u0026nbsp;\u003C\/p\u003E\u003Ctable border=\u00221\u0022 cellspacing=\u00220\u0022 cellpadding=\u00220\u0022 width=\u0022600\u0022\u003E\u003Ctbody\u003E\u003Ctr\u003E\u003Ctd colspan=\u00226\u0022 valign=\u0022top\u0022\u003E\u003Cp\u003E\u003Cstrong\u003ER\u00e9gime de base \u0026nbsp;\u003C\/strong\u003E\u003C\/p\u003E\u003C\/td\u003E\u003C\/tr\u003E\u003Ctr\u003E\u003Ctd width=\u002239\u0022 valign=\u0022top\u0022\u003E\u003Cp\u003E\u003Cstrong\u003EChoix\u003C\/strong\u003E\u003C\/p\u003E\u003C\/td\u003E\u003Ctd width=\u0022179\u0022 valign=\u0022top\u0022\u003E\u003Cp\u003E\u003Cstrong\u003EPersonne concern\u00e9e\u003C\/strong\u003E\u003C\/p\u003E\u003C\/td\u003E\u003Ctd width=\u0022192\u0022 valign=\u0022top\u0022\u003E\u003Cp\u003E\u003Cstrong\u003EAssiette des cotisations\u003C\/strong\u003E\u003C\/p\u003E\u003C\/td\u003E\u003Ctd width=\u002262\u0022 valign=\u0022top\u0022\u003E\u003Cp\u003E\u003Cstrong\u003ESecteur 1\u003C\/strong\u003E\u003C\/p\u003E\u003C\/td\u003E\u003Ctd width=\u002262\u0022 valign=\u0022top\u0022\u003E\u003Cp\u003E\u003Cstrong\u003ESecteur 2\u003C\/strong\u003E\u003C\/p\u003E\u003C\/td\u003E\u003Ctd width=\u002252\u0022 valign=\u0022top\u0022\u003E\u003Cp\u003E\u003Cstrong\u003EPoints\u003C\/strong\u003E\u003C\/p\u003E\u003C\/td\u003E\u003C\/tr\u003E\u003Ctr\u003E\u003Ctd rowspan=\u00223\u0022 valign=\u0022top\u0022\u003E\u003Cp\u003E\u003Cstrong\u003E1\u003C\/strong\u003E\u003C\/p\u003E\u003C\/td\u003E\u003Ctd valign=\u0022top\u0022\u003E\u003Cp\u003E\u003Cstrong\u003E\u0026nbsp;Conjoint\u003C\/strong\u003E\u003C\/p\u003E\u003C\/td\u003E\u003Ctd valign=\u0022top\u0022\u003E\u003Cp\u003E\u003Cstrong\u003E\u0026nbsp;Revenu forfaitaire(1)\u003C\/strong\u003E\u003C\/p\u003E\u003C\/td\u003E\u003Ctd width=\u002280\u0022 valign=\u0022top\u0022\u003E\u003Cp\u003E\u003Cstrong\u003E2 378 \u20ac\u003C\/strong\u003E\u003C\/p\u003E\u003C\/td\u003E\u003Ctd width=\u002280\u0022 valign=\u0022top\u0022\u003E\u003Cp\u003E\u003Cstrong\u003E2 378 \u20ac\u003C\/strong\u003E\u003C\/p\u003E\u003C\/td\u003E\u003Ctd valign=\u0022top\u0022\u003E\u003Cp\u003E\u003Cstrong\u003E265,00\u003C\/strong\u003E\u003C\/p\u003E\u003C\/td\u003E\u003C\/tr\u003E\u003Ctr\u003E\u003Ctd valign=\u0022top\u0022\u003E\u003Cp\u003E\u003Cstrong\u003E\u0026nbsp;M\u00e9decin\u003C\/strong\u003E\u003C\/p\u003E\u003C\/td\u003E\u003Ctd valign=\u0022top\u0022\u003E\u003Cp\u003E\u003Cstrong\u003E\u0026nbsp;Int\u00e9gralit\u00e9 des revenus\u003C\/strong\u003E\u003C\/p\u003E\u003C\/td\u003E\u003Ctd valign=\u0022top\u0022\u003E\u003Cp\u003E\u003Cstrong\u003E4 164 \u20ac\u003C\/strong\u003E\u003C\/p\u003E\u003C\/td\u003E\u003Ctd valign=\u0022top\u0022\u003E\u003Cp\u003E\u003Cstrong\u003E5 372 \u20ac\u003C\/strong\u003E\u003C\/p\u003E\u003C\/td\u003E\u003Ctd valign=\u0022top\u0022\u003E\u003Cp\u003E\u003Cstrong\u003E533,49\u003C\/strong\u003E\u003C\/p\u003E\u003C\/td\u003E\u003C\/tr\u003E\u003Ctr\u003E\u003Ctd colspan=\u00222\u0022 valign=\u0022top\u0022\u003E\u003Cp\u003E\u003Cstrong\u003E\u0026nbsp;Total (m\u00e9decin + conjoint)\u003C\/strong\u003E\u003C\/p\u003E\u003C\/td\u003E\u003Ctd valign=\u0022top\u0022\u003E\u003Cp\u003E\u003Cstrong\u003E6 542 \u20ac\u003C\/strong\u003E\u003C\/p\u003E\u003C\/td\u003E\u003Ctd valign=\u0022top\u0022\u003E\u003Cp\u003E\u003Cstrong\u003E7 750 \u20ac\u003C\/strong\u003E\u003C\/p\u003E\u003C\/td\u003E\u003Ctd valign=\u0022top\u0022\u003E\u003Cp\u003E\u003Cstrong\u003E-\u003C\/strong\u003E\u003C\/p\u003E\u003C\/td\u003E\u003C\/tr\u003E\u003Ctr\u003E\u003Ctd rowspan=\u00224\u0022 valign=\u0022top\u0022\u003E\u003Cp\u003E\u003Cstrong\u003E2\u0026nbsp;Sans partage d\u0027assiette\u003C\/strong\u003E\u003C\/p\u003E\u003C\/td\u003E\u003Ctd colspan=\u00225\u0022 valign=\u0022top\u0022\u003E\u003Cp\u003E\u003Cstrong\u003E\u0026nbsp;\u003C\/strong\u003E\u003C\/p\u003E\u003C\/td\u003E\u003C\/tr\u003E\u003Ctr\u003E\u003Ctd valign=\u0022top\u0022\u003E\u003Cp\u003E\u003Cstrong\u003E\u0026nbsp;Conjoint\u0026nbsp;(2)\u003C\/strong\u003E\u003C\/p\u003E\u003C\/td\u003E\u003Ctd valign=\u0022top\u0022\u003E\u003Cp\u003E\u003Cstrong\u003E\u0026nbsp;25\u0026nbsp;%\u003C\/strong\u003E\u003Cstrong\u003E\u0026nbsp;des revenus du m\u00e9decin\u003C\/strong\u003E\u003Cbr\u003E\u003Cstrong\u003E\u0026nbsp;ou\u0026nbsp;\u003C\/strong\u003E\u003Cstrong\u003E50\u0026nbsp;%\u003C\/strong\u003E\u003Cstrong\u003E\u0026nbsp;des revenus du m\u00e9decin\u003C\/strong\u003E\u003C\/p\u003E\u003C\/td\u003E\u003Ctd valign=\u0022top\u0022\u003E\u003Cp\u003E\u003Cstrong\u003E2 020 \u20ac\u003C\/strong\u003E\u003Cbr\u003E\u003Cstrong\u003E4 040 \u20ac\u003C\/strong\u003E\u003C\/p\u003E\u003C\/td\u003E\u003Ctd valign=\u0022top\u0022\u003E\u003Cp\u003E\u003Cstrong\u003E2 020\u2009\u20ac\u003C\/strong\u003E\u003Cbr\u003E\u003Cstrong\u003E4 040\u2009\u20ac\u003C\/strong\u003E\u003C\/p\u003E\u003C\/td\u003E\u003Ctd valign=\u0022top\u0022\u003E\u003Cp\u003E\u003Cstrong\u003E225,00\u003C\/strong\u003E\u003Cbr\u003E\u003Cstrong\u003E450,10\u003C\/strong\u003E\u003C\/p\u003E\u003C\/td\u003E\u003C\/tr\u003E\u003Ctr\u003E\u003Ctd valign=\u0022top\u0022\u003E\u003Cp\u003E\u003Cstrong\u003E\u0026nbsp;M\u00e9decin\u003C\/strong\u003E\u003C\/p\u003E\u003C\/td\u003E\u003Ctd valign=\u0022top\u0022\u003E\u003Cp\u003E\u003Cstrong\u003E\u0026nbsp;Int\u00e9gralit\u00e9 des revenus\u003C\/strong\u003E\u003C\/p\u003E\u003C\/td\u003E\u003Ctd valign=\u0022top\u0022\u003E\u003Cp\u003E\u003Cstrong\u003E4 164 \u20ac\u003C\/strong\u003E\u003C\/p\u003E\u003C\/td\u003E\u003Ctd valign=\u0022top\u0022\u003E\u003Cp\u003E\u003Cstrong\u003E5 372 \u20ac\u003C\/strong\u003E\u003C\/p\u003E\u003C\/td\u003E\u003Ctd valign=\u0022top\u0022\u003E\u003Cp\u003E\u003Cstrong\u003E533,49\u003C\/strong\u003E\u003C\/p\u003E\u003C\/td\u003E\u003C\/tr\u003E\u003Ctr\u003E\u003Ctd valign=\u0022top\u0022\u003E\u003Cp\u003E\u003Cstrong\u003ETotal (m\u00e9decin + conjoint)\u003C\/strong\u003E\u003C\/p\u003E\u003C\/td\u003E\u003Ctd valign=\u0022top\u0022\u003E\u003Cp\u003E\u003Cstrong\u003E25\u0026nbsp;%\u003C\/strong\u003E\u003Cbr\u003E\u003Cstrong\u003E50\u0026nbsp;%\u003C\/strong\u003E\u003C\/p\u003E\u003C\/td\u003E\u003Ctd valign=\u0022top\u0022\u003E\u003Cp\u003E\u003Cstrong\u003E6 184\u2009\u20ac\u003C\/strong\u003E\u003Cbr\u003E\u003Cstrong\u003E8 204\u2009\u20ac\u003C\/strong\u003E\u003C\/p\u003E\u003C\/td\u003E\u003Ctd valign=\u0022top\u0022\u003E\u003Cp\u003E\u003Cstrong\u003E7 392\u2009\u20ac\u003C\/strong\u003E\u003Cbr\u003E\u003Cstrong\u003E9 412\u2009\u20ac\u003C\/strong\u003E\u003C\/p\u003E\u003C\/td\u003E\u003Ctd valign=\u0022top\u0022\u003E\u003Cp\u003E\u003Cstrong\u003E-\u003C\/strong\u003E\u003Cbr\u003E\u003Cstrong\u003E-\u003C\/strong\u003E\u003C\/p\u003E\u003C\/td\u003E\u003C\/tr\u003E\u003Ctr\u003E\u003Ctd rowspan=\u00224\u0022 valign=\u0022top\u0022\u003E\u003Cp\u003E\u003Cstrong\u003E3\u0026nbsp;Avec partage d\u0027assiette\u003C\/strong\u003E\u003C\/p\u003E\u003C\/td\u003E\u003Ctd colspan=\u00225\u0022 valign=\u0022top\u0022\u003E\u003Cp\u003E\u003Cstrong\u003E\u0026nbsp;\u003C\/strong\u003E\u003C\/p\u003E\u003C\/td\u003E\u003C\/tr\u003E\u003Ctr\u003E\u003Ctd valign=\u0022top\u0022\u003E\u003Cp\u003E\u003Cstrong\u003E\u0026nbsp;Conjoint\u003C\/strong\u003E\u003C\/p\u003E\u003C\/td\u003E\u003Ctd valign=\u0022top\u0022\u003E\u003Cp\u003E\u003Cstrong\u003E\u0026nbsp;25\u0026nbsp;%\u003C\/strong\u003E\u003Cstrong\u003E\u0026nbsp;des revenus du m\u00e9decin\u0026nbsp;(3)\u003C\/strong\u003E\u003Cbr\u003E\u003Cstrong\u003E\u0026nbsp;ou\u0026nbsp;\u003C\/strong\u003E\u003Cstrong\u003E50\u0026nbsp;%\u003C\/strong\u003E\u003Cstrong\u003E\u0026nbsp;des revenus du m\u00e9decin\u0026nbsp;(4)\u003C\/strong\u003E\u003C\/p\u003E\u003C\/td\u003E\u003Ctd valign=\u0022top\u0022\u003E\u003Cp\u003E\u003Cstrong\u003E1 343\u2009\u20ac\u003C\/strong\u003E\u003Cbr\u003E\u003Cstrong\u003E2 686\u2009\u20ac\u003C\/strong\u003E\u003C\/p\u003E\u003C\/td\u003E\u003Ctd valign=\u0022top\u0022\u003E\u003Cp\u003E\u003Cstrong\u003E1 343\u2009\u20ac\u003C\/strong\u003E\u003Cbr\u003E\u003Cstrong\u003E2 686\u2009\u20ac\u003C\/strong\u003E\u003C\/p\u003E\u003C\/td\u003E\u003Ctd valign=\u0022top\u0022\u003E\u003Cp\u003E\u003Cstrong\u003E133,30\u003C\/strong\u003E\u003Cbr\u003E\u003Cstrong\u003E266,70\u003C\/strong\u003E\u003C\/p\u003E\u003C\/td\u003E\u003C\/tr\u003E\u003Ctr\u003E\u003Ctd valign=\u0022top\u0022\u003E\u003Cp\u003E\u003Cstrong\u003E\u0026nbsp;M\u00e9decin\u003C\/strong\u003E\u003C\/p\u003E\u003C\/td\u003E\u003Ctd valign=\u0022top\u0022\u003E\u003Cp\u003E\u003Cstrong\u003E\u0026nbsp;75\u0026nbsp;%\u003C\/strong\u003E\u003Cstrong\u003E\u0026nbsp;des revenus\u0026nbsp;(5)\u003C\/strong\u003E\u003Cbr\u003E\u003Cstrong\u003E\u0026nbsp;ou\u0026nbsp;\u003C\/strong\u003E\u003Cstrong\u003E50\u0026nbsp;%\u003C\/strong\u003E\u003Cstrong\u003E\u0026nbsp;des revenus\u0026nbsp;(4)\u003C\/strong\u003E\u003C\/p\u003E\u003C\/td\u003E\u003Ctd valign=\u0022top\u0022\u003E\u003Cp\u003E\u003Cstrong\u003E2 821\u2009\u20ac\u003C\/strong\u003E\u003Cbr\u003E\u003Cstrong\u003E1 478\u2009\u20ac\u003C\/strong\u003E\u003C\/p\u003E\u003C\/td\u003E\u003Ctd valign=\u0022top\u0022\u003E\u003Cp\u003E\u003Cstrong\u003E4 029\u2009\u20ac\u003C\/strong\u003E\u003Cbr\u003E\u003Cstrong\u003E2 686\u2009\u20ac\u003C\/strong\u003E\u003C\/p\u003E\u003C\/td\u003E\u003Ctd valign=\u0022top\u0022\u003E\u003Cp\u003E\u003Cstrong\u003E399,90\u003C\/strong\u003E\u003Cbr\u003E\u003Cstrong\u003E266,70\u003C\/strong\u003E\u003C\/p\u003E\u003C\/td\u003E\u003C\/tr\u003E\u003Ctr\u003E\u003Ctd valign=\u0022top\u0022\u003E\u003Cp\u003E\u003Cstrong\u003ETotal (m\u00e9decin + conjoint)\u003C\/strong\u003E\u003C\/p\u003E\u003C\/td\u003E\u003Ctd valign=\u0022top\u0022\u003E\u003Cp\u003E\u003Cstrong\u003E25\u0026nbsp;%\u003C\/strong\u003E\u003Cbr\u003E\u003Cstrong\u003E50\u0026nbsp;%\u003C\/strong\u003E\u003C\/p\u003E\u003C\/td\u003E\u003Ctd valign=\u0022top\u0022\u003E\u003Cp\u003E\u003Cstrong\u003E4 164\u2009\u20ac\u003C\/strong\u003E\u003Cbr\u003E\u003Cstrong\u003E4 164\u2009\u20ac\u003C\/strong\u003E\u003C\/p\u003E\u003C\/td\u003E\u003Ctd valign=\u0022top\u0022\u003E\u003Cp\u003E\u003Cstrong\u003E5 372\u2009\u20ac\u003C\/strong\u003E\u003Cbr\u003E\u003Cstrong\u003E5 372\u2009\u20ac\u003C\/strong\u003E\u003C\/p\u003E\u003C\/td\u003E\u003Ctd valign=\u0022top\u0022\u003E\u003Cp\u003E\u003Cstrong\u003E-\u003C\/strong\u003E\u003Cbr\u003E\u003Cstrong\u003E-\u003C\/strong\u003E\u003C\/p\u003E\u003C\/td\u003E\u003C\/tr\u003E\u003C\/tbody\u003E\u003C\/table\u003E\u003Cp\u003E\u003Cbr\u003E\u003Cbr\u003E\u0026nbsp;\u003C\/p\u003E\u003Cp\u003ESi aucun choix de cotisations n\u2019est effectu\u00e9, la cotisation est calcul\u00e9e sur le revenu forfaitaire choix 1.\u003C\/p\u003E\u003Cp\u003E(1)\u0026nbsp;\u00c9gal \u00e0 la moiti\u00e9 du plafond annuel de la S\u00e9curit\u00e9 sociale\u003Cbr\u003E(2)\u0026nbsp;Tranche 1 : 8,23 % jusqu\u2019\u00e0\u0026nbsp;47 100 \u20ac\u0026nbsp;- Tranche 2 : 1,87 % jusqu\u2019\u00e0\u0026nbsp;235 500\u2009\u20ac.\u003Cbr\u003EDans le cas 3 les tranches sont r\u00e9duites en proportion du choix d\u2019assiette :\u003Cbr\u003E(3)\u0026nbsp;si 25 % : Tranche 1 : jusqu\u2019\u00e0\u0026nbsp;11 775 \u20ac\u0026nbsp;- Tranche 2 : jusqu\u2019\u00e0\u0026nbsp;58 875 \u20ac\u003Cbr\u003E(4)\u0026nbsp;si 50 % : Tranche 1 : jusqu\u2019\u00e0\u0026nbsp;23 550 \u20ac\u0026nbsp;- Tranche 2 : jusqu\u2019\u00e0\u0026nbsp;117 750 \u20ac\u003Cbr\u003E(5)\u0026nbsp;si 75 % : Tranche 1 : jusqu\u2019\u00e0\u0026nbsp;35 325 \u20ac\u0026nbsp;- Tranche 2 : jusqu\u2019\u00e0\u0026nbsp;176 625 \u20ac\u003C\/p\u003E\u003Cp\u003E\u0026nbsp;\u003C\/p\u003E\u003Ctable border=\u00221\u0022 cellspacing=\u00220\u0022 cellpadding=\u00220\u0022 width=\u0022600\u0022\u003E\u003Ctbody\u003E\u003Ctr\u003E\u003Ctd colspan=\u00225\u0022 valign=\u0022top\u0022\u003E\u003Cp\u003E\u003Cstrong\u003ER\u00e9gime compl\u00e9mentaire\u003C\/strong\u003E\u003C\/p\u003E\u003C\/td\u003E\u003C\/tr\u003E\u003Ctr\u003E\u003Ctd valign=\u0022top\u0022\u003E\u003Cp\u003E\u003Cstrong\u003EChoix\u003C\/strong\u003E\u003C\/p\u003E\u003C\/td\u003E\u003Ctd valign=\u0022top\u0022\u003E\u003Cp\u003E\u003Cstrong\u003EPersonne concern\u00e9e\u003C\/strong\u003E\u003C\/p\u003E\u003C\/td\u003E\u003Ctd valign=\u0022top\u0022\u003E\u003Cp\u003E\u003Cstrong\u003ECotisations\u003C\/strong\u003E\u003C\/p\u003E\u003C\/td\u003E\u003Ctd valign=\u0022top\u0022\u003E\u003Cp\u003E\u003Cstrong\u003EMontants\u003C\/strong\u003E\u003C\/p\u003E\u003C\/td\u003E\u003Ctd valign=\u0022top\u0022\u003E\u003Cp\u003E\u003Cstrong\u003EPoints\u003C\/strong\u003E\u003C\/p\u003E\u003C\/td\u003E\u003C\/tr\u003E\u003Ctr\u003E\u003Ctd rowspan=\u00223\u0022 valign=\u0022top\u0022\u003E\u003Cp\u003E\u003Cstrong\u003E1\u003C\/strong\u003E\u003C\/p\u003E\u003C\/td\u003E\u003Ctd valign=\u0022top\u0022\u003E\u003Cp\u003E\u003Cstrong\u003E\u0026nbsp;Conjoint\u003C\/strong\u003E\u003C\/p\u003E\u003C\/td\u003E\u003Ctd valign=\u0022top\u0022\u003E\u003Cp\u003E\u003Cstrong\u003E\u0026nbsp;Le quart\u0026nbsp;\u003C\/strong\u003E\u003Cstrong\u003E\u0026nbsp;de la cotisation du m\u00e9decin\u003C\/strong\u003E\u003C\/p\u003E\u003C\/td\u003E\u003Ctd valign=\u0022top\u0022\u003E\u003Cp\u003E\u003Cstrong\u003E2\u0026nbsp;040 \u20ac\u003C\/strong\u003E\u003C\/p\u003E\u003C\/td\u003E\u003Ctd valign=\u0022top\u0022\u003E\u003Cp\u003E\u003Cstrong\u003E\u0026nbsp;\u0026nbsp;1,21\u003C\/strong\u003E\u003C\/p\u003E\u003C\/td\u003E\u003C\/tr\u003E\u003Ctr\u003E\u003Ctd valign=\u0022top\u0022\u003E\u003Cp\u003E\u003Cstrong\u003E\u0026nbsp;M\u00e9decin\u003C\/strong\u003E\u003C\/p\u003E\u003C\/td\u003E\u003Ctd valign=\u0022top\u0022\u003E\u003Cp\u003E\u003Cstrong\u003E\u0026nbsp;Cotisation sur l\u0027int\u00e9gralit\u00e9 des revenus\u003C\/strong\u003E\u003C\/p\u003E\u003C\/td\u003E\u003Ctd valign=\u0022top\u0022\u003E\u003Cp\u003E\u003Cstrong\u003E8\u0026nbsp;160\u0026nbsp;\u20ac\u003C\/strong\u003E\u003C\/p\u003E\u003C\/td\u003E\u003Ctd valign=\u0022top\u0022\u003E\u003Cp\u003E\u003Cstrong\u003E\u0026nbsp;\u0026nbsp;4,84\u003C\/strong\u003E\u003C\/p\u003E\u003C\/td\u003E\u003C\/tr\u003E\u003Ctr\u003E\u003Ctd colspan=\u00222\u0022 valign=\u0022top\u0022\u003E\u003Cp\u003E\u003Cstrong\u003E\u0026nbsp;Total (m\u00e9decin + conjoint)\u003C\/strong\u003E\u003C\/p\u003E\u003C\/td\u003E\u003Ctd valign=\u0022top\u0022\u003E\u003Cp\u003E\u003Cstrong\u003E10\u0026nbsp;200\u0026nbsp;\u20ac\u003C\/strong\u003E\u003C\/p\u003E\u003C\/td\u003E\u003Ctd valign=\u0022top\u0022\u003E\u003Cp\u003E\u003Cstrong\u003E\u0026nbsp;\u0026nbsp; -\u003C\/strong\u003E\u003C\/p\u003E\u003C\/td\u003E\u003C\/tr\u003E\u003Ctr\u003E\u003Ctd rowspan=\u00223\u0022 valign=\u0022top\u0022\u003E\u003Cp\u003E\u003Cstrong\u003E2\u003C\/strong\u003E\u003C\/p\u003E\u003C\/td\u003E\u003Ctd valign=\u0022top\u0022\u003E\u003Cp\u003E\u003Cstrong\u003E\u0026nbsp;Conjoint\u003C\/strong\u003E\u003C\/p\u003E\u003C\/td\u003E\u003Ctd valign=\u0022top\u0022\u003E\u003Cp\u003E\u003Cstrong\u003E\u0026nbsp;La moiti\u00e9\u003C\/strong\u003E\u003Cstrong\u003E\u0026nbsp;\u0026nbsp;de la cotisation du m\u00e9decin\u003C\/strong\u003E\u003C\/p\u003E\u003C\/td\u003E\u003Ctd valign=\u0022top\u0022\u003E\u003Cp\u003E\u003Cstrong\u003E4\u0026nbsp;080\u0026nbsp;\u20ac\u003C\/strong\u003E\u003C\/p\u003E\u003C\/td\u003E\u003Ctd valign=\u0022top\u0022\u003E\u003Cp\u003E\u003Cstrong\u003E\u0026nbsp;\u0026nbsp;2,43\u003C\/strong\u003E\u003C\/p\u003E\u003C\/td\u003E\u003C\/tr\u003E\u003Ctr\u003E\u003Ctd valign=\u0022top\u0022\u003E\u003Cp\u003E\u003Cstrong\u003E\u0026nbsp;M\u00e9decin\u003C\/strong\u003E\u003C\/p\u003E\u003C\/td\u003E\u003Ctd valign=\u0022top\u0022\u003E\u003Cp\u003E\u003Cstrong\u003E\u0026nbsp;Cotisation sur l\u0027int\u00e9gralit\u00e9 des revenus\u003C\/strong\u003E\u003C\/p\u003E\u003C\/td\u003E\u003Ctd valign=\u0022top\u0022\u003E\u003Cp\u003E\u003Cstrong\u003E8\u0026nbsp;160 \u20ac\u003C\/strong\u003E\u003C\/p\u003E\u003C\/td\u003E\u003Ctd valign=\u0022top\u0022\u003E\u003Cp\u003E\u003Cstrong\u003E\u0026nbsp;\u0026nbsp;4,84\u003C\/strong\u003E\u003C\/p\u003E\u003C\/td\u003E\u003C\/tr\u003E\u003Ctr\u003E\u003Ctd colspan=\u00222\u0022 valign=\u0022top\u0022\u003E\u003Cp\u003E\u003Cstrong\u003E\u0026nbsp;Total (m\u00e9decin + conjoint)\u003C\/strong\u003E\u003C\/p\u003E\u003C\/td\u003E\u003Ctd valign=\u0022top\u0022\u003E\u003Cp\u003E\u003Cstrong\u003E12\u0026nbsp;240\u0026nbsp;\u20ac\u003C\/strong\u003E\u003C\/p\u003E\u003C\/td\u003E\u003Ctd valign=\u0022top\u0022\u003E\u003Cp\u003E\u003Cstrong\u003E\u0026nbsp;\u0026nbsp; -\u003C\/strong\u003E\u003C\/p\u003E\u003C\/td\u003E\u003C\/tr\u003E\u003C\/tbody\u003E\u003C\/table\u003E\u003Cp\u003ESi aucun choix de cotisations n\u2019est effectu\u00e9, la cotisation est \u00e9gale au quart de celle du m\u00e9decin\u0026nbsp;(choix 1).\u003C\/p\u003E\u003Cp\u003E\u0026nbsp;\u003C\/p\u003E\u003Cp\u003E\u0026nbsp;\u003C\/p\u003E\u003Ctable border=\u00221\u0022 cellspacing=\u00220\u0022 cellpadding=\u00220\u0022 width=\u0022600\u0022\u003E\u003Ctbody\u003E\u003Ctr\u003E\u003Ctd colspan=\u00224\u0022 valign=\u0022top\u0022\u003E\u003Cp\u003E\u003Cstrong\u003ER\u00e9gime invalidit\u00e9-d\u00e9c\u00e8s\u003C\/strong\u003E\u003C\/p\u003E\u003C\/td\u003E\u003C\/tr\u003E\u003Ctr\u003E\u003Ctd valign=\u0022top\u0022\u003E\u003Cp\u003E\u003Cstrong\u003EChoix\u003C\/strong\u003E\u003C\/p\u003E\u003C\/td\u003E\u003Ctd valign=\u0022top\u0022\u003E\u003Cp\u003E\u003Cstrong\u003EPersonne concern\u00e9e\u003C\/strong\u003E\u003C\/p\u003E\u003C\/td\u003E\u003Ctd valign=\u0022top\u0022\u003E\u003Cp\u003E\u003Cstrong\u003ECotisations\u003C\/strong\u003E\u003C\/p\u003E\u003C\/td\u003E\u003Ctd valign=\u0022top\u0022\u003E\u003Cp\u003E\u003Cstrong\u003EMontants\u003C\/strong\u003E\u003C\/p\u003E\u003C\/td\u003E\u003C\/tr\u003E\u003Ctr\u003E\u003Ctd rowspan=\u00223\u0022 valign=\u0022top\u0022\u003E\u003Cp\u003E\u003Cstrong\u003E1\u003C\/strong\u003E\u003C\/p\u003E\u003C\/td\u003E\u003Ctd valign=\u0022top\u0022\u003E\u003Cp\u003E\u003Cstrong\u003E\u0026nbsp;Conjoint\u003C\/strong\u003E\u003C\/p\u003E\u003C\/td\u003E\u003Ctd valign=\u0022top\u0022\u003E\u003Cp\u003E\u003Cstrong\u003ELe quart\u0026nbsp;\u003C\/strong\u003E\u003Cstrong\u003Ede la cotisation\u0026nbsp;du m\u00e9decin\u003C\/strong\u003E\u003C\/p\u003E\u003C\/td\u003E\u003Ctd valign=\u0022top\u0022\u003E\u003Cp\u003E\u003Cstrong\u003E\u0026nbsp;\u0026nbsp;189\u0026nbsp;\u20ac\u003C\/strong\u003E\u003C\/p\u003E\u003C\/td\u003E\u003C\/tr\u003E\u003Ctr\u003E\u003Ctd valign=\u0022top\u0022\u003E\u003Cp\u003E\u003Cstrong\u003E\u0026nbsp;M\u00e9decin\u003C\/strong\u003E\u003C\/p\u003E\u003C\/td\u003E\u003Ctd valign=\u0022top\u0022\u003E\u003Cp\u003E\u003Cstrong\u003E\u0026nbsp;\u003C\/strong\u003E\u003C\/p\u003E\u003C\/td\u003E\u003Ctd valign=\u0022top\u0022\u003E\u003Cp\u003E\u003Cstrong\u003E\u0026nbsp;\u0026nbsp;754 \u20ac\u003C\/strong\u003E\u003C\/p\u003E\u003C\/td\u003E\u003C\/tr\u003E\u003Ctr\u003E\u003Ctd colspan=\u00222\u0022 valign=\u0022top\u0022\u003E\u003Cp\u003E\u003Cstrong\u003E\u0026nbsp;\u003C\/strong\u003E\u003C\/p\u003E\u003C\/td\u003E\u003Ctd valign=\u0022top\u0022\u003E\u003Cp\u003E\u003Cstrong\u003E\u0026nbsp;\u0026nbsp;943\u0026nbsp;\u20ac\u003C\/strong\u003E\u003C\/p\u003E\u003C\/td\u003E\u003C\/tr\u003E\u003Ctr\u003E\u003Ctd rowspan=\u00223\u0022 valign=\u0022top\u0022\u003E\u003Cp\u003E\u003Cstrong\u003E2\u003C\/strong\u003E\u003C\/p\u003E\u003C\/td\u003E\u003Ctd valign=\u0022top\u0022\u003E\u003Cp\u003E\u003Cstrong\u003E\u0026nbsp;Conjoint\u003C\/strong\u003E\u003C\/p\u003E\u003C\/td\u003E\u003Ctd valign=\u0022top\u0022\u003E\u003Cp\u003E\u003Cstrong\u003ELa moiti\u00e9\u0026nbsp;\u003C\/strong\u003E\u003Cstrong\u003Ede la cotisation\u0026nbsp;du m\u00e9decin\u003C\/strong\u003E\u003C\/p\u003E\u003C\/td\u003E\u003Ctd valign=\u0022top\u0022\u003E\u003Cp\u003E\u003Cstrong\u003E\u0026nbsp;\u0026nbsp;377\u0026nbsp;\u20ac\u003C\/strong\u003E\u003C\/p\u003E\u003C\/td\u003E\u003C\/tr\u003E\u003Ctr\u003E\u003Ctd valign=\u0022top\u0022\u003E\u003Cp\u003E\u003Cstrong\u003E\u0026nbsp;M\u00e9decin\u003C\/strong\u003E\u003C\/p\u003E\u003C\/td\u003E\u003Ctd valign=\u0022top\u0022\u003E\u003Cp\u003E\u003Cstrong\u003E\u0026nbsp;\u003C\/strong\u003E\u003C\/p\u003E\u003C\/td\u003E\u003Ctd valign=\u0022top\u0022\u003E\u003Cp\u003E\u003Cstrong\u003E\u0026nbsp;\u0026nbsp;754\u0026nbsp;\u20ac\u003C\/strong\u003E\u003C\/p\u003E\u003C\/td\u003E\u003C\/tr\u003E\u003Ctr\u003E\u003Ctd colspan=\u00222\u0022 valign=\u0022top\u0022\u003E\u003Cp\u003E\u003Cstrong\u003E\u0026nbsp;Total (m\u00e9decin + conjoint)\u003C\/strong\u003E\u003C\/p\u003E\u003C\/td\u003E\u003Ctd valign=\u0022top\u0022\u003E\u003Cp\u003E\u003Cstrong\u003E1\u0026nbsp;131\u0026nbsp;\u20ac\u003C\/strong\u003E\u003C\/p\u003E\u003C\/td\u003E\u003C\/tr\u003E\u003C\/tbody\u003E\u003C\/table\u003E\u003Cp\u003E\u003Cbr\u003E\u003Cbr\u003ESi aucun choix de cotisations n\u2019est effectu\u00e9, la cotisation est \u00e9gale au quart de celle du m\u00e9decin (choix 1)\u003Cstrong\u003E.\u003C\/strong\u003E\u003C\/p\u003E                                            \u003Cp\u003E\u003Cbr \/\u003E\u003Cstrong\u003ESource :\u003C\/strong\u003E\u003Cstrong\u003E\u00a0\u003C\/strong\u003E\u003C\/p\u003E\u003Cul\u003E\u003Cli\u003E\u003Ca href=\u0022https:\/\/www.urssaf.fr\/accueil\/independant\/praticien-auxiliaire-medical\/cotisations-medecin-secteur-1.html\u0022 target=\u0022_blank\u0022\u003ELes cotisations d\u2019un m\u00e9decin de secteur 1 - Urssaf.fr\u003C\/a\u003E\u003C\/li\u003E\u003Cli\u003E\u003Ca href=\u0022https:\/\/www.carmf.fr\/page.php?page=cdrom\/coti\/coti-conjoint.htm\u0022 target=\u0022_blank\u0022\u003ELa caisse autonome de retraite des m\u00e9decins de France - Carmf.fr\u003C\/a\u003E\u003C\/li\u003E\u003C\/ul\u003E\u003C\/div\u003E","annee":"2025","theme":" Indices, taux, bar\u00e8mes sociaux","activites":["Sant\u00e9"],"image":"https:\/\/www.weblex.fr\/sites\/default\/files\/chiffres_clef\/Shutterstock_cotisationsmedecins.jpg","created":"2025-12-01","modified":"2025-12-30"},{"url":"\/chiffres-cles\/tableau-des-cotisations-sociales-dues-par-les-agents-generaux-d-assurance-annee-2025","id":27060,"title":"Tableau des cotisations sociales dues par les agents-g\u00e9n\u00e9raux d\u0027assurance - Ann\u00e9e 2025","content":"\u003Cdiv\u003E                                              \u003Cp\u003E\u003Cstrong\u003E1\/ Assiette et taux des cotisations\u003C\/strong\u003E\u003Cbr\u003E\u003Cbr\u003ETableau r\u00e9capitulatif des cotisations sociales au 1er janvier 2025\u0026nbsp;\u0026nbsp;\u0026nbsp;                \u003C\/p\u003E\u003Cdiv class=\u0022WordSection1\u0022\u003E\u003Ctable class=\u0022MsoNormalTable\u0022 border=\u00221\u0022 cellspacing=\u00220\u0022 cellpadding=\u00220\u0022 width=\u0022614\u0022\u003E\u003Ctbody\u003E\u003Ctr\u003E\u003Ctd width=\u0022151\u0022\u003E\u003Cp class=\u0022MsoNormal\u0022 align=\u0022center\u0022\u003E\u003Cstrong\u003ECotisation\u003C\/strong\u003E\u003C\/p\u003E\u003C\/td\u003E\u003Ctd width=\u0022225\u0022\u003E\u003Cp class=\u0022MsoNormal\u0022 align=\u0022center\u0022\u003E\u003Cstrong\u003EBase de calcul\u003C\/strong\u003E\u003C\/p\u003E\u003C\/td\u003E\u003Ctd width=\u0022239\u0022\u003E\u003Cp class=\u0022MsoNormal\u0022 align=\u0022center\u0022\u003E\u003Cstrong\u003ETaux\/montant\u003C\/strong\u003E\u003C\/p\u003E\u003C\/td\u003E\u003C\/tr\u003E\u003Ctr\u003E\u003Ctd width=\u0022151\u0022 rowspan=\u00224\u0022\u003E\u003Cp class=\u0022MsoNormal\u0022 align=\u0022center\u0022\u003EMaladie-maternit\u00e9\u003C\/p\u003E\u003C\/td\u003E\u003Ctd width=\u0022225\u0022\u003E\u003Cp class=\u0022MsoNormal\u0022 align=\u0022center\u0022\u003ERevenus inf\u00e9rieurs \u00e0 18 840 \u20ac (soit 40 % du plafond annuel de la S\u00e9curit\u00e9 sociale)\u003C\/p\u003E\u003C\/td\u003E\u003Ctd width=\u0022239\u0022\u003E\u003Cp class=\u0022MsoNormal\u0022 align=\u0022center\u0022\u003E0 %\u003C\/p\u003E\u003C\/td\u003E\u003C\/tr\u003E\u003Ctr\u003E\u003Ctd width=\u0022225\u0022\u003E\u003Cp class=\u0022MsoNormal\u0022 align=\u0022center\u0022\u003ERevenus compris entre 18 840 \u20ac et 28 260 \u20ac inclus (soit 40 % et 60 % du plafond annuel de la S\u00e9curit\u00e9 sociale)\u003C\/p\u003E\u003C\/td\u003E\u003Ctd width=\u0022239\u0022\u003E\u003Cp class=\u0022MsoNormal\u0022 align=\u0022center\u0022\u003ETaux progressif de 0 \u00e0 4 %\u003C\/p\u003E\u003C\/td\u003E\u003C\/tr\u003E\u003Ctr\u003E\u003Ctd width=\u0022225\u0022\u003E\u003Cp class=\u0022MsoNormal\u0022 align=\u0022center\u0022\u003ERevenus sup\u00e9rieurs \u00e0 28 260 \u20ac jusqu\u2019\u00e0 51 810 \u20ac \u20ac (soit 60 % et 110 % du plafond annuel de la S\u00e9curit\u00e9 Sociale)\u003C\/p\u003E\u003C\/td\u003E\u003Ctd width=\u0022239\u0022\u003E\u003Cp class=\u0022MsoNormal\u0022 align=\u0022center\u0022\u003ETaux progressif de 4 \u00e0 6,50 %\u003C\/p\u003E\u003C\/td\u003E\u003C\/tr\u003E\u003Ctr\u003E\u003Ctd width=\u0022225\u0022\u003E\u003Cp class=\u0022MsoNormal\u0022 align=\u0022center\u0022\u003E\u003Ca\u003ERevenus sup\u00e9rieurs \u00e0 51 810 \u20ac (soit 110 % du plafond annuel de S\u00e9curit\u00e9 Sociale)\u003C\/a\u003E\u003C\/p\u003E\u003C\/td\u003E\u003Ctd width=\u0022239\u0022\u003E\u003Cp class=\u0022MsoNormal\u0022 align=\u0022center\u0022\u003E6,50 %\u003C\/p\u003E\u003C\/td\u003E\u003C\/tr\u003E\u003Ctr\u003E\u003Ctd width=\u0022151\u0022\u003E\u003Cp class=\u0022MsoNormal\u0022 align=\u0022center\u0022\u003EIndemnit\u00e9s journali\u00e8res\u003C\/p\u003E\u003C\/td\u003E\u003Ctd width=\u0022225\u0022\u003E\u003Cp class=\u0022MsoNormal\u0022 align=\u0022center\u0022\u003ERevenus plafonn\u00e9s \u00e0 141 300 \u20ac (3\u0026nbsp;fois le plafond annuel de la S\u00e9curit\u00e9 sociale)\u003C\/p\u003E\u003Cp class=\u0022MsoNormal\u0022\u003E\u0026nbsp;\u003C\/p\u003E\u003C\/td\u003E\u003Ctd width=\u0022239\u0022\u003E\u003Cp class=\u0022MsoNormal\u0022 align=\u0022center\u0022\u003E0,30 %\u003C\/p\u003E\u003C\/td\u003E\u003C\/tr\u003E\u003Ctr\u003E\u003Ctd width=\u0022151\u0022 rowspan=\u00223\u0022\u003E\u003Cp class=\u0022MsoNormal\u0022 align=\u0022center\u0022\u003EAllocations familiales\u003C\/p\u003E\u003C\/td\u003E\u003Ctd width=\u0022225\u0022\u003E\u003Cp class=\u0022MsoNormal\u0022 align=\u0022center\u0022\u003ERevenus inf\u00e9rieurs \u00e0 51 810 \u20ac (110\u0026nbsp;% du plafond annuel de la S\u00e9curit\u00e9 sociale)\u003C\/p\u003E\u003C\/td\u003E\u003Ctd width=\u0022239\u0022\u003E\u003Cp class=\u0022MsoNormal\u0022 align=\u0022center\u0022\u003E0 %\u003C\/p\u003E\u003C\/td\u003E\u003C\/tr\u003E\u003Ctr\u003E\u003Ctd width=\u0022225\u0022\u003E\u003Cp class=\u0022MsoNormal\u0022 align=\u0022center\u0022\u003ERevenus compris entre 51 810 \u20ac et 65 940 \u20ac (entre 110 % et 140 % du plafond annuel de la S\u00e9curit\u00e9 sociale)\u003C\/p\u003E\u003C\/td\u003E\u003Ctd width=\u0022239\u0022\u003E\u003Cp class=\u0022MsoNormal\u0022 align=\u0022center\u0022\u003E\u003Cbr\u003EDe 0 et 3,10 %\u003C\/p\u003E\u003C\/td\u003E\u003C\/tr\u003E\u003Ctr\u003E\u003Ctd width=\u0022225\u0022\u003E\u003Cp class=\u0022MsoNormal\u0022 align=\u0022center\u0022\u003ERevenus sup\u00e9rieurs \u00e0 65 940 \u20ac (140 % du plafond annuel de la S\u00e9curit\u00e9 sociale) \u0026nbsp;\u003C\/p\u003E\u003C\/td\u003E\u003Ctd width=\u0022239\u0022\u003E\u003Cp class=\u0022MsoNormal\u0022 align=\u0022center\u0022\u003E3,10 %\u003C\/p\u003E\u003C\/td\u003E\u003C\/tr\u003E\u003Ctr\u003E\u003Ctd width=\u0022151\u0022 rowspan=\u00222\u0022\u003E\u003Cp class=\u0022MsoNormal\u0022 align=\u0022center\u0022\u003E\u003Ca\u003ERetraite de base\u003C\/a\u003E\u003Cbr\u003E(RBL)\u003C\/p\u003E\u003C\/td\u003E\u003Ctd width=\u0022225\u0022\u003E\u003Cp class=\u0022MsoNormal\u0022 align=\u0022center\u0022\u003EDans la limite de 47 100 \u20ac\u003C\/p\u003E\u003C\/td\u003E\u003Ctd width=\u0022239\u0022\u003E\u003Cp class=\u0022MsoNormal\u0022 align=\u0022center\u0022\u003E8,23 %\u003C\/p\u003E\u003C\/td\u003E\u003C\/tr\u003E\u003Ctr\u003E\u003Ctd width=\u0022225\u0022\u003E\u003Cp class=\u0022MsoNormal\u0022 align=\u0022center\u0022\u003EDans la limite de 235 500 \u20ac (5 fois le plafond annuel de la S\u00e9curit\u00e9 sociale)\u003C\/p\u003E\u003C\/td\u003E\u003Ctd width=\u0022239\u0022\u003E\u003Cp class=\u0022MsoNormal\u0022 align=\u0022center\u0022\u003E1,87 %\u003C\/p\u003E\u003C\/td\u003E\u003C\/tr\u003E\u003Ctr\u003E\u003Ctd width=\u0022151\u0022\u003E\u003Cp class=\u0022MsoNormal\u0022 align=\u0022center\u0022\u003E\u003Ca\u003ERetraite compl\u00e9mentaire\u003C\/a\u003E\u003Cbr\u003E(RCO)\u003C\/p\u003E\u003C\/td\u003E\u003Ctd width=\u0022225\u0022\u003E\u003Cp class=\u0022MsoNormal\u0022 align=\u0022center\u0022\u003ECommission et r\u00e9mun\u00e9rations brutes per\u00e7ues dans la limite de 601 709 \u20ac\u003C\/p\u003E\u003C\/td\u003E\u003Ctd width=\u0022239\u0022\u003E\u003Cp class=\u0022MsoNormal\u0022 align=\u0022center\u0022\u003E7,66 %\u003C\/p\u003E\u003Cp class=\u0022MsoNormal\u0022 align=\u0022center\u0022\u003E(dont 2,50 % pris en charge par les compagnies mandantes de l\u2019agent g\u00e9n\u00e9ral d\u2019assurance)\u003C\/p\u003E\u003C\/td\u003E\u003C\/tr\u003E\u003Ctr\u003E\u003Ctd width=\u0022151\u0022\u003E\u003Cp class=\u0022MsoNormal\u0022 align=\u0022center\u0022\u003EInvalidit\u00e9 \u2013 D\u00e9c\u00e8s (\u00e0 partir de la 2\u00e8me\u0026nbsp;ann\u00e9e)\u003Cbr\u003E(RID)\u003C\/p\u003E\u003C\/td\u003E\u003Ctd width=\u0022225\u0022\u003E\u003Cp class=\u0022MsoNormal\u0022 align=\u0022center\u0022\u003ECommission et r\u00e9mun\u00e9rations brutes per\u00e7ues dans la limite de 601 709 \u20ac\u003C\/p\u003E\u003C\/td\u003E\u003Ctd width=\u0022239\u0022\u003E\u003Cp class=\u0022MsoNormal\u0022 align=\u0022center\u0022\u003E0,70 %\u003C\/p\u003E\u003C\/td\u003E\u003C\/tr\u003E\u003Ctr\u003E\u003Ctd width=\u0022151\u0022\u003E\u003Cp class=\u0022MsoNormal\u0022 align=\u0022center\u0022\u003ECSG\/CRDS\u003C\/p\u003E\u003C\/td\u003E\u003Ctd width=\u0022225\u0022\u003E\u003Cp class=\u0022MsoNormal\u0022 align=\u0022center\u0022\u003EMontant du revenu professionnel + cotisations sociales obligatoires\u003Cbr\u003E\u003Cbr\u003ERevenus de remplacement\u003C\/p\u003E\u003C\/td\u003E\u003Ctd width=\u0022239\u0022\u003E\u003Cp class=\u0022MsoNormal\u0022 align=\u0022center\u0022\u003E9,70 %\u003Cbr\u003E\u003Cbr\u003E\u003Cbr\u003E6,70 %\u003C\/p\u003E\u003C\/td\u003E\u003C\/tr\u003E\u003Ctr\u003E\u003Ctd width=\u0022151\u0022\u003E\u003Cp class=\u0022MsoNormal\u0022 align=\u0022center\u0022\u003EContribution \u00e0 la formation professionnelle\u003C\/p\u003E\u003C\/td\u003E\u003Ctd width=\u0022225\u0022\u003E\u003Cp class=\u0022MsoNormal\u0022 align=\u0022center\u0022\u003ESur la base de 47 100 \u20ac\u003C\/p\u003E\u003C\/td\u003E\u003Ctd width=\u0022239\u0022\u003E\u003Cp class=\u0022MsoNormal\u0022 align=\u0022center\u0022\u003E0,25 %\u003C\/p\u003E\u003Cp class=\u0022MsoNormal\u0022 align=\u0022center\u0022\u003E(0,34 % en pr\u00e9sence d\u2019un conjoint collaborateur)\u003C\/p\u003E\u003C\/td\u003E\u003C\/tr\u003E\u003C\/tbody\u003E\u003C\/table\u003E\u003Cp class=\u0022MsoNormal\u0022\u003E\u0026nbsp;\u003C\/p\u003E\u003C\/div\u003E\u003Cp\u003E\u003Cstrong\u003E2\/ Assiette et cotisations minimales\u003C\/strong\u003E\u003Cbr\u003E\u0026nbsp;\u003C\/p\u003E\u003Cp\u003EEn cas de revenus inf\u00e9rieurs \u00e0 un certain seuil, les cotisations sont calcul\u00e9es sur une base annuelle minimale.\u0026nbsp;        \u003C\/p\u003E\u003Cdiv class=\u0022WordSection1\u0022\u003E\u003Ctable class=\u0022MsoNormalTable\u0022 border=\u00221\u0022 cellspacing=\u00220\u0022 cellpadding=\u00220\u0022 width=\u0022604\u0022\u003E\u003Ctbody\u003E\u003Ctr\u003E\u003Ctd width=\u0022122\u0022 valign=\u0022bottom\u0022\u003E\u003Cp class=\u0022MsoNormal\u0022 align=\u0022center\u0022\u003E\u003Cstrong\u003ECotisation\u003C\/strong\u003E\u003C\/p\u003E\u003C\/td\u003E\u003Ctd width=\u0022274\u0022 valign=\u0022bottom\u0022\u003E\u003Cp class=\u0022MsoNormal\u0022 align=\u0022center\u0022\u003E\u003Cstrong\u003EAssiette minimale\u003C\/strong\u003E\u003C\/p\u003E\u003C\/td\u003E\u003Ctd width=\u0022208\u0022 valign=\u0022bottom\u0022\u003E\u003Cp class=\u0022MsoNormal\u0022 align=\u0022center\u0022\u003E\u003Cstrong\u003EMontant annuel des cotisations\u003C\/strong\u003E\u003C\/p\u003E\u003C\/td\u003E\u003C\/tr\u003E\u003Ctr\u003E\u003Ctd width=\u0022122\u0022 valign=\u0022bottom\u0022\u003E\u003Cp class=\u0022MsoNormal\u0022 align=\u0022center\u0022\u003ERetraite de base\u003Cbr\u003E(RBL)\u003C\/p\u003E\u003C\/td\u003E\u003Ctd width=\u0022274\u0022 valign=\u0022bottom\u0022\u003E\u003Cp class=\u0022MsoNormal\u0022 align=\u0022center\u0022\u003E5\u0026nbsp;346 \u20ac\u003C\/p\u003E\u003C\/td\u003E\u003Ctd width=\u0022208\u0022 valign=\u0022bottom\u0022\u003E\u003Cp class=\u0022MsoNormal\u0022 align=\u0022center\u0022\u003E540 \u20ac\u003C\/p\u003E\u003C\/td\u003E\u003C\/tr\u003E\u003Ctr\u003E\u003Ctd width=\u0022122\u0022 valign=\u0022bottom\u0022\u003E\u003Cp class=\u0022MsoNormal\u0022 align=\u0022center\u0022\u003EIndemnit\u00e9s journali\u00e8res\u003C\/p\u003E\u003C\/td\u003E\u003Ctd width=\u0022274\u0022 valign=\u0022bottom\u0022\u003E\u003Cp class=\u0022MsoNormal\u0022 align=\u0022center\u0022\u003E18 840 \u20ac\u003C\/p\u003E\u003C\/td\u003E\u003Ctd width=\u0022208\u0022 valign=\u0022bottom\u0022\u003E\u003Cp class=\u0022MsoNormal\u0022 align=\u0022center\u0022\u003E57 \u20ac\u003C\/p\u003E\u003C\/td\u003E\u003C\/tr\u003E\u003Ctr\u003E\u003Ctd width=\u0022122\u0022 valign=\u0022bottom\u0022\u003E\u003Cp class=\u0022MsoNormal\u0022 align=\u0022center\u0022\u003EFormation professionnelle (cotisation forfaitaire)\u003C\/p\u003E\u003C\/td\u003E\u003Ctd width=\u0022274\u0022 valign=\u0022bottom\u0022\u003E\u003Cp class=\u0022MsoNormal\u0022 align=\u0022center\u0022\u003E47 100 \u20ac\u003C\/p\u003E\u003C\/td\u003E\u003Ctd width=\u0022208\u0022 valign=\u0022bottom\u0022\u003E\u003Cp class=\u0022MsoNormal\u0022 align=\u0022center\u0022\u003E118 \u20ac\u003C\/p\u003E\u003C\/td\u003E\u003C\/tr\u003E\u003C\/tbody\u003E\u003C\/table\u003E\u003Cp\u003E\u003Cstrong\u003E3\/ Assiette \u0026nbsp;et cotisations en d\u00e9but d\u2019activit\u00e9 (2 premi\u00e8res ann\u00e9es d\u2019activit\u00e9)\u003C\/strong\u003E\u0026nbsp;\u003C\/p\u003E\u003Cdiv class=\u0022WordSection1\u0022\u003E\u003Ctable class=\u0022MsoNormalTable\u0022 border=\u00221\u0022 cellspacing=\u00220\u0022 cellpadding=\u00220\u0022 width=\u0022604\u0022\u003E\u003Ctbody\u003E\u003Ctr\u003E\u003Ctd width=\u0022123\u0022 valign=\u0022bottom\u0022\u003E\u003Cp class=\u0022MsoNormal\u0022 align=\u0022center\u0022\u003E\u003Cstrong\u003EAu titre de la\u2026\u003C\/strong\u003E\u003C\/p\u003E\u003C\/td\u003E\u003Ctd width=\u0022273\u0022 valign=\u0022bottom\u0022\u003E\u003Cp class=\u0022MsoNormal\u0022 align=\u0022center\u0022\u003E\u003Cstrong\u003EAssiette\u003C\/strong\u003E\u003C\/p\u003E\u003C\/td\u003E\u003Ctd width=\u0022208\u0022 valign=\u0022bottom\u0022\u003E\u003Cp class=\u0022MsoNormal\u0022 align=\u0022center\u0022\u003E\u003Cstrong\u003ECotisation\u003C\/strong\u003E\u003C\/p\u003E\u003C\/td\u003E\u003C\/tr\u003E\u003Ctr\u003E\u003Ctd width=\u0022123\u0022 valign=\u0022bottom\u0022\u003E\u003Cp class=\u0022MsoNormal\u0022 align=\u0022center\u0022\u003E1re\u0026nbsp;ann\u00e9e d\u2019affiliation\u003C\/p\u003E\u003C\/td\u003E\u003Ctd width=\u0022273\u0022 valign=\u0022bottom\u0022\u003E\u003Cp class=\u0022MsoNormal\u0022 align=\u0022center\u0022\u003E8\u0026nbsp;949 \u20ac (19% du PASS 2024)\u003C\/p\u003E\u003C\/td\u003E\u003Ctd width=\u0022208\u0022 valign=\u0022bottom\u0022\u003E\u003Cp class=\u0022MsoNormal\u0022 align=\u0022center\u0022\u003E904 \u20ac\u003C\/p\u003E\u003C\/td\u003E\u003C\/tr\u003E\u003Ctr\u003E\u003Ctd width=\u0022123\u0022 valign=\u0022bottom\u0022\u003E\u003Cp class=\u0022MsoNormal\u0022 align=\u0022center\u0022\u003E2e\u0026nbsp;ann\u00e9e d\u2019affiliation\u003C\/p\u003E\u003C\/td\u003E\u003Ctd width=\u0022273\u0022 valign=\u0022bottom\u0022\u003E\u003Cp class=\u0022MsoNormal\u0022 align=\u0022center\u0022\u003E8\u0026nbsp;810 \u20ac (19 % PASS 2025)\u003C\/p\u003E\u003C\/td\u003E\u003Ctd width=\u0022208\u0022 valign=\u0022bottom\u0022\u003E\u003Cp class=\u0022MsoNormal\u0022 align=\u0022center\u0022\u003E890 \u20ac\u003C\/p\u003E\u003C\/td\u003E\u003C\/tr\u003E\u003C\/tbody\u003E\u003C\/table\u003E\u003Cp class=\u0022MsoNormal\u0022\u003E\u0026nbsp;\u003C\/p\u003E\u003C\/div\u003E\u003C\/div\u003E                                            \u003Cp\u003E\u003Cbr \/\u003E\u003Cstrong\u003ESource :\u003C\/strong\u003E\u003Cstrong\u003E\u00a0\u003C\/strong\u003E\u003C\/p\u003E\u003Cul\u003E\u003Cli\u003E\u003Ca href=\u0022https:\/\/www.urssaf.fr\/accueil\/outils-documentation\/taux-baremes\/taux-cotisations-plr-hors-cipav.html\u0022 target=\u0022_blank\u0022\u003ETaux de cotisations - Professions lib\u00e9rales r\u00e9glement\u00e9es hors Cipav - Ann\u00e9e 2025\u003C\/a\u003E\u003C\/li\u003E\u003Cli\u003E\u003Ca href=\u0022https:\/\/www.cavamac.fr\/\u0022 target=\u0022_blank\u0022\u003ECAVAMAC - La retraite des agents g\u00e9n\u00e9raux d\u0027assurance\u0026nbsp;\u003C\/a\u003E\u003C\/li\u003E\u003C\/ul\u003E\u003C\/div\u003E","annee":"2025","theme":" Indices, taux, bar\u00e8mes sociaux","activites":["Professionnels du droit et du chiffre"],"image":"https:\/\/www.weblex.fr\/sites\/default\/files\/chiffres_clef\/Shutterstock_chiffrecleexpertcomptable.jpg","created":"2025-12-01","modified":"2025-12-08"},{"url":"\/chiffres-cles\/tableau-des-cotisations-sociales-dues-par-les-commercants-annee-2025","id":27083,"title":"Tableau des cotisations sociales dues par les commer\u00e7ants - Ann\u00e9e 2025 ","content":"\u003Cdiv\u003E                                              \u003Cp\u003ELa base de calcul et les bar\u00e8mes des cotisations et contributions sociales des travailleurs ind\u00e9pendants vont \u00e9voluer \u00e0 compter de la r\u00e9gularisation des cotisations de l\u2019ann\u00e9e 2025 (apr\u00e8s la d\u00e9claration des revenus 2025, en 2026).\u003Cbr\u003E\u003Cbr\u003E\u003Cstrong\u003E1\/ Assiette et taux des cotisations\u003C\/strong\u003E\u003Cbr\u003E\u003Cbr\u003ETableau r\u00e9capitulatif des cotisations sociales au 1er janvier 2025\u003Cbr\u003E                                \u003C\/p\u003E\u003Cdiv class=\u0022WordSection1\u0022\u003E\u003Ctable class=\u0022MsoNormalTable\u0022 border=\u00220\u0022 cellspacing=\u00220\u0022 cellpadding=\u00220\u0022 width=\u0022614\u0022\u003E\u003Ctbody\u003E\u003Ctr\u003E\u003Ctd width=\u0022132\u0022\u003E\u003Cp class=\u0022MsoNormal\u0022\u003E\u003Cstrong\u003ECotisation\u003C\/strong\u003E\u003C\/p\u003E\u003C\/td\u003E\u003Ctd width=\u0022225\u0022\u003E\u003Cp class=\u0022MsoNormal\u0022\u003E\u003Cstrong\u003EBase de calcul\u003C\/strong\u003E\u003C\/p\u003E\u003C\/td\u003E\u003Ctd width=\u0022257\u0022\u003E\u003Cp class=\u0022MsoNormal\u0022\u003E\u003Cstrong\u003ETaux applicable\u003C\/strong\u003E\u003C\/p\u003E\u003C\/td\u003E\u003C\/tr\u003E\u003Ctr\u003E\u003Ctd width=\u0022132\u0022 rowspan=\u00225\u0022\u003E\u003Cp class=\u0022MsoNormal\u0022\u003EMaladie-maternit\u00e9\u003C\/p\u003E\u003C\/td\u003E\u003Ctd width=\u0022225\u0022\u003E\u003Cp class=\u0022MsoNormal\u0022\u003ERevenus inf\u00e9rieurs \u00e0 18 840 \u20ac\u003C\/p\u003E\u003C\/td\u003E\u003Ctd width=\u0022257\u0022\u003E\u003Cp class=\u0022MsoNormal\u0022\u003E0 %\u003C\/p\u003E\u003C\/td\u003E\u003C\/tr\u003E\u003Ctr\u003E\u003Ctd width=\u0022225\u0022\u003E\u003Cp class=\u0022MsoNormal\u0022\u003E\u0026nbsp;Revenus compris entre 18 840 \u20ac et 28 260 \u20ac\u003C\/p\u003E\u003C\/td\u003E\u003Ctd width=\u0022257\u0022\u003E\u003Cp class=\u0022MsoNormal\u0022\u003ETaux progressif :\u003C\/p\u003E\u003Cp class=\u0022MsoNormal\u0022\u003E0,5 % \u00e0 4,5 %\u003C\/p\u003E\u003C\/td\u003E\u003C\/tr\u003E\u003Ctr\u003E\u003Ctd width=\u0022225\u0022\u003E\u003Cp class=\u0022MsoNormal\u0022\u003ERevenus sup\u00e9rieurs \u00e0 28 260 \u20ac et jusqu\u2019\u00e0 51 810 \u20ac\u003C\/p\u003E\u003C\/td\u003E\u003Ctd width=\u0022257\u0022\u003E\u003Cp class=\u0022MsoNormal\u0022\u003EDe 4 ,5 % \u00e0 7,20 %\u003C\/p\u003E\u003C\/td\u003E\u003C\/tr\u003E\u003Ctr\u003E\u003Ctd width=\u0022225\u0022\u003E\u003Cp class=\u0022MsoNormal\u0022\u003ERevenus compris entre 51 810 \u20ac et 235 500 \u20ac inclus\u003C\/p\u003E\u003Cp class=\u0022MsoNormal\u0022\u003E\u0026nbsp;\u003C\/p\u003E\u003C\/td\u003E\u003Ctd width=\u0022257\u0022\u003E\u003Cp class=\u0022MsoNormal\u0022\u003E7,20%\u003C\/p\u003E\u003C\/td\u003E\u003C\/tr\u003E\u003Ctr\u003E\u003Ctd width=\u0022225\u0022\u003E\u003Cp class=\u0022MsoNormal\u0022\u003EFraction des revenus sup\u00e9rieure 235 500 \u20ac\u003C\/p\u003E\u003C\/td\u003E\u003Ctd width=\u0022257\u0022\u003E\u003Cp class=\u0022MsoNormal\u0022\u003E6,50 %\u003C\/p\u003E\u003C\/td\u003E\u003C\/tr\u003E\u003Ctr\u003E\u003Ctd width=\u0022132\u0022\u003E\u003Cp class=\u0022MsoNormal\u0022\u003EIndemnit\u00e9s journali\u00e8res de s\u00e9curit\u00e9 sociales\u003C\/p\u003E\u003C\/td\u003E\u003Ctd width=\u0022225\u0022\u003E\u003Cp class=\u0022MsoNormal\u0022\u003ERevenus inf\u00e9rieurs \u00e0 235\u0026nbsp;500 \u20ac\u003C\/p\u003E\u003C\/td\u003E\u003Ctd width=\u0022257\u0022\u003E\u003Cp class=\u0022MsoNormal\u0022\u003E0,50%\u003C\/p\u003E\u003C\/td\u003E\u003C\/tr\u003E\u003Ctr\u003E\u003Ctd width=\u0022132\u0022 rowspan=\u00223\u0022\u003E\u003Cp class=\u0022MsoNormal\u0022\u003EAllocations familiales\u0026nbsp;\u003C\/p\u003E\u003C\/td\u003E\u003Ctd width=\u0022225\u0022\u003E\u003Cp class=\u0022MsoNormal\u0022\u003ERevenus inf\u00e9rieurs \u00e0 51 810\u20ac (110\u0026nbsp;% du plafond annuel de la S\u00e9curit\u00e9 sociale)\u003C\/p\u003E\u003C\/td\u003E\u003Ctd width=\u0022257\u0022\u003E\u003Cp class=\u0022MsoNormal\u0022\u003E0 %\u003C\/p\u003E\u003C\/td\u003E\u003C\/tr\u003E\u003Ctr\u003E\u003Ctd width=\u0022225\u0022\u003E\u003Cp class=\u0022MsoNormal\u0022\u003ERevenus compris entre 51 810 \u20ac et 57 740 \u20ac (110 % et 140 % du Pass)\u003C\/p\u003E\u003C\/td\u003E\u003Ctd width=\u0022257\u0022\u003E\u003Cp class=\u0022MsoNormal\u0022\u003ETaux progressif\u0026nbsp;:\u003C\/p\u003E\u003Cp class=\u0022MsoNormal\u0022\u003E0 \u00e0 3,10 %\u003C\/p\u003E\u003C\/td\u003E\u003C\/tr\u003E\u003Ctr\u003E\u003Ctd width=\u0022225\u0022\u003E\u003Cp class=\u0022MsoNormal\u0022\u003ERevenus sup\u00e9rieurs \u00e0 57 540\u20ac (140 % du Pass)\u003C\/p\u003E\u003C\/td\u003E\u003Ctd width=\u0022257\u0022\u003E\u003Cp class=\u0022MsoNormal\u0022\u003E3,10 %\u003C\/p\u003E\u003C\/td\u003E\u003C\/tr\u003E\u003Ctr\u003E\u003Ctd width=\u0022132\u0022 rowspan=\u00222\u0022\u003E\u003Cp class=\u0022MsoNormal\u0022\u003ERetraite de base\u003C\/p\u003E\u003C\/td\u003E\u003Ctd width=\u0022225\u0022\u003E\u003Cp class=\u0022MsoNormal\u0022\u003EDans la limite de 47 100 \u20ac\u003C\/p\u003E\u003C\/td\u003E\u003Ctd width=\u0022257\u0022\u003E\u003Cp class=\u0022MsoNormal\u0022\u003E17,75 %\u003C\/p\u003E\u003C\/td\u003E\u003C\/tr\u003E\u003Ctr\u003E\u003Ctd width=\u0022225\u0022\u003E\u003Cp class=\u0022MsoNormal\u0022\u003EAu-del\u00e0 de 47 100\u20ac\u003C\/p\u003E\u003C\/td\u003E\u003Ctd width=\u0022257\u0022\u003E\u003Cp class=\u0022MsoNormal\u0022\u003E0,60 %\u003C\/p\u003E\u003C\/td\u003E\u003C\/tr\u003E\u003Ctr\u003E\u003Ctd width=\u0022132\u0022 rowspan=\u00222\u0022\u003E\u003Cp class=\u0022MsoNormal\u0022\u003ERetraite compl\u00e9mentaire\u003C\/p\u003E\u003C\/td\u003E\u003Ctd width=\u0022225\u0022\u003E\u003Cp class=\u0022MsoNormal\u0022\u003EDans la limite de 43 891 \u20ac\u003C\/p\u003E\u003C\/td\u003E\u003Ctd width=\u0022257\u0022\u003E\u003Cp class=\u0022MsoNormal\u0022\u003E7 %\u003C\/p\u003E\u003C\/td\u003E\u003C\/tr\u003E\u003Ctr\u003E\u003Ctd width=\u0022225\u0022\u003E\u003Cp class=\u0022MsoNormal\u0022\u003EEntre 43 891 \u20ac et 188 400 \u20ac (4 PASS)\u003C\/p\u003E\u003C\/td\u003E\u003Ctd width=\u0022257\u0022\u003E\u003Cp class=\u0022MsoNormal\u0022\u003E8 %\u003C\/p\u003E\u003C\/td\u003E\u003C\/tr\u003E\u003Ctr\u003E\u003Ctd width=\u0022132\u0022\u003E\u003Cp class=\u0022MsoNormal\u0022\u003EInvalidit\u00e9 \u2013 D\u00e9c\u00e8s\u003C\/p\u003E\u003C\/td\u003E\u003Ctd width=\u0022225\u0022\u003E\u003Cp class=\u0022MsoNormal\u0022\u003EDans la limite de 47 100 \u20ac\u003C\/p\u003E\u003C\/td\u003E\u003Ctd width=\u0022257\u0022\u003E\u003Cp class=\u0022MsoNormal\u0022\u003E1,30 %\u003C\/p\u003E\u003C\/td\u003E\u003C\/tr\u003E\u003Ctr\u003E\u003Ctd width=\u0022132\u0022 rowspan=\u00222\u0022\u003E\u003Cp class=\u0022MsoNormal\u0022\u003ECSG\/CRDS\u003C\/p\u003E\u003C\/td\u003E\u003Ctd width=\u0022225\u0022\u003E\u003Cp class=\u0022MsoNormal\u0022\u003EMontant du revenu professionnel + cotisations sociales obligatoires\u003C\/p\u003E\u003C\/td\u003E\u003Ctd width=\u0022257\u0022\u003E\u003Cp class=\u0022MsoNormal\u0022\u003E9,70 %\u003C\/p\u003E\u003C\/td\u003E\u003C\/tr\u003E\u003Ctr\u003E\u003Ctd width=\u0022225\u0022\u003E\u003Cp class=\u0022MsoNormal\u0022\u003ERevenus de remplacement\u003C\/p\u003E\u003C\/td\u003E\u003Ctd width=\u0022257\u0022\u003E\u003Cp class=\u0022MsoNormal\u0022\u003E6,70 %\u003C\/p\u003E\u003C\/td\u003E\u003C\/tr\u003E\u003Ctr\u003E\u003Ctd width=\u0022132\u0022 rowspan=\u00222\u0022\u003E\u003Cp class=\u0022MsoNormal\u0022\u003EContribution \u00e0 la formation professionnelle\u003C\/p\u003E\u003C\/td\u003E\u003Ctd width=\u0022225\u0022\u003E\u003Cp class=\u0022MsoNormal\u0022\u003ECommer\u00e7ant\u0026nbsp;: Sur la base de 47 100 \u20ac\u003C\/p\u003E\u003C\/td\u003E\u003Ctd width=\u0022257\u0022\u003E\u003Cp class=\u0022MsoNormal\u0022\u003E0,25 % Soit 116\u20ac\u003C\/p\u003E\u003C\/td\u003E\u003C\/tr\u003E\u003Ctr\u003E\u003Ctd width=\u0022225\u0022\u003E\u003Cp class=\u0022MsoNormal\u0022\u003ECommer\u00e7ant + conjoint collaborateur\u0026nbsp;: sur la base de 47\u0026nbsp;100 \u20ac\u003C\/p\u003E\u003C\/td\u003E\u003Ctd width=\u0022257\u0022\u003E\u003Cp class=\u0022MsoNormal\u0022\u003E0,34 % soit 160 \u20ac\u003C\/p\u003E\u003C\/td\u003E\u003C\/tr\u003E\u003C\/tbody\u003E\u003C\/table\u003E\u003Cp\u003E\u003Cstrong\u003E2\/ Assiette et cotisations minimales\u0026nbsp;\u003C\/strong\u003E                                                \u003C\/p\u003E\u003Cdiv class=\u0022WordSection1\u0022\u003E\u003Ctable class=\u0022MsoNormalTable\u0022 border=\u00220\u0022 cellspacing=\u00220\u0022 cellpadding=\u00220\u0022 width=\u0022614\u0022\u003E\u003Ctbody\u003E\u003Ctr\u003E\u003Ctd width=\u0022129\u0022\u003E\u003Cp class=\u0022MsoNormal\u0022\u003E\u003Cstrong\u003ECotisation\u003C\/strong\u003E\u003C\/p\u003E\u003C\/td\u003E\u003Ctd width=\u0022230\u0022\u003E\u003Cp class=\u0022MsoNormal\u0022\u003E\u003Cstrong\u003EAssiette minimale\u003C\/strong\u003E\u003C\/p\u003E\u003C\/td\u003E\u003Ctd width=\u0022255\u0022\u003E\u003Cp class=\u0022MsoNormal\u0022\u003E\u003Cstrong\u003ECotisation minimale pour les commer\u00e7ants\u003C\/strong\u003E\u003C\/p\u003E\u003C\/td\u003E\u003C\/tr\u003E\u003Ctr\u003E\u003Ctd width=\u0022129\u0022\u003E\u003Cp class=\u0022MsoNormal\u0022\u003EMaladie (y compris indemnit\u00e9s journali\u00e8res)\u003C\/p\u003E\u003C\/td\u003E\u003Ctd width=\u0022230\u0022\u003E\u003Cp class=\u0022MsoNormal\u0022\u003E18\u0026nbsp;840 \u20ac\u003C\/p\u003E\u003C\/td\u003E\u003Ctd width=\u0022255\u0022\u003E\u003Cp class=\u0022MsoNormal\u0022\u003E0,50 %\u0026nbsp;\u003Cbr\u003E\u003Cbr\u003E94 \u20ac\u003Cbr\u003E\u003Cbr\u003Emaladie 1\u0026nbsp;: 0%, 0 \u20ac\u003Cbr\u003Emaladie 2\u0026nbsp;: 0,5 % 94\u20ac\u003C\/p\u003E\u003C\/td\u003E\u003C\/tr\u003E\u003Ctr\u003E\u003Ctd width=\u0022129\u0022\u003E\u003Cp class=\u0022MsoNormal\u0022\u003ERetraite de base\u003C\/p\u003E\u003C\/td\u003E\u003Ctd width=\u0022230\u0022\u003E\u003Cp class=\u0022MsoNormal\u0022\u003E5 346 \u20ac\u0026nbsp;\u003Cbr\u003E(450 heures du SMIC)\u003C\/p\u003E\u003C\/td\u003E\u003Ctd width=\u0022255\u0022\u003E\u003Cp class=\u0022MsoNormal\u0022\u003E17,75 %\u003C\/p\u003E\u003Cp class=\u0022MsoNormal\u0022\u003E949 \u20ac\u003C\/p\u003E\u003C\/td\u003E\u003C\/tr\u003E\u003Ctr\u003E\u003Ctd width=\u0022129\u0022\u003E\u003Cp class=\u0022MsoNormal\u0022\u003EInvalidit\u00e9 \u2013 D\u00e9c\u00e8s\u003C\/p\u003E\u003C\/td\u003E\u003Ctd width=\u0022230\u0022\u003E\u003Cp class=\u0022MsoNormal\u0022\u003E5\u0026nbsp;417 \u20ac\u0026nbsp;\u003Cbr\u003E(11,5 % du PASS)\u003C\/p\u003E\u003C\/td\u003E\u003Ctd width=\u0022255\u0022\u003E\u003Cp class=\u0022MsoNormal\u0022\u003E1,3 %\u003C\/p\u003E\u003Cp class=\u0022MsoNormal\u0022\u003E70 \u20ac\u003C\/p\u003E\u003C\/td\u003E\u003C\/tr\u003E\u003Ctr\u003E\u003Ctd width=\u0022129\u0022 rowspan=\u00222\u0022\u003E\u003Cp class=\u0022MsoNormal\u0022\u003EFormation professionnelle au titre de l\u2019ann\u00e9e 2025\u003C\/p\u003E\u003C\/td\u003E\u003Ctd width=\u0022230\u0022\u003E\u003Cp class=\u0022MsoNormal\u0022\u003EPas d\u2019assiette minimale, assise sur une base forfaitaire de 47\u0026nbsp;100 \u20ac (soit 1 PASS)\u003C\/p\u003E\u003C\/td\u003E\u003Ctd width=\u0022255\u0022\u003E\u003Cp class=\u0022MsoNormal\u0022\u003E0,25 %\u003C\/p\u003E\u003Cp class=\u0022MsoNormal\u0022\u003E118 \u20ac\u003C\/p\u003E\u003C\/td\u003E\u003C\/tr\u003E\u003Ctr\u003E\u003Ctd width=\u0022230\u0022\u003E\u003Cp class=\u0022MsoNormal\u0022\u003EEn pr\u00e9sence du conjoint collaborateur Pas d\u2019assiette minimale, assise sur une base forfaitaire de 47\u0026nbsp;100 \u20ac (soit 1 PASS)\u003C\/p\u003E\u003C\/td\u003E\u003Ctd width=\u0022255\u0022\u003E\u003Cp class=\u0022MsoNormal\u0022\u003E0,34 %\u0026nbsp;\u003Cbr\u003E160 \u20ac\u003C\/p\u003E\u003C\/td\u003E\u003C\/tr\u003E\u003C\/tbody\u003E\u003C\/table\u003E\u003Cp\u003EIl n\u2019existe pas de cotisation minimale ni pour la maladie, ni pour la retraite compl\u00e9mentaire, ni pour les allocations familiales ou la CSG\/CRDS.\u003Cbr\u003E\u003Cbr\u003E\u003Cstrong\u003E3\/ Assiette et cotisations forfaitaires provisionnelles au titre des 2 premi\u00e8res ann\u00e9es d\u2019activit\u00e9\u003C\/strong\u003E\u003C\/p\u003E\u003Cp\u003EEn cas de cr\u00e9ation d\u2019entreprise en 2025, vous pouvez b\u00e9n\u00e9ficier de l\u2019ACRE pendant 12 mois, sous certaines cotisations.\u0026nbsp;\u003Cbr\u003E                                                \u003C\/p\u003E\u003Cdiv class=\u0022WordSection1\u0022\u003E\u003Ctable class=\u0022MsoNormalTable\u0022 border=\u00220\u0022 cellspacing=\u00220\u0022 cellpadding=\u00220\u0022\u003E\u003Ctbody\u003E\u003Ctr\u003E\u003Ctd width=\u0022604\u0022 colspan=\u00222\u0022 valign=\u0022top\u0022\u003E\u003Cp class=\u0022MsoNormal\u0022\u003E\u003Cstrong\u003EExon\u00e9ration ACRE selon les revenus\u003C\/strong\u003E\u003C\/p\u003E\u003C\/td\u003E\u003C\/tr\u003E\u003Ctr\u003E\u003Ctd width=\u0022302\u0022 valign=\u0022top\u0022\u003E\u003Cp class=\u0022MsoNormal\u0022\u003E\u003Cstrong\u003EREVENU\u003C\/strong\u003E\u003C\/p\u003E\u003C\/td\u003E\u003Ctd width=\u0022302\u0022 valign=\u0022top\u0022\u003E\u003Cp class=\u0022MsoNormal\u0022\u003E\u003Cstrong\u003ENATURE DE L\u2019EXON\u00c9RATION\u003C\/strong\u003E\u003C\/p\u003E\u003C\/td\u003E\u003C\/tr\u003E\u003Ctr\u003E\u003Ctd width=\u0022302\u0022 valign=\u0022top\u0022\u003E\u003Cp class=\u0022MsoNormal\u0022\u003ERevenu \u0026lt; 35\u0026nbsp;325 \u20ac\u003C\/p\u003E\u003Cp class=\u0022MsoNormal\u0022\u003E(75 % du PASS)\u003C\/p\u003E\u003C\/td\u003E\u003Ctd width=\u0022302\u0022 valign=\u0022top\u0022\u003E\u003Cp class=\u0022MsoNormal\u0022\u003EExon\u00e9ration totale de ces cotisations\u003C\/p\u003E\u003C\/td\u003E\u003C\/tr\u003E\u003Ctr\u003E\u003Ctd width=\u0022302\u0022 valign=\u0022top\u0022\u003E\u003Cp class=\u0022MsoNormal\u0022\u003E35 325 \u20ac \u0026lt; revenu \u0026lt; 47 100 \u20ac\u003C\/p\u003E\u003Cp class=\u0022MsoNormal\u0022\u003E(75% du PASS \u0026lt; revenu \u0026lt; 100% PASS)\u003C\/p\u003E\u003C\/td\u003E\u003Ctd width=\u0022302\u0022 valign=\u0022top\u0022\u003E\u003Cp class=\u0022MsoNormal\u0022\u003EExon\u00e9ration d\u00e9gressive\u003C\/p\u003E\u003C\/td\u003E\u003C\/tr\u003E\u003Ctr\u003E\u003Ctd width=\u0022302\u0022 valign=\u0022top\u0022\u003E\u003Cp class=\u0022MsoNormal\u0022\u003ERevenu \u0026gt; 47 100 \u20ac\u003C\/p\u003E\u003Cp class=\u0022MsoNormal\u0022\u003E(1PASS)\u003C\/p\u003E\u003C\/td\u003E\u003Ctd width=\u0022302\u0022 valign=\u0022top\u0022\u003E\u003Cp class=\u0022MsoNormal\u0022\u003EPas d\u2019exon\u00e9ration\u003C\/p\u003E\u003Cp class=\u0022MsoNormal\u0022\u003E\u0026nbsp;\u003C\/p\u003E\u003C\/td\u003E\u003C\/tr\u003E\u003C\/tbody\u003E\u003C\/table\u003E\u003Cp\u003EDurant cette p\u00e9riode, les cotisations non exon\u00e9r\u00e9es sont calcul\u00e9es sur une base forfaitaire, dont le montant est proratis\u00e9 pour un d\u00e9but d\u2019activit\u00e9 en cours d\u2019ann\u00e9e 2025.\u0026nbsp;Durant cette p\u00e9riode, les cotisations non exon\u00e9r\u00e9es sont calcul\u00e9es sur une base forfaitaire, dont le montant est proratis\u00e9 pour un d\u00e9but d\u2019activit\u00e9 en cours d\u2019ann\u00e9e 2025.\u0026nbsp;                                \u003C\/p\u003E\u003Cdiv class=\u0022WordSection1\u0022\u003E\u003Ctable class=\u0022MsoNormalTable\u0022 border=\u00220\u0022 cellspacing=\u00220\u0022 cellpadding=\u00220\u0022\u003E\u003Ctbody\u003E\u003Ctr\u003E\u003Ctd width=\u0022604\u0022 colspan=\u00223\u0022 valign=\u0022top\u0022\u003E\u003Cp class=\u0022MsoNormal\u0022\u003E\u003Cstrong\u003ECotisations non exon\u00e9r\u00e9es, calcul\u00e9es sur une base forfaitaire\u003C\/strong\u003E\u003C\/p\u003E\u003C\/td\u003E\u003C\/tr\u003E\u003Ctr\u003E\u003Ctd width=\u0022201\u0022 valign=\u0022top\u0022\u003E\u003Cp class=\u0022MsoNormal\u0022\u003E\u003Cstrong\u003ECotisation\u003C\/strong\u003E\u003C\/p\u003E\u003C\/td\u003E\u003Ctd width=\u0022201\u0022 valign=\u0022top\u0022\u003E\u003Cp class=\u0022MsoNormal\u0022\u003E\u003Cstrong\u003EBase forfaitaire de calcul\u003C\/strong\u003E\u003C\/p\u003E\u003C\/td\u003E\u003Ctd width=\u0022201\u0022 valign=\u0022top\u0022\u003E\u003Cp class=\u0022MsoNormal\u0022\u003E\u003Cstrong\u003ETaux et montant annuel\u003C\/strong\u003E\u003C\/p\u003E\u003C\/td\u003E\u003C\/tr\u003E\u003Ctr\u003E\u003Ctd width=\u0022201\u0022 valign=\u0022top\u0022\u003E\u003Cp class=\u0022MsoNormal\u0022\u003ERetraite compl\u00e9mentaire\u003C\/p\u003E\u003C\/td\u003E\u003Ctd width=\u0022201\u0022 valign=\u0022top\u0022\u003E\u003Cp class=\u0022MsoNormal\u0022\u003E8 949 \u20ac\u003C\/p\u003E\u003Cp class=\u0022MsoNormal\u0022\u003E(19 % du PASS)\u003C\/p\u003E\u003C\/td\u003E\u003Ctd width=\u0022201\u0022 valign=\u0022top\u0022\u003E\u003Cp class=\u0022MsoNormal\u0022\u003E7 %\u003C\/p\u003E\u003Cp class=\u0022MsoNormal\u0022\u003E626 \u20ac\u003C\/p\u003E\u003C\/td\u003E\u003C\/tr\u003E\u003Ctr\u003E\u003Ctd width=\u0022201\u0022 valign=\u0022top\u0022\u003E\u003Cp class=\u0022MsoNormal\u0022\u003ECSG-CRDS\u003C\/p\u003E\u003C\/td\u003E\u003Ctd width=\u0022201\u0022 valign=\u0022top\u0022\u003E\u003Cp class=\u0022MsoNormal\u0022\u003E8 949\u20ac\u003C\/p\u003E\u003Cp class=\u0022MsoNormal\u0022\u003E(19 % du PASS)\u003C\/p\u003E\u003C\/td\u003E\u003Ctd width=\u0022201\u0022 valign=\u0022top\u0022\u003E\u003Cp class=\u0022MsoNormal\u0022\u003E9,7 %\u003C\/p\u003E\u003Cp class=\u0022MsoNormal\u0022\u003E868 \u20ac\u003C\/p\u003E\u003C\/td\u003E\u003C\/tr\u003E\u003Ctr\u003E\u003Ctd width=\u0022201\u0022 valign=\u0022top\u0022\u003E\u003Cp class=\u0022MsoNormal\u0022\u003EFormation Professionnelle (CFP)\u003Cbr\u003ECommer\u00e7ants\u003C\/p\u003E\u003C\/td\u003E\u003Ctd width=\u0022201\u0022 valign=\u0022top\u0022\u003E\u003Cp class=\u0022MsoNormal\u0022\u003E47 100 \u20ac\u003C\/p\u003E\u003Cp class=\u0022MsoNormal\u0022\u003E(1 PASS)\u003C\/p\u003E\u003C\/td\u003E\u003Ctd width=\u0022201\u0022 valign=\u0022top\u0022\u003E\u003Cp class=\u0022MsoNormal\u0022\u003E0,25 %\u003C\/p\u003E\u003Cp class=\u0022MsoNormal\u0022\u003E118\u20ac\u003C\/p\u003E\u003C\/td\u003E\u003C\/tr\u003E\u003C\/tbody\u003E\u003C\/table\u003E\u003Cp\u003EEn cas d\u2019exon\u00e9ration ACRE d\u00e9gressive ou en cas d\u0027absence d\u2019exon\u00e9ration, un compl\u00e9ment de cotisations, non exon\u00e9r\u00e9es en 2024, sera r\u00e9clam\u00e9, apr\u00e8s la r\u00e9alisation de la d\u00e9claration de revenus.\u003Cbr\u003E\u003C\/p\u003E\u003Cdiv class=\u0022WordSection1\u0022\u003E\u003Ctable class=\u0022MsoNormalTable\u0022 border=\u00220\u0022 cellspacing=\u00220\u0022 cellpadding=\u00220\u0022\u003E\u003Ctbody\u003E\u003Ctr\u003E\u003Ctd width=\u0022603\u0022 colspan=\u00223\u0022 valign=\u0022top\u0022\u003E\u003Cp class=\u0022MsoNormal\u0022\u003E\u003Cstrong\u003EMontants des cotisations de 1re ann\u00e9e d\u2019activit\u00e9 2025 sans exon\u00e9ration ACRE\u003C\/strong\u003E\u003C\/p\u003E\u003C\/td\u003E\u003C\/tr\u003E\u003Ctr\u003E\u003Ctd width=\u0022201\u0022 valign=\u0022top\u0022\u003E\u003Cp class=\u0022MsoNormal\u0022\u003E\u003Cstrong\u003ECotisation\u003C\/strong\u003E\u003C\/p\u003E\u003C\/td\u003E\u003Ctd width=\u0022201\u0022 valign=\u0022top\u0022\u003E\u003Cp class=\u0022MsoNormal\u0022\u003E\u003Cstrong\u003ER\u00e8gles et bases de calcul\u003C\/strong\u003E\u003C\/p\u003E\u003C\/td\u003E\u003Ctd width=\u0022201\u0022 valign=\u0022top\u0022\u003E\u003Cp class=\u0022MsoNormal\u0022\u003E\u003Cstrong\u003EMontant de la cotisation\u003C\/strong\u003E\u003C\/p\u003E\u003C\/td\u003E\u003C\/tr\u003E\u003Ctr\u003E\u003Ctd width=\u0022201\u0022 valign=\u0022top\u0022\u003E\u003Cp class=\u0022MsoNormal\u0022\u003ERetraite de base\u003C\/p\u003E\u003C\/td\u003E\u003Ctd width=\u0022201\u0022 valign=\u0022top\u0022\u003E\u003Cp class=\u0022MsoNormal\u0022\u003E8 949 \u20ac\u003C\/p\u003E\u003Cp class=\u0022MsoNormal\u0022\u003E(19 % PASS)\u003C\/p\u003E\u003C\/td\u003E\u003Ctd width=\u0022201\u0022 valign=\u0022top\u0022\u003E\u003Cp class=\u0022MsoNormal\u0022\u003E1 588 \u20ac\u003C\/p\u003E\u003C\/td\u003E\u003C\/tr\u003E\u003Ctr\u003E\u003Ctd width=\u0022201\u0022 valign=\u0022top\u0022\u003E\u003Cp class=\u0022MsoNormal\u0022\u003ERetraite compl\u00e9mentaire\u003C\/p\u003E\u003C\/td\u003E\u003Ctd width=\u0022201\u0022 valign=\u0022top\u0022\u003E\u003Cp class=\u0022MsoNormal\u0022\u003E8 949 \u20ac\u003C\/p\u003E\u003Cp class=\u0022MsoNormal\u0022\u003E(19 % PASS)\u003C\/p\u003E\u003C\/td\u003E\u003Ctd width=\u0022201\u0022 valign=\u0022top\u0022\u003E\u003Cp class=\u0022MsoNormal\u0022\u003E626 \u20ac\u003C\/p\u003E\u003C\/td\u003E\u003C\/tr\u003E\u003Ctr\u003E\u003Ctd width=\u0022201\u0022 valign=\u0022top\u0022\u003E\u003Cp class=\u0022MsoNormal\u0022\u003EInvalidit\u00e9 - d\u00e9c\u00e8s\u003C\/p\u003E\u003C\/td\u003E\u003Ctd width=\u0022201\u0022 valign=\u0022top\u0022\u003E\u003Cp class=\u0022MsoNormal\u0022\u003E8 949 \u20ac\u003C\/p\u003E\u003Cp class=\u0022MsoNormal\u0022\u003E(19 % PASS)\u003C\/p\u003E\u003C\/td\u003E\u003Ctd width=\u0022201\u0022 valign=\u0022top\u0022\u003E\u003Cp class=\u0022MsoNormal\u0022\u003E116 \u20ac\u003C\/p\u003E\u003C\/td\u003E\u003C\/tr\u003E\u003Ctr\u003E\u003Ctd width=\u0022201\u0022 valign=\u0022top\u0022\u003E\u003Cp class=\u0022MsoNormal\u0022\u003EMaladie\u003C\/p\u003E\u003C\/td\u003E\u003Ctd width=\u0022201\u0022 valign=\u0022top\u0022\u003E\u003Cp class=\u0022MsoNormal\u0022\u003E18 840 \u20ac\u003C\/p\u003E\u003Cp class=\u0022MsoNormal\u0022\u003E(40 % PASS)\u003C\/p\u003E\u003C\/td\u003E\u003Ctd width=\u0022201\u0022 valign=\u0022top\u0022\u003E\u003Cp class=\u0022MsoNormal\u0022\u003E0 \u20ac\u003C\/p\u003E\u003C\/td\u003E\u003C\/tr\u003E\u003Ctr\u003E\u003Ctd width=\u0022201\u0022 valign=\u0022top\u0022\u003E\u003Cp class=\u0022MsoNormal\u0022\u003EIndemnit\u00e9s journali\u00e8res\u003C\/p\u003E\u003C\/td\u003E\u003Ctd width=\u0022201\u0022 valign=\u0022top\u0022\u003E\u003Cp class=\u0022MsoNormal\u0022\u003E18 840 \u20ac\u003C\/p\u003E\u003Cp class=\u0022MsoNormal\u0022\u003E(40 % PASS)\u003C\/p\u003E\u003C\/td\u003E\u003Ctd width=\u0022201\u0022 valign=\u0022top\u0022\u003E\u003Cp class=\u0022MsoNormal\u0022\u003E94 \u20ac\u003C\/p\u003E\u003C\/td\u003E\u003C\/tr\u003E\u003Ctr\u003E\u003Ctd width=\u0022201\u0022 valign=\u0022top\u0022\u003E\u003Cp class=\u0022MsoNormal\u0022\u003EAllocations familiales\u003C\/p\u003E\u003C\/td\u003E\u003Ctd width=\u0022201\u0022 valign=\u0022top\u0022\u003E\u003Cp class=\u0022MsoNormal\u0022\u003E8 949\u20ac\u003C\/p\u003E\u003Cp class=\u0022MsoNormal\u0022\u003E(19 % PASS)\u003C\/p\u003E\u003C\/td\u003E\u003Ctd width=\u0022201\u0022 valign=\u0022top\u0022\u003E\u003Cp class=\u0022MsoNormal\u0022\u003E0 \u20ac\u003C\/p\u003E\u003C\/td\u003E\u003C\/tr\u003E\u003Ctr\u003E\u003Ctd width=\u0022201\u0022 valign=\u0022top\u0022\u003E\u003Cp class=\u0022MsoNormal\u0022\u003ECSG\/ CRDS\u003C\/p\u003E\u003C\/td\u003E\u003Ctd width=\u0022201\u0022 valign=\u0022top\u0022\u003E\u003Cp class=\u0022MsoNormal\u0022\u003E8 949 \u20ac\u003C\/p\u003E\u003Cp class=\u0022MsoNormal\u0022\u003E(19 % PASS)\u003C\/p\u003E\u003C\/td\u003E\u003Ctd width=\u0022201\u0022 valign=\u0022top\u0022\u003E\u003Cp class=\u0022MsoNormal\u0022\u003E868 \u20ac\u003C\/p\u003E\u003C\/td\u003E\u003C\/tr\u003E\u003Ctr\u003E\u003Ctd width=\u0022201\u0022 valign=\u0022top\u0022\u003E\u003Cp class=\u0022MsoNormal\u0022\u003ECFP due au titre de 2025 et payable en novembre 2025\u003C\/p\u003E\u003C\/td\u003E\u003Ctd width=\u0022201\u0022 valign=\u0022top\u0022\u003E\u003Cp class=\u0022MsoNormal\u0022\u003E0,25 % de 47 100 \u20ac\u003C\/p\u003E\u003Cp class=\u0022MsoNormal\u0022\u003E(1 PASS)\u003C\/p\u003E\u003C\/td\u003E\u003Ctd width=\u0022201\u0022 valign=\u0022top\u0022\u003E\u003Cp class=\u0022MsoNormal\u0022\u003E118 \u20ac\u003C\/p\u003E\u003C\/td\u003E\u003C\/tr\u003E\u003Ctr\u003E\u003Ctd width=\u0022201\u0022 valign=\u0022top\u0022\u003E\u003Cp class=\u0022MsoNormal\u0022\u003E\u0026nbsp;CFP due au titre de 2025 et payable en novembre 2025\u003C\/p\u003E\u003C\/td\u003E\u003Ctd width=\u0022201\u0022 valign=\u0022top\u0022\u003E\u003Cp class=\u0022MsoNormal\u0022\u003EEn pr\u00e9sence d\u2019un conjoint collaborateur\u0026nbsp;\u003Cbr\u003E\u003Cbr\u003E0,34 % de 47\u0026nbsp;100 \u20ac\u0026nbsp;\u003Cbr\u003E\u003Cbr\u003E(1 PASS)\u003C\/p\u003E\u003C\/td\u003E\u003Ctd width=\u0022201\u0022 valign=\u0022top\u0022\u003E\u003Cp class=\u0022MsoNormal\u0022\u003E160 \u20ac\u003C\/p\u003E\u003C\/td\u003E\u003C\/tr\u003E\u003C\/tbody\u003E\u003C\/table\u003E\u003Cp class=\u0022MsoNormal\u0022\u003E\u0026nbsp;\u003C\/p\u003E\u003C\/div\u003E\u003C\/div\u003E\u003C\/div\u003E\u003C\/div\u003E\u003C\/div\u003E                                            \u003Cp\u003E\u003Cbr \/\u003E\u003Cstrong\u003ESource :\u003C\/strong\u003E\u003Cstrong\u003E\u00a0\u003C\/strong\u003E\u003C\/p\u003E\u003Cul\u003E\u003Cli\u003E\u003Ca href=\u0022https:\/\/secu-independants.fr\/cotisations\/calcul-cotisations\/taux-cotisations\u0022 target=\u0022_blank\u0022\u003EAssiette et taux de cotisations 2025 - Conseil de protection sociale des travailleurs ind\u00e9pendants\u003C\/a\u003E\u003C\/li\u003E\u003Cli\u003E\u003Ca href=\u0022https:\/\/www.urssaf.fr\/accueil\/outils-documentation\/taux-baremes\/taux-cotisations-ac-plnr.html\u0022 target=\u0022_blank\u0022\u003ETaux de cotisations - Artisan, commer\u00e7ant et profession lib\u00e9rale non r\u00e9glement\u00e9e - Urssaf.fr\u003C\/a\u003E\u003C\/li\u003E\u003C\/ul\u003E\u003C\/div\u003E","annee":"2025","theme":" Indices, taux, bar\u00e8mes sociaux","activites":["Commer\u00e7ant"],"image":"https:\/\/www.weblex.fr\/sites\/default\/files\/chiffres_clef\/Shutterstock_cotisationscommercants.jpg","created":"2025-12-01","modified":"2025-12-09"},{"url":"\/chiffres-cles\/tableau-des-cotisations-sociales-dues-par-les-medecins-du-secteur-2-annee-2025","id":27491,"title":"Tableau des cotisations sociales dues par les m\u00e9decins du secteur 2  Ann\u00e9e 2025","content":"\u003Cdiv\u003E                                              \u003Cp\u003E\u003Cstrong\u003E1\/ Assiette et taux des cotisations\u003C\/strong\u003E\u003C\/p\u003E\u003Cp\u003ETableau r\u00e9capitulatif des cotisations sociales au 1er janvier 2025\u003C\/p\u003E\u003Cp\u003EEn tant que m\u00e9decin de secteur 2, vos taux de cotisations s\u2019appliquent sur la totalit\u00e9 des revenus d\u2019activit\u00e9 non salari\u00e9e et sont les suivants\u0026nbsp;:\u003C\/p\u003E\u003Cp\u003E\u003Cstrong\u003EAssurance maladie - Taux pour un m\u00e9decin de secteur 2\u003C\/strong\u003E\u003C\/p\u003E\u003Ctable border=\u00221\u0022 cellspacing=\u00220\u0022 cellpadding=\u00220\u0022 width=\u0022576\u0022\u003E\u003Ctbody\u003E\u003Ctr\u003E\u003Ctd width=\u0022576\u0022 colspan=\u00222\u0022 valign=\u0022top\u0022\u003E\u003Cp\u003EAssurance maladie - Taux pour un m\u00e9decin de secteur 2\u003C\/p\u003E\u003C\/td\u003E\u003C\/tr\u003E\u003Ctr\u003E\u003Ctd width=\u0022378\u0022 valign=\u0022top\u0022\u003E\u0026nbsp;\u003C\/td\u003E\u003Ctd width=\u0022198\u0022 valign=\u0022top\u0022\u003E\u003Cp\u003E\u003Cstrong\u003ETaux\u003C\/strong\u003E\u003C\/p\u003E\u003C\/td\u003E\u003C\/tr\u003E\u003Ctr\u003E\u003Ctd width=\u0022378\u0022 valign=\u0022top\u0022\u003E\u003Cp\u003E\u003Cstrong\u003EPour les revenus inf\u00e9rieurs \u00e0 18\u0026nbsp;840\u0026nbsp;\u20ac\u003C\/strong\u003E\u003C\/p\u003E\u003C\/td\u003E\u003Ctd width=\u0022198\u0022 valign=\u0022top\u0022\u003E\u003Cp\u003E0\u0026nbsp;%\u003C\/p\u003E\u003C\/td\u003E\u003C\/tr\u003E\u003Ctr\u003E\u003Ctd width=\u0022378\u0022 valign=\u0022top\u0022\u003E\u003Cp\u003E\u003Cstrong\u003EPour les revenus compris entre 18\u0026nbsp;840\u0026nbsp;\u20ac et 51\u0026nbsp;810\u0026nbsp;\u20ac\u003C\/strong\u003E\u003C\/p\u003E\u003C\/td\u003E\u003Ctd width=\u0022198\u0022 valign=\u0022top\u0022\u003E\u003Cp\u003ETaux progressif\u0026nbsp;: entre 0\u0026nbsp;% et\u0026nbsp;6,50\u0026nbsp;%\u003C\/p\u003E\u003C\/td\u003E\u003C\/tr\u003E\u003Ctr\u003E\u003Ctd width=\u0022378\u0022 valign=\u0022top\u0022\u003E\u003Cp\u003E\u003Cstrong\u003EPour les revenus sup\u00e9rieurs \u00e0 51\u0026nbsp;810\u0026nbsp;\u20ac\u003C\/strong\u003E\u003C\/p\u003E\u003C\/td\u003E\u003Ctd width=\u0022198\u0022 valign=\u0022top\u0022\u003E\u003Cp\u003E6,50\u0026nbsp;%\u003C\/p\u003E\u003C\/td\u003E\u003C\/tr\u003E\u003Ctr\u003E\u003Ctd width=\u0022378\u0022 valign=\u0022top\u0022\u003E\u003Cp\u003E\u003Cstrong\u003EAssurance maladie sur les revenus conventionn\u00e9s en d\u00e9passements d\u2019honoraires et sur les revenus non conventionn\u00e9s (\u00e0 l\u0027exception des revenus tir\u00e9s des activit\u00e9s non salari\u00e9es r\u00e9alis\u00e9es dans des structures dont le financement inclut votre r\u00e9mun\u00e9ration et de la participation \u00e0 la permanence des soins)\u003C\/strong\u003E\u003C\/p\u003E\u003C\/td\u003E\u003Ctd width=\u0022198\u0022 valign=\u0022top\u0022\u003E\u003Cp\u003E3,25%\u0026nbsp;\u003C\/p\u003E\u003C\/td\u003E\u003C\/tr\u003E\u003C\/tbody\u003E\u003C\/table\u003E\u003Cp\u003E\u0026nbsp;\u003C\/p\u003E\u003Ctable border=\u00221\u0022 cellspacing=\u00220\u0022 cellpadding=\u00220\u0022 width=\u0022510\u0022\u003E\u003Ctbody\u003E\u003Ctr\u003E\u003Ctd width=\u0022510\u0022 colspan=\u00222\u0022 valign=\u0022top\u0022\u003E\u003Cp\u003EAllocations familiales - Taux pour un m\u00e9decin de secteur 2\u003C\/p\u003E\u003C\/td\u003E\u003C\/tr\u003E\u003Ctr\u003E\u003Ctd width=\u0022349\u0022 valign=\u0022top\u0022\u003E\u0026nbsp;\u003C\/td\u003E\u003Ctd width=\u0022161\u0022 valign=\u0022top\u0022\u003E\u003Cp\u003E\u003Cstrong\u003ETaux\u003C\/strong\u003E\u003C\/p\u003E\u003C\/td\u003E\u003C\/tr\u003E\u003Ctr\u003E\u003Ctd width=\u0022349\u0022 valign=\u0022top\u0022\u003E\u003Cp\u003E\u003Cstrong\u003EPour les revenus inf\u00e9rieurs \u00e0 51\u0026nbsp;810\u0026nbsp;\u20ac\u003C\/strong\u003E\u003C\/p\u003E\u003C\/td\u003E\u003Ctd width=\u0022161\u0022 valign=\u0022top\u0022\u003E\u003Cp\u003E0\u0026nbsp;%\u003C\/p\u003E\u003C\/td\u003E\u003C\/tr\u003E\u003Ctr\u003E\u003Ctd width=\u0022349\u0022 valign=\u0022top\u0022\u003E\u003Cp\u003E\u003Cstrong\u003EPour les revenus compris entre 51\u0026nbsp;810\u0026nbsp;\u20ac et 65\u0026nbsp;940\u0026nbsp;\u20ac\u003C\/strong\u003E\u003C\/p\u003E\u003C\/td\u003E\u003Ctd width=\u0022161\u0022 valign=\u0022top\u0022\u003E\u003Cp\u003ETaux progressif\u0026nbsp;: entre 0\u0026nbsp;% et 3,10\u0026nbsp;%\u003C\/p\u003E\u003C\/td\u003E\u003C\/tr\u003E\u003Ctr\u003E\u003Ctd width=\u0022349\u0022 valign=\u0022top\u0022\u003E\u003Cp\u003E\u003Cstrong\u003EPour les revenus sup\u00e9rieurs \u00e0 65\u0026nbsp;940\u0026nbsp;\u20ac\u003C\/strong\u003E\u003C\/p\u003E\u003C\/td\u003E\u003Ctd width=\u0022161\u0022 valign=\u0022top\u0022\u003E\u003Cp\u003E3,10\u0026nbsp;%\u003C\/p\u003E\u003C\/td\u003E\u003C\/tr\u003E\u003C\/tbody\u003E\u003C\/table\u003E\u003Cp\u003E\u0026nbsp;\u003C\/p\u003E\u003Ctable border=\u00221\u0022 cellspacing=\u00220\u0022 cellpadding=\u00220\u0022 width=\u0022605\u0022\u003E\u003Ctbody\u003E\u003Ctr\u003E\u003Ctd width=\u0022605\u0022 colspan=\u00222\u0022 valign=\u0022top\u0022\u003E\u003Cp\u003EContributions sociales - Taux pour un m\u00e9decin de secteur 2\u003C\/p\u003E\u003C\/td\u003E\u003C\/tr\u003E\u003Ctr\u003E\u003Ctd width=\u0022340\u0022 valign=\u0022top\u0022\u003E\u0026nbsp;\u003C\/td\u003E\u003Ctd width=\u0022265\u0022 valign=\u0022top\u0022\u003E\u003Cp\u003E\u003Cstrong\u003ETaux\u003C\/strong\u003E\u003C\/p\u003E\u003C\/td\u003E\u003C\/tr\u003E\u003Ctr\u003E\u003Ctd width=\u0022340\u0022 valign=\u0022top\u0022\u003E\u003Cp\u003E\u003Cstrong\u003ECSG-CRDS\u003C\/strong\u003E\u003C\/p\u003E\u003C\/td\u003E\u003Ctd width=\u0022265\u0022 valign=\u0022top\u0022\u003E\u003Cp\u003E9,70\u0026nbsp;% du revenu d\u2019activit\u00e9 non salari\u00e9 (d\u00e9duction faite des revenus de remplacement\u0026nbsp;qui ont subi un pr\u00e9compte de CSG-CRDS)\u0026nbsp;+\u0026nbsp;cotisations personnelles obligatoires\u003C\/p\u003E\u003C\/td\u003E\u003C\/tr\u003E\u003Ctr\u003E\u003Ctd width=\u0022340\u0022 valign=\u0022top\u0022\u003E\u003Cp\u003E\u003Cstrong\u003EContribution aux unions r\u00e9gionales des professionnels de sant\u00e9 (Curps)\u003C\/strong\u003E\u003C\/p\u003E\u003C\/td\u003E\u003Ctd width=\u0022265\u0022 valign=\u0022top\u0022\u003E\u003Cp\u003E0,50\u0026nbsp;% du revenu d\u2019activit\u00e9 non salari\u00e9 dans la limite de 236\u0026nbsp;\u20ac pour 2025\u003C\/p\u003E\u003C\/td\u003E\u003C\/tr\u003E\u003Ctr\u003E\u003Ctd width=\u0022340\u0022 valign=\u0022top\u0022\u003E\u003Cp\u003E\u003Cstrong\u003EContribution \u00e0 la formation professionnelle (CFP)\u003C\/strong\u003E\u003C\/p\u003E\u003C\/td\u003E\u003Ctd width=\u0022265\u0022 valign=\u0022top\u0022\u003E\u003Cp\u003E0,25\u0026nbsp;%(1)\u0026nbsp;du plafond annuel de la S\u00e9curit\u00e9 sociale soit 118\u0026nbsp;\u20ac\u003C\/p\u003E\u003Cp\u003E(1)\u0026nbsp;Si votre conjoint a opt\u00e9 pour le statut de conjoint collaborateur, le taux est de 0,34\u0026nbsp;%\u003C\/p\u003E\u003C\/td\u003E\u003C\/tr\u003E\u003C\/tbody\u003E\u003C\/table\u003E\u003Cp\u003E\u0026nbsp;\u003C\/p\u003E\u003Ctable border=\u00221\u0022 cellspacing=\u00220\u0022 cellpadding=\u00220\u0022 width=\u0022624\u0022\u003E\u003Ctbody\u003E\u003Ctr\u003E\u003Ctd width=\u0022624\u0022 colspan=\u00222\u0022 valign=\u0022top\u0022\u003E\u003Cp\u003EIndemnit\u00e9s journali\u00e8res du praticien ou auxiliaire m\u00e9dical - Taux pour un m\u00e9decin de secteur 2\u003C\/p\u003E\u003C\/td\u003E\u003C\/tr\u003E\u003Ctr\u003E\u003Ctd valign=\u0022top\u0022\u003E\u0026nbsp;\u003C\/td\u003E\u003Ctd width=\u0022484\u0022 valign=\u0022top\u0022\u003E\u003Cp\u003E\u003Cstrong\u003ETaux\u003C\/strong\u003E\u003C\/p\u003E\u003C\/td\u003E\u003C\/tr\u003E\u003Ctr\u003E\u003Ctd valign=\u0022top\u0022\u003E\u003Cp\u003E\u003Cstrong\u003ETaux de cotisation\u003C\/strong\u003E\u003C\/p\u003E\u003C\/td\u003E\u003Ctd width=\u0022484\u0022 valign=\u0022top\u0022\u003E\u003Cp\u003E0,3\u0026nbsp;%\u003C\/p\u003E\u003C\/td\u003E\u003C\/tr\u003E\u003Ctr\u003E\u003Ctd valign=\u0022top\u0022\u003E\u003Cp\u003E\u003Cstrong\u003EAssiette minimale\u003C\/strong\u003E\u003C\/p\u003E\u003C\/td\u003E\u003Ctd width=\u0022484\u0022 valign=\u0022top\u0022\u003E\u003Cp\u003E40\u0026nbsp;% du plafond annuel de la S\u00e9curit\u00e9 sociale (Pass)\u003C\/p\u003E\u003C\/td\u003E\u003C\/tr\u003E\u003Ctr\u003E\u003Ctd valign=\u0022top\u0022\u003E\u003Cp\u003E\u003Cstrong\u003EAssiette maximale\u003C\/strong\u003E\u003C\/p\u003E\u003C\/td\u003E\u003Ctd width=\u0022484\u0022 valign=\u0022top\u0022\u003E\u003Cp\u003E3\u0026nbsp;Pass\u003C\/p\u003E\u003C\/td\u003E\u003C\/tr\u003E\u003C\/tbody\u003E\u003C\/table\u003E\u003Cp\u003E\u0026nbsp;\u003C\/p\u003E\u003Cp\u003E\u0026nbsp;\u003C\/p\u003E\u003Ctable border=\u00221\u0022 cellspacing=\u00220\u0022 cellpadding=\u00220\u0022 width=\u0022614\u0022\u003E\u003Ctbody\u003E\u003Ctr\u003E\u003Ctd width=\u0022614\u0022 colspan=\u00222\u0022 valign=\u0022top\u0022\u003E\u003Cp\u003EIndemnit\u00e9s journali\u00e8res du conjoint collaborateur - Taux pour un m\u00e9decin de secteur 2\u003C\/p\u003E\u003C\/td\u003E\u003C\/tr\u003E\u003Ctr\u003E\u003Ctd valign=\u0022top\u0022\u003E\u0026nbsp;\u003C\/td\u003E\u003Ctd width=\u0022366\u0022 valign=\u0022top\u0022\u003E\u003Cp\u003E\u003Cstrong\u003ETaux\u003C\/strong\u003E\u003C\/p\u003E\u003C\/td\u003E\u003C\/tr\u003E\u003Ctr\u003E\u003Ctd valign=\u0022top\u0022\u003E\u003Cp\u003E\u003Cstrong\u003ETaux de cotisation\u003C\/strong\u003E\u003C\/p\u003E\u003C\/td\u003E\u003Ctd width=\u0022366\u0022 valign=\u0022top\u0022\u003E\u003Cp\u003E0,3\u0026nbsp;%\u003C\/p\u003E\u003C\/td\u003E\u003C\/tr\u003E\u003Ctr\u003E\u003Ctd valign=\u0022top\u0022\u003E\u003Cp\u003E\u003Cstrong\u003EAssiette forfaitaire\u003C\/strong\u003E\u003C\/p\u003E\u003C\/td\u003E\u003Ctd width=\u0022366\u0022 valign=\u0022top\u0022\u003E\u003Cp\u003E40\u0026nbsp;% du plafond annuel de la S\u00e9curit\u00e9 sociale (Pass)\u003C\/p\u003E\u003C\/td\u003E\u003C\/tr\u003E\u003C\/tbody\u003E\u003C\/table\u003E\u003Cp\u003E\u0026nbsp;\u003C\/p\u003E\u003Cp\u003E\u003Cstrong\u003E2\/. Assiette forfaitaire et cotisations de d\u00e9but d\u2019activit\u00e9s\u003C\/strong\u003E\u003C\/p\u003E\u003Cp\u003ELes deux premi\u00e8res ann\u00e9es d\u2019affiliation, vous b\u00e9n\u00e9ficiez de r\u00e9ductions de cotisations sous certaines conditions.\u003Cbr\u003E\u0026nbsp;\u003C\/p\u003E\u003Ctable border=\u00221\u0022 cellspacing=\u00220\u0022 cellpadding=\u00220\u0022 width=\u0022600\u0022\u003E\u003Ctbody\u003E\u003Ctr\u003E\u003Ctd colspan=\u00223\u0022 valign=\u0022top\u0022\u003E\u003Cp\u003E\u003Cstrong\u003E1re\u0026nbsp;ann\u00e9e d\u2019affiliation en 2025 (m\u00e9decin de moins de 40 ans)\u003C\/strong\u003E\u003Cbr\u003E\u003Cstrong\u003Eet 2e\u0026nbsp;ann\u00e9e d\u2019affiliation en 2025\u003C\/strong\u003E\u003C\/p\u003E\u003C\/td\u003E\u003C\/tr\u003E\u003Ctr\u003E\u003Ctd width=\u0022206\u0022 valign=\u0022top\u0022\u003E\u003Cp\u003ER\u00e9gimes\u003C\/p\u003E\u003C\/td\u003E\u003Ctd width=\u0022193\u0022 valign=\u0022top\u0022\u003E\u003Cp\u003ESecteur 1\u003C\/p\u003E\u003C\/td\u003E\u003Ctd width=\u0022193\u0022 valign=\u0022top\u0022\u003E\u003Cp\u003ESecteur 2\u003C\/p\u003E\u003C\/td\u003E\u003C\/tr\u003E\u003Ctr\u003E\u003Ctd width=\u0022206\u0022 valign=\u0022top\u0022\u003E\u003Cp\u003EBase (provisionnel)(1)\u003C\/p\u003E\u003C\/td\u003E\u003Ctd width=\u0022193\u0022 valign=\u0022top\u0022\u003E\u003Cp\u003E712\u202f\u20ac\u0026nbsp;(2)\u003C\/p\u003E\u003C\/td\u003E\u003Ctd width=\u0022193\u0022 valign=\u0022top\u0022\u003E\u003Cp\u003E904 \u20ac\u003C\/p\u003E\u003C\/td\u003E\u003C\/tr\u003E\u003Ctr\u003E\u003Ctd width=\u0022206\u0022 valign=\u0022top\u0022\u003E\u003Cp\u003ECompl\u00e9mentaire\u003C\/p\u003E\u003C\/td\u003E\u003Ctd width=\u0022193\u0022 valign=\u0022top\u0022\u003E\u003Cp\u003E0\u0026nbsp;\u20ac\u003C\/p\u003E\u003C\/td\u003E\u003Ctd width=\u0022193\u0022 valign=\u0022top\u0022\u003E\u003Cp\u003E0\u0026nbsp;\u20ac\u003C\/p\u003E\u003C\/td\u003E\u003C\/tr\u003E\u003Ctr\u003E\u003Ctd width=\u0022206\u0022 valign=\u0022top\u0022\u003E\u003Cp\u003EASV\u003Cbr\u003E- Part forfaitaire\u003Cbr\u003E- Part ajustement\u003C\/p\u003E\u003C\/td\u003E\u003Ctd width=\u0022193\u0022 valign=\u0022top\u0022\u003E\u003Cp\u003E\u003Cbr\u003E1\u2009852\u202f\u20ac\u003Cbr\u003E113\u202f\u20ac\u003C\/p\u003E\u003C\/td\u003E\u003Ctd width=\u0022193\u0022 valign=\u0022top\u0022\u003E\u003Cp\u003E\u003Cbr\u003E5\u2009556\u202f\u20ac\u003Cbr\u003E340\u202f\u20ac\u003C\/p\u003E\u003C\/td\u003E\u003C\/tr\u003E\u003Ctr\u003E\u003Ctd width=\u0022206\u0022 valign=\u0022top\u0022\u003E\u003Cp\u003EInvalidit\u00e9-d\u00e9c\u00e8s\u003C\/p\u003E\u003C\/td\u003E\u003Ctd width=\u0022193\u0022 valign=\u0022top\u0022\u003E\u003Cp\u003E623\u0026nbsp;\u20ac\u003C\/p\u003E\u003C\/td\u003E\u003Ctd width=\u0022193\u0022 valign=\u0022top\u0022\u003E\u003Cp\u003E623\u0026nbsp;\u20ac\u003C\/p\u003E\u003C\/td\u003E\u003C\/tr\u003E\u003Ctr\u003E\u003Ctd width=\u0022206\u0022 valign=\u0022top\u0022\u003E\u003Cp\u003ETotal\u003C\/p\u003E\u003C\/td\u003E\u003Ctd width=\u0022193\u0022 valign=\u0022top\u0022\u003E\u003Cp\u003E3\u2009300\u202f\u20ac\u003C\/p\u003E\u003C\/td\u003E\u003Ctd width=\u0022193\u0022 valign=\u0022top\u0022\u003E\u003Cp\u003E7\u2009423\u202f\u20ac\u003C\/p\u003E\u003C\/td\u003E\u003C\/tr\u003E\u003C\/tbody\u003E\u003C\/table\u003E\u003Cp\u003E\u003Cbr\u003E(1)Pour le r\u00e9gime de base, les cotisations provisionnelles sont recalcul\u00e9es, \u00e0 l\u2019exception de celles de la premi\u00e8re ann\u00e9e, en fonction des revenus nets d\u0027activit\u00e9 ind\u00e9pendante 2024 lorsque ceux-ci sont connus.\u003Cbr\u003E(2)Tenant compte de la participation des caisses maladie \u00e0 la cotisation des m\u00e9decins en secteur 1 (Compensation CSG).\u003C\/p\u003E\u003Cp\u003ER\u00e9gime des allocations suppl\u00e9mentaires de vieillesse (ASV)\u003C\/p\u003E\u003Cp\u003ELa part forfaitaire s\u2019\u00e9l\u00e8ve \u00e0 5\u2009556\u202f\u20ac en 2025.\u003C\/p\u003E\u003Cp\u003ELa part d\u2019ajustement est assise pour les deux premi\u00e8res ann\u00e9es civiles d\u2019affiliation, sur les m\u00eames bases forfaitaires retenues pour le r\u00e9gime de base (8\u2009949\u202f\u20ac en 1ere et 2e ann\u00e9e en 2025) soit des cotisations de 340\u202f\u20ac en 1re et 2e\u202fann\u00e9e en 2025.\u003C\/p\u003E\u003Cp\u003E\u003Cstrong\u003ELes m\u00e9decins en secteur 2 r\u00e8glent la totalit\u00e9 de la cotisation\u2009: part forfaitaire et part d\u2019ajustement.\u003C\/strong\u003E\u003C\/p\u003E\u003Cp\u003E\u003Cstrong\u003E3\/. Cotisations du conjoint collaborateur\u003C\/strong\u003E\u003C\/p\u003E\u003Cp\u003ELe choix des cotisations des r\u00e9gimes de base, compl\u00e9mentaire et invalidit\u00e9-d\u00e9c\u00e8s doit \u00eatre formul\u00e9 dans le mois qui suit le d\u00e9but de la collaboration. Il est valable pour trois ans et reconduit pour une dur\u00e9e de trois ans (renouvelable), sauf demande contraire du conjoint collaborateur. Les cotisations sont d\u00e9ductibles du revenu imposable du m\u00e9decin.\u003C\/p\u003E\u003Cp\u003E\u0026nbsp;\u003C\/p\u003E\u003Cp\u003EExemple de cotisations du 1er\u0026nbsp;janvier au 31 d\u00e9cembre 2025, pour le conjoint d\u2019un m\u00e9decin d\u00e9clarant un revenu de 80\u2009000\u202f\u20ac.\u003C\/p\u003E\u003Ctable border=\u00221\u0022 cellspacing=\u00220\u0022 cellpadding=\u00220\u0022 width=\u0022600\u0022\u003E\u003Ctbody\u003E\u003Ctr\u003E\u003Ctd colspan=\u00226\u0022 valign=\u0022top\u0022\u003E\u003Cp\u003E\u003Cstrong\u003ER\u00e9gime de base \u0026nbsp;\u003C\/strong\u003E\u003C\/p\u003E\u003C\/td\u003E\u003C\/tr\u003E\u003Ctr\u003E\u003Ctd width=\u002239\u0022 valign=\u0022top\u0022\u003E\u003Cp\u003E\u003Cstrong\u003EChoix\u003C\/strong\u003E\u003C\/p\u003E\u003C\/td\u003E\u003Ctd width=\u0022179\u0022 valign=\u0022top\u0022\u003E\u003Cp\u003EPersonne concern\u00e9e\u003C\/p\u003E\u003C\/td\u003E\u003Ctd width=\u0022192\u0022 valign=\u0022top\u0022\u003E\u003Cp\u003EAssiette des cotisations\u003C\/p\u003E\u003C\/td\u003E\u003Ctd width=\u002262\u0022 valign=\u0022top\u0022\u003E\u003Cp\u003ESecteur 1\u003C\/p\u003E\u003C\/td\u003E\u003Ctd width=\u002262\u0022 valign=\u0022top\u0022\u003E\u003Cp\u003ESecteur 2\u003C\/p\u003E\u003C\/td\u003E\u003Ctd width=\u002252\u0022 valign=\u0022top\u0022\u003E\u003Cp\u003EPoints\u003C\/p\u003E\u003C\/td\u003E\u003C\/tr\u003E\u003Ctr\u003E\u003Ctd rowspan=\u00223\u0022 valign=\u0022top\u0022\u003E\u003Cp\u003E\u003Cstrong\u003E1\u003C\/strong\u003E\u003C\/p\u003E\u003C\/td\u003E\u003Ctd valign=\u0022top\u0022\u003E\u003Cp\u003E\u0026nbsp;Conjoint\u003C\/p\u003E\u003C\/td\u003E\u003Ctd valign=\u0022top\u0022\u003E\u003Cp\u003E\u0026nbsp;Revenu forfaitaire(1)\u003C\/p\u003E\u003C\/td\u003E\u003Ctd width=\u002280\u0022 valign=\u0022top\u0022\u003E\u003Cp\u003E\u003Cstrong\u003E2 378 \u20ac\u003C\/strong\u003E\u003C\/p\u003E\u003C\/td\u003E\u003Ctd width=\u002280\u0022 valign=\u0022top\u0022\u003E\u003Cp\u003E\u003Cstrong\u003E2 378 \u20ac\u003C\/strong\u003E\u003C\/p\u003E\u003C\/td\u003E\u003Ctd valign=\u0022top\u0022\u003E\u003Cp\u003E\u003Cstrong\u003E265,00\u003C\/strong\u003E\u003C\/p\u003E\u003C\/td\u003E\u003C\/tr\u003E\u003Ctr\u003E\u003Ctd valign=\u0022top\u0022\u003E\u003Cp\u003E\u0026nbsp;M\u00e9decin\u003C\/p\u003E\u003C\/td\u003E\u003Ctd valign=\u0022top\u0022\u003E\u003Cp\u003E\u0026nbsp;Int\u00e9gralit\u00e9 des revenus\u003C\/p\u003E\u003C\/td\u003E\u003Ctd valign=\u0022top\u0022\u003E\u003Cp\u003E\u003Cstrong\u003E4 164 \u20ac\u003C\/strong\u003E\u003C\/p\u003E\u003C\/td\u003E\u003Ctd valign=\u0022top\u0022\u003E\u003Cp\u003E\u003Cstrong\u003E5 372 \u20ac\u003C\/strong\u003E\u003C\/p\u003E\u003C\/td\u003E\u003Ctd valign=\u0022top\u0022\u003E\u003Cp\u003E\u003Cstrong\u003E533,49\u003C\/strong\u003E\u003C\/p\u003E\u003C\/td\u003E\u003C\/tr\u003E\u003Ctr\u003E\u003Ctd colspan=\u00222\u0022 valign=\u0022top\u0022\u003E\u003Cp\u003E\u0026nbsp;Total (m\u00e9decin + conjoint)\u003C\/p\u003E\u003C\/td\u003E\u003Ctd valign=\u0022top\u0022\u003E\u003Cp\u003E\u003Cstrong\u003E6 542 \u20ac\u003C\/strong\u003E\u003C\/p\u003E\u003C\/td\u003E\u003Ctd valign=\u0022top\u0022\u003E\u003Cp\u003E\u003Cstrong\u003E7 750 \u20ac\u003C\/strong\u003E\u003C\/p\u003E\u003C\/td\u003E\u003Ctd valign=\u0022top\u0022\u003E\u003Cp\u003E\u003Cstrong\u003E-\u003C\/strong\u003E\u003C\/p\u003E\u003C\/td\u003E\u003C\/tr\u003E\u003Ctr\u003E\u003Ctd rowspan=\u00224\u0022 valign=\u0022top\u0022\u003E\u003Cp\u003E\u003Cstrong\u003E2\u0026nbsp;Sans partage d\u0027assiette\u003C\/strong\u003E\u003C\/p\u003E\u003C\/td\u003E\u003Ctd colspan=\u00225\u0022 valign=\u0022top\u0022\u003E\u003Cp\u003E\u0026nbsp;\u003C\/p\u003E\u003C\/td\u003E\u003C\/tr\u003E\u003Ctr\u003E\u003Ctd valign=\u0022top\u0022\u003E\u003Cp\u003E\u0026nbsp;Conjoint\u0026nbsp;(2)\u003C\/p\u003E\u003C\/td\u003E\u003Ctd valign=\u0022top\u0022\u003E\u003Cp\u003E\u003Cstrong\u003E\u0026nbsp;25\u0026nbsp;%\u003C\/strong\u003E\u0026nbsp;des revenus du m\u00e9decin\u003Cbr\u003E\u0026nbsp;ou\u0026nbsp;\u003Cstrong\u003E50\u0026nbsp;%\u003C\/strong\u003E\u0026nbsp;des revenus du m\u00e9decin\u003C\/p\u003E\u003C\/td\u003E\u003Ctd valign=\u0022top\u0022\u003E\u003Cp\u003E\u003Cstrong\u003E2 020 \u20ac\u003C\/strong\u003E\u003Cbr\u003E\u003Cstrong\u003E4 040 \u20ac\u003C\/strong\u003E\u003C\/p\u003E\u003C\/td\u003E\u003Ctd valign=\u0022top\u0022\u003E\u003Cp\u003E\u003Cstrong\u003E2 020\u2009\u20ac\u003C\/strong\u003E\u003Cbr\u003E\u003Cstrong\u003E4 040\u2009\u20ac\u003C\/strong\u003E\u003C\/p\u003E\u003C\/td\u003E\u003Ctd valign=\u0022top\u0022\u003E\u003Cp\u003E\u003Cstrong\u003E225,00\u003C\/strong\u003E\u003Cbr\u003E\u003Cstrong\u003E450,10\u003C\/strong\u003E\u003C\/p\u003E\u003C\/td\u003E\u003C\/tr\u003E\u003Ctr\u003E\u003Ctd valign=\u0022top\u0022\u003E\u003Cp\u003E\u0026nbsp;M\u00e9decin\u003C\/p\u003E\u003C\/td\u003E\u003Ctd valign=\u0022top\u0022\u003E\u003Cp\u003E\u0026nbsp;Int\u00e9gralit\u00e9 des revenus\u003C\/p\u003E\u003C\/td\u003E\u003Ctd valign=\u0022top\u0022\u003E\u003Cp\u003E\u003Cstrong\u003E4 164 \u20ac\u003C\/strong\u003E\u003C\/p\u003E\u003C\/td\u003E\u003Ctd valign=\u0022top\u0022\u003E\u003Cp\u003E\u003Cstrong\u003E5 372 \u20ac\u003C\/strong\u003E\u003C\/p\u003E\u003C\/td\u003E\u003Ctd valign=\u0022top\u0022\u003E\u003Cp\u003E\u003Cstrong\u003E533,49\u003C\/strong\u003E\u003C\/p\u003E\u003C\/td\u003E\u003C\/tr\u003E\u003Ctr\u003E\u003Ctd valign=\u0022top\u0022\u003E\u003Cp\u003ETotal (m\u00e9decin + conjoint)\u003C\/p\u003E\u003C\/td\u003E\u003Ctd valign=\u0022top\u0022\u003E\u003Cp\u003E\u003Cstrong\u003E25\u0026nbsp;%\u003C\/strong\u003E\u003Cbr\u003E\u003Cstrong\u003E50\u0026nbsp;%\u003C\/strong\u003E\u003C\/p\u003E\u003C\/td\u003E\u003Ctd valign=\u0022top\u0022\u003E\u003Cp\u003E\u003Cstrong\u003E6 184\u2009\u20ac\u003C\/strong\u003E\u003Cbr\u003E\u003Cstrong\u003E8 204\u2009\u20ac\u003C\/strong\u003E\u003C\/p\u003E\u003C\/td\u003E\u003Ctd valign=\u0022top\u0022\u003E\u003Cp\u003E\u003Cstrong\u003E7 392\u2009\u20ac\u003C\/strong\u003E\u003Cbr\u003E\u003Cstrong\u003E9 412\u2009\u20ac\u003C\/strong\u003E\u003C\/p\u003E\u003C\/td\u003E\u003Ctd valign=\u0022top\u0022\u003E\u003Cp\u003E\u003Cstrong\u003E-\u003C\/strong\u003E\u003Cbr\u003E\u003Cstrong\u003E-\u003C\/strong\u003E\u003C\/p\u003E\u003C\/td\u003E\u003C\/tr\u003E\u003Ctr\u003E\u003Ctd rowspan=\u00224\u0022 valign=\u0022top\u0022\u003E\u003Cp\u003E\u003Cstrong\u003E3\u0026nbsp;Avec partage d\u0027assiette\u003C\/strong\u003E\u003C\/p\u003E\u003C\/td\u003E\u003Ctd colspan=\u00225\u0022 valign=\u0022top\u0022\u003E\u003Cp\u003E\u0026nbsp;\u003C\/p\u003E\u003C\/td\u003E\u003C\/tr\u003E\u003Ctr\u003E\u003Ctd valign=\u0022top\u0022\u003E\u003Cp\u003E\u0026nbsp;Conjoint\u003C\/p\u003E\u003C\/td\u003E\u003Ctd valign=\u0022top\u0022\u003E\u003Cp\u003E\u003Cstrong\u003E\u0026nbsp;25\u0026nbsp;%\u003C\/strong\u003E\u0026nbsp;des revenus du m\u00e9decin\u0026nbsp;(3)\u003Cbr\u003E\u0026nbsp;ou\u0026nbsp;\u003Cstrong\u003E50\u0026nbsp;%\u003C\/strong\u003E\u0026nbsp;des revenus du m\u00e9decin\u0026nbsp;(4)\u003C\/p\u003E\u003C\/td\u003E\u003Ctd valign=\u0022top\u0022\u003E\u003Cp\u003E\u003Cstrong\u003E1 343\u2009\u20ac\u003C\/strong\u003E\u003Cbr\u003E\u003Cstrong\u003E2 686\u2009\u20ac\u003C\/strong\u003E\u003C\/p\u003E\u003C\/td\u003E\u003Ctd valign=\u0022top\u0022\u003E\u003Cp\u003E\u003Cstrong\u003E1 343\u2009\u20ac\u003C\/strong\u003E\u003Cbr\u003E\u003Cstrong\u003E2 686\u2009\u20ac\u003C\/strong\u003E\u003C\/p\u003E\u003C\/td\u003E\u003Ctd valign=\u0022top\u0022\u003E\u003Cp\u003E\u003Cstrong\u003E133,30\u003C\/strong\u003E\u003Cbr\u003E\u003Cstrong\u003E266,70\u003C\/strong\u003E\u003C\/p\u003E\u003C\/td\u003E\u003C\/tr\u003E\u003Ctr\u003E\u003Ctd valign=\u0022top\u0022\u003E\u003Cp\u003E\u0026nbsp;M\u00e9decin\u003C\/p\u003E\u003C\/td\u003E\u003Ctd valign=\u0022top\u0022\u003E\u003Cp\u003E\u003Cstrong\u003E\u0026nbsp;75\u0026nbsp;%\u003C\/strong\u003E\u0026nbsp;des revenus\u0026nbsp;(5)\u003Cbr\u003E\u0026nbsp;ou\u0026nbsp;\u003Cstrong\u003E50\u0026nbsp;%\u003C\/strong\u003E\u0026nbsp;des revenus\u0026nbsp;(4)\u003C\/p\u003E\u003C\/td\u003E\u003Ctd valign=\u0022top\u0022\u003E\u003Cp\u003E\u003Cstrong\u003E2 821\u2009\u20ac\u003C\/strong\u003E\u003Cbr\u003E\u003Cstrong\u003E1 478\u2009\u20ac\u003C\/strong\u003E\u003C\/p\u003E\u003C\/td\u003E\u003Ctd valign=\u0022top\u0022\u003E\u003Cp\u003E\u003Cstrong\u003E4 029\u2009\u20ac\u003C\/strong\u003E\u003Cbr\u003E\u003Cstrong\u003E2 686\u2009\u20ac\u003C\/strong\u003E\u003C\/p\u003E\u003C\/td\u003E\u003Ctd valign=\u0022top\u0022\u003E\u003Cp\u003E\u003Cstrong\u003E399,90\u003C\/strong\u003E\u003Cbr\u003E\u003Cstrong\u003E266,70\u003C\/strong\u003E\u003C\/p\u003E\u003C\/td\u003E\u003C\/tr\u003E\u003Ctr\u003E\u003Ctd valign=\u0022top\u0022\u003E\u003Cp\u003ETotal (m\u00e9decin + conjoint)\u003C\/p\u003E\u003C\/td\u003E\u003Ctd valign=\u0022top\u0022\u003E\u003Cp\u003E\u003Cstrong\u003E25\u0026nbsp;%\u003C\/strong\u003E\u003Cbr\u003E\u003Cstrong\u003E50\u0026nbsp;%\u003C\/strong\u003E\u003C\/p\u003E\u003C\/td\u003E\u003Ctd valign=\u0022top\u0022\u003E\u003Cp\u003E\u003Cstrong\u003E4 164\u2009\u20ac\u003C\/strong\u003E\u003Cbr\u003E\u003Cstrong\u003E4 164\u2009\u20ac\u003C\/strong\u003E\u003C\/p\u003E\u003C\/td\u003E\u003Ctd valign=\u0022top\u0022\u003E\u003Cp\u003E\u003Cstrong\u003E5 372\u2009\u20ac\u003C\/strong\u003E\u003Cbr\u003E\u003Cstrong\u003E5 372\u2009\u20ac\u003C\/strong\u003E\u003C\/p\u003E\u003C\/td\u003E\u003Ctd valign=\u0022top\u0022\u003E\u003Cp\u003E\u003Cstrong\u003E-\u003C\/strong\u003E\u003Cbr\u003E\u003Cstrong\u003E-\u003C\/strong\u003E\u003C\/p\u003E\u003C\/td\u003E\u003C\/tr\u003E\u003C\/tbody\u003E\u003C\/table\u003E\u003Cp\u003E\u003Cbr\u003ESi aucun choix de cotisations n\u2019est effectu\u00e9, la cotisation est calcul\u00e9e sur le revenu forfaitaire choix 1.\u003C\/p\u003E\u003Cp\u003E(1)\u0026nbsp;\u00c9gal \u00e0 la moiti\u00e9 du plafond annuel de la S\u00e9curit\u00e9 sociale\u003Cbr\u003E(2)\u0026nbsp;Tranche 1 : 8,23 % jusqu\u2019\u00e0\u003Cstrong\u003E\u0026nbsp;47 100 \u20ac\u003C\/strong\u003E\u0026nbsp;- Tranche 2 : 1,87 % jusqu\u2019\u00e0\u0026nbsp;\u003Cstrong\u003E235 500\u2009\u20ac.\u003C\/strong\u003E\u003Cbr\u003EDans le cas 3 les tranches sont r\u00e9duites en proportion du choix d\u2019assiette :\u003Cbr\u003E(3)\u0026nbsp;si 25 % : Tranche 1 : jusqu\u2019\u00e0\u0026nbsp;\u003Cstrong\u003E11 775 \u20ac\u0026nbsp;\u003C\/strong\u003E- Tranche 2 : jusqu\u2019\u00e0\u0026nbsp;\u003Cstrong\u003E58 875 \u20ac\u003C\/strong\u003E\u003Cbr\u003E(4)\u0026nbsp;si 50 % : Tranche 1 : jusqu\u2019\u00e0\u003Cstrong\u003E\u0026nbsp;23 550 \u20ac\u003C\/strong\u003E\u0026nbsp;- Tranche 2 : jusqu\u2019\u00e0\u003Cstrong\u003E\u0026nbsp;117 750 \u20ac\u003C\/strong\u003E\u003Cbr\u003E(5)\u0026nbsp;si 75 % : Tranche 1 : jusqu\u2019\u00e0\u0026nbsp;\u003Cstrong\u003E35 325 \u20ac\u003C\/strong\u003E\u0026nbsp;- Tranche 2 : jusqu\u2019\u00e0\u003Cstrong\u003E\u0026nbsp;176 625 \u20ac\u003C\/strong\u003E\u003C\/p\u003E\u003Cp\u003E\u0026nbsp;\u003C\/p\u003E\u003Cp\u003E\u0026nbsp;\u003C\/p\u003E\u003Ctable border=\u00220\u0022 cellspacing=\u00220\u0022 cellpadding=\u00220\u0022 width=\u0022600\u0022\u003E\u003Ctbody\u003E\u003Ctr\u003E\u003Ctd colspan=\u00225\u0022 valign=\u0022top\u0022\u003E\u003Cp\u003E\u003Cstrong\u003ER\u00e9gime compl\u00e9mentaire\u003C\/strong\u003E\u003C\/p\u003E\u003C\/td\u003E\u003C\/tr\u003E\u003Ctr\u003E\u003Ctd valign=\u0022top\u0022\u003E\u003Cp\u003E\u003Cstrong\u003EChoix\u003C\/strong\u003E\u003C\/p\u003E\u003C\/td\u003E\u003Ctd valign=\u0022top\u0022\u003E\u003Cp\u003EPersonne concern\u00e9e\u003C\/p\u003E\u003C\/td\u003E\u003Ctd valign=\u0022top\u0022\u003E\u003Cp\u003ECotisations\u003C\/p\u003E\u003C\/td\u003E\u003Ctd valign=\u0022top\u0022\u003E\u003Cp\u003EMontants\u003C\/p\u003E\u003C\/td\u003E\u003Ctd valign=\u0022top\u0022\u003E\u003Cp\u003EPoints\u003C\/p\u003E\u003C\/td\u003E\u003C\/tr\u003E\u003Ctr\u003E\u003Ctd rowspan=\u00223\u0022 valign=\u0022top\u0022\u003E\u003Cp\u003E\u003Cstrong\u003E1\u003C\/strong\u003E\u003C\/p\u003E\u003C\/td\u003E\u003Ctd valign=\u0022top\u0022\u003E\u003Cp\u003E\u0026nbsp;Conjoint\u003C\/p\u003E\u003C\/td\u003E\u003Ctd valign=\u0022top\u0022\u003E\u003Cp\u003E\u003Cstrong\u003E\u0026nbsp;Le quart\u0026nbsp;\u003C\/strong\u003E\u0026nbsp;de la cotisation du m\u00e9decin\u003C\/p\u003E\u003C\/td\u003E\u003Ctd valign=\u0022top\u0022\u003E\u003Cp\u003E\u003Cstrong\u003E2\u0026nbsp;040 \u20ac\u003C\/strong\u003E\u003C\/p\u003E\u003C\/td\u003E\u003Ctd valign=\u0022top\u0022\u003E\u003Cp\u003E\u003Cstrong\u003E\u0026nbsp;\u0026nbsp;1,21\u003C\/strong\u003E\u003C\/p\u003E\u003C\/td\u003E\u003C\/tr\u003E\u003Ctr\u003E\u003Ctd valign=\u0022top\u0022\u003E\u003Cp\u003E\u0026nbsp;M\u00e9decin\u003C\/p\u003E\u003C\/td\u003E\u003Ctd valign=\u0022top\u0022\u003E\u003Cp\u003E\u0026nbsp;Cotisation sur l\u0027int\u00e9gralit\u00e9 des revenus\u003C\/p\u003E\u003C\/td\u003E\u003Ctd valign=\u0022top\u0022\u003E\u003Cp\u003E\u003Cstrong\u003E8\u0026nbsp;160\u0026nbsp;\u20ac\u003C\/strong\u003E\u003C\/p\u003E\u003C\/td\u003E\u003Ctd valign=\u0022top\u0022\u003E\u003Cp\u003E\u003Cstrong\u003E\u0026nbsp;\u0026nbsp;4,84\u003C\/strong\u003E\u003C\/p\u003E\u003C\/td\u003E\u003C\/tr\u003E\u003Ctr\u003E\u003Ctd colspan=\u00222\u0022 valign=\u0022top\u0022\u003E\u003Cp\u003E\u0026nbsp;Total (m\u00e9decin + conjoint)\u003C\/p\u003E\u003C\/td\u003E\u003Ctd valign=\u0022top\u0022\u003E\u003Cp\u003E\u003Cstrong\u003E10\u0026nbsp;200\u0026nbsp;\u20ac\u003C\/strong\u003E\u003C\/p\u003E\u003C\/td\u003E\u003Ctd valign=\u0022top\u0022\u003E\u003Cp\u003E\u003Cstrong\u003E\u0026nbsp;\u0026nbsp; -\u003C\/strong\u003E\u003C\/p\u003E\u003C\/td\u003E\u003C\/tr\u003E\u003Ctr\u003E\u003Ctd rowspan=\u00223\u0022 valign=\u0022top\u0022\u003E\u003Cp\u003E\u003Cstrong\u003E2\u003C\/strong\u003E\u003C\/p\u003E\u003C\/td\u003E\u003Ctd valign=\u0022top\u0022\u003E\u003Cp\u003E\u0026nbsp;Conjoint\u003C\/p\u003E\u003C\/td\u003E\u003Ctd valign=\u0022top\u0022\u003E\u003Cp\u003E\u003Cstrong\u003E\u0026nbsp;La moiti\u00e9\u003C\/strong\u003E\u0026nbsp;\u0026nbsp;de la cotisation du m\u00e9decin\u003C\/p\u003E\u003C\/td\u003E\u003Ctd valign=\u0022top\u0022\u003E\u003Cp\u003E\u003Cstrong\u003E4\u0026nbsp;080\u0026nbsp;\u20ac\u003C\/strong\u003E\u003C\/p\u003E\u003C\/td\u003E\u003Ctd valign=\u0022top\u0022\u003E\u003Cp\u003E\u003Cstrong\u003E\u0026nbsp;\u0026nbsp;2,43\u003C\/strong\u003E\u003C\/p\u003E\u003C\/td\u003E\u003C\/tr\u003E\u003Ctr\u003E\u003Ctd valign=\u0022top\u0022\u003E\u003Cp\u003E\u0026nbsp;M\u00e9decin\u003C\/p\u003E\u003C\/td\u003E\u003Ctd valign=\u0022top\u0022\u003E\u003Cp\u003E\u0026nbsp;Cotisation sur l\u0027int\u00e9gralit\u00e9 des revenus\u003C\/p\u003E\u003C\/td\u003E\u003Ctd valign=\u0022top\u0022\u003E\u003Cp\u003E\u003Cstrong\u003E8\u0026nbsp;160 \u20ac\u003C\/strong\u003E\u003C\/p\u003E\u003C\/td\u003E\u003Ctd valign=\u0022top\u0022\u003E\u003Cp\u003E\u003Cstrong\u003E\u0026nbsp;\u0026nbsp;4,84\u003C\/strong\u003E\u003C\/p\u003E\u003C\/td\u003E\u003C\/tr\u003E\u003Ctr\u003E\u003Ctd colspan=\u00222\u0022 valign=\u0022top\u0022\u003E\u003Cp\u003E\u0026nbsp;Total (m\u00e9decin + conjoint)\u003C\/p\u003E\u003C\/td\u003E\u003Ctd valign=\u0022top\u0022\u003E\u003Cp\u003E\u003Cstrong\u003E12\u0026nbsp;240\u0026nbsp;\u20ac\u003C\/strong\u003E\u003C\/p\u003E\u003C\/td\u003E\u003Ctd valign=\u0022top\u0022\u003E\u003Cp\u003E\u003Cstrong\u003E\u0026nbsp;\u0026nbsp; -\u003C\/strong\u003E\u003C\/p\u003E\u003C\/td\u003E\u003C\/tr\u003E\u003C\/tbody\u003E\u003C\/table\u003E\u003Cp\u003E\u003Cbr\u003ESi aucun choix de cotisations n\u2019est effectu\u00e9, la cotisation est \u00e9gale au quart de celle du m\u00e9decin\u0026nbsp;(choix 1).\u003C\/p\u003E\u003Cp\u003E\u0026nbsp;\u003C\/p\u003E\u003Ctable border=\u00220\u0022 cellspacing=\u00220\u0022 cellpadding=\u00220\u0022 width=\u0022600\u0022\u003E\u003Ctbody\u003E\u003Ctr\u003E\u003Ctd colspan=\u00224\u0022 valign=\u0022top\u0022\u003E\u003Cp\u003E\u003Cstrong\u003ER\u00e9gime invalidit\u00e9-d\u00e9c\u00e8s\u003C\/strong\u003E\u003C\/p\u003E\u003C\/td\u003E\u003C\/tr\u003E\u003Ctr\u003E\u003Ctd valign=\u0022top\u0022\u003E\u003Cp\u003E\u003Cstrong\u003EChoix\u003C\/strong\u003E\u003C\/p\u003E\u003C\/td\u003E\u003Ctd valign=\u0022top\u0022\u003E\u003Cp\u003EPersonne concern\u00e9e\u003C\/p\u003E\u003C\/td\u003E\u003Ctd valign=\u0022top\u0022\u003E\u003Cp\u003ECotisations\u003C\/p\u003E\u003C\/td\u003E\u003Ctd valign=\u0022top\u0022\u003E\u003Cp\u003EMontants\u003C\/p\u003E\u003C\/td\u003E\u003C\/tr\u003E\u003Ctr\u003E\u003Ctd rowspan=\u00223\u0022 valign=\u0022top\u0022\u003E\u003Cp\u003E\u003Cstrong\u003E1\u003C\/strong\u003E\u003C\/p\u003E\u003C\/td\u003E\u003Ctd valign=\u0022top\u0022\u003E\u003Cp\u003E\u0026nbsp;Conjoint\u003C\/p\u003E\u003C\/td\u003E\u003Ctd valign=\u0022top\u0022\u003E\u003Cp\u003E\u003Cstrong\u003ELe quart\u0026nbsp;\u003C\/strong\u003Ede la cotisation\u0026nbsp;du m\u00e9decin\u003C\/p\u003E\u003C\/td\u003E\u003Ctd valign=\u0022top\u0022\u003E\u003Cp\u003E\u003Cstrong\u003E\u0026nbsp;\u0026nbsp;189\u0026nbsp;\u20ac\u003C\/strong\u003E\u003C\/p\u003E\u003C\/td\u003E\u003C\/tr\u003E\u003Ctr\u003E\u003Ctd valign=\u0022top\u0022\u003E\u003Cp\u003E\u0026nbsp;M\u00e9decin\u003C\/p\u003E\u003C\/td\u003E\u003Ctd valign=\u0022top\u0022\u003E\u003Cp\u003E\u0026nbsp;\u003C\/p\u003E\u003C\/td\u003E\u003Ctd valign=\u0022top\u0022\u003E\u003Cp\u003E\u003Cstrong\u003E\u0026nbsp;\u0026nbsp;754 \u20ac\u003C\/strong\u003E\u003C\/p\u003E\u003C\/td\u003E\u003C\/tr\u003E\u003Ctr\u003E\u003Ctd colspan=\u00222\u0022 valign=\u0022top\u0022\u003E\u003Cp\u003E\u0026nbsp;\u003C\/p\u003E\u003C\/td\u003E\u003Ctd valign=\u0022top\u0022\u003E\u003Cp\u003E\u003Cstrong\u003E\u0026nbsp;\u0026nbsp;943\u0026nbsp;\u20ac\u003C\/strong\u003E\u003C\/p\u003E\u003C\/td\u003E\u003C\/tr\u003E\u003Ctr\u003E\u003Ctd rowspan=\u00223\u0022 valign=\u0022top\u0022\u003E\u003Cp\u003E\u003Cstrong\u003E2\u003C\/strong\u003E\u003C\/p\u003E\u003C\/td\u003E\u003Ctd valign=\u0022top\u0022\u003E\u003Cp\u003E\u0026nbsp;Conjoint\u003C\/p\u003E\u003C\/td\u003E\u003Ctd valign=\u0022top\u0022\u003E\u003Cp\u003E\u003Cstrong\u003ELa moiti\u00e9\u0026nbsp;\u003C\/strong\u003Ede la cotisation\u0026nbsp;du m\u00e9decin\u003C\/p\u003E\u003C\/td\u003E\u003Ctd valign=\u0022top\u0022\u003E\u003Cp\u003E\u003Cstrong\u003E\u0026nbsp;\u0026nbsp;377\u0026nbsp;\u20ac\u003C\/strong\u003E\u003C\/p\u003E\u003C\/td\u003E\u003C\/tr\u003E\u003Ctr\u003E\u003Ctd valign=\u0022top\u0022\u003E\u003Cp\u003E\u0026nbsp;M\u00e9decin\u003C\/p\u003E\u003C\/td\u003E\u003Ctd valign=\u0022top\u0022\u003E\u003Cp\u003E\u0026nbsp;\u003C\/p\u003E\u003C\/td\u003E\u003Ctd valign=\u0022top\u0022\u003E\u003Cp\u003E\u003Cstrong\u003E\u0026nbsp;\u0026nbsp;754\u0026nbsp;\u20ac\u003C\/strong\u003E\u003C\/p\u003E\u003C\/td\u003E\u003C\/tr\u003E\u003Ctr\u003E\u003Ctd colspan=\u00222\u0022 valign=\u0022top\u0022\u003E\u003Cp\u003E\u0026nbsp;Total (m\u00e9decin + conjoint)\u003C\/p\u003E\u003C\/td\u003E\u003Ctd valign=\u0022top\u0022\u003E\u003Cp\u003E\u003Cstrong\u003E1\u0026nbsp;131\u0026nbsp;\u20ac\u003C\/strong\u003E\u003C\/p\u003E\u003C\/td\u003E\u003C\/tr\u003E\u003C\/tbody\u003E\u003C\/table\u003E\u003Cp\u003E\u003Cbr\u003ESi aucun choix de cotisations n\u2019est effectu\u00e9, la cotisation est \u00e9gale au quart de celle du m\u00e9decin (choix 1).\u003C\/p\u003E                                            \u003Cp\u003E\u003Cbr \/\u003E\u003Cstrong\u003ESource :\u003C\/strong\u003E\u003Cstrong\u003E\u00a0\u003C\/strong\u003E\u003C\/p\u003E\u003Cul\u003E\u003Cli\u003E\u003Ca href=\u0022https:\/\/www.urssaf.fr\/accueil\/independant\/praticien-auxiliaire-medical\/cotisations-medecin-secteur-2.html\u0022 target=\u0022_blank\u0022\u003ELes cotisations d\u2019un m\u00e9decin de secteur 2 - Urssaf.fr\u003C\/a\u003E\u003C\/li\u003E\u003Cli\u003E\u003Ca href=\u0022https:\/\/www.carmf.fr\/page.php?page=cdrom\/coti\/coti-conjoint.htm\u0022 target=\u0022_blank\u0022\u003ELa caisse autonome de retraite des m\u00e9decins de France - Carmf.fr\u003C\/a\u003E\u003C\/li\u003E\u003C\/ul\u003E\u003C\/div\u003E","annee":"2025","theme":" Indices, taux, bar\u00e8mes sociaux","activites":["Sant\u00e9"],"image":"https:\/\/www.weblex.fr\/sites\/default\/files\/chiffres_clef\/Shutterstock_cotisationsmedecins_0.jpg","created":"2025-12-01","modified":"2025-12-30"},{"url":"\/chiffres-cles\/tableau-des-cotisations-sociales-dues-par-les-avocats-annee-2025","id":27065,"title":"Tableau des cotisations sociales dues par les avocats - Ann\u00e9e 2025 ","content":"\u003Cdiv\u003E                                              \u003Cp\u003EL\u2019article 18 de la loi de financement de la S\u00e9curit\u00e9 sociale pour 2024 (loi 2023-1250 du 26 d\u00e9cembre 2023) r\u00e9forme l\u2019assiette des cotisations et contributions sociales des travailleurs ind\u00e9pendants, \u00e0 compter de la r\u00e9gularisation des cotisations de l\u2019ann\u00e9e 2025 (apr\u00e8s la d\u00e9claration des revenus 2025, en 2026).\u003C\/p\u003E\u003Cp\u003E\u0026nbsp;\u003C\/p\u003E\u003Cp\u003ELe d\u00e9cret n\u00b0 2024-688 du 5 juillet 2024 r\u00e9vise le bar\u00e8me des cotisations des travailleurs ind\u00e9pendants, en lien avec cette r\u00e9forme de l\u2019assiette sociale. Cette modification des bar\u00e8mes sera appliqu\u00e9e en m\u00eame temps que la r\u00e9forme de l\u2019assiette sociale, soit \u00e0 partir d\u2019avril 2026 avec l\u2019ouverture de la campagne de la d\u00e9claration des revenus 2025.\u003C\/p\u003E\u003Cp\u003ELes bar\u00e8mes pr\u00e9sent\u00e9s ici pour 2025 ne tiennent pas compte de cette r\u00e9forme.\u003C\/p\u003E\u003Cp\u003E\u003Cstrong\u003E1\/ Cotisations dues au r\u00e9gime g\u00e9n\u00e9ral de S\u00e9curit\u00e9 sociale\u0026nbsp;\u003C\/strong\u003E\u0026nbsp;\u0026nbsp;\u0026nbsp;                                                        \u003C\/p\u003E\u003Cdiv class=\u0022WordSection1\u0022\u003E\u003Ctable class=\u0022MsoNormalTable\u0022 border=\u00221\u0022 cellspacing=\u00220\u0022 cellpadding=\u00220\u0022 width=\u0022652\u0022\u003E\u003Ctbody\u003E\u003Ctr\u003E\u003Ctd width=\u0022166\u0022 rowspan=\u00224\u0022\u003E\u003Cp class=\u0022MsoNormal\u0022 align=\u0022center\u0022\u003EMaladie-maternit\u00e9\u003C\/p\u003E\u003C\/td\u003E\u003Ctd width=\u0022280\u0022\u003E\u003Cp class=\u0022MsoNormal\u0022 align=\u0022center\u0022\u003E\u003Cstrong\u003ERevenus inf\u00e9rieurs \u00e0 18\u0026nbsp;840\u0026nbsp;\u20ac\u0026nbsp;(soit 40 % du plafond annuel de la S\u00e9curit\u00e9 sociale)\u003C\/strong\u003E\u003C\/p\u003E\u003C\/td\u003E\u003Ctd width=\u0022206\u0022\u003E\u003Cp class=\u0022MsoNormal\u0022 align=\u0022center\u0022\u003E0 %\u003C\/p\u003E\u003C\/td\u003E\u003C\/tr\u003E\u003Ctr\u003E\u003Ctd width=\u0022280\u0022\u003E\u003Cp class=\u0022MsoNormal\u0022 align=\u0022center\u0022\u003E\u003Cstrong\u003ERevenus compris entre 18\u0026nbsp;840\u0026nbsp;\u20ac (40\u0026nbsp;% du Pass) et 28\u0026nbsp;260\u0026nbsp;\u20ac (60\u0026nbsp;% du Pass)\u003C\/strong\u003E\u003C\/p\u003E\u003C\/td\u003E\u003Ctd width=\u0022206\u0022\u003E\u003Cp class=\u0022MsoNormal\u0022 align=\u0022center\u0022\u003ETaux progressif de 0 \u00e0 4 %\u003C\/p\u003E\u003C\/td\u003E\u003C\/tr\u003E\u003Ctr\u003E\u003Ctd width=\u0022280\u0022\u003E\u003Cp class=\u0022MsoNormal\u0022 align=\u0022center\u0022\u003E\u003Cstrong\u003ERevenus sup\u00e9rieurs \u00e0 28\u0026nbsp;260\u0026nbsp;\u20ac (60\u0026nbsp;% du Pass) et jusqu\u2019\u00e0 51\u0026nbsp;810\u0026nbsp;\u20ac (110\u0026nbsp;% du Pass)\u003C\/strong\u003E\u003C\/p\u003E\u003C\/td\u003E\u003Ctd width=\u0022206\u0022\u003E\u003Cp class=\u0022MsoNormal\u0022 align=\u0022center\u0022\u003ETaux progressif de 4 \u00e0 6,50 %\u003C\/p\u003E\u003C\/td\u003E\u003C\/tr\u003E\u003Ctr\u003E\u003Ctd width=\u0022280\u0022\u003E\u003Cp class=\u0022MsoNormal\u0022 align=\u0022center\u0022\u003E\u003Cstrong\u003ERevenus sup\u00e9rieurs \u00e0 51\u0026nbsp;810\u0026nbsp;\u20ac (110\u0026nbsp;% du Pass)\u003C\/strong\u003E\u003C\/p\u003E\u003C\/td\u003E\u003Ctd width=\u0022206\u0022\u003E\u003Cp class=\u0022MsoNormal\u0022 align=\u0022center\u0022\u003E6,50 %\u003C\/p\u003E\u003C\/td\u003E\u003C\/tr\u003E\u003Ctr\u003E\u003Ctd\u003E\u003Cp class=\u0022MsoNormal\u0022 align=\u0022center\u0022\u003E\u003Ca\u003EIndemnit\u00e9s journali\u00e8res\u003C\/a\u003E\u003C\/p\u003E\u003C\/td\u003E\u003Ctd width=\u0022280\u0022\u003E\u003Cp class=\u0022MsoNormal\u0022 align=\u0022center\u0022\u003E\u003Cstrong\u003EDans la limite de 141\u0026nbsp;300\u0026nbsp;\u20ac (3\u0026nbsp;Pass)\u003C\/strong\u003E\u003C\/p\u003E\u003C\/td\u003E\u003Ctd width=\u0022206\u0022\u003E\u003Cp class=\u0022MsoNormal\u0022 align=\u0022center\u0022\u003E0,30 %\u003C\/p\u003E\u003C\/td\u003E\u003C\/tr\u003E\u003Ctr\u003E\u003Ctd width=\u0022166\u0022 rowspan=\u00223\u0022\u003E\u003Cp class=\u0022MsoNormal\u0022 align=\u0022center\u0022\u003EAllocations familiales\u003C\/p\u003E\u003C\/td\u003E\u003Ctd width=\u0022280\u0022\u003E\u003Cp class=\u0022MsoNormal\u0022 align=\u0022center\u0022\u003E\u003Cstrong\u003ERevenus\u0026nbsp;inf\u00e9rieurs \u00e0 51\u0026nbsp;810\u0026nbsp;\u20ac (110\u0026nbsp;% du Pass)\u003C\/strong\u003E\u003C\/p\u003E\u003C\/td\u003E\u003Ctd width=\u0022206\u0022\u003E\u003Cp class=\u0022MsoNormal\u0022 align=\u0022center\u0022\u003E0 %\u003C\/p\u003E\u003C\/td\u003E\u003C\/tr\u003E\u003Ctr\u003E\u003Ctd width=\u0022280\u0022\u003E\u003Cp class=\u0022MsoNormal\u0022 align=\u0022center\u0022\u003E\u003Cstrong\u003ERevenus compris entre 51\u0026nbsp;810\u0026nbsp;\u20ac et 65\u0026nbsp;940\u0026nbsp;\u20ac (110\u0026nbsp;% et 140\u0026nbsp;% du Pass)\u003C\/strong\u003E\u003C\/p\u003E\u003C\/td\u003E\u003Ctd width=\u0022206\u0022\u003E\u003Cp class=\u0022MsoNormal\u0022 align=\u0022center\u0022\u003ETaux progressif\u0026nbsp;: entre 0 % et 3,10 %\u003C\/p\u003E\u003C\/td\u003E\u003C\/tr\u003E\u003Ctr\u003E\u003Ctd width=\u0022280\u0022\u003E\u003Cp class=\u0022MsoNormal\u0022 align=\u0022center\u0022\u003E\u003Cstrong\u003ERevenus sup\u00e9rieurs \u00e0 65\u0026nbsp;940\u0026nbsp;\u20ac (140\u0026nbsp;% du Pass)\u003C\/strong\u003E\u003C\/p\u003E\u003C\/td\u003E\u003Ctd width=\u0022206\u0022\u003E\u003Cp class=\u0022MsoNormal\u0022 align=\u0022center\u0022\u003E3,10 %\u003C\/p\u003E\u003C\/td\u003E\u003C\/tr\u003E\u003Ctr\u003E\u003Ctd\u003E\u003Cp class=\u0022MsoNormal\u0022 align=\u0022center\u0022\u003ECSG CRDS\u003C\/p\u003E\u003C\/td\u003E\u003Ctd width=\u0022280\u0022\u003E\u003Cp class=\u0022MsoNormal\u0022 align=\u0022center\u0022\u003E\u003Cstrong\u003ERevenu professionnel\u0026nbsp;+ cotisations sociales obligatoires\u003C\/strong\u003E\u003Cbr\u003E\u003Cbr\u003E\u0026nbsp;\u003C\/p\u003E\u003Cp class=\u0022MsoNormal\u0022 align=\u0022center\u0022\u003E\u003Cstrong\u003ERevenus de remplacement\u003C\/strong\u003E\u003C\/p\u003E\u003C\/td\u003E\u003Ctd width=\u0022206\u0022\u003E\u003Cp class=\u0022MsoNormal\u0022 align=\u0022center\u0022\u003E9,70\u0026nbsp;%\u003C\/p\u003E\u003Cp class=\u0022MsoNormal\u0022\u003E\u0026nbsp;\u0026nbsp;\u003C\/p\u003E\u003Cp class=\u0022MsoNormal\u0022\u003E\u0026nbsp;6,70 %\u003C\/p\u003E\u003C\/td\u003E\u003C\/tr\u003E\u003Ctr\u003E\u003Ctd\u003E\u003Cp class=\u0022MsoNormal\u0022 align=\u0022center\u0022\u003EFormations professionnelle\u003C\/p\u003E\u003C\/td\u003E\u003Ctd width=\u0022280\u0022\u003E\u003Cp class=\u0022MsoNormal\u0022 align=\u0022center\u0022\u003E\u003Cstrong\u003ESur la base de 47\u0026nbsp;100 \u20ac\u003C\/strong\u003E\u003C\/p\u003E\u003C\/td\u003E\u003Ctd width=\u0022206\u0022\u003E\u003Cp class=\u0022MsoNormal\u0022 align=\u0022center\u0022\u003E0,25 %\u0026nbsp;\u003Cbr\u003E\u003Cbr\u003E(ou 0,34 % en pr\u00e9sence d\u2019un conjoint collaborateur)\u003C\/p\u003E\u003C\/td\u003E\u003C\/tr\u003E\u003C\/tbody\u003E\u003C\/table\u003E\u003Cp class=\u0022MsoNormal\u0022\u003E\u0026nbsp;\u003C\/p\u003E\u003Cp class=\u0022MsoNormal\u0022\u003E\u003Cstrong\u003E2\/. Cotisations dues \u00e0 la Caisse nationale des barreaux fran\u00e7ais (CNBF)\u0026nbsp;\u003C\/strong\u003E\u003Cbr\u003E\u003Cbr\u003E\u003Cstrong\u003EA) Retraite de base\u0026nbsp;\u003C\/strong\u003E\u003C\/p\u003E\u003Cp class=\u0022MsoNormal\u0022\u003E\u003Cstrong\u003ECotisation forfaitaire\u0026nbsp;\u003C\/strong\u003E\u003Cbr\u003E                                                                                                \u003C\/p\u003E\u003Cdiv class=\u0022WordSection1\u0022\u003E\u003Ctable class=\u0022MsoNormalTable\u0022 border=\u00221\u0022 cellspacing=\u00220\u0022 cellpadding=\u00220\u0022 width=\u0022601\u0022\u003E\u003Ctbody\u003E\u003Ctr\u003E\u003Ctd width=\u0022300\u0022 valign=\u0022bottom\u0022\u003E\u003Cp class=\u0022MsoNormal\u0022 align=\u0022center\u0022\u003E\u003Cstrong\u003EAge de l\u2019activit\u00e9\u003C\/strong\u003E\u003C\/p\u003E\u003C\/td\u003E\u003Ctd width=\u0022301\u0022 valign=\u0022bottom\u0022\u003E\u003Cp class=\u0022MsoNormal\u0022 align=\u0022center\u0022\u003E\u003Cstrong\u003EMontant\u003C\/strong\u003E\u003C\/p\u003E\u003C\/td\u003E\u003C\/tr\u003E\u003Ctr\u003E\u003Ctd width=\u0022300\u0022 valign=\u0022bottom\u0022\u003E\u003Cp class=\u0022MsoNormal\u0022 align=\u0022center\u0022\u003E\u003Cstrong\u003E1\u003C\/strong\u003E\u003Cstrong\u003Ere\u003C\/strong\u003E\u003Cstrong\u003E\u0026nbsp;ann\u00e9e\u003C\/strong\u003E\u003C\/p\u003E\u003C\/td\u003E\u003Ctd width=\u0022301\u0022 valign=\u0022bottom\u0022\u003E\u003Cp class=\u0022MsoNormal\u0022 align=\u0022center\u0022\u003E\u003Cstrong\u003E351 \u20ac\u003C\/strong\u003E\u003C\/p\u003E\u003C\/td\u003E\u003C\/tr\u003E\u003Ctr\u003E\u003Ctd width=\u0022300\u0022 valign=\u0022bottom\u0022\u003E\u003Cp class=\u0022MsoNormal\u0022 align=\u0022center\u0022\u003E\u003Cstrong\u003E2\u003C\/strong\u003E\u003Cstrong\u003Ee\u003C\/strong\u003E\u003Cstrong\u003E\u0026nbsp;ann\u00e9e\u003C\/strong\u003E\u003C\/p\u003E\u003C\/td\u003E\u003Ctd width=\u0022301\u0022 valign=\u0022bottom\u0022\u003E\u003Cp class=\u0022MsoNormal\u0022 align=\u0022center\u0022\u003E\u003Cstrong\u003E\u0026nbsp;705 \u20ac\u003C\/strong\u003E\u003C\/p\u003E\u003C\/td\u003E\u003C\/tr\u003E\u003Ctr\u003E\u003Ctd width=\u0022300\u0022 valign=\u0022bottom\u0022\u003E\u003Cp class=\u0022MsoNormal\u0022 align=\u0022center\u0022\u003E\u003Cstrong\u003E3\u003C\/strong\u003E\u003Cstrong\u003Ee\u003C\/strong\u003E\u003Cstrong\u003E\u0026nbsp;ann\u00e9e\u003C\/strong\u003E\u003C\/p\u003E\u003C\/td\u003E\u003Ctd width=\u0022301\u0022 valign=\u0022bottom\u0022\u003E\u003Cp class=\u0022MsoNormal\u0022 align=\u0022center\u0022\u003E\u003Cstrong\u003E1\u0026nbsp;106 \u20ac\u003C\/strong\u003E\u003C\/p\u003E\u003C\/td\u003E\u003C\/tr\u003E\u003Ctr\u003E\u003Ctd width=\u0022300\u0022 valign=\u0022bottom\u0022\u003E\u003Cp class=\u0022MsoNormal\u0022 align=\u0022center\u0022\u003E\u003Cstrong\u003E4\u003C\/strong\u003E\u003Cstrong\u003Ee\u003C\/strong\u003E\u003Cstrong\u003E\u0026nbsp;et 5\u003C\/strong\u003E\u003Cstrong\u003Ee\u003C\/strong\u003E\u003Cstrong\u003E\u0026nbsp;ann\u00e9es\u003C\/strong\u003E\u003C\/p\u003E\u003C\/td\u003E\u003Ctd width=\u0022301\u0022 valign=\u0022bottom\u0022\u003E\u003Cp class=\u0022MsoNormal\u0022 align=\u0022center\u0022\u003E\u003Cstrong\u003E1\u0026nbsp;505 \u20ac\u003C\/strong\u003E\u003C\/p\u003E\u003C\/td\u003E\u003C\/tr\u003E\u003Ctr\u003E\u003Ctd width=\u0022300\u0022 valign=\u0022bottom\u0022\u003E\u003Cp class=\u0022MsoNormal\u0022 align=\u0022center\u0022\u003E\u003Cstrong\u003E6\u003C\/strong\u003E\u003Cstrong\u003Ee\u003C\/strong\u003E\u003Cstrong\u003E\u0026nbsp;ann\u00e9e et plus (ou avocat \u00e2g\u00e9 de plus de 65 ans)\u003C\/strong\u003E\u003C\/p\u003E\u003C\/td\u003E\u003Ctd width=\u0022301\u0022 valign=\u0022bottom\u0022\u003E\u003Cp class=\u0022MsoNormal\u0022 align=\u0022center\u0022\u003E\u003Cstrong\u003E1 921 \u20ac \u20ac\u003C\/strong\u003E\u003C\/p\u003E\u003C\/td\u003E\u003C\/tr\u003E\u003C\/tbody\u003E\u003C\/table\u003E\u003Cp class=\u0022MsoNormal\u0022\u003E\u0026nbsp;\u003C\/p\u003E\u003Cp class=\u0022MsoNormal\u0022\u003E\u003Cstrong\u003ECotisations proportionnelle au revenu net\u0026nbsp;\u003C\/strong\u003E\u0026nbsp;                                                                                                                        \u003C\/p\u003E\u003Cdiv class=\u0022WordSection1\u0022\u003E\u003Ctable class=\u0022MsoNormalTable\u0022 border=\u00221\u0022 cellspacing=\u00220\u0022 cellpadding=\u00220\u0022\u003E\u003Ctbody\u003E\u003Ctr\u003E\u003Ctd width=\u0022201\u0022 valign=\u0022bottom\u0022\u003E\u003Cp class=\u0022MsoNormal\u0022 align=\u0022center\u0022\u003E\u003Cstrong\u003EDate d\u2019inscription\u003C\/strong\u003E\u003C\/p\u003E\u003C\/td\u003E\u003Ctd width=\u0022201\u0022 valign=\u0022bottom\u0022\u003E\u003Cp class=\u0022MsoNormal\u0022 align=\u0022center\u0022\u003E\u003Cstrong\u003EBase de calcul\u003C\/strong\u003E\u003C\/p\u003E\u003C\/td\u003E\u003Ctd width=\u0022201\u0022 valign=\u0022bottom\u0022\u003E\u003Cp class=\u0022MsoNormal\u0022 align=\u0022center\u0022\u003E\u003Cstrong\u003ETaux\/montant\u003C\/strong\u003E\u003C\/p\u003E\u003C\/td\u003E\u003C\/tr\u003E\u003Ctr\u003E\u003Ctd width=\u0022201\u0022 valign=\u0022bottom\u0022\u003E\u003Cp class=\u0022MsoNormal\u0022 align=\u0022center\u0022\u003E\u003Cstrong\u003E2025\u003C\/strong\u003E\u003C\/p\u003E\u003C\/td\u003E\u003Ctd width=\u0022201\u0022 valign=\u0022bottom\u0022\u003E\u003Cp class=\u0022MsoNormal\u0022 align=\u0022center\u0022\u003E\u003Cstrong\u003ECotisation forfaitaire\u003C\/strong\u003E\u003C\/p\u003E\u003C\/td\u003E\u003Ctd width=\u0022201\u0022 valign=\u0022bottom\u0022\u003E\u003Cp class=\u0022MsoNormal\u0022 align=\u0022center\u0022\u003E\u003Cstrong\u003E\u0026nbsp;286 \u0026nbsp;\u20ac\u003C\/strong\u003E\u003C\/p\u003E\u003C\/td\u003E\u003C\/tr\u003E\u003Ctr\u003E\u003Ctd width=\u0022201\u0022 valign=\u0022bottom\u0022\u003E\u003Cp class=\u0022MsoNormal\u0022 align=\u0022center\u0022\u003E\u003Cstrong\u003E2024\u003C\/strong\u003E\u003C\/p\u003E\u003C\/td\u003E\u003Ctd width=\u0022201\u0022 valign=\u0022bottom\u0022\u003E\u003Cp class=\u0022MsoNormal\u0022 align=\u0022center\u0022\u003E\u003Cstrong\u003ECotisation forfaitaire\u003C\/strong\u003E\u003C\/p\u003E\u003C\/td\u003E\u003Ctd width=\u0022201\u0022 valign=\u0022bottom\u0022\u003E\u003Cp class=\u0022MsoNormal\u0022 align=\u0022center\u0022\u003E\u003Cstrong\u003E\u0026nbsp;286 \u20ac\u003C\/strong\u003E\u003C\/p\u003E\u003C\/td\u003E\u003C\/tr\u003E\u003Ctr\u003E\u003Ctd width=\u0022201\u0022 valign=\u0022bottom\u0022\u003E\u003Cp class=\u0022MsoNormal\u0022 align=\u0022center\u0022\u003E\u003Cstrong\u003EAvant 2024\u003C\/strong\u003E\u003C\/p\u003E\u003C\/td\u003E\u003Ctd width=\u0022201\u0022 valign=\u0022bottom\u0022\u003E\u003Cp class=\u0022MsoNormal\u0022 align=\u0022center\u0022\u003E\u003Cstrong\u003EEnsemble des revenus net\u003C\/strong\u003E\u003C\/p\u003E\u003C\/td\u003E\u003Ctd width=\u0022201\u0022 valign=\u0022bottom\u0022\u003E\u003Cp class=\u0022MsoNormal\u0022 align=\u0022center\u0022\u003E\u003Cstrong\u003E3,2 % dans la limite d\u2019un plafond de 297 549 \u20ac\u003C\/strong\u003E\u003C\/p\u003E\u003C\/td\u003E\u003C\/tr\u003E\u003C\/tbody\u003E\u003C\/table\u003E\u003Cp class=\u0022MsoNormal\u0022\u003E\u003Cbr\u003EContribution \u00e9quivalente aux droits de plaidroire\u0026nbsp;\u003C\/p\u003E\u003Cp\u003EValeur en revenus d\u2019un droit de plaidoirie :\u003Cstrong\u003E 573 \u20ac\u003C\/strong\u003E\u003C\/p\u003E\u003Cp\u003EPlafond de revenus pris en compte : \u003Cstrong\u003E297 549 \u20ac\u003C\/strong\u003E (soit 7 fois le plafond de la 1re tranche du r\u00e9gime de retraite compl\u00e9mentaire)\u003Cbr\u003E\u0026nbsp;\u003C\/p\u003E\u003Cp\u003EMontant du droit de plaidoirie : \u003Cstrong\u003E13 \u20ac\u003C\/strong\u003E\u003Cbr\u003E\u0026nbsp;\u003Cbr\u003E\u0026nbsp;\u003C\/p\u003E\u003Cp class=\u0022MsoNormal\u0022\u003EB) Invalidit\u00e9 d\u00e9c\u00e8s\u0026nbsp;                                                                                                                                \u003C\/p\u003E\u003Cdiv class=\u0022WordSection1\u0022\u003E\u003Ctable class=\u0022MsoNormalTable\u0022 border=\u00221\u0022 cellspacing=\u00220\u0022 cellpadding=\u00220\u0022 width=\u0022601\u0022\u003E\u003Ctbody\u003E\u003Ctr\u003E\u003Ctd width=\u0022342\u0022 valign=\u0022bottom\u0022\u003E\u003Cp class=\u0022MsoNormal\u0022 align=\u0022center\u0022\u003E\u003Cstrong\u003EDur\u00e9e d\u2019activit\u00e9\u003C\/strong\u003E\u003C\/p\u003E\u003C\/td\u003E\u003Ctd width=\u0022259\u0022 valign=\u0022bottom\u0022\u003E\u003Cp class=\u0022MsoNormal\u0022 align=\u0022center\u0022\u003E\u003Cstrong\u003EMontant de la cotisation\u003C\/strong\u003E\u003C\/p\u003E\u003C\/td\u003E\u003C\/tr\u003E\u003Ctr\u003E\u003Ctd width=\u0022342\u0022 valign=\u0022bottom\u0022\u003E\u003Cp class=\u0022MsoNormal\u0022 align=\u0022center\u0022\u003EDe la 1re\u0026nbsp;\u00e0 la 4e\u0026nbsp;ann\u00e9e\u003C\/p\u003E\u003C\/td\u003E\u003Ctd width=\u0022259\u0022 valign=\u0022bottom\u0022\u003E\u003Cp class=\u0022MsoNormal\u0022 align=\u0022center\u0022\u003E68 \u20ac\u003C\/p\u003E\u003C\/td\u003E\u003C\/tr\u003E\u003Ctr\u003E\u003Ctd width=\u0022342\u0022 valign=\u0022bottom\u0022\u003E\u003Cp class=\u0022MsoNormal\u0022 align=\u0022center\u0022\u003EA partir de la 5e\u0026nbsp;ann\u00e9e (ou apr\u00e8s 65 ans)\u003C\/p\u003E\u003C\/td\u003E\u003Ctd width=\u0022259\u0022 valign=\u0022bottom\u0022\u003E\u003Cp class=\u0022MsoNormal\u0022 align=\u0022center\u0022\u003E170 \u20ac\u003C\/p\u003E\u003C\/td\u003E\u003C\/tr\u003E\u003C\/tbody\u003E\u003C\/table\u003E\u003Cp class=\u0022MsoNormal\u0022\u003ECotisation recouvr\u00e9e aupr\u00e8s du Barreau (quelle que soit l\u2019anciennet\u00e9 ou l\u2019\u00e2ge du cotisant) :\u003Cstrong\u003E 161 \u20ac\u003C\/strong\u003E\u003Cbr\u003E\u003Cbr\u003EC) Retraite compl\u00e9mentaire\u0026nbsp;\u003Cbr\u003E\u0026nbsp;\u003C\/p\u003E\u003Cp class=\u0022MsoNormal\u0022\u003E\u003Cstrong\u003ECotisation provisionnelle de d\u00e9but d\u0027activit\u00e9\u003C\/strong\u003E\u0026nbsp;\u003Cbr\u003E                                                                                                                        \u003C\/p\u003E\u003Cdiv class=\u0022WordSection1\u0022\u003E\u003Ctable class=\u0022MsoNormalTable\u0022 border=\u00221\u0022 cellspacing=\u00220\u0022 cellpadding=\u00220\u0022\u003E\u003Ctbody\u003E\u003Ctr\u003E\u003Ctd width=\u0022201\u0022 valign=\u0022bottom\u0022\u003E\u003Cp class=\u0022MsoNormal\u0022 align=\u0022center\u0022\u003E\u003Cstrong\u003EDate d\u2019inscription\u003C\/strong\u003E\u003C\/p\u003E\u003C\/td\u003E\u003Ctd width=\u0022201\u0022 valign=\u0022bottom\u0022\u003E\u003Cp class=\u0022MsoNormal\u0022 align=\u0022center\u0022\u003E\u003Cstrong\u003EMontant\u003C\/strong\u003E\u003C\/p\u003E\u003C\/td\u003E\u003C\/tr\u003E\u003Ctr\u003E\u003Ctd width=\u0022201\u0022 valign=\u0022bottom\u0022\u003E\u003Cp class=\u0022MsoNormal\u0022 align=\u0022center\u0022\u003E2025\u003C\/p\u003E\u003C\/td\u003E\u003Ctd width=\u0022201\u0022 valign=\u0022bottom\u0022\u003E\u003Cp class=\u0022MsoNormal\u0022 align=\u0022center\u0022\u003E\u0026nbsp;465 \u20ac (si classe 1)\u003C\/p\u003E\u003C\/td\u003E\u003C\/tr\u003E\u003Ctr\u003E\u003Ctd width=\u0022201\u0022 valign=\u0022bottom\u0022\u003E\u003Cp class=\u0022MsoNormal\u0022 align=\u0022center\u0022\u003E2024\u003C\/p\u003E\u003C\/td\u003E\u003Ctd width=\u0022201\u0022 valign=\u0022bottom\u0022\u003E\u003Cp class=\u0022MsoNormal\u0022 align=\u0022center\u0022\u003E465 \u20ac (si classe 1)\u003C\/p\u003E\u003C\/td\u003E\u003C\/tr\u003E\u003C\/tbody\u003E\u003C\/table\u003E\u003Cp class=\u0022MsoNormal\u0022\u003E\u003Cbr\u003E\u003Cstrong\u003ETaux et plafonds de cotisations \u2013 assiette provisionnelle sur rev 2023 puis 2024\u003C\/strong\u003E                                                                                                \u003C\/p\u003E\u003Cdiv class=\u0022WordSection1\u0022\u003E\u003Ctable class=\u0022MsoNormalTable\u0022 border=\u00221\u0022 cellspacing=\u00220\u0022 cellpadding=\u00220\u0022\u003E\u003Ctbody\u003E\u003Ctr\u003E\u003Ctd width=\u0022123\u0022\u003E\u003Cp class=\u0022MsoNormal\u0022 align=\u0022center\u0022\u003E\u003Cstrong\u003EClasse\/Revenu\u003C\/strong\u003E\u003C\/p\u003E\u003C\/td\u003E\u003Ctd width=\u002295\u0022\u003E\u003Cp class=\u0022MsoNormal\u0022 align=\u0022center\u0022\u003E\u003Cstrong\u003EJusqu\u2019\u00e0 42\u0026nbsp;507 \u20ac\u003C\/strong\u003E\u003C\/p\u003E\u003C\/td\u003E\u003Ctd width=\u002295\u0022\u003E\u003Cp class=\u0022MsoNormal\u0022 align=\u0022center\u0022\u003E\u003Cstrong\u003EDe 42\u0026nbsp;508\u0026nbsp;\u20ac \u00e0 85\u0026nbsp;014\u0026nbsp;\u20ac\u003C\/strong\u003E\u003C\/p\u003E\u003C\/td\u003E\u003Ctd width=\u002293\u0022\u003E\u003Cp class=\u0022MsoNormal\u0022 align=\u0022center\u0022\u003E\u003Cstrong\u003EDe 85 015 \u20ac \u00e0 127 521 \u20ac\u003C\/strong\u003E\u003C\/p\u003E\u003C\/td\u003E\u003Ctd width=\u0022101\u0022\u003E\u003Cp class=\u0022MsoNormal\u0022 align=\u0022center\u0022\u003E\u003Cstrong\u003EDe 127 522 \u20ac \u00e0 170 028 \u20ac\u003C\/strong\u003E\u003C\/p\u003E\u003C\/td\u003E\u003Ctd width=\u002298\u0022\u003E\u003Cp class=\u0022MsoNormal\u0022 align=\u0022center\u0022\u003E\u003Cstrong\u003EDe 170\u0026nbsp;029\u0026nbsp;\u20ac \u00e0 212 535 \u20ac\u003C\/strong\u003E\u003C\/p\u003E\u003C\/td\u003E\u003C\/tr\u003E\u003Ctr\u003E\u003Ctd width=\u0022123\u0022\u003E\u003Cp class=\u0022MsoNormal\u0022 align=\u0022center\u0022\u003EC1\u003C\/p\u003E\u003C\/td\u003E\u003Ctd width=\u002295\u0022\u003E\u003Cp class=\u0022MsoNormal\u0022 align=\u0022center\u0022\u003E5,20 %\u003C\/p\u003E\u003C\/td\u003E\u003Ctd width=\u002295\u0022\u003E\u003Cp class=\u0022MsoNormal\u0022 align=\u0022center\u0022\u003E10 %\u003C\/p\u003E\u003C\/td\u003E\u003Ctd width=\u002293\u0022\u003E\u003Cp class=\u0022MsoNormal\u0022 align=\u0022center\u0022\u003E11,70%\u003C\/p\u003E\u003C\/td\u003E\u003Ctd width=\u0022101\u0022\u003E\u003Cp class=\u0022MsoNormal\u0022 align=\u0022center\u0022\u003E13,40 %\u003C\/p\u003E\u003C\/td\u003E\u003Ctd width=\u002298\u0022\u003E\u003Cp class=\u0022MsoNormal\u0022 align=\u0022center\u0022\u003E15, 10 %\u003C\/p\u003E\u003C\/td\u003E\u003C\/tr\u003E\u003Ctr\u003E\u003Ctd width=\u0022123\u0022\u003E\u003Cp class=\u0022MsoNormal\u0022 align=\u0022center\u0022\u003EC2\u003C\/p\u003E\u003C\/td\u003E\u003Ctd width=\u002295\u0022\u003E\u003Cp class=\u0022MsoNormal\u0022 align=\u0022center\u0022\u003E6 %\u003C\/p\u003E\u003C\/td\u003E\u003Ctd width=\u002295\u0022\u003E\u003Cp class=\u0022MsoNormal\u0022 align=\u0022center\u0022\u003E11,60 %\u003C\/p\u003E\u003C\/td\u003E\u003Ctd width=\u002293\u0022\u003E\u003Cp class=\u0022MsoNormal\u0022 align=\u0022center\u0022\u003E13,70 %\u003C\/p\u003E\u003C\/td\u003E\u003Ctd width=\u0022101\u0022\u003E\u003Cp class=\u0022MsoNormal\u0022 align=\u0022center\u0022\u003E15,80 %\u003C\/p\u003E\u003C\/td\u003E\u003Ctd width=\u002298\u0022\u003E\u003Cp class=\u0022MsoNormal\u0022 align=\u0022center\u0022\u003E17,90 %\u003C\/p\u003E\u003C\/td\u003E\u003C\/tr\u003E\u003Ctr\u003E\u003Ctd width=\u0022123\u0022\u003E\u003Cp class=\u0022MsoNormal\u0022 align=\u0022center\u0022\u003EC2+\u003C\/p\u003E\u003C\/td\u003E\u003Ctd width=\u002295\u0022\u003E\u003Cp class=\u0022MsoNormal\u0022 align=\u0022center\u0022\u003E6 %\u003C\/p\u003E\u003C\/td\u003E\u003Ctd width=\u002295\u0022\u003E\u003Cp class=\u0022MsoNormal\u0022 align=\u0022center\u0022\u003E11,60 %\u003C\/p\u003E\u003C\/td\u003E\u003Ctd width=\u002293\u0022\u003E\u003Cp class=\u0022MsoNormal\u0022 align=\u0022center\u0022\u003E13,70 %\u003C\/p\u003E\u003C\/td\u003E\u003Ctd width=\u0022101\u0022\u003E\u003Cp class=\u0022MsoNormal\u0022 align=\u0022center\u0022\u003E15, 80 %\u003C\/p\u003E\u003C\/td\u003E\u003Ctd width=\u002298\u0022\u003E\u003Cp class=\u0022MsoNormal\u0022 align=\u0022center\u0022\u003E20,40 %\u003C\/p\u003E\u003C\/td\u003E\u003C\/tr\u003E\u003C\/tbody\u003E\u003C\/table\u003E\u003Cp class=\u0022MsoNormal\u0022\u003ECo\u00fbt d\u2019acquisition du point = \u003Cstrong\u003E12, 0529\u20ac\u0026nbsp;\u003C\/strong\u003E\u003Cbr\u003E\u003Cbr\u003E\u003Cstrong\u003EBar\u00e8me de retraite compl\u00e9mentaire sur l\u2019assiette 2025 (avocats salari\u00e9 et avocats non-salari\u00e9s ayant cess\u00e9 leur activit\u00e9 en 2025)\u0026nbsp;\u003C\/strong\u003E\u003Cbr\u003E                                                        \u003C\/p\u003E\u003Cdiv class=\u0022WordSection1\u0022\u003E\u003Ctable class=\u0022MsoNormalTable\u0022 border=\u00221\u0022 cellspacing=\u00220\u0022 cellpadding=\u00220\u0022\u003E\u003Ctbody\u003E\u003Ctr\u003E\u003Ctd width=\u0022123\u0022\u003E\u003Cp class=\u0022MsoNormal\u0022 align=\u0022center\u0022\u003E\u003Cstrong\u003EClasse\/Revenu\u003C\/strong\u003E\u003C\/p\u003E\u003C\/td\u003E\u003Ctd width=\u002295\u0022\u003E\u003Cp class=\u0022MsoNormal\u0022 align=\u0022center\u0022\u003E\u003Cstrong\u003EJusqu\u2019\u00e0 42\u0026nbsp;507 \u20ac\u003C\/strong\u003E\u003C\/p\u003E\u003C\/td\u003E\u003Ctd width=\u002295\u0022\u003E\u003Cp class=\u0022MsoNormal\u0022 align=\u0022center\u0022\u003E\u003Cstrong\u003EDe 42\u0026nbsp;508\u0026nbsp;\u20ac \u00e0 85\u0026nbsp;014\u0026nbsp;\u20ac\u003C\/strong\u003E\u003C\/p\u003E\u003C\/td\u003E\u003Ctd width=\u002293\u0022\u003E\u003Cp class=\u0022MsoNormal\u0022 align=\u0022center\u0022\u003E\u003Cstrong\u003EDe 85 015 \u20ac \u00e0 127 521 \u20ac\u003C\/strong\u003E\u003C\/p\u003E\u003C\/td\u003E\u003Ctd width=\u0022101\u0022\u003E\u003Cp class=\u0022MsoNormal\u0022 align=\u0022center\u0022\u003E\u003Cstrong\u003EDe 127 522 \u20ac \u00e0 170 028 \u20ac\u003C\/strong\u003E\u003C\/p\u003E\u003C\/td\u003E\u003Ctd width=\u002298\u0022\u003E\u003Cp class=\u0022MsoNormal\u0022 align=\u0022center\u0022\u003E\u003Cstrong\u003EDe 170\u0026nbsp;029\u0026nbsp;\u20ac \u00e0 212 535 \u20ac\u003C\/strong\u003E\u003C\/p\u003E\u003C\/td\u003E\u003C\/tr\u003E\u003Ctr\u003E\u003Ctd width=\u0022123\u0022\u003E\u003Cp class=\u0022MsoNormal\u0022 align=\u0022center\u0022\u003E\u003Cstrong\u003EC1\u003C\/strong\u003E\u003C\/p\u003E\u003C\/td\u003E\u003Ctd width=\u002295\u0022\u003E\u003Cp class=\u0022MsoNormal\u0022 align=\u0022center\u0022\u003E\u003Cstrong\u003E7 %\u0026nbsp;\u003C\/strong\u003E\u003C\/p\u003E\u003C\/td\u003E\u003Ctd width=\u002295\u0022\u003E\u003Cp class=\u0022MsoNormal\u0022 align=\u0022center\u0022\u003E\u003Cstrong\u003E10, 20 %\u003C\/strong\u003E\u003C\/p\u003E\u003C\/td\u003E\u003Ctd width=\u002293\u0022\u003E\u003Cp class=\u0022MsoNormal\u0022 align=\u0022center\u0022\u003E\u003Cstrong\u003E11,70%\u003C\/strong\u003E\u003C\/p\u003E\u003C\/td\u003E\u003Ctd width=\u0022101\u0022\u003E\u003Cp class=\u0022MsoNormal\u0022 align=\u0022center\u0022\u003E\u003Cstrong\u003E13,40 %\u003C\/strong\u003E\u003C\/p\u003E\u003C\/td\u003E\u003Ctd width=\u002298\u0022\u003E\u003Cp class=\u0022MsoNormal\u0022 align=\u0022center\u0022\u003E\u003Cstrong\u003E15, 10 %\u003C\/strong\u003E\u003C\/p\u003E\u003C\/td\u003E\u003C\/tr\u003E\u003Ctr\u003E\u003Ctd width=\u0022123\u0022\u003E\u003Cp class=\u0022MsoNormal\u0022 align=\u0022center\u0022\u003E\u003Cstrong\u003EC2\u003C\/strong\u003E\u003C\/p\u003E\u003C\/td\u003E\u003Ctd width=\u002295\u0022\u003E\u003Cp class=\u0022MsoNormal\u0022 align=\u0022center\u0022\u003E\u003Cstrong\u003E7 %\u0026nbsp;\u003C\/strong\u003E\u003C\/p\u003E\u003C\/td\u003E\u003Ctd width=\u002295\u0022\u003E\u003Cp class=\u0022MsoNormal\u0022 align=\u0022center\u0022\u003E\u003Cstrong\u003E11,60 %\u003C\/strong\u003E\u003C\/p\u003E\u003C\/td\u003E\u003Ctd width=\u002293\u0022\u003E\u003Cp class=\u0022MsoNormal\u0022 align=\u0022center\u0022\u003E\u003Cstrong\u003E13,70 %\u003C\/strong\u003E\u003C\/p\u003E\u003C\/td\u003E\u003Ctd width=\u0022101\u0022\u003E\u003Cp class=\u0022MsoNormal\u0022 align=\u0022center\u0022\u003E\u003Cstrong\u003E15,80 %\u003C\/strong\u003E\u003C\/p\u003E\u003C\/td\u003E\u003Ctd width=\u002298\u0022\u003E\u003Cp class=\u0022MsoNormal\u0022 align=\u0022center\u0022\u003E\u003Cstrong\u003E17,90 %\u003C\/strong\u003E\u003C\/p\u003E\u003C\/td\u003E\u003C\/tr\u003E\u003Ctr\u003E\u003Ctd width=\u0022123\u0022\u003E\u003Cp class=\u0022MsoNormal\u0022 align=\u0022center\u0022\u003E\u003Cstrong\u003EC2+\u003C\/strong\u003E\u003C\/p\u003E\u003C\/td\u003E\u003Ctd width=\u002295\u0022\u003E\u003Cp class=\u0022MsoNormal\u0022 align=\u0022center\u0022\u003E\u003Cstrong\u003E7 %\u0026nbsp;\u003C\/strong\u003E\u003C\/p\u003E\u003C\/td\u003E\u003Ctd width=\u002295\u0022\u003E\u003Cp class=\u0022MsoNormal\u0022 align=\u0022center\u0022\u003E\u003Cstrong\u003E11,60 %\u003C\/strong\u003E\u003C\/p\u003E\u003C\/td\u003E\u003Ctd width=\u002293\u0022\u003E\u003Cp class=\u0022MsoNormal\u0022 align=\u0022center\u0022\u003E\u003Cstrong\u003E13,70 %\u003C\/strong\u003E\u003C\/p\u003E\u003C\/td\u003E\u003Ctd width=\u0022101\u0022\u003E\u003Cp class=\u0022MsoNormal\u0022 align=\u0022center\u0022\u003E\u003Cstrong\u003E15, 80 %\u003C\/strong\u003E\u003C\/p\u003E\u003C\/td\u003E\u003Ctd width=\u002298\u0022\u003E\u003Cp class=\u0022MsoNormal\u0022 align=\u0022center\u0022\u003E\u003Cstrong\u003E20,40 %\u003C\/strong\u003E\u003C\/p\u003E\u003C\/td\u003E\u003C\/tr\u003E\u003C\/tbody\u003E\u003C\/table\u003E\u003Cp class=\u0022MsoNormal\u0022\u003EPour les avocats non- salari\u00e9s, ce nouveau bar\u00e8me s\u2019applique sur la nouvelle assiette constitu\u00e9e du revenu 2025 d\u00e9finie par le Code de la s\u00e9curit\u00e9 sociale. Il s\u2019applique aussi d\u00e8s 2025 lorsque les cotisations, en cas de cessation d\u2019activit\u00e9, sont recalcul\u00e9es sur l\u2019assiette 2025 elle-m\u00eame.\u0026nbsp;\u003Cbr\u003E\u003Cbr\u003ED) Conjoint collaborateur\u0026nbsp;\u003Cbr\u003E\u003Cbr\u003ELe conjoint collaborateur a le choix de cotiser \u00e0 25 % ou 50 % des cotisations de son conjoint avocat. Les prestations lui sont vers\u00e9es \u00e0 due proportion.\u003C\/p\u003E\u003Cp class=\u0022MsoNormal\u0022\u003E\u003Cstrong\u003ECotisation proportionnelle pour la retraite de base\u003C\/strong\u003E\u003C\/p\u003E\u003Cp class=\u0022MsoNormal\u0022\u003ELa cotisation proportionnelle est calcul\u00e9e sur les 25 % ou 50 % (selon l\u2019option choisie) des revenus du conjoint avocat. Le taux de la cotisation proportionnelle est fix\u00e9 \u00e0 3,1 % des 25 % ou 50 % des revenus du conjoint, selon l\u2019option choisie.\u003C\/p\u003E\u003Cp class=\u0022MsoNormal\u0022\u003E\u003Cstrong\u003ERetraite compl\u00e9mentaire\u003C\/strong\u003E\u003Cbr\u003E\u0026nbsp;\u003C\/p\u003E\u003Cp class=\u0022MsoNormal\u0022\u003EL\u2019avocat et son conjoint collaborateur peuvent demander que la part de l\u2019assiette (25 % ou 50 % des revenus de l\u2019avocat) de ce dernier soit d\u00e9duite de l\u2019assiette de cotisation de l\u2019avocat lui-m\u00eame. Attention, cela a pour cons\u00e9quence de r\u00e9duire non seulement sa propre cotisation mais \u00e9galement le nombre de points acquis.\u003Cbr\u003E\u0026nbsp;\u003C\/p\u003E\u003Cp class=\u0022MsoNormal\u0022\u003E\u003Cstrong\u003EInvalidit\u00e9-d\u00e9c\u00e8s\u003C\/strong\u003E\u003Cbr\u003E\u0026nbsp;\u003C\/p\u003E\u003Cp class=\u0022MsoNormal\u0022\u003EPour cette cotisation, le conjoint-collaborateur peut aussi opter pour 25 ou 50 % de la cotisation enti\u00e8re, avec r\u00e9duction des prestations \u00e9ventuelles \u00e0 due proportion.\u003Cbr\u003E\u0026nbsp;\u003C\/p\u003E\u003C\/div\u003E\u003C\/div\u003E\u003C\/div\u003E\u003C\/div\u003E\u003C\/div\u003E\u003C\/div\u003E\u003C\/div\u003E                                            \u003Cp\u003E\u003Cbr \/\u003E\u003Cstrong\u003ESource :\u003C\/strong\u003E\u003Cstrong\u003E\u00a0\u003C\/strong\u003E\u003C\/p\u003E\u003Cul\u003E\u003Cli\u003E\u003Ca href=\u0022https:\/\/www.urssaf.fr\/accueil\/outils-documentation\/taux-baremes\/taux-cotisations-plr-hors-cipav.html\u0022 target=\u0022_blank\u0022\u003ETaux de cotisations de l\u0027urssaf.fr - Professions lib\u00e9rales r\u00e9glement\u00e9es hors Cipav - Ann\u00e9e 2025\u003C\/a\u003E\u003C\/li\u003E\u003Cli\u003E\u003Ca href=\u0022https:\/\/www.cnbf.fr\/wp-content\/uploads\/2025\/02\/Bareme-CNBF-2025-01.01_vDf-1.pdf\u0022 target=\u0022_blank\u0022\u003ECaisse nationale du barreau fran\u00e7ais - espace documentaire - Taux 2025\u0026nbsp;\u003C\/a\u003E\u003C\/li\u003E\u003C\/ul\u003E\u003C\/div\u003E","annee":"2025","theme":" Indices, taux, bar\u00e8mes sociaux","activites":["Professionnels du droit et du chiffre"],"image":"https:\/\/www.weblex.fr\/sites\/default\/files\/chiffres_clef\/Shutterstock_cotisationsocialesavocats.jpg","created":"2025-12-01","modified":"2025-12-09"},{"url":"\/chiffres-cles\/tableau-des-cotisations-sociales-dues-par-les-officiers-ministeriels-officiers-publics-et-compagnies-judiciaires-annee-2025","id":27081,"title":" Tableau des cotisations sociales dues par les officiers minist\u00e9riels, officiers publics et compagnies judiciaires - Ann\u00e9e 2025 ","content":"\u003Cdiv\u003E                                              \u003Cp\u003E\u003Cstrong\u003E1\/ Assiette et taux des cotisations\u003C\/strong\u003E\u0026nbsp;                \u003C\/p\u003E\u003Cdiv class=\u0022WordSection1\u0022\u003E\u003Ctable class=\u0022MsoTableGrid\u0022 border=\u00221\u0022 cellspacing=\u00220\u0022 cellpadding=\u00220\u0022 width=\u0022661\u0022\u003E\u003Ctbody\u003E\u003Ctr\u003E\u003Ctd width=\u0022160\u0022\u003E\u003Cp class=\u0022MsoNormal\u0022 align=\u0022center\u0022\u003E\u003Cstrong\u003ECotisation\u003C\/strong\u003E\u003C\/p\u003E\u003C\/td\u003E\u003Ctd width=\u0022321\u0022\u003E\u003Cp class=\u0022MsoNormal\u0022 align=\u0022center\u0022\u003E\u003Cstrong\u003EBase de calcul\u003C\/strong\u003E\u003C\/p\u003E\u003C\/td\u003E\u003Ctd width=\u0022180\u0022\u003E\u003Cp class=\u0022MsoNormal\u0022 align=\u0022center\u0022\u003E\u003Cstrong\u003ETaux\/Montant\u003C\/strong\u003E\u003C\/p\u003E\u003C\/td\u003E\u003C\/tr\u003E\u003Ctr\u003E\u003Ctd width=\u0022160\u0022 rowspan=\u00222\u0022 valign=\u0022top\u0022\u003E\u003Cp class=\u0022MsoNormal\u0022\u003ERetraite de base\u003C\/p\u003E\u003C\/td\u003E\u003Ctd width=\u0022321\u0022 valign=\u0022top\u0022\u003E\u003Cp class=\u0022MsoNormal\u0022\u003EDans la limite de 47 100 \u20ac\u003C\/p\u003E\u003C\/td\u003E\u003Ctd width=\u0022180\u0022 valign=\u0022top\u0022\u003E\u003Cp class=\u0022MsoNormal\u0022 align=\u0022center\u0022\u003E8,23 %\u003C\/p\u003E\u003C\/td\u003E\u003C\/tr\u003E\u003Ctr\u003E\u003Ctd width=\u0022321\u0022 valign=\u0022top\u0022\u003E\u003Cp class=\u0022MsoNormal\u0022\u003EDans la limite de 235 500\u20ac\u003C\/p\u003E\u003C\/td\u003E\u003Ctd width=\u0022180\u0022 valign=\u0022top\u0022\u003E\u003Cp class=\u0022MsoNormal\u0022 align=\u0022center\u0022\u003E1,87 %\u003C\/p\u003E\u003C\/td\u003E\u003C\/tr\u003E\u003Ctr\u003E\u003Ctd width=\u0022160\u0022 valign=\u0022top\u0022\u003E\u003Cp class=\u0022MsoNormal\u0022\u003ERetraite compl\u00e9mentaire des professionnels lib\u00e9raux\u003C\/p\u003E\u003C\/td\u003E\u003Ctd width=\u0022321\u0022 rowspan=\u00222\u0022 valign=\u0022top\u0022\u003E\u003Cp class=\u0022MsoNormal\u0022 align=\u0022center\u0022\u003E\u0026nbsp;\u003C\/p\u003E\u003Cp class=\u0022MsoNormal\u0022 align=\u0022center\u0022\u003E\u0026nbsp;\u003C\/p\u003E\u003Cp class=\u0022MsoNormal\u0022 align=\u0022center\u0022\u003E\u0026nbsp;\u003C\/p\u003E\u003Cp class=\u0022MsoNormal\u0022 align=\u0022center\u0022\u003ERevenus compris entre 47\u0026nbsp;100\u20ac et 376\u0026nbsp;800 \u20ac\u003C\/p\u003E\u003C\/td\u003E\u003Ctd width=\u0022180\u0022 valign=\u0022top\u0022\u003E\u003Cp class=\u0022MsoNormal\u0022 align=\u0022center\u0022\u003E12,50 %\u003C\/p\u003E\u003C\/td\u003E\u003C\/tr\u003E\u003Ctr\u003E\u003Ctd width=\u0022160\u0022 valign=\u0022top\u0022\u003E\u003Cp class=\u0022MsoNormal\u0022\u003ERetraite compl\u00e9mentaire des professionnels salari\u00e9s ou assimil\u00e9s\u003C\/p\u003E\u003C\/td\u003E\u003Ctd width=\u0022180\u0022 valign=\u0022top\u0022\u003E\u003Cp class=\u0022MsoNormal\u0022 align=\u0022center\u0022\u003E7,50 %\u003C\/p\u003E\u003C\/td\u003E\u003C\/tr\u003E\u003Ctr\u003E\u003Ctd width=\u0022160\u0022 rowspan=\u00224\u0022 valign=\u0022top\u0022\u003E\u003Cp class=\u0022MsoNormal\u0022\u003EInvalidit\u00e9 \u2013 D\u00e9c\u00e8s\u003C\/p\u003E\u003C\/td\u003E\u003Ctd width=\u0022321\u0022 valign=\u0022top\u0022\u003E\u003Cp class=\u0022MsoNormal\u0022 align=\u0022center\u0022\u003EClasse A\u003C\/p\u003E\u003C\/td\u003E\u003Ctd width=\u0022180\u0022 valign=\u0022top\u0022\u003E\u003Cp class=\u0022MsoNormal\u0022 align=\u0022center\u0022\u003E315 \u20ac\u003C\/p\u003E\u003C\/td\u003E\u003C\/tr\u003E\u003Ctr\u003E\u003Ctd width=\u0022321\u0022 valign=\u0022top\u0022\u003E\u003Cp class=\u0022MsoNormal\u0022 align=\u0022center\u0022\u003EClasse B\u003C\/p\u003E\u003C\/td\u003E\u003Ctd width=\u0022180\u0022 valign=\u0022top\u0022\u003E\u003Cp class=\u0022MsoNormal\u0022 align=\u0022center\u0022\u003E630 \u20ac\u003C\/p\u003E\u003C\/td\u003E\u003C\/tr\u003E\u003Ctr\u003E\u003Ctd width=\u0022321\u0022 valign=\u0022top\u0022\u003E\u003Cp class=\u0022MsoNormal\u0022 align=\u0022center\u0022\u003EClasse C\u003C\/p\u003E\u003C\/td\u003E\u003Ctd width=\u0022180\u0022 valign=\u0022top\u0022\u003E\u003Cp class=\u0022MsoNormal\u0022 align=\u0022center\u0022\u003E1 260\u20ac\u003C\/p\u003E\u003C\/td\u003E\u003C\/tr\u003E\u003Ctr\u003E\u003Ctd width=\u0022321\u0022 valign=\u0022top\u0022\u003E\u003Cp class=\u0022MsoNormal\u0022 align=\u0022center\u0022\u003EClasse D\u003C\/p\u003E\u003C\/td\u003E\u003Ctd width=\u0022180\u0022 valign=\u0022top\u0022\u003E\u003Cp class=\u0022MsoNormal\u0022 align=\u0022center\u0022\u003E1 890\u20ac\u003C\/p\u003E\u003C\/td\u003E\u003C\/tr\u003E\u003C\/tbody\u003E\u003C\/table\u003E\u003Cp class=\u0022MsoNormal\u0022\u003E\u0026nbsp;\u003C\/p\u003E\u003Cp\u003E\u003Cstrong\u003E2\/ Assiette et cotisations minimales\u003C\/strong\u003E\u003C\/p\u003E\u003Cp\u003EEn cas de revenus inf\u00e9rieurs \u00e0 un certain seuil, les cotisations sont calcul\u00e9es sur une base annuelle minimale.\u0026nbsp;                \u003C\/p\u003E\u003Cdiv class=\u0022WordSection1\u0022\u003E\u003Ctable class=\u0022MsoTableGrid\u0022 border=\u00221\u0022 cellspacing=\u00220\u0022 cellpadding=\u00220\u0022 width=\u0022604\u0022\u003E\u003Ctbody\u003E\u003Ctr\u003E\u003Ctd width=\u0022160\u0022 valign=\u0022top\u0022\u003E\u003Cp class=\u0022MsoNormal\u0022 align=\u0022center\u0022\u003E\u003Cstrong\u003ECotisation\u003C\/strong\u003E\u003C\/p\u003E\u003C\/td\u003E\u003Ctd width=\u0022208\u0022 valign=\u0022top\u0022\u003E\u003Cp class=\u0022MsoNormal\u0022 align=\u0022center\u0022\u003E\u003Cstrong\u003EAssiette minimale\u003C\/strong\u003E\u003C\/p\u003E\u003C\/td\u003E\u003Ctd width=\u0022236\u0022 valign=\u0022top\u0022\u003E\u003Cp class=\u0022MsoNormal\u0022 align=\u0022center\u0022\u003E\u003Cstrong\u003EMontant annuel de la cotisation\u003C\/strong\u003E\u003C\/p\u003E\u003C\/td\u003E\u003C\/tr\u003E\u003Ctr\u003E\u003Ctd width=\u0022160\u0022 valign=\u0022top\u0022\u003E\u003Cp class=\u0022MsoNormal\u0022\u003ERetraite de base\u003C\/p\u003E\u003C\/td\u003E\u003Ctd width=\u0022208\u0022 valign=\u0022top\u0022\u003E\u003Cp class=\u0022MsoNormal\u0022\u003E5\u0026nbsp;346 \u20ac (450 x SMIC horaire)\u003C\/p\u003E\u003C\/td\u003E\u003Ctd width=\u0022236\u0022 valign=\u0022top\u0022\u003E\u003Cp class=\u0022MsoNormal\u0022 align=\u0022center\u0022\u003E\u0026nbsp;540 \u20ac \u20ac\u003C\/p\u003E\u003C\/td\u003E\u003C\/tr\u003E\u003Ctr\u003E\u003Ctd width=\u0022160\u0022 valign=\u0022top\u0022\u003E\u003Cp class=\u0022MsoNormal\u0022\u003ERetraite compl\u00e9mentaire\u003C\/p\u003E\u003C\/td\u003E\u003Ctd width=\u0022208\u0022 valign=\u0022top\u0022\u003E\u003Cp class=\u0022MsoNormal\u0022\u003E8\u0026nbsp;949 \u0026nbsp;(19 % du PASS) \u20ac\u003C\/p\u003E\u003C\/td\u003E\u003Ctd width=\u0022236\u0022 valign=\u0022top\u0022\u003E\u003Cp class=\u0022MsoNormal\u0022 align=\u0022center\u0022\u003E1\u0026nbsp;119 \u20ac\u003C\/p\u003E\u003C\/td\u003E\u003C\/tr\u003E\u003C\/tbody\u003E\u003C\/table\u003E\u003Cp\u003E\u003Cstrong\u003E3\/ Valeur d\u2019achat du point de retraite compl\u00e9mentaire\u003C\/strong\u003E\u003Cbr\u003E\u0026nbsp;\u003C\/p\u003E\u003Cdiv\u003E\u003Cp align=\u0022center\u0022\u003E54, 4317 \u20ac\u003C\/p\u003E\u003C\/div\u003E\u003Cp\u003E\u003Cstrong\u003E4\/ Cotisations du conjoint collaborateur\u0026nbsp;\u003C\/strong\u003E\u003C\/p\u003E\u003Cdiv class=\u0022WordSection1\u0022\u003E\u003Ctable class=\u0022MsoTableGrid\u0022 border=\u00221\u0022 cellspacing=\u00220\u0022 cellpadding=\u00220\u0022 width=\u0022614\u0022\u003E\u003Ctbody\u003E\u003Ctr\u003E\u003Ctd width=\u0022109\u0022 rowspan=\u00222\u0022\u003E\u003Cp class=\u0022MsoNormal\u0022 align=\u0022center\u0022\u003E\u003Cstrong\u003ECotisation\u003C\/strong\u003E\u003C\/p\u003E\u003C\/td\u003E\u003Ctd width=\u0022505\u0022 colspan=\u00222\u0022\u003E\u003Cp class=\u0022MsoNormal\u0022 align=\u0022center\u0022\u003E\u003Cstrong\u003EAssiette\u003C\/strong\u003E\u003C\/p\u003E\u003C\/td\u003E\u003C\/tr\u003E\u003Ctr\u003E\u003Ctd width=\u0022222\u0022\u003E\u003Cp class=\u0022MsoNormal\u0022 align=\u0022center\u0022\u003E\u003Cstrong\u003EFormule\u003C\/strong\u003E\u003C\/p\u003E\u003C\/td\u003E\u003Ctd width=\u0022283\u0022\u003E\u003Cp class=\u0022MsoNormal\u0022 align=\u0022center\u0022\u003E\u003Cstrong\u003EBase de calcul\u003C\/strong\u003E\u003C\/p\u003E\u003C\/td\u003E\u003C\/tr\u003E\u003Ctr\u003E\u003Ctd width=\u0022109\u0022 rowspan=\u00225\u0022\u003E\u003Cp class=\u0022MsoNormal\u0022\u003E\u003Cstrong\u003ERetraite de base\u003C\/strong\u003E\u003C\/p\u003E\u003C\/td\u003E\u003Ctd width=\u0022222\u0022 rowspan=\u00223\u0022\u003E\u003Cp class=\u0022MsoNormal\u0022\u003E\u003Cstrong\u003ECotisation sans partage du revenu\u003C\/strong\u003E\u003C\/p\u003E\u003C\/td\u003E\u003Ctd width=\u0022283\u0022\u003E\u003Cp class=\u0022MsoNormal\u0022\u003E\u003Cstrong\u003EForfaitaire (1\/2 x 47 100 \u20ac)\u003C\/strong\u003E\u003C\/p\u003E\u003C\/td\u003E\u003C\/tr\u003E\u003Ctr\u003E\u003Ctd width=\u0022283\u0022\u003E\u003Cp class=\u0022MsoNormal\u0022\u003E\u003Cstrong\u003E25 % du revenu du professionnel\u003C\/strong\u003E\u003C\/p\u003E\u003C\/td\u003E\u003C\/tr\u003E\u003Ctr\u003E\u003Ctd width=\u0022283\u0022\u003E\u003Cp class=\u0022MsoNormal\u0022\u003E\u003Cstrong\u003E50 % du revenu du professionnel\u003C\/strong\u003E\u003C\/p\u003E\u003C\/td\u003E\u003C\/tr\u003E\u003Ctr\u003E\u003Ctd width=\u0022222\u0022 rowspan=\u00222\u0022\u003E\u003Cp class=\u0022MsoNormal\u0022\u003E\u003Cstrong\u003ECotisation avec partage du revenu\u003C\/strong\u003E\u003C\/p\u003E\u003C\/td\u003E\u003Ctd width=\u0022283\u0022\u003E\u003Cp class=\u0022MsoNormal\u0022\u003E\u003Cstrong\u003E25 % du revenu du professionnel (le professionnel payant alors 75 % de la cotisation)\u003C\/strong\u003E\u003C\/p\u003E\u003C\/td\u003E\u003C\/tr\u003E\u003Ctr\u003E\u003Ctd width=\u0022283\u0022\u003E\u003Cp class=\u0022MsoNormal\u0022\u003E\u003Cstrong\u003E50 % du revenu du professionnel (le professionnel payant alors 50 % de la cotisation)\u003C\/strong\u003E\u003C\/p\u003E\u003C\/td\u003E\u003C\/tr\u003E\u003Ctr\u003E\u003Ctd width=\u0022109\u0022 rowspan=\u00222\u0022\u003E\u003Cp class=\u0022MsoNormal\u0022\u003E\u003Cstrong\u003ERetraite compl\u00e9mentaire\u003C\/strong\u003E\u003C\/p\u003E\u003C\/td\u003E\u003Ctd width=\u0022505\u0022 colspan=\u00222\u0022\u003E\u003Cp class=\u0022MsoNormal\u0022 align=\u0022center\u0022\u003E\u003Cstrong\u003E25 % de la cotisation du professionnel\u003C\/strong\u003E\u003C\/p\u003E\u003C\/td\u003E\u003C\/tr\u003E\u003Ctr\u003E\u003Ctd width=\u0022505\u0022 colspan=\u00222\u0022\u003E\u003Cp class=\u0022MsoNormal\u0022 align=\u0022center\u0022\u003E\u003Cstrong\u003E50 % \u003C\/strong\u003E\u003Cstrong\u003Ede la cotisation du professionnel\u003C\/strong\u003E\u003C\/p\u003E\u003C\/td\u003E\u003C\/tr\u003E\u003Ctr\u003E\u003Ctd width=\u0022109\u0022 rowspan=\u00222\u0022\u003E\u003Cp class=\u0022MsoNormal\u0022 align=\u0022center\u0022\u003E\u003Cstrong\u003EInvalidit\u00e9 d\u00e9c\u00e8s\u003C\/strong\u003E\u003C\/p\u003E\u003C\/td\u003E\u003Ctd width=\u0022505\u0022 colspan=\u00222\u0022\u003E\u003Cp class=\u0022MsoNormal\u0022 align=\u0022center\u0022\u003E\u003Cstrong\u003E25 % de la cotisation du professionnel\u003C\/strong\u003E\u003C\/p\u003E\u003C\/td\u003E\u003C\/tr\u003E\u003Ctr\u003E\u003Ctd width=\u0022505\u0022 colspan=\u00222\u0022\u003E\u003Cp class=\u0022MsoNormal\u0022 align=\u0022center\u0022\u003E\u003Cstrong\u003E50 % \u003C\/strong\u003E\u003Cstrong\u003Ede la cotisation du professionnel\u003C\/strong\u003E\u003C\/p\u003E\u003C\/td\u003E\u003C\/tr\u003E\u003C\/tbody\u003E\u003C\/table\u003E\u003Cp class=\u0022MsoNormal\u0022\u003E\u0026nbsp;\u003C\/p\u003E\u003C\/div\u003E\u003C\/div\u003E\u003C\/div\u003E                                            \u003Cp\u003E\u003Cbr \/\u003E\u003Cstrong\u003ESource :\u003C\/strong\u003E\u003Cstrong\u003E\u00a0\u003C\/strong\u003E\u003C\/p\u003E\u003Cul\u003E\u003Cli\u003E\u003Ca href=\u0022https:\/\/www.legifrance.gouv.fr\/jorf\/id\/JORFTEXT000052565475\u0022 target=\u0022_blank\u0022\u003ED\u00e9cret n\u00b0 2025-1076 du 10 novembre 2025 fixant pour 2025 et 2026 les param\u00e8tres des r\u00e9gimes d\u0027assurance vieillesse compl\u00e9mentaire des professionnels lib\u00e9raux et pour 2025 les param\u00e8tres du r\u00e9gime de retraite de base des avocats, des r\u00e9gimes de prestations compl\u00e9mentaires de vieillesse des m\u00e9decins et sages-femmes, des r\u00e9gimes d\u0027invalidit\u00e9-d\u00e9c\u00e8s des professionnels lib\u00e9raux et des r\u00e9gimes d\u0027assurance vieillesse compl\u00e9mentaire des artistes-auteurs\u003C\/a\u003E\u003C\/li\u003E\u003Cli\u003E\u003Ca href=\u0022https:\/\/www.cavom.net\/\u0022 target=\u0022_blank\u0022\u003ECaisse d\u0027assurance vieillesse des officiers minist\u00e9riels, des officiers publics et des compagnies judiciaires\u003C\/a\u003E\u003C\/li\u003E\u003C\/ul\u003E\u003C\/div\u003E","annee":"2025","theme":" Indices, taux, bar\u00e8mes sociaux","activites":["Professionnels du droit et du chiffre"],"image":"https:\/\/www.weblex.fr\/sites\/default\/files\/chiffres_clef\/Shutterstock_chiffreofficiersministeriels.jpg","created":"2025-12-01","modified":"2025-12-09"},{"url":"\/chiffres-cles\/tableau-de-cotisations-specifiques-dues-par-les-industriels-annee-2025","id":27084,"title":"Tableau de cotisations sp\u00e9cifiques dues par les industriels - Ann\u00e9e 2025 ","content":"\u003Cdiv\u003E                                              \u003Cp align=\u0022center\u0022\u003E\u0026nbsp;\u003C\/p\u003E\u003Cp align=\u0022center\u0022\u003E\u003Cstrong\u003ETaux de cotisations et CTP applicables aux cotisations sp\u00e9cifiques des industries \u00e9lectriques et gazi\u00e8res\u0026nbsp;\u003C\/strong\u003E\u003C\/p\u003E\u003Cp align=\u0022center\u0022\u003E\u0026nbsp;\u003C\/p\u003E\u003Cul\u003E\u003Cli\u003E\u003Cp\u003E\u003Cstrong\u003EDu 1er mai 2025 au 31 d\u00e9cembre 2025\u0026nbsp;\u003C\/strong\u003E\u003C\/p\u003E\u003C\/li\u003E\u003C\/ul\u003E\u003Cdiv class=\u0022WordSection1\u0022\u003E\u003Ctable class=\u0022MsoTableGrid\u0022 border=\u00221\u0022 cellspacing=\u00220\u0022 cellpadding=\u00220\u0022 width=\u0022923\u0022\u003E\u003Ctbody\u003E\u003Ctr\u003E\u003Ctd valign=\u0022top\u0022\u003E\u003Cp class=\u0022MsoNormal\u0022\u003E\u003Cbr\u003E\u003Cbr\u003E\u0026nbsp;\u003C\/p\u003E\u003C\/td\u003E\u003Ctd valign=\u0022top\u0022\u003E\u003Cp class=\u0022MsoNormal\u0022\u003E\u003Cstrong\u003ETaux de la part salariale\u003C\/strong\u003E\u003C\/p\u003E\u003C\/td\u003E\u003Ctd valign=\u0022top\u0022\u003E\u003Cp class=\u0022MsoNormal\u0022\u003E\u003Cstrong\u003ETaux de la part patronale\u003C\/strong\u003E\u003C\/p\u003E\u003C\/td\u003E\u003Ctd width=\u0022129\u0022 valign=\u0022top\u0022\u003E\u003Cp class=\u0022MsoNormal\u0022\u003E\u003Cstrong\u003ETaux global\u003C\/strong\u003E\u003C\/p\u003E\u003C\/td\u003E\u003Ctd width=\u0022129\u0022 valign=\u0022top\u0022\u003E\u003Cp class=\u0022MsoNormal\u0022\u003E\u003Cstrong\u003ECTP \u00e0 d\u00e9clarer\u003C\/strong\u003E\u003C\/p\u003E\u003C\/td\u003E\u003C\/tr\u003E\u003Ctr\u003E\u003Ctd valign=\u0022top\u0022\u003E\u003Cp class=\u0022MsoNormal\u0022\u003E\u003Cstrong\u003ECotisation compl\u00e9mentaire d\u2019assurance maladie\u003C\/strong\u003E\u003C\/p\u003E\u003C\/td\u003E\u003Ctd valign=\u0022top\u0022\u003E\u003Cp class=\u0022MsoNormal\u0022\u003E0,68\u0026nbsp;%\u003C\/p\u003E\u003C\/td\u003E\u003Ctd valign=\u0022top\u0022\u003E\u003Cp class=\u0022MsoNormal\u0022\u003E1,28\u0026nbsp;%\u003C\/p\u003E\u003C\/td\u003E\u003Ctd width=\u0022129\u0022 valign=\u0022top\u0022\u003E\u003Cp class=\u0022MsoNormal\u0022\u003E1,96\u0026nbsp;%\u003C\/p\u003E\u003C\/td\u003E\u003Ctd width=\u0022129\u0022 valign=\u0022top\u0022\u003E\u003Cp class=\u0022MsoNormal\u0022\u003E710\u003C\/p\u003E\u003C\/td\u003E\u003C\/tr\u003E\u003Ctr\u003E\u003Ctd valign=\u0022top\u0022\u003E\u003Cp class=\u0022MsoNormal\u0022\u003E\u003Cstrong\u003ECotisation de solidarit\u00e9\u003C\/strong\u003E\u003C\/p\u003E\u003C\/td\u003E\u003Ctd valign=\u0022top\u0022\u003E\u003Cp class=\u0022MsoNormal\u0022\u003E1,15\u0026nbsp;%\u003C\/p\u003E\u003C\/td\u003E\u003Ctd valign=\u0022top\u0022\u003E\u003Cp class=\u0022MsoNormal\u0022\u003ENon concern\u00e9\u003C\/p\u003E\u003C\/td\u003E\u003Ctd width=\u0022129\u0022 valign=\u0022top\u0022\u003E\u003Cp class=\u0022MsoNormal\u0022\u003E1,15\u0026nbsp;%\u003C\/p\u003E\u003C\/td\u003E\u003Ctd width=\u0022129\u0022 valign=\u0022top\u0022\u003E\u003Cp class=\u0022MsoNormal\u0022\u003E720\u003C\/p\u003E\u003C\/td\u003E\u003C\/tr\u003E\u003Ctr\u003E\u003Ctd valign=\u0022top\u0022\u003E\u003Cp class=\u0022MsoNormal\u0022\u003E\u003Cstrong\u003ECotisation d\u2019\u00e9quilibre sur les pensions\u003C\/strong\u003E\u003C\/p\u003E\u003C\/td\u003E\u003Ctd valign=\u0022top\u0022\u003E\u003Cp class=\u0022MsoNormal\u0022\u003E2,25\u0026nbsp;%\u003C\/p\u003E\u003C\/td\u003E\u003Ctd valign=\u0022top\u0022\u003E\u003Cp class=\u0022MsoNormal\u0022\u003ENon concern\u00e9\u003C\/p\u003E\u003C\/td\u003E\u003Ctd width=\u0022129\u0022 valign=\u0022top\u0022\u003E\u003Cp class=\u0022MsoNormal\u0022\u003E2,25\u0026nbsp;%\u003C\/p\u003E\u003C\/td\u003E\u003Ctd width=\u0022129\u0022 valign=\u0022top\u0022\u003E\u003Cp class=\u0022MsoNormal\u0022\u003E750\u003C\/p\u003E\u003C\/td\u003E\u003C\/tr\u003E\u003Ctr\u003E\u003Ctd valign=\u0022top\u0022\u003E\u003Cp class=\u0022MsoNormal\u0022\u003E\u003Cstrong\u003ECotisation vieillesse l\u00e9gale r\u00e9gime de droit commun\u003C\/strong\u003E\u003C\/p\u003E\u003C\/td\u003E\u003Ctd valign=\u0022top\u0022\u003E\u003Cp class=\u0022MsoNormal\u0022\u003E12,78\u0026nbsp;%\u003C\/p\u003E\u003C\/td\u003E\u003Ctd valign=\u0022top\u0022\u003E\u003Cp class=\u0022MsoNormal\u0022\u003E26,73\u0026nbsp;%\u003C\/p\u003E\u003C\/td\u003E\u003Ctd width=\u0022129\u0022 valign=\u0022top\u0022\u003E\u003Cp class=\u0022MsoNormal\u0022\u003E39,51\u0026nbsp;%\u003C\/p\u003E\u003C\/td\u003E\u003Ctd width=\u0022129\u0022 valign=\u0022top\u0022\u003E\u003Cp class=\u0022MsoNormal\u0022\u003E912\u003C\/p\u003E\u003C\/td\u003E\u003C\/tr\u003E\u003Ctr\u003E\u003Ctd valign=\u0022top\u0022\u003E\u003Cp class=\u0022MsoNormal\u0022\u003E\u003Cstrong\u003ECotisation sp\u00e9cifique vieillesse\u003C\/strong\u003E\u003C\/p\u003E\u003C\/td\u003E\u003Ctd valign=\u0022top\u0022\u003E\u003Cp class=\u0022MsoNormal\u0022\u003ENon concern\u00e9\u003C\/p\u003E\u003C\/td\u003E\u003Ctd valign=\u0022top\u0022\u003E\u003Cp class=\u0022MsoNormal\u0022\u003E0,90\u0026nbsp;%\u003C\/p\u003E\u003C\/td\u003E\u003Ctd width=\u0022129\u0022 valign=\u0022top\u0022\u003E\u003Cp class=\u0022MsoNormal\u0022\u003E0,90\u0026nbsp;%\u003C\/p\u003E\u003C\/td\u003E\u003Ctd width=\u0022129\u0022 valign=\u0022top\u0022\u003E\u003Cp class=\u0022MsoNormal\u0022\u003E913\u003C\/p\u003E\u003C\/td\u003E\u003C\/tr\u003E\u003Ctr\u003E\u003Ctd valign=\u0022top\u0022\u003E\u003Cp class=\u0022MsoNormal\u0022\u003E\u003Cstrong\u003ECotisation sp\u00e9cifique autres risques\u003C\/strong\u003E\u003C\/p\u003E\u003C\/td\u003E\u003Ctd valign=\u0022top\u0022\u003E\u003Cp class=\u0022MsoNormal\u0022\u003ENon concern\u00e9\u003C\/p\u003E\u003C\/td\u003E\u003Ctd valign=\u0022top\u0022\u003E\u003Cp class=\u0022MsoNormal\u0022\u003E2,60\u0026nbsp;%\u003C\/p\u003E\u003C\/td\u003E\u003Ctd width=\u0022129\u0022 valign=\u0022top\u0022\u003E\u003Cp class=\u0022MsoNormal\u0022\u003E2,60\u0026nbsp;%\u003C\/p\u003E\u003C\/td\u003E\u003Ctd width=\u0022129\u0022 valign=\u0022top\u0022\u003E\u003Cp class=\u0022MsoNormal\u0022\u003E215\u003C\/p\u003E\u003C\/td\u003E\u003C\/tr\u003E\u003Ctr\u003E\u003Ctd valign=\u0022top\u0022\u003E\u003Cp class=\u0022MsoNormal\u0022\u003E\u003Cstrong\u003ECotisation sp\u00e9cifique vieillesse\u003C\/strong\u003E\u003Cbr\u003E\u003Cstrong\u003ECas particulier\u003C\/strong\u003E\u003C\/p\u003E\u003C\/td\u003E\u003Ctd valign=\u0022top\u0022\u003E\u003Cp class=\u0022MsoNormal\u0022\u003E12,78\u0026nbsp;%\u003C\/p\u003E\u003C\/td\u003E\u003Ctd valign=\u0022top\u0022\u003E\u003Cp class=\u0022MsoNormal\u0022\u003E27,63\u0026nbsp;%\u003C\/p\u003E\u003C\/td\u003E\u003Ctd width=\u0022129\u0022 valign=\u0022top\u0022\u003E\u003Cp class=\u0022MsoNormal\u0022\u003E40,41\u0026nbsp;%\u003C\/p\u003E\u003C\/td\u003E\u003Ctd width=\u0022129\u0022 valign=\u0022top\u0022\u003E\u003Cp class=\u0022MsoNormal\u0022\u003E210\u003C\/p\u003E\u003C\/td\u003E\u003C\/tr\u003E\u003Ctr\u003E\u003Ctd valign=\u0022top\u0022\u003E\u003Cp class=\u0022MsoNormal\u0022\u003E\u003Cstrong\u003ECotisation prestation compl\u00e9mentaire d\u2019invalidit\u00e9\u003C\/strong\u003E\u003C\/p\u003E\u003C\/td\u003E\u003Ctd valign=\u0022top\u0022\u003E\u003Cp class=\u0022MsoNormal\u0022\u003ENon concern\u00e9\u003C\/p\u003E\u003C\/td\u003E\u003Ctd valign=\u0022top\u0022\u003E\u003Cp class=\u0022MsoNormal\u0022\u003E0,34\u0026nbsp;%\u003C\/p\u003E\u003C\/td\u003E\u003Ctd width=\u0022129\u0022 valign=\u0022top\u0022\u003E\u003Cp class=\u0022MsoNormal\u0022\u003E0,34\u0026nbsp;%\u003C\/p\u003E\u003C\/td\u003E\u003Ctd width=\u0022129\u0022 valign=\u0022top\u0022\u003E\u003Cp class=\u0022MsoNormal\u0022\u003E936\u003C\/p\u003E\u003C\/td\u003E\u003C\/tr\u003E\u003Ctr\u003E\u003Ctd valign=\u0022top\u0022\u003E\u003Cp class=\u0022MsoNormal\u0022\u003E\u003Cstrong\u003ECotisation petit pool\u003C\/strong\u003E\u003C\/p\u003E\u003C\/td\u003E\u003Ctd valign=\u0022top\u0022\u003E\u003Cp class=\u0022MsoNormal\u0022\u003ENon concern\u00e9\u003C\/p\u003E\u003C\/td\u003E\u003Ctd valign=\u0022top\u0022\u003E\u003Cp class=\u0022MsoNormal\u0022\u003E6,50\u0026nbsp;%\u003C\/p\u003E\u003C\/td\u003E\u003Ctd width=\u0022129\u0022 valign=\u0022top\u0022\u003E\u003Cp class=\u0022MsoNormal\u0022\u003E6,50\u0026nbsp;%\u003C\/p\u003E\u003C\/td\u003E\u003Ctd width=\u0022129\u0022 valign=\u0022top\u0022\u003E\u003Cp class=\u0022MsoNormal\u0022\u003E955\u003C\/p\u003E\u003C\/td\u003E\u003C\/tr\u003E\u003C\/tbody\u003E\u003C\/table\u003E\u003Cp class=\u0022MsoNormal\u0022\u003E\u0026nbsp;\u003C\/p\u003E\u003Cul\u003E\u003Cli\u003E\u003Cp\u003E\u003Cstrong\u003EDu 1er janvier 2025 au 30 avril 2025\u0026nbsp;\u003C\/strong\u003E\u003C\/p\u003E\u003C\/li\u003E\u003C\/ul\u003E\u003Cp\u003E\u0026nbsp;\u003C\/p\u003E\u003C\/div\u003E\u003Cdiv class=\u0022WordSection1\u0022\u003E\u003Ctable class=\u0022MsoNormalTable\u0022 border=\u00221\u0022 cellspacing=\u00220\u0022 cellpadding=\u00220\u0022 width=\u0022933\u0022\u003E\u003Ctr\u003E\u003Ctd valign=\u0022top\u0022\u003E\u003Cp class=\u0022MsoNormal\u0022\u003E\u003Cbr\u003E\u003Cbr\u003E\u0026nbsp;\u003C\/p\u003E\u003C\/td\u003E\u003Ctd valign=\u0022top\u0022\u003E\u003Cp class=\u0022MsoNormal\u0022\u003E\u003Cstrong\u003ETaux de la part salariale\u003C\/strong\u003E\u003C\/p\u003E\u003C\/td\u003E\u003Ctd width=\u0022108\u0022 valign=\u0022top\u0022\u003E\u003Cp class=\u0022MsoNormal\u0022\u003E\u003Cstrong\u003ETaux de la part patronale\u003C\/strong\u003E\u003C\/p\u003E\u003C\/td\u003E\u003Ctd width=\u0022113\u0022 valign=\u0022top\u0022\u003E\u003Cp class=\u0022MsoNormal\u0022\u003E\u003Cstrong\u003ETaux global\u003C\/strong\u003E\u003C\/p\u003E\u003C\/td\u003E\u003Ctd width=\u0022113\u0022 valign=\u0022top\u0022\u003E\u003Cp class=\u0022MsoNormal\u0022\u003E\u003Cstrong\u003ECTP \u00e0 d\u00e9clarer\u003C\/strong\u003E\u003C\/p\u003E\u003C\/td\u003E\u003C\/tr\u003E\u003Ctbody\u003E\u003Ctr\u003E\u003Ctd\u003E\u003Cp class=\u0022MsoNormal\u0022\u003E\u003Cstrong\u003ECotisation compl\u00e9mentaire d\u2019assurance maladie\u003C\/strong\u003E\u003C\/p\u003E\u003C\/td\u003E\u003Ctd valign=\u0022top\u0022\u003E\u003Cp class=\u0022MsoNormal\u0022\u003E0,68\u0026nbsp;%\u003C\/p\u003E\u003C\/td\u003E\u003Ctd width=\u0022108\u0022 valign=\u0022top\u0022\u003E\u003Cp class=\u0022MsoNormal\u0022\u003E1,28\u0026nbsp;%\u003C\/p\u003E\u003C\/td\u003E\u003Ctd width=\u0022113\u0022 valign=\u0022top\u0022\u003E\u003Cp class=\u0022MsoNormal\u0022\u003E1,96\u0026nbsp;%\u003C\/p\u003E\u003C\/td\u003E\u003Ctd valign=\u0022top\u0022\u003E\u003Cp class=\u0022MsoNormal\u0022\u003E710\u003C\/p\u003E\u003C\/td\u003E\u003C\/tr\u003E\u003Ctr\u003E\u003Ctd\u003E\u003Cp class=\u0022MsoNormal\u0022\u003E\u003Cstrong\u003ECotisation de solidarit\u00e9\u003C\/strong\u003E\u003C\/p\u003E\u003C\/td\u003E\u003Ctd valign=\u0022top\u0022\u003E\u003Cp class=\u0022MsoNormal\u0022\u003E1,15\u0026nbsp;%\u003C\/p\u003E\u003C\/td\u003E\u003Ctd width=\u0022108\u0022 valign=\u0022top\u0022\u003E\u003Cp class=\u0022MsoNormal\u0022\u003ENon concern\u00e9\u003C\/p\u003E\u003C\/td\u003E\u003Ctd width=\u0022113\u0022 valign=\u0022top\u0022\u003E\u003Cp class=\u0022MsoNormal\u0022\u003E1,15\u0026nbsp;%\u003C\/p\u003E\u003C\/td\u003E\u003Ctd valign=\u0022top\u0022\u003E\u003Cp class=\u0022MsoNormal\u0022\u003E720\u003C\/p\u003E\u003C\/td\u003E\u003C\/tr\u003E\u003Ctr\u003E\u003Ctd\u003E\u003Cp class=\u0022MsoNormal\u0022\u003E\u003Cstrong\u003ECotisation d\u2019\u00e9quilibre sur les pensions\u003C\/strong\u003E\u003C\/p\u003E\u003C\/td\u003E\u003Ctd valign=\u0022top\u0022\u003E\u003Cp class=\u0022MsoNormal\u0022\u003E2,25\u0026nbsp;%\u003C\/p\u003E\u003C\/td\u003E\u003Ctd width=\u0022108\u0022 valign=\u0022top\u0022\u003E\u003Cp class=\u0022MsoNormal\u0022\u003ENon concern\u00e9\u003C\/p\u003E\u003C\/td\u003E\u003Ctd width=\u0022113\u0022 valign=\u0022top\u0022\u003E\u003Cp class=\u0022MsoNormal\u0022\u003E2,25\u0026nbsp;%\u003C\/p\u003E\u003C\/td\u003E\u003Ctd valign=\u0022top\u0022\u003E\u003Cp class=\u0022MsoNormal\u0022\u003E750\u003C\/p\u003E\u003C\/td\u003E\u003C\/tr\u003E\u003Ctr\u003E\u003Ctd\u003E\u003Cp class=\u0022MsoNormal\u0022\u003E\u003Cstrong\u003ECotisation vieillesse l\u00e9gale r\u00e9gime de droit commun\u003C\/strong\u003E\u003C\/p\u003E\u003C\/td\u003E\u003Ctd valign=\u0022top\u0022\u003E\u003Cp class=\u0022MsoNormal\u0022\u003E12,78\u0026nbsp;%\u003C\/p\u003E\u003C\/td\u003E\u003Ctd width=\u0022108\u0022 valign=\u0022top\u0022\u003E\u003Cp class=\u0022MsoNormal\u0022\u003E27,06\u0026nbsp;%\u003C\/p\u003E\u003C\/td\u003E\u003Ctd width=\u0022113\u0022 valign=\u0022top\u0022\u003E\u003Cp class=\u0022MsoNormal\u0022\u003E39,84\u0026nbsp;%\u003C\/p\u003E\u003C\/td\u003E\u003Ctd valign=\u0022top\u0022\u003E\u003Cp class=\u0022MsoNormal\u0022\u003E912\u003C\/p\u003E\u003C\/td\u003E\u003C\/tr\u003E\u003Ctr\u003E\u003Ctd\u003E\u003Cp class=\u0022MsoNormal\u0022\u003E\u003Cstrong\u003ECotisation sp\u00e9cifique vieillesse\u003C\/strong\u003E\u003C\/p\u003E\u003C\/td\u003E\u003Ctd valign=\u0022top\u0022\u003E\u003Cp class=\u0022MsoNormal\u0022\u003ENon concern\u00e9\u003C\/p\u003E\u003C\/td\u003E\u003Ctd width=\u0022108\u0022 valign=\u0022top\u0022\u003E\u003Cp class=\u0022MsoNormal\u0022\u003E1,00\u0026nbsp;%\u003C\/p\u003E\u003C\/td\u003E\u003Ctd width=\u0022113\u0022 valign=\u0022top\u0022\u003E\u003Cp class=\u0022MsoNormal\u0022\u003E1,00\u0026nbsp;%\u003C\/p\u003E\u003C\/td\u003E\u003Ctd valign=\u0022top\u0022\u003E\u003Cp class=\u0022MsoNormal\u0022\u003E913\u003C\/p\u003E\u003C\/td\u003E\u003C\/tr\u003E\u003Ctr\u003E\u003Ctd\u003E\u003Cp class=\u0022MsoNormal\u0022\u003E\u003Cstrong\u003ECotisation sp\u00e9cifique autres risques\u003C\/strong\u003E\u003C\/p\u003E\u003C\/td\u003E\u003Ctd valign=\u0022top\u0022\u003E\u003Cp class=\u0022MsoNormal\u0022\u003ENon concern\u00e9\u003C\/p\u003E\u003C\/td\u003E\u003Ctd width=\u0022108\u0022 valign=\u0022top\u0022\u003E\u003Cp class=\u0022MsoNormal\u0022\u003E2,15\u0026nbsp;%\u003C\/p\u003E\u003C\/td\u003E\u003Ctd width=\u0022113\u0022 valign=\u0022top\u0022\u003E\u003Cp class=\u0022MsoNormal\u0022\u003E2,15\u0026nbsp;%\u003C\/p\u003E\u003C\/td\u003E\u003Ctd valign=\u0022top\u0022\u003E\u003Cp class=\u0022MsoNormal\u0022\u003E215\u003C\/p\u003E\u003C\/td\u003E\u003C\/tr\u003E\u003Ctr\u003E\u003Ctd\u003E\u003Cp class=\u0022MsoNormal\u0022\u003E\u003Cstrong\u003ECotisation sp\u00e9cifique vieillesse\u003C\/strong\u003E\u003Cbr\u003E\u003Cstrong\u003ECas particulier\u003C\/strong\u003E\u003C\/p\u003E\u003C\/td\u003E\u003Ctd valign=\u0022top\u0022\u003E\u003Cp class=\u0022MsoNormal\u0022\u003E12,78\u0026nbsp;%\u003C\/p\u003E\u003C\/td\u003E\u003Ctd width=\u0022108\u0022 valign=\u0022top\u0022\u003E\u003Cp class=\u0022MsoNormal\u0022\u003E28,06\u0026nbsp;%\u003C\/p\u003E\u003C\/td\u003E\u003Ctd width=\u0022113\u0022 valign=\u0022top\u0022\u003E\u003Cp class=\u0022MsoNormal\u0022\u003E40,84\u0026nbsp;%\u003C\/p\u003E\u003C\/td\u003E\u003Ctd valign=\u0022top\u0022\u003E\u003Cp class=\u0022MsoNormal\u0022\u003E210\u003C\/p\u003E\u003C\/td\u003E\u003C\/tr\u003E\u003Ctr\u003E\u003Ctd\u003E\u003Cp class=\u0022MsoNormal\u0022\u003E\u003Cstrong\u003ECotisation prestation compl\u00e9mentaire d\u2019invalidit\u00e9\u003C\/strong\u003E\u003C\/p\u003E\u003C\/td\u003E\u003Ctd valign=\u0022top\u0022\u003E\u003Cp class=\u0022MsoNormal\u0022\u003ENon concern\u00e9\u003C\/p\u003E\u003C\/td\u003E\u003Ctd width=\u0022108\u0022 valign=\u0022top\u0022\u003E\u003Cp class=\u0022MsoNormal\u0022\u003E0,34\u0026nbsp;%\u003C\/p\u003E\u003C\/td\u003E\u003Ctd width=\u0022113\u0022 valign=\u0022top\u0022\u003E\u003Cp class=\u0022MsoNormal\u0022\u003E0,34\u0026nbsp;%\u003C\/p\u003E\u003C\/td\u003E\u003Ctd valign=\u0022top\u0022\u003E\u003Cp class=\u0022MsoNormal\u0022\u003E936\u003C\/p\u003E\u003C\/td\u003E\u003C\/tr\u003E\u003Ctr\u003E\u003Ctd\u003E\u003Cp class=\u0022MsoNormal\u0022\u003E\u003Cstrong\u003ECotisation petit pool\u003C\/strong\u003E\u003C\/p\u003E\u003C\/td\u003E\u003Ctd valign=\u0022top\u0022\u003E\u003Cp class=\u0022MsoNormal\u0022\u003ENon concern\u00e9\u003C\/p\u003E\u003C\/td\u003E\u003Ctd width=\u0022108\u0022 valign=\u0022top\u0022\u003E\u003Cp class=\u0022MsoNormal\u0022\u003E6,50\u0026nbsp;%\u003C\/p\u003E\u003C\/td\u003E\u003Ctd width=\u0022113\u0022 valign=\u0022top\u0022\u003E\u003Cp class=\u0022MsoNormal\u0022\u003E6,50\u0026nbsp;%\u003C\/p\u003E\u003C\/td\u003E\u003Ctd valign=\u0022top\u0022\u003E\u003Cp class=\u0022MsoNormal\u0022\u003E955\u003C\/p\u003E\u003C\/td\u003E\u003C\/tr\u003E\u003C\/tbody\u003E\u003C\/table\u003E\u003Cp class=\u0022MsoNormal\u0022\u003E\u003Cbr\u003ELe montant de la contribution DSPNR est \u00e0 d\u00e9clarer via le CTP 940.\u003C\/p\u003E\u003C\/div\u003E                                            \u003Cp\u003E\u003Cbr \/\u003E\u003Cstrong\u003ESource :\u003C\/strong\u003E\u003Cstrong\u003E\u00a0\u003C\/strong\u003E\u003C\/p\u003E\u003Cul\u003E\u003Cli\u003E\u003Ca href=\u0022https:\/\/www.urssaf.fr\/accueil\/outils-documentation\/taux-baremes\/taux-cotisations-IEG.html\u0022 target=\u0022_blank\u0022\u003ETaux de cotisations sp\u00e9cifiques des industries \u00e9lectriques et gazi\u00e8res (IEG), urssaf.fr\u003C\/a\u003E\u003C\/li\u003E\u003C\/ul\u003E\u003C\/div\u003E","annee":"2025","theme":" Indices, taux, bar\u00e8mes sociaux","activites":["Industrie"],"image":"https:\/\/www.weblex.fr\/sites\/default\/files\/chiffres_clef\/Shutterstock_cotisationsIEG.jpg","created":"2025-12-01","modified":"2026-04-17"},{"url":"\/chiffres-cles\/tableau-des-cotisations-sociales-dues-par-les-professions-liberales-annee-2025","id":27520,"title":"Tableau des cotisations sociales dues par les professions lib\u00e9rales - Ann\u00e9e 2025","content":"\u003Cdiv\u003E                                              \u003Cp\u003EL\u2019article 18\u0026nbsp;de la loi de financement de la S\u00e9curit\u00e9 sociale pour 2024 (\u003Ca href=\u0022https:\/\/www.legifrance.gouv.fr\/jorf\/id\/JORFTEXT000048668665\u0022 target=\u0022_blank\u0022 title=\u0022loi 2023-1250 du 26 d\u00e9cembre 2023 - legifrance.gouv.fr - Nouvelle fen\u00eatre\u0022\u003Eloi 2023-1250\u0026nbsp;du 26\u0026nbsp;d\u00e9cembre 2023\u003C\/a\u003E) r\u00e9forme l\u2019assiette des cotisations et contributions sociales des travailleurs ind\u00e9pendants, \u00e0 compter de la r\u00e9gularisation des cotisations de l\u2019ann\u00e9e 2025 (apr\u00e8s la d\u00e9claration des revenus 2025, en 2026).\u003C\/p\u003E\u003Cp\u003ELe\u0026nbsp;\u003Ca href=\u0022https:\/\/www.legifrance.gouv.fr\/jorf\/id\/JORFTEXT000049888566?dateSignature=04%2F07%2F2024+%3E+09%2F07%2F2024\u0026amp;page=1\u0026amp;pageSize=10\u0026amp;query=assiette\u0026amp;searchField=ALL\u0026amp;searchType=ALL\u0026amp;sortValue=SIGNATURE_DATE_DESC\u0026amp;tab_selection=jorf\u0026amp;typePagination=DEFAUT\u0022 target=\u0022_blank\u0022 title=\u0022d\u00e9cret n\u00b0 2024-688 du 5 juillet 2024 - legifrance.gouv.fr - Nouvelle fen\u00eatre\u0022\u003Ed\u00e9cret n\u00b0 2024-688\u0026nbsp;du 5\u0026nbsp;juillet 2024\u003C\/a\u003E\u0026nbsp;r\u00e9vise le bar\u00e8me des cotisations des travailleurs ind\u00e9pendants,\u0026nbsp;en lien avec cette r\u00e9forme de l\u2019assiette sociale.\u0026nbsp;Cette modification des bar\u00e8mes sera appliqu\u00e9e en m\u00eame temps que la r\u00e9forme de l\u2019assiette sociale, soit \u00e0 partir d\u2019avril 2026\u0026nbsp;avec l\u2019ouverture de la campagne de la d\u00e9claration des revenus 2025.\u003C\/p\u003E\u003Cp\u003ELes bar\u00e8mes pr\u00e9sent\u00e9s ici pour 2025\u0026nbsp;ne tiennent pas compte de cette r\u00e9forme.\u003C\/p\u003E\u003Cp\u003E\u0026nbsp;\u0026nbsp;\u0026nbsp;\u0026nbsp;\u003Cstrong\u003E 1\/ Assiette et taux des cotisations\u003C\/strong\u003E\u003C\/p\u003E\u003Ctable border=\u00221\u0022 cellspacing=\u00220\u0022 cellpadding=\u00220\u0022 align=\u0022left\u0022 width=\u0022593\u0022\u003E\u003Ctbody\u003E\u003Ctr\u003E\u003Ctd width=\u0022593\u0022 colspan=\u00222\u0022 valign=\u0022top\u0022\u003E\u003Cp align=\u0022center\u0022\u003ECotisations maladie maternit\u00e9 1 en m\u00e9tropole\u003C\/p\u003E\u003C\/td\u003E\u003C\/tr\u003E\u003Ctr\u003E\u003Ctd valign=\u0022top\u0022\u003E\u003Cp\u003EBase de calcul\u003C\/p\u003E\u003C\/td\u003E\u003Ctd width=\u0022148\u0022 valign=\u0022top\u0022\u003E\u003Cp\u003E\u003Cstrong\u003ETaux\u003C\/strong\u003E\u003C\/p\u003E\u003C\/td\u003E\u003C\/tr\u003E\u003Ctr\u003E\u003Ctd valign=\u0022top\u0022\u003E\u003Cp\u003E\u003Cstrong\u003ERevenus inf\u00e9rieurs \u00e0 18\u0026nbsp;840\u0026nbsp;\u20ac\u003C\/strong\u003E\u003C\/p\u003E\u003C\/td\u003E\u003Ctd width=\u0022148\u0022 valign=\u0022top\u0022\u003E\u003Cp\u003E0\u0026nbsp;%\u003C\/p\u003E\u003C\/td\u003E\u003C\/tr\u003E\u003Ctr\u003E\u003Ctd valign=\u0022top\u0022\u003E\u003Cp\u003E\u003Cstrong\u003ERevenus compris entre 18\u0026nbsp;840\u0026nbsp;\u20ac et 28\u0026nbsp;260\u0026nbsp;\u20ac\u003C\/strong\u003E\u003C\/p\u003E\u003C\/td\u003E\u003Ctd width=\u0022148\u0022 valign=\u0022top\u0022\u003E\u003Cp\u003ETaux progressif de 0\u0026nbsp;% \u00e0 4\u0026nbsp;%\u003C\/p\u003E\u003C\/td\u003E\u003C\/tr\u003E\u003Ctr\u003E\u003Ctd valign=\u0022top\u0022\u003E\u003Cp\u003E\u003Cstrong\u003ERevenus sup\u00e9rieurs \u00e0 28\u0026nbsp;260\u0026nbsp;\u20ac et jusqu\u2019\u00e0 51\u0026nbsp;810\u0026nbsp;\u20ac\u003C\/strong\u003E\u003C\/p\u003E\u003C\/td\u003E\u003Ctd width=\u0022148\u0022 valign=\u0022top\u0022\u003E\u003Cp\u003ETaux progressif de 4\u0026nbsp;% \u00e0 6,70\u0026nbsp;%\u003C\/p\u003E\u003C\/td\u003E\u003C\/tr\u003E\u003Ctr\u003E\u003Ctd valign=\u0022top\u0022\u003E\u003Cp\u003E\u003Cstrong\u003ERevenus compris entre 51\u0026nbsp;810\u0026nbsp;\u20ac et 235\u0026nbsp;500\u0026nbsp;\u20ac inclus\u003C\/strong\u003E\u003C\/p\u003E\u003C\/td\u003E\u003Ctd width=\u0022148\u0022 valign=\u0022top\u0022\u003E\u003Cp\u003E6,70\u0026nbsp;%\u003C\/p\u003E\u003C\/td\u003E\u003C\/tr\u003E\u003Ctr\u003E\u003Ctd valign=\u0022top\u0022\u003E\u003Cp\u003E\u003Cstrong\u003EPart des revenus sup\u00e9rieure 235\u0026nbsp;500\u0026nbsp;\u20ac\u003C\/strong\u003E\u003C\/p\u003E\u003C\/td\u003E\u003Ctd width=\u0022148\u0022 valign=\u0022top\u0022\u003E\u003Cp\u003E6,50\u0026nbsp;%\u003C\/p\u003E\u003C\/td\u003E\u003C\/tr\u003E\u003C\/tbody\u003E\u003C\/table\u003E\u003Cp\u003E\u0026nbsp;\u003C\/p\u003E\u003Cp\u003E\u003Cstrong\u003E\u003C\/strong\u003E\u003C\/p\u003E\u003Cp\u003E\u003Cstrong\u003E\u003C\/strong\u003E\u003C\/p\u003E\u003Cp align=\u0022center\u0022\u003E\u0026nbsp;\u003C\/p\u003E\u003Cp align=\u0022center\u0022\u003E\u0026nbsp;\u003C\/p\u003E\u003Cp align=\u0022center\u0022\u003E\u0026nbsp;\u003C\/p\u003E\u003Cp align=\u0022center\u0022\u003E\u0026nbsp;\u003C\/p\u003E\u003Cp align=\u0022center\u0022\u003E\u0026nbsp;\u003C\/p\u003E\u003Cp align=\u0022center\u0022\u003E\u0026nbsp;\u003C\/p\u003E\u003Cp align=\u0022center\u0022\u003E\u0026nbsp;\u003C\/p\u003E\u003Cp align=\u0022center\u0022\u003E\u0026nbsp;\u003C\/p\u003E\u003Cp align=\u0022center\u0022\u003E\u0026nbsp;\u003C\/p\u003E\u003Cp align=\u0022center\u0022\u003E\u0026nbsp;\u003C\/p\u003E\u003Cp align=\u0022center\u0022\u003E\u003Cstrong\u003ECotisations maladie 2 en m\u00e9tropole (indemnit\u00e9s journali\u00e8res maladie)\u003C\/strong\u003E\u003C\/p\u003E\u003Ctable border=\u00221\u0022 cellspacing=\u00220\u0022 cellpadding=\u00220\u0022 width=\u0022567\u0022\u003E\u003Ctbody\u003E\u003Ctr\u003E\u003Ctd width=\u0022482\u0022 valign=\u0022top\u0022\u003E\u003Cp\u003EBase de calcul\u003C\/p\u003E\u003C\/td\u003E\u003Ctd width=\u002285\u0022 valign=\u0022top\u0022\u003E\u003Cp\u003ETaux\u003C\/p\u003E\u003C\/td\u003E\u003C\/tr\u003E\u003Ctr\u003E\u003Ctd width=\u0022482\u0022 valign=\u0022top\u0022\u003E\u003Cp\u003E\u003Cstrong\u003EDans la limite de 235\u0026nbsp;500\u0026nbsp;\u20ac\u003C\/strong\u003E\u003C\/p\u003E\u003C\/td\u003E\u003Ctd width=\u002285\u0022 valign=\u0022top\u0022\u003E\u003Cp\u003E0,50\u0026nbsp;%\u003C\/p\u003E\u003C\/td\u003E\u003C\/tr\u003E\u003C\/tbody\u003E\u003C\/table\u003E\u003Cp align=\u0022center\u0022\u003E\u003Cbr\u003E\u003Cstrong\u003ERetraite de base en m\u00e9tropole\u003C\/strong\u003E\u003C\/p\u003E\u003Ctable border=\u00221\u0022 cellspacing=\u00220\u0022 cellpadding=\u00220\u0022 width=\u0022565\u0022\u003E\u003Ctbody\u003E\u003Ctr\u003E\u003Ctd width=\u0022510\u0022 valign=\u0022top\u0022\u003E\u003Cp\u003EBase de calcul\u003C\/p\u003E\u003C\/td\u003E\u003Ctd width=\u002255\u0022 valign=\u0022top\u0022\u003E\u003Cp\u003ETaux\u003C\/p\u003E\u003C\/td\u003E\u003C\/tr\u003E\u003Ctr\u003E\u003Ctd width=\u0022510\u0022 valign=\u0022top\u0022\u003E\u003Cp\u003E\u003Cstrong\u003ERevenus dans la limite de 47\u0026nbsp;100\u0026nbsp;\u20ac\u003C\/strong\u003E\u003C\/p\u003E\u003C\/td\u003E\u003Ctd width=\u002255\u0022 valign=\u0022top\u0022\u003E\u003Cp\u003E17,75\u0026nbsp;%\u003C\/p\u003E\u003C\/td\u003E\u003C\/tr\u003E\u003Ctr\u003E\u003Ctd width=\u0022510\u0022 valign=\u0022top\u0022\u003E\u003Cp\u003E\u003Cstrong\u003ERevenus sup\u00e9rieurs \u00e0 47\u0026nbsp;100\u0026nbsp;\u20ac\u003C\/strong\u003E\u003C\/p\u003E\u003C\/td\u003E\u003Ctd width=\u002255\u0022 valign=\u0022top\u0022\u003E\u003Cp\u003E0,60\u0026nbsp;%\u003C\/p\u003E\u003C\/td\u003E\u003C\/tr\u003E\u003C\/tbody\u003E\u003C\/table\u003E\u003Cp\u003E\u0026nbsp;\u003C\/p\u003E\u003Cp align=\u0022center\u0022\u003E\u003Cstrong\u003ERetraite compl\u00e9mentaire en m\u00e9tropole\u0026nbsp;\u003C\/strong\u003E\u003Cbr\u003E\u003Cbr\u003E\u0026nbsp;\u003C\/p\u003E\u003Ctable border=\u00221\u0022 cellspacing=\u00220\u0022 cellpadding=\u00220\u0022 width=\u0022574\u0022\u003E\u003Ctbody\u003E\u003Ctr\u003E\u003Ctd width=\u0022539\u0022 valign=\u0022top\u0022\u003E\u003Cp\u003EBase de calcul\u003C\/p\u003E\u003C\/td\u003E\u003Ctd width=\u002235\u0022 valign=\u0022top\u0022\u003E\u003Cp\u003ETaux\u003C\/p\u003E\u003C\/td\u003E\u003C\/tr\u003E\u003Ctr\u003E\u003Ctd width=\u0022539\u0022 valign=\u0022top\u0022\u003E\u003Cp\u003E\u003Cstrong\u003ERevenus dans la limite de 43\u0026nbsp;891\u0026nbsp;\u20ac\u003C\/strong\u003E\u003Cbr\u003E\u003Cstrong\u003EPlafond sp\u00e9cifique du r\u00e9gime compl\u00e9mentaire des ind\u00e9pendants\u003C\/strong\u003E\u003C\/p\u003E\u003C\/td\u003E\u003Ctd width=\u002235\u0022 valign=\u0022top\u0022\u003E\u003Cp\u003E7\u0026nbsp;%\u003C\/p\u003E\u003C\/td\u003E\u003C\/tr\u003E\u003Ctr\u003E\u003Ctd width=\u0022539\u0022 valign=\u0022top\u0022\u003E\u003Cp\u003E\u003Cstrong\u003ERevenus compris entre 43\u0026nbsp;891\u0026nbsp;\u20ac et 188\u0026nbsp;400\u0026nbsp;\u20ac\u003C\/strong\u003E\u003C\/p\u003E\u003C\/td\u003E\u003Ctd width=\u002235\u0022 valign=\u0022top\u0022\u003E\u003Cp\u003E8\u0026nbsp;%\u003C\/p\u003E\u003C\/td\u003E\u003C\/tr\u003E\u003C\/tbody\u003E\u003C\/table\u003E\u003Cp\u003E\u0026nbsp;\u003C\/p\u003E\u003Cp\u003E\u003Cstrong\u003EInvalidit\u00e9 \u2013 d\u00e9c\u00e8s en m\u00e9tropole\u0026nbsp;\u003C\/strong\u003E\u003C\/p\u003E\u003Ctable border=\u00221\u0022 cellspacing=\u00220\u0022 cellpadding=\u00220\u0022 width=\u0022640\u0022\u003E\u003Ctbody\u003E\u003Ctr\u003E\u003Ctd width=\u0022595\u0022 valign=\u0022top\u0022\u003E\u003Cp\u003E\u003Cstrong\u003EBase de calcul\u003C\/strong\u003E\u003C\/p\u003E\u003C\/td\u003E\u003Ctd width=\u002245\u0022 valign=\u0022top\u0022\u003E\u003Cp\u003E\u003Cstrong\u003ETaux\u003C\/strong\u003E\u003C\/p\u003E\u003C\/td\u003E\u003C\/tr\u003E\u003Ctr\u003E\u003Ctd width=\u0022595\u0022 valign=\u0022top\u0022\u003E\u003Cp\u003E\u003Cstrong\u003ERevenus dans la limite de 47\u0026nbsp;100\u0026nbsp;\u20ac (1\u0026nbsp;Pass)\u003C\/strong\u003E\u003C\/p\u003E\u003C\/td\u003E\u003Ctd width=\u002245\u0022 valign=\u0022top\u0022\u003E\u003Cp\u003E1,30\u0026nbsp;%\u003C\/p\u003E\u003C\/td\u003E\u003C\/tr\u003E\u003C\/tbody\u003E\u003C\/table\u003E\u003Cp\u003E\u003Cbr\u003E\u003Cbr\u003E\u003Cstrong\u003EAllocations familiales en m\u00e9tropole\u0026nbsp;\u003C\/strong\u003E\u003C\/p\u003E\u003Ctable border=\u00221\u0022 cellspacing=\u00220\u0022 cellpadding=\u00220\u0022 width=\u0022671\u0022\u003E\u003Ctbody\u003E\u003Ctr\u003E\u003Ctd width=\u0022482\u0022 valign=\u0022top\u0022\u003E\u003Cp\u003E\u003Cstrong\u003EBase de calcul\u003C\/strong\u003E\u003C\/p\u003E\u003C\/td\u003E\u003Ctd width=\u0022189\u0022 valign=\u0022top\u0022\u003E\u003Cp\u003E\u003Cstrong\u003ETaux\u003C\/strong\u003E\u003C\/p\u003E\u003C\/td\u003E\u003C\/tr\u003E\u003Ctr\u003E\u003Ctd width=\u0022482\u0022 valign=\u0022top\u0022\u003E\u003Cp\u003E\u003Cstrong\u003ERevenus\u0026nbsp;inf\u00e9rieurs \u00e0 51\u0026nbsp;810\u0026nbsp;\u20ac (110\u0026nbsp;% du Pass)\u003C\/strong\u003E\u003C\/p\u003E\u003C\/td\u003E\u003Ctd width=\u0022189\u0022 valign=\u0022top\u0022\u003E\u003Cp\u003E0\u0026nbsp;%\u003C\/p\u003E\u003C\/td\u003E\u003C\/tr\u003E\u003Ctr\u003E\u003Ctd width=\u0022482\u0022 valign=\u0022top\u0022\u003E\u003Cp\u003E\u003Cstrong\u003ERevenus compris entre 51\u0026nbsp;810\u0026nbsp;\u20ac et 65\u0026nbsp;940\u0026nbsp;\u20ac (110\u0026nbsp;% et 140\u0026nbsp;% du Pass)\u003C\/strong\u003E\u003C\/p\u003E\u003C\/td\u003E\u003Ctd width=\u0022189\u0022 valign=\u0022top\u0022\u003E\u003Cp\u003EDe 0\u0026nbsp;% \u00e0 3,10\u0026nbsp;%\u003C\/p\u003E\u003C\/td\u003E\u003C\/tr\u003E\u003Ctr\u003E\u003Ctd width=\u0022482\u0022 valign=\u0022top\u0022\u003E\u003Cp\u003E\u003Cstrong\u003ERevenus sup\u00e9rieurs \u00e0 65\u0026nbsp;940\u0026nbsp;\u20ac (140\u0026nbsp;% du Pass)\u003C\/strong\u003E\u003C\/p\u003E\u003C\/td\u003E\u003Ctd width=\u0022189\u0022 valign=\u0022top\u0022\u003E\u003Cp\u003E3,10\u0026nbsp;%\u003C\/p\u003E\u003C\/td\u003E\u003C\/tr\u003E\u003C\/tbody\u003E\u003C\/table\u003E\u003Cp\u003E\u003Cstrong\u003ECSG-CRDS en m\u00e9tropole\u0026nbsp;\u003C\/strong\u003E\u003Cbr\u003E\u003Cbr\u003E\u0026nbsp;\u003C\/p\u003E\u003Ctable border=\u00221\u0022 cellspacing=\u00220\u0022 cellpadding=\u00220\u0022 width=\u0022679\u0022\u003E\u003Ctbody\u003E\u003Ctr\u003E\u003Ctd width=\u0022633\u0022 valign=\u0022top\u0022\u003E\u003Cp\u003E\u003Cstrong\u003EBase de calcul\u003C\/strong\u003E\u003C\/p\u003E\u003C\/td\u003E\u003Ctd width=\u002246\u0022 valign=\u0022top\u0022\u003E\u003Cp\u003E\u003Cstrong\u003ETaux\u003C\/strong\u003E\u003C\/p\u003E\u003C\/td\u003E\u003C\/tr\u003E\u003Ctr\u003E\u003Ctd width=\u0022633\u0022 valign=\u0022top\u0022\u003E\u003Cp\u003E\u003Cstrong\u003ERevenu professionnel\u0026nbsp;+ cotisations sociales obligatoires\u003C\/strong\u003E\u003C\/p\u003E\u003C\/td\u003E\u003Ctd width=\u002246\u0022 valign=\u0022top\u0022\u003E\u003Cp\u003E9,70\u0026nbsp;%\u003C\/p\u003E\u003C\/td\u003E\u003C\/tr\u003E\u003Ctr\u003E\u003Ctd width=\u0022633\u0022 valign=\u0022top\u0022\u003E\u003Cp\u003E\u003Cstrong\u003ERevenus de remplacement\u003C\/strong\u003E\u003C\/p\u003E\u003C\/td\u003E\u003Ctd width=\u002246\u0022 valign=\u0022top\u0022\u003E\u003Cp\u003E6,70\u0026nbsp;%\u003C\/p\u003E\u003C\/td\u003E\u003C\/tr\u003E\u003C\/tbody\u003E\u003C\/table\u003E\u003Cp\u003E\u0026nbsp;\u003C\/p\u003E\u003Cp\u003E\u003Cstrong\u003ECPF due au titre de 2025 payable en novembre 2025 \u2013 Commer\u00e7ant ou profession lib\u00e9rale non r\u00e9glement\u00e9e\u0026nbsp;\u003C\/strong\u003E\u003C\/p\u003E\u003Ctable border=\u00221\u0022 cellspacing=\u00220\u0022 cellpadding=\u00220\u0022 width=\u0022680\u0022\u003E\u003Ctbody\u003E\u003Ctr\u003E\u003Ctd width=\u0022473\u0022 valign=\u0022top\u0022\u003E\u003Cp\u003E\u003Cstrong\u003EBase de calcul\u003C\/strong\u003E\u003C\/p\u003E\u003C\/td\u003E\u003Ctd width=\u0022208\u0022 valign=\u0022top\u0022\u003E\u003Cp\u003E\u003Cstrong\u003ETaux\u003C\/strong\u003E\u003C\/p\u003E\u003C\/td\u003E\u003C\/tr\u003E\u003Ctr\u003E\u003Ctd width=\u0022473\u0022 valign=\u0022top\u0022\u003E\u003Cp\u003E\u003Cstrong\u003ESur la base de 47\u0026nbsp;100\u0026nbsp;\u20ac (1\u0026nbsp;Pass)\u003C\/strong\u003E\u003C\/p\u003E\u003C\/td\u003E\u003Ctd width=\u0022208\u0022 valign=\u0022top\u0022\u003E\u003Cp\u003E0,25\u0026nbsp;%\u003C\/p\u003E\u003C\/td\u003E\u003C\/tr\u003E\u003C\/tbody\u003E\u003C\/table\u003E\u003Cp\u003E\u0026nbsp;\u003C\/p\u003E\u003Cp\u003E\u003Cstrong\u003E2\/. Cotisations minimales en m\u00e9tropole\u0026nbsp;\u003C\/strong\u003E\u003C\/p\u003E\u003Cp\u003E\u0026nbsp;\u003C\/p\u003E\u003Ctable border=\u00221\u0022 cellspacing=\u00220\u0022 cellpadding=\u00220\u0022 width=\u0022633\u0022\u003E\u003Ctbody\u003E\u003Ctr\u003E\u003Ctd width=\u0022104\u0022 valign=\u0022top\u0022\u003E\u003Cp\u003E\u003Cstrong\u003ECotisations\u003C\/strong\u003E\u003C\/p\u003E\u003C\/td\u003E\u003Ctd width=\u0022132\u0022 valign=\u0022top\u0022\u003E\u003Cp\u003E\u003Cstrong\u003EMaladie 2 (indemnit\u00e9s journali\u00e8res maladie)\u003C\/strong\u003E\u003C\/p\u003E\u003C\/td\u003E\u003Ctd width=\u002295\u0022 valign=\u0022top\u0022\u003E\u003Cp\u003E\u003Cstrong\u003ERetraite de base\u003C\/strong\u003E\u003C\/p\u003E\u003C\/td\u003E\u003Ctd width=\u0022124\u0022 valign=\u0022top\u0022\u003E\u003Cp\u003E\u003Cstrong\u003EInvalidit\u00e9 - d\u00e9c\u00e8s\u003C\/strong\u003E\u003C\/p\u003E\u003C\/td\u003E\u003Ctd width=\u0022179\u0022 valign=\u0022top\u0022\u003E\u003Cp\u003E\u003Cstrong\u003EFormation professionnelle (cotisations forfaitaire)\u003C\/strong\u003E\u003C\/p\u003E\u003C\/td\u003E\u003C\/tr\u003E\u003Ctr\u003E\u003Ctd width=\u0022104\u0022 valign=\u0022top\u0022\u003E\u003Cp\u003E\u003Cstrong\u003EBase de calcul\u003C\/strong\u003E\u003C\/p\u003E\u003C\/td\u003E\u003Ctd width=\u0022132\u0022 valign=\u0022top\u0022\u003E\u003Cp\u003E\u003Cstrong\u003E18\u0026nbsp;840\u0026nbsp;\u20ac\u003C\/strong\u003E\u003C\/p\u003E\u003C\/td\u003E\u003Ctd width=\u002295\u0022 valign=\u0022top\u0022\u003E\u003Cp\u003E\u003Cstrong\u003E5\u0026nbsp;346\u0026nbsp;\u20ac\u003C\/strong\u003E\u003C\/p\u003E\u003C\/td\u003E\u003Ctd width=\u0022124\u0022 valign=\u0022top\u0022\u003E\u003Cp\u003E\u003Cstrong\u003E5\u0026nbsp;417\u0026nbsp;\u20ac\u003C\/strong\u003E\u003C\/p\u003E\u003C\/td\u003E\u003Ctd width=\u0022179\u0022 valign=\u0022top\u0022\u003E\u003Cp\u003E\u003Cstrong\u003E47\u0026nbsp;100\u0026nbsp;\u20ac\u003C\/strong\u003E\u003C\/p\u003E\u003C\/td\u003E\u003C\/tr\u003E\u003Ctr\u003E\u003Ctd width=\u0022104\u0022 valign=\u0022top\u0022\u003E\u003Cp\u003E\u003Cstrong\u003ETaux\u003C\/strong\u003E\u003C\/p\u003E\u003C\/td\u003E\u003Ctd width=\u0022132\u0022 valign=\u0022top\u0022\u003E\u003Cp\u003E\u003Cstrong\u003E0,50\u0026nbsp;%\u003C\/strong\u003E\u003C\/p\u003E\u003C\/td\u003E\u003Ctd width=\u002295\u0022 valign=\u0022top\u0022\u003E\u003Cp\u003E\u003Cstrong\u003E17,75\u0026nbsp;%\u003C\/strong\u003E\u003C\/p\u003E\u003C\/td\u003E\u003Ctd width=\u0022124\u0022 valign=\u0022top\u0022\u003E\u003Cp\u003E\u003Cstrong\u003E1,30\u0026nbsp;%\u003C\/strong\u003E\u003C\/p\u003E\u003C\/td\u003E\u003Ctd width=\u0022179\u0022 valign=\u0022top\u0022\u003E\u003Cp\u003E\u003Cstrong\u003E0,25\u0026nbsp;% - 0,29\u0026nbsp;% - 0,34\u0026nbsp;%\u003C\/strong\u003E\u003C\/p\u003E\u003C\/td\u003E\u003C\/tr\u003E\u003Ctr\u003E\u003Ctd width=\u0022104\u0022 valign=\u0022top\u0022\u003E\u003Cp\u003E\u003Cstrong\u003EMontant minimal annuel\u003C\/strong\u003E\u003C\/p\u003E\u003C\/td\u003E\u003Ctd width=\u0022132\u0022 valign=\u0022top\u0022\u003E\u003Cp\u003E\u003Cstrong\u003E94\u0026nbsp;\u20ac\u003C\/strong\u003E\u003C\/p\u003E\u003C\/td\u003E\u003Ctd width=\u002295\u0022 valign=\u0022top\u0022\u003E\u003Cp\u003E\u003Cstrong\u003E949\u0026nbsp;\u20ac\u003C\/strong\u003E\u003C\/p\u003E\u003C\/td\u003E\u003Ctd width=\u0022124\u0022 valign=\u0022top\u0022\u003E\u003Cp\u003E\u003Cstrong\u003E70\u0026nbsp;\u20ac\u003C\/strong\u003E\u003C\/p\u003E\u003C\/td\u003E\u003Ctd width=\u0022179\u0022 valign=\u0022top\u0022\u003E\u003Cp\u003E\u003Cstrong\u003E118\u0026nbsp;\u20ac - 137\u0026nbsp;\u20ac - 160\u0026nbsp;\u20ac\u0026nbsp;(1)\u003C\/strong\u003E\u003C\/p\u003E\u003C\/td\u003E\u003C\/tr\u003E\u003C\/tbody\u003E\u003C\/table\u003E\u003Cp\u003E(1)\u0026nbsp;118\u0026nbsp;\u20ac pour les commer\u00e7ants ou les professions lib\u00e9rales non r\u00e9glement\u00e9es,\u0026nbsp;137\u0026nbsp;\u20ac pour les artisans\u0026nbsp;et 160\u0026nbsp;\u20ac pour les commer\u00e7ants ou les professions lib\u00e9rales non r\u00e9glement\u00e9es avec conjoint collaborateur.\u003C\/p\u003E\u003Cp\u003ESi vos revenus sont d\u00e9ficitaires ou inf\u00e9rieurs \u00e0 certains seuils, vous devez cotiser sur une base annuelle minimale (sauf cas particulier) m\u00eame si vous \u00eates par ailleurs salari\u00e9 ou retrait\u00e9.\u003C\/p\u003E\u003Cp\u003ECes cotisations minimales vous garantissent de b\u00e9n\u00e9ficier d\u2019un minimum de prestations sociales.\u003C\/p\u003E\u003Cp\u003EEn revanche, les cotisations minimales ne s\u2019appliquent pas si vous \u00eates b\u00e9n\u00e9ficiaire du RSA ou de la prime d\u2019activit\u00e9. Dans ce cas, vos cotisations sont calcul\u00e9es sur votre revenu r\u00e9el, sauf demande contraire de votre part.\u0026nbsp;\u003C\/p\u003E\u003Cp\u003E\u003Cstrong\u003E3\/. Cotisations maximales\u0026nbsp;\u003C\/strong\u003E\u003C\/p\u003E\u003Cp\u003E\u0026nbsp;\u003C\/p\u003E\u003Ctable border=\u00221\u0022 cellspacing=\u00220\u0022 cellpadding=\u00220\u0022 width=\u0022643\u0022\u003E\u003Ctbody\u003E\u003Ctr\u003E\u003Ctd width=\u0022208\u0022 valign=\u0022top\u0022\u003E\u003Cp\u003E\u003Cstrong\u003ECotisations\u003C\/strong\u003E\u003C\/p\u003E\u003C\/td\u003E\u003Ctd width=\u0022170\u0022 valign=\u0022top\u0022\u003E\u003Cp\u003E\u003Cstrong\u003EBase de calcul\u003C\/strong\u003E\u003C\/p\u003E\u003C\/td\u003E\u003Ctd width=\u002276\u0022 valign=\u0022top\u0022\u003E\u003Cp\u003E\u003Cstrong\u003ETaux\u003C\/strong\u003E\u003C\/p\u003E\u003C\/td\u003E\u003Ctd width=\u0022189\u0022 valign=\u0022top\u0022\u003E\u003Cp\u003E\u003Cstrong\u003ECotisation maximale\u003C\/strong\u003E\u003C\/p\u003E\u003C\/td\u003E\u003C\/tr\u003E\u003Ctr\u003E\u003Ctd width=\u0022208\u0022 valign=\u0022top\u0022\u003E\u003Cp\u003E\u003Cstrong\u003EMaladie - maternit\u00e9 1\u003C\/strong\u003E\u003C\/p\u003E\u003C\/td\u003E\u003Ctd width=\u0022170\u0022 valign=\u0022top\u0022\u003E\u003Cp\u003E\u003Cstrong\u003EPart du revenu sup\u00e9rieur \u00e0 235\u0026nbsp;500\u0026nbsp;\u20ac (5\u0026nbsp;Pass)\u003C\/strong\u003E\u003C\/p\u003E\u003C\/td\u003E\u003Ctd width=\u002276\u0022 valign=\u0022top\u0022\u003E\u003Cp\u003E\u003Cstrong\u003E6,50\u0026nbsp;%\u003C\/strong\u003E\u003C\/p\u003E\u003C\/td\u003E\u003Ctd width=\u0022189\u0022 valign=\u0022top\u0022\u003E\u003Cp\u003E\u003Cstrong\u003ECotisation non plafonn\u00e9e\u003C\/strong\u003E\u003C\/p\u003E\u003C\/td\u003E\u003C\/tr\u003E\u003Ctr\u003E\u003Ctd width=\u0022208\u0022 valign=\u0022top\u0022\u003E\u003Cp\u003E\u003Cstrong\u003EMaladie 2 (indemnit\u00e9s journali\u00e8res)\u003C\/strong\u003E\u003C\/p\u003E\u003C\/td\u003E\u003Ctd width=\u0022170\u0022 valign=\u0022top\u0022\u003E\u003Cp\u003E\u003Cstrong\u003E0,50\u0026nbsp;% dans la limite de 5\u0026nbsp;Pass (235\u0026nbsp;500\u0026nbsp;\u20ac)\u003C\/strong\u003E\u003C\/p\u003E\u003C\/td\u003E\u003Ctd width=\u002276\u0022 valign=\u0022top\u0022\u003E\u0026nbsp;\u003C\/td\u003E\u003Ctd width=\u0022189\u0022 valign=\u0022top\u0022\u003E\u003Cp\u003E\u003Cstrong\u003E1\u0026nbsp;178\u0026nbsp;\u20ac\u003C\/strong\u003E\u003C\/p\u003E\u003C\/td\u003E\u003C\/tr\u003E\u003Ctr\u003E\u003Ctd width=\u0022208\u0022 valign=\u0022top\u0022\u003E\u003Cp\u003E\u003Cstrong\u003ER\u00e9gime vieillesse de base\u003C\/strong\u003E\u003C\/p\u003E\u003C\/td\u003E\u003Ctd width=\u0022170\u0022 valign=\u0022top\u0022\u003E\u003Cp\u003E\u003Cstrong\u003E17,75\u0026nbsp;% du revenu dans la limite de 47\u0026nbsp;100\u0026nbsp;\u20ac (1\u0026nbsp;Pass)\u0026nbsp;+ 0,60\u0026nbsp;% du revenu au-del\u00e0 de 47\u0026nbsp;100\u0026nbsp;\u20ac\u003C\/strong\u003E\u003C\/p\u003E\u003C\/td\u003E\u003Ctd width=\u002276\u0022 valign=\u0022top\u0022\u003E\u0026nbsp;\u003C\/td\u003E\u003Ctd width=\u0022189\u0022 valign=\u0022top\u0022\u003E\u003Cp\u003E\u003Cstrong\u003ECotisation non plafonn\u00e9e\u003C\/strong\u003E\u003C\/p\u003E\u003C\/td\u003E\u003C\/tr\u003E\u003Ctr\u003E\u003Ctd width=\u0022208\u0022 valign=\u0022top\u0022\u003E\u003Cp\u003E\u003Cstrong\u003ER\u00e9gime vieillesse compl\u00e9mentaire\u003C\/strong\u003E\u003C\/p\u003E\u003C\/td\u003E\u003Ctd width=\u0022170\u0022 valign=\u0022top\u0022\u003E\u003Cp\u003E\u003Cstrong\u003EPart de revenu inf\u00e9rieure ou \u00e9gale \u00e0 43\u0026nbsp;891\u0026nbsp;\u20ac (1\u0026nbsp;plafond RCI\u0026nbsp;: plafond sp\u00e9cifique au r\u00e9gime compl\u00e9mentaire des ind\u00e9pendants)\u003C\/strong\u003E\u003C\/p\u003E\u003C\/td\u003E\u003Ctd width=\u002276\u0022 valign=\u0022top\u0022\u003E\u003Cp\u003E\u003Cstrong\u003E7\u0026nbsp;%\u003C\/strong\u003E\u003C\/p\u003E\u003C\/td\u003E\u003Ctd width=\u0022189\u0022 valign=\u0022top\u0022\u003E\u003Cp\u003E\u003Cstrong\u003E3\u0026nbsp;072\u0026nbsp;\u20ac\u003C\/strong\u003E\u003C\/p\u003E\u003C\/td\u003E\u003C\/tr\u003E\u003Ctr\u003E\u003Ctd width=\u0022208\u0022 valign=\u0022top\u0022\u003E\u003Cp\u003E\u003Cstrong\u003ER\u00e9gime vieillesse compl\u00e9mentaire\u003C\/strong\u003E\u003C\/p\u003E\u003C\/td\u003E\u003Ctd width=\u0022170\u0022 valign=\u0022top\u0022\u003E\u003Cp\u003E\u003Cstrong\u003EPart de revenu comprise entre 43\u0026nbsp;891\u0026nbsp;\u20ac et 188\u0026nbsp;400\u0026nbsp;\u20ac (4\u0026nbsp;Pass), soit 144\u0026nbsp;509\u0026nbsp;\u20ac\u003C\/strong\u003E\u003C\/p\u003E\u003C\/td\u003E\u003Ctd width=\u002276\u0022 valign=\u0022top\u0022\u003E\u003Cp\u003E\u003Cstrong\u003E8\u0026nbsp;%\u003C\/strong\u003E\u003C\/p\u003E\u003C\/td\u003E\u003Ctd width=\u0022189\u0022 valign=\u0022top\u0022\u003E\u003Cp\u003E\u003Cstrong\u003E11\u0026nbsp;561\u0026nbsp;\u20ac\u003C\/strong\u003E\u003C\/p\u003E\u003C\/td\u003E\u003C\/tr\u003E\u003Ctr\u003E\u003Ctd width=\u0022208\u0022 valign=\u0022top\u0022\u003E\u003Cp\u003E\u003Cstrong\u003EInvalidit\u00e9 - d\u00e9c\u00e8s\u003C\/strong\u003E\u003C\/p\u003E\u003C\/td\u003E\u003Ctd width=\u0022170\u0022 valign=\u0022top\u0022\u003E\u003Cp\u003E\u003Cstrong\u003E47\u0026nbsp;100\u0026nbsp;\u20ac (1\u0026nbsp;Pass)\u003C\/strong\u003E\u003C\/p\u003E\u003C\/td\u003E\u003Ctd width=\u002276\u0022 valign=\u0022top\u0022\u003E\u003Cp\u003E\u003Cstrong\u003E1,3\u0026nbsp;%\u003C\/strong\u003E\u003C\/p\u003E\u003C\/td\u003E\u003Ctd width=\u0022189\u0022 valign=\u0022top\u0022\u003E\u003Cp\u003E\u003Cstrong\u003E612\u0026nbsp;\u20ac\u003C\/strong\u003E\u003C\/p\u003E\u003C\/td\u003E\u003C\/tr\u003E\u003Ctr\u003E\u003Ctd width=\u0022208\u0022 valign=\u0022top\u0022\u003E\u003Cp\u003E\u003Cstrong\u003EAllocations familiales\u003C\/strong\u003E\u003C\/p\u003E\u003C\/td\u003E\u003Ctd width=\u0022170\u0022 valign=\u0022top\u0022\u003E\u003Cp\u003E\u003Cstrong\u003ERevenu\u003C\/strong\u003E\u003C\/p\u003E\u003C\/td\u003E\u003Ctd width=\u002276\u0022 valign=\u0022top\u0022\u003E\u003Cp\u003E\u003Cstrong\u003E3,10\u0026nbsp;%\u003C\/strong\u003E\u003C\/p\u003E\u003C\/td\u003E\u003Ctd width=\u0022189\u0022 valign=\u0022top\u0022\u003E\u003Cp\u003E\u003Cstrong\u003ECotisation non plafonn\u00e9e\u003C\/strong\u003E\u003C\/p\u003E\u003C\/td\u003E\u003C\/tr\u003E\u003Ctr\u003E\u003Ctd width=\u0022208\u0022 valign=\u0022top\u0022\u003E\u003Cp\u003E\u003Cstrong\u003ECSG-CRDS\u003C\/strong\u003E\u003C\/p\u003E\u003C\/td\u003E\u003Ctd width=\u0022170\u0022 valign=\u0022top\u0022\u003E\u003Cp\u003E\u003Cstrong\u003ERevenu professionnel\u0026nbsp;+ cotisations sociales obligatoires\u003C\/strong\u003E\u003C\/p\u003E\u003C\/td\u003E\u003Ctd width=\u002276\u0022 valign=\u0022top\u0022\u003E\u003Cp\u003E\u003Cstrong\u003E9,70\u0026nbsp;%\u003C\/strong\u003E\u003C\/p\u003E\u003C\/td\u003E\u003Ctd width=\u0022189\u0022 valign=\u0022top\u0022\u003E\u003Cp\u003E\u003Cstrong\u003ECotisation non plafonn\u00e9e\u003C\/strong\u003E\u003C\/p\u003E\u003C\/td\u003E\u003C\/tr\u003E\u003Ctr\u003E\u003Ctd width=\u0022208\u0022 valign=\u0022top\u0022\u003E\u003Cp\u003E\u003Cstrong\u003ECSG-CRDS\u003C\/strong\u003E\u003C\/p\u003E\u003C\/td\u003E\u003Ctd width=\u0022170\u0022 valign=\u0022top\u0022\u003E\u003Cp\u003E\u003Cstrong\u003ERevenus de remplacement\u003C\/strong\u003E\u003C\/p\u003E\u003C\/td\u003E\u003Ctd width=\u002276\u0022 valign=\u0022top\u0022\u003E\u003Cp\u003E\u003Cstrong\u003E6,70\u0026nbsp;%\u003C\/strong\u003E\u003C\/p\u003E\u003C\/td\u003E\u003Ctd width=\u0022189\u0022 valign=\u0022top\u0022\u003E\u003Cp\u003E\u003Cstrong\u003ECotisation non plafonn\u00e9e\u003C\/strong\u003E\u003C\/p\u003E\u003C\/td\u003E\u003C\/tr\u003E\u003Ctr\u003E\u003Ctd width=\u0022208\u0022 valign=\u0022top\u0022\u003E\u003Cp\u003E\u003Cstrong\u003ECFP - contribution formation professionnelle due au titre de 2025\u0026nbsp;payable en novembre 2025 - Commer\u00e7ant (ou profession lib\u00e9rale non r\u00e9glement\u00e9e) seul\u003C\/strong\u003E\u003C\/p\u003E\u003C\/td\u003E\u003Ctd width=\u0022170\u0022 valign=\u0022top\u0022\u003E\u003Cp\u003E\u003Cstrong\u003E47\u0026nbsp;100\u0026nbsp;\u20ac (1\u0026nbsp;Pass)\u003C\/strong\u003E\u003C\/p\u003E\u003C\/td\u003E\u003Ctd width=\u002276\u0022 valign=\u0022top\u0022\u003E\u003Cp\u003E\u003Cstrong\u003E0,25\u0026nbsp;%\u003C\/strong\u003E\u003C\/p\u003E\u003C\/td\u003E\u003Ctd width=\u0022189\u0022 valign=\u0022top\u0022\u003E\u003Cp\u003E\u003Cstrong\u003E118\u0026nbsp;\u20ac\u003C\/strong\u003E\u003C\/p\u003E\u003C\/td\u003E\u003C\/tr\u003E\u003Ctr\u003E\u003Ctd width=\u0022208\u0022 valign=\u0022top\u0022\u003E\u003Cp\u003E\u003Cstrong\u003ECFP -\u0026nbsp;contribution formation professionnelle due au titre de 2025\u0026nbsp;payable en novembre 2025 - Commer\u00e7ant (ou profession lib\u00e9rale non r\u00e9glement\u00e9e) et conjoint collaborateur\u003C\/strong\u003E\u003C\/p\u003E\u003C\/td\u003E\u003Ctd width=\u0022170\u0022 valign=\u0022top\u0022\u003E\u003Cp\u003E\u003Cstrong\u003E47\u0026nbsp;100\u0026nbsp;\u20ac (1\u0026nbsp;Pass)\u003C\/strong\u003E\u003C\/p\u003E\u003C\/td\u003E\u003Ctd width=\u002276\u0022 valign=\u0022top\u0022\u003E\u003Cp\u003E\u003Cstrong\u003E0,34\u0026nbsp;%\u003C\/strong\u003E\u003C\/p\u003E\u003C\/td\u003E\u003Ctd width=\u0022189\u0022 valign=\u0022top\u0022\u003E\u003Cp\u003E\u003Cstrong\u003E160\u0026nbsp;\u20ac\u003C\/strong\u003E\u003C\/p\u003E\u003C\/td\u003E\u003C\/tr\u003E\u003Ctr\u003E\u003Ctd width=\u0022208\u0022 valign=\u0022top\u0022\u003E\u003Cp\u003E\u003Cstrong\u003ECFP -\u0026nbsp;contribution formation professionnelle due au titre de 2025\u0026nbsp;payable en novembre 2025 - Artisan\u003C\/strong\u003E\u003C\/p\u003E\u003C\/td\u003E\u003Ctd width=\u0022170\u0022 valign=\u0022top\u0022\u003E\u003Cp\u003E\u003Cstrong\u003E47\u0026nbsp;100\u0026nbsp;\u20ac (1\u0026nbsp;Pass)\u003C\/strong\u003E\u003C\/p\u003E\u003C\/td\u003E\u003Ctd width=\u002276\u0022 valign=\u0022top\u0022\u003E\u003Cp\u003E\u003Cstrong\u003E0,29\u0026nbsp;%\u003C\/strong\u003E\u003C\/p\u003E\u003C\/td\u003E\u003Ctd width=\u0022189\u0022 valign=\u0022top\u0022\u003E\u003Cp\u003E\u003Cstrong\u003E137\u0026nbsp;\u20ac\u003C\/strong\u003E\u003C\/p\u003E\u003C\/td\u003E\u003C\/tr\u003E\u003C\/tbody\u003E\u003C\/table\u003E\u003Cp\u003E\u0026nbsp;\u003C\/p\u003E\u003Cp\u003E\u003Cstrong\u003E4\/. Cotisations et assiette 2025 de cotisations sociales professions lib\u00e9rales non r\u00e9glement\u00e9es\u0026nbsp;\u003C\/strong\u003E\u003C\/p\u003E\u003Cp\u003EPremi\u00e8re ou deuxi\u00e8me ann\u00e9e d\u0027activit\u00e9 en 2025\u003C\/p\u003E\u003Cp\u003EEn cas de cr\u00e9ation d\u2019entreprise en 2025, l\u2019exon\u00e9ration Acre peut \u00eatre accord\u00e9e sous certaines conditions pendant 12\u0026nbsp;mois.\u003C\/p\u003E\u003Cp\u003E\u0026nbsp;\u003C\/p\u003E\u003Ctable border=\u00221\u0022 cellspacing=\u00220\u0022 cellpadding=\u00220\u0022 width=\u0022605\u0022\u003E\u003Ctbody\u003E\u003Ctr\u003E\u003Ctd width=\u0022605\u0022 colspan=\u00222\u0022 valign=\u0022top\u0022\u003E\u003Cp\u003E\u003Cstrong\u003EExon\u00e9ration Acre selon les revenus\u003C\/strong\u003E\u003C\/p\u003E\u003C\/td\u003E\u003C\/tr\u003E\u003Ctr\u003E\u003Ctd valign=\u0022top\u0022\u003E\u003Cp\u003E\u003Cstrong\u003EMontant du revenu\u003C\/strong\u003E\u003C\/p\u003E\u003C\/td\u003E\u003Ctd width=\u0022106\u0022 valign=\u0022top\u0022\u003E\u003Cp\u003E\u003Cstrong\u003ENature de l\u2019exon\u00e9ration\u003C\/strong\u003E\u003C\/p\u003E\u003C\/td\u003E\u003C\/tr\u003E\u003Ctr\u003E\u003Ctd valign=\u0022top\u0022\u003E\u003Cp\u003E\u003Cstrong\u003ERevenu \u0026lt; 35\u0026nbsp;325\u0026nbsp;\u20ac (75\u0026nbsp;% du Pass)\u003C\/strong\u003E\u003C\/p\u003E\u003C\/td\u003E\u003Ctd width=\u0022106\u0022 valign=\u0022top\u0022\u003E\u003Cp\u003E\u003Cstrong\u003EExon\u00e9ration totale de ces cotisations\u003C\/strong\u003E\u003C\/p\u003E\u003C\/td\u003E\u003C\/tr\u003E\u003Ctr\u003E\u003Ctd valign=\u0022top\u0022\u003E\u003Cp\u003E\u003Cstrong\u003E35\u0026nbsp;325\u0026nbsp;\u20ac \u0026lt; revenu \u0026lt; 47\u0026nbsp;100\u0026nbsp;\u20ac\u0026nbsp;(75\u0026nbsp;% du Pass \u0026lt; revenu \u0026lt; 100\u0026nbsp;% du Pass)\u003C\/strong\u003E\u003C\/p\u003E\u003C\/td\u003E\u003Ctd width=\u0022106\u0022 valign=\u0022top\u0022\u003E\u003Cp\u003E\u003Cstrong\u003EExon\u00e9ration d\u00e9gressive\u003C\/strong\u003E\u003C\/p\u003E\u003C\/td\u003E\u003C\/tr\u003E\u003Ctr\u003E\u003Ctd valign=\u0022top\u0022\u003E\u003Cp\u003E\u003Cstrong\u003ERevenu \u0026gt; 47\u0026nbsp;100\u0026nbsp;\u20ac (1\u0026nbsp;Pass)\u003C\/strong\u003E\u003C\/p\u003E\u003C\/td\u003E\u003Ctd width=\u0022106\u0022 valign=\u0022top\u0022\u003E\u003Cp\u003E\u003Cstrong\u003EPas d\u2019exon\u00e9ration\u003C\/strong\u003E\u003C\/p\u003E\u003C\/td\u003E\u003C\/tr\u003E\u003C\/tbody\u003E\u003C\/table\u003E\u003Cp\u003EDurant cette p\u00e9riode,\u0026nbsp;les cotisations non exon\u00e9r\u00e9es sont calcul\u00e9es sur une base forfaitaire (montant proratis\u00e9 pour un d\u00e9but d\u2019activit\u00e9 en cours d\u2019ann\u00e9e 2025, sauf la\u0026nbsp;CFP\u0026nbsp;qui est forfaitaire).\u003C\/p\u003E\u003Ctable border=\u00221\u0022 cellspacing=\u00220\u0022 cellpadding=\u00220\u0022 width=\u0022656\u0022\u003E\u003Ctbody\u003E\u003Ctr\u003E\u003Ctd width=\u0022586\u0022 colspan=\u00223\u0022 valign=\u0022top\u0022\u003E\u003Cp\u003E\u003Cstrong\u003ECotisations non exon\u00e9r\u00e9es, calcul\u00e9es sur la base forfaitaire\u003C\/strong\u003E\u003C\/p\u003E\u003C\/td\u003E\u003Ctd width=\u002270\u0022\u003E\u003Cp\u003E\u0026nbsp;\u003C\/p\u003E\u003C\/td\u003E\u003C\/tr\u003E\u003Ctr\u003E\u003Ctd valign=\u0022top\u0022\u003E\u003Cp\u003E\u003Cstrong\u003ECotisations\u003C\/strong\u003E\u003C\/p\u003E\u003C\/td\u003E\u003Ctd valign=\u0022top\u0022\u003E\u003Cp\u003E\u003Cstrong\u003EBase forfaitaire de calcul\u003C\/strong\u003E\u003C\/p\u003E\u003C\/td\u003E\u003Ctd width=\u002217\u0022 valign=\u0022top\u0022\u003E\u003Cp\u003E\u003Cstrong\u003ETaux\u003C\/strong\u003E\u003C\/p\u003E\u003C\/td\u003E\u003Ctd width=\u002270\u0022 valign=\u0022top\u0022\u003E\u003Cp\u003E\u003Cstrong\u003EMontant annuel\u003C\/strong\u003E\u003C\/p\u003E\u003C\/td\u003E\u003C\/tr\u003E\u003Ctr\u003E\u003Ctd valign=\u0022top\u0022\u003E\u003Cp\u003E\u003Cstrong\u003ERetraite compl\u00e9mentaire\u003C\/strong\u003E\u003C\/p\u003E\u003C\/td\u003E\u003Ctd valign=\u0022top\u0022\u003E\u003Cp\u003E\u003Cstrong\u003E8\u0026nbsp;949\u0026nbsp;\u20ac (19\u0026nbsp;% du Pass)\u003C\/strong\u003E\u003C\/p\u003E\u003C\/td\u003E\u003Ctd width=\u002217\u0022 valign=\u0022top\u0022\u003E\u003Cp\u003E\u003Cstrong\u003E7\u0026nbsp;%\u003C\/strong\u003E\u003C\/p\u003E\u003C\/td\u003E\u003Ctd width=\u002270\u0022 valign=\u0022top\u0022\u003E\u003Cp\u003E\u003Cstrong\u003E626\u0026nbsp;\u20ac\u003C\/strong\u003E\u003C\/p\u003E\u003C\/td\u003E\u003C\/tr\u003E\u003Ctr\u003E\u003Ctd valign=\u0022top\u0022\u003E\u003Cp\u003E\u003Cstrong\u003ECSG-CRDS\u003C\/strong\u003E\u003C\/p\u003E\u003C\/td\u003E\u003Ctd valign=\u0022top\u0022\u003E\u003Cp\u003E\u003Cstrong\u003E8\u0026nbsp;949\u0026nbsp;\u20ac (19\u0026nbsp;% du Pass)\u003C\/strong\u003E\u003C\/p\u003E\u003C\/td\u003E\u003Ctd width=\u002217\u0022 valign=\u0022top\u0022\u003E\u003Cp\u003E\u003Cstrong\u003E9,7\u0026nbsp;%\u003C\/strong\u003E\u003C\/p\u003E\u003C\/td\u003E\u003Ctd width=\u002270\u0022 valign=\u0022top\u0022\u003E\u003Cp\u003E\u003Cstrong\u003E868\u0026nbsp;\u20ac\u003C\/strong\u003E\u003C\/p\u003E\u003C\/td\u003E\u003C\/tr\u003E\u003Ctr\u003E\u003Ctd valign=\u0022top\u0022\u003E\u003Cp\u003E\u003Cstrong\u003EFormation professionnelle (CFP) pour les artisans\u003C\/strong\u003E\u003C\/p\u003E\u003C\/td\u003E\u003Ctd valign=\u0022top\u0022\u003E\u003Cp\u003E\u003Cstrong\u003E47\u0026nbsp;100\u0026nbsp;\u20ac (1\u0026nbsp;Pass)\u003C\/strong\u003E\u003C\/p\u003E\u003C\/td\u003E\u003Ctd width=\u002217\u0022 valign=\u0022top\u0022\u003E\u003Cp\u003E\u003Cstrong\u003E0,29\u0026nbsp;%\u003C\/strong\u003E\u003C\/p\u003E\u003C\/td\u003E\u003Ctd width=\u002270\u0022 valign=\u0022top\u0022\u003E\u003Cp\u003E\u003Cstrong\u003E137\u0026nbsp;\u20ac\u003C\/strong\u003E\u003C\/p\u003E\u003C\/td\u003E\u003C\/tr\u003E\u003Ctr\u003E\u003Ctd valign=\u0022top\u0022\u003E\u003Cp\u003E\u003Cstrong\u003EFormation professionnelle (CFP) pour les commer\u00e7ants et professions lib\u00e9rales non r\u00e9glement\u00e9es seuls\u003C\/strong\u003E\u003C\/p\u003E\u003C\/td\u003E\u003Ctd valign=\u0022top\u0022\u003E\u003Cp\u003E\u003Cstrong\u003E47\u0026nbsp;100\u0026nbsp;\u20ac (1\u0026nbsp;Pass)\u003C\/strong\u003E\u003C\/p\u003E\u003C\/td\u003E\u003Ctd width=\u002217\u0022 valign=\u0022top\u0022\u003E\u003Cp\u003E\u003Cstrong\u003E0,25\u0026nbsp;%\u003C\/strong\u003E\u003C\/p\u003E\u003C\/td\u003E\u003Ctd width=\u002270\u0022 valign=\u0022top\u0022\u003E\u003Cp\u003E\u003Cstrong\u003E118\u0026nbsp;\u20ac\u003C\/strong\u003E\u003C\/p\u003E\u003C\/td\u003E\u003C\/tr\u003E\u003Ctr\u003E\u003Ctd valign=\u0022top\u0022\u003E\u003Cp\u003E\u003Cstrong\u003EFormation professionnelle (CFP) pour les commer\u00e7ants et professions lib\u00e9rales non r\u00e9glement\u00e9es\u0026nbsp;+ conjoint collaborateur\u003C\/strong\u003E\u003C\/p\u003E\u003C\/td\u003E\u003Ctd valign=\u0022top\u0022\u003E\u003Cp\u003E\u003Cstrong\u003E47\u0026nbsp;100\u0026nbsp;\u20ac (1\u0026nbsp;Pass)\u003C\/strong\u003E\u003C\/p\u003E\u003C\/td\u003E\u003Ctd width=\u002217\u0022 valign=\u0022top\u0022\u003E\u003Cp\u003E\u003Cstrong\u003E0,34\u0026nbsp;%\u003C\/strong\u003E\u003C\/p\u003E\u003C\/td\u003E\u003Ctd width=\u002270\u0022 valign=\u0022top\u0022\u003E\u003Cp\u003E\u003Cstrong\u003E160\u0026nbsp;\u20ac\u003C\/strong\u003E\u003C\/p\u003E\u003C\/td\u003E\u003C\/tr\u003E\u003C\/tbody\u003E\u003C\/table\u003E\u003Cp\u003EEn cas d\u2019exon\u00e9ration Acre d\u00e9gressive ou en cas d\u0027absence d\u2019exon\u00e9ration Acre, un compl\u00e9ment de cotisations non exon\u00e9r\u00e9es en 2026\u0026nbsp;sera r\u00e9clam\u00e9, apr\u00e8s la r\u00e9alisation de la d\u00e9claration de revenus.\u003C\/p\u003E\u003Cp\u003E\u0026nbsp;\u003C\/p\u003E\u003Ctable border=\u00221\u0022 cellspacing=\u00220\u0022 cellpadding=\u00220\u0022 width=\u0022623\u0022\u003E\u003Ctbody\u003E\u003Ctr\u003E\u003Ctd width=\u0022623\u0022 colspan=\u00224\u0022 valign=\u0022top\u0022\u003E\u003Cp\u003E\u003Cstrong\u003EMontants des cotisations de la 1\u00e8re ann\u00e9e d\u0027activit\u00e9 en 2025 sans exon\u00e9ration Acre\u003C\/strong\u003E\u003C\/p\u003E\u003C\/td\u003E\u003C\/tr\u003E\u003Ctr\u003E\u003Ctd width=\u0022309\u0022 valign=\u0022top\u0022\u003E\u003Cp\u003E\u003Cstrong\u003ECotisations\u003C\/strong\u003E\u003C\/p\u003E\u003C\/td\u003E\u003Ctd width=\u002267\u0022 valign=\u0022top\u0022\u003E\u003Cp\u003E\u003Cstrong\u003EBase de calcul\u003C\/strong\u003E\u003C\/p\u003E\u003C\/td\u003E\u003Ctd valign=\u0022top\u0022\u003E\u003Cp\u003E\u003Cstrong\u003ETaux\u003C\/strong\u003E\u003C\/p\u003E\u003C\/td\u003E\u003Ctd width=\u0022189\u0022 valign=\u0022top\u0022\u003E\u003Cp\u003E\u003Cstrong\u003EMontant de la cotisation\u003C\/strong\u003E\u003C\/p\u003E\u003C\/td\u003E\u003C\/tr\u003E\u003Ctr\u003E\u003Ctd width=\u0022309\u0022 valign=\u0022top\u0022\u003E\u003Cp\u003E\u003Cstrong\u003ERetraite de base\u003C\/strong\u003E\u003C\/p\u003E\u003C\/td\u003E\u003Ctd width=\u002267\u0022 valign=\u0022top\u0022\u003E\u003Cp\u003E\u003Cstrong\u003E8\u0026nbsp;949\u0026nbsp;\u20ac (19\u0026nbsp;% du Pass)\u003C\/strong\u003E\u003C\/p\u003E\u003C\/td\u003E\u003Ctd valign=\u0022top\u0022\u003E\u0026nbsp;\u003C\/td\u003E\u003Ctd width=\u0022189\u0022 valign=\u0022top\u0022\u003E\u003Cp\u003E\u003Cstrong\u003E1\u0026nbsp;588\u0026nbsp;\u20ac\u003C\/strong\u003E\u003C\/p\u003E\u003C\/td\u003E\u003C\/tr\u003E\u003Ctr\u003E\u003Ctd width=\u0022309\u0022 valign=\u0022top\u0022\u003E\u003Cp\u003E\u003Cstrong\u003ERetraite compl\u00e9mentaire\u003C\/strong\u003E\u003C\/p\u003E\u003C\/td\u003E\u003Ctd width=\u002267\u0022 valign=\u0022top\u0022\u003E\u003Cp\u003E\u003Cstrong\u003E8\u0026nbsp;949\u0026nbsp;\u20ac (19\u0026nbsp;% du Pass)\u003C\/strong\u003E\u003C\/p\u003E\u003C\/td\u003E\u003Ctd valign=\u0022top\u0022\u003E\u0026nbsp;\u003C\/td\u003E\u003Ctd width=\u0022189\u0022 valign=\u0022top\u0022\u003E\u003Cp\u003E\u003Cstrong\u003E626\u0026nbsp;\u20ac\u003C\/strong\u003E\u003C\/p\u003E\u003C\/td\u003E\u003C\/tr\u003E\u003Ctr\u003E\u003Ctd width=\u0022309\u0022 valign=\u0022top\u0022\u003E\u003Cp\u003E\u003Cstrong\u003EInvalidit\u00e9 - d\u00e9c\u00e8s\u003C\/strong\u003E\u003C\/p\u003E\u003C\/td\u003E\u003Ctd width=\u002267\u0022 valign=\u0022top\u0022\u003E\u003Cp\u003E\u003Cstrong\u003E8\u0026nbsp;949\u0026nbsp;\u20ac (19\u0026nbsp;% du Pass)\u003C\/strong\u003E\u003C\/p\u003E\u003C\/td\u003E\u003Ctd valign=\u0022top\u0022\u003E\u0026nbsp;\u003C\/td\u003E\u003Ctd width=\u0022189\u0022 valign=\u0022top\u0022\u003E\u003Cp\u003E\u003Cstrong\u003E116\u0026nbsp;\u20ac\u003C\/strong\u003E\u003C\/p\u003E\u003C\/td\u003E\u003C\/tr\u003E\u003Ctr\u003E\u003Ctd width=\u0022309\u0022 valign=\u0022top\u0022\u003E\u003Cp\u003E\u003Cstrong\u003EMaladie (y compris indemnit\u00e9s journali\u00e8res)\u003C\/strong\u003E\u003C\/p\u003E\u003C\/td\u003E\u003Ctd width=\u002267\u0022 valign=\u0022top\u0022\u003E\u003Cp\u003E\u003Cstrong\u003E18\u0026nbsp;840\u0026nbsp;\u20ac (40\u0026nbsp;% du Pass)\u003C\/strong\u003E\u003C\/p\u003E\u003C\/td\u003E\u003Ctd valign=\u0022top\u0022\u003E\u0026nbsp;\u003C\/td\u003E\u003Ctd width=\u0022189\u0022 valign=\u0022top\u0022\u003E\u003Cp\u003E\u003Cstrong\u003E94\u0026nbsp;\u20ac\u003C\/strong\u003E\u003C\/p\u003E\u003C\/td\u003E\u003C\/tr\u003E\u003Ctr\u003E\u003Ctd width=\u0022309\u0022 valign=\u0022top\u0022\u003E\u003Cp\u003E\u003Cstrong\u003EAllocations familiales\u003C\/strong\u003E\u003C\/p\u003E\u003C\/td\u003E\u003Ctd width=\u002267\u0022 valign=\u0022top\u0022\u003E\u003Cp\u003E\u003Cstrong\u003E8\u0026nbsp;949\u0026nbsp;\u20ac (19\u0026nbsp;% du Pass)\u003C\/strong\u003E\u003C\/p\u003E\u003C\/td\u003E\u003Ctd valign=\u0022top\u0022\u003E\u0026nbsp;\u003C\/td\u003E\u003Ctd width=\u0022189\u0022 valign=\u0022top\u0022\u003E\u003Cp\u003E\u003Cstrong\u003E0\u0026nbsp;\u20ac\u003C\/strong\u003E\u003C\/p\u003E\u003C\/td\u003E\u003C\/tr\u003E\u003Ctr\u003E\u003Ctd width=\u0022309\u0022 valign=\u0022top\u0022\u003E\u003Cp\u003E\u003Cstrong\u003ECSG-CRDS\u003C\/strong\u003E\u003C\/p\u003E\u003C\/td\u003E\u003Ctd width=\u002267\u0022 valign=\u0022top\u0022\u003E\u003Cp\u003E\u003Cstrong\u003E8\u0026nbsp;949\u0026nbsp;\u20ac (19\u0026nbsp;% du Pass)\u003C\/strong\u003E\u003C\/p\u003E\u003C\/td\u003E\u003Ctd valign=\u0022top\u0022\u003E\u0026nbsp;\u003C\/td\u003E\u003Ctd width=\u0022189\u0022 valign=\u0022top\u0022\u003E\u003Cp\u003E\u003Cstrong\u003E868\u0026nbsp;\u20ac\u003C\/strong\u003E\u003C\/p\u003E\u003C\/td\u003E\u003C\/tr\u003E\u003Ctr\u003E\u003Ctd width=\u0022309\u0022 valign=\u0022top\u0022\u003E\u003Cp\u003E\u003Cstrong\u003ECFP au titre de 2025\u0026nbsp;payable en novembre 2025 - Commer\u00e7ant ou profession\u0026nbsp;lib\u00e9rale\u0026nbsp;non r\u00e9glement\u00e9e\u003C\/strong\u003E\u003C\/p\u003E\u003C\/td\u003E\u003Ctd width=\u002267\u0022 valign=\u0022top\u0022\u003E\u003Cp\u003E\u003Cstrong\u003E47\u0026nbsp;100\u0026nbsp;\u20ac (1\u0026nbsp;Pass)\u003C\/strong\u003E\u003C\/p\u003E\u003C\/td\u003E\u003Ctd valign=\u0022top\u0022\u003E\u003Cp\u003E\u003Cstrong\u003E0,25\u0026nbsp;%\u003C\/strong\u003E\u003C\/p\u003E\u003C\/td\u003E\u003Ctd width=\u0022189\u0022 valign=\u0022top\u0022\u003E\u003Cp\u003E\u003Cstrong\u003E118\u0026nbsp;\u20ac\u003C\/strong\u003E\u003C\/p\u003E\u003C\/td\u003E\u003C\/tr\u003E\u003Ctr\u003E\u003Ctd width=\u0022309\u0022 valign=\u0022top\u0022\u003E\u003Cp\u003E\u003Cstrong\u003ECFP au titre de 2025\u0026nbsp;payable en novembre 2025 - Commer\u00e7ant ou profession lib\u00e9rale non r\u00e9glement\u00e9e et conjoint collaborateur\u003C\/strong\u003E\u003C\/p\u003E\u003C\/td\u003E\u003Ctd width=\u002267\u0022 valign=\u0022top\u0022\u003E\u003Cp\u003E\u003Cstrong\u003E47\u0026nbsp;100\u0026nbsp;\u20ac (1\u0026nbsp;Pass)\u003C\/strong\u003E\u003C\/p\u003E\u003C\/td\u003E\u003Ctd valign=\u0022top\u0022\u003E\u003Cp\u003E\u003Cstrong\u003E0,34\u0026nbsp;%\u003C\/strong\u003E\u003C\/p\u003E\u003C\/td\u003E\u003Ctd width=\u0022189\u0022 valign=\u0022top\u0022\u003E\u003Cp\u003E\u003Cstrong\u003E160\u0026nbsp;\u20ac\u003C\/strong\u003E\u003C\/p\u003E\u003C\/td\u003E\u003C\/tr\u003E\u003Ctr\u003E\u003Ctd width=\u0022309\u0022 valign=\u0022top\u0022\u003E\u003Cp\u003E\u003Cstrong\u003ECFP au titre de 2025\u0026nbsp;payable en novembre 2025 - Artisan\u003C\/strong\u003E\u003C\/p\u003E\u003C\/td\u003E\u003Ctd width=\u002267\u0022 valign=\u0022top\u0022\u003E\u003Cp\u003E\u003Cstrong\u003E47\u0026nbsp;100\u0026nbsp;\u20ac (1\u0026nbsp;Pass)\u003C\/strong\u003E\u003C\/p\u003E\u003C\/td\u003E\u003Ctd valign=\u0022top\u0022\u003E\u003Cp\u003E\u003Cstrong\u003E0,29\u0026nbsp;%\u003C\/strong\u003E\u003C\/p\u003E\u003C\/td\u003E\u003Ctd width=\u0022189\u0022 valign=\u0022top\u0022\u003E\u003Cp\u003E\u003Cstrong\u003E137\u0026nbsp;\u20ac\u003C\/strong\u003E\u003C\/p\u003E\u003C\/td\u003E\u003C\/tr\u003E\u003Ctr\u003E\u003Ctd width=\u0022309\u0022 valign=\u0022top\u0022\u003E\u003Cp\u003E\u003Cstrong\u003EMontant total des cotisations (hors cotisation formation)\u003C\/strong\u003E\u003C\/p\u003E\u003C\/td\u003E\u003Ctd width=\u002267\u0022 valign=\u0022top\u0022\u003E\u0026nbsp;\u003C\/td\u003E\u003Ctd valign=\u0022top\u0022\u003E\u0026nbsp;\u003C\/td\u003E\u003Ctd width=\u0022189\u0022 valign=\u0022top\u0022\u003E\u003Cp\u003E\u003Cstrong\u003E3\u0026nbsp;292 \u20ac\u003C\/strong\u003E\u003C\/p\u003E\u003C\/td\u003E\u003C\/tr\u003E\u003C\/tbody\u003E\u003C\/table\u003E\u003Cp\u003E\u0026nbsp;\u003C\/p\u003E                                            \u003Cp\u003E\u003Cbr \/\u003E\u003Cstrong\u003ESource :\u003C\/strong\u003E\u003Cstrong\u003E\u00a0\u003C\/strong\u003E\u003C\/p\u003E\u003Cul\u003E\u003Cli\u003E\u003Ca href=\u0022https:\/\/www.urssaf.fr\/accueil\/outils-documentation\/taux-baremes\/taux-cotisations-ac-plnr.html\u0022 target=\u0022_blank\u0022\u003ETaux de cotisations - Artisan, commer\u00e7ant et profession lib\u00e9rale non r\u00e9glement\u00e9e - Urssaf.fr\u003C\/a\u003E\u003C\/li\u003E\u003C\/ul\u003E\u003C\/div\u003E","annee":"2025","theme":" Indices, taux, bar\u00e8mes sociaux","activites":["Professionnels du divertissement"],"image":"https:\/\/www.weblex.fr\/sites\/default\/files\/chiffres_clef\/Shutterstock_csliberauxnonreglementes.jpg","created":"2025-12-01","modified":"2025-12-30"},{"url":"\/chiffres-cles\/tableau-des-cotisations-sociales-dues-par-les-experts-comptables-et-comptables-agrees-annee-2025","id":27023,"title":"Tableau des cotisations sociales dues par les experts-comptables et comptables agr\u00e9\u00e9s - Ann\u00e9e 2025","content":"\u003Cdiv\u003E                                              \u003Cp\u003EL\u2019article 18 de la loi de financement de la S\u00e9curit\u00e9 sociale pour 2024 (\u003Ca href=\u0022https:\/\/www.legifrance.gouv.fr\/jorf\/id\/JORFTEXT000048668665\u0022 target=\u0022_blank\u0022\u003Eloi n\u00b0 2023-1250 du 26 d\u00e9cembre 2023\u003C\/a\u003E) modifie la base de calcul des cotisations et contributions sociales des travailleurs ind\u00e9pendants. Cette r\u00e9forme s\u2019appliquera lors de la r\u00e9gularisation des cotisations de l\u2019ann\u00e9e 2025, c\u2019est-\u00e0-dire apr\u00e8s la d\u00e9claration des revenus 2025, en 2026.\u003C\/p\u003E\u003Cp\u003ELe d\u00e9cret n\u00b0 2024-688 du 5 juillet 2024 ajuste quant \u00e0 lui le bar\u00e8me des cotisations des travailleurs ind\u00e9pendants, en coh\u00e9rence avec cette nouvelle assiette. Ces nouveaux bar\u00e8mes entreront en vigueur au m\u00eame moment que la r\u00e9forme de l\u2019assiette sociale, soit en avril 2026, lors de l\u2019ouverture de la campagne de d\u00e9claration des revenus 2025.\u003C\/p\u003E\u003Cp\u003ELes bar\u00e8mes pr\u00e9sent\u00e9s ci-dessous pour l\u2019ann\u00e9e 2025 ne tiennent donc pas compte de cette r\u00e9forme.\u003Cbr\u003E\u003Cbr\u003E\u0026nbsp;\u003C\/p\u003E\u003Ch2\u003E\u003Cstrong\u003E1\/. Assiette et taux de cotisations\u003C\/strong\u003E\u0026nbsp;\u003Cbr\u003E\u0026nbsp;\u003C\/h2\u003E\u003Ctable class=\u0022Table\u0022 width=\u0022652\u0022\u003E\u003Ctbody\u003E\u003Ctr\u003E\u003Ctd\u003E\u003Cp align=\u0022center\u0022\u003E\u003Cstrong\u003ECotisation\u003C\/strong\u003E\u003C\/p\u003E\u003C\/td\u003E\u003Ctd\u003E\u003Cp align=\u0022center\u0022\u003E\u003Cstrong\u003EBase de calcul\u003C\/strong\u003E\u003C\/p\u003E\u003C\/td\u003E\u003Ctd\u003E\u003Cp align=\u0022center\u0022\u003E\u003Cstrong\u003ETaux\/Montant\u003C\/strong\u003E\u003C\/p\u003E\u003C\/td\u003E\u003C\/tr\u003E\u003Ctr\u003E\u003Ctd rowspan=\u00224\u0022\u003E\u003Cp align=\u0022center\u0022\u003EMaladie-maternit\u00e9\u003C\/p\u003E\u003C\/td\u003E\u003Ctd\u003E\u003Cp align=\u0022center\u0022\u003E\u003Cstrong\u003ERevenus inf\u00e9rieurs \u00e0 18\u0026nbsp;840\u0026nbsp;\u20ac\u0026nbsp;(soit 40 % du plafond annuel de la S\u00e9curit\u00e9 sociale)\u003C\/strong\u003E\u003C\/p\u003E\u003C\/td\u003E\u003Ctd\u003E\u003Cp align=\u0022center\u0022\u003E0 %\u003C\/p\u003E\u003C\/td\u003E\u003C\/tr\u003E\u003Ctr\u003E\u003Ctd\u003E\u003Cp align=\u0022center\u0022\u003E\u003Cstrong\u003ERevenus compris entre 18\u0026nbsp;840\u0026nbsp;\u20ac (40\u0026nbsp;% du Pass) et 28\u0026nbsp;260\u0026nbsp;\u20ac (60\u0026nbsp;% du Pass)\u003C\/strong\u003E\u003C\/p\u003E\u003C\/td\u003E\u003Ctd\u003E\u003Cp align=\u0022center\u0022\u003ETaux progressif de 0 \u00e0 4 %\u003C\/p\u003E\u003C\/td\u003E\u003C\/tr\u003E\u003Ctr\u003E\u003Ctd\u003E\u003Cp align=\u0022center\u0022\u003E\u003Cstrong\u003ERevenus sup\u00e9rieurs \u00e0 28\u0026nbsp;260\u0026nbsp;\u20ac (60\u0026nbsp;% du Pass) et jusqu\u2019\u00e0 51\u0026nbsp;810\u0026nbsp;\u20ac (110\u0026nbsp;% du Pass)\u003C\/strong\u003E\u003C\/p\u003E\u003C\/td\u003E\u003Ctd\u003E\u003Cp align=\u0022center\u0022\u003ETaux progressif de 4 \u00e0 6,50 %\u003C\/p\u003E\u003C\/td\u003E\u003C\/tr\u003E\u003Ctr\u003E\u003Ctd\u003E\u003Cp align=\u0022center\u0022\u003E\u003Cstrong\u003ERevenus sup\u00e9rieurs \u00e0 51\u0026nbsp;810\u0026nbsp;\u20ac (110\u0026nbsp;% du Pass)\u003C\/strong\u003E\u003C\/p\u003E\u003C\/td\u003E\u003Ctd\u003E\u003Cp align=\u0022center\u0022\u003E6,50 %\u003C\/p\u003E\u003C\/td\u003E\u003C\/tr\u003E\u003Ctr\u003E\u003Ctd\u003E\u003Cp align=\u0022center\u0022\u003E\u003Ca\u003EIndemnit\u00e9s journali\u00e8res\u003C\/a\u003E\u003C\/p\u003E\u003C\/td\u003E\u003Ctd\u003E\u003Cp\u003E\u003Cstrong\u003E\u0026nbsp; \u0026nbsp; Dans la limite de 141\u0026nbsp;300\u0026nbsp;\u20ac \u0026nbsp; \u0026nbsp; (3\u0026nbsp;Pass)\u003C\/strong\u003E\u003C\/p\u003E\u003C\/td\u003E\u003Ctd\u003E\u003Cp align=\u0022center\u0022\u003E0,30 %\u003C\/p\u003E\u003C\/td\u003E\u003C\/tr\u003E\u003Ctr\u003E\u003Ctd rowspan=\u00223\u0022\u003E\u003Cp align=\u0022center\u0022\u003EAllocations familiales\u003C\/p\u003E\u003C\/td\u003E\u003Ctd\u003E\u003Cp align=\u0022center\u0022\u003E\u003Cstrong\u003ERevenus\u0026nbsp;inf\u00e9rieurs \u00e0 51\u0026nbsp;810\u0026nbsp;\u20ac (110\u0026nbsp;% du Pass)\u003C\/strong\u003E\u003C\/p\u003E\u003C\/td\u003E\u003Ctd\u003E\u003Cp align=\u0022center\u0022\u003E0 %\u003C\/p\u003E\u003C\/td\u003E\u003C\/tr\u003E\u003Ctr\u003E\u003Ctd\u003E\u003Cp align=\u0022center\u0022\u003E\u003Cstrong\u003ERevenus compris entre 51\u0026nbsp;810\u0026nbsp;\u20ac et 65\u0026nbsp;940\u0026nbsp;\u20ac (110\u0026nbsp;% et 140\u0026nbsp;% du Pass)\u003C\/strong\u003E\u003C\/p\u003E\u003C\/td\u003E\u003Ctd\u003E\u003Cp align=\u0022center\u0022\u003ETaux progressif\u0026nbsp;: entre 0 % et 3,10 %\u003C\/p\u003E\u003C\/td\u003E\u003C\/tr\u003E\u003Ctr\u003E\u003Ctd\u003E\u003Cp align=\u0022center\u0022\u003E\u003Cstrong\u003ERevenus sup\u00e9rieurs \u00e0 65\u0026nbsp;940\u0026nbsp;\u20ac (140\u0026nbsp;% du Pass)\u003C\/strong\u003E\u003C\/p\u003E\u003C\/td\u003E\u003Ctd\u003E\u003Cp align=\u0022center\u0022\u003E3,10 %\u003C\/p\u003E\u003C\/td\u003E\u003C\/tr\u003E\u003Ctr\u003E\u003Ctd rowspan=\u00223\u0022\u003E\u003Cp align=\u0022center\u0022\u003ERetraite de base\u003C\/p\u003E\u003C\/td\u003E\u003Ctd\u003E\u003Cp align=\u0022center\u0022\u003E\u003Cstrong\u003ERevenus de 2024 inf\u00e9rieurs \u00e0 5 346 \u20ac\u003C\/strong\u003E\u003C\/p\u003E\u003C\/td\u003E\u003Ctd\u003E\u003Cp align=\u0022center\u0022\u003E\u0026nbsp;540 \u20ac (cotisation minimale)\u003C\/p\u003E\u003C\/td\u003E\u003C\/tr\u003E\u003Ctr\u003E\u003Ctd\u003E\u003Cp align=\u0022center\u0022\u003E\u003Cstrong\u003ERevenus de 2024\u0026nbsp;de 5\u0026nbsp;346 \u20ac \u00e0 235 500 \u20ac\u0026nbsp;\u003C\/strong\u003E\u003C\/p\u003E\u003C\/td\u003E\u003Ctd\u003E\u003Cp align=\u0022center\u0022\u003E8,23 % des revenus jusqu\u2019\u00e0 47 100 \u20ac (plafond de la tranche 1)\u003C\/p\u003E\u003Cp\u003E1,87 % des revenus compris entre 0 \u20ac et 235 500 \u20ac (plafond de la tranche 2)\u003C\/p\u003E\u003C\/td\u003E\u003C\/tr\u003E\u003Ctr\u003E\u003Ctd\u003E\u003Cp align=\u0022center\u0022\u003E\u003Cstrong\u003ERevenus de 2024 sup\u00e9rieurs ou \u00e9gaux \u00e0 235 500 \u20ac ou revenus non d\u00e9clar\u00e9s\u0026nbsp;\u003C\/strong\u003E\u003C\/p\u003E\u003C\/td\u003E\u003Ctd\u003E\u003Cp align=\u0022center\u0022\u003E3 876 \u20ac (maximum de la tranche 1)\u0026nbsp;\u003C\/p\u003E\u003Cp align=\u0022center\u0022\u003E+ 4 404\u0026nbsp;\u20ac (maximum de la tranche 2)\u0026nbsp;\u003C\/p\u003E\u003Cp\u003E= 8 280 \u20ac\u003C\/p\u003E\u003C\/td\u003E\u003C\/tr\u003E\u003Ctr\u003E\u003Ctd rowspan=\u00228\u0022\u003E\u003Cp align=\u0022center\u0022\u003ERetraite compl\u00e9mentaire\u003C\/p\u003E\u003Cp align=\u0022center\u0022\u003E(Bas\u00e9e sur les revenus nets de 2022)\u003C\/p\u003E\u003C\/td\u003E\u003Ctd\u003E\u003Cp align=\u0022center\u0022\u003E\u003Ca\u003EClasse A\u0026nbsp;: jusqu\u2019\u00e0 16 190 \u20ac\u003C\/a\u003E\u003C\/p\u003E\u003C\/td\u003E\u003Ctd\u003E\u003Cp align=\u0022center\u0022\u003E785 \u20ac\u003C\/p\u003E\u003C\/td\u003E\u003C\/tr\u003E\u003Ctr\u003E\u003Ctd\u003E\u003Cp align=\u0022center\u0022\u003EClasse B\u0026nbsp;: de 16\u0026nbsp;191 \u20ac \u00e0 32\u0026nbsp;350 \u20ac\u003C\/p\u003E\u003C\/td\u003E\u003Ctd\u003E\u003Cp align=\u0022center\u0022\u003E2 934 \u20ac\u003C\/p\u003E\u003C\/td\u003E\u003C\/tr\u003E\u003Ctr\u003E\u003Ctd\u003E\u003Cp align=\u0022center\u0022\u003EClasse C\u0026nbsp;: de 32\u0026nbsp;351 \u20ac \u00e0 44 790 \u20ac\u003C\/p\u003E\u003C\/td\u003E\u003Ctd\u003E\u003Cp align=\u0022center\u0022\u003E4 629 \u20ac\u003C\/p\u003E\u003C\/td\u003E\u003C\/tr\u003E\u003Ctr\u003E\u003Ctd\u003E\u003Cp align=\u0022center\u0022\u003EClasse D\u0026nbsp;: de 44\u0026nbsp;791 \u20ac \u00e0 64\u0026nbsp;560 \u20ac\u003C\/p\u003E\u003C\/td\u003E\u003Ctd\u003E\u003Cp align=\u0022center\u0022\u003E7 237\u0026nbsp; \u20ac\u003C\/p\u003E\u003C\/td\u003E\u003C\/tr\u003E\u003Ctr\u003E\u003Ctd\u003E\u003Cp align=\u0022center\u0022\u003EClasse E\u0026nbsp;: de 64\u0026nbsp;561 \u20ac \u00e0 \u0026nbsp;79\u0026nbsp;040 \u20ac\u003C\/p\u003E\u003C\/td\u003E\u003Ctd\u003E\u003Cp align=\u0022center\u0022\u003E11 540\u0026nbsp; \u20ac\u003C\/p\u003E\u003C\/td\u003E\u003C\/tr\u003E\u003Ctr\u003E\u003Ctd\u003E\u003Cp align=\u0022center\u0022\u003EClasse F\u0026nbsp;: de 79\u0026nbsp;041 \u20ac \u00e0 94\u0026nbsp;850 \u20ac\u003C\/p\u003E\u003C\/td\u003E\u003Ctd\u003E\u003Cp align=\u0022center\u0022\u003E17 604\u0026nbsp; \u20ac\u003C\/p\u003E\u003C\/td\u003E\u003C\/tr\u003E\u003Ctr\u003E\u003Ctd\u003E\u003Cp align=\u0022center\u0022\u003EClasse G\u0026nbsp;: de 94\u0026nbsp;851 \u20ac \u00e0 132\u0026nbsp;780 \u20ac\u003C\/p\u003E\u003C\/td\u003E\u003Ctd\u003E\u003Cp align=\u0022center\u0022\u003E19 560\u0026nbsp; \u20ac\u003C\/p\u003E\u003C\/td\u003E\u003C\/tr\u003E\u003Ctr\u003E\u003Ctd\u003E\u003Cp align=\u0022center\u0022\u003EClasse H\u0026nbsp;: au-del\u00e0 de 132\u0026nbsp;780 \u20ac\u003C\/p\u003E\u003C\/td\u003E\u003Ctd\u003E\u003Cp align=\u0022center\u0022\u003E24 450\u0026nbsp; \u20ac\u003C\/p\u003E\u003C\/td\u003E\u003C\/tr\u003E\u003Ctr\u003E\u003Ctd rowspan=\u00224\u0022\u003E\u003Cp align=\u0022center\u0022\u003EInvalidit\u00e9 \u2013 D\u00e9c\u00e8s\u003C\/p\u003E\u003C\/td\u003E\u003Ctd\u003E\u003Cp align=\u0022center\u0022\u003EClasse 1\u0026nbsp;: jusqu\u2019\u00e0 16\u0026nbsp;190 \u20ac\u003C\/p\u003E\u003C\/td\u003E\u003Ctd\u003E\u003Cp align=\u0022center\u0022\u003E288 \u20ac\u003C\/p\u003E\u003C\/td\u003E\u003C\/tr\u003E\u003Ctr\u003E\u003Ctd\u003E\u003Cp align=\u0022center\u0022\u003EClasse 2\u0026nbsp;: de 16\u0026nbsp;191 \u20ac 44 790 \u20ac\u003C\/p\u003E\u003C\/td\u003E\u003Ctd\u003E\u003Cp align=\u0022center\u0022\u003E396 \u20ac\u003C\/p\u003E\u003C\/td\u003E\u003C\/tr\u003E\u003Ctr\u003E\u003Ctd\u003E\u003Cp align=\u0022center\u0022\u003EClasse 3\u0026nbsp;: de 44\u0026nbsp;791 \u20ac jusqu\u2019\u00e0 79\u0026nbsp;040 \u20ac\u003C\/p\u003E\u003C\/td\u003E\u003Ctd\u003E\u003Cp align=\u0022center\u0022\u003E612 \u20ac\u003C\/p\u003E\u003C\/td\u003E\u003C\/tr\u003E\u003Ctr\u003E\u003Ctd\u003E\u003Cp align=\u0022center\u0022\u003EClasse 4\u0026nbsp;: au-del\u00e0 de 79\u0026nbsp;040 \u20ac\u003C\/p\u003E\u003C\/td\u003E\u003Ctd\u003E\u003Cp align=\u0022center\u0022\u003E828 \u20ac\u003C\/p\u003E\u003C\/td\u003E\u003C\/tr\u003E\u003Ctr\u003E\u003Ctd\u003E\u003Cp align=\u0022center\u0022\u003ECSG\/CRDS\u003C\/p\u003E\u003C\/td\u003E\u003Ctd\u003E\u003Cp align=\u0022center\u0022\u003EMontant du revenu professionnel + cotisations sociales obligatoires\u003Cbr\u003E\u003Cbr\u003E\u0026nbsp;\u003C\/p\u003E\u003Cp align=\u0022center\u0022\u003ERevenus de remplacement\u0026nbsp;\u003C\/p\u003E\u003C\/td\u003E\u003Ctd\u003E\u003Cp align=\u0022center\u0022\u003E9,70 %\u003Cbr\u003E\u003Cbr\u003E\u0026nbsp;\u003C\/p\u003E\u003Cp align=\u0022center\u0022\u003E\u0026nbsp;\u003C\/p\u003E\u003Cp align=\u0022center\u0022\u003E6,70%\u003C\/p\u003E\u003C\/td\u003E\u003C\/tr\u003E\u003C\/tbody\u003E\u003C\/table\u003E\u003Ch2\u003E\u003Cbr\u003E\u0026nbsp;\u003C\/h2\u003E\u003Cp\u003E\u003Cstrong\u003E2\/. Cotisations du conjoint collaborateur\u0026nbsp;\u003C\/strong\u003E\u003C\/p\u003E\u003Cp\u003E\u003Cbr\u003E\u0026nbsp;\u003C\/p\u003E\u003Cdiv class=\u0022WordSection1\u0022\u003E\u003Ctable class=\u0022MsoNormalTable\u0022 border=\u00221\u0022 cellspacing=\u00220\u0022 cellpadding=\u00220\u0022 width=\u0022605\u0022\u003E\u003Ctbody\u003E\u003Ctr\u003E\u003Ctd width=\u0022123\u0022 rowspan=\u00222\u0022\u003E\u003Cp class=\u0022MsoNormal\u0022 align=\u0022center\u0022\u003E\u003Cstrong\u003ECotisation\u003C\/strong\u003E\u003C\/p\u003E\u003C\/td\u003E\u003Ctd width=\u0022482\u0022 colspan=\u00222\u0022\u003E\u003Cp class=\u0022MsoNormal\u0022 align=\u0022center\u0022\u003E\u003Cstrong\u003EAssiette\u003C\/strong\u003E\u003C\/p\u003E\u003C\/td\u003E\u003C\/tr\u003E\u003Ctr\u003E\u003Ctd width=\u0022208\u0022\u003E\u003Cp class=\u0022MsoNormal\u0022 align=\u0022center\u0022\u003E\u003Cstrong\u003EFormule\u003C\/strong\u003E\u003C\/p\u003E\u003C\/td\u003E\u003Ctd width=\u0022274\u0022\u003E\u003Cp class=\u0022MsoNormal\u0022 align=\u0022center\u0022\u003E\u003Cstrong\u003EBase de calcul\u003C\/strong\u003E\u003C\/p\u003E\u003C\/td\u003E\u003C\/tr\u003E\u003Ctr\u003E\u003Ctd width=\u0022123\u0022 rowspan=\u00225\u0022\u003E\u003Cp class=\u0022MsoNormal\u0022 align=\u0022center\u0022\u003ERetraite de base\u003C\/p\u003E\u003C\/td\u003E\u003Ctd width=\u0022208\u0022\u003E\u003Cp class=\u0022MsoNormal\u0022 align=\u0022center\u0022\u003EForfaitaire\u003C\/p\u003E\u003C\/td\u003E\u003Ctd width=\u0022274\u0022\u003E\u003Cp class=\u0022MsoNormal\u0022 align=\u0022center\u0022\u003E2\u0026nbsp;379 \u20ac\u003C\/p\u003E\u003C\/td\u003E\u003C\/tr\u003E\u003Ctr\u003E\u003Ctd width=\u0022208\u0022 rowspan=\u00222\u0022\u003E\u003Cp class=\u0022MsoNormal\u0022 align=\u0022center\u0022\u003ECotisation sans partage du revenu\u003C\/p\u003E\u003C\/td\u003E\u003Ctd width=\u0022274\u0022\u003E\u003Cp class=\u0022MsoNormal\u0022\u003E25 % du revenu de l\u2019expert-comptable\u003C\/p\u003E\u003C\/td\u003E\u003C\/tr\u003E\u003Ctr\u003E\u003Ctd width=\u0022274\u0022\u003E\u003Cp class=\u0022MsoNormal\u0022 align=\u0022center\u0022\u003E50 % du revenu de l\u2019expert-comptable\u003C\/p\u003E\u003C\/td\u003E\u003C\/tr\u003E\u003Ctr\u003E\u003Ctd width=\u0022208\u0022 rowspan=\u00222\u0022\u003E\u003Cp class=\u0022MsoNormal\u0022 align=\u0022center\u0022\u003ECotisation avec partage du revenu\u003C\/p\u003E\u003C\/td\u003E\u003Ctd width=\u0022274\u0022\u003E\u003Cp class=\u0022MsoNormal\u0022 align=\u0022center\u0022\u003E25 % du revenu de l\u2019expert-comptable\u003C\/p\u003E\u003C\/td\u003E\u003C\/tr\u003E\u003Ctr\u003E\u003Ctd width=\u0022274\u0022\u003E\u003Cp class=\u0022MsoNormal\u0022 align=\u0022center\u0022\u003E50 % du revenu de l\u2019expert-comptable\u003C\/p\u003E\u003C\/td\u003E\u003C\/tr\u003E\u003Ctr\u003E\u003Ctd width=\u0022123\u0022 rowspan=\u00222\u0022\u003E\u003Cp class=\u0022MsoNormal\u0022 align=\u0022center\u0022\u003ERetraite compl\u00e9mentaire\u003C\/p\u003E\u003C\/td\u003E\u003Ctd width=\u0022482\u0022 colspan=\u00222\u0022\u003E\u003Cp class=\u0022MsoNormal\u0022 align=\u0022center\u0022\u003E25 % de la cotisation de l\u2019expert-comptable (option par d\u00e9faut)\u003C\/p\u003E\u003C\/td\u003E\u003C\/tr\u003E\u003Ctr\u003E\u003Ctd width=\u0022482\u0022 colspan=\u00222\u0022\u003E\u003Cp class=\u0022MsoNormal\u0022 align=\u0022center\u0022\u003E50 % de la cotisation de l\u2019expert-comptable\u003C\/p\u003E\u003C\/td\u003E\u003C\/tr\u003E\u003C\/tbody\u003E\u003C\/table\u003E\u003Cp class=\u0022MsoNormal\u0022\u003E\u0026nbsp;\u003C\/p\u003E\u003Cp class=\u0022MsoNormal\u0022\u003E\u003Cstrong\u003E3\/. Cotisations facultatives du conjoint\u0026nbsp;\u003C\/strong\u003E\u003C\/p\u003E\u003Cp class=\u0022MsoNormal\u0022\u003E\u0026nbsp;\u003C\/p\u003E\u003C\/div\u003E\u003Cdiv class=\u0022WordSection1\u0022\u003E\u003Ctable class=\u0022MsoNormalTable\u0022 border=\u00221\u0022 cellspacing=\u00220\u0022 cellpadding=\u00220\u0022 width=\u0022599\u0022\u003E\u003Ctbody\u003E\u003Ctr\u003E\u003Ctd valign=\u0022bottom\u0022\u003E\u003Cp class=\u0022MsoNormal\u0022 align=\u0022center\u0022\u003E\u003Cstrong\u003EClasse de cotisation de l\u2019expert-comptable\u003C\/strong\u003E\u003C\/p\u003E\u003C\/td\u003E\u003Ctd valign=\u0022bottom\u0022\u003E\u003Cp class=\u0022MsoNormal\u0022 align=\u0022center\u0022\u003E\u003Cstrong\u003ECotisation facultative du conjoint\u003C\/strong\u003E\u003C\/p\u003E\u003C\/td\u003E\u003C\/tr\u003E\u003Ctr\u003E\u003Ctd valign=\u0022bottom\u0022\u003E\u003Cp class=\u0022MsoNormal\u0022 align=\u0022center\u0022\u003EA\u003C\/p\u003E\u003C\/td\u003E\u003Ctd valign=\u0022bottom\u0022\u003E\u003Cp class=\u0022MsoNormal\u0022 align=\u0022center\u0022\u003E235 \u20ac\u003C\/p\u003E\u003C\/td\u003E\u003C\/tr\u003E\u003Ctr\u003E\u003Ctd valign=\u0022bottom\u0022\u003E\u003Cp class=\u0022MsoNormal\u0022 align=\u0022center\u0022\u003EB\u003C\/p\u003E\u003C\/td\u003E\u003Ctd valign=\u0022bottom\u0022\u003E\u003Cp class=\u0022MsoNormal\u0022 align=\u0022center\u0022\u003E880 \u20ac\u003C\/p\u003E\u003C\/td\u003E\u003C\/tr\u003E\u003Ctr\u003E\u003Ctd valign=\u0022bottom\u0022\u003E\u003Cp class=\u0022MsoNormal\u0022 align=\u0022center\u0022\u003EC\u003C\/p\u003E\u003C\/td\u003E\u003Ctd valign=\u0022bottom\u0022\u003E\u003Cp class=\u0022MsoNormal\u0022 align=\u0022center\u0022\u003E1 389 \u20ac\u003C\/p\u003E\u003C\/td\u003E\u003C\/tr\u003E\u003Ctr\u003E\u003Ctd valign=\u0022bottom\u0022\u003E\u003Cp class=\u0022MsoNormal\u0022 align=\u0022center\u0022\u003ED\u003C\/p\u003E\u003C\/td\u003E\u003Ctd valign=\u0022bottom\u0022\u003E\u003Cp class=\u0022MsoNormal\u0022 align=\u0022center\u0022\u003E2 171 \u20ac\u003C\/p\u003E\u003C\/td\u003E\u003C\/tr\u003E\u003Ctr\u003E\u003Ctd valign=\u0022bottom\u0022\u003E\u003Cp class=\u0022MsoNormal\u0022 align=\u0022center\u0022\u003EE\u003C\/p\u003E\u003C\/td\u003E\u003Ctd valign=\u0022bottom\u0022\u003E\u003Cp class=\u0022MsoNormal\u0022 align=\u0022center\u0022\u003E3 462 \u20ac\u003C\/p\u003E\u003C\/td\u003E\u003C\/tr\u003E\u003Ctr\u003E\u003Ctd valign=\u0022bottom\u0022\u003E\u003Cp class=\u0022MsoNormal\u0022 align=\u0022center\u0022\u003EF\u003C\/p\u003E\u003C\/td\u003E\u003Ctd valign=\u0022bottom\u0022\u003E\u003Cp class=\u0022MsoNormal\u0022 align=\u0022center\u0022\u003E5 281 \u20ac\u003C\/p\u003E\u003C\/td\u003E\u003C\/tr\u003E\u003Ctr\u003E\u003Ctd valign=\u0022bottom\u0022\u003E\u003Cp class=\u0022MsoNormal\u0022 align=\u0022center\u0022\u003EG\u003C\/p\u003E\u003C\/td\u003E\u003Ctd valign=\u0022bottom\u0022\u003E\u003Cp class=\u0022MsoNormal\u0022 align=\u0022center\u0022\u003E5 868 \u20ac\u003C\/p\u003E\u003C\/td\u003E\u003C\/tr\u003E\u003Ctr\u003E\u003Ctd valign=\u0022bottom\u0022\u003E\u003Cp class=\u0022MsoNormal\u0022 align=\u0022center\u0022\u003EH\u003C\/p\u003E\u003C\/td\u003E\u003Ctd valign=\u0022bottom\u0022\u003E\u003Cp class=\u0022MsoNormal\u0022 align=\u0022center\u0022\u003E7 335 \u20ac\u003C\/p\u003E\u003C\/td\u003E\u003C\/tr\u003E\u003C\/tbody\u003E\u003C\/table\u003E\u003Cp class=\u0022MsoNormal\u0022\u003E\u0026nbsp;\u003C\/p\u003E\u003C\/div\u003E                                            \u003Cp\u003E\u003Cbr \/\u003E\u003Cstrong\u003ESource :\u003C\/strong\u003E\u003Cstrong\u003E\u00a0\u003C\/strong\u003E\u003C\/p\u003E\u003Cul\u003E\u003Cli\u003E\u003Ca href=\u0022https:\/\/www.cavec.fr\/wp-content\/uploads\/Guide-annuel-retraite-prevoyance.pdf\u0022 target=\u0022_blank\u0022\u003EGuide annuel retraite pr\u00e9voyance - CAVEC \u003C\/a\u003Emis \u00e0 jour ann\u00e9e 2025\u003C\/li\u003E\u003Cli\u003E\u003Ca href=\u0022https:\/\/www.urssaf.fr\/accueil\/outils-documentation\/taux-baremes\/taux-cotisations-plr-hors-cipav.html\u0022 target=\u0022_blank\u0022\u003ETaux de cotisation des professions lib\u00e9rales hors CIPAV \u003C\/a\u003E- ann\u00e9e 2025\u0026nbsp;\u003C\/li\u003E\u003C\/ul\u003E\u003C\/div\u003E","annee":"2025","theme":" Indices, taux, bar\u00e8mes sociaux","activites":["Professionnels du droit et du chiffre"],"image":"https:\/\/www.weblex.fr\/sites\/default\/files\/chiffres_clef\/Shutterstock_chiffrecleexpertcomptable_0.jpg","created":"2025-12-01","modified":"2025-12-08"},{"url":"\/chiffres-cles\/indice-du-cout-de-la-construction-annee-2025","id":26593,"title":"Indice du co\u00fbt de la construction - Ann\u00e9e 2025","content":"\u003Cdiv\u003E                                              \u003Cp\u003E\u0026nbsp;\u003C\/p\u003E\u003Ctable class=\u0022MsoTableGrid\u0022 width=\u0022604\u0022\u003E\u003Ctbody\u003E\u003Ctr\u003E\u003Ctd valign=\u0022top\u0022\u003E\u003Cp align=\u0022center\u0022\u003E\u003Cstrong\u003EP\u00e9riode\u003C\/strong\u003E\u003C\/p\u003E\u003C\/td\u003E\u003Ctd valign=\u0022top\u0022\u003E\u003Cp align=\u0022center\u0022\u003E\u003Cstrong\u003EIndice\u003C\/strong\u003E\u003C\/p\u003E\u003C\/td\u003E\u003Ctd valign=\u0022top\u0022\u003E\u003Cp align=\u0022center\u0022\u003E\u003Cstrong\u003EVariation sur 1 an\u003C\/strong\u003E\u003C\/p\u003E\u003C\/td\u003E\u003Ctd valign=\u0022top\u0022\u003E\u003Cp align=\u0022center\u0022\u003E\u003Cstrong\u003EMoyenne des 4 derniers trimestres\u003C\/strong\u003E\u003C\/p\u003E\u003C\/td\u003E\u003C\/tr\u003E\u003Ctr\u003E\u003Ctd valign=\u0022top\u0022\u003E\u003Cp\u003E1er trimestre 2025\u003C\/p\u003E\u003C\/td\u003E\u003Ctd valign=\u0022top\u0022\u003E\u003Cp align=\u0022center\u0022\u003E2 146\u003C\/p\u003E\u003C\/td\u003E\u003Ctd valign=\u0022top\u0022\u003E\u003Cp align=\u0022center\u0022\u003E- 3,64\u0026nbsp;%\u003C\/p\u003E\u003C\/td\u003E\u003Ctd valign=\u0022top\u0022\u003E\u003Cp align=\u0022center\u0022\u003E2 150,50\u003C\/p\u003E\u003C\/td\u003E\u003C\/tr\u003E\u003Ctr\u003E\u003Ctd valign=\u0022top\u0022\u003E\u003Cp\u003E2e trimestre 2025\u003C\/p\u003E\u003C\/td\u003E\u003Ctd valign=\u0022top\u0022\u003E\u003Cp align=\u0022center\u0022\u003E2 086\u003C\/p\u003E\u003C\/td\u003E\u003Ctd valign=\u0022top\u0022\u003E\u003Cp align=\u0022center\u0022\u003E- 5,40\u0026nbsp;%\u003C\/p\u003E\u003C\/td\u003E\u003Ctd valign=\u0022top\u0022\u003E\u003Cp align=\u0022center\u0022\u003E2 120,75\u003C\/p\u003E\u003C\/td\u003E\u003C\/tr\u003E\u003Ctr\u003E\u003Ctd valign=\u0022top\u0022\u003E\u003Cp\u003E3e trimestre 2025\u003C\/p\u003E\u003C\/td\u003E\u003Ctd valign=\u0022top\u0022\u003E\u003Cp align=\u0022center\u0022\u003E2 056\u003C\/p\u003E\u003C\/td\u003E\u003Ctd valign=\u0022top\u0022\u003E\u003Cp align=\u0022center\u0022\u003E- 4,06\u0026nbsp;%\u003C\/p\u003E\u003C\/td\u003E\u003Ctd valign=\u0022top\u0022\u003E\u003Cp align=\u0022center\u0022\u003E2 099\u003C\/p\u003E\u003C\/td\u003E\u003C\/tr\u003E\u003Ctr\u003E\u003Ctd valign=\u0022top\u0022\u003E\u003Cp\u003E4e trimestre 2025\u003C\/p\u003E\u003C\/td\u003E\u003Ctd valign=\u0022top\u0022\u003E\u003Cp align=\u0022center\u0022\u003E2 058\u003C\/p\u003E\u003C\/td\u003E\u003Ctd valign=\u0022top\u0022\u003E\u003Cp align=\u0022center\u0022\u003E- 2,37\u0026nbsp;%\u003C\/p\u003E\u003C\/td\u003E\u003Ctd valign=\u0022top\u0022\u003E\u003Cp align=\u0022center\u0022\u003E2 086,50\u003C\/p\u003E\u003C\/td\u003E\u003C\/tr\u003E\u003C\/tbody\u003E\u003C\/table\u003E\u003Cp\u003E\u0026nbsp;\u003C\/p\u003E\u003Cp\u003ER\u00e9f\u00e9rence 100 au 4e trimestre 1953\u003C\/p\u003E                                            \u003Cp\u003E\u003Cbr \/\u003E\u003Cstrong\u003ESource :\u003C\/strong\u003E\u003Cstrong\u003E\u00a0\u003C\/strong\u003E\u003C\/p\u003E\u003Cul\u003E\u003Cli\u003E\u003Ca href=\u0022https:\/\/www.insee.fr\/fr\/statistiques\/8906564\u0022 target=\u0022_blank\u0022\u003EIndice du co\u00fbt de la construction (ICC) \u2013 4e trimestre 2025\u003C\/a\u003E\u003C\/li\u003E\u003C\/ul\u003E\u003C\/div\u003E","annee":"2025","theme":" Indices, taux, bar\u00e8mes juridiques","activites":["Agent immobilier","Artisan","Professionnels du droit et du chiffre","Promoteur \/ Lotisseur \/ Architecte \/ G\u00e9om\u00e8tre"],"image":"https:\/\/www.weblex.fr\/sites\/default\/files\/chiffres_clef\/Shutterstock_travauxconstructionicc.jpg","created":"2025-10-24","modified":"2026-03-26"},{"url":"\/chiffres-cles\/indice-de-reference-des-loyers-corse-annee-2025","id":26225,"title":"Indice de r\u00e9f\u00e9rence des loyers - Corse - Ann\u00e9e 2025","content":"\u003Cdiv\u003E                                              \u003Cp\u003EIndice de r\u00e9f\u00e9rence des loyers (r\u00e9f\u00e9rence 100 au 4e trimestre 1998)\u003C\/p\u003E\u003Ctable class=\u0022MsoTableGrid\u0022\u003E\u003Ctbody\u003E\u003Ctr\u003E\u003Ctd valign=\u0022top\u0022\u003E\u003Cp align=\u0022center\u0022\u003E\u003Cstrong\u003EP\u00e9riode\u003C\/strong\u003E\u003C\/p\u003E\u003C\/td\u003E\u003Ctd valign=\u0022top\u0022\u003E\u003Cp align=\u0022center\u0022\u003E\u003Cstrong\u003EIndice\u003C\/strong\u003E\u003C\/p\u003E\u003C\/td\u003E\u003Ctd valign=\u0022top\u0022\u003E\u003Cp align=\u0022center\u0022\u003E\u003Cstrong\u003EVariation sur 1 an\u003C\/strong\u003E\u003C\/p\u003E\u003C\/td\u003E\u003C\/tr\u003E\u003Ctr\u003E\u003Ctd valign=\u0022top\u0022\u003E\u003Cp\u003E1er trimestre 2025\u003C\/p\u003E\u003C\/td\u003E\u003Ctd valign=\u0022top\u0022\u003E\u003Cp align=\u0022center\u0022\u003E141,28\u003C\/p\u003E\u003C\/td\u003E\u003Ctd valign=\u0022top\u0022\u003E\u003Cp align=\u0022center\u0022\u003E+ 1,40\u0026nbsp;%\u003C\/p\u003E\u003C\/td\u003E\u003C\/tr\u003E\u003Ctr\u003E\u003Ctd valign=\u0022top\u0022\u003E\u003Cp\u003E2e trimestre 2025\u003C\/p\u003E\u003C\/td\u003E\u003Ctd valign=\u0022top\u0022\u003E\u003Cp align=\u0022center\u0022\u003E144,56\u003C\/p\u003E\u003C\/td\u003E\u003Ctd valign=\u0022top\u0022\u003E\u003Cp align=\u0022center\u0022\u003E+ 1,04\u0026nbsp;%\u003C\/p\u003E\u003C\/td\u003E\u003C\/tr\u003E\u003Ctr\u003E\u003Ctd valign=\u0022top\u0022\u003E\u003Cp\u003E3e trimestre 2025\u003C\/p\u003E\u003C\/td\u003E\u003Ctd valign=\u0022top\u0022\u003E\u003Cp align=\u0022center\u0022\u003E141,58\u003C\/p\u003E\u003C\/td\u003E\u003Ctd valign=\u0022top\u0022\u003E\u003Cp align=\u0022center\u0022\u003E+ 0,87\u0026nbsp;%\u003C\/p\u003E\u003C\/td\u003E\u003C\/tr\u003E\u003Ctr\u003E\u003Ctd valign=\u0022top\u0022\u003E\u003Cp\u003E4e trimestre 2025\u003C\/p\u003E\u003C\/td\u003E\u003Ctd valign=\u0022top\u0022\u003E\u003Cp align=\u0022center\u0022\u003E141,59\u003C\/p\u003E\u003C\/td\u003E\u003Ctd valign=\u0022top\u0022\u003E\u003Cp align=\u0022center\u0022\u003E+ 0,79\u0026nbsp;%\u003C\/p\u003E\u003C\/td\u003E\u003C\/tr\u003E\u003C\/tbody\u003E\u003C\/table\u003E                                            \u003Cp\u003E\u003Cbr \/\u003E\u003Cstrong\u003ESource :\u003C\/strong\u003E\u003Cstrong\u003E\u00a0\u003C\/strong\u003E\u003C\/p\u003E\u003Cul\u003E\u003Cli\u003E\u003Ca href=\u0022https:\/\/www.insee.fr\/fr\/statistiques\/8725568\u0022 target=\u0022_blank\u0022 rel=\u0022noopener\u0022\u003EIndice de r\u00e9f\u00e9rence des loyers \u2013 4e trimestre 2025\u003C\/a\u003E\u003C\/li\u003E\u003C\/ul\u003E\u003C\/div\u003E","annee":"2025","theme":" Indices, taux, bar\u00e8mes juridiques","activites":["Agent immobilier","Professionnels du droit et du chiffre","Promoteur \/ Lotisseur \/ Architecte \/ G\u00e9om\u00e8tre"],"image":"https:\/\/www.weblex.fr\/sites\/default\/files\/chiffres_clef\/Shutterstock_indrefcorseloyers.jpg","created":"2025-10-24","modified":"2026-03-20"},{"url":"\/chiffres-cles\/taux-d-usure-annee-2025","id":26533,"title":"Taux d\u2019usure - Ann\u00e9e 2025","content":"\u003Cdiv\u003E                                              \u003Cp\u003ELe taux d\u2019usure correspond au taux maximum l\u00e9gal que les \u00e9tablissements de cr\u00e9dit sont autoris\u00e9s \u00e0 pratiquer lorsqu\u2019ils accordent un pr\u00eat. Il a ainsi une fonction protectrice \u00e0 l\u2019\u00e9gard :\u003C\/p\u003E\u003Cul\u003E\u003Cli\u003Ede l\u2019emprunteur, en le prot\u00e9geant des taux d\u2019int\u00e9r\u00eats excessifs ;\u003C\/li\u003E\u003Cli\u003Ede l\u2019\u00e9conomie, en \u00e9vitant, par la pratique de taux d\u2019int\u00e9r\u00eat trop importants, que tous les emprunteurs ne soient en difficult\u00e9s et ne d\u00e9stabilisent le syst\u00e8me dans son ensemble.\u003C\/li\u003E\u003C\/ul\u003E\u003Cp\u003ESi l\u2019on parle couramment \u00ab du \u00bb taux d\u2019usure, il serait plus juste de parler \u00ab des \u00bb taux d\u2019usure car il en existe plusieurs qui s\u2019appliquent en fonction du type de pr\u00eat.\u003C\/p\u003E\u003Cp\u003ECes taux sont calcul\u00e9s chaque trimestre par la Banque de France \u00e0 partir des taux effectifs moyens pratiqu\u00e9s par les \u00e9tablissements de cr\u00e9dit augment\u00e9s d\u2019un tiers.\u003C\/p\u003E\u003Cp\u003EConcr\u00e8tement, un pr\u00eat est dit usuraire lorsque le taux effectif global (TEG) est sup\u00e9rieur de plus d\u2019un tiers au TEG pratiqu\u00e9 au cours du trimestre pr\u00e9c\u00e9dent par les \u00e9tablissements de cr\u00e9dit et les soci\u00e9t\u00e9s de financement pour des op\u00e9rations de m\u00eame nature et comportant des risques analogues.\u003C\/p\u003E\u003Cp\u003ELe TEG correspond au co\u00fbt du pr\u00eat au sens large. Il comprend, en plus du taux d\u2019int\u00e9r\u00eat \u00e0 proprement dit, les autres frais engendr\u00e9s par le pr\u00eat (taxes, frais de dossier, commissions, co\u00fbt d\u2019assurance etc.)\u003C\/p\u003E\u003Cp\u003ESi un \u00e9tablissement ne respecte pas le taux d\u2019usure, il pratique un pr\u00eat usuraire. Cela peut constituer un d\u00e9lit d\u2019usure puni d\u2019un emprisonnement de 2 ans, d\u2019une amende de 300 000 \u20ac et des \u00e9ventuelles peines compl\u00e9mentaires (publication de la d\u00e9cision de justice, fermeture provisoire de l\u2019entreprise, etc.). Cette sanction p\u00e9nale n\u2019est cependant applicable que pour les pr\u00eats immobiliers et les pr\u00eats \u00e0 la consommation consentis aux consommateurs. Dans les autres cas, il reste la sanction civile pour punir ce comportement.\u003C\/p\u003E\u003Cp\u003ELes taux d\u2019usure se d\u00e9coupent en 3 cat\u00e9gories.\u003C\/p\u003E\u003Cp\u003ELa 1re cat\u00e9gorie comprend les 2 types de pr\u00eats consentis aux consommateurs :\u003C\/p\u003E\u003Cul\u003E\u003Cli\u003Eles cr\u00e9dits de tr\u00e9sorerie, c\u2019est-\u00e0-dire les cr\u00e9dits consentis au consommateur qui ne sont pas :\u003Cul\u003E\u003Cli\u003Edes cr\u00e9dits immobiliers ;\u003C\/li\u003E\u003Cli\u003Edes cr\u00e9dits de plus de 75 000 \u20ac destin\u00e9s \u00e0 financer, pour les immeubles \u00e0 usage d\u2019habitation ou \u00e0 usage professionnel et d\u2019habitation, les d\u00e9penses relatives \u00e0 leur r\u00e9paration, am\u00e9lioration ou entretien.\u003C\/li\u003E\u003C\/ul\u003E\u003C\/li\u003E\u003Cli\u003Eles cr\u00e9dits consentis au consommateur pour l\u2019acquisition d\u2019un bien immobilier (maison, appartement, terrain etc.) ou d\u2019un montant de plus de 75 000 \u20ac destin\u00e9 \u00e0 financer pour les immeubles \u00e0 usage d\u2019habitation ou \u00e0 usage professionnel et d\u2019habitation, les d\u00e9penses relatives \u00e0 leur r\u00e9paration, am\u00e9lioration ou entretien ;\u003C\/li\u003E\u003C\/ul\u003E\u003Cp\u003ELa 2e cat\u00e9gorie comprend les pr\u00eats accord\u00e9s :\u003C\/p\u003E\u003Cul\u003E\u003Cli\u003Eaux personnes physiques agissant pour leurs besoins professionnels ;\u003C\/li\u003E\u003Cli\u003Eet aux personnes morales ayant une activit\u00e9 industrielle, commerciale, artisanale, agricole ou professionnelle non commerciale.\u003C\/li\u003E\u003C\/ul\u003E\u003Cp\u003ELa 3e cat\u00e9gorie comprend les pr\u00eats accord\u00e9s aux personnes morales n\u2019ayant pas d\u2019activit\u00e9 industrielle, commerciale, artisanale, agricole ou professionnelle non commerciale.\u003C\/p\u003ETaux d\u2019usure applicables aux cr\u00e9dits consentis aux consommateurs\u003Ctable border=\u00221\u0022 cellpadding=\u00220\u0022 cellspacing=\u00220\u0022\u003E\u003Ctbody\u003E\u003Ctr\u003E\u003Ctd colspan=\u00223\u0022 valign=\u0022top\u0022 width=\u0022604\u0022\u003E\u003Cp\u003E\u003Cstrong\u003ECr\u00e9dits de tr\u00e9sorerie\u003C\/strong\u003E\u003C\/p\u003E\u003Cp\u003E\u003Cstrong\u003E\u0026nbsp;\u003C\/strong\u003E\u003C\/p\u003E\u003C\/td\u003E\u003C\/tr\u003E\u003Ctr\u003E\u003Ctd valign=\u0022top\u0022 width=\u0022340\u0022\u003E\u003Cp\u003ECat\u00e9gorie\u003C\/p\u003E\u003C\/td\u003E\u003Ctd valign=\u0022top\u0022 width=\u0022132\u0022\u003E\u003Cp\u003ETaux effectif moyen pratiqu\u00e9 au cours des trois mois pr\u00e9c\u00e9dent le 1er octobre 2025\u003C\/p\u003E\u003C\/td\u003E\u003Ctd valign=\u0022top\u0022 width=\u0022132\u0022\u003E\u003Cp\u003ETaux d\u0027usure applicable au 1er octobre 2025\u003C\/p\u003E\u003C\/td\u003E\u003C\/tr\u003E\u003Ctr\u003E\u003Ctd valign=\u0022top\u0022 width=\u0022340\u0022\u003E\u003Cp\u003EPr\u00eats d\u0027un montant inf\u00e9rieur ou \u00e9gal \u00e0 3 000 \u20ac\u003C\/p\u003E\u003C\/td\u003E\u003Ctd valign=\u0022top\u0022 width=\u0022132\u0022\u003E\u003Cp\u003E17,62 %\u003C\/p\u003E\u003C\/td\u003E\u003Ctd valign=\u0022top\u0022 width=\u0022132\u0022\u003E\u003Cp\u003E23,49 %\u003C\/p\u003E\u003C\/td\u003E\u003C\/tr\u003E\u003Ctr\u003E\u003Ctd valign=\u0022top\u0022 width=\u0022340\u0022\u003E\u003Cp\u003EPr\u00eats d\u0027un montant sup\u00e9rieur \u00e0 3 000 \u20ac et inf\u00e9rieur ou \u00e9gal \u00e0 6 000 \u20ac\u003C\/p\u003E\u003C\/td\u003E\u003Ctd valign=\u0022top\u0022 width=\u0022132\u0022\u003E\u003Cp\u003E11,78 %\u003C\/p\u003E\u003C\/td\u003E\u003Ctd valign=\u0022top\u0022 width=\u0022132\u0022\u003E\u003Cp\u003E15,71 %\u003C\/p\u003E\u003C\/td\u003E\u003C\/tr\u003E\u003Ctr\u003E\u003Ctd valign=\u0022top\u0022 width=\u0022340\u0022\u003E\u003Cp\u003EPr\u00eats d\u0027un montant sup\u00e9rieur \u00e0 6 000 \u20ac\u003C\/p\u003E\u003C\/td\u003E\u003Ctd valign=\u0022top\u0022 width=\u0022132\u0022\u003E\u003Cp\u003E6,55 %\u003C\/p\u003E\u003C\/td\u003E\u003Ctd valign=\u0022top\u0022 width=\u0022132\u0022\u003E\u003Cp\u003E8,73 %\u003C\/p\u003E\u003C\/td\u003E\u003C\/tr\u003E\u003C\/tbody\u003E\u003C\/table\u003E\u003Cp\u003E\u0026nbsp;\u003C\/p\u003E\u003Cp\u003E\u0026nbsp;\u003C\/p\u003E\u003Ctable border=\u00221\u0022 cellpadding=\u00220\u0022 cellspacing=\u00220\u0022\u003E\u003Ctbody\u003E\u003Ctr\u003E\u003Ctd colspan=\u00223\u0022 valign=\u0022top\u0022 width=\u0022604\u0022\u003E\u003Cp\u003E\u003Cstrong\u003ECr\u00e9dits immobiliers ou relatifs \u00e0 l\u2019immobilier\u003C\/strong\u003E\u003C\/p\u003E\u003Cp\u003E\u003Cstrong\u003E\u0026nbsp;\u003C\/strong\u003E\u003C\/p\u003E\u003C\/td\u003E\u003C\/tr\u003E\u003Ctr\u003E\u003Ctd valign=\u0022top\u0022 width=\u0022340\u0022\u003E\u003Cp\u003ECat\u00e9gorie\u003C\/p\u003E\u003C\/td\u003E\u003Ctd valign=\u0022top\u0022 width=\u0022132\u0022\u003E\u003Cp\u003ETaux effectif moyen pratiqu\u00e9 au cours des trois mois pr\u00e9c\u00e9dent le 1er octobre 2025\u003C\/p\u003E\u003C\/td\u003E\u003Ctd valign=\u0022top\u0022 width=\u0022132\u0022\u003E\u003Cp\u003ETaux d\u0027usure applicable au 1er octobre 2025\u003C\/p\u003E\u003C\/td\u003E\u003C\/tr\u003E\u003Ctr\u003E\u003Ctd valign=\u0022top\u0022 width=\u0022340\u0022\u003E\u003Cp\u003EPr\u00eats \u00e0 taux fixe d\u2019une dur\u00e9e inf\u00e9rieure \u00e0 10 ans\u003C\/p\u003E\u003C\/td\u003E\u003Ctd valign=\u0022top\u0022 width=\u0022132\u0022\u003E\u003Cp\u003E3,17 %\u003C\/p\u003E\u003C\/td\u003E\u003Ctd valign=\u0022top\u0022 width=\u0022132\u0022\u003E\u003Cp\u003E4,23 %\u003C\/p\u003E\u003C\/td\u003E\u003C\/tr\u003E\u003Ctr\u003E\u003Ctd valign=\u0022top\u0022 width=\u0022340\u0022\u003E\u003Cp\u003EPr\u00eats \u00e0 taux fixe d\u2019une dur\u00e9e comprise entre 10 ans et moins de 20 ans\u003C\/p\u003E\u003C\/td\u003E\u003Ctd valign=\u0022top\u0022 width=\u0022132\u0022\u003E\u003Cp\u003E3,53 %\u003C\/p\u003E\u003C\/td\u003E\u003Ctd valign=\u0022top\u0022 width=\u0022132\u0022\u003E\u003Cp\u003E4,71 %\u003C\/p\u003E\u003C\/td\u003E\u003C\/tr\u003E\u003Ctr\u003E\u003Ctd valign=\u0022top\u0022 width=\u0022340\u0022\u003E\u003Cp\u003EPr\u00eats \u00e0 taux fixe d\u2019une dur\u00e9e de 20 ans et plus\u003C\/p\u003E\u003C\/td\u003E\u003Ctd valign=\u0022top\u0022 width=\u0022132\u0022\u003E\u003Cp\u003E3,82 %\u003C\/p\u003E\u003C\/td\u003E\u003Ctd valign=\u0022top\u0022 width=\u0022132\u0022\u003E\u003Cp\u003E5,09 %\u003C\/p\u003E\u003C\/td\u003E\u003C\/tr\u003E\u003Ctr\u003E\u003Ctd valign=\u0022top\u0022 width=\u0022340\u0022\u003E\u003Cp\u003EPr\u00eats \u00e0 taux variable\u003C\/p\u003E\u003C\/td\u003E\u003Ctd valign=\u0022top\u0022 width=\u0022132\u0022\u003E\u003Cp\u003E3,94 %\u003C\/p\u003E\u003C\/td\u003E\u003Ctd valign=\u0022top\u0022 width=\u0022132\u0022\u003E\u003Cp\u003E5,25 %\u003C\/p\u003E\u003C\/td\u003E\u003C\/tr\u003E\u003Ctr\u003E\u003Ctd valign=\u0022top\u0022 width=\u0022340\u0022\u003E\u003Cp\u003EPr\u00eats-relais\u003C\/p\u003E\u003C\/td\u003E\u003Ctd valign=\u0022top\u0022 width=\u0022132\u0022\u003E\u003Cp\u003E4,66 %\u003C\/p\u003E\u003C\/td\u003E\u003Ctd valign=\u0022top\u0022 width=\u0022132\u0022\u003E\u003Cp\u003E6,21 %\u003C\/p\u003E\u003C\/td\u003E\u003C\/tr\u003E\u003C\/tbody\u003E\u003C\/table\u003E\u003Cstrong\u003ETaux d\u2019usure applicables aux cr\u00e9dits consentis aux personnes physiques agissant pour leurs besoins professionnels et aux personnes morales ayant une activit\u00e9 industrielle, commerciale, artisanale, agricole ou professionnelle non commerciale\u003C\/strong\u003E\u003Ctable border=\u00221\u0022 cellpadding=\u00220\u0022 cellspacing=\u00220\u0022\u003E\u003Ctbody\u003E\u003Ctr\u003E\u003Ctd valign=\u0022top\u0022 width=\u0022302\u0022\u003E\u003Cp\u003ECat\u00e9gorie\u003C\/p\u003E\u003C\/td\u003E\u003Ctd valign=\u0022top\u0022 width=\u0022161\u0022\u003E\u003Cp\u003ETaux effectif moyen pratiqu\u00e9 au cours des trois mois pr\u00e9c\u00e9dent le 1er octobre 2025\u003C\/p\u003E\u003C\/td\u003E\u003Ctd valign=\u0022top\u0022 width=\u0022141\u0022\u003E\u003Cp\u003ETaux d\u0027usure applicable \u00e0 compter du 1er octobre 2025\u003C\/p\u003E\u003C\/td\u003E\u003C\/tr\u003E\u003Ctr\u003E\u003Ctd valign=\u0022top\u0022 width=\u0022302\u0022\u003E\u003Cp\u003ED\u00e9couverts en compte\u003C\/p\u003E\u003C\/td\u003E\u003Ctd valign=\u0022top\u0022 width=\u0022161\u0022\u003E\u003Cp\u003E14,16 %\u003C\/p\u003E\u003C\/td\u003E\u003Ctd valign=\u0022top\u0022 width=\u0022141\u0022\u003E\u003Cp\u003E18,88 %\u003C\/p\u003E\u003C\/td\u003E\u003C\/tr\u003E\u003C\/tbody\u003E\u003C\/table\u003E\u003Cp\u003E\u0026nbsp;\u003C\/p\u003E\u003Cstrong\u003ETaux d\u2019usure applicables aux cr\u00e9dits consentis aux personnes morales n\u2019ayant pas d\u2019activit\u00e9 industrielle, commerciale, artisanale, agricole ou professionnelle non commerciale\u003C\/strong\u003E\u003Ctable border=\u00221\u0022 cellpadding=\u00220\u0022 cellspacing=\u00220\u0022\u003E\u003Ctbody\u003E\u003Ctr\u003E\u003Ctd valign=\u0022top\u0022 width=\u0022302\u0022\u003E\u003Cp\u003ECat\u00e9gorie\u003C\/p\u003E\u003C\/td\u003E\u003Ctd valign=\u0022top\u0022 width=\u0022161\u0022\u003E\u003Cp\u003ETaux effectif moyen pratiqu\u00e9 au cours des trois mois pr\u00e9c\u00e9dent le 1er octobre 2025\u003C\/p\u003E\u003C\/td\u003E\u003Ctd valign=\u0022top\u0022 width=\u0022141\u0022\u003E\u003Cp\u003ETaux d\u0027usure applicable \u00e0 compter au 1er octobre 2025\u003C\/p\u003E\u003C\/td\u003E\u003C\/tr\u003E\u003Ctr\u003E\u003Ctd valign=\u0022top\u0022 width=\u0022302\u0022\u003E\u003Cp\u003EPr\u00eats \u00e0 taux variable d\u2019une dur\u00e9e initiale sup\u00e9rieure \u00e0 2 ans\u003C\/p\u003E\u003C\/td\u003E\u003Ctd valign=\u0022top\u0022 width=\u0022161\u0022\u003E\u003Cp\u003E4,36 %\u003C\/p\u003E\u003C\/td\u003E\u003Ctd valign=\u0022top\u0022 width=\u0022141\u0022\u003E\u003Cp\u003E5,81 %\u003C\/p\u003E\u003C\/td\u003E\u003C\/tr\u003E\u003Ctr\u003E\u003Ctd valign=\u0022top\u0022 width=\u0022302\u0022\u003E\u003Cp\u003EPr\u00eats \u00e0 taux fixe d\u2019une dur\u00e9e initiale sup\u00e9rieure \u00e0 2 ans et inf\u00e9rieure \u00e0 10 ans\u003C\/p\u003E\u003C\/td\u003E\u003Ctd valign=\u0022top\u0022 width=\u0022161\u0022\u003E\u003Cp\u003E4,20%\u003C\/p\u003E\u003C\/td\u003E\u003Ctd valign=\u0022top\u0022 width=\u0022141\u0022\u003E\u003Cp\u003E5,60 %\u003C\/p\u003E\u003C\/td\u003E\u003C\/tr\u003E\u003Ctr\u003E\u003Ctd valign=\u0022top\u0022 width=\u0022302\u0022\u003E\u003Cp\u003EPr\u00eats \u00e0 taux fixe d\u2019une dur\u00e9e initiale comprise entre 10 ans et moins de 20 ans\u003C\/p\u003E\u003C\/td\u003E\u003Ctd valign=\u0022top\u0022 width=\u0022161\u0022\u003E\u003Cp\u003E4,32 %\u003C\/p\u003E\u003C\/td\u003E\u003Ctd valign=\u0022top\u0022 width=\u0022141\u0022\u003E\u003Cp\u003E5,76 %\u003C\/p\u003E\u003C\/td\u003E\u003C\/tr\u003E\u003Ctr\u003E\u003Ctd valign=\u0022top\u0022 width=\u0022302\u0022\u003E\u003Cp\u003EPr\u00eat \u00e0 taux fixe d\u2019une dur\u00e9e initiale de 20 ans et plus\u003C\/p\u003E\u003C\/td\u003E\u003Ctd valign=\u0022top\u0022 width=\u0022161\u0022\u003E\u003Cp\u003E4,30 %\u003C\/p\u003E\u003C\/td\u003E\u003Ctd valign=\u0022top\u0022 width=\u0022141\u0022\u003E\u003Cp\u003E5,73 %\u003C\/p\u003E\u003C\/td\u003E\u003C\/tr\u003E\u003Ctr\u003E\u003Ctd valign=\u0022top\u0022 width=\u0022302\u0022\u003E\u003Cp\u003ED\u00e9couverts en compte\u003C\/p\u003E\u003C\/td\u003E\u003Ctd valign=\u0022top\u0022 width=\u0022161\u0022\u003E\u003Cp\u003E14,16 %\u003C\/p\u003E\u003C\/td\u003E\u003Ctd valign=\u0022top\u0022 width=\u0022141\u0022\u003E\u003Cp\u003E18,88 %\u003C\/p\u003E\u003C\/td\u003E\u003C\/tr\u003E\u003Ctr\u003E\u003Ctd valign=\u0022top\u0022 width=\u0022302\u0022\u003E\u003Cp\u003EAutres pr\u00eats d\u2019une dur\u00e9e initiale inf\u00e9rieure ou \u00e9gale \u00e0 2 ans\u003C\/p\u003E\u003C\/td\u003E\u003Ctd valign=\u0022top\u0022 width=\u0022161\u0022\u003E\u003Cp\u003E4,71 %\u003C\/p\u003E\u003C\/td\u003E\u003Ctd valign=\u0022top\u0022 width=\u0022141\u0022\u003E\u003Cp\u003E6,28 %\u003C\/p\u003E\u003C\/td\u003E\u003C\/tr\u003E\u003C\/tbody\u003E\u003C\/table\u003E\u003Cp\u003E\u0026nbsp;\u003C\/p\u003E                                            \u003Cp\u003E\u003Cbr \/\u003E\u003Cstrong\u003ESource :\u003C\/strong\u003E\u003Cstrong\u003E\u00a0\u003C\/strong\u003E\u003C\/p\u003E\u003Cul\u003E\u003Cli\u003E\u003Ca href=\u0022https:\/\/www.banque-france.fr\/fr\/statistiques\/taux-et-cours\/taux-dusure-2025-q4\u0022 target=\u0022_blank\u0022\u003EBanque de France \u2013 Taux d\u2019usure \u2013 4e trimestre 2025\u003C\/a\u003E\u003C\/li\u003E\u003Cli\u003E\u003Ca href=\u0022https:\/\/www.legifrance.gouv.fr\/jorf\/id\/JORFTEXT000051801483?init=true\u0026amp;page=1\u0026amp;query=relatif+%C3%A0+l%27application+des+articles+L.+314-6+du+code+de+la+consommation+et+L.+313-5-1+du+code+mon%C3%A9taire+et+financier+concernant+l%27usure\u0026amp;searchField=ALL\u0026amp;tab_selection=all\u0022 target=\u0022_blank\u0022\u003EAvis du 25 juin 2025 relatif \u00e0 l\u0027application des articles L. 314-6 du code de la consommation et L. 313-5-1 du code mon\u00e9taire et financier concernant l\u0027usure\u003C\/a\u003E\u003C\/li\u003E\u003C\/ul\u003E\u003C\/div\u003E","annee":"2025","theme":" Indices, taux, bar\u00e8mes juridiques","activites":["Agent immobilier","Prestataire de services","Professionnels du droit et du chiffre"],"image":"https:\/\/www.weblex.fr\/sites\/default\/files\/chiffres_clef\/Shutterstock_tauxusuretaux2025.jpg","created":"2025-10-20","modified":"2026-01-09"},{"url":"\/chiffres-cles\/indice-national-des-fermages-annee-2025","id":26692,"title":"Indice national des fermages - Ann\u00e9e 2025","content":"\u003Cdiv\u003E                                              \u003Cdiv\u003E\u003Ch2\u003E\u003Cbr\u003EIndice national des fermages\u003Cbr\u003E\u003Cbr\u003EAnn\u00e9e 2025\u003Cbr\u003E\u0026nbsp;\u003C\/h2\u003E\u003Cp\u003EL\u2019indice national des fermages est publi\u00e9 en base 100 = 2009\u003C\/p\u003E\u003Ctable border=\u00221\u0022 cellpadding=\u00220\u0022 cellspacing=\u00220\u0022\u003E\u003Ctbody\u003E\u003Ctr\u003E\u003Ctd valign=\u0022top\u0022 width=\u0022213\u0022\u003E\u003Cp\u003E\u003Cstrong\u003EANN\u00c9E\u003C\/strong\u003E\u003C\/p\u003E\u003C\/td\u003E\u003Ctd valign=\u0022top\u0022 width=\u0022196\u0022\u003E\u003Cp\u003E\u003Cstrong\u003EIndice\u003C\/strong\u003E\u003C\/p\u003E\u003C\/td\u003E\u003Ctd valign=\u0022top\u0022 width=\u0022196\u0022\u003E\u003Cp\u003E\u003Cstrong\u003EVariation annuelle\u003C\/strong\u003E\u003C\/p\u003E\u003C\/td\u003E\u003C\/tr\u003E\u003Ctr\u003E\u003Ctd valign=\u0022top\u0022 width=\u0022213\u0022\u003E\u003Cp\u003E2025\u003C\/p\u003E\u003C\/td\u003E\u003Ctd valign=\u0022top\u0022 width=\u0022196\u0022\u003E\u003Cp\u003E123,03\u003C\/p\u003E\u003C\/td\u003E\u003Ctd valign=\u0022top\u0022 width=\u0022196\u0022\u003E\u003Cp\u003E+ 0,42 %\u003C\/p\u003E\u003C\/td\u003E\u003C\/tr\u003E\u003Ctr\u003E\u003Ctd valign=\u0022top\u0022 width=\u0022213\u0022\u003E\u003Cp\u003E2024\u003C\/p\u003E\u003C\/td\u003E\u003Ctd valign=\u0022top\u0022 width=\u0022196\u0022\u003E\u003Cp\u003E122,55\u003C\/p\u003E\u003C\/td\u003E\u003Ctd valign=\u0022top\u0022 width=\u0022196\u0022\u003E\u003Cp\u003E+ 5,23 %\u003C\/p\u003E\u003C\/td\u003E\u003C\/tr\u003E\u003Ctr\u003E\u003Ctd valign=\u0022top\u0022 width=\u0022213\u0022\u003E\u003Cp\u003E2023\u003C\/p\u003E\u003C\/td\u003E\u003Ctd valign=\u0022top\u0022 width=\u0022196\u0022\u003E\u003Cp\u003E116,46\u003C\/p\u003E\u003C\/td\u003E\u003Ctd valign=\u0022top\u0022 width=\u0022196\u0022\u003E\u003Cp\u003E+ 5,63 %\u003C\/p\u003E\u003C\/td\u003E\u003C\/tr\u003E\u003Ctr\u003E\u003Ctd valign=\u0022top\u0022 width=\u0022213\u0022\u003E\u003Cp\u003E2022\u003C\/p\u003E\u003C\/td\u003E\u003Ctd valign=\u0022top\u0022 width=\u0022196\u0022\u003E\u003Cp\u003E110,26\u003C\/p\u003E\u003C\/td\u003E\u003Ctd valign=\u0022top\u0022 width=\u0022196\u0022\u003E\u003Cp\u003E+ 3,55 %\u003C\/p\u003E\u003C\/td\u003E\u003C\/tr\u003E\u003Ctr\u003E\u003Ctd valign=\u0022top\u0022 width=\u0022213\u0022\u003E\u003Cp\u003E2021\u003C\/p\u003E\u003C\/td\u003E\u003Ctd valign=\u0022top\u0022 width=\u0022196\u0022\u003E\u003Cp\u003E106,48\u003C\/p\u003E\u003C\/td\u003E\u003Ctd valign=\u0022top\u0022 width=\u0022196\u0022\u003E\u003Cp\u003E+ 1,09 %\u003C\/p\u003E\u003C\/td\u003E\u003C\/tr\u003E\u003Ctr\u003E\u003Ctd valign=\u0022top\u0022 width=\u0022213\u0022\u003E\u003Cp\u003E2020\u003C\/p\u003E\u003C\/td\u003E\u003Ctd valign=\u0022top\u0022 width=\u0022196\u0022\u003E\u003Cp\u003E105,33\u003C\/p\u003E\u003C\/td\u003E\u003Ctd valign=\u0022top\u0022 width=\u0022196\u0022\u003E\u003Cp\u003E+ 0,55 %\u003C\/p\u003E\u003C\/td\u003E\u003C\/tr\u003E\u003Ctr\u003E\u003Ctd valign=\u0022top\u0022 width=\u0022213\u0022\u003E\u003Cp\u003E2019\u003C\/p\u003E\u003C\/td\u003E\u003Ctd valign=\u0022top\u0022 width=\u0022196\u0022\u003E\u003Cp\u003E104,76\u003C\/p\u003E\u003C\/td\u003E\u003Ctd valign=\u0022top\u0022 width=\u0022196\u0022\u003E\u003Cp\u003E+ 1,66 %\u003C\/p\u003E\u003C\/td\u003E\u003C\/tr\u003E\u003Ctr\u003E\u003Ctd valign=\u0022top\u0022 width=\u0022213\u0022\u003E\u003Cp\u003E2018\u003C\/p\u003E\u003C\/td\u003E\u003Ctd valign=\u0022top\u0022 width=\u0022196\u0022\u003E\u003Cp\u003E103,05\u003C\/p\u003E\u003C\/td\u003E\u003Ctd valign=\u0022top\u0022 width=\u0022196\u0022\u003E\u003Cp\u003E- 3,04 %\u003C\/p\u003E\u003C\/td\u003E\u003C\/tr\u003E\u003Ctr\u003E\u003Ctd valign=\u0022top\u0022 width=\u0022213\u0022\u003E\u003Cp\u003E2017\u003C\/p\u003E\u003C\/td\u003E\u003Ctd valign=\u0022top\u0022 width=\u0022196\u0022\u003E\u003Cp\u003E106,28\u003C\/p\u003E\u003C\/td\u003E\u003Ctd valign=\u0022top\u0022 width=\u0022196\u0022\u003E\u003Cp\u003E- 3,02 %\u003C\/p\u003E\u003C\/td\u003E\u003C\/tr\u003E\u003Ctr\u003E\u003Ctd valign=\u0022top\u0022 width=\u0022213\u0022\u003E\u003Cp\u003E2016\u003C\/p\u003E\u003C\/td\u003E\u003Ctd valign=\u0022top\u0022 width=\u0022196\u0022\u003E\u003Cp\u003E109,59\u003C\/p\u003E\u003C\/td\u003E\u003Ctd valign=\u0022top\u0022 width=\u0022196\u0022\u003E\u003Cp\u003E- 0,42 %\u003C\/p\u003E\u003C\/td\u003E\u003C\/tr\u003E\u003C\/tbody\u003E\u003C\/table\u003E\u003Cp\u003ELes loyers par hectare en 2024 sont le r\u00e9sultat de la multiplication du loyer par hectare 2024 par l\u2019indice national des fermages 2025 divis\u00e9 par l\u2019indice des fermages 2024.\u003C\/p\u003E\u003Cp\u003EPour l\u2019actualisation des loyers entre le 1er octobre 2025 et le 30 septembre 2026, il faut donc appliquer une variation de + 0,42 % sur le montant du fermage pay\u00e9.\u003C\/p\u003E\u003C\/div\u003E                                            \u003Cp\u003E\u003Cbr \/\u003E\u003Cstrong\u003ESource :\u003C\/strong\u003E\u003Cstrong\u003E\u00a0\u003C\/strong\u003E\u003C\/p\u003E\u003Cul\u003E\u003Cli\u003E\u003Ca href=\u0022https:\/\/www.legifrance.gouv.fr\/jorf\/id\/JORFTEXT000051987943\u0022 target=\u0022_blank\u0022\u003EArr\u00eat\u00e9 du 23 juillet 2025 constatant pour 2025 l\u0027indice national des fermages\u003C\/a\u003E\u003C\/li\u003E\u003C\/ul\u003E\u003C\/div\u003E","annee":"2025","theme":" Indices, taux, bar\u00e8mes juridiques","activites":["Agriculture"],"image":"https:\/\/www.weblex.fr\/sites\/default\/files\/chiffres_clef\/Shutterstock_indicefermagesterres.jpg","created":"2025-09-01","modified":"2025-09-01"},{"url":"\/chiffres-cles\/contingent-annuel-d-exportation-de-rhum-annee-2025","id":25278,"title":"Contingent annuel d\u2019exportation de rhum - Ann\u00e9e 2025","content":"\u003Cdiv\u003E                                              \u003Ctable border=\u00221\u0022 cellpadding=\u00220\u0022 cellspacing=\u00220\u0022\u003E\u003Ctbody\u003E\u003Ctr\u003E\u003Ctd valign=\u0022top\u0022 width=\u0022113\u0022\u003E\u003Cp\u003E\u003Cstrong\u003E\u0026nbsp;\u003C\/strong\u003E\u003C\/p\u003E\u003C\/td\u003E\u003Ctd valign=\u0022top\u0022 width=\u0022225\u0022\u003E\u003Cp\u003E\u003Cstrong\u003E\u0026nbsp;\u003C\/strong\u003E\u003C\/p\u003E\u003C\/td\u003E\u003Ctd colspan=\u00223\u0022 valign=\u0022top\u0022 width=\u0022198\u0022\u003E\u003Cp\u003E\u003Cstrong\u003EContingent de rhum (en hectolitre d\u2019alcool pur)\u003C\/strong\u003E\u003C\/p\u003E\u003C\/td\u003E\u003C\/tr\u003E\u003Ctr\u003E\u003Ctd width=\u0022113\u0022\u003E\u003Cp\u003E\u003Cstrong\u003ED\u00e9partement\u003C\/strong\u003E\u003C\/p\u003E\u003C\/td\u003E\u003Ctd width=\u0022225\u0022\u003E\u003Cp\u003E\u003Cstrong\u003ENom ou raison sociale de la distillerie\u003C\/strong\u003E\u003C\/p\u003E\u003C\/td\u003E\u003Ctd colspan=\u00222\u0022 width=\u0022104\u0022\u003E\u003Cp\u003E\u003Cstrong\u003ERhum traditionnel agricole\u003C\/strong\u003E\u003C\/p\u003E\u003C\/td\u003E\u003Ctd width=\u002294\u0022\u003E\u003Cp\u003E\u003Cstrong\u003ERhum traditionnel de sucrerie\u003C\/strong\u003E\u003C\/p\u003E\u003C\/td\u003E\u003C\/tr\u003E\u003Ctr\u003E\u003Ctd colspan=\u00222\u0022 width=\u0022407\u0022\u003E\u003Cp\u003E\u003Cstrong\u003EMartinique\u003C\/strong\u003E\u003C\/p\u003E\u003C\/td\u003E\u003Ctd width=\u002299\u0022\u003E\u003Cp\u003E57 211,039\u003C\/p\u003E\u003C\/td\u003E\u003Ctd colspan=\u00222\u0022 width=\u002299\u0022\u003E\u003Cp\u003E11 613,084\u003C\/p\u003E\u003C\/td\u003E\u003C\/tr\u003E\u003Ctr\u003E\u003Ctd width=\u0022113\u0022\u003E\u003Cp\u003E\u0026nbsp;\u003C\/p\u003E\u003C\/td\u003E\u003Ctd width=\u0022225\u0022\u003E\u003Cp\u003EDistillerie Depaz \u00e0 Saint Pierre\u003C\/p\u003E\u003C\/td\u003E\u003Ctd width=\u002299\u0022\u003E\u003Cp\u003E14 020,839\u003C\/p\u003E\u003C\/td\u003E\u003Ctd colspan=\u00222\u0022 width=\u002299\u0022\u003E\u003Cp\u003E\u0026nbsp;\u003C\/p\u003E\u003C\/td\u003E\u003C\/tr\u003E\u003Ctr\u003E\u003Ctd width=\u0022113\u0022\u003E\u003Cp\u003E\u0026nbsp;\u003C\/p\u003E\u003C\/td\u003E\u003Ctd width=\u0022225\u0022\u003E\u003Cp\u003EDistillerie Bellonie et Bourdillon \u00e0 Rivi\u00e8re-Pilote\u003C\/p\u003E\u003C\/td\u003E\u003Ctd width=\u002299\u0022\u003E\u003Cp\u003E12 457,709\u003C\/p\u003E\u003C\/td\u003E\u003Ctd colspan=\u00222\u0022 width=\u002299\u0022\u003E\u003Cp\u003E\u0026nbsp;\u003C\/p\u003E\u003C\/td\u003E\u003C\/tr\u003E\u003Ctr\u003E\u003Ctd valign=\u0022top\u0022 width=\u0022113\u0022\u003E\u003Cp\u003E\u0026nbsp;\u003C\/p\u003E\u003C\/td\u003E\u003Ctd width=\u0022225\u0022\u003E\u003Cp\u003EDistillerie des rhums martiniquais St James SA \u00e0 Sainte-Marie\u003C\/p\u003E\u003C\/td\u003E\u003Ctd width=\u002299\u0022\u003E\u003Cp\u003E14 785,032\u003C\/p\u003E\u003C\/td\u003E\u003Ctd colspan=\u00222\u0022 width=\u002299\u0022\u003E\u003Cp\u003E\u0026nbsp;\u003C\/p\u003E\u003C\/td\u003E\u003C\/tr\u003E\u003Ctr\u003E\u003Ctd valign=\u0022top\u0022 width=\u0022113\u0022\u003E\u003Cp\u003E\u0026nbsp;\u003C\/p\u003E\u003C\/td\u003E\u003Ctd width=\u0022225\u0022\u003E\u003Cp\u003EDistillerie du Simon \u00e0 Le Fran\u00e7ois\u003C\/p\u003E\u003C\/td\u003E\u003Ctd width=\u002299\u0022\u003E\u003Cp\u003E9 993,539\u003C\/p\u003E\u003C\/td\u003E\u003Ctd colspan=\u00222\u0022 width=\u002299\u0022\u003E\u003Cp\u003E\u0026nbsp;\u003C\/p\u003E\u003C\/td\u003E\u003C\/tr\u003E\u003Ctr\u003E\u003Ctd valign=\u0022top\u0022 width=\u0022113\u0022\u003E\u003Cp\u003E\u0026nbsp;\u003C\/p\u003E\u003C\/td\u003E\u003Ctd width=\u0022225\u0022\u003E\u003Cp\u003EDistillerie SCA H\u00e9ritiers Crassous \u00e0 Macouba\u003C\/p\u003E\u003C\/td\u003E\u003Ctd width=\u002299\u0022\u003E\u003Cp\u003E4 746,987\u003C\/p\u003E\u003C\/td\u003E\u003Ctd colspan=\u00222\u0022 width=\u002299\u0022\u003E\u003Cp\u003E\u0026nbsp;\u003C\/p\u003E\u003C\/td\u003E\u003C\/tr\u003E\u003Ctr\u003E\u003Ctd valign=\u0022top\u0022 width=\u0022113\u0022\u003E\u003Cp\u003E\u0026nbsp;\u003C\/p\u003E\u003C\/td\u003E\u003Ctd width=\u0022225\u0022\u003E\u003Cp\u003EDistillerie Neisson au Carbet\u003C\/p\u003E\u003C\/td\u003E\u003Ctd width=\u002299\u0022\u003E\u003Cp\u003E599,794\u003C\/p\u003E\u003C\/td\u003E\u003Ctd colspan=\u00222\u0022 width=\u002299\u0022\u003E\u003Cp\u003E\u0026nbsp;\u003C\/p\u003E\u003C\/td\u003E\u003C\/tr\u003E\u003Ctr\u003E\u003Ctd valign=\u0022top\u0022 width=\u0022113\u0022\u003E\u003Cp\u003E\u0026nbsp;\u003C\/p\u003E\u003C\/td\u003E\u003Ctd width=\u0022225\u0022\u003E\u003Cp\u003EDistillerie La Favorite \u00e0 Fort-de-France\u003C\/p\u003E\u003C\/td\u003E\u003Ctd width=\u002299\u0022\u003E\u003Cp\u003E517,473\u003C\/p\u003E\u003C\/td\u003E\u003Ctd colspan=\u00222\u0022 width=\u002299\u0022\u003E\u003Cp\u003E\u0026nbsp;\u003C\/p\u003E\u003C\/td\u003E\u003C\/tr\u003E\u003Ctr\u003E\u003Ctd valign=\u0022top\u0022 width=\u0022113\u0022\u003E\u003Cp\u003E\u0026nbsp;\u003C\/p\u003E\u003C\/td\u003E\u003Ctd width=\u0022225\u0022\u003E\u003Cp\u003ESARL Rex \u00e0 le Fran\u00e7ois\u003C\/p\u003E\u003C\/td\u003E\u003Ctd width=\u002299\u0022\u003E\u003Cp\u003E89,666\u003C\/p\u003E\u003C\/td\u003E\u003Ctd colspan=\u00222\u0022 width=\u002299\u0022\u003E\u003Cp\u003E\u0026nbsp;\u003C\/p\u003E\u003C\/td\u003E\u003C\/tr\u003E\u003Ctr\u003E\u003Ctd valign=\u0022top\u0022 width=\u0022113\u0022\u003E\u003Cp\u003E\u0026nbsp;\u003C\/p\u003E\u003C\/td\u003E\u003Ctd width=\u0022225\u0022\u003E\u003Cp\u003ESAEM du Galion \u00e0 la Trinit\u00e9\u003C\/p\u003E\u003C\/td\u003E\u003Ctd width=\u002299\u0022\u003E\u003Cp\u003E\u0026nbsp;\u003C\/p\u003E\u003C\/td\u003E\u003Ctd colspan=\u00222\u0022 width=\u002299\u0022\u003E\u003Cp\u003E11 613,084\u003C\/p\u003E\u003C\/td\u003E\u003C\/tr\u003E\u003Ctr\u003E\u003Ctd colspan=\u00222\u0022 valign=\u0022top\u0022 width=\u0022407\u0022\u003E\u003Cp\u003E\u003Cstrong\u003EGuadeloupe\u003C\/strong\u003E\u003C\/p\u003E\u003C\/td\u003E\u003Ctd valign=\u0022top\u0022 width=\u002299\u0022\u003E\u003Cp\u003E18 575,426\u003C\/p\u003E\u003C\/td\u003E\u003Ctd colspan=\u00222\u0022 valign=\u0022top\u0022 width=\u002299\u0022\u003E\u003Cp\u003E35 433,003\u003C\/p\u003E\u003C\/td\u003E\u003C\/tr\u003E\u003Ctr\u003E\u003Ctd valign=\u0022top\u0022 width=\u0022113\u0022\u003E\u003Cp\u003E\u0026nbsp;\u003C\/p\u003E\u003C\/td\u003E\u003Ctd valign=\u0022top\u0022 width=\u0022225\u0022\u003E\u003Cp\u003EDistillerie Bielle \u00e0 Grand-Bourg\u003C\/p\u003E\u003C\/td\u003E\u003Ctd valign=\u0022top\u0022 width=\u002299\u0022\u003E\u003Cp\u003E793,617\u003C\/p\u003E\u003C\/td\u003E\u003Ctd colspan=\u00222\u0022 valign=\u0022top\u0022 width=\u002299\u0022\u003E\u003Cp\u003E\u0026nbsp;\u003C\/p\u003E\u003C\/td\u003E\u003C\/tr\u003E\u003Ctr\u003E\u003Ctd valign=\u0022top\u0022 width=\u0022113\u0022\u003E\u003Cp\u003E\u0026nbsp;\u003C\/p\u003E\u003C\/td\u003E\u003Ctd valign=\u0022top\u0022 width=\u0022225\u0022\u003E\u003Cp\u003EDistillerie Bologne \u00e0 Basse-Terre\u003C\/p\u003E\u003C\/td\u003E\u003Ctd valign=\u0022top\u0022 width=\u002299\u0022\u003E\u003Cp\u003E3 037,518\u003C\/p\u003E\u003C\/td\u003E\u003Ctd colspan=\u00222\u0022 valign=\u0022top\u0022 width=\u002299\u0022\u003E\u003Cp\u003E\u0026nbsp;\u003C\/p\u003E\u003C\/td\u003E\u003C\/tr\u003E\u003Ctr\u003E\u003Ctd valign=\u0022top\u0022 width=\u0022113\u0022\u003E\u003Cp\u003E\u0026nbsp;\u003C\/p\u003E\u003C\/td\u003E\u003Ctd valign=\u0022top\u0022 width=\u0022225\u0022\u003E\u003Cp\u003EDistillerie Bellevue au Moule\u003C\/p\u003E\u003C\/td\u003E\u003Ctd valign=\u0022top\u0022 width=\u002299\u0022\u003E\u003Cp\u003E7 235,89\u003C\/p\u003E\u003C\/td\u003E\u003Ctd colspan=\u00222\u0022 valign=\u0022top\u0022 width=\u002299\u0022\u003E\u003Cp\u003E\u0026nbsp;\u003C\/p\u003E\u003C\/td\u003E\u003C\/tr\u003E\u003Ctr\u003E\u003Ctd valign=\u0022top\u0022 width=\u0022113\u0022\u003E\u003Cp\u003E\u0026nbsp;\u003C\/p\u003E\u003C\/td\u003E\u003Ctd valign=\u0022top\u0022 width=\u0022225\u0022\u003E\u003Cp\u003EDistillerie Esp\u00e9rance \u00e0 Capesterre-Belle-Eau\u003C\/p\u003E\u003C\/td\u003E\u003Ctd valign=\u0022top\u0022 width=\u002299\u0022\u003E\u003Cp\u003E712,503\u003C\/p\u003E\u003C\/td\u003E\u003Ctd colspan=\u00222\u0022 valign=\u0022top\u0022 width=\u002299\u0022\u003E\u003Cp\u003E\u0026nbsp;\u003C\/p\u003E\u003C\/td\u003E\u003C\/tr\u003E\u003Ctr\u003E\u003Ctd valign=\u0022top\u0022 width=\u0022113\u0022\u003E\u003Cp\u003E\u0026nbsp;\u003C\/p\u003E\u003C\/td\u003E\u003Ctd valign=\u0022top\u0022 width=\u0022225\u0022\u003E\u003Cp\u003EDistillerie Montebello \u00e0 Petit Bourg\u003C\/p\u003E\u003C\/td\u003E\u003Ctd valign=\u0022top\u0022 width=\u002299\u0022\u003E\u003Cp\u003E1 241,075\u003C\/p\u003E\u003C\/td\u003E\u003Ctd colspan=\u00222\u0022 valign=\u0022top\u0022 width=\u002299\u0022\u003E\u003Cp\u003E\u0026nbsp;\u003C\/p\u003E\u003C\/td\u003E\u003C\/tr\u003E\u003Ctr\u003E\u003Ctd valign=\u0022top\u0022 width=\u0022113\u0022\u003E\u003Cp\u003E\u0026nbsp;\u003C\/p\u003E\u003C\/td\u003E\u003Ctd valign=\u0022top\u0022 width=\u0022225\u0022\u003E\u003Cp\u003EDistillerie Poisson \u00e0 Grand Bourg (MG)\u003C\/p\u003E\u003C\/td\u003E\u003Ctd valign=\u0022top\u0022 width=\u002299\u0022\u003E\u003Cp\u003E525,599\u003C\/p\u003E\u003C\/td\u003E\u003Ctd colspan=\u00222\u0022 valign=\u0022top\u0022 width=\u002299\u0022\u003E\u003Cp\u003E\u0026nbsp;\u003C\/p\u003E\u003C\/td\u003E\u003C\/tr\u003E\u003Ctr\u003E\u003Ctd valign=\u0022top\u0022 width=\u0022113\u0022\u003E\u003Cp\u003E\u0026nbsp;\u003C\/p\u003E\u003C\/td\u003E\u003Ctd valign=\u0022top\u0022 width=\u0022225\u0022\u003E\u003Cp\u003EDistillerie Bellevue \u00e0 Sainte-Rose\u003C\/p\u003E\u003C\/td\u003E\u003Ctd valign=\u0022top\u0022 width=\u002299\u0022\u003E\u003Cp\u003E984,802\u003C\/p\u003E\u003C\/td\u003E\u003Ctd colspan=\u00222\u0022 valign=\u0022top\u0022 width=\u002299\u0022\u003E\u003Cp\u003E\u0026nbsp;\u003C\/p\u003E\u003C\/td\u003E\u003C\/tr\u003E\u003Ctr\u003E\u003Ctd valign=\u0022top\u0022 width=\u0022113\u0022\u003E\u003Cp\u003E\u0026nbsp;\u003C\/p\u003E\u003C\/td\u003E\u003Ctd valign=\u0022top\u0022 width=\u0022225\u0022\u003E\u003Cp\u003EDistillerie de Bellevue-MG\u003C\/p\u003E\u003C\/td\u003E\u003Ctd valign=\u0022top\u0022 width=\u002299\u0022\u003E\u003Cp\u003E4 044,422\u003C\/p\u003E\u003C\/td\u003E\u003Ctd colspan=\u00222\u0022 valign=\u0022top\u0022 width=\u002299\u0022\u003E\u003Cp\u003E\u0026nbsp;\u003C\/p\u003E\u003C\/td\u003E\u003C\/tr\u003E\u003Ctr\u003E\u003Ctd valign=\u0022top\u0022 width=\u0022113\u0022\u003E\u003Cp\u003E\u0026nbsp;\u003C\/p\u003E\u003C\/td\u003E\u003Ctd valign=\u0022top\u0022 width=\u0022225\u0022\u003E\u003Cp\u003ESA des sucreries et rhumeries MG \u00e0 Grand Bourg\u003C\/p\u003E\u003C\/td\u003E\u003Ctd valign=\u0022top\u0022 width=\u002299\u0022\u003E\u003Cp\u003E\u0026nbsp;\u003C\/p\u003E\u003C\/td\u003E\u003Ctd colspan=\u00222\u0022 valign=\u0022top\u0022 width=\u002299\u0022\u003E\u003Cp\u003E7 262,997\u003C\/p\u003E\u003C\/td\u003E\u003C\/tr\u003E\u003Ctr\u003E\u003Ctd valign=\u0022top\u0022 width=\u0022113\u0022\u003E\u003Cp\u003E\u0026nbsp;\u003C\/p\u003E\u003C\/td\u003E\u003Ctd valign=\u0022top\u0022 width=\u0022225\u0022\u003E\u003Cp\u003ESucrerie de Gardel au Moule\u003C\/p\u003E\u003C\/td\u003E\u003Ctd valign=\u0022top\u0022 width=\u002299\u0022\u003E\u003Cp\u003E\u0026nbsp;\u003C\/p\u003E\u003C\/td\u003E\u003Ctd colspan=\u00222\u0022 valign=\u0022top\u0022 width=\u002299\u0022\u003E\u003Cp\u003E7 706,886\u003C\/p\u003E\u003C\/td\u003E\u003C\/tr\u003E\u003Ctr\u003E\u003Ctd valign=\u0022top\u0022 width=\u0022113\u0022\u003E\u003Cp\u003E\u0026nbsp;\u003C\/p\u003E\u003C\/td\u003E\u003Ctd valign=\u0022top\u0022 width=\u0022225\u0022\u003E\u003Cp\u003ESoci\u00e9t\u00e9 industrielle de sucrerie \u00e0 Bonne-m\u00e8re\u003C\/p\u003E\u003C\/td\u003E\u003Ctd valign=\u0022top\u0022 width=\u002299\u0022\u003E\u003Cp\u003E\u0026nbsp;\u003C\/p\u003E\u003C\/td\u003E\u003Ctd colspan=\u00222\u0022 valign=\u0022top\u0022 width=\u002299\u0022\u003E\u003Cp\u003E20 463,12\u003C\/p\u003E\u003C\/td\u003E\u003C\/tr\u003E\u003Ctr\u003E\u003Ctd colspan=\u00222\u0022 valign=\u0022top\u0022 width=\u0022407\u0022\u003E\u003Cp\u003E\u003Cstrong\u003ELa R\u00e9union\u003C\/strong\u003E\u003C\/p\u003E\u003C\/td\u003E\u003Ctd valign=\u0022top\u0022 width=\u002299\u0022\u003E\u003Cp\u003E0\u003C\/p\u003E\u003C\/td\u003E\u003Ctd colspan=\u00222\u0022 valign=\u0022top\u0022 width=\u002299\u0022\u003E\u003Cp\u003E29 914,972\u003C\/p\u003E\u003C\/td\u003E\u003C\/tr\u003E\u003Ctr\u003E\u003Ctd valign=\u0022top\u0022 width=\u0022113\u0022\u003E\u003Cp\u003E\u0026nbsp;\u003C\/p\u003E\u003C\/td\u003E\u003Ctd valign=\u0022top\u0022 width=\u0022225\u0022\u003E\u003Cp\u003EDistillerie Isautier \u00e0 St Pierre\u003C\/p\u003E\u003C\/td\u003E\u003Ctd valign=\u0022top\u0022 width=\u002299\u0022\u003E\u003Cp\u003E\u0026nbsp;\u003C\/p\u003E\u003C\/td\u003E\u003Ctd colspan=\u00222\u0022 valign=\u0022top\u0022 width=\u002299\u0022\u003E\u003Cp\u003E3 205,144\u003C\/p\u003E\u003C\/td\u003E\u003C\/tr\u003E\u003Ctr\u003E\u003Ctd valign=\u0022top\u0022 width=\u0022113\u0022\u003E\u003Cp\u003E\u0026nbsp;\u003C\/p\u003E\u003C\/td\u003E\u003Ctd valign=\u0022top\u0022 width=\u0022225\u0022\u003E\u003Cp\u003EDistillerie de Savanna SA \u00e0 St Andr\u00e9\u003C\/p\u003E\u003C\/td\u003E\u003Ctd valign=\u0022top\u0022 width=\u002299\u0022\u003E\u003Cp\u003E\u0026nbsp;\u003C\/p\u003E\u003C\/td\u003E\u003Ctd colspan=\u00222\u0022 valign=\u0022top\u0022 width=\u002299\u0022\u003E\u003Cp\u003E9 511,196\u003C\/p\u003E\u003C\/td\u003E\u003C\/tr\u003E\u003Ctr\u003E\u003Ctd valign=\u0022top\u0022 width=\u0022113\u0022\u003E\u003Cp\u003E\u0026nbsp;\u003C\/p\u003E\u003C\/td\u003E\u003Ctd valign=\u0022top\u0022 width=\u0022225\u0022\u003E\u003Cp\u003EDistillerie rivi\u00e8re du M\u00e2t SA \u00e0 St\u0026nbsp;Benoit\u003C\/p\u003E\u003C\/td\u003E\u003Ctd valign=\u0022top\u0022 width=\u002299\u0022\u003E\u003Cp\u003E\u0026nbsp;\u003C\/p\u003E\u003C\/td\u003E\u003Ctd colspan=\u00222\u0022 valign=\u0022top\u0022 width=\u002299\u0022\u003E\u003Cp\u003E17 198,632\u003C\/p\u003E\u003C\/td\u003E\u003C\/tr\u003E\u003Ctr\u003E\u003Ctd colspan=\u00222\u0022 valign=\u0022top\u0022 width=\u0022407\u0022\u003E\u003Cp\u003E\u003Cstrong\u003EGuyane\u003C\/strong\u003E\u003C\/p\u003E\u003C\/td\u003E\u003Ctd valign=\u0022top\u0022 width=\u002299\u0022\u003E\u003Cp\u003E252,476\u003C\/p\u003E\u003C\/td\u003E\u003Ctd colspan=\u00222\u0022 valign=\u0022top\u0022 width=\u002299\u0022\u003E\u003Cp\u003E0\u003C\/p\u003E\u003C\/td\u003E\u003C\/tr\u003E\u003Ctr\u003E\u003Ctd valign=\u0022top\u0022 width=\u0022113\u0022\u003E\u003Cp\u003E\u0026nbsp;\u003C\/p\u003E\u003C\/td\u003E\u003Ctd valign=\u0022top\u0022 width=\u0022225\u0022\u003E\u003Cp\u003ESARL Rhums Saint-Maurice\u0026nbsp;\u00e0 Saint-Laurent-du-Maroni\u003C\/p\u003E\u003C\/td\u003E\u003Ctd valign=\u0022top\u0022 width=\u002299\u0022\u003E\u003Cp\u003E252,476\u003C\/p\u003E\u003C\/td\u003E\u003Ctd colspan=\u00222\u0022 valign=\u0022top\u0022 width=\u002299\u0022\u003E\u003Cp\u003E\u0026nbsp;\u003C\/p\u003E\u003C\/td\u003E\u003C\/tr\u003E\u003C\/tbody\u003E\u003C\/table\u003E                                            \u003Cp\u003E\u003Cbr \/\u003E\u003Cstrong\u003ESource :\u003C\/strong\u003E\u003Cstrong\u003E\u00a0\u003C\/strong\u003E\u003C\/p\u003E\u003Cul\u003E\u003Cli\u003E\u003Ca href=\u0022https:\/\/www.legifrance.gouv.fr\/jorf\/id\/JORFTEXT000047873084\u0022 target=\u0022_blank\u0022 rel=\u0022noopener\u0022\u003EArr\u00eat\u00e9 du 19 juillet 2023 portant r\u00e9partition entre les d\u00e9partements et les distilleries du contingent d\u0027exportation de rhum traditionnel\u003C\/a\u003E\u003C\/li\u003E\u003Cli\u003E\u003Ca href=\u0022https:\/\/www.legifrance.gouv.fr\/codes\/id\/LEGIARTI000047876229\/2024-01-01\u0022 target=\u0022_blank\u0022\u003EArticle 52 ter du Code g\u00e9n\u00e9ral des imp\u00f4ts\u003C\/a\u003E\u003C\/li\u003E\u003C\/ul\u003E\u003C\/div\u003E","annee":"2025","theme":" Indices, taux, bar\u00e8mes juridiques","activites":["Agriculture"],"image":"https:\/\/www.weblex.fr\/sites\/default\/files\/chiffres_clef\/Shutterstock_exportationrhum.jpg","created":"2025-09-01","modified":"2026-04-20"},{"url":"\/chiffres-cles\/malus-automobile-2025","id":26668,"title":"Malus automobile - 2025","content":"\u003Cdiv\u003E                                              \u003Cp\u003ELe bar\u00e8me des \u00e9missions de CO2 de la m\u00e9thode dite WLTP est fix\u00e9 comme suit pour 2024 et jusqu\u0027au 28 f\u00e9vrier 2025 :\u0026nbsp;\u003C\/p\u003E\u003Ctable class=\u0022Table\u0022\u003E\u003Ctbody\u003E\u003Ctr\u003E\u003Ctd valign=\u0022top\u0022\u003E\u003Cp align=\u0022center\u0022\u003E\u003Cstrong\u003E\u00c9missions de dioxyde de carbone (en grammes par kilom\u00e8tre)\u003C\/strong\u003E\u003C\/p\u003E\u003C\/td\u003E\u003Ctd valign=\u0022top\u0022\u003E\u003Cp align=\u0022center\u0022\u003E\u003Cstrong\u003ETarif par v\u00e9hicule (en \u20ac)\u003C\/strong\u003E\u003C\/p\u003E\u003C\/td\u003E\u003C\/tr\u003E\u003Ctr\u003E\u003Ctd valign=\u0022top\u0022\u003E\u003Cp align=\u0022center\u0022\u003EInf\u00e9rieures \u00e0 117\u003C\/p\u003E\u003C\/td\u003E\u003Ctd valign=\u0022top\u0022\u003E\u003Cp align=\u0022center\u0022\u003E0\u003C\/p\u003E\u003C\/td\u003E\u003C\/tr\u003E\u003Ctr\u003E\u003Ctd valign=\u0022top\u0022\u003E\u003Cp align=\u0022center\u0022\u003E118\u003C\/p\u003E\u003C\/td\u003E\u003Ctd valign=\u0022top\u0022\u003E\u003Cp align=\u0022center\u0022\u003E50\u003C\/p\u003E\u003C\/td\u003E\u003C\/tr\u003E\u003Ctr\u003E\u003Ctd valign=\u0022top\u0022\u003E\u003Cp align=\u0022center\u0022\u003E119\u003C\/p\u003E\u003C\/td\u003E\u003Ctd valign=\u0022top\u0022\u003E\u003Cp align=\u0022center\u0022\u003E75\u003C\/p\u003E\u003C\/td\u003E\u003C\/tr\u003E\u003Ctr\u003E\u003Ctd valign=\u0022top\u0022\u003E\u003Cp align=\u0022center\u0022\u003E120\u003C\/p\u003E\u003C\/td\u003E\u003Ctd valign=\u0022top\u0022\u003E\u003Cp align=\u0022center\u0022\u003E100\u003C\/p\u003E\u003C\/td\u003E\u003C\/tr\u003E\u003Ctr\u003E\u003Ctd valign=\u0022top\u0022\u003E\u003Cp align=\u0022center\u0022\u003E121\u003C\/p\u003E\u003C\/td\u003E\u003Ctd valign=\u0022top\u0022\u003E\u003Cp align=\u0022center\u0022\u003E125\u003C\/p\u003E\u003C\/td\u003E\u003C\/tr\u003E\u003Ctr\u003E\u003Ctd valign=\u0022top\u0022\u003E\u003Cp align=\u0022center\u0022\u003E122\u003C\/p\u003E\u003C\/td\u003E\u003Ctd valign=\u0022top\u0022\u003E\u003Cp align=\u0022center\u0022\u003E150\u003C\/p\u003E\u003C\/td\u003E\u003C\/tr\u003E\u003Ctr\u003E\u003Ctd valign=\u0022top\u0022\u003E\u003Cp align=\u0022center\u0022\u003E123\u003C\/p\u003E\u003C\/td\u003E\u003Ctd valign=\u0022top\u0022\u003E\u003Cp align=\u0022center\u0022\u003E170\u003C\/p\u003E\u003C\/td\u003E\u003C\/tr\u003E\u003Ctr\u003E\u003Ctd valign=\u0022top\u0022\u003E\u003Cp align=\u0022center\u0022\u003E124\u003C\/p\u003E\u003C\/td\u003E\u003Ctd valign=\u0022top\u0022\u003E\u003Cp align=\u0022center\u0022\u003E190\u003C\/p\u003E\u003C\/td\u003E\u003C\/tr\u003E\u003Ctr\u003E\u003Ctd valign=\u0022top\u0022\u003E\u003Cp align=\u0022center\u0022\u003E125\u003C\/p\u003E\u003C\/td\u003E\u003Ctd valign=\u0022top\u0022\u003E\u003Cp align=\u0022center\u0022\u003E210\u003C\/p\u003E\u003C\/td\u003E\u003C\/tr\u003E\u003Ctr\u003E\u003Ctd valign=\u0022top\u0022\u003E\u003Cp align=\u0022center\u0022\u003E126\u003C\/p\u003E\u003C\/td\u003E\u003Ctd valign=\u0022top\u0022\u003E\u003Cp align=\u0022center\u0022\u003E230\u003C\/p\u003E\u003C\/td\u003E\u003C\/tr\u003E\u003Ctr\u003E\u003Ctd valign=\u0022top\u0022\u003E\u003Cp align=\u0022center\u0022\u003E127\u003C\/p\u003E\u003C\/td\u003E\u003Ctd valign=\u0022top\u0022\u003E\u003Cp align=\u0022center\u0022\u003E240\u003C\/p\u003E\u003C\/td\u003E\u003C\/tr\u003E\u003Ctr\u003E\u003Ctd valign=\u0022top\u0022\u003E\u003Cp align=\u0022center\u0022\u003E128\u003C\/p\u003E\u003C\/td\u003E\u003Ctd valign=\u0022top\u0022\u003E\u003Cp align=\u0022center\u0022\u003E260\u003C\/p\u003E\u003C\/td\u003E\u003C\/tr\u003E\u003Ctr\u003E\u003Ctd valign=\u0022top\u0022\u003E\u003Cp align=\u0022center\u0022\u003E129\u003C\/p\u003E\u003C\/td\u003E\u003Ctd valign=\u0022top\u0022\u003E\u003Cp align=\u0022center\u0022\u003E280\u003C\/p\u003E\u003C\/td\u003E\u003C\/tr\u003E\u003Ctr\u003E\u003Ctd valign=\u0022top\u0022\u003E\u003Cp align=\u0022center\u0022\u003E130\u003C\/p\u003E\u003C\/td\u003E\u003Ctd valign=\u0022top\u0022\u003E\u003Cp align=\u0022center\u0022\u003E310\u003C\/p\u003E\u003C\/td\u003E\u003C\/tr\u003E\u003Ctr\u003E\u003Ctd valign=\u0022top\u0022\u003E\u003Cp align=\u0022center\u0022\u003E131\u003C\/p\u003E\u003C\/td\u003E\u003Ctd valign=\u0022top\u0022\u003E\u003Cp align=\u0022center\u0022\u003E330\u003C\/p\u003E\u003C\/td\u003E\u003C\/tr\u003E\u003Ctr\u003E\u003Ctd valign=\u0022top\u0022\u003E\u003Cp align=\u0022center\u0022\u003E132\u003C\/p\u003E\u003C\/td\u003E\u003Ctd valign=\u0022top\u0022\u003E\u003Cp align=\u0022center\u0022\u003E360\u003C\/p\u003E\u003C\/td\u003E\u003C\/tr\u003E\u003Ctr\u003E\u003Ctd valign=\u0022top\u0022\u003E\u003Cp align=\u0022center\u0022\u003E133\u003C\/p\u003E\u003C\/td\u003E\u003Ctd valign=\u0022top\u0022\u003E\u003Cp align=\u0022center\u0022\u003E400\u003C\/p\u003E\u003C\/td\u003E\u003C\/tr\u003E\u003Ctr\u003E\u003Ctd valign=\u0022top\u0022\u003E\u003Cp align=\u0022center\u0022\u003E134\u003C\/p\u003E\u003C\/td\u003E\u003Ctd valign=\u0022top\u0022\u003E\u003Cp align=\u0022center\u0022\u003E450\u003C\/p\u003E\u003C\/td\u003E\u003C\/tr\u003E\u003Ctr\u003E\u003Ctd valign=\u0022top\u0022\u003E\u003Cp align=\u0022center\u0022\u003E135\u003C\/p\u003E\u003C\/td\u003E\u003Ctd valign=\u0022top\u0022\u003E\u003Cp align=\u0022center\u0022\u003E540\u003C\/p\u003E\u003C\/td\u003E\u003C\/tr\u003E\u003Ctr\u003E\u003Ctd valign=\u0022top\u0022\u003E\u003Cp align=\u0022center\u0022\u003E136\u003C\/p\u003E\u003C\/td\u003E\u003Ctd valign=\u0022top\u0022\u003E\u003Cp align=\u0022center\u0022\u003E650\u003C\/p\u003E\u003C\/td\u003E\u003C\/tr\u003E\u003Ctr\u003E\u003Ctd valign=\u0022top\u0022\u003E\u003Cp align=\u0022center\u0022\u003E137\u003C\/p\u003E\u003C\/td\u003E\u003Ctd valign=\u0022top\u0022\u003E\u003Cp align=\u0022center\u0022\u003E740\u003C\/p\u003E\u003C\/td\u003E\u003C\/tr\u003E\u003Ctr\u003E\u003Ctd valign=\u0022top\u0022\u003E\u003Cp align=\u0022center\u0022\u003E138\u003C\/p\u003E\u003C\/td\u003E\u003Ctd valign=\u0022top\u0022\u003E\u003Cp align=\u0022center\u0022\u003E818\u003C\/p\u003E\u003C\/td\u003E\u003C\/tr\u003E\u003Ctr\u003E\u003Ctd valign=\u0022top\u0022\u003E\u003Cp align=\u0022center\u0022\u003E139\u003C\/p\u003E\u003C\/td\u003E\u003Ctd valign=\u0022top\u0022\u003E\u003Cp align=\u0022center\u0022\u003E898\u003C\/p\u003E\u003C\/td\u003E\u003C\/tr\u003E\u003Ctr\u003E\u003Ctd valign=\u0022top\u0022\u003E\u003Cp align=\u0022center\u0022\u003E140\u003C\/p\u003E\u003C\/td\u003E\u003Ctd valign=\u0022top\u0022\u003E\u003Cp align=\u0022center\u0022\u003E983\u003C\/p\u003E\u003C\/td\u003E\u003C\/tr\u003E\u003Ctr\u003E\u003Ctd valign=\u0022top\u0022\u003E\u003Cp align=\u0022center\u0022\u003E141\u003C\/p\u003E\u003C\/td\u003E\u003Ctd valign=\u0022top\u0022\u003E\u003Cp align=\u0022center\u0022\u003E1 074\u003C\/p\u003E\u003C\/td\u003E\u003C\/tr\u003E\u003Ctr\u003E\u003Ctd valign=\u0022top\u0022\u003E\u003Cp align=\u0022center\u0022\u003E142\u003C\/p\u003E\u003C\/td\u003E\u003Ctd valign=\u0022top\u0022\u003E\u003Cp align=\u0022center\u0022\u003E1 172\u003C\/p\u003E\u003C\/td\u003E\u003C\/tr\u003E\u003Ctr\u003E\u003Ctd valign=\u0022top\u0022\u003E\u003Cp align=\u0022center\u0022\u003E143\u003C\/p\u003E\u003C\/td\u003E\u003Ctd valign=\u0022top\u0022\u003E\u003Cp align=\u0022center\u0022\u003E1 276\u003C\/p\u003E\u003C\/td\u003E\u003C\/tr\u003E\u003Ctr\u003E\u003Ctd valign=\u0022top\u0022\u003E\u003Cp align=\u0022center\u0022\u003E144\u003C\/p\u003E\u003C\/td\u003E\u003Ctd valign=\u0022top\u0022\u003E\u003Cp align=\u0022center\u0022\u003E1 386\u003C\/p\u003E\u003C\/td\u003E\u003C\/tr\u003E\u003Ctr\u003E\u003Ctd valign=\u0022top\u0022\u003E\u003Cp align=\u0022center\u0022\u003E145\u003C\/p\u003E\u003C\/td\u003E\u003Ctd valign=\u0022top\u0022\u003E\u003Cp align=\u0022center\u0022\u003E1 504\u003C\/p\u003E\u003C\/td\u003E\u003C\/tr\u003E\u003Ctr\u003E\u003Ctd valign=\u0022top\u0022\u003E\u003Cp align=\u0022center\u0022\u003E146\u003C\/p\u003E\u003C\/td\u003E\u003Ctd valign=\u0022top\u0022\u003E\u003Cp align=\u0022center\u0022\u003E1 629\u003C\/p\u003E\u003C\/td\u003E\u003C\/tr\u003E\u003Ctr\u003E\u003Ctd valign=\u0022top\u0022\u003E\u003Cp align=\u0022center\u0022\u003E147\u003C\/p\u003E\u003C\/td\u003E\u003Ctd valign=\u0022top\u0022\u003E\u003Cp align=\u0022center\u0022\u003E1 761\u003C\/p\u003E\u003C\/td\u003E\u003C\/tr\u003E\u003Ctr\u003E\u003Ctd valign=\u0022top\u0022\u003E\u003Cp align=\u0022center\u0022\u003E148\u003C\/p\u003E\u003C\/td\u003E\u003Ctd valign=\u0022top\u0022\u003E\u003Cp align=\u0022center\u0022\u003E1 901\u003C\/p\u003E\u003C\/td\u003E\u003C\/tr\u003E\u003Ctr\u003E\u003Ctd valign=\u0022top\u0022\u003E\u003Cp align=\u0022center\u0022\u003E149\u003C\/p\u003E\u003C\/td\u003E\u003Ctd valign=\u0022top\u0022\u003E\u003Cp align=\u0022center\u0022\u003E2 049\u003C\/p\u003E\u003C\/td\u003E\u003C\/tr\u003E\u003Ctr\u003E\u003Ctd valign=\u0022top\u0022\u003E\u003Cp align=\u0022center\u0022\u003E150\u003C\/p\u003E\u003C\/td\u003E\u003Ctd valign=\u0022top\u0022\u003E\u003Cp align=\u0022center\u0022\u003E2 205\u003C\/p\u003E\u003C\/td\u003E\u003C\/tr\u003E\u003Ctr\u003E\u003Ctd valign=\u0022top\u0022\u003E\u003Cp align=\u0022center\u0022\u003E151\u003C\/p\u003E\u003C\/td\u003E\u003Ctd valign=\u0022top\u0022\u003E\u003Cp align=\u0022center\u0022\u003E2 370\u003C\/p\u003E\u003C\/td\u003E\u003C\/tr\u003E\u003Ctr\u003E\u003Ctd valign=\u0022top\u0022\u003E\u003Cp align=\u0022center\u0022\u003E152\u003C\/p\u003E\u003C\/td\u003E\u003Ctd valign=\u0022top\u0022\u003E\u003Cp align=\u0022center\u0022\u003E2 544\u003C\/p\u003E\u003C\/td\u003E\u003C\/tr\u003E\u003Ctr\u003E\u003Ctd valign=\u0022top\u0022\u003E\u003Cp align=\u0022center\u0022\u003E153\u003C\/p\u003E\u003C\/td\u003E\u003Ctd valign=\u0022top\u0022\u003E\u003Cp align=\u0022center\u0022\u003E2 726\u003C\/p\u003E\u003C\/td\u003E\u003C\/tr\u003E\u003Ctr\u003E\u003Ctd valign=\u0022top\u0022\u003E\u003Cp align=\u0022center\u0022\u003E154\u003C\/p\u003E\u003C\/td\u003E\u003Ctd valign=\u0022top\u0022\u003E\u003Cp align=\u0022center\u0022\u003E2 918\u003C\/p\u003E\u003C\/td\u003E\u003C\/tr\u003E\u003Ctr\u003E\u003Ctd valign=\u0022top\u0022\u003E\u003Cp align=\u0022center\u0022\u003E155\u003C\/p\u003E\u003C\/td\u003E\u003Ctd valign=\u0022top\u0022\u003E\u003Cp align=\u0022center\u0022\u003E3 119\u003C\/p\u003E\u003C\/td\u003E\u003C\/tr\u003E\u003Ctr\u003E\u003Ctd valign=\u0022top\u0022\u003E\u003Cp align=\u0022center\u0022\u003E156\u003C\/p\u003E\u003C\/td\u003E\u003Ctd valign=\u0022top\u0022\u003E\u003Cp align=\u0022center\u0022\u003E3 331\u003C\/p\u003E\u003C\/td\u003E\u003C\/tr\u003E\u003Ctr\u003E\u003Ctd valign=\u0022top\u0022\u003E\u003Cp align=\u0022center\u0022\u003E157\u003C\/p\u003E\u003C\/td\u003E\u003Ctd valign=\u0022top\u0022\u003E\u003Cp align=\u0022center\u0022\u003E3 552\u003C\/p\u003E\u003C\/td\u003E\u003C\/tr\u003E\u003Ctr\u003E\u003Ctd valign=\u0022top\u0022\u003E\u003Cp align=\u0022center\u0022\u003E158\u003C\/p\u003E\u003C\/td\u003E\u003Ctd valign=\u0022top\u0022\u003E\u003Cp align=\u0022center\u0022\u003E3 784\u003C\/p\u003E\u003C\/td\u003E\u003C\/tr\u003E\u003Ctr\u003E\u003Ctd valign=\u0022top\u0022\u003E\u003Cp align=\u0022center\u0022\u003E159\u003C\/p\u003E\u003C\/td\u003E\u003Ctd valign=\u0022top\u0022\u003E\u003Cp align=\u0022center\u0022\u003E4 026\u003C\/p\u003E\u003C\/td\u003E\u003C\/tr\u003E\u003Ctr\u003E\u003Ctd valign=\u0022top\u0022\u003E\u003Cp align=\u0022center\u0022\u003E160\u003C\/p\u003E\u003C\/td\u003E\u003Ctd valign=\u0022top\u0022\u003E\u003Cp align=\u0022center\u0022\u003E4 279\u003C\/p\u003E\u003C\/td\u003E\u003C\/tr\u003E\u003Ctr\u003E\u003Ctd valign=\u0022top\u0022\u003E\u003Cp align=\u0022center\u0022\u003E161\u003C\/p\u003E\u003C\/td\u003E\u003Ctd valign=\u0022top\u0022\u003E\u003Cp align=\u0022center\u0022\u003E4 543\u003C\/p\u003E\u003C\/td\u003E\u003C\/tr\u003E\u003Ctr\u003E\u003Ctd valign=\u0022top\u0022\u003E\u003Cp align=\u0022center\u0022\u003E162\u003C\/p\u003E\u003C\/td\u003E\u003Ctd valign=\u0022top\u0022\u003E\u003Cp align=\u0022center\u0022\u003E4 818\u003C\/p\u003E\u003C\/td\u003E\u003C\/tr\u003E\u003Ctr\u003E\u003Ctd valign=\u0022top\u0022\u003E\u003Cp align=\u0022center\u0022\u003E163\u003C\/p\u003E\u003C\/td\u003E\u003Ctd valign=\u0022top\u0022\u003E\u003Cp align=\u0022center\u0022\u003E5 105\u003C\/p\u003E\u003C\/td\u003E\u003C\/tr\u003E\u003Ctr\u003E\u003Ctd valign=\u0022top\u0022\u003E\u003Cp align=\u0022center\u0022\u003E164\u003C\/p\u003E\u003C\/td\u003E\u003Ctd valign=\u0022top\u0022\u003E\u003Cp align=\u0022center\u0022\u003E5 404\u003C\/p\u003E\u003C\/td\u003E\u003C\/tr\u003E\u003Ctr\u003E\u003Ctd valign=\u0022top\u0022\u003E\u003Cp align=\u0022center\u0022\u003E165\u003C\/p\u003E\u003C\/td\u003E\u003Ctd valign=\u0022top\u0022\u003E\u003Cp align=\u0022center\u0022\u003E5 715\u003C\/p\u003E\u003C\/td\u003E\u003C\/tr\u003E\u003Ctr\u003E\u003Ctd valign=\u0022top\u0022\u003E\u003Cp align=\u0022center\u0022\u003E166\u003C\/p\u003E\u003C\/td\u003E\u003Ctd valign=\u0022top\u0022\u003E\u003Cp align=\u0022center\u0022\u003E6 126\u003C\/p\u003E\u003C\/td\u003E\u003C\/tr\u003E\u003Ctr\u003E\u003Ctd valign=\u0022top\u0022\u003E\u003Cp align=\u0022center\u0022\u003E167\u003C\/p\u003E\u003C\/td\u003E\u003Ctd valign=\u0022top\u0022\u003E\u003Cp align=\u0022center\u0022\u003E6 537\u003C\/p\u003E\u003C\/td\u003E\u003C\/tr\u003E\u003Ctr\u003E\u003Ctd valign=\u0022top\u0022\u003E\u003Cp align=\u0022center\u0022\u003E168\u003C\/p\u003E\u003C\/td\u003E\u003Ctd valign=\u0022top\u0022\u003E\u003Cp align=\u0022center\u0022\u003E7 248\u003C\/p\u003E\u003C\/td\u003E\u003C\/tr\u003E\u003Ctr\u003E\u003Ctd valign=\u0022top\u0022\u003E\u003Cp align=\u0022center\u0022\u003E169\u003C\/p\u003E\u003C\/td\u003E\u003Ctd valign=\u0022top\u0022\u003E\u003Cp align=\u0022center\u0022\u003E7 959\u003C\/p\u003E\u003C\/td\u003E\u003C\/tr\u003E\u003Ctr\u003E\u003Ctd valign=\u0022top\u0022\u003E\u003Cp align=\u0022center\u0022\u003E170\u003C\/p\u003E\u003C\/td\u003E\u003Ctd valign=\u0022top\u0022\u003E\u003Cp align=\u0022center\u0022\u003E8 770\u003C\/p\u003E\u003C\/td\u003E\u003C\/tr\u003E\u003Ctr\u003E\u003Ctd valign=\u0022top\u0022\u003E\u003Cp align=\u0022center\u0022\u003E171\u003C\/p\u003E\u003C\/td\u003E\u003Ctd valign=\u0022top\u0022\u003E\u003Cp align=\u0022center\u0022\u003E9 681\u003C\/p\u003E\u003C\/td\u003E\u003C\/tr\u003E\u003Ctr\u003E\u003Ctd valign=\u0022top\u0022\u003E\u003Cp align=\u0022center\u0022\u003E172\u003C\/p\u003E\u003C\/td\u003E\u003Ctd valign=\u0022top\u0022\u003E\u003Cp align=\u0022center\u0022\u003E10 692\u003C\/p\u003E\u003C\/td\u003E\u003C\/tr\u003E\u003Ctr\u003E\u003Ctd valign=\u0022top\u0022\u003E\u003Cp align=\u0022center\u0022\u003E173\u003C\/p\u003E\u003C\/td\u003E\u003Ctd valign=\u0022top\u0022\u003E\u003Cp align=\u0022center\u0022\u003E11 803\u003C\/p\u003E\u003C\/td\u003E\u003C\/tr\u003E\u003Ctr\u003E\u003Ctd valign=\u0022top\u0022\u003E\u003Cp align=\u0022center\u0022\u003E174\u003C\/p\u003E\u003C\/td\u003E\u003Ctd valign=\u0022top\u0022\u003E\u003Cp align=\u0022center\u0022\u003E13 014\u003C\/p\u003E\u003C\/td\u003E\u003C\/tr\u003E\u003Ctr\u003E\u003Ctd valign=\u0022top\u0022\u003E\u003Cp align=\u0022center\u0022\u003E175\u003C\/p\u003E\u003C\/td\u003E\u003Ctd valign=\u0022top\u0022\u003E\u003Cp align=\u0022center\u0022\u003E14 325\u003C\/p\u003E\u003C\/td\u003E\u003C\/tr\u003E\u003Ctr\u003E\u003Ctd valign=\u0022top\u0022\u003E\u003Cp align=\u0022center\u0022\u003E176\u003C\/p\u003E\u003C\/td\u003E\u003Ctd valign=\u0022top\u0022\u003E\u003Cp align=\u0022center\u0022\u003E15 736\u003C\/p\u003E\u003C\/td\u003E\u003C\/tr\u003E\u003Ctr\u003E\u003Ctd valign=\u0022top\u0022\u003E\u003Cp align=\u0022center\u0022\u003E177\u003C\/p\u003E\u003C\/td\u003E\u003Ctd valign=\u0022top\u0022\u003E\u003Cp align=\u0022center\u0022\u003E17 247\u003C\/p\u003E\u003C\/td\u003E\u003C\/tr\u003E\u003Ctr\u003E\u003Ctd valign=\u0022top\u0022\u003E\u003Cp align=\u0022center\u0022\u003E178\u003C\/p\u003E\u003C\/td\u003E\u003Ctd valign=\u0022top\u0022\u003E\u003Cp align=\u0022center\u0022\u003E18 858\u003C\/p\u003E\u003C\/td\u003E\u003C\/tr\u003E\u003Ctr\u003E\u003Ctd valign=\u0022top\u0022\u003E\u003Cp align=\u0022center\u0022\u003E179\u003C\/p\u003E\u003C\/td\u003E\u003Ctd valign=\u0022top\u0022\u003E\u003Cp align=\u0022center\u0022\u003E20 569\u003C\/p\u003E\u003C\/td\u003E\u003C\/tr\u003E\u003Ctr\u003E\u003Ctd valign=\u0022top\u0022\u003E\u003Cp align=\u0022center\u0022\u003E180\u003C\/p\u003E\u003C\/td\u003E\u003Ctd valign=\u0022top\u0022\u003E\u003Cp align=\u0022center\u0022\u003E22 380\u003C\/p\u003E\u003C\/td\u003E\u003C\/tr\u003E\u003Ctr\u003E\u003Ctd valign=\u0022top\u0022\u003E\u003Cp align=\u0022center\u0022\u003E181\u003C\/p\u003E\u003C\/td\u003E\u003Ctd valign=\u0022top\u0022\u003E\u003Cp align=\u0022center\u0022\u003E24 291\u003C\/p\u003E\u003C\/td\u003E\u003C\/tr\u003E\u003Ctr\u003E\u003Ctd valign=\u0022top\u0022\u003E\u003Cp align=\u0022center\u0022\u003E182\u003C\/p\u003E\u003C\/td\u003E\u003Ctd valign=\u0022top\u0022\u003E\u003Cp align=\u0022center\u0022\u003E26 302\u003C\/p\u003E\u003C\/td\u003E\u003C\/tr\u003E\u003Ctr\u003E\u003Ctd valign=\u0022top\u0022\u003E\u003Cp align=\u0022center\u0022\u003E183\u003C\/p\u003E\u003C\/td\u003E\u003Ctd valign=\u0022top\u0022\u003E\u003Cp align=\u0022center\u0022\u003E28 413\u003C\/p\u003E\u003C\/td\u003E\u003C\/tr\u003E\u003Ctr\u003E\u003Ctd valign=\u0022top\u0022\u003E\u003Cp align=\u0022center\u0022\u003E184\u003C\/p\u003E\u003C\/td\u003E\u003Ctd valign=\u0022top\u0022\u003E\u003Cp align=\u0022center\u0022\u003E30 624\u003C\/p\u003E\u003C\/td\u003E\u003C\/tr\u003E\u003Ctr\u003E\u003Ctd valign=\u0022top\u0022\u003E\u003Cp align=\u0022center\u0022\u003E185\u003C\/p\u003E\u003C\/td\u003E\u003Ctd valign=\u0022top\u0022\u003E\u003Cp align=\u0022center\u0022\u003E32 935\u003C\/p\u003E\u003C\/td\u003E\u003C\/tr\u003E\u003Ctr\u003E\u003Ctd valign=\u0022top\u0022\u003E\u003Cp align=\u0022center\u0022\u003E186\u003C\/p\u003E\u003C\/td\u003E\u003Ctd valign=\u0022top\u0022\u003E\u003Cp align=\u0022center\u0022\u003E35 346\u003C\/p\u003E\u003C\/td\u003E\u003C\/tr\u003E\u003Ctr\u003E\u003Ctd valign=\u0022top\u0022\u003E\u003Cp align=\u0022center\u0022\u003E187\u003C\/p\u003E\u003C\/td\u003E\u003Ctd valign=\u0022top\u0022\u003E\u003Cp align=\u0022center\u0022\u003E37 857\u003C\/p\u003E\u003C\/td\u003E\u003C\/tr\u003E\u003Ctr\u003E\u003Ctd valign=\u0022top\u0022\u003E\u003Cp align=\u0022center\u0022\u003E188\u003C\/p\u003E\u003C\/td\u003E\u003Ctd valign=\u0022top\u0022\u003E\u003Cp align=\u0022center\u0022\u003E40 468\u003C\/p\u003E\u003C\/td\u003E\u003C\/tr\u003E\u003Ctr\u003E\u003Ctd valign=\u0022top\u0022\u003E\u003Cp align=\u0022center\u0022\u003E189\u003C\/p\u003E\u003C\/td\u003E\u003Ctd valign=\u0022top\u0022\u003E\u003Cp align=\u0022center\u0022\u003E43 179\u003C\/p\u003E\u003C\/td\u003E\u003C\/tr\u003E\u003Ctr\u003E\u003Ctd valign=\u0022top\u0022\u003E\u003Cp align=\u0022center\u0022\u003E190\u003C\/p\u003E\u003C\/td\u003E\u003Ctd valign=\u0022top\u0022\u003E\u003Cp align=\u0022center\u0022\u003E45 990\u003C\/p\u003E\u003C\/td\u003E\u003C\/tr\u003E\u003Ctr\u003E\u003Ctd valign=\u0022top\u0022\u003E\u003Cp align=\u0022center\u0022\u003E191\u003C\/p\u003E\u003C\/td\u003E\u003Ctd valign=\u0022top\u0022\u003E\u003Cp align=\u0022center\u0022\u003E48 901\u003C\/p\u003E\u003C\/td\u003E\u003C\/tr\u003E\u003Ctr\u003E\u003Ctd valign=\u0022top\u0022\u003E\u003Cp align=\u0022center\u0022\u003E192\u003C\/p\u003E\u003C\/td\u003E\u003Ctd valign=\u0022top\u0022\u003E\u003Cp align=\u0022center\u0022\u003E51 912\u003C\/p\u003E\u003C\/td\u003E\u003C\/tr\u003E\u003Ctr\u003E\u003Ctd valign=\u0022top\u0022\u003E\u003Cp align=\u0022center\u0022\u003E193\u003C\/p\u003E\u003C\/td\u003E\u003Ctd valign=\u0022top\u0022\u003E\u003Cp align=\u0022center\u0022\u003E55 023\u003C\/p\u003E\u003C\/td\u003E\u003C\/tr\u003E\u003Ctr\u003E\u003Ctd valign=\u0022top\u0022\u003E\u003Cp align=\u0022center\u0022\u003ESup\u00e9rieures \u00e0 193\u003C\/p\u003E\u003C\/td\u003E\u003Ctd valign=\u0022top\u0022\u003E\u003Cp align=\u0022center\u0022\u003E60 000\u003C\/p\u003E\u003C\/td\u003E\u003C\/tr\u003E\u003C\/tbody\u003E\u003C\/table\u003E\u003Cp\u003E\u0026nbsp;Le bar\u00e8me des \u00e9missions de CO2 de la m\u00e9thode dite WLTP est fix\u00e9 comme suit pour la p\u00e9riode du 1er mars 2025 au 31 d\u00e9cembre 2025 :\u0026nbsp;\u003C\/p\u003E\u003Ctable border=\u00221\u0022 cellspacing=\u00220\u0022 cellpadding=\u00220\u0022 align=\u0022left\u0022\u003E\u003Ctbody\u003E\u003Ctr\u003E\u003Ctd width=\u0022181\u0022 valign=\u0022top\u0022\u003E\u003Cp align=\u0022center\u0022\u003E\u003Cstrong\u003E\u00c9missions de dioxyde de carbone (en grammes par kilom\u00e8tre)\u003C\/strong\u003E\u003C\/p\u003E\u003C\/td\u003E\u003Ctd width=\u0022181\u0022 valign=\u0022top\u0022\u003E\u003Cp align=\u0022center\u0022\u003E\u003Cstrong\u003ETarif par v\u00e9hicule (en \u20ac)\u003C\/strong\u003E\u003C\/p\u003E\u003C\/td\u003E\u003C\/tr\u003E\u003Ctr\u003E\u003Ctd width=\u0022181\u0022 valign=\u0022top\u0022\u003E\u003Cp align=\u0022center\u0022\u003EInf\u00e9rieures \u00e0 113\u0026nbsp;\u003C\/p\u003E\u003C\/td\u003E\u003Ctd width=\u0022181\u0022 valign=\u0022top\u0022\u003E\u003Cp align=\u0022center\u0022\u003E0\u0026nbsp;\u003C\/p\u003E\u003C\/td\u003E\u003C\/tr\u003E\u003Ctr\u003E\u003Ctd width=\u0022181\u0022 valign=\u0022top\u0022\u003E\u003Cp align=\u0022center\u0022\u003E113\u0026nbsp;\u003C\/p\u003E\u003C\/td\u003E\u003Ctd width=\u0022181\u0022 valign=\u0022top\u0022\u003E\u003Cp align=\u0022center\u0022\u003E50\u0026nbsp;\u003C\/p\u003E\u003C\/td\u003E\u003C\/tr\u003E\u003Ctr\u003E\u003Ctd width=\u0022181\u0022 valign=\u0022top\u0022\u003E\u003Cp align=\u0022center\u0022\u003E114\u0026nbsp;\u003C\/p\u003E\u003C\/td\u003E\u003Ctd width=\u0022181\u0022 valign=\u0022top\u0022\u003E\u003Cp align=\u0022center\u0022\u003E75\u0026nbsp;\u003C\/p\u003E\u003C\/td\u003E\u003C\/tr\u003E\u003Ctr\u003E\u003Ctd width=\u0022181\u0022 valign=\u0022top\u0022\u003E\u003Cp align=\u0022center\u0022\u003E115\u0026nbsp;\u003C\/p\u003E\u003C\/td\u003E\u003Ctd width=\u0022181\u0022 valign=\u0022top\u0022\u003E\u003Cp align=\u0022center\u0022\u003E100\u0026nbsp;\u003C\/p\u003E\u003C\/td\u003E\u003C\/tr\u003E\u003Ctr\u003E\u003Ctd width=\u0022181\u0022 valign=\u0022top\u0022\u003E\u003Cp align=\u0022center\u0022\u003E116\u0026nbsp;\u003C\/p\u003E\u003C\/td\u003E\u003Ctd width=\u0022181\u0022 valign=\u0022top\u0022\u003E\u003Cp align=\u0022center\u0022\u003E125\u0026nbsp;\u003C\/p\u003E\u003C\/td\u003E\u003C\/tr\u003E\u003Ctr\u003E\u003Ctd width=\u0022181\u0022 valign=\u0022top\u0022\u003E\u003Cp align=\u0022center\u0022\u003E117\u0026nbsp;\u003C\/p\u003E\u003C\/td\u003E\u003Ctd width=\u0022181\u0022 valign=\u0022top\u0022\u003E\u003Cp align=\u0022center\u0022\u003E150\u0026nbsp;\u003C\/p\u003E\u003C\/td\u003E\u003C\/tr\u003E\u003Ctr\u003E\u003Ctd width=\u0022181\u0022 valign=\u0022top\u0022\u003E\u003Cp align=\u0022center\u0022\u003E118\u0026nbsp;\u003C\/p\u003E\u003C\/td\u003E\u003Ctd width=\u0022181\u0022 valign=\u0022top\u0022\u003E\u003Cp align=\u0022center\u0022\u003E170\u0026nbsp;\u003C\/p\u003E\u003C\/td\u003E\u003C\/tr\u003E\u003Ctr\u003E\u003Ctd width=\u0022181\u0022 valign=\u0022top\u0022\u003E\u003Cp align=\u0022center\u0022\u003E119\u0026nbsp;\u003C\/p\u003E\u003C\/td\u003E\u003Ctd width=\u0022181\u0022 valign=\u0022top\u0022\u003E\u003Cp align=\u0022center\u0022\u003E190\u0026nbsp;\u003C\/p\u003E\u003C\/td\u003E\u003C\/tr\u003E\u003Ctr\u003E\u003Ctd width=\u0022181\u0022 valign=\u0022top\u0022\u003E\u003Cp align=\u0022center\u0022\u003E120\u0026nbsp;\u003C\/p\u003E\u003C\/td\u003E\u003Ctd width=\u0022181\u0022 valign=\u0022top\u0022\u003E\u003Cp align=\u0022center\u0022\u003E210\u0026nbsp;\u003C\/p\u003E\u003C\/td\u003E\u003C\/tr\u003E\u003Ctr\u003E\u003Ctd width=\u0022181\u0022 valign=\u0022top\u0022\u003E\u003Cp align=\u0022center\u0022\u003E121\u0026nbsp;\u003C\/p\u003E\u003C\/td\u003E\u003Ctd width=\u0022181\u0022 valign=\u0022top\u0022\u003E\u003Cp align=\u0022center\u0022\u003E230\u0026nbsp;\u003C\/p\u003E\u003C\/td\u003E\u003C\/tr\u003E\u003Ctr\u003E\u003Ctd width=\u0022181\u0022 valign=\u0022top\u0022\u003E\u003Cp align=\u0022center\u0022\u003E122\u0026nbsp;\u003C\/p\u003E\u003C\/td\u003E\u003Ctd width=\u0022181\u0022 valign=\u0022top\u0022\u003E\u003Cp align=\u0022center\u0022\u003E240\u0026nbsp;\u003C\/p\u003E\u003C\/td\u003E\u003C\/tr\u003E\u003Ctr\u003E\u003Ctd width=\u0022181\u0022 valign=\u0022top\u0022\u003E\u003Cp align=\u0022center\u0022\u003E123\u0026nbsp;\u003C\/p\u003E\u003C\/td\u003E\u003Ctd width=\u0022181\u0022 valign=\u0022top\u0022\u003E\u003Cp align=\u0022center\u0022\u003E260\u0026nbsp;\u003C\/p\u003E\u003C\/td\u003E\u003C\/tr\u003E\u003Ctr\u003E\u003Ctd width=\u0022181\u0022 valign=\u0022top\u0022\u003E\u003Cp align=\u0022center\u0022\u003E124\u0026nbsp;\u003C\/p\u003E\u003C\/td\u003E\u003Ctd width=\u0022181\u0022 valign=\u0022top\u0022\u003E\u003Cp align=\u0022center\u0022\u003E280\u0026nbsp;\u003C\/p\u003E\u003C\/td\u003E\u003C\/tr\u003E\u003Ctr\u003E\u003Ctd width=\u0022181\u0022 valign=\u0022top\u0022\u003E\u003Cp align=\u0022center\u0022\u003E125\u0026nbsp;\u003C\/p\u003E\u003C\/td\u003E\u003Ctd width=\u0022181\u0022 valign=\u0022top\u0022\u003E\u003Cp align=\u0022center\u0022\u003E310\u0026nbsp;\u003C\/p\u003E\u003C\/td\u003E\u003C\/tr\u003E\u003Ctr\u003E\u003Ctd width=\u0022181\u0022 valign=\u0022top\u0022\u003E\u003Cp align=\u0022center\u0022\u003E126\u0026nbsp;\u003C\/p\u003E\u003C\/td\u003E\u003Ctd width=\u0022181\u0022 valign=\u0022top\u0022\u003E\u003Cp align=\u0022center\u0022\u003E330\u0026nbsp;\u003C\/p\u003E\u003C\/td\u003E\u003C\/tr\u003E\u003Ctr\u003E\u003Ctd width=\u0022181\u0022 valign=\u0022top\u0022\u003E\u003Cp align=\u0022center\u0022\u003E127\u0026nbsp;\u003C\/p\u003E\u003C\/td\u003E\u003Ctd width=\u0022181\u0022 valign=\u0022top\u0022\u003E\u003Cp align=\u0022center\u0022\u003E360\u0026nbsp;\u003C\/p\u003E\u003C\/td\u003E\u003C\/tr\u003E\u003Ctr\u003E\u003Ctd width=\u0022181\u0022 valign=\u0022top\u0022\u003E\u003Cp align=\u0022center\u0022\u003E128\u0026nbsp;\u003C\/p\u003E\u003C\/td\u003E\u003Ctd width=\u0022181\u0022 valign=\u0022top\u0022\u003E\u003Cp align=\u0022center\u0022\u003E400\u0026nbsp;\u003C\/p\u003E\u003C\/td\u003E\u003C\/tr\u003E\u003Ctr\u003E\u003Ctd width=\u0022181\u0022 valign=\u0022top\u0022\u003E\u003Cp align=\u0022center\u0022\u003E129\u0026nbsp;\u003C\/p\u003E\u003C\/td\u003E\u003Ctd width=\u0022181\u0022 valign=\u0022top\u0022\u003E\u003Cp align=\u0022center\u0022\u003E450\u0026nbsp;\u003C\/p\u003E\u003C\/td\u003E\u003C\/tr\u003E\u003Ctr\u003E\u003Ctd width=\u0022181\u0022 valign=\u0022top\u0022\u003E\u003Cp align=\u0022center\u0022\u003E130\u0026nbsp;\u003C\/p\u003E\u003C\/td\u003E\u003Ctd width=\u0022181\u0022 valign=\u0022top\u0022\u003E\u003Cp align=\u0022center\u0022\u003E540\u0026nbsp;\u003C\/p\u003E\u003C\/td\u003E\u003C\/tr\u003E\u003Ctr\u003E\u003Ctd width=\u0022181\u0022 valign=\u0022top\u0022\u003E\u003Cp align=\u0022center\u0022\u003E131\u0026nbsp;\u003C\/p\u003E\u003C\/td\u003E\u003Ctd width=\u0022181\u0022 valign=\u0022top\u0022\u003E\u003Cp align=\u0022center\u0022\u003E650\u0026nbsp;\u003C\/p\u003E\u003C\/td\u003E\u003C\/tr\u003E\u003Ctr\u003E\u003Ctd width=\u0022181\u0022 valign=\u0022top\u0022\u003E\u003Cp align=\u0022center\u0022\u003E132\u0026nbsp;\u003C\/p\u003E\u003C\/td\u003E\u003Ctd width=\u0022181\u0022 valign=\u0022top\u0022\u003E\u003Cp align=\u0022center\u0022\u003E740\u0026nbsp;\u003C\/p\u003E\u003C\/td\u003E\u003C\/tr\u003E\u003Ctr\u003E\u003Ctd width=\u0022181\u0022 valign=\u0022top\u0022\u003E\u003Cp align=\u0022center\u0022\u003E133\u0026nbsp;\u003C\/p\u003E\u003C\/td\u003E\u003Ctd width=\u0022181\u0022 valign=\u0022top\u0022\u003E\u003Cp align=\u0022center\u0022\u003E818\u0026nbsp;\u003C\/p\u003E\u003C\/td\u003E\u003C\/tr\u003E\u003Ctr\u003E\u003Ctd width=\u0022181\u0022 valign=\u0022top\u0022\u003E\u003Cp align=\u0022center\u0022\u003E134\u0026nbsp;\u003C\/p\u003E\u003C\/td\u003E\u003Ctd width=\u0022181\u0022 valign=\u0022top\u0022\u003E\u003Cp align=\u0022center\u0022\u003E898\u0026nbsp;\u003C\/p\u003E\u003C\/td\u003E\u003C\/tr\u003E\u003Ctr\u003E\u003Ctd width=\u0022181\u0022 valign=\u0022top\u0022\u003E\u003Cp align=\u0022center\u0022\u003E135\u0026nbsp;\u003C\/p\u003E\u003C\/td\u003E\u003Ctd width=\u0022181\u0022 valign=\u0022top\u0022\u003E\u003Cp align=\u0022center\u0022\u003E983\u0026nbsp;\u003C\/p\u003E\u003C\/td\u003E\u003C\/tr\u003E\u003Ctr\u003E\u003Ctd width=\u0022181\u0022 valign=\u0022top\u0022\u003E\u003Cp align=\u0022center\u0022\u003E136\u0026nbsp;\u003C\/p\u003E\u003C\/td\u003E\u003Ctd width=\u0022181\u0022 valign=\u0022top\u0022\u003E\u003Cp align=\u0022center\u0022\u003E1 074\u0026nbsp;\u003C\/p\u003E\u003C\/td\u003E\u003C\/tr\u003E\u003Ctr\u003E\u003Ctd width=\u0022181\u0022 valign=\u0022top\u0022\u003E\u003Cp align=\u0022center\u0022\u003E137\u0026nbsp;\u003C\/p\u003E\u003C\/td\u003E\u003Ctd width=\u0022181\u0022 valign=\u0022top\u0022\u003E\u003Cp align=\u0022center\u0022\u003E1 172\u0026nbsp;\u003C\/p\u003E\u003C\/td\u003E\u003C\/tr\u003E\u003Ctr\u003E\u003Ctd width=\u0022181\u0022 valign=\u0022top\u0022\u003E\u003Cp align=\u0022center\u0022\u003E138\u0026nbsp;\u003C\/p\u003E\u003C\/td\u003E\u003Ctd width=\u0022181\u0022 valign=\u0022top\u0022\u003E\u003Cp align=\u0022center\u0022\u003E1 276\u0026nbsp;\u003C\/p\u003E\u003C\/td\u003E\u003C\/tr\u003E\u003Ctr\u003E\u003Ctd width=\u0022181\u0022 valign=\u0022top\u0022\u003E\u003Cp align=\u0022center\u0022\u003E139\u0026nbsp;\u003C\/p\u003E\u003C\/td\u003E\u003Ctd width=\u0022181\u0022 valign=\u0022top\u0022\u003E\u003Cp align=\u0022center\u0022\u003E1 386\u0026nbsp;\u003C\/p\u003E\u003C\/td\u003E\u003C\/tr\u003E\u003Ctr\u003E\u003Ctd width=\u0022181\u0022 valign=\u0022top\u0022\u003E\u003Cp align=\u0022center\u0022\u003E140\u0026nbsp;\u003C\/p\u003E\u003C\/td\u003E\u003Ctd width=\u0022181\u0022 valign=\u0022top\u0022\u003E\u003Cp align=\u0022center\u0022\u003E1 504\u0026nbsp;\u003C\/p\u003E\u003C\/td\u003E\u003C\/tr\u003E\u003Ctr\u003E\u003Ctd width=\u0022181\u0022 valign=\u0022top\u0022\u003E\u003Cp align=\u0022center\u0022\u003E141\u0026nbsp;\u003C\/p\u003E\u003C\/td\u003E\u003Ctd width=\u0022181\u0022 valign=\u0022top\u0022\u003E\u003Cp align=\u0022center\u0022\u003E1 629\u0026nbsp;\u003C\/p\u003E\u003C\/td\u003E\u003C\/tr\u003E\u003Ctr\u003E\u003Ctd width=\u0022181\u0022 valign=\u0022top\u0022\u003E\u003Cp align=\u0022center\u0022\u003E142\u0026nbsp;\u003C\/p\u003E\u003C\/td\u003E\u003Ctd width=\u0022181\u0022 valign=\u0022top\u0022\u003E\u003Cp align=\u0022center\u0022\u003E1 761\u0026nbsp;\u003C\/p\u003E\u003C\/td\u003E\u003C\/tr\u003E\u003Ctr\u003E\u003Ctd width=\u0022181\u0022 valign=\u0022top\u0022\u003E\u003Cp align=\u0022center\u0022\u003E143\u0026nbsp;\u003C\/p\u003E\u003C\/td\u003E\u003Ctd width=\u0022181\u0022 valign=\u0022top\u0022\u003E\u003Cp align=\u0022center\u0022\u003E1 901\u0026nbsp;\u003C\/p\u003E\u003C\/td\u003E\u003C\/tr\u003E\u003Ctr\u003E\u003Ctd width=\u0022181\u0022 valign=\u0022top\u0022\u003E\u003Cp align=\u0022center\u0022\u003E144\u0026nbsp;\u003C\/p\u003E\u003C\/td\u003E\u003Ctd width=\u0022181\u0022 valign=\u0022top\u0022\u003E\u003Cp align=\u0022center\u0022\u003E2 049\u0026nbsp;\u003C\/p\u003E\u003C\/td\u003E\u003C\/tr\u003E\u003Ctr\u003E\u003Ctd width=\u0022181\u0022 valign=\u0022top\u0022\u003E\u003Cp align=\u0022center\u0022\u003E145\u0026nbsp;\u003C\/p\u003E\u003C\/td\u003E\u003Ctd width=\u0022181\u0022 valign=\u0022top\u0022\u003E\u003Cp align=\u0022center\u0022\u003E2 205\u0026nbsp;\u003C\/p\u003E\u003C\/td\u003E\u003C\/tr\u003E\u003Ctr\u003E\u003Ctd width=\u0022181\u0022 valign=\u0022top\u0022\u003E\u003Cp align=\u0022center\u0022\u003E146\u0026nbsp;\u003C\/p\u003E\u003C\/td\u003E\u003Ctd width=\u0022181\u0022 valign=\u0022top\u0022\u003E\u003Cp align=\u0022center\u0022\u003E2 370\u0026nbsp;\u003C\/p\u003E\u003C\/td\u003E\u003C\/tr\u003E\u003Ctr\u003E\u003Ctd width=\u0022181\u0022 valign=\u0022top\u0022\u003E\u003Cp align=\u0022center\u0022\u003E147\u0026nbsp;\u003C\/p\u003E\u003C\/td\u003E\u003Ctd width=\u0022181\u0022 valign=\u0022top\u0022\u003E\u003Cp align=\u0022center\u0022\u003E2 544\u0026nbsp;\u003C\/p\u003E\u003C\/td\u003E\u003C\/tr\u003E\u003Ctr\u003E\u003Ctd width=\u0022181\u0022 valign=\u0022top\u0022\u003E\u003Cp align=\u0022center\u0022\u003E148\u0026nbsp;\u003C\/p\u003E\u003C\/td\u003E\u003Ctd width=\u0022181\u0022 valign=\u0022top\u0022\u003E\u003Cp align=\u0022center\u0022\u003E2 726\u0026nbsp;\u003C\/p\u003E\u003C\/td\u003E\u003C\/tr\u003E\u003Ctr\u003E\u003Ctd width=\u0022181\u0022 valign=\u0022top\u0022\u003E\u003Cp align=\u0022center\u0022\u003E149\u0026nbsp;\u003C\/p\u003E\u003C\/td\u003E\u003Ctd width=\u0022181\u0022 valign=\u0022top\u0022\u003E\u003Cp align=\u0022center\u0022\u003E2 918\u0026nbsp;\u003C\/p\u003E\u003C\/td\u003E\u003C\/tr\u003E\u003Ctr\u003E\u003Ctd width=\u0022181\u0022 valign=\u0022top\u0022\u003E\u003Cp align=\u0022center\u0022\u003E150\u0026nbsp;\u003C\/p\u003E\u003C\/td\u003E\u003Ctd width=\u0022181\u0022 valign=\u0022top\u0022\u003E\u003Cp align=\u0022center\u0022\u003E3 119\u0026nbsp;\u003C\/p\u003E\u003C\/td\u003E\u003C\/tr\u003E\u003Ctr\u003E\u003Ctd width=\u0022181\u0022 valign=\u0022top\u0022\u003E\u003Cp align=\u0022center\u0022\u003E151\u0026nbsp;\u003C\/p\u003E\u003C\/td\u003E\u003Ctd width=\u0022181\u0022 valign=\u0022top\u0022\u003E\u003Cp align=\u0022center\u0022\u003E3 331\u0026nbsp;\u003C\/p\u003E\u003C\/td\u003E\u003C\/tr\u003E\u003Ctr\u003E\u003Ctd width=\u0022181\u0022 valign=\u0022top\u0022\u003E\u003Cp align=\u0022center\u0022\u003E152\u0026nbsp;\u003C\/p\u003E\u003C\/td\u003E\u003Ctd width=\u0022181\u0022 valign=\u0022top\u0022\u003E\u003Cp align=\u0022center\u0022\u003E3 552\u0026nbsp;\u003C\/p\u003E\u003C\/td\u003E\u003C\/tr\u003E\u003Ctr\u003E\u003Ctd width=\u0022181\u0022 valign=\u0022top\u0022\u003E\u003Cp align=\u0022center\u0022\u003E153\u0026nbsp;\u003C\/p\u003E\u003C\/td\u003E\u003Ctd width=\u0022181\u0022 valign=\u0022top\u0022\u003E\u003Cp align=\u0022center\u0022\u003E3 784\u0026nbsp;\u003C\/p\u003E\u003C\/td\u003E\u003C\/tr\u003E\u003Ctr\u003E\u003Ctd width=\u0022181\u0022 valign=\u0022top\u0022\u003E\u003Cp align=\u0022center\u0022\u003E154\u0026nbsp;\u003C\/p\u003E\u003C\/td\u003E\u003Ctd width=\u0022181\u0022 valign=\u0022top\u0022\u003E\u003Cp align=\u0022center\u0022\u003E4 026\u0026nbsp;\u003C\/p\u003E\u003C\/td\u003E\u003C\/tr\u003E\u003Ctr\u003E\u003Ctd width=\u0022181\u0022 valign=\u0022top\u0022\u003E\u003Cp align=\u0022center\u0022\u003E155\u0026nbsp;\u003C\/p\u003E\u003C\/td\u003E\u003Ctd width=\u0022181\u0022 valign=\u0022top\u0022\u003E\u003Cp align=\u0022center\u0022\u003E4 279\u0026nbsp;\u003C\/p\u003E\u003C\/td\u003E\u003C\/tr\u003E\u003Ctr\u003E\u003Ctd width=\u0022181\u0022 valign=\u0022top\u0022\u003E\u003Cp align=\u0022center\u0022\u003E156\u0026nbsp;\u003C\/p\u003E\u003C\/td\u003E\u003Ctd width=\u0022181\u0022 valign=\u0022top\u0022\u003E\u003Cp align=\u0022center\u0022\u003E4 543\u0026nbsp;\u003C\/p\u003E\u003C\/td\u003E\u003C\/tr\u003E\u003Ctr\u003E\u003Ctd width=\u0022181\u0022 valign=\u0022top\u0022\u003E\u003Cp align=\u0022center\u0022\u003E157\u0026nbsp;\u003C\/p\u003E\u003C\/td\u003E\u003Ctd width=\u0022181\u0022 valign=\u0022top\u0022\u003E\u003Cp align=\u0022center\u0022\u003E4 818\u0026nbsp;\u003C\/p\u003E\u003C\/td\u003E\u003C\/tr\u003E\u003Ctr\u003E\u003Ctd width=\u0022181\u0022 valign=\u0022top\u0022\u003E\u003Cp align=\u0022center\u0022\u003E158\u0026nbsp;\u003C\/p\u003E\u003C\/td\u003E\u003Ctd width=\u0022181\u0022 valign=\u0022top\u0022\u003E\u003Cp align=\u0022center\u0022\u003E5 105\u0026nbsp;\u003C\/p\u003E\u003C\/td\u003E\u003C\/tr\u003E\u003Ctr\u003E\u003Ctd width=\u0022181\u0022 valign=\u0022top\u0022\u003E\u003Cp align=\u0022center\u0022\u003E159\u0026nbsp;\u003C\/p\u003E\u003C\/td\u003E\u003Ctd width=\u0022181\u0022 valign=\u0022top\u0022\u003E\u003Cp align=\u0022center\u0022\u003E5 404\u0026nbsp;\u003C\/p\u003E\u003C\/td\u003E\u003C\/tr\u003E\u003Ctr\u003E\u003Ctd width=\u0022181\u0022 valign=\u0022top\u0022\u003E\u003Cp align=\u0022center\u0022\u003E160\u0026nbsp;\u003C\/p\u003E\u003C\/td\u003E\u003Ctd width=\u0022181\u0022 valign=\u0022top\u0022\u003E\u003Cp align=\u0022center\u0022\u003E5 715\u0026nbsp;\u003C\/p\u003E\u003C\/td\u003E\u003C\/tr\u003E\u003Ctr\u003E\u003Ctd width=\u0022181\u0022 valign=\u0022top\u0022\u003E\u003Cp align=\u0022center\u0022\u003E161\u0026nbsp;\u003C\/p\u003E\u003C\/td\u003E\u003Ctd width=\u0022181\u0022 valign=\u0022top\u0022\u003E\u003Cp align=\u0022center\u0022\u003E6 126\u0026nbsp;\u003C\/p\u003E\u003C\/td\u003E\u003C\/tr\u003E\u003Ctr\u003E\u003Ctd width=\u0022181\u0022 valign=\u0022top\u0022\u003E\u003Cp align=\u0022center\u0022\u003E162\u0026nbsp;\u003C\/p\u003E\u003C\/td\u003E\u003Ctd width=\u0022181\u0022 valign=\u0022top\u0022\u003E\u003Cp align=\u0022center\u0022\u003E6 637\u0026nbsp;\u003C\/p\u003E\u003C\/td\u003E\u003C\/tr\u003E\u003Ctr\u003E\u003Ctd width=\u0022181\u0022 valign=\u0022top\u0022\u003E\u003Cp align=\u0022center\u0022\u003E163\u0026nbsp;\u003C\/p\u003E\u003C\/td\u003E\u003Ctd width=\u0022181\u0022 valign=\u0022top\u0022\u003E\u003Cp align=\u0022center\u0022\u003E7 248\u0026nbsp;\u003C\/p\u003E\u003C\/td\u003E\u003C\/tr\u003E\u003Ctr\u003E\u003Ctd width=\u0022181\u0022 valign=\u0022top\u0022\u003E\u003Cp align=\u0022center\u0022\u003E164\u0026nbsp;\u003C\/p\u003E\u003C\/td\u003E\u003Ctd width=\u0022181\u0022 valign=\u0022top\u0022\u003E\u003Cp align=\u0022center\u0022\u003E7 959\u0026nbsp;\u003C\/p\u003E\u003C\/td\u003E\u003C\/tr\u003E\u003Ctr\u003E\u003Ctd width=\u0022181\u0022 valign=\u0022top\u0022\u003E\u003Cp align=\u0022center\u0022\u003E165\u0026nbsp;\u003C\/p\u003E\u003C\/td\u003E\u003Ctd width=\u0022181\u0022 valign=\u0022top\u0022\u003E\u003Cp align=\u0022center\u0022\u003E8 770\u0026nbsp;\u003C\/p\u003E\u003C\/td\u003E\u003C\/tr\u003E\u003Ctr\u003E\u003Ctd width=\u0022181\u0022 valign=\u0022top\u0022\u003E\u003Cp align=\u0022center\u0022\u003E166\u0026nbsp;\u003C\/p\u003E\u003C\/td\u003E\u003Ctd width=\u0022181\u0022 valign=\u0022top\u0022\u003E\u003Cp align=\u0022center\u0022\u003E9 681\u0026nbsp;\u003C\/p\u003E\u003C\/td\u003E\u003C\/tr\u003E\u003Ctr\u003E\u003Ctd width=\u0022181\u0022 valign=\u0022top\u0022\u003E\u003Cp align=\u0022center\u0022\u003E167\u0026nbsp;\u003C\/p\u003E\u003C\/td\u003E\u003Ctd width=\u0022181\u0022 valign=\u0022top\u0022\u003E\u003Cp align=\u0022center\u0022\u003E10 692\u0026nbsp;\u003C\/p\u003E\u003C\/td\u003E\u003C\/tr\u003E\u003Ctr\u003E\u003Ctd width=\u0022181\u0022 valign=\u0022top\u0022\u003E\u003Cp align=\u0022center\u0022\u003E168\u0026nbsp;\u003C\/p\u003E\u003C\/td\u003E\u003Ctd width=\u0022181\u0022 valign=\u0022top\u0022\u003E\u003Cp align=\u0022center\u0022\u003E11 803\u0026nbsp;\u003C\/p\u003E\u003C\/td\u003E\u003C\/tr\u003E\u003Ctr\u003E\u003Ctd width=\u0022181\u0022 valign=\u0022top\u0022\u003E\u003Cp align=\u0022center\u0022\u003E169\u0026nbsp;\u003C\/p\u003E\u003C\/td\u003E\u003Ctd width=\u0022181\u0022 valign=\u0022top\u0022\u003E\u003Cp align=\u0022center\u0022\u003E13 014\u0026nbsp;\u003C\/p\u003E\u003C\/td\u003E\u003C\/tr\u003E\u003Ctr\u003E\u003Ctd width=\u0022181\u0022 valign=\u0022top\u0022\u003E\u003Cp align=\u0022center\u0022\u003E170\u0026nbsp;\u003C\/p\u003E\u003C\/td\u003E\u003Ctd width=\u0022181\u0022 valign=\u0022top\u0022\u003E\u003Cp align=\u0022center\u0022\u003E14 325\u0026nbsp;\u003C\/p\u003E\u003C\/td\u003E\u003C\/tr\u003E\u003Ctr\u003E\u003Ctd width=\u0022181\u0022 valign=\u0022top\u0022\u003E\u003Cp align=\u0022center\u0022\u003E171\u0026nbsp;\u003C\/p\u003E\u003C\/td\u003E\u003Ctd width=\u0022181\u0022 valign=\u0022top\u0022\u003E\u003Cp align=\u0022center\u0022\u003E15 736\u0026nbsp;\u003C\/p\u003E\u003C\/td\u003E\u003C\/tr\u003E\u003Ctr\u003E\u003Ctd width=\u0022181\u0022 valign=\u0022top\u0022\u003E\u003Cp align=\u0022center\u0022\u003E172\u0026nbsp;\u003C\/p\u003E\u003C\/td\u003E\u003Ctd width=\u0022181\u0022 valign=\u0022top\u0022\u003E\u003Cp align=\u0022center\u0022\u003E17 247\u0026nbsp;\u003C\/p\u003E\u003C\/td\u003E\u003C\/tr\u003E\u003Ctr\u003E\u003Ctd width=\u0022181\u0022 valign=\u0022top\u0022\u003E\u003Cp align=\u0022center\u0022\u003E173\u0026nbsp;\u003C\/p\u003E\u003C\/td\u003E\u003Ctd width=\u0022181\u0022 valign=\u0022top\u0022\u003E\u003Cp align=\u0022center\u0022\u003E18 858\u0026nbsp;\u003C\/p\u003E\u003C\/td\u003E\u003C\/tr\u003E\u003Ctr\u003E\u003Ctd width=\u0022181\u0022 valign=\u0022top\u0022\u003E\u003Cp align=\u0022center\u0022\u003E174\u0026nbsp;\u003C\/p\u003E\u003C\/td\u003E\u003Ctd width=\u0022181\u0022 valign=\u0022top\u0022\u003E\u003Cp align=\u0022center\u0022\u003E20 569\u0026nbsp;\u003C\/p\u003E\u003C\/td\u003E\u003C\/tr\u003E\u003Ctr\u003E\u003Ctd width=\u0022181\u0022 valign=\u0022top\u0022\u003E\u003Cp align=\u0022center\u0022\u003E175\u0026nbsp;\u003C\/p\u003E\u003C\/td\u003E\u003Ctd width=\u0022181\u0022 valign=\u0022top\u0022\u003E\u003Cp align=\u0022center\u0022\u003E22 380\u0026nbsp;\u003C\/p\u003E\u003C\/td\u003E\u003C\/tr\u003E\u003Ctr\u003E\u003Ctd width=\u0022181\u0022 valign=\u0022top\u0022\u003E\u003Cp align=\u0022center\u0022\u003E176\u0026nbsp;\u003C\/p\u003E\u003C\/td\u003E\u003Ctd width=\u0022181\u0022 valign=\u0022top\u0022\u003E\u003Cp align=\u0022center\u0022\u003E24 291\u0026nbsp;\u003C\/p\u003E\u003C\/td\u003E\u003C\/tr\u003E\u003Ctr\u003E\u003Ctd width=\u0022181\u0022 valign=\u0022top\u0022\u003E\u003Cp align=\u0022center\u0022\u003E177\u0026nbsp;\u003C\/p\u003E\u003C\/td\u003E\u003Ctd width=\u0022181\u0022 valign=\u0022top\u0022\u003E\u003Cp align=\u0022center\u0022\u003E26 302\u0026nbsp;\u003C\/p\u003E\u003C\/td\u003E\u003C\/tr\u003E\u003Ctr\u003E\u003Ctd width=\u0022181\u0022 valign=\u0022top\u0022\u003E\u003Cp align=\u0022center\u0022\u003E178\u0026nbsp;\u003C\/p\u003E\u003C\/td\u003E\u003Ctd width=\u0022181\u0022 valign=\u0022top\u0022\u003E\u003Cp align=\u0022center\u0022\u003E28 413\u0026nbsp;\u003C\/p\u003E\u003C\/td\u003E\u003C\/tr\u003E\u003Ctr\u003E\u003Ctd width=\u0022181\u0022 valign=\u0022top\u0022\u003E\u003Cp align=\u0022center\u0022\u003E179\u0026nbsp;\u003C\/p\u003E\u003C\/td\u003E\u003Ctd width=\u0022181\u0022 valign=\u0022top\u0022\u003E\u003Cp align=\u0022center\u0022\u003E30 624\u0026nbsp;\u003C\/p\u003E\u003C\/td\u003E\u003C\/tr\u003E\u003Ctr\u003E\u003Ctd width=\u0022181\u0022 valign=\u0022top\u0022\u003E\u003Cp align=\u0022center\u0022\u003E180\u0026nbsp;\u003C\/p\u003E\u003C\/td\u003E\u003Ctd width=\u0022181\u0022 valign=\u0022top\u0022\u003E\u003Cp align=\u0022center\u0022\u003E32 935\u0026nbsp;\u003C\/p\u003E\u003C\/td\u003E\u003C\/tr\u003E\u003Ctr\u003E\u003Ctd width=\u0022181\u0022 valign=\u0022top\u0022\u003E\u003Cp align=\u0022center\u0022\u003E181\u0026nbsp;\u003C\/p\u003E\u003C\/td\u003E\u003Ctd width=\u0022181\u0022 valign=\u0022top\u0022\u003E\u003Cp align=\u0022center\u0022\u003E35 346\u0026nbsp;\u003C\/p\u003E\u003C\/td\u003E\u003C\/tr\u003E\u003Ctr\u003E\u003Ctd width=\u0022181\u0022 valign=\u0022top\u0022\u003E\u003Cp align=\u0022center\u0022\u003E182\u0026nbsp;\u003C\/p\u003E\u003C\/td\u003E\u003Ctd width=\u0022181\u0022 valign=\u0022top\u0022\u003E\u003Cp align=\u0022center\u0022\u003E37 857\u0026nbsp;\u003C\/p\u003E\u003C\/td\u003E\u003C\/tr\u003E\u003Ctr\u003E\u003Ctd width=\u0022181\u0022 valign=\u0022top\u0022\u003E\u003Cp align=\u0022center\u0022\u003E183\u0026nbsp;\u003C\/p\u003E\u003C\/td\u003E\u003Ctd width=\u0022181\u0022 valign=\u0022top\u0022\u003E\u003Cp align=\u0022center\u0022\u003E40 468\u0026nbsp;\u003C\/p\u003E\u003C\/td\u003E\u003C\/tr\u003E\u003Ctr\u003E\u003Ctd width=\u0022181\u0022 valign=\u0022top\u0022\u003E\u003Cp align=\u0022center\u0022\u003E184\u0026nbsp;\u003C\/p\u003E\u003C\/td\u003E\u003Ctd width=\u0022181\u0022 valign=\u0022top\u0022\u003E\u003Cp align=\u0022center\u0022\u003E43 179\u0026nbsp;\u003C\/p\u003E\u003C\/td\u003E\u003C\/tr\u003E\u003Ctr\u003E\u003Ctd width=\u0022181\u0022 valign=\u0022top\u0022\u003E\u003Cp align=\u0022center\u0022\u003E185\u0026nbsp;\u003C\/p\u003E\u003C\/td\u003E\u003Ctd width=\u0022181\u0022 valign=\u0022top\u0022\u003E\u003Cp align=\u0022center\u0022\u003E45 990\u0026nbsp;\u003C\/p\u003E\u003C\/td\u003E\u003C\/tr\u003E\u003Ctr\u003E\u003Ctd width=\u0022181\u0022 valign=\u0022top\u0022\u003E\u003Cp align=\u0022center\u0022\u003E186\u0026nbsp;\u003C\/p\u003E\u003C\/td\u003E\u003Ctd width=\u0022181\u0022 valign=\u0022top\u0022\u003E\u003Cp align=\u0022center\u0022\u003E48 901\u0026nbsp;\u003C\/p\u003E\u003C\/td\u003E\u003C\/tr\u003E\u003Ctr\u003E\u003Ctd width=\u0022181\u0022 valign=\u0022top\u0022\u003E\u003Cp align=\u0022center\u0022\u003E187\u0026nbsp;\u003C\/p\u003E\u003C\/td\u003E\u003Ctd width=\u0022181\u0022 valign=\u0022top\u0022\u003E\u003Cp align=\u0022center\u0022\u003E51 912\u0026nbsp;\u003C\/p\u003E\u003C\/td\u003E\u003C\/tr\u003E\u003Ctr\u003E\u003Ctd width=\u0022181\u0022 valign=\u0022top\u0022\u003E\u003Cp align=\u0022center\u0022\u003E188\u0026nbsp;\u003C\/p\u003E\u003C\/td\u003E\u003Ctd width=\u0022181\u0022 valign=\u0022top\u0022\u003E\u003Cp align=\u0022center\u0022\u003E55 023\u0026nbsp;\u003C\/p\u003E\u003C\/td\u003E\u003C\/tr\u003E\u003Ctr\u003E\u003Ctd width=\u0022181\u0022 valign=\u0022top\u0022\u003E\u003Cp align=\u0022center\u0022\u003E189\u0026nbsp;\u003C\/p\u003E\u003C\/td\u003E\u003Ctd width=\u0022181\u0022 valign=\u0022top\u0022\u003E\u003Cp align=\u0022center\u0022\u003E58 134\u0026nbsp;\u003C\/p\u003E\u003C\/td\u003E\u003C\/tr\u003E\u003Ctr\u003E\u003Ctd width=\u0022181\u0022 valign=\u0022top\u0022\u003E\u003Cp align=\u0022center\u0022\u003E190\u0026nbsp;\u003C\/p\u003E\u003C\/td\u003E\u003Ctd width=\u0022181\u0022 valign=\u0022top\u0022\u003E\u003Cp align=\u0022center\u0022\u003E61 245\u0026nbsp;\u003C\/p\u003E\u003C\/td\u003E\u003C\/tr\u003E\u003Ctr\u003E\u003Ctd width=\u0022181\u0022 valign=\u0022top\u0022\u003E\u003Cp align=\u0022center\u0022\u003E191\u0026nbsp;\u003C\/p\u003E\u003C\/td\u003E\u003Ctd width=\u0022181\u0022 valign=\u0022top\u0022\u003E\u003Cp align=\u0022center\u0022\u003E64 356\u0026nbsp;\u003C\/p\u003E\u003C\/td\u003E\u003C\/tr\u003E\u003Ctr\u003E\u003Ctd width=\u0022181\u0022 valign=\u0022top\u0022\u003E\u003Cp align=\u0022center\u0022\u003E192\u0026nbsp;\u003C\/p\u003E\u003C\/td\u003E\u003Ctd width=\u0022181\u0022 valign=\u0022top\u0022\u003E\u003Cp align=\u0022center\u0022\u003E67 467\u0026nbsp;\u003C\/p\u003E\u003C\/td\u003E\u003C\/tr\u003E\u003Ctr\u003E\u003Ctd width=\u0022181\u0022 valign=\u0022top\u0022\u003E\u003Cp align=\u0022center\u0022\u003ESup\u00e9rieures \u00e0 192\u0026nbsp;\u003C\/p\u003E\u003C\/td\u003E\u003Ctd width=\u0022181\u0022 valign=\u0022top\u0022\u003E\u003Cp align=\u0022center\u0022\u003E70 000\u0026nbsp;\u003C\/p\u003E\u003C\/td\u003E\u003C\/tr\u003E\u003C\/tbody\u003E\u003C\/table\u003E\u003Cp\u003ELes bar\u00e8mes en puissance administrative, exprim\u00e9e en chevaux administratifs qui sont fix\u00e9s, pour 2024 et jusqu\u0027au 28 f\u00e9vrier 2025, de la mani\u00e8re suivante :\u003C\/p\u003E\u003Ctable class=\u0022Table\u0022\u003E\u003Ctbody\u003E\u003Ctr\u003E\u003Ctd valign=\u0022top\u0022\u003E\u003Cp class=\u0022Default\u0022 align=\u0022center\u0022\u003E\u003Cstrong\u003EPuissance administrative (en CV)\u003C\/strong\u003E\u003C\/p\u003E\u003C\/td\u003E\u003Ctd valign=\u0022top\u0022\u003E\u003Cp class=\u0022Default\u0022 align=\u0022center\u0022\u003E\u003Cstrong\u003ETarif (en \u20ac)\u003C\/strong\u003E\u003C\/p\u003E\u003C\/td\u003E\u003C\/tr\u003E\u003Ctr\u003E\u003Ctd valign=\u0022top\u0022\u003E\u003Cp class=\u0022Default\u0022 align=\u0022center\u0022\u003EInf\u00e9rieure \u00e0 4\u003C\/p\u003E\u003C\/td\u003E\u003Ctd valign=\u0022top\u0022\u003E\u003Cp class=\u0022Default\u0022 align=\u0022center\u0022\u003E0\u003C\/p\u003E\u003C\/td\u003E\u003C\/tr\u003E\u003Ctr\u003E\u003Ctd valign=\u0022top\u0022\u003E\u003Cp class=\u0022Default\u0022 align=\u0022center\u0022\u003E4\u003C\/p\u003E\u003C\/td\u003E\u003Ctd valign=\u0022top\u0022\u003E\u003Cp class=\u0022Default\u0022 align=\u0022center\u0022\u003E1 000\u003C\/p\u003E\u003C\/td\u003E\u003C\/tr\u003E\u003Ctr\u003E\u003Ctd valign=\u0022top\u0022\u003E\u003Cp class=\u0022Default\u0022 align=\u0022center\u0022\u003E5\u003C\/p\u003E\u003C\/td\u003E\u003Ctd valign=\u0022top\u0022\u003E\u003Cp class=\u0022Default\u0022 align=\u0022center\u0022\u003E3 250\u003C\/p\u003E\u003C\/td\u003E\u003C\/tr\u003E\u003Ctr\u003E\u003Ctd valign=\u0022top\u0022\u003E\u003Cp class=\u0022Default\u0022 align=\u0022center\u0022\u003E6\u003C\/p\u003E\u003C\/td\u003E\u003Ctd valign=\u0022top\u0022\u003E\u003Cp class=\u0022Default\u0022 align=\u0022center\u0022\u003E5 000\u003C\/p\u003E\u003C\/td\u003E\u003C\/tr\u003E\u003Ctr\u003E\u003Ctd valign=\u0022top\u0022\u003E\u003Cp class=\u0022Default\u0022 align=\u0022center\u0022\u003E7\u003C\/p\u003E\u003C\/td\u003E\u003Ctd valign=\u0022top\u0022\u003E\u003Cp class=\u0022Default\u0022 align=\u0022center\u0022\u003E6 750\u003C\/p\u003E\u003C\/td\u003E\u003C\/tr\u003E\u003Ctr\u003E\u003Ctd valign=\u0022top\u0022\u003E\u003Cp class=\u0022Default\u0022 align=\u0022center\u0022\u003E8\u003C\/p\u003E\u003C\/td\u003E\u003Ctd valign=\u0022top\u0022\u003E\u003Cp class=\u0022Default\u0022 align=\u0022center\u0022\u003E10 750\u003C\/p\u003E\u003C\/td\u003E\u003C\/tr\u003E\u003Ctr\u003E\u003Ctd valign=\u0022top\u0022\u003E\u003Cp class=\u0022Default\u0022 align=\u0022center\u0022\u003E9\u003C\/p\u003E\u003C\/td\u003E\u003Ctd valign=\u0022top\u0022\u003E\u003Cp class=\u0022Default\u0022 align=\u0022center\u0022\u003E15 750\u003C\/p\u003E\u003C\/td\u003E\u003C\/tr\u003E\u003Ctr\u003E\u003Ctd valign=\u0022top\u0022\u003E\u003Cp class=\u0022Default\u0022 align=\u0022center\u0022\u003E10\u003C\/p\u003E\u003C\/td\u003E\u003Ctd valign=\u0022top\u0022\u003E\u003Cp class=\u0022Default\u0022 align=\u0022center\u0022\u003E22 500\u003C\/p\u003E\u003C\/td\u003E\u003C\/tr\u003E\u003Ctr\u003E\u003Ctd valign=\u0022top\u0022\u003E\u003Cp class=\u0022Default\u0022 align=\u0022center\u0022\u003E11\u003C\/p\u003E\u003C\/td\u003E\u003Ctd valign=\u0022top\u0022\u003E\u003Cp class=\u0022Default\u0022 align=\u0022center\u0022\u003E28 500\u003C\/p\u003E\u003C\/td\u003E\u003C\/tr\u003E\u003Ctr\u003E\u003Ctd valign=\u0022top\u0022\u003E\u003Cp class=\u0022Default\u0022 align=\u0022center\u0022\u003E12\u003C\/p\u003E\u003C\/td\u003E\u003Ctd valign=\u0022top\u0022\u003E\u003Cp class=\u0022Default\u0022 align=\u0022center\u0022\u003E35 500\u003C\/p\u003E\u003C\/td\u003E\u003C\/tr\u003E\u003Ctr\u003E\u003Ctd valign=\u0022top\u0022\u003E\u003Cp class=\u0022Default\u0022 align=\u0022center\u0022\u003E13\u003C\/p\u003E\u003C\/td\u003E\u003Ctd valign=\u0022top\u0022\u003E\u003Cp class=\u0022Default\u0022 align=\u0022center\u0022\u003E43 250\u003C\/p\u003E\u003C\/td\u003E\u003C\/tr\u003E\u003Ctr\u003E\u003Ctd valign=\u0022top\u0022\u003E\u003Cp class=\u0022Default\u0022 align=\u0022center\u0022\u003E14\u003C\/p\u003E\u003C\/td\u003E\u003Ctd valign=\u0022top\u0022\u003E\u003Cp class=\u0022Default\u0022 align=\u0022center\u0022\u003E52 000\u003C\/p\u003E\u003C\/td\u003E\u003C\/tr\u003E\u003Ctr\u003E\u003Ctd valign=\u0022top\u0022\u003E\u003Cp class=\u0022Default\u0022 align=\u0022center\u0022\u003E15 et plus\u003C\/p\u003E\u003C\/td\u003E\u003Ctd valign=\u0022top\u0022\u003E\u003Cp class=\u0022Default\u0022 align=\u0022center\u0022\u003E60 000\u003C\/p\u003E\u003C\/td\u003E\u003C\/tr\u003E\u003C\/tbody\u003E\u003C\/table\u003E\u003Cp\u003ELes bar\u00e8mes en puissance administrative, exprim\u00e9e en chevaux administratifs qui sont fix\u00e9s, pour la p\u00e9riode du 1er mars 2025 au 31 d\u00e9cembre 2025, de la mani\u00e8re suivante :\u003C\/p\u003E\u003Ctable border=\u00221\u0022 cellspacing=\u00220\u0022 cellpadding=\u00220\u0022\u003E\u003Ctbody\u003E\u003Ctr\u003E\u003Ctd width=\u0022162\u0022 valign=\u0022top\u0022\u003E\u003Cp class=\u0022Default\u0022 align=\u0022center\u0022\u003E\u003Cstrong\u003EPuissance administrative (en CV)\u003C\/strong\u003E\u003C\/p\u003E\u003C\/td\u003E\u003Ctd width=\u0022162\u0022 valign=\u0022top\u0022\u003E\u003Cp class=\u0022Default\u0022 align=\u0022center\u0022\u003E\u003Cstrong\u003ETarif (en \u20ac)\u003C\/strong\u003E\u003C\/p\u003E\u003C\/td\u003E\u003C\/tr\u003E\u003Ctr\u003E\u003Ctd width=\u0022162\u0022 valign=\u0022top\u0022\u003E\u003Cp class=\u0022Default\u0022 align=\u0022center\u0022\u003EInf\u00e9rieure \u00e0 3\u0026nbsp;\u003C\/p\u003E\u003C\/td\u003E\u003Ctd width=\u0022162\u0022 valign=\u0022top\u0022\u003E\u003Cp class=\u0022Default\u0022 align=\u0022center\u0022\u003E0\u0026nbsp;\u003C\/p\u003E\u003C\/td\u003E\u003C\/tr\u003E\u003Ctr\u003E\u003Ctd width=\u0022162\u0022 valign=\u0022top\u0022\u003E\u003Cp class=\u0022Default\u0022 align=\u0022center\u0022\u003E3\u0026nbsp;\u003C\/p\u003E\u003C\/td\u003E\u003Ctd width=\u0022162\u0022 valign=\u0022top\u0022\u003E\u003Cp class=\u0022Default\u0022 align=\u0022center\u0022\u003E250 \u0026nbsp;\u003C\/p\u003E\u003C\/td\u003E\u003C\/tr\u003E\u003Ctr\u003E\u003Ctd width=\u0022162\u0022 valign=\u0022top\u0022\u003E\u003Cp class=\u0022Default\u0022 align=\u0022center\u0022\u003E4\u0026nbsp;\u003C\/p\u003E\u003C\/td\u003E\u003Ctd width=\u0022162\u0022 valign=\u0022top\u0022\u003E\u003Cp class=\u0022Default\u0022 align=\u0022center\u0022\u003E1 500\u0026nbsp;\u003C\/p\u003E\u003C\/td\u003E\u003C\/tr\u003E\u003Ctr\u003E\u003Ctd width=\u0022162\u0022 valign=\u0022top\u0022\u003E\u003Cp class=\u0022Default\u0022 align=\u0022center\u0022\u003E5\u0026nbsp;\u003C\/p\u003E\u003C\/td\u003E\u003Ctd width=\u0022162\u0022 valign=\u0022top\u0022\u003E\u003Cp class=\u0022Default\u0022 align=\u0022center\u0022\u003E4 000\u0026nbsp;\u003C\/p\u003E\u003C\/td\u003E\u003C\/tr\u003E\u003Ctr\u003E\u003Ctd width=\u0022162\u0022 valign=\u0022top\u0022\u003E\u003Cp class=\u0022Default\u0022 align=\u0022center\u0022\u003E6\u0026nbsp;\u003C\/p\u003E\u003C\/td\u003E\u003Ctd width=\u0022162\u0022 valign=\u0022top\u0022\u003E\u003Cp class=\u0022Default\u0022 align=\u0022center\u0022\u003E6 250\u0026nbsp;\u003C\/p\u003E\u003C\/td\u003E\u003C\/tr\u003E\u003Ctr\u003E\u003Ctd width=\u0022162\u0022 valign=\u0022top\u0022\u003E\u003Cp class=\u0022Default\u0022 align=\u0022center\u0022\u003E7\u0026nbsp;\u003C\/p\u003E\u003C\/td\u003E\u003Ctd width=\u0022162\u0022 valign=\u0022top\u0022\u003E\u003Cp class=\u0022Default\u0022 align=\u0022center\u0022\u003E8 500\u0026nbsp;\u003C\/p\u003E\u003C\/td\u003E\u003C\/tr\u003E\u003Ctr\u003E\u003Ctd width=\u0022162\u0022 valign=\u0022top\u0022\u003E\u003Cp class=\u0022Default\u0022 align=\u0022center\u0022\u003E8\u0026nbsp;\u003C\/p\u003E\u003C\/td\u003E\u003Ctd width=\u0022162\u0022 valign=\u0022top\u0022\u003E\u003Cp class=\u0022Default\u0022 align=\u0022center\u0022\u003E13 000\u0026nbsp;\u003C\/p\u003E\u003C\/td\u003E\u003C\/tr\u003E\u003Ctr\u003E\u003Ctd width=\u0022162\u0022 valign=\u0022top\u0022\u003E\u003Cp class=\u0022Default\u0022 align=\u0022center\u0022\u003E9\u0026nbsp;\u003C\/p\u003E\u003C\/td\u003E\u003Ctd width=\u0022162\u0022 valign=\u0022top\u0022\u003E\u003Cp class=\u0022Default\u0022 align=\u0022center\u0022\u003E18 500\u0026nbsp;\u003C\/p\u003E\u003C\/td\u003E\u003C\/tr\u003E\u003Ctr\u003E\u003Ctd width=\u0022162\u0022 valign=\u0022top\u0022\u003E\u003Cp class=\u0022Default\u0022 align=\u0022center\u0022\u003E10 \u0026nbsp;\u003C\/p\u003E\u003C\/td\u003E\u003Ctd width=\u0022162\u0022 valign=\u0022top\u0022\u003E\u003Cp class=\u0022Default\u0022 align=\u0022center\u0022\u003E25 750\u0026nbsp;\u003C\/p\u003E\u003C\/td\u003E\u003C\/tr\u003E\u003Ctr\u003E\u003Ctd width=\u0022162\u0022 valign=\u0022top\u0022\u003E\u003Cp class=\u0022Default\u0022 align=\u0022center\u0022\u003E11 \u0026nbsp;\u003C\/p\u003E\u003C\/td\u003E\u003Ctd width=\u0022162\u0022 valign=\u0022top\u0022\u003E\u003Cp class=\u0022Default\u0022 align=\u0022center\u0022\u003E32 250\u0026nbsp;\u003C\/p\u003E\u003C\/td\u003E\u003C\/tr\u003E\u003Ctr\u003E\u003Ctd width=\u0022162\u0022 valign=\u0022top\u0022\u003E\u003Cp class=\u0022Default\u0022 align=\u0022center\u0022\u003E12 \u0026nbsp;\u003C\/p\u003E\u003C\/td\u003E\u003Ctd width=\u0022162\u0022 valign=\u0022top\u0022\u003E\u003Cp class=\u0022Default\u0022 align=\u0022center\u0022\u003E39 750\u0026nbsp;\u003C\/p\u003E\u003C\/td\u003E\u003C\/tr\u003E\u003Ctr\u003E\u003Ctd width=\u0022162\u0022 valign=\u0022top\u0022\u003E\u003Cp class=\u0022Default\u0022 align=\u0022center\u0022\u003E13 \u0026nbsp;\u003C\/p\u003E\u003C\/td\u003E\u003Ctd width=\u0022162\u0022 valign=\u0022top\u0022\u003E\u003Cp class=\u0022Default\u0022 align=\u0022center\u0022\u003E48 000\u0026nbsp;\u003C\/p\u003E\u003C\/td\u003E\u003C\/tr\u003E\u003Ctr\u003E\u003Ctd width=\u0022162\u0022 valign=\u0022top\u0022\u003E\u003Cp class=\u0022Default\u0022 align=\u0022center\u0022\u003E14 \u0026nbsp;\u003C\/p\u003E\u003C\/td\u003E\u003Ctd width=\u0022162\u0022 valign=\u0022top\u0022\u003E\u003Cp class=\u0022Default\u0022 align=\u0022center\u0022\u003E57 250\u0026nbsp;\u003C\/p\u003E\u003C\/td\u003E\u003C\/tr\u003E\u003Ctr\u003E\u003Ctd width=\u0022162\u0022 valign=\u0022top\u0022\u003E\u003Cp class=\u0022Default\u0022 align=\u0022center\u0022\u003E15 et plus\u0026nbsp;\u003C\/p\u003E\u003C\/td\u003E\u003Ctd width=\u0022162\u0022 valign=\u0022top\u0022\u003E\u003Cp class=\u0022Default\u0022 align=\u0022center\u0022\u003E70 000\u0026nbsp;\u003C\/p\u003E\u003C\/td\u003E\u003C\/tr\u003E\u003C\/tbody\u003E\u003C\/table\u003E\u003Cp\u003EConcernant le \u00ab malus au poids \u00bb (techniquement on parle de taxe sur la masse en ordre de marche des v\u00e9hicules), le bar\u00e8me est le suivant pour les ann\u00e9es 2024 et 2025 :\u0026nbsp;\u003C\/p\u003E\u003Ctable class=\u0022Table\u0022\u003E\u003Ctbody\u003E\u003Ctr\u003E\u003Ctd valign=\u0022top\u0022\u003E\u003Cp class=\u0022Default\u0022 align=\u0022center\u0022\u003E\u003Cstrong\u003EFraction de la masse en ordre de marche (en kg)\u003C\/strong\u003E\u003C\/p\u003E\u003C\/td\u003E\u003Ctd valign=\u0022top\u0022\u003E\u003Cp class=\u0022Default\u0022 align=\u0022center\u0022\u003E\u003Cstrong\u003ETarif marginal (en \u20ac)\u003C\/strong\u003E\u003C\/p\u003E\u003C\/td\u003E\u003C\/tr\u003E\u003Ctr\u003E\u003Ctd valign=\u0022top\u0022\u003E\u003Cp class=\u0022Default\u0022 align=\u0022center\u0022\u003EJusqu\u2019\u00e0 1 599\u003C\/p\u003E\u003C\/td\u003E\u003Ctd valign=\u0022top\u0022\u003E\u003Cp class=\u0022Default\u0022 align=\u0022center\u0022\u003E0\u003C\/p\u003E\u003C\/td\u003E\u003C\/tr\u003E\u003Ctr\u003E\u003Ctd valign=\u0022top\u0022\u003E\u003Cp class=\u0022Default\u0022 align=\u0022center\u0022\u003EDe 1 600 et 1 799\u003C\/p\u003E\u003C\/td\u003E\u003Ctd valign=\u0022top\u0022\u003E\u003Cp class=\u0022Default\u0022 align=\u0022center\u0022\u003E10\u003C\/p\u003E\u003C\/td\u003E\u003C\/tr\u003E\u003Ctr\u003E\u003Ctd valign=\u0022top\u0022\u003E\u003Cp class=\u0022Default\u0022 align=\u0022center\u0022\u003EDe 1 800 \u00e0 1 899\u003C\/p\u003E\u003C\/td\u003E\u003Ctd valign=\u0022top\u0022\u003E\u003Cp class=\u0022Default\u0022 align=\u0022center\u0022\u003E15\u003C\/p\u003E\u003C\/td\u003E\u003C\/tr\u003E\u003Ctr\u003E\u003Ctd valign=\u0022top\u0022\u003E\u003Cp class=\u0022Default\u0022 align=\u0022center\u0022\u003EDe 1 900 \u00e0 1 999\u003C\/p\u003E\u003C\/td\u003E\u003Ctd valign=\u0022top\u0022\u003E\u003Cp class=\u0022Default\u0022 align=\u0022center\u0022\u003E20\u003C\/p\u003E\u003C\/td\u003E\u003C\/tr\u003E\u003Ctr\u003E\u003Ctd valign=\u0022top\u0022\u003E\u003Cp class=\u0022Default\u0022 align=\u0022center\u0022\u003EDe 2 000 \u00e0 2 099\u003C\/p\u003E\u003C\/td\u003E\u003Ctd valign=\u0022top\u0022\u003E\u003Cp class=\u0022Default\u0022 align=\u0022center\u0022\u003E25\u003C\/p\u003E\u003C\/td\u003E\u003C\/tr\u003E\u003Ctr\u003E\u003Ctd valign=\u0022top\u0022\u003E\u003Cp class=\u0022Default\u0022 align=\u0022center\u0022\u003E\u00c0 partir de 2 100\u003C\/p\u003E\u003C\/td\u003E\u003Ctd valign=\u0022top\u0022\u003E\u003Cp class=\u0022Default\u0022 align=\u0022center\u0022\u003E30\u003C\/p\u003E\u003C\/td\u003E\u003C\/tr\u003E\u003C\/tbody\u003E\u003C\/table\u003E\u003Cp\u003E\u0026nbsp;\u003C\/p\u003E\u003Ctable border=\u00221\u0022 cellspacing=\u00220\u0022 cellpadding=\u00220\u0022\u003E\u003Ctbody\u003E\u0026nbsp;\u003C\/tbody\u003E\u003C\/table\u003E                                            \u003Cp\u003E\u003Cbr \/\u003E\u003Cstrong\u003ESource :\u003C\/strong\u003E\u003Cstrong\u003E\u00a0\u003C\/strong\u003E\u003C\/p\u003E\u003Cul\u003E\u003Cli\u003E\u003Ca href=\u0022https:\/\/www.legifrance.gouv.fr\/jorf\/id\/JORFTEXT000051168007\u0022 target=\u0022_blank\u0022\u003ELoi de finances pour 2025 du 14 f\u00e9vrier 2025, no 2025-127 (articles 8 et 9)\u003C\/a\u003E\u003C\/li\u003E\u003C\/ul\u003E\u003C\/div\u003E","annee":"2025","theme":" Indices, taux, bar\u00e8mes fiscaux","activites":["Tout secteur","Automobile"],"image":"https:\/\/www.weblex.fr\/sites\/default\/files\/chiffres_clef\/Shutterstock_malusautomobile.jpg","created":"2025-08-01","modified":"2025-08-01"},{"url":"\/chiffres-cles\/tarif-de-la-taxe-sur-les-emissions-de-co2-2025","id":26669,"title":"Tarif de la taxe sur les \u00e9missions de CO2 \u2013 2025","content":"\u003Cdiv\u003E                                              \u003Cp\u003ELe tarif annuel de cette taxe est d\u00e9termin\u00e9 au moyen du bar\u00e8me\u0026nbsp;:\u003C\/p\u003E\u003Cul\u003E\u003Cli\u003EWLTP pour les v\u00e9hicules immatricul\u00e9s en recourant \u00e0 la m\u00e9thode de d\u00e9termination des \u00e9missions de dioxyde de carbone dite WLTP\u0026nbsp;;\u003C\/li\u003E\u003Cli\u003ENEDC pour les v\u00e9hicules ayant fait l\u2019objet d\u2019une r\u00e9ception europ\u00e9enne (hors m\u00e9thode WLTP), ayant \u00e9t\u00e9 immatricul\u00e9s pour la 1re fois apr\u00e8s le 1er juin 2004 et n\u2019ayant pas \u00e9t\u00e9 affect\u00e9s \u00e0 des fins \u00e9conomiques sur le territoire de taxation par l\u2019entreprise affectataire avant le 1er janvier 2006\u0026nbsp;;\u003C\/li\u003E\u003Cli\u003Een puissance administrative, pour tous les autres v\u00e9hicules.\u003C\/li\u003E\u003C\/ul\u003E\u003Cp\u003E\u003Cstrong\u003ELe bar\u00e8me WLTP\u003C\/strong\u003E associe un tarif marginal \u00e0 chaque fraction des \u00e9missions de CO2, exprim\u00e9es en gramme par kilom\u00e8tre. Il est fix\u00e9 comme suit\u0026nbsp;:\u003C\/p\u003E\u003Cp\u003E\u0026nbsp;\u003C\/p\u003E\u003Ctable border=\u00221\u0022 cellspacing=\u00220\u0022 cellpadding=\u00220\u0022 align=\u0022left\u0022\u003E\u003Ctbody\u003E\u003Ctr\u003E\u003Ctd width=\u0022162\u0022 valign=\u0022top\u0022\u003E\u003Cp class=\u0022Default\u0022 align=\u0022center\u0022\u003E\u003Cstrong\u003EFraction des \u00e9missions de CO2 (en g\/km)\u003C\/strong\u003E\u003C\/p\u003E\u003C\/td\u003E\u003Ctd width=\u0022162\u0022 valign=\u0022top\u0022\u003E\u003Cp class=\u0022Default\u0022 align=\u0022center\u0022\u003E\u003Cstrong\u003ETarif marginal (en \u20ac)\u003C\/strong\u003E\u003C\/p\u003E\u003C\/td\u003E\u003C\/tr\u003E\u003Ctr\u003E\u003Ctd width=\u0022162\u0022 valign=\u0022top\u0022\u003E\u003Cp class=\u0022Default\u0022 align=\u0022center\u0022\u003EJusqu\u2019\u00e0 9\u003C\/p\u003E\u003C\/td\u003E\u003Ctd width=\u0022162\u0022 valign=\u0022top\u0022\u003E\u003Cp class=\u0022Default\u0022 align=\u0022center\u0022\u003E0\u003C\/p\u003E\u003C\/td\u003E\u003C\/tr\u003E\u003Ctr\u003E\u003Ctd width=\u0022162\u0022 valign=\u0022top\u0022\u003E\u003Cp class=\u0022Default\u0022 align=\u0022center\u0022\u003EDe 10 \u00e0 50\u003C\/p\u003E\u003C\/td\u003E\u003Ctd width=\u0022162\u0022 valign=\u0022top\u0022\u003E\u003Cp class=\u0022Default\u0022 align=\u0022center\u0022\u003E1\u003C\/p\u003E\u003C\/td\u003E\u003C\/tr\u003E\u003Ctr\u003E\u003Ctd width=\u0022162\u0022 valign=\u0022top\u0022\u003E\u003Cp class=\u0022Default\u0022 align=\u0022center\u0022\u003EDe 51 \u00e0 58\u003C\/p\u003E\u003C\/td\u003E\u003Ctd width=\u0022162\u0022 valign=\u0022top\u0022\u003E\u003Cp class=\u0022Default\u0022 align=\u0022center\u0022\u003E2\u003C\/p\u003E\u003C\/td\u003E\u003C\/tr\u003E\u003Ctr\u003E\u003Ctd width=\u0022162\u0022 valign=\u0022top\u0022\u003E\u003Cp class=\u0022Default\u0022 align=\u0022center\u0022\u003EDe 59 \u00e0 90\u003C\/p\u003E\u003C\/td\u003E\u003Ctd width=\u0022162\u0022 valign=\u0022top\u0022\u003E\u003Cp class=\u0022Default\u0022 align=\u0022center\u0022\u003E3\u003C\/p\u003E\u003C\/td\u003E\u003C\/tr\u003E\u003Ctr\u003E\u003Ctd width=\u0022162\u0022 valign=\u0022top\u0022\u003E\u003Cp class=\u0022Default\u0022 align=\u0022center\u0022\u003EDe 91 \u00e0 110\u003C\/p\u003E\u003C\/td\u003E\u003Ctd width=\u0022162\u0022 valign=\u0022top\u0022\u003E\u003Cp class=\u0022Default\u0022 align=\u0022center\u0022\u003E4\u003C\/p\u003E\u003C\/td\u003E\u003C\/tr\u003E\u003Ctr\u003E\u003Ctd width=\u0022162\u0022 valign=\u0022top\u0022\u003E\u003Cp class=\u0022Default\u0022 align=\u0022center\u0022\u003EDe 111 \u00e0 130\u003C\/p\u003E\u003C\/td\u003E\u003Ctd width=\u0022162\u0022 valign=\u0022top\u0022\u003E\u003Cp class=\u0022Default\u0022 align=\u0022center\u0022\u003E10\u003C\/p\u003E\u003C\/td\u003E\u003C\/tr\u003E\u003Ctr\u003E\u003Ctd width=\u0022162\u0022 valign=\u0022top\u0022\u003E\u003Cp class=\u0022Default\u0022 align=\u0022center\u0022\u003EDe 131 \u00e0 150\u003C\/p\u003E\u003C\/td\u003E\u003Ctd width=\u0022162\u0022 valign=\u0022top\u0022\u003E\u003Cp class=\u0022Default\u0022 align=\u0022center\u0022\u003E50\u003C\/p\u003E\u003C\/td\u003E\u003C\/tr\u003E\u003Ctr\u003E\u003Ctd width=\u0022162\u0022 valign=\u0022top\u0022\u003E\u003Cp class=\u0022Default\u0022 align=\u0022center\u0022\u003EDe 151 \u00e0 170\u003C\/p\u003E\u003C\/td\u003E\u003Ctd width=\u0022162\u0022 valign=\u0022top\u0022\u003E\u003Cp class=\u0022Default\u0022 align=\u0022center\u0022\u003E60\u003C\/p\u003E\u003C\/td\u003E\u003C\/tr\u003E\u003Ctr\u003E\u003Ctd width=\u0022162\u0022 valign=\u0022top\u0022\u003E\u003Cp class=\u0022Default\u0022 align=\u0022center\u0022\u003E\u00c0 partir de 171\u003C\/p\u003E\u003C\/td\u003E\u003Ctd width=\u0022162\u0022 valign=\u0022top\u0022\u003E\u003Cp class=\u0022Default\u0022 align=\u0022center\u0022\u003E65\u003C\/p\u003E\u003C\/td\u003E\u003C\/tr\u003E\u003C\/tbody\u003E\u003C\/table\u003E\u003Ctable border=\u00221\u0022 cellspacing=\u00220\u0022 cellpadding=\u00220\u0022\u003E\u003Ctbody\u003E\u0026nbsp;\u003C\/tbody\u003E\u003C\/table\u003E\u003Cp\u003E\u0026nbsp;\u003C\/p\u003E\u003Cp\u003E\u003Cstrong\u003ELe bar\u00e8me NEDC\u003C\/strong\u003E associe un tarif marginal \u00e0 chaque fraction des \u00e9missions de CO2, exprim\u00e9es en gramme par kilom\u00e8tre. Il est fix\u00e9 comme suit\u0026nbsp;:\u003C\/p\u003E\u003Cp\u003E\u0026nbsp;\u003C\/p\u003E\u003Ctable border=\u00221\u0022 cellspacing=\u00220\u0022 cellpadding=\u00220\u0022 align=\u0022left\u0022\u003E\u003Ctbody\u003E\u003Ctr\u003E\u003Ctd width=\u0022162\u0022 valign=\u0022top\u0022\u003E\u003Cp class=\u0022Default\u0022 align=\u0022center\u0022\u003E\u003Cstrong\u003EFraction des \u00e9missions de CO2 (en g\/km)\u003C\/strong\u003E\u003C\/p\u003E\u003C\/td\u003E\u003Ctd width=\u0022162\u0022 valign=\u0022top\u0022\u003E\u003Cp class=\u0022Default\u0022 align=\u0022center\u0022\u003E\u003Cstrong\u003ETarif marginal (en \u20ac)\u003C\/strong\u003E\u003C\/p\u003E\u003C\/td\u003E\u003C\/tr\u003E\u003Ctr\u003E\u003Ctd width=\u0022162\u0022 valign=\u0022top\u0022\u003E\u003Cp class=\u0022Default\u0022 align=\u0022center\u0022\u003EJusqu\u2019\u00e0 7\u003C\/p\u003E\u003C\/td\u003E\u003Ctd width=\u0022162\u0022 valign=\u0022top\u0022\u003E\u003Cp class=\u0022Default\u0022 align=\u0022center\u0022\u003E0\u003C\/p\u003E\u003C\/td\u003E\u003C\/tr\u003E\u003Ctr\u003E\u003Ctd width=\u0022162\u0022 valign=\u0022top\u0022\u003E\u003Cp class=\u0022Default\u0022 align=\u0022center\u0022\u003EDe 8 \u00e0 41\u003C\/p\u003E\u003C\/td\u003E\u003Ctd width=\u0022162\u0022 valign=\u0022top\u0022\u003E\u003Cp class=\u0022Default\u0022 align=\u0022center\u0022\u003E1\u003C\/p\u003E\u003C\/td\u003E\u003C\/tr\u003E\u003Ctr\u003E\u003Ctd width=\u0022162\u0022 valign=\u0022top\u0022\u003E\u003Cp class=\u0022Default\u0022 align=\u0022center\u0022\u003EDe 42 \u00e0 48\u003C\/p\u003E\u003C\/td\u003E\u003Ctd width=\u0022162\u0022 valign=\u0022top\u0022\u003E\u003Cp class=\u0022Default\u0022 align=\u0022center\u0022\u003E2\u003C\/p\u003E\u003C\/td\u003E\u003C\/tr\u003E\u003Ctr\u003E\u003Ctd width=\u0022162\u0022 valign=\u0022top\u0022\u003E\u003Cp class=\u0022Default\u0022 align=\u0022center\u0022\u003EDe 49 \u00e0 74\u003C\/p\u003E\u003C\/td\u003E\u003Ctd width=\u0022162\u0022 valign=\u0022top\u0022\u003E\u003Cp class=\u0022Default\u0022 align=\u0022center\u0022\u003E3\u003C\/p\u003E\u003C\/td\u003E\u003C\/tr\u003E\u003Ctr\u003E\u003Ctd width=\u0022162\u0022 valign=\u0022top\u0022\u003E\u003Cp class=\u0022Default\u0022 align=\u0022center\u0022\u003EDe 75 \u00e0 91\u003C\/p\u003E\u003C\/td\u003E\u003Ctd width=\u0022162\u0022 valign=\u0022top\u0022\u003E\u003Cp class=\u0022Default\u0022 align=\u0022center\u0022\u003E4\u003C\/p\u003E\u003C\/td\u003E\u003C\/tr\u003E\u003Ctr\u003E\u003Ctd width=\u0022162\u0022 valign=\u0022top\u0022\u003E\u003Cp class=\u0022Default\u0022 align=\u0022center\u0022\u003EDe 92 \u00e0 107\u003C\/p\u003E\u003C\/td\u003E\u003Ctd width=\u0022162\u0022 valign=\u0022top\u0022\u003E\u003Cp class=\u0022Default\u0022 align=\u0022center\u0022\u003E10\u003C\/p\u003E\u003C\/td\u003E\u003C\/tr\u003E\u003Ctr\u003E\u003Ctd width=\u0022162\u0022 valign=\u0022top\u0022\u003E\u003Cp class=\u0022Default\u0022 align=\u0022center\u0022\u003EDe 108 \u00e0 124\u003C\/p\u003E\u003C\/td\u003E\u003Ctd width=\u0022162\u0022 valign=\u0022top\u0022\u003E\u003Cp class=\u0022Default\u0022 align=\u0022center\u0022\u003E50\u003C\/p\u003E\u003C\/td\u003E\u003C\/tr\u003E\u003Ctr\u003E\u003Ctd width=\u0022162\u0022 valign=\u0022top\u0022\u003E\u003Cp class=\u0022Default\u0022 align=\u0022center\u0022\u003EDe 125 \u00e0 140\u003C\/p\u003E\u003C\/td\u003E\u003Ctd width=\u0022162\u0022 valign=\u0022top\u0022\u003E\u003Cp class=\u0022Default\u0022 align=\u0022center\u0022\u003E60\u003C\/p\u003E\u003C\/td\u003E\u003C\/tr\u003E\u003Ctr\u003E\u003Ctd width=\u0022162\u0022 valign=\u0022top\u0022\u003E\u003Cp class=\u0022Default\u0022 align=\u0022center\u0022\u003E\u00c0 partir de 141\u003C\/p\u003E\u003C\/td\u003E\u003Ctd width=\u0022162\u0022 valign=\u0022top\u0022\u003E\u003Cp class=\u0022Default\u0022 align=\u0022center\u0022\u003E65\u003C\/p\u003E\u003C\/td\u003E\u003C\/tr\u003E\u003C\/tbody\u003E\u003C\/table\u003E\u003Ctable border=\u00221\u0022 cellspacing=\u00220\u0022 cellpadding=\u00220\u0022\u003E\u003Ctbody\u003E\u0026nbsp;\u003C\/tbody\u003E\u003C\/table\u003E\u003Cp\u003E\u003Cstrong\u003ELe bar\u00e8me en puissance administrative\u003C\/strong\u003E, qui associe un tarif marginal \u00e0 chaque fraction de la puissance administrative, exprim\u00e9e en chevaux administratifs, est fix\u00e9 comme suit\u0026nbsp;:\u003C\/p\u003E\u003Ctable border=\u00221\u0022 cellspacing=\u00220\u0022 cellpadding=\u00220\u0022 align=\u0022left\u0022\u003E\u003Ctbody\u003E\u003Ctr\u003E\u003Ctd width=\u0022162\u0022 valign=\u0022top\u0022\u003E\u003Cp class=\u0022Default\u0022 align=\u0022center\u0022\u003E\u003Cstrong\u003EFraction de la puissance administrative (en CV)\u003C\/strong\u003E\u003C\/p\u003E\u003C\/td\u003E\u003Ctd width=\u0022162\u0022 valign=\u0022top\u0022\u003E\u003Cp class=\u0022Default\u0022 align=\u0022center\u0022\u003E\u003Cstrong\u003ETarif marginal (en \u20ac)\u003C\/strong\u003E\u003C\/p\u003E\u003C\/td\u003E\u003C\/tr\u003E\u003Ctr\u003E\u003Ctd width=\u0022162\u0022 valign=\u0022top\u0022\u003E\u003Cp class=\u0022Default\u0022 align=\u0022center\u0022\u003EJusqu\u2019\u00e0 3\u003C\/p\u003E\u003C\/td\u003E\u003Ctd width=\u0022162\u0022 valign=\u0022top\u0022\u003E\u003Cp class=\u0022Default\u0022 align=\u0022center\u0022\u003E1 750\u003C\/p\u003E\u003C\/td\u003E\u003C\/tr\u003E\u003Ctr\u003E\u003Ctd width=\u0022162\u0022 valign=\u0022top\u0022\u003E\u003Cp class=\u0022Default\u0022 align=\u0022center\u0022\u003EDe 4 \u00e0 6\u003C\/p\u003E\u003C\/td\u003E\u003Ctd width=\u0022162\u0022 valign=\u0022top\u0022\u003E\u003Cp class=\u0022Default\u0022 align=\u0022center\u0022\u003E2 500\u003C\/p\u003E\u003C\/td\u003E\u003C\/tr\u003E\u003Ctr\u003E\u003Ctd width=\u0022162\u0022 valign=\u0022top\u0022\u003E\u003Cp class=\u0022Default\u0022 align=\u0022center\u0022\u003EDe 7 \u00e0 10\u003C\/p\u003E\u003C\/td\u003E\u003Ctd width=\u0022162\u0022 valign=\u0022top\u0022\u003E\u003Cp class=\u0022Default\u0022 align=\u0022center\u0022\u003E4 250\u003C\/p\u003E\u003C\/td\u003E\u003C\/tr\u003E\u003Ctr\u003E\u003Ctd width=\u0022162\u0022 valign=\u0022top\u0022\u003E\u003Cp class=\u0022Default\u0022 align=\u0022center\u0022\u003EDe 11 \u00e0 15\u003C\/p\u003E\u003C\/td\u003E\u003Ctd width=\u0022162\u0022 valign=\u0022top\u0022\u003E\u003Cp class=\u0022Default\u0022 align=\u0022center\u0022\u003E5 000\u003C\/p\u003E\u003C\/td\u003E\u003C\/tr\u003E\u003Ctr\u003E\u003Ctd width=\u0022162\u0022 valign=\u0022top\u0022\u003E\u003Cp class=\u0022Default\u0022 align=\u0022center\u0022\u003E\u00c0 partir de 16\u003C\/p\u003E\u003C\/td\u003E\u003Ctd width=\u0022162\u0022 valign=\u0022top\u0022\u003E\u003Cp class=\u0022Default\u0022 align=\u0022center\u0022\u003E6 250\u003C\/p\u003E\u003C\/td\u003E\u003C\/tr\u003E\u003C\/tbody\u003E\u003C\/table\u003E\u003Cp\u003E\u0026nbsp;\u003C\/p\u003E                                            \u003Cp\u003E\u003Cbr \/\u003E\u003Cstrong\u003ESource :\u003C\/strong\u003E\u003Cstrong\u003E\u00a0\u003C\/strong\u003E\u003C\/p\u003E\u003Cul\u003E\u003Cli\u003E\u003Ca href=\u0022https:\/\/www.legifrance.gouv.fr\/codes\/section_lc\/LEGITEXT000044595989\/LEGISCTA000044599155\/#LEGISCTA000044603065\u0022 target=\u0022_blank\u0022\u003EArticles L421-120 et suivants du Code des impositions sur les biens et services\u003C\/a\u003E\u003C\/li\u003E\u003C\/ul\u003E\u003C\/div\u003E","annee":"2025","theme":" Indices, taux, bar\u00e8mes fiscaux","activites":["Tout secteur","Automobile"],"image":"https:\/\/www.weblex.fr\/themes\/custom\/weblex\/images\/cc-default.jpg","created":"2025-08-01","modified":"2025-08-01"},{"url":"\/chiffres-cles\/tableau-des-cotisations-sociales-dues-par-les-auxiliaires-medicaux-annee-2025","id":26662,"title":"Tableau des cotisations sociales dues par les auxiliaires m\u00e9dicaux - Ann\u00e9e 2025","content":"\u003Cdiv\u003E                                              \u003Cp\u003ESont concern\u00e9s les infirmiers, masseurs-kin\u00e9sith\u00e9rapeutes, p\u00e9dicures-podologues, orthophonistes, orthoptistes.\u003C\/p\u003E\u003Cp\u003E\u003Cstrong\u003E1\/ \u003C\/strong\u003E\u003Ca\u003E\u003Cstrong\u003EAssiette et taux des cotisations\u003C\/strong\u003E\u003C\/a\u003E\u003C\/p\u003E\u003Cp\u003ETableau r\u00e9capitulatif des cotisations sociales en 2025\u003C\/p\u003E\u003Ctable border=\u00221\u0022 cellspacing=\u00220\u0022 cellpadding=\u00220\u0022 width=\u0022604\u0022\u003E\u003Ctbody\u003E\u003Ctr\u003E\u003Ctd width=\u0022198\u0022\u003E\u003Cp align=\u0022center\u0022\u003E\u003Cstrong\u003ECotisation\u003C\/strong\u003E\u003C\/p\u003E\u003C\/td\u003E\u003Ctd width=\u0022273\u0022\u003E\u003Cp align=\u0022center\u0022\u003E\u003Cstrong\u003EBase de calcul\u003C\/strong\u003E\u003C\/p\u003E\u003C\/td\u003E\u003Ctd width=\u0022133\u0022\u003E\u003Cp align=\u0022center\u0022\u003E\u003Cstrong\u003ETaux \/ Montant\u003C\/strong\u003E\u003C\/p\u003E\u003C\/td\u003E\u003C\/tr\u003E\u003Ctr\u003E\u003Ctd width=\u0022198\u0022 rowspan=\u00224\u0022\u003E\u003Cp align=\u0022center\u0022\u003EMaladie (sur l\u2019assiette de participation de la CPAM)\u003C\/p\u003E\u003C\/td\u003E\u003Ctd width=\u0022273\u0022\u003E\u003Cp align=\u0022center\u0022\u003ERevenus inf\u00e9rieurs \u00e0 18 840 \u20ac\u003C\/p\u003E\u003C\/td\u003E\u003Ctd width=\u0022133\u0022\u003E\u003Cp align=\u0022center\u0022\u003E0 %\u003C\/p\u003E\u003C\/td\u003E\u003C\/tr\u003E\u003Ctr\u003E\u003Ctd width=\u0022273\u0022\u003E\u003Cp align=\u0022center\u0022\u003ERevenus compris entre 18 840 \u20ac et 51 810 \u20ac\u003C\/p\u003E\u003C\/td\u003E\u003Ctd width=\u0022133\u0022\u003E\u003Cp align=\u0022center\u0022\u003ETaux progressif\u0026nbsp;:\u003Cbr\u003Eentre 0 % et 6,50 %\u003C\/p\u003E\u003C\/td\u003E\u003C\/tr\u003E\u003Ctr\u003E\u003Ctd width=\u0022273\u0022\u003E\u003Cp align=\u0022center\u0022\u003ERevenus sup\u00e9rieurs \u00e0 51 810\u202f\u20ac\u003C\/p\u003E\u003C\/td\u003E\u003Ctd width=\u0022133\u0022\u003E\u003Cp align=\u0022center\u0022\u003E6,50 %\u003C\/p\u003E\u003C\/td\u003E\u003C\/tr\u003E\u003Ctr\u003E\u003Ctd width=\u0022273\u0022\u003E\u003Cp align=\u0022center\u0022\u003EPrise en charge assurance maladie\u003C\/p\u003E\u003C\/td\u003E\u003Ctd width=\u0022133\u0022\u003E\u003Cp align=\u0022center\u0022\u003ETaux progressif\u0026nbsp;:\u0026nbsp;\u003Cbr\u003Eentre 0 % et 6,40 %\u003C\/p\u003E\u003C\/td\u003E\u003C\/tr\u003E\u003Ctr\u003E\u003Ctd width=\u0022198\u0022 rowspan=\u00223\u0022\u003E\u003Cp align=\u0022center\u0022\u003EMaladie (sur le reste du revenu d\u2019activit\u00e9 non salari\u00e9)\u003C\/p\u003E\u003C\/td\u003E\u003Ctd width=\u0022273\u0022\u003E\u003Cp align=\u0022center\u0022\u003ERevenus inf\u00e9rieurs \u00e0 18 840 \u20ac\u003C\/p\u003E\u003C\/td\u003E\u003Ctd width=\u0022133\u0022\u003E\u003Cp align=\u0022center\u0022\u003E3,25 %\u003C\/p\u003E\u003C\/td\u003E\u003C\/tr\u003E\u003Ctr\u003E\u003Ctd width=\u0022273\u0022\u003E\u003Cp align=\u0022center\u0022\u003ERevenus compris entre 18 840 \u20ac et 51 810 \u20ac\u003C\/p\u003E\u003C\/td\u003E\u003Ctd width=\u0022133\u0022\u003E\u003Cp align=\u0022center\u0022\u003ETaux progressif\u0026nbsp;:\u003Cbr\u003Eentre 3,25 % et 9,75 %\u003C\/p\u003E\u003C\/td\u003E\u003C\/tr\u003E\u003Ctr\u003E\u003Ctd width=\u0022273\u0022\u003E\u003Cp align=\u0022center\u0022\u003ERevenus sup\u00e9rieurs \u00e0 51 810 \u20ac\u003C\/p\u003E\u003C\/td\u003E\u003Ctd width=\u0022133\u0022\u003E\u003Cp align=\u0022center\u0022\u003E9,75 %\u003C\/p\u003E\u003C\/td\u003E\u003C\/tr\u003E\u003Ctr\u003E\u003Ctd width=\u0022198\u0022 rowspan=\u00224\u0022\u003E\u003Cp align=\u0022center\u0022\u003EAllocations familiales\u003C\/p\u003E\u003C\/td\u003E\u003Ctd width=\u0022273\u0022\u003E\u003Cp align=\u0022center\u0022\u003ERevenus inf\u00e9rieurs \u00e0 51 810\u202f\u20ac (110\u0026nbsp;% du plafond annuel de la S\u00e9curit\u00e9 sociale)\u003C\/p\u003E\u003C\/td\u003E\u003Ctd width=\u0022133\u0022\u003E\u003Cp align=\u0022center\u0022\u003E0 %\u003C\/p\u003E\u003C\/td\u003E\u003C\/tr\u003E\u003Ctr\u003E\u003Ctd width=\u0022273\u0022\u003E\u003Cp align=\u0022center\u0022\u003ERevenus compris entre 51\u0026nbsp;810\u202f\u20acet 65 940 \u20ac (entre 110\u0026nbsp;% et 140\u0026nbsp;% du plafond annuel de la S\u00e9curit\u00e9 sociale)\u003C\/p\u003E\u003C\/td\u003E\u003Ctd width=\u0022133\u0022\u003E\u003Cp align=\u0022center\u0022\u003ETaux progressif\u0026nbsp;:\u0026nbsp;\u003Cbr\u003Eentre 0 % et 3,10 % du revenu d\u2019activit\u00e9 non salari\u00e9\u003C\/p\u003E\u003C\/td\u003E\u003C\/tr\u003E\u003Ctr\u003E\u003Ctd width=\u0022273\u0022\u003E\u003Cp align=\u0022center\u0022\u003ERevenus sup\u00e9rieurs \u00e0 65 940 \u20ac (140\u0026nbsp;% du plafond annuel de la S\u00e9curit\u00e9 sociale)\u003C\/p\u003E\u003C\/td\u003E\u003Ctd width=\u0022133\u0022\u003E\u003Cp align=\u0022center\u0022\u003E3,10 % du revenu d\u2019activit\u00e9 non salari\u00e9\u003C\/p\u003E\u003C\/td\u003E\u003C\/tr\u003E\u003Ctr\u003E\u003Ctd width=\u0022273\u0022\u003E\u0026nbsp;\u003C\/td\u003E\u003Ctd width=\u0022133\u0022\u003E\u0026nbsp;\u003C\/td\u003E\u003C\/tr\u003E\u003Ctr\u003E\u003Ctd width=\u0022198\u0022\u003E\u003Cp align=\u0022center\u0022\u003ECSG\/CRDS\u003C\/p\u003E\u003C\/td\u003E\u003Ctd width=\u0022273\u0022\u003E\u003Cp align=\u0022center\u0022\u003EMontant du revenu professionnel (d\u00e9duction faite des revenus de remplacement ayant subi un pr\u00e9compte de CSG\/CRDS) + cotisations sociales obligatoires\u003C\/p\u003E\u003C\/td\u003E\u003Ctd width=\u0022133\u0022\u003E\u003Cp align=\u0022center\u0022\u003E9,70 %\u003C\/p\u003E\u003C\/td\u003E\u003C\/tr\u003E\u003Ctr\u003E\u003Ctd width=\u0022198\u0022\u003E\u003Cp align=\u0022center\u0022\u003EContribution \u00e0 la formation professionnelle\u003C\/p\u003E\u003C\/td\u003E\u003Ctd width=\u0022273\u0022\u003E\u003Cp align=\u0022center\u0022\u003ESur la base du plafond annuel de la s\u00e9curit\u00e9 sociale (soit 47\u0026nbsp;100 en 2025) \u0026nbsp;\u20ac\u003C\/p\u003E\u003C\/td\u003E\u003Ctd width=\u0022133\u0022\u003E\u003Cp align=\u0022center\u0022\u003E0,25 % (soit 118 \u20ac)\u003C\/p\u003E\u003Cp align=\u0022center\u0022\u003E0,34 % en pr\u00e9sence d\u2019un conjoint collaborateur\u003C\/p\u003E\u003C\/td\u003E\u003C\/tr\u003E\u003Ctr\u003E\u003Ctd width=\u0022198\u0022\u003E\u003Cp align=\u0022center\u0022\u003EContribution aux Unions r\u00e9gionales des professionnels de sant\u00e9 (CURPS)\u003C\/p\u003E\u003C\/td\u003E\u003Ctd width=\u0022273\u0022\u003E\u003Cp align=\u0022center\u0022\u003ESur l\u2019ensemble du revenu d\u2019activit\u00e9 non salari\u00e9e\u003C\/p\u003E\u003C\/td\u003E\u003Ctd width=\u0022133\u0022\u003E\u003Cp align=\u0022center\u0022\u003E0,10 % dans la limite de 236 \u0026nbsp;\u20ac\u003C\/p\u003E\u003C\/td\u003E\u003C\/tr\u003E\u003Ctr\u003E\u003Ctd width=\u0022198\u0022 rowspan=\u00222\u0022\u003E\u003Cp\u003ERetrait de base\u0026nbsp;\u003C\/p\u003E\u003C\/td\u003E\u003Ctd width=\u0022273\u0022\u003E\u003Cp align=\u0022center\u0022\u003EJusqu\u2019\u00e0 47 100 \u20ac\u003C\/p\u003E\u003C\/td\u003E\u003Ctd width=\u0022133\u0022\u003E\u003Cp align=\u0022center\u0022\u003E8,23 %\u003C\/p\u003E\u003C\/td\u003E\u003C\/tr\u003E\u003Ctr\u003E\u003Ctd width=\u0022273\u0022\u003E\u003Cp align=\u0022center\u0022\u003EJusqu\u2019\u00e0 235 500 \u20ac (soit 5 fois le plafond annuel de la S\u00e9curit\u00e9 sociale)\u003C\/p\u003E\u003C\/td\u003E\u003Ctd width=\u0022133\u0022\u003E\u003Cp align=\u0022center\u0022\u003E1,87 %\u003C\/p\u003E\u003C\/td\u003E\u003C\/tr\u003E\u003Ctr\u003E\u003Ctd width=\u0022198\u0022 rowspan=\u00222\u0022\u003E\u003Cp align=\u0022center\u0022\u003EAllocation suppl\u00e9mentaire de vieillesse (ASV) pour les professionnels conventionn\u00e9s\u003C\/p\u003E\u003C\/td\u003E\u003Ctd width=\u0022273\u0022\u003E\u003Cp align=\u0022center\u0022\u003ECotisation forfaitaire\u003C\/p\u003E\u003C\/td\u003E\u003Ctd width=\u0022133\u0022\u003E\u003Cp align=\u0022center\u0022\u003E665 \u0026nbsp;\u20ac (dont 2\/3 \u00e0 la charge de la CPAM et 222 \u0026nbsp;\u20ac restant \u00e0 votre charge)\u003C\/p\u003E\u003C\/td\u003E\u003C\/tr\u003E\u003Ctr\u003E\u003Ctd width=\u0022273\u0022\u003E\u003Cp align=\u0022center\u0022\u003ECotisation proportionnelle aux revenus conventionn\u00e9s de 2023 (ann\u00e9e n- 2)\u003C\/p\u003E\u003C\/td\u003E\u003Ctd width=\u0022133\u0022\u003E\u003Cp align=\u0022center\u0022\u003E0,40 % (dont 60 % \u00e0 la charge de la CPAM et 40 % restant \u00e0 votre charge)\u003C\/p\u003E\u003C\/td\u003E\u003C\/tr\u003E\u003Ctr\u003E\u003Ctd width=\u0022198\u0022 rowspan=\u00222\u0022\u003E\u003Cp align=\u0022center\u0022\u003ERetraite compl\u00e9mentaire\u003C\/p\u003E\u003C\/td\u003E\u003Ctd width=\u0022273\u0022\u003E\u003Cp align=\u0022center\u0022\u003ECotisation forfaitaire\u003C\/p\u003E\u003C\/td\u003E\u003Ctd width=\u0022133\u0022\u003E\u003Cp align=\u0022center\u0022\u003E2 312 \u20ac\u003C\/p\u003E\u003C\/td\u003E\u003C\/tr\u003E\u003Ctr\u003E\u003Ctd width=\u0022273\u0022\u003E\u003Cp align=\u0022center\u0022\u003ECotisation proportionnelle pour les revenus compris entre un plancher (25\u0026nbsp;246 \u20ac) et un plafond (237 179 \u20ac)\u003C\/p\u003E\u003C\/td\u003E\u003Ctd width=\u0022133\u0022\u003E\u003Cp align=\u0022center\u0022\u003E3 %\u003C\/p\u003E\u003C\/td\u003E\u003C\/tr\u003E\u003Ctr\u003E\u003Ctd width=\u0022198\u0022\u003E\u003Cp align=\u0022center\u0022\u003EInvalidit\u00e9-D\u00e9c\u00e8s\u003C\/p\u003E\u003C\/td\u003E\u003Ctd width=\u0022273\u0022\u003E\u003Cp align=\u0022center\u0022\u003ECotisation unique (forfaitaire)\u003C\/p\u003E\u003C\/td\u003E\u003Ctd width=\u0022133\u0022\u003E\u003Cp align=\u0022center\u0022\u003E1 022\u20ac\u003C\/p\u003E\u003C\/td\u003E\u003C\/tr\u003E\u003C\/tbody\u003E\u003C\/table\u003E\u003Cp\u003E\u003Cbr\u003E\u003Cbr\u003E\u0026nbsp;\u003C\/p\u003E\u003Cp\u003E\u003Cstrong\u003E2\u003C\/strong\u003E\u003Ca\u003E\u003Cstrong\u003E\/ Assiettes et cotisations dues au titre de la 1re ann\u00e9e d\u2019activit\u00e9 (hors exon\u00e9ration ACRE)\u003C\/strong\u003E\u003C\/a\u003E\u003C\/p\u003E\u003Ctable border=\u00221\u0022 cellspacing=\u00220\u0022 cellpadding=\u00220\u0022 width=\u0022642\u0022\u003E\u003Ctbody\u003E\u003Ctr\u003E\u003Ctd width=\u0022213\u0022\u003E\u003Cp align=\u0022center\u0022\u003E\u003Cstrong\u003ECotisations\u003C\/strong\u003E\u003C\/p\u003E\u003C\/td\u003E\u003Ctd width=\u0022429\u0022\u003E\u003Cp align=\u0022center\u0022\u003E\u003Cstrong\u003EMontant\u003C\/strong\u003E\u003C\/p\u003E\u003C\/td\u003E\u003C\/tr\u003E\u003Ctr\u003E\u003Ctd width=\u0022213\u0022\u003E\u003Cp align=\u0022center\u0022\u003E\u0026nbsp;\u003C\/p\u003E\u003Cp align=\u0022center\u0022\u003E\u0026nbsp;\u003C\/p\u003E\u003Cp align=\u0022center\u0022\u003ERetraite de base\u003C\/p\u003E\u003C\/td\u003E\u003Ctd width=\u0022429\u0022\u003E\u003Cp align=\u0022center\u0022\u003ECotisation report\u00e9e d\u2019une ann\u00e9e\u0026nbsp;\u003C\/p\u003E\u003C\/td\u003E\u003C\/tr\u003E\u003Ctr\u003E\u003Ctd width=\u0022213\u0022\u003E\u003Cp align=\u0022center\u0022\u003ERetraite compl\u00e9mentaire\u003C\/p\u003E\u003C\/td\u003E\u003Ctd width=\u0022429\u0022\u003E\u003Cp align=\u0022center\u0022\u003E2 312 \u20ac\u003C\/p\u003E\u003C\/td\u003E\u003C\/tr\u003E\u003Ctr\u003E\u003Ctd width=\u0022213\u0022\u003E\u003Cp align=\u0022center\u0022\u003EInvalidit\u00e9-D\u00e9c\u00e8s\u003C\/p\u003E\u003C\/td\u003E\u003Ctd width=\u0022429\u0022\u003E\u003Cp align=\u0022center\u0022\u003E1 022 \u20ac\u003C\/p\u003E\u003C\/td\u003E\u003C\/tr\u003E\u003Ctr\u003E\u003Ctd width=\u0022213\u0022\u003E\u003Cp align=\u0022center\u0022\u003EAvantage Social Vieillesse (ASV)\u003Cbr\u003Epour les auxiliaires m\u00e9dicaux conventionn\u00e9s\u003C\/p\u003E\u003C\/td\u003E\u003Ctd width=\u0022429\u0022\u003E\u003Cp align=\u0022center\u0022\u003EPart forfaitaire\u0026nbsp;: 665\u0026nbsp;\u20ac\u0026nbsp;\u003C\/p\u003E\u003Cp align=\u0022center\u0022\u003E(dont 2\/3 \u00e0 la charge de la CPAM et 222\u20ac restant \u00e0 votre charge)\u003C\/p\u003E\u003C\/td\u003E\u003C\/tr\u003E\u003C\/tbody\u003E\u003C\/table\u003E\u003Cp\u003E\u0026nbsp;\u003C\/p\u003E\u003Cp\u003E\u0026nbsp;\u003C\/p\u003E\u003Cul\u003E\u003Cli\u003E\u003Cp\u003E\u003Cstrong\u003EIncidence sur l\u2019ann\u00e9e suivante\u0026nbsp;\u003C\/strong\u003E\u003C\/p\u003E\u003C\/li\u003E\u003C\/ul\u003E\u003Cp\u003E\u0026nbsp;\u003C\/p\u003E\u003Cp\u003EEn cas de b\u00e9n\u00e9fice de l\u2019Acre et si les revenus sont inf\u00e9rieurs \u00e0 35 325 \u20ac nets l\u2019ann\u00e9e suivante, une exon\u00e9ration totale des cotisations du r\u00e9gime de base et du r\u00e9gime invalidit\u00e9 d\u00e9c\u00e8s est possible\u003C\/p\u003E\u003Cp\u003ELa cotisation du r\u00e9gime invalidit\u00e9-d\u00e9c\u00e8s sera alors d\u00e9duite du prochain appel de cotisation.\u003C\/p\u003E\u003Cp\u003ESi vos revenus sont sup\u00e9rieurs, la cotisation du r\u00e9gime de base vous sera demand\u00e9e, en totalit\u00e9 ou partiellement, l\u0027ann\u00e9e suivante (N+1)\u003C\/p\u003E\u003Cp\u003E\u0026nbsp;\u003C\/p\u003E\u003Ctable border=\u00220\u0022 cellspacing=\u00220\u0022 cellpadding=\u00220\u0022 summary=\u0022exon\u00e9ration totale : si revenus \u0026lt; 35325\u20ac \/ exon\u00e9ration partielle si revenus annuels compris entre 35325\u20ac et 47100\u20ac \/ pas d\u0026apos;exon\u00e9ration \u0026gt; 43992\u20ac\u0022\u003E\u003Ctbody\u003E\u003Ctr\u003E\u003Ctd width=\u0022201\u0022\u003E\u003Cp\u003EExon\u00e9ration totale\u003C\/p\u003E\u003C\/td\u003E\u003Ctd width=\u0022201\u0022\u003E\u003Cp\u003EExon\u00e9ration partielle\u003C\/p\u003E\u003C\/td\u003E\u003Ctd width=\u0022201\u0022\u003E\u003Cp\u003EPas d\u2019exon\u00e9ration\u003C\/p\u003E\u003C\/td\u003E\u003C\/tr\u003E\u003Ctr\u003E\u003Ctd width=\u0022201\u0022\u003E\u003Cp\u003ESi vos revenus annuels sont inf\u00e9rieurs \u00e0 35\u0026nbsp;325\u0026nbsp;\u20ac\u003C\/p\u003E\u003C\/td\u003E\u003Ctd width=\u0022201\u0022\u003E\u003Cp\u003ESi vos revenus annuels sont compris entre 35\u0026nbsp;325\u0026nbsp;\u20ac et 47\u0026nbsp;100\u0026nbsp;\u20ac\u003C\/p\u003E\u003C\/td\u003E\u003Ctd width=\u0022201\u0022\u003E\u003Cp\u003ESi vos revenus annuels sont sup\u00e9rieurs \u00e0\u003Cbr\u003E47\u0026nbsp;100\u0026nbsp;\u20ac\u003C\/p\u003E\u003C\/td\u003E\u003C\/tr\u003E\u003C\/tbody\u003E\u003C\/table\u003E\u003Cp\u003E\u0026nbsp;\u003C\/p\u003E\u003Cp\u003E\u003Cstrong\u003E3\/ Cotisations du conjoint collaborateur\u003C\/strong\u003E\u003C\/p\u003E\u003Ctable border=\u00221\u0022 cellspacing=\u00220\u0022 cellpadding=\u00220\u0022 width=\u0022585\u0022\u003E\u003Ctbody\u003E\u003Ctr\u003E\u003Ctd width=\u0022132\u0022 rowspan=\u00222\u0022\u003E\u003Cp align=\u0022center\u0022\u003E\u003Cstrong\u003ECotisation\u003C\/strong\u003E\u003C\/p\u003E\u003C\/td\u003E\u003Ctd width=\u0022454\u0022 colspan=\u00222\u0022\u003E\u003Cp align=\u0022center\u0022\u003E\u003Cstrong\u003EAssiette\u003C\/strong\u003E\u003C\/p\u003E\u003C\/td\u003E\u003C\/tr\u003E\u003Ctr\u003E\u003Ctd width=\u0022155\u0022\u003E\u003Cp align=\u0022center\u0022\u003E\u003Cstrong\u003EFormule\u003C\/strong\u003E\u003C\/p\u003E\u003C\/td\u003E\u003Ctd width=\u0022299\u0022\u003E\u003Cp align=\u0022center\u0022\u003E\u003Cstrong\u003EBase de calcul\u003C\/strong\u003E\u003C\/p\u003E\u003C\/td\u003E\u003C\/tr\u003E\u003Ctr\u003E\u003Ctd width=\u0022132\u0022 rowspan=\u00225\u0022\u003E\u003Cp align=\u0022center\u0022\u003ERetraite de base\u003C\/p\u003E\u003C\/td\u003E\u003Ctd width=\u0022155\u0022 rowspan=\u00223\u0022\u003E\u003Cp align=\u0022center\u0022\u003ECotisation sans partage du revenu\u003C\/p\u003E\u003C\/td\u003E\u003Ctd width=\u0022299\u0022\u003E\u003Cp align=\u0022center\u0022\u003EForfaitaire (\u0026nbsp;50 % du PASS soit \u0026nbsp;8\u0026nbsp;278,55 \u20ac)\u003C\/p\u003E\u003C\/td\u003E\u003C\/tr\u003E\u003Ctr\u003E\u003Ctd width=\u0022299\u0022\u003E\u003Cp align=\u0022center\u0022\u003E25 % du revenu du professionnel\u003C\/p\u003E\u003C\/td\u003E\u003C\/tr\u003E\u003Ctr\u003E\u003Ctd width=\u0022299\u0022\u003E\u003Cp align=\u0022center\u0022\u003E50 % du revenu du professionnel\u003C\/p\u003E\u003C\/td\u003E\u003C\/tr\u003E\u003Ctr\u003E\u003Ctd width=\u0022155\u0022 rowspan=\u00222\u0022\u003E\u003Cp align=\u0022center\u0022\u003ECotisation avec partage du revenu\u003C\/p\u003E\u003C\/td\u003E\u003Ctd width=\u0022299\u0022\u003E\u003Cp align=\u0022center\u0022\u003E25 % du revenu du professionnel\u003C\/p\u003E\u003C\/td\u003E\u003C\/tr\u003E\u003Ctr\u003E\u003Ctd width=\u0022299\u0022\u003E\u003Cp align=\u0022center\u0022\u003E50 % du revenu du professionnel\u003C\/p\u003E\u003C\/td\u003E\u003C\/tr\u003E\u003Ctr\u003E\u003Ctd width=\u0022132\u0022 rowspan=\u00222\u0022\u003E\u003Cp align=\u0022center\u0022\u003ERetraite compl\u00e9mentaire\u003C\/p\u003E\u003C\/td\u003E\u003Ctd width=\u0022454\u0022 colspan=\u00222\u0022\u003E\u003Cp align=\u0022center\u0022\u003E25 % de la cotisation du professionnel (applicable, par d\u00e9faut, en l\u2019absence de choix)\u003C\/p\u003E\u003C\/td\u003E\u003C\/tr\u003E\u003Ctr\u003E\u003Ctd width=\u0022454\u0022 colspan=\u00222\u0022\u003E\u003Cp align=\u0022center\u0022\u003E50 % de la cotisation du professionnel\u003C\/p\u003E\u003C\/td\u003E\u003C\/tr\u003E\u003Ctr\u003E\u003Ctd width=\u0022132\u0022 rowspan=\u00222\u0022\u003E\u003Cp align=\u0022center\u0022\u003EInvalidit\u00e9-D\u00e9c\u00e8s\u003C\/p\u003E\u003C\/td\u003E\u003Ctd width=\u0022454\u0022 colspan=\u00222\u0022\u003E\u003Cp align=\u0022center\u0022\u003E25 % de la cotisation du professionnel (applicable, par d\u00e9faut, en l\u2019absence de choix)\u003C\/p\u003E\u003C\/td\u003E\u003C\/tr\u003E\u003Ctr\u003E\u003Ctd width=\u0022454\u0022 colspan=\u00222\u0022\u003E\u003Cp align=\u0022center\u0022\u003E50 % de la cotisation du professionnel\u003C\/p\u003E\u003C\/td\u003E\u003C\/tr\u003E\u003C\/tbody\u003E\u003C\/table\u003E\u003Cp\u003E\u0026nbsp;\u003C\/p\u003E                                            \u003Cp\u003E\u003Cbr \/\u003E\u003Cstrong\u003ESource :\u003C\/strong\u003E\u003Cstrong\u003E\u00a0\u003C\/strong\u003E\u003C\/p\u003E\u003Cul\u003E\u003Cli\u003E\u003Ca href=\u0022https:\/\/www.urssaf.fr\/accueil\/independant\/praticien-auxiliaire-medical.html\u0022 target=\u0022_blank\u0022 rel=\u0022noopener\u0022\u003Ewww.urssaf.fr\u003C\/a\u003E\u003C\/li\u003E\u003Cli\u003E\u003Ca href=\u0022https:\/\/www.carpimko.com\/\u0022 target=\u0022_blank\u0022 rel=\u0022noopener\u0022\u003Ewww.carpimko.com\u003C\/a\u003E\u003C\/li\u003E\u003C\/ul\u003E\u003C\/div\u003E","annee":"2025","theme":" Indices, taux, bar\u00e8mes sociaux","activites":["Sant\u00e9"],"image":"https:\/\/www.weblex.fr\/sites\/default\/files\/chiffres_clef\/Shutterstock_cotisationssociales_5.jpg","created":"2025-07-31","modified":"2025-07-31"},{"url":"\/chiffres-cles\/tableau-des-cotisations-sociales-dues-par-les-sage-femmes-annee-2025","id":26664,"title":"Tableau des cotisations sociales dues par les sage-femmes - Ann\u00e9e 2025","content":"\u003Cdiv\u003E                                              \u003Cp\u003E\u0026nbsp;\u003C\/p\u003E\u003Cp\u003E\u003Cstrong\u003E1\/ Assiette et taux des cotisations\u003C\/strong\u003E\u003C\/p\u003E\u003Cp\u003ETableau r\u00e9capitulatif des cotisations sociales en 2025\u0026nbsp;:\u003C\/p\u003E\u003Ctable border=\u00221\u0022 cellspacing=\u00220\u0022 cellpadding=\u00220\u0022 width=\u0022642\u0022\u003E\u003Ctbody\u003E\u003Ctr\u003E\u003Ctd width=\u0022189\u0022\u003E\u003Cp align=\u0022center\u0022\u003E\u003Cstrong\u003ECotisation\u003C\/strong\u003E\u003C\/p\u003E\u003C\/td\u003E\u003Ctd width=\u0022274\u0022\u003E\u003Cp align=\u0022center\u0022\u003E\u003Cstrong\u003EBase de calcul\u003C\/strong\u003E\u003C\/p\u003E\u003C\/td\u003E\u003Ctd width=\u0022180\u0022\u003E\u003Cp align=\u0022center\u0022\u003E\u003Cstrong\u003ETaux\/montant\u003C\/strong\u003E\u003C\/p\u003E\u003C\/td\u003E\u003C\/tr\u003E\u003Ctr\u003E\u003Ctd width=\u0022189\u0022 rowspan=\u00229\u0022\u003E\u003Cp\u003EMaladie*\u003C\/p\u003E\u003C\/td\u003E\u003Ctd width=\u0022454\u0022 colspan=\u00222\u0022\u003E\u003Cp align=\u0022center\u0022\u003E\u003Cstrong\u003ESur l\u2019assiette de la participation de la Cpam-Taux pour une sage-femme\u003C\/strong\u003E\u003C\/p\u003E\u003Cp align=\u0022center\u0022\u003E\u0026nbsp;\u003C\/p\u003E\u003C\/td\u003E\u003C\/tr\u003E\u003Ctr\u003E\u003Ctd width=\u0022274\u0022\u003E\u003Cp\u003ERevenu professionnel inf\u00e9rieur \u00e0 18 840 \u20ac (soit 40 % du plafond annuel de la S\u00e9curit\u00e9 sociale)\u003C\/p\u003E\u003C\/td\u003E\u003Ctd width=\u0022180\u0022\u003E\u003Cp align=\u0022center\u0022\u003E0 %\u003C\/p\u003E\u003C\/td\u003E\u003C\/tr\u003E\u003Ctr\u003E\u003Ctd width=\u0022274\u0022\u003E\u003Cp\u003ERevenu professionnel compris entre 18\u0026nbsp;840\u0026nbsp;\u20ac et 51 810 \u20ac (soit entre 40 et 60 % du plafond annuel de la S\u00e9curit\u00e9 sociale)\u003C\/p\u003E\u003C\/td\u003E\u003Ctd width=\u0022180\u0022\u003E\u003Cp align=\u0022center\u0022\u003ETaux progressif\u0026nbsp;de 0 % \u00e0 6,50%\u0026nbsp;*\u0026nbsp;\u003C\/p\u003E\u003C\/td\u003E\u003C\/tr\u003E\u003Ctr\u003E\u003Ctd width=\u0022274\u0022\u003E\u003Cp\u003ERevenu professionnel sup\u00e9rieurs \u00e0 51 810\u20ac (soit 110 % du plafond annuel de la S\u00e9curit\u00e9 sociale)\u003C\/p\u003E\u003C\/td\u003E\u003Ctd width=\u0022180\u0022\u003E\u003Cp align=\u0022center\u0022\u003E6,50 %\u003C\/p\u003E\u003C\/td\u003E\u003C\/tr\u003E\u003Ctr\u003E\u003Ctd width=\u0022274\u0022\u003E\u003Cp\u003EPrise en charge assurance maladie\u003C\/p\u003E\u003C\/td\u003E\u003Ctd width=\u0022180\u0022\u003E\u003Cp align=\u0022center\u0022\u003ETaux progressif\u0026nbsp;:\u0026nbsp;\u003Cbr\u003Eentre 0 % et 6,40 %\u003C\/p\u003E\u003C\/td\u003E\u003C\/tr\u003E\u003Ctr\u003E\u003Ctd width=\u0022454\u0022 colspan=\u00222\u0022\u003E\u003Cp align=\u0022center\u0022\u003E\u003Cstrong\u003ESur le reste du revenu d\u2019activit\u00e9 non-salari\u00e9\u0026nbsp;\u003C\/strong\u003E\u003C\/p\u003E\u003Cp align=\u0022center\u0022\u003E\u0026nbsp;\u003C\/p\u003E\u003C\/td\u003E\u003C\/tr\u003E\u003Ctr\u003E\u003Ctd width=\u0022274\u0022\u003E\u003Cp\u003EPour les revenus inf\u00e9rieurs \u00e0 18 840 \u20ac (soit 40 % du plafond annuel de la S\u00e9curit\u00e9 sociale)\u003C\/p\u003E\u003C\/td\u003E\u003Ctd width=\u0022180\u0022\u003E\u003Cp align=\u0022center\u0022\u003E3,25 %\u003C\/p\u003E\u003C\/td\u003E\u003C\/tr\u003E\u003Ctr\u003E\u003Ctd width=\u0022274\u0022\u003E\u003Cp\u003EPour les revenus compris entre 18 840 \u20ac et 51 810 \u20ac\u0026nbsp; (soit entre 40 % et 110 % le plafond annuel de la S\u00e9curit\u00e9 sociale)\u003C\/p\u003E\u003C\/td\u003E\u003Ctd width=\u0022180\u0022\u003E\u003Cp align=\u0022center\u0022\u003ETaux progressif de 3,25 % \u00e0 9,75 %\u003C\/p\u003E\u003C\/td\u003E\u003C\/tr\u003E\u003Ctr\u003E\u003Ctd width=\u0022274\u0022\u003E\u003Cp\u003EPour les revenus sup\u00e9rieurs \u00e0 51 810 \u20ac (soit 110 % du plafond annuel de la S\u00e9curit\u00e9 sociale)\u003C\/p\u003E\u003C\/td\u003E\u003Ctd width=\u0022180\u0022\u003E\u003Cp align=\u0022center\u0022\u003E9,75 %\u003C\/p\u003E\u003C\/td\u003E\u003C\/tr\u003E\u003Ctr\u003E\u003Ctd width=\u0022189\u0022\u003E\u003Cp\u003EIndemnit\u00e9s journali\u00e8res\u003C\/p\u003E\u003C\/td\u003E\u003Ctd width=\u0022274\u0022\u003E\u003Cp\u003ERevenus plafonn\u00e9s \u00e0 141 300\u0026nbsp;\u20ac (3 fois le plafond annuel de la S\u00e9curit\u00e9 sociale)\u003Cbr\u003E\u003Cbr\u003EUne cotisation minimale est assise sur 40\u0026nbsp;% du plafond annuel de la S\u00e9curit\u00e9 sociale, soit 18\u0026nbsp;840 \u20ac\u003C\/p\u003E\u003C\/td\u003E\u003Ctd width=\u0022180\u0022\u003E\u003Cp align=\u0022center\u0022\u003E0,30 %\u003C\/p\u003E\u003C\/td\u003E\u003C\/tr\u003E\u003Ctr\u003E\u003Ctd width=\u0022189\u0022 rowspan=\u00223\u0022\u003E\u003Cp\u003EAllocations familiales**\u003C\/p\u003E\u003C\/td\u003E\u003Ctd width=\u0022274\u0022\u003E\u003Cp\u003ERevenus inf\u00e9rieurs \u00e0 51 810 \u20ac (110 % du plafond annuel de la S\u00e9curit\u00e9 sociale)\u003C\/p\u003E\u003C\/td\u003E\u003Ctd width=\u0022180\u0022\u003E\u003Cp align=\u0022center\u0022\u003E0 %\u003C\/p\u003E\u003C\/td\u003E\u003C\/tr\u003E\u003Ctr\u003E\u003Ctd width=\u0022274\u0022\u003E\u003Cp\u003ERevenus compris entre 51 810 \u20ac et 65 940 \u20ac (entre 110 % et 140 % du plafond annuel de la S\u00e9curit\u00e9 sociale)\u003C\/p\u003E\u003C\/td\u003E\u003Ctd width=\u0022180\u0022\u003E\u003Cp align=\u0022center\u0022\u003ETaux variable ** entre 0 % et 3,10 %\u003C\/p\u003E\u003C\/td\u003E\u003C\/tr\u003E\u003Ctr\u003E\u003Ctd width=\u0022274\u0022\u003E\u003Cp\u003ERevenus sup\u00e9rieurs \u00e0 65 940 \u20ac (140 % du plafond annuel de la S\u00e9curit\u00e9 sociale)\u003C\/p\u003E\u003C\/td\u003E\u003Ctd width=\u0022180\u0022\u003E\u003Cp align=\u0022center\u0022\u003E3,10 %\u003C\/p\u003E\u003C\/td\u003E\u003C\/tr\u003E\u003Ctr\u003E\u003Ctd width=\u0022189\u0022 rowspan=\u00222\u0022\u003E\u003Cp\u003ECSG\/CRDS\u003C\/p\u003E\u003C\/td\u003E\u003Ctd width=\u0022274\u0022\u003E\u003Cp\u003EMontant du revenu professionnel + cotisations sociales obligatoires\u003C\/p\u003E\u003C\/td\u003E\u003Ctd width=\u0022180\u0022\u003E\u003Cp align=\u0022center\u0022\u003E9,70 %\u003C\/p\u003E\u003C\/td\u003E\u003C\/tr\u003E\u003Ctr\u003E\u003Ctd width=\u0022274\u0022\u003E\u003Cp\u003ERevenus de remplacement : allocations forfaitaires de repos maternel, l\u2019indemnit\u00e9 journali\u00e8re forfaitaire d\u2019interruption d\u2019activit\u00e9 maternit\u00e9, l\u2019indemnit\u00e9 de cong\u00e9 paternit\u00e9, l\u2019indemnit\u00e9 de remplacement maternit\u00e9\u003C\/p\u003E\u003C\/td\u003E\u003Ctd width=\u0022180\u0022\u003E\u003Cp align=\u0022center\u0022\u003E6,70 %\u003C\/p\u003E\u003C\/td\u003E\u003C\/tr\u003E\u003Ctr\u003E\u003Ctd width=\u0022189\u0022 rowspan=\u00222\u0022\u003E\u003Cp\u003ERetraite de base\u003C\/p\u003E\u003C\/td\u003E\u003Ctd width=\u0022274\u0022\u003E\u003Cp\u003EJusqu\u2019\u00e0 47 100 \u20ac (soit 1 fois le plafond annuel de la S\u00e9curit\u00e9 sociale)\u003C\/p\u003E\u003C\/td\u003E\u003Ctd width=\u0022180\u0022\u003E\u003Cp align=\u0022center\u0022\u003E8,23 %\u003C\/p\u003E\u003C\/td\u003E\u003C\/tr\u003E\u003Ctr\u003E\u003Ctd width=\u0022274\u0022\u003E\u003Cp\u003EJusqu\u2019\u00e0 235 500 (soit 5 fois le plafond annuel de la S\u00e9curit\u00e9 sociale)\u003C\/p\u003E\u003C\/td\u003E\u003Ctd width=\u0022180\u0022\u003E\u003Cp align=\u0022center\u0022\u003E1,87 %\u003C\/p\u003E\u003C\/td\u003E\u003C\/tr\u003E\u003Ctr\u003E\u003Ctd width=\u0022189\u0022 rowspan=\u00222\u0022\u003E\u003Cp\u003ERetraite compl\u00e9mentaire\u003C\/p\u003E\u003C\/td\u003E\u003Ctd width=\u0022274\u0022\u003E\u003Cp align=\u0022center\u0022\u003EForfaitaire\u003C\/p\u003E\u003C\/td\u003E\u003Ctd width=\u0022180\u0022\u003E\u003Cp align=\u0022center\u0022\u003E3 178,80 \u20ac\u0026nbsp;\u003C\/p\u003E\u003C\/td\u003E\u003C\/tr\u003E\u003Ctr\u003E\u003Ctd width=\u0022274\u0022\u003E\u003Cp align=\u0022center\u0022\u003E\u003Ca\u003EProportionnelle de 39 413 \u20ac \u00e0 231\u0026nbsp;840 \u20ac (soit entre 0,85 fois et 5 fois le plafond annuel de la S\u00e9curit\u00e9 sociale)\u003C\/a\u003E\u003C\/p\u003E\u003C\/td\u003E\u003Ctd width=\u0022180\u0022\u003E\u003Cp align=\u0022center\u0022\u003E10,80 %\u003C\/p\u003E\u003C\/td\u003E\u003C\/tr\u003E\u003Ctr\u003E\u003Ctd width=\u0022189\u0022\u003E\u003Cp\u003EPrestations compl\u00e9mentaires de vieillesse\u003C\/p\u003E\u003C\/td\u003E\u003Ctd width=\u0022274\u0022\u003E\u003Cp align=\u0022center\u0022\u003EForfaitaire\u003C\/p\u003E\u003C\/td\u003E\u003Ctd width=\u0022180\u0022\u003E\u003Cp align=\u0022center\u0022\u003E\u003Ca\u003E780 \u20ac (dont 260 \u20ac \u00e0 votre charge et 520 \u20ac \u00e0 la charge de la CPAM)\u003C\/a\u003E\u003C\/p\u003E\u003C\/td\u003E\u003C\/tr\u003E\u003Ctr\u003E\u003Ctd width=\u0022189\u0022 valign=\u0022top\u0022\u003E\u003Cp\u003EInvalidit\u00e9-D\u00e9c\u00e8s\u003C\/p\u003E\u003C\/td\u003E\u003Ctd width=\u0022274\u0022 valign=\u0022top\u0022\u003E\u003Cp\u003EForfaitaire\u003C\/p\u003E\u003C\/td\u003E\u003Ctd width=\u0022180\u0022 valign=\u0022top\u0022\u003E\u003Cp align=\u0022center\u0022\u003E351 \u20ac\u003C\/p\u003E\u003C\/td\u003E\u003C\/tr\u003E\u003Ctr\u003E\u003Ctd width=\u0022189\u0022 valign=\u0022top\u0022\u003E\u003Cp\u003EContribution \u00e0 la formation professionnelle\u003C\/p\u003E\u003C\/td\u003E\u003Ctd width=\u0022274\u0022 valign=\u0022top\u0022\u003E\u003Cp\u003ESur la base de 46 398 \u20ac (soit 1 fois le plafond annuel de la S\u00e9curit\u00e9 sociale)\u003C\/p\u003E\u003C\/td\u003E\u003Ctd width=\u0022180\u0022 valign=\u0022top\u0022\u003E\u003Cp align=\u0022center\u0022\u003E0,25 %\u003C\/p\u003E\u003Cp align=\u0022center\u0022\u003E0,34 % en pr\u00e9sence d\u2019un conjoint collaborateur\u0026nbsp;\u003C\/p\u003E\u003C\/td\u003E\u003C\/tr\u003E\u003Ctr\u003E\u003Ctd width=\u0022189\u0022 valign=\u0022top\u0022\u003E\u003Cp\u003EContribution aux Unions r\u00e9gionales des professionnels de sant\u00e9 (CURPS)\u003C\/p\u003E\u003C\/td\u003E\u003Ctd width=\u0022274\u0022 valign=\u0022top\u0022\u003E\u003Cp\u003ESur l\u2019ensemble du revenu d\u2019activit\u00e9 non salari\u00e9e\u003C\/p\u003E\u003C\/td\u003E\u003Ctd width=\u0022180\u0022 valign=\u0022top\u0022\u003E\u003Cp align=\u0022center\u0022\u003E\u003Ca\u003E0,1 %\u0026nbsp;\u003C\/a\u003E\u0026nbsp;dans la limite de\u0026nbsp;236 \u20ac\u003C\/p\u003E\u003C\/td\u003E\u003C\/tr\u003E\u003C\/tbody\u003E\u003C\/table\u003E\u003Cp\u003E\u003Ca\u003E\u003Cstrong\u003E*Taux variable des cotisations maladie-maternit\u00e9 du professionnel lib\u00e9ral r\u00e9glement\u00e9\u003C\/strong\u003E\u003C\/a\u003E\u003C\/p\u003E\u003Cp\u003ERevenus compris entre 18 547 \u20ac et 27 821 (soit entre 40 % et 60 % du plafond annuel de la S\u00e9curit\u00e9 sociale)\u003C\/p\u003E\u003Cp\u003EPour un revenu compris entre 18 547 \u20ac et 27 821 (soit entre 40 % et 60 % du plafond annuel de la S\u00e9curit\u00e9 sociale), le professionnel lib\u00e9ral b\u00e9n\u00e9ficie d\u2019une r\u00e9duction de cotisations d\u2019assurance maladie selon la formule suivante (r = son revenu d\u2019activit\u00e9) :\u003C\/p\u003E\u003Cp\u003E\u0026nbsp;\u003C\/p\u003E\u003Cp align=\u0022center\u0022\u003ETaux = { [(4\/100\/(0,2 \u00d7 46 368)] \u00d7 [r-(0,4 \u00d7 46 368)] }\u003C\/p\u003E\u003Cp\u003E\u0026nbsp;\u003C\/p\u003E\u003Cp\u003ERevenus compris entre 27 821 \u20ac et 51 005 \u20ac (soit entre 60 % et 110 % du plafond annuel de la S\u00e9curit\u00e9 sociale)\u003C\/p\u003E\u003Cp\u003E\u0026nbsp;\u003C\/p\u003E\u003Cp\u003EPour un revenu compris entre 27 821 \u20ac et 51 005 \u20ac (soit entre 60 % et 110 % du plafond annuel de la S\u00e9curit\u00e9 sociale), le professionnel lib\u00e9ral b\u00e9n\u00e9ficie d\u2019une r\u00e9duction de cotisations d\u2019assurance maladie selon la formule suivante (r = son revenu d\u2019activit\u00e9) :\u003C\/p\u003E\u003Cp\u003E\u0026nbsp;\u003C\/p\u003E\u003Cp align=\u0022center\u0022\u003ETaux = { [(6,50\/100-4\/100)\/ (0,5 \u00d7 46 368)] \u00d7 [r-(0,6 \u00d7 46 368)] } + 4\/100\u003C\/p\u003E\u003Cp\u003E\u003Cstrong\u003E** Taux variable des cotisations d\u2019allocations familiales pour un revenu compris entre 51\u0026nbsp;005 \u20ac et 64\u0026nbsp;915 \u20ac (entre 110 % et 140 % du plafond annuel de la S\u00e9curit\u00e9 sociale), le taux est d\u00e9termin\u00e9 selon la formule suivante (r = votre revenu d\u2019activit\u00e9) :\u003C\/strong\u003E\u003C\/p\u003E\u003Cp align=\u0022center\u0022\u003ETaux = [(3,10\/100) \/ (0,3 \u00d7 46\u0026nbsp;368)] \u00d7 (r - 1,1 \u00d7 46\u0026nbsp;368)\u003C\/p\u003E\u003Cp\u003E\u0026nbsp;\u003C\/p\u003E\u003Cp\u003E\u003Cstrong\u003E2\/ Assiette et cotisation minimale retraite de base\u003C\/strong\u003E\u003C\/p\u003E\u003Ctable border=\u00221\u0022 cellspacing=\u00220\u0022 cellpadding=\u00220\u0022 width=\u0022601\u0022\u003E\u003Ctbody\u003E\u003Ctr\u003E\u003Ctd width=\u0022285\u0022 valign=\u0022top\u0022\u003E\u003Cp align=\u0022center\u0022\u003E\u003Cstrong\u003EAssiette minimale\u003C\/strong\u003E\u003C\/p\u003E\u003C\/td\u003E\u003Ctd width=\u0022316\u0022 valign=\u0022top\u0022\u003E\u003Cp align=\u0022center\u0022\u003E\u003Cstrong\u003ECotisation minimale\u0026nbsp;\u003C\/strong\u003E\u003C\/p\u003E\u003C\/td\u003E\u003C\/tr\u003E\u003Ctr\u003E\u003Ctd width=\u0022285\u0022 valign=\u0022top\u0022\u003E\u003Cp\u003E5 346 \u20ac\u0026nbsp;\u003C\/p\u003E\u003C\/td\u003E\u003Ctd width=\u0022316\u0022 valign=\u0022top\u0022\u003E\u003Cp align=\u0022center\u0022\u003E540\u003Ca\u003E \u20ac\u003C\/a\u003E\u003C\/p\u003E\u003C\/td\u003E\u003C\/tr\u003E\u003C\/tbody\u003E\u003C\/table\u003E\u003Cp\u003E\u0026nbsp;\u003C\/p\u003E\u003Cp\u003E\u003Ca\u003E\u003Cstrong\u003E3\/ Assiettes et cotisations forfaitaires au titre de la 1\u00e8re ann\u00e9e d\u2019activit\u00e9 en 2025\u003C\/strong\u003E\u003C\/a\u003E\u003C\/p\u003E\u003Ctable class=\u0022Grilledutableau1\u0022 border=\u00221\u0022 cellspacing=\u00220\u0022 cellpadding=\u00220\u0022 width=\u0022602\u0022\u003E\u003Ctbody\u003E\u003Ctr\u003E\u003Ctd width=\u0022189\u0022 valign=\u0022top\u0022\u003E\u003Cp align=\u0022center\u0022\u003E\u003Cstrong\u003ECotisation\u003C\/strong\u003E\u003C\/p\u003E\u003C\/td\u003E\u003Ctd width=\u0022180\u0022 valign=\u0022top\u0022\u003E\u003Cp align=\u0022center\u0022\u003E\u003Cstrong\u003EAssiette maximale\u003C\/strong\u003E\u003C\/p\u003E\u003C\/td\u003E\u003Ctd width=\u002277\u0022 valign=\u0022top\u0022\u003E\u003Cp align=\u0022center\u0022\u003E\u003Cstrong\u003ETaux\u003C\/strong\u003E\u003C\/p\u003E\u003C\/td\u003E\u003Ctd width=\u0022156\u0022 valign=\u0022top\u0022\u003E\u003Cp align=\u0022center\u0022\u003E\u003Cstrong\u003EMontant annuel pour 4 trimestres d\u2019affiliation\u003C\/strong\u003E\u003C\/p\u003E\u003C\/td\u003E\u003C\/tr\u003E\u003Ctr\u003E\u003Ctd width=\u0022189\u0022 valign=\u0022top\u0022\u003E\u003Cp\u003ERetraite de base\u003C\/p\u003E\u003C\/td\u003E\u003Ctd width=\u0022180\u0022 valign=\u0022top\u0022\u003E\u003Cp align=\u0022center\u0022\u003E8 8949 \u20ac\u003C\/p\u003E\u003C\/td\u003E\u003Ctd width=\u002277\u0022 valign=\u0022top\u0022\u003E\u003Cp align=\u0022center\u0022\u003E10,10 %\u003C\/p\u003E\u003C\/td\u003E\u003Ctd width=\u0022156\u0022 valign=\u0022top\u0022\u003E\u003Cp align=\u0022center\u0022\u003E904\u20ac\u003C\/p\u003E\u003C\/td\u003E\u003C\/tr\u003E\u003Ctr\u003E\u003Ctd width=\u0022189\u0022 valign=\u0022top\u0022\u003E\u003Cp\u003ERetraite compl\u00e9mentaire\u003C\/p\u003E\u003C\/td\u003E\u003Ctd width=\u0022180\u0022 valign=\u0022top\u0022\u003E\u003Cp\u003E\u0026nbsp;\u003C\/p\u003E\u003C\/td\u003E\u003Ctd width=\u002277\u0022 valign=\u0022top\u0022\u003E\u003Cp align=\u0022center\u0022\u003E\u0026nbsp;\u003C\/p\u003E\u003C\/td\u003E\u003Ctd width=\u0022156\u0022 valign=\u0022top\u0022\u003E\u003Cp align=\u0022center\u0022\u003E3\u0026nbsp;178 \u20ac ou 0 \u20ac *\u003C\/p\u003E\u003C\/td\u003E\u003C\/tr\u003E\u003Ctr\u003E\u003Ctd width=\u0022189\u0022 valign=\u0022top\u0022\u003E\u003Cp\u003EPrestations compl\u00e9mentaires de vieillesse\u003C\/p\u003E\u003C\/td\u003E\u003Ctd width=\u0022180\u0022 valign=\u0022top\u0022\u003E\u003Cp\u003E\u0026nbsp;\u003C\/p\u003E\u003C\/td\u003E\u003Ctd width=\u002277\u0022 valign=\u0022top\u0022\u003E\u003Cp align=\u0022center\u0022\u003E\u0026nbsp;\u003C\/p\u003E\u003C\/td\u003E\u003Ctd width=\u0022156\u0022 valign=\u0022top\u0022\u003E\u003Cp align=\u0022center\u0022\u003E260 \u20ac ou 0 \u20ac *\u003C\/p\u003E\u003C\/td\u003E\u003C\/tr\u003E\u003Ctr\u003E\u003Ctd width=\u0022189\u0022 valign=\u0022top\u0022\u003E\u003Cp\u003EInvalidit\u00e9 \u2013 D\u00e9c\u00e8s\u0026nbsp;\u003C\/p\u003E\u003C\/td\u003E\u003Ctd width=\u0022180\u0022 valign=\u0022top\u0022\u003E\u003Cp\u003E\u0026nbsp;\u003C\/p\u003E\u003C\/td\u003E\u003Ctd width=\u002277\u0022 valign=\u0022top\u0022\u003E\u003Cp align=\u0022center\u0022\u003E\u0026nbsp;\u003C\/p\u003E\u003C\/td\u003E\u003Ctd width=\u0022156\u0022 valign=\u0022top\u0022\u003E\u003Cp align=\u0022center\u0022\u003E380 \u20ac\u003C\/p\u003E\u003C\/td\u003E\u003C\/tr\u003E\u003C\/tbody\u003E\u003C\/table\u003E\u003Cp\u003E*Il est possible pour la personne qui d\u00e9bute son activit\u00e9 de demander une dispense de d\u00e9but d\u2019activit\u00e9 avec perte des points de retraite. \u0026nbsp;\u003C\/p\u003E\u003Cp\u003E\u003Ca\u003E\u003Cstrong\u003E4\/ Cotisations du conjoint collaborateur\u003C\/strong\u003E\u003C\/a\u003E\u003C\/p\u003E\u003Cp\u003E\u003Cstrong\u003E\u003C\/strong\u003E\u003C\/p\u003E\u003Ctable border=\u00221\u0022 cellspacing=\u00220\u0022 cellpadding=\u00220\u0022 width=\u0022100%\u0022\u003E\u003Ctbody\u003E\u003Ctr\u003E\u003Ctd width=\u002231%\u0022\u003E\u003Cp align=\u0022center\u0022\u003E\u003Cstrong\u003ECotisation\u003C\/strong\u003E\u003C\/p\u003E\u003C\/td\u003E\u003Ctd width=\u002268%\u0022 colspan=\u00222\u0022\u003E\u003Cp align=\u0022center\u0022\u003E\u003Cstrong\u003EAssiette\u003C\/strong\u003E\u003C\/p\u003E\u003C\/td\u003E\u003C\/tr\u003E\u003Ctr\u003E\u003Ctd width=\u002231%\u0022\u003E\u003Cp\u003EInvalidit\u00e9-D\u00e9c\u00e8s\u003C\/p\u003E\u003C\/td\u003E\u003Ctd width=\u002230%\u0022\u003E\u003Cp align=\u0022center\u0022\u003E\u0026nbsp;\u003C\/p\u003E\u003C\/td\u003E\u003Ctd width=\u002237%\u0022\u003E\u003Cp align=\u0022center\u0022\u003E\u003Cstrong\u003E50 % de la cotisation due par la sage-femme titulaire\u003C\/strong\u003E\u003C\/p\u003E\u003C\/td\u003E\u003C\/tr\u003E\u003Ctr\u003E\u003Ctd width=\u002231%\u0022\u003E\u003Cp\u003E\u0026nbsp;\u003C\/p\u003E\u003Cp\u003ERetraite compl\u00e9mentaire\u003C\/p\u003E\u003C\/td\u003E\u003Ctd width=\u002230%\u0022\u003E\u003Cp align=\u0022center\u0022\u003E\u0026nbsp;\u003C\/p\u003E\u003Cp align=\u0022center\u0022\u003EOption 1 (par d\u00e9faut)\u003Cbr\u003E\u003Cbr\u003E\u003Cbr\u003E\u0026nbsp;\u003C\/p\u003E\u003Cp align=\u0022center\u0022\u003E\u003Cstrong\u003EOption 2\u003C\/strong\u003E\u003C\/p\u003E\u003C\/td\u003E\u003Ctd width=\u002237%\u0022\u003E\u003Cp\u003E\u0026nbsp;\u003C\/p\u003E\u003Cp align=\u0022center\u0022\u003E\u0026nbsp;\u003C\/p\u003E\u003Cp align=\u0022center\u0022\u003E\u003Cstrong\u003E25 % des cotisations dues par la sage-femme titulaire\u003C\/strong\u003E\u003C\/p\u003E\u003Cp align=\u0022center\u0022\u003E\u003Cbr\u003E\u003Cbr\u003E\u003Cbr\u003E\u0026nbsp;\u003C\/p\u003E\u003Cp align=\u0022center\u0022\u003E\u003Cstrong\u003E50 % des cotisations dues par la sage-femme titulaire\u003C\/strong\u003E\u003C\/p\u003E\u003C\/td\u003E\u003C\/tr\u003E\u003Ctr\u003E\u003Ctd width=\u002231%\u0022 rowspan=\u00226\u0022\u003E\u003Cp\u003ERetraite de base*\u0026nbsp;\u003C\/p\u003E\u003C\/td\u003E\u003Ctd width=\u002230%\u0022\u003E\u003Cp align=\u0022center\u0022\u003E\u003Cstrong\u003EFormule\u003C\/strong\u003E\u003C\/p\u003E\u003C\/td\u003E\u003Ctd width=\u002237%\u0022\u003E\u003Cp align=\u0022center\u0022\u003E\u003Cstrong\u003EBase de calcul\u003C\/strong\u003E\u003C\/p\u003E\u003C\/td\u003E\u003C\/tr\u003E\u003Ctr\u003E\u003Ctd width=\u002230%\u0022 rowspan=\u00223\u0022\u003E\u003Cp\u003ECotisation sans partage du revenu\u003C\/p\u003E\u003C\/td\u003E\u003Ctd width=\u002237%\u0022\u003E\u003Cp align=\u0022center\u0022\u003E\u003Ca\u003EForfaitaire \u003C\/a\u003E(50 % PASS soit 23 550 \u20ac)\u003C\/p\u003E\u003C\/td\u003E\u003C\/tr\u003E\u003Ctr\u003E\u003Ctd width=\u002237%\u0022\u003E\u003Cp\u003E\u003Ca\u003E25 % du revenu de la sage-femme\u0026nbsp;\u003C\/a\u003E\u003C\/p\u003E\u003C\/td\u003E\u003C\/tr\u003E\u003Ctr\u003E\u003Ctd width=\u002237%\u0022\u003E\u003Cp\u003E\u003Ca\u003E50 % du revenu de la sage-femme\u003C\/a\u003E\u003C\/p\u003E\u003C\/td\u003E\u003C\/tr\u003E\u003Ctr\u003E\u003Ctd width=\u002230%\u0022 rowspan=\u00222\u0022\u003E\u003Cp\u003ECotisation avec partage du revenu\u003C\/p\u003E\u003C\/td\u003E\u003Ctd width=\u002237%\u0022\u003E\u003Cp\u003E\u003Ca\u003E25 % du revenu de la sage-femme\u003C\/a\u003E\u003C\/p\u003E\u003C\/td\u003E\u003C\/tr\u003E\u003Ctr\u003E\u003Ctd width=\u002237%\u0022\u003E\u003Col start=\u002250\u0022\u003E\u003Cli\u003E% du revenu de la sage-femme\u003C\/li\u003E\u003C\/ol\u003E\u003C\/td\u003E\u003C\/tr\u003E\u003C\/tbody\u003E\u003C\/table\u003E\u003Cp\u003E* Quelle que soit l\u2019option choisie, la cotisation du r\u00e9gime de base des lib\u00e9raux ne peut \u00eatre inf\u00e9rieure au montant de la cotisation minimale, soit\u0026nbsp;\u003Cstrong\u003E540 \u20ac en 2025.\u003C\/strong\u003E\u003C\/p\u003E                                            \u003Cp\u003E\u003Cbr \/\u003E\u003Cstrong\u003ESource :\u003C\/strong\u003E\u003Cstrong\u003E\u00a0\u003C\/strong\u003E\u003C\/p\u003E\u003Cul\u003E\u003Cli\u003E\u003Ca href=\u0022https:\/\/www.urssaf.fr\/portail\/home.html\u0022 target=\u0022_blank\u0022\u003Ewww.urssaf.fr\u003C\/a\u003E\u003C\/li\u003E\u003Cli\u003E\u003Ca href=\u0022http:\/\/www.carcdsf.fr\/\u0022 target=\u0022_blank\u0022\u003Ewww.carcdsf.fr\u003C\/a\u003E\u003C\/li\u003E\u003C\/ul\u003E\u003C\/div\u003E","annee":"2025","theme":" Indices, taux, bar\u00e8mes sociaux","activites":["Sant\u00e9"],"image":"https:\/\/www.weblex.fr\/sites\/default\/files\/chiffres_clef\/Shutterstock_cotisationssociales_6.jpg","created":"2025-07-31","modified":"2025-07-31"},{"url":"\/chiffres-cles\/transport-en-commun-de-voyageurs-et-taxe-interieure-de-consommation-sur-le-gazole-0","id":26647,"title":"Transport en commun de voyageurs et taxe int\u00e9rieure de consommation sur le gazole","content":"\u003Cdiv\u003E                                              \u003Cp\u003ELes entreprises de transport public routier en commun de voyageurs peuvent obtenir, sur demande et sous conditions, le remboursement d\u2019une fraction de la taxe int\u00e9rieure de consommation sur le gazole.\u003C\/p\u003E\u003Cp\u003ESont concern\u00e9es les entreprises qui consomment effectivement du gazole (qui leur a \u00e9t\u00e9 pr\u00e9c\u00e9demment factur\u00e9) au titre de l\u2019exploitation de transports publics routiers en commun de voyageurs.\u003C\/p\u003E\u003Cp\u003ECe remboursement est calcul\u00e9, au choix de l\u2019entreprise :\u003C\/p\u003E\u003Cul\u003E\u003Cli\u003Esoit en appliquant au volume de gazole utilis\u00e9 comme carburant dans des v\u00e9hicules affect\u00e9s \u00e0 ce transport, acquis dans chaque r\u00e9gion et dans la collectivit\u00e9 de Corse, la diff\u00e9rence entre 39,19 \u20ac par hectolitre et le tarif qui y est applicable en application des articles \u003Ca href=\u0022https:\/\/www.legifrance.gouv.fr\/codes\/article_lc\/LEGIARTI000042194095\/2024-03-13\/\u0022 target=\u0022_blank\u0022 rel=\u0022noopener\u0022\u003E265\u003C\/a\u003E, \u003Ca href=\u0022https:\/\/www.legifrance.gouv.fr\/codes\/article_lc\/LEGIARTI000024430290\/2024-03-13\/\u0022 target=\u0022_blank\u0022 rel=\u0022noopener\u0022\u003E265 A bis \u003C\/a\u003Eet\u003Ca href=\u0022https:\/\/www.legifrance.gouv.fr\/codes\/article_lc\/LEGIARTI000042004466\/2024-03-13\/\u0022 target=\u0022_blank\u0022 rel=\u0022noopener\u0022\u003E 265 A ter\u003C\/a\u003E du code des douanes ;\u003C\/li\u003E\u003Cli\u003Esoit en appliquant au total du volume de gazole utilis\u00e9 comme carburant dans les v\u00e9hicules affect\u00e9s \u00e0 ce transport, acquis dans au moins 3 des r\u00e9gions, dont, le cas \u00e9ch\u00e9ant, la collectivit\u00e9 de Corse, un taux moyen de remboursement fix\u00e9 \u00e0 21,71 \u20ac par hectolitre depuis le 1er semestre 2024.\u003C\/li\u003E\u003C\/ul\u003E                                            \u003Cp\u003E\u003Cbr \/\u003E\u003Cstrong\u003ESource :\u003C\/strong\u003E\u003Cstrong\u003E\u00a0\u003C\/strong\u003E\u003C\/p\u003E\u003Cul\u003E\u003Cli\u003E\u003Ca href=\u0022https:\/\/www.legifrance.gouv.fr\/jorf\/id\/JORFTEXT000049053788\u0022 target=\u0022_blank\u0022 rel=\u0022noopener\u0022\u003EArr\u00eat\u00e9 du 26 janvier 2024 fixant les taux moyens pond\u00e9r\u00e9s applicables aux entreprises effectuant du transport routier de marchandises et les exploitants de transport public collectif routier de personnes\u003C\/a\u003E\u003C\/li\u003E\u003Cli\u003E\u003Ca href=\u0022https:\/\/www.legifrance.gouv.fr\/jorf\/id\/JORFTEXT000050124835\u0022 target=\u0022_blank\u0022\u003EArr\u00eat\u00e9 du 24 juillet 2024 fixant les taux moyens pond\u00e9r\u00e9s applicables aux entreprises effectuant du transport routier de marchandises et les exploitants de transport public collectif routier de personnes\u003C\/a\u003E\u003C\/li\u003E\u003C\/ul\u003E\u003C\/div\u003E","annee":"2025","theme":" Indices, taux, bar\u00e8mes fiscaux","activites":["Transport"],"image":"https:\/\/www.weblex.fr\/sites\/default\/files\/chiffres_clef\/Shutterstock_taxegazoletransportcommun.jpg","created":"2025-07-29","modified":"2025-07-29"},{"url":"\/chiffres-cles\/tableau-des-cotisations-sociales-dues-par-les-artistes-auteurs-annee-2025","id":26654,"title":"Tableau des cotisations sociales dues par les artistes-auteurs - Ann\u00e9e 2025","content":"\u003Cdiv\u003E                                              \u003Cp\u003E\u003Cstrong\u003E1\/ Assiette et taux des cotisations\u003C\/strong\u003E\u003C\/p\u003E\u003Cul\u003E\u003Cli\u003E\u003Cp\u003E\u003Cstrong\u003EAssiettes et taux de cotisations pour les revenus d\u00e9clar\u00e9s en BNC\u0026nbsp;\u003C\/strong\u003E\u003C\/p\u003E\u003C\/li\u003E\u003C\/ul\u003E\u003Ctable border=\u00221\u0022 cellspacing=\u00220\u0022 cellpadding=\u00220\u0022 width=\u0022614\u0022\u003E\u003Ctbody\u003E\u003Ctr\u003E\u003Ctd width=\u0022179\u0022\u003E\u003Cp align=\u0022center\u0022\u003E\u003Cstrong\u003ECotisation\u003C\/strong\u003E\u003C\/p\u003E\u003C\/td\u003E\u003Ctd width=\u0022178\u0022\u003E\u003Cp align=\u0022center\u0022\u003E\u003Cstrong\u003EBase de calcul\u003C\/strong\u003E\u003C\/p\u003E\u003C\/td\u003E\u003Ctd width=\u0022257\u0022\u003E\u003Cp align=\u0022center\u0022\u003E\u003Cstrong\u003ETaux\u003C\/strong\u003E\u003C\/p\u003E\u003C\/td\u003E\u003C\/tr\u003E\u003Ctr\u003E\u003Ctd width=\u0022179\u0022\u003E\u003Cp align=\u0022center\u0022\u003EAssurance vieillesse d\u00e9plafonn\u00e9e\u0026nbsp;\u003C\/p\u003E\u003C\/td\u003E\u003Ctd width=\u0022178\u0022\u003E\u003Cp align=\u0022center\u0022\u003EB\u00e9n\u00e9fice + 15 %\u0026nbsp;\u003C\/p\u003E\u003C\/td\u003E\u003Ctd width=\u0022257\u0022\u003E\u003Cp align=\u0022center\u0022\u003E\u003Cstrong\u003E0,40 %\u0026nbsp;\u003C\/strong\u003E(pris en charge par l\u2019\u00c9tat)\u0026nbsp;\u003C\/p\u003E\u003C\/td\u003E\u003C\/tr\u003E\u003Ctr\u003E\u003Ctd width=\u0022179\u0022\u003E\u003Cp align=\u0022center\u0022\u003EAssurance vieillesse plafonn\u00e9e*\u003C\/p\u003E\u003C\/td\u003E\u003Ctd width=\u0022178\u0022\u003E\u003Cp align=\u0022center\u0022\u003EB\u00e9n\u00e9fice + 15 %\u0026nbsp;\u003C\/p\u003E\u003C\/td\u003E\u003Ctd width=\u0022257\u0022\u003E\u003Cp align=\u0022center\u0022\u003E\u003Cstrong\u003E6,90 %\u0026nbsp;\u003C\/strong\u003Edont 0,75 % pris en charge par l\u2019\u00c9tat\u003Cbr\u003E\u003Cbr\u003E\u003Cstrong\u003ETotal\u0026nbsp;: 6,15 %\u0026nbsp;\u003C\/strong\u003E\u003C\/p\u003E\u003Cp align=\u0022center\u0022\u003E\u0026nbsp;\u003C\/p\u003E\u003C\/td\u003E\u003C\/tr\u003E\u003Ctr\u003E\u003Ctd width=\u0022179\u0022\u003E\u003Cp align=\u0022center\u0022\u003ECSG**\u003C\/p\u003E\u003C\/td\u003E\u003Ctd width=\u0022178\u0022\u003E\u003Cp align=\u0022center\u0022\u003EB\u00e9n\u00e9fice + 15 %\u003C\/p\u003E\u003C\/td\u003E\u003Ctd width=\u0022257\u0022\u003E\u003Cp align=\u0022center\u0022\u003E\u003Cstrong\u003E9,20 %\u0026nbsp;\u003C\/strong\u003E\u003C\/p\u003E\u003C\/td\u003E\u003C\/tr\u003E\u003Ctr\u003E\u003Ctd width=\u0022179\u0022\u003E\u003Cp align=\u0022center\u0022\u003ECRDS**\u003C\/p\u003E\u003C\/td\u003E\u003Ctd width=\u0022178\u0022\u003E\u003Cp align=\u0022center\u0022\u003EB\u00e9n\u00e9fice + 15 %\u003C\/p\u003E\u003C\/td\u003E\u003Ctd width=\u0022257\u0022\u003E\u003Cp align=\u0022center\u0022\u003E\u003Cstrong\u003E0,50 %\u003C\/strong\u003E\u003C\/p\u003E\u003C\/td\u003E\u003C\/tr\u003E\u003Ctr\u003E\u003Ctd width=\u0022179\u0022\u003E\u003Cp align=\u0022center\u0022\u003ECFP\u003C\/p\u003E\u003C\/td\u003E\u003Ctd width=\u0022178\u0022\u003E\u003Cp align=\u0022center\u0022\u003EB\u00e9n\u00e9fice + 15 %\u003C\/p\u003E\u003C\/td\u003E\u003Ctd width=\u0022257\u0022\u003E\u003Cp align=\u0022center\u0022\u003E\u003Cstrong\u003E0,35 %\u0026nbsp;\u003C\/strong\u003E\u003C\/p\u003E\u003C\/td\u003E\u003C\/tr\u003E\u003C\/tbody\u003E\u003C\/table\u003E\u003Cp\u003E* L\u2019assiette sociale de la cotisation sociale d\u2019assurance vieillesse plafonn\u00e9e est limit\u00e9e \u00e0 1 PASS soit \u003Cstrong\u003E47\u0026nbsp;100 \u20ac en 2025\u003C\/strong\u003E\u003C\/p\u003E\u003Cp\u003E\u003Cstrong\u003E**\u0026nbsp;\u003C\/strong\u003ESi la r\u00e9mun\u00e9ration d\u2019un auteur est sup\u00e9rieure \u00e0 4 PASS (\u003Cstrong\u003Esoit 188\u0026nbsp;400 \u20ac pour 2025),\u0026nbsp;\u003C\/strong\u003Ela CSG et la CRDS seront calcul\u00e9es sur la part du revenu exc\u00e9dant ce plafond.\u0026nbsp;\u003C\/p\u003E\u003Cul\u003E\u003Cli\u003E\u003Cp\u003E\u003Cstrong\u003EAssiettes et taux de cotisations pour les revenus d\u00e9clar\u00e9s en traitements et salaires\u003C\/strong\u003E\u003C\/p\u003E\u003C\/li\u003E\u003C\/ul\u003E\u003Ctable border=\u00221\u0022 cellspacing=\u00220\u0022 cellpadding=\u00220\u0022 width=\u0022614\u0022\u003E\u003Ctbody\u003E\u003Ctr\u003E\u003Ctd width=\u0022179\u0022\u003E\u003Cp align=\u0022center\u0022\u003E\u003Cstrong\u003ECotisation\u003C\/strong\u003E\u003C\/p\u003E\u003C\/td\u003E\u003Ctd width=\u0022178\u0022\u003E\u003Cp align=\u0022center\u0022\u003E\u003Cstrong\u003EBase de calcul\u003C\/strong\u003E\u003C\/p\u003E\u003C\/td\u003E\u003Ctd width=\u0022257\u0022\u003E\u003Cp align=\u0022center\u0022\u003E\u003Cstrong\u003ETaux\u003C\/strong\u003E\u003C\/p\u003E\u003C\/td\u003E\u003C\/tr\u003E\u003Ctr\u003E\u003Ctd width=\u0022179\u0022\u003E\u003Cp align=\u0022center\u0022\u003EAssurance vieillesse d\u00e9plafonn\u00e9e\u0026nbsp;\u003C\/p\u003E\u003C\/td\u003E\u003Ctd width=\u0022178\u0022\u003E\u003Cp align=\u0022center\u0022\u003E100 % des revenus \u0026nbsp;\u003C\/p\u003E\u003C\/td\u003E\u003Ctd width=\u0022257\u0022\u003E\u003Cp align=\u0022center\u0022\u003E\u003Cstrong\u003E0,40 %\u0026nbsp;\u003C\/strong\u003E(pris en charge par l\u2019\u00c9tat)\u0026nbsp;\u003Cbr\u003E\u003Cbr\u003ETotal\u0026nbsp;:\u0026nbsp;\u003Cstrong\u003ETaux nul\u003C\/strong\u003E\u0026nbsp;\u003C\/p\u003E\u003C\/td\u003E\u003C\/tr\u003E\u003Ctr\u003E\u003Ctd width=\u0022179\u0022\u003E\u003Cp align=\u0022center\u0022\u003EAssurance vieillesse plafonn\u00e9e*\u003C\/p\u003E\u003C\/td\u003E\u003Ctd width=\u0022178\u0022\u003E\u003Cp align=\u0022center\u0022\u003E100 % des revenus \u0026nbsp;\u003C\/p\u003E\u003C\/td\u003E\u003Ctd width=\u0022257\u0022\u003E\u003Cp align=\u0022center\u0022\u003E\u003Cstrong\u003E6,90 %\u0026nbsp;\u003C\/strong\u003Edont 0,75 % pris en charge par l\u2019\u00c9tat\u003Cbr\u003E\u003Cbr\u003E\u003Cstrong\u003ETotal\u0026nbsp;: 6,15 %\u0026nbsp;\u003C\/strong\u003E\u003C\/p\u003E\u003Cp align=\u0022center\u0022\u003E\u0026nbsp;\u003C\/p\u003E\u003C\/td\u003E\u003C\/tr\u003E\u003Ctr\u003E\u003Ctd width=\u0022179\u0022\u003E\u003Cp align=\u0022center\u0022\u003ECSG**\u003C\/p\u003E\u003C\/td\u003E\u003Ctd width=\u0022178\u0022\u003E\u003Cp align=\u0022center\u0022\u003E98,25 % des revenus\u0026nbsp;\u003C\/p\u003E\u003C\/td\u003E\u003Ctd width=\u0022257\u0022\u003E\u003Cp align=\u0022center\u0022\u003E\u003Cstrong\u003E9,20 %\u0026nbsp;\u003C\/strong\u003E\u003C\/p\u003E\u003C\/td\u003E\u003C\/tr\u003E\u003Ctr\u003E\u003Ctd width=\u0022179\u0022\u003E\u003Cp align=\u0022center\u0022\u003ECRDS**\u003C\/p\u003E\u003C\/td\u003E\u003Ctd width=\u0022178\u0022\u003E\u003Cp align=\u0022center\u0022\u003E98,25 % des revenus\u003C\/p\u003E\u003C\/td\u003E\u003Ctd width=\u0022257\u0022\u003E\u003Cp align=\u0022center\u0022\u003E\u003Cstrong\u003E0,50 %\u003C\/strong\u003E\u003C\/p\u003E\u003C\/td\u003E\u003C\/tr\u003E\u003Ctr\u003E\u003Ctd width=\u0022179\u0022\u003E\u003Cp align=\u0022center\u0022\u003ECFP\u003C\/p\u003E\u003C\/td\u003E\u003Ctd width=\u0022178\u0022\u003E\u003Cp align=\u0022center\u0022\u003E100 % des revenus\u003C\/p\u003E\u003C\/td\u003E\u003Ctd width=\u0022257\u0022\u003E\u003Cp align=\u0022center\u0022\u003E\u003Cstrong\u003E0,35 %\u0026nbsp;\u003C\/strong\u003E\u003C\/p\u003E\u003C\/td\u003E\u003C\/tr\u003E\u003C\/tbody\u003E\u003C\/table\u003E\u003Cp\u003E* L\u2019assiette sociale de la cotisation sociale d\u2019assurance vieillesse plafonn\u00e9e est limit\u00e9e \u00e0 1 PASS soit \u003Cstrong\u003E47\u0026nbsp;100 \u20ac en 2025\u003C\/strong\u003E\u003C\/p\u003E\u003Cp\u003E\u003Cstrong\u003E**\u0026nbsp;\u003C\/strong\u003ESi la r\u00e9mun\u00e9ration d\u2019un auteur est sup\u00e9rieure \u00e0 4 PASS (\u003Cstrong\u003Esoit 188\u0026nbsp;400 \u20ac pour 2025),\u0026nbsp;\u003C\/strong\u003Ela CSG et la CRDS seront calcul\u00e9es sur la part du revenu exc\u00e9dant ce plafond.\u0026nbsp;\u003C\/p\u003E\u003Cp\u003E\u0026nbsp;\u003C\/p\u003E\u003Cp\u003E\u003Cstrong\u003E2\/ Cotisations \u00e0 la retraite compl\u00e9mentaire\u003C\/strong\u003E\u003C\/p\u003E\u003Cul\u003E\u003Cli\u003E\u003Cp\u003E\u003Cstrong\u003ERAAP\u003C\/strong\u003E\u003C\/p\u003E\u003C\/li\u003E\u003C\/ul\u003E\u003Cp\u003ELa cotisation de retraite compl\u00e9mentaire du r\u00e9gime des artistes et auteurs professionnels (RAAP) est obligatoire pour les artistes-auteurs qui d\u00e9passent le seuil d\u2019affiliation fix\u00e9 \u00e0 900 Smic horaire en vigueur au 1er janvier 2025, soit 10 485 \u20ac. Une affiliation facultative est possible sous certaines conditions.\u003C\/p\u003E\u003Ctable border=\u00221\u0022 cellspacing=\u00220\u0022 cellpadding=\u00220\u0022 width=\u0022612\u0022\u003E\u003Ctbody\u003E\u003Ctr\u003E\u003Ctd width=\u0022204\u0022 valign=\u0022top\u0022\u003E\u003Cp align=\u0022center\u0022\u003E\u003Cstrong\u003ESeuil de revenus\u003C\/strong\u003E\u003C\/p\u003E\u003C\/td\u003E\u003Ctd width=\u0022204\u0022 valign=\u0022top\u0022\u003E\u003Cp align=\u0022center\u0022\u003E\u003Cstrong\u003ECotisation RAAP 2025\u003C\/strong\u003E\u003C\/p\u003E\u003C\/td\u003E\u003Ctd width=\u0022204\u0022 valign=\u0022top\u0022\u003E\u003Cp align=\u0022center\u0022\u003E\u003Cstrong\u003ETaux de cotisations\u003C\/strong\u003E\u003C\/p\u003E\u003C\/td\u003E\u003C\/tr\u003E\u003Ctr\u003E\u003Ctd width=\u0022204\u0022 valign=\u0022top\u0022\u003E\u003Cp align=\u0022center\u0022\u003E\u003Cstrong\u003EInf\u00e9rieure ou \u00e9gale \u00e0 10\u0026nbsp;484 \u20ac\u003C\/strong\u003E\u003C\/p\u003E\u003C\/td\u003E\u003Ctd width=\u0022204\u0022 valign=\u0022top\u0022\u003E\u003Cp align=\u0022center\u0022\u003ENon-obligatoire (possibilit\u00e9 de cotiser volontairement)\u003C\/p\u003E\u003C\/td\u003E\u003Ctd width=\u0022204\u0022 valign=\u0022top\u0022\u003E\u003Cp align=\u0022center\u0022\u003E\u003Cstrong\u003E4 % ou 8 %*\u003C\/strong\u003E\u003C\/p\u003E\u003C\/td\u003E\u003C\/tr\u003E\u003Ctr\u003E\u003Ctd width=\u0022204\u0022\u003E\u003Cp align=\u0022center\u0022\u003E\u003Cstrong\u003EEntre 10\u0026nbsp;485 \u20ac et 31\u0026nbsp;455 \u20ac\u003C\/strong\u003E\u003C\/p\u003E\u003C\/td\u003E\u003Ctd width=\u0022204\u0022\u003E\u003Cp align=\u0022center\u0022\u003EObligatoire\u003C\/p\u003E\u003C\/td\u003E\u003Ctd width=\u0022204\u0022\u003E\u003Cp align=\u0022center\u0022\u003E\u003Cstrong\u003E4 % ou 8 %\u003C\/strong\u003E\u003C\/p\u003E\u003C\/td\u003E\u003C\/tr\u003E\u003Ctr\u003E\u003Ctd width=\u0022204\u0022\u003E\u003Cp align=\u0022center\u0022\u003E\u003Cstrong\u003EEntre 31\u0026nbsp;455 \u20ac et 141\u0026nbsp;300 \u20ac\u003C\/strong\u003E\u003C\/p\u003E\u003C\/td\u003E\u003Ctd width=\u0022204\u0022\u003E\u003Cp align=\u0022center\u0022\u003EObligatoire\u003C\/p\u003E\u003C\/td\u003E\u003Ctd width=\u0022204\u0022\u003E\u003Cp align=\u0022center\u0022\u003E\u003Cstrong\u003E8 %\u003C\/strong\u003E\u003C\/p\u003E\u003C\/td\u003E\u003C\/tr\u003E\u003Ctr\u003E\u003Ctd width=\u0022204\u0022\u003E\u003Cp align=\u0022center\u0022\u003E\u003Cstrong\u003ESup\u00e9rieure \u00e0 141\u0026nbsp;300 \u20ac\u003C\/strong\u003E\u003C\/p\u003E\u003C\/td\u003E\u003Ctd width=\u0022204\u0022\u003E\u003Cp align=\u0022center\u0022\u003EObligatoire \u00e0 hauteur de 141\u0026nbsp;300 \u20ac (partie de l\u2019assiette d\u00e9passant ce plafond n\u2019est pas pris en compte au titre de la cotisation RAAP)\u003C\/p\u003E\u003C\/td\u003E\u003Ctd width=\u0022204\u0022\u003E\u003Cp align=\u0022center\u0022\u003Ex\u003C\/p\u003E\u003C\/td\u003E\u003C\/tr\u003E\u003C\/tbody\u003E\u003C\/table\u003E\u003Cp\u003E\u0026nbsp;\u003C\/p\u003E\u003Cp\u003E* Si vos revenus n\u2019atteignent pas une limite fix\u00e9e \u00e0 31 455 euros (trois fois le seuil d\u2019affiliation au RAAP en 2025), vous pouvez demander via votre espace adh\u00e9rent \u00e0 b\u00e9n\u00e9ficier d\u2019un taux r\u00e9duit de 4\u2009% avant le 30 novembre de l\u2019ann\u00e9e de la cotisation. Vos droits \u00e0 la retraite seront r\u00e9duits de moiti\u00e9.\u003C\/p\u003E                                            \u003Cp\u003E\u003Cbr \/\u003E\u003Cstrong\u003ESource :\u003C\/strong\u003E\u003Cstrong\u003E\u00a0\u003C\/strong\u003E\u003C\/p\u003E\u003Cul\u003E\u003Cli\u003E\u003Ca href=\u0022https:\/\/www.service-public.fr\/\u0022 target=\u0022_blank\u0022\u003Ewww.service-public.fr\u003C\/a\u003E\u003C\/li\u003E\u003Cli\u003E\u003Ca href=\u0022http:\/\/www.urssaf.fr\/\u0022 target=\u0022_blank\u0022\u003Eurssaf.fr\u003C\/a\u003E\u003C\/li\u003E\u003Cli\u003E\u003Ca href=\u0022http:\/\/www.ircec.fr\/\u0022 target=\u0022_blank\u0022\u003Ewww.ircec.fr\u003C\/a\u003E\u003C\/li\u003E\u003Cli\u003E\u003Ca href=\u0022https:\/\/www.legifrance.gouv.fr\/affichTexte.do;jsessionid=518FFF92E7B56B8EE4BE1ADCD06F20D6.tplgfr37s_3?cidTexte=JORFTEXT000031740740\u0026amp;dateTexte=20200318\u0022 target=\u0022_blank\u0022\u003ED\u00e9cret n\u00b0 2015-1877 du 30 d\u00e9cembre 2015 relatif au r\u00e9gime d\u0027assurance vieillesse compl\u00e9mentaire des artistes et auteurs professionnels\u003C\/a\u003E\u003C\/li\u003E\u003Cli\u003E\u003Ca href=\u0022https:\/\/www.legifrance.gouv.fr\/affichTexte.do?cidTexte=JORFTEXT000039684574\u0026amp;categorieLien=id\u0022 target=\u0022_blank\u0022\u003ED\u00e9cret n\u00b0 2019-1484 du 27 d\u00e9cembre 2019 fixant pour l\u0027ann\u00e9e 2019 les cotisations aux r\u00e9gimes d\u0027assurance vieillesse compl\u00e9mentaire et d\u0027assurance invalidit\u00e9-d\u00e9c\u00e8s des professions lib\u00e9rales et le coefficient de r\u00e9f\u00e9rence du r\u00e9gime d\u0027assurance vieillesse compl\u00e9mentaire des artistes-auteurs\u003C\/a\u003E\u003C\/li\u003E\u003Cli\u003E\u003Ca href=\u0022https:\/\/www.legifrance.gouv.fr\/jorf\/id\/JORFTEXT000043798460\u0022 target=\u0022_blank\u0022\u003ED\u00e9cret n\u00b0 2021-945 du 16 juillet 2021 fixant pour 2021 les param\u00e8tres des r\u00e9gimes des prestations compl\u00e9mentaires de vieillesse des directeurs de laboratoires priv\u00e9s d\u0027analyses m\u00e9dicales non m\u00e9decins et des sages-femmes et du r\u00e9gime d\u0027assurance vieillesse compl\u00e9mentaire des artistes-auteurs, ainsi que les cotisations d\u0027assurance vieillesse compl\u00e9mentaire et d\u0027invalidit\u00e9-d\u00e9c\u00e8s des professions lib\u00e9rales\u003C\/a\u003E\u003C\/li\u003E\u003Cli\u003E\u003Ca href=\u0022https:\/\/www.legifrance.gouv.fr\/jorf\/id\/JORFTEXT000043798460\u0022 target=\u0022_blank\u0022\u003ED\u00e9cret n\u00b0 2021-945 du 16 juillet 2021 fixant pour 2021 les param\u00e8tres des r\u00e9gimes des prestations compl\u00e9mentaires de vieillesse des directeurs de laboratoires priv\u00e9s d\u0027analyses m\u00e9dicales non m\u00e9decins et des sages-femmes et du r\u00e9gime d\u0027assurance vieillesse compl\u00e9mentaire des artistes-auteurs, ainsi que les cotisations d\u0027assurance vieillesse compl\u00e9mentaire et d\u0027invalidit\u00e9-d\u00e9c\u00e8s des professions lib\u00e9rales\u003C\/a\u003E\u003C\/li\u003E\u003C\/ul\u003E\u003C\/div\u003E","annee":"2025","theme":" Indices, taux, bar\u00e8mes sociaux","activites":["Prestataire de services"],"image":"https:\/\/www.weblex.fr\/sites\/default\/files\/chiffres_clef\/Shutterstock_cotisationssociales_3.jpg","created":"2025-07-29","modified":"2025-07-29"},{"url":"\/chiffres-cles\/taxe-sur-la-distance-parcourue-sur-le-reseau-autoroutier-concede-2025","id":26648,"title":"Taxe sur la distance parcourue sur le r\u00e9seau autoroutier conc\u00e9d\u00e9 - 2025","content":"\u003Cdiv\u003E                                              \u003Cp\u003ELa taxe sur la distance parcourue sur le r\u00e9seau autoroutier conc\u00e9d\u00e9 est due, toutes conditions remplies, par les concessionnaires d\u0027autoroutes.\u003C\/p\u003E\u003Cp\u003ECette taxe est calcul\u00e9e en fonction du nombre de kilom\u00e8tres parcourus par les usagers sur une autoroute conc\u00e9d\u00e9e situ\u00e9e en M\u00e9tropole, Guadeloupe, Martinique, Guyane, La R\u00e9union et Mayotte.\u003C\/p\u003E\u003Cp\u003ESon montant est \u00e9gal au tarif unitaire multipli\u00e9 par la distance parcourue par les usagers d\u2019une autoroute conc\u00e9d\u00e9e.\u003C\/p\u003E\u003Cp\u003ELe tarif unitaire pour 2025 est fix\u00e9 \u00e0 8,08 \u20ac pour une distance parcourue de 1\u202f000 km sur le r\u00e9seau autoroutier conc\u00e9d\u00e9.\u0026nbsp;\u003C\/p\u003E                                            \u003Cp\u003E\u003Cbr \/\u003E\u003Cstrong\u003ESource :\u003C\/strong\u003E\u003Cstrong\u003E\u00a0\u003C\/strong\u003E\u003C\/p\u003E\u003Cul\u003E\u003Cli\u003E\u003Ca href=\u0022https:\/\/www.legifrance.gouv.fr\/codes\/section_lc\/LEGITEXT000044595989\/LEGISCTA000049804012\/2025-01-01\/\u0022 target=\u0022_blank\u0022\u003EArticle A421-53 du Code des impositions sur les biens et services\u003C\/a\u003E\u003C\/li\u003E\u003C\/ul\u003E\u003C\/div\u003E","annee":"2025","theme":" Indices, taux, bar\u00e8mes fiscaux","activites":["Transport"],"image":"https:\/\/www.weblex.fr\/sites\/default\/files\/chiffres_clef\/Shutterstock_taxeconcessionnaireautoroute.jpg","created":"2025-07-29","modified":"2025-07-29"},{"url":"\/chiffres-cles\/tableau-des-cotisations-sociales-dues-par-les-micro-entrepreneurs-annee-2025","id":26646,"title":"Tableau des cotisations sociales dues par les micro-entrepreneurs - Ann\u00e9e 2025","content":"\u003Cdiv\u003E                                              \u003Col\u003E\u003Cli\u003E\u003Ch3\u003EUn r\u00e9gime simplifi\u00e9\u003C\/h3\u003E\u003C\/li\u003E\u003C\/ol\u003E\u003Cp\u003ELe r\u00e9gime micro-social se caract\u00e9rise par sa relative simplicit\u00e9 puisqu\u2019il sera appliqu\u00e9 sur le chiffre d\u2019affaires r\u00e9alis\u00e9 un pourcentage \u00e9gal aux taux suivants.\u0026nbsp;\u003C\/p\u003E\u003Ctable border=\u00221\u0022 cellspacing=\u00220\u0022 cellpadding=\u00220\u0022\u003E\u003Ctbody\u003E\u003Ctr\u003E\u003Ctd width=\u0022425\u0022 valign=\u0022top\u0022\u003E\u003Cp\u003E\u003Cstrong\u003ESecteur d\u2019activit\u00e9\u0026nbsp;\u003C\/strong\u003E\u003C\/p\u003E\u003C\/td\u003E\u003Ctd width=\u0022179\u0022 valign=\u0022top\u0022\u003E\u003Cp\u003E\u003Cstrong\u003ETaux\u0026nbsp;\u003C\/strong\u003E\u003C\/p\u003E\u003C\/td\u003E\u003C\/tr\u003E\u003Ctr\u003E\u003Ctd width=\u0022425\u0022 valign=\u0022top\u0022\u003E\u003Cp\u003EAchat \/ revente de marchandises (BIC)\u003C\/p\u003E\u003C\/td\u003E\u003Ctd width=\u0022179\u0022 valign=\u0022top\u0022\u003E\u003Cp\u003E12,3 %\u0026nbsp;\u003C\/p\u003E\u003C\/td\u003E\u003C\/tr\u003E\u003Ctr\u003E\u003Ctd width=\u0022425\u0022 valign=\u0022top\u0022\u003E\u003Cp\u003EPrestations de services commerciales et artisanales, y compris les locations meubl\u00e9es de toutes natures et les chambres d\u0027h\u00f4te (BIC)\u003C\/p\u003E\u003C\/td\u003E\u003Ctd width=\u0022179\u0022 valign=\u0022top\u0022\u003E\u003Cp\u003E21,2 %\u0026nbsp;\u003C\/p\u003E\u003C\/td\u003E\u003C\/tr\u003E\u003Ctr\u003E\u003Ctd width=\u0022425\u0022 valign=\u0022top\u0022\u003E\u003Cp\u003EAutres prestations de services (BNC)\u003C\/p\u003E\u003C\/td\u003E\u003Ctd width=\u0022179\u0022 valign=\u0022top\u0022\u003E\u003Cp\u003E24,6 % au 1er janvier 2025\u003C\/p\u003E\u003C\/td\u003E\u003C\/tr\u003E\u003Ctr\u003E\u003Ctd width=\u0022425\u0022 valign=\u0022top\u0022\u003E\u003Cp\u003EProfessions lib\u00e9rales r\u00e9glement\u00e9es relevant de la Cipav (BIC ou BNC)\u003C\/p\u003E\u003C\/td\u003E\u003Ctd width=\u0022179\u0022 valign=\u0022top\u0022\u003E\u003Cp\u003E23,2 % au 1er juillet 2024\u003C\/p\u003E\u003C\/td\u003E\u003C\/tr\u003E\u003Ctr\u003E\u003Ctd width=\u0022425\u0022 valign=\u0022top\u0022\u003E\u003Cp\u003ELocation de meubl\u00e9s de tourisme class\u00e9s\u003C\/p\u003E\u003C\/td\u003E\u003Ctd width=\u0022179\u0022 valign=\u0022top\u0022\u003E\u003Cp\u003E6%\u0026nbsp;\u003C\/p\u003E\u003C\/td\u003E\u003C\/tr\u003E\u003C\/tbody\u003E\u003C\/table\u003E\u003Cul\u003E\u003Cli\u003EPour les activit\u00e9s lib\u00e9rales cr\u00e9\u00e9es depuis 2018\u0026nbsp;et ne d\u00e9pendant pas de la\u0026nbsp;\u003Ca href=\u0022https:\/\/www.autoentrepreneur.urssaf.fr\/portail\/accueil\/lexique.html?lettre=C#cipav\u0022 target=\u0022_blank\u0022 title=\u0022Voir la d\u00e9finition de \u0026apos;Cipav\u0026apos; - Nouvelle fen\u00eatre\u0022\u003ECIPAV\u003C\/a\u003E, la revalorisation des taux est progressive pendant 2\u0026nbsp;ans.\u003C\/li\u003E\u003Cli\u003EAu 1er\u0026nbsp;janvier 2026\u0026nbsp;le taux \u0022Autre prestation de services\u0022 sera \u00e0 26,1\u0026nbsp;%\u003C\/li\u003E\u003C\/ul\u003E\u003Cp\u003EPour les activit\u00e9s lib\u00e9rales cr\u00e9es depuis 2018 et ne d\u00e9pendant pas de la CIPAV, la revalorisation des taux progressive pendant 2 ans. Au 1er janvier 2026, le taux \u00ab\u0026nbsp;autres prestation de services\u0026nbsp;\u00bb sera de 26,1 %\u003C\/p\u003E\u003Col start=\u00222\u0022\u003E\u003Cli\u003E\u003Ch3\u003EAu titre de la contribution \u00e0 la formation professionnelle\u0026nbsp;\u003C\/h3\u003E\u003C\/li\u003E\u003C\/ol\u003E\u003Cp\u003EL\u00e0 encore, la contribution destin\u00e9e au financement de la formation professionnelle est calcul\u00e9e en fonction d\u2019un pourcentage du chiffre d\u2019affaires :\u0026nbsp;\u003C\/p\u003E\u003Ctable border=\u00221\u0022 cellspacing=\u00220\u0022 cellpadding=\u00220\u0022\u003E\u003Ctbody\u003E\u003Ctr\u003E\u003Ctd width=\u0022425\u0022 valign=\u0022top\u0022\u003E\u003Cp\u003E\u003Cstrong\u003ESecteur d\u2019activit\u00e9\u0026nbsp;\u003C\/strong\u003E\u003C\/p\u003E\u003C\/td\u003E\u003Ctd width=\u0022179\u0022 valign=\u0022top\u0022\u003E\u003Cp\u003E\u003Cstrong\u003ETaux\u0026nbsp;\u003C\/strong\u003E\u003C\/p\u003E\u003C\/td\u003E\u003C\/tr\u003E\u003Ctr\u003E\u003Ctd width=\u0022425\u0022 valign=\u0022top\u0022\u003E\u003Cp\u003EArtisans\u0026nbsp;\u003C\/p\u003E\u003C\/td\u003E\u003Ctd width=\u0022179\u0022 valign=\u0022top\u0022\u003E\u003Cp\u003E0,3 %\u0026nbsp;\u003C\/p\u003E\u003C\/td\u003E\u003C\/tr\u003E\u003Ctr\u003E\u003Ctd width=\u0022425\u0022 valign=\u0022top\u0022\u003E\u003Cp\u003ECommer\u00e7ants \u0026nbsp;\u003C\/p\u003E\u003C\/td\u003E\u003Ctd width=\u0022179\u0022 valign=\u0022top\u0022\u003E\u003Cp\u003E0,1 %\u0026nbsp;\u003C\/p\u003E\u003C\/td\u003E\u003C\/tr\u003E\u003Ctr\u003E\u003Ctd width=\u0022425\u0022 valign=\u0022top\u0022\u003E\u003Cp\u003EProfessions lib\u00e9rales r\u00e9glement\u00e9es et non-r\u00e9glement\u00e9es\u0026nbsp;\u003C\/p\u003E\u003C\/td\u003E\u003Ctd width=\u0022179\u0022 valign=\u0022top\u0022\u003E\u003Cp\u003E0,2 %\u0026nbsp;\u003C\/p\u003E\u003C\/td\u003E\u003C\/tr\u003E\u003C\/tbody\u003E\u003C\/table\u003E\u003Cp\u003E\u003Cstrong\u003E\u003C\/strong\u003E\u003C\/p\u003E\u003Col start=\u00223\u0022\u003E\u003Cli\u003E\u003Ch3\u003ECotisation fonci\u00e8re des entreprises (CFE)\u003C\/h3\u003E\u003C\/li\u003E\u003C\/ol\u003E\u003Cp\u003E\u00c0 ces cotisations pr\u00e9c\u00e9dentes s\u2019ajoute la cotisation fonci\u00e8re des entreprises, que vous poss\u00e9diez ou non un local professionnel. Le taux de cotisation varie selon la valeur locative de votre local sur l\u2019ann\u00e9e N-2 s\u2019il est soumis \u00e0 la taxe fonci\u00e8re, et selon le taux locatif de votre commune.\u003C\/p\u003E\u003Cp\u003EL\u2019ann\u00e9e de la cr\u00e9ation de votre auto-entreprise, vous en \u00eates dispens\u00e9. Les ann\u00e9es suivantes, elle sera due m\u00eame si vous exercez \u00e0 domicile et une cotisation minimale sera exig\u00e9e (la base de calcul de cette cotisation minimale est fix\u00e9e par le conseil municipal ainsi que le taux d\u2019imposition).\u003C\/p\u003E\u003Cp\u003ELes entreprises sont exon\u00e9r\u00e9es de CFE si leur chiffre d\u2019affaires de l\u2019avant derni\u00e8re ann\u00e9e est inf\u00e9rieur \u00e0 5 000 \u20ac. Pour une entreprise cr\u00e9\u00e9e en 2023, la CFE 2024 sera calcul\u00e9e en fonction du chiffre d\u2019affaires 2023. Si le montant obtenu est trop faible, une cotisation minimale est institu\u00e9e comme ci\u0026nbsp;:\u0026nbsp;\u003C\/p\u003E\u003Ctable border=\u00221\u0022 cellspacing=\u00220\u0022 cellpadding=\u00220\u0022\u003E\u003Ctbody\u003E\u003Ctr\u003E\u003Ctd width=\u0022205\u0022 valign=\u0022top\u0022\u003E\u003Cp align=\u0022center\u0022\u003E\u003Cstrong\u003EChiffre d\u2019affaires ou recettes\u003C\/strong\u003E\u003C\/p\u003E\u003C\/td\u003E\u003Ctd width=\u0022200\u0022 valign=\u0022top\u0022\u003E\u003Cp align=\u0022center\u0022\u003E\u003Cstrong\u003EBase minimale (CFE due au titre de 2024)\u003C\/strong\u003E\u003C\/p\u003E\u003C\/td\u003E\u003Ctd width=\u0022200\u0022 valign=\u0022top\u0022\u003E\u003Cp align=\u0022center\u0022\u003E\u003Cstrong\u003EBase minimale (CFE due au titre de 2025)\u003C\/strong\u003E\u003C\/p\u003E\u003C\/td\u003E\u003C\/tr\u003E\u003Ctr\u003E\u003Ctd width=\u0022205\u0022 valign=\u0022top\u0022\u003E\u003Cp\u003EJusqu\u2019\u00e0\u0026nbsp;\u003Cstrong\u003E10\u0026nbsp;000\u0026nbsp;\u20ac\u003C\/strong\u003E\u003C\/p\u003E\u003C\/td\u003E\u003Ctd width=\u0022200\u0022 valign=\u0022top\u0022\u003E\u003Cp\u003EEntre\u0026nbsp;\u003Cstrong\u003E237\u0026nbsp;\u20ac\u003C\/strong\u003E\u0026nbsp;et\u0026nbsp;\u003Cstrong\u003E565\u0026nbsp;\u20ac\u003C\/strong\u003E\u003C\/p\u003E\u003C\/td\u003E\u003Ctd width=\u0022200\u0022 valign=\u0022top\u0022\u003E\u003Cp\u003EEntre\u0026nbsp;\u003Cstrong\u003E243\u0026nbsp;\u003C\/strong\u003E\u20ac et\u0026nbsp;\u003Cstrong\u003E579\u0026nbsp;\u003C\/strong\u003E\u20ac\u003C\/p\u003E\u003C\/td\u003E\u003C\/tr\u003E\u003Ctr\u003E\u003Ctd width=\u0022205\u0022 valign=\u0022top\u0022\u003E\u003Cp\u003EEntre\u0026nbsp;\u003Cstrong\u003E10\u0026nbsp;001\u0026nbsp;\u20ac\u003C\/strong\u003E\u0026nbsp;et\u0026nbsp;\u003Cstrong\u003E32\u0026nbsp;600\u0026nbsp;\u20ac\u003C\/strong\u003E\u003C\/p\u003E\u003C\/td\u003E\u003Ctd width=\u0022200\u0022 valign=\u0022top\u0022\u003E\u003Cp\u003EEntre\u0026nbsp;\u003Cstrong\u003E237\u0026nbsp;\u20ac\u003C\/strong\u003E\u0026nbsp;et\u0026nbsp;\u003Cstrong\u003E1\u0026nbsp;130\u0026nbsp;\u20ac\u003C\/strong\u003E\u003C\/p\u003E\u003C\/td\u003E\u003Ctd width=\u0022200\u0022 valign=\u0022top\u0022\u003E\u003Cp\u003EEntre\u0026nbsp;\u003Cstrong\u003E243\u0026nbsp;\u003C\/strong\u003E\u20ac et\u0026nbsp;\u003Cstrong\u003E1\u0026nbsp;158\u0026nbsp;\u003C\/strong\u003E\u20ac\u003C\/p\u003E\u003C\/td\u003E\u003C\/tr\u003E\u003Ctr\u003E\u003Ctd width=\u0022205\u0022 valign=\u0022top\u0022\u003E\u003Cp\u003EEntre\u0026nbsp;\u003Cstrong\u003E32\u0026nbsp;601\u0026nbsp;\u20ac\u003C\/strong\u003E\u0026nbsp;et\u0026nbsp;\u003Cstrong\u003E100\u0026nbsp;000\u0026nbsp;\u20ac\u003C\/strong\u003E\u003C\/p\u003E\u003C\/td\u003E\u003Ctd width=\u0022200\u0022 valign=\u0022top\u0022\u003E\u003Cp\u003EEntre\u0026nbsp;\u003Cstrong\u003E237\u0026nbsp;\u20ac\u003C\/strong\u003E\u0026nbsp;et\u0026nbsp;\u003Cstrong\u003E2\u0026nbsp;374\u0026nbsp;\u20ac\u003C\/strong\u003E\u003C\/p\u003E\u003C\/td\u003E\u003Ctd width=\u0022200\u0022 valign=\u0022top\u0022\u003E\u003Cp\u003EEntre\u0026nbsp;\u003Cstrong\u003E243\u0026nbsp;\u20ac\u003C\/strong\u003E\u0026nbsp;et\u0026nbsp;\u003Cstrong\u003E2\u0026nbsp;433\u0026nbsp;\u20ac\u003C\/strong\u003E\u003C\/p\u003E\u003C\/td\u003E\u003C\/tr\u003E\u003Ctr\u003E\u003Ctd width=\u0022205\u0022 valign=\u0022top\u0022\u003E\u003Cp\u003EEntre\u0026nbsp;\u003Cstrong\u003E100\u0026nbsp;001\u0026nbsp;\u20ac\u003C\/strong\u003E\u0026nbsp;et\u0026nbsp;\u003Cstrong\u003E250\u0026nbsp;000\u0026nbsp;\u20ac\u003C\/strong\u003E\u003C\/p\u003E\u003C\/td\u003E\u003Ctd width=\u0022200\u0022 valign=\u0022top\u0022\u003E\u003Cp\u003EEntre\u0026nbsp;\u003Cstrong\u003E237\u0026nbsp;\u20ac\u003C\/strong\u003E\u0026nbsp;et\u0026nbsp;\u003Cstrong\u003E3\u0026nbsp;957\u0026nbsp;\u20ac\u003C\/strong\u003E\u003C\/p\u003E\u003C\/td\u003E\u003Ctd width=\u0022200\u0022 valign=\u0022top\u0022\u003E\u003Cp\u003EEntre\u0026nbsp;\u003Cstrong\u003E243\u0026nbsp;\u20ac\u003C\/strong\u003E\u0026nbsp;et\u0026nbsp;\u003Cstrong\u003E4\u0026nbsp;056\u003C\/strong\u003E\u0026nbsp;\u20ac\u003C\/p\u003E\u003C\/td\u003E\u003C\/tr\u003E\u003Ctr\u003E\u003Ctd width=\u0022205\u0022 valign=\u0022top\u0022\u003E\u003Cp\u003EEntre\u0026nbsp;\u003Cstrong\u003E250\u0026nbsp;001\u0026nbsp;\u20ac\u003C\/strong\u003E\u0026nbsp;et\u0026nbsp;\u003Cstrong\u003E500\u0026nbsp;000\u0026nbsp;\u20ac\u003C\/strong\u003E\u003C\/p\u003E\u003C\/td\u003E\u003Ctd width=\u0022200\u0022 valign=\u0022top\u0022\u003E\u003Cp\u003EEntre\u0026nbsp;\u003Cstrong\u003E237\u0026nbsp;\u20ac\u003C\/strong\u003E\u0026nbsp;et\u0026nbsp;\u003Cstrong\u003E5\u0026nbsp;652\u0026nbsp;\u20ac\u003C\/strong\u003E\u003C\/p\u003E\u003C\/td\u003E\u003Ctd width=\u0022200\u0022 valign=\u0022top\u0022\u003E\u003Cp\u003EEntre\u0026nbsp;\u003Cstrong\u003E243\u0026nbsp;\u20ac\u003C\/strong\u003E\u0026nbsp;et\u0026nbsp;\u003Cstrong\u003E5\u0026nbsp;793\u0026nbsp;\u20ac\u003C\/strong\u003E\u003C\/p\u003E\u003C\/td\u003E\u003C\/tr\u003E\u003Ctr\u003E\u003Ctd width=\u0022205\u0022 valign=\u0022top\u0022\u003E\u003Cp\u003E\u003Cstrong\u003E\u00c0 partir de 500\u0026nbsp;001\u0026nbsp;\u20ac\u003C\/strong\u003E\u003C\/p\u003E\u003C\/td\u003E\u003Ctd width=\u0022200\u0022 valign=\u0022top\u0022\u003E\u003Cp\u003EEntre\u0026nbsp;\u003Cstrong\u003E237\u0026nbsp;\u20ac\u003C\/strong\u003E\u0026nbsp;et\u0026nbsp;\u003Cstrong\u003E7\u0026nbsp;349\u0026nbsp;\u20ac\u003C\/strong\u003E\u003C\/p\u003E\u003C\/td\u003E\u003Ctd width=\u0022200\u0022 valign=\u0022top\u0022\u003E\u003Cp\u003EEntre\u0026nbsp;\u003Cstrong\u003E243\u0026nbsp;\u20ac\u0026nbsp;\u003C\/strong\u003Eet\u0026nbsp;\u003Cstrong\u003E7\u0026nbsp;533\u0026nbsp;\u20ac\u003C\/strong\u003E\u003C\/p\u003E\u003C\/td\u003E\u003C\/tr\u003E\u003C\/tbody\u003E\u003C\/table\u003E\u003Cp\u003EN\u00e9anmoins, vous \u00eates automatiquement exon\u00e9r\u00e9 de cette redevance si vous \u00eates\u0026nbsp;:\u0026nbsp;\u003C\/p\u003E\u003Cul\u003E\u003Cli\u003E\u003Cp\u003EArtisan\u003C\/p\u003E\u003C\/li\u003E\u003Cli\u003E\u003Cp\u003EExploitant agricole\u003C\/p\u003E\u003C\/li\u003E\u003Cli\u003E\u003Cp\u003EP\u00eacheur\u003C\/p\u003E\u003C\/li\u003E\u003Cli\u003E\u003Cp\u003EArtiste (peintre, sculpteur, graveur, dessinateur, photographe auteur, auteur, compositeur, artiste lyrique et dramatique)\u003C\/p\u003E\u003C\/li\u003E\u003Cli\u003E\u003Cp\u003ESportif\u003C\/p\u003E\u003C\/li\u003E\u003Cli\u003E\u003Cp\u003EVendeur \u00e0 domicile ind\u00e9pendant\u003C\/p\u003E\u003C\/li\u003E\u003Cli\u003E\u003Cp\u003EPropri\u00e9taire qui loue une partie meubl\u00e9e de son habitation\u003C\/p\u003E\u003C\/li\u003E\u003C\/ul\u003E\u003Cp\u003EOu si votre chiffre d\u2019affaires n\u2019exc\u00e8de pas 5.000 \u20ac annuels.\u003C\/p\u003E\u003Cp\u003ESi vous n\u2019\u00eates pas dans l\u2019une des situations d\u2019exemption, vous pouvez toutefois pr\u00e9tendre \u00e0 une exon\u00e9ration au titre de votre premi\u00e8re ann\u00e9e d\u2019activit\u00e9 \u00e0 condition d\u2019en faire la demande avant le 31 d\u00e9cembre de l\u2019ann\u00e9e de d\u00e9but d\u2019activit\u00e9 \u00e0 l\u2019aide de ce\u0026nbsp;formulaire.\u0026nbsp;\u0026nbsp;\u003C\/p\u003E\u003Col start=\u00224\u0022\u003E\u003Cli\u003E\u003Ch3\u003ECotisations sociales minimales\u003C\/h3\u003E\u003C\/li\u003E\u003C\/ol\u003E\u003Cp\u003EAfin de vous garantir une bonne protection sociale notamment en cas de faibles revenus d\u2019activit\u00e9, vous pouvez demander \u00e0 l\u2019URSSAF de vous acquitter de cotisations sociales minimales\u0026nbsp;:\u003C\/p\u003E\u003Cul\u003E\u003Cli\u003E\u003Cp\u003Esoit dans les 3 mois suivant la cr\u00e9ation d\u2019activit\u00e9, pour une application imm\u00e9diate ;\u003C\/p\u003E\u003C\/li\u003E\u003Cli\u003E\u003Cp\u003Esoit au plus tard le 31 d\u00e9cembre, pour une application au 1er janvier de l\u2019ann\u00e9e suivante.\u003C\/p\u003E\u003C\/li\u003E\u003C\/ul\u003E\u003Cp\u003EAttention, le choix d\u2019opter pour les cotisations minimales n\u2019est pas sans cons\u00e9quences\u0026nbsp;:\u0026nbsp;\u003C\/p\u003E\u003Cul\u003E\u003Cli\u003E\u003Cp\u003Esortie du statut auto-entrepreneur et bascule sur le r\u00e9gime des travailleurs ind\u00e9pendants \u00ab classiques \u00bb. Vos cotisations sont alors provisionnelles et font l\u2019objet d\u2019une r\u00e9gularisation annuelle en fonction du revenu que vous d\u00e9clarez chaque ann\u00e9e via la d\u00e9claration sociale nominative (DSN)\u0026nbsp;;\u003C\/p\u003E\u003C\/li\u003E\u003Cli\u003E\u003Cp\u003Ecalcul de vos cotisations en fonction de votre revenu professionnel (\u00e0 d\u00e9clarer une fois par an) au lieu du chiffre d\u2019affaires. Elles sont provisionnelles, au lieu d\u2019\u00eatre d\u00e9finitives, et sont ensuite recalcul\u00e9es en fonction du revenu r\u00e9el.\u003C\/p\u003E\u003C\/li\u003E\u003C\/ul\u003E\u003Ctable border=\u00221\u0022 cellspacing=\u00220\u0022 cellpadding=\u00220\u0022 width=\u0022671\u0022\u003E\u003Ctbody\u003E\u003Ctr\u003E\u003Ctd width=\u0022189\u0022 valign=\u0022top\u0022\u003E\u003Cp\u003E\u0026nbsp;\u003C\/p\u003E\u003C\/td\u003E\u003Ctd width=\u0022109\u0022\u003E\u003Cp align=\u0022center\u0022\u003E\u003Cstrong\u003EBase de calcul\u003C\/strong\u003E\u003C\/p\u003E\u003C\/td\u003E\u003Ctd width=\u002283\u0022\u003E\u003Cp align=\u0022center\u0022\u003E\u003Cstrong\u003ETaux\u003C\/strong\u003E\u003C\/p\u003E\u003C\/td\u003E\u003Ctd width=\u0022290\u0022\u003E\u003Cp align=\u0022center\u0022\u003E\u003Cstrong\u003EMontant annuel des cotisations minimales\u003C\/strong\u003E\u003C\/p\u003E\u003C\/td\u003E\u003C\/tr\u003E\u003Ctr\u003E\u003Ctd width=\u0022189\u0022 valign=\u0022top\u0022\u003E\u003Cp\u003E\u003Cstrong\u003EMaladie\u003C\/strong\u003E\u003C\/p\u003E\u003Cp\u003EMaladie 2 (anciennement indemnit\u00e9 journali\u00e8res) artisants, commer\u00e7ants et professions lib\u00e9rales non-r\u00e9glement\u00e9es\u0026nbsp;\u003C\/p\u003E\u003C\/td\u003E\u003Ctd width=\u0022109\u0022 rowspan=\u00222\u0022\u003E\u003Cp align=\u0022center\u0022\u003E18\u0026nbsp;840 \u20ac\u003C\/p\u003E\u003Cp align=\u0022center\u0022\u003E(40\u0026nbsp;% du Pass*)\u003C\/p\u003E\u003C\/td\u003E\u003Ctd width=\u002283\u0022\u003E\u003Cp align=\u0022center\u0022\u003E\u0026nbsp;\u003C\/p\u003E\u003Cp align=\u0022center\u0022\u003E0,50 %\u003C\/p\u003E\u003C\/td\u003E\u003Ctd width=\u0022290\u0022\u003E\u003Cp align=\u0022center\u0022\u003E94 \u20ac\u003C\/p\u003E\u003C\/td\u003E\u003C\/tr\u003E\u003Ctr\u003E\u003Ctd width=\u0022189\u0022 valign=\u0022top\u0022\u003E\u003Cp\u003EMaladie 2 (anciennement indemnit\u00e9 journali\u00e8res) des professions lib\u00e9rales r\u00e9glement\u00e9es \u003Cstrong\u003Ejournali\u00e8res) des professions lib\u00e9rales r\u00e9glement\u00e9es\u0026nbsp;\u003C\/strong\u003E\u003C\/p\u003E\u003C\/td\u003E\u003Ctd width=\u002283\u0022\u003E\u003Cp align=\u0022center\u0022\u003E0,30 %\u0026nbsp;\u003C\/p\u003E\u003C\/td\u003E\u003Ctd width=\u0022290\u0022\u003E\u003Cp align=\u0022center\u0022\u003E57 \u20ac\u003C\/p\u003E\u003C\/td\u003E\u003C\/tr\u003E\u003Ctr\u003E\u003Ctd width=\u0022189\u0022 valign=\u0022top\u0022\u003E\u003Cp\u003E\u003Cstrong\u003ERetraite de base\u003C\/strong\u003E\u003C\/p\u003E\u003Cp\u003ERetraite de base\u003Cbr\u003EArtisans, commer\u00e7ants, professions lib\u00e9rales non r\u00e9glement\u00e9e\u0026nbsp;\u003C\/p\u003E\u003C\/td\u003E\u003Ctd width=\u0022109\u0022 rowspan=\u00222\u0022\u003E\u003Cp align=\u0022center\u0022\u003E5 346 \u20ac\u003C\/p\u003E\u003Cp align=\u0022center\u0022\u003E(450h SMIC)\u003C\/p\u003E\u003C\/td\u003E\u003Ctd width=\u002283\u0022\u003E\u003Cp align=\u0022center\u0022\u003E17,75 %\u003C\/p\u003E\u003C\/td\u003E\u003Ctd width=\u0022290\u0022\u003E\u003Cp align=\u0022center\u0022\u003E949 \u20ac\u003C\/p\u003E\u003C\/td\u003E\u003C\/tr\u003E\u003Ctr\u003E\u003Ctd width=\u0022189\u0022 valign=\u0022top\u0022\u003E\u003Cp\u003ERetraite de base des professions lib\u00e9rales r\u00e9glement\u00e9es \u003Cstrong\u003Edes professions lib\u00e9rales r\u00e9glement\u00e9es\u0026nbsp;\u003C\/strong\u003E\u003C\/p\u003E\u003C\/td\u003E\u003Ctd width=\u002283\u0022\u003E\u003Cp align=\u0022center\u0022\u003E10,10 %\u0026nbsp;\u003C\/p\u003E\u003C\/td\u003E\u003Ctd width=\u0022290\u0022\u003E\u003Cp align=\u0022center\u0022\u003E540 \u20ac\u003C\/p\u003E\u003C\/td\u003E\u003C\/tr\u003E\u003Ctr\u003E\u003Ctd width=\u0022189\u0022 valign=\u0022top\u0022\u003E\u003Cp\u003EInvalidit\u00e9-d\u00e9c\u00e8s\u0026nbsp;\u003Cbr\u003EArtisans, commer\u00e7ants, professions lib\u00e9rales non r\u00e9glement\u00e9e\u003C\/p\u003E\u003C\/td\u003E\u003Ctd width=\u0022109\u0022\u003E\u003Cp align=\u0022center\u0022\u003E5\u0026nbsp;417\u0026nbsp;\u20ac\u0026nbsp;(11,5\u0026nbsp;% du Pass)\u003C\/p\u003E\u003C\/td\u003E\u003Ctd width=\u002283\u0022\u003E\u003Cp align=\u0022center\u0022\u003E1,30 %\u0026nbsp;\u003C\/p\u003E\u003C\/td\u003E\u003Ctd width=\u0022290\u0022\u003E\u003Cp align=\u0022center\u0022\u003E70 \u20ac\u003C\/p\u003E\u003C\/td\u003E\u003C\/tr\u003E\u003Ctr\u003E\u003Ctd width=\u0022189\u0022 valign=\u0022top\u0022\u003E\u003Cp\u003EInvalidit\u00e9-d\u00e9c\u00e8s des professions lib\u00e9rales\u0026nbsp;\u003C\/p\u003E\u003C\/td\u003E\u003Ctd width=\u0022109\u0022\u003E\u003Cp align=\u0022center\u0022\u003E17\u0026nbsp;427 (37 % du PASS)\u003C\/p\u003E\u003C\/td\u003E\u003Ctd width=\u002283\u0022\u003E\u003Cp align=\u0022center\u0022\u003E0,50 %\u0026nbsp;\u003C\/p\u003E\u003C\/td\u003E\u003Ctd width=\u0022290\u0022\u003E\u003Cp align=\u0022center\u0022\u003E87 \u20ac\u003C\/p\u003E\u003C\/td\u003E\u003C\/tr\u003E\u003C\/tbody\u003E\u003C\/table\u003E\u003Cp\u003E\u0026nbsp;\u003C\/p\u003E\u003Ctable border=\u00221\u0022 cellspacing=\u00220\u0022 cellpadding=\u00220\u0022 width=\u0022671\u0022\u003E\u003Ctbody\u003E\u003Ctr\u003E\u003Ctd width=\u0022192\u0022 valign=\u0022top\u0022\u003E\u003Cp\u003EFormation professionnelle\u003Cbr\u003ECommer\u00e7ants, Professions lib\u00e9rales r\u00e9glement\u00e9es et non r\u00e9glement\u00e9es\u003Cbr\u003Edue au titre de 2025\u003C\/p\u003E\u003C\/td\u003E\u003Ctd width=\u002299\u0022 rowspan=\u00223\u0022\u003E\u003Cp align=\u0022center\u0022\u003E47\u0026nbsp;100 (1 PASS 2025)\u003C\/p\u003E\u003C\/td\u003E\u003Ctd width=\u002285\u0022\u003E\u003Cp align=\u0022center\u0022\u003E0,25 %\u003C\/p\u003E\u003C\/td\u003E\u003Ctd width=\u0022296\u0022\u003E\u003Cp align=\u0022center\u0022\u003E118 \u20ac\u003C\/p\u003E\u003C\/td\u003E\u003C\/tr\u003E\u003Ctr\u003E\u003Ctd width=\u0022192\u0022 valign=\u0022top\u0022\u003E\u003Cp\u003EFormation professionnelle\u003Cbr\u003ECommer\u00e7ants, Professions lib\u00e9rales r\u00e9glement\u00e9es et non r\u00e9glement\u00e9es\u003Cbr\u003Edue au titre de 2025\u003C\/p\u003E\u003C\/td\u003E\u003Ctd width=\u002285\u0022\u003E\u003Cp align=\u0022center\u0022\u003E0,34 %\u003C\/p\u003E\u003C\/td\u003E\u003Ctd width=\u0022296\u0022\u003E\u003Cp align=\u0022center\u0022\u003E160 \u20ac\u003C\/p\u003E\u003C\/td\u003E\u003C\/tr\u003E\u003Ctr\u003E\u003Ctd width=\u0022192\u0022 valign=\u0022top\u0022\u003E\u003Cp\u003EFormation professionnelle\u003Cbr\u003EArtisans\u003Cbr\u003Edue au titre de 2025\u003C\/p\u003E\u003C\/td\u003E\u003Ctd width=\u002285\u0022\u003E\u003Cp align=\u0022center\u0022\u003E0\u0026nbsp;,29 %\u0026nbsp;\u003C\/p\u003E\u003C\/td\u003E\u003Ctd width=\u0022296\u0022\u003E\u003Cp align=\u0022center\u0022\u003E137 \u20ac\u003C\/p\u003E\u003C\/td\u003E\u003C\/tr\u003E\u003C\/tbody\u003E\u003C\/table\u003E\u003Cp\u003E* En cas de revenu professionnel inf\u00e9rieur \u00e0 40 % du Pass : double r\u00e9duction du taux. En cas de revenu professionnel compris entre 40 % et 110 % du Pass : r\u00e9duction unique du taux.\u003C\/p\u003E\u003Cp\u003ESi votre revenu est d\u00e9ficitaire ou inf\u00e9rieur aux montants indiqu\u00e9s dans la colonne \u00ab Base de calcul \u00bb, vous paierez un montant correspondant \u00e0 une cotisation minimale pour certaines de vos cotisations. Les cotisations pour les indemnit\u00e9s journali\u00e8res, retraite de base, invalidit\u00e9-d\u00e9c\u00e8s et pour la formation ne sont plus calcul\u00e9es selon votre revenu, mais sur une base de calcul diff\u00e9rente (cf. colonne \u00ab Base de calcul \u00bb).\u003C\/p\u003E\u003Cp\u003ELa cotisation minimale de retraite permet de valider 3 trimestres de retraite de base, quel que soit le revenu.\u003C\/p\u003E\u003Col start=\u00225\u0022\u003E\u003Cli\u003E\u003Ch3\u003EPour les b\u00e9n\u00e9ficiaires de l\u2019Acre \u0026nbsp;\u003C\/h3\u003E\u003Cp\u003ELe b\u00e9n\u00e9fice de l\u2019exon\u00e9ration Acre est accord\u00e9 pour votre 1re ann\u00e9e d\u2019activit\u00e9.\u003C\/p\u003E\u003C\/li\u003E\u003C\/ol\u003E\u003Cp\u003E\u00c0 ce titre, vous b\u00e9n\u00e9ficiez en tant qu\u2019auto-entrepreneur d\u2019un taux de cotisations minor\u00e9 jusqu\u2019\u00e0 la fin du 3e trimestre civil qui suit celui de votre d\u00e9but d\u2019activit\u00e9, qui d\u00e9pend de votre revenu d\u2019activit\u00e9.\u0026nbsp;\u003C\/p\u003E\u003Cp\u003ELa cotisation de retraite compl\u00e9mentaire et la CSG-CRDS ainsi que la contribution \u00e0 la formation professionnelle resteront \u00e0 payer sur une base forfaitaire\u003C\/p\u003E\u003Ctable border=\u00221\u0022 cellspacing=\u00220\u0022 cellpadding=\u00220\u0022\u003E\u003Ctbody\u003E\u003Ctr\u003E\u003Ctd width=\u0022201\u0022 valign=\u0022top\u0022\u003E\u003Cp\u003E\u003Cstrong\u003ENature des cotisations\u0026nbsp;\u003C\/strong\u003E\u003C\/p\u003E\u003C\/td\u003E\u003Ctd width=\u0022201\u0022 valign=\u0022top\u0022\u003E\u003Cp\u003E\u003Cstrong\u003EBase forfaitaire de calcul\u0026nbsp;\u003C\/strong\u003E\u003C\/p\u003E\u003C\/td\u003E\u003Ctd width=\u0022201\u0022 valign=\u0022top\u0022\u003E\u003Cp\u003E\u003Cstrong\u003ETaux\u0026nbsp;\u003C\/strong\u003E\u003C\/p\u003E\u003C\/td\u003E\u003C\/tr\u003E\u003Ctr\u003E\u003Ctd width=\u0022201\u0022 rowspan=\u00223\u0022 valign=\u0022top\u0022\u003E\u003Cp align=\u0022center\u0022\u003EMaladie (y compris indemnit\u00e9s journali\u00e8res)\u003Cbr\u003ERetraite de base\u003Cbr\u003Eet allocations familiales\u003C\/p\u003E\u003C\/td\u003E\u003Ctd width=\u0022201\u0022 valign=\u0022top\u0022\u003E\u003Cp align=\u0022center\u0022\u003ERevenus \u0026lt; \u00e0 35 325 \u20ac\u003Cbr\u003E(75 % du PASS)\u003C\/p\u003E\u003C\/td\u003E\u003Ctd width=\u0022201\u0022 valign=\u0022top\u0022\u003E\u003Cp align=\u0022center\u0022\u003EExon\u00e9ration totale des cotisations\u003C\/p\u003E\u003C\/td\u003E\u003C\/tr\u003E\u003Ctr\u003E\u003Ctd width=\u0022201\u0022 valign=\u0022top\u0022\u003E\u003Cp align=\u0022center\u0022\u003ERevenus compris entre 35 325 \u20ac et 47 100 \u20ac\u003Cbr\u003E(75 et 100 % du PASS)\u003C\/p\u003E\u003C\/td\u003E\u003Ctd width=\u0022201\u0022 valign=\u0022top\u0022\u003E\u003Cp align=\u0022center\u0022\u003EExon\u00e9ration partielle et d\u00e9gressive des cotisations\u003C\/p\u003E\u003C\/td\u003E\u003C\/tr\u003E\u003Ctr\u003E\u003Ctd width=\u0022201\u0022 valign=\u0022top\u0022\u003E\u003Cp align=\u0022center\u0022\u003ERevenus \u0026gt; \u00e0 47 100 \u20ac\u003Cbr\u003E(1 PASS)\u003C\/p\u003E\u003C\/td\u003E\u003Ctd width=\u0022201\u0022 valign=\u0022top\u0022\u003E\u003Cp align=\u0022center\u0022\u003EPas d\u0027exon\u00e9ration\u003C\/p\u003E\u003C\/td\u003E\u003C\/tr\u003E\u003Ctr\u003E\u003Ctd width=\u0022201\u0022\u003E\u003Cp align=\u0022center\u0022\u003ERetraite compl\u00e9mentaire\u003C\/p\u003E\u003C\/td\u003E\u003Ctd width=\u0022201\u0022\u003E\u003Cp align=\u0022center\u0022\u003E8 949 \u20ac\u003Cbr\u003E(19 % du PASS)\u003C\/p\u003E\u003C\/td\u003E\u003Ctd width=\u0022201\u0022\u003E\u003Cp align=\u0022center\u0022\u003E7 %\u003Cbr\u003E626 \u20ac\u003C\/p\u003E\u003C\/td\u003E\u003C\/tr\u003E\u003Ctr\u003E\u003Ctd width=\u0022201\u0022\u003E\u003Cp align=\u0022center\u0022\u003ECSG-CRDS\u003C\/p\u003E\u003C\/td\u003E\u003Ctd width=\u0022201\u0022\u003E\u003Cp align=\u0022center\u0022\u003E8 949 \u20ac\u003Cbr\u003E(19 % du PASS)\u003C\/p\u003E\u003C\/td\u003E\u003Ctd width=\u0022201\u0022\u003E\u003Cp align=\u0022center\u0022\u003E9,7 %\u003Cbr\u003E868 \u20ac\u003C\/p\u003E\u003C\/td\u003E\u003C\/tr\u003E\u003Ctr\u003E\u003Ctd width=\u0022201\u0022\u003E\u003Cp align=\u0022center\u0022\u003EFormation professionnelle (CFP)\u003Cbr\u003ECommer\u00e7ants et professionnels lib\u00e9raux non r\u00e9glement\u00e9s\u003C\/p\u003E\u003C\/td\u003E\u003Ctd width=\u0022201\u0022\u003E\u003Cp align=\u0022center\u0022\u003E47 100 \u20ac\u003Cbr\u003E(1 PASS)\u003C\/p\u003E\u003C\/td\u003E\u003Ctd width=\u0022201\u0022\u003E\u003Cp align=\u0022center\u0022\u003E0,25 %\u003Cbr\u003E118 \u20ac\u003C\/p\u003E\u003C\/td\u003E\u003C\/tr\u003E\u003Ctr\u003E\u003Ctd width=\u0022201\u0022\u003E\u003Cp align=\u0022center\u0022\u003EFormation professionnelle (CFP)\u003Cbr\u003EArtisans\u003C\/p\u003E\u003C\/td\u003E\u003Ctd width=\u0022201\u0022\u003E\u003Cp align=\u0022center\u0022\u003E47 100\u20ac\u003Cbr\u003E(1 PASS)\u003C\/p\u003E\u003C\/td\u003E\u003Ctd width=\u0022201\u0022\u003E\u003Cp align=\u0022center\u0022\u003E0,29 %\u003Cbr\u003E137 \u20ac\u003C\/p\u003E\u003C\/td\u003E\u003C\/tr\u003E\u003Ctr\u003E\u003Ctd width=\u0022201\u0022\u003E\u003Cp align=\u0022center\u0022\u003EFormation professionnelle (CFP)\u003Cbr\u003ECommer\u00e7ant ou profession lib\u00e9rale non r\u00e9glement\u00e9e + conjoint collaborateur\u003C\/p\u003E\u003C\/td\u003E\u003Ctd width=\u0022201\u0022\u003E\u003Cp align=\u0022center\u0022\u003E47 100 \u20ac\u003Cbr\u003E(1 PASS)\u003C\/p\u003E\u003C\/td\u003E\u003Ctd width=\u0022201\u0022\u003E\u003Cp align=\u0022center\u0022\u003E0,34 %\u003Cbr\u003E160 \u20ac\u003C\/p\u003E\u003C\/td\u003E\u003C\/tr\u003E\u003C\/tbody\u003E\u003C\/table\u003E\u003Cp\u003E\u0026nbsp;\u003C\/p\u003E\u003Col start=\u00226\u0022\u003E\u003Cli\u003E\u003Ch3\u003ETaux de cotisation des micro-entrepreneurs d\u2019outremer\u003C\/h3\u003E\u003C\/li\u003E\u003C\/ol\u003E\u003Cp\u003ESuite \u00e0 la cr\u00e9ation de votre auto-entreprise en Outre-Mer, vous pouvez b\u00e9n\u00e9ficier d\u0027une exon\u00e9ration de vos cotisations sociales sur 3 ans. L\u0027exon\u00e9ration accord\u00e9e d\u00e9pend de votre chiffre d\u0027affaires et peut, selon les cas, \u00eatre nulle, d\u00e9gressive ou totale. Pour en profiter, vous n\u0027avez aucune d\u00e9marche \u00e0 effectuer puisqu\u0027elle est appliqu\u00e9e automatiquement.\u003C\/p\u003E\u003Cp\u003EAinsi, chaque mois (ou chaque trimestre sur option), vous devez calculer et payer l\u2019ensemble de vos charges sociales en fonction de votre chiffre d\u2019affaires au cours du mois (ou trimestre) pr\u00e9c\u00e9dant cette d\u00e9claration.\u0026nbsp;\u003C\/p\u003E\u003Cp\u003EEn revanche, en tant qu\u2019auto-entrepreneur dans les DOM, vous devrez tout de m\u00eame vous acquitter :\u003C\/p\u003E\u003Cul\u003E\u003Cli\u003E\u003Cp\u003Ede la cotisation au titre de la retraite compl\u00e9mentaire\u0026nbsp;;\u0026nbsp;\u003C\/p\u003E\u003C\/li\u003E\u003Cli\u003E\u003Cp\u003Ede la Contribution \u00e0 la formation professionnelle (CFP) dont le montant diff\u00e8re selon la profession\u0026nbsp;;\u0026nbsp;\u003C\/p\u003E\u003C\/li\u003E\u003Cli\u003E\u003Cp\u003Ede la taxe pour frais de chambre de commerce et d\u2019industrie ou de m\u00e9tiers et de l\u2019artisanat, si vous \u00eates artisan ou commer\u00e7ant.\u0026nbsp;\u003C\/p\u003E\u003C\/li\u003E\u003C\/ul\u003E\u003Cp\u003E\u0026nbsp;\u003C\/p\u003E\u003Ctable border=\u00221\u0022 cellspacing=\u00220\u0022 cellpadding=\u00220\u0022 width=\u0022635\u0022\u003E\u003Ctbody\u003E\u003Ctr\u003E\u003Ctd width=\u0022635\u0022 colspan=\u00225\u0022 valign=\u0022top\u0022\u003E\u003Cp align=\u0022center\u0022\u003E\u003Cstrong\u003ETaux auto-entrepreneur DROM applicables depuis le 1er janvier 2025\u0026nbsp;\u003C\/strong\u003E\u003C\/p\u003E\u003Cp align=\u0022center\u0022\u003EArtisans, Commer\u00e7ants et professions lib\u00e9rales non r\u00e9glement\u00e9es\u003C\/p\u003E\u003C\/td\u003E\u003C\/tr\u003E\u003Ctr\u003E\u003Ctd width=\u0022330\u0022 colspan=\u00222\u0022 valign=\u0022top\u0022\u003E\u003Cp align=\u0022center\u0022\u003E\u003Cstrong\u003EActivit\u00e9\u003C\/strong\u003E\u003C\/p\u003E\u003C\/td\u003E\u003Ctd width=\u002294\u0022 valign=\u0022top\u0022\u003E\u003Cp\u003E\u003Cstrong\u003ETaux DROM p\u00e9riode 1\u0026nbsp;\u003C\/strong\u003E\u003C\/p\u003E\u003Cp\u003E1\/6 des taux pleins de m\u00e9tropole\u0026nbsp;\u003C\/p\u003E\u003Cp\u003E(jusqu\u2019\u00e0 la fin du 7e trimestre civil suivant celui de d\u00e9but d\u2019activit\u00e9)\u0026nbsp;\u003C\/p\u003E\u003C\/td\u003E\u003Ctd width=\u0022113\u0022 valign=\u0022top\u0022\u003E\u003Cp\u003E\u003Cstrong\u003ETaux DROM p\u00e9riode 2\u003C\/strong\u003E\u003C\/p\u003E\u003Cp\u003E1\/2 des taux pleins de m\u00e9tropole\u0026nbsp;\u003C\/p\u003E\u003Cp\u003E(du 8e trimestre civil suivant celui de d\u00e9but d\u2019activit\u00e9 jusqu\u2019\u00e0 la fin de la 3e ann\u00e9e civile d\u2019activit\u00e9)\u003C\/p\u003E\u003C\/td\u003E\u003Ctd width=\u002297\u0022 valign=\u0022top\u0022\u003E\u003Cp\u003E\u003Cstrong\u003ETaux DROM \u00ab\u0026nbsp;r\u00e9gime de croisi\u00e8re\u0026nbsp;\u00bb\u003C\/strong\u003E\u003C\/p\u003E\u003Cp\u003E2\/3 des taux pleins de m\u00e9tropole\u0026nbsp;\u003C\/p\u003E\u003Cp\u003E\u0026nbsp;\u003C\/p\u003E\u003Cp\u003E(\u00e0 compter de la 4e ann\u00e9e civile)\u0026nbsp;\u003C\/p\u003E\u003C\/td\u003E\u003C\/tr\u003E\u003Ctr\u003E\u003Ctd width=\u0022103\u0022 rowspan=\u00223\u0022 valign=\u0022top\u0022\u003E\u003Cp\u003EArtisans,\u003C\/p\u003E\u003Cp\u003ECommer\u00e7ant,\u0026nbsp;\u003C\/p\u003E\u003Cp\u003EProfession lib\u00e9rale non r\u00e9glement\u00e9e\u003C\/p\u003E\u003C\/td\u003E\u003Ctd width=\u0022227\u0022 valign=\u0022top\u0022\u003E\u003Cp\u003EVente de marchandise (BIC)\u003C\/p\u003E\u003C\/td\u003E\u003Ctd width=\u002294\u0022 valign=\u0022top\u0022\u003E\u003Cp align=\u0022center\u0022\u003E2,1 %\u003C\/p\u003E\u003C\/td\u003E\u003Ctd width=\u0022113\u0022 valign=\u0022top\u0022\u003E\u003Cp align=\u0022center\u0022\u003E6,2 %\u003C\/p\u003E\u003C\/td\u003E\u003Ctd width=\u002297\u0022 valign=\u0022top\u0022\u003E\u003Cp align=\u0022center\u0022\u003E8,2 %\u003C\/p\u003E\u003C\/td\u003E\u003C\/tr\u003E\u003Ctr\u003E\u003Ctd width=\u0022227\u0022 valign=\u0022top\u0022\u003E\u003Cp\u003EPrestations de service commerciales ou artisanales (BIC)\u0026nbsp;\u003C\/p\u003E\u003C\/td\u003E\u003Ctd width=\u002294\u0022 valign=\u0022top\u0022\u003E\u003Cp align=\u0022center\u0022\u003E3, 6 %\u003C\/p\u003E\u003C\/td\u003E\u003Ctd width=\u0022113\u0022 valign=\u0022top\u0022\u003E\u003Cp align=\u0022center\u0022\u003E10,6 %\u003C\/p\u003E\u003C\/td\u003E\u003Ctd width=\u002297\u0022 valign=\u0022top\u0022\u003E\u003Cp align=\u0022center\u0022\u003E14,2 %\u003C\/p\u003E\u003C\/td\u003E\u003C\/tr\u003E\u003Ctr\u003E\u003Ctd width=\u0022227\u0022 valign=\u0022top\u0022\u003E\u003Cp\u003EAutres prestations de service (BNC)\u0026nbsp;\u003C\/p\u003E\u003C\/td\u003E\u003Ctd width=\u002294\u0022 valign=\u0022top\u0022\u003E\u003Cp align=\u0022center\u0022\u003EAu 1er janvier 2025\u0026nbsp;: 4,1 %\u0026nbsp;\u003Cbr\u003E2026\u0026nbsp;: 4,4 %\u0026nbsp;\u003C\/p\u003E\u003C\/td\u003E\u003Ctd width=\u0022113\u0022 valign=\u0022top\u0022\u003E\u003Cp align=\u0022center\u0022\u003EAu 1er janvier 2025\u0026nbsp;: 12,3 %\u0026nbsp;\u003Cbr\u003E2026\u0026nbsp;: 13,1 %\u0026nbsp;\u003C\/p\u003E\u003C\/td\u003E\u003Ctd width=\u002297\u0022 valign=\u0022top\u0022\u003E\u003Cp align=\u0022center\u0022\u003EAu 1er janvier 2025\u0026nbsp;: 16,4 %\u0026nbsp;\u003Cbr\u003E2026\u0026nbsp;: 17,4 %\u0026nbsp;\u003C\/p\u003E\u003C\/td\u003E\u003C\/tr\u003E\u003Ctr\u003E\u003Ctd width=\u0022330\u0022 valign=\u0022top\u0022\u003E\u003Cp\u003EActivit\u00e9s de locaux d\u2019habitations meubl\u00e9s de tourisme class\u00e9s\u003C\/p\u003E\u003C\/td\u003E\u003Ctd width=\u002294\u0022 valign=\u0022top\u0022\u003E\u003Cp align=\u0022center\u0022\u003E1 %\u003C\/p\u003E\u003C\/td\u003E\u003Ctd width=\u0022113\u0022 valign=\u0022top\u0022\u003E\u003Cp align=\u0022center\u0022\u003E3 %\u003C\/p\u003E\u003C\/td\u003E\u003Ctd width=\u002297\u0022 valign=\u0022top\u0022\u003E\u003Cp align=\u0022center\u0022\u003E4 %\u003C\/p\u003E\u003C\/td\u003E\u003Ctd width=\u002297\u0022\u003E\u003Cp\u003E\u0026nbsp;\u003C\/p\u003E\u003C\/td\u003E\u003C\/tr\u003E\u003C\/tbody\u003E\u003C\/table\u003E\u003Cp\u003E\u0026nbsp;\u003C\/p\u003E\u003Cp\u003E\u0026nbsp;\u003C\/p\u003E\u003Ctable border=\u00221\u0022 cellspacing=\u00220\u0022 cellpadding=\u00220\u0022\u003E\u003Ctbody\u003E\u003Ctr\u003E\u003Ctd width=\u0022604\u0022 colspan=\u00225\u0022 valign=\u0022top\u0022\u003E\u003Cp align=\u0022center\u0022\u003E\u003Cstrong\u003ETaux auto-entrepreneur DROM applicables depuis le 1er janvier 2025\u003C\/strong\u003E\u003C\/p\u003E\u003Cp\u003EProfessions lib\u00e9rales relevant de la CIPAV\u003C\/p\u003E\u003C\/td\u003E\u003C\/tr\u003E\u003Ctr\u003E\u003Ctd width=\u0022289\u0022 colspan=\u00222\u0022 valign=\u0022top\u0022\u003E\u003Cp\u003EActivit\u00e9\u003C\/p\u003E\u003C\/td\u003E\u003Ctd width=\u0022104\u0022 valign=\u0022top\u0022\u003E\u003Cp\u003E\u003Cstrong\u003ETaux DROM p\u00e9riode 1\u0026nbsp;\u003C\/strong\u003E\u003C\/p\u003E\u003Cp\u003E1\/3 des taux pleins de m\u00e9tropole\u0026nbsp;\u003C\/p\u003E\u003Cp\u003E(jusqu\u2019\u00e0 la fin du 7e trimestre civil suivant celui de d\u00e9but d\u2019activit\u00e9)\u003C\/p\u003E\u003C\/td\u003E\u003Ctd width=\u0022104\u0022 valign=\u0022top\u0022\u003E\u003Cp\u003E\u003Cstrong\u003ETaux DROM p\u00e9riode 2\u003C\/strong\u003E\u003C\/p\u003E\u003Cp\u003E1\/2 des taux pleins de m\u00e9tropole\u0026nbsp;\u003C\/p\u003E\u003Cp\u003E(du 8e trimestre civil suivant celui de d\u00e9but d\u2019activit\u00e9 jusqu\u2019\u00e0 la fin de la 3e ann\u00e9e civile d\u2019activit\u00e9)\u003C\/p\u003E\u003C\/td\u003E\u003Ctd width=\u0022107\u0022 valign=\u0022top\u0022\u003E\u003Cp\u003E\u003Cstrong\u003ETaux DROM \u00ab\u0026nbsp;r\u00e9gime de croisi\u00e8re\u0026nbsp;\u00bb\u003C\/strong\u003E\u003C\/p\u003E\u003Cp\u003E2\/3 des taux pleins de m\u00e9tropole\u0026nbsp;\u003C\/p\u003E\u003Cp\u003E\u0026nbsp;\u003C\/p\u003E\u003Cp\u003E(\u00e0 compter de la 4e ann\u00e9e civile)\u003C\/p\u003E\u003C\/td\u003E\u003C\/tr\u003E\u003Ctr\u003E\u003Ctd width=\u0022188\u0022 valign=\u0022top\u0022\u003E\u003Cp\u003EProfession lib\u00e9rale relevant de la CIPAV\u003C\/p\u003E\u003C\/td\u003E\u003Ctd width=\u0022101\u0022 valign=\u0022top\u0022\u003E\u003Cp\u003EActivit\u00e9s BNC ou BIC\u0026nbsp;\u003C\/p\u003E\u003C\/td\u003E\u003Ctd width=\u0022104\u0022 valign=\u0022top\u0022\u003E\u003Cp align=\u0022center\u0022\u003E7,8 % au 1er juillet 2024\u003C\/p\u003E\u003C\/td\u003E\u003Ctd width=\u0022104\u0022 valign=\u0022top\u0022\u003E\u003Cp align=\u0022center\u0022\u003E11,6 % au 1er juillet 2024\u003C\/p\u003E\u003C\/td\u003E\u003Ctd width=\u0022107\u0022 valign=\u0022top\u0022\u003E\u003Cp align=\u0022center\u0022\u003E15,5 % au 1er juillet 2024\u003C\/p\u003E\u003C\/td\u003E\u003C\/tr\u003E\u003Ctr\u003E\u003Ctd width=\u0022188\u0022 valign=\u0022top\u0022\u003E\u003Cp\u003E\u0026nbsp;\u003C\/p\u003E\u003C\/td\u003E\u003Ctd width=\u0022101\u0022 valign=\u0022top\u0022\u003E\u003Cp\u003EActivit\u00e9s de locaux d\u2019habitations meubl\u00e9s de tourisme class\u00e9s\u003C\/p\u003E\u003C\/td\u003E\u003Ctd width=\u0022104\u0022 valign=\u0022top\u0022\u003E\u003Cp align=\u0022center\u0022\u003E2 %\u003C\/p\u003E\u003C\/td\u003E\u003Ctd width=\u0022104\u0022 valign=\u0022top\u0022\u003E\u003Cp align=\u0022center\u0022\u003E3 %\u003C\/p\u003E\u003C\/td\u003E\u003Ctd width=\u0022107\u0022 valign=\u0022top\u0022\u003E\u003Cp align=\u0022center\u0022\u003E4 %\u0026nbsp;\u003C\/p\u003E\u003C\/td\u003E\u003C\/tr\u003E\u003C\/tbody\u003E\u003C\/table\u003E\u003Cp\u003E\u0026nbsp;\u003C\/p\u003E\u003Cp\u003E\u0026nbsp;\u003C\/p\u003E\u003Cp\u003E\u0026nbsp;\u003C\/p\u003E\u003Cp\u003EPour votre information, vous avez l\u2019obligation d\u2019effectuer vos d\u00e9clarations de chiffre d\u2019affaires par voie d\u00e9mat\u00e9rialis\u00e9e via le site internet ou via l\u2019application mobile Autoentrepreneur Urssaf.\u003C\/p\u003E\u003Cdiv\u003E\u003Cdiv\u003E\u003Cdiv id=\u0022_com_1\u0022 language=\u0022JavaScript\u0022 onmouseover=\u0022msoCommentShow(\u0026apos;_anchor_1\u0026apos;,\u0026apos;_com_1\u0026apos;)\u0022 onmouseout=\u0022msoCommentHide(\u0026apos;_com_1\u0026apos;)\u0022\u003E\u003Cp\u003E\u0026nbsp;\u003C\/p\u003E\u003C\/div\u003E\u003C\/div\u003E\u003C\/div\u003E                                            \u003Cp\u003E\u003Cbr \/\u003E\u003Cstrong\u003ESource :\u003C\/strong\u003E\u003Cstrong\u003E\u00a0\u003C\/strong\u003E\u003C\/p\u003E\u003Cul\u003E\u003Cli\u003E\u003Ca href=\u0022https:\/\/www.secu-independants.fr\/\u0022 target=\u0022_blank\u0022\u003Ewww.secu-independants.fr\u003C\/a\u003E\u003C\/li\u003E\u003Cli\u003E\u003Ca href=\u0022https:\/\/www.legifrance.gouv.fr\/loda\/id\/JORFTEXT000039407613#:~:text=la%20s%C3%A9curit%C3%A9%20sociale-,D%C3%A9cret%20n%C2%B0%202019%2D1215%20du%2020%20novembre%202019%20modifiant,code%20de%20la%20s%C3%A9curit%C3%A9%20sociale\u0022 target=\u0022_blank\u0022 rel=\u0022noopener\u0022\u003ED\u00e9cret no\u003C\/a\u003E\u003Ca href=\u0022https:\/\/www.legifrance.gouv.fr\/loda\/id\/JORFTEXT000039407613\/\u0022 target=\u0022_blank\u0022\u003E 2019-1215 du 20 novembre 2019 modifiant les modalit\u00e9s d\u0027application de l\u0027aide \u00e0 la cr\u00e9ation et \u00e0 la reprise d\u0027entreprise pr\u00e9vue \u00e0 l\u0027article L. 131-6-4 du code de la s\u00e9curit\u00e9 sociale\u003C\/a\u003E\u003C\/li\u003E\u003Cli\u003ED\u00e9cret no\u003Ca href=\u0022https:\/\/www.legifrance.gouv.fr\/jorf\/id\/JORFTEXT000043648366#:~:text=Dans%20les%20r%C3%A9sum%C3%A9s-,D%C3%A9cret%20n%C2%B0%202021%2D755%20du%2012%20juin%202021%20relatif,en%20esp%C3%A8ces%20des%20professionnels%20lib%C3%A9raux\u0026amp;text=Publics%20concern%C3%A9s%20%3A%20professionnels%20lib%C3%A9raux.\u0026amp;text=Il%20fixe%20le%20taux%20de,d\u0026apos;attribution%20des%20indemnit%C3%A9s%20journali%C3%A8res.\u0022 target=\u0022_blank\u0022\u003E2021-755 du 12 juin 2021 pris en application de l\u2019article 69 de la loi n\u00b02020-1576 du 14 d\u00e9cembre 2020 de financement de la s\u00e9curit\u00e9 sociale pour 202\u003C\/a\u003E\u003C\/li\u003E\u003Cli\u003E\u003Ca href=\u0022https:\/\/www.legifrance.gouv.fr\/codes\/section_lc\/LEGITEXT000006069577\/LEGISCTA000006147092\u0022 target=\u0022_blank\u0022 rel=\u0022noopener\u0022\u003EArticle 1647D du code g\u00e9n\u00e9ral des imp\u00f4ts (CFE minimal)\u003C\/a\u003E\u003C\/li\u003E\u003Cli\u003E\u003Ca href=\u0022https:\/\/www.legifrance.gouv.fr\/loda\/id\/JORFTEXT000046186723\u0022 target=\u0022_blank\u0022 rel=\u0022noopener\u0022\u003ELoi no\u0026nbsp;2022-1158 du 16 ao\u00fbt 2022 portant mesures d\u0027urgence pour la protection du pouvoir d\u0027achat\u003C\/a\u003E\u003C\/li\u003E\u003Cli\u003E\u003Ca href=\u0022https:\/\/www.legifrance.gouv.fr\/jorf\/id\/JORFTEXT000046710841#:~:text=%2DLe%20taux%20de%20base%20de,1%C2%B0%20du%20m%C3%AAme%20article.\u0022 target=\u0022_blank\u0022 rel=\u0022noopener\u0022\u003ED\u00e9cret no 2022-1529 du 7 d\u00e9cembre 2022 relatif aux modalit\u00e9s de calcul des cotisations sociales des travailleurs ind\u00e9pendants, aux modalit\u00e9s de r\u00e9partition entre les risques des montants de cotisations et contributions recouvr\u00e9s en application du dispositif pr\u00e9vu \u00e0 l\u0027article L. 613-7 du code de la s\u00e9curit\u00e9 sociale et aux modalit\u00e9s de mise en \u0153uvre de l\u0027option pr\u00e9vue au second alin\u00e9a de l\u0027article L. 731-13 du code rural et de la p\u00eache maritime\u003C\/a\u003E\u003C\/li\u003E\u003C\/ul\u003E\u003C\/div\u003E","annee":"2025","theme":" Indices, taux, bar\u00e8mes sociaux","activites":["Tout secteur"],"image":"https:\/\/www.weblex.fr\/sites\/default\/files\/chiffres_clef\/Shutterstock_cotisationssociales_1.jpg","created":"2025-07-29","modified":"2025-07-29"},{"url":"\/chiffres-cles\/tableau-des-cotisations-sociales-dues-par-les-travailleurs-non-salaries-agricoles-annee-2025","id":26649,"title":"Tableau des cotisations sociales dues par les travailleurs non-salari\u00e9s agricoles - Ann\u00e9e 2025","content":"\u003Cdiv\u003E                                              \u003Ch3\u003E\u003Cstrong\u003E1\/ Assiette et taux des cotisations\u003C\/strong\u003E\u003C\/h3\u003E\u003Col\u003E\u003Cli\u003ETableau r\u00e9capitulatif des sommes sur lesquelles les cotisations sont bas\u00e9es (assiettes)\u003C\/li\u003E\u003C\/ol\u003E\u003Cp\u003E\u003Cstrong\u003E\u003C\/strong\u003E\u003C\/p\u003E\u003Ctable border=\u00221\u0022 cellspacing=\u00220\u0022 cellpadding=\u00220\u0022 width=\u0022605\u0022\u003E\u003Ctbody\u003E\u003Ctr\u003E\u003Ctd width=\u0022605\u0022 colspan=\u00222\u0022\u003E\u003Cp align=\u0022center\u0022\u003EAssiettes\u003C\/p\u003E\u003C\/td\u003E\u003C\/tr\u003E\u003Ctr\u003E\u003Ctd width=\u0022293\u0022\u003E\u003Cp align=\u0022center\u0022\u003ERevenus professionnels\u003C\/p\u003E\u003C\/td\u003E\u003Ctd width=\u0022312\u0022\u003E\u003Cp align=\u0022center\u0022\u003EUtilis\u00e9s pour calculer les cotisations et contributions sociales\u003C\/p\u003E\u003C\/td\u003E\u003C\/tr\u003E\u003Ctr\u003E\u003Ctd width=\u0022293\u0022\u003E\u003Cp\u003EAssiettes forfaitaires provisoires d\u0027installation\u003C\/p\u003E\u003C\/td\u003E\u003Ctd width=\u0022312\u0022\u003E\u003Cp\u003EUtilis\u00e9es en l\u0027absence de revenus professionnels, et ceci quel que soit le crit\u00e8re d\u2019assujettissement applicable :\u0026nbsp;\u003C\/p\u003E\u003Cul\u003E\u003Cli\u003E600 SMIC* pour les cotisations AMEXA (1) (chef d\u2019exploitation \u00e0 titre exclusif\/principal, ou secondaire), AVA (2), PFA\u0026nbsp;(3) et CSG\/CRDS\u003C\/li\u003E\u003Cli\u003E800 SMIC* en AVI (4) et FPC (5)\u003C\/li\u003E\u003Cli\u003E1820 SMIC* en RCO (6),\u003C\/li\u003E\u003Cli\u003E11,5% du plafond annuel de s\u00e9curit\u00e9 social (PASS) en invalidit\u00e9\u003C\/li\u003E\u003C\/ul\u003E\u003C\/td\u003E\u003C\/tr\u003E\u003C\/tbody\u003E\u003C\/table\u003E\u003Col\u003E\u003Cli\u003E: Assurance maladie, invalidit\u00e9, maternit\u00e9 du r\u00e9gime des non-salari\u00e9s agricoles\u003C\/li\u003E\u003Cli\u003E: Assurance vieillesse agricole\u003C\/li\u003E\u003Cli\u003E: Prestations familiales\u003C\/li\u003E\u003Cli\u003E: Assurance vieillesse individuelle\u003C\/li\u003E\u003Cli\u003E: Formation professionnelle continue\u003C\/li\u003E\u003Cli\u003E: Retraite compl\u00e9mentaire obligatoire\u0026nbsp;\u003C\/li\u003E\u003C\/ol\u003E\u003Cp\u003E*\u0026nbsp;: SMIC horaire\u003C\/p\u003E\u003Col start=\u00222\u0022\u003E\u003Cli\u003ETableau r\u00e9capitulatif des cotisations sociales AMEXA en 2025\u003C\/li\u003E\u003C\/ol\u003E\u003Cp\u003E\u003Cstrong\u003E\u003C\/strong\u003E\u003C\/p\u003E\u003Ctable border=\u00221\u0022 cellspacing=\u00220\u0022 cellpadding=\u00220\u0022 width=\u0022614\u0022\u003E\u003Ctbody\u003E\u003Ctr\u003E\u003Ctd width=\u0022217\u0022 rowspan=\u00222\u0022\u003E\u003Cp align=\u0022center\u0022\u003ECotisation AMEXA*\u003C\/p\u003E\u003C\/td\u003E\u003Ctd width=\u0022397\u0022 colspan=\u00222\u0022\u003E\u003Cp align=\u0022center\u0022\u003E\u003Cstrong\u003ETaux ou montant\u003C\/strong\u003E\u003C\/p\u003E\u003C\/td\u003E\u003C\/tr\u003E\u003Ctr\u003E\u003Ctd width=\u0022186\u0022\u003E\u003Cp align=\u0022center\u0022\u003E\u003Cstrong\u003EMontant des revenus d\u2019activit\u00e9\u003C\/strong\u003E\u003C\/p\u003E\u003C\/td\u003E\u003Ctd width=\u0022211\u0022\u003E\u003Cp align=\u0022center\u0022\u003E\u003Cstrong\u003ETaux applicable\u003C\/strong\u003E\u003C\/p\u003E\u003C\/td\u003E\u003C\/tr\u003E\u003Ctr\u003E\u003Ctd width=\u0022217\u0022 rowspan=\u00224\u0022\u003E\u003Cp align=\u0022center\u0022\u003EChef d\u0027exploitation ou d\u0027entreprise \u00e0 titre exclusif ou principal domicili\u00e9 fiscalement en France\u003C\/p\u003E\u003C\/td\u003E\u003Ctd width=\u0022186\u0022\u003E\u003Cp align=\u0022center\u0022\u003EInf\u00e9rieurs \u00e0 40 % du plafond annuel de la s\u00e9curit\u00e9 sociale, soit 18 840 \u20ac pour 2025\u003C\/p\u003E\u003C\/td\u003E\u003Ctd width=\u0022211\u0022\u003E\u003Cp align=\u0022center\u0022\u003E0 %\u003C\/p\u003E\u003C\/td\u003E\u003C\/tr\u003E\u003Ctr\u003E\u003Ctd width=\u0022186\u0022\u003E\u003Cp align=\u0022center\u0022\u003ERevenu sup\u00e9rieur \u00e0 40% du PASS et inf\u00e9rieur ou \u00e9gal \u00e0 60%\u003C\/p\u003E\u003Cp align=\u0022center\u0022\u003E\u0026nbsp;\u003C\/p\u003E\u003Cp align=\u0022center\u0022\u003EEntre 18 840 \u20ac et 28 260 \u20ac pour 2025\u003C\/p\u003E\u003C\/td\u003E\u003Ctd width=\u0022211\u0022\u003E\u003Cp align=\u0022center\u0022\u003EEntre 0 et 4 %\u003C\/p\u003E\u003C\/td\u003E\u003C\/tr\u003E\u003Ctr\u003E\u003Ctd width=\u0022186\u0022\u003E\u003Cp align=\u0022center\u0022\u003ERevenu sup\u00e9rieur \u00e0 60% du PASS et inf\u00e9rieur ou \u00e9gal \u00e0 110%\u003C\/p\u003E\u003Cp align=\u0022center\u0022\u003EEntre 28 260 \u20ac et 51 810 \u20ac pour 2025\u003C\/p\u003E\u003C\/td\u003E\u003Ctd width=\u0022211\u0022\u003E\u003Cp align=\u0022center\u0022\u003EEntre 4 et 6,50 %\u003C\/p\u003E\u003C\/td\u003E\u003C\/tr\u003E\u003Ctr\u003E\u003Ctd width=\u0022186\u0022\u003E\u003Cp align=\u0022center\u0022\u003ESup\u00e9rieurs ou \u00e9gaux \u00e0 110 % du plafond annuel de la s\u00e9curit\u00e9 sociale, soit 51 810 \u20ac pour 2025\u003C\/p\u003E\u003C\/td\u003E\u003Ctd width=\u0022211\u0022\u003E\u003Cp align=\u0022center\u0022\u003E6,50 %\u003C\/p\u003E\u003C\/td\u003E\u003C\/tr\u003E\u003Ctr\u003E\u003Ctd width=\u0022217\u0022\u003E\u003Cp align=\u0022center\u0022\u003EChef d\u0027exploitation ou d\u0027entreprise \u00e0 titre secondaire domicili\u00e9 fiscalement en France\u003C\/p\u003E\u003C\/td\u003E\u003Ctd width=\u0022397\u0022 colspan=\u00222\u0022\u003E\u003Cp align=\u0022center\u0022\u003E7,48 %\u003C\/p\u003E\u003C\/td\u003E\u003C\/tr\u003E\u003Ctr\u003E\u003Ctd width=\u0022217\u0022\u003E\u003Cp align=\u0022center\u0022\u003EChef d\u0027exploitation ou d\u0027entreprise \u00e0 titre exclusif ou principal domicili\u00e9 fiscalement \u00e0 l\u0027\u00e9tranger\u003C\/p\u003E\u003C\/td\u003E\u003Ctd width=\u0022397\u0022 colspan=\u00222\u0022\u003E\u003Cp align=\u0022center\u0022\u003E14,50%\u003C\/p\u003E\u003C\/td\u003E\u003C\/tr\u003E\u003Ctr\u003E\u003Ctd width=\u0022217\u0022\u003E\u003Cp align=\u0022center\u0022\u003EChef d\u0027exploitation ou d\u0027entreprise \u00e0 titre secondaire domicili\u00e9 fiscalement \u00e0 l\u0027\u00e9tranger\u003C\/p\u003E\u003C\/td\u003E\u003Ctd width=\u0022397\u0022 colspan=\u00222\u0022\u003E\u003Cp align=\u0022center\u0022\u003E12,43%\u003C\/p\u003E\u003C\/td\u003E\u003C\/tr\u003E\u003Ctr\u003E\u003Ctd width=\u0022217\u0022\u003E\u003Cp align=\u0022center\u0022\u003EAssoci\u00e9 d\u2019exploitation et aide familial majeur d\u2019un chef d\u2019exploitation b\u00e9n\u00e9ficiaire de l\u0027AMEXA\u003C\/p\u003E\u003C\/td\u003E\u003Ctd width=\u0022397\u0022 colspan=\u00222\u0022\u003E\u003Cp align=\u0022center\u0022\u003E2\/3 de la cotisation d\u00e9termin\u00e9e pour un chef d\u0027exploitation ou d\u0027entreprise \u00e0 titre exclusif ou principal.\u003C\/p\u003E\u003Cp align=\u0022center\u0022\u003EPlafond\u0026nbsp;de 56 SMIC horaire\u0026nbsp;\u003C\/p\u003E\u003C\/td\u003E\u003C\/tr\u003E\u003Ctr\u003E\u003Ctd width=\u0022217\u0022\u003E\u003Cp align=\u0022center\u0022\u003EAide familial de - de 18 ans d\u2019un chef d\u2019exploitation b\u00e9n\u00e9ficiaire de l\u2019AMEXA\u003C\/p\u003E\u003C\/td\u003E\u003Ctd width=\u0022397\u0022 colspan=\u00222\u0022\u003E\u003Cp align=\u0022center\u0022\u003E1\/3 de la cotisation d\u00e9termin\u00e9e pour un chef d\u0027exploitation ou d\u0027entreprise \u00e0 titre exclusif ou principal.\u003C\/p\u003E\u003Cp align=\u0022center\u0022\u003EPlafond\u0026nbsp;de 56 SMIC horaire\u0026nbsp;\u003C\/p\u003E\u003C\/td\u003E\u003C\/tr\u003E\u003Ctr\u003E\u003Ctd width=\u0022217\u0022\u003E\u003Cp align=\u0022center\u0022\u003ERetrait\u00e9 domicili\u00e9 fiscalement \u00e0 l\u0027\u00e9tranger b\u00e9n\u00e9ficiaire ou pas de l\u0027AMEXA\u003C\/p\u003E\u003C\/td\u003E\u003Ctd width=\u0022397\u0022 colspan=\u00222\u0022\u003E\u003Cp align=\u0022center\u0022\u003E3,20%\u003C\/p\u003E\u003C\/td\u003E\u003C\/tr\u003E\u003C\/tbody\u003E\u003C\/table\u003E\u003Cp\u003E*\u0026nbsp;: Pour les conjoints divorc\u00e9s ou s\u00e9par\u00e9s de corps qui reprennent l\u2019exploitation, une exon\u00e9ration de 50% des cotisations s\u2019applique.\u003C\/p\u003E\u003Cp\u003E**\u0026nbsp;: Taux = [(T1-T2)\/ (1,1 \u00d7 PSS)] \u00d7 r + T2 o\u00f9 T1 est \u00e9gal au taux de 6,50%, T2 est \u00e9gal \u00e0 1,5 % et r au revenu d\u0027activit\u00e9.\u003C\/p\u003E\u003Cp\u003E\u003Cstrong\u003E\u00c0 compter de la campagne de 2025 de d\u00e9claration des revenus 2024, les jeunes agriculteurs \u00e9ligibles peuvent b\u00e9n\u00e9ficier des taux r\u00e9duits AMEXA cumul\u00e9s \u00e0 l\u2019exon\u00e9ration jeune agriculteurs.\u0026nbsp;\u003C\/strong\u003E\u003C\/p\u003E\u003Cp\u003E\u0026nbsp;\u003C\/p\u003E\u003Col start=\u00223\u0022\u003E\u003Cli\u003ETableau r\u00e9capitulatif des cotisations sociales \u00ab\u0026nbsp;invalidit\u00e9\u0026nbsp;\u00bb en 2025\u0026nbsp;\u003C\/li\u003E\u003C\/ol\u003E\u003Cp\u003E\u0026nbsp;\u003C\/p\u003E\u003Ctable border=\u00221\u0022 cellspacing=\u00220\u0022 cellpadding=\u00220\u0022 width=\u0022605\u0022\u003E\u003Ctbody\u003E\u003Ctr\u003E\u003Ctd width=\u0022184\u0022\u003E\u003Cp align=\u0022center\u0022\u003ECOTISATIONS INVALIDITE\u003C\/p\u003E\u003C\/td\u003E\u003Ctd width=\u002267\u0022\u003E\u003Cp align=\u0022center\u0022\u003ETaux ou montant\u003C\/p\u003E\u003C\/td\u003E\u003Ctd width=\u002286\u0022\u003E\u003Cp align=\u0022center\u0022\u003EAssiette minimum\u003C\/p\u003E\u003C\/td\u003E\u003Ctd width=\u002298\u0022\u003E\u003Cp align=\u0022center\u0022\u003EPlafond\u003C\/p\u003E\u003C\/td\u003E\u003Ctd width=\u0022170\u0022\u003E\u003Cp align=\u0022center\u0022\u003EAutres\u003C\/p\u003E\u003C\/td\u003E\u003C\/tr\u003E\u003Ctr\u003E\u003Ctd width=\u0022184\u0022\u003E\u003Cp align=\u0022center\u0022\u003E\u0026nbsp;\u003C\/p\u003E\u003Cp align=\u0022center\u0022\u003EChef d\u0027exploitation ou d\u0027entreprise \u00e0 titre exclusif ou principal\u003C\/p\u003E\u003C\/td\u003E\u003Ctd width=\u002267\u0022\u003E\u003Cp align=\u0022center\u0022\u003E1,1%\u003C\/p\u003E\u003C\/td\u003E\u003Ctd width=\u002286\u0022\u003E\u003Cp align=\u0022center\u0022\u003E11,5 % du PASS,.\u003C\/p\u003E\u003C\/td\u003E\u003Ctd width=\u002298\u0022\u003E\u003Cp align=\u0022center\u0022\u003E\u0026nbsp;\u003C\/p\u003E\u003C\/td\u003E\u003Ctd width=\u0022170\u0022\u003E\u003Cp align=\u0022center\u0022\u003ER\u00e9duction de 10 % de la cotisation minimum des pluriactifs non-salari\u00e9s agricoles (NSA) \u00e0 titre principal\u003C\/p\u003E\u003C\/td\u003E\u003C\/tr\u003E\u003Ctr\u003E\u003Ctd width=\u0022184\u0022\u003E\u003Cp align=\u0022center\u0022\u003EAssoci\u00e9 d\u2019exploitation et aide familial majeur d\u2019un chef d\u2019exploitation b\u00e9n\u00e9ficiaire de l\u0027AMEXA\u003C\/p\u003E\u003C\/td\u003E\u003Ctd width=\u002267\u0022\u003E\u003Cp align=\u0022center\u0022\u003E2\/3\u003C\/p\u003E\u003C\/td\u003E\u003Ctd width=\u002286\u0022\u003E\u003Cp align=\u0022center\u0022\u003E\u0026nbsp;\u003C\/p\u003E\u003C\/td\u003E\u003Ctd width=\u002298\u0022 rowspan=\u00222\u0022\u003E\u003Cp align=\u0022center\u0022\u003E15 SMIC\u003C\/p\u003E\u003C\/td\u003E\u003Ctd width=\u0022170\u0022 rowspan=\u00222\u0022\u003E\u003Cp align=\u0022center\u0022\u003ECalcul par rapport \u00e0 la cotisation d\u00e9termin\u00e9e pour un chef d\u0027exploitation ou d\u0027entreprise \u00e0 titre exclusif ou principal\u003C\/p\u003E\u003C\/td\u003E\u003C\/tr\u003E\u003Ctr\u003E\u003Ctd width=\u0022184\u0022\u003E\u003Cp align=\u0022center\u0022\u003EAide familial de moins de 18 ans d\u2019un chef d\u2019exploitation b\u00e9n\u00e9ficiaire de l\u2019AMEXA\u003C\/p\u003E\u003C\/td\u003E\u003Ctd width=\u002267\u0022\u003E\u003Cp align=\u0022center\u0022\u003E1\/3\u003C\/p\u003E\u003C\/td\u003E\u003Ctd width=\u002286\u0022\u003E\u003Cp align=\u0022center\u0022\u003E\u0026nbsp;\u003C\/p\u003E\u003C\/td\u003E\u003C\/tr\u003E\u003Ctr\u003E\u003Ctd width=\u0022184\u0022\u003E\u003Cp align=\u0022center\u0022\u003EAssoci\u00e9 d\u2019exploitation et aide familial majeur d\u2019un chef d\u2019exploitation non b\u00e9n\u00e9ficiaire de l\u0027AMEXA\u003C\/p\u003E\u003C\/td\u003E\u003Ctd width=\u002267\u0022\u003E\u003Cp align=\u0022center\u0022\u003E2\/3\u003C\/p\u003E\u003C\/td\u003E\u003Ctd width=\u002286\u0022\u003E\u003Cp align=\u0022center\u0022\u003E\u0026nbsp;\u003C\/p\u003E\u003C\/td\u003E\u003Ctd width=\u002298\u0022 rowspan=\u00222\u0022\u003E\u003Cp align=\u0022center\u0022\u003E15 SMIC\u003C\/p\u003E\u003C\/td\u003E\u003Ctd width=\u0022170\u0022 rowspan=\u00222\u0022\u003E\u003Cp align=\u0022center\u0022\u003ECalcul par rapport \u00e0 la cotisation d\u00e9termin\u00e9e pour un chef d\u0027exploitation ou d\u0027entreprise \u00e0 titre secondaire\u003C\/p\u003E\u003C\/td\u003E\u003C\/tr\u003E\u003Ctr\u003E\u003Ctd width=\u0022184\u0022\u003E\u003Cp align=\u0022center\u0022\u003EAide familial de moins de 18 ans d\u2019un chef d\u2019exploitation non b\u00e9n\u00e9ficiaire de l\u2019AMEXA\u003C\/p\u003E\u003C\/td\u003E\u003Ctd width=\u002267\u0022\u003E\u003Cp align=\u0022center\u0022\u003E1\/3\u003C\/p\u003E\u003C\/td\u003E\u003Ctd width=\u002286\u0022\u003E\u003Cp\u003E\u0026nbsp;\u003C\/p\u003E\u003C\/td\u003E\u003C\/tr\u003E\u003C\/tbody\u003E\u003C\/table\u003E\u003Cp\u003E*\u0026nbsp;: Pour les conjoints divorc\u00e9s ou s\u00e9par\u00e9s de corps qui reprennent l\u2019exploitation, une exon\u00e9ration de 50% des cotisations s\u2019applique.\u0026nbsp;\u003C\/p\u003E\u003Col start=\u00224\u0022\u003E\u003Cli\u003ETableau r\u00e9capitulatif des cotisations sociales \u00ab\u0026nbsp;pension d\u2019invalidit\u00e9\u0026nbsp;\u00bb en 2025\u003C\/li\u003E\u003C\/ol\u003E\u003Ctable border=\u00221\u0022 cellspacing=\u00220\u0022 cellpadding=\u00220\u0022 width=\u0022605\u0022\u003E\u003Ctbody\u003E\u003Ctr\u003E\u003Ctd width=\u0022284\u0022\u003E\u003Cp align=\u0022center\u0022\u003EPENSION D\u0027INVALIDITE\u003C\/p\u003E\u003C\/td\u003E\u003Ctd width=\u0022321\u0022\u003E\u003Cp align=\u0022center\u0022\u003EMontant\u003C\/p\u003E\u003C\/td\u003E\u003C\/tr\u003E\u003Ctr\u003E\u003Ctd width=\u0022284\u0022\u003E\u003Cp align=\u0022center\u0022\u003ECollaborateur (conjoint, concubin, pacs\u00e9), y compris non-salari\u00e9s b\u00e9n\u00e9ficiant des prestations en nature aupr\u00e8s de l\u0027AMEXA\u003C\/p\u003E\u003C\/td\u003E\u003Ctd width=\u0022321\u0022\u003E\u003Cp align=\u0022center\u0022\u003E40 \u20ac*\u003C\/p\u003E\u003C\/td\u003E\u003C\/tr\u003E\u003C\/tbody\u003E\u003C\/table\u003E\u003Cp\u003E*\u0026nbsp;: Calcul par rapport \u00e0 la cotisation minimum invalidit\u00e9 du chef d\u2019exploitation (2\/3 du montant de la cotisation)\u003C\/p\u003E\u003Col start=\u00225\u0022\u003E\u003Cli\u003ETableau r\u00e9capitulatif des cotisations sociales d\u2019\u0026nbsp;\u00ab\u0026nbsp;IJ AMEXA\u0026nbsp;\u00bb en 2025\u003C\/li\u003E\u003C\/ol\u003E\u003Cp\u003E\u003Cstrong\u003E\u003C\/strong\u003E\u003C\/p\u003E\u003Ctable border=\u00221\u0022 cellspacing=\u00220\u0022 cellpadding=\u00220\u0022 width=\u0022605\u0022\u003E\u003Ctbody\u003E\u003Ctr\u003E\u003Ctd width=\u0022348\u0022\u003E\u003Cp align=\u0022center\u0022\u003EIndemnit\u00e9s journali\u00e8res (IJ) AMEXA\u003C\/p\u003E\u003C\/td\u003E\u003Ctd width=\u0022257\u0022\u003E\u003Cp align=\u0022center\u0022\u003EMontant\u003C\/p\u003E\u003C\/td\u003E\u003C\/tr\u003E\u003Ctr\u003E\u003Ctd width=\u0022348\u0022\u003E\u003Cp align=\u0022center\u0022\u003EChef d\u2019exploitation ou d\u2019entreprise agricole, collaborateur, associ\u00e9 d\u2019exploitation, aide familial \u00e0 titre exclusif ou principal\u003C\/p\u003E\u003C\/td\u003E\u003Ctd width=\u0022257\u0022\u003E\u003Cp align=\u0022center\u0022\u003E250 \u20ac\u003C\/p\u003E\u003C\/td\u003E\u003C\/tr\u003E\u003C\/tbody\u003E\u003C\/table\u003E\u003Cp\u003E\u003Cstrong\u003E\u003C\/strong\u003E\u003C\/p\u003E\u003Col start=\u00226\u0022\u003E\u003Cli\u003ETableau r\u00e9capitulatif des cotisations sociales d\u2019 \u00abAVI\u0026nbsp;\u00bb en 2025\u003C\/li\u003E\u003C\/ol\u003E\u003Cp\u003E\u003Cstrong\u003E\u003C\/strong\u003E\u003C\/p\u003E\u003Ctable border=\u00221\u0022 cellspacing=\u00220\u0022 cellpadding=\u00220\u0022 width=\u0022605\u0022\u003E\u003Ctbody\u003E\u003Ctr\u003E\u003Ctd width=\u0022265\u0022\u003E\u003Cp align=\u0022center\u0022\u003EAssurance Vieillesse Individuelle (AVI)\u003C\/p\u003E\u003C\/td\u003E\u003Ctd width=\u002285\u0022\u003E\u003Cp align=\u0022center\u0022\u003ETaux\u003C\/p\u003E\u003C\/td\u003E\u003Ctd width=\u0022164\u0022\u003E\u003Cp\u003EAssiette minimum\u003C\/p\u003E\u003C\/td\u003E\u003Ctd width=\u002292\u0022\u003E\u003Cp align=\u0022center\u0022\u003EPlafond\u003C\/p\u003E\u003C\/td\u003E\u003C\/tr\u003E\u003Ctr\u003E\u003Ctd width=\u0022265\u0022\u003E\u003Cp align=\u0022center\u0022\u003EChef d\u0027exploitation ou d\u0027entreprise\u003C\/p\u003E\u003Cp align=\u0022center\u0022\u003ECollaborateur \u00e0 titre exclusif ou principal (conjoint, concubin, pacs\u00e9)\u003C\/p\u003E\u003Cp align=\u0022center\u0022\u003EAide familial\u003C\/p\u003E\u003C\/td\u003E\u003Ctd width=\u002285\u0022\u003E\u003Cp align=\u0022center\u0022\u003E3,32 %*\u003C\/p\u003E\u003C\/td\u003E\u003Ctd width=\u0022164\u0022\u003E\u003Cp align=\u0022center\u0022\u003E800 SMIC\u003C\/p\u003E\u003C\/td\u003E\u003Ctd width=\u002292\u0022\u003E\u003Cp align=\u0022center\u0022\u003E47 100 \u20ac\u003C\/p\u003E\u003C\/td\u003E\u003C\/tr\u003E\u003C\/tbody\u003E\u003C\/table\u003E\u003Cp\u003E\u003Cstrong\u003E\u003C\/strong\u003E\u003C\/p\u003E\u003Cp\u003E*\u0026nbsp;: Taux identique pour les adh\u00e9rents \u00e0 l\u0027assurance volontaire vieillesse\u003C\/p\u003E\u003Col start=\u00227\u0022\u003E\u003Cli\u003ETableau r\u00e9capitulatif des cotisations sociales d\u2019\u00abAVA \u00bb en 2025\u003C\/li\u003E\u003C\/ol\u003E\u003Cp\u003E\u003Cstrong\u003E\u003C\/strong\u003E\u003C\/p\u003E\u003Cp\u003E\u003Cstrong\u003E\u003C\/strong\u003E\u003C\/p\u003E\u003Ctable border=\u00221\u0022 cellspacing=\u00220\u0022 cellpadding=\u00220\u0022 width=\u0022605\u0022\u003E\u003Ctbody\u003E\u003Ctr\u003E\u003Ctd width=\u0022178\u0022\u003E\u003Cp align=\u0022center\u0022\u003E\u003Cstrong\u003EAssurance Vieillesse Agricole (AVA) plafonn\u00e9e\u003C\/strong\u003E\u003C\/p\u003E\u003C\/td\u003E\u003Ctd width=\u002277\u0022\u003E\u003Cp align=\u0022center\u0022\u003E\u003Cstrong\u003ETaux\u003C\/strong\u003E\u003C\/p\u003E\u003C\/td\u003E\u003Ctd width=\u0022236\u0022\u003E\u003Cp align=\u0022center\u0022\u003E\u003Cstrong\u003EAssiette minimum\u003C\/strong\u003E\u003C\/p\u003E\u003C\/td\u003E\u003Ctd width=\u0022113\u0022\u003E\u003Cp align=\u0022center\u0022\u003E\u003Cstrong\u003EPlafond\u003C\/strong\u003E\u003C\/p\u003E\u003C\/td\u003E\u003C\/tr\u003E\u003Ctr\u003E\u003Ctd width=\u0022178\u0022\u003E\u003Cp align=\u0022center\u0022\u003EChef d\u0027exploitation ou d\u0027entreprise\u003C\/p\u003E\u003C\/td\u003E\u003Ctd width=\u002277\u0022 rowspan=\u00222\u0022\u003E\u003Cp align=\u0022center\u0022\u003E11,55 %*\u003C\/p\u003E\u003C\/td\u003E\u003Ctd width=\u0022236\u0022 rowspan=\u00222\u0022\u003E\u003Cp align=\u0022center\u0022\u003E600 SMIC horaire\u0026nbsp;\u003C\/p\u003E\u003Cp align=\u0022center\u0022\u003E\u0026nbsp;\u003C\/p\u003E\u003C\/td\u003E\u003Ctd width=\u0022113\u0022 rowspan=\u00222\u0022\u003E\u003Cp align=\u0022center\u0022\u003E47\u0026nbsp;100 \u20ac*\u003C\/p\u003E\u003C\/td\u003E\u003C\/tr\u003E\u003Ctr\u003E\u003Ctd width=\u0022178\u0022\u003E\u003Cp align=\u0022center\u0022\u003ECollaborateur (conjoint, concubin, pacs\u00e9)\u003C\/p\u003E\u003Cp align=\u0022center\u0022\u003EAide familial\u003C\/p\u003E\u003C\/td\u003E\u003C\/tr\u003E\u003Ctr\u003E\u003Ctd width=\u0022178\u0022\u003E\u003Cp align=\u0022center\u0022\u003E\u003Cstrong\u003EAssurance Vieillesse Agricole (AVA) d\u00e9plafonn\u00e9e\u003C\/strong\u003E\u003C\/p\u003E\u003C\/td\u003E\u003Ctd width=\u002277\u0022\u003E\u003Cp align=\u0022center\u0022\u003E\u0026nbsp;\u003C\/p\u003E\u003C\/td\u003E\u003Ctd width=\u0022236\u0022\u003E\u003Cp align=\u0022center\u0022\u003E\u0026nbsp;\u003C\/p\u003E\u003C\/td\u003E\u003Ctd width=\u0022113\u0022\u003E\u003Cp align=\u0022center\u0022\u003E\u0026nbsp;\u003C\/p\u003E\u003C\/td\u003E\u003C\/tr\u003E\u003Ctr\u003E\u003Ctd width=\u0022178\u0022\u003E\u003Cp align=\u0022center\u0022\u003EChef d\u2019exploitation ou d\u2019entreprise\u0026nbsp;\u003C\/p\u003E\u003C\/td\u003E\u003Ctd width=\u002277\u0022\u003E\u003Cp align=\u0022center\u0022\u003E2,24 %\u003C\/p\u003E\u003C\/td\u003E\u003Ctd width=\u0022236\u0022\u003E\u003Cp align=\u0022center\u0022\u003E600 SMIC horaire\u0026nbsp;\u003C\/p\u003E\u003C\/td\u003E\u003Ctd width=\u0022113\u0022\u003E\u003Cp align=\u0022center\u0022\u003E\u0026nbsp;\u003C\/p\u003E\u003C\/td\u003E\u003C\/tr\u003E\u003C\/tbody\u003E\u003C\/table\u003E\u003Cp\u003E\u003Cstrong\u003E\u003C\/strong\u003E\u003C\/p\u003E\u003Cp\u003E*\u0026nbsp;:\u0026nbsp;Taux identique pour les adh\u00e9rents \u00e0 l\u0027assurance volontaire vieillesse\u003C\/p\u003E\u003Cp\u003E\u003Cstrong\u003E\u003C\/strong\u003E\u003C\/p\u003E\u003Col start=\u00228\u0022\u003E\u003Cli\u003ETableau r\u00e9capitulatif des cotisations sociales de \u00abPFA \u00bb en 2025\u003C\/li\u003E\u003C\/ol\u003E\u003Ctable border=\u00221\u0022 cellspacing=\u00220\u0022 cellpadding=\u00220\u0022 width=\u0022605\u0022\u003E\u003Ctbody\u003E\u003Ctr\u003E\u003Ctd width=\u0022151\u0022\u003E\u003Cp align=\u0022center\u0022\u003ECOTISATIONS\u003C\/p\u003E\u003C\/td\u003E\u003Ctd width=\u0022454\u0022 colspan=\u00222\u0022\u003E\u003Cp align=\u0022center\u0022\u003ETaux ou montant\u003C\/p\u003E\u003C\/td\u003E\u003C\/tr\u003E\u003Ctr\u003E\u003Ctd width=\u0022151\u0022\u003E\u003Cp align=\u0022center\u0022\u003EPFA (Prestations familles)\u003C\/p\u003E\u003C\/td\u003E\u003Ctd width=\u0022312\u0022\u003E\u003Cp align=\u0022center\u0022\u003EMontant des revenus d\u2019activit\u00e9\u003C\/p\u003E\u003C\/td\u003E\u003Ctd width=\u0022142\u0022\u003E\u003Cp align=\u0022center\u0022\u003ETaux applicable\u003C\/p\u003E\u003C\/td\u003E\u003C\/tr\u003E\u003Ctr\u003E\u003Ctd width=\u0022151\u0022 rowspan=\u00223\u0022\u003E\u003Cp align=\u0022center\u0022\u003EChef d\u0027exploitation ou d\u2019entreprise\u003C\/p\u003E\u003C\/td\u003E\u003Ctd width=\u0022312\u0022\u003E\u003Cp align=\u0022center\u0022\u003Einf\u00e9rieurs ou \u00e9gaux \u00e0 110% du PASS (soit 51 810 \u20ac pour 2025)\u003C\/p\u003E\u003C\/td\u003E\u003Ctd width=\u0022142\u0022\u003E\u003Cp align=\u0022center\u0022\u003E0 %\u003C\/p\u003E\u003C\/td\u003E\u003C\/tr\u003E\u003Ctr\u003E\u003Ctd width=\u0022312\u0022\u003E\u003Cp align=\u0022center\u0022\u003Eentre 110% et 140% du PASS (entre 51 810 \u20ac et \u20ac 65 940 \u20ac pour 2025)\u003C\/p\u003E\u003C\/td\u003E\u003Ctd width=\u0022142\u0022\u003E\u003Cp align=\u0022center\u0022\u003ETaux variable*\u003C\/p\u003E\u003Cp align=\u0022center\u0022\u003Eentre 0 % et 3,10 %\u003C\/p\u003E\u003C\/td\u003E\u003C\/tr\u003E\u003Ctr\u003E\u003Ctd width=\u0022312\u0022\u003E\u003Cp align=\u0022center\u0022\u003Esup\u00e9rieurs \u00e0 140% du PASS\u0026nbsp; (soit 65 940 \u20ac pour 2025)\u003C\/p\u003E\u003C\/td\u003E\u003Ctd width=\u0022142\u0022\u003E\u003Cp align=\u0022center\u0022\u003E3,10 %\u003C\/p\u003E\u003C\/td\u003E\u003C\/tr\u003E\u003C\/tbody\u003E\u003C\/table\u003E\u003Cp\u003E*\u0026nbsp;: Taux = [(T1)\/(0,3 \u00d7 PSS)] \u00d7 (r - 1,1 \u00d7 PSS) o\u00f9 T1 est \u00e9gal \u00e0 3,10% et r est le revenu d\u0027activit\u00e9.\u003C\/p\u003E\u003Cp\u003EPr\u00e9cision\u0026nbsp;: abattement d\u0027assiette de 890 SMIC horaire pour les chefs d\u0027exploitation atteints d\u0027une invalidit\u00e9 depuis plus de 6 mois et entra\u00eenant une incapacit\u00e9 de travail d\u0027au moins 66 %.\u003C\/p\u003E\u003Col start=\u00229\u0022\u003E\u003Cli\u003ETableau r\u00e9capitulatif des cotisations sociales \u00ab\u0026nbsp;ATEXA\u0026nbsp;\u00bb en 2025\u003C\/li\u003E\u003C\/ol\u003E\u003Ctable border=\u00221\u0022 cellspacing=\u00220\u0022 cellpadding=\u00220\u0022 width=\u0022605\u0022\u003E\u003Ctbody\u003E\u003Ctr\u003E\u003Ctd width=\u002297\u0022\u003E\u003Cp align=\u0022center\u0022\u003E\u003Cstrong\u003ECOTISATION ATEXA \u2013 Accident du travail*\u003C\/strong\u003E\u003C\/p\u003E\u003C\/td\u003E\u003Ctd width=\u002273\u0022\u003E\u003Cp align=\u0022center\u0022\u003E\u003Cstrong\u003EA\u003C\/strong\u003E\u003C\/p\u003E\u003C\/td\u003E\u003Ctd width=\u002273\u0022\u003E\u003Cp align=\u0022center\u0022\u003E\u003Cstrong\u003EB\u003C\/strong\u003E\u003C\/p\u003E\u003C\/td\u003E\u003Ctd width=\u002273\u0022\u003E\u003Cp align=\u0022center\u0022\u003E\u003Cstrong\u003EC\u003C\/strong\u003E\u003C\/p\u003E\u003C\/td\u003E\u003Ctd width=\u002273\u0022\u003E\u003Cp align=\u0022center\u0022\u003E\u003Cstrong\u003ED\u003C\/strong\u003E\u003C\/p\u003E\u003C\/td\u003E\u003Ctd width=\u002269\u0022\u003E\u003Cp align=\u0022center\u0022\u003E\u003Cstrong\u003EE\u003C\/strong\u003E\u003C\/p\u003E\u003C\/td\u003E\u003Ctd width=\u0022146\u0022\u003E\u003Cp align=\u0022center\u0022\u003E\u003Cstrong\u003ESp\u00e9cificit\u00e9s\u003C\/strong\u003E\u003C\/p\u003E\u003C\/td\u003E\u003C\/tr\u003E\u003Ctr\u003E\u003Ctd width=\u002297\u0022\u003E\u003Cp align=\u0022center\u0022\u003EChef d\u0027exploitation ou d\u0027entreprise \u00e0 titre exclusif ou principal\u003C\/p\u003E\u003C\/td\u003E\u003Ctd width=\u002273\u0022\u003E\u003Cp align=\u0022center\u0022\u003E528,20 \u20ac\u0026nbsp;\u003C\/p\u003E\u003C\/td\u003E\u003Ctd width=\u002273\u0022\u003E\u003Cp align=\u0022center\u0022\u003E\u0026nbsp;551,04 \u20ac\u003C\/p\u003E\u003C\/td\u003E\u003Ctd width=\u002273\u0022\u003E\u003Cp align=\u0022center\u0022\u003E515,55 \u20ac\u0026nbsp;\u003C\/p\u003E\u003C\/td\u003E\u003Ctd width=\u002273\u0022\u003E\u003Cp align=\u0022center\u0022\u003E560,38 \u20ac\u0026nbsp;\u003C\/p\u003E\u003C\/td\u003E\u003Ctd width=\u002269\u0022\u003E\u003Cp align=\u0022center\u0022\u003E560,38 \u20ac\u0026nbsp;\u003C\/p\u003E\u003C\/td\u003E\u003Ctd width=\u0022146\u0022\u003E\u003Cp align=\u0022center\u0022\u003E\u0026nbsp;\u003C\/p\u003E\u003C\/td\u003E\u003C\/tr\u003E\u003Ctr\u003E\u003Ctd width=\u002297\u0022\u003E\u003Cp align=\u0022center\u0022\u003EChef d\u0027exploitation ou d\u0027entreprise \u00e0 titre secondaire\u003C\/p\u003E\u003C\/td\u003E\u003Ctd width=\u002273\u0022\u003E\u003Cp align=\u0022center\u0022\u003E264,10 \u20ac\u003C\/p\u003E\u003C\/td\u003E\u003Ctd width=\u002273\u0022\u003E\u003Cp align=\u0022center\u0022\u003E275,52 \u20ac\u003C\/p\u003E\u003C\/td\u003E\u003Ctd width=\u002273\u0022\u003E\u003Cp align=\u0022center\u0022\u003E257,77 \u20ac\u003C\/p\u003E\u003C\/td\u003E\u003Ctd width=\u002273\u0022\u003E\u003Cp align=\u0022center\u0022\u003E280,19 \u20ac\u003C\/p\u003E\u003C\/td\u003E\u003Ctd width=\u002269\u0022\u003E\u003Cp align=\u0022center\u0022\u003E280,19 \u20ac\u003C\/p\u003E\u003C\/td\u003E\u003Ctd width=\u0022146\u0022\u003E\u003Cp align=\u0022center\u0022\u003E\u0026nbsp;\u003C\/p\u003E\u003C\/td\u003E\u003C\/tr\u003E\u003Ctr\u003E\u003Ctd width=\u002297\u0022\u003E\u003Cp align=\u0022center\u0022\u003ECollaborateur (conjoint, concubin, pacs\u00e9)\u00e0 titre exclusif ou principal \/ Aides familiaux et associ\u00e9s d\u0027exploitation\u003C\/p\u003E\u003C\/td\u003E\u003Ctd width=\u002273\u0022\u003E\u003Cp align=\u0022center\u0022\u003E203, 25 \u20ac\u0026nbsp;\u003C\/p\u003E\u003C\/td\u003E\u003Ctd width=\u002273\u0022\u003E\u003Cp align=\u0022center\u0022\u003E212,04 \u20ac\u003C\/p\u003E\u003C\/td\u003E\u003Ctd width=\u002273\u0022\u003E\u003Cp align=\u0022center\u0022\u003E198,38 \u20ac\u003C\/p\u003E\u003C\/td\u003E\u003Ctd width=\u002273\u0022\u003E\u003Cp align=\u0022center\u0022\u003E215,63 \u20ac\u003C\/p\u003E\u003C\/td\u003E\u003Ctd width=\u002269\u0022\u003E\u003Cp align=\u0022center\u0022\u003E215,63 \u20ac\u003C\/p\u003E\u003C\/td\u003E\u003Ctd width=\u0022146\u0022\u003E\u003Cp align=\u0022center\u0022\u003E\u0026nbsp;Le montant est \u00e9gal soit \u00e0 38,48% de la cotisation due par un chef d\u2019exploitation \u00e0 titre principal, soit \u00e0 76,96% de la cotisation due par un chef d\u2019exploitation \u00e0 titre secondaire\u003C\/p\u003E\u003C\/td\u003E\u003C\/tr\u003E\u003Ctr\u003E\u003Ctd width=\u002297\u0022\u003E\u003Cp align=\u0022center\u0022\u003ECollaborateur (conjoint, concubin, pacs\u00e9)\u00e0 titre secondaire\u003C\/p\u003E\u003C\/td\u003E\u003Ctd width=\u002273\u0022\u003E\u003Cp align=\u0022center\u0022\u003E101,63 \u20ac\u003C\/p\u003E\u003C\/td\u003E\u003Ctd width=\u002273\u0022\u003E\u003Cp align=\u0022center\u0022\u003E106,02 \u20ac\u003C\/p\u003E\u003C\/td\u003E\u003Ctd width=\u002273\u0022\u003E\u003Cp align=\u0022center\u0022\u003E99,19 \u20ac\u003C\/p\u003E\u003C\/td\u003E\u003Ctd width=\u002273\u0022\u003E\u003Cp align=\u0022center\u0022\u003E107,82 \u20ac\u003C\/p\u003E\u003C\/td\u003E\u003Ctd width=\u002269\u0022\u003E\u003Cp align=\u0022center\u0022\u003E107,82 \u20ac\u003C\/p\u003E\u003C\/td\u003E\u003Ctd width=\u0022146\u0022\u003E\u003Cp align=\u0022center\u0022\u003ELe montant est \u00e9gal soit \u00e0 19,24% de la cotisation due par un chef d\u2019exploitation \u00e0 titre principal, soit \u00e0 38,48% de la cotisation due par un chef d\u2019exploitation \u00e0 titre secondaire\u003C\/p\u003E\u003C\/td\u003E\u003C\/tr\u003E\u003C\/tbody\u003E\u003C\/table\u003E\u003Cp\u003E\u0026nbsp;\u003C\/p\u003E\u003Cp\u003E*\u0026nbsp;: Montant modul\u00e9 en fonction de la cat\u00e9gorie de risques\u003C\/p\u003E\u003Cp\u003ENB : Pour les cotisants de solidarit\u00e9, la cotisation ATEXA est de 72, 95 \u20ac, quelle que soit la cat\u00e9gorie de risques.\u0026nbsp;\u003C\/p\u003E\u003Cp\u003E\u0026nbsp;\u003C\/p\u003E\u003Col start=\u002210\u0022\u003E\u003Cli\u003ETableau r\u00e9capitulatif des cotisations sociales \u00ab\u0026nbsp;RCO\u0026nbsp;\u00bb en 2025\u0026nbsp;\u003C\/li\u003E\u003C\/ol\u003E\u003Ctable border=\u00221\u0022 cellspacing=\u00220\u0022 cellpadding=\u00220\u0022 width=\u0022604\u0022\u003E\u003Ctbody\u003E\u003Ctr\u003E\u003Ctd width=\u0022234\u0022\u003E\u003Cp align=\u0022center\u0022\u003ECOTISATION RCO (retraite compl\u00e9mentaire obligatoire)\u003C\/p\u003E\u003C\/td\u003E\u003Ctd width=\u002259\u0022\u003E\u003Cp align=\u0022center\u0022\u003ETAUX\u003C\/p\u003E\u003C\/td\u003E\u003Ctd width=\u0022312\u0022\u003E\u003Cp align=\u0022center\u0022\u003ESp\u00e9cificit\u00e9s\u003C\/p\u003E\u003C\/td\u003E\u003C\/tr\u003E\u003Ctr\u003E\u003Ctd width=\u0022234\u0022\u003E\u003Cp align=\u0022center\u0022\u003EChef d\u2019exploitation ou d\u2019entreprise \u00e0 titre exclusif, principal ou secondaire (pluriactif NSA + salari\u00e9 uniquement)\u003C\/p\u003E\u003C\/td\u003E\u003Ctd width=\u002259\u0022\u003E\u003Cp align=\u0022center\u0022\u003E4 %\u003C\/p\u003E\u003C\/td\u003E\u003Ctd width=\u0022312\u0022\u003E\u003Cp align=\u0022center\u0022\u003ECotisation calcul\u00e9e sur les revenus professionnels ou l\u2019assiette forfaitaire provisoire d\u2019installation, avec application d\u2019une assiette minimum fix\u00e9e \u00e0 1\u0026nbsp;820 SMIC horaire\u003C\/p\u003E\u003C\/td\u003E\u003C\/tr\u003E\u003Ctr\u003E\u003Ctd width=\u0022234\u0022\u003E\u003Cp align=\u0022center\u0022\u003ECollaborateur (conjoint, concubin, pacs\u00e9) et Aide familial\u003C\/p\u003E\u003C\/td\u003E\u003Ctd width=\u002259\u0022\u003E\u003Cp align=\u0022center\u0022\u003E4 %\u003C\/p\u003E\u003C\/td\u003E\u003Ctd width=\u0022312\u0022\u003E\u003Cp align=\u0022center\u0022\u003EAssiette forfaitaire de 1\u0026nbsp;200 SMIC horaire\u003C\/p\u003E\u003C\/td\u003E\u003C\/tr\u003E\u003C\/tbody\u003E\u003C\/table\u003E\u003Col start=\u002211\u0022\u003E\u003Cli\u003ETableau r\u00e9capitulatif de la cotisation de solidarit\u00e9 en 2025\u0026nbsp;\u003C\/li\u003E\u003C\/ol\u003E\u003Ctable border=\u00221\u0022 cellspacing=\u00220\u0022 cellpadding=\u00220\u0022\u003E\u003Ctbody\u003E\u003Ctr\u003E\u003Ctd width=\u0022604\u0022 colspan=\u00223\u0022\u003E\u003Cp align=\u0022center\u0022\u003ECOTISATION DE SOLIDARITE\u003C\/p\u003E\u003C\/td\u003E\u003C\/tr\u003E\u003Ctr\u003E\u003Ctd width=\u0022179\u0022\u003E\u003Cp align=\u0022center\u0022\u003E\u0026nbsp;\u003C\/p\u003E\u003C\/td\u003E\u003Ctd width=\u002276\u0022\u003E\u003Cp align=\u0022center\u0022\u003ETaux\u003C\/p\u003E\u003C\/td\u003E\u003Ctd width=\u0022349\u0022\u003E\u003Cp align=\u0022center\u0022\u003EAssiettes forfaitaires provisoires d\u2019installation\u003C\/p\u003E\u003C\/td\u003E\u003C\/tr\u003E\u003Ctr\u003E\u003Ctd width=\u0022179\u0022\u003E\u003Cp align=\u0022center\u0022\u003EPersonnes vis\u00e9es \u00e0 l\u2019article L. 731-23 du Code rural et de la P\u00eache maritime\u003C\/p\u003E\u003C\/td\u003E\u003Ctd width=\u002276\u0022\u003E\u003Cp align=\u0022center\u0022\u003E14 %\u003C\/p\u003E\u003C\/td\u003E\u003Ctd width=\u0022349\u0022\u003E\u003Cp align=\u0022center\u0022\u003E100 SMIC horaire (quel que soit le crit\u00e8re d\u2019assujettissement) pour la cotisation de solidarit\u00e9 et la CSG\/CRDS\u003C\/p\u003E\u003C\/td\u003E\u003C\/tr\u003E\u003C\/tbody\u003E\u003C\/table\u003E\u003Cp\u003E\u0026nbsp;\u003C\/p\u003E\u003Ch3\u003E\u003Cstrong\u003E2\/ Assiette et taux des contributions\u003C\/strong\u003E\u003C\/h3\u003E\u003Col\u003E\u003Cli\u003ETableau r\u00e9capitulatif des contributions sociales en 2025\u003C\/li\u003E\u003C\/ol\u003E\u003Ctable border=\u00221\u0022 cellspacing=\u00220\u0022 cellpadding=\u00220\u0022 width=\u0022604\u0022\u003E\u003Ctbody\u003E\u003Ctr\u003E\u003Ctd width=\u0022264\u0022\u003E\u003Cp align=\u0022center\u0022\u003E\u003Cstrong\u003EContributions\u003C\/strong\u003E\u003C\/p\u003E\u003C\/td\u003E\u003Ctd width=\u0022340\u0022\u003E\u003Cp align=\u0022center\u0022\u003E\u003Cstrong\u003ETAUX OU MONTANT\u003C\/strong\u003E\u003C\/p\u003E\u003C\/td\u003E\u003C\/tr\u003E\u003Ctr\u003E\u003Ctd width=\u0022264\u0022\u003E\u003Cp align=\u0022center\u0022\u003ECSG\u003C\/p\u003E\u003C\/td\u003E\u003Ctd width=\u0022340\u0022\u003E\u003Cp align=\u0022center\u0022\u003E9,2 %\u003C\/p\u003E\u003C\/td\u003E\u003C\/tr\u003E\u003Ctr\u003E\u003Ctd width=\u0022264\u0022\u003E\u003Cp align=\u0022center\u0022\u003Edont non d\u00e9ductible\u003C\/p\u003E\u003C\/td\u003E\u003Ctd width=\u0022340\u0022\u003E\u003Cp align=\u0022center\u0022\u003E2,4 %\u003C\/p\u003E\u003C\/td\u003E\u003C\/tr\u003E\u003Ctr\u003E\u003Ctd width=\u0022264\u0022\u003E\u003Cp align=\u0022center\u0022\u003Edont d\u00e9ductible\u003C\/p\u003E\u003C\/td\u003E\u003Ctd width=\u0022340\u0022\u003E\u003Cp align=\u0022center\u0022\u003E6,8 %\u003C\/p\u003E\u003C\/td\u003E\u003C\/tr\u003E\u003Ctr\u003E\u003Ctd width=\u0022264\u0022\u003E\u003Cp align=\u0022center\u0022\u003ECRDS\u003C\/p\u003E\u003C\/td\u003E\u003Ctd width=\u0022340\u0022\u003E\u003Cp align=\u0022center\u0022\u003E0,5 %\u003C\/p\u003E\u003C\/td\u003E\u003C\/tr\u003E\u003Ctr\u003E\u003Ctd width=\u0022264\u0022\u003E\u003Cp align=\u0022center\u0022\u003EVal d\u2019hor (1)\u003C\/p\u003E\u003C\/td\u003E\u003Ctd width=\u0022340\u0022\u003E\u003Cp align=\u0022center\u0022\u003E126 \u20ac TTC - 468 \u20acTTC\u003C\/p\u003E\u003C\/td\u003E\u003C\/tr\u003E\u003Ctr\u003E\u003Ctd width=\u0022264\u0022\u003E\u003Cp align=\u0022center\u0022\u003EINTERAPI (2)\u003C\/p\u003E\u003C\/td\u003E\u003Ctd width=\u0022340\u0022\u003E\u003Cp align=\u0022center\u0022\u003E160 \u20ac (chef d\u2019exploitation ou d\u2019entreprise agricole)\u003C\/p\u003E\u003Cp align=\u0022center\u0022\u003E60 \u20ac (cotisant de solidarit\u00e9)\u003C\/p\u003E\u003C\/td\u003E\u003C\/tr\u003E\u003Ctr\u003E\u003Ctd width=\u0022264\u0022\u003E\u003Cp align=\u0022center\u0022\u003EFMSE (3)\u003C\/p\u003E\u003C\/td\u003E\u003Ctd width=\u0022340\u0022\u003E\u003Cp align=\u0022center\u0022\u003E20 \u20ac\u003C\/p\u003E\u003C\/td\u003E\u003C\/tr\u003E\u003Ctr\u003E\u003Ctd width=\u0022264\u0022\u003E\u003Cp align=\u0022center\u0022\u003EVIVEA \/ AGEFOS PME (4)\u003C\/p\u003E\u003C\/td\u003E\u003Ctd width=\u0022340\u0022 rowspan=\u00222\u0022\u003E\u003Cp align=\u0022center\u0022\u003E0,61 %\u003C\/p\u003E\u003Cp align=\u0022center\u0022\u003ETaux minimum\u0026nbsp;: 0,17% du PASS\u0026nbsp;\u003C\/p\u003E\u003Cp align=\u0022center\u0022\u003ETaux maximum\u0026nbsp;: 0,89% du PASS\u0026nbsp;\u003C\/p\u003E\u003C\/td\u003E\u003C\/tr\u003E\u003Ctr\u003E\u003Ctd width=\u0022264\u0022\u003E\u003Cp align=\u0022center\u0022\u003EChef d\u2019exploitation\u003C\/p\u003E\u003C\/td\u003E\u003C\/tr\u003E\u003Ctr\u003E\u003Ctd width=\u0022264\u0022\u003E\u003Cp align=\u0022center\u0022\u003EMembre de la famille et cotisant de solidarit\u00e9\u003C\/p\u003E\u003C\/td\u003E\u003Ctd width=\u0022340\u0022\u003E\u003Cp align=\u0022center\u0022\u003E0,17% du PASS\u0026nbsp;\u003C\/p\u003E\u003C\/td\u003E\u003C\/tr\u003E\u003C\/tbody\u003E\u003C\/table\u003E\u003Cp\u003E\u0026nbsp;\u003C\/p\u003E\u003Col\u003E\u003Cli\u003E\u0026nbsp;:\u0026nbsp;Interprofession fran\u00e7aise de l\u2019horticulture, de la fleuristerie et du paysage\u003C\/li\u003E\u003Cli\u003E:\u0026nbsp;Interprofession des produits de la ruche\u003C\/li\u003E\u003Cli\u003E: Fonds national agricole de mutualisation sanitaire et environnemental\u003C\/li\u003E\u003Cli\u003E: gestionnaires de fonds de la formation professionnelle\u0026nbsp;\u003C\/li\u003E\u003C\/ol\u003E\u003Cp\u003E*\u0026nbsp;: cotisation compl\u00e9mentaire pour\u0026nbsp;:\u0026nbsp;\u003C\/p\u003E\u003Cul\u003E\u003Cli\u003Eles producteurs de fruits (entre 10 \u20ac et 60 \u20ac)\u0026nbsp;;\u003C\/li\u003E\u003Cli\u003Eles producteurs de l\u00e9gumes frais (entre 10 \u20ac et 22 \u20ac) ;\u003C\/li\u003E\u003Cli\u003Eles P\u00e9pini\u00e9ristes et horticulteurs (50 \u20ac) ;\u003C\/li\u003E\u003Cli\u003Eles \u00e9leveurs de volailles (24 \u20ac) ;\u003C\/li\u003E\u003Cli\u003Eles viticulteurs (5 \u20ac)\u0026nbsp;;\u003C\/li\u003E\u003Cli\u003Eles ol\u00e9iculteurs (entre 10 \u20ac et 80 \u20ac).\u003C\/li\u003E\u003C\/ul\u003E\u003Cp\u003E\u003Cstrong\u003E\u003C\/strong\u003E\u003C\/p\u003E3\/\u0026nbsp;Exon\u00e9ration de cotisation en d\u00e9but d\u2019activit\u00e9\u0026nbsp;\u003Cp\u003E\u003Cstrong\u003E\u003C\/strong\u003E\u003C\/p\u003E\u003Ctable border=\u00221\u0022 cellspacing=\u00220\u0022 cellpadding=\u00220\u0022\u003E\u003Ctbody\u003E\u003Ctr\u003E\u003Ctd width=\u0022604\u0022 colspan=\u00223\u0022\u003E\u003Cp align=\u0022center\u0022\u003EEXONERATION JEUNES AGRICULTEURS\u003C\/p\u003E\u003C\/td\u003E\u003C\/tr\u003E\u003Ctr\u003E\u003Ctd width=\u0022201\u0022\u003E\u003Cp align=\u0022center\u0022\u003E\u0026nbsp;\u003C\/p\u003E\u003C\/td\u003E\u003Ctd width=\u0022201\u0022\u003E\u003Cp align=\u0022center\u0022\u003E% d\u2019exon\u00e9ration\u003C\/p\u003E\u003C\/td\u003E\u003Ctd width=\u0022201\u0022\u003E\u003Cp align=\u0022center\u0022\u003EPlafond de l\u2019exon\u00e9ration\u003C\/p\u003E\u003C\/td\u003E\u003C\/tr\u003E\u003Ctr\u003E\u003Ctd width=\u0022201\u0022\u003E\u003Cp align=\u0022center\u0022\u003E1\u00e8re \u0026nbsp;ann\u00e9e\u003C\/p\u003E\u003C\/td\u003E\u003Ctd width=\u0022201\u0022\u003E\u003Cp align=\u0022center\u0022\u003E65 %\u003C\/p\u003E\u003C\/td\u003E\u003Ctd width=\u0022201\u0022\u003E\u003Cp align=\u0022center\u0022\u003E3 669 \u20ac\u003C\/p\u003E\u003C\/td\u003E\u003C\/tr\u003E\u003Ctr\u003E\u003Ctd width=\u0022201\u0022\u003E\u003Cp align=\u0022center\u0022\u003E2eme \u0026nbsp;ann\u00e9e\u003C\/p\u003E\u003C\/td\u003E\u003Ctd width=\u0022201\u0022\u003E\u003Cp align=\u0022center\u0022\u003E55 %\u003C\/p\u003E\u003C\/td\u003E\u003Ctd width=\u0022201\u0022\u003E\u003Cp align=\u0022center\u0022\u003E3 104 \u20ac\u003C\/p\u003E\u003C\/td\u003E\u003C\/tr\u003E\u003Ctr\u003E\u003Ctd width=\u0022201\u0022\u003E\u003Cp align=\u0022center\u0022\u003E3\u00e8me \u0026nbsp;ann\u00e9e\u003C\/p\u003E\u003C\/td\u003E\u003Ctd width=\u0022201\u0022\u003E\u003Cp align=\u0022center\u0022\u003E35 %\u003C\/p\u003E\u003C\/td\u003E\u003Ctd width=\u0022201\u0022\u003E\u003Cp align=\u0022center\u0022\u003E1 976 \u20ac\u003C\/p\u003E\u003C\/td\u003E\u003C\/tr\u003E\u003Ctr\u003E\u003Ctd width=\u0022201\u0022\u003E\u003Cp align=\u0022center\u0022\u003E4\u00e8me \u0026nbsp;ann\u00e9e\u003C\/p\u003E\u003C\/td\u003E\u003Ctd width=\u0022201\u0022\u003E\u003Cp align=\u0022center\u0022\u003E25 %\u003C\/p\u003E\u003C\/td\u003E\u003Ctd width=\u0022201\u0022\u003E\u003Cp align=\u0022center\u0022\u003E1 411 \u20ac\u003C\/p\u003E\u003C\/td\u003E\u003C\/tr\u003E\u003Ctr\u003E\u003Ctd width=\u0022201\u0022\u003E\u003Cp align=\u0022center\u0022\u003E5\u00e8me \u0026nbsp;ann\u00e9e\u003C\/p\u003E\u003C\/td\u003E\u003Ctd width=\u0022201\u0022\u003E\u003Cp\u003E\u0026nbsp; \u0026nbsp; \u0026nbsp; \u0026nbsp; \u0026nbsp;15 %\u003C\/p\u003E\u003C\/td\u003E\u003Ctd width=\u0022201\u0022\u003E\u003Cp align=\u0022center\u0022\u003E847 \u20ac\u003C\/p\u003E\u003C\/td\u003E\u003C\/tr\u003E\u003C\/tbody\u003E\u003C\/table\u003E4\/ D\u00e9duction de rente du sol\u0026nbsp;\u003Cp\u003E\u003Cstrong\u003E\u003C\/strong\u003E\u003C\/p\u003E\u003Ctable border=\u00221\u0022 cellspacing=\u00220\u0022 cellpadding=\u00220\u0022\u003E\u003Ctbody\u003E\u003Ctr\u003E\u003Ctd width=\u0022604\u0022 colspan=\u00222\u0022\u003E\u003Cp align=\u0022center\u0022\u003EDEDUCTION RENTE DU SOL\u003C\/p\u003E\u003C\/td\u003E\u003C\/tr\u003E\u003Ctr\u003E\u003Ctd width=\u0022245\u0022\u003E\u003Cp align=\u0022center\u0022\u003ERCP \u2013 [4% x {BA % (RCP \/ RCT) \u2013 RCP}]\u003C\/p\u003E\u003C\/td\u003E\u003Ctd width=\u0022359\u0022\u003E\u003Cp align=\u0022center\u0022\u003ERCP : Revenu cadastral des terres dont l\u0027exploitant est propri\u00e9taire\u003C\/p\u003E\u003Cp align=\u0022center\u0022\u003ERCT : Revenu cadastral total des terres de l\u0027exploitation\u003C\/p\u003E\u003C\/td\u003E\u003C\/tr\u003E\u003C\/tbody\u003E\u003C\/table\u003E\u003Cp\u003E\u0026nbsp;\u003C\/p\u003E                                            \u003Cp\u003E\u003Cbr \/\u003E\u003Cstrong\u003ESource :\u003C\/strong\u003E\u003Cstrong\u003E\u00a0\u003C\/strong\u003E\u003C\/p\u003E\u003Cul\u003E\u003Cli\u003E\u003Ca href=\u0022https:\/\/www.legifrance.gouv.fr\/jorf\/id\/JORFTEXT000050855139\u0022 target=\u0022_blank\u0022\u003EArr\u00eat\u00e9 du 23 d\u00e9cembre 2024 portant fixation en m\u00e9tropole au titre de l\u0027ann\u00e9e 2025 du montant des cotisations dues au titre du r\u00e9gime de l\u0027assurance contre les accidents du travail et les maladies professionnelles des non-salari\u00e9s agricoles et des personnes mentionn\u00e9es \u00e0 l\u0027article L. 731-23 du code rural et de la p\u00eache maritime et de la part des cotisations affect\u00e9es \u00e0 chaque cat\u00e9gorie de d\u00e9penses de ce r\u00e9gime\u003C\/a\u003E\u003C\/li\u003E\u003Cli\u003E\u003Ca href=\u0022https:\/\/www.msa.fr\/lfp\/exploitant\/calcul-cotisations\u0022 target=\u0022_blank\u0022\u003Ehttps:\/\/www.msa.fr\/lfp\/exploitant\/calcul-cotisations\u003C\/a\u003E\u003C\/li\u003E\u003C\/ul\u003E\u003C\/div\u003E","annee":"2025","theme":" Indices, taux, bar\u00e8mes sociaux","activites":["Agriculture"],"image":"https:\/\/www.weblex.fr\/sites\/default\/files\/chiffres_clef\/Shutterstock_cotisationssociales_2.jpg","created":"2025-07-29","modified":"2025-07-29"},{"url":"\/chiffres-cles\/taxe-sur-le-transport-aerien-de-marchandises-2025","id":26638,"title":"Taxe sur le transport a\u00e9rien de marchandises - 2025","content":"\u003Cdiv\u003E                                              \u003Cp\u003ELe montant de la taxe est \u00e9gal au produit de la masse mensuelle des marchandises, exprim\u00e9e en tonnes, par la somme\u0026nbsp;:\u003C\/p\u003E\u003Cul\u003E\u003Cli\u003Edu tarif de l\u0027aviation civile fix\u00e9 :\u003Cul\u003E\u003Cli\u003Epour la p\u00e9riode du 1er avril 2024 au 31 mars 2025, \u00e0 1,50 \u20ac par tonne ;\u003C\/li\u003E\u003Cli\u003Epour la p\u00e9riode du 1er avril 2025 au 31 mars 2026, \u00e0 1,53 \u20ac par tonne.\u003C\/li\u003E\u003C\/ul\u003E\u003C\/li\u003E\u003Cli\u003Edu tarif de s\u00fbret\u00e9 et de s\u00e9curit\u00e9 \u00e9gal \u00e0 1 \u20ac par tonne et propre aux a\u00e9rodromes et groupements d\u0027a\u00e9rodromes des classes 1 \u00e0 3.\u003C\/li\u003E\u003C\/ul\u003E\u003Cp\u003EPour m\u00e9moire, pour chaque ann\u00e9e civile, les a\u00e9rodromes sont regroup\u00e9s en 4 classes, d\u00e9termin\u00e9es selon leur volume de trafic au titre de cette ann\u00e9e\u0026nbsp;:\u003C\/p\u003E\u003Cdiv align=\u0022center\u0022\u003E\u003Ctable border=\u00221\u0022 cellspacing=\u00220\u0022 cellpadding=\u00220\u0022\u003E\u003Ctbody\u003E\u003Ctr\u003E\u003Ctd\u003E\u003Cp align=\u0022center\u0022\u003E\u003Cbr\u003E\u003Cstrong\u003EClasse\u003C\/strong\u003E\u003C\/p\u003E\u003C\/td\u003E\u003Ctd\u003E\u003Cp align=\u0022center\u0022\u003E\u003Cbr\u003E\u003Cstrong\u003EVolume de trafic\u003C\/strong\u003E\u003Cbr\u003E\u003Cbr\u003E\u003Cstrong\u003E(unit\u00e9s de trafic)\u003C\/strong\u003E\u003C\/p\u003E\u003C\/td\u003E\u003C\/tr\u003E\u003Ctr\u003E\u003Ctd\u003E\u003Cp align=\u0022center\u0022\u003E\u003Cbr\u003E\u003Cstrong\u003E1\u003C\/strong\u003E\u003C\/p\u003E\u003C\/td\u003E\u003Ctd\u003E\u003Cp align=\u0022center\u0022\u003E\u003Cbr\u003E\u003Cstrong\u003EA partir de 20 000 001\u003C\/strong\u003E\u003C\/p\u003E\u003C\/td\u003E\u003C\/tr\u003E\u003Ctr\u003E\u003Ctd\u003E\u003Cp align=\u0022center\u0022\u003E\u003Cbr\u003E\u003Cstrong\u003E2\u003C\/strong\u003E\u003C\/p\u003E\u003C\/td\u003E\u003Ctd\u003E\u003Cp align=\u0022center\u0022\u003E\u003Cbr\u003E\u003Cstrong\u003EDe 5 000 001 \u00e0 20 000 000\u003C\/strong\u003E\u003C\/p\u003E\u003C\/td\u003E\u003C\/tr\u003E\u003Ctr\u003E\u003Ctd\u003E\u003Cp align=\u0022center\u0022\u003E\u003Cbr\u003E\u003Cstrong\u003E3\u003C\/strong\u003E\u003C\/p\u003E\u003C\/td\u003E\u003Ctd\u003E\u003Cp align=\u0022center\u0022\u003E\u003Cbr\u003E\u003Cstrong\u003EDe 5 001 \u00e0 5 000 000\u003C\/strong\u003E\u003C\/p\u003E\u003C\/td\u003E\u003C\/tr\u003E\u003Ctr\u003E\u003Ctd\u003E\u003Cp align=\u0022center\u0022\u003E\u003Cbr\u003E\u003Cstrong\u003E4\u003C\/strong\u003E\u003C\/p\u003E\u003C\/td\u003E\u003Ctd\u003E\u003Cp align=\u0022center\u0022\u003E\u003Cbr\u003E\u003Cstrong\u003EJusqu\u0027\u00e0 5 000 inclus\u003C\/strong\u003E\u003C\/p\u003E\u003C\/td\u003E\u003C\/tr\u003E\u003C\/tbody\u003E\u003C\/table\u003E\u003C\/div\u003E\u003Cp\u003E\u0026nbsp;\u003C\/p\u003E                                            \u003Cp\u003E\u003Cbr \/\u003E\u003Cstrong\u003ESource :\u003C\/strong\u003E\u003Cstrong\u003E\u00a0\u003C\/strong\u003E\u003C\/p\u003E\u003Cul\u003E\u003Cli\u003E\u003Ca href=\u0022https:\/\/www.legifrance.gouv.fr\/codes\/section_lc\/LEGITEXT000044595989\/LEGISCTA000044599551\/?anchor=LEGIARTI000044602659#LEGIARTI000044602659\u0022 target=\u0022_blank\u0022 rel=\u0022noopener\u0022\u003EArticle L422-45 du code des impositions sur les biens et services\u003C\/a\u003E\u003C\/li\u003E\u003Cli\u003E\u003Ca href=\u0022https:\/\/www.legifrance.gouv.fr\/jorf\/id\/JORFTEXT000048678669\u0022 target=\u0022_blank\u0022 rel=\u0022noopener\u0022\u003EArr\u00eat\u00e9 du 22 d\u00e9cembre 2023 modifiant l\u0027arr\u00eat\u00e9 du 13 d\u00e9cembre 2022 constatant divers tarifs et seuils de r\u00e9gimes d\u0027impositions relatifs \u00e0 certaines impositions sur les biens et services\u003C\/a\u003E\u003C\/li\u003E\u003C\/ul\u003E\u003C\/div\u003E","annee":"2025","theme":" Indices, taux, bar\u00e8mes fiscaux","activites":["Transport"],"image":"https:\/\/www.weblex.fr\/sites\/default\/files\/chiffres_clef\/Shutterstock_transportaerienmarchandises.jpg","created":"2025-07-28","modified":"2025-07-28"},{"url":"\/chiffres-cles\/transport-routier-de-marchandises-et-taxe-interieure-de-consommation-sur-le-gazole-0","id":26643,"title":"Transport routier de marchandises et taxe int\u00e9rieure de consommation sur le gazole","content":"\u003Cdiv\u003E                                              \u003Cp\u003ELes personnes soumises au droit commercial au titre de leur activit\u00e9 de transport routier de marchandises, propri\u00e9taires, locataires ou sous-locataires dans le cadre d\u2019un contrat de cr\u00e9dit-bail ou d\u2019un contrat de location de 2 ans ou plus de certains v\u00e9hicules, peuvent obtenir, sur demande et sous conditions, le remboursement d\u2019une fraction de la taxe int\u00e9rieure de consommation sur le gazole.\u003C\/p\u003E\u003Cp\u003ECe remboursement est calcul\u00e9, au choix du demandeur :\u003C\/p\u003E\u003Cul\u003E\u003Cli\u003Esoit en appliquant au volume de gazole utilis\u00e9 comme carburant acquis dans chaque r\u00e9gion et dans la collectivit\u00e9 de Corse, la diff\u00e9rence entre 45,19 \u20ac par hectolitre et le tarif qui y est applicable en application des articles \u003Ca href=\u0022https:\/\/www.legifrance.gouv.fr\/codes\/article_lc\/LEGIARTI000042194095\/2024-03-13\/\u0022 target=\u0022_blank\u0022 rel=\u0022noopener\u0022\u003E265\u003C\/a\u003E,\u003Ca href=\u0022https:\/\/www.legifrance.gouv.fr\/codes\/article_lc\/LEGIARTI000024430290\/2024-03-13\/\u0022 target=\u0022_blank\u0022 rel=\u0022noopener\u0022\u003E265 A bis \u003C\/a\u003Eet \u003Ca href=\u0022https:\/\/www.legifrance.gouv.fr\/codes\/article_lc\/LEGIARTI000042004466\/2024-03-13\/\u0022 target=\u0022_blank\u0022 rel=\u0022noopener\u0022\u003E265 A ter\u003C\/a\u003E du code des douanes ;\u003C\/li\u003E\u003Cli\u003Esoit en appliquant, au total du volume de gazole utilis\u00e9 comme carburant, acquis dans au moins 3 des r\u00e9gions, dont, le cas \u00e9ch\u00e9ant, la collectivit\u00e9 de Corse, un taux moyen de remboursement fix\u00e9 \u00e0 15,71 \u20ac par hectolitre depuis le 1er semestre 2024.\u003C\/li\u003E\u003C\/ul\u003E                                            \u003Cp\u003E\u003Cbr \/\u003E\u003Cstrong\u003ESource :\u003C\/strong\u003E\u003Cstrong\u003E\u00a0\u003C\/strong\u003E\u003C\/p\u003E\u003Cul\u003E\u003Cli\u003E\u003Ca href=\u0022https:\/\/www.legifrance.gouv.fr\/jorf\/id\/JORFTEXT000049053788\u0022 target=\u0022_blank\u0022 rel=\u0022noopener\u0022\u003EArr\u00eat\u00e9 du 26 janvier 2024 fixant les taux moyens pond\u00e9r\u00e9s applicables aux entreprises effectuant du transport routier de marchandises et les exploitants de transport public collectif routier de personnes\u003C\/a\u003E\u003C\/li\u003E\u003Cli\u003E\u003Ca href=\u0022https:\/\/www.legifrance.gouv.fr\/jorf\/id\/JORFTEXT000050124835\u0022 target=\u0022_blank\u0022\u003EArr\u00eat\u00e9 du 24 juillet 2024 fixant les taux moyens pond\u00e9r\u00e9s applicables aux entreprises effectuant du transport routier de marchandises et les exploitants de transport public collectif routier de personnes\u003C\/a\u003E\u003C\/li\u003E\u003C\/ul\u003E\u003C\/div\u003E","annee":"2025","theme":" Indices, taux, bar\u00e8mes fiscaux","activites":["Transport"],"image":"https:\/\/www.weblex.fr\/sites\/default\/files\/chiffres_clef\/Shutterstock_taxeinterieuretransport.jpg","created":"2025-07-28","modified":"2025-07-28"},{"url":"\/chiffres-cles\/accise-sur-les-energies-transport-2025","id":26635,"title":"Accise sur les \u00e9nergies \u2013 Transport \u2013 2025","content":"\u003Cdiv\u003E                                              \u003Cp\u003ELes tarifs r\u00e9duits dans le secteur des transports, exprim\u00e9s en euros par m\u00e9gawattheure, les produits auxquels ils s\u0027appliquent et les articles pr\u00e9voyant leurs conditions d\u0027application sont les suivants :\u003C\/p\u003E\u003Ctable class=\u0022Table\u0022 align=\u0022center\u0022\u003E\u003Ctbody\u003E\u003Ctr\u003E\u003Ctd\u003E\u003Cp align=\u0022center\u0022\u003E\u003Cbr\u003E\u003Cstrong\u003ECONSOMMATIONS\u003C\/strong\u003E\u003C\/p\u003E\u003C\/td\u003E\u003Ctd\u003E\u003Cp align=\u0022center\u0022\u003E\u003Cbr\u003E\u003Cstrong\u003ECAT\u00c9GORIES FISCALES\u003C\/strong\u003E\u003C\/p\u003E\u003C\/td\u003E\u003Ctd\u003E\u003Cp align=\u0022center\u0022\u003E\u003Cbr\u003E\u003Cstrong\u003ETARIF R\u00c9DUIT\u003C\/strong\u003E\u003Cbr\u003E\u003Cstrong\u003E\u00c0 COMPTER DE 2022\u003C\/strong\u003E\u003Cbr\u003E\u003Cstrong\u003E(\u20ac\/MWh)\u003C\/strong\u003E\u003C\/p\u003E\u003C\/td\u003E\u003C\/tr\u003E\u003Ctr\u003E\u003Ctd rowspan=\u00222\u0022\u003E\u003Cp\u003E\u003Cbr\u003E\u003Cstrong\u003ETransport guid\u00e9 de personnes et de marchandises\u003C\/strong\u003E\u003C\/p\u003E\u003C\/td\u003E\u003Ctd\u003E\u003Cp align=\u0022center\u0022\u003E\u003Cbr\u003E\u003Cstrong\u003EGazoles\u003C\/strong\u003E\u003C\/p\u003E\u003C\/td\u003E\u003Ctd\u003E\u003Cp align=\u0022center\u0022\u003E\u003Cbr\u003E\u003Cstrong\u003E18,82\u003C\/strong\u003E\u003C\/p\u003E\u003C\/td\u003E\u003C\/tr\u003E\u003Ctr\u003E\u003Ctd\u003E\u003Cp align=\u0022center\u0022\u003E\u003Cbr\u003E\u003Cstrong\u003E\u00c9lectricit\u00e9\u003C\/strong\u003E\u003C\/p\u003E\u003C\/td\u003E\u003Ctd\u003E\u003Cp align=\u0022center\u0022\u003E\u003Cbr\u003E\u003Cstrong\u003E0,5\u003C\/strong\u003E\u003C\/p\u003E\u003C\/td\u003E\u003C\/tr\u003E\u003Ctr\u003E\u003Ctd rowspan=\u00222\u0022\u003E\u003Cp\u003E\u003Cbr\u003E\u003Cstrong\u003ETransport collectif routier de personnes\u003C\/strong\u003E\u003C\/p\u003E\u003C\/td\u003E\u003Ctd\u003E\u003Cp align=\u0022center\u0022\u003E\u003Cbr\u003E\u003Cstrong\u003EGazoles\u003C\/strong\u003E\u003C\/p\u003E\u003C\/td\u003E\u003Ctd\u003E\u003Cp align=\u0022center\u0022\u003E\u003Cbr\u003E\u003Cstrong\u003E39,19\u003C\/strong\u003E\u003C\/p\u003E\u003C\/td\u003E\u003C\/tr\u003E\u003Ctr\u003E\u003Ctd\u003E\u003Cp align=\u0022center\u0022\u003E\u003Cbr\u003E\u003Cstrong\u003E\u00c9lectricit\u00e9\u003C\/strong\u003E\u003C\/p\u003E\u003C\/td\u003E\u003Ctd\u003E\u003Cp align=\u0022center\u0022\u003E\u003Cbr\u003E\u003Cstrong\u003E0,5\u003C\/strong\u003E\u003C\/p\u003E\u003C\/td\u003E\u003C\/tr\u003E\u003Ctr\u003E\u003Ctd rowspan=\u00222\u0022\u003E\u003Cp\u003E\u003Cbr\u003E\u003Cstrong\u003ETransport de personnes par taxi\u003C\/strong\u003E\u003C\/p\u003E\u003C\/td\u003E\u003Ctd\u003E\u003Cp align=\u0022center\u0022\u003E\u003Cbr\u003E\u003Cstrong\u003EGazoles\u003C\/strong\u003E\u003C\/p\u003E\u003C\/td\u003E\u003Ctd\u003E\u003Cp align=\u0022center\u0022\u003E\u003Cbr\u003E\u003Cstrong\u003E30,02\u003C\/strong\u003E\u003C\/p\u003E\u003C\/td\u003E\u003C\/tr\u003E\u003Ctr\u003E\u003Ctd\u003E\u003Cp align=\u0022center\u0022\u003E\u003Cbr\u003E\u003Cstrong\u003EEssences\u003C\/strong\u003E\u003C\/p\u003E\u003C\/td\u003E\u003Ctd\u003E\u003Cp align=\u0022center\u0022\u003E\u003Cbr\u003E\u003Cstrong\u003E40,388\u003C\/strong\u003E\u003C\/p\u003E\u003C\/td\u003E\u003C\/tr\u003E\u003Ctr\u003E\u003Ctd\u003E\u003Cp\u003E\u003Cbr\u003E\u003Cstrong\u003ETransport routier de marchandises\u003C\/strong\u003E\u003C\/p\u003E\u003C\/td\u003E\u003Ctd\u003E\u003Cp align=\u0022center\u0022\u003E\u003Cbr\u003E\u003Cstrong\u003EGazoles\u003C\/strong\u003E\u003C\/p\u003E\u003C\/td\u003E\u003Ctd\u003E\u003Cp align=\u0022center\u0022\u003E\u003Cbr\u003E\u003Cstrong\u003E45,19\u003C\/strong\u003E\u003C\/p\u003E\u003C\/td\u003E\u003C\/tr\u003E\u003Ctr\u003E\u003Ctd\u003E\u003Cp\u003E\u003Cbr\u003E\u003Cstrong\u003ENavigation int\u00e9rieure \u00e0 des fins commerciales ou pour les besoins des autorit\u00e9s publiques\u003C\/strong\u003E\u003C\/p\u003E\u003C\/td\u003E\u003Ctd\u003E\u003Cp align=\u0022center\u0022\u003E\u003Cbr\u003E\u003Cstrong\u003EToutes sauf \u00e9lectricit\u00e9\u003C\/strong\u003E\u003C\/p\u003E\u003C\/td\u003E\u003Ctd\u003E\u003Cp align=\u0022center\u0022\u003E\u003Cbr\u003E\u003Cstrong\u003E0\u003C\/strong\u003E\u003C\/p\u003E\u003C\/td\u003E\u003C\/tr\u003E\u003Ctr\u003E\u003Ctd\u003E\u003Cp\u003E\u003Cbr\u003E\u003Cstrong\u003ENavigation maritime \u00e0 des fins commerciales ou pour les besoins des autorit\u00e9s publiques\u003C\/strong\u003E\u003C\/p\u003E\u003C\/td\u003E\u003Ctd\u003E\u003Cp align=\u0022center\u0022\u003E\u003Cbr\u003E\u003Cstrong\u003EToutes sauf \u00e9lectricit\u00e9\u003C\/strong\u003E\u003C\/p\u003E\u003C\/td\u003E\u003Ctd\u003E\u003Cp align=\u0022center\u0022\u003E\u003Cbr\u003E\u003Cstrong\u003E0\u003C\/strong\u003E\u003C\/p\u003E\u003C\/td\u003E\u003C\/tr\u003E\u003Ctr\u003E\u003Ctd\u003E\u003Cp\u003E\u003Cbr\u003E\u003Cstrong\u003EAlimentation \u00e0 quai des engins flottants utilis\u00e9s \u00e0 des fins commerciales ou pour les besoins des autorit\u00e9s publiques\u003C\/strong\u003E\u003C\/p\u003E\u003C\/td\u003E\u003Ctd\u003E\u003Cp align=\u0022center\u0022\u003E\u003Cbr\u003E\u003Cstrong\u003E\u00c9lectricit\u00e9\u003C\/strong\u003E\u003C\/p\u003E\u003C\/td\u003E\u003Ctd\u003E\u003Cp align=\u0022center\u0022\u003E\u003Cbr\u003E\u003Cstrong\u003E0,5\u003C\/strong\u003E\u003C\/p\u003E\u003C\/td\u003E\u003C\/tr\u003E\u003Ctr\u003E\u003Ctd\u003E\u003Cp\u003E\u003Cbr\u003E\u003Cstrong\u003EProduction \u00e0 bord des navires et bateaux\u003C\/strong\u003E\u003C\/p\u003E\u003C\/td\u003E\u003Ctd\u003E\u003Cp align=\u0022center\u0022\u003E\u003Cbr\u003E\u003Cstrong\u003E\u00c9lectricit\u00e9\u003C\/strong\u003E\u003C\/p\u003E\u003C\/td\u003E\u003Ctd\u003E\u003Cp align=\u0022center\u0022\u003E\u003Cbr\u003E\u003Cstrong\u003E0\u003C\/strong\u003E\u003C\/p\u003E\u003C\/td\u003E\u003C\/tr\u003E\u003Ctr\u003E\u003Ctd\u003E\u003Cp\u003E\u003Cstrong\u003EManutention portuaire\u003C\/strong\u003E\u003C\/p\u003E\u003C\/td\u003E\u003Ctd\u003E\u003Cp align=\u0022center\u0022\u003E\u003Cstrong\u003EGazoles\u003C\/strong\u003E\u003C\/p\u003E\u003C\/td\u003E\u003Ctd\u003E\u003Cp align=\u0022center\u0022\u003E\u003Cstrong\u003E3,86\u003C\/strong\u003E\u003C\/p\u003E\u003C\/td\u003E\u003C\/tr\u003E\u003Ctr\u003E\u003Ctd\u003E\u003Cp\u003E\u003Cstrong\u003EManutention portuaire\u003C\/strong\u003E\u003C\/p\u003E\u003C\/td\u003E\u003Ctd\u003E\u003Cp align=\u0022center\u0022\u003E\u003Cstrong\u003E\u00c9lectricit\u00e9\u003C\/strong\u003E\u003C\/p\u003E\u003C\/td\u003E\u003Ctd\u003E\u003Cp align=\u0022center\u0022\u003E\u003Cstrong\u003E0,5\u003C\/strong\u003E\u003C\/p\u003E\u003C\/td\u003E\u003C\/tr\u003E\u003Ctr\u003E\u003Ctd\u003E\u003Cp\u003E\u003Cbr\u003E\u003Cstrong\u003ENavigation a\u00e9rienne pour les besoins des prestations de services et ceux des autorit\u00e9s publiques\u003C\/strong\u003E\u003C\/p\u003E\u003C\/td\u003E\u003Ctd\u003E\u003Cp align=\u0022center\u0022\u003E\u003Cbr\u003E\u003Cstrong\u003EToutes sauf \u00e9lectricit\u00e9\u003C\/strong\u003E\u003C\/p\u003E\u003C\/td\u003E\u003Ctd\u003E\u003Cp align=\u0022center\u0022\u003E\u003Cbr\u003E\u003Cstrong\u003E0\u003C\/strong\u003E\u003C\/p\u003E\u003C\/td\u003E\u003C\/tr\u003E\u003Ctr\u003E\u003Ctd\u003E\u003Cp\u003E\u003Cbr\u003E\u003Cstrong\u003EExploitation des a\u00e9rodromes ouverts \u00e0 la circulation a\u00e9rienne publique\u003C\/strong\u003E\u003C\/p\u003E\u003C\/td\u003E\u003Ctd\u003E\u003Cp align=\u0022center\u0022\u003E\u003Cbr\u003E\u003Cstrong\u003E\u00c9lectricit\u00e9\u003C\/strong\u003E\u003C\/p\u003E\u003C\/td\u003E\u003Ctd\u003E\u003Cp align=\u0022center\u0022\u003E\u003Cbr\u003E\u003Cstrong\u003E7,5\u003C\/strong\u003E\u003C\/p\u003E\u003C\/td\u003E\u003C\/tr\u003E\u003C\/tbody\u003E\u003C\/table\u003E                                            \u003Cp\u003E\u003Cbr \/\u003E\u003Cstrong\u003ESource :\u003C\/strong\u003E\u003Cstrong\u003E\u00a0\u003C\/strong\u003E\u003C\/p\u003E\u003Cul\u003E\u003Cli\u003E\u003Ca href=\u0022https:\/\/www.legifrance.gouv.fr\/codes\/section_lc\/LEGITEXT000044595989\/LEGISCTA000044598471\/#LEGISCTA000044603749\u0022 target=\u0022_blank\u0022 rel=\u0022noopener\u0022\u003EArticle L312-48 du Code des impositions sur les biens et services\u003C\/a\u003E\u003C\/li\u003E\u003C\/ul\u003E\u003C\/div\u003E","annee":"2025","theme":" Indices, taux, bar\u00e8mes fiscaux","activites":["Transport"],"image":"https:\/\/www.weblex.fr\/sites\/default\/files\/chiffres_clef\/Shutterstock_acciseenergietransport.jpg","created":"2025-07-28","modified":"2026-03-31"},{"url":"\/chiffres-cles\/taxe-sur-les-passagers-maritimes-embarques-a-destination-d-espaces-naturels-proteges-2025","id":26639,"title":"Taxe sur les passagers maritimes embarqu\u00e9s \u00e0 destination d\u2019espaces naturels prot\u00e9g\u00e9s - 2025","content":"\u003Cdiv\u003E                                              \u003Cp\u003ELe tarif de la taxe sur les passagers maritimes embarqu\u00e9s \u00e0 destination d\u2019espaces naturels prot\u00e9g\u00e9s est fix\u00e9, dans la limite de 1,92 \u20ac par passager, \u00e0 6,542 % du prix HT du titre de transport aller, apr\u00e8s application des r\u00e9ductions \u00e9ventuellement accord\u00e9es par le transporteur.\u003C\/p\u003E\u003Cp\u003ELorsque des passagers sont embarqu\u00e9s, dans la m\u00eame journ\u00e9e, \u00e0 destination de plusieurs espaces naturels prot\u00e9g\u00e9s ou ports les desservant, le tarif de la taxe est r\u00e9duit de 50 % au titre du trajet effectu\u00e9 \u00e0 partir du 1er de ces espaces ou ports.\u003C\/p\u003E\u003Cp\u003ELes entreprises de transport maritime d\u00e9clarent et acquittent la taxe sur les passagers maritimes, respectivement aupr\u00e8s du bureau de douanes et du poste comptable mentionn\u00e9s ci-dessous :\u003C\/p\u003E\u003Ctable class=\u0022Table\u0022\u003E\u003Ctbody\u003E\u003Ctr\u003E\u003Ctd\u003E\u003Cp align=\u0022center\u0022\u003E\u003Cbr\u003E\u003Cstrong\u003EESPACE NATUREL PROT\u00c9G\u00c9\u003C\/strong\u003E\u003C\/p\u003E\u003C\/td\u003E\u003Ctd\u003E\u003Cp align=\u0022center\u0022\u003E\u003Cbr\u003E\u003Cstrong\u003EBUREAU DES DOUANES\u003C\/strong\u003E\u003Cbr\u003E\u003Cstrong\u003E(d\u00e9claration)\u003C\/strong\u003E\u003C\/p\u003E\u003C\/td\u003E\u003Ctd\u003E\u003Cp align=\u0022center\u0022\u003E\u003Cbr\u003E\u003Cstrong\u003EPOSTE COMPTABLE\u003C\/strong\u003E\u003Cbr\u003E\u003Cstrong\u003E(paiement)\u003C\/strong\u003E\u003C\/p\u003E\u003C\/td\u003E\u003C\/tr\u003E\u003Ctr\u003E\u003Ctd colspan=\u00223\u0022\u003E\u003Cp align=\u0022center\u0022\u003E\u003Cbr\u003E\u003Cstrong\u003E1. Parcs nationaux\u003C\/strong\u003E\u003C\/p\u003E\u003C\/td\u003E\u003C\/tr\u003E\u003Ctr\u003E\u003Ctd\u003E\u003Cp\u003E\u003Cbr\u003E\u003Cstrong\u003EParc national de la Guadeloupe : \u00celet pigeon, \u00eelets du Grand Cul de Sac marin, mangroves du Grand Cul de Sac marin class\u00e9s en coeur de parc national ainsi que l\u0027aire maritime adjacente (Guadeloupe)\u003C\/strong\u003E\u003C\/p\u003E\u003C\/td\u003E\u003Ctd\u003E\u003Cp align=\u0022center\u0022\u003E\u003Cbr\u003E\u003Cstrong\u003EBureau de Pointe-\u00e0-Pitre port\u003C\/strong\u003E\u003Cbr\u003E\u003Cstrong\u003EImmeuble Lysa\u003C\/strong\u003E\u003Cbr\u003E\u003Cstrong\u003EImpasse Andr\u00e9 Amp\u00e8re\u003C\/strong\u003E\u003Cbr\u003E\u003Cstrong\u003E97196 Jarry\u003C\/strong\u003E\u003C\/p\u003E\u003C\/td\u003E\u003Ctd\u003E\u003Cp align=\u0022center\u0022\u003E\u003Cbr\u003E\u003Cstrong\u003EGuadeloupe RR Immeuble Bougainvilliers\u003C\/strong\u003E\u003Cbr\u003E\u003Cstrong\u003E32 Cit\u00e9 Guillard\u003C\/strong\u003E\u003Cbr\u003E\u003Cstrong\u003E97100 Basse-Terre\u003C\/strong\u003E\u003C\/p\u003E\u003C\/td\u003E\u003C\/tr\u003E\u003Ctr\u003E\u003Ctd\u003E\u003Cp\u003E\u003Cbr\u003E\u003Cstrong\u003EParc national des Calanques\u003C\/strong\u003E\u003Cbr\u003E\u003Cstrong\u003E(Bouches-du-Rh\u00f4ne)\u003C\/strong\u003E\u003C\/p\u003E\u003C\/td\u003E\u003Ctd\u003E\u003Cp align=\u0022center\u0022\u003E\u003Cbr\u003E\u003Cstrong\u003EBureau de Toulon-la-Seyne\u003C\/strong\u003E\u003Cbr\u003E\u003Cstrong\u003EPort marchand\u003C\/strong\u003E\u003Cbr\u003E\u003Cstrong\u003E83070 Toulon\u003C\/strong\u003E\u003C\/p\u003E\u003C\/td\u003E\u003Ctd\u003E\u003Cp align=\u0022center\u0022\u003E\u003Cbr\u003E\u003Cstrong\u003EMarseille RI\u003C\/strong\u003E\u003Cbr\u003E\u003Cstrong\u003E48, avenue Robert Schuman\u003C\/strong\u003E\u003Cbr\u003E\u003Cstrong\u003E13224 Marseille Cedex 2\u003C\/strong\u003E\u003C\/p\u003E\u003C\/td\u003E\u003C\/tr\u003E\u003Ctr\u003E\u003Ctd colspan=\u00223\u0022\u003E\u003Cp align=\u0022center\u0022\u003E\u003Cbr\u003E\u003Cstrong\u003E2. R\u00e9serves naturelles\u003C\/strong\u003E\u003C\/p\u003E\u003C\/td\u003E\u003C\/tr\u003E\u003Ctr\u003E\u003Ctd\u003E\u003Cp\u003E\u003Cbr\u003E\u003Cstrong\u003ER\u00e9serve naturelle nationale du Banc d\u0027Arguin (Gironde)\u003C\/strong\u003E\u003C\/p\u003E\u003C\/td\u003E\u003Ctd\u003E\u003Cp align=\u0022center\u0022\u003E\u003Cbr\u003E\u003Cstrong\u003EBureau de Bordeaux-Port de Bassens\u003C\/strong\u003E\u003Cbr\u003E\u003Cstrong\u003E5, rue Franklin-Bassens\u003C\/strong\u003E\u003Cbr\u003E\u003Cstrong\u003ECedex\/ BP 20078\u003C\/strong\u003E\u003Cbr\u003E\u003Cstrong\u003E33563 Carbon Blanc\u003C\/strong\u003E\u003C\/p\u003E\u003C\/td\u003E\u003Ctd\u003E\u003Cp align=\u0022center\u0022\u003E\u003Cbr\u003E\u003Cstrong\u003EBordeaux RI\u003C\/strong\u003E\u003Cbr\u003E\u003Cstrong\u003E66 Rue Lafaurie De Monbadon\u003C\/strong\u003E\u003Cbr\u003E\u003Cstrong\u003ECS 21895\u003C\/strong\u003E\u003Cbr\u003E\u003Cstrong\u003E33081 Bordeaux Cedex\u003C\/strong\u003E\u003C\/p\u003E\u003C\/td\u003E\u003C\/tr\u003E\u003Ctr\u003E\u003Ctd\u003E\u003Cp\u003E\u003Cbr\u003E\u003Cstrong\u003ER\u00e9serve naturelle nationale des Bouches de Bonifacio (Corse-du-Sud)\u003C\/strong\u003E\u003C\/p\u003E\u003C\/td\u003E\u003Ctd\u003E\u003Cp align=\u0022center\u0022\u003E\u003Cbr\u003E\u003Cstrong\u003EBureau d\u0027Ajaccio\u003C\/strong\u003E\u003Cbr\u003E\u003Cstrong\u003EBd Sampiero\u003C\/strong\u003E\u003Cbr\u003E\u003Cstrong\u003EBP 99\u003C\/strong\u003E\u003Cbr\u003E\u003Cstrong\u003E20177 Ajaccio Cedex\u003C\/strong\u003E\u003C\/p\u003E\u003C\/td\u003E\u003Ctd\u003E\u003Cp align=\u0022center\u0022\u003E\u003Cbr\u003E\u003Cstrong\u003EMarseille RI\u003C\/strong\u003E\u003Cbr\u003E\u003Cstrong\u003E48, avenue Robert Schuman\u003C\/strong\u003E\u003Cbr\u003E\u003Cstrong\u003E13224 Marseille Cedex 2\u003C\/strong\u003E\u003C\/p\u003E\u003C\/td\u003E\u003C\/tr\u003E\u003Ctr\u003E\u003Ctd\u003E\u003Cp\u003E\u003Cbr\u003E\u003Cstrong\u003ER\u00e9serve naturelle nationale de Saint-Martin (Guadeloupe)\u003C\/strong\u003E\u003C\/p\u003E\u003C\/td\u003E\u003Ctd\u003E\u003Cp align=\u0022center\u0022\u003E\u003Cbr\u003E\u003Cstrong\u003EBureau de Pointe-\u00e0-Pitre port\u003C\/strong\u003E\u003Cbr\u003E\u003Cstrong\u003EImmeuble Lysa\u003C\/strong\u003E\u003Cbr\u003E\u003Cstrong\u003EImpasse Andr\u00e9 Amp\u00e8re\u003C\/strong\u003E\u003Cbr\u003E\u003Cstrong\u003E97196 Jarry\u003C\/strong\u003E\u003C\/p\u003E\u003C\/td\u003E\u003Ctd\u003E\u003Cp align=\u0022center\u0022\u003E\u003Cbr\u003E\u003Cstrong\u003EGuadeloupe RR\u003C\/strong\u003E\u003Cbr\u003E\u003Cstrong\u003EImmeuble Bougainvilliers\u003C\/strong\u003E\u003Cbr\u003E\u003Cstrong\u003E32 Cit\u00e9 Guillard\u003C\/strong\u003E\u003Cbr\u003E\u003Cstrong\u003E97100 Basse-Terre\u003C\/strong\u003E\u003C\/p\u003E\u003C\/td\u003E\u003C\/tr\u003E\u003Ctr\u003E\u003Ctd\u003E\u003Cp\u003E\u003Cbr\u003E\u003Cstrong\u003ER\u00e9serve naturelle nationale de la D\u00e9sirade et le port de la d\u00e9sirade (Guadeloupe)\u003C\/strong\u003E\u003C\/p\u003E\u003C\/td\u003E\u003Ctd\u003E\u003Cp align=\u0022center\u0022\u003E\u003Cbr\u003E\u003Cstrong\u003EBureau de Pointe-\u00e0-Pitre port\u003C\/strong\u003E\u003Cbr\u003E\u003Cstrong\u003EImmeuble Lysa\u003C\/strong\u003E\u003Cbr\u003E\u003Cstrong\u003EImpasse Andr\u00e9 Amp\u00e8re\u003C\/strong\u003E\u003Cbr\u003E\u003Cstrong\u003E97196 Jarry\u003C\/strong\u003E\u003C\/p\u003E\u003C\/td\u003E\u003Ctd\u003E\u003Cp align=\u0022center\u0022\u003E\u003Cbr\u003E\u003Cstrong\u003EGuadeloupe RR\u003C\/strong\u003E\u003Cbr\u003E\u003Cstrong\u003EImmeuble Bougainvilliers\u003C\/strong\u003E\u003Cbr\u003E\u003Cstrong\u003E32 Cit\u00e9 Guillard\u003C\/strong\u003E\u003Cbr\u003E\u003Cstrong\u003E97100 Basse-Terre\u003C\/strong\u003E\u003C\/p\u003E\u003C\/td\u003E\u003C\/tr\u003E\u003Ctr\u003E\u003Ctd\u003E\u003Cp\u003E\u003Cbr\u003E\u003Cstrong\u003ER\u00e9serve naturelle nationale de l\u0027\u00eele du Grand-Conn\u00e9table (Guyane)\u003C\/strong\u003E\u003C\/p\u003E\u003C\/td\u003E\u003Ctd\u003E\u003Cp align=\u0022center\u0022\u003E\u003Cbr\u003E\u003Cstrong\u003EBureau de Degrad-des-Cannes\u003C\/strong\u003E\u003Cbr\u003E\u003Cstrong\u003E12D, rue des Quais\u003C\/strong\u003E\u003Cbr\u003E\u003Cstrong\u003EBP 5026\u003C\/strong\u003E\u003Cbr\u003E\u003Cstrong\u003E97354 R\u00e9mire-Montjoly Cedex\u003C\/strong\u003E\u003C\/p\u003E\u003C\/td\u003E\u003Ctd\u003E\u003Cp align=\u0022center\u0022\u003E\u003Cbr\u003E\u003Cstrong\u003EGuyane RR\u003C\/strong\u003E\u003Cbr\u003E\u003Cstrong\u003E24, rue Lallouette\u003C\/strong\u003E\u003Cbr\u003E\u003Cstrong\u003E97305 Cayenne\u003C\/strong\u003E\u003C\/p\u003E\u003C\/td\u003E\u003C\/tr\u003E\u003Ctr\u003E\u003Ctd\u003E\u003Cp\u003E\u003Cbr\u003E\u003Cstrong\u003ER\u00e9serve naturelle nationale marine de Cerb\u00e8re-Banyuls (Pyr\u00e9n\u00e9es Orientales)\u003C\/strong\u003E\u003C\/p\u003E\u003C\/td\u003E\u003Ctd\u003E\u003Cp align=\u0022center\u0022\u003E\u003Cbr\u003E\u003Cstrong\u003EBureau de Perpignan\u003C\/strong\u003E\u003Cbr\u003E\u003Cstrong\u003EImmeuble Le Carr\u00e9\u003C\/strong\u003E\u003Cbr\u003E\u003Cstrong\u003E3, avenue de Rome BP 5156\u003C\/strong\u003E\u003Cbr\u003E\u003Cstrong\u003E66031 Perpignan Cedex\u003C\/strong\u003E\u003C\/p\u003E\u003C\/td\u003E\u003Ctd\u003E\u003Cp align=\u0022center\u0022\u003E\u003Cbr\u003E\u003Cstrong\u003EMontpellier RI\u003C\/strong\u003E\u003Cbr\u003E\u003Cstrong\u003E1107 Avenue De Toulouse CS 70743\u003C\/strong\u003E\u003Cbr\u003E\u003Cstrong\u003ECedex 02\u003C\/strong\u003E\u003Cbr\u003E\u003Cstrong\u003E34967 Montpellier\u003C\/strong\u003E\u003C\/p\u003E\u003C\/td\u003E\u003C\/tr\u003E\u003Ctr\u003E\u003Ctd\u003E\u003Cp\u003E\u003Cbr\u003E\u003Cstrong\u003ER\u00e9serve naturelle nationale marine de la R\u00e9union (La R\u00e9union)\u003C\/strong\u003E\u003C\/p\u003E\u003C\/td\u003E\u003Ctd\u003E\u003Cp align=\u0022center\u0022\u003E\u003Cbr\u003E\u003Cstrong\u003EBureau de Saint Pierre\u003C\/strong\u003E\u003Cbr\u003E\u003Cstrong\u003E61, route de l\u0027Entre-Deux\u003C\/strong\u003E\u003Cbr\u003E\u003Cstrong\u003EBP 70460\u003C\/strong\u003E\u003Cbr\u003E\u003Cstrong\u003E97449 Saint Pierre\u003C\/strong\u003E\u003C\/p\u003E\u003C\/td\u003E\u003Ctd\u003E\u003Cp align=\u0022center\u0022\u003E\u003Cbr\u003E\u003Cstrong\u003ER\u00e9union RR\u003C\/strong\u003E\u003Cbr\u003E\u003Cstrong\u003E7 Avenue de la Victoire\u003C\/strong\u003E\u003Cbr\u003E\u003Cstrong\u003EBP 02041 Cedex\u003C\/strong\u003E\u003Cbr\u003E\u003Cstrong\u003E97488 Saint Denis\u003C\/strong\u003E\u003C\/p\u003E\u003C\/td\u003E\u003C\/tr\u003E\u003Ctr\u003E\u003Ctd colspan=\u00223\u0022\u003E\u003Cp align=\u0022center\u0022\u003E\u003Cbr\u003E\u003Cstrong\u003E3.1. Sites naturels class\u00e9s\u003C\/strong\u003E\u003C\/p\u003E\u003C\/td\u003E\u003C\/tr\u003E\u003Ctr\u003E\u003Ctd\u003E\u003Cp\u003E\u003Cbr\u003E\u003Cstrong\u003ESites class\u00e9s de l\u0027\u00eele de Br\u00e9hat et port de Br\u00e9hat (C\u00f4tes-d\u0027Armor)\u003C\/strong\u003E\u003C\/p\u003E\u003C\/td\u003E\u003Ctd\u003E\u003Cp align=\u0022center\u0022\u003E\u003Cbr\u003E\u003Cstrong\u003EBureau de Saint-Brieuc\u003C\/strong\u003E\u003Cbr\u003E\u003Cstrong\u003E3, impasse des Longs-R\u00e9ages 22193 Pl\u00e9rin\u003C\/strong\u003E\u003C\/p\u003E\u003C\/td\u003E\u003Ctd\u003E\u003Cp align=\u0022center\u0022\u003E\u003Cbr\u003E\u003Cstrong\u003ENantes RI\u003C\/strong\u003E\u003Cbr\u003E\u003Cstrong\u003E105, rue des fran\u00e7ais libres\u003C\/strong\u003E\u003Cbr\u003E\u003Cstrong\u003ECS 46312\u003C\/strong\u003E\u003Cbr\u003E\u003Cstrong\u003E44263 Nantes\u003C\/strong\u003E\u003C\/p\u003E\u003C\/td\u003E\u003C\/tr\u003E\u003Ctr\u003E\u003Ctd\u003E\u003Cp\u003E\u003Cbr\u003E\u003Cstrong\u003ESites class\u00e9s de l\u0027\u00eele de Sein et port de l\u0027\u00eele de Sein (Finist\u00e8re)\u003C\/strong\u003E\u003C\/p\u003E\u003C\/td\u003E\u003Ctd\u003E\u003Cp align=\u0022center\u0022\u003E\u003Cbr\u003E\u003Cstrong\u003EBureau de Brest\u003C\/strong\u003E\u003Cbr\u003E\u003Cstrong\u003E14, quai de la Douane\u003C\/strong\u003E\u003Cbr\u003E\u003Cstrong\u003E29229 Brest\u003C\/strong\u003E\u003C\/p\u003E\u003C\/td\u003E\u003Ctd\u003E\u003Cp align=\u0022center\u0022\u003E\u003Cbr\u003E\u003Cstrong\u003ENantes RI\u003C\/strong\u003E\u003Cbr\u003E\u003Cstrong\u003E105, rue des fran\u00e7ais libres\u003C\/strong\u003E\u003Cbr\u003E\u003Cstrong\u003ECS 46312\u003C\/strong\u003E\u003Cbr\u003E\u003Cstrong\u003E44263 Nantes\u003C\/strong\u003E\u003C\/p\u003E\u003C\/td\u003E\u003C\/tr\u003E\u003Ctr\u003E\u003Ctd\u003E\u003Cp\u003E\u003Cbr\u003E\u003Cstrong\u003ESites class\u00e9s de l\u0027\u00eele d\u0027Yeu (c\u00f4te sauvage et bois de la Citadelle) (Vend\u00e9e)\u003C\/strong\u003E\u003C\/p\u003E\u003C\/td\u003E\u003Ctd\u003E\u003Cp align=\u0022center\u0022\u003E\u003Cbr\u003E\u003Cstrong\u003EBureau de la Roche-sur-Yon\u003C\/strong\u003E\u003Cbr\u003E\u003Cstrong\u003EZA Bell, 43, rue Charles Bourseul\u003C\/strong\u003E\u003Cbr\u003E\u003Cstrong\u003EBP 333 85008 La Roche-sur-Yon Cedex\u003C\/strong\u003E\u003C\/p\u003E\u003C\/td\u003E\u003Ctd\u003E\u003Cp align=\u0022center\u0022\u003E\u003Cbr\u003E\u003Cstrong\u003ENantes RI\u003C\/strong\u003E\u003Cbr\u003E\u003Cstrong\u003E105, rue des fran\u00e7ais libres\u003C\/strong\u003E\u003Cbr\u003E\u003Cstrong\u003ECS 46312\u003C\/strong\u003E\u003Cbr\u003E\u003Cstrong\u003E44263 Nantes\u003C\/strong\u003E\u003C\/p\u003E\u003C\/td\u003E\u003C\/tr\u003E\u003Ctr\u003E\u003Ctd\u003E\u003Cp\u003E\u003Cbr\u003E\u003Cstrong\u003ESites class\u00e9s des \u00eeles de L\u00e9rins :\u003C\/strong\u003E\u003Cbr\u003E\u003Cstrong\u003E\u00eeles Sainte-Marguerite et Saint-Honorat\u003C\/strong\u003E\u003Cbr\u003E\u003Cstrong\u003E(Alpes-Maritimes)\u003C\/strong\u003E\u003C\/p\u003E\u003C\/td\u003E\u003Ctd\u003E\u003Cp align=\u0022center\u0022\u003E\u003Cbr\u003E\u003Cstrong\u003EBureau de Cannes\u003C\/strong\u003E\u003Cbr\u003E\u003Cstrong\u003EJet\u00e9e Albert Edouard\u003C\/strong\u003E\u003Cbr\u003E\u003Cstrong\u003ECS 80047\u003C\/strong\u003E\u003Cbr\u003E\u003Cstrong\u003E06414 Cannes Cedex\u003C\/strong\u003E\u003C\/p\u003E\u003C\/td\u003E\u003Ctd\u003E\u003Cp align=\u0022center\u0022\u003E\u003Cbr\u003E\u003Cstrong\u003EMarseille RI\u003C\/strong\u003E\u003Cbr\u003E\u003Cstrong\u003E48, avenue Robert Schuman\u003C\/strong\u003E\u003Cbr\u003E\u003Cstrong\u003E13224 Marseille Cedex 2\u003C\/strong\u003E\u003C\/p\u003E\u003C\/td\u003E\u003C\/tr\u003E\u003Ctr\u003E\u003Ctd\u003E\u003Cp\u003E\u003Cbr\u003E\u003Cstrong\u003ESites class\u00e9s des \u00eeles Sanguinaires (Corse-du-Sud)\u003C\/strong\u003E\u003C\/p\u003E\u003C\/td\u003E\u003Ctd\u003E\u003Cp align=\u0022center\u0022\u003E\u003Cbr\u003E\u003Cstrong\u003EBureau d\u0027Ajaccio\u003C\/strong\u003E\u003Cbr\u003E\u003Cstrong\u003EBd Sampiero\u003C\/strong\u003E\u003Cbr\u003E\u003Cstrong\u003EBP 99\u003C\/strong\u003E\u003Cbr\u003E\u003Cstrong\u003E20177 Ajaccio Cedex\u003C\/strong\u003E\u003C\/p\u003E\u003C\/td\u003E\u003Ctd\u003E\u003Cp align=\u0022center\u0022\u003E\u003Cbr\u003E\u003Cstrong\u003EMarseille RI\u003C\/strong\u003E\u003Cbr\u003E\u003Cstrong\u003E48, avenue Robert Schuman\u003C\/strong\u003E\u003Cbr\u003E\u003Cstrong\u003E13224 Marseille Cedex 2\u003C\/strong\u003E\u003C\/p\u003E\u003C\/td\u003E\u003C\/tr\u003E\u003Ctr\u003E\u003Ctd\u003E\u003Cp\u003E\u003Cbr\u003E\u003Cstrong\u003ESites class\u00e9s du Pain de sucre et de la baie de Pompierre \u00e0 Terre-de-Haut et port de Terre-de-Haut (archipel des Saintes \u00e0 la Guadeloupe)\u003C\/strong\u003E\u003C\/p\u003E\u003C\/td\u003E\u003Ctd\u003E\u003Cp align=\u0022center\u0022\u003E\u003Cbr\u003E\u003Cstrong\u003EBureau de Pointe-\u00e0-Pitre port\u003C\/strong\u003E\u003Cbr\u003E\u003Cstrong\u003EImmeuble Lysa\u003C\/strong\u003E\u003Cbr\u003E\u003Cstrong\u003EImpasse Andr\u00e9 Amp\u00e8re\u003C\/strong\u003E\u003Cbr\u003E\u003Cstrong\u003E97196 Jarry\u003C\/strong\u003E\u003C\/p\u003E\u003C\/td\u003E\u003Ctd\u003E\u003Cp align=\u0022center\u0022\u003E\u003Cbr\u003E\u003Cstrong\u003EGuadeloupe RR\u003C\/strong\u003E\u003Cbr\u003E\u003Cstrong\u003EImmeuble Bougainvilliers\u003C\/strong\u003E\u003Cbr\u003E\u003Cstrong\u003E32 Cit\u00e9 Guillard\u003C\/strong\u003E\u003Cbr\u003E\u003Cstrong\u003E97100 Basse-Terre\u003C\/strong\u003E\u003C\/p\u003E\u003C\/td\u003E\u003C\/tr\u003E\u003Ctr\u003E\u003Ctd\u003E\u003Cp\u003E\u003Cbr\u003E\u003Cstrong\u003ESites class\u00e9s des falaises nord-est de Marie-Galante et les ports de Marie-Galante (Guadeloupe)\u003C\/strong\u003E\u003C\/p\u003E\u003C\/td\u003E\u003Ctd\u003E\u003Cp align=\u0022center\u0022\u003E\u003Cbr\u003E\u003Cstrong\u003EBureau de Pointe-\u00e0-Pitre port\u003C\/strong\u003E\u003Cbr\u003E\u003Cstrong\u003EImmeuble Lysa\u003C\/strong\u003E\u003Cbr\u003E\u003Cstrong\u003EImpasse Andr\u00e9 Amp\u00e8re\u003C\/strong\u003E\u003Cbr\u003E\u003Cstrong\u003E97196 Jarry\u003C\/strong\u003E\u003C\/p\u003E\u003C\/td\u003E\u003Ctd\u003E\u003Cp align=\u0022center\u0022\u003E\u003Cbr\u003E\u003Cstrong\u003EGuadeloupe RR\u003C\/strong\u003E\u003Cbr\u003E\u003Cstrong\u003EImmeuble Bougainvilliers\u003C\/strong\u003E\u003Cbr\u003E\u003Cstrong\u003E32 Cit\u00e9 Guillard\u003C\/strong\u003E\u003Cbr\u003E\u003Cstrong\u003E97100 Basse-Terre\u003C\/strong\u003E\u003C\/p\u003E\u003C\/td\u003E\u003C\/tr\u003E\u003Ctr\u003E\u003Ctd\u003E\u003Cp\u003E\u003Cbr\u003E\u003Cstrong\u003ESites class\u00e9s du Cap Oullestrell situ\u00e9s sur les communes de Banyuls-sur-mer et Port Vendres ainsi que le domaine public correspondant maritime\u003C\/strong\u003E\u003Cbr\u003E\u003Cstrong\u003E(Pyr\u00e9n\u00e9es Orientales)\u003C\/strong\u003E\u003C\/p\u003E\u003C\/td\u003E\u003Ctd\u003E\u003Cp align=\u0022center\u0022\u003E\u003Cbr\u003E\u003Cstrong\u003EBureau de Perpignan\u003C\/strong\u003E\u003Cbr\u003E\u003Cstrong\u003EImmeuble Le Carr\u00e9\u003C\/strong\u003E\u003Cbr\u003E\u003Cstrong\u003E3, avenue de Rome BP 5156\u003C\/strong\u003E\u003Cbr\u003E\u003Cstrong\u003E66031 Perpignan Cedex\u003C\/strong\u003E\u003C\/p\u003E\u003C\/td\u003E\u003Ctd\u003E\u003Cp align=\u0022center\u0022\u003E\u003Cbr\u003E\u003Cstrong\u003EMontpellier RI\u003C\/strong\u003E\u003Cbr\u003E\u003Cstrong\u003E1107 Avenue De Toulouse CS 70743\u003C\/strong\u003E\u003Cbr\u003E\u003Cstrong\u003ECedex 02\u003C\/strong\u003E\u003Cbr\u003E\u003Cstrong\u003E34967 Montpellier\u003C\/strong\u003E\u003C\/p\u003E\u003C\/td\u003E\u003C\/tr\u003E\u003Ctr\u003E\u003Ctd\u003E\u003Cp\u003E\u003Cbr\u003E\u003Cstrong\u003ESites class\u00e9s du Cap de l\u0027Abeille (Pyr\u00e9n\u00e9es Orientales)\u003C\/strong\u003E\u003C\/p\u003E\u003C\/td\u003E\u003Ctd\u003E\u003Cp align=\u0022center\u0022\u003E\u003Cbr\u003E\u003Cstrong\u003EBureau de Perpignan\u003C\/strong\u003E\u003Cbr\u003E\u003Cstrong\u003EImmeuble Le Carr\u00e9\u003C\/strong\u003E\u003Cbr\u003E\u003Cstrong\u003E3, avenue de Rome BP 5156\u003C\/strong\u003E\u003Cbr\u003E\u003Cstrong\u003E66031 Perpignan Cedex\u003C\/strong\u003E\u003C\/p\u003E\u003C\/td\u003E\u003Ctd\u003E\u003Cp align=\u0022center\u0022\u003E\u003Cbr\u003E\u003Cstrong\u003EMontpellier RI\u003C\/strong\u003E\u003Cbr\u003E\u003Cstrong\u003E1107 Avenue De Toulouse CS 70743\u003C\/strong\u003E\u003Cbr\u003E\u003Cstrong\u003ECedex 02\u003C\/strong\u003E\u003Cbr\u003E\u003Cstrong\u003E34967 Montpellier\u003C\/strong\u003E\u003C\/p\u003E\u003C\/td\u003E\u003C\/tr\u003E\u003Ctr\u003E\u003Ctd\u003E\u003Cp\u003E\u003Cbr\u003E\u003Cstrong\u003ESites class\u00e9s de l\u0027\u00eele aux oiseaux (Gironde)\u003C\/strong\u003E\u003C\/p\u003E\u003C\/td\u003E\u003Ctd\u003E\u003Cp align=\u0022center\u0022\u003E\u003Cbr\u003E\u003Cstrong\u003EBureau de Bordeaux-Port de Bassens\u003C\/strong\u003E\u003Cbr\u003E\u003Cstrong\u003E5, rue Franklin-Bassens\u003C\/strong\u003E\u003Cbr\u003E\u003Cstrong\u003ECedex\/ BP 20078\u003C\/strong\u003E\u003Cbr\u003E\u003Cstrong\u003E33563 Carbon Blanc\u003C\/strong\u003E\u003C\/p\u003E\u003C\/td\u003E\u003Ctd\u003E\u003Cp align=\u0022center\u0022\u003E\u003Cbr\u003E\u003Cstrong\u003EBordeaux RI\u003C\/strong\u003E\u003Cbr\u003E\u003Cstrong\u003E66 Rue Lafaurie De Monbadon\u003C\/strong\u003E\u003Cbr\u003E\u003Cstrong\u003ECS 21895\u003C\/strong\u003E\u003Cbr\u003E\u003Cstrong\u003E33081 Bordeaux Cedex\u003C\/strong\u003E\u003C\/p\u003E\u003C\/td\u003E\u003C\/tr\u003E\u003Ctr\u003E\u003Ctd colspan=\u00223\u0022\u003E\u003Cp align=\u0022center\u0022\u003E\u003Cbr\u003E\u003Cstrong\u003E3.2. Sites naturels inscrits\u003C\/strong\u003E\u003C\/p\u003E\u003C\/td\u003E\u003C\/tr\u003E\u003Ctr\u003E\u003Ctd\u003E\u003Cp\u003E\u003Cbr\u003E\u003Cstrong\u003EIle d\u0027Arz (Morbihan)\u003C\/strong\u003E\u003C\/p\u003E\u003C\/td\u003E\u003Ctd\u003E\u003Cp align=\u0022center\u0022\u003E\u003Cbr\u003E\u003Cstrong\u003EBureau de Lorient\u003C\/strong\u003E\u003Cbr\u003E\u003Cstrong\u003E94, avenue de la Perri\u00e8re\u003C\/strong\u003E\u003Cbr\u003E\u003Cstrong\u003E56100 Lorient\u003C\/strong\u003E\u003C\/p\u003E\u003C\/td\u003E\u003Ctd\u003E\u003Cp align=\u0022center\u0022\u003E\u003Cbr\u003E\u003Cstrong\u003ENantes RI\u003C\/strong\u003E\u003Cbr\u003E\u003Cstrong\u003E105, rue des fran\u00e7ais libres\u003C\/strong\u003E\u003Cbr\u003E\u003Cstrong\u003ECS 46312\u003C\/strong\u003E\u003Cbr\u003E\u003Cstrong\u003E44263 Nantes\u003C\/strong\u003E\u003C\/p\u003E\u003C\/td\u003E\u003C\/tr\u003E\u003Ctr\u003E\u003Ctd\u003E\u003Cp\u003E\u003Cbr\u003E\u003Cstrong\u003EIlet Madame (Martinique)\u003C\/strong\u003E\u003C\/p\u003E\u003C\/td\u003E\u003Ctd\u003E\u003Cp align=\u0022center\u0022\u003E\u003Cbr\u003E\u003Cstrong\u003EBureau de Fort de France port\u003C\/strong\u003E\u003Cbr\u003E\u003Cstrong\u003ECentre d\u0027Affaires Agora b\u00e2t. D ZAC Etang Z\u0027abricot\u003C\/strong\u003E\u003Cbr\u003E\u003Cstrong\u003EBP 81005\u003C\/strong\u003E\u003Cbr\u003E\u003Cstrong\u003E97247 Fort-de-France Cedex\u003C\/strong\u003E\u003C\/p\u003E\u003C\/td\u003E\u003Ctd\u003E\u003Cp align=\u0022center\u0022\u003E\u003Cbr\u003E\u003Cstrong\u003EMartinique RR\u003C\/strong\u003E\u003Cbr\u003E\u003Cstrong\u003ECentre d\u0027Affaires Agora b\u00e2t. D\u003C\/strong\u003E\u003Cbr\u003E\u003Cstrong\u003EZAC Etang Z\u0027abricot BP 81005 CEDEX 97247 FORT DE FRANCE\u003C\/strong\u003E\u003C\/p\u003E\u003C\/td\u003E\u003C\/tr\u003E\u003Ctr\u003E\u003Ctd colspan=\u00223\u0022\u003E\u003Cp align=\u0022center\u0022\u003E\u003Cbr\u003E\u003Cstrong\u003E4. Terrains du Conservatoire de l\u0027espace littoral et des rivages lacustres\u003C\/strong\u003E\u003C\/p\u003E\u003C\/td\u003E\u003C\/tr\u003E\u003Ctr\u003E\u003Ctd\u003E\u003Cp\u003E\u003Cbr\u003E\u003Cstrong\u003EIle Tatihou (Manche)\u003C\/strong\u003E\u003C\/p\u003E\u003C\/td\u003E\u003Ctd\u003E\u003Cp align=\u0022center\u0022\u003E\u003Cbr\u003E\u003Cstrong\u003EBureau de Cherbourg\u003C\/strong\u003E\u003Cbr\u003E\u003Cstrong\u003E1, quai du G\u00e9n\u00e9ral Lawton-Collins\u003C\/strong\u003E\u003Cbr\u003E\u003Cstrong\u003E50107 Cherbourg\u003C\/strong\u003E\u003C\/p\u003E\u003C\/td\u003E\u003Ctd\u003E\u003Cp align=\u0022center\u0022\u003E\u003Cbr\u003E\u003Cstrong\u003ELe Havre RI\u003C\/strong\u003E\u003Cbr\u003E\u003Cstrong\u003E195 chauss\u00e9e du 24e territorial\u003C\/strong\u003E\u003Cbr\u003E\u003Cstrong\u003E76083 Le Havre\u003C\/strong\u003E\u003C\/p\u003E\u003C\/td\u003E\u003C\/tr\u003E\u003Ctr\u003E\u003Ctd\u003E\u003Cp\u003E\u003Cbr\u003E\u003Cstrong\u003EIle-aux-Moines du golfe du Morbihan (Morbihan)\u003C\/strong\u003E\u003C\/p\u003E\u003C\/td\u003E\u003Ctd\u003E\u003Cp align=\u0022center\u0022\u003E\u003Cbr\u003E\u003Cstrong\u003EBureau de Lorient\u003C\/strong\u003E\u003Cbr\u003E\u003Cstrong\u003E94, avenue de la Perri\u00e8re\u003C\/strong\u003E\u003Cbr\u003E\u003Cstrong\u003E56100 Lorient\u003C\/strong\u003E\u003C\/p\u003E\u003C\/td\u003E\u003Ctd\u003E\u003Cp align=\u0022center\u0022\u003E\u003Cbr\u003E\u003Cstrong\u003ENantes RI\u003C\/strong\u003E\u003Cbr\u003E\u003Cstrong\u003E105, rue des fran\u00e7ais libres\u003C\/strong\u003E\u003Cbr\u003E\u003Cstrong\u003ECS 46312\u003C\/strong\u003E\u003Cbr\u003E\u003Cstrong\u003E44263 Nantes\u003C\/strong\u003E\u003C\/p\u003E\u003C\/td\u003E\u003C\/tr\u003E\u003Ctr\u003E\u003Ctd\u003E\u003Cp\u003E\u003Cbr\u003E\u003Cstrong\u003ED\u00e9sert des Agriates et plage du Loto (Haute-Corse)\u003C\/strong\u003E\u003C\/p\u003E\u003C\/td\u003E\u003Ctd\u003E\u003Cp align=\u0022center\u0022\u003E\u003Cbr\u003E\u003Cstrong\u003EBureau d\u0027Ajaccio\u003C\/strong\u003E\u003Cbr\u003E\u003Cstrong\u003EBd Sampiero\u003C\/strong\u003E\u003Cbr\u003E\u003Cstrong\u003EBP 99\u003C\/strong\u003E\u003Cbr\u003E\u003Cstrong\u003E20177 Ajaccio Cedex\u003C\/strong\u003E\u003C\/p\u003E\u003C\/td\u003E\u003Ctd\u003E\u003Cp align=\u0022center\u0022\u003E\u003Cbr\u003E\u003Cstrong\u003EMarseille RI\u003C\/strong\u003E\u003Cbr\u003E\u003Cstrong\u003E48, avenue Robert Schuman\u003C\/strong\u003E\u003Cbr\u003E\u003Cstrong\u003E13224 Marseille Cedex 2\u003C\/strong\u003E\u003C\/p\u003E\u003C\/td\u003E\u003C\/tr\u003E\u003Ctr\u003E\u003Ctd\u003E\u003Cp\u003E\u003Cbr\u003E\u003Cstrong\u003EIles de Petite-Terre (Guadeloupe)\u003C\/strong\u003E\u003C\/p\u003E\u003C\/td\u003E\u003Ctd\u003E\u003Cp align=\u0022center\u0022\u003E\u003Cbr\u003E\u003Cstrong\u003EBureau de Pointe-\u00e0-Pitre port\u003C\/strong\u003E\u003Cbr\u003E\u003Cstrong\u003EImmeuble Lysa\u003C\/strong\u003E\u003Cbr\u003E\u003Cstrong\u003EImpasse Andr\u00e9 Amp\u00e8re\u003C\/strong\u003E\u003Cbr\u003E\u003Cstrong\u003E97196 Jarry\u003C\/strong\u003E\u003C\/p\u003E\u003C\/td\u003E\u003Ctd\u003E\u003Cp align=\u0022center\u0022\u003E\u003Cbr\u003E\u003Cstrong\u003EGuadeloupe RR\u003C\/strong\u003E\u003Cbr\u003E\u003Cstrong\u003EImmeuble Bougainvilliers\u003C\/strong\u003E\u003Cbr\u003E\u003Cstrong\u003E32 Cit\u00e9 Guillard\u003C\/strong\u003E\u003Cbr\u003E\u003Cstrong\u003E97100 Basse-Terre\u003C\/strong\u003E\u003C\/p\u003E\u003C\/td\u003E\u003C\/tr\u003E\u003Ctr\u003E\u003Ctd\u003E\u003Cp\u003E\u003Cbr\u003E\u003Cstrong\u003EIles du Salut (Guyane)\u003C\/strong\u003E\u003C\/p\u003E\u003C\/td\u003E\u003Ctd\u003E\u003Cp align=\u0022center\u0022\u003E\u003Cbr\u003E\u003Cstrong\u003EBureau de Degrad-des-Cannes\u003C\/strong\u003E\u003Cbr\u003E\u003Cstrong\u003E12D, rue des Quais\u003C\/strong\u003E\u003Cbr\u003E\u003Cstrong\u003EBP 5026\u003C\/strong\u003E\u003Cbr\u003E\u003Cstrong\u003E97354 R\u00e9mire-Montjoly Cedex\u003C\/strong\u003E\u003C\/p\u003E\u003C\/td\u003E\u003Ctd\u003E\u003Cp align=\u0022center\u0022\u003E\u003Cbr\u003E\u003Cstrong\u003EGuyane RR\u003C\/strong\u003E\u003Cbr\u003E\u003Cstrong\u003E24, rue Lallouette\u003C\/strong\u003E\u003Cbr\u003E\u003Cstrong\u003E97305 Cayenne\u003C\/strong\u003E\u003C\/p\u003E\u003C\/td\u003E\u003C\/tr\u003E\u003Ctr\u003E\u003Ctd\u003E\u003Cp\u003E\u003Cbr\u003E\u003Cstrong\u003EIle de C\u00e9zembre (Ile-et-Vilaine)\u003C\/strong\u003E\u003C\/p\u003E\u003C\/td\u003E\u003Ctd\u003E\u003Cp align=\u0022center\u0022\u003E\u003Cbr\u003E\u003Cstrong\u003EBureau de Saint Malo port\u003C\/strong\u003E\u003Cbr\u003E\u003Cstrong\u003EFort du Naye\u003C\/strong\u003E\u003Cbr\u003E\u003Cstrong\u003ECS 61821\u003C\/strong\u003E\u003Cbr\u003E\u003Cstrong\u003E35418 Saint Malo\u003C\/strong\u003E\u003C\/p\u003E\u003C\/td\u003E\u003Ctd\u003E\u003Cp align=\u0022center\u0022\u003E\u003Cbr\u003E\u003Cstrong\u003ENantes RI\u003C\/strong\u003E\u003Cbr\u003E\u003Cstrong\u003E105, rue des fran\u00e7ais libres\u003C\/strong\u003E\u003Cbr\u003E\u003Cstrong\u003ECS 46312\u003C\/strong\u003E\u003Cbr\u003E\u003Cstrong\u003E44263 Nantes\u003C\/strong\u003E\u003C\/p\u003E\u003C\/td\u003E\u003C\/tr\u003E\u003Ctr\u003E\u003Ctd\u003E\u003Cp\u003E\u003Cbr\u003E\u003Cstrong\u003EIlots de Mayotte sauf M\u0027Bouzi (Mayotte)\u003C\/strong\u003E\u003C\/p\u003E\u003C\/td\u003E\u003Ctd\u003E\u003Cp align=\u0022center\u0022\u003E\u003Cbr\u003E\u003Cstrong\u003EBureau de Longoni port\u003C\/strong\u003E\u003Cbr\u003E\u003Cstrong\u003EZone portuaire Longoni\u003C\/strong\u003E\u003Cbr\u003E\u003Cstrong\u003EBP 404\u003C\/strong\u003E\u003Cbr\u003E\u003Cstrong\u003E97600 Longoni\u003C\/strong\u003E\u003C\/p\u003E\u003C\/td\u003E\u003Ctd\u003E\u003Cp align=\u0022center\u0022\u003E\u003Cbr\u003E\u003Cstrong\u003EMayotte RR\u003C\/strong\u003E\u003Cbr\u003E\u003Cstrong\u003EZone portuaire Longoni\u003C\/strong\u003E\u003Cbr\u003E\u003Cstrong\u003EBP 404\u003C\/strong\u003E\u003Cbr\u003E\u003Cstrong\u003E97600 Longoni\u003C\/strong\u003E\u003C\/p\u003E\u003C\/td\u003E\u003C\/tr\u003E\u003Ctr\u003E\u003Ctd\u003E\u003Cp\u003E\u003Cbr\u003E\u003Cstrong\u003EIle Nouvelle (Gironde)\u003C\/strong\u003E\u003C\/p\u003E\u003C\/td\u003E\u003Ctd\u003E\u003Cp align=\u0022center\u0022\u003E\u003Cbr\u003E\u003Cstrong\u003EBureau de Bordeaux Bassens port\u003C\/strong\u003E\u003Cbr\u003E\u003Cstrong\u003E5, rue Franklin-Bassens\u003C\/strong\u003E\u003Cbr\u003E\u003Cstrong\u003ECS 60020\u003C\/strong\u003E\u003Cbr\u003E\u003Cstrong\u003E33565 Carbon Blanc Cedex\u003C\/strong\u003E\u003C\/p\u003E\u003C\/td\u003E\u003Ctd\u003E\u003Cp align=\u0022center\u0022\u003E\u003Cbr\u003E\u003Cstrong\u003EBordeaux RI\u003C\/strong\u003E\u003Cbr\u003E\u003Cstrong\u003E66 Rue Lafaurie De Monbadon CS 21895\u003C\/strong\u003E\u003Cbr\u003E\u003Cstrong\u003ECedex\u003C\/strong\u003E\u003Cbr\u003E\u003Cstrong\u003E33081 Bordeaux\u003C\/strong\u003E\u003C\/p\u003E\u003C\/td\u003E\u003C\/tr\u003E\u003Ctr\u003E\u003Ctd colspan=\u00223\u0022\u003E\u003Cp align=\u0022center\u0022\u003E\u003Cbr\u003E\u003Cstrong\u003E5. Espaces naturels b\u00e9n\u00e9ficiant de plusieurs protections\u003C\/strong\u003E\u003C\/p\u003E\u003C\/td\u003E\u003C\/tr\u003E\u003Ctr\u003E\u003Ctd\u003E\u003Cp\u003E\u003Cbr\u003E\u003Cstrong\u003EEspaces terrestres et marins class\u00e9s au titre de l\u0027article L. 341-2 de Porto et de Girolata et territoires class\u00e9s de la r\u00e9serve naturelle de la presqu\u0027\u00eele de Scandola (Corse-du-Sud)\u003C\/strong\u003E\u003C\/p\u003E\u003C\/td\u003E\u003Ctd\u003E\u003Cp align=\u0022center\u0022\u003E\u003Cbr\u003E\u003Cstrong\u003EBureau d\u0027Ajaccio\u003C\/strong\u003E\u003Cbr\u003E\u003Cstrong\u003EBd Sampiero\u003C\/strong\u003E\u003Cbr\u003E\u003Cstrong\u003EBP 99\u003C\/strong\u003E\u003Cbr\u003E\u003Cstrong\u003E20177 Ajaccio Cedex\u003C\/strong\u003E\u003C\/p\u003E\u003C\/td\u003E\u003Ctd\u003E\u003Cp align=\u0022center\u0022\u003E\u003Cbr\u003E\u003Cstrong\u003EMarseille RI\u003C\/strong\u003E\u003Cbr\u003E\u003Cstrong\u003E48, avenue Robert Schuman\u003C\/strong\u003E\u003Cbr\u003E\u003Cstrong\u003E13224 Marseille Cedex 2\u003C\/strong\u003E\u003C\/p\u003E\u003C\/td\u003E\u003C\/tr\u003E\u003Ctr\u003E\u003Ctd\u003E\u003Cp\u003E\u003Cbr\u003E\u003Cstrong\u003EEspaces terrestres et marins class\u00e9s en r\u00e9serve naturelle nationale des Sept-Iles et terrains du Conservatoire de l\u0027espace littoral et des rivages lacustres situ\u00e9s sur l\u0027\u00eele-aux-Moines (C\u00f4tes-d\u0027Armor)\u003C\/strong\u003E\u003C\/p\u003E\u003C\/td\u003E\u003Ctd\u003E\u003Cp align=\u0022center\u0022\u003E\u003Cbr\u003E\u003Cstrong\u003EBureau de Saint-Brieuc\u003C\/strong\u003E\u003Cbr\u003E\u003Cstrong\u003E3, impasse des Longs-R\u00e9ages 22193 Pl\u00e9rin\u003C\/strong\u003E\u003C\/p\u003E\u003C\/td\u003E\u003Ctd\u003E\u003Cp align=\u0022center\u0022\u003E\u003Cbr\u003E\u003Cstrong\u003ENantes RI\u003C\/strong\u003E\u003Cbr\u003E\u003Cstrong\u003E105, rue des fran\u00e7ais libres\u003C\/strong\u003E\u003Cbr\u003E\u003Cstrong\u003ECS 46312\u003C\/strong\u003E\u003Cbr\u003E\u003Cstrong\u003E44263 Nantes\u003C\/strong\u003E\u003C\/p\u003E\u003C\/td\u003E\u003C\/tr\u003E\u003Ctr\u003E\u003Ctd\u003E\u003Cp\u003E\u003Cbr\u003E\u003Cstrong\u003EEspaces terrestres et marins class\u00e9s au titre de l\u0027article L. 341-2, territoires class\u00e9s de la r\u00e9serve naturelle d\u0027Iroise situ\u00e9s dans l\u0027archipel de Mol\u00e8ne et port de Mol\u00e8ne (Finist\u00e8re)\u003C\/strong\u003E\u003C\/p\u003E\u003C\/td\u003E\u003Ctd\u003E\u003Cp align=\u0022center\u0022\u003E\u003Cbr\u003E\u003Cstrong\u003EBureau de Brest\u003C\/strong\u003E\u003Cbr\u003E\u003Cstrong\u003E14, quai de la Douane\u003C\/strong\u003E\u003Cbr\u003E\u003Cstrong\u003E29229 Brest\u003C\/strong\u003E\u003C\/p\u003E\u003C\/td\u003E\u003Ctd\u003E\u003Cp align=\u0022center\u0022\u003E\u003Cbr\u003E\u003Cstrong\u003ENantes RI\u003C\/strong\u003E\u003Cbr\u003E\u003Cstrong\u003E105, rue des fran\u00e7ais libres\u003C\/strong\u003E\u003Cbr\u003E\u003Cstrong\u003ECS 46312\u003C\/strong\u003E\u003Cbr\u003E\u003Cstrong\u003E44263 Nantes\u003C\/strong\u003E\u003C\/p\u003E\u003C\/td\u003E\u003C\/tr\u003E\u003Ctr\u003E\u003Ctd\u003E\u003Cp\u003E\u003Cbr\u003E\u003Cstrong\u003EEspaces terrestres et marins class\u00e9s au titre de l\u0027article L. 341-2 et territoires class\u00e9s de la r\u00e9serve naturelle nationale de Saint-Nicolas-de-Gl\u00e9nan situ\u00e9s sur l\u0027archipel de Gl\u00e9nan, ainsi que le port de l\u0027\u00eele de Saint-Nicolas (Finist\u00e8re)\u003C\/strong\u003E\u003C\/p\u003E\u003C\/td\u003E\u003Ctd\u003E\u003Cp align=\u0022center\u0022\u003E\u003Cbr\u003E\u003Cstrong\u003EBureau de Lorient\u003C\/strong\u003E\u003Cbr\u003E\u003Cstrong\u003E94, avenue de la Perri\u00e8re\u003C\/strong\u003E\u003Cbr\u003E\u003Cstrong\u003E56100 Lorient\u003C\/strong\u003E\u003C\/p\u003E\u003C\/td\u003E\u003Ctd\u003E\u003Cp align=\u0022center\u0022\u003E\u003Cbr\u003E\u003Cstrong\u003ENantes RI\u003C\/strong\u003E\u003Cbr\u003E\u003Cstrong\u003E105, rue des fran\u00e7ais libres\u003C\/strong\u003E\u003Cbr\u003E\u003Cstrong\u003ECS 46312\u003C\/strong\u003E\u003Cbr\u003E\u003Cstrong\u003E44263 Nantes\u003C\/strong\u003E\u003C\/p\u003E\u003C\/td\u003E\u003C\/tr\u003E\u003Ctr\u003E\u003Ctd\u003E\u003Cp\u003E\u003Cbr\u003E\u003Cstrong\u003EEspaces terrestres et marins class\u00e9s au titre de l\u0027article L. 341-1 et terrains du Conservatoire de l\u0027espace littoral et des rivages lacustres sur l\u0027\u00eele de Batz (Finist\u00e8re)\u003C\/strong\u003E\u003C\/p\u003E\u003C\/td\u003E\u003Ctd\u003E\u003Cp align=\u0022center\u0022\u003E\u003Cbr\u003E\u003Cstrong\u003EBureau de Brest\u003C\/strong\u003E\u003Cbr\u003E\u003Cstrong\u003E14, quai de la Douane\u003C\/strong\u003E\u003Cbr\u003E\u003Cstrong\u003E29229 Brest\u003C\/strong\u003E\u003C\/p\u003E\u003C\/td\u003E\u003Ctd\u003E\u003Cp align=\u0022center\u0022\u003E\u003Cbr\u003E\u003Cstrong\u003ENantes RI\u003C\/strong\u003E\u003Cbr\u003E\u003Cstrong\u003E105, rue des fran\u00e7ais libres\u003C\/strong\u003E\u003Cbr\u003E\u003Cstrong\u003ECS 46312\u003C\/strong\u003E\u003Cbr\u003E\u003Cstrong\u003E44263 Nantes\u003C\/strong\u003E\u003C\/p\u003E\u003C\/td\u003E\u003C\/tr\u003E\u003Ctr\u003E\u003Ctd\u003E\u003Cp\u003E\u003Cbr\u003E\u003Cstrong\u003EEspaces terrestres et marins class\u00e9s au titre de l\u0027article L. 341-2, territoires class\u00e9s de la r\u00e9serve naturelle nationale Fran\u00e7ois-le-Bail, port Tudy, port Lay, port M\u00e9lite et terrains du Conservatoire de l\u0027espace littoral et des rivages lacustres situ\u00e9s sur l\u0027\u00eele de Groix (Morbihan)\u003C\/strong\u003E\u003C\/p\u003E\u003C\/td\u003E\u003Ctd\u003E\u003Cp align=\u0022center\u0022\u003E\u003Cbr\u003E\u003Cstrong\u003EBureau de Lorient\u003C\/strong\u003E\u003Cbr\u003E\u003Cstrong\u003E94, avenue de la Perri\u00e8re\u003C\/strong\u003E\u003Cbr\u003E\u003Cstrong\u003E56100 Lorient\u003C\/strong\u003E\u003C\/p\u003E\u003C\/td\u003E\u003Ctd\u003E\u003Cp align=\u0022center\u0022\u003E\u003Cbr\u003E\u003Cstrong\u003ENantes RI\u003C\/strong\u003E\u003Cbr\u003E\u003Cstrong\u003E105, rue des fran\u00e7ais libres\u003C\/strong\u003E\u003Cbr\u003E\u003Cstrong\u003ECS 46312\u003C\/strong\u003E\u003Cbr\u003E\u003Cstrong\u003E44263 Nantes\u003C\/strong\u003E\u003C\/p\u003E\u003C\/td\u003E\u003C\/tr\u003E\u003Ctr\u003E\u003Ctd\u003E\u003Cp\u003E\u003Cbr\u003E\u003Cstrong\u003EEspaces terrestres et marins class\u00e9s au titre de l\u0027article L. 341-2 et terrains du Conservatoire de l\u0027espace littoral et des rivages lacustres situ\u00e9s sur Belle-Ile, ainsi que port du Palais et port de Sauzon (Morbihan)\u003C\/strong\u003E\u003C\/p\u003E\u003C\/td\u003E\u003Ctd\u003E\u003Cp align=\u0022center\u0022\u003E\u003Cbr\u003E\u003Cstrong\u003EBureau de Lorient\u003C\/strong\u003E\u003Cbr\u003E\u003Cstrong\u003E94, avenue de la Perri\u00e8re\u003C\/strong\u003E\u003Cbr\u003E\u003Cstrong\u003E56100 Lorient\u003C\/strong\u003E\u003C\/p\u003E\u003C\/td\u003E\u003Ctd\u003E\u003Cp align=\u0022center\u0022\u003E\u003Cbr\u003E\u003Cstrong\u003ENantes RI\u003C\/strong\u003E\u003Cbr\u003E\u003Cstrong\u003E105, rue des fran\u00e7ais libres\u003C\/strong\u003E\u003Cbr\u003E\u003Cstrong\u003ECS 46312\u003C\/strong\u003E\u003Cbr\u003E\u003Cstrong\u003E44263 Nantes\u003C\/strong\u003E\u003C\/p\u003E\u003C\/td\u003E\u003C\/tr\u003E\u003Ctr\u003E\u003Ctd\u003E\u003Cp\u003E\u003Cbr\u003E\u003Cstrong\u003EEspaces terrestres et marins class\u00e9s au titre de l\u0027article L. 341-2, terrains du Conservatoire de l\u0027espace littoral et des rivages lacustres situ\u00e9s sur l\u0027\u00eele d\u0027Ho\u00ebdic, ainsi que le port de l\u0027\u00eele d\u0027Ho\u00ebdic (Morbihan)\u003C\/strong\u003E\u003C\/p\u003E\u003C\/td\u003E\u003Ctd\u003E\u003Cp align=\u0022center\u0022\u003E\u003Cbr\u003E\u003Cstrong\u003EBureau de Lorient\u003C\/strong\u003E\u003Cbr\u003E\u003Cstrong\u003E94, avenue de la Perri\u00e8re\u003C\/strong\u003E\u003Cbr\u003E\u003Cstrong\u003E56100 Lorient\u003C\/strong\u003E\u003C\/p\u003E\u003C\/td\u003E\u003Ctd\u003E\u003Cp align=\u0022center\u0022\u003E\u003Cbr\u003E\u003Cstrong\u003ENantes RI\u003C\/strong\u003E\u003Cbr\u003E\u003Cstrong\u003E105, rue des fran\u00e7ais libres\u003C\/strong\u003E\u003Cbr\u003E\u003Cstrong\u003ECS 46312\u003C\/strong\u003E\u003Cbr\u003E\u003Cstrong\u003E44263 Nantes\u003C\/strong\u003E\u003C\/p\u003E\u003C\/td\u003E\u003C\/tr\u003E\u003Ctr\u003E\u003Ctd\u003E\u003Cp\u003E\u003Cbr\u003E\u003Cstrong\u003EEspaces terrestres et marins class\u00e9s au titre de l\u0027article L. 341-2, terrains du Conservatoire de l\u0027espace littoral et des rivages lacustres situ\u00e9s sur l\u0027\u00eele de Houat, ainsi que le port de Saint-Gildas (Morbihan)\u003C\/strong\u003E\u003C\/p\u003E\u003C\/td\u003E\u003Ctd\u003E\u003Cp align=\u0022center\u0022\u003E\u003Cbr\u003E\u003Cstrong\u003EBureau de Lorient\u003C\/strong\u003E\u003Cbr\u003E\u003Cstrong\u003E94, avenue de la Perri\u00e8re\u003C\/strong\u003E\u003Cbr\u003E\u003Cstrong\u003E56100 Lorient\u003C\/strong\u003E\u003C\/p\u003E\u003C\/td\u003E\u003Ctd\u003E\u003Cp align=\u0022center\u0022\u003E\u003Cbr\u003E\u003Cstrong\u003ENantes RI\u003C\/strong\u003E\u003Cbr\u003E\u003Cstrong\u003E105, rue des fran\u00e7ais libres\u003C\/strong\u003E\u003Cbr\u003E\u003Cstrong\u003ECS 46312\u003C\/strong\u003E\u003Cbr\u003E\u003Cstrong\u003E44263 Nantes\u003C\/strong\u003E\u003C\/p\u003E\u003C\/td\u003E\u003C\/tr\u003E\u003Ctr\u003E\u003Ctd\u003E\u003Cp\u003E\u003Cbr\u003E\u003Cstrong\u003EEspaces terrestres class\u00e9s au titre de l\u0027article L. 341-2 et terrains du Conservatoire de l\u0027espace littoral et des rivages lacustres situ\u00e9s sur l\u0027archipel de Chausey (Manche)\u003C\/strong\u003E\u003C\/p\u003E\u003C\/td\u003E\u003Ctd\u003E\u003Cp align=\u0022center\u0022\u003E\u003Cbr\u003E\u003Cstrong\u003EBureau de Cherbourg\u003C\/strong\u003E\u003Cbr\u003E\u003Cstrong\u003E1, quai du G\u00e9n\u00e9ral Lawton-Collins\u003C\/strong\u003E\u003Cbr\u003E\u003Cstrong\u003E50107 Cherbourg\u003C\/strong\u003E\u003C\/p\u003E\u003C\/td\u003E\u003Ctd\u003E\u003Cp align=\u0022center\u0022\u003E\u003Cbr\u003E\u003Cstrong\u003ELe Havre RI\u003C\/strong\u003E\u003Cbr\u003E\u003Cstrong\u003E195 chauss\u00e9e du 24e territorial\u003C\/strong\u003E\u003Cbr\u003E\u003Cstrong\u003E76083 Le Havre\u003C\/strong\u003E\u003C\/p\u003E\u003C\/td\u003E\u003C\/tr\u003E\u003Ctr\u003E\u003Ctd\u003E\u003Cp\u003E\u003Cbr\u003E\u003Cstrong\u003EEspaces terrestres et marins class\u00e9s au titre de l\u0027article L. 341-2, terrains du Conservatoire de l\u0027espace littoral et des rivages lacustres situ\u00e9s sur l\u0027\u00eele d\u0027Aix, ainsi que le port de la Rade (Charente-Maritime)\u003C\/strong\u003E\u003C\/p\u003E\u003C\/td\u003E\u003Ctd\u003E\u003Cp align=\u0022center\u0022\u003E\u003Cbr\u003E\u003Cstrong\u003EBureau de La Rochelle\u003C\/strong\u003E\u003Cbr\u003E\u003Cstrong\u003E185, Bd Emile Delmas\u003C\/strong\u003E\u003Cbr\u003E\u003Cstrong\u003E17010 La Rochelle\u003C\/strong\u003E\u003C\/p\u003E\u003C\/td\u003E\u003Ctd\u003E\u003Cp align=\u0022center\u0022\u003E\u003Cbr\u003E\u003Cstrong\u003EBordeaux RI\u003C\/strong\u003E\u003Cbr\u003E\u003Cstrong\u003E66 Rue Lafaurie De Monbadon CS 21895\u003C\/strong\u003E\u003Cbr\u003E\u003Cstrong\u003ECedex\u003C\/strong\u003E\u003Cbr\u003E\u003Cstrong\u003E33081 Bordeaux\u003C\/strong\u003E\u003C\/p\u003E\u003C\/td\u003E\u003C\/tr\u003E\u003Ctr\u003E\u003Ctd\u003E\u003Cp\u003E\u003Cbr\u003E\u003Cstrong\u003EParc national de Port-Cros :\u003C\/strong\u003E\u003Cbr\u003E\u003Cstrong\u003E-\u00eele de Port-Cros (dont le port de Port-Cros), \u00eele de Bagaud, \u00eele de la Gabini\u00e8re, class\u00e9s en c\u0153ur de parc national, ainsi que l\u0027aire maritime adjacente (Var) ;\u003C\/strong\u003E\u003Cbr\u003E\u003Cstrong\u003E-espaces terrestres et maritimes situ\u00e9s sur l\u0027\u00eele de Porquerolles et class\u00e9s en c\u0153ur de parc national, en aire maritime adjacente (dont le port de Porquerolles) et en site class\u00e9 au titre de l\u0027\u003C\/strong\u003E\u003Ca href=\u0022https:\/\/www.legifrance.gouv.fr\/affichCodeArticle.do?cidTexte=LEGITEXT000006074220\u0026amp;idArticle=LEGIARTI000006833657\u0026amp;dateTexte=\u0026amp;categorieLien=cid\u0022 title=\u0022Code de l\u0022\u003E\u003Cstrong\u003Earticle L. 341-2 du code de l\u0027environnement\u0026nbsp;\u003C\/strong\u003E\u003C\/a\u003E\u003Cstrong\u003E(Var)\u003C\/strong\u003E\u003C\/p\u003E\u003C\/td\u003E\u003Ctd\u003E\u003Cp align=\u0022center\u0022\u003E\u003Cbr\u003E\u003Cstrong\u003EBureau de Toulon-la-Seyne\u003C\/strong\u003E\u003Cbr\u003E\u003Cstrong\u003EPort marchand\u003C\/strong\u003E\u003Cbr\u003E\u003Cstrong\u003E83070 Toulon\u003C\/strong\u003E\u003C\/p\u003E\u003C\/td\u003E\u003Ctd\u003E\u003Cp align=\u0022center\u0022\u003E\u003Cbr\u003E\u003Cstrong\u003EMarseille RI\u003C\/strong\u003E\u003Cbr\u003E\u003Cstrong\u003E48, avenue Robert Schuman\u003C\/strong\u003E\u003Cbr\u003E\u003Cstrong\u003E13224 Marseille Cedex 2\u003C\/strong\u003E\u003C\/p\u003E\u003C\/td\u003E\u003C\/tr\u003E\u003Ctr\u003E\u003Ctd\u003E\u003Cp\u003E\u003Cbr\u003E\u003Cstrong\u003EEspaces terrestres et marins class\u00e9s au titre de l\u0027article L. 341-1 et terrains du Conservatoire de l\u0027espace littoral et des rivages lacustres situ\u00e9s sur les sites de Campumoru-Senesota (Corse-du-Sud)\u003C\/strong\u003E\u003C\/p\u003E\u003C\/td\u003E\u003Ctd\u003E\u003Cp align=\u0022center\u0022\u003E\u003Cbr\u003E\u003Cstrong\u003EBureau d\u0027Ajaccio\u003C\/strong\u003E\u003Cbr\u003E\u003Cstrong\u003EBd Sampiero\u003C\/strong\u003E\u003Cbr\u003E\u003Cstrong\u003EBP 99\u003C\/strong\u003E\u003Cbr\u003E\u003Cstrong\u003E20177 Ajaccio Cedex\u003C\/strong\u003E\u003C\/p\u003E\u003C\/td\u003E\u003Ctd\u003E\u003Cp align=\u0022center\u0022\u003E\u003Cbr\u003E\u003Cstrong\u003EMarseille RI\u003C\/strong\u003E\u003Cbr\u003E\u003Cstrong\u003E48, avenue Robert Schuman\u003C\/strong\u003E\u003Cbr\u003E\u003Cstrong\u003E13224 Marseille Cedex 2\u003C\/strong\u003E\u003C\/p\u003E\u003C\/td\u003E\u003C\/tr\u003E\u003Ctr\u003E\u003Ctd\u003E\u003Cp\u003E\u003Cbr\u003E\u003Cstrong\u003ESites de la pointe du Cap Corse (Haute-Corse)\u003C\/strong\u003E\u003C\/p\u003E\u003C\/td\u003E\u003Ctd\u003E\u003Cp align=\u0022center\u0022\u003E\u003Cbr\u003E\u003Cstrong\u003EBureau d\u0027Ajaccio\u003C\/strong\u003E\u003Cbr\u003E\u003Cstrong\u003EBd Sampiero\u003C\/strong\u003E\u003Cbr\u003E\u003Cstrong\u003EBP 99\u003C\/strong\u003E\u003Cbr\u003E\u003Cstrong\u003E20177 Ajaccio Cedex\u003C\/strong\u003E\u003C\/p\u003E\u003C\/td\u003E\u003Ctd\u003E\u003Cp align=\u0022center\u0022\u003E\u003Cbr\u003E\u003Cstrong\u003EMarseille RI\u003C\/strong\u003E\u003Cbr\u003E\u003Cstrong\u003E48, avenue Robert Schuman\u003C\/strong\u003E\u003Cbr\u003E\u003Cstrong\u003E13224 Marseille Cedex 2\u003C\/strong\u003E\u003C\/p\u003E\u003C\/td\u003E\u003C\/tr\u003E\u003Ctr\u003E\u003Ctd\u003E\u003Cp\u003E\u003Cbr\u003E\u003Cstrong\u003EEspaces terrestres et marins class\u00e9s au titre de l\u0027article L. 341-1 et terrains du Conservatoire de l\u0027espace littoral et des rivages lacustres situ\u00e9s sur les sites de l\u0027\u00eele d\u0027Ouessant et port de Lampaul (Finist\u00e8re)\u003C\/strong\u003E\u003C\/p\u003E\u003C\/td\u003E\u003Ctd\u003E\u003Cp align=\u0022center\u0022\u003E\u003Cbr\u003E\u003Cstrong\u003EBureau de Brest\u003C\/strong\u003E\u003Cbr\u003E\u003Cstrong\u003E14, quai de la Douane\u003C\/strong\u003E\u003Cbr\u003E\u003Cstrong\u003E29229 Brest\u003C\/strong\u003E\u003C\/p\u003E\u003C\/td\u003E\u003Ctd\u003E\u003Cp align=\u0022center\u0022\u003E\u003Cbr\u003E\u003Cstrong\u003ENantes RI\u003C\/strong\u003E\u003Cbr\u003E\u003Cstrong\u003E105, rue des fran\u00e7ais libres\u003C\/strong\u003E\u003Cbr\u003E\u003Cstrong\u003ECS 46312\u003C\/strong\u003E\u003Cbr\u003E\u003Cstrong\u003E44263 Nantes\u003C\/strong\u003E\u003C\/p\u003E\u003C\/td\u003E\u003C\/tr\u003E\u003Ctr\u003E\u003Ctd\u003E\u003Cp\u003E\u003Cbr\u003E\u003Cstrong\u003EEspaces terrestres et marins class\u00e9s au titre de l\u0027article L. 341-1 et terrains du Conservatoire de l\u0027espace littoral et des rivages lacustres situ\u00e9s sur les sites du Cap B\u00e9ar et ses abords (Pyr\u00e9n\u00e9es Orientales)\u003C\/strong\u003E\u003C\/p\u003E\u003C\/td\u003E\u003Ctd\u003E\u003Cp align=\u0022center\u0022\u003E\u003Cbr\u003E\u003Cstrong\u003EBureau de Perpignan\u003C\/strong\u003E\u003Cbr\u003E\u003Cstrong\u003EImmeuble Le Carr\u00e9\u003C\/strong\u003E\u003Cbr\u003E\u003Cstrong\u003E3, avenue de Rome BP 5156\u003C\/strong\u003E\u003Cbr\u003E\u003Cstrong\u003E66031 Perpignan Cedex\u003C\/strong\u003E\u003C\/p\u003E\u003C\/td\u003E\u003Ctd\u003E\u003Cp align=\u0022center\u0022\u003E\u003Cbr\u003E\u003Cstrong\u003EMontpellier RI\u003C\/strong\u003E\u003Cbr\u003E\u003Cstrong\u003E1107 Avenue De Toulouse CS 70743\u003C\/strong\u003E\u003Cbr\u003E\u003Cstrong\u003ECedex 02\u003C\/strong\u003E\u003Cbr\u003E\u003Cstrong\u003E34967 Montpellier\u003C\/strong\u003E\u003C\/p\u003E\u003C\/td\u003E\u003C\/tr\u003E\u003C\/tbody\u003E\u003C\/table\u003E                                            \u003Cp\u003E\u003Cbr \/\u003E\u003Cstrong\u003ESource :\u003C\/strong\u003E\u003Cstrong\u003E\u00a0\u003C\/strong\u003E\u003C\/p\u003E\u003Cul\u003E\u003Cli\u003E\u003Ca href=\u0022https:\/\/www.legifrance.gouv.fr\/codes\/article_lc\/LEGIARTI000042541983\/2024-05-07\/\u0022 target=\u0022_blank\u0022 rel=\u0022noopener\u0022\u003EArticle D 321-15 du code de l\u2019environnement\u003C\/a\u003E\u003C\/li\u003E\u003Cli\u003E\u003Ca href=\u0022https:\/\/www.legifrance.gouv.fr\/codes\/section_lc\/LEGITEXT000044595989\/LEGISCTA000044599715\/?anchor=LEGIARTI000044602503#LEGIARTI000044602503\u0022 target=\u0022_blank\u0022 rel=\u0022noopener\u0022\u003EArticle L 423-47 du code des impositions sur les biens et services\u003C\/a\u003E\u003C\/li\u003E\u003Cli\u003E\u003Ca href=\u0022https:\/\/www.legifrance.gouv.fr\/jorf\/id\/JORFTEXT000046503175\u0022 target=\u0022_blank\u0022 rel=\u0022noopener\u0022\u003EArr\u00eat\u00e9 du 7 octobre 2022 modifiant l\u0027arr\u00eat\u00e9 du 11 mars 2022 fixant le tarif et les modalit\u00e9s d\u0027application de la taxe sur le transport maritime de passagers \u00e0 destination d\u0027espaces naturels prot\u00e9g\u00e9s pr\u00e9vue par les articles L. 423-47 \u00e0 L. 423-56 du code des impositions sur les biens et services\u003C\/a\u003E\u003C\/li\u003E\u003Cli\u003E\u003Ca href=\u0022https:\/\/www.legifrance.gouv.fr\/jorf\/id\/JORFTEXT000048678669\u0022 target=\u0022_blank\u0022 rel=\u0022noopener\u0022\u003EArr\u00eat\u00e9 du 22 d\u00e9cembre 2023 modifiant l\u0027arr\u00eat\u00e9 du 13 d\u00e9cembre 2022 constatant divers tarifs et seuils de r\u00e9gimes d\u0027impositions relatifs \u00e0 certaines impositions sur les biens et services\u003C\/a\u003E\u003C\/li\u003E\u003Cli\u003E\u003Ca href=\u0022https:\/\/www.legifrance.gouv.fr\/jorf\/id\/JORFTEXT000050872796\u0022 target=\u0022_blank\u0022\u003EArr\u00eat\u00e9 du 26 d\u00e9cembre 2024 constatant divers param\u00e8tres index\u00e9s sur l\u0027inflation relatifs \u00e0 certaines impositions sur les biens et services\u003C\/a\u003E\u003C\/li\u003E\u003C\/ul\u003E\u003C\/div\u003E","annee":"2025","theme":" Indices, taux, bar\u00e8mes fiscaux","activites":["Transport"],"image":"https:\/\/www.weblex.fr\/sites\/default\/files\/chiffres_clef\/Shutterstock_taxepassagermaritime.jpg","created":"2025-07-28","modified":"2025-07-28"},{"url":"\/chiffres-cles\/tableau-des-cotisations-sociales-dues-par-les-travailleurs-independants-non-agricoles-d-outremer-annee-2025","id":26645,"title":"Tableau des cotisations sociales dues par les travailleurs ind\u00e9pendants non-agricoles d\u2019outremer - Ann\u00e9e 2025","content":"\u003Cdiv\u003E                                              \u003Cp\u003E\u003Cstrong\u003E1\/ Assiette et taux des cotisations\u003C\/strong\u003E\u003C\/p\u003E\u003Cp\u003ETableau r\u00e9capitulatif des cotisations sociales au 1er janvier 2025\u003C\/p\u003E\u003Ctable border=\u00221\u0022 cellspacing=\u00220\u0022 cellpadding=\u00220\u0022 width=\u0022614\u0022\u003E\u003Ctbody\u003E\u003Ctr\u003E\u003Ctd width=\u0022182\u0022\u003E\u003Cp align=\u0022center\u0022\u003E\u0026nbsp;\u003C\/p\u003E\u003C\/td\u003E\u003Ctd width=\u0022203\u0022\u003E\u003Cp align=\u0022center\u0022\u003E\u003Cstrong\u003EBase de calcul\u003C\/strong\u003E\u003C\/p\u003E\u003C\/td\u003E\u003Ctd width=\u0022229\u0022\u003E\u003Cp align=\u0022center\u0022\u003E\u003Cstrong\u003ETaux de cotisations\u0026nbsp;\u003C\/strong\u003E\u003C\/p\u003E\u003C\/td\u003E\u003C\/tr\u003E\u003Ctr\u003E\u003Ctd width=\u0022182\u0022 rowspan=\u00222\u0022\u003E\u003Cp align=\u0022center\u0022\u003EMaladie-maternit\u00e9 (1)\u0026nbsp;Artisan, commer\u00e7ant ou profession lib\u00e9rale non r\u00e9glement\u00e9e\u003Cbr\u003E(y compris indemnit\u00e9s journali\u00e8res)\u003C\/p\u003E\u003C\/td\u003E\u003Ctd width=\u0022203\u0022\u003E\u003Cp\u003ERevenus au plus \u00e9gaux \u00e0 \u0026nbsp;235 500 \u20ac (soit 5 fois le plafond annuel de la S\u00e9curit\u00e9 sociale)\u003C\/p\u003E\u003C\/td\u003E\u003Ctd width=\u0022229\u0022\u003E\u003Cp\u003E\u0026nbsp;\u003C\/p\u003E\u003Cp\u003E7,20\u0026nbsp;\u003C\/p\u003E\u003Cul\u003E\u003Cli\u003E\u003Cp align=\u0022center\u0022\u003Emaladie 1 : 6,70 %\u003C\/p\u003E\u003C\/li\u003E\u003Cli\u003Emaladie 2 : 0,50 %\u003C\/li\u003E\u003C\/ul\u003E\u003Cp align=\u0022center\u0022\u003E\u0026nbsp;\u003C\/p\u003E\u003C\/td\u003E\u003C\/tr\u003E\u003Ctr\u003E\u003Ctd width=\u0022203\u0022\u003E\u003Cp\u003ERevenus sup\u00e9rieurs \u00e0 235 500\u0026nbsp;\u0026nbsp;\u20ac (soit 5 fois le plafond annuel de la S\u00e9curit\u00e9 sociale)\u003C\/p\u003E\u003C\/td\u003E\u003Ctd width=\u0022229\u0022\u003E\u003Cp align=\u0022center\u0022\u003E6,50 %\u003C\/p\u003E\u003C\/td\u003E\u003C\/tr\u003E\u003Ctr\u003E\u003Ctd width=\u0022182\u0022\u003E\u003Cp align=\u0022center\u0022\u003EAllocations familiales\u0026nbsp;\u003C\/p\u003E\u003C\/td\u003E\u003Ctd width=\u0022203\u0022\u003E\u003Cp\u003ERevenu professionnel (dans sa totalit\u00e9)\u003C\/p\u003E\u003Cp align=\u0022center\u0022\u003E\u0026nbsp;\u003C\/p\u003E\u003C\/td\u003E\u003Ctd width=\u0022229\u0022\u003E\u003Cp align=\u0022center\u0022\u003E3,10 %\u003C\/p\u003E\u003C\/td\u003E\u003C\/tr\u003E\u003Ctr\u003E\u003Ctd width=\u0022182\u0022 rowspan=\u00222\u0022\u003E\u003Cp align=\u0022center\u0022\u003ERetraite de base des artisans, commer\u00e7ants et professions lib\u00e9rales non r\u00e9glement\u00e9es\u003C\/p\u003E\u003C\/td\u003E\u003Ctd width=\u0022203\u0022\u003E\u003Cp align=\u0022center\u0022\u003EDans la limite de 47 100 \u20ac(soit 1 fois le plafond annuel de la S\u00e9curit\u00e9 sociale)\u003C\/p\u003E\u003C\/td\u003E\u003Ctd width=\u0022229\u0022\u003E\u003Cp align=\u0022center\u0022\u003E17,75 %\u003C\/p\u003E\u003C\/td\u003E\u003C\/tr\u003E\u003Ctr\u003E\u003Ctd width=\u0022203\u0022\u003E\u003Cp align=\u0022center\u0022\u003EAu-del\u00e0 de 47 100 \u20ac(soit 1 fois le plafond annuel de la S\u00e9curit\u00e9 sociale)\u003C\/p\u003E\u003C\/td\u003E\u003Ctd width=\u0022229\u0022\u003E\u003Cp align=\u0022center\u0022\u003E0,60 %\u003C\/p\u003E\u003C\/td\u003E\u003C\/tr\u003E\u003Ctr\u003E\u003Ctd width=\u0022182\u0022 rowspan=\u00222\u0022\u003E\u003Cp align=\u0022center\u0022\u003ERetraite compl\u00e9mentaire\u0026nbsp;\u0026nbsp;Artisans et commer\u00e7ants\u003C\/p\u003E\u003C\/td\u003E\u003Ctd width=\u0022203\u0022\u003E\u003Cp align=\u0022center\u0022\u003E\u0026nbsp;\u003C\/p\u003E\u003Cp align=\u0022center\u0022\u003ERevenus inf\u00e9rieurs \u00e0 43 891 \u20ac (1 P RCI)\u0026nbsp;\u003C\/p\u003E\u003Cp align=\u0022center\u0022\u003E\u0026nbsp;\u003C\/p\u003E\u003C\/td\u003E\u003Ctd width=\u0022229\u0022\u003E\u003Cp align=\u0022center\u0022\u003E7 %\u003C\/p\u003E\u003C\/td\u003E\u003C\/tr\u003E\u003Ctr\u003E\u003Ctd width=\u0022203\u0022\u003E\u003Cp align=\u0022center\u0022\u003E\u0026nbsp;\u003C\/p\u003E\u003Cp align=\u0022center\u0022\u003ERevenus entre 40 784 \u20ac (soit 1 P RCI***) et 188 400 \u20ac (soit 4 fois le plafond annuel de la S\u00e9curit\u00e9 sociale)\u003C\/p\u003E\u003Cp align=\u0022center\u0022\u003E\u0026nbsp;\u003C\/p\u003E\u003C\/td\u003E\u003Ctd width=\u0022229\u0022\u003E\u003Cp align=\u0022center\u0022\u003E8 %\u003C\/p\u003E\u003C\/td\u003E\u003C\/tr\u003E\u003Ctr\u003E\u003Ctd width=\u0022182\u0022 rowspan=\u00222\u0022\u003E\u003Cp align=\u0022center\u0022\u003EProfessions lib\u00e9rales non r\u00e9glement\u00e9es\u003C\/p\u003E\u003C\/td\u003E\u003Ctd width=\u0022203\u0022\u003E\u003Cp align=\u0022center\u0022\u003ERevenus inf\u00e9rieurs \u00e0 47 100 \u20ac (plafond annuel de la S\u00e9curit\u00e9 sociale)\u003C\/p\u003E\u003C\/td\u003E\u003Ctd width=\u0022229\u0022\u003E\u003Cp align=\u0022center\u0022\u003E0 %\u003C\/p\u003E\u003C\/td\u003E\u003C\/tr\u003E\u003Ctr\u003E\u003Ctd width=\u0022203\u0022\u003E\u003Cp align=\u0022center\u0022\u003ERevenus entre 47 100 \u20acet 188 400 \u0026nbsp;\u20ac (4 fois le plafond annuel de la S\u00e9curit\u00e9 sociale)\u003C\/p\u003E\u003C\/td\u003E\u003Ctd width=\u0022229\u0022\u003E\u003Cp align=\u0022center\u0022\u003E14 %\u003C\/p\u003E\u003C\/td\u003E\u003C\/tr\u003E\u003Ctr\u003E\u003Ctd width=\u0022182\u0022\u003E\u003Cp align=\u0022center\u0022\u003EInvalidit\u00e9 \u2013 D\u00e9c\u00e8s\u003C\/p\u003E\u003C\/td\u003E\u003Ctd width=\u0022203\u0022\u003E\u003Cp align=\u0022center\u0022\u003EDans la limite de 47 100 \u20ac(soit 1 fois le plafond annuel de la S\u00e9curit\u00e9 sociale)\u003C\/p\u003E\u003C\/td\u003E\u003Ctd width=\u0022229\u0022\u003E\u003Cp align=\u0022center\u0022\u003E1,30 %\u003C\/p\u003E\u003C\/td\u003E\u003C\/tr\u003E\u003Ctr\u003E\u003Ctd width=\u0022182\u0022 rowspan=\u00222\u0022\u003E\u003Cp align=\u0022center\u0022\u003ECSG\/CRDS\u003C\/p\u003E\u003C\/td\u003E\u003Ctd width=\u0022203\u0022\u003E\u003Cp align=\u0022center\u0022\u003EMontant du revenu professionnel + cotisations sociales obligatoires\u003C\/p\u003E\u003C\/td\u003E\u003Ctd width=\u0022229\u0022\u003E\u003Cp align=\u0022center\u0022\u003ECSG\u0026nbsp;: 9,20 %\u003Cbr\u003E\u003Cbr\u003ECRDS\u0026nbsp;; 0,50 %\u0026nbsp;\u003Cbr\u003E\u003Cbr\u003E\u003Cbr\u003E\u0026nbsp;\u003C\/p\u003E\u003C\/td\u003E\u003C\/tr\u003E\u003Ctr\u003E\u003Ctd width=\u0022203\u0022\u003E\u003Cp align=\u0022center\u0022\u003ERevenus de remplacement\u003C\/p\u003E\u003C\/td\u003E\u003Ctd width=\u0022229\u0022\u003E\u003Cp align=\u0022center\u0022\u003ECSG\u0026nbsp;: 6,2 %\u0026nbsp;\u003Cbr\u003ECRDS\u0026nbsp;: 0,50 %\u0026nbsp;\u003C\/p\u003E\u003C\/td\u003E\u003C\/tr\u003E\u003Ctr\u003E\u003Ctd width=\u0022182\u0022\u003E\u003Cp align=\u0022center\u0022\u003EContribution \u00e0 la formation professionnelle *\u0026nbsp;\u003C\/p\u003E\u003C\/td\u003E\u003Ctd width=\u0022203\u0022\u003E\u003Cp align=\u0022center\u0022\u003ESur la base de 47 100 \u20ac(soit 1 fois le plafond annuel de la S\u00e9curit\u00e9 sociale)\u003C\/p\u003E\u003C\/td\u003E\u003Ctd width=\u0022229\u0022\u003E\u003Cp align=\u0022center\u0022\u003E0,25 % soit 118 \u20ac\u003C\/p\u003E\u003Cp align=\u0022center\u0022\u003E(0,29 % pour les artisans inscrits et 0,34 % pour les professions lib\u00e9rale et les conjoints collaborateurs)\u003C\/p\u003E\u003C\/td\u003E\u003C\/tr\u003E\u003C\/tbody\u003E\u003C\/table\u003E\u003Cp\u003E* due au titre de 2025 payable en novembre 2025\u003C\/p\u003E\u003Cp\u003E(1) Le taux de cotisation maladie tient compte de la cotisation au taux de 0,85 % d\u2019indemnit\u00e9s journali\u00e8res\u003C\/p\u003E\u003Cp\u003E(2) P RCI\u0026nbsp;: Plafond sp\u00e9cifique au r\u00e9gime compl\u00e9mentaire des ind\u00e9pendants, fix\u00e9 \u00e0 43 891 \u20ac \u0026nbsp;en 2025\u003C\/p\u003E\u003Cp\u003E\u0026nbsp;\u003C\/p\u003E\u003Cp\u003E\u003Cstrong\u003E2\/ Assiette et cotisations en d\u00e9but d\u2019activit\u00e9\u003C\/strong\u003E\u003C\/p\u003E\u003Cp\u003E\u00c0 partir de la 3\u00e8me ann\u00e9e d\u2019activit\u00e9, l\u2019assur\u00e9 peut b\u00e9n\u00e9ficier d\u2019une exon\u00e9ration de certaines cotisations (identiques \u00e0 celles des 2 premi\u00e8res ann\u00e9es) dans la limite d\u2019un montant d\u00fb sur 47 100 \u20ac (PASS) et en fonction du revenu, suivant le tableau ci-dessous\u0026nbsp;:\u003C\/p\u003E\u003Ctable border=\u00221\u0022 cellspacing=\u00220\u0022 cellpadding=\u00220\u0022\u003E\u003Ctbody\u003E\u003Ctr\u003E\u003Ctd width=\u0022192\u0022 valign=\u0022top\u0022\u003E\u003Cp align=\u0022center\u0022\u003E\u003Cstrong\u003ERevenu\u003C\/strong\u003E\u003C\/p\u003E\u003C\/td\u003E\u003Ctd width=\u0022192\u0022 valign=\u0022top\u0022\u003E\u003Cp align=\u0022center\u0022\u003E\u003Cstrong\u003EDe la fin de l\u0027exon\u00e9ration 24 mois \u00e0 la fin de la 3\u00e8me ann\u00e9e\u003C\/strong\u003E\u003C\/p\u003E\u003C\/td\u003E\u003Ctd width=\u0022192\u0022 valign=\u0022top\u0022\u003E\u003Cp align=\u0022center\u0022\u003E\u003Cstrong\u003ENature de l\u0027exon\u00e9ration \u00e0 partir de la 4\u00e8me ann\u00e9e\u003C\/strong\u003E\u003C\/p\u003E\u003C\/td\u003E\u003C\/tr\u003E\u003Ctr\u003E\u003Ctd width=\u0022192\u0022 valign=\u0022top\u0022\u003E\u003Cp align=\u0022center\u0022\u003ERevenu inf\u00e9rieur \u00e0 70 650 \u20ac (150 % du PASS)\u003C\/p\u003E\u003C\/td\u003E\u003Ctd width=\u0022192\u0022 valign=\u0022top\u0022\u003E\u003Cp align=\u0022center\u0022\u003E75 % (toutes cotisations et contributions, \u00e0 l\u0027exception des cotisations retraite compl\u00e9mentaire et invalidit\u00e9-d\u00e9c\u00e8s)\u003C\/p\u003E\u003C\/td\u003E\u003Ctd width=\u0022192\u0022 valign=\u0022top\u0022\u003E\u003Cp align=\u0022center\u0022\u003E50 % (toutes cotisations et contributions, \u00e0 l\u0027exception des cotisations retraite compl\u00e9mentaire et invalidit\u00e9-d\u00e9c\u00e8s)\u003C\/p\u003E\u003C\/td\u003E\u003C\/tr\u003E\u003Ctr\u003E\u003Ctd width=\u0022192\u0022 valign=\u0022top\u0022\u003E\u003Cp align=\u0022center\u0022\u003ERevenu compris entre 70 650 \u20ac et 117 750 \u20ac (150 % et 250 % du PASS)\u003C\/p\u003E\u003C\/td\u003E\u003Ctd width=\u0022192\u0022 valign=\u0022top\u0022\u003E\u003Cp align=\u0022center\u0022\u003EExon\u00e9ration d\u00e9gressive\u003C\/p\u003E\u003C\/td\u003E\u003Ctd width=\u0022192\u0022 valign=\u0022top\u0022\u003E\u003Cp align=\u0022center\u0022\u003EExon\u00e9ration d\u00e9gressive\u003C\/p\u003E\u003C\/td\u003E\u003C\/tr\u003E\u003Ctr\u003E\u003Ctd width=\u0022192\u0022 valign=\u0022top\u0022\u003E\u003Cp align=\u0022center\u0022\u003ERevenu sup\u00e9rieur \u00e0 117 750 \u20ac (plus de 250 % du PASS)\u003C\/p\u003E\u003C\/td\u003E\u003Ctd width=\u0022192\u0022 valign=\u0022top\u0022\u003E\u003Cp align=\u0022center\u0022\u003EPas d\u2019exon\u00e9ration\u003C\/p\u003E\u003C\/td\u003E\u003Ctd width=\u0022192\u0022 valign=\u0022top\u0022\u003E\u003Cp align=\u0022center\u0022\u003EPas d\u2019exon\u00e9ration\u003C\/p\u003E\u003C\/td\u003E\u003C\/tr\u003E\u003C\/tbody\u003E\u003C\/table\u003E\u003Cp\u003E\u003Cstrong\u003E\u003C\/strong\u003E\u003C\/p\u003E\u003Cp\u003E\u0026nbsp;\u003C\/p\u003E\u003Cp\u003E\u003Cstrong\u003E\u003C\/strong\u003E\u003C\/p\u003E\u003Cp\u003E\u003Cstrong\u003E3\/ Exon\u00e9ration des faibles revenus\u003C\/strong\u003E\u003C\/p\u003E\u003Ctable border=\u00221\u0022 cellspacing=\u00220\u0022 cellpadding=\u00220\u0022\u003E\u003Ctbody\u003E\u003Ctr\u003E\u003Ctd width=\u0022312\u0022 valign=\u0022top\u0022\u003E\u003Cp align=\u0022center\u0022\u003E\u003Cstrong\u003ERevenu annuel\u003C\/strong\u003E\u003C\/p\u003E\u003C\/td\u003E\u003Ctd width=\u0022311\u0022 valign=\u0022top\u0022\u003E\u003Cp align=\u0022center\u0022\u003E\u003Cstrong\u003EExon\u00e9ration\u003C\/strong\u003E\u003C\/p\u003E\u003C\/td\u003E\u003C\/tr\u003E\u003Ctr\u003E\u003Ctd width=\u0022312\u0022 valign=\u0022top\u0022\u003E\u003Cp\u003ERevenu inf\u00e9rieur \u00e0 6 123 \u20ac (13 % du PASS)\u003C\/p\u003E\u003C\/td\u003E\u003Ctd width=\u0022311\u0022 valign=\u0022top\u0022\u003E\u003Cp\u003EExon\u00e9ration des cotisations d\u0027assurance maladie\u003C\/p\u003E\u003C\/td\u003E\u003C\/tr\u003E\u003Ctr\u003E\u003Ctd width=\u0022312\u0022 valign=\u0022top\u0022\u003E\u003Cp\u003ERevenu \u00e9gal au maximum \u00e0 390 \u20ac\u003C\/p\u003E\u003C\/td\u003E\u003Ctd width=\u0022311\u0022 valign=\u0022top\u0022\u003E\u003Cp\u003EExon\u00e9ration de cotisation maladie, invalidit\u00e9\/d\u00e9c\u00e8s, retraite de base et retraite compl\u00e9mentaire\u003C\/p\u003E\u003C\/td\u003E\u003C\/tr\u003E\u003C\/tbody\u003E\u003C\/table\u003E\u003Cp\u003E\u0026nbsp;\u003C\/p\u003E\u003Cp\u003E\u003Cstrong\u003E4\/ Taux de cotisation des micro-entrepreneurs d\u2019outremer\u003C\/strong\u003E\u003C\/p\u003E\u003Cp\u003EEn tant qu\u2019auto-entrepreneur en d\u00e9but d\u2019activit\u00e9, vous b\u00e9n\u00e9ficiez d\u2019une exon\u00e9ration qui se traduit par l\u2019application de taux r\u00e9duits de cotisations sur trois ans, correspondant \u00e0\u0026nbsp;:\u003C\/p\u003E\u003Cul\u003E\u003Cli\u003E1\/6\u0026nbsp;des taux pleins de m\u00e9tropole si vous \u00eates artisan, commer\u00e7ant ou professionnel lib\u00e9ral non r\u00e9glement\u00e9, 1\/3\u0026nbsp;si vous \u00eates un professionnel lib\u00e9ral r\u00e9glement\u00e9, jusqu\u2019\u00e0 la fin du 7\u00e8me\u0026nbsp;trimestre qui suit celui au cours duquel vous avez d\u00e9but\u00e9 votre activit\u00e9,\u003C\/li\u003E\u003Cli\u003E\u00bd des taux pleins de m\u00e9tropole que vous soyez artisan, commer\u00e7ant ou professionnel lib\u00e9ral, pour la p\u00e9riode qui court entre la fin du 8\u00e8me\u0026nbsp;trimestre d\u2019activit\u00e9 jusqu\u2019\u00e0 la fin de la 3\u00e8me\u0026nbsp;ann\u00e9e civile d\u2019activit\u00e9,\u003C\/li\u003E\u003C\/ul\u003E\u003Cp\u003E\u0026nbsp;\u003C\/p\u003E\u003Cul\u003E\u003Cli\u003E\u003Cp\u003ET\u003Cstrong\u003Eaux de cotisations - artisan, commer\u00e7ant et profession lib\u00e9rale non r\u00e9glement\u00e9e DROM\u0026nbsp;\u003C\/strong\u003E\u003C\/p\u003E\u003C\/li\u003E\u003C\/ul\u003E\u003Ctable border=\u00221\u0022 cellspacing=\u00220\u0022 cellpadding=\u00220\u0022 width=\u0022642\u0022\u003E\u003Ctbody\u003E\u003Ctr\u003E\u003Ctd width=\u0022144\u0022 valign=\u0022top\u0022\u003E\u003Cp align=\u0022center\u0022\u003E\u003Cstrong\u003EActivit\u00e9\u003C\/strong\u003E\u003C\/p\u003E\u003C\/td\u003E\u003Ctd width=\u0022168\u0022 valign=\u0022top\u0022\u003E\u003Cp align=\u0022center\u0022\u003E\u003Cstrong\u003EP\u00e9riode 1 :\u003C\/strong\u003E\u003Cbr\u003E\u003Cstrong\u003Ejusqu\u0027\u00e0 la fin du 7\u00e8me trimestre civil suivant celui de d\u00e9but d\u0027activit\u00e9\u003C\/strong\u003E\u003Cbr\u003E\u003Cstrong\u003E(1\/6 des taux pleins)\u003C\/strong\u003E\u003C\/p\u003E\u003C\/td\u003E\u003Ctd width=\u0022151\u0022 valign=\u0022top\u0022\u003E\u003Cp align=\u0022center\u0022\u003E\u003Cstrong\u003EP\u00e9riode 2 :\u003C\/strong\u003E\u003Cbr\u003E\u003Cstrong\u003Edu 8\u00e8me trimestre civil suivant celui de d\u00e9but d\u0027activit\u00e9 jusqu\u0027\u00e0 la fin de la 3\u00e8me ann\u00e9e civile\u003C\/strong\u003E\u003Cbr\u003E\u003Cstrong\u003E(1\/2 des taux pleins)\u003C\/strong\u003E\u003C\/p\u003E\u003C\/td\u003E\u003Ctd width=\u0022180\u0022 valign=\u0022top\u0022\u003E\u003Cp align=\u0022center\u0022\u003E\u003Cstrong\u003E\u00ab R\u00e9gime de croisi\u00e8re \u00bb :\u003C\/strong\u003E\u003Cbr\u003E\u003Cstrong\u003E\u00e0 compter de la 4\u00e8me ann\u00e9e civile\u003C\/strong\u003E\u003Cbr\u003E\u003Cstrong\u003E(2\/3 des taux pleins)\u003C\/strong\u003E\u003C\/p\u003E\u003C\/td\u003E\u003C\/tr\u003E\u003Ctr\u003E\u003Ctd width=\u0022144\u0022 valign=\u0022top\u0022\u003E\u003Cp align=\u0022center\u0022\u003E\u003Cstrong\u003EVente de marchandises (BIC)\u003C\/strong\u003E\u003C\/p\u003E\u003C\/td\u003E\u003Ctd width=\u0022168\u0022 valign=\u0022top\u0022\u003E\u003Cp align=\u0022center\u0022\u003E2,1 %\u003C\/p\u003E\u003C\/td\u003E\u003Ctd width=\u0022151\u0022 valign=\u0022top\u0022\u003E\u003Cp align=\u0022center\u0022\u003E6,2 %\u003C\/p\u003E\u003C\/td\u003E\u003Ctd width=\u0022180\u0022 valign=\u0022top\u0022\u003E\u003Cp align=\u0022center\u0022\u003E8,2 %\u003C\/p\u003E\u003C\/td\u003E\u003C\/tr\u003E\u003Ctr\u003E\u003Ctd width=\u0022144\u0022 valign=\u0022top\u0022\u003E\u003Cp align=\u0022center\u0022\u003E\u003Cstrong\u003EPrestations de service commerciales ou artisanales (BIC)\u003C\/strong\u003E\u003C\/p\u003E\u003C\/td\u003E\u003Ctd width=\u0022168\u0022 valign=\u0022top\u0022\u003E\u003Cp align=\u0022center\u0022\u003E3,6 %\u003C\/p\u003E\u003C\/td\u003E\u003Ctd width=\u0022151\u0022 valign=\u0022top\u0022\u003E\u003Cp align=\u0022center\u0022\u003E10,6 %\u003C\/p\u003E\u003C\/td\u003E\u003Ctd width=\u0022180\u0022 valign=\u0022top\u0022\u003E\u003Cp align=\u0022center\u0022\u003E14,2 %\u003C\/p\u003E\u003C\/td\u003E\u003C\/tr\u003E\u003Ctr\u003E\u003Ctd width=\u0022144\u0022 valign=\u0022top\u0022\u003E\u003Cp align=\u0022center\u0022\u003E\u003Cstrong\u003EAutres prestations de service (BNC)\u003C\/strong\u003E\u003Cbr\u003E\u003Cstrong\u003E(2025\/2026)\u003C\/strong\u003E\u003C\/p\u003E\u003C\/td\u003E\u003Ctd width=\u0022168\u0022 valign=\u0022top\u0022\u003E\u003Cp align=\u0022center\u0022\u003E4,1 % (2025)\u003Cbr\u003E4,4 % (2026)\u003C\/p\u003E\u003C\/td\u003E\u003Ctd width=\u0022151\u0022 valign=\u0022top\u0022\u003E\u003Cp align=\u0022center\u0022\u003E12,3 % (2025)\u003Cbr\u003E13,1 % (2026)\u003C\/p\u003E\u003C\/td\u003E\u003Ctd width=\u0022180\u0022 valign=\u0022top\u0022\u003E\u003Cp align=\u0022center\u0022\u003E16,4 % (2025)\u003Cbr\u003E17,4 % (2026)\u003C\/p\u003E\u003C\/td\u003E\u003C\/tr\u003E\u003Ctr\u003E\u003Ctd width=\u0022144\u0022 valign=\u0022top\u0022\u003E\u003Cp align=\u0022center\u0022\u003E\u003Cstrong\u003EActivit\u00e9s de locaux d\u0027habitations meubl\u00e9s de tourisme class\u00e9s\u003C\/strong\u003E\u003C\/p\u003E\u003C\/td\u003E\u003Ctd width=\u0022168\u0022 valign=\u0022top\u0022\u003E\u003Cp align=\u0022center\u0022\u003E1 %\u003C\/p\u003E\u003C\/td\u003E\u003Ctd width=\u0022151\u0022 valign=\u0022top\u0022\u003E\u003Cp align=\u0022center\u0022\u003E3 %\u003C\/p\u003E\u003C\/td\u003E\u003Ctd width=\u0022180\u0022 valign=\u0022top\u0022\u003E\u003Cp align=\u0022center\u0022\u003E4 %\u003C\/p\u003E\u003C\/td\u003E\u003C\/tr\u003E\u003C\/tbody\u003E\u003C\/table\u003E\u003Cp\u003E\u0026nbsp;\u003C\/p\u003E\u003Cp\u003E\u0026nbsp;\u003C\/p\u003E\u003Cul\u003E\u003Cli\u003E\u003Cp\u003E\u003Cstrong\u003ETaux de cotisations \u2013 Profession lib\u00e9rale r\u00e9glement\u00e9e relevant de la CIPAV Drom (toutes natures de chiffre d\u2019affaires)\u0026nbsp;\u003C\/strong\u003E\u003C\/p\u003E\u003C\/li\u003E\u003C\/ul\u003E\u003Cp\u003E\u0026nbsp;\u003C\/p\u003E\u003Ctable border=\u00221\u0022 cellspacing=\u00220\u0022 cellpadding=\u00220\u0022 width=\u0022642\u0022\u003E\u003Ctbody\u003E\u003Ctr\u003E\u003Ctd valign=\u0022top\u0022\u003E\u003Cp align=\u0022center\u0022\u003E\u003Cstrong\u003EActivit\u00e9s\u003C\/strong\u003E\u003C\/p\u003E\u003C\/td\u003E\u003Ctd valign=\u0022top\u0022\u003E\u003Cp align=\u0022center\u0022\u003E\u003Cstrong\u003EP\u00e9riode 1 : jusqu\u0027\u00e0 la fin du 7\u00e8me trimestre civil suivant celui de d\u00e9but d\u0027activit\u00e9\u003C\/strong\u003E\u003C\/p\u003E\u003C\/td\u003E\u003Ctd valign=\u0022top\u0022\u003E\u003Cp align=\u0022center\u0022\u003E\u003Cstrong\u003EP\u00e9riode 2 : du 8\u00e8me trimestre civil suivant celui de d\u00e9but d\u0027activit\u00e9 jusqu\u0027\u00e0 la fin de la 3\u00e8me ann\u00e9e civile d\u0027activit\u00e9\u003C\/strong\u003E\u003C\/p\u003E\u003C\/td\u003E\u003Ctd valign=\u0022top\u0022\u003E\u003Cp align=\u0022center\u0022\u003E\u003Cstrong\u003E\u0022R\u00e9gime de croisi\u00e8re\u0022 : \u00e0 compter de la 4\u00e8me ann\u00e9e civile\u003C\/strong\u003E\u003C\/p\u003E\u003C\/td\u003E\u003C\/tr\u003E\u003Ctr\u003E\u003Ctd valign=\u0022top\u0022\u003E\u003Cp align=\u0022center\u0022\u003E\u003Cstrong\u003EActivit\u00e9s BIC ou BNC\u003C\/strong\u003E\u003C\/p\u003E\u003C\/td\u003E\u003Ctd valign=\u0022top\u0022\u003E\u003Cp align=\u0022center\u0022\u003E7,8 % au 1er juillet 2024\u003C\/p\u003E\u003C\/td\u003E\u003Ctd valign=\u0022top\u0022\u003E\u003Cp align=\u0022center\u0022\u003E11,6 % au 1er juillet 2024\u003C\/p\u003E\u003C\/td\u003E\u003Ctd valign=\u0022top\u0022\u003E\u003Cp align=\u0022center\u0022\u003E15,5 % au 1er juillet 2024\u003C\/p\u003E\u003C\/td\u003E\u003C\/tr\u003E\u003Ctr\u003E\u003Ctd valign=\u0022top\u0022\u003E\u003Cp align=\u0022center\u0022\u003E\u003Cstrong\u003EActivit\u00e9s de locaux d\u2019habitation meubl\u00e9s de tourisme class\u00e9s\u003C\/strong\u003E\u003C\/p\u003E\u003C\/td\u003E\u003Ctd valign=\u0022top\u0022\u003E\u003Cp align=\u0022center\u0022\u003E2 %\u003C\/p\u003E\u003C\/td\u003E\u003Ctd valign=\u0022top\u0022\u003E\u003Cp align=\u0022center\u0022\u003E3 %\u003C\/p\u003E\u003C\/td\u003E\u003Ctd valign=\u0022top\u0022\u003E\u003Cp align=\u0022center\u0022\u003E4 %\u003C\/p\u003E\u003C\/td\u003E\u003C\/tr\u003E\u003C\/tbody\u003E\u003C\/table\u003E\u003Cp\u003E\u0026nbsp;\u003C\/p\u003E                                            \u003Cp\u003E\u003Cbr \/\u003E\u003Cstrong\u003ESource :\u003C\/strong\u003E\u003Cstrong\u003E\u00a0\u003C\/strong\u003E\u003C\/p\u003E\u003Cul\u003E\u003Cli\u003E\u003Ca href=\u0022https:\/\/www.legifrance.gouv.fr\/jorf\/id\/JORFTEXT000034676170#:~:text=de%20s%C3%A9curit%C3%A9%20...-,D%C3%A9cret%20n%C2%B0%202017%2D972%20du%209%20mai%202017%20relatif,non%20agricoles%20en%20outre%2Dmer\u0022 target=\u0022_blank\u0022\u003ED\u00e9cret n\u00b0 2017-972 du 9 mai 2017 relatif aux modalit\u00e9s de calcul et aux dispositifs d\u0027exon\u00e9ration des cotisations de s\u00e9curit\u00e9 sociale des travailleurs ind\u00e9pendants non agricoles en outre-mer\u003C\/a\u003E\u003C\/li\u003E\u003Cli\u003E\u003Ca href=\u0022https:\/\/www.legifrance.gouv.fr\/loda\/id\/JORFTEXT000036342439\/#:~:text=des%20cotisations%20...-,D%C3%A9cret%20n%C2%B0%202017%2D1894%20du%2030%20d%C3%A9cembre%202017%20relatif,s%C3%A9curit%C3%A9%20sociale%20des%20travailleurs%20ind%C3%A9pendants\u0022 target=\u0022_blank\u0022\u003ED\u00e9cret n\u00b0 2017-1894 du 30 d\u00e9cembre 2017 relatif aux modalit\u00e9s de calcul et aux dispositifs d\u0027exon\u00e9ration des cotisations de s\u00e9curit\u00e9 sociale des travailleurs ind\u00e9pendants, articles 4 et 5\u003C\/a\u003E\u003C\/li\u003E\u003Cli\u003E\u003Ca href=\u0022https:\/\/www.legifrance.gouv.fr\/jorf\/id\/JORFTEXT000046710841#:~:text=%2DLe%20taux%20de%20base%20de,1%C2%B0%20du%20m%C3%AAme%20article.\u0022 target=\u0022_blank\u0022 rel=\u0022noopener\u0022\u003ED\u00e9cret n\u00b0 2022-1529 du 7 d\u00e9cembre 2022 relatif aux modalit\u00e9s de calcul des cotisations sociales des travailleurs ind\u00e9pendants, aux modalit\u00e9s de r\u00e9partition entre les risques des montants de cotisations et contributions recouvr\u00e9s en application du dispositif pr\u00e9vu \u00e0 l\u0027article L. 613-7 du code de la s\u00e9curit\u00e9 sociale et aux modalit\u00e9s de mise en \u0153uvre de l\u0027option pr\u00e9vue au second alin\u00e9a de l\u0027article L. 731-13 du code rural et de la p\u00eache maritime\u003C\/a\u003E\u003C\/li\u003E\u003Cli\u003E\u003Ca href=\u0022http:\/\/www.autoentrepreneur.urssaf.fr\u0022 target=\u0022_blank\u0022 rel=\u0022noopener\u0022\u003Ewww.autoentrepreneur.urssaf.fr\u003C\/a\u003E\u003C\/li\u003E\u003Cli\u003E\u003Ca href=\u0022https:\/\/www.urssaf.fr\/portail\/home\/taux-et-baremes\/taux-de-cotisations\/travailleurs-independants-en-out.html\u0022 target=\u0022_blank\u0022 rel=\u0022noopener\u0022\u003Ehttps:\/\/www.urssaf.fr\/portail\/home\/taux-et-baremes\/taux-de-cotisations\/travailleurs-independants-en-out.html\u003C\/a\u003E\u003C\/li\u003E\u003C\/ul\u003E\u003C\/div\u003E","annee":"2025","theme":" Indices, taux, bar\u00e8mes sociaux","activites":["Tout secteur"],"image":"https:\/\/www.weblex.fr\/sites\/default\/files\/chiffres_clef\/Shutterstock_cotisationssociales_0.jpg","created":"2025-07-28","modified":"2025-07-28"},{"url":"\/chiffres-cles\/taxe-sur-le-transport-aerien-de-passagers-2025","id":26636,"title":"Taxe sur le transport a\u00e9rien de passagers - 2025","content":"\u003Cdiv\u003E                                              \u003Cp\u003EPour les vols \u00e0 compter du 1er avril 2024 et jusqu\u2019au 31 mars 2025 inclus, les tarifs sont les suivants :\u0026nbsp;\u003C\/p\u003E\u003Cdiv align=\u0022center\u0022\u003E\u003Cdiv align=\u0022center\u0022\u003E\u003Ctable border=\u00221\u0022 cellspacing=\u00220\u0022 cellpadding=\u00220\u0022\u003E\u003Ctbody\u003E\u003Ctr\u003E\u003Ctd\u003E\u003Cp align=\u0022center\u0022\u003E\u003Cbr\u003E\u003Cstrong\u003EDestination finale\u003C\/strong\u003E\u003C\/p\u003E\u003C\/td\u003E\u003Ctd\u003E\u003Cp align=\u0022center\u0022\u003E\u003Cstrong\u003ETarifs (en euros)\u003C\/strong\u003E\u003C\/p\u003E\u003C\/td\u003E\u003C\/tr\u003E\u003Ctr\u003E\u003Ctd\u003E\u003Cp align=\u0022center\u0022\u003E\u003Cbr\u003E\u003Cstrong\u003EEurop\u00e9enne ou assimil\u00e9e (*)\u003C\/strong\u003E\u003C\/p\u003E\u003C\/td\u003E\u003Ctd\u003E\u003Cp align=\u0022center\u0022\u003E\u003Cbr\u003E\u003Cstrong\u003E5,05\u003C\/strong\u003E\u003C\/p\u003E\u003C\/td\u003E\u003C\/tr\u003E\u003Ctr\u003E\u003Ctd\u003E\u003Cp align=\u0022center\u0022\u003E\u003Cbr\u003E\u003Cstrong\u003EInterm\u00e9diaire ou lointaine\u003C\/strong\u003E\u003C\/p\u003E\u003C\/td\u003E\u003Ctd\u003E\u003Cp align=\u0022center\u0022\u003E\u003Cbr\u003E\u003Cstrong\u003E9,09\u003C\/strong\u003E\u003C\/p\u003E\u003C\/td\u003E\u003C\/tr\u003E\u003C\/tbody\u003E\u003C\/table\u003E\u003C\/div\u003E\u003Cp\u003E(*) \u00e0 partir du 1er mars 2025, sont \u00e9galement concern\u00e9s les vols au d\u00e9part des territoires ultramarins \u00e0 destination d\u2019un \u00c9tat situ\u00e9 \u00e0 moins de 1 000 km de l\u2019a\u00e9rodrome de r\u00e9f\u00e9rence.\u0026nbsp;\u003C\/p\u003E\u003Cp\u003EPour les vols \u00e0 compter du 1er avril 2025 et jusqu\u2019au 31 mars 2026 inclus, les tarifs sont les suivants :\u003C\/p\u003E\u003Cdiv align=\u0022center\u0022\u003E\u003Ctable border=\u00221\u0022 cellspacing=\u00220\u0022 cellpadding=\u00220\u0022\u003E\u003Ctbody\u003E\u003Ctr\u003E\u003Ctd\u003E\u003Cp align=\u0022center\u0022\u003E\u003Cbr\u003E\u003Cstrong\u003EDestination finale\u003C\/strong\u003E\u003C\/p\u003E\u003C\/td\u003E\u003Ctd\u003E\u003Cp align=\u0022center\u0022\u003E\u003Cbr\u003E\u003Cstrong\u003ETarif (en euros)\u003C\/strong\u003E\u003C\/p\u003E\u003C\/td\u003E\u003C\/tr\u003E\u003Ctr\u003E\u003Ctd\u003E\u003Cp align=\u0022center\u0022\u003E\u003Cbr\u003E\u003Cstrong\u003EEurop\u00e9enne ou assimil\u00e9e\u003C\/strong\u003E\u003C\/p\u003E\u003C\/td\u003E\u003Ctd\u003E\u003Cp align=\u0022center\u0022\u003E\u003Cbr\u003E\u003Cstrong\u003E5,14\u003C\/strong\u003E\u003C\/p\u003E\u003C\/td\u003E\u003C\/tr\u003E\u003Ctr\u003E\u003Ctd\u003E\u003Cp align=\u0022center\u0022\u003E\u003Cbr\u003E\u003Cstrong\u003EInterm\u00e9diaire ou lointaine\u003C\/strong\u003E\u003C\/p\u003E\u003C\/td\u003E\u003Ctd\u003E\u003Cp align=\u0022center\u0022\u003E\u003Cbr\u003E\u003Cstrong\u003E9,25\u003C\/strong\u003E\u003C\/p\u003E\u003C\/td\u003E\u003C\/tr\u003E\u003C\/tbody\u003E\u003C\/table\u003E\u003C\/div\u003E\u003C\/div\u003E\u003Cp\u003EConcernant le tarif de solidarit\u00e9, il est d\u00e9termin\u00e9 en fonction de la destination finale du passager et de la cat\u00e9gorie de service, selon les modalit\u00e9s suivantes \u00e0 compter du 1er mars 2025\u0026nbsp;:\u003C\/p\u003E\u003Cdiv align=\u0022center\u0022\u003E\u003Ctable border=\u00221\u0022 cellpadding=\u00220\u0022\u003E\u003Ctbody\u003E\u003Ctr\u003E\u003Ctd width=\u0022176\u0022\u003E\u003Cp\u003E\u003Cstrong\u003EDestination finale\u0026nbsp;\u003C\/strong\u003E\u003C\/p\u003E\u003C\/td\u003E\u003Ctd width=\u0022225\u0022\u003E\u003Cp\u003E\u003Cstrong\u003ECat\u00e9gorie de service \u0026nbsp;\u003C\/strong\u003E\u003C\/p\u003E\u003C\/td\u003E\u003Ctd width=\u002291\u0022\u003E\u003Cp\u003E\u003Cstrong\u003ETarif (en euros)\u003C\/strong\u003E\u003C\/p\u003E\u003C\/td\u003E\u003C\/tr\u003E\u003Ctr\u003E\u003Ctd width=\u0022176\u0022 rowspan=\u00224\u0022\u003E\u003Cp\u003EDestination europ\u00e9enne ou assimil\u00e9e\u0026nbsp;\u003C\/p\u003E\u003C\/td\u003E\u003Ctd width=\u0022225\u0022\u003E\u003Cp\u003ENormale\u0026nbsp;\u003C\/p\u003E\u003C\/td\u003E\u003Ctd width=\u002291\u0022\u003E\u003Cp\u003E7,4\u0026nbsp;\u003C\/p\u003E\u003C\/td\u003E\u003C\/tr\u003E\u003Ctr\u003E\u003Ctd width=\u0022225\u0022\u003E\u003Cp\u003EAvec services additionnels\u0026nbsp;\u003C\/p\u003E\u003C\/td\u003E\u003Ctd width=\u002291\u0022\u003E\u003Cp\u003E30\u0026nbsp;\u003C\/p\u003E\u003C\/td\u003E\u003C\/tr\u003E\u003Ctr\u003E\u003Ctd width=\u0022225\u0022\u003E\u003Cp\u003EA\u00e9ronef d\u0027affaires avec turbopropulseur \u0026nbsp;\u003C\/p\u003E\u003C\/td\u003E\u003Ctd width=\u002291\u0022\u003E\u003Cp\u003E210\u0026nbsp;\u003C\/p\u003E\u003C\/td\u003E\u003C\/tr\u003E\u003Ctr\u003E\u003Ctd width=\u0022225\u0022\u003E\u003Cp\u003EA\u00e9ronef d\u0027affaires avec turbor\u00e9acteur\u0026nbsp;\u003C\/p\u003E\u003C\/td\u003E\u003Ctd width=\u002291\u0022\u003E\u003Cp\u003E420\u0026nbsp;\u003C\/p\u003E\u003C\/td\u003E\u003C\/tr\u003E\u003Ctr\u003E\u003Ctd width=\u0022176\u0022 rowspan=\u00224\u0022\u003E\u003Cp\u003EDestination interm\u00e9diaire\u0026nbsp;\u003C\/p\u003E\u003C\/td\u003E\u003Ctd width=\u0022225\u0022\u003E\u003Cp\u003ENormale\u0026nbsp;\u003C\/p\u003E\u003C\/td\u003E\u003Ctd width=\u002291\u0022\u003E\u003Cp\u003E15\u0026nbsp;\u003C\/p\u003E\u003C\/td\u003E\u003C\/tr\u003E\u003Ctr\u003E\u003Ctd width=\u0022225\u0022\u003E\u003Cp\u003EAvec services additionnels\u0026nbsp;\u003C\/p\u003E\u003C\/td\u003E\u003Ctd width=\u002291\u0022\u003E\u003Cp\u003E80\u0026nbsp;\u003C\/p\u003E\u003C\/td\u003E\u003C\/tr\u003E\u003Ctr\u003E\u003Ctd width=\u0022225\u0022\u003E\u003Cp\u003EA\u00e9ronef d\u0027affaires avec turbopropulseur \u0026nbsp;\u003C\/p\u003E\u003C\/td\u003E\u003Ctd width=\u002291\u0022\u003E\u003Cp\u003E675\u0026nbsp;\u003C\/p\u003E\u003C\/td\u003E\u003C\/tr\u003E\u003Ctr\u003E\u003Ctd width=\u0022225\u0022\u003E\u003Cp\u003EA\u00e9ronef d\u0027affaires avec turbor\u00e9acteur\u0026nbsp;\u003C\/p\u003E\u003C\/td\u003E\u003Ctd width=\u002291\u0022\u003E\u003Cp\u003E1 015\u0026nbsp;\u003C\/p\u003E\u003C\/td\u003E\u003C\/tr\u003E\u003Ctr\u003E\u003Ctd width=\u0022176\u0022 rowspan=\u00224\u0022\u003E\u003Cp\u003EDestination lointaine\u0026nbsp;\u003C\/p\u003E\u003C\/td\u003E\u003Ctd width=\u0022225\u0022\u003E\u003Cp\u003ENormale\u0026nbsp;\u003C\/p\u003E\u003C\/td\u003E\u003Ctd width=\u002291\u0022\u003E\u003Cp\u003E40\u0026nbsp;\u003C\/p\u003E\u003C\/td\u003E\u003C\/tr\u003E\u003Ctr\u003E\u003Ctd width=\u0022225\u0022\u003E\u003Cp\u003EAvec services additionnels\u0026nbsp;\u003C\/p\u003E\u003C\/td\u003E\u003Ctd width=\u002291\u0022\u003E\u003Cp\u003E120\u0026nbsp;\u003C\/p\u003E\u003C\/td\u003E\u003C\/tr\u003E\u003Ctr\u003E\u003Ctd width=\u0022225\u0022\u003E\u003Cp\u003EA\u00e9ronef d\u0027affaires avec turbopropulseur\u0026nbsp;\u003C\/p\u003E\u003C\/td\u003E\u003Ctd width=\u002291\u0022\u003E\u003Cp\u003E1 025\u0026nbsp;\u003C\/p\u003E\u003C\/td\u003E\u003C\/tr\u003E\u003Ctr\u003E\u003Ctd width=\u0022225\u0022\u003E\u003Cp\u003EA\u00e9ronef d\u0027affaires avec turbor\u00e9acteur\u0026nbsp;\u003C\/p\u003E\u003C\/td\u003E\u003Ctd width=\u002291\u0022\u003E\u003Cp\u003E2 100\u0026nbsp;\u003C\/p\u003E\u003C\/td\u003E\u003C\/tr\u003E\u003C\/tbody\u003E\u003C\/table\u003E\u003C\/div\u003E\u003Cdiv align=\u0022center\u0022\u003E\u003Ctable border=\u00221\u0022 cellspacing=\u00220\u0022 cellpadding=\u00220\u0022\u003E\u003Ctbody\u003E\u0026nbsp;\u003C\/tbody\u003E\u003C\/table\u003E\u003C\/div\u003E                                            \u003Cp\u003E\u003Cbr \/\u003E\u003Cstrong\u003ESource :\u003C\/strong\u003E\u003Cstrong\u003E\u00a0\u003C\/strong\u003E\u003C\/p\u003E\u003Cul\u003E\u003Cli\u003E\u003Ca href=\u0022https:\/\/www.legifrance.gouv.fr\/codes\/section_lc\/LEGITEXT000044595989\/LEGISCTA000044599467\/2025-04-01\u0022 target=\u0022_blank\u0022\u003EArticles L422-21 et suivants du code des impositions sur les biens et services\u003C\/a\u003E\u003C\/li\u003E\u003C\/ul\u003E\u003C\/div\u003E","annee":"2025","theme":" Indices, taux, bar\u00e8mes fiscaux","activites":["Transport"],"image":"https:\/\/www.weblex.fr\/sites\/default\/files\/chiffres_clef\/Shutterstock_transportaerienpassagers.jpg","created":"2025-07-28","modified":"2025-07-28"},{"url":"\/chiffres-cles\/tableau-des-cotisations-sociales-dues-par-les-travailleurs-independants-annee-2025","id":26642,"title":"Tableau des cotisations sociales dues par les travailleurs ind\u00e9pendants - Ann\u00e9e 2025","content":"\u003Cdiv\u003E                                              \u003Ch2\u003E1\/ Assiette et taux des cotisations\u003C\/h2\u003E\u003Cp\u003ETableau r\u00e9capitulatif des cotisations sociales au 1er janvier 2025\u003C\/p\u003E\u003Ctable border=\u00221\u0022 cellspacing=\u00220\u0022 cellpadding=\u00220\u0022 width=\u0022614\u0022\u003E\u003Ctbody\u003E\u003Ctr\u003E\u003Ctd width=\u0022132\u0022\u003E\u003Cp align=\u0022center\u0022\u003E\u003Cstrong\u003ECotisation\u003C\/strong\u003E\u003C\/p\u003E\u003C\/td\u003E\u003Ctd width=\u0022225\u0022\u003E\u003Cp align=\u0022center\u0022\u003E\u003Cstrong\u003EBase de calcul\u003C\/strong\u003E\u003C\/p\u003E\u003C\/td\u003E\u003Ctd width=\u0022257\u0022\u003E\u003Cp align=\u0022center\u0022\u003E\u003Cstrong\u003ETaux\/montant\u003C\/strong\u003E\u003C\/p\u003E\u003C\/td\u003E\u003C\/tr\u003E\u003Ctr\u003E\u003Ctd width=\u0022132\u0022 rowspan=\u00225\u0022\u003E\u003Cp align=\u0022center\u0022\u003EMaladie-maternit\u00e9 (y compris indemnit\u00e9s journali\u00e8res) \u0026nbsp;\u003C\/p\u003E\u003C\/td\u003E\u003Ctd width=\u0022225\u0022\u003E\u003Cp align=\u0022center\u0022\u003ERevenu professionnel inf\u00e9rieur \u00e0 18 840 \u20ac (soit 40 % du plafond annuel de la S\u00e9curit\u00e9 sociale)\u003C\/p\u003E\u003C\/td\u003E\u003Ctd width=\u0022257\u0022\u003E\u003Cp align=\u0022center\u0022\u003E0,50 %\u003C\/p\u003E\u003Cul\u003E\u003Cli\u003E\u003Cp align=\u0022center\u0022\u003ETaux maladie 1\u0026nbsp;: 0%\u0026nbsp;\u003C\/p\u003E\u003C\/li\u003E\u003Cli\u003E\u003Cp align=\u0022center\u0022\u003ETaux maladie 2 0,50 %\u0026nbsp;\u003C\/p\u003E\u003C\/li\u003E\u003C\/ul\u003E\u003C\/td\u003E\u003C\/tr\u003E\u003Ctr\u003E\u003Ctd width=\u0022225\u0022\u003E\u003Cp align=\u0022center\u0022\u003ERevenu professionnel compris entre 18 840 \u20ac et 28 260 \u20ac (soit 40 \u00e0 60 % du plafond annuel de la S\u00e9curit\u00e9 sociale)\u003C\/p\u003E\u003C\/td\u003E\u003Ctd width=\u0022257\u0022\u003E\u003Cp align=\u0022center\u0022\u003ETaux progressif\u0026nbsp;: 0,50 % \u00e0 4,50 %\u0026nbsp;\u003C\/p\u003E\u003Cul\u003E\u003Cli\u003E\u003Cp align=\u0022center\u0022\u003ETaux maladie 1\u0026nbsp;: de 0 \u00e0 4%\u0026nbsp;\u003C\/p\u003E\u003C\/li\u003E\u003Cli\u003E\u003Cp align=\u0022center\u0022\u003ETaux maladie 2\u0026nbsp;: 0,50 %\u0026nbsp;\u003C\/p\u003E\u003C\/li\u003E\u003C\/ul\u003E\u003C\/td\u003E\u003C\/tr\u003E\u003Ctr\u003E\u003Ctd width=\u0022225\u0022\u003E\u003Cp align=\u0022center\u0022\u003ERevenu professionnel compris entre 28 260 \u20ac et 51 810 \u20ac (soit 60 % \u00e0 110 % le plafond annuel de la S\u00e9curit\u00e9 sociale)\u003C\/p\u003E\u003C\/td\u003E\u003Ctd width=\u0022257\u0022\u003E\u003Cp align=\u0022center\u0022\u003EDe 4,50 % \u00e0 7,20% %\u003C\/p\u003E\u003Cul\u003E\u003Cli\u003E\u003Cp align=\u0022center\u0022\u003ETaux maladie 1\u0026nbsp;: de 4 % \u00e0 6,70 %\u0026nbsp;\u003C\/p\u003E\u003C\/li\u003E\u003Cli\u003E\u003Cp align=\u0022center\u0022\u003ETaux maladie 2\u0026nbsp;: 0,50 %\u0026nbsp;\u003C\/p\u003E\u003C\/li\u003E\u003C\/ul\u003E\u003C\/td\u003E\u003C\/tr\u003E\u003Ctr\u003E\u003Ctd width=\u0022225\u0022\u003E\u003Cp align=\u0022center\u0022\u003ERevenu professionnel compris entre 51 810 \u20ac et 235 500 \u20ac inclus (soit 110 % du plafond annuel de la S\u00e9curit\u00e9 sociale \u00e0 5 fois le plafond annuel de la S\u00e9curit\u00e9 sociale)\u003C\/p\u003E\u003C\/td\u003E\u003Ctd width=\u0022257\u0022\u003E\u003Cp align=\u0022center\u0022\u003E7,20 %\u003C\/p\u003E\u003Cul\u003E\u003Cli\u003E\u003Cp align=\u0022center\u0022\u003ETaux maladie 1\u0026nbsp;: 6,70%\u0026nbsp;\u003C\/p\u003E\u003C\/li\u003E\u003Cli\u003E\u003Cp align=\u0022center\u0022\u003ETaux maladie 2\u0026nbsp;: 0,50%\u0026nbsp;\u003C\/p\u003E\u003C\/li\u003E\u003C\/ul\u003E\u003C\/td\u003E\u003C\/tr\u003E\u003Ctr\u003E\u003Ctd width=\u0022225\u0022\u003E\u003Cp align=\u0022center\u0022\u003EPart de revenus sup\u00e9rieurs \u00e0 235 500 \u20ac (5 fois le plafond annuel de la S\u00e9curit\u00e9 sociale)\u003C\/p\u003E\u003C\/td\u003E\u003Ctd width=\u0022257\u0022\u003E\u003Cp align=\u0022center\u0022\u003E6,50 %\u003C\/p\u003E\u003C\/td\u003E\u003C\/tr\u003E\u003Ctr\u003E\u003Ctd width=\u0022132\u0022 rowspan=\u00223\u0022\u003E\u003Cp align=\u0022center\u0022\u003EAllocations familiales\u003C\/p\u003E\u003C\/td\u003E\u003Ctd width=\u0022225\u0022\u003E\u003Cp align=\u0022center\u0022\u003ERevenu inf\u00e9rieur \u00e0 51 810 \u20ac (110\u0026nbsp;% du plafond annuel de la S\u00e9curit\u00e9 sociale)\u003C\/p\u003E\u003C\/td\u003E\u003Ctd width=\u0022257\u0022\u003E\u003Cp align=\u0022center\u0022\u003E0 %\u003C\/p\u003E\u003C\/td\u003E\u003C\/tr\u003E\u003Ctr\u003E\u003Ctd width=\u0022225\u0022\u003E\u003Cp align=\u0022center\u0022\u003ERevenu compris entre 51 810 \u20ac et 57 540 \u20ac (entre 110 % et 140 % du plafond annuel de la S\u00e9curit\u00e9 sociale)\u003C\/p\u003E\u003C\/td\u003E\u003Ctd width=\u0022257\u0022\u003E\u003Cp align=\u0022center\u0022\u003ETaux progressif : 0 \u00e0 3,10 %\u003C\/p\u003E\u003C\/td\u003E\u003C\/tr\u003E\u003Ctr\u003E\u003Ctd width=\u0022225\u0022\u003E\u003Cp align=\u0022center\u0022\u003ERevenu sup\u00e9rieur \u00e0 57 540 \u20ac (140 % du plafond annuel de la S\u00e9curit\u00e9 sociale)\u003C\/p\u003E\u003C\/td\u003E\u003Ctd width=\u0022257\u0022\u003E\u003Cp align=\u0022center\u0022\u003E3,10 %\u003C\/p\u003E\u003C\/td\u003E\u003C\/tr\u003E\u003Ctr\u003E\u003Ctd width=\u0022132\u0022 rowspan=\u00222\u0022\u003E\u003Cp align=\u0022center\u0022\u003ERetraite de base\u003C\/p\u003E\u003C\/td\u003E\u003Ctd width=\u0022225\u0022\u003E\u003Cp align=\u0022center\u0022\u003EDans la limite de 47 100 \u20ac\u003C\/p\u003E\u003C\/td\u003E\u003Ctd width=\u0022257\u0022\u003E\u003Cp align=\u0022center\u0022\u003E17,75 %\u003C\/p\u003E\u003C\/td\u003E\u003C\/tr\u003E\u003Ctr\u003E\u003Ctd width=\u0022225\u0022\u003E\u003Cp align=\u0022center\u0022\u003ERevenu au-del\u00e0 de 47 100 \u20ac\u0026nbsp;\u003C\/p\u003E\u003C\/td\u003E\u003Ctd width=\u0022257\u0022\u003E\u003Cp align=\u0022center\u0022\u003E0,60 %\u003C\/p\u003E\u003C\/td\u003E\u003C\/tr\u003E\u003Ctr\u003E\u003Ctd width=\u0022132\u0022\u003E\u003Cp align=\u0022center\u0022\u003ERetraite compl\u00e9mentaire\u003C\/p\u003E\u003C\/td\u003E\u003Ctd width=\u0022482\u0022 colspan=\u00222\u0022 valign=\u0022top\u0022\u003E\u003Cp align=\u0022center\u0022\u003EVariable selon l\u2019activit\u00e9\u003C\/p\u003E\u003C\/td\u003E\u003C\/tr\u003E\u003Ctr\u003E\u003Ctd width=\u0022132\u0022\u003E\u003Cp align=\u0022center\u0022\u003EInvalidit\u00e9 \u2013 D\u00e9c\u00e8s\u0026nbsp;\u003C\/p\u003E\u003C\/td\u003E\u003Ctd width=\u0022225\u0022\u003E\u003Cp align=\u0022center\u0022\u003ERevenu dans la limite de 47 100 \u20ac (soit une fois le plafond annuel de la S\u00e9curit\u00e9 sociale)\u003C\/p\u003E\u003C\/td\u003E\u003Ctd width=\u0022257\u0022\u003E\u003Cp align=\u0022center\u0022\u003E1,3 %\u0026nbsp;\u003C\/p\u003E\u003C\/td\u003E\u003C\/tr\u003E\u003Ctr\u003E\u003Ctd width=\u0022132\u0022 rowspan=\u00222\u0022\u003E\u003Cp align=\u0022center\u0022\u003ECSG\/CRDS\u003C\/p\u003E\u003C\/td\u003E\u003Ctd width=\u0022225\u0022\u003E\u003Cp align=\u0022center\u0022\u003EMontant du revenu professionnel + cotisations sociales obligatoires\u003C\/p\u003E\u003C\/td\u003E\u003Ctd width=\u0022257\u0022\u003E\u003Cp align=\u0022center\u0022\u003E9,70 %\u003C\/p\u003E\u003C\/td\u003E\u003C\/tr\u003E\u003Ctr\u003E\u003Ctd width=\u0022225\u0022\u003E\u003Cp align=\u0022center\u0022\u003ERevenus de remplacement\u003C\/p\u003E\u003C\/td\u003E\u003Ctd width=\u0022257\u0022\u003E\u003Cp align=\u0022center\u0022\u003E6,70 %\u003C\/p\u003E\u003C\/td\u003E\u003C\/tr\u003E\u003Ctr\u003E\u003Ctd width=\u0022132\u0022\u003E\u003Cp align=\u0022center\u0022\u003EContribution \u00e0 la formation professionnelle*\u0026nbsp;\u003C\/p\u003E\u003C\/td\u003E\u003Ctd width=\u0022225\u0022\u003E\u003Cp align=\u0022center\u0022\u003ESur la base de 47 100 \u20ac\u003C\/p\u003E\u003C\/td\u003E\u003Ctd width=\u0022257\u0022\u003E\u003Cul\u003E\u003Cli\u003E\u003Cp align=\u0022center\u0022\u003E0,34 % pour le conjoint collaborateur\u0026nbsp;\u003C\/p\u003E\u003C\/li\u003E\u003Cli\u003E\u003Cp align=\u0022center\u0022\u003E0,25 pour le commer\u00e7ant\u0026nbsp;\u003C\/p\u003E\u003C\/li\u003E\u003Cli\u003E\u003Cp align=\u0022center\u0022\u003E0,29 % pour l\u2019artisan\u003C\/p\u003E\u003C\/li\u003E\u003C\/ul\u003E\u003C\/td\u003E\u003C\/tr\u003E\u003C\/tbody\u003E\u003C\/table\u003E\u003Cp\u003E*\u003Cstrong\u003EDue au titre de 2025 et payable en novembre 2025\u003C\/strong\u003E\u003C\/p\u003E\u003Cp\u003E\u0026nbsp;\u003C\/p\u003E\u003Ch2\u003E2\/ Assiette et cotisations minimales\u003C\/h2\u003E\u003Cp\u003EEn cas de revenus inf\u00e9rieurs \u00e0 un certain seuil, les cotisations sont calcul\u00e9es sur une base annuelle minimale.\u003C\/p\u003E\u003Ctable border=\u00221\u0022 cellspacing=\u00220\u0022 cellpadding=\u00220\u0022 width=\u0022604\u0022\u003E\u003Ctbody\u003E\u003Ctr\u003E\u003Ctd width=\u0022129\u0022 valign=\u0022top\u0022\u003E\u003Cp align=\u0022center\u0022\u003E\u003Cstrong\u003ECotisation\u003C\/strong\u003E\u003C\/p\u003E\u003C\/td\u003E\u003Ctd width=\u0022239\u0022 valign=\u0022top\u0022\u003E\u003Cp align=\u0022center\u0022\u003E\u003Cstrong\u003EAssiette minimale\u003C\/strong\u003E\u003C\/p\u003E\u003C\/td\u003E\u003Ctd width=\u0022236\u0022 valign=\u0022top\u0022\u003E\u003Cp align=\u0022center\u0022\u003E\u003Cstrong\u003EMontant annuel de la cotisation\u003C\/strong\u003E\u003C\/p\u003E\u003C\/td\u003E\u003C\/tr\u003E\u003Ctr\u003E\u003Ctd width=\u0022129\u0022 valign=\u0022top\u0022\u003E\u003Cp align=\u0022center\u0022\u003EMaladie (indemnit\u00e9s journali\u00e8res)\u003C\/p\u003E\u003C\/td\u003E\u003Ctd width=\u0022239\u0022 valign=\u0022top\u0022\u003E\u003Cp align=\u0022center\u0022\u003E18 840 \u20ac(40 % du plafond annuel de la S\u00e9curit\u00e9 sociale)\u003C\/p\u003E\u003C\/td\u003E\u003Ctd width=\u0022236\u0022 valign=\u0022top\u0022\u003E\u003Cp align=\u0022center\u0022\u003E94 \u20ac\u003C\/p\u003E\u003Cul\u003E\u003Cli\u003E\u003Cp align=\u0022center\u0022\u003EMaladie 1\u0026nbsp;: 0 \u20ac\u003C\/p\u003E\u003C\/li\u003E\u003Cli\u003E\u003Cp align=\u0022center\u0022\u003EMaladie 2\u0026nbsp;: 94 \u20ac\u003C\/p\u003E\u003C\/li\u003E\u003C\/ul\u003E\u003C\/td\u003E\u003C\/tr\u003E\u003Ctr\u003E\u003Ctd width=\u0022129\u0022 valign=\u0022top\u0022\u003E\u003Cp align=\u0022center\u0022\u003ERetraite de base\u003C\/p\u003E\u003C\/td\u003E\u003Ctd width=\u0022239\u0022 valign=\u0022top\u0022\u003E\u003Cp align=\u0022center\u0022\u003E5 346 \u20ac \u0026nbsp;(450 heures SMIC)\u003C\/p\u003E\u003C\/td\u003E\u003Ctd width=\u0022236\u0022 valign=\u0022top\u0022\u003E\u003Cp align=\u0022center\u0022\u003E949 \u20ac\u003C\/p\u003E\u003C\/td\u003E\u003C\/tr\u003E\u003Ctr\u003E\u003Ctd width=\u0022129\u0022 valign=\u0022top\u0022\u003E\u003Cp align=\u0022center\u0022\u003EInvalidit\u00e9-d\u00e9c\u00e8s\u003C\/p\u003E\u003C\/td\u003E\u003Ctd width=\u0022239\u0022 valign=\u0022top\u0022\u003E\u003Cp align=\u0022center\u0022\u003E5 417 \u20ac (11,5 % du plafond annuel de la S\u00e9curit\u00e9 sociale)\u003C\/p\u003E\u003C\/td\u003E\u003Ctd width=\u0022236\u0022 valign=\u0022top\u0022\u003E\u003Cp align=\u0022center\u0022\u003E70 \u20ac\u003C\/p\u003E\u003C\/td\u003E\u003C\/tr\u003E\u003Ctr\u003E\u003Ctd width=\u0022129\u0022\u003E\u003Cp align=\u0022center\u0022\u003EContribution \u00e0 la formation professionnelle*\u0026nbsp;\u003C\/p\u003E\u003C\/td\u003E\u003Ctd width=\u0022239\u0022\u003E\u003Cp align=\u0022center\u0022\u003ESur la base de 47 100 \u20ac\u003C\/p\u003E\u003C\/td\u003E\u003Ctd width=\u0022236\u0022\u003E\u003Cp align=\u0022center\u0022\u003E118 \u20ac\u0026nbsp;\u003Cbr\u003E(160 \u20ac pour le conjoint collaborateur et 137 \u20ac pour l\u2019artisan)\u003C\/p\u003E\u003C\/td\u003E\u003C\/tr\u003E\u003C\/tbody\u003E\u003C\/table\u003E\u003Cp\u003E*\u003Cstrong\u003EDue au titre de 2025 et payable en novembre 2025\u003C\/strong\u003E\u003C\/p\u003E\u003Ch2\u003E3\/ Assiette et cotisations forfaitaires provisionnelles au titre des 2 premi\u00e8res ann\u00e9es d\u2019activit\u00e9\u003C\/h2\u003E\u003Cp\u003EPour rappel, en cas de cr\u00e9ation d\u2019entreprise en 2025, une exon\u00e9ration ACRE s\u2019applique, pendant 12 mois, sous certaines conditions.\u003C\/p\u003E\u003Cul\u003E\u003Cli\u003E\u003Cp\u003E\u003Cstrong\u003ECotisations non exon\u00e9r\u00e9es, calcul\u00e9es sur une base forfaitaire\u003C\/strong\u003E\u003C\/p\u003E\u003C\/li\u003E\u003C\/ul\u003E\u003Ctable border=\u00221\u0022 cellspacing=\u00220\u0022 cellpadding=\u00220\u0022 width=\u0022616\u0022\u003E\u003Ctbody\u003E\u003Ctr\u003E\u003Ctd width=\u0022144\u0022\u003E\u003Cp align=\u0022center\u0022\u003E\u003Cstrong\u003ECotisation\u003C\/strong\u003E\u003C\/p\u003E\u003C\/td\u003E\u003Ctd width=\u0022215\u0022\u003E\u003Cp align=\u0022center\u0022\u003E\u003Cstrong\u003EAssiette\u003C\/strong\u003E\u003C\/p\u003E\u003C\/td\u003E\u003Ctd width=\u0022258\u0022\u003E\u003Cp align=\u0022center\u0022\u003E\u003Cstrong\u003EMontant de la cotisation\u003C\/strong\u003E\u003C\/p\u003E\u003C\/td\u003E\u003C\/tr\u003E\u003Ctr\u003E\u003Ctd width=\u0022144\u0022\u003E\u003Cp align=\u0022center\u0022\u003ERetraite compl\u00e9mentaire\u003C\/p\u003E\u003C\/td\u003E\u003Ctd width=\u0022215\u0022\u003E\u003Cp align=\u0022center\u0022\u003E8\u0026nbsp;949 \u20ac (19 % du plafond annuel de la S\u00e9curit\u00e9 sociale)\u003C\/p\u003E\u003C\/td\u003E\u003Ctd width=\u0022258\u0022\u003E\u003Cp align=\u0022center\u0022\u003E626 \u20ac\u003C\/p\u003E\u003C\/td\u003E\u003C\/tr\u003E\u003Ctr\u003E\u003Ctd width=\u0022144\u0022\u003E\u003Cp align=\u0022center\u0022\u003ECSG \/ CRDS\u003C\/p\u003E\u003C\/td\u003E\u003Ctd width=\u0022215\u0022\u003E\u003Cp align=\u0022center\u0022\u003E8 949 \u20ac (19 % du plafond annuel de la S\u00e9curit\u00e9 sociale)\u003C\/p\u003E\u003C\/td\u003E\u003Ctd width=\u0022258\u0022\u003E\u003Cp align=\u0022center\u0022\u003E868 \u20ac\u003C\/p\u003E\u003C\/td\u003E\u003C\/tr\u003E\u003Ctr\u003E\u003Ctd width=\u0022144\u0022 rowspan=\u00222\u0022\u003E\u003Cp align=\u0022center\u0022\u003EFormation professionnelle (CPF)\u003C\/p\u003E\u003C\/td\u003E\u003Ctd width=\u0022215\u0022\u003E\u003Cp align=\u0022center\u0022\u003ESur la base de 47 100 \u20ac (pour les commer\u00e7ants et professionnels lib\u00e9raux non r\u00e9glement\u00e9s)\u003C\/p\u003E\u003C\/td\u003E\u003Ctd width=\u0022258\u0022\u003E\u003Cp align=\u0022center\u0022\u003E118 \u20ac\u003C\/p\u003E\u003C\/td\u003E\u003C\/tr\u003E\u003Ctr\u003E\u003Ctd width=\u0022215\u0022\u003E\u003Cp align=\u0022center\u0022\u003ESur la base de 47 100 \u20ac (artisans)\u003C\/p\u003E\u003C\/td\u003E\u003Ctd width=\u0022258\u0022\u003E\u003Cp align=\u0022center\u0022\u003E137 \u20ac\u003C\/p\u003E\u003C\/td\u003E\u003C\/tr\u003E\u003C\/tbody\u003E\u003C\/table\u003E\u003Cp\u003EEn cas d\u2019exon\u00e9ration ACRE d\u00e9gressive ou en cas d\u0027absence d\u2019exon\u00e9ration ACRE, un compl\u00e9ment de cotisations non exon\u00e9r\u00e9es en 2024 sera r\u00e9clam\u00e9, apr\u00e8s la r\u00e9alisation de la d\u00e9claration de revenus.\u003C\/p\u003E\u003Cul\u003E\u003Cli\u003E\u003Cp\u003E\u003Cstrong\u003EMontant des cotisations de 1re ann\u00e9e sans exon\u00e9ration ACRE\u0026nbsp;\u003C\/strong\u003E\u003C\/p\u003E\u003C\/li\u003E\u003C\/ul\u003E\u003Cp\u003E\u003Cstrong\u003E\u003C\/strong\u003E\u003C\/p\u003E\u003Ctable border=\u00221\u0022 cellspacing=\u00220\u0022 cellpadding=\u00220\u0022 width=\u0022607\u0022\u003E\u003Ctbody\u003E\u003Ctr\u003E\u003Ctd valign=\u0022top\u0022\u003E\u003Cp align=\u0022center\u0022\u003E\u003Cstrong\u003ECotisation\u003C\/strong\u003E\u003C\/p\u003E\u003C\/td\u003E\u003Ctd valign=\u0022top\u0022\u003E\u003Cp align=\u0022center\u0022\u003E\u003Cstrong\u003ER\u00e8gles et base de calcul\u003C\/strong\u003E\u003C\/p\u003E\u003C\/td\u003E\u003Ctd valign=\u0022top\u0022\u003E\u003Cp align=\u0022center\u0022\u003E\u003Cstrong\u003EMontant de la cotisation\u0026nbsp;\u003C\/strong\u003E\u003C\/p\u003E\u003C\/td\u003E\u003C\/tr\u003E\u003Ctr\u003E\u003Ctd valign=\u0022top\u0022\u003E\u003Cp align=\u0022center\u0022\u003ERetraite de base\u003C\/p\u003E\u003C\/td\u003E\u003Ctd valign=\u0022top\u0022\u003E\u003Cp align=\u0022center\u0022\u003E8 949 \u20ac\u003Cbr\u003E19\u0026nbsp;% PASS\u003C\/p\u003E\u003C\/td\u003E\u003Ctd valign=\u0022top\u0022\u003E\u003Cp align=\u0022center\u0022\u003E1 588 \u20ac\u003C\/p\u003E\u003C\/td\u003E\u003C\/tr\u003E\u003Ctr\u003E\u003Ctd valign=\u0022top\u0022\u003E\u003Cp align=\u0022center\u0022\u003ERetraite compl\u00e9mentaire\u003C\/p\u003E\u003C\/td\u003E\u003Ctd valign=\u0022top\u0022\u003E\u003Cp align=\u0022center\u0022\u003E8 949 \u20ac\u003Cbr\u003E19\u0026nbsp;% PASS\u003C\/p\u003E\u003C\/td\u003E\u003Ctd valign=\u0022top\u0022\u003E\u003Cp align=\u0022center\u0022\u003E626 \u20ac\u003C\/p\u003E\u003C\/td\u003E\u003C\/tr\u003E\u003Ctr\u003E\u003Ctd valign=\u0022top\u0022\u003E\u003Cp align=\u0022center\u0022\u003EInvalidit\u00e9 - d\u00e9c\u00e8s\u003C\/p\u003E\u003C\/td\u003E\u003Ctd valign=\u0022top\u0022\u003E\u003Cp align=\u0022center\u0022\u003E8 949 \u20ac\u003Cbr\u003E19\u0026nbsp;% PASS\u003C\/p\u003E\u003C\/td\u003E\u003Ctd valign=\u0022top\u0022\u003E\u003Cp align=\u0022center\u0022\u003E116 \u20ac\u003C\/p\u003E\u003C\/td\u003E\u003C\/tr\u003E\u003Ctr\u003E\u003Ctd valign=\u0022top\u0022\u003E\u003Cp align=\u0022center\u0022\u003EMaladie\u003Cbr\u003E(y compris indemnit\u00e9s journali\u00e8res)\u003C\/p\u003E\u003C\/td\u003E\u003Ctd valign=\u0022top\u0022\u003E\u003Cp align=\u0022center\u0022\u003E18 840 \u20ac\u003Cbr\u003E40\u0026nbsp;% PASS\u003C\/p\u003E\u003C\/td\u003E\u003Ctd valign=\u0022top\u0022\u003E\u003Cp align=\u0022center\u0022\u003E94 \u20ac\u003C\/p\u003E\u003Cul\u003E\u003Cli\u003E\u003Cp align=\u0022center\u0022\u003Emaladie 1 : 0 \u20ac\u003C\/p\u003E\u003C\/li\u003E\u003Cli\u003E\u003Cp align=\u0022center\u0022\u003Emaladie 2 : 94 \u20ac\u003C\/p\u003E\u003C\/li\u003E\u003C\/ul\u003E\u003C\/td\u003E\u003C\/tr\u003E\u003Ctr\u003E\u003Ctd valign=\u0022top\u0022\u003E\u003Cp align=\u0022center\u0022\u003EAllocations familiales\u003C\/p\u003E\u003C\/td\u003E\u003Ctd valign=\u0022top\u0022\u003E\u003Cp align=\u0022center\u0022\u003E8 949 \u20ac\u003Cbr\u003E19\u0026nbsp;% PASS\u003C\/p\u003E\u003C\/td\u003E\u003Ctd valign=\u0022top\u0022\u003E\u003Cp align=\u0022center\u0022\u003E0 \u20ac\u003C\/p\u003E\u003C\/td\u003E\u003C\/tr\u003E\u003Ctr\u003E\u003Ctd valign=\u0022top\u0022\u003E\u003Cp align=\u0022center\u0022\u003ECSG \/ CRDS\u003C\/p\u003E\u003C\/td\u003E\u003Ctd valign=\u0022top\u0022\u003E\u003Cp align=\u0022center\u0022\u003E8 949 \u20ac\u003Cbr\u003E19\u0026nbsp;% PASS\u003C\/p\u003E\u003C\/td\u003E\u003Ctd valign=\u0022top\u0022\u003E\u003Cp align=\u0022center\u0022\u003E868 \u20ac\u003C\/p\u003E\u003C\/td\u003E\u003C\/tr\u003E\u003Ctr\u003E\u003Ctd rowspan=\u00223\u0022 valign=\u0022top\u0022\u003E\u003Cp align=\u0022center\u0022\u003ECFP\u003Cbr\u003EContribution Formation professionnelle\u003Cbr\u003Eau titre de 2025\u003Cbr\u003Epayable en novembre 2025\u003C\/p\u003E\u003C\/td\u003E\u003Ctd valign=\u0022top\u0022\u003E\u003Cp align=\u0022center\u0022\u003ECommer\u00e7ant ou profession lib\u00e9rale non r\u00e9glement\u00e9e\u003Cbr\u003E0,25 % de 47 100\u20ac (1 PASS)\u003C\/p\u003E\u003C\/td\u003E\u003Ctd valign=\u0022top\u0022\u003E\u003Cp align=\u0022center\u0022\u003E118 \u20ac\u003C\/p\u003E\u003C\/td\u003E\u003C\/tr\u003E\u003Ctr\u003E\u003Ctd valign=\u0022top\u0022\u003E\u003Cp align=\u0022center\u0022\u003ECommer\u00e7ant ou profession lib\u00e9rale non r\u00e9glement\u00e9e + conjoint collaborateur\u003Cbr\u003E0,34 % de 47 100 \u20ac (1 PASS)\u003C\/p\u003E\u003C\/td\u003E\u003Ctd valign=\u0022top\u0022\u003E\u003Cp align=\u0022center\u0022\u003E160 \u20ac\u003C\/p\u003E\u003C\/td\u003E\u003C\/tr\u003E\u003Ctr\u003E\u003Ctd valign=\u0022top\u0022\u003E\u003Cp align=\u0022center\u0022\u003EArtisan\u003Cbr\u003E0,29 % de 47 100\u20ac (1 PASS)\u003C\/p\u003E\u003C\/td\u003E\u003Ctd valign=\u0022top\u0022\u003E\u003Cp align=\u0022center\u0022\u003E137 \u20ac\u003C\/p\u003E\u003C\/td\u003E\u003C\/tr\u003E\u003Ctr\u003E\u003Ctd valign=\u0022top\u0022\u003E\u003Cp align=\u0022center\u0022\u003EMontant total des cotisations\u003Cbr\u003E(hors cotisation formation)\u003C\/p\u003E\u003C\/td\u003E\u003Ctd valign=\u0022top\u0022\u003E\u003Cp align=\u0022center\u0022\u003E\u0026nbsp;\u003C\/p\u003E\u003C\/td\u003E\u003Ctd valign=\u0022top\u0022\u003E\u003Cp align=\u0022center\u0022\u003E3 292 \u20ac\u003Cbr\u003E(+ CFP)\u003C\/p\u003E\u003C\/td\u003E\u003C\/tr\u003E\u003C\/tbody\u003E\u003C\/table\u003E\u003Cp\u003E\u0026nbsp;\u003C\/p\u003E                                            \u003Cp\u003E\u003Cbr \/\u003E\u003Cstrong\u003ESource :\u003C\/strong\u003E\u003Cstrong\u003E\u00a0\u003C\/strong\u003E\u003C\/p\u003E\u003Cul\u003E\u003Cli\u003E\u003Ca href=\u0022https:\/\/secu-independants.fr\/cotisations\/calcul-cotisations\/taux-cotisations\u0022 target=\u0022_blank\u0022 rel=\u0022noopener\u0022\u003Esecu-independants.fr\u003C\/a\u003E\u003C\/li\u003E\u003Cli\u003E\u003Ca href=\u0022https:\/\/www.urssaf.fr\/portail\/home.html\u0022 target=\u0022_blank\u0022 rel=\u0022noopener\u0022\u003Eurssaf.fr\u003C\/a\u003E\u003C\/li\u003E\u003Cli\u003E\u003Ca href=\u0022https:\/\/www.legifrance.gouv.fr\/loda\/id\/JORFTEXT000036342439\u0022 target=\u0022_blank\u0022 rel=\u0022noopener\u0022\u003ED\u00e9cret n\u00b0 2017-1894 du 30 d\u00e9cembre 2017 relatif aux modalit\u00e9s de calcul et aux dispositifs d\u0027exon\u00e9ration des cotisations de s\u00e9curit\u00e9 sociale des travailleurs ind\u00e9pendants\u003C\/a\u003E (article 5)\u003C\/li\u003E\u003C\/ul\u003E\u003C\/div\u003E","annee":"2025","theme":" Indices, taux, bar\u00e8mes sociaux","activites":["Tout secteur"],"image":"https:\/\/www.weblex.fr\/sites\/default\/files\/chiffres_clef\/Shutterstock_cotisationssociales.jpg","created":"2025-07-28","modified":"2025-07-28"},{"url":"\/chiffres-cles\/tarif-des-cotisations-d-accidents-du-travail-et-maladies-professionnelles-des-commerces-non-alimentaires-annee-2025","id":26630,"title":"Tarif des cotisations d\u0027accidents du travail et maladies professionnelles des commerces non alimentaires - ann\u00e9e 2025","content":"\u003Cdiv\u003E                                              \u003Ch2\u003EI - Cas g\u00e9n\u00e9ral\u003C\/h2\u003E\u003Ctable border=\u00221\u0022 cellspacing=\u00220\u0022 cellpadding=\u00220\u0022\u003E\u003Ctbody\u003E\u003Ctr\u003E\u003Ctd\u003E\u003Cp align=\u0022center\u0022\u003E\u003Cstrong\u003ENature du risque\u003C\/strong\u003E\u003C\/p\u003E\u003C\/td\u003E\u003Ctd\u003E\u003Cp\u003E\u003Cstrong\u003ECode risque\u003C\/strong\u003E\u003C\/p\u003E\u003C\/td\u003E\u003Ctd\u003E\u003Cp align=\u0022center\u0022\u003E\u003Cstrong\u003ETaux net de cotisation \u00ab\u0026nbsp;AT\u0026nbsp;\u00bb\u003C\/strong\u003E\u003C\/p\u003E\u003Cp align=\u0022center\u0022\u003E\u003Cstrong\u003E(en %)\u003C\/strong\u003E\u003C\/p\u003E\u003C\/td\u003E\u003C\/tr\u003E\u003Ctr\u003E\u003Ctd\u003E\u003Cp\u003ECommerce et location de v\u00e9hicules automobiles et d\u0027\u00e9quipements associ\u00e9s, de machines et \u00e9quipements agricoles. Ecoles de conduite. Exploitation de parkings.\u003C\/p\u003E\u003C\/td\u003E\u003Ctd\u003E\u003Cp\u003E50.3AD\u003C\/p\u003E\u003C\/td\u003E\u003Ctd\u003E\u003Cp align=\u0022center\u0022\u003E1,96\u003C\/p\u003E\u003C\/td\u003E\u003C\/tr\u003E\u003Ctr\u003E\u003Ctd\u003E\u003Cp\u003ECommerce de combustibles, charbons, carburants et lavages automatiques.\u003C\/p\u003E\u003C\/td\u003E\u003Ctd\u003E\u003Cp\u003E50.5ZB\u003C\/p\u003E\u003C\/td\u003E\u003Ctd\u003E\u003Cp align=\u0022center\u0022\u003E2,47\u003C\/p\u003E\u003C\/td\u003E\u003C\/tr\u003E\u003Ctr\u003E\u003Ctd\u003E\u003Cp\u003ECommerce de gros sans manutention. Centrales d\u0027achats et interm\u00e9diaires du commerce non alimentaire.\u003C\/p\u003E\u003C\/td\u003E\u003Ctd\u003E\u003Cp\u003E51.1RB\u003C\/p\u003E\u003C\/td\u003E\u003Ctd\u003E\u003Cp align=\u0022center\u0022\u003E0,89\u003C\/p\u003E\u003C\/td\u003E\u003C\/tr\u003E\u003Ctr\u003E\u003Ctd\u003E\u003Cp\u003ECommerce de m\u00e9taux, de biens d\u0027occasion et commerce non alimentaire sur \u00e9ventaires et march\u00e9s.\u003C\/p\u003E\u003C\/td\u003E\u003Ctd\u003E\u003Cp\u003E51.5CC\u003C\/p\u003E\u003C\/td\u003E\u003Ctd\u003E\u003Cp align=\u0022center\u0022\u003E2,56\u003C\/p\u003E\u003C\/td\u003E\u003C\/tr\u003E\u003Ctr\u003E\u003Ctd\u003E\u003Cp\u003ECommerce de gros de mat\u00e9riaux de construction.\u003C\/p\u003E\u003C\/td\u003E\u003Ctd\u003E\u003Cp\u003E51.5FA\u003C\/p\u003E\u003C\/td\u003E\u003Ctd\u003E\u003Cp align=\u0022center\u0022\u003E2,09\u003C\/p\u003E\u003C\/td\u003E\u003C\/tr\u003E\u003Ctr\u003E\u003Ctd\u003E\u003Cp\u003ECommerce de gros et location de mat\u00e9riel de bureau, \u00e9lectrom\u00e9nager, multim\u00e9dia et informatique.\u003C\/p\u003E\u003C\/td\u003E\u003Ctd\u003E\u003Cp\u003E51.6GC\u003C\/p\u003E\u003C\/td\u003E\u003Ctd\u003E\u003Cp align=\u0022center\u0022\u003E0,99\u003C\/p\u003E\u003C\/td\u003E\u003C\/tr\u003E\u003Ctr\u003E\u003Ctd\u003E\u003Cp\u003ECommerce de gros d\u0027\u00e9quipement industriel et de la maison, d\u0027\u00e9quipement de la personne et de produits pharmaceutiques.\u003C\/p\u003E\u003C\/td\u003E\u003Ctd\u003E\u003Cp\u003E51.6KC\u003C\/p\u003E\u003C\/td\u003E\u003Ctd\u003E\u003Cp align=\u0022center\u0022\u003E1,41\u003C\/p\u003E\u003C\/td\u003E\u003C\/tr\u003E\u003Ctr\u003E\u003Ctd\u003E\u003Cp\u003EInterm\u00e9diaires du commerce avec manutention. Commerce de gros de produits chimiques et autres.\u003C\/p\u003E\u003C\/td\u003E\u003Ctd\u003E\u003Cp\u003E51.6LC\u003C\/p\u003E\u003C\/td\u003E\u003Ctd\u003E\u003Cp align=\u0022center\u0022\u003E1,61\u003C\/p\u003E\u003C\/td\u003E\u003C\/tr\u003E\u003Ctr\u003E\u003Ctd\u003E\u003Cp\u003ECommerce de gros ou location de mat\u00e9riel de construction (b\u00e2timent et travaux publics) et agricole.\u003C\/p\u003E\u003C\/td\u003E\u003Ctd\u003E\u003Cp\u003E51.6NC\u003C\/p\u003E\u003C\/td\u003E\u003Ctd\u003E\u003Cp align=\u0022center\u0022\u003E2,43\u003C\/p\u003E\u003C\/td\u003E\u003C\/tr\u003E\u003Ctr\u003E\u003Ctd\u003E\u003Cp\u003ECommerce de d\u00e9tail de produits pharmaceutiques, d\u0027articles m\u00e9dicaux et orthop\u00e9diques, d\u0027optique et photographiques, de parfumerie et de produits de beaut\u00e9.\u003C\/p\u003E\u003C\/td\u003E\u003Ctd\u003E\u003Cp\u003E52.3AC\u003C\/p\u003E\u003C\/td\u003E\u003Ctd\u003E\u003Cp align=\u0022center\u0022\u003E0,96\u003C\/p\u003E\u003C\/td\u003E\u003C\/tr\u003E\u003Ctr\u003E\u003Ctd\u003E\u003Cp\u003ECommerce de d\u00e9tail de l\u0027habillement, textiles, chaussures, maroquinerie. Vente \u00e0 distance. Commerce de bijouterie, d\u0027horlogerie, et d\u0027orf\u00e8vrerie.\u003C\/p\u003E\u003C\/td\u003E\u003Ctd\u003E\u003Cp\u003E52.4CD\u003C\/p\u003E\u003C\/td\u003E\u003Ctd\u003E\u003Cp align=\u0022center\u0022\u003E1,44\u003C\/p\u003E\u003C\/td\u003E\u003C\/tr\u003E\u003Ctr\u003E\u003Ctd\u003E\u003Cp\u003EGrands magasins, magasins multi-commerces ou magasins populaires, commerces de meubles et de d\u00e9coration de la maison.\u003C\/p\u003E\u003C\/td\u003E\u003Ctd\u003E\u003Cp\u003E52.4HC\u003C\/p\u003E\u003C\/td\u003E\u003Ctd\u003E\u003Cp align=\u0022center\u0022\u003E2,22\u003C\/p\u003E\u003C\/td\u003E\u003C\/tr\u003E\u003Ctr\u003E\u003Ctd\u003E\u003Cp\u003ECommerce de d\u00e9tail et location de mat\u00e9riel \u00e9lectrom\u00e9nager, multim\u00e9dia, informatique.\u003C\/p\u003E\u003C\/td\u003E\u003Ctd\u003E\u003Cp\u003E52.4LA\u003C\/p\u003E\u003C\/td\u003E\u003Ctd\u003E\u003Cp align=\u0022center\u0022\u003E1,64\u003C\/p\u003E\u003C\/td\u003E\u003C\/tr\u003E\u003Ctr\u003E\u003Ctd\u003E\u003Cp\u003ECommerce de d\u00e9tail de bricolage (surface de vente sup\u00e9rieure ou \u00e9gale \u00e0 400 m2).\u003C\/p\u003E\u003C\/td\u003E\u003Ctd\u003E\u003Cp\u003E52.4PB\u003C\/p\u003E\u003C\/td\u003E\u003Ctd\u003E\u003Cp align=\u0022center\u0022\u003E2,68\u003C\/p\u003E\u003C\/td\u003E\u003C\/tr\u003E\u003Ctr\u003E\u003Ctd\u003E\u003Cp\u003ECommerce de d\u00e9tail et location associ\u00e9e d\u0027articles de sport et de loisirs, y compris cycles.\u003C\/p\u003E\u003C\/td\u003E\u003Ctd\u003E\u003Cp\u003E52.4WA\u003C\/p\u003E\u003C\/td\u003E\u003Ctd\u003E\u003Cp align=\u0022center\u0022\u003E1,23\u003C\/p\u003E\u003C\/td\u003E\u003C\/tr\u003E\u003Ctr\u003E\u003Ctd\u003E\u003Cp\u003ECommerce de fleurs et d\u0027animaux d\u0027agr\u00e9ment.\u003C\/p\u003E\u003C\/td\u003E\u003Ctd\u003E\u003Cp\u003E52.4XB\u003C\/p\u003E\u003C\/td\u003E\u003Ctd\u003E\u003Cp align=\u0022center\u0022\u003E1,88\u003C\/p\u003E\u003C\/td\u003E\u003C\/tr\u003E\u003Ctr\u003E\u003Ctd\u003E\u003Cp\u003ECommerce de d\u00e9tail de quincaillerie et de droguerie (surface de vente inf\u00e9rieure \u00e0 400 m2), c\u00e9ramique mobili\u00e8re, arts de la table, jouets, instruments de musique, et autres.\u003C\/p\u003E\u003C\/td\u003E\u003Ctd\u003E\u003Cp\u003E52.4ZD\u003C\/p\u003E\u003C\/td\u003E\u003Ctd\u003E\u003Cp align=\u0022center\u0022\u003E1,77\u003C\/p\u003E\u003C\/td\u003E\u003C\/tr\u003E\u003Ctr\u003E\u003Ctd\u003E\u003Cp\u003EPromotion, vente, location ou administration de biens immobiliers.\u003C\/p\u003E\u003C\/td\u003E\u003Ctd\u003E\u003Cp\u003E70.3AD\u003C\/p\u003E\u003C\/td\u003E\u003Ctd\u003E\u003Cp align=\u0022center\u0022\u003E1,24\u003C\/p\u003E\u003C\/td\u003E\u003C\/tr\u003E\u003Ctr\u003E\u003Ctd\u003E\u003Cp\u003EConcierges et employ\u00e9s d\u0027immeubles.\u003C\/p\u003E\u003C\/td\u003E\u003Ctd\u003E\u003Cp\u003E70.3CB\u003C\/p\u003E\u003C\/td\u003E\u003Ctd\u003E\u003Cp align=\u0022center\u0022\u003E3,30\u003C\/p\u003E\u003C\/td\u003E\u003C\/tr\u003E\u003Ctr\u003E\u003Ctd\u003E\u003Cp\u003ELocation de biens de consommation (mobiliers, linges, b\u00e2ches, sacs, etc.) et d\u0027autres biens d\u0027\u00e9quipements (1).\u003C\/p\u003E\u003C\/td\u003E\u003Ctd\u003E\u003Cp\u003E71.4AB\u003C\/p\u003E\u003C\/td\u003E\u003Ctd\u003E\u003Cp align=\u0022center\u0022\u003E2,11\u003C\/p\u003E\u003C\/td\u003E\u003C\/tr\u003E\u003Ctr\u003E\u003Ctd colspan=\u00223\u0022\u003E\u003Cp\u003E(1) L\u0027activit\u00e9 de location de linge et de v\u00eatements professionnels associ\u00e9e \u00e0 l\u0027activit\u00e9 de blanchisserie rel\u00e8ve des industries du bois, de l\u0027ameublement, du papier-carton, du textile, du v\u00eatement, des cuirs et peaux et des pierres et terres \u00e0 feu (risque n\u00b0 71.4AC).\u003C\/p\u003E\u003C\/td\u003E\u003C\/tr\u003E\u003C\/tbody\u003E\u003C\/table\u003E\u003Ch2\u003EII - Commerces non-alimentaires des d\u00e9partements du Haut-Rhin, du Bas-Rhin et de la Moselle\u003C\/h2\u003E\u003Ctable border=\u00221\u0022 cellspacing=\u00220\u0022 cellpadding=\u00220\u0022\u003E\u003Ctbody\u003E\u003Ctr\u003E\u003Ctd\u003E\u003Cp align=\u0022center\u0022\u003E\u003Cstrong\u003ENature du risque\u003C\/strong\u003E\u003C\/p\u003E\u003C\/td\u003E\u003Ctd\u003E\u003Cp\u003E\u003Cstrong\u003ECode risque\u003C\/strong\u003E\u003C\/p\u003E\u003C\/td\u003E\u003Ctd\u003E\u003Cp align=\u0022center\u0022\u003E\u003Cstrong\u003ETaux net de cotisation \u00ab\u0026nbsp;AT\u0026nbsp;\u00bb\u003C\/strong\u003E\u003C\/p\u003E\u003Cp align=\u0022center\u0022\u003E\u003Cstrong\u003E(en %)\u003C\/strong\u003E\u003C\/p\u003E\u003C\/td\u003E\u003C\/tr\u003E\u003Ctr\u003E\u003Ctd colspan=\u00223\u0022\u003E\u003Cp align=\u0022center\u0022\u003E\u003Cstrong\u003EGroupe 1\u003C\/strong\u003E\u003C\/p\u003E\u003C\/td\u003E\u003C\/tr\u003E\u003Ctr\u003E\u003Ctd\u003E\u003Cp\u003ECommerce de gros et location de mat\u00e9riel de bureau, \u00e9lectrom\u00e9nager, multim\u00e9dia et informatique.\u003C\/p\u003E\u003C\/td\u003E\u003Ctd\u003E\u003Cp\u003E51.6GC\u003C\/p\u003E\u003C\/td\u003E\u003Ctd rowspan=\u00223\u0022\u003E\u003Cp align=\u0022center\u0022\u003E0,92\u003C\/p\u003E\u003C\/td\u003E\u003C\/tr\u003E\u003Ctr\u003E\u003Ctd\u003E\u003Cp\u003ECommerce de d\u00e9tail de produits pharmaceutiques, d\u0027articles m\u00e9dicaux et orthop\u00e9diques, d\u0027optique et photographiques, de parfumerie et de produits de beaut\u00e9.\u003C\/p\u003E\u003C\/td\u003E\u003Ctd\u003E\u003Cp\u003E52.3AC\u003C\/p\u003E\u003C\/td\u003E\u003C\/tr\u003E\u003Ctr\u003E\u003Ctd\u003E\u003Cp\u003ECommerce de d\u00e9tail et location associ\u00e9e d\u0027articles de sport et de loisirs, y compris cycles.\u003C\/p\u003E\u003C\/td\u003E\u003Ctd\u003E\u003Cp\u003E52.4WA\u003C\/p\u003E\u003C\/td\u003E\u003C\/tr\u003E\u003Ctr\u003E\u003Ctd colspan=\u00223\u0022\u003E\u003Cp align=\u0022center\u0022\u003E\u003Cstrong\u003EGroupe 2\u003C\/strong\u003E\u003C\/p\u003E\u003C\/td\u003E\u003C\/tr\u003E\u003Ctr\u003E\u003Ctd\u003E\u003Cp\u003ECommerce et location de v\u00e9hicules automobiles et d\u0027\u00e9quipements associ\u00e9s, de machines et \u00e9quipements agricoles. Ecoles de conduite. Exploitation de parkings.\u003C\/p\u003E\u003C\/td\u003E\u003Ctd\u003E\u003Cp\u003E50.3AD\u003C\/p\u003E\u003C\/td\u003E\u003Ctd rowspan=\u00228\u0022\u003E\u003Cp align=\u0022center\u0022\u003E1,52\u003C\/p\u003E\u003C\/td\u003E\u003C\/tr\u003E\u003Ctr\u003E\u003Ctd\u003E\u003Cp\u003ECommerce de gros sans manutention. Centrales d\u0027achats et interm\u00e9diaires du commerce non alimentaire.\u003C\/p\u003E\u003C\/td\u003E\u003Ctd\u003E\u003Cp\u003E51.1RB\u003C\/p\u003E\u003C\/td\u003E\u003C\/tr\u003E\u003Ctr\u003E\u003Ctd\u003E\u003Cp\u003ECommerce de gros de mat\u00e9riaux de construction.\u003C\/p\u003E\u003C\/td\u003E\u003Ctd\u003E\u003Cp\u003E51.5FA\u003C\/p\u003E\u003C\/td\u003E\u003C\/tr\u003E\u003Ctr\u003E\u003Ctd\u003E\u003Cp\u003ECommerce de gros d\u0027\u00e9quipement industriel et de la maison, d\u0027\u00e9quipement de la personne et de produits pharmaceutiques.\u003C\/p\u003E\u003C\/td\u003E\u003Ctd\u003E\u003Cp\u003E51.6KC\u003C\/p\u003E\u003C\/td\u003E\u003C\/tr\u003E\u003Ctr\u003E\u003Ctd\u003E\u003Cp\u003EInterm\u00e9diaires du commerce avec manutention. Commerce de gros de produits chimiques et autres.\u003C\/p\u003E\u003C\/td\u003E\u003Ctd\u003E\u003Cp\u003E51.6LC\u003C\/p\u003E\u003C\/td\u003E\u003C\/tr\u003E\u003Ctr\u003E\u003Ctd\u003E\u003Cp\u003ECommerce de d\u00e9tail de l\u0027habillement, textiles, chaussures, maroquinerie. Vente \u00e0 distance. Commerce de bijouterie, d\u0027horlogerie, et d\u0027orf\u00e8vrerie.\u003C\/p\u003E\u003C\/td\u003E\u003Ctd\u003E\u003Cp\u003E52.4CD\u003C\/p\u003E\u003C\/td\u003E\u003C\/tr\u003E\u003Ctr\u003E\u003Ctd\u003E\u003Cp\u003ECommerce de fleurs et d\u0027animaux d\u0027agr\u00e9ment.\u003C\/p\u003E\u003C\/td\u003E\u003Ctd\u003E\u003Cp\u003E52.4XB\u003C\/p\u003E\u003C\/td\u003E\u003C\/tr\u003E\u003Ctr\u003E\u003Ctd\u003E\u003Cp\u003ELocation de biens de consommation (mobiliers, linges, b\u00e2ches, sacs, etc.) et d\u0027autres biens d\u0027\u00e9quipements.\u003C\/p\u003E\u003C\/td\u003E\u003Ctd\u003E\u003Cp\u003E71.4AB\u003C\/p\u003E\u003C\/td\u003E\u003C\/tr\u003E\u003Ctr\u003E\u003Ctd colspan=\u00223\u0022\u003E\u003Cp align=\u0022center\u0022\u003E\u003Cstrong\u003EGroupe 3\u003C\/strong\u003E\u003C\/p\u003E\u003C\/td\u003E\u003C\/tr\u003E\u003Ctr\u003E\u003Ctd\u003E\u003Cp\u003ECommerce de combustibles, charbons, carburants et lavages automatiques.\u003C\/p\u003E\u003C\/td\u003E\u003Ctd\u003E\u003Cp\u003E50.5ZB\u003C\/p\u003E\u003C\/td\u003E\u003Ctd rowspan=\u00229\u0022\u003E\u003Cp align=\u0022center\u0022\u003E1,74\u003C\/p\u003E\u003C\/td\u003E\u003C\/tr\u003E\u003Ctr\u003E\u003Ctd\u003E\u003Cp\u003ECommerce de m\u00e9taux, de biens d\u0027occasion et commerce non alimentaire sur \u00e9ventaires et march\u00e9s.\u003C\/p\u003E\u003C\/td\u003E\u003Ctd\u003E\u003Cp\u003E51.5CC\u003C\/p\u003E\u003C\/td\u003E\u003C\/tr\u003E\u003Ctr\u003E\u003Ctd\u003E\u003Cp\u003ECommerce de gros ou location de mat\u00e9riel de construction (b\u00e2timent et travaux publics) et agricole.\u003C\/p\u003E\u003C\/td\u003E\u003Ctd\u003E\u003Cp\u003E51.6NC\u003C\/p\u003E\u003C\/td\u003E\u003C\/tr\u003E\u003Ctr\u003E\u003Ctd\u003E\u003Cp\u003EGrands magasins, magasins multi-commerces ou magasins populaires, commerces de meubles et de d\u00e9coration de la maison.\u003C\/p\u003E\u003C\/td\u003E\u003Ctd\u003E\u003Cp\u003E52.4HC\u003C\/p\u003E\u003C\/td\u003E\u003C\/tr\u003E\u003Ctr\u003E\u003Ctd\u003E\u003Cp\u003ECommerce de d\u00e9tail et location de mat\u00e9riel \u00e9lectrom\u00e9nager, multim\u00e9dia, informatique.\u003C\/p\u003E\u003C\/td\u003E\u003Ctd\u003E\u003Cp\u003E52.4LA\u003C\/p\u003E\u003C\/td\u003E\u003C\/tr\u003E\u003Ctr\u003E\u003Ctd\u003E\u003Cp\u003ECommerce de d\u00e9tail de bricolage (surface de vente sup\u00e9rieure ou \u00e9gale \u00e0 400 m2).\u003C\/p\u003E\u003C\/td\u003E\u003Ctd\u003E\u003Cp\u003E52.4PB\u003C\/p\u003E\u003C\/td\u003E\u003C\/tr\u003E\u003Ctr\u003E\u003Ctd\u003E\u003Cp\u003ECommerce de d\u00e9tail de quincaillerie et de droguerie (surface de vente inf\u00e9rieure \u00e0 400 m2), c\u00e9ramique mobili\u00e8re, arts de la table, jouets, instruments de musique, et autres.\u003C\/p\u003E\u003C\/td\u003E\u003Ctd\u003E\u003Cp\u003E52.4ZD\u003C\/p\u003E\u003C\/td\u003E\u003C\/tr\u003E\u003Ctr\u003E\u003Ctd\u003E\u003Cp\u003EPromotion, vente, location ou administration de biens immobiliers.\u003C\/p\u003E\u003C\/td\u003E\u003Ctd\u003E\u003Cp\u003E70.3 AD\u003C\/p\u003E\u003C\/td\u003E\u003C\/tr\u003E\u003Ctr\u003E\u003Ctd\u003E\u003Cp\u003EConcierges et employ\u00e9s d\u0027immeubles.\u003C\/p\u003E\u003C\/td\u003E\u003Ctd\u003E\u003Cp\u003E70.3CB\u003C\/p\u003E\u003C\/td\u003E\u003C\/tr\u003E\u003C\/tbody\u003E\u003C\/table\u003E\u003Cp\u003E\u0026nbsp;\u003C\/p\u003E                                            \u003Cp\u003E\u003Cbr \/\u003E\u003Cstrong\u003ESource :\u003C\/strong\u003E\u003Cstrong\u003E\u00a0\u003C\/strong\u003E\u003C\/p\u003E\u003Cul\u003E\u003Cli\u003E\u003Ca href=\u0022https:\/\/www.legifrance.gouv.fr\/loda\/id\/JORFTEXT000051533180\/2025-07-25\/\u0022 target=\u0022_blank\u0022\u003EArr\u00eat\u00e9 du 29 avril 2025 relatif \u00e0 la tarification des risques d\u0027accidents du travail et de maladies professionnelles pour l\u0027ann\u00e9e 2025\u003C\/a\u003E\u003C\/li\u003E\u003C\/ul\u003E\u003C\/div\u003E","annee":"2025","theme":" Indices, taux, bar\u00e8mes sociaux","activites":["Commer\u00e7ant"],"image":"https:\/\/www.weblex.fr\/sites\/default\/files\/chiffres_clef\/Shutterstock_tarificationatmp_5.jpg","created":"2025-07-25","modified":"2025-07-25"},{"url":"\/chiffres-cles\/tarif-des-cotisations-d-accidents-du-travail-et-maladies-professionnelles-pour-les-activites-de-services-ii-annee-2025","id":26632,"title":"Tarif des cotisations d\u0027accidents du travail et maladies professionnelles pour les activit\u00e9s de services II - ann\u00e9e 2025 ","content":"\u003Cdiv\u003E                                              \u003Ch2\u003EI - Cas g\u00e9n\u00e9ral\u0026nbsp;\u003C\/h2\u003E\u003Ctable border=\u00221\u0022 cellspacing=\u00220\u0022 cellpadding=\u00220\u0022\u003E\u003Ctbody\u003E\u003Ctr\u003E\u003Ctd width=\u0022467\u0022\u003E\u003Cp align=\u0022center\u0022\u003E\u003Cstrong\u003ENature du risque\u003C\/strong\u003E\u003C\/p\u003E\u003C\/td\u003E\u003Ctd\u003E\u003Cp\u003E\u003Cstrong\u003ECode risque\u003C\/strong\u003E\u003C\/p\u003E\u003C\/td\u003E\u003Ctd\u003E\u003Cp align=\u0022center\u0022\u003E\u003Cstrong\u003ETaux net de cotisation \u00ab AT \u00bb\u003C\/strong\u003E\u003C\/p\u003E\u003Cp align=\u0022center\u0022\u003E\u003Cstrong\u003E(en %)\u003C\/strong\u003E\u003C\/p\u003E\u003C\/td\u003E\u003C\/tr\u003E\u003Ctr\u003E\u003Ctd width=\u0022467\u0022\u003E\u003Cp\u003EPersonnel permanent des entreprises de travail temporaire (1).\u003C\/p\u003E\u003C\/td\u003E\u003Ctd\u003E\u003Cp\u003E74.5BC\u003C\/p\u003E\u003C\/td\u003E\u003Ctd\u003E\u003Cp align=\u0022center\u0022\u003E0,96\u003C\/p\u003E\u003C\/td\u003E\u003C\/tr\u003E\u003Ctr\u003E\u003Ctd width=\u0022467\u0022\u003E\u003Cp\u003EToutes cat\u00e9gories de personnel de travail temporaire (1).\u003C\/p\u003E\u003C\/td\u003E\u003Ctd\u003E\u003Cp\u003E74.5BD\u003C\/p\u003E\u003C\/td\u003E\u003Ctd\u003E\u003Cp align=\u0022center\u0022\u003E3,02\u003C\/p\u003E\u003C\/td\u003E\u003C\/tr\u003E\u003Ctr\u003E\u003Ctd width=\u0022467\u0022\u003E\u003Cp\u003ETravail temporaire : personnel de bureau et personnel param\u00e9dical (1).\u003C\/p\u003E\u003C\/td\u003E\u003Ctd\u003E\u003Cp\u003E74.5BE\u003C\/p\u003E\u003C\/td\u003E\u003Ctd\u003E\u003Cp align=\u0022center\u0022\u003E0,96\u003C\/p\u003E\u003C\/td\u003E\u003C\/tr\u003E\u003Ctr\u003E\u003Ctd width=\u0022467\u0022\u003E\u003Cp\u003EAgences priv\u00e9es de recherches, entreprises de surveillance (sans transports de fonds).\u003C\/p\u003E\u003C\/td\u003E\u003Ctd\u003E\u003Cp\u003E74.6ZA\u003C\/p\u003E\u003C\/td\u003E\u003Ctd\u003E\u003Cp align=\u0022center\u0022\u003E2,57\u003C\/p\u003E\u003C\/td\u003E\u003C\/tr\u003E\u003Ctr\u003E\u003Ctd width=\u0022467\u0022\u003E\u003Cp\u003EServices de nettoyage de locaux et d\u0027objets divers. Activit\u00e9s de d\u00e9sinfection, de d\u00e9sinsectisation et de d\u00e9ratisation.\u003C\/p\u003E\u003C\/td\u003E\u003Ctd\u003E\u003Cp\u003E74.7ZF\u003C\/p\u003E\u003C\/td\u003E\u003Ctd\u003E\u003Cp align=\u0022center\u0022\u003E3,96\u003C\/p\u003E\u003C\/td\u003E\u003C\/tr\u003E\u003Ctr\u003E\u003Ctd width=\u0022467\u0022\u003E\u003Cp\u003EEntreprises de conditionnement non sp\u00e9cialis\u00e9es.\u003C\/p\u003E\u003C\/td\u003E\u003Ctd\u003E\u003Cp\u003E74.8DA\u003C\/p\u003E\u003C\/td\u003E\u003Ctd\u003E\u003Cp align=\u0022center\u0022\u003E3,69\u003C\/p\u003E\u003C\/td\u003E\u003C\/tr\u003E\u003Ctr\u003E\u003Ctd width=\u0022467\u0022\u003E\u003Cp\u003ETravaux \u00e0 fa\u00e7on divers sauf la location de brevets, entreposage d\u0027archives d\u0027entreprises (y compris la consultation d\u0027archives). Ionisation de produits divers.\u003C\/p\u003E\u003C\/td\u003E\u003Ctd\u003E\u003Cp\u003E74.8KC\u003C\/p\u003E\u003C\/td\u003E\u003Ctd\u003E\u003Cp align=\u0022center\u0022\u003E1,09\u003C\/p\u003E\u003C\/td\u003E\u003C\/tr\u003E\u003Ctr\u003E\u003Ctd width=\u0022467\u0022\u003E\u003Cp\u003EEtablissements publics m\u00e9dico-sociaux des collectivit\u00e9s territoriales.\u003C\/p\u003E\u003C\/td\u003E\u003Ctd\u003E\u003Cp\u003E75.1CC\u003C\/p\u003E\u003C\/td\u003E\u003Ctd\u003E\u003Cp align=\u0022center\u0022\u003E1,31\u003C\/p\u003E\u003C\/td\u003E\u003C\/tr\u003E\u003Ctr\u003E\u003Ctd\u003E\u003Cp\u003EAccueil \u00e0 domicile \u00e0 titre on\u00e9reux, d\u0027enfants, de personnes \u00e2g\u00e9es ou d\u0027adultes handicap\u00e9s confi\u00e9s par des organismes publics, des \u0153uvres, des \u00e9tablissements ou des services de soins.\u003C\/p\u003E\u003C\/td\u003E\u003Ctd\u003E\u003Cp align=\u0022center\u0022\u003E75.1CD\u003C\/p\u003E\u003C\/td\u003E\u003Ctd\u003E\u003Cp align=\u0022center\u0022\u003E1,70\u003C\/p\u003E\u003C\/td\u003E\u003C\/tr\u003E\u003Ctr\u003E\u003Ctd\u003E\u003Cp\u003EAdministration hospitali\u00e8re, y compris ses \u00e9tablissements publics.\u003C\/p\u003E\u003C\/td\u003E\u003Ctd\u003E\u003Cp align=\u0022center\u0022\u003E75.1CE\u003C\/p\u003E\u003C\/td\u003E\u003Ctd\u003E\u003Cp align=\u0022center\u0022\u003E1,31\u003C\/p\u003E\u003C\/td\u003E\u003C\/tr\u003E\u003Ctr\u003E\u003Ctd width=\u0022467\u0022\u003E\u003Cp\u003EServices de soins priv\u00e9s m\u00e9dicaux exclusivement \u00e0 domicile.\u003C\/p\u003E\u003C\/td\u003E\u003Ctd\u003E\u003Cp\u003E85.1AC\u003C\/p\u003E\u003C\/td\u003E\u003Ctd\u003E\u003Cp align=\u0022center\u0022\u003E2,30\u003C\/p\u003E\u003C\/td\u003E\u003C\/tr\u003E\u003Ctr\u003E\u003Ctd width=\u0022467\u0022\u003E\u003Cp\u003EEtablissements de soins priv\u00e9s y compris les centres de r\u00e9adaptation fonctionnelle, autres instituts pour la sant\u00e9 (\u00e9tablissements thermaux, etc.).\u003C\/p\u003E\u003C\/td\u003E\u003Ctd\u003E\u003Cp\u003E85.1AD\u003C\/p\u003E\u003C\/td\u003E\u003Ctd\u003E\u003Cp align=\u0022center\u0022\u003E2,30\u003C\/p\u003E\u003C\/td\u003E\u003C\/tr\u003E\u003Ctr\u003E\u003Ctd width=\u0022467\u0022\u003E\u003Cp\u003EM\u00e9decine syst\u00e9matique et de d\u00e9pistage (y compris les centres interentreprises de m\u00e9decine du travail).\u003C\/p\u003E\u003C\/td\u003E\u003Ctd\u003E\u003Cp\u003E85.1CB\u003C\/p\u003E\u003C\/td\u003E\u003Ctd\u003E\u003Cp align=\u0022center\u0022\u003E1,05\u003C\/p\u003E\u003C\/td\u003E\u003C\/tr\u003E\u003Ctr\u003E\u003Ctd width=\u0022467\u0022\u003E\u003Cp\u003ECabinets de soins : m\u00e9dicaux et dentaires.\u003C\/p\u003E\u003C\/td\u003E\u003Ctd\u003E\u003Cp\u003E85.1CD\u003C\/p\u003E\u003C\/td\u003E\u003Ctd\u003E\u003Cp align=\u0022center\u0022\u003E1,16\u003C\/p\u003E\u003C\/td\u003E\u003C\/tr\u003E\u003Ctr\u003E\u003Ctd width=\u0022467\u0022\u003E\u003Cp\u003ECabinets d\u0027auxiliaires m\u00e9dicaux.\u003C\/p\u003E\u003C\/td\u003E\u003Ctd\u003E\u003Cp\u003E85.1GA\u003C\/p\u003E\u003C\/td\u003E\u003Ctd\u003E\u003Cp align=\u0022center\u0022\u003E2,30\u003C\/p\u003E\u003C\/td\u003E\u003C\/tr\u003E\u003Ctr\u003E\u003Ctd width=\u0022467\u0022\u003E\u003Cp\u003ELaboratoires d\u0027analyses m\u00e9dicales extrahospitaliers.\u003C\/p\u003E\u003C\/td\u003E\u003Ctd\u003E\u003Cp\u003E85.1KA\u003C\/p\u003E\u003C\/td\u003E\u003Ctd\u003E\u003Cp align=\u0022center\u0022\u003E1,16\u003C\/p\u003E\u003C\/td\u003E\u003C\/tr\u003E\u003Ctr\u003E\u003Ctd width=\u0022467\u0022\u003E\u003Cp\u003ECentres de transfusion sanguine et banques d\u0027organes. V\u00e9t\u00e9rinaires. Cliniques v\u00e9t\u00e9rinaires.\u003C\/p\u003E\u003C\/td\u003E\u003Ctd\u003E\u003Cp\u003E85.2ZB\u003C\/p\u003E\u003C\/td\u003E\u003Ctd\u003E\u003Cp align=\u0022center\u0022\u003E2,30\u003C\/p\u003E\u003C\/td\u003E\u003C\/tr\u003E\u003Ctr\u003E\u003Ctd width=\u0022467\u0022\u003E\u003Cp\u003EServices d\u0027aide sociale \u00e0 domicile (auxiliaires de vie, aides m\u00e9nag\u00e8res\u2026).\u003C\/p\u003E\u003C\/td\u003E\u003Ctd\u003E\u003Cp\u003E85.3AB\u003C\/p\u003E\u003C\/td\u003E\u003Ctd\u003E\u003Cp align=\u0022center\u0022\u003E3,75\u003C\/p\u003E\u003C\/td\u003E\u003C\/tr\u003E\u003Ctr\u003E\u003Ctd width=\u0022467\u0022\u003E\u003Cp\u003EAccueil, h\u00e9bergement en \u00e9tablissement pour personnes \u00e2g\u00e9es (maisons de retraite\u2026).\u003C\/p\u003E\u003C\/td\u003E\u003Ctd\u003E\u003Cp\u003E85.3AC\u003C\/p\u003E\u003C\/td\u003E\u003Ctd\u003E\u003Cp align=\u0022center\u0022\u003E3,75\u003C\/p\u003E\u003C\/td\u003E\u003C\/tr\u003E\u003Ctr\u003E\u003Ctd width=\u0022467\u0022\u003E\u003Cp\u003EAccueil, h\u00e9bergement en \u00e9tablissement pour personnes handicap\u00e9es (enfants et adultes).\u003C\/p\u003E\u003C\/td\u003E\u003Ctd\u003E\u003Cp\u003E85.3AD\u003C\/p\u003E\u003C\/td\u003E\u003Ctd\u003E\u003Cp align=\u0022center\u0022\u003E3,75\u003C\/p\u003E\u003C\/td\u003E\u003C\/tr\u003E\u003Ctr\u003E\u003Ctd width=\u0022467\u0022\u003E\u003Cp\u003EAccueil, h\u00e9bergement, pr\u00e9vention pour petite enfance, l\u0027enfance, l\u0027adolescence (2).\u003C\/p\u003E\u003C\/td\u003E\u003Ctd\u003E\u003Cp\u003E85.3AE\u003C\/p\u003E\u003C\/td\u003E\u003Ctd\u003E\u003Cp align=\u0022center\u0022\u003E3,75\u003C\/p\u003E\u003C\/td\u003E\u003C\/tr\u003E\u003Ctr\u003E\u003Ctd width=\u0022467\u0022\u003E\u003Cp\u003EAction sociale sous toutes ses formes hors risques 853AB\/853AC\/853AD\/853AE.\u003C\/p\u003E\u003C\/td\u003E\u003Ctd\u003E\u003Cp\u003E85.3BA\u003C\/p\u003E\u003C\/td\u003E\u003Ctd\u003E\u003Cp align=\u0022center\u0022\u003E3,75\u003C\/p\u003E\u003C\/td\u003E\u003C\/tr\u003E\u003Ctr\u003E\u003Ctd width=\u0022467\u0022\u003E\u003Cp\u003EStagiaires des centres de formation professionnelle, de r\u00e9adaptation fonctionnelle, de r\u00e9\u00e9ducation professionnelle.\u003C\/p\u003E\u003C\/td\u003E\u003Ctd\u003E\u003Cp\u003E85.3HA\u003C\/p\u003E\u003C\/td\u003E\u003Ctd\u003E\u003Cp align=\u0022center\u0022\u003E2,12\u003C\/p\u003E\u003C\/td\u003E\u003C\/tr\u003E\u003Ctr\u003E\u003Ctd width=\u0022467\u0022\u003E\u003Cp\u003ETravailleurs handicap\u00e9s des \u00e9tablissements ou services d\u0027aide par le travail.\u003C\/p\u003E\u003C\/td\u003E\u003Ctd\u003E\u003Cp\u003E85.3HB\u003C\/p\u003E\u003C\/td\u003E\u003Ctd\u003E\u003Cp align=\u0022center\u0022\u003E1,84\u003C\/p\u003E\u003C\/td\u003E\u003C\/tr\u003E\u003Ctr\u003E\u003Ctd width=\u0022467\u0022\u003E\u003Cp\u003EAssociation interm\u00e9diaire (personnes d\u00e9pourvues d\u0027emploi et mises \u00e0 disposition).\u003C\/p\u003E\u003C\/td\u003E\u003Ctd\u003E\u003Cp\u003E85.3KL\u003C\/p\u003E\u003C\/td\u003E\u003Ctd\u003E\u003Cp align=\u0022center\u0022\u003E3,68\u003C\/p\u003E\u003C\/td\u003E\u003C\/tr\u003E\u003Ctr\u003E\u003Ctd width=\u0022467\u0022\u003E\u003Cp\u003ECoiffure. Fabrication de postiches. Esth\u00e9tique corporelle.\u003C\/p\u003E\u003C\/td\u003E\u003Ctd\u003E\u003Cp\u003E93.0DB\u003C\/p\u003E\u003C\/td\u003E\u003Ctd\u003E\u003Cp align=\u0022center\u0022\u003E1,94\u003C\/p\u003E\u003C\/td\u003E\u003C\/tr\u003E\u003Ctr\u003E\u003Ctd width=\u0022467\u0022\u003E\u003Cp\u003EPompes fun\u00e8bres et services annexes, y compris le commerce d\u0027articles fun\u00e9raires (3).\u003C\/p\u003E\u003C\/td\u003E\u003Ctd\u003E\u003Cp\u003E93.0HB\u003C\/p\u003E\u003C\/td\u003E\u003Ctd\u003E\u003Cp align=\u0022center\u0022\u003E3,71\u003C\/p\u003E\u003C\/td\u003E\u003C\/tr\u003E\u003Ctr\u003E\u003Ctd width=\u0022467\u0022\u003E\u003Cp\u003EServices personnels divers (y compris cabinets de graphologie, agences matrimoniales).\u003C\/p\u003E\u003C\/td\u003E\u003Ctd\u003E\u003Cp\u003E93.0NC\u003C\/p\u003E\u003C\/td\u003E\u003Ctd\u003E\u003Cp align=\u0022center\u0022\u003E3,82\u003C\/p\u003E\u003C\/td\u003E\u003C\/tr\u003E\u003Ctr\u003E\u003Ctd width=\u0022604\u0022 colspan=\u00223\u0022\u003E\u003Cp\u003E(1) Le taux du num\u00e9ro de risque 74.5BC est applicable au personnel de ces entreprises non vis\u00e9 par les articles\u0026nbsp;\u003Ca href=\u0022https:\/\/www.legifrance.gouv.fr\/affichCodeArticle.do?cidTexte=LEGITEXT000006072050\u0026amp;idArticle=LEGIARTI000006901267\u0026amp;dateTexte=\u0026amp;categorieLien=cid\u0022\u003EL. 1251-16\u003C\/a\u003E et\u0026nbsp;\u003Ca href=\u0022https:\/\/www.legifrance.gouv.fr\/affichCodeArticle.do?cidTexte=LEGITEXT000006072050\u0026amp;idArticle=LEGIARTI000006901268\u0026amp;dateTexte=\u0026amp;categorieLien=cid\u0022\u003EL. 1251-17\u003C\/a\u003E du code du travail.\u003C\/p\u003E\u003Cp\u003ELe taux du num\u00e9ro de risque 74.5BD est applicable aux \u00e9tablissements occupant, soit uniquement du personnel pour tous autres travaux, soit simultan\u00e9ment du personnel pour tous autres travaux et\/ou du personnel pour travaux de bureau et\/ou du personnel param\u00e9dical.\u003C\/p\u003E\u003Cp\u003ELe taux du num\u00e9ro de risque 74.5BE est applicable aux \u00e9tablissements occupant exclusivement du personnel affect\u00e9 \u00e0 des travaux de bureau ou param\u00e9dical ou ces deux cat\u00e9gories de personnel.\u003C\/p\u003E\u003Cp\u003E(2) Y compris les cr\u00e8ches, garderies, centres a\u00e9r\u00e9s et de loisirs\u2026 \u00e0 l\u0027exclusion des structures et colonies de vacances vis\u00e9es au num\u00e9ro de risque 55.2EC.\u003C\/p\u003E\u003Cp\u003E(3) Y compris les entreprises qui, \u00e0 titre accessoire, effectuent le travail du bois et du marbre.\u003C\/p\u003E\u003C\/td\u003E\u003C\/tr\u003E\u003C\/tbody\u003E\u003C\/table\u003E\u003Ch2\u003EII - Activit\u00e9s de services II des d\u00e9partements du Haut-Rhin, du Bas-Rhin et de la Moselle\u003C\/h2\u003E\u003Ctable border=\u00221\u0022 cellspacing=\u00220\u0022 cellpadding=\u00220\u0022\u003E\u003Ctbody\u003E\u003Ctr\u003E\u003Ctd width=\u0022467\u0022\u003E\u003Cp align=\u0022center\u0022\u003E\u003Cstrong\u003ENature du risque\u003C\/strong\u003E\u003C\/p\u003E\u003C\/td\u003E\u003Ctd\u003E\u003Cp\u003E\u003Cstrong\u003ECode risque\u003C\/strong\u003E\u003C\/p\u003E\u003C\/td\u003E\u003Ctd\u003E\u003Cp align=\u0022center\u0022\u003E\u003Cstrong\u003ETaux net de cotisation \u00ab AT \u00bb\u003C\/strong\u003E\u003C\/p\u003E\u003Cp align=\u0022center\u0022\u003E\u003Cstrong\u003E(en %)\u003C\/strong\u003E\u003C\/p\u003E\u003C\/td\u003E\u003C\/tr\u003E\u003Ctr\u003E\u003Ctd width=\u0022604\u0022 colspan=\u00223\u0022\u003E\u003Cp align=\u0022center\u0022\u003E\u003Cstrong\u003EGroupe 1\u003C\/strong\u003E\u003C\/p\u003E\u003C\/td\u003E\u003C\/tr\u003E\u003Ctr\u003E\u003Ctd width=\u0022467\u0022\u003E\u003Cp\u003ETravaux \u00e0 fa\u00e7on divers sauf la location de brevets, entreposage d\u0027archives d\u0027entreprises (y compris la consultation d\u0027archives). Ionisation de produits divers.\u003C\/p\u003E\u003C\/td\u003E\u003Ctd\u003E\u003Cp\u003E74.8KC\u003C\/p\u003E\u003C\/td\u003E\u003Ctd rowspan=\u00228\u0022\u003E\u003Cp align=\u0022center\u0022\u003E1,11\u003C\/p\u003E\u003C\/td\u003E\u003C\/tr\u003E\u003Ctr\u003E\u003Ctd\u003E\u003Cp\u003EAccueil \u00e0 domicile, \u00e0 titre on\u00e9reux, d\u0027enfants, de personnes \u00e2g\u00e9es ou d\u0027adultes handicap\u00e9s confi\u00e9s par des organismes publics, des \u0153uvres, des \u00e9tablissements ou des services de soins\u003C\/p\u003E\u003C\/td\u003E\u003Ctd\u003E\u003Cp align=\u0022center\u0022\u003E75.1CD\u003C\/p\u003E\u003C\/td\u003E\u003C\/tr\u003E\u003Ctr\u003E\u003Ctd\u003E\u003Cp\u003EAdministration hospitali\u00e8re, y compris ses \u00e9tablissements publics\u003C\/p\u003E\u003C\/td\u003E\u003Ctd\u003E\u003Cp\u003E75.1CE\u003C\/p\u003E\u003C\/td\u003E\u003C\/tr\u003E\u003Ctr\u003E\u003Ctd width=\u0022467\u0022\u003E\u003Cp\u003EM\u00e9decine syst\u00e9matique et de d\u00e9pistage (y compris les centres interentreprises de m\u00e9decine du travail).\u003C\/p\u003E\u003C\/td\u003E\u003Ctd\u003E\u003Cp\u003E85.1CB\u003C\/p\u003E\u003C\/td\u003E\u003C\/tr\u003E\u003Ctr\u003E\u003Ctd width=\u0022467\u0022\u003E\u003Cp\u003ECabinets de soins : m\u00e9dicaux et dentaires.\u003C\/p\u003E\u003C\/td\u003E\u003Ctd\u003E\u003Cp\u003E85.1CD\u003C\/p\u003E\u003C\/td\u003E\u003C\/tr\u003E\u003Ctr\u003E\u003Ctd width=\u0022467\u0022\u003E\u003Cp\u003ELaboratoires d\u0027analyses m\u00e9dicales extrahospitaliers.\u003C\/p\u003E\u003C\/td\u003E\u003Ctd\u003E\u003Cp\u003E85.1KA\u003C\/p\u003E\u003C\/td\u003E\u003C\/tr\u003E\u003Ctr\u003E\u003Ctd width=\u0022467\u0022\u003E\u003Cp\u003EAction sociale sous toutes ses formes hors risques 853AB\/853AC\/853AD\/853AE.\u003C\/p\u003E\u003C\/td\u003E\u003Ctd\u003E\u003Cp\u003E85.3BA\u003C\/p\u003E\u003C\/td\u003E\u003C\/tr\u003E\u003Ctr\u003E\u003Ctd width=\u0022467\u0022\u003E\u003Cp\u003ECoiffure. Fabrication de postiches. Esth\u00e9tique corporelle.\u003C\/p\u003E\u003C\/td\u003E\u003Ctd\u003E\u003Cp\u003E93.0DB\u003C\/p\u003E\u003C\/td\u003E\u003C\/tr\u003E\u003Ctr\u003E\u003Ctd width=\u0022604\u0022 colspan=\u00223\u0022\u003E\u003Cp align=\u0022center\u0022\u003E\u003Cstrong\u003EGroupe 2\u003C\/strong\u003E\u003C\/p\u003E\u003C\/td\u003E\u003C\/tr\u003E\u003Ctr\u003E\u003Ctd width=\u0022467\u0022\u003E\u003Cp\u003EAgences priv\u00e9es de recherches, entreprises de surveillance (sans transports de fonds).\u003C\/p\u003E\u003C\/td\u003E\u003Ctd\u003E\u003Cp\u003E74.6ZA\u003C\/p\u003E\u003C\/td\u003E\u003Ctd rowspan=\u002210\u0022\u003E\u003Cp align=\u0022center\u0022\u003E2,40\u003C\/p\u003E\u003C\/td\u003E\u003C\/tr\u003E\u003Ctr\u003E\u003Ctd width=\u0022467\u0022 valign=\u0022top\u0022\u003E\u003Cp\u003EEtablissements publics m\u00e9dico-sociaux des collectivit\u00e9s territoriales\u003C\/p\u003E\u003C\/td\u003E\u003Ctd valign=\u0022top\u0022\u003E\u003Cp\u003E75.1CC\u003C\/p\u003E\u003C\/td\u003E\u003C\/tr\u003E\u003Ctr\u003E\u003Ctd width=\u0022467\u0022\u003E\u003Cp\u003EEtablissements de soins priv\u00e9s y compris les centres de r\u00e9adaptation fonctionnelle, autres instituts pour la sant\u00e9 (\u00e9tablissements thermaux, etc.).\u003C\/p\u003E\u003C\/td\u003E\u003Ctd\u003E\u003Cp\u003E85.1AD\u003C\/p\u003E\u003C\/td\u003E\u003C\/tr\u003E\u003Ctr\u003E\u003Ctd width=\u0022467\u0022\u003E\u003Cp\u003ECabinets d\u0027auxiliaires m\u00e9dicaux.\u003C\/p\u003E\u003C\/td\u003E\u003Ctd\u003E\u003Cp\u003E85.1GA\u003C\/p\u003E\u003C\/td\u003E\u003C\/tr\u003E\u003Ctr\u003E\u003Ctd width=\u0022467\u0022\u003E\u003Cp\u003ECentres de transfusion sanguine et banques d\u0027organes. V\u00e9t\u00e9rinaires. Cliniques v\u00e9t\u00e9rinaires.\u003C\/p\u003E\u003C\/td\u003E\u003Ctd\u003E\u003Cp\u003E85.2ZB\u003C\/p\u003E\u003C\/td\u003E\u003C\/tr\u003E\u003Ctr\u003E\u003Ctd width=\u0022467\u0022\u003E\u003Cp\u003EAccueil, h\u00e9bergement en \u00e9tablissement pour personnes handicap\u00e9es (enfants et adultes).\u003C\/p\u003E\u003C\/td\u003E\u003Ctd\u003E\u003Cp\u003E85.3AD\u003C\/p\u003E\u003C\/td\u003E\u003C\/tr\u003E\u003Ctr\u003E\u003Ctd width=\u0022467\u0022\u003E\u003Cp\u003EAccueil, h\u00e9bergement, pr\u00e9vention pour petite enfance, l\u0027enfance, l\u0027adolescence\u003C\/p\u003E\u003C\/td\u003E\u003Ctd\u003E\u003Cp\u003E85.3AE\u003C\/p\u003E\u003C\/td\u003E\u003C\/tr\u003E\u003Ctr\u003E\u003Ctd width=\u0022467\u0022\u003E\u003Cp\u003EAction sociale sous toutes ses formes hors risques 853AB\/853AC\/853AD\/853AE.\u003C\/p\u003E\u003C\/td\u003E\u003Ctd\u003E\u003Cp\u003E85.3BA\u003C\/p\u003E\u003C\/td\u003E\u003C\/tr\u003E\u003Ctr\u003E\u003Ctd width=\u0022467\u0022\u003E\u003Cp\u003EPompes fun\u00e8bres et services annexes, y compris le commerce d\u0027articles fun\u00e9raires.\u003C\/p\u003E\u003C\/td\u003E\u003Ctd\u003E\u003Cp\u003E93.0HB\u003C\/p\u003E\u003C\/td\u003E\u003C\/tr\u003E\u003Ctr\u003E\u003Ctd width=\u0022467\u0022\u003E\u003Cp\u003EServices personnels divers (y compris cabinets de graphologie, agences matrimoniales).\u003C\/p\u003E\u003C\/td\u003E\u003Ctd\u003E\u003Cp\u003E93.0NC\u003C\/p\u003E\u003C\/td\u003E\u003C\/tr\u003E\u003Ctr\u003E\u003Ctd width=\u0022604\u0022 colspan=\u00223\u0022\u003E\u003Cp align=\u0022center\u0022\u003E\u003Cstrong\u003EGroupe 3\u003C\/strong\u003E\u003C\/p\u003E\u003C\/td\u003E\u003C\/tr\u003E\u003Ctr\u003E\u003Ctd width=\u0022467\u0022\u003E\u003Cp\u003EToutes cat\u00e9gories de personnel de travail temporaire.\u003C\/p\u003E\u003C\/td\u003E\u003Ctd\u003E\u003Cp\u003E74.5BD\u003C\/p\u003E\u003C\/td\u003E\u003Ctd\u003E\u003Cp align=\u0022center\u0022\u003E2,67\u003C\/p\u003E\u003C\/td\u003E\u003C\/tr\u003E\u003Ctr\u003E\u003Ctd width=\u0022604\u0022 colspan=\u00223\u0022\u003E\u003Cp align=\u0022center\u0022\u003E\u003Cstrong\u003EGroupe 4\u003C\/strong\u003E\u003C\/p\u003E\u003C\/td\u003E\u003C\/tr\u003E\u003Ctr\u003E\u003Ctd width=\u0022467\u0022\u003E\u003Cp\u003EServices de nettoyage de locaux et d\u0027objets divers. Activit\u00e9s de d\u00e9sinfection, de d\u00e9sinsectisation et de d\u00e9ratisation.\u003C\/p\u003E\u003C\/td\u003E\u003Ctd\u003E\u003Cp\u003E74.7ZF\u003C\/p\u003E\u003C\/td\u003E\u003Ctd rowspan=\u00225\u0022\u003E\u003Cp align=\u0022center\u0022\u003E4,99\u003C\/p\u003E\u003C\/td\u003E\u003C\/tr\u003E\u003Ctr\u003E\u003Ctd width=\u0022467\u0022\u003E\u003Cp\u003EEntreprises de conditionnement non sp\u00e9cialis\u00e9es.\u003C\/p\u003E\u003C\/td\u003E\u003Ctd\u003E\u003Cp\u003E74.8DA\u003C\/p\u003E\u003C\/td\u003E\u003C\/tr\u003E\u003Ctr\u003E\u003Ctd width=\u0022467\u0022\u003E\u003Cp\u003EServices de soins priv\u00e9s m\u00e9dicaux exclusivement \u00e0 domicile.\u003C\/p\u003E\u003C\/td\u003E\u003Ctd\u003E\u003Cp\u003E85.1AC\u003C\/p\u003E\u003C\/td\u003E\u003C\/tr\u003E\u003Ctr\u003E\u003Ctd width=\u0022467\u0022\u003E\u003Cp\u003EServices d\u0027aide sociale \u00e0 domicile (auxiliaires de vie, aides m\u00e9nag\u00e8res\u2026).\u003C\/p\u003E\u003C\/td\u003E\u003Ctd\u003E\u003Cp\u003E85.3AB\u003C\/p\u003E\u003C\/td\u003E\u003C\/tr\u003E\u003Ctr\u003E\u003Ctd width=\u0022467\u0022\u003E\u003Cp\u003EAccueil, h\u00e9bergement en \u00e9tablissement pour personnes \u00e2g\u00e9es (maisons de retraite\u2026).\u003C\/p\u003E\u003C\/td\u003E\u003Ctd\u003E\u003Cp\u003E85.3AC\u003C\/p\u003E\u003C\/td\u003E\u003C\/tr\u003E\u003Ctr\u003E\u003Ctd width=\u0022604\u0022 colspan=\u00223\u0022\u003E\u003Cp align=\u0022center\u0022\u003E\u003Cstrong\u003EGroupe 5\u003C\/strong\u003E\u003C\/p\u003E\u003C\/td\u003E\u003C\/tr\u003E\u003Ctr\u003E\u003Ctd width=\u0022467\u0022\u003E\u003Cp\u003ETravail temporaire : personnel de bureau et personnel param\u00e9dical (1).\u003C\/p\u003E\u003C\/td\u003E\u003Ctd\u003E\u003Cp\u003E74.5BE\u003C\/p\u003E\u003C\/td\u003E\u003Ctd\u003E\u003Cp align=\u0022center\u0022\u003ETaux net national\u0026nbsp;\u003C\/p\u003E\u003C\/td\u003E\u003C\/tr\u003E\u003Ctr\u003E\u003Ctd width=\u0022604\u0022 colspan=\u00223\u0022\u003E\u003Cp align=\u0022center\u0022\u003E\u003Cstrong\u003EGroupe 6\u003C\/strong\u003E\u003C\/p\u003E\u003C\/td\u003E\u003C\/tr\u003E\u003Ctr\u003E\u003Ctd width=\u0022467\u0022\u003E\u003Cp\u003EPersonnel permanent des entreprises de travail temporaire.\u003C\/p\u003E\u003C\/td\u003E\u003Ctd\u003E\u003Cp\u003E74.5BC\u003C\/p\u003E\u003C\/td\u003E\u003Ctd\u003E\u003Cp align=\u0022center\u0022\u003ETaux net national\u0026nbsp;\u003C\/p\u003E\u003C\/td\u003E\u003C\/tr\u003E\u003Ctr\u003E\u003Ctd width=\u0022604\u0022 colspan=\u00223\u0022\u003E\u003Cp align=\u0022center\u0022\u003E\u003Cstrong\u003EGroupe 7\u003C\/strong\u003E\u003C\/p\u003E\u003C\/td\u003E\u003C\/tr\u003E\u003Ctr\u003E\u003Ctd width=\u0022467\u0022\u003E\u003Cp\u003EStagiaires des centres de formation professionnelle, de r\u00e9adaptation fonctionnelle, de r\u00e9\u00e9ducation professionnelle.\u003C\/p\u003E\u003C\/td\u003E\u003Ctd\u003E\u003Cp\u003E85.3HA\u003C\/p\u003E\u003C\/td\u003E\u003Ctd\u003E\u003Cp align=\u0022center\u0022\u003ETaux net national\u0026nbsp;\u003C\/p\u003E\u003C\/td\u003E\u003C\/tr\u003E\u003Ctr\u003E\u003Ctd width=\u0022604\u0022 colspan=\u00223\u0022\u003E\u003Cp align=\u0022center\u0022\u003E\u003Cstrong\u003EGroupe 8\u003C\/strong\u003E\u003C\/p\u003E\u003C\/td\u003E\u003C\/tr\u003E\u003Ctr\u003E\u003Ctd width=\u0022467\u0022\u003E\u003Cp\u003ETravailleurs handicap\u00e9s des \u00e9tablissements ou services d\u0027aide par le travail.\u003C\/p\u003E\u003C\/td\u003E\u003Ctd\u003E\u003Cp\u003E85.3HB\u003C\/p\u003E\u003C\/td\u003E\u003Ctd\u003E\u003Cp align=\u0022center\u0022\u003ETaux net national\u0026nbsp;\u003C\/p\u003E\u003C\/td\u003E\u003C\/tr\u003E\u003Ctr\u003E\u003Ctd width=\u0022604\u0022 colspan=\u00223\u0022\u003E\u003Cp align=\u0022center\u0022\u003E\u003Cstrong\u003EGroupe 9\u003C\/strong\u003E\u003C\/p\u003E\u003C\/td\u003E\u003C\/tr\u003E\u003Ctr\u003E\u003Ctd width=\u0022467\u0022\u003E\u003Cp\u003EAssociation interm\u00e9diaire (personnes d\u00e9pourvues d\u0027emploi et mises \u00e0 disposition).\u003C\/p\u003E\u003C\/td\u003E\u003Ctd\u003E\u003Cp\u003E85.3KL\u003C\/p\u003E\u003C\/td\u003E\u003Ctd\u003E\u003Cp align=\u0022center\u0022\u003ETaux net national\u0026nbsp;\u003C\/p\u003E\u003C\/td\u003E\u003C\/tr\u003E\u003Ctr\u003E\u003Ctd width=\u0022604\u0022 colspan=\u00223\u0022\u003E\u003Cp\u003E(1) Le taux du num\u00e9ro de risque 74.5BE est applicable aux \u00e9tablissements occupant exclusivement du personnel affect\u00e9 \u00e0 des travaux de bureau ou param\u00e9dical ou ces deux cat\u00e9gories de personnel.\u003C\/p\u003E\u003Cp\u003E(2) Y compris les cr\u00e8ches, garderies, centres a\u00e9r\u00e9s et de loisirs\u2026 \u00e0 l\u0027exclusion des structures et colonies de vacances vis\u00e9es au num\u00e9ro de risque 55.2EC.\u003C\/p\u003E\u003C\/td\u003E\u003C\/tr\u003E\u003C\/tbody\u003E\u003C\/table\u003E\u003Cp\u003E\u0026nbsp;\u003C\/p\u003E                                            \u003Cp\u003E\u003Cbr \/\u003E\u003Cstrong\u003ESource :\u003C\/strong\u003E\u003Cstrong\u003E\u00a0\u003C\/strong\u003E\u003C\/p\u003E\u003Cul\u003E\u003Cli\u003E\u003Ca href=\u0022https:\/\/www.legifrance.gouv.fr\/loda\/id\/JORFTEXT000051533180\/2025-07-25\/\u0022 target=\u0022_blank\u0022\u003EArr\u00eat\u00e9 du 29 avril 2025 relatif \u00e0 la tarification des risques d\u0027accidents du travail et de maladies professionnelles pour l\u0027ann\u00e9e 2025\u003C\/a\u003E\u003C\/li\u003E\u003C\/ul\u003E\u003C\/div\u003E","annee":"2025","theme":" Indices, taux, bar\u00e8mes sociaux","activites":["Prestataire de services"],"image":"https:\/\/www.weblex.fr\/sites\/default\/files\/chiffres_clef\/Shutterstock_tarificationatmp_7.jpg","created":"2025-07-25","modified":"2025-07-25"},{"url":"\/chiffres-cles\/tableau-des-cotisations-chomage-intemperies-periode-s-ecoulant-du-1er-avril-2024-au-31-mars-2025","id":26634,"title":"Tableau des cotisations \u00ab ch\u00f4mage-intemp\u00e9ries \u00bb -  P\u00e9riode s\u2019\u00e9coulant du 1er avril 2024 au 31 mars 2025 ","content":"\u003Cdiv\u003E                                              \u003Cp align=\u0022center\u0022\u003E\u0026nbsp;\u003C\/p\u003E\u003Ctable border=\u00220\u0022 cellspacing=\u00220\u0022 cellpadding=\u00220\u0022 width=\u0022619\u0022\u003E\u003Ctbody\u003E\u003Ctr\u003E\u003Ctd width=\u0022223\u0022 valign=\u0022top\u0022\u003E\u003Cp align=\u0022center\u0022\u003E\u003Cstrong\u003ECat\u00e9gories d\u2019entreprises\u003C\/strong\u003E\u003C\/p\u003E\u003C\/td\u003E\u003Ctd width=\u0022209\u0022 valign=\u0022top\u0022\u003E\u003Cp align=\u0022center\u0022\u003E\u003Cstrong\u003EAssiette de cotisation\u003C\/strong\u003E\u003C\/p\u003E\u003C\/td\u003E\u003Ctd width=\u0022187\u0022 valign=\u0022top\u0022\u003E\u003Cp align=\u0022center\u0022\u003E\u003Cstrong\u003ETaux de cotisation\u003C\/strong\u003E\u003C\/p\u003E\u003C\/td\u003E\u003C\/tr\u003E\u003Ctr\u003E\u003Ctd width=\u0022223\u0022 valign=\u0022top\u0022\u003E\u003Cp align=\u0022center\u0022\u003E\u003Cstrong\u003EGros \u0153uvre et travaux publics\u003C\/strong\u003E\u003C\/p\u003E\u003C\/td\u003E\u003Ctd width=\u0022209\u0022 rowspan=\u00222\u0022 valign=\u0022top\u0022\u003E\u003Cp align=\u0022center\u0022\u003E\u003Cstrong\u003EInt\u00e9gralit\u00e9 des salaires vers\u00e9s par l\u2019entreprise, apr\u00e8s d\u00e9duction d\u2019un abattement de 93\u0026nbsp;204 \u20ac\u003C\/strong\u003E\u003C\/p\u003E\u003C\/td\u003E\u003Ctd width=\u0022187\u0022 valign=\u0022top\u0022\u003E\u003Cp align=\u0022center\u0022\u003E\u003Cstrong\u003E0,68 %\u003C\/strong\u003E\u003C\/p\u003E\u003C\/td\u003E\u003C\/tr\u003E\u003Ctr\u003E\u003Ctd width=\u0022223\u0022 valign=\u0022top\u0022\u003E\u003Cp align=\u0022center\u0022\u003E\u003Cstrong\u003ESecond \u0153uvre\u003C\/strong\u003E\u003C\/p\u003E\u003C\/td\u003E\u003Ctd width=\u0022187\u0022 valign=\u0022top\u0022\u003E\u003Cp align=\u0022center\u0022\u003E\u003Cstrong\u003E0,13 %\u003C\/strong\u003E\u003C\/p\u003E\u003C\/td\u003E\u003C\/tr\u003E\u003C\/tbody\u003E\u003C\/table\u003E\u003Cp align=\u0022center\u0022\u003EUne m\u00eame entreprise du BTP pourra tout \u00e0 fait b\u00e9n\u00e9ficier de ces 2 taux diff\u00e9rents, \u00e0 condition que les salari\u00e9s soient exclusivement occup\u00e9s \u00e0 l\u2019une ou l\u2019autre de ces activit\u00e9s. \u00c0 d\u00e9faut, il convient d\u2019appliquer le taux correspondant \u00e0 l\u2019activit\u00e9 principale de l\u2019entreprise.\u003C\/p\u003E                                            \u003Cp\u003E\u003Cbr \/\u003E\u003Cstrong\u003ESource :\u003C\/strong\u003E\u003Cstrong\u003E\u00a0\u003C\/strong\u003E\u003C\/p\u003E\u003Cul\u003E\u003Cli\u003E\u003Ca href=\u0022https:\/\/www.legifrance.gouv.fr\/jorf\/id\/JORFTEXT000051690117\u0022 target=\u0022_blank\u0022\u003EArr\u00eat\u00e9 du 23 mai 2025 relatif aux modalit\u00e9s de cotisation due par les entreprises au titre des arr\u00eats de travail vis\u00e9 \u00e0 l\u0027article L. 5424-6 du code du travail et au montant du fonds de r\u00e9serve vis\u00e9 \u00e0 l\u0027article D. 5424-40 du code du travail pour la p\u00e9riode du 1er avril 2024 au 31 mars 2025\u003C\/a\u003E\u003C\/li\u003E\u003C\/ul\u003E\u003C\/div\u003E","annee":"2025","theme":" Indices, taux, bar\u00e8mes sociaux","activites":["Artisan","Promoteur \/ Lotisseur \/ Architecte \/ G\u00e9om\u00e8tre"],"image":"https:\/\/www.weblex.fr\/sites\/default\/files\/chiffres_clef\/Shutterstock_chomageintemperiesbtp.jpg","created":"2025-07-25","modified":"2025-07-25"},{"url":"\/chiffres-cles\/bareme-indemnites-forfaitaires-grands-deplacements-pour-les-departements-d-outre-mer-annee-2025","id":26619,"title":"Bar\u00e8me indemnit\u00e9s forfaitaires grands d\u00e9placements pour les d\u00e9partements d\u2019Outre-mer - Ann\u00e9e 2025","content":"\u003Cdiv\u003E                                              \u003Cp\u003ELe grand d\u00e9placement se caract\u00e9rise par l\u2019impossibilit\u00e9, pour le salari\u00e9 en situation de d\u00e9placement, de regagner son domicile chaque jour. L\u2019indemnit\u00e9 de grand d\u00e9placement permet de couvrir les frais suppl\u00e9mentaires de nourriture et de logement engag\u00e9s par ses soins, dans cette situation.\u003Cbr\u003E\u0026nbsp;\u003C\/p\u003E\u003Cul\u003E\u003Cli\u003E\u003Ch3\u003EMartinique, Guadeloupe, Guyane, la R\u00e9union, Mayotte, Saint-Pierre-et-Miquelon, Saint-Barth\u00e9lemy, Saint-Martin\u003C\/h3\u003E\u003C\/li\u003E\u003C\/ul\u003E    table {      width: 60%;      border-collapse: collapse;      margin: 20px 0;      font-family: Arial, sans-serif;    }    th, td {      border: 1px solid #999;      padding: 10px;      text-align: left;    }    th {      background-color: #007BFF;      color: white;    }    caption {      caption-side: bottom;      font-size: 0.9em;      color: #555;    }  \u003Ctable\u003E\u003Ctr\u003E\u003Cp\u003EP\u00e9riode\u003C\/p\u003E\u003Cp\u003EH\u00e9bergement\u003C\/p\u003E\u003Cp\u003ERepas\u003C\/p\u003E\u003C\/tr\u003E\u003Ctbody\u003E\u003Ctr\u003E\u003Ctd\u003E\u003Cp\u003EPour les 3 premiers mois\u003C\/p\u003E\u003C\/td\u003E\u003Ctd\u003E\u003Cp\u003E120 \u20ac\u003Cstrong\u003E(1)\u003C\/strong\u003E\u003C\/p\u003E\u003C\/td\u003E\u003Ctd\u003E\u003Cp\u003E20 \u20ac\u003C\/p\u003E\u003C\/td\u003E\u003C\/tr\u003E\u003Ctr\u003E\u003Ctd\u003E\u003Cp\u003EAu-del\u00e0 du 3e mois et jusqu\u2019au 24e mois\u003C\/p\u003E\u003C\/td\u003E\u003Ctd\u003E\u003Cp\u003E102 \u20ac\u003C\/p\u003E\u003C\/td\u003E\u003Ctd\u003E\u003Cp\u003E17 \u20ac\u003C\/p\u003E\u003C\/td\u003E\u003C\/tr\u003E\u003Ctr\u003E\u003Ctd\u003E\u003Cp\u003EAu-del\u00e0 du 24e mois et jusqu\u2019au 72e mois\u003C\/p\u003E\u003C\/td\u003E\u003Ctd\u003E\u003Cp\u003E84 \u20ac\u003C\/p\u003E\u003C\/td\u003E\u003Ctd\u003E\u003Cp\u003E14 \u20ac\u003C\/p\u003E\u003C\/td\u003E\u003C\/tr\u003E\u003C\/tbody\u003E(1) 150 \u20ac pour un salari\u00e9 reconnu travailleur handicap\u00e9 et en situation de mobilit\u00e9\u003C\/table\u003E\u003Cul\u003E\u003Cli\u003E\u003Ch3\u003ENouvelle-Cal\u00e9donie, Wallis et Futuna, Polyn\u00e9sie fran\u00e7aise\u003C\/h3\u003E\u003C\/li\u003E\u003C\/ul\u003E    table {      width: 60%;      border-collapse: collapse;      margin: 20px 0;      font-family: sans-serif;      font-size: 14px;    }    th, td {      border: 1px solid #ccc;      padding: 8px;      text-align: left;    }    th {      background-color: #f9f9f9;      font-weight: bold;    }    caption {      caption-side: bottom;      font-size: 0.9em;      color: #555;    }  \u003Ctable\u003E\u003Ctr\u003E\u003Cp\u003EP\u00e9riode\u003C\/p\u003E\u003Cp\u003EH\u00e9bergement\u003C\/p\u003E\u003Cp\u003ERepas\u003C\/p\u003E\u003C\/tr\u003E\u003Ctbody\u003E\u003Ctr\u003E\u003Ctd\u003E\u003Cp\u003EPour les 3 premiers mois\u003C\/p\u003E\u003C\/td\u003E\u003Ctd\u003E\u003Cp\u003E120 \u20ac(1)\u003C\/p\u003E\u003C\/td\u003E\u003Ctd\u003E\u003Cp\u003E24 \u20ac\u003C\/p\u003E\u003C\/td\u003E\u003C\/tr\u003E\u003Ctr\u003E\u003Ctd\u003E\u003Cp\u003EAu-del\u00e0 du 3e mois et jusqu\u2019au 24e mois\u003C\/p\u003E\u003C\/td\u003E\u003Ctd\u003E\u003Cp\u003E102 \u20ac\u003C\/p\u003E\u003C\/td\u003E\u003Ctd\u003E\u003Cp\u003E20,40 \u20ac\u003C\/p\u003E\u003C\/td\u003E\u003C\/tr\u003E\u003Ctr\u003E\u003Ctd\u003E\u003Cp\u003EAu-del\u00e0 du 24e mois et jusqu\u2019au 72e mois\u003C\/p\u003E\u003C\/td\u003E\u003Ctd\u003E\u003Cp\u003E84 \u20ac\u003C\/p\u003E\u003C\/td\u003E\u003Ctd\u003E\u003Cp\u003E16,80 \u20ac\u003C\/p\u003E\u003C\/td\u003E\u003C\/tr\u003E\u003C\/tbody\u003E(1) 150 \u20ac pour un salari\u00e9 reconnu travailleur handicap\u00e9 et en situation de mobilit\u00e9\u003C\/table\u003E\u003Ctable\u003E\u0026nbsp;\u003C\/table\u003E                                            \u003Cp\u003E\u003Cbr \/\u003E\u003Cstrong\u003ESource :\u003C\/strong\u003E\u003Cstrong\u003E\u00a0\u003C\/strong\u003E\u003C\/p\u003E\u003Cul\u003E\u003Cli\u003E\u003Ca href=\u0022https:\/\/www.urssaf.fr\/\u0022 target=\u0022_blank\u0022 rel=\u0022noopener\u0022\u003Ewww.urssaf.fr\u003C\/a\u003E\u003C\/li\u003E\u003Cli\u003E\u003Ca href=\u0022https:\/\/www.legifrance.gouv.fr\/loda\/id\/JORFTEXT000000242360\u0022 target=\u0022_blank\u0022 rel=\u0022noopener\u0022\u003EArr\u00eat\u00e9 du 3 juillet 2006 fixant les taux des indemnit\u00e9s de mission pr\u00e9vues \u00e0 l\u0027article 3 du d\u00e9cret n\u00b0 2006-781 du 3 juillet 2006 fixant les conditions et les modalit\u00e9s de r\u00e8glement des frais occasionn\u00e9s par les d\u00e9placements temporaires des personnels civils de l\u0027Etat\u003C\/a\u003E\u003C\/li\u003E\u003Cli\u003E\u003Ca href=\u0022https:\/\/www.legifrance.gouv.fr\/jorf\/id\/JORFTEXT000048092179\u0022 target=\u0022_blank\u0022 rel=\u0022noopener\u0022\u003EArr\u00eat\u00e9 du 20 septembre 2023 modifiant l\u0027arr\u00eat\u00e9 du 3 juillet 2006 fixant les taux des indemnit\u00e9s de mission pr\u00e9vues \u00e0 l\u0027article 3 du d\u00e9cret n\u00b0 2006-781 du 3 juillet 2006 fixant les conditions et les modalit\u00e9s de r\u00e8glement des frais occasionn\u00e9s par les d\u00e9placements temporaires des personnels civils de l\u0027Etat\u003C\/a\u003E\u003C\/li\u003E\u003C\/ul\u003E\u003C\/div\u003E","annee":"2025","theme":" Indices, taux, bar\u00e8mes sociaux","activites":["Tout secteur"],"image":"https:\/\/www.weblex.fr\/sites\/default\/files\/chiffres_clef\/Shutterstock_grandsdeplacementsOM_0.jpg","created":"2025-07-25","modified":"2025-07-25"},{"url":"\/chiffres-cles\/tarif-des-cotisations-d-accidents-du-travail-et-maladies-professionnelles-des-industries-de-la-metallurgie-annee-2025","id":26622,"title":"Tarif des cotisations d\u0027accidents du travail et maladies professionnelles des industries de la m\u00e9tallurgie - ann\u00e9e 2025","content":"\u003Cdiv\u003E                                              \u003Ch2\u003EI. \u0026nbsp;Cas g\u00e9n\u00e9ral\u0026nbsp;\u003C\/h2\u003E\u003Ctable border=\u00221\u0022 cellspacing=\u00220\u0022 cellpadding=\u00220\u0022 width=\u0022633\u0022\u003E\u003Ctbody\u003E\u003Ctr\u003E\u003Ctd width=\u0022480\u0022\u003E\u003Cp align=\u0022center\u0022\u003E\u003Cstrong\u003ENature du risque\u003C\/strong\u003E\u003C\/p\u003E\u003C\/td\u003E\u003Ctd width=\u002269\u0022\u003E\u003Cp align=\u0022center\u0022\u003E\u003Cstrong\u003ECode risque\u003C\/strong\u003E\u003C\/p\u003E\u003C\/td\u003E\u003Ctd width=\u002283\u0022\u003E\u003Cp align=\u0022center\u0022\u003E\u003Cstrong\u003ETaux net de cotisation \u00ab\u0026nbsp;AT\u0026nbsp;\u00bb\u003C\/strong\u003E\u003C\/p\u003E\u003Cp align=\u0022center\u0022\u003E\u003Cstrong\u003E(en %)\u003C\/strong\u003E\u003C\/p\u003E\u003C\/td\u003E\u003C\/tr\u003E\u003Ctr\u003E\u003Ctd width=\u0022480\u0022\u003E\u003Cp\u003EFonderie de fonte, d\u0027acier moul\u00e9 ou de fonte mall\u00e9able. Fabrication de fonte, d\u0027acier, d\u0027articles ou tubes en fonte. Fabrication de radiateurs, de chaudi\u00e8res pour le chauffage central, la cuisine.\u003C\/p\u003E\u003C\/td\u003E\u003Ctd width=\u002269\u0022\u003E\u003Cp align=\u0022center\u0022\u003E27.1ZF\u003C\/p\u003E\u003C\/td\u003E\u003Ctd width=\u002283\u0022\u003E\u003Cp align=\u0022center\u0022\u003E6,64\u003C\/p\u003E\u003C\/td\u003E\u003C\/tr\u003E\u003Ctr\u003E\u003Ctd width=\u0022480\u0022\u003E\u003Cp\u003EM\u00e9tallurgie des m\u00e9taux non ferreux et pr\u00e9cieux. Laminage \u00e0 chaud ou relaminage sans fabrication de fonte ni d\u0027acier.\u003C\/p\u003E\u003C\/td\u003E\u003Ctd width=\u002269\u0022\u003E\u003Cp align=\u0022center\u0022\u003E27.4CH\u003C\/p\u003E\u003C\/td\u003E\u003Ctd width=\u002283\u0022\u003E\u003Cp align=\u0022center\u0022\u003E5,50\u003C\/p\u003E\u003C\/td\u003E\u003C\/tr\u003E\u003Ctr\u003E\u003Ctd width=\u0022480\u0022\u003E\u003Cp\u003EFonderie des m\u00e9taux l\u00e9gers ou non ferreux.\u003C\/p\u003E\u003C\/td\u003E\u003Ctd width=\u002269\u0022\u003E\u003Cp align=\u0022center\u0022\u003E27.5EB\u003C\/p\u003E\u003C\/td\u003E\u003Ctd width=\u002283\u0022\u003E\u003Cp align=\u0022center\u0022\u003E6,16\u003C\/p\u003E\u003C\/td\u003E\u003C\/tr\u003E\u003Ctr\u003E\u003Ctd width=\u0022480\u0022\u003E\u003Cp\u003EConstruction m\u00e9tallique, fabrication de charpentes ; fournitures et armatures m\u00e9talliques pr\u00e9par\u00e9es pour le b\u00e9ton arm\u00e9 (pr\u00e9paration des armatures en ateliers hors chantiers). Travail \u00e0 froid des m\u00e9taux (\u00e9tirage, laminage, profilage, pliage, tr\u00e9filage) et m\u00e9tallurgie des ferro-alliages.\u003C\/p\u003E\u003C\/td\u003E\u003Ctd width=\u002269\u0022\u003E\u003Cp align=\u0022center\u0022\u003E28.1AD\u003C\/p\u003E\u003C\/td\u003E\u003Ctd width=\u002283\u0022\u003E\u003Cp align=\u0022center\u0022\u003E4,55\u0026nbsp;\u003C\/p\u003E\u003C\/td\u003E\u003C\/tr\u003E\u003Ctr\u003E\u003Ctd width=\u0022480\u0022\u003E\u003Cp\u003EFabrication d\u0027articles, de meubles et menuiseries, de f\u00fbts et emballages m\u00e9talliques, de fils et c\u00e2bles isol\u00e9s. Fabrication de bouchage, d\u0027emballage, de ferblanterie, de conditionnement m\u00e9tallique. Repoussage des m\u00e9taux en feuilles. Fabrication d\u0027accessoires d\u0027ameublement en bronze et\/ou fer forg\u00e9.\u003C\/p\u003E\u003C\/td\u003E\u003Ctd width=\u002269\u0022\u003E\u003Cp align=\u0022center\u0022\u003E28.1CB\u003C\/p\u003E\u003C\/td\u003E\u003Ctd width=\u002283\u0022\u003E\u003Cp align=\u0022center\u0022\u003E2,98\u003C\/p\u003E\u003C\/td\u003E\u003C\/tr\u003E\u003Ctr\u003E\u003Ctd width=\u0022480\u0022\u003E\u003Cp\u003EChaudronnerie et soudure.\u003C\/p\u003E\u003C\/td\u003E\u003Ctd width=\u002269\u0022\u003E\u003Cp align=\u0022center\u0022\u003E28.3CG\u003C\/p\u003E\u003C\/td\u003E\u003Ctd width=\u002283\u0022\u003E\u003Cp align=\u0022center\u0022\u003E5,51\u003C\/p\u003E\u003C\/td\u003E\u003C\/tr\u003E\u003Ctr\u003E\u003Ctd width=\u0022480\u0022\u003E\u003Cp\u003EFabrication de tubes en acier ou de tubes isolateurs (sauf tubes en fonte). Fabrication de chaudronnerie de contenants (r\u00e9servoirs, citernes, bouteilles pour gaz comprim\u00e9s), de g\u00e9n\u00e9rateurs de vapeur et accessoires, d\u0027\u00e9quipements g\u00e9n\u00e9ralement sous pression et de chaudronnerie nucl\u00e9aire. Fabrication de tuyaux m\u00e9talliques flexibles.\u003C\/p\u003E\u003C\/td\u003E\u003Ctd width=\u002269\u0022\u003E\u003Cp align=\u0022center\u0022\u003E28.3CH\u003C\/p\u003E\u003C\/td\u003E\u003Ctd width=\u002283\u0022\u003E\u003Cp align=\u0022center\u0022\u003E3,60\u003C\/p\u003E\u003C\/td\u003E\u003C\/tr\u003E\u003Ctr\u003E\u003Ctd width=\u0022480\u0022\u003E\u003Cp\u003EForge, estampage, matri\u00e7age. M\u00e9tallurgie des poudres et frittage.\u003C\/p\u003E\u003C\/td\u003E\u003Ctd width=\u002269\u0022\u003E\u003Cp align=\u0022center\u0022\u003E28.4AD\u003C\/p\u003E\u003C\/td\u003E\u003Ctd width=\u002283\u0022\u003E\u003Cp align=\u0022center\u0022\u003E3,55\u003C\/p\u003E\u003C\/td\u003E\u003C\/tr\u003E\u003Ctr\u003E\u003Ctd width=\u0022480\u0022\u003E\u003Cp\u003ED\u00e9coupage, emboutissage. Sciage des m\u00e9taux, graveurs-estampeurs. D\u00e9colletage.\u003C\/p\u003E\u003C\/td\u003E\u003Ctd width=\u002269\u0022\u003E\u003Cp align=\u0022center\u0022\u003E28.4BI\u003C\/p\u003E\u003C\/td\u003E\u003Ctd width=\u002283\u0022\u003E\u003Cp align=\u0022center\u0022\u003E2,95\u003C\/p\u003E\u003C\/td\u003E\u003C\/tr\u003E\u003Ctr\u003E\u003Ctd width=\u0022480\u0022\u003E\u003Cp\u003ETraitement et rev\u00eatement des m\u00e9taux.\u003C\/p\u003E\u003C\/td\u003E\u003Ctd width=\u002269\u0022\u003E\u003Cp align=\u0022center\u0022\u003E28.5AA\u003C\/p\u003E\u003C\/td\u003E\u003Ctd width=\u002283\u0022\u003E\u003Cp align=\u0022center\u0022\u003E3,74\u003C\/p\u003E\u003C\/td\u003E\u003C\/tr\u003E\u003Ctr\u003E\u003Ctd width=\u0022480\u0022\u003E\u003Cp\u003EM\u00e9canique industrielle.\u003C\/p\u003E\u003C\/td\u003E\u003Ctd width=\u002269\u0022\u003E\u003Cp align=\u0022center\u0022\u003E28.5DA\u003C\/p\u003E\u003C\/td\u003E\u003Ctd width=\u002283\u0022\u003E\u003Cp align=\u0022center\u0022\u003E3,55\u003C\/p\u003E\u003C\/td\u003E\u003C\/tr\u003E\u003Ctr\u003E\u003Ctd width=\u0022480\u0022\u003E\u003Cp\u003EUsinage de pr\u00e9cision ou r\u00e9paration d\u0027articles m\u00e9talliques divers.\u003C\/p\u003E\u003C\/td\u003E\u003Ctd width=\u002269\u0022\u003E\u003Cp align=\u0022center\u0022\u003E28.5DF\u003C\/p\u003E\u003C\/td\u003E\u003Ctd width=\u002283\u0022\u003E\u003Cp align=\u0022center\u0022\u003E2,29\u003C\/p\u003E\u003C\/td\u003E\u003C\/tr\u003E\u003Ctr\u003E\u003Ctd width=\u0022480\u0022\u003E\u003Cp\u003ETravaux d\u0027intervention, de montage, d\u00e9montage et entretien de mat\u00e9riels divers dans les usines. - R\u00e9parateurs m\u00e9caniciens. - Fabrication de man\u00e8ges pour f\u00eates foraines.\u003C\/p\u003E\u003C\/td\u003E\u003Ctd width=\u002269\u0022\u003E\u003Cp align=\u0022center\u0022\u003E28.5DG\u003C\/p\u003E\u003C\/td\u003E\u003Ctd width=\u002283\u0022\u003E\u003Cp align=\u0022center\u0022\u003E4,64\u003C\/p\u003E\u003C\/td\u003E\u003C\/tr\u003E\u003Ctr\u003E\u003Ctd width=\u0022480\u0022\u003E\u003Cp\u003EFabrication, montage, installation, entretien, r\u00e9paration de machines, \u00e9quipements, outillages : machine-outil, machine pour les industries de process (1), du textile, du cuir, de la chaussure ; mat\u00e9riel fixe et roulant pour le transport guid\u00e9 ; mat\u00e9riel incendie ; ascenseur, monte-charge, porte automatique et escalier m\u00e9canique ; \u00e9quipements de levage et de manutention.\u003C\/p\u003E\u003C\/td\u003E\u003Ctd width=\u002269\u0022\u003E\u003Cp align=\u0022center\u0022\u003E28.6DF\u003C\/p\u003E\u003C\/td\u003E\u003Ctd width=\u002283\u0022\u003E\u003Cp align=\u0022center\u0022\u003E2,24\u003C\/p\u003E\u003C\/td\u003E\u003C\/tr\u003E\u003Ctr\u003E\u003Ctd width=\u0022480\u0022\u003E\u003Cp\u003EFabrication de boulonnerie, ressorts, visseries et quincaillerie. Fabrication et\/ou entretien de couverts, couteaux, ciseaux, rasoirs. Fabrication d\u0027articles de sport, jeux, jouets, articles de pu\u00e9riculture non class\u00e9s par ailleurs.\u003C\/p\u003E\u003C\/td\u003E\u003Ctd width=\u002269\u0022\u003E\u003Cp align=\u0022center\u0022\u003E28.6FB\u003C\/p\u003E\u003C\/td\u003E\u003Ctd width=\u002283\u0022\u003E\u003Cp align=\u0022center\u0022\u003E2,02\u003C\/p\u003E\u003C\/td\u003E\u003C\/tr\u003E\u003Ctr\u003E\u003Ctd width=\u0022480\u0022\u003E\u003Cp\u003EFabrication de composants m\u00e9caniques : transmissions hydrauliques et pneumatiques, turbines, compresseurs, roulements, matrices, poin\u00e7ons, moules et mod\u00e8les, organes m\u00e9caniques de transmission. Fabrication de moteurs autres que pour a\u00e9ronefs, automobiles et motocycles. Reconstruction de moteurs sauf pour l\u0027a\u00e9ronautique.\u003C\/p\u003E\u003C\/td\u003E\u003Ctd width=\u002269\u0022\u003E\u003Cp align=\u0022center\u0022\u003E29.1AF\u003C\/p\u003E\u003C\/td\u003E\u003Ctd width=\u002283\u0022\u003E\u003Cp align=\u0022center\u0022\u003E2,26\u003C\/p\u003E\u003C\/td\u003E\u003C\/tr\u003E\u003Ctr\u003E\u003Ctd width=\u0022480\u0022\u003E\u003Cp\u003EFabrication de pompes et d\u0027articles de robinetterie.\u003C\/p\u003E\u003C\/td\u003E\u003Ctd width=\u002269\u0022\u003E\u003Cp align=\u0022center\u0022\u003E29.1FB\u003C\/p\u003E\u003C\/td\u003E\u003Ctd width=\u002283\u0022\u003E\u003Cp align=\u0022center\u0022\u003E2,06\u003C\/p\u003E\u003C\/td\u003E\u003C\/tr\u003E\u003Ctr\u003E\u003Ctd width=\u0022480\u0022\u003E\u003Cp\u003EFabrication, installation, entretien, r\u00e9paration de mat\u00e9riels a\u00e9rauliques et thermiques, de fours et de br\u00fbleurs, d\u0027appareils frigorifiques domestiques et industriels. Fabrication d\u0027appareils m\u00e9nagers \u00e9lectriques.\u003C\/p\u003E\u003C\/td\u003E\u003Ctd width=\u002269\u0022\u003E\u003Cp align=\u0022center\u0022\u003E29.2FI\u003C\/p\u003E\u003C\/td\u003E\u003Ctd width=\u002283\u0022\u003E\u003Cp align=\u0022center\u0022\u003E3,37\u003C\/p\u003E\u003C\/td\u003E\u003C\/tr\u003E\u003Ctr\u003E\u003Ctd width=\u0022480\u0022\u003E\u003Cp\u003EFabrication et\/ou r\u00e9paration d\u0027engins mobiles et syst\u00e8mes pour : la construction, les mines, le forage, la pr\u00e9paration des minerais et mat\u00e9riaux, le mat\u00e9riel agricole.\u003C\/p\u003E\u003C\/td\u003E\u003Ctd width=\u002269\u0022\u003E\u003Cp align=\u0022center\u0022\u003E29.3DC\u003C\/p\u003E\u003C\/td\u003E\u003Ctd width=\u002283\u0022\u003E\u003Cp align=\u0022center\u0022\u003E2,78\u003C\/p\u003E\u003C\/td\u003E\u003C\/tr\u003E\u003Ctr\u003E\u003Ctd width=\u0022480\u0022\u003E\u003Cp\u003EFabrication, r\u00e9paration, entretien de : mat\u00e9riels \u00e9lectriques, \u00e9lectromagn\u00e9tiques industriels, appareillages \u00e9lectriques d\u0027installation, accumulateurs, isolateurs, piles, condensateurs, lampes \u00e9lectriques, mat\u00e9riels \u00e9lectriques pour moteurs et v\u00e9hicules. Montage de petits mat\u00e9riels \u00e9lectriques. R\u00e9paration, entretien de mat\u00e9riels m\u00e9nagers.\u003C\/p\u003E\u003C\/td\u003E\u003Ctd width=\u002269\u0022\u003E\u003Cp align=\u0022center\u0022\u003E31.2AG\u003C\/p\u003E\u003C\/td\u003E\u003Ctd width=\u002283\u0022\u003E\u003Cp align=\u0022center\u0022\u003E2,25\u003C\/p\u003E\u003C\/td\u003E\u003C\/tr\u003E\u003Ctr\u003E\u003Ctd width=\u0022480\u0022\u003E\u003Cp\u003EFabrication, installation, entretien, r\u00e9paration de : mat\u00e9riels et appareils \u00e9lectroniques de r\u00e9ception, de t\u00e9l\u00e9phonie, d\u0027enregistrement, d\u0027imagerie m\u00e9dicale, de composants, d\u0027\u00e9l\u00e9ments chauffants. Fabrication, installation, entretien, r\u00e9paration de mat\u00e9riel bureautique, informatique et activit\u00e9s connexes.\u003C\/p\u003E\u003C\/td\u003E\u003Ctd width=\u002269\u0022\u003E\u003Cp align=\u0022center\u0022\u003E32.1BC\u003C\/p\u003E\u003C\/td\u003E\u003Ctd width=\u002283\u0022\u003E\u003Cp align=\u0022center\u0022\u003E1,13\u003C\/p\u003E\u003C\/td\u003E\u003C\/tr\u003E\u003Ctr\u003E\u003Ctd width=\u0022480\u0022\u003E\u003Cp\u003EFabrication, r\u00e9paration de mat\u00e9riel m\u00e9dico-chirurgical, de proth\u00e8ses y compris dentaires, d\u0027instruments de pr\u00e9cision, d\u0027optique, d\u0027horlogerie, de laboratoire. Emaillage, bijouterie, joaillerie, orf\u00e8vrerie, gravage de m\u00e9dailles, de monnaies (hors commerce).\u003C\/p\u003E\u003C\/td\u003E\u003Ctd width=\u002269\u0022\u003E\u003Cp align=\u0022center\u0022\u003E33.1BC\u003C\/p\u003E\u003C\/td\u003E\u003Ctd width=\u002283\u0022\u003E\u003Cp align=\u0022center\u0022\u003E1,66\u003C\/p\u003E\u003C\/td\u003E\u003C\/tr\u003E\u003Ctr\u003E\u003Ctd width=\u0022480\u0022\u003E\u003Cp\u003EFabrication, installation d\u0027appareils de mesure, de comptage, de signalisation, de contr\u00f4le, de s\u00e9curit\u00e9, de r\u00e9gulation. Conception et installation de syst\u00e8mes de contr\u00f4le et de production automatis\u00e9e.\u003C\/p\u003E\u003C\/td\u003E\u003Ctd width=\u002269\u0022\u003E\u003Cp align=\u0022center\u0022\u003E33.2BK\u003C\/p\u003E\u003C\/td\u003E\u003Ctd width=\u002283\u0022\u003E\u003Cp align=\u0022center\u0022\u003E1,29\u003C\/p\u003E\u003C\/td\u003E\u003C\/tr\u003E\u003Ctr\u003E\u003Ctd width=\u0022480\u0022\u003E\u003Cp\u003EConstruction de v\u00e9hicules automobiles. Succursales et filiales des constructeurs.\u003C\/p\u003E\u003C\/td\u003E\u003Ctd width=\u002269\u0022\u003E\u003Cp align=\u0022center\u0022\u003E34.1ZE\u003C\/p\u003E\u003C\/td\u003E\u003Ctd width=\u002283\u0022\u003E\u003Cp align=\u0022center\u0022\u003E2,79\u003C\/p\u003E\u003C\/td\u003E\u003C\/tr\u003E\u003Ctr\u003E\u003Ctd width=\u0022480\u0022\u003E\u003Cp\u003EConstruction de carrosseries, bennes, remorques autres que de tourisme. Fabrication de caravanes et v\u00e9hicules de loisirs.\u003C\/p\u003E\u003C\/td\u003E\u003Ctd width=\u002269\u0022\u003E\u003Cp align=\u0022center\u0022\u003E34.2AB\u003C\/p\u003E\u003C\/td\u003E\u003Ctd width=\u002283\u0022\u003E\u003Cp align=\u0022center\u0022\u003E4,39\u003C\/p\u003E\u003C\/td\u003E\u003C\/tr\u003E\u003Ctr\u003E\u003Ctd width=\u0022480\u0022\u003E\u003Cp\u003EFabrication d\u0027\u00e9quipements, de parties, d\u0027accessoires et de pi\u00e8ces d\u00e9tach\u00e9es pour l\u0027automobile y compris \u00e9quipements de carrosserie et de ch\u00e2ssis.\u003C\/p\u003E\u003C\/td\u003E\u003Ctd width=\u002269\u0022\u003E\u003Cp align=\u0022center\u0022\u003E34.3ZE\u003C\/p\u003E\u003C\/td\u003E\u003Ctd width=\u002283\u0022\u003E\u003Cp align=\u0022center\u0022\u003E2,79\u003C\/p\u003E\u003C\/td\u003E\u003C\/tr\u003E\u003Ctr\u003E\u003Ctd width=\u0022480\u0022\u003E\u003Cp\u003EConstruction, r\u00e9paration ou peinture de navires en acier (y compris \u00e9quipements sp\u00e9cifiques de bord).\u003C\/p\u003E\u003C\/td\u003E\u003Ctd width=\u002269\u0022\u003E\u003Cp align=\u0022center\u0022\u003E35.1BF\u003C\/p\u003E\u003C\/td\u003E\u003Ctd width=\u002283\u0022\u003E\u003Cp align=\u0022center\u0022\u003E6.64\u003C\/p\u003E\u003C\/td\u003E\u003C\/tr\u003E\u003Ctr\u003E\u003Ctd width=\u0022480\u0022\u003E\u003Cp\u003ERecherche, fabrication, entretien, maintenance, r\u00e9paration, reconditionnement pour : a\u00e9ronautique, a\u00e9rospatiale, missiles, armement, structures, \u00e9quipements.\u003C\/p\u003E\u003C\/td\u003E\u003Ctd width=\u002269\u0022\u003E\u003Cp align=\u0022center\u0022\u003E35.3BC\u003C\/p\u003E\u003C\/td\u003E\u003Ctd width=\u002283\u0022\u003E\u003Cp align=\u0022center\u0022\u003E0,96\u003C\/p\u003E\u003C\/td\u003E\u003C\/tr\u003E\u003Ctr\u003E\u003Ctd width=\u0022480\u0022\u003E\u003Cp\u003EEntreprises sp\u00e9cialis\u00e9es dans l\u0027installation de machines \u00e9lectriques dans les usines et \u00e9tablissements industriels.\u003C\/p\u003E\u003C\/td\u003E\u003Ctd width=\u002269\u0022\u003E\u003Cp align=\u0022center\u0022\u003E45.3AA\u003C\/p\u003E\u003C\/td\u003E\u003Ctd width=\u002283\u0022\u003E\u003Cp align=\u0022center\u0022\u003E2,83\u003C\/p\u003E\u003C\/td\u003E\u003C\/tr\u003E\u003Ctr\u003E\u003Ctd width=\u0022480\u0022\u003E\u003Cp\u003EImportation, commerce, entretien, r\u00e9paration de v\u00e9hicules automobiles de marque (importateurs, concessionnaires, agents, r\u00e9parateurs agr\u00e9\u00e9s), commerce et r\u00e9paration ind\u00e9pendante (\u00e0 l\u0027exception 502ZH et 341ZE). Fabrication, r\u00e9paration, commerce de motocycles, cycles et v\u00e9hicules divers (y compris pi\u00e8ces et \u00e9quipements). Electricit\u00e9 automobile.\u003C\/p\u003E\u003C\/td\u003E\u003Ctd width=\u002269\u0022\u003E\u003Cp align=\u0022center\u0022\u003E50.1ZF\u003C\/p\u003E\u003C\/td\u003E\u003Ctd width=\u002283\u0022\u003E\u003Cp align=\u0022center\u0022\u003E2,53\u003C\/p\u003E\u003C\/td\u003E\u003C\/tr\u003E\u003Ctr\u003E\u003Ctd width=\u0022480\u0022\u003E\u003Cp\u003ED\u00e9pannage, remorquage de v\u00e9hicules automobiles (sans atelier de r\u00e9paration et non annex\u00e9 \u00e0 un garage). M\u00e9caniciens-r\u00e9parateurs n\u0027appartenant pas \u00e0 un r\u00e9seau de marque automobile. Fabrication ou fabrication associ\u00e9e \u00e0 la r\u00e9paration de menuiserie, t\u00f4lerie, sellerie, peintures sp\u00e9cialis\u00e9es de voitures. R\u00e9cup\u00e9ration de mati\u00e8res m\u00e9talliques recyclables.\u003C\/p\u003E\u003C\/td\u003E\u003Ctd width=\u002269\u0022\u003E\u003Cp align=\u0022center\u0022\u003E50.2ZH\u003C\/p\u003E\u003C\/td\u003E\u003Ctd width=\u002283\u0022\u003E\u003Cp align=\u0022center\u0022\u003E3,38\u003C\/p\u003E\u003C\/td\u003E\u003C\/tr\u003E\u003Ctr\u003E\u003Ctd width=\u0022633\u0022 colspan=\u00223\u0022\u003E\u003Cp\u003E(1) Process : proc\u00e9d\u00e9s de fabrication pour chimie, pharmacie, agroalimentaire, plasturgie, caoutchouc, m\u00e9tallurgie, fonderie, soudage, etc.\u003C\/p\u003E\u003C\/td\u003E\u003C\/tr\u003E\u003C\/tbody\u003E\u003C\/table\u003E\u003Cp\u003E\u0026nbsp;\u003C\/p\u003E\u003Ch2\u003EII. Industries de la m\u00e9tallurgie des d\u00e9partements du Haut-Rhin, du Bas-Rhin et de la Moselle\u003C\/h2\u003E\u003Cp\u003E\u0026nbsp;\u003C\/p\u003E\u003Ctable border=\u00221\u0022 cellspacing=\u00220\u0022 cellpadding=\u00220\u0022 width=\u0022633\u0022\u003E\u003Ctbody\u003E\u003Ctr\u003E\u003Ctd width=\u0022480\u0022\u003E\u003Cp align=\u0022center\u0022\u003E\u003Cstrong\u003ENature du risque\u003C\/strong\u003E\u003C\/p\u003E\u003C\/td\u003E\u003Ctd width=\u002268\u0022 colspan=\u00222\u0022\u003E\u003Cp align=\u0022center\u0022\u003E\u003Cstrong\u003ECode risque\u003C\/strong\u003E\u003C\/p\u003E\u003C\/td\u003E\u003Ctd width=\u002285\u0022 colspan=\u00222\u0022\u003E\u003Cp align=\u0022center\u0022\u003E\u003Cstrong\u003ETaux net de cotisation \u00ab\u0026nbsp;AT\u0026nbsp;\u00bb\u003C\/strong\u003E\u003C\/p\u003E\u003Cp align=\u0022center\u0022\u003E\u003Cstrong\u003E(en %)\u003C\/strong\u003E\u003C\/p\u003E\u003C\/td\u003E\u003C\/tr\u003E\u003Ctr\u003E\u003Ctd width=\u0022548\u0022 colspan=\u00223\u0022\u003E\u003Cp align=\u0022center\u0022\u003E\u003Cstrong\u003EGroupe 1\u003C\/strong\u003E\u003C\/p\u003E\u003C\/td\u003E\u003Ctd width=\u002285\u0022 colspan=\u00222\u0022 rowspan=\u002211\u0022\u003E\u003Cp align=\u0022center\u0022\u003E1,70\u003C\/p\u003E\u003C\/td\u003E\u003C\/tr\u003E\u003Ctr\u003E\u003Ctd width=\u0022480\u0022\u003E\u003Cp\u003EUsinage de pr\u00e9cision ou r\u00e9paration d\u0027articles m\u00e9talliques divers.\u003C\/p\u003E\u003C\/td\u003E\u003Ctd width=\u002268\u0022 colspan=\u00222\u0022\u003E\u003Cp align=\u0022center\u0022\u003E28.5DF\u003C\/p\u003E\u003C\/td\u003E\u003C\/tr\u003E\u003Ctr\u003E\u003Ctd width=\u0022480\u0022\u003E\u003Cp\u003EFabrication de composants m\u00e9caniques : transmissions hydrauliques et pneumatiques, turbines, compresseurs, roulements, matrices, poin\u00e7ons, moules et mod\u00e8les, organes m\u00e9caniques de transmission. Fabrication de moteurs autres que pour a\u00e9ronefs, automobiles et motocycles. Reconstruction de moteurs sauf pour l\u0027a\u00e9ronautique.\u003C\/p\u003E\u003C\/td\u003E\u003Ctd width=\u002268\u0022 colspan=\u00222\u0022\u003E\u003Cp align=\u0022center\u0022\u003E29.1AF\u003C\/p\u003E\u003C\/td\u003E\u003C\/tr\u003E\u003Ctr\u003E\u003Ctd width=\u0022480\u0022\u003E\u003Cp\u003EFabrication de pompes et d\u0027articles de robinetterie.\u003C\/p\u003E\u003C\/td\u003E\u003Ctd width=\u002268\u0022 colspan=\u00222\u0022\u003E\u003Cp align=\u0022center\u0022\u003E29.1FB\u003C\/p\u003E\u003C\/td\u003E\u003C\/tr\u003E\u003Ctr\u003E\u003Ctd width=\u0022480\u0022\u003E\u003Cp\u003EFabrication et\/ou r\u00e9paration d\u0027engins mobiles et syst\u00e8mes pour : la construction, les mines, le forage, la pr\u00e9paration des minerais et mat\u00e9riaux, le mat\u00e9riel agricole.\u003C\/p\u003E\u003C\/td\u003E\u003Ctd width=\u002268\u0022 colspan=\u00222\u0022\u003E\u003Cp align=\u0022center\u0022\u003E29.3DC\u003C\/p\u003E\u003C\/td\u003E\u003C\/tr\u003E\u003Ctr\u003E\u003Ctd width=\u0022480\u0022\u003E\u003Cp\u003EFabrication, installation, entretien, r\u00e9paration de : mat\u00e9riels et appareils \u00e9lectroniques de r\u00e9ception, de t\u00e9l\u00e9phonie, d\u0027enregistrement, d\u0027imagerie m\u00e9dicale, de composants, d\u0027\u00e9l\u00e9ments chauffants. Fabrication, installation, entretien, r\u00e9paration de mat\u00e9riel bureautique, informatique et activit\u00e9s connexes.\u003C\/p\u003E\u003C\/td\u003E\u003Ctd width=\u002268\u0022 colspan=\u00222\u0022\u003E\u003Cp align=\u0022center\u0022\u003E32.1BC\u003C\/p\u003E\u003C\/td\u003E\u003C\/tr\u003E\u003Ctr\u003E\u003Ctd width=\u0022480\u0022\u003E\u003Cp\u003EFabrication, r\u00e9paration de mat\u00e9riel m\u00e9dico-chirurgical, de proth\u00e8ses y compris dentaires, d\u0027instruments de pr\u00e9cision, d\u0027optique, d\u0027horlogerie, de laboratoire. Emaillage, bijouterie, joaillerie, orf\u00e8vrerie, gravage de m\u00e9dailles, de monnaies (hors commerce).\u0026nbsp;\u0026nbsp;\u0026nbsp;\u0026nbsp;\u0026nbsp;\u0026nbsp;\u0026nbsp;\u0026nbsp;\u0026nbsp;\u0026nbsp;\u003C\/p\u003E\u003C\/td\u003E\u003Ctd width=\u002268\u0022 colspan=\u00222\u0022\u003E\u003Cp align=\u0022center\u0022\u003E33.1BC\u003C\/p\u003E\u003C\/td\u003E\u003C\/tr\u003E\u003Ctr\u003E\u003Ctd width=\u0022480\u0022\u003E\u003Cp\u003EFabrication, installation d\u0027appareils de mesure, de comptage, de signalisation, de contr\u00f4le, de s\u00e9curit\u00e9, de r\u00e9gulation. Conception et installation de syst\u00e8mes de contr\u00f4le et de production automatis\u00e9e.\u003C\/p\u003E\u003C\/td\u003E\u003Ctd width=\u002268\u0022 colspan=\u00222\u0022\u003E\u003Cp align=\u0022center\u0022\u003E33.2BK\u003C\/p\u003E\u003C\/td\u003E\u003C\/tr\u003E\u003Ctr\u003E\u003Ctd width=\u0022480\u0022\u003E\u003Cp\u003EConstruction de v\u00e9hicules automobiles. Succursales et filiales des constructeurs.\u003C\/p\u003E\u003C\/td\u003E\u003Ctd width=\u002268\u0022 colspan=\u00222\u0022\u003E\u003Cp align=\u0022center\u0022\u003E34.1ZE\u003C\/p\u003E\u003C\/td\u003E\u003C\/tr\u003E\u003Ctr\u003E\u003Ctd width=\u0022480\u0022\u003E\u003Cp\u003ERecherche, fabrication, entretien, maintenance, r\u00e9paration, reconditionnement pour : a\u00e9ronautique, a\u00e9rospatiale, missiles, armement, structures, \u00e9quipements.\u003C\/p\u003E\u003C\/td\u003E\u003Ctd width=\u002268\u0022 colspan=\u00222\u0022\u003E\u003Cp align=\u0022center\u0022\u003E35.3BC\u003C\/p\u003E\u003C\/td\u003E\u003C\/tr\u003E\u003Ctr\u003E\u003Ctd width=\u0022480\u0022\u003E\u003Cp\u003EEntreprises sp\u00e9cialis\u00e9es dans l\u0027installation de machines \u00e9lectriques dans les usines et \u00e9tablissements industriels.\u003C\/p\u003E\u003C\/td\u003E\u003Ctd width=\u002268\u0022 colspan=\u00222\u0022\u003E\u003Cp align=\u0022center\u0022\u003E45.3AA\u003C\/p\u003E\u003C\/td\u003E\u003C\/tr\u003E\u003Ctr\u003E\u003Ctd width=\u0022548\u0022 colspan=\u00223\u0022\u003E\u003Cp align=\u0022center\u0022\u003E\u003Cstrong\u003EGroupe 2\u003C\/strong\u003E\u003C\/p\u003E\u003C\/td\u003E\u003Ctd width=\u002285\u0022 colspan=\u00222\u0022 rowspan=\u00226\u0022\u003E\u003Cp align=\u0022center\u0022\u003E2,10\u003C\/p\u003E\u003C\/td\u003E\u003C\/tr\u003E\u003Ctr\u003E\u003Ctd width=\u0022480\u0022\u003E\u003Cp\u003E\u0026nbsp;Fonderie des m\u00e9taux l\u00e9gers ou non ferreux.\u0026nbsp;\u0026nbsp;\u0026nbsp;\u0026nbsp;\u0026nbsp;\u003C\/p\u003E\u003C\/td\u003E\u003Ctd width=\u002268\u0022 colspan=\u00222\u0022\u003E\u003Cp align=\u0022center\u0022\u003E27.5EB\u003C\/p\u003E\u003C\/td\u003E\u003C\/tr\u003E\u003Ctr\u003E\u003Ctd width=\u0022480\u0022\u003E\u003Cp\u003EFabrication, montage, installation, entretien, r\u00e9paration de machines, \u00e9quipements, outillages : machine-outil, machine pour les industries de process (1), du textile, du cuir, de la chaussure ; mat\u00e9riel fixe et roulant pour le transport guid\u00e9 ; mat\u00e9riel incendie ; ascenseur, monte-charge, porte automatique et escalier m\u00e9canique ; \u00e9quipements de levage et de manutention.\u003C\/p\u003E\u003C\/td\u003E\u003Ctd width=\u002268\u0022 colspan=\u00222\u0022\u003E\u003Cp align=\u0022center\u0022\u003E28.6DF\u003C\/p\u003E\u003C\/td\u003E\u003C\/tr\u003E\u003Ctr\u003E\u003Ctd width=\u0022480\u0022\u003E\u003Cp\u003EFabrication, installation, entretien, r\u00e9paration de mat\u00e9riels a\u00e9rauliques et thermiques, de fours et de br\u00fbleurs, d\u0027appareils frigorifiques domestiques et industriels. Fabrication d\u0027appareils m\u00e9nagers \u00e9lectriques.\u003C\/p\u003E\u003C\/td\u003E\u003Ctd width=\u002268\u0022 colspan=\u00222\u0022\u003E\u003Cp align=\u0022center\u0022\u003E29.2FI\u003C\/p\u003E\u003C\/td\u003E\u003C\/tr\u003E\u003Ctr\u003E\u003Ctd width=\u0022480\u0022\u003E\u003Cp\u003EFabrication, r\u00e9paration, entretien de : mat\u00e9riels \u00e9lectriques, \u00e9lectromagn\u00e9tiques industriels, appareillages \u00e9lectriques d\u0027installation, accumulateurs, isolateurs, piles, condensateurs, lampes \u00e9lectriques, mat\u00e9riels \u00e9lectriques pour moteurs et v\u00e9hicules. Montage de petits mat\u00e9riels \u00e9lectriques. R\u00e9paration, entretien de mat\u00e9riels m\u00e9nagers.\u003C\/p\u003E\u003C\/td\u003E\u003Ctd width=\u002268\u0022 colspan=\u00222\u0022\u003E\u003Cp align=\u0022center\u0022\u003E31.2AG\u003C\/p\u003E\u003C\/td\u003E\u003C\/tr\u003E\u003Ctr\u003E\u003Ctd width=\u0022480\u0022\u003E\u003Cp\u003EImportation, commerce, entretien, r\u00e9paration de v\u00e9hicules automobiles de marque (importateurs, concessionnaires, agents, r\u00e9parateurs agr\u00e9\u00e9s), commerce et r\u00e9paration ind\u00e9pendante (\u00e0 l\u0027exception 502ZH et 341ZE). Fabrication, r\u00e9paration, commerce de motocycles, cycles et v\u00e9hicules divers (y compris pi\u00e8ces et \u00e9quipements). Electricit\u00e9 automobile.\u003C\/p\u003E\u003C\/td\u003E\u003Ctd width=\u002268\u0022 colspan=\u00222\u0022\u003E\u003Cp align=\u0022center\u0022\u003E50.1ZF\u003C\/p\u003E\u003C\/td\u003E\u003C\/tr\u003E\u003Ctr\u003E\u003Ctd width=\u0022633\u0022 colspan=\u00225\u0022\u003E\u003Cp\u003E(1) Process : proc\u00e9d\u00e9s de fabrication pour chimie, pharmacie, agroalimentaire, plasturgie, caoutchouc, m\u00e9tallurgie, fonderie, soudage, etc.\u003C\/p\u003E\u003C\/td\u003E\u003C\/tr\u003E\u003Ctr\u003E\u003Ctd width=\u0022548\u0022 colspan=\u00223\u0022\u003E\u003Cp align=\u0022center\u0022\u003E\u003Cstrong\u003EGroupe 3\u003C\/strong\u003E\u003C\/p\u003E\u003C\/td\u003E\u003Ctd width=\u002285\u0022 colspan=\u00222\u0022 rowspan=\u00225\u0022\u003E\u003Cp align=\u0022center\u0022\u003E3,54\u003C\/p\u003E\u003C\/td\u003E\u003C\/tr\u003E\u003Ctr\u003E\u003Ctd width=\u0022480\u0022\u003E\u003Cp\u003ED\u00e9coupage, emboutissage. Sciage des m\u00e9taux, graveurs-estampeurs. D\u00e9colletage.\u003C\/p\u003E\u003C\/td\u003E\u003Ctd width=\u002268\u0022 colspan=\u00222\u0022\u003E\u003Cp align=\u0022center\u0022\u003E28.4BI\u003C\/p\u003E\u003C\/td\u003E\u003C\/tr\u003E\u003Ctr\u003E\u003Ctd width=\u0022480\u0022\u003E\u003Cp\u003ETraitement et rev\u00eatement des m\u00e9taux.\u0026nbsp;\u0026nbsp;\u0026nbsp;\u003C\/p\u003E\u003C\/td\u003E\u003Ctd width=\u002268\u0022 colspan=\u00222\u0022\u003E\u003Cp align=\u0022center\u0022\u003E28.5 AA\u003C\/p\u003E\u003C\/td\u003E\u003C\/tr\u003E\u003Ctr\u003E\u003Ctd width=\u0022480\u0022\u003E\u003Cp\u003EM\u00e9canique industrielle.\u0026nbsp;\u0026nbsp;\u003C\/p\u003E\u003C\/td\u003E\u003Ctd width=\u002268\u0022 colspan=\u00222\u0022\u003E\u003Cp align=\u0022center\u0022\u003E28.5 DA\u003C\/p\u003E\u003C\/td\u003E\u003C\/tr\u003E\u003Ctr\u003E\u003Ctd width=\u0022480\u0022\u003E\u003Cp\u003EFabrication de boulonnerie, ressorts, visseries et quincaillerie. Fabrication et\/ou entretien de couverts, couteaux, ciseaux, rasoirs. Fabrication d\u0027articles de sport, jeux, jouets, articles de pu\u00e9riculture non class\u00e9s par ailleurs.\u003C\/p\u003E\u003C\/td\u003E\u003Ctd width=\u002268\u0022 colspan=\u00222\u0022\u003E\u003Cp align=\u0022center\u0022\u003E28.6FB\u003C\/p\u003E\u003C\/td\u003E\u003C\/tr\u003E\u003Ctr\u003E\u003Ctd width=\u0022633\u0022 colspan=\u00225\u0022\u003E\u003Cp\u003E\u0026nbsp;\u003C\/p\u003E\u003C\/td\u003E\u003C\/tr\u003E\u003Ctr\u003E\u003Ctd width=\u0022550\u0022 colspan=\u00224\u0022\u003E\u003Cp align=\u0022center\u0022\u003E\u003Cstrong\u003EGroupe 4\u003C\/strong\u003E\u003C\/p\u003E\u003C\/td\u003E\u003Ctd width=\u002283\u0022 rowspan=\u002212\u0022\u003E\u003Cp align=\u0022center\u0022\u003E4,43\u003C\/p\u003E\u003C\/td\u003E\u003C\/tr\u003E\u003Ctr\u003E\u003Ctd width=\u0022480\u0022\u003E\u003Cp\u003EM\u00e9tallurgie de m\u00e9taux non ferreux et pr\u00e9cieux. Laminage \u00e0 chaud ou relaminage sans fabrication de fonte ni d\u0027acier.\u003C\/p\u003E\u003C\/td\u003E\u003Ctd width=\u002269\u0022 colspan=\u00223\u0022\u003E\u003Cp align=\u0022center\u0022\u003E27.4CH\u003C\/p\u003E\u003C\/td\u003E\u003C\/tr\u003E\u003Ctr\u003E\u003Ctd width=\u0022480\u0022\u003E\u003Cp\u003EConstruction m\u00e9tallique, fabrication de charpentes ; fournitures et armatures m\u00e9talliques pr\u00e9par\u00e9es pour le b\u00e9ton arm\u00e9 (pr\u00e9paration des armatures en ateliers hors chantiers). Travail \u00e0 froid des m\u00e9taux (\u00e9tirage, laminage, profilage, pliage, tr\u00e9filage) et m\u00e9tallurgie des ferro-alliages.\u003C\/p\u003E\u003C\/td\u003E\u003Ctd width=\u002269\u0022 colspan=\u00223\u0022\u003E\u003Cp align=\u0022center\u0022\u003E28.1AD\u003C\/p\u003E\u003C\/td\u003E\u003C\/tr\u003E\u003Ctr\u003E\u003Ctd width=\u0022480\u0022\u003E\u003Cp\u003EFabrication d\u0027articles, de meubles et menuiseries, de f\u00fbts et emballages m\u00e9talliques, de fils et c\u00e2bles isol\u00e9s. Fabrication de bouchage, d\u0027emballage, de ferblanterie, de conditionnement m\u00e9tallique. Repoussage des m\u00e9taux en feuilles. Fabrication d\u0027accessoires d\u0027ameublement en bronze et\/ou fer forg\u00e9.\u003C\/p\u003E\u003C\/td\u003E\u003Ctd width=\u002269\u0022 colspan=\u00223\u0022\u003E\u003Cp align=\u0022center\u0022\u003E28.1CB\u003C\/p\u003E\u003C\/td\u003E\u003C\/tr\u003E\u003Ctr\u003E\u003Ctd width=\u0022480\u0022\u003E\u003Cp\u003EChaudronnerie et soudure.\u003C\/p\u003E\u003C\/td\u003E\u003Ctd width=\u002269\u0022 colspan=\u00223\u0022\u003E\u003Cp align=\u0022center\u0022\u003E28.3CG\u003C\/p\u003E\u003C\/td\u003E\u003C\/tr\u003E\u003Ctr\u003E\u003Ctd width=\u0022480\u0022\u003E\u003Cp\u003EFabrication de tubes en acier ou de tubes isolateurs (sauf tubes en fonte). Fabrication de chaudronnerie de contenants (r\u00e9servoirs, citernes, bouteilles pour gaz comprim\u00e9s), de g\u00e9n\u00e9rateurs de vapeur et accessoires, d\u0027\u00e9quipements g\u00e9n\u00e9ralement sous pression et de chaudronnerie nucl\u00e9aire. Fabrication de tuyaux m\u00e9talliques flexibles.\u003C\/p\u003E\u003C\/td\u003E\u003Ctd width=\u002269\u0022 colspan=\u00223\u0022\u003E\u003Cp align=\u0022center\u0022\u003E28.3CH\u003C\/p\u003E\u003C\/td\u003E\u003C\/tr\u003E\u003Ctr\u003E\u003Ctd width=\u0022480\u0022 valign=\u0022top\u0022\u003E\u003Cp\u003EForge, estampage, matri\u00e7age. M\u00e9tallurgie des poudres et frittage.\u003C\/p\u003E\u003C\/td\u003E\u003Ctd width=\u002269\u0022 colspan=\u00223\u0022 valign=\u0022top\u0022\u003E\u003Cp align=\u0022center\u0022\u003E28.4AD\u003C\/p\u003E\u003C\/td\u003E\u003C\/tr\u003E\u003Ctr\u003E\u003Ctd width=\u0022480\u0022\u003E\u003Cp\u003ETravaux d\u0027intervention, de montage, d\u00e9montage et entretien de mat\u00e9riels divers dans les usines. - R\u00e9parateurs m\u00e9caniciens. - Fabrication de man\u00e8ges pour f\u00eates foraines.\u003C\/p\u003E\u003C\/td\u003E\u003Ctd width=\u002269\u0022 colspan=\u00223\u0022\u003E\u003Cp align=\u0022center\u0022\u003E28.5DG\u003C\/p\u003E\u003C\/td\u003E\u003C\/tr\u003E\u003Ctr\u003E\u003Ctd width=\u0022480\u0022\u003E\u003Cp\u003EConstruction de carrosseries, bennes, remorques autres que de tourisme. Fabrication de caravanes et v\u00e9hicules de loisirs.\u003C\/p\u003E\u003C\/td\u003E\u003Ctd width=\u002269\u0022 colspan=\u00223\u0022\u003E\u003Cp align=\u0022center\u0022\u003E34.2AB\u003C\/p\u003E\u003C\/td\u003E\u003C\/tr\u003E\u003Ctr\u003E\u003Ctd width=\u0022480\u0022\u003E\u003Cp\u003EFabrication d\u0027\u00e9quipements, de parties, d\u0027accessoires et de pi\u00e8ces d\u00e9tach\u00e9es pour l\u0027automobile y compris \u00e9quipements de carrosserie et de ch\u00e2ssis.\u003C\/p\u003E\u003C\/td\u003E\u003Ctd width=\u002269\u0022 colspan=\u00223\u0022\u003E\u003Cp align=\u0022center\u0022\u003E34.3ZE\u003C\/p\u003E\u003C\/td\u003E\u003C\/tr\u003E\u003Ctr\u003E\u003Ctd width=\u0022480\u0022\u003E\u003Cp\u003EConstruction, r\u00e9paration ou peinture de navires en acier (y compris \u00e9quipements sp\u00e9cifiques de bord).\u003C\/p\u003E\u003C\/td\u003E\u003Ctd width=\u002269\u0022 colspan=\u00223\u0022\u003E\u003Cp align=\u0022center\u0022\u003E35.1BF\u003C\/p\u003E\u003C\/td\u003E\u003C\/tr\u003E\u003Ctr\u003E\u003Ctd width=\u0022480\u0022\u003E\u003Cp\u003ED\u00e9pannage, remorquage de v\u00e9hicules automobiles (sans atelier de r\u00e9paration et non annex\u00e9 \u00e0 un garage). M\u00e9caniciens-r\u00e9parateurs n\u0027appartenant pas \u00e0 un r\u00e9seau de marque automobile. Fabrication ou fabrication associ\u00e9e \u00e0 la r\u00e9paration de menuiserie, t\u00f4lerie, sellerie, peintures sp\u00e9cialis\u00e9es de voitures. R\u00e9cup\u00e9ration de mati\u00e8res m\u00e9talliques recyclables.\u003C\/p\u003E\u003C\/td\u003E\u003Ctd width=\u002269\u0022 colspan=\u00223\u0022\u003E\u003Cp align=\u0022center\u0022\u003E50.2ZH\u003C\/p\u003E\u003C\/td\u003E\u003C\/tr\u003E\u003Ctr\u003E\u003Ctd width=\u0022548\u0022 colspan=\u00223\u0022\u003E\u003Cp align=\u0022center\u0022\u003E\u003Cstrong\u003EGROUPE 5\u003C\/strong\u003E\u003C\/p\u003E\u003C\/td\u003E\u003Ctd width=\u002285\u0022 colspan=\u00222\u0022 rowspan=\u00222\u0022\u003E\u003Cp align=\u0022center\u0022\u003E6,24\u003C\/p\u003E\u003C\/td\u003E\u003C\/tr\u003E\u003Ctr\u003E\u003Ctd width=\u0022482\u0022 colspan=\u00222\u0022 valign=\u0022top\u0022\u003E\u003Cp\u003EFonderie de fonte, d\u0027acier moul\u00e9 ou de fonte mall\u00e9able. Fabrication de fonte, d\u0027acier, d\u0027articles ou tubes en fonte. Fabrication de radiateurs, de chaudi\u00e8res pour le chauffage central, la cuisine\u003C\/p\u003E\u003C\/td\u003E\u003Ctd width=\u002266\u0022 valign=\u0022top\u0022\u003E\u003Cp\u003E27.1 ZF\u003C\/p\u003E\u003C\/td\u003E\u003C\/tr\u003E\u003C\/tbody\u003E\u003C\/table\u003E                                            \u003Cp\u003E\u003Cbr \/\u003E\u003Cstrong\u003ESource :\u003C\/strong\u003E\u003Cstrong\u003E\u00a0\u003C\/strong\u003E\u003C\/p\u003E\u003Cul\u003E\u003Cli\u003E\u003Ca href=\u0022https:\/\/www.legifrance.gouv.fr\/loda\/id\/JORFTEXT000051533180\/2025-07-25\/\u0022 target=\u0022_blank\u0022\u003EArr\u00eat\u00e9 du 29 avril 2025 relatif \u00e0 la tarification des risques d\u0027accidents du travail et de maladies professionnelles pour l\u0027ann\u00e9e 2025\u003C\/a\u003E\u003C\/li\u003E\u003C\/ul\u003E\u003C\/div\u003E","annee":"2025","theme":" Indices, taux, bar\u00e8mes sociaux","activites":["Industrie"],"image":"https:\/\/www.weblex.fr\/sites\/default\/files\/chiffres_clef\/Shutterstock_tarificationatmp.jpg","created":"2025-07-25","modified":"2025-07-25"},{"url":"\/chiffres-cles\/tarif-des-cotisations-d-accidents-du-travail-et-maladies-professionnelles-des-industries-des-transports-de-l-eau-du-gaz-de-l-electricite-du-livre-et-de-la-communication-annee-2025","id":26624,"title":"Tarif des cotisations d\u0027accidents du travail et maladies professionnelles des industries des transports, de l\u0027eau, du gaz, de l\u0027\u00e9lectricit\u00e9, du livre et de la communication - ann\u00e9e 2025","content":"\u003Cdiv\u003E                                              \u003Ch2\u003EI - Cas g\u00e9n\u00e9ral\u0026nbsp;\u003C\/h2\u003E\u003Ctable border=\u00221\u0022 cellspacing=\u00220\u0022 cellpadding=\u00220\u0022\u003E\u003Ctbody\u003E\u003Ctr\u003E\u003Ctd width=\u0022465\u0022\u003E\u003Cp align=\u0022center\u0022\u003E\u003Cstrong\u003ENature du risque\u003C\/strong\u003E\u003C\/p\u003E\u003C\/td\u003E\u003Ctd\u003E\u003Cp\u003E\u003Cstrong\u003ECode risque\u003C\/strong\u003E\u003C\/p\u003E\u003C\/td\u003E\u003Ctd width=\u002277\u0022\u003E\u003Cp align=\u0022center\u0022\u003E\u003Cstrong\u003ETaux net de cotisation \u00ab\u0026nbsp;AT\u0026nbsp;\u00bb\u003C\/strong\u003E\u003C\/p\u003E\u003Cp align=\u0022center\u0022\u003E\u003Cstrong\u003E(en %)\u003C\/strong\u003E\u003C\/p\u003E\u003C\/td\u003E\u003C\/tr\u003E\u003Ctr\u003E\u003Ctd width=\u0022465\u0022\u003E\u003Cp\u003EEdition, imprimerie. Reprographie et activit\u00e9s connexes (reliure, dorure main, affiches, composition, photocomposition, gravure et photogravure). Routage.\u003C\/p\u003E\u003C\/td\u003E\u003Ctd\u003E\u003Cp\u003E22.2CD\u003C\/p\u003E\u003C\/td\u003E\u003Ctd width=\u002277\u0022\u003E\u003Cp align=\u0022center\u0022\u003E2,07\u003C\/p\u003E\u003C\/td\u003E\u003C\/tr\u003E\u003Ctr\u003E\u003Ctd width=\u0022465\u0022\u003E\u003Cp\u003ETraitement des d\u00e9chets des activit\u00e9s industrielles, \u00e9conomiques et des m\u00e9nages, r\u00e9cup\u00e9ration, tri, recyclage, valorisation mati\u00e8re y compris d\u00e9mant\u00e8lement, d\u00e9samor\u00e7age, d\u00e9molition de munitions.\u003C\/p\u003E\u003C\/td\u003E\u003Ctd\u003E\u003Cp\u003E37.1ZF\u003C\/p\u003E\u003C\/td\u003E\u003Ctd width=\u002277\u0022\u003E\u003Cp align=\u0022center\u0022\u003E4,37\u003C\/p\u003E\u003C\/td\u003E\u003C\/tr\u003E\u003Ctr\u003E\u003Ctd width=\u0022465\u0022\u003E\u003Cp\u003EAgents statutaires des industries \u00e9lectriques et gazi\u00e8res (1).\u003C\/p\u003E\u003C\/td\u003E\u003Ctd\u003E\u003Cp\u003E40.1ZE\u003C\/p\u003E\u003C\/td\u003E\u003Ctd width=\u002277\u0022\u003E\u003Cp align=\u0022center\u0022\u003E0,16\u003C\/p\u003E\u003C\/td\u003E\u003C\/tr\u003E\u003Ctr\u003E\u003Ctd width=\u0022465\u0022\u003E\u003Cp\u003ESalari\u00e9s non statutaires des industries \u00e9lectriques et gazi\u00e8res (1).\u003C\/p\u003E\u003C\/td\u003E\u003Ctd\u003E\u003Cp\u003E40.1ZF\u003C\/p\u003E\u003C\/td\u003E\u003Ctd width=\u002277\u0022\u003E\u003Cp align=\u0022center\u0022\u003E2,32\u003C\/p\u003E\u003C\/td\u003E\u003C\/tr\u003E\u003Ctr\u003E\u003Ctd width=\u0022465\u0022\u003E\u003Cp\u003EProduction et distribution de chauffage urbain, exploitants de chauffage d\u0027immeubles, op\u00e9rateurs d\u0027efficacit\u00e9 \u00e9nerg\u00e9tique, valorisation \u00e9nerg\u00e9tique des d\u00e9chets, usine d\u0027incin\u00e9ration de r\u00e9sidus urbains.\u003C\/p\u003E\u003C\/td\u003E\u003Ctd\u003E\u003Cp\u003E40.3ZE\u003C\/p\u003E\u003C\/td\u003E\u003Ctd width=\u002277\u0022\u003E\u003Cp align=\u0022center\u0022\u003E2,32\u003C\/p\u003E\u003C\/td\u003E\u003C\/tr\u003E\u003Ctr\u003E\u003Ctd width=\u0022465\u0022\u003E\u003Cp\u003ECaptage, traitement et distribution de l\u0027eau.\u003C\/p\u003E\u003C\/td\u003E\u003Ctd\u003E\u003Cp\u003E41.0ZA\u003C\/p\u003E\u003C\/td\u003E\u003Ctd width=\u002277\u0022\u003E\u003Cp align=\u0022center\u0022\u003E1,75\u003C\/p\u003E\u003C\/td\u003E\u003C\/tr\u003E\u003Ctr\u003E\u003Ctd width=\u0022465\u0022\u003E\u003Cp\u003ETransport ferroviaire.\u003C\/p\u003E\u003C\/td\u003E\u003Ctd\u003E\u003Cp\u003E60.1ZA\u003C\/p\u003E\u003C\/td\u003E\u003Ctd width=\u002277\u0022\u003E\u003Cp align=\u0022center\u0022\u003E1,18\u003C\/p\u003E\u003C\/td\u003E\u003C\/tr\u003E\u003Ctr\u003E\u003Ctd width=\u0022465\u0022\u003E\u003Cp\u003ETransports terrestres de voyageurs, y compris par taxi.\u003C\/p\u003E\u003C\/td\u003E\u003Ctd\u003E\u003Cp\u003E60.2BD\u003C\/p\u003E\u003C\/td\u003E\u003Ctd width=\u002277\u0022\u003E\u003Cp align=\u0022center\u0022\u003E3,87\u003C\/p\u003E\u003C\/td\u003E\u003C\/tr\u003E\u003Ctr\u003E\u003Ctd width=\u0022465\u0022\u003E\u003Cp\u003ET\u00e9l\u00e9ph\u00e9riques, remont\u00e9es m\u00e9caniques.\u003C\/p\u003E\u003C\/td\u003E\u003Ctd\u003E\u003Cp\u003E60.2CA\u003C\/p\u003E\u003C\/td\u003E\u003Ctd width=\u002277\u0022\u003E\u003Cp align=\u0022center\u0022\u003E3,87\u003C\/p\u003E\u003C\/td\u003E\u003C\/tr\u003E\u003Ctr\u003E\u003Ctd width=\u0022465\u0022\u003E\u003Cp\u003ETransports routiers de marchandises. Location de v\u00e9hicules avec chauffeur.\u003C\/p\u003E\u003C\/td\u003E\u003Ctd\u003E\u003Cp\u003E60.2MG\u003C\/p\u003E\u003C\/td\u003E\u003Ctd width=\u002277\u0022\u003E\u003Cp align=\u0022center\u0022\u003E5,36\u003C\/p\u003E\u003C\/td\u003E\u003C\/tr\u003E\u003Ctr\u003E\u003Ctd width=\u0022465\u0022\u003E\u003Cp\u003ED\u00e9m\u00e9nagement et garde-meubles.\u003C\/p\u003E\u003C\/td\u003E\u003Ctd\u003E\u003Cp\u003E60.2NA\u003C\/p\u003E\u003C\/td\u003E\u003Ctd width=\u002277\u0022\u003E\u003Cp align=\u0022center\u0022\u003E6,31\u003C\/p\u003E\u003C\/td\u003E\u003C\/tr\u003E\u003Ctr\u003E\u003Ctd width=\u0022465\u0022\u003E\u003Cp\u003ETransports a\u00e9riens r\u00e9guliers et non r\u00e9guliers : personnel navigant et non navigant. Services a\u00e9roportuaires.\u003C\/p\u003E\u003C\/td\u003E\u003Ctd\u003E\u003Cp\u003E62.1ZC\u003C\/p\u003E\u003C\/td\u003E\u003Ctd width=\u002277\u0022\u003E\u003Cp align=\u0022center\u0022\u003E1,75\u003C\/p\u003E\u003C\/td\u003E\u003C\/tr\u003E\u003Ctr\u003E\u003Ctd width=\u0022465\u0022\u003E\u003Cp\u003EOuvriers dockers maritimes intermittents, soumis au r\u00e9gime de la vignette, et effectuant quel que soit le classement de l\u0027entreprise qui les emploie, des op\u00e9rations de chargement, de d\u00e9chargement ou de manutention de marchandises \u00e0 l\u0027exclusion des ouvriers dockers poissonniers vis\u00e9s sous le n\u00b0 63.1AB.\u003C\/p\u003E\u003C\/td\u003E\u003Ctd\u003E\u003Cp\u003E63.1AZ\u003C\/p\u003E\u003C\/td\u003E\u003Ctd width=\u002277\u0022\u003E\u003Cp align=\u0022center\u0022\u003E35,0\u003C\/p\u003E\u003C\/td\u003E\u003C\/tr\u003E\u003Ctr\u003E\u003Ctd width=\u0022465\u0022\u003E\u003Cp\u003EManutention, chargement, d\u00e9chargement, entreposage de marchandises ou fret dans les ports maritimes et fluviaux, et les a\u00e9roports.\u003C\/p\u003E\u003C\/td\u003E\u003Ctd\u003E\u003Cp\u003E63.1BE\u003C\/p\u003E\u003C\/td\u003E\u003Ctd width=\u002277\u0022\u003E\u003Cp align=\u0022center\u0022\u003E7,97\u003C\/p\u003E\u003C\/td\u003E\u003C\/tr\u003E\u003Ctr\u003E\u003Ctd width=\u0022465\u0022\u003E\u003Cp\u003EEntreposage et stockage non frigorifique non reli\u00e9s \u00e0 une voie d\u0027eau. Entreposage de liquides en vrac.\u003C\/p\u003E\u003C\/td\u003E\u003Ctd\u003E\u003Cp\u003E63.1EE\u003C\/p\u003E\u003C\/td\u003E\u003Ctd width=\u002277\u0022\u003E\u003Cp align=\u0022center\u0022\u003E3,26\u003C\/p\u003E\u003C\/td\u003E\u003C\/tr\u003E\u003Ctr\u003E\u003Ctd width=\u0022465\u0022\u003E\u003Cp\u003ETransports par eau de marchandises et de passagers, et services auxiliaires.\u003C\/p\u003E\u003C\/td\u003E\u003Ctd\u003E\u003Cp\u003E63.2CF\u003C\/p\u003E\u003C\/td\u003E\u003Ctd width=\u002277\u0022\u003E\u003Cp align=\u0022center\u0022\u003E2,02\u003C\/p\u003E\u003C\/td\u003E\u003C\/tr\u003E\u003Ctr\u003E\u003Ctd width=\u0022465\u0022\u003E\u003Cp\u003EAgences de voyage. Offices de tourisme.\u003C\/p\u003E\u003C\/td\u003E\u003Ctd\u003E\u003Cp\u003E63.3ZC\u003C\/p\u003E\u003C\/td\u003E\u003Ctd width=\u002277\u0022\u003E\u003Cp align=\u0022center\u0022\u003E0,92\u003C\/p\u003E\u003C\/td\u003E\u003C\/tr\u003E\u003Ctr\u003E\u003Ctd width=\u0022465\u0022\u003E\u003Cp\u003EEntreprises de groupage effectuant directement ou non l\u0027enl\u00e8vement ou la livraison \u00e0 domicile des marchandises, messagerie, fret express.\u003C\/p\u003E\u003C\/td\u003E\u003Ctd\u003E\u003Cp\u003E63.4AA\u003C\/p\u003E\u003C\/td\u003E\u003Ctd width=\u002277\u0022\u003E\u003Cp align=\u0022center\u0022\u003E4,09\u003C\/p\u003E\u003C\/td\u003E\u003C\/tr\u003E\u003Ctr\u003E\u003Ctd width=\u0022465\u0022\u003E\u003Cp\u003EAffr\u00e8tement et organisation des transports maritimes, routiers ou a\u00e9riens. Gares routi\u00e8res et exploitation d\u0027ouvrages routiers \u00e0 p\u00e9age.\u003C\/p\u003E\u003C\/td\u003E\u003Ctd\u003E\u003Cp\u003E63.4CI\u003C\/p\u003E\u003C\/td\u003E\u003Ctd width=\u002277\u0022\u003E\u003Cp align=\u0022center\u0022\u003E1,68\u003C\/p\u003E\u003C\/td\u003E\u003C\/tr\u003E\u003Ctr\u003E\u003Ctd width=\u0022465\u0022\u003E\u003Cp\u003EServices postaux et financiers.\u003C\/p\u003E\u003C\/td\u003E\u003Ctd\u003E\u003Cp\u003E64.1AA\u003C\/p\u003E\u003C\/td\u003E\u003Ctd width=\u002277\u0022\u003E\u003Cp align=\u0022center\u0022\u003E2,62\u003C\/p\u003E\u003C\/td\u003E\u003C\/tr\u003E\u003Ctr\u003E\u003Ctd width=\u0022465\u0022\u003E\u003Cp\u003EAutres activit\u00e9s de courrier : activit\u00e9s autres que celles exerc\u00e9es par La Poste. - Acheminement du courrier, lettre, colis g\u00e9n\u00e9ralement en express. - Activit\u00e9s de coursiers urbains et taxis-marchandises.\u003C\/p\u003E\u003C\/td\u003E\u003Ctd\u003E\u003Cp\u003E64.1CA\u003C\/p\u003E\u003C\/td\u003E\u003Ctd width=\u002277\u0022\u003E\u003Cp align=\u0022center\u0022\u003E3,99\u003C\/p\u003E\u003C\/td\u003E\u003C\/tr\u003E\u003Ctr\u003E\u003Ctd width=\u0022465\u0022\u003E\u003Cp\u003EActivit\u00e9s de t\u00e9l\u00e9communications, y compris les activit\u00e9s de t\u00e9l\u00e9surveillance (sans personnel d\u2019intervention sur le site surveill\u00e9).\u003C\/p\u003E\u003C\/td\u003E\u003Ctd\u003E\u003Cp\u003E64.2BB\u003C\/p\u003E\u003C\/td\u003E\u003Ctd width=\u002277\u0022\u003E\u003Cp align=\u0022center\u0022\u003E0,87\u003C\/p\u003E\u003C\/td\u003E\u003C\/tr\u003E\u003Ctr\u003E\u003Ctd width=\u0022465\u0022\u003E\u003Cp\u003ECr\u00e9ateurs et interm\u00e9diaires de publicit\u00e9 (2)\u0026nbsp;: r\u00e9gies publicitaires. Agences de presse y compris journalistes et photographes ind\u00e9pendants.\u003C\/p\u003E\u003C\/td\u003E\u003Ctd\u003E\u003Cp\u003E74.4BB\u003C\/p\u003E\u003C\/td\u003E\u003Ctd width=\u002277\u0022\u003E\u003Cp align=\u0022center\u0022\u003E1,13\u003C\/p\u003E\u003C\/td\u003E\u003C\/tr\u003E\u003Ctr\u003E\u003Ctd width=\u0022465\u0022\u003E\u003Cp\u003ETransports de fonds et services s\u00e9curis\u00e9s.\u003C\/p\u003E\u003C\/td\u003E\u003Ctd\u003E\u003Cp\u003E74.6ZB\u003C\/p\u003E\u003C\/td\u003E\u003Ctd width=\u002277\u0022\u003E\u003Cp align=\u0022center\u0022\u003E3,39\u003C\/p\u003E\u003C\/td\u003E\u003C\/tr\u003E\u003Ctr\u003E\u003Ctd width=\u0022465\u0022\u003E\u003Cp\u003EEntreprises de travaux connexes aux soci\u00e9t\u00e9s de transports ferroviaires y compris la manutention dans les gares ferroviaires. Entreprises de nettoyage de mat\u00e9riel roulant sur les emprises de chemin de fer.\u003C\/p\u003E\u003C\/td\u003E\u003Ctd\u003E\u003Cp\u003E74.7ZE\u003C\/p\u003E\u003C\/td\u003E\u003Ctd width=\u002277\u0022\u003E\u003Cp align=\u0022center\u0022\u003E3,79\u003C\/p\u003E\u003C\/td\u003E\u003C\/tr\u003E\u003Ctr\u003E\u003Ctd width=\u0022465\u0022\u003E\u003Cp\u003EAcheminement et distribution de presse gratuite ou payante.\u003C\/p\u003E\u003C\/td\u003E\u003Ctd\u003E\u003Cp\u003E74.8GB\u003C\/p\u003E\u003C\/td\u003E\u003Ctd width=\u002277\u0022\u003E\u003Cp align=\u0022center\u0022\u003E2,07\u003C\/p\u003E\u003C\/td\u003E\u003C\/tr\u003E\u003Ctr\u003E\u003Ctd width=\u0022465\u0022\u003E\u003Cp\u003ECaisses de cong\u00e9s pay\u00e9s dans les ports et dans certaines entreprises de manutention et de transports (en ce qui concerne les indemnit\u00e9s vers\u00e9es par ces organismes).\u003C\/p\u003E\u003C\/td\u003E\u003Ctd\u003E\u003Cp\u003E75.3CC\u003C\/p\u003E\u003C\/td\u003E\u003Ctd width=\u002277\u0022\u003E\u003Cp align=\u0022center\u0022\u003E0,50\u003C\/p\u003E\u003C\/td\u003E\u003C\/tr\u003E\u003Ctr\u003E\u003Ctd width=\u0022465\u0022\u003E\u003Cp\u003EAmbulances.\u003C\/p\u003E\u003C\/td\u003E\u003Ctd\u003E\u003Cp\u003E85.1JA\u003C\/p\u003E\u003C\/td\u003E\u003Ctd width=\u002277\u0022\u003E\u003Cp align=\u0022center\u0022\u003E4,19\u003C\/p\u003E\u003C\/td\u003E\u003C\/tr\u003E\u003Ctr\u003E\u003Ctd width=\u0022465\u0022\u003E\u003Cp\u003EServices d\u0027assainissement (sauf ceux vis\u00e9s sous le num\u00e9ro 74.7ZF). Collecte et traitement des eaux us\u00e9es.\u003C\/p\u003E\u003C\/td\u003E\u003Ctd\u003E\u003Cp\u003E90.0AA\u003C\/p\u003E\u003C\/td\u003E\u003Ctd width=\u002277\u0022\u003E\u003Cp align=\u0022center\u0022\u003E3,87\u003C\/p\u003E\u003C\/td\u003E\u003C\/tr\u003E\u003Ctr\u003E\u003Ctd width=\u0022465\u0022\u003E\u003Cp\u003ECollecte des d\u00e9chets m\u00e9nagers ou d\u0027activit\u00e9s, dangereux ou non dangereux. Nettoiement de voirie-balayage, lavage.\u003C\/p\u003E\u003C\/td\u003E\u003Ctd\u003E\u003Cp\u003E90.0BF\u003C\/p\u003E\u003C\/td\u003E\u003Ctd width=\u002277\u0022\u003E\u003Cp align=\u0022center\u0022\u003E4,55\u003C\/p\u003E\u003C\/td\u003E\u003C\/tr\u003E\u003Ctr\u003E\u003Ctd width=\u0022465\u0022\u003E\u003Cp\u003ECaisses des cong\u00e9s pay\u00e9s des spectacles (en ce qui concerne les indemnit\u00e9s vers\u00e9es par ces organismes).\u003C\/p\u003E\u003C\/td\u003E\u003Ctd\u003E\u003Cp\u003E91.1AE\u003C\/p\u003E\u003C\/td\u003E\u003Ctd width=\u002277\u0022\u003E\u003Cp align=\u0022center\u0022\u003E0,50\u003C\/p\u003E\u003C\/td\u003E\u003C\/tr\u003E\u003Ctr\u003E\u003Ctd width=\u0022465\u0022\u003E\u003Cp\u003EAssociations culturelles et socio-\u00e9ducatives ne g\u00e9rant pas d\u0027\u00e9quipements.\u003C\/p\u003E\u003C\/td\u003E\u003Ctd\u003E\u003Cp\u003E91.3EA\u003C\/p\u003E\u003C\/td\u003E\u003Ctd width=\u002277\u0022\u003E\u003Cp align=\u0022center\u0022\u003E1,22\u003C\/p\u003E\u003C\/td\u003E\u003C\/tr\u003E\u003Ctr\u003E\u003Ctd width=\u0022465\u0022\u003E\u003Cp\u003EProduction de films et de programmes pour le cin\u00e9ma, la t\u00e9l\u00e9vision, la radiodiffusion, etc \u2026Enregistrement sonore et \u00e9dition musicale. Distribution et projection de films. Activit\u00e9s photographiques (hors agences de presse). Gestion d\u0027activit\u00e9s de spectacles (sauf les artistes) et gestion d\u0027activit\u00e9s culturelles et socio-\u00e9ducatives.\u003C\/p\u003E\u003C\/td\u003E\u003Ctd\u003E\u003Cp\u003E92.1CC\u003C\/p\u003E\u003C\/td\u003E\u003Ctd width=\u002277\u0022\u003E\u003Cp align=\u0022center\u0022\u003E1,04\u003C\/p\u003E\u003C\/td\u003E\u003C\/tr\u003E\u003Ctr\u003E\u003Ctd width=\u0022465\u0022\u003E\u003Cp\u003ECr\u00e9ation et interpr\u00e9tation litt\u00e9raires et artistiques (y compris les artistes) (3). Services annexes des spectacles (tout intermittent du spectacle).\u003C\/p\u003E\u003C\/td\u003E\u003Ctd\u003E\u003Cp\u003E92.3AD\u003C\/p\u003E\u003C\/td\u003E\u003Ctd width=\u002277\u0022\u003E\u003Cp align=\u0022center\u0022\u003E1,65\u003C\/p\u003E\u003C\/td\u003E\u003C\/tr\u003E\u003Ctr\u003E\u003Ctd width=\u0022465\u0022\u003E\u003Cp\u003EGestion d\u0027\u00e9quipements et centres sportifs (personnel non vis\u00e9 par ailleurs et notamment aux risques 92.6CH et 92.6CI).\u003C\/p\u003E\u003C\/td\u003E\u003Ctd\u003E\u003Cp\u003E92.6AA\u003C\/p\u003E\u003C\/td\u003E\u003Ctd width=\u002277\u0022\u003E\u003Cp align=\u0022center\u0022\u003E1,66\u003C\/p\u003E\u003C\/td\u003E\u003C\/tr\u003E\u003Ctr\u003E\u003Ctd width=\u0022465\u0022\u003E\u003Cp\u003EAssociations ou soci\u00e9t\u00e9s sportives ne g\u00e9rant pas d\u0027\u00e9quipements.\u003C\/p\u003E\u003C\/td\u003E\u003Ctd\u003E\u003Cp\u003E92.6CG\u003C\/p\u003E\u003C\/td\u003E\u003Ctd width=\u002277\u0022\u003E\u003Cp align=\u0022center\u0022\u003E1,03\u003C\/p\u003E\u003C\/td\u003E\u003C\/tr\u003E\u003Ctr\u003E\u003Ctd width=\u0022465\u0022\u003E\u003Cp\u003ESportifs professionnels, y compris entra\u00eeneurs joueurs, quel que soit le classement de l\u0027\u00e9tablissement qui les emploie (4) : rugby, escalade, moto, handball, basket, hockey, \u00e9quitation, volley-ball, football, ski, cyclisme.\u003C\/p\u003E\u003C\/td\u003E\u003Ctd\u003E\u003Cp\u003E92.6CH\u003C\/p\u003E\u003C\/td\u003E\u003Ctd width=\u002277\u0022\u003E\u003Cp align=\u0022center\u0022\u003E6,05\u003C\/p\u003E\u003C\/td\u003E\u003C\/tr\u003E\u003Ctr\u003E\u003Ctd width=\u0022465\u0022\u003E\u003Cp\u003ESportifs professionnels, pour les sports non vis\u00e9s par ailleurs, incluant \u00e9galement les entra\u00eeneurs non joueurs des sports vis\u00e9s par le 92.6CH, quel que soit le classement de l\u0027\u00e9tablissement qui les emploie (4), arbitres et juges.\u003C\/p\u003E\u003C\/td\u003E\u003Ctd\u003E\u003Cp\u003E92.6CI\u003C\/p\u003E\u003C\/td\u003E\u003Ctd width=\u002277\u0022\u003E\u003Cp align=\u0022center\u0022\u003E1,29\u003C\/p\u003E\u003C\/td\u003E\u003C\/tr\u003E\u003Ctr\u003E\u003Ctd width=\u0022465\u0022\u003E\u003Cp\u003EOrganisation de jeux de hasard et d\u0027argent (dont courses de chevaux et de taureaux).\u003C\/p\u003E\u003C\/td\u003E\u003Ctd\u003E\u003Cp\u003E92.7AB\u003C\/p\u003E\u003C\/td\u003E\u003Ctd width=\u002277\u0022\u003E\u003Cp align=\u0022center\u0022\u003E1,22\u003C\/p\u003E\u003C\/td\u003E\u003C\/tr\u003E\u003Ctr\u003E\u003Ctd width=\u0022465\u0022\u003E\u003Cp\u003EAttractions foraines (sauf les artistes) avec et sans montage de man\u00e8ges ou de chapiteaux (5), et autres spectacles et services r\u00e9cr\u00e9atifs (6).\u003C\/p\u003E\u003C\/td\u003E\u003Ctd\u003E\u003Cp\u003E92.7CC\u003C\/p\u003E\u003C\/td\u003E\u003Ctd width=\u002277\u0022\u003E\u003Cp align=\u0022center\u0022\u003E1,78\u003C\/p\u003E\u003C\/td\u003E\u003C\/tr\u003E\u003Ctr\u003E\u003Ctd width=\u0022604\u0022 colspan=\u00223\u0022\u003E\u003Cp\u003E(1) Ce tarif vise l\u0027ensemble du personnel des industries \u00e9lectriques et gazi\u00e8res, y compris le personnel de la Compagnie parisienne de chauffage urbain.\u003C\/p\u003E\u003Cp\u003E(2) La fabrication d\u0027affiches peintes et d\u0027enseignes (pose exclue) rel\u00e8ve des industries du livre (risque 22.2CD) : la pose desdites affiches et enseignes ainsi que la publicit\u00e9 par affiches peintes directement sur les murs rel\u00e8vent des industries du b\u00e2timent (n\u00b0 45.4LE).\u003C\/p\u003E\u003Cp\u003E(3) Y compris la d\u00e9coration sur \u00e9mail, sur fa\u00efence et sur porcelaine (non annex\u00e9e \u00e0 une fabrique).\u003C\/p\u003E\u003Cp\u003E(4) Le sportif qui pratique professionnellement plus d\u0027une discipline sportive est class\u00e9 avec celui des sports exerc\u00e9s qui pr\u00e9sente le taux de risque le plus \u00e9lev\u00e9.\u003C\/p\u003E\u003Cp\u003E(5) Sous cette rubrique sont \u00e9galement compris les cirques ambulants, les m\u00e9nageries et toutes attractions mues par la force motrice, m\u00e9canique ou \u00e9lectrique.\u003C\/p\u003E\u003Cp\u003E(6) Y compris bal, dancing, patinage, curiosit\u00e9s naturelles, spectacles son et lumi\u00e8re, parcs zoologiques, parc d\u0027attractions et de loisirs.\u003C\/p\u003E\u003C\/td\u003E\u003C\/tr\u003E\u003C\/tbody\u003E\u003C\/table\u003E\u003Ch2\u003E\u0026nbsp;\u003C\/h2\u003E\u003Ch2\u003EII - Industries des transports, de l\u0027eau, du gaz, de l\u0027\u00e9lectricit\u00e9, du livre et de la communication des d\u00e9partements Haut-Rhin, du Bas-Rhin et de la Moselle\u003C\/h2\u003E\u003Ctable border=\u00221\u0022 cellspacing=\u00220\u0022 cellpadding=\u00220\u0022 width=\u0022609\u0022\u003E\u003Ctbody\u003E\u003Ctr\u003E\u003Ctd width=\u0022462\u0022\u003E\u003Cp align=\u0022center\u0022\u003E\u003Cstrong\u003ENature du risque\u003C\/strong\u003E\u003C\/p\u003E\u003C\/td\u003E\u003Ctd width=\u002265\u0022 colspan=\u00222\u0022\u003E\u003Cp align=\u0022center\u0022\u003E\u003Cstrong\u003ECode risque\u003C\/strong\u003E\u003C\/p\u003E\u003C\/td\u003E\u003Ctd width=\u002282\u0022\u003E\u003Cp align=\u0022center\u0022\u003E\u003Cstrong\u003ETaux net de cotisation \u00ab\u0026nbsp;AT\u0026nbsp;\u00bb\u003C\/strong\u003E\u003C\/p\u003E\u003Cp align=\u0022center\u0022\u003E\u003Cstrong\u003E(en %)\u003C\/strong\u003E\u003C\/p\u003E\u003C\/td\u003E\u003C\/tr\u003E\u003Ctr\u003E\u003Ctd width=\u0022527\u0022 colspan=\u00223\u0022\u003E\u003Cp align=\u0022center\u0022\u003E\u003Cstrong\u003EGroupe 1\u003C\/strong\u003E\u003C\/p\u003E\u003C\/td\u003E\u003Ctd width=\u002282\u0022 rowspan=\u00226\u0022\u003E\u003Cp align=\u0022center\u0022\u003E1,00\u003C\/p\u003E\u003C\/td\u003E\u003C\/tr\u003E\u003Ctr\u003E\u003Ctd width=\u0022462\u0022\u003E\u003Cp\u003ETransports a\u00e9riens r\u00e9guliers et non r\u00e9guliers : personnel navigant et non navigant. Services a\u00e9roportuaires.\u003C\/p\u003E\u003C\/td\u003E\u003Ctd width=\u002265\u0022 colspan=\u00222\u0022\u003E\u003Cp\u003E62.1ZC\u003C\/p\u003E\u003C\/td\u003E\u003C\/tr\u003E\u003Ctr\u003E\u003Ctd width=\u0022462\u0022\u003E\u003Cp\u003EAgences de voyage. Offices de tourisme.\u003C\/p\u003E\u003C\/td\u003E\u003Ctd width=\u002265\u0022 colspan=\u00222\u0022\u003E\u003Cp align=\u0022center\u0022\u003E63.3ZC\u003C\/p\u003E\u003C\/td\u003E\u003C\/tr\u003E\u003Ctr\u003E\u003Ctd width=\u0022462\u0022\u003E\u003Cp\u003EAssociations culturelles et socio-\u00e9ducatives ne g\u00e9rant pas d\u0027\u00e9quipements.\u003C\/p\u003E\u003C\/td\u003E\u003Ctd width=\u002265\u0022 colspan=\u00222\u0022\u003E\u003Cp align=\u0022center\u0022\u003E91.3EA\u003C\/p\u003E\u003C\/td\u003E\u003C\/tr\u003E\u003Ctr\u003E\u003Ctd width=\u0022462\u0022\u003E\u003Cp\u003EProduction de films et de programmes pour le cin\u00e9ma, la t\u00e9l\u00e9vision, la radiodiffusion, etc \u2026Enregistrement sonore et \u00e9dition musicale. Distribution et projection de films. Activit\u00e9s photographiques (hors agences de presse). Gestion d\u0027activit\u00e9s de spectacles (sauf les artistes) et gestion d\u0027activit\u00e9s culturelles et socio-\u00e9ducatives.\u003C\/p\u003E\u003C\/td\u003E\u003Ctd width=\u002265\u0022 colspan=\u00222\u0022\u003E\u003Cp align=\u0022center\u0022\u003E92.1CC\u003C\/p\u003E\u003C\/td\u003E\u003C\/tr\u003E\u003Ctr\u003E\u003Ctd width=\u0022462\u0022\u003E\u003Cp\u003EAssociations ou soci\u00e9t\u00e9s sportives ne g\u00e9rant pas d\u0027\u00e9quipements.\u003C\/p\u003E\u003C\/td\u003E\u003Ctd width=\u002265\u0022 colspan=\u00222\u0022\u003E\u003Cp align=\u0022center\u0022\u003E92.6CG\u003C\/p\u003E\u003C\/td\u003E\u003C\/tr\u003E\u003Ctr\u003E\u003Ctd width=\u0022527\u0022 colspan=\u00223\u0022\u003E\u003Cp align=\u0022center\u0022\u003E\u003Cstrong\u003EGroupe 2\u003C\/strong\u003E\u003C\/p\u003E\u003C\/td\u003E\u003Ctd width=\u002282\u0022 rowspan=\u00229\u0022\u003E\u003Cp align=\u0022center\u0022\u003E1,84\u003C\/p\u003E\u003C\/td\u003E\u003C\/tr\u003E\u003Ctr\u003E\u003Ctd width=\u0022462\u0022\u003E\u003Cp\u003EEdition, imprimerie. Reprographie et activit\u00e9s connexes (reliure, dorure main, affiches, composition, photocomposition, gravure et photogravure). Routage.\u003C\/p\u003E\u003C\/td\u003E\u003Ctd width=\u002265\u0022 colspan=\u00222\u0022\u003E\u003Cp\u003E22.2CD\u003C\/p\u003E\u003C\/td\u003E\u003C\/tr\u003E\u003Ctr\u003E\u003Ctd width=\u0022462\u0022\u003E\u003Cp\u003EProduction et distribution de chauffage urbain, exploitants de chauffage d\u0027immeubles, op\u00e9rateurs d\u0027efficacit\u00e9 \u00e9nerg\u00e9tique, valorisation \u00e9nerg\u00e9tique des d\u00e9chets, usine d\u0027incin\u00e9ration de r\u00e9sidus urbains.\u003C\/p\u003E\u003C\/td\u003E\u003Ctd width=\u002265\u0022 colspan=\u00222\u0022\u003E\u003Cp\u003E40.3ZE\u003C\/p\u003E\u003C\/td\u003E\u003C\/tr\u003E\u003Ctr\u003E\u003Ctd width=\u0022462\u0022\u003E\u003Cp\u003ECaptage, traitement et distribution de l\u0027eau.\u003C\/p\u003E\u003C\/td\u003E\u003Ctd width=\u002265\u0022 colspan=\u00222\u0022\u003E\u003Cp align=\u0022center\u0022\u003E41.0ZA\u003C\/p\u003E\u003C\/td\u003E\u003C\/tr\u003E\u003Ctr\u003E\u003Ctd width=\u0022462\u0022\u003E\u003Cp\u003EAffr\u00e8tement et organisation des transports maritimes, routiers ou a\u00e9riens. Gares routi\u00e8res et exploitation d\u0027ouvrages routiers \u00e0 p\u00e9age.\u003C\/p\u003E\u003C\/td\u003E\u003Ctd width=\u002265\u0022 colspan=\u00222\u0022\u003E\u003Cp\u003E63.4CI\u003C\/p\u003E\u003C\/td\u003E\u003C\/tr\u003E\u003Ctr\u003E\u003Ctd width=\u0022462\u0022\u003E\u003Cp\u003ECr\u00e9ateurs et interm\u00e9diaires de publicit\u00e9\u0026nbsp;: r\u00e9gies publicitaires. Agences de presse y compris journalistes et photographes ind\u00e9pendants.\u003C\/p\u003E\u003C\/td\u003E\u003Ctd width=\u002265\u0022 colspan=\u00222\u0022\u003E\u003Cp align=\u0022center\u0022\u003E74.4BB\u003C\/p\u003E\u003C\/td\u003E\u003C\/tr\u003E\u003Ctr\u003E\u003Ctd width=\u0022462\u0022\u003E\u003Cp\u003EAcheminement et distribution de presse gratuite ou payante.\u003C\/p\u003E\u003C\/td\u003E\u003Ctd width=\u002265\u0022 colspan=\u00222\u0022\u003E\u003Cp align=\u0022center\u0022\u003E74.8GB\u003C\/p\u003E\u003C\/td\u003E\u003C\/tr\u003E\u003Ctr\u003E\u003Ctd width=\u0022462\u0022\u003E\u003Cp\u003EGestion d\u0027\u00e9quipements et centres sportifs (personnel non vis\u00e9 par ailleurs et notamment aux risques 92.6CH et 92.6CI).\u003C\/p\u003E\u003C\/td\u003E\u003Ctd width=\u002265\u0022 colspan=\u00222\u0022\u003E\u003Cp align=\u0022center\u0022\u003E92.6AA\u003C\/p\u003E\u003C\/td\u003E\u003C\/tr\u003E\u003Ctr\u003E\u003Ctd width=\u0022462\u0022\u003E\u003Cp\u003EOrganisation de jeux de hasard et d\u0027argent (dont courses de chevaux et de taureaux).\u003C\/p\u003E\u003C\/td\u003E\u003Ctd width=\u002265\u0022 colspan=\u00222\u0022\u003E\u003Cp align=\u0022center\u0022\u003E92.7AB\u003C\/p\u003E\u003C\/td\u003E\u003C\/tr\u003E\u003Ctr\u003E\u003Ctd width=\u0022527\u0022 colspan=\u00223\u0022\u003E\u003Cp align=\u0022center\u0022\u003E\u003Cstrong\u003EGroupe 3\u003C\/strong\u003E\u003C\/p\u003E\u003C\/td\u003E\u003Ctd width=\u002282\u0022 rowspan=\u002212\u0022\u003E\u003Cp align=\u0022center\u0022\u003E3,42\u003C\/p\u003E\u003C\/td\u003E\u003C\/tr\u003E\u003Ctr\u003E\u003Ctd width=\u0022462\u0022\u003E\u003Cp\u003ETransports terrestres de voyageurs, y compris par taxi.\u003C\/p\u003E\u003C\/td\u003E\u003Ctd width=\u002265\u0022 colspan=\u00222\u0022\u003E\u003Cp align=\u0022center\u0022\u003E60.2BD\u003C\/p\u003E\u003C\/td\u003E\u003C\/tr\u003E\u003Ctr\u003E\u003Ctd width=\u0022462\u0022\u003E\u003Cp\u003ET\u00e9l\u00e9ph\u00e9riques, remont\u00e9es m\u00e9caniques.\u003C\/p\u003E\u003C\/td\u003E\u003Ctd width=\u002265\u0022 colspan=\u00222\u0022\u003E\u003Cp align=\u0022center\u0022\u003E60.2CA\u003C\/p\u003E\u003C\/td\u003E\u003C\/tr\u003E\u003Ctr\u003E\u003Ctd width=\u0022462\u0022\u003E\u003Cp\u003EEntreposage et stockage non frigorifique non reli\u00e9s \u00e0 une voie d\u0027eau. Entreposage de liquides en vrac.\u003C\/p\u003E\u003C\/td\u003E\u003Ctd width=\u002265\u0022 colspan=\u00222\u0022\u003E\u003Cp align=\u0022center\u0022\u003E63.1EE\u003C\/p\u003E\u003C\/td\u003E\u003C\/tr\u003E\u003Ctr\u003E\u003Ctd width=\u0022462\u0022\u003E\u003Cp\u003EEntreprises de groupage effectuant directement ou non l\u0027enl\u00e8vement ou la livraison \u00e0 domicile des marchandises, messagerie, fret express.\u003C\/p\u003E\u003C\/td\u003E\u003Ctd width=\u002265\u0022 colspan=\u00222\u0022\u003E\u003Cp align=\u0022center\u0022\u003E63.4AA\u003C\/p\u003E\u003C\/td\u003E\u003C\/tr\u003E\u003Ctr\u003E\u003Ctd width=\u0022462\u0022\u003E\u003Cp\u003EAutres activit\u00e9s de courrier : activit\u00e9s autres que celles exerc\u00e9es par La Poste. - Acheminement du courrier, lettre, colis g\u00e9n\u00e9ralement en express. - Activit\u00e9s de coursiers urbains et taxis-marchandises.\u003C\/p\u003E\u003C\/td\u003E\u003Ctd width=\u002265\u0022 colspan=\u00222\u0022\u003E\u003Cp align=\u0022center\u0022\u003E64.1CA\u003C\/p\u003E\u003C\/td\u003E\u003C\/tr\u003E\u003Ctr\u003E\u003Ctd width=\u0022462\u0022\u003E\u003Cp\u003ETransports de fonds et services s\u00e9curis\u00e9s.\u003C\/p\u003E\u003C\/td\u003E\u003Ctd width=\u002265\u0022 colspan=\u00222\u0022\u003E\u003Cp align=\u0022center\u0022\u003E74.6ZB\u003C\/p\u003E\u003C\/td\u003E\u003C\/tr\u003E\u003Ctr\u003E\u003Ctd width=\u0022462\u0022\u003E\u003Cp\u003EEntreprises de travaux connexes aux soci\u00e9t\u00e9s de transports ferroviaires y compris la manutention dans les gares ferroviaires. Entreprises de nettoyage de mat\u00e9riel roulant sur les emprises de chemin de fer.\u003C\/p\u003E\u003C\/td\u003E\u003Ctd width=\u002265\u0022 colspan=\u00222\u0022\u003E\u003Cp align=\u0022center\u0022\u003E74.7ZE\u003C\/p\u003E\u003C\/td\u003E\u003C\/tr\u003E\u003Ctr\u003E\u003Ctd width=\u0022462\u0022\u003E\u003Cp\u003EAmbulances.\u003C\/p\u003E\u003C\/td\u003E\u003Ctd width=\u002265\u0022 colspan=\u00222\u0022\u003E\u003Cp align=\u0022center\u0022\u003E85.1JA\u003C\/p\u003E\u003C\/td\u003E\u003C\/tr\u003E\u003Ctr\u003E\u003Ctd width=\u0022462\u0022\u003E\u003Cp\u003EServices d\u2019assainissement (sauf ceux vis\u00e9s sous le num\u00e9ro 74.7ZF). Collecte et traitement des eaux us\u00e9es.\u003C\/p\u003E\u003C\/td\u003E\u003Ctd width=\u002265\u0022 colspan=\u00222\u0022\u003E\u003Cp align=\u0022center\u0022\u003E90.0AA\u003C\/p\u003E\u003C\/td\u003E\u003C\/tr\u003E\u003Ctr\u003E\u003Ctd width=\u0022462\u0022\u003E\u003Cp\u003ECr\u00e9ation et interpr\u00e9tation litt\u00e9raires et artistiques (y compris les artistes). Services annexes des spectacles (tout intermittent du spectacle).\u003C\/p\u003E\u003C\/td\u003E\u003Ctd width=\u002265\u0022 colspan=\u00222\u0022\u003E\u003Cp align=\u0022center\u0022\u003E92.3AD\u003C\/p\u003E\u003C\/td\u003E\u003C\/tr\u003E\u003Ctr\u003E\u003Ctd width=\u0022462\u0022\u003E\u003Cp\u003EAttractions foraines avec et sans montage de man\u00e8ges ou de chapiteaux, et autres spectacles et services r\u00e9cr\u00e9atifs.\u003C\/p\u003E\u003C\/td\u003E\u003Ctd width=\u002265\u0022 colspan=\u00222\u0022\u003E\u003Cp align=\u0022center\u0022\u003E92.7CC\u003C\/p\u003E\u003C\/td\u003E\u003C\/tr\u003E\u003Ctr\u003E\u003Ctd width=\u0022527\u0022 colspan=\u00223\u0022\u003E\u003Cp align=\u0022center\u0022\u003E\u003Cstrong\u003EGroupe 4\u003C\/strong\u003E\u003C\/p\u003E\u003C\/td\u003E\u003Ctd width=\u002282\u0022 rowspan=\u00226\u0022\u003E\u003Cp align=\u0022center\u0022\u003E5,11\u003C\/p\u003E\u003C\/td\u003E\u003C\/tr\u003E\u003Ctr\u003E\u003Ctd width=\u0022463\u0022 colspan=\u00222\u0022\u003E\u003Cp\u003ETraitement des d\u00e9chets des activit\u00e9s industrielles, \u00e9conomiques et des m\u00e9nages, r\u00e9cup\u00e9ration, tri, recyclage, valorisation mati\u00e8re y compris d\u00e9mant\u00e8lement, d\u00e9samor\u00e7age, d\u00e9molition de munitions.\u003C\/p\u003E\u003C\/td\u003E\u003Ctd width=\u002264\u0022\u003E\u003Cp align=\u0022center\u0022\u003E37.1ZF\u003C\/p\u003E\u003C\/td\u003E\u003C\/tr\u003E\u003Ctr\u003E\u003Ctd width=\u0022463\u0022 colspan=\u00222\u0022\u003E\u003Cp\u003ETransports routiers de marchandises. Location de v\u00e9hicules avec chauffeur.\u003C\/p\u003E\u003C\/td\u003E\u003Ctd width=\u002264\u0022\u003E\u003Cp align=\u0022center\u0022\u003E60.2MG\u003C\/p\u003E\u003C\/td\u003E\u003C\/tr\u003E\u003Ctr\u003E\u003Ctd width=\u0022463\u0022 colspan=\u00222\u0022\u003E\u003Cp\u003ED\u00e9m\u00e9nagement et garde-meubles.\u003C\/p\u003E\u003C\/td\u003E\u003Ctd width=\u002264\u0022\u003E\u003Cp align=\u0022center\u0022\u003E60.2NA\u003C\/p\u003E\u003C\/td\u003E\u003C\/tr\u003E\u003Ctr\u003E\u003Ctd width=\u0022463\u0022 colspan=\u00222\u0022\u003E\u003Cp\u003EManutention, chargement, d\u00e9chargement, entreposage de marchandises ou fret dans les ports maritimes et fluviaux, et les a\u00e9roports.\u003C\/p\u003E\u003C\/td\u003E\u003Ctd width=\u002264\u0022\u003E\u003Cp align=\u0022center\u0022\u003E63.1BE\u003C\/p\u003E\u003C\/td\u003E\u003C\/tr\u003E\u003Ctr\u003E\u003Ctd width=\u0022463\u0022 colspan=\u00222\u0022\u003E\u003Cp\u003ECollecte des d\u00e9chets m\u00e9nagers ou d\u2019activit\u00e9, dangereux ou non dangereux. Nettoiement de voirie \u2013 balayage, lavage.\u003C\/p\u003E\u003C\/td\u003E\u003Ctd width=\u002264\u0022\u003E\u003Cp align=\u0022center\u0022\u003E90.0BF\u003C\/p\u003E\u003C\/td\u003E\u003C\/tr\u003E\u003Ctr\u003E\u003Ctd width=\u0022527\u0022 colspan=\u00223\u0022\u003E\u003Cp align=\u0022center\u0022\u003E\u003Cstrong\u003EGroupe 5\u003C\/strong\u003E\u003C\/p\u003E\u003C\/td\u003E\u003Ctd width=\u002282\u0022 rowspan=\u00222\u0022\u003E\u003Cp align=\u0022center\u0022\u003ETaux net national\u0026nbsp;\u003C\/p\u003E\u003C\/td\u003E\u003C\/tr\u003E\u003Ctr\u003E\u003Ctd width=\u0022462\u0022\u003E\u003Cp\u003EAgents statutaires des industries \u00e9lectriques et gazi\u00e8res.\u003C\/p\u003E\u003C\/td\u003E\u003Ctd width=\u002265\u0022 colspan=\u00222\u0022\u003E\u003Cp align=\u0022center\u0022\u003E40.1ZE\u003C\/p\u003E\u003C\/td\u003E\u003C\/tr\u003E\u003Ctr\u003E\u003Ctd width=\u0022527\u0022 colspan=\u00223\u0022\u003E\u003Cp align=\u0022center\u0022\u003E\u003Cstrong\u003EGroupe 6\u003C\/strong\u003E\u003C\/p\u003E\u003C\/td\u003E\u003Ctd width=\u002282\u0022 rowspan=\u00222\u0022\u003E\u003Cp align=\u0022center\u0022\u003ETaux net national\u0026nbsp;\u003C\/p\u003E\u003C\/td\u003E\u003C\/tr\u003E\u003Ctr\u003E\u003Ctd width=\u0022462\u0022\u003E\u003Cp\u003ESalari\u00e9s non statutaires des industries \u00e9lectriques et gazi\u00e8res.\u003C\/p\u003E\u003C\/td\u003E\u003Ctd width=\u002265\u0022 colspan=\u00222\u0022\u003E\u003Cp align=\u0022center\u0022\u003E40.1ZF\u003C\/p\u003E\u003C\/td\u003E\u003C\/tr\u003E\u003Ctr\u003E\u003Ctd width=\u0022527\u0022 colspan=\u00223\u0022\u003E\u003Cp align=\u0022center\u0022\u003E\u003Cstrong\u003EGroupe 7\u003C\/strong\u003E\u003C\/p\u003E\u003C\/td\u003E\u003Ctd width=\u002282\u0022 rowspan=\u00222\u0022\u003E\u003Cp align=\u0022center\u0022\u003ETaux net national\u0026nbsp;\u003C\/p\u003E\u003C\/td\u003E\u003C\/tr\u003E\u003Ctr\u003E\u003Ctd width=\u0022462\u0022\u003E\u003Cp\u003ETransport ferroviaire.\u003C\/p\u003E\u003C\/td\u003E\u003Ctd width=\u002265\u0022 colspan=\u00222\u0022\u003E\u003Cp align=\u0022center\u0022\u003E60.1ZA\u003C\/p\u003E\u003C\/td\u003E\u003C\/tr\u003E\u003Ctr\u003E\u003Ctd width=\u0022527\u0022 colspan=\u00223\u0022\u003E\u003Cp align=\u0022center\u0022\u003E\u003Cstrong\u003EGroupe 8\u003C\/strong\u003E\u003C\/p\u003E\u003C\/td\u003E\u003Ctd width=\u002282\u0022 rowspan=\u00222\u0022\u003E\u003Cp align=\u0022center\u0022\u003ETaux net national\u0026nbsp;\u003C\/p\u003E\u003C\/td\u003E\u003C\/tr\u003E\u003Ctr\u003E\u003Ctd width=\u0022462\u0022\u003E\u003Cp\u003EServices postaux et financiers\u003C\/p\u003E\u003C\/td\u003E\u003Ctd width=\u002265\u0022 colspan=\u00222\u0022\u003E\u003Cp align=\u0022center\u0022\u003E64.1AA\u003C\/p\u003E\u003C\/td\u003E\u003C\/tr\u003E\u003Ctr\u003E\u003Ctd width=\u0022527\u0022 colspan=\u00223\u0022\u003E\u003Cp align=\u0022center\u0022\u003E\u003Cstrong\u003EGroupe 9\u003C\/strong\u003E\u003C\/p\u003E\u003C\/td\u003E\u003Ctd width=\u002282\u0022 rowspan=\u00222\u0022\u003E\u003Cp align=\u0022center\u0022\u003ETaux net national\u0026nbsp;\u003C\/p\u003E\u003C\/td\u003E\u003C\/tr\u003E\u003Ctr\u003E\u003Ctd width=\u0022463\u0022 colspan=\u00222\u0022\u003E\u003Cp\u003EActivit\u00e9s de t\u00e9l\u00e9communications, y compris les activit\u00e9s de t\u00e9l\u00e9surveillance (sans personnel d\u2019intervention sur le site surveill\u00e9).\u003C\/p\u003E\u003C\/td\u003E\u003Ctd width=\u002264\u0022\u003E\u003Cp align=\u0022center\u0022\u003E64.2BB\u003C\/p\u003E\u003C\/td\u003E\u003C\/tr\u003E\u003Ctr\u003E\u003Ctd width=\u0022527\u0022 colspan=\u00223\u0022\u003E\u003Cp align=\u0022center\u0022\u003E\u003Cstrong\u003EGroupe 10\u003C\/strong\u003E\u003C\/p\u003E\u003C\/td\u003E\u003Ctd width=\u002282\u0022 rowspan=\u00222\u0022\u003E\u003Cp align=\u0022center\u0022\u003ETaux net national\u0026nbsp;\u003C\/p\u003E\u003C\/td\u003E\u003C\/tr\u003E\u003Ctr\u003E\u003Ctd width=\u0022463\u0022 colspan=\u00222\u0022\u003E\u003Cp\u003ESportifs professionnels, y compris entra\u00eeneurs joueurs, quel que soit le classement de l\u0027\u00e9tablissement qui les emploie : rugby, escalade, moto, handball, basket, hockey, \u00e9quitation, volley-ball, football, ski, cyclisme.\u003C\/p\u003E\u003C\/td\u003E\u003Ctd width=\u002264\u0022\u003E\u003Cp align=\u0022center\u0022\u003E92.6CH\u003C\/p\u003E\u003C\/td\u003E\u003C\/tr\u003E\u003Ctr\u003E\u003Ctd width=\u0022527\u0022 colspan=\u00223\u0022\u003E\u003Cp align=\u0022center\u0022\u003E\u003Cstrong\u003EGroupe 11\u003C\/strong\u003E\u003C\/p\u003E\u003C\/td\u003E\u003Ctd width=\u002282\u0022 rowspan=\u00222\u0022\u003E\u003Cp align=\u0022center\u0022\u003ETaux net national\u0026nbsp;\u003C\/p\u003E\u003C\/td\u003E\u003C\/tr\u003E\u003Ctr\u003E\u003Ctd width=\u0022463\u0022 colspan=\u00222\u0022\u003E\u003Cp\u003ESportifs professionnels, pour les sports non vis\u00e9s par ailleurs, incluant \u00e9galement les entra\u00eeneurs non joueurs des sports vis\u00e9s par le 926CH, quel que soit le classement de l\u0027\u00e9tablissement qui les emploie, arbitres et juges.\u003C\/p\u003E\u003C\/td\u003E\u003Ctd width=\u002264\u0022\u003E\u003Cp align=\u0022center\u0022\u003E92.6CI\u003C\/p\u003E\u003C\/td\u003E\u003C\/tr\u003E\u003Ctr\u003E\u003Ctd width=\u0022527\u0022 colspan=\u00223\u0022\u003E\u003Cp align=\u0022center\u0022\u003E\u003Cstrong\u003EGroupe 12\u003C\/strong\u003E\u003C\/p\u003E\u003C\/td\u003E\u003Ctd width=\u002282\u0022 rowspan=\u00222\u0022\u003E\u003Cp align=\u0022center\u0022\u003ETaux net national\u003C\/p\u003E\u003C\/td\u003E\u003C\/tr\u003E\u003Ctr\u003E\u003Ctd width=\u0022463\u0022 colspan=\u00222\u0022\u003E\u003Cp\u003ETransports par eau de marchandises et de passagers, et services auxiliaires.\u003C\/p\u003E\u003C\/td\u003E\u003Ctd width=\u002264\u0022\u003E\u003Cp align=\u0022center\u0022\u003E63.2CF\u003C\/p\u003E\u003C\/td\u003E\u003C\/tr\u003E\u003Ctr\u003E\u003Ctd width=\u0022527\u0022 colspan=\u00223\u0022\u003E\u003Cp align=\u0022center\u0022\u003E\u003Cstrong\u003EGROUPE 99\u003C\/strong\u003E\u003C\/p\u003E\u003C\/td\u003E\u003Ctd width=\u002282\u0022 rowspan=\u00222\u0022\u003E\u003Cp align=\u0022center\u0022\u003ETaux net national\u003C\/p\u003E\u003C\/td\u003E\u003C\/tr\u003E\u003Ctr\u003E\u003Ctd width=\u0022463\u0022 colspan=\u00222\u0022\u003E\u003Cp\u003ECaisses de cong\u00e9s pay\u00e9s des spectacles (en ce qui concerne les indemnit\u00e9s vers\u00e9es par ces organismes).\u003C\/p\u003E\u003C\/td\u003E\u003Ctd width=\u002264\u0022\u003E\u003Cp align=\u0022center\u0022\u003E91.1AE\u003C\/p\u003E\u003C\/td\u003E\u003C\/tr\u003E\u003C\/tbody\u003E\u003C\/table\u003E                                            \u003Cp\u003E\u003Cbr \/\u003E\u003Cstrong\u003ESource :\u003C\/strong\u003E\u003Cstrong\u003E\u00a0\u003C\/strong\u003E\u003C\/p\u003E\u003Cul\u003E\u003Cli\u003E\u003Ca href=\u0022https:\/\/www.legifrance.gouv.fr\/loda\/id\/JORFTEXT000051533180\/2025-07-25\/\u0022 target=\u0022_blank\u0022\u003EArr\u00eat\u00e9 du 29 avril 2025 relatif \u00e0 la tarification des risques d\u0027accidents du travail et de maladies professionnelles pour l\u0027ann\u00e9e 2025\u003C\/a\u003E\u003C\/li\u003E\u003C\/ul\u003E\u003C\/div\u003E","annee":"2025","theme":" Indices, taux, bar\u00e8mes sociaux","activites":["Industrie","Transport"],"image":"https:\/\/www.weblex.fr\/sites\/default\/files\/chiffres_clef\/Shutterstock_tarificationatmp_1.jpg","created":"2025-07-25","modified":"2025-07-25"},{"url":"\/chiffres-cles\/tarif-des-cotisations-d-accidents-du-travail-et-maladies-professionnelles-pour-les-services-commerces-et-industries-de-l-alimentation-annee-2025","id":26627,"title":"Tarif des cotisations d\u0027accidents du travail et maladies professionnelles pour les services, commerces et industries de l\u0027alimentation - ann\u00e9e 2025","content":"\u003Cdiv\u003E                                              \u003Ch2\u003EI - Cas g\u00e9n\u00e9ral\u0026nbsp;\u003C\/h2\u003E\u003Ctable border=\u00221\u0022 cellspacing=\u00220\u0022 cellpadding=\u00220\u0022\u003E\u003Ctbody\u003E\u003Ctr\u003E\u003Ctd\u003E\u003Cp align=\u0022center\u0022\u003E\u003Cstrong\u003ENature du risque\u003C\/strong\u003E\u003C\/p\u003E\u003C\/td\u003E\u003Ctd\u003E\u003Cp\u003E\u003Cstrong\u003ECode risque\u003C\/strong\u003E\u003C\/p\u003E\u003C\/td\u003E\u003Ctd\u003E\u003Cp align=\u0022center\u0022\u003E\u003Cstrong\u003ETaux net de cotisation \u00ab\u0026nbsp;AT\u0026nbsp;\u00bb\u003C\/strong\u003E\u003C\/p\u003E\u003Cp align=\u0022center\u0022\u003E\u003Cstrong\u003E(en %)\u003C\/strong\u003E\u003C\/p\u003E\u003C\/td\u003E\u003C\/tr\u003E\u003Ctr\u003E\u003Ctd\u003E\u003Cp\u003ECultures et \u00e9levage dans les d\u00e9partements d\u0027outre-mer.\u003C\/p\u003E\u003C\/td\u003E\u003Ctd\u003E\u003Cp\u003E01.1AA\u003C\/p\u003E\u003C\/td\u003E\u003Ctd\u003E\u003Cp align=\u0022center\u0022\u003E3,71\u003C\/p\u003E\u003C\/td\u003E\u003C\/tr\u003E\u003Ctr\u003E\u003Ctd\u003E\u003Cp\u003EAbattage du b\u00e9tail, d\u00e9coupe et commerce de gros de viandes de boucherie. Production de viandes de volailles.\u003C\/p\u003E\u003C\/td\u003E\u003Ctd\u003E\u003Cp\u003E15.1AE\u003C\/p\u003E\u003C\/td\u003E\u003Ctd\u003E\u003Cp align=\u0022center\u0022\u003E6,56\u003C\/p\u003E\u003C\/td\u003E\u003C\/tr\u003E\u003Ctr\u003E\u003Ctd\u003E\u003Cp\u003ETransformation et conservation de la viande et pr\u00e9paration de produits \u00e0 base de viande (y compris boyauderie). Transformation et conservation du poisson.\u003C\/p\u003E\u003C\/td\u003E\u003Ctd\u003E\u003Cp\u003E15.1EC\u003C\/p\u003E\u003C\/td\u003E\u003Ctd\u003E\u003Cp align=\u0022center\u0022\u003E4,73\u003C\/p\u003E\u003C\/td\u003E\u003C\/tr\u003E\u003Ctr\u003E\u003Ctd\u003E\u003Cp\u003EAutres industries alimentaires non class\u00e9es par ailleurs et transformation du tabac.\u003C\/p\u003E\u003C\/td\u003E\u003Ctd\u003E\u003Cp\u003E15.5CC\u003C\/p\u003E\u003C\/td\u003E\u003Ctd\u003E\u003Cp align=\u0022center\u0022\u003E2,68\u003C\/p\u003E\u003C\/td\u003E\u003C\/tr\u003E\u003Ctr\u003E\u003Ctd\u003E\u003Cp\u003ETransformation et conservation de l\u00e9gumes et de fruits. Fabrication industrielle de produits de boulangerie, p\u00e2tisserie et pizza.\u003C\/p\u003E\u003C\/td\u003E\u003Ctd\u003E\u003Cp\u003E15.8AC\u003C\/p\u003E\u003C\/td\u003E\u003Ctd\u003E\u003Cp align=\u0022center\u0022\u003E3,71\u003C\/p\u003E\u003C\/td\u003E\u003C\/tr\u003E\u003Ctr\u003E\u003Ctd\u003E\u003Cp\u003ECommerce de d\u00e9tail (avec ou sans fabrication) de pain, p\u00e2tisserie, confiserie et chocolats.\u003C\/p\u003E\u003C\/td\u003E\u003Ctd\u003E\u003Cp\u003E15.8CD\u003C\/p\u003E\u003C\/td\u003E\u003Ctd\u003E\u003Cp align=\u0022center\u0022\u003E2,11\u003C\/p\u003E\u003C\/td\u003E\u003C\/tr\u003E\u003Ctr\u003E\u003Ctd\u003E\u003Cp\u003EFabrication et transformation de caf\u00e9 et \u00e9pices. Fabrication de boissons sauf produits laitiers.\u003C\/p\u003E\u003C\/td\u003E\u003Ctd\u003E\u003Cp\u003E15.9SC\u003C\/p\u003E\u003C\/td\u003E\u003Ctd\u003E\u003Cp align=\u0022center\u0022\u003E1,83\u003C\/p\u003E\u003C\/td\u003E\u003C\/tr\u003E\u003Ctr\u003E\u003Ctd\u003E\u003Cp\u003EInterm\u00e9diaires de commerce en produits agricoles et alimentaires et vente par correspondance sans manutention, ni livraison, ni stockage, ni conditionnement.\u003C\/p\u003E\u003C\/td\u003E\u003Ctd\u003E\u003Cp\u003E51.1NB\u003C\/p\u003E\u003C\/td\u003E\u003Ctd\u003E\u003Cp align=\u0022center\u0022\u003E0,89\u003C\/p\u003E\u003C\/td\u003E\u003C\/tr\u003E\u003Ctr\u003E\u003Ctd\u003E\u003Cp\u003ECommerce de gros (commerce interentreprises) alimentaire non sp\u00e9cialis\u00e9.\u003C\/p\u003E\u003C\/td\u003E\u003Ctd\u003E\u003Cp\u003E51.3TC\u003C\/p\u003E\u003C\/td\u003E\u003Ctd\u003E\u003Cp align=\u0022center\u0022\u003E2,61\u003C\/p\u003E\u003C\/td\u003E\u003C\/tr\u003E\u003Ctr\u003E\u003Ctd\u003E\u003Cp\u003ECommerce de d\u00e9tail de produits laitiers, de produits surgel\u00e9s, de fruits et l\u00e9gumes, de boissons et d\u0027alimentation g\u00e9n\u00e9rale.\u003C\/p\u003E\u003C\/td\u003E\u003Ctd\u003E\u003Cp\u003E52.1BC\u003C\/p\u003E\u003C\/td\u003E\u003Ctd\u003E\u003Cp align=\u0022center\u0022\u003E2,12\u003C\/p\u003E\u003C\/td\u003E\u003C\/tr\u003E\u003Ctr\u003E\u003Ctd\u003E\u003Cp\u003EGrande et moyenne distribution et Drive - Vente par automate.\u003C\/p\u003E\u003C\/td\u003E\u003Ctd\u003E\u003Cp\u003E52.1FB\u003C\/p\u003E\u003C\/td\u003E\u003Ctd\u003E\u003Cp align=\u0022center\u0022\u003E3,64\u003C\/p\u003E\u003C\/td\u003E\u003C\/tr\u003E\u003Ctr\u003E\u003Ctd\u003E\u003Cp\u003ECommerce de d\u00e9tail de viandes, poissons, charcuterie artisanale y compris traiteurs, organisateurs de r\u00e9ception.\u003C\/p\u003E\u003C\/td\u003E\u003Ctd\u003E\u003Cp\u003E52.2CB\u003C\/p\u003E\u003C\/td\u003E\u003Ctd\u003E\u003Cp align=\u0022center\u0022\u003E3,04\u003C\/p\u003E\u003C\/td\u003E\u003C\/tr\u003E\u003Ctr\u003E\u003Ctd\u003E\u003Cp\u003EInstallations d\u0027h\u00e9bergement \u00e0 \u00e9quipements l\u00e9gers ou d\u00e9velopp\u00e9s.\u003C\/p\u003E\u003C\/td\u003E\u003Ctd\u003E\u003Cp\u003E55.2EC\u003C\/p\u003E\u003C\/td\u003E\u003Ctd\u003E\u003Cp align=\u0022center\u0022\u003E2,09\u003C\/p\u003E\u003C\/td\u003E\u003C\/tr\u003E\u003Ctr\u003E\u003Ctd\u003E\u003Cp\u003ERestaurants, caf\u00e9-tabac, h\u00f4tels avec ou sans restaurant et foyers.\u003C\/p\u003E\u003C\/td\u003E\u003Ctd\u003E\u003Cp\u003E55.3AC\u003C\/p\u003E\u003C\/td\u003E\u003Ctd\u003E\u003Cp align=\u0022center\u0022\u003E1,85\u003C\/p\u003E\u003C\/td\u003E\u003C\/tr\u003E\u003Ctr\u003E\u003Ctd\u003E\u003Cp\u003ERestauration type rapide y compris wagons-lits et wagons-restaurants.\u003C\/p\u003E\u003C\/td\u003E\u003Ctd\u003E\u003Cp\u003E55.3BC\u003C\/p\u003E\u003C\/td\u003E\u003Ctd\u003E\u003Cp align=\u0022center\u0022\u003E1,65\u003C\/p\u003E\u003C\/td\u003E\u003C\/tr\u003E\u003Ctr\u003E\u003Ctd\u003E\u003Cp\u003ERestauration collective.\u003C\/p\u003E\u003C\/td\u003E\u003Ctd\u003E\u003Cp\u003E55.5AA\u003C\/p\u003E\u003C\/td\u003E\u003Ctd\u003E\u003Cp align=\u0022center\u0022\u003E4,23\u003C\/p\u003E\u003C\/td\u003E\u003C\/tr\u003E\u003Ctr\u003E\u003Ctd\u003E\u003Cp\u003EEntreposage frigorifique.\u003C\/p\u003E\u003C\/td\u003E\u003Ctd\u003E\u003Cp\u003E63.1DA\u003C\/p\u003E\u003C\/td\u003E\u003Ctd\u003E\u003Cp align=\u0022center\u0022\u003E3,93\u003C\/p\u003E\u003C\/td\u003E\u003C\/tr\u003E\u003C\/tbody\u003E\u003C\/table\u003E\u003Cp\u003E\u0026nbsp;\u003C\/p\u003E\u003Ch2\u003EII - \u0026nbsp;Services, commerces et industries de l\u2019alimentation des d\u00e9partements du Haut-Rhin, du Bas-Rhin et de la Moselle\u003C\/h2\u003E\u003Ctable border=\u00221\u0022 cellspacing=\u00220\u0022 cellpadding=\u00220\u0022 width=\u0022633\u0022\u003E\u003Ctbody\u003E\u003Ctr\u003E\u003Ctd width=\u0022480\u0022\u003E\u003Cp align=\u0022center\u0022\u003E\u003Cstrong\u003ENature du risque\u003C\/strong\u003E\u003C\/p\u003E\u003C\/td\u003E\u003Ctd width=\u002269\u0022\u003E\u003Cp align=\u0022center\u0022\u003E\u003Cstrong\u003ECode risque\u003C\/strong\u003E\u003C\/p\u003E\u003C\/td\u003E\u003Ctd width=\u002283\u0022\u003E\u003Cp align=\u0022center\u0022\u003E\u003Cstrong\u003ETaux net de cotisation \u00ab\u0026nbsp;AT\u0026nbsp;\u00bb\u003C\/strong\u003E\u003C\/p\u003E\u003Cp align=\u0022center\u0022\u003E\u003Cstrong\u003E(en %)\u003C\/strong\u003E\u003C\/p\u003E\u003C\/td\u003E\u003C\/tr\u003E\u003Ctr\u003E\u003Ctd width=\u0022550\u0022 colspan=\u00222\u0022\u003E\u003Cp align=\u0022center\u0022\u003E\u003Cstrong\u003EGROUPE 1\u003C\/strong\u003E\u003C\/p\u003E\u003C\/td\u003E\u003Ctd width=\u002283\u0022 rowspan=\u00229\u0022\u003E\u003Cp align=\u0022center\u0022\u003E2,03\u003C\/p\u003E\u003C\/td\u003E\u003C\/tr\u003E\u003Ctr\u003E\u003Ctd width=\u0022480\u0022\u003E\u003Cp\u003EAutres industries alimentaires non class\u00e9es par ailleurs et transformation du tabac.\u003C\/p\u003E\u003C\/td\u003E\u003Ctd width=\u002269\u0022\u003E\u003Cp\u003E15.5CC\u003C\/p\u003E\u003C\/td\u003E\u003C\/tr\u003E\u003Ctr\u003E\u003Ctd width=\u0022480\u0022\u003E\u003Cp\u003ECommerce de d\u00e9tail (avec ou sans fabrication) de pain, p\u00e2tisserie, confiserie et chocolats.\u003C\/p\u003E\u003C\/td\u003E\u003Ctd width=\u002269\u0022\u003E\u003Cp align=\u0022center\u0022\u003E15.8CD\u003C\/p\u003E\u003C\/td\u003E\u003C\/tr\u003E\u003Ctr\u003E\u003Ctd width=\u0022480\u0022\u003E\u003Cp\u003EFabrication et transformation de caf\u00e9 et \u00e9pices. Fabrication de boissons sauf produits laitiers.\u003C\/p\u003E\u003C\/td\u003E\u003Ctd width=\u002269\u0022\u003E\u003Cp align=\u0022center\u0022\u003E15.9SC\u003C\/p\u003E\u003C\/td\u003E\u003C\/tr\u003E\u003Ctr\u003E\u003Ctd width=\u0022480\u0022\u003E\u003Cp\u003EInterm\u00e9diaires de commerce en produits agricoles et alimentaires et vente par correspondance sans manutention, ni livraison, ni stockage, ni conditionnement.\u003C\/p\u003E\u003C\/td\u003E\u003Ctd width=\u002269\u0022\u003E\u003Cp align=\u0022center\u0022\u003E51.1NB\u003C\/p\u003E\u003C\/td\u003E\u003C\/tr\u003E\u003Ctr\u003E\u003Ctd width=\u0022480\u0022\u003E\u003Cp\u003ECommerce de gros (commerce interentreprises) alimentaire non sp\u00e9cialis\u00e9.\u003C\/p\u003E\u003C\/td\u003E\u003Ctd width=\u002269\u0022\u003E\u003Cp\u003E51.3TC\u003C\/p\u003E\u003C\/td\u003E\u003C\/tr\u003E\u003Ctr\u003E\u003Ctd width=\u0022480\u0022\u003E\u003Cp\u003ECommerce de d\u00e9tail de produits laitiers, de produits surgel\u00e9s, de fruits et l\u00e9gumes, de boissons et d\u0027alimentation g\u00e9n\u00e9rale.\u003C\/p\u003E\u003C\/td\u003E\u003Ctd width=\u002269\u0022\u003E\u003Cp\u003E52.1BC\u003C\/p\u003E\u003C\/td\u003E\u003C\/tr\u003E\u003Ctr\u003E\u003Ctd width=\u0022480\u0022\u003E\u003Cp\u003ERestaurants, caf\u00e9-tabac, h\u00f4tels avec ou sans restaurant et foyers.\u003C\/p\u003E\u003C\/td\u003E\u003Ctd width=\u002269\u0022\u003E\u003Cp align=\u0022center\u0022\u003E55.3AC\u003C\/p\u003E\u003C\/td\u003E\u003C\/tr\u003E\u003Ctr\u003E\u003Ctd width=\u0022480\u0022\u003E\u003Cp\u003ERestauration type rapide y compris wagons-lits et wagons-restaurants.\u003C\/p\u003E\u003C\/td\u003E\u003Ctd width=\u002269\u0022\u003E\u003Cp align=\u0022center\u0022\u003E55.3BC\u0026nbsp;\u003C\/p\u003E\u003C\/td\u003E\u003C\/tr\u003E\u003Ctr\u003E\u003Ctd width=\u0022550\u0022 colspan=\u00222\u0022\u003E\u003Cp align=\u0022center\u0022\u003E\u003Cstrong\u003EGROUPE 2\u0026nbsp;\u003C\/strong\u003E\u003C\/p\u003E\u003C\/td\u003E\u003Ctd width=\u002283\u0022 rowspan=\u00229\u0022\u003E\u003Cp align=\u0022center\u0022\u003E3,77\u003C\/p\u003E\u003C\/td\u003E\u003C\/tr\u003E\u003Ctr\u003E\u003Ctd width=\u0022480\u0022\u003E\u003Cp\u003EAbattage du b\u00e9tail, d\u00e9coupe et commerce de gros de viandes de boucherie. Production de viandes de volailles.\u003C\/p\u003E\u003C\/td\u003E\u003Ctd width=\u002269\u0022\u003E\u003Cp\u003E15.1AE\u003C\/p\u003E\u003C\/td\u003E\u003C\/tr\u003E\u003Ctr\u003E\u003Ctd width=\u0022480\u0022\u003E\u003Cp\u003ETransformation et conservation de la viande et pr\u00e9paration de produits \u00e0 base de viande (y compris boyauderie). Transformation et conservation du poisson.\u003C\/p\u003E\u003C\/td\u003E\u003Ctd width=\u002269\u0022\u003E\u003Cp align=\u0022center\u0022\u003E15.1EC\u003C\/p\u003E\u003C\/td\u003E\u003C\/tr\u003E\u003Ctr\u003E\u003Ctd width=\u0022480\u0022\u003E\u003Cp\u003ETransformation et conservation de l\u00e9gumes et de fruits. Fabrication industrielle de produits de boulangerie, p\u00e2tisserie et pizza.\u003C\/p\u003E\u003C\/td\u003E\u003Ctd width=\u002269\u0022\u003E\u003Cp align=\u0022center\u0022\u003E15.8AC\u003C\/p\u003E\u003C\/td\u003E\u003C\/tr\u003E\u003Ctr\u003E\u003Ctd width=\u0022480\u0022\u003E\u003Cp\u003EGrande et moyenne distribution et Drive - Vente par automate.\u003C\/p\u003E\u003C\/td\u003E\u003Ctd width=\u002269\u0022\u003E\u003Cp\u003E52.1FB\u003C\/p\u003E\u003C\/td\u003E\u003C\/tr\u003E\u003Ctr\u003E\u003Ctd width=\u0022480\u0022\u003E\u003Cp\u003ECommerce de d\u00e9tail de viandes, poissons, charcuterie artisanale y compris traiteurs, organisateurs de r\u00e9ception.\u003C\/p\u003E\u003C\/td\u003E\u003Ctd width=\u002269\u0022\u003E\u003Cp\u003E52.2CB\u003C\/p\u003E\u003C\/td\u003E\u003C\/tr\u003E\u003Ctr\u003E\u003Ctd width=\u0022480\u0022\u003E\u003Cp\u003EInstallations d\u0027h\u00e9bergement \u00e0 \u00e9quipements l\u00e9gers ou d\u00e9velopp\u00e9s.\u003C\/p\u003E\u003C\/td\u003E\u003Ctd width=\u002269\u0022\u003E\u003Cp\u003E55.2EC\u003C\/p\u003E\u003C\/td\u003E\u003C\/tr\u003E\u003Ctr\u003E\u003Ctd width=\u0022480\u0022\u003E\u003Cp\u003ERestauration collective.\u003C\/p\u003E\u003C\/td\u003E\u003Ctd width=\u002269\u0022\u003E\u003Cp align=\u0022center\u0022\u003E55.5AA\u003C\/p\u003E\u003C\/td\u003E\u003C\/tr\u003E\u003Ctr\u003E\u003Ctd width=\u0022480\u0022\u003E\u003Cp\u003EEntreposage frigorifique.\u003C\/p\u003E\u003C\/td\u003E\u003Ctd width=\u002269\u0022\u003E\u003Cp align=\u0022center\u0022\u003E63.1DA\u003C\/p\u003E\u003C\/td\u003E\u003C\/tr\u003E\u003C\/tbody\u003E\u003C\/table\u003E\u003Cp\u003E\u0026nbsp;\u003C\/p\u003E                                            \u003Cp\u003E\u003Cbr \/\u003E\u003Cstrong\u003ESource :\u003C\/strong\u003E\u003Cstrong\u003E\u00a0\u003C\/strong\u003E\u003C\/p\u003E\u003Cul\u003E\u003Cli\u003E\u003Ca href=\u0022https:\/\/www.legifrance.gouv.fr\/loda\/id\/JORFTEXT000051533180\/2025-07-25\/\u0022 target=\u0022_blank\u0022\u003EArr\u00eat\u00e9 du 29 avril 2025 relatif \u00e0 la tarification des risques d\u0027accidents du travail et de maladies professionnelles pour l\u0027ann\u00e9e 2025\u003C\/a\u003E\u003C\/li\u003E\u003C\/ul\u003E\u003C\/div\u003E","annee":"2025","theme":" Indices, taux, bar\u00e8mes sociaux","activites":["Commer\u00e7ant","Distributeur \/ Grossiste","Caf\u00e9 \/ H\u00f4tel \/ Restaurant","Industrie"],"image":"https:\/\/www.weblex.fr\/sites\/default\/files\/chiffres_clef\/Shutterstock_tarificationatmp_2.jpg","created":"2025-07-25","modified":"2025-07-25"},{"url":"\/chiffres-cles\/tarif-des-cotisations-d-accidents-du-travail-et-maladies-professionnelles-des-industries-de-la-chimie-du-caoutchouc-et-de-la-plasturgie-annee-2025","id":26628,"title":"Tarif des cotisations d\u0027accidents du travail et maladies professionnelles des industries de la chimie, du caoutchouc et de la plasturgie - ann\u00e9e 2025","content":"\u003Cdiv\u003E                                              \u003Ch2\u003EI - Cas g\u00e9n\u00e9ral\u0026nbsp;\u003C\/h2\u003E\u003Ctable border=\u00221\u0022 cellspacing=\u00220\u0022 cellpadding=\u00220\u0022\u003E\u003Ctbody\u003E\u003Ctr\u003E\u003Ctd\u003E\u003Cp align=\u0022center\u0022\u003E\u003Cstrong\u003ENature du risque\u003C\/strong\u003E\u003C\/p\u003E\u003C\/td\u003E\u003Ctd\u003E\u003Cp\u003E\u003Cstrong\u003ECode risque\u003C\/strong\u003E\u003C\/p\u003E\u003C\/td\u003E\u003Ctd\u003E\u003Cp align=\u0022center\u0022\u003E\u003Cstrong\u003ETaux net de cotisation \u00ab\u0026nbsp;AT\u0026nbsp;\u00bb\u003C\/strong\u003E\u003C\/p\u003E\u003Cp align=\u0022center\u0022\u003E\u003Cstrong\u003E(en %)\u003C\/strong\u003E\u003C\/p\u003E\u003C\/td\u003E\u003C\/tr\u003E\u003Ctr\u003E\u003Ctd\u003E\u003Cp\u003EProduction, transport par conduite et raffinage de p\u00e9trole et de gaz. Fabrication d\u0027ingr\u00e9dients et additifs pour carburation et lubrification, de produits asphalt\u00e9s et bitumeux. Commerce de gros des produits p\u00e9troliers. Fabrication de produits chimiques organiques de base. Fabrication de caoutchoucs synth\u00e9tiques, d\u0027\u00e9lastom\u00e8res, de mati\u00e8res plastiques.\u003C\/p\u003E\u003C\/td\u003E\u003Ctd\u003E\u003Cp\u003E11.1ZC\u003C\/p\u003E\u003C\/td\u003E\u003Ctd\u003E\u003Cp align=\u0022center\u0022\u003E1,88\u003C\/p\u003E\u003C\/td\u003E\u003C\/tr\u003E\u003Ctr\u003E\u003Ctd\u003E\u003Cp\u003EProduction et transformation de mati\u00e8res nucl\u00e9aires.\u003C\/p\u003E\u003C\/td\u003E\u003Ctd\u003E\u003Cp\u003E23.3ZA\u003C\/p\u003E\u003C\/td\u003E\u003Ctd\u003E\u003Cp align=\u0022center\u0022\u003E1,36\u003C\/p\u003E\u003C\/td\u003E\u003C\/tr\u003E\u003Ctr\u003E\u003Ctd\u003E\u003Cp\u003EFabrication de produits chimiques min\u00e9raux et inorganiques, organiques de synth\u00e8se ou d\u00e9riv\u00e9s du bois, de produits azot\u00e9s et d\u0027engrais, d\u0027abrasifs, de pigments, colorants, \u00e9maux, de produits photographiques, d\u0027\u00e9lectrodes. M\u00e9tallurgie de l\u0027aluminium, des ferro-alliages et m\u00e9taux l\u00e9gers. Electrom\u00e9tallurgie, \u00e9lectrochimie. D\u00e9naturation d\u0027\u00e9thanol.\u003C\/p\u003E\u003C\/td\u003E\u003Ctd\u003E\u003Cp\u003E24.1GN\u003C\/p\u003E\u003C\/td\u003E\u003Ctd\u003E\u003Cp align=\u0022center\u0022\u003E3,78\u003C\/p\u003E\u003C\/td\u003E\u003C\/tr\u003E\u003Ctr\u003E\u003Ctd\u003E\u003Cp\u003EFabrication de peintures, vernis, colles, encres, mastics. Fabrication de g\u00e9latines et de leurs d\u00e9riv\u00e9s. Fabrication de produits d\u0027entretien. Fabrication d\u0027explosifs, d\u0027articles de pyrotechnie, de poudres propulsives.\u003C\/p\u003E\u003C\/td\u003E\u003Ctd\u003E\u003Cp\u003E24.3ZC\u003C\/p\u003E\u003C\/td\u003E\u003Ctd\u003E\u003Cp align=\u0022center\u0022\u003E2,26\u003C\/p\u003E\u003C\/td\u003E\u003C\/tr\u003E\u003Ctr\u003E\u003Ctd\u003E\u003Cp\u003EFabrication de pr\u00e9parations pharmaceutiques, de cosm\u00e9tiques et de parfums. Fabrication et transformation d\u0027extraits de v\u00e9g\u00e9taux, d\u0027algues, bois r\u00e9sineux. Fabrication de produits de base pour d\u00e9tergents, de produits d\u00e9tergents, de pesticides et de biocides. Fabrication et traitement chimique de corps gras.\u003C\/p\u003E\u003C\/td\u003E\u003Ctd\u003E\u003Cp\u003E24.4CC\u003C\/p\u003E\u003C\/td\u003E\u003Ctd\u003E\u003Cp align=\u0022center\u0022\u003E1,41\u003C\/p\u003E\u003C\/td\u003E\u003C\/tr\u003E\u003Ctr\u003E\u003Ctd\u003E\u003Cp\u003EFabrication d\u0027articles en caoutchouc naturel ou synth\u00e9tique \u00e0 partir d\u0027\u00e9lastom\u00e8res secs ou sous forme latex ou en solution.\u003C\/p\u003E\u003C\/td\u003E\u003Ctd\u003E\u003Cp\u003E25.1AC\u003C\/p\u003E\u003C\/td\u003E\u003Ctd\u003E\u003Cp align=\u0022center\u0022\u003E2,63\u003C\/p\u003E\u003C\/td\u003E\u003C\/tr\u003E\u003Ctr\u003E\u003Ctd\u003E\u003Cp\u003EFabrication, assemblage d\u0027articles et pi\u00e8ces en mati\u00e8res plastiques, y compris composites.\u003C\/p\u003E\u003C\/td\u003E\u003Ctd\u003E\u003Cp\u003E25.2HK\u003C\/p\u003E\u003C\/td\u003E\u003Ctd\u003E\u003Cp align=\u0022center\u0022\u003E3,10\u003C\/p\u003E\u003C\/td\u003E\u003C\/tr\u003E\u003Ctr\u003E\u003Ctd\u003E\u003Cp\u003EChimie expert. Laboratoires de recherches chimiques.\u003C\/p\u003E\u003C\/td\u003E\u003Ctd\u003E\u003Cp\u003E73.1ZB\u003C\/p\u003E\u003C\/td\u003E\u003Ctd\u003E\u003Cp align=\u0022center\u0022\u003E1,36\u003C\/p\u003E\u003C\/td\u003E\u003C\/tr\u003E\u003C\/tbody\u003E\u003C\/table\u003E\u003Ch2\u003E\u003Cbr\u003EII - Industries de la chimie, du caoutchouc et de la plasturgie\u0026nbsp;des d\u00e9partements du Haut-Rhin, du Bas-Rhin et de la Moselle\u003C\/h2\u003E\u003Ctable border=\u00221\u0022 cellspacing=\u00220\u0022 cellpadding=\u00220\u0022 width=\u0022633\u0022\u003E\u003Ctbody\u003E\u003Ctr\u003E\u003Ctd width=\u0022480\u0022\u003E\u003Cp align=\u0022center\u0022\u003E\u003Cstrong\u003ENature du risque\u003C\/strong\u003E\u003C\/p\u003E\u003C\/td\u003E\u003Ctd width=\u002269\u0022\u003E\u003Cp align=\u0022center\u0022\u003E\u003Cstrong\u003ECode risque\u003C\/strong\u003E\u003C\/p\u003E\u003C\/td\u003E\u003Ctd width=\u002283\u0022\u003E\u003Cp align=\u0022center\u0022\u003E\u003Cstrong\u003ETaux net de cotisation \u00ab\u0026nbsp;AT\u0026nbsp;\u00bb\u003C\/strong\u003E\u003C\/p\u003E\u003Cp align=\u0022center\u0022\u003E\u003Cstrong\u003E(en %)\u003C\/strong\u003E\u003C\/p\u003E\u003C\/td\u003E\u003C\/tr\u003E\u003Ctr\u003E\u003Ctd width=\u0022550\u0022 colspan=\u00222\u0022\u003E\u003Cp align=\u0022center\u0022\u003E\u003Cstrong\u003EGroupe 1\u003C\/strong\u003E\u003C\/p\u003E\u003C\/td\u003E\u003Ctd width=\u002283\u0022 rowspan=\u00225\u0022\u003E\u003Cp align=\u0022center\u0022\u003E1,29\u003C\/p\u003E\u003C\/td\u003E\u003C\/tr\u003E\u003Ctr\u003E\u003Ctd width=\u0022480\u0022\u003E\u003Cp\u003EProduction et transformation de mati\u00e8res nucl\u00e9aires.\u003C\/p\u003E\u003C\/td\u003E\u003Ctd width=\u002269\u0022\u003E\u003Cp\u003E23.3ZA\u003C\/p\u003E\u003C\/td\u003E\u003C\/tr\u003E\u003Ctr\u003E\u003Ctd width=\u0022480\u0022\u003E\u003Cp\u003EFabrication de peintures, vernis, colles, encres, mastics. Fabrication de g\u00e9latines et de leurs d\u00e9riv\u00e9s. Fabrication de produits d\u0027entretien. Fabrication d\u0027explosifs, d\u0027articles de pyrotechnie, de poudres propulsives.\u003C\/p\u003E\u003C\/td\u003E\u003Ctd width=\u002269\u0022\u003E\u003Cp\u003E24.3ZC\u003C\/p\u003E\u003C\/td\u003E\u003C\/tr\u003E\u003Ctr\u003E\u003Ctd width=\u0022480\u0022\u003E\u003Cp\u003EFabrication de pr\u00e9parations pharmaceutiques, de cosm\u00e9tiques et de parfums. Fabrication et transformation d\u0027extraits de v\u00e9g\u00e9taux, d\u0027algues, bois r\u00e9sineux. Fabrication de produits de base pour d\u00e9tergents, de produits d\u00e9tergents, de pesticides et de biocides. Fabrication et traitement chimique de corps gras.\u003C\/p\u003E\u003C\/td\u003E\u003Ctd width=\u002269\u0022\u003E\u003Cp\u003E24.4CC\u003C\/p\u003E\u003C\/td\u003E\u003C\/tr\u003E\u003Ctr\u003E\u003Ctd width=\u0022480\u0022\u003E\u003Cp\u003EChimie expert. Laboratoires de recherches chimiques.\u003C\/p\u003E\u003C\/td\u003E\u003Ctd width=\u002269\u0022\u003E\u003Cp\u003E73.1ZB\u003C\/p\u003E\u003C\/td\u003E\u003C\/tr\u003E\u003Ctr\u003E\u003Ctd width=\u0022550\u0022 colspan=\u00222\u0022\u003E\u003Cp align=\u0022center\u0022\u003E\u003Cstrong\u003EGroupe 2\u003C\/strong\u003E\u003C\/p\u003E\u003C\/td\u003E\u003Ctd width=\u002283\u0022 rowspan=\u00225\u0022\u003E\u003Cp align=\u0022center\u0022\u003E3.27\u003C\/p\u003E\u003C\/td\u003E\u003C\/tr\u003E\u003Ctr\u003E\u003Ctd width=\u0022480\u0022\u003E\u003Cp\u003EProduction, transport par conduite et raffinage de p\u00e9trole et de gaz. Fabrication d\u0027ingr\u00e9dients et additifs pour carburation et lubrification, de produits asphalt\u00e9s et bitumeux. Commerce de gros des produits p\u00e9troliers. Fabrication de produits chimiques organiques de base. Fabrication de caoutchoucs synth\u00e9tiques, d\u0027\u00e9lastom\u00e8res, de mati\u00e8res plastiques.\u003C\/p\u003E\u003Cp\u003E\u0026nbsp;\u003C\/p\u003E\u003C\/td\u003E\u003Ctd width=\u002269\u0022\u003E\u003Cp\u003E11.1ZC\u003C\/p\u003E\u003C\/td\u003E\u003C\/tr\u003E\u003Ctr\u003E\u003Ctd width=\u0022480\u0022\u003E\u003Cp\u003EFabrication de produits chimiques min\u00e9raux et inorganiques, organiques de synth\u00e8se ou d\u00e9riv\u00e9s du bois, de produits azot\u00e9s et d\u0027engrais, d\u0027abrasifs, de pigments, colorants, \u00e9maux, de produits photographiques, d\u0027\u00e9lectrodes. M\u00e9tallurgie de l\u0027aluminium, des ferro-alliages et m\u00e9taux l\u00e9gers. Electrom\u00e9tallurgie, \u00e9lectrochimie. D\u00e9naturation d\u0027\u00e9thanol.\u003C\/p\u003E\u003C\/td\u003E\u003Ctd width=\u002269\u0022\u003E\u003Cp\u003E24.1GN\u003C\/p\u003E\u003C\/td\u003E\u003C\/tr\u003E\u003Ctr\u003E\u003Ctd width=\u0022480\u0022\u003E\u003Cp\u003EFabrication d\u0027articles en caoutchouc naturel ou synth\u00e9tique \u00e0 partir d\u0027\u00e9lastom\u00e8res secs ou sous forme latex ou en solution.\u003C\/p\u003E\u003C\/td\u003E\u003Ctd width=\u002269\u0022\u003E\u003Cp\u003E25.1AC\u003C\/p\u003E\u003C\/td\u003E\u003C\/tr\u003E\u003Ctr\u003E\u003Ctd width=\u0022480\u0022\u003E\u003Cp\u003EFabrication, assemblage d\u0027articles et pi\u00e8ces en mati\u00e8res plastiques, y compris composites.\u003C\/p\u003E\u003C\/td\u003E\u003Ctd width=\u002269\u0022\u003E\u003Cp align=\u0022center\u0022\u003E25.2HK\u003C\/p\u003E\u003C\/td\u003E\u003C\/tr\u003E\u003C\/tbody\u003E\u003C\/table\u003E\u003Cp\u003E\u0026nbsp;\u003C\/p\u003E                                            \u003Cp\u003E\u003Cbr \/\u003E\u003Cstrong\u003ESource :\u003C\/strong\u003E\u003Cstrong\u003E\u00a0\u003C\/strong\u003E\u003C\/p\u003E\u003Cul\u003E\u003Cli\u003E\u003Ca href=\u0022https:\/\/www.legifrance.gouv.fr\/loda\/id\/JORFTEXT000051533180\/2025-07-25\/\u0022 target=\u0022_blank\u0022\u003EArr\u00eat\u00e9 du 29 avril 2025 relatif \u00e0 la tarification des risques d\u0027accidents du travail et de maladies professionnelles pour l\u0027ann\u00e9e 2025\u003C\/a\u003E\u003C\/li\u003E\u003C\/ul\u003E\u003C\/div\u003E","annee":"2025","theme":" Indices, taux, bar\u00e8mes sociaux","activites":["Industrie"],"image":"https:\/\/www.weblex.fr\/sites\/default\/files\/chiffres_clef\/Shutterstock_tarificationatmp_3.jpg","created":"2025-07-25","modified":"2026-04-17"},{"url":"\/chiffres-cles\/tarif-des-cotisations-d-accidents-du-travail-et-maladies-professionnelles-pour-les-activites-de-services-i-annee-2025","id":26631,"title":"Tarif des cotisations d\u0027accidents du travail et maladies professionnelles pour les activit\u00e9s de services I - ann\u00e9e 2025","content":"\u003Cdiv\u003E                                              \u003Ch2\u003EI - Cas g\u00e9n\u00e9ral\u0026nbsp;\u003C\/h2\u003E\u003Ctable border=\u00221\u0022 cellspacing=\u00220\u0022 cellpadding=\u00220\u0022\u003E\u003Ctbody\u003E\u003Ctr\u003E\u003Ctd width=\u0022466\u0022\u003E\u003Cp align=\u0022center\u0022\u003E\u003Cstrong\u003ENature du risque\u003C\/strong\u003E\u003C\/p\u003E\u003C\/td\u003E\u003Ctd\u003E\u003Cp\u003E\u003Cstrong\u003ECode risque\u003C\/strong\u003E\u003C\/p\u003E\u003C\/td\u003E\u003Ctd\u003E\u003Cp align=\u0022center\u0022\u003E\u003Cstrong\u003ETaux net de cotisation \u00ab AT \u00bb\u003C\/strong\u003E\u003C\/p\u003E\u003Cp align=\u0022center\u0022\u003E\u003Cstrong\u003E(en %)\u003C\/strong\u003E\u003C\/p\u003E\u003C\/td\u003E\u003C\/tr\u003E\u003Ctr\u003E\u003Ctd width=\u0022466\u0022\u003E\u003Cp\u003EOrganismes et auxiliaires financiers - Bourse de commerce.\u003C\/p\u003E\u003C\/td\u003E\u003Ctd\u003E\u003Cp\u003E65.1AB\u003C\/p\u003E\u003C\/td\u003E\u003Ctd\u003E\u003Cp align=\u0022center\u0022\u003E0,71\u003C\/p\u003E\u003C\/td\u003E\u003C\/tr\u003E\u003Ctr\u003E\u003Ctd width=\u0022466\u0022\u003E\u003Cp\u003EAssurances et auxiliaires d\u0027assurances.\u003C\/p\u003E\u003C\/td\u003E\u003Ctd\u003E\u003Cp\u003E66.0AB\u003C\/p\u003E\u003C\/td\u003E\u003Ctd\u003E\u003Cp align=\u0022center\u0022\u003E0,79\u003C\/p\u003E\u003C\/td\u003E\u003C\/tr\u003E\u003Ctr\u003E\u003Ctd width=\u0022466\u0022\u003E\u003Cp\u003ETravaux informatiques \u00e0 fa\u00e7on.\u003C\/p\u003E\u003C\/td\u003E\u003Ctd\u003E\u003Cp\u003E72.3ZA\u003C\/p\u003E\u003C\/td\u003E\u003Ctd\u003E\u003Cp align=\u0022center\u0022\u003E0,80\u003C\/p\u003E\u003C\/td\u003E\u003C\/tr\u003E\u003Ctr\u003E\u003Ctd width=\u0022466\u0022\u003E\u003Cp\u003EEtablissements de recherche scientifique et technique.\u003C\/p\u003E\u003C\/td\u003E\u003Ctd\u003E\u003Cp\u003E73.1ZE\u003C\/p\u003E\u003C\/td\u003E\u003Ctd\u003E\u003Cp align=\u0022center\u0022\u003E0,89\u003C\/p\u003E\u003C\/td\u003E\u003C\/tr\u003E\u003Ctr\u003E\u003Ctd width=\u0022466\u0022\u003E\u003Cp\u003EGroupements d\u0027employeurs. Coop\u00e9ratives d\u0027activit\u00e9 et d\u0027emploi. Services divers rendus principalement aux entreprises, non d\u00e9sign\u00e9s par ailleurs.\u003C\/p\u003E\u003C\/td\u003E\u003Ctd\u003E\u003Cp\u003E74.1GB\u003C\/p\u003E\u003C\/td\u003E\u003Ctd\u003E\u003Cp align=\u0022center\u0022\u003E0,71\u003C\/p\u003E\u003C\/td\u003E\u003C\/tr\u003E\u003Ctr\u003E\u003Ctd width=\u0022466\u0022\u003E\u003Cp\u003ECr\u00e9dit-bail mobilier et immobilier, location de brevets. Cabinets juridiques et offices publics ou minist\u00e9riels. Cabinets d\u0027expertise comptable et d\u0027analyse financi\u00e8re. Cabinets d\u0027\u00e9tudes informatiques et d\u0027organisation.\u003C\/p\u003E\u003C\/td\u003E\u003Ctd\u003E\u003Cp\u003E74.1GD\u003C\/p\u003E\u003C\/td\u003E\u003Ctd\u003E\u003Cp align=\u0022center\u0022\u003E0,71\u003C\/p\u003E\u003C\/td\u003E\u003C\/tr\u003E\u003Ctr\u003E\u003Ctd width=\u0022466\u0022\u003E\u003Cp\u003EHoldings. Cabinets de conseils en information et documentation. Cabinets d\u0027\u00e9tudes \u00e9conomiques, sociologiques, marchandisage.\u003C\/p\u003E\u003C\/td\u003E\u003Ctd\u003E\u003Cp\u003E74.1JB\u003C\/p\u003E\u003C\/td\u003E\u003Ctd\u003E\u003Cp align=\u0022center\u0022\u003E0,71\u003C\/p\u003E\u003C\/td\u003E\u003C\/tr\u003E\u003Ctr\u003E\u003Ctd width=\u0022466\u0022\u003E\u003Cp\u003ECabinets d\u0027\u00e9tudes techniques : agences de brevets, expertises, expertises en \u0153uvre d\u0027art. - Expert charg\u00e9 d\u0027\u00e9valuer les dommages (ou les risques).\u003C\/p\u003E\u003C\/td\u003E\u003Ctd\u003E\u003Cp\u003E74.2CB\u003C\/p\u003E\u003C\/td\u003E\u003Ctd\u003E\u003Cp align=\u0022center\u0022\u003E0,80\u003C\/p\u003E\u003C\/td\u003E\u003C\/tr\u003E\u003Ctr\u003E\u003Ctd width=\u0022466\u0022\u003E\u003Cp\u003EBureaux d\u0027essais, bancs d\u0027essais.\u003C\/p\u003E\u003C\/td\u003E\u003Ctd\u003E\u003Cp\u003E74.3BA\u003C\/p\u003E\u003C\/td\u003E\u003Ctd\u003E\u003Cp align=\u0022center\u0022\u003E1,10\u003C\/p\u003E\u003C\/td\u003E\u003C\/tr\u003E\u003Ctr\u003E\u003Ctd width=\u0022466\u0022\u003E\u003Cp\u003EAdministration centrale et services ext\u00e9rieurs des administrations (y compris leurs \u00e9tablissements publics). Repr\u00e9sentation diplomatique \u00e9trang\u00e8re en France. Organismes internationaux. - Service des arm\u00e9es alli\u00e9es.\u003C\/p\u003E\u003C\/td\u003E\u003Ctd\u003E\u003Cp\u003E75.1AG\u003C\/p\u003E\u003C\/td\u003E\u003Ctd\u003E\u003Cp align=\u0022center\u0022\u003E0,92\u003C\/p\u003E\u003C\/td\u003E\u003C\/tr\u003E\u003Ctr\u003E\u003Ctd width=\u0022466\u0022\u003E\u003Cp\u003ECollectivit\u00e9s territoriales (communales, d\u00e9partementales, r\u00e9gionales\u2026) y compris leurs \u00e9tablissements publics hors secteur m\u00e9dico-social.\u003C\/p\u003E\u003C\/td\u003E\u003Ctd\u003E\u003Cp\u003E75.1BA\u003C\/p\u003E\u003C\/td\u003E\u003Ctd\u003E\u003Cp align=\u0022center\u0022\u003E1,72\u003C\/p\u003E\u003C\/td\u003E\u003C\/tr\u003E\u003Ctr\u003E\u003Ctd width=\u0022466\u0022\u003E\u003Cp\u003EPersonnes d\u00e9tenues, quelle que soit l\u0027activit\u00e9 exerc\u00e9e.\u003C\/p\u003E\u003C\/td\u003E\u003Ctd\u003E\u003Cp\u003E75.2EE\u003C\/p\u003E\u003C\/td\u003E\u003Ctd\u003E\u003Cp align=\u0022center\u0022\u003E0,92\u003C\/p\u003E\u003C\/td\u003E\u003C\/tr\u003E\u003Ctr\u003E\u003Ctd width=\u0022466\u0022\u003E\u003Cp\u003EActivit\u00e9s g\u00e9n\u00e9rales de s\u00e9curit\u00e9 sociale.\u003C\/p\u003E\u003C\/td\u003E\u003Ctd\u003E\u003Cp\u003E75.3AA\u003C\/p\u003E\u003C\/td\u003E\u003Ctd\u003E\u003Cp align=\u0022center\u0022\u003E0,93\u003C\/p\u003E\u003C\/td\u003E\u003C\/tr\u003E\u003Ctr\u003E\u003Ctd width=\u0022466\u0022\u003E\u003Cp\u003ECouverture du risque ch\u00f4mage et autres garanties du maintien de revenu, y compris la caisse nationale de surcompensation du b\u00e2timent et des travaux publics et caisses de retraite ne relevant pas de la l\u00e9gislation sur les assurances.\u003C\/p\u003E\u003C\/td\u003E\u003Ctd\u003E\u003Cp\u003E75.3BB\u003C\/p\u003E\u003C\/td\u003E\u003Ctd\u003E\u003Cp align=\u0022center\u0022\u003E0,79\u003C\/p\u003E\u003C\/td\u003E\u003C\/tr\u003E\u003Ctr\u003E\u003Ctd width=\u0022466\u0022\u003E\u003Cp\u003EPersonnel enseignant et administratif des \u00e9tablissements d\u0027enseignement priv\u00e9s et des organismes de formation.\u003C\/p\u003E\u003C\/td\u003E\u003Ctd\u003E\u003Cp\u003E80.1ZA\u003C\/p\u003E\u003C\/td\u003E\u003Ctd\u003E\u003Cp align=\u0022center\u0022\u003E1,23\u003C\/p\u003E\u003C\/td\u003E\u003C\/tr\u003E\u003Ctr\u003E\u003Ctd width=\u0022466\u0022\u003E\u003Cp\u003EEl\u00e8ves et \u00e9tudiants des \u00e9tablissements publics ou priv\u00e9s d\u0027enseignement secondaire, sup\u00e9rieur ou sp\u00e9cialis\u00e9 vis\u00e9s \u00e0 l\u0027article L. 412-8 (2\u00b0, b) du\u0026nbsp;\u003Ca href=\u0022https:\/\/www.legifrance.gouv.fr\/affichCode.do?cidTexte=LEGITEXT000006073189\u0026amp;dateTexte=\u0026amp;categorieLien=cid\u0022\u003Ecode de la s\u00e9curit\u00e9 sociale\u003C\/a\u003E.\u003C\/p\u003E\u003C\/td\u003E\u003Ctd\u003E\u003Cp\u003E80.2AA\u003C\/p\u003E\u003C\/td\u003E\u003Ctd\u003E\u003Cp align=\u0022center\u0022\u003E0,0010\u003C\/p\u003E\u003C\/td\u003E\u003C\/tr\u003E\u003Ctr\u003E\u003Ctd width=\u0022466\u0022\u003E\u003Cp\u003EEl\u00e8ves et \u00e9tudiants des \u00e9tablissements publics et priv\u00e9s d\u0027enseignement technique vis\u00e9s \u00e0 l\u0027article L. 412-8 (2\u00b0, a) du\u0026nbsp;\u003Ca href=\u0022https:\/\/www.legifrance.gouv.fr\/affichCode.do?cidTexte=LEGITEXT000006073189\u0026amp;dateTexte=\u0026amp;categorieLien=cid\u0022\u003Ecode de la s\u00e9curit\u00e9 sociale\u003C\/a\u003E.\u003C\/p\u003E\u003C\/td\u003E\u003Ctd\u003E\u003Cp\u003E80.2CA\u003C\/p\u003E\u003C\/td\u003E\u003Ctd\u003E\u003Cp align=\u0022center\u0022\u003E0,0120\u003C\/p\u003E\u003C\/td\u003E\u003C\/tr\u003E\u003Ctr\u003E\u003Ctd width=\u0022466\u0022\u003E\u003Cp\u003EActivit\u00e9s des organisations consulaires et patronales, des organisations professionnelles, des syndicats de salari\u00e9s, des organisations religieuses, des organisations politiques et des organisations associatives non class\u00e9es ailleurs.\u0026nbsp;\u003C\/p\u003E\u003C\/td\u003E\u003Ctd\u003E\u003Cp\u003E91.3EJ\u003C\/p\u003E\u003C\/td\u003E\u003Ctd\u003E\u003Cp align=\u0022center\u0022\u003E1,21\u003C\/p\u003E\u003C\/td\u003E\u003C\/tr\u003E\u003C\/tbody\u003E\u003C\/table\u003E\u003Ch2\u003EII - Activit\u00e9s de services I des d\u00e9partements du Haut-Rhin, du Bas-Rhin et de la Moselle\u0026nbsp;\u003C\/h2\u003E\u003Ctable border=\u00221\u0022 cellspacing=\u00220\u0022 cellpadding=\u00220\u0022\u003E\u003Ctbody\u003E\u003Ctr\u003E\u003Ctd width=\u0022455\u0022\u003E\u003Cp align=\u0022center\u0022\u003E\u003Cstrong\u003ENature du risque\u003C\/strong\u003E\u003C\/p\u003E\u003C\/td\u003E\u003Ctd\u003E\u003Cp\u003E\u003Cstrong\u003ECode risque\u003C\/strong\u003E\u003C\/p\u003E\u003C\/td\u003E\u003Ctd\u003E\u003Cp align=\u0022center\u0022\u003E\u003Cstrong\u003ETaux net de cotisation \u00ab AT \u00bb\u003C\/strong\u003E\u003C\/p\u003E\u003Cp align=\u0022center\u0022\u003E\u003Cstrong\u003E(en %)\u003C\/strong\u003E\u003C\/p\u003E\u003C\/td\u003E\u003C\/tr\u003E\u003Ctr\u003E\u003Ctd width=\u0022604\u0022 colspan=\u00223\u0022\u003E\u003Cp align=\u0022center\u0022\u003E\u003Cstrong\u003EGROUPE 1\u003C\/strong\u003E\u003C\/p\u003E\u003C\/td\u003E\u003C\/tr\u003E\u003Ctr\u003E\u003Ctd width=\u0022455\u0022\u003E\u003Cp\u003EOrganismes et auxiliaires financiers - Bourse de commerce.\u003C\/p\u003E\u003C\/td\u003E\u003Ctd\u003E\u003Cp\u003E65.1AB\u003C\/p\u003E\u003C\/td\u003E\u003Ctd rowspan=\u002211\u0022\u003E\u003Cp align=\u0022center\u0022\u003E0,87\u003C\/p\u003E\u003C\/td\u003E\u003C\/tr\u003E\u003Ctr\u003E\u003Ctd width=\u0022455\u0022\u003E\u003Cp\u003EAssurances et auxiliaires d\u0027assurances.\u003C\/p\u003E\u003C\/td\u003E\u003Ctd\u003E\u003Cp\u003E66.0AB\u003C\/p\u003E\u003C\/td\u003E\u003C\/tr\u003E\u003Ctr\u003E\u003Ctd width=\u0022455\u0022\u003E\u003Cp\u003ETravaux informatiques \u00e0 fa\u00e7on.\u003C\/p\u003E\u003C\/td\u003E\u003Ctd\u003E\u003Cp\u003E72.3ZA\u003C\/p\u003E\u003C\/td\u003E\u003C\/tr\u003E\u003Ctr\u003E\u003Ctd width=\u0022455\u0022\u003E\u003Cp\u003EGroupements d\u0027employeurs. Coop\u00e9ratives d\u0027activit\u00e9 et d\u0027emploi. Services divers rendus principalement aux entreprises, non d\u00e9sign\u00e9s par ailleurs.\u003C\/p\u003E\u003C\/td\u003E\u003Ctd\u003E\u003Cp\u003E74.1GB\u003C\/p\u003E\u003C\/td\u003E\u003C\/tr\u003E\u003Ctr\u003E\u003Ctd width=\u0022455\u0022\u003E\u003Cp\u003ECr\u00e9dit-bail mobilier et immobilier, location de brevets. Cabinets juridiques et offices publics ou minist\u00e9riels. Cabinets d\u0027expertise comptable et d\u0027analyse financi\u00e8re. Cabinets d\u0027\u00e9tudes informatiques et d\u0027organisation.\u003C\/p\u003E\u003C\/td\u003E\u003Ctd\u003E\u003Cp\u003E74.1GD\u003C\/p\u003E\u003C\/td\u003E\u003C\/tr\u003E\u003Ctr\u003E\u003Ctd width=\u0022455\u0022\u003E\u003Cp\u003EHoldings. Cabinets de conseils en information et documentation. Cabinets d\u0027\u00e9tudes \u00e9conomiques, sociologiques, marchandisage.\u003C\/p\u003E\u003C\/td\u003E\u003Ctd\u003E\u003Cp\u003E74.1JB\u003C\/p\u003E\u003C\/td\u003E\u003C\/tr\u003E\u003Ctr\u003E\u003Ctd width=\u0022455\u0022\u003E\u003Cp\u003ECabinets d\u0027\u00e9tudes techniques : agences de brevets, expertises, expertises en \u0153uvre d\u0027art. - Expert charg\u00e9 d\u0027\u00e9valuer les dommages (ou les risques).\u003C\/p\u003E\u003C\/td\u003E\u003Ctd\u003E\u003Cp\u003E74.2CB\u003C\/p\u003E\u003C\/td\u003E\u003C\/tr\u003E\u003Ctr\u003E\u003Ctd width=\u0022455\u0022\u003E\u003Cp\u003EBureaux d\u0027essais, bancs d\u0027essais.\u003C\/p\u003E\u003C\/td\u003E\u003Ctd\u003E\u003Cp\u003E74.3BA\u003C\/p\u003E\u003C\/td\u003E\u003C\/tr\u003E\u003Ctr\u003E\u003Ctd width=\u0022455\u0022\u003E\u003Cp\u003EActivit\u00e9s g\u00e9n\u00e9rales de s\u00e9curit\u00e9 sociale.\u003C\/p\u003E\u003C\/td\u003E\u003Ctd\u003E\u003Cp\u003E75.3AA\u003C\/p\u003E\u003C\/td\u003E\u003C\/tr\u003E\u003Ctr\u003E\u003Ctd width=\u0022455\u0022\u003E\u003Cp\u003ECouverture du risque ch\u00f4mage et autres garanties du maintien de revenu, y compris la caisse nationale de surcompensation du b\u00e2timent et des travaux publics et caisses de retraite ne relevant pas de la l\u00e9gislation sur les assurances.\u003C\/p\u003E\u003C\/td\u003E\u003Ctd\u003E\u003Cp\u003E75.3BB\u003C\/p\u003E\u003C\/td\u003E\u003C\/tr\u003E\u003Ctr\u003E\u003Ctd width=\u0022455\u0022\u003E\u003Cp\u003EActivit\u00e9s des organisations consulaires et patronales, des organisations professionnelles, des syndicats de salari\u00e9s, des organisations religieuses, des organisations politiques et des organisations associatives non class\u00e9es ailleurs.\u0026nbsp;\u0026nbsp;\u0026nbsp;\u0026nbsp;\u0026nbsp;\u0026nbsp;\u0026nbsp;\u0026nbsp;\u0026nbsp;\u0026nbsp;\u003C\/p\u003E\u003C\/td\u003E\u003Ctd\u003E\u003Cp\u003E91.3EJ\u003C\/p\u003E\u003C\/td\u003E\u003C\/tr\u003E\u003Ctr\u003E\u003Ctd width=\u0022604\u0022 colspan=\u00223\u0022\u003E\u003Cp align=\u0022center\u0022\u003E\u003Cstrong\u003EGROUPE 2\u003C\/strong\u003E\u003C\/p\u003E\u003C\/td\u003E\u003C\/tr\u003E\u003Ctr\u003E\u003Ctd width=\u0022455\u0022\u003E\u003Cp\u003ECollectivit\u00e9s territoriales (communales, d\u00e9partementales, r\u00e9gionales\u2026) y compris leurs \u00e9tablissements publics hors secteur m\u00e9dico-social.\u003C\/p\u003E\u003C\/td\u003E\u003Ctd\u003E\u003Cp\u003E75.1BA\u003C\/p\u003E\u003C\/td\u003E\u003Ctd rowspan=\u00222\u0022\u003E\u003Cp align=\u0022center\u0022\u003E1,33\u003C\/p\u003E\u003C\/td\u003E\u003C\/tr\u003E\u003Ctr\u003E\u003Ctd width=\u0022455\u0022\u003E\u003Cp\u003EPersonnel enseignant et administratif des \u00e9tablissements d\u0027enseignement priv\u00e9s et des organismes de formation.\u003C\/p\u003E\u003C\/td\u003E\u003Ctd\u003E\u003Cp\u003E80.1ZA\u003C\/p\u003E\u003C\/td\u003E\u003C\/tr\u003E\u003Ctr\u003E\u003Ctd width=\u0022604\u0022 colspan=\u00223\u0022\u003E\u003Cp align=\u0022center\u0022\u003E\u003Cstrong\u003EGROUPE 3\u003C\/strong\u003E\u003C\/p\u003E\u003C\/td\u003E\u003C\/tr\u003E\u003Ctr\u003E\u003Ctd width=\u0022455\u0022\u003E\u003Cp\u003EAdministration centrale et services ext\u00e9rieurs des administrations (y compris leurs \u00e9tablissements publics). Repr\u00e9sentation diplomatique \u00e9trang\u00e8re en France. Organismes internationaux. - Service des arm\u00e9es alli\u00e9es.\u003C\/p\u003E\u003C\/td\u003E\u003Ctd\u003E\u003Cp\u003E75.1AG\u003C\/p\u003E\u003C\/td\u003E\u003Ctd\u003E\u003Cp align=\u0022center\u0022\u003ETaux net national\u0026nbsp;\u003C\/p\u003E\u003C\/td\u003E\u003C\/tr\u003E\u003Ctr\u003E\u003Ctd width=\u0022604\u0022 colspan=\u00223\u0022\u003E\u003Cp align=\u0022center\u0022\u003E\u003Cstrong\u003EGroupe 4\u003C\/strong\u003E\u003C\/p\u003E\u003C\/td\u003E\u003C\/tr\u003E\u003Ctr\u003E\u003Ctd width=\u0022455\u0022\u003E\u003Cp\u003EEl\u00e8ves et \u00e9tudiants des \u00e9tablissements publics ou priv\u00e9s d\u0027enseignement secondaire, sup\u00e9rieur ou sp\u00e9cialis\u00e9 vis\u00e9s \u00e0 l\u0027article L. 412-8 (2\u00b0, b) du\u0026nbsp;\u003Ca href=\u0022https:\/\/www.legifrance.gouv.fr\/affichCode.do?cidTexte=LEGITEXT000006073189\u0026amp;dateTexte=\u0026amp;categorieLien=cid\u0022\u003Ecode de la s\u00e9curit\u00e9 sociale\u003C\/a\u003E.\u003C\/p\u003E\u003C\/td\u003E\u003Ctd\u003E\u003Cp\u003E80.2AA\u003C\/p\u003E\u003C\/td\u003E\u003Ctd\u003E\u003Cp align=\u0022center\u0022\u003ETaux net national\u0026nbsp;\u003C\/p\u003E\u003C\/td\u003E\u003C\/tr\u003E\u003Ctr\u003E\u003Ctd width=\u0022604\u0022 colspan=\u00223\u0022\u003E\u003Cp align=\u0022center\u0022\u003E\u003Cstrong\u003EGroupe 5\u003C\/strong\u003E\u003C\/p\u003E\u003C\/td\u003E\u003C\/tr\u003E\u003Ctr\u003E\u003Ctd width=\u0022455\u0022\u003E\u003Cp\u003EEl\u00e8ves et \u00e9tudiants des \u00e9tablissements publics et priv\u00e9s d\u0027enseignement technique vis\u00e9s \u00e0 l\u0027article L. 412-8 (2\u00b0, a) du\u0026nbsp;\u003Ca href=\u0022https:\/\/www.legifrance.gouv.fr\/affichCode.do?cidTexte=LEGITEXT000006073189\u0026amp;dateTexte=\u0026amp;categorieLien=cid\u0022\u003Ecode de la s\u00e9curit\u00e9 sociale\u003C\/a\u003E.\u003C\/p\u003E\u003C\/td\u003E\u003Ctd\u003E\u003Cp\u003E80.2CA\u003C\/p\u003E\u003C\/td\u003E\u003Ctd\u003E\u003Cp align=\u0022center\u0022\u003ETaux net national\u0026nbsp;\u003C\/p\u003E\u003C\/td\u003E\u003C\/tr\u003E\u003Ctr\u003E\u003Ctd width=\u0022604\u0022 colspan=\u00223\u0022\u003E\u003Cp align=\u0022center\u0022\u003E\u003Cstrong\u003EGroupe 6\u003C\/strong\u003E\u003C\/p\u003E\u003C\/td\u003E\u003C\/tr\u003E\u003Ctr\u003E\u003Ctd width=\u0022455\u0022\u003E\u003Cp\u003EPersonnes d\u00e9tenues, quelle que soit l\u0027activit\u00e9 exerc\u00e9e.\u003C\/p\u003E\u003C\/td\u003E\u003Ctd\u003E\u003Cp\u003E75.2EE\u003C\/p\u003E\u003C\/td\u003E\u003Ctd\u003E\u003Cp align=\u0022center\u0022\u003ETaux net national\u003C\/p\u003E\u003C\/td\u003E\u003C\/tr\u003E\u003Ctr\u003E\u003Ctd width=\u0022604\u0022 colspan=\u00223\u0022\u003E\u003Cp align=\u0022center\u0022\u003E\u003Cstrong\u003EGroupe 7\u003C\/strong\u003E\u003C\/p\u003E\u003C\/td\u003E\u003C\/tr\u003E\u003Ctr\u003E\u003Ctd width=\u0022455\u0022\u003E\u003Cp\u003EEtablissements de recherche scientifique et technique.\u003C\/p\u003E\u003C\/td\u003E\u003Ctd\u003E\u003Cp\u003E73.1ZE\u003C\/p\u003E\u003C\/td\u003E\u003Ctd\u003E\u003Cp align=\u0022center\u0022\u003ETaux net national\u0026nbsp;\u003C\/p\u003E\u003C\/td\u003E\u003C\/tr\u003E\u003C\/tbody\u003E\u003C\/table\u003E\u003Cp\u003E\u0026nbsp;\u003C\/p\u003E                                            \u003Cp\u003E\u003Cbr \/\u003E\u003Cstrong\u003ESource :\u003C\/strong\u003E\u003Cstrong\u003E\u00a0\u003C\/strong\u003E\u003C\/p\u003E\u003Cul\u003E\u003Cli\u003E\u003Ca href=\u0022https:\/\/www.legifrance.gouv.fr\/loda\/id\/JORFTEXT000051533180\/2025-07-25\/\u0022 target=\u0022_blank\u0022\u003EArr\u00eat\u00e9 du 29 avril 2025 relatif \u00e0 la tarification des risques d\u0027accidents du travail et de maladies professionnelles pour l\u0027ann\u00e9e 2025\u003C\/a\u003E\u003C\/li\u003E\u003C\/ul\u003E\u003C\/div\u003E","annee":"2025","theme":" Indices, taux, bar\u00e8mes sociaux","activites":["Prestataire de services","Professionnels du droit et du chiffre"],"image":"https:\/\/www.weblex.fr\/sites\/default\/files\/chiffres_clef\/Shutterstock_tarificationatmp_6.jpg","created":"2025-07-25","modified":"2025-07-25"},{"url":"\/chiffres-cles\/tarif-des-cotisations-d-accidents-du-travail-et-maladies-professionnelles-autre-cas-annee-2025","id":26633,"title":"Tarif des cotisations d\u0027accidents du travail et maladies professionnelles - autre cas - ann\u00e9e 2025","content":"\u003Cdiv\u003E                                              \u003Ch2\u003EI - Cas g\u00e9n\u00e9ral\u003C\/h2\u003E\u003Ctable border=\u00221\u0022 cellspacing=\u00220\u0022 cellpadding=\u00220\u0022 width=\u0022611\u0022\u003E\u003Ctbody\u003E\u003Ctr\u003E\u003Ctd colspan=\u00223\u0022\u003E\u003Cp align=\u0022center\u0022\u003E\u003Cstrong\u003ECAT\u00c9GORIES DE TRAVAILLEURS VIS\u00c9S PAR L\u0027ARTICLE D. 242-6-22 DU\u0026nbsp;\u003C\/strong\u003E\u003Ca href=\u0022https:\/\/www.legifrance.gouv.fr\/affichCode.do?cidTexte=LEGITEXT000006073189\u0026amp;dateTexte=\u0026amp;categorieLien=cid\u0022 target=\u0022_blank\u0022\u003E\u003Cstrong\u003ECODE DE LA S\u00c9CURIT\u00c9 SOCIALE\u003C\/strong\u003E\u003C\/a\u003E\u003C\/p\u003E\u003C\/td\u003E\u003C\/tr\u003E\u003Ctr\u003E\u003Ctd\u003E\u003Cp align=\u0022center\u0022\u003E\u003Cstrong\u003ENature du risque\u003C\/strong\u003E\u003C\/p\u003E\u003C\/td\u003E\u003Ctd\u003E\u003Cp\u003E\u003Cstrong\u003ECode risque\u003C\/strong\u003E\u003C\/p\u003E\u003C\/td\u003E\u003Ctd\u003E\u003Cp align=\u0022center\u0022\u003E\u003Cstrong\u003ETaux net de cotisation \u00ab\u0026nbsp;AT\u0026nbsp;\u00bb\u003C\/strong\u003E\u003C\/p\u003E\u003Cp align=\u0022center\u0022\u003E\u003Cstrong\u003E(en %)\u003C\/strong\u003E\u003C\/p\u003E\u003C\/td\u003E\u003C\/tr\u003E\u003Ctr\u003E\u003Ctd\u003E\u003Cp\u003EVoyageurs de commerce, repr\u00e9sentants, placier non exclusif (au service de plusieurs employeurs).\u003C\/p\u003E\u003C\/td\u003E\u003Ctd\u003E\u003Cp\u003E51.1TG\u003C\/p\u003E\u003C\/td\u003E\u003Ctd\u003E\u003Cp align=\u0022center\u0022\u003E1,07\u003C\/p\u003E\u003C\/td\u003E\u003C\/tr\u003E\u003Ctr\u003E\u003Ctd\u003E\u003Cp\u003ESalari\u00e9s d\u0027un employeur ne comportant pas d\u0027\u00e9tablissement en France, vis\u00e9 \u00e0 l\u0027\u0026nbsp;\u003Ca href=\u0022https:\/\/www.legifrance.gouv.fr\/affichCodeArticle.do?cidTexte=LEGITEXT000006073189\u0026amp;idArticle=LEGIARTI000006742385\u0026amp;dateTexte=\u0026amp;categorieLien=cid\u0022\u003Earticle L. 243-1-2 du code de la s\u00e9curit\u00e9 sociale\u003C\/a\u003E.\u003C\/p\u003E\u003C\/td\u003E\u003Ctd\u003E\u003Cp\u003E51.1TH\u003C\/p\u003E\u003C\/td\u003E\u003Ctd\u003E\u003Cp align=\u0022center\u0022\u003E0,76\u003C\/p\u003E\u003C\/td\u003E\u003C\/tr\u003E\u003Ctr\u003E\u003Ctd\u003E\u003Cp\u003EVendeurs colporteurs de presse, porteurs de presse vis\u00e9s \u00e0 l\u0027\u0026nbsp;\u003Ca href=\u0022https:\/\/www.legifrance.gouv.fr\/affichCodeArticle.do?cidTexte=LEGITEXT000006073189\u0026amp;idArticle=LEGIARTI000006742880\u0026amp;dateTexte=\u0026amp;categorieLien=cid\u0022\u003Earticle L. 311-3 (18\u00b0) du code de la s\u00e9curit\u00e9 sociale\u003C\/a\u003E.\u003C\/p\u003E\u003C\/td\u003E\u003Ctd\u003E\u003Cp\u003E52.4RB\u003C\/p\u003E\u003C\/td\u003E\u003Ctd\u003E\u003Cp align=\u0022center\u0022\u003E1,90\u003C\/p\u003E\u003C\/td\u003E\u003C\/tr\u003E\u003Ctr\u003E\u003Ctd\u003E\u003Cp\u003EVendeurs \u00e0 domicile vis\u00e9s \u00e0 l\u0027\u0026nbsp;\u003Ca href=\u0022https:\/\/www.legifrance.gouv.fr\/affichCodeArticle.do?cidTexte=LEGITEXT000006073189\u0026amp;idArticle=LEGIARTI000006742880\u0026amp;dateTexte=\u0026amp;categorieLien=cid\u0022\u003Earticle L. 311-3 (20\u00b0) du code de la s\u00e9curit\u00e9 sociale\u003C\/a\u003E.\u003C\/p\u003E\u003C\/td\u003E\u003Ctd\u003E\u003Cp\u003E52.6GA\u003C\/p\u003E\u003C\/td\u003E\u003Ctd\u003E\u003Cp align=\u0022center\u0022\u003E1,98\u003C\/p\u003E\u003C\/td\u003E\u003C\/tr\u003E\u003Ctr\u003E\u003Ctd\u003E\u003Cp\u003EAccueil \u00e0 domicile, \u00e0 titre on\u00e9reux, d\u0027enfants pour le compte de particuliers et de personnes \u00e2g\u00e9es ou d\u0027adultes handicap\u00e9s sur leur propre demande ou pour le compte de particuliers.\u003C\/p\u003E\u003C\/td\u003E\u003Ctd\u003E\u003Cp\u003E85.3CA\u003C\/p\u003E\u003C\/td\u003E\u003Ctd\u003E\u003Cp align=\u0022center\u0022\u003E0,84\u003C\/p\u003E\u003C\/td\u003E\u003C\/tr\u003E\u003Ctr\u003E\u003Ctd\u003E\u003Cp\u003EToute personne occup\u00e9e exclusivement au service de particuliers : employ\u00e9s de maison (femme de m\u00e9nage, ling\u00e8re, couturi\u00e8re, blanchisseuse \u00e0 la journ\u00e9e, chauffeur de ma\u00eetre).\u003C\/p\u003E\u003C\/td\u003E\u003Ctd\u003E\u003Cp\u003E95.0ZA\u003C\/p\u003E\u003C\/td\u003E\u003Ctd\u003E\u003Cp align=\u0022center\u0022\u003E2,18\u003C\/p\u003E\u003C\/td\u003E\u003C\/tr\u003E\u003Ctr\u003E\u003Ctd\u003E\u003Cp\u003EToute personne effectuant des travaux de courte dur\u00e9e pour le compte de particuliers : travaux de bureaux ou assimilables.\u003C\/p\u003E\u003C\/td\u003E\u003Ctd\u003E\u003Cp\u003E95.0ZC\u003C\/p\u003E\u003C\/td\u003E\u003Ctd\u003E\u003Cp align=\u0022center\u0022\u003E0,70\u003C\/p\u003E\u003C\/td\u003E\u003C\/tr\u003E\u003Ctr\u003E\u003Ctd\u003E\u003Cp\u003EToute personne effectuant des travaux de courte dur\u00e9e pour le compte de particuliers : travaux industriels (relevant g\u00e9n\u00e9ralement de professions du b\u00e2timent).\u003C\/p\u003E\u003C\/td\u003E\u003Ctd\u003E\u003Cp\u003E95.0ZD\u003C\/p\u003E\u003C\/td\u003E\u003Ctd\u003E\u003Cp align=\u0022center\u0022\u003E7,31\u003C\/p\u003E\u003C\/td\u003E\u003C\/tr\u003E\u003C\/tbody\u003E\u003C\/table\u003E\u003Cp\u003E\u0026nbsp;\u003C\/p\u003E\u003Ctable border=\u00221\u0022 cellspacing=\u00220\u0022 cellpadding=\u00220\u0022 width=\u0022611\u0022\u003E\u003Ctbody\u003E\u003Ctr\u003E\u003Ctd width=\u0022611\u0022 colspan=\u00223\u0022\u003E\u003Cp align=\u0022center\u0022\u003E\u003Cstrong\u003ECAT\u00c9GORIES DE PERSONNELS VIS\u00c9S \u00c0 L\u0027ARTICLE 1 (III) DE L\u0027ARR\u00caT\u00c9 DU 17 OCTOBRE 1995 RELATIF \u00c0 LA TARIFICATION DES RISQUES D\u0027ACCIDENTS DU TRAVAIL ET DE MALADIES PROFESSIONNELLES\u003C\/strong\u003E\u003C\/p\u003E\u003C\/td\u003E\u003C\/tr\u003E\u003Ctr\u003E\u003Ctd width=\u0022425\u0022\u003E\u003Cp align=\u0022center\u0022\u003E\u003Cstrong\u003ENature du risque\u003C\/strong\u003E\u003C\/p\u003E\u003C\/td\u003E\u003Ctd width=\u002285\u0022\u003E\u003Cp\u003E\u003Cstrong\u003ECode risque\u003C\/strong\u003E\u003C\/p\u003E\u003C\/td\u003E\u003Ctd width=\u0022101\u0022\u003E\u003Cp align=\u0022center\u0022\u003E\u003Cstrong\u003ETaux net de cotisation \u00ab\u0026nbsp;AT\u0026nbsp;\u00bb\u003C\/strong\u003E\u003C\/p\u003E\u003Cp align=\u0022center\u0022\u003E\u003Cstrong\u003E(en %)\u003C\/strong\u003E\u003C\/p\u003E\u003C\/td\u003E\u003C\/tr\u003E\u003Ctr\u003E\u003Ctd width=\u0022425\u0022\u003E\u003Cp\u003ESalari\u00e9s occupant des fonctions supports de nature administrative dans des entreprises relevant de branches professionnelles autres que celle du BTP.\u003C\/p\u003E\u003C\/td\u003E\u003Ctd width=\u002285\u0022\u003E\u003Cp\u003E00.00B\u003C\/p\u003E\u003C\/td\u003E\u003Ctd width=\u0022101\u0022\u003E\u003Cp align=\u0022center\u0022\u003E0,70\u003C\/p\u003E\u003C\/td\u003E\u003C\/tr\u003E\u003C\/tbody\u003E\u003C\/table\u003E\u003Ch2\u003EII - Cas\u0026nbsp;des travailleurs des d\u00e9partements du Haut-Rhin, du Bas-Rhin et de la Moselle\u003C\/h2\u003E\u003Ctable border=\u00221\u0022 cellspacing=\u00220\u0022 cellpadding=\u00220\u0022\u003E\u003Ctbody\u003E\u003Ctr\u003E\u003Ctd width=\u0022604\u0022 colspan=\u00223\u0022\u003E\u003Cp align=\u0022center\u0022\u003E\u003Cstrong\u003ECAT\u00c9GORIES DE TRAVAILLEURS VIS\u00c9S PAR L\u0027ARR\u00caT\u00c9 PR\u00c9VU \u00c0 L\u0027ARTICLE D. 242-6-22 DU\u0026nbsp;\u003C\/strong\u003E\u003Ca href=\u0022https:\/\/www.legifrance.gouv.fr\/affichCode.do?cidTexte=LEGITEXT000006073189\u0026amp;dateTexte=\u0026amp;categorieLien=cid\u0022 target=\u0022_blank\u0022\u003E\u003Cstrong\u003ECODE DE LA S\u00c9CURIT\u00c9 SOCIALE\u003C\/strong\u003E\u003C\/a\u003E\u003Cstrong\u003E \u003C\/strong\u003E\u003Cstrong\u003Eet \u00e0 l\u2019article 1\u003C\/strong\u003E\u003Cstrong\u003E (III) DE L\u0027ARR\u00caT\u00c9 DU 17 OCTOBRE 1995 RELATIF \u00c0 LA TARIFICATION DES RISQUES D\u0027ACCIDENTS DU TRAVAIL ET DE MALADIES PROFESSIONNELLES\u003C\/strong\u003E\u003C\/p\u003E\u003C\/td\u003E\u003C\/tr\u003E\u003Ctr\u003E\u003Ctd width=\u0022453\u0022\u003E\u003Cp align=\u0022center\u0022\u003E\u003Cstrong\u003ENature du risque\u003C\/strong\u003E\u003C\/p\u003E\u003C\/td\u003E\u003Ctd width=\u002266\u0022\u003E\u003Cp\u003E\u003Cstrong\u003ECode risque\u003C\/strong\u003E\u003C\/p\u003E\u003C\/td\u003E\u003Ctd width=\u002285\u0022\u003E\u003Cp align=\u0022center\u0022\u003E\u003Cstrong\u003ETaux net de cotisation \u00ab\u0026nbsp;AT\u0026nbsp;\u00bb\u003C\/strong\u003E\u003C\/p\u003E\u003Cp align=\u0022center\u0022\u003E\u003Cstrong\u003E(en %)\u003C\/strong\u003E\u003C\/p\u003E\u003C\/td\u003E\u003C\/tr\u003E\u003Ctr\u003E\u003Ctd width=\u0022604\u0022 colspan=\u00223\u0022\u003E\u003Cp align=\u0022center\u0022\u003E\u003Cstrong\u003EGroupe 1\u003C\/strong\u003E\u003C\/p\u003E\u003C\/td\u003E\u003C\/tr\u003E\u003Ctr\u003E\u003Ctd width=\u0022453\u0022\u003E\u003Cp\u003ESalari\u00e9s occupant des fonctions supports de nature administrative dans des entreprises relevant de branches professionnelles autres que celles du b\u00e2timent et des travaux publics (personnel des si\u00e8ges sociaux et bureaux en application de l\u2019article 4 de l\u2019arr\u00eat\u00e9 du 15 f\u00e9vrier 2017.\u003C\/p\u003E\u003C\/td\u003E\u003Ctd width=\u002266\u0022\u003E\u003Cp\u003E00.00B\u003C\/p\u003E\u003C\/td\u003E\u003Ctd width=\u002285\u0022\u003E\u003Cp align=\u0022center\u0022\u003E0,71\u003C\/p\u003E\u003C\/td\u003E\u003C\/tr\u003E\u003Ctr\u003E\u003Ctd width=\u0022604\u0022 colspan=\u00223\u0022\u003E\u003Cp align=\u0022center\u0022\u003E\u003Cstrong\u003EGroupe 2\u003C\/strong\u003E\u003C\/p\u003E\u003C\/td\u003E\u003C\/tr\u003E\u003Ctr\u003E\u003Ctd width=\u0022453\u0022\u003E\u003Cp\u003EToute personne effectuant des travaux de courte dur\u00e9e pour le compte de particuliers : travaux industriels (relevant g\u00e9n\u00e9ralement de professions du b\u00e2timent).\u003C\/p\u003E\u003C\/td\u003E\u003Ctd width=\u002266\u0022\u003E\u003Cp\u003E95.0ZD\u003C\/p\u003E\u003C\/td\u003E\u003Ctd width=\u002285\u0022\u003E\u003Cp align=\u0022center\u0022\u003E8,93\u003C\/p\u003E\u003C\/td\u003E\u003C\/tr\u003E\u003Ctr\u003E\u003Ctd width=\u0022604\u0022 colspan=\u00223\u0022\u003E\u003Cp align=\u0022center\u0022\u003E\u003Cstrong\u003EGroupe 3\u003C\/strong\u003E\u003C\/p\u003E\u003C\/td\u003E\u003C\/tr\u003E\u003Ctr\u003E\u003Ctd width=\u0022453\u0022\u003E\u003Cp\u003EVoyageurs de commerce, repr\u00e9sentants, placier non exclusif (au service de plusieurs employeurs).\u003C\/p\u003E\u003C\/td\u003E\u003Ctd width=\u002266\u0022\u003E\u003Cp\u003E51.1TG\u003C\/p\u003E\u003C\/td\u003E\u003Ctd width=\u002285\u0022\u003E\u003Cp align=\u0022center\u0022\u003ETaux net national\u0026nbsp;\u003C\/p\u003E\u003C\/td\u003E\u003C\/tr\u003E\u003Ctr\u003E\u003Ctd width=\u0022604\u0022 colspan=\u00223\u0022\u003E\u003Cp align=\u0022center\u0022\u003E\u003Cstrong\u003EGroupe 4\u003C\/strong\u003E\u003C\/p\u003E\u003C\/td\u003E\u003C\/tr\u003E\u003Ctr\u003E\u003Ctd width=\u0022453\u0022\u003E\u003Cp\u003ESalari\u00e9s d\u0027un employeur ne comportant pas d\u0027\u00e9tablissement en France, vis\u00e9 \u00e0 l\u0027\u0026nbsp;\u003Ca href=\u0022https:\/\/www.legifrance.gouv.fr\/affichCodeArticle.do?cidTexte=LEGITEXT000006073189\u0026amp;idArticle=LEGIARTI000006742385\u0026amp;dateTexte=\u0026amp;categorieLien=cid\u0022\u003Earticle L. 243-1-2 du code de la s\u00e9curit\u00e9 sociale\u003C\/a\u003E.\u003C\/p\u003E\u003C\/td\u003E\u003Ctd width=\u002266\u0022\u003E\u003Cp\u003E51.1TH\u003C\/p\u003E\u003C\/td\u003E\u003Ctd width=\u002285\u0022\u003E\u003Cp align=\u0022center\u0022\u003ETaux net national\u0026nbsp;\u003C\/p\u003E\u003C\/td\u003E\u003C\/tr\u003E\u003Ctr\u003E\u003Ctd width=\u0022604\u0022 colspan=\u00223\u0022\u003E\u003Cp align=\u0022center\u0022\u003E\u003Cstrong\u003EGroupe 5\u003C\/strong\u003E\u003C\/p\u003E\u003C\/td\u003E\u003C\/tr\u003E\u003Ctr\u003E\u003Ctd width=\u0022453\u0022\u003E\u003Cp\u003EVendeurs colporteurs de presse, porteurs de presse vis\u00e9s \u00e0 l\u0027\u0026nbsp;\u003Ca href=\u0022https:\/\/www.legifrance.gouv.fr\/affichCodeArticle.do?cidTexte=LEGITEXT000006073189\u0026amp;idArticle=LEGIARTI000006742880\u0026amp;dateTexte=\u0026amp;categorieLien=cid\u0022\u003Earticle L. 311-3 (18\u00b0) du code de la s\u00e9curit\u00e9 sociale\u003C\/a\u003E.\u003C\/p\u003E\u003C\/td\u003E\u003Ctd width=\u002266\u0022\u003E\u003Cp\u003E52.4RB\u003C\/p\u003E\u003C\/td\u003E\u003Ctd width=\u002285\u0022\u003E\u003Cp align=\u0022center\u0022\u003ETaux net national\u0026nbsp;\u003C\/p\u003E\u003C\/td\u003E\u003C\/tr\u003E\u003Ctr\u003E\u003Ctd width=\u0022604\u0022 colspan=\u00223\u0022\u003E\u003Cp align=\u0022center\u0022\u003E\u003Cstrong\u003EGroupe 6\u003C\/strong\u003E\u003C\/p\u003E\u003C\/td\u003E\u003C\/tr\u003E\u003Ctr\u003E\u003Ctd width=\u0022453\u0022\u003E\u003Cp\u003EVendeurs \u00e0 domicile vis\u00e9s \u00e0 l\u0027\u0026nbsp;\u003Ca href=\u0022https:\/\/www.legifrance.gouv.fr\/affichCodeArticle.do?cidTexte=LEGITEXT000006073189\u0026amp;idArticle=LEGIARTI000006742880\u0026amp;dateTexte=\u0026amp;categorieLien=cid\u0022\u003Earticle L. 311-3 (20\u00b0) du code de la s\u00e9curit\u00e9 sociale\u003C\/a\u003E.\u003C\/p\u003E\u003C\/td\u003E\u003Ctd width=\u002266\u0022\u003E\u003Cp\u003E52.6GA\u003C\/p\u003E\u003C\/td\u003E\u003Ctd width=\u002285\u0022\u003E\u003Cp align=\u0022center\u0022\u003ETaux net national\u0026nbsp;\u003C\/p\u003E\u003C\/td\u003E\u003C\/tr\u003E\u003Ctr\u003E\u003Ctd width=\u0022604\u0022 colspan=\u00223\u0022\u003E\u003Cp align=\u0022center\u0022\u003E\u003Cstrong\u003EGroupe 7\u003C\/strong\u003E\u003C\/p\u003E\u003C\/td\u003E\u003C\/tr\u003E\u003Ctr\u003E\u003Ctd width=\u0022453\u0022\u003E\u003Cp\u003EAccueil \u00e0 domicile, \u00e0 titre on\u00e9reux, d\u0027enfants pour le compte de particuliers et de personnes \u00e2g\u00e9es ou d\u0027adultes handicap\u00e9s sur leur propre demande ou pour le compte de particuliers.\u003C\/p\u003E\u003C\/td\u003E\u003Ctd width=\u002266\u0022\u003E\u003Cp\u003E85.3CA\u003C\/p\u003E\u003C\/td\u003E\u003Ctd width=\u002285\u0022\u003E\u003Cp align=\u0022center\u0022\u003ETaux net national\u0026nbsp;\u003C\/p\u003E\u003C\/td\u003E\u003C\/tr\u003E\u003Ctr\u003E\u003Ctd width=\u0022604\u0022 colspan=\u00223\u0022\u003E\u003Cp align=\u0022center\u0022\u003E\u003Cstrong\u003EGroupe 8\u003C\/strong\u003E\u003C\/p\u003E\u003C\/td\u003E\u003C\/tr\u003E\u003Ctr\u003E\u003Ctd width=\u0022453\u0022\u003E\u003Cp\u003EToute personne occup\u00e9e exclusivement au service de particuliers : employ\u00e9s de maison (femme de m\u00e9nage, ling\u00e8re, couturi\u00e8re, blanchisseuse \u00e0 la journ\u00e9e, chauffeur de ma\u00eetre).\u003C\/p\u003E\u003C\/td\u003E\u003Ctd width=\u002266\u0022\u003E\u003Cp\u003E95.0ZA\u003C\/p\u003E\u003C\/td\u003E\u003Ctd width=\u002285\u0022\u003E\u003Cp align=\u0022center\u0022\u003ETaux net national\u0026nbsp;\u003C\/p\u003E\u003C\/td\u003E\u003C\/tr\u003E\u003Ctr\u003E\u003Ctd width=\u0022604\u0022 colspan=\u00223\u0022\u003E\u003Cp align=\u0022center\u0022\u003E\u003Cstrong\u003EGroupe 9\u003C\/strong\u003E\u003C\/p\u003E\u003C\/td\u003E\u003C\/tr\u003E\u003Ctr\u003E\u003Ctd width=\u0022453\u0022\u003E\u003Cp\u003EToute personne effectuant des travaux de courte dur\u00e9e pour le compte de particuliers : travaux de bureaux ou assimilables.\u003C\/p\u003E\u003C\/td\u003E\u003Ctd width=\u002266\u0022\u003E\u003Cp\u003E95.0ZC\u003C\/p\u003E\u003C\/td\u003E\u003Ctd width=\u002285\u0022\u003E\u003Cp align=\u0022center\u0022\u003ETaux net national\u0026nbsp;\u003C\/p\u003E\u003C\/td\u003E\u003C\/tr\u003E\u003C\/tbody\u003E\u003C\/table\u003E\u003Cp\u003E\u0026nbsp;\u003C\/p\u003E                                            \u003Cp\u003E\u003Cbr \/\u003E\u003Cstrong\u003ESource :\u003C\/strong\u003E\u003Cstrong\u003E\u00a0\u003C\/strong\u003E\u003C\/p\u003E\u003Cul\u003E\u003Cli\u003E\u003Ca href=\u0022https:\/\/www.legifrance.gouv.fr\/loda\/id\/JORFTEXT000051533180\/2025-07-25\/\u0022 target=\u0022_blank\u0022\u003EArr\u00eat\u00e9 du 29 avril 2025 relatif \u00e0 la tarification des risques d\u0027accidents du travail et de maladies professionnelles pour l\u0027ann\u00e9e 2025\u003C\/a\u003E\u003C\/li\u003E\u003C\/ul\u003E\u003C\/div\u003E","annee":"2025","theme":" Indices, taux, bar\u00e8mes sociaux","activites":["Tout secteur"],"image":"https:\/\/www.weblex.fr\/sites\/default\/files\/chiffres_clef\/Shutterstock_tarificationatmp_8.jpg","created":"2025-07-25","modified":"2025-07-25"},{"url":"\/chiffres-cles\/couts-moyens-incapacite-temporaire-et-incapacite-permanente-annee-2025","id":26616,"title":"Co\u00fbts moyens incapacit\u00e9 temporaire et incapacit\u00e9 permanente - Ann\u00e9e 2025","content":"\u003Cdiv\u003E                                              \u003Cp\u003E\u0026nbsp;\u003C\/p\u003E\u003Ctable border=\u00221\u0022 cellpadding=\u00220\u0022 cellspacing=\u00220\u0022\u003E\u003Ctbody\u003E\u003Ctr\u003E\u003Ctd rowspan=\u00223\u0022 width=\u0022207\u0022\u003E\u003Cp\u003E\u003Cstrong\u003ECOMIT\u00c9 TECHNIQUE NATIONAL\u003C\/strong\u003E\u003C\/p\u003E\u003C\/td\u003E\u003Ctd colspan=\u002210\u0022 width=\u0022813\u0022\u003E\u003Cp\u003E\u003Cstrong\u003ECO\u00dbTS MOYENS (EN EUROS)\u003C\/strong\u003E\u003C\/p\u003E\u003C\/td\u003E\u003C\/tr\u003E\u003Ctr\u003E\u003Ctd colspan=\u00226\u0022 width=\u0022474\u0022\u003E\u003Cp\u003E\u003Cstrong\u003ECat\u00e9gories d\u2019incapacit\u00e9 temporaire\u0026nbsp;(IT)\u003C\/strong\u003E\u003C\/p\u003E\u003C\/td\u003E\u003Ctd colspan=\u00224\u0022 width=\u0022339\u0022\u003E\u003Cp\u003E\u003Cstrong\u003ECat\u00e9gories d\u0027incapacit\u00e9 permanente (IP)\u003C\/strong\u003E\u003C\/p\u003E\u003C\/td\u003E\u003C\/tr\u003E\u003Ctr\u003E\u003Ctd width=\u002276\u0022\u003E\u003Cp\u003E\u003Cstrong\u003ESans arr\u00eat de travail ou arr\u00eats de travail de moins de 4\u0026nbsp;jours\u003C\/strong\u003E\u003C\/p\u003E\u003C\/td\u003E\u003Ctd width=\u002266\u0022\u003E\u003Cp\u003E\u003Cstrong\u003EArr\u00eats de travail de 4\u0026nbsp;jours \u00e0 15\u0026nbsp;jours\u003C\/strong\u003E\u003C\/p\u003E\u003C\/td\u003E\u003Ctd width=\u002276\u0022\u003E\u003Cp\u003E\u003Cstrong\u003EArr\u00eats de travail de 16\u0026nbsp;jours \u00e0 45\u0026nbsp;jours\u003C\/strong\u003E\u003C\/p\u003E\u003C\/td\u003E\u003Ctd width=\u002285\u0022\u003E\u003Cp\u003E\u003Cstrong\u003EArr\u00eats de travail de 46\u0026nbsp;jours \u00e0 90\u0026nbsp;jours\u003C\/strong\u003E\u003C\/p\u003E\u003C\/td\u003E\u003Ctd width=\u002285\u0022\u003E\u003Cp\u003E\u003Cstrong\u003EArr\u00eats de travail de 91\u0026nbsp;jours \u00e0 150\u0026nbsp;jours\u003C\/strong\u003E\u003C\/p\u003E\u003C\/td\u003E\u003Ctd width=\u002287\u0022\u003E\u003Cp\u003E\u003Cstrong\u003EArr\u00eats de travail de plus de 150\u0026nbsp;jours\u003C\/strong\u003E\u003C\/p\u003E\u003C\/td\u003E\u003Ctd width=\u002274\u0022\u003E\u003Cp\u003E\u003Cstrong\u003EIP de moins de 10 %\u003C\/strong\u003E\u003C\/p\u003E\u003C\/td\u003E\u003Ctd width=\u002288\u0022\u003E\u003Cp\u003E\u003Cstrong\u003EIP de 10\u0026nbsp;% \u00e0 19\u0026nbsp;%\u003C\/strong\u003E\u003C\/p\u003E\u003C\/td\u003E\u003Ctd width=\u002283\u0022\u003E\u003Cp\u003E\u003Cstrong\u003EIP de 20\u0026nbsp;% \u00e0 39\u0026nbsp;%\u003C\/strong\u003E\u003C\/p\u003E\u003C\/td\u003E\u003Ctd width=\u002295\u0022\u003E\u003Cp\u003E\u003Cstrong\u003EIP de 40\u0026nbsp;% et plus ou d\u00e9c\u00e8s de la victime\u003C\/strong\u003E\u003C\/p\u003E\u003C\/td\u003E\u003C\/tr\u003E\u003Ctr\u003E\u003Ctd width=\u0022207\u0022\u003E\u003Cp\u003EIndustries de la m\u00e9tallurgie CTN\u0026nbsp;A\u003C\/p\u003E\u003C\/td\u003E\u003Ctd width=\u002276\u0022\u003E\u003Cp\u003E297\u003C\/p\u003E\u003C\/td\u003E\u003Ctd width=\u002266\u0022\u003E\u003Cp\u003E528\u003C\/p\u003E\u003C\/td\u003E\u003Ctd width=\u002276\u0022\u003E\u003Cp\u003E1 805\u003C\/p\u003E\u003C\/td\u003E\u003Ctd width=\u002285\u0022\u003E\u003Cp\u003E4 917\u003C\/p\u003E\u003C\/td\u003E\u003Ctd width=\u002285\u0022\u003E\u003Cp\u003E9 294\u003C\/p\u003E\u003C\/td\u003E\u003Ctd width=\u002287\u0022\u003E\u003Cp\u003E41132\u003C\/p\u003E\u003C\/td\u003E\u003Ctd width=\u002274\u0022\u003E\u003Cp\u003E2 268\u003C\/p\u003E\u003C\/td\u003E\u003Ctd width=\u002288\u0022\u003E\u003Cp\u003E67 954\u003C\/p\u003E\u003C\/td\u003E\u003Ctd width=\u002283\u0022\u003E\u003Cp\u003E135 675\u003C\/p\u003E\u003C\/td\u003E\u003Ctd width=\u002295\u0022\u003E\u003Cp\u003E673 299\u003C\/p\u003E\u003C\/td\u003E\u003C\/tr\u003E\u003Ctr\u003E\u003Ctd rowspan=\u00223\u0022 width=\u0022207\u0022\u003E\u003Cp\u003EIndustries du b\u00e2timent et des travaux publics CTN B (hors d\u00e9partements du Haut-Rhin, du Bas-Rhin et de la Moselle)\u003C\/p\u003E\u003C\/td\u003E\u003Ctd rowspan=\u00224\u0022 width=\u002276\u0022\u003E\u003Cp\u003E318\u003C\/p\u003E\u003C\/td\u003E\u003Ctd rowspan=\u00224\u0022 width=\u002266\u0022\u003E\u003Cp\u003E501\u003C\/p\u003E\u003C\/td\u003E\u003Ctd rowspan=\u00224\u0022 width=\u002276\u0022\u003E\u003Cp\u003E\u0026nbsp;\u0026nbsp;\u0026nbsp;\u0026nbsp;\u003Cbr\u003E1 662\u003C\/p\u003E\u003C\/td\u003E\u003Ctd rowspan=\u00224\u0022 width=\u002285\u0022\u003E\u003Cp\u003E4 469\u003C\/p\u003E\u003C\/td\u003E\u003Ctd rowspan=\u00224\u0022 width=\u002285\u0022\u003E\u003Cp\u003E8 655\u003C\/p\u003E\u003C\/td\u003E\u003Ctd rowspan=\u00224\u0022 width=\u002287\u0022\u003E\u003Cp\u003E40 330\u003C\/p\u003E\u003C\/td\u003E\u003Ctd rowspan=\u00224\u0022 width=\u002274\u0022\u003E\u003Cp\u003E2 341\u003C\/p\u003E\u003C\/td\u003E\u003Ctd colspan=\u00223\u0022 width=\u0022265\u0022\u003E\u003Cp\u003E157 204 (Gros \u0153uvre) (1)\u003C\/p\u003E\u003C\/td\u003E\u003C\/tr\u003E\u003Ctr\u003E\u003Ctd colspan=\u00223\u0022 width=\u0022265\u0022\u003E\u003Cp\u003E167 690 (Second \u0153uvre) (2)\u003C\/p\u003E\u003C\/td\u003E\u003C\/tr\u003E\u003Ctr\u003E\u003Ctd colspan=\u00223\u0022 width=\u0022265\u0022\u003E\u003Cp\u003E\u0026nbsp;175 860 (Fonctions support) (3)\u003C\/p\u003E\u003C\/td\u003E\u003C\/tr\u003E\u003Ctr\u003E\u003Ctd width=\u0022207\u0022\u003E\u003Cp\u003EIndustries du b\u00e2timent et des travaux publics CTN B (pour les d\u00e9partements du Haut-Rhin, du Bas-Rhin et de la Moselle)\u003C\/p\u003E\u003C\/td\u003E\u003Ctd width=\u002288\u0022\u003E\u003Cp\u003E64 763\u003C\/p\u003E\u003C\/td\u003E\u003Ctd width=\u002283\u0022\u003E\u003Cp\u003E123 254\u003C\/p\u003E\u003C\/td\u003E\u003Ctd width=\u002295\u0022\u003E\u003Cp\u003E544 786\u003C\/p\u003E\u003C\/td\u003E\u003C\/tr\u003E\u003Ctr\u003E\u003Ctd width=\u0022207\u0022\u003E\u003Cp\u003EIndustries des transports, de l\u0027eau, du gaz, de l\u0027\u00e9lectricit\u00e9, du livre et de la communication CTN\u0026nbsp;C\u003C\/p\u003E\u003C\/td\u003E\u003Ctd width=\u002276\u0022\u003E\u003Cp\u003E238\u003C\/p\u003E\u003C\/td\u003E\u003Ctd width=\u002266\u0022\u003E\u003Cp\u003E553\u003C\/p\u003E\u003C\/td\u003E\u003Ctd width=\u002276\u0022\u003E\u003Cp\u003E1 773\u003C\/p\u003E\u003C\/td\u003E\u003Ctd width=\u002285\u0022\u003E\u003Cp\u003E4 664\u003C\/p\u003E\u003C\/td\u003E\u003Ctd width=\u002285\u0022\u003E\u003Cp\u003E8 786\u003C\/p\u003E\u003C\/td\u003E\u003Ctd width=\u002287\u0022\u003E\u003Cp\u003E36 606\u003C\/p\u003E\u003C\/td\u003E\u003Ctd width=\u002274\u0022\u003E\u003Cp\u003E2 282\u003C\/p\u003E\u003C\/td\u003E\u003Ctd width=\u002288\u0022\u003E\u003Cp\u003E65 871\u003C\/p\u003E\u003C\/td\u003E\u003Ctd width=\u002283\u0022\u003E\u003Cp\u003E127 944\u003C\/p\u003E\u003C\/td\u003E\u003Ctd width=\u002295\u0022\u003E\u003Cp\u003E564 554\u003C\/p\u003E\u003C\/td\u003E\u003C\/tr\u003E\u003Ctr\u003E\u003Ctd width=\u0022207\u0022\u003E\u003Cp\u003EServices, commerces et industries de l\u0027alimentation CTN D\u003C\/p\u003E\u003C\/td\u003E\u003Ctd width=\u002276\u0022\u003E\u003Cp\u003E312\u003C\/p\u003E\u003C\/td\u003E\u003Ctd width=\u002266\u0022\u003E\u003Cp\u003E445\u003C\/p\u003E\u003C\/td\u003E\u003Ctd width=\u002276\u0022\u003E\u003Cp\u003E1 440\u003C\/p\u003E\u003C\/td\u003E\u003Ctd width=\u002285\u0022\u003E\u003Cp\u003E3 919\u003C\/p\u003E\u003C\/td\u003E\u003Ctd width=\u002285\u0022\u003E\u003Cp\u003E7 352\u003C\/p\u003E\u003C\/td\u003E\u003Ctd width=\u002287\u0022\u003E\u003Cp\u003E33 001\u003C\/p\u003E\u003C\/td\u003E\u003Ctd width=\u002274\u0022\u003E\u003Cp\u003E2 281\u003C\/p\u003E\u003C\/td\u003E\u003Ctd width=\u002288\u0022\u003E\u003Cp\u003E56 825\u003C\/p\u003E\u003C\/td\u003E\u003Ctd width=\u002283\u0022\u003E\u003Cp\u003E110 046\u003C\/p\u003E\u003C\/td\u003E\u003Ctd width=\u002295\u0022\u003E\u003Cp\u003E477 408\u003C\/p\u003E\u003C\/td\u003E\u003C\/tr\u003E\u003Ctr\u003E\u003Ctd width=\u0022207\u0022\u003E\u003Cp\u003EIndustries de la chimie, du caoutchouc et de la plasturgie CTN\u0026nbsp;E\u003C\/p\u003E\u003C\/td\u003E\u003Ctd width=\u002276\u0022\u003E\u003Cp\u003E379\u003C\/p\u003E\u003C\/td\u003E\u003Ctd width=\u002266\u0022\u003E\u003Cp\u003E554\u003C\/p\u003E\u003C\/td\u003E\u003Ctd width=\u002276\u0022\u003E\u003Cp\u003E1 835\u003C\/p\u003E\u003C\/td\u003E\u003Ctd width=\u002285\u0022\u003E\u003Cp\u003E5 000\u003C\/p\u003E\u003C\/td\u003E\u003Ctd width=\u002285\u0022\u003E\u003Cp\u003E9 282\u003C\/p\u003E\u003C\/td\u003E\u003Ctd width=\u002287\u0022\u003E\u003Cp\u003E41 262\u003C\/p\u003E\u003C\/td\u003E\u003Ctd width=\u002274\u0022\u003E\u003Cp\u003E2 300\u003C\/p\u003E\u003C\/td\u003E\u003Ctd width=\u002288\u0022\u003E\u003Cp\u003E67 899\u003C\/p\u003E\u003C\/td\u003E\u003Ctd width=\u002283\u0022\u003E\u003Cp\u003E136 228\u003C\/p\u003E\u003C\/td\u003E\u003Ctd width=\u002295\u0022\u003E\u003Cp\u003E727 769\u003C\/p\u003E\u003C\/td\u003E\u003C\/tr\u003E\u003Ctr\u003E\u003Ctd width=\u0022207\u0022\u003E\u003Cp\u003EIndustries du bois, de l\u2019ameublement, du papier-carton, du textile, de v\u00eatement, des cuirs et des peaux et des pierres \u00e0 feu CTN\u0026nbsp;F\u003C\/p\u003E\u003C\/td\u003E\u003Ctd width=\u002276\u0022\u003E\u003Cp\u003E368\u003C\/p\u003E\u003C\/td\u003E\u003Ctd width=\u002266\u0022\u003E\u003Cp\u003E514\u003C\/p\u003E\u003C\/td\u003E\u003Ctd width=\u002276\u0022\u003E\u003Cp\u003E1 692\u003C\/p\u003E\u003C\/td\u003E\u003Ctd width=\u002285\u0022\u003E\u003Cp\u003E4 392\u003C\/p\u003E\u003C\/td\u003E\u003Ctd width=\u002285\u0022\u003E\u003Cp\u003E8 463\u003C\/p\u003E\u003C\/td\u003E\u003Ctd width=\u002287\u0022\u003E\u003Cp\u003E37 344\u003C\/p\u003E\u003C\/td\u003E\u003Ctd width=\u002274\u0022\u003E\u003Cp\u003E2 316\u003C\/p\u003E\u003C\/td\u003E\u003Ctd width=\u002288\u0022\u003E\u003Cp\u003E62 785\u003C\/p\u003E\u003C\/td\u003E\u003Ctd width=\u002283\u0022\u003E\u003Cp\u003E121 510\u003C\/p\u003E\u003C\/td\u003E\u003Ctd width=\u002295\u0022\u003E\u003Cp\u003E628 717\u003C\/p\u003E\u003C\/td\u003E\u003C\/tr\u003E\u003Ctr\u003E\u003Ctd width=\u0022207\u0022\u003E\u003Cp\u003ECommerces non alimentaires CTN\u0026nbsp;G\u003C\/p\u003E\u003C\/td\u003E\u003Ctd width=\u002276\u0022\u003E\u003Cp\u003E240\u003C\/p\u003E\u003C\/td\u003E\u003Ctd width=\u002266\u0022\u003E\u003Cp\u003E487\u003C\/p\u003E\u003C\/td\u003E\u003Ctd width=\u002276\u0022\u003E\u003Cp\u003E1 585\u003C\/p\u003E\u003C\/td\u003E\u003Ctd width=\u002285\u0022\u003E\u003Cp\u003E4 282\u003C\/p\u003E\u003C\/td\u003E\u003Ctd width=\u002285\u0022\u003E\u003Cp\u003E7 925\u003C\/p\u003E\u003C\/td\u003E\u003Ctd width=\u002287\u0022\u003E\u003Cp\u003E35 573\u003C\/p\u003E\u003C\/td\u003E\u003Ctd width=\u002274\u0022\u003E\u003Cp\u003E2 270\u003C\/p\u003E\u003C\/td\u003E\u003Ctd width=\u002288\u0022\u003E\u003Cp\u003E62 455\u003C\/p\u003E\u003C\/td\u003E\u003Ctd width=\u002283\u0022\u003E\u003Cp\u003E127 000\u003C\/p\u003E\u003C\/td\u003E\u003Ctd width=\u002295\u0022\u003E\u003Cp\u003E581 230\u003C\/p\u003E\u003C\/td\u003E\u003C\/tr\u003E\u003Ctr\u003E\u003Ctd width=\u0022207\u0022\u003E\u003Cp\u003EActivit\u00e9s de services 1 CTN\u0026nbsp;H\u003C\/p\u003E\u003C\/td\u003E\u003Ctd width=\u002276\u0022\u003E\u003Cp\u003E176\u003C\/p\u003E\u003C\/td\u003E\u003Ctd width=\u002266\u0022\u003E\u003Cp\u003E416\u003C\/p\u003E\u003C\/td\u003E\u003Ctd width=\u002276\u0022\u003E\u003Cp\u003E1 347\u003C\/p\u003E\u003C\/td\u003E\u003Ctd width=\u002285\u0022\u003E\u003Cp\u003E3 867\u003C\/p\u003E\u003C\/td\u003E\u003Ctd width=\u002285\u0022\u003E\u003Cp\u003E7 338\u003C\/p\u003E\u003C\/td\u003E\u003Ctd width=\u002287\u0022\u003E\u003Cp\u003E37 617\u003C\/p\u003E\u003C\/td\u003E\u003Ctd width=\u002274\u0022\u003E\u003Cp\u003E2 195\u003C\/p\u003E\u003C\/td\u003E\u003Ctd width=\u002288\u0022\u003E\u003Cp\u003E64 186\u003C\/p\u003E\u003C\/td\u003E\u003Ctd width=\u002283\u0022\u003E\u003Cp\u003E138 075\u003C\/p\u003E\u003C\/td\u003E\u003Ctd width=\u002295\u0022\u003E\u003Cp\u003E583 126\u003C\/p\u003E\u003C\/td\u003E\u003C\/tr\u003E\u003Ctr\u003E\u003Ctd width=\u0022207\u0022\u003E\u003Cp\u003EActivit\u00e9s de services 2 CTN I\u003C\/p\u003E\u003C\/td\u003E\u003Ctd width=\u002276\u0022\u003E\u003Cp\u003E169\u003C\/p\u003E\u003C\/td\u003E\u003Ctd width=\u002266\u0022\u003E\u003Cp\u003E384\u003C\/p\u003E\u003C\/td\u003E\u003Ctd width=\u002276\u0022\u003E\u003Cp\u003E1 290\u003C\/p\u003E\u003C\/td\u003E\u003Ctd width=\u002285\u0022\u003E\u003Cp\u003E3 531\u003C\/p\u003E\u003C\/td\u003E\u003Ctd width=\u002285\u0022\u003E\u003Cp\u003E6 661\u003C\/p\u003E\u003C\/td\u003E\u003Ctd width=\u002287\u0022\u003E\u003Cp\u003E30 435\u003C\/p\u003E\u003C\/td\u003E\u003Ctd width=\u002274\u0022\u003E\u003Cp\u003E2 251\u003C\/p\u003E\u003C\/td\u003E\u003Ctd width=\u002288\u0022\u003E\u003Cp\u003E53 441\u003C\/p\u003E\u003C\/td\u003E\u003Ctd width=\u002283\u0022\u003E\u003Cp\u003E106 331\u003C\/p\u003E\u003C\/td\u003E\u003Ctd width=\u002295\u0022\u003E\u003Cp\u003E450 658\u003C\/p\u003E\u003C\/td\u003E\u003C\/tr\u003E\u003Ctr\u003E\u003Ctd colspan=\u002211\u0022\u003E\u003Cp\u003E(1) Les activit\u00e9s de gros \u0153uvre mentionn\u00e9es \u00e0 l\u0027article D. 242-6-6 du Code de la S\u00e9curit\u00e9 sociale sont identifi\u00e9es sous les codes risque suivants : 45.1AA, 45.2BE, 45.2CD, 45.2ED, 45.2PB.\u003C\/p\u003E\u003Cp\u003E(2) Les activit\u00e9s de second \u0153uvre mentionn\u00e9es \u00e0 l\u0027article D. 242-6-6 du Code de la S\u00e9curit\u00e9 sociale sont identifi\u00e9es sous les codes risque suivants : 45.2JD, 45.3AF, 45.4CE, 45.4LE, 45.5ZB, 74.2CE.\u003C\/p\u003E\u003Cp\u003E(3) Les activit\u00e9s de fonction support mentionn\u00e9es \u00e0 l\u0027article D. 242-6-6 du Code de la S\u00e9curit\u00e9 sociale sont identifi\u00e9es sous le code risque suivant : 00.00A\u003C\/p\u003E\u003C\/td\u003E\u003C\/tr\u003E\u003C\/tbody\u003E\u003C\/table\u003E\u003Cp\u003E\u0026nbsp;\u003C\/p\u003E                                            \u003Cp\u003E\u003Cbr \/\u003E\u003Cstrong\u003ESource :\u003C\/strong\u003E\u003Cstrong\u003E\u00a0\u003C\/strong\u003E\u003C\/p\u003E\u003Cul\u003E\u003Cli\u003E\u003Ca href=\u0022https:\/\/www.legifrance.gouv.fr\/loda\/id\/JORFTEXT000051533180\/\u0022 target=\u0022_blank\u0022\u003EArr\u00eat\u00e9 du 29 avril 2025 relatif \u00e0 la tarification des risques d\u0027accidents du travail et de maladies professionnelles pour l\u0027ann\u00e9e 2025\u003C\/a\u003E\u003C\/li\u003E\u003C\/ul\u003E\u003C\/div\u003E","annee":"2025","theme":" Indices, taux, bar\u00e8mes sociaux","activites":["Tout secteur"],"image":"https:\/\/www.weblex.fr\/sites\/default\/files\/chiffres_clef\/Shutterstock_incapacitetemporaire.jpg","created":"2025-07-25","modified":"2025-07-25"},{"url":"\/chiffres-cles\/bareme-indemnites-forfaitaires-grands-deplacements-pour-la-metropole-annee-2025","id":26620,"title":"Bar\u00e8me indemnit\u00e9s forfaitaires grands d\u00e9placements pour la M\u00e9tropole - Ann\u00e9e 2025 ","content":"\u003Cdiv\u003E                                              \u003Cp\u003ELe grand d\u00e9placement se caract\u00e9rise par l\u2019impossibilit\u00e9, pour le salari\u00e9 en situation de d\u00e9placement, de regagner son domicile chaque jour. L\u2019indemnit\u00e9 de grand d\u00e9placement permet de couvrir les frais suppl\u00e9mentaires, engag\u00e9s ses soins, dans cette situation.\u003C\/p\u003E\u003Ctable border=\u00221\u0022 cellpadding=\u00220\u0022 width=\u0022618\u0022\u003E\u003Ctbody\u003E\u003Ctr\u003E\u003Ctd width=\u0022152\u0022\u003E\u003Cp align=\u0022center\u0022\u003E\u003Cstrong\u003EAnn\u00e9e 2025\u003C\/strong\u003E\u003C\/p\u003E\u003C\/td\u003E\u003Ctd width=\u0022140\u0022\u003E\u003Cp align=\u0022center\u0022\u003E\u003Cstrong\u003EPour les 3 premiers mois\u003C\/strong\u003E\u003C\/p\u003E\u003Cp align=\u0022center\u0022\u003E\u0026nbsp;\u003C\/p\u003E\u003C\/td\u003E\u003Ctd width=\u0022159\u0022\u003E\u003Cp align=\u0022center\u0022\u003E\u003Cstrong\u003EDu 4e mois au 24e mois\u003C\/strong\u003E\u003C\/p\u003E\u003C\/td\u003E\u003Ctd width=\u0022158\u0022\u003E\u003Cp align=\u0022center\u0022\u003E\u003Cstrong\u003EDu 25e mois au 72e mois\u003C\/strong\u003E\u003C\/p\u003E\u003C\/td\u003E\u003C\/tr\u003E\u003Ctr\u003E\u003Ctd width=\u0022152\u0022\u003E\u003Cp align=\u0022center\u0022\u003ERepas\u003C\/p\u003E\u003Cp align=\u0022center\u0022\u003E\u0026nbsp;\u003C\/p\u003E\u003C\/td\u003E\u003Ctd width=\u0022140\u0022\u003E\u003Cp align=\u0022center\u0022\u003E21,10 \u20ac\u003C\/p\u003E\u003C\/td\u003E\u003Ctd width=\u0022159\u0022\u003E\u003Cp align=\u0022center\u0022\u003E17,90\u0026nbsp;\u20ac\u003C\/p\u003E\u003C\/td\u003E\u003Ctd width=\u0022158\u0022\u003E\u003Cp align=\u0022center\u0022\u003E14,80\u0026nbsp;\u20ac\u003C\/p\u003E\u003C\/td\u003E\u003C\/tr\u003E\u003Ctr\u003E\u003Ctd width=\u0022152\u0022\u003E\u003Cp\u003ENuit\u00e9e et petit-d\u00e9jeuner en r\u00e9gion parisienne (d\u00e9partements 75, 92, 93, 94)\u003C\/p\u003E\u003Cp\u003E\u0026nbsp;\u003C\/p\u003E\u003C\/td\u003E\u003Ctd width=\u0022140\u0022\u003E\u003Cp align=\u0022center\u0022\u003E\u0026nbsp; 75,60\u0026nbsp;\u20ac \/ jour\u003C\/p\u003E\u003C\/td\u003E\u003Ctd width=\u0022159\u0022\u003E\u003Cp align=\u0022center\u0022\u003E64,30 \u20ac \/ jour\u003C\/p\u003E\u003C\/td\u003E\u003Ctd width=\u0022158\u0022\u003E\u003Cp align=\u0022center\u0022\u003E52,90\u0026nbsp;\u20ac \/ jour\u003C\/p\u003E\u003C\/td\u003E\u003C\/tr\u003E\u003Ctr\u003E\u003Ctd width=\u0022152\u0022\u003E\u003Cp\u003ENuit\u00e9e et petit-d\u00e9jeuner dans les autres d\u00e9partements de la M\u00e9tropole\u003C\/p\u003E\u003Cp\u003E\u0026nbsp;\u003C\/p\u003E\u003C\/td\u003E\u003Ctd width=\u0022140\u0022\u003E\u003Cp align=\u0022center\u0022\u003E56,10\u0026nbsp;\u20ac \/ jour\u003C\/p\u003E\u003C\/td\u003E\u003Ctd width=\u0022159\u0022\u003E\u003Cp align=\u0022center\u0022\u003E\u0026nbsp;47,70\u20ac \/ jour\u003C\/p\u003E\u003C\/td\u003E\u003Ctd width=\u0022158\u0022\u003E\u003Cp align=\u0022center\u0022\u003E39,30\u0026nbsp;\u20ac \/ jour\u003C\/p\u003E\u003C\/td\u003E\u003C\/tr\u003E\u003C\/tbody\u003E\u003C\/table\u003E                                            \u003Cp\u003E\u003Cbr \/\u003E\u003Cstrong\u003ESource :\u003C\/strong\u003E\u003Cstrong\u003E\u00a0\u003C\/strong\u003E\u003C\/p\u003E\u003Cul\u003E\u003Cli\u003E\u003Ca href=\u0022https:\/\/www.urssaf.fr\u0022\u003Ewww.urssaf.fr\u003C\/a\u003E\u003C\/li\u003E\u003Cli\u003E\u003Ca href=\u0022https:\/\/www.legifrance.gouv.fr\/loda\/id\/LEGITEXT000005633729\/2024-11-28\u0022 target=\u0022_blank\u0022\u003EArticle 5 de l\u2019arr\u00eat\u00e9 du 20 d\u00e9cembre 2002 relatif aux frais professionnels d\u00e9ductibles pour le calcul des cotisations de s\u00e9curit\u00e9 sociale\u003C\/a\u003E\u003C\/li\u003E\u003Cli\u003E\u003Ca href=\u0022https:\/\/www.legifrance.gouv.fr\/jorf\/id\/JORFTEXT000046510894#:~:text=Arr%C3%AAtent%20%3A-,La%20valeur%20du%20coefficient%20pr%C3%A9vu%20au%20II%20de%20l\u0026apos;article,2022%20est%20fix%C3%A9e%20%C3%A0%204%20%25.\u0022 target=\u0022_blank\u0022\u003EArr\u00eat\u00e9 du 24 octobre 2022 fixant la valeur du coefficient pr\u00e9vu au II de l\u0027article 1er de la loi n\u00b0 2022-1157 du 16 ao\u00fbt 2022 de finances rectificative pour 2022 et modifiant l\u0027arr\u00eat\u00e9 du 20 d\u00e9cembre 2002 relatif aux frais professionnels d\u00e9ductibles pour le calcul des cotisations de s\u00e9curit\u00e9 sociale\u003C\/a\u003E\u003Cbr\u003E\u0026nbsp;\u003C\/li\u003E\u003C\/ul\u003E\u003C\/div\u003E","annee":"2025","theme":" Indices, taux, bar\u00e8mes sociaux","activites":["Tout secteur"],"image":"https:\/\/www.weblex.fr\/sites\/default\/files\/chiffres_clef\/Shutterstock_grandsdeplacementsOM_1.jpg","created":"2025-07-25","modified":"2025-07-25"},{"url":"\/chiffres-cles\/tarif-des-cotisations-d-accidents-du-travail-et-maladies-professionnelles-des-industries-du-batiment-et-des-travaux-publics-annee-2025","id":26623,"title":"Tarif des cotisations d\u0027accidents du travail et maladies professionnelles des industries du b\u00e2timent et des travaux publics - ann\u00e9e 2025","content":"\u003Cdiv\u003E                                              \u003Ch2\u003EI. Cas g\u00e9n\u00e9ral\u0026nbsp;\u003C\/h2\u003E\u003Ctable border=\u00221\u0022 cellspacing=\u00220\u0022 cellpadding=\u00220\u0022 width=\u0022649\u0022\u003E\u003Ctbody\u003E\u003Ctr\u003E\u003Ctd\u003E\u003Cp align=\u0022center\u0022\u003E\u003Cstrong\u003ENature du risque\u003C\/strong\u003E\u003C\/p\u003E\u003C\/td\u003E\u003Ctd width=\u002264\u0022\u003E\u003Cp\u003E\u003Cstrong\u003ECode risque\u003C\/strong\u003E\u003C\/p\u003E\u003C\/td\u003E\u003Ctd width=\u002298\u0022\u003E\u003Cp align=\u0022center\u0022\u003E\u003Cstrong\u003ETaux net de cotisation \u00ab\u0026nbsp;AT\u0026nbsp;\u00bb\u003C\/strong\u003E\u003C\/p\u003E\u003Cp align=\u0022center\u0022\u003E\u003Cstrong\u003E(en %)\u003C\/strong\u003E\u003C\/p\u003E\u003C\/td\u003E\u003C\/tr\u003E\u003Ctr\u003E\u003Ctd\u003E\u003Cp\u003ESalari\u00e9s occupant des fonctions supports de nature administrative dans des entreprises du BTP.\u003C\/p\u003E\u003C\/td\u003E\u003Ctd width=\u002264\u0022\u003E\u003Cp\u003E00.00A\u003C\/p\u003E\u003C\/td\u003E\u003Ctd width=\u002298\u0022\u003E\u003Cp align=\u0022center\u0022\u003E0,67\u003C\/p\u003E\u003C\/td\u003E\u003C\/tr\u003E\u003Ctr\u003E\u003Ctd\u003E\u003Cp\u003ETerrassements courants et travaux pr\u00e9paratoires sp\u00e9cialis\u00e9s (y compris travaux paysagers sauf horticulture).\u003C\/p\u003E\u003C\/td\u003E\u003Ctd width=\u002264\u0022\u003E\u003Cp\u003E45.1AA\u003C\/p\u003E\u003C\/td\u003E\u003Ctd width=\u002298\u0022\u003E\u003Cp align=\u0022center\u0022\u003E4,51\u003C\/p\u003E\u003C\/td\u003E\u003C\/tr\u003E\u003Ctr\u003E\u003Ctd\u003E\u003Cp\u003EAutres travaux de gros \u0153uvre. Entreprise g\u00e9n\u00e9rale du b\u00e2timent. Construction m\u00e9tallique : montage, levage. Fumisterie industrielle.\u003C\/p\u003E\u003C\/td\u003E\u003Ctd width=\u002264\u0022\u003E\u003Cp\u003E45.2BE\u003C\/p\u003E\u003C\/td\u003E\u003Ctd width=\u002298\u0022\u003E\u003Cp align=\u0022center\u0022\u003E7,31\u003C\/p\u003E\u003C\/td\u003E\u003C\/tr\u003E\u003Ctr\u003E\u003Ctd\u003E\u003Cp\u003EOuvrages d\u0027art, autres travaux d\u0027infrastructures sp\u00e9cialis\u00e9s (forages et sondages, fondations sp\u00e9ciales, travaux souterrains, de voies ferr\u00e9es, maritimes et fluviaux).\u003C\/p\u003E\u003C\/td\u003E\u003Ctd width=\u002264\u0022\u003E\u003Cp\u003E45.2CD\u003C\/p\u003E\u003C\/td\u003E\u003Ctd width=\u002298\u0022\u003E\u003Cp align=\u0022center\u0022\u003E4,37\u003C\/p\u003E\u003C\/td\u003E\u003C\/tr\u003E\u003Ctr\u003E\u003Ctd\u003E\u003Cp\u003EConstruction et entretien de r\u00e9seaux (\u00e9lectricit\u00e9, eaux, gaz, t\u00e9l\u00e9communications, etc\u2026) et autres r\u00e9seaux non class\u00e9s par ailleurs.\u003C\/p\u003E\u003C\/td\u003E\u003Ctd width=\u002264\u0022\u003E\u003Cp\u003E45.2ED\u003C\/p\u003E\u003C\/td\u003E\u003Ctd width=\u002298\u0022\u003E\u003Cp align=\u0022center\u0022\u003E4,78\u003C\/p\u003E\u003C\/td\u003E\u003C\/tr\u003E\u003Ctr\u003E\u003Ctd\u003E\u003Cp\u003ETravaux de couverture, de charpente en bois, d\u0027\u00e9tanch\u00e9it\u00e9.\u003C\/p\u003E\u003C\/td\u003E\u003Ctd width=\u002264\u0022\u003E\u003Cp\u003E45.2JD\u003C\/p\u003E\u003C\/td\u003E\u003Ctd width=\u002298\u0022\u003E\u003Cp align=\u0022center\u0022\u003E8,67\u003C\/p\u003E\u003C\/td\u003E\u003C\/tr\u003E\u003Ctr\u003E\u003Ctd\u003E\u003Cp\u003EConstruction et entretien de chauss\u00e9es (y compris sols sportifs et pavage). Fabrication de produits asphalt\u00e9s ou enrob\u00e9s (avec transport et mise en \u0153uvre).\u003C\/p\u003E\u003C\/td\u003E\u003Ctd width=\u002264\u0022\u003E\u003Cp\u003E45.2PB\u003C\/p\u003E\u003C\/td\u003E\u003Ctd width=\u002298\u0022\u003E\u003Cp align=\u0022center\u0022\u003E4,18\u003C\/p\u003E\u003C\/td\u003E\u003C\/tr\u003E\u003Ctr\u003E\u003Ctd\u003E\u003Cp\u003ETravaux de plomberie, de g\u00e9nie climatique, d\u0027\u00e9lectricit\u00e9, autres travaux d\u0027installation technique non class\u00e9s par ailleurs.\u003C\/p\u003E\u003C\/td\u003E\u003Ctd width=\u002264\u0022\u003E\u003Cp\u003E45.3AF\u003C\/p\u003E\u003C\/td\u003E\u003Ctd width=\u002298\u0022\u003E\u003Cp align=\u0022center\u0022\u003E3,79\u003C\/p\u003E\u003C\/td\u003E\u003C\/tr\u003E\u003Ctr\u003E\u003Ctd\u003E\u003Cp\u003ETravaux de menuiserie ext\u00e9rieure.\u003C\/p\u003E\u003C\/td\u003E\u003Ctd width=\u002264\u0022\u003E\u003Cp\u003E45.4CE\u003C\/p\u003E\u003C\/td\u003E\u003Ctd width=\u002298\u0022\u003E\u003Cp align=\u0022center\u0022\u003E5,72\u003C\/p\u003E\u003C\/td\u003E\u003C\/tr\u003E\u003Ctr\u003E\u003Ctd\u003E\u003Cp\u003ETravaux d\u0027isolation, travaux de finitions (travaux d\u0027am\u00e9nagements int\u00e9rieurs).\u003C\/p\u003E\u003C\/td\u003E\u003Ctd width=\u002264\u0022\u003E\u003Cp\u003E45.4LE\u003C\/p\u003E\u003C\/td\u003E\u003Ctd width=\u002298\u0022\u003E\u003Cp align=\u0022center\u0022\u003E6,24\u003C\/p\u003E\u003C\/td\u003E\u003C\/tr\u003E\u003Ctr\u003E\u003Ctd\u003E\u003Cp\u003EEntretien, r\u00e9paration, location et montage de mat\u00e9riel pour le b\u00e2timent et les travaux publics.\u003C\/p\u003E\u003C\/td\u003E\u003Ctd width=\u002264\u0022\u003E\u003Cp\u003E45.5ZB\u003C\/p\u003E\u003C\/td\u003E\u003Ctd width=\u002298\u0022\u003E\u003Cp align=\u0022center\u0022\u003E4,89\u003C\/p\u003E\u003C\/td\u003E\u003C\/tr\u003E\u003Ctr\u003E\u003Ctd\u003E\u003Cp\u003EConception de projets architecturaux y compris d\u00e9coration, ing\u00e9nierie du BTP (y compris topographie, m\u00e9tr\u00e9s, hygi\u00e8ne et s\u00e9curit\u00e9, etc\u2026).\u003C\/p\u003E\u003C\/td\u003E\u003Ctd width=\u002264\u0022\u003E\u003Cp\u003E74.2CE\u003C\/p\u003E\u003C\/td\u003E\u003Ctd width=\u002298\u0022\u003E\u003Cp align=\u0022center\u0022\u003E0,87\u003C\/p\u003E\u003C\/td\u003E\u003C\/tr\u003E\u003Ctr\u003E\u003Ctd\u003E\u003Cp\u003EAllocations compl\u00e9mentaires aux indemnit\u00e9s journali\u00e8res de s\u00e9curit\u00e9 sociale vers\u00e9es soit par des organismes de pr\u00e9voyance soit par des employeurs : activit\u00e9s de b\u00e2timent (gros \u0153uvre) et travaux publics (1).\u003C\/p\u003E\u003C\/td\u003E\u003Ctd width=\u002264\u0022\u003E\u003Cp\u003E75.3CA\u003C\/p\u003E\u003C\/td\u003E\u003Ctd width=\u002298\u0022\u003E\u003Cp\u003E5,97\u003C\/p\u003E\u003C\/td\u003E\u003C\/tr\u003E\u003Ctr\u003E\u003Ctd\u003E\u003Cp\u003EAllocations compl\u00e9mentaires aux indemnit\u00e9s journali\u00e8res de s\u00e9curit\u00e9 sociale vers\u00e9es soit par des organismes de pr\u00e9voyance soit par des employeurs : autres activit\u00e9s.\u003C\/p\u003E\u003C\/td\u003E\u003Ctd width=\u002264\u0022\u003E\u003Cp\u003E75.3CB\u003C\/p\u003E\u003C\/td\u003E\u003Ctd width=\u002298\u0022\u003E\u003Cp align=\u0022center\u0022\u003E3,73\u003C\/p\u003E\u003C\/td\u003E\u003C\/tr\u003E\u003Ctr\u003E\u003Ctd\u003E\u003Cp\u003ECaisses de cong\u00e9s pay\u00e9s du b\u00e2timent et des travaux publics (en ce qui concerne les indemnit\u00e9s vers\u00e9es par ces organismes).\u003C\/p\u003E\u003C\/td\u003E\u003Ctd width=\u002264\u0022\u003E\u003Cp\u003E91.1AA\u003C\/p\u003E\u003C\/td\u003E\u003Ctd width=\u002298\u0022\u003E\u003Cp align=\u0022center\u0022\u003E0,50\u003C\/p\u003E\u003C\/td\u003E\u003C\/tr\u003E\u003Ctr\u003E\u003Ctd colspan=\u00223\u0022\u003E\u003Cp\u003E(1) Les activit\u00e9s de b\u00e2timent gros \u0153uvre et de travaux publics sont identifi\u00e9es sous les num\u00e9ros de risques suivants : 45.1AA, 45.2BE, 45.2CD, 45.2ED, 45.2PB\u003C\/p\u003E\u003C\/td\u003E\u003C\/tr\u003E\u003C\/tbody\u003E\u003C\/table\u003E\u003Ch2\u003E\u003Cbr\u003E\u0026nbsp;II. Industries du b\u00e2timent et des travaux publics des d\u00e9partements du Haut-Rhin, du Bas-Rhin et de la Moselle\u0026nbsp;\u003C\/h2\u003E\u003Ctable border=\u00221\u0022 cellspacing=\u00220\u0022 cellpadding=\u00220\u0022 width=\u0022633\u0022\u003E\u003Ctbody\u003E\u003Ctr\u003E\u003Ctd width=\u0022480\u0022\u003E\u003Cp align=\u0022center\u0022\u003E\u003Cstrong\u003ENature du risque\u003C\/strong\u003E\u003C\/p\u003E\u003C\/td\u003E\u003Ctd width=\u002268\u0022 colspan=\u00222\u0022\u003E\u003Cp align=\u0022center\u0022\u003E\u003Cstrong\u003ECode risque\u003C\/strong\u003E\u003C\/p\u003E\u003C\/td\u003E\u003Ctd width=\u002285\u0022\u003E\u003Cp align=\u0022center\u0022\u003E\u003Cstrong\u003ETaux net de cotisation \u00ab\u0026nbsp;AT\u0026nbsp;\u00bb\u003C\/strong\u003E\u003C\/p\u003E\u003Cp align=\u0022center\u0022\u003E\u003Cstrong\u003E(en %)\u003C\/strong\u003E\u003C\/p\u003E\u003C\/td\u003E\u003C\/tr\u003E\u003Ctr\u003E\u003Ctd width=\u0022548\u0022 colspan=\u00223\u0022\u003E\u003Cp align=\u0022center\u0022\u003E\u003Cstrong\u003EGroupe 1\u003C\/strong\u003E\u003C\/p\u003E\u003C\/td\u003E\u003Ctd width=\u002285\u0022 rowspan=\u00223\u0022\u003E\u003Cp align=\u0022center\u0022\u003E0,71\u003C\/p\u003E\u003C\/td\u003E\u003C\/tr\u003E\u003Ctr\u003E\u003Ctd width=\u0022480\u0022\u003E\u003Cp\u003ESalari\u00e9s occupant des fonctions supports de nature administrative dans des entreprises du BTP\u003C\/p\u003E\u003C\/td\u003E\u003Ctd width=\u002268\u0022 colspan=\u00222\u0022\u003E\u003Cp\u003E00.00A\u003C\/p\u003E\u003C\/td\u003E\u003C\/tr\u003E\u003Ctr\u003E\u003Ctd width=\u0022480\u0022\u003E\u003Cp\u003EConception de projets architecturaux y compris d\u00e9coration, ing\u00e9nierie du BTP (y compris topographie, m\u00e9tr\u00e9s, hygi\u00e8ne et s\u00e9curit\u00e9, etc.).\u003C\/p\u003E\u003C\/td\u003E\u003Ctd width=\u002268\u0022 colspan=\u00222\u0022\u003E\u003Cp\u003E74.2CE\u003C\/p\u003E\u003C\/td\u003E\u003C\/tr\u003E\u003Ctr\u003E\u003Ctd width=\u0022548\u0022 colspan=\u00223\u0022\u003E\u003Cp align=\u0022center\u0022\u003E\u003Cstrong\u003EGroupe 2\u003C\/strong\u003E\u003C\/p\u003E\u003C\/td\u003E\u003Ctd width=\u002285\u0022 rowspan=\u00223\u0022\u003E\u003Cp align=\u0022center\u0022\u003E4,07\u003C\/p\u003E\u003C\/td\u003E\u003C\/tr\u003E\u003Ctr\u003E\u003Ctd width=\u0022480\u0022\u003E\u003Cp\u003ETravaux de plomberie, de g\u00e9nie climatique, d\u0027\u00e9lectricit\u00e9, autres travaux d\u0027installation technique non class\u00e9s par ailleurs.\u003C\/p\u003E\u003C\/td\u003E\u003Ctd width=\u002268\u0022 colspan=\u00222\u0022\u003E\u003Cp align=\u0022center\u0022\u003E45.3AF\u003C\/p\u003E\u003C\/td\u003E\u003C\/tr\u003E\u003Ctr\u003E\u003Ctd width=\u0022480\u0022\u003E\u003Cp\u003EEntretien, r\u00e9paration, location et montage de mat\u00e9riel pour le b\u00e2timent et les travaux publics.\u003C\/p\u003E\u003C\/td\u003E\u003Ctd width=\u002268\u0022 colspan=\u00222\u0022\u003E\u003Cp align=\u0022center\u0022\u003E45.5ZB\u003C\/p\u003E\u003C\/td\u003E\u003C\/tr\u003E\u003Ctr\u003E\u003Ctd width=\u0022548\u0022 colspan=\u00223\u0022\u003E\u003Cp align=\u0022center\u0022\u003E\u003Cstrong\u003EGroupe 3\u003C\/strong\u003E\u003C\/p\u003E\u003C\/td\u003E\u003Ctd width=\u002285\u0022 rowspan=\u00227\u0022\u003E\u003Cp align=\u0022center\u0022\u003E6,09\u003C\/p\u003E\u003C\/td\u003E\u003C\/tr\u003E\u003Ctr\u003E\u003Ctd width=\u0022480\u0022\u003E\u003Cp\u003ETerrassements courants et travaux pr\u00e9paratoires sp\u00e9cialis\u00e9s (y compris travaux paysagers sauf horticulture).\u003C\/p\u003E\u003C\/td\u003E\u003Ctd width=\u002268\u0022 colspan=\u00222\u0022\u003E\u003Cp align=\u0022center\u0022\u003E45.1AA\u003C\/p\u003E\u003C\/td\u003E\u003C\/tr\u003E\u003Ctr\u003E\u003Ctd width=\u0022480\u0022\u003E\u003Cp\u003EOuvrages d\u0027art, autres travaux d\u0027infrastructures sp\u00e9cialis\u00e9s (forages et sondages, fondations sp\u00e9ciales, travaux souterrains, de voies ferr\u00e9es, maritimes et fluviaux).\u003C\/p\u003E\u003C\/td\u003E\u003Ctd width=\u002268\u0022 colspan=\u00222\u0022\u003E\u003Cp\u003E45.2CD\u003C\/p\u003E\u003C\/td\u003E\u003C\/tr\u003E\u003Ctr\u003E\u003Ctd width=\u0022480\u0022\u003E\u003Cp\u003EConstruction et entretien de r\u00e9seaux (\u00e9lectricit\u00e9, eaux, gaz, t\u00e9l\u00e9communications, etc\u2026) et autres r\u00e9seaux non class\u00e9s par ailleurs.\u003C\/p\u003E\u003C\/td\u003E\u003Ctd width=\u002268\u0022 colspan=\u00222\u0022\u003E\u003Cp\u003E45.2ED\u003C\/p\u003E\u003C\/td\u003E\u003C\/tr\u003E\u003Ctr\u003E\u003Ctd width=\u0022480\u0022\u003E\u003Cp\u003EConstruction et entretien de chauss\u00e9es (y compris sols sportifs et pavage). Fabrication de produits asphalt\u00e9s ou enrob\u00e9s (avec transport et mise en \u0153uvre).\u003C\/p\u003E\u003C\/td\u003E\u003Ctd width=\u002268\u0022 colspan=\u00222\u0022\u003E\u003Cp\u003E45.2PB\u003C\/p\u003E\u003C\/td\u003E\u003C\/tr\u003E\u003Ctr\u003E\u003Ctd width=\u0022480\u0022\u003E\u003Cp\u003ETravaux de menuiserie ext\u00e9rieure.\u003C\/p\u003E\u003C\/td\u003E\u003Ctd width=\u002268\u0022 colspan=\u00222\u0022\u003E\u003Cp align=\u0022center\u0022\u003E45.4CE\u003C\/p\u003E\u003C\/td\u003E\u003C\/tr\u003E\u003Ctr\u003E\u003Ctd width=\u0022480\u0022\u003E\u003Cp\u003ETravaux d\u0027isolation, travaux de finitions (travaux d\u0027am\u00e9nagements int\u00e9rieurs).\u003C\/p\u003E\u003C\/td\u003E\u003Ctd width=\u002268\u0022 colspan=\u00222\u0022\u003E\u003Cp align=\u0022center\u0022\u003E45.4LE\u003C\/p\u003E\u003C\/td\u003E\u003C\/tr\u003E\u003Ctr\u003E\u003Ctd width=\u0022548\u0022 colspan=\u00223\u0022\u003E\u003Cp align=\u0022center\u0022\u003E\u003Cstrong\u003EGroupe 4\u003C\/strong\u003E\u003C\/p\u003E\u003C\/td\u003E\u003Ctd width=\u002285\u0022 rowspan=\u00223\u0022\u003E\u003Cp align=\u0022center\u0022\u003E8,93\u003C\/p\u003E\u003C\/td\u003E\u003C\/tr\u003E\u003Ctr\u003E\u003Ctd width=\u0022482\u0022 colspan=\u00222\u0022\u003E\u003Cp\u003EAutres travaux de gros \u0153uvre. Entreprise g\u00e9n\u00e9rale du b\u00e2timent. Construction m\u00e9tallique : montage, levage. Fumisterie industrielle.\u003C\/p\u003E\u003C\/td\u003E\u003Ctd width=\u002266\u0022\u003E\u003Cp align=\u0022center\u0022\u003E45.2BE\u003C\/p\u003E\u003C\/td\u003E\u003C\/tr\u003E\u003Ctr\u003E\u003Ctd width=\u0022482\u0022 colspan=\u00222\u0022\u003E\u003Cp\u003ETravaux de couverture, de charpente en bois, d\u0027\u00e9tanch\u00e9it\u00e9. 45.2JD\u003C\/p\u003E\u003C\/td\u003E\u003Ctd width=\u002266\u0022\u003E\u003Cp\u003E45.2JD\u003C\/p\u003E\u003C\/td\u003E\u003C\/tr\u003E\u003Ctr\u003E\u003Ctd width=\u0022548\u0022 colspan=\u00223\u0022\u003E\u003Cp align=\u0022center\u0022\u003E\u003Cstrong\u003EGroupe 5\u003C\/strong\u003E\u003C\/p\u003E\u003C\/td\u003E\u003Ctd width=\u002285\u0022 rowspan=\u00222\u0022\u003E\u003Cp align=\u0022center\u0022\u003ETaux net national\u0026nbsp;\u003C\/p\u003E\u003C\/td\u003E\u003C\/tr\u003E\u003Ctr\u003E\u003Ctd width=\u0022480\u0022\u003E\u003Cp\u003ECaisses de cong\u00e9s pay\u00e9s du b\u00e2timent et des travaux publics (en ce qui concerne les indemnit\u00e9s vers\u00e9es par ces organismes).\u003C\/p\u003E\u003C\/td\u003E\u003Ctd width=\u002268\u0022 colspan=\u00222\u0022\u003E\u003Cp align=\u0022center\u0022\u003E91.1AA\u003C\/p\u003E\u003C\/td\u003E\u003C\/tr\u003E\u003C\/tbody\u003E\u003C\/table\u003E                                            \u003Cp\u003E\u003Cbr \/\u003E\u003Cstrong\u003ESource :\u003C\/strong\u003E\u003Cstrong\u003E\u00a0\u003C\/strong\u003E\u003C\/p\u003E\u003Cul\u003E\u003Cli\u003E\u003Ca href=\u0022https:\/\/www.legifrance.gouv.fr\/loda\/id\/JORFTEXT000051533180\/2025-07-25\/\u0022 target=\u0022_blank\u0022\u003EArr\u00eat\u00e9 du 29 avril 2025 relatif \u00e0 la tarification des risques d\u0027accidents du travail et de maladies professionnelles pour l\u0027ann\u00e9e 2025\u003C\/a\u003E\u003C\/li\u003E\u003C\/ul\u003E\u003C\/div\u003E","annee":"2025","theme":" Indices, taux, bar\u00e8mes sociaux","activites":["Artisan","Promoteur \/ Lotisseur \/ Architecte \/ G\u00e9om\u00e8tre"],"image":"https:\/\/www.weblex.fr\/sites\/default\/files\/chiffres_clef\/Shutterstock_tarificationatmp_0.jpg","created":"2025-07-25","modified":"2025-07-25"},{"url":"\/chiffres-cles\/tarif-des-cotisations-d-accidents-du-travail-et-maladies-professionnelles-des-industries-du-bois-de-l-ameublement-du-papier-carton-du-textile-du-vetement-des-cuirs-et-de-peaux-et-des-pierres-et-terres-a-feu-annee-2025","id":26629,"title":"Tarif des cotisations d\u0027accidents du travail et maladies professionnelles des industries du bois, de l\u0027ameublement, du papier carton, du textile, du v\u00eatement, des cuirs et de peaux et des pierres et terres \u00e0 feu - ann\u00e9e 2025","content":"\u003Cdiv\u003E                                              \u003Ch2\u003EI- Cas g\u00e9n\u00e9ral\u0026nbsp;\u003C\/h2\u003E\u003Ctable border=\u00221\u0022 cellspacing=\u00220\u0022 cellpadding=\u00220\u0022\u003E\u003Ctbody\u003E\u003Ctr\u003E\u003Ctd width=\u0022466\u0022\u003E\u003Cp align=\u0022center\u0022\u003E\u003Cstrong\u003ENature du risque\u003C\/strong\u003E\u003C\/p\u003E\u003C\/td\u003E\u003Ctd\u003E\u003Cp\u003E\u003Cstrong\u003ECode risque\u003C\/strong\u003E\u003C\/p\u003E\u003C\/td\u003E\u003Ctd\u003E\u003Cp align=\u0022center\u0022\u003E\u003Cstrong\u003ETaux net de cotisation \u00ab\u0026nbsp;AT\u0026nbsp;\u00bb\u003C\/strong\u003E\u003C\/p\u003E\u003Cp align=\u0022center\u0022\u003E\u003Cstrong\u003E(en %)\u003C\/strong\u003E\u003C\/p\u003E\u003C\/td\u003E\u003C\/tr\u003E\u003Ctr\u003E\u003Ctd width=\u0022466\u0022\u003E\u003Cp\u003EExtraction et pr\u00e9paration de mat\u00e9riaux issus des carri\u00e8res de roches meubles ou massives.\u003C\/p\u003E\u003C\/td\u003E\u003Ctd\u003E\u003Cp\u003E14.1AH\u003C\/p\u003E\u003C\/td\u003E\u003Ctd\u003E\u003Cp align=\u0022center\u0022\u003E3,97\u003C\/p\u003E\u003C\/td\u003E\u003C\/tr\u003E\u003Ctr\u003E\u003Ctd width=\u0022466\u0022\u003E\u003Cp\u003EExtraction, broyage et pr\u00e9paration de produits min\u00e9raux divers.\u003C\/p\u003E\u003C\/td\u003E\u003Ctd\u003E\u003Cp\u003E14.5ZM\u003C\/p\u003E\u003C\/td\u003E\u003Ctd\u003E\u003Cp align=\u0022center\u0022\u003E2,90\u003C\/p\u003E\u003C\/td\u003E\u003C\/tr\u003E\u003Ctr\u003E\u003Ctd width=\u0022466\u0022\u003E\u003Cp\u003ETravail des fibres textiles naturelles (filature, moulinage et retordage, pr\u00e9paration de la laine, fibres dures, ouates\u2026).\u003C\/p\u003E\u003C\/td\u003E\u003Ctd\u003E\u003Cp\u003E17.1KB\u003C\/p\u003E\u003C\/td\u003E\u003Ctd\u003E\u003Cp align=\u0022center\u0022\u003E4,95\u003C\/p\u003E\u003C\/td\u003E\u003C\/tr\u003E\u003Ctr\u003E\u003Ctd width=\u0022466\u0022\u003E\u003Cp\u003EFabrication de tissu et articles textiles.\u003C\/p\u003E\u003C\/td\u003E\u003Ctd\u003E\u003Cp\u003E17.2AC\u003C\/p\u003E\u003C\/td\u003E\u003Ctd\u003E\u003Cp align=\u0022center\u0022\u003E3,96\u003C\/p\u003E\u003C\/td\u003E\u003C\/tr\u003E\u003Ctr\u003E\u003Ctd width=\u0022466\u0022\u003E\u003Cp\u003EFabrication de mailles, dentelles, rubans, produits \u00e9lastiques et d\u0027articles divers.\u003C\/p\u003E\u003C\/td\u003E\u003Ctd\u003E\u003Cp\u003E17.7AB\u003C\/p\u003E\u003C\/td\u003E\u003Ctd\u003E\u003Cp align=\u0022center\u0022\u003E2,92\u003C\/p\u003E\u003C\/td\u003E\u003C\/tr\u003E\u003Ctr\u003E\u003Ctd width=\u0022466\u0022\u003E\u003Cp\u003EConfection. Fabrication d\u0027accessoires de l\u0027habillement et d\u0027articles en toile.\u003C\/p\u003E\u003C\/td\u003E\u003Ctd\u003E\u003Cp\u003E18.2CB\u003C\/p\u003E\u003C\/td\u003E\u003Ctd\u003E\u003Cp align=\u0022center\u0022\u003E2,45\u003C\/p\u003E\u003C\/td\u003E\u003C\/tr\u003E\u003Ctr\u003E\u003Ctd width=\u0022466\u0022\u003E\u003Cp\u003EMaroquinerie.\u003C\/p\u003E\u003C\/td\u003E\u003Ctd\u003E\u003Cp\u003E19.2ZH\u003C\/p\u003E\u003C\/td\u003E\u003Ctd\u003E\u003Cp align=\u0022center\u0022\u003E2,33\u003C\/p\u003E\u003C\/td\u003E\u003C\/tr\u003E\u003Ctr\u003E\u003Ctd width=\u0022466\u0022\u003E\u003Cp\u003EChaussure. Cuirs et peaux.\u003C\/p\u003E\u003C\/td\u003E\u003Ctd\u003E\u003Cp\u003E19.3ZL\u003C\/p\u003E\u003C\/td\u003E\u003Ctd\u003E\u003Cp align=\u0022center\u0022\u003E4,52\u003C\/p\u003E\u003C\/td\u003E\u003C\/tr\u003E\u003Ctr\u003E\u003Ctd width=\u0022466\u0022\u003E\u003Cp\u003EScieries, y compris prestations de service, abattage et coupe de bois dans les DOM, fabrication de charbon de bois \u00e0 usage domestique.\u003C\/p\u003E\u003C\/td\u003E\u003Ctd\u003E\u003Cp\u003E20.1AF\u003C\/p\u003E\u003C\/td\u003E\u003Ctd\u003E\u003Cp align=\u0022center\u0022\u003E7,93\u003C\/p\u003E\u003C\/td\u003E\u003C\/tr\u003E\u003Ctr\u003E\u003Ctd width=\u0022466\u0022\u003E\u003Cp\u003ETravail m\u00e9canique du bois, traitement et fabrication d\u0027objets en bois.\u003C\/p\u003E\u003C\/td\u003E\u003Ctd\u003E\u003Cp\u003E20.1BB\u003C\/p\u003E\u003C\/td\u003E\u003Ctd\u003E\u003Cp align=\u0022center\u0022\u003E4,75\u003C\/p\u003E\u003C\/td\u003E\u003C\/tr\u003E\u003Ctr\u003E\u003Ctd width=\u0022466\u0022\u003E\u003Cp\u003EMenuiserie, charpentes et panneaux \u00e0 base de bois et commerce menuiserie et panneaux.\u003C\/p\u003E\u003C\/td\u003E\u003Ctd\u003E\u003Cp\u003E20.3ZF\u003C\/p\u003E\u003C\/td\u003E\u003Ctd\u003E\u003Cp align=\u0022center\u0022\u003E4,25\u003C\/p\u003E\u003C\/td\u003E\u003C\/tr\u003E\u003Ctr\u003E\u003Ctd width=\u0022466\u0022\u003E\u003Cp\u003EFabrication d\u0027emballages issus du bois et d\u0027articles de tonnellerie.\u003C\/p\u003E\u003C\/td\u003E\u003Ctd\u003E\u003Cp\u003E20.4ZI\u003C\/p\u003E\u003C\/td\u003E\u003Ctd\u003E\u003Cp align=\u0022center\u0022\u003E4,95\u003C\/p\u003E\u003C\/td\u003E\u003C\/tr\u003E\u003Ctr\u003E\u003Ctd width=\u0022466\u0022\u003E\u003Cp\u003EProduction et transformation des p\u00e2tes \u00e0 papier et carton.\u003C\/p\u003E\u003C\/td\u003E\u003Ctd\u003E\u003Cp\u003E21.2BD\u003C\/p\u003E\u003C\/td\u003E\u003Ctd\u003E\u003Cp align=\u0022center\u0022\u003E3,44\u003C\/p\u003E\u003C\/td\u003E\u003C\/tr\u003E\u003Ctr\u003E\u003Ctd width=\u0022466\u0022\u003E\u003Cp\u003EFabrication, fa\u00e7onnage et travail technique du verre.\u003C\/p\u003E\u003C\/td\u003E\u003Ctd\u003E\u003Cp\u003E26.1EE\u003C\/p\u003E\u003C\/td\u003E\u003Ctd\u003E\u003Cp align=\u0022center\u0022\u003E4,22\u003C\/p\u003E\u003C\/td\u003E\u003C\/tr\u003E\u003Ctr\u003E\u003Ctd width=\u0022466\u0022\u003E\u003Cp\u003EFabrication de vaisselle et d\u0027objets en porcelaine ou en fa\u00efence.\u003C\/p\u003E\u003C\/td\u003E\u003Ctd\u003E\u003Cp\u003E26.2AG\u003C\/p\u003E\u003C\/td\u003E\u003Ctd\u003E\u003Cp align=\u0022center\u0022\u003E5,40\u003C\/p\u003E\u003C\/td\u003E\u003C\/tr\u003E\u003Ctr\u003E\u003Ctd width=\u0022466\u0022\u003E\u003Cp\u003EFabrication de tuiles et briques et de produits c\u00e9ramiques non d\u00e9sign\u00e9s par ailleurs.\u003C\/p\u003E\u003C\/td\u003E\u003Ctd\u003E\u003Cp\u003E26.2AH\u003C\/p\u003E\u003C\/td\u003E\u003Ctd\u003E\u003Cp align=\u0022center\u0022\u003E3,65\u003C\/p\u003E\u003C\/td\u003E\u003C\/tr\u003E\u003Ctr\u003E\u003Ctd width=\u0022466\u0022\u003E\u003Cp\u003EFabrication d\u0027appareils sanitaires en c\u00e9ramique.\u003C\/p\u003E\u003C\/td\u003E\u003Ctd\u003E\u003Cp\u003E26.2CA\u003C\/p\u003E\u003C\/td\u003E\u003Ctd\u003E\u003Cp align=\u0022center\u0022\u003E10,74\u003C\/p\u003E\u003C\/td\u003E\u003C\/tr\u003E\u003Ctr\u003E\u003Ctd width=\u0022466\u0022\u003E\u003Cp\u003EFabrication de ciment, chaux, pl\u00e2tre, produits en pl\u00e2tre, agr\u00e9gats l\u00e9gers, mat\u00e9riaux enrob\u00e9s d\u0027\u00e9tanch\u00e9it\u00e9 et produits non d\u00e9sign\u00e9s ailleurs.\u003C\/p\u003E\u003C\/td\u003E\u003Ctd\u003E\u003Cp\u003E26.5AB\u003C\/p\u003E\u003C\/td\u003E\u003Ctd\u003E\u003Cp align=\u0022center\u0022\u003E2,35\u003C\/p\u003E\u003C\/td\u003E\u003C\/tr\u003E\u003Ctr\u003E\u003Ctd width=\u0022466\u0022\u003E\u003Cp\u003EFabrication de produits en b\u00e9ton.\u003C\/p\u003E\u003C\/td\u003E\u003Ctd\u003E\u003Cp\u003E26.6AA\u003C\/p\u003E\u003C\/td\u003E\u003Ctd\u003E\u003Cp align=\u0022center\u0022\u003E5,53\u003C\/p\u003E\u003C\/td\u003E\u003C\/tr\u003E\u003Ctr\u003E\u003Ctd width=\u0022466\u0022\u003E\u003Cp\u003EPr\u00e9paration et livraison de b\u00e9ton pr\u00eat \u00e0 l\u0027emploi (sans mise en \u0153uvre) (1).\u003C\/p\u003E\u003C\/td\u003E\u003Ctd\u003E\u003Cp\u003E26.6EB\u003C\/p\u003E\u003C\/td\u003E\u003Ctd\u003E\u003Cp align=\u0022center\u0022\u003E3,56\u003C\/p\u003E\u003C\/td\u003E\u003C\/tr\u003E\u003Ctr\u003E\u003Ctd width=\u0022466\u0022\u003E\u003Cp\u003EFabrication de produits en fibre-ciment.\u003C\/p\u003E\u003C\/td\u003E\u003Ctd\u003E\u003Cp\u003E26.6JB\u003C\/p\u003E\u003C\/td\u003E\u003Ctd\u003E\u003Cp align=\u0022center\u0022\u003E99,00\u003C\/p\u003E\u003C\/td\u003E\u003C\/tr\u003E\u003Ctr\u003E\u003Ctd width=\u0022466\u0022\u003E\u003Cp\u003EFabrication et pose de produits de marbrerie.\u003C\/p\u003E\u003C\/td\u003E\u003Ctd\u003E\u003Cp\u003E26.7ZD\u003C\/p\u003E\u003C\/td\u003E\u003Ctd\u003E\u003Cp align=\u0022center\u0022\u003E5,38\u003C\/p\u003E\u003C\/td\u003E\u003C\/tr\u003E\u003Ctr\u003E\u003Ctd width=\u0022466\u0022\u003E\u003Cp\u003EFabrication et r\u00e9paration de navires en bois et en polyester stratifi\u00e9.\u003C\/p\u003E\u003C\/td\u003E\u003Ctd\u003E\u003Cp\u003E35.1EB\u003C\/p\u003E\u003C\/td\u003E\u003Ctd\u003E\u003Cp align=\u0022center\u0022\u003E4,03\u003C\/p\u003E\u003C\/td\u003E\u003C\/tr\u003E\u003Ctr\u003E\u003Ctd width=\u0022466\u0022\u003E\u003Cp\u003EFabrication et r\u00e9paration de meubles et de cercueils en bois ou en mati\u00e8re similaire et d\u0027instruments de musique.\u003C\/p\u003E\u003C\/td\u003E\u003Ctd\u003E\u003Cp\u003E36.1GC\u003C\/p\u003E\u003C\/td\u003E\u003Ctd\u003E\u003Cp align=\u0022center\u0022\u003E3,90\u003C\/p\u003E\u003C\/td\u003E\u003C\/tr\u003E\u003Ctr\u003E\u003Ctd width=\u0022466\u0022\u003E\u003Cp\u003EFabrication et r\u00e9paration de si\u00e8ges, de matelas et sommiers et d\u0027articles de literie et pour voiliers.\u003C\/p\u003E\u003C\/td\u003E\u003Ctd\u003E\u003Cp\u003E36.1MD\u003C\/p\u003E\u003C\/td\u003E\u003Ctd\u003E\u003Cp align=\u0022center\u0022\u003E4,13\u003C\/p\u003E\u003C\/td\u003E\u003C\/tr\u003E\u003Ctr\u003E\u003Ctd width=\u0022466\u0022\u003E\u003Cp\u003ECommerce du bois.\u003C\/p\u003E\u003C\/td\u003E\u003Ctd\u003E\u003Cp\u003E51.5EG\u003C\/p\u003E\u003C\/td\u003E\u003Ctd\u003E\u003Cp align=\u0022center\u0022\u003E3,14\u003C\/p\u003E\u003C\/td\u003E\u003C\/tr\u003E\u003Ctr\u003E\u003Ctd width=\u0022466\u0022\u003E\u003Cp\u003EAutres industries du cuir.\u003C\/p\u003E\u003C\/td\u003E\u003Ctd\u003E\u003Cp\u003E52.7AC\u003C\/p\u003E\u003C\/td\u003E\u003Ctd\u003E\u003Cp align=\u0022center\u0022\u003E2,30\u003C\/p\u003E\u003C\/td\u003E\u003C\/tr\u003E\u003Ctr\u003E\u003Ctd width=\u0022466\u0022\u003E\u003Cp\u003EBlanchisserie et teinturerie de gros, y compris la location de linge et v\u00eatements professionnels blanchis (2).\u003C\/p\u003E\u003C\/td\u003E\u003Ctd\u003E\u003Cp\u003E71.4AC\u003C\/p\u003E\u003C\/td\u003E\u003Ctd\u003E\u003Cp align=\u0022center\u0022\u003E4,31\u003C\/p\u003E\u003C\/td\u003E\u003C\/tr\u003E\u003Ctr\u003E\u003Ctd width=\u0022466\u0022\u003E\u003Cp\u003EBlanchisserie et teinturerie de d\u00e9tail, y compris laverie automatique.\u003C\/p\u003E\u003C\/td\u003E\u003Ctd\u003E\u003Cp\u003E93.0BA\u003C\/p\u003E\u003C\/td\u003E\u003Ctd\u003E\u003Cp align=\u0022center\u0022\u003E2,45\u003C\/p\u003E\u003C\/td\u003E\u003C\/tr\u003E\u003Ctr\u003E\u003Ctd width=\u0022604\u0022 colspan=\u00223\u0022\u003E\u003Cp\u003E(1) Cette livraison peut comporter la manutention du b\u00e9ton, au moyen de pompes et canalisations, jusqu\u0027aux coffrages. Les entreprises de pr\u00e9paration et de livraison de b\u00e9ton pr\u00eat \u00e0 l\u0027emploi, avec mise en \u0153uvre de ce b\u00e9ton, rel\u00e8vent des industries du b\u00e2timent et des travaux publics.\u003C\/p\u003E\u003Cp\u003E(2) La location de linge seule rel\u00e8ve du comit\u00e9 technique national du commerce non alimentaire.\u003C\/p\u003E\u003C\/td\u003E\u003C\/tr\u003E\u003C\/tbody\u003E\u003C\/table\u003E\u003Ch2\u003EII - Industries du bois, de l\u2019ameublement, du papier-carton, du textile, du v\u00eatement, des cuirs et des peaux et des pierres et terres \u00e0 feu des d\u00e9partements du Haut-Rhin, du Bas-Rhin et de la Moselle\u003C\/h2\u003E\u003Ctable border=\u00221\u0022 cellspacing=\u00220\u0022 cellpadding=\u00220\u0022\u003E\u003Ctbody\u003E\u003Ctr\u003E\u003Ctd width=\u0022416\u0022\u003E\u003Cp align=\u0022center\u0022\u003E\u003Cstrong\u003ENature du risque\u003C\/strong\u003E\u003C\/p\u003E\u003C\/td\u003E\u003Ctd width=\u0022104\u0022\u003E\u003Cp align=\u0022center\u0022\u003E\u003Cstrong\u003ECode risque\u003C\/strong\u003E\u003C\/p\u003E\u003C\/td\u003E\u003Ctd width=\u002284\u0022\u003E\u003Cp align=\u0022center\u0022\u003E\u003Cstrong\u003ETaux net de cotisation \u00ab\u0026nbsp;AT\u0026nbsp;\u00bb\u003C\/strong\u003E\u003C\/p\u003E\u003Cp align=\u0022center\u0022\u003E\u003Cstrong\u003E(en %)\u003C\/strong\u003E\u003C\/p\u003E\u003C\/td\u003E\u003C\/tr\u003E\u003Ctr\u003E\u003Ctd width=\u0022520\u0022 colspan=\u00222\u0022\u003E\u003Cp align=\u0022center\u0022\u003E\u003Cstrong\u003EGroupe 1\u003C\/strong\u003E\u003C\/p\u003E\u003C\/td\u003E\u003Ctd width=\u002284\u0022 rowspan=\u00227\u0022\u003E\u003Cp align=\u0022center\u0022\u003E2,71\u003C\/p\u003E\u003C\/td\u003E\u003C\/tr\u003E\u003Ctr\u003E\u003Ctd width=\u0022416\u0022\u003E\u003Cp\u003EFabrication de mailles, dentelles, rubans, produits \u00e9lastiques et d\u0027articles divers.\u003C\/p\u003E\u003C\/td\u003E\u003Ctd width=\u0022104\u0022\u003E\u003Cp align=\u0022center\u0022\u003E17.7AB\u003C\/p\u003E\u003C\/td\u003E\u003C\/tr\u003E\u003Ctr\u003E\u003Ctd width=\u0022416\u0022\u003E\u003Cp\u003EConfection. Fabrication d\u0027accessoires de l\u0027habillement et d\u0027articles en toile.\u003C\/p\u003E\u003C\/td\u003E\u003Ctd width=\u0022104\u0022\u003E\u003Cp align=\u0022center\u0022\u003E18.2CB\u003C\/p\u003E\u003C\/td\u003E\u003C\/tr\u003E\u003Ctr\u003E\u003Ctd width=\u0022416\u0022\u003E\u003Cp\u003EMaroquinerie.\u003C\/p\u003E\u003C\/td\u003E\u003Ctd width=\u0022104\u0022\u003E\u003Cp align=\u0022center\u0022\u003E19.2ZH\u003C\/p\u003E\u003C\/td\u003E\u003C\/tr\u003E\u003Ctr\u003E\u003Ctd width=\u0022416\u0022\u003E\u003Cp\u003EProduction et transformation des p\u00e2tes \u00e0 papier et carton.\u003C\/p\u003E\u003C\/td\u003E\u003Ctd width=\u0022104\u0022\u003E\u003Cp align=\u0022center\u0022\u003E21.2BD\u003C\/p\u003E\u003C\/td\u003E\u003C\/tr\u003E\u003Ctr\u003E\u003Ctd width=\u0022416\u0022\u003E\u003Cp\u003EFabrication et r\u00e9paration de meubles et de cercueils en bois ou en mati\u00e8re similaire et d\u0027instruments de musique.\u003C\/p\u003E\u003C\/td\u003E\u003Ctd width=\u0022104\u0022\u003E\u003Cp align=\u0022center\u0022\u003E36.1GC\u003C\/p\u003E\u003C\/td\u003E\u003C\/tr\u003E\u003Ctr\u003E\u003Ctd width=\u0022416\u0022\u003E\u003Cp\u003EAutres industries du cuir.\u003C\/p\u003E\u003C\/td\u003E\u003Ctd width=\u0022104\u0022\u003E\u003Cp align=\u0022center\u0022\u003E52.7AC\u003C\/p\u003E\u003C\/td\u003E\u003C\/tr\u003E\u003Ctr\u003E\u003Ctd width=\u0022520\u0022 colspan=\u00222\u0022\u003E\u003Cp align=\u0022center\u0022\u003E\u003Cstrong\u003EGroupe 2\u003C\/strong\u003E\u003C\/p\u003E\u003C\/td\u003E\u003Ctd width=\u002284\u0022 rowspan=\u002212\u0022\u003E\u003Cp align=\u0022center\u0022\u003E3,27\u003C\/p\u003E\u003C\/td\u003E\u003C\/tr\u003E\u003Ctr\u003E\u003Ctd width=\u0022416\u0022\u003E\u003Cp\u003EExtraction, broyage et pr\u00e9paration de produits min\u00e9raux divers.\u003C\/p\u003E\u003C\/td\u003E\u003Ctd width=\u0022104\u0022\u003E\u003Cp align=\u0022center\u0022\u003E14.5ZM\u003C\/p\u003E\u003C\/td\u003E\u003C\/tr\u003E\u003Ctr\u003E\u003Ctd width=\u0022416\u0022\u003E\u003Cp\u003EFabrication de tissu et articles textiles.\u003C\/p\u003E\u003C\/td\u003E\u003Ctd width=\u0022104\u0022\u003E\u003Cp align=\u0022center\u0022\u003E17.2AC\u003C\/p\u003E\u003C\/td\u003E\u003C\/tr\u003E\u003Ctr\u003E\u003Ctd width=\u0022416\u0022\u003E\u003Cp\u003EChaussure. Cuirs et peaux.\u003C\/p\u003E\u003C\/td\u003E\u003Ctd width=\u0022104\u0022\u003E\u003Cp align=\u0022center\u0022\u003E19.3ZL\u003C\/p\u003E\u003C\/td\u003E\u003C\/tr\u003E\u003Ctr\u003E\u003Ctd width=\u0022416\u0022\u003E\u003Cp\u003ETravail m\u00e9canique du bois, traitement et fabrication d\u0027objets en bois.\u003C\/p\u003E\u003C\/td\u003E\u003Ctd width=\u0022104\u0022\u003E\u003Cp align=\u0022center\u0022\u003E20.1BB\u003C\/p\u003E\u003C\/td\u003E\u003C\/tr\u003E\u003Ctr\u003E\u003Ctd width=\u0022416\u0022\u003E\u003Cp\u003EFabrication, fa\u00e7onnage et travail technique du verre.\u003C\/p\u003E\u003C\/td\u003E\u003Ctd width=\u0022104\u0022\u003E\u003Cp align=\u0022center\u0022\u003E26.1EE\u003C\/p\u003E\u003C\/td\u003E\u003C\/tr\u003E\u003Ctr\u003E\u003Ctd width=\u0022416\u0022\u003E\u003Cp\u003EFabrication de vaisselle et d\u0027objets en porcelaine ou en fa\u00efence.\u003C\/p\u003E\u003C\/td\u003E\u003Ctd width=\u0022104\u0022\u003E\u003Cp align=\u0022center\u0022\u003E26.2AG\u003C\/p\u003E\u003C\/td\u003E\u003C\/tr\u003E\u003Ctr\u003E\u003Ctd width=\u0022416\u0022\u003E\u003Cp\u003EFabrication de ciment, chaux, pl\u00e2tre, produits en pl\u00e2tre, agr\u00e9gats l\u00e9gers, mat\u00e9riaux enrob\u00e9s d\u0027\u00e9tanch\u00e9it\u00e9 et produits non d\u00e9sign\u00e9s ailleurs.\u003C\/p\u003E\u003C\/td\u003E\u003Ctd width=\u0022104\u0022\u003E\u003Cp align=\u0022center\u0022\u003E26.5AB\u003C\/p\u003E\u003C\/td\u003E\u003C\/tr\u003E\u003Ctr\u003E\u003Ctd width=\u0022416\u0022\u003E\u003Cp\u003EFabrication et r\u00e9paration de navires en bois et en polyester stratifi\u00e9.\u003C\/p\u003E\u003C\/td\u003E\u003Ctd width=\u0022104\u0022\u003E\u003Cp align=\u0022center\u0022\u003E35.1EB\u003C\/p\u003E\u003C\/td\u003E\u003C\/tr\u003E\u003Ctr\u003E\u003Ctd width=\u0022416\u0022\u003E\u003Cp\u003EFabrication et r\u00e9paration de si\u00e8ges, de matelas et sommiers et d\u0027articles de literie et pour voiliers.\u003C\/p\u003E\u003C\/td\u003E\u003Ctd width=\u0022104\u0022\u003E\u003Cp align=\u0022center\u0022\u003E36.1MD\u003C\/p\u003E\u003C\/td\u003E\u003C\/tr\u003E\u003Ctr\u003E\u003Ctd width=\u0022416\u0022\u003E\u003Cp\u003ECommerce du bois.\u003C\/p\u003E\u003C\/td\u003E\u003Ctd width=\u0022104\u0022\u003E\u003Cp align=\u0022center\u0022\u003E51.5EG\u003C\/p\u003E\u003C\/td\u003E\u003C\/tr\u003E\u003Ctr\u003E\u003Ctd width=\u0022416\u0022\u003E\u003Cp\u003EBlanchisserie et teinturerie de d\u00e9tail, y compris laverie automatique.\u003C\/p\u003E\u003C\/td\u003E\u003Ctd width=\u0022104\u0022\u003E\u003Cp align=\u0022center\u0022\u003E93.0BA\u003C\/p\u003E\u003C\/td\u003E\u003C\/tr\u003E\u003Ctr\u003E\u003Ctd width=\u0022520\u0022 colspan=\u00222\u0022\u003E\u003Cp align=\u0022center\u0022\u003E\u003Cstrong\u003EGroupe 3\u003C\/strong\u003E\u003C\/p\u003E\u003C\/td\u003E\u003Ctd width=\u002284\u0022 rowspan=\u002213\u0022\u003E\u003Cp align=\u0022center\u0022\u003E5,03\u003C\/p\u003E\u003C\/td\u003E\u003C\/tr\u003E\u003Ctr\u003E\u003Ctd width=\u0022416\u0022\u003E\u003Cp\u003EExtraction et pr\u00e9paration de mat\u00e9riaux issus des carri\u00e8res de roches meubles ou massives.\u003C\/p\u003E\u003C\/td\u003E\u003Ctd width=\u0022104\u0022\u003E\u003Cp align=\u0022center\u0022\u003E14.1AH\u003C\/p\u003E\u003C\/td\u003E\u003C\/tr\u003E\u003Ctr\u003E\u003Ctd width=\u0022416\u0022\u003E\u003Cp\u003ETravail des fibres textiles naturelles (filature, moulinage et retordage, pr\u00e9paration de la laine, fibres dures, ouates\u2026).\u003C\/p\u003E\u003C\/td\u003E\u003Ctd width=\u0022104\u0022\u003E\u003Cp align=\u0022center\u0022\u003E17.1KB\u003C\/p\u003E\u003C\/td\u003E\u003C\/tr\u003E\u003Ctr\u003E\u003Ctd width=\u0022416\u0022\u003E\u003Cp\u003EScieries, y compris prestations de service, abattage et coupe de bois dans les DOM, fabrication de charbon de bois \u00e0 usage domestique.\u003C\/p\u003E\u003C\/td\u003E\u003Ctd width=\u0022104\u0022\u003E\u003Cp align=\u0022center\u0022\u003E20.1AF\u003C\/p\u003E\u003C\/td\u003E\u003C\/tr\u003E\u003Ctr\u003E\u003Ctd width=\u0022416\u0022\u003E\u003Cp\u003EMenuiserie, charpentes et panneaux \u00e0 base de bois et commerce menuiserie et panneaux.\u003C\/p\u003E\u003C\/td\u003E\u003Ctd width=\u0022104\u0022\u003E\u003Cp align=\u0022center\u0022\u003E20.3ZF\u003C\/p\u003E\u003C\/td\u003E\u003C\/tr\u003E\u003Ctr\u003E\u003Ctd width=\u0022416\u0022\u003E\u003Cp\u003EFabrication d\u0027emballages issus du bois et d\u0027articles de tonnellerie.\u003C\/p\u003E\u003C\/td\u003E\u003Ctd width=\u0022104\u0022\u003E\u003Cp align=\u0022center\u0022\u003E20.4ZI\u003C\/p\u003E\u003C\/td\u003E\u003C\/tr\u003E\u003Ctr\u003E\u003Ctd width=\u0022416\u0022\u003E\u003Cp\u003EFabrication de tuiles et briques et de produits c\u00e9ramiques non d\u00e9sign\u00e9s par ailleurs.\u003C\/p\u003E\u003C\/td\u003E\u003Ctd width=\u0022104\u0022\u003E\u003Cp align=\u0022center\u0022\u003E26.2AH\u003C\/p\u003E\u003C\/td\u003E\u003C\/tr\u003E\u003Ctr\u003E\u003Ctd width=\u0022416\u0022\u003E\u003Cp\u003EFabrication d\u0027appareils sanitaires en c\u00e9ramique.\u003C\/p\u003E\u003C\/td\u003E\u003Ctd width=\u0022104\u0022\u003E\u003Cp align=\u0022center\u0022\u003E26.2CA\u003C\/p\u003E\u003C\/td\u003E\u003C\/tr\u003E\u003Ctr\u003E\u003Ctd width=\u0022416\u0022\u003E\u003Cp\u003EFabrication de produits en b\u00e9ton.\u003C\/p\u003E\u003C\/td\u003E\u003Ctd width=\u0022104\u0022\u003E\u003Cp align=\u0022center\u0022\u003E26.6AA\u003C\/p\u003E\u003C\/td\u003E\u003C\/tr\u003E\u003Ctr\u003E\u003Ctd width=\u0022416\u0022\u003E\u003Cp\u003EPr\u00e9paration et livraison de b\u00e9ton pr\u00eat \u00e0 l\u0027emploi (sans mise en \u0153uvre).\u003C\/p\u003E\u003C\/td\u003E\u003Ctd width=\u0022104\u0022\u003E\u003Cp align=\u0022center\u0022\u003E26.6EB\u003C\/p\u003E\u003C\/td\u003E\u003C\/tr\u003E\u003Ctr\u003E\u003Ctd width=\u0022416\u0022\u003E\u003Cp\u003EFabrication de produits en fibre-ciment.\u003C\/p\u003E\u003C\/td\u003E\u003Ctd width=\u0022104\u0022\u003E\u003Cp align=\u0022center\u0022\u003E26.6JB\u003C\/p\u003E\u003C\/td\u003E\u003C\/tr\u003E\u003Ctr\u003E\u003Ctd width=\u0022416\u0022\u003E\u003Cp\u003EFabrication et pose de produits de marbrerie.\u003C\/p\u003E\u003C\/td\u003E\u003Ctd width=\u0022104\u0022\u003E\u003Cp align=\u0022center\u0022\u003E26.7ZD\u003C\/p\u003E\u003C\/td\u003E\u003C\/tr\u003E\u003Ctr\u003E\u003Ctd width=\u0022416\u0022\u003E\u003Cp\u003EBlanchisserie et teinturerie de gros, y compris la location de linge et v\u00eatements professionnels blanchis (1).\u003C\/p\u003E\u003C\/td\u003E\u003Ctd width=\u0022104\u0022\u003E\u003Cp align=\u0022center\u0022\u003E71.4AC\u003C\/p\u003E\u003C\/td\u003E\u003C\/tr\u003E\u003Ctr\u003E\u003Ctd width=\u0022604\u0022 colspan=\u00223\u0022\u003E\u003Cp\u003E(1) La location de linge seule rel\u00e8ve du comit\u00e9 technique national du commerce non alimentaire.\u003C\/p\u003E\u003C\/td\u003E\u003C\/tr\u003E\u003C\/tbody\u003E\u003C\/table\u003E                                            \u003Cp\u003E\u003Cbr \/\u003E\u003Cstrong\u003ESource :\u003C\/strong\u003E\u003Cstrong\u003E\u00a0\u003C\/strong\u003E\u003C\/p\u003E\u003Cul\u003E\u003Cli\u003E\u003Ca href=\u0022https:\/\/www.legifrance.gouv.fr\/loda\/id\/JORFTEXT000051533180\/2025-07-25\/\u0022 target=\u0022_blank\u0022\u003EArr\u00eat\u00e9 du 29 avril 2025 relatif \u00e0 la tarification des risques d\u0027accidents du travail et de maladies professionnelles pour l\u0027ann\u00e9e 2025\u003C\/a\u003E\u003C\/li\u003E\u003C\/ul\u003E\u003C\/div\u003E","annee":"2025","theme":" Indices, taux, bar\u00e8mes sociaux","activites":["Industrie"],"image":"https:\/\/www.weblex.fr\/sites\/default\/files\/chiffres_clef\/Shutterstock_tarificationatmp_4.jpg","created":"2025-07-25","modified":"2025-07-25"},{"url":"\/chiffres-cles\/bareme-des-saisies-sur-remuneration-applicable-au-1er-janvier-2025","id":26617,"title":"Bar\u00e8me des saisies sur r\u00e9mun\u00e9ration applicable au 1er janvier 2025","content":"\u003Cdiv\u003E                                              \u003Cp\u003ELes r\u00e9mun\u00e9rations ne peuvent faire l\u2019objet de saisies que dans certaines proportions. Au 1er janvier 2025, les proportions dans lesquelles les r\u00e9mun\u00e9rations peuvent \u00eatre saisissables ou cessibles sont les suivantes :\u003C\/p\u003E\u003Ctable border=\u00221\u0022 cellpadding=\u00220\u0022 cellspacing=\u00223\u0022\u003E\u003Ctbody\u003E\u003Ctr\u003E\u003Ctd colspan=\u00223\u0022 width=\u0022610\u0022\u003E\u003Cp\u003E\u003Cstrong\u003EBar\u00e8mes des saisies sur r\u00e9mun\u00e9rations au 1er janvier 2025 (sans personne \u00e0 charge)\u003C\/strong\u003E\u003C\/p\u003E\u003C\/td\u003E\u003C\/tr\u003E\u003Ctr\u003E\u003Ctd width=\u0022211\u0022\u003E\u003Cp\u003E\u003Cstrong\u003ETranche annuelle\u003C\/strong\u003E\u003C\/p\u003E\u003C\/td\u003E\u003Ctd width=\u0022208\u0022\u003E\u003Cp\u003E\u003Cstrong\u003EQuotit\u00e9 saisissable\u003C\/strong\u003E\u003C\/p\u003E\u003C\/td\u003E\u003Ctd width=\u0022188\u0022\u003E\u003Cp\u003E\u003Cstrong\u003ETranche mensuelle\u003C\/strong\u003E\u003C\/p\u003E\u003C\/td\u003E\u003C\/tr\u003E\u003Ctr\u003E\u003Ctd width=\u0022211\u0022\u003E\u003Cp\u003EJusqu\u2019\u00e0 4 440 \u20ac\u003C\/p\u003E\u003C\/td\u003E\u003Ctd width=\u0022208\u0022\u003E\u003Cp\u003E1\/20\u003C\/p\u003E\u003C\/td\u003E\u003Ctd width=\u0022188\u0022\u003E\u003Cp\u003EJusqu\u2019\u00e0 370 \u20ac\u003C\/p\u003E\u003C\/td\u003E\u003C\/tr\u003E\u003Ctr\u003E\u003Ctd width=\u0022211\u0022\u003E\u003Cp\u003E\u0026gt; 4 440 \u20ac et \u2264 8 660 \u20ac\u003C\/p\u003E\u003C\/td\u003E\u003Ctd width=\u0022208\u0022\u003E\u003Cp\u003E1\/10\u003C\/p\u003E\u003C\/td\u003E\u003Ctd width=\u0022188\u0022\u003E\u003Cp\u003E\u0026gt; 370 et \u2264 \u0026nbsp;721,67 \u20ac\u003C\/p\u003E\u003C\/td\u003E\u003C\/tr\u003E\u003Ctr\u003E\u003Ctd width=\u0022211\u0022\u003E\u003Cp\u003E\u0026gt; 8\u202f660 \u20ac et \u2264 12\u202f890 \u20ac\u003C\/p\u003E\u003C\/td\u003E\u003Ctd width=\u0022208\u0022\u003E\u003Cp\u003E1\/5\u003C\/p\u003E\u003C\/td\u003E\u003Ctd width=\u0022188\u0022\u003E\u003Cp\u003E\u0026gt; 721,67 \u20ac et \u2264\u0026nbsp;1 074,17 \u20ac\u003C\/p\u003E\u003C\/td\u003E\u003C\/tr\u003E\u003Ctr\u003E\u003Ctd width=\u0022211\u0022\u003E\u003Cp\u003E\u0026gt; 12\u202f890 \u20ac et \u2264 17\u202f090 \u20ac\u003C\/p\u003E\u003C\/td\u003E\u003Ctd width=\u0022208\u0022\u003E\u003Cp\u003E1\/4\u003C\/p\u003E\u003C\/td\u003E\u003Ctd width=\u0022188\u0022\u003E\u003Cp\u003E\u0026gt; 1 074,17 \u20ac et \u2264\u0026nbsp;1 424,17 \u20ac\u003C\/p\u003E\u003C\/td\u003E\u003C\/tr\u003E\u003Ctr\u003E\u003Ctd width=\u0022211\u0022\u003E\u003Cp\u003E\u0026gt; 17\u202f090 \u20ac et \u2264 21 300 \u20ac\u003C\/p\u003E\u003C\/td\u003E\u003Ctd width=\u0022208\u0022\u003E\u003Cp\u003E1\/3\u003C\/p\u003E\u003C\/td\u003E\u003Ctd width=\u0022188\u0022\u003E\u003Cp\u003E\u0026gt;1 424,17 \u0026nbsp;\u20ac et \u2264\u0026nbsp;1 775\u0026nbsp;\u20ac\u003C\/p\u003E\u003C\/td\u003E\u003C\/tr\u003E\u003Ctr\u003E\u003Ctd width=\u0022211\u0022\u003E\u003Cp\u003E\u0026gt; 21 300 \u20ac et \u2264 25 600 \u20ac\u003C\/p\u003E\u003C\/td\u003E\u003Ctd width=\u0022208\u0022\u003E\u003Cp\u003E2\/3\u003C\/p\u003E\u003C\/td\u003E\u003Ctd width=\u0022188\u0022\u003E\u003Cp\u003E\u0026gt; 1 775 \u20ac et \u2264\u0026nbsp;2 133,33 \u20ac\u003C\/p\u003E\u003C\/td\u003E\u003C\/tr\u003E\u003Ctr\u003E\u003Ctd width=\u0022211\u0022\u003E\u003Cp\u003E\u0026gt; 25 600 \u20ac\u003C\/p\u003E\u003C\/td\u003E\u003Ctd width=\u0022208\u0022\u003E\u003Cp\u003EEn totalit\u00e9\u003C\/p\u003E\u003C\/td\u003E\u003Ctd width=\u0022188\u0022\u003E\u003Cp\u003E\u0026gt; 2 133,33 \u20ac\u003C\/p\u003E\u003C\/td\u003E\u003C\/tr\u003E\u003C\/tbody\u003E\u003C\/table\u003E\u003Cp\u003EPour information :\u003C\/p\u003E\u003Cul\u003E\u003Cli\u003ELes seuils sont augment\u00e9s d\u0027un montant de 1 720 \u20ac (par an) ou 143,33 \u20ac (par mois) par personne \u00e0 la charge du d\u00e9biteur saisi ou du c\u00e9dant, sur justification pr\u00e9sent\u00e9e par l\u0027int\u00e9ress\u00e9 ;\u003C\/li\u003E\u003Cli\u003E\u00ad\u00ad\u00adLa somme laiss\u00e9e dans tous les cas \u00e0 la disposition du salari\u00e9 dont la r\u00e9mun\u00e9ration fait l\u0027objet d\u0027une saisie ou d\u0027une cession est \u00e9gale au montant forfaitaire du revenu de solidarit\u00e9 active (RSA) fix\u00e9 pour un foyer compos\u00e9 d\u0027une seule personne, soit 646, 52 \u20ac \u00e0 compter des allocations dues au titre du mois d\u0027avril 2025 (ou 323,26 \u20ac pour Mayotte) ;\u003C\/li\u003E\u003Cli\u003EPour les proc\u00e9dures de paiement direct de pension alimentaire, tout le salaire est saisissable, sous r\u00e9serve de la fraction insaisissable \u00e9quivalant au montant du RSA.\u003C\/li\u003E\u003C\/ul\u003E                                            \u003Cp\u003E\u003Cbr \/\u003E\u003Cstrong\u003ESource :\u003C\/strong\u003E\u003Cstrong\u003E\u00a0\u003C\/strong\u003E\u003C\/p\u003E\u003Cul\u003E\u003Cli\u003E\u003Ca href=\u0022https:\/\/www.legifrance.gouv.fr\/codes\/article_lc\/LEGIARTI000018533764\u0022 target=\u0022_blank\u0022\u003EArticle R3252-1 et suivants du Code du travail\u003C\/a\u003E\u003C\/li\u003E\u003Cli\u003E\u003Ca href=\u0022https:\/\/www.legifrance.gouv.fr\/jorf\/id\/JORFTEXT000050871019\u0022 target=\u0022_blank\u0022 rel=\u0022noopener\u0022\u003ED\u00e9cret no 2024-1231 du 30 d\u00e9cembre 2024 r\u00e9visant le bar\u00e8me des saisies et cessions des r\u00e9mun\u00e9rations\u003C\/a\u003E\u003C\/li\u003E\u003Cli\u003E\u003Ca href=\u0022https:\/\/www.legifrance.gouv.fr\/jorf\/id\/JORFTEXT000051393086\u0022 target=\u0022_blank\u0022 rel=\u0022noopener\u0022\u003ED\u00e9cret no 2025-293 du 29 mars 2025 portant revalorisation du montant forfaitaire du revenu de solidarit\u00e9 active\u003C\/a\u003E\u003C\/li\u003E\u003Cli\u003E\u003Ca href=\u0022https:\/\/www.legifrance.gouv.fr\/jorf\/id\/JORFTEXT000051393126\u0022 target=\u0022_blank\u0022 rel=\u0022noopener\u0022\u003ED\u00e9cret no 2025-296 du 29 mars 2025 portant revalorisation du montant forfaitaire du revenu de solidarit\u00e9 active \u00e0 Mayotte\u003C\/a\u003E\u003C\/li\u003E\u003C\/ul\u003E\u003C\/div\u003E","annee":"2025","theme":" Indices, taux, bar\u00e8mes sociaux","activites":["Tout secteur"],"image":"https:\/\/www.weblex.fr\/sites\/default\/files\/chiffres_clef\/Shutterstock_fichedesalaire.jpg","created":"2025-07-25","modified":"2025-07-25"},{"url":"\/chiffres-cles\/base-de-calcul-des-cotisations-pour-le-personnel-du-secteur-chr-remunere-au-pourboire-annee-2025","id":26621,"title":"Base de calcul des cotisations pour le personnel du secteur CHR r\u00e9mun\u00e9r\u00e9 au pourboire - Ann\u00e9e 2025","content":"\u003Cdiv\u003E                                              \u003Cp\u003EDans les secteurs des h\u00f4tels, restaurants, caf\u00e9s, bowlings, la base de calcul des cotisations est constitu\u00e9e soit par le salaire r\u00e9el si le personnel est r\u00e9mun\u00e9r\u00e9 au fixe, soit par un montant forfaitaire lorsque le personnel est uniquement r\u00e9mun\u00e9r\u00e9 en pourboires.\u003C\/p\u003E\u003Cp\u003EDans l\u2019hypoth\u00e8se o\u00f9 le personnel est r\u00e9mun\u00e9r\u00e9 au pourboire, les cotisations sont calcul\u00e9es sur les bases forfaitaires applicables aux cat\u00e9gories correspondantes (la CSG et la CRDS sont calcul\u00e9es sur 100% de la base forfaitaire).\u003C\/p\u003EPremi\u00e8re cat\u00e9gorie\u003Cp\u003ESont concern\u00e9s les employ\u00e9s de lavabos et des vestiaires, les sommeliers verseurs, les commis d\u00e9barrasseurs, les commis de suite, les commis de bar, l\u2019homme et la femme de toutes mains.\u003C\/p\u003E\u003Cp\u003E\u003Cstrong\u003EAu 1er janvier 2025 :\u003C\/strong\u003E\u003C\/p\u003E\u003Cul\u003E\u003Cli\u003E\u003Cstrong\u003Edemi-journ\u00e9e (dur\u00e9e de travail inf\u00e9rieure ou \u00e9gale \u00e0 5 heures) :\u003C\/strong\u003E\u003Cul\u003E\u003Cli\u003E22 jours : 48 \u20ac\u003C\/li\u003E\u003Cli\u003E24 jours : 44 \u20ac\u003C\/li\u003E\u003Cli\u003E26 jours : 41 \u20ac\u003C\/li\u003E\u003C\/ul\u003E\u003C\/li\u003E\u003Cli\u003E\u003Cstrong\u003Ejourn\u00e9e :\u003C\/strong\u003E\u003Cul\u003E\u003Cli\u003E22 jours : 96 \u20ac\u003C\/li\u003E\u003Cli\u003E24 jours : 88 \u20ac\u003C\/li\u003E\u003Cli\u003E26 jours : 81 \u20ac\u003C\/li\u003E\u003C\/ul\u003E\u003C\/li\u003E\u003Cli\u003E\u003Cstrong\u003Emois :\u003C\/strong\u003E\u003Cul\u003E\u003Cli\u003E22 jours : 2 101 \u20ac\u003C\/li\u003E\u003Cli\u003E24 jours : 2 109 \u20ac\u003C\/li\u003E\u003Cli\u003E26 jours : 2 117 \u20ac\u003Cbr\u003E\u0026nbsp;\u003C\/li\u003E\u003C\/ul\u003E\u003C\/li\u003E\u003C\/ul\u003EDeuxi\u00e8me cat\u00e9gorie\u003Cp\u003ESont concern\u00e9s les grooms, les chasseurs, les portiers, les filles de salle, les gar\u00e7ons de restaurant, les gar\u00e7ons de comptoir, les gar\u00e7ons limonadiers, les gar\u00e7ons de caf\u00e9, les sommeliers de salle, les chefs de rang.\u003C\/p\u003E\u003Cp\u003E\u003Cstrong\u003EAu 1er janvier 2025 :\u003C\/strong\u003E\u003C\/p\u003E\u003Cul\u003E\u003Cli\u003E\u003Cstrong\u003Edemi-journ\u00e9e (\u2264 5 heures) :\u003C\/strong\u003E 57 \u20ac\u003C\/li\u003E\u003Cli\u003E\u003Cstrong\u003Ejourn\u00e9e :\u003C\/strong\u003E 113 \u20ac\u003C\/li\u003E\u003Cli\u003E\u003Cstrong\u003Emois :\u003C\/strong\u003E 2 944 \u20ac\u003Cbr\u003E\u0026nbsp;\u003C\/li\u003E\u003C\/ul\u003ETroisi\u00e8me cat\u00e9gorie\u003Cp\u003ESont concern\u00e9s les chefs sommeliers, les ma\u00eetres d\u0027h\u00f4tel, les premiers ma\u00eetres d\u0027h\u00f4tel, les trancheurs, les barmans, les chefs barmans, ainsi que les chefs de rang et les gar\u00e7ons des restaurants de tourisme class\u00e9s en cat\u00e9gorie 4 \u00e9toiles et 4 \u00e9toiles de luxe.\u003C\/p\u003E\u003Cp\u003E\u003Cstrong\u003EAu 1er janvier 2025 :\u003C\/strong\u003E\u003C\/p\u003E\u003Cul\u003E\u003Cli\u003E\u003Cstrong\u003Edemi-journ\u00e9e (\u2264 5 heures) :\u003C\/strong\u003E 76 \u20ac\u003C\/li\u003E\u003Cli\u003E\u003Cstrong\u003Ejourn\u00e9e :\u003C\/strong\u003E 151 \u20ac\u003C\/li\u003E\u003Cli\u003E\u003Cstrong\u003Emois :\u003C\/strong\u003E 3 925 \u20ac\u003C\/li\u003E\u003C\/ul\u003E                                            \u003Cp\u003E\u003Cbr \/\u003E\u003Cstrong\u003ESource :\u003C\/strong\u003E\u003Cstrong\u003E\u00a0\u003C\/strong\u003E\u003C\/p\u003E\u003Cul\u003E\u003Cli\u003E\u003Ca href=\u0022https:\/\/www.urssaf.fr\/accueil\/outils-documentation\/taux-baremes\/base-forfaitaire-franchise.html\u0022 target=\u0022_blank\u0022\u003EBases forfaitaires et franchises de cotisations de l\u0027Urssaf.fr, mises \u00e0 jour le 1er janvier 2025\u0026nbsp;\u003C\/a\u003E\u003C\/li\u003E\u003C\/ul\u003E\u003C\/div\u003E","annee":"2025","theme":" Indices, taux, bar\u00e8mes sociaux","activites":["Caf\u00e9 \/ H\u00f4tel \/ Restaurant"],"image":"https:\/\/www.weblex.fr\/sites\/default\/files\/chiffres_clef\/Shutterstock_tips.jpg","created":"2025-07-25","modified":"2025-07-25"},{"url":"\/chiffres-cles\/tarifs-des-greffiers-des-tribunaux-de-commerce-privileges-et-suretes-2025","id":26531,"title":"Tarifs des greffiers des tribunaux de commerce \u2013 Privil\u00e8ges et s\u00fbret\u00e9s 2025","content":"\u003Cdiv\u003E                                              \u003Ch2\u003EApplicables du 1er mars 2024 au 28 f\u00e9vrier 2026\u003C\/h2\u003E\u003Cp\u003ENotez que les anciens tarifs s\u2019appliqueront pour :\u003C\/p\u003E\u003Cul\u003E\u003Cli\u003Eles prestations effectu\u00e9es avant le 1er mai 2024 ;\u003C\/li\u003E\u003Cli\u003Eles prestations dont la r\u00e9alisation a donn\u00e9 lieu, avant le 1er mars 2024, au versement par le client d\u0027un acompte ou d\u0027une provision ou \u00e0 l\u0027engagement par l\u0027un des greffiers des tribunaux de commerce intervenant de frais ou d\u00e9bours ;\u003C\/li\u003E\u003Cli\u003Eles prestations dont la r\u00e9alisation a donn\u00e9 lieu, avant le 1ermars 2024, \u00e0 l\u0027engagement par l\u0027un des greffiers des tribunaux de commerce intervenant de frais ou d\u00e9bours.\u003C\/li\u003E\u003C\/ul\u003E\u003Cp\u003ELes prestations mentionn\u00e9es ci-dessous donnent lieu \u00e0 la perception des \u00e9moluments suivants :\u003C\/p\u003E\u003Ctable class=\u0022MsoTableGrid\u0022\u003E\u003Ctbody\u003E\u003Ctr\u003E\u003Ctd\u003E\u003Cp align=\u0022center\u0022\u003E\u003Cstrong\u003ECAT\u00c9GORIE\u003C\/strong\u003E\u003C\/p\u003E\u003C\/td\u003E\u003Ctd valign=\u0022top\u0022\u003E\u003Cp align=\u0022center\u0022\u003E\u003Cstrong\u003ED\u00c9SIGNATION DE LA PRESTATION\u003C\/strong\u003E\u003C\/p\u003E\u003C\/td\u003E\u003Ctd\u003E\u003Cp align=\u0022center\u0022\u003E\u003Cstrong\u003E\u00c9MOLUMENT\u003C\/strong\u003E\u003C\/p\u003E\u003C\/td\u003E\u003C\/tr\u003E\u003Ctr\u003E\u003Ctd rowspan=\u00224\u0022\u003E\u003Cp align=\u0022center\u0022\u003E\u003Cstrong\u003EPrivil\u00e8ge du Tr\u00e9sor en mati\u00e8re fiscale\u003C\/strong\u003E\u003C\/p\u003E\u003C\/td\u003E\u003Ctd valign=\u0022top\u0022\u003E\u003Cp align=\u0022center\u0022\u003E1\u00e8re inscription, la radiation totale ou partielle d\u0027une inscription non p\u00e9rim\u00e9e\u003C\/p\u003E\u003C\/td\u003E\u003Ctd\u003E\u003Cp align=\u0022center\u0022\u003E1,60 \u20ac\u003C\/p\u003E\u003C\/td\u003E\u003C\/tr\u003E\u003Ctr\u003E\u003Ctd valign=\u0022top\u0022\u003E\u003Cp align=\u0022center\u0022\u003EInscription suivante, le renouvellement d\u0027une inscription ou la subrogation\u003C\/p\u003E\u003C\/td\u003E\u003Ctd\u003E\u003Cp align=\u0022center\u0022\u003E2,13 \u20ac\u003C\/p\u003E\u003C\/td\u003E\u003C\/tr\u003E\u003Ctr\u003E\u003Ctd valign=\u0022top\u0022\u003E\u003Cp align=\u0022center\u0022\u003ED\u00e9livrance d\u0027un \u00e9tat d\u0027inscription positif ou n\u00e9gatif, quel que soit le nombre d\u0027inscriptions r\u00e9v\u00e9l\u00e9es\u003C\/p\u003E\u003C\/td\u003E\u003Ctd\u003E\u003Cp align=\u0022center\u0022\u003E2,13 \u20ac\u003C\/p\u003E\u003C\/td\u003E\u003C\/tr\u003E\u003Ctr\u003E\u003Ctd valign=\u0022top\u0022\u003E\u003Cp align=\u0022center\u0022\u003EMention d\u0027une contestation en marge d\u0027une inscription\u003C\/p\u003E\u003C\/td\u003E\u003Ctd\u003E\u003Cp align=\u0022center\u0022\u003E1,08 \u20ac\u003C\/p\u003E\u003C\/td\u003E\u003C\/tr\u003E\u003Ctr\u003E\u003Ctd rowspan=\u002212\u0022\u003E\u003Cp align=\u0022center\u0022\u003E\u003Cstrong\u003EPrivil\u00e8ge de la s\u00e9curit\u00e9 sociale et des r\u00e9gimes compl\u00e9mentaires\u003C\/strong\u003E\u003C\/p\u003E\u003C\/td\u003E\u003Ctd colspan=\u00222\u0022 valign=\u0022top\u0022\u003E\u003Cp align=\u0022center\u0022\u003EInscription, y compris radiation totale d\u0027une inscription non p\u00e9rim\u00e9e\u0026nbsp;:\u003C\/p\u003E\u003C\/td\u003E\u003C\/tr\u003E\u003Ctr\u003E\u003Ctd valign=\u0022top\u0022\u003E\u003Cp align=\u0022center\u0022\u003Ea) Montant des sommes privil\u00e9gi\u00e9es inf\u00e9rieur \u00e0 20\u0026nbsp;800 \u20ac\u003C\/p\u003E\u003C\/td\u003E\u003Ctd\u003E\u003Cp align=\u0022center\u0022\u003E7,42 \u20ac\u003C\/p\u003E\u003C\/td\u003E\u003C\/tr\u003E\u003Ctr\u003E\u003Ctd valign=\u0022top\u0022\u003E\u003Cp align=\u0022center\u0022\u003Eb) Montant des sommes privil\u00e9gi\u00e9es sup\u00e9rieur ou \u00e9gal \u00e0 20\u0026nbsp;800 \u20ac\u003C\/p\u003E\u003C\/td\u003E\u003Ctd\u003E\u003Cp align=\u0022center\u0022\u003E32,84\u0026nbsp;\u20ac\u003C\/p\u003E\u003C\/td\u003E\u003C\/tr\u003E\u003Ctr\u003E\u003Ctd colspan=\u00222\u0022 valign=\u0022top\u0022\u003E\u003Cp align=\u0022center\u0022\u003ERadiation partielle d\u0027une inscription non p\u00e9rim\u00e9e\u0026nbsp;:\u003C\/p\u003E\u003C\/td\u003E\u003C\/tr\u003E\u003Ctr\u003E\u003Ctd valign=\u0022top\u0022\u003E\u003Cp align=\u0022center\u0022\u003Ea) Montant des sommes privil\u00e9gi\u00e9es inf\u00e9rieur \u00e0 20\u0026nbsp;800 \u20ac\u003C\/p\u003E\u003C\/td\u003E\u003Ctd\u003E\u003Cp align=\u0022center\u0022\u003E7,42 \u20ac\u003C\/p\u003E\u003C\/td\u003E\u003C\/tr\u003E\u003Ctr\u003E\u003Ctd valign=\u0022top\u0022\u003E\u003Cp align=\u0022center\u0022\u003Eb) Montant des sommes privil\u00e9gi\u00e9es sup\u00e9rieur ou \u00e9gal \u00e0 20\u0026nbsp;800 \u20ac\u003C\/p\u003E\u003C\/td\u003E\u003Ctd\u003E\u003Cp align=\u0022center\u0022\u003E32,85 \u20ac\u003C\/p\u003E\u003C\/td\u003E\u003C\/tr\u003E\u003Ctr\u003E\u003Ctd colspan=\u00222\u0022 valign=\u0022top\u0022\u003E\u003Cp align=\u0022center\u0022\u003ERenouvellement d\u0027une inscription, subrogation\u0026nbsp;:\u003C\/p\u003E\u003C\/td\u003E\u003C\/tr\u003E\u003Ctr\u003E\u003Ctd valign=\u0022top\u0022\u003E\u003Cp align=\u0022center\u0022\u003Ea) Montant des sommes privil\u00e9gi\u00e9es inf\u00e9rieur \u00e0 20\u0026nbsp;800 \u20ac\u003C\/p\u003E\u003C\/td\u003E\u003Ctd\u003E\u003Cp align=\u0022center\u0022\u003E5,31\u20ac\u003C\/p\u003E\u003C\/td\u003E\u003C\/tr\u003E\u003Ctr\u003E\u003Ctd valign=\u0022top\u0022\u003E\u003Cp align=\u0022center\u0022\u003Eb) Montant des sommes privil\u00e9gi\u00e9es sup\u00e9rieur ou \u00e9gal \u00e0 20\u0026nbsp;800 \u20ac\u003C\/p\u003E\u003C\/td\u003E\u003Ctd\u003E\u003Cp align=\u0022center\u0022\u003E16,95 \u20ac\u003C\/p\u003E\u003C\/td\u003E\u003C\/tr\u003E\u003Ctr\u003E\u003Ctd valign=\u0022top\u0022\u003E\u003Cp align=\u0022center\u0022\u003EMention d\u0027une saisie en marge des diff\u00e9rentes inscriptions concernant un m\u00eame d\u00e9biteur, la radiation partielle ou totale de ces inscriptions\u003C\/p\u003E\u003C\/td\u003E\u003Ctd\u003E\u003Cp align=\u0022center\u0022\u003E1,08 \u20ac\u003C\/p\u003E\u003C\/td\u003E\u003C\/tr\u003E\u003Ctr\u003E\u003Ctd valign=\u0022top\u0022\u003E\u003Cp align=\u0022center\u0022\u003ED\u00e9livrance d\u0027un \u00e9tat d\u0027inscription positif ou n\u00e9gatif, quel que soit le nombre d\u0027inscriptions r\u00e9v\u00e9l\u00e9es\u003C\/p\u003E\u003C\/td\u003E\u003Ctd\u003E\u003Cp align=\u0022center\u0022\u003E2,13 \u20ac\u003C\/p\u003E\u003C\/td\u003E\u003C\/tr\u003E\u003Ctr\u003E\u003Ctd valign=\u0022top\u0022\u003E\u003Cp align=\u0022center\u0022\u003ED\u00e9livrance d\u0027un certificat de subrogation, de mention de saisie, de radiation de cette mention, de radiation d\u0027inscription\u003C\/p\u003E\u003C\/td\u003E\u003Ctd\u003E\u003Cp align=\u0022center\u0022\u003E1,08 \u20ac\u003C\/p\u003E\u003C\/td\u003E\u003C\/tr\u003E\u003Ctr\u003E\u003Ctd rowspan=\u002216\u0022\u003E\u003Cp align=\u0022center\u0022\u003E\u003Cstrong\u003EActes de vente et nantissement des fonds de commerce\u003C\/strong\u003E\u003C\/p\u003E\u003C\/td\u003E\u003Ctd colspan=\u00222\u0022 valign=\u0022top\u0022\u003E\u003Cp align=\u0022center\u0022\u003EInscription, y compris radiation totale d\u0027une inscription non p\u00e9rim\u00e9e\u0026nbsp;:\u003C\/p\u003E\u003C\/td\u003E\u003C\/tr\u003E\u003Ctr\u003E\u003Ctd valign=\u0022top\u0022\u003E\u003Cp align=\u0022center\u0022\u003Ea) Montant des sommes privil\u00e9gi\u00e9es inf\u00e9rieur \u00e0 20\u0026nbsp;800 \u20ac\u003C\/p\u003E\u003C\/td\u003E\u003Ctd\u003E\u003Cp align=\u0022center\u0022\u003E14,83 \u20ac\u003C\/p\u003E\u003C\/td\u003E\u003C\/tr\u003E\u003Ctr\u003E\u003Ctd valign=\u0022top\u0022\u003E\u003Cp align=\u0022center\u0022\u003Eb) Montant des sommes privil\u00e9gi\u00e9es sup\u00e9rieur ou \u00e9gal \u00e0 20\u0026nbsp;800 \u20ac et inf\u00e9rieur \u00e0 41\u0026nbsp;600 \u20ac\u003C\/p\u003E\u003C\/td\u003E\u003Ctd\u003E\u003Cp align=\u0022center\u0022\u003E65,66 \u20ac\u003C\/p\u003E\u003C\/td\u003E\u003C\/tr\u003E\u003Ctr\u003E\u003Ctd\u003E\u003Cp align=\u0022center\u0022\u003Ec) Montant des sommes privil\u00e9gi\u00e9es sup\u00e9rieur ou \u00e9gal \u00e0 41\u0026nbsp;600 \u20ac\u003C\/p\u003E\u003C\/td\u003E\u003Ctd\u003E\u003Cp align=\u0022center\u0022\u003E98,49 \u20ac\u003C\/p\u003E\u003C\/td\u003E\u003C\/tr\u003E\u003Ctr\u003E\u003Ctd colspan=\u00222\u0022 valign=\u0022top\u0022\u003E\u003Cp align=\u0022center\u0022\u003ERadiation partielle d\u0027une inscription non p\u00e9rim\u00e9e\u0026nbsp;:\u003C\/p\u003E\u003C\/td\u003E\u003C\/tr\u003E\u003Ctr\u003E\u003Ctd valign=\u0022top\u0022\u003E\u003Cp align=\u0022center\u0022\u003Ea) Montant des sommes privil\u00e9gi\u00e9es inf\u00e9rieur \u00e0 20\u0026nbsp;800 \u20ac\u003C\/p\u003E\u003C\/td\u003E\u003Ctd\u003E\u003Cp align=\u0022center\u0022\u003E7,42 \u20ac\u003C\/p\u003E\u003C\/td\u003E\u003C\/tr\u003E\u003Ctr\u003E\u003Ctd valign=\u0022top\u0022\u003E\u003Cp align=\u0022center\u0022\u003Eb) Montant des sommes privil\u00e9gi\u00e9es sup\u00e9rieur ou \u00e9gal \u00e0 20\u0026nbsp;800 \u20ac\u003C\/p\u003E\u003C\/td\u003E\u003Ctd\u003E\u003Cp align=\u0022center\u0022\u003E32,85 \u20ac\u003C\/p\u003E\u003C\/td\u003E\u003C\/tr\u003E\u003Ctr\u003E\u003Ctd colspan=\u00222\u0022 valign=\u0022top\u0022\u003E\u003Cp align=\u0022center\u0022\u003EMention d\u0027ant\u00e9riorit\u00e9 ou de subrogation, le renouvellement d\u0027inscription\u0026nbsp;:\u003C\/p\u003E\u003C\/td\u003E\u003C\/tr\u003E\u003Ctr\u003E\u003Ctd valign=\u0022top\u0022\u003E\u003Cp align=\u0022center\u0022\u003Ea) Montant des sommes privil\u00e9gi\u00e9es inf\u00e9rieur \u00e0 20\u0026nbsp;800 \u20ac\u003C\/p\u003E\u003C\/td\u003E\u003Ctd\u003E\u003Cp align=\u0022center\u0022\u003E5,31 \u20ac\u003C\/p\u003E\u003C\/td\u003E\u003C\/tr\u003E\u003Ctr\u003E\u003Ctd valign=\u0022top\u0022\u003E\u003Cp align=\u0022center\u0022\u003Eb) Montant des sommes privil\u00e9gi\u00e9es sup\u00e9rieur ou \u00e9gal \u00e0 20\u0026nbsp;800 \u20ac\u003C\/p\u003E\u003C\/td\u003E\u003Ctd\u003E\u003Cp align=\u0022center\u0022\u003E16,95 \u20ac\u003C\/p\u003E\u003C\/td\u003E\u003C\/tr\u003E\u003Ctr\u003E\u003Ctd valign=\u0022top\u0022\u003E\u003Cp align=\u0022center\u0022\u003EEnsemble des formalit\u00e9s li\u00e9es au proc\u00e8s-verbal de d\u00e9p\u00f4t, certificat de d\u00e9p\u00f4t et certificat constatant une transcription, une cession d\u0027ant\u00e9riorit\u00e9 ou de radiation\u003C\/p\u003E\u003C\/td\u003E\u003Ctd\u003E\u003Cp align=\u0022center\u0022\u003E3,19 \u20ac\u003C\/p\u003E\u003C\/td\u003E\u003C\/tr\u003E\u003Ctr\u003E\u003Ctd valign=\u0022top\u0022\u003E\u003Cp align=\u0022center\u0022\u003ED\u00e9livrance d\u0027un \u00e9tat d\u0027inscription positif ou n\u00e9gatif, quel que soit le nombre d\u0027inscriptions r\u00e9v\u00e9l\u00e9es\u003C\/p\u003E\u003C\/td\u003E\u003Ctd\u003E\u003Cp align=\u0022center\u0022\u003E2,13 \u20ac\u003C\/p\u003E\u003C\/td\u003E\u003C\/tr\u003E\u003Ctr\u003E\u003Ctd valign=\u0022top\u0022\u003E\u003Cp align=\u0022center\u0022\u003ER\u00e9daction de la d\u00e9claration de cr\u00e9ance et le certificat constatant cette d\u00e9claration\u003C\/p\u003E\u003C\/td\u003E\u003Ctd\u003E\u003Cp align=\u0022center\u0022\u003E2,13 \u20ac\u003C\/p\u003E\u003C\/td\u003E\u003C\/tr\u003E\u003Ctr\u003E\u003Ctd valign=\u0022top\u0022\u003E\u003Cp align=\u0022center\u0022\u003EMention de changement de si\u00e8ge de fonds, le certificat d\u0027inscription des ventes, les cessions ou nantissements en ce qu\u0027ils s\u0027appliquent aux brevets d\u0027invention et aux licences, aux marques de fabrique et de commerce, aux dessins et mod\u00e8les industriels\u003C\/p\u003E\u003C\/td\u003E\u003Ctd\u003E\u003Cp align=\u0022center\u0022\u003E1,08 \u20ac\u003C\/p\u003E\u003C\/td\u003E\u003C\/tr\u003E\u003Ctr\u003E\u003Ctd valign=\u0022top\u0022\u003E\u003Cp align=\u0022center\u0022\u003ED\u00e9livrance des copies de bordereaux d\u0027inscription et des actes de vente sous seing priv\u00e9 d\u00e9pos\u00e9s au greffe\u003C\/p\u003E\u003C\/td\u003E\u003Ctd\u003E\u003Cp align=\u0022center\u0022\u003E1,08 \u20ac\u003C\/p\u003E\u003C\/td\u003E\u003C\/tr\u003E\u003Ctr\u003E\u003Ctd valign=\u0022top\u0022\u003E\u003Cp align=\u0022center\u0022\u003ECopie certifi\u00e9e conforme\u003C\/p\u003E\u003C\/td\u003E\u003Ctd\u003E\u003Cp align=\u0022center\u0022\u003E2,13 \u20ac\u003C\/p\u003E\u003C\/td\u003E\u003C\/tr\u003E\u003Ctr\u003E\u003Ctd\u003E\u003Cp align=\u0022center\u0022\u003E\u003Cstrong\u003EActes de nantissement d\u0027un fonds agricole ou d\u0027un fonds artisanal\u003C\/strong\u003E\u003C\/p\u003E\u003C\/td\u003E\u003Ctd valign=\u0022top\u0022\u003E\u003Cp align=\u0022center\u0022\u003ECes prestations sont analogues \u00e0 celles des actes de nantissement de fonds de commerce, mais effectu\u00e9es dans le cadre d\u0027un nantissement de fonds agricole ou artisanal\u003C\/p\u003E\u003C\/td\u003E\u003Ctd rowspan=\u00224\u0022\u003E\u003Cp align=\u0022center\u0022\u003E\u00c9moluments \u00e9gaux \u00e0 ceux pr\u00e9vus pour les actes ou formalit\u00e9s analogues en cas de nantissement de fonds de commerce\u003C\/p\u003E\u003C\/td\u003E\u003C\/tr\u003E\u003Ctr\u003E\u003Ctd\u003E\u003Cp align=\u0022center\u0022\u003E\u003Cstrong\u003EActes de nantissement judiciaire\u003C\/strong\u003E\u003C\/p\u003E\u003C\/td\u003E\u003Ctd valign=\u0022top\u0022\u003E\u003Cp align=\u0022center\u0022\u003ECes prestations sont analogues \u00e0 celles des actes de nantissement de fonds de commerce, mais effectu\u00e9es dans le cadre d\u0027un nantissement judiciaire\u003C\/p\u003E\u003C\/td\u003E\u003C\/tr\u003E\u003Ctr\u003E\u003Ctd\u003E\u003Cp align=\u0022center\u0022\u003E\u003Cstrong\u003EActes de gage des stocks\u003C\/strong\u003E\u003C\/p\u003E\u003C\/td\u003E\u003Ctd valign=\u0022top\u0022\u003E\u003Cp align=\u0022center\u0022\u003ECes prestations sont analogues \u00e0 celles des actes de nantissement de fonds de commerce, mais effectu\u00e9es dans le cadre d\u0027un gage de stocks.\u003C\/p\u003E\u003C\/td\u003E\u003C\/tr\u003E\u003Ctr\u003E\u003Ctd\u003E\u003Cp align=\u0022center\u0022\u003E\u003Cstrong\u003EActes de nantissement d\u0027outillage ou de mat\u00e9riel\u003C\/strong\u003E\u003C\/p\u003E\u003C\/td\u003E\u003Ctd valign=\u0022top\u0022\u003E\u003Cp align=\u0022center\u0022\u003ECes prestations sont analogues \u00e0 celles des actes de nantissement de fonds de commerce, mais effectu\u00e9es dans le cadre d\u0027un nantissement d\u0027outillage ou de mat\u00e9riel\u003C\/p\u003E\u003C\/td\u003E\u003C\/tr\u003E\u003Ctr\u003E\u003Ctd rowspan=\u002217\u0022\u003E\u003Cp align=\u0022center\u0022\u003E\u003Cstrong\u003EActes de gage sur meubles corporels\u003C\/strong\u003E\u003C\/p\u003E\u003C\/td\u003E\u003Ctd colspan=\u00222\u0022 valign=\u0022top\u0022\u003E\u003Cp align=\u0022center\u0022\u003EGages sur meubles corporels\u0026nbsp;:\u003C\/p\u003E\u003C\/td\u003E\u003C\/tr\u003E\u003Ctr\u003E\u003Ctd colspan=\u00222\u0022 valign=\u0022top\u0022\u003E\u003Cp align=\u0022center\u0022\u003EInscription, y compris radiation totale d\u0027une inscription non p\u00e9rim\u00e9e\u0026nbsp;:\u003C\/p\u003E\u003C\/td\u003E\u003C\/tr\u003E\u003Ctr\u003E\u003Ctd valign=\u0022top\u0022\u003E\u003Cp align=\u0022center\u0022\u003Ea) Montant des sommes garanties inf\u00e9rieur \u00e0 7\u0026nbsp;800 \u20ac\u003C\/p\u003E\u003C\/td\u003E\u003Ctd\u003E\u003Cp align=\u0022center\u0022\u003E7,42 \u20ac\u003C\/p\u003E\u003C\/td\u003E\u003C\/tr\u003E\u003Ctr\u003E\u003Ctd valign=\u0022top\u0022\u003E\u003Cp align=\u0022center\u0022\u003Eb) Montant des sommes garanties sup\u00e9rieur ou \u00e9gal \u00e0 7\u0026nbsp;800 \u20ac et inf\u00e9rieur \u00e0 20\u0026nbsp;800 \u20ac\u003C\/p\u003E\u003C\/td\u003E\u003Ctd\u003E\u003Cp align=\u0022center\u0022\u003E15,89 \u20ac\u003C\/p\u003E\u003C\/td\u003E\u003C\/tr\u003E\u003Ctr\u003E\u003Ctd valign=\u0022top\u0022\u003E\u003Cp align=\u0022center\u0022\u003Ec) Montant des sommes garanties sup\u00e9rieur ou \u00e9gal \u00e0 20\u0026nbsp;800 \u20ac\u003C\/p\u003E\u003C\/td\u003E\u003Ctd\u003E\u003Cp align=\u0022center\u0022\u003E47,66 \u20ac\u003C\/p\u003E\u003C\/td\u003E\u003C\/tr\u003E\u003Ctr\u003E\u003Ctd colspan=\u00222\u0022 valign=\u0022top\u0022\u003E\u003Cp align=\u0022center\u0022\u003ERadiation partielle d\u0027une inscription non p\u00e9rim\u00e9e\u0026nbsp;:\u003C\/p\u003E\u003C\/td\u003E\u003C\/tr\u003E\u003Ctr\u003E\u003Ctd valign=\u0022top\u0022\u003E\u003Cp align=\u0022center\u0022\u003Ea) Montant des sommes garanties inf\u00e9rieur \u00e0 7\u0026nbsp;800 \u20ac\u003C\/p\u003E\u003C\/td\u003E\u003Ctd\u003E\u003Cp align=\u0022center\u0022\u003E4,24 \u20ac\u003C\/p\u003E\u003C\/td\u003E\u003C\/tr\u003E\u003Ctr\u003E\u003Ctd valign=\u0022top\u0022\u003E\u003Cp align=\u0022center\u0022\u003Eb) Montant des sommes garanties sup\u00e9rieur ou \u00e9gal \u00e0 7\u0026nbsp;800 \u20ac et inf\u00e9rieur \u00e0 20\u0026nbsp;800 \u20ac\u003C\/p\u003E\u003C\/td\u003E\u003Ctd\u003E\u003Cp align=\u0022center\u0022\u003E8,49 \u20ac\u003C\/p\u003E\u003C\/td\u003E\u003C\/tr\u003E\u003Ctr\u003E\u003Ctd valign=\u0022top\u0022\u003E\u003Cp align=\u0022center\u0022\u003Ec) Montant des sommes garanties sup\u00e9rieur ou \u00e9gal \u00e0 20\u0026nbsp;800 \u20ac\u003C\/p\u003E\u003C\/td\u003E\u003Ctd\u003E\u003Cp align=\u0022center\u0022\u003E24,37 \u20ac\u003C\/p\u003E\u003C\/td\u003E\u003C\/tr\u003E\u003Ctr\u003E\u003Ctd colspan=\u00222\u0022 valign=\u0022top\u0022\u003E\u003Cp align=\u0022center\u0022\u003EMention d\u0027ant\u00e9riorit\u00e9 ou de subrogation, le renouvellement d\u0027inscription\u0026nbsp;:\u003C\/p\u003E\u003C\/td\u003E\u003C\/tr\u003E\u003Ctr\u003E\u003Ctd valign=\u0022top\u0022\u003E\u003Cp align=\u0022center\u0022\u003Ea) Montant des sommes garanties inf\u00e9rieur \u00e0 7\u0026nbsp;800 \u20ac\u003C\/p\u003E\u003C\/td\u003E\u003Ctd\u003E\u003Cp align=\u0022center\u0022\u003E4,24 \u20ac\u003C\/p\u003E\u003C\/td\u003E\u003C\/tr\u003E\u003Ctr\u003E\u003Ctd valign=\u0022top\u0022\u003E\u003Cp align=\u0022center\u0022\u003Eb) Montant des sommes garanties sup\u00e9rieur ou \u00e9gal \u00e0 7\u0026nbsp;800 \u20ac et inf\u00e9rieur \u00e0 20\u0026nbsp;800 \u20ac\u003C\/p\u003E\u003C\/td\u003E\u003Ctd\u003E\u003Cp align=\u0022center\u0022\u003E8,49 \u20ac\u003C\/p\u003E\u003C\/td\u003E\u003C\/tr\u003E\u003Ctr\u003E\u003Ctd valign=\u0022top\u0022\u003E\u003Cp align=\u0022center\u0022\u003Ec) Montant des sommes garanties sup\u00e9rieur ou \u00e9gal \u00e0 20\u0026nbsp;800 \u20ac\u003C\/p\u003E\u003C\/td\u003E\u003Ctd\u003E\u003Cp align=\u0022center\u0022\u003E24,37 \u20ac\u003C\/p\u003E\u003C\/td\u003E\u003C\/tr\u003E\u003Ctr\u003E\u003Ctd valign=\u0022top\u0022\u003E\u003Cp align=\u0022center\u0022\u003EEnsemble des formalit\u00e9s li\u00e9es au proc\u00e8s-verbal de d\u00e9p\u00f4t, certificat de d\u00e9p\u00f4t et certificat constatant une transcription, une cession d\u0027ant\u00e9riorit\u00e9 ou de radiation\u003C\/p\u003E\u003C\/td\u003E\u003Ctd\u003E\u003Cp align=\u0022center\u0022\u003E1,08 \u20ac\u003C\/p\u003E\u003C\/td\u003E\u003C\/tr\u003E\u003Ctr\u003E\u003Ctd valign=\u0022top\u0022\u003E\u003Cp align=\u0022center\u0022\u003ED\u00e9livrance d\u0027un \u00e9tat d\u0027inscription positif ou n\u00e9gatif, quel que soit le nombre d\u0027inscriptions r\u00e9v\u00e9l\u00e9es\u003C\/p\u003E\u003C\/td\u003E\u003Ctd\u003E\u003Cp align=\u0022center\u0022\u003E2,13 \u20ac\u003C\/p\u003E\u003C\/td\u003E\u003C\/tr\u003E\u003Ctr\u003E\u003Ctd valign=\u0022top\u0022\u003E\u003Cp align=\u0022center\u0022\u003ED\u00e9livrance des copies de bordereaux d\u0027inscription et des actes de vente sous seing priv\u00e9 d\u00e9pos\u00e9s au greffe\u003C\/p\u003E\u003C\/td\u003E\u003Ctd\u003E\u003Cp align=\u0022center\u0022\u003E3,19 \u20ac\u003C\/p\u003E\u003C\/td\u003E\u003C\/tr\u003E\u003Ctr\u003E\u003Ctd valign=\u0022top\u0022\u003E\u003Cp align=\u0022center\u0022\u003ECopie certifi\u00e9e conforme\u003C\/p\u003E\u003C\/td\u003E\u003Ctd\u003E\u003Cp align=\u0022center\u0022\u003E2,13 \u20ac\u003C\/p\u003E\u003C\/td\u003E\u003C\/tr\u003E\u003Ctr\u003E\u003Ctd rowspan=\u002212\u0022\u003E\u003Cp align=\u0022center\u0022\u003E\u003Cstrong\u003EPrestations relatives aux warrants autres qu\u0027agricoles\u003C\/strong\u003E\u003C\/p\u003E\u003C\/td\u003E\u003Ctd colspan=\u00222\u0022 valign=\u0022top\u0022\u003E\u003Cp align=\u0022center\u0022\u003E\u00c9tablissement du warrant, y compris sa radiation (ensemble le volant, la souche et la transcription du premier endossement)\u0026nbsp;:\u003C\/p\u003E\u003C\/td\u003E\u003C\/tr\u003E\u003Ctr\u003E\u003Ctd valign=\u0022top\u0022\u003E\u003Cp align=\u0022center\u0022\u003Ea) Montant des sommes privil\u00e9gi\u00e9es inf\u00e9rieur \u00e0 20\u0026nbsp;800 \u20ac\u003C\/p\u003E\u003C\/td\u003E\u003Ctd\u003E\u003Cp align=\u0022center\u0022\u003E14,83 \u20ac\u003C\/p\u003E\u003C\/td\u003E\u003C\/tr\u003E\u003Ctr\u003E\u003Ctd valign=\u0022top\u0022\u003E\u003Cp align=\u0022center\u0022\u003Eb) Montant des sommes privil\u00e9gi\u00e9es sup\u00e9rieur ou \u00e9gal \u00e0 20\u0026nbsp;800 \u20ac\u003C\/p\u003E\u003C\/td\u003E\u003Ctd\u003E\u003Cp align=\u0022center\u0022\u003E65,66 \u20ac\u003C\/p\u003E\u003C\/td\u003E\u003C\/tr\u003E\u003Ctr\u003E\u003Ctd colspan=\u00222\u0022 valign=\u0022top\u0022\u003E\u003Cp align=\u0022center\u0022\u003ERadiation partielle\u0026nbsp;:\u003C\/p\u003E\u003C\/td\u003E\u003C\/tr\u003E\u003Ctr\u003E\u003Ctd valign=\u0022top\u0022\u003E\u003Cp align=\u0022center\u0022\u003Ea) Montant des sommes privil\u00e9gi\u00e9es inf\u00e9rieur \u00e0 20\u0026nbsp;800 \u20ac\u003C\/p\u003E\u003C\/td\u003E\u003Ctd\u003E\u003Cp align=\u0022center\u0022\u003E14,83 \u20ac\u003C\/p\u003E\u003C\/td\u003E\u003C\/tr\u003E\u003Ctr\u003E\u003Ctd valign=\u0022top\u0022\u003E\u003Cp align=\u0022center\u0022\u003Eb) Montant des sommes privil\u00e9gi\u00e9es sup\u00e9rieur ou \u00e9gal \u00e0 20\u0026nbsp;800 \u20ac\u003C\/p\u003E\u003C\/td\u003E\u003Ctd\u003E\u003Cp align=\u0022center\u0022\u003E65,66 \u20ac\u003C\/p\u003E\u003C\/td\u003E\u003C\/tr\u003E\u003Ctr\u003E\u003Ctd colspan=\u00222\u0022 valign=\u0022top\u0022\u003E\u003Cp align=\u0022center\u0022\u003ERenouvellement du warrant et l\u0027inscription d\u0027avis d\u0027escompte\u0026nbsp;:\u003C\/p\u003E\u003C\/td\u003E\u003C\/tr\u003E\u003Ctr\u003E\u003Ctd valign=\u0022top\u0022\u003E\u003Cp align=\u0022center\u0022\u003Ea) Montant des sommes privil\u00e9gi\u00e9es inf\u00e9rieur \u00e0 20\u0026nbsp;800 \u20ac\u003C\/p\u003E\u003C\/td\u003E\u003Ctd\u003E\u003Cp align=\u0022center\u0022\u003E7,42 \u20ac\u003C\/p\u003E\u003C\/td\u003E\u003C\/tr\u003E\u003Ctr\u003E\u003Ctd valign=\u0022top\u0022\u003E\u003Cp align=\u0022center\u0022\u003Eb) Montant des sommes privil\u00e9gi\u00e9es sup\u00e9rieur ou \u00e9gal \u00e0 20\u0026nbsp;800 \u20ac\u003C\/p\u003E\u003C\/td\u003E\u003Ctd\u003E\u003Cp align=\u0022center\u0022\u003E32,85 \u20ac\u003C\/p\u003E\u003C\/td\u003E\u003C\/tr\u003E\u003Ctr\u003E\u003Ctd valign=\u0022top\u0022\u003E\u003Cp align=\u0022center\u0022\u003ED\u00e9livrance d\u0027un \u00e9tat de transcription ou d\u0027un \u00e9tat n\u00e9gatif\u003C\/p\u003E\u003C\/td\u003E\u003Ctd\u003E\u003Cp align=\u0022center\u0022\u003E2,13 \u20ac\u003C\/p\u003E\u003C\/td\u003E\u003C\/tr\u003E\u003Ctr\u003E\u003Ctd valign=\u0022top\u0022\u003E\u003Cp align=\u0022center\u0022\u003ECertificat de radiation\u003C\/p\u003E\u003C\/td\u003E\u003Ctd\u003E\u003Cp align=\u0022center\u0022\u003E1,08 \u20ac\u003C\/p\u003E\u003C\/td\u003E\u003C\/tr\u003E\u003Ctr\u003E\u003Ctd valign=\u0022top\u0022\u003E\u003Cp align=\u0022center\u0022\u003ER\u00e9daction de lettre recommand\u00e9e en cas de formalit\u00e9 obligatoire\u003C\/p\u003E\u003C\/td\u003E\u003Ctd\u003E\u003Cp align=\u0022center\u0022\u003E0,27 \u20ac\u003C\/p\u003E\u003C\/td\u003E\u003C\/tr\u003E\u003Ctr\u003E\u003Ctd\u003E\u003Cp align=\u0022center\u0022\u003E\u003Cstrong\u003EActes de nantissement de parts sociales ou de meubles incorporels\u003C\/strong\u003E\u003C\/p\u003E\u003C\/td\u003E\u003Ctd valign=\u0022top\u0022\u003E\u003Cp align=\u0022center\u0022\u003ECes prestations sont analogues \u00e0 celles des actes de nantissement de fonds de commerce, mais effectu\u00e9es dans le cadre d\u0027un nantissement de parts sociales ou de meubles incorporels.\u003C\/p\u003E\u003C\/td\u003E\u003Ctd\u003E\u003Cp align=\u0022center\u0022\u003E\u00c9moluments \u00e9gaux \u00e0 ceux pr\u00e9vus pour les actes ou formalit\u00e9s analogues en cas de nantissement de fonds de commerce\u003C\/p\u003E\u003C\/td\u003E\u003C\/tr\u003E\u003C\/tbody\u003E\u003C\/table\u003E                                            \u003Cp\u003E\u003Cbr \/\u003E\u003Cstrong\u003ESource :\u003C\/strong\u003E\u003Cstrong\u003E\u00a0\u003C\/strong\u003E\u003C\/p\u003E\u003Cul\u003E\u003Cli\u003E\u003Ca href=\u0022https:\/\/www.legifrance.gouv.fr\/codes\/article_lc\/LEGIARTI000049218548\u0022 target=\u0022_blank\u0022 rel=\u0022noopener\u0022\u003EArticle A 743-11 du Code de commerce\u003C\/a\u003E\u003C\/li\u003E\u003Cli\u003E\u003Ca href=\u0022https:\/\/www.legifrance.gouv.fr\/loda\/id\/LEGIARTI000049214610\/2024-03-01\/\u0022 target=\u0022_blank\u0022 rel=\u0022noopener\u0022\u003EArr\u00eat\u00e9 du 28 f\u00e9vrier 2024 fixant l\u0027objectif de taux de r\u00e9sultat moyen et les tarifs r\u00e8glement\u00e9s des greffiers de tribunaux de commerce\u003C\/a\u003E\u003C\/li\u003E\u003C\/ul\u003E\u003C\/div\u003E","annee":"2025","theme":" Indices, taux, bar\u00e8mes juridiques","activites":["Professionnels du droit et du chiffre"],"image":"https:\/\/www.weblex.fr\/sites\/default\/files\/chiffres_clef\/Shutterstock_greffierstribunalcommerce.jpg","created":"2025-07-07","modified":"2026-04-20"},{"url":"\/chiffres-cles\/taux-de-l-interet-legal-annee-2025","id":26510,"title":"Taux de l\u2019int\u00e9r\u00eat l\u00e9gal - Ann\u00e9e 2025","content":"\u003Cdiv\u003E                                              \u003Cp\u003E\u003Cstrong\u003ETaux de l\u2019int\u00e9r\u00eat l\u00e9gal applicables au cours du 2d semestre 2025\u003C\/strong\u003E\u003C\/p\u003E\u003Cul\u003E\u003Cli\u003EPour les cr\u00e9ances des personnes physiques n\u2019agissant pas pour des besoins professionnels : 6,65 %\u003C\/li\u003E\u003Cli\u003EPour tous les autres cas : 2,76 %\u003C\/li\u003E\u003C\/ul\u003E\u003Cp\u003E\u003Cstrong\u003EExemples d\u2019application\u003C\/strong\u003E\u003C\/p\u003E\u003Cul\u003E\u003Cli\u003EConditions g\u00e9n\u00e9rales de vente entre professionnels =\u0026gt; Taux minimum des p\u00e9nalit\u00e9s de retard de paiement : 8,28\u0026nbsp;% (3 fois le taux d\u2019int\u00e9r\u00eat l\u00e9gal)\u003C\/li\u003E\u003Cli\u003ERecouvrement judiciaire :\u003Cul\u003E\u003Cli\u003E11,65 % pour la cr\u00e9ance d\u2019un particulier\u003C\/li\u003E\u003Cli\u003E7,76 % dans les autres cas\u003C\/li\u003E\u003C\/ul\u003E\u003C\/li\u003E\u003C\/ul\u003E\u003Cp\u003E\u003Cstrong\u003EPour rappel.\u003C\/strong\u003E Depuis le 1er janvier 2015, deux taux de l\u2019int\u00e9r\u00eat l\u00e9gal sont applicables : le 1er taux est applicable aux cr\u00e9ances des particuliers (entendus comme les personnes n\u2019agissant pas pour des besoins professionnels) et le 2d taux est applicable dans les autres cas, c\u2019est-\u00e0-dire principalement aux entreprises. L\u2019actualisation de ces nouveaux taux de l\u2019int\u00e9r\u00eat l\u00e9gal est effectu\u00e9e une fois par semestre afin de refl\u00e9ter au mieux les fluctuations de l\u2019activit\u00e9 \u00e9conomique et non plus tous les ans comme c\u2019\u00e9tait le cas ant\u00e9rieurement.\u003C\/p\u003E\u003Cp\u003ELe mode de calcul de ces taux est le suivant :\u003C\/p\u003E\u003Cul\u003E\u003Cli\u003Epour les cr\u00e9anciers particuliers (n\u2019agissant pas pour des besoins professionnels), le taux d\u2019int\u00e9r\u00eat l\u00e9gal est \u00e9gal au taux des op\u00e9rations principales de refinancement de la BCE et de 60 % de l\u2019\u00e9cart entre le taux des cr\u00e9dits amortissables \u00e0 la consommation des particuliers et le taux de la BCE ;\u003C\/li\u003E\u003Cli\u003Epour les professionnels, le taux d\u2019int\u00e9r\u00eat l\u00e9gal est \u00e9gal au taux des op\u00e9rations principales de refinancement de la BCE et de 60 % de l\u2019\u00e9cart entre le taux des cr\u00e9dits aux soci\u00e9t\u00e9s non financi\u00e8res et le taux de la BCE.\u003C\/li\u003E\u003C\/ul\u003E\u003Cp\u003E\u003Cstrong\u003ERappels des taux applicables au titre des ann\u00e9es pr\u00e9c\u00e9dentes\u003C\/strong\u003E\u003C\/p\u003E\u003Cp\u003E\u0026nbsp;\u0026nbsp;\u003C\/p\u003E\u003Ctable class=\u0022MsoTableGrid\u0022\u003E\u003Ctbody\u003E\u003Ctr\u003E\u003Ctd valign=\u0022top\u0022\u003E\u003Cp align=\u0022center\u0022\u003E\u003Cstrong\u003EANN\u00c9E\u003C\/strong\u003E\u003C\/p\u003E\u003C\/td\u003E\u003Ctd valign=\u0022top\u0022\u003E\u003Cp align=\u0022center\u0022\u003E\u003Cstrong\u003ETAUX\u003C\/strong\u003E\u003C\/p\u003E\u003C\/td\u003E\u003C\/tr\u003E\u003Ctr\u003E\u003Ctd valign=\u0022top\u0022\u003E\u003Cp align=\u0022center\u0022\u003E1er semestre 2021\u003C\/p\u003E\u003C\/td\u003E\u003Ctd valign=\u0022top\u0022\u003E\u003Cp align=\u0022center\u0022\u003E3,14 % \/ 0,79 %\u003C\/p\u003E\u003C\/td\u003E\u003C\/tr\u003E\u003Ctr\u003E\u003Ctd valign=\u0022top\u0022\u003E\u003Cp align=\u0022center\u0022\u003E2d\u0026nbsp;semestre 2021\u003C\/p\u003E\u003C\/td\u003E\u003Ctd valign=\u0022top\u0022\u003E\u003Cp align=\u0022center\u0022\u003E3,12 % \/ 0,76 %\u003C\/p\u003E\u003C\/td\u003E\u003C\/tr\u003E\u003Ctr\u003E\u003Ctd valign=\u0022top\u0022\u003E\u003Cp align=\u0022center\u0022\u003E1er semestre 2022\u003C\/p\u003E\u003C\/td\u003E\u003Ctd valign=\u0022top\u0022\u003E\u003Cp align=\u0022center\u0022\u003E3,13 % \/ 0,77 %\u003C\/p\u003E\u003C\/td\u003E\u003C\/tr\u003E\u003Ctr\u003E\u003Ctd valign=\u0022top\u0022\u003E\u003Cp align=\u0022center\u0022\u003E2d semestre 2022\u003C\/p\u003E\u003C\/td\u003E\u003Ctd valign=\u0022top\u0022\u003E\u003Cp align=\u0022center\u0022\u003E3,15 % \/ 0,77 %\u003C\/p\u003E\u003C\/td\u003E\u003C\/tr\u003E\u003Ctr\u003E\u003Ctd valign=\u0022top\u0022\u003E\u003Cp align=\u0022center\u0022\u003E1er semestre 2023\u003C\/p\u003E\u003C\/td\u003E\u003Ctd valign=\u0022top\u0022\u003E\u003Cp align=\u0022center\u0022\u003E4,47 % \/ 2,06 %\u003C\/p\u003E\u003C\/td\u003E\u003C\/tr\u003E\u003Ctr\u003E\u003Ctd valign=\u0022top\u0022\u003E\u003Cp align=\u0022center\u0022\u003E2d\u0026nbsp;semestre 2023\u003C\/p\u003E\u003C\/td\u003E\u003Ctd valign=\u0022top\u0022\u003E\u003Cp align=\u0022center\u0022\u003E6,82 % \/ 4,22 %\u003C\/p\u003E\u003C\/td\u003E\u003C\/tr\u003E\u003Ctr\u003E\u003Ctd valign=\u0022top\u0022\u003E\u003Cp align=\u0022center\u0022\u003E1er\u0026nbsp;semestre 2024\u003C\/p\u003E\u003C\/td\u003E\u003Ctd valign=\u0022top\u0022\u003E\u003Cp align=\u0022center\u0022\u003E8,01\u0026nbsp;% \/ 5,70%\u003C\/p\u003E\u003C\/td\u003E\u003C\/tr\u003E\u003Ctr\u003E\u003Ctd valign=\u0022top\u0022\u003E\u003Cp align=\u0022center\u0022\u003E2d\u0026nbsp;semestre 2024\u003C\/p\u003E\u003C\/td\u003E\u003Ctd valign=\u0022top\u0022\u003E\u003Cp align=\u0022center\u0022\u003E8,16 % \/ 4,92 %\u003C\/p\u003E\u003C\/td\u003E\u003C\/tr\u003E\u003Ctr\u003E\u003Ctd valign=\u0022top\u0022\u003E\u003Cp align=\u0022center\u0022\u003E1er\u0026nbsp;semestre 2025\u003C\/p\u003E\u003C\/td\u003E\u003Ctd valign=\u0022top\u0022\u003E\u003Cp align=\u0022center\u0022\u003E7,21 % \/ 3,71 %\u003C\/p\u003E\u003C\/td\u003E\u003C\/tr\u003E\u003Ctr\u003E\u003Ctd valign=\u0022top\u0022\u003E\u003Cp align=\u0022center\u0022\u003E2d\u0026nbsp;semestre 2025\u003C\/p\u003E\u003C\/td\u003E\u003Ctd valign=\u0022top\u0022\u003E\u003Cp align=\u0022center\u0022\u003E6,65 % \/ 2,76 %\u003C\/p\u003E\u003C\/td\u003E\u003C\/tr\u003E\u003C\/tbody\u003E\u003C\/table\u003E\u003Cp align=\u0022center\u0022\u003E\u0026nbsp;\u003C\/p\u003E                                            \u003Cp\u003E\u003Cbr \/\u003E\u003Cstrong\u003ESource :\u003C\/strong\u003E\u003Cstrong\u003E\u00a0\u003C\/strong\u003E\u003C\/p\u003E\u003Cul\u003E\u003Cli\u003E\u003Ca href=\u0022https:\/\/www.legifrance.gouv.fr\/loda\/id\/JORFTEXT000029391527\u0022 target=\u0022_blank\u0022 rel=\u0022noopener\u0022\u003EOrdonnance n\u00b0 2014-947 du 20 ao\u00fbt 2014 relative au taux de l\u2019int\u00e9r\u00eat l\u00e9gal\u003C\/a\u003E\u003C\/li\u003E\u003Cli\u003E\u003Ca href=\u0022https:\/\/www.legifrance.gouv.fr\/loda\/id\/JORFTEXT000029534890\u0022 target=\u0022_blank\u0022 rel=\u0022noopener\u0022\u003ED\u00e9cret n\u00b0 2014-1115 du 2 octobre 2014 fixant les cat\u00e9gories de pr\u00eats servant de base \u00e0 l\u2019application de l\u2019article L 313-2 du Code mon\u00e9taire et financier\u003C\/a\u003E\u003C\/li\u003E\u003Cli\u003E\u003Ca href=\u0022https:\/\/www.legifrance.gouv.fr\/jorf\/id\/JORFTEXT000051783186?init=true\u0026amp;page=1\u0026amp;query=relatif+%C3%A0+la+fixation+du+taux+de+l%27int%C3%A9r%C3%AAt+l%C3%A9gal\u0026amp;searchField=ALL\u0026amp;tab_selection=all\u0022 target=\u0022_blank\u0022 rel=\u0022noopener\u0022\u003EArr\u00eat\u00e9 du 19 juin 2025 relatif \u00e0 la fixation du taux de l\u0027int\u00e9r\u00eat l\u00e9gal\u003C\/a\u003E\u003C\/li\u003E\u003Cli\u003E\u003Ca href=\u0022https:\/\/www.legifrance.gouv.fr\/codes\/article_lc\/LEGIARTI000006652083\u0022 target=\u0022_blank\u0022 rel=\u0022noopener\u0022\u003EArticle L 313-3 du Code mon\u00e9taire et financier\u0026nbsp;\u003C\/a\u003E\u003C\/li\u003E\u003C\/ul\u003E\u003C\/div\u003E","annee":"2025","theme":" Indices, taux, bar\u00e8mes juridiques","activites":["Tout secteur"],"image":"https:\/\/www.weblex.fr\/sites\/default\/files\/chiffres_clef\/Shutterstock_tauxinteretcombien.jpg","created":"2025-07-01","modified":"2026-01-08"},{"url":"\/chiffres-cles\/taxe-pour-la-creation-de-locaux-a-usage-de-bureaux-de-locaux-commerciaux-et-de-locaux-de-stockage-en-region-d-ile-de-france-2025","id":26499,"title":"Taxe pour la cr\u00e9ation de locaux \u00e0 usage de bureaux, de locaux commerciaux et de locaux de stockage en r\u00e9gion d\u0027Ile-de-France - 2025","content":"\u003Cdiv\u003E                                              \u003Cp\u003EComme chaque ann\u00e9e, les tarifs au m\u00e8tre carr\u00e9 de la taxe pour la cr\u00e9ation de locaux \u00e0 usage de bureaux, de locaux commerciaux et de locaux de stockage (TCBCS) en r\u00e9gion Ile-de-France sont actualis\u00e9s.\u003C\/p\u003E\u003Cp\u003ECette taxe sur la cr\u00e9ation de bureaux concerne les travaux\u0026nbsp;de construction, de reconstruction\u0026nbsp;et d\u2019agrandissement.\u003C\/p\u003E\u003Cp\u003ELes tarifs varient selon la circonscription dans laquelle les travaux sont effectu\u00e9s. Les circonscriptions sont les suivantes\u0026nbsp;:\u003C\/p\u003E\u003Cul\u003E\u003Cli\u003E1re circonscription\u0026nbsp;: Paris et le d\u00e9partement des Hauts-de-Seine\u0026nbsp;;\u003C\/li\u003E\u003Cli\u003E2e\u0026nbsp;circonscription\u0026nbsp;: les communes de la m\u00e9tropole du Grand Paris autres que les communes de la 1re\u0026nbsp;circonscription\u0026nbsp;;\u003C\/li\u003E\u003Cli\u003E3e\u0026nbsp;circonscription\u0026nbsp;: les communes de l\u0027unit\u00e9 urbaine de Paris autres que les communes des 1\u00e8re\u0026nbsp;et 2e\u0026nbsp;circonscriptions\u0026nbsp;;\u003C\/li\u003E\u003Cli\u003E4e\u0026nbsp;circonscription\u0026nbsp;: les autres communes situ\u00e9es en \u00cele-de-France.\u003C\/li\u003E\u003C\/ul\u003E\u003Cp\u003ELe montant d\u00fb par l\u0027entreprise varie selon la nature des locaux (bureaux, locaux commerciaux et locaux de stockage).\u003C\/p\u003E\u003Ch2\u003E\u003Cstrong\u003ELocaux \u00e0 usage de bureaux\u003C\/strong\u003E\u003C\/h2\u003E\u003Ch3\u003E\u003Cstrong\u003ETarif 2025 pour les locaux \u00e0 usage de bureaux\u003C\/strong\u003E\u003C\/h3\u003E\u003Ctable border=\u00220\u0022 cellspacing=\u00220\u0022 cellpadding=\u00220\u0022\u003E\u003Ctbody\u003E\u003Ctr\u003E\u003Ctd width=\u0022302\u0022 valign=\u0022top\u0022\u003E\u003Cp\u003E\u003Cstrong\u003ELieux des locaux\u003C\/strong\u003E\u003C\/p\u003E\u003Cp\u003E\u0026nbsp;\u003C\/p\u003E\u003C\/td\u003E\u003Ctd width=\u0022302\u0022 valign=\u0022top\u0022\u003E\u003Cp\u003E\u003Cstrong\u003ETarif par m2 au 1er janvier 2025\u003C\/strong\u003E\u003C\/p\u003E\u003C\/td\u003E\u003C\/tr\u003E\u003Ctr\u003E\u003Ctd width=\u0022302\u0022 valign=\u0022top\u0022\u003E\u003Cp\u003E1re circonscription\u003C\/p\u003E\u003C\/td\u003E\u003Ctd width=\u0022302\u0022 valign=\u0022top\u0022\u003E\u003Cp\u003E\u003Cstrong\u003E463,96 \u20ac\u003C\/strong\u003E\u003C\/p\u003E\u003C\/td\u003E\u003C\/tr\u003E\u003Ctr\u003E\u003Ctd width=\u0022302\u0022 valign=\u0022top\u0022\u003E\u003Cp\u003E2e circonscription\u003C\/p\u003E\u003C\/td\u003E\u003Ctd width=\u0022302\u0022 valign=\u0022top\u0022\u003E\u003Cp\u003E\u003Cstrong\u003E104,42 \u20ac\u003C\/strong\u003E\u003C\/p\u003E\u003C\/td\u003E\u003C\/tr\u003E\u003Ctr\u003E\u003Ctd width=\u0022302\u0022 valign=\u0022top\u0022\u003E\u003Cp\u003E3e circonscription\u003C\/p\u003E\u003C\/td\u003E\u003Ctd width=\u0022302\u0022 valign=\u0022top\u0022\u003E\u003Cp\u003E\u003Cstrong\u003E58,03 \u20ac\u003C\/strong\u003E\u003C\/p\u003E\u003C\/td\u003E\u003C\/tr\u003E\u003Ctr\u003E\u003Ctd width=\u0022302\u0022 valign=\u0022top\u0022\u003E\u003Cp\u003E4e circonscription\u0026nbsp;\u003C\/p\u003E\u003C\/td\u003E\u003Ctd width=\u0022302\u0022 valign=\u0022top\u0022\u003E\u003Cp\u003E\u003Cstrong\u003E0 \u20ac\u003C\/strong\u003E\u003C\/p\u003E\u003C\/td\u003E\u003C\/tr\u003E\u003C\/tbody\u003E\u003C\/table\u003E\u003Cp\u003E\u003Cstrong\u003E\u0026nbsp;\u003C\/strong\u003E\u003C\/p\u003E\u003Ch2\u003E\u003Cstrong\u003ELocaux commerciaux\u003C\/strong\u003E\u003C\/h2\u003E\u003Ch3\u003E\u003Cstrong\u003ETarif 2025 pour les locaux commerciaux\u003C\/strong\u003E\u003C\/h3\u003E\u003Ctable border=\u00220\u0022 cellspacing=\u00220\u0022 cellpadding=\u00220\u0022\u003E\u003Ctbody\u003E\u003Ctr\u003E\u003Ctd width=\u0022302\u0022 valign=\u0022top\u0022\u003E\u003Cp\u003E\u003Cstrong\u003ELieux des locaux\u003C\/strong\u003E\u003C\/p\u003E\u003Cp\u003E\u0026nbsp;\u003C\/p\u003E\u003C\/td\u003E\u003Ctd width=\u0022302\u0022 valign=\u0022top\u0022\u003E\u003Cp\u003E\u003Cstrong\u003ETarif par m2 au 1er janvier 2025\u003C\/strong\u003E\u003C\/p\u003E\u003C\/td\u003E\u003C\/tr\u003E\u003Ctr\u003E\u003Ctd width=\u0022302\u0022 valign=\u0022top\u0022\u003E\u003Cp\u003E1re circonscription\u003C\/p\u003E\u003C\/td\u003E\u003Ctd width=\u0022302\u0022 valign=\u0022top\u0022\u003E\u003Cp\u003E\u003Cstrong\u003E149,67 \u20ac\u003C\/strong\u003E\u003C\/p\u003E\u003C\/td\u003E\u003C\/tr\u003E\u003Ctr\u003E\u003Ctd width=\u0022302\u0022 valign=\u0022top\u0022\u003E\u003Cp\u003E2e circonscription\u003C\/p\u003E\u003C\/td\u003E\u003Ctd width=\u0022302\u0022 valign=\u0022top\u0022\u003E\u003Cp\u003E\u003Cstrong\u003E92,84 \u20ac\u003C\/strong\u003E\u003C\/p\u003E\u003C\/td\u003E\u003C\/tr\u003E\u003Ctr\u003E\u003Ctd width=\u0022302\u0022 valign=\u0022top\u0022\u003E\u003Cp\u003E3e circonscription\u003C\/p\u003E\u003C\/td\u003E\u003Ctd width=\u0022302\u0022 valign=\u0022top\u0022\u003E\u003Cp\u003E\u003Cstrong\u003E37,16 \u20ac\u003C\/strong\u003E\u003C\/p\u003E\u003C\/td\u003E\u003C\/tr\u003E\u003Ctr\u003E\u003Ctd width=\u0022302\u0022 valign=\u0022top\u0022\u003E\u003Cp\u003E4e circonscription\u0026nbsp;\u003C\/p\u003E\u003C\/td\u003E\u003Ctd width=\u0022302\u0022 valign=\u0022top\u0022\u003E\u003Cp\u003E\u003Cstrong\u003E0 \u20ac\u003C\/strong\u003E\u003C\/p\u003E\u003C\/td\u003E\u003C\/tr\u003E\u003C\/tbody\u003E\u003C\/table\u003E\u003Cp\u003E\u0026nbsp;\u003C\/p\u003E\u003Ch2\u003E\u003Cstrong\u003ELocaux de stockage\u003C\/strong\u003E\u003C\/h2\u003E\u003Cp\u003EConcernant ces locaux, le tarif applicable \u00e0 l\u0027ensemble des circonscriptions est fix\u00e9 \u00e0 \u003Cstrong\u003E16,28\u0026nbsp;\u20ac\u003C\/strong\u003E par m\u00e8tre carr\u00e9 au 1er\u0026nbsp;janvier\u0026nbsp;2025.\u003C\/p\u003E\u003Cp\u003E\u0026nbsp;\u003C\/p\u003E                                            \u003Cp\u003E\u003Cbr \/\u003E\u003Cstrong\u003ESource :\u003C\/strong\u003E\u003Cstrong\u003E\u00a0\u003C\/strong\u003E\u003C\/p\u003E\u003Cul\u003E\u003Cli\u003E\u003Ca href=\u0022https:\/\/www.legifrance.gouv.fr\/jorf\/id\/JORFTEXT000050823022\u0022 target=\u0022_blank\u0022\u003EArr\u00eat\u00e9 du 18 d\u00e9cembre 2024 relatif \u00e0 l\u0027actualisation annuelle des tarifs au m\u00e8tre carr\u00e9 pour le calcul de la taxe pour la cr\u00e9ation de locaux \u00e0 usage de bureaux, de locaux commerciaux et de locaux de stockage en r\u00e9gion d\u0027Ile-de-France (articles L. 520-1 et L. 520-8 du code de l\u0027urbanisme)\u003C\/a\u003E\u003C\/li\u003E\u003C\/ul\u003E\u003C\/div\u003E","annee":"2025","theme":" Indices, taux, bar\u00e8mes fiscaux","activites":["Tout secteur"],"image":"https:\/\/www.weblex.fr\/sites\/default\/files\/chiffres_clef\/Shutterstock_taxecreationbureaux.jpg","created":"2025-06-27","modified":"2025-06-27"},{"url":"\/chiffres-cles\/regimes-d-imposition-des-entreprises-benefices-industriels-et-commerciaux-benefices-non-commerciaux-et-tva-annee-2025","id":26498,"title":"R\u00e9gimes d\u2019imposition des entreprises (b\u00e9n\u00e9fices industriels et commerciaux, b\u00e9n\u00e9fices non commerciaux et TVA) \u2013 ann\u00e9e 2025","content":"\u003Cdiv\u003E                                              \u003Ch2\u003EPour les entreprises commerciales (BIC)\u003C\/h2\u003E\u003Cp\u003E\u003Cstrong\u003ER\u00e9gime d\u2019imposition \u00e0 l\u2019imp\u00f4t sur le revenu :\u003C\/strong\u003E\u003C\/p\u003E\u003Cul\u003E\u003Cli\u003Ele r\u00e9gime micro-BIC ne s\u2019applique qu\u2019aux exploitants individuels dont le chiffre d\u2019affaires (CA) de l\u2019ann\u00e9e pr\u00e9c\u00e9dente (ou de la p\u00e9nulti\u00e8me ann\u00e9e) est inf\u00e9rieur \u00e0 :\u003Cul\u003E\u003Cli\u003E188 700 \u20ac pour les entreprises de vente ou de fourniture de logement ;\u003C\/li\u003E\u003Cli\u003E77 700 \u20ac pour les prestataires de services ;\u003C\/li\u003E\u003C\/ul\u003E\u003C\/li\u003E\u003Cli\u003Ele r\u00e9gime r\u00e9el simplifi\u00e9 d\u2019imposition s\u2019applique aux entreprises, exclues du r\u00e9gime micro, dont le CA de l\u2019ann\u00e9e pr\u00e9c\u00e9dente est inf\u00e9rieur \u00e0 :\u003Cul\u003E\u003Cli\u003E840 000 \u20ac pour les entreprises de vente ou de fourniture de logement ;\u003C\/li\u003E\u003Cli\u003E254 000 \u20ac pour les prestataires de services ;\u003C\/li\u003E\u003C\/ul\u003E\u003C\/li\u003E\u003Cli\u003Ele r\u00e9gime r\u00e9el normal s\u2019applique aux entreprises dont le CA de l\u2019ann\u00e9e pr\u00e9c\u00e9dente exc\u00e8de les limites fix\u00e9es pour le r\u00e9gime r\u00e9el simplifi\u00e9.\u003C\/li\u003E\u003C\/ul\u003E\u003Cp\u003E\u003Cstrong\u003ETVA :\u003C\/strong\u003E\u003C\/p\u003E\u003Cul\u003E\u003Cli\u003Ele r\u00e9gime de la franchise en base s\u2019applique aux entreprises dont le CA de l\u2019ann\u00e9e pr\u00e9c\u00e9dente est inf\u00e9rieur \u00e0 :\u003Cul\u003E\u003Cli\u003E85 000 \u20ac pour les entreprises de vente ou de fourniture de logement : en cas de d\u00e9passement, maintien de la franchise l\u2019ann\u00e9e du d\u00e9passement si respect du seuil major\u00e9 de 93 500 \u20ac (mais \u00e0 condition que le CA de l\u2019ann\u00e9e N-2 n\u2019exc\u00e8de pas 85 000 \u20ac) ;\u003C\/li\u003E\u003Cli\u003E37 500 \u20ac pour les prestataires de services : en cas de d\u00e9passement, maintien de la franchise l\u2019ann\u00e9e du d\u00e9passement si respect du seuil major\u00e9 de 41 250 \u20ac (mais \u00e0 condition que le CA de l\u2019ann\u00e9e N-2 n\u2019exc\u00e8de pas 37 500 \u20ac) ;\u003C\/li\u003E\u003C\/ul\u003E\u003C\/li\u003E\u003Cli\u003Ele r\u00e9gime simplifi\u00e9 d\u2019imposition s\u2019applique aux entreprises ne b\u00e9n\u00e9ficiant pas de la franchise en base, dont le CA de l\u2019ann\u00e9e pr\u00e9c\u00e9dente est inf\u00e9rieur \u00e0 :\u003Cul\u003E\u003Cli\u003E840 000 \u20ac pour les entreprises de vente ou de fourniture de logement ;\u003C\/li\u003E\u003Cli\u003E254 000 \u20ac pour les prestataires de services ;\u003C\/li\u003E\u003C\/ul\u003E\u003C\/li\u003E\u003Cli\u003Ele r\u00e9gime r\u00e9el normal s\u2019applique aux entreprises dont le CA de l\u2019ann\u00e9e pr\u00e9c\u00e9dente exc\u00e8de les limites fix\u00e9es pour le r\u00e9gime r\u00e9el simplifi\u00e9.\u003C\/li\u003E\u003C\/ul\u003E\u003Cp\u003EAttention : le r\u00e9gime simplifi\u00e9 de TVA ne s\u2019applique pas si le montant de TVA d\u00fb est sup\u00e9rieur \u00e0 15 000 \u20ac.\u003C\/p\u003E\u003Ch2\u003E\u003Cbr\u003EPour les entreprises non commerciales (BNC)\u003C\/h2\u003E\u003Cp\u003E\u003Cstrong\u003ER\u00e9gime d\u2019imposition \u00e0 l\u2019imp\u00f4t sur le revenu :\u003C\/strong\u003E\u003C\/p\u003E\u003Cul\u003E\u003Cli\u003Ele r\u00e9gime micro-BNC s\u2019applique aux exploitants individuels \u0026nbsp;dont le CA de l\u2019ann\u00e9e pr\u00e9c\u00e9dente (ou de la p\u00e9nulti\u00e8me ann\u00e9e) est inf\u00e9rieur \u00e0 77 700 \u20ac ;\u003C\/li\u003E\u003Cli\u003Ele r\u00e9gime de la d\u00e9claration contr\u00f4l\u00e9e s\u2019applique aux entreprises dont le CA de l\u2019ann\u00e9e pr\u00e9c\u00e9dente exc\u00e8de cette m\u00eame limite.\u003C\/li\u003E\u003C\/ul\u003E\u003Cp\u003E\u003Cstrong\u003ETVA :\u003C\/strong\u003E\u003C\/p\u003E\u003Cul\u003E\u003Cli\u003Ele r\u00e9gime de la franchise en base de droit commun s\u2019applique aux entreprises dont le CA de l\u2019ann\u00e9e pr\u00e9c\u00e9dente est inf\u00e9rieur \u00e0 37 500 \u20ac : en cas de d\u00e9passement, maintien de la franchise l\u2019ann\u00e9e du d\u00e9passement si respect du seuil major\u00e9 de \u0026nbsp;41 250 \u20ac (mais \u00e0 condition que le CA de l\u2019ann\u00e9e N-2 n\u2019exc\u00e8de pas 37 500 \u20ac) ;\u003C\/li\u003E\u003Cli\u003Ele r\u00e9gime de la franchise en base sp\u00e9cifique aux avocats :\u003Cul\u003E\u003Cli\u003Eil s\u2019applique lorsque le CA de l\u2019ann\u00e9e pr\u00e9c\u00e9dente concernant les activit\u00e9s r\u00e9glement\u00e9es est inf\u00e9rieur \u00e0 50 000 \u20ac : en cas de d\u00e9passement, maintien de la franchise l\u2019ann\u00e9e du d\u00e9passement si respect du seuil major\u00e9 de 55 000 \u20ac ;\u003C\/li\u003E\u003Cli\u003Eil s\u2019applique lorsque le CA de l\u2019ann\u00e9e pr\u00e9c\u00e9dente concernant les activit\u00e9s non r\u00e9glement\u00e9es est inf\u00e9rieur \u00e0 35 000 \u20ac : en cas de d\u00e9passement, maintien de la franchise l\u2019ann\u00e9e du d\u00e9passement si respect du seuil major\u00e9 de 38 500 \u20ac ;\u003C\/li\u003E\u003C\/ul\u003E\u003C\/li\u003E\u003Cli\u003Ele r\u00e9gime simplifi\u00e9 d\u2019imposition s\u2019applique aux entreprises ne b\u00e9n\u00e9ficiant pas de la franchise en base, dont le CA de l\u2019ann\u00e9e pr\u00e9c\u00e9dente est inf\u00e9rieur \u00e0 254 000 \u20ac ;\u003C\/li\u003E\u003Cli\u003Ele r\u00e9gime r\u00e9el normal s\u2019applique aux entreprises dont le CA de l\u2019ann\u00e9e pr\u00e9c\u00e9dente exc\u00e8de la limite fix\u00e9e pour le r\u00e9gime r\u00e9el simplifi\u00e9.\u003C\/li\u003E\u003C\/ul\u003E\u003Cp\u003EQue ce soit en mati\u00e8re de BIC ou de BNC, l\u2019application de ces r\u00e9gimes n\u2019est pas n\u00e9cessairement fig\u00e9e : non seulement, les variations \u00e0 la hausse ou \u00e0 la baisse de votre chiffre d\u2019affaires pourront avoir pour cons\u00e9quence un changement de r\u00e9gime, tant pour l\u2019imposition de vos b\u00e9n\u00e9fices que pour la TVA, mais vous pouvez aussi opter pour un autre r\u00e9gime que celui auquel vous \u00eates soumis de plein droit.\u0026nbsp;\u003C\/p\u003E                                            \u003Cp\u003E\u003Cbr \/\u003E\u003Cstrong\u003ESource :\u003C\/strong\u003E\u003Cstrong\u003E\u00a0\u003C\/strong\u003E\u003C\/p\u003E\u003Cul\u003E\u003Cli\u003E\u003Ca href=\u0022https:\/\/www.legifrance.gouv.fr\/codes\/article_lc\/LEGIARTI000042159220\/#:~:text=Les%20personnes%20morales%20passibles%20de%20l\u0026apos;imp%C3%B4t%20sur%20les%20soci%C3%A9t%C3%A9s%20%3B\u0026amp;text=Les%20op%C3%A9rations%20portant%20sur%20des,f.\u0022 target=\u0022_blank\u0022 rel=\u0022noopener\u0022\u003Earticle 50-0 du Code g\u00e9n\u00e9ral des imp\u00f4ts\u003C\/a\u003E\u003C\/li\u003E\u003Cli\u003E\u003Ca href=\u0022https:\/\/www.legifrance.gouv.fr\/codes\/article_lc\/LEGIARTI000042159557\/\u0022 target=\u0022_blank\u0022 rel=\u0022noopener\u0022\u003Earticle 302 septies A du Code g\u00e9n\u00e9ral des imp\u00f4ts\u003C\/a\u003E\u003C\/li\u003E\u003Cli\u003E\u003Ca href=\u0022https:\/\/www.legifrance.gouv.fr\/codes\/article_lc\/LEGIARTI000042159618\/\u0022 target=\u0022_blank\u0022 rel=\u0022noopener\u0022\u003Earticle 293 B du Code g\u00e9n\u00e9ral des imp\u00f4ts\u003C\/a\u003E\u003C\/li\u003E\u003Cli\u003E\u003Ca href=\u0022https:\/\/www.legifrance.gouv.fr\/codes\/article_lc\/LEGIARTI000028447728\u0022 target=\u0022_blank\u0022 rel=\u0022noopener\u0022\u003Earticle 96 du Code g\u00e9n\u00e9ral des imp\u00f4ts\u003C\/a\u003E\u003C\/li\u003E\u003C\/ul\u003E\u003C\/div\u003E","annee":"2025","theme":" Indices, taux, bar\u00e8mes fiscaux","activites":["Tout secteur"],"image":"https:\/\/www.weblex.fr\/sites\/default\/files\/chiffres_clef\/Shutterstock_bicbnc.jpg","created":"2025-06-27","modified":"2025-06-27"},{"url":"\/chiffres-cles\/taux-des-droits-d-enregistrement-en-matiere-de-vente-immobiliere-2025","id":26430,"title":"Taux des droits d\u2019enregistrement en mati\u00e8re de vente immobili\u00e8re - 2025","content":"\u003Cdiv\u003E                                              \u003Cp\u003E\u003Cstrong\u003E1\/ Taux de droit commun :\u003C\/strong\u003E en principe, le taux de droit commun est de 6,20 % dans la plupart des d\u00e9partements.\u003C\/p\u003E\u003Cp\u003EIl se d\u00e9compose de la fa\u00e7on suivante :\u003C\/p\u003E\u003Ctable class=\u0022MsoTableGrid\u0022\u003E\u003Ctbody\u003E\u003Ctr\u003E\u003Ctd valign=\u0022top\u0022\u003E\u003Cp align=\u0022center\u0022\u003E\u003Cstrong\u003ENature de la taxation\u003C\/strong\u003E\u003C\/p\u003E\u003C\/td\u003E\u003Ctd valign=\u0022top\u0022\u003E\u003Cp align=\u0022center\u0022\u003E\u003Cstrong\u003ETaux\u003C\/strong\u003E\u003C\/p\u003E\u003C\/td\u003E\u003C\/tr\u003E\u003Ctr\u003E\u003Ctd valign=\u0022top\u0022\u003E\u003Cp\u003EDroit d\u00e9partemental\u003C\/p\u003E\u003C\/td\u003E\u003Ctd valign=\u0022top\u0022\u003E\u003Cp\u003E5,00 % sauf dans l\u2019Indre et Mayotte o\u00f9 le taux est de 3,80 % *\u003C\/p\u003E\u003C\/td\u003E\u003C\/tr\u003E\u003Ctr\u003E\u003Ctd valign=\u0022top\u0022\u003E\u003Cp\u003ETaxe communale additionnelle\u003C\/p\u003E\u003C\/td\u003E\u003Ctd valign=\u0022top\u0022\u003E\u003Cp\u003E1,20 %\u003C\/p\u003E\u003C\/td\u003E\u003C\/tr\u003E\u003Ctr\u003E\u003Ctd valign=\u0022top\u0022\u003E\u003Cp\u003EPr\u00e9l\u00e8vement pour frais d\u2019assiette et de recouvrement\u003C\/p\u003E\u003C\/td\u003E\u003Ctd valign=\u0022top\u0022\u003E\u003Cp\u003E2,37 %**\u003C\/p\u003E\u003C\/td\u003E\u003C\/tr\u003E\u003C\/tbody\u003E\u003C\/table\u003E\u003Cp\u003E* En principe, le taux du droit d\u00e9partemental est fix\u00e9 \u00e0 3,80 %, mais la Loi permet aux d\u00e9partements de le moduler \u00e0 la hausse (taux maximum 5,00 % depuis le 1er avril 2025 pour les actes pass\u00e9s et les conventions conclues entre 1er avril 2025 et le 31 mars 2028 contre 4,50 % avant cette date) ou \u00e0 la baisse (taux minimum 1,20 %). De nombreux d\u00e9partements ont vot\u00e9 pour l\u0027application du nouveau taux maximum de 5,00 %. D\u0027autres continuent d\u0027appliquer le taux de 4,50 %. La liste des d\u00e9partements et des taux vot\u00e9s est disponible \u003Ca href=\u0022https:\/\/www.impots.gouv.fr\/sites\/default\/files\/media\/1_metier\/3_partenaire\/notaires\/nid_11316_dmto_2025-06-01.pdf\u0022 target=\u0022_blank\u0022\u003Eici\u003C\/a\u003E.\u0026nbsp;\u003C\/p\u003E\u003Cp\u003E**Ce pr\u00e9l\u00e8vement est calcul\u00e9 sur le montant du droit d\u00e9partemental.\u003C\/p\u003E\u003Cp\u003E\u003Cstrong\u003E2\/ Taux r\u00e9duit :\u0026nbsp;\u003C\/strong\u003E\u003C\/p\u003E\u003Ctable class=\u0022MsoTableGrid\u0022\u003E\u003Ctbody\u003E\u003Ctr\u003E\u003Ctd valign=\u0022top\u0022\u003E\u003Cp align=\u0022center\u0022\u003E\u003Cstrong\u003ENature de la taxation\u003C\/strong\u003E\u003C\/p\u003E\u003C\/td\u003E\u003Ctd valign=\u0022top\u0022\u003E\u003Cp align=\u0022center\u0022\u003E\u003Cstrong\u003ETaux\u003C\/strong\u003E\u003C\/p\u003E\u003C\/td\u003E\u003C\/tr\u003E\u003Ctr\u003E\u003Ctd valign=\u0022top\u0022\u003E\u003Cp\u003EDroit d\u00e9partemental\u003C\/p\u003E\u003C\/td\u003E\u003Ctd valign=\u0022top\u0022\u003E\u003Cp\u003E0,70 %\u003C\/p\u003E\u003C\/td\u003E\u003C\/tr\u003E\u003Ctr\u003E\u003Ctd valign=\u0022top\u0022\u003E\u003Cp\u003EPr\u00e9l\u00e8vement pour frais d\u2019assiette et de recouvrement du droit d\u00e9partemental\u003C\/p\u003E\u003C\/td\u003E\u003Ctd valign=\u0022top\u0022\u003E\u003Cp\u003E2,14 %***\u003C\/p\u003E\u003C\/td\u003E\u003C\/tr\u003E\u003C\/tbody\u003E\u003C\/table\u003E\u003Cp\u003E***Ce pr\u00e9l\u00e8vement est calcul\u00e9 sur le montant du droit d\u00e9partemental.\u003C\/p\u003E\u003Cp\u003E\u003Cstrong\u003E3 \/ Taxe additionnelle sur les ventes de bureaux en Ile de France : \u003C\/strong\u003Ele taux est de 0,6 %.\u003C\/p\u003E\u003Cp\u003EAttention : il existe un certain nombre de ventes immobili\u00e8res b\u00e9n\u00e9ficiant d\u2019un r\u00e9gime de faveur.\u003C\/p\u003E                                            \u003Cp\u003E\u003Cbr \/\u003E\u003Cstrong\u003ESource :\u003C\/strong\u003E\u003Cstrong\u003E\u00a0\u003C\/strong\u003E\u003C\/p\u003E\u003Cul\u003E\u003Cli\u003E\u003Ca href=\u0022https:\/\/www.impots.gouv.fr\/particulier\/questions\/jachete-un-bien-immobilier-quaurai-je-payer-comme-frais-au-notaire\u0022 target=\u0022_blank\u0022 rel=\u0022noopener\u0022\u003Ewww.impots.gouv.fr\u003C\/a\u003E\u003C\/li\u003E\u003Cli\u003E\u003Ca href=\u0022https:\/\/bofip.impots.gouv.fr\/bofip\/3137-PGP.html\/identifiant%3DBOI-ENR-DMTOI-10-40-20160601\u0022 target=\u0022_blank\u0022 rel=\u0022noopener\u0022\u003EBOFiP \u2013 imp\u00f4ts \u2013 BOI-ENR-DMTOI\u003C\/a\u003E\u003C\/li\u003E\u003Cli\u003E\u003Ca href=\u0022https:\/\/www.legifrance.gouv.fr\/codes\/section_lc\/LEGITEXT000006069577\/LEGISCTA000006179825\/#LEGISCTA000006179825\u0022 target=\u0022_blank\u0022 rel=\u0022noopener\u0022\u003EArticles 1594 D et 1594 E du Code g\u00e9n\u00e9ral des imp\u00f4ts\u003C\/a\u003E\u003C\/li\u003E\u003Cli\u003E\u003Ca href=\u0022https:\/\/www.legifrance.gouv.fr\/codes\/article_lc\/LEGIARTI000006312135\/2024-05-06\/\u0022 target=\u0022_blank\u0022 rel=\u0022noopener\u0022\u003EArticle 1584 du Code g\u00e9n\u00e9ral des imp\u00f4ts\u003C\/a\u003E\u003C\/li\u003E\u003Cli\u003E\u003Ca href=\u0022https:\/\/www.legifrance.gouv.fr\/codes\/article_lc\/LEGIARTI000037100546\u0022 target=\u0022_blank\u0022 rel=\u0022noopener\u0022\u003EArticle 1595 bis du Code g\u00e9n\u00e9ral des imp\u00f4ts\u003C\/a\u003E\u003C\/li\u003E\u003Cli\u003E\u003Ca href=\u0022https:\/\/www.legifrance.gouv.fr\/codes\/article_lc\/LEGIARTI000006306445\/2024-05-06\/\u0022 target=\u0022_blank\u0022 rel=\u0022noopener\u0022\u003EArticle 1599 sexies du Code g\u00e9n\u00e9ral des imp\u00f4ts\u003C\/a\u003E\u003C\/li\u003E\u003Cli\u003E\u003Ca href=\u0022https:\/\/www.legifrance.gouv.fr\/codes\/article_lc\/LEGIARTI000041468812\u0022 target=\u0022_blank\u0022 rel=\u0022noopener\u0022\u003EArticle 1647 du Code g\u00e9n\u00e9ral des imp\u00f4ts\u003C\/a\u003E\u003C\/li\u003E\u003Cli\u003E\u003Ca href=\u0022https:\/\/www.legifrance.gouv.fr\/jorf\/article_jo\/JORFARTI000051169081\u0022 target=\u0022_blank\u0022\u003ELoi n\u00b0 2025-127 du 14 f\u00e9vrier 2025 de finances pour 2025\u003C\/a\u003E\u003Cbr\u003E\u0026nbsp;\u003C\/li\u003E\u003C\/ul\u003E\u003C\/div\u003E","annee":"2025","theme":" Indices, taux, bar\u00e8mes fiscaux","activites":["Tout secteur","Agent immobilier","Promoteur \/ Lotisseur \/ Architecte \/ G\u00e9om\u00e8tre"],"image":"https:\/\/www.weblex.fr\/sites\/default\/files\/chiffres_clef\/Shutterstock_droitsdenregistrement.jpg","created":"2025-06-11","modified":"2025-06-11"},{"url":"\/chiffres-cles\/taux-des-prelevements-sociaux-2025","id":26428,"title":"Taux des pr\u00e9l\u00e8vements sociaux - 2025","content":"\u003Cdiv\u003E                                              \u003Cul\u003E\u003Cli\u003E\u003Cstrong\u003ETaux des pr\u00e9l\u00e8vements sociaux appliqu\u00e9s aux revenus d\u0027activit\u00e9\u0026nbsp;\u003C\/strong\u003E\u003C\/li\u003E\u003C\/ul\u003E\u003Cp\u003E\u003C\/p\u003E\u003Ctable border=\u00221\u0022 cellspacing=\u00220\u0022 cellpadding=\u00220\u0022\u003E\u003Ctbody\u003E\u003Ctr\u003E\u003Ctd width=\u0022548\u0022 colspan=\u00222\u0022\u003E\u003Cp align=\u0022center\u0022\u003E\u003Cstrong\u003ERevenus d\u0027activit\u00e9 (et allocations de pr\u00e9-retraite vers\u00e9es depuis le 1er janvier 2008 \u00e0 des salari\u00e9s dont la pr\u00e9retraite ou la cessation d\u0027activit\u00e9 a pris effet \u00e0 compter du 11 octobre 2007)\u003C\/strong\u003E\u003C\/p\u003E\u003C\/td\u003E\u003C\/tr\u003E\u003Ctr\u003E\u003Ctd width=\u002295\u0022\u003E\u003Cp\u003ECSG\u003C\/p\u003E\u003C\/td\u003E\u003Ctd width=\u0022454\u0022\u003E\u003Cp\u003E9,2 %, d\u00e9ductible \u00e0 hauteur de 6,8 points des revenus concern\u00e9s pour leur imposition \u00e0 l\u0027imp\u00f4t sur le revenu\u003C\/p\u003E\u003C\/td\u003E\u003C\/tr\u003E\u003Ctr\u003E\u003Ctd width=\u002295\u0022\u003E\u003Cp\u003ECRDS\u003C\/p\u003E\u003C\/td\u003E\u003Ctd width=\u0022454\u0022\u003E\u003Cp\u003E0,5 %\u003C\/p\u003E\u003C\/td\u003E\u003C\/tr\u003E\u003C\/tbody\u003E\u003C\/table\u003E\u003Cp\u003E\u0026nbsp;\u003C\/p\u003E\u003Cul\u003E\u003Cli\u003E\u003Cp\u003E\u003Cstrong\u003ETaux des pr\u00e9l\u00e8vements sociaux appliqu\u00e9s aux revenus de remplacement\u0026nbsp;\u003C\/strong\u003E\u003C\/p\u003E\u003Cp\u003E\u0026nbsp;\u003C\/p\u003E\u003C\/li\u003E\u003C\/ul\u003E\u003Ctable border=\u00221\u0022 cellspacing=\u00220\u0022 cellpadding=\u00220\u0022\u003E\u003Ctbody\u003E\u003Ctr\u003E\u003Ctd width=\u0022548\u0022 colspan=\u00222\u0022\u003E\u003Cp align=\u0022center\u0022\u003E\u003Cstrong\u003EPensions de retraites et d\u0027invalidit\u00e9 (et allocations de pr\u00e9-retraite vers\u00e9es \u00e0 des salari\u00e9s dont la pr\u00e9-retraite ou la cessation d\u0027activit\u00e9 a pris effet avant le 11 octobre 2007)\u003C\/strong\u003E\u003C\/p\u003E\u003C\/td\u003E\u003C\/tr\u003E\u003Ctr\u003E\u003Ctd width=\u002295\u0022\u003E\u003Cp\u003ECSG\u003C\/p\u003E\u003C\/td\u003E\u003Ctd width=\u0022454\u0022\u003E\u003Cp\u003E8,3 % (6,6 % ou 3,8 % dans certains cas), d\u00e9ductible \u00e0 hauteur de 5,9 points (ou \u00e0 hauteur de 4,2 points pour les pensions soumises au taux de 6,6 % ou de 3,8 points pour les pensions soumises au taux de 3,8 %) des revenus concern\u00e9s pour leur imposition \u00e0 l\u0027imp\u00f4t sur le revenu\u0026nbsp;\u003C\/p\u003E\u003C\/td\u003E\u003C\/tr\u003E\u003Ctr\u003E\u003Ctd width=\u002295\u0022\u003E\u003Cp\u003ECRDS\u003C\/p\u003E\u003C\/td\u003E\u003Ctd width=\u0022454\u0022\u003E\u003Cp\u003E0,5 %\u003C\/p\u003E\u003C\/td\u003E\u003C\/tr\u003E\u003Ctr\u003E\u003Ctd width=\u0022548\u0022 colspan=\u00222\u0022\u003E\u003Cp align=\u0022center\u0022\u003E\u003Cstrong\u003EAutres revenus de remplacement\u003C\/strong\u003E\u003C\/p\u003E\u003C\/td\u003E\u003C\/tr\u003E\u003Ctr\u003E\u003Ctd width=\u002295\u0022\u003E\u003Cp\u003ECSG\u003C\/p\u003E\u003C\/td\u003E\u003Ctd width=\u0022454\u0022\u003E\u003Cp\u003E6,2 % (3,8 % dans certains cas), d\u00e9ductible \u00e0 hauteur de 3,8 points des revenus concern\u00e9s pour leur imposition \u00e0 l\u0027imp\u00f4t sur le revenu\u0026nbsp;\u003C\/p\u003E\u003C\/td\u003E\u003C\/tr\u003E\u003Ctr\u003E\u003Ctd width=\u002295\u0022\u003E\u003Cp\u003ECRDS\u003C\/p\u003E\u003C\/td\u003E\u003Ctd width=\u0022454\u0022\u003E\u003Cp\u003E0,5 %\u003C\/p\u003E\u003C\/td\u003E\u003C\/tr\u003E\u003C\/tbody\u003E\u003C\/table\u003E\u003Cp\u003E\u0026nbsp;\u003C\/p\u003E\u003Cul\u003E\u003Cli\u003E\u003Cp\u003E\u003Cstrong\u003ETaux des pr\u00e9l\u00e8vements sociaux appliqu\u00e9s aux revenus du patrimoine et aux produits de placement\u003C\/strong\u003E\u003C\/p\u003E\u003Cp\u003E\u0026nbsp;\u003C\/p\u003E\u003C\/li\u003E\u003C\/ul\u003E\u003Ctable border=\u00221\u0022 cellspacing=\u00220\u0022 cellpadding=\u00220\u0022\u003E\u003Ctbody\u003E\u003Ctr\u003E\u003Ctd width=\u0022195\u0022\u003E\u003Cp\u003ECSG\u003C\/p\u003E\u003C\/td\u003E\u003Ctd width=\u0022359\u0022\u003E\u003Cp\u003E9,2 %, d\u00e9ductible \u00e0 hauteur de 6,8 points du revenu global de l\u0027ann\u00e9e de paiement de la CSG (pour les revenus imposables \u00e0 l\u0027imp\u00f4t sur le revenu calcul\u00e9 selon le bar\u00e8me progressif)\u003C\/p\u003E\u003C\/td\u003E\u003C\/tr\u003E\u003Ctr\u003E\u003Ctd width=\u0022195\u0022\u003E\u003Cp\u003ECRDS\u003C\/p\u003E\u003C\/td\u003E\u003Ctd width=\u0022359\u0022\u003E\u003Cp\u003E0,5 %\u003C\/p\u003E\u003C\/td\u003E\u003C\/tr\u003E\u003Ctr\u003E\u003Ctd width=\u0022195\u0022\u003E\u003Cp\u003EPr\u00e9l\u00e8vement de solidarit\u00e9\u003C\/p\u003E\u003C\/td\u003E\u003Ctd width=\u0022359\u0022\u003E\u003Cp\u003E7,5 %\u003C\/p\u003E\u003C\/td\u003E\u003C\/tr\u003E\u003C\/tbody\u003E\u003C\/table\u003E\u003Cp\u003E\u0026nbsp;\u003C\/p\u003E                                            \u003Cp\u003E\u003Cbr \/\u003E\u003Cstrong\u003ESource :\u003C\/strong\u003E\u003Cstrong\u003E\u00a0\u003C\/strong\u003E\u003C\/p\u003E\u003Cul\u003E\u003Cli\u003E\u003Ca href=\u0022https:\/\/www.legifrance.gouv.fr\/codes\/article_lc\/LEGIARTI000033712581\/\u0022 target=\u0022_blank\u0022 rel=\u0022noopener\u0022\u003EArticles L136-1 et suivants du Code de la S\u00e9curit\u00e9 sociale\u003C\/a\u003E\u003C\/li\u003E\u003Cli\u003E\u003Ca href=\u0022https:\/\/www.legifrance.gouv.fr\/codes\/article_lc\/LEGIARTI000006306483\/#:~:text=La%20contribution%20sociale%20g%C3%A9n%C3%A9ralis%C3%A9e%20sur,code%20de%20la%20s%C3%A9curit%C3%A9%20sociale.\u0022 target=\u0022_blank\u0022 rel=\u0022noopener\u0022\u003EArticles 1600-0 C et suivants du Code g\u00e9n\u00e9ral des imp\u00f4ts\u003C\/a\u003E\u003C\/li\u003E\u003Cli\u003E\u003Ca href=\u0022https:\/\/www.legifrance.gouv.fr\/codes\/article_lc\/LEGIARTI000044399123\u0022 target=\u0022_blank\u0022 rel=\u0022noopener\u0022\u003EArticle L223-5 du Code de la S\u00e9curit\u00e9 sociale\u003C\/a\u003E\u003C\/li\u003E\u003Cli\u003E\u003Ca href=\u0022https:\/\/www.legifrance.gouv.fr\/codes\/article_lc\/LEGIARTI000038836652\/\u0022 target=\u0022_blank\u0022 rel=\u0022noopener\u0022\u003EArticle 154 quinquies du Code g\u00e9n\u00e9ral des imp\u00f4ts\u003C\/a\u003E\u003C\/li\u003E\u003C\/ul\u003E\u003C\/div\u003E","annee":"2025","theme":" Indices, taux, bar\u00e8mes fiscaux","activites":["Tout secteur"],"image":"https:\/\/www.weblex.fr\/sites\/default\/files\/chiffres_clef\/Shutterstock_prelevementssociaux.jpg","created":"2025-06-11","modified":"2026-04-23"},{"url":"\/chiffres-cles\/liste-des-etats-et-territoires-non-cooperatifs-en-matiere-fiscale-2025","id":26429,"title":"Liste des \u00c9tats et territoires non coop\u00e9ratifs en mati\u00e8re fiscale \u2013 2025","content":"\u003Cdiv\u003E                                              \u003Cdiv align=\u0022center\u0022\u003E\u003Ctable border=\u00221\u0022 cellspacing=\u00220\u0022 cellpadding=\u00220\u0022\u003E\u003Ctbody\u003E\u003Ctr\u003E\u003Ctd\u003E\u003Cp align=\u0022center\u0022\u003E\u003Cbr\u003E\u003Cstrong\u003EEtats et territoire non coop\u00e9ratifs\u003C\/strong\u003E\u003C\/p\u003E\u003C\/td\u003E\u003Ctd\u003E\u003Cp align=\u0022center\u0022\u003E\u003Cbr\u003E\u003Cstrong\u003EMotif justifiant l\u0027inscription\u003C\/strong\u003E\u003Cbr\u003E\u003Cstrong\u003E(application du 2 ter de l\u0027\u003C\/strong\u003E\u003Ca href=\u0022https:\/\/www.legifrance.gouv.fr\/affichCodeArticle.do?cidTexte=LEGITEXT000006069577\u0026amp;idArticle=LEGIARTI000021644859\u0026amp;dateTexte=\u0026amp;categorieLien=cid\u0022 title=\u0022Code g\u00e9n\u00e9ral des imp\u00f4ts, CGI. - art. 238-0 A\u0022\u003E\u003Cstrong\u003Earticle 238-0 A du code g\u00e9n\u00e9ral des imp\u00f4ts\u003C\/strong\u003E\u003C\/a\u003E\u003Cstrong\u003E)\u003C\/strong\u003E\u003C\/p\u003E\u003C\/td\u003E\u003C\/tr\u003E\u003Ctr\u003E\u003Ctd\u003E\u003Cp\u003E\u003Cstrong\u003EAntigua-et-Barbuda\u003C\/strong\u003E\u003C\/p\u003E\u003C\/td\u003E\u003Ctd rowspan=\u00222\u0022\u003E\u003Cp\u003E\u003Cstrong\u003EEn application du b du 2 de l\u0027\u003C\/strong\u003E\u003Ca href=\u0022https:\/\/www.legifrance.gouv.fr\/affichCodeArticle.do?cidTexte=LEGITEXT000006069577\u0026amp;idArticle=LEGIARTI000021644859\u0026amp;dateTexte=\u0026amp;categorieLien=cid\u0022 target=\u0022_blank\u0022\u003E\u003Cstrong\u003Earticle 238-0 A du code g\u00e9n\u00e9ral des imp\u00f4ts\u003C\/strong\u003E\u003C\/a\u003E\u003C\/p\u003E\u003C\/td\u003E\u003C\/tr\u003E\u003Ctr\u003E\u003Ctd\u003E\u003Cp\u003E\u003Cstrong\u003EIles Turques-et-Ca\u00efques\u003C\/strong\u003E\u003C\/p\u003E\u003C\/td\u003E\u003C\/tr\u003E\u003Ctr\u003E\u003Ctd\u003E\u003Cp\u003E\u003Cbr\u003E\u003Cstrong\u003EAnguilla\u003C\/strong\u003E\u003C\/p\u003E\u003C\/td\u003E\u003Ctd\u003E\u003Cp\u003E\u003Cbr\u003E\u003Cstrong\u003EEn application du b du 2 et 1\u00b0 du 2 bis de l\u0027\u003C\/strong\u003E\u003Ca href=\u0022https:\/\/www.legifrance.gouv.fr\/affichCodeArticle.do?cidTexte=LEGITEXT000006069577\u0026amp;idArticle=LEGIARTI000021644859\u0026amp;dateTexte=\u0026amp;categorieLien=cid\u0022 title=\u0022Code g\u00e9n\u00e9ral des imp\u00f4ts, CGI. - art. 238-0 A\u0022\u003E\u003Cstrong\u003Earticle 238-0 A du code g\u00e9n\u00e9ral des imp\u00f4ts\u003C\/strong\u003E\u003C\/a\u003E\u003C\/p\u003E\u003C\/td\u003E\u003C\/tr\u003E\u003Ctr\u003E\u003Ctd\u003E\u003Cp\u003E\u003Cstrong\u003EVanuatu\u003C\/strong\u003E\u003C\/p\u003E\u003C\/td\u003E\u003Ctd\u003E\u003Cp\u003E\u003Cbr\u003E\u003Cstrong\u003EEn application du 1\u00b0 du 2 bis de l\u0027\u003C\/strong\u003E\u003Ca href=\u0022https:\/\/www.legifrance.gouv.fr\/affichCodeArticle.do?cidTexte=LEGITEXT000006069577\u0026amp;idArticle=LEGIARTI000021644859\u0026amp;dateTexte=\u0026amp;categorieLien=cid\u0022 title=\u0022Code g\u00e9n\u00e9ral des imp\u00f4ts, CGI. - art. 238-0 A\u0022\u003E\u003Cstrong\u003Earticle 238-0 A du code g\u00e9n\u00e9ral des imp\u00f4ts\u003C\/strong\u003E\u003C\/a\u003E\u003C\/p\u003E\u003C\/td\u003E\u003C\/tr\u003E\u003Ctr\u003E\u003Ctd\u003E\u003Cp\u003E\u003Cstrong\u003EFidji\u003C\/strong\u003E\u003C\/p\u003E\u003C\/td\u003E\u003Ctd rowspan=\u00229\u0022\u003E\u003Cp\u003E\u003Cbr\u003E\u003Cstrong\u003EEn application du 2\u00b0 du 2 bis de l\u0027\u003C\/strong\u003E\u003Ca href=\u0022https:\/\/www.legifrance.gouv.fr\/affichCodeArticle.do?cidTexte=LEGITEXT000006069577\u0026amp;idArticle=LEGIARTI000021644859\u0026amp;dateTexte=\u0026amp;categorieLien=cid\u0022 title=\u0022Code g\u00e9n\u00e9ral des imp\u00f4ts, CGI. - art. 238-0 A\u0022\u003E\u003Cstrong\u003Earticle 238-0 A du code g\u00e9n\u00e9ral des imp\u00f4ts\u003C\/strong\u003E\u003C\/a\u003E\u003C\/p\u003E\u003C\/td\u003E\u003C\/tr\u003E\u003Ctr\u003E\u003Ctd\u003E\u003Cp\u003E\u003Cbr\u003E\u003Cstrong\u003EGuam\u003C\/strong\u003E\u003C\/p\u003E\u003C\/td\u003E\u003C\/tr\u003E\u003Ctr\u003E\u003Ctd\u003E\u003Cp\u003E\u003Cbr\u003E\u003Cstrong\u003EIles Vierges am\u00e9ricaines\u003C\/strong\u003E\u003C\/p\u003E\u003C\/td\u003E\u003C\/tr\u003E\u003Ctr\u003E\u003Ctd\u003E\u003Cp\u003E\u003Cbr\u003E\u003Cstrong\u003EPalaos\u003C\/strong\u003E\u003C\/p\u003E\u003C\/td\u003E\u003C\/tr\u003E\u003Ctr\u003E\u003Ctd\u003E\u003Cp\u003E\u003Cbr\u003E\u003Cstrong\u003EPanama\u003C\/strong\u003E\u003C\/p\u003E\u003C\/td\u003E\u003C\/tr\u003E\u003Ctr\u003E\u003Ctd\u003E\u003Cp\u003E\u003Cbr\u003E\u003Cstrong\u003ERussie\u003C\/strong\u003E\u003C\/p\u003E\u003C\/td\u003E\u003C\/tr\u003E\u003Ctr\u003E\u003Ctd\u003E\u003Cp\u003E\u003Cbr\u003E\u003Cstrong\u003ESamoa\u003C\/strong\u003E\u003C\/p\u003E\u003C\/td\u003E\u003C\/tr\u003E\u003Ctr\u003E\u003Ctd\u003E\u003Cp\u003E\u003Cbr\u003E\u003Cstrong\u003ESamoa am\u00e9ricaines\u003C\/strong\u003E\u003C\/p\u003E\u003C\/td\u003E\u003C\/tr\u003E\u003Ctr\u003E\u003Ctd\u003E\u003Cp\u003E\u003Cbr\u003E\u003Cstrong\u003ETrinit\u00e9-et-Tobago\u003C\/strong\u003E\u003C\/p\u003E\u003C\/td\u003E\u003C\/tr\u003E\u003C\/tbody\u003E\u003C\/table\u003E\u003C\/div\u003E\u003Cp\u003E\u0026nbsp;\u003C\/p\u003E\u003Cdiv align=\u0022center\u0022\u003E\u003Ctable border=\u00221\u0022 cellspacing=\u00220\u0022 cellpadding=\u00220\u0022\u003E\u003Ctbody\u003E\u0026nbsp;\u003C\/tbody\u003E\u003C\/table\u003E\u003C\/div\u003E                                            \u003Cp\u003E\u003Cbr \/\u003E\u003Cstrong\u003ESource :\u003C\/strong\u003E\u003Cstrong\u003E\u00a0\u003C\/strong\u003E\u003C\/p\u003E\u003Cul\u003E\u003Cli\u003E\u003Ca href=\u0022https:\/\/www.legifrance.gouv.fr\/jorf\/id\/JORFTEXT000051568335\u0022 target=\u0022_blank\u0022\u003EArr\u00eat\u00e9 du 18 avril 2025 modifiant l\u0027arr\u00eat\u00e9 du 12 f\u00e9vrier 2010 pris en application du deuxi\u00e8me alin\u00e9a du 1 de l\u0027article 238-0 A du code g\u00e9n\u00e9ral des imp\u00f4ts\u003C\/a\u003E\u003C\/li\u003E\u003C\/ul\u003E\u003C\/div\u003E","annee":"2025","theme":" Indices, taux, bar\u00e8mes fiscaux","activites":["Tout secteur"],"image":"https:\/\/www.weblex.fr\/sites\/default\/files\/chiffres_clef\/Shutterstock_etatsnoncooperatifs.jpg","created":"2025-06-11","modified":"2025-06-11"},{"url":"\/chiffres-cles\/bareme-frais-de-nourriture-annee-2025","id":26301,"title":"Bar\u00e8me frais de nourriture - Ann\u00e9e 2025","content":"\u003Cdiv\u003E                                              \u003Cp align=\u0022center\u0022\u003E\u003Cstrong\u003EBar\u00e8me frais de nourriture\u0026nbsp;\u003C\/strong\u003E\u003C\/p\u003E\u003Cp align=\u0022center\u0022\u003E\u003Cstrong\u003EDepuis le 1er janvier 2025\u003C\/strong\u003E\u003C\/p\u003E\u003Cp align=\u0022center\u0022\u003E\u0026nbsp;\u003C\/p\u003E\u003Ctable border=\u00221\u0022 cellpadding=\u00220\u0022 width=\u0022642\u0022\u003E\u003Ctbody\u003E\u003Ctr\u003E\u003Ctd width=\u0022448\u0022\u003E\u003Cp align=\u0022center\u0022\u003ENature de l\u0027indemnit\u00e9\u003C\/p\u003E\u003C\/td\u003E\u003Ctd width=\u0022188\u0022\u003E\u003Cp align=\u0022center\u0022\u003ELimites d\u0027exon\u00e9ration en Euros\u003C\/p\u003E\u003C\/td\u003E\u003C\/tr\u003E\u003Ctr\u003E\u003Ctd width=\u0022638\u0022 colspan=\u00222\u0022\u003E\u003Cp align=\u0022center\u0022\u003EIndemnit\u00e9 de restauration sur le lieu de travail\u003C\/p\u003E\u003C\/td\u003E\u003C\/tr\u003E\u003Ctr\u003E\u003Ctd width=\u0022448\u0022\u003E\u003Cp\u003ESalari\u00e9 contraint de prendre une restauration sur son lieu de travail effectif en raison de conditions particuli\u00e8res d\u0027organisation ou d\u0027horaires de travail (ex : travail en \u00e9quipe, travail post\u00e9, travail continu, travail de nuit, travail en horaire d\u00e9cal\u00e9)\u0026nbsp;\u003C\/p\u003E\u003C\/td\u003E\u003Ctd width=\u0022188\u0022\u003E\u003Cp align=\u0022center\u0022\u003E7,40\u003C\/p\u003E\u003C\/td\u003E\u003C\/tr\u003E\u003Ctr\u003E\u003Ctd width=\u0022638\u0022 colspan=\u00222\u0022\u003E\u003Cp align=\u0022center\u0022\u003EFrais de repas engag\u00e9s par les salari\u00e9s en situation de d\u00e9placement\u003C\/p\u003E\u003C\/td\u003E\u003C\/tr\u003E\u003Ctr\u003E\u003Ctd width=\u0022448\u0022\u003E\u003Cp\u003ESalari\u00e9 contraint de prendre son repas au restaurant\u0026nbsp;\u003C\/p\u003E\u003C\/td\u003E\u003Ctd width=\u0022188\u0022\u003E\u003Cp align=\u0022center\u0022\u003E21,10\u003C\/p\u003E\u003C\/td\u003E\u003C\/tr\u003E\u003Ctr\u003E\u003Ctd width=\u0022448\u0022\u003E\u003Cp\u003ESalari\u00e9 non contraint de prendre son repas au restaurant (indemnit\u00e9 de collation hors des locaux de l\u0027entreprise ou sur chantier)\u0026nbsp;\u003C\/p\u003E\u003C\/td\u003E\u003Ctd width=\u0022188\u0022\u003E\u003Cp align=\u0022center\u0022\u003E10,30\u003C\/p\u003E\u003C\/td\u003E\u003C\/tr\u003E\u003C\/tbody\u003E\u003C\/table\u003E                                            \u003Cp\u003E\u003Cbr \/\u003E\u003Cstrong\u003ESource :\u003C\/strong\u003E\u003Cstrong\u003E\u00a0\u003C\/strong\u003E\u003C\/p\u003E\u003Cul\u003E\u003Cli\u003E\u003Ca href=\u0022https:\/\/www.urssaf.fr\/accueil\/outils-documentation\/taux-baremes\/frais-professionnels.html\u0022 target=\u0022_blank\u0022\u003EFrais professionnels - Taux et bar\u00e8mes - Urssaf.fr mise \u00e0 jour du 20 janvier 2025\u0026nbsp;\u003C\/a\u003E\u003C\/li\u003E\u003C\/ul\u003E\u003C\/div\u003E","annee":"2025","theme":" Indices, taux, bar\u00e8mes sociaux","activites":["Tout secteur"],"image":"https:\/\/www.weblex.fr\/sites\/default\/files\/chiffres_clef\/Shutterstock_fraisrepas.jpg","created":"2025-05-20","modified":"2025-05-20"},{"url":"\/chiffres-cles\/inpi-redevances-diverses-europe-international-etc-applicables-depuis-le-1er-janvier-2025","id":26303,"title":"INPI \u2013 Redevances diverses (Europe, International, etc.) - Applicables depuis le 1er janvier 2025","content":"\u003Cdiv\u003E                                              \u003Cp\u003E\u003Cstrong\u003EBrevet international (PCT)\u003C\/strong\u003E\u003C\/p\u003E\u003Cp\u003EPCT papier : 1 417 \u20ac\u003Cbr\u003EPCT \u00e9lectronique : 1 204 \u20ac\u003Cbr\u003EPCT easy : 1 081 \u20ac\u003Cbr\u003ETaxe de recherche : 1 845 \u20ac\u003Cbr\u003EFeuille suppl\u00e9mentaire : 16 \u20ac\u003Cbr\u003EPaiement tardif : 50 % du montant des redevances impay\u00e9es (maximum : 602 \u20ac pour le d\u00e9p\u00f4t \u00e9lectronique et 708 \u20ac pour le d\u00e9p\u00f4t papier)\u003Cbr\u003ELa copie officielle : 15 \u20ac\u003C\/p\u003E\u003Cp\u003E\u003Cstrong\u003EMarques internationales\u003C\/strong\u003E\u003Cbr\u003E(montant en francs suisses, au 7 d\u00e9cembre 2013)\u003C\/p\u003E\u003Cp\u003EAvant de d\u00e9poser votre demande internationale \u00e0 l\u2019INPI, il faut tout d\u2019abord d\u00e9poser la marque aupr\u00e8s de l\u2019Organisation Mondiale de la Propri\u00e9t\u00e9 Intellectuelle (OMPI), ce qui suppose le versement de plusieurs redevances, \u00e0 savoir :\u003C\/p\u003E\u003Cul\u003E\u003Cli\u003Eune redevance de base ;\u003C\/li\u003E\u003Cli\u003Eune redevance de d\u00e9signation de pays ;\u003C\/li\u003E\u003Cli\u003Eune redevance suppl\u00e9mentaire.\u003C\/li\u003E\u003C\/ul\u003E\u003Cp\u003E\u0026nbsp;Le paiement peut \u00eatre effectu\u00e9 :\u003C\/p\u003E\u003Cul\u003E\u003Cli\u003Epar pr\u00e9l\u00e8vement sur un compte client ouvert aupr\u00e8s de l\u2019OMPI ;\u003C\/li\u003E\u003Cli\u003Epar virement sur le compte OMPI au Cr\u00e9dit Suisse \u00e0 Gen\u00e8ve (accompagn\u00e9 de l\u2019indication du nom de la soci\u00e9t\u00e9, de son adresse, du num\u00e9ro d\u2019enregistrement de la marque fran\u00e7aise servant de base \u00e0 l\u2019extension et de l\u2019objet du paiement, c\u2019est-\u00e0-dire \u00ab d\u00e9p\u00f4t d\u2019une demande de marque internationale \u00bb ; les r\u00e9f\u00e9rences bancaires de l\u2019OMPI sont indiqu\u00e9es en derni\u00e8re page des formulaires de d\u00e9p\u00f4t).\u003C\/li\u003E\u003C\/ul\u003E\u003Ctable class=\u0022MsoTableGrid\u0022\u003E\u003Ctbody\u003E\u003Ctr\u003E\u003Ctd valign=\u0022top\u0022\u003E\u003Cp align=\u0022center\u0022\u003E\u003Cstrong\u003EREDEVANCE DE BASE (vers\u00e9e pour 10 ans)\u003C\/strong\u003E\u003C\/p\u003E\u003C\/td\u003E\u003Ctd valign=\u0022top\u0022\u003E\u003Cp align=\u0022center\u0022\u003E\u003Cstrong\u003EMontant en Francs Suisse (FS)\u003C\/strong\u003E\u003C\/p\u003E\u003C\/td\u003E\u003C\/tr\u003E\u003Ctr\u003E\u003Ctd valign=\u0022top\u0022\u003E\u003Cp\u003EEn noir et blanc\u003C\/p\u003E\u003C\/td\u003E\u003Ctd valign=\u0022top\u0022\u003E\u003Cp align=\u0022center\u0022\u003E653 FS\u003C\/p\u003E\u003C\/td\u003E\u003C\/tr\u003E\u003Ctr\u003E\u003Ctd valign=\u0022top\u0022\u003E\u003Cp\u003EEn couleurs\u003C\/p\u003E\u003C\/td\u003E\u003Ctd valign=\u0022top\u0022\u003E\u003Cp align=\u0022center\u0022\u003E903 FS\u003C\/p\u003E\u003C\/td\u003E\u003C\/tr\u003E\u003C\/tbody\u003E\u003C\/table\u003E\u003Cp\u003EEn surplus de la redevance de base, il existe une redevance de d\u00e9signation d\u2019un pays et une redevance par classe suppl\u00e9mentaire. La redevance est forfaitaire lorsque la demande de marque internationale porte sur des produits et\/ou services pour des pays faisant partie de l\u2019Arrangement ou du Protocole en cas de d\u00e9signation mixte.\u003C\/p\u003E\u003Cp\u003ELa redevance est variable lorsque les pays choisis sont exclusivement membres du Protocole de Madrid et s\u2019ils ont opt\u00e9 pour le syst\u00e8me de la redevance individuelle.\u0026nbsp;\u003C\/p\u003E\u003Cp\u003EAttention : le montant des redevances est susceptible de varier en fonction du taux de change.\u003C\/p\u003E\u003Ctable class=\u0022MsoTableGrid\u0022 width=\u0022604\u0022\u003E\u003Ctbody\u003E\u003Ctr\u003E\u003Ctd valign=\u0022top\u0022\u003E\u003Cp\u003E\u0026nbsp;\u003C\/p\u003E\u003C\/td\u003E\u003Ctd valign=\u0022top\u0022\u003E\u003Cp align=\u0022center\u0022\u003E\u003Cstrong\u003EREDEVANCE DE DESIGNATION DE PAYS EN FS\u003C\/strong\u003E\u003C\/p\u003E\u003C\/td\u003E\u003Ctd valign=\u0022top\u0022\u003E\u003Cp align=\u0022center\u0022\u003E\u003Cstrong\u003EREDEVANCE SUPPLEMENTAIRE EN FS\u003C\/strong\u003E\u003C\/p\u003E\u003Cp align=\u0022center\u0022\u003E\u003Cstrong\u003E(par classe suppl\u00e9mentaire)\u003C\/strong\u003E\u003C\/p\u003E\u003C\/td\u003E\u003C\/tr\u003E\u003Ctr\u003E\u003Ctd valign=\u0022top\u0022\u003E\u003Cp\u003EMONTANT FORFAITAIRE\u003C\/p\u003E\u003C\/td\u003E\u003Ctd valign=\u0022top\u0022\u003E\u003Cp align=\u0022center\u0022\u003E100 FS (pour 1 classe)\u003C\/p\u003E\u003C\/td\u003E\u003Ctd valign=\u0022top\u0022\u003E\u003Cp align=\u0022center\u0022\u003E100 FS\u003C\/p\u003E\u003C\/td\u003E\u003C\/tr\u003E\u003Ctr\u003E\u003Ctd valign=\u0022top\u0022\u003E\u003Cp\u003EMONTANT VARIABLE\u0026nbsp;:\u003C\/p\u003E\u003Cp\u003EAustralie\u003C\/p\u003E\u003C\/td\u003E\u003Ctd valign=\u0022top\u0022\u003E\u003Cp align=\u0022center\u0022\u003E407 FS\u003C\/p\u003E\u003C\/td\u003E\u003Ctd valign=\u0022top\u0022\u003E\u003Cp align=\u0022center\u0022\u003E407 FS\u003C\/p\u003E\u003C\/td\u003E\u003C\/tr\u003E\u003Ctr\u003E\u003Ctd valign=\u0022top\u0022\u003E\u003Cp\u003EBahre\u00efn\u003C\/p\u003E\u003C\/td\u003E\u003Ctd valign=\u0022top\u0022\u003E\u003Cp align=\u0022center\u0022\u003E274 FS (pour 1 classe) \/ 297 FS si marque collective\u003C\/p\u003E\u003C\/td\u003E\u003Ctd valign=\u0022top\u0022\u003E\u003Cp align=\u0022center\u0022\u003E274 FS \/ 297 FS si marque collective\u003C\/p\u003E\u003C\/td\u003E\u003C\/tr\u003E\u003Ctr\u003E\u003Ctd valign=\u0022top\u0022\u003E\u003Cp\u003EBonaire, Saint-Eustache et Saba\u003C\/p\u003E\u003C\/td\u003E\u003Ctd valign=\u0022top\u0022\u003E\u003Cp align=\u0022center\u0022\u003E195 FS (pour 3 classes) \/ 279 FS si marque collective\u003C\/p\u003E\u003C\/td\u003E\u003Ctd valign=\u0022top\u0022\u003E\u003Cp align=\u0022center\u0022\u003E20 FS\u003C\/p\u003E\u003C\/td\u003E\u003C\/tr\u003E\u003Ctr\u003E\u003Ctd valign=\u0022top\u0022\u003E\u003Cp\u003EColombie\u003C\/p\u003E\u003C\/td\u003E\u003Ctd valign=\u0022top\u0022\u003E\u003Cp align=\u0022center\u0022\u003E387 FS (pour 1 classe) \/ 516 FS si marque collective\u003C\/p\u003E\u003C\/td\u003E\u003Ctd valign=\u0022top\u0022\u003E\u003Cp align=\u0022center\u0022\u003E193 FS \/ 258 FS si marque collective\u003C\/p\u003E\u003C\/td\u003E\u003C\/tr\u003E\u003Ctr\u003E\u003Ctd valign=\u0022top\u0022\u003E\u003Cp\u003ECommunaut\u00e9 europ\u00e9enne\u003C\/p\u003E\u003C\/td\u003E\u003Ctd valign=\u0022top\u0022\u003E\u003Cp align=\u0022center\u0022\u003E111 FS (pour 3 classes)\u0026nbsp; \/ 2070 FS si marque collective\u003C\/p\u003E\u003C\/td\u003E\u003Ctd valign=\u0022top\u0022\u003E\u003Cp align=\u0022center\u0022\u003E192 FS \/ 383 FS si marque collective\u003C\/p\u003E\u003C\/td\u003E\u003C\/tr\u003E\u003Ctr\u003E\u003Ctd valign=\u0022top\u0022\u003E\u003Cp\u003ECor\u00e9e du Sud\u003C\/p\u003E\u003C\/td\u003E\u003Ctd valign=\u0022top\u0022\u003E\u003Cp align=\u0022center\u0022\u003E233 FS (pour 1 classe)\u003C\/p\u003E\u003C\/td\u003E\u003Ctd valign=\u0022top\u0022\u003E\u003Cp align=\u0022center\u0022\u003E233 FS\u003C\/p\u003E\u003C\/td\u003E\u003C\/tr\u003E\u003Ctr\u003E\u003Ctd valign=\u0022top\u0022\u003E\u003Cp\u003ECura\u00e7ao\u003C\/p\u003E\u003C\/td\u003E\u003Ctd valign=\u0022top\u0022\u003E\u003Cp align=\u0022center\u0022\u003E272 FS (pour 3 classes) \/ 540 FS si marque collective\u003C\/p\u003E\u003C\/td\u003E\u003Ctd valign=\u0022top\u0022\u003E\u003Cp align=\u0022center\u0022\u003E28 FS \/ 55 FS si marque collective\u003C\/p\u003E\u003C\/td\u003E\u003C\/tr\u003E\u003Ctr\u003E\u003Ctd valign=\u0022top\u0022\u003E\u003Cp\u003EDanemark\u003C\/p\u003E\u003C\/td\u003E\u003Ctd valign=\u0022top\u0022\u003E\u003Cp align=\u0022center\u0022\u003E419 FS (pour 3 classes)\u003C\/p\u003E\u003C\/td\u003E\u003Ctd valign=\u0022top\u0022\u003E\u003Cp align=\u0022center\u0022\u003E107 FS\u003C\/p\u003E\u003C\/td\u003E\u003C\/tr\u003E\u003Ctr\u003E\u003Ctd valign=\u0022top\u0022\u003E\u003Cp\u003EEstonie\u003C\/p\u003E\u003C\/td\u003E\u003Ctd valign=\u0022top\u0022\u003E\u003Cp align=\u0022center\u0022\u003E176 FS (pour 1 classe) \/ 240 FS si marque collective\u003C\/p\u003E\u003C\/td\u003E\u003Ctd valign=\u0022top\u0022\u003E\u003Cp align=\u0022center\u0022\u003E56 FS\u003C\/p\u003E\u003C\/td\u003E\u003C\/tr\u003E\u003Ctr\u003E\u003Ctd valign=\u0022top\u0022\u003E\u003Cp\u003E\u00c9tats-Unis\u003C\/p\u003E\u003C\/td\u003E\u003Ctd valign=\u0022top\u0022\u003E\u003Cp align=\u0022center\u0022\u003E301 FS (pour 1 classe)\u003C\/p\u003E\u003C\/td\u003E\u003Ctd valign=\u0022top\u0022\u003E\u003Cp align=\u0022center\u0022\u003E301 FS\u003C\/p\u003E\u003C\/td\u003E\u003C\/tr\u003E\u003Ctr\u003E\u003Ctd valign=\u0022top\u0022\u003E\u003Cp\u003EFinlande\u003C\/p\u003E\u003C\/td\u003E\u003Ctd valign=\u0022top\u0022\u003E\u003Cp align=\u0022center\u0022\u003E279 FS (pour 3 classes) \/ 378 FS si marque collective\u003C\/p\u003E\u003C\/td\u003E\u003Ctd valign=\u0022top\u0022\u003E\u003Cp align=\u0022center\u0022\u003E100 FS\u003C\/p\u003E\u003C\/td\u003E\u003C\/tr\u003E\u003Ctr\u003E\u003Ctd valign=\u0022top\u0022\u003E\u003Cp\u003EG\u00e9orgie\u003C\/p\u003E\u003C\/td\u003E\u003Ctd valign=\u0022top\u0022\u003E\u003Cp align=\u0022center\u0022\u003E314 FS (pour 1 classe)\u003C\/p\u003E\u003C\/td\u003E\u003Ctd valign=\u0022top\u0022\u003E\u003Cp align=\u0022center\u0022\u003E115 FS\u003C\/p\u003E\u003C\/td\u003E\u003C\/tr\u003E\u003Ctr\u003E\u003Ctd valign=\u0022top\u0022\u003E\u003Cp\u003EGhana\u003C\/p\u003E\u003C\/td\u003E\u003Ctd valign=\u0022top\u0022\u003E\u003Cp align=\u0022center\u0022\u003E129 FS pour le d\u00e9p\u00f4t (pour 1 classe) \/ 86 FS pour l\u2019enregistrement\u003C\/p\u003E\u003C\/td\u003E\u003Ctd valign=\u0022top\u0022\u003E\u003Cp align=\u0022center\u0022\u003E129 FS pour le d\u00e9p\u00f4t \/ 86 FS pour l\u2019enregistrement\u003C\/p\u003E\u003C\/td\u003E\u003C\/tr\u003E\u003Ctr\u003E\u003Ctd valign=\u0022top\u0022\u003E\u003Cp\u003EGr\u00e8ce\u003C\/p\u003E\u003C\/td\u003E\u003Ctd valign=\u0022top\u0022\u003E\u003Cp align=\u0022center\u0022\u003E133 FS (pour 1 classe)\u0026nbsp; \/ 663 FS si marque collective\u003C\/p\u003E\u003C\/td\u003E\u003Ctd valign=\u0022top\u0022\u003E\u003Cp align=\u0022center\u0022\u003E24 FS jusqu\u2019\u00e0 la 10\u00e8me classe \/ 120 FS si marque collective\u003C\/p\u003E\u003C\/td\u003E\u003C\/tr\u003E\u003Ctr\u003E\u003Ctd valign=\u0022top\u0022\u003E\u003Cp\u003EInde\u003C\/p\u003E\u003C\/td\u003E\u003Ctd valign=\u0022top\u0022\u003E\u003Cp align=\u0022center\u0022\u003E51 FS \/ (pour 1 classe) 144 FS si marque collective\u003C\/p\u003E\u003C\/td\u003E\u003Ctd valign=\u0022top\u0022\u003E\u003Cp align=\u0022center\u0022\u003E51 FS \/ 144 FS si marque collective\u003C\/p\u003E\u003C\/td\u003E\u003C\/tr\u003E\u003Ctr\u003E\u003Ctd valign=\u0022top\u0022\u003E\u003Cp\u003EIrlande\u003C\/p\u003E\u003C\/td\u003E\u003Ctd valign=\u0022top\u0022\u003E\u003Cp align=\u0022center\u0022\u003E325 FS (pour 1 classe)\u003C\/p\u003E\u003C\/td\u003E\u003Ctd valign=\u0022top\u0022\u003E\u003Cp align=\u0022center\u0022\u003E93 FS\u003C\/p\u003E\u003C\/td\u003E\u003C\/tr\u003E\u003Ctr\u003E\u003Ctd valign=\u0022top\u0022\u003E\u003Cp\u003EIslande\u003C\/p\u003E\u003C\/td\u003E\u003Ctd valign=\u0022top\u0022\u003E\u003Cp align=\u0022center\u0022\u003E180 FS (pour 1 classe)\u003C\/p\u003E\u003C\/td\u003E\u003Ctd valign=\u0022top\u0022\u003E\u003Cp align=\u0022center\u0022\u003E41 FS\u003C\/p\u003E\u003C\/td\u003E\u003C\/tr\u003E\u003Ctr\u003E\u003Ctd valign=\u0022top\u0022\u003E\u003Cp\u003EIsra\u00ebl\u003C\/p\u003E\u003C\/td\u003E\u003Ctd valign=\u0022top\u0022\u003E\u003Cp align=\u0022center\u0022\u003E386 FS (pour 1 classe)\u003C\/p\u003E\u003C\/td\u003E\u003Ctd valign=\u0022top\u0022\u003E\u003Cp align=\u0022center\u0022\u003E290 FS\u003C\/p\u003E\u003C\/td\u003E\u003C\/tr\u003E\u003Ctr\u003E\u003Ctd valign=\u0022top\u0022\u003E\u003Cp\u003EJapon\u003C\/p\u003E\u003C\/td\u003E\u003Ctd valign=\u0022top\u0022\u003E\u003Cp align=\u0022center\u0022\u003E114 FS pour le d\u00e9p\u00f4t (pour 1 classe) \/ 380 FS pour l\u2019enregistrement\u003C\/p\u003E\u003C\/td\u003E\u003Ctd valign=\u0022top\u0022\u003E\u003Cp align=\u0022center\u0022\u003E87 FS pour le d\u00e9p\u00f4t \/ 380 FS pour l\u2019enregistrement\u003C\/p\u003E\u003C\/td\u003E\u003C\/tr\u003E\u003Ctr\u003E\u003Ctd valign=\u0022top\u0022\u003E\u003Cp\u003EMexique\u003C\/p\u003E\u003C\/td\u003E\u003Ctd valign=\u0022top\u0022\u003E\u003Cp align=\u0022center\u0022\u003E193 FS (pour 1 classe)\u003C\/p\u003E\u003C\/td\u003E\u003Ctd valign=\u0022top\u0022\u003E\u003Cp align=\u0022center\u0022\u003E193 FS\u003C\/p\u003E\u003C\/td\u003E\u003C\/tr\u003E\u003Ctr\u003E\u003Ctd valign=\u0022top\u0022\u003E\u003Cp\u003ENorv\u00e8ge\u003C\/p\u003E\u003C\/td\u003E\u003Ctd valign=\u0022top\u0022\u003E\u003Cp align=\u0022center\u0022\u003E345 FS (pour 3 classes)\u003C\/p\u003E\u003C\/td\u003E\u003Ctd valign=\u0022top\u0022\u003E\u003Cp align=\u0022center\u0022\u003E107 FS\u003C\/p\u003E\u003C\/td\u003E\u003C\/tr\u003E\u003Ctr\u003E\u003Ctd valign=\u0022top\u0022\u003E\u003Cp\u003ENouvelle-Z\u00e9lande\u003C\/p\u003E\u003C\/td\u003E\u003Ctd valign=\u0022top\u0022\u003E\u003Cp align=\u0022center\u0022\u003E115 FS (pour 1 classe)\u003C\/p\u003E\u003C\/td\u003E\u003Ctd valign=\u0022top\u0022\u003E\u003Cp align=\u0022center\u0022\u003E115 FS\u003C\/p\u003E\u003C\/td\u003E\u003C\/tr\u003E\u003Ctr\u003E\u003Ctd valign=\u0022top\u0022\u003E\u003Cp\u003EOman\u003C\/p\u003E\u003C\/td\u003E\u003Ctd valign=\u0022top\u0022\u003E\u003Cp align=\u0022center\u0022\u003E484 FS (pour 1 classe)\u0026nbsp; \/ 1211 FS si marque collective\u003C\/p\u003E\u003C\/td\u003E\u003Ctd valign=\u0022top\u0022\u003E\u003Cp align=\u0022center\u0022\u003E484 FS \/ 1211 FS si marque collective\u003C\/p\u003E\u003C\/td\u003E\u003C\/tr\u003E\u003Ctr\u003E\u003Ctd valign=\u0022top\u0022\u003E\u003Cp\u003EOuzb\u00e9kistan\u003C\/p\u003E\u003C\/td\u003E\u003Ctd valign=\u0022top\u0022\u003E\u003Cp align=\u0022center\u0022\u003E1028 FS (pour 1 classe)\u0026nbsp; \/ 1543 FS si marque collective\u003C\/p\u003E\u003C\/td\u003E\u003Ctd valign=\u0022top\u0022\u003E\u003Cp align=\u0022center\u0022\u003E103 FS \/ 154 FS si marque collective\u003C\/p\u003E\u003C\/td\u003E\u003C\/tr\u003E\u003Ctr\u003E\u003Ctd valign=\u0022top\u0022\u003E\u003Cp\u003EPhilippines\u003C\/p\u003E\u003C\/td\u003E\u003Ctd valign=\u0022top\u0022\u003E\u003Cp align=\u0022center\u0022\u003E107 FS (pour 1 classe)\u003C\/p\u003E\u003C\/td\u003E\u003Ctd valign=\u0022top\u0022\u003E\u003Cp align=\u0022center\u0022\u003E107 FS\u003C\/p\u003E\u003C\/td\u003E\u003C\/tr\u003E\u003Ctr\u003E\u003Ctd valign=\u0022top\u0022\u003E\u003Cp\u003ERoyaume-Uni\u003C\/p\u003E\u003C\/td\u003E\u003Ctd valign=\u0022top\u0022\u003E\u003Cp align=\u0022center\u0022\u003E262 FS (pour 1 classe)\u003C\/p\u003E\u003C\/td\u003E\u003Ctd valign=\u0022top\u0022\u003E\u003Cp align=\u0022center\u0022\u003E73 FS\u003C\/p\u003E\u003C\/td\u003E\u003C\/tr\u003E\u003Ctr\u003E\u003Ctd valign=\u0022top\u0022\u003E\u003Cp\u003ESingapour\u003C\/p\u003E\u003C\/td\u003E\u003Ctd valign=\u0022top\u0022\u003E\u003Cp align=\u0022center\u0022\u003E272 FS (pour 1 classe)\u003C\/p\u003E\u003C\/td\u003E\u003Ctd valign=\u0022top\u0022\u003E\u003Cp align=\u0022center\u0022\u003E272 FS\u003C\/p\u003E\u003C\/td\u003E\u003C\/tr\u003E\u003Ctr\u003E\u003Ctd valign=\u0022top\u0022\u003E\u003Cp\u003ESu\u00e8de\u003C\/p\u003E\u003C\/td\u003E\u003Ctd valign=\u0022top\u0022\u003E\u003Cp align=\u0022center\u0022\u003E322 FS (pour 1 classe)\u003C\/p\u003E\u003C\/td\u003E\u003Ctd valign=\u0022top\u0022\u003E\u003Cp align=\u0022center\u0022\u003E126 FS\u003C\/p\u003E\u003C\/td\u003E\u003C\/tr\u003E\u003Ctr\u003E\u003Ctd valign=\u0022top\u0022\u003E\u003Cp\u003ESyrie\u003C\/p\u003E\u003C\/td\u003E\u003Ctd valign=\u0022top\u0022\u003E\u003Cp align=\u0022center\u0022\u003E116 FS (pour 1 classe)\u003C\/p\u003E\u003C\/td\u003E\u003Ctd valign=\u0022top\u0022\u003E\u003Cp align=\u0022center\u0022\u003E116 FS\u003C\/p\u003E\u003C\/td\u003E\u003C\/tr\u003E\u003Ctr\u003E\u003Ctd valign=\u0022top\u0022\u003E\u003Cp\u003ETunisie\u003C\/p\u003E\u003C\/td\u003E\u003Ctd valign=\u0022top\u0022\u003E\u003Cp align=\u0022center\u0022\u003E155 FS (pour 1 classe)\u003C\/p\u003E\u003C\/td\u003E\u003Ctd valign=\u0022top\u0022\u003E\u003Cp align=\u0022center\u0022\u003E20 FS\u003C\/p\u003E\u003C\/td\u003E\u003C\/tr\u003E\u003Ctr\u003E\u003Ctd valign=\u0022top\u0022\u003E\u003Cp\u003ETurkm\u00e9nistan\u003C\/p\u003E\u003C\/td\u003E\u003Ctd valign=\u0022top\u0022\u003E\u003Cp align=\u0022center\u0022\u003E178 FS (pour 1 classe)\u003C\/p\u003E\u003C\/td\u003E\u003Ctd valign=\u0022top\u0022\u003E\u003Cp align=\u0022center\u0022\u003E90 FS\u003C\/p\u003E\u003C\/td\u003E\u003C\/tr\u003E\u003Ctr\u003E\u003Ctd valign=\u0022top\u0022\u003E\u003Cp\u003ETurquie\u003C\/p\u003E\u003C\/td\u003E\u003Ctd valign=\u0022top\u0022\u003E\u003Cp align=\u0022center\u0022\u003E248 FS (pour 1 classe)\u003C\/p\u003E\u003C\/td\u003E\u003Ctd valign=\u0022top\u0022\u003E\u003Cp align=\u0022center\u0022\u003E49 FS\u003C\/p\u003E\u003C\/td\u003E\u003C\/tr\u003E\u003C\/tbody\u003E\u003C\/table\u003E\u003Cp class=\u0022MsoNormal\u0022\u003EUne fois la marqu\u00e9e d\u00e9pos\u00e9e aupr\u00e8s de l\u2019OMPI, il faut ensuite verser une redevance de transmission de dossier \u00e0 l\u2019INPI de 60 \u20ac (par ch\u00e8que, esp\u00e8ces, carte bancaire, etc.).\u003C\/p\u003E\u003Cp class=\u0022MsoNormal\u0022\u003E\u003Cstrong\u003ERedevances d\u2019extension des titres en Polyn\u00e9sie Fran\u00e7aise\u003C\/strong\u003E\u003C\/p\u003E\u003Ctable class=\u0022MsoTableGrid\u0022\u003E\u003Ctbody\u003E\u003Ctr\u003E\u003Ctd valign=\u0022top\u0022\u003E\u003Cp align=\u0022center\u0022\u003E\u003Cstrong\u003EREDEVANCE\u003C\/strong\u003E\u003C\/p\u003E\u003C\/td\u003E\u003Ctd valign=\u0022top\u0022\u003E\u003Cp align=\u0022center\u0022\u003E\u003Cstrong\u003ETARIF\u003C\/strong\u003E\u003C\/p\u003E\u003C\/td\u003E\u003C\/tr\u003E\u003Ctr\u003E\u003Ctd valign=\u0022top\u0022\u003E\u003Cp\u003ED\u00e9p\u00f4t de marque ou renouvellement\u003C\/p\u003E\u003C\/td\u003E\u003Ctd valign=\u0022top\u0022\u003E\u003Cp align=\u0022center\u0022\u003E60 \u20ac\u003C\/p\u003E\u003C\/td\u003E\u003C\/tr\u003E\u003Ctr\u003E\u003Ctd valign=\u0022top\u0022\u003E\u003Cp\u003ED\u00e9p\u00f4t de dessin et mod\u00e8le ou prorogation\u003C\/p\u003E\u003C\/td\u003E\u003Ctd valign=\u0022top\u0022\u003E\u003Cp align=\u0022center\u0022\u003E60 \u20ac\u003C\/p\u003E\u003C\/td\u003E\u003C\/tr\u003E\u003Ctr\u003E\u003Ctd valign=\u0022top\u0022\u003E\u003Cp\u003ETopographie de produits semi-conducteurs\u003C\/p\u003E\u003C\/td\u003E\u003Ctd valign=\u0022top\u0022\u003E\u003Cp align=\u0022center\u0022\u003E60 \u20ac\u003C\/p\u003E\u003C\/td\u003E\u003C\/tr\u003E\u003Ctr\u003E\u003Ctd valign=\u0022top\u0022\u003E\u003Cp\u003ED\u00e9p\u00f4t de brevet\u003C\/p\u003E\u003C\/td\u003E\u003Ctd valign=\u0022top\u0022\u003E\u003Cp align=\u0022center\u0022\u003E300 \u20ac\u003C\/p\u003E\u003C\/td\u003E\u003C\/tr\u003E\u003C\/tbody\u003E\u003C\/table\u003E                                            \u003Cp\u003E\u003Cbr \/\u003E\u003Cstrong\u003ESource :\u003C\/strong\u003E\u003Cstrong\u003E\u00a0\u003C\/strong\u003E\u003C\/p\u003E\u003Cul\u003E\u003Cli\u003E\u003Ca href=\u0022https:\/\/www.inpi.fr\/tarifs\u0022 target=\u0022_blank\u0022 rel=\u0022noopener\u0022\u003Ehttps:\/\/www.inpi.fr\/tarifs\u003C\/a\u003E\u003C\/li\u003E\u003C\/ul\u003E\u003C\/div\u003E","annee":"2025","theme":" Indices, taux, bar\u00e8mes juridiques","activites":["Tout secteur"],"image":"https:\/\/www.weblex.fr\/sites\/default\/files\/chiffres_clef\/Shutterstock_inventionsprotectionsbrevetstarifs.jpg","created":"2025-05-20","modified":"2026-03-20"},{"url":"\/chiffres-cles\/indemnites-forfaitaires-petits-deplacements-annee-2025","id":26308,"title":"Indemnit\u00e9s forfaitaires petits d\u00e9placements - Ann\u00e9e 2025","content":"\u003Cdiv\u003E                                              \u003Cp align=\u0022center\u0022\u003E\u003Cstrong\u003EIndemnit\u00e9s forfaitaires petits d\u00e9placements\u003C\/strong\u003E\u003C\/p\u003E\u003Cp align=\u0022center\u0022\u003E\u003Cstrong\u003EAnn\u00e9e 2025\u003C\/strong\u003E\u003C\/p\u003E\u003Cp\u003ELes indemnit\u00e9s pour frais de petits d\u00e9placements (transport et repas) vers\u00e9es \u00e0 certains salari\u00e9s des entreprises de travail temporaire, des travaux publics, du b\u00e2timent, de la t\u00f4lerie, de chaudronnerie et de la tuyauterie industrielle peuvent sous certaines conditions \u00eatre exon\u00e9r\u00e9es en fonction d\u2019un bar\u00e8me particulier r\u00e9\u00e9valu\u00e9 au 1er janvier de chaque ann\u00e9e.\u003C\/p\u003E\u003Cp\u003E\u0026nbsp;\u003C\/p\u003E\u003Ctable border=\u00221\u0022 cellpadding=\u00220\u0022 width=\u0022640\u0022\u003E\u003Ctbody\u003E\u003Ctr\u003E\u003Ctd width=\u0022120\u0022\u003E\u003Cp align=\u0022center\u0022\u003ETrajet aller et retour compris entre\u003C\/p\u003E\u003C\/td\u003E\u003Ctd width=\u0022165\u0022\u003E\u003Cp align=\u0022center\u0022\u003ELimite d\u0027exon\u00e9ration quotidienne*\u0026nbsp;\u003Cbr\u003EValeur par tranche de km = valeur de l\u0027indemnit\u00e9 kilom\u00e9trique fiscale pour un v\u00e9hicule de 4CV fiscaux\/2 (0,606\u0026nbsp;\u20ac \/ 2) \u00d7 nombre de km\u003C\/p\u003E\u003C\/td\u003E\u003Ctd width=\u0022137\u0022\u003E\u003Cp align=\u0022center\u0022\u003ERepas pris hors des locaux de l\u0027entreprise ou sur un chantier\u003C\/p\u003E\u003C\/td\u003E\u003Ctd width=\u0022208\u0022\u003E\u003Cp align=\u0022center\u0022\u003E\u003Cstrong\u003ERepas pris au restaurant (s\u0027il est d\u00e9montr\u00e9 que le salari\u00e9 est dans l\u0027obligation de prendre ses repas au restaurant)\u003C\/strong\u003E\u003C\/p\u003E\u003C\/td\u003E\u003C\/tr\u003E\u003Ctr\u003E\u003Ctd width=\u0022120\u0022\u003E\u003Cp align=\u0022center\u0022\u003E5 km et 10 km\u003C\/p\u003E\u003C\/td\u003E\u003Ctd width=\u0022165\u0022\u003E\u003Cp align=\u0022center\u0022\u003E3,00 \u20ac\u003C\/p\u003E\u003C\/td\u003E\u003Ctd width=\u0022137\u0022 valign=\u0022top\u0022\u003E\u003Cp align=\u0022center\u0022\u003E10,30 \u20ac\u003C\/p\u003E\u003C\/td\u003E\u003Ctd width=\u0022208\u0022 valign=\u0022top\u0022\u003E\u003Cp align=\u0022center\u0022\u003E21,10 \u20ac\u003C\/p\u003E\u003C\/td\u003E\u003C\/tr\u003E\u003Ctr\u003E\u003Ctd width=\u0022120\u0022\u003E\u003Cp align=\u0022center\u0022\u003E10 km et 20 km\u003C\/p\u003E\u003C\/td\u003E\u003Ctd width=\u0022165\u0022\u003E\u003Cp align=\u0022center\u0022\u003E6,10\u20ac\u003C\/p\u003E\u003C\/td\u003E\u003Ctd width=\u0022137\u0022 valign=\u0022top\u0022\u003E\u003Cp align=\u0022center\u0022\u003E10,30\u0026nbsp;\u20ac\u003C\/p\u003E\u003C\/td\u003E\u003Ctd width=\u0022208\u0022 valign=\u0022top\u0022\u003E\u003Cp align=\u0022center\u0022\u003E21,10 \u20ac\u003C\/p\u003E\u003C\/td\u003E\u003C\/tr\u003E\u003Ctr\u003E\u003Ctd width=\u0022120\u0022\u003E\u003Cp align=\u0022center\u0022\u003E20 km et 30 km\u003C\/p\u003E\u003C\/td\u003E\u003Ctd width=\u0022165\u0022\u003E\u003Cp align=\u0022center\u0022\u003E9,10 \u20ac\u003C\/p\u003E\u003C\/td\u003E\u003Ctd width=\u0022137\u0022 valign=\u0022top\u0022\u003E\u003Cp align=\u0022center\u0022\u003E10,30 \u20ac\u003C\/p\u003E\u003C\/td\u003E\u003Ctd width=\u0022208\u0022 valign=\u0022top\u0022\u003E\u003Cp align=\u0022center\u0022\u003E21,10 \u20ac\u003C\/p\u003E\u003C\/td\u003E\u003C\/tr\u003E\u003Ctr\u003E\u003Ctd width=\u0022120\u0022\u003E\u003Cp align=\u0022center\u0022\u003E30 km et 40 km\u003C\/p\u003E\u003C\/td\u003E\u003Ctd width=\u0022165\u0022\u003E\u003Cp align=\u0022center\u0022\u003E12,10 \u20ac\u003C\/p\u003E\u003C\/td\u003E\u003Ctd width=\u0022137\u0022 valign=\u0022top\u0022\u003E\u003Cp align=\u0022center\u0022\u003E10,30 \u20ac\u003C\/p\u003E\u003C\/td\u003E\u003Ctd width=\u0022208\u0022 valign=\u0022top\u0022\u003E\u003Cp align=\u0022center\u0022\u003E21,10 \u20ac\u003C\/p\u003E\u003C\/td\u003E\u003C\/tr\u003E\u003Ctr\u003E\u003Ctd width=\u0022120\u0022\u003E\u003Cp align=\u0022center\u0022\u003E40 km et 50 km\u003C\/p\u003E\u003C\/td\u003E\u003Ctd width=\u0022165\u0022\u003E\u003Cp align=\u0022center\u0022\u003E15,20 \u20ac\u003C\/p\u003E\u003C\/td\u003E\u003Ctd width=\u0022137\u0022 valign=\u0022top\u0022\u003E\u003Cp align=\u0022center\u0022\u003E10,30 \u20ac\u003C\/p\u003E\u003C\/td\u003E\u003Ctd width=\u0022208\u0022 valign=\u0022top\u0022\u003E\u003Cp align=\u0022center\u0022\u003E21,10 \u20ac\u003C\/p\u003E\u003C\/td\u003E\u003C\/tr\u003E\u003Ctr\u003E\u003Ctd width=\u0022120\u0022\u003E\u003Cp align=\u0022center\u0022\u003E50 km et 60 km\u003C\/p\u003E\u003C\/td\u003E\u003Ctd width=\u0022165\u0022\u003E\u003Cp align=\u0022center\u0022\u003E18,20\u20ac\u003C\/p\u003E\u003C\/td\u003E\u003Ctd width=\u0022137\u0022 valign=\u0022top\u0022\u003E\u003Cp align=\u0022center\u0022\u003E10,30 \u20ac\u003C\/p\u003E\u003C\/td\u003E\u003Ctd width=\u0022208\u0022 valign=\u0022top\u0022\u003E\u003Cp align=\u0022center\u0022\u003E21,10 \u20ac\u003C\/p\u003E\u003C\/td\u003E\u003C\/tr\u003E\u003Ctr\u003E\u003Ctd width=\u0022120\u0022\u003E\u003Cp align=\u0022center\u0022\u003E60 km et 70 km\u003C\/p\u003E\u003C\/td\u003E\u003Ctd width=\u0022165\u0022\u003E\u003Cp align=\u0022center\u0022\u003E21,20 \u20ac\u003C\/p\u003E\u003C\/td\u003E\u003Ctd width=\u0022137\u0022 valign=\u0022top\u0022\u003E\u003Cp align=\u0022center\u0022\u003E10,30 \u20ac\u003C\/p\u003E\u003C\/td\u003E\u003Ctd width=\u0022208\u0022 valign=\u0022top\u0022\u003E\u003Cp align=\u0022center\u0022\u003E21,10 \u20ac\u003C\/p\u003E\u003C\/td\u003E\u003C\/tr\u003E\u003Ctr\u003E\u003Ctd width=\u0022120\u0022\u003E\u003Cp align=\u0022center\u0022\u003E70 km et 80 km\u003C\/p\u003E\u003C\/td\u003E\u003Ctd width=\u0022165\u0022\u003E\u003Cp align=\u0022center\u0022\u003E24,20 \u20ac\u003C\/p\u003E\u003C\/td\u003E\u003Ctd width=\u0022137\u0022 valign=\u0022top\u0022\u003E\u003Cp align=\u0022center\u0022\u003E10,30 \u20ac\u003C\/p\u003E\u003C\/td\u003E\u003Ctd width=\u0022208\u0022 valign=\u0022top\u0022\u003E\u003Cp align=\u0022center\u0022\u003E21,10 \u20ac\u003C\/p\u003E\u003C\/td\u003E\u003C\/tr\u003E\u003Ctr\u003E\u003Ctd width=\u0022120\u0022\u003E\u003Cp align=\u0022center\u0022\u003E80 km et 90 km\u003C\/p\u003E\u003C\/td\u003E\u003Ctd width=\u0022165\u0022\u003E\u003Cp align=\u0022center\u0022\u003E27,30 \u20ac\u003C\/p\u003E\u003C\/td\u003E\u003Ctd width=\u0022137\u0022 valign=\u0022top\u0022\u003E\u003Cp align=\u0022center\u0022\u003E10,30 \u20ac\u003C\/p\u003E\u003C\/td\u003E\u003Ctd width=\u0022208\u0022 valign=\u0022top\u0022\u003E\u003Cp align=\u0022center\u0022\u003E21,10 \u20ac\u003C\/p\u003E\u003C\/td\u003E\u003C\/tr\u003E\u003Ctr\u003E\u003Ctd width=\u0022120\u0022\u003E\u003Cp align=\u0022center\u0022\u003E90 km et 100 km\u003C\/p\u003E\u003C\/td\u003E\u003Ctd width=\u0022165\u0022\u003E\u003Cp align=\u0022center\u0022\u003E30,30 \u20ac\u003C\/p\u003E\u003C\/td\u003E\u003Ctd width=\u0022137\u0022 valign=\u0022top\u0022\u003E\u003Cp align=\u0022center\u0022\u003E10,30 \u20ac\u003C\/p\u003E\u003C\/td\u003E\u003Ctd width=\u0022208\u0022 valign=\u0022top\u0022\u003E\u003Cp align=\u0022center\u0022\u003E21,10 \u20ac\u003C\/p\u003E\u003C\/td\u003E\u003C\/tr\u003E\u003Ctr\u003E\u003Ctd width=\u0022120\u0022\u003E\u003Cp align=\u0022center\u0022\u003E100 km et 110 km\u003C\/p\u003E\u003C\/td\u003E\u003Ctd width=\u0022165\u0022\u003E\u003Cp align=\u0022center\u0022\u003E33,30 \u20ac\u003C\/p\u003E\u003C\/td\u003E\u003Ctd width=\u0022137\u0022 valign=\u0022top\u0022\u003E\u003Cp align=\u0022center\u0022\u003E10,30 \u20ac\u003C\/p\u003E\u003C\/td\u003E\u003Ctd width=\u0022208\u0022 valign=\u0022top\u0022\u003E\u003Cp align=\u0022center\u0022\u003E21,10 \u20ac\u003C\/p\u003E\u003C\/td\u003E\u003C\/tr\u003E\u003Ctr\u003E\u003Ctd width=\u0022120\u0022\u003E\u003Cp align=\u0022center\u0022\u003E110 km et 120 km\u003C\/p\u003E\u003C\/td\u003E\u003Ctd width=\u0022165\u0022\u003E\u003Cp align=\u0022center\u0022\u003E36,40 \u20ac\u003C\/p\u003E\u003C\/td\u003E\u003Ctd width=\u0022137\u0022 valign=\u0022top\u0022\u003E\u003Cp align=\u0022center\u0022\u003E10,30 \u20ac\u003C\/p\u003E\u003C\/td\u003E\u003Ctd width=\u0022208\u0022 valign=\u0022top\u0022\u003E\u003Cp align=\u0022center\u0022\u003E21,10 \u20ac\u003C\/p\u003E\u003C\/td\u003E\u003C\/tr\u003E\u003Ctr\u003E\u003Ctd width=\u0022120\u0022\u003E\u003Cp align=\u0022center\u0022\u003E120 km et 130 km\u003C\/p\u003E\u003C\/td\u003E\u003Ctd width=\u0022165\u0022\u003E\u003Cp align=\u0022center\u0022\u003E39,40 \u20ac\u003C\/p\u003E\u003C\/td\u003E\u003Ctd width=\u0022137\u0022 valign=\u0022top\u0022\u003E\u003Cp align=\u0022center\u0022\u003E10,30 \u20ac\u003C\/p\u003E\u003C\/td\u003E\u003Ctd width=\u0022208\u0022 valign=\u0022top\u0022\u003E\u003Cp align=\u0022center\u0022\u003E21,10 \u20ac\u003C\/p\u003E\u003C\/td\u003E\u003C\/tr\u003E\u003Ctr\u003E\u003Ctd width=\u0022120\u0022\u003E\u003Cp align=\u0022center\u0022\u003E130 km et 140 km\u003C\/p\u003E\u003C\/td\u003E\u003Ctd width=\u0022165\u0022\u003E\u003Cp align=\u0022center\u0022\u003E42,40 \u20ac\u003C\/p\u003E\u003C\/td\u003E\u003Ctd width=\u0022137\u0022 valign=\u0022top\u0022\u003E\u003Cp align=\u0022center\u0022\u003E10,30 \u20ac\u003C\/p\u003E\u003C\/td\u003E\u003Ctd width=\u0022208\u0022 valign=\u0022top\u0022\u003E\u003Cp align=\u0022center\u0022\u003E21,10 \u20ac\u003C\/p\u003E\u003C\/td\u003E\u003C\/tr\u003E\u003Ctr\u003E\u003Ctd width=\u0022120\u0022\u003E\u003Cp align=\u0022center\u0022\u003E140 km et 150 km\u003C\/p\u003E\u003C\/td\u003E\u003Ctd width=\u0022165\u0022\u003E\u003Cp align=\u0022center\u0022\u003E45,50 \u20ac\u003C\/p\u003E\u003C\/td\u003E\u003Ctd width=\u0022137\u0022 valign=\u0022top\u0022\u003E\u003Cp align=\u0022center\u0022\u003E10,30 \u20ac\u003C\/p\u003E\u003C\/td\u003E\u003Ctd width=\u0022208\u0022 valign=\u0022top\u0022\u003E\u003Cp align=\u0022center\u0022\u003E21,10 \u20ac\u003C\/p\u003E\u003C\/td\u003E\u003C\/tr\u003E\u003Ctr\u003E\u003Ctd width=\u0022120\u0022\u003E\u003Cp align=\u0022center\u0022\u003E150 km et 160 km\u003C\/p\u003E\u003C\/td\u003E\u003Ctd width=\u0022165\u0022\u003E\u003Cp align=\u0022center\u0022\u003E48,50 \u20ac\u003C\/p\u003E\u003C\/td\u003E\u003Ctd width=\u0022137\u0022 valign=\u0022top\u0022\u003E\u003Cp align=\u0022center\u0022\u003E10,30 \u20ac\u003C\/p\u003E\u003C\/td\u003E\u003Ctd width=\u0022208\u0022 valign=\u0022top\u0022\u003E\u003Cp align=\u0022center\u0022\u003E21,10 \u20ac\u003C\/p\u003E\u003C\/td\u003E\u003C\/tr\u003E\u003Ctr\u003E\u003Ctd width=\u0022120\u0022\u003E\u003Cp align=\u0022center\u0022\u003E160 km et 170 km\u003C\/p\u003E\u003C\/td\u003E\u003Ctd width=\u0022165\u0022\u003E\u003Cp align=\u0022center\u0022\u003E51,50 \u20ac\u003C\/p\u003E\u003C\/td\u003E\u003Ctd width=\u0022137\u0022 valign=\u0022top\u0022\u003E\u003Cp align=\u0022center\u0022\u003E10,30 \u20ac\u003C\/p\u003E\u003C\/td\u003E\u003Ctd width=\u0022208\u0022 valign=\u0022top\u0022\u003E\u003Cp align=\u0022center\u0022\u003E21,10 \u20ac\u003C\/p\u003E\u003C\/td\u003E\u003C\/tr\u003E\u003Ctr\u003E\u003Ctd width=\u0022120\u0022\u003E\u003Cp align=\u0022center\u0022\u003E170 km et 180 km\u003C\/p\u003E\u003C\/td\u003E\u003Ctd width=\u0022165\u0022\u003E\u003Cp align=\u0022center\u0022\u003E54,50 \u20ac\u003C\/p\u003E\u003C\/td\u003E\u003Ctd width=\u0022137\u0022 valign=\u0022top\u0022\u003E\u003Cp align=\u0022center\u0022\u003E10,30 \u20ac\u003C\/p\u003E\u003C\/td\u003E\u003Ctd width=\u0022208\u0022 valign=\u0022top\u0022\u003E\u003Cp align=\u0022center\u0022\u003E21,10 \u20ac\u003C\/p\u003E\u003C\/td\u003E\u003C\/tr\u003E\u003Ctr\u003E\u003Ctd width=\u0022120\u0022\u003E\u003Cp align=\u0022center\u0022\u003E180 km et 190 km\u003C\/p\u003E\u003C\/td\u003E\u003Ctd width=\u0022165\u0022\u003E\u003Cp align=\u0022center\u0022\u003E57,60 \u20ac\u003C\/p\u003E\u003C\/td\u003E\u003Ctd width=\u0022137\u0022 valign=\u0022top\u0022\u003E\u003Cp align=\u0022center\u0022\u003E10,30 \u20ac\u003C\/p\u003E\u003C\/td\u003E\u003Ctd width=\u0022208\u0022 valign=\u0022top\u0022\u003E\u003Cp align=\u0022center\u0022\u003E21,10 \u20ac\u003C\/p\u003E\u003C\/td\u003E\u003C\/tr\u003E\u003Ctr\u003E\u003Ctd width=\u0022120\u0022\u003E\u003Cp align=\u0022center\u0022\u003E190 km et 200 km\u003C\/p\u003E\u003C\/td\u003E\u003Ctd width=\u0022165\u0022\u003E\u003Cp align=\u0022center\u0022\u003E60,60 \u20ac\u003C\/p\u003E\u003C\/td\u003E\u003Ctd width=\u0022137\u0022 valign=\u0022top\u0022\u003E\u003Cp align=\u0022center\u0022\u003E10,30 \u20ac\u003C\/p\u003E\u003C\/td\u003E\u003Ctd width=\u0022208\u0022 valign=\u0022top\u0022\u003E\u003Cp align=\u0022center\u0022\u003E21,10 \u20ac\u003C\/p\u003E\u003C\/td\u003E\u003C\/tr\u003E\u003C\/tbody\u003E\u003C\/table\u003E\u003Cp\u003E\u003C\/p\u003E\u003Cp\u003E*\u0026nbsp;:\u0026nbsp;Pour les v\u00e9hicules \u00e9lectriques, le montant des frais de d\u00e9placement est major\u00e9 de 20 %\u003C\/p\u003E\u003Cp\u003ECe bar\u00e8me fixe les limites d\u2019exon\u00e9ration des remboursements de frais de repas et de transport expos\u00e9s par les salari\u00e9s amen\u00e9s \u00e0 se d\u00e9placer de fa\u00e7on habituelle sur des sites ext\u00e9rieurs \u00e0 l\u2019entreprise.\u0026nbsp;\u003C\/p\u003E\u003Cp\u003ELa limite d\u2019exon\u00e9ration des indemnit\u00e9s de frais de transport tient compte des distances parcourues quotidiennement (aller\/retour) \u00e0 cette occasion par les int\u00e9ress\u00e9s\u0026nbsp;:\u003C\/p\u003E\u003Cul\u003E\u003Cli\u003Edepuis l\u2019entreprise (si\u00e8ge social ou \u00e9tablissement auquel est rattach\u00e9 le salari\u00e9) et depuis leur domicile pour les salari\u00e9s des entreprises de travaux publics et du b\u00e2timent qui travaillent sur des chantiers (pour ces derniers, l\u2019option entre l\u2019une ou l\u2019autre de ces modalit\u00e9s doit \u00eatre exerc\u00e9e pour l\u2019ensemble des salari\u00e9s de l\u2019entreprise et la distance \u00e0 retenir est la distance kilom\u00e9trique parcourue par la route pour se rendre sur le lieu de chantier)\u0026nbsp;;\u003C\/li\u003E\u003Cli\u003Edepuis leur domicile ou depuis l\u2019entreprise (si\u00e8ge social ou \u00e9tablissement dont d\u00e9pend le salari\u00e9) pour les salari\u00e9s des entreprises de t\u00f4lerie, de chaudronnerie, de tuyauterie industrielle, travaillant sur des sites ext\u00e9rieurs\u0026nbsp;;\u003C\/li\u003E\u003Cli\u003Edepuis leur domicile pour les salari\u00e9s int\u00e9rimaires des entreprises de travail temporaire.\u003C\/li\u003E\u003C\/ul\u003E\u003Cp\u003E\u00c0 noter\u0026nbsp;: cette exon\u00e9ration suppose que l\u2019entreprise ne pratique pas, sur la r\u00e9mun\u00e9ration des salari\u00e9s, la d\u00e9duction forfaitaire sp\u00e9cifique pour frais professionnels dont peuvent b\u00e9n\u00e9ficier certaines professions.\u003C\/p\u003E                                            \u003Cp\u003E\u003Cbr \/\u003E\u003Cstrong\u003ESource :\u003C\/strong\u003E\u003Cstrong\u003E\u00a0\u003C\/strong\u003E\u003C\/p\u003E\u003Cul\u003E\u003Cli\u003E\u003Ca href=\u0022https:\/\/www.urssaf.fr\/accueil\/employeur\/beneficier-exonerations\/frais-professionnels.html#ancre-Transport\u0022 target=\u0022_blank\u0022\u003EFrais professionnels \u2013 Petits d\u00e9placements \u2013 Urssaf.fr mise \u00e0 jour le 20 janvier 2025\u003C\/a\u003E\u003C\/li\u003E\u003Cli\u003E\u003Ca href=\u0022https:\/\/www.legifrance.gouv.fr\/jorf\/id\/JORFTEXT000047416556\u0022 target=\u0022_blank\u0022\u003EArr\u00eat\u00e9 du 27 mars 2023 fixant le bar\u00e8me forfaitaire permettant l\u0027\u00e9valuation des frais de d\u00e9placement relatifs \u00e0 l\u0027utilisation d\u0027un v\u00e9hicule par les b\u00e9n\u00e9ficiaires de traitements et salaires optant pour le r\u00e9gime des frais r\u00e9els d\u00e9ductibles\u003C\/a\u003E\u003C\/li\u003E\u003Cli\u003E\u003Ca href=\u0022https:\/\/www.legifrance.gouv.fr\/jorf\/id\/JORFTEXT000046849276\u0022 target=\u0022_blank\u0022\u003EArr\u00eat\u00e9 du 26 d\u00e9cembre 2022 modifiant l\u0027arr\u00eat\u00e9 du 24 octobre 2022 fixant la valeur du coefficient pr\u00e9vu au II de l\u0027article 1er de la loi n\u00b0 2022-1157 du 16 ao\u00fbt 2022 de finances rectificative pour 2022 et modifiant l\u0027arr\u00eat\u00e9 du 20 d\u00e9cembre 2002 relatif aux frais professionnels d\u00e9ductibles pour le calcul des cotisations de s\u00e9curit\u00e9 sociale\u003C\/a\u003E\u003C\/li\u003E\u003C\/ul\u003E\u003C\/div\u003E","annee":"2025","theme":" Indices, taux, bar\u00e8mes sociaux","activites":["Tout secteur"],"image":"https:\/\/www.weblex.fr\/sites\/default\/files\/chiffres_clef\/Shutterstock_fraiskilometriques.jpg","created":"2025-05-20","modified":"2025-05-20"},{"url":"\/chiffres-cles\/montant-du-smic-et-du-minimum-garanti-au-1er-janvier-2025","id":26298,"title":"Montant du Smic et du minimum garanti au 1er janvier 2025","content":"\u003Cdiv\u003E                                              \u003Ch2\u003EMontant du minimum garanti\u003C\/h2\u003E\u003Cp\u003ELe montant du minimum garanti est fix\u00e9 \u00e0 4,22 \u20ac au 1er janvier 2025.\u003C\/p\u003E\u003Ch2\u003EMontant du SMIC\u003C\/h2\u003E\u003Cul\u003E\u003Cli\u003E\u003Cstrong\u003ECas g\u00e9n\u00e9ral\u003C\/strong\u003E\u003C\/li\u003E\u003C\/ul\u003E\u003Cp\u003EAu 1er janvier 2025, le taux horaire du Smic passe de 11,65 \u20ac brut \u00e0 11,88 \u20ac brut, soit 1801,80 \u20ac par mois sur la base d\u2019une dur\u00e9e hebdomadaire de travail de 35 heures.\u003C\/p\u003E\u003Ctable width=\u0022631\u0022\u003E\u003Ctbody\u003E\u003Ctr\u003E\u003Ctd colspan=\u00223\u0022\u003E\u003Cp align=\u0022center\u0022\u003ESalaire minimum de croissance (Smic)\u003C\/p\u003E\u003Cp align=\u0022center\u0022\u003E(articles L 3231-1 et suivants du Code du travail)\u003C\/p\u003E\u003Cp align=\u0022center\u0022\u003ETerritoire m\u00e9tropolitain et DOM\u003C\/p\u003E\u003C\/td\u003E\u003C\/tr\u003E\u003Ctr\u003E\u003Ctd\u003E\u003Cp align=\u0022center\u0022\u003EDate d\u0027effet\u003C\/p\u003E\u003C\/td\u003E\u003Ctd\u003E\u003Cp align=\u0022center\u0022\u003ESMIC horaire\u003C\/p\u003E\u003C\/td\u003E\u003Ctd\u003E\u003Cp align=\u0022center\u0022\u003ESMIC base 35 h par semaine\u003C\/p\u003E\u003C\/td\u003E\u003C\/tr\u003E\u003Ctr\u003E\u003Ctd\u003E\u003Cp align=\u0022center\u0022\u003E01.11.2024\u003C\/p\u003E\u003C\/td\u003E\u003Ctd\u003E\u003Cp align=\u0022center\u0022\u003E11,88 \u20ac\u003C\/p\u003E\u003C\/td\u003E\u003Ctd\u003E\u003Cp align=\u0022center\u0022\u003E1 801,80 \u20ac\u003C\/p\u003E\u003C\/td\u003E\u003C\/tr\u003E\u003C\/tbody\u003E\u003C\/table\u003E\u003Cp\u003E\u0026nbsp;\u003C\/p\u003E\u003Cul\u003E\u003Cli\u003E\u003Cstrong\u003EPour les jeunes travailleurs de moins de 18 ans\u003C\/strong\u003E\u003C\/li\u003E\u003C\/ul\u003E\u003Cp\u003EAu 1er janvier 2025, si vous employez des jeunes travailleurs, le SMIC qui leur est applicable comporte un abattement fix\u00e9 \u00e0 :\u003C\/p\u003E\u003Cul\u003E\u003Cli\u003E20 % avant 17 ans (soit 9,50 \u20ac pour le SMIC horaire),\u003C\/li\u003E\u003Cli\u003E10 % entre 17 et 18 ans (soit 10,69 \u20ac pour le SMIC horaire).\u003C\/li\u003E\u003C\/ul\u003E\u003Cp\u003ECet abattement est supprim\u00e9 pour les jeunes travailleurs ayant 6 mois de pratique professionnelle dans la branche d\u2019activit\u00e9 dont ils rel\u00e8vent.\u003C\/p\u003E\u003Cul\u003E\u003Cli\u003E\u003Cstrong\u003EPour les apprentis dont le contrat d\u2019apprentissage a \u00e9t\u00e9 conclu depuis le 1er janvier 2025 (valeur mensuelle)\u003C\/strong\u003E\u003C\/li\u003E\u003C\/ul\u003E\u003Ctable width=\u0022631\u0022\u003E\u003Ctbody\u003E\u003Ctr\u003E\u003Ctd\u003E\u003Cp align=\u0022center\u0022\u003E\u00c2ge de l\u2019apprenti\u003C\/p\u003E\u003C\/td\u003E\u003Ctd\u003E\u003Cp align=\u0022center\u0022\u003E1re ann\u00e9e\u003C\/p\u003E\u003C\/td\u003E\u003Ctd\u003E\u003Cp align=\u0022center\u0022\u003E2e ann\u00e9e\u003C\/p\u003E\u003C\/td\u003E\u003Ctd\u003E\u003Cp align=\u0022center\u0022\u003E3e ann\u00e9e\u003C\/p\u003E\u003C\/td\u003E\u003C\/tr\u003E\u003Ctr\u003E\u003Ctd rowspan=\u00222\u0022\u003E\u003Cp align=\u0022center\u0022\u003E\u0026lt; \u00e0 18 ans\u003C\/p\u003E\u003C\/td\u003E\u003Ctd\u003E\u003Cp align=\u0022center\u0022\u003E486,49 \u20ac\u003C\/p\u003E\u003C\/td\u003E\u003Ctd\u003E\u003Cp align=\u0022center\u0022\u003E702,70 \u20ac\u003C\/p\u003E\u003C\/td\u003E\u003Ctd\u003E\u003Cp align=\u0022center\u0022\u003E990,99 \u20ac\u003C\/p\u003E\u003C\/td\u003E\u003C\/tr\u003E\u003Ctr\u003E\u003Ctd\u003E\u003Cp align=\u0022center\u0022\u003E(27 % du SMIC)\u003C\/p\u003E\u003C\/td\u003E\u003Ctd\u003E\u003Cp align=\u0022center\u0022\u003E(39 % du SMIC)\u003C\/p\u003E\u003C\/td\u003E\u003Ctd\u003E\u003Cp align=\u0022center\u0022\u003E(55 % du SMIC)\u003C\/p\u003E\u003C\/td\u003E\u003C\/tr\u003E\u003Ctr\u003E\u003Ctd rowspan=\u00222\u0022\u003E\u003Cp align=\u0022center\u0022\u003EDe 18 \u00e0 20 ans\u003C\/p\u003E\u003C\/td\u003E\u003Ctd\u003E\u003Cp align=\u0022center\u0022\u003E774,77 \u20ac\u003C\/p\u003E\u003C\/td\u003E\u003Ctd\u003E\u003Cp align=\u0022center\u0022\u003E918,92 \u20ac\u003C\/p\u003E\u003C\/td\u003E\u003Ctd\u003E\u003Cp align=\u0022center\u0022\u003E1 207,21 \u20ac\u003C\/p\u003E\u003C\/td\u003E\u003C\/tr\u003E\u003Ctr\u003E\u003Ctd\u003E\u003Cp align=\u0022center\u0022\u003E(43 % du SMIC)\u003C\/p\u003E\u003C\/td\u003E\u003Ctd\u003E\u003Cp align=\u0022center\u0022\u003E(51 % du SMIC)\u003C\/p\u003E\u003C\/td\u003E\u003Ctd\u003E\u003Cp align=\u0022center\u0022\u003E(67 % du SMIC)\u003C\/p\u003E\u003C\/td\u003E\u003C\/tr\u003E\u003Ctr\u003E\u003Ctd rowspan=\u00222\u0022\u003E\u003Cp align=\u0022center\u0022\u003EDe 21 \u00e0 25 ans\u003C\/p\u003E\u003C\/td\u003E\u003Ctd\u003E\u003Cp align=\u0022center\u0022\u003E954,95 \u20ac\u003C\/p\u003E\u003C\/td\u003E\u003Ctd\u003E\u003Cp align=\u0022center\u0022\u003E1 099,10 \u20ac\u003C\/p\u003E\u003C\/td\u003E\u003Ctd\u003E\u003Cp align=\u0022center\u0022\u003E1 405,80 \u20ac\u003C\/p\u003E\u003C\/td\u003E\u003C\/tr\u003E\u003Ctr\u003E\u003Ctd\u003E\u003Cp align=\u0022center\u0022\u003E(53 % du SMIC*)\u003C\/p\u003E\u003C\/td\u003E\u003Ctd\u003E\u003Cp align=\u0022center\u0022\u003E(61 % du SMIC*)\u003C\/p\u003E\u003C\/td\u003E\u003Ctd\u003E\u003Cp align=\u0022center\u0022\u003E(78 % du SMIC*)\u003C\/p\u003E\u003C\/td\u003E\u003C\/tr\u003E\u003C\/tbody\u003E\u003C\/table\u003E\u003Cp\u003E* ou du salaire minimum conventionnel correspondant \u00e0 l\u2019emploi occup\u00e9, s\u2019il est plus favorable\u003C\/p\u003E\u003Cp\u003ELes apprentis 26 ans et plus b\u00e9n\u00e9ficient de 100 % du SMIC (soit 1 801,88 \u20ac), sauf dispositions conventionnelles plus favorables.\u003C\/p\u003E\u003Cul\u003E\u003Cli\u003E\u003Cstrong\u003EPour les salari\u00e9s embauch\u00e9s en contrat de professionnalisation depuis le le 1er janvier 2025\u0026nbsp;(valeur mensuelle)\u003C\/strong\u003E\u003C\/li\u003E\u003C\/ul\u003E\u003Ctable width=\u0022633\u0022\u003E\u003Ctbody\u003E\u003Ctr\u003E\u003Ctd\u003E\u003Cp align=\u0022center\u0022\u003E\u00c2ge du salari\u00e9 en contrat de professionnalisation\u003C\/p\u003E\u003C\/td\u003E\u003Ctd\u003E\u003Cp align=\u0022center\u0022\u003EQualification d\u2019un niveau inf\u00e9rieur au bac professionnel\u003C\/p\u003E\u003C\/td\u003E\u003Ctd\u003E\u003Cp align=\u0022center\u0022\u003EQualification d\u2019un niveau \u00e9gal ou sup\u00e9rieur au bac professionnel\u003C\/p\u003E\u003C\/td\u003E\u003C\/tr\u003E\u003Ctr\u003E\u003Ctd rowspan=\u00222\u0022\u003E\u003Cp align=\u0022center\u0022\u003EDe 16 \u00e0 20 ans\u003C\/p\u003E\u003C\/td\u003E\u003Ctd\u003E\u003Cp align=\u0022center\u0022\u003E991 \u20ac\u003C\/p\u003E\u003C\/td\u003E\u003Ctd\u003E\u003Cp align=\u0022center\u0022\u003E1 171,18 \u20ac\u003C\/p\u003E\u003C\/td\u003E\u003C\/tr\u003E\u003Ctr\u003E\u003Ctd\u003E\u003Cp align=\u0022center\u0022\u003E(55 % du SMIC)\u003C\/p\u003E\u003C\/td\u003E\u003Ctd\u003E\u003Cp align=\u0022center\u0022\u003E(65 % du SMIC)\u003C\/p\u003E\u003C\/td\u003E\u003C\/tr\u003E\u003Ctr\u003E\u003Ctd rowspan=\u00222\u0022\u003E\u003Cp align=\u0022center\u0022\u003EDe 21 \u00e0 25 ans inclus\u003C\/p\u003E\u003C\/td\u003E\u003Ctd\u003E\u003Cp align=\u0022center\u0022\u003E1 261,26 \u20ac\u003C\/p\u003E\u003C\/td\u003E\u003Ctd\u003E\u003Cp align=\u0022center\u0022\u003E1 441,45 \u20ac\u003C\/p\u003E\u003C\/td\u003E\u003C\/tr\u003E\u003Ctr\u003E\u003Ctd\u003E\u003Cp align=\u0022center\u0022\u003E(70 % du SMIC)\u003C\/p\u003E\u003C\/td\u003E\u003Ctd\u003E\u003Cp align=\u0022center\u0022\u003E(80 % du SMIC)\u003C\/p\u003E\u003C\/td\u003E\u003C\/tr\u003E\u003Ctr\u003E\u003Ctd\u003E\u003Cp align=\u0022center\u0022\u003EAu moins 26 ans\u003C\/p\u003E\u003C\/td\u003E\u003Ctd colspan=\u00222\u0022\u003E\u003Cp align=\u0022center\u0022\u003ER\u00e9mun\u00e9ration \u00e9gale \u00e0 85 % du salaire minimum conventionnel de branche sans pouvoir \u00eatre inf\u00e9rieure \u00e0 100 % du SMIC\u003C\/p\u003E\u003C\/td\u003E\u003C\/tr\u003E\u003C\/tbody\u003E\u003C\/table\u003E\u003Cul\u003E\u003Cli\u003E\u003Cstrong\u003E\u00c0 Mayotte\u003C\/strong\u003E\u003C\/li\u003E\u003C\/ul\u003E\u003Cp\u003EUn montant horaire sp\u00e9cifique s\u2019applique. Au 1er janvier 2025, il est fix\u00e9 \u00e0 8,98 \u20ac (soit 1 361,97 \u20ac par mois sur la base de 35 heures de travail hebdomadaires).\u003C\/p\u003E                                            \u003Cp\u003E\u003Cbr \/\u003E\u003Cstrong\u003ESource :\u003C\/strong\u003E\u003Cstrong\u003E\u00a0\u003C\/strong\u003E\u003C\/p\u003E\u003Cul\u003E\u003Cli\u003E\u003Ca href=\u0022https:\/\/www.legifrance.gouv.fr\/jorf\/id\/JORFTEXT000050392683\u0022 target=\u0022_blank\u0022\u003ED\u00e9cret n\u00b0 2024-951 du 23 octobre 2024 portant rel\u00e8vement du salaire minimum de croissance\u003C\/a\u003E\u003C\/li\u003E\u003Cli\u003E\u003Ca href=\u0022https:\/\/www.legifrance.gouv.fr\/jorf\/id\/JORFTEXT000037884363\u0022 target=\u0022_blank\u0022\u003ED\u00e9cret n\u00b0 2018-1347 du 28 d\u00e9cembre 2018 relatif \u00e0 la r\u00e9mun\u00e9ration des apprentis\u003C\/a\u003E\u003C\/li\u003E\u003Cli\u003E\u003Ca href=\u0022https:\/\/www.legifrance.gouv.fr\/codes\/article_lc\/LEGIARTI000038033238\/\u0022 target=\u0022_blank\u0022\u003EArticle D6222-26 du Code du travail\u0026nbsp;\u003C\/a\u003E\u003C\/li\u003E\u003C\/ul\u003E\u003C\/div\u003E","annee":"2025","theme":" Indices, taux, bar\u00e8mes sociaux","activites":["Tout secteur"],"image":"https:\/\/www.weblex.fr\/sites\/default\/files\/chiffres_clef\/Shutterstock_smic.jpg","created":"2025-05-20","modified":"2025-05-20"},{"url":"\/chiffres-cles\/bareme-des-frais-lies-a-la-mobilite-professionnelle-annee-2025","id":26304,"title":"Bar\u00e8me des frais li\u00e9s \u00e0 la mobilit\u00e9 professionnelle - Ann\u00e9e 2025","content":"\u003Cdiv\u003E                                              \u003Cp align=\u0022center\u0022\u003E\u003Cstrong\u003EBar\u00e8me des frais li\u00e9s \u00e0 la mobilit\u00e9 professionnelle\u0026nbsp;\u003C\/strong\u003E\u003C\/p\u003E\u003Cp align=\u0022center\u0022\u003E\u003Cstrong\u003EAnn\u00e9e 2025\u003C\/strong\u003E\u003C\/p\u003E\u003Cp\u003ELa mobilit\u00e9 professionnelle suppose un changement de lieu de r\u00e9sidence li\u00e9 \u00e0 un changement de poste de travail du salari\u00e9 dans un autre lieu de travail.\u0026nbsp;\u003C\/p\u003E\u003Cp\u003ELe salari\u00e9 ou assimil\u00e9 est pr\u00e9sum\u00e9 plac\u00e9 dans cette situation\u0026nbsp;lorsque les 2 conditions suivantes sont cumulativement remplies :\u0026nbsp;\u003C\/p\u003E\u003Cul\u003E\u003Cli\u003E\u003Cp\u003Elorsque la distance s\u00e9parant l\u2019ancien logement du nouvel emploi est au moins \u00e9gale \u00e0 50 kilom\u00e8tres (aller ou retour)\u0026nbsp;;\u0026nbsp;\u003C\/p\u003E\u003C\/li\u003E\u003Cli\u003E\u003Cp\u003Eet que celle-ci entra\u00eene un temps de trajet au moins \u00e9gal \u00e0 1 heure 30 minutes (aller ou retour)\u003C\/p\u003E\u003C\/li\u003E\u003C\/ul\u003E\u003Cp\u003ELes frais engag\u00e9s par un salari\u00e9 dans le cadre d\u2019une mobilit\u00e9 professionnelle sont consid\u00e9r\u00e9s comme des charges de caract\u00e8re sp\u00e9cial inh\u00e9rentes \u00e0 l\u2019emploi.\u0026nbsp;\u003C\/p\u003E\u003Cp\u003E\u0026nbsp;\u003C\/p\u003E\u003Ctable border=\u00221\u0022 cellpadding=\u00220\u0022 width=\u0022633\u0022\u003E\u003Ctbody\u003E\u003Ctr\u003E\u003Ctd width=\u0022629\u0022 colspan=\u00222\u0022\u003E\u003Cp align=\u0022center\u0022\u003E\u003Cstrong\u003EMobilit\u00e9 professionnelle\u003C\/strong\u003E\u003C\/p\u003E\u003C\/td\u003E\u003C\/tr\u003E\u003Ctr\u003E\u003Ctd width=\u0022479\u0022\u003E\u003Cp align=\u0022center\u0022\u003E\u003Cstrong\u003ENature de l\u0027indemnit\u00e9\u003C\/strong\u003E\u003C\/p\u003E\u003C\/td\u003E\u003Ctd width=\u0022149\u0022\u003E\u003Cp align=\u0022center\u0022\u003E\u003Cstrong\u003ELimite du forfait pour 2025\u003C\/strong\u003E\u003C\/p\u003E\u003C\/td\u003E\u003C\/tr\u003E\u003Ctr\u003E\u003Ctd width=\u0022479\u0022\u003E\u003Cp\u003EIndemnit\u00e9 journali\u00e8re destin\u00e9e \u00e0 compenser les d\u00e9penses d\u0027h\u00e9bergement provisoire et les frais suppl\u00e9mentaires de nourriture dans l\u0027attente d\u0027un logement d\u00e9finitif pour une dur\u00e9e ne pouvant exc\u00e9der 9 mois\u003C\/p\u003E\u003C\/td\u003E\u003Ctd width=\u0022149\u0022\u003E\u003Cp align=\u0022center\u0022\u003E84\u0026nbsp;\u20ac\u003C\/p\u003E\u003C\/td\u003E\u003C\/tr\u003E\u003Ctr\u003E\u003Ctd width=\u0022479\u0022\u003E\u003Cp\u003EIndemnit\u00e9 destin\u00e9e \u00e0 compenser les d\u00e9penses inh\u00e9rentes \u00e0 l\u0027installation dans le nouveau logement\u003C\/p\u003E\u003C\/td\u003E\u003Ctd width=\u0022149\u0022\u003E\u003Cp align=\u0022center\u0022\u003E1 683,30\u0026nbsp;\u20ac\u003C\/p\u003E\u003C\/td\u003E\u003C\/tr\u003E\u003Ctr\u003E\u003Ctd width=\u0022479\u0022\u003E\u003Cp\u003ELe montant de cette indemnit\u00e9 forfaitaire est major\u00e9 par enfant \u00e0 charge (dans la limite de 3 enfants) \u00e0 hauteur de\u003C\/p\u003E\u003C\/td\u003E\u003Ctd width=\u0022149\u0022\u003E\u003Cp align=\u0022center\u0022\u003E140,40\u0026nbsp;\u20ac\u003C\/p\u003E\u003C\/td\u003E\u003C\/tr\u003E\u003Ctr\u003E\u003Ctd width=\u0022479\u0022\u003E\u003Cp\u003Eet ne peut exc\u00e9der\u0026nbsp;:\u003C\/p\u003E\u003C\/td\u003E\u003Ctd width=\u0022149\u0022\u003E\u003Cp align=\u0022center\u0022\u003E2 104,70\u0026nbsp;\u20ac\u003C\/p\u003E\u003C\/td\u003E\u003C\/tr\u003E\u003Ctr\u003E\u003Ctd width=\u0022479\u0022\u003E\u003Cp\u003EFrais de d\u00e9m\u00e9nagement\u003C\/p\u003E\u003C\/td\u003E\u003Ctd width=\u0022149\u0022\u003E\u003Cp align=\u0022center\u0022\u003ED\u00e9penses r\u00e9elles\u003C\/p\u003E\u003C\/td\u003E\u003C\/tr\u003E\u003Ctr\u003E\u003Ctd width=\u0022479\u0022\u003E\u003Cp\u003EMobilit\u00e9 internationale\u003C\/p\u003E\u003C\/td\u003E\u003Ctd width=\u0022149\u0022\u003E\u003Cp align=\u0022center\u0022\u003ED\u00e9penses r\u00e9elles\u003C\/p\u003E\u003C\/td\u003E\u003C\/tr\u003E\u003Ctr\u003E\u003Ctd width=\u0022479\u0022\u003E\u003Cp\u003EMobilit\u00e9 de la m\u00e9tropole vers les territoires fran\u00e7ais situ\u00e9s Outre-mer et inversement ou de l\u0027un de ces territoires vers un autre\u003C\/p\u003E\u003C\/td\u003E\u003Ctd width=\u0022149\u0022\u003E\u003Cp align=\u0022center\u0022\u003ED\u00e9penses r\u00e9elles\u003C\/p\u003E\u003C\/td\u003E\u003C\/tr\u003E\u003C\/tbody\u003E\u003C\/table\u003E\u003Cp\u003E\u0026nbsp;\u003C\/p\u003E                                            \u003Cp\u003E\u003Cbr \/\u003E\u003Cstrong\u003ESource :\u003C\/strong\u003E\u003Cstrong\u003E\u00a0\u003C\/strong\u003E\u003C\/p\u003E\u003Cul\u003E\u003Cli\u003E\u003Ca href=\u0022https:\/\/www.urssaf.fr\/accueil\/employeur\/beneficier-exonerations\/frais-professionnels.html\u0022 target=\u0022_blank\u0022\u003EFrais professionnels \u2013 mutation professionnelle \u2013 Urssaf.fr mise \u00e0 jour le 20 janvier 2025\u003C\/a\u003E\u003C\/li\u003E\u003Cli\u003E\u003Ca href=\u0022https:\/\/boss.gouv.fr\/portail\/accueil\/autres-elements-de-remuneration\/frais-professionnels.html#titre-chapitre-6---frais-de-mobilite\u0022 target=\u0022_blank\u0022\u003EBulletin officiel de la S\u00e9curit\u00e9 sociale \u2013 Chapitre 6 \u2013 Frais de mobilit\u00e9\u003C\/a\u003E\u003C\/li\u003E\u003C\/ul\u003E\u003C\/div\u003E","annee":"2025","theme":" Indices, taux, bar\u00e8mes sociaux","activites":["Tout secteur"],"image":"https:\/\/www.weblex.fr\/sites\/default\/files\/chiffres_clef\/Shutterstock_mobilit%C3%A9profl.jpg","created":"2025-05-20","modified":"2025-05-20"},{"url":"\/chiffres-cles\/bareme-forfaitaire-avantage-en-nature-nourriture-annee-2025","id":26293,"title":"Bar\u00e8me forfaitaire avantage en nature nourriture - Ann\u00e9e 2025","content":"\u003Cdiv\u003E                                              \u003Cp\u003ELorsque l\u0027employeur fournit le repas, quel que soit le montant de la r\u00e9mun\u00e9ration du salari\u00e9, cet avantage est \u00e9valu\u00e9 forfaitairement. Le bar\u00e8me applicable est le suivant :\u003C\/p\u003E\u003Ctable border=\u00221\u0022 cellpadding=\u00220\u0022 width=\u0022571\u0022\u003E\u003Ctbody\u003E\u003Ctr\u003E\u003Ctd\u003E\u0026nbsp;\u003C\/td\u003E\u003Ctd width=\u0022168\u0022\u003E\u003Cp align=\u0022center\u0022\u003E1 repas\u003C\/p\u003E\u003C\/td\u003E\u003Ctd width=\u0022167\u0022\u003E\u003Cp align=\u0022center\u0022\u003E2 repas\u003C\/p\u003E\u003C\/td\u003E\u003C\/tr\u003E\u003Ctr\u003E\u003Ctd\u003E\u003Cp align=\u0022center\u0022\u003ECas g\u00e9n\u00e9ral\u0026nbsp;\u003Cbr\u003Een 2025\u0026nbsp;\u003C\/p\u003E\u003C\/td\u003E\u003Ctd width=\u0022168\u0022\u003E\u003Cp align=\u0022center\u0022\u003E5,45 \u20ac\u003C\/p\u003E\u003C\/td\u003E\u003Ctd width=\u0022167\u0022\u003E\u003Cp align=\u0022center\u0022\u003E10,90 \u20ac\u003C\/p\u003E\u003C\/td\u003E\u003C\/tr\u003E\u003Ctr\u003E\u003Ctd\u003E\u003Cp align=\u0022center\u0022\u003ESalari\u00e9s des h\u00f4tels, caf\u00e9s, restaurants et assimil\u00e9s\u003C\/p\u003E\u003Cp align=\u0022center\u0022\u003Edu 01\/01\/2024 au 31\/10\/2024\u003C\/p\u003E\u003Cp\u003E\u0026nbsp;\u003C\/p\u003E\u003C\/td\u003E\u003Ctd width=\u0022168\u0022\u003E\u003Cp align=\u0022center\u0022\u003E4,15 \u20ac\u003C\/p\u003E\u003C\/td\u003E\u003Ctd width=\u0022167\u0022\u003E\u003Cp align=\u0022center\u0022\u003E8,30 \u20ac\u003C\/p\u003E\u003C\/td\u003E\u003C\/tr\u003E\u003Ctr\u003E\u003Ctd\u003E\u003Cp align=\u0022center\u0022\u003ESalari\u00e9s des h\u00f4tels, caf\u00e9s, restaurants et assimil\u00e9s\u003Cbr\u003Edepuis le 01\/11\/2024\u003C\/p\u003E\u003Cp align=\u0022center\u0022\u003E\u0026nbsp;\u003C\/p\u003E\u003C\/td\u003E\u003Ctd width=\u0022168\u0022\u003E\u003Cp align=\u0022center\u0022\u003E4,22 \u20ac\u003C\/p\u003E\u003C\/td\u003E\u003Ctd width=\u0022167\u0022\u003E\u003Cp align=\u0022center\u0022\u003E8,44 \u20ac\u003C\/p\u003E\u003C\/td\u003E\u003C\/tr\u003E\u003C\/tbody\u003E\u003C\/table\u003E\u003Cp\u003EL\u2019avantage en nature peut \u00eatre n\u00e9glig\u00e9 pour les salari\u00e9s qui utilisent la cantine d\u2019entreprise lorsque la leur participation est au moins \u00e9gale \u00e0 50 % de l\u2019\u00e9valuation de l\u2019avantage en nature repas.\u0026nbsp;\u003C\/p\u003E                                            \u003Cp\u003E\u003Cbr \/\u003E\u003Cstrong\u003ESource :\u003C\/strong\u003E\u003Cstrong\u003E\u00a0\u003C\/strong\u003E\u003C\/p\u003E\u003Cul\u003E\u003Cli\u003E\u003Ca href=\u0022https:\/\/www.urssaf.fr\/portail\/home\/taux-et-baremes\/avantages-en-nature\/nourriture.html\u0022 target=\u0022_blank\u0022\u003Ehttps:\/\/www.urssaf.fr\/portail\/home\/taux-et-baremes\/avantages-en-nature\/nourriture.html\u003C\/a\u003E\u003C\/li\u003E\u003Cli\u003E\u003Ca href=\u0022https:\/\/www.legifrance.gouv.fr\/loda\/id\/JORFTEXT000000417638\u0022 target=\u0022_blank\u0022 rel=\u0022noopener\u0022\u003EArr\u00eat\u00e9 du 10 d\u00e9cembre 2002 relatif \u00e0 l\u0027\u00e9valuation des avantages en nature en vue du calcul des cotisations de s\u00e9curit\u00e9 sociale\u003C\/a\u003E\u003C\/li\u003E\u003C\/ul\u003E\u003C\/div\u003E","annee":"2025","theme":" Indices, taux, bar\u00e8mes sociaux","activites":["Tout secteur"],"image":"https:\/\/www.weblex.fr\/sites\/default\/files\/chiffres_clef\/Shutterstock_aennourriture.jpg","created":"2025-05-19","modified":"2025-05-19"},{"url":"\/chiffres-cles\/dates-des-jours-feries-annee-2025","id":26294,"title":"Dates des jours f\u00e9ri\u00e9s - Ann\u00e9e 2025","content":"\u003Cdiv\u003E                                              \u003Cp\u003EEn 2025, les dates des jours f\u00e9ri\u00e9s sont les suivantes :\u003C\/p\u003E\u003Cul\u003E\u003Cli\u003EJour de l\u2019An : mercredi 1er janvier\u003C\/li\u003E\u003Cli\u003ELundi de P\u00e2ques : lundi 21 avril\u003C\/li\u003E\u003Cli\u003EF\u00eate du Travail : jeudi 1er mai\u003C\/li\u003E\u003Cli\u003EVictoire de 1945 : jeudi 8 mai\u003C\/li\u003E\u003Cli\u003EAscension : jeudi 29 mai\u003C\/li\u003E\u003Cli\u003EPentec\u00f4te : lundi 9 juin\u003C\/li\u003E\u003Cli\u003EF\u00eate Nationale : lundi 14 juillet\u003C\/li\u003E\u003Cli\u003EAssomption : vendredi 15 ao\u00fbt\u003C\/li\u003E\u003Cli\u003EToussaint : samedi 1er novembre\u003C\/li\u003E\u003Cli\u003EArmistice de 1918 : mardi 11 novembre\u003C\/li\u003E\u003Cli\u003ENo\u00ebl : jeudi 25 d\u00e9cembre\u003C\/li\u003E\u003C\/ul\u003E\u003Cp\u003ELe 1er mai est le seul jour obligatoirement ch\u00f4m\u00e9 pour tous les salari\u00e9s.\u003C\/p\u003E\u003Cp\u003ED\u2019autres jours f\u00e9ri\u00e9s peuvent exister dans une r\u00e9gion, une localit\u00e9 ou dans certains secteurs d\u2019activit\u00e9. C\u2019est le cas, par exemple, de l\u2019Alsace et de la Moselle qui b\u00e9n\u00e9ficient \u00e9galement du Vendredi Saint et du 26 d\u00e9cembre.\u003C\/p\u003E\u003Cp\u003EIl est \u00e9galement possible d\u2019accorder un pont aux salari\u00e9s entre un ou deux jours de repos hebdomadaire et un jour f\u00e9ri\u00e9.\u003Cbr\u003E\u0026nbsp;\u003C\/p\u003E                                            \u003Cp\u003E\u003Cbr \/\u003E\u003Cstrong\u003ESource :\u003C\/strong\u003E\u003Cstrong\u003E\u00a0\u003C\/strong\u003E\u003C\/p\u003E\u003Cul\u003E\u003Cli\u003E\u003Ca href=\u0022https:\/\/www.legifrance.gouv.fr\/codes\/article_lc\/LEGIARTI000033020901\/\u0022 target=\u0022_blank\u0022\u003EArticle L3133-1 du Code du travail\u0026nbsp;\u003C\/a\u003E\u003C\/li\u003E\u003C\/ul\u003E\u003C\/div\u003E","annee":"2025","theme":" Indices, taux, bar\u00e8mes sociaux","activites":["Tout secteur"],"image":"https:\/\/www.weblex.fr\/sites\/default\/files\/chiffres_clef\/Shutterstock_joursferies.jpg","created":"2025-05-19","modified":"2025-05-20"},{"url":"\/chiffres-cles\/plafonds-de-loyer-et-de-ressources-retenus-pour-l-application-du-dispositif-conventionnement-anah-2025","id":26273,"title":"Plafonds de loyer et de ressources retenus pour l\u2019application du dispositif \u00ab conventionnement Anah \u00bb - 2025","content":"\u003Cdiv\u003E                                              \u003Ch2\u003EPlafonds de loyer\u003C\/h2\u003E\u003Cp\u003ELe loyer mensuel doit respecter un plafond au m\u00b2.\u003C\/p\u003E\u003Cp\u003EPour les baux conclus ou renouvel\u00e9s en 2025, les plafonds (charges non comprises) sont les suivants :\u003C\/p\u003E\u003Cul\u003E\u003Cli\u003Epour les conventions \u00e0 loyer interm\u00e9diaire \u0026nbsp;:\u003Cul\u003E\u003Cli\u003E19,51 \u20ac en zone A bis\u003C\/li\u003E\u003Cli\u003E14,49 \u20ac en zone A\u003C\/li\u003E\u003Cli\u003E11,68 \u20ac en zone B1\u003C\/li\u003E\u003Cli\u003E10,15 \u20ac en zone B2\u003C\/li\u003E\u003Cli\u003E10,15 \u20ac en zone C\u003C\/li\u003E\u003C\/ul\u003E\u003C\/li\u003E\u003Cli\u003Epour les conventions \u00e0 loyer interm\u00e9diaire dans les DOM (Guyane, Guadeloupe, Martinique, R\u00e9union, Mayotte) : 12,02 \u20ac\u003C\/li\u003E\u003Cli\u003Epour les conventions \u00e0 loyer social Borloo Ancien (convention conclue \u00e0 compter du 1er janvier 2012) :\u003Cul\u003E\u003Cli\u003E7,68 \u20ac en zones A \/ A bis\u003C\/li\u003E\u003Cli\u003E6,99 \u20ac en zones B1 \/ B2\u003C\/li\u003E\u003Cli\u003E6,25 \u20ac en zone C\u003C\/li\u003E\u003C\/ul\u003E\u003C\/li\u003E\u003Cli\u003Epour les conventions \u00e0 loyer social Cosse Ancien\u003Cul\u003E\u003Cli\u003E13,64 \u20ac zone A bis\u003C\/li\u003E\u003Cli\u003E10,49 \u20ac zone A\u003C\/li\u003E\u003Cli\u003E9,04 \u20ac zone B1\u003C\/li\u003E\u003Cli\u003E8,67 \u20ac zone B2\u003C\/li\u003E\u003Cli\u003E8,05 zone C\u003C\/li\u003E\u003C\/ul\u003E\u003C\/li\u003E\u003Cli\u003Epour les conventions \u00e0 loyer tr\u00e8s social Borloo Ancien (convention conclue \u00e0 compter du 1er janvier 2012) :\u003Cul\u003E\u003Cli\u003E7,28 \u20ac en zones A \/ A bis\u003C\/li\u003E\u003Cli\u003E6,77 \u20ac en zones B1 \/ B2\u003C\/li\u003E\u003Cli\u003E6,05 \u20ac en zone C\u003C\/li\u003E\u003C\/ul\u003E\u003C\/li\u003E\u003Cli\u003Epour les conventions \u00e0 loyer tr\u00e8s social Cosse Ancien :\u003Cul\u003E\u003Cli\u003E10,63 \u20ac zone A bis\u003C\/li\u003E\u003Cli\u003E8,18 \u20ac zone A\u003C\/li\u003E\u003Cli\u003E7,04 \u20ac zone B1\u003C\/li\u003E\u003Cli\u003E6,74 \u20ac zone B2\u003C\/li\u003E\u003Cli\u003E6,25 zone C\u003C\/li\u003E\u003C\/ul\u003E\u003C\/li\u003E\u003C\/ul\u003E\u003Ch2\u003EPlafonds de ressources du locataire\u003C\/h2\u003E\u003Cp\u003ELes ressources du locataire s\u0027entendent du revenu fiscal de r\u00e9f\u00e9rence figurant sur l\u0027avis d\u0027imp\u00f4t sur le revenu \u00e9tabli au titre de l\u0027avant-derni\u00e8re ann\u00e9e pr\u00e9c\u00e9dant celle de la signature du contrat de location.\u003C\/p\u003E\u003Cp\u003ECes plafonds sont r\u00e9vis\u00e9s au 1er janvier de chaque ann\u00e9e en fonction de la variation annuelle de l\u2019indice de r\u00e9f\u00e9rence des loyers.\u003C\/p\u003E\u003Cp\u003EPour les baux conclus ou renouvel\u00e9s en 2025, les plafonds annuels de ressources des locataires sont les suivants (en euros) :\u003C\/p\u003E\u003Cp\u003E\u003Cstrong\u003EPour les conventions \u00e0 loyer interm\u00e9diaire m\u00e9tropole\u003C\/strong\u003E\u003C\/p\u003E\u003Ctable class=\u0022Table\u0022 align=\u0022left\u0022 width=\u0022100%\u0022\u003E\u003Ctbody\u003E\u003Ctr\u003E\u003Ctd\u003E\u003Cp align=\u0022center\u0022\u003E\u003Cstrong\u003ECOMPOSITION DU FOYER LOCATAIRE\u003C\/strong\u003E\u003C\/p\u003E\u003C\/td\u003E\u003Ctd colspan=\u00224\u0022\u003E\u003Cp align=\u0022center\u0022\u003E\u003Cstrong\u003ELIEU DE SITUATION DU LOGEMENT (en \u20ac)\u003C\/strong\u003E\u003C\/p\u003E\u003C\/td\u003E\u003C\/tr\u003E\u003Ctr\u003E\u003Ctd\u003E\u0026nbsp;\u003C\/td\u003E\u003Ctd\u003E\u003Cp align=\u0022center\u0022\u003E\u003Cstrong\u003EZone A bis\u003C\/strong\u003E\u003C\/p\u003E\u003C\/td\u003E\u003Ctd\u003E\u003Cp align=\u0022center\u0022\u003E\u003Cstrong\u003EZone A\u003C\/strong\u003E\u003C\/p\u003E\u003C\/td\u003E\u003Ctd\u003E\u003Cp align=\u0022center\u0022\u003E\u003Cstrong\u003EZone B1\u003C\/strong\u003E\u003C\/p\u003E\u003C\/td\u003E\u003Ctd\u003E\u003Cp align=\u0022center\u0022\u003E\u003Cstrong\u003EZone B2 et Zone C\u003C\/strong\u003E\u003C\/p\u003E\u003C\/td\u003E\u003C\/tr\u003E\u003Ctr\u003E\u003Ctd\u003E\u003Cp align=\u0022center\u0022\u003E\u003Cstrong\u003EPersonne seule\u003C\/strong\u003E\u003C\/p\u003E\u003C\/td\u003E\u003Ctd valign=\u0022top\u0022\u003E\u003Cp align=\u0022center\u0022\u003E43 953 \u20ac\u003C\/p\u003E\u003C\/td\u003E\u003Ctd valign=\u0022top\u0022\u003E\u003Cp align=\u0022center\u0022\u003E43 953 \u20ac\u003C\/p\u003E\u003C\/td\u003E\u003Ctd valign=\u0022top\u0022\u003E\u003Cp align=\u0022center\u0022\u003E35 825 \u20ac\u003C\/p\u003E\u003C\/td\u003E\u003Ctd valign=\u0022top\u0022\u003E\u003Cp align=\u0022center\u0022\u003E32 243 \u20ac\u003C\/p\u003E\u003C\/td\u003E\u003C\/tr\u003E\u003Ctr\u003E\u003Ctd\u003E\u003Cp align=\u0022center\u0022\u003E\u003Cstrong\u003ECouple\u003C\/strong\u003E\u003C\/p\u003E\u003C\/td\u003E\u003Ctd valign=\u0022top\u0022\u003E\u003Cp align=\u0022center\u0022\u003E65 691 \u20ac\u003C\/p\u003E\u003C\/td\u003E\u003Ctd valign=\u0022top\u0022\u003E\u003Cp align=\u0022center\u0022\u003E65 691 \u20ac\u003C\/p\u003E\u003C\/td\u003E\u003Ctd valign=\u0022top\u0022\u003E\u003Cp align=\u0022center\u0022\u003E47 842 \u20ac\u003C\/p\u003E\u003C\/td\u003E\u003Ctd valign=\u0022top\u0022\u003E\u003Cp align=\u0022center\u0022\u003E43 056 \u20ac\u003C\/p\u003E\u003C\/td\u003E\u003C\/tr\u003E\u003Ctr\u003E\u003Ctd\u003E\u003Cp align=\u0022center\u0022\u003E\u003Cstrong\u003EPersonne seule ou couple ayant une personne \u00e0 charge\u003C\/strong\u003E\u003C\/p\u003E\u003C\/td\u003E\u003Ctd valign=\u0022top\u0022\u003E\u003Cp align=\u0022center\u0022\u003E86 112 \u20ac\u003C\/p\u003E\u003C\/td\u003E\u003Ctd valign=\u0022top\u0022\u003E\u003Cp align=\u0022center\u0022\u003E78 963 \u20ac\u003C\/p\u003E\u003C\/td\u003E\u003Ctd valign=\u0022top\u0022\u003E\u003Cp align=\u0022center\u0022\u003E57 531 \u20ac\u003C\/p\u003E\u003C\/td\u003E\u003Ctd valign=\u0022top\u0022\u003E\u003Cp align=\u0022center\u0022\u003E51 778 \u20ac\u003C\/p\u003E\u003C\/td\u003E\u003C\/tr\u003E\u003Ctr\u003E\u003Ctd\u003E\u003Cp align=\u0022center\u0022\u003E\u003Cstrong\u003EPersonne seule ou couple ayant deux personnes \u00e0 charge\u003C\/strong\u003E\u003C\/p\u003E\u003C\/td\u003E\u003Ctd valign=\u0022top\u0022\u003E\u003Cp align=\u0022center\u0022\u003E102 812 \u20ac\u003C\/p\u003E\u003C\/td\u003E\u003Ctd valign=\u0022top\u0022\u003E\u003Cp align=\u0022center\u0022\u003E94 585 \u20ac\u003C\/p\u003E\u003C\/td\u003E\u003Ctd valign=\u0022top\u0022\u003E\u003Cp align=\u0022center\u0022\u003E69 455 \u20ac\u003C\/p\u003E\u003C\/td\u003E\u003Ctd valign=\u0022top\u0022\u003E\u003Cp align=\u0022center\u0022\u003E62 510 \u20ac\u003C\/p\u003E\u003C\/td\u003E\u003C\/tr\u003E\u003Ctr\u003E\u003Ctd\u003E\u003Cp align=\u0022center\u0022\u003E\u003Cstrong\u003EPersonne seule ou couple ayant trois personnes \u00e0 charge\u003C\/strong\u003E\u003C\/p\u003E\u003C\/td\u003E\u003Ctd valign=\u0022top\u0022\u003E\u003Cp align=\u0022center\u0022\u003E122 326 \u20ac\u003C\/p\u003E\u003C\/td\u003E\u003Ctd valign=\u0022top\u0022\u003E\u003Cp align=\u0022center\u0022\u003E111 971 \u20ac\u003C\/p\u003E\u003C\/td\u003E\u003Ctd valign=\u0022top\u0022\u003E\u003Cp align=\u0022center\u0022\u003E81 705 \u20ac\u003C\/p\u003E\u003C\/td\u003E\u003Ctd valign=\u0022top\u0022\u003E\u003Cp align=\u0022center\u0022\u003E73 535 \u20ac\u003C\/p\u003E\u003C\/td\u003E\u003C\/tr\u003E\u003Ctr\u003E\u003Ctd\u003E\u003Cp align=\u0022center\u0022\u003E\u003Cstrong\u003EPersonne seule ou couple ayant quatre personnes \u00e0 charge\u003C\/strong\u003E\u003C\/p\u003E\u003C\/td\u003E\u003Ctd\u003E\u003Cp align=\u0022center\u0022\u003E137 649 \u20ac\u003C\/p\u003E\u003C\/td\u003E\u003Ctd\u003E\u003Cp align=\u0022center\u0022\u003E126 001 \u20ac\u003C\/p\u003E\u003C\/td\u003E\u003Ctd\u003E\u003Cp align=\u0022center\u0022\u003E92 080 \u20ac\u003C\/p\u003E\u003C\/td\u003E\u003Ctd\u003E\u003Cp align=\u0022center\u0022\u003E82 873 \u20ac\u003C\/p\u003E\u003C\/td\u003E\u003C\/tr\u003E\u003Ctr\u003E\u003Ctd\u003E\u003Cp align=\u0022center\u0022\u003E\u003Cstrong\u003EMajoration par personne \u00e0 charge suppl\u00e9mentaire \u00e0 partir de la cinqui\u00e8me\u003C\/strong\u003E\u003C\/p\u003E\u003C\/td\u003E\u003Ctd valign=\u0022top\u0022\u003E\u003Cp align=\u0022center\u0022\u003E15 335 \u20ac\u003C\/p\u003E\u003C\/td\u003E\u003Ctd valign=\u0022top\u0022\u003E\u003Cp align=\u0022center\u0022\u003E14 039 \u20ac\u003C\/p\u003E\u003C\/td\u003E\u003Ctd valign=\u0022top\u0022\u003E\u003Cp align=\u0022center\u0022\u003E10 273 \u20ac\u003C\/p\u003E\u003C\/td\u003E\u003Ctd valign=\u0022top\u0022\u003E\u003Cp align=\u0022center\u0022\u003E9 243\u20ac\u003C\/p\u003E\u003Cp align=\u0022center\u0022\u003E\u0026nbsp;\u003C\/p\u003E\u003C\/td\u003E\u003C\/tr\u003E\u003C\/tbody\u003E\u003C\/table\u003E\u003Cp\u003E\u0026nbsp;\u003C\/p\u003E\u003Cp\u003E\u003Cstrong\u003EPour les conventions \u00e0 loyer interm\u00e9diaire outre-mer\u003C\/strong\u003E\u003C\/p\u003E\u003Ctable class=\u0022Table\u0022 align=\u0022center\u0022 width=\u0022509\u0022\u003E\u003Ctr\u003E\u003Ctd\u003E\u003Cp align=\u0022center\u0022\u003E\u003Cstrong\u003ELieu de situation de l\u0027immeuble\u003C\/strong\u003E\u003C\/p\u003E\u003C\/td\u003E\u003Ctd\u003E\u003Cp align=\u0022center\u0022\u003E\u003Cstrong\u003ED\u00e9partements d\u0027outre-mer\u003C\/strong\u003E\u003Cbr\u003E\u003Cstrong\u003ESaint-Martin\u003C\/strong\u003E\u003Cbr\u003E\u003Cstrong\u003ESaint-Pierre-et-Miquelon\u003C\/strong\u003E\u003C\/p\u003E\u003C\/td\u003E\u003Ctd\u003E\u003Cp align=\u0022center\u0022\u003E\u003Cstrong\u003EPolyn\u00e9sie Fran\u00e7aise\u003C\/strong\u003E\u003Cbr\u003E\u003Cstrong\u003ENouvelle-Cal\u00e9donie\u003C\/strong\u003E\u003Cbr\u003E\u003Cstrong\u003E\u00celes Wallis et Futuna\u003C\/strong\u003E\u003C\/p\u003E\u003C\/td\u003E\u003C\/tr\u003E\u003Ctbody\u003E\u003Ctr\u003E\u003Ctd\u003E\u003Cp align=\u0022center\u0022\u003E\u003Cstrong\u003EPersonne seule\u003C\/strong\u003E\u003C\/p\u003E\u003C\/td\u003E\u003Ctd\u003E\u003Cp\u003E32 602 \u20ac\u003C\/p\u003E\u003C\/td\u003E\u003Ctd\u003E\u003Cp\u003E34 607 \u20ac\u003C\/p\u003E\u003C\/td\u003E\u003C\/tr\u003E\u003Ctr\u003E\u003Ctd\u003E\u003Cp align=\u0022center\u0022\u003E\u003Cstrong\u003ECouple\u003C\/strong\u003E\u003C\/p\u003E\u003C\/td\u003E\u003Ctd\u003E\u003Cp\u003E43 539 \u20ac\u003C\/p\u003E\u003C\/td\u003E\u003Ctd\u003E\u003Cp\u003E46 213 \u20ac\u003C\/p\u003E\u003C\/td\u003E\u003C\/tr\u003E\u003Ctr\u003E\u003Ctd\u003E\u003Cp align=\u0022center\u0022\u003E\u003Cstrong\u003EPersonne seule ou couple ayant une personne \u00e0 charge\u003C\/strong\u003E\u003C\/p\u003E\u003C\/td\u003E\u003Ctd\u003E\u003Cp\u003E52 358 \u20ac\u003C\/p\u003E\u003C\/td\u003E\u003Ctd\u003E\u003Cp\u003E55 573 \u20ac\u003C\/p\u003E\u003C\/td\u003E\u003C\/tr\u003E\u003Ctr\u003E\u003Ctd\u003E\u003Cp align=\u0022center\u0022\u003E\u003Cstrong\u003EPersonne seule ou couple ayant deux personnes \u00e0 charge\u003C\/strong\u003E\u003C\/p\u003E\u003C\/td\u003E\u003Ctd\u003E\u003Cp\u003E63 207 \u20ac\u003C\/p\u003E\u003C\/td\u003E\u003Ctd\u003E\u003Cp\u003E67 090 \u20ac\u003C\/p\u003E\u003C\/td\u003E\u003C\/tr\u003E\u003Ctr\u003E\u003Ctd\u003E\u003Cp align=\u0022center\u0022\u003E\u003Cstrong\u003EPersonne seule ou couple ayant trois personnes \u00e0 charge\u003C\/strong\u003E\u003C\/p\u003E\u003C\/td\u003E\u003Ctd\u003E\u003Cp\u003E74 354 \u20ac\u003C\/p\u003E\u003C\/td\u003E\u003Ctd\u003E\u003Cp\u003E78 921 \u20ac\u003C\/p\u003E\u003C\/td\u003E\u003C\/tr\u003E\u003Ctr\u003E\u003Ctd\u003E\u003Cp align=\u0022center\u0022\u003E\u003Cstrong\u003EPersonne seule ou couple ayant quatre personnes \u00e0 charge\u003C\/strong\u003E\u003C\/p\u003E\u003C\/td\u003E\u003Ctd\u003E\u003Cp\u003E83 795 \u20ac\u003C\/p\u003E\u003C\/td\u003E\u003Ctd\u003E\u003Cp\u003E88 943 \u20ac\u003C\/p\u003E\u003C\/td\u003E\u003C\/tr\u003E\u003Ctr\u003E\u003Ctd\u003E\u003Cp align=\u0022center\u0022\u003E\u003Cstrong\u003EMajoration par personne \u00e0 charge \u00e0 partir de la cinqui\u00e8me\u003C\/strong\u003E\u003C\/p\u003E\u003C\/td\u003E\u003Ctd\u003E\u003Cp\u003E9 354 \u20ac\u003C\/p\u003E\u003C\/td\u003E\u003Ctd\u003E\u003Cp\u003E9 928 \u20ac\u003C\/p\u003E\u003C\/td\u003E\u003C\/tr\u003E\u003C\/tbody\u003E\u003C\/table\u003E\u003Cp\u003E\u003Cstrong\u003EPour les conventions \u00e0 loyer social Borloo Ancien \/ Cosse Ancien\u003C\/strong\u003E\u003C\/p\u003E\u003Ctable class=\u0022Table\u0022 width=\u0022100%\u0022\u003E\u003Ctr\u003E\u003Ctd\u003E\u003Cp align=\u0022center\u0022\u003E\u003Cstrong\u003EZones\u003C\/strong\u003E\u003C\/p\u003E\u003C\/td\u003E\u003Ctd\u003E\u003Cp align=\u0022center\u0022\u003E\u003Cstrong\u003EParis et communes limitrophes\u003C\/strong\u003E\u003C\/p\u003E\u003C\/td\u003E\u003Ctd\u003E\u003Cp align=\u0022center\u0022\u003E\u003Cstrong\u003E\u00cele-de-France hors Paris et communes limitrophes\u003C\/strong\u003E\u003C\/p\u003E\u003C\/td\u003E\u003Ctd\u003E\u003Cp align=\u0022center\u0022\u003E\u003Cstrong\u003EAutres r\u00e9gions\u003C\/strong\u003E\u003C\/p\u003E\u003C\/td\u003E\u003C\/tr\u003E\u003Ctbody\u003E\u003Ctr\u003E\u003Ctd\u003E\u003Cp align=\u0022center\u0022\u003E\u003Cstrong\u003EPersonne seule\u003C\/strong\u003E\u003C\/p\u003E\u003C\/td\u003E\u003Ctd\u003E\u003Cp\u003E26 687 \u20ac\u003C\/p\u003E\u003C\/td\u003E\u003Ctd\u003E\u003Cp\u003E26 687 \u20ac\u003C\/p\u003E\u003C\/td\u003E\u003Ctd\u003E\u003Cp\u003E23 201 \u20ac\u003C\/p\u003E\u003C\/td\u003E\u003C\/tr\u003E\u003Ctr\u003E\u003Ctd\u003E\u003Cp align=\u0022center\u0022\u003E\u003Cstrong\u003ECouple (\u00e0 l\u0027exclusion des jeunes m\u00e9nages)\u003C\/strong\u003E\u003Cbr\u003E\u003Cstrong\u003Eou\u003C\/strong\u003E\u003Cbr\u003E\u003Cstrong\u003EPersonne seule en situation de handicap\u003C\/strong\u003E\u003C\/p\u003E\u003C\/td\u003E\u003Ctd\u003E\u003Cp\u003E39 885 \u20ac\u003C\/p\u003E\u003C\/td\u003E\u003Ctd\u003E\u003Cp\u003E39 885 \u20ac\u003C\/p\u003E\u003C\/td\u003E\u003Ctd\u003E\u003Cp\u003E30 984 \u20ac\u003C\/p\u003E\u003C\/td\u003E\u003C\/tr\u003E\u003Ctr\u003E\u003Ctd\u003E\u003Cp align=\u0022center\u0022\u003E\u003Cstrong\u003EPersonne seule ou couple ayant une personne \u00e0 charge\u003C\/strong\u003E\u003Cbr\u003E\u003Cstrong\u003Eou\u003C\/strong\u003E\u003Cbr\u003E\u003Cstrong\u003EJeune m\u00e9nage sans personne \u00e0 charge\u003C\/strong\u003E\u003Cbr\u003E\u003Cstrong\u003Eou\u003C\/strong\u003E\u003Cbr\u003E\u003Cstrong\u003ECouple dont au moins un des membres est en situation de handicap\u003C\/strong\u003E\u003C\/p\u003E\u003C\/td\u003E\u003Ctd\u003E\u003Cp\u003E52 284 \u20ac\u003C\/p\u003E\u003C\/td\u003E\u003Ctd\u003E\u003Cp\u003E47 944 \u20ac\u003C\/p\u003E\u003C\/td\u003E\u003Ctd\u003E\u003Cp\u003E37 259 \u20ac\u003C\/p\u003E\u003C\/td\u003E\u003C\/tr\u003E\u003Ctr\u003E\u003Ctd\u003E\u003Cp align=\u0022center\u0022\u003E\u003Cstrong\u003EPersonne seule ou couple ayant deux personnes \u00e0 charge\u003C\/strong\u003E\u003Cbr\u003E\u003Cstrong\u003Eou\u003C\/strong\u003E\u003Cbr\u003E\u003Cstrong\u003ECouple ayant une personne \u00e0 charge dont au moins un des trois membres est en situation de handicap\u003C\/strong\u003E\u003C\/p\u003E\u003C\/td\u003E\u003Ctd\u003E\u003Cp\u003E62 424 \u20ac\u003C\/p\u003E\u003C\/td\u003E\u003Ctd\u003E\u003Cp\u003E57 429 \u20ac\u003C\/p\u003E\u003C\/td\u003E\u003Ctd\u003E\u003Cp\u003E44 982 \u20ac\u003C\/p\u003E\u003C\/td\u003E\u003C\/tr\u003E\u003Ctr\u003E\u003Ctd\u003E\u003Cp align=\u0022center\u0022\u003E\u003Cstrong\u003EPersonne seule ou couple ayant trois personnes \u00e0 charge\u003C\/strong\u003E\u003Cbr\u003E\u003Cstrong\u003Eou\u003C\/strong\u003E\u003Cbr\u003E\u003Cstrong\u003ECouple ayant deux personnes \u00e0 charge dont au moins un des quatre membres est en situation de handicap\u003C\/strong\u003E\u003C\/p\u003E\u003C\/td\u003E\u003Ctd\u003E\u003Cp\u003E74 271 \u20ac\u003C\/p\u003E\u003C\/td\u003E\u003Ctd\u003E\u003Cp\u003E67 984 \u20ac\u003C\/p\u003E\u003C\/td\u003E\u003Ctd\u003E\u003Cp\u003E52 915 \u20ac\u003C\/p\u003E\u003C\/td\u003E\u003C\/tr\u003E\u003Ctr\u003E\u003Ctd\u003E\u003Cp align=\u0022center\u0022\u003E\u003Cstrong\u003EPersonne seule ou couple ayant quatre personnes \u00e0 charge\u003C\/strong\u003E\u003Cbr\u003E\u003Cstrong\u003Eou\u003C\/strong\u003E\u003Cbr\u003E\u003Cstrong\u003ECouple ayant trois personnes \u00e0 charge dont au moins un des cinq membres est en situation de handicap\u003C\/strong\u003E\u003C\/p\u003E\u003C\/td\u003E\u003Ctd\u003E\u003Cp\u003E83 575 \u20ac\u003C\/p\u003E\u003C\/td\u003E\u003Ctd\u003E\u003Cp\u003E76 504 \u20ac\u003C\/p\u003E\u003C\/td\u003E\u003Ctd\u003E\u003Cp\u003E59 636 \u20ac\u003C\/p\u003E\u003C\/td\u003E\u003C\/tr\u003E\u003Ctr\u003E\u003Ctd\u003E\u003Cp align=\u0022center\u0022\u003E\u003Cstrong\u003EMajoration par personne \u00e0 charge \u00e0 partir de la cinqui\u00e8me\u003C\/strong\u003E\u003C\/p\u003E\u003C\/td\u003E\u003Ctd\u003E\u003Cp\u003E9 313 \u20ac\u003C\/p\u003E\u003C\/td\u003E\u003Ctd\u003E\u003Cp\u003E8 524 \u20ac\u003C\/p\u003E\u003C\/td\u003E\u003Ctd\u003E\u003Cp\u003E6 652 \u20ac\u003C\/p\u003E\u003C\/td\u003E\u003C\/tr\u003E\u003C\/tbody\u003E\u003C\/table\u003E\u003Cp\u003E\u003Cstrong\u003EPour les conventions \u00e0 loyer tr\u00e8s social Borloo Ancien \/ Cosse Ancien\u003C\/strong\u003E\u003C\/p\u003E\u003Ctable class=\u0022Table\u0022 width=\u0022100%\u0022\u003E\u003Ctr\u003E\u003Ctd\u003E\u003Cp align=\u0022center\u0022\u003E\u003Cstrong\u003EZones\u003C\/strong\u003E\u003C\/p\u003E\u003C\/td\u003E\u003Ctd\u003E\u003Cp align=\u0022center\u0022\u003E\u003Cstrong\u003EParis et communes limitrophes\u003C\/strong\u003E\u003C\/p\u003E\u003C\/td\u003E\u003Ctd\u003E\u003Cp align=\u0022center\u0022\u003E\u003Cstrong\u003E\u00cele-de-France hors Paris et communes limitrophes\u003C\/strong\u003E\u003C\/p\u003E\u003C\/td\u003E\u003Ctd\u003E\u003Cp align=\u0022center\u0022\u003E\u003Cstrong\u003EAutres r\u00e9gions\u003C\/strong\u003E\u003C\/p\u003E\u003C\/td\u003E\u003C\/tr\u003E\u003Ctbody\u003E\u003Ctr\u003E\u003Ctd\u003E\u003Cp align=\u0022center\u0022\u003E\u003Cstrong\u003EPersonne seule\u003C\/strong\u003E\u003C\/p\u003E\u003C\/td\u003E\u003Ctd\u003E\u003Cp\u003E14 683 \u20ac\u003C\/p\u003E\u003C\/td\u003E\u003Ctd\u003E\u003Cp\u003E14 683 \u20ac\u003C\/p\u003E\u003C\/td\u003E\u003Ctd\u003E\u003Cp\u003E12 759 \u20ac\u003C\/p\u003E\u003C\/td\u003E\u003C\/tr\u003E\u003Ctr\u003E\u003Ctd\u003E\u003Cp align=\u0022center\u0022\u003E\u003Cstrong\u003ECouple (\u00e0 l\u0027exclusion des jeunes m\u00e9nages)\u003C\/strong\u003E\u003Cbr\u003E\u003Cstrong\u003Eou\u003C\/strong\u003E\u003Cbr\u003E\u003Cstrong\u003EPersonne seule en situation de handicap\u003C\/strong\u003E\u003C\/p\u003E\u003C\/td\u003E\u003Ctd\u003E\u003Cp\u003E23 931 \u20ac\u003C\/p\u003E\u003C\/td\u003E\u003Ctd\u003E\u003Cp\u003E23 931 \u20ac\u003C\/p\u003E\u003C\/td\u003E\u003Ctd\u003E\u003Cp\u003E18 591 \u20ac\u003C\/p\u003E\u003C\/td\u003E\u003C\/tr\u003E\u003Ctr\u003E\u003Ctd\u003E\u003Cp align=\u0022center\u0022\u003E\u003Cstrong\u003EPersonne seule ou couple ayant une personne \u00e0 charge\u003C\/strong\u003E\u003Cbr\u003E\u003Cstrong\u003Eou\u003C\/strong\u003E\u003Cbr\u003E\u003Cstrong\u003EJeune m\u00e9nage sans personne \u00e0 charge\u003C\/strong\u003E\u003Cbr\u003E\u003Cstrong\u003Eou\u003C\/strong\u003E\u003Cbr\u003E\u003Cstrong\u003ECouple dont au moins un des membres est en situation de handicap\u003C\/strong\u003E\u003C\/p\u003E\u003C\/td\u003E\u003Ctd\u003E\u003Cp\u003E31 369 \u20ac\u003C\/p\u003E\u003C\/td\u003E\u003Ctd\u003E\u003Cp\u003E28 767 \u20ac\u003C\/p\u003E\u003C\/td\u003E\u003Ctd\u003E\u003Cp\u003E22 356 \u20ac\u003C\/p\u003E\u003C\/td\u003E\u003C\/tr\u003E\u003Ctr\u003E\u003Ctd\u003E\u003Cp align=\u0022center\u0022\u003E\u003Cstrong\u003EPersonne seule ou couple ayant deux personnes \u00e0 charge\u003C\/strong\u003E\u003Cbr\u003E\u003Cstrong\u003Eou\u003C\/strong\u003E\u003Cbr\u003E\u003Cstrong\u003ECouple ayant une personne \u00e0 charge dont au moins un des trois membres est en situation de handicap\u003C\/strong\u003E\u003C\/p\u003E\u003C\/td\u003E\u003Ctd\u003E\u003Cp\u003E34 338 \u20ac\u003C\/p\u003E\u003C\/td\u003E\u003Ctd\u003E\u003Cp\u003E31 585 \u20ac\u003C\/p\u003E\u003C\/td\u003E\u003Ctd\u003E\u003Cp\u003E24 875 \u20ac\u003C\/p\u003E\u003C\/td\u003E\u003C\/tr\u003E\u003Ctr\u003E\u003Ctd\u003E\u003Cp\u003E\u003Cstrong\u003EPersonne seule ou couple ayant trois personnes \u00e0 charge\u003C\/strong\u003E\u003C\/p\u003E\u003Cp\u003E\u003Cstrong\u003Eou\u003C\/strong\u003E\u003C\/p\u003E\u003Cp\u003E\u003Cstrong\u003ECouple ayant deux personnes \u00e0 charges dont au moins un des quatre membres est en situation de handicap\u003C\/strong\u003E\u003C\/p\u003E\u003C\/td\u003E\u003Ctd\u003E\u003Cp\u003E40 847 \u20ac\u003C\/p\u003E\u003C\/td\u003E\u003Ctd\u003E\u003Cp\u003E37 393 \u20ac\u003C\/p\u003E\u003C\/td\u003E\u003Ctd\u003E\u003Cp\u003E29 105 \u20ac\u003C\/p\u003E\u003C\/td\u003E\u003C\/tr\u003E\u003Ctr\u003E\u003Ctd\u003E\u003Cp align=\u0022center\u0022\u003E\u003Cstrong\u003EPersonne seule ou couple ayant quatre personnes \u00e0 charge\u003C\/strong\u003E\u003Cbr\u003E\u003Cstrong\u003Eou\u003C\/strong\u003E\u003Cbr\u003E\u003Cstrong\u003ECouple ayant trois personnes \u00e0 charge dont au moins un des cinq membres est en situation de handicap\u003C\/strong\u003E\u003C\/p\u003E\u003C\/td\u003E\u003Ctd\u003E\u003Cp\u003E45 968 \u20ac\u003C\/p\u003E\u003C\/td\u003E\u003Ctd\u003E\u003Cp\u003E42 077 \u20ac\u003C\/p\u003E\u003C\/td\u003E\u003Ctd\u003E\u003Cp\u003E32 800 \u20ac\u003C\/p\u003E\u003C\/td\u003E\u003C\/tr\u003E\u003Ctr\u003E\u003Ctd\u003E\u003Cp align=\u0022center\u0022\u003E\u003Cstrong\u003EMajoration par personne \u00e0 charge \u00e0 partir de la cinqui\u00e8me\u003C\/strong\u003E\u003C\/p\u003E\u003C\/td\u003E\u003Ctd\u003E\u003Cp\u003E5 121 \u20ac\u003C\/p\u003E\u003C\/td\u003E\u003Ctd\u003E\u003Cp\u003E4 686 \u20ac\u003C\/p\u003E\u003C\/td\u003E\u003Ctd\u003E\u003Cp\u003E3 657 \u20ac\u003C\/p\u003E\u003C\/td\u003E\u003C\/tr\u003E\u003C\/tbody\u003E\u003C\/table\u003E                                            \u003Cp\u003E\u003Cbr \/\u003E\u003Cstrong\u003ESource :\u003C\/strong\u003E\u003Cstrong\u003E\u00a0\u003C\/strong\u003E\u003C\/p\u003E\u003Cul\u003E\u003Cli\u003E\u003Ca href=\u0022https:\/\/bofip.impots.gouv.fr\/bofip\/10130-PGP.html\/identifiant=BOI-BAREME-000017-20250217#II._Actualisation_des_plafo_11\u0022 target=\u0022_blank\u0022\u003EBOFiP-Imp\u00f4ts-BAREME-000017 (Dispositif Cosse Ancien \/ Borloo Ancien)\u003C\/a\u003E\u003C\/li\u003E\u003C\/ul\u003E\u003C\/div\u003E","annee":"2025","theme":" Indices, taux, bar\u00e8mes fiscaux","activites":["Agent immobilier"],"image":"https:\/\/www.weblex.fr\/sites\/default\/files\/chiffres_clef\/Shutterstock_plafondsressourcesloyers.jpg","created":"2025-05-15","modified":"2025-05-15"},{"url":"\/chiffres-cles\/limites-d-exoneration-d-impot-sur-le-revenu-applicable-aux-allocations-forfaitaires-pour-frais-professionnels-pour-2025","id":26200,"title":"Limites d\u2019exon\u00e9ration d\u2019imp\u00f4t sur le revenu applicable aux allocations forfaitaires pour frais professionnels pour 2025","content":"\u003Cdiv\u003E                                              \u003Cp\u003ELes indemnit\u00e9s qui sont destin\u00e9es \u00e0 compenser les d\u00e9penses suppl\u00e9mentaires de repas, ainsi que les d\u00e9penses suppl\u00e9mentaires de d\u00e9placement peuvent, sous certaines limites, b\u00e9n\u00e9ficier de l\u2019exon\u00e9ration d\u2019imp\u00f4t sur le revenu applicable aux allocations pour frais d\u2019emploi.\u003C\/p\u003E\u003Cp\u003ELimites d\u2019exon\u00e9rations pour les d\u00e9penses suppl\u00e9mentaires de repas :\u003C\/p\u003E\u003Ctable class=\u0022MsoTableGrid\u0022\u003E\t\u003Ctbody\u003E\t\t\u003Ctr\u003E\t\t\t\u003Ctd valign=\u0022top\u0022\u003E\t\t\t\u003Cp align=\u0022center\u0022\u003ENature de l\u2019indemnit\u00e9 de repas\u003C\/p\u003E\t\t\t\u003C\/td\u003E\t\t\t\u003Ctd valign=\u0022top\u0022\u003E\t\t\t\u003Cp align=\u0022center\u0022\u003EMontant 2025\u003C\/p\u003E\t\t\t\u003C\/td\u003E\t\t\u003C\/tr\u003E\t\t\u003Ctr\u003E\t\t\t\u003Ctd valign=\u0022top\u0022\u003E\t\t\t\u003Cp\u003EIndemnit\u00e9 de repas sur le lieu de travail pour les salari\u00e9s contraints de prendre leurs repas sur le lieu de travail en raison de conditions particuli\u00e8res d\u2019organisation ou d\u2019horaires de travail (travail en horaire d\u00e9cal\u00e9, travail de nuit, travail continu, etc.)\u003C\/p\u003E\t\t\t\u003C\/td\u003E\t\t\t\u003Ctd valign=\u0022top\u0022\u003E\t\t\t\u003Cp align=\u0022center\u0022\u003E\u0026nbsp;\u003C\/p\u003E\t\t\t\u003Cp align=\u0022center\u0022\u003E7,40 \u20ac\u003C\/p\u003E\t\t\t\u003C\/td\u003E\t\t\u003C\/tr\u003E\t\t\u003Ctr\u003E\t\t\t\u003Ctd valign=\u0022top\u0022\u003E\t\t\t\u003Cp\u003EIndemnit\u00e9 de repas hors des locaux de l\u2019entreprise pour les salari\u00e9s en d\u00e9placement sur un chantier ou hors les locaux de l\u2019entreprise, lorsque les conditions de travail les emp\u00eachent de regagner leur r\u00e9sidence ou leur lieu habituel de travail pour le repas et qu\u2019il n\u2019est pas d\u00e9montr\u00e9 que les circonstances ou les usages de la profession les obligent \u00e0 prendre leurs repas au restaurant\u003C\/p\u003E\t\t\t\u003C\/td\u003E\t\t\t\u003Ctd valign=\u0022top\u0022\u003E\t\t\t\u003Cp align=\u0022center\u0022\u003E\u0026nbsp;\u003C\/p\u003E\t\t\t\u003Cp align=\u0022center\u0022\u003E\u0026nbsp;\u003C\/p\u003E\t\t\t\u003Cp align=\u0022center\u0022\u003E10,30 \u20ac\u003C\/p\u003E\t\t\t\u003C\/td\u003E\t\t\u003C\/tr\u003E\t\t\u003Ctr\u003E\t\t\t\u003Ctd valign=\u0022top\u0022\u003E\t\t\t\u003Cp\u003EIndemnit\u00e9 de repas lors d\u2019un d\u00e9placement professionnel pour les salari\u00e9s en d\u00e9placement professionnel et emp\u00each\u00e9s de regagner leur r\u00e9sidence ou leur lieu habituel de travail et qui prennent leurs repas au restaurant\u003C\/p\u003E\t\t\t\u003C\/td\u003E\t\t\t\u003Ctd valign=\u0022top\u0022\u003E\t\t\t\u003Cp align=\u0022center\u0022\u003E\u0026nbsp;\u003C\/p\u003E\t\t\t\u003Cp align=\u0022center\u0022\u003E21,10 \u20ac\u003C\/p\u003E\t\t\t\u003C\/td\u003E\t\t\u003C\/tr\u003E\t\u003C\/tbody\u003E\u003C\/table\u003E\u003Cp\u003E\u003Cbr \/\u003ELimites d\u2019exon\u00e9rations pour les indemnit\u00e9s de grand d\u00e9placement\u0026nbsp;:\u003C\/p\u003E\u003Ctable class=\u0022MsoTableGrid\u0022\u003E\t\u003Ctbody\u003E\t\t\u003Ctr\u003E\t\t\t\u003Ctd valign=\u0022top\u0022\u003E\t\t\t\u003Cp align=\u0022center\u0022\u003EIndemnit\u00e9s destin\u00e9es \u00e0 compenser les d\u00e9penses suppl\u00e9mentaires de d\u00e9placement professionnel\u003C\/p\u003E\t\t\t\u003C\/td\u003E\t\t\t\u003Ctd valign=\u0022top\u0022\u003E\t\t\t\u003Cp align=\u0022center\u0022\u003EMontant 2025\u003C\/p\u003E\t\t\t\u003C\/td\u003E\t\t\u003C\/tr\u003E\t\t\u003Ctr\u003E\t\t\t\u003Ctd valign=\u0022top\u0022\u003E\t\t\t\u003Cp\u003ENourriture (par repas)\u003C\/p\u003E\t\t\t\u003C\/td\u003E\t\t\t\u003Ctd valign=\u0022top\u0022\u003E\t\t\t\u003Cp align=\u0022center\u0022\u003E21,10 \u20ac\u003C\/p\u003E\t\t\t\u003C\/td\u003E\t\t\u003C\/tr\u003E\t\t\u003Ctr\u003E\t\t\t\u003Ctd valign=\u0022top\u0022\u003E\t\t\t\u003Cp\u003ELogement et petit d\u00e9jeuner (par jour) pour les d\u00e9placements \u00e0 Paris et \u00ab\u0026nbsp;petite couronne\u0026nbsp;\u00bb (75, 92, 93 et 94)\u003C\/p\u003E\t\t\t\u003C\/td\u003E\t\t\t\u003Ctd valign=\u0022top\u0022\u003E\t\t\t\u003Cp align=\u0022center\u0022\u003E75,60 \u20ac\u003C\/p\u003E\t\t\t\u003C\/td\u003E\t\t\u003C\/tr\u003E\t\t\u003Ctr\u003E\t\t\t\u003Ctd valign=\u0022top\u0022\u003E\t\t\t\u003Cp\u003ELogement et petit d\u00e9jeuner (par jour) pour les d\u00e9placements dans les autres d\u00e9partements m\u00e9tropolitains\u003C\/p\u003E\t\t\t\u003C\/td\u003E\t\t\t\u003Ctd valign=\u0022top\u0022\u003E\t\t\t\u003Cp align=\u0022center\u0022\u003E56,10 \u20ac\u003C\/p\u003E\t\t\t\u003C\/td\u003E\t\t\u003C\/tr\u003E\t\u003C\/tbody\u003E\u003C\/table\u003E\u003Cp\u003E\u0026nbsp;\u003C\/p\u003E\u003Cp\u003E\u0026nbsp;\u003C\/p\u003E                                            \u003Cp\u003E\u003Cbr \/\u003E\u003Cstrong\u003ESource :\u003C\/strong\u003E\u003Cstrong\u003E\u00a0\u003C\/strong\u003E\u003C\/p\u003E\u003Cul\u003E\t\u003Cli\u003E\u003Ca href=\u0022https:\/\/bofip.impots.gouv.fr\/bofip\/10855-PGP.html\/identifiant=BOI-BAREME-000035-20250414#IV._Deduction_forfaitaire_de_8\u0022 rel=\u0022noopener\u0022 target=\u0022_blank\u0022\u003EBOI-BAREME-000035\u003C\/a\u003E\u003C\/li\u003E\u003C\/ul\u003E\u003C\/div\u003E","annee":"2025","theme":" Indices, taux, bar\u00e8mes fiscaux","activites":["Tout secteur"],"image":"https:\/\/www.weblex.fr\/sites\/default\/files\/chiffres_clef\/Shutterstock_limitesdeductionfraisprofessionnels.jpg","created":"2025-05-07","modified":"2025-05-07"},{"url":"\/chiffres-cles\/bareme-fiscal-de-remboursement-des-frais-kilometriques-2025","id":26202,"title":"Bar\u00e8me fiscal de remboursement des frais kilom\u00e9triques - 2025","content":"\u003Cdiv\u003E                                              \u003Cp\u003E\u003Cstrong\u003EBar\u00e8me kilom\u00e9trique applicable aux voitures pour l\u2019imposition des revenus 2024\u003C\/strong\u003E\u003C\/p\u003E\u003Ctable align=\u0022center\u0022 summary=\u0022\u0022\u003E\u003Ctbody\u003E\u003Ctr\u003E\u003Ctd\u003E\u003Cp align=\u0022center\u0022\u003E\u003Cstrong\u003ECV\u003C\/strong\u003E\u003C\/p\u003E\u003C\/td\u003E\u003Ctd\u003E\u003Cp align=\u0022center\u0022\u003E\u003Cstrong\u003EDe 0 \u00e0 5 000 Kms\u003C\/strong\u003E\u003C\/p\u003E\u003C\/td\u003E\u003Ctd\u003E\u003Cp align=\u0022center\u0022\u003E\u003Cstrong\u003EDe 5 001 \u00e0 20 000 Kms\u003C\/strong\u003E\u003C\/p\u003E\u003C\/td\u003E\u003Ctd\u003E\u003Cp align=\u0022center\u0022\u003E\u003Cstrong\u003EPlus de 20 000 Kms\u003C\/strong\u003E\u003C\/p\u003E\u003C\/td\u003E\u003C\/tr\u003E\u003Ctr\u003E\u003Ctd\u003E\u003Cp align=\u0022center\u0022\u003E3 et moins\u003C\/p\u003E\u003C\/td\u003E\u003Ctd\u003E\u003Cp align=\u0022center\u0022\u003E0,529 x km\u003C\/p\u003E\u003C\/td\u003E\u003Ctd\u003E\u003Cp align=\u0022center\u0022\u003E(0,316 x km) + 1 065\u003C\/p\u003E\u003C\/td\u003E\u003Ctd\u003E\u003Cp align=\u0022center\u0022\u003E0,370 x km\u003C\/p\u003E\u003C\/td\u003E\u003C\/tr\u003E\u003Ctr\u003E\u003Ctd\u003E\u003Cp align=\u0022center\u0022\u003E4\u003C\/p\u003E\u003C\/td\u003E\u003Ctd\u003E\u003Cp align=\u0022center\u0022\u003E0,606 x km\u003C\/p\u003E\u003C\/td\u003E\u003Ctd\u003E\u003Cp align=\u0022center\u0022\u003E(0,340 x km) + 1 330\u003C\/p\u003E\u003C\/td\u003E\u003Ctd\u003E\u003Cp align=\u0022center\u0022\u003E0,407 x km\u003C\/p\u003E\u003C\/td\u003E\u003C\/tr\u003E\u003Ctr\u003E\u003Ctd\u003E\u003Cp align=\u0022center\u0022\u003E5\u003C\/p\u003E\u003C\/td\u003E\u003Ctd\u003E\u003Cp align=\u0022center\u0022\u003E0,636 x km\u003C\/p\u003E\u003C\/td\u003E\u003Ctd\u003E\u003Cp align=\u0022center\u0022\u003E(0,357 x km) + 1 395\u003C\/p\u003E\u003C\/td\u003E\u003Ctd\u003E\u003Cp align=\u0022center\u0022\u003E0,427 x km\u003C\/p\u003E\u003C\/td\u003E\u003C\/tr\u003E\u003Ctr\u003E\u003Ctd\u003E\u003Cp align=\u0022center\u0022\u003E6\u003C\/p\u003E\u003C\/td\u003E\u003Ctd\u003E\u003Cp align=\u0022center\u0022\u003E0,665 x km\u003C\/p\u003E\u003C\/td\u003E\u003Ctd\u003E\u003Cp align=\u0022center\u0022\u003E(0,374 x km) + 1 457\u003C\/p\u003E\u003C\/td\u003E\u003Ctd\u003E\u003Cp align=\u0022center\u0022\u003E0,447 x km\u003C\/p\u003E\u003C\/td\u003E\u003C\/tr\u003E\u003Ctr\u003E\u003Ctd\u003E\u003Cp align=\u0022center\u0022\u003E7 et plus\u003C\/p\u003E\u003C\/td\u003E\u003Ctd\u003E\u003Cp align=\u0022center\u0022\u003E0,697 x km\u003C\/p\u003E\u003C\/td\u003E\u003Ctd\u003E\u003Cp align=\u0022center\u0022\u003E(0,394 x km) + 1 515\u003C\/p\u003E\u003C\/td\u003E\u003Ctd\u003E\u003Cp align=\u0022center\u0022\u003E0,470 x km\u003C\/p\u003E\u003C\/td\u003E\u003C\/tr\u003E\u003C\/tbody\u003E\u003C\/table\u003E\u003Cp\u003E\u003Cstrong\u003EBar\u00e8me kilom\u00e9trique applicable aux voitures 100 % \u00e9lectriques pour l\u2019imposition des revenus 2024\u003C\/strong\u003E\u003C\/p\u003E\u003Ctable align=\u0022center\u0022 summary=\u0022\u0022\u003E\u003Ctbody\u003E\u003Ctr\u003E\u003Ctd\u003E\u003Cp align=\u0022center\u0022\u003E\u003Cstrong\u003ECV\u003C\/strong\u003E\u003C\/p\u003E\u003C\/td\u003E\u003Ctd\u003E\u003Cp align=\u0022center\u0022\u003E\u003Cstrong\u003EDe 0 \u00e0 5 000 Kms\u003C\/strong\u003E\u003C\/p\u003E\u003C\/td\u003E\u003Ctd\u003E\u003Cp align=\u0022center\u0022\u003E\u003Cstrong\u003EDe 5 001 \u00e0 20 000 Kms\u003C\/strong\u003E\u003C\/p\u003E\u003C\/td\u003E\u003Ctd\u003E\u003Cp align=\u0022center\u0022\u003E\u003Cstrong\u003EPlus de 20 000 Kms\u003C\/strong\u003E\u003C\/p\u003E\u003C\/td\u003E\u003C\/tr\u003E\u003Ctr\u003E\u003Ctd\u003E\u003Cp align=\u0022center\u0022\u003E3 et moins\u003C\/p\u003E\u003C\/td\u003E\u003Ctd\u003E\u003Cp align=\u0022center\u0022\u003E0,635 x km\u003C\/p\u003E\u003C\/td\u003E\u003Ctd\u003E\u003Cp align=\u0022center\u0022\u003E(0,379 x km) + 1 278\u003C\/p\u003E\u003C\/td\u003E\u003Ctd\u003E\u003Cp align=\u0022center\u0022\u003E0,440 x km\u003C\/p\u003E\u003C\/td\u003E\u003C\/tr\u003E\u003Ctr\u003E\u003Ctd\u003E\u003Cp align=\u0022center\u0022\u003E4\u003C\/p\u003E\u003C\/td\u003E\u003Ctd\u003E\u003Cp align=\u0022center\u0022\u003E0,727x km\u003C\/p\u003E\u003C\/td\u003E\u003Ctd\u003E\u003Cp align=\u0022center\u0022\u003E(0,408 x km) + 1 596\u003C\/p\u003E\u003C\/td\u003E\u003Ctd\u003E\u003Cp align=\u0022center\u0022\u003E0,488 x km\u003C\/p\u003E\u003C\/td\u003E\u003C\/tr\u003E\u003Ctr\u003E\u003Ctd\u003E\u003Cp align=\u0022center\u0022\u003E5\u003C\/p\u003E\u003C\/td\u003E\u003Ctd\u003E\u003Cp align=\u0022center\u0022\u003E0,763 x km\u003C\/p\u003E\u003C\/td\u003E\u003Ctd\u003E\u003Cp align=\u0022center\u0022\u003E(0,428 x km) + 1 674\u003C\/p\u003E\u003C\/td\u003E\u003Ctd\u003E\u003Cp align=\u0022center\u0022\u003E0,512 x km\u003C\/p\u003E\u003C\/td\u003E\u003C\/tr\u003E\u003Ctr\u003E\u003Ctd\u003E\u003Cp align=\u0022center\u0022\u003E6\u003C\/p\u003E\u003C\/td\u003E\u003Ctd\u003E\u003Cp align=\u0022center\u0022\u003E0,798 x km\u003C\/p\u003E\u003C\/td\u003E\u003Ctd\u003E\u003Cp align=\u0022center\u0022\u003E(0,449 x km) + 1 748\u003C\/p\u003E\u003C\/td\u003E\u003Ctd\u003E\u003Cp align=\u0022center\u0022\u003E0,536 x km\u003C\/p\u003E\u003C\/td\u003E\u003C\/tr\u003E\u003Ctr\u003E\u003Ctd\u003E\u003Cp align=\u0022center\u0022\u003E7 et plus\u003C\/p\u003E\u003C\/td\u003E\u003Ctd\u003E\u003Cp align=\u0022center\u0022\u003E0,836 x km\u003C\/p\u003E\u003C\/td\u003E\u003Ctd\u003E\u003Cp align=\u0022center\u0022\u003E(0,473 x km) + 1 818\u003C\/p\u003E\u003C\/td\u003E\u003Ctd\u003E\u003Cp align=\u0022center\u0022\u003E0,564 x km\u003C\/p\u003E\u003C\/td\u003E\u003C\/tr\u003E\u003C\/tbody\u003E\u003C\/table\u003E\u003Cp\u003E\u003Cstrong\u003EBar\u00e8me kilom\u00e9trique applicable aux motos 100 % \u00e9lectriques (cylindr\u00e9e sup\u00e9rieure \u00e0 50 cm3) pour l\u2019imposition des revenus 2024\u003C\/strong\u003E\u003C\/p\u003E\u003Ctable align=\u0022center\u0022 summary=\u0022\u0022\u003E\u003Ctbody\u003E\u003Ctr\u003E\u003Ctd\u003E\u003Cp align=\u0022center\u0022\u003E\u003Cstrong\u003ECV\u003C\/strong\u003E\u003C\/p\u003E\u003C\/td\u003E\u003Ctd\u003E\u003Cp align=\u0022center\u0022\u003E\u003Cstrong\u003EDe 0 \u00e0 3 000 Kms\u003C\/strong\u003E\u003C\/p\u003E\u003C\/td\u003E\u003Ctd\u003E\u003Cp align=\u0022center\u0022\u003E\u003Cstrong\u003EDe 3 001 \u00e0 6 000 Kms\u003C\/strong\u003E\u003C\/p\u003E\u003C\/td\u003E\u003Ctd\u003E\u003Cp align=\u0022center\u0022\u003E\u003Cstrong\u003EPlus de 6 000 Kms\u003C\/strong\u003E\u003C\/p\u003E\u003C\/td\u003E\u003C\/tr\u003E\u003Ctr\u003E\u003Ctd\u003E\u003Cp align=\u0022center\u0022\u003E1 ou 2\u003C\/p\u003E\u003C\/td\u003E\u003Ctd\u003E\u003Cp align=\u0022center\u0022\u003E0,474 x km\u003C\/p\u003E\u003C\/td\u003E\u003Ctd\u003E\u003Cp align=\u0022center\u0022\u003E(0,119 x km) + 1 069\u003C\/p\u003E\u003C\/td\u003E\u003Ctd\u003E\u003Cp align=\u0022center\u0022\u003E0,298 x km\u003C\/p\u003E\u003C\/td\u003E\u003C\/tr\u003E\u003Ctr\u003E\u003Ctd\u003E\u003Cp align=\u0022center\u0022\u003E3,4 ou 5\u003C\/p\u003E\u003C\/td\u003E\u003Ctd\u003E\u003Cp align=\u0022center\u0022\u003E0,562x km\u003C\/p\u003E\u003C\/td\u003E\u003Ctd\u003E\u003Cp align=\u0022center\u0022\u003E(0,098 x km) + 1 390\u003C\/p\u003E\u003C\/td\u003E\u003Ctd\u003E\u003Cp align=\u0022center\u0022\u003E0,330 x km\u003C\/p\u003E\u003C\/td\u003E\u003C\/tr\u003E\u003Ctr\u003E\u003Ctd\u003E\u003Cp align=\u0022center\u0022\u003EPlus de 5\u003C\/p\u003E\u003C\/td\u003E\u003Ctd\u003E\u003Cp align=\u0022center\u0022\u003E0,727 x km\u003C\/p\u003E\u003C\/td\u003E\u003Ctd\u003E\u003Cp align=\u0022center\u0022\u003E(0,095 x km) + 1 900\u003C\/p\u003E\u003C\/td\u003E\u003Ctd\u003E\u003Cp align=\u0022center\u0022\u003E0,412 x km\u003C\/p\u003E\u003C\/td\u003E\u003C\/tr\u003E\u003C\/tbody\u003E\u003C\/table\u003E\u003Cp\u003E\u003Cstrong\u003EBar\u00e8me kilom\u00e9trique applicable aux autres motos \u0026nbsp;(cylindr\u00e9e sup\u00e9rieure \u00e0 50 cm3) pour l\u2019imposition des revenus 2024\u003C\/strong\u003E\u003C\/p\u003E\u003Ctable align=\u0022center\u0022 summary=\u0022\u0022\u003E\u003Ctbody\u003E\u003Ctr\u003E\u003Ctd\u003E\u003Cp align=\u0022center\u0022\u003E\u003Cstrong\u003ECV\u003C\/strong\u003E\u003C\/p\u003E\u003C\/td\u003E\u003Ctd\u003E\u003Cp align=\u0022center\u0022\u003E\u003Cstrong\u003EDe 0 \u00e0 3 000 Kms\u003C\/strong\u003E\u003C\/p\u003E\u003C\/td\u003E\u003Ctd\u003E\u003Cp align=\u0022center\u0022\u003E\u003Cstrong\u003EDe 3 001 \u00e0 6 000 Kms\u003C\/strong\u003E\u003C\/p\u003E\u003C\/td\u003E\u003Ctd\u003E\u003Cp align=\u0022center\u0022\u003E\u003Cstrong\u003EPlus de 6 000 Kms\u003C\/strong\u003E\u003C\/p\u003E\u003C\/td\u003E\u003C\/tr\u003E\u003Ctr\u003E\u003Ctd\u003E\u003Cp align=\u0022center\u0022\u003E1 ou 2\u003C\/p\u003E\u003C\/td\u003E\u003Ctd\u003E\u003Cp align=\u0022center\u0022\u003E0,395 x km\u003C\/p\u003E\u003C\/td\u003E\u003Ctd\u003E\u003Cp align=\u0022center\u0022\u003E(0,099 x km) + 891\u003C\/p\u003E\u003C\/td\u003E\u003Ctd\u003E\u003Cp align=\u0022center\u0022\u003E0,248 x km\u003C\/p\u003E\u003C\/td\u003E\u003C\/tr\u003E\u003Ctr\u003E\u003Ctd\u003E\u003Cp align=\u0022center\u0022\u003E3,4 ou 5\u003C\/p\u003E\u003C\/td\u003E\u003Ctd\u003E\u003Cp align=\u0022center\u0022\u003E0,468x km\u003C\/p\u003E\u003C\/td\u003E\u003Ctd\u003E\u003Cp align=\u0022center\u0022\u003E(0,082 x km) + 1 158\u003C\/p\u003E\u003C\/td\u003E\u003Ctd\u003E\u003Cp align=\u0022center\u0022\u003E0,275 x km\u003C\/p\u003E\u003C\/td\u003E\u003C\/tr\u003E\u003Ctr\u003E\u003Ctd\u003E\u003Cp align=\u0022center\u0022\u003EPlus de 5\u003C\/p\u003E\u003C\/td\u003E\u003Ctd\u003E\u003Cp align=\u0022center\u0022\u003E0,606 x km\u003C\/p\u003E\u003C\/td\u003E\u003Ctd\u003E\u003Cp align=\u0022center\u0022\u003E(0,079 x km) + 1 583\u003C\/p\u003E\u003C\/td\u003E\u003Ctd\u003E\u003Cp align=\u0022center\u0022\u003E0,343 x km\u003C\/p\u003E\u003C\/td\u003E\u003C\/tr\u003E\u003C\/tbody\u003E\u003C\/table\u003E\u003Cp\u003E\u003Cstrong\u003EBar\u00e8me kilom\u00e9trique applicable aux deux-roues (50 cm3 maximum) pour l\u2019imposition des revenus 2024\u003C\/strong\u003E\u003C\/p\u003E\u003Ctable align=\u0022center\u0022 summary=\u0022\u0022\u003E\u003Ctbody\u003E\u003Ctr\u003E\u003Ctd\u003E\u003Cp align=\u0022center\u0022\u003E\u003Cstrong\u003EDe 0 \u00e0 3 000 Kms\u003C\/strong\u003E\u003C\/p\u003E\u003C\/td\u003E\u003Ctd\u003E\u003Cp align=\u0022center\u0022\u003E\u003Cstrong\u003EDe 3 001 \u00e0 6 000 Kms\u003C\/strong\u003E\u003C\/p\u003E\u003C\/td\u003E\u003Ctd\u003E\u003Cp align=\u0022center\u0022\u003E\u003Cstrong\u003EPlus de\u0026nbsp;6 000 Kms\u003C\/strong\u003E\u003C\/p\u003E\u003C\/td\u003E\u003C\/tr\u003E\u003Ctr\u003E\u003Ctd\u003E\u003Cp align=\u0022center\u0022\u003E0,315 x km\u003C\/p\u003E\u003C\/td\u003E\u003Ctd\u003E\u003Cp align=\u0022center\u0022\u003E(0,079 x km) + 711\u003C\/p\u003E\u003C\/td\u003E\u003Ctd\u003E\u003Cp align=\u0022center\u0022\u003E0,198 x km\u003C\/p\u003E\u003C\/td\u003E\u003C\/tr\u003E\u003C\/tbody\u003E\u003C\/table\u003E\u003Cp\u003E\u003Cstrong\u003EBar\u00e8me kilom\u00e9trique applicable aux deux-roues 100 % \u00e9lectriques (50 cm3 maximum) pour l\u2019imposition des revenus 2024\u003C\/strong\u003E\u003C\/p\u003E\u003Ctable align=\u0022center\u0022 summary=\u0022\u0022\u003E\u003Ctbody\u003E\u003Ctr\u003E\u003Ctd\u003E\u003Cp align=\u0022center\u0022\u003E\u003Cstrong\u003EDe 0 \u00e0 3 000 Kms\u003C\/strong\u003E\u003C\/p\u003E\u003C\/td\u003E\u003Ctd\u003E\u003Cp align=\u0022center\u0022\u003E\u003Cstrong\u003EDe 3 001 \u00e0 6 000 Kms\u003C\/strong\u003E\u003C\/p\u003E\u003C\/td\u003E\u003Ctd\u003E\u003Cp align=\u0022center\u0022\u003E\u003Cstrong\u003EPlus de\u0026nbsp;6 000 Kms\u003C\/strong\u003E\u003C\/p\u003E\u003C\/td\u003E\u003C\/tr\u003E\u003Ctr\u003E\u003Ctd\u003E\u003Cp align=\u0022center\u0022\u003E0,378 x km\u003C\/p\u003E\u003C\/td\u003E\u003Ctd\u003E\u003Cp align=\u0022center\u0022\u003E(0,095 x km) + 853\u003C\/p\u003E\u003C\/td\u003E\u003Ctd\u003E\u003Cp align=\u0022center\u0022\u003E0,238 x km\u003C\/p\u003E\u003C\/td\u003E\u003C\/tr\u003E\u003C\/tbody\u003E\u003C\/table\u003E\u003Cp\u003E\u0026nbsp;\u003C\/p\u003E\u003Cp\u003E\u0026nbsp;\u003C\/p\u003E                                            \u003Cp\u003E\u003Cbr \/\u003E\u003Cstrong\u003ESource :\u003C\/strong\u003E\u003Cstrong\u003E\u00a0\u003C\/strong\u003E\u003C\/p\u003E\u003Cul\u003E\u003Cli\u003E\u003Ca href=\u0022https:\/\/www.service-public.fr\/particuliers\/actualites\/A14686\u0022 target=\u0022_blank\u0022 rel=\u0022noopener\u0022\u003EService public\u003C\/a\u003E\u003C\/li\u003E\u003Cli\u003E\u003Ca href=\u0022https:\/\/www.impots.gouv.fr\/www2\/fichiers\/documentation\/brochure\/ir_2025\/accueil.htm\u0022 target=\u0022_blank\u0022\u003ED\u00e9claration des revenus 2024 \u2013 Brochure pratique 2025\u003C\/a\u003E\u003C\/li\u003E\u003C\/ul\u003E\u003C\/div\u003E","annee":"2025","theme":" Indices, taux, bar\u00e8mes fiscaux","activites":["Tout secteur"],"image":"https:\/\/www.weblex.fr\/sites\/default\/files\/chiffres_clef\/Shutterstock_baremefraiskilometriques.jpg","created":"2025-05-07","modified":"2025-05-14"},{"url":"\/chiffres-cles\/deduction-forfaitaire-de-10-pour-frais-professionnels-declaration-2025","id":26199,"title":"D\u00e9duction forfaitaire de 10 % pour frais professionnels - d\u00e9claration 2025","content":"\u003Cdiv\u003E                                              \u003Cp\u003ELes montants minimaux et le plafond relatifs \u00e0 la d\u00e9duction forfaitaire de 10 % pour frais professionnels sont les suivants :\u003C\/p\u003E\u003Cul\u003E\t\u003Cli\u003Eminimum de d\u00e9duction de droit commun pour chaque membre du foyer fiscal : 504 \u20ac\u003C\/li\u003E\t\u003Cli\u003Eplafond de d\u00e9duction pour chaque membre du foyer : 14 426 \u20ac\u003C\/li\u003E\u003C\/ul\u003E                                            \u003Cp\u003E\u003Cbr \/\u003E\u003Cstrong\u003ESource :\u003C\/strong\u003E\u003Cstrong\u003E\u00a0\u003C\/strong\u003E\u003C\/p\u003E\u003Cul\u003E\t\u003Cli\u003E\u003Ca href=\u0022https:\/\/bofip.impots.gouv.fr\/bofip\/10855-PGP.html\/identifiant=BOI-BAREME-000035-20250414#IV._Deduction_forfaitaire_de_8\u0022 rel=\u0022noopener\u0022 target=\u0022_blank\u0022\u003EBOI-BAREME-000035\u003C\/a\u003E\u003C\/li\u003E\u003C\/ul\u003E\u003C\/div\u003E","annee":"2025","theme":" Indices, taux, bar\u00e8mes fiscaux","activites":["Tout secteur"],"image":"https:\/\/www.weblex.fr\/sites\/default\/files\/chiffres_clef\/Shutterstock_deductionfraisprofessionnels.jpg","created":"2025-05-07","modified":"2025-05-07"},{"url":"\/chiffres-cles\/taux-du-prelevement-a-la-source-2025","id":25976,"title":"Taux du pr\u00e9l\u00e8vement \u00e0 la source - 2025","content":"\u003Cdiv\u003E                                              \u003Cp\u003E3 taux de pr\u00e9l\u00e8vement \u00e0 la source sont susceptibles de s\u2019appliquer :\u003C\/p\u003E\u003Cul\u003E\t\u003Cli\u003Ele taux de droit commun : il s\u2019agit du taux qui est calcul\u00e9 par l\u2019administration sur la base :\t\u003Cul\u003E\t\t\u003Cli\u003Edes revenus et des imp\u00f4ts de l\u2019avant-derni\u00e8re ann\u00e9e pour les pr\u00e9l\u00e8vements op\u00e9r\u00e9s de janvier \u00e0 ao\u00fbt : prise en compte de la d\u00e9claration de revenus 2023\u0026nbsp;d\u00e9pos\u00e9e en mai \/ juin 2024\u0026nbsp;pour les pr\u00e9l\u00e8vements op\u00e9r\u00e9s de janvier \u00e0 ao\u00fbt 2025\u0026nbsp;;\u003C\/li\u003E\t\t\u003Cli\u003Edes revenus et des imp\u00f4ts de l\u2019ann\u00e9e pr\u00e9c\u00e9dente pour les pr\u00e9l\u00e8vements op\u00e9r\u00e9s de septembre \u00e0 d\u00e9cembre : prise en compte de la d\u00e9claration de revenus 2024\u0026nbsp;d\u00e9pos\u00e9e en mai \/ juin 2025\u0026nbsp;pour les pr\u00e9l\u00e8vements op\u00e9r\u00e9s de septembre \u00e0 d\u00e9cembre 2025.\u003C\/li\u003E\t\u003C\/ul\u003E\t\u003C\/li\u003E\t\u003Cli\u003Ele taux individualis\u00e9, qui permet aux contribuables mari\u00e9s ou li\u00e9s par un Pacs faisant l\u0027objet d\u0027une imposition commune de d\u0027un\u0026nbsp;taux de pr\u00e9l\u00e8vement\u0026nbsp;individualis\u00e9 pour l\u0027imposition de leurs revenus personnels respectifs ;\u003C\/li\u003E\t\u003Cli\u003Ele taux par d\u00e9faut, ou taux \u00ab neutre \u00bb : ce taux est susceptible de s\u2019appliquer dans de nombreux cas et notamment, lorsque l\u2019\u00e9tablissement payeur (l\u2019employeur par exemple) n\u2019a pas eu communication du taux de droit commun ou du taux individualis\u00e9 calcul\u00e9 par l\u2019administration fiscale, ou lorsque par souci de confidentialit\u00e9, le salari\u00e9 ne souhaite pas que son taux de pr\u00e9l\u00e8vement soit communiqu\u00e9 \u00e0 son employeur.\u003C\/li\u003E\u003C\/ul\u003E\u003Cp\u003ELe taux par d\u00e9faut est d\u00e9termin\u00e9 \u00e0 partir d\u2019une grille de taux fix\u00e9e, pour les revenus per\u00e7us ou r\u00e9alis\u00e9s du 1er janvier 2025 au 30 avril 2025, de la mani\u00e8re suivante :\u003C\/p\u003E\u003Cul\u003E\t\u003Cli\u003E\u003Cstrong\u003ETaux applicables en France m\u00e9tropolitaine\u003C\/strong\u003E\u003C\/li\u003E\u003C\/ul\u003E\u003Ctable class=\u0022Table\u0022\u003E\t\u003Ctbody\u003E\t\t\u003Ctr\u003E\t\t\t\u003Ctd valign=\u0022top\u0022\u003E\t\t\t\u003Cp align=\u0022center\u0022\u003EBase mensuelle de pr\u00e9l\u00e8vement\u003C\/p\u003E\t\t\t\u003C\/td\u003E\t\t\t\u003Ctd valign=\u0022top\u0022\u003E\t\t\t\u003Cp align=\u0022center\u0022\u003ETaux de pr\u00e9l\u00e8vement\u003C\/p\u003E\t\t\t\u003C\/td\u003E\t\t\u003C\/tr\u003E\t\t\u003Ctr\u003E\t\t\t\u003Ctd valign=\u0022top\u0022\u003E\t\t\t\u003Cp align=\u0022center\u0022\u003E\u0026lt; \u00e0 1\u0026nbsp;591 \u20ac\u003C\/p\u003E\t\t\t\u003C\/td\u003E\t\t\t\u003Ctd valign=\u0022top\u0022\u003E\t\t\t\u003Cp align=\u0022center\u0022\u003E0 %\u003C\/p\u003E\t\t\t\u003C\/td\u003E\t\t\u003C\/tr\u003E\t\t\u003Ctr\u003E\t\t\t\u003Ctd valign=\u0022top\u0022\u003E\t\t\t\u003Cp align=\u0022center\u0022\u003ESup\u00e9rieure ou \u00e9gale \u00e0 1 591 et inf\u00e9rieure \u00e0 1 653 \u20ac\u003C\/p\u003E\t\t\t\u003C\/td\u003E\t\t\t\u003Ctd valign=\u0022top\u0022\u003E\t\t\t\u003Cp align=\u0022center\u0022\u003E0,5 %\u003C\/p\u003E\t\t\t\u003C\/td\u003E\t\t\u003C\/tr\u003E\t\t\u003Ctr\u003E\t\t\t\u003Ctd valign=\u0022top\u0022\u003E\t\t\t\u003Cp align=\u0022center\u0022\u003ESup\u00e9rieure ou \u00e9gale \u00e0 1 653 et inf\u00e9rieure \u00e0 1\u0026nbsp;759 \u20ac\u003C\/p\u003E\t\t\t\u003C\/td\u003E\t\t\t\u003Ctd valign=\u0022top\u0022\u003E\t\t\t\u003Cp align=\u0022center\u0022\u003E1,3 %\u003C\/p\u003E\t\t\t\u003C\/td\u003E\t\t\u003C\/tr\u003E\t\t\u003Ctr\u003E\t\t\t\u003Ctd valign=\u0022top\u0022\u003E\t\t\t\u003Cp align=\u0022center\u0022\u003ESup\u00e9rieure ou \u00e9gale \u00e0 1\u0026nbsp;759 et inf\u00e9rieure \u00e0 1\u0026nbsp;877 \u20ac\u003C\/p\u003E\t\t\t\u003C\/td\u003E\t\t\t\u003Ctd valign=\u0022top\u0022\u003E\t\t\t\u003Cp align=\u0022center\u0022\u003E2,1 %\u003C\/p\u003E\t\t\t\u003C\/td\u003E\t\t\u003C\/tr\u003E\t\t\u003Ctr\u003E\t\t\t\u003Ctd valign=\u0022top\u0022\u003E\t\t\t\u003Cp align=\u0022center\u0022\u003ESup\u00e9rieure ou \u00e9gale \u00e0 1\u0026nbsp;877 et inf\u00e9rieure \u00e0 2 006 \u20ac\u003C\/p\u003E\t\t\t\u003C\/td\u003E\t\t\t\u003Ctd valign=\u0022top\u0022\u003E\t\t\t\u003Cp align=\u0022center\u0022\u003E2,9 %\u003C\/p\u003E\t\t\t\u003C\/td\u003E\t\t\u003C\/tr\u003E\t\t\u003Ctr\u003E\t\t\t\u003Ctd valign=\u0022top\u0022\u003E\t\t\t\u003Cp align=\u0022center\u0022\u003ESup\u00e9rieure ou \u00e9gale \u00e0 2 006 et inf\u00e9rieure \u00e0 2\u0026nbsp;113 \u20ac\u003C\/p\u003E\t\t\t\u003C\/td\u003E\t\t\t\u003Ctd valign=\u0022top\u0022\u003E\t\t\t\u003Cp align=\u0022center\u0022\u003E3,5 %\u003C\/p\u003E\t\t\t\u003C\/td\u003E\t\t\u003C\/tr\u003E\t\t\u003Ctr\u003E\t\t\t\u003Ctd valign=\u0022top\u0022\u003E\t\t\t\u003Cp align=\u0022center\u0022\u003ESup\u00e9rieure ou \u00e9gale \u00e0 2 113 et inf\u00e9rieure \u00e0 2 253 \u20ac\u003C\/p\u003E\t\t\t\u003C\/td\u003E\t\t\t\u003Ctd valign=\u0022top\u0022\u003E\t\t\t\u003Cp align=\u0022center\u0022\u003E4,1 %\u003C\/p\u003E\t\t\t\u003C\/td\u003E\t\t\u003C\/tr\u003E\t\t\u003Ctr\u003E\t\t\t\u003Ctd valign=\u0022top\u0022\u003E\t\t\t\u003Cp align=\u0022center\u0022\u003ESup\u00e9rieure ou \u00e9gale \u00e0 2 253 et inf\u00e9rieure \u00e0 2\u0026nbsp;666 \u20ac\u003C\/p\u003E\t\t\t\u003C\/td\u003E\t\t\t\u003Ctd valign=\u0022top\u0022\u003E\t\t\t\u003Cp align=\u0022center\u0022\u003E5,3 %\u003C\/p\u003E\t\t\t\u003C\/td\u003E\t\t\u003C\/tr\u003E\t\t\u003Ctr\u003E\t\t\t\u003Ctd valign=\u0022top\u0022\u003E\t\t\t\u003Cp align=\u0022center\u0022\u003ESup\u00e9rieure ou \u00e9gale \u00e0 2\u0026nbsp;666 et inf\u00e9rieure \u00e0 3 052 \u20ac\u003C\/p\u003E\t\t\t\u003C\/td\u003E\t\t\t\u003Ctd valign=\u0022top\u0022\u003E\t\t\t\u003Cp align=\u0022center\u0022\u003E7,5 %\u003C\/p\u003E\t\t\t\u003C\/td\u003E\t\t\u003C\/tr\u003E\t\t\u003Ctr\u003E\t\t\t\u003Ctd valign=\u0022top\u0022\u003E\t\t\t\u003Cp align=\u0022center\u0022\u003ESup\u00e9rieure ou \u00e9gale \u00e0 3 052 et inf\u00e9rieure \u00e0 3\u0026nbsp;476 \u20ac\u003C\/p\u003E\t\t\t\u003C\/td\u003E\t\t\t\u003Ctd valign=\u0022top\u0022\u003E\t\t\t\u003Cp align=\u0022center\u0022\u003E9,9 %\u003C\/p\u003E\t\t\t\u003C\/td\u003E\t\t\u003C\/tr\u003E\t\t\u003Ctr\u003E\t\t\t\u003Ctd valign=\u0022top\u0022\u003E\t\t\t\u003Cp align=\u0022center\u0022\u003ESup\u00e9rieure ou \u00e9gale \u00e0 3\u0026nbsp;476 et inf\u00e9rieure \u00e0 3\u0026nbsp;913 \u20ac\u003C\/p\u003E\t\t\t\u003C\/td\u003E\t\t\t\u003Ctd valign=\u0022top\u0022\u003E\t\t\t\u003Cp align=\u0022center\u0022\u003E11,9 %\u003C\/p\u003E\t\t\t\u003C\/td\u003E\t\t\u003C\/tr\u003E\t\t\u003Ctr\u003E\t\t\t\u003Ctd valign=\u0022top\u0022\u003E\t\t\t\u003Cp align=\u0022center\u0022\u003ESup\u00e9rieure ou \u00e9gale \u00e0 3\u0026nbsp;913 et inf\u00e9rieure \u00e0 4\u0026nbsp;566 \u20ac\u003C\/p\u003E\t\t\t\u003C\/td\u003E\t\t\t\u003Ctd valign=\u0022top\u0022\u003E\t\t\t\u003Cp align=\u0022center\u0022\u003E13,8 %\u003C\/p\u003E\t\t\t\u003C\/td\u003E\t\t\u003C\/tr\u003E\t\t\u003Ctr\u003E\t\t\t\u003Ctd valign=\u0022top\u0022\u003E\t\t\t\u003Cp align=\u0022center\u0022\u003ESup\u00e9rieure ou \u00e9gale \u00e0 4\u0026nbsp;566 et inf\u00e9rieure \u00e0 5 475 \u20ac\u003C\/p\u003E\t\t\t\u003C\/td\u003E\t\t\t\u003Ctd valign=\u0022top\u0022\u003E\t\t\t\u003Cp align=\u0022center\u0022\u003E15,8 %\u003C\/p\u003E\t\t\t\u003C\/td\u003E\t\t\u003C\/tr\u003E\t\t\u003Ctr\u003E\t\t\t\u003Ctd valign=\u0022top\u0022\u003E\t\t\t\u003Cp align=\u0022center\u0022\u003ESup\u00e9rieure ou \u00e9gale \u00e0 5 475 et inf\u00e9rieure \u00e0 6\u0026nbsp;851 \u20ac\u003C\/p\u003E\t\t\t\u003C\/td\u003E\t\t\t\u003Ctd valign=\u0022top\u0022\u003E\t\t\t\u003Cp align=\u0022center\u0022\u003E17,9 %\u003C\/p\u003E\t\t\t\u003C\/td\u003E\t\t\u003C\/tr\u003E\t\t\u003Ctr\u003E\t\t\t\u003Ctd valign=\u0022top\u0022\u003E\t\t\t\u003Cp align=\u0022center\u0022\u003ESup\u00e9rieure ou \u00e9gale \u00e0 6\u0026nbsp;851 et inf\u00e9rieure \u00e0 8 557 \u20ac\u003C\/p\u003E\t\t\t\u003C\/td\u003E\t\t\t\u003Ctd valign=\u0022top\u0022\u003E\t\t\t\u003Cp align=\u0022center\u0022\u003E20 %\u003C\/p\u003E\t\t\t\u003C\/td\u003E\t\t\u003C\/tr\u003E\t\t\u003Ctr\u003E\t\t\t\u003Ctd valign=\u0022top\u0022\u003E\t\t\t\u003Cp align=\u0022center\u0022\u003ESup\u00e9rieure ou \u00e9gale \u00e0 8 557 et inf\u00e9rieure \u00e0 11 877 \u20ac\u003C\/p\u003E\t\t\t\u003C\/td\u003E\t\t\t\u003Ctd valign=\u0022top\u0022\u003E\t\t\t\u003Cp align=\u0022center\u0022\u003E24 %\u003C\/p\u003E\t\t\t\u003C\/td\u003E\t\t\u003C\/tr\u003E\t\t\u003Ctr\u003E\t\t\t\u003Ctd valign=\u0022top\u0022\u003E\t\t\t\u003Cp align=\u0022center\u0022\u003ESup\u00e9rieure ou \u00e9gale \u00e0 11 877 et inf\u00e9rieure \u00e0 16 086 \u20ac\u003C\/p\u003E\t\t\t\u003C\/td\u003E\t\t\t\u003Ctd valign=\u0022top\u0022\u003E\t\t\t\u003Cp align=\u0022center\u0022\u003E28 %\u003C\/p\u003E\t\t\t\u003C\/td\u003E\t\t\u003C\/tr\u003E\t\t\u003Ctr\u003E\t\t\t\u003Ctd valign=\u0022top\u0022\u003E\t\t\t\u003Cp align=\u0022center\u0022\u003ESup\u00e9rieure ou \u00e9gale \u00e0 16 086 et inf\u00e9rieure \u00e0 25 251 \u20ac\u003C\/p\u003E\t\t\t\u003C\/td\u003E\t\t\t\u003Ctd valign=\u0022top\u0022\u003E\t\t\t\u003Cp align=\u0022center\u0022\u003E33 %\u003C\/p\u003E\t\t\t\u003C\/td\u003E\t\t\u003C\/tr\u003E\t\t\u003Ctr\u003E\t\t\t\u003Ctd valign=\u0022top\u0022\u003E\t\t\t\u003Cp align=\u0022center\u0022\u003ESup\u00e9rieure ou \u00e9gale \u00e0 25 251 et inf\u00e9rieure \u00e0 54 088 \u20ac\u003C\/p\u003E\t\t\t\u003C\/td\u003E\t\t\t\u003Ctd valign=\u0022top\u0022\u003E\t\t\t\u003Cp align=\u0022center\u0022\u003E38 %\u003C\/p\u003E\t\t\t\u003C\/td\u003E\t\t\u003C\/tr\u003E\t\t\u003Ctr\u003E\t\t\t\u003Ctd valign=\u0022top\u0022\u003E\t\t\t\u003Cp align=\u0022center\u0022\u003E\u2265 \u00e0 54 088 \u20ac\u003C\/p\u003E\t\t\t\u003C\/td\u003E\t\t\t\u003Ctd valign=\u0022top\u0022\u003E\t\t\t\u003Cp align=\u0022center\u0022\u003E43 %\u003C\/p\u003E\t\t\t\u003C\/td\u003E\t\t\u003C\/tr\u003E\t\u003C\/tbody\u003E\u003C\/table\u003E\u003Cul\u003E\t\u003Cli\u003E\u003Cstrong\u003ETaux applicables en Guadeloupe, en Martinique et \u00e0 La R\u00e9union\u003C\/strong\u003E\u003C\/li\u003E\u003C\/ul\u003E\u003Ctable class=\u0022Table\u0022\u003E\t\u003Ctbody\u003E\t\t\u003Ctr\u003E\t\t\t\u003Ctd valign=\u0022top\u0022\u003E\t\t\t\u003Cp align=\u0022center\u0022\u003EBase mensuelle de pr\u00e9l\u00e8vement\u003C\/p\u003E\t\t\t\u003C\/td\u003E\t\t\t\u003Ctd valign=\u0022top\u0022\u003E\t\t\t\u003Cp align=\u0022center\u0022\u003ETaux de pr\u00e9l\u00e8vement\u003C\/p\u003E\t\t\t\u003C\/td\u003E\t\t\u003C\/tr\u003E\t\t\u003Ctr\u003E\t\t\t\u003Ctd valign=\u0022top\u0022\u003E\t\t\t\u003Cp align=\u0022center\u0022\u003E\u0026lt; \u00e0 1 825 \u20ac\u003C\/p\u003E\t\t\t\u003C\/td\u003E\t\t\t\u003Ctd valign=\u0022top\u0022\u003E\t\t\t\u003Cp align=\u0022center\u0022\u003E0 %\u003C\/p\u003E\t\t\t\u003C\/td\u003E\t\t\u003C\/tr\u003E\t\t\u003Ctr\u003E\t\t\t\u003Ctd valign=\u0022top\u0022\u003E\t\t\t\u003Cp align=\u0022center\u0022\u003ESup\u00e9rieure ou \u00e9gale \u00e0 1 825 et inf\u00e9rieure \u00e0 1 936 \u20ac\u003C\/p\u003E\t\t\t\u003C\/td\u003E\t\t\t\u003Ctd valign=\u0022top\u0022\u003E\t\t\t\u003Cp align=\u0022center\u0022\u003E0,5 %\u003C\/p\u003E\t\t\t\u003C\/td\u003E\t\t\u003C\/tr\u003E\t\t\u003Ctr\u003E\t\t\t\u003Ctd valign=\u0022top\u0022\u003E\t\t\t\u003Cp align=\u0022center\u0022\u003ESup\u00e9rieure ou \u00e9gale \u00e0 1 936 et inf\u00e9rieure \u00e0 2 133 \u20ac\u003C\/p\u003E\t\t\t\u003C\/td\u003E\t\t\t\u003Ctd valign=\u0022top\u0022\u003E\t\t\t\u003Cp align=\u0022center\u0022\u003E1,3 %\u003C\/p\u003E\t\t\t\u003C\/td\u003E\t\t\u003C\/tr\u003E\t\t\u003Ctr\u003E\t\t\t\u003Ctd valign=\u0022top\u0022\u003E\t\t\t\u003Cp align=\u0022center\u0022\u003ESup\u00e9rieure ou \u00e9gale \u00e0 2 133 et inf\u00e9rieure \u00e0 2\u0026nbsp;329 \u20ac\u003C\/p\u003E\t\t\t\u003C\/td\u003E\t\t\t\u003Ctd valign=\u0022top\u0022\u003E\t\t\t\u003Cp align=\u0022center\u0022\u003E2,1 %\u003C\/p\u003E\t\t\t\u003C\/td\u003E\t\t\u003C\/tr\u003E\t\t\u003Ctr\u003E\t\t\t\u003Ctd valign=\u0022top\u0022\u003E\t\t\t\u003Cp align=\u0022center\u0022\u003ESup\u00e9rieure ou \u00e9gale \u00e0 2 329 et inf\u00e9rieure \u00e0 2 572 \u20ac\u003C\/p\u003E\t\t\t\u003C\/td\u003E\t\t\t\u003Ctd valign=\u0022top\u0022\u003E\t\t\t\u003Cp align=\u0022center\u0022\u003E2,9 %\u003C\/p\u003E\t\t\t\u003C\/td\u003E\t\t\u003C\/tr\u003E\t\t\u003Ctr\u003E\t\t\t\u003Ctd valign=\u0022top\u0022\u003E\t\t\t\u003Cp align=\u0022center\u0022\u003ESup\u00e9rieure ou \u00e9gale \u00e0 2 572 et inf\u00e9rieure \u00e0 2 712 \u20ac\u003C\/p\u003E\t\t\t\u003C\/td\u003E\t\t\t\u003Ctd valign=\u0022top\u0022\u003E\t\t\t\u003Cp align=\u0022center\u0022\u003E3,5 %\u003C\/p\u003E\t\t\t\u003C\/td\u003E\t\t\u003C\/tr\u003E\t\t\u003Ctr\u003E\t\t\t\u003Ctd valign=\u0022top\u0022\u003E\t\t\t\u003Cp align=\u0022center\u0022\u003ESup\u00e9rieure ou \u00e9gale \u00e0 2 712 et inf\u00e9rieure \u00e0 2 805 \u20ac\u003C\/p\u003E\t\t\t\u003C\/td\u003E\t\t\t\u003Ctd valign=\u0022top\u0022\u003E\t\t\t\u003Cp align=\u0022center\u0022\u003E4,1 %\u003C\/p\u003E\t\t\t\u003C\/td\u003E\t\t\u003C\/tr\u003E\t\t\u003Ctr\u003E\t\t\t\u003Ctd valign=\u0022top\u0022\u003E\t\t\t\u003Cp align=\u0022center\u0022\u003ESup\u00e9rieure ou \u00e9gale \u00e0 2 805 et inf\u00e9rieure \u00e0 3 086 \u20ac\u003C\/p\u003E\t\t\t\u003C\/td\u003E\t\t\t\u003Ctd valign=\u0022top\u0022\u003E\t\t\t\u003Cp align=\u0022center\u0022\u003E5,3 %\u003C\/p\u003E\t\t\t\u003C\/td\u003E\t\t\u003C\/tr\u003E\t\t\u003Ctr\u003E\t\t\t\u003Ctd valign=\u0022top\u0022\u003E\t\t\t\u003Cp align=\u0022center\u0022\u003ESup\u00e9rieure ou \u00e9gale \u00e0 3 086 et inf\u00e9rieure \u00e0 3 816 \u20ac\u003C\/p\u003E\t\t\t\u003C\/td\u003E\t\t\t\u003Ctd valign=\u0022top\u0022\u003E\t\t\t\u003Cp align=\u0022center\u0022\u003E7,5 %\u003C\/p\u003E\t\t\t\u003C\/td\u003E\t\t\u003C\/tr\u003E\t\t\u003Ctr\u003E\t\t\t\u003Ctd valign=\u0022top\u0022\u003E\t\t\t\u003Cp align=\u0022center\u0022\u003ESup\u00e9rieure ou \u00e9gale \u00e0 3 816 et inf\u00e9rieure \u00e0 4 883 \u20ac\u003C\/p\u003E\t\t\t\u003C\/td\u003E\t\t\t\u003Ctd valign=\u0022top\u0022\u003E\t\t\t\u003Cp align=\u0022center\u0022\u003E9,9 %\u003C\/p\u003E\t\t\t\u003C\/td\u003E\t\t\u003C\/tr\u003E\t\t\u003Ctr\u003E\t\t\t\u003Ctd valign=\u0022top\u0022\u003E\t\t\t\u003Cp align=\u0022center\u0022\u003ESup\u00e9rieure ou \u00e9gale \u00e0 4 883 et inf\u00e9rieure \u00e0 5 546 \u20ac\u003C\/p\u003E\t\t\t\u003C\/td\u003E\t\t\t\u003Ctd valign=\u0022top\u0022\u003E\t\t\t\u003Cp align=\u0022center\u0022\u003E11,9 %\u003C\/p\u003E\t\t\t\u003C\/td\u003E\t\t\u003C\/tr\u003E\t\t\u003Ctr\u003E\t\t\t\u003Ctd valign=\u0022top\u0022\u003E\t\t\t\u003Cp align=\u0022center\u0022\u003ESup\u00e9rieure ou \u00e9gale \u00e0 5 546 et inf\u00e9rieure \u00e0 6 424 \u20ac\u003C\/p\u003E\t\t\t\u003C\/td\u003E\t\t\t\u003Ctd valign=\u0022top\u0022\u003E\t\t\t\u003Cp align=\u0022center\u0022\u003E13,8 %\u003C\/p\u003E\t\t\t\u003C\/td\u003E\t\t\u003C\/tr\u003E\t\t\u003Ctr\u003E\t\t\t\u003Ctd valign=\u0022top\u0022\u003E\t\t\t\u003Cp align=\u0022center\u0022\u003ESup\u00e9rieure ou \u00e9gale \u00e0 6 424 et inf\u00e9rieure \u00e0 7 697 \u20ac\u003C\/p\u003E\t\t\t\u003C\/td\u003E\t\t\t\u003Ctd valign=\u0022top\u0022\u003E\t\t\t\u003Cp align=\u0022center\u0022\u003E15,8 %\u003C\/p\u003E\t\t\t\u003C\/td\u003E\t\t\u003C\/tr\u003E\t\t\u003Ctr\u003E\t\t\t\u003Ctd valign=\u0022top\u0022\u003E\t\t\t\u003Cp align=\u0022center\u0022\u003ESup\u00e9rieure ou \u00e9gale \u00e0 7 697 et inf\u00e9rieure \u00e0 8 557 \u20ac\u003C\/p\u003E\t\t\t\u003C\/td\u003E\t\t\t\u003Ctd valign=\u0022top\u0022\u003E\t\t\t\u003Cp align=\u0022center\u0022\u003E17,9 %\u003C\/p\u003E\t\t\t\u003C\/td\u003E\t\t\u003C\/tr\u003E\t\t\u003Ctr\u003E\t\t\t\u003Ctd valign=\u0022top\u0022\u003E\t\t\t\u003Cp align=\u0022center\u0022\u003ESup\u00e9rieure ou \u00e9gale \u00e0 8 557 et inf\u00e9rieure \u00e0 9 725 \u20ac\u003C\/p\u003E\t\t\t\u003C\/td\u003E\t\t\t\u003Ctd valign=\u0022top\u0022\u003E\t\t\t\u003Cp align=\u0022center\u0022\u003E20 %\u003C\/p\u003E\t\t\t\u003C\/td\u003E\t\t\u003C\/tr\u003E\t\t\u003Ctr\u003E\t\t\t\u003Ctd valign=\u0022top\u0022\u003E\t\t\t\u003Cp align=\u0022center\u0022\u003ESup\u00e9rieure ou \u00e9gale \u00e0 9 725 et inf\u00e9rieure \u00e0 13 374 \u20ac\u003C\/p\u003E\t\t\t\u003C\/td\u003E\t\t\t\u003Ctd valign=\u0022top\u0022\u003E\t\t\t\u003Cp align=\u0022center\u0022\u003E24 %\u003C\/p\u003E\t\t\t\u003C\/td\u003E\t\t\u003C\/tr\u003E\t\t\u003Ctr\u003E\t\t\t\u003Ctd valign=\u0022top\u0022\u003E\t\t\t\u003Cp align=\u0022center\u0022\u003ESup\u00e9rieure ou \u00e9gale \u00e0 13 374 et inf\u00e9rieure \u00e0 17 770 \u20ac\u003C\/p\u003E\t\t\t\u003C\/td\u003E\t\t\t\u003Ctd valign=\u0022top\u0022\u003E\t\t\t\u003Cp align=\u0022center\u0022\u003E28 %\u003C\/p\u003E\t\t\t\u003C\/td\u003E\t\t\u003C\/tr\u003E\t\t\u003Ctr\u003E\t\t\t\u003Ctd valign=\u0022top\u0022\u003E\t\t\t\u003Cp align=\u0022center\u0022\u003ESup\u00e9rieure ou \u00e9gale \u00e0 17 770 et inf\u00e9rieure \u00e0 27 122 \u20ac\u003C\/p\u003E\t\t\t\u003C\/td\u003E\t\t\t\u003Ctd valign=\u0022top\u0022\u003E\t\t\t\u003Cp align=\u0022center\u0022\u003E33 %\u003C\/p\u003E\t\t\t\u003C\/td\u003E\t\t\u003C\/tr\u003E\t\t\u003Ctr\u003E\t\t\t\u003Ctd valign=\u0022top\u0022\u003E\t\t\t\u003Cp align=\u0022center\u0022\u003ESup\u00e9rieure ou \u00e9gale \u00e0 27 122 et inf\u00e9rieure \u00e0 59 283 \u20ac\u003C\/p\u003E\t\t\t\u003C\/td\u003E\t\t\t\u003Ctd valign=\u0022top\u0022\u003E\t\t\t\u003Cp align=\u0022center\u0022\u003E38 %\u003C\/p\u003E\t\t\t\u003C\/td\u003E\t\t\u003C\/tr\u003E\t\t\u003Ctr\u003E\t\t\t\u003Ctd valign=\u0022top\u0022\u003E\t\t\t\u003Cp align=\u0022center\u0022\u003E\u2265 \u00e0 59 283 \u20ac\u003C\/p\u003E\t\t\t\u003C\/td\u003E\t\t\t\u003Ctd valign=\u0022top\u0022\u003E\t\t\t\u003Cp align=\u0022center\u0022\u003E43 %\u003C\/p\u003E\t\t\t\u003C\/td\u003E\t\t\u003C\/tr\u003E\t\u003C\/tbody\u003E\u003C\/table\u003E\u003Cul\u003E\t\u003Cli\u003E\u003Cstrong\u003ETaux applicables en Guyane et \u00e0 Mayotte\u003C\/strong\u003E\u003C\/li\u003E\u003C\/ul\u003E\u003Ctable class=\u0022Table\u0022\u003E\t\u003Ctbody\u003E\t\t\u003Ctr\u003E\t\t\t\u003Ctd valign=\u0022top\u0022\u003E\t\t\t\u003Cp align=\u0022center\u0022\u003EBase mensuelle de pr\u00e9l\u00e8vement\u003C\/p\u003E\t\t\t\u003C\/td\u003E\t\t\t\u003Ctd valign=\u0022top\u0022\u003E\t\t\t\u003Cp align=\u0022center\u0022\u003ETaux de pr\u00e9l\u00e8vement\u003C\/p\u003E\t\t\t\u003C\/td\u003E\t\t\u003C\/tr\u003E\t\t\u003Ctr\u003E\t\t\t\u003Ctd valign=\u0022top\u0022\u003E\t\t\t\u003Cp align=\u0022center\u0022\u003E\u0026lt; \u00e0 1 955 \u20ac\u003C\/p\u003E\t\t\t\u003C\/td\u003E\t\t\t\u003Ctd valign=\u0022top\u0022\u003E\t\t\t\u003Cp align=\u0022center\u0022\u003E0 %\u003C\/p\u003E\t\t\t\u003C\/td\u003E\t\t\u003C\/tr\u003E\t\t\u003Ctr\u003E\t\t\t\u003Ctd valign=\u0022top\u0022\u003E\t\t\t\u003Cp align=\u0022center\u0022\u003ESup\u00e9rieure ou \u00e9gale \u00e0 1 955 et inf\u00e9rieure \u00e0 2 113 \u20ac\u003C\/p\u003E\t\t\t\u003C\/td\u003E\t\t\t\u003Ctd valign=\u0022top\u0022\u003E\t\t\t\u003Cp align=\u0022center\u0022\u003E0,5 %\u003C\/p\u003E\t\t\t\u003C\/td\u003E\t\t\u003C\/tr\u003E\t\t\u003Ctr\u003E\t\t\t\u003Ctd valign=\u0022top\u0022\u003E\t\t\t\u003Cp align=\u0022center\u0022\u003ESup\u00e9rieure ou \u00e9gale \u00e0 2 113 et inf\u00e9rieure \u00e0 2 356 \u20ac\u003C\/p\u003E\t\t\t\u003C\/td\u003E\t\t\t\u003Ctd valign=\u0022top\u0022\u003E\t\t\t\u003Cp align=\u0022center\u0022\u003E1,3 %\u003C\/p\u003E\t\t\t\u003C\/td\u003E\t\t\u003C\/tr\u003E\t\t\u003Ctr\u003E\t\t\t\u003Ctd valign=\u0022top\u0022\u003E\t\t\t\u003Cp align=\u0022center\u0022\u003ESup\u00e9rieure ou \u00e9gale \u00e0 2 356 et inf\u00e9rieure \u00e0 2 656 \u20ac\u003C\/p\u003E\t\t\t\u003C\/td\u003E\t\t\t\u003Ctd valign=\u0022top\u0022\u003E\t\t\t\u003Cp align=\u0022center\u0022\u003E2,1 %\u003C\/p\u003E\t\t\t\u003C\/td\u003E\t\t\u003C\/tr\u003E\t\t\u003Ctr\u003E\t\t\t\u003Ctd valign=\u0022top\u0022\u003E\t\t\t\u003Cp align=\u0022center\u0022\u003ESup\u00e9rieure ou \u00e9gale \u00e0 2 656 et inf\u00e9rieure \u00e0 2 758 \u20ac\u003C\/p\u003E\t\t\t\u003C\/td\u003E\t\t\t\u003Ctd valign=\u0022top\u0022\u003E\t\t\t\u003Cp align=\u0022center\u0022\u003E2,9 %\u003C\/p\u003E\t\t\t\u003C\/td\u003E\t\t\u003C\/tr\u003E\t\t\u003Ctr\u003E\t\t\t\u003Ctd valign=\u0022top\u0022\u003E\t\t\t\u003Cp align=\u0022center\u0022\u003ESup\u00e9rieure ou \u00e9gale \u00e0 2 758 et inf\u00e9rieure \u00e0 2 853 \u20ac\u003C\/p\u003E\t\t\t\u003C\/td\u003E\t\t\t\u003Ctd valign=\u0022top\u0022\u003E\t\t\t\u003Cp align=\u0022center\u0022\u003E3,5 %\u003C\/p\u003E\t\t\t\u003C\/td\u003E\t\t\u003C\/tr\u003E\t\t\u003Ctr\u003E\t\t\t\u003Ctd valign=\u0022top\u0022\u003E\t\t\t\u003Cp align=\u0022center\u0022\u003ESup\u00e9rieure ou \u00e9gale \u00e0 2 853 et inf\u00e9rieure \u00e0 2 946 \u20ac\u003C\/p\u003E\t\t\t\u003C\/td\u003E\t\t\t\u003Ctd valign=\u0022top\u0022\u003E\t\t\t\u003Cp align=\u0022center\u0022\u003E4,1 %\u003C\/p\u003E\t\t\t\u003C\/td\u003E\t\t\u003C\/tr\u003E\t\t\u003Ctr\u003E\t\t\t\u003Ctd valign=\u0022top\u0022\u003E\t\t\t\u003Cp align=\u0022center\u0022\u003ESup\u00e9rieure ou \u00e9gale \u00e0 2 946 et inf\u00e9rieure \u00e0 3 273 \u20ac\u003C\/p\u003E\t\t\t\u003C\/td\u003E\t\t\t\u003Ctd valign=\u0022top\u0022\u003E\t\t\t\u003Cp align=\u0022center\u0022\u003E5,3 %\u003C\/p\u003E\t\t\t\u003C\/td\u003E\t\t\u003C\/tr\u003E\t\t\u003Ctr\u003E\t\t\t\u003Ctd valign=\u0022top\u0022\u003E\t\t\t\u003Cp align=\u0022center\u0022\u003ESup\u00e9rieure ou \u00e9gale \u00e0 3 273 et inf\u00e9rieure \u00e0 4 517 \u20ac\u003C\/p\u003E\t\t\t\u003C\/td\u003E\t\t\t\u003Ctd valign=\u0022top\u0022\u003E\t\t\t\u003Cp align=\u0022center\u0022\u003E7,5 %\u003C\/p\u003E\t\t\t\u003C\/td\u003E\t\t\u003C\/tr\u003E\t\t\u003Ctr\u003E\t\t\t\u003Ctd valign=\u0022top\u0022\u003E\t\t\t\u003Cp align=\u0022center\u0022\u003ESup\u00e9rieure ou \u00e9gale \u00e0 4 517 et inf\u00e9rieure \u00e0 5 846 \u20ac\u003C\/p\u003E\t\t\t\u003C\/td\u003E\t\t\t\u003Ctd valign=\u0022top\u0022\u003E\t\t\t\u003Cp align=\u0022center\u0022\u003E9,9 %\u003C\/p\u003E\t\t\t\u003C\/td\u003E\t\t\u003C\/tr\u003E\t\t\u003Ctr\u003E\t\t\t\u003Ctd valign=\u0022top\u0022\u003E\t\t\t\u003Cp align=\u0022center\u0022\u003ESup\u00e9rieure ou \u00e9gale \u00e0 5 846 et inf\u00e9rieure \u00e0 6 593 \u20ac\u003C\/p\u003E\t\t\t\u003C\/td\u003E\t\t\t\u003Ctd valign=\u0022top\u0022\u003E\t\t\t\u003Cp align=\u0022center\u0022\u003E11,9 %\u003C\/p\u003E\t\t\t\u003C\/td\u003E\t\t\u003C\/tr\u003E\t\t\u003Ctr\u003E\t\t\t\u003Ctd valign=\u0022top\u0022\u003E\t\t\t\u003Cp align=\u0022center\u0022\u003ESup\u00e9rieure ou \u00e9gale \u00e0 6 593 et inf\u00e9rieure \u00e0 7 650 \u20ac\u003C\/p\u003E\t\t\t\u003C\/td\u003E\t\t\t\u003Ctd valign=\u0022top\u0022\u003E\t\t\t\u003Cp align=\u0022center\u0022\u003E13,8 %\u003C\/p\u003E\t\t\t\u003C\/td\u003E\t\t\u003C\/tr\u003E\t\t\u003Ctr\u003E\t\t\t\u003Ctd valign=\u0022top\u0022\u003E\t\t\t\u003Cp align=\u0022center\u0022\u003ESup\u00e9rieure ou \u00e9gale \u00e0 7 650 et inf\u00e9rieure \u00e0 8 416 \u20ac\u003C\/p\u003E\t\t\t\u003C\/td\u003E\t\t\t\u003Ctd valign=\u0022top\u0022\u003E\t\t\t\u003Cp align=\u0022center\u0022\u003E15,8 %\u003C\/p\u003E\t\t\t\u003C\/td\u003E\t\t\u003C\/tr\u003E\t\t\u003Ctr\u003E\t\t\t\u003Ctd valign=\u0022top\u0022\u003E\t\t\t\u003Cp align=\u0022center\u0022\u003ESup\u00e9rieure ou \u00e9gale \u00e0 8 416 et inf\u00e9rieure \u00e0 9 324 \u20ac\u003C\/p\u003E\t\t\t\u003C\/td\u003E\t\t\t\u003Ctd valign=\u0022top\u0022\u003E\t\t\t\u003Cp align=\u0022center\u0022\u003E17,9 %\u003C\/p\u003E\t\t\t\u003C\/td\u003E\t\t\u003C\/tr\u003E\t\t\u003Ctr\u003E\t\t\t\u003Ctd valign=\u0022top\u0022\u003E\t\t\t\u003Cp align=\u0022center\u0022\u003ESup\u00e9rieure ou \u00e9gale \u00e0 9 324 et inf\u00e9rieure \u00e0 10 821 \u20ac\u003C\/p\u003E\t\t\t\u003C\/td\u003E\t\t\t\u003Ctd valign=\u0022top\u0022\u003E\t\t\t\u003Cp align=\u0022center\u0022\u003E20 %\u003C\/p\u003E\t\t\t\u003C\/td\u003E\t\t\u003C\/tr\u003E\t\t\u003Ctr\u003E\t\t\t\u003Ctd valign=\u0022top\u0022\u003E\t\t\t\u003Cp align=\u0022center\u0022\u003ESup\u00e9rieure ou \u00e9gale \u00e0 10 821 et inf\u00e9rieure \u00e0 14 558 \u20ac\u003C\/p\u003E\t\t\t\u003C\/td\u003E\t\t\t\u003Ctd valign=\u0022top\u0022\u003E\t\t\t\u003Cp align=\u0022center\u0022\u003E24 %\u003C\/p\u003E\t\t\t\u003C\/td\u003E\t\t\u003C\/tr\u003E\t\t\u003Ctr\u003E\t\t\t\u003Ctd valign=\u0022top\u0022\u003E\t\t\t\u003Cp align=\u0022center\u0022\u003ESup\u00e9rieure ou \u00e9gale \u00e0 14 558 et inf\u00e9rieure \u00e0 18 517 \u20ac\u003C\/p\u003E\t\t\t\u003C\/td\u003E\t\t\t\u003Ctd valign=\u0022top\u0022\u003E\t\t\t\u003Cp align=\u0022center\u0022\u003E28 %\u003C\/p\u003E\t\t\t\u003C\/td\u003E\t\t\u003C\/tr\u003E\t\t\u003Ctr\u003E\t\t\t\u003Ctd valign=\u0022top\u0022\u003E\t\t\t\u003Cp align=\u0022center\u0022\u003ESup\u00e9rieure ou \u00e9gale \u00e0 18 517 et inf\u00e9rieure \u00e0 29 676 \u20ac\u003C\/p\u003E\t\t\t\u003C\/td\u003E\t\t\t\u003Ctd valign=\u0022top\u0022\u003E\t\t\t\u003Cp align=\u0022center\u0022\u003E33 %\u003C\/p\u003E\t\t\t\u003C\/td\u003E\t\t\u003C\/tr\u003E\t\t\u003Ctr\u003E\t\t\t\u003Ctd valign=\u0022top\u0022\u003E\t\t\t\u003Cp align=\u0022center\u0022\u003ESup\u00e9rieure ou \u00e9gale \u00e0 29 676 et inf\u00e9rieure \u00e0 62 639 \u20ac\u003C\/p\u003E\t\t\t\u003C\/td\u003E\t\t\t\u003Ctd valign=\u0022top\u0022\u003E\t\t\t\u003Cp align=\u0022center\u0022\u003E38 %\u003C\/p\u003E\t\t\t\u003C\/td\u003E\t\t\u003C\/tr\u003E\t\t\u003Ctr\u003E\t\t\t\u003Ctd valign=\u0022top\u0022\u003E\t\t\t\u003Cp align=\u0022center\u0022\u003E\u2265 \u00e0 62 639 \u20ac\u003C\/p\u003E\t\t\t\u003C\/td\u003E\t\t\t\u003Ctd valign=\u0022top\u0022\u003E\t\t\t\u003Cp align=\u0022center\u0022\u003E43 %\u003C\/p\u003E\t\t\t\u003C\/td\u003E\t\t\u003C\/tr\u003E\t\u003C\/tbody\u003E\u003C\/table\u003E\u003Cp\u003ELe taux par d\u00e9faut est d\u00e9termin\u00e9 \u00e0 partir d\u2019une grille de taux fix\u00e9e, pour les revenus per\u00e7us ou r\u00e9alis\u00e9s \u00e0 compter du 1er mai 2025, de la mani\u00e8re suivante :\u003C\/p\u003E\u003Cul\u003E\t\u003Cli\u003E\u003Cstrong\u003ETaux applicables en France m\u00e9tropolitaine\u003C\/strong\u003E\u003C\/li\u003E\u003C\/ul\u003E\u003Ctable class=\u0022Table\u0022\u003E\t\u003Ctbody\u003E\t\t\u003Ctr\u003E\t\t\t\u003Ctd valign=\u0022top\u0022\u003E\t\t\t\u003Cp align=\u0022center\u0022\u003EBase mensuelle de pr\u00e9l\u00e8vement\u003C\/p\u003E\t\t\t\u003C\/td\u003E\t\t\t\u003Ctd valign=\u0022top\u0022\u003E\t\t\t\u003Cp align=\u0022center\u0022\u003ETaux de pr\u00e9l\u00e8vement\u003C\/p\u003E\t\t\t\u003C\/td\u003E\t\t\u003C\/tr\u003E\t\t\u003Ctr\u003E\t\t\t\u003Ctd valign=\u0022top\u0022\u003E\t\t\t\u003Cp align=\u0022center\u0022\u003E\u0026lt; \u00e0 1\u0026nbsp;620 \u20ac\u003C\/p\u003E\t\t\t\u003C\/td\u003E\t\t\t\u003Ctd valign=\u0022top\u0022\u003E\t\t\t\u003Cp align=\u0022center\u0022\u003E0 %\u003C\/p\u003E\t\t\t\u003C\/td\u003E\t\t\u003C\/tr\u003E\t\t\u003Ctr\u003E\t\t\t\u003Ctd valign=\u0022top\u0022\u003E\t\t\t\u003Cp align=\u0022center\u0022\u003ESup\u00e9rieure ou \u00e9gale \u00e0 1\u0026nbsp;620 \u20ac et inf\u00e9rieure \u00e0 1 683 \u20ac\u003C\/p\u003E\t\t\t\u003C\/td\u003E\t\t\t\u003Ctd valign=\u0022top\u0022\u003E\t\t\t\u003Cp align=\u0022center\u0022\u003E0,5 %\u003C\/p\u003E\t\t\t\u003C\/td\u003E\t\t\u003C\/tr\u003E\t\t\u003Ctr\u003E\t\t\t\u003Ctd valign=\u0022top\u0022\u003E\t\t\t\u003Cp align=\u0022center\u0022\u003ESup\u00e9rieure ou \u00e9gale \u00e0 1\u0026nbsp;683 \u20ac et inf\u00e9rieure \u00e0 1\u202f791 \u20ac\u003C\/p\u003E\t\t\t\u003C\/td\u003E\t\t\t\u003Ctd valign=\u0022top\u0022\u003E\t\t\t\u003Cp align=\u0022center\u0022\u003E1,3 %\u003C\/p\u003E\t\t\t\u003C\/td\u003E\t\t\u003C\/tr\u003E\t\t\u003Ctr\u003E\t\t\t\u003Ctd valign=\u0022top\u0022\u003E\t\t\t\u003Cp align=\u0022center\u0022\u003ESup\u00e9rieure ou \u00e9gale \u00e0 1\u0026nbsp;791 \u20ac et inf\u00e9rieure \u00e0 1\u202f911 \u20ac\u003C\/p\u003E\t\t\t\u003C\/td\u003E\t\t\t\u003Ctd valign=\u0022top\u0022\u003E\t\t\t\u003Cp align=\u0022center\u0022\u003E2,1 %\u003C\/p\u003E\t\t\t\u003C\/td\u003E\t\t\u003C\/tr\u003E\t\t\u003Ctr\u003E\t\t\t\u003Ctd valign=\u0022top\u0022\u003E\t\t\t\u003Cp align=\u0022center\u0022\u003ESup\u00e9rieure ou \u00e9gale \u00e0 1\u0026nbsp;911 \u20ac et inf\u00e9rieure \u00e0 2 042 \u20ac\u003C\/p\u003E\t\t\t\u003C\/td\u003E\t\t\t\u003Ctd valign=\u0022top\u0022\u003E\t\t\t\u003Cp align=\u0022center\u0022\u003E2,9 %\u003C\/p\u003E\t\t\t\u003C\/td\u003E\t\t\u003C\/tr\u003E\t\t\u003Ctr\u003E\t\t\t\u003Ctd valign=\u0022top\u0022\u003E\t\t\t\u003Cp align=\u0022center\u0022\u003ESup\u00e9rieure ou \u00e9gale \u00e0 2\u0026nbsp;042 \u20ac et inf\u00e9rieure \u00e0 2\u202f151 \u20ac\u003C\/p\u003E\t\t\t\u003C\/td\u003E\t\t\t\u003Ctd valign=\u0022top\u0022\u003E\t\t\t\u003Cp align=\u0022center\u0022\u003E3,5 %\u003C\/p\u003E\t\t\t\u003C\/td\u003E\t\t\u003C\/tr\u003E\t\t\u003Ctr\u003E\t\t\t\u003Ctd valign=\u0022top\u0022\u003E\t\t\t\u003Cp align=\u0022center\u0022\u003ESup\u00e9rieure ou \u00e9gale \u00e0 2\u0026nbsp;151 \u20ac et inf\u00e9rieure \u00e0 2 294 \u20ac\u003C\/p\u003E\t\t\t\u003C\/td\u003E\t\t\t\u003Ctd valign=\u0022top\u0022\u003E\t\t\t\u003Cp align=\u0022center\u0022\u003E4,1 %\u003C\/p\u003E\t\t\t\u003C\/td\u003E\t\t\u003C\/tr\u003E\t\t\u003Ctr\u003E\t\t\t\u003Ctd valign=\u0022top\u0022\u003E\t\t\t\u003Cp align=\u0022center\u0022\u003ESup\u00e9rieure ou \u00e9gale \u00e0 2\u0026nbsp;294 \u20ac et inf\u00e9rieure \u00e0 2\u202f714 \u20ac\u003C\/p\u003E\t\t\t\u003C\/td\u003E\t\t\t\u003Ctd valign=\u0022top\u0022\u003E\t\t\t\u003Cp align=\u0022center\u0022\u003E5,3 %\u003C\/p\u003E\t\t\t\u003C\/td\u003E\t\t\u003C\/tr\u003E\t\t\u003Ctr\u003E\t\t\t\u003Ctd valign=\u0022top\u0022\u003E\t\t\t\u003Cp align=\u0022center\u0022\u003ESup\u00e9rieure ou \u00e9gale \u00e0 2\u0026nbsp;714 \u20ac et inf\u00e9rieure \u00e0 3 107 \u20ac\u003C\/p\u003E\t\t\t\u003C\/td\u003E\t\t\t\u003Ctd valign=\u0022top\u0022\u003E\t\t\t\u003Cp align=\u0022center\u0022\u003E7,5 %\u003C\/p\u003E\t\t\t\u003C\/td\u003E\t\t\u003C\/tr\u003E\t\t\u003Ctr\u003E\t\t\t\u003Ctd valign=\u0022top\u0022\u003E\t\t\t\u003Cp align=\u0022center\u0022\u003ESup\u00e9rieure ou \u00e9gale \u00e0 3\u0026nbsp;107 \u20ac et inf\u00e9rieure \u00e0 3\u202f539 \u20ac\u003C\/p\u003E\t\t\t\u003C\/td\u003E\t\t\t\u003Ctd valign=\u0022top\u0022\u003E\t\t\t\u003Cp align=\u0022center\u0022\u003E9,9 %\u003C\/p\u003E\t\t\t\u003C\/td\u003E\t\t\u003C\/tr\u003E\t\t\u003Ctr\u003E\t\t\t\u003Ctd valign=\u0022top\u0022\u003E\t\t\t\u003Cp align=\u0022center\u0022\u003ESup\u00e9rieure ou \u00e9gale \u00e0 3\u0026nbsp;539 \u20ac et inf\u00e9rieure \u00e0 3\u202f983 \u20ac\u003C\/p\u003E\t\t\t\u003C\/td\u003E\t\t\t\u003Ctd valign=\u0022top\u0022\u003E\t\t\t\u003Cp align=\u0022center\u0022\u003E11,9 %\u003C\/p\u003E\t\t\t\u003C\/td\u003E\t\t\u003C\/tr\u003E\t\t\u003Ctr\u003E\t\t\t\u003Ctd valign=\u0022top\u0022\u003E\t\t\t\u003Cp align=\u0022center\u0022\u003ESup\u00e9rieure ou \u00e9gale \u00e0 3\u0026nbsp;983 \u20ac et inf\u00e9rieure \u00e0 4\u202f648 \u20ac\u003C\/p\u003E\t\t\t\u003C\/td\u003E\t\t\t\u003Ctd valign=\u0022top\u0022\u003E\t\t\t\u003Cp align=\u0022center\u0022\u003E13,8 %\u003C\/p\u003E\t\t\t\u003C\/td\u003E\t\t\u003C\/tr\u003E\t\t\u003Ctr\u003E\t\t\t\u003Ctd valign=\u0022top\u0022\u003E\t\t\t\u003Cp align=\u0022center\u0022\u003ESup\u00e9rieure ou \u00e9gale \u00e0 4\u0026nbsp;648 \u20ac et inf\u00e9rieure \u00e0 5 574 \u20ac\u003C\/p\u003E\t\t\t\u003C\/td\u003E\t\t\t\u003Ctd valign=\u0022top\u0022\u003E\t\t\t\u003Cp align=\u0022center\u0022\u003E15,8 %\u003C\/p\u003E\t\t\t\u003C\/td\u003E\t\t\u003C\/tr\u003E\t\t\u003Ctr\u003E\t\t\t\u003Ctd valign=\u0022top\u0022\u003E\t\t\t\u003Cp align=\u0022center\u0022\u003ESup\u00e9rieure ou \u00e9gale \u00e0 5\u0026nbsp;574 \u20ac et inf\u00e9rieure \u00e0 6\u202f974 \u20ac\u003C\/p\u003E\t\t\t\u003C\/td\u003E\t\t\t\u003Ctd valign=\u0022top\u0022\u003E\t\t\t\u003Cp align=\u0022center\u0022\u003E17,9 %\u003C\/p\u003E\t\t\t\u003C\/td\u003E\t\t\u003C\/tr\u003E\t\t\u003Ctr\u003E\t\t\t\u003Ctd valign=\u0022top\u0022\u003E\t\t\t\u003Cp align=\u0022center\u0022\u003ESup\u00e9rieure ou \u00e9gale \u00e0 6\u0026nbsp;974 \u20ac et inf\u00e9rieure \u00e0 8 711 \u20ac\u003C\/p\u003E\t\t\t\u003C\/td\u003E\t\t\t\u003Ctd valign=\u0022top\u0022\u003E\t\t\t\u003Cp align=\u0022center\u0022\u003E20 %\u003C\/p\u003E\t\t\t\u003C\/td\u003E\t\t\u003C\/tr\u003E\t\t\u003Ctr\u003E\t\t\t\u003Ctd valign=\u0022top\u0022\u003E\t\t\t\u003Cp align=\u0022center\u0022\u003ESup\u00e9rieure ou \u00e9gale \u00e0 8\u0026nbsp;711 \u20ac et inf\u00e9rieure \u00e0 12 091 \u20ac\u003C\/p\u003E\t\t\t\u003C\/td\u003E\t\t\t\u003Ctd valign=\u0022top\u0022\u003E\t\t\t\u003Cp align=\u0022center\u0022\u003E24 %\u003C\/p\u003E\t\t\t\u003C\/td\u003E\t\t\u003C\/tr\u003E\t\t\u003Ctr\u003E\t\t\t\u003Ctd valign=\u0022top\u0022\u003E\t\t\t\u003Cp align=\u0022center\u0022\u003ESup\u00e9rieure ou \u00e9gale \u00e0 12\u0026nbsp;091 \u20ac et inf\u00e9rieure \u00e0 16 376 \u20ac\u003C\/p\u003E\t\t\t\u003C\/td\u003E\t\t\t\u003Ctd valign=\u0022top\u0022\u003E\t\t\t\u003Cp align=\u0022center\u0022\u003E28 %\u003C\/p\u003E\t\t\t\u003C\/td\u003E\t\t\u003C\/tr\u003E\t\t\u003Ctr\u003E\t\t\t\u003Ctd valign=\u0022top\u0022\u003E\t\t\t\u003Cp align=\u0022center\u0022\u003ESup\u00e9rieure ou \u00e9gale \u00e0 16\u0026nbsp;376 \u20ac et inf\u00e9rieure \u00e0 25 706 \u20ac\u003C\/p\u003E\t\t\t\u003C\/td\u003E\t\t\t\u003Ctd valign=\u0022top\u0022\u003E\t\t\t\u003Cp align=\u0022center\u0022\u003E33 %\u003C\/p\u003E\t\t\t\u003C\/td\u003E\t\t\u003C\/tr\u003E\t\t\u003Ctr\u003E\t\t\t\u003Ctd valign=\u0022top\u0022\u003E\t\t\t\u003Cp align=\u0022center\u0022\u003ESup\u00e9rieure ou \u00e9gale \u00e0 25\u0026nbsp;706 \u20ac et inf\u00e9rieure \u00e0 55 062 \u20ac\u003C\/p\u003E\t\t\t\u003C\/td\u003E\t\t\t\u003Ctd valign=\u0022top\u0022\u003E\t\t\t\u003Cp align=\u0022center\u0022\u003E38 %\u003C\/p\u003E\t\t\t\u003C\/td\u003E\t\t\u003C\/tr\u003E\t\t\u003Ctr\u003E\t\t\t\u003Ctd valign=\u0022top\u0022\u003E\t\t\t\u003Cp align=\u0022center\u0022\u003E\u2265 \u00e0 55\u0026nbsp;062 \u20ac\u003C\/p\u003E\t\t\t\u003C\/td\u003E\t\t\t\u003Ctd valign=\u0022top\u0022\u003E\t\t\t\u003Cp align=\u0022center\u0022\u003E43 %\u003C\/p\u003E\t\t\t\u003C\/td\u003E\t\t\u003C\/tr\u003E\t\u003C\/tbody\u003E\u003C\/table\u003E\u003Cp\u003E\u0026nbsp;\u003C\/p\u003E\u003Cul\u003E\t\u003Cli\u003E\u003Cstrong\u003ETaux applicables en Guadeloupe, en Martinique et \u00e0 La R\u00e9union\u003C\/strong\u003E\u003C\/li\u003E\u003C\/ul\u003E\u003Ctable class=\u0022Table\u0022\u003E\t\u003Ctbody\u003E\t\t\u003Ctr\u003E\t\t\t\u003Ctd valign=\u0022top\u0022\u003E\t\t\t\u003Cp align=\u0022center\u0022\u003EBase mensuelle de pr\u00e9l\u00e8vement\u003C\/p\u003E\t\t\t\u003C\/td\u003E\t\t\t\u003Ctd valign=\u0022top\u0022\u003E\t\t\t\u003Cp align=\u0022center\u0022\u003ETaux de pr\u00e9l\u00e8vement\u003C\/p\u003E\t\t\t\u003C\/td\u003E\t\t\u003C\/tr\u003E\t\t\u003Ctr\u003E\t\t\t\u003Ctd valign=\u0022top\u0022\u003E\t\t\t\u003Cp align=\u0022center\u0022\u003E\u0026lt; \u00e0 1\u0026nbsp;858 \u20ac\u003C\/p\u003E\t\t\t\u003C\/td\u003E\t\t\t\u003Ctd valign=\u0022top\u0022\u003E\t\t\t\u003Cp align=\u0022center\u0022\u003E0 %\u003C\/p\u003E\t\t\t\u003C\/td\u003E\t\t\u003C\/tr\u003E\t\t\u003Ctr\u003E\t\t\t\u003Ctd valign=\u0022top\u0022\u003E\t\t\t\u003Cp align=\u0022center\u0022\u003ESup\u00e9rieure ou \u00e9gale \u00e0 1\u0026nbsp;858 \u20ac et inf\u00e9rieure \u00e0 1 971 \u20ac\u003C\/p\u003E\t\t\t\u003C\/td\u003E\t\t\t\u003Ctd valign=\u0022top\u0022\u003E\t\t\t\u003Cp align=\u0022center\u0022\u003E0,5 %\u003C\/p\u003E\t\t\t\u003C\/td\u003E\t\t\u003C\/tr\u003E\t\t\u003Ctr\u003E\t\t\t\u003Ctd valign=\u0022top\u0022\u003E\t\t\t\u003Cp align=\u0022center\u0022\u003ESup\u00e9rieure ou \u00e9gale \u00e0 1\u0026nbsp;971 \u20ac et inf\u00e9rieure \u00e0 2 171 \u20ac\u003C\/p\u003E\t\t\t\u003C\/td\u003E\t\t\t\u003Ctd valign=\u0022top\u0022\u003E\t\t\t\u003Cp align=\u0022center\u0022\u003E1,3 %\u003C\/p\u003E\t\t\t\u003C\/td\u003E\t\t\u003C\/tr\u003E\t\t\u003Ctr\u003E\t\t\t\u003Ctd valign=\u0022top\u0022\u003E\t\t\t\u003Cp align=\u0022center\u0022\u003ESup\u00e9rieure ou \u00e9gale \u00e0 2\u0026nbsp;171 \u20ac et inf\u00e9rieure \u00e0 2\u202f371 \u20ac\u003C\/p\u003E\t\t\t\u003C\/td\u003E\t\t\t\u003Ctd valign=\u0022top\u0022\u003E\t\t\t\u003Cp align=\u0022center\u0022\u003E2,1 %\u003C\/p\u003E\t\t\t\u003C\/td\u003E\t\t\u003C\/tr\u003E\t\t\u003Ctr\u003E\t\t\t\u003Ctd valign=\u0022top\u0022\u003E\t\t\t\u003Cp align=\u0022center\u0022\u003ESup\u00e9rieure ou \u00e9gale \u00e0 2\u0026nbsp;371 \u20ac et inf\u00e9rieure \u00e0 2 618 \u20ac\u003C\/p\u003E\t\t\t\u003C\/td\u003E\t\t\t\u003Ctd valign=\u0022top\u0022\u003E\t\t\t\u003Cp align=\u0022center\u0022\u003E2,9 %\u003C\/p\u003E\t\t\t\u003C\/td\u003E\t\t\u003C\/tr\u003E\t\t\u003Ctr\u003E\t\t\t\u003Ctd valign=\u0022top\u0022\u003E\t\t\t\u003Cp align=\u0022center\u0022\u003ESup\u00e9rieure ou \u00e9gale \u00e0 2\u0026nbsp;618 \u20ac et inf\u00e9rieure \u00e0 2 761 \u20ac\u003C\/p\u003E\t\t\t\u003C\/td\u003E\t\t\t\u003Ctd valign=\u0022top\u0022\u003E\t\t\t\u003Cp align=\u0022center\u0022\u003E3,5 %\u003C\/p\u003E\t\t\t\u003C\/td\u003E\t\t\u003C\/tr\u003E\t\t\u003Ctr\u003E\t\t\t\u003Ctd valign=\u0022top\u0022\u003E\t\t\t\u003Cp align=\u0022center\u0022\u003ESup\u00e9rieure ou \u00e9gale \u00e0 2\u0026nbsp;761 \u20ac et inf\u00e9rieure \u00e0 2 855 \u20ac\u003C\/p\u003E\t\t\t\u003C\/td\u003E\t\t\t\u003Ctd valign=\u0022top\u0022\u003E\t\t\t\u003Cp align=\u0022center\u0022\u003E4,1 %\u003C\/p\u003E\t\t\t\u003C\/td\u003E\t\t\u003C\/tr\u003E\t\t\u003Ctr\u003E\t\t\t\u003Ctd valign=\u0022top\u0022\u003E\t\t\t\u003Cp align=\u0022center\u0022\u003ESup\u00e9rieure ou \u00e9gale \u00e0 2\u0026nbsp;855 \u20ac et inf\u00e9rieure \u00e0 3 142 \u20ac\u003C\/p\u003E\t\t\t\u003C\/td\u003E\t\t\t\u003Ctd valign=\u0022top\u0022\u003E\t\t\t\u003Cp align=\u0022center\u0022\u003E5,3 %\u003C\/p\u003E\t\t\t\u003C\/td\u003E\t\t\u003C\/tr\u003E\t\t\u003Ctr\u003E\t\t\t\u003Ctd valign=\u0022top\u0022\u003E\t\t\t\u003Cp align=\u0022center\u0022\u003ESup\u00e9rieure ou \u00e9gale \u00e0 3\u0026nbsp;142 \u20ac et inf\u00e9rieure \u00e0 3 885 \u20ac\u003C\/p\u003E\t\t\t\u003C\/td\u003E\t\t\t\u003Ctd valign=\u0022top\u0022\u003E\t\t\t\u003Cp align=\u0022center\u0022\u003E7,5 %\u003C\/p\u003E\t\t\t\u003C\/td\u003E\t\t\u003C\/tr\u003E\t\t\u003Ctr\u003E\t\t\t\u003Ctd valign=\u0022top\u0022\u003E\t\t\t\u003Cp align=\u0022center\u0022\u003ESup\u00e9rieure ou \u00e9gale \u00e0 3\u0026nbsp;885 \u20ac et inf\u00e9rieure \u00e0 4 971 \u20ac\u003C\/p\u003E\t\t\t\u003C\/td\u003E\t\t\t\u003Ctd valign=\u0022top\u0022\u003E\t\t\t\u003Cp align=\u0022center\u0022\u003E9,9 %\u003C\/p\u003E\t\t\t\u003C\/td\u003E\t\t\u003C\/tr\u003E\t\t\u003Ctr\u003E\t\t\t\u003Ctd valign=\u0022top\u0022\u003E\t\t\t\u003Cp align=\u0022center\u0022\u003ESup\u00e9rieure ou \u00e9gale \u00e0 4\u0026nbsp;971 \u20ac et inf\u00e9rieure \u00e0 5 646 \u20ac\u003C\/p\u003E\t\t\t\u003C\/td\u003E\t\t\t\u003Ctd valign=\u0022top\u0022\u003E\t\t\t\u003Cp align=\u0022center\u0022\u003E11,9 %\u003C\/p\u003E\t\t\t\u003C\/td\u003E\t\t\u003C\/tr\u003E\t\t\u003Ctr\u003E\t\t\t\u003Ctd valign=\u0022top\u0022\u003E\t\t\t\u003Cp align=\u0022center\u0022\u003ESup\u00e9rieure ou \u00e9gale \u00e0 5\u0026nbsp;646 \u20ac et inf\u00e9rieure \u00e0 6 540 \u20ac\u003C\/p\u003E\t\t\t\u003C\/td\u003E\t\t\t\u003Ctd valign=\u0022top\u0022\u003E\t\t\t\u003Cp align=\u0022center\u0022\u003E13,8 %\u003C\/p\u003E\t\t\t\u003C\/td\u003E\t\t\u003C\/tr\u003E\t\t\u003Ctr\u003E\t\t\t\u003Ctd valign=\u0022top\u0022\u003E\t\t\t\u003Cp align=\u0022center\u0022\u003ESup\u00e9rieure ou \u00e9gale \u00e0 6\u0026nbsp;540 \u20ac et inf\u00e9rieure \u00e0 7 836 \u20ac\u003C\/p\u003E\t\t\t\u003C\/td\u003E\t\t\t\u003Ctd valign=\u0022top\u0022\u003E\t\t\t\u003Cp align=\u0022center\u0022\u003E15,8 %\u003C\/p\u003E\t\t\t\u003C\/td\u003E\t\t\u003C\/tr\u003E\t\t\u003Ctr\u003E\t\t\t\u003Ctd valign=\u0022top\u0022\u003E\t\t\t\u003Cp align=\u0022center\u0022\u003ESup\u00e9rieure ou \u00e9gale \u00e0 7\u0026nbsp;836 \u20ac et inf\u00e9rieure \u00e0 8 711 \u20ac\u003C\/p\u003E\t\t\t\u003C\/td\u003E\t\t\t\u003Ctd valign=\u0022top\u0022\u003E\t\t\t\u003Cp align=\u0022center\u0022\u003E17,9 %\u003C\/p\u003E\t\t\t\u003C\/td\u003E\t\t\u003C\/tr\u003E\t\t\u003Ctr\u003E\t\t\t\u003Ctd valign=\u0022top\u0022\u003E\t\t\t\u003Cp align=\u0022center\u0022\u003ESup\u00e9rieure ou \u00e9gale \u00e0 8\u0026nbsp;711 \u20ac et inf\u00e9rieure \u00e0 9 900 \u20ac\u003C\/p\u003E\t\t\t\u003C\/td\u003E\t\t\t\u003Ctd valign=\u0022top\u0022\u003E\t\t\t\u003Cp align=\u0022center\u0022\u003E20 %\u003C\/p\u003E\t\t\t\u003C\/td\u003E\t\t\u003C\/tr\u003E\t\t\u003Ctr\u003E\t\t\t\u003Ctd valign=\u0022top\u0022\u003E\t\t\t\u003Cp align=\u0022center\u0022\u003ESup\u00e9rieure ou \u00e9gale \u00e0 9\u0026nbsp;900 \u20ac et inf\u00e9rieure \u00e0 13 615 \u20ac\u003C\/p\u003E\t\t\t\u003C\/td\u003E\t\t\t\u003Ctd valign=\u0022top\u0022\u003E\t\t\t\u003Cp align=\u0022center\u0022\u003E24 %\u003C\/p\u003E\t\t\t\u003C\/td\u003E\t\t\u003C\/tr\u003E\t\t\u003Ctr\u003E\t\t\t\u003Ctd valign=\u0022top\u0022\u003E\t\t\t\u003Cp align=\u0022center\u0022\u003ESup\u00e9rieure ou \u00e9gale \u00e0 13\u0026nbsp;615 \u20ac et inf\u00e9rieure \u00e0 18 090 \u20ac\u003C\/p\u003E\t\t\t\u003C\/td\u003E\t\t\t\u003Ctd valign=\u0022top\u0022\u003E\t\t\t\u003Cp align=\u0022center\u0022\u003E28 %\u003C\/p\u003E\t\t\t\u003C\/td\u003E\t\t\u003C\/tr\u003E\t\t\u003Ctr\u003E\t\t\t\u003Ctd valign=\u0022top\u0022\u003E\t\t\t\u003Cp align=\u0022center\u0022\u003ESup\u00e9rieure ou \u00e9gale \u00e0 18\u0026nbsp;090 \u20ac et inf\u00e9rieure \u00e0 27 610 \u20ac\u003C\/p\u003E\t\t\t\u003C\/td\u003E\t\t\t\u003Ctd valign=\u0022top\u0022\u003E\t\t\t\u003Cp align=\u0022center\u0022\u003E33 %\u003C\/p\u003E\t\t\t\u003C\/td\u003E\t\t\u003C\/tr\u003E\t\t\u003Ctr\u003E\t\t\t\u003Ctd valign=\u0022top\u0022\u003E\t\t\t\u003Cp align=\u0022center\u0022\u003ESup\u00e9rieure ou \u00e9gale \u00e0 27\u0026nbsp;610 \u20ac et inf\u00e9rieure \u00e0 60 350 \u20ac\u003C\/p\u003E\t\t\t\u003C\/td\u003E\t\t\t\u003Ctd valign=\u0022top\u0022\u003E\t\t\t\u003Cp align=\u0022center\u0022\u003E38 %\u003C\/p\u003E\t\t\t\u003C\/td\u003E\t\t\u003C\/tr\u003E\t\t\u003Ctr\u003E\t\t\t\u003Ctd valign=\u0022top\u0022\u003E\t\t\t\u003Cp align=\u0022center\u0022\u003E\u2265 \u00e0 60\u0026nbsp;350 \u20ac\u003C\/p\u003E\t\t\t\u003C\/td\u003E\t\t\t\u003Ctd valign=\u0022top\u0022\u003E\t\t\t\u003Cp align=\u0022center\u0022\u003E43 %\u003C\/p\u003E\t\t\t\u003C\/td\u003E\t\t\u003C\/tr\u003E\t\u003C\/tbody\u003E\u003C\/table\u003E\u003Cp\u003E\u0026nbsp;\u003C\/p\u003E\u003Cul\u003E\t\u003Cli\u003E\u003Cstrong\u003ETaux applicables en Guyane et \u00e0 Mayotte\u003C\/strong\u003E\u003C\/li\u003E\u003C\/ul\u003E\u003Ctable class=\u0022Table\u0022\u003E\t\u003Ctbody\u003E\t\t\u003Ctr\u003E\t\t\t\u003Ctd valign=\u0022top\u0022\u003E\t\t\t\u003Cp align=\u0022center\u0022\u003EBase mensuelle de pr\u00e9l\u00e8vement\u003C\/p\u003E\t\t\t\u003C\/td\u003E\t\t\t\u003Ctd valign=\u0022top\u0022\u003E\t\t\t\u003Cp align=\u0022center\u0022\u003ETaux de pr\u00e9l\u00e8vement\u003C\/p\u003E\t\t\t\u003C\/td\u003E\t\t\u003C\/tr\u003E\t\t\u003Ctr\u003E\t\t\t\u003Ctd valign=\u0022top\u0022\u003E\t\t\t\u003Cp align=\u0022center\u0022\u003E\u0026lt; \u00e0 1\u0026nbsp;990 \u20ac\u003C\/p\u003E\t\t\t\u003C\/td\u003E\t\t\t\u003Ctd valign=\u0022top\u0022\u003E\t\t\t\u003Cp align=\u0022center\u0022\u003E0 %\u003C\/p\u003E\t\t\t\u003C\/td\u003E\t\t\u003C\/tr\u003E\t\t\u003Ctr\u003E\t\t\t\u003Ctd valign=\u0022top\u0022\u003E\t\t\t\u003Cp align=\u0022center\u0022\u003ESup\u00e9rieure ou \u00e9gale \u00e0 1\u0026nbsp;990 \u20ac et inf\u00e9rieure \u00e0 2 151 \u20ac\u003C\/p\u003E\t\t\t\u003C\/td\u003E\t\t\t\u003Ctd valign=\u0022top\u0022\u003E\t\t\t\u003Cp align=\u0022center\u0022\u003E0,5 %\u003C\/p\u003E\t\t\t\u003C\/td\u003E\t\t\u003C\/tr\u003E\t\t\u003Ctr\u003E\t\t\t\u003Ctd valign=\u0022top\u0022\u003E\t\t\t\u003Cp align=\u0022center\u0022\u003ESup\u00e9rieure ou \u00e9gale \u00e0 2\u0026nbsp;151 \u20ac et inf\u00e9rieure \u00e0 2 398 \u20ac\u003C\/p\u003E\t\t\t\u003C\/td\u003E\t\t\t\u003Ctd valign=\u0022top\u0022\u003E\t\t\t\u003Cp align=\u0022center\u0022\u003E1,3 %\u003C\/p\u003E\t\t\t\u003C\/td\u003E\t\t\u003C\/tr\u003E\t\t\u003Ctr\u003E\t\t\t\u003Ctd valign=\u0022top\u0022\u003E\t\t\t\u003Cp align=\u0022center\u0022\u003ESup\u00e9rieure ou \u00e9gale \u00e0 2\u0026nbsp;398 \u20ac et inf\u00e9rieure \u00e0 2 704 \u20ac\u003C\/p\u003E\t\t\t\u003C\/td\u003E\t\t\t\u003Ctd valign=\u0022top\u0022\u003E\t\t\t\u003Cp align=\u0022center\u0022\u003E2,1 %\u003C\/p\u003E\t\t\t\u003C\/td\u003E\t\t\u003C\/tr\u003E\t\t\u003Ctr\u003E\t\t\t\u003Ctd valign=\u0022top\u0022\u003E\t\t\t\u003Cp align=\u0022center\u0022\u003ESup\u00e9rieure ou \u00e9gale \u00e0 2\u0026nbsp;704 \u20ac et inf\u00e9rieure \u00e0 2 808 \u20ac\u003C\/p\u003E\t\t\t\u003C\/td\u003E\t\t\t\u003Ctd valign=\u0022top\u0022\u003E\t\t\t\u003Cp align=\u0022center\u0022\u003E2,9 %\u003C\/p\u003E\t\t\t\u003C\/td\u003E\t\t\u003C\/tr\u003E\t\t\u003Ctr\u003E\t\t\t\u003Ctd valign=\u0022top\u0022\u003E\t\t\t\u003Cp align=\u0022center\u0022\u003ESup\u00e9rieure ou \u00e9gale \u00e0 2\u0026nbsp;808 \u20ac et inf\u00e9rieure \u00e0 2 904 \u20ac\u003C\/p\u003E\t\t\t\u003C\/td\u003E\t\t\t\u003Ctd valign=\u0022top\u0022\u003E\t\t\t\u003Cp align=\u0022center\u0022\u003E3,5 %\u003C\/p\u003E\t\t\t\u003C\/td\u003E\t\t\u003C\/tr\u003E\t\t\u003Ctr\u003E\t\t\t\u003Ctd valign=\u0022top\u0022\u003E\t\t\t\u003Cp align=\u0022center\u0022\u003ESup\u00e9rieure ou \u00e9gale \u00e0 2\u0026nbsp;904 \u20ac et inf\u00e9rieure \u00e0 2 999 \u20ac\u003C\/p\u003E\t\t\t\u003C\/td\u003E\t\t\t\u003Ctd valign=\u0022top\u0022\u003E\t\t\t\u003Cp align=\u0022center\u0022\u003E4,1 %\u003C\/p\u003E\t\t\t\u003C\/td\u003E\t\t\u003C\/tr\u003E\t\t\u003Ctr\u003E\t\t\t\u003Ctd valign=\u0022top\u0022\u003E\t\t\t\u003Cp align=\u0022center\u0022\u003ESup\u00e9rieure ou \u00e9gale \u00e0 2\u0026nbsp;999 \u20ac et inf\u00e9rieure \u00e0 3 332 \u20ac\u003C\/p\u003E\t\t\t\u003C\/td\u003E\t\t\t\u003Ctd valign=\u0022top\u0022\u003E\t\t\t\u003Cp align=\u0022center\u0022\u003E5,3 %\u003C\/p\u003E\t\t\t\u003C\/td\u003E\t\t\u003C\/tr\u003E\t\t\u003Ctr\u003E\t\t\t\u003Ctd valign=\u0022top\u0022\u003E\t\t\t\u003Cp align=\u0022center\u0022\u003ESup\u00e9rieure ou \u00e9gale \u00e0 3\u0026nbsp;332 \u20ac et inf\u00e9rieure \u00e0 4 598 \u20ac\u003C\/p\u003E\t\t\t\u003C\/td\u003E\t\t\t\u003Ctd valign=\u0022top\u0022\u003E\t\t\t\u003Cp align=\u0022center\u0022\u003E7,5 %\u003C\/p\u003E\t\t\t\u003C\/td\u003E\t\t\u003C\/tr\u003E\t\t\u003Ctr\u003E\t\t\t\u003Ctd valign=\u0022top\u0022\u003E\t\t\t\u003Cp align=\u0022center\u0022\u003ESup\u00e9rieure ou \u00e9gale \u00e0 4\u0026nbsp;598 \u20ac et inf\u00e9rieure \u00e0 5 951 \u20ac\u003C\/p\u003E\t\t\t\u003C\/td\u003E\t\t\t\u003Ctd valign=\u0022top\u0022\u003E\t\t\t\u003Cp align=\u0022center\u0022\u003E9,9 %\u003C\/p\u003E\t\t\t\u003C\/td\u003E\t\t\u003C\/tr\u003E\t\t\u003Ctr\u003E\t\t\t\u003Ctd valign=\u0022top\u0022\u003E\t\t\t\u003Cp align=\u0022center\u0022\u003ESup\u00e9rieure ou \u00e9gale \u00e0 5\u0026nbsp;951 \u20ac et inf\u00e9rieure \u00e0 6 712 \u20ac\u003C\/p\u003E\t\t\t\u003C\/td\u003E\t\t\t\u003Ctd valign=\u0022top\u0022\u003E\t\t\t\u003Cp align=\u0022center\u0022\u003E11,9 %\u003C\/p\u003E\t\t\t\u003C\/td\u003E\t\t\u003C\/tr\u003E\t\t\u003Ctr\u003E\t\t\t\u003Ctd valign=\u0022top\u0022\u003E\t\t\t\u003Cp align=\u0022center\u0022\u003ESup\u00e9rieure ou \u00e9gale \u00e0 6\u0026nbsp;712 \u20ac et inf\u00e9rieure \u00e0 7 788 \u20ac\u003C\/p\u003E\t\t\t\u003C\/td\u003E\t\t\t\u003Ctd valign=\u0022top\u0022\u003E\t\t\t\u003Cp align=\u0022center\u0022\u003E13,8 %\u003C\/p\u003E\t\t\t\u003C\/td\u003E\t\t\u003C\/tr\u003E\t\t\u003Ctr\u003E\t\t\t\u003Ctd valign=\u0022top\u0022\u003E\t\t\t\u003Cp align=\u0022center\u0022\u003ESup\u00e9rieure ou \u00e9gale \u00e0 7\u0026nbsp;788 \u20ac et inf\u00e9rieure \u00e0 8 567 \u20ac\u003C\/p\u003E\t\t\t\u003C\/td\u003E\t\t\t\u003Ctd valign=\u0022top\u0022\u003E\t\t\t\u003Cp align=\u0022center\u0022\u003E15,8 %\u003C\/p\u003E\t\t\t\u003C\/td\u003E\t\t\u003C\/tr\u003E\t\t\u003Ctr\u003E\t\t\t\u003Ctd valign=\u0022top\u0022\u003E\t\t\t\u003Cp align=\u0022center\u0022\u003ESup\u00e9rieure ou \u00e9gale \u00e0 8\u0026nbsp;567 \u20ac et inf\u00e9rieure \u00e0 9 492 \u20ac\u003C\/p\u003E\t\t\t\u003C\/td\u003E\t\t\t\u003Ctd valign=\u0022top\u0022\u003E\t\t\t\u003Cp align=\u0022center\u0022\u003E17,9 %\u003C\/p\u003E\t\t\t\u003C\/td\u003E\t\t\u003C\/tr\u003E\t\t\u003Ctr\u003E\t\t\t\u003Ctd valign=\u0022top\u0022\u003E\t\t\t\u003Cp align=\u0022center\u0022\u003ESup\u00e9rieure ou \u00e9gale \u00e0 9\u0026nbsp;492 \u20ac et inf\u00e9rieure \u00e0 11 016 \u20ac\u003C\/p\u003E\t\t\t\u003C\/td\u003E\t\t\t\u003Ctd valign=\u0022top\u0022\u003E\t\t\t\u003Cp align=\u0022center\u0022\u003E20 %\u003C\/p\u003E\t\t\t\u003C\/td\u003E\t\t\u003C\/tr\u003E\t\t\u003Ctr\u003E\t\t\t\u003Ctd valign=\u0022top\u0022\u003E\t\t\t\u003Cp align=\u0022center\u0022\u003ESup\u00e9rieure ou \u00e9gale \u00e0 11\u0026nbsp;016 \u20ac et inf\u00e9rieure \u00e0 14 820 \u20ac\u003C\/p\u003E\t\t\t\u003C\/td\u003E\t\t\t\u003Ctd valign=\u0022top\u0022\u003E\t\t\t\u003Cp align=\u0022center\u0022\u003E24 %\u003C\/p\u003E\t\t\t\u003C\/td\u003E\t\t\u003C\/tr\u003E\t\t\u003Ctr\u003E\t\t\t\u003Ctd valign=\u0022top\u0022\u003E\t\t\t\u003Cp align=\u0022center\u0022\u003ESup\u00e9rieure ou \u00e9gale \u00e0 14\u0026nbsp;820 \u20ac et inf\u00e9rieure \u00e0 18 850 \u20ac\u003C\/p\u003E\t\t\t\u003C\/td\u003E\t\t\t\u003Ctd valign=\u0022top\u0022\u003E\t\t\t\u003Cp align=\u0022center\u0022\u003E28 %\u003C\/p\u003E\t\t\t\u003C\/td\u003E\t\t\u003C\/tr\u003E\t\t\u003Ctr\u003E\t\t\t\u003Ctd valign=\u0022top\u0022\u003E\t\t\t\u003Cp align=\u0022center\u0022\u003ESup\u00e9rieure ou \u00e9gale \u00e0 18\u0026nbsp;850 \u20ac et inf\u00e9rieure \u00e0 30 210 \u20ac\u003C\/p\u003E\t\t\t\u003C\/td\u003E\t\t\t\u003Ctd valign=\u0022top\u0022\u003E\t\t\t\u003Cp align=\u0022center\u0022\u003E33 %\u003C\/p\u003E\t\t\t\u003C\/td\u003E\t\t\u003C\/tr\u003E\t\t\u003Ctr\u003E\t\t\t\u003Ctd valign=\u0022top\u0022\u003E\t\t\t\u003Cp align=\u0022center\u0022\u003ESup\u00e9rieure ou \u00e9gale \u00e0 30\u0026nbsp;210 \u20ac et inf\u00e9rieure \u00e0 63 767 \u20ac\u003C\/p\u003E\t\t\t\u003C\/td\u003E\t\t\t\u003Ctd valign=\u0022top\u0022\u003E\t\t\t\u003Cp align=\u0022center\u0022\u003E38 %\u003C\/p\u003E\t\t\t\u003C\/td\u003E\t\t\u003C\/tr\u003E\t\t\u003Ctr\u003E\t\t\t\u003Ctd valign=\u0022top\u0022\u003E\t\t\t\u003Cp align=\u0022center\u0022\u003E\u2265 \u00e0 63\u0026nbsp;767 \u20ac\u003C\/p\u003E\t\t\t\u003C\/td\u003E\t\t\t\u003Ctd valign=\u0022top\u0022\u003E\t\t\t\u003Cp align=\u0022center\u0022\u003E43 %\u003C\/p\u003E\t\t\t\u003C\/td\u003E\t\t\u003C\/tr\u003E\t\u003C\/tbody\u003E\u003C\/table\u003E\u003Cp\u003E\u0026nbsp;\u003C\/p\u003E\u003Cp\u003E\u0026nbsp;\u003C\/p\u003E                                            \u003Cp\u003E\u003Cbr \/\u003E\u003Cstrong\u003ESource :\u003C\/strong\u003E\u003Cstrong\u003E\u00a0\u003C\/strong\u003E\u003C\/p\u003E\u003Cul\u003E\t\u003Cli\u003E\u003Ca href=\u0022https:\/\/www.legifrance.gouv.fr\/jorf\/id\/JORFTEXT000048727345\u0022 rel=\u0022noopener\u0022 target=\u0022_blank\u0022\u003ELoi de finances pour 2024 du 29 d\u00e9cembre 2023, no 2023-1322 (article 2)\u003C\/a\u003E\u003C\/li\u003E\t\u003Cli\u003E\u003Ca href=\u0022https:\/\/www.legifrance.gouv.fr\/jorf\/id\/JORFTEXT000051168007\u0022 rel=\u0022noopener\u0022 target=\u0022_blank\u0022\u003ELoi de finances pour 2025 du 14 f\u00e9vrier 2025, n\u00b0 2025-127 \u003C\/a\u003E(article 2)\u003C\/li\u003E\u003C\/ul\u003E\u003C\/div\u003E","annee":"2025","theme":" Indices, taux, bar\u00e8mes fiscaux","activites":["Tout secteur"],"image":"https:\/\/www.weblex.fr\/sites\/default\/files\/chiffres_clef\/Shutterstock_tauxprelevementalasource.jpg","created":"2025-04-29","modified":"2025-04-29"},{"url":"\/chiffres-cles\/dispositif-loc-avantages-plafonds-de-ressources-2025","id":26031,"title":"Dispositif Loc\u2019Avantages \u2013 plafonds de ressources \u2013 2025","content":"\u003Cdiv\u003E                                              \u003Ch2\u003EPour les logements donn\u00e9s en location interm\u00e9diaire :\u003C\/h2\u003E\u003Cp\u003EPour les baux conclus en 2025, les plafonds annuels de ressources des locataires sont les suivants (pour les logements situ\u00e9s en m\u00e9tropole) :\u003C\/p\u003E\u003Ctable class=\u0022MsoTableGrid\u0022\u003E\t\u003Ctbody\u003E\t\t\u003Ctr\u003E\t\t\t\u003Ctd valign=\u0022top\u0022\u003E\t\t\t\u003Cp align=\u0022center\u0022\u003EZones\u003C\/p\u003E\t\t\t\u003C\/td\u003E\t\t\t\u003Ctd valign=\u0022top\u0022\u003E\t\t\t\u003Cp align=\u0022center\u0022\u003EA bis\u003C\/p\u003E\t\t\t\u003C\/td\u003E\t\t\t\u003Ctd valign=\u0022top\u0022\u003E\t\t\t\u003Cp align=\u0022center\u0022\u003EA\u003C\/p\u003E\t\t\t\u003C\/td\u003E\t\t\t\u003Ctd valign=\u0022top\u0022\u003E\t\t\t\u003Cp align=\u0022center\u0022\u003EB1\u003C\/p\u003E\t\t\t\u003C\/td\u003E\t\t\t\u003Ctd valign=\u0022top\u0022\u003E\t\t\t\u003Cp align=\u0022center\u0022\u003EB2 et C\u003C\/p\u003E\t\t\t\u003C\/td\u003E\t\t\u003C\/tr\u003E\t\t\u003Ctr\u003E\t\t\t\u003Ctd valign=\u0022top\u0022\u003E\t\t\t\u003Cp\u003EPersonne seule\u003C\/p\u003E\t\t\t\u003C\/td\u003E\t\t\t\u003Ctd valign=\u0022top\u0022\u003E\t\t\t\u003Cp\u003E43 953 \u20ac\u003C\/p\u003E\t\t\t\u003C\/td\u003E\t\t\t\u003Ctd valign=\u0022top\u0022\u003E\t\t\t\u003Cp\u003E43953 \u20ac\u003C\/p\u003E\t\t\t\u003C\/td\u003E\t\t\t\u003Ctd valign=\u0022top\u0022\u003E\t\t\t\u003Cp\u003E35 825 \u20ac\u003C\/p\u003E\t\t\t\u003C\/td\u003E\t\t\t\u003Ctd valign=\u0022top\u0022\u003E\t\t\t\u003Cp\u003E32 243 \u20ac\u003C\/p\u003E\t\t\t\u003C\/td\u003E\t\t\u003C\/tr\u003E\t\t\u003Ctr\u003E\t\t\t\u003Ctd valign=\u0022top\u0022\u003E\t\t\t\u003Cp\u003ECouple\u003C\/p\u003E\t\t\t\u003C\/td\u003E\t\t\t\u003Ctd valign=\u0022top\u0022\u003E\t\t\t\u003Cp\u003E65 691 \u20ac\u003C\/p\u003E\t\t\t\u003C\/td\u003E\t\t\t\u003Ctd valign=\u0022top\u0022\u003E\t\t\t\u003Cp\u003E65 691 \u20ac\u003C\/p\u003E\t\t\t\u003C\/td\u003E\t\t\t\u003Ctd valign=\u0022top\u0022\u003E\t\t\t\u003Cp\u003E47 842 \u20ac\u003C\/p\u003E\t\t\t\u003C\/td\u003E\t\t\t\u003Ctd valign=\u0022top\u0022\u003E\t\t\t\u003Cp\u003E43 056 \u20ac\u003C\/p\u003E\t\t\t\u003C\/td\u003E\t\t\u003C\/tr\u003E\t\t\u003Ctr\u003E\t\t\t\u003Ctd valign=\u0022top\u0022\u003E\t\t\t\u003Cp\u003EPersonne seule ou couple ayant une personne \u00e0 charge\u003C\/p\u003E\t\t\t\u003C\/td\u003E\t\t\t\u003Ctd valign=\u0022top\u0022\u003E\t\t\t\u003Cp\u003E86 112 \u20ac\u003C\/p\u003E\t\t\t\u003C\/td\u003E\t\t\t\u003Ctd valign=\u0022top\u0022\u003E\t\t\t\u003Cp\u003E78 963 \u20ac\u003C\/p\u003E\t\t\t\u003C\/td\u003E\t\t\t\u003Ctd valign=\u0022top\u0022\u003E\t\t\t\u003Cp\u003E57 531 \u20ac\u003C\/p\u003E\t\t\t\u003C\/td\u003E\t\t\t\u003Ctd valign=\u0022top\u0022\u003E\t\t\t\u003Cp\u003E51 778 \u20ac\u003C\/p\u003E\t\t\t\u003C\/td\u003E\t\t\u003C\/tr\u003E\t\t\u003Ctr\u003E\t\t\t\u003Ctd valign=\u0022top\u0022\u003E\t\t\t\u003Cp\u003EPersonne seule ou couple ayant deux personnes \u00e0 charge\u003C\/p\u003E\t\t\t\u003C\/td\u003E\t\t\t\u003Ctd valign=\u0022top\u0022\u003E\t\t\t\u003Cp\u003E102 812 \u20ac\u003C\/p\u003E\t\t\t\u003C\/td\u003E\t\t\t\u003Ctd valign=\u0022top\u0022\u003E\t\t\t\u003Cp\u003E94 585 \u20ac\u003C\/p\u003E\t\t\t\u003C\/td\u003E\t\t\t\u003Ctd valign=\u0022top\u0022\u003E\t\t\t\u003Cp\u003E69 455 \u20ac\u003C\/p\u003E\t\t\t\u003C\/td\u003E\t\t\t\u003Ctd valign=\u0022top\u0022\u003E\t\t\t\u003Cp\u003E62 510 \u20ac\u003C\/p\u003E\t\t\t\u003C\/td\u003E\t\t\u003C\/tr\u003E\t\t\u003Ctr\u003E\t\t\t\u003Ctd valign=\u0022top\u0022\u003E\t\t\t\u003Cp\u003EPersonne seule ou couple ayant trois personnes \u00e0 charge\u003C\/p\u003E\t\t\t\u003C\/td\u003E\t\t\t\u003Ctd valign=\u0022top\u0022\u003E\t\t\t\u003Cp\u003E122 326 \u20ac\u003C\/p\u003E\t\t\t\u003C\/td\u003E\t\t\t\u003Ctd valign=\u0022top\u0022\u003E\t\t\t\u003Cp\u003E111 971 \u20ac\u003C\/p\u003E\t\t\t\u003C\/td\u003E\t\t\t\u003Ctd valign=\u0022top\u0022\u003E\t\t\t\u003Cp\u003E81 705 \u20ac\u003C\/p\u003E\t\t\t\u003C\/td\u003E\t\t\t\u003Ctd valign=\u0022top\u0022\u003E\t\t\t\u003Cp\u003E73 535 \u20ac\u003C\/p\u003E\t\t\t\u003C\/td\u003E\t\t\u003C\/tr\u003E\t\t\u003Ctr\u003E\t\t\t\u003Ctd valign=\u0022top\u0022\u003E\t\t\t\u003Cp\u003EPersonne seule ou couple ayant quatre personnes \u00e0 charge\u003C\/p\u003E\t\t\t\u003C\/td\u003E\t\t\t\u003Ctd valign=\u0022top\u0022\u003E\t\t\t\u003Cp\u003E137 649 \u20ac\u003C\/p\u003E\t\t\t\u003C\/td\u003E\t\t\t\u003Ctd valign=\u0022top\u0022\u003E\t\t\t\u003Cp\u003E126 001 \u20ac\u003C\/p\u003E\t\t\t\u003C\/td\u003E\t\t\t\u003Ctd valign=\u0022top\u0022\u003E\t\t\t\u003Cp\u003E92 080 \u20ac\u003C\/p\u003E\t\t\t\u003C\/td\u003E\t\t\t\u003Ctd valign=\u0022top\u0022\u003E\t\t\t\u003Cp\u003E82 873 \u20ac\u003C\/p\u003E\t\t\t\u003C\/td\u003E\t\t\u003C\/tr\u003E\t\t\u003Ctr\u003E\t\t\t\u003Ctd valign=\u0022top\u0022\u003E\t\t\t\u003Cp\u003EMajoration par personne \u00e0 charge \u00e0 partir de la cinqui\u00e8me\u003C\/p\u003E\t\t\t\u003C\/td\u003E\t\t\t\u003Ctd valign=\u0022top\u0022\u003E\t\t\t\u003Cp\u003E15 335 \u20ac\u003C\/p\u003E\t\t\t\u003C\/td\u003E\t\t\t\u003Ctd valign=\u0022top\u0022\u003E\t\t\t\u003Cp\u003E14 039 \u20ac\u003C\/p\u003E\t\t\t\u003C\/td\u003E\t\t\t\u003Ctd valign=\u0022top\u0022\u003E\t\t\t\u003Cp\u003E10 273 \u20ac\u003C\/p\u003E\t\t\t\u003C\/td\u003E\t\t\t\u003Ctd valign=\u0022top\u0022\u003E\t\t\t\u003Cp\u003E9 243 \u20ac\u003C\/p\u003E\t\t\t\u003C\/td\u003E\t\t\u003C\/tr\u003E\t\u003C\/tbody\u003E\u003C\/table\u003E\u003Cp\u003EPour les logements situ\u00e9s dans les d\u00e9partements d\u2019outre-mer :\u003C\/p\u003E\u003Ctable class=\u0022MsoTableGrid\u0022\u003E\t\u003Ctbody\u003E\t\t\u003Ctr\u003E\t\t\t\u003Ctd valign=\u0022top\u0022\u003E\t\t\t\u003Cp align=\u0022center\u0022\u003ELieu de situation de l\u0027immeuble\u003C\/p\u003E\t\t\t\u003C\/td\u003E\t\t\t\u003Ctd valign=\u0022top\u0022\u003E\t\t\t\u003Cp align=\u0022center\u0022\u003ED\u00e9partements d\u0027outre-mer\u003C\/p\u003E\t\t\t\u003Cp align=\u0022center\u0022\u003ESaint-Martin\u003C\/p\u003E\t\t\t\u003Cp align=\u0022center\u0022\u003ESaint-Pierre-et-Miquelon\u003C\/p\u003E\t\t\t\u003C\/td\u003E\t\t\t\u003Ctd valign=\u0022top\u0022\u003E\t\t\t\u003Cp align=\u0022center\u0022\u003EPolyn\u00e9sie Fran\u00e7aise\u003C\/p\u003E\t\t\t\u003Cp align=\u0022center\u0022\u003ENouvelle-Cal\u00e9donie\u003C\/p\u003E\t\t\t\u003Cp align=\u0022center\u0022\u003E\u00celes Wallis et Futuna\u003C\/p\u003E\t\t\t\u003C\/td\u003E\t\t\u003C\/tr\u003E\t\t\u003Ctr\u003E\t\t\t\u003Ctd valign=\u0022top\u0022\u003E\t\t\t\u003Cp\u003EPersonne seule\u003C\/p\u003E\t\t\t\u003C\/td\u003E\t\t\t\u003Ctd valign=\u0022top\u0022\u003E\t\t\t\u003Cp\u003E32 602 \u20ac\u003C\/p\u003E\t\t\t\u003C\/td\u003E\t\t\t\u003Ctd valign=\u0022top\u0022\u003E\t\t\t\u003Cp\u003E34 607 \u20ac\u003C\/p\u003E\t\t\t\u003C\/td\u003E\t\t\u003C\/tr\u003E\t\t\u003Ctr\u003E\t\t\t\u003Ctd valign=\u0022top\u0022\u003E\t\t\t\u003Cp\u003ECouple\u003C\/p\u003E\t\t\t\u003C\/td\u003E\t\t\t\u003Ctd valign=\u0022top\u0022\u003E\t\t\t\u003Cp\u003E43 539 \u20ac\u003C\/p\u003E\t\t\t\u003C\/td\u003E\t\t\t\u003Ctd valign=\u0022top\u0022\u003E\t\t\t\u003Cp\u003E46 213 \u20ac\u003C\/p\u003E\t\t\t\u003C\/td\u003E\t\t\u003C\/tr\u003E\t\t\u003Ctr\u003E\t\t\t\u003Ctd valign=\u0022top\u0022\u003E\t\t\t\u003Cp\u003EPersonne seule ou couple ayant une personne \u00e0 charge\u003C\/p\u003E\t\t\t\u003C\/td\u003E\t\t\t\u003Ctd valign=\u0022top\u0022\u003E\t\t\t\u003Cp\u003E52 358 \u20ac\u003C\/p\u003E\t\t\t\u003C\/td\u003E\t\t\t\u003Ctd valign=\u0022top\u0022\u003E\t\t\t\u003Cp\u003E55 573 \u20ac\u003C\/p\u003E\t\t\t\u003C\/td\u003E\t\t\u003C\/tr\u003E\t\t\u003Ctr\u003E\t\t\t\u003Ctd valign=\u0022top\u0022\u003E\t\t\t\u003Cp\u003EPersonne seule ou couple ayant deux personnes \u00e0 charge\u003C\/p\u003E\t\t\t\u003C\/td\u003E\t\t\t\u003Ctd valign=\u0022top\u0022\u003E\t\t\t\u003Cp\u003E63 207 \u20ac\u003C\/p\u003E\t\t\t\u003C\/td\u003E\t\t\t\u003Ctd valign=\u0022top\u0022\u003E\t\t\t\u003Cp\u003E67 090 \u20ac\u003C\/p\u003E\t\t\t\u003C\/td\u003E\t\t\u003C\/tr\u003E\t\t\u003Ctr\u003E\t\t\t\u003Ctd valign=\u0022top\u0022\u003E\t\t\t\u003Cp\u003EPersonne seule ou couple ayant trois personnes \u00e0 charge\u003C\/p\u003E\t\t\t\u003C\/td\u003E\t\t\t\u003Ctd valign=\u0022top\u0022\u003E\t\t\t\u003Cp\u003E74 354 \u20ac\u003C\/p\u003E\t\t\t\u003C\/td\u003E\t\t\t\u003Ctd valign=\u0022top\u0022\u003E\t\t\t\u003Cp\u003E78 921 \u20ac\u003C\/p\u003E\t\t\t\u003C\/td\u003E\t\t\u003C\/tr\u003E\t\t\u003Ctr\u003E\t\t\t\u003Ctd valign=\u0022top\u0022\u003E\t\t\t\u003Cp\u003EPersonne seule ou couple ayant quatre personnes \u00e0 charge\u003C\/p\u003E\t\t\t\u003C\/td\u003E\t\t\t\u003Ctd valign=\u0022top\u0022\u003E\t\t\t\u003Cp\u003E83 795 \u20ac\u003C\/p\u003E\t\t\t\u003C\/td\u003E\t\t\t\u003Ctd valign=\u0022top\u0022\u003E\t\t\t\u003Cp\u003E88 943 \u20ac\u003C\/p\u003E\t\t\t\u003C\/td\u003E\t\t\u003C\/tr\u003E\t\t\u003Ctr\u003E\t\t\t\u003Ctd valign=\u0022top\u0022\u003E\t\t\t\u003Cp\u003EMajoration par personne \u00e0 charge \u00e0 partir de la cinqui\u00e8me\u003C\/p\u003E\t\t\t\u003C\/td\u003E\t\t\t\u003Ctd valign=\u0022top\u0022\u003E\t\t\t\u003Cp\u003E9 354 \u20ac \u003C\/p\u003E\t\t\t\u003C\/td\u003E\t\t\t\u003Ctd valign=\u0022top\u0022\u003E\t\t\t\u003Cp\u003E9 928 \u20ac\u003C\/p\u003E\t\t\t\u003C\/td\u003E\t\t\u003C\/tr\u003E\t\u003C\/tbody\u003E\u003C\/table\u003E\u003Ch2\u003E\u0026nbsp;\u003C\/h2\u003E\u003Ch2\u003EPour les logements affect\u00e9s \u00e0 la location sociale :\u003C\/h2\u003E\u003Ctable class=\u0022MsoTableGrid\u0022 width=\u0022604\u0022\u003E\t\u003Ctbody\u003E\t\t\u003Ctr\u003E\t\t\t\u003Ctd valign=\u0022top\u0022\u003E\t\t\t\u003Cp\u003EZones\u003C\/p\u003E\t\t\t\u003C\/td\u003E\t\t\t\u003Ctd valign=\u0022top\u0022\u003E\t\t\t\u003Cp\u003EA bis\u003C\/p\u003E\t\t\t\u003C\/td\u003E\t\t\t\u003Ctd valign=\u0022top\u0022\u003E\t\t\t\u003Cp\u003EA M\u00e9tropole\u003C\/p\u003E\t\t\t\u003C\/td\u003E\t\t\t\u003Ctd valign=\u0022top\u0022\u003E\t\t\t\u003Cp\u003EA Outre-Mer\u003C\/p\u003E\t\t\t\u003C\/td\u003E\t\t\t\u003Ctd valign=\u0022top\u0022\u003E\t\t\t\u003Cp\u003EB1 M\u00e9tropole\u003C\/p\u003E\t\t\t\u003C\/td\u003E\t\t\t\u003Ctd valign=\u0022top\u0022\u003E\t\t\t\u003Cp\u003EB1 Outre-Mer\u003C\/p\u003E\t\t\t\u003C\/td\u003E\t\t\t\u003Ctd valign=\u0022top\u0022\u003E\t\t\t\u003Cp\u003EB2 et C\u003C\/p\u003E\t\t\t\u003C\/td\u003E\t\t\u003C\/tr\u003E\t\t\u003Ctr\u003E\t\t\t\u003Ctd valign=\u0022top\u0022\u003E\t\t\t\u003Cp\u003EPersonne seule\u003C\/p\u003E\t\t\t\u003C\/td\u003E\t\t\t\u003Ctd\u003E\t\t\t\u003Cp align=\u0022center\u0022\u003E32 177 \u20ac\u003C\/p\u003E\t\t\t\u003C\/td\u003E\t\t\t\u003Ctd\u003E\t\t\t\u003Cp align=\u0022center\u0022\u003E32 177 \u20ac\u003C\/p\u003E\t\t\t\u003C\/td\u003E\t\t\t\u003Ctd\u003E\t\t\t\u003Cp align=\u0022center\u0022\u003E32 309 \u20ac\u003C\/p\u003E\t\t\t\u003C\/td\u003E\t\t\t\u003Ctd\u003E\t\t\t\u003Cp align=\u0022center\u0022\u003E26 227 \u20ac\u003C\/p\u003E\t\t\t\u003C\/td\u003E\t\t\t\u003Ctd\u003E\t\t\t\u003Cp align=\u0022center\u0022\u003E26 333 \u20ac\u003C\/p\u003E\t\t\t\u003C\/td\u003E\t\t\t\u003Ctd\u003E\t\t\t\u003Cp align=\u0022center\u0022\u003E23 604 \u20ac\u003C\/p\u003E\t\t\t\u003C\/td\u003E\t\t\u003C\/tr\u003E\t\t\u003Ctr\u003E\t\t\t\u003Ctd valign=\u0022top\u0022\u003E\t\t\t\u003Cp\u003ECouple\u003C\/p\u003E\t\t\t\u003C\/td\u003E\t\t\t\u003Ctd\u003E\t\t\t\u003Cp align=\u0022center\u0022\u003E48 093 \u20ac\u003C\/p\u003E\t\t\t\u003C\/td\u003E\t\t\t\u003Ctd\u003E\t\t\t\u003Cp align=\u0022center\u0022\u003E48 093 \u20ac\u003C\/p\u003E\t\t\t\u003C\/td\u003E\t\t\t\u003Ctd\u003E\t\t\t\u003Cp align=\u0022center\u0022\u003E48 290 \u20ac\u003C\/p\u003E\t\t\t\u003C\/td\u003E\t\t\t\u003Ctd\u003E\t\t\t\u003Cp align=\u0022center\u0022\u003E35 026 \u20ac\u003C\/p\u003E\t\t\t\u003C\/td\u003E\t\t\t\u003Ctd\u003E\t\t\t\u003Cp align=\u0022center\u0022\u003E35 168 \u20ac\u003C\/p\u003E\t\t\t\u003C\/td\u003E\t\t\t\u003Ctd\u003E\t\t\t\u003Cp align=\u0022center\u0022\u003E31 523 \u20ac\u003C\/p\u003E\t\t\t\u003C\/td\u003E\t\t\u003C\/tr\u003E\t\t\u003Ctr\u003E\t\t\t\u003Ctd valign=\u0022top\u0022\u003E\t\t\t\u003Cp\u003EPersonne seule ou couple ayant une personne \u00e0 charge\u003C\/p\u003E\t\t\t\u003C\/td\u003E\t\t\t\u003Ctd\u003E\t\t\t\u003Cp align=\u0022center\u0022\u003E63 043 \u20ac\u003C\/p\u003E\t\t\t\u003C\/td\u003E\t\t\t\u003Ctd\u003E\t\t\t\u003Cp align=\u0022center\u0022\u003E57 809 \u20ac\u003C\/p\u003E\t\t\t\u003C\/td\u003E\t\t\t\u003Ctd\u003E\t\t\t\u003Cp align=\u0022center\u0022\u003E58 045 \u20ac\u003C\/p\u003E\t\t\t\u003C\/td\u003E\t\t\t\u003Ctd\u003E\t\t\t\u003Cp align=\u0022center\u0022\u003E42 119 \u20ac\u003C\/p\u003E\t\t\t\u003C\/td\u003E\t\t\t\u003Ctd\u003E\t\t\t\u003Cp align=\u0022center\u0022\u003E42 291 \u20ac\u003C\/p\u003E\t\t\t\u003C\/td\u003E\t\t\t\u003Ctd\u003E\t\t\t\u003Cp align=\u0022center\u0022\u003E37 907 \u20ac\u003C\/p\u003E\t\t\t\u003C\/td\u003E\t\t\u003C\/tr\u003E\t\t\u003Ctr\u003E\t\t\t\u003Ctd valign=\u0022top\u0022\u003E\t\t\t\u003Cp\u003EPersonne seule ou couple ayant deux personnes \u00e0 charge\u003C\/p\u003E\t\t\t\u003C\/td\u003E\t\t\t\u003Ctd\u003E\t\t\t\u003Cp align=\u0022center\u0022\u003E75 270 \u20ac\u003C\/p\u003E\t\t\t\u003C\/td\u003E\t\t\t\u003Ctd\u003E\t\t\t\u003Cp align=\u0022center\u0022\u003E69 247 \u20ac\u003C\/p\u003E\t\t\t\u003C\/td\u003E\t\t\t\u003Ctd\u003E\t\t\t\u003Cp align=\u0022center\u0022\u003E69 528 \u20ac\u003C\/p\u003E\t\t\t\u003C\/td\u003E\t\t\t\u003Ctd\u003E\t\t\t\u003Cp align=\u0022center\u0022\u003E50 849 \u20ac\u003C\/p\u003E\t\t\t\u003C\/td\u003E\t\t\t\u003Ctd\u003E\t\t\t\u003Cp align=\u0022center\u0022\u003E51 056 \u20ac\u003C\/p\u003E\t\t\t\u003C\/td\u003E\t\t\t\u003Ctd\u003E\t\t\t\u003Cp align=\u0022center\u0022\u003E45 764 \u20ac\u003C\/p\u003E\t\t\t\u003C\/td\u003E\t\t\u003C\/tr\u003E\t\t\u003Ctr\u003E\t\t\t\u003Ctd valign=\u0022top\u0022\u003E\t\t\t\u003Cp\u003EPersonne seule ou couple ayant trois personnes \u00e0 charge\u003C\/p\u003E\t\t\t\u003C\/td\u003E\t\t\t\u003Ctd\u003E\t\t\t\u003Cp align=\u0022center\u0022\u003E89 555 \u20ac\u003C\/p\u003E\t\t\t\u003C\/td\u003E\t\t\t\u003Ctd\u003E\t\t\t\u003Cp align=\u0022center\u0022\u003E81 975 \u20ac\u003C\/p\u003E\t\t\t\u003C\/td\u003E\t\t\t\u003Ctd\u003E\t\t\t\u003Cp align=\u0022center\u0022\u003E82 308 \u20ac\u003C\/p\u003E\t\t\t\u003C\/td\u003E\t\t\t\u003Ctd\u003E\t\t\t\u003Cp align=\u0022center\u0022\u003E59 817 \u20ac\u003C\/p\u003E\t\t\t\u003C\/td\u003E\t\t\t\u003Ctd\u003E\t\t\t\u003Cp align=\u0022center\u0022\u003E60 061 \u20ac\u003C\/p\u003E\t\t\t\u003C\/td\u003E\t\t\t\u003Ctd\u003E\t\t\t\u003Cp align=\u0022center\u0022\u003E53 836 \u20ac\u003C\/p\u003E\t\t\t\u003C\/td\u003E\t\t\u003C\/tr\u003E\t\t\u003Ctr\u003E\t\t\t\u003Ctd valign=\u0022top\u0022\u003E\t\t\t\u003Cp\u003EPersonne seule ou couple ayant quatre personnes \u00e0 charge\u003C\/p\u003E\t\t\t\u003C\/td\u003E\t\t\t\u003Ctd\u003E\t\t\t\u003Cp align=\u0022center\u0022\u003E100 777 \u20ac\u003C\/p\u003E\t\t\t\u003C\/td\u003E\t\t\t\u003Ctd\u003E\t\t\t\u003Cp align=\u0022center\u0022\u003E92 251 \u20ac\u003C\/p\u003E\t\t\t\u003C\/td\u003E\t\t\t\u003Ctd\u003E\t\t\t\u003Cp align=\u0022center\u0022\u003E92 624 \u20ac\u003C\/p\u003E\t\t\t\u003C\/td\u003E\t\t\t\u003Ctd\u003E\t\t\t\u003Cp align=\u0022center\u0022\u003E67 416 \u20ac\u003C\/p\u003E\t\t\t\u003C\/td\u003E\t\t\t\u003Ctd\u003E\t\t\t\u003Cp align=\u0022center\u0022\u003E67 690 \u20ac\u003C\/p\u003E\t\t\t\u003C\/td\u003E\t\t\t\u003Ctd\u003E\t\t\t\u003Cp align=\u0022center\u0022\u003E60 674 \u20ac\u003C\/p\u003E\t\t\t\u003C\/td\u003E\t\t\u003C\/tr\u003E\t\t\u003Ctr\u003E\t\t\t\u003Ctd valign=\u0022top\u0022\u003E\t\t\t\u003Cp\u003EMajoration par personne \u00e0 charge \u00e0 partir de la cinqui\u00e8me\u003C\/p\u003E\t\t\t\u003C\/td\u003E\t\t\t\u003Ctd valign=\u0022top\u0022\u003E\t\t\t\u003Cp align=\u0022center\u0022\u003E11 230 \u20ac\u003C\/p\u003E\t\t\t\u003C\/td\u003E\t\t\t\u003Ctd valign=\u0022top\u0022\u003E\t\t\t\u003Cp align=\u0022center\u0022\u003E10 280 \u20ac\u003C\/p\u003E\t\t\t\u003C\/td\u003E\t\t\t\u003Ctd valign=\u0022top\u0022\u003E\t\t\t\u003Cp align=\u0022center\u0022\u003E10 322 \u20ac\u003C\/p\u003E\t\t\t\u003C\/td\u003E\t\t\t\u003Ctd valign=\u0022top\u0022\u003E\t\t\t\u003Cp align=\u0022center\u0022\u003E7 521 \u20ac\u003C\/p\u003E\t\t\t\u003C\/td\u003E\t\t\t\u003Ctd valign=\u0022top\u0022\u003E\t\t\t\u003Cp align=\u0022center\u0022\u003E7 553 \u20ac\u003C\/p\u003E\t\t\t\u003C\/td\u003E\t\t\t\u003Ctd valign=\u0022top\u0022\u003E\t\t\t\u003Cp align=\u0022center\u0022\u003E6 768 \u20ac\u003C\/p\u003E\t\t\t\u003C\/td\u003E\t\t\u003C\/tr\u003E\t\u003C\/tbody\u003E\u003C\/table\u003E\u003Ch2\u003E\u0026nbsp;\u003C\/h2\u003E\u003Ch2\u003EPour les logements affect\u00e9s \u00e0 la location tr\u00e8s sociale :\u003C\/h2\u003E\u003Ctable class=\u0022MsoTableGrid\u0022 width=\u0022604\u0022\u003E\t\u003Ctbody\u003E\t\t\u003Ctr\u003E\t\t\t\u003Ctd valign=\u0022top\u0022\u003E\t\t\t\u003Cp\u003EZones\u003C\/p\u003E\t\t\t\u003C\/td\u003E\t\t\t\u003Ctd valign=\u0022top\u0022\u003E\t\t\t\u003Cp\u003EA bis\u003C\/p\u003E\t\t\t\u003C\/td\u003E\t\t\t\u003Ctd valign=\u0022top\u0022\u003E\t\t\t\u003Cp\u003EA M\u00e9tropole\u003C\/p\u003E\t\t\t\u003C\/td\u003E\t\t\t\u003Ctd valign=\u0022top\u0022\u003E\t\t\t\u003Cp\u003EA Outre-Mer\u003C\/p\u003E\t\t\t\u003C\/td\u003E\t\t\t\u003Ctd valign=\u0022top\u0022\u003E\t\t\t\u003Cp\u003EB1 M\u00e9tropole\u003C\/p\u003E\t\t\t\u003C\/td\u003E\t\t\t\u003Ctd valign=\u0022top\u0022\u003E\t\t\t\u003Cp\u003EB1 Outre-Mer\u003C\/p\u003E\t\t\t\u003C\/td\u003E\t\t\t\u003Ctd valign=\u0022top\u0022\u003E\t\t\t\u003Cp\u003EB2 et C\u003C\/p\u003E\t\t\t\u003C\/td\u003E\t\t\u003C\/tr\u003E\t\t\u003Ctr\u003E\t\t\t\u003Ctd valign=\u0022top\u0022\u003E\t\t\t\u003Cp\u003EPersonne seule\u003C\/p\u003E\t\t\t\u003C\/td\u003E\t\t\t\u003Ctd valign=\u0022top\u0022\u003E\t\t\t\u003Cp align=\u0022center\u0022\u003E17 697 \u20ac\u003C\/p\u003E\t\t\t\u003C\/td\u003E\t\t\t\u003Ctd valign=\u0022top\u0022\u003E\t\t\t\u003Cp align=\u0022center\u0022\u003E17 697 \u20ac\u003C\/p\u003E\t\t\t\u003C\/td\u003E\t\t\t\u003Ctd valign=\u0022top\u0022\u003E\t\t\t\u003Cp align=\u0022center\u0022\u003E17 770 \u20ac\u003C\/p\u003E\t\t\t\u003C\/td\u003E\t\t\t\u003Ctd valign=\u0022top\u0022\u003E\t\t\t\u003Cp align=\u0022center\u0022\u003E14 425 \u20ac\u003C\/p\u003E\t\t\t\u003C\/td\u003E\t\t\t\u003Ctd valign=\u0022top\u0022\u003E\t\t\t\u003Cp align=\u0022center\u0022\u003E14 484 \u20ac\u003C\/p\u003E\t\t\t\u003C\/td\u003E\t\t\t\u003Ctd valign=\u0022top\u0022\u003E\t\t\t\u003Cp align=\u0022center\u0022\u003E12 981 \u20ac\u003C\/p\u003E\t\t\t\u003C\/td\u003E\t\t\u003C\/tr\u003E\t\t\u003Ctr\u003E\t\t\t\u003Ctd valign=\u0022top\u0022\u003E\t\t\t\u003Cp\u003ECouple\u003C\/p\u003E\t\t\t\u003C\/td\u003E\t\t\t\u003Ctd valign=\u0022top\u0022\u003E\t\t\t\u003Cp align=\u0022center\u0022\u003E28 857 \u20ac\u003C\/p\u003E\t\t\t\u003C\/td\u003E\t\t\t\u003Ctd valign=\u0022top\u0022\u003E\t\t\t\u003Cp align=\u0022center\u0022\u003E28 857 \u20ac\u003C\/p\u003E\t\t\t\u003C\/td\u003E\t\t\t\u003Ctd valign=\u0022top\u0022\u003E\t\t\t\u003Cp align=\u0022center\u0022\u003E28 975 \u20ac\u003C\/p\u003E\t\t\t\u003C\/td\u003E\t\t\t\u003Ctd valign=\u0022top\u0022\u003E\t\t\t\u003Cp align=\u0022center\u0022\u003E21 017 \u20ac\u003C\/p\u003E\t\t\t\u003C\/td\u003E\t\t\t\u003Ctd valign=\u0022top\u0022\u003E\t\t\t\u003Cp align=\u0022center\u0022\u003E21 103 \u20ac\u003C\/p\u003E\t\t\t\u003C\/td\u003E\t\t\t\u003Ctd valign=\u0022top\u0022\u003E\t\t\t\u003Cp align=\u0022center\u0022\u003E18 914 \u20ac\u003C\/p\u003E\t\t\t\u003C\/td\u003E\t\t\u003C\/tr\u003E\t\t\u003Ctr\u003E\t\t\t\u003Ctd valign=\u0022top\u0022\u003E\t\t\t\u003Cp\u003EPersonne seule ou couple ayant une personne \u00e0 charge\u003C\/p\u003E\t\t\t\u003C\/td\u003E\t\t\t\u003Ctd valign=\u0022top\u0022\u003E\t\t\t\u003Cp align=\u0022center\u0022\u003E37 827 \u20ac\u003C\/p\u003E\t\t\t\u003C\/td\u003E\t\t\t\u003Ctd valign=\u0022top\u0022\u003E\t\t\t\u003Cp align=\u0022center\u0022\u003E34 686 \u20ac\u003C\/p\u003E\t\t\t\u003C\/td\u003E\t\t\t\u003Ctd valign=\u0022top\u0022\u003E\t\t\t\u003Cp align=\u0022center\u0022\u003E34 828 \u20ac\u003C\/p\u003E\t\t\t\u003C\/td\u003E\t\t\t\u003Ctd valign=\u0022top\u0022\u003E\t\t\t\u003Cp align=\u0022center\u0022\u003E25 272 \u20ac\u003C\/p\u003E\t\t\t\u003C\/td\u003E\t\t\t\u003Ctd valign=\u0022top\u0022\u003E\t\t\t\u003Cp align=\u0022center\u0022\u003E25 376 \u20ac\u003C\/p\u003E\t\t\t\u003C\/td\u003E\t\t\t\u003Ctd valign=\u0022top\u0022\u003E\t\t\t\u003Cp align=\u0022center\u0022\u003E22 744 \u20ac\u003C\/p\u003E\t\t\t\u003C\/td\u003E\t\t\u003C\/tr\u003E\t\t\u003Ctr\u003E\t\t\t\u003Ctd valign=\u0022top\u0022\u003E\t\t\t\u003Cp\u003EPersonne seule ou couple ayant deux personnes \u00e0 charge\u003C\/p\u003E\t\t\t\u003C\/td\u003E\t\t\t\u003Ctd valign=\u0022top\u0022\u003E\t\t\t\u003Cp align=\u0022center\u0022\u003E41 625 \u20ac\u003C\/p\u003E\t\t\t\u003C\/td\u003E\t\t\t\u003Ctd valign=\u0022top\u0022\u003E\t\t\t\u003Cp align=\u0022center\u0022\u003E38 294 \u20ac\u003C\/p\u003E\t\t\t\u003C\/td\u003E\t\t\t\u003Ctd valign=\u0022top\u0022\u003E\t\t\t\u003Cp align=\u0022center\u0022\u003E38 450 \u20ac\u003C\/p\u003E\t\t\t\u003C\/td\u003E\t\t\t\u003Ctd valign=\u0022top\u0022\u003E\t\t\t\u003Cp align=\u0022center\u0022\u003E28 119 \u20ac\u003C\/p\u003E\t\t\t\u003C\/td\u003E\t\t\t\u003Ctd valign=\u0022top\u0022\u003E\t\t\t\u003Cp align=\u0022center\u0022\u003E28 234 \u20ac\u003C\/p\u003E\t\t\t\u003C\/td\u003E\t\t\t\u003Ctd valign=\u0022top\u0022\u003E\t\t\t\u003Cp align=\u0022center\u0022\u003E25 308 \u20ac\u003C\/p\u003E\t\t\t\u003C\/td\u003E\t\t\u003C\/tr\u003E\t\t\u003Ctr\u003E\t\t\t\u003Ctd valign=\u0022top\u0022\u003E\t\t\t\u003Cp\u003EPersonne seule ou couple ayant trois personnes \u00e0 charge\u003C\/p\u003E\t\t\t\u003C\/td\u003E\t\t\t\u003Ctd valign=\u0022top\u0022\u003E\t\t\t\u003Cp align=\u0022center\u0022\u003E49 257 \u20ac\u003C\/p\u003E\t\t\t\u003C\/td\u003E\t\t\t\u003Ctd valign=\u0022top\u0022\u003E\t\t\t\u003Cp align=\u0022center\u0022\u003E45 089 \u20ac\u003C\/p\u003E\t\t\t\u003C\/td\u003E\t\t\t\u003Ctd valign=\u0022top\u0022\u003E\t\t\t\u003Cp align=\u0022center\u0022\u003E45 273 \u20ac\u003C\/p\u003E\t\t\t\u003C\/td\u003E\t\t\t\u003Ctd valign=\u0022top\u0022\u003E\t\t\t\u003Cp align=\u0022center\u0022\u003E32 902 \u20ac\u003C\/p\u003E\t\t\t\u003C\/td\u003E\t\t\t\u003Ctd valign=\u0022top\u0022\u003E\t\t\t\u003Cp align=\u0022center\u0022\u003E33 036 \u20ac\u003C\/p\u003E\t\t\t\u003C\/td\u003E\t\t\t\u003Ctd valign=\u0022top\u0022\u003E\t\t\t\u003Cp align=\u0022center\u0022\u003E29 611 \u20ac\u003C\/p\u003E\t\t\t\u003C\/td\u003E\t\t\u003C\/tr\u003E\t\t\u003Ctr\u003E\t\t\t\u003Ctd valign=\u0022top\u0022\u003E\t\t\t\u003Cp\u003EPersonne seule ou couple ayant quatre personnes \u00e0 charge\u003C\/p\u003E\t\t\t\u003C\/td\u003E\t\t\t\u003Ctd valign=\u0022top\u0022\u003E\t\t\t\u003Cp align=\u0022center\u0022\u003E55 428 \u20ac\u003C\/p\u003E\t\t\t\u003C\/td\u003E\t\t\t\u003Ctd valign=\u0022top\u0022\u003E\t\t\t\u003Cp align=\u0022center\u0022\u003E50 738 \u20ac\u003C\/p\u003E\t\t\t\u003C\/td\u003E\t\t\t\u003Ctd valign=\u0022top\u0022\u003E\t\t\t\u003Cp align=\u0022center\u0022\u003E50 945 \u20ac\u003C\/p\u003E\t\t\t\u003C\/td\u003E\t\t\t\u003Ctd valign=\u0022top\u0022\u003E\t\t\t\u003Cp align=\u0022center\u0022\u003E37 078 \u20ac\u003C\/p\u003E\t\t\t\u003C\/td\u003E\t\t\t\u003Ctd valign=\u0022top\u0022\u003E\t\t\t\u003Cp align=\u0022center\u0022\u003E37 230 \u20ac\u003C\/p\u003E\t\t\t\u003C\/td\u003E\t\t\t\u003Ctd valign=\u0022top\u0022\u003E\t\t\t\u003Cp align=\u0022center\u0022\u003E33 371 \u20ac\u003C\/p\u003E\t\t\t\u003C\/td\u003E\t\t\u003C\/tr\u003E\t\t\u003Ctr\u003E\t\t\t\u003Ctd valign=\u0022top\u0022\u003E\t\t\t\u003Cp\u003EMajoration par personne \u00e0 charge \u00e0 partir de la cinqui\u00e8me\u003C\/p\u003E\t\t\t\u003C\/td\u003E\t\t\t\u003Ctd valign=\u0022top\u0022\u003E\t\t\t\u003Cp align=\u0022center\u0022\u003E6 175 \u20ac\u003C\/p\u003E\t\t\t\u003C\/td\u003E\t\t\t\u003Ctd valign=\u0022top\u0022\u003E\t\t\t\u003Cp align=\u0022center\u0022\u003E5 653 \u20ac\u003C\/p\u003E\t\t\t\u003C\/td\u003E\t\t\t\u003Ctd valign=\u0022top\u0022\u003E\t\t\t\u003Cp align=\u0022center\u0022\u003E5 678 \u20ac\u003C\/p\u003E\t\t\t\u003C\/td\u003E\t\t\t\u003Ctd valign=\u0022top\u0022\u003E\t\t\t\u003Cp align=\u0022center\u0022\u003E4 135 \u20ac\u003C\/p\u003E\t\t\t\u003C\/td\u003E\t\t\t\u003Ctd valign=\u0022top\u0022\u003E\t\t\t\u003Cp align=\u0022center\u0022\u003E4 155 \u20ac\u003C\/p\u003E\t\t\t\u003C\/td\u003E\t\t\t\u003Ctd valign=\u0022top\u0022\u003E\t\t\t\u003Cp align=\u0022center\u0022\u003E3 721 \u20ac\u003C\/p\u003E\t\t\t\u003C\/td\u003E\t\t\u003C\/tr\u003E\t\u003C\/tbody\u003E\u003C\/table\u003E                                            \u003Cp\u003E\u003Cbr \/\u003E\u003Cstrong\u003ESource :\u003C\/strong\u003E\u003Cstrong\u003E\u00a0\u003C\/strong\u003E\u003C\/p\u003E\u003Cul\u003E\t\u003Cli\u003E\u003Ca href=\u0022https:\/\/bofip.impots.gouv.fr\/bofip\/10130-PGP.html\/identifiant=BOI-BAREME-000017-20250217#II._Actualisation_des_plafo_11\u0022 rel=\u0022noopener\u0022 target=\u0022_blank\u0022\u003EBOFiP-Imp\u00f4ts-BAREME-000017\u003C\/a\u003E\u003C\/li\u003E\u003C\/ul\u003E\u003C\/div\u003E","annee":"2025","theme":" Indices, taux, bar\u00e8mes fiscaux","activites":["Agent immobilier"],"image":"https:\/\/www.weblex.fr\/sites\/default\/files\/chiffres_clef\/Shutterstock_locavantage.jpg","created":"2025-03-25","modified":"2025-03-25"},{"url":"\/chiffres-cles\/bareme-de-l-impot-sur-le-revenu-2025-applique-aux-revenus-2024","id":26005,"title":"Bar\u00e8me de l\u2019imp\u00f4t sur le revenu 2025 appliqu\u00e9 aux revenus 2024","content":"\u003Cdiv\u003E                                              \u003Cp\u003ELe bar\u00e8me de l\u2019imp\u00f4t sur le revenu appliqu\u00e9 aux revenus per\u00e7us en 2024 est le suivant :\u003C\/p\u003E\u003Ctable width=\u0022330\u0022\u003E\t\u003Ctbody\u003E\t\t\u003Ctr\u003E\t\t\t\u003Ctd valign=\u0022top\u0022\u003E\t\t\t\u003Cp align=\u0022center\u0022\u003E\u003Ca name=\u0022_Hlk533692751\u0022\u003EFraction du revenu imposable (une part)\u003C\/a\u003E\u003C\/p\u003E\t\t\t\u003C\/td\u003E\t\t\t\u003Ctd valign=\u0022top\u0022\u003E\t\t\t\u003Cp align=\u0022center\u0022\u003ETaux\u003C\/p\u003E\t\t\t\u003C\/td\u003E\t\t\u003C\/tr\u003E\t\t\u003Ctr\u003E\t\t\t\u003Ctd valign=\u0022top\u0022\u003E\t\t\t\u003Cp\u003EInf\u00e9rieure ou \u00e9gale \u00e0 11 497 \u20ac\u003C\/p\u003E\t\t\t\u003C\/td\u003E\t\t\t\u003Ctd valign=\u0022top\u0022\u003E\t\t\t\u003Cp\u003E0 %\u003C\/p\u003E\t\t\t\u003C\/td\u003E\t\t\u003C\/tr\u003E\t\t\u003Ctr\u003E\t\t\t\u003Ctd valign=\u0022top\u0022\u003E\t\t\t\u003Cp\u003EDe 11 498 \u20ac \u00e0 29 315 \u20ac\u003C\/p\u003E\t\t\t\u003C\/td\u003E\t\t\t\u003Ctd valign=\u0022top\u0022\u003E\t\t\t\u003Cp\u003E11 %\u003C\/p\u003E\t\t\t\u003C\/td\u003E\t\t\u003C\/tr\u003E\t\t\u003Ctr\u003E\t\t\t\u003Ctd valign=\u0022top\u0022\u003E\t\t\t\u003Cp\u003EDe 29 316 \u20ac \u00e0 83 823 \u20ac\u003C\/p\u003E\t\t\t\u003C\/td\u003E\t\t\t\u003Ctd valign=\u0022top\u0022\u003E\t\t\t\u003Cp\u003E30 %\u003C\/p\u003E\t\t\t\u003C\/td\u003E\t\t\u003C\/tr\u003E\t\t\u003Ctr\u003E\t\t\t\u003Ctd valign=\u0022top\u0022\u003E\t\t\t\u003Cp\u003EDe 83 824 \u20ac \u00e0 180 294 \u20ac\u003C\/p\u003E\t\t\t\u003C\/td\u003E\t\t\t\u003Ctd valign=\u0022top\u0022\u003E\t\t\t\u003Cp\u003E41 %\u003C\/p\u003E\t\t\t\u003C\/td\u003E\t\t\u003C\/tr\u003E\t\t\u003Ctr\u003E\t\t\t\u003Ctd valign=\u0022top\u0022\u003E\t\t\t\u003Cp\u003ESup\u00e9rieure \u00e0 180 294 \u20ac\u003C\/p\u003E\t\t\t\u003C\/td\u003E\t\t\t\u003Ctd valign=\u0022top\u0022\u003E\t\t\t\u003Cp\u003E45 %\u003C\/p\u003E\t\t\t\u003C\/td\u003E\t\t\u003C\/tr\u003E\t\u003C\/tbody\u003E\u003C\/table\u003E\u003Cp\u003EPour le calcul de l\u2019imp\u00f4t sur le revenu, il faut appliquer la m\u00e9thode suivante :\u003C\/p\u003E\u003Cul\u003E\t\u003Cli\u003Ele revenu net imposable est divis\u00e9 par le nombre de parts correspondant au quotient familial dont vous b\u00e9n\u00e9ficiez ;\u003C\/li\u003E\t\u003Cli\u003Evous appliquez le bar\u00e8me pr\u00e9cit\u00e9 au chiffre obtenu (en recourant au taux correspondant) ;\u003C\/li\u003E\t\u003Cli\u003Evous multipliez le r\u00e9sultat obtenu par le nombre de parts pour obtenir le montant total de votre imp\u00f4t brut.\u003C\/li\u003E\u003C\/ul\u003E                                            \u003Cp\u003E\u003Cbr \/\u003E\u003Cstrong\u003ESource :\u003C\/strong\u003E\u003Cstrong\u003E\u00a0\u003C\/strong\u003E\u003C\/p\u003E\u003Cul\u003E\t\u003Cli\u003E\u003Ca href=\u0022https:\/\/www.legifrance.gouv.fr\/jorf\/id\/JORFTEXT000051168007\u0022 rel=\u0022noopener\u0022 target=\u0022_blank\u0022\u003ELoi de finances pour 2025 du 14 f\u00e9vrier 2025, n\u00b0 2025-127\u003C\/a\u003E\u0026nbsp;(article 2)\u003C\/li\u003E\u003C\/ul\u003E\u003C\/div\u003E","annee":"2025","theme":" Indices, taux, bar\u00e8mes fiscaux","activites":["Tout secteur"],"image":"https:\/\/www.weblex.fr\/sites\/default\/files\/chiffres_clef\/Shutterstock_baremeimpotrevenu.jpg","created":"2025-03-20","modified":"2025-03-20"},{"url":"\/chiffres-cles\/tarifs-des-droits-de-donation-2025","id":26002,"title":"Tarifs des droits de donation - 2025","content":"\u003Cdiv\u003E                                              \u003Ch2\u003E1\/ Tarif applicable en ligne directe\u0026nbsp;\u003C\/h2\u003E\u003Ctable align=\u0022center\u0022\u003E\t\u003Ctbody\u003E\t\t\u003Ctr\u003E\t\t\t\u003Ctd\u003E\t\t\t\u003Cp align=\u0022center\u0022\u003EFRACTION DE PART NETTE TAXABLE\u003C\/p\u003E\t\t\t\u003C\/td\u003E\t\t\t\u003Ctd\u003E\t\t\t\u003Cp align=\u0022center\u0022\u003ETarif applicable\u0026nbsp; \u003C\/p\u003E\t\t\t\u003C\/td\u003E\t\t\u003C\/tr\u003E\t\t\u003Ctr\u003E\t\t\t\u003Ctd\u003E\t\t\t\u003Cp\u003EN\u0027exc\u00e9dant pas 8 072 \u20ac\u003C\/p\u003E\t\t\t\u003C\/td\u003E\t\t\t\u003Ctd\u003E\t\t\t\u003Cp align=\u0022center\u0022\u003E5 %\u003C\/p\u003E\t\t\t\u003C\/td\u003E\t\t\u003C\/tr\u003E\t\t\u003Ctr\u003E\t\t\t\u003Ctd\u003E\t\t\t\u003Cp\u003EComprise entre 8 072 \u20ac et 12 109 \u20ac\u003C\/p\u003E\t\t\t\u003C\/td\u003E\t\t\t\u003Ctd\u003E\t\t\t\u003Cp align=\u0022center\u0022\u003E10 %\u003C\/p\u003E\t\t\t\u003C\/td\u003E\t\t\u003C\/tr\u003E\t\t\u003Ctr\u003E\t\t\t\u003Ctd\u003E\t\t\t\u003Cp\u003EComprise entre 12 109 \u20ac et 15 932 \u20ac\u003C\/p\u003E\t\t\t\u003C\/td\u003E\t\t\t\u003Ctd\u003E\t\t\t\u003Cp align=\u0022center\u0022\u003E15 %\u003C\/p\u003E\t\t\t\u003C\/td\u003E\t\t\u003C\/tr\u003E\t\t\u003Ctr\u003E\t\t\t\u003Ctd\u003E\t\t\t\u003Cp\u003EComprise entre 15 932 \u20ac et 552 324 \u20ac\u003C\/p\u003E\t\t\t\u003C\/td\u003E\t\t\t\u003Ctd\u003E\t\t\t\u003Cp align=\u0022center\u0022\u003E20 %\u003C\/p\u003E\t\t\t\u003C\/td\u003E\t\t\u003C\/tr\u003E\t\t\u003Ctr\u003E\t\t\t\u003Ctd\u003E\t\t\t\u003Cp\u003EComprise entre 552 324 \u20ac et 902 838 \u20ac\u003C\/p\u003E\t\t\t\u003C\/td\u003E\t\t\t\u003Ctd\u003E\t\t\t\u003Cp align=\u0022center\u0022\u003E30 %\u003C\/p\u003E\t\t\t\u003C\/td\u003E\t\t\u003C\/tr\u003E\t\t\u003Ctr\u003E\t\t\t\u003Ctd\u003E\t\t\t\u003Cp\u003EComprise entre 902 838 \u20ac et 1 805 677 \u20ac\u003C\/p\u003E\t\t\t\u003C\/td\u003E\t\t\t\u003Ctd\u003E\t\t\t\u003Cp align=\u0022center\u0022\u003E40 %\u003C\/p\u003E\t\t\t\u003C\/td\u003E\t\t\u003C\/tr\u003E\t\t\u003Ctr\u003E\t\t\t\u003Ctd\u003E\t\t\t\u003Cp\u003EAu-del\u00e0 de 1 805 677 \u20ac\u003C\/p\u003E\t\t\t\u003C\/td\u003E\t\t\t\u003Ctd\u003E\t\t\t\u003Cp align=\u0022center\u0022\u003E45 %\u003C\/p\u003E\t\t\t\u003C\/td\u003E\t\t\u003C\/tr\u003E\t\u003C\/tbody\u003E\u003C\/table\u003E\u003Cp\u003E\u0026nbsp;\u003C\/p\u003E\u003Ch2\u003E2\/ Tarif applicable entre \u00e9poux et partenaires de PACS\u003C\/h2\u003E\u003Ctable align=\u0022center\u0022\u003E\t\u003Ctbody\u003E\t\t\u003Ctr\u003E\t\t\t\u003Ctd\u003E\t\t\t\u003Cp align=\u0022center\u0022\u003EFRACTION DE PART NETTE TAXABLE\u003C\/p\u003E\t\t\t\u003C\/td\u003E\t\t\t\u003Ctd\u003E\t\t\t\u003Cp align=\u0022center\u0022\u003ETarif applicable\u003C\/p\u003E\t\t\t\u003C\/td\u003E\t\t\u003C\/tr\u003E\t\t\u003Ctr\u003E\t\t\t\u003Ctd\u003E\t\t\t\u003Cp\u003EN\u0027exc\u00e9dant pas 8 072 \u20ac\u003C\/p\u003E\t\t\t\u003C\/td\u003E\t\t\t\u003Ctd\u003E\t\t\t\u003Cp align=\u0022center\u0022\u003E5 %\u003C\/p\u003E\t\t\t\u003C\/td\u003E\t\t\u003C\/tr\u003E\t\t\u003Ctr\u003E\t\t\t\u003Ctd\u003E\t\t\t\u003Cp\u003EComprise entre 8 072 \u20ac et 15 932 \u20ac\u003C\/p\u003E\t\t\t\u003C\/td\u003E\t\t\t\u003Ctd\u003E\t\t\t\u003Cp align=\u0022center\u0022\u003E10 %\u003C\/p\u003E\t\t\t\u003C\/td\u003E\t\t\u003C\/tr\u003E\t\t\u003Ctr\u003E\t\t\t\u003Ctd\u003E\t\t\t\u003Cp\u003EComprise entre 15 932 \u20ac et 31 865 \u20ac\u003C\/p\u003E\t\t\t\u003C\/td\u003E\t\t\t\u003Ctd\u003E\t\t\t\u003Cp align=\u0022center\u0022\u003E15 %\u003C\/p\u003E\t\t\t\u003C\/td\u003E\t\t\u003C\/tr\u003E\t\t\u003Ctr\u003E\t\t\t\u003Ctd\u003E\t\t\t\u003Cp\u003EComprise entre 31 865 \u20ac et 552 324 \u20ac\u003C\/p\u003E\t\t\t\u003C\/td\u003E\t\t\t\u003Ctd\u003E\t\t\t\u003Cp align=\u0022center\u0022\u003E20 %\u003C\/p\u003E\t\t\t\u003C\/td\u003E\t\t\u003C\/tr\u003E\t\t\u003Ctr\u003E\t\t\t\u003Ctd\u003E\t\t\t\u003Cp\u003EComprise entre 552 324 \u20ac et 902 838 \u20ac\u003C\/p\u003E\t\t\t\u003C\/td\u003E\t\t\t\u003Ctd\u003E\t\t\t\u003Cp align=\u0022center\u0022\u003E30 %\u003C\/p\u003E\t\t\t\u003C\/td\u003E\t\t\u003C\/tr\u003E\t\t\u003Ctr\u003E\t\t\t\u003Ctd\u003E\t\t\t\u003Cp\u003EComprise entre 902 838 \u20ac et 1 805 677 \u20ac\u003C\/p\u003E\t\t\t\u003C\/td\u003E\t\t\t\u003Ctd\u003E\t\t\t\u003Cp align=\u0022center\u0022\u003E40 %\u003C\/p\u003E\t\t\t\u003C\/td\u003E\t\t\u003C\/tr\u003E\t\t\u003Ctr\u003E\t\t\t\u003Ctd\u003E\t\t\t\u003Cp\u003EAu-del\u00e0 de 1 805 677 \u20ac\u003C\/p\u003E\t\t\t\u003C\/td\u003E\t\t\t\u003Ctd\u003E\t\t\t\u003Cp align=\u0022center\u0022\u003E45 %\u003C\/p\u003E\t\t\t\u003C\/td\u003E\t\t\u003C\/tr\u003E\t\u003C\/tbody\u003E\u003C\/table\u003E\u003Cp\u003E\u0026nbsp;\u003C\/p\u003E\u003Ch2\u003E3\/ Tarif applicable entre fr\u00e8res et s\u0153urs\u0026nbsp;\u003C\/h2\u003E\u003Ctable align=\u0022center\u0022\u003E\t\u003Ctbody\u003E\t\t\u003Ctr\u003E\t\t\t\u003Ctd\u003E\t\t\t\u003Cp align=\u0022center\u0022\u003EFRACTION DE PART NETTE TAXABLE\u003C\/p\u003E\t\t\t\u003C\/td\u003E\t\t\t\u003Ctd\u003E\t\t\t\u003Cp align=\u0022center\u0022\u003ETarif applicable\u0026nbsp; \u003C\/p\u003E\t\t\t\u003C\/td\u003E\t\t\u003C\/tr\u003E\t\t\u003Ctr\u003E\t\t\t\u003Ctd\u003E\t\t\t\u003Cp\u003EN\u0027exc\u00e9dant pas 24\u0026nbsp;430 \u20ac\u003C\/p\u003E\t\t\t\u003C\/td\u003E\t\t\t\u003Ctd\u003E\t\t\t\u003Cp align=\u0022center\u0022\u003E35 %\u003C\/p\u003E\t\t\t\u003C\/td\u003E\t\t\u003C\/tr\u003E\t\t\u003Ctr\u003E\t\t\t\u003Ctd\u003E\t\t\t\u003Cp\u003ESup\u00e9rieure \u00e0 24\u0026nbsp;430 \u20ac\u003C\/p\u003E\t\t\t\u003C\/td\u003E\t\t\t\u003Ctd\u003E\t\t\t\u003Cp align=\u0022center\u0022\u003E45 %\u003C\/p\u003E\t\t\t\u003C\/td\u003E\t\t\u003C\/tr\u003E\t\u003C\/tbody\u003E\u003C\/table\u003E\u003Cp\u003E\u0026nbsp;\u003C\/p\u003E\u003Ch2\u003E4\/ Tarif applicable aux autres donations\u003C\/h2\u003E\u003Ctable align=\u0022center\u0022\u003E\t\u003Ctbody\u003E\t\t\u003Ctr\u003E\t\t\t\u003Ctd\u003E\t\t\t\u003Cp align=\u0022center\u0022\u003EFRACTION DE PART NETTE TAXABLE\u003C\/p\u003E\t\t\t\u003C\/td\u003E\t\t\t\u003Ctd\u003E\t\t\t\u003Cp align=\u0022center\u0022\u003ETarif applicable\u0026nbsp; \u003C\/p\u003E\t\t\t\u003C\/td\u003E\t\t\u003C\/tr\u003E\t\t\u003Ctr\u003E\t\t\t\u003Ctd\u003E\t\t\t\u003Cp\u003EEntre parents jusqu\u2019au 4e degr\u00e9 inclusivement\u003C\/p\u003E\t\t\t\u003C\/td\u003E\t\t\t\u003Ctd\u003E\t\t\t\u003Cp align=\u0022center\u0022\u003E55 %\u003C\/p\u003E\t\t\t\u003C\/td\u003E\t\t\u003C\/tr\u003E\t\t\u003Ctr\u003E\t\t\t\u003Ctd\u003E\t\t\t\u003Cp\u003EEntre parents au-del\u00e0 du 4e degr\u00e9\u003C\/p\u003E\t\t\t\u003C\/td\u003E\t\t\t\u003Ctd\u003E\t\t\t\u003Cp align=\u0022center\u0022\u003E60 %\u003C\/p\u003E\t\t\t\u003C\/td\u003E\t\t\u003C\/tr\u003E\t\t\u003Ctr\u003E\t\t\t\u003Ctd\u003E\t\t\t\u003Cp\u003EEntre non-parents\u003C\/p\u003E\t\t\t\u003C\/td\u003E\t\t\t\u003Ctd\u003E\t\t\t\u003Cp align=\u0022center\u0022\u003E60 %\u003C\/p\u003E\t\t\t\u003C\/td\u003E\t\t\u003C\/tr\u003E\t\u003C\/tbody\u003E\u003C\/table\u003E\u003Cp\u003E\u0026nbsp;\u003C\/p\u003E\u003Ch2\u003E5\/ Les abattements applicables\u003C\/h2\u003E\u003Cp\u003EPour le calcul des droits de donation, il est appliqu\u00e9 des abattements qui viennent diminuer la part nette revenant \u00e0 chaque b\u00e9n\u00e9ficiaire, dont le montant varie selon le d\u00e9tail suivant.\u003C\/p\u003E\u003Ctable align=\u0022center\u0022\u003E\t\u003Ctbody\u003E\t\t\u003Ctr\u003E\t\t\t\u003Ctd\u003E\t\t\t\u003Cp align=\u0022center\u0022\u003EBENEFICIAIRE\u003C\/p\u003E\t\t\t\u003C\/td\u003E\t\t\t\u003Ctd\u003E\t\t\t\u003Cp align=\u0022center\u0022\u003EABATTEMENT\u003C\/p\u003E\t\t\t\u003C\/td\u003E\t\t\u003C\/tr\u003E\t\t\u003Ctr\u003E\t\t\t\u003Ctd\u003E\t\t\t\u003Cp\u003EEn ligne directe\u003C\/p\u003E\t\t\t\u003C\/td\u003E\t\t\t\u003Ctd\u003E\t\t\t\u003Cp align=\u0022center\u0022\u003E100\u0026nbsp;000 \u20ac\u003C\/p\u003E\t\t\t\u003C\/td\u003E\t\t\u003C\/tr\u003E\t\t\u003Ctr\u003E\t\t\t\u003Ctd\u003E\t\t\t\u003Cp\u003EEntre \u00e9poux et partenaires de PACS\u003C\/p\u003E\t\t\t\u003C\/td\u003E\t\t\t\u003Ctd\u003E\t\t\t\u003Cp align=\u0022center\u0022\u003E80\u0026nbsp;724 \u20ac\u003C\/p\u003E\t\t\t\u003C\/td\u003E\t\t\u003C\/tr\u003E\t\t\u003Ctr\u003E\t\t\t\u003Ctd\u003E\t\t\t\u003Cp\u003EEn faveur des petits-enfants\u003C\/p\u003E\t\t\t\u003C\/td\u003E\t\t\t\u003Ctd\u003E\t\t\t\u003Cp align=\u0022center\u0022\u003E31\u0026nbsp;865 \u20ac\u003C\/p\u003E\t\t\t\u003C\/td\u003E\t\t\u003C\/tr\u003E\t\t\u003Ctr\u003E\t\t\t\u003Ctd\u003E\t\t\t\u003Cp\u003EEn faveur des arri\u00e8res petits-enfants\u003C\/p\u003E\t\t\t\u003C\/td\u003E\t\t\t\u003Ctd\u003E\t\t\t\u003Cp align=\u0022center\u0022\u003E5\u0026nbsp;310 \u20ac\u003C\/p\u003E\t\t\t\u003C\/td\u003E\t\t\u003C\/tr\u003E\t\t\u003Ctr\u003E\t\t\t\u003Ctd\u003E\t\t\t\u003Cp\u003EEntre fr\u00e8res et s\u0153urs\u003C\/p\u003E\t\t\t\u003C\/td\u003E\t\t\t\u003Ctd\u003E\t\t\t\u003Cp align=\u0022center\u0022\u003E15\u0026nbsp;932 \u20ac\u003C\/p\u003E\t\t\t\u003C\/td\u003E\t\t\u003C\/tr\u003E\t\t\u003Ctr\u003E\t\t\t\u003Ctd\u003E\t\t\t\u003Cp\u003EEn faveur d\u2019une personne handicap\u00e9e\u003C\/p\u003E\t\t\t\u003C\/td\u003E\t\t\t\u003Ctd\u003E\t\t\t\u003Cp align=\u0022center\u0022\u003E159\u0026nbsp;325 \u20ac\u003C\/p\u003E\t\t\t\u003C\/td\u003E\t\t\u003C\/tr\u003E\t\t\u003Ctr\u003E\t\t\t\u003Ctd\u003E\t\t\t\u003Cp\u003EEn faveur des neveux et ni\u00e8ces\u003C\/p\u003E\t\t\t\u003C\/td\u003E\t\t\t\u003Ctd\u003E\t\t\t\u003Cp align=\u0022center\u0022\u003E7\u0026nbsp;967 \u20ac\u003C\/p\u003E\t\t\t\u003C\/td\u003E\t\t\u003C\/tr\u003E\t\u003C\/tbody\u003E\u003C\/table\u003E                                            \u003Cp\u003E\u003Cbr \/\u003E\u003Cstrong\u003ESource :\u003C\/strong\u003E\u003Cstrong\u003E\u00a0\u003C\/strong\u003E\u003C\/p\u003E\u003Cul\u003E\t\u003Cli\u003E\u003Ca href=\u0022https:\/\/www.legifrance.gouv.fr\/codes\/article_lc\/LEGIARTI000030061736\/\u0022 rel=\u0022noopener\u0022 target=\u0022_blank\u0022\u003EArticle 777 du Code g\u00e9n\u00e9ral des imp\u00f4ts\u003C\/a\u003E\u003C\/li\u003E\t\u003Cli\u003E\u003Ca href=\u0022https:\/\/www.legifrance.gouv.fr\/codes\/id\/LEGIARTI000026292566\/2013-01-01\/\u0022 rel=\u0022noopener\u0022 target=\u0022_blank\u0022\u003EArticle 779 du Code g\u00e9n\u00e9ral des imp\u00f4ts\u003C\/a\u003E\u003C\/li\u003E\t\u003Cli\u003E\u003Ca href=\u0022https:\/\/www.legifrance.gouv.fr\/codes\/article_lc\/LEGIARTI000026292596\/\u0022 rel=\u0022noopener\u0022 target=\u0022_blank\u0022\u003EArticle 790 B du Code g\u00e9n\u00e9ral des imp\u00f4ts\u003C\/a\u003E\u003C\/li\u003E\t\u003Cli\u003E\u003Ca href=\u0022https:\/\/www.legifrance.gouv.fr\/codes\/article_lc\/LEGIARTI000026292594#:~:text=Pour%20la%20perception%20des%20droits,%2Dpetits%2Denfants%20du%20donateur.\u0022 rel=\u0022noopener\u0022 target=\u0022_blank\u0022\u003EArticle 790 D du Code g\u00e9n\u00e9ral des imp\u00f4ts\u003C\/a\u003E\u003C\/li\u003E\t\u003Cli\u003E\u003Ca href=\u0022https:\/\/www.legifrance.gouv.fr\/codes\/article_lc\/LEGIARTI000026292592\/#:~:text=Pour%20la%20perception%20des%20droits,part%20du%20conjoint%20du%20donateur.\u0022 rel=\u0022noopener\u0022 target=\u0022_blank\u0022\u003EArticle 790 E du Code g\u00e9n\u00e9ral des imp\u00f4ts\u003C\/a\u003E\u003C\/li\u003E\t\u003Cli\u003E\u003Ca href=\u0022https:\/\/www.legifrance.gouv.fr\/codes\/article_lc\/LEGIARTI000026292590\/#:~:text=Pour%20la%20perception%20des%20droits,un%20pacte%20civil%20de%20solidarit%C3%A9.\u0022 rel=\u0022noopener\u0022 target=\u0022_blank\u0022\u003EArticle 790 F du Code g\u00e9n\u00e9ral des imp\u00f4ts\u003C\/a\u003E\u003C\/li\u003E\u003C\/ul\u003E\u003C\/div\u003E","annee":"2025","theme":" Indices, taux, bar\u00e8mes fiscaux","activites":["Tout secteur"],"image":"https:\/\/www.weblex.fr\/sites\/default\/files\/chiffres_clef\/Shutterstock_tarifdroitdonation.jpg","created":"2025-03-20","modified":"2025-03-20"},{"url":"\/chiffres-cles\/impot-sur-le-revenu-et-avantages-lies-aux-enfants-majeurs-2025","id":26009,"title":"Imp\u00f4t sur le revenu et avantages li\u00e9s aux enfants majeurs \u2013 2025","content":"\u003Cdiv\u003E                                              \u003Cul\u003E\t\u003Cli\u003E\u003Cstrong\u003EAbattement pour rattachement d\u2019enfants mari\u00e9s, pacs\u00e9s ou charg\u00e9s de famille\u003C\/strong\u003E\u003C\/li\u003E\u003C\/ul\u003E\u003Cp\u003ELes parents qui rattachent \u00e0 leur foyer fiscal un enfant mari\u00e9 ou pacs\u00e9, faisant l\u2019objet d\u2019une imposition commune avec son conjoint ou son partenaire, ou un enfant charg\u00e9 de famille, b\u00e9n\u00e9ficient d\u2019un abattement sur leur revenu imposable.\u003C\/p\u003E\u003Cp\u003EFix\u00e9 \u00e0 6 674 \u20ac par personne prise en charge pour l\u2019imposition des revenus 2023, le montant de cet abattement est port\u00e9 \u00e0 6 794 \u20ac pour l\u2019imposition des revenus 2024.\u003C\/p\u003E\u003Cul\u003E\t\u003Cli\u003E\u003Cstrong\u003ELimite de d\u00e9duction de la pension alimentaire vers\u00e9e \u00e0 un enfant majeur\u003C\/strong\u003E\u003C\/li\u003E\u003C\/ul\u003E\u003Cp\u003ELa d\u00e9duction des pensions alimentaires vers\u00e9es \u00e0 un enfant majeur est limit\u00e9e \u00e0 6 794 \u20ac (6 674 \u20ac pour l\u2019imposition des revenus de l\u2019ann\u00e9e 2023).\u003C\/p\u003E\u003Cul\u003E\t\u003Cli\u003E\u003Cstrong\u003ELimite de d\u00e9duction de la pension alimentaire vers\u00e9e \u00e0 un enfant majeur charg\u00e9 de famille\u003C\/strong\u003E\u003C\/li\u003E\u003C\/ul\u003E\u003Cp\u003ELorsque le contribuable participe seul \u00e0 l\u2019entretien d\u2019un enfant majeur c\u00e9libataire, veuf ou divorc\u00e9 qui est lui-m\u00eame charg\u00e9 de famille, la limite de d\u00e9duction est fix\u00e9e \u00e0 13 588 \u20ac, quel que soit le nombre de petits-enfants.\u003C\/p\u003E\u003Cul\u003E\t\u003Cli\u003E\u003Cstrong\u003ELimite de d\u00e9duction de la pension alimentaire vers\u00e9e \u00e0 un enfant majeur, mari\u00e9 ou pacs\u00e9\u003C\/strong\u003E\u003C\/li\u003E\u003C\/ul\u003E\u003Cp\u003ELorsqu\u2019il s\u2019agit d\u2019enfants mari\u00e9s ou pacs\u00e9s faisant l\u2019objet d\u2019une imposition commune, la limite de d\u00e9duction est fix\u00e9e \u00e0 6 794 \u20ac pour chacune des familles des jeunes conjoints ou partenaires. Cependant, la limite est doubl\u00e9e (soit 13 588 \u20ac pour l\u2019imposition des revenus 2024) au profit des parents qui justifient participer seuls \u00e0 l\u2019entretien du jeune couple.\u003C\/p\u003E                                            \u003Cp\u003E\u003Cbr \/\u003E\u003Cstrong\u003ESource :\u003C\/strong\u003E\u003Cstrong\u003E\u00a0\u003C\/strong\u003E\u003C\/p\u003E\u003Cul\u003E\t\u003Cli\u003E\u003Ca href=\u0022https:\/\/www.legifrance.gouv.fr\/jorf\/id\/JORFTEXT000051168007\u0022 rel=\u0022noopener\u0022 target=\u0022_blank\u0022\u003ELoi de finances pour 2025 du 14 f\u00e9vrier 2025, no 2025-127\u003C\/a\u003E\u0026nbsp;(article 2)\u003C\/li\u003E\u003C\/ul\u003E\u003C\/div\u003E","annee":"2025","theme":" Indices, taux, bar\u00e8mes fiscaux","activites":["Tout secteur"],"image":"https:\/\/www.weblex.fr\/sites\/default\/files\/chiffres_clef\/Shutterstock_avantagesenfantsmajeurs.jpg","created":"2025-03-20","modified":"2025-03-20"},{"url":"\/chiffres-cles\/tarifs-des-droits-de-succession-2025","id":26004,"title":"Tarifs des droits de succession - 2025","content":"\u003Cdiv\u003E                                              \u003Cp\u003E1\/ Tarif applicable en ligne directe\u003C\/p\u003E\u003Ctable align=\u0022center\u0022\u003E\t\u003Ctbody\u003E\t\t\u003Ctr\u003E\t\t\t\u003Ctd\u003E\t\t\t\u003Cp align=\u0022center\u0022\u003EFRACTION DE PART NETTE TAXABLE\u003C\/p\u003E\t\t\t\u003C\/td\u003E\t\t\t\u003Ctd\u003E\t\t\t\u003Cp align=\u0022center\u0022\u003ETarif applicable\u0026nbsp; \u003C\/p\u003E\t\t\t\u003C\/td\u003E\t\t\u003C\/tr\u003E\t\t\u003Ctr\u003E\t\t\t\u003Ctd\u003E\t\t\t\u003Cp\u003EN\u0027exc\u00e9dant pas 8 072 \u20ac\u003C\/p\u003E\t\t\t\u003C\/td\u003E\t\t\t\u003Ctd\u003E\t\t\t\u003Cp align=\u0022center\u0022\u003E5 %\u003C\/p\u003E\t\t\t\u003C\/td\u003E\t\t\u003C\/tr\u003E\t\t\u003Ctr\u003E\t\t\t\u003Ctd\u003E\t\t\t\u003Cp\u003EComprise entre 8 072 \u20ac et 12 109 \u20ac\u003C\/p\u003E\t\t\t\u003C\/td\u003E\t\t\t\u003Ctd\u003E\t\t\t\u003Cp align=\u0022center\u0022\u003E10 %\u003C\/p\u003E\t\t\t\u003C\/td\u003E\t\t\u003C\/tr\u003E\t\t\u003Ctr\u003E\t\t\t\u003Ctd\u003E\t\t\t\u003Cp\u003EComprise entre 12 109 \u20ac et 15 932 \u20ac\u003C\/p\u003E\t\t\t\u003C\/td\u003E\t\t\t\u003Ctd\u003E\t\t\t\u003Cp align=\u0022center\u0022\u003E15 %\u003C\/p\u003E\t\t\t\u003C\/td\u003E\t\t\u003C\/tr\u003E\t\t\u003Ctr\u003E\t\t\t\u003Ctd\u003E\t\t\t\u003Cp\u003EComprise entre 15 932 \u20ac et 552 324 \u20ac\u003C\/p\u003E\t\t\t\u003C\/td\u003E\t\t\t\u003Ctd\u003E\t\t\t\u003Cp align=\u0022center\u0022\u003E20 %\u003C\/p\u003E\t\t\t\u003C\/td\u003E\t\t\u003C\/tr\u003E\t\t\u003Ctr\u003E\t\t\t\u003Ctd\u003E\t\t\t\u003Cp\u003EComprise entre 552 324 \u20ac et 902 838 \u20ac\u003C\/p\u003E\t\t\t\u003C\/td\u003E\t\t\t\u003Ctd\u003E\t\t\t\u003Cp align=\u0022center\u0022\u003E30 %\u003C\/p\u003E\t\t\t\u003C\/td\u003E\t\t\u003C\/tr\u003E\t\t\u003Ctr\u003E\t\t\t\u003Ctd\u003E\t\t\t\u003Cp\u003EComprise entre 902 838 \u20ac et 1 805 677 \u20ac\u003C\/p\u003E\t\t\t\u003C\/td\u003E\t\t\t\u003Ctd\u003E\t\t\t\u003Cp align=\u0022center\u0022\u003E40 %\u003C\/p\u003E\t\t\t\u003C\/td\u003E\t\t\u003C\/tr\u003E\t\t\u003Ctr\u003E\t\t\t\u003Ctd\u003E\t\t\t\u003Cp\u003EAu-del\u00e0 de 1 805 677 \u20ac\u003C\/p\u003E\t\t\t\u003C\/td\u003E\t\t\t\u003Ctd\u003E\t\t\t\u003Cp align=\u0022center\u0022\u003E45 %\u003C\/p\u003E\t\t\t\u003C\/td\u003E\t\t\u003C\/tr\u003E\t\u003C\/tbody\u003E\u003C\/table\u003E\u003Cp\u003E2\/ Tarif applicable entre fr\u00e8res et s\u0153urs\u0026nbsp;\u003C\/p\u003E\u003Ctable align=\u0022center\u0022\u003E\t\u003Ctbody\u003E\t\t\u003Ctr\u003E\t\t\t\u003Ctd\u003E\t\t\t\u003Cp align=\u0022center\u0022\u003EFRACTION DE PART NETTE TAXABLE\u003C\/p\u003E\t\t\t\u003C\/td\u003E\t\t\t\u003Ctd\u003E\t\t\t\u003Cp align=\u0022center\u0022\u003ETarif applicable\u0026nbsp; \u003C\/p\u003E\t\t\t\u003C\/td\u003E\t\t\u003C\/tr\u003E\t\t\u003Ctr\u003E\t\t\t\u003Ctd\u003E\t\t\t\u003Cp\u003EN\u0027exc\u00e9dant pas 24\u0026nbsp;430 \u20ac\u003C\/p\u003E\t\t\t\u003C\/td\u003E\t\t\t\u003Ctd\u003E\t\t\t\u003Cp align=\u0022center\u0022\u003E35 %\u003C\/p\u003E\t\t\t\u003C\/td\u003E\t\t\u003C\/tr\u003E\t\t\u003Ctr\u003E\t\t\t\u003Ctd\u003E\t\t\t\u003Cp\u003ESup\u00e9rieure \u00e0 24\u0026nbsp;430 \u20ac\u003C\/p\u003E\t\t\t\u003C\/td\u003E\t\t\t\u003Ctd\u003E\t\t\t\u003Cp align=\u0022center\u0022\u003E45 %\u003C\/p\u003E\t\t\t\u003C\/td\u003E\t\t\u003C\/tr\u003E\t\u003C\/tbody\u003E\u003C\/table\u003E\u003Cp\u003EIl faut pr\u00e9ciser que la part de chaque fr\u00e8re ou s\u0153ur, c\u00e9libataire, veuf, divorc\u00e9 ou s\u00e9par\u00e9 de corps, est exon\u00e9r\u00e9e de droits de mutation par d\u00e9c\u00e8s \u00e0 la double condition :\u003C\/p\u003E\u003Cul\u003E\t\u003Cli\u003Equ\u0027il soit, au moment de l\u0027ouverture de la succession, \u00e2g\u00e9 de plus de cinquante ans ou atteint d\u0027une infirmit\u00e9 le mettant dans l\u0027impossibilit\u00e9 de subvenir par son travail aux n\u00e9cessit\u00e9s de l\u0027existence ;\u003C\/li\u003E\t\u003Cli\u003Equ\u0027il ait \u00e9t\u00e9 constamment domicili\u00e9 avec le d\u00e9funt pendant les cinq ann\u00e9es ayant pr\u00e9c\u00e9d\u00e9 le d\u00e9c\u00e8s.\u003C\/li\u003E\u003C\/ul\u003E\u003Cp\u003E3\/ Tarif applicable aux autres successions\u003C\/p\u003E\u003Ctable align=\u0022center\u0022\u003E\t\u003Ctbody\u003E\t\t\u003Ctr\u003E\t\t\t\u003Ctd\u003E\t\t\t\u003Cp align=\u0022center\u0022\u003EFRACTION DE PART NETTE TAXABLE\u003C\/p\u003E\t\t\t\u003C\/td\u003E\t\t\t\u003Ctd\u003E\t\t\t\u003Cp align=\u0022center\u0022\u003ETarif applicable\u0026nbsp; \u003C\/p\u003E\t\t\t\u003C\/td\u003E\t\t\u003C\/tr\u003E\t\t\u003Ctr\u003E\t\t\t\u003Ctd\u003E\t\t\t\u003Cp\u003EEntre parents jusqu\u2019au 4\u00e8me degr\u00e9 inclusivement\u003C\/p\u003E\t\t\t\u003C\/td\u003E\t\t\t\u003Ctd\u003E\t\t\t\u003Cp align=\u0022center\u0022\u003E55 %\u003C\/p\u003E\t\t\t\u003C\/td\u003E\t\t\u003C\/tr\u003E\t\t\u003Ctr\u003E\t\t\t\u003Ctd\u003E\t\t\t\u003Cp\u003EEntre parents au-del\u00e0 du 4\u00e8me degr\u00e9\u003C\/p\u003E\t\t\t\u003C\/td\u003E\t\t\t\u003Ctd\u003E\t\t\t\u003Cp align=\u0022center\u0022\u003E60 %\u003C\/p\u003E\t\t\t\u003C\/td\u003E\t\t\u003C\/tr\u003E\t\t\u003Ctr\u003E\t\t\t\u003Ctd\u003E\t\t\t\u003Cp\u003EEntre non-parents\u003C\/p\u003E\t\t\t\u003C\/td\u003E\t\t\t\u003Ctd\u003E\t\t\t\u003Cp align=\u0022center\u0022\u003E60 %\u003C\/p\u003E\t\t\t\u003C\/td\u003E\t\t\u003C\/tr\u003E\t\u003C\/tbody\u003E\u003C\/table\u003E\u003Cp\u003E4\/ Les abattements applicables\u003C\/p\u003E\u003Cp\u003EPour le calcul des droits de succession, il est appliqu\u00e9 des abattements qui viennent diminuer la part nette revenant \u00e0 chaque h\u00e9ritier ou l\u00e9gataire, dont le montant varie en fonction du b\u00e9n\u00e9ficiaire, selon le d\u00e9tail suivant.\u003C\/p\u003E\u003Ctable align=\u0022center\u0022\u003E\t\u003Ctbody\u003E\t\t\u003Ctr\u003E\t\t\t\u003Ctd\u003E\t\t\t\u003Cp align=\u0022center\u0022\u003EBENEFICIAIRE\u003C\/p\u003E\t\t\t\u003C\/td\u003E\t\t\t\u003Ctd\u003E\t\t\t\u003Cp align=\u0022center\u0022\u003EABATTEMENT\u003C\/p\u003E\t\t\t\u003C\/td\u003E\t\t\u003C\/tr\u003E\t\t\u003Ctr\u003E\t\t\t\u003Ctd\u003E\t\t\t\u003Cp\u003EEn ligne directe\u003C\/p\u003E\t\t\t\u003C\/td\u003E\t\t\t\u003Ctd\u003E\t\t\t\u003Cp align=\u0022center\u0022\u003E100\u0026nbsp;000 \u20ac\u003C\/p\u003E\t\t\t\u003C\/td\u003E\t\t\u003C\/tr\u003E\t\t\u003Ctr\u003E\t\t\t\u003Ctd\u003E\t\t\t\u003Cp\u003EEntre fr\u00e8res et s\u0153urs\u0026nbsp;\u003C\/p\u003E\t\t\t\u003C\/td\u003E\t\t\t\u003Ctd\u003E\t\t\t\u003Cp align=\u0022center\u0022\u003E15\u0026nbsp;932 \u20ac\u003C\/p\u003E\t\t\t\u003C\/td\u003E\t\t\u003C\/tr\u003E\t\t\u003Ctr\u003E\t\t\t\u003Ctd\u003E\t\t\t\u003Cp\u003EEn faveur d\u2019une personne handicap\u00e9e\u003C\/p\u003E\t\t\t\u003C\/td\u003E\t\t\t\u003Ctd\u003E\t\t\t\u003Cp align=\u0022center\u0022\u003E159\u0026nbsp;325 \u20ac\u003C\/p\u003E\t\t\t\u003C\/td\u003E\t\t\u003C\/tr\u003E\t\t\u003Ctr\u003E\t\t\t\u003Ctd\u003E\t\t\t\u003Cp\u003EEn faveur des neveux et ni\u00e8ces\u003C\/p\u003E\t\t\t\u003C\/td\u003E\t\t\t\u003Ctd\u003E\t\t\t\u003Cp align=\u0022center\u0022\u003E7\u0026nbsp;967 \u20ac\u003C\/p\u003E\t\t\t\u003C\/td\u003E\t\t\u003C\/tr\u003E\t\t\u003Ctr\u003E\t\t\t\u003Ctd\u003E\t\t\t\u003Cp\u003EA d\u00e9faut d\u2019autre abattement sp\u00e9cifique\u003C\/p\u003E\t\t\t\u003C\/td\u003E\t\t\t\u003Ctd\u003E\t\t\t\u003Cp align=\u0022center\u0022\u003E1\u0026nbsp;594 \u20ac\u003C\/p\u003E\t\t\t\u003C\/td\u003E\t\t\u003C\/tr\u003E\t\u003C\/tbody\u003E\u003C\/table\u003E                                            \u003Cp\u003E\u003Cbr \/\u003E\u003Cstrong\u003ESource :\u003C\/strong\u003E\u003Cstrong\u003E\u00a0\u003C\/strong\u003E\u003C\/p\u003E\u003Cul\u003E\t\u003Cli\u003E\u003Ca href=\u0022https:\/\/www.legifrance.gouv.fr\/codes\/article_lc\/LEGIARTI000030061736\/\u0022 rel=\u0022noopener\u0022 target=\u0022_blank\u0022\u003EArticle 777 du Code g\u00e9n\u00e9ral des imp\u00f4ts\u003C\/a\u003E\u003C\/li\u003E\t\u003Cli\u003E\u003Ca href=\u0022https:\/\/www.legifrance.gouv.fr\/codes\/id\/LEGIARTI000026292566\/2024-05-02\/\u0022 rel=\u0022noopener\u0022 target=\u0022_blank\u0022\u003EArticle 779 du Code g\u00e9n\u00e9ral des imp\u00f4ts\u003C\/a\u003E\u003C\/li\u003E\t\u003Cli\u003E\u003Ca href=\u0022https:\/\/www.legifrance.gouv.fr\/codes\/id\/LEGIARTI000042194220\/2024-05-02\/\u0022 rel=\u0022noopener\u0022 target=\u0022_blank\u0022\u003EArticle 788 du Code g\u00e9n\u00e9ral des imp\u00f4ts\u003C\/a\u003E\u003C\/li\u003E\u003C\/ul\u003E\u003C\/div\u003E","annee":"2025","theme":" Indices, taux, bar\u00e8mes fiscaux","activites":["Tout secteur"],"image":"https:\/\/www.weblex.fr\/sites\/default\/files\/chiffres_clef\/Shutterstock_droitsdesuccession.jpg","created":"2025-03-20","modified":"2025-03-20"},{"url":"\/chiffres-cles\/impot-sur-le-revenu-et-decote-2025","id":26010,"title":"Imp\u00f4t sur le revenu et d\u00e9cote \u2013 2025","content":"\u003Cdiv\u003E                                              \u003Cp\u003ELa d\u00e9cote permet d\u2019all\u00e9ger la charge de l\u2019imp\u00f4t pour les personnes faiblement soumises \u00e0 l\u2019imp\u00f4t sur le revenu. En plus de l\u2019am\u00e9nagement du bar\u00e8me, la loi pr\u00e9voit un renforcement du m\u00e9canisme de la d\u00e9cote favorable au contribuable.\u003C\/p\u003E\u003Cp\u003EL\u2019imp\u00f4t r\u00e9sultant du bar\u00e8me progressif, apr\u00e8s application le cas \u00e9ch\u00e9ant, du plafonnement des effets du quotient familial, est diminu\u00e9 :\u003C\/p\u003E\u003Cul\u003E\t\u003Cli\u003Ede la diff\u00e9rence entre 889 \u20ac et 45,25 % de son montant pour les personnes c\u00e9libataires, divorc\u00e9es, s\u00e9par\u00e9es ou veuves ;\u003C\/li\u003E\t\u003Cli\u003Ede la diff\u00e9rence entre 1 470 \u20ac et 45,25 % de son montant pour les personnes soumises \u00e0 une imposition commune.\u003C\/li\u003E\u003C\/ul\u003E                                            \u003Cp\u003E\u003Cbr \/\u003E\u003Cstrong\u003ESource :\u003C\/strong\u003E\u003Cstrong\u003E\u00a0\u003C\/strong\u003E\u003C\/p\u003E\u003Cul\u003E\t\u003Cli\u003E\u003Ca href=\u0022https:\/\/www.legifrance.gouv.fr\/jorf\/id\/JORFTEXT000051168007\u0022 rel=\u0022noopener\u0022 target=\u0022_blank\u0022\u003ELoi de finances pour 2025 du 14 f\u00e9vrier 2025, no 2025-127\u003C\/a\u003E\u0026nbsp;(article 2)\u003C\/li\u003E\u003C\/ul\u003E\u003C\/div\u003E","annee":"2025","theme":" Indices, taux, bar\u00e8mes fiscaux","activites":["Tout secteur"],"image":"https:\/\/www.weblex.fr\/sites\/default\/files\/chiffres_clef\/Shutterstock_decoteimpotsurlerevenu.jpg","created":"2025-03-20","modified":"2025-03-20"},{"url":"\/chiffres-cles\/limites-d-exoneration-d-impot-sur-le-revenu-applicable-a-la-contribution-patronale-a-l-achat-de-titres-restaurant-pour-2025","id":26000,"title":"Limites d\u2019exon\u00e9ration d\u2019imp\u00f4t sur le revenu applicable \u00e0 la contribution patronale \u00e0 l\u2019achat de titres restaurant pour 2025","content":"\u003Cdiv\u003E                                              \u003Cp\u003ELe montant de la contribution patronale \u00e0 l\u2019achat de titres restaurant est exon\u00e9r\u00e9 dans la limite de 7,26 \u20ac \u00e0 compter du 1er janvier 2025.\u003C\/p\u003E                                            \u003Cp\u003E\u003Cbr \/\u003E\u003Cstrong\u003ESource :\u003C\/strong\u003E\u003Cstrong\u003E\u00a0\u003C\/strong\u003E\u003C\/p\u003E\u003Cul\u003E\t\u003Cli\u003E\u003Ca href=\u0022https:\/\/boss.gouv.fr\/portail\/accueil\/autres-elements-de-remuneration\/avantages-en-nature.html#titre-chapitre-2---avantage-en-nature-section-2---cas-particuliers-a-titre-restaurant\u0022 rel=\u0022noopener\u0022 target=\u0022_blank\u0022\u003EBulletin officiel de la S\u00e9curit\u00e9 sociale, mis\u0026nbsp;\u00e0 jour le 26 d\u00e9cembre 2024\u0026nbsp;\u003C\/a\u003E\u003C\/li\u003E\u003C\/ul\u003E\u003C\/div\u003E","annee":"2025","theme":" Indices, taux, bar\u00e8mes fiscaux","activites":["Tout secteur"],"image":"https:\/\/www.weblex.fr\/sites\/default\/files\/chiffres_clef\/Shutterstock_exonerationtitresrestaurant.jpg","created":"2025-03-19","modified":"2025-03-19"},{"url":"\/chiffres-cles\/taux-de-la-taxe-sur-les-salaires-payable-en-2025","id":25999,"title":"Taux de la taxe sur les salaires (payable en 2025)","content":"\u003Cdiv\u003E                                              \u003Cp\u003E\u003Cstrong\u003EPour la m\u00e9tropole :\u003C\/strong\u003E\u003C\/p\u003E\u003Ctable class=\u0022MsoTableGrid\u0022\u003E\t\u003Ctbody\u003E\t\t\u003Ctr\u003E\t\t\t\u003Ctd valign=\u0022top\u0022\u003E\t\t\t\u003Cp align=\u0022center\u0022\u003ER\u00e9mun\u00e9ration brute annuelle\u003C\/p\u003E\t\t\t\u003C\/td\u003E\t\t\t\u003Ctd valign=\u0022top\u0022\u003E\t\t\t\u003Cp align=\u0022center\u0022\u003ETaux applicable\u003C\/p\u003E\t\t\t\u003C\/td\u003E\t\t\u003C\/tr\u003E\t\t\u003Ctr\u003E\t\t\t\u003Ctd valign=\u0022top\u0022\u003E\t\t\t\u003Cp\u003E\u0026nbsp;\u003C\/p\u003E\t\t\t\u003Cp\u003EInf\u00e9rieure ou \u00e9gale \u00e0 8 985 \u20ac\u003C\/p\u003E\t\t\t\u003Cp\u003E\u0026nbsp;\u003C\/p\u003E\t\t\t\u003C\/td\u003E\t\t\t\u003Ctd valign=\u0022top\u0022\u003E\t\t\t\u003Cp\u003E\u0026nbsp;\u003C\/p\u003E\t\t\t\u003Cp align=\u0022right\u0022\u003E4,25 %\u003C\/p\u003E\t\t\t\u003C\/td\u003E\t\t\u003C\/tr\u003E\t\t\u003Ctr\u003E\t\t\t\u003Ctd valign=\u0022top\u0022\u003E\t\t\t\u003Cp\u003E\u0026nbsp;\u003C\/p\u003E\t\t\t\u003Cp\u003ESup\u00e9rieure \u00e0 8 985 \u20ac et inf\u00e9rieure ou \u00e9gale \u00e0 17 936 \u20ac\u003C\/p\u003E\t\t\t\u003Cp\u003E\u0026nbsp;\u003C\/p\u003E\t\t\t\u003C\/td\u003E\t\t\t\u003Ctd valign=\u0022top\u0022\u003E\t\t\t\u003Cp\u003E\u0026nbsp;\u003C\/p\u003E\t\t\t\u003Cp align=\u0022right\u0022\u003E8,50 %\u003C\/p\u003E\t\t\t\u003C\/td\u003E\t\t\u003C\/tr\u003E\t\t\u003Ctr\u003E\t\t\t\u003Ctd valign=\u0022top\u0022\u003E\t\t\t\u003Cp\u003E\u0026nbsp;\u003C\/p\u003E\t\t\t\u003Cp\u003ESup\u00e9rieure \u00e0 17 936 \u20ac\u003C\/p\u003E\t\t\t\u003Cp\u003E\u0026nbsp;\u003C\/p\u003E\t\t\t\u003C\/td\u003E\t\t\t\u003Ctd valign=\u0022top\u0022\u003E\t\t\t\u003Cp\u003E\u0026nbsp;\u003C\/p\u003E\t\t\t\u003Cp align=\u0022right\u0022\u003E13,60 %\u003C\/p\u003E\t\t\t\u003C\/td\u003E\t\t\u003C\/tr\u003E\t\u003C\/tbody\u003E\u003C\/table\u003E\u003Cp\u003E\u0026nbsp;\u003C\/p\u003E\u003Cp\u003E\u003Cstrong\u003EPour l\u2019outre-mer :\u003C\/strong\u003E\u003C\/p\u003E\u003Ctable class=\u0022MsoTableGrid\u0022\u003E\t\u003Ctbody\u003E\t\t\u003Ctr\u003E\t\t\t\u003Ctd valign=\u0022top\u0022\u003E\t\t\t\u003Cp align=\u0022center\u0022\u003ED\u00e9partements d\u2019outre-mer\u003C\/p\u003E\t\t\t\u003C\/td\u003E\t\t\t\u003Ctd valign=\u0022top\u0022\u003E\t\t\t\u003Cp align=\u0022center\u0022\u003ETaux applicable\u003C\/p\u003E\t\t\t\u003C\/td\u003E\t\t\u003C\/tr\u003E\t\t\u003Ctr\u003E\t\t\t\u003Ctd valign=\u0022top\u0022\u003E\t\t\t\u003Cp\u003E\u0026nbsp;\u003C\/p\u003E\t\t\t\u003Cp\u003EGuadeloupe\u003C\/p\u003E\t\t\t\u003Cp\u003EMartinique\u003C\/p\u003E\t\t\t\u003Cp\u003ER\u00e9union\u003C\/p\u003E\t\t\t\u003Cp\u003E\u0026nbsp;\u003C\/p\u003E\t\t\t\u003C\/td\u003E\t\t\t\u003Ctd valign=\u0022top\u0022\u003E\t\t\t\u003Cp align=\u0022center\u0022\u003E\u0026nbsp;\u003C\/p\u003E\t\t\t\u003Cp align=\u0022center\u0022\u003E\u0026nbsp;\u003C\/p\u003E\t\t\t\u003Cp align=\u0022center\u0022\u003E2,95 % sur le montant total des r\u00e9mun\u00e9rations brutes individuelles\u003C\/p\u003E\t\t\t\u003C\/td\u003E\t\t\u003C\/tr\u003E\t\t\u003Ctr\u003E\t\t\t\u003Ctd valign=\u0022top\u0022\u003E\t\t\t\u003Cp\u003E\u0026nbsp;\u003C\/p\u003E\t\t\t\u003Cp\u003EGuyane\u003C\/p\u003E\t\t\t\u003Cp\u003EMayotte\u003C\/p\u003E\t\t\t\u003Cp\u003E\u0026nbsp;\u003C\/p\u003E\t\t\t\u003C\/td\u003E\t\t\t\u003Ctd valign=\u0022top\u0022\u003E\t\t\t\u003Cp\u003E\u0026nbsp;\u003C\/p\u003E\t\t\t\u003Cp align=\u0022center\u0022\u003E2,55 % sur le montant total des r\u00e9mun\u00e9rations brutes individuelles\u003C\/p\u003E\t\t\t\u003Cp\u003E\u0026nbsp;\u003C\/p\u003E\t\t\t\u003C\/td\u003E\t\t\u003C\/tr\u003E\t\u003C\/tbody\u003E\u003C\/table\u003E                                            \u003Cp\u003E\u003Cbr \/\u003E\u003Cstrong\u003ESource :\u003C\/strong\u003E\u003Cstrong\u003E\u00a0\u003C\/strong\u003E\u003C\/p\u003E\u003Cul\u003E\t\u003Cli\u003E\u003Ca href=\u0022https:\/\/entreprendre.service-public.fr\/vosdroits\/F22576\u0022 rel=\u0022noopener\u0022 target=\u0022_blank\u0022\u003EEntreprendre.Service-Public.fr\u003C\/a\u003E\u003C\/li\u003E\u003C\/ul\u003E\u003C\/div\u003E","annee":"2025","theme":" Indices, taux, bar\u00e8mes fiscaux","activites":["Tout secteur"],"image":"https:\/\/www.weblex.fr\/sites\/default\/files\/chiffres_clef\/Shutterstock_taxesurlessalaires.jpg","created":"2025-03-19","modified":"2025-03-19"},{"url":"\/chiffres-cles\/accise-sur-les-produits-du-tabac-2025","id":25989,"title":"Accise sur les produits du tabac - 2025","content":"\u003Cdiv\u003E                                              \u003Cp\u003E\u003Cstrong\u003EEn France continentale :\u003C\/strong\u003E\u003C\/p\u003E\u003Ctable class=\u0022MsoTableGrid\u0022\u003E\t\u003Ctbody\u003E\t\t\u003Ctr\u003E\t\t\t\u003Ctd valign=\u0022top\u0022\u003E\t\t\t\u003Cp align=\u0022center\u0022\u003E\u0026nbsp;\u003C\/p\u003E\t\t\t\u003Cp align=\u0022center\u0022\u003ECat\u00e9gorie fiscale\u003C\/p\u003E\t\t\t\u003C\/td\u003E\t\t\t\u003Ctd valign=\u0022top\u0022\u003E\t\t\t\u003Cp align=\u0022center\u0022\u003E\u0026nbsp;\u003C\/p\u003E\t\t\t\u003Cp align=\u0022center\u0022\u003ETaux (en %)\u003C\/p\u003E\t\t\t\u003C\/td\u003E\t\t\t\u003Ctd valign=\u0022top\u0022\u003E\t\t\t\u003Cp align=\u0022center\u0022\u003E\u0026nbsp;\u003C\/p\u003E\t\t\t\u003Cp align=\u0022center\u0022\u003ETarif en \u20ac pour 1000 unit\u00e9s ou 1000 grammes)\u003C\/p\u003E\t\t\t\u003C\/td\u003E\t\t\t\u003Ctd valign=\u0022top\u0022\u003E\t\t\t\u003Cp align=\u0022center\u0022\u003E\u0026nbsp;\u003C\/p\u003E\t\t\t\u003Cp align=\u0022center\u0022\u003EMinimum de perception (en \u20ac pour 1\u0026nbsp;000 unit\u00e9s ou 1\u0026nbsp;000 grammes)\u003C\/p\u003E\t\t\t\u003Cp align=\u0022center\u0022\u003E\u0026nbsp;\u003C\/p\u003E\t\t\t\u003C\/td\u003E\t\t\u003C\/tr\u003E\t\t\u003Ctr\u003E\t\t\t\u003Ctd valign=\u0022top\u0022\u003E\t\t\t\u003Cp\u003E\u0026nbsp;\u003C\/p\u003E\t\t\t\u003Cp\u003ECigarettes\u003C\/p\u003E\t\t\t\u003Cp\u003E\u0026nbsp;\u003C\/p\u003E\t\t\t\u003C\/td\u003E\t\t\t\u003Ctd valign=\u0022top\u0022\u003E\t\t\t\u003Cp align=\u0022center\u0022\u003E55,00\u003C\/p\u003E\t\t\t\u003C\/td\u003E\t\t\t\u003Ctd valign=\u0022top\u0022\u003E\t\t\t\u003Cp align=\u0022center\u0022\u003E72,70\u003C\/p\u003E\t\t\t\u003C\/td\u003E\t\t\t\u003Ctd valign=\u0022top\u0022\u003E\t\t\t\u003Cp align=\u0022center\u0022\u003E378,80\u003C\/p\u003E\t\t\t\u003C\/td\u003E\t\t\u003C\/tr\u003E\t\t\u003Ctr\u003E\t\t\t\u003Ctd valign=\u0022top\u0022\u003E\t\t\t\u003Cp\u003E\u0026nbsp;\u003C\/p\u003E\t\t\t\u003Cp\u003ECigares et cigarillos\u003C\/p\u003E\t\t\t\u003Cp\u003E\u0026nbsp;\u003C\/p\u003E\t\t\t\u003C\/td\u003E\t\t\t\u003Ctd valign=\u0022top\u0022\u003E\t\t\t\u003Cp align=\u0022center\u0022\u003E36,30\u003C\/p\u003E\t\t\t\u003C\/td\u003E\t\t\t\u003Ctd valign=\u0022top\u0022\u003E\t\t\t\u003Cp align=\u0022center\u0022\u003E55,70\u003C\/p\u003E\t\t\t\u003C\/td\u003E\t\t\t\u003Ctd valign=\u0022top\u0022\u003E\t\t\t\u003Cp align=\u0022center\u0022\u003E302,60\u003C\/p\u003E\t\t\t\u003C\/td\u003E\t\t\u003C\/tr\u003E\t\t\u003Ctr\u003E\t\t\t\u003Ctd valign=\u0022top\u0022\u003E\t\t\t\u003Cp\u003E\u0026nbsp;\u003C\/p\u003E\t\t\t\u003Cp\u003ETabacs fine coupe destin\u00e9s \u00e0 rouler les cigarettes\u003C\/p\u003E\t\t\t\u003Cp\u003E\u0026nbsp;\u003C\/p\u003E\t\t\t\u003C\/td\u003E\t\t\t\u003Ctd valign=\u0022top\u0022\u003E\t\t\t\u003Cp align=\u0022center\u0022\u003E49,10\u003C\/p\u003E\t\t\t\u003C\/td\u003E\t\t\t\u003Ctd valign=\u0022top\u0022\u003E\t\t\t\u003Cp align=\u0022center\u0022\u003E104,20\u003C\/p\u003E\t\t\t\u003C\/td\u003E\t\t\t\u003Ctd valign=\u0022top\u0022\u003E\t\t\t\u003Cp align=\u0022center\u0022\u003E355,80\u003C\/p\u003E\t\t\t\u003C\/td\u003E\t\t\u003C\/tr\u003E\t\t\u003Ctr\u003E\t\t\t\u003Ctd valign=\u0022top\u0022\u003E\t\t\t\u003Cp\u003EAutres tabacs \u00e0 fumer ou \u00e0 inhaler apr\u00e8s avoir \u00e9t\u00e9 chauff\u00e9s\u003C\/p\u003E\t\t\t\u003Cp\u003E(narguil\u00e9, blunts, etc.)\u003C\/p\u003E\t\t\t\u003C\/td\u003E\t\t\t\u003Ctd valign=\u0022top\u0022\u003E\t\t\t\u003Cp align=\u0022center\u0022\u003E51,40\u003C\/p\u003E\t\t\t\u003C\/td\u003E\t\t\t\u003Ctd valign=\u0022top\u0022\u003E\t\t\t\u003Cp align=\u0022center\u0022\u003E35,90\u003C\/p\u003E\t\t\t\u003C\/td\u003E\t\t\t\u003Ctd valign=\u0022top\u0022\u003E\t\t\t\u003Cp align=\u0022center\u0022\u003E152,40\u003C\/p\u003E\t\t\t\u003C\/td\u003E\t\t\u003C\/tr\u003E\t\t\u003Ctr\u003E\t\t\t\u003Ctd valign=\u0022top\u0022\u003E\t\t\t\u003Cp\u003ETabacs \u00e0 chauffer commercialis\u00e9s en b\u00e2tonnets\u003C\/p\u003E\t\t\t\u003C\/td\u003E\t\t\t\u003Ctd valign=\u0022top\u0022\u003E\t\t\t\u003Cp align=\u0022center\u0022\u003E51,40\u003C\/p\u003E\t\t\t\u003C\/td\u003E\t\t\t\u003Ctd valign=\u0022top\u0022\u003E\t\t\t\u003Cp align=\u0022center\u0022\u003E41,10\u003C\/p\u003E\t\t\t\u003C\/td\u003E\t\t\t\u003Ctd valign=\u0022top\u0022\u003E\t\t\t\u003Cp align=\u0022center\u0022\u003E303,80\u003C\/p\u003E\t\t\t\u003C\/td\u003E\t\t\u003C\/tr\u003E\t\t\u003Ctr\u003E\t\t\t\u003Ctd valign=\u0022top\u0022\u003E\t\t\t\u003Cp\u003EAutres tabacs \u00e0 chauffer\u003C\/p\u003E\t\t\t\u003C\/td\u003E\t\t\t\u003Ctd valign=\u0022top\u0022\u003E\t\t\t\u003Cp align=\u0022center\u0022\u003E51,40\u003C\/p\u003E\t\t\t\u003C\/td\u003E\t\t\t\u003Ctd valign=\u0022top\u0022\u003E\t\t\t\u003Cp align=\u0022center\u0022\u003E155,20\u003C\/p\u003E\t\t\t\u003C\/td\u003E\t\t\t\u003Ctd valign=\u0022top\u0022\u003E\t\t\t\u003Cp align=\u0022center\u0022\u003E1 146,40\u003C\/p\u003E\t\t\t\u003C\/td\u003E\t\t\u003C\/tr\u003E\t\t\u003Ctr\u003E\t\t\t\u003Ctd valign=\u0022top\u0022\u003E\t\t\t\u003Cp\u003ETabacs \u00e0 priser\u003C\/p\u003E\t\t\t\u003C\/td\u003E\t\t\t\u003Ctd valign=\u0022top\u0022\u003E\t\t\t\u003Cp align=\u0022center\u0022\u003E58,10\u003C\/p\u003E\t\t\t\u003C\/td\u003E\t\t\t\u003Ctd valign=\u0022top\u0022\u003E\t\t\t\u003Cp\u003E\u0026nbsp;\u003C\/p\u003E\t\t\t\u003C\/td\u003E\t\t\t\u003Ctd valign=\u0022top\u0022\u003E\t\t\t\u003Cp\u003E\u0026nbsp;\u003C\/p\u003E\t\t\t\u003C\/td\u003E\t\t\u003C\/tr\u003E\t\t\u003Ctr\u003E\t\t\t\u003Ctd valign=\u0022top\u0022\u003E\t\t\t\u003Cp\u003ETabacs \u00e0 m\u00e2cher\u003C\/p\u003E\t\t\t\u003C\/td\u003E\t\t\t\u003Ctd valign=\u0022top\u0022\u003E\t\t\t\u003Cp align=\u0022center\u0022\u003E40,70\u003C\/p\u003E\t\t\t\u003C\/td\u003E\t\t\t\u003Ctd valign=\u0022top\u0022\u003E\t\t\t\u003Cp\u003E\u0026nbsp;\u003C\/p\u003E\t\t\t\u003C\/td\u003E\t\t\t\u003Ctd valign=\u0022top\u0022\u003E\t\t\t\u003Cp\u003E\u0026nbsp;\u003C\/p\u003E\t\t\t\u003C\/td\u003E\t\t\u003C\/tr\u003E\t\u003C\/tbody\u003E\u003C\/table\u003E\u003Cp\u003E\u0026nbsp;\u003C\/p\u003E\u003Cp\u003E\u003Cstrong\u003EEn Corse :\u003C\/strong\u003E\u003C\/p\u003E\u003Ctable class=\u0022MsoTableGrid\u0022\u003E\t\u003Ctbody\u003E\t\t\u003Ctr\u003E\t\t\t\u003Ctd valign=\u0022top\u0022\u003E\t\t\t\u003Cp align=\u0022center\u0022\u003E\u0026nbsp;\u003C\/p\u003E\t\t\t\u003Cp align=\u0022center\u0022\u003ECat\u00e9gorie fiscale\u003C\/p\u003E\t\t\t\u003C\/td\u003E\t\t\t\u003Ctd valign=\u0022top\u0022\u003E\t\t\t\u003Cp align=\u0022center\u0022\u003E\u0026nbsp;\u003C\/p\u003E\t\t\t\u003Cp align=\u0022center\u0022\u003ETaux (en %)\u003C\/p\u003E\t\t\t\u003C\/td\u003E\t\t\t\u003Ctd valign=\u0022top\u0022\u003E\t\t\t\u003Cp align=\u0022center\u0022\u003E\u0026nbsp;\u003C\/p\u003E\t\t\t\u003Cp align=\u0022center\u0022\u003ETarif en \u20ac pour 1000 unit\u00e9s ou 1000 grammes)\u003C\/p\u003E\t\t\t\u003C\/td\u003E\t\t\t\u003Ctd valign=\u0022top\u0022\u003E\t\t\t\u003Cp align=\u0022center\u0022\u003E\u0026nbsp;\u003C\/p\u003E\t\t\t\u003Cp align=\u0022center\u0022\u003EMinimum de perception (en \u20ac pour 1\u0026nbsp;000 unit\u00e9s ou 1\u0026nbsp;000 grammes)\u003C\/p\u003E\t\t\t\u003Cp align=\u0022center\u0022\u003E\u0026nbsp;\u003C\/p\u003E\t\t\t\u003C\/td\u003E\t\t\u003C\/tr\u003E\t\t\u003Ctr\u003E\t\t\t\u003Ctd valign=\u0022top\u0022\u003E\t\t\t\u003Cp\u003E\u0026nbsp;\u003C\/p\u003E\t\t\t\u003Cp\u003ECigarettes\u003C\/p\u003E\t\t\t\u003Cp\u003E\u0026nbsp;\u003C\/p\u003E\t\t\t\u003C\/td\u003E\t\t\t\u003Ctd valign=\u0022top\u0022\u003E\t\t\t\u003Cp align=\u0022center\u0022\u003E53,90\u003C\/p\u003E\t\t\t\u003C\/td\u003E\t\t\t\u003Ctd valign=\u0022top\u0022\u003E\t\t\t\u003Cp align=\u0022center\u0022\u003E67,90\u003C\/p\u003E\t\t\t\u003C\/td\u003E\t\t\t\u003Ctd valign=\u0022top\u0022\u003E\t\t\t\u003Cp\u003E\u0026nbsp;\u003C\/p\u003E\t\t\t\u003C\/td\u003E\t\t\u003C\/tr\u003E\t\t\u003Ctr\u003E\t\t\t\u003Ctd valign=\u0022top\u0022\u003E\t\t\t\u003Cp\u003E\u0026nbsp;\u003C\/p\u003E\t\t\t\u003Cp\u003ECigares et cigarillos\u003C\/p\u003E\t\t\t\u003Cp\u003E\u0026nbsp;\u003C\/p\u003E\t\t\t\u003C\/td\u003E\t\t\t\u003Ctd valign=\u0022top\u0022\u003E\t\t\t\u003Cp align=\u0022center\u0022\u003E34,30\u003C\/p\u003E\t\t\t\u003C\/td\u003E\t\t\t\u003Ctd valign=\u0022top\u0022\u003E\t\t\t\u003Cp align=\u0022center\u0022\u003E53,70\u003C\/p\u003E\t\t\t\u003C\/td\u003E\t\t\t\u003Ctd valign=\u0022top\u0022\u003E\t\t\t\u003Cp\u003E\u0026nbsp;\u003C\/p\u003E\t\t\t\u003C\/td\u003E\t\t\u003C\/tr\u003E\t\t\u003Ctr\u003E\t\t\t\u003Ctd valign=\u0022top\u0022\u003E\t\t\t\u003Cp\u003E\u0026nbsp;\u003C\/p\u003E\t\t\t\u003Cp\u003ETabacs fine coupe destin\u00e9s \u00e0 rouler les cigarettes\u003C\/p\u003E\t\t\t\u003Cp\u003E\u0026nbsp;\u003C\/p\u003E\t\t\t\u003C\/td\u003E\t\t\t\u003Ctd valign=\u0022top\u0022\u003E\t\t\t\u003Cp align=\u0022center\u0022\u003E46,40\u003C\/p\u003E\t\t\t\u003C\/td\u003E\t\t\t\u003Ctd valign=\u0022top\u0022\u003E\t\t\t\u003Cp align=\u0022center\u0022\u003E95,40\u003C\/p\u003E\t\t\t\u003C\/td\u003E\t\t\t\u003Ctd valign=\u0022top\u0022\u003E\t\t\t\u003Cp\u003E\u0026nbsp;\u003C\/p\u003E\t\t\t\u003C\/td\u003E\t\t\u003C\/tr\u003E\t\t\u003Ctr\u003E\t\t\t\u003Ctd valign=\u0022top\u0022\u003E\t\t\t\u003Cp\u003EAutres tabacs \u00e0 fumer ou \u00e0 inhaler apr\u00e8s avoir \u00e9t\u00e9 chauff\u00e9s\u003C\/p\u003E\t\t\t\u003Cp\u003E(narguil\u00e9, blunts, etc.)\u003C\/p\u003E\t\t\t\u003C\/td\u003E\t\t\t\u003Ctd valign=\u0022top\u0022\u003E\t\t\t\u003Cp align=\u0022center\u0022\u003E49,40\u003C\/p\u003E\t\t\t\u003C\/td\u003E\t\t\t\u003Ctd valign=\u0022top\u0022\u003E\t\t\t\u003Cp align=\u0022center\u0022\u003E32,20\u003C\/p\u003E\t\t\t\u003C\/td\u003E\t\t\t\u003Ctd valign=\u0022top\u0022\u003E\t\t\t\u003Cp\u003E\u0026nbsp;\u003C\/p\u003E\t\t\t\u003C\/td\u003E\t\t\u003C\/tr\u003E\t\t\u003Ctr\u003E\t\t\t\u003Ctd valign=\u0022top\u0022\u003E\t\t\t\u003Cp\u003ETabacs \u00e0 chauffer commercialis\u00e9s en b\u00e2tonnets\u003C\/p\u003E\t\t\t\u003C\/td\u003E\t\t\t\u003Ctd valign=\u0022top\u0022\u003E\t\t\t\u003Cp align=\u0022center\u0022\u003E49,40\u003C\/p\u003E\t\t\t\u003C\/td\u003E\t\t\t\u003Ctd valign=\u0022top\u0022\u003E\t\t\t\u003Cp align=\u0022center\u0022\u003E41,10\u003C\/p\u003E\t\t\t\u003C\/td\u003E\t\t\t\u003Ctd valign=\u0022top\u0022\u003E\t\t\t\u003Cp\u003E\u0026nbsp;\u003C\/p\u003E\t\t\t\u003C\/td\u003E\t\t\u003C\/tr\u003E\t\t\u003Ctr\u003E\t\t\t\u003Ctd valign=\u0022top\u0022\u003E\t\t\t\u003Cp\u003EAutres tabacs \u00e0 chauffer\u003C\/p\u003E\t\t\t\u003C\/td\u003E\t\t\t\u003Ctd valign=\u0022top\u0022\u003E\t\t\t\u003Cp align=\u0022center\u0022\u003E49,40\u003C\/p\u003E\t\t\t\u003C\/td\u003E\t\t\t\u003Ctd valign=\u0022top\u0022\u003E\t\t\t\u003Cp align=\u0022center\u0022\u003E155\u003C\/p\u003E\t\t\t\u003C\/td\u003E\t\t\t\u003Ctd valign=\u0022top\u0022\u003E\t\t\t\u003Cp\u003E\u0026nbsp;\u003C\/p\u003E\t\t\t\u003C\/td\u003E\t\t\u003C\/tr\u003E\t\t\u003Ctr\u003E\t\t\t\u003Ctd valign=\u0022top\u0022\u003E\t\t\t\u003Cp\u003ETabacs \u00e0 priser\u003C\/p\u003E\t\t\t\u003C\/td\u003E\t\t\t\u003Ctd valign=\u0022top\u0022\u003E\t\t\t\u003Cp align=\u0022center\u0022\u003E55,40\u003C\/p\u003E\t\t\t\u003C\/td\u003E\t\t\t\u003Ctd valign=\u0022top\u0022\u003E\t\t\t\u003Cp\u003E\u0026nbsp;\u003C\/p\u003E\t\t\t\u003C\/td\u003E\t\t\t\u003Ctd valign=\u0022top\u0022\u003E\t\t\t\u003Cp\u003E\u0026nbsp;\u003C\/p\u003E\t\t\t\u003C\/td\u003E\t\t\u003C\/tr\u003E\t\t\u003Ctr\u003E\t\t\t\u003Ctd valign=\u0022top\u0022\u003E\t\t\t\u003Cp\u003ETabacs \u00e0 m\u00e2cher\u003C\/p\u003E\t\t\t\u003C\/td\u003E\t\t\t\u003Ctd valign=\u0022top\u0022\u003E\t\t\t\u003Cp align=\u0022center\u0022\u003E39,00\u003C\/p\u003E\t\t\t\u003C\/td\u003E\t\t\t\u003Ctd valign=\u0022top\u0022\u003E\t\t\t\u003Cp\u003E\u0026nbsp;\u003C\/p\u003E\t\t\t\u003C\/td\u003E\t\t\t\u003Ctd valign=\u0022top\u0022\u003E\t\t\t\u003Cp\u003E\u0026nbsp;\u003C\/p\u003E\t\t\t\u003C\/td\u003E\t\t\u003C\/tr\u003E\t\u003C\/tbody\u003E\u003C\/table\u003E                                            \u003Cp\u003E\u003Cbr \/\u003E\u003Cstrong\u003ESource :\u003C\/strong\u003E\u003Cstrong\u003E\u00a0\u003C\/strong\u003E\u003C\/p\u003E\u003Cul\u003E\t\u003Cli\u003E\u003Ca href=\u0022https:\/\/www.douane.gouv.fr\/fiche\/la-fiscalite-appliquee-aux-tabacs-manufactures-et-la-composition-du-prix-de-vente-au-detail\u0022 rel=\u0022noopener\u0022 target=\u0022_blank\u0022\u003Esite internet des douanes\u003C\/a\u003E\u003C\/li\u003E\u003C\/ul\u003E\u003C\/div\u003E","annee":"2025","theme":" Indices, taux, bar\u00e8mes fiscaux","activites":["Commer\u00e7ant","Industrie"],"image":"https:\/\/www.weblex.fr\/sites\/default\/files\/chiffres_clef\/Shutterstock_accisetabacmanufactures.jpg","created":"2025-03-18","modified":"2025-03-18"},{"url":"\/chiffres-cles\/prix-moyen-pondere-de-vente-au-detail-des-produits-du-tabac-0","id":25988,"title":"Prix moyen pond\u00e9r\u00e9 de vente au d\u00e9tail des produits du tabac","content":"\u003Cdiv\u003E                                              \u003Cp\u003EEn France continentale, le prix moyen pond\u00e9r\u00e9 de vente au d\u00e9tail s\u0027\u00e9tablit pour l\u0027ann\u00e9e 2024 et pour chaque groupe de produits de la mani\u00e8re suivante :\u003C\/p\u003E\u003Ctable align=\u0022center\u0022 class=\u0022Table\u0022\u003E\t\u003Ctbody\u003E\t\t\u003Ctr\u003E\t\t\t\u003Ctd\u003E\t\t\t\u003Cp align=\u0022center\u0022\u003E\u003Cbr \/\u003E\t\t\tGROUPE DE PRODUITS\u003C\/p\u003E\t\t\t\u003C\/td\u003E\t\t\t\u003Ctd\u003E\t\t\t\u003Cp align=\u0022center\u0022\u003E\u003Cbr \/\u003E\t\t\tPRIX MOYEN POND\u00c9R\u00c9\u003Cbr \/\u003E\t\t\t(pour 1 000 unit\u00e9s ou 1 000 grammes)\u003C\/p\u003E\t\t\t\u003C\/td\u003E\t\t\u003C\/tr\u003E\t\t\u003Ctr\u003E\t\t\t\u003Ctd\u003E\t\t\t\u003Cp align=\u0022center\u0022\u003E\u003Cbr \/\u003E\t\t\tCigarettes\u003C\/p\u003E\t\t\t\u003C\/td\u003E\t\t\t\u003Ctd\u003E\t\t\t\u003Cp align=\u0022center\u0022\u003E\u003Cbr \/\u003E\t\t\t603,59 \u20ac\u003C\/p\u003E\t\t\t\u003C\/td\u003E\t\t\u003C\/tr\u003E\t\t\u003Ctr\u003E\t\t\t\u003Ctd\u003E\t\t\t\u003Cp align=\u0022center\u0022\u003E\u003Cbr \/\u003E\t\t\tCigares et cigarillos\u003C\/p\u003E\t\t\t\u003C\/td\u003E\t\t\t\u003Ctd\u003E\t\t\t\u003Cp align=\u0022center\u0022\u003E\u003Cbr \/\u003E\t\t\t776,67 \u20ac\u003C\/p\u003E\t\t\t\u003C\/td\u003E\t\t\u003C\/tr\u003E\t\t\u003Ctr\u003E\t\t\t\u003Ctd\u003E\t\t\t\u003Cp align=\u0022center\u0022\u003E\u003Cbr \/\u003E\t\t\tTabacs fine coupe destin\u00e9s \u00e0 rouler\u003Cbr \/\u003E\t\t\tles cigarettes\u003C\/p\u003E\t\t\t\u003C\/td\u003E\t\t\t\u003Ctd\u003E\t\t\t\u003Cp align=\u0022center\u0022\u003E\u003Cbr \/\u003E\t\t\t568,79 \u20ac\u003C\/p\u003E\t\t\t\u003C\/td\u003E\t\t\u003C\/tr\u003E\t\t\u003Ctr\u003E\t\t\t\u003Ctd\u003E\t\t\t\u003Cp align=\u0022center\u0022\u003E\u003Cbr \/\u003E\t\t\tAutres tabacs \u00e0 fumer ou \u00e0 inhaler apr\u00e8s avoir \u00e9t\u00e9 chauff\u00e9s\u003C\/p\u003E\t\t\t\u003C\/td\u003E\t\t\t\u003Ctd\u003E\t\t\t\u003Cp align=\u0022center\u0022\u003E\u003Cbr \/\u003E\t\t\t300,26 \u20ac\u003C\/p\u003E\t\t\t\u003C\/td\u003E\t\t\u003C\/tr\u003E\t\t\u003Ctr\u003E\t\t\t\u003Ctd\u003E\t\t\t\u003Cp align=\u0022center\u0022\u003EAutres tabacs \u00e0 chauffer\u003C\/p\u003E\t\t\t\u003C\/td\u003E\t\t\t\u003Ctd\u003E\t\t\t\u003Cp align=\u0022center\u0022\u003E1 779,91 \u20ac\u003C\/p\u003E\t\t\t\u003C\/td\u003E\t\t\u003C\/tr\u003E\t\t\u003Ctr\u003E\t\t\t\u003Ctd\u003E\t\t\t\u003Cp align=\u0022center\u0022\u003E\u003Cbr \/\u003E\t\t\tTabacs \u00e0 priser\u003C\/p\u003E\t\t\t\u003C\/td\u003E\t\t\t\u003Ctd\u003E\t\t\t\u003Cp align=\u0022center\u0022\u003E\u003Cbr \/\u003E\t\t\t634,29 \u20ac\u003C\/p\u003E\t\t\t\u003C\/td\u003E\t\t\u003C\/tr\u003E\t\t\u003Ctr\u003E\t\t\t\u003Ctd\u003E\t\t\t\u003Cp align=\u0022center\u0022\u003E\u003Cbr \/\u003E\t\t\tTabacs \u00e0 m\u00e2cher\u003C\/p\u003E\t\t\t\u003C\/td\u003E\t\t\t\u003Ctd\u003E\t\t\t\u003Cp align=\u0022center\u0022\u003E\u003Cbr \/\u003E\t\t\t199,00 \u20ac\u003C\/p\u003E\t\t\t\u003C\/td\u003E\t\t\u003C\/tr\u003E\t\u003C\/tbody\u003E\u003C\/table\u003E                                            \u003Cp\u003E\u003Cbr \/\u003E\u003Cstrong\u003ESource :\u003C\/strong\u003E\u003Cstrong\u003E\u00a0\u003C\/strong\u003E\u003C\/p\u003E\u003Cul\u003E\t\u003Cli\u003E\u003Ca href=\u0022https:\/\/www.legifrance.gouv.fr\/jorf\/id\/JORFTEXT000051145827\u0022 rel=\u0022noopener\u0022 target=\u0022_blank\u0022\u003EArr\u00eat\u00e9 du 23 janvier 2025 constatant pour chaque groupe de produits du tabac le prix moyen pond\u00e9r\u00e9 de vente au d\u00e9tail pour l\u0027ann\u00e9e 2024 au sens de l\u0027article 575 du code g\u00e9n\u00e9ral des imp\u00f4ts\u003C\/a\u003E\u003C\/li\u003E\u003C\/ul\u003E\u003C\/div\u003E","annee":"2025","theme":" Indices, taux, bar\u00e8mes fiscaux","activites":["Commer\u00e7ant"],"image":"https:\/\/www.weblex.fr\/sites\/default\/files\/chiffres_clef\/Shutterstock_prixmoyenproduittabac.jpg","created":"2025-03-18","modified":"2025-03-18"},{"url":"\/chiffres-cles\/taux-de-l-impot-sur-les-societes-et-de-la-contribution-additionnelle-2025","id":25990,"title":"Taux de l\u2019imp\u00f4t sur les soci\u00e9t\u00e9s et de la contribution additionnelle - 2025","content":"\u003Cdiv\u003E                                              \u003Ch2\u003ETaux de l\u0027imp\u00f4t sur les soci\u00e9t\u00e9s\u003C\/h2\u003E\u003Cul\u003E\t\u003Cli\u003E\u003Cstrong\u003ETaux de droit commun\u003C\/strong\u003E\u003C\/li\u003E\u003C\/ul\u003E\u003Cp\u003EPour les entreprises dont le chiffre d\u2019affaires n\u2019exc\u00e8de pas 10M\u20ac\u003C\/p\u003E\u003Ctable align=\u0022center\u0022 class=\u0022MsoTableGrid\u0022 width=\u0022278\u0022\u003E\t\u003Ctbody\u003E\t\t\u003Ctr\u003E\t\t\t\u003Ctd valign=\u0022top\u0022\u003E\t\t\t\u003Cp align=\u0022center\u0022\u003EB\u00e9n\u00e9fices imposables\u003C\/p\u003E\t\t\t\u003C\/td\u003E\t\t\t\u003Ctd valign=\u0022top\u0022\u003E\t\t\t\u003Cp\u003EExercice 2025\u003C\/p\u003E\t\t\t\u003C\/td\u003E\t\t\u003C\/tr\u003E\t\t\u003Ctr\u003E\t\t\t\u003Ctd valign=\u0022top\u0022\u003E\t\t\t\u003Cp align=\u0022center\u0022\u003E0 \u00e0 42 500 \u20ac\u003C\/p\u003E\t\t\t\u003C\/td\u003E\t\t\t\u003Ctd valign=\u0022top\u0022\u003E\t\t\t\u003Cp\u003E15 %\u003C\/p\u003E\t\t\t\u003C\/td\u003E\t\t\u003C\/tr\u003E\t\t\u003Ctr\u003E\t\t\t\u003Ctd valign=\u0022top\u0022\u003E\t\t\t\u003Cp align=\u0022center\u0022\u003Eau-del\u00e0 de 42 500 \u20ac\u003C\/p\u003E\t\t\t\u003C\/td\u003E\t\t\t\u003Ctd valign=\u0022top\u0022\u003E\t\t\t\u003Cp\u003E25 %\u003C\/p\u003E\t\t\t\u003C\/td\u003E\t\t\u003C\/tr\u003E\t\u003C\/tbody\u003E\u003C\/table\u003E\u003Cp\u003EPour les entreprises dont le chiffre d\u2019affaires est d\u2019au moins 10 M\u20ac, le taux unique de l\u2019IS est de 25 %.\u003C\/p\u003E\u003Cul\u003E\t\u003Cli\u003E\u003Cstrong\u003ETaux sp\u00e9cifiques\u003C\/strong\u003E\t\u003Cul\u003E\t\t\u003Cli\u003E19 % pour les titres de participation dans des soci\u00e9t\u00e9s \u00e0 pr\u00e9pond\u00e9rance immobili\u00e8re cot\u00e9es d\u00e9tenus depuis au moins 2 ans\u003C\/li\u003E\t\t\u003Cli\u003E10 % (depuis le 1er janvier 2019) pour les produits nets tir\u00e9s de la sous-concession ou de la concession de licences d\u0027exploitation de brevets, d\u0027inventions brevetables, de proc\u00e9d\u00e9s de fabrication et de perfectionnements, si l\u2019option pour le nouveau r\u00e9gime d\u2019imposition des brevets est formul\u00e9e. A d\u00e9faut d\u2019option, le taux d\u2019imposition est fix\u00e9 \u00e0 15 %.\u003C\/li\u003E\t\t\u003Cli\u003E15 % pour les plus-values de cession de parts de fonds commun de placement \u00e0 risques et d\u0027actions de soci\u00e9t\u00e9s de capital-risque\u003C\/li\u003E\t\u003C\/ul\u003E\t\u003C\/li\u003E\u003C\/ul\u003E\u003Ch2\u003E\u0026nbsp;\u003C\/h2\u003E\u003Ch2\u003ETaux de la contribution additionnelle\u003C\/h2\u003E\u003Cp\u003EContribution sociale de 3,3 % sur la part de l\u0027imp\u00f4t sur les soci\u00e9t\u00e9s qui exc\u00e8de 763 000 \u20ac\u003C\/p\u003E                                            \u003Cp\u003E\u003Cbr \/\u003E\u003Cstrong\u003ESource :\u003C\/strong\u003E\u003Cstrong\u003E\u00a0\u003C\/strong\u003E\u003C\/p\u003E\u003Cul\u003E\t\u003Cli\u003E\u003Ca href=\u0022https:\/\/www.legifrance.gouv.fr\/codes\/article_lc\/LEGIARTI000042908577\/#:~:text=I.,l\u0027euro%20le%20plus%20proche.\u0026amp;text=Par%20d%C3%A9rogation%2C%20pour%20les%20exercices%20ouverts%20%C3%A0%20compter%20du%201er,%2C%20%C3%A0%2027%2C5%20%25.\u0022 rel=\u0022noopener\u0022 target=\u0022_blank\u0022\u003EArticle 219 du Code g\u00e9n\u00e9ral des imp\u00f4ts\u003C\/a\u003E (taux de l\u2019imp\u00f4t sur les soci\u00e9t\u00e9s)\u003C\/li\u003E\t\u003Cli\u003E\u003Ca href=\u0022https:\/\/www.legifrance.gouv.fr\/codes\/article_lc\/LEGIARTI000031011715\/#:~:text=I.,par%20p%C3%A9riode%20de%20douze%20mois.\u0022 rel=\u0022noopener\u0022 target=\u0022_blank\u0022\u003EArticle 235 ter ZC du Code g\u00e9n\u00e9ral des imp\u00f4ts\u003C\/a\u003E (contribution sociale de 3,3 %)\u003C\/li\u003E\u003C\/ul\u003E\u003C\/div\u003E","annee":"2025","theme":" Indices, taux, bar\u00e8mes fiscaux","activites":["Tout secteur"],"image":"https:\/\/www.weblex.fr\/sites\/default\/files\/chiffres_clef\/Shutterstock_tauximpotsociete.jpg","created":"2025-03-18","modified":"2025-03-18"},{"url":"\/chiffres-cles\/regimes-d-imposition-des-entreprises-agricoles-a-l-impot-sur-le-revenu-benefices-agricoles-annee-2025","id":25986,"title":"R\u00e9gimes d\u2019imposition des entreprises agricoles \u00e0 l\u2019imp\u00f4t sur le revenu (b\u00e9n\u00e9fices agricoles) \u2013 ann\u00e9e 2025","content":"\u003Cdiv\u003E                                              \u003Cp\u003E\u003Cstrong\u003ER\u00e9gime d\u2019imposition \u00e0 l\u2019imp\u00f4t sur le revenu :\u003C\/strong\u003E\u003C\/p\u003E\u003Cul\u003E\t\u003Cli\u003Ele r\u00e9gime micro-BA ne s\u2019applique qu\u2019aux exploitants dont la moyenne des recettes est inf\u00e9rieure \u00e0 120 000 \u20ac hors taxes sur 3 ann\u00e9es cons\u00e9cutives ;\u003C\/li\u003E\t\u003Cli\u003Ele r\u00e9gime r\u00e9el simplifi\u00e9 d\u2019imposition s\u2019applique aux exploitants dont la moyenne des recettes, mesur\u00e9e sur 3 ann\u00e9es cons\u00e9cutives, est comprise entre 120 000 et 391 000 \u20ac, hors taxes ;\u003C\/li\u003E\t\u003Cli\u003Ele r\u00e9gime r\u00e9el normal s\u2019applique aux exploitants dont la moyenne des recettes, mesur\u00e9e sur 3 ann\u00e9es cons\u00e9cutives, est sup\u00e9rieure \u00e0 391 000 \u20ac hors taxes.\u003C\/li\u003E\u003C\/ul\u003E                                            \u003Cp\u003E\u003Cbr \/\u003E\u003Cstrong\u003ESource :\u003C\/strong\u003E\u003Cstrong\u003E\u00a0\u003C\/strong\u003E\u003C\/p\u003E\u003Cul\u003E\t\u003Cli\u003E\u003Ca href=\u0022https:\/\/www.legifrance.gouv.fr\/codes\/article_lc\/LEGIARTI000042908401\/#:~:text=Un%20r%C3%A9gime%20simplifi%C3%A9%20d\u0027imposition,l\u0027imp%C3%B4t%20sur%20le%20revenu%20%3A\u0026amp;text=De%20plein%20droit%2C%20aux%20autres,365%20000%20%E2%82%AC%2C%20hors%20taxes.\u0022 rel=\u0022noopener\u0022 target=\u0022_blank\u0022\u003EArticle 69 du Code g\u00e9n\u00e9ral des imp\u00f4ts\u003C\/a\u003E\u003C\/li\u003E\u003C\/ul\u003E\u003C\/div\u003E","annee":"2025","theme":" Indices, taux, bar\u00e8mes fiscaux","activites":["Agriculture"],"image":"https:\/\/www.weblex.fr\/sites\/default\/files\/chiffres_clef\/Shutterstock_beneficesagricoles.jpg","created":"2025-03-17","modified":"2025-03-17"},{"url":"\/chiffres-cles\/plafonds-de-loyers-et-de-ressources-retenus-pour-l-application-du-dispositif-de-defiscalisation-immobiliere-scellier-2025","id":25975,"title":"Plafonds de loyers et de ressources retenus pour l\u2019application du dispositif de d\u00e9fiscalisation immobili\u00e8re \u00ab Scellier \u00bb - 2025","content":"\u003Cdiv\u003E                                              \u003Ch2\u003EPlafonds de loyer\u003C\/h2\u003E\u003Cp\u003EPour les baux conclus ou renouvel\u00e9s en 2025, les plafonds au m\u00b2 (charges non comprises) sont les suivants :\u003C\/p\u003E\u003Cul\u003E\u003Cli\u003E\u003Cstrong\u003EDispositif \u00ab Scellier M\u00e9tropole \u00bb :\u003C\/strong\u003E\u003C\/li\u003E\u003C\/ul\u003E\u003Cp\u003EPour les investissements r\u00e9alis\u00e9s jusqu\u2019au 31 d\u00e9cembre 2010 :\u003C\/p\u003E\u003Ctable class=\u0022Table\u0022\u003E\u003Ctr\u003E\u003Ctd\u003E\u003Cp align=\u0022center\u0022\u003E\u003Cstrong\u003EZones\u003C\/strong\u003E\u003C\/p\u003E\u003C\/td\u003E\u003Ctd\u003E\u003Cp align=\u0022center\u0022\u003E\u003Cstrong\u003EA\u003C\/strong\u003E\u003C\/p\u003E\u003C\/td\u003E\u003Ctd\u003E\u003Cp align=\u0022center\u0022\u003E\u003Cstrong\u003EB1\u003C\/strong\u003E\u003C\/p\u003E\u003C\/td\u003E\u003Ctd\u003E\u003Cp align=\u0022center\u0022\u003E\u003Cstrong\u003EB2\u003C\/strong\u003E\u003C\/p\u003E\u003C\/td\u003E\u003C\/tr\u003E\u003Ctbody\u003E\u003Ctr\u003E\u003Ctd\u003E\u003Cp align=\u0022center\u0022\u003E\u003Cstrong\u003ESecteur libre\u003C\/strong\u003E\u003C\/p\u003E\u003C\/td\u003E\u003Ctd\u003E\u003Cp\u003E26,81 \u20ac\u003C\/p\u003E\u003C\/td\u003E\u003Ctd\u003E\u003Cp\u003E18,64 \u20ac\u003C\/p\u003E\u003C\/td\u003E\u003Ctd\u003E\u003Cp\u003E15,25 \u20ac\u003C\/p\u003E\u003C\/td\u003E\u003C\/tr\u003E\u003Ctr\u003E\u003Ctd\u003E\u003Cp align=\u0022center\u0022\u003E\u003Cstrong\u003ESecteur interm\u00e9diaire\u003C\/strong\u003E\u003C\/p\u003E\u003C\/td\u003E\u003Ctd\u003E\u003Cp\u003E21,45 \u20ac\u003C\/p\u003E\u003C\/td\u003E\u003Ctd\u003E\u003Cp\u003E14,91 \u20ac\u003C\/p\u003E\u003C\/td\u003E\u003Ctd\u003E\u003Cp\u003E12,20 \u20ac\u003C\/p\u003E\u003C\/td\u003E\u003C\/tr\u003E\u003C\/tbody\u003E\u003C\/table\u003E\u003Cp\u003EPour les investissements r\u00e9alis\u00e9s \u00e0 compter du 1er janvier 2011 :\u003C\/p\u003E\u003Ctable class=\u0022Table\u0022\u003E\u003Ctr\u003E\u003Ctd\u003E\u003Cp align=\u0022center\u0022\u003E\u003Cstrong\u003EZones\u003C\/strong\u003E\u003C\/p\u003E\u003C\/td\u003E\u003Ctd\u003E\u003Cp align=\u0022center\u0022\u003E\u003Cstrong\u003EA bis\u003C\/strong\u003E\u003C\/p\u003E\u003C\/td\u003E\u003Ctd\u003E\u003Cp align=\u0022center\u0022\u003E\u003Cstrong\u003EA\u003C\/strong\u003E\u003C\/p\u003E\u003C\/td\u003E\u003Ctd\u003E\u003Cp align=\u0022center\u0022\u003E\u003Cstrong\u003EB1\u003C\/strong\u003E\u003C\/p\u003E\u003C\/td\u003E\u003Ctd\u003E\u003Cp align=\u0022center\u0022\u003E\u003Cstrong\u003EB2\u003C\/strong\u003E\u003C\/p\u003E\u003C\/td\u003E\u003Ctd\u003E\u003Cp align=\u0022center\u0022\u003E\u003Cstrong\u003EC\u003C\/strong\u003E\u003C\/p\u003E\u003C\/td\u003E\u003C\/tr\u003E\u003Ctbody\u003E\u003Ctr\u003E\u003Ctd\u003E\u003Cp align=\u0022center\u0022\u003E\u003Cstrong\u003ESecteur libre\u003C\/strong\u003E\u003C\/p\u003E\u003C\/td\u003E\u003Ctd\u003E\u003Cp\u003E26,65 \u20ac\u003C\/p\u003E\u003C\/td\u003E\u003Ctd\u003E\u003Cp\u003E19,76 \u20ac\u003C\/p\u003E\u003C\/td\u003E\u003Ctd\u003E\u003Cp\u003E15,93 \u20ac\u003C\/p\u003E\u003C\/td\u003E\u003Ctd\u003E\u003Cp\u003E13,01 \u20ac\u003C\/p\u003E\u003C\/td\u003E\u003Ctd\u003E\u003Cp\u003E9,05 \u20ac\u003C\/p\u003E\u003C\/td\u003E\u003C\/tr\u003E\u003Ctr\u003E\u003Ctd\u003E\u003Cp align=\u0022center\u0022\u003E\u003Cstrong\u003ESecteur interm\u00e9diaire\u003C\/strong\u003E\u003C\/p\u003E\u003C\/td\u003E\u003Ctd\u003E\u003Cp\u003E21,32 \u20ac\u003C\/p\u003E\u003C\/td\u003E\u003Ctd\u003E\u003Cp\u003E15,81 \u20ac\u003C\/p\u003E\u003C\/td\u003E\u003Ctd\u003E\u003Cp\u003E12,74 \u20ac\u003C\/p\u003E\u003C\/td\u003E\u003Ctd\u003E\u003Cp\u003E10,41 \u20ac\u003C\/p\u003E\u003C\/td\u003E\u003Ctd\u003E\u003Cp\u003E7,24 \u20ac\u003C\/p\u003E\u003C\/td\u003E\u003C\/tr\u003E\u003C\/tbody\u003E\u003C\/table\u003E\u003Cp\u003E\u0026nbsp;\u003C\/p\u003E\u003Cul\u003E\u003Cli\u003E\u003Cstrong\u003EDispositif \u00ab Scellier Outre-mer \u00bb :\u003C\/strong\u003E\u003C\/li\u003E\u003C\/ul\u003E\u003Cp\u003EPour les investissements r\u00e9alis\u00e9s \u00e0 compter du 27 mai 2009 :\u003C\/p\u003E\u003Ctable class=\u0022Table\u0022 width=\u0022605\u0022\u003E\u003Ctr\u003E\u003Ctd\u003E\u003Cp align=\u0022center\u0022\u003E\u003Cstrong\u003ELieu de situation de l\u0027immeuble\u003C\/strong\u003E\u003C\/p\u003E\u003C\/td\u003E\u003Ctd\u003E\u003Cp align=\u0022center\u0022\u003E\u003Cstrong\u003ED\u00e9partements d\u2019outre-mer\u003C\/strong\u003E\u003Cbr\u003E\u003Cstrong\u003ESaint-Martin\u003C\/strong\u003E\u003Cbr\u003E\u003Cstrong\u003ESaint-Barth\u00e9lemy\u003C\/strong\u003E\u003C\/p\u003E\u003C\/td\u003E\u003Ctd\u003E\u003Cp align=\u0022center\u0022\u003E\u003Cstrong\u003EPolyn\u00e9sie fran\u00e7aise\u003C\/strong\u003E\u003Cbr\u003E\u003Cstrong\u003ENouvelle-Cal\u00e9donie\u003C\/strong\u003E\u003Cbr\u003E\u003Cstrong\u003ESaint-Pierre-et-Miquelon\u003C\/strong\u003E\u003Cbr\u003E\u003Cstrong\u003E\u00celes Wallis et Futuna\u003C\/strong\u003E\u003C\/p\u003E\u003C\/td\u003E\u003C\/tr\u003E\u003Ctbody\u003E\u003Ctr\u003E\u003Ctd\u003E\u003Cp align=\u0022center\u0022\u003E\u003Cstrong\u003ESecteur libre\u003C\/strong\u003E\u003C\/p\u003E\u003C\/td\u003E\u003Ctd\u003E\u003Cp\u003E15,46 \u20ac\u003C\/p\u003E\u003C\/td\u003E\u003Ctd\u003E\u003Cp\u003E18,94 \u20ac\u003C\/p\u003E\u003C\/td\u003E\u003C\/tr\u003E\u003Ctr\u003E\u003Ctd\u003E\u003Cp align=\u0022center\u0022\u003E\u003Cstrong\u003ESecteur interm\u00e9diaire\u003C\/strong\u003E\u003C\/p\u003E\u003C\/td\u003E\u003Ctd\u003E\u003Cp\u003E12,52 \u20ac\u003C\/p\u003E\u003C\/td\u003E\u003Ctd\u003E\u003Cp\u003E15,79 \u20ac\u003C\/p\u003E\u003C\/td\u003E\u003C\/tr\u003E\u003C\/tbody\u003E\u003C\/table\u003E\u003Ch2\u003E\u0026nbsp;\u003C\/h2\u003E\u003Ch2\u003EPlafonds de ressources du locataire\u0026nbsp;\u003C\/h2\u003E\u003Cp\u003E\u003Cbr\u003EPour les baux conclus, reconduits ou renouvel\u00e9s en 2025, les plafonds annuels de ressources des locataires sont les suivants.\u003C\/p\u003E\u003Cul\u003E\u003Cli\u003E\u003Cstrong\u003EDispositif \u00ab Scellier interm\u00e9diaire M\u00e9tropole \u00bb\u003C\/strong\u003E\u003C\/li\u003E\u003C\/ul\u003E\u003Ctable class=\u0022Table\u0022\u003E\u003Ctr\u003E\u003Ctd\u003E\u003Cp align=\u0022center\u0022\u003E\u003Cstrong\u003EZones\u003C\/strong\u003E\u003C\/p\u003E\u003C\/td\u003E\u003Ctd\u003E\u003Cp align=\u0022center\u0022\u003E\u003Cstrong\u003EA\u003C\/strong\u003E\u003C\/p\u003E\u003C\/td\u003E\u003Ctd\u003E\u003Cp align=\u0022center\u0022\u003E\u003Cstrong\u003EB1\u003C\/strong\u003E\u003C\/p\u003E\u003C\/td\u003E\u003Ctd\u003E\u003Cp align=\u0022center\u0022\u003E\u003Cstrong\u003EB2\u003C\/strong\u003E\u003C\/p\u003E\u003C\/td\u003E\u003Ctd\u003E\u003Cp align=\u0022center\u0022\u003E\u003Cstrong\u003EC\u003C\/strong\u003E\u003C\/p\u003E\u003C\/td\u003E\u003C\/tr\u003E\u003Ctbody\u003E\u003Ctr\u003E\u003Ctd\u003E\u003Cp align=\u0022center\u0022\u003E\u003Cstrong\u003EPersonne seule\u003C\/strong\u003E\u003C\/p\u003E\u003C\/td\u003E\u003Ctd\u003E\u003Cp\u003E55 647 \u20ac\u003C\/p\u003E\u003C\/td\u003E\u003Ctd\u003E\u003Cp\u003E41 336 \u20ac\u003C\/p\u003E\u003C\/td\u003E\u003Ctd\u003E\u003Cp\u003E37 890 \u20ac\u003C\/p\u003E\u003C\/td\u003E\u003Ctd\u003E\u003Cp\u003E37 632 \u20ac\u003C\/p\u003E\u003C\/td\u003E\u003C\/tr\u003E\u003Ctr\u003E\u003Ctd\u003E\u003Cp align=\u0022center\u0022\u003E\u003Cstrong\u003ECouple\u003C\/strong\u003E\u003C\/p\u003E\u003C\/td\u003E\u003Ctd\u003E\u003Cp\u003E83 166 \u20ac\u003C\/p\u003E\u003C\/td\u003E\u003Ctd\u003E\u003Cp\u003E60 700 \u20ac\u003C\/p\u003E\u003C\/td\u003E\u003Ctd\u003E\u003Cp\u003E55 642 \u20ac\u003C\/p\u003E\u003C\/td\u003E\u003Ctd\u003E\u003Cp\u003E50 581 \u20ac\u003C\/p\u003E\u003C\/td\u003E\u003C\/tr\u003E\u003Ctr\u003E\u003Ctd\u003E\u003Cp align=\u0022center\u0022\u003E\u003Cstrong\u003EPersonne seule ou couple ayant une personne \u00e0 charge\u003C\/strong\u003E\u003C\/p\u003E\u003C\/td\u003E\u003Ctd\u003E\u003Cp\u003E99 969 \u20ac\u003C\/p\u003E\u003C\/td\u003E\u003Ctd\u003E\u003Cp\u003E72 666 \u20ac\u003C\/p\u003E\u003C\/td\u003E\u003Ctd\u003E\u003Cp\u003E66 613 \u20ac\u003C\/p\u003E\u003C\/td\u003E\u003Ctd\u003E\u003Cp\u003E60 556 \u20ac\u003C\/p\u003E\u003C\/td\u003E\u003C\/tr\u003E\u003Ctr\u003E\u003Ctd\u003E\u003Cp align=\u0022center\u0022\u003E\u003Cstrong\u003EPersonne seule ou couple ayant deux personnes \u00e0 charge\u003C\/strong\u003E\u003C\/p\u003E\u003C\/td\u003E\u003Ctd\u003E\u003Cp\u003E119 746 \u20ac\u003C\/p\u003E\u003C\/td\u003E\u003Ctd\u003E\u003Cp\u003E87 941 \u20ac\u003C\/p\u003E\u003C\/td\u003E\u003Ctd\u003E\u003Cp\u003E80 616 \u20ac\u003C\/p\u003E\u003C\/td\u003E\u003Ctd\u003E\u003Cp\u003E73 287 \u20ac\u003C\/p\u003E\u003C\/td\u003E\u003C\/tr\u003E\u003Ctr\u003E\u003Ctd\u003E\u003Cp align=\u0022center\u0022\u003E\u003Cstrong\u003EPersonne seule ou couple ayant trois personnes \u00e0 charge\u003C\/strong\u003E\u003C\/p\u003E\u003C\/td\u003E\u003Ctd\u003E\u003Cp\u003E141 759 \u20ac\u003C\/p\u003E\u003C\/td\u003E\u003Ctd\u003E\u003Cp\u003E103 217 \u20ac\u003C\/p\u003E\u003C\/td\u003E\u003Ctd\u003E\u003Cp\u003E94 618 \u20ac\u003C\/p\u003E\u003C\/td\u003E\u003Ctd\u003E\u003Cp\u003E86 013 \u20ac\u003C\/p\u003E\u003C\/td\u003E\u003C\/tr\u003E\u003Ctr\u003E\u003Ctd\u003E\u003Cp align=\u0022center\u0022\u003E\u003Cstrong\u003EPersonne seule ou couple ayant quatre personnes \u00e0 charge\u003C\/strong\u003E\u003C\/p\u003E\u003C\/td\u003E\u003Ctd\u003E\u003Cp\u003E159 516 \u20ac\u003C\/p\u003E\u003C\/td\u003E\u003Ctd\u003E\u003Cp\u003E116 431 \u20ac\u003C\/p\u003E\u003C\/td\u003E\u003Ctd\u003E\u003Cp\u003E106 728 \u20ac\u003C\/p\u003E\u003C\/td\u003E\u003Ctd\u003E\u003Cp\u003E97 025 \u20ac\u003C\/p\u003E\u003C\/td\u003E\u003C\/tr\u003E\u003Ctr\u003E\u003Ctd\u003E\u003Cp align=\u0022center\u0022\u003E\u003Cstrong\u003EMajoration par personne \u00e0 charge \u00e0 partir de la cinqui\u00e8me\u003C\/strong\u003E\u003C\/p\u003E\u003C\/td\u003E\u003Ctd\u003E\u003Cp\u003E17 780 \u20ac\u003C\/p\u003E\u003C\/td\u003E\u003Ctd\u003E\u003Cp\u003E13 225 \u20ac\u003C\/p\u003E\u003C\/td\u003E\u003Ctd\u003E\u003Cp\u003E12 124 \u20ac\u003C\/p\u003E\u003C\/td\u003E\u003Ctd\u003E\u003Cp\u003E11 021 \u20ac\u003C\/p\u003E\u003C\/td\u003E\u003C\/tr\u003E\u003C\/tbody\u003E\u003C\/table\u003E\u003Cp\u003E\u0026nbsp;\u003C\/p\u003E\u003Cul\u003E\u003Cli\u003E\u003Cstrong\u003EDispositif \u00ab Scellier interm\u00e9diaire Outre-mer \u00bb pour les investissements r\u00e9alis\u00e9s \u00e0 compter du 27 mai 2009\u003C\/strong\u003E\u003C\/li\u003E\u003C\/ul\u003E\u003Ctable class=\u0022Table\u0022\u003E\u003Ctr\u003E\u003Ctd\u003E\u003Cp align=\u0022center\u0022\u003E\u003Cstrong\u003ELieu de situation de l\u0027immeuble\u003C\/strong\u003E\u003C\/p\u003E\u003C\/td\u003E\u003Ctd\u003E\u003Cp align=\u0022center\u0022\u003E\u003Cstrong\u003ED\u00e9partements d\u0027outre-mer\u003C\/strong\u003E\u003Cbr\u003E\u003Cstrong\u003ESaint-Martin\u003C\/strong\u003E\u003Cbr\u003E\u003Cstrong\u003ESaint-Barth\u00e9l\u00e9my\u003C\/strong\u003E\u003C\/p\u003E\u003C\/td\u003E\u003Ctd\u003E\u003Cp align=\u0022center\u0022\u003E\u003Cstrong\u003EPolyn\u00e9sie Fran\u00e7aise\u003C\/strong\u003E\u003Cbr\u003E\u003Cstrong\u003ENouvelle-Cal\u00e9donie\u003C\/strong\u003E\u003Cbr\u003E\u003Cstrong\u003ESaint-Pierre-et-Miquelon\u003C\/strong\u003E\u003Cbr\u003E\u003Cstrong\u003E\u00celes Wallis et Futuna\u003C\/strong\u003E\u003C\/p\u003E\u003C\/td\u003E\u003C\/tr\u003E\u003Ctbody\u003E\u003Ctr\u003E\u003Ctd\u003E\u003Cp align=\u0022center\u0022\u003E\u003Cstrong\u003EPersonne seule\u003C\/strong\u003E\u003C\/p\u003E\u003C\/td\u003E\u003Ctd\u003E\u003Cp\u003E33 713 \u20ac\u003C\/p\u003E\u003C\/td\u003E\u003Ctd\u003E\u003Cp\u003E28 264 \u20ac\u003C\/p\u003E\u003C\/td\u003E\u003C\/tr\u003E\u003Ctr\u003E\u003Ctd\u003E\u003Cp align=\u0022center\u0022\u003E\u003Cstrong\u003ECouple\u003C\/strong\u003E\u003C\/p\u003E\u003C\/td\u003E\u003Ctd\u003E\u003Cp\u003E45 018 \u20ac\u003C\/p\u003E\u003C\/td\u003E\u003Ctd\u003E\u003Cp\u003E52 267 \u20ac\u003C\/p\u003E\u003C\/td\u003E\u003C\/tr\u003E\u003Ctr\u003E\u003Ctd\u003E\u003Cp align=\u0022center\u0022\u003E\u003Cstrong\u003EPersonne seule ou couple ayant une personne \u00e0 charge\u003C\/strong\u003E\u003C\/p\u003E\u003C\/td\u003E\u003Ctd\u003E\u003Cp\u003E54 137 \u20ac\u003C\/p\u003E\u003C\/td\u003E\u003Ctd\u003E\u003Cp\u003E55 287 \u20ac\u003C\/p\u003E\u003C\/td\u003E\u003C\/tr\u003E\u003Ctr\u003E\u003Ctd\u003E\u003Cp align=\u0022center\u0022\u003E\u003Cstrong\u003EPersonne seule ou couple ayant deux personnes \u00e0 charge\u003C\/strong\u003E\u003C\/p\u003E\u003C\/td\u003E\u003Ctd\u003E\u003Cp\u003E65 347 \u20ac\u003C\/p\u003E\u003C\/td\u003E\u003Ctd\u003E\u003Cp\u003E58 310 \u20ac\u003C\/p\u003E\u003C\/td\u003E\u003C\/tr\u003E\u003Ctr\u003E\u003Ctd\u003E\u003Cp align=\u0022center\u0022\u003E\u003Cstrong\u003EPersonne seule ou couple ayant trois personnes \u00e0 charge\u003C\/strong\u003E\u003C\/p\u003E\u003C\/td\u003E\u003Ctd\u003E\u003Cp\u003E76 877 \u20ac\u003C\/p\u003E\u003C\/td\u003E\u003Ctd\u003E\u003Cp\u003E62 350 \u20ac\u003C\/p\u003E\u003C\/td\u003E\u003C\/tr\u003E\u003Ctr\u003E\u003Ctd\u003E\u003Cp align=\u0022center\u0022\u003E\u003Cstrong\u003EPersonne seule ou couple ayant quatre personnes \u00e0 charge\u003C\/strong\u003E\u003C\/p\u003E\u003C\/td\u003E\u003Ctd\u003E\u003Cp\u003E86 638 \u20ac\u003C\/p\u003E\u003C\/td\u003E\u003Ctd\u003E\u003Cp\u003E66 392 \u20ac\u003C\/p\u003E\u003C\/td\u003E\u003C\/tr\u003E\u003Ctr\u003E\u003Ctd\u003E\u003Cp align=\u0022center\u0022\u003E\u003Cstrong\u003EMajoration par personne \u00e0 charge \u00e0 partir de la cinqui\u00e8me\u003C\/strong\u003E\u003C\/p\u003E\u003C\/td\u003E\u003Ctd\u003E\u003Cp\u003E9 672 \u20ac\u003C\/p\u003E\u003C\/td\u003E\u003Ctd\u003E\u003Cp\u003E4 247 \u20ac\u003C\/p\u003E\u003C\/td\u003E\u003C\/tr\u003E\u003C\/tbody\u003E\u003C\/table\u003E                                            \u003Cp\u003E\u003Cbr \/\u003E\u003Cstrong\u003ESource :\u003C\/strong\u003E\u003Cstrong\u003E\u00a0\u003C\/strong\u003E\u003C\/p\u003E\u003Cul\u003E\u003Cli\u003E\u003Ca href=\u0022https:\/\/bofip.impots.gouv.fr\/bofip\/10130-PGP.html\/identifiant=BOI-BAREME-000017-20250217#II._Actualisation_des_plafo_11\u0022 target=\u0022_blank\u0022 rel=\u0022noopener\u0022\u003EBOFiP-Imp\u00f4ts-BAREME-000017\u003C\/a\u003E\u003C\/li\u003E\u003C\/ul\u003E\u003C\/div\u003E","annee":"2025","theme":" Indices, taux, bar\u00e8mes fiscaux","activites":["Agent immobilier"],"image":"https:\/\/www.weblex.fr\/sites\/default\/files\/chiffres_clef\/Shutterstock_plafondscellier.jpg","created":"2025-03-13","modified":"2026-03-18"},{"url":"\/chiffres-cles\/bareme-de-l-impot-sur-la-fortune-immobiliere-2025","id":25977,"title":"Bar\u00e8me de l\u2019imp\u00f4t sur la fortune immobili\u00e8re - 2025","content":"\u003Cdiv\u003E                                              \u003Cp\u003ELe tarif de l\u0027imp\u00f4t est fix\u00e9 \u00e0 :\u003C\/p\u003E\u003Ctable align=\u0022center\u0022\u003E\t\u003Ctbody\u003E\t\t\u003Ctr\u003E\t\t\t\u003Ctd\u003E\t\t\t\u003Cp align=\u0022center\u0022\u003E\u003Cbr \/\u003E\t\t\tFRACTION DE LA VALEUR NETTE TAXABLE\u003Cbr \/\u003E\t\t\tdu patrimoine \u003C\/p\u003E\t\t\t\u003C\/td\u003E\t\t\t\u003Ctd\u003E\t\t\t\u003Cp align=\u0022center\u0022\u003E\u003Cbr \/\u003E\t\t\tTARIF\u003Cbr \/\u003E\t\t\tapplicable \u003C\/p\u003E\t\t\t\u003C\/td\u003E\t\t\u003C\/tr\u003E\t\t\u003Ctr\u003E\t\t\t\u003Ctd\u003E\t\t\t\u003Cp align=\u0022center\u0022\u003E\u003Cbr \/\u003E\t\t\tN\u0027exc\u00e9dant pas 800 000 \u20ac\u003C\/p\u003E\t\t\t\u003C\/td\u003E\t\t\t\u003Ctd\u003E\t\t\t\u003Cp align=\u0022center\u0022\u003E\u003Cbr \/\u003E\t\t\t0 %\u003C\/p\u003E\t\t\t\u003C\/td\u003E\t\t\u003C\/tr\u003E\t\t\u003Ctr\u003E\t\t\t\u003Ctd\u003E\t\t\t\u003Cp align=\u0022center\u0022\u003E\u003Cbr \/\u003E\t\t\tSup\u00e9rieure \u00e0 800 000 \u20ac et inf\u00e9rieure ou \u00e9gale \u00e0 1 300 000 \u20ac\u003C\/p\u003E\t\t\t\u003C\/td\u003E\t\t\t\u003Ctd\u003E\t\t\t\u003Cp align=\u0022center\u0022\u003E\u003Cbr \/\u003E\t\t\t0,50 %\u003C\/p\u003E\t\t\t\u003C\/td\u003E\t\t\u003C\/tr\u003E\t\t\u003Ctr\u003E\t\t\t\u003Ctd\u003E\t\t\t\u003Cp align=\u0022center\u0022\u003E\u003Cbr \/\u003E\t\t\tSup\u00e9rieure \u00e0 1 300 000 \u20ac et inf\u00e9rieure ou \u00e9gale \u00e0 2 570 000 \u20ac\u003C\/p\u003E\t\t\t\u003C\/td\u003E\t\t\t\u003Ctd\u003E\t\t\t\u003Cp align=\u0022center\u0022\u003E\u003Cbr \/\u003E\t\t\t0,70 %\u003C\/p\u003E\t\t\t\u003C\/td\u003E\t\t\u003C\/tr\u003E\t\t\u003Ctr\u003E\t\t\t\u003Ctd\u003E\t\t\t\u003Cp align=\u0022center\u0022\u003E\u003Cbr \/\u003E\t\t\tSup\u00e9rieure \u00e0 2 570 000 \u20ac et inf\u00e9rieure ou \u00e9gale \u00e0 5 000 000 \u20ac\u003C\/p\u003E\t\t\t\u003C\/td\u003E\t\t\t\u003Ctd\u003E\t\t\t\u003Cp align=\u0022center\u0022\u003E\u003Cbr \/\u003E\t\t\t1 %\u003C\/p\u003E\t\t\t\u003C\/td\u003E\t\t\u003C\/tr\u003E\t\t\u003Ctr\u003E\t\t\t\u003Ctd\u003E\t\t\t\u003Cp align=\u0022center\u0022\u003E\u003Cbr \/\u003E\t\t\tSup\u00e9rieure \u00e0 5 000 000 \u20ac et inf\u00e9rieure ou \u00e9gale \u00e0 10 000 000 \u20ac\u003C\/p\u003E\t\t\t\u003C\/td\u003E\t\t\t\u003Ctd\u003E\t\t\t\u003Cp align=\u0022center\u0022\u003E\u003Cbr \/\u003E\t\t\t1,25 %\u003C\/p\u003E\t\t\t\u003C\/td\u003E\t\t\u003C\/tr\u003E\t\t\u003Ctr\u003E\t\t\t\u003Ctd\u003E\t\t\t\u003Cp align=\u0022center\u0022\u003E\u003Cbr \/\u003E\t\t\tSup\u00e9rieure \u00e0 10 000 000 \u20ac\u003C\/p\u003E\t\t\t\u003C\/td\u003E\t\t\t\u003Ctd\u003E\t\t\t\u003Cp align=\u0022center\u0022\u003E\u003Cbr \/\u003E\t\t\t1,50 %\u003C\/p\u003E\t\t\t\u003C\/td\u003E\t\t\u003C\/tr\u003E\t\u003C\/tbody\u003E\u003C\/table\u003E\u003Cp\u003ESi votre patrimoine a une valeur nette taxable \u00e9gale ou sup\u00e9rieure \u00e0 1 300 000 \u20ac et inf\u00e9rieure \u00e0 1 400 000 \u20ac, le montant de l\u0027imp\u00f4t calcul\u00e9 selon le tarif pr\u00e9vu au tableau est r\u00e9duit d\u0027une somme \u00e9gale \u00e0 17 500 \u20ac - 1,25 % P, o\u00f9 P est la valeur nette taxable du patrimoine.\u003C\/p\u003E                                            \u003Cp\u003E\u003Cbr \/\u003E\u003Cstrong\u003ESource :\u003C\/strong\u003E\u003Cstrong\u003E\u00a0\u003C\/strong\u003E\u003C\/p\u003E\u003Cul\u003E\t\u003Cli\u003E\u003Ca href=\u0022https:\/\/www.legifrance.gouv.fr\/codes\/article_lc\/LEGIARTI000036385041\/\u0022 rel=\u0022noopener\u0022 target=\u0022_blank\u0022\u003EArticle 977 du Code g\u00e9n\u00e9ral des imp\u00f4ts\u003C\/a\u003E\u003C\/li\u003E\u003C\/ul\u003E\u003C\/div\u003E","annee":"2025","theme":" Indices, taux, bar\u00e8mes fiscaux","activites":["Tout secteur"],"image":"https:\/\/www.weblex.fr\/sites\/default\/files\/chiffres_clef\/Shutterstock_baremeifi.jpg","created":"2025-03-13","modified":"2025-03-13"},{"url":"\/chiffres-cles\/plafonds-de-loyer-et-de-ressources-retenus-pour-l-application-du-dispositif-de-defiscalisation-immobiliere-duflot-2025","id":25951,"title":"Plafonds de loyer et de ressources retenus pour l\u2019application du dispositif de d\u00e9fiscalisation immobili\u00e8re \u00ab Duflot \u00bb - 2025","content":"\u003Cdiv\u003E                                              \u003Ch2\u003EPlafonds de loyer\u003C\/h2\u003E\u003Cp\u003EPour 2025, les plafonds (en m\u00e9tropole), charges non comprises, sont les suivants :\u003C\/p\u003E\u003Cul\u003E\t\u003Cli\u003E19,51 \u20ac en zone A bis\u003C\/li\u003E\t\u003Cli\u003E14,49 \u20ac en zone A\u003C\/li\u003E\t\u003Cli\u003E11,68 \u20ac en zone B1\u003C\/li\u003E\t\u003Cli\u003E10,15 \u20ac en zone B2 et C\u003C\/li\u003E\u003C\/ul\u003E\u003Cp\u003EPour 2025, les plafonds (en Outre-mer), charges non comprises, sont les suivants :\u003C\/p\u003E\u003Cul\u003E\t\u003Cli\u003ED\u00e9partements d\u2019Outre-mer, Saint Martin, Saint-Pierre-et-Miquelon : 12,02 \u20ac\u003C\/li\u003E\t\u003Cli\u003EPolyn\u00e9sie fran\u00e7aise, Nouvelle-Cal\u00e9donie, Iles Wallis et Futuna : 14,28 \u20ac\u003C\/li\u003E\u003C\/ul\u003E\u003Ch2\u003E\u0026nbsp;\u003C\/h2\u003E\u003Ch2\u003EPlafonds de ressources du locataire\u003C\/h2\u003E\u003Cp\u003ELes ressources du locataire s\u0027entendent du revenu fiscal de r\u00e9f\u00e9rence figurant sur l\u0027avis d\u0027imp\u00f4t sur le revenu \u00e9tabli au titre de l\u0027avant-derni\u00e8re ann\u00e9e pr\u00e9c\u00e9dant celle de la signature du contrat de location.\u003C\/p\u003E\u003Cp\u003ECes plafonds sont r\u00e9vis\u00e9s au 1er janvier de chaque ann\u00e9e en fonction de la variation annuelle de l\u2019indice de r\u00e9f\u00e9rence des loyers.\u003C\/p\u003E\u003Cp\u003EPour les baux conclus, reconduits ou renouvel\u00e9s en 2025, les plafonds annuels de ressources des locataires sont les suivants (en euros) :\u003C\/p\u003E\u003Cul\u003E\t\u003Cli\u003E\u003Cstrong\u003EEn m\u00e9tropole\u003C\/strong\u003E\u003C\/li\u003E\u003C\/ul\u003E\u003Ctable class=\u0022MsoTableGrid\u0022\u003E\t\u003Ctbody\u003E\t\t\u003Ctr\u003E\t\t\t\u003Ctd valign=\u0022top\u0022\u003E\t\t\t\u003Cp align=\u0022center\u0022\u003EZones\u003C\/p\u003E\t\t\t\u003C\/td\u003E\t\t\t\u003Ctd valign=\u0022top\u0022\u003E\t\t\t\u003Cp align=\u0022center\u0022\u003EA bis\u003C\/p\u003E\t\t\t\u003C\/td\u003E\t\t\t\u003Ctd valign=\u0022top\u0022\u003E\t\t\t\u003Cp align=\u0022center\u0022\u003EA\u003C\/p\u003E\t\t\t\u003C\/td\u003E\t\t\t\u003Ctd valign=\u0022top\u0022\u003E\t\t\t\u003Cp align=\u0022center\u0022\u003EB1\u003C\/p\u003E\t\t\t\u003C\/td\u003E\t\t\t\u003Ctd valign=\u0022top\u0022\u003E\t\t\t\u003Cp align=\u0022center\u0022\u003EB2 et C\u003C\/p\u003E\t\t\t\u003C\/td\u003E\t\t\u003C\/tr\u003E\t\t\u003Ctr\u003E\t\t\t\u003Ctd valign=\u0022top\u0022\u003E\t\t\t\u003Cp\u003EPersonne seule\u003C\/p\u003E\t\t\t\u003C\/td\u003E\t\t\t\u003Ctd valign=\u0022top\u0022\u003E\t\t\t\u003Cp\u003E43\u0026nbsp;953 \u20ac\u003C\/p\u003E\t\t\t\u003C\/td\u003E\t\t\t\u003Ctd\u003E\t\t\t\u003Cp\u003E43 953 \u20ac\u003C\/p\u003E\t\t\t\u003C\/td\u003E\t\t\t\u003Ctd\u003E\t\t\t\u003Cp\u003E35 825 \u20ac\u003C\/p\u003E\t\t\t\u003C\/td\u003E\t\t\t\u003Ctd\u003E\t\t\t\u003Cp\u003E32 243 \u20ac\u003C\/p\u003E\t\t\t\u003C\/td\u003E\t\t\u003C\/tr\u003E\t\t\u003Ctr\u003E\t\t\t\u003Ctd valign=\u0022top\u0022\u003E\t\t\t\u003Cp\u003ECouple\u003C\/p\u003E\t\t\t\u003C\/td\u003E\t\t\t\u003Ctd valign=\u0022top\u0022\u003E\t\t\t\u003Cp\u003E65 691\u20ac\u003C\/p\u003E\t\t\t\u003C\/td\u003E\t\t\t\u003Ctd\u003E\t\t\t\u003Cp\u003E65 691 \u20ac\u003C\/p\u003E\t\t\t\u003C\/td\u003E\t\t\t\u003Ctd\u003E\t\t\t\u003Cp\u003E47 842 \u20ac\u003C\/p\u003E\t\t\t\u003C\/td\u003E\t\t\t\u003Ctd\u003E\t\t\t\u003Cp\u003E43 056 \u20ac\u003C\/p\u003E\t\t\t\u003C\/td\u003E\t\t\u003C\/tr\u003E\t\t\u003Ctr\u003E\t\t\t\u003Ctd valign=\u0022top\u0022\u003E\t\t\t\u003Cp\u003EPersonne seule ou couple ayant une personne \u00e0 charge\u003C\/p\u003E\t\t\t\u003C\/td\u003E\t\t\t\u003Ctd valign=\u0022top\u0022\u003E\t\t\t\u003Cp\u003E86\u0026nbsp;112 \u20ac\u003C\/p\u003E\t\t\t\u003C\/td\u003E\t\t\t\u003Ctd valign=\u0022top\u0022\u003E\t\t\t\u003Cp\u003E78 963 \u20ac\u003C\/p\u003E\t\t\t\u003C\/td\u003E\t\t\t\u003Ctd valign=\u0022top\u0022\u003E\t\t\t\u003Cp\u003E57 531 \u20ac\u003C\/p\u003E\t\t\t\u003C\/td\u003E\t\t\t\u003Ctd valign=\u0022top\u0022\u003E\t\t\t\u003Cp\u003E51 778 \u20ac\u003C\/p\u003E\t\t\t\u003C\/td\u003E\t\t\u003C\/tr\u003E\t\t\u003Ctr\u003E\t\t\t\u003Ctd valign=\u0022top\u0022\u003E\t\t\t\u003Cp\u003EPersonne seule ou couple ayant deux personnes \u00e0 charge\u003C\/p\u003E\t\t\t\u003C\/td\u003E\t\t\t\u003Ctd valign=\u0022top\u0022\u003E\t\t\t\u003Cp\u003E102\u0026nbsp;812 \u20ac\u003C\/p\u003E\t\t\t\u003C\/td\u003E\t\t\t\u003Ctd valign=\u0022top\u0022\u003E\t\t\t\u003Cp\u003E94 585 \u20ac\u003C\/p\u003E\t\t\t\u003C\/td\u003E\t\t\t\u003Ctd valign=\u0022top\u0022\u003E\t\t\t\u003Cp\u003E69 455 \u20ac\u003C\/p\u003E\t\t\t\u003C\/td\u003E\t\t\t\u003Ctd valign=\u0022top\u0022\u003E\t\t\t\u003Cp\u003E62 510 \u20ac\u003C\/p\u003E\t\t\t\u003C\/td\u003E\t\t\u003C\/tr\u003E\t\t\u003Ctr\u003E\t\t\t\u003Ctd valign=\u0022top\u0022\u003E\t\t\t\u003Cp\u003EPersonne seule ou couple ayant trois personnes \u00e0 charge\u003C\/p\u003E\t\t\t\u003C\/td\u003E\t\t\t\u003Ctd valign=\u0022top\u0022\u003E\t\t\t\u003Cp\u003E122\u0026nbsp;326\u0026nbsp;\u20ac\u003C\/p\u003E\t\t\t\u003C\/td\u003E\t\t\t\u003Ctd valign=\u0022top\u0022\u003E\t\t\t\u003Cp\u003E111 971 \u20ac\u003C\/p\u003E\t\t\t\u003C\/td\u003E\t\t\t\u003Ctd valign=\u0022top\u0022\u003E\t\t\t\u003Cp\u003E81 705 \u20ac\u003C\/p\u003E\t\t\t\u003C\/td\u003E\t\t\t\u003Ctd valign=\u0022top\u0022\u003E\t\t\t\u003Cp\u003E73 535 \u20ac\u003C\/p\u003E\t\t\t\u003C\/td\u003E\t\t\u003C\/tr\u003E\t\t\u003Ctr\u003E\t\t\t\u003Ctd valign=\u0022top\u0022\u003E\t\t\t\u003Cp\u003EPersonne seule ou couple ayant quatre personnes \u00e0 charge\u003C\/p\u003E\t\t\t\u003C\/td\u003E\t\t\t\u003Ctd valign=\u0022top\u0022\u003E\t\t\t\u003Cp\u003E137\u0026nbsp;649 \u20ac\u003C\/p\u003E\t\t\t\u003C\/td\u003E\t\t\t\u003Ctd valign=\u0022top\u0022\u003E\t\t\t\u003Cp\u003E26 001 \u20ac\u003C\/p\u003E\t\t\t\u003C\/td\u003E\t\t\t\u003Ctd valign=\u0022top\u0022\u003E\t\t\t\u003Cp\u003E92 080 \u20ac\u003C\/p\u003E\t\t\t\u003C\/td\u003E\t\t\t\u003Ctd valign=\u0022top\u0022\u003E\t\t\t\u003Cp\u003E82 873 \u20ac\u003C\/p\u003E\t\t\t\u003C\/td\u003E\t\t\u003C\/tr\u003E\t\t\u003Ctr\u003E\t\t\t\u003Ctd valign=\u0022top\u0022\u003E\t\t\t\u003Cp\u003EMajoration par personne \u00e0 charge \u00e0 partir de la cinqui\u00e8me\u003C\/p\u003E\t\t\t\u003C\/td\u003E\t\t\t\u003Ctd valign=\u0022top\u0022\u003E\t\t\t\u003Cp\u003E15\u0026nbsp;335 \u20ac\u003C\/p\u003E\t\t\t\u003C\/td\u003E\t\t\t\u003Ctd valign=\u0022top\u0022\u003E\t\t\t\u003Cp\u003E14 039 \u20ac\u003C\/p\u003E\t\t\t\u003C\/td\u003E\t\t\t\u003Ctd valign=\u0022top\u0022\u003E\t\t\t\u003Cp\u003E10 273 \u20ac\u003C\/p\u003E\t\t\t\u003C\/td\u003E\t\t\t\u003Ctd valign=\u0022top\u0022\u003E\t\t\t\u003Cp\u003E9 243 \u20ac\u003C\/p\u003E\t\t\t\u003C\/td\u003E\t\t\u003C\/tr\u003E\t\u003C\/tbody\u003E\u003C\/table\u003E\u003Cul\u003E\t\u003Cli\u003E\u003Cstrong\u003EEn Outre-mer\u003C\/strong\u003E\u003C\/li\u003E\u003C\/ul\u003E\u003Ctable class=\u0022MsoTableGrid\u0022\u003E\t\u003Ctbody\u003E\t\t\u003Ctr\u003E\t\t\t\u003Ctd valign=\u0022top\u0022\u003E\t\t\t\u003Cp align=\u0022center\u0022\u003ELieu de situation de l\u0027immeuble\u003C\/p\u003E\t\t\t\u003C\/td\u003E\t\t\t\u003Ctd valign=\u0022top\u0022\u003E\t\t\t\u003Cp align=\u0022center\u0022\u003ED\u00e9partements d\u0027outre-mer\u003C\/p\u003E\t\t\t\u003Cp align=\u0022center\u0022\u003ESaint-Martin\u003C\/p\u003E\t\t\t\u003Cp align=\u0022center\u0022\u003ESaint-Pierre-et-Miquelon\u003C\/p\u003E\t\t\t\u003C\/td\u003E\t\t\t\u003Ctd valign=\u0022top\u0022\u003E\t\t\t\u003Cp align=\u0022center\u0022\u003EPolyn\u00e9sie Fran\u00e7aise\u003C\/p\u003E\t\t\t\u003Cp align=\u0022center\u0022\u003ENouvelle-Cal\u00e9donie\u003C\/p\u003E\t\t\t\u003Cp align=\u0022center\u0022\u003E\u00celes Wallis et Futuna\u003C\/p\u003E\t\t\t\u003C\/td\u003E\t\t\u003C\/tr\u003E\t\t\u003Ctr\u003E\t\t\t\u003Ctd valign=\u0022top\u0022\u003E\t\t\t\u003Cp\u003EPersonne seule\u003C\/p\u003E\t\t\t\u003C\/td\u003E\t\t\t\u003Ctd valign=\u0022top\u0022\u003E\t\t\t\u003Cp\u003E32 602 \u20ac\u003C\/p\u003E\t\t\t\u003C\/td\u003E\t\t\t\u003Ctd valign=\u0022top\u0022\u003E\t\t\t\u003Cp\u003E34 607 \u20ac\u003C\/p\u003E\t\t\t\u003C\/td\u003E\t\t\u003C\/tr\u003E\t\t\u003Ctr\u003E\t\t\t\u003Ctd valign=\u0022top\u0022\u003E\t\t\t\u003Cp\u003ECouple\u003C\/p\u003E\t\t\t\u003C\/td\u003E\t\t\t\u003Ctd valign=\u0022top\u0022\u003E\t\t\t\u003Cp\u003E43 539 \u20ac\u003C\/p\u003E\t\t\t\u003C\/td\u003E\t\t\t\u003Ctd valign=\u0022top\u0022\u003E\t\t\t\u003Cp\u003E46 213 \u20ac\u003C\/p\u003E\t\t\t\u003C\/td\u003E\t\t\u003C\/tr\u003E\t\t\u003Ctr\u003E\t\t\t\u003Ctd valign=\u0022top\u0022\u003E\t\t\t\u003Cp\u003EPersonne seule ou couple ayant une personne \u00e0 charge\u003C\/p\u003E\t\t\t\u003C\/td\u003E\t\t\t\u003Ctd valign=\u0022top\u0022\u003E\t\t\t\u003Cp\u003E52 358 \u20ac\u003C\/p\u003E\t\t\t\u003C\/td\u003E\t\t\t\u003Ctd valign=\u0022top\u0022\u003E\t\t\t\u003Cp\u003E55 573 \u20ac\u003C\/p\u003E\t\t\t\u003C\/td\u003E\t\t\u003C\/tr\u003E\t\t\u003Ctr\u003E\t\t\t\u003Ctd valign=\u0022top\u0022\u003E\t\t\t\u003Cp\u003EPersonne seule ou couple ayant deux personnes \u00e0 charge\u003C\/p\u003E\t\t\t\u003C\/td\u003E\t\t\t\u003Ctd valign=\u0022top\u0022\u003E\t\t\t\u003Cp\u003E63 207 \u20ac\u003C\/p\u003E\t\t\t\u003C\/td\u003E\t\t\t\u003Ctd valign=\u0022top\u0022\u003E\t\t\t\u003Cp\u003E67 090 \u20ac\u003C\/p\u003E\t\t\t\u003C\/td\u003E\t\t\u003C\/tr\u003E\t\t\u003Ctr\u003E\t\t\t\u003Ctd valign=\u0022top\u0022\u003E\t\t\t\u003Cp\u003EPersonne seule ou couple ayant trois personnes \u00e0 charge\u003C\/p\u003E\t\t\t\u003C\/td\u003E\t\t\t\u003Ctd valign=\u0022top\u0022\u003E\t\t\t\u003Cp\u003E74 354 \u20ac\u003C\/p\u003E\t\t\t\u003C\/td\u003E\t\t\t\u003Ctd valign=\u0022top\u0022\u003E\t\t\t\u003Cp\u003E78 921 \u20ac\u003C\/p\u003E\t\t\t\u003C\/td\u003E\t\t\u003C\/tr\u003E\t\t\u003Ctr\u003E\t\t\t\u003Ctd valign=\u0022top\u0022\u003E\t\t\t\u003Cp\u003EPersonne seule ou couple ayant quatre personnes \u00e0 charge\u003C\/p\u003E\t\t\t\u003C\/td\u003E\t\t\t\u003Ctd valign=\u0022top\u0022\u003E\t\t\t\u003Cp\u003E83 795 \u20ac\u003C\/p\u003E\t\t\t\u003C\/td\u003E\t\t\t\u003Ctd valign=\u0022top\u0022\u003E\t\t\t\u003Cp\u003E88 943 \u20ac\u003C\/p\u003E\t\t\t\u003C\/td\u003E\t\t\u003C\/tr\u003E\t\t\u003Ctr\u003E\t\t\t\u003Ctd valign=\u0022top\u0022\u003E\t\t\t\u003Cp\u003EMajoration par personne \u00e0 charge \u00e0 partir de la cinqui\u00e8me\u003C\/p\u003E\t\t\t\u003C\/td\u003E\t\t\t\u003Ctd valign=\u0022top\u0022\u003E\t\t\t\u003Cp\u003E9 354 \u20ac\u003C\/p\u003E\t\t\t\u003C\/td\u003E\t\t\t\u003Ctd valign=\u0022top\u0022\u003E\t\t\t\u003Cp\u003E9 928 \u20ac\u003C\/p\u003E\t\t\t\u003C\/td\u003E\t\t\u003C\/tr\u003E\t\u003C\/tbody\u003E\u003C\/table\u003E\u003Cp\u003E\u0026nbsp;\u003C\/p\u003E\u003Cp\u003E\u0026nbsp;\u003C\/p\u003E                                            \u003Cp\u003E\u003Cbr \/\u003E\u003Cstrong\u003ESource :\u003C\/strong\u003E\u003Cstrong\u003E\u00a0\u003C\/strong\u003E\u003C\/p\u003E\u003Cul\u003E\t\u003Cli\u003E\u003Ca href=\u0022https:\/\/bofip.impots.gouv.fr\/bofip\/10130-PGP.html\/identifiant=BOI-BAREME-000017-20250217#I._Duflot_\/_Pinel_metropole_28\u0022 rel=\u0022noopener\u0022 target=\u0022_blank\u0022\u003EBOFiP-Imp\u00f4ts-BAREME-000017\u003C\/a\u003E\u003C\/li\u003E\u003C\/ul\u003E\u003C\/div\u003E","annee":"2025","theme":" Indices, taux, bar\u00e8mes fiscaux","activites":["Agent immobilier"],"image":"https:\/\/www.weblex.fr\/sites\/default\/files\/chiffres_clef\/Shutterstock_plafondduflot.jpg","created":"2025-03-10","modified":"2025-03-10"},{"url":"\/chiffres-cles\/plafonds-de-loyer-et-de-ressources-retenus-pour-l-application-du-dispositif-de-defiscalisation-girardin-2025","id":25949,"title":"Plafonds de loyer et de ressources retenus pour l\u2019application du dispositif de d\u00e9fiscalisation Girardin - 2025","content":"\u003Cdiv\u003E                                              \u003Ch2\u003EPlafonds applicables aux investissements r\u00e9alis\u00e9s dans le secteur interm\u00e9diaire\u003C\/h2\u003E\u003Cp\u003E\u003Cstrong\u003EPlafonds de loyer\u003C\/strong\u003E\u003C\/p\u003E\u003Cp\u003EPour les baux conclus en 2025 avec un nouveau locataire ou faisant l\u0027objet en 2025 d\u0027un renouvellement expr\u00e8s, le loyer mensuel doit respecter un plafond au m\u00e8tre carr\u00e9 de :\u003C\/p\u003E\u003Cul\u003E\t\u003Cli\u003E207 \u20ac dans les d\u00e9partements d\u0027outre-mer (DOM), \u00e0 Saint-Barth\u00e9lemy et \u00e0 Saint-Martin ;\u003C\/li\u003E\t\u003Cli\u003E245 \u20ac \u00e0 Saint-Pierre-et-Miquelon, en Nouvelle-Cal\u00e9donie, en Polyn\u00e9sie fran\u00e7aise, dans les \u00eeles Wallis et Futuna et les Terres australes et antarctiques fran\u00e7aises\u003C\/li\u003E\u003C\/ul\u003E\u003Cp\u003E\u003Cstrong\u003EPlafonds de ressources du locataire\u0026nbsp;\u003C\/strong\u003E\u003C\/p\u003E\u003Cp\u003ELes ressources du locataire s\u0027entendent du revenu fiscal de r\u00e9f\u00e9rence figurant sur l\u0027avis d\u0027imp\u00f4t sur le revenu \u00e9tabli au titre de l\u0027avant-derni\u00e8re ann\u00e9e pr\u00e9c\u00e9dant celle de la signature du contrat de location.\u003C\/p\u003E\u003Cp\u003ECes plafonds sont r\u00e9vis\u00e9s au 1er janvier de chaque ann\u00e9e en fonction de la variation annuelle de l\u2019indice de r\u00e9f\u00e9rence des loyers.\u003C\/p\u003E\u003Cp\u003EPour les baux conclus, reconduits ou renouvel\u00e9s en 2025, les plafonds annuels de ressources des locataires sont les suivants (en euros) :\u003C\/p\u003E\u003Ctable align=\u0022center\u0022 width=\u002290%\u0022\u003E\t\u003Ctbody\u003E\t\t\u003Ctr\u003E\t\t\t\u003Ctd rowspan=\u00222\u0022\u003E\t\t\t\u003Cp align=\u0022center\u0022\u003EComposition du foyer du locataire\u003C\/p\u003E\t\t\t\u003C\/td\u003E\t\t\t\u003Ctd colspan=\u00222\u0022\u003E\t\t\t\u003Cp align=\u0022center\u0022\u003EPlafonds annuels de ressources\u003C\/p\u003E\t\t\t\u003C\/td\u003E\t\t\u003C\/tr\u003E\t\t\u003Ctr\u003E\t\t\t\u003Ctd\u003E\t\t\t\u003Cp align=\u0022center\u0022\u003EDOM, Saint-Martin, Saint-Barth\u00e9lemy\u003C\/p\u003E\t\t\t\u003C\/td\u003E\t\t\t\u003Ctd\u003E\t\t\t\u003Cp align=\u0022center\u0022\u003EPolyn\u00e9sie fran\u00e7aise, Nouvelle Cal\u00e9donie, \u00eeles Wallis et Futuna, Terres australes et antarctiques fran\u00e7aises et Saint-Pierre-et-Miquelon\u003C\/p\u003E\t\t\t\u003C\/td\u003E\t\t\u003C\/tr\u003E\t\t\u003Ctr\u003E\t\t\t\u003Ctd\u003E\t\t\t\u003Cp\u003EPersonne seule(1)\u003C\/p\u003E\t\t\t\u003C\/td\u003E\t\t\t\u003Ctd\u003E\u0026nbsp; \u0026nbsp; \u0026nbsp; \u0026nbsp;37 731 \u20ac\u003C\/td\u003E\t\t\t\u003Ctd\u003E\t\t\t\u003Cp align=\u0022right\u0022\u003E34 784 \u20ac\u003C\/p\u003E\t\t\t\u003C\/td\u003E\t\t\u003C\/tr\u003E\t\t\u003Ctr\u003E\t\t\t\u003Ctd\u003E\t\t\t\u003Cp\u003ECouple\u003C\/p\u003E\t\t\t\u003C\/td\u003E\t\t\t\u003Ctd\u003E\t\t\t\u003Cp align=\u0022right\u0022\u003E69 773 \u20ac\u003C\/p\u003E\t\t\t\u003C\/td\u003E\t\t\t\u003Ctd\u003E\t\t\t\u003Cp align=\u0022right\u0022\u003E64 326 \u20ac\u003C\/p\u003E\t\t\t\u003C\/td\u003E\t\t\u003C\/tr\u003E\t\t\u003Ctr\u003E\t\t\t\u003Ctd\u003E\t\t\t\u003Cp\u003EPersonne seule ou couple ayant une personne \u00e0 charge\u003C\/p\u003E\t\t\t\u003C\/td\u003E\t\t\t\u003Ctd\u003E\t\t\t\u003Cp align=\u0022right\u0022\u003E73 808 \u20ac\u003C\/p\u003E\t\t\t\u003C\/td\u003E\t\t\t\u003Ctd\u003E\t\t\t\u003Cp align=\u0022right\u0022\u003E68 044 \u20ac\u003C\/p\u003E\t\t\t\u003C\/td\u003E\t\t\u003C\/tr\u003E\t\t\u003Ctr\u003E\t\t\t\u003Ctd\u003E\t\t\t\u003Cp\u003EPersonne seule ou couple ayant deux personnes \u00e0 charge\u003C\/p\u003E\t\t\t\u003C\/td\u003E\t\t\t\u003Ctd\u003E\t\t\t\u003Cp align=\u0022right\u0022\u003E77 845 \u20ac\u003C\/p\u003E\t\t\t\u003C\/td\u003E\t\t\t\u003Ctd\u003E\t\t\t\u003Cp align=\u0022right\u0022\u003E71 766 \u20ac\u003C\/p\u003E\t\t\t\u003C\/td\u003E\t\t\u003C\/tr\u003E\t\t\u003Ctr\u003E\t\t\t\u003Ctd\u003E\t\t\t\u003Cp\u003EPersonne seule ou couple ayant trois personnes \u00e0 charge\u003C\/p\u003E\t\t\t\u003C\/td\u003E\t\t\t\u003Ctd\u003E\t\t\t\u003Cp align=\u0022right\u0022\u003E83 236 \u20ac\u003C\/p\u003E\t\t\t\u003C\/td\u003E\t\t\t\u003Ctd\u003E\t\t\t\u003Cp align=\u0022right\u0022\u003E76 734 \u20ac\u003C\/p\u003E\t\t\t\u003C\/td\u003E\t\t\u003C\/tr\u003E\t\t\u003Ctr\u003E\t\t\t\u003Ctd\u003E\t\t\t\u003Cp\u003EPersonne seule ou couple ayant quatre personnes \u00e0 charge\u003C\/p\u003E\t\t\t\u003C\/td\u003E\t\t\t\u003Ctd\u003E\t\t\t\u003Cp align=\u0022right\u0022\u003E88 629 \u20ac\u003C\/p\u003E\t\t\t\u003C\/td\u003E\t\t\t\u003Ctd\u003E\t\t\t\u003Cp align=\u0022right\u0022\u003E81 707 \u20ac\u003C\/p\u003E\t\t\t\u003C\/td\u003E\t\t\u003C\/tr\u003E\t\t\u003Ctr\u003E\t\t\t\u003Ctd\u003E\t\t\t\u003Cp\u003EMajoration par personne \u00e0 charge \u00e0 partir de la cinqui\u00e8me\u003C\/p\u003E\t\t\t\u003C\/td\u003E\t\t\t\u003Ctd\u003E\t\t\t\u003Cp align=\u0022right\u0022\u003E+ 5 669 \u20ac\u003C\/p\u003E\t\t\t\u003C\/td\u003E\t\t\t\u003Ctd\u003E\t\t\t\u003Cp align=\u0022right\u0022\u003E+ 5 226 \u20ac\u003C\/p\u003E\t\t\t\u003C\/td\u003E\t\t\u003C\/tr\u003E\t\u003C\/tbody\u003E\u003C\/table\u003E\u003Cp\u003E(1) Ce plafond est multipli\u00e9 par le nombre de personnes cotitulaires du bail lorsqu\u0027elles appartiennent \u00e0 des foyers fiscaux distincts.\u003C\/p\u003E                                            \u003Cp\u003E\u003Cbr \/\u003E\u003Cstrong\u003ESource :\u003C\/strong\u003E\u003Cstrong\u003E\u00a0\u003C\/strong\u003E\u003C\/p\u003E\u003Cul\u003E\t\u003Cli\u003E\u003Ca href=\u0022https:\/\/bofip.impots.gouv.fr\/bofip\/6558-PGP.html\/identifiant=BOI-IR-RICI-80-10-20-20-20250213\u0022 rel=\u0022noopener\u0022 target=\u0022_blank\u0022\u003EBofip Imp\u00f4ts BOI-IR-RICI-80-10-20-20\u003C\/a\u003E\u003C\/li\u003E\u003C\/ul\u003E\u003C\/div\u003E","annee":"2025","theme":" Indices, taux, bar\u00e8mes fiscaux","activites":["Agent immobilier"],"image":"https:\/\/www.weblex.fr\/sites\/default\/files\/chiffres_clef\/Shutterstock_plafondgirardin.jpg","created":"2025-03-10","modified":"2025-03-10"},{"url":"\/chiffres-cles\/plafonds-de-loyer-et-de-ressources-retenus-pour-l-application-du-dispositif-de-defiscalisation-immobiliere-pinel-2025","id":25952,"title":"Plafonds de loyer et de ressources retenus pour l\u2019application du dispositif de d\u00e9fiscalisation immobili\u00e8re \u00ab Pinel \u00bb - 2025","content":"\u003Cdiv\u003E                                              \u003Ch2\u003EPlafonds de loyer\u003C\/h2\u003E\u003Cp\u003EPour 2025, les plafonds (en m\u00e9tropole), charges non comprises, sont les suivants :\u003C\/p\u003E\u003Cul\u003E\t\u003Cli\u003E19,51\u0026nbsp;\u20ac en zone A bis\u003C\/li\u003E\t\u003Cli\u003E14,49 \u20ac en zone A\u003C\/li\u003E\t\u003Cli\u003E11,68 \u20ac en zone B1\u003C\/li\u003E\t\u003Cli\u003E10,15\u0026nbsp;\u20ac en zone B2 et C\u003C\/li\u003E\u003C\/ul\u003E\u003Cp\u003EPour 2025, les plafonds (en Outre-mer), charges non comprises, sont les suivants :\u003C\/p\u003E\u003Cul\u003E\t\u003Cli\u003ED\u00e9partements d\u2019Outre-mer, Saint Martin, Saint-Pierre-et-Miquelon : 12,02\u0026nbsp;\u20ac\u003C\/li\u003E\t\u003Cli\u003EPolyn\u00e9sie fran\u00e7aise, Nouvelle-Cal\u00e9donie, Iles Wallis et Futuna : 14,28 \u20ac\u003C\/li\u003E\u003C\/ul\u003E\u003Ch2\u003E\u0026nbsp;\u003C\/h2\u003E\u003Ch2\u003EPlafonds de ressources du locataire\u0026nbsp;\u003C\/h2\u003E\u003Cp\u003ELes ressources du locataire s\u0027entendent du revenu fiscal de r\u00e9f\u00e9rence figurant sur l\u0027avis d\u0027imp\u00f4t sur le revenu \u00e9tabli au titre de l\u0027avant-derni\u00e8re ann\u00e9e pr\u00e9c\u00e9dant celle de la signature du contrat de location.\u003C\/p\u003E\u003Cp\u003ECes plafonds sont r\u00e9vis\u00e9s au 1er janvier de chaque ann\u00e9e en fonction de la variation annuelle de l\u2019indice de r\u00e9f\u00e9rence des loyers.\u003C\/p\u003E\u003Cp\u003EPour les baux conclus, reconduits ou renouvel\u00e9s en 2025, les plafonds annuels de ressources des locataires sont les suivants (en euros) :\u003C\/p\u003E\u003Cul\u003E\t\u003Cli\u003E\u003Cstrong\u003EEn m\u00e9tropole\u003C\/strong\u003E\u003C\/li\u003E\u003C\/ul\u003E\u003Ctable class=\u0022MsoTableGrid\u0022\u003E\t\u003Ctbody\u003E\t\t\u003Ctr\u003E\t\t\t\u003Ctd valign=\u0022top\u0022\u003E\t\t\t\u003Cp align=\u0022center\u0022\u003EZones\u003C\/p\u003E\t\t\t\u003C\/td\u003E\t\t\t\u003Ctd valign=\u0022top\u0022\u003E\t\t\t\u003Cp align=\u0022center\u0022\u003EA bis\u003C\/p\u003E\t\t\t\u003C\/td\u003E\t\t\t\u003Ctd valign=\u0022top\u0022\u003E\t\t\t\u003Cp align=\u0022center\u0022\u003EA\u003C\/p\u003E\t\t\t\u003C\/td\u003E\t\t\t\u003Ctd valign=\u0022top\u0022\u003E\t\t\t\u003Cp align=\u0022center\u0022\u003EB1\u003C\/p\u003E\t\t\t\u003C\/td\u003E\t\t\t\u003Ctd valign=\u0022top\u0022\u003E\t\t\t\u003Cp align=\u0022center\u0022\u003EB2 et C\u003C\/p\u003E\t\t\t\u003C\/td\u003E\t\t\u003C\/tr\u003E\t\t\u003Ctr\u003E\t\t\t\u003Ctd valign=\u0022top\u0022\u003E\t\t\t\u003Cp\u003EPersonne seule\u003C\/p\u003E\t\t\t\u003C\/td\u003E\t\t\t\u003Ctd valign=\u0022top\u0022\u003E\t\t\t\u003Cp\u003E43\u0026nbsp;953 \u20ac\u003C\/p\u003E\t\t\t\u003C\/td\u003E\t\t\t\u003Ctd\u003E\t\t\t\u003Cp\u003E43 953 \u20ac\u003C\/p\u003E\t\t\t\u003C\/td\u003E\t\t\t\u003Ctd\u003E\t\t\t\u003Cp\u003E35 825 \u20ac\u003C\/p\u003E\t\t\t\u003C\/td\u003E\t\t\t\u003Ctd\u003E\t\t\t\u003Cp\u003E32 243 \u20ac\u003C\/p\u003E\t\t\t\u003C\/td\u003E\t\t\u003C\/tr\u003E\t\t\u003Ctr\u003E\t\t\t\u003Ctd valign=\u0022top\u0022\u003E\t\t\t\u003Cp\u003ECouple\u003C\/p\u003E\t\t\t\u003C\/td\u003E\t\t\t\u003Ctd valign=\u0022top\u0022\u003E\t\t\t\u003Cp\u003E65 691\u20ac\u003C\/p\u003E\t\t\t\u003C\/td\u003E\t\t\t\u003Ctd\u003E\t\t\t\u003Cp\u003E65 691 \u20ac\u003C\/p\u003E\t\t\t\u003C\/td\u003E\t\t\t\u003Ctd\u003E\t\t\t\u003Cp\u003E47 842 \u20ac\u003C\/p\u003E\t\t\t\u003C\/td\u003E\t\t\t\u003Ctd\u003E\t\t\t\u003Cp\u003E43 056 \u20ac\u003C\/p\u003E\t\t\t\u003C\/td\u003E\t\t\u003C\/tr\u003E\t\t\u003Ctr\u003E\t\t\t\u003Ctd valign=\u0022top\u0022\u003E\t\t\t\u003Cp\u003EPersonne seule ou couple ayant une personne \u00e0 charge\u003C\/p\u003E\t\t\t\u003C\/td\u003E\t\t\t\u003Ctd valign=\u0022top\u0022\u003E\t\t\t\u003Cp\u003E86\u0026nbsp;112 \u20ac\u003C\/p\u003E\t\t\t\u003C\/td\u003E\t\t\t\u003Ctd valign=\u0022top\u0022\u003E\t\t\t\u003Cp\u003E78 963 \u20ac\u003C\/p\u003E\t\t\t\u003C\/td\u003E\t\t\t\u003Ctd valign=\u0022top\u0022\u003E\t\t\t\u003Cp\u003E57 531 \u20ac\u003C\/p\u003E\t\t\t\u003C\/td\u003E\t\t\t\u003Ctd valign=\u0022top\u0022\u003E\t\t\t\u003Cp\u003E51 778 \u20ac\u003C\/p\u003E\t\t\t\u003C\/td\u003E\t\t\u003C\/tr\u003E\t\t\u003Ctr\u003E\t\t\t\u003Ctd valign=\u0022top\u0022\u003E\t\t\t\u003Cp\u003EPersonne seule ou couple ayant deux personnes \u00e0 charge\u003C\/p\u003E\t\t\t\u003C\/td\u003E\t\t\t\u003Ctd valign=\u0022top\u0022\u003E\t\t\t\u003Cp\u003E102\u0026nbsp;812 \u20ac\u003C\/p\u003E\t\t\t\u003C\/td\u003E\t\t\t\u003Ctd valign=\u0022top\u0022\u003E\t\t\t\u003Cp\u003E94 585 \u20ac\u003C\/p\u003E\t\t\t\u003C\/td\u003E\t\t\t\u003Ctd valign=\u0022top\u0022\u003E\t\t\t\u003Cp\u003E69 455 \u20ac\u003C\/p\u003E\t\t\t\u003C\/td\u003E\t\t\t\u003Ctd valign=\u0022top\u0022\u003E\t\t\t\u003Cp\u003E62 510 \u20ac\u003C\/p\u003E\t\t\t\u003C\/td\u003E\t\t\u003C\/tr\u003E\t\t\u003Ctr\u003E\t\t\t\u003Ctd valign=\u0022top\u0022\u003E\t\t\t\u003Cp\u003EPersonne seule ou couple ayant trois personnes \u00e0 charge\u003C\/p\u003E\t\t\t\u003C\/td\u003E\t\t\t\u003Ctd valign=\u0022top\u0022\u003E\t\t\t\u003Cp\u003E122\u0026nbsp;326\u0026nbsp;\u20ac\u003C\/p\u003E\t\t\t\u003C\/td\u003E\t\t\t\u003Ctd valign=\u0022top\u0022\u003E\t\t\t\u003Cp\u003E111 971 \u20ac\u003C\/p\u003E\t\t\t\u003C\/td\u003E\t\t\t\u003Ctd valign=\u0022top\u0022\u003E\t\t\t\u003Cp\u003E81 705 \u20ac\u003C\/p\u003E\t\t\t\u003C\/td\u003E\t\t\t\u003Ctd valign=\u0022top\u0022\u003E\t\t\t\u003Cp\u003E73 535 \u20ac\u003C\/p\u003E\t\t\t\u003C\/td\u003E\t\t\u003C\/tr\u003E\t\t\u003Ctr\u003E\t\t\t\u003Ctd valign=\u0022top\u0022\u003E\t\t\t\u003Cp\u003EPersonne seule ou couple ayant quatre personnes \u00e0 charge\u003C\/p\u003E\t\t\t\u003C\/td\u003E\t\t\t\u003Ctd valign=\u0022top\u0022\u003E\t\t\t\u003Cp\u003E137\u0026nbsp;649 \u20ac\u003C\/p\u003E\t\t\t\u003C\/td\u003E\t\t\t\u003Ctd valign=\u0022top\u0022\u003E\t\t\t\u003Cp\u003E26 001 \u20ac\u003C\/p\u003E\t\t\t\u003C\/td\u003E\t\t\t\u003Ctd valign=\u0022top\u0022\u003E\t\t\t\u003Cp\u003E92 080 \u20ac\u003C\/p\u003E\t\t\t\u003C\/td\u003E\t\t\t\u003Ctd valign=\u0022top\u0022\u003E\t\t\t\u003Cp\u003E82 873 \u20ac\u003C\/p\u003E\t\t\t\u003C\/td\u003E\t\t\u003C\/tr\u003E\t\t\u003Ctr\u003E\t\t\t\u003Ctd valign=\u0022top\u0022\u003E\t\t\t\u003Cp\u003EMajoration par personne \u00e0 charge \u00e0 partir de la cinqui\u00e8me\u003C\/p\u003E\t\t\t\u003C\/td\u003E\t\t\t\u003Ctd valign=\u0022top\u0022\u003E\t\t\t\u003Cp\u003E15\u0026nbsp;335 \u20ac\u003C\/p\u003E\t\t\t\u003C\/td\u003E\t\t\t\u003Ctd valign=\u0022top\u0022\u003E\t\t\t\u003Cp\u003E14 039 \u20ac\u003C\/p\u003E\t\t\t\u003C\/td\u003E\t\t\t\u003Ctd valign=\u0022top\u0022\u003E\t\t\t\u003Cp\u003E10 273 \u20ac\u003C\/p\u003E\t\t\t\u003C\/td\u003E\t\t\t\u003Ctd valign=\u0022top\u0022\u003E\t\t\t\u003Cp\u003E9 243 \u20ac\u003C\/p\u003E\t\t\t\u003C\/td\u003E\t\t\u003C\/tr\u003E\t\u003C\/tbody\u003E\u003C\/table\u003E\u003Cul\u003E\t\u003Cli\u003E\u003Cstrong\u003EEn Outre-mer\u003C\/strong\u003E\u003C\/li\u003E\u003C\/ul\u003E\u003Ctable class=\u0022MsoTableGrid\u0022\u003E\t\u003Ctbody\u003E\t\t\u003Ctr\u003E\t\t\t\u003Ctd valign=\u0022top\u0022\u003E\t\t\t\u003Cp align=\u0022center\u0022\u003ELieu de situation de l\u0027immeuble\u003C\/p\u003E\t\t\t\u003C\/td\u003E\t\t\t\u003Ctd valign=\u0022top\u0022\u003E\t\t\t\u003Cp align=\u0022center\u0022\u003ED\u00e9partements d\u0027outre-mer\u003C\/p\u003E\t\t\t\u003Cp align=\u0022center\u0022\u003ESaint-Martin\u003C\/p\u003E\t\t\t\u003Cp align=\u0022center\u0022\u003ESaint-Pierre-et-Miquelon\u003C\/p\u003E\t\t\t\u003C\/td\u003E\t\t\t\u003Ctd valign=\u0022top\u0022\u003E\t\t\t\u003Cp align=\u0022center\u0022\u003EPolyn\u00e9sie Fran\u00e7aise\u003C\/p\u003E\t\t\t\u003Cp align=\u0022center\u0022\u003ENouvelle-Cal\u00e9donie\u003C\/p\u003E\t\t\t\u003Cp align=\u0022center\u0022\u003E\u00celes Wallis et Futuna\u003C\/p\u003E\t\t\t\u003C\/td\u003E\t\t\u003C\/tr\u003E\t\t\u003Ctr\u003E\t\t\t\u003Ctd valign=\u0022top\u0022\u003E\t\t\t\u003Cp\u003EPersonne seule\u003C\/p\u003E\t\t\t\u003C\/td\u003E\t\t\t\u003Ctd valign=\u0022top\u0022\u003E\t\t\t\u003Cp\u003E32 602 \u20ac\u003C\/p\u003E\t\t\t\u003C\/td\u003E\t\t\t\u003Ctd valign=\u0022top\u0022\u003E\t\t\t\u003Cp\u003E34 607 \u20ac\u003C\/p\u003E\t\t\t\u003C\/td\u003E\t\t\u003C\/tr\u003E\t\t\u003Ctr\u003E\t\t\t\u003Ctd valign=\u0022top\u0022\u003E\t\t\t\u003Cp\u003ECouple\u003C\/p\u003E\t\t\t\u003C\/td\u003E\t\t\t\u003Ctd valign=\u0022top\u0022\u003E\t\t\t\u003Cp\u003E43 539 \u20ac\u003C\/p\u003E\t\t\t\u003C\/td\u003E\t\t\t\u003Ctd valign=\u0022top\u0022\u003E\t\t\t\u003Cp\u003E46 213 \u20ac\u003C\/p\u003E\t\t\t\u003C\/td\u003E\t\t\u003C\/tr\u003E\t\t\u003Ctr\u003E\t\t\t\u003Ctd valign=\u0022top\u0022\u003E\t\t\t\u003Cp\u003EPersonne seule ou couple ayant une personne \u00e0 charge\u003C\/p\u003E\t\t\t\u003C\/td\u003E\t\t\t\u003Ctd valign=\u0022top\u0022\u003E\t\t\t\u003Cp\u003E52 358 \u20ac\u003C\/p\u003E\t\t\t\u003C\/td\u003E\t\t\t\u003Ctd valign=\u0022top\u0022\u003E\t\t\t\u003Cp\u003E55 573 \u20ac\u003C\/p\u003E\t\t\t\u003C\/td\u003E\t\t\u003C\/tr\u003E\t\t\u003Ctr\u003E\t\t\t\u003Ctd valign=\u0022top\u0022\u003E\t\t\t\u003Cp\u003EPersonne seule ou couple ayant deux personnes \u00e0 charge\u003C\/p\u003E\t\t\t\u003C\/td\u003E\t\t\t\u003Ctd valign=\u0022top\u0022\u003E\t\t\t\u003Cp\u003E63 207 \u20ac\u003C\/p\u003E\t\t\t\u003C\/td\u003E\t\t\t\u003Ctd valign=\u0022top\u0022\u003E\t\t\t\u003Cp\u003E67 090 \u20ac\u003C\/p\u003E\t\t\t\u003C\/td\u003E\t\t\u003C\/tr\u003E\t\t\u003Ctr\u003E\t\t\t\u003Ctd valign=\u0022top\u0022\u003E\t\t\t\u003Cp\u003EPersonne seule ou couple ayant trois personnes \u00e0 charge\u003C\/p\u003E\t\t\t\u003C\/td\u003E\t\t\t\u003Ctd valign=\u0022top\u0022\u003E\t\t\t\u003Cp\u003E74 354 \u20ac\u003C\/p\u003E\t\t\t\u003C\/td\u003E\t\t\t\u003Ctd valign=\u0022top\u0022\u003E\t\t\t\u003Cp\u003E78 921 \u20ac\u003C\/p\u003E\t\t\t\u003C\/td\u003E\t\t\u003C\/tr\u003E\t\t\u003Ctr\u003E\t\t\t\u003Ctd valign=\u0022top\u0022\u003E\t\t\t\u003Cp\u003EPersonne seule ou couple ayant quatre personnes \u00e0 charge\u003C\/p\u003E\t\t\t\u003C\/td\u003E\t\t\t\u003Ctd valign=\u0022top\u0022\u003E\t\t\t\u003Cp\u003E83 795 \u20ac\u003C\/p\u003E\t\t\t\u003C\/td\u003E\t\t\t\u003Ctd valign=\u0022top\u0022\u003E\t\t\t\u003Cp\u003E88 943 \u20ac\u003C\/p\u003E\t\t\t\u003C\/td\u003E\t\t\u003C\/tr\u003E\t\t\u003Ctr\u003E\t\t\t\u003Ctd valign=\u0022top\u0022\u003E\t\t\t\u003Cp\u003EMajoration par personne \u00e0 charge \u00e0 partir de la cinqui\u00e8me\u003C\/p\u003E\t\t\t\u003C\/td\u003E\t\t\t\u003Ctd valign=\u0022top\u0022\u003E\t\t\t\u003Cp\u003E9 354 \u20ac\u003C\/p\u003E\t\t\t\u003C\/td\u003E\t\t\t\u003Ctd valign=\u0022top\u0022\u003E\t\t\t\u003Cp\u003E9 928 \u20ac\u003C\/p\u003E\t\t\t\u003C\/td\u003E\t\t\u003C\/tr\u003E\t\u003C\/tbody\u003E\u003C\/table\u003E                                            \u003Cp\u003E\u003Cbr \/\u003E\u003Cstrong\u003ESource :\u003C\/strong\u003E\u003Cstrong\u003E\u00a0\u003C\/strong\u003E\u003C\/p\u003E\u003Cul\u003E\t\u003Cli\u003E\u003Ca href=\u0022https:\/\/bofip.impots.gouv.fr\/bofip\/10130-PGP.html\/identifiant=BOI-BAREME-000017-20250217#F._Duflot_\/_Pinel_metropole_215\u0022 rel=\u0022noopener\u0022 target=\u0022_blank\u0022\u003EBOFiP-Imp\u00f4ts-BAREME-000017\u003C\/a\u003E\u003C\/li\u003E\u003C\/ul\u003E\u003C\/div\u003E","annee":"2025","theme":" Indices, taux, bar\u00e8mes fiscaux","activites":["Agent immobilier"],"image":"https:\/\/www.weblex.fr\/sites\/default\/files\/chiffres_clef\/Shutterstock_plafondpinel.jpg","created":"2025-03-10","modified":"2025-03-10"},{"url":"\/chiffres-cles\/bareme-fiscal-des-frais-de-carburants-2025","id":25950,"title":"Bar\u00e8me fiscal des frais de carburants 2025","content":"\u003Cdiv\u003E                                              \u003Cp\u003ELes exploitants individuels et certaines soci\u00e9t\u00e9s civiles de moyens tenant une comptabilit\u00e9 super-simplifi\u00e9e peuvent \u00e9valuer forfaitairement leurs frais de carburant consomm\u00e9 lors de leurs d\u00e9placements professionnels en appliquant des bar\u00e8mes sp\u00e9cifiques publi\u00e9s chaque ann\u00e9e par l\u0027administration fiscale.\u003C\/p\u003E\u003Cp\u003ECes bar\u00e8mes peuvent aussi \u00eatre utilis\u00e9s par les titulaires de b\u00e9n\u00e9fices non commerciaux (pour les v\u00e9hicules pris en location) et par les associ\u00e9s de soci\u00e9t\u00e9s de personnes qui exercent leur activit\u00e9 professionnelle dans la soci\u00e9t\u00e9 (pour \u00e9valuer leurs frais de d\u00e9placement domicile \u2013 lieu de travail)\u003C\/p\u003E\u003Cp\u003E\u0026nbsp;\u003C\/p\u003E\u003Ch3\u003EBar\u00e8me applicable aux voitures pour l\u2019imposition des revenus 2024\u003C\/h3\u003E\u003Ctable align=\u0022center\u0022 summary=\u0022\u0022\u003E\t\u003Ctbody\u003E\t\t\u003Ctr\u003E\t\t\t\u003Ctd\u003E\t\t\t\u003Cp align=\u0022center\u0022\u003ECV\u003C\/p\u003E\t\t\t\u003C\/td\u003E\t\t\t\u003Ctd\u003E\t\t\t\u003Cp align=\u0022center\u0022\u003EGazole (en \u20ac \/ km)\u003C\/p\u003E\t\t\t\u003C\/td\u003E\t\t\t\u003Ctd\u003E\t\t\t\u003Cp align=\u0022center\u0022\u003ESuper sans plomb (en \u20ac \/ km)\u003C\/p\u003E\t\t\t\u003C\/td\u003E\t\t\t\u003Ctd\u003E\t\t\t\u003Cp align=\u0022center\u0022\u003EGPL (en \u20ac \/ km)\u003C\/p\u003E\t\t\t\u003C\/td\u003E\t\t\u003C\/tr\u003E\t\t\u003Ctr\u003E\t\t\t\u003Ctd\u003E\t\t\t\u003Cp align=\u0022center\u0022\u003E3 \u00e0 4\u003C\/p\u003E\t\t\t\u003C\/td\u003E\t\t\t\u003Ctd\u003E\t\t\t\u003Cp align=\u0022center\u0022\u003E0,094\u003C\/p\u003E\t\t\t\u003C\/td\u003E\t\t\t\u003Ctd\u003E\t\t\t\u003Cp align=\u0022center\u0022\u003E0,119\u003C\/p\u003E\t\t\t\u003C\/td\u003E\t\t\t\u003Ctd\u003E\t\t\t\u003Cp align=\u0022center\u0022\u003E0,074\u003C\/p\u003E\t\t\t\u003C\/td\u003E\t\t\u003C\/tr\u003E\t\t\u003Ctr\u003E\t\t\t\u003Ctd\u003E\t\t\t\u003Cp align=\u0022center\u0022\u003E5 \u00e0 7\u003C\/p\u003E\t\t\t\u003C\/td\u003E\t\t\t\u003Ctd\u003E\t\t\t\u003Cp align=\u0022center\u0022\u003E0,116\u003C\/p\u003E\t\t\t\u003C\/td\u003E\t\t\t\u003Ctd\u003E\t\t\t\u003Cp align=\u0022center\u0022\u003E0,147\u003C\/p\u003E\t\t\t\u003C\/td\u003E\t\t\t\u003Ctd\u003E\t\t\t\u003Cp align=\u0022center\u0022\u003E0,091\u003C\/p\u003E\t\t\t\u003C\/td\u003E\t\t\u003C\/tr\u003E\t\t\u003Ctr\u003E\t\t\t\u003Ctd\u003E\t\t\t\u003Cp align=\u0022center\u0022\u003E8 et 9\u003C\/p\u003E\t\t\t\u003C\/td\u003E\t\t\t\u003Ctd\u003E\t\t\t\u003Cp align=\u0022center\u0022\u003E0,137\u003C\/p\u003E\t\t\t\u003C\/td\u003E\t\t\t\u003Ctd\u003E\t\t\t\u003Cp align=\u0022center\u0022\u003E0,174\u003C\/p\u003E\t\t\t\u003C\/td\u003E\t\t\t\u003Ctd\u003E\t\t\t\u003Cp align=\u0022center\u0022\u003E0,108\u003C\/p\u003E\t\t\t\u003C\/td\u003E\t\t\u003C\/tr\u003E\t\t\u003Ctr\u003E\t\t\t\u003Ctd\u003E\t\t\t\u003Cp align=\u0022center\u0022\u003E10 et 11\u003C\/p\u003E\t\t\t\u003C\/td\u003E\t\t\t\u003Ctd\u003E\t\t\t\u003Cp align=\u0022center\u0022\u003E0,155\u003C\/p\u003E\t\t\t\u003C\/td\u003E\t\t\t\u003Ctd\u003E\t\t\t\u003Cp align=\u0022center\u0022\u003E0,197\u003C\/p\u003E\t\t\t\u003C\/td\u003E\t\t\t\u003Ctd\u003E\t\t\t\u003Cp align=\u0022center\u0022\u003E0,122\u003C\/p\u003E\t\t\t\u003C\/td\u003E\t\t\u003C\/tr\u003E\t\t\u003Ctr\u003E\t\t\t\u003Ctd\u003E\t\t\t\u003Cp align=\u0022center\u0022\u003E12 et plus\u003C\/p\u003E\t\t\t\u003C\/td\u003E\t\t\t\u003Ctd\u003E\t\t\t\u003Cp align=\u0022center\u0022\u003E0,172\u003C\/p\u003E\t\t\t\u003C\/td\u003E\t\t\t\u003Ctd\u003E\t\t\t\u003Cp align=\u0022center\u0022\u003E0,219\u003C\/p\u003E\t\t\t\u003C\/td\u003E\t\t\t\u003Ctd\u003E\t\t\t\u003Cp align=\u0022center\u0022\u003E0,136\u003C\/p\u003E\t\t\t\u003C\/td\u003E\t\t\u003C\/tr\u003E\t\u003C\/tbody\u003E\u003C\/table\u003E\u003Ch3\u003E\u003Cbr \/\u003EBar\u00e8me applicable aux deux-roues (v\u00e9lomoteurs, scooters et motocyclettes) pour l\u2019imposition des revenus 2024\u003C\/h3\u003E\u003Ctable align=\u0022center\u0022 summary=\u0022\u0022\u003E\t\u003Ctbody\u003E\t\t\u003Ctr\u003E\t\t\t\u003Ctd\u003E\t\t\t\u003Cp align=\u0022center\u0022\u003EPuissance fiscale\u003C\/p\u003E\t\t\t\u003C\/td\u003E\t\t\t\u003Ctd\u003E\t\t\t\u003Cp align=\u0022center\u0022\u003EFrais de carburant au kilom\u00e8tre (en \u20ac \/ km)\u003C\/p\u003E\t\t\t\u003C\/td\u003E\t\t\u003C\/tr\u003E\t\t\u003Ctr\u003E\t\t\t\u003Ctd\u003E\t\t\t\u003Cp align=\u0022center\u0022\u003E\u0026lt; \u00e0 50 CC\u003C\/p\u003E\t\t\t\u003C\/td\u003E\t\t\t\u003Ctd\u003E\t\t\t\u003Cp align=\u0022center\u0022\u003E0,038\u003C\/p\u003E\t\t\t\u003C\/td\u003E\t\t\u003C\/tr\u003E\t\t\u003Ctr\u003E\t\t\t\u003Ctd\u003E\t\t\t\u003Cp align=\u0022center\u0022\u003EDe 50 CC \u00e0 125 CC\u003C\/p\u003E\t\t\t\u003C\/td\u003E\t\t\t\u003Ctd\u003E\t\t\t\u003Cp align=\u0022center\u0022\u003E0,078\u003C\/p\u003E\t\t\t\u003C\/td\u003E\t\t\u003C\/tr\u003E\t\t\u003Ctr\u003E\t\t\t\u003Ctd\u003E\t\t\t\u003Cp align=\u0022center\u0022\u003EDe 3 \u00e0 5 CV\u003C\/p\u003E\t\t\t\u003C\/td\u003E\t\t\t\u003Ctd\u003E\t\t\t\u003Cp align=\u0022center\u0022\u003E0,099\u003C\/p\u003E\t\t\t\u003C\/td\u003E\t\t\u003C\/tr\u003E\t\t\u003Ctr\u003E\t\t\t\u003Ctd\u003E\t\t\t\u003Cp align=\u0022center\u0022\u003EAu-del\u00e0 de 5 CV\u003C\/p\u003E\t\t\t\u003C\/td\u003E\t\t\t\u003Ctd\u003E\t\t\t\u003Cp align=\u0022center\u0022\u003E0,137\u003C\/p\u003E\t\t\t\u003C\/td\u003E\t\t\u003C\/tr\u003E\t\u003C\/tbody\u003E\u003C\/table\u003E                                            \u003Cp\u003E\u003Cbr \/\u003E\u003Cstrong\u003ESource :\u003C\/strong\u003E\u003Cstrong\u003E\u00a0\u003C\/strong\u003E\u003C\/p\u003E\u003Cul\u003E\t\u003Cli\u003E\u003Ca href=\u0022https:\/\/bofip.impots.gouv.fr\/bofip\/2095-PGP.html\/identifiant=BOI-BAREME-000003-20250219\u0022 rel=\u0022noopener\u0022 target=\u0022_blank\u0022\u003EBOFiP-Imp\u00f4ts-BOI-BAREME-000003\u003C\/a\u003E\u003C\/li\u003E\u003C\/ul\u003E\u003C\/div\u003E","annee":"2025","theme":" Indices, taux, bar\u00e8mes fiscaux","activites":["Tout secteur"],"image":"https:\/\/www.weblex.fr\/sites\/default\/files\/chiffres_clef\/Shutterstock_fraisdecarburant.jpg","created":"2025-03-10","modified":"2025-03-10"},{"url":"\/chiffres-cles\/frais-supplementaires-de-repas-2025","id":25948,"title":"Frais suppl\u00e9mentaires de repas - 2025","content":"\u003Cdiv\u003E                                              \u003Ctable class=\u0022MsoTableGrid\u0022\u003E\t\u003Ctbody\u003E\t\t\u003Ctr\u003E\t\t\t\u003Ctd valign=\u0022top\u0022\u003E\t\t\t\u003Cp align=\u0022center\u0022\u003EFrais de repas\u003C\/p\u003E\t\t\t\u003C\/td\u003E\t\t\t\u003Ctd valign=\u0022top\u0022\u003E\t\t\t\u003Cp align=\u0022center\u0022\u003EMontant\u003C\/p\u003E\t\t\t\u003C\/td\u003E\t\t\u003C\/tr\u003E\t\t\u003Ctr\u003E\t\t\t\u003Ctd valign=\u0022top\u0022\u003E\t\t\t\u003Cp\u003EValeur du repas pris \u00e0 domicile\u003C\/p\u003E\t\t\t\u003C\/td\u003E\t\t\t\u003Ctd valign=\u0022top\u0022\u003E\t\t\t\u003Cp align=\u0022center\u0022\u003E5,45 \u20ac TTC\u003C\/p\u003E\t\t\t\u003C\/td\u003E\t\t\u003C\/tr\u003E\t\t\u003Ctr\u003E\t\t\t\u003Ctd valign=\u0022top\u0022\u003E\t\t\t\u003Cp\u003EMontant au-del\u00e0 duquel la valeur du repas n\u2019est plus consid\u00e9r\u00e9e comme raisonnable\u003C\/p\u003E\t\t\t\u003C\/td\u003E\t\t\t\u003Ctd valign=\u0022top\u0022\u003E\t\t\t\u003Cp align=\u0022center\u0022\u003E21,10 \u20ac TTC\u003C\/p\u003E\t\t\t\u003C\/td\u003E\t\t\u003C\/tr\u003E\t\u003C\/tbody\u003E\u003C\/table\u003E\u003Ch2\u003E\u0026nbsp;\u003C\/h2\u003E\u003Ch2\u003E1\/ B\u00e9n\u00e9fices industriels et commerciaux\u003C\/h2\u003E\u003Cp\u003EPar principe, les frais suppl\u00e9mentaires de repas sont d\u00e9ductibles du r\u00e9sultat imposable, pour les titulaires de b\u00e9n\u00e9fices industriels et commerciaux, d\u00e8s lors qu\u2019ils sont n\u00e9cessit\u00e9s par l\u2019exercice de la profession, justifi\u00e9s et d\u2019un montant raisonnable.\u003C\/p\u003E\u003Cp\u003ESeuls les frais suppl\u00e9mentaires de repas sont r\u00e9put\u00e9s n\u00e9cessit\u00e9s par l\u2019exercice de la profession : la fraction de la d\u00e9pense qui correspond aux frais que vous auriez engag\u00e9s si vous aviez pris votre repas \u00e0 votre domicile constitue une d\u00e9pense d\u2019ordre personnel qui ne peut \u00eatre prise en compte pour la d\u00e9termination du b\u00e9n\u00e9fice imposable. Pour les exercices clos en 2025, le prix du repas \u00e0 domicile est fix\u00e9 forfaitairement \u00e0 5,45 \u20ac pour un repas (montant TTC).\u003C\/p\u003E\u003Cp\u003EExemple : un commer\u00e7ant dont le magasin et le domicile sont situ\u00e9s sur la m\u00eame commune effectue un d\u00e9placement l\u2019obligeant \u00e0 exposer des frais de restaurant pour un montant de 15,90 \u20ac, r\u00e9guli\u00e8rement justifi\u00e9s. Les frais qu\u2019il peut d\u00e9duire s\u2019\u00e9l\u00e8vent \u00e0 15,90 \u20ac - 5,45 \u20ac = 10,45 \u20ac.\u003C\/p\u003E\u003Cp\u003EPar ailleurs, le repas pris en dehors du domicile doit avoir un co\u00fbt raisonnable sous peine de ne plus \u00eatre consid\u00e9r\u00e9 comme une d\u00e9pense professionnelle. Pour appr\u00e9cier ce montant, sera consid\u00e9r\u00e9 comme raisonnable un repas dont le prix n\u2019exc\u00e8de pas la limite d\u2019exon\u00e9ration des indemnit\u00e9s pour frais de repas retenue lorsqu\u2019un salari\u00e9 est en d\u00e9placement professionnel et emp\u00each\u00e9 de regagner sa r\u00e9sidence ou le lieu habituel de son travail, soit 21,10 \u20ac pour l\u2019ann\u00e9e 2025 (montant TTC). La fraction qui exc\u00e8de ce seuil constitue une d\u00e9pense d\u2019ordre personnel qui ne peut \u00eatre admise en d\u00e9duction, \u00e0 moins de justifier ce d\u00e9passement par des circonstances exceptionnelles n\u00e9cessaires pour l\u2019exercice de l\u2019activit\u00e9 ou de d\u00e9montrer qu\u2019il n\u2019existe pas de possibilit\u00e9 de d\u00e9jeuner \u00e0 moindre co\u00fbt dans les environs.\u003C\/p\u003E\u003Cp\u003EExemple : si, dans l\u2019exemple pr\u00e9c\u00e9dent, les frais suppl\u00e9mentaires de repas s\u2019\u00e9l\u00e8vent \u00e0 25 \u20ac, les frais de repas d\u00e9ductibles s\u2019\u00e9l\u00e8vent, par principe, \u00e0 21,10 \u20ac - 5,45 \u20ac = 15,65 \u20ac.\u003C\/p\u003E\u003Ch2\u003E\u0026nbsp;\u003C\/h2\u003E\u003Ch2\u003E2\/ B\u00e9n\u00e9fices non commerciaux\u003C\/h2\u003E\u003Cp\u003ELes frais suppl\u00e9mentaires de repas expos\u00e9s r\u00e9guli\u00e8rement sur les lieux d\u0027exercice de leur activit\u00e9 professionnelle par les titulaires de b\u00e9n\u00e9fices non commerciaux sont consid\u00e9r\u00e9s, sous certaines conditions, comme des d\u00e9penses n\u00e9cessit\u00e9es par l\u0027exercice de la profession et sont donc pris en compte pour la d\u00e9termination du b\u00e9n\u00e9fice non commercial imposable. Pour cela, les d\u00e9penses expos\u00e9es doivent r\u00e9sulter de l\u2019exercice normal de la profession et non de convenances personnelles et correspondre \u00e0 une charge effective et justifi\u00e9e.\u003C\/p\u003E\u003Cp\u003ESeuls les frais suppl\u00e9mentaires de repas sont r\u00e9put\u00e9s n\u00e9cessit\u00e9s par l\u2019exercice de la profession : la fraction de la d\u00e9pense qui correspond aux frais que vous auriez engag\u00e9s si vous aviez pris votre repas \u00e0 votre domicile constitue une d\u00e9pense d\u2019ordre personnel qui ne peut \u00eatre prise en compte pour la d\u00e9termination du b\u00e9n\u00e9fice imposable. Pour les exercices clos en 2025, le prix du repas \u00e0 domicile est fix\u00e9 forfaitairement \u00e0 5,45 \u20ac pour un repas (montant TTC).\u003C\/p\u003E\u003Cp\u003ELe montant d\u00e9ductible des frais suppl\u00e9mentaires de repas expos\u00e9s par les titulaires de b\u00e9n\u00e9fices non commerciaux correspond donc \u00e0 la diff\u00e9rence existant entre :\u003C\/p\u003E\u003Cul\u003E\t\u003Cli\u003Ele montant forfaitaire repr\u00e9sentatif de la valeur du repas pris \u00e0 domicile, fix\u00e9 \u00e0 5,45 \u20ac TTC pour l\u2019ann\u00e9e 2025 ;\u003C\/li\u003E\t\u003Cli\u003Eet la limite d\u0027exon\u00e9ration des indemnit\u00e9s pour frais de repas retenue lorsqu\u0027un salari\u00e9 est en d\u00e9placement professionnel et emp\u00each\u00e9 de regagner sa r\u00e9sidence ou le lieu habituel de son travail, fix\u00e9e \u00e0 21,10 \u20ac TTC pour l\u2019ann\u00e9e 2025.\u003C\/li\u003E\u003C\/ul\u003E\u003Cp\u003EExemple : un architecte dont le cabinet et le domicile sont situ\u00e9s sur la m\u00eame commune se rend sur un chantier dans un autre d\u00e9partement. Il expose \u00e0 cette occasion des frais de restaurant d\u2019un montant de 25 \u20ac, d\u00fbment justifi\u00e9s. Les frais qu\u2019il peut d\u00e9duire s\u2019\u00e9l\u00e8vent donc, par principe, \u00e0 21,10 \u20ac - 5,45 \u20ac = 15,65 \u20ac.\u003C\/p\u003E                                            \u003Cp\u003E\u003Cbr \/\u003E\u003Cstrong\u003ESource :\u003C\/strong\u003E\u003Cstrong\u003E\u00a0\u003C\/strong\u003E\u003C\/p\u003E\u003Cul\u003E\t\u003Cli\u003E\u003Ca href=\u0022https:\/\/bofip.impots.gouv.fr\/bofip\/4628-PGP.html\/identifiant=BOI-BNC-BASE-40-60-60-20250219\u0022 rel=\u0022noopener\u0022 target=\u0022_blank\u0022\u003EBOFiP-Imp\u00f4ts-BOI-BNC-BASE-40-60-60\u003C\/a\u003E\u003C\/li\u003E\t\u003Cli\u003E\u003Ca href=\u0022https:\/\/bofip.impots.gouv.fr\/bofip\/474-PGP.html\/identifiant%3DBOI-BIC-CHG-10-10-10-20190731#Cas_particulier_de_la_deduc_12\u0022 rel=\u0022noopener\u0022 target=\u0022_blank\u0022\u003EBOFiP-Imp\u00f4ts-BOI-BIC-CHG-10-10-10\u003C\/a\u003E\u003C\/li\u003E\u003C\/ul\u003E\u003C\/div\u003E","annee":"2025","theme":" Indices, taux, bar\u00e8mes fiscaux","activites":["Tout secteur"],"image":"https:\/\/www.weblex.fr\/sites\/default\/files\/chiffres_clef\/Shutterstock_fraisderepas.jpg","created":"2025-03-10","modified":"2025-03-10"},{"url":"\/chiffres-cles\/tarifs-des-notaires-formalites-2025","id":25839,"title":"Tarifs des Notaires \u2013 Formalit\u00e9s - 2025","content":"\u003Cdiv\u003E                                              \u003Ch3\u003E1\/ Co\u00fbt des formalit\u00e9s relatives au cr\u00e9dit et \u00e0 l\u0027immobilier\u003C\/h3\u003E\u003Cp\u003EDonnent lieu \u00e0 la perception d\u2019\u00e9moluments fixes, les prestations indiqu\u00e9es ci-dessous :\u003C\/p\u003E\u003Ctable aria-rowcount=\u00225\u0022 border=\u00221\u0022 data-tablelook=\u00221184\u0022 data-tablestyle=\u0022MsoTableGrid\u0022\u003E\t\u003Ctbody\u003E\t\t\u003Ctr aria-rowindex=\u00221\u0022 role=\u0022row\u0022\u003E\t\t\t\u003Ctd data-celllook=\u00220\u0022 role=\u0022rowheader\u0022\u003E\t\t\t\u003Cp paraeid=\u0022{97bdc118-0af2-4a95-88f8-caaffa596f82}{4}\u0022 paraid=\u0022137767395\u0022\u003ED\u00c9SIGNATION DE LA PRESTRATION\u0026nbsp;\u003C\/p\u003E\t\t\t\u003C\/td\u003E\t\t\t\u003Ctd data-celllook=\u00220\u0022 role=\u0022columnheader\u0022\u003E\t\t\t\u003Cp paraeid=\u0022{97bdc118-0af2-4a95-88f8-caaffa596f82}{15}\u0022 paraid=\u0022137767396\u0022\u003E\u00c9MOLUMENT\u003C\/p\u003E\t\t\t\u003C\/td\u003E\t\t\u003C\/tr\u003E\t\t\u003Ctr aria-rowindex=\u00222\u0022 role=\u0022row\u0022\u003E\t\t\t\u003Ctd data-celllook=\u00220\u0022 role=\u0022rowheader\u0022\u003E\t\t\t\u003Cp paraeid=\u0022{97bdc118-0af2-4a95-88f8-caaffa596f82}{23}\u0022 paraid=\u0022137767398\u0022\u003EAttestation de cr\u00e9ancier\u003C\/p\u003E\t\t\t\u003C\/td\u003E\t\t\t\u003Ctd data-celllook=\u00220\u0022\u003E\t\t\t\u003Cp paraeid=\u0022{97bdc118-0af2-4a95-88f8-caaffa596f82}{30}\u0022 paraid=\u0022137767399\u0022\u003E7,54 \u20ac\u0026nbsp;\u003C\/p\u003E\t\t\t\u003C\/td\u003E\t\t\u003C\/tr\u003E\t\t\u003Ctr aria-rowindex=\u00223\u0022 role=\u0022row\u0022\u003E\t\t\t\u003Ctd data-celllook=\u00220\u0022 role=\u0022rowheader\u0022\u003E\t\t\t\u003Cp paraeid=\u0022{97bdc118-0af2-4a95-88f8-caaffa596f82}{42}\u0022 paraid=\u0022137767401\u0022\u003EPaiement \u00e0 des entrepreneurs des fonds vers\u00e9s par organismes de cr\u00e9dit (par r\u00e8glement)\u003C\/p\u003E\t\t\t\u003C\/td\u003E\t\t\t\u003Ctd data-celllook=\u00220\u0022\u003E\t\t\t\u003Cp paraeid=\u0022{97bdc118-0af2-4a95-88f8-caaffa596f82}{49}\u0022 paraid=\u0022137767402\u0022\u003E7,54 \u20ac\u003C\/p\u003E\t\t\t\u003C\/td\u003E\t\t\u003C\/tr\u003E\t\t\u003Ctr aria-rowindex=\u00224\u0022 role=\u0022row\u0022\u003E\t\t\t\u003Ctd data-celllook=\u00220\u0022 role=\u0022rowheader\u0022\u003E\t\t\t\u003Cp paraeid=\u0022{97bdc118-0af2-4a95-88f8-caaffa596f82}{61}\u0022 paraid=\u0022137767404\u0022\u003EEnsemble des demandes de documents cadastraux, notamment l\u0027extrait cadastral, le document d\u0027arpentage, et les formulaires de division de parcelle\u003C\/p\u003E\t\t\t\u003C\/td\u003E\t\t\t\u003Ctd data-celllook=\u00220\u0022\u003E\t\t\t\u003Cp paraeid=\u0022{97bdc118-0af2-4a95-88f8-caaffa596f82}{70}\u0022 paraid=\u0022137767405\u0022\u003E11,32 \u20ac\u003C\/p\u003E\t\t\t\u003C\/td\u003E\t\t\u003C\/tr\u003E\t\u003C\/tbody\u003E\u003C\/table\u003E\u003Cp\u003ELa v\u00e9rification de la situation p\u00e9nale de l\u0027acqu\u00e9reur aupr\u00e8s du casier judiciaire donne lieu \u00e0 la perception des \u00e9moluments suivants :\u003C\/p\u003E\u003Cul\u003E\t\u003Cli\u003Een cas d\u0027acquisition par une ou plusieurs personnes physiques ou par une personne morale jusqu\u0027\u00e0 5 associ\u00e9s inclus : 37,73 \u20ac par dossier ;\u003C\/li\u003E\t\u003Cli\u003Een cas d\u0027acquisition par une personne morale, au-del\u00e0 de 5 associ\u00e9s : 75,46 \u20ac par dossier.\u003C\/li\u003E\u003C\/ul\u003E\u003Cp\u003ELe renouvellement de l\u0027extrait de casier judiciaire, avec r\u00e9initialisation de la demande, donne lieu \u00e0 la perception d\u0027un nouvel \u00e9molument fix\u00e9 selon les modalit\u00e9s pr\u00e9vues ci-dessus.\u003C\/p\u003E\u003Cp\u003EDonnent lieu \u00e0 la perception d\u2019\u00e9moluments fixes, les prestations mentionn\u00e9es ci-dessous :\u003Cbr \/\u003E\u0026nbsp;\u003C\/p\u003E\u003Ctable aria-rowcount=\u00225\u0022 border=\u00221\u0022 data-tablelook=\u00221184\u0022 data-tablestyle=\u0022MsoTableGrid\u0022\u003E\t\u003Ctbody\u003E\t\t\u003Ctr aria-rowindex=\u00221\u0022 role=\u0022row\u0022\u003E\t\t\t\u003Ctd data-celllook=\u00220\u0022 role=\u0022rowheader\u0022\u003E\t\t\t\u003Cp paraeid=\u0022{97bdc118-0af2-4a95-88f8-caaffa596f82}{4}\u0022 paraid=\u0022137767395\u0022\u003ED\u00c9SIGNATION DE LA PRESTRATION\u0026nbsp;\u003C\/p\u003E\t\t\t\u003C\/td\u003E\t\t\t\u003Ctd data-celllook=\u00220\u0022 role=\u0022columnheader\u0022\u003E\t\t\t\u003Cp paraeid=\u0022{97bdc118-0af2-4a95-88f8-caaffa596f82}{15}\u0022 paraid=\u0022137767396\u0022\u003E\u00c9MOLUMENT\u003C\/p\u003E\t\t\t\u003C\/td\u003E\t\t\u003C\/tr\u003E\t\t\u003Ctr aria-rowindex=\u00222\u0022 role=\u0022row\u0022\u003E\t\t\t\u003Ctd data-celllook=\u00220\u0022 role=\u0022rowheader\u0022\u003E\t\t\t\u003Cp paraeid=\u0022{97bdc118-0af2-4a95-88f8-caaffa596f82}{23}\u0022 paraid=\u0022137767398\u0022\u003EV\u00e9rification du respect des dispositions de l\u2019article L 711-2 du Code de la construction et de l\u2019habitation dans le cadre de l\u0027\u00e9laboration de l\u0027acte authentique mentionn\u00e9 au premier alin\u00e9a de l\u0027article L 711-5 du m\u00eame code\u003C\/p\u003E\t\t\t\u003C\/td\u003E\t\t\t\u003Ctd data-celllook=\u00220\u0022\u003E\t\t\t\u003Cp paraeid=\u0022{97bdc118-0af2-4a95-88f8-caaffa596f82}{30}\u0022 paraid=\u0022137767399\u0022\u003E15,09\u0026nbsp;\u20ac\u0026nbsp;\u003C\/p\u003E\t\t\t\u003C\/td\u003E\t\t\u003C\/tr\u003E\t\t\u003Ctr aria-rowindex=\u00223\u0022 role=\u0022row\u0022\u003E\t\t\t\u003Ctd data-celllook=\u00220\u0022 role=\u0022rowheader\u0022\u003E\t\t\t\u003Cp paraeid=\u0022{97bdc118-0af2-4a95-88f8-caaffa596f82}{42}\u0022 paraid=\u0022137767401\u0022\u003EImmatriculation d\u0027office du syndicat de copropri\u00e9taires dans les cas pr\u00e9vus au 2e alin\u00e9a de l\u2019article L 711-5 du Code de la construction et de l\u2019habitation\u003C\/p\u003E\t\t\t\u003C\/td\u003E\t\t\t\u003Ctd data-celllook=\u00220\u0022\u003E\t\t\t\u003Cp paraeid=\u0022{97bdc118-0af2-4a95-88f8-caaffa596f82}{49}\u0022 paraid=\u0022137767402\u0022\u003E18,87 \u20ac\u003C\/p\u003E\t\t\t\u003C\/td\u003E\t\t\u003C\/tr\u003E\t\t\u003Ctr aria-rowindex=\u00224\u0022 role=\u0022row\u0022\u003E\t\t\t\u003Ctd data-celllook=\u00220\u0022 role=\u0022rowheader\u0022\u003E\t\t\t\u003Cp paraeid=\u0022{97bdc118-0af2-4a95-88f8-caaffa596f82}{61}\u0022 paraid=\u0022137767404\u0022\u003EImmatriculation du syndicat de copropri\u00e9taires d\u0027un immeuble mis en copropri\u00e9t\u00e9 dans le cas pr\u00e9vu au I de l\u0027article L 711-4 du Code de la construction et de l\u0027habitation\u003C\/p\u003E\t\t\t\u003C\/td\u003E\t\t\t\u003Ctd data-celllook=\u00220\u0022\u003E\t\t\t\u003Cp paraeid=\u0022{97bdc118-0af2-4a95-88f8-caaffa596f82}{70}\u0022 paraid=\u0022137767405\u0022\u003E18,87 \u20ac\u003C\/p\u003E\t\t\t\u003C\/td\u003E\t\t\u003C\/tr\u003E\t\t\u003Ctr\u003E\t\t\t\u003Ctd data-celllook=\u00220\u0022 role=\u0022rowheader\u0022\u003ECopie figur\u00e9e ou collationn\u00e9e, pour publicit\u00e9 fonci\u00e8re (par page)\u003C\/td\u003E\t\t\t\u003Ctd data-celllook=\u00220\u0022\u003E1,13 \u20ac\u003C\/td\u003E\t\t\u003C\/tr\u003E\t\t\u003Ctr\u003E\t\t\t\u003Ctd data-celllook=\u00220\u0022 role=\u0022rowheader\u0022\u003EDemande de subvention dans le cadre d\u0027un \u00e9change de biens ruraux\u003C\/td\u003E\t\t\t\u003Ctd data-celllook=\u00220\u0022\u003E18,87 \u20ac\u003C\/td\u003E\t\t\u003C\/tr\u003E\t\t\u003Ctr\u003E\t\t\t\u003Ctd data-celllook=\u00220\u0022 role=\u0022rowheader\u0022\u003ENotification n\u00e9cessaire \u00e0 la purge d\u0027un droit de pr\u00e9emption (par notification)\u003C\/td\u003E\t\t\t\u003Ctd data-celllook=\u00220\u0022\u003E37,73 \u20ac\u003C\/td\u003E\t\t\u003C\/tr\u003E\t\t\u003Ctr\u003E\t\t\t\u003Ctd data-celllook=\u00220\u0022 role=\u0022rowheader\u0022\u003ER\u00e9quisition de publication ou de mention en mati\u00e8re de publicit\u00e9 fonci\u00e8re\u003C\/td\u003E\t\t\t\u003Ctd data-celllook=\u00220\u0022\u003E18,87 \u20ac\u003C\/td\u003E\t\t\u003C\/tr\u003E\t\t\u003Ctr\u003E\t\t\t\u003Ctd data-celllook=\u00220\u0022 role=\u0022rowheader\u0022\u003EInscription d\u0027une hypoth\u00e8que l\u00e9gale par le notaire sans acte notari\u00e9\u003C\/td\u003E\t\t\t\u003Ctd data-celllook=\u00220\u0022\u003E18,87 \u20ac\u003C\/td\u003E\t\t\u003C\/tr\u003E\t\t\u003Ctr\u003E\t\t\t\u003Ctd data-celllook=\u00220\u0022 role=\u0022rowheader\u0022\u003EMention en marge d\u0027une convention de rechargement\u003C\/td\u003E\t\t\t\u003Ctd data-celllook=\u00220\u0022\u003E18,87 \u20ac\u003C\/td\u003E\t\t\u003C\/tr\u003E\t\t\u003Ctr\u003E\t\t\t\u003Ctd data-celllook=\u00220\u0022 role=\u0022rowheader\u0022\u003EBordereau d\u0027inscription en suite imm\u00e9diate d\u0027un acte\u003C\/td\u003E\t\t\t\u003Ctd data-celllook=\u00220\u0022\u003E7,54 \u20ac\u003C\/td\u003E\t\t\u003C\/tr\u003E\t\t\u003Ctr\u003E\t\t\t\u003Ctd data-celllook=\u00220\u0022 role=\u0022rowheader\u0022\u003ERenouvellement d\u0027inscription\u003C\/td\u003E\t\t\t\u003Ctd data-celllook=\u00220\u0022\u003E37,73 \u20ac\u003C\/td\u003E\t\t\u003C\/tr\u003E\t\t\u003Ctr\u003E\t\t\t\u003Ctd data-celllook=\u00220\u0022 role=\u0022rowheader\u0022\u003EDemande d\u0027\u00e9tat (par r\u00e9quisition)\u003C\/td\u003E\t\t\t\u003Ctd data-celllook=\u00220\u0022\u003E3,77 \u20ac\u003C\/td\u003E\t\t\u003C\/tr\u003E\t\t\u003Ctr\u003E\t\t\t\u003Ctd data-celllook=\u00220\u0022 role=\u0022rowheader\u0022\u003EActes destin\u00e9s \u00e0 \u00eatre publi\u00e9s au fichier immobilier : actes d\u0027\u00e9tat civil, attestations, demandes de cadastre, copies authentiques, copies sur papier libre, copies publicit\u00e9 fonci\u00e8re, extraits d\u0027acte, r\u00e9quisitions d\u0027\u00e9tat\u003C\/td\u003E\t\t\t\u003Ctd data-celllook=\u00220\u0022\u003E339,58 \u20ac\u003C\/td\u003E\t\t\u003C\/tr\u003E\t\t\u003Ctr\u003E\t\t\t\u003Ctd data-celllook=\u00220\u0022 role=\u0022rowheader\u0022\u003ETransmission au Conseil sup\u00e9rieur du notariat des informations relatives aux mutations d\u0027immeubles \u00e0 titre on\u00e9reux n\u00e9cessaires \u00e0 l\u0027exercice de la mission de service public pr\u00e9vue \u00e0 l\u0027article 6-1 de l\u0027ordonnance no 45-2590 du 2 novembre 1945 relative au statut du notariat\u003C\/td\u003E\t\t\t\u003Ctd data-celllook=\u00220\u0022\u003E15,31 \u20ac\u003C\/td\u003E\t\t\u003C\/tr\u003E\t\u003C\/tbody\u003E\u003C\/table\u003E\u003Ch3\u003E2\/ Co\u00fbt des formalit\u00e9s relatives aux d\u00e9marches administratives et fiscales\u003C\/h3\u003E\u003Cp\u003EDonnent lieu \u00e0 la perception d\u2019\u00e9moluments fixes, les prestations suivantes :\u003Cbr \/\u003E\u0026nbsp;\u003C\/p\u003E\u003Ctable aria-rowcount=\u00225\u0022 border=\u00221\u0022 data-tablelook=\u00221184\u0022 data-tablestyle=\u0022MsoTableGrid\u0022\u003E\t\u003Ctbody\u003E\t\t\u003Ctr aria-rowindex=\u00221\u0022 role=\u0022row\u0022\u003E\t\t\t\u003Ctd data-celllook=\u00220\u0022 role=\u0022rowheader\u0022\u003E\t\t\t\u003Cp paraeid=\u0022{97bdc118-0af2-4a95-88f8-caaffa596f82}{4}\u0022 paraid=\u0022137767395\u0022\u003ED\u00c9SIGNATION DE LA PRESTRATION\u0026nbsp;\u003C\/p\u003E\t\t\t\u003C\/td\u003E\t\t\t\u003Ctd data-celllook=\u00220\u0022 role=\u0022columnheader\u0022\u003E\t\t\t\u003Cp paraeid=\u0022{97bdc118-0af2-4a95-88f8-caaffa596f82}{15}\u0022 paraid=\u0022137767396\u0022\u003E\u00c9MOLUMENT\u003C\/p\u003E\t\t\t\u003C\/td\u003E\t\t\u003C\/tr\u003E\t\t\u003Ctr aria-rowindex=\u00222\u0022 role=\u0022row\u0022\u003E\t\t\t\u003Ctd data-celllook=\u00220\u0022 role=\u0022rowheader\u0022\u003E\t\t\t\u003Cp paraeid=\u0022{97bdc118-0af2-4a95-88f8-caaffa596f82}{23}\u0022 paraid=\u0022137767398\u0022\u003EEnsemble des demandes concernant l\u0027\u00e9tat civil des personnes physiques et l\u0027immatriculation des personnes morales (actes de l\u0027\u00e9tat civil)\u003C\/p\u003E\t\t\t\u003C\/td\u003E\t\t\t\u003Ctd data-celllook=\u00220\u0022\u003E\t\t\t\u003Cp paraeid=\u0022{97bdc118-0af2-4a95-88f8-caaffa596f82}{30}\u0022 paraid=\u0022137767399\u0022\u003E11,24 \u20ac\u003C\/p\u003E\t\t\t\u003C\/td\u003E\t\t\u003C\/tr\u003E\t\t\u003Ctr aria-rowindex=\u00223\u0022 role=\u0022row\u0022\u003E\t\t\t\u003Ctd data-celllook=\u00220\u0022 role=\u0022rowheader\u0022\u003E\t\t\t\u003Cp paraeid=\u0022{97bdc118-0af2-4a95-88f8-caaffa596f82}{42}\u0022 paraid=\u0022137767401\u0022\u003EAttestation en g\u00e9n\u00e9ral ou la certification \u00e9crite d\u0027une situation de fait ou de droit d\u00e9livr\u00e9e par le notaire (par attestation d\u00e9livr\u00e9e)\u003C\/p\u003E\t\t\t\u003C\/td\u003E\t\t\t\u003Ctd data-celllook=\u00220\u0022\u003E\t\t\t\u003Cp paraeid=\u0022{97bdc118-0af2-4a95-88f8-caaffa596f82}{49}\u0022 paraid=\u0022137767402\u0022\u003E3,77 \u20ac\u003C\/p\u003E\t\t\t\u003C\/td\u003E\t\t\u003C\/tr\u003E\t\t\u003Ctr\u003E\t\t\t\u003Ctd data-celllook=\u00220\u0022 role=\u0022rowheader\u0022\u003EDemande de renseignements en mati\u00e8re de l\u00e9gislation sociale (par demande)\u003C\/td\u003E\t\t\t\u003Ctd data-celllook=\u00220\u0022\u003E3,77 \u20ac\u003C\/td\u003E\t\t\u003C\/tr\u003E\t\t\u003Ctr\u003E\t\t\t\u003Ctd data-celllook=\u00220\u0022 role=\u0022rowheader\u0022\u003ERemise au greffe de proc\u00e8s-verbal de difficult\u00e9s, testament ou autres actes (pour toutes les pi\u00e8ces comprises dans la m\u00eame remise, frais de d\u00e9placement en sus)\u003C\/td\u003E\t\t\t\u003Ctd data-celllook=\u00220\u0022\u003E18,87 \u20ac\u003C\/td\u003E\t\t\u003C\/tr\u003E\t\t\u003Ctr\u003E\t\t\t\u003Ctd data-celllook=\u00220\u0022 role=\u0022rowheader\u0022\u003EFormalit\u00e9s de publicit\u00e9 d\u0027une d\u00e9claration de pacte civil de solidarit\u00e9 re\u00e7u par un notaire (pour les deux partenaires)\u003C\/td\u003E\t\t\t\u003Ctd data-celllook=\u00220\u0022\u003E11,32 \u20ac\u003C\/td\u003E\t\t\u003C\/tr\u003E\t\t\u003Ctr\u003E\t\t\t\u003Ctd data-celllook=\u00220\u0022 role=\u0022rowheader\u0022\u003EFormalit\u00e9s de publicit\u00e9 d\u0027une modification de pacte civil de solidarit\u00e9 re\u00e7u par un notaire (pour les deux partenaires)\u003C\/td\u003E\t\t\t\u003Ctd data-celllook=\u00220\u0022\u003E11,32 \u20ac\u003C\/td\u003E\t\t\u003C\/tr\u003E\t\t\u003Ctr\u003E\t\t\t\u003Ctd data-celllook=\u00220\u0022 role=\u0022rowheader\u0022\u003EFormalit\u00e9s de publicit\u00e9 d\u0027une dissolution de pacte civil de solidarit\u00e9 re\u00e7u par un notaire (pour les deux partenaires)\u003C\/td\u003E\t\t\t\u003Ctd data-celllook=\u00220\u0022\u003E11,32 \u20ac\u003C\/td\u003E\t\t\u003C\/tr\u003E\t\t\u003Ctr\u003E\t\t\t\u003Ctd data-celllook=\u00220\u0022 role=\u0022rowheader\u0022\u003EObtention de tout document n\u00e9cessaire \u00e0 la r\u00e9daction d\u0027un acte et non tarif\u00e9 par ailleurs\u003C\/td\u003E\t\t\t\u003Ctd data-celllook=\u00220\u0022\u003E56,60 \u20ac\u003C\/td\u003E\t\t\u003C\/tr\u003E\t\t\u003Ctr\u003E\t\t\t\u003Ctd data-celllook=\u00220\u0022 role=\u0022rowheader\u0022\u003EDemande d\u0027autorisation de cumul\u003C\/td\u003E\t\t\t\u003Ctd data-celllook=\u00220\u0022\u003E37,73 \u20ac\u003C\/td\u003E\t\t\u003C\/tr\u003E\t\t\u003Ctr\u003E\t\t\t\u003Ctd data-celllook=\u00220\u0022 role=\u0022rowheader\u0022\u003E\u00c9tablissement de la d\u00e9claration et le paiement de l\u0027imp\u00f4t sur les plus-values\u003C\/td\u003E\t\t\t\u003Ctd data-celllook=\u00220\u0022\u003E56,60 \u20ac\u003C\/td\u003E\t\t\u003C\/tr\u003E\t\t\u003Ctr\u003E\t\t\t\u003Ctd data-celllook=\u00220\u0022 role=\u0022rowheader\u0022\u003EDemande de paiement fractionn\u00e9 ou diff\u00e9r\u00e9 des droits quand la garantie propos\u00e9e est hypoth\u00e9caire\u003C\/td\u003E\t\t\t\u003Ctd data-celllook=\u00220\u0022\u003E37,73 \u20ac\u003C\/td\u003E\t\t\u003C\/tr\u003E\t\t\u003Ctr\u003E\t\t\t\u003Ctd data-celllook=\u00220\u0022 role=\u0022rowheader\u0022\u003EDemande de paiement fractionn\u00e9 ou diff\u00e9r\u00e9 des droits dans les cas autres que celui relatif \u00e0 une dissolution de pacte civil de solidarit\u00e9 re\u00e7u par un notaire (pour les deux partenaires)\u003C\/td\u003E\t\t\t\u003Ctd data-celllook=\u00220\u0022\u003E75,46 \u20ac\u003C\/td\u003E\t\t\u003C\/tr\u003E\t\t\u003Ctr\u003E\t\t\t\u003Ctd data-celllook=\u00220\u0022 role=\u0022rowheader\u0022\u003ED\u00e9marches pour l\u0027application de la r\u00e9glementation applicable en mati\u00e8re de relations financi\u00e8res avec l\u0027\u00e9tranger\u003C\/td\u003E\t\t\t\u003Ctd data-celllook=\u00220\u0022\u003E45,28 \u20ac\u003C\/td\u003E\t\t\u003C\/tr\u003E\t\t\u003Ctr\u003E\t\t\t\u003Ctd data-celllook=\u00220\u0022 role=\u0022rowheader\u0022\u003EDemande d\u00e9gr\u00e8vement ou de restitution de droits ou taxes, lorsqu\u0027il n\u0027y a pas de d\u00e9marches aupr\u00e8s de l\u0027administration\u003C\/td\u003E\t\t\t\u003Ctd data-celllook=\u00220\u0022\u003E37,73 \u20ac\u003C\/td\u003E\t\t\u003C\/tr\u003E\t\t\u003Ctr\u003E\t\t\t\u003Ctd data-celllook=\u00220\u0022 role=\u0022rowheader\u0022\u003ER\u00e9daction d\u0027imprim\u00e9s administratifs relatifs \u00e0 la taxe sur la valeur ajout\u00e9e\u003C\/td\u003E\t\t\t\u003Ctd data-celllook=\u00220\u0022\u003E18,87 \u20ac\u003C\/td\u003E\t\t\u003C\/tr\u003E\t\u003C\/tbody\u003E\u003C\/table\u003E\u003Cp\u003ELes d\u00e9marches concernant l\u0027obtention et la v\u00e9rification d\u0027un certificat de mesurage ou d\u0027un document composant le dossier de diagnostic technique donnent lieu \u00e0 la perception d\u0027un \u00e9molument fixe suivant :\u003C\/p\u003E\u003Ctable aria-rowcount=\u00225\u0022 border=\u00221\u0022 data-tablelook=\u00221184\u0022 data-tablestyle=\u0022MsoTableGrid\u0022\u003E\t\u003Ctbody\u003E\t\t\u003Ctr aria-rowindex=\u00221\u0022 role=\u0022row\u0022\u003E\t\t\t\u003Ctd data-celllook=\u00220\u0022 role=\u0022rowheader\u0022\u003E\t\t\t\u003Cp paraeid=\u0022{97bdc118-0af2-4a95-88f8-caaffa596f82}{4}\u0022 paraid=\u0022137767395\u0022\u003ED\u00c9SIGNATION DE LA PRESTRATION\u0026nbsp;\u003C\/p\u003E\t\t\t\u003C\/td\u003E\t\t\t\u003Ctd data-celllook=\u00220\u0022 role=\u0022columnheader\u0022\u003E\t\t\t\u003Cp paraeid=\u0022{97bdc118-0af2-4a95-88f8-caaffa596f82}{15}\u0022 paraid=\u0022137767396\u0022\u003E\u00c9MOLUMENT\u003C\/p\u003E\t\t\t\u003C\/td\u003E\t\t\u003C\/tr\u003E\t\t\u003Ctr aria-rowindex=\u00222\u0022 role=\u0022row\u0022\u003E\t\t\t\u003Ctd data-celllook=\u00220\u0022 role=\u0022rowheader\u0022\u003E\t\t\t\u003Cp paraeid=\u0022{97bdc118-0af2-4a95-88f8-caaffa596f82}{23}\u0022 paraid=\u0022137767398\u0022\u003ECertificat de mesurage\u003C\/p\u003E\t\t\t\u003C\/td\u003E\t\t\t\u003Ctd data-celllook=\u00220\u0022\u003E\t\t\t\u003Cp paraeid=\u0022{97bdc118-0af2-4a95-88f8-caaffa596f82}{30}\u0022 paraid=\u0022137767399\u0022\u003E15,09 \u20ac\u003C\/p\u003E\t\t\t\u003C\/td\u003E\t\t\u003C\/tr\u003E\t\t\u003Ctr aria-rowindex=\u00223\u0022 role=\u0022row\u0022\u003E\t\t\t\u003Ctd data-celllook=\u00220\u0022 role=\u0022rowheader\u0022\u003E\t\t\t\u003Cp paraeid=\u0022{97bdc118-0af2-4a95-88f8-caaffa596f82}{42}\u0022 paraid=\u0022137767401\u0022\u003EChacun des documents composant le dossier de diagnostic technique\u003C\/p\u003E\t\t\t\u003C\/td\u003E\t\t\t\u003Ctd data-celllook=\u00220\u0022\u003E\t\t\t\u003Cp paraeid=\u0022{97bdc118-0af2-4a95-88f8-caaffa596f82}{49}\u0022 paraid=\u0022137767402\u0022\u003E15,09 \u20ac\u003C\/p\u003E\t\t\t\u003C\/td\u003E\t\t\u003C\/tr\u003E\t\u003C\/tbody\u003E\u003C\/table\u003E\u003Ch3\u003E3\/ Autres formalit\u00e9s diverses\u003C\/h3\u003E\u003Cp\u003EDonnent lieu \u00e0 la perception d\u2019\u00e9moluments fixes, les prestations suivantes :\u003Cbr \/\u003E\u0026nbsp;\u003C\/p\u003E\u003Ctable aria-rowcount=\u00225\u0022 border=\u00221\u0022 data-tablelook=\u00221184\u0022 data-tablestyle=\u0022MsoTableGrid\u0022\u003E\t\u003Ctbody\u003E\t\t\u003Ctr aria-rowindex=\u00221\u0022 role=\u0022row\u0022\u003E\t\t\t\u003Ctd data-celllook=\u00220\u0022 role=\u0022rowheader\u0022\u003E\t\t\t\u003Cp paraeid=\u0022{97bdc118-0af2-4a95-88f8-caaffa596f82}{4}\u0022 paraid=\u0022137767395\u0022\u003ED\u00c9SIGNATION DE LA PRESTRATION\u0026nbsp;\u003C\/p\u003E\t\t\t\u003C\/td\u003E\t\t\t\u003Ctd data-celllook=\u00220\u0022 role=\u0022columnheader\u0022\u003E\t\t\t\u003Cp paraeid=\u0022{97bdc118-0af2-4a95-88f8-caaffa596f82}{15}\u0022 paraid=\u0022137767396\u0022\u003E\u00c9MOLUMENT\u003C\/p\u003E\t\t\t\u003C\/td\u003E\t\t\u003C\/tr\u003E\t\t\u003Ctr aria-rowindex=\u00222\u0022 role=\u0022row\u0022\u003E\t\t\t\u003Ctd data-celllook=\u00220\u0022 role=\u0022rowheader\u0022\u003E\t\t\t\u003Cp paraeid=\u0022{97bdc118-0af2-4a95-88f8-caaffa596f82}{23}\u0022 paraid=\u0022137767398\u0022\u003ECopie ex\u00e9cutoire, authentique, par extrait\u003C\/p\u003E\t\t\t\u003C\/td\u003E\t\t\t\u003Ctd data-celllook=\u00220\u0022\u003E\t\t\t\u003Cp paraeid=\u0022{97bdc118-0af2-4a95-88f8-caaffa596f82}{30}\u0022 paraid=\u0022137767399\u0022\u003E1,13 \u20ac\u003C\/p\u003E\t\t\t\u003C\/td\u003E\t\t\u003C\/tr\u003E\t\t\u003Ctr aria-rowindex=\u00223\u0022 role=\u0022row\u0022\u003E\t\t\t\u003Ctd data-celllook=\u00220\u0022 role=\u0022rowheader\u0022\u003E\t\t\t\u003Cp paraeid=\u0022{97bdc118-0af2-4a95-88f8-caaffa596f82}{42}\u0022 paraid=\u0022137767401\u0022\u003ECopie sur papier libre\u003C\/p\u003E\t\t\t\u003C\/td\u003E\t\t\t\u003Ctd data-celllook=\u00220\u0022\u003E\t\t\t\u003Cp paraeid=\u0022{97bdc118-0af2-4a95-88f8-caaffa596f82}{49}\u0022 paraid=\u0022137767402\u0022\u003E0,38 \u20ac\u003C\/p\u003E\t\t\t\u003C\/td\u003E\t\t\u003C\/tr\u003E\t\t\u003Ctr\u003E\t\t\t\u003Ctd data-celllook=\u00220\u0022 role=\u0022rowheader\u0022\u003EArchivage num\u00e9ris\u00e9 des actes\u003C\/td\u003E\t\t\t\u003Ctd data-celllook=\u00220\u0022\u003E0,19 \u20ac\u003C\/td\u003E\t\t\u003C\/tr\u003E\t\t\u003Ctr\u003E\t\t\t\u003Ctd data-celllook=\u00220\u0022 role=\u0022rowheader\u0022\u003EExtrait d\u0027acte, y compris le bordereau r\u00e9capitulatif\u003C\/td\u003E\t\t\t\u003Ctd data-celllook=\u00220\u0022\u003E18,87 \u20ac\u003C\/td\u003E\t\t\u003C\/tr\u003E\t\t\u003Ctr\u003E\t\t\t\u003Ctd data-celllook=\u00220\u0022 role=\u0022rowheader\u0022\u003ENotification, sauf en mati\u00e8re de pr\u00e9emption\u003C\/td\u003E\t\t\t\u003Ctd data-celllook=\u00220\u0022\u003E15,09 \u20ac\u003C\/td\u003E\t\t\u003C\/tr\u003E\t\t\u003Ctr\u003E\t\t\t\u003Ctd data-celllook=\u00220\u0022 role=\u0022rowheader\u0022\u003EDemande de remise de p\u00e9nalit\u00e9, pour des faits non-imputables au notaire\u003C\/td\u003E\t\t\t\u003Ctd data-celllook=\u00220\u0022\u003E37,73 \u20ac\u003C\/td\u003E\t\t\u003C\/tr\u003E\t\t\u003Ctr\u003E\t\t\t\u003Ctd data-celllook=\u00220\u0022 role=\u0022rowheader\u0022\u003ER\u00e9daction d\u0027affiches ou d\u0027insertions dans les journaux en vue de publications diverses (par texte r\u00e9dig\u00e9)\u003C\/td\u003E\t\t\t\u003Ctd data-celllook=\u00220\u0022\u003E37,73 \u20ac\u003C\/td\u003E\t\t\u003C\/tr\u003E\t\t\u003Ctr\u003E\t\t\t\u003Ctd data-celllook=\u00220\u0022 role=\u0022rowheader\u0022\u003EConsultation de fichier public\u003C\/td\u003E\t\t\t\u003Ctd data-celllook=\u00220\u0022\u003E11,32 \u20ac\u003C\/td\u003E\t\t\u003C\/tr\u003E\t\t\u003Ctr\u003E\t\t\t\u003Ctd data-celllook=\u00220\u0022 role=\u0022rowheader\u0022\u003ED\u00e9p\u00f4t au rang des minutes de la convention de divorce par consentement mutuel\u003C\/td\u003E\t\t\t\u003Ctd data-celllook=\u00220\u0022\u003E41,20 \u20ac\u003C\/td\u003E\t\t\u003C\/tr\u003E\t\u003C\/tbody\u003E\u003C\/table\u003E\u003Cp\u003E\u0026nbsp;\u003C\/p\u003E                                            \u003Cp\u003E\u003Cbr \/\u003E\u003Cstrong\u003ESource :\u003C\/strong\u003E\u003Cstrong\u003E\u00a0\u003C\/strong\u003E\u003C\/p\u003E\u003Cul\u003E\u003Cli\u003E\u003Ca href=\u0022https:\/\/www.legifrance.gouv.fr\/jorf\/id\/JORFTEXT000041663457\/\u0022 target=\u0022_blank\u0022 rel=\u0022noopener\u0022\u003EArr\u00eat\u00e9 du 28 f\u00e9vrier 2020 fixant les tarifs r\u00e9glement\u00e9s des notaires\u003C\/a\u003E (Articles A 444-169 \u00e0 A 444-173-1 du Code de commerce)\u003C\/li\u003E\u003Cli\u003E\u003Ca href=\u0022https:\/\/www.legifrance.gouv.fr\/jorf\/id\/JORFTEXT000045244959\u0022 target=\u0022_blank\u0022 rel=\u0022noopener\u0022\u003EArr\u00eat\u00e9 du 25 f\u00e9vrier 2022 fixant les tarifs r\u00e8glement\u00e9s des notaires\u003C\/a\u003E\u003C\/li\u003E\u003C\/ul\u003E\u003C\/div\u003E","annee":"2025","theme":" Indices, taux, bar\u00e8mes juridiques","activites":["Professionnels du droit et du chiffre"],"image":"https:\/\/www.weblex.fr\/sites\/default\/files\/chiffres_clef\/Shutterstock_notairesformalitesprix.jpg","created":"2025-02-10","modified":"2026-03-04"},{"url":"\/chiffres-cles\/taxis-tarifs-pour-l-annee-2025","id":25803,"title":"Taxis : tarifs pour l\u0027ann\u00e9e 2025","content":"\u003Cdiv\u003E                                              \u003Cp\u003EA \u2013 Montant des tarifs\u003C\/p\u003E\u003Ctable class=\u0022MsoTableGrid\u0022\u003E\t\u003Ctbody\u003E\t\t\u003Ctr\u003E\t\t\t\u003Ctd colspan=\u00224\u0022 valign=\u0022top\u0022\u003E\t\t\t\u003Cp align=\u0022center\u0022\u003ETarifs pour l\u2019ann\u00e9e 2025\u003C\/p\u003E\t\t\t\u003C\/td\u003E\t\t\t\u003Ctd valign=\u0022top\u0022\u003E\t\t\t\u003Cp align=\u0022center\u0022\u003EMontants\u003C\/p\u003E\t\t\t\u003C\/td\u003E\t\t\u003C\/tr\u003E\t\t\u003Ctr\u003E\t\t\t\u003Ctd colspan=\u00224\u0022 valign=\u0022top\u0022\u003E\t\t\t\u003Cp align=\u0022center\u0022\u003EVariation du tarif de la course type\u003C\/p\u003E\t\t\t\u003C\/td\u003E\t\t\t\u003Ctd valign=\u0022top\u0022\u003E\t\t\t\u003Cp align=\u0022center\u0022\u003EAu plus + 1,71 %\u003C\/p\u003E\t\t\t\u003C\/td\u003E\t\t\u003C\/tr\u003E\t\t\u003Ctr\u003E\t\t\t\u003Ctd colspan=\u00222\u0022 rowspan=\u00223\u0022\u003E\t\t\t\u003Cp align=\u0022center\u0022\u003EComposantes de la course type\u003C\/p\u003E\t\t\t\u003C\/td\u003E\t\t\t\u003Ctd colspan=\u00222\u0022 valign=\u0022top\u0022\u003E\t\t\t\u003Cp align=\u0022center\u0022\u003EPrise en charge\u003C\/p\u003E\t\t\t\u003C\/td\u003E\t\t\t\u003Ctd valign=\u0022top\u0022\u003E\t\t\t\u003Cp align=\u0022center\u0022\u003EAu plus 4,48\u0026nbsp;\u20ac\u003C\/p\u003E\t\t\t\u003C\/td\u003E\t\t\u003C\/tr\u003E\t\t\u003Ctr\u003E\t\t\t\u003Ctd colspan=\u00222\u0022 valign=\u0022top\u0022\u003E\t\t\t\u003Cp align=\u0022center\u0022\u003EPrix maximum du km parcouru\u003C\/p\u003E\t\t\t\u003C\/td\u003E\t\t\t\u003Ctd valign=\u0022top\u0022\u003E\t\t\t\u003Cp align=\u0022center\u0022\u003EAu plus 1,29\u0026nbsp;\u20ac\u003C\/p\u003E\t\t\t\u003C\/td\u003E\t\t\u003C\/tr\u003E\t\t\u003Ctr\u003E\t\t\t\u003Ctd colspan=\u00222\u0022 valign=\u0022top\u0022\u003E\t\t\t\u003Cp align=\u0022center\u0022\u003EPrix maximum horaire\u003C\/p\u003E\t\t\t\u003C\/td\u003E\t\t\t\u003Ctd valign=\u0022top\u0022\u003E\t\t\t\u003Cp align=\u0022center\u0022\u003EAu plus 41,76 \u20ac\u003C\/p\u003E\t\t\t\u003C\/td\u003E\t\t\u003C\/tr\u003E\t\t\u003Ctr\u003E\t\t\t\u003Ctd colspan=\u00224\u0022 valign=\u0022top\u0022\u003E\t\t\t\u003Cp align=\u0022center\u0022\u003ETarif minimum susceptible d\u2019\u00eatre per\u00e7u\u003C\/p\u003E\t\t\t\u003C\/td\u003E\t\t\t\u003Ctd valign=\u0022top\u0022\u003E\t\t\t\u003Cp align=\u0022center\u0022\u003E8 \u20ac\u003C\/p\u003E\t\t\t\u003C\/td\u003E\t\t\u003C\/tr\u003E\t\t\u003Ctr\u003E\t\t\t\u003Ctd rowspan=\u002215\u0022\u003E\t\t\t\u003Cp align=\u0022center\u0022\u003ESuppl\u00e9ments\u003C\/p\u003E\t\t\t\u003C\/td\u003E\t\t\t\u003Ctd colspan=\u00222\u0022 rowspan=\u00222\u0022\u003E\t\t\t\u003Cp align=\u0022center\u0022\u003ETaxis non parisiens\u003C\/p\u003E\t\t\t\u003C\/td\u003E\t\t\t\u003Ctd\u003E\t\t\t\u003Cp align=\u0022center\u0022\u003EPassagers (par passager \u00e0 partir de 5)\u003C\/p\u003E\t\t\t\u003C\/td\u003E\t\t\t\u003Ctd valign=\u0022top\u0022\u003E\t\t\t\u003Cp align=\u0022center\u0022\u003E4,00 \u20ac\u003C\/p\u003E\t\t\t\u003C\/td\u003E\t\t\u003C\/tr\u003E\t\t\u003Ctr\u003E\t\t\t\u003Ctd\u003E\t\t\t\u003Cp align=\u0022center\u0022\u003EBagages (par encombrant)\u003C\/p\u003E\t\t\t\u003C\/td\u003E\t\t\t\u003Ctd valign=\u0022top\u0022\u003E\t\t\t\u003Cp align=\u0022center\u0022\u003E2,00 \u20ac\u003C\/p\u003E\t\t\t\u003C\/td\u003E\t\t\u003C\/tr\u003E\t\t\u003Ctr\u003E\t\t\t\u003Ctd colspan=\u00222\u0022 rowspan=\u00222\u0022\u003E\t\t\t\u003Cp align=\u0022center\u0022\u003ETaxis lyonnais\u003C\/p\u003E\t\t\t\u003C\/td\u003E\t\t\t\u003Ctd\u003E\t\t\t\u003Cp align=\u0022center\u0022\u003ER\u00e9servation imm\u00e9diate\u003C\/p\u003E\t\t\t\u003C\/td\u003E\t\t\t\u003Ctd valign=\u0022top\u0022\u003E\t\t\t\u003Cp align=\u0022center\u0022\u003E2,00 \u20ac\u003C\/p\u003E\t\t\t\u003C\/td\u003E\t\t\u003C\/tr\u003E\t\t\u003Ctr\u003E\t\t\t\u003Ctd\u003E\t\t\t\u003Cp align=\u0022center\u0022\u003ER\u00e9servation \u00e0 l\u2019avance\u003C\/p\u003E\t\t\t\u003C\/td\u003E\t\t\t\u003Ctd valign=\u0022top\u0022\u003E\t\t\t\u003Cp align=\u0022center\u0022\u003E4,00 \u20ac\u003C\/p\u003E\t\t\t\u003C\/td\u003E\t\t\u003C\/tr\u003E\t\t\u003Ctr\u003E\t\t\t\u003Ctd colspan=\u00222\u0022 rowspan=\u00222\u0022\u003E\t\t\t\u003Cp align=\u0022center\u0022\u003ETaxis ni\u00e7ois\u003C\/p\u003E\t\t\t\u003C\/td\u003E\t\t\t\u003Ctd\u003E\t\t\t\u003Cp align=\u0022center\u0022\u003ER\u00e9servation imm\u00e9diate\u003C\/p\u003E\t\t\t\u003C\/td\u003E\t\t\t\u003Ctd valign=\u0022top\u0022\u003E\t\t\t\u003Cp align=\u0022center\u0022\u003E4,00 \u20ac\u003C\/p\u003E\t\t\t\u003C\/td\u003E\t\t\u003C\/tr\u003E\t\t\u003Ctr\u003E\t\t\t\u003Ctd\u003E\t\t\t\u003Cp align=\u0022center\u0022\u003ER\u00e9servation \u00e0 l\u2019avance\u003C\/p\u003E\t\t\t\u003C\/td\u003E\t\t\t\u003Ctd valign=\u0022top\u0022\u003E\t\t\t\u003Cp align=\u0022center\u0022\u003E4,00 \u20ac\u003C\/p\u003E\t\t\t\u003C\/td\u003E\t\t\u003C\/tr\u003E\t\t\u003Ctr\u003E\t\t\t\u003Ctd colspan=\u00222\u0022 rowspan=\u00222\u0022\u003E\t\t\t\u003Cp align=\u0022center\u0022\u003ETaxis cannois et antibois\u003C\/p\u003E\t\t\t\u003C\/td\u003E\t\t\t\u003Ctd\u003E\t\t\t\u003Cp align=\u0022center\u0022\u003ER\u00e9servation imm\u00e9diate\u003C\/p\u003E\t\t\t\u003C\/td\u003E\t\t\t\u003Ctd valign=\u0022top\u0022\u003E\t\t\t\u003Cp align=\u0022center\u0022\u003E3,00 \u20ac\u003C\/p\u003E\t\t\t\u003C\/td\u003E\t\t\u003C\/tr\u003E\t\t\u003Ctr\u003E\t\t\t\u003Ctd\u003E\t\t\t\u003Cp align=\u0022center\u0022\u003ER\u00e9servation \u00e0 l\u2019avance\u003C\/p\u003E\t\t\t\u003C\/td\u003E\t\t\t\u003Ctd valign=\u0022top\u0022\u003E\t\t\t\u003Cp align=\u0022center\u0022\u003E3,00 \u20ac\u003C\/p\u003E\t\t\t\u003C\/td\u003E\t\t\u003C\/tr\u003E\t\t\u003Ctr\u003E\t\t\t\u003Ctd colspan=\u00222\u0022 rowspan=\u00222\u0022\u003E\t\t\t\u003Cp align=\u0022center\u0022\u003ETaxis toulousains\u003C\/p\u003E\t\t\t\u003C\/td\u003E\t\t\t\u003Ctd\u003E\t\t\t\u003Cp align=\u0022center\u0022\u003ER\u00e9servation avec prise en charge dans la zone de stationnement\u003C\/p\u003E\t\t\t\u003C\/td\u003E\t\t\t\u003Ctd\u003E\t\t\t\u003Cp align=\u0022center\u0022\u003E3,00 \u20ac\u003C\/p\u003E\t\t\t\u003C\/td\u003E\t\t\u003C\/tr\u003E\t\t\u003Ctr\u003E\t\t\t\u003Ctd\u003E\t\t\t\u003Cp align=\u0022center\u0022\u003ER\u00e9servation avec prise en charge en dehors de la zone de stationnement\u003C\/p\u003E\t\t\t\u003C\/td\u003E\t\t\t\u003Ctd\u003E\t\t\t\u003Cp align=\u0022center\u0022\u003E7,00 \u20ac\u003C\/p\u003E\t\t\t\u003C\/td\u003E\t\t\u003C\/tr\u003E\t\t\u003Ctr\u003E\t\t\t\u003Ctd colspan=\u00222\u0022 rowspan=\u00223\u0022\u003E\t\t\t\u003Cp align=\u0022center\u0022\u003ETaxis parisiens\u003C\/p\u003E\t\t\t\u003C\/td\u003E\t\t\t\u003Ctd\u003E\t\t\t\u003Cp align=\u0022center\u0022\u003ER\u00e9servation imm\u00e9diate\u003C\/p\u003E\t\t\t\u003C\/td\u003E\t\t\t\u003Ctd\u003E\t\t\t\u003Cp align=\u0022center\u0022\u003E4,00 \u20ac\u003C\/p\u003E\t\t\t\u003C\/td\u003E\t\t\u003C\/tr\u003E\t\t\u003Ctr\u003E\t\t\t\u003Ctd\u003E\t\t\t\u003Cp align=\u0022center\u0022\u003ER\u00e9servation \u00e0 l\u2019avance\u003C\/p\u003E\t\t\t\u003C\/td\u003E\t\t\t\u003Ctd\u003E\t\t\t\u003Cp align=\u0022center\u0022\u003E7,00 \u20ac\u003C\/p\u003E\t\t\t\u003C\/td\u003E\t\t\u003C\/tr\u003E\t\t\u003Ctr\u003E\t\t\t\u003Ctd\u003E\t\t\t\u003Cp align=\u0022center\u0022\u003EPassagers (par passager \u00e0 partir de 5)\u003C\/p\u003E\t\t\t\u003C\/td\u003E\t\t\t\u003Ctd\u003E\t\t\t\u003Cp align=\u0022center\u0022\u003E5,50 \u20ac\u003C\/p\u003E\t\t\t\u003C\/td\u003E\t\t\u003C\/tr\u003E\t\t\u003Ctr\u003E\t\t\t\u003Ctd colspan=\u00222\u0022\u003E\t\t\t\u003Cp align=\u0022center\u0022\u003ETaxis guadeloup\u00e9ens autoris\u00e9s \u00e0 stationner \u00e0 l\u0027a\u00e9roport et au Grand Port Maritime de la Guadeloupe\u003C\/p\u003E\t\t\t\u003C\/td\u003E\t\t\t\u003Ctd\u003E\t\t\t\u003Cp align=\u0022center\u0022\u003EPassagers (par passager \u00e0 partir de 5)\u003C\/p\u003E\t\t\t\u003C\/td\u003E\t\t\t\u003Ctd\u003E\t\t\t\u003Cp align=\u0022center\u0022\u003E4,00 \u20ac\u003C\/p\u003E\t\t\t\u003C\/td\u003E\t\t\u003C\/tr\u003E\t\t\u003Ctr\u003E\t\t\t\u003Ctd colspan=\u00222\u0022\u003E\t\t\t\u003Cp align=\u0022center\u0022\u003ETaxis pointois\u003C\/p\u003E\t\t\t\u003C\/td\u003E\t\t\t\u003Ctd\u003E\t\t\t\u003Cp align=\u0022center\u0022\u003EPassagers (par passager \u00e0 partir de 5)\u003C\/p\u003E\t\t\t\u003C\/td\u003E\t\t\t\u003Ctd\u003E\t\t\t\u003Cp align=\u0022center\u0022\u003E4,00 \u20ac\u003C\/p\u003E\t\t\t\u003C\/td\u003E\t\t\u003C\/tr\u003E\t\t\u003Ctr\u003E\t\t\t\u003Ctd colspan=\u00222\u0022 rowspan=\u00224\u0022\u003E\t\t\t\u003Cp align=\u0022center\u0022\u003EForfaits parisiens\u003C\/p\u003E\t\t\t\u003C\/td\u003E\t\t\t\u003Ctd colspan=\u00222\u0022 valign=\u0022top\u0022\u003E\t\t\t\u003Cp align=\u0022center\u0022\u003EA\u00e9roport de Paris-Charles-de-Gaulle-Paris rive droite\u003C\/p\u003E\t\t\t\u003C\/td\u003E\t\t\t\u003Ctd valign=\u0022top\u0022\u003E\t\t\t\u003Cp align=\u0022center\u0022\u003E56,00 \u20ac\u003C\/p\u003E\t\t\t\u003C\/td\u003E\t\t\u003C\/tr\u003E\t\t\u003Ctr\u003E\t\t\t\u003Ctd colspan=\u00222\u0022 valign=\u0022top\u0022\u003E\t\t\t\u003Cp align=\u0022center\u0022\u003EA\u00e9roport de Paris-Charles-de-Gaulle-Paris rive gauche\u003C\/p\u003E\t\t\t\u003C\/td\u003E\t\t\t\u003Ctd valign=\u0022top\u0022\u003E\t\t\t\u003Cp align=\u0022center\u0022\u003E65,00 \u20ac\u003C\/p\u003E\t\t\t\u003C\/td\u003E\t\t\u003C\/tr\u003E\t\t\u003Ctr\u003E\t\t\t\u003Ctd colspan=\u00222\u0022 valign=\u0022top\u0022\u003E\t\t\t\u003Cp align=\u0022center\u0022\u003EA\u00e9roport de Paris-Orly-Paris rive droite\u003C\/p\u003E\t\t\t\u003C\/td\u003E\t\t\t\u003Ctd valign=\u0022top\u0022\u003E\t\t\t\u003Cp align=\u0022center\u0022\u003E45,00 \u20ac\u003C\/p\u003E\t\t\t\u003C\/td\u003E\t\t\u003C\/tr\u003E\t\t\u003Ctr\u003E\t\t\t\u003Ctd colspan=\u00222\u0022 valign=\u0022top\u0022\u003E\t\t\t\u003Cp align=\u0022center\u0022\u003EA\u00e9roport de Paris-Orly-Paris rive gauche\u003C\/p\u003E\t\t\t\u003C\/td\u003E\t\t\t\u003Ctd valign=\u0022top\u0022\u003E\t\t\t\u003Cp align=\u0022center\u0022\u003E36,00 \u20ac\u003C\/p\u003E\t\t\t\u003C\/td\u003E\t\t\u003C\/tr\u003E\t\t\u003Ctr\u003E\t\t\t\u003Ctd colspan=\u00222\u0022 rowspan=\u00224\u0022\u003E\t\t\t\u003Cp align=\u0022center\u0022\u003EForfaits ni\u00e7ois, cannois et antibois\u003C\/p\u003E\t\t\t\u003C\/td\u003E\t\t\t\u003Ctd colspan=\u00222\u0022 valign=\u0022top\u0022\u003E\t\t\t\u003Cp align=\u0022center\u0022\u003EA\u00e9roport de Nice-C\u00f4te d\u2019Azur-Cannes\u003C\/p\u003E\t\t\t\u003C\/td\u003E\t\t\t\u003Ctd valign=\u0022top\u0022\u003E\t\t\t\u003Cp align=\u0022center\u0022\u003E85,00 \u20ac\u003C\/p\u003E\t\t\t\u003C\/td\u003E\t\t\u003C\/tr\u003E\t\t\u003Ctr\u003E\t\t\t\u003Ctd colspan=\u00222\u0022 valign=\u0022top\u0022\u003E\t\t\t\u003Cp align=\u0022center\u0022\u003EA\u00e9roport de Nice-C\u00f4te d\u2019Azur-Monaco\u003C\/p\u003E\t\t\t\u003C\/td\u003E\t\t\t\u003Ctd valign=\u0022top\u0022\u003E\t\t\t\u003Cp align=\u0022center\u0022\u003E95,00 \u20ac\u003C\/p\u003E\t\t\t\u003C\/td\u003E\t\t\u003C\/tr\u003E\t\t\u003Ctr\u003E\t\t\t\u003Ctd colspan=\u00222\u0022 valign=\u0022top\u0022\u003E\t\t\t\u003Cp align=\u0022center\u0022\u003EA\u00e9roport de Nice-C\u00f4te d\u2019Azur-Nice-centre\u003C\/p\u003E\t\t\t\u003C\/td\u003E\t\t\t\u003Ctd valign=\u0022top\u0022\u003E\t\t\t\u003Cp align=\u0022center\u0022\u003E32,00 \u20ac\u003C\/p\u003E\t\t\t\u003C\/td\u003E\t\t\u003C\/tr\u003E\t\t\u003Ctr\u003E\t\t\t\u003Ctd colspan=\u00222\u0022 valign=\u0022top\u0022\u003E\t\t\t\u003Cp align=\u0022center\u0022\u003EA\u00e9roport Nice C\u00f4te d\u2019Azur- Cap d\u2019Antibes\u003C\/p\u003E\t\t\t\u003C\/td\u003E\t\t\t\u003Ctd valign=\u0022top\u0022\u003E\t\t\t\u003Cp align=\u0022center\u0022\u003E72,00 \u20ac\u003C\/p\u003E\t\t\t\u003C\/td\u003E\t\t\u003C\/tr\u003E\t\t\u003Ctr\u003E\t\t\t\u003Ctd colspan=\u00222\u0022 rowspan=\u00224\u0022\u003E\t\t\t\u003Cp align=\u0022center\u0022\u003EForfaits toulousains\u003C\/p\u003E\t\t\t\u003C\/td\u003E\t\t\t\u003Ctd colspan=\u00222\u0022\u003E\t\t\t\u003Cp align=\u0022center\u0022\u003EA\u00e9roport de Toulouse Blagnac- Toulouse zone 1\u003C\/p\u003E\t\t\t\u003C\/td\u003E\t\t\t\u003Ctd\u003E\t\t\t\u003Cp align=\u0022center\u0022\u003E15 \u20ac\u003C\/p\u003E\t\t\t\u003C\/td\u003E\t\t\u003C\/tr\u003E\t\t\u003Ctr\u003E\t\t\t\u003Ctd colspan=\u00222\u0022\u003E\t\t\t\u003Cp align=\u0022center\u0022\u003EA\u00e9roport de Toulouse Blagnac- Toulouse zone 2\u003C\/p\u003E\t\t\t\u003C\/td\u003E\t\t\t\u003Ctd\u003E\t\t\t\u003Cp align=\u0022center\u0022\u003E26 \u20ac\u003C\/p\u003E\t\t\t\u003C\/td\u003E\t\t\u003C\/tr\u003E\t\t\u003Ctr\u003E\t\t\t\u003Ctd colspan=\u00222\u0022\u003E\t\t\t\u003Cp align=\u0022center\u0022\u003EA\u00e9roport de Toulouse Blagnac-Toulouse zone 3\u003C\/p\u003E\t\t\t\u003C\/td\u003E\t\t\t\u003Ctd\u003E\t\t\t\u003Cp align=\u0022center\u0022\u003E37 \u20ac\u003C\/p\u003E\t\t\t\u003C\/td\u003E\t\t\u003C\/tr\u003E\t\t\u003Ctr\u003E\t\t\t\u003Ctd colspan=\u00222\u0022\u003E\t\t\t\u003Cp align=\u0022center\u0022\u003EA\u00e9roport de Toulouse Blagnac-Toulouse zone 4\u003C\/p\u003E\t\t\t\u003C\/td\u003E\t\t\t\u003Ctd\u003E\t\t\t\u003Cp align=\u0022center\u0022\u003E47 \u20ac\u003C\/p\u003E\t\t\t\u003C\/td\u003E\t\t\u003C\/tr\u003E\t\t\u003Ctr\u003E\t\t\t\u003Ctd colspan=\u00222\u0022 rowspan=\u00222\u0022\u003E\t\t\t\u003Cp align=\u0022center\u0022\u003EForfaits guadeloup\u00e9ens\u003C\/p\u003E\t\t\t\u003C\/td\u003E\t\t\t\u003Ctd colspan=\u00222\u0022\u003E\t\t\t\u003Cp align=\u0022center\u0022\u003EA\u00e9roport P\u00f4le Cara\u00efbes-Gare maritime de Bergevin\u003C\/p\u003E\t\t\t\u003C\/td\u003E\t\t\t\u003Ctd\u003E\t\t\t\u003Cp align=\u0022center\u0022\u003E25 \u20ac\u003C\/p\u003E\t\t\t\u003C\/td\u003E\t\t\u003C\/tr\u003E\t\t\u003Ctr\u003E\t\t\t\u003Ctd colspan=\u00222\u0022\u003E\t\t\t\u003Cp align=\u0022center\u0022\u003EA\u00e9roport P\u00f4le Cara\u00efbes-Grand port maritime de la Guadeloupe\u003C\/p\u003E\t\t\t\u003C\/td\u003E\t\t\t\u003Ctd\u003E\t\t\t\u003Cp align=\u0022center\u0022\u003E25 \u20ac\u003C\/p\u003E\t\t\t\u003C\/td\u003E\t\t\u003C\/tr\u003E\t\t\u003Ctr\u003E\t\t\t\u003Ctd colspan=\u00222\u0022\u003E\t\t\t\u003Cp align=\u0022center\u0022\u003EForfaits pointois\u003C\/p\u003E\t\t\t\u003C\/td\u003E\t\t\t\u003Ctd colspan=\u00222\u0022\u003E\t\t\t\u003Cp align=\u0022center\u0022\u003EGare maritime de Bergevin-A\u00e9roport P\u00f4le Cara\u00efbes\u003C\/p\u003E\t\t\t\u003C\/td\u003E\t\t\t\u003Ctd\u003E\t\t\t\u003Cp align=\u0022center\u0022\u003E25 \u20ac\u003C\/p\u003E\t\t\t\u003C\/td\u003E\t\t\u003C\/tr\u003E\t\t\u003Ctr\u003E\t\t\t\u003Ctd\u003E\u0026nbsp;\u003C\/td\u003E\t\t\t\u003Ctd\u003E\u0026nbsp;\u003C\/td\u003E\t\t\t\u003Ctd\u003E\u0026nbsp;\u003C\/td\u003E\t\t\t\u003Ctd\u003E\u0026nbsp;\u003C\/td\u003E\t\t\t\u003Ctd\u003E\u0026nbsp;\u003C\/td\u003E\t\t\u003C\/tr\u003E\t\u003C\/tbody\u003E\u003C\/table\u003E\u003Cp\u003ELes lieux situ\u00e9s \u00e0 Nice-centre comprennent en limite ouest le boulevard Gambetta ; en limite nord, la voie Mathis, la voie Malraux, le parvis de l\u0027Europe, le boulevard Louis-Delfino, boulevard Joseph-Garnier, avenue de la Lib\u00e9ration et la gare des chemins de fer de Provence ; en limite sud, la promenade des Anglais, le quai des \u00c9tats-Unis, la place du 8-Mai-1945, le quai Rauba-Capeu, le port de Nice ; en limite est, boulevard Pierre-Sola et la gare de Riquier, la rue Arson, et le boulevard Lech-Walesa, le boulevard Stalingrad, le boulevard Franck-Pilatte jusqu\u0027\u00e0 l\u0027h\u00f4tel Saint Jean.\u003C\/p\u003E\u003Cp\u003ELes lieux situ\u00e9s \u00e0 Cap d\u0027Antibes sont d\u00e9limit\u00e9s comme suit : \u00e0 l\u0027ouest Parc Exflora-chemin des Eucalyptus ; au nord chemin de Lauvert-route de la Badine ; au nord-est angle de la route de la Badine\/chemin de la Colle-chemin de la Pin\u00e8de-au niveau de l\u0027avenue H.-Berlioz tirer une ligne droite vers la plage du Ponteil en passant par l\u0027avenue de l\u0027Orangerie et l\u0027avenue Salvy ; \u00e0 l\u0027est et au sud, la mer.\u003C\/p\u003E\u003Cp\u003ELes lieux situ\u00e9s \u00e0 Toulouse zone 1 sont d\u00e9limit\u00e9s par l\u0027avenue de l\u0027a\u00e9roconstellation (Blagnac), l\u0027avenue d\u0027Androm\u00e8de (Blagnac), le boulevard Alain-Savary (Blagnac), la route de Grenade \u00e0 Blagnac jusqu\u0027\u00e0 la sortie 2 de l\u0027A621, D901 (fil d\u0027Ariane), sortie 2 de l\u0027A624 et de la nationale 124.\u003C\/p\u003E\u003Cp\u003ELes lieux situ\u00e9s \u00e0 Toulouse dans la zone 2 sont d\u00e9limit\u00e9s par la nationale 224, chemin de l\u0027Enseigure (parc des expositions-MEET) (Beauzelle), rue des Pins (Beauzelle), rue de Latch\u00e9 (Beauzelle), base de loisirs des Quinze sol, chemin des Ramiers (Beauzelle, Blagnac), all\u00e9e du Canelet (Blagnac), rue F\u00e9lix (Blagnac), avenue du G\u00e9n\u00e9ral-Compans (Blagnac), base de loisirs de Sesqui\u00e8res, sortie 33 p\u00e9riph\u00e9rique, avenue des \u00c9tats-Unis, avenue Jean-Zay, avenue de Fronton (m\u00e9tro La vache), barri\u00e8re de Paris, avenue des Minimes, avenue Honor\u00e9-Serres, place Arnaud-Bernard, boulevard Lascrosses, boulevard Armand-Duportal, all\u00e9e de Barcelone, avenue Paul-S\u00e9journ\u00e9, avenue de l\u0027Ancien-V\u00e9lodrome, all\u00e9e du Niger, pont des Catalans, avenue du Ch\u00e2teau-d\u0027Eau, boulevard Jean-Brune, avenue de Lombez, avenue de Lardenne, sortie rocade Arc-en-ciel D. 980.2.\u003C\/p\u003E\u003Cp\u003ELes lieux situ\u00e9s \u00e0 Toulouse dans la zone 3 sont d\u00e9limit\u00e9s par : sorties 12 (et quartier nord de Toulouse), 13 et 14 du p\u00e9riph\u00e9rique, avenue d\u0027Atlanta, route d\u0027Agde, avenue Yves-Brunaud, avenue Jacques-Chirac (anciennement boulevard des Cr\u00eates), avenue Jean-Chaubet, avenue Camille-Pujol, pont Guihlemmery, place Dupuy, rue des Potiers, Grands Ronds, all\u00e9e Jules-Guesde, Grande rue Saint-Michel, boulevard des Recollets, ancien parc des expositions et stadium et Casino Barri\u00e8re, avenue de Muret, route de Seysses, avenue du G\u00e9n\u00e9ral-Eisenhower, chemin de Basso-Cambo, chemin de Tucaut, route de Saint-Simon, rocade Arc en Ciel.\u003C\/p\u003E\u003Cp\u003ELes lieux situ\u00e9s \u00e0 Toulouse dans la zone 4 sont d\u00e9limit\u00e9s depuis sortie 14, sorties 15, 16, 17 et 18 du p\u00e9riph\u00e9rique, route de Revel, route de Lab\u00e8ge, Airbus Defense and Space, le Palays, zone d\u0027activit\u00e9 et parc du Canal, Pouvourville, route de Narbonne, Rangueil H\u00f4pital, Pech David, p\u00e9riph\u00e9rique Sud, Oncopole, route d\u0027Espagne, sortie 38 A64, zone Thibaud, chemin de la saudrune, route de Seysses.\u003Cbr \/\u003ELes lieux situ\u00e9s dans la gare maritime de Bergevin, le Grand Port maritime de la Guadeloupe et l\u0027a\u00e9roport de P\u00f4le Cara\u00efbes sont situ\u00e9s dans l\u0027emprise de la gare maritime de Bergevin, du grand port maritime international de la Guadeloupe et l\u0027a\u00e9roport de P\u00f4le Cara\u00efbes.\u003C\/p\u003E\u003Cp\u003EB.-Lettre devant \u00eatre appos\u00e9e sur le cadran du taxim\u00e8tre\u003C\/p\u003E\u003Cp\u003ELa lettre E de couleur bleue est appos\u00e9e sur le cadran du taxim\u00e8tre apr\u00e8s adaptation aux tarifs pour l\u0027ann\u00e9e 2025.\u003C\/p\u003E                                            \u003Cp\u003E\u003Cbr \/\u003E\u003Cstrong\u003ESource :\u003C\/strong\u003E\u003Cstrong\u003E\u00a0\u003C\/strong\u003E\u003C\/p\u003E\u003Cul\u003E\t\u003Cli\u003E\u003Ca href=\u0022https:\/\/www.legifrance.gouv.fr\/jorf\/id\/JORFTEXT000051106303?init=true\u0026amp;page=1\u0026amp;query=relatif+aux+tarifs+des+courses+de+taxi\u0026amp;searchField=ALL\u0026amp;tab_selection=all\u0022 rel=\u0022noopener\u0022 target=\u0022_blank\u0022\u003EArr\u00eat\u00e9 du 20 janvier 2025 relatif aux tarifs des courses de taxi pour 2025\u003C\/a\u003E\u003C\/li\u003E\u003C\/ul\u003E\u003C\/div\u003E","annee":"2025","theme":" Indices, taux, bar\u00e8mes juridiques","activites":["Transport"],"image":"https:\/\/www.weblex.fr\/sites\/default\/files\/chiffres_clef\/Shutterstock_taxistarifs2025.jpg","created":"2025-02-04","modified":"2025-02-04"},{"url":"\/chiffres-cles\/notaire-taux-de-cotisation-de-la-garantie-collective-annee-2025","id":25806,"title":"Notaire \u2013 Taux de cotisation de la garantie collective - Ann\u00e9e 2025","content":"\u003Cdiv\u003E                                              \u003Cp\u003EPour m\u00e9moire, la garantie collective est un m\u00e9canisme qui pr\u00e9voit la solidarit\u00e9 entre tous les notaires. En cas de dommage caus\u00e9 \u00e0 un client par un notaire, dans l\u0027exercice de ses fonctions professionnelles, la couverture financi\u00e8re du dommage est support\u00e9e par la profession.\u003C\/p\u003E\u003Cp\u003ELe taux de cotisation due par chaque notaire pour l\u2019ann\u00e9e 2025 afin de financer cette garantie collective est fix\u00e9 \u00e0 0,13 % de la moyenne de ses produits totaux r\u00e9alis\u00e9s au cours des ann\u00e9es 2022 et 2023.\u003C\/p\u003E\u003Cp\u003ELes notaires dont la moyenne des produits totaux des ann\u00e9es 2022 et 2023 est inf\u00e9rieure \u00e0 200 000 \u20ac b\u00e9n\u00e9ficient d\u2019une d\u00e9cote dans les limites ci-apr\u00e8s :\u003C\/p\u003E\u003Cul\u003E\t\u003Cli\u003Epour les notaires dont la moyenne des produits totaux est inf\u00e9rieure \u00e0 160 000 \u20ac, la d\u00e9cote est de 100 % ;\u003C\/li\u003E\t\u003Cli\u003Epour les notaires dont la moyenne des produits est inf\u00e9rieure \u00e0 180 000 \u20ac, la d\u00e9cote est de 50 % ;\u003C\/li\u003E\t\u003Cli\u003Epour les notaires dont la moyenne des produits est inf\u00e9rieure \u00e0 200 000 \u20ac, la d\u00e9cote est de 25 %.\u003C\/li\u003E\u003C\/ul\u003E                                            \u003Cp\u003E\u003Cbr \/\u003E\u003Cstrong\u003ESource :\u003C\/strong\u003E\u003Cstrong\u003E\u00a0\u003C\/strong\u003E\u003C\/p\u003E\u003Cul\u003E\u003Cli\u003E\u003Ca href=\u0022https:\/\/www.legifrance.gouv.fr\/jorf\/id\/JORFTEXT000051032765?init=true\u0026amp;page=1\u0026amp;query=le+taux+de+la+cotisation+due+par+les+notaires+au+titre+de+la\u0026amp;searchField=ALL\u0026amp;tab_selection=all\u0022 target=\u0022_blank\u0022 rel=\u0022noopener\u0022\u003EArr\u00eat\u00e9 du 23 janvier 2025 fixant le taux de la cotisation due par les notaires au titre de la garantie collective pour l\u0027ann\u00e9e 2025\u003C\/a\u003E\u003C\/li\u003E\u003C\/ul\u003E\u003C\/div\u003E","annee":"2025","theme":" Indices, taux, bar\u00e8mes juridiques","activites":["Professionnels du droit et du chiffre"],"image":"https:\/\/www.weblex.fr\/sites\/default\/files\/chiffres_clef\/Shutterstock_notairecotisationgarantiecollective.jpg","created":"2025-02-04","modified":"2026-02-03"},{"url":"\/chiffres-cles\/bareme-forfaitaire-avantage-en-nature-logement-annee-2025","id":25847,"title":"Bar\u00e8me forfaitaire avantage en nature logement -  Ann\u00e9e 2025","content":"\u003Cdiv\u003E                                              \u003Cp\u003ELorsque l\u0027employeur fournit le logement \u00e0 son salari\u00e9, cet avantage est fix\u00e9 sur la base d\u0027une \u00e9valuation forfaitaire mensuelle selon un bar\u00e8me int\u00e9grant les avantages accessoires (eau, gaz, \u00e9lectricit\u00e9, chauffage, garage).\u003C\/p\u003E\u003Ctable align=\u0022left\u0022 border=\u00221\u0022 cellpadding=\u00220\u0022\u003E\t\u003Ctbody\u003E\t\t\u003Ctr\u003E\t\t\t\u003Ctd width=\u002279\u0022\u003E\t\t\t\u003Cp\u003ER\u00e9mun\u00e9ration brute mensuelle\u0026nbsp;(en \u20ac)\u003C\/p\u003E\t\t\t\u003C\/td\u003E\t\t\t\u003Ctd width=\u002276\u0022\u003E\t\t\t\u003Cp\u003EInf\u00e9rieure \u00e0 1\u0026nbsp;962,50\u0026nbsp;\u003C\/p\u003E\t\t\t\u003C\/td\u003E\t\t\t\u003Ctd width=\u002275\u0022\u003E\t\t\t\u003Cp\u003EDe 1\u0026nbsp;962,50\u0026nbsp;\u0026nbsp;\u00e0 2\u0026nbsp;354,99\u0026nbsp;\u003C\/p\u003E\t\t\t\u003C\/td\u003E\t\t\t\u003Ctd width=\u002284\u0022\u003E\t\t\t\u003Cp\u003EDe 2\u0026nbsp;355,00\u0026nbsp;\u0026nbsp;\u00e0 2\u0026nbsp;747,49\u0026nbsp;\u003C\/p\u003E\t\t\t\u003C\/td\u003E\t\t\t\u003Ctd width=\u002284\u0022\u003E\t\t\t\u003Cp\u003EDe 2\u0026nbsp;747,50 \u0026nbsp;\u00e0 3\u0026nbsp;532,49\u0026nbsp;\u003C\/p\u003E\t\t\t\u003C\/td\u003E\t\t\t\u003Ctd width=\u002284\u0022\u003E\t\t\t\u003Cp\u003EDe 3\u0026nbsp;532,50 \u00e0 4\u0026nbsp;317,49\u0026nbsp;\u003Cbr \/\u003E\t\t\t\u0026nbsp;\u0026nbsp;\u0026nbsp;\u0026nbsp;\u0026nbsp;\u0026nbsp;\u0026nbsp;\u0026nbsp;\u0026nbsp;\u0026nbsp;\u0026nbsp;\u003C\/p\u003E\t\t\t\u003C\/td\u003E\t\t\t\u003Ctd width=\u002290\u0022\u003E\t\t\t\u003Cp\u003EDe 4\u0026nbsp;317,50\u0026nbsp;\u00e0 5\u0026nbsp;102,49\u0026nbsp;\u003C\/p\u003E\t\t\t\u003C\/td\u003E\t\t\t\u003Ctd width=\u002296\u0022\u003E\t\t\t\u003Cp\u003EDe 5\u0026nbsp;102,50 \u00e0 5\u0026nbsp;887,49\u0026nbsp;\u003C\/p\u003E\t\t\t\u003C\/td\u003E\t\t\t\u003Ctd width=\u002295\u0022\u003E\t\t\t\u003Cp\u003ESup\u00e9rieure ou \u00e9gale \u00e0 5\u0026nbsp;887,50\u0026nbsp;\u003C\/p\u003E\t\t\t\u003C\/td\u003E\t\t\u003C\/tr\u003E\t\t\u003Ctr\u003E\t\t\t\u003Ctd width=\u002279\u0022\u003E\t\t\t\u003Cp\u003EAvantage en nature pour 1 pi\u00e8ce (en \u20ac)\u003C\/p\u003E\t\t\t\u003C\/td\u003E\t\t\t\u003Ctd width=\u002276\u0022\u003E\t\t\t\u003Cp\u003E78,70\u0026nbsp;\u003C\/p\u003E\t\t\t\u003C\/td\u003E\t\t\t\u003Ctd width=\u002275\u0022\u003E\t\t\t\u003Cp\u003E\u0026nbsp;\u0026nbsp; \u0026nbsp;91,80\u0026nbsp;\u003C\/p\u003E\t\t\t\u003C\/td\u003E\t\t\t\u003Ctd width=\u002284\u0022\u003E\t\t\t\u003Cp\u003E104,80\u003C\/p\u003E\t\t\t\u003C\/td\u003E\t\t\t\u003Ctd width=\u002284\u0022\u003E\t\t\t\u003Cp\u003E117,90\u003C\/p\u003E\t\t\t\u003C\/td\u003E\t\t\t\u003Ctd width=\u002284\u0022\u003E\t\t\t\u003Cp\u003E144,50\u0026nbsp;\u003C\/p\u003E\t\t\t\u003C\/td\u003E\t\t\t\u003Ctd width=\u002290\u0022\u003E\t\t\t\u003Cp\u003E170,40\u003C\/p\u003E\t\t\t\u003C\/td\u003E\t\t\t\u003Ctd width=\u002296\u0022\u003E\t\t\t\u003Cp\u003E196,80\u003C\/p\u003E\t\t\t\u003C\/td\u003E\t\t\t\u003Ctd width=\u002295\u0022\u003E\t\t\t\u003Cp\u003E222,70\u003C\/p\u003E\t\t\t\u003C\/td\u003E\t\t\u003C\/tr\u003E\t\t\u003Ctr\u003E\t\t\t\u003Ctd width=\u002279\u0022\u003E\t\t\t\u003Cp\u003ESi plusieurs pi\u00e8ces, avantage en nature par pi\u00e8ce principale (en \u20ac)\u003C\/p\u003E\t\t\t\u003C\/td\u003E\t\t\t\u003Ctd width=\u002276\u0022\u003E\t\t\t\u003Cp\u003E42,10\u003C\/p\u003E\t\t\t\u003C\/td\u003E\t\t\t\u003Ctd width=\u002275\u0022\u003E\t\t\t\u003Cp\u003E58,90\u003C\/p\u003E\t\t\t\u003C\/td\u003E\t\t\t\u003Ctd width=\u002284\u0022\u003E\t\t\t\u003Cp\u003E78,70\u003C\/p\u003E\t\t\t\u003C\/td\u003E\t\t\t\u003Ctd width=\u002284\u0022\u003E\t\t\t\u003Cp\u003E98,20\u003C\/p\u003E\t\t\t\u003C\/td\u003E\t\t\t\u003Ctd width=\u002284\u0022\u003E\t\t\t\u003Cp\u003E\u0026nbsp;\u0026nbsp; \u0026nbsp;\u003Cbr \/\u003E\t\t\t124,50\u003C\/p\u003E\t\t\t\u003C\/td\u003E\t\t\t\u003Ctd width=\u002290\u0022\u003E\t\t\t\u003Cp\u003E150,40\u003C\/p\u003E\t\t\t\u003C\/td\u003E\t\t\t\u003Ctd width=\u002296\u0022\u003E\t\t\t\u003Cp\u003E183,30\u003C\/p\u003E\t\t\t\u003C\/td\u003E\t\t\t\u003Ctd width=\u002295\u0022\u003E\t\t\t\u003Cp\u003E209,60\u003C\/p\u003E\t\t\t\u003C\/td\u003E\t\t\u003C\/tr\u003E\t\u003C\/tbody\u003E\u003C\/table\u003E\u003Cp\u003E\u0026nbsp;\u003C\/p\u003E\u003Cp\u003EL\u0027employeur peut \u00e9galement estimer l\u0027avantage d\u0027apr\u00e8s la valeur locative servant \u00e0 l\u0027\u00e9tablissement de la taxe d\u0027habitation ou \u00e0 d\u00e9faut, d\u0027apr\u00e8s la valeur locative r\u00e9elle. Les avantages accessoires sont \u00e9valu\u00e9s d\u0027apr\u00e8s leur valeur r\u00e9elle.\u003C\/p\u003E                                            \u003Cp\u003E\u003Cbr \/\u003E\u003Cstrong\u003ESource :\u003C\/strong\u003E\u003Cstrong\u003E\u00a0\u003C\/strong\u003E\u003C\/p\u003E\u003Cul\u003E\u003Cli\u003E\u003Ca href=\u0022https:\/\/www.urssaf.fr\/accueil\/outils-documentation\/taux-baremes\/avantages-en-nature.html\u0022 target=\u0022_blank\u0022 rel=\u0022noopener\u0022\u003Ewww.urssaf.fr\u003C\/a\u003E\u003C\/li\u003E\u003C\/ul\u003E\u003C\/div\u003E","annee":"2025","theme":" Indices, taux, bar\u00e8mes sociaux","activites":["Tout secteur"],"image":"https:\/\/www.weblex.fr\/sites\/default\/files\/chiffres_clef\/Shutterstock_logementAEN.jpg","created":"2025-02-03","modified":"2025-05-20"},{"url":"\/chiffres-cles\/chiffres-cles-bareme-titres-restaurant-annee-2025","id":25846,"title":"Chiffres Cl\u00e9s : Bar\u00e8me titres-restaurant - Ann\u00e9e 2025","content":"\u003Cdiv\u003E                                              \u003Cp align=\u0022center\u0022\u003ESi vous attribuez des titres-restaurant \u00e0 vos salari\u00e9s, la valeur de ces titres peut \u00eatre exon\u00e9r\u00e9e de cotisations sociales. Pour cela, votre prise en charge ne doit pas \u00eatre inf\u00e9rieure \u00e0 50\u0026nbsp;%, ni sup\u00e9rieure \u00e0 60\u0026nbsp;% de la valeur des titres restaurant, dans la limite globale d\u2019un montant r\u00e9\u00e9valu\u00e9 chaque ann\u00e9e.\u003C\/p\u003E\u003Cp\u003E\u0026nbsp;\u003C\/p\u003E\u003Ctable class=\u0022MsoTableGrid\u0022\u003E\t\u003Ctbody\u003E\t\t\u003Ctr\u003E\t\t\t\u003Ctd\u003E\t\t\t\u003Cp\u003EExon\u00e9ration maximale de la participation patronale\u003C\/p\u003E\t\t\t\u003C\/td\u003E\t\t\t\u003Ctd\u003E\t\t\t\u003Cp align=\u0022center\u0022\u003E7,26\u0026nbsp;\u20ac\u003C\/p\u003E\t\t\t\u003C\/td\u003E\t\t\u003C\/tr\u003E\t\t\u003Ctr\u003E\t\t\t\u003Ctd\u003E\t\t\t\u003Cp\u003EValeur du titre ouvrant droit \u00e0 l\u2019exon\u00e9ration maximale\u003C\/p\u003E\t\t\t\u003C\/td\u003E\t\t\t\u003Ctd\u003E\t\t\t\u003Cp align=\u0022center\u0022\u003EEntre 12,10 et 14,52\u0026nbsp;\u20ac\u003C\/p\u003E\t\t\t\u003C\/td\u003E\t\t\u003C\/tr\u003E\t\u003C\/tbody\u003E\u003C\/table\u003E                                            \u003Cp\u003E\u003Cbr \/\u003E\u003Cstrong\u003ESource :\u003C\/strong\u003E\u003Cstrong\u003E\u00a0\u003C\/strong\u003E\u003C\/p\u003E\u003Cul\u003E\u003Cli\u003E\u003Ca href=\u0022https:\/\/boss.gouv.fr\/portail\/accueil\/autres-elements-de-remuneration\/avantages-en-nature.html#titre-chapitre-2---avantage-en-nature-section-2---cas-particuliers-a-titre-restaurant\u0022 target=\u0022_blank\u0022 rel=\u0022noopener\u0022\u003EBulletin officiel de la S\u00e9curit\u00e9 sociale, mis\u0026nbsp;\u00e0 jour le 26 d\u00e9cembre 2024\u0026nbsp;\u003C\/a\u003E\u003C\/li\u003E\u003C\/ul\u003E\u003C\/div\u003E","annee":"2025","theme":" Indices, taux, bar\u00e8mes sociaux","activites":["Tout secteur"],"image":"https:\/\/www.weblex.fr\/sites\/default\/files\/chiffres_clef\/Shutterstock_titrerestaurant.jpg","created":"2025-02-03","modified":"2026-03-24"},{"url":"\/chiffres-cles\/imposition-forfaitaire-sur-les-entreprises-de-reseaux-ifer-bareme-2025","id":25788,"title":"Imposition forfaitaire sur les entreprises de r\u00e9seaux (IFER) \u2013 bar\u00e8me 2025","content":"\u003Cdiv\u003E                                              \u003Cp\u003ELes montants et tarifs de chacune des composantes de l\u0027imposition forfaitaire sur les entreprises de r\u00e9seaux (IFER) sont revaloris\u00e9s chaque ann\u00e9e comme le taux pr\u00e9visionnel d\u0027\u00e9volution des prix \u00e0 la consommation des m\u00e9nages, hors tabac, pour la m\u00eame ann\u00e9e. Pour l\u0027ann\u00e9e 2025, ce taux s\u0027\u00e9l\u00e8ve \u00e0 1,8 %.\u003C\/p\u003E\u003Cp\u003E\u0026nbsp;\u003C\/p\u003E\u003Ch3\u003EIFER sur les \u00e9oliennes et hydroliennes\u003C\/h3\u003E\u003Cp\u003ELe tarif de l\u2019IFER est fix\u00e9 au 1er janvier 2025 \u00e0 8,51 \u20ac par kilowatt de puissance \u00e9lectrique install\u00e9e au 1er janvier de l\u2019ann\u00e9e d\u2019imposition.\u003C\/p\u003E\u003Cp\u003E\u0026nbsp;\u003C\/p\u003E\u003Ch3\u003EIFER sur les installations de production d\u2019\u00e9lectricit\u00e9 d\u2019origine nucl\u00e9aire ou thermique \u00e0 flamme\u003C\/h3\u003E\u003Cp\u003ELe tarif de l\u2019IFER est fix\u00e9 au 1er janvier 2025 \u00e0 3 542 \u20ac par m\u00e9gawatt de puissance \u00e9lectrique install\u00e9e pour chaque installation au 1er janvier de l\u2019ann\u00e9e d\u2019imposition.\u003C\/p\u003E\u003Cp\u003E\u0026nbsp;\u003C\/p\u003E\u003Ch3\u003EIFER sur les centrales de production d\u2019\u00e9nergie d\u2019origine photovolta\u00efque ou hydraulique\u003C\/h3\u003E\u003Cp\u003ELe tarif de l\u2019IFER est fix\u00e9 au 1er janvier 2025 \u00e0 :\u003C\/p\u003E\u003Cul\u003E\t\u003Cli\u003E3,542\u0026nbsp;\u20ac par kilowatt de puissance \u00e9lectrique install\u00e9e au 1er janvier de l\u2019ann\u00e9e d\u2019imposition, s\u0027agissant des centrales hydrauliques ;\u003C\/li\u003E\t\u003Cli\u003E8,51 \u20ac par kilowatt de puissance \u00e9lectrique install\u00e9e au 1er janvier de l\u2019ann\u00e9e d\u2019imposition, s\u0027agissant des centrales photovolta\u00efques mises en service avant le 1er janvier 2021 ;\u003C\/li\u003E\t\u003Cli\u003E3,542 \u20ac par kilowatt de puissance \u00e9lectrique install\u00e9e au 1er janvier de l\u2019ann\u00e9e d\u2019imposition, s\u0027agissant des centrales photovolta\u00efques mises en service apr\u00e8s le 1er janvier 2021.\u003C\/li\u003E\u003C\/ul\u003E\u003Ch3\u003E\u0026nbsp;\u003C\/h3\u003E\u003Ch3\u003EIFER sur les transformateurs \u00e9lectriques\u003C\/h3\u003E\u003Cp\u003ELe tarif est fix\u00e9 en fonction de la tension en amont du transformateur \u00e9lectrique au 1er janvier de l\u2019ann\u00e9e d\u2019imposition. La tension en amont s\u2019entend de la tension \u00e9lectrique en entr\u00e9e du transformateur. Les transformateurs \u00e9lectriques dont la tension en amont est inf\u00e9rieure ou \u00e9gale \u00e0 50 kilovolts ne sont pas retenus pour le calcul de l\u2019imposition.\u003C\/p\u003E\u003Ctable class=\u0022MsoTableGrid\u0022\u003E\t\u003Ctbody\u003E\t\t\u003Ctr\u003E\t\t\t\u003Ctd valign=\u0022top\u0022\u003E\t\t\t\u003Cp\u003E\u0026nbsp;\u003C\/p\u003E\t\t\t\u003Cp align=\u0022center\u0022\u003ETension en amont en KV\u003C\/p\u003E\t\t\t\u003Cp\u003E\u0026nbsp;\u003C\/p\u003E\t\t\t\u003C\/td\u003E\t\t\t\u003Ctd valign=\u0022top\u0022\u003E\t\t\t\u003Cp\u003E\u0026nbsp;\u003C\/p\u003E\t\t\t\u003Cp align=\u0022center\u0022\u003ETarif par transformateur en euros\u003C\/p\u003E\t\t\t\u003Cp\u003E\u0026nbsp;\u003C\/p\u003E\t\t\t\u003C\/td\u003E\t\t\u003C\/tr\u003E\t\t\u003Ctr\u003E\t\t\t\u003Ctd valign=\u0022top\u0022\u003E\t\t\t\u003Cp align=\u0022center\u0022\u003ESup\u00e9rieure \u00e0 350\u003C\/p\u003E\t\t\t\u003Cp align=\u0022center\u0022\u003E\u0026nbsp;\u003C\/p\u003E\t\t\t\u003C\/td\u003E\t\t\t\u003Ctd valign=\u0022top\u0022\u003E\t\t\t\u003Cp align=\u0022center\u0022\u003E168 398\u003C\/p\u003E\t\t\t\u003Cp align=\u0022center\u0022\u003E\u0026nbsp;\u003C\/p\u003E\t\t\t\u003C\/td\u003E\t\t\u003C\/tr\u003E\t\t\u003Ctr\u003E\t\t\t\u003Ctd valign=\u0022top\u0022\u003E\t\t\t\u003Cp align=\u0022center\u0022\u003ESup\u00e9rieure \u00e0 130 et inf\u00e9rieure ou \u00e9gale \u00e0 350\u003C\/p\u003E\t\t\t\u003Cp align=\u0022center\u0022\u003E\u0026nbsp;\u003C\/p\u003E\t\t\t\u003C\/td\u003E\t\t\t\u003Ctd valign=\u0022top\u0022\u003E\t\t\t\u003Cp align=\u0022center\u0022\u003E57 147\u003C\/p\u003E\t\t\t\u003Cp align=\u0022center\u0022\u003E\u0026nbsp;\u003C\/p\u003E\t\t\t\u003C\/td\u003E\t\t\u003C\/tr\u003E\t\t\u003Ctr\u003E\t\t\t\u003Ctd valign=\u0022top\u0022\u003E\t\t\t\u003Cp align=\u0022center\u0022\u003ESup\u00e9rieure \u00e0 50 et inf\u00e9rieure ou \u00e9gale \u00e0 130\u003C\/p\u003E\t\t\t\u003Cp align=\u0022center\u0022\u003E\u0026nbsp;\u003C\/p\u003E\t\t\t\u003C\/td\u003E\t\t\t\u003Ctd valign=\u0022top\u0022\u003E\t\t\t\u003Cp align=\u0022center\u0022\u003E16 414\u003C\/p\u003E\t\t\t\u003Cp align=\u0022center\u0022\u003E\u0026nbsp;\u003C\/p\u003E\t\t\t\u003C\/td\u003E\t\t\u003C\/tr\u003E\t\u003C\/tbody\u003E\u003C\/table\u003E\u003Ch3\u003E\u0026nbsp;\u003C\/h3\u003E\u003Ch3\u003EIFER sur les stations radio\u00e9lectriques\u003C\/h3\u003E\u003Ctable class=\u0022MsoTableGrid\u0022\u003E\t\u003Ctbody\u003E\t\t\u003Ctr\u003E\t\t\t\u003Ctd valign=\u0022top\u0022\u003E\t\t\t\u003Cp align=\u0022center\u0022\u003E\u0026nbsp;\u003C\/p\u003E\t\t\t\u003Cp align=\u0022center\u0022\u003ETypes de stations\u003C\/p\u003E\t\t\t\u003Cp align=\u0022center\u0022\u003E\u0026nbsp;\u003C\/p\u003E\t\t\t\u003C\/td\u003E\t\t\t\u003Ctd valign=\u0022top\u0022\u003E\t\t\t\u003Cp align=\u0022center\u0022\u003E\u0026nbsp;\u003C\/p\u003E\t\t\t\u003Cp align=\u0022center\u0022\u003ECalcul du tarif applicable\u003C\/p\u003E\t\t\t\u003Cp align=\u0022center\u0022\u003E\u0026nbsp;\u003C\/p\u003E\t\t\t\u003C\/td\u003E\t\t\t\u003Ctd valign=\u0022top\u0022\u003E\t\t\t\u003Cp align=\u0022center\u0022\u003E\u0026nbsp;\u003C\/p\u003E\t\t\t\u003Cp align=\u0022center\u0022\u003ETarifs applicables\u003C\/p\u003E\t\t\t\u003Cp align=\u0022center\u0022\u003E\u0026nbsp;\u003C\/p\u003E\t\t\t\u003C\/td\u003E\t\t\u003C\/tr\u003E\t\t\u003Ctr\u003E\t\t\t\u003Ctd valign=\u0022top\u0022\u003E\t\t\t\u003Cp align=\u0022center\u0022\u003EStations ordinaires\u003C\/p\u003E\t\t\t\u003Cp align=\u0022center\u0022\u003E\u0026nbsp;\u003C\/p\u003E\t\t\t\u003C\/td\u003E\t\t\t\u003Ctd valign=\u0022top\u0022\u003E\t\t\t\u003Cp align=\u0022center\u0022\u003E\u0026nbsp;\u003C\/p\u003E\t\t\t\u003C\/td\u003E\t\t\t\u003Ctd valign=\u0022top\u0022\u003E\t\t\t\u003Cp align=\u0022center\u0022\u003E1 860 \u20ac\u003C\/p\u003E\t\t\t\u003Cp align=\u0022center\u0022\u003E\u0026nbsp;\u003C\/p\u003E\t\t\t\u003C\/td\u003E\t\t\u003C\/tr\u003E\t\t\u003Ctr\u003E\t\t\t\u003Ctd valign=\u0022top\u0022\u003E\t\t\t\u003Cp align=\u0022center\u0022\u003E\u00c9metteurs soumis \u00e0 une simple d\u00e9claration aupr\u00e8s de l\u0027ANFR\u003C\/p\u003E\t\t\t\u003Cp align=\u0022center\u0022\u003E\u0026nbsp;\u003C\/p\u003E\t\t\t\u003C\/td\u003E\t\t\t\u003Ctd valign=\u0022top\u0022\u003E\t\t\t\u003Cp align=\u0022center\u0022\u003E1 860 \u20ac x 10 %\u003C\/p\u003E\t\t\t\u003Cp align=\u0022center\u0022\u003E\u0026nbsp;\u003C\/p\u003E\t\t\t\u003C\/td\u003E\t\t\t\u003Ctd valign=\u0022top\u0022\u003E\t\t\t\u003Cp align=\u0022center\u0022\u003E186 \u20ac\u003C\/p\u003E\t\t\t\u003Cp align=\u0022center\u0022\u003E\u0026nbsp;\u003C\/p\u003E\t\t\t\u003C\/td\u003E\t\t\u003C\/tr\u003E\t\t\u003Ctr\u003E\t\t\t\u003Ctd valign=\u0022top\u0022\u003E\t\t\t\u003Cp align=\u0022center\u0022\u003EStations ordinaires en zones \u00ab\u0026nbsp;blanches \u00bb\u003C\/p\u003E\t\t\t\u003Cp align=\u0022center\u0022\u003E\u0026nbsp;\u003C\/p\u003E\t\t\t\u003C\/td\u003E\t\t\t\u003Ctd valign=\u0022top\u0022\u003E\t\t\t\u003Cp align=\u0022center\u0022\u003E1 860 \u20ac \/ 2\u003C\/p\u003E\t\t\t\u003Cp align=\u0022center\u0022\u003E\u0026nbsp;\u003C\/p\u003E\t\t\t\u003C\/td\u003E\t\t\t\u003Ctd valign=\u0022top\u0022\u003E\t\t\t\u003Cp align=\u0022center\u0022\u003E930 \u20ac\u003C\/p\u003E\t\t\t\u003Cp align=\u0022center\u0022\u003E\u0026nbsp;\u003C\/p\u003E\t\t\t\u003C\/td\u003E\t\t\u003C\/tr\u003E\t\t\u003Ctr\u003E\t\t\t\u003Ctd valign=\u0022top\u0022\u003E\t\t\t\u003Cp align=\u0022center\u0022\u003E\u00c9metteurs soumis \u00e0 une simple d\u00e9claration aupr\u00e8s de l\u0027ANFR en zones \u00ab blanches \u00bb\u003C\/p\u003E\t\t\t\u003Cp align=\u0022center\u0022\u003E\u0026nbsp;\u003C\/p\u003E\t\t\t\u003C\/td\u003E\t\t\t\u003Ctd valign=\u0022top\u0022\u003E\t\t\t\u003Cp align=\u0022center\u0022\u003E186 \u20ac \/ 2\u003C\/p\u003E\t\t\t\u003Cp align=\u0022center\u0022\u003E\u0026nbsp;\u003C\/p\u003E\t\t\t\u003C\/td\u003E\t\t\t\u003Ctd valign=\u0022top\u0022\u003E\t\t\t\u003Cp align=\u0022center\u0022\u003E93 \u20ac\u003C\/p\u003E\t\t\t\u003Cp align=\u0022center\u0022\u003E\u0026nbsp;\u003C\/p\u003E\t\t\t\u003C\/td\u003E\t\t\u003C\/tr\u003E\t\t\u003Ctr\u003E\t\t\t\u003Ctd valign=\u0022top\u0022\u003E\t\t\t\u003Cp align=\u0022center\u0022\u003ENouvelles stations ordinaires\u003C\/p\u003E\t\t\t\u003Cp align=\u0022center\u0022\u003E\u0026nbsp;\u003C\/p\u003E\t\t\t\u003C\/td\u003E\t\t\t\u003Ctd valign=\u0022top\u0022\u003E\t\t\t\u003Cp align=\u0022center\u0022\u003E1 860 \u20ac x 25 %\u003C\/p\u003E\t\t\t\u003Cp align=\u0022center\u0022\u003E\u0026nbsp;\u003C\/p\u003E\t\t\t\u003C\/td\u003E\t\t\t\u003Ctd valign=\u0022top\u0022\u003E\t\t\t\u003Cp align=\u0022center\u0022\u003E465 \u20ac\u003C\/p\u003E\t\t\t\u003Cp align=\u0022center\u0022\u003E\u0026nbsp;\u003C\/p\u003E\t\t\t\u003C\/td\u003E\t\t\u003C\/tr\u003E\t\t\u003Ctr\u003E\t\t\t\u003Ctd valign=\u0022top\u0022\u003E\t\t\t\u003Cp align=\u0022center\u0022\u003ENouveaux \u00e9metteurs soumis \u00e0 une simple d\u00e9claration aupr\u00e8s de l\u0027ANFR\u003C\/p\u003E\t\t\t\u003Cp align=\u0022center\u0022\u003E\u0026nbsp;\u003C\/p\u003E\t\t\t\u003C\/td\u003E\t\t\t\u003Ctd valign=\u0022top\u0022\u003E\t\t\t\u003Cp align=\u0022center\u0022\u003E186 \u20ac x 25 %\u003C\/p\u003E\t\t\t\u003Cp align=\u0022center\u0022\u003E\u0026nbsp;\u003C\/p\u003E\t\t\t\u003C\/td\u003E\t\t\t\u003Ctd valign=\u0022top\u0022\u003E\t\t\t\u003Cp align=\u0022center\u0022\u003E46,50 \u20ac\u003C\/p\u003E\t\t\t\u003Cp align=\u0022center\u0022\u003E\u0026nbsp;\u003C\/p\u003E\t\t\t\u003C\/td\u003E\t\t\u003C\/tr\u003E\t\t\u003Ctr\u003E\t\t\t\u003Ctd valign=\u0022top\u0022\u003E\t\t\t\u003Cp align=\u0022center\u0022\u003ENouvelles stations ordinaires en zones \u00ab blanches \u00bb\u003C\/p\u003E\t\t\t\u003Cp align=\u0022center\u0022\u003E\u0026nbsp;\u003C\/p\u003E\t\t\t\u003C\/td\u003E\t\t\t\u003Ctd valign=\u0022top\u0022\u003E\t\t\t\u003Cp align=\u0022center\u0022\u003E(1 860 \u20ac \/ 2) x 25 %\u003C\/p\u003E\t\t\t\u003Cp align=\u0022center\u0022\u003E\u0026nbsp;\u003C\/p\u003E\t\t\t\u003C\/td\u003E\t\t\t\u003Ctd valign=\u0022top\u0022\u003E\t\t\t\u003Cp align=\u0022center\u0022\u003E232;50 \u20ac\u003C\/p\u003E\t\t\t\u003Cp align=\u0022center\u0022\u003E\u0026nbsp;\u003C\/p\u003E\t\t\t\u003C\/td\u003E\t\t\u003C\/tr\u003E\t\t\u003Ctr\u003E\t\t\t\u003Ctd valign=\u0022top\u0022\u003E\t\t\t\u003Cp align=\u0022center\u0022\u003ENouveaux \u00e9metteurs soumis \u00e0 une simple d\u00e9claration aupr\u00e8s de l\u0027ANFR en zones \u00ab\u0026nbsp;blanches\u0026nbsp;\u00bb\u003C\/p\u003E\t\t\t\u003Cp align=\u0022center\u0022\u003E\u0026nbsp;\u003C\/p\u003E\t\t\t\u003C\/td\u003E\t\t\t\u003Ctd valign=\u0022top\u0022\u003E\t\t\t\u003Cp align=\u0022center\u0022\u003E(186 \u20ac \/ 2) x 25 %\u003C\/p\u003E\t\t\t\u003Cp align=\u0022center\u0022\u003E\u0026nbsp;\u003C\/p\u003E\t\t\t\u003C\/td\u003E\t\t\t\u003Ctd valign=\u0022top\u0022\u003E\t\t\t\u003Cp align=\u0022center\u0022\u003E23,25 \u20ac\u003C\/p\u003E\t\t\t\u003Cp align=\u0022center\u0022\u003E\u0026nbsp;\u003C\/p\u003E\t\t\t\u003C\/td\u003E\t\t\u003C\/tr\u003E\t\t\u003Ctr\u003E\t\t\t\u003Ctd valign=\u0022top\u0022\u003E\t\t\t\u003Cp align=\u0022center\u0022\u003EStations relevant de la loi n\u00b0 86-1067 du 30 septembre 1986 et assurant la diffusion au public de services de radio ou de t\u00e9l\u00e9vision\u003C\/p\u003E\t\t\t\u003Cp align=\u0022center\u0022\u003E\u0026nbsp;\u003C\/p\u003E\t\t\t\u003C\/td\u003E\t\t\t\u003Ctd valign=\u0022top\u0022\u003E\t\t\t\u003Cp align=\u0022center\u0022\u003E\u0026nbsp;\u003C\/p\u003E\t\t\t\u003C\/td\u003E\t\t\t\u003Ctd valign=\u0022top\u0022\u003E\t\t\t\u003Cp align=\u0022center\u0022\u003E267 \u20ac\u003C\/p\u003E\t\t\t\u003Cp align=\u0022center\u0022\u003E\u0026nbsp;\u003C\/p\u003E\t\t\t\u003Cp align=\u0022center\u0022\u003E\u0026nbsp;\u003C\/p\u003E\t\t\t\u003C\/td\u003E\t\t\u003C\/tr\u003E\t\u003C\/tbody\u003E\u003C\/table\u003E\u003Cp\u003E\u0026nbsp;\u003C\/p\u003E\u003Ch3\u003EIFER sur les installations gazi\u00e8res et les canalisations de transport de gaz naturel, d\u0027autres hydrocarbures et de produits chimiques\u003C\/h3\u003E\u003Ctable class=\u0022MsoTableGrid\u0022\u003E\t\u003Ctbody\u003E\t\t\u003Ctr\u003E\t\t\t\u003Ctd valign=\u0022top\u0022\u003E\t\t\t\u003Cp align=\u0022center\u0022\u003E\u00c9quipement\u003C\/p\u003E\t\t\t\u003C\/td\u003E\t\t\t\u003Ctd valign=\u0022top\u0022\u003E\t\t\t\u003Cp align=\u0022center\u0022\u003ETarif\u003C\/p\u003E\t\t\t\u003Cp align=\u0022center\u0022\u003E\u0026nbsp;\u003C\/p\u003E\t\t\t\u003C\/td\u003E\t\t\u003C\/tr\u003E\t\t\u003Ctr\u003E\t\t\t\u003Ctd valign=\u0022top\u0022\u003E\t\t\t\u003Cp align=\u0022center\u0022\u003EInstallations de GNL dont la capacit\u00e9 de stockage est inf\u00e9rieure ou \u00e9gale \u00e0 100 000 m\u00e8tres cubes\u003C\/p\u003E\t\t\t\u003Cp align=\u0022center\u0022\u003E\u0026nbsp;\u003C\/p\u003E\t\t\t\u003C\/td\u003E\t\t\t\u003Ctd valign=\u0022top\u0022\u003E\t\t\t\u003Cp align=\u0022center\u0022\u003E666 763 \u20ac par installation\u003C\/p\u003E\t\t\t\u003Cp align=\u0022center\u0022\u003E\u0026nbsp;\u003C\/p\u003E\t\t\t\u003C\/td\u003E\t\t\u003C\/tr\u003E\t\t\u003Ctr\u003E\t\t\t\u003Ctd valign=\u0022top\u0022\u003E\t\t\t\u003Cp align=\u0022center\u0022\u003EInstallations de GNL dont la capacit\u00e9 de stockage est sup\u00e9rieure \u00e0 100 000 m\u00e8tres cubes\u003C\/p\u003E\t\t\t\u003Cp align=\u0022center\u0022\u003E\u0026nbsp;\u003C\/p\u003E\t\t\t\u003C\/td\u003E\t\t\t\u003Ctd valign=\u0022top\u0022\u003E\t\t\t\u003Cp align=\u0022center\u0022\u003E3 039 688 \u20ac par installation\u003C\/p\u003E\t\t\t\u003C\/td\u003E\t\t\u003C\/tr\u003E\t\t\u003Ctr\u003E\t\t\t\u003Ctd valign=\u0022top\u0022\u003E\t\t\t\u003Cp align=\u0022center\u0022\u003ESites de stockage souterrain de gaz naturel\u003C\/p\u003E\t\t\t\u003Cp align=\u0022center\u0022\u003E\u0026nbsp;\u003C\/p\u003E\t\t\t\u003C\/td\u003E\t\t\t\u003Ctd valign=\u0022top\u0022\u003E\t\t\t\u003Cp align=\u0022center\u0022\u003E607 937 \u20ac par site\u003C\/p\u003E\t\t\t\u003Cp align=\u0022center\u0022\u003E\u0026nbsp;\u003C\/p\u003E\t\t\t\u003Cp align=\u0022center\u0022\u003EEn cas de groupement de stockage, le tarif unitaire s\u0027applique \u00e0 chacun des sites compris dans le groupement\u003C\/p\u003E\t\t\t\u003C\/td\u003E\t\t\u003C\/tr\u003E\t\t\u003Ctr\u003E\t\t\t\u003Ctd valign=\u0022top\u0022\u003E\t\t\t\u003Cp align=\u0022center\u0022\u003ECanalisations de transport de gaz naturel\u003C\/p\u003E\t\t\t\u003Cp align=\u0022center\u0022\u003E\u0026nbsp;\u003C\/p\u003E\t\t\t\u003C\/td\u003E\t\t\t\u003Ctd valign=\u0022top\u0022\u003E\t\t\t\u003Cp align=\u0022center\u0022\u003E608 \u20ac par kilom\u00e8tre de canalisation\u003C\/p\u003E\t\t\t\u003Cp align=\u0022center\u0022\u003E\u0026nbsp;\u003C\/p\u003E\t\t\t\u003C\/td\u003E\t\t\u003C\/tr\u003E\t\t\u003Ctr\u003E\t\t\t\u003Ctd valign=\u0022top\u0022\u003E\t\t\t\u003Cp align=\u0022center\u0022\u003EStations de compression de gaz naturel\u003C\/p\u003E\t\t\t\u003Cp align=\u0022center\u0022\u003E\u0026nbsp;\u003C\/p\u003E\t\t\t\u003C\/td\u003E\t\t\t\u003Ctd valign=\u0022top\u0022\u003E\t\t\t\u003Cp align=\u0022center\u0022\u003E121 587 \u20ac par station\u003C\/p\u003E\t\t\t\u003Cp align=\u0022center\u0022\u003E\u0026nbsp;\u003C\/p\u003E\t\t\t\u003C\/td\u003E\t\t\u003C\/tr\u003E\t\t\u003Ctr\u003E\t\t\t\u003Ctd valign=\u0022top\u0022\u003E\t\t\t\u003Cp align=\u0022center\u0022\u003ECanalisations de transport d\u0027autres hydrocarbures\u003C\/p\u003E\t\t\t\u003Cp align=\u0022center\u0022\u003E\u0026nbsp;\u003C\/p\u003E\t\t\t\u003C\/td\u003E\t\t\t\u003Ctd valign=\u0022top\u0022\u003E\t\t\t\u003Cp align=\u0022center\u0022\u003E608 \u20ac par kilom\u00e8tre de canalisation\u003C\/p\u003E\t\t\t\u003Cp align=\u0022center\u0022\u003E\u0026nbsp;\u003C\/p\u003E\t\t\t\u003C\/td\u003E\t\t\u003C\/tr\u003E\t\t\u003Ctr\u003E\t\t\t\u003Ctd valign=\u0022top\u0022\u003E\t\t\t\u003Cp align=\u0022center\u0022\u003ECanalisations de transport de produits chimiques\u003C\/p\u003E\t\t\t\u003Cp align=\u0022center\u0022\u003E\u0026nbsp;\u003C\/p\u003E\t\t\t\u003C\/td\u003E\t\t\t\u003Ctd valign=\u0022top\u0022\u003E\t\t\t\u003Cp align=\u0022center\u0022\u003E589 \u20ac par kilom\u00e8tre de canalisation\u003C\/p\u003E\t\t\t\u003Cp align=\u0022center\u0022\u003E\u0026nbsp;\u003C\/p\u003E\t\t\t\u003C\/td\u003E\t\t\u003C\/tr\u003E\t\u003C\/tbody\u003E\u003C\/table\u003E\u003Cp\u003E\u0026nbsp;\u003C\/p\u003E\u003Ch3\u003EIFER sur le mat\u00e9riel ferroviaire roulant utilis\u00e9 sur le r\u00e9seau ferr\u00e9 national pour les op\u00e9rations de transport de voyageurs\u003C\/h3\u003E\u003Ctable class=\u0022MsoTableGrid\u0022\u003E\t\u003Ctbody\u003E\t\t\u003Ctr\u003E\t\t\t\u003Ctd valign=\u0022top\u0022\u003E\t\t\t\u003Cp align=\u0022center\u0022\u003ECat\u00e9gorie de mat\u00e9riels roulants\u003C\/p\u003E\t\t\t\u003Cp align=\u0022center\u0022\u003E\u0026nbsp;\u003C\/p\u003E\t\t\t\u003C\/td\u003E\t\t\t\u003Ctd valign=\u0022top\u0022\u003E\t\t\t\u003Cp align=\u0022center\u0022\u003ETarif\u003C\/p\u003E\t\t\t\u003C\/td\u003E\t\t\u003C\/tr\u003E\t\t\u003Ctr\u003E\t\t\t\u003Ctd valign=\u0022top\u0022\u003E\t\t\t\u003Cp align=\u0022center\u0022\u003EEngins \u00e0 moteur thermique\u003C\/p\u003E\t\t\t\u003Cp align=\u0022center\u0022\u003E\u0026nbsp;\u003C\/p\u003E\t\t\t\u003C\/td\u003E\t\t\t\u003Ctd valign=\u0022top\u0022\u003E\t\t\t\u003Cp\u003E\u0026nbsp;\u003C\/p\u003E\t\t\t\u003C\/td\u003E\t\t\u003C\/tr\u003E\t\t\u003Ctr\u003E\t\t\t\u003Ctd valign=\u0022top\u0022\u003E\t\t\t\u003Cp\u003EAutomoteur\u003C\/p\u003E\t\t\t\u003Cp\u003E\u0026nbsp;\u003C\/p\u003E\t\t\t\u003C\/td\u003E\t\t\t\u003Ctd valign=\u0022top\u0022\u003E\t\t\t\u003Cp\u003E36 476 \u20ac\u003C\/p\u003E\t\t\t\u003Cp\u003E\u0026nbsp;\u003C\/p\u003E\t\t\t\u003C\/td\u003E\t\t\u003C\/tr\u003E\t\t\u003Ctr\u003E\t\t\t\u003Ctd valign=\u0022top\u0022\u003E\t\t\t\u003Cp\u003ELocomotive diesel\u003C\/p\u003E\t\t\t\u003Cp\u003E\u0026nbsp;\u003C\/p\u003E\t\t\t\u003C\/td\u003E\t\t\t\u003Ctd valign=\u0022top\u0022\u003E\t\t\t\u003Cp\u003E36 476 \u20ac\u003C\/p\u003E\t\t\t\u003Cp\u003E\u0026nbsp;\u003C\/p\u003E\t\t\t\u003C\/td\u003E\t\t\u003C\/tr\u003E\t\t\u003Ctr\u003E\t\t\t\u003Ctd valign=\u0022top\u0022\u003E\t\t\t\u003Cp align=\u0022center\u0022\u003EEngins \u00e0 moteur \u00e9lectrique\u003C\/p\u003E\t\t\t\u003Cp align=\u0022center\u0022\u003E\u0026nbsp;\u003C\/p\u003E\t\t\t\u003C\/td\u003E\t\t\t\u003Ctd valign=\u0022top\u0022\u003E\t\t\t\u003Cp\u003E\u0026nbsp;\u003C\/p\u003E\t\t\t\u003C\/td\u003E\t\t\u003C\/tr\u003E\t\t\u003Ctr\u003E\t\t\t\u003Ctd valign=\u0022top\u0022\u003E\t\t\t\u003Cp\u003EAutomotrice\u003C\/p\u003E\t\t\t\u003Cp\u003E\u0026nbsp;\u003C\/p\u003E\t\t\t\u003C\/td\u003E\t\t\t\u003Ctd valign=\u0022top\u0022\u003E\t\t\t\u003Cp\u003E27 965 \u20ac\u003C\/p\u003E\t\t\t\u003Cp\u003E\u0026nbsp;\u003C\/p\u003E\t\t\t\u003C\/td\u003E\t\t\u003C\/tr\u003E\t\t\u003Ctr\u003E\t\t\t\u003Ctd valign=\u0022top\u0022\u003E\t\t\t\u003Cp\u003ELocomotive \u00e9lectrique\u003C\/p\u003E\t\t\t\u003Cp\u003E\u0026nbsp;\u003C\/p\u003E\t\t\t\u003C\/td\u003E\t\t\t\u003Ctd valign=\u0022top\u0022\u003E\t\t\t\u003Cp\u003E24 319 \u20ac\u003C\/p\u003E\t\t\t\u003Cp\u003E\u0026nbsp;\u003C\/p\u003E\t\t\t\u003C\/td\u003E\t\t\u003C\/tr\u003E\t\t\u003Ctr\u003E\t\t\t\u003Ctd valign=\u0022top\u0022\u003E\t\t\t\u003Cp\u003EMotrice de mat\u00e9riel \u00e0 grande vitesse\u003C\/p\u003E\t\t\t\u003Cp\u003E\u0026nbsp;\u003C\/p\u003E\t\t\t\u003C\/td\u003E\t\t\t\u003Ctd valign=\u0022top\u0022\u003E\t\t\t\u003Cp\u003E42 557 \u20ac\u003C\/p\u003E\t\t\t\u003Cp\u003E\u0026nbsp;\u003C\/p\u003E\t\t\t\u003C\/td\u003E\t\t\u003C\/tr\u003E\t\t\u003Ctr\u003E\t\t\t\u003Ctd valign=\u0022top\u0022\u003E\t\t\t\u003Cp\u003EAutomotrice tram-train\u003C\/p\u003E\t\t\t\u003Cp\u003E\u0026nbsp;\u003C\/p\u003E\t\t\t\u003C\/td\u003E\t\t\t\u003Ctd valign=\u0022top\u0022\u003E\t\t\t\u003Cp\u003E13 985 \u20ac\u003C\/p\u003E\t\t\t\u003Cp\u003E\u0026nbsp;\u003C\/p\u003E\t\t\t\u003C\/td\u003E\t\t\u003C\/tr\u003E\t\t\u003Ctr\u003E\t\t\t\u003Ctd valign=\u0022top\u0022\u003E\t\t\t\u003Cp align=\u0022center\u0022\u003EEngins remorqu\u00e9s\u003C\/p\u003E\t\t\t\u003Cp\u003E\u0026nbsp;\u003C\/p\u003E\t\t\t\u003C\/td\u003E\t\t\t\u003Ctd valign=\u0022top\u0022\u003E\t\t\t\u003Cp\u003E\u0026nbsp;\u003C\/p\u003E\t\t\t\u003C\/td\u003E\t\t\u003C\/tr\u003E\t\t\u003Ctr\u003E\t\t\t\u003Ctd valign=\u0022top\u0022\u003E\t\t\t\u003Cp\u003ERemorque pour le transport de voyageurs\u003C\/p\u003E\t\t\t\u003Cp\u003E\u0026nbsp;\u003C\/p\u003E\t\t\t\u003C\/td\u003E\t\t\t\u003Ctd valign=\u0022top\u0022\u003E\t\t\t\u003Cp\u003E5 837 \u20ac\u003C\/p\u003E\t\t\t\u003Cp\u003E\u0026nbsp;\u003C\/p\u003E\t\t\t\u003C\/td\u003E\t\t\u003C\/tr\u003E\t\t\u003Ctr\u003E\t\t\t\u003Ctd valign=\u0022top\u0022\u003E\t\t\t\u003Cp\u003ERemorque pour le transport de voyageurs \u00e0 grande vitesse\u003C\/p\u003E\t\t\t\u003Cp\u003E\u0026nbsp;\u003C\/p\u003E\t\t\t\u003C\/td\u003E\t\t\t\u003Ctd valign=\u0022top\u0022\u003E\t\t\t\u003Cp\u003E12 158 \u20ac\u003C\/p\u003E\t\t\t\u003Cp\u003E\u0026nbsp;\u003C\/p\u003E\t\t\t\u003C\/td\u003E\t\t\u003C\/tr\u003E\t\t\u003Ctr\u003E\t\t\t\u003Ctd valign=\u0022top\u0022\u003E\t\t\t\u003Cp\u003ERemorque tram-train\u003C\/p\u003E\t\t\t\u003Cp\u003E\u0026nbsp;\u003C\/p\u003E\t\t\t\u003C\/td\u003E\t\t\t\u003Ctd valign=\u0022top\u0022\u003E\t\t\t\u003Cp\u003E2 918 \u20ac\u003C\/p\u003E\t\t\t\u003Cp\u003E\u0026nbsp;\u003C\/p\u003E\t\t\t\u003C\/td\u003E\t\t\u003C\/tr\u003E\t\u003C\/tbody\u003E\u003C\/table\u003E\u003Cp\u003E\u0026nbsp;\u003C\/p\u003E\u003Ch3\u003EIFER sur certains mat\u00e9riels roulants utilis\u00e9s sur les lignes de transport en commun de voyageurs en \u00cele-de-France\u003C\/h3\u003E\u003Ctable class=\u0022MsoTableGrid\u0022\u003E\t\u003Ctbody\u003E\t\t\u003Ctr\u003E\t\t\t\u003Ctd valign=\u0022top\u0022\u003E\t\t\t\u003Cp align=\u0022center\u0022\u003ECat\u00e9gorie de mat\u00e9riels roulants\u003C\/p\u003E\t\t\t\u003Cp align=\u0022center\u0022\u003E\u0026nbsp;\u003C\/p\u003E\t\t\t\u003C\/td\u003E\t\t\t\u003Ctd valign=\u0022top\u0022\u003E\t\t\t\u003Cp align=\u0022center\u0022\u003ETarif\u003C\/p\u003E\t\t\t\u003C\/td\u003E\t\t\u003C\/tr\u003E\t\t\u003Ctr\u003E\t\t\t\u003Ctd valign=\u0022top\u0022\u003E\t\t\t\u003Cp align=\u0022center\u0022\u003EM\u00e9tro\u003C\/p\u003E\t\t\t\u003Cp align=\u0022center\u0022\u003E\u0026nbsp;\u003C\/p\u003E\t\t\t\u003C\/td\u003E\t\t\t\u003Ctd valign=\u0022top\u0022\u003E\t\t\t\u003Cp align=\u0022center\u0022\u003E\u0026nbsp;\u003C\/p\u003E\t\t\t\u003C\/td\u003E\t\t\u003C\/tr\u003E\t\t\u003Ctr\u003E\t\t\t\u003Ctd valign=\u0022top\u0022\u003E\t\t\t\u003Cp\u003EMotrice et remorque\u003C\/p\u003E\t\t\t\u003Cp\u003E\u0026nbsp;\u003C\/p\u003E\t\t\t\u003C\/td\u003E\t\t\t\u003Ctd valign=\u0022top\u0022\u003E\t\t\t\u003Cp\u003E14 907 \u20ac\u003C\/p\u003E\t\t\t\u003Cp\u003E\u0026nbsp;\u003C\/p\u003E\t\t\t\u003C\/td\u003E\t\t\u003C\/tr\u003E\t\t\u003Ctr\u003E\t\t\t\u003Ctd valign=\u0022top\u0022\u003E\t\t\t\u003Cp align=\u0022center\u0022\u003EAutre mat\u00e9riel\u003C\/p\u003E\t\t\t\u003Cp align=\u0022center\u0022\u003E\u0026nbsp;\u003C\/p\u003E\t\t\t\u003C\/td\u003E\t\t\t\u003Ctd valign=\u0022top\u0022\u003E\t\t\t\u003Cp align=\u0022center\u0022\u003E\u0026nbsp;\u003C\/p\u003E\t\t\t\u003C\/td\u003E\t\t\u003C\/tr\u003E\t\t\u003Ctr\u003E\t\t\t\u003Ctd valign=\u0022top\u0022\u003E\t\t\t\u003Cp\u003EAutomotrice et motrice\u003C\/p\u003E\t\t\t\u003Cp\u003E\u0026nbsp;\u003C\/p\u003E\t\t\t\u003C\/td\u003E\t\t\t\u003Ctd valign=\u0022top\u0022\u003E\t\t\t\u003Cp\u003E27 965 \u20ac\u003C\/p\u003E\t\t\t\u003Cp\u003E\u0026nbsp;\u003C\/p\u003E\t\t\t\u003C\/td\u003E\t\t\u003C\/tr\u003E\t\t\u003Ctr\u003E\t\t\t\u003Ctd valign=\u0022top\u0022\u003E\t\t\t\u003Cp\u003ERemorque\u003C\/p\u003E\t\t\t\u003Cp\u003E\u0026nbsp;\u003C\/p\u003E\t\t\t\u003C\/td\u003E\t\t\t\u003Ctd valign=\u0022top\u0022\u003E\t\t\t\u003Cp\u003E5 837 \u20ac\u003C\/p\u003E\t\t\t\u003Cp\u003E\u0026nbsp;\u003C\/p\u003E\t\t\t\u003C\/td\u003E\t\t\u003C\/tr\u003E\t\u003C\/tbody\u003E\u003C\/table\u003E\u003Cp\u003E\u0026nbsp;\u003C\/p\u003E\u003Ch3\u003EIFER sur les r\u00e9partiteurs principaux de la boucle locale cuivre et sur les r\u00e9seaux de communications \u00e9lectroniques en fibre optique et en c\u00e2ble coaxial\u003C\/h3\u003E\u003Cp\u003ELe tarif de l\u2019IFER est fix\u00e9 au 1er janvier 2025 \u00e0 24,21 \u20ac par ligne en service (tarif revaloris\u00e9 et major\u00e9).\u003C\/p\u003E\u003Cp\u003E\u0026nbsp;\u003C\/p\u003E\u003Ch3\u003EIFER sur les installations de production d\u2019\u00e9lectricit\u00e9 d\u2019origine g\u00e9othermique\u003C\/h3\u003E\u003Cp\u003ELe tarif de l\u2019IFER est fix\u00e9 au 1er janvier 2025 \u00e0 26,12 \u20ac par kilowatt de puissance \u00e9lectrique install\u00e9e au 1er janvier de l\u2019ann\u00e9e d\u2019imposition.\u003C\/p\u003E                                            \u003Cp\u003E\u003Cbr \/\u003E\u003Cstrong\u003ESource :\u003C\/strong\u003E\u003Cstrong\u003E\u00a0\u003C\/strong\u003E\u003C\/p\u003E\u003Cul\u003E\t\u003Cli\u003E\u003Ca href=\u0022https:\/\/bofip.impots.gouv.fr\/bofip\/1592-PGP.html\/identifiant=BOI-TFP-IFER-20250129\u0022 rel=\u0022noopener\u0022 target=\u0022_blank\u0022\u003EBOFiP-Imp\u00f4ts-BOI-TFP-IFER\u003C\/a\u003E\u003C\/li\u003E\u003C\/ul\u003E\u003C\/div\u003E","annee":"2025","theme":" Indices, taux, bar\u00e8mes fiscaux","activites":["Industrie","Transport"],"image":"https:\/\/www.weblex.fr\/sites\/default\/files\/chiffres_clef\/Shutterstock_ifer.jpg","created":"2025-01-31","modified":"2025-01-31"},{"url":"\/chiffres-cles\/imposition-forfaitaire-sur-les-pylones-2025","id":25704,"title":"Imposition forfaitaire sur les pyl\u00f4nes \u2013 2025","content":"\u003Cdiv\u003E                                              \u003Cp\u003ELes montants de l\u0027imposition forfaitaire annuelle sur les pyl\u00f4nes sont r\u00e9vis\u00e9s chaque ann\u00e9e proportionnellement \u00e0 la variation du produit de la taxe fonci\u00e8re sur les propri\u00e9t\u00e9s b\u00e2ties constat\u00e9e au niveau national.\u003C\/p\u003E\u003Cp\u003ELe coefficient de cette variation entre 2023 et 2024 est de 1,0523419.\u003C\/p\u003E\u003Cp\u003ELes montants de l\u0027imposition forfaitaire sur les pyl\u00f4nes au titre de 2025 sont donc ceux appliqu\u00e9s au titre de 2024 multipli\u00e9s par ce coefficient.\u003C\/p\u003E\u003Cp\u003EIls sont \u00e9gaux \u00e0 :\u003C\/p\u003E\u003Cul\u003E\t\u003Cli\u003E3 235 \u20ac en ce qui concerne les pyl\u00f4nes supportant des lignes \u00e9lectriques dont la tension est comprise entre 200 et 350 kilovolts ;\u003C\/li\u003E\t\u003Cli\u003E6 461 \u20ac en ce qui concerne les pyl\u00f4nes supportant des lignes \u00e9lectriques dont la tension est sup\u00e9rieure \u00e0 350 kilovolts.\u003C\/li\u003E\u003C\/ul\u003E                                            \u003Cp\u003E\u003Cbr \/\u003E\u003Cstrong\u003ESource :\u003C\/strong\u003E\u003Cstrong\u003E\u00a0\u003C\/strong\u003E\u003C\/p\u003E\u003Cul\u003E\t\u003Cli\u003E\u003Ca href=\u0022https:\/\/bofip.impots.gouv.fr\/bofip\/14500-PGP.html\/ACTU-2024-00247\u0022 rel=\u0022noopener\u0022 target=\u0022_blank\u0022\u003EActualit\u00e9 Bofip-imp\u00f4ts du 18 d\u00e9cembre 2024 (fixation des montants de l\u2019imposition forfaitaire sur les pyl\u00f4nes au titre de 2025)\u003C\/a\u003E\u003C\/li\u003E\u003C\/ul\u003E\u003C\/div\u003E","annee":"2025","theme":" Indices, taux, bar\u00e8mes fiscaux","activites":["Industrie"],"image":"https:\/\/www.weblex.fr\/sites\/default\/files\/chiffres_clef\/Shutterstock_taxesurlespylones.jpg","created":"2025-01-24","modified":"2025-01-24"},{"url":"\/chiffres-cles\/bareme-de-la-taxe-generale-sur-les-activites-polluantes-2025","id":25706,"title":"Bar\u00e8me de la taxe g\u00e9n\u00e9rale sur les activit\u00e9s polluantes \u2013 2025","content":"\u003Cdiv\u003E                                              \u003Ch2\u003EBar\u00e8me de la composante de la TGAP portant sur les \u00e9missions polluantes\u003C\/h2\u003E\u003Cp class=\u0022MsoNormal\u0022\u003EBar\u00e8me en euros par unit\u00e9 de perception de la composante de la TGAP portant sur les \u00e9missions polluantes\u003C\/p\u003E\u003Cdiv align=\u0022center\u0022\u003E\u003Ctable border=\u00221\u0022 cellpadding=\u00220\u0022 cellspacing=\u00220\u0022 class=\u0022MsoNormalTable\u0022 width=\u002279%\u0022\u003E\t\u003Ctbody\u003E\t\t\u003Ctr\u003E\t\t\t\u003Ctd width=\u002225%\u0022\u003E\t\t\t\u003Cp class=\u0022MsoNormal\u0022\u003ESubstances taxables \u00e9mises dans l\u0027atmosph\u00e8re\u003C\/p\u003E\t\t\t\u003C\/td\u003E\t\t\t\u003Ctd width=\u002224%\u0022\u003E\t\t\t\u003Cp class=\u0022MsoNormal\u0022\u003EUnit\u00e9 de perception\u003C\/p\u003E\t\t\t\u003C\/td\u003E\t\t\t\u003Ctd valign=\u0022top\u0022 width=\u002224%\u0022\u003E\t\t\t\u003Cp class=\u0022MsoNormal\u0022\u003E\u0026nbsp;\u003C\/p\u003E\t\t\t\u003Cp class=\u0022MsoNormal\u0022\u003ETarif 2024\u003C\/p\u003E\t\t\t\u003C\/td\u003E\t\t\t\u003Ctd valign=\u0022top\u0022 width=\u002224%\u0022\u003E\t\t\t\u003Cp class=\u0022MsoNormal\u0022\u003E\u0026nbsp;\u003C\/p\u003E\t\t\t\u003Cp class=\u0022MsoNormal\u0022\u003ETarif 2025\u003C\/p\u003E\t\t\t\u003C\/td\u003E\t\t\u003C\/tr\u003E\t\t\u003Ctr\u003E\t\t\t\u003Ctd width=\u002225%\u0022\u003E\t\t\t\u003Cp class=\u0022MsoNormal\u0022\u003EOxydes de soufre et autres compos\u00e9s soufr\u00e9s\u003C\/p\u003E\t\t\t\u003C\/td\u003E\t\t\t\u003Ctd width=\u002224%\u0022\u003E\t\t\t\u003Cp class=\u0022MsoNormal\u0022\u003ETonne\u003C\/p\u003E\t\t\t\u003C\/td\u003E\t\t\t\u003Ctd valign=\u0022top\u0022 width=\u002224%\u0022\u003E\t\t\t\u003Cp class=\u0022MsoNormal\u0022\u003E\u0026nbsp;\u003C\/p\u003E\t\t\t\u003Cp class=\u0022MsoNormal\u0022\u003E155,84\u003C\/p\u003E\t\t\t\u003C\/td\u003E\t\t\t\u003Ctd valign=\u0022top\u0022 width=\u002224%\u0022\u003E\t\t\t\u003Cp class=\u0022MsoNormal\u0022\u003E\u0026nbsp;\u003C\/p\u003E\t\t\t\u003Cp class=\u0022MsoNormal\u0022\u003E163,32\u003C\/p\u003E\t\t\t\u003C\/td\u003E\t\t\u003C\/tr\u003E\t\t\u003Ctr\u003E\t\t\t\u003Ctd width=\u002225%\u0022\u003E\t\t\t\u003Cp class=\u0022MsoNormal\u0022\u003EAcide chlorhydrique\u003C\/p\u003E\t\t\t\u003C\/td\u003E\t\t\t\u003Ctd width=\u002224%\u0022\u003E\t\t\t\u003Cp class=\u0022MsoNormal\u0022\u003ETonne\u003C\/p\u003E\t\t\t\u003C\/td\u003E\t\t\t\u003Ctd valign=\u0022top\u0022 width=\u002224%\u0022\u003E\t\t\t\u003Cp class=\u0022MsoNormal\u0022\u003E53,04\u003C\/p\u003E\t\t\t\u003C\/td\u003E\t\t\t\u003Ctd valign=\u0022top\u0022 width=\u002224%\u0022\u003E\t\t\t\u003Cp class=\u0022MsoNormal\u0022\u003E55,59\u003C\/p\u003E\t\t\t\u003C\/td\u003E\t\t\u003C\/tr\u003E\t\t\u003Ctr\u003E\t\t\t\u003Ctd width=\u002225%\u0022\u003E\t\t\t\u003Cp class=\u0022MsoNormal\u0022\u003EProtoxyde d\u0027azote\u003C\/p\u003E\t\t\t\u003C\/td\u003E\t\t\t\u003Ctd width=\u002224%\u0022\u003E\t\t\t\u003Cp class=\u0022MsoNormal\u0022\u003ETonne\u003C\/p\u003E\t\t\t\u003C\/td\u003E\t\t\t\u003Ctd valign=\u0022top\u0022 width=\u002224%\u0022\u003E\t\t\t\u003Cp class=\u0022MsoNormal\u0022\u003E79,59\u003C\/p\u003E\t\t\t\u003C\/td\u003E\t\t\t\u003Ctd valign=\u0022top\u0022 width=\u002224%\u0022\u003E\t\t\t\u003Cp class=\u0022MsoNormal\u0022\u003E83,41\u003C\/p\u003E\t\t\t\u003C\/td\u003E\t\t\u003C\/tr\u003E\t\t\u003Ctr\u003E\t\t\t\u003Ctd width=\u002225%\u0022\u003E\t\t\t\u003Cp class=\u0022MsoNormal\u0022\u003EOxyde d\u0027azote et autres compos\u00e9s oxyg\u00e9n\u00e9s de l\u0027azote \u00e0 l\u0027exception du protoxyde d\u0027azote\u003C\/p\u003E\t\t\t\u003C\/td\u003E\t\t\t\u003Ctd width=\u002224%\u0022\u003E\t\t\t\u003Cp class=\u0022MsoNormal\u0022\u003ETonne\u003C\/p\u003E\t\t\t\u003C\/td\u003E\t\t\t\u003Ctd valign=\u0022top\u0022 width=\u002224%\u0022\u003E\t\t\t\u003Cp class=\u0022MsoNormal\u0022\u003E\u0026nbsp;\u003C\/p\u003E\t\t\t\u003Cp class=\u0022MsoNormal\u0022\u003E\u0026nbsp;\u003C\/p\u003E\t\t\t\u003Cp class=\u0022MsoNormal\u0022\u003E188,11\u003C\/p\u003E\t\t\t\u003C\/td\u003E\t\t\t\u003Ctd valign=\u0022top\u0022 width=\u002224%\u0022\u003E\t\t\t\u003Cp class=\u0022MsoNormal\u0022\u003E\u0026nbsp;\u003C\/p\u003E\t\t\t\u003Cp class=\u0022MsoNormal\u0022\u003E\u0026nbsp;\u003C\/p\u003E\t\t\t\u003Cp class=\u0022MsoNormal\u0022\u003E197,14\u003C\/p\u003E\t\t\t\u003C\/td\u003E\t\t\u003C\/tr\u003E\t\t\u003Ctr\u003E\t\t\t\u003Ctd width=\u002225%\u0022\u003E\t\t\t\u003Cp class=\u0022MsoNormal\u0022\u003EHydrocarbures non m\u00e9thaniques, solvants et autres compos\u00e9s organiques volatils\u003C\/p\u003E\t\t\t\u003C\/td\u003E\t\t\t\u003Ctd width=\u002224%\u0022\u003E\t\t\t\u003Cp class=\u0022MsoNormal\u0022\u003ETonne\u003C\/p\u003E\t\t\t\u003C\/td\u003E\t\t\t\u003Ctd valign=\u0022top\u0022 width=\u002224%\u0022\u003E\t\t\t\u003Cp class=\u0022MsoNormal\u0022\u003E\u0026nbsp;\u003C\/p\u003E\t\t\t\u003Cp class=\u0022MsoNormal\u0022\u003E\u0026nbsp;\u003C\/p\u003E\t\t\t\u003Cp class=\u0022MsoNormal\u0022\u003E155,84\u003C\/p\u003E\t\t\t\u003C\/td\u003E\t\t\t\u003Ctd valign=\u0022top\u0022 width=\u002224%\u0022\u003E\t\t\t\u003Cp class=\u0022MsoNormal\u0022\u003E\u0026nbsp;\u003C\/p\u003E\t\t\t\u003Cp class=\u0022MsoNormal\u0022\u003E\u0026nbsp;\u003C\/p\u003E\t\t\t\u003Cp class=\u0022MsoNormal\u0022\u003E163,32\u003C\/p\u003E\t\t\t\u003C\/td\u003E\t\t\u003C\/tr\u003E\t\t\u003Ctr\u003E\t\t\t\u003Ctd width=\u002225%\u0022\u003E\t\t\t\u003Cp class=\u0022MsoNormal\u0022\u003EPoussi\u00e8res totales en suspension\u003C\/p\u003E\t\t\t\u003C\/td\u003E\t\t\t\u003Ctd width=\u002224%\u0022\u003E\t\t\t\u003Cp class=\u0022MsoNormal\u0022\u003ETonne\u003C\/p\u003E\t\t\t\u003C\/td\u003E\t\t\t\u003Ctd valign=\u0022top\u0022 width=\u002224%\u0022\u003E\t\t\t\u003Cp class=\u0022MsoNormal\u0022\u003E297,76\u003C\/p\u003E\t\t\t\u003C\/td\u003E\t\t\t\u003Ctd valign=\u0022top\u0022 width=\u002224%\u0022\u003E\t\t\t\u003Cp class=\u0022MsoNormal\u0022\u003E312,05\u003C\/p\u003E\t\t\t\u003C\/td\u003E\t\t\u003C\/tr\u003E\t\t\u003Ctr\u003E\t\t\t\u003Ctd width=\u002225%\u0022\u003E\t\t\t\u003Cp class=\u0022MsoNormal\u0022\u003EArsenic\u003C\/p\u003E\t\t\t\u003C\/td\u003E\t\t\t\u003Ctd width=\u002224%\u0022\u003E\t\t\t\u003Cp class=\u0022MsoNormal\u0022\u003EKilogramme\u003C\/p\u003E\t\t\t\u003C\/td\u003E\t\t\t\u003Ctd valign=\u0022top\u0022 width=\u002224%\u0022\u003E\t\t\t\u003Cp class=\u0022MsoNormal\u0022\u003E572,90\u003C\/p\u003E\t\t\t\u003C\/td\u003E\t\t\t\u003Ctd valign=\u0022top\u0022 width=\u002224%\u0022\u003E\t\t\t\u003Cp class=\u0022MsoNormal\u0022\u003E600,4\u003C\/p\u003E\t\t\t\u003C\/td\u003E\t\t\u003C\/tr\u003E\t\t\u003Ctr\u003E\t\t\t\u003Ctd width=\u002225%\u0022\u003E\t\t\t\u003Cp class=\u0022MsoNormal\u0022\u003ES\u00e9l\u00e9nium\u003C\/p\u003E\t\t\t\u003C\/td\u003E\t\t\t\u003Ctd width=\u002224%\u0022\u003E\t\t\t\u003Cp class=\u0022MsoNormal\u0022\u003EKilogramme\u003C\/p\u003E\t\t\t\u003C\/td\u003E\t\t\t\u003Ctd valign=\u0022top\u0022 width=\u002224%\u0022\u003E\t\t\t\u003Cp class=\u0022MsoNormal\u0022\u003E572,90\u003C\/p\u003E\t\t\t\u003C\/td\u003E\t\t\t\u003Ctd valign=\u0022top\u0022 width=\u002224%\u0022\u003E\t\t\t\u003Cp class=\u0022MsoNormal\u0022\u003E600,4\u003C\/p\u003E\t\t\t\u003C\/td\u003E\t\t\u003C\/tr\u003E\t\t\u003Ctr\u003E\t\t\t\u003Ctd width=\u002225%\u0022\u003E\t\t\t\u003Cp class=\u0022MsoNormal\u0022\u003EMercure\u003C\/p\u003E\t\t\t\u003C\/td\u003E\t\t\t\u003Ctd width=\u002224%\u0022\u003E\t\t\t\u003Cp class=\u0022MsoNormal\u0022\u003EKilogramme\u003C\/p\u003E\t\t\t\u003C\/td\u003E\t\t\t\u003Ctd valign=\u0022top\u0022 width=\u002224%\u0022\u003E\t\t\t\u003Cp class=\u0022MsoNormal\u0022\u003E1145,77\u003C\/p\u003E\t\t\t\u003C\/td\u003E\t\t\t\u003Ctd valign=\u0022top\u0022 width=\u002224%\u0022\u003E\t\t\t\u003Cp class=\u0022MsoNormal\u0022\u003E1200,77\u003C\/p\u003E\t\t\t\u003C\/td\u003E\t\t\u003C\/tr\u003E\t\t\u003Ctr\u003E\t\t\t\u003Ctd width=\u002225%\u0022\u003E\t\t\t\u003Cp class=\u0022MsoNormal\u0022\u003EBenz\u00e8ne\u003C\/p\u003E\t\t\t\u003C\/td\u003E\t\t\t\u003Ctd width=\u002224%\u0022\u003E\t\t\t\u003Cp class=\u0022MsoNormal\u0022\u003EKilogramme\u003C\/p\u003E\t\t\t\u003C\/td\u003E\t\t\t\u003Ctd valign=\u0022top\u0022 width=\u002224%\u0022\u003E\t\t\t\u003Cp class=\u0022MsoNormal\u0022\u003E5,74\u003C\/p\u003E\t\t\t\u003C\/td\u003E\t\t\t\u003Ctd valign=\u0022top\u0022 width=\u002224%\u0022\u003E\t\t\t\u003Cp class=\u0022MsoNormal\u0022\u003E6,02\u003C\/p\u003E\t\t\t\u003C\/td\u003E\t\t\u003C\/tr\u003E\t\t\u003Ctr\u003E\t\t\t\u003Ctd width=\u002225%\u0022\u003E\t\t\t\u003Cp class=\u0022MsoNormal\u0022\u003EHydrocarbures aromatiques polycycliques\u003C\/p\u003E\t\t\t\u003C\/td\u003E\t\t\t\u003Ctd width=\u002224%\u0022\u003E\t\t\t\u003Cp class=\u0022MsoNormal\u0022\u003EKilogramme\u003C\/p\u003E\t\t\t\u003C\/td\u003E\t\t\t\u003Ctd valign=\u0022top\u0022 width=\u002224%\u0022\u003E\t\t\t\u003Cp class=\u0022MsoNormal\u0022\u003E57,30\u003C\/p\u003E\t\t\t\u003C\/td\u003E\t\t\t\u003Ctd valign=\u0022top\u0022 width=\u002224%\u0022\u003E\t\t\t\u003Cp class=\u0022MsoNormal\u0022\u003E60,05\u003C\/p\u003E\t\t\t\u003C\/td\u003E\t\t\u003C\/tr\u003E\t\t\u003Ctr\u003E\t\t\t\u003Ctd width=\u002225%\u0022\u003E\t\t\t\u003Cp class=\u0022MsoNormal\u0022\u003EPlomb\u003C\/p\u003E\t\t\t\u003C\/td\u003E\t\t\t\u003Ctd width=\u002224%\u0022\u003E\t\t\t\u003Cp class=\u0022MsoNormal\u0022\u003EKilogramme\u003C\/p\u003E\t\t\t\u003C\/td\u003E\t\t\t\u003Ctd valign=\u0022top\u0022 width=\u002224%\u0022\u003E\t\t\t\u003Cp class=\u0022MsoNormal\u0022\u003E11,24\u003C\/p\u003E\t\t\t\u003C\/td\u003E\t\t\t\u003Ctd valign=\u0022top\u0022 width=\u002224%\u0022\u003E\t\t\t\u003Cp class=\u0022MsoNormal\u0022\u003E11,78\u003C\/p\u003E\t\t\t\u003C\/td\u003E\t\t\u003C\/tr\u003E\t\t\u003Ctr\u003E\t\t\t\u003Ctd width=\u002225%\u0022\u003E\t\t\t\u003Cp class=\u0022MsoNormal\u0022\u003EZinc\u003C\/p\u003E\t\t\t\u003C\/td\u003E\t\t\t\u003Ctd width=\u002224%\u0022\u003E\t\t\t\u003Cp class=\u0022MsoNormal\u0022\u003EKilogramme\u003C\/p\u003E\t\t\t\u003C\/td\u003E\t\t\t\u003Ctd valign=\u0022top\u0022 width=\u002224%\u0022\u003E\t\t\t\u003Cp class=\u0022MsoNormal\u0022\u003E5,62\u003C\/p\u003E\t\t\t\u003C\/td\u003E\t\t\t\u003Ctd valign=\u0022top\u0022 width=\u002224%\u0022\u003E\t\t\t\u003Cp class=\u0022MsoNormal\u0022\u003E5,89\u003C\/p\u003E\t\t\t\u003C\/td\u003E\t\t\u003C\/tr\u003E\t\t\u003Ctr\u003E\t\t\t\u003Ctd width=\u002225%\u0022\u003E\t\t\t\u003Cp class=\u0022MsoNormal\u0022\u003EChrome\u003C\/p\u003E\t\t\t\u003C\/td\u003E\t\t\t\u003Ctd width=\u002224%\u0022\u003E\t\t\t\u003Cp class=\u0022MsoNormal\u0022\u003EKilogramme\u003C\/p\u003E\t\t\t\u003C\/td\u003E\t\t\t\u003Ctd valign=\u0022top\u0022 width=\u002224%\u0022\u003E\t\t\t\u003Cp class=\u0022MsoNormal\u0022\u003E22,49\u003C\/p\u003E\t\t\t\u003C\/td\u003E\t\t\t\u003Ctd valign=\u0022top\u0022 width=\u002224%\u0022\u003E\t\t\t\u003Cp class=\u0022MsoNormal\u0022\u003E23,57\u003C\/p\u003E\t\t\t\u003C\/td\u003E\t\t\u003C\/tr\u003E\t\t\u003Ctr\u003E\t\t\t\u003Ctd width=\u002225%\u0022\u003E\t\t\t\u003Cp class=\u0022MsoNormal\u0022\u003ECuivre\u003C\/p\u003E\t\t\t\u003C\/td\u003E\t\t\t\u003Ctd width=\u002224%\u0022\u003E\t\t\t\u003Cp class=\u0022MsoNormal\u0022\u003EKilogramme\u003C\/p\u003E\t\t\t\u003C\/td\u003E\t\t\t\u003Ctd valign=\u0022top\u0022 width=\u002224%\u0022\u003E\t\t\t\u003Cp class=\u0022MsoNormal\u0022\u003E5,62\u003C\/p\u003E\t\t\t\u003C\/td\u003E\t\t\t\u003Ctd valign=\u0022top\u0022 width=\u002224%\u0022\u003E\t\t\t\u003Cp class=\u0022MsoNormal\u0022\u003E5,89\u003C\/p\u003E\t\t\t\u003C\/td\u003E\t\t\u003C\/tr\u003E\t\t\u003Ctr\u003E\t\t\t\u003Ctd width=\u002225%\u0022\u003E\t\t\t\u003Cp class=\u0022MsoNormal\u0022\u003ENickel\u003C\/p\u003E\t\t\t\u003C\/td\u003E\t\t\t\u003Ctd width=\u002224%\u0022\u003E\t\t\t\u003Cp class=\u0022MsoNormal\u0022\u003EKilogramme\u003C\/p\u003E\t\t\t\u003C\/td\u003E\t\t\t\u003Ctd valign=\u0022top\u0022 width=\u002224%\u0022\u003E\t\t\t\u003Cp class=\u0022MsoNormal\u0022\u003E112,44\u003C\/p\u003E\t\t\t\u003C\/td\u003E\t\t\t\u003Ctd valign=\u0022top\u0022 width=\u002224%\u0022\u003E\t\t\t\u003Cp class=\u0022MsoNormal\u0022\u003E117,84\u003C\/p\u003E\t\t\t\u003C\/td\u003E\t\t\u003C\/tr\u003E\t\t\u003Ctr\u003E\t\t\t\u003Ctd width=\u002225%\u0022\u003E\t\t\t\u003Cp class=\u0022MsoNormal\u0022\u003ECadmium\u003C\/p\u003E\t\t\t\u003C\/td\u003E\t\t\t\u003Ctd width=\u002224%\u0022\u003E\t\t\t\u003Cp class=\u0022MsoNormal\u0022\u003EKilogramme\u003C\/p\u003E\t\t\t\u003C\/td\u003E\t\t\t\u003Ctd valign=\u0022top\u0022 width=\u002224%\u0022\u003E\t\t\t\u003Cp class=\u0022MsoNormal\u0022\u003E562,22\u003C\/p\u003E\t\t\t\u003C\/td\u003E\t\t\t\u003Ctd valign=\u0022top\u0022 width=\u002224%\u0022\u003E\t\t\t\u003Cp class=\u0022MsoNormal\u0022\u003E589,21\u003C\/p\u003E\t\t\t\u003C\/td\u003E\t\t\u003C\/tr\u003E\t\t\u003Ctr\u003E\t\t\t\u003Ctd width=\u002225%\u0022\u003E\t\t\t\u003Cp class=\u0022MsoNormal\u0022\u003EVandadium\u003C\/p\u003E\t\t\t\u003C\/td\u003E\t\t\t\u003Ctd width=\u002224%\u0022\u003E\t\t\t\u003Cp class=\u0022MsoNormal\u0022\u003EKilogramme\u003C\/p\u003E\t\t\t\u003C\/td\u003E\t\t\t\u003Ctd valign=\u0022top\u0022 width=\u002224%\u0022\u003E\t\t\t\u003Cp class=\u0022MsoNormal\u0022\u003E5,62\u003C\/p\u003E\t\t\t\u003C\/td\u003E\t\t\t\u003Ctd valign=\u0022top\u0022 width=\u002224%\u0022\u003E\t\t\t\u003Cp class=\u0022MsoNormal\u0022\u003E5,89\u003C\/p\u003E\t\t\t\u003C\/td\u003E\t\t\u003C\/tr\u003E\t\u003C\/tbody\u003E\u003C\/table\u003E\u003C\/div\u003E\u003Cp class=\u0022MsoNormal\u0022\u003E\u0026nbsp;\u003C\/p\u003E\u003Ch2 class=\u0022MsoNormal\u0022\u003EBar\u00e8me de la composante de la TGAP portant sur les lessives\u003C\/h2\u003E\u003Cp class=\u0022MsoNormal\u0022\u003EBar\u00e8me en euros par unit\u00e9 de perception de la composante de la TGAP portant sur les lessives\u003C\/p\u003E\u003Cdiv align=\u0022center\u0022\u003E\u003Ctable border=\u00221\u0022 cellpadding=\u00220\u0022 cellspacing=\u00220\u0022 class=\u0022MsoNormalTable\u0022 width=\u002279%\u0022\u003E\t\u003Ctbody\u003E\t\t\u003Ctr\u003E\t\t\t\u003Ctd width=\u002225%\u0022\u003E\t\t\t\u003Cp class=\u0022MsoNormal\u0022\u003EPr\u00e9parations pour lessives, y compris les pr\u00e9parations auxiliaires de lavage et produits adoucissants et assouplissants pour le linge\u003C\/p\u003E\t\t\t\u003C\/td\u003E\t\t\t\u003Ctd width=\u002224%\u0022\u003E\t\t\t\u003Cp class=\u0022MsoNormal\u0022\u003EUnit\u00e9 de perception\u003C\/p\u003E\t\t\t\u003C\/td\u003E\t\t\t\u003Ctd valign=\u0022top\u0022 width=\u002224%\u0022\u003E\t\t\t\u003Cp align=\u0022center\u0022 class=\u0022MsoNormal\u0022\u003E\u0026nbsp;\u003C\/p\u003E\t\t\t\u003Cp align=\u0022center\u0022 class=\u0022MsoNormal\u0022\u003E\u0026nbsp;\u003C\/p\u003E\t\t\t\u003Cp align=\u0022center\u0022 class=\u0022MsoNormal\u0022\u003E\u0026nbsp;\u003C\/p\u003E\t\t\t\u003Cp class=\u0022MsoNormal\u0022\u003ETarif 2024\u003C\/p\u003E\t\t\t\u003C\/td\u003E\t\t\t\u003Ctd valign=\u0022top\u0022 width=\u002224%\u0022\u003E\t\t\t\u003Cp align=\u0022center\u0022 class=\u0022MsoNormal\u0022\u003E\u0026nbsp;\u003C\/p\u003E\t\t\t\u003Cp align=\u0022center\u0022 class=\u0022MsoNormal\u0022\u003E\u0026nbsp;\u003C\/p\u003E\t\t\t\u003Cp align=\u0022center\u0022 class=\u0022MsoNormal\u0022\u003E\u0026nbsp;\u003C\/p\u003E\t\t\t\u003Cp align=\u0022center\u0022 class=\u0022MsoNormal\u0022\u003ETarif 2025\u003C\/p\u003E\t\t\t\u003C\/td\u003E\t\t\u003C\/tr\u003E\t\t\u003Ctr\u003E\t\t\t\u003Ctd width=\u002225%\u0022\u003E\t\t\t\u003Cp class=\u0022MsoNormal\u0022\u003EDont la teneur en phosphates est inf\u00e9rieure \u00e0 5 % du poids\u003C\/p\u003E\t\t\t\u003C\/td\u003E\t\t\t\u003Ctd width=\u002224%\u0022\u003E\t\t\t\u003Cp class=\u0022MsoNormal\u0022\u003ETonne\u003C\/p\u003E\t\t\t\u003C\/td\u003E\t\t\t\u003Ctd valign=\u0022top\u0022 width=\u002224%\u0022\u003E\t\t\t\u003Cp class=\u0022MsoNormal\u0022\u003E\u0026nbsp;\u003C\/p\u003E\t\t\t\u003Cp class=\u0022MsoNormal\u0022\u003E48,46\u003C\/p\u003E\t\t\t\u003C\/td\u003E\t\t\t\u003Ctd valign=\u0022top\u0022 width=\u002224%\u0022\u003E\t\t\t\u003Cp class=\u0022MsoNormal\u0022\u003E\u0026nbsp;\u003C\/p\u003E\t\t\t\u003Cp class=\u0022MsoNormal\u0022\u003E50,79\u003C\/p\u003E\t\t\t\u003C\/td\u003E\t\t\u003C\/tr\u003E\t\t\u003Ctr\u003E\t\t\t\u003Ctd width=\u002225%\u0022\u003E\t\t\t\u003Cp class=\u0022MsoNormal\u0022\u003EDont la teneur en phosphates est comprise entre 5 et 30 % du poids\u003C\/p\u003E\t\t\t\u003C\/td\u003E\t\t\t\u003Ctd width=\u002224%\u0022\u003E\t\t\t\u003Cp class=\u0022MsoNormal\u0022\u003ETonne\u003C\/p\u003E\t\t\t\u003C\/td\u003E\t\t\t\u003Ctd valign=\u0022top\u0022 width=\u002224%\u0022\u003E\t\t\t\u003Cp class=\u0022MsoNormal\u0022\u003E208,79\u003C\/p\u003E\t\t\t\u003C\/td\u003E\t\t\t\u003Ctd valign=\u0022top\u0022 width=\u002224%\u0022\u003E\t\t\t\u003Cp class=\u0022MsoNormal\u0022\u003E218,81\u003C\/p\u003E\t\t\t\u003C\/td\u003E\t\t\u003C\/tr\u003E\t\t\u003Ctr\u003E\t\t\t\u003Ctd width=\u002225%\u0022\u003E\t\t\t\u003Cp class=\u0022MsoNormal\u0022\u003EDont la teneur en phosphates est sup\u00e9rieure \u00e0 30 % du poids\u003C\/p\u003E\t\t\t\u003C\/td\u003E\t\t\t\u003Ctd width=\u002224%\u0022\u003E\t\t\t\u003Cp class=\u0022MsoNormal\u0022\u003ETonne\u003C\/p\u003E\t\t\t\u003C\/td\u003E\t\t\t\u003Ctd valign=\u0022top\u0022 width=\u002224%\u0022\u003E\t\t\t\u003Cp class=\u0022MsoNormal\u0022\u003E\u0026nbsp;\u003C\/p\u003E\t\t\t\u003Cp class=\u0022MsoNormal\u0022\u003E348\u003C\/p\u003E\t\t\t\u003C\/td\u003E\t\t\t\u003Ctd valign=\u0022top\u0022 width=\u002224%\u0022\u003E\t\t\t\u003Cp class=\u0022MsoNormal\u0022\u003E\u0026nbsp;\u003C\/p\u003E\t\t\t\u003Cp class=\u0022MsoNormal\u0022\u003E364,70\u003C\/p\u003E\t\t\t\u003C\/td\u003E\t\t\u003C\/tr\u003E\t\u003C\/tbody\u003E\u003C\/table\u003E\u003C\/div\u003E\u003Cp class=\u0022MsoNormal\u0022\u003E\u0026nbsp;\u003C\/p\u003E\u003Cp class=\u0022MsoNormal\u0022\u003E\u0026nbsp;\u003C\/p\u003E\u003Ch2\u003EBar\u00e8me de la composante de la TGAP portant sur les mat\u00e9riaux d\u0027extraction\u003C\/h2\u003E\u003Cp class=\u0022MsoNormal\u0022\u003EBar\u00e8me en euros par unit\u00e9 de perception de la composante de la TGAP portant sur les mat\u00e9riaux d\u0027extraction\u003C\/p\u003E\u003Cdiv align=\u0022center\u0022\u003E\u003Ctable border=\u00221\u0022 cellpadding=\u00220\u0022 cellspacing=\u00220\u0022 class=\u0022MsoNormalTable\u0022 width=\u002279%\u0022\u003E\t\u003Ctbody\u003E\t\t\u003Ctr\u003E\t\t\t\u003Ctd width=\u002225%\u0022\u003E\t\t\t\u003Cp class=\u0022MsoNormal\u0022\u003ESubstances taxables\u003C\/p\u003E\t\t\t\u003C\/td\u003E\t\t\t\u003Ctd width=\u002224%\u0022\u003E\t\t\t\u003Cp class=\u0022MsoNormal\u0022\u003EUnit\u00e9 de perception\u003C\/p\u003E\t\t\t\u003C\/td\u003E\t\t\t\u003Ctd valign=\u0022top\u0022 width=\u002224%\u0022\u003E\t\t\t\u003Cp class=\u0022MsoNormal\u0022\u003ETarif 2024\u003C\/p\u003E\t\t\t\u003C\/td\u003E\t\t\t\u003Ctd valign=\u0022top\u0022 width=\u002224%\u0022\u003E\t\t\t\u003Cp class=\u0022MsoNormal\u0022\u003ETarif 2025\u003C\/p\u003E\t\t\t\u003C\/td\u003E\t\t\u003C\/tr\u003E\t\t\u003Ctr\u003E\t\t\t\u003Ctd width=\u002225%\u0022\u003E\t\t\t\u003Cp class=\u0022MsoNormal\u0022\u003EMat\u00e9riaux d\u0027extraction\u003C\/p\u003E\t\t\t\u003C\/td\u003E\t\t\t\u003Ctd width=\u002224%\u0022\u003E\t\t\t\u003Cp class=\u0022MsoNormal\u0022\u003ETonne\u003C\/p\u003E\t\t\t\u003C\/td\u003E\t\t\t\u003Ctd valign=\u0022top\u0022 width=\u002224%\u0022\u003E\t\t\t\u003Cp class=\u0022MsoNormal\u0022\u003E0,22\u003C\/p\u003E\t\t\t\u003C\/td\u003E\t\t\t\u003Ctd valign=\u0022top\u0022 width=\u002224%\u0022\u003E\t\t\t\u003Cp class=\u0022MsoNormal\u0022\u003E0,23\u003C\/p\u003E\t\t\t\u003C\/td\u003E\t\t\u003C\/tr\u003E\t\u003C\/tbody\u003E\u003C\/table\u003E\u003C\/div\u003E\u003Cp class=\u0022MsoNormal\u0022\u003E\u0026nbsp;\u003C\/p\u003E\u003Cp class=\u0022MsoNormal\u0022\u003E\u0026nbsp;\u003C\/p\u003E\u003Ch2\u003EBar\u00e8me de la composante de la TGAP portant sur les d\u00e9chets\u003C\/h2\u003E\u003Cp class=\u0022MsoNormal\u0022\u003EBar\u00e8me en euros par unit\u00e9 de perception de la composante de la TGAP relative au stockage des d\u00e9chets non dangereux\u003C\/p\u003E\u003Cp class=\u0022MsoNormal\u0022\u003E\u0026nbsp;\u003C\/p\u003E\u003Cdiv align=\u0022center\u0022\u003E\u003Ctable border=\u00221\u0022 cellpadding=\u00220\u0022 cellspacing=\u00220\u0022 class=\u0022MsoNormalTable\u0022 width=\u002280%\u0022\u003E\t\u003Ctbody\u003E\t\t\u003Ctr\u003E\t\t\t\u003Ctd width=\u002225%\u0022\u003E\t\t\t\u003Cp class=\u0022MsoNormal\u0022\u003EInstallations de stockage de d\u00e9chets non dangereux\u003C\/p\u003E\t\t\t\u003C\/td\u003E\t\t\t\u003Ctd width=\u002224%\u0022\u003E\t\t\t\u003Cp class=\u0022MsoNormal\u0022\u003EUnit\u00e9 de perception\u003C\/p\u003E\t\t\t\u003C\/td\u003E\t\t\t\u003Ctd valign=\u0022top\u0022 width=\u002224%\u0022\u003E\t\t\t\u003Cp class=\u0022MsoNormal\u0022\u003ETarif 2024\u003C\/p\u003E\t\t\t\u003C\/td\u003E\t\t\t\u003Ctd valign=\u0022top\u0022 width=\u002224%\u0022\u003E\t\t\t\u003Cp class=\u0022MsoNormal\u0022\u003ETarif 2025\u003C\/p\u003E\t\t\t\u003C\/td\u003E\t\t\u003C\/tr\u003E\t\t\u003Ctr\u003E\t\t\t\u003Ctd width=\u002225%\u0022\u003E\t\t\t\u003Cp class=\u0022MsoNormal\u0022\u003EInstallations autoris\u00e9es r\u00e9alisant une valorisation \u00e9nerg\u00e9tique de plus de 75 % du biogaz capt\u00e9 (B)\u003C\/p\u003E\t\t\t\u003C\/td\u003E\t\t\t\u003Ctd width=\u002224%\u0022\u003E\t\t\t\u003Cp class=\u0022MsoNormal\u0022\u003ETonne\u003C\/p\u003E\t\t\t\u003C\/td\u003E\t\t\t\u003Ctd valign=\u0022top\u0022 width=\u002224%\u0022\u003E\t\t\t\u003Cp class=\u0022MsoNormal\u0022\u003E\u0026nbsp;\u003C\/p\u003E\t\t\t\u003Cp class=\u0022MsoNormal\u0022\u003E59\u003C\/p\u003E\t\t\t\u003C\/td\u003E\t\t\t\u003Ctd valign=\u0022top\u0022 width=\u002224%\u0022\u003E\t\t\t\u003Cp class=\u0022MsoNormal\u0022\u003E\u0026nbsp;\u003C\/p\u003E\t\t\t\u003Cp class=\u0022MsoNormal\u0022\u003E65\u003C\/p\u003E\t\t\t\u003C\/td\u003E\t\t\u003C\/tr\u003E\t\t\u003Ctr\u003E\t\t\t\u003Ctd width=\u002225%\u0022\u003E\t\t\t\u003Cp class=\u0022MsoNormal\u0022\u003EInstallations autoris\u00e9es qui sont exploit\u00e9es selon la m\u00e9thode du bior\u00e9acteur et r\u00e9alisent une valorisation \u00e9nerg\u00e9tique du biogaz capt\u00e9 (C)\u003C\/p\u003E\t\t\t\u003C\/td\u003E\t\t\t\u003Ctd width=\u002224%\u0022\u003E\t\t\t\u003Cp class=\u0022MsoNormal\u0022\u003ETonne\u003C\/p\u003E\t\t\t\u003C\/td\u003E\t\t\t\u003Ctd valign=\u0022top\u0022 width=\u002224%\u0022\u003E\t\t\t\u003Cp class=\u0022MsoNormal\u0022\u003E\u0026nbsp;\u003C\/p\u003E\t\t\t\u003Cp class=\u0022MsoNormal\u0022\u003E61\u003C\/p\u003E\t\t\t\u003C\/td\u003E\t\t\t\u003Ctd valign=\u0022top\u0022 width=\u002224%\u0022\u003E\t\t\t\u003Cp class=\u0022MsoNormal\u0022\u003E\u0026nbsp;\u003C\/p\u003E\t\t\t\u003Cp class=\u0022MsoNormal\u0022\u003E65\u003C\/p\u003E\t\t\t\u003C\/td\u003E\t\t\u003C\/tr\u003E\t\t\u003Ctr\u003E\t\t\t\u003Ctd width=\u002225%\u0022\u003E\t\t\t\u003Cp class=\u0022MsoNormal\u0022\u003EInstallations autoris\u00e9es relevant \u00e0 la fois des B et C\u003C\/p\u003E\t\t\t\u003C\/td\u003E\t\t\t\u003Ctd width=\u002224%\u0022\u003E\t\t\t\u003Cp class=\u0022MsoNormal\u0022\u003ETonne\u003C\/p\u003E\t\t\t\u003C\/td\u003E\t\t\t\u003Ctd valign=\u0022top\u0022 width=\u002224%\u0022\u003E\t\t\t\u003Cp class=\u0022MsoNormal\u0022\u003E\u0026nbsp;\u003C\/p\u003E\t\t\t\u003Cp class=\u0022MsoNormal\u0022\u003E58\u003C\/p\u003E\t\t\t\u003C\/td\u003E\t\t\t\u003Ctd valign=\u0022top\u0022 width=\u002224%\u0022\u003E\t\t\t\u003Cp class=\u0022MsoNormal\u0022\u003E\u0026nbsp;\u003C\/p\u003E\t\t\t\u003Cp class=\u0022MsoNormal\u0022\u003E65\u003C\/p\u003E\t\t\t\u003C\/td\u003E\t\t\u003C\/tr\u003E\t\t\u003Ctr\u003E\t\t\t\u003Ctd width=\u002225%\u0022\u003E\t\t\t\u003Cp class=\u0022MsoNormal\u0022\u003EAutres installations autoris\u00e9es\u003C\/p\u003E\t\t\t\u003C\/td\u003E\t\t\t\u003Ctd width=\u002224%\u0022\u003E\t\t\t\u003Cp class=\u0022MsoNormal\u0022\u003ETonne\u003C\/p\u003E\t\t\t\u003C\/td\u003E\t\t\t\u003Ctd valign=\u0022top\u0022 width=\u002224%\u0022\u003E\t\t\t\u003Cp class=\u0022MsoNormal\u0022\u003E\u0026nbsp;\u003C\/p\u003E\t\t\t\u003Cp class=\u0022MsoNormal\u0022\u003E63\u003C\/p\u003E\t\t\t\u003C\/td\u003E\t\t\t\u003Ctd valign=\u0022top\u0022 width=\u002224%\u0022\u003E\t\t\t\u003Cp class=\u0022MsoNormal\u0022\u003E\u0026nbsp;\u003C\/p\u003E\t\t\t\u003Cp class=\u0022MsoNormal\u0022\u003E65\u003C\/p\u003E\t\t\t\u003C\/td\u003E\t\t\u003C\/tr\u003E\t\u003C\/tbody\u003E\u003C\/table\u003E\u003C\/div\u003E\u003Cp class=\u0022MsoNormal\u0022\u003E\u0026nbsp;\u003C\/p\u003E\u003Cp class=\u0022MsoNormal\u0022\u003EBar\u00e8me en euros par unit\u00e9 de perception de la composante de la TGAP relative au traitement thermique des d\u00e9chets non dangereux\u003C\/p\u003E\u003Cdiv align=\u0022center\u0022\u003E\u003Ctable border=\u00221\u0022 cellpadding=\u00220\u0022 cellspacing=\u00220\u0022 class=\u0022MsoNormalTable\u0022 width=\u002280%\u0022\u003E\t\u003Ctbody\u003E\t\t\u003Ctr\u003E\t\t\t\u003Ctd width=\u002225%\u0022\u003E\t\t\t\u003Cp class=\u0022MsoNormal\u0022\u003EInstallations de traitement thermique de d\u00e9chets non dangereux\u003C\/p\u003E\t\t\t\u003C\/td\u003E\t\t\t\u003Ctd width=\u002224%\u0022\u003E\t\t\t\u003Cp class=\u0022MsoNormal\u0022\u003EUnit\u00e9s de perception\u003C\/p\u003E\t\t\t\u003C\/td\u003E\t\t\t\u003Ctd valign=\u0022top\u0022 width=\u002224%\u0022\u003E\t\t\t\u003Cp class=\u0022MsoNormal\u0022\u003E\u0026nbsp;\u003C\/p\u003E\t\t\t\u003Cp class=\u0022MsoNormal\u0022\u003ETarif 2024\u003C\/p\u003E\t\t\t\u003C\/td\u003E\t\t\t\u003Ctd valign=\u0022top\u0022 width=\u002224%\u0022\u003E\t\t\t\u003Cp class=\u0022MsoNormal\u0022\u003E\u0026nbsp;\u003C\/p\u003E\t\t\t\u003Cp class=\u0022MsoNormal\u0022\u003ETarif 2025\u003C\/p\u003E\t\t\t\u003C\/td\u003E\t\t\u003C\/tr\u003E\t\t\u003Ctr\u003E\t\t\t\u003Ctd width=\u002225%\u0022\u003E\t\t\t\u003Cp class=\u0022MsoNormal\u0022\u003EInstallations autoris\u00e9es dont le syst\u00e8me de management de l\u0027\u00e9nergie a \u00e9t\u00e9 certifi\u00e9 conforme \u00e0 la norme internationale ISO 50001 par un organisme accr\u00e9dit\u00e9 (A)\u003C\/p\u003E\t\t\t\u003C\/td\u003E\t\t\t\u003Ctd width=\u002224%\u0022\u003E\t\t\t\u003Cp class=\u0022MsoNormal\u0022\u003ETonne\u003C\/p\u003E\t\t\t\u003C\/td\u003E\t\t\t\u003Ctd valign=\u0022top\u0022 width=\u002224%\u0022\u003E\t\t\t\u003Cp class=\u0022MsoNormal\u0022\u003E\u0026nbsp;\u003C\/p\u003E\t\t\t\u003Cp class=\u0022MsoNormal\u0022\u003E\u0026nbsp;\u003C\/p\u003E\t\t\t\u003Cp class=\u0022MsoNormal\u0022\u003E\u0026nbsp;\u003C\/p\u003E\t\t\t\u003Cp class=\u0022MsoNormal\u0022\u003E22\u003C\/p\u003E\t\t\t\u003C\/td\u003E\t\t\t\u003Ctd valign=\u0022top\u0022 width=\u002224%\u0022\u003E\t\t\t\u003Cp class=\u0022MsoNormal\u0022\u003E\u0026nbsp;\u003C\/p\u003E\t\t\t\u003Cp class=\u0022MsoNormal\u0022\u003E\u0026nbsp;\u003C\/p\u003E\t\t\t\u003Cp class=\u0022MsoNormal\u0022\u003E\u0026nbsp;\u003C\/p\u003E\t\t\t\u003Cp class=\u0022MsoNormal\u0022\u003E25\u003C\/p\u003E\t\t\t\u003C\/td\u003E\t\t\u003C\/tr\u003E\t\t\u003Ctr\u003E\t\t\t\u003Ctd width=\u002225%\u0022\u003E\t\t\t\u003Cp class=\u0022MsoNormal\u0022\u003EInstallations autoris\u00e9es dont les valeurs d\u0027\u00e9mission de NOx sont inf\u00e9rieures \u00e0 80 mg\/ Nm3 (B)\u003C\/p\u003E\t\t\t\u003C\/td\u003E\t\t\t\u003Ctd width=\u002224%\u0022\u003E\t\t\t\u003Cp class=\u0022MsoNormal\u0022\u003ETonne\u003C\/p\u003E\t\t\t\u003C\/td\u003E\t\t\t\u003Ctd valign=\u0022top\u0022 width=\u002224%\u0022\u003E\t\t\t\u003Cp class=\u0022MsoNormal\u0022\u003E\u0026nbsp;\u003C\/p\u003E\t\t\t\u003Cp class=\u0022MsoNormal\u0022\u003E\u0026nbsp;\u003C\/p\u003E\t\t\t\u003Cp class=\u0022MsoNormal\u0022\u003E22\u003C\/p\u003E\t\t\t\u003C\/td\u003E\t\t\t\u003Ctd valign=\u0022top\u0022 width=\u002224%\u0022\u003E\t\t\t\u003Cp class=\u0022MsoNormal\u0022\u003E\u0026nbsp;\u003C\/p\u003E\t\t\t\u003Cp class=\u0022MsoNormal\u0022\u003E\u0026nbsp;\u003C\/p\u003E\t\t\t\u003Cp class=\u0022MsoNormal\u0022\u003E25\u003C\/p\u003E\t\t\t\u003C\/td\u003E\t\t\u003C\/tr\u003E\t\t\u003Ctr\u003E\t\t\t\u003Ctd width=\u002225%\u0022\u003E\t\t\t\u003Cp class=\u0022MsoNormal\u0022\u003EInstallations autoris\u00e9es r\u00e9alisant une valorisation \u00e9nerg\u00e9tique \u00e9lev\u00e9e dont le rendement \u00e9nerg\u00e9tique est sup\u00e9rieur ou \u00e9gal \u00e0 0,65 (C)\u003C\/p\u003E\t\t\t\u003C\/td\u003E\t\t\t\u003Ctd width=\u002224%\u0022\u003E\t\t\t\u003Cp class=\u0022MsoNormal\u0022\u003ETonne\u003C\/p\u003E\t\t\t\u003C\/td\u003E\t\t\t\u003Ctd valign=\u0022top\u0022 width=\u002224%\u0022\u003E\t\t\t\u003Cp class=\u0022MsoNormal\u0022\u003E\u0026nbsp;\u003C\/p\u003E\t\t\t\u003Cp class=\u0022MsoNormal\u0022\u003E\u0026nbsp;\u003C\/p\u003E\t\t\t\u003Cp class=\u0022MsoNormal\u0022\u003E\u0026nbsp;\u003C\/p\u003E\t\t\t\u003Cp class=\u0022MsoNormal\u0022\u003E14\u003C\/p\u003E\t\t\t\u003C\/td\u003E\t\t\t\u003Ctd valign=\u0022top\u0022 width=\u002224%\u0022\u003E\t\t\t\u003Cp class=\u0022MsoNormal\u0022\u003E\u0026nbsp;\u003C\/p\u003E\t\t\t\u003Cp class=\u0022MsoNormal\u0022\u003E\u0026nbsp;\u003C\/p\u003E\t\t\t\u003Cp class=\u0022MsoNormal\u0022\u003E\u0026nbsp;\u003C\/p\u003E\t\t\t\u003Cp class=\u0022MsoNormal\u0022\u003E15\u003C\/p\u003E\t\t\t\u003C\/td\u003E\t\t\u003C\/tr\u003E\t\t\u003Ctr\u003E\t\t\t\u003Ctd width=\u002225%\u0022\u003E\t\t\t\u003Cp class=\u0022MsoNormal\u0022\u003EInstallations relevant \u00e0 la fois des A et B\u003C\/p\u003E\t\t\t\u003C\/td\u003E\t\t\t\u003Ctd width=\u002224%\u0022\u003E\t\t\t\u003Cp class=\u0022MsoNormal\u0022\u003ETonne\u003C\/p\u003E\t\t\t\u003C\/td\u003E\t\t\t\u003Ctd valign=\u0022top\u0022 width=\u002224%\u0022\u003E\t\t\t\u003Cp class=\u0022MsoNormal\u0022\u003E\u0026nbsp;\u003C\/p\u003E\t\t\t\u003Cp class=\u0022MsoNormal\u0022\u003E20\u003C\/p\u003E\t\t\t\u003C\/td\u003E\t\t\t\u003Ctd valign=\u0022top\u0022 width=\u002224%\u0022\u003E\t\t\t\u003Cp class=\u0022MsoNormal\u0022\u003E\u0026nbsp;\u003C\/p\u003E\t\t\t\u003Cp class=\u0022MsoNormal\u0022\u003E25\u003C\/p\u003E\t\t\t\u003C\/td\u003E\t\t\u003C\/tr\u003E\t\t\u003Ctr\u003E\t\t\t\u003Ctd width=\u002225%\u0022\u003E\t\t\t\u003Cp class=\u0022MsoNormal\u0022\u003EInstallations relevant \u00e0 la fois des A et C\u003C\/p\u003E\t\t\t\u003C\/td\u003E\t\t\t\u003Ctd width=\u002224%\u0022\u003E\t\t\t\u003Cp class=\u0022MsoNormal\u0022\u003ETonne\u003C\/p\u003E\t\t\t\u003C\/td\u003E\t\t\t\u003Ctd valign=\u0022top\u0022 width=\u002224%\u0022\u003E\t\t\t\u003Cp class=\u0022MsoNormal\u0022\u003E\u0026nbsp;\u003C\/p\u003E\t\t\t\u003Cp class=\u0022MsoNormal\u0022\u003E14\u003C\/p\u003E\t\t\t\u003C\/td\u003E\t\t\t\u003Ctd valign=\u0022top\u0022 width=\u002224%\u0022\u003E\t\t\t\u003Cp class=\u0022MsoNormal\u0022\u003E\u0026nbsp;\u003C\/p\u003E\t\t\t\u003Cp class=\u0022MsoNormal\u0022\u003E15\u003C\/p\u003E\t\t\t\u003C\/td\u003E\t\t\u003C\/tr\u003E\t\t\u003Ctr\u003E\t\t\t\u003Ctd width=\u002225%\u0022\u003E\t\t\t\u003Cp class=\u0022MsoNormal\u0022\u003EInstallations relevant \u00e0 la fois des B et C\u003C\/p\u003E\t\t\t\u003C\/td\u003E\t\t\t\u003Ctd width=\u002224%\u0022\u003E\t\t\t\u003Cp class=\u0022MsoNormal\u0022\u003ETonne\u003C\/p\u003E\t\t\t\u003C\/td\u003E\t\t\t\u003Ctd valign=\u0022top\u0022 width=\u002224%\u0022\u003E\t\t\t\u003Cp class=\u0022MsoNormal\u0022\u003E\u0026nbsp;\u003C\/p\u003E\t\t\t\u003Cp class=\u0022MsoNormal\u0022\u003E14\u003C\/p\u003E\t\t\t\u003C\/td\u003E\t\t\t\u003Ctd valign=\u0022top\u0022 width=\u002224%\u0022\u003E\t\t\t\u003Cp class=\u0022MsoNormal\u0022\u003E\u0026nbsp;\u003C\/p\u003E\t\t\t\u003Cp class=\u0022MsoNormal\u0022\u003E15\u003C\/p\u003E\t\t\t\u003C\/td\u003E\t\t\u003C\/tr\u003E\t\t\u003Ctr\u003E\t\t\t\u003Ctd width=\u002225%\u0022\u003E\t\t\t\u003Cp class=\u0022MsoNormal\u0022\u003EInstallations relevant \u00e0 la fois des A, B et C\u003C\/p\u003E\t\t\t\u003C\/td\u003E\t\t\t\u003Ctd width=\u002224%\u0022\u003E\t\t\t\u003Cp class=\u0022MsoNormal\u0022\u003ETonne\u003C\/p\u003E\t\t\t\u003C\/td\u003E\t\t\t\u003Ctd valign=\u0022top\u0022 width=\u002224%\u0022\u003E\t\t\t\u003Cp class=\u0022MsoNormal\u0022\u003E\u0026nbsp;\u003C\/p\u003E\t\t\t\u003Cp class=\u0022MsoNormal\u0022\u003E14\u003C\/p\u003E\t\t\t\u003C\/td\u003E\t\t\t\u003Ctd valign=\u0022top\u0022 width=\u002224%\u0022\u003E\t\t\t\u003Cp class=\u0022MsoNormal\u0022\u003E\u0026nbsp;\u003C\/p\u003E\t\t\t\u003Cp class=\u0022MsoNormal\u0022\u003E15\u003C\/p\u003E\t\t\t\u003C\/td\u003E\t\t\u003C\/tr\u003E\t\t\u003Ctr\u003E\t\t\t\u003Ctd width=\u002225%\u0022\u003E\t\t\t\u003Cp class=\u0022MsoNormal\u0022\u003EInstallations autoris\u00e9es dont le rendement \u00e9nerg\u00e9tique est sup\u00e9rieur ou \u00e9gal \u00e0 0,70 et r\u00e9alisant une valorisation \u00e9nerg\u00e9tique des r\u00e9sidus \u00e0 haut pouvoir calorifique qui sont issus des op\u00e9rations de tri performantes\u003C\/p\u003E\t\t\t\u003C\/td\u003E\t\t\t\u003Ctd width=\u002224%\u0022\u003E\t\t\t\u003Cp class=\u0022MsoNormal\u0022\u003ETonne\u003C\/p\u003E\t\t\t\u003C\/td\u003E\t\t\t\u003Ctd valign=\u0022top\u0022 width=\u002224%\u0022\u003E\t\t\t\u003Cp class=\u0022MsoNormal\u0022\u003E\u0026nbsp;\u003C\/p\u003E\t\t\t\u003Cp class=\u0022MsoNormal\u0022\u003E\u0026nbsp;\u003C\/p\u003E\t\t\t\u003Cp class=\u0022MsoNormal\u0022\u003E\u0026nbsp;\u003C\/p\u003E\t\t\t\u003Cp class=\u0022MsoNormal\u0022\u003E\u0026nbsp;\u003C\/p\u003E\t\t\t\u003Cp class=\u0022MsoNormal\u0022\u003E7\u003C\/p\u003E\t\t\t\u003C\/td\u003E\t\t\t\u003Ctd valign=\u0022top\u0022 width=\u002224%\u0022\u003E\t\t\t\u003Cp class=\u0022MsoNormal\u0022\u003E\u0026nbsp;\u003C\/p\u003E\t\t\t\u003Cp class=\u0022MsoNormal\u0022\u003E\u0026nbsp;\u003C\/p\u003E\t\t\t\u003Cp class=\u0022MsoNormal\u0022\u003E\u0026nbsp;\u003C\/p\u003E\t\t\t\u003Cp class=\u0022MsoNormal\u0022\u003E\u0026nbsp;\u003C\/p\u003E\t\t\t\u003Cp class=\u0022MsoNormal\u0022\u003E7,5\u003C\/p\u003E\t\t\t\u003C\/td\u003E\t\t\u003C\/tr\u003E\t\t\u003Ctr\u003E\t\t\t\u003Ctd width=\u002225%\u0022\u003E\t\t\t\u003Cp class=\u0022MsoNormal\u0022\u003EAutres installations autoris\u00e9es\u003C\/p\u003E\t\t\t\u003C\/td\u003E\t\t\t\u003Ctd width=\u002224%\u0022\u003E\t\t\t\u003Cp class=\u0022MsoNormal\u0022\u003ETonne\u003C\/p\u003E\t\t\t\u003C\/td\u003E\t\t\t\u003Ctd valign=\u0022top\u0022 width=\u002224%\u0022\u003E\t\t\t\u003Cp class=\u0022MsoNormal\u0022\u003E\u0026nbsp;\u003C\/p\u003E\t\t\t\u003Cp class=\u0022MsoNormal\u0022\u003E24\u003C\/p\u003E\t\t\t\u003C\/td\u003E\t\t\t\u003Ctd valign=\u0022top\u0022 width=\u002224%\u0022\u003E\t\t\t\u003Cp class=\u0022MsoNormal\u0022\u003E\u0026nbsp;\u003C\/p\u003E\t\t\t\u003Cp class=\u0022MsoNormal\u0022\u003E25\u003C\/p\u003E\t\t\t\u003C\/td\u003E\t\t\u003C\/tr\u003E\t\u003C\/tbody\u003E\u003C\/table\u003E\u003C\/div\u003E\u003Cp class=\u0022MsoNormal\u0022\u003E\u0026nbsp;\u003C\/p\u003E\u003Cp class=\u0022MsoNormal\u0022\u003ER\u00e9factions applicables pour les d\u00e9chets non dangereux dans les collectivit\u00e9s d\u0027outre-mer \u003C\/p\u003E\u003Cdiv align=\u0022center\u0022\u003E\u003Ctable border=\u00221\u0022 cellpadding=\u00220\u0022 cellspacing=\u00220\u0022 class=\u0022MsoNormalTable\u0022 width=\u0022100%\u0022\u003E\t\u003Ctbody\u003E\t\t\u003Ctr\u003E\t\t\t\u003Ctd width=\u002214%\u0022\u003E\t\t\t\u003Cp class=\u0022MsoNormal\u0022\u003ECollectivit\u00e9s concern\u00e9es\u003C\/p\u003E\t\t\t\u003C\/td\u003E\t\t\t\u003Ctd width=\u002214%\u0022\u003E\t\t\t\u003Cp class=\u0022MsoNormal\u0022\u003EInstallations concern\u00e9es\u003C\/p\u003E\t\t\t\u003C\/td\u003E\t\t\t\u003Ctd width=\u002210%\u0022\u003E\t\t\t\u003Cp class=\u0022MsoNormal\u0022\u003E2019\u003C\/p\u003E\t\t\t\u003C\/td\u003E\t\t\t\u003Ctd width=\u002211%\u0022\u003E\t\t\t\u003Cp class=\u0022MsoNormal\u0022\u003E2020\u003C\/p\u003E\t\t\t\u003C\/td\u003E\t\t\t\u003Ctd width=\u002211%\u0022\u003E\t\t\t\u003Cp class=\u0022MsoNormal\u0022\u003E2021\u003C\/p\u003E\t\t\t\u003C\/td\u003E\t\t\t\u003Ctd width=\u002210%\u0022\u003E\t\t\t\u003Cp class=\u0022MsoNormal\u0022\u003E2022\u003C\/p\u003E\t\t\t\u003C\/td\u003E\t\t\t\u003Ctd width=\u002210%\u0022\u003E\t\t\t\u003Cp class=\u0022MsoNormal\u0022\u003E2023\u003C\/p\u003E\t\t\t\u003C\/td\u003E\t\t\t\u003Ctd valign=\u0022top\u0022 width=\u00228%\u0022\u003E\t\t\t\u003Cp class=\u0022MsoNormal\u0022\u003E2024\u003C\/p\u003E\t\t\t\u003C\/td\u003E\t\t\t\u003Ctd valign=\u0022top\u0022 width=\u00228%\u0022\u003E\t\t\t\u003Cp class=\u0022MsoNormal\u0022\u003E2025\u003C\/p\u003E\t\t\t\u003C\/td\u003E\t\t\u003C\/tr\u003E\t\t\u003Ctr\u003E\t\t\t\u003Ctd width=\u002214%\u0022\u003E\t\t\t\u003Cp class=\u0022MsoNormal\u0022\u003EGuadeloupe, La R\u00e9union et Martinique\u003C\/p\u003E\t\t\t\u003C\/td\u003E\t\t\t\u003Ctd width=\u002214%\u0022\u003E\t\t\t\u003Cp class=\u0022MsoNormal\u0022\u003EToutes\u003C\/p\u003E\t\t\t\u003C\/td\u003E\t\t\t\u003Ctd colspan=\u00223\u0022 width=\u002232%\u0022\u003E\t\t\t\u003Cp class=\u0022MsoNormal\u0022\u003E-25 %\u003C\/p\u003E\t\t\t\u003C\/td\u003E\t\t\t\u003Ctd width=\u002210%\u0022\u003E\t\t\t\u003Cp class=\u0022MsoNormal\u0022\u003E-35 %\u003C\/p\u003E\t\t\t\u003C\/td\u003E\t\t\t\u003Ctd width=\u002210%\u0022\u003E\t\t\t\u003Cp class=\u0022MsoNormal\u0022\u003E-35 %\u003C\/p\u003E\t\t\t\u003C\/td\u003E\t\t\t\u003Ctd width=\u00228%\u0022\u003E\t\t\t\u003Cp class=\u0022MsoNormal\u0022\u003E-35 %\u003C\/p\u003E\t\t\t\u003C\/td\u003E\t\t\t\u003Ctd valign=\u0022top\u0022 width=\u00228%\u0022\u003E\t\t\t\u003Cp class=\u0022MsoNormal\u0022\u003E\u0026nbsp;\u003C\/p\u003E\t\t\t\u003Cp class=\u0022MsoNormal\u0022\u003E-25 %\u003C\/p\u003E\t\t\t\u003C\/td\u003E\t\t\u003C\/tr\u003E\t\t\u003Ctr\u003E\t\t\t\u003Ctd rowspan=\u00223\u0022 width=\u002214%\u0022\u003E\t\t\t\u003Cp class=\u0022MsoNormal\u0022\u003EGuyane\u003C\/p\u003E\t\t\t\u003C\/td\u003E\t\t\t\u003Ctd width=\u002214%\u0022\u003E\t\t\t\u003Cp class=\u0022MsoNormal\u0022\u003EInstallations de stockage accessibles par voie terrestre\u003C\/p\u003E\t\t\t\u003C\/td\u003E\t\t\t\u003Ctd colspan=\u00222\u0022 width=\u002221%\u0022\u003E\t\t\t\u003Cp class=\u0022MsoNormal\u0022\u003E10 \u20ac par tonne\u003C\/p\u003E\t\t\t\u003C\/td\u003E\t\t\t\u003Ctd colspan=\u00222\u0022 width=\u002221%\u0022\u003E\t\t\t\u003Cp class=\u0022MsoNormal\u0022\u003E-75 %\u003C\/p\u003E\t\t\t\u003C\/td\u003E\t\t\t\u003Ctd width=\u002210%\u0022\u003E\t\t\t\u003Cp class=\u0022MsoNormal\u0022\u003E-75 %\u003C\/p\u003E\t\t\t\u003C\/td\u003E\t\t\t\u003Ctd width=\u00228%\u0022\u003E\t\t\t\u003Cp class=\u0022MsoNormal\u0022\u003E-75 %\u003C\/p\u003E\t\t\t\u003C\/td\u003E\t\t\t\u003Ctd valign=\u0022top\u0022 width=\u00228%\u0022\u003E\t\t\t\u003Cp class=\u0022MsoNormal\u0022\u003E\u0026nbsp;\u003C\/p\u003E\t\t\t\u003Cp class=\u0022MsoNormal\u0022\u003E- 70 %\u003C\/p\u003E\t\t\t\u003C\/td\u003E\t\t\u003C\/tr\u003E\t\t\u003Ctr\u003E\t\t\t\u003Ctd width=\u002214%\u0022\u003E\t\t\t\u003Cp class=\u0022MsoNormal\u0022\u003EInstallations de stockage non accessibles par voie terrestre\u003C\/p\u003E\t\t\t\u003C\/td\u003E\t\t\t\u003Ctd colspan=\u00224\u0022 width=\u002242%\u0022\u003E\t\t\t\u003Cp class=\u0022MsoNormal\u0022\u003E3 \u20ac par tonne\u003C\/p\u003E\t\t\t\u003C\/td\u003E\t\t\t\u003Ctd width=\u002210%\u0022\u003E\t\t\t\u003Cp class=\u0022MsoNormal\u0022\u003E3 \u20ac par tonne\u003C\/p\u003E\t\t\t\u003C\/td\u003E\t\t\t\u003Ctd width=\u00228%\u0022\u003E\t\t\t\u003Cp class=\u0022MsoNormal\u0022\u003E3 \u20ac par tonne\u003C\/p\u003E\t\t\t\u003C\/td\u003E\t\t\t\u003Ctd valign=\u0022top\u0022 width=\u00228%\u0022\u003E\t\t\t\u003Cp class=\u0022MsoNormal\u0022\u003E\u0026nbsp;\u003C\/p\u003E\t\t\t\u003Cp class=\u0022MsoNormal\u0022\u003E3 \u20ac par tonne\u003C\/p\u003E\t\t\t\u003C\/td\u003E\t\t\u003C\/tr\u003E\t\t\u003Ctr\u003E\t\t\t\u003Ctd width=\u002214%\u0022\u003E\t\t\t\u003Cp class=\u0022MsoNormal\u0022\u003EInstallations de traitement thermique\u003C\/p\u003E\t\t\t\u003C\/td\u003E\t\t\t\u003Ctd colspan=\u00222\u0022 width=\u002221%\u0022\u003E\t\t\t\u003Cp class=\u0022MsoNormal\u0022\u003E-60 %\u003C\/p\u003E\t\t\t\u003C\/td\u003E\t\t\t\u003Ctd colspan=\u00222\u0022 width=\u002221%\u0022\u003E\t\t\t\u003Cp class=\u0022MsoNormal\u0022\u003E-75 %\u003C\/p\u003E\t\t\t\u003C\/td\u003E\t\t\t\u003Ctd width=\u002210%\u0022\u003E\t\t\t\u003Cp class=\u0022MsoNormal\u0022\u003E-75 %\u003C\/p\u003E\t\t\t\u003C\/td\u003E\t\t\t\u003Ctd width=\u00228%\u0022\u003E\t\t\t\u003Cp class=\u0022MsoNormal\u0022\u003E-75 %\u003C\/p\u003E\t\t\t\u003C\/td\u003E\t\t\t\u003Ctd valign=\u0022top\u0022 width=\u00228%\u0022\u003E\t\t\t\u003Cp class=\u0022MsoNormal\u0022\u003E\u0026nbsp;\u003C\/p\u003E\t\t\t\u003Cp class=\u0022MsoNormal\u0022\u003E-70 %\u003C\/p\u003E\t\t\t\u003C\/td\u003E\t\t\u003C\/tr\u003E\t\t\u003Ctr\u003E\t\t\t\u003Ctd rowspan=\u00222\u0022 width=\u002214%\u0022\u003E\t\t\t\u003Cp class=\u0022MsoNormal\u0022\u003EMayotte\u003C\/p\u003E\t\t\t\u003C\/td\u003E\t\t\t\u003Ctd width=\u002214%\u0022\u003E\t\t\t\u003Cp class=\u0022MsoNormal\u0022\u003EInstallations de stockage\u003C\/p\u003E\t\t\t\u003C\/td\u003E\t\t\t\u003Ctd width=\u002210%\u0022\u003E\t\t\t\u003Cp class=\u0022MsoNormal\u0022\u003E0 \u20ac par tonne\u003C\/p\u003E\t\t\t\u003C\/td\u003E\t\t\t\u003Ctd width=\u002211%\u0022\u003E\t\t\t\u003Cp class=\u0022MsoNormal\u0022\u003E10 \u20ac par tonne\u003C\/p\u003E\t\t\t\u003C\/td\u003E\t\t\t\u003Ctd colspan=\u00222\u0022 rowspan=\u00222\u0022 width=\u002221%\u0022\u003E\t\t\t\u003Cp class=\u0022MsoNormal\u0022\u003E-75 %\u003C\/p\u003E\t\t\t\u003C\/td\u003E\t\t\t\u003Ctd rowspan=\u00222\u0022 width=\u002210%\u0022\u003E\t\t\t\u003Cp class=\u0022MsoNormal\u0022\u003E-75 %\u003C\/p\u003E\t\t\t\u003C\/td\u003E\t\t\t\u003Ctd rowspan=\u00222\u0022 width=\u00228%\u0022\u003E\t\t\t\u003Cp class=\u0022MsoNormal\u0022\u003E-75 %\u003C\/p\u003E\t\t\t\u003C\/td\u003E\t\t\t\u003Ctd valign=\u0022top\u0022 width=\u00228%\u0022\u003E\t\t\t\u003Cp class=\u0022MsoNormal\u0022\u003E\u0026nbsp;\u003C\/p\u003E\t\t\t\u003C\/td\u003E\t\t\u003C\/tr\u003E\t\t\u003Ctr\u003E\t\t\t\u003Ctd width=\u002214%\u0022\u003E\t\t\t\u003Cp class=\u0022MsoNormal\u0022\u003EInstallations de traitement thermique\u003C\/p\u003E\t\t\t\u003C\/td\u003E\t\t\t\u003Ctd colspan=\u00222\u0022 width=\u002221%\u0022\u003E\t\t\t\u003Cp class=\u0022MsoNormal\u0022\u003E-60 %\u003C\/p\u003E\t\t\t\u003C\/td\u003E\t\t\t\u003Ctd valign=\u0022top\u0022 width=\u00228%\u0022\u003E\t\t\t\u003Cp class=\u0022MsoNormal\u0022\u003E-70 %\u003C\/p\u003E\t\t\t\u003C\/td\u003E\t\t\u003C\/tr\u003E\t\u003C\/tbody\u003E\u003C\/table\u003E\u003C\/div\u003E\u003Cp class=\u0022MsoNormal\u0022\u003E\u0026nbsp;\u003C\/p\u003E\u003Cp class=\u0022MsoNormal\u0022\u003EBar\u00e8me de la composante de la TGAP relative aux d\u00e9chets dangereux (exprim\u00e9 en euros par unit\u00e9 de perception)\u003C\/p\u003E\u003Cdiv align=\u0022center\u0022\u003E\u003Ctable border=\u00221\u0022 cellpadding=\u00220\u0022 cellspacing=\u00220\u0022 class=\u0022MsoNormalTable\u0022 width=\u0022403\u0022\u003E\t\u003Ctbody\u003E\t\t\u003Ctr\u003E\t\t\t\u003Ctd width=\u0022148\u0022\u003E\t\t\t\u003Cp class=\u0022MsoNormal\u0022\u003EOp\u00e9rations imposables\u003C\/p\u003E\t\t\t\u003C\/td\u003E\t\t\t\u003Ctd width=\u002279\u0022\u003E\t\t\t\u003Cp class=\u0022MsoNormal\u0022\u003EUnit\u00e9s de perception\u003C\/p\u003E\t\t\t\u003C\/td\u003E\t\t\t\u003Ctd width=\u002288\u0022\u003E\t\t\t\u003Cp class=\u0022MsoNormal\u0022\u003ETarif 2024\u003C\/p\u003E\t\t\t\u003C\/td\u003E\t\t\t\u003Ctd width=\u002288\u0022\u003E\t\t\t\u003Cp class=\u0022MsoNormal\u0022\u003ETarif 2025\u003C\/p\u003E\t\t\t\u003C\/td\u003E\t\t\u003C\/tr\u003E\t\t\u003Ctr\u003E\t\t\t\u003Ctd width=\u0022148\u0022\u003E\t\t\t\u003Cp class=\u0022MsoNormal\u0022\u003ED\u00e9chets r\u00e9ceptionn\u00e9s dans une installation autoris\u00e9e de traitement thermique de d\u00e9chets dangereux ou transf\u00e9r\u00e9s vers une telle installation situ\u00e9e dans un autre \u00c9tat\u003C\/p\u003E\t\t\t\u003C\/td\u003E\t\t\t\u003Ctd width=\u002279\u0022\u003E\t\t\t\u003Cp class=\u0022MsoNormal\u0022\u003ETonne\u003C\/p\u003E\t\t\t\u003C\/td\u003E\t\t\t\u003Ctd valign=\u0022top\u0022 width=\u002288\u0022\u003E\t\t\t\u003Cp class=\u0022MsoNormal\u0022\u003E\u0026nbsp;\u003C\/p\u003E\t\t\t\u003Cp class=\u0022MsoNormal\u0022\u003E\u0026nbsp;\u003C\/p\u003E\t\t\t\u003Cp class=\u0022MsoNormal\u0022\u003E\u0026nbsp;\u003C\/p\u003E\t\t\t\u003Cp class=\u0022MsoNormal\u0022\u003E14,23\u003C\/p\u003E\t\t\t\u003C\/td\u003E\t\t\t\u003Ctd valign=\u0022top\u0022 width=\u002288\u0022\u003E\t\t\t\u003Cp class=\u0022MsoNormal\u0022\u003E\u0026nbsp;\u003C\/p\u003E\t\t\t\u003Cp class=\u0022MsoNormal\u0022\u003E\u0026nbsp;\u003C\/p\u003E\t\t\t\u003Cp class=\u0022MsoNormal\u0022\u003E\u0026nbsp;\u003C\/p\u003E\t\t\t\u003Cp class=\u0022MsoNormal\u0022\u003E14,91\u003C\/p\u003E\t\t\t\u003C\/td\u003E\t\t\u003C\/tr\u003E\t\t\u003Ctr\u003E\t\t\t\u003Ctd width=\u0022148\u0022\u003E\t\t\t\u003Cp class=\u0022MsoNormal\u0022\u003ED\u00e9chets r\u00e9ceptionn\u00e9s dans une installation autoris\u00e9e de stockage de d\u00e9chets dangereux ou transf\u00e9r\u00e9s vers une telle installation situ\u00e9e dans un autre \u00c9tat\u003C\/p\u003E\t\t\t\u003C\/td\u003E\t\t\t\u003Ctd width=\u002279\u0022\u003E\t\t\t\u003Cp class=\u0022MsoNormal\u0022\u003ETonne\u003C\/p\u003E\t\t\t\u003C\/td\u003E\t\t\t\u003Ctd valign=\u0022top\u0022 width=\u002288\u0022\u003E\t\t\t\u003Cp class=\u0022MsoNormal\u0022\u003E\u0026nbsp;\u003C\/p\u003E\t\t\t\u003Cp class=\u0022MsoNormal\u0022\u003E\u0026nbsp;\u003C\/p\u003E\t\t\t\u003Cp class=\u0022MsoNormal\u0022\u003E\u0026nbsp;\u003C\/p\u003E\t\t\t\u003Cp class=\u0022MsoNormal\u0022\u003E28,44\u003C\/p\u003E\t\t\t\u003C\/td\u003E\t\t\t\u003Ctd valign=\u0022top\u0022 width=\u002288\u0022\u003E\t\t\t\u003Cp class=\u0022MsoNormal\u0022\u003E\u0026nbsp;\u003C\/p\u003E\t\t\t\u003Cp class=\u0022MsoNormal\u0022\u003E\u0026nbsp;\u003C\/p\u003E\t\t\t\u003Cp class=\u0022MsoNormal\u0022\u003E\u0026nbsp;\u003C\/p\u003E\t\t\t\u003Cp class=\u0022MsoNormal\u0022\u003E29,81\u003C\/p\u003E\t\t\t\u003C\/td\u003E\t\t\u003C\/tr\u003E\t\u003C\/tbody\u003E\u003C\/table\u003E\u003C\/div\u003E\u003Cp class=\u0022MsoNormal\u0022\u003E\u0026nbsp;\u003C\/p\u003E\u003Cp class=\u0022MsoNormal\u0022\u003EBar\u00e8me de la composante de la TGAP relative aux d\u00e9chets radioactifs m\u00e9talliques (exprim\u00e9 en euros par unit\u00e9 de perception)\u003C\/p\u003E\u003Ctable border=\u00221\u0022 cellpadding=\u00220\u0022 cellspacing=\u00220\u0022 class=\u0022MsoTableGrid\u0022\u003E\t\u003Ctbody\u003E\t\t\u003Ctr\u003E\t\t\t\u003Ctd valign=\u0022top\u0022 width=\u0022121\u0022\u003E\t\t\t\u003Cp class=\u0022MsoNormal\u0022\u003EUnit\u00e9 de perception\u003C\/p\u003E\t\t\t\u003C\/td\u003E\t\t\t\u003Ctd valign=\u0022top\u0022 width=\u0022121\u0022\u003E\t\t\t\u003Cp class=\u0022MsoNormal\u0022\u003E2024\u003C\/p\u003E\t\t\t\u003C\/td\u003E\t\t\t\u003Ctd valign=\u0022top\u0022 width=\u0022121\u0022\u003E\t\t\t\u003Cp class=\u0022MsoNormal\u0022\u003E2025\u003C\/p\u003E\t\t\t\u003C\/td\u003E\t\t\t\u003Ctd valign=\u0022top\u0022 width=\u0022121\u0022\u003E\t\t\t\u003Cp class=\u0022MsoNormal\u0022\u003E2026\u003C\/p\u003E\t\t\t\u003C\/td\u003E\t\t\t\u003Ctd valign=\u0022top\u0022 width=\u0022121\u0022\u003E\t\t\t\u003Cp class=\u0022MsoNormal\u0022\u003E2027\u003C\/p\u003E\t\t\t\u003C\/td\u003E\t\t\u003C\/tr\u003E\t\t\u003Ctr\u003E\t\t\t\u003Ctd valign=\u0022top\u0022 width=\u0022121\u0022\u003E\t\t\t\u003Cp class=\u0022MsoNormal\u0022\u003ETonne\u003C\/p\u003E\t\t\t\u003C\/td\u003E\t\t\t\u003Ctd valign=\u0022top\u0022 width=\u0022121\u0022\u003E\t\t\t\u003Cp class=\u0022MsoNormal\u0022\u003E200\u003C\/p\u003E\t\t\t\u003C\/td\u003E\t\t\t\u003Ctd valign=\u0022top\u0022 width=\u0022121\u0022\u003E\t\t\t\u003Cp class=\u0022MsoNormal\u0022\u003E314,4\u003C\/p\u003E\t\t\t\u003C\/td\u003E\t\t\t\u003Ctd valign=\u0022top\u0022 width=\u0022121\u0022\u003E\t\t\t\u003Cp class=\u0022MsoNormal\u0022\u003E366,8\u003C\/p\u003E\t\t\t\u003C\/td\u003E\t\t\t\u003Ctd valign=\u0022top\u0022 width=\u0022121\u0022\u003E\t\t\t\u003Cp class=\u0022MsoNormal\u0022\u003E419,2\u003C\/p\u003E\t\t\t\u003C\/td\u003E\t\t\u003C\/tr\u003E\t\u003C\/tbody\u003E\u003C\/table\u003E\u003Cp class=\u0022MsoNormal\u0022\u003E\u0026nbsp;\u003C\/p\u003E                                            \u003Cp\u003E\u003Cbr \/\u003E\u003Cstrong\u003ESource :\u003C\/strong\u003E\u003Cstrong\u003E\u00a0\u003C\/strong\u003E\u003C\/p\u003E\u003Cul\u003E\t\u003Cli\u003E\u003Ca href=\u0022https:\/\/bofip.impots.gouv.fr\/bofip\/12765-PGP.html\/identifiant=BOI-BAREME-000039-20241218\u0022 rel=\u0022noopener\u0022 target=\u0022_blank\u0022\u003EBOFiP-Imp\u00f4ts-BOI-BAREME-000039\u003C\/a\u003E\u003C\/li\u003E\u003C\/ul\u003E\u003C\/div\u003E","annee":"2025","theme":" Indices, taux, bar\u00e8mes fiscaux","activites":["Industrie"],"image":"https:\/\/www.weblex.fr\/sites\/default\/files\/chiffres_clef\/Shutterstock_taxeactivitepolluante.jpg","created":"2025-01-24","modified":"2025-01-24"},{"url":"\/chiffres-cles\/redevance-d-archeologie-preventive-2025","id":25752,"title":"Redevance d\u2019arch\u00e9ologie pr\u00e9ventive \u2013 2025","content":"\u003Cdiv\u003E                                              \u003Cp\u003EPour la p\u00e9riode du 1er janvier 2025 au 31 d\u00e9cembre 2025, le taux de la redevance d\u2019arch\u00e9ologie pr\u00e9ventive est fix\u00e9 \u00e0 0,71 \u20ac par m\u00b2.\u003C\/p\u003E                                            \u003Cp\u003E\u003Cbr \/\u003E\u003Cstrong\u003ESource :\u003C\/strong\u003E\u003Cstrong\u003E\u00a0\u003C\/strong\u003E\u003C\/p\u003E\u003Cul\u003E\t\u003Cli\u003E\u003Ca href=\u0022https:\/\/www.legifrance.gouv.fr\/jorf\/id\/JORFTEXT000050854809\u0022 rel=\u0022noopener\u0022 target=\u0022_blank\u0022\u003EArr\u00eat\u00e9 du 20 d\u00e9cembre 2024 portant fixation du taux de la redevance d\u0027arch\u00e9ologie pr\u00e9ventive\u003C\/a\u003E\u003C\/li\u003E\u003C\/ul\u003E\u003C\/div\u003E","annee":"2025","theme":" Indices, taux, bar\u00e8mes fiscaux","activites":["Agent immobilier","Artisan","Promoteur \/ Lotisseur \/ Architecte \/ G\u00e9om\u00e8tre"],"image":"https:\/\/www.weblex.fr\/sites\/default\/files\/chiffres_clef\/Shutterstock_travauxarcheologiepreventive.jpg","created":"2025-01-24","modified":"2025-01-24"},{"url":"\/chiffres-cles\/contribution-sur-les-boissons-non-alcooliques-2025","id":25705,"title":"Contribution sur les boissons non alcooliques","content":"\u003Cdiv\u003E                                              \u003Ch2\u003E\u003Cstrong\u003EPour les boissons non alcooliques contenant des \u00e9dulcorants de synth\u00e8se\u003C\/strong\u003E\u003C\/h2\u003E\u003Cp\u003ELe tarif de la contribution sur les boissons non alcooliques contenant des \u00e9dulcorants de synth\u00e8se est de :\u003C\/p\u003E\u003Cul\u003E\t\u003Cli\u003E3,34 euros par hectolitre au 1er janvier 2024\u003C\/li\u003E\t\u003Cli\u003E3,50 euros par hectolitre du 1er janvier au 28 f\u00e9vrier 2025\u003C\/li\u003E\t\u003Cli\u003E4 euros\u0026nbsp;par hectolitre du 1er mars au 31 d\u00e9cembre 2025\u003C\/li\u003E\u003C\/ul\u003E\u003Ch2\u003E\u0026nbsp;\u003C\/h2\u003E\u003Ch2\u003E\u003Cstrong\u003EPour les boissons non alcooliques contenant des sucres ajout\u00e9s\u003C\/strong\u003E\u003C\/h2\u003E\u003Cp\u003ELe tarif en euros de la contribution sur les boissons non alcooliques contenant des sucres ajout\u00e9s est le suivant :\u003C\/p\u003E\u003Ctable align=\u0022center\u0022 width=\u002275%\u0022\u003E\t\u003Ctbody\u003E\t\t\u003Ctr\u003E\t\t\t\u003Ctd\u003E\t\t\t\u003Cp align=\u0022center\u0022\u003EQUANTIT\u00c9 DE SUCRE (en kg de sucres ajout\u00e9s par hl de boisson)\u003C\/p\u003E\t\t\t\u003C\/td\u003E\t\t\t\u003Ctd valign=\u0022top\u0022\u003E\t\t\t\u003Cp\u003ETarif 2024\u003C\/p\u003E\t\t\t\u003C\/td\u003E\t\t\t\u003Ctd valign=\u0022top\u0022\u003E\t\t\t\u003Cp\u003ETarif du 1er janvier au 28 f\u00e9vrier 2025\u003C\/p\u003E\t\t\t\u003C\/td\u003E\t\t\u003C\/tr\u003E\t\t\u003Ctr\u003E\t\t\t\u003Ctd\u003E\t\t\t\u003Cp align=\u0022center\u0022\u003EInf\u00e9rieure ou \u00e9gale \u00e0 1\u003C\/p\u003E\t\t\t\u003C\/td\u003E\t\t\t\u003Ctd valign=\u0022top\u0022\u003E\t\t\t\u003Cp align=\u0022right\u0022\u003E3,34\u003C\/p\u003E\t\t\t\u003C\/td\u003E\t\t\t\u003Ctd valign=\u0022top\u0022\u003E\t\t\t\u003Cp align=\u0022right\u0022\u003E3,50\u003C\/p\u003E\t\t\t\u003C\/td\u003E\t\t\u003C\/tr\u003E\t\t\u003Ctr\u003E\t\t\t\u003Ctd\u003E\t\t\t\u003Cp align=\u0022center\u0022\u003E2\u003C\/p\u003E\t\t\t\u003C\/td\u003E\t\t\t\u003Ctd valign=\u0022top\u0022\u003E\t\t\t\u003Cp align=\u0022right\u0022\u003E3,9\u003C\/p\u003E\t\t\t\u003C\/td\u003E\t\t\t\u003Ctd valign=\u0022top\u0022\u003E\t\t\t\u003Cp align=\u0022right\u0022\u003E4,09\u003C\/p\u003E\t\t\t\u003C\/td\u003E\t\t\u003C\/tr\u003E\t\t\u003Ctr\u003E\t\t\t\u003Ctd\u003E\t\t\t\u003Cp align=\u0022center\u0022\u003E3\u003C\/p\u003E\t\t\t\u003C\/td\u003E\t\t\t\u003Ctd valign=\u0022top\u0022\u003E\t\t\t\u003Cp align=\u0022right\u0022\u003E4,44\u003C\/p\u003E\t\t\t\u003C\/td\u003E\t\t\t\u003Ctd valign=\u0022top\u0022\u003E\t\t\t\u003Cp align=\u0022right\u0022\u003E4,65\u003C\/p\u003E\t\t\t\u003C\/td\u003E\t\t\u003C\/tr\u003E\t\t\u003Ctr\u003E\t\t\t\u003Ctd\u003E\t\t\t\u003Cp align=\u0022center\u0022\u003E4\u003C\/p\u003E\t\t\t\u003C\/td\u003E\t\t\t\u003Ctd valign=\u0022top\u0022\u003E\t\t\t\u003Cp align=\u0022right\u0022\u003E4,99\u003C\/p\u003E\t\t\t\u003C\/td\u003E\t\t\t\u003Ctd valign=\u0022top\u0022\u003E\t\t\t\u003Cp align=\u0022right\u0022\u003E5,23\u003C\/p\u003E\t\t\t\u003C\/td\u003E\t\t\u003C\/tr\u003E\t\t\u003Ctr\u003E\t\t\t\u003Ctd\u003E\t\t\t\u003Cp align=\u0022center\u0022\u003E5\u003C\/p\u003E\t\t\t\u003C\/td\u003E\t\t\t\u003Ctd valign=\u0022top\u0022\u003E\t\t\t\u003Cp align=\u0022right\u0022\u003E6,11\u003C\/p\u003E\t\t\t\u003C\/td\u003E\t\t\t\u003Ctd valign=\u0022top\u0022\u003E\t\t\t\u003Cp align=\u0022right\u0022\u003E6,40\u003C\/p\u003E\t\t\t\u003C\/td\u003E\t\t\u003C\/tr\u003E\t\t\u003Ctr\u003E\t\t\t\u003Ctd\u003E\t\t\t\u003Cp align=\u0022center\u0022\u003E6\u003C\/p\u003E\t\t\t\u003C\/td\u003E\t\t\t\u003Ctd valign=\u0022top\u0022\u003E\t\t\t\u003Cp align=\u0022right\u0022\u003E7,22\u003C\/p\u003E\t\t\t\u003C\/td\u003E\t\t\t\u003Ctd valign=\u0022top\u0022\u003E\t\t\t\u003Cp align=\u0022right\u0022\u003E7,57\u003C\/p\u003E\t\t\t\u003C\/td\u003E\t\t\u003C\/tr\u003E\t\t\u003Ctr\u003E\t\t\t\u003Ctd\u003E\t\t\t\u003Cp align=\u0022center\u0022\u003E7\u003C\/p\u003E\t\t\t\u003C\/td\u003E\t\t\t\u003Ctd valign=\u0022top\u0022\u003E\t\t\t\u003Cp align=\u0022right\u0022\u003E8,33\u003C\/p\u003E\t\t\t\u003C\/td\u003E\t\t\t\u003Ctd valign=\u0022top\u0022\u003E\t\t\t\u003Cp align=\u0022right\u0022\u003E8,73\u003C\/p\u003E\t\t\t\u003C\/td\u003E\t\t\u003C\/tr\u003E\t\t\u003Ctr\u003E\t\t\t\u003Ctd\u003E\t\t\t\u003Cp align=\u0022center\u0022\u003E8\u003C\/p\u003E\t\t\t\u003C\/td\u003E\t\t\t\u003Ctd valign=\u0022top\u0022\u003E\t\t\t\u003Cp align=\u0022right\u0022\u003E10,55\u003C\/p\u003E\t\t\t\u003C\/td\u003E\t\t\t\u003Ctd valign=\u0022top\u0022\u003E\t\t\t\u003Cp align=\u0022right\u0022\u003E11,06\u003C\/p\u003E\t\t\t\u003C\/td\u003E\t\t\u003C\/tr\u003E\t\t\u003Ctr\u003E\t\t\t\u003Ctd\u003E\t\t\t\u003Cp align=\u0022center\u0022\u003E9\u003C\/p\u003E\t\t\t\u003C\/td\u003E\t\t\t\u003Ctd valign=\u0022top\u0022\u003E\t\t\t\u003Cp align=\u0022right\u0022\u003E12,77\u003C\/p\u003E\t\t\t\u003C\/td\u003E\t\t\t\u003Ctd valign=\u0022top\u0022\u003E\t\t\t\u003Cp align=\u0022right\u0022\u003E13,38\u003C\/p\u003E\t\t\t\u003C\/td\u003E\t\t\u003C\/tr\u003E\t\t\u003Ctr\u003E\t\t\t\u003Ctd\u003E\t\t\t\u003Cp align=\u0022center\u0022\u003E10\u003C\/p\u003E\t\t\t\u003C\/td\u003E\t\t\t\u003Ctd valign=\u0022top\u0022\u003E\t\t\t\u003Cp align=\u0022right\u0022\u003E14,98\u003C\/p\u003E\t\t\t\u003C\/td\u003E\t\t\t\u003Ctd valign=\u0022top\u0022\u003E\t\t\t\u003Cp align=\u0022right\u0022\u003E15,70\u003C\/p\u003E\t\t\t\u003C\/td\u003E\t\t\u003C\/tr\u003E\t\t\u003Ctr\u003E\t\t\t\u003Ctd\u003E\t\t\t\u003Cp align=\u0022center\u0022\u003E11\u003C\/p\u003E\t\t\t\u003C\/td\u003E\t\t\t\u003Ctd valign=\u0022top\u0022\u003E\t\t\t\u003Cp align=\u0022right\u0022\u003E17,21\u003C\/p\u003E\t\t\t\u003C\/td\u003E\t\t\t\u003Ctd valign=\u0022top\u0022\u003E\t\t\t\u003Cp align=\u0022right\u0022\u003E18,04\u003C\/p\u003E\t\t\t\u003C\/td\u003E\t\t\u003C\/tr\u003E\t\t\u003Ctr\u003E\t\t\t\u003Ctd\u003E\t\t\t\u003Cp align=\u0022center\u0022\u003E12\u003C\/p\u003E\t\t\t\u003C\/td\u003E\t\t\t\u003Ctd valign=\u0022top\u0022\u003E\t\t\t\u003Cp align=\u0022right\u0022\u003E19,43\u003C\/p\u003E\t\t\t\u003C\/td\u003E\t\t\t\u003Ctd valign=\u0022top\u0022\u003E\t\t\t\u003Cp align=\u0022right\u0022\u003E20,36\u003C\/p\u003E\t\t\t\u003C\/td\u003E\t\t\u003C\/tr\u003E\t\t\u003Ctr\u003E\t\t\t\u003Ctd\u003E\t\t\t\u003Cp align=\u0022center\u0022\u003E13\u003C\/p\u003E\t\t\t\u003C\/td\u003E\t\t\t\u003Ctd valign=\u0022top\u0022\u003E\t\t\t\u003Cp align=\u0022right\u0022\u003E21,65\u003C\/p\u003E\t\t\t\u003C\/td\u003E\t\t\t\u003Ctd valign=\u0022top\u0022\u003E\t\t\t\u003Cp align=\u0022right\u0022\u003E22,69\u003C\/p\u003E\t\t\t\u003C\/td\u003E\t\t\u003C\/tr\u003E\t\t\u003Ctr\u003E\t\t\t\u003Ctd\u003E\t\t\t\u003Cp align=\u0022center\u0022\u003E14\u003C\/p\u003E\t\t\t\u003C\/td\u003E\t\t\t\u003Ctd valign=\u0022top\u0022\u003E\t\t\t\u003Cp align=\u0022right\u0022\u003E23,87\u003C\/p\u003E\t\t\t\u003C\/td\u003E\t\t\t\u003Ctd valign=\u0022top\u0022\u003E\t\t\t\u003Cp align=\u0022right\u0022\u003E25,02\u003C\/p\u003E\t\t\t\u003C\/td\u003E\t\t\u003C\/tr\u003E\t\t\u003Ctr\u003E\t\t\t\u003Ctd\u003E\t\t\t\u003Cp align=\u0022center\u0022\u003E15\u003C\/p\u003E\t\t\t\u003C\/td\u003E\t\t\t\u003Ctd valign=\u0022top\u0022\u003E\t\t\t\u003Cp align=\u0022right\u0022\u003E26,09\u003C\/p\u003E\t\t\t\u003C\/td\u003E\t\t\t\u003Ctd valign=\u0022top\u0022\u003E\t\t\t\u003Cp align=\u0022right\u0022\u003E27,34\u003C\/p\u003E\t\t\t\u003C\/td\u003E\t\t\u003C\/tr\u003E\t\t\u003Ctr\u003E\t\t\t\u003Ctd\u003E\t\t\t\u003Cp align=\u0022center\u0022\u003ETarif suppl\u00e9mentaire par kg au-del\u00e0 de 15 kg de sucres ajout\u00e9s par hectolitre de boisson\u003C\/p\u003E\t\t\t\u003C\/td\u003E\t\t\t\u003Ctd valign=\u0022top\u0022\u003E\t\t\t\u003Cp align=\u0022right\u0022\u003E2,21\u003C\/p\u003E\t\t\t\u003C\/td\u003E\t\t\t\u003Ctd valign=\u0022top\u0022\u003E\t\t\t\u003Cp align=\u0022right\u0022\u003E2,32\u003C\/p\u003E\t\t\t\u003C\/td\u003E\t\t\u003C\/tr\u003E\t\u003C\/tbody\u003E\u003C\/table\u003E\u003Cp\u003E\u0026nbsp;\u003C\/p\u003E\u003Cp\u003E\u0026nbsp;\u003C\/p\u003E\u003Ctable align=\u0022center\u0022 class=\u0022Table\u0022 width=\u002267%\u0022\u003E\t\u003Ctbody\u003E\t\t\u003Ctr\u003E\t\t\t\u003Ctd\u003E\t\t\t\u003Cp align=\u0022center\u0022\u003EQUANTIT\u00c9 DE SUCRE (en kg de sucres ajout\u00e9s par hl de boisson)\u003C\/p\u003E\t\t\t\u003C\/td\u003E\t\t\t\u003Ctd valign=\u0022top\u0022\u003E\t\t\t\u003Cp\u003ETarif du 1er mars au 31 d\u00e9cembre 2025\u003C\/p\u003E\t\t\t\u003C\/td\u003E\t\t\u003C\/tr\u003E\t\t\u003Ctr\u003E\t\t\t\u003Ctd\u003E\t\t\t\u003Cp align=\u0022center\u0022\u003EInf\u00e9rieure \u00e0 5\u003C\/p\u003E\t\t\t\u003C\/td\u003E\t\t\t\u003Ctd valign=\u0022top\u0022\u003E\t\t\t\u003Cp align=\u0022right\u0022\u003E4\u003C\/p\u003E\t\t\t\u003C\/td\u003E\t\t\u003C\/tr\u003E\t\t\u003Ctr\u003E\t\t\t\u003Ctd\u003E\t\t\t\u003Cp align=\u0022center\u0022\u003E\u00c9gale ou sup\u00e9rieure \u00e0 5 et inf\u00e9rieure ou \u00e9gale \u00e0 8\u003C\/p\u003E\t\t\t\u003C\/td\u003E\t\t\t\u003Ctd valign=\u0022top\u0022\u003E\t\t\t\u003Cp align=\u0022right\u0022\u003E21\u003C\/p\u003E\t\t\t\u003C\/td\u003E\t\t\u003C\/tr\u003E\t\t\u003Ctr\u003E\t\t\t\u003Ctd\u003E\t\t\t\u003Cp align=\u0022center\u0022\u003ESup\u00e9rieure \u00e0 8\u003C\/p\u003E\t\t\t\u003C\/td\u003E\t\t\t\u003Ctd valign=\u0022top\u0022\u003E\t\t\t\u003Cp align=\u0022right\u0022\u003E35\u003C\/p\u003E\t\t\t\u003C\/td\u003E\t\t\u003C\/tr\u003E\t\u003C\/tbody\u003E\u003C\/table\u003E\u003Cp\u003E\u0026nbsp;\u003C\/p\u003E                                            \u003Cp\u003E\u003Cbr \/\u003E\u003Cstrong\u003ESource :\u003C\/strong\u003E\u003Cstrong\u003E\u00a0\u003C\/strong\u003E\u003C\/p\u003E\u003Cul\u003E\t\u003Cli\u003E\u003Ca href=\u0022https:\/\/bofip.impots.gouv.fr\/bofip\/11575-PGP.html\/identifiant=BOI-BAREME-000038-20250326\u0022 rel=\u0022noopener\u0022 target=\u0022_blank\u0022\u003EBOI-BAREME-000038\u003C\/a\u003E\u003C\/li\u003E\u003C\/ul\u003E\u003C\/div\u003E","annee":"2025","theme":" Indices, taux, bar\u00e8mes fiscaux","activites":["Distributeur \/ Grossiste","Caf\u00e9 \/ H\u00f4tel \/ Restaurant"],"image":"https:\/\/www.weblex.fr\/sites\/default\/files\/chiffres_clef\/Shutterstock_taxeboissonnonalcoolique.jpg","created":"2025-01-24","modified":"2025-04-02"},{"url":"\/chiffres-cles\/plafonds-de-ressources-annuelles-pour-l-attribution-de-logements-locatifs-sociaux-2025","id":25758,"title":"Plafonds de ressources annuelles pour l\u0027attribution de logements locatifs sociaux \u2013 2025","content":"\u003Cdiv\u003E                                              \u003Cp\u003EPlafonds de ressources annuelles imposables pour l\u2019attribution de logements sociaux :\u003C\/p\u003E\u003Ctable align=\u0022center\u0022\u003E\t\u003Ctbody\u003E\t\t\u003Ctr\u003E\t\t\t\u003Ctd\u003E\t\t\t\u003Cp align=\u0022center\u0022\u003E\u003Cbr \/\u003E\t\t\tCAT\u00c9GORIE\u003Cbr \/\u003E\t\t\tDE M\u00c9NAGES\u003C\/p\u003E\t\t\t\u003C\/td\u003E\t\t\t\u003Ctd\u003E\t\t\t\u003Cp align=\u0022center\u0022\u003E\u003Cbr \/\u003E\t\t\tPARIS\u003Cbr \/\u003E\t\t\tet communes limitrophes\u003Cbr \/\u003E\t\t\t(en euros)\u003C\/p\u003E\t\t\t\u003C\/td\u003E\t\t\t\u003Ctd\u003E\t\t\t\u003Cp align=\u0022center\u0022\u003E\u003Cbr \/\u003E\t\t\tILE-DE-FRANCE\u003Cbr \/\u003E\t\t\thors Paris\u003Cbr \/\u003E\t\t\tet communes limitrophes\u003Cbr \/\u003E\t\t\t(en euros)\u003C\/p\u003E\t\t\t\u003C\/td\u003E\t\t\t\u003Ctd\u003E\t\t\t\u003Cp align=\u0022center\u0022\u003E\u003Cbr \/\u003E\t\t\tAUTRES\u003Cbr \/\u003E\t\t\tREGIONS\u003Cbr \/\u003E\t\t\t(en euros)\u003C\/p\u003E\t\t\t\u003C\/td\u003E\t\t\u003C\/tr\u003E\t\t\u003Ctr\u003E\t\t\t\u003Ctd\u003E\t\t\t\u003Cp\u003E\u003Cbr \/\u003E\t\t\t1\u003C\/p\u003E\t\t\t\u003C\/td\u003E\t\t\t\u003Ctd\u003E\t\t\t\u003Cp align=\u0022center\u0022\u003E26 687\u003C\/p\u003E\t\t\t\u003C\/td\u003E\t\t\t\u003Ctd\u003E\t\t\t\u003Cp align=\u0022center\u0022\u003E\u003Cbr \/\u003E\t\t\t26 687\u003C\/p\u003E\t\t\t\u003C\/td\u003E\t\t\t\u003Ctd\u003E\t\t\t\u003Cp align=\u0022center\u0022\u003E\u003Cbr \/\u003E\t\t\t23 201\u003C\/p\u003E\t\t\t\u003C\/td\u003E\t\t\u003C\/tr\u003E\t\t\u003Ctr\u003E\t\t\t\u003Ctd\u003E\t\t\t\u003Cp\u003E\u003Cbr \/\u003E\t\t\t2\u003C\/p\u003E\t\t\t\u003C\/td\u003E\t\t\t\u003Ctd\u003E\t\t\t\u003Cp align=\u0022center\u0022\u003E\u003Cbr \/\u003E\t\t\t39 885\u003C\/p\u003E\t\t\t\u003C\/td\u003E\t\t\t\u003Ctd\u003E\t\t\t\u003Cp align=\u0022center\u0022\u003E\u003Cbr \/\u003E\t\t\t39 885\u003C\/p\u003E\t\t\t\u003C\/td\u003E\t\t\t\u003Ctd\u003E\t\t\t\u003Cp align=\u0022center\u0022\u003E\u003Cbr \/\u003E\t\t\t30 984\u003C\/p\u003E\t\t\t\u003C\/td\u003E\t\t\u003C\/tr\u003E\t\t\u003Ctr\u003E\t\t\t\u003Ctd\u003E\t\t\t\u003Cp\u003E\u003Cbr \/\u003E\t\t\t3\u003C\/p\u003E\t\t\t\u003C\/td\u003E\t\t\t\u003Ctd\u003E\t\t\t\u003Cp align=\u0022center\u0022\u003E\u003Cbr \/\u003E\t\t\t52 284\u003C\/p\u003E\t\t\t\u003C\/td\u003E\t\t\t\u003Ctd\u003E\t\t\t\u003Cp align=\u0022center\u0022\u003E\u003Cbr \/\u003E\t\t\t47 944\u003C\/p\u003E\t\t\t\u003C\/td\u003E\t\t\t\u003Ctd\u003E\t\t\t\u003Cp align=\u0022center\u0022\u003E\u003Cbr \/\u003E\t\t\t37 259\u003C\/p\u003E\t\t\t\u003C\/td\u003E\t\t\u003C\/tr\u003E\t\t\u003Ctr\u003E\t\t\t\u003Ctd\u003E\t\t\t\u003Cp\u003E\u003Cbr \/\u003E\t\t\t4\u003C\/p\u003E\t\t\t\u003C\/td\u003E\t\t\t\u003Ctd\u003E\t\t\t\u003Cp align=\u0022center\u0022\u003E\u003Cbr \/\u003E\t\t\t62 424\u003C\/p\u003E\t\t\t\u003C\/td\u003E\t\t\t\u003Ctd\u003E\t\t\t\u003Cp align=\u0022center\u0022\u003E\u003Cbr \/\u003E\t\t\t57 429\u003C\/p\u003E\t\t\t\u003C\/td\u003E\t\t\t\u003Ctd\u003E\t\t\t\u003Cp align=\u0022center\u0022\u003E\u003Cbr \/\u003E\t\t\t44 982\u003C\/p\u003E\t\t\t\u003C\/td\u003E\t\t\u003C\/tr\u003E\t\t\u003Ctr\u003E\t\t\t\u003Ctd\u003E\t\t\t\u003Cp\u003E\u003Cbr \/\u003E\t\t\t5\u003C\/p\u003E\t\t\t\u003C\/td\u003E\t\t\t\u003Ctd\u003E\t\t\t\u003Cp align=\u0022center\u0022\u003E\u003Cbr \/\u003E\t\t\t74 271\u003C\/p\u003E\t\t\t\u003C\/td\u003E\t\t\t\u003Ctd\u003E\t\t\t\u003Cp align=\u0022center\u0022\u003E\u003Cbr \/\u003E\t\t\t67 984\u003C\/p\u003E\t\t\t\u003C\/td\u003E\t\t\t\u003Ctd\u003E\t\t\t\u003Cp align=\u0022center\u0022\u003E\u003Cbr \/\u003E\t\t\t52 915\u003C\/p\u003E\t\t\t\u003C\/td\u003E\t\t\u003C\/tr\u003E\t\t\u003Ctr\u003E\t\t\t\u003Ctd\u003E\t\t\t\u003Cp\u003E\u003Cbr \/\u003E\t\t\t6\u003C\/p\u003E\t\t\t\u003C\/td\u003E\t\t\t\u003Ctd\u003E\t\t\t\u003Cp align=\u0022center\u0022\u003E\u003Cbr \/\u003E\t\t\t83 575\u003C\/p\u003E\t\t\t\u003C\/td\u003E\t\t\t\u003Ctd\u003E\t\t\t\u003Cp align=\u0022center\u0022\u003E\u003Cbr \/\u003E\t\t\t76 504\u003C\/p\u003E\t\t\t\u003C\/td\u003E\t\t\t\u003Ctd\u003E\t\t\t\u003Cp align=\u0022center\u0022\u003E\u003Cbr \/\u003E\t\t\t59 636\u003C\/p\u003E\t\t\t\u003C\/td\u003E\t\t\u003C\/tr\u003E\t\t\u003Ctr\u003E\t\t\t\u003Ctd\u003E\t\t\t\u003Cp\u003E\u003Cbr \/\u003E\t\t\tPar personne suppl\u00e9mentaire\u003C\/p\u003E\t\t\t\u003C\/td\u003E\t\t\t\u003Ctd\u003E\t\t\t\u003Cp align=\u0022center\u0022\u003E\u003Cbr \/\u003E\t\t\t9 313\u003C\/p\u003E\t\t\t\u003C\/td\u003E\t\t\t\u003Ctd\u003E\t\t\t\u003Cp align=\u0022center\u0022\u003E\u003Cbr \/\u003E\t\t\t8 524\u003C\/p\u003E\t\t\t\u003C\/td\u003E\t\t\t\u003Ctd\u003E\t\t\t\u003Cp align=\u0022center\u0022\u003E\u003Cbr \/\u003E\t\t\t6 652\u003C\/p\u003E\t\t\t\u003C\/td\u003E\t\t\u003C\/tr\u003E\t\u003C\/tbody\u003E\u003C\/table\u003E\u003Cp\u003EPlafonds de ressources annuelles imposables pour les logements adapt\u00e9s aux besoins des m\u00e9nages qui rencontrent des difficult\u00e9s d\u0027insertion particuli\u00e8res :\u003C\/p\u003E\u003Ctable align=\u0022center\u0022\u003E\t\u003Ctbody\u003E\t\t\u003Ctr\u003E\t\t\t\u003Ctd\u003E\t\t\t\u003Cp align=\u0022center\u0022\u003E\u003Cbr \/\u003E\t\t\tCAT\u00c9GORIE\u003Cbr \/\u003E\t\t\tDE M\u00c9NAGES\u003C\/p\u003E\t\t\t\u003C\/td\u003E\t\t\t\u003Ctd\u003E\t\t\t\u003Cp align=\u0022center\u0022\u003E\u003Cbr \/\u003E\t\t\tPARIS\u003Cbr \/\u003E\t\t\tet communes limitrophes\u003Cbr \/\u003E\t\t\t(en euros)\u003C\/p\u003E\t\t\t\u003C\/td\u003E\t\t\t\u003Ctd\u003E\t\t\t\u003Cp align=\u0022center\u0022\u003E\u003Cbr \/\u003E\t\t\tILE-DE-FRANCE\u003Cbr \/\u003E\t\t\thors Paris\u003Cbr \/\u003E\t\t\tet communes limitrophes\u003Cbr \/\u003E\t\t\t(en euros)\u003C\/p\u003E\t\t\t\u003C\/td\u003E\t\t\t\u003Ctd\u003E\t\t\t\u003Cp align=\u0022center\u0022\u003E\u003Cbr \/\u003E\t\t\tAUTRES\u003Cbr \/\u003E\t\t\tR\u00c9GIONS\u003Cbr \/\u003E\t\t\t(en euros)\u003C\/p\u003E\t\t\t\u003C\/td\u003E\t\t\u003C\/tr\u003E\t\t\u003Ctr\u003E\t\t\t\u003Ctd\u003E\t\t\t\u003Cp\u003E\u003Cbr \/\u003E\t\t\t1\u003C\/p\u003E\t\t\t\u003C\/td\u003E\t\t\t\u003Ctd\u003E\t\t\t\u003Cp align=\u0022center\u0022\u003E\u003Cbr \/\u003E\t\t\t14 683\u003C\/p\u003E\t\t\t\u003C\/td\u003E\t\t\t\u003Ctd\u003E\t\t\t\u003Cp align=\u0022center\u0022\u003E\u003Cbr \/\u003E\t\t\t14 683\u003C\/p\u003E\t\t\t\u003C\/td\u003E\t\t\t\u003Ctd\u003E\t\t\t\u003Cp align=\u0022center\u0022\u003E\u003Cbr \/\u003E\t\t\t12 759\u003C\/p\u003E\t\t\t\u003C\/td\u003E\t\t\u003C\/tr\u003E\t\t\u003Ctr\u003E\t\t\t\u003Ctd\u003E\t\t\t\u003Cp\u003E\u003Cbr \/\u003E\t\t\t2\u003C\/p\u003E\t\t\t\u003C\/td\u003E\t\t\t\u003Ctd\u003E\t\t\t\u003Cp align=\u0022center\u0022\u003E\u003Cbr \/\u003E\t\t\t23 931\u003C\/p\u003E\t\t\t\u003C\/td\u003E\t\t\t\u003Ctd\u003E\t\t\t\u003Cp align=\u0022center\u0022\u003E\u003Cbr \/\u003E\t\t\t23 931\u003C\/p\u003E\t\t\t\u003C\/td\u003E\t\t\t\u003Ctd\u003E\t\t\t\u003Cp align=\u0022center\u0022\u003E\u003Cbr \/\u003E\t\t\t18 591\u003C\/p\u003E\t\t\t\u003C\/td\u003E\t\t\u003C\/tr\u003E\t\t\u003Ctr\u003E\t\t\t\u003Ctd\u003E\t\t\t\u003Cp\u003E\u003Cbr \/\u003E\t\t\t3\u003C\/p\u003E\t\t\t\u003C\/td\u003E\t\t\t\u003Ctd\u003E\t\t\t\u003Cp align=\u0022center\u0022\u003E\u003Cbr \/\u003E\t\t\t31 369\u003C\/p\u003E\t\t\t\u003C\/td\u003E\t\t\t\u003Ctd\u003E\t\t\t\u003Cp align=\u0022center\u0022\u003E\u003Cbr \/\u003E\t\t\t28 767\u003C\/p\u003E\t\t\t\u003C\/td\u003E\t\t\t\u003Ctd\u003E\t\t\t\u003Cp align=\u0022center\u0022\u003E\u003Cbr \/\u003E\t\t\t22 356\u003C\/p\u003E\t\t\t\u003C\/td\u003E\t\t\u003C\/tr\u003E\t\t\u003Ctr\u003E\t\t\t\u003Ctd\u003E\t\t\t\u003Cp\u003E\u003Cbr \/\u003E\t\t\t4\u003C\/p\u003E\t\t\t\u003C\/td\u003E\t\t\t\u003Ctd\u003E\t\t\t\u003Cp align=\u0022center\u0022\u003E\u003Cbr \/\u003E\t\t\t34 338\u003C\/p\u003E\t\t\t\u003C\/td\u003E\t\t\t\u003Ctd\u003E\t\t\t\u003Cp align=\u0022center\u0022\u003E\u003Cbr \/\u003E\t\t\t31 585\u003C\/p\u003E\t\t\t\u003C\/td\u003E\t\t\t\u003Ctd\u003E\t\t\t\u003Cp align=\u0022center\u0022\u003E\u003Cbr \/\u003E\t\t\t24 875\u003C\/p\u003E\t\t\t\u003C\/td\u003E\t\t\u003C\/tr\u003E\t\t\u003Ctr\u003E\t\t\t\u003Ctd\u003E\t\t\t\u003Cp\u003E\u003Cbr \/\u003E\t\t\t5\u003C\/p\u003E\t\t\t\u003C\/td\u003E\t\t\t\u003Ctd\u003E\t\t\t\u003Cp align=\u0022center\u0022\u003E\u003Cbr \/\u003E\t\t\t40 847\u003C\/p\u003E\t\t\t\u003C\/td\u003E\t\t\t\u003Ctd\u003E\t\t\t\u003Cp align=\u0022center\u0022\u003E\u003Cbr \/\u003E\t\t\t37 393\u003C\/p\u003E\t\t\t\u003C\/td\u003E\t\t\t\u003Ctd\u003E\t\t\t\u003Cp align=\u0022center\u0022\u003E\u003Cbr \/\u003E\t\t\t29 105\u003C\/p\u003E\t\t\t\u003C\/td\u003E\t\t\u003C\/tr\u003E\t\t\u003Ctr\u003E\t\t\t\u003Ctd\u003E\t\t\t\u003Cp\u003E\u003Cbr \/\u003E\t\t\t6\u003C\/p\u003E\t\t\t\u003C\/td\u003E\t\t\t\u003Ctd\u003E\t\t\t\u003Cp align=\u0022center\u0022\u003E\u003Cbr \/\u003E\t\t\t45 968\u003C\/p\u003E\t\t\t\u003C\/td\u003E\t\t\t\u003Ctd\u003E\t\t\t\u003Cp align=\u0022center\u0022\u003E\u003Cbr \/\u003E\t\t\t42 077\u003C\/p\u003E\t\t\t\u003C\/td\u003E\t\t\t\u003Ctd\u003E\t\t\t\u003Cp align=\u0022center\u0022\u003E\u003Cbr \/\u003E\t\t\t32 800\u003C\/p\u003E\t\t\t\u003C\/td\u003E\t\t\u003C\/tr\u003E\t\t\u003Ctr\u003E\t\t\t\u003Ctd\u003E\t\t\t\u003Cp\u003E\u003Cbr \/\u003E\t\t\tPar personne suppl\u00e9mentaire\u003C\/p\u003E\t\t\t\u003C\/td\u003E\t\t\t\u003Ctd\u003E\t\t\t\u003Cp align=\u0022center\u0022\u003E\u003Cbr \/\u003E\t\t\t5 121\u003C\/p\u003E\t\t\t\u003C\/td\u003E\t\t\t\u003Ctd\u003E\t\t\t\u003Cp align=\u0022center\u0022\u003E\u003Cbr \/\u003E\t\t\t4 686\u003C\/p\u003E\t\t\t\u003C\/td\u003E\t\t\t\u003Ctd\u003E\t\t\t\u003Cp align=\u0022center\u0022\u003E\u003Cbr \/\u003E\t\t\t3 657\u003C\/p\u003E\t\t\t\u003C\/td\u003E\t\t\u003C\/tr\u003E\t\u003C\/tbody\u003E\u003C\/table\u003E                                            \u003Cp\u003E\u003Cbr \/\u003E\u003Cstrong\u003ESource :\u003C\/strong\u003E\u003Cstrong\u003E\u00a0\u003C\/strong\u003E\u003C\/p\u003E\u003Cul\u003E\t\u003Cli\u003E\u003Ca href=\u0022https:\/\/www.legifrance.gouv.fr\/jorf\/id\/JORFTEXT000050854851\u0022 rel=\u0022noopener\u0022 target=\u0022_blank\u0022\u003EArr\u00eat\u00e9 du 23 d\u00e9cembre 2024 modifiant l\u0027arr\u00eat\u00e9 du 29 juillet 1987 relatif aux plafonds de ressources des b\u00e9n\u00e9ficiaires de la l\u00e9gislation sur les habitations \u00e0 loyer mod\u00e9r\u00e9 et des nouvelles aides de l\u0027Etat en secteur locatif\u003C\/a\u003E\u003C\/li\u003E\u003C\/ul\u003E\u003C\/div\u003E","annee":"2025","theme":" Indices, taux, bar\u00e8mes fiscaux","activites":["Agent immobilier"],"image":"https:\/\/www.weblex.fr\/sites\/default\/files\/chiffres_clef\/Shutterstock_plafondressourceshlm.jpg","created":"2025-01-24","modified":"2025-01-24"},{"url":"\/chiffres-cles\/redevance-due-par-les-operateurs-agrees-de-jeux-ou-de-paris-en-ligne-annee-2025","id":25753,"title":"Redevance due par les op\u00e9rateurs agr\u00e9\u00e9s de jeux ou de paris en ligne \u2013 Ann\u00e9e 2025","content":"\u003Cdiv\u003E                                              \u003Cp\u003ECette redevance est assise sur les sommes engag\u00e9es par les parieurs sur les paris hippiques en ligne au titre des courses organis\u00e9es par des soci\u00e9t\u00e9s de courses fran\u00e7aises.\u003C\/p\u003E\u003Cp\u003EElle est due par les soci\u00e9t\u00e9s devant \u00eatre soumises, en tant qu\u0027op\u00e9rateurs de paris hippiques en ligne, \u00e0 l\u0027agr\u00e9ment d\u00e9livr\u00e9 par l\u2019Autorit\u00e9 nationale des jeux.\u003C\/p\u003E\u003Cp\u003ELe taux de cette redevance est fix\u00e9 \u00e0 25,8 % depuis le 1er janvier 2025.\u003C\/p\u003E                                            \u003Cp\u003E\u003Cbr \/\u003E\u003Cstrong\u003ESource :\u003C\/strong\u003E\u003Cstrong\u003E\u00a0\u003C\/strong\u003E\u003C\/p\u003E\u003Cul\u003E\t\u003Cli\u003E\u003Ca href=\u0022https:\/\/www.legifrance.gouv.fr\/jorf\/id\/JORFTEXT000050872459\u0022 rel=\u0022noopener\u0022 target=\u0022_blank\u0022\u003ED\u00e9cret no 2024-1252 du 30 d\u00e9cembre 2024 fixant le taux de la redevance due par les op\u00e9rateurs agr\u00e9\u00e9s de paris hippiques en ligne aux soci\u00e9t\u00e9s de courses pour l\u0027ann\u00e9e 2025\u003C\/a\u003E\u003C\/li\u003E\u003C\/ul\u003E\u003C\/div\u003E","annee":"2025","theme":" Indices, taux, bar\u00e8mes fiscaux","activites":["Prestataire de services"],"image":"https:\/\/www.weblex.fr\/sites\/default\/files\/chiffres_clef\/Shutterstock_redevanceparishippiques.jpg","created":"2025-01-24","modified":"2025-01-24"},{"url":"\/chiffres-cles\/tarifs-de-publication-des-annonces-judicaires-et-legales-annee-2025","id":25726,"title":"Tarifs de publication des annonces judicaires et l\u00e9gales - Ann\u00e9e 2025","content":"\u003Cdiv\u003E                                              \u003Cp\u003ELes annonces judiciaires et l\u00e9gales font l\u0027objet d\u0027une tarification au caract\u00e8re.\u003C\/p\u003E\u003Cp\u003ELe tarif d\u0027une annonce est obtenu en multipliant le nombre total de caract\u00e8res qu\u0027elle comporte, espaces inclus et \u00e0 l\u0027exclusion de tout \u00e9l\u00e9ment de pr\u00e9sentation, par le tarif du caract\u00e8re fix\u00e9 ci-dessous. Le tarif ainsi obtenu est arrondi au centime d\u0027euro le plus proche.\u003C\/p\u003E\u003Cp\u003EL\u0027adjonction dans une annonce d\u0027\u00e9l\u00e9ments personnalis\u00e9s d\u0027identification ou de reconnaissance ne peut concerner que l\u0027annonceur en tant que personne soumise \u00e0 cette obligation de publicit\u00e9. Ces \u00e9l\u00e9ments ne sont ajout\u00e9s qu\u0027\u00e0 la demande expresse de celui-ci.\u003C\/p\u003E\u003Cp\u003ELes tarifs sont r\u00e9duits de 70 % pour les annonces faites par les personnes qui b\u00e9n\u00e9ficient de l\u0027aide juridictionnelle ou lorsque les demandes d\u0027annonces sont formul\u00e9es par les juridictions en vue de satisfaire \u00e0 une obligation de publication mise \u00e0 la charge de personnes b\u00e9n\u00e9ficiant de l\u0027aide juridictionnelle. Ils sont r\u00e9duits de 50 % pour les annonces prescrites dans le cadre des proc\u00e9dures pr\u00e9vues par le livre VI du Code de commerce, \u00e0 l\u0027exception des annonces faisant l\u0027objet d\u0027une tarification forfaitaire de la mani\u00e8re pr\u00e9vue ci-dessous.\u003C\/p\u003E\u003Cp\u003EIls sont r\u00e9duits de 50 % pour les annonces faites par les personnes dans le cadre du transfert universel du patrimoine professionnel de l\u0027entrepreneur individuel pr\u00e9vues par les articles L526-27 et D526-30 du Code de commerce.\u003C\/p\u003E\u003Cp\u003ELe tarif d\u0027insertion d\u0027une annonce judiciaire et l\u00e9gale ne peut faire l\u0027objet d\u0027aucune remise ou ristourne.\u003C\/p\u003E\u003Cp\u003ELe tarif appliqu\u00e9 par l\u0027\u00e9diteur du support habilit\u00e9 \u00e0 recevoir des annonces l\u00e9gales figure en t\u00eate de la rubrique des annonces judiciaires et l\u00e9gales de ce m\u00eame support.\u003C\/p\u003E\u003Cp\u003ELe tarif est fix\u00e9 comme suit :\u003C\/p\u003E\u003Cul\u003E\t\u003Cli\u003Ele tarif d\u0027un caract\u00e8re est de 0,187\u0026nbsp;\u20ac hors taxe dans les d\u00e9partements suivants (annexe 1) :\u003C\/li\u003E\u003C\/ul\u003E\u003Cp\u003E01 Ain.\u003Cbr \/\u003E03 Allier.\u003Cbr \/\u003E04 Alpes-de-Haute-Provence.\u003Cbr \/\u003E05 Hautes-Alpes.\u003Cbr \/\u003E06 Alpes-Maritimes.\u003Cbr \/\u003E09 Ari\u00e8ge.\u003Cbr \/\u003E10 Aube.\u003Cbr \/\u003E11 Aude.\u003Cbr \/\u003E12 Aveyron.\u003Cbr \/\u003E13 Bouches-du-Rh\u00f4ne.\u003Cbr \/\u003E14 Calvados.\u003Cbr \/\u003E15 Cantal.\u003Cbr \/\u003E16 Charente.\u003Cbr \/\u003E17 Charente-Maritime.\u003Cbr \/\u003E18 Cher.\u003Cbr \/\u003E19 Corr\u00e8ze.\u003Cbr \/\u003E2A Corse-du-Sud.\u003Cbr \/\u003E2B Haute-Corse.\u003Cbr \/\u003E21 C\u00f4te-d\u0027Or.\u003Cbr \/\u003E22 C\u00f4tes-d\u0027Armor.\u003Cbr \/\u003E24 Dordogne.\u003Cbr \/\u003E23 Creuse.\u003Cbr \/\u003E25 Doubs.\u003Cbr \/\u003E29 Finist\u00e8re.\u003Cbr \/\u003E28 Eure-et-Loir.\u003Cbr \/\u003E30 Gard.\u003Cbr \/\u003E31 Haute-Garonne.\u003Cbr \/\u003E32 Gers.\u003Cbr \/\u003E33 Gironde.\u003Cbr \/\u003E34 H\u00e9rault.\u003Cbr \/\u003E35 Ille-et-Vilaine.\u003Cbr \/\u003E36 Indre.\u003Cbr \/\u003E37 Indre-et-Loire.\u003Cbr \/\u003E39 Jura.\u003Cbr \/\u003E40 Landes.\u003Cbr \/\u003E41 Loir-et-Cher.\u003Cbr \/\u003E42 Loire.\u003Cbr \/\u003E43 Haute-Loire.\u003Cbr \/\u003E44 Loire-Atlantique.\u003Cbr \/\u003E45 Loiret.\u003Cbr \/\u003E46 Lot.\u003Cbr \/\u003E47 Lot-et-Garonne.\u003Cbr \/\u003E48 Loz\u00e8re.\u003Cbr \/\u003E49 Maine-et-Loire.\u003Cbr \/\u003E50 Manche.\u003Cbr \/\u003E51 Marne.\u003Cbr \/\u003E52 Haute-Marne.\u003Cbr \/\u003E53 Mayenne.\u003Cbr \/\u003E54 Meurthe-et-Moselle.\u003Cbr \/\u003E55 Meuse.\u003Cbr \/\u003E56 Morbihan.\u003Cbr \/\u003E57 Moselle.\u003Cbr \/\u003E58 Ni\u00e8vre.\u003Cbr \/\u003E61 Orne.\u003Cbr \/\u003E63 Puy-de-D\u00f4me.\u003Cbr \/\u003E64 Pyr\u00e9n\u00e9es-Atlantiques.\u003Cbr \/\u003E65 Hautes-Pyr\u00e9n\u00e9es.\u003Cbr \/\u003E66 Pyr\u00e9n\u00e9es-Orientales.\u003Cbr \/\u003E67 Bas-Rhin.\u003Cbr \/\u003E68 Haut-Rhin.\u003Cbr \/\u003E70 Haute-Sa\u00f4ne.\u003Cbr \/\u003E71 Sa\u00f4ne-et-Loire.\u003Cbr \/\u003E72 Sarthe.\u003Cbr \/\u003E73 Savoie.\u003Cbr \/\u003E74 Haute-Savoie.\u003Cbr \/\u003E79 Deux-S\u00e8vres.\u003Cbr \/\u003E81 Tarn.\u003Cbr \/\u003E82 Tarn-et-Garonne.\u003Cbr \/\u003E83 Var.\u003Cbr \/\u003E84 Vaucluse.\u003Cbr \/\u003E85 Vend\u00e9e.\u003Cbr \/\u003E86 Vienne.\u003Cbr \/\u003E87 Haute-Vienne.\u003Cbr \/\u003E88 Vosges.\u003Cbr \/\u003E90 Territoire de Belfort.\u003C\/p\u003E\u003Cul\u003E\t\u003Cli\u003Ele tarif d\u0027un caract\u00e8re est de 0,193 \u20ac hors taxe dans les d\u00e9partements suivants (annexe 2) :\u003C\/li\u003E\u003C\/ul\u003E\u003Cp\u003E02 Aisne.\u003Cbr \/\u003E07 Ard\u00e8che.\u003Cbr \/\u003E08 Ardennes.\u003Cbr \/\u003E26 Dr\u00f4me.\u003Cbr \/\u003E38 Is\u00e8re.\u003Cbr \/\u003E60 Oise.\u003Cbr \/\u003E69 Rh\u00f4ne.\u003Cbr \/\u003E80 Somme.\u003Cbr \/\u003E89 Yonne.\u003C\/p\u003E\u003Cul\u003E\t\u003Cli\u003Ele tarif d\u0027un caract\u00e8re est de 0,204\u0026nbsp;\u20ac hors taxe dans les d\u00e9partements suivants (annexe 3) :\u003C\/li\u003E\u003C\/ul\u003E\u003Cp\u003E27 Eure.\u003Cbr \/\u003E76 Seine-Maritime.\u003C\/p\u003E\u003Cul\u003E\t\u003Cli\u003Ele tarif d\u2019un caract\u00e8re est de 0,225\u0026nbsp;\u20ac hors taxe dans les d\u00e9partements suivants (annexe 4) :\u003C\/li\u003E\u003C\/ul\u003E\u003Cp\u003E59 Nord.\u003Cbr \/\u003E62 Pas-de-Calais.\u003Cbr \/\u003E77 Seine-et-Marne.\u003Cbr \/\u003E78 Yvelines.\u003Cbr \/\u003E91 Essonne.\u003Cbr \/\u003E95 Val-d\u0027Oise.\u003C\/p\u003E\u003Cul\u003E\t\u003Cli\u003Ele tarif d\u0027un caract\u00e8re est de 0,237\u0026nbsp;\u20ac hors taxe dans les d\u00e9partements suivants (annexe 5) :\u003C\/li\u003E\u003C\/ul\u003E\u003Cp\u003E75 Paris.\u003Cbr \/\u003E92 Hauts-de-Seine.\u003Cbr \/\u003E93 Seine-Saint-Denis.\u003Cbr \/\u003E94 Val-de-Marne.\u003C\/p\u003E\u003Cul\u003E\t\u003Cli\u003Ele tarif d\u0027un caract\u00e8re est de 0,183\u0026nbsp;\u20ac hors taxe dans les d\u00e9partements suivants (annexe 6) :\u003C\/li\u003E\u003C\/ul\u003E\u003Cp\u003E971 Guadeloupe.\u003Cbr \/\u003E972 Martinique.\u003Cbr \/\u003E973 Guyane.\u003Cbr \/\u003E977 Saint-Barth\u00e9lemy.\u003Cbr \/\u003E978 Saint-Martin.\u003Cbr \/\u003E986 Wallis-et-Futuna.\u003C\/p\u003E\u003Cul\u003E\t\u003Cli\u003Ele tarif d\u2019un caract\u00e8re est de 0,208\u0026nbsp;\u20ac hors taxe dans les d\u00e9partements suivants (annexe 7) :\u003C\/li\u003E\u003C\/ul\u003E\u003Cp\u003E974 La R\u00e9union.\u003Cbr \/\u003E976 Mayotte.\u003C\/p\u003E\u003Cp\u003E\u003Cbr \/\u003EPar d\u00e9rogation, le tarif des annonces l\u00e9gales relatives \u00e0 la constitution de soci\u00e9t\u00e9s commerciales et \u00e0 la constitution de soci\u00e9t\u00e9s civiles pr\u00e9vues par l\u0027article 22 du d\u00e9cret no 78-704 du 3 juillet 1978 est \u00e9tabli comme suit :\u003C\/p\u003E\u003Ctable class=\u0022MsoTableGrid\u0022 width=\u0022614\u0022\u003E\t\u003Ctbody\u003E\t\t\u003Ctr\u003E\t\t\t\u003Ctd\u003E\t\t\t\u003Cp align=\u0022center\u0022\u003EForme de la soci\u00e9t\u00e9\u003C\/p\u003E\t\t\t\u003C\/td\u003E\t\t\t\u003Ctd\u003E\t\t\t\u003Cp align=\u0022center\u0022\u003ETarif forfaitaire hors taxe dans les d\u00e9partements figurant aux annexes I \u00e0 VI\u003C\/p\u003E\t\t\t\u003C\/td\u003E\t\t\t\u003Ctd valign=\u0022top\u0022\u003E\t\t\t\u003Cp align=\u0022center\u0022\u003ETarif forfaitaire hors taxe dans les d\u00e9partements figurant \u00e0 l\u2019annexe VII\u003C\/p\u003E\t\t\t\u003C\/td\u003E\t\t\u003C\/tr\u003E\t\t\u003Ctr\u003E\t\t\t\u003Ctd\u003E\t\t\t\u003Cp\u003ESoci\u00e9t\u00e9 anonyme (SA)\u003C\/p\u003E\t\t\t\u003C\/td\u003E\t\t\t\u003Ctd\u003E\t\t\t\u003Cp align=\u0022center\u0022\u003E395\u0026nbsp;\u20ac\u003C\/p\u003E\t\t\t\u003C\/td\u003E\t\t\t\u003Ctd\u003E\t\t\t\u003Cp align=\u0022center\u0022\u003E462\u0026nbsp;\u20ac\u003C\/p\u003E\t\t\t\u003C\/td\u003E\t\t\u003C\/tr\u003E\t\t\u003Ctr\u003E\t\t\t\u003Ctd\u003E\t\t\t\u003Cp\u003ESoci\u00e9t\u00e9 par actions simplifi\u00e9es (SAS)\u003C\/p\u003E\t\t\t\u003C\/td\u003E\t\t\t\u003Ctd\u003E\t\t\t\u003Cp align=\u0022center\u0022\u003E197\u0026nbsp;\u20ac\u003C\/p\u003E\t\t\t\u003C\/td\u003E\t\t\t\u003Ctd\u003E\t\t\t\u003Cp align=\u0022center\u0022\u003E231\u0026nbsp;\u20ac\u003C\/p\u003E\t\t\t\u003C\/td\u003E\t\t\u003C\/tr\u003E\t\t\u003Ctr\u003E\t\t\t\u003Ctd\u003E\t\t\t\u003Cp\u003ESoci\u00e9t\u00e9 par actions simplifi\u00e9es unipersonnelle (SASU)\u003C\/p\u003E\t\t\t\u003C\/td\u003E\t\t\t\u003Ctd\u003E\t\t\t\u003Cp align=\u0022center\u0022\u003E141\u0026nbsp;\u20ac\u003C\/p\u003E\t\t\t\u003C\/td\u003E\t\t\t\u003Ctd\u003E\t\t\t\u003Cp align=\u0022center\u0022\u003E165\u0026nbsp;\u20ac\u003C\/p\u003E\t\t\t\u003C\/td\u003E\t\t\u003C\/tr\u003E\t\t\u003Ctr\u003E\t\t\t\u003Ctd\u003E\t\t\t\u003Cp\u003ESoci\u00e9t\u00e9 en nom collectif (SNC)\u003C\/p\u003E\t\t\t\u003C\/td\u003E\t\t\t\u003Ctd\u003E\t\t\t\u003Cp align=\u0022center\u0022\u003E218\u0026nbsp;\u20ac\u003C\/p\u003E\t\t\t\u003C\/td\u003E\t\t\t\u003Ctd\u003E\t\t\t\u003Cp align=\u0022center\u0022\u003E257\u0026nbsp;\u20ac\u003C\/p\u003E\t\t\t\u003C\/td\u003E\t\t\u003C\/tr\u003E\t\t\u003Ctr\u003E\t\t\t\u003Ctd\u003E\t\t\t\u003Cp\u003ESoci\u00e9t\u00e9 \u00e0 responsabilit\u00e9 limit\u00e9e (SARL)\u003C\/p\u003E\t\t\t\u003C\/td\u003E\t\t\t\u003Ctd\u003E\t\t\t\u003Cp align=\u0022center\u0022\u003E147\u0026nbsp;\u20ac\u003C\/p\u003E\t\t\t\u003C\/td\u003E\t\t\t\u003Ctd\u003E\t\t\t\u003Cp align=\u0022center\u0022\u003E171 \u20ac\u003C\/p\u003E\t\t\t\u003C\/td\u003E\t\t\u003C\/tr\u003E\t\t\u003Ctr\u003E\t\t\t\u003Ctd\u003E\t\t\t\u003Cp\u003ESoci\u00e9t\u00e9 \u00e0 responsabilit\u00e9 limit\u00e9e unipersonnelle (dite \u00ab\u0026nbsp;entreprise unipersonnelle \u00e0 responsabilit\u00e9 limit\u00e9e\u0026nbsp;\u00bb, EURL)\u003C\/p\u003E\t\t\t\u003C\/td\u003E\t\t\t\u003Ctd\u003E\t\t\t\u003Cp align=\u0022center\u0022\u003E123\u0026nbsp;\u20ac\u003C\/p\u003E\t\t\t\u003C\/td\u003E\t\t\t\u003Ctd\u003E\t\t\t\u003Cp align=\u0022center\u0022\u003E146\u0026nbsp;\u20ac\u003C\/p\u003E\t\t\t\u003C\/td\u003E\t\t\u003C\/tr\u003E\t\t\u003Ctr\u003E\t\t\t\u003Ctd\u003E\t\t\t\u003Cp\u003ESoci\u00e9t\u00e9 civile (\u00e0 l\u2019exception des soci\u00e9t\u00e9s civiles \u00e0 objet immobilier)\u003C\/p\u003E\t\t\t\u003C\/td\u003E\t\t\t\u003Ctd\u003E\t\t\t\u003Cp align=\u0022center\u0022\u003E220\u0026nbsp;\u20ac\u003C\/p\u003E\t\t\t\u003C\/td\u003E\t\t\t\u003Ctd\u003E\t\t\t\u003Cp align=\u0022center\u0022\u003E260\u0026nbsp;\u20ac\u003C\/p\u003E\t\t\t\u003C\/td\u003E\t\t\u003C\/tr\u003E\t\t\u003Ctr\u003E\t\t\t\u003Ctd\u003E\t\t\t\u003Cp\u003ESoci\u00e9t\u00e9 civile \u00e0 objet immobilier (dite \u00ab\u0026nbsp;soci\u00e9t\u00e9 civile immobili\u00e8re\u0026nbsp;\u00bb, SCI)\u003C\/p\u003E\t\t\t\u003C\/td\u003E\t\t\t\u003Ctd\u003E\t\t\t\u003Cp align=\u0022center\u0022\u003E189\u0026nbsp;\u20ac\u003C\/p\u003E\t\t\t\u003C\/td\u003E\t\t\t\u003Ctd\u003E\t\t\t\u003Cp align=\u0022center\u0022\u003E221\u0026nbsp;\u20ac\u003C\/p\u003E\t\t\t\u003C\/td\u003E\t\t\u003C\/tr\u003E\t\u003C\/tbody\u003E\u003C\/table\u003E\u003Cp\u003ELe tarif des annonces l\u00e9gales relatives \u00e0 la constitution des groupements agricoles d\u0027exploitation en commun et de soci\u00e9t\u00e9s dont la forme n\u0027est pas mentionn\u00e9e au sein du tableau ci-dessus demeure d\u00e9termin\u00e9 de la mani\u00e8re habituelle.\u003C\/p\u003E\u003Cp\u003ELe tarif des annonces l\u00e9gales relatives \u00e0 l\u0027acte de nomination des liquidateurs des soci\u00e9t\u00e9s commerciales et des soci\u00e9t\u00e9s civiles pr\u00e9vues \u00e0 l\u0027article 27 du d\u00e9cret no 78-704 du 3 juillet 1978 est \u00e9tabli comme suit :\u003Cbr \/\u003E\u0026nbsp;\u003C\/p\u003E\u003Ctable class=\u0022MsoTableGrid\u0022\u003E\t\u003Ctbody\u003E\t\t\u003Ctr\u003E\t\t\t\u003Ctd\u003E\t\t\t\u003Cp align=\u0022center\u0022\u003ETarif forfaitaire hors taxe dans les d\u00e9partements figurant aux annexes I \u00e0 VI\u003C\/p\u003E\t\t\t\u003C\/td\u003E\t\t\t\u003Ctd valign=\u0022top\u0022\u003E\t\t\t\u003Cp align=\u0022center\u0022\u003ETarif forfaitaire hors taxe dans les d\u00e9partements figurant \u00e0 l\u2019annexe VII\u003C\/p\u003E\t\t\t\u003C\/td\u003E\t\t\u003C\/tr\u003E\t\t\u003Ctr\u003E\t\t\t\u003Ctd valign=\u0022top\u0022\u003E\t\t\t\u003Cp align=\u0022center\u0022\u003E152\u0026nbsp;\u20ac\u003C\/p\u003E\t\t\t\u003C\/td\u003E\t\t\t\u003Ctd valign=\u0022top\u0022\u003E\t\t\t\u003Cp align=\u0022center\u0022\u003E179 \u20ac\u003C\/p\u003E\t\t\t\u003C\/td\u003E\t\t\u003C\/tr\u003E\t\u003C\/tbody\u003E\u003C\/table\u003E\u003Cp\u003ELe tarif des annonces l\u00e9gales relatives \u00e0 l\u0027avis de cl\u00f4ture de la liquidation des soci\u00e9t\u00e9s commerciales et des soci\u00e9t\u00e9s civiles pr\u00e9vues \u00e0 l\u0027article 29 du d\u00e9cret no 78-704 du 3 juillet 1978 est \u00e9tabli comme suit :\u003C\/p\u003E\u003Ctable class=\u0022MsoTableGrid\u0022\u003E\t\u003Ctbody\u003E\t\t\u003Ctr\u003E\t\t\t\u003Ctd\u003E\t\t\t\u003Cp align=\u0022center\u0022\u003ETarif forfaitaire hors taxe dans les d\u00e9partements figurant aux annexes I \u00e0 VI\u003C\/p\u003E\t\t\t\u003C\/td\u003E\t\t\t\u003Ctd valign=\u0022top\u0022\u003E\t\t\t\u003Cp align=\u0022center\u0022\u003ETarif forfaitaire hors taxe dans les d\u00e9partements figurant \u00e0 l\u2019annexe VII\u003C\/p\u003E\t\t\t\u003C\/td\u003E\t\t\u003C\/tr\u003E\t\t\u003Ctr\u003E\t\t\t\u003Ctd valign=\u0022top\u0022\u003E\t\t\t\u003Cp align=\u0022center\u0022\u003E110\u0026nbsp;\u20ac\u003C\/p\u003E\t\t\t\u003C\/td\u003E\t\t\t\u003Ctd valign=\u0022top\u0022\u003E\t\t\t\u003Cp align=\u0022center\u0022\u003E128\u0026nbsp;\u20ac\u003C\/p\u003E\t\t\t\u003C\/td\u003E\t\t\u003C\/tr\u003E\t\u003C\/tbody\u003E\u003C\/table\u003E\u003Cp\u003ELe tarif des annonces l\u00e9gales relatives aux jugements d\u0027ouverture des proc\u00e9dures collectives est \u00e9tabli comme suit :\u003C\/p\u003E\u003Ctable class=\u0022MsoTableGrid\u0022\u003E\t\u003Ctbody\u003E\t\t\u003Ctr\u003E\t\t\t\u003Ctd\u003E\t\t\t\u003Cp align=\u0022center\u0022\u003ETarif forfaitaire hors taxe dans les d\u00e9partements figurant aux annexes I \u00e0 VI\u003C\/p\u003E\t\t\t\u003C\/td\u003E\t\t\t\u003Ctd valign=\u0022top\u0022\u003E\t\t\t\u003Cp align=\u0022center\u0022\u003ETarif forfaitaire hors taxe dans les d\u00e9partements figurant \u00e0 l\u2019annexe VII\u003C\/p\u003E\t\t\t\u003C\/td\u003E\t\t\u003C\/tr\u003E\t\t\u003Ctr\u003E\t\t\t\u003Ctd valign=\u0022top\u0022\u003E\t\t\t\u003Cp align=\u0022center\u0022\u003E65\u0026nbsp;\u20ac\u003C\/p\u003E\t\t\t\u003C\/td\u003E\t\t\t\u003Ctd valign=\u0022top\u0022\u003E\t\t\t\u003Cp align=\u0022center\u0022\u003E77\u0026nbsp;\u20ac\u003C\/p\u003E\t\t\t\u003C\/td\u003E\t\t\u003C\/tr\u003E\t\u003C\/tbody\u003E\u003C\/table\u003E\u003Cp\u003ELe tarif des annonces l\u00e9gales relatives aux jugements de cl\u00f4ture des proc\u00e9dures collectives est \u00e9tabli comme suit :\u003C\/p\u003E\u003Ctable class=\u0022MsoTableGrid\u0022\u003E\t\u003Ctbody\u003E\t\t\u003Ctr\u003E\t\t\t\u003Ctd\u003E\t\t\t\u003Cp align=\u0022center\u0022\u003ETarif forfaitaire hors taxe dans les d\u00e9partements figurant aux annexes I \u00e0 VI\u003C\/p\u003E\t\t\t\u003C\/td\u003E\t\t\t\u003Ctd valign=\u0022top\u0022\u003E\t\t\t\u003Cp align=\u0022center\u0022\u003ETarif forfaitaire hors taxe dans les d\u00e9partements figurant \u00e0 l\u2019annexe VII\u003C\/p\u003E\t\t\t\u003C\/td\u003E\t\t\u003C\/tr\u003E\t\t\u003Ctr\u003E\t\t\t\u003Ctd valign=\u0022top\u0022\u003E\t\t\t\u003Cp align=\u0022center\u0022\u003E36\u0026nbsp;\u20ac\u003C\/p\u003E\t\t\t\u003C\/td\u003E\t\t\t\u003Ctd valign=\u0022top\u0022\u003E\t\t\t\u003Cp align=\u0022center\u0022\u003E42\u0026nbsp;\u20ac\u003C\/p\u003E\t\t\t\u003C\/td\u003E\t\t\u003C\/tr\u003E\t\u003C\/tbody\u003E\u003C\/table\u003E\u003Cp\u003ELe tarif des annonces l\u00e9gales relatives au changement de nom patronymique pour motif l\u00e9gitime (r\u00e9gi par l\u0027article 61 du Code civil) est \u00e9tabli comme suit :\u003C\/p\u003E\u003Ctable class=\u0022MsoTableGrid\u0022\u003E\t\u003Ctbody\u003E\t\t\u003Ctr\u003E\t\t\t\u003Ctd\u003E\t\t\t\u003Cp align=\u0022center\u0022\u003ETarif forfaitaire hors taxe dans les d\u00e9partements figurant aux annexes I \u00e0 VI\u003C\/p\u003E\t\t\t\u003C\/td\u003E\t\t\t\u003Ctd valign=\u0022top\u0022\u003E\t\t\t\u003Cp align=\u0022center\u0022\u003ETarif forfaitaire hors taxe dans les d\u00e9partements figurant \u00e0 l\u2019annexe VII\u003C\/p\u003E\t\t\t\u003C\/td\u003E\t\t\u003C\/tr\u003E\t\t\u003Ctr\u003E\t\t\t\u003Ctd valign=\u0022top\u0022\u003E\t\t\t\u003Cp align=\u0022center\u0022\u003E57\u0026nbsp;\u20ac\u003C\/p\u003E\t\t\t\u003C\/td\u003E\t\t\t\u003Ctd valign=\u0022top\u0022\u003E\t\t\t\u003Cp align=\u0022center\u0022\u003E57 \u20ac\u003C\/p\u003E\t\t\t\u003C\/td\u003E\t\t\u003C\/tr\u003E\t\u003C\/tbody\u003E\u003C\/table\u003E\u003Cp\u003ELe tarif :\u003C\/p\u003E\u003Cul\u003E\t\u003Cli\u003Edes annonces l\u00e9gales relatives \u00e0 la d\u00e9mission pour motif l\u00e9gitime, \u00e0 la nomination et \u00e0 la cessation de fonction du commissaire aux comptes des soci\u00e9t\u00e9s commerciales pr\u00e9vues par l\u0027article R. 210-9 du code de commerce et des soci\u00e9t\u00e9s civiles pr\u00e9vues \u00e0 l\u0027article 24 du d\u00e9cret du 3 juillet 1978 susvis\u00e9 ;\u003C\/li\u003E\t\u003Cli\u003Edes annonces l\u00e9gales relatives \u00e0 la modification de la date d\u0027ouverture et de cl\u00f4ture de l\u0027exercice social, de la modification de la date de commencement d\u0027activit\u00e9 et de la prorogation des soci\u00e9t\u00e9s commerciales, pr\u00e9vues \u00e0 l\u0027article R. 210-9 du code de commerce et des soci\u00e9t\u00e9s civiles pr\u00e9vues \u00e0 l\u0027article 24 du d\u00e9cret du 3 juillet 1978 susvis\u00e9 ;\u003C\/li\u003E\t\u003Cli\u003Edes annonces l\u00e9gales relatives au transfert du si\u00e8ge social des soci\u00e9t\u00e9s commerciales pr\u00e9vues \u00e0 l\u0027article R. 210-9 du code de commerce, des soci\u00e9t\u00e9s europ\u00e9ennes pr\u00e9vues aux articles R. 229-3 et R. 229-5 du code de commerce et des soci\u00e9t\u00e9s civiles pr\u00e9vues aux articles 24 et 26 du d\u00e9cret du 3 juillet 1978 susvis\u00e9 ;\u003C\/li\u003E\t\u003Cli\u003Edes annonces l\u00e9gales relatives \u00e0 la nomination et \u00e0 la cessation de fonction des g\u00e9rants des soci\u00e9t\u00e9s commerciales pr\u00e9vues \u00e0 l\u0027article R. 210-9 du code de commerce et des annonces relatives \u00e0 la nomination des g\u00e9rants des soci\u00e9t\u00e9s civiles pr\u00e9vues aux articles 24 et 35 du d\u00e9cret du 3 juillet 1978 susvis\u00e9 ;\u003C\/li\u003E\t\u003Cli\u003Edes annonces l\u00e9gales relatives \u00e0 la reconstitution du capital social des soci\u00e9t\u00e9s commerciales pr\u00e9vues \u00e0 l\u0027article R. 210-9 du code de commerce et des soci\u00e9t\u00e9s civiles pr\u00e9vues \u00e0 l\u0027article 24 du d\u00e9cret du 3 juillet 1978 susvis\u00e9 ;\u003C\/li\u003E\u003C\/ul\u003E\u003Cp\u003Eest \u00e9tabli comme suit :\u003C\/p\u003E\u003Ctable class=\u0022MsoTableGrid\u0022\u003E\t\u003Ctbody\u003E\t\t\u003Ctr\u003E\t\t\t\u003Ctd\u003E\t\t\t\u003Cp align=\u0022center\u0022\u003ETarif forfaitaire hors taxe dans les d\u00e9partements figurant aux annexes I \u00e0 VI\u003C\/p\u003E\t\t\t\u003C\/td\u003E\t\t\t\u003Ctd valign=\u0022top\u0022\u003E\t\t\t\u003Cp align=\u0022center\u0022\u003ETarif forfaitaire hors taxe dans les d\u00e9partements figurant \u00e0 l\u2019annexe VII\u003C\/p\u003E\t\t\t\u003C\/td\u003E\t\t\u003C\/tr\u003E\t\t\u003Ctr\u003E\t\t\t\u003Ctd valign=\u0022top\u0022\u003E\t\t\t\u003Cp align=\u0022center\u0022\u003E108\u0026nbsp;\u20ac\u003C\/p\u003E\t\t\t\u003C\/td\u003E\t\t\t\u003Ctd valign=\u0022top\u0022\u003E\t\t\t\u003Cp align=\u0022center\u0022\u003E125\u0026nbsp;\u20ac\u003C\/p\u003E\t\t\t\u003C\/td\u003E\t\t\u003C\/tr\u003E\t\u003C\/tbody\u003E\u003C\/table\u003E\u003Cp\u003ELe tarif :\u003C\/p\u003E\u003Cul\u003E\t\u003Cli\u003Edes annonces l\u00e9gales relatives au changement de l\u0027objet social des soci\u00e9t\u00e9s commerciales pr\u00e9vues \u00e0 l\u0027article R. 210-9 du code de commerce et des soci\u00e9t\u00e9s civiles pr\u00e9vues \u00e0 l\u0027article 24 du d\u00e9cret du 3 juillet 1978 susvis\u00e9 ;\u003C\/li\u003E\t\u003Cli\u003Edes annonces l\u00e9gales relatives \u00e0 la nomination de l\u0027administrateur judiciaire des soci\u00e9t\u00e9s commerciales pr\u00e9vues \u00e0 l\u0027article R. 237-3 du code de commerce et des soci\u00e9t\u00e9s civiles pr\u00e9vues \u00e0 l\u0027article 28 du d\u00e9cret du 3 juillet 1978 susvis\u00e9 ;\u003C\/li\u003E\t\u003Cli\u003Edes annonces l\u00e9gales relatives \u00e0 la r\u00e9duction du capital social des soci\u00e9t\u00e9s commerciales pr\u00e9vues \u00e0 l\u0027article R. 210-9 du code de commerce et des soci\u00e9t\u00e9s civiles pr\u00e9vues \u00e0 l\u0027article 24 du d\u00e9cret du 3 juillet 1978 susvis\u00e9 ;\u003C\/li\u003E\u003C\/ul\u003E\u003Cp\u003Eest \u00e9tabli comme suit :\u003C\/p\u003E\u003Ctable class=\u0022MsoTableGrid\u0022\u003E\t\u003Ctbody\u003E\t\t\u003Ctr\u003E\t\t\t\u003Ctd\u003E\t\t\t\u003Cp align=\u0022center\u0022\u003ETarif forfaitaire hors taxe dans les d\u00e9partements figurant aux annexes I \u00e0 VI\u003C\/p\u003E\t\t\t\u003C\/td\u003E\t\t\t\u003Ctd valign=\u0022top\u0022\u003E\t\t\t\u003Cp align=\u0022center\u0022\u003ETarif forfaitaire hors taxe dans les d\u00e9partements figurant \u00e0 l\u2019annexe VII\u003C\/p\u003E\t\t\t\u003C\/td\u003E\t\t\u003C\/tr\u003E\t\t\u003Ctr\u003E\t\t\t\u003Ctd valign=\u0022top\u0022\u003E\t\t\t\u003Cp align=\u0022center\u0022\u003E135\u0026nbsp;\u20ac\u003C\/p\u003E\t\t\t\u003C\/td\u003E\t\t\t\u003Ctd valign=\u0022top\u0022\u003E\t\t\t\u003Cp align=\u0022center\u0022\u003E156\u0026nbsp;\u20ac\u003C\/p\u003E\t\t\t\u003C\/td\u003E\t\t\u003C\/tr\u003E\t\u003C\/tbody\u003E\u003C\/table\u003E\u003Cp\u003ELe tarif :\u003C\/p\u003E\u003Cul\u003E\t\u003Cli\u003Edes annonces l\u00e9gales relatives \u00e0 la r\u00e9siliation du bail commercial r\u00e9gie par la section 7 du titre IV du chapitre V du livre Ier du code de commerce ;\u003C\/li\u003E\t\u003Cli\u003Edes annonces l\u00e9gales relatives \u00e0 la cession d\u0027actions des soci\u00e9t\u00e9s commerciales pr\u00e9vues \u00e0 l\u0027article R. 210-9 du code de commerce et \u00e0 la cession de parts sociales des soci\u00e9t\u00e9s civiles pr\u00e9vues \u00e0 l\u0027article 24 du d\u00e9cret du 3 juillet 1978 susvis\u00e9 ;\u003C\/li\u003E\t\u003Cli\u003Edes annonces l\u00e9gales relatives \u00e0 la transformation de la forme sociale des soci\u00e9t\u00e9s commerciales pr\u00e9vues \u00e0 l\u0027article R. 210-9 du code de commerce et des soci\u00e9t\u00e9s civiles pr\u00e9vues \u00e0 l\u0027article 24 du d\u00e9cret du 3 juillet 1978 susvis\u00e9, \u00e0 la transformation des soci\u00e9t\u00e9s anonymes en soci\u00e9t\u00e9s europ\u00e9ennes pr\u00e9vues \u00e0 l\u0027article R. 229-20 du code de commerce et \u00e0 la transformation des soci\u00e9t\u00e9s europ\u00e9ennes en soci\u00e9t\u00e9s anonymes pr\u00e9vues \u00e0 l\u0027article R. 229-26 du code de commerce ;\u003C\/li\u003E\t\u003Cli\u003Edes annonces l\u00e9gales relatives aux mouvements d\u0027associ\u00e9s des soci\u00e9t\u00e9s commerciales pr\u00e9vues \u00e0 l\u0027article R. 210-9 du code de commerce, des soci\u00e9t\u00e9s civiles pr\u00e9vues \u00e0 l\u0027article 24 du d\u00e9cret du 3 juillet 1978 susvis\u00e9 et des associations d\u0027avocats pr\u00e9vues \u00e0 l\u0027article 128-1 du d\u00e9cret du 27 novembre 1991 susvis\u00e9 ;\u003C\/li\u003E\t\u003Cli\u003Edes annonces l\u00e9gales relatives au changement de la d\u00e9nomination sociale des soci\u00e9t\u00e9s commerciales pr\u00e9vues \u00e0 l\u0027article R. 210-9 du code de commerce et des soci\u00e9t\u00e9s civiles pr\u00e9vues \u00e0 l\u0027article 24 du d\u00e9cret du 3 juillet 1978 susvis\u00e9 ;\u003C\/li\u003E\u003C\/ul\u003E\u003Cp\u003Eest \u00e9tabli comme suit :\u003C\/p\u003E\u003Ctable class=\u0022MsoTableGrid\u0022\u003E\t\u003Ctbody\u003E\t\t\u003Ctr\u003E\t\t\t\u003Ctd\u003E\t\t\t\u003Cp align=\u0022center\u0022\u003ETarif forfaitaire hors taxe dans les d\u00e9partements figurant aux annexes I \u00e0 VI\u003C\/p\u003E\t\t\t\u003C\/td\u003E\t\t\t\u003Ctd valign=\u0022top\u0022\u003E\t\t\t\u003Cp align=\u0022center\u0022\u003ETarif forfaitaire hors taxe dans les d\u00e9partements figurant \u00e0 l\u2019annexe VII\u003C\/p\u003E\t\t\t\u003C\/td\u003E\t\t\u003C\/tr\u003E\t\t\u003Ctr\u003E\t\t\t\u003Ctd valign=\u0022top\u0022\u003E\t\t\t\u003Cp align=\u0022center\u0022\u003E197\u0026nbsp;\u20ac\u003C\/p\u003E\t\t\t\u003C\/td\u003E\t\t\t\u003Ctd valign=\u0022top\u0022\u003E\t\t\t\u003Cp align=\u0022center\u0022\u003E227\u0026nbsp;\u20ac\u003C\/p\u003E\t\t\t\u003C\/td\u003E\t\t\u003C\/tr\u003E\t\u003C\/tbody\u003E\u003C\/table\u003E\u003Cp\u003E\u003Cbr \/\u003E\u0026nbsp;\u003C\/p\u003E                                            \u003Cp\u003E\u003Cbr \/\u003E\u003Cstrong\u003ESource :\u003C\/strong\u003E\u003Cstrong\u003E\u00a0\u003C\/strong\u003E\u003C\/p\u003E\u003Cul\u003E\u003Cli\u003E\u003Ca href=\u0022https:\/\/www.legifrance.gouv.fr\/jorf\/id\/JORFTEXT000044378066\u0022 target=\u0022_blank\u0022 rel=\u0022noopener\u0022\u003EArr\u00eat\u00e9 du 19 novembre 2021 relatif \u00e0 la tarification et aux modalit\u00e9s de publication des annonces judiciaires et l\u00e9gales\u003C\/a\u003E\u003C\/li\u003E\u003Cli\u003E\u003Ca href=\u0022https:\/\/www.legifrance.gouv.fr\/jorf\/id\/JORFTEXT000050806264?init=true\u0026amp;page=1\u0026amp;query=modifiant+l%27arr%C3%AAt%C3%A9+du+19+novembre+2021+relatif+%C3%A0+la+tarification+et+aux+modalit%C3%A9s+de+publication+des+annonces+judiciaires+et+l%C3%A9gales\u0026amp;searchField=ALL\u0026amp;tab_selection=all\u0022 target=\u0022_blank\u0022 rel=\u0022noopener\u0022\u003EArr\u00eat\u00e9 du 16 d\u00e9cembre 2024 modifiant l\u0027arr\u00eat\u00e9 du 19 novembre 2021 relatif \u00e0 la tarification et aux modalit\u00e9s de publication des annonces judiciaires et l\u00e9gales\u003C\/a\u003E\u003C\/li\u003E\u003C\/ul\u003E\u003C\/div\u003E","annee":"2025","theme":" Indices, taux, bar\u00e8mes juridiques","activites":["Tout secteur"],"image":"https:\/\/www.weblex.fr\/sites\/default\/files\/chiffres_clef\/Shutterstock_annonceslegalesetjudiciaires.jpg","created":"2025-01-20","modified":"2026-02-10"},{"url":"\/chiffres-cles\/prix-des-prestations-d-hebergement-de-certains-etablissements-accueillant-des-personnes-agees-annee-2025","id":25723,"title":"Prix des prestations d\u0027h\u00e9bergement de certains \u00e9tablissements accueillant des personnes \u00e2g\u00e9es - Ann\u00e9e 2025","content":"\u003Cdiv\u003E                                              \u003Cp\u003ELes tarifs des EHPAD qui ne sont pas habilit\u00e9s \u00e0 recevoir des b\u00e9n\u00e9ficiaires de l\u2019aide sociale sont fix\u00e9s librement. Ils peuvent ensuite \u00e9voluer, chaque ann\u00e9e, dans la limite d\u2019un pourcentage fix\u00e9 par le Gouvernement.\u003C\/p\u003E\u003Cp\u003EPour l\u2019ann\u00e9e 2025, ils ne peuvent pas augmenter de plus 3,21 % par rapport \u00e0 l\u2019ann\u00e9e 2024.\u003C\/p\u003E                                            \u003Cp\u003E\u003Cbr \/\u003E\u003Cstrong\u003ESource :\u003C\/strong\u003E\u003Cstrong\u003E\u00a0\u003C\/strong\u003E\u003C\/p\u003E\u003Cul\u003E\u003Cli\u003E\u003Ca href=\u0022https:\/\/www.legifrance.gouv.fr\/jorf\/id\/JORFTEXT000050854538?init=true\u0026amp;page=1\u0026amp;query=Relatif+aux+prix+des+prestations+d%27h%C3%A9bergement+de+certains+%C3%A9tablissements+accueillant+des+personnes+%C3%A2g%C3%A9es\u0026amp;searchField=ALL\u0026amp;tab_selection=all\u0022 target=\u0022_blank\u0022 rel=\u0022noopener\u0022\u003EArr\u00eat\u00e9 du 23 d\u00e9cembre 2024 relatif aux prix des prestations d\u0027h\u00e9bergement de certains \u00e9tablissements accueillant des personnes \u00e2g\u00e9es\u003C\/a\u003E\u003C\/li\u003E\u003C\/ul\u003E\u003C\/div\u003E","annee":"2025","theme":" Indices, taux, bar\u00e8mes juridiques","activites":["Prestataire de services","Sant\u00e9"],"image":"https:\/\/www.weblex.fr\/sites\/default\/files\/chiffres_clef\/Shutterstock_tarifsaccueilpersonnesagees.jpg","created":"2025-01-17","modified":"2026-01-26"},{"url":"\/chiffres-cles\/prix-des-prestations-d-aide-et-d-accompagnement-a-domicile-de-certains-services-autonomie-a-domicile-annee-2025","id":25722,"title":"Prix des prestations d\u0027aide et d\u0027accompagnement \u00e0 domicile de certains services autonomie \u00e0 domicile - Ann\u00e9e 2025","content":"\u003Cdiv\u003E                                              \u003Cp\u003ELe taux d\u0027\u00e9volution maximum des prix des prestations d\u0027aide et d\u0027accompagnement \u00e0 domicile d\u00e9livr\u00e9s par les services autonomie \u00e0 domicile non habilit\u00e9s \u00e0 intervenir aupr\u00e8s de b\u00e9n\u00e9ficiaires de l\u0027aide sociale est d\u00e9fini annuellement par arr\u00eat\u00e9 minist\u00e9riel.\u003C\/p\u003E\u003Cp\u003ECe taux d\u0027\u00e9volution maximum, qui prend en compte l\u0027\u00e9volution des salaires, vise \u00e0 concilier l\u0027objectif d\u0027\u00e9quilibre financier des op\u00e9rateurs au vu de l\u0027inflation et de la hausse des salaires, avec la soutenabilit\u00e9 de la hausse des prix pour les usagers.\u003C\/p\u003E\u003Cp\u003EPour l\u2019ann\u00e9e 2025, ils ne peuvent pas augmenter de plus 3,84 % par rapport \u00e0 l\u2019ann\u00e9e 2024.\u003C\/p\u003E                                            \u003Cp\u003E\u003Cbr \/\u003E\u003Cstrong\u003ESource :\u003C\/strong\u003E\u003Cstrong\u003E\u00a0\u003C\/strong\u003E\u003C\/p\u003E\u003Cul\u003E\u003Cli\u003E\u003Ca href=\u0022https:\/\/www.legifrance.gouv.fr\/jorf\/id\/JORFTEXT000050854523?init=true\u0026amp;page=1\u0026amp;query=relatif+aux+prix+des+prestations+d%27aide+et+d%27accompagnement+%C3%A0+domicile+de+certains+services+autonomie+%C3%A0+domicile\u0026amp;searchField=ALL\u0026amp;tab_selection=all\u0022 target=\u0022_blank\u0022 rel=\u0022noopener\u0022\u003EArr\u00eat\u00e9 du 19\u0026nbsp;d\u00e9cembre 2024\u0026nbsp;relatif aux prix des prestations d\u2019aide et d\u2019accompagnement \u00e0 domicile de services autonomie \u00e0 domicile\u003C\/a\u003E\u003C\/li\u003E\u003C\/ul\u003E\u003C\/div\u003E","annee":"2025","theme":" Indices, taux, bar\u00e8mes juridiques","activites":["Prestataire de services"],"image":"https:\/\/www.weblex.fr\/sites\/default\/files\/chiffres_clef\/Shutterstock_tarifsprestationsaidesadomicile.jpg","created":"2025-01-17","modified":"2026-01-26"},{"url":"\/chiffres-cles\/plafonds-de-la-securite-sociale-annee-2025","id":25772,"title":"Plafonds de la S\u00e9curit\u00e9 sociale - Ann\u00e9e 2025","content":"\u003Cdiv\u003E                                              \u003Cp\u003ELe plafond de la S\u00e9curit\u00e9 Sociale est le montant maximum en euros des r\u00e9mun\u00e9rations ou gains \u00e0 prendre en compte pour le calcul de certaines cotisations. Il est fonction de la p\u00e9riodicit\u00e9 de la paie (mensuelle, trimestrielle, par quinzaine, etc.).\u003C\/p\u003E\u003Ctable border=\u00221\u0022 cellpadding=\u00220\u0022\u003E\t\u003Ctbody\u003E\t\t\u003Ctr\u003E\t\t\t\u003Ctd colspan=\u00227\u0022 width=\u0022604\u0022\u003E\t\t\t\u003Cp\u003EPlafonds de salaires par p\u00e9riodicit\u00e9 de paie\u003C\/p\u003E\t\t\t\u003Cp\u003EArticles D 242-17\u0026nbsp;et suivants du Code de la S\u00e9curit\u00e9 Sociale\u003C\/p\u003E\t\t\t\u003C\/td\u003E\t\t\u003C\/tr\u003E\t\t\u003Ctr\u003E\t\t\t\u003Ctd colspan=\u00227\u0022 width=\u0022604\u0022\u003E\t\t\t\u003Cp\u003EP\u00e9riode de r\u00e9f\u00e9rence : 01.01.2025\u0026nbsp;au 31.12.2025\u003C\/p\u003E\t\t\t\u003C\/td\u003E\t\t\u003C\/tr\u003E\t\t\u003Ctr\u003E\t\t\t\u003Ctd width=\u0022121\u0022\u003E\t\t\t\u003Cp\u003EAnn\u00e9e\u003C\/p\u003E\t\t\t\u003C\/td\u003E\t\t\t\u003Ctd width=\u002286\u0022\u003E\t\t\t\u003Cp\u003ETrimestre\u003C\/p\u003E\t\t\t\u003C\/td\u003E\t\t\t\u003Ctd width=\u002255\u0022\u003E\t\t\t\u003Cp\u003EMois\u003C\/p\u003E\t\t\t\u003C\/td\u003E\t\t\t\u003Ctd width=\u002274\u0022\u003E\t\t\t\u003Cp\u003EQuinzaine\u003C\/p\u003E\t\t\t\u003C\/td\u003E\t\t\t\u003Ctd width=\u002274\u0022\u003E\t\t\t\u003Cp\u003ESemaine\u003C\/p\u003E\t\t\t\u003C\/td\u003E\t\t\t\u003Ctd width=\u002274\u0022\u003E\t\t\t\u003Cp\u003EJour\u003C\/p\u003E\t\t\t\u003C\/td\u003E\t\t\t\u003Ctd width=\u0022110\u0022\u003E\t\t\t\u003Cp\u003EHeure*\u003C\/p\u003E\t\t\t\u003C\/td\u003E\t\t\u003C\/tr\u003E\t\t\u003Ctr\u003E\t\t\t\u003Ctd width=\u0022121\u0022\u003E\t\t\t\u003Cp\u003E47 100 \u20ac\u003C\/p\u003E\t\t\t\u003C\/td\u003E\t\t\t\u003Ctd width=\u002286\u0022\u003E\t\t\t\u003Cp\u003E11 775 \u20ac\u003C\/p\u003E\t\t\t\u003C\/td\u003E\t\t\t\u003Ctd width=\u002255\u0022\u003E\t\t\t\u003Cp\u003E3\u0026nbsp;925\u0026nbsp; \u20ac\u003C\/p\u003E\t\t\t\u003C\/td\u003E\t\t\t\u003Ctd width=\u002274\u0022\u003E\t\t\t\u003Cp\u003E1\u0026nbsp;963\u0026nbsp;\u20ac\u003C\/p\u003E\t\t\t\u003C\/td\u003E\t\t\t\u003Ctd width=\u002274\u0022\u003E\t\t\t\u003Cp\u003E906 \u20ac\u003C\/p\u003E\t\t\t\u003C\/td\u003E\t\t\t\u003Ctd width=\u002274\u0022\u003E\t\t\t\u003Cp\u003E216\u0026nbsp;\u20ac\u003C\/p\u003E\t\t\t\u003C\/td\u003E\t\t\t\u003Ctd width=\u0022110\u0022\u003E\t\t\t\u003Cp\u003E29 \u20ac\u003C\/p\u003E\t\t\t\u003C\/td\u003E\t\t\u003C\/tr\u003E\t\u003C\/tbody\u003E\u003C\/table\u003E\u003Cp\u003E* pour une dur\u00e9e de travail inf\u00e9rieure \u00e0 5 heures\u003C\/p\u003E\u003Cp\u003EPour information :\u003C\/p\u003E\u003Cul\u003E\t\u003Cli\u003ELa valeur horaire est \u00e9gale \u00e0 la valeur mensuelle multipli\u00e9e par 12 et divis\u00e9e par le nombre d\u0027heures annuelles de travail fix\u00e9 \u00e0 l\u2019article \u003Ca href=\u0022Article L3121-41\u0022 rel=\u0022noopener\u0022 target=\u0022_blank\u0022\u003EL 3122-41 du Code du Travail\u003C\/a\u003E (1 607 heures)\u003C\/li\u003E\t\u003Cli\u003ELa valeur journali\u00e8re est \u00e9gale \u00e0 la valeur mensuelle multipli\u00e9e par 12 et divis\u00e9e par le nombre de jours travaill\u00e9s dans l\u0027ann\u00e9e fix\u00e9 au \u003Ca href=\u0022https:\/\/www.legifrance.gouv.fr\/codes\/article_lc\/LEGIARTI000036262805\u0022 rel=\u0022noopener\u0022 target=\u0022_blank\u0022\u003E3\u00b0 du I de l\u0027article L. 3121-64 du Code du Travail \u003C\/a\u003E(dans la limite de 218 jours)\u003C\/li\u003E\t\u003Cli\u003ELa valeur hebdomadaire est \u00e9gale \u00e0 la valeur mensuelle multipli\u00e9e par 12 et divis\u00e9e par 52\u003C\/li\u003E\t\u003Cli\u003ELa valeur par quinzaine est \u00e9gale \u00e0 la valeur mensuelle divis\u00e9e par 2\u003C\/li\u003E\t\u003Cli\u003ELa valeur trimestrielle est \u00e9gale \u00e0 la valeur mensuelle multipli\u00e9e par 3\u003C\/li\u003E\t\u003Cli\u003ELa valeur annuelle est \u00e9gale \u00e0 la valeur mensuelle multipli\u00e9e par 1\u003C\/li\u003E\t\u003Cli\u003ELa valeur horaire du plafond de la s\u00e9curit\u00e9 sociale n\u2019est utilisable que dans les cas autoris\u00e9 notamment pour l\u2019exemption d\u2019assiette pour la gratification des stagiaires ou le calcul du plafond pour les artistes du spectacle engag\u00e9s pour des p\u00e9riodes continues inf\u00e9rieures \u00e0 5 jours.\u003C\/li\u003E\u003C\/ul\u003E\u003Cp\u003ELe plafond de la S\u00e9curit\u00e9 sociale est fix\u00e9 selon les modalit\u00e9s suivantes :\u003C\/p\u003E\u003Cp\u003ELa valeur mensuelle du plafond est fix\u00e9e, pour chaque ann\u00e9e civile, \u00e0 partir du plafond applicable au cours de l\u0027ann\u00e9e de r\u00e9f\u00e9rence, correspondant \u00e0 l\u0027ann\u00e9e ant\u00e9rieure.\u003C\/p\u003E\u003Cp\u003EElle tient compte :\u003C\/p\u003E\u003Cul\u003E\t\u003Cli\u003EDe l\u0027\u00e9volution moyenne estim\u00e9e des salaires de cette ann\u00e9e de r\u00e9f\u00e9rence pr\u00e9vue par le dernier rapport sur la situation et les perspectives \u00e9conomiques, sociales et financi\u00e8res de la nation annex\u00e9 au projet de loi de finances de l\u0027ann\u00e9e ;\u003C\/li\u003E\t\u003Cli\u003ELe cas \u00e9ch\u00e9ant, de la correction de l\u0027estimation de l\u0027\u00e9volution moyenne des salaires de l\u0027ann\u00e9e pr\u00e9c\u00e9dant l\u0027ann\u00e9e de r\u00e9f\u00e9rence figurant dans le dernier rapport sur la situation et les perspectives \u00e9conomiques, sociales et financi\u00e8res de la nation annex\u00e9 au projet de loi de finances de l\u0027ann\u00e9e ;\u003C\/li\u003E\u003C\/ul\u003E\u003Cp\u003ELorsque le r\u00e9sultat de ce calcul est inf\u00e9rieur \u00e0 la valeur du plafond en vigueur au cours de l\u0027ann\u00e9e de r\u00e9f\u00e9rence, cette derni\u00e8re est reconduite pour l\u0027ann\u00e9e civile.\u003C\/p\u003E\u003Cp\u003EEn cas de reconduction de la valeur du plafond, la valeur du plafond pour l\u0027ann\u00e9e civile suivante est d\u00e9termin\u00e9e en tenant compte de l\u0027\u00e9volution moyenne estim\u00e9e des salaires de l\u0027ann\u00e9e pr\u00e9c\u00e9dente, des \u00e9volutions moyennes des salaires des ann\u00e9es qui n\u0027ont pas \u00e9t\u00e9 prises en compte, ainsi que, le cas \u00e9ch\u00e9ant, de la correction de la derni\u00e8re \u00e9volution moyenne des salaires ayant permis une revalorisation de la valeur du plafond.\u003C\/p\u003E\u003Cp\u003ELorsque la valeur du plafond de l\u0027ann\u00e9e civile suivante est inf\u00e9rieure \u00e0 la valeur du plafond en vigueur au cours de l\u0027ann\u00e9e, cette derni\u00e8re est reconduite pour l\u0027ann\u00e9e civile suivante.\u003C\/p\u003E                                            \u003Cp\u003E\u003Cbr \/\u003E\u003Cstrong\u003ESource :\u003C\/strong\u003E\u003Cstrong\u003E\u00a0\u003C\/strong\u003E\u003C\/p\u003E\u003Cul\u003E\t\u003Cli\u003E\u003Ca href=\u0022https:\/\/www.legifrance.gouv.fr\/jorf\/id\/JORFTEXT000043868444\u0022 target=\u0022_blank\u0022\u003ED\u00e9cret no 2021-989 du 27 juillet relatif aux modalit\u00e9s de fixation du plafond de s\u00e9curit\u00e9 sociale\u003C\/a\u003E\u003C\/li\u003E\t\u003Cli\u003E\u003Ca href=\u0022https:\/\/www.legifrance.gouv.fr\/jorf\/id\/JORFTEXT000050854392\u0022 rel=\u0022noopener\u0022 target=\u0022_blank\u0022\u003EArr\u00eat\u00e9 du 19 d\u00e9cembre 2024 portant fixation du plafond de la s\u00e9curit\u00e9 sociale pour 2025\u003C\/a\u003E\u003C\/li\u003E\u003C\/ul\u003E\u003C\/div\u003E","annee":"2025","theme":" Indices, taux, bar\u00e8mes sociaux","activites":["Tout secteur"],"image":"https:\/\/www.weblex.fr\/sites\/default\/files\/chiffres_clef\/Shutterstock_tauxplafondsecuritesociale.jpg","created":"2025-01-01","modified":"2025-01-28"}]}}